{"id":32440,"date":"2025-04-13T12:00:16","date_gmt":"2025-04-13T10:00:16","guid":{"rendered":"https:\/\/www.jazzzeitung.de\/cms\/?p=32440"},"modified":"2025-04-09T19:40:42","modified_gmt":"2025-04-09T17:40:42","slug":"die-eingeschmolzene-jazz-radiowoche-vom-14-04-2025-bis-20-04-2025","status":"publish","type":"post","link":"https:\/\/www.jazzzeitung.de\/cms\/2025\/04\/die-eingeschmolzene-jazz-radiowoche-vom-14-04-2025-bis-20-04-2025\/","title":{"rendered":"Die eingeschmolzene Jazz-Radiowoche vom 14.04.2025 bis 20.04.2025"},"content":{"rendered":"<p class=\"western\">Die \u00dcbersicht zum <span style=\"color: #0563c1;\"><u><a href=\"https:\/\/service.conbrio.de\/service\/download\/278\/\" name=\"Download des PDF\">Download als PDF<\/a><\/u><\/span><span style=\"text-decoration: line-through;\">.<\/span> Alle Angaben ohne Gew\u00e4hr. Erg\u00e4nzt mit den tollen Sendungen zur Neuen Musik von BR-KLASSIK und \u00d61.<\/p>\n<p class=\"western\">Leider hat die ARD ihre Suchmaschine in Fragen Radio in der Zwischenzeit komplett geschreddert, nachdem sie in den vergangenen Jahren schon nicht mehr \u00fcber Schlagworte funktioniert hat. Damit sind wir nun komplett auf Zulieferungen der Sendeanstalten angewiesen. Aktuell bekommen wir Informationen von SWR Kultur, \u00d61 und in Sachen Neue Musik von BR-KLASSIK und ebenfalls \u00d61.<\/p>\n<h2 class=\"western\"><a name=\"__RefHeading___Toc532_2049876245\"><\/a><a name=\"_Toc183595478\"><\/a><a name=\"_Toc184290543\"><\/a><a name=\"_Toc185409041\"><\/a><a name=\"_Toc186792938\"><\/a><a name=\"_Toc187143015\"><\/a><a name=\"_Toc188530705\"><\/a><a name=\"_Toc188957623\"><\/a><a name=\"_Toc189813526\"><\/a><a name=\"_Toc189815284\"><\/a><a name=\"_Toc190257440\"><\/a><a name=\"_Toc174527976\"><\/a><a name=\"_Toc175140589\"><\/a><a name=\"_Toc176424572\"><\/a> Senderliste:<\/h2>\n<ul>\n<li><span style=\"color: #0563c1;\"><u><a href=\"https:\/\/oe1.orf.at\/\" name=\"Link zum ORF\">ORF \u2013 \u00d61<\/a><\/u><\/span><\/li>\n<li><span style=\"color: #0563c1;\"><u><a href=\"https:\/\/www.deutschlandradio.de\/\" name=\"Link zum Deutschlandfunk\">Deutschlandfunk<\/a><\/u><\/span> \u2013 \u201eFakten und mehr\u201c<\/li>\n<li><span style=\"color: #0563c1;\"><u><a href=\"https:\/\/www.deutschlandfunkkultur.de\/\" name=\"Link zu Deutschlandfunk Kultur\">Deutschlandfunk-Kultur<\/a><\/u><\/span> \u2013 \u201eDas Feuilleton im Radio\u201c<\/li>\n<li><span style=\"color: #0563c1;\"><u><a href=\"https:\/\/www.ndr.de\/ndrkultur\/\" name=\"Link zu ndr kultur\">ndr Kultur<\/a><\/u><\/span> \u2013 H\u00f6ren und genie\u00dfen<\/li>\n<li><span style=\"color: #0563c1;\"><u><a href=\"https:\/\/www.ndr.de\/ndrblue\/index.html\" name=\"Link zu ndr blue\"><span lang=\"en-US\">ndr blue<\/span><\/a><\/u><\/span><span lang=\"en-US\"> \u2013 Meet The Music<\/span><\/li>\n<li><span style=\"color: #0563c1;\"><u><a href=\"https:\/\/www.bremenzwei.de\/\" name=\"Link zu Radio Bremen\">radio bremen<\/a><\/u><\/span> \u2013 Neugier lohnt sich.<\/li>\n<li><span style=\"color: #0563c1;\"><u><a href=\"https:\/\/www.radiodrei.de\/\" name=\"Link zu Radio 3 von Berlin\">Radio 3<\/a><\/u><\/span> \u2013<\/li>\n<li><span style=\"color: #0563c1;\"><u><a href=\"https:\/\/www.mdr.de\/kultur\/radio\/index.html\" name=\"Link zu medr-kultur\">mdr-kultur<\/a><\/u><\/span> \u2013 Das Radio.<\/li>\n<li><a href=\"https:\/\/www1.wdr.de\/radio\/wdr3\/\" name=\"Link zu WDR3\"><span style=\"color: #0563c1;\"><u>W<\/u><\/span><span style=\"color: #0563c1;\"><u>DR<\/u><\/span><span style=\"color: #0563c1;\"><u>3<\/u><\/span><\/a> \u2013 Das Kulturradio<\/li>\n<li><span style=\"color: #0563c1;\"><u><a href=\"https:\/\/www.hr2.de\/index.html\" name=\"Link zu hr2-kultur\">hr2-kultur<\/a><\/u><\/span> \u2013 Das Kulturradio f\u00fcr Hessen.<\/li>\n<li><a href=\"https:\/\/www.sr.de\/sr\/sr2\/index.html\" name=\"Link zu SR2-Kulturradio\"><span style=\"color: #0563c1;\"><u>S<\/u><\/span><span style=\"color: #0563c1;\"><u>R<\/u><\/span><span style=\"color: #0563c1;\"><u>2 Kulturradio<\/u><\/span><\/a> \u2013 \u2026 gut zu h\u00f6ren.<\/li>\n<li><a href=\"https:\/\/www.swr.de\/swr2\/\" name=\"Link zu SWR Kuultur\"><span style=\"color: #0563c1;\"><u>S<\/u><\/span><span style=\"color: #0563c1;\"><u>WR<\/u><\/span><u> <\/u><\/a><span style=\"color: #0563c1;\"><u>kultur<\/u><\/span> \u2013 Kultur neu entdecken<\/li>\n<li><span style=\"color: #0563c1;\"><u><a href=\"https:\/\/www.br.de\/radio\/br-klassik\/index.html\" name=\"Link zu BR-Klassik\">BR-KLASSIK<\/a><\/u><\/span> \u2013 Klassikstars geben auf BR-KLASSIK den Ton an. Attraktive Magazine bringen Interviews und Neuigkeiten aus dem Musikleben.<\/li>\n<li><span style=\"color: #0563c1;\"><u><a href=\"https:\/\/www.br.de\/radio\/bayern2\/index.html\" name=\"Link zu Bayern2\">Bayern 2<\/a><\/u><\/span> \u2013 Preisgekr\u00f6ntes Radio f\u00fcr H\u00f6rer, die mehr wissen wollen<\/li>\n<\/ul>\n<h2 class=\"western\"><a name=\"__RefHeading___Toc534_2049876245\"><\/a><a name=\"_Toc175140590\"><\/a><a name=\"_Toc176424573\"><\/a><a name=\"_Toc183595479\"><\/a><a name=\"_Toc184290544\"><\/a><a name=\"_Toc185409042\"><\/a><a name=\"_Toc186792939\"><\/a><a name=\"_Toc187143016\"><\/a><a name=\"_Toc188530706\"><\/a><a name=\"_Toc188957624\"><\/a><a name=\"_Toc189813527\"><\/a><a name=\"_Toc189815285\"><\/a><a name=\"_Toc190257441\"><\/a> Internet:<\/h2>\n<ul>\n<li>Schweden: <span style=\"color: #0563c1;\"><u><a href=\"https:\/\/sverigesradio.se\/tabla.aspx?programid=2562\" name=\"Link zu Schwedens Radio P&quot;\">P2<\/a><\/u><\/span> sendet immer Dienstags von 21:00 bis 22:00 und Sonntags von 18:40 bis 20:00 ein Jazzkonzert<\/li>\n<li>Ungarn: <span style=\"color: #0563c1;\"><u><a href=\"https:\/\/mediaklikk.hu\/bartok\/\" name=\"Link zu Bart\u00f3k-Radio\">Bartok Radio<\/a><\/u><\/span> sendet t\u00e4glich von 23:00 bis 23:55 eine Jazzsendung<\/li>\n<\/ul>\n<p class=\"western\">\n<hr \/>\n<h2 class=\"western\"><a name=\"__RefHeading___Toc4113_1578585775\"><\/a> mo &#8211; 14.04.2025<\/h2>\n<hr \/>\n<p class=\"western\">17:30:00 +++ \u00d61<br \/>\n<b>Musik aus allen Richtungen mit Astrid Schwarz und Rainer Elstner.<\/b><\/p>\n<p class=\"western\">19:30:00 +++ \u00d61<br \/>\n<b>Duo Sonoma alias Sara und Mira Gregoric im J\u00e4nner 2025 im RadioKulturhaus in Wien<\/b><\/p>\n<p class=\"western\" style=\"padding-left: 40px;\">Aus K\u00e4rnten stammt das ebenso formidable wie unorthodoxe Duo Sonoma, das 2021 mit seinem CD- Deb\u00fct \u201eI\u201c (\u201eEins\u201c) \u00fcberraschte. Der Inhalt: Stilistisch entgrenzte, expressiv-phantasievolle Klanggedanken von Violine und Gitarre, kompositorisch klar und bewusst gesetzt, jede Note mit Bedeutung aufladend, dabei reich an originellen Ideen.<\/p>\n<p class=\"western\" style=\"padding-left: 40px;\">Dahinter stehen Gitarristin Sara Gregoric und Violinistin Mira Gregoric, 32 bzw. 30 Jahre jung. Die Schwestern haben schon im Volksschulalter begonnen, gemeinsam Musik zu machen, oft auch zu dritt mit Vater Janez Gregoric, seinerseits bekannter klassischer Gitarrist und P\u00e4dagoge.<\/p>\n<p class=\"western\" style=\"padding-left: 40px;\">Sp\u00e4ter studierten Sara und Mira Gregoric an der Musikuniversit\u00e4t Wien, Mira zudem Jazzvioline bei Andreas Schreiber an der Anton-Bruckner-Privatuniversit\u00e4t in Linz. Die Musik des Duos Sonoma speist sich neben den genannten Quellen auch aus Einfl\u00fcssen von Seiten der K\u00e4rntner Volksmusik \u2013 wie auch auf dem 2024 erschienenen Album-Nachfolger \u201eII\u201c (\u201eZwei\u201c) nachzuh\u00f6ren ist.<\/p>\n<p class=\"western\" style=\"padding-left: 40px;\">Im Mai 2022 war das Duo im Rahmen der Reihe \u201e5 Millionen Pesos\u201c f\u00fcr jungen Jazz im Wiener RadioCafe zu Gast. Gut zweieinhalb Jahre sp\u00e4ter, am 23. J\u00e4nner 2025, f\u00fcllten Sara und Mira Gregoric bereits das Studio 3 im RadioKulturhaus in Wien und hinterlie\u00dfen ein ob der sympathisch eigenwilligen kammermusikalischen Kl\u00e4nge begl\u00fccktes Publikum.<\/p>\n<p class=\"western\">22:03 \u2013 22:00 UHR +++ SWR KULTUR<br \/>\n<b>ARD Jazz. Spotlight: Boss Tenor \u2013 Gene Ammons zum 100. Geburtstag<\/b><\/p>\n<p class=\"western\" style=\"padding-left: 40px;\">Von Odilo Clausnitzer. Eine Person? Ein Thema? Oder doch ein Konzert? Montags gehen wir in die Tiefe und werfen ein Schlaglicht auf Musik und Musikschaffende aus der internationalen und nationalen Jazzszene. Erleben Sie Portr\u00e4ts von au\u00dfergew\u00f6hnlichen K\u00fcnstler*innen oder fantastische Konzertaufnahmen. Abwechselnd tragen alle unsere Sender dazu bei &#8211; mit eigener Handschrift und eigenem Fokus. Denn wir alle finden: Jazz geh\u00f6rt ins Spotlight.<\/p>\n<p class=\"western\">23:03:00 +++ \u00d61<br \/>\n<b>Komposition vermitteln \u2013 Julia Purgina als Kompositionsprofessorin Portr\u00e4t<\/b><\/p>\n<p class=\"western\" style=\"padding-left: 40px;\">Wie vermittelt man die Kunst des Komponierens? Wir widmen uns in einem Schwerpunkt einer Zunft im Umbruch.<\/p>\n<p class=\"western\" style=\"padding-left: 40px;\">Als studierte Bratschistin und Komponistin kann Julia Purgina auf langj\u00e4hrige Erfahrung im Orchestermusikbereich verweisen, als Interpretin und Komponistin. Gemeinsam mit Komponist und Autor Roland Freisitzer leitete sie bis 2016 das Ensemble Reconsil und war Gr\u00fcndungsmitglied der Komponist*innen-Interpret*innengruppe Ensemble Lux. Zuletzt spielte sie bei Studio Dan und gelegentlich im Klangforum Wien. Sie schreibt Orchesterwerke, Kammeropern und Chorst\u00fccke f\u00fcr renommierte Ensembles im In- und Ausland und sie war Studiengangsleiterin f\u00fcr Saiteninstrumente an der Musik und Kunst Privatuniversit\u00e4t der Stadt Wien und unterrichtete dort auch musiktheoretische F\u00e4cher. Im Jahr 2022 wurde Purgina als Vizerektorin f\u00fcr Kunst und Lehre an die Anton Bruckner Privatuniversit\u00e4t berufen und seit 2024 ist sie nun ordentliche Professorin f\u00fcr Komposition am Institut f\u00fcr Kompositionsstudien, Ton- und Musikproduktion der Universit\u00e4t f\u00fcr Musik und darstellende Kunst Wien.<\/p>\n<p class=\"western\" style=\"padding-left: 40px;\">Wir besuchen sie an ihrem Arbeitsplatz und schauen uns an, wie Komposition heutzutage vermittelt wird und was die Studierenden antreibt, sich f\u00fcr dieses vermeintlich exotische Fach zu qualifizieren.<\/p>\n<p class=\"western\" style=\"padding-left: 40px;\">Welche Leitbilder haben in einer Epoche Geltung, die von der gleichzeitigen Verf\u00fcgbarkeit stilistischer Schulen und Traditionen gepr\u00e4gt ist? Ist historisch fundiertes, solides Handwerk wichtiger oder ein kreativer Umgang mit den allerneuesten Klangwelten? Wir portr\u00e4tieren KompositionsprofessorInnen zu einer Zeit des Generationenwechsels und von Weichenstellungen im Lehrplan an \u00d6sterreichs Musikuniversit\u00e4ten.\u00a0 Gestaltung: Astrid Schwarz<\/p>\n<hr \/>\n<h2 class=\"western\"><a name=\"__RefHeading___Toc4115_1578585775\"><\/a>di &#8211; 15.04.2025<\/h2>\n<hr \/>\n<p class=\"western\">17:30:00 +++ \u00d61<br \/>\n<b>Musik aus allen Richtungen.<\/b><\/p>\n<p class=\"western\">21:00 \u2013 22:00 UHR +++ SWR KULTUR<br \/>\n<b>JetztMusik: Devin Gray&#8217;s Melt All the Guns beim Jazzfest Berlin 2024<\/b><\/p>\n<p class=\"western\" style=\"padding-left: 40px;\">Von Odilo Clausnitzer. Die Musik von Devin Grays Trio Melt All the Guns verzichtet auf ein Bass-Fundament, aber nicht auf die Verankerung in festgelegten Strukturen. Die Kompositionen des New Yorker Schlagzeugers stecken voller ausgefeilter Rhythmen und atmosph\u00e4rischer Szenenwechsel, von lyrisch bis explosiv. Im hellwachen Zusammenspiel der Band werden diese Vorlagen bis an den Rand der freien Improvisation gedehnt. In der aktuellen, im Club A Trane pr\u00e4sentierten Besetzung spielen der renommierte amerikanische Trompeter Ralph Alessi und die junge, franz\u00f6sische Pianistin Myslaure Augustin \u2013 eine Entdeckung.<\/p>\n<p class=\"western\">23:03:00 +++ \u00d61<br \/>\n<b>Neuerscheinungen und andere Entdeckungen \u2013 Aktuelle Aufnahmen zeitgen\u00f6ssischer Musik <\/b><\/p>\n<p class=\"western\" style=\"padding-left: 40px;\">Auch an diesem Dienstag pr\u00e4sentieren wir Ihnen wieder Neuerscheinungen und andere Entdeckungen aus dem Feld der neuen und experimentellen Musik. Gestaltung: Susanna Niedermayr<\/p>\n<hr \/>\n<h2 class=\"western\"><a name=\"__RefHeading___Toc4117_1578585775\"><\/a>mi 16.04.2025<\/h2>\n<hr \/>\n<p class=\"western\">17:30:00 +++ \u00d61<br \/>\n<b>Musik aus allen Richtungen mit Ulla Pilz und Michael Neuhauser.<\/b><\/p>\n<p class=\"western\">22:03 \u2013 23:00 UHR +++ SWR KULTUR<br \/>\n<b>ARD Jazz. Das Magazin<\/b><\/p>\n<p class=\"western\" style=\"padding-left: 40px;\">Von Anja Buchmann. Das w\u00f6chentliche Jazz-Update, pr\u00e4sentiert von Eurer ARD: au\u00dfergew\u00f6hnliche Ver\u00f6ffentlichungen, relevante Ereignisse und aktuelle Debatten. Wir diskutieren Jazz in allen seinen Facetten und suchen auch deutschlandweit die Orte auf, an denen er zu Hause ist. Nicht verpassen.<\/p>\n<hr \/>\n<h2 class=\"western\"><a name=\"__RefHeading___Toc4119_1578585775\"><\/a>do &#8211; 17.04.2025<\/h2>\n<hr \/>\n<p class=\"western\">17:30:00 +++ \u00d61<br \/>\n<b>Musik aus allen Richtungen mit Andreas Felber.<\/b><\/p>\n<p class=\"western\">22:03 \u2013 23:00 UHR +++ SWR KULTUR<br \/>\n<b>Jazz and More<\/b><\/p>\n<p class=\"western\" style=\"padding-left: 40px;\">Von Karmen Mikovic. Ja was haben wir denn da?! Neue Alben aus dem Jazz und seinen Randgebieten. Ob Blues, Neo-Klassik, Global-Pop oder freie Improvisation &#8211; hier darf alles mitmischen.<\/p>\n<p class=\"western\">23:03 bis 00:00 Uhr +++ BR-KLASSIK<br \/>\n<b>Horizonte: Faszination Neue Musik<\/b><\/p>\n<p class=\"western\" style=\"padding-left: 40px;\">Finnland und Estland haben eine Menge gemeinsam, sagt der Dirigent Nils Schweckendiek. Die karge Landschaft. Die K\u00e4lte und die Dunkelheit im Winter. Und viel Zeit, um den Dingen nachzusp\u00fcren. Vielleicht ist ihm und seinem finnischen Chor, dem Helsinki Chamber Choir, ja nicht zuletzt deshalb eine ma\u00dfstabsetzende Aufnahme der \u201eJohannes-Passion\u201c des Esten Arvo P\u00e4rt gelungen. 2021 wurde sie mit dem Preis der deutschen Schallplattenkritik ausgezeichnet; die Jury zeigte sich \u201e\u00fcberw\u00e4ltigt durch ihre Intensit\u00e4t, ihre innere Ruhe und ihr Timing\u201c. Arvo P\u00e4rt hat seine \u201ePassio\u201c 1982 komponiert, auf dem H\u00f6hepunkt seiner \u201eTintinnabuli\u201c-Phase, die mit sp\u00e4rlichen Mitteln gro\u00dfe Wirkung erzielt. Die Vertonung der Leidensgeschichte Jesu wirkt meditativ &#8211; und ist doch bis ins letzte Detail durchkonstruiert, wie ein Uhrwerk, das, einmal aufgezogen, seinem vorbestimmten Gang folgt. Ein Werk, das beim Singen wie beim H\u00f6ren h\u00f6chste Konzentration verlangt, sagt Nils Schweckendiek. Aber gerade deshalb geht P\u00e4rts \u201ePassio\u201c so unter die Haut. In der Reihe \u201eFaszination Neue Musik\u201c stellt BR-KLASSIK eine der bedeutendsten Passionsvertonungen des 20. Jahrhunderts vor. Eine Sendung von Nils\u00a0Schweckendiek und Thorsten Preu\u00df<\/p>\n<figure id=\"attachment_32441\" aria-describedby=\"caption-attachment-32441\" style=\"width: 840px\" class=\"wp-caption aligncenter\"><a href=\"https:\/\/i0.wp.com\/www.jazzzeitung.de\/cms\/wp-content\/uploads\/2025\/04\/regenbogen_wetter.jpg?ssl=1\"><img data-recalc-dims=\"1\" loading=\"lazy\" decoding=\"async\" data-attachment-id=\"32441\" data-permalink=\"https:\/\/www.jazzzeitung.de\/cms\/2025\/04\/die-eingeschmolzene-jazz-radiowoche-vom-14-04-2025-bis-20-04-2025\/regenbogen_wetter\/\" data-orig-file=\"https:\/\/i0.wp.com\/www.jazzzeitung.de\/cms\/wp-content\/uploads\/2025\/04\/regenbogen_wetter.jpg?fit=1440%2C809&amp;ssl=1\" data-orig-size=\"1440,809\" data-comments-opened=\"1\" data-image-meta=\"{&quot;aperture&quot;:&quot;0&quot;,&quot;credit&quot;:&quot;&quot;,&quot;camera&quot;:&quot;&quot;,&quot;caption&quot;:&quot;&quot;,&quot;created_timestamp&quot;:&quot;0&quot;,&quot;copyright&quot;:&quot;&quot;,&quot;focal_length&quot;:&quot;0&quot;,&quot;iso&quot;:&quot;0&quot;,&quot;shutter_speed&quot;:&quot;0&quot;,&quot;title&quot;:&quot;&quot;,&quot;orientation&quot;:&quot;0&quot;}\" data-image-title=\"Das Wetter. Foto: Hufner\" data-image-description=\"&lt;p&gt;Das Wetter. Foto: Hufner&lt;\/p&gt;\n\" data-image-caption=\"&lt;p&gt;Das Wetter. Foto: Hufner&lt;\/p&gt;\n\" data-large-file=\"https:\/\/i0.wp.com\/www.jazzzeitung.de\/cms\/wp-content\/uploads\/2025\/04\/regenbogen_wetter.jpg?fit=840%2C472&amp;ssl=1\" class=\"size-large wp-image-32441\" src=\"https:\/\/i0.wp.com\/www.jazzzeitung.de\/cms\/wp-content\/uploads\/2025\/04\/regenbogen_wetter.jpg?resize=840%2C472&#038;ssl=1\" alt=\"Das Wetter. Foto: Hufner\" width=\"840\" height=\"472\" srcset=\"https:\/\/i0.wp.com\/www.jazzzeitung.de\/cms\/wp-content\/uploads\/2025\/04\/regenbogen_wetter.jpg?resize=900%2C506&amp;ssl=1 900w, https:\/\/i0.wp.com\/www.jazzzeitung.de\/cms\/wp-content\/uploads\/2025\/04\/regenbogen_wetter.jpg?resize=300%2C169&amp;ssl=1 300w, https:\/\/i0.wp.com\/www.jazzzeitung.de\/cms\/wp-content\/uploads\/2025\/04\/regenbogen_wetter.jpg?resize=768%2C431&amp;ssl=1 768w, https:\/\/i0.wp.com\/www.jazzzeitung.de\/cms\/wp-content\/uploads\/2025\/04\/regenbogen_wetter.jpg?resize=1320%2C742&amp;ssl=1 1320w, https:\/\/i0.wp.com\/www.jazzzeitung.de\/cms\/wp-content\/uploads\/2025\/04\/regenbogen_wetter.jpg?w=1440&amp;ssl=1 1440w\" sizes=\"auto, (max-width: 840px) 100vw, 840px\" \/><\/a><figcaption id=\"caption-attachment-32441\" class=\"wp-caption-text\">Das Wetter. Foto: Hufner<\/figcaption><\/figure>\n<hr \/>\n<h2 class=\"western\"><a name=\"__RefHeading___Toc4121_1578585775\"><\/a>fr &#8211; 18.04.2025<\/h2>\n<hr \/>\n<p class=\"western\">14:05:00 +++ \u00d61<br \/>\n<b>Mahalia Jackson 1967 live im Lincoln Center, New York City<\/b><\/p>\n<p class=\"western\" style=\"padding-left: 40px;\">Mahalia Jackson war im Jahr 1967 gesundheitlich schon ziemlich angeschlagen, aber ihre Stimme und ihre Pr\u00e4senz erwiesen sich noch immer als \u00e4u\u00dferst machtvoll. Oder, passend zum Datum, als \u00fcberirdisch: Am 26. M\u00e4rz 1967, einem Ostersonntag, trat Mahalia Jackson im New Yorker Lincoln Center for the Performing Arts auf. Es war ihr erstes gro\u00dfes Konzert nach drei Jahren des teilweisen R\u00fcckzugs, nachdem bei ihr ernsthafte Herzprobleme, verbunden mit tempor\u00e4rer Kurzatmigkeit, festgestellt worden waren. Begleitet von einem Quartett, bestehend aus Klavier, Orgel, Gitarre und Schlagzeug, konzentrierte sich die K\u00f6nigin des Gospel-Songs vor allem auf langsame und mittelschnelle Nummern wie \u201eAn Evening Prayer\u201c oder \u201eHe Will Remember Me\u201c. Die damals 55-J\u00e4hrige lieferte eine souver\u00e4ne Performance, welche auch in (f\u00fcr die damalige Zeit) sehr ansprechender Tonqualit\u00e4t aufgezeichnet wurde.<\/p>\n<p class=\"western\">17:30:00 +++ \u00d61<br \/>\n<b>Musik aus allen Richtungen mit Johann Kneihs.<\/b><\/p>\n<p class=\"western\">19:05 bis 20:00 Uhr +++ BR-KLASSIK<br \/>\n<b>KlassikPlus \u2013 Musikfeature: Klingende G\u00e4rten<\/b><\/p>\n<p class=\"western\" style=\"padding-left: 40px;\">G\u00e4rten sind Sehnsuchtsorte, in denen der Mensch nach der verlorenen Einheit mit der Natur sucht. Urbild und Vorbild eines jeden Gartens ist der biblische Garten Eden, der harmonische Idealzustand von Mensch und Natur. In seinem Oratorium \u201eDie Sch\u00f6pfung\u201c hat Joseph Haydn den Garten Eden musikalisch gestaltet und damit beim Publikum einen sensationellen Erfolg erzielt. Auch die sagenhaften H\u00e4ngenden G\u00e4rten von Babylon oder die maurischen G\u00e4rten der Alhambra inspirierten und motivierten Komponisten dazu, ihre besondere Atmosph\u00e4re in Musik zu \u00fcbertragen. BR-KLASSIK widmet sich in dieser \u201eKlassikPlus\u201c-Sendung diesen musikalischen G\u00e4rten. Eine Sendung von Robert Jungwirth<\/p>\n<p class=\"western\">23:03:00 +++ \u00d61<br \/>\n<b>Die vielgestaltige Musik von Jorge Sanchez-Chiong \u2013 Jorge Sanchez-Chiong im Zeit-Ton Portrait <\/b><\/p>\n<p class=\"western\" style=\"padding-left: 40px;\">Wir portr\u00e4tieren in dieser und den beiden kommenden Wochen Kompositionsprofessor:innen zu einer Zeit des Generationenwechsels und von Weichenstellungen im Lehrplan an \u00d6sterreichs Musikuniversit\u00e4ten. Welche Leitbilder haben in einer Epoche Geltung, die von der gleichzeitigen Verf\u00fcgbarkeit stilistischer Schulen und Traditionen gepr\u00e4gt ist? Ist historisch fundiertes, solides Handwerk wichtiger oder ein kreativer Umgang mit den allerneuesten Klangwelten? \u201eKomponist:innenkarrieren sind kaum noch ohne das Wissen um die Wechselwirkung von Musik, Medien und ihren Technologien m\u00f6glich\u201c, so ein Text zum Studienzweig \u201eMedienkomposition &amp; Angewandte Musik\u201c\u00a0der mdw, der Universit\u00e4t f\u00fcr Musik und darstellende Kunst Wien. Mit Jorge Sanchez-Chiong hat die mdw seit 2022 einen Professor, der sowohl Komponist als auch Elektronikmusiker und Turntablist ist, und viel im interdisziplin\u00e4ren Bereich arbeitet, etwa gemeinsam mit der Choreographin und Performerin Brigitte Wilfing. Seine reiche Erfahrung teilte Sanchez-Chiong bereits als Gastprofessor an der Z\u00fcricher Hochschule der K\u00fcnste. Weiters ist er als Kompositionsdozent bei den Internationalen Sommerkursen f\u00fcr Neue Musik Darmstadt und Impuls Graz t\u00e4tig. Gestaltung: Susanna Niedermayr<\/p>\n<hr \/>\n<h2 class=\"western\"><a name=\"__RefHeading___Toc4123_1578585775\"><\/a>sa &#8211; 19.04.2025<\/h2>\n<hr \/>\n<p class=\"western\">14:05 bis 15:00 Uhr +++ BR-KLASSIK<br \/>\n<b>KlassikPlus \u2013 Musikfeature: Klingende G\u00e4rten<\/b><\/p>\n<p class=\"western\" style=\"padding-left: 40px;\">G\u00e4rten sind Sehnsuchtsorte, in denen der Mensch nach der verlorenen Einheit mit der Natur sucht. Urbild und Vorbild eines jeden Gartens ist der biblische Garten Eden, der harmonische Idealzustand von Mensch und Natur. In seinem Oratorium \u201eDie Sch\u00f6pfung\u201c hat Joseph Haydn den Garten Eden musikalisch gestaltet und damit beim Publikum einen sensationellen Erfolg erzielt. Auch die sagenhaften H\u00e4ngenden G\u00e4rten von Babylon oder die maurischen G\u00e4rten der Alhambra inspirierten und motivierten Komponisten dazu, ihre besondere Atmosph\u00e4re in Musik zu \u00fcbertragen. BR-KLASSIK widmet sich in dieser \u201eKlassikPlus\u201c-Sendung diesen musikalischen G\u00e4rten. Eine Sendung von Robert Jungwirth<\/p>\n<p class=\"western\">18:20 \u2013 19:00 UHR +++ SWR KULTUR<br \/>\n<b>Jazz: Homezone \u2013 Jazz in S\u00fcdwest. Schon sch\u00f6n in Mainz<\/b><\/p>\n<p class=\"western\" style=\"padding-left: 40px;\">Von Konrad Bott. Es ist eine der wenigen Spielst\u00e4tten f\u00fcr Jazz in Mainz \u2013 das \u201eSchon Sch\u00f6n\u201c an der gro\u00dfen Bleiche. Allerdings ist das \u201eSchon Sch\u00f6n\u201c ein Kulturclub, kein reiner Jazzclub. Wie der Jazz dort Einzug gehalten hat, wie er dort bestehen kann und wer dort so auftritt, das erfahren Sie in dieser Sendung.<\/p>\n<p class=\"western\">19:05 bis 20:00 Uhr +++ BR-KLASSIK<br \/>\n<b>Musik der Welt: \u201ePassion auf steilen Pfaden\u201c \u2013 Die Semana Santa in Lateinamerika<\/b><\/p>\n<p class=\"western\" style=\"padding-left: 40px;\">In Bolivien pilgern die Menschen in d\u00fcnner Luft und auf steilen Pfaden zu einer Wallfahrtskirche auf fast 4000 Metern H\u00f6he am Titicacasee. In Peru f\u00fchrt man Lamas bei Prozessionen durch die Stra\u00dfen. In der Kathedrale von Quito in Ecuador werden feierliche Messen zelebriert. Und im Hochland von Guatemala mischt sich christliches mit indigenem Brauchtum. Die Semana Santa, die Karwoche, ist eine intensive, spirituelle Zeit. Zum Teil aber auch eine Zeit, in der man nicht nur ein religi\u00f6ses, sondern bisweilen auch ein sehr weltliches Fest feiert. Viele der christlichen Traditionen sind zur Kolonialzeit mit den Spaniern nach Lateinamerika gekommen. So werden etwa in Ayacucho in Peru oder Popay\u00e1n in Kolumbien prunkvoll geschm\u00fcckte Christus- und Marienfiguren durch die Stra\u00dfen getragen, begleitet von feierlicher Marschmusik. BR-KLASSIK f\u00fchrt durch Musik und Brauchtum der Semana Santa von Guatemala \u00fcber Kolumbien und Ecuador bis ins Hochland von Peru und Bolivien. Eine Sendung von Florian Heurich<\/p>\n<p class=\"western\">22:10:00 +++ \u00d61<br \/>\n<b>Neuigkeiten aus der Welt des Jazz<\/b><\/p>\n<p class=\"western\" style=\"padding-left: 40px;\">Konzertempfehlungen f\u00fcr die kommende Woche, Buchbesprechungen, Kurznachrufe und aktuelle Meldungen.<\/p>\n<p class=\"western\">23:03:00 +++ \u00d61<br \/>\n<b>Pianist Danny Grissett zu Gast im Studio, das Dena DeRose Trio mit Conrad Herwig 2024 im Tube&#8217;s in Graz<\/b><\/p>\n<p class=\"western\" style=\"padding-left: 40px;\">Danny Grissett: Ein Name, der eng mit dem niederl\u00e4ndischen Plattenlabel Criss Cross Jazz verbunden ist, dessen Musik vorwiegend aus New York City kommt. Und in diesem Epizentrum des Modern Jazz residierte und wirkte viele Jahre lang ebendieser Danny Grissett. 1975 in Los Angeles geboren, war er w\u00e4hrend seiner Zeit im Big Apple in den Bands der Trompeter Tom Harrell und Nicholas Payton an den Tasten zu h\u00f6ren und hat unter eigenem Namen Alben mit namhaften Sidemen wie Schlagzeuger Bill Stewart und Saxofonist Walter Smith III eingespielt. Mittlerweile residiert Danny Grissett in Wien und unterrichtet an der Jam Music Lab-Privatuniversit\u00e4t. Sein neues Album \u201eTravelogue: Tales Of Three Cities\u201c mit Vicente Archer (Kontrabass) und Bill Stewart (Schlagzeug) ist eine musikalische Ode an die drei pr\u00e4genden St\u00e4dte im Leben des Danny Grissett. Am 6. Mai wird er diese Musik im Wiener Konzerthaus pr\u00e4sentieren \u2013 im Rahmen eines besonderen Konzerts, bei dem sein Trio durch das Mivos String Quartet sowie Horn, Fl\u00f6te und Oboe erg\u00e4nzt wird. Im Jazznacht-Studio erz\u00e4hlt Danny Grissett u. a. von den Unterschieden und Gemeinsamkeiten von Los Angeles, New York und Wien und wie man diese St\u00e4dte in Musik gie\u00dft, begleitet von Musik aus dem Album \u201eTravelogue\u201c.<\/p>\n<p class=\"western\" style=\"padding-left: 40px;\">Im Grazer Jazzclub Tube&#8217;s gab die ebenfalls aus den USA stammende S\u00e4ngerin und Pianistin Dena DeRose am 13. Dezember 2024 ein Konzert unter dem Motto \u201eDena DeRose and Friends\u201c: Mit dabei: die Trio-Partner Hrvoje Kral (Kontrabass) und Chris Smith (Schlagzeug) sowie der US-Posaunisten-Gast Conrad Herwig. Auf dem Programm standen handverlesene Kompositionen u. a. von Chick Corea, Jim Rotondi und Wayne Shorter. Ein swingender Konzertabend in gem\u00fctlicher Club-Atmosph\u00e4re mit einigen der fachkundigsten Musiker:innen aus dem Umfeld des Jazzinstituts der Kunstuniversit\u00e4t Graz, eingefangen vom ORF-Landesstudio Steiermark.<\/p>\n<hr \/>\n<h2 class=\"western\"><a name=\"__RefHeading___Toc4125_1578585775\"><\/a>so &#8211; 20.04.2025<\/h2>\n<hr \/>\n<p class=\"western\">00:05:00 +++ \u00d61<br \/>\n<b>(Fortsetzung); Pianist Danny Grissett zu Gast im Studio, das Dena DeRose Trio mit Conrad Herwig 2024 im Tube&#8217;s in Graz<\/b><\/p>\n<p class=\"western\">03:03:00 +++ \u00d61<br \/>\n<b>Mit klingenden Kulinarien in den Sonntag-Morgen<\/b><\/p>\n<p class=\"western\" style=\"padding-left: 40px;\">Klassiker und Fundst\u00fccke aus 100 Jahren Jazzgeschichte (Wiederholung).<\/p>\n<p class=\"western\">17:10:00 +++ \u00d61<br \/>\n<b>Verwirklichte Tr\u00e4ume: Zum 50. Todestag der Rundum-Ikone Josephine Baker<\/b><\/p>\n<p class=\"western\" style=\"padding-left: 40px;\">1925 erlebt Josephine Baker ihren internationalen Durchbruch in Paris, wo sie dann ein halbes Jahrhundert sp\u00e4ter, genauer gesagt im April 1975, auch starb. Es gibt im Jahr 2025 also gleich zwei Gr\u00fcnde, an die T\u00e4nzerin, S\u00e4ngerin und Schauspielerin aus Missouri zu erinnern. Besonders, weil \u201eLa Baker\u201c noch viel mehr war als das: Widerstandsk\u00e4mpferin, Spionin, B\u00fcrgerrechtlerin und seit 2021 die erste schwarze Frau, deren sterbliche \u00dcberreste im Pantheon ruhen.<\/p>\n<p class=\"western\" style=\"padding-left: 40px;\">Nach einer ihr gewidmeten Radiokolleg-Reihe in der Osterwoche r\u00fccken die Spielr\u00e4ume am Ostersonntag die S\u00e4ngerin Josephine Baker in den Mittelpunkt, mit Aufnahmen, die fast 50 Jahre umspannen, von fr\u00fchen Ausgrabungen bis zu Ausschnitten aus ihrem allerletzten Konzert vier Tage vor ihrem \u00fcberraschenden Tod, von lichtem Sopran zu nachdenklicher Reife, von ihren musikalischen Beitr\u00e4gen zur Filmgeschichte bis zu einem Ausflug ins \u00f6sterreichische Fach und immer wieder mit Chansons \u00fcber ihre Wahlheimat Paris.<\/p>\n<p class=\"western\">19:05:00 +++ \u00d61<br \/>\n<b>Das Nina Feldgrill Quartett im Studio 2 des RadioKulturhauses in Wien<\/b><\/p>\n<p class=\"western\" style=\"padding-left: 40px;\">Im Nina Feldgrill Quartett, gegr\u00fcndet von der gleichnamigen Wiener Bassistin und der iranischen S\u00e4ngerin Saba Robatjazy, treffen unterschiedliche musikalische Traditionen und Stile aufeinander.<\/p>\n<p class=\"western\" style=\"padding-left: 40px;\">Feldgrill, Gewinnern des \u00d61 Jazzstipendiums 2024, und Robatjazy, die aufgrund diverser Verbote ihrer musikalischen Leidenschaft in ihrem Heimatland nicht nachgehen konnte und deshalb nach Wien auswanderte, zeichnen auch f\u00fcr das Band-Repertoire verantwortlich, wobei sich ihre St\u00fccke in der Klang\u00e4sthetik erg\u00e4nzen: Die Songs sind getragen von Improvisation, elektronischen Elementen, Grooves, von Elementen aus Modern Jazz, traditioneller persischer Musik und Pop sowie bisweilen tr\u00e4umerischen Texten.<\/p>\n<p class=\"western\" style=\"padding-left: 40px;\">Mit dabei ist auch Pianist, Produzent und Sounddesigner Erik Asatrian, mit dem Saba Robatjazy bereits im Duo Exea zusammengearbeitet hat. Der in Wien lebende brasilianische Schlagzeuger Matheus Jardim, ein gefragter Sideman, der durch seine energetische Spielweise eine weitere charakteristische Facette in die Band einbringt, komplettiert das Quartett.<\/p>\n<p class=\"western\" style=\"padding-left: 40px;\">Die Aufnahmen im Studio 2 des Wiener Radiokulturhauses werden anl\u00e4sslich des \u00d61 Jazztags am 30. April auch auf dem \u00f6sterreichischen Label Quinton Records ver\u00f6ffentlicht.<\/p>\n<p class=\"western\">19:37 \u2013 20:00 UHR +++ SWR KULTUR<br \/>\n<b>Big Time Jazz. Jazz-Orchester, Big Band, Oktett \u2013 hier kommt Musik mit Vielen! <\/b><\/p>\n<p class=\"western\" style=\"padding-left: 40px;\">Im Big Time Jazz stellen wir f\u00fcr Sie interessante und sch\u00f6ne Kl\u00e4nge zusammen \u2013 von gro\u00dfen Ensembles aus dem Jazz und der improvisierten Musik. Wir bergen Archivaufnahmen und durchforsten Neuver\u00f6ffentlichungen f\u00fcr eine Zeit, die ganz den gro\u00dfen Kl\u00e4ngen geh\u00f6rt.<\/p>\n<p class=\"western\">22:03 \u2013 23:00 UHR +++ SWR KULTUR<br \/>\n<b>NOWJazz: Musica sacra \u2013 Experimentelle Kl\u00e4nge in Kirch.<\/b><\/p>\n<p class=\"western\" style=\"padding-left: 40px;\">Von Julia Neupert. Christliche Gottesh\u00e4user als Konzert- und Aufnahmeorte f\u00fcr freie Improvisation, Klangkunst, Free Jazz? Gar nicht mal so un\u00fcblich. Aus ganz unterschiedlichen Gr\u00fcnden \u2013 die selten mit einem pers\u00f6nlichen Glaubensbekenntnis zu tun haben \u2013 bespielen Musiker*innen Altarr\u00e4ume, Emporen oder Kreuzg\u00e4nge. Manche sch\u00e4tzen diese Orte schlicht wegen ihrer Akustik, andere kommen wegen der Orgeln, wieder andere finden hier spirituelle Inspiration. Ein musikalischer Osterspaziergang durch verschiedene Kirchen mit Maria Faust, Matthias M\u00fcller, Sten Sandell, Trondheim Voices &amp; Kit Downes und anderen.<\/p>\n<p class=\"western\">23:03:00 +++ \u00d61<br \/>\n<b>Gro\u00dfe Olga-Neuwirth-Personale in Frankreich \u2013 Das Festival Pr\u00e9sences w\u00fcrdigte die \u00f6sterreichische Komponistin mit zehn Konzerten.<\/b><\/p>\n<p class=\"western\" style=\"padding-left: 40px;\">Das Festival Pr\u00e9sences gilt als das zentrale Ereignis der zeitgen\u00f6ssischen Musik in Frankreich. Die 35. Ausgabe des Festivals, das von Radio France organisiert wird, stellte im Februar 2025 die \u00f6sterreichische Komponistin Olga Neuwirth in den Mittelpunkt des Programms im Pariser Funkhaus Maison de la Radio et de la Musique. In zehn Konzerten wurden neben den Werken von Neuwirth 30 Komponistinnen und Komponisten pr\u00e4sentiert, darunter viele (ehemalige) Studentinnen und Studenten Neuwirths.<\/p>\n<p class=\"western\" style=\"padding-left: 40px;\">Radio France gab f\u00fcr das Festival 24 Kompositionen in Auftrag und organisierte Diskussionsrunden sowie Vermittlungsangebote. Wir bringen in dieser Sendung ausgew\u00e4hlte Mitschnitte dieser Portr\u00e4t-Konzerte mit dem Radio France Philharmonic Orchestra und dem Orchestre National de France, zur Verf\u00fcgung gestellt von Radio France via EBU. Gestaltung: Marie-Therese Rudolph<\/p>\n<p class=\"western\">23:03 bis 00:00 Uhr +++ BR-KLASSIK<br \/>\n<b>Musik der Welt: Ostertraditionen und ihre Lieder<\/b><\/p>\n<p class=\"western\" style=\"padding-left: 40px;\">Dass in den USA am Ostersonntag ein \u201eEaster Bunny\u201c die Kinder begl\u00fcckt, ist den deutschen Auswanderern zu verdanken: In Pennsylvania wird das Langohr deswegen teilweise noch mit seinem Pf\u00e4lzer Namen \u201eOschter Haws\u201c benannt. Br\u00e4uche und Lieder um Ostern spiegeln wider, welcher Teil der Ostergeschichte die Menschen einer jeweiligen Kultur oder Region besonders ber\u00fchrt: In Frankreich, Italien und Spanien, auch in S\u00fcddeutschland steht die Karwoche im Zentrum der musikalischen Tradition; das Leiden wird viel \u00f6fter besungen als das eigentliche Fest der Auferstehung. In der Ostkirche dagegen ist das jubelnde \u201eChristos anesti\u201c &#8211; Christus ist auferstanden &#8211; nicht nur ein vielbesungener Ausruf, sondern der \u00fcbliche Gru\u00df, den sich die Gl\u00e4ubigen an Ostern entbieten. Osterbrauchtum h\u00e4ngt gleichzeitig auch mit dem Wunsch nach guter Ernte und Fruchtbarkeit zusammen, deshalb vermischen sich Fr\u00fchlings- und Osterlieder in manchen L\u00e4ndern. Der Hase und das Ei: Beide stehen f\u00fcr die menschliche Fruchtbarkeit &#8211; oder die Auferstehung, die Wieder-Menschwerdung Jesu. Der wiederum als Lamm bezeichnet wird: Als Opferlamm, das die Menschheit rettet. Eine Sendung von Ulrike Z\u00f6ller (Wdh. aus dem Jahr 2016)<\/p>\n","protected":false},"excerpt":{"rendered":"<p>Jazz im Radio \u2013 Jeden Sonntag gibt es um 12 Uhr unsere \u00dcbersicht f\u00fcr die jeweils nachfolgende Woche. Die #Jazz-Radiowoche vom 14. bis 20. April 2025. Erheblich ausged\u00fcnnt. Die ARD schafft ihr Radio gewisserma\u00dfen ab. Auch als PDF zum Download \u2013 #Jazz #JazzZeitung #Radio #Radiowoche \u2013 Ein Service unserer Online-Redaktion.<\/p>\n","protected":false},"author":1,"featured_media":32441,"comment_status":"open","ping_status":"closed","sticky":false,"template":"","format":"standard","meta":{"_jetpack_memberships_contains_paid_content":false,"footnotes":"","jetpack_publicize_message":"","jetpack_publicize_feature_enabled":true,"jetpack_social_post_already_shared":true,"jetpack_social_options":{"image_generator_settings":{"template":"highway","default_image_id":0,"font":"","enabled":false},"version":2}},"categories":[633,452],"tags":[3773,1629],"coauthors":[650],"class_list":["post-32440","post","type-post","status-publish","format-standard","has-post-thumbnail","hentry","category-nachrichten","category-radio","tag-die-radiowoche","tag-jazz-im-radio"],"yoast_head":"<!-- This site is optimized with the Yoast SEO plugin v27.5 - https:\/\/yoast.com\/product\/yoast-seo-wordpress\/ -->\n<title>Die eingeschmolzene Jazz-Radiowoche vom 14.04.2025 bis 20.04.2025 - JazzZeitung<\/title>\n<meta name=\"robots\" content=\"index, follow, max-snippet:-1, max-image-preview:large, max-video-preview:-1\" \/>\n<link rel=\"canonical\" href=\"https:\/\/www.jazzzeitung.de\/cms\/2025\/04\/die-eingeschmolzene-jazz-radiowoche-vom-14-04-2025-bis-20-04-2025\/\" \/>\n<meta property=\"og:locale\" content=\"de_DE\" \/>\n<meta property=\"og:type\" content=\"article\" \/>\n<meta property=\"og:title\" content=\"Die eingeschmolzene Jazz-Radiowoche vom 14.04.2025 bis 20.04.2025 - JazzZeitung\" \/>\n<meta property=\"og:description\" content=\"Jazz im Radio \u2013 Jeden Sonntag gibt es um 12 Uhr unsere \u00dcbersicht f\u00fcr die jeweils nachfolgende Woche. Die #Jazz-Radiowoche vom 14. bis 20. April 2025. Erheblich ausged\u00fcnnt. Die ARD schafft ihr Radio gewisserma\u00dfen ab. Auch als PDF zum Download \u2013 #Jazz #JazzZeitung #Radio #Radiowoche \u2013 Ein Service unserer Online-Redaktion.\" \/>\n<meta property=\"og:url\" content=\"https:\/\/www.jazzzeitung.de\/cms\/2025\/04\/die-eingeschmolzene-jazz-radiowoche-vom-14-04-2025-bis-20-04-2025\/\" \/>\n<meta property=\"og:site_name\" content=\"JazzZeitung\" \/>\n<meta property=\"article:publisher\" content=\"https:\/\/www.facebook.com\/JazzZeitung\/\" \/>\n<meta property=\"article:author\" content=\"https:\/\/www.facebook.com\/hufner\" \/>\n<meta property=\"article:published_time\" content=\"2025-04-13T10:00:16+00:00\" \/>\n<meta property=\"og:image\" content=\"https:\/\/i0.wp.com\/www.jazzzeitung.de\/cms\/wp-content\/uploads\/2025\/04\/regenbogen_wetter.jpg?fit=1440%2C809&ssl=1\" \/>\n\t<meta property=\"og:image:width\" content=\"1440\" \/>\n\t<meta property=\"og:image:height\" content=\"809\" \/>\n\t<meta property=\"og:image:type\" content=\"image\/jpeg\" \/>\n<meta name=\"author\" content=\"Martin Hufner\" \/>\n<script type=\"application\/ld+json\" class=\"yoast-schema-graph\">{\"@context\":\"https:\\\/\\\/schema.org\",\"@graph\":[{\"@type\":\"Article\",\"@id\":\"https:\\\/\\\/www.jazzzeitung.de\\\/cms\\\/2025\\\/04\\\/die-eingeschmolzene-jazz-radiowoche-vom-14-04-2025-bis-20-04-2025\\\/#article\",\"isPartOf\":{\"@id\":\"https:\\\/\\\/www.jazzzeitung.de\\\/cms\\\/2025\\\/04\\\/die-eingeschmolzene-jazz-radiowoche-vom-14-04-2025-bis-20-04-2025\\\/\"},\"author\":{\"name\":\"Martin Hufner\",\"@id\":\"https:\\\/\\\/www.jazzzeitung.de\\\/cms\\\/#\\\/schema\\\/person\\\/b9a4e5ac765d94fb8f617bfa8f1fc5f7\"},\"headline\":\"Die eingeschmolzene Jazz-Radiowoche vom 14.04.2025 bis 20.04.2025\",\"datePublished\":\"2025-04-13T10:00:16+00:00\",\"mainEntityOfPage\":{\"@id\":\"https:\\\/\\\/www.jazzzeitung.de\\\/cms\\\/2025\\\/04\\\/die-eingeschmolzene-jazz-radiowoche-vom-14-04-2025-bis-20-04-2025\\\/\"},\"wordCount\":3160,\"commentCount\":0,\"publisher\":{\"@id\":\"https:\\\/\\\/www.jazzzeitung.de\\\/cms\\\/#organization\"},\"image\":{\"@id\":\"https:\\\/\\\/www.jazzzeitung.de\\\/cms\\\/2025\\\/04\\\/die-eingeschmolzene-jazz-radiowoche-vom-14-04-2025-bis-20-04-2025\\\/#primaryimage\"},\"thumbnailUrl\":\"https:\\\/\\\/i0.wp.com\\\/www.jazzzeitung.de\\\/cms\\\/wp-content\\\/uploads\\\/2025\\\/04\\\/regenbogen_wetter.jpg?fit=1440%2C809&ssl=1\",\"keywords\":[\"Die Radiowoche\",\"Jazz im Radio\"],\"articleSection\":[\"News\",\"Radio\"],\"inLanguage\":\"de\",\"potentialAction\":[{\"@type\":\"CommentAction\",\"name\":\"Comment\",\"target\":[\"https:\\\/\\\/www.jazzzeitung.de\\\/cms\\\/2025\\\/04\\\/die-eingeschmolzene-jazz-radiowoche-vom-14-04-2025-bis-20-04-2025\\\/#respond\"]}]},{\"@type\":\"WebPage\",\"@id\":\"https:\\\/\\\/www.jazzzeitung.de\\\/cms\\\/2025\\\/04\\\/die-eingeschmolzene-jazz-radiowoche-vom-14-04-2025-bis-20-04-2025\\\/\",\"url\":\"https:\\\/\\\/www.jazzzeitung.de\\\/cms\\\/2025\\\/04\\\/die-eingeschmolzene-jazz-radiowoche-vom-14-04-2025-bis-20-04-2025\\\/\",\"name\":\"Die eingeschmolzene Jazz-Radiowoche vom 14.04.2025 bis 20.04.2025 - JazzZeitung\",\"isPartOf\":{\"@id\":\"https:\\\/\\\/www.jazzzeitung.de\\\/cms\\\/#website\"},\"primaryImageOfPage\":{\"@id\":\"https:\\\/\\\/www.jazzzeitung.de\\\/cms\\\/2025\\\/04\\\/die-eingeschmolzene-jazz-radiowoche-vom-14-04-2025-bis-20-04-2025\\\/#primaryimage\"},\"image\":{\"@id\":\"https:\\\/\\\/www.jazzzeitung.de\\\/cms\\\/2025\\\/04\\\/die-eingeschmolzene-jazz-radiowoche-vom-14-04-2025-bis-20-04-2025\\\/#primaryimage\"},\"thumbnailUrl\":\"https:\\\/\\\/i0.wp.com\\\/www.jazzzeitung.de\\\/cms\\\/wp-content\\\/uploads\\\/2025\\\/04\\\/regenbogen_wetter.jpg?fit=1440%2C809&ssl=1\",\"datePublished\":\"2025-04-13T10:00:16+00:00\",\"breadcrumb\":{\"@id\":\"https:\\\/\\\/www.jazzzeitung.de\\\/cms\\\/2025\\\/04\\\/die-eingeschmolzene-jazz-radiowoche-vom-14-04-2025-bis-20-04-2025\\\/#breadcrumb\"},\"inLanguage\":\"de\",\"potentialAction\":[{\"@type\":\"ReadAction\",\"target\":[\"https:\\\/\\\/www.jazzzeitung.de\\\/cms\\\/2025\\\/04\\\/die-eingeschmolzene-jazz-radiowoche-vom-14-04-2025-bis-20-04-2025\\\/\"]}]},{\"@type\":\"ImageObject\",\"inLanguage\":\"de\",\"@id\":\"https:\\\/\\\/www.jazzzeitung.de\\\/cms\\\/2025\\\/04\\\/die-eingeschmolzene-jazz-radiowoche-vom-14-04-2025-bis-20-04-2025\\\/#primaryimage\",\"url\":\"https:\\\/\\\/i0.wp.com\\\/www.jazzzeitung.de\\\/cms\\\/wp-content\\\/uploads\\\/2025\\\/04\\\/regenbogen_wetter.jpg?fit=1440%2C809&ssl=1\",\"contentUrl\":\"https:\\\/\\\/i0.wp.com\\\/www.jazzzeitung.de\\\/cms\\\/wp-content\\\/uploads\\\/2025\\\/04\\\/regenbogen_wetter.jpg?fit=1440%2C809&ssl=1\",\"width\":1440,\"height\":809,\"caption\":\"Das Wetter. Foto: Hufner\"},{\"@type\":\"BreadcrumbList\",\"@id\":\"https:\\\/\\\/www.jazzzeitung.de\\\/cms\\\/2025\\\/04\\\/die-eingeschmolzene-jazz-radiowoche-vom-14-04-2025-bis-20-04-2025\\\/#breadcrumb\",\"itemListElement\":[{\"@type\":\"ListItem\",\"position\":1,\"name\":\"Startseite\",\"item\":\"https:\\\/\\\/www.jazzzeitung.de\\\/cms\\\/\"},{\"@type\":\"ListItem\",\"position\":2,\"name\":\"Die eingeschmolzene Jazz-Radiowoche vom 14.04.2025 bis 20.04.2025\"}]},{\"@type\":\"WebSite\",\"@id\":\"https:\\\/\\\/www.jazzzeitung.de\\\/cms\\\/#website\",\"url\":\"https:\\\/\\\/www.jazzzeitung.de\\\/cms\\\/\",\"name\":\"JazzZeitung\",\"description\":\"Jazz-News und Jazz-Kontroverses\",\"publisher\":{\"@id\":\"https:\\\/\\\/www.jazzzeitung.de\\\/cms\\\/#organization\"},\"potentialAction\":[{\"@type\":\"SearchAction\",\"target\":{\"@type\":\"EntryPoint\",\"urlTemplate\":\"https:\\\/\\\/www.jazzzeitung.de\\\/cms\\\/?s={search_term_string}\"},\"query-input\":{\"@type\":\"PropertyValueSpecification\",\"valueRequired\":true,\"valueName\":\"search_term_string\"}}],\"inLanguage\":\"de\"},{\"@type\":\"Organization\",\"@id\":\"https:\\\/\\\/www.jazzzeitung.de\\\/cms\\\/#organization\",\"name\":\"JazzZeitung online\",\"url\":\"https:\\\/\\\/www.jazzzeitung.de\\\/cms\\\/\",\"logo\":{\"@type\":\"ImageObject\",\"inLanguage\":\"de\",\"@id\":\"https:\\\/\\\/www.jazzzeitung.de\\\/cms\\\/#\\\/schema\\\/logo\\\/image\\\/\",\"url\":\"https:\\\/\\\/i0.wp.com\\\/www.jazzzeitung.de\\\/cms\\\/wp-content\\\/uploads\\\/2015\\\/08\\\/JAZZZEITUNGDE_Logo_Neu.png?fit=499%2C200&ssl=1\",\"contentUrl\":\"https:\\\/\\\/i0.wp.com\\\/www.jazzzeitung.de\\\/cms\\\/wp-content\\\/uploads\\\/2015\\\/08\\\/JAZZZEITUNGDE_Logo_Neu.png?fit=499%2C200&ssl=1\",\"width\":499,\"height\":200,\"caption\":\"JazzZeitung online\"},\"image\":{\"@id\":\"https:\\\/\\\/www.jazzzeitung.de\\\/cms\\\/#\\\/schema\\\/logo\\\/image\\\/\"},\"sameAs\":[\"https:\\\/\\\/www.facebook.com\\\/JazzZeitung\\\/\"]},{\"@type\":\"Person\",\"@id\":\"https:\\\/\\\/www.jazzzeitung.de\\\/cms\\\/#\\\/schema\\\/person\\\/b9a4e5ac765d94fb8f617bfa8f1fc5f7\",\"name\":\"Martin Hufner\",\"image\":{\"@type\":\"ImageObject\",\"inLanguage\":\"de\",\"@id\":\"https:\\\/\\\/i0.wp.com\\\/www.jazzzeitung.de\\\/cms\\\/wp-content\\\/uploads\\\/2013\\\/07\\\/huf-06.jpg?resize=96%2C96&ssl=15fcc31aa94540751a3b804516452be00\",\"url\":\"https:\\\/\\\/i0.wp.com\\\/www.jazzzeitung.de\\\/cms\\\/wp-content\\\/uploads\\\/2013\\\/07\\\/huf-06.jpg?resize=96%2C96&ssl=1\",\"contentUrl\":\"https:\\\/\\\/i0.wp.com\\\/www.jazzzeitung.de\\\/cms\\\/wp-content\\\/uploads\\\/2013\\\/07\\\/huf-06.jpg?resize=96%2C96&ssl=1\",\"caption\":\"Martin Hufner\"},\"description\":\"Martin Hufner ist freier Autor der JazzZeitung.\",\"sameAs\":[\"https:\\\/\\\/www.kritische-masse.de\\\/logbuch\",\"https:\\\/\\\/www.facebook.com\\\/hufner\"],\"url\":\"https:\\\/\\\/www.jazzzeitung.de\\\/cms\\\/author\\\/admin\\\/\"}]}<\/script>\n<!-- \/ Yoast SEO plugin. -->","yoast_head_json":{"title":"Die eingeschmolzene Jazz-Radiowoche vom 14.04.2025 bis 20.04.2025 - JazzZeitung","robots":{"index":"index","follow":"follow","max-snippet":"max-snippet:-1","max-image-preview":"max-image-preview:large","max-video-preview":"max-video-preview:-1"},"canonical":"https:\/\/www.jazzzeitung.de\/cms\/2025\/04\/die-eingeschmolzene-jazz-radiowoche-vom-14-04-2025-bis-20-04-2025\/","og_locale":"de_DE","og_type":"article","og_title":"Die eingeschmolzene Jazz-Radiowoche vom 14.04.2025 bis 20.04.2025 - JazzZeitung","og_description":"Jazz im Radio \u2013 Jeden Sonntag gibt es um 12 Uhr unsere \u00dcbersicht f\u00fcr die jeweils nachfolgende Woche. Die #Jazz-Radiowoche vom 14. bis 20. April 2025. Erheblich ausged\u00fcnnt. Die ARD schafft ihr Radio gewisserma\u00dfen ab. Auch als PDF zum Download \u2013 #Jazz #JazzZeitung #Radio #Radiowoche \u2013 Ein Service unserer Online-Redaktion.","og_url":"https:\/\/www.jazzzeitung.de\/cms\/2025\/04\/die-eingeschmolzene-jazz-radiowoche-vom-14-04-2025-bis-20-04-2025\/","og_site_name":"JazzZeitung","article_publisher":"https:\/\/www.facebook.com\/JazzZeitung\/","article_author":"https:\/\/www.facebook.com\/hufner","article_published_time":"2025-04-13T10:00:16+00:00","og_image":[{"width":1440,"height":809,"url":"https:\/\/i0.wp.com\/www.jazzzeitung.de\/cms\/wp-content\/uploads\/2025\/04\/regenbogen_wetter.jpg?fit=1440%2C809&ssl=1","type":"image\/jpeg"}],"author":"Martin Hufner","schema":{"@context":"https:\/\/schema.org","@graph":[{"@type":"Article","@id":"https:\/\/www.jazzzeitung.de\/cms\/2025\/04\/die-eingeschmolzene-jazz-radiowoche-vom-14-04-2025-bis-20-04-2025\/#article","isPartOf":{"@id":"https:\/\/www.jazzzeitung.de\/cms\/2025\/04\/die-eingeschmolzene-jazz-radiowoche-vom-14-04-2025-bis-20-04-2025\/"},"author":{"name":"Martin Hufner","@id":"https:\/\/www.jazzzeitung.de\/cms\/#\/schema\/person\/b9a4e5ac765d94fb8f617bfa8f1fc5f7"},"headline":"Die eingeschmolzene Jazz-Radiowoche vom 14.04.2025 bis 20.04.2025","datePublished":"2025-04-13T10:00:16+00:00","mainEntityOfPage":{"@id":"https:\/\/www.jazzzeitung.de\/cms\/2025\/04\/die-eingeschmolzene-jazz-radiowoche-vom-14-04-2025-bis-20-04-2025\/"},"wordCount":3160,"commentCount":0,"publisher":{"@id":"https:\/\/www.jazzzeitung.de\/cms\/#organization"},"image":{"@id":"https:\/\/www.jazzzeitung.de\/cms\/2025\/04\/die-eingeschmolzene-jazz-radiowoche-vom-14-04-2025-bis-20-04-2025\/#primaryimage"},"thumbnailUrl":"https:\/\/i0.wp.com\/www.jazzzeitung.de\/cms\/wp-content\/uploads\/2025\/04\/regenbogen_wetter.jpg?fit=1440%2C809&ssl=1","keywords":["Die Radiowoche","Jazz im Radio"],"articleSection":["News","Radio"],"inLanguage":"de","potentialAction":[{"@type":"CommentAction","name":"Comment","target":["https:\/\/www.jazzzeitung.de\/cms\/2025\/04\/die-eingeschmolzene-jazz-radiowoche-vom-14-04-2025-bis-20-04-2025\/#respond"]}]},{"@type":"WebPage","@id":"https:\/\/www.jazzzeitung.de\/cms\/2025\/04\/die-eingeschmolzene-jazz-radiowoche-vom-14-04-2025-bis-20-04-2025\/","url":"https:\/\/www.jazzzeitung.de\/cms\/2025\/04\/die-eingeschmolzene-jazz-radiowoche-vom-14-04-2025-bis-20-04-2025\/","name":"Die eingeschmolzene Jazz-Radiowoche vom 14.04.2025 bis 20.04.2025 - JazzZeitung","isPartOf":{"@id":"https:\/\/www.jazzzeitung.de\/cms\/#website"},"primaryImageOfPage":{"@id":"https:\/\/www.jazzzeitung.de\/cms\/2025\/04\/die-eingeschmolzene-jazz-radiowoche-vom-14-04-2025-bis-20-04-2025\/#primaryimage"},"image":{"@id":"https:\/\/www.jazzzeitung.de\/cms\/2025\/04\/die-eingeschmolzene-jazz-radiowoche-vom-14-04-2025-bis-20-04-2025\/#primaryimage"},"thumbnailUrl":"https:\/\/i0.wp.com\/www.jazzzeitung.de\/cms\/wp-content\/uploads\/2025\/04\/regenbogen_wetter.jpg?fit=1440%2C809&ssl=1","datePublished":"2025-04-13T10:00:16+00:00","breadcrumb":{"@id":"https:\/\/www.jazzzeitung.de\/cms\/2025\/04\/die-eingeschmolzene-jazz-radiowoche-vom-14-04-2025-bis-20-04-2025\/#breadcrumb"},"inLanguage":"de","potentialAction":[{"@type":"ReadAction","target":["https:\/\/www.jazzzeitung.de\/cms\/2025\/04\/die-eingeschmolzene-jazz-radiowoche-vom-14-04-2025-bis-20-04-2025\/"]}]},{"@type":"ImageObject","inLanguage":"de","@id":"https:\/\/www.jazzzeitung.de\/cms\/2025\/04\/die-eingeschmolzene-jazz-radiowoche-vom-14-04-2025-bis-20-04-2025\/#primaryimage","url":"https:\/\/i0.wp.com\/www.jazzzeitung.de\/cms\/wp-content\/uploads\/2025\/04\/regenbogen_wetter.jpg?fit=1440%2C809&ssl=1","contentUrl":"https:\/\/i0.wp.com\/www.jazzzeitung.de\/cms\/wp-content\/uploads\/2025\/04\/regenbogen_wetter.jpg?fit=1440%2C809&ssl=1","width":1440,"height":809,"caption":"Das Wetter. Foto: Hufner"},{"@type":"BreadcrumbList","@id":"https:\/\/www.jazzzeitung.de\/cms\/2025\/04\/die-eingeschmolzene-jazz-radiowoche-vom-14-04-2025-bis-20-04-2025\/#breadcrumb","itemListElement":[{"@type":"ListItem","position":1,"name":"Startseite","item":"https:\/\/www.jazzzeitung.de\/cms\/"},{"@type":"ListItem","position":2,"name":"Die eingeschmolzene Jazz-Radiowoche vom 14.04.2025 bis 20.04.2025"}]},{"@type":"WebSite","@id":"https:\/\/www.jazzzeitung.de\/cms\/#website","url":"https:\/\/www.jazzzeitung.de\/cms\/","name":"JazzZeitung","description":"Jazz-News und Jazz-Kontroverses","publisher":{"@id":"https:\/\/www.jazzzeitung.de\/cms\/#organization"},"potentialAction":[{"@type":"SearchAction","target":{"@type":"EntryPoint","urlTemplate":"https:\/\/www.jazzzeitung.de\/cms\/?s={search_term_string}"},"query-input":{"@type":"PropertyValueSpecification","valueRequired":true,"valueName":"search_term_string"}}],"inLanguage":"de"},{"@type":"Organization","@id":"https:\/\/www.jazzzeitung.de\/cms\/#organization","name":"JazzZeitung online","url":"https:\/\/www.jazzzeitung.de\/cms\/","logo":{"@type":"ImageObject","inLanguage":"de","@id":"https:\/\/www.jazzzeitung.de\/cms\/#\/schema\/logo\/image\/","url":"https:\/\/i0.wp.com\/www.jazzzeitung.de\/cms\/wp-content\/uploads\/2015\/08\/JAZZZEITUNGDE_Logo_Neu.png?fit=499%2C200&ssl=1","contentUrl":"https:\/\/i0.wp.com\/www.jazzzeitung.de\/cms\/wp-content\/uploads\/2015\/08\/JAZZZEITUNGDE_Logo_Neu.png?fit=499%2C200&ssl=1","width":499,"height":200,"caption":"JazzZeitung online"},"image":{"@id":"https:\/\/www.jazzzeitung.de\/cms\/#\/schema\/logo\/image\/"},"sameAs":["https:\/\/www.facebook.com\/JazzZeitung\/"]},{"@type":"Person","@id":"https:\/\/www.jazzzeitung.de\/cms\/#\/schema\/person\/b9a4e5ac765d94fb8f617bfa8f1fc5f7","name":"Martin Hufner","image":{"@type":"ImageObject","inLanguage":"de","@id":"https:\/\/i0.wp.com\/www.jazzzeitung.de\/cms\/wp-content\/uploads\/2013\/07\/huf-06.jpg?resize=96%2C96&ssl=15fcc31aa94540751a3b804516452be00","url":"https:\/\/i0.wp.com\/www.jazzzeitung.de\/cms\/wp-content\/uploads\/2013\/07\/huf-06.jpg?resize=96%2C96&ssl=1","contentUrl":"https:\/\/i0.wp.com\/www.jazzzeitung.de\/cms\/wp-content\/uploads\/2013\/07\/huf-06.jpg?resize=96%2C96&ssl=1","caption":"Martin Hufner"},"description":"Martin Hufner ist freier Autor der JazzZeitung.","sameAs":["https:\/\/www.kritische-masse.de\/logbuch","https:\/\/www.facebook.com\/hufner"],"url":"https:\/\/www.jazzzeitung.de\/cms\/author\/admin\/"}]}},"wp-worthy-pixel":{"ignored":true,"public":null,"server":null,"url":null},"wp-worthy-type":"normal","jetpack_publicize_connections":[],"cc_featured_image_caption":{"caption_text":"Das Wetter. ","source_text":"Foto: Martin Hufner","source_url":"http:\/\/www.kritische-masse.de"},"jetpack_featured_media_url":"https:\/\/i0.wp.com\/www.jazzzeitung.de\/cms\/wp-content\/uploads\/2025\/04\/regenbogen_wetter.jpg?fit=1440%2C809&ssl=1","jetpack_shortlink":"https:\/\/wp.me\/p3KEcT-8re","jetpack-related-posts":[{"id":23982,"url":"https:\/\/www.jazzzeitung.de\/cms\/2020\/12\/die-jazz-radiowoche-vom-14-12-20-bis-31-12-2020\/","url_meta":{"origin":32440,"position":0},"title":"Die Jazz-Radiowoche vom 14.12.20 bis 31.12.2020","author":"Martin Hufner","date":"13. Dezember 2020","format":false,"excerpt":"Ein kleiner Blick in Restmonat. Die Suchmaschine der ARD hat ihren Dienst am 7.12.2020 eingestellt. Nachfragen haben nur gezeigt, dass die Veranwortlichen kein Interesse daran haben, das zu kommunizieren. Weder ist herauszubekommen, wer das veranlasst hat noch warum. Danke ARD! F\u00fcr nichts. Jetzt schauen wir mal, wie es weiter geht.\u2026","rel":"","context":"In &quot;News&quot;","block_context":{"text":"News","link":"https:\/\/www.jazzzeitung.de\/cms\/thema\/nachrichten\/"},"img":{"alt_text":"Jazz im Radio. Foto: Hufner","src":"https:\/\/i0.wp.com\/www.jazzzeitung.de\/cms\/wp-content\/uploads\/2019\/03\/jazz_im_radio.jpg?fit=1200%2C773&ssl=1&resize=350%2C200","width":350,"height":200,"srcset":"https:\/\/i0.wp.com\/www.jazzzeitung.de\/cms\/wp-content\/uploads\/2019\/03\/jazz_im_radio.jpg?fit=1200%2C773&ssl=1&resize=350%2C200 1x, https:\/\/i0.wp.com\/www.jazzzeitung.de\/cms\/wp-content\/uploads\/2019\/03\/jazz_im_radio.jpg?fit=1200%2C773&ssl=1&resize=525%2C300 1.5x, https:\/\/i0.wp.com\/www.jazzzeitung.de\/cms\/wp-content\/uploads\/2019\/03\/jazz_im_radio.jpg?fit=1200%2C773&ssl=1&resize=700%2C400 2x, https:\/\/i0.wp.com\/www.jazzzeitung.de\/cms\/wp-content\/uploads\/2019\/03\/jazz_im_radio.jpg?fit=1200%2C773&ssl=1&resize=1050%2C600 3x"},"classes":[]},{"id":33138,"url":"https:\/\/www.jazzzeitung.de\/cms\/2025\/09\/die-atomgrosse-jazz-radiowoche-vom-29-09-2025-bis-05-10-2025\/","url_meta":{"origin":32440,"position":1},"title":"Die atomgro\u00dfe Jazz-Radiowoche vom 29.09.2025 bis 05.10.2025","author":"Martin Hufner","date":"28. September 2025","format":false,"excerpt":"Jazz im Radio \u2013 Jeden Sonntag gibt es um 12 Uhr unsere \u00dcbersicht f\u00fcr die jeweils nachfolgende Woche. Die #Jazz-Radiowoche vom 29.09. bis zum 05.10.2025. Erheblich d\u00fcnn! Auch als PDF zum Download \u2013 #Jazz #JazzZeitung #Radio #Radiowoche \u2013 Ein Service unserer Online-Redaktion.","rel":"","context":"In &quot;News&quot;","block_context":{"text":"News","link":"https:\/\/www.jazzzeitung.de\/cms\/thema\/nachrichten\/"},"img":{"alt_text":"Botanische Supernova mit schwarzem Loch in der Na\u0308he von Terra Nova. Foto: Hufner","src":"https:\/\/i0.wp.com\/www.jazzzeitung.de\/cms\/wp-content\/uploads\/2025\/09\/Botanische-Supernova-mit-schwarzem-Loch-in-der-Naehe-von-Terra-Nova.jpg?fit=1200%2C900&ssl=1&resize=350%2C200","width":350,"height":200,"srcset":"https:\/\/i0.wp.com\/www.jazzzeitung.de\/cms\/wp-content\/uploads\/2025\/09\/Botanische-Supernova-mit-schwarzem-Loch-in-der-Naehe-von-Terra-Nova.jpg?fit=1200%2C900&ssl=1&resize=350%2C200 1x, https:\/\/i0.wp.com\/www.jazzzeitung.de\/cms\/wp-content\/uploads\/2025\/09\/Botanische-Supernova-mit-schwarzem-Loch-in-der-Naehe-von-Terra-Nova.jpg?fit=1200%2C900&ssl=1&resize=525%2C300 1.5x, https:\/\/i0.wp.com\/www.jazzzeitung.de\/cms\/wp-content\/uploads\/2025\/09\/Botanische-Supernova-mit-schwarzem-Loch-in-der-Naehe-von-Terra-Nova.jpg?fit=1200%2C900&ssl=1&resize=700%2C400 2x, https:\/\/i0.wp.com\/www.jazzzeitung.de\/cms\/wp-content\/uploads\/2025\/09\/Botanische-Supernova-mit-schwarzem-Loch-in-der-Naehe-von-Terra-Nova.jpg?fit=1200%2C900&ssl=1&resize=1050%2C600 3x"},"classes":[]},{"id":31928,"url":"https:\/\/www.jazzzeitung.de\/cms\/2024\/11\/die-geschmolzene-jazz-radiowoche-vom-25-11-2024-bis-01-12-2024\/","url_meta":{"origin":32440,"position":2},"title":"Die geschmolzene Jazz-Radiowoche vom 25.11.2024 bis 01.12.2024","author":"Martin Hufner","date":"24. November 2024","format":false,"excerpt":"Jazz im Radio \u2013 Jeden Sonntag gibt es um 12 Uhr unsere \u00dcbersicht f\u00fcr die jeweils nachfolgende Woche. Die #Jazz-Radiowoche vom 25. November bis zum 1. Dezember 2024. Erheblich ausged\u00fcnnt. Die ARD schafft ihr Radio gewisserma\u00dfen ab. Auch als PDF zum Download \u2013 #Jazz #JazzZeitung #Radio #Radiowoche \u2013 Ein Service\u2026","rel":"","context":"In &quot;News&quot;","block_context":{"text":"News","link":"https:\/\/www.jazzzeitung.de\/cms\/thema\/nachrichten\/"},"img":{"alt_text":"zugfahrt 2023 1. MH","src":"https:\/\/i0.wp.com\/www.jazzzeitung.de\/cms\/wp-content\/uploads\/2024\/11\/zugfahrt2023-1.-MH.jpg?fit=1200%2C900&ssl=1&resize=350%2C200","width":350,"height":200,"srcset":"https:\/\/i0.wp.com\/www.jazzzeitung.de\/cms\/wp-content\/uploads\/2024\/11\/zugfahrt2023-1.-MH.jpg?fit=1200%2C900&ssl=1&resize=350%2C200 1x, https:\/\/i0.wp.com\/www.jazzzeitung.de\/cms\/wp-content\/uploads\/2024\/11\/zugfahrt2023-1.-MH.jpg?fit=1200%2C900&ssl=1&resize=525%2C300 1.5x, https:\/\/i0.wp.com\/www.jazzzeitung.de\/cms\/wp-content\/uploads\/2024\/11\/zugfahrt2023-1.-MH.jpg?fit=1200%2C900&ssl=1&resize=700%2C400 2x, https:\/\/i0.wp.com\/www.jazzzeitung.de\/cms\/wp-content\/uploads\/2024\/11\/zugfahrt2023-1.-MH.jpg?fit=1200%2C900&ssl=1&resize=1050%2C600 3x"},"classes":[]},{"id":33149,"url":"https:\/\/www.jazzzeitung.de\/cms\/2025\/10\/die-protonenfette-jazz-radiowoche-vom-06-10-2025-bis-12-10-2025-2\/","url_meta":{"origin":32440,"position":3},"title":"Die atomgro\u00dfe Jazz-Radiowoche vom 06.10.2025 bis 12.10.2025","author":"Martin Hufner","date":"5. Oktober 2025","format":false,"excerpt":"Jazz im Radio \u2013 Jeden Sonntag gibt es um 12 Uhr unsere \u00dcbersicht f\u00fcr die jeweils nachfolgende Woche. Die #Jazz-Radiowoche vom 06.10. bis zum 12.10.2025. Erheblich d\u00fcnn! Auch als PDF zum Download \u2013 #Jazz #JazzZeitung #Radio #Radiowoche \u2013 Ein Service unserer Online-Redaktion.","rel":"","context":"In &quot;News&quot;","block_context":{"text":"News","link":"https:\/\/www.jazzzeitung.de\/cms\/thema\/nachrichten\/"},"img":{"alt_text":"Im G\u00e4stezimmer des Lebens. Foto: Hufner","src":"https:\/\/i0.wp.com\/www.jazzzeitung.de\/cms\/wp-content\/uploads\/2025\/10\/gaestezimmer.jpg?fit=960%2C1200&ssl=1&resize=350%2C200","width":350,"height":200,"srcset":"https:\/\/i0.wp.com\/www.jazzzeitung.de\/cms\/wp-content\/uploads\/2025\/10\/gaestezimmer.jpg?fit=960%2C1200&ssl=1&resize=350%2C200 1x, https:\/\/i0.wp.com\/www.jazzzeitung.de\/cms\/wp-content\/uploads\/2025\/10\/gaestezimmer.jpg?fit=960%2C1200&ssl=1&resize=525%2C300 1.5x, https:\/\/i0.wp.com\/www.jazzzeitung.de\/cms\/wp-content\/uploads\/2025\/10\/gaestezimmer.jpg?fit=960%2C1200&ssl=1&resize=700%2C400 2x"},"classes":[]},{"id":32452,"url":"https:\/\/www.jazzzeitung.de\/cms\/2025\/04\/die-eingeschmolzene-jazz-radiowoche-vom-21-04-2025-bis-27-04-2025\/","url_meta":{"origin":32440,"position":4},"title":"Die eingeschmolzene Jazz-Radiowoche vom 21.04.2025 bis 27.04.2025","author":"Martin Hufner","date":"20. April 2025","format":false,"excerpt":"Jazz im Radio \u2013 Jeden Sonntag gibt es um 12 Uhr unsere \u00dcbersicht f\u00fcr die jeweils nachfolgende Woche. Die #Jazz-Radiowoche vom 21. bis 27. April 2025. Erheblich ausged\u00fcnnt. Auch als PDF zum Download \u2013 #Jazz #JazzZeitung #Radio #Radiowoche \u2013 Ein Service unserer Online-Redaktion.","rel":"","context":"In &quot;News&quot;","block_context":{"text":"News","link":"https:\/\/www.jazzzeitung.de\/cms\/thema\/nachrichten\/"},"img":{"alt_text":"Kn\u00f6pfe. Foto: Hufner","src":"https:\/\/i0.wp.com\/www.jazzzeitung.de\/cms\/wp-content\/uploads\/2025\/04\/knoepfe.jpg?fit=1200%2C900&ssl=1&resize=350%2C200","width":350,"height":200,"srcset":"https:\/\/i0.wp.com\/www.jazzzeitung.de\/cms\/wp-content\/uploads\/2025\/04\/knoepfe.jpg?fit=1200%2C900&ssl=1&resize=350%2C200 1x, https:\/\/i0.wp.com\/www.jazzzeitung.de\/cms\/wp-content\/uploads\/2025\/04\/knoepfe.jpg?fit=1200%2C900&ssl=1&resize=525%2C300 1.5x, https:\/\/i0.wp.com\/www.jazzzeitung.de\/cms\/wp-content\/uploads\/2025\/04\/knoepfe.jpg?fit=1200%2C900&ssl=1&resize=700%2C400 2x, https:\/\/i0.wp.com\/www.jazzzeitung.de\/cms\/wp-content\/uploads\/2025\/04\/knoepfe.jpg?fit=1200%2C900&ssl=1&resize=1050%2C600 3x"},"classes":[]},{"id":32215,"url":"https:\/\/www.jazzzeitung.de\/cms\/2025\/02\/die-eingeschmolzene-jazz-radiowoche-vom-17-02-2025-bis-23-02-2025\/","url_meta":{"origin":32440,"position":5},"title":"Die eingeschmolzene Jazz-Radiowoche vom 17.02.2025 bis 23.02.2025","author":"Martin Hufner","date":"16. Februar 2025","format":false,"excerpt":"Jazz im Radio \u2013 Jeden Sonntag gibt es um 12 Uhr unsere \u00dcbersicht f\u00fcr die jeweils nachfolgende Woche. Die #Jazz-Radiowoche vom 10. bis 16. Februar 2025. Erheblich ausged\u00fcnnt. Die ARD schafft ihr Radio gewisserma\u00dfen ab. Auch als PDF zum Download \u2013 #Jazz #JazzZeitung #Radio #Radiowoche \u2013 Ein Service unserer Online-Redaktion.","rel":"","context":"In &quot;News&quot;","block_context":{"text":"News","link":"https:\/\/www.jazzzeitung.de\/cms\/thema\/nachrichten\/"},"img":{"alt_text":"Kunst vorm Bau. Foto: Hufner","src":"https:\/\/i0.wp.com\/www.jazzzeitung.de\/cms\/wp-content\/uploads\/2025\/02\/kunstvormbau.jpg?fit=1080%2C939&ssl=1&resize=350%2C200","width":350,"height":200,"srcset":"https:\/\/i0.wp.com\/www.jazzzeitung.de\/cms\/wp-content\/uploads\/2025\/02\/kunstvormbau.jpg?fit=1080%2C939&ssl=1&resize=350%2C200 1x, https:\/\/i0.wp.com\/www.jazzzeitung.de\/cms\/wp-content\/uploads\/2025\/02\/kunstvormbau.jpg?fit=1080%2C939&ssl=1&resize=525%2C300 1.5x, https:\/\/i0.wp.com\/www.jazzzeitung.de\/cms\/wp-content\/uploads\/2025\/02\/kunstvormbau.jpg?fit=1080%2C939&ssl=1&resize=700%2C400 2x, https:\/\/i0.wp.com\/www.jazzzeitung.de\/cms\/wp-content\/uploads\/2025\/02\/kunstvormbau.jpg?fit=1080%2C939&ssl=1&resize=1050%2C600 3x"},"classes":[]}],"jetpack_sharing_enabled":false,"_links":{"self":[{"href":"https:\/\/www.jazzzeitung.de\/cms\/wp-json\/wp\/v2\/posts\/32440","targetHints":{"allow":["GET"]}}],"collection":[{"href":"https:\/\/www.jazzzeitung.de\/cms\/wp-json\/wp\/v2\/posts"}],"about":[{"href":"https:\/\/www.jazzzeitung.de\/cms\/wp-json\/wp\/v2\/types\/post"}],"author":[{"embeddable":true,"href":"https:\/\/www.jazzzeitung.de\/cms\/wp-json\/wp\/v2\/users\/1"}],"replies":[{"embeddable":true,"href":"https:\/\/www.jazzzeitung.de\/cms\/wp-json\/wp\/v2\/comments?post=32440"}],"version-history":[{"count":1,"href":"https:\/\/www.jazzzeitung.de\/cms\/wp-json\/wp\/v2\/posts\/32440\/revisions"}],"predecessor-version":[{"id":32442,"href":"https:\/\/www.jazzzeitung.de\/cms\/wp-json\/wp\/v2\/posts\/32440\/revisions\/32442"}],"wp:featuredmedia":[{"embeddable":true,"href":"https:\/\/www.jazzzeitung.de\/cms\/wp-json\/wp\/v2\/media\/32441"}],"wp:attachment":[{"href":"https:\/\/www.jazzzeitung.de\/cms\/wp-json\/wp\/v2\/media?parent=32440"}],"wp:term":[{"taxonomy":"category","embeddable":true,"href":"https:\/\/www.jazzzeitung.de\/cms\/wp-json\/wp\/v2\/categories?post=32440"},{"taxonomy":"post_tag","embeddable":true,"href":"https:\/\/www.jazzzeitung.de\/cms\/wp-json\/wp\/v2\/tags?post=32440"},{"taxonomy":"author","embeddable":true,"href":"https:\/\/www.jazzzeitung.de\/cms\/wp-json\/wp\/v2\/coauthors?post=32440"}],"curies":[{"name":"wp","href":"https:\/\/api.w.org\/{rel}","templated":true}]}}