{"id":32427,"date":"2025-04-09T09:43:16","date_gmt":"2025-04-09T07:43:16","guid":{"rendered":"https:\/\/www.jazzzeitung.de\/cms\/?p=32427"},"modified":"2025-04-08T09:47:27","modified_gmt":"2025-04-08T07:47:27","slug":"emma-rawicz-gwilym-simcock-big-visit","status":"publish","type":"post","link":"https:\/\/www.jazzzeitung.de\/cms\/2025\/04\/emma-rawicz-gwilym-simcock-big-visit\/","title":{"rendered":"Emma Rawicz\/Gwilym Simcock: Big Visit"},"content":{"rendered":"<p>(Text und Fotos: Robert Fischer)\u00a0Es gibt f\u00fcr alles ein erstes Mal. Das erste Mal, dass der Autor dieser Zeilen das Saxophon in einer Duokombination zu lieben begann, war ein rotes SteepleChase-Album, das \u201eLooking at Bird\u201c hie\u00df und den gro\u00dfartigen, leider viel zu fr\u00fch verstorbenen Kontrabassisten Niels-Henning \u00d8rsted Pedersen in trauter Zweisamkeit mit Archie Shepp zum Klingen brachte. Seitdem sind einige Jahre ins Land gegangen \u2013 \u00fcber 40 sogar, um genau zu sein \u2013, aber die Liebe ist geblieben. Die zum Saxophon sowieso, aber auch die zur kammermusikalisch intimen Inszenierung dieses Instruments. Und wie das so ist, wenn die Gef\u00fchle gro\u00df sind, geht man an jede neue Inszenierung mit einiger Vorsicht heran. Man m\u00f6chte ja nicht entt\u00e4uscht werden \u2026<\/p>\n<h3>Vor- und Nachteil<\/h3>\n<p>Was bei \u201eBig Visit\u201c, dem gerade eben erschienenen Duo-Album von Emma Rawicz und Gwilym Simcock, aber gar keine Gefahr ist. Diesmal geht es also um die Kombination Saxophon\/Klavier, f\u00fcr die es im Jazz deutlich mehr Vorbilder gibt als f\u00fcr die mit dem Kontrabass, was Vor- und\u00a0 Nachteil zugleich sein kann. Ein Vorteil ist das harmonische Bett, welches das Klavier jedem musikalischen Partner bereiten kann, von Nachteil k\u00f6nnte es sein, wenn sich der Partner oder in diesem Fall die Partnerin allzu bereitwillig in dieses Bett gleiten lie\u00dfe, statt die musikalische Herausforderung auf Augenh\u00f6he zu suchen.<\/p>\n<div class=\"tiled-gallery type-rectangular tiled-gallery-unresized\" data-original-width=\"840\" data-carousel-extra='{&quot;blog_id&quot;:1,&quot;permalink&quot;:&quot;https:\\\/\\\/www.jazzzeitung.de\\\/cms\\\/2025\\\/04\\\/emma-rawicz-gwilym-simcock-big-visit\\\/&quot;,&quot;likes_blog_id&quot;:55446655}' itemscope itemtype=\"http:\/\/schema.org\/ImageGallery\" > <div class=\"gallery-row\" style=\"width: 840px; height: 787px;\" data-original-width=\"840\" data-original-height=\"787\" > <div class=\"gallery-group images-1\" style=\"width: 526px; height: 787px;\" data-original-width=\"526\" data-original-height=\"787\" > <div class=\"tiled-gallery-item tiled-gallery-item-large\" itemprop=\"associatedMedia\" itemscope itemtype=\"http:\/\/schema.org\/ImageObject\"> <a href=\"https:\/\/www.jazzzeitung.de\/cms\/2025\/04\/emma-rawicz-gwilym-simcock-big-visit\/gwylim-simcock-emma-rawicz-act\/\" border=\"0\" itemprop=\"url\"> <meta itemprop=\"width\" content=\"522\"> <meta itemprop=\"height\" content=\"783\"> <img decoding=\"async\" class=\"\" data-attachment-id=\"32431\" data-orig-file=\"https:\/\/www.jazzzeitung.de\/cms\/wp-content\/uploads\/2025\/04\/02_Artist-photo-c-Gregor-Hohenberg-4-scaled.jpg\" data-orig-size=\"1708,2560\" data-comments-opened=\"1\" data-image-meta=\"{&quot;aperture&quot;:&quot;0&quot;,&quot;credit&quot;:&quot;&quot;,&quot;camera&quot;:&quot;&quot;,&quot;caption&quot;:&quot;Gwylim Simcock Emma Rawicz, Act&quot;,&quot;created_timestamp&quot;:&quot;0&quot;,&quot;copyright&quot;:&quot;www.gregor-hohenberg.com&quot;,&quot;focal_length&quot;:&quot;0&quot;,&quot;iso&quot;:&quot;0&quot;,&quot;shutter_speed&quot;:&quot;0&quot;,&quot;title&quot;:&quot;Gwylim Simcock Emma Rawicz, Act&quot;,&quot;orientation&quot;:&quot;1&quot;}\" data-image-title=\"Gwylim Simcock Emma Rawicz, Act\" data-image-description=\"\" data-medium-file=\"https:\/\/i0.wp.com\/www.jazzzeitung.de\/cms\/wp-content\/uploads\/2025\/04\/02_Artist-photo-c-Gregor-Hohenberg-4-scaled.jpg?fit=200%2C300&#038;ssl=1\" data-large-file=\"https:\/\/i0.wp.com\/www.jazzzeitung.de\/cms\/wp-content\/uploads\/2025\/04\/02_Artist-photo-c-Gregor-Hohenberg-4-scaled.jpg?fit=400%2C600&#038;ssl=1\" src=\"https:\/\/i0.wp.com\/www.jazzzeitung.de\/cms\/wp-content\/uploads\/2025\/04\/02_Artist-photo-c-Gregor-Hohenberg-4-scaled.jpg?w=522&#038;h=783&#038;ssl=1\" srcset=\"https:\/\/i0.wp.com\/www.jazzzeitung.de\/cms\/wp-content\/uploads\/2025\/04\/02_Artist-photo-c-Gregor-Hohenberg-4-scaled.jpg?w=1708&amp;ssl=1 1708w, https:\/\/i0.wp.com\/www.jazzzeitung.de\/cms\/wp-content\/uploads\/2025\/04\/02_Artist-photo-c-Gregor-Hohenberg-4-scaled.jpg?resize=200%2C300&amp;ssl=1 200w, https:\/\/i0.wp.com\/www.jazzzeitung.de\/cms\/wp-content\/uploads\/2025\/04\/02_Artist-photo-c-Gregor-Hohenberg-4-scaled.jpg?resize=400%2C600&amp;ssl=1 400w, https:\/\/i0.wp.com\/www.jazzzeitung.de\/cms\/wp-content\/uploads\/2025\/04\/02_Artist-photo-c-Gregor-Hohenberg-4-scaled.jpg?resize=768%2C1151&amp;ssl=1 768w, https:\/\/i0.wp.com\/www.jazzzeitung.de\/cms\/wp-content\/uploads\/2025\/04\/02_Artist-photo-c-Gregor-Hohenberg-4-scaled.jpg?resize=1025%2C1536&amp;ssl=1 1025w, https:\/\/i0.wp.com\/www.jazzzeitung.de\/cms\/wp-content\/uploads\/2025\/04\/02_Artist-photo-c-Gregor-Hohenberg-4-scaled.jpg?resize=1366%2C2048&amp;ssl=1 1366w, https:\/\/i0.wp.com\/www.jazzzeitung.de\/cms\/wp-content\/uploads\/2025\/04\/02_Artist-photo-c-Gregor-Hohenberg-4-scaled.jpg?resize=1320%2C1979&amp;ssl=1 1320w\" width=\"522\" height=\"783\" loading=\"lazy\" data-original-width=\"522\" data-original-height=\"783\" itemprop=\"http:\/\/schema.org\/image\" title=\"Gwylim Simcock Emma Rawicz, Act\" alt=\"Gwylim Simcock Emma Rawicz, Act\" style=\"width: 522px; height: 783px;\" \/> <\/a> <div class=\"tiled-gallery-caption\" itemprop=\"caption description\"> Gwylim Simcock Emma Rawicz, Act <\/div> <\/div> <\/div> <!-- close group --> <div class=\"gallery-group images-3\" style=\"width: 314px; height: 787px;\" data-original-width=\"314\" data-original-height=\"787\" > <div class=\"tiled-gallery-item tiled-gallery-item-large\" itemprop=\"associatedMedia\" itemscope itemtype=\"http:\/\/schema.org\/ImageObject\"> <a href=\"https:\/\/www.jazzzeitung.de\/cms\/2025\/04\/emma-rawicz-gwilym-simcock-big-visit\/03-emma-rawicz-%e2%94%ac-robert-fischer-rwfischer_photography\/\" border=\"0\" itemprop=\"url\"> <meta itemprop=\"width\" content=\"310\"> <meta itemprop=\"height\" content=\"233\"> <img decoding=\"async\" class=\"\" data-attachment-id=\"32432\" data-orig-file=\"https:\/\/www.jazzzeitung.de\/cms\/wp-content\/uploads\/2025\/04\/03-Emma-Rawicz-\u252c\u00ae-Robert-Fischer-rwfischer_photography-scaled.jpg\" data-orig-size=\"2560,1921\" data-comments-opened=\"1\" data-image-meta=\"{&quot;aperture&quot;:&quot;2&quot;,&quot;credit&quot;:&quot;&quot;,&quot;camera&quot;:&quot;X-S10&quot;,&quot;caption&quot;:&quot;&quot;,&quot;created_timestamp&quot;:&quot;1699045436&quot;,&quot;copyright&quot;:&quot;&quot;,&quot;focal_length&quot;:&quot;100&quot;,&quot;iso&quot;:&quot;320&quot;,&quot;shutter_speed&quot;:&quot;0.0041666666666667&quot;,&quot;title&quot;:&quot;&quot;,&quot;orientation&quot;:&quot;1&quot;}\" data-image-title=\"03 Emma Rawicz \u252c\u00ae Robert Fischer (rwfischer_photography)\" data-image-description=\"\" data-medium-file=\"https:\/\/i0.wp.com\/www.jazzzeitung.de\/cms\/wp-content\/uploads\/2025\/04\/03-Emma-Rawicz-%E2%94%AC%C2%AE-Robert-Fischer-rwfischer_photography-scaled.jpg?fit=300%2C225&#038;ssl=1\" data-large-file=\"https:\/\/i0.wp.com\/www.jazzzeitung.de\/cms\/wp-content\/uploads\/2025\/04\/03-Emma-Rawicz-%E2%94%AC%C2%AE-Robert-Fischer-rwfischer_photography-scaled.jpg?fit=800%2C600&#038;ssl=1\" src=\"https:\/\/i0.wp.com\/www.jazzzeitung.de\/cms\/wp-content\/uploads\/2025\/04\/03-Emma-Rawicz-%E2%94%AC%C2%AE-Robert-Fischer-rwfischer_photography-scaled.jpg?w=310&#038;h=233&#038;ssl=1\" width=\"310\" height=\"233\" loading=\"lazy\" data-original-width=\"310\" data-original-height=\"233\" itemprop=\"http:\/\/schema.org\/image\" title=\"03 Emma Rawicz \u252c\u00ae Robert Fischer (rwfischer_photography)\" alt=\"03 Emma Rawicz \u252c\u00ae Robert Fischer (rwfischer_photography)\" style=\"width: 310px; height: 233px;\" \/> <\/a> <\/div> <div class=\"tiled-gallery-item tiled-gallery-item-large\" itemprop=\"associatedMedia\" itemscope itemtype=\"http:\/\/schema.org\/ImageObject\"> <a href=\"https:\/\/www.jazzzeitung.de\/cms\/2025\/04\/emma-rawicz-gwilym-simcock-big-visit\/04-emma-rawicz-%e2%94%ac-robert-fischer-rwfischer_photography\/\" border=\"0\" itemprop=\"url\"> <meta itemprop=\"width\" content=\"310\"> <meta itemprop=\"height\" content=\"310\"> <img decoding=\"async\" class=\"\" data-attachment-id=\"32433\" data-orig-file=\"https:\/\/www.jazzzeitung.de\/cms\/wp-content\/uploads\/2025\/04\/04-Emma-Rawicz-\u252c\u00ae-Robert-Fischer-rwfischer_photography-scaled.jpg\" data-orig-size=\"2560,2560\" data-comments-opened=\"1\" data-image-meta=\"{&quot;aperture&quot;:&quot;5&quot;,&quot;credit&quot;:&quot;&quot;,&quot;camera&quot;:&quot;X-S10&quot;,&quot;caption&quot;:&quot;&quot;,&quot;created_timestamp&quot;:&quot;1731111898&quot;,&quot;copyright&quot;:&quot;&quot;,&quot;focal_length&quot;:&quot;70&quot;,&quot;iso&quot;:&quot;8000&quot;,&quot;shutter_speed&quot;:&quot;0.00625&quot;,&quot;title&quot;:&quot;&quot;,&quot;orientation&quot;:&quot;1&quot;}\" data-image-title=\"04 Emma Rawicz \u252c\u00ae Robert Fischer (rwfischer_photography)\" data-image-description=\"\" data-medium-file=\"https:\/\/i0.wp.com\/www.jazzzeitung.de\/cms\/wp-content\/uploads\/2025\/04\/04-Emma-Rawicz-%E2%94%AC%C2%AE-Robert-Fischer-rwfischer_photography-scaled.jpg?fit=300%2C300&#038;ssl=1\" data-large-file=\"https:\/\/i0.wp.com\/www.jazzzeitung.de\/cms\/wp-content\/uploads\/2025\/04\/04-Emma-Rawicz-%E2%94%AC%C2%AE-Robert-Fischer-rwfischer_photography-scaled.jpg?fit=600%2C600&#038;ssl=1\" src=\"https:\/\/i0.wp.com\/www.jazzzeitung.de\/cms\/wp-content\/uploads\/2025\/04\/04-Emma-Rawicz-%E2%94%AC%C2%AE-Robert-Fischer-rwfischer_photography-scaled.jpg?w=310&#038;h=310&#038;crop=1&#038;ssl=1\" width=\"310\" height=\"310\" loading=\"lazy\" data-original-width=\"310\" data-original-height=\"310\" itemprop=\"http:\/\/schema.org\/image\" title=\"04 Emma Rawicz \u252c\u00ae Robert Fischer (rwfischer_photography)\" alt=\"04 Emma Rawicz \u252c\u00ae Robert Fischer (rwfischer_photography)\" style=\"width: 310px; height: 310px;\" \/> <\/a> <\/div> <div class=\"tiled-gallery-item tiled-gallery-item-large\" itemprop=\"associatedMedia\" itemscope itemtype=\"http:\/\/schema.org\/ImageObject\"> <a href=\"https:\/\/www.jazzzeitung.de\/cms\/2025\/04\/emma-rawicz-gwilym-simcock-big-visit\/05-emma-rawicz-%e2%94%ac-robert-fischer-rwfischer_photography\/\" border=\"0\" itemprop=\"url\"> <meta itemprop=\"width\" content=\"310\"> <meta itemprop=\"height\" content=\"232\"> <img decoding=\"async\" class=\"\" data-attachment-id=\"32434\" data-orig-file=\"https:\/\/www.jazzzeitung.de\/cms\/wp-content\/uploads\/2025\/04\/05-Emma-Rawicz-\u252c\u00ae-Robert-Fischer-rwfischer_photography-scaled.jpg\" data-orig-size=\"2560,1920\" data-comments-opened=\"1\" data-image-meta=\"{&quot;aperture&quot;:&quot;5&quot;,&quot;credit&quot;:&quot;&quot;,&quot;camera&quot;:&quot;X-S10&quot;,&quot;caption&quot;:&quot;&quot;,&quot;created_timestamp&quot;:&quot;1731111892&quot;,&quot;copyright&quot;:&quot;&quot;,&quot;focal_length&quot;:&quot;70&quot;,&quot;iso&quot;:&quot;8000&quot;,&quot;shutter_speed&quot;:&quot;0.00625&quot;,&quot;title&quot;:&quot;&quot;,&quot;orientation&quot;:&quot;1&quot;}\" data-image-title=\"05 Emma Rawicz \u252c\u00ae Robert Fischer (rwfischer_photography)\" data-image-description=\"\" data-medium-file=\"https:\/\/i0.wp.com\/www.jazzzeitung.de\/cms\/wp-content\/uploads\/2025\/04\/05-Emma-Rawicz-%E2%94%AC%C2%AE-Robert-Fischer-rwfischer_photography-scaled.jpg?fit=300%2C225&#038;ssl=1\" data-large-file=\"https:\/\/i0.wp.com\/www.jazzzeitung.de\/cms\/wp-content\/uploads\/2025\/04\/05-Emma-Rawicz-%E2%94%AC%C2%AE-Robert-Fischer-rwfischer_photography-scaled.jpg?fit=800%2C600&#038;ssl=1\" src=\"https:\/\/i0.wp.com\/www.jazzzeitung.de\/cms\/wp-content\/uploads\/2025\/04\/05-Emma-Rawicz-%E2%94%AC%C2%AE-Robert-Fischer-rwfischer_photography-scaled.jpg?w=310&#038;h=232&#038;ssl=1\" width=\"310\" height=\"232\" loading=\"lazy\" data-original-width=\"310\" data-original-height=\"232\" itemprop=\"http:\/\/schema.org\/image\" title=\"05 Emma Rawicz \u252c\u00ae Robert Fischer (rwfischer_photography)\" alt=\"05 Emma Rawicz \u252c\u00ae Robert Fischer (rwfischer_photography)\" style=\"width: 310px; height: 232px;\" \/> <\/a> <\/div> <\/div> <!-- close group --> <\/div> <!-- close row --> <div class=\"gallery-row\" style=\"width: 840px; height: 1119px;\" data-original-width=\"840\" data-original-height=\"1119\" > <div class=\"gallery-group images-1\" style=\"width: 840px; height: 1119px;\" data-original-width=\"840\" data-original-height=\"1119\" > <div class=\"tiled-gallery-item tiled-gallery-item-large\" itemprop=\"associatedMedia\" itemscope itemtype=\"http:\/\/schema.org\/ImageObject\"> <a href=\"https:\/\/www.jazzzeitung.de\/cms\/2025\/04\/emma-rawicz-gwilym-simcock-big-visit\/06-emma-rawicz-%e2%94%ac-robert-fischer-rwfischer_photography\/\" border=\"0\" itemprop=\"url\"> <meta itemprop=\"width\" content=\"836\"> <meta itemprop=\"height\" content=\"1115\"> <img decoding=\"async\" class=\"\" data-attachment-id=\"32435\" data-orig-file=\"https:\/\/www.jazzzeitung.de\/cms\/wp-content\/uploads\/2025\/04\/06-Emma-Rawicz-\u252c\u00ae-Robert-Fischer-rwfischer_photography-scaled.jpg\" data-orig-size=\"1919,2560\" data-comments-opened=\"1\" data-image-meta=\"{&quot;aperture&quot;:&quot;5&quot;,&quot;credit&quot;:&quot;&quot;,&quot;camera&quot;:&quot;X-S10&quot;,&quot;caption&quot;:&quot;&quot;,&quot;created_timestamp&quot;:&quot;1731111895&quot;,&quot;copyright&quot;:&quot;&quot;,&quot;focal_length&quot;:&quot;70&quot;,&quot;iso&quot;:&quot;8000&quot;,&quot;shutter_speed&quot;:&quot;0.00625&quot;,&quot;title&quot;:&quot;&quot;,&quot;orientation&quot;:&quot;1&quot;}\" data-image-title=\"06 Emma Rawicz \u252c\u00ae Robert Fischer (rwfischer_photography)\" data-image-description=\"\" data-medium-file=\"https:\/\/i0.wp.com\/www.jazzzeitung.de\/cms\/wp-content\/uploads\/2025\/04\/06-Emma-Rawicz-%E2%94%AC%C2%AE-Robert-Fischer-rwfischer_photography-scaled.jpg?fit=225%2C300&#038;ssl=1\" data-large-file=\"https:\/\/i0.wp.com\/www.jazzzeitung.de\/cms\/wp-content\/uploads\/2025\/04\/06-Emma-Rawicz-%E2%94%AC%C2%AE-Robert-Fischer-rwfischer_photography-scaled.jpg?fit=450%2C600&#038;ssl=1\" src=\"https:\/\/i0.wp.com\/www.jazzzeitung.de\/cms\/wp-content\/uploads\/2025\/04\/06-Emma-Rawicz-%E2%94%AC%C2%AE-Robert-Fischer-rwfischer_photography-scaled.jpg?w=836&#038;h=1115&#038;ssl=1\" width=\"836\" height=\"1115\" loading=\"lazy\" data-original-width=\"836\" data-original-height=\"1115\" itemprop=\"http:\/\/schema.org\/image\" title=\"06 Emma Rawicz \u252c\u00ae Robert Fischer (rwfischer_photography)\" alt=\"06 Emma Rawicz \u252c\u00ae Robert Fischer (rwfischer_photography)\" style=\"width: 836px; height: 1115px;\" \/> <\/a> <\/div> <\/div> <!-- close group --> <\/div> <!-- close row --> <\/div>\n<h3>Musikalisches Dreamteam<\/h3>\n<p>H\u00f6rt man das erste, vom 1981 in Wales geborenen Pianisten Gwilyn Simcock komponierte St\u00fcck, \u201eHis Great Adventure\u201c, zerstreuen sich solche Bedenken schnell. Simcock, der ein hervorragender Solist ist, mit Yuri Goloubev (am Kontrabass!) auch schon die Duoform erprobte und mit \u201eInstrumation\u201c bis in sinfonische Gefilde vordrang, trifft mit der erstmals 2022 f\u00fcr Aufh\u00f6ren sorgenden, zwanzig Jahre zuvor in North Devon geborenen Emma Rawicz offenbar auf eine zwar deutlich j\u00fcngere, aber doch musikalische Seelenverwandte. Gemeinsam bilden die beiden ein Dreamteam, das pure Spielfreude verstr\u00f6mt.<\/p>\n<h3>Entspannt und unbeschwert<\/h3>\n<p>Was sich sofort auf den H\u00f6renden \u00fcbertr\u00e4gt. \u201eBig Visit\u201c pr\u00e4sentiert zwei St\u00fccke von Gwilyn Simcock, zwei von Emma Rawicz; hinzu kommen je eine Coverversion von Stevie Wonders \u201eVision\u201c und Carl Fischers \u201eYou\u2019ve changed\u201c. Beide geben sich gen\u00fcgend Raum, um solistisch zu brillieren, ehe sie dann wieder in ausgefeilten Unisonopartien zueinander finden. Da glaubt man ihnen gern, dass die Stimmung im Studio entspannt und unbeschwert war, dass der gegenseitige Respekt vor- auch zu einem harmonischen Miteinander gef\u00fchrt hat. So bewundert Simcock Rawiczs technische Meisterschaft auf dem Tenor- und Sopransaxofon, besonders ihre Leichtigkeit in den oberen Registern: \u201eBei ihr flie\u00dfen die Ideen unmittelbar ins Instrument, dieses Ideal streben wir alle an.\u201c Und Emma bekennt, schon lange ein Fan von Gwilym gewesen zu sein: \u201e\u2026 deswegen geht mit unserem Duo fu\u0308r mich ein Traum in Erfu\u0308llung\u201c. F\u00fcr den Autor dieser Zeilen auch, denn: Die Liebe bleibt.<\/p>\n<p><img data-recalc-dims=\"1\" loading=\"lazy\" decoding=\"async\" data-attachment-id=\"32428\" data-permalink=\"https:\/\/www.jazzzeitung.de\/cms\/2025\/04\/emma-rawicz-gwilym-simcock-big-visit\/nl-4\/\" data-orig-file=\"https:\/\/i0.wp.com\/www.jazzzeitung.de\/cms\/wp-content\/uploads\/2025\/04\/Album-cover.jpg?fit=1647%2C1482&amp;ssl=1\" data-orig-size=\"1647,1482\" data-comments-opened=\"1\" data-image-meta=\"{&quot;aperture&quot;:&quot;0&quot;,&quot;credit&quot;:&quot;Jutta Stolte&quot;,&quot;camera&quot;:&quot;&quot;,&quot;caption&quot;:&quot;&quot;,&quot;created_timestamp&quot;:&quot;0&quot;,&quot;copyright&quot;:&quot;&quot;,&quot;focal_length&quot;:&quot;0&quot;,&quot;iso&quot;:&quot;0&quot;,&quot;shutter_speed&quot;:&quot;0&quot;,&quot;title&quot;:&quot;NL&quot;,&quot;orientation&quot;:&quot;1&quot;}\" data-image-title=\"NL\" data-image-description=\"\" data-image-caption=\"\" data-large-file=\"https:\/\/i0.wp.com\/www.jazzzeitung.de\/cms\/wp-content\/uploads\/2025\/04\/Album-cover.jpg?fit=667%2C600&amp;ssl=1\" class=\"alignleft size-medium wp-image-32428\" src=\"https:\/\/i0.wp.com\/www.jazzzeitung.de\/cms\/wp-content\/uploads\/2025\/04\/Album-cover.jpg?resize=300%2C270&#038;ssl=1\" alt=\"\" width=\"300\" height=\"270\" srcset=\"https:\/\/i0.wp.com\/www.jazzzeitung.de\/cms\/wp-content\/uploads\/2025\/04\/Album-cover.jpg?resize=300%2C270&amp;ssl=1 300w, https:\/\/i0.wp.com\/www.jazzzeitung.de\/cms\/wp-content\/uploads\/2025\/04\/Album-cover.jpg?resize=667%2C600&amp;ssl=1 667w, https:\/\/i0.wp.com\/www.jazzzeitung.de\/cms\/wp-content\/uploads\/2025\/04\/Album-cover.jpg?resize=768%2C691&amp;ssl=1 768w, https:\/\/i0.wp.com\/www.jazzzeitung.de\/cms\/wp-content\/uploads\/2025\/04\/Album-cover.jpg?resize=1536%2C1382&amp;ssl=1 1536w, https:\/\/i0.wp.com\/www.jazzzeitung.de\/cms\/wp-content\/uploads\/2025\/04\/Album-cover.jpg?resize=1320%2C1188&amp;ssl=1 1320w, https:\/\/i0.wp.com\/www.jazzzeitung.de\/cms\/wp-content\/uploads\/2025\/04\/Album-cover.jpg?w=1647&amp;ssl=1 1647w\" sizes=\"auto, (max-width: 300px) 100vw, 300px\" \/><\/p>\n<p>&nbsp;<\/p>\n","protected":false},"excerpt":{"rendered":"<p>(Text und Fotos: Robert Fischer)\u00a0Es gibt f\u00fcr alles ein erstes Mal. Das erste Mal, dass der Autor dieser Zeilen das Saxophon in einer Duokombination zu lieben begann, war ein rotes SteepleChase-Album, das \u201eLooking at Bird\u201c hie\u00df und den gro\u00dfartigen, leider viel zu fr\u00fch verstorbenen Kontrabassisten Niels-Henning \u00d8rsted Pedersen in trauter Zweisamkeit mit Archie Shepp zum Klingen brachte. Seitdem sind einige Jahre ins Land gegangen \u2013 \u00fcber 40 sogar, um genau zu sein \u2013, aber die Liebe ist geblieben. Die zum Saxophon sowieso, aber auch die zur kammermusikalisch intimen Inszenierung dieses Instruments. Und wie das so ist, wenn die Gef\u00fchle gro\u00df sind, geht man an jede neue Inszenierung mit einiger Vorsicht heran. Man m\u00f6chte ja nicht entt\u00e4uscht werden \u2026 Vor- und Nachteil Was bei \u201eBig Visit\u201c, dem gerade eben erschienenen Duo-Album von Emma Rawicz und Gwilym Simcock, aber gar keine Gefahr ist. Diesmal geht es also um die Kombination Saxophon\/Klavier, f\u00fcr die es im Jazz deutlich mehr Vorbilder gibt als f\u00fcr die mit dem Kontrabass, was Vor- und\u00a0 Nachteil zugleich sein kann. Ein Vorteil ist das harmonische Bett, welches das Klavier jedem musikalischen Partner bereiten kann, &hellip;<\/p>\n","protected":false},"author":6,"featured_media":32430,"comment_status":"open","ping_status":"closed","sticky":false,"template":"","format":"standard","meta":{"_jetpack_memberships_contains_paid_content":false,"footnotes":"","jetpack_publicize_message":"","jetpack_publicize_feature_enabled":true,"jetpack_social_post_already_shared":true,"jetpack_social_options":{"image_generator_settings":{"template":"highway","default_image_id":0,"font":"","enabled":false},"version":2}},"categories":[1152],"tags":[5615,5528,211],"coauthors":[664],"class_list":["post-32427","post","type-post","status-publish","format-standard","has-post-thumbnail","hentry","category-rezension","tag-big-visit","tag-emma-rawicz","tag-gwilym-simcock"],"yoast_head":"<!-- This site is optimized with the Yoast SEO plugin v27.5 - https:\/\/yoast.com\/product\/yoast-seo-wordpress\/ -->\n<title>Emma Rawicz\/Gwilym Simcock: Big Visit - JazzZeitung<\/title>\n<meta name=\"robots\" content=\"index, follow, max-snippet:-1, max-image-preview:large, max-video-preview:-1\" \/>\n<link rel=\"canonical\" href=\"https:\/\/www.jazzzeitung.de\/cms\/2025\/04\/emma-rawicz-gwilym-simcock-big-visit\/\" \/>\n<meta property=\"og:locale\" content=\"de_DE\" \/>\n<meta property=\"og:type\" content=\"article\" \/>\n<meta property=\"og:title\" content=\"Emma Rawicz\/Gwilym Simcock: Big Visit - JazzZeitung\" \/>\n<meta property=\"og:description\" content=\"(Text und Fotos: Robert Fischer)\u00a0Es gibt f\u00fcr alles ein erstes Mal. Das erste Mal, dass der Autor dieser Zeilen das Saxophon in einer Duokombination zu lieben begann, war ein rotes SteepleChase-Album, das \u201eLooking at Bird\u201c hie\u00df und den gro\u00dfartigen, leider viel zu fr\u00fch verstorbenen Kontrabassisten Niels-Henning \u00d8rsted Pedersen in trauter Zweisamkeit mit Archie Shepp zum Klingen brachte. Seitdem sind einige Jahre ins Land gegangen \u2013 \u00fcber 40 sogar, um genau zu sein \u2013, aber die Liebe ist geblieben. Die zum Saxophon sowieso, aber auch die zur kammermusikalisch intimen Inszenierung dieses Instruments. Und wie das so ist, wenn die Gef\u00fchle gro\u00df sind, geht man an jede neue Inszenierung mit einiger Vorsicht heran. Man m\u00f6chte ja nicht entt\u00e4uscht werden \u2026 Vor- und Nachteil Was bei \u201eBig Visit\u201c, dem gerade eben erschienenen Duo-Album von Emma Rawicz und Gwilym Simcock, aber gar keine Gefahr ist. Diesmal geht es also um die Kombination Saxophon\/Klavier, f\u00fcr die es im Jazz deutlich mehr Vorbilder gibt als f\u00fcr die mit dem Kontrabass, was Vor- und\u00a0 Nachteil zugleich sein kann. Ein Vorteil ist das harmonische Bett, welches das Klavier jedem musikalischen Partner bereiten kann, &hellip;\" \/>\n<meta property=\"og:url\" content=\"https:\/\/www.jazzzeitung.de\/cms\/2025\/04\/emma-rawicz-gwilym-simcock-big-visit\/\" \/>\n<meta property=\"og:site_name\" content=\"JazzZeitung\" \/>\n<meta property=\"article:publisher\" content=\"https:\/\/www.facebook.com\/JazzZeitung\/\" \/>\n<meta property=\"article:published_time\" content=\"2025-04-09T07:43:16+00:00\" \/>\n<meta property=\"og:image\" content=\"https:\/\/i0.wp.com\/www.jazzzeitung.de\/cms\/wp-content\/uploads\/2025\/04\/Artist-photo-c-Gregor-Hohenberg-1--scaled.jpg?fit=2560%2C1708&ssl=1\" \/>\n\t<meta property=\"og:image:width\" content=\"2560\" \/>\n\t<meta property=\"og:image:height\" content=\"1708\" \/>\n\t<meta property=\"og:image:type\" content=\"image\/jpeg\" \/>\n<meta name=\"author\" content=\"Ursula Gaisa\" \/>\n<script type=\"application\/ld+json\" class=\"yoast-schema-graph\">{\"@context\":\"https:\\\/\\\/schema.org\",\"@graph\":[{\"@type\":\"Article\",\"@id\":\"https:\\\/\\\/www.jazzzeitung.de\\\/cms\\\/2025\\\/04\\\/emma-rawicz-gwilym-simcock-big-visit\\\/#article\",\"isPartOf\":{\"@id\":\"https:\\\/\\\/www.jazzzeitung.de\\\/cms\\\/2025\\\/04\\\/emma-rawicz-gwilym-simcock-big-visit\\\/\"},\"author\":{\"name\":\"Ursula Gaisa\",\"@id\":\"https:\\\/\\\/www.jazzzeitung.de\\\/cms\\\/#\\\/schema\\\/person\\\/1d7707f8668f083601157be48b16fe1b\"},\"headline\":\"Emma Rawicz\\\/Gwilym Simcock: Big Visit\",\"datePublished\":\"2025-04-09T07:43:16+00:00\",\"mainEntityOfPage\":{\"@id\":\"https:\\\/\\\/www.jazzzeitung.de\\\/cms\\\/2025\\\/04\\\/emma-rawicz-gwilym-simcock-big-visit\\\/\"},\"wordCount\":480,\"commentCount\":0,\"publisher\":{\"@id\":\"https:\\\/\\\/www.jazzzeitung.de\\\/cms\\\/#organization\"},\"image\":{\"@id\":\"https:\\\/\\\/www.jazzzeitung.de\\\/cms\\\/2025\\\/04\\\/emma-rawicz-gwilym-simcock-big-visit\\\/#primaryimage\"},\"thumbnailUrl\":\"https:\\\/\\\/i0.wp.com\\\/www.jazzzeitung.de\\\/cms\\\/wp-content\\\/uploads\\\/2025\\\/04\\\/Artist-photo-c-Gregor-Hohenberg-1--scaled.jpg?fit=2560%2C1708&ssl=1\",\"keywords\":[\"Big Visit\",\"Emma Rawicz\",\"Gwilym Simcock\"],\"articleSection\":[\"Rezension\"],\"inLanguage\":\"de\",\"potentialAction\":[{\"@type\":\"CommentAction\",\"name\":\"Comment\",\"target\":[\"https:\\\/\\\/www.jazzzeitung.de\\\/cms\\\/2025\\\/04\\\/emma-rawicz-gwilym-simcock-big-visit\\\/#respond\"]}]},{\"@type\":\"WebPage\",\"@id\":\"https:\\\/\\\/www.jazzzeitung.de\\\/cms\\\/2025\\\/04\\\/emma-rawicz-gwilym-simcock-big-visit\\\/\",\"url\":\"https:\\\/\\\/www.jazzzeitung.de\\\/cms\\\/2025\\\/04\\\/emma-rawicz-gwilym-simcock-big-visit\\\/\",\"name\":\"Emma Rawicz\\\/Gwilym Simcock: Big Visit - JazzZeitung\",\"isPartOf\":{\"@id\":\"https:\\\/\\\/www.jazzzeitung.de\\\/cms\\\/#website\"},\"primaryImageOfPage\":{\"@id\":\"https:\\\/\\\/www.jazzzeitung.de\\\/cms\\\/2025\\\/04\\\/emma-rawicz-gwilym-simcock-big-visit\\\/#primaryimage\"},\"image\":{\"@id\":\"https:\\\/\\\/www.jazzzeitung.de\\\/cms\\\/2025\\\/04\\\/emma-rawicz-gwilym-simcock-big-visit\\\/#primaryimage\"},\"thumbnailUrl\":\"https:\\\/\\\/i0.wp.com\\\/www.jazzzeitung.de\\\/cms\\\/wp-content\\\/uploads\\\/2025\\\/04\\\/Artist-photo-c-Gregor-Hohenberg-1--scaled.jpg?fit=2560%2C1708&ssl=1\",\"datePublished\":\"2025-04-09T07:43:16+00:00\",\"breadcrumb\":{\"@id\":\"https:\\\/\\\/www.jazzzeitung.de\\\/cms\\\/2025\\\/04\\\/emma-rawicz-gwilym-simcock-big-visit\\\/#breadcrumb\"},\"inLanguage\":\"de\",\"potentialAction\":[{\"@type\":\"ReadAction\",\"target\":[\"https:\\\/\\\/www.jazzzeitung.de\\\/cms\\\/2025\\\/04\\\/emma-rawicz-gwilym-simcock-big-visit\\\/\"]}]},{\"@type\":\"ImageObject\",\"inLanguage\":\"de\",\"@id\":\"https:\\\/\\\/www.jazzzeitung.de\\\/cms\\\/2025\\\/04\\\/emma-rawicz-gwilym-simcock-big-visit\\\/#primaryimage\",\"url\":\"https:\\\/\\\/i0.wp.com\\\/www.jazzzeitung.de\\\/cms\\\/wp-content\\\/uploads\\\/2025\\\/04\\\/Artist-photo-c-Gregor-Hohenberg-1--scaled.jpg?fit=2560%2C1708&ssl=1\",\"contentUrl\":\"https:\\\/\\\/i0.wp.com\\\/www.jazzzeitung.de\\\/cms\\\/wp-content\\\/uploads\\\/2025\\\/04\\\/Artist-photo-c-Gregor-Hohenberg-1--scaled.jpg?fit=2560%2C1708&ssl=1\",\"width\":2560,\"height\":1708,\"caption\":\"Emma Rawicz und Gwilym Simcock at Act Studio, Berlin, Oct 2024\"},{\"@type\":\"BreadcrumbList\",\"@id\":\"https:\\\/\\\/www.jazzzeitung.de\\\/cms\\\/2025\\\/04\\\/emma-rawicz-gwilym-simcock-big-visit\\\/#breadcrumb\",\"itemListElement\":[{\"@type\":\"ListItem\",\"position\":1,\"name\":\"Startseite\",\"item\":\"https:\\\/\\\/www.jazzzeitung.de\\\/cms\\\/\"},{\"@type\":\"ListItem\",\"position\":2,\"name\":\"Emma Rawicz\\\/Gwilym Simcock: Big Visit\"}]},{\"@type\":\"WebSite\",\"@id\":\"https:\\\/\\\/www.jazzzeitung.de\\\/cms\\\/#website\",\"url\":\"https:\\\/\\\/www.jazzzeitung.de\\\/cms\\\/\",\"name\":\"JazzZeitung\",\"description\":\"Jazz-News und Jazz-Kontroverses\",\"publisher\":{\"@id\":\"https:\\\/\\\/www.jazzzeitung.de\\\/cms\\\/#organization\"},\"potentialAction\":[{\"@type\":\"SearchAction\",\"target\":{\"@type\":\"EntryPoint\",\"urlTemplate\":\"https:\\\/\\\/www.jazzzeitung.de\\\/cms\\\/?s={search_term_string}\"},\"query-input\":{\"@type\":\"PropertyValueSpecification\",\"valueRequired\":true,\"valueName\":\"search_term_string\"}}],\"inLanguage\":\"de\"},{\"@type\":\"Organization\",\"@id\":\"https:\\\/\\\/www.jazzzeitung.de\\\/cms\\\/#organization\",\"name\":\"JazzZeitung online\",\"url\":\"https:\\\/\\\/www.jazzzeitung.de\\\/cms\\\/\",\"logo\":{\"@type\":\"ImageObject\",\"inLanguage\":\"de\",\"@id\":\"https:\\\/\\\/www.jazzzeitung.de\\\/cms\\\/#\\\/schema\\\/logo\\\/image\\\/\",\"url\":\"https:\\\/\\\/i0.wp.com\\\/www.jazzzeitung.de\\\/cms\\\/wp-content\\\/uploads\\\/2015\\\/08\\\/JAZZZEITUNGDE_Logo_Neu.png?fit=499%2C200&ssl=1\",\"contentUrl\":\"https:\\\/\\\/i0.wp.com\\\/www.jazzzeitung.de\\\/cms\\\/wp-content\\\/uploads\\\/2015\\\/08\\\/JAZZZEITUNGDE_Logo_Neu.png?fit=499%2C200&ssl=1\",\"width\":499,\"height\":200,\"caption\":\"JazzZeitung online\"},\"image\":{\"@id\":\"https:\\\/\\\/www.jazzzeitung.de\\\/cms\\\/#\\\/schema\\\/logo\\\/image\\\/\"},\"sameAs\":[\"https:\\\/\\\/www.facebook.com\\\/JazzZeitung\\\/\"]},{\"@type\":\"Person\",\"@id\":\"https:\\\/\\\/www.jazzzeitung.de\\\/cms\\\/#\\\/schema\\\/person\\\/1d7707f8668f083601157be48b16fe1b\",\"name\":\"Ursula Gaisa\",\"image\":{\"@type\":\"ImageObject\",\"inLanguage\":\"de\",\"@id\":\"https:\\\/\\\/secure.gravatar.com\\\/avatar\\\/b9c23f3e1855277dfcc4682042bfb89dce806656872e44d5f2f2670a602ecfde?s=96&d=wp_user_avatar&r=g2a222bd83deef568a70b811610d29664\",\"url\":\"https:\\\/\\\/secure.gravatar.com\\\/avatar\\\/b9c23f3e1855277dfcc4682042bfb89dce806656872e44d5f2f2670a602ecfde?s=96&d=wp_user_avatar&r=g\",\"contentUrl\":\"https:\\\/\\\/secure.gravatar.com\\\/avatar\\\/b9c23f3e1855277dfcc4682042bfb89dce806656872e44d5f2f2670a602ecfde?s=96&d=wp_user_avatar&r=g\",\"caption\":\"Ursula Gaisa\"},\"url\":\"https:\\\/\\\/www.jazzzeitung.de\\\/cms\\\/author\\\/gaisa\\\/\"}]}<\/script>\n<!-- \/ Yoast SEO plugin. -->","yoast_head_json":{"title":"Emma Rawicz\/Gwilym Simcock: Big Visit - JazzZeitung","robots":{"index":"index","follow":"follow","max-snippet":"max-snippet:-1","max-image-preview":"max-image-preview:large","max-video-preview":"max-video-preview:-1"},"canonical":"https:\/\/www.jazzzeitung.de\/cms\/2025\/04\/emma-rawicz-gwilym-simcock-big-visit\/","og_locale":"de_DE","og_type":"article","og_title":"Emma Rawicz\/Gwilym Simcock: Big Visit - JazzZeitung","og_description":"(Text und Fotos: Robert Fischer)\u00a0Es gibt f\u00fcr alles ein erstes Mal. Das erste Mal, dass der Autor dieser Zeilen das Saxophon in einer Duokombination zu lieben begann, war ein rotes SteepleChase-Album, das \u201eLooking at Bird\u201c hie\u00df und den gro\u00dfartigen, leider viel zu fr\u00fch verstorbenen Kontrabassisten Niels-Henning \u00d8rsted Pedersen in trauter Zweisamkeit mit Archie Shepp zum Klingen brachte. Seitdem sind einige Jahre ins Land gegangen \u2013 \u00fcber 40 sogar, um genau zu sein \u2013, aber die Liebe ist geblieben. Die zum Saxophon sowieso, aber auch die zur kammermusikalisch intimen Inszenierung dieses Instruments. Und wie das so ist, wenn die Gef\u00fchle gro\u00df sind, geht man an jede neue Inszenierung mit einiger Vorsicht heran. Man m\u00f6chte ja nicht entt\u00e4uscht werden \u2026 Vor- und Nachteil Was bei \u201eBig Visit\u201c, dem gerade eben erschienenen Duo-Album von Emma Rawicz und Gwilym Simcock, aber gar keine Gefahr ist. Diesmal geht es also um die Kombination Saxophon\/Klavier, f\u00fcr die es im Jazz deutlich mehr Vorbilder gibt als f\u00fcr die mit dem Kontrabass, was Vor- und\u00a0 Nachteil zugleich sein kann. Ein Vorteil ist das harmonische Bett, welches das Klavier jedem musikalischen Partner bereiten kann, &hellip;","og_url":"https:\/\/www.jazzzeitung.de\/cms\/2025\/04\/emma-rawicz-gwilym-simcock-big-visit\/","og_site_name":"JazzZeitung","article_publisher":"https:\/\/www.facebook.com\/JazzZeitung\/","article_published_time":"2025-04-09T07:43:16+00:00","og_image":[{"width":2560,"height":1708,"url":"https:\/\/i0.wp.com\/www.jazzzeitung.de\/cms\/wp-content\/uploads\/2025\/04\/Artist-photo-c-Gregor-Hohenberg-1--scaled.jpg?fit=2560%2C1708&ssl=1","type":"image\/jpeg"}],"author":"Ursula Gaisa","schema":{"@context":"https:\/\/schema.org","@graph":[{"@type":"Article","@id":"https:\/\/www.jazzzeitung.de\/cms\/2025\/04\/emma-rawicz-gwilym-simcock-big-visit\/#article","isPartOf":{"@id":"https:\/\/www.jazzzeitung.de\/cms\/2025\/04\/emma-rawicz-gwilym-simcock-big-visit\/"},"author":{"name":"Ursula Gaisa","@id":"https:\/\/www.jazzzeitung.de\/cms\/#\/schema\/person\/1d7707f8668f083601157be48b16fe1b"},"headline":"Emma Rawicz\/Gwilym Simcock: Big Visit","datePublished":"2025-04-09T07:43:16+00:00","mainEntityOfPage":{"@id":"https:\/\/www.jazzzeitung.de\/cms\/2025\/04\/emma-rawicz-gwilym-simcock-big-visit\/"},"wordCount":480,"commentCount":0,"publisher":{"@id":"https:\/\/www.jazzzeitung.de\/cms\/#organization"},"image":{"@id":"https:\/\/www.jazzzeitung.de\/cms\/2025\/04\/emma-rawicz-gwilym-simcock-big-visit\/#primaryimage"},"thumbnailUrl":"https:\/\/i0.wp.com\/www.jazzzeitung.de\/cms\/wp-content\/uploads\/2025\/04\/Artist-photo-c-Gregor-Hohenberg-1--scaled.jpg?fit=2560%2C1708&ssl=1","keywords":["Big Visit","Emma Rawicz","Gwilym Simcock"],"articleSection":["Rezension"],"inLanguage":"de","potentialAction":[{"@type":"CommentAction","name":"Comment","target":["https:\/\/www.jazzzeitung.de\/cms\/2025\/04\/emma-rawicz-gwilym-simcock-big-visit\/#respond"]}]},{"@type":"WebPage","@id":"https:\/\/www.jazzzeitung.de\/cms\/2025\/04\/emma-rawicz-gwilym-simcock-big-visit\/","url":"https:\/\/www.jazzzeitung.de\/cms\/2025\/04\/emma-rawicz-gwilym-simcock-big-visit\/","name":"Emma Rawicz\/Gwilym Simcock: Big Visit - JazzZeitung","isPartOf":{"@id":"https:\/\/www.jazzzeitung.de\/cms\/#website"},"primaryImageOfPage":{"@id":"https:\/\/www.jazzzeitung.de\/cms\/2025\/04\/emma-rawicz-gwilym-simcock-big-visit\/#primaryimage"},"image":{"@id":"https:\/\/www.jazzzeitung.de\/cms\/2025\/04\/emma-rawicz-gwilym-simcock-big-visit\/#primaryimage"},"thumbnailUrl":"https:\/\/i0.wp.com\/www.jazzzeitung.de\/cms\/wp-content\/uploads\/2025\/04\/Artist-photo-c-Gregor-Hohenberg-1--scaled.jpg?fit=2560%2C1708&ssl=1","datePublished":"2025-04-09T07:43:16+00:00","breadcrumb":{"@id":"https:\/\/www.jazzzeitung.de\/cms\/2025\/04\/emma-rawicz-gwilym-simcock-big-visit\/#breadcrumb"},"inLanguage":"de","potentialAction":[{"@type":"ReadAction","target":["https:\/\/www.jazzzeitung.de\/cms\/2025\/04\/emma-rawicz-gwilym-simcock-big-visit\/"]}]},{"@type":"ImageObject","inLanguage":"de","@id":"https:\/\/www.jazzzeitung.de\/cms\/2025\/04\/emma-rawicz-gwilym-simcock-big-visit\/#primaryimage","url":"https:\/\/i0.wp.com\/www.jazzzeitung.de\/cms\/wp-content\/uploads\/2025\/04\/Artist-photo-c-Gregor-Hohenberg-1--scaled.jpg?fit=2560%2C1708&ssl=1","contentUrl":"https:\/\/i0.wp.com\/www.jazzzeitung.de\/cms\/wp-content\/uploads\/2025\/04\/Artist-photo-c-Gregor-Hohenberg-1--scaled.jpg?fit=2560%2C1708&ssl=1","width":2560,"height":1708,"caption":"Emma Rawicz und Gwilym Simcock at Act Studio, Berlin, Oct 2024"},{"@type":"BreadcrumbList","@id":"https:\/\/www.jazzzeitung.de\/cms\/2025\/04\/emma-rawicz-gwilym-simcock-big-visit\/#breadcrumb","itemListElement":[{"@type":"ListItem","position":1,"name":"Startseite","item":"https:\/\/www.jazzzeitung.de\/cms\/"},{"@type":"ListItem","position":2,"name":"Emma Rawicz\/Gwilym Simcock: Big Visit"}]},{"@type":"WebSite","@id":"https:\/\/www.jazzzeitung.de\/cms\/#website","url":"https:\/\/www.jazzzeitung.de\/cms\/","name":"JazzZeitung","description":"Jazz-News und Jazz-Kontroverses","publisher":{"@id":"https:\/\/www.jazzzeitung.de\/cms\/#organization"},"potentialAction":[{"@type":"SearchAction","target":{"@type":"EntryPoint","urlTemplate":"https:\/\/www.jazzzeitung.de\/cms\/?s={search_term_string}"},"query-input":{"@type":"PropertyValueSpecification","valueRequired":true,"valueName":"search_term_string"}}],"inLanguage":"de"},{"@type":"Organization","@id":"https:\/\/www.jazzzeitung.de\/cms\/#organization","name":"JazzZeitung online","url":"https:\/\/www.jazzzeitung.de\/cms\/","logo":{"@type":"ImageObject","inLanguage":"de","@id":"https:\/\/www.jazzzeitung.de\/cms\/#\/schema\/logo\/image\/","url":"https:\/\/i0.wp.com\/www.jazzzeitung.de\/cms\/wp-content\/uploads\/2015\/08\/JAZZZEITUNGDE_Logo_Neu.png?fit=499%2C200&ssl=1","contentUrl":"https:\/\/i0.wp.com\/www.jazzzeitung.de\/cms\/wp-content\/uploads\/2015\/08\/JAZZZEITUNGDE_Logo_Neu.png?fit=499%2C200&ssl=1","width":499,"height":200,"caption":"JazzZeitung online"},"image":{"@id":"https:\/\/www.jazzzeitung.de\/cms\/#\/schema\/logo\/image\/"},"sameAs":["https:\/\/www.facebook.com\/JazzZeitung\/"]},{"@type":"Person","@id":"https:\/\/www.jazzzeitung.de\/cms\/#\/schema\/person\/1d7707f8668f083601157be48b16fe1b","name":"Ursula Gaisa","image":{"@type":"ImageObject","inLanguage":"de","@id":"https:\/\/secure.gravatar.com\/avatar\/b9c23f3e1855277dfcc4682042bfb89dce806656872e44d5f2f2670a602ecfde?s=96&d=wp_user_avatar&r=g2a222bd83deef568a70b811610d29664","url":"https:\/\/secure.gravatar.com\/avatar\/b9c23f3e1855277dfcc4682042bfb89dce806656872e44d5f2f2670a602ecfde?s=96&d=wp_user_avatar&r=g","contentUrl":"https:\/\/secure.gravatar.com\/avatar\/b9c23f3e1855277dfcc4682042bfb89dce806656872e44d5f2f2670a602ecfde?s=96&d=wp_user_avatar&r=g","caption":"Ursula Gaisa"},"url":"https:\/\/www.jazzzeitung.de\/cms\/author\/gaisa\/"}]}},"wp-worthy-pixel":{"ignored":false,"public":null,"server":null,"url":null},"wp-worthy-type":"normal","jetpack_publicize_connections":[],"cc_featured_image_caption":{"caption_text":"","source_text":"","source_url":""},"jetpack_featured_media_url":"https:\/\/i0.wp.com\/www.jazzzeitung.de\/cms\/wp-content\/uploads\/2025\/04\/Artist-photo-c-Gregor-Hohenberg-1--scaled.jpg?fit=2560%2C1708&ssl=1","jetpack_shortlink":"https:\/\/wp.me\/p3KEcT-8r1","jetpack-related-posts":[{"id":8160,"url":"https:\/\/www.jazzzeitung.de\/cms\/2016\/01\/gwilym-simcock-zu-gast-im-duesseldorfer-goethe-museum-good-day-schloss-jaegerhof\/","url_meta":{"origin":32427,"position":0},"title":"Gwilym Simcock zu Gast im D\u00fcsseldorfer Goethe Museum: A Good Day At Schloss J\u00e4gerhof","author":"Redaktion JazzZeitung","date":"20. Januar 2016","format":false,"excerpt":"Von Dietrich Schlegel - \u201eDa bin ich nun wieder in den Strudel der T\u00f6ne hingerissen.\u201c Das Konzert des britischen Pianisten Gwilym Simcock im D\u00fcsseldorfer Goethe Museum h\u00e4tte nicht treffender beschrieben werden k\u00f6nnen, als mit diesem Zitat Goethes aus einem Brief an seinen \u201eUrfreund\u201c Karl Ludwig von Knebel, in dem er\u2026","rel":"","context":"In &quot;Bericht&quot;","block_context":{"text":"Bericht","link":"https:\/\/www.jazzzeitung.de\/cms\/thema\/bericht\/"},"img":{"alt_text":"Foto: Eric Richmond","src":"https:\/\/i0.wp.com\/www.jazzzeitung.de\/cms\/wp-content\/uploads\/2016\/01\/gwil2-150x150.jpg?resize=350%2C200","width":350,"height":200},"classes":[]},{"id":11302,"url":"https:\/\/www.jazzzeitung.de\/cms\/2017\/01\/pat-metheny-2017-auf-welttournee\/","url_meta":{"origin":32427,"position":1},"title":"+++ Pat Metheny 2017 auf Welttournee +++","author":"Redaktion JazzZeitung","date":"2. Januar 2017","format":false,"excerpt":"Der mit 20 Grammys ausgezeichnete Gitarrist Pat Metheny hat Mitte Dezember 2016 eine umfangreiche Welttournee unter dem Motto \u009ban evening with Pat Metheny\u008b angek\u00fcndigt. Metheny, der k\u00fcrzlich als j\u00fcngster und vierter Gitarrist \u00fcberhaupt (neben Django Reinhart, Charlie Christian und Wes Montgomery) in die Hall of Fame des weltweit einflussreichsten Jazz-Magazins\u2026","rel":"","context":"In &quot;News&quot;","block_context":{"text":"News","link":"https:\/\/www.jazzzeitung.de\/cms\/thema\/nachrichten\/"},"img":{"alt_text":"metheny","src":"https:\/\/i0.wp.com\/www.jazzzeitung.de\/cms\/wp-content\/uploads\/2016\/12\/metheny-150x150.jpg?resize=350%2C200","width":350,"height":200},"classes":[]},{"id":31881,"url":"https:\/\/www.jazzzeitung.de\/cms\/2024\/11\/passionsspiele-in-bayreuth-jazz-und-sauerkraut\/","url_meta":{"origin":32427,"position":2},"title":"Passionsspiele in Bayreuth: Jazz und Sauerkraut?","author":"Redaktion JazzZeitung","date":"18. November 2024","format":false,"excerpt":"(Text und Fotos: Robert Fischer)\u00a0Irgendjemand sollte mal eine Geschichte all der freien Veranstaltungen und Initiativen schreiben, die sich mit bewunderungsw\u00fcrdigem Engagement einer gemeinsamen Passion widmen: dem Jazz in all seinen Spielformen und Varianten. In Bayreuth zum Beispiel gibt es das Jazzforum, einen eingetragenen Verein mit rund 220 Mitgliedern, der das\u2026","rel":"","context":"In &quot;News&quot;","block_context":{"text":"News","link":"https:\/\/www.jazzzeitung.de\/cms\/thema\/nachrichten\/"},"img":{"alt_text":"","src":"https:\/\/i0.wp.com\/www.jazzzeitung.de\/cms\/wp-content\/uploads\/2024\/11\/00_Aufmacher_Maximilian-Hirning_Bayreuth_09112024_001-scaled.jpg?fit=1200%2C800&ssl=1&resize=350%2C200","width":350,"height":200,"srcset":"https:\/\/i0.wp.com\/www.jazzzeitung.de\/cms\/wp-content\/uploads\/2024\/11\/00_Aufmacher_Maximilian-Hirning_Bayreuth_09112024_001-scaled.jpg?fit=1200%2C800&ssl=1&resize=350%2C200 1x, https:\/\/i0.wp.com\/www.jazzzeitung.de\/cms\/wp-content\/uploads\/2024\/11\/00_Aufmacher_Maximilian-Hirning_Bayreuth_09112024_001-scaled.jpg?fit=1200%2C800&ssl=1&resize=525%2C300 1.5x, https:\/\/i0.wp.com\/www.jazzzeitung.de\/cms\/wp-content\/uploads\/2024\/11\/00_Aufmacher_Maximilian-Hirning_Bayreuth_09112024_001-scaled.jpg?fit=1200%2C800&ssl=1&resize=700%2C400 2x, https:\/\/i0.wp.com\/www.jazzzeitung.de\/cms\/wp-content\/uploads\/2024\/11\/00_Aufmacher_Maximilian-Hirning_Bayreuth_09112024_001-scaled.jpg?fit=1200%2C800&ssl=1&resize=1050%2C600 3x"},"classes":[]},{"id":26134,"url":"https:\/\/www.jazzzeitung.de\/cms\/2021\/11\/endlich-wiederjazz-im-goethe-museum-duesseldorf\/","url_meta":{"origin":32427,"position":3},"title":"Endlich wieder:\u00a0Jazz im Goethe-Museum D\u00fcsseldorf","author":"Redaktion JazzZeitung","date":"13. November 2021","format":false,"excerpt":"Von Dietrich Schlegel. Die Konzertreihe \u201eJazz im Goethe-Museum D\u00fcsseldorf\u201c war seit Jahren zu einer festen Gr\u00f6\u00dfe des Kultur- und Musiklebens der NRW-Landeshauptstadt geworden. Den Aufsehen erregenden und umjubelten Auftakt gab es am 8. Mai 2014 mit dem Trio des Pianisten Omer Klein. Es folgten in j\u00e4hrlich zwei oder drei Konzerten\u2026","rel":"","context":"In &quot;Bericht&quot;","block_context":{"text":"Bericht","link":"https:\/\/www.jazzzeitung.de\/cms\/thema\/bericht\/"},"img":{"alt_text":"","src":"https:\/\/i0.wp.com\/www.jazzzeitung.de\/cms\/wp-content\/uploads\/2021\/11\/Iiro-Rantala-Galatea-Quartet-Foto-Laura-Ebert-scaled.jpeg?fit=1193%2C1200&ssl=1&resize=350%2C200","width":350,"height":200,"srcset":"https:\/\/i0.wp.com\/www.jazzzeitung.de\/cms\/wp-content\/uploads\/2021\/11\/Iiro-Rantala-Galatea-Quartet-Foto-Laura-Ebert-scaled.jpeg?fit=1193%2C1200&ssl=1&resize=350%2C200 1x, https:\/\/i0.wp.com\/www.jazzzeitung.de\/cms\/wp-content\/uploads\/2021\/11\/Iiro-Rantala-Galatea-Quartet-Foto-Laura-Ebert-scaled.jpeg?fit=1193%2C1200&ssl=1&resize=525%2C300 1.5x, https:\/\/i0.wp.com\/www.jazzzeitung.de\/cms\/wp-content\/uploads\/2021\/11\/Iiro-Rantala-Galatea-Quartet-Foto-Laura-Ebert-scaled.jpeg?fit=1193%2C1200&ssl=1&resize=700%2C400 2x, https:\/\/i0.wp.com\/www.jazzzeitung.de\/cms\/wp-content\/uploads\/2021\/11\/Iiro-Rantala-Galatea-Quartet-Foto-Laura-Ebert-scaled.jpeg?fit=1193%2C1200&ssl=1&resize=1050%2C600 3x"},"classes":[]},{"id":3205,"url":"https:\/\/www.jazzzeitung.de\/cms\/2013\/12\/ein-weihnachts-geschenk-fuer-neu-abonnenten\/","url_meta":{"origin":32427,"position":4},"title":"Das kleine aber feine Festival \u201eVibraphonissimo\u201c","author":"Redaktion JazzZeitung","date":"20. Dezember 2013","format":false,"excerpt":"Um ihrem Instrument ein Podium zu geben, beschlossen die beiden in N\u00fcrnberg studierenden Vibraphonisten Volker Heuken und Izabella Effenberg, eine spezielle Konzertreihe ins Leben zu rufen. Vom 22. bis 26. Januar wird nun in N\u00fcrnberg und F\u00fcrth das kleine aber feine Festival \u201eVibraphonissimo\u201c stattfinden. JazzZeitung: Wie kam euch die Idee\u2026","rel":"","context":"In &quot;JazzZeitung (print)&quot;","block_context":{"text":"JazzZeitung (print)","link":"https:\/\/www.jazzzeitung.de\/cms\/thema\/archiv\/jazzzeitung-print\/"},"img":{"alt_text":"Layout 1","src":"https:\/\/i0.wp.com\/www.jazzzeitung.de\/cms\/wp-content\/uploads\/2013\/12\/cover_duo_art_act-150x150.jpg?resize=350%2C200","width":350,"height":200},"classes":[]},{"id":519,"url":"https:\/\/www.jazzzeitung.de\/cms\/2010\/10\/jazzfestivals-bei-wdr-und-hr\/","url_meta":{"origin":32427,"position":5},"title":"Jazzfestivals bei WDR und hr \u2013 live on air und im Netz!","author":"J\u00f6rg Lichtinger","date":"28. Oktober 2010","format":false,"excerpt":"Zeitgleich starten heute in Frankfurt und K\u00f6ln die Jazz-Festivals der Sender HR (Deutsches Jazzfestival Frankfurt) und WDR (WDR3 jazz.cologne). Wer es nicht in die Funkh\u00e4user oder die entsprechenden Locations schafft, dem kann geholfen werden: 41. Deutsches Jazzfestival Frankfurt live im Netz und im H\u00f6rfunk In Frankfurt mit dabei: Tony Lakatos,\u2026","rel":"","context":"In &quot;Blog&quot;","block_context":{"text":"Blog","link":"https:\/\/www.jazzzeitung.de\/cms\/thema\/blog\/"},"img":{"alt_text":"hr-Bigband_by_Dirk_Ostermeier_quer_mit_Diri","src":"https:\/\/i0.wp.com\/www.jazzzeitung.de\/cms\/wp-content\/uploads\/2010\/10\/hr-Bigband_by_Dirk_Ostermeier_quer_mit_Diri-300x199.jpg?resize=350%2C200","width":350,"height":200},"classes":[]}],"jetpack_sharing_enabled":true,"_links":{"self":[{"href":"https:\/\/www.jazzzeitung.de\/cms\/wp-json\/wp\/v2\/posts\/32427","targetHints":{"allow":["GET"]}}],"collection":[{"href":"https:\/\/www.jazzzeitung.de\/cms\/wp-json\/wp\/v2\/posts"}],"about":[{"href":"https:\/\/www.jazzzeitung.de\/cms\/wp-json\/wp\/v2\/types\/post"}],"author":[{"embeddable":true,"href":"https:\/\/www.jazzzeitung.de\/cms\/wp-json\/wp\/v2\/users\/6"}],"replies":[{"embeddable":true,"href":"https:\/\/www.jazzzeitung.de\/cms\/wp-json\/wp\/v2\/comments?post=32427"}],"version-history":[{"count":2,"href":"https:\/\/www.jazzzeitung.de\/cms\/wp-json\/wp\/v2\/posts\/32427\/revisions"}],"predecessor-version":[{"id":32436,"href":"https:\/\/www.jazzzeitung.de\/cms\/wp-json\/wp\/v2\/posts\/32427\/revisions\/32436"}],"wp:featuredmedia":[{"embeddable":true,"href":"https:\/\/www.jazzzeitung.de\/cms\/wp-json\/wp\/v2\/media\/32430"}],"wp:attachment":[{"href":"https:\/\/www.jazzzeitung.de\/cms\/wp-json\/wp\/v2\/media?parent=32427"}],"wp:term":[{"taxonomy":"category","embeddable":true,"href":"https:\/\/www.jazzzeitung.de\/cms\/wp-json\/wp\/v2\/categories?post=32427"},{"taxonomy":"post_tag","embeddable":true,"href":"https:\/\/www.jazzzeitung.de\/cms\/wp-json\/wp\/v2\/tags?post=32427"},{"taxonomy":"author","embeddable":true,"href":"https:\/\/www.jazzzeitung.de\/cms\/wp-json\/wp\/v2\/coauthors?post=32427"}],"curies":[{"name":"wp","href":"https:\/\/api.w.org\/{rel}","templated":true}]}}