{"id":32421,"date":"2025-04-07T14:05:38","date_gmt":"2025-04-07T12:05:38","guid":{"rendered":"https:\/\/www.jazzzeitung.de\/cms\/?p=32421"},"modified":"2025-04-07T14:05:38","modified_gmt":"2025-04-07T12:05:38","slug":"after-the-last-sky-das-aktuelle-meisterwerk-von-anouar-brahem","status":"publish","type":"post","link":"https:\/\/www.jazzzeitung.de\/cms\/2025\/04\/after-the-last-sky-das-aktuelle-meisterwerk-von-anouar-brahem\/","title":{"rendered":"\u201eAfter The Last Sky\u201c &#8211; das aktuelle Meisterwerk von Anouar Brahem"},"content":{"rendered":"<p>Gro\u00dfe Ereignisse werfen ihre Schatten voraus. Gut acht Jahre nach Anouar Brahems Meisterst\u00fcck <strong>\u201eBlue Maqams\u201c,<\/strong> ver\u00f6ffentlichte das M\u00fcnchner Label ECM am 28. M\u00e4rz sein mit Spannung erwartetes neues Album <strong>\u201eAfter the Last Sky\u201c.<\/strong> Seinerzeit eingespielt im \u201eklassischen\u201c Quartett bestehend aus Oud, Bass, Piano und Schlagzeug, wartet Anouar Brahem auf seinem neuen Album wiederum in Quartettbesetzung auf und vertraut Dave Holland am Bass und dem Pianisten Django Bates. Als zus\u00e4tzliche Klangfarbe gesellt sich diesmal die Cellistin Anja Lechner dazu. Der tunesische Gro\u00dfmeister kombiniert meisterhaft arabische Musik als Grundlage seines Schaffens mit Improvisationen, einschlie\u00dflich westlicher, klassischer und zeitgen\u00f6ssischer Zitate.<\/p>\n<h3>Was ist Weltmusik, Jazz oder Klassik?<\/h3>\n<p>Diese Frage stellt sich diesem Quartett nicht wirklich. Alle vier Musiker sind Meister ihres Instrumentes und in diesem Kontext erschaffen sie eine komplett eigenst\u00e4ndige, herausragende Klangwelt die ihresgleichen sucht. Ein Zitat sei hier erw\u00e4hnt, das inhaltlich f\u00fcr die Musik von Anouar Brahem beeinflusst:<\/p>\n<p><em>\u201eWohin sollen wir nach den letzten Grenzen gehen! Wohin sollen die V\u00f6gel nach dem letzten Himmel fliegen?\u201c <\/em><\/p>\n<p>Auf diesen Zeilen von Mahmoud Darwisch basiert der Titel <strong>\u201eAfter The Last Sky\u201c.<\/strong> Mahmud Darwisch wurde als einer der herausragenden zeitgen\u00f6ssischen Dichter in der <a href=\"https:\/\/de.wikipedia.org\/wiki\/Arabische_Welt\">arabischen Welt<\/a> sowie als die poetische Stimme des pal\u00e4stinensischen Volkes bezeichnet. Seine Gedichtb\u00e4nde wurden in 30 Sprachen \u00fcbersetzt.<\/p>\n<p>In seinen Werken setzte er sich gleicherma\u00dfen gegen Unrecht und Unterdr\u00fcckung wie f\u00fcr eine friedliche und gerechte <a href=\"https:\/\/de.wikipedia.org\/wiki\/Koexistenz\">Koexistenz<\/a> pal\u00e4stinensischer Araber und israelischer Juden ein. Abseits aller Traditionen oder Klischees baut Anouar Brahem mit seinem Quartett musikalisch Br\u00fccken vom Orient zum Okzident: kraftvoll und ruhig, subtil und inspiriert.<\/p>\n<p><img data-recalc-dims=\"1\" loading=\"lazy\" decoding=\"async\" data-attachment-id=\"32423\" data-permalink=\"https:\/\/www.jazzzeitung.de\/cms\/2025\/04\/after-the-last-sky-das-aktuelle-meisterwerk-von-anouar-brahem\/2838-x\/\" data-orig-file=\"https:\/\/i0.wp.com\/www.jazzzeitung.de\/cms\/wp-content\/uploads\/2025\/04\/ECM2838.jpg?fit=2182%2C1935&amp;ssl=1\" data-orig-size=\"2182,1935\" data-comments-opened=\"1\" data-image-meta=\"{&quot;aperture&quot;:&quot;0&quot;,&quot;credit&quot;:&quot;&quot;,&quot;camera&quot;:&quot;&quot;,&quot;caption&quot;:&quot;&quot;,&quot;created_timestamp&quot;:&quot;0&quot;,&quot;copyright&quot;:&quot;&quot;,&quot;focal_length&quot;:&quot;0&quot;,&quot;iso&quot;:&quot;0&quot;,&quot;shutter_speed&quot;:&quot;0&quot;,&quot;title&quot;:&quot;2838 X&quot;,&quot;orientation&quot;:&quot;1&quot;}\" data-image-title=\"2838 X\" data-image-description=\"\" data-image-caption=\"\" data-large-file=\"https:\/\/i0.wp.com\/www.jazzzeitung.de\/cms\/wp-content\/uploads\/2025\/04\/ECM2838.jpg?fit=677%2C600&amp;ssl=1\" class=\"alignleft size-medium wp-image-32423\" src=\"https:\/\/i0.wp.com\/www.jazzzeitung.de\/cms\/wp-content\/uploads\/2025\/04\/ECM2838.jpg?resize=300%2C266&#038;ssl=1\" alt=\"\" width=\"300\" height=\"266\" srcset=\"https:\/\/i0.wp.com\/www.jazzzeitung.de\/cms\/wp-content\/uploads\/2025\/04\/ECM2838.jpg?resize=300%2C266&amp;ssl=1 300w, https:\/\/i0.wp.com\/www.jazzzeitung.de\/cms\/wp-content\/uploads\/2025\/04\/ECM2838.jpg?resize=677%2C600&amp;ssl=1 677w, https:\/\/i0.wp.com\/www.jazzzeitung.de\/cms\/wp-content\/uploads\/2025\/04\/ECM2838.jpg?resize=768%2C681&amp;ssl=1 768w, https:\/\/i0.wp.com\/www.jazzzeitung.de\/cms\/wp-content\/uploads\/2025\/04\/ECM2838.jpg?resize=1536%2C1362&amp;ssl=1 1536w, https:\/\/i0.wp.com\/www.jazzzeitung.de\/cms\/wp-content\/uploads\/2025\/04\/ECM2838.jpg?resize=2048%2C1816&amp;ssl=1 2048w, https:\/\/i0.wp.com\/www.jazzzeitung.de\/cms\/wp-content\/uploads\/2025\/04\/ECM2838.jpg?resize=1320%2C1171&amp;ssl=1 1320w, https:\/\/i0.wp.com\/www.jazzzeitung.de\/cms\/wp-content\/uploads\/2025\/04\/ECM2838.jpg?w=1680&amp;ssl=1 1680w\" sizes=\"auto, (max-width: 300px) 100vw, 300px\" \/><\/p>\n<h3>Die aktuellen Livetermine des Quartetts in Deutschland:<\/h3>\n<p>Das Quartett ist live auf Europatournee. Im Rahmen der Karsten Jahnke \u201eJazzNights\u201c, die letztes Jahr ihren 25. Geburtstag feierten, tritt das Quartett mit Anouar Brahem, Anja Lechner, Dave Holland und Django Bates in Deutschland auf<\/p>\n<p>am <strong>23. April<\/strong> in <strong>Berlin\u00a0\u00a0\u00a0\u00a0\u00a0\u00a0\u00a0 &#8211; <\/strong>Philharmonie<br \/>\nam <strong>01. Mai<\/strong> \u00a0 in <strong>Hamburg &#8211;<\/strong> Laeiszhalle<br \/>\nam <strong>02. Mai<\/strong> \u00a0 in <strong>M\u00fcnchen\u00a0 &#8211;<\/strong> Isarphilharmonie<\/p>\n<p>TEXT &amp; FOTO: Thomas J. Krebs<\/p>\n<p>&nbsp;<\/p>\n","protected":false},"excerpt":{"rendered":"<p>Gro\u00dfe Ereignisse werfen ihre Schatten voraus. Gut acht Jahre nach Anouar Brahems Meisterst\u00fcck \u201eBlue Maqams\u201c, ver\u00f6ffentlichte das M\u00fcnchner Label ECM am 28. M\u00e4rz sein mit Spannung erwartetes neues Album \u201eAfter the Last Sky\u201c. Seinerzeit eingespielt im \u201eklassischen\u201c Quartett bestehend aus Oud, Bass, Piano und Schlagzeug, wartet Anouar Brahem auf seinem neuen Album wiederum in Quartettbesetzung auf und vertraut Dave Holland am Bass und dem Pianisten Django Bates. Als zus\u00e4tzliche Klangfarbe gesellt sich diesmal die Cellistin Anja Lechner dazu. Der tunesische Gro\u00dfmeister kombiniert meisterhaft arabische Musik als Grundlage seines Schaffens mit Improvisationen, einschlie\u00dflich westlicher, klassischer und zeitgen\u00f6ssischer Zitate. Was ist Weltmusik, Jazz oder Klassik? Diese Frage stellt sich diesem Quartett nicht wirklich. Alle vier Musiker sind Meister ihres Instrumentes und in diesem Kontext erschaffen sie eine komplett eigenst\u00e4ndige, herausragende Klangwelt die ihresgleichen sucht. Ein Zitat sei hier erw\u00e4hnt, das inhaltlich f\u00fcr die Musik von Anouar Brahem beeinflusst: \u201eWohin sollen wir nach den letzten Grenzen gehen! Wohin sollen die V\u00f6gel nach dem letzten Himmel fliegen?\u201c Auf diesen Zeilen von Mahmoud Darwisch basiert der Titel \u201eAfter The Last Sky\u201c. Mahmud Darwisch wurde als einer der herausragenden zeitgen\u00f6ssischen Dichter &hellip;<\/p>\n","protected":false},"author":6,"featured_media":32422,"comment_status":"open","ping_status":"closed","sticky":false,"template":"","format":"standard","meta":{"_jetpack_memberships_contains_paid_content":false,"footnotes":"","jetpack_publicize_message":"","jetpack_publicize_feature_enabled":true,"jetpack_social_post_already_shared":true,"jetpack_social_options":{"image_generator_settings":{"template":"highway","default_image_id":0,"font":"","enabled":false},"version":2}},"categories":[1152],"tags":[1826,1260,5614],"coauthors":[664],"class_list":["post-32421","post","type-post","status-publish","format-standard","has-post-thumbnail","hentry","category-rezension","tag-anouar-brahem","tag-thomas-j-krebs","tag-after-the-last-sky"],"yoast_head":"<!-- This site is optimized with the Yoast SEO plugin v27.5 - https:\/\/yoast.com\/product\/yoast-seo-wordpress\/ -->\n<title>\u201eAfter The Last Sky\u201c - das aktuelle Meisterwerk von Anouar Brahem - JazzZeitung<\/title>\n<meta name=\"robots\" content=\"index, follow, max-snippet:-1, max-image-preview:large, max-video-preview:-1\" \/>\n<link rel=\"canonical\" href=\"https:\/\/www.jazzzeitung.de\/cms\/2025\/04\/after-the-last-sky-das-aktuelle-meisterwerk-von-anouar-brahem\/\" \/>\n<meta property=\"og:locale\" content=\"de_DE\" \/>\n<meta property=\"og:type\" content=\"article\" \/>\n<meta property=\"og:title\" content=\"\u201eAfter The Last Sky\u201c - das aktuelle Meisterwerk von Anouar Brahem - JazzZeitung\" \/>\n<meta property=\"og:description\" content=\"Gro\u00dfe Ereignisse werfen ihre Schatten voraus. Gut acht Jahre nach Anouar Brahems Meisterst\u00fcck \u201eBlue Maqams\u201c, ver\u00f6ffentlichte das M\u00fcnchner Label ECM am 28. M\u00e4rz sein mit Spannung erwartetes neues Album \u201eAfter the Last Sky\u201c. Seinerzeit eingespielt im \u201eklassischen\u201c Quartett bestehend aus Oud, Bass, Piano und Schlagzeug, wartet Anouar Brahem auf seinem neuen Album wiederum in Quartettbesetzung auf und vertraut Dave Holland am Bass und dem Pianisten Django Bates. Als zus\u00e4tzliche Klangfarbe gesellt sich diesmal die Cellistin Anja Lechner dazu. Der tunesische Gro\u00dfmeister kombiniert meisterhaft arabische Musik als Grundlage seines Schaffens mit Improvisationen, einschlie\u00dflich westlicher, klassischer und zeitgen\u00f6ssischer Zitate. Was ist Weltmusik, Jazz oder Klassik? Diese Frage stellt sich diesem Quartett nicht wirklich. Alle vier Musiker sind Meister ihres Instrumentes und in diesem Kontext erschaffen sie eine komplett eigenst\u00e4ndige, herausragende Klangwelt die ihresgleichen sucht. Ein Zitat sei hier erw\u00e4hnt, das inhaltlich f\u00fcr die Musik von Anouar Brahem beeinflusst: \u201eWohin sollen wir nach den letzten Grenzen gehen! Wohin sollen die V\u00f6gel nach dem letzten Himmel fliegen?\u201c Auf diesen Zeilen von Mahmoud Darwisch basiert der Titel \u201eAfter The Last Sky\u201c. Mahmud Darwisch wurde als einer der herausragenden zeitgen\u00f6ssischen Dichter &hellip;\" \/>\n<meta property=\"og:url\" content=\"https:\/\/www.jazzzeitung.de\/cms\/2025\/04\/after-the-last-sky-das-aktuelle-meisterwerk-von-anouar-brahem\/\" \/>\n<meta property=\"og:site_name\" content=\"JazzZeitung\" \/>\n<meta property=\"article:publisher\" content=\"https:\/\/www.facebook.com\/JazzZeitung\/\" \/>\n<meta property=\"article:published_time\" content=\"2025-04-07T12:05:38+00:00\" \/>\n<meta property=\"og:image\" content=\"https:\/\/www.jazzzeitung.de\/cms\/wp-content\/uploads\/2025\/04\/P1177825-sw-Brahem-Foto-TJ-Krebs.jpg\" \/>\n\t<meta property=\"og:image:width\" content=\"1200\" \/>\n\t<meta property=\"og:image:height\" content=\"800\" \/>\n\t<meta property=\"og:image:type\" content=\"image\/jpeg\" \/>\n<meta name=\"author\" content=\"Ursula Gaisa\" \/>\n<script type=\"application\/ld+json\" class=\"yoast-schema-graph\">{\"@context\":\"https:\\\/\\\/schema.org\",\"@graph\":[{\"@type\":\"Article\",\"@id\":\"https:\\\/\\\/www.jazzzeitung.de\\\/cms\\\/2025\\\/04\\\/after-the-last-sky-das-aktuelle-meisterwerk-von-anouar-brahem\\\/#article\",\"isPartOf\":{\"@id\":\"https:\\\/\\\/www.jazzzeitung.de\\\/cms\\\/2025\\\/04\\\/after-the-last-sky-das-aktuelle-meisterwerk-von-anouar-brahem\\\/\"},\"author\":{\"name\":\"Ursula Gaisa\",\"@id\":\"https:\\\/\\\/www.jazzzeitung.de\\\/cms\\\/#\\\/schema\\\/person\\\/1d7707f8668f083601157be48b16fe1b\"},\"headline\":\"\u201eAfter The Last Sky\u201c &#8211; das aktuelle Meisterwerk von Anouar Brahem\",\"datePublished\":\"2025-04-07T12:05:38+00:00\",\"mainEntityOfPage\":{\"@id\":\"https:\\\/\\\/www.jazzzeitung.de\\\/cms\\\/2025\\\/04\\\/after-the-last-sky-das-aktuelle-meisterwerk-von-anouar-brahem\\\/\"},\"wordCount\":349,\"commentCount\":0,\"publisher\":{\"@id\":\"https:\\\/\\\/www.jazzzeitung.de\\\/cms\\\/#organization\"},\"image\":{\"@id\":\"https:\\\/\\\/www.jazzzeitung.de\\\/cms\\\/2025\\\/04\\\/after-the-last-sky-das-aktuelle-meisterwerk-von-anouar-brahem\\\/#primaryimage\"},\"thumbnailUrl\":\"https:\\\/\\\/i0.wp.com\\\/www.jazzzeitung.de\\\/cms\\\/wp-content\\\/uploads\\\/2025\\\/04\\\/P1177825-sw-Brahem-Foto-TJ-Krebs.jpg?fit=1200%2C800&ssl=1\",\"keywords\":[\"Anouar Brahem\",\"Thomas J. Krebs\",\"\u201eAfter The Last Sky\u201c\"],\"articleSection\":[\"Rezension\"],\"inLanguage\":\"de\",\"potentialAction\":[{\"@type\":\"CommentAction\",\"name\":\"Comment\",\"target\":[\"https:\\\/\\\/www.jazzzeitung.de\\\/cms\\\/2025\\\/04\\\/after-the-last-sky-das-aktuelle-meisterwerk-von-anouar-brahem\\\/#respond\"]}]},{\"@type\":\"WebPage\",\"@id\":\"https:\\\/\\\/www.jazzzeitung.de\\\/cms\\\/2025\\\/04\\\/after-the-last-sky-das-aktuelle-meisterwerk-von-anouar-brahem\\\/\",\"url\":\"https:\\\/\\\/www.jazzzeitung.de\\\/cms\\\/2025\\\/04\\\/after-the-last-sky-das-aktuelle-meisterwerk-von-anouar-brahem\\\/\",\"name\":\"\u201eAfter The Last Sky\u201c - das aktuelle Meisterwerk von Anouar Brahem - JazzZeitung\",\"isPartOf\":{\"@id\":\"https:\\\/\\\/www.jazzzeitung.de\\\/cms\\\/#website\"},\"primaryImageOfPage\":{\"@id\":\"https:\\\/\\\/www.jazzzeitung.de\\\/cms\\\/2025\\\/04\\\/after-the-last-sky-das-aktuelle-meisterwerk-von-anouar-brahem\\\/#primaryimage\"},\"image\":{\"@id\":\"https:\\\/\\\/www.jazzzeitung.de\\\/cms\\\/2025\\\/04\\\/after-the-last-sky-das-aktuelle-meisterwerk-von-anouar-brahem\\\/#primaryimage\"},\"thumbnailUrl\":\"https:\\\/\\\/i0.wp.com\\\/www.jazzzeitung.de\\\/cms\\\/wp-content\\\/uploads\\\/2025\\\/04\\\/P1177825-sw-Brahem-Foto-TJ-Krebs.jpg?fit=1200%2C800&ssl=1\",\"datePublished\":\"2025-04-07T12:05:38+00:00\",\"breadcrumb\":{\"@id\":\"https:\\\/\\\/www.jazzzeitung.de\\\/cms\\\/2025\\\/04\\\/after-the-last-sky-das-aktuelle-meisterwerk-von-anouar-brahem\\\/#breadcrumb\"},\"inLanguage\":\"de\",\"potentialAction\":[{\"@type\":\"ReadAction\",\"target\":[\"https:\\\/\\\/www.jazzzeitung.de\\\/cms\\\/2025\\\/04\\\/after-the-last-sky-das-aktuelle-meisterwerk-von-anouar-brahem\\\/\"]}]},{\"@type\":\"ImageObject\",\"inLanguage\":\"de\",\"@id\":\"https:\\\/\\\/www.jazzzeitung.de\\\/cms\\\/2025\\\/04\\\/after-the-last-sky-das-aktuelle-meisterwerk-von-anouar-brahem\\\/#primaryimage\",\"url\":\"https:\\\/\\\/i0.wp.com\\\/www.jazzzeitung.de\\\/cms\\\/wp-content\\\/uploads\\\/2025\\\/04\\\/P1177825-sw-Brahem-Foto-TJ-Krebs.jpg?fit=1200%2C800&ssl=1\",\"contentUrl\":\"https:\\\/\\\/i0.wp.com\\\/www.jazzzeitung.de\\\/cms\\\/wp-content\\\/uploads\\\/2025\\\/04\\\/P1177825-sw-Brahem-Foto-TJ-Krebs.jpg?fit=1200%2C800&ssl=1\",\"width\":1200,\"height\":800},{\"@type\":\"BreadcrumbList\",\"@id\":\"https:\\\/\\\/www.jazzzeitung.de\\\/cms\\\/2025\\\/04\\\/after-the-last-sky-das-aktuelle-meisterwerk-von-anouar-brahem\\\/#breadcrumb\",\"itemListElement\":[{\"@type\":\"ListItem\",\"position\":1,\"name\":\"Startseite\",\"item\":\"https:\\\/\\\/www.jazzzeitung.de\\\/cms\\\/\"},{\"@type\":\"ListItem\",\"position\":2,\"name\":\"\u201eAfter The Last Sky\u201c &#8211; das aktuelle Meisterwerk von Anouar Brahem\"}]},{\"@type\":\"WebSite\",\"@id\":\"https:\\\/\\\/www.jazzzeitung.de\\\/cms\\\/#website\",\"url\":\"https:\\\/\\\/www.jazzzeitung.de\\\/cms\\\/\",\"name\":\"JazzZeitung\",\"description\":\"Jazz-News und Jazz-Kontroverses\",\"publisher\":{\"@id\":\"https:\\\/\\\/www.jazzzeitung.de\\\/cms\\\/#organization\"},\"potentialAction\":[{\"@type\":\"SearchAction\",\"target\":{\"@type\":\"EntryPoint\",\"urlTemplate\":\"https:\\\/\\\/www.jazzzeitung.de\\\/cms\\\/?s={search_term_string}\"},\"query-input\":{\"@type\":\"PropertyValueSpecification\",\"valueRequired\":true,\"valueName\":\"search_term_string\"}}],\"inLanguage\":\"de\"},{\"@type\":\"Organization\",\"@id\":\"https:\\\/\\\/www.jazzzeitung.de\\\/cms\\\/#organization\",\"name\":\"JazzZeitung online\",\"url\":\"https:\\\/\\\/www.jazzzeitung.de\\\/cms\\\/\",\"logo\":{\"@type\":\"ImageObject\",\"inLanguage\":\"de\",\"@id\":\"https:\\\/\\\/www.jazzzeitung.de\\\/cms\\\/#\\\/schema\\\/logo\\\/image\\\/\",\"url\":\"https:\\\/\\\/i0.wp.com\\\/www.jazzzeitung.de\\\/cms\\\/wp-content\\\/uploads\\\/2015\\\/08\\\/JAZZZEITUNGDE_Logo_Neu.png?fit=499%2C200&ssl=1\",\"contentUrl\":\"https:\\\/\\\/i0.wp.com\\\/www.jazzzeitung.de\\\/cms\\\/wp-content\\\/uploads\\\/2015\\\/08\\\/JAZZZEITUNGDE_Logo_Neu.png?fit=499%2C200&ssl=1\",\"width\":499,\"height\":200,\"caption\":\"JazzZeitung online\"},\"image\":{\"@id\":\"https:\\\/\\\/www.jazzzeitung.de\\\/cms\\\/#\\\/schema\\\/logo\\\/image\\\/\"},\"sameAs\":[\"https:\\\/\\\/www.facebook.com\\\/JazzZeitung\\\/\"]},{\"@type\":\"Person\",\"@id\":\"https:\\\/\\\/www.jazzzeitung.de\\\/cms\\\/#\\\/schema\\\/person\\\/1d7707f8668f083601157be48b16fe1b\",\"name\":\"Ursula Gaisa\",\"image\":{\"@type\":\"ImageObject\",\"inLanguage\":\"de\",\"@id\":\"https:\\\/\\\/secure.gravatar.com\\\/avatar\\\/b9c23f3e1855277dfcc4682042bfb89dce806656872e44d5f2f2670a602ecfde?s=96&d=wp_user_avatar&r=g2a222bd83deef568a70b811610d29664\",\"url\":\"https:\\\/\\\/secure.gravatar.com\\\/avatar\\\/b9c23f3e1855277dfcc4682042bfb89dce806656872e44d5f2f2670a602ecfde?s=96&d=wp_user_avatar&r=g\",\"contentUrl\":\"https:\\\/\\\/secure.gravatar.com\\\/avatar\\\/b9c23f3e1855277dfcc4682042bfb89dce806656872e44d5f2f2670a602ecfde?s=96&d=wp_user_avatar&r=g\",\"caption\":\"Ursula Gaisa\"},\"url\":\"https:\\\/\\\/www.jazzzeitung.de\\\/cms\\\/author\\\/gaisa\\\/\"}]}<\/script>\n<!-- \/ Yoast SEO plugin. -->","yoast_head_json":{"title":"\u201eAfter The Last Sky\u201c - das aktuelle Meisterwerk von Anouar Brahem - JazzZeitung","robots":{"index":"index","follow":"follow","max-snippet":"max-snippet:-1","max-image-preview":"max-image-preview:large","max-video-preview":"max-video-preview:-1"},"canonical":"https:\/\/www.jazzzeitung.de\/cms\/2025\/04\/after-the-last-sky-das-aktuelle-meisterwerk-von-anouar-brahem\/","og_locale":"de_DE","og_type":"article","og_title":"\u201eAfter The Last Sky\u201c - das aktuelle Meisterwerk von Anouar Brahem - JazzZeitung","og_description":"Gro\u00dfe Ereignisse werfen ihre Schatten voraus. Gut acht Jahre nach Anouar Brahems Meisterst\u00fcck \u201eBlue Maqams\u201c, ver\u00f6ffentlichte das M\u00fcnchner Label ECM am 28. M\u00e4rz sein mit Spannung erwartetes neues Album \u201eAfter the Last Sky\u201c. Seinerzeit eingespielt im \u201eklassischen\u201c Quartett bestehend aus Oud, Bass, Piano und Schlagzeug, wartet Anouar Brahem auf seinem neuen Album wiederum in Quartettbesetzung auf und vertraut Dave Holland am Bass und dem Pianisten Django Bates. Als zus\u00e4tzliche Klangfarbe gesellt sich diesmal die Cellistin Anja Lechner dazu. Der tunesische Gro\u00dfmeister kombiniert meisterhaft arabische Musik als Grundlage seines Schaffens mit Improvisationen, einschlie\u00dflich westlicher, klassischer und zeitgen\u00f6ssischer Zitate. Was ist Weltmusik, Jazz oder Klassik? Diese Frage stellt sich diesem Quartett nicht wirklich. Alle vier Musiker sind Meister ihres Instrumentes und in diesem Kontext erschaffen sie eine komplett eigenst\u00e4ndige, herausragende Klangwelt die ihresgleichen sucht. Ein Zitat sei hier erw\u00e4hnt, das inhaltlich f\u00fcr die Musik von Anouar Brahem beeinflusst: \u201eWohin sollen wir nach den letzten Grenzen gehen! Wohin sollen die V\u00f6gel nach dem letzten Himmel fliegen?\u201c Auf diesen Zeilen von Mahmoud Darwisch basiert der Titel \u201eAfter The Last Sky\u201c. Mahmud Darwisch wurde als einer der herausragenden zeitgen\u00f6ssischen Dichter &hellip;","og_url":"https:\/\/www.jazzzeitung.de\/cms\/2025\/04\/after-the-last-sky-das-aktuelle-meisterwerk-von-anouar-brahem\/","og_site_name":"JazzZeitung","article_publisher":"https:\/\/www.facebook.com\/JazzZeitung\/","article_published_time":"2025-04-07T12:05:38+00:00","og_image":[{"width":1200,"height":800,"url":"https:\/\/www.jazzzeitung.de\/cms\/wp-content\/uploads\/2025\/04\/P1177825-sw-Brahem-Foto-TJ-Krebs.jpg","type":"image\/jpeg"}],"author":"Ursula Gaisa","schema":{"@context":"https:\/\/schema.org","@graph":[{"@type":"Article","@id":"https:\/\/www.jazzzeitung.de\/cms\/2025\/04\/after-the-last-sky-das-aktuelle-meisterwerk-von-anouar-brahem\/#article","isPartOf":{"@id":"https:\/\/www.jazzzeitung.de\/cms\/2025\/04\/after-the-last-sky-das-aktuelle-meisterwerk-von-anouar-brahem\/"},"author":{"name":"Ursula Gaisa","@id":"https:\/\/www.jazzzeitung.de\/cms\/#\/schema\/person\/1d7707f8668f083601157be48b16fe1b"},"headline":"\u201eAfter The Last Sky\u201c &#8211; das aktuelle Meisterwerk von Anouar Brahem","datePublished":"2025-04-07T12:05:38+00:00","mainEntityOfPage":{"@id":"https:\/\/www.jazzzeitung.de\/cms\/2025\/04\/after-the-last-sky-das-aktuelle-meisterwerk-von-anouar-brahem\/"},"wordCount":349,"commentCount":0,"publisher":{"@id":"https:\/\/www.jazzzeitung.de\/cms\/#organization"},"image":{"@id":"https:\/\/www.jazzzeitung.de\/cms\/2025\/04\/after-the-last-sky-das-aktuelle-meisterwerk-von-anouar-brahem\/#primaryimage"},"thumbnailUrl":"https:\/\/i0.wp.com\/www.jazzzeitung.de\/cms\/wp-content\/uploads\/2025\/04\/P1177825-sw-Brahem-Foto-TJ-Krebs.jpg?fit=1200%2C800&ssl=1","keywords":["Anouar Brahem","Thomas J. Krebs","\u201eAfter The Last Sky\u201c"],"articleSection":["Rezension"],"inLanguage":"de","potentialAction":[{"@type":"CommentAction","name":"Comment","target":["https:\/\/www.jazzzeitung.de\/cms\/2025\/04\/after-the-last-sky-das-aktuelle-meisterwerk-von-anouar-brahem\/#respond"]}]},{"@type":"WebPage","@id":"https:\/\/www.jazzzeitung.de\/cms\/2025\/04\/after-the-last-sky-das-aktuelle-meisterwerk-von-anouar-brahem\/","url":"https:\/\/www.jazzzeitung.de\/cms\/2025\/04\/after-the-last-sky-das-aktuelle-meisterwerk-von-anouar-brahem\/","name":"\u201eAfter The Last Sky\u201c - das aktuelle Meisterwerk von Anouar Brahem - JazzZeitung","isPartOf":{"@id":"https:\/\/www.jazzzeitung.de\/cms\/#website"},"primaryImageOfPage":{"@id":"https:\/\/www.jazzzeitung.de\/cms\/2025\/04\/after-the-last-sky-das-aktuelle-meisterwerk-von-anouar-brahem\/#primaryimage"},"image":{"@id":"https:\/\/www.jazzzeitung.de\/cms\/2025\/04\/after-the-last-sky-das-aktuelle-meisterwerk-von-anouar-brahem\/#primaryimage"},"thumbnailUrl":"https:\/\/i0.wp.com\/www.jazzzeitung.de\/cms\/wp-content\/uploads\/2025\/04\/P1177825-sw-Brahem-Foto-TJ-Krebs.jpg?fit=1200%2C800&ssl=1","datePublished":"2025-04-07T12:05:38+00:00","breadcrumb":{"@id":"https:\/\/www.jazzzeitung.de\/cms\/2025\/04\/after-the-last-sky-das-aktuelle-meisterwerk-von-anouar-brahem\/#breadcrumb"},"inLanguage":"de","potentialAction":[{"@type":"ReadAction","target":["https:\/\/www.jazzzeitung.de\/cms\/2025\/04\/after-the-last-sky-das-aktuelle-meisterwerk-von-anouar-brahem\/"]}]},{"@type":"ImageObject","inLanguage":"de","@id":"https:\/\/www.jazzzeitung.de\/cms\/2025\/04\/after-the-last-sky-das-aktuelle-meisterwerk-von-anouar-brahem\/#primaryimage","url":"https:\/\/i0.wp.com\/www.jazzzeitung.de\/cms\/wp-content\/uploads\/2025\/04\/P1177825-sw-Brahem-Foto-TJ-Krebs.jpg?fit=1200%2C800&ssl=1","contentUrl":"https:\/\/i0.wp.com\/www.jazzzeitung.de\/cms\/wp-content\/uploads\/2025\/04\/P1177825-sw-Brahem-Foto-TJ-Krebs.jpg?fit=1200%2C800&ssl=1","width":1200,"height":800},{"@type":"BreadcrumbList","@id":"https:\/\/www.jazzzeitung.de\/cms\/2025\/04\/after-the-last-sky-das-aktuelle-meisterwerk-von-anouar-brahem\/#breadcrumb","itemListElement":[{"@type":"ListItem","position":1,"name":"Startseite","item":"https:\/\/www.jazzzeitung.de\/cms\/"},{"@type":"ListItem","position":2,"name":"\u201eAfter The Last Sky\u201c &#8211; das aktuelle Meisterwerk von Anouar Brahem"}]},{"@type":"WebSite","@id":"https:\/\/www.jazzzeitung.de\/cms\/#website","url":"https:\/\/www.jazzzeitung.de\/cms\/","name":"JazzZeitung","description":"Jazz-News und Jazz-Kontroverses","publisher":{"@id":"https:\/\/www.jazzzeitung.de\/cms\/#organization"},"potentialAction":[{"@type":"SearchAction","target":{"@type":"EntryPoint","urlTemplate":"https:\/\/www.jazzzeitung.de\/cms\/?s={search_term_string}"},"query-input":{"@type":"PropertyValueSpecification","valueRequired":true,"valueName":"search_term_string"}}],"inLanguage":"de"},{"@type":"Organization","@id":"https:\/\/www.jazzzeitung.de\/cms\/#organization","name":"JazzZeitung online","url":"https:\/\/www.jazzzeitung.de\/cms\/","logo":{"@type":"ImageObject","inLanguage":"de","@id":"https:\/\/www.jazzzeitung.de\/cms\/#\/schema\/logo\/image\/","url":"https:\/\/i0.wp.com\/www.jazzzeitung.de\/cms\/wp-content\/uploads\/2015\/08\/JAZZZEITUNGDE_Logo_Neu.png?fit=499%2C200&ssl=1","contentUrl":"https:\/\/i0.wp.com\/www.jazzzeitung.de\/cms\/wp-content\/uploads\/2015\/08\/JAZZZEITUNGDE_Logo_Neu.png?fit=499%2C200&ssl=1","width":499,"height":200,"caption":"JazzZeitung online"},"image":{"@id":"https:\/\/www.jazzzeitung.de\/cms\/#\/schema\/logo\/image\/"},"sameAs":["https:\/\/www.facebook.com\/JazzZeitung\/"]},{"@type":"Person","@id":"https:\/\/www.jazzzeitung.de\/cms\/#\/schema\/person\/1d7707f8668f083601157be48b16fe1b","name":"Ursula Gaisa","image":{"@type":"ImageObject","inLanguage":"de","@id":"https:\/\/secure.gravatar.com\/avatar\/b9c23f3e1855277dfcc4682042bfb89dce806656872e44d5f2f2670a602ecfde?s=96&d=wp_user_avatar&r=g2a222bd83deef568a70b811610d29664","url":"https:\/\/secure.gravatar.com\/avatar\/b9c23f3e1855277dfcc4682042bfb89dce806656872e44d5f2f2670a602ecfde?s=96&d=wp_user_avatar&r=g","contentUrl":"https:\/\/secure.gravatar.com\/avatar\/b9c23f3e1855277dfcc4682042bfb89dce806656872e44d5f2f2670a602ecfde?s=96&d=wp_user_avatar&r=g","caption":"Ursula Gaisa"},"url":"https:\/\/www.jazzzeitung.de\/cms\/author\/gaisa\/"}]}},"wp-worthy-pixel":{"ignored":false,"public":null,"server":null,"url":null},"wp-worthy-type":"normal","jetpack_publicize_connections":[],"cc_featured_image_caption":{"caption_text":"","source_text":"","source_url":""},"jetpack_featured_media_url":"https:\/\/i0.wp.com\/www.jazzzeitung.de\/cms\/wp-content\/uploads\/2025\/04\/P1177825-sw-Brahem-Foto-TJ-Krebs.jpg?fit=1200%2C800&ssl=1","jetpack_shortlink":"https:\/\/wp.me\/p3KEcT-8qV","jetpack-related-posts":[{"id":32514,"url":"https:\/\/www.jazzzeitung.de\/cms\/2025\/05\/anouar-brahmen-live-in-muenchen-after-the-last-sky\/","url_meta":{"origin":32421,"position":0},"title":"Anouar Brahem live in M\u00fcnchen &#8211; \u201eAfter the last Sky\u201c","author":"Thomas J. Krebs","date":"8. Mai 2025","format":false,"excerpt":"Das Jahr 1990 war ein Wendepunkt in der musikalischen Laufbahn des tunesischen Oud-Meisters Anouar Brahem, ein Gl\u00fccksfall f\u00fcr die Jazzgemeinde und alle Fans. In diesem Jahr n\u00e4mlich begegnete er Manfred Eicher vom M\u00fcnchner Label ECM, der Rest ist Geschichte. In den vergangenen f\u00fcnfundzwanzig Jahren entstanden zahlreiche Alben u.a. mit Jan\u2026","rel":"","context":"In &quot;Bericht&quot;","block_context":{"text":"Bericht","link":"https:\/\/www.jazzzeitung.de\/cms\/thema\/bericht\/"},"img":{"alt_text":"","src":"https:\/\/i0.wp.com\/www.jazzzeitung.de\/cms\/wp-content\/uploads\/2025\/05\/P1611231-Brahem-Quartett-Foto-TJ-Krebs.jpg?fit=1200%2C799&ssl=1&resize=350%2C200","width":350,"height":200,"srcset":"https:\/\/i0.wp.com\/www.jazzzeitung.de\/cms\/wp-content\/uploads\/2025\/05\/P1611231-Brahem-Quartett-Foto-TJ-Krebs.jpg?fit=1200%2C799&ssl=1&resize=350%2C200 1x, https:\/\/i0.wp.com\/www.jazzzeitung.de\/cms\/wp-content\/uploads\/2025\/05\/P1611231-Brahem-Quartett-Foto-TJ-Krebs.jpg?fit=1200%2C799&ssl=1&resize=525%2C300 1.5x, https:\/\/i0.wp.com\/www.jazzzeitung.de\/cms\/wp-content\/uploads\/2025\/05\/P1611231-Brahem-Quartett-Foto-TJ-Krebs.jpg?fit=1200%2C799&ssl=1&resize=700%2C400 2x, https:\/\/i0.wp.com\/www.jazzzeitung.de\/cms\/wp-content\/uploads\/2025\/05\/P1611231-Brahem-Quartett-Foto-TJ-Krebs.jpg?fit=1200%2C799&ssl=1&resize=1050%2C600 3x"},"classes":[]},{"id":15668,"url":"https:\/\/www.jazzzeitung.de\/cms\/2018\/04\/anouar-brahem-tunesian-blues-in-der-muenchner-philharmonie\/","url_meta":{"origin":32421,"position":1},"title":"Anouar Brahem &#8211; Tunesian Blues in der M\u00fcnchner Philharmonie","author":"Thomas J. Krebs","date":"16. April 2018","format":false,"excerpt":"Es gibt sie \u2026 diese \u00dcberraschungsabende und -konzerte. Man freut sich darauf, hat eine gewisse Erwartung, ist gespannt auf Musiker in einer bestimmten Formation und am Ende ist alles doch anders, noch viel besser und interessanter als man es sich gew\u00fcnscht hat. So geschehen am vergangenen Samstag. Anouar Brahem, der\u2026","rel":"","context":"In &quot;Bericht&quot;","block_context":{"text":"Bericht","link":"https:\/\/www.jazzzeitung.de\/cms\/thema\/bericht\/"},"img":{"alt_text":"","src":"https:\/\/i0.wp.com\/www.jazzzeitung.de\/cms\/wp-content\/uploads\/2018\/04\/Anouar-Brahem-3-Foto-TJ-Krebs-jazzphotoagency%40web.de_.jpg?fit=1200%2C800&ssl=1&resize=350%2C200","width":350,"height":200,"srcset":"https:\/\/i0.wp.com\/www.jazzzeitung.de\/cms\/wp-content\/uploads\/2018\/04\/Anouar-Brahem-3-Foto-TJ-Krebs-jazzphotoagency%40web.de_.jpg?fit=1200%2C800&ssl=1&resize=350%2C200 1x, https:\/\/i0.wp.com\/www.jazzzeitung.de\/cms\/wp-content\/uploads\/2018\/04\/Anouar-Brahem-3-Foto-TJ-Krebs-jazzphotoagency%40web.de_.jpg?fit=1200%2C800&ssl=1&resize=525%2C300 1.5x, https:\/\/i0.wp.com\/www.jazzzeitung.de\/cms\/wp-content\/uploads\/2018\/04\/Anouar-Brahem-3-Foto-TJ-Krebs-jazzphotoagency%40web.de_.jpg?fit=1200%2C800&ssl=1&resize=700%2C400 2x, https:\/\/i0.wp.com\/www.jazzzeitung.de\/cms\/wp-content\/uploads\/2018\/04\/Anouar-Brahem-3-Foto-TJ-Krebs-jazzphotoagency%40web.de_.jpg?fit=1200%2C800&ssl=1&resize=1050%2C600 3x"},"classes":[]},{"id":27083,"url":"https:\/\/www.jazzzeitung.de\/cms\/2022\/04\/klangliche-seiltaenze-voller-zaertlichkeit\/","url_meta":{"origin":32421,"position":2},"title":"Klangliche Seilt\u00e4nze voller Z\u00e4rtlichkeit","author":"Redaktion JazzZeitung","date":"9. April 2022","format":false,"excerpt":"Erst nach mehreren Zugaben durfte das gefeierte Duo mit Jean-Louis Matinier und Kevin Seddiki von der B\u00fchne im Leeren Beutel in Regensburg. Von Michael Scheiner Irgendwann beginnt es im Kopf zu klingeln und Erinnerungen an ein weit entferntes Konzert, \u201eFriday Night in San Francisco\u201c, tauchen bei einigen Akkorden von Kevin\u2026","rel":"","context":"In &quot;Bericht&quot;","block_context":{"text":"Bericht","link":"https:\/\/www.jazzzeitung.de\/cms\/thema\/bericht\/"},"img":{"alt_text":"","src":"https:\/\/i0.wp.com\/www.jazzzeitung.de\/cms\/wp-content\/uploads\/2022\/04\/Seddiki-matinier_45.jpg?fit=1200%2C801&ssl=1&resize=350%2C200","width":350,"height":200,"srcset":"https:\/\/i0.wp.com\/www.jazzzeitung.de\/cms\/wp-content\/uploads\/2022\/04\/Seddiki-matinier_45.jpg?fit=1200%2C801&ssl=1&resize=350%2C200 1x, https:\/\/i0.wp.com\/www.jazzzeitung.de\/cms\/wp-content\/uploads\/2022\/04\/Seddiki-matinier_45.jpg?fit=1200%2C801&ssl=1&resize=525%2C300 1.5x, https:\/\/i0.wp.com\/www.jazzzeitung.de\/cms\/wp-content\/uploads\/2022\/04\/Seddiki-matinier_45.jpg?fit=1200%2C801&ssl=1&resize=700%2C400 2x, https:\/\/i0.wp.com\/www.jazzzeitung.de\/cms\/wp-content\/uploads\/2022\/04\/Seddiki-matinier_45.jpg?fit=1200%2C801&ssl=1&resize=1050%2C600 3x"},"classes":[]},{"id":28020,"url":"https:\/\/www.jazzzeitung.de\/cms\/2022\/08\/das-jazzfestival-im-suedschwedischen-ystad-in-seiner-13-ausgabe\/","url_meta":{"origin":32421,"position":3},"title":"Das Jazzfestival im s\u00fcdschwedischen Ystad in seiner 13. Ausgabe","author":"Redaktion JazzZeitung","date":"9. August 2022","format":false,"excerpt":"Abgespeckt \u2013 aber idyllisch wie eh und je: das Jazzfest in Wallanders Heimat Traumhimmel im gelblichem Abendlicht, sanfte W\u00f6lkchen \u2013 und lauter T\u00f6ne zum Schwelgen: Der s\u00fcdschwedische Ort Ystad, den Krimi-Fans durch die Filme um Kommissar Kurt Wallander kennen, bietet eine der sch\u00f6nsten Kulissen f\u00fcr ein Jazzfestival. Im hinrei\u00dfenden dortigen\u2026","rel":"","context":"In &quot;Bericht&quot;","block_context":{"text":"Bericht","link":"https:\/\/www.jazzzeitung.de\/cms\/thema\/bericht\/"},"img":{"alt_text":"","src":"https:\/\/i0.wp.com\/www.jazzzeitung.de\/cms\/wp-content\/uploads\/2022\/08\/Nicole-Johaenntgen-und-der-12jaehrige-Theo-Lantz-als-Strassenmusiker-in-Ystad-scaled.jpg?fit=1200%2C900&ssl=1&resize=350%2C200","width":350,"height":200,"srcset":"https:\/\/i0.wp.com\/www.jazzzeitung.de\/cms\/wp-content\/uploads\/2022\/08\/Nicole-Johaenntgen-und-der-12jaehrige-Theo-Lantz-als-Strassenmusiker-in-Ystad-scaled.jpg?fit=1200%2C900&ssl=1&resize=350%2C200 1x, https:\/\/i0.wp.com\/www.jazzzeitung.de\/cms\/wp-content\/uploads\/2022\/08\/Nicole-Johaenntgen-und-der-12jaehrige-Theo-Lantz-als-Strassenmusiker-in-Ystad-scaled.jpg?fit=1200%2C900&ssl=1&resize=525%2C300 1.5x, https:\/\/i0.wp.com\/www.jazzzeitung.de\/cms\/wp-content\/uploads\/2022\/08\/Nicole-Johaenntgen-und-der-12jaehrige-Theo-Lantz-als-Strassenmusiker-in-Ystad-scaled.jpg?fit=1200%2C900&ssl=1&resize=700%2C400 2x, https:\/\/i0.wp.com\/www.jazzzeitung.de\/cms\/wp-content\/uploads\/2022\/08\/Nicole-Johaenntgen-und-der-12jaehrige-Theo-Lantz-als-Strassenmusiker-in-Ystad-scaled.jpg?fit=1200%2C900&ssl=1&resize=1050%2C600 3x"},"classes":[]},{"id":14461,"url":"https:\/\/www.jazzzeitung.de\/cms\/2017\/12\/die-jazz-radiowoche-vom-11-12-bis-17-12-2017\/","url_meta":{"origin":32421,"position":4},"title":"Die Jazz-Radiowoche vom 11.12. bis 17.12.2017","author":"Huflaikhan","date":"10. Dezember 2017","format":false,"excerpt":"Ein subjektiver Blick in die Jazzwoche 50 im Radio. Unter anderem mit: Gregory Porter, New Jazz Meeting 2016, Philip Catherine, SWR NEWJazz Meeting, NDR Bigband, Woody Herman, Fred Hersch, Eric Marienthal, NUEJAZZ Festival, John Surman, Anouar Brahem, Dhafer Youssef, Kurt Henkels, Ren\u00e9 Urtreger, Markus Stockhausen, Lee Konitz \u201eThe Lee Konitz\u2026","rel":"","context":"In &quot;News&quot;","block_context":{"text":"News","link":"https:\/\/www.jazzzeitung.de\/cms\/thema\/nachrichten\/"},"img":{"alt_text":"Jazz im Radio","src":"https:\/\/i0.wp.com\/www.jazzzeitung.de\/cms\/wp-content\/uploads\/2017\/10\/radio-jazz-neu.jpg?fit=1200%2C900&ssl=1&resize=350%2C200","width":350,"height":200,"srcset":"https:\/\/i0.wp.com\/www.jazzzeitung.de\/cms\/wp-content\/uploads\/2017\/10\/radio-jazz-neu.jpg?fit=1200%2C900&ssl=1&resize=350%2C200 1x, https:\/\/i0.wp.com\/www.jazzzeitung.de\/cms\/wp-content\/uploads\/2017\/10\/radio-jazz-neu.jpg?fit=1200%2C900&ssl=1&resize=525%2C300 1.5x, https:\/\/i0.wp.com\/www.jazzzeitung.de\/cms\/wp-content\/uploads\/2017\/10\/radio-jazz-neu.jpg?fit=1200%2C900&ssl=1&resize=700%2C400 2x, https:\/\/i0.wp.com\/www.jazzzeitung.de\/cms\/wp-content\/uploads\/2017\/10\/radio-jazz-neu.jpg?fit=1200%2C900&ssl=1&resize=1050%2C600 3x"},"classes":[]},{"id":14305,"url":"https:\/\/www.jazzzeitung.de\/cms\/2017\/11\/ecm-records-beginnt-mit-streaming\/","url_meta":{"origin":32421,"position":5},"title":"ECM Records beginnt mit Streaming","author":"Huflaikhan","date":"17. November 2017","format":false,"excerpt":"Einige haben es in den letzten Tagen schon bemerkt. Der Musikkatalog von ECM tauchte fallweise bei einigen Streamingdiensten auf. Nun ist es offiziell: \"Das Label ECM Records gab heute bekannt, dass es seine Zusammenarbeit mit dem langj\u00e4hrigen Vertriebspartner Universal Music Group (UMG), Weltmarktf\u00fchrer im musikbasierten Unterhaltungsgesch\u00e4ft, ausbaut, um den gesamten\u2026","rel":"","context":"In &quot;News&quot;","block_context":{"text":"News","link":"https:\/\/www.jazzzeitung.de\/cms\/thema\/nachrichten\/"},"img":{"alt_text":"Auch eine Art Streamingdienst. Foto: Hufner","src":"https:\/\/i0.wp.com\/www.jazzzeitung.de\/cms\/wp-content\/uploads\/2017\/11\/toieltte.jpg?fit=1200%2C900&ssl=1&resize=350%2C200","width":350,"height":200,"srcset":"https:\/\/i0.wp.com\/www.jazzzeitung.de\/cms\/wp-content\/uploads\/2017\/11\/toieltte.jpg?fit=1200%2C900&ssl=1&resize=350%2C200 1x, https:\/\/i0.wp.com\/www.jazzzeitung.de\/cms\/wp-content\/uploads\/2017\/11\/toieltte.jpg?fit=1200%2C900&ssl=1&resize=525%2C300 1.5x, https:\/\/i0.wp.com\/www.jazzzeitung.de\/cms\/wp-content\/uploads\/2017\/11\/toieltte.jpg?fit=1200%2C900&ssl=1&resize=700%2C400 2x, https:\/\/i0.wp.com\/www.jazzzeitung.de\/cms\/wp-content\/uploads\/2017\/11\/toieltte.jpg?fit=1200%2C900&ssl=1&resize=1050%2C600 3x"},"classes":[]}],"jetpack_sharing_enabled":true,"_links":{"self":[{"href":"https:\/\/www.jazzzeitung.de\/cms\/wp-json\/wp\/v2\/posts\/32421","targetHints":{"allow":["GET"]}}],"collection":[{"href":"https:\/\/www.jazzzeitung.de\/cms\/wp-json\/wp\/v2\/posts"}],"about":[{"href":"https:\/\/www.jazzzeitung.de\/cms\/wp-json\/wp\/v2\/types\/post"}],"author":[{"embeddable":true,"href":"https:\/\/www.jazzzeitung.de\/cms\/wp-json\/wp\/v2\/users\/6"}],"replies":[{"embeddable":true,"href":"https:\/\/www.jazzzeitung.de\/cms\/wp-json\/wp\/v2\/comments?post=32421"}],"version-history":[{"count":1,"href":"https:\/\/www.jazzzeitung.de\/cms\/wp-json\/wp\/v2\/posts\/32421\/revisions"}],"predecessor-version":[{"id":32424,"href":"https:\/\/www.jazzzeitung.de\/cms\/wp-json\/wp\/v2\/posts\/32421\/revisions\/32424"}],"wp:featuredmedia":[{"embeddable":true,"href":"https:\/\/www.jazzzeitung.de\/cms\/wp-json\/wp\/v2\/media\/32422"}],"wp:attachment":[{"href":"https:\/\/www.jazzzeitung.de\/cms\/wp-json\/wp\/v2\/media?parent=32421"}],"wp:term":[{"taxonomy":"category","embeddable":true,"href":"https:\/\/www.jazzzeitung.de\/cms\/wp-json\/wp\/v2\/categories?post=32421"},{"taxonomy":"post_tag","embeddable":true,"href":"https:\/\/www.jazzzeitung.de\/cms\/wp-json\/wp\/v2\/tags?post=32421"},{"taxonomy":"author","embeddable":true,"href":"https:\/\/www.jazzzeitung.de\/cms\/wp-json\/wp\/v2\/coauthors?post=32421"}],"curies":[{"name":"wp","href":"https:\/\/api.w.org\/{rel}","templated":true}]}}