{"id":32372,"date":"2025-03-26T12:55:52","date_gmt":"2025-03-26T11:55:52","guid":{"rendered":"https:\/\/www.jazzzeitung.de\/cms\/?p=32372"},"modified":"2025-03-26T12:55:52","modified_gmt":"2025-03-26T11:55:52","slug":"irgendwo-zwischen-dichterliebe-und-future-17-tontraegerinnen-im-schnelldurchlauf","status":"publish","type":"post","link":"https:\/\/www.jazzzeitung.de\/cms\/2025\/03\/irgendwo-zwischen-dichterliebe-und-future-17-tontraegerinnen-im-schnelldurchlauf\/","title":{"rendered":"Irgendwo zwischen Dichterliebe und Future \u2026 17 Tontr\u00e4ger:innen im Schnelldurchlauf"},"content":{"rendered":"<p>17 Platten aus dem Jazz und an- und umgrenzenden Bereichen. Die Links f\u00fchren zu den vollst\u00e4ndigen Kritiken in der <a href=\"https:\/\/hoerbar.nmz.de\/\">H\u00f6rBar<\/a> der<a href=\"https:\/\/www.nmz.de\/\"> neuen musikzeitung<\/a>.<\/p>\n<ul>\n<li><span style=\"font-family: Inclusive Sans, sans-serif;\"><a href=\"#__RefHeading___Toc4355_3528277511\">Lock: Ephemerist<\/a><\/span><\/li>\n<li><span style=\"font-family: Inclusive Sans, sans-serif;\"><a href=\"#__RefHeading___Toc4357_3528277511\">Stax + Max Stadtfeld: Fancy Future<\/a><\/span><\/li>\n<li><span style=\"font-family: Inclusive Sans, sans-serif;\"><a href=\"#__RefHeading___Toc4359_3528277511\">Gabriel Vic\u00e9ns \u2013 Mural<\/a><\/span><\/li>\n<li><span style=\"font-family: Inclusive Sans, sans-serif;\"><a href=\"#__RefHeading___Toc4361_3528277511\">Live At FreeJazzSaar 2019<\/a><\/span><\/li>\n<li><span style=\"font-family: Inclusive Sans, sans-serif;\"><a href=\"#__RefHeading___Toc4363_3528277511\">Koppel\/Blade\/Koppel \u2013 Time Again<\/a><\/span><\/li>\n<li><span style=\"font-family: Inclusive Sans, sans-serif;\"><a href=\"#__RefHeading___Toc4365_3528277511\">Koppel: Story Of Mankind \u2013 A Requiem<\/a><\/span><\/li>\n<li><span style=\"font-family: Inclusive Sans, sans-serif;\"><a href=\"#__RefHeading___Toc4367_3528277511\">Taranczewski: LOM<\/a><\/span><\/li>\n<li><span style=\"font-family: Inclusive Sans, sans-serif;\"><a href=\"#__RefHeading___Toc4369_3528277511\">Poetzsch \/ Dirks \u2013 Collateral Flow<\/a><\/span><\/li>\n<li><span style=\"font-family: Inclusive Sans, sans-serif;\"><a href=\"#__RefHeading___Toc4371_3528277511\">Ensemble Ambidexter \u2013 Ensemble Ambidexter<\/a><\/span><\/li>\n<li><span style=\"font-family: Inclusive Sans, sans-serif;\"><a href=\"#__RefHeading___Toc4373_3528277511\">Kaan Bulak \u2013\u00a0No Clouds in Haraz<\/a><\/span><\/li>\n<li><span style=\"font-family: Inclusive Sans, sans-serif;\"><a href=\"#__RefHeading___Toc4375_3528277511\">Eichheuser Quintett \u2013 Irgendwo dazwischen<\/a><\/span><\/li>\n<li><span style=\"font-family: Inclusive Sans, sans-serif;\"><a href=\"#__RefHeading___Toc4377_3528277511\">Randalu \u2013 Dichterliebe<\/a><\/span><\/li>\n<li><span style=\"font-family: Inclusive Sans, sans-serif;\"><a href=\"#__RefHeading___Toc4379_3528277511\">Paeffgen \u2013 Gia<\/a><\/span><\/li>\n<li><span style=\"font-family: Inclusive Sans, sans-serif;\"><a href=\"#__RefHeading___Toc4381_3528277511\">Ullmann \u2013 Hemisphere 4<\/a><\/span><\/li>\n<li><span style=\"font-family: Inclusive Sans, sans-serif;\"><a href=\"#__RefHeading___Toc4383_3528277511\">Kamperman \u2013 Maison Moderne<\/a><\/span><\/li>\n<li><span style=\"font-family: Inclusive Sans, sans-serif;\"><a href=\"#__RefHeading___Toc4385_3528277511\">Ohlmeier \/ Klein \u2013 Left side right<\/a><\/span><\/li>\n<li><span style=\"font-family: Inclusive Sans, sans-serif;\"><a href=\"#__RefHeading___Toc4387_3528277511\">Schmid \/ Duppler \/ Jensson \u2013 Bl\u00ed\u00f0ur<\/a><\/span><\/li>\n<\/ul>\n<hr \/>\n<div data-carousel-extra='{&quot;blog_id&quot;:1,&quot;permalink&quot;:&quot;https:\/\/www.jazzzeitung.de\/cms\/2025\/03\/irgendwo-zwischen-dichterliebe-und-future-17-tontraegerinnen-im-schnelldurchlauf\/&quot;}' id='gallery-1' class='gallery galleryid-32372 gallery-columns-5 gallery-size-thumbnail'><figure class='gallery-item'>\n\t\t\t<div class='gallery-icon landscape'>\n\t\t\t\t<a href='https:\/\/www.jazzzeitung.de\/cms\/2025\/03\/irgendwo-zwischen-dichterliebe-und-future-17-tontraegerinnen-im-schnelldurchlauf\/lock\/'><img loading=\"lazy\" decoding=\"async\" width=\"150\" height=\"150\" src=\"https:\/\/i0.wp.com\/www.jazzzeitung.de\/cms\/wp-content\/uploads\/2025\/03\/lock.jpg?resize=150%2C150&amp;ssl=1\" class=\"attachment-thumbnail size-thumbnail\" alt=\"\" srcset=\"https:\/\/i0.wp.com\/www.jazzzeitung.de\/cms\/wp-content\/uploads\/2025\/03\/lock.jpg?w=1200&amp;ssl=1 1200w, https:\/\/i0.wp.com\/www.jazzzeitung.de\/cms\/wp-content\/uploads\/2025\/03\/lock.jpg?resize=300%2C300&amp;ssl=1 300w, https:\/\/i0.wp.com\/www.jazzzeitung.de\/cms\/wp-content\/uploads\/2025\/03\/lock.jpg?resize=601%2C600&amp;ssl=1 601w, https:\/\/i0.wp.com\/www.jazzzeitung.de\/cms\/wp-content\/uploads\/2025\/03\/lock.jpg?resize=150%2C150&amp;ssl=1 150w, https:\/\/i0.wp.com\/www.jazzzeitung.de\/cms\/wp-content\/uploads\/2025\/03\/lock.jpg?resize=768%2C767&amp;ssl=1 768w, https:\/\/i0.wp.com\/www.jazzzeitung.de\/cms\/wp-content\/uploads\/2025\/03\/lock.jpg?resize=24%2C24&amp;ssl=1 24w, https:\/\/i0.wp.com\/www.jazzzeitung.de\/cms\/wp-content\/uploads\/2025\/03\/lock.jpg?resize=48%2C48&amp;ssl=1 48w, https:\/\/i0.wp.com\/www.jazzzeitung.de\/cms\/wp-content\/uploads\/2025\/03\/lock.jpg?resize=96%2C96&amp;ssl=1 96w\" sizes=\"auto, (max-width: 150px) 100vw, 150px\" data-attachment-id=\"32382\" data-permalink=\"https:\/\/www.jazzzeitung.de\/cms\/2025\/03\/irgendwo-zwischen-dichterliebe-und-future-17-tontraegerinnen-im-schnelldurchlauf\/lock\/\" data-orig-file=\"https:\/\/i0.wp.com\/www.jazzzeitung.de\/cms\/wp-content\/uploads\/2025\/03\/lock.jpg?fit=1200%2C1199&amp;ssl=1\" data-orig-size=\"1200,1199\" data-comments-opened=\"1\" data-image-meta=\"{&quot;aperture&quot;:&quot;0&quot;,&quot;credit&quot;:&quot;&quot;,&quot;camera&quot;:&quot;&quot;,&quot;caption&quot;:&quot;&quot;,&quot;created_timestamp&quot;:&quot;0&quot;,&quot;copyright&quot;:&quot;&quot;,&quot;focal_length&quot;:&quot;0&quot;,&quot;iso&quot;:&quot;0&quot;,&quot;shutter_speed&quot;:&quot;0&quot;,&quot;title&quot;:&quot;&quot;,&quot;orientation&quot;:&quot;0&quot;}\" data-image-title=\"lock\" data-image-description=\"\" data-image-caption=\"\" data-large-file=\"https:\/\/i0.wp.com\/www.jazzzeitung.de\/cms\/wp-content\/uploads\/2025\/03\/lock.jpg?fit=601%2C600&amp;ssl=1\" \/><\/a>\n\t\t\t<\/div><\/figure><figure class='gallery-item'>\n\t\t\t<div class='gallery-icon landscape'>\n\t\t\t\t<a href='https:\/\/www.jazzzeitung.de\/cms\/2025\/03\/irgendwo-zwischen-dichterliebe-und-future-17-tontraegerinnen-im-schnelldurchlauf\/stax\/'><img loading=\"lazy\" decoding=\"async\" width=\"150\" height=\"150\" src=\"https:\/\/i0.wp.com\/www.jazzzeitung.de\/cms\/wp-content\/uploads\/2025\/03\/stax.jpg?resize=150%2C150&amp;ssl=1\" class=\"attachment-thumbnail size-thumbnail\" alt=\"\" srcset=\"https:\/\/i0.wp.com\/www.jazzzeitung.de\/cms\/wp-content\/uploads\/2025\/03\/stax.jpg?w=1200&amp;ssl=1 1200w, https:\/\/i0.wp.com\/www.jazzzeitung.de\/cms\/wp-content\/uploads\/2025\/03\/stax.jpg?resize=300%2C300&amp;ssl=1 300w, https:\/\/i0.wp.com\/www.jazzzeitung.de\/cms\/wp-content\/uploads\/2025\/03\/stax.jpg?resize=600%2C600&amp;ssl=1 600w, https:\/\/i0.wp.com\/www.jazzzeitung.de\/cms\/wp-content\/uploads\/2025\/03\/stax.jpg?resize=150%2C150&amp;ssl=1 150w, https:\/\/i0.wp.com\/www.jazzzeitung.de\/cms\/wp-content\/uploads\/2025\/03\/stax.jpg?resize=768%2C768&amp;ssl=1 768w, https:\/\/i0.wp.com\/www.jazzzeitung.de\/cms\/wp-content\/uploads\/2025\/03\/stax.jpg?resize=24%2C24&amp;ssl=1 24w, https:\/\/i0.wp.com\/www.jazzzeitung.de\/cms\/wp-content\/uploads\/2025\/03\/stax.jpg?resize=48%2C48&amp;ssl=1 48w, https:\/\/i0.wp.com\/www.jazzzeitung.de\/cms\/wp-content\/uploads\/2025\/03\/stax.jpg?resize=96%2C96&amp;ssl=1 96w\" sizes=\"auto, (max-width: 150px) 100vw, 150px\" data-attachment-id=\"32389\" data-permalink=\"https:\/\/www.jazzzeitung.de\/cms\/2025\/03\/irgendwo-zwischen-dichterliebe-und-future-17-tontraegerinnen-im-schnelldurchlauf\/stax\/\" data-orig-file=\"https:\/\/i0.wp.com\/www.jazzzeitung.de\/cms\/wp-content\/uploads\/2025\/03\/stax.jpg?fit=1200%2C1200&amp;ssl=1\" data-orig-size=\"1200,1200\" data-comments-opened=\"1\" data-image-meta=\"{&quot;aperture&quot;:&quot;0&quot;,&quot;credit&quot;:&quot;&quot;,&quot;camera&quot;:&quot;&quot;,&quot;caption&quot;:&quot;&quot;,&quot;created_timestamp&quot;:&quot;0&quot;,&quot;copyright&quot;:&quot;&quot;,&quot;focal_length&quot;:&quot;0&quot;,&quot;iso&quot;:&quot;0&quot;,&quot;shutter_speed&quot;:&quot;0&quot;,&quot;title&quot;:&quot;&quot;,&quot;orientation&quot;:&quot;0&quot;}\" data-image-title=\"stax\" data-image-description=\"\" data-image-caption=\"\" data-large-file=\"https:\/\/i0.wp.com\/www.jazzzeitung.de\/cms\/wp-content\/uploads\/2025\/03\/stax.jpg?fit=600%2C600&amp;ssl=1\" \/><\/a>\n\t\t\t<\/div><\/figure><figure class='gallery-item'>\n\t\t\t<div class='gallery-icon landscape'>\n\t\t\t\t<a href='https:\/\/www.jazzzeitung.de\/cms\/2025\/03\/irgendwo-zwischen-dichterliebe-und-future-17-tontraegerinnen-im-schnelldurchlauf\/vicens\/'><img loading=\"lazy\" decoding=\"async\" width=\"150\" height=\"150\" src=\"https:\/\/i0.wp.com\/www.jazzzeitung.de\/cms\/wp-content\/uploads\/2025\/03\/vicens.jpg?resize=150%2C150&amp;ssl=1\" class=\"attachment-thumbnail size-thumbnail\" alt=\"\" srcset=\"https:\/\/i0.wp.com\/www.jazzzeitung.de\/cms\/wp-content\/uploads\/2025\/03\/vicens.jpg?w=1200&amp;ssl=1 1200w, https:\/\/i0.wp.com\/www.jazzzeitung.de\/cms\/wp-content\/uploads\/2025\/03\/vicens.jpg?resize=300%2C300&amp;ssl=1 300w, https:\/\/i0.wp.com\/www.jazzzeitung.de\/cms\/wp-content\/uploads\/2025\/03\/vicens.jpg?resize=600%2C600&amp;ssl=1 600w, https:\/\/i0.wp.com\/www.jazzzeitung.de\/cms\/wp-content\/uploads\/2025\/03\/vicens.jpg?resize=150%2C150&amp;ssl=1 150w, https:\/\/i0.wp.com\/www.jazzzeitung.de\/cms\/wp-content\/uploads\/2025\/03\/vicens.jpg?resize=768%2C768&amp;ssl=1 768w, https:\/\/i0.wp.com\/www.jazzzeitung.de\/cms\/wp-content\/uploads\/2025\/03\/vicens.jpg?resize=24%2C24&amp;ssl=1 24w, https:\/\/i0.wp.com\/www.jazzzeitung.de\/cms\/wp-content\/uploads\/2025\/03\/vicens.jpg?resize=48%2C48&amp;ssl=1 48w, https:\/\/i0.wp.com\/www.jazzzeitung.de\/cms\/wp-content\/uploads\/2025\/03\/vicens.jpg?resize=96%2C96&amp;ssl=1 96w\" sizes=\"auto, (max-width: 150px) 100vw, 150px\" data-attachment-id=\"32391\" data-permalink=\"https:\/\/www.jazzzeitung.de\/cms\/2025\/03\/irgendwo-zwischen-dichterliebe-und-future-17-tontraegerinnen-im-schnelldurchlauf\/vicens\/\" data-orig-file=\"https:\/\/i0.wp.com\/www.jazzzeitung.de\/cms\/wp-content\/uploads\/2025\/03\/vicens.jpg?fit=1200%2C1200&amp;ssl=1\" data-orig-size=\"1200,1200\" data-comments-opened=\"1\" data-image-meta=\"{&quot;aperture&quot;:&quot;0&quot;,&quot;credit&quot;:&quot;&quot;,&quot;camera&quot;:&quot;&quot;,&quot;caption&quot;:&quot;&quot;,&quot;created_timestamp&quot;:&quot;0&quot;,&quot;copyright&quot;:&quot;&quot;,&quot;focal_length&quot;:&quot;0&quot;,&quot;iso&quot;:&quot;0&quot;,&quot;shutter_speed&quot;:&quot;0&quot;,&quot;title&quot;:&quot;&quot;,&quot;orientation&quot;:&quot;0&quot;}\" data-image-title=\"vicens\" data-image-description=\"\" data-image-caption=\"\" data-large-file=\"https:\/\/i0.wp.com\/www.jazzzeitung.de\/cms\/wp-content\/uploads\/2025\/03\/vicens.jpg?fit=600%2C600&amp;ssl=1\" \/><\/a>\n\t\t\t<\/div><\/figure><figure class='gallery-item'>\n\t\t\t<div class='gallery-icon landscape'>\n\t\t\t\t<a href='https:\/\/www.jazzzeitung.de\/cms\/2025\/03\/irgendwo-zwischen-dichterliebe-und-future-17-tontraegerinnen-im-schnelldurchlauf\/saar\/'><img loading=\"lazy\" decoding=\"async\" width=\"150\" height=\"150\" src=\"https:\/\/i0.wp.com\/www.jazzzeitung.de\/cms\/wp-content\/uploads\/2025\/03\/saar.jpg?resize=150%2C150&amp;ssl=1\" class=\"attachment-thumbnail size-thumbnail\" alt=\"\" srcset=\"https:\/\/i0.wp.com\/www.jazzzeitung.de\/cms\/wp-content\/uploads\/2025\/03\/saar.jpg?resize=150%2C150&amp;ssl=1 150w, https:\/\/i0.wp.com\/www.jazzzeitung.de\/cms\/wp-content\/uploads\/2025\/03\/saar.jpg?resize=24%2C24&amp;ssl=1 24w, https:\/\/i0.wp.com\/www.jazzzeitung.de\/cms\/wp-content\/uploads\/2025\/03\/saar.jpg?resize=48%2C48&amp;ssl=1 48w, https:\/\/i0.wp.com\/www.jazzzeitung.de\/cms\/wp-content\/uploads\/2025\/03\/saar.jpg?resize=96%2C96&amp;ssl=1 96w, https:\/\/i0.wp.com\/www.jazzzeitung.de\/cms\/wp-content\/uploads\/2025\/03\/saar.jpg?resize=300%2C300&amp;ssl=1 300w, https:\/\/i0.wp.com\/www.jazzzeitung.de\/cms\/wp-content\/uploads\/2025\/03\/saar.jpg?zoom=3&amp;resize=150%2C150&amp;ssl=1 450w\" sizes=\"auto, (max-width: 150px) 100vw, 150px\" data-attachment-id=\"32388\" data-permalink=\"https:\/\/www.jazzzeitung.de\/cms\/2025\/03\/irgendwo-zwischen-dichterliebe-und-future-17-tontraegerinnen-im-schnelldurchlauf\/saar\/\" data-orig-file=\"https:\/\/i0.wp.com\/www.jazzzeitung.de\/cms\/wp-content\/uploads\/2025\/03\/saar.jpg?fit=1200%2C1087&amp;ssl=1\" data-orig-size=\"1200,1087\" data-comments-opened=\"1\" data-image-meta=\"{&quot;aperture&quot;:&quot;0&quot;,&quot;credit&quot;:&quot;&quot;,&quot;camera&quot;:&quot;&quot;,&quot;caption&quot;:&quot;&quot;,&quot;created_timestamp&quot;:&quot;0&quot;,&quot;copyright&quot;:&quot;&quot;,&quot;focal_length&quot;:&quot;0&quot;,&quot;iso&quot;:&quot;0&quot;,&quot;shutter_speed&quot;:&quot;0&quot;,&quot;title&quot;:&quot;&quot;,&quot;orientation&quot;:&quot;0&quot;}\" data-image-title=\"saar\" data-image-description=\"\" data-image-caption=\"\" data-large-file=\"https:\/\/i0.wp.com\/www.jazzzeitung.de\/cms\/wp-content\/uploads\/2025\/03\/saar.jpg?fit=662%2C600&amp;ssl=1\" \/><\/a>\n\t\t\t<\/div><\/figure><figure class='gallery-item'>\n\t\t\t<div class='gallery-icon landscape'>\n\t\t\t\t<a href='https:\/\/www.jazzzeitung.de\/cms\/2025\/03\/irgendwo-zwischen-dichterliebe-und-future-17-tontraegerinnen-im-schnelldurchlauf\/koppel_time\/'><img loading=\"lazy\" decoding=\"async\" width=\"150\" height=\"150\" src=\"https:\/\/i0.wp.com\/www.jazzzeitung.de\/cms\/wp-content\/uploads\/2025\/03\/koppel_time.jpg?resize=150%2C150&amp;ssl=1\" class=\"attachment-thumbnail size-thumbnail\" alt=\"\" srcset=\"https:\/\/i0.wp.com\/www.jazzzeitung.de\/cms\/wp-content\/uploads\/2025\/03\/koppel_time.jpg?w=480&amp;ssl=1 480w, https:\/\/i0.wp.com\/www.jazzzeitung.de\/cms\/wp-content\/uploads\/2025\/03\/koppel_time.jpg?resize=300%2C300&amp;ssl=1 300w, https:\/\/i0.wp.com\/www.jazzzeitung.de\/cms\/wp-content\/uploads\/2025\/03\/koppel_time.jpg?resize=150%2C150&amp;ssl=1 150w, https:\/\/i0.wp.com\/www.jazzzeitung.de\/cms\/wp-content\/uploads\/2025\/03\/koppel_time.jpg?resize=24%2C24&amp;ssl=1 24w, https:\/\/i0.wp.com\/www.jazzzeitung.de\/cms\/wp-content\/uploads\/2025\/03\/koppel_time.jpg?resize=48%2C48&amp;ssl=1 48w, https:\/\/i0.wp.com\/www.jazzzeitung.de\/cms\/wp-content\/uploads\/2025\/03\/koppel_time.jpg?resize=96%2C96&amp;ssl=1 96w\" sizes=\"auto, (max-width: 150px) 100vw, 150px\" data-attachment-id=\"32381\" data-permalink=\"https:\/\/www.jazzzeitung.de\/cms\/2025\/03\/irgendwo-zwischen-dichterliebe-und-future-17-tontraegerinnen-im-schnelldurchlauf\/koppel_time\/\" data-orig-file=\"https:\/\/i0.wp.com\/www.jazzzeitung.de\/cms\/wp-content\/uploads\/2025\/03\/koppel_time.jpg?fit=480%2C480&amp;ssl=1\" data-orig-size=\"480,480\" data-comments-opened=\"1\" data-image-meta=\"{&quot;aperture&quot;:&quot;0&quot;,&quot;credit&quot;:&quot;&quot;,&quot;camera&quot;:&quot;&quot;,&quot;caption&quot;:&quot;&quot;,&quot;created_timestamp&quot;:&quot;0&quot;,&quot;copyright&quot;:&quot;&quot;,&quot;focal_length&quot;:&quot;0&quot;,&quot;iso&quot;:&quot;0&quot;,&quot;shutter_speed&quot;:&quot;0&quot;,&quot;title&quot;:&quot;&quot;,&quot;orientation&quot;:&quot;0&quot;}\" data-image-title=\"koppel_time\" data-image-description=\"\" data-image-caption=\"\" data-large-file=\"https:\/\/i0.wp.com\/www.jazzzeitung.de\/cms\/wp-content\/uploads\/2025\/03\/koppel_time.jpg?fit=480%2C480&amp;ssl=1\" \/><\/a>\n\t\t\t<\/div><\/figure>\n\t\t<\/div>\n\n<hr \/>\n<h3><a name=\"__RefHeading___Toc4355_3528277511\"><\/a><a href=\"https:\/\/hoerbar.nmz.de\/2024\/07\/lock-ephemerist\/\">Lock: Ephemerist<\/a><\/h3>\n<p>Locks Noise-Music: Abtauchen in den gro\u00dfen Haufen von Tonstroh. \u2026 Diese Musik lebt mehr durch Andeutungen einiger Stilmerkmale popul\u00e4rer elektronischer Dancemusic ,&#8230; <a href=\"https:\/\/hoerbar.nmz.de\/2024\/07\/lock-ephemerist\/\">Read more.<\/a><\/p>\n<h3 class=\"western\"><a name=\"__RefHeading___Toc4357_3528277511\"><\/a><a href=\"https:\/\/hoerbar.nmz.de\/2024\/07\/stax-max-stadtfeld-fancy-future\/\">Stax + Max Stadtfeld: Fancy Future<\/a><\/h3>\n<p>Fancy Future von Stax und Max Stadtfeld ist eine gro\u00dfherzige Klangmusik, kompromittierend rund und herbstlich reif. <a href=\"https:\/\/hoerbar.nmz.de\/2024\/07\/stax-max-stadtfeld-fancy-future\/\">Read more.<\/a><\/p>\n<h3 class=\"western\"><a name=\"__RefHeading___Toc4359_3528277511\"><\/a><a href=\"https:\/\/hoerbar.nmz.de\/2024\/07\/gabriel-vicens-mural\/\">Gabriel Vic\u00e9ns \u2013 Mural<\/a><\/h3>\n<p>\u2026 alle Klangformationen dieser hier sieben vorgelegten Kammermusikst\u00fccke lassen Luft zum H\u00f6ren. \u2026 Relationen, das Gesp\u00fcr f\u00fcr Gewichte von Kl\u00e4ngen in ihren Beziehungen untereinander, daf\u00fcr findet der Komponist sowohl in Leere wie Motorik die Form. Eigentlich ganz einfach! \u2026 <a href=\"https:\/\/hoerbar.nmz.de\/2024\/07\/gabriel-vicens-mural\/\">Read more.<\/a><\/p>\n<h3 class=\"western\"><a name=\"__RefHeading___Toc4361_3528277511\"><\/a><a href=\"https:\/\/hoerbar.nmz.de\/2024\/07\/live-at-freejazzsaar-2019\/\">Live At FreeJazzSaar 2019<\/a><\/h3>\n<p>Immer wieder ist es ein Wunder, wie sich diese vier Musiker im Metrum flexibel ausflankieren. Das rutscht wie von Geisterhand. Der erste Part von \u00abWhere is Charles?\u00bb brodelt und braust daher so irrwitzig auf und steht \u00fcber ganze 43 Minuten unter einem permanenten Klangdruck. Ist schon heftig und ein Gl\u00fcck! <a href=\"https:\/\/hoerbar.nmz.de\/2024\/07\/live-at-freejazzsaar-2019\/\">Read more.<\/a><\/p>\n<h3 class=\"western\"><a name=\"__RefHeading___Toc4363_3528277511\"><\/a><a href=\"https:\/\/hoerbar.nmz.de\/2024\/06\/koppel-blade-koppel-time-again\/\">Koppel\/Blade\/Koppel \u2013 Time Again<\/a><\/h3>\n<p>\u2026 Die Hammond-Orgel fl\u00f6tet mal hier, dann kreischt sie; die Drei drehen manchmal derma\u00dfen auf, dass man vom Stuhl kippt, wenn zum Beispiel Al Agami als rappender Lyriker dem Trio Infernale im Titelst\u00fcck \u00abTime Again\u00bb zur Seite steht. Das ist ohne Umwege glanzvoll und pures Energiespiel \u2026 <a href=\"https:\/\/hoerbar.nmz.de\/2024\/06\/koppel-blade-koppel-time-again\/\">Read more.<\/a><\/p>\n<hr \/>\n<div data-carousel-extra='{&quot;blog_id&quot;:1,&quot;permalink&quot;:&quot;https:\/\/www.jazzzeitung.de\/cms\/2025\/03\/irgendwo-zwischen-dichterliebe-und-future-17-tontraegerinnen-im-schnelldurchlauf\/&quot;}' id='gallery-2' class='gallery galleryid-32372 gallery-columns-4 gallery-size-thumbnail'><figure class='gallery-item'>\n\t\t\t<div class='gallery-icon landscape'>\n\t\t\t\t<a href='https:\/\/www.jazzzeitung.de\/cms\/2025\/03\/irgendwo-zwischen-dichterliebe-und-future-17-tontraegerinnen-im-schnelldurchlauf\/koppel_requiem\/'><img loading=\"lazy\" decoding=\"async\" width=\"150\" height=\"150\" src=\"https:\/\/i0.wp.com\/www.jazzzeitung.de\/cms\/wp-content\/uploads\/2025\/03\/koppel_requiem.jpg?resize=150%2C150&amp;ssl=1\" class=\"attachment-thumbnail size-thumbnail\" alt=\"\" srcset=\"https:\/\/i0.wp.com\/www.jazzzeitung.de\/cms\/wp-content\/uploads\/2025\/03\/koppel_requiem.jpg?w=1200&amp;ssl=1 1200w, https:\/\/i0.wp.com\/www.jazzzeitung.de\/cms\/wp-content\/uploads\/2025\/03\/koppel_requiem.jpg?resize=300%2C300&amp;ssl=1 300w, https:\/\/i0.wp.com\/www.jazzzeitung.de\/cms\/wp-content\/uploads\/2025\/03\/koppel_requiem.jpg?resize=600%2C600&amp;ssl=1 600w, https:\/\/i0.wp.com\/www.jazzzeitung.de\/cms\/wp-content\/uploads\/2025\/03\/koppel_requiem.jpg?resize=150%2C150&amp;ssl=1 150w, https:\/\/i0.wp.com\/www.jazzzeitung.de\/cms\/wp-content\/uploads\/2025\/03\/koppel_requiem.jpg?resize=768%2C768&amp;ssl=1 768w, https:\/\/i0.wp.com\/www.jazzzeitung.de\/cms\/wp-content\/uploads\/2025\/03\/koppel_requiem.jpg?resize=24%2C24&amp;ssl=1 24w, https:\/\/i0.wp.com\/www.jazzzeitung.de\/cms\/wp-content\/uploads\/2025\/03\/koppel_requiem.jpg?resize=48%2C48&amp;ssl=1 48w, https:\/\/i0.wp.com\/www.jazzzeitung.de\/cms\/wp-content\/uploads\/2025\/03\/koppel_requiem.jpg?resize=96%2C96&amp;ssl=1 96w\" sizes=\"auto, (max-width: 150px) 100vw, 150px\" data-attachment-id=\"32380\" data-permalink=\"https:\/\/www.jazzzeitung.de\/cms\/2025\/03\/irgendwo-zwischen-dichterliebe-und-future-17-tontraegerinnen-im-schnelldurchlauf\/koppel_requiem\/\" data-orig-file=\"https:\/\/i0.wp.com\/www.jazzzeitung.de\/cms\/wp-content\/uploads\/2025\/03\/koppel_requiem.jpg?fit=1200%2C1200&amp;ssl=1\" data-orig-size=\"1200,1200\" data-comments-opened=\"1\" data-image-meta=\"{&quot;aperture&quot;:&quot;0&quot;,&quot;credit&quot;:&quot;&quot;,&quot;camera&quot;:&quot;&quot;,&quot;caption&quot;:&quot;&quot;,&quot;created_timestamp&quot;:&quot;0&quot;,&quot;copyright&quot;:&quot;&quot;,&quot;focal_length&quot;:&quot;0&quot;,&quot;iso&quot;:&quot;0&quot;,&quot;shutter_speed&quot;:&quot;0&quot;,&quot;title&quot;:&quot;&quot;,&quot;orientation&quot;:&quot;0&quot;}\" data-image-title=\"koppel_requiem\" data-image-description=\"\" data-image-caption=\"\" data-large-file=\"https:\/\/i0.wp.com\/www.jazzzeitung.de\/cms\/wp-content\/uploads\/2025\/03\/koppel_requiem.jpg?fit=600%2C600&amp;ssl=1\" \/><\/a>\n\t\t\t<\/div><\/figure><figure class='gallery-item'>\n\t\t\t<div class='gallery-icon landscape'>\n\t\t\t\t<a href='https:\/\/www.jazzzeitung.de\/cms\/2025\/03\/irgendwo-zwischen-dichterliebe-und-future-17-tontraegerinnen-im-schnelldurchlauf\/mobile\/'><img loading=\"lazy\" decoding=\"async\" width=\"150\" height=\"150\" src=\"https:\/\/i0.wp.com\/www.jazzzeitung.de\/cms\/wp-content\/uploads\/2025\/03\/taranczewski.jpg?resize=150%2C150&amp;ssl=1\" class=\"attachment-thumbnail size-thumbnail\" alt=\"\" srcset=\"https:\/\/i0.wp.com\/www.jazzzeitung.de\/cms\/wp-content\/uploads\/2025\/03\/taranczewski.jpg?w=2560&amp;ssl=1 2560w, https:\/\/i0.wp.com\/www.jazzzeitung.de\/cms\/wp-content\/uploads\/2025\/03\/taranczewski.jpg?resize=300%2C300&amp;ssl=1 300w, https:\/\/i0.wp.com\/www.jazzzeitung.de\/cms\/wp-content\/uploads\/2025\/03\/taranczewski.jpg?resize=600%2C600&amp;ssl=1 600w, https:\/\/i0.wp.com\/www.jazzzeitung.de\/cms\/wp-content\/uploads\/2025\/03\/taranczewski.jpg?resize=150%2C150&amp;ssl=1 150w, https:\/\/i0.wp.com\/www.jazzzeitung.de\/cms\/wp-content\/uploads\/2025\/03\/taranczewski.jpg?resize=768%2C768&amp;ssl=1 768w, https:\/\/i0.wp.com\/www.jazzzeitung.de\/cms\/wp-content\/uploads\/2025\/03\/taranczewski.jpg?resize=1536%2C1536&amp;ssl=1 1536w, https:\/\/i0.wp.com\/www.jazzzeitung.de\/cms\/wp-content\/uploads\/2025\/03\/taranczewski.jpg?resize=2048%2C2048&amp;ssl=1 2048w, https:\/\/i0.wp.com\/www.jazzzeitung.de\/cms\/wp-content\/uploads\/2025\/03\/taranczewski.jpg?resize=1320%2C1320&amp;ssl=1 1320w, https:\/\/i0.wp.com\/www.jazzzeitung.de\/cms\/wp-content\/uploads\/2025\/03\/taranczewski.jpg?resize=24%2C24&amp;ssl=1 24w, https:\/\/i0.wp.com\/www.jazzzeitung.de\/cms\/wp-content\/uploads\/2025\/03\/taranczewski.jpg?resize=48%2C48&amp;ssl=1 48w, https:\/\/i0.wp.com\/www.jazzzeitung.de\/cms\/wp-content\/uploads\/2025\/03\/taranczewski.jpg?resize=96%2C96&amp;ssl=1 96w, https:\/\/i0.wp.com\/www.jazzzeitung.de\/cms\/wp-content\/uploads\/2025\/03\/taranczewski.jpg?w=1680&amp;ssl=1 1680w\" sizes=\"auto, (max-width: 150px) 100vw, 150px\" data-attachment-id=\"32390\" data-permalink=\"https:\/\/www.jazzzeitung.de\/cms\/2025\/03\/irgendwo-zwischen-dichterliebe-und-future-17-tontraegerinnen-im-schnelldurchlauf\/mobile\/\" data-orig-file=\"https:\/\/i0.wp.com\/www.jazzzeitung.de\/cms\/wp-content\/uploads\/2025\/03\/taranczewski.jpg?fit=2560%2C2560&amp;ssl=1\" data-orig-size=\"2560,2560\" data-comments-opened=\"1\" data-image-meta=\"{&quot;aperture&quot;:&quot;0&quot;,&quot;credit&quot;:&quot;&quot;,&quot;camera&quot;:&quot;&quot;,&quot;caption&quot;:&quot;&quot;,&quot;created_timestamp&quot;:&quot;1706721075&quot;,&quot;copyright&quot;:&quot;&quot;,&quot;focal_length&quot;:&quot;0&quot;,&quot;iso&quot;:&quot;0&quot;,&quot;shutter_speed&quot;:&quot;0&quot;,&quot;title&quot;:&quot;Mobile&quot;,&quot;orientation&quot;:&quot;1&quot;}\" data-image-title=\"Mobile\" data-image-description=\"\" data-image-caption=\"\" data-large-file=\"https:\/\/i0.wp.com\/www.jazzzeitung.de\/cms\/wp-content\/uploads\/2025\/03\/taranczewski.jpg?fit=600%2C600&amp;ssl=1\" \/><\/a>\n\t\t\t<\/div><\/figure><figure class='gallery-item'>\n\t\t\t<div class='gallery-icon landscape'>\n\t\t\t\t<a href='https:\/\/www.jazzzeitung.de\/cms\/2025\/03\/irgendwo-zwischen-dichterliebe-und-future-17-tontraegerinnen-im-schnelldurchlauf\/poetzsch\/'><img loading=\"lazy\" decoding=\"async\" width=\"150\" height=\"150\" src=\"https:\/\/i0.wp.com\/www.jazzzeitung.de\/cms\/wp-content\/uploads\/2025\/03\/poetzsch.jpg?resize=150%2C150&amp;ssl=1\" class=\"attachment-thumbnail size-thumbnail\" alt=\"\" srcset=\"https:\/\/i0.wp.com\/www.jazzzeitung.de\/cms\/wp-content\/uploads\/2025\/03\/poetzsch.jpg?w=550&amp;ssl=1 550w, https:\/\/i0.wp.com\/www.jazzzeitung.de\/cms\/wp-content\/uploads\/2025\/03\/poetzsch.jpg?resize=300%2C300&amp;ssl=1 300w, https:\/\/i0.wp.com\/www.jazzzeitung.de\/cms\/wp-content\/uploads\/2025\/03\/poetzsch.jpg?resize=150%2C150&amp;ssl=1 150w, https:\/\/i0.wp.com\/www.jazzzeitung.de\/cms\/wp-content\/uploads\/2025\/03\/poetzsch.jpg?resize=24%2C24&amp;ssl=1 24w, https:\/\/i0.wp.com\/www.jazzzeitung.de\/cms\/wp-content\/uploads\/2025\/03\/poetzsch.jpg?resize=48%2C48&amp;ssl=1 48w, https:\/\/i0.wp.com\/www.jazzzeitung.de\/cms\/wp-content\/uploads\/2025\/03\/poetzsch.jpg?resize=96%2C96&amp;ssl=1 96w\" sizes=\"auto, (max-width: 150px) 100vw, 150px\" data-attachment-id=\"32386\" data-permalink=\"https:\/\/www.jazzzeitung.de\/cms\/2025\/03\/irgendwo-zwischen-dichterliebe-und-future-17-tontraegerinnen-im-schnelldurchlauf\/poetzsch\/\" data-orig-file=\"https:\/\/i0.wp.com\/www.jazzzeitung.de\/cms\/wp-content\/uploads\/2025\/03\/poetzsch.jpg?fit=550%2C550&amp;ssl=1\" data-orig-size=\"550,550\" data-comments-opened=\"1\" data-image-meta=\"{&quot;aperture&quot;:&quot;0&quot;,&quot;credit&quot;:&quot;&quot;,&quot;camera&quot;:&quot;&quot;,&quot;caption&quot;:&quot;&quot;,&quot;created_timestamp&quot;:&quot;0&quot;,&quot;copyright&quot;:&quot;&quot;,&quot;focal_length&quot;:&quot;0&quot;,&quot;iso&quot;:&quot;0&quot;,&quot;shutter_speed&quot;:&quot;0&quot;,&quot;title&quot;:&quot;&quot;,&quot;orientation&quot;:&quot;0&quot;}\" data-image-title=\"poetzsch\" data-image-description=\"\" data-image-caption=\"\" data-large-file=\"https:\/\/i0.wp.com\/www.jazzzeitung.de\/cms\/wp-content\/uploads\/2025\/03\/poetzsch.jpg?fit=550%2C550&amp;ssl=1\" \/><\/a>\n\t\t\t<\/div><\/figure><figure class='gallery-item'>\n\t\t\t<div class='gallery-icon landscape'>\n\t\t\t\t<a href='https:\/\/www.jazzzeitung.de\/cms\/2025\/03\/irgendwo-zwischen-dichterliebe-und-future-17-tontraegerinnen-im-schnelldurchlauf\/ambidexter\/'><img loading=\"lazy\" decoding=\"async\" width=\"150\" height=\"150\" src=\"https:\/\/i0.wp.com\/www.jazzzeitung.de\/cms\/wp-content\/uploads\/2025\/03\/ambidexter.jpg?resize=150%2C150&amp;ssl=1\" class=\"attachment-thumbnail size-thumbnail\" alt=\"\" srcset=\"https:\/\/i0.wp.com\/www.jazzzeitung.de\/cms\/wp-content\/uploads\/2025\/03\/ambidexter.jpg?w=1200&amp;ssl=1 1200w, https:\/\/i0.wp.com\/www.jazzzeitung.de\/cms\/wp-content\/uploads\/2025\/03\/ambidexter.jpg?resize=300%2C300&amp;ssl=1 300w, https:\/\/i0.wp.com\/www.jazzzeitung.de\/cms\/wp-content\/uploads\/2025\/03\/ambidexter.jpg?resize=600%2C600&amp;ssl=1 600w, https:\/\/i0.wp.com\/www.jazzzeitung.de\/cms\/wp-content\/uploads\/2025\/03\/ambidexter.jpg?resize=150%2C150&amp;ssl=1 150w, https:\/\/i0.wp.com\/www.jazzzeitung.de\/cms\/wp-content\/uploads\/2025\/03\/ambidexter.jpg?resize=768%2C768&amp;ssl=1 768w, https:\/\/i0.wp.com\/www.jazzzeitung.de\/cms\/wp-content\/uploads\/2025\/03\/ambidexter.jpg?resize=24%2C24&amp;ssl=1 24w, https:\/\/i0.wp.com\/www.jazzzeitung.de\/cms\/wp-content\/uploads\/2025\/03\/ambidexter.jpg?resize=48%2C48&amp;ssl=1 48w, https:\/\/i0.wp.com\/www.jazzzeitung.de\/cms\/wp-content\/uploads\/2025\/03\/ambidexter.jpg?resize=96%2C96&amp;ssl=1 96w\" sizes=\"auto, (max-width: 150px) 100vw, 150px\" data-attachment-id=\"32375\" data-permalink=\"https:\/\/www.jazzzeitung.de\/cms\/2025\/03\/irgendwo-zwischen-dichterliebe-und-future-17-tontraegerinnen-im-schnelldurchlauf\/ambidexter\/\" data-orig-file=\"https:\/\/i0.wp.com\/www.jazzzeitung.de\/cms\/wp-content\/uploads\/2025\/03\/ambidexter.jpg?fit=1200%2C1200&amp;ssl=1\" data-orig-size=\"1200,1200\" data-comments-opened=\"1\" data-image-meta=\"{&quot;aperture&quot;:&quot;0&quot;,&quot;credit&quot;:&quot;&quot;,&quot;camera&quot;:&quot;&quot;,&quot;caption&quot;:&quot;&quot;,&quot;created_timestamp&quot;:&quot;0&quot;,&quot;copyright&quot;:&quot;&quot;,&quot;focal_length&quot;:&quot;0&quot;,&quot;iso&quot;:&quot;0&quot;,&quot;shutter_speed&quot;:&quot;0&quot;,&quot;title&quot;:&quot;&quot;,&quot;orientation&quot;:&quot;0&quot;}\" data-image-title=\"ambidexter\" data-image-description=\"\" data-image-caption=\"\" data-large-file=\"https:\/\/i0.wp.com\/www.jazzzeitung.de\/cms\/wp-content\/uploads\/2025\/03\/ambidexter.jpg?fit=600%2C600&amp;ssl=1\" \/><\/a>\n\t\t\t<\/div><\/figure>\n\t\t<\/div>\n\n<hr \/>\n<h2 class=\"western\"><a name=\"__RefHeading___Toc4365_3528277511\"><\/a><a href=\"https:\/\/hoerbar.nmz.de\/2024\/06\/koppel-story-of-mankind-a-requiem\/\">Koppel: Story Of Mankind \u2013 A Requiem<\/a><\/h2>\n<p>\u2026 Die Br\u00fcche in den Gestaltungsmitteln zwischen Song und Klangstudie sowie Jazzpassage tragen zur Irritation und Verschiebung des Gew\u00f6hnlichen bei. Aber reicht das aus, wo es doch auch um das Bodenlose \u2013 den Krieg und die Geschichte der Menschheit \u2013 geht? \u2026 <a href=\"https:\/\/hoerbar.nmz.de\/2024\/06\/koppel-story-of-mankind-a-requiem\/\">Read more.<\/a><\/p>\n<h2 class=\"western\"><a name=\"__RefHeading___Toc4367_3528277511\"><\/a><a href=\"https:\/\/hoerbar.nmz.de\/2024\/06\/taranczewski-lom\/\">Taranczewski: LOM<\/a><\/h2>\n<p>\u2026 Eine musikalische Umarmung \u2013 ein bisschen mehr schweben k\u00f6nnte es freilich trotzdem und auch ein bisschen mehr sich anerden. Bei \u00abSunflower Dream\u00bb oder \u00abAll that Land\u00bb ist man ganz dicht dran, am Wachtraum, an der gl\u00fccklichen F\u00fcgung des Selbstverst\u00e4ndlichen, ungegenst\u00e4ndlich Konkreten, wo die Musik so fl\u00fcgelleicht schimmert. <a href=\"https:\/\/hoerbar.nmz.de\/2024\/06\/taranczewski-lom\/\">Read more.<\/a><\/p>\n<h2 class=\"western\"><a name=\"__RefHeading___Toc4369_3528277511\"><\/a><a href=\"https:\/\/hoerbar.nmz.de\/2024\/05\/poetzsch-dirks-collateral-flow\/\">Poetzsch \/ Dirks \u2013 Collateral Flow<\/a><\/h2>\n<p>Reentko Dirks und Clemens Christian Poetzsch verstehen es, wie man Musik gestaltet, die nirgendwo aneckt. Das ist faszinierend wie bei der Sicherheit der Bewegungen einer \u00fcber den Boden schleichenden Schlange \u2013 schlau und reizvoll wirkt das von au\u00dfen. Es ist ein Dauerminireizstrom auf sieben Tracks, den die beiden auf Gitarren und Tasten erzeugen k\u00f6nnen. \u2026 <a href=\"https:\/\/hoerbar.nmz.de\/2024\/05\/poetzsch-dirks-collateral-flow\/\">Read more.<\/a><\/p>\n<h2 class=\"western\"><a name=\"__RefHeading___Toc4371_3528277511\"><\/a><a href=\"https:\/\/hoerbar.nmz.de\/2024\/05\/ensemble-ambidexter-ensemble-ambidexter\/\">Ensemble Ambidexter \u2013 Ensemble Ambidexter<\/a><\/h2>\n<p>Reibungen sind in der Musik ein besonderes Lebenselexier. Wo n\u00e4mlich alles nur glatt geht und gezogen wird, bleibt wenig Anhaftungsm\u00f6glichkeit f\u00fcr die Zuh\u00f6rer:innen. Aber Reibungen funktionieren nicht wie selbstverst\u00e4ndlich, also so weil sie da sind. Wenn Schmirgel auf Schmirgel trifft, kann es schlicht auch einfach nur schmerzen. Auf eine (un-)bestimmt balanciertes Chaos kommt es an. Das klappt mal besser und mal weniger gut. Davon zeugt auch dieses erste Album des Ensemble Ambidexter. <a href=\"https:\/\/hoerbar.nmz.de\/2024\/05\/ensemble-ambidexter-ensemble-ambidexter\/\">Read more.<\/a><\/p>\n<hr \/>\n<div data-carousel-extra='{&quot;blog_id&quot;:1,&quot;permalink&quot;:&quot;https:\/\/www.jazzzeitung.de\/cms\/2025\/03\/irgendwo-zwischen-dichterliebe-und-future-17-tontraegerinnen-im-schnelldurchlauf\/&quot;}' id='gallery-3' class='gallery galleryid-32372 gallery-columns-4 gallery-size-thumbnail'><figure class='gallery-item'>\n\t\t\t<div class='gallery-icon landscape'>\n\t\t\t\t<a href='https:\/\/www.jazzzeitung.de\/cms\/2025\/03\/irgendwo-zwischen-dichterliebe-und-future-17-tontraegerinnen-im-schnelldurchlauf\/bulak\/'><img loading=\"lazy\" decoding=\"async\" width=\"150\" height=\"150\" src=\"https:\/\/i0.wp.com\/www.jazzzeitung.de\/cms\/wp-content\/uploads\/2025\/03\/bulak.jpg?resize=150%2C150&amp;ssl=1\" class=\"attachment-thumbnail size-thumbnail\" alt=\"\" srcset=\"https:\/\/i0.wp.com\/www.jazzzeitung.de\/cms\/wp-content\/uploads\/2025\/03\/bulak.jpg?resize=150%2C150&amp;ssl=1 150w, https:\/\/i0.wp.com\/www.jazzzeitung.de\/cms\/wp-content\/uploads\/2025\/03\/bulak.jpg?resize=24%2C24&amp;ssl=1 24w, https:\/\/i0.wp.com\/www.jazzzeitung.de\/cms\/wp-content\/uploads\/2025\/03\/bulak.jpg?resize=48%2C48&amp;ssl=1 48w, https:\/\/i0.wp.com\/www.jazzzeitung.de\/cms\/wp-content\/uploads\/2025\/03\/bulak.jpg?resize=96%2C96&amp;ssl=1 96w, https:\/\/i0.wp.com\/www.jazzzeitung.de\/cms\/wp-content\/uploads\/2025\/03\/bulak.jpg?resize=300%2C300&amp;ssl=1 300w, https:\/\/i0.wp.com\/www.jazzzeitung.de\/cms\/wp-content\/uploads\/2025\/03\/bulak.jpg?zoom=3&amp;resize=150%2C150&amp;ssl=1 450w\" sizes=\"auto, (max-width: 150px) 100vw, 150px\" data-attachment-id=\"32377\" data-permalink=\"https:\/\/www.jazzzeitung.de\/cms\/2025\/03\/irgendwo-zwischen-dichterliebe-und-future-17-tontraegerinnen-im-schnelldurchlauf\/bulak\/\" data-orig-file=\"https:\/\/i0.wp.com\/www.jazzzeitung.de\/cms\/wp-content\/uploads\/2025\/03\/bulak.jpg?fit=1200%2C1090&amp;ssl=1\" data-orig-size=\"1200,1090\" data-comments-opened=\"1\" data-image-meta=\"{&quot;aperture&quot;:&quot;0&quot;,&quot;credit&quot;:&quot;&quot;,&quot;camera&quot;:&quot;&quot;,&quot;caption&quot;:&quot;&quot;,&quot;created_timestamp&quot;:&quot;0&quot;,&quot;copyright&quot;:&quot;&quot;,&quot;focal_length&quot;:&quot;0&quot;,&quot;iso&quot;:&quot;0&quot;,&quot;shutter_speed&quot;:&quot;0&quot;,&quot;title&quot;:&quot;&quot;,&quot;orientation&quot;:&quot;0&quot;}\" data-image-title=\"bulak\" data-image-description=\"\" data-image-caption=\"\" data-large-file=\"https:\/\/i0.wp.com\/www.jazzzeitung.de\/cms\/wp-content\/uploads\/2025\/03\/bulak.jpg?fit=661%2C600&amp;ssl=1\" \/><\/a>\n\t\t\t<\/div><\/figure><figure class='gallery-item'>\n\t\t\t<div class='gallery-icon landscape'>\n\t\t\t\t<a href='https:\/\/www.jazzzeitung.de\/cms\/2025\/03\/irgendwo-zwischen-dichterliebe-und-future-17-tontraegerinnen-im-schnelldurchlauf\/eichheuser\/'><img loading=\"lazy\" decoding=\"async\" width=\"150\" height=\"150\" src=\"https:\/\/i0.wp.com\/www.jazzzeitung.de\/cms\/wp-content\/uploads\/2025\/03\/eichheuser.jpg?resize=150%2C150&amp;ssl=1\" class=\"attachment-thumbnail size-thumbnail\" alt=\"\" srcset=\"https:\/\/i0.wp.com\/www.jazzzeitung.de\/cms\/wp-content\/uploads\/2025\/03\/eichheuser.jpg?resize=150%2C150&amp;ssl=1 150w, https:\/\/i0.wp.com\/www.jazzzeitung.de\/cms\/wp-content\/uploads\/2025\/03\/eichheuser.jpg?resize=24%2C24&amp;ssl=1 24w, https:\/\/i0.wp.com\/www.jazzzeitung.de\/cms\/wp-content\/uploads\/2025\/03\/eichheuser.jpg?resize=48%2C48&amp;ssl=1 48w, https:\/\/i0.wp.com\/www.jazzzeitung.de\/cms\/wp-content\/uploads\/2025\/03\/eichheuser.jpg?resize=96%2C96&amp;ssl=1 96w, https:\/\/i0.wp.com\/www.jazzzeitung.de\/cms\/wp-content\/uploads\/2025\/03\/eichheuser.jpg?resize=300%2C300&amp;ssl=1 300w, https:\/\/i0.wp.com\/www.jazzzeitung.de\/cms\/wp-content\/uploads\/2025\/03\/eichheuser.jpg?zoom=3&amp;resize=150%2C150&amp;ssl=1 450w\" sizes=\"auto, (max-width: 150px) 100vw, 150px\" data-attachment-id=\"32378\" data-permalink=\"https:\/\/www.jazzzeitung.de\/cms\/2025\/03\/irgendwo-zwischen-dichterliebe-und-future-17-tontraegerinnen-im-schnelldurchlauf\/eichheuser\/\" data-orig-file=\"https:\/\/i0.wp.com\/www.jazzzeitung.de\/cms\/wp-content\/uploads\/2025\/03\/eichheuser.jpg?fit=1200%2C1106&amp;ssl=1\" data-orig-size=\"1200,1106\" data-comments-opened=\"1\" data-image-meta=\"{&quot;aperture&quot;:&quot;0&quot;,&quot;credit&quot;:&quot;&quot;,&quot;camera&quot;:&quot;&quot;,&quot;caption&quot;:&quot;&quot;,&quot;created_timestamp&quot;:&quot;0&quot;,&quot;copyright&quot;:&quot;&quot;,&quot;focal_length&quot;:&quot;0&quot;,&quot;iso&quot;:&quot;0&quot;,&quot;shutter_speed&quot;:&quot;0&quot;,&quot;title&quot;:&quot;&quot;,&quot;orientation&quot;:&quot;0&quot;}\" data-image-title=\"eichheuser\" data-image-description=\"\" data-image-caption=\"\" data-large-file=\"https:\/\/i0.wp.com\/www.jazzzeitung.de\/cms\/wp-content\/uploads\/2025\/03\/eichheuser.jpg?fit=651%2C600&amp;ssl=1\" \/><\/a>\n\t\t\t<\/div><\/figure><figure class='gallery-item'>\n\t\t\t<div class='gallery-icon landscape'>\n\t\t\t\t<a href='https:\/\/www.jazzzeitung.de\/cms\/2025\/03\/irgendwo-zwischen-dichterliebe-und-future-17-tontraegerinnen-im-schnelldurchlauf\/randalu\/'><img loading=\"lazy\" decoding=\"async\" width=\"150\" height=\"150\" src=\"https:\/\/i0.wp.com\/www.jazzzeitung.de\/cms\/wp-content\/uploads\/2025\/03\/randalu.jpg?resize=150%2C150&amp;ssl=1\" class=\"attachment-thumbnail size-thumbnail\" alt=\"\" srcset=\"https:\/\/i0.wp.com\/www.jazzzeitung.de\/cms\/wp-content\/uploads\/2025\/03\/randalu.jpg?w=1200&amp;ssl=1 1200w, https:\/\/i0.wp.com\/www.jazzzeitung.de\/cms\/wp-content\/uploads\/2025\/03\/randalu.jpg?resize=300%2C300&amp;ssl=1 300w, https:\/\/i0.wp.com\/www.jazzzeitung.de\/cms\/wp-content\/uploads\/2025\/03\/randalu.jpg?resize=600%2C600&amp;ssl=1 600w, https:\/\/i0.wp.com\/www.jazzzeitung.de\/cms\/wp-content\/uploads\/2025\/03\/randalu.jpg?resize=150%2C150&amp;ssl=1 150w, https:\/\/i0.wp.com\/www.jazzzeitung.de\/cms\/wp-content\/uploads\/2025\/03\/randalu.jpg?resize=768%2C768&amp;ssl=1 768w, https:\/\/i0.wp.com\/www.jazzzeitung.de\/cms\/wp-content\/uploads\/2025\/03\/randalu.jpg?resize=24%2C24&amp;ssl=1 24w, https:\/\/i0.wp.com\/www.jazzzeitung.de\/cms\/wp-content\/uploads\/2025\/03\/randalu.jpg?resize=48%2C48&amp;ssl=1 48w, https:\/\/i0.wp.com\/www.jazzzeitung.de\/cms\/wp-content\/uploads\/2025\/03\/randalu.jpg?resize=96%2C96&amp;ssl=1 96w\" sizes=\"auto, (max-width: 150px) 100vw, 150px\" data-attachment-id=\"32387\" data-permalink=\"https:\/\/www.jazzzeitung.de\/cms\/2025\/03\/irgendwo-zwischen-dichterliebe-und-future-17-tontraegerinnen-im-schnelldurchlauf\/randalu\/\" data-orig-file=\"https:\/\/i0.wp.com\/www.jazzzeitung.de\/cms\/wp-content\/uploads\/2025\/03\/randalu.jpg?fit=1200%2C1200&amp;ssl=1\" data-orig-size=\"1200,1200\" data-comments-opened=\"1\" data-image-meta=\"{&quot;aperture&quot;:&quot;0&quot;,&quot;credit&quot;:&quot;&quot;,&quot;camera&quot;:&quot;&quot;,&quot;caption&quot;:&quot;&quot;,&quot;created_timestamp&quot;:&quot;0&quot;,&quot;copyright&quot;:&quot;&quot;,&quot;focal_length&quot;:&quot;0&quot;,&quot;iso&quot;:&quot;0&quot;,&quot;shutter_speed&quot;:&quot;0&quot;,&quot;title&quot;:&quot;&quot;,&quot;orientation&quot;:&quot;0&quot;}\" data-image-title=\"randalu\" data-image-description=\"\" data-image-caption=\"\" data-large-file=\"https:\/\/i0.wp.com\/www.jazzzeitung.de\/cms\/wp-content\/uploads\/2025\/03\/randalu.jpg?fit=600%2C600&amp;ssl=1\" \/><\/a>\n\t\t\t<\/div><\/figure><figure class='gallery-item'>\n\t\t\t<div class='gallery-icon landscape'>\n\t\t\t\t<a href='https:\/\/www.jazzzeitung.de\/cms\/2025\/03\/irgendwo-zwischen-dichterliebe-und-future-17-tontraegerinnen-im-schnelldurchlauf\/paeffgen\/'><img loading=\"lazy\" decoding=\"async\" width=\"150\" height=\"150\" src=\"https:\/\/i0.wp.com\/www.jazzzeitung.de\/cms\/wp-content\/uploads\/2025\/03\/paeffgen.jpg?resize=150%2C150&amp;ssl=1\" class=\"attachment-thumbnail size-thumbnail\" alt=\"\" srcset=\"https:\/\/i0.wp.com\/www.jazzzeitung.de\/cms\/wp-content\/uploads\/2025\/03\/paeffgen.jpg?w=1200&amp;ssl=1 1200w, https:\/\/i0.wp.com\/www.jazzzeitung.de\/cms\/wp-content\/uploads\/2025\/03\/paeffgen.jpg?resize=300%2C300&amp;ssl=1 300w, https:\/\/i0.wp.com\/www.jazzzeitung.de\/cms\/wp-content\/uploads\/2025\/03\/paeffgen.jpg?resize=600%2C600&amp;ssl=1 600w, https:\/\/i0.wp.com\/www.jazzzeitung.de\/cms\/wp-content\/uploads\/2025\/03\/paeffgen.jpg?resize=150%2C150&amp;ssl=1 150w, https:\/\/i0.wp.com\/www.jazzzeitung.de\/cms\/wp-content\/uploads\/2025\/03\/paeffgen.jpg?resize=768%2C768&amp;ssl=1 768w, https:\/\/i0.wp.com\/www.jazzzeitung.de\/cms\/wp-content\/uploads\/2025\/03\/paeffgen.jpg?resize=24%2C24&amp;ssl=1 24w, https:\/\/i0.wp.com\/www.jazzzeitung.de\/cms\/wp-content\/uploads\/2025\/03\/paeffgen.jpg?resize=48%2C48&amp;ssl=1 48w, https:\/\/i0.wp.com\/www.jazzzeitung.de\/cms\/wp-content\/uploads\/2025\/03\/paeffgen.jpg?resize=96%2C96&amp;ssl=1 96w\" sizes=\"auto, (max-width: 150px) 100vw, 150px\" data-attachment-id=\"32385\" data-permalink=\"https:\/\/www.jazzzeitung.de\/cms\/2025\/03\/irgendwo-zwischen-dichterliebe-und-future-17-tontraegerinnen-im-schnelldurchlauf\/paeffgen\/\" data-orig-file=\"https:\/\/i0.wp.com\/www.jazzzeitung.de\/cms\/wp-content\/uploads\/2025\/03\/paeffgen.jpg?fit=1200%2C1200&amp;ssl=1\" data-orig-size=\"1200,1200\" data-comments-opened=\"1\" data-image-meta=\"{&quot;aperture&quot;:&quot;0&quot;,&quot;credit&quot;:&quot;&quot;,&quot;camera&quot;:&quot;&quot;,&quot;caption&quot;:&quot;&quot;,&quot;created_timestamp&quot;:&quot;0&quot;,&quot;copyright&quot;:&quot;&quot;,&quot;focal_length&quot;:&quot;0&quot;,&quot;iso&quot;:&quot;0&quot;,&quot;shutter_speed&quot;:&quot;0&quot;,&quot;title&quot;:&quot;&quot;,&quot;orientation&quot;:&quot;0&quot;}\" data-image-title=\"paeffgen\" data-image-description=\"\" data-image-caption=\"\" data-large-file=\"https:\/\/i0.wp.com\/www.jazzzeitung.de\/cms\/wp-content\/uploads\/2025\/03\/paeffgen.jpg?fit=600%2C600&amp;ssl=1\" \/><\/a>\n\t\t\t<\/div><\/figure>\n\t\t<\/div>\n\n<hr \/>\n<h2 class=\"western\"><a name=\"__RefHeading___Toc4373_3528277511\"><\/a><a href=\"https:\/\/hoerbar.nmz.de\/2024\/05\/kaan-bulak-no-clouds-in-haraz\/\">Kaan Bulak \u2013\u00a0No Clouds in Haraz<\/a><\/h2>\n<p>Diese neue Platte von Kaan Bulak l\u00e4sst mich etwas ratlos zur\u00fcck. \u2026 Bei Bulak und H\u00f6fele kommt die Musik auch nach 10 Minuten nicht wirklich in die Spur. Das&#8230;<\/p>\n<h2 class=\"western\"><a name=\"__RefHeading___Toc4375_3528277511\"><\/a><a href=\"https:\/\/hoerbar.nmz.de\/2024\/05\/eichheuser-quintett-irgendwo-dazwischen\/\">Eichheuser Quintett \u2013 Irgendwo dazwischen<\/a><\/h2>\n<p>\u2026 \u00abIrgendwo dazwischen\u00bb hei\u00dft das Album und legt sich damit irgendwie auch nicht fest. Ein \u00abDazwischen\u00bb spielt sicher auch auf die Lebenssituation an, in der sich die Musiker:innen \u00abzwischen Studium, Berufseinstieg, Auslandsaufenthalten und was sonst noch zum Leben als Jazzmusiker*in dazugeh\u00f6rt hat\u00bb befinden. Das l\u00e4sst die konzentrierte Spielkultur besonders interessant werden. \u2026 <a href=\"https:\/\/hoerbar.nmz.de\/2024\/05\/eichheuser-quintett-irgendwo-dazwischen\/\">Read more.<\/a><\/p>\n<h2 class=\"western\"><a name=\"__RefHeading___Toc4377_3528277511\"><\/a><a href=\"https:\/\/hoerbar.nmz.de\/2024\/04\/randalu-dichterliebe\/\">Randalu \u2013 Dichterliebe<\/a><\/h2>\n<p>\u2026 weil es auch ein gro\u00dfer musikalischer Spa\u00df ist. Ja, doch: Die St\u00fccke k\u00f6nnen ohne Gesang durchaus bestehen, gerade, wenn man sie neu formuliert \u2013 sie aktualisieren sich auf diese Weise in neuer Frische. Man kann es genie\u00dfen, auf die Stimme zu verzichten. \u2026 <a href=\"https:\/\/hoerbar.nmz.de\/2024\/04\/randalu-dichterliebe\/\">Read more.<\/a><\/p>\n<h2 class=\"western\"><a name=\"__RefHeading___Toc4379_3528277511\"><\/a><a href=\"https:\/\/hoerbar.nmz.de\/2024\/04\/paeffgen-gia\/\">Paeffgen \u2013 Gia<\/a><\/h2>\n<p>Herausgekommen ist ein verh\u00e4ltnism\u00e4\u00dfig buntes Album, das zwischen Tanzmusik und schwebender Mitteilsamkeit pendelt und das Spektrum des Instruments zugleich als soziale Musik, als Musik einer h\u00f6renden Gemeinschaft, entfaltet. <a href=\"https:\/\/hoerbar.nmz.de\/2024\/04\/paeffgen-gia\/\">Read more.<\/a><\/p>\n<hr \/>\n<h2 class=\"western\"><a name=\"__RefHeading___Toc4381_3528277511\"><\/a><\/h2>\n<div data-carousel-extra='{&quot;blog_id&quot;:1,&quot;permalink&quot;:&quot;https:\/\/www.jazzzeitung.de\/cms\/2025\/03\/irgendwo-zwischen-dichterliebe-und-future-17-tontraegerinnen-im-schnelldurchlauf\/&quot;}' id='gallery-4' class='gallery galleryid-32372 gallery-columns-4 gallery-size-thumbnail'><figure class='gallery-item'>\n\t\t\t<div class='gallery-icon landscape'>\n\t\t\t\t<a href='https:\/\/www.jazzzeitung.de\/cms\/2025\/03\/irgendwo-zwischen-dichterliebe-und-future-17-tontraegerinnen-im-schnelldurchlauf\/hemishphere\/'><img loading=\"lazy\" decoding=\"async\" width=\"150\" height=\"150\" src=\"https:\/\/i0.wp.com\/www.jazzzeitung.de\/cms\/wp-content\/uploads\/2025\/03\/hemishphere.jpg?resize=150%2C150&amp;ssl=1\" class=\"attachment-thumbnail size-thumbnail\" alt=\"\" srcset=\"https:\/\/i0.wp.com\/www.jazzzeitung.de\/cms\/wp-content\/uploads\/2025\/03\/hemishphere.jpg?resize=150%2C150&amp;ssl=1 150w, https:\/\/i0.wp.com\/www.jazzzeitung.de\/cms\/wp-content\/uploads\/2025\/03\/hemishphere.jpg?resize=24%2C24&amp;ssl=1 24w, https:\/\/i0.wp.com\/www.jazzzeitung.de\/cms\/wp-content\/uploads\/2025\/03\/hemishphere.jpg?resize=48%2C48&amp;ssl=1 48w, https:\/\/i0.wp.com\/www.jazzzeitung.de\/cms\/wp-content\/uploads\/2025\/03\/hemishphere.jpg?resize=96%2C96&amp;ssl=1 96w, https:\/\/i0.wp.com\/www.jazzzeitung.de\/cms\/wp-content\/uploads\/2025\/03\/hemishphere.jpg?resize=300%2C300&amp;ssl=1 300w, https:\/\/i0.wp.com\/www.jazzzeitung.de\/cms\/wp-content\/uploads\/2025\/03\/hemishphere.jpg?zoom=3&amp;resize=150%2C150&amp;ssl=1 450w\" sizes=\"auto, (max-width: 150px) 100vw, 150px\" data-attachment-id=\"32379\" data-permalink=\"https:\/\/www.jazzzeitung.de\/cms\/2025\/03\/irgendwo-zwischen-dichterliebe-und-future-17-tontraegerinnen-im-schnelldurchlauf\/hemishphere\/\" data-orig-file=\"https:\/\/i0.wp.com\/www.jazzzeitung.de\/cms\/wp-content\/uploads\/2025\/03\/hemishphere.jpg?fit=1200%2C1076&amp;ssl=1\" data-orig-size=\"1200,1076\" data-comments-opened=\"1\" data-image-meta=\"{&quot;aperture&quot;:&quot;0&quot;,&quot;credit&quot;:&quot;&quot;,&quot;camera&quot;:&quot;&quot;,&quot;caption&quot;:&quot;&quot;,&quot;created_timestamp&quot;:&quot;0&quot;,&quot;copyright&quot;:&quot;&quot;,&quot;focal_length&quot;:&quot;0&quot;,&quot;iso&quot;:&quot;0&quot;,&quot;shutter_speed&quot;:&quot;0&quot;,&quot;title&quot;:&quot;&quot;,&quot;orientation&quot;:&quot;0&quot;}\" data-image-title=\"hemishphere\" data-image-description=\"\" data-image-caption=\"\" data-large-file=\"https:\/\/i0.wp.com\/www.jazzzeitung.de\/cms\/wp-content\/uploads\/2025\/03\/hemishphere.jpg?fit=669%2C600&amp;ssl=1\" \/><\/a>\n\t\t\t<\/div><\/figure><figure class='gallery-item'>\n\t\t\t<div class='gallery-icon landscape'>\n\t\t\t\t<a href='https:\/\/www.jazzzeitung.de\/cms\/2025\/03\/irgendwo-zwischen-dichterliebe-und-future-17-tontraegerinnen-im-schnelldurchlauf\/maison_moderne\/'><img loading=\"lazy\" decoding=\"async\" width=\"150\" height=\"150\" src=\"https:\/\/i0.wp.com\/www.jazzzeitung.de\/cms\/wp-content\/uploads\/2025\/03\/maison_moderne.jpg?resize=150%2C150&amp;ssl=1\" class=\"attachment-thumbnail size-thumbnail\" alt=\"\" srcset=\"https:\/\/i0.wp.com\/www.jazzzeitung.de\/cms\/wp-content\/uploads\/2025\/03\/maison_moderne.jpg?w=800&amp;ssl=1 800w, https:\/\/i0.wp.com\/www.jazzzeitung.de\/cms\/wp-content\/uploads\/2025\/03\/maison_moderne.jpg?resize=300%2C300&amp;ssl=1 300w, https:\/\/i0.wp.com\/www.jazzzeitung.de\/cms\/wp-content\/uploads\/2025\/03\/maison_moderne.jpg?resize=600%2C600&amp;ssl=1 600w, https:\/\/i0.wp.com\/www.jazzzeitung.de\/cms\/wp-content\/uploads\/2025\/03\/maison_moderne.jpg?resize=150%2C150&amp;ssl=1 150w, https:\/\/i0.wp.com\/www.jazzzeitung.de\/cms\/wp-content\/uploads\/2025\/03\/maison_moderne.jpg?resize=768%2C768&amp;ssl=1 768w, https:\/\/i0.wp.com\/www.jazzzeitung.de\/cms\/wp-content\/uploads\/2025\/03\/maison_moderne.jpg?resize=24%2C24&amp;ssl=1 24w, https:\/\/i0.wp.com\/www.jazzzeitung.de\/cms\/wp-content\/uploads\/2025\/03\/maison_moderne.jpg?resize=48%2C48&amp;ssl=1 48w, https:\/\/i0.wp.com\/www.jazzzeitung.de\/cms\/wp-content\/uploads\/2025\/03\/maison_moderne.jpg?resize=96%2C96&amp;ssl=1 96w\" sizes=\"auto, (max-width: 150px) 100vw, 150px\" data-attachment-id=\"32383\" data-permalink=\"https:\/\/www.jazzzeitung.de\/cms\/2025\/03\/irgendwo-zwischen-dichterliebe-und-future-17-tontraegerinnen-im-schnelldurchlauf\/maison_moderne\/\" data-orig-file=\"https:\/\/i0.wp.com\/www.jazzzeitung.de\/cms\/wp-content\/uploads\/2025\/03\/maison_moderne.jpg?fit=800%2C800&amp;ssl=1\" data-orig-size=\"800,800\" data-comments-opened=\"1\" data-image-meta=\"{&quot;aperture&quot;:&quot;0&quot;,&quot;credit&quot;:&quot;&quot;,&quot;camera&quot;:&quot;&quot;,&quot;caption&quot;:&quot;&quot;,&quot;created_timestamp&quot;:&quot;0&quot;,&quot;copyright&quot;:&quot;&quot;,&quot;focal_length&quot;:&quot;0&quot;,&quot;iso&quot;:&quot;0&quot;,&quot;shutter_speed&quot;:&quot;0&quot;,&quot;title&quot;:&quot;&quot;,&quot;orientation&quot;:&quot;0&quot;}\" data-image-title=\"maison_moderne\" data-image-description=\"\" data-image-caption=\"\" data-large-file=\"https:\/\/i0.wp.com\/www.jazzzeitung.de\/cms\/wp-content\/uploads\/2025\/03\/maison_moderne.jpg?fit=600%2C600&amp;ssl=1\" \/><\/a>\n\t\t\t<\/div><\/figure><figure class='gallery-item'>\n\t\t\t<div class='gallery-icon landscape'>\n\t\t\t\t<a href='https:\/\/www.jazzzeitung.de\/cms\/2025\/03\/irgendwo-zwischen-dichterliebe-und-future-17-tontraegerinnen-im-schnelldurchlauf\/ohlmeier\/'><img loading=\"lazy\" decoding=\"async\" width=\"150\" height=\"150\" src=\"https:\/\/i0.wp.com\/www.jazzzeitung.de\/cms\/wp-content\/uploads\/2025\/03\/ohlmeier.jpg?resize=150%2C150&amp;ssl=1\" class=\"attachment-thumbnail size-thumbnail\" alt=\"\" srcset=\"https:\/\/i0.wp.com\/www.jazzzeitung.de\/cms\/wp-content\/uploads\/2025\/03\/ohlmeier.jpg?w=800&amp;ssl=1 800w, https:\/\/i0.wp.com\/www.jazzzeitung.de\/cms\/wp-content\/uploads\/2025\/03\/ohlmeier.jpg?resize=300%2C300&amp;ssl=1 300w, https:\/\/i0.wp.com\/www.jazzzeitung.de\/cms\/wp-content\/uploads\/2025\/03\/ohlmeier.jpg?resize=600%2C600&amp;ssl=1 600w, https:\/\/i0.wp.com\/www.jazzzeitung.de\/cms\/wp-content\/uploads\/2025\/03\/ohlmeier.jpg?resize=150%2C150&amp;ssl=1 150w, https:\/\/i0.wp.com\/www.jazzzeitung.de\/cms\/wp-content\/uploads\/2025\/03\/ohlmeier.jpg?resize=768%2C768&amp;ssl=1 768w, https:\/\/i0.wp.com\/www.jazzzeitung.de\/cms\/wp-content\/uploads\/2025\/03\/ohlmeier.jpg?resize=24%2C24&amp;ssl=1 24w, https:\/\/i0.wp.com\/www.jazzzeitung.de\/cms\/wp-content\/uploads\/2025\/03\/ohlmeier.jpg?resize=48%2C48&amp;ssl=1 48w, https:\/\/i0.wp.com\/www.jazzzeitung.de\/cms\/wp-content\/uploads\/2025\/03\/ohlmeier.jpg?resize=96%2C96&amp;ssl=1 96w\" sizes=\"auto, (max-width: 150px) 100vw, 150px\" data-attachment-id=\"32384\" data-permalink=\"https:\/\/www.jazzzeitung.de\/cms\/2025\/03\/irgendwo-zwischen-dichterliebe-und-future-17-tontraegerinnen-im-schnelldurchlauf\/ohlmeier\/\" data-orig-file=\"https:\/\/i0.wp.com\/www.jazzzeitung.de\/cms\/wp-content\/uploads\/2025\/03\/ohlmeier.jpg?fit=800%2C800&amp;ssl=1\" data-orig-size=\"800,800\" data-comments-opened=\"1\" data-image-meta=\"{&quot;aperture&quot;:&quot;0&quot;,&quot;credit&quot;:&quot;&quot;,&quot;camera&quot;:&quot;&quot;,&quot;caption&quot;:&quot;&quot;,&quot;created_timestamp&quot;:&quot;0&quot;,&quot;copyright&quot;:&quot;&quot;,&quot;focal_length&quot;:&quot;0&quot;,&quot;iso&quot;:&quot;0&quot;,&quot;shutter_speed&quot;:&quot;0&quot;,&quot;title&quot;:&quot;&quot;,&quot;orientation&quot;:&quot;0&quot;}\" data-image-title=\"ohlmeier\" data-image-description=\"\" data-image-caption=\"\" data-large-file=\"https:\/\/i0.wp.com\/www.jazzzeitung.de\/cms\/wp-content\/uploads\/2025\/03\/ohlmeier.jpg?fit=600%2C600&amp;ssl=1\" \/><\/a>\n\t\t\t<\/div><\/figure><figure class='gallery-item'>\n\t\t\t<div class='gallery-icon landscape'>\n\t\t\t\t<a href='https:\/\/www.jazzzeitung.de\/cms\/2025\/03\/irgendwo-zwischen-dichterliebe-und-future-17-tontraegerinnen-im-schnelldurchlauf\/blidur\/'><img loading=\"lazy\" decoding=\"async\" width=\"150\" height=\"150\" src=\"https:\/\/i0.wp.com\/www.jazzzeitung.de\/cms\/wp-content\/uploads\/2025\/03\/blidur.jpg?resize=150%2C150&amp;ssl=1\" class=\"attachment-thumbnail size-thumbnail\" alt=\"\" srcset=\"https:\/\/i0.wp.com\/www.jazzzeitung.de\/cms\/wp-content\/uploads\/2025\/03\/blidur.jpg?w=1200&amp;ssl=1 1200w, https:\/\/i0.wp.com\/www.jazzzeitung.de\/cms\/wp-content\/uploads\/2025\/03\/blidur.jpg?resize=300%2C300&amp;ssl=1 300w, https:\/\/i0.wp.com\/www.jazzzeitung.de\/cms\/wp-content\/uploads\/2025\/03\/blidur.jpg?resize=600%2C600&amp;ssl=1 600w, https:\/\/i0.wp.com\/www.jazzzeitung.de\/cms\/wp-content\/uploads\/2025\/03\/blidur.jpg?resize=150%2C150&amp;ssl=1 150w, https:\/\/i0.wp.com\/www.jazzzeitung.de\/cms\/wp-content\/uploads\/2025\/03\/blidur.jpg?resize=768%2C768&amp;ssl=1 768w, https:\/\/i0.wp.com\/www.jazzzeitung.de\/cms\/wp-content\/uploads\/2025\/03\/blidur.jpg?resize=24%2C24&amp;ssl=1 24w, https:\/\/i0.wp.com\/www.jazzzeitung.de\/cms\/wp-content\/uploads\/2025\/03\/blidur.jpg?resize=48%2C48&amp;ssl=1 48w, https:\/\/i0.wp.com\/www.jazzzeitung.de\/cms\/wp-content\/uploads\/2025\/03\/blidur.jpg?resize=96%2C96&amp;ssl=1 96w\" sizes=\"auto, (max-width: 150px) 100vw, 150px\" data-attachment-id=\"32376\" data-permalink=\"https:\/\/www.jazzzeitung.de\/cms\/2025\/03\/irgendwo-zwischen-dichterliebe-und-future-17-tontraegerinnen-im-schnelldurchlauf\/blidur\/\" data-orig-file=\"https:\/\/i0.wp.com\/www.jazzzeitung.de\/cms\/wp-content\/uploads\/2025\/03\/blidur.jpg?fit=1200%2C1200&amp;ssl=1\" data-orig-size=\"1200,1200\" data-comments-opened=\"1\" data-image-meta=\"{&quot;aperture&quot;:&quot;0&quot;,&quot;credit&quot;:&quot;&quot;,&quot;camera&quot;:&quot;&quot;,&quot;caption&quot;:&quot;&quot;,&quot;created_timestamp&quot;:&quot;0&quot;,&quot;copyright&quot;:&quot;&quot;,&quot;focal_length&quot;:&quot;0&quot;,&quot;iso&quot;:&quot;0&quot;,&quot;shutter_speed&quot;:&quot;0&quot;,&quot;title&quot;:&quot;&quot;,&quot;orientation&quot;:&quot;0&quot;}\" data-image-title=\"blidur\" data-image-description=\"\" data-image-caption=\"\" data-large-file=\"https:\/\/i0.wp.com\/www.jazzzeitung.de\/cms\/wp-content\/uploads\/2025\/03\/blidur.jpg?fit=600%2C600&amp;ssl=1\" \/><\/a>\n\t\t\t<\/div><\/figure>\n\t\t<\/div>\n\n<hr \/>\n<h2 class=\"western\"><a href=\"https:\/\/hoerbar.nmz.de\/2024\/04\/ullmann-hemisphere-4\/\">Ullmann \u2013 Hemisphere 4<\/a><\/h2>\n<p>\u2026 Die Meisterschaft, wie sich das Quartett auch in mikrotonalen Gefilden bewegt und mit elektronischen Kl\u00e4ngen umgeht innerhalb einer Welt der gelenkten Improvisation, ist schlechterdings \u00fcberw\u00e4ltigend. Man darf sich hier einfach mal faszinieren lassen von so viel Ideenreichtum, der dabei immer durch seine Formung erst zum musikalischen Statement der schwebenden Selbstverst\u00e4ndlichkeit ausreift. \u2026 <a href=\"https:\/\/hoerbar.nmz.de\/2024\/04\/ullmann-hemisphere-4\/\">Read more.<\/a><\/p>\n<h2 class=\"western\"><a name=\"__RefHeading___Toc4383_3528277511\"><\/a><a href=\"https:\/\/hoerbar.nmz.de\/2024\/04\/kamperman-maison-moderne\/\">Kamperman \u2013 Maison Moderne<\/a><\/h2>\n<p>Was dabei herauskommt, ist allemal ein manchmal recht grob geschnittenes St\u00fcck Musik, manchmal auch eine fieselchaotische durchfaserte Mischung von Klang, Ger\u00e4usch, Linie, Rhythmus und Harmonik. Das wiederum \u2013 und deshalb geht das Konzept auf \u2013 ist radikale \u201eKunst\u201c-Musik. <a href=\"https:\/\/hoerbar.nmz.de\/2024\/04\/kamperman-maison-moderne\/\">Read more.<\/a><\/p>\n<h2 class=\"western\"><a name=\"__RefHeading___Toc4385_3528277511\"><\/a><a href=\"https:\/\/hoerbar.nmz.de\/2024\/04\/ohlmeier-klein-left-side-right\/\">Ohlmeier \/ Klein \u2013 Left side right<\/a><\/h2>\n<p>\u2026 Da spiegeln sich jahrzehntelange Erfahrungen im Bereich der improvisierten Musik. Die Gefahr des, wenn auch sch\u00f6nsten, Leerlaufs ist meines Erachtens damit leider nicht gebannt. Das Album wird seine Freunde finden. Zu viel des Guten kann aber auch zu wenig sein. \u2026 <a href=\"https:\/\/hoerbar.nmz.de\/2024\/04\/ohlmeier-klein-left-side-right\/\">Read more.<\/a><\/p>\n<h2 class=\"western\"><a name=\"__RefHeading___Toc4387_3528277511\"><\/a><a href=\"https:\/\/hoerbar.nmz.de\/2024\/03\/schmid-duppler-jensson-blidur\/\">Schmid \/ Duppler \/ Jensson \u2013 Bl\u00ed\u00f0ur<\/a><\/h2>\n<p>Das ist die Kunst der Gestaltung. Es t\u00e4nzelt und blinzelt. Funkelt und weht. Manchmal so, als ob die durch die Kompositionen ziehenden Wolken aussehen wie ein Selbstportrait von Erik Satie, der seinen Hut zieht. <a href=\"https:\/\/hoerbar.nmz.de\/2024\/03\/schmid-duppler-jensson-blidur\/\">Read more.<\/a><\/p>\n","protected":false},"excerpt":{"rendered":"<p>17 Platten aus dem Jazz und an- und umgrenzenden Bereichen. Lock: Ephemerist +++ Stax + Max Stadtfeld: Fancy Future +++ Gabriel Vic\u00e9ns \u2013 Mural +++ Live At FreeJazzSaar 2019 +++ Koppel\/Blade\/Koppel \u2013 Time Again +++ Koppel: Story Of Mankind \u2013 A Requiem +++ Taranczewski: LOM +++ Poetzsch \/ Dirks \u2013 Collateral Flow +++ Ensemble Ambidexter \u2013 Ensemble Ambidexter +++ Kaan Bulak \u2013 No Clouds in Haraz +++ Eichheuser Quintett \u2013 Irgendwo dazwischen +++ Randalu \u2013 Dichterliebe +++ Paeffgen \u2013 Gia +++ Ullmann \u2013 Hemisphere 4 +++ Kamperman \u2013 Maison Moderne +++ Ohlmeier \/ Klein \u2013 Left side right +++ Schmid \/ Duppler \/ Jensson \u2013 Bl\u00ed\u00f0ur<\/p>\n","protected":false},"author":2,"featured_media":32376,"comment_status":"open","ping_status":"closed","sticky":false,"template":"","format":"standard","meta":{"_jetpack_memberships_contains_paid_content":false,"footnotes":"","jetpack_publicize_message":"","jetpack_publicize_feature_enabled":true,"jetpack_social_post_already_shared":true,"jetpack_social_options":{"image_generator_settings":{"template":"highway","default_image_id":0,"font":"","enabled":false},"version":2}},"categories":[1152],"tags":[2738],"coauthors":[680],"class_list":["post-32372","post","type-post","status-publish","format-standard","has-post-thumbnail","hentry","category-rezension","tag-hoerbar-der-nmz"],"yoast_head":"<!-- This site is optimized with the Yoast SEO plugin v27.5 - https:\/\/yoast.com\/product\/yoast-seo-wordpress\/ -->\n<title>Irgendwo zwischen Dichterliebe und Future \u2026 17 Tontr\u00e4ger:innen im Schnelldurchlauf - JazzZeitung<\/title>\n<meta name=\"robots\" content=\"index, follow, max-snippet:-1, max-image-preview:large, max-video-preview:-1\" \/>\n<link rel=\"canonical\" href=\"https:\/\/www.jazzzeitung.de\/cms\/2025\/03\/irgendwo-zwischen-dichterliebe-und-future-17-tontraegerinnen-im-schnelldurchlauf\/\" \/>\n<meta property=\"og:locale\" content=\"de_DE\" \/>\n<meta property=\"og:type\" content=\"article\" \/>\n<meta property=\"og:title\" content=\"Irgendwo zwischen Dichterliebe und Future \u2026 17 Tontr\u00e4ger:innen im Schnelldurchlauf - JazzZeitung\" \/>\n<meta property=\"og:description\" content=\"17 Platten aus dem Jazz und an- und umgrenzenden Bereichen. Lock: Ephemerist +++ Stax + Max Stadtfeld: Fancy Future +++ Gabriel Vic\u00e9ns \u2013 Mural +++ Live At FreeJazzSaar 2019 +++ Koppel\/Blade\/Koppel \u2013 Time Again +++ Koppel: Story Of Mankind \u2013 A Requiem +++ Taranczewski: LOM +++ Poetzsch \/ Dirks \u2013 Collateral Flow +++ Ensemble Ambidexter \u2013 Ensemble Ambidexter +++ Kaan Bulak \u2013 No Clouds in Haraz +++ Eichheuser Quintett \u2013 Irgendwo dazwischen +++ Randalu \u2013 Dichterliebe +++ Paeffgen \u2013 Gia +++ Ullmann \u2013 Hemisphere 4 +++ Kamperman \u2013 Maison Moderne +++ Ohlmeier \/ Klein \u2013 Left side right +++ Schmid \/ Duppler \/ Jensson \u2013 Bl\u00ed\u00f0ur\" \/>\n<meta property=\"og:url\" content=\"https:\/\/www.jazzzeitung.de\/cms\/2025\/03\/irgendwo-zwischen-dichterliebe-und-future-17-tontraegerinnen-im-schnelldurchlauf\/\" \/>\n<meta property=\"og:site_name\" content=\"JazzZeitung\" \/>\n<meta property=\"article:publisher\" content=\"https:\/\/www.facebook.com\/JazzZeitung\/\" \/>\n<meta property=\"article:author\" content=\"https:\/\/www.facebook.com\/hufner\" \/>\n<meta property=\"article:published_time\" content=\"2025-03-26T11:55:52+00:00\" \/>\n<meta property=\"og:image\" content=\"https:\/\/www.jazzzeitung.de\/cms\/wp-content\/uploads\/2025\/03\/blidur.jpg\" \/>\n\t<meta property=\"og:image:width\" content=\"1200\" \/>\n\t<meta property=\"og:image:height\" content=\"1200\" \/>\n\t<meta property=\"og:image:type\" content=\"image\/jpeg\" \/>\n<meta name=\"author\" content=\"Huflaikhan\" \/>\n<script type=\"application\/ld+json\" class=\"yoast-schema-graph\">{\"@context\":\"https:\\\/\\\/schema.org\",\"@graph\":[{\"@type\":\"Article\",\"@id\":\"https:\\\/\\\/www.jazzzeitung.de\\\/cms\\\/2025\\\/03\\\/irgendwo-zwischen-dichterliebe-und-future-17-tontraegerinnen-im-schnelldurchlauf\\\/#article\",\"isPartOf\":{\"@id\":\"https:\\\/\\\/www.jazzzeitung.de\\\/cms\\\/2025\\\/03\\\/irgendwo-zwischen-dichterliebe-und-future-17-tontraegerinnen-im-schnelldurchlauf\\\/\"},\"author\":{\"name\":\"Huflaikhan\",\"@id\":\"https:\\\/\\\/www.jazzzeitung.de\\\/cms\\\/#\\\/schema\\\/person\\\/1ba404714b9455401502bc409a7df45e\"},\"headline\":\"Irgendwo zwischen Dichterliebe und Future \u2026 17 Tontr\u00e4ger:innen im Schnelldurchlauf\",\"datePublished\":\"2025-03-26T11:55:52+00:00\",\"mainEntityOfPage\":{\"@id\":\"https:\\\/\\\/www.jazzzeitung.de\\\/cms\\\/2025\\\/03\\\/irgendwo-zwischen-dichterliebe-und-future-17-tontraegerinnen-im-schnelldurchlauf\\\/\"},\"wordCount\":950,\"commentCount\":0,\"publisher\":{\"@id\":\"https:\\\/\\\/www.jazzzeitung.de\\\/cms\\\/#organization\"},\"image\":{\"@id\":\"https:\\\/\\\/www.jazzzeitung.de\\\/cms\\\/2025\\\/03\\\/irgendwo-zwischen-dichterliebe-und-future-17-tontraegerinnen-im-schnelldurchlauf\\\/#primaryimage\"},\"thumbnailUrl\":\"https:\\\/\\\/i0.wp.com\\\/www.jazzzeitung.de\\\/cms\\\/wp-content\\\/uploads\\\/2025\\\/03\\\/blidur.jpg?fit=1200%2C1200&ssl=1\",\"keywords\":[\"H\u00f6rBar der nmz\"],\"articleSection\":[\"Rezension\"],\"inLanguage\":\"de\",\"potentialAction\":[{\"@type\":\"CommentAction\",\"name\":\"Comment\",\"target\":[\"https:\\\/\\\/www.jazzzeitung.de\\\/cms\\\/2025\\\/03\\\/irgendwo-zwischen-dichterliebe-und-future-17-tontraegerinnen-im-schnelldurchlauf\\\/#respond\"]}]},{\"@type\":\"WebPage\",\"@id\":\"https:\\\/\\\/www.jazzzeitung.de\\\/cms\\\/2025\\\/03\\\/irgendwo-zwischen-dichterliebe-und-future-17-tontraegerinnen-im-schnelldurchlauf\\\/\",\"url\":\"https:\\\/\\\/www.jazzzeitung.de\\\/cms\\\/2025\\\/03\\\/irgendwo-zwischen-dichterliebe-und-future-17-tontraegerinnen-im-schnelldurchlauf\\\/\",\"name\":\"Irgendwo zwischen Dichterliebe und Future \u2026 17 Tontr\u00e4ger:innen im Schnelldurchlauf - JazzZeitung\",\"isPartOf\":{\"@id\":\"https:\\\/\\\/www.jazzzeitung.de\\\/cms\\\/#website\"},\"primaryImageOfPage\":{\"@id\":\"https:\\\/\\\/www.jazzzeitung.de\\\/cms\\\/2025\\\/03\\\/irgendwo-zwischen-dichterliebe-und-future-17-tontraegerinnen-im-schnelldurchlauf\\\/#primaryimage\"},\"image\":{\"@id\":\"https:\\\/\\\/www.jazzzeitung.de\\\/cms\\\/2025\\\/03\\\/irgendwo-zwischen-dichterliebe-und-future-17-tontraegerinnen-im-schnelldurchlauf\\\/#primaryimage\"},\"thumbnailUrl\":\"https:\\\/\\\/i0.wp.com\\\/www.jazzzeitung.de\\\/cms\\\/wp-content\\\/uploads\\\/2025\\\/03\\\/blidur.jpg?fit=1200%2C1200&ssl=1\",\"datePublished\":\"2025-03-26T11:55:52+00:00\",\"breadcrumb\":{\"@id\":\"https:\\\/\\\/www.jazzzeitung.de\\\/cms\\\/2025\\\/03\\\/irgendwo-zwischen-dichterliebe-und-future-17-tontraegerinnen-im-schnelldurchlauf\\\/#breadcrumb\"},\"inLanguage\":\"de\",\"potentialAction\":[{\"@type\":\"ReadAction\",\"target\":[\"https:\\\/\\\/www.jazzzeitung.de\\\/cms\\\/2025\\\/03\\\/irgendwo-zwischen-dichterliebe-und-future-17-tontraegerinnen-im-schnelldurchlauf\\\/\"]}]},{\"@type\":\"ImageObject\",\"inLanguage\":\"de\",\"@id\":\"https:\\\/\\\/www.jazzzeitung.de\\\/cms\\\/2025\\\/03\\\/irgendwo-zwischen-dichterliebe-und-future-17-tontraegerinnen-im-schnelldurchlauf\\\/#primaryimage\",\"url\":\"https:\\\/\\\/i0.wp.com\\\/www.jazzzeitung.de\\\/cms\\\/wp-content\\\/uploads\\\/2025\\\/03\\\/blidur.jpg?fit=1200%2C1200&ssl=1\",\"contentUrl\":\"https:\\\/\\\/i0.wp.com\\\/www.jazzzeitung.de\\\/cms\\\/wp-content\\\/uploads\\\/2025\\\/03\\\/blidur.jpg?fit=1200%2C1200&ssl=1\",\"width\":1200,\"height\":1200},{\"@type\":\"BreadcrumbList\",\"@id\":\"https:\\\/\\\/www.jazzzeitung.de\\\/cms\\\/2025\\\/03\\\/irgendwo-zwischen-dichterliebe-und-future-17-tontraegerinnen-im-schnelldurchlauf\\\/#breadcrumb\",\"itemListElement\":[{\"@type\":\"ListItem\",\"position\":1,\"name\":\"Startseite\",\"item\":\"https:\\\/\\\/www.jazzzeitung.de\\\/cms\\\/\"},{\"@type\":\"ListItem\",\"position\":2,\"name\":\"Irgendwo zwischen Dichterliebe und Future \u2026 17 Tontr\u00e4ger:innen im Schnelldurchlauf\"}]},{\"@type\":\"WebSite\",\"@id\":\"https:\\\/\\\/www.jazzzeitung.de\\\/cms\\\/#website\",\"url\":\"https:\\\/\\\/www.jazzzeitung.de\\\/cms\\\/\",\"name\":\"JazzZeitung\",\"description\":\"Jazz-News und Jazz-Kontroverses\",\"publisher\":{\"@id\":\"https:\\\/\\\/www.jazzzeitung.de\\\/cms\\\/#organization\"},\"potentialAction\":[{\"@type\":\"SearchAction\",\"target\":{\"@type\":\"EntryPoint\",\"urlTemplate\":\"https:\\\/\\\/www.jazzzeitung.de\\\/cms\\\/?s={search_term_string}\"},\"query-input\":{\"@type\":\"PropertyValueSpecification\",\"valueRequired\":true,\"valueName\":\"search_term_string\"}}],\"inLanguage\":\"de\"},{\"@type\":\"Organization\",\"@id\":\"https:\\\/\\\/www.jazzzeitung.de\\\/cms\\\/#organization\",\"name\":\"JazzZeitung online\",\"url\":\"https:\\\/\\\/www.jazzzeitung.de\\\/cms\\\/\",\"logo\":{\"@type\":\"ImageObject\",\"inLanguage\":\"de\",\"@id\":\"https:\\\/\\\/www.jazzzeitung.de\\\/cms\\\/#\\\/schema\\\/logo\\\/image\\\/\",\"url\":\"https:\\\/\\\/i0.wp.com\\\/www.jazzzeitung.de\\\/cms\\\/wp-content\\\/uploads\\\/2015\\\/08\\\/JAZZZEITUNGDE_Logo_Neu.png?fit=499%2C200&ssl=1\",\"contentUrl\":\"https:\\\/\\\/i0.wp.com\\\/www.jazzzeitung.de\\\/cms\\\/wp-content\\\/uploads\\\/2015\\\/08\\\/JAZZZEITUNGDE_Logo_Neu.png?fit=499%2C200&ssl=1\",\"width\":499,\"height\":200,\"caption\":\"JazzZeitung online\"},\"image\":{\"@id\":\"https:\\\/\\\/www.jazzzeitung.de\\\/cms\\\/#\\\/schema\\\/logo\\\/image\\\/\"},\"sameAs\":[\"https:\\\/\\\/www.facebook.com\\\/JazzZeitung\\\/\"]},{\"@type\":\"Person\",\"@id\":\"https:\\\/\\\/www.jazzzeitung.de\\\/cms\\\/#\\\/schema\\\/person\\\/1ba404714b9455401502bc409a7df45e\",\"name\":\"Huflaikhan\",\"image\":{\"@type\":\"ImageObject\",\"inLanguage\":\"de\",\"@id\":\"https:\\\/\\\/i0.wp.com\\\/www.jazzzeitung.de\\\/cms\\\/wp-content\\\/uploads\\\/2013\\\/11\\\/huf-06.jpg?resize=96%2C96&ssl=18afacd5aa7627f2840c013425f5a4164\",\"url\":\"https:\\\/\\\/i0.wp.com\\\/www.jazzzeitung.de\\\/cms\\\/wp-content\\\/uploads\\\/2013\\\/11\\\/huf-06.jpg?resize=96%2C96&ssl=1\",\"contentUrl\":\"https:\\\/\\\/i0.wp.com\\\/www.jazzzeitung.de\\\/cms\\\/wp-content\\\/uploads\\\/2013\\\/11\\\/huf-06.jpg?resize=96%2C96&ssl=1\",\"caption\":\"Huflaikhan\"},\"description\":\"Huflaikhan (aka Martin Hufner) hat Musikwissenschaft, Philosophie und Psychologie in Gie\u00dfen studiert und mit einer Arbeit \u00fcber Adorno und die Zw\u00f6lftontechnik promoviert. Seit 1995 ist er freiberuflich als Autor, Fotograf und Netzmacher unterwegs.\",\"sameAs\":[\"https:\\\/\\\/www.kritische-masse.de\\\/logbuch\",\"https:\\\/\\\/www.facebook.com\\\/hufner\"],\"url\":\"https:\\\/\\\/www.jazzzeitung.de\\\/cms\\\/author\\\/hufi\\\/\"}]}<\/script>\n<!-- \/ Yoast SEO plugin. -->","yoast_head_json":{"title":"Irgendwo zwischen Dichterliebe und Future \u2026 17 Tontr\u00e4ger:innen im Schnelldurchlauf - JazzZeitung","robots":{"index":"index","follow":"follow","max-snippet":"max-snippet:-1","max-image-preview":"max-image-preview:large","max-video-preview":"max-video-preview:-1"},"canonical":"https:\/\/www.jazzzeitung.de\/cms\/2025\/03\/irgendwo-zwischen-dichterliebe-und-future-17-tontraegerinnen-im-schnelldurchlauf\/","og_locale":"de_DE","og_type":"article","og_title":"Irgendwo zwischen Dichterliebe und Future \u2026 17 Tontr\u00e4ger:innen im Schnelldurchlauf - JazzZeitung","og_description":"17 Platten aus dem Jazz und an- und umgrenzenden Bereichen. Lock: Ephemerist +++ Stax + Max Stadtfeld: Fancy Future +++ Gabriel Vic\u00e9ns \u2013 Mural +++ Live At FreeJazzSaar 2019 +++ Koppel\/Blade\/Koppel \u2013 Time Again +++ Koppel: Story Of Mankind \u2013 A Requiem +++ Taranczewski: LOM +++ Poetzsch \/ Dirks \u2013 Collateral Flow +++ Ensemble Ambidexter \u2013 Ensemble Ambidexter +++ Kaan Bulak \u2013 No Clouds in Haraz +++ Eichheuser Quintett \u2013 Irgendwo dazwischen +++ Randalu \u2013 Dichterliebe +++ Paeffgen \u2013 Gia +++ Ullmann \u2013 Hemisphere 4 +++ Kamperman \u2013 Maison Moderne +++ Ohlmeier \/ Klein \u2013 Left side right +++ Schmid \/ Duppler \/ Jensson \u2013 Bl\u00ed\u00f0ur","og_url":"https:\/\/www.jazzzeitung.de\/cms\/2025\/03\/irgendwo-zwischen-dichterliebe-und-future-17-tontraegerinnen-im-schnelldurchlauf\/","og_site_name":"JazzZeitung","article_publisher":"https:\/\/www.facebook.com\/JazzZeitung\/","article_author":"https:\/\/www.facebook.com\/hufner","article_published_time":"2025-03-26T11:55:52+00:00","og_image":[{"width":1200,"height":1200,"url":"https:\/\/www.jazzzeitung.de\/cms\/wp-content\/uploads\/2025\/03\/blidur.jpg","type":"image\/jpeg"}],"author":"Huflaikhan","schema":{"@context":"https:\/\/schema.org","@graph":[{"@type":"Article","@id":"https:\/\/www.jazzzeitung.de\/cms\/2025\/03\/irgendwo-zwischen-dichterliebe-und-future-17-tontraegerinnen-im-schnelldurchlauf\/#article","isPartOf":{"@id":"https:\/\/www.jazzzeitung.de\/cms\/2025\/03\/irgendwo-zwischen-dichterliebe-und-future-17-tontraegerinnen-im-schnelldurchlauf\/"},"author":{"name":"Huflaikhan","@id":"https:\/\/www.jazzzeitung.de\/cms\/#\/schema\/person\/1ba404714b9455401502bc409a7df45e"},"headline":"Irgendwo zwischen Dichterliebe und Future \u2026 17 Tontr\u00e4ger:innen im Schnelldurchlauf","datePublished":"2025-03-26T11:55:52+00:00","mainEntityOfPage":{"@id":"https:\/\/www.jazzzeitung.de\/cms\/2025\/03\/irgendwo-zwischen-dichterliebe-und-future-17-tontraegerinnen-im-schnelldurchlauf\/"},"wordCount":950,"commentCount":0,"publisher":{"@id":"https:\/\/www.jazzzeitung.de\/cms\/#organization"},"image":{"@id":"https:\/\/www.jazzzeitung.de\/cms\/2025\/03\/irgendwo-zwischen-dichterliebe-und-future-17-tontraegerinnen-im-schnelldurchlauf\/#primaryimage"},"thumbnailUrl":"https:\/\/i0.wp.com\/www.jazzzeitung.de\/cms\/wp-content\/uploads\/2025\/03\/blidur.jpg?fit=1200%2C1200&ssl=1","keywords":["H\u00f6rBar der nmz"],"articleSection":["Rezension"],"inLanguage":"de","potentialAction":[{"@type":"CommentAction","name":"Comment","target":["https:\/\/www.jazzzeitung.de\/cms\/2025\/03\/irgendwo-zwischen-dichterliebe-und-future-17-tontraegerinnen-im-schnelldurchlauf\/#respond"]}]},{"@type":"WebPage","@id":"https:\/\/www.jazzzeitung.de\/cms\/2025\/03\/irgendwo-zwischen-dichterliebe-und-future-17-tontraegerinnen-im-schnelldurchlauf\/","url":"https:\/\/www.jazzzeitung.de\/cms\/2025\/03\/irgendwo-zwischen-dichterliebe-und-future-17-tontraegerinnen-im-schnelldurchlauf\/","name":"Irgendwo zwischen Dichterliebe und Future \u2026 17 Tontr\u00e4ger:innen im Schnelldurchlauf - JazzZeitung","isPartOf":{"@id":"https:\/\/www.jazzzeitung.de\/cms\/#website"},"primaryImageOfPage":{"@id":"https:\/\/www.jazzzeitung.de\/cms\/2025\/03\/irgendwo-zwischen-dichterliebe-und-future-17-tontraegerinnen-im-schnelldurchlauf\/#primaryimage"},"image":{"@id":"https:\/\/www.jazzzeitung.de\/cms\/2025\/03\/irgendwo-zwischen-dichterliebe-und-future-17-tontraegerinnen-im-schnelldurchlauf\/#primaryimage"},"thumbnailUrl":"https:\/\/i0.wp.com\/www.jazzzeitung.de\/cms\/wp-content\/uploads\/2025\/03\/blidur.jpg?fit=1200%2C1200&ssl=1","datePublished":"2025-03-26T11:55:52+00:00","breadcrumb":{"@id":"https:\/\/www.jazzzeitung.de\/cms\/2025\/03\/irgendwo-zwischen-dichterliebe-und-future-17-tontraegerinnen-im-schnelldurchlauf\/#breadcrumb"},"inLanguage":"de","potentialAction":[{"@type":"ReadAction","target":["https:\/\/www.jazzzeitung.de\/cms\/2025\/03\/irgendwo-zwischen-dichterliebe-und-future-17-tontraegerinnen-im-schnelldurchlauf\/"]}]},{"@type":"ImageObject","inLanguage":"de","@id":"https:\/\/www.jazzzeitung.de\/cms\/2025\/03\/irgendwo-zwischen-dichterliebe-und-future-17-tontraegerinnen-im-schnelldurchlauf\/#primaryimage","url":"https:\/\/i0.wp.com\/www.jazzzeitung.de\/cms\/wp-content\/uploads\/2025\/03\/blidur.jpg?fit=1200%2C1200&ssl=1","contentUrl":"https:\/\/i0.wp.com\/www.jazzzeitung.de\/cms\/wp-content\/uploads\/2025\/03\/blidur.jpg?fit=1200%2C1200&ssl=1","width":1200,"height":1200},{"@type":"BreadcrumbList","@id":"https:\/\/www.jazzzeitung.de\/cms\/2025\/03\/irgendwo-zwischen-dichterliebe-und-future-17-tontraegerinnen-im-schnelldurchlauf\/#breadcrumb","itemListElement":[{"@type":"ListItem","position":1,"name":"Startseite","item":"https:\/\/www.jazzzeitung.de\/cms\/"},{"@type":"ListItem","position":2,"name":"Irgendwo zwischen Dichterliebe und Future \u2026 17 Tontr\u00e4ger:innen im Schnelldurchlauf"}]},{"@type":"WebSite","@id":"https:\/\/www.jazzzeitung.de\/cms\/#website","url":"https:\/\/www.jazzzeitung.de\/cms\/","name":"JazzZeitung","description":"Jazz-News und Jazz-Kontroverses","publisher":{"@id":"https:\/\/www.jazzzeitung.de\/cms\/#organization"},"potentialAction":[{"@type":"SearchAction","target":{"@type":"EntryPoint","urlTemplate":"https:\/\/www.jazzzeitung.de\/cms\/?s={search_term_string}"},"query-input":{"@type":"PropertyValueSpecification","valueRequired":true,"valueName":"search_term_string"}}],"inLanguage":"de"},{"@type":"Organization","@id":"https:\/\/www.jazzzeitung.de\/cms\/#organization","name":"JazzZeitung online","url":"https:\/\/www.jazzzeitung.de\/cms\/","logo":{"@type":"ImageObject","inLanguage":"de","@id":"https:\/\/www.jazzzeitung.de\/cms\/#\/schema\/logo\/image\/","url":"https:\/\/i0.wp.com\/www.jazzzeitung.de\/cms\/wp-content\/uploads\/2015\/08\/JAZZZEITUNGDE_Logo_Neu.png?fit=499%2C200&ssl=1","contentUrl":"https:\/\/i0.wp.com\/www.jazzzeitung.de\/cms\/wp-content\/uploads\/2015\/08\/JAZZZEITUNGDE_Logo_Neu.png?fit=499%2C200&ssl=1","width":499,"height":200,"caption":"JazzZeitung online"},"image":{"@id":"https:\/\/www.jazzzeitung.de\/cms\/#\/schema\/logo\/image\/"},"sameAs":["https:\/\/www.facebook.com\/JazzZeitung\/"]},{"@type":"Person","@id":"https:\/\/www.jazzzeitung.de\/cms\/#\/schema\/person\/1ba404714b9455401502bc409a7df45e","name":"Huflaikhan","image":{"@type":"ImageObject","inLanguage":"de","@id":"https:\/\/i0.wp.com\/www.jazzzeitung.de\/cms\/wp-content\/uploads\/2013\/11\/huf-06.jpg?resize=96%2C96&ssl=18afacd5aa7627f2840c013425f5a4164","url":"https:\/\/i0.wp.com\/www.jazzzeitung.de\/cms\/wp-content\/uploads\/2013\/11\/huf-06.jpg?resize=96%2C96&ssl=1","contentUrl":"https:\/\/i0.wp.com\/www.jazzzeitung.de\/cms\/wp-content\/uploads\/2013\/11\/huf-06.jpg?resize=96%2C96&ssl=1","caption":"Huflaikhan"},"description":"Huflaikhan (aka Martin Hufner) hat Musikwissenschaft, Philosophie und Psychologie in Gie\u00dfen studiert und mit einer Arbeit \u00fcber Adorno und die Zw\u00f6lftontechnik promoviert. Seit 1995 ist er freiberuflich als Autor, Fotograf und Netzmacher unterwegs.","sameAs":["https:\/\/www.kritische-masse.de\/logbuch","https:\/\/www.facebook.com\/hufner"],"url":"https:\/\/www.jazzzeitung.de\/cms\/author\/hufi\/"}]}},"wp-worthy-pixel":{"ignored":true,"public":null,"server":null,"url":null},"wp-worthy-type":"normal","jetpack_publicize_connections":[],"cc_featured_image_caption":{"caption_text":"Schmid \/ Duppler \/ Jensson \u2013 Bl\u00ed\u00f0ur","source_text":"","source_url":""},"jetpack_featured_media_url":"https:\/\/i0.wp.com\/www.jazzzeitung.de\/cms\/wp-content\/uploads\/2025\/03\/blidur.jpg?fit=1200%2C1200&ssl=1","jetpack_shortlink":"https:\/\/wp.me\/p3KEcT-8q8","jetpack-related-posts":[{"id":33492,"url":"https:\/\/www.jazzzeitung.de\/cms\/2025\/12\/irgendwo-zwischen-zauberlehrling-und-gluehlampenmusik-16-tontraegerinnen-im-schnelldurchlauf\/","url_meta":{"origin":32372,"position":0},"title":"Irgendwo zwischen Zauberlehrling und Gl\u00fchlampenmusik \u2026 16 Tontr\u00e4ger:innen im Schnelldurchlauf","author":"Huflaikhan","date":"18. Dezember 2025","format":false,"excerpt":"16 Platten aus dem Jazz und an- und umgrenzenden Bereichen. Die Links f\u00fchren zu den vollst\u00e4ndigen Kritiken in der H\u00f6rBar der neuen musikzeitung.","rel":"","context":"In &quot;Rezension&quot;","block_context":{"text":"Rezension","link":"https:\/\/www.jazzzeitung.de\/cms\/thema\/rezension\/"},"img":{"alt_text":"","src":"https:\/\/i0.wp.com\/www.jazzzeitung.de\/cms\/wp-content\/uploads\/2025\/12\/whatwedo.jpg?fit=1200%2C1200&ssl=1&resize=350%2C200","width":350,"height":200,"srcset":"https:\/\/i0.wp.com\/www.jazzzeitung.de\/cms\/wp-content\/uploads\/2025\/12\/whatwedo.jpg?fit=1200%2C1200&ssl=1&resize=350%2C200 1x, https:\/\/i0.wp.com\/www.jazzzeitung.de\/cms\/wp-content\/uploads\/2025\/12\/whatwedo.jpg?fit=1200%2C1200&ssl=1&resize=525%2C300 1.5x, https:\/\/i0.wp.com\/www.jazzzeitung.de\/cms\/wp-content\/uploads\/2025\/12\/whatwedo.jpg?fit=1200%2C1200&ssl=1&resize=700%2C400 2x, https:\/\/i0.wp.com\/www.jazzzeitung.de\/cms\/wp-content\/uploads\/2025\/12\/whatwedo.jpg?fit=1200%2C1200&ssl=1&resize=1050%2C600 3x"},"classes":[]},{"id":19307,"url":"https:\/\/www.jazzzeitung.de\/cms\/2019\/04\/news-100-konzert-der-jazzit-reihe-in-germering-night-club-im-mai-new-york-im-bayerischen-hof\/","url_meta":{"origin":32372,"position":1},"title":"+++ news +++ 100. Konzert der JazzIt! Reihe in Germering +++ Night Club im Mai: New York im Bayerischen Hof +++","author":"Redaktion JazzZeitung","date":"27. April 2019","format":false,"excerpt":"Am 6. Juni 2019 feiert die Konzertreihe \u201eJazzIt!\u201c in Germering ihr 100. Konzert mit dem israelischen Pianisten Omer Klein. Neben Modern Jazz l\u00e4sst er auch Elemente aus der traditionellen Musik seiner Heimat in seine Musik einflie\u00dfen. \u201eJazzIt!\u201c wurde 2007 von der Stadthalle Germering ins Leben gerufen. In sieben Konzerten pro\u2026","rel":"","context":"In &quot;News&quot;","block_context":{"text":"News","link":"https:\/\/www.jazzzeitung.de\/cms\/thema\/nachrichten\/"},"img":{"alt_text":"","src":"https:\/\/i0.wp.com\/www.jazzzeitung.de\/cms\/wp-content\/uploads\/2019\/04\/P1325226-sw-Cornelius-Claudio-Kreusch-Foto-TJ-Krebs-jazzphotoagency%40web.de_.jpg?fit=1200%2C800&ssl=1&resize=350%2C200","width":350,"height":200,"srcset":"https:\/\/i0.wp.com\/www.jazzzeitung.de\/cms\/wp-content\/uploads\/2019\/04\/P1325226-sw-Cornelius-Claudio-Kreusch-Foto-TJ-Krebs-jazzphotoagency%40web.de_.jpg?fit=1200%2C800&ssl=1&resize=350%2C200 1x, https:\/\/i0.wp.com\/www.jazzzeitung.de\/cms\/wp-content\/uploads\/2019\/04\/P1325226-sw-Cornelius-Claudio-Kreusch-Foto-TJ-Krebs-jazzphotoagency%40web.de_.jpg?fit=1200%2C800&ssl=1&resize=525%2C300 1.5x, https:\/\/i0.wp.com\/www.jazzzeitung.de\/cms\/wp-content\/uploads\/2019\/04\/P1325226-sw-Cornelius-Claudio-Kreusch-Foto-TJ-Krebs-jazzphotoagency%40web.de_.jpg?fit=1200%2C800&ssl=1&resize=700%2C400 2x, https:\/\/i0.wp.com\/www.jazzzeitung.de\/cms\/wp-content\/uploads\/2019\/04\/P1325226-sw-Cornelius-Claudio-Kreusch-Foto-TJ-Krebs-jazzphotoagency%40web.de_.jpg?fit=1200%2C800&ssl=1&resize=1050%2C600 3x"},"classes":[]},{"id":31602,"url":"https:\/\/www.jazzzeitung.de\/cms\/2024\/09\/power-together-11-tontraegerinnen-im-schnelldurchlauf\/","url_meta":{"origin":32372,"position":2},"title":"Power \u2013 Together \u2026 11 Tontr\u00e4ger:innen im Schnelldurchlauf","author":"Huflaikhan","date":"6. September 2024","format":false,"excerpt":"Elf Platten aus dem Jazz und an- und umgrenzenden Bereichen. Von Benjamin Schaefers \u201ePower\u201c bis zu Sarah Chaksads \u201eTogether\u201c - und das Klaviergesamtwerk von Gurdjieff \/ De Hartmann spielte Jeroen van Veen ein.","rel":"","context":"In &quot;Rezension&quot;","block_context":{"text":"Rezension","link":"https:\/\/www.jazzzeitung.de\/cms\/thema\/rezension\/"},"img":{"alt_text":"Philip Zoubek Trio Extended \u2013 Mirage","src":"https:\/\/i0.wp.com\/www.jazzzeitung.de\/cms\/wp-content\/uploads\/2024\/09\/Mirage-Cover.jpeg?fit=1054%2C1058&ssl=1&resize=350%2C200","width":350,"height":200,"srcset":"https:\/\/i0.wp.com\/www.jazzzeitung.de\/cms\/wp-content\/uploads\/2024\/09\/Mirage-Cover.jpeg?fit=1054%2C1058&ssl=1&resize=350%2C200 1x, https:\/\/i0.wp.com\/www.jazzzeitung.de\/cms\/wp-content\/uploads\/2024\/09\/Mirage-Cover.jpeg?fit=1054%2C1058&ssl=1&resize=525%2C300 1.5x, https:\/\/i0.wp.com\/www.jazzzeitung.de\/cms\/wp-content\/uploads\/2024\/09\/Mirage-Cover.jpeg?fit=1054%2C1058&ssl=1&resize=700%2C400 2x, https:\/\/i0.wp.com\/www.jazzzeitung.de\/cms\/wp-content\/uploads\/2024\/09\/Mirage-Cover.jpeg?fit=1054%2C1058&ssl=1&resize=1050%2C600 3x"},"classes":[]},{"id":32707,"url":"https:\/\/www.jazzzeitung.de\/cms\/2025\/06\/irgendwo-zwischen-tibet-und-loopcity-20-tontraegerinnen-im-schnelldurchlauf\/","url_meta":{"origin":32372,"position":3},"title":"Irgendwo zwischen Tibet und Loopcity \u2026 20 Tontr\u00e4ger:innen im Schnelldurchlauf","author":"Huflaikhan","date":"24. Juni 2025","format":false,"excerpt":"20 CDs im Schnelldurchlauf: 1. Bo van de Graaf \u2013 One Way Ticket to Tibet, 2. Leykam \/ Meyer \/ Schaller \u2013 Krautinsel; 3. European Guitar Quartet \u2013 Fourtune; 4. Sigurd Hole Ensemble \u2013 Extinction Sounds; 5. Stuppin & Berger: Aurora Borealis; 6. Florian Paul & Die Kapelle der letzten\u2026","rel":"","context":"In &quot;Rezension&quot;","block_context":{"text":"Rezension","link":"https:\/\/www.jazzzeitung.de\/cms\/thema\/rezension\/"},"img":{"alt_text":"Bo van de Graaf \u2013 One Way Ticket to Tibet","src":"https:\/\/i0.wp.com\/www.jazzzeitung.de\/cms\/wp-content\/uploads\/2025\/06\/va_de_graaf.jpeg?fit=1200%2C1200&ssl=1&resize=350%2C200","width":350,"height":200,"srcset":"https:\/\/i0.wp.com\/www.jazzzeitung.de\/cms\/wp-content\/uploads\/2025\/06\/va_de_graaf.jpeg?fit=1200%2C1200&ssl=1&resize=350%2C200 1x, https:\/\/i0.wp.com\/www.jazzzeitung.de\/cms\/wp-content\/uploads\/2025\/06\/va_de_graaf.jpeg?fit=1200%2C1200&ssl=1&resize=525%2C300 1.5x, https:\/\/i0.wp.com\/www.jazzzeitung.de\/cms\/wp-content\/uploads\/2025\/06\/va_de_graaf.jpeg?fit=1200%2C1200&ssl=1&resize=700%2C400 2x, https:\/\/i0.wp.com\/www.jazzzeitung.de\/cms\/wp-content\/uploads\/2025\/06\/va_de_graaf.jpeg?fit=1200%2C1200&ssl=1&resize=1050%2C600 3x"},"classes":[]},{"id":28746,"url":"https:\/\/www.jazzzeitung.de\/cms\/2022\/12\/doppelmond-folk-math-rock-minimal-und-ein-trio-debuet-jazz-cds-in-der-hoerbar-nov-2022\/","url_meta":{"origin":32372,"position":4},"title":"Doppelmond, Folk, Math Rock, Minimal und ein Trio-Deb\u00fct \u2013 Jazz-CDs in der H\u00f6rBar Nov. 2022","author":"Huflaikhan","date":"5. Dezember 2022","format":false,"excerpt":"Musik mit Murakami, Grenzg\u00e4nge zu Folk und Math Rock und Minimal. Und ein gro\u00dfartiges Trio mit Olga Reznichenko am Piano. Die Jazz-Rezensionen in der H\u00f6rBar der neuen musikzeitung. Sebastian Gahler \u2013 Two Moons C. Behrendtsen Evelyn Kryger \u2013 Live at JazzBaltica 2021 Hans Arnold \u2013 Interim Olga Reznichenko Trio \u2013\u2026","rel":"","context":"In &quot;Rezension&quot;","block_context":{"text":"Rezension","link":"https:\/\/www.jazzzeitung.de\/cms\/thema\/rezension\/"},"img":{"alt_text":"Olga Reznichenko Trio \u2013 Somnambule","src":"https:\/\/i0.wp.com\/www.jazzzeitung.de\/cms\/wp-content\/uploads\/2022\/12\/46_reznichenko.jpg?fit=1200%2C1200&ssl=1&resize=350%2C200","width":350,"height":200,"srcset":"https:\/\/i0.wp.com\/www.jazzzeitung.de\/cms\/wp-content\/uploads\/2022\/12\/46_reznichenko.jpg?fit=1200%2C1200&ssl=1&resize=350%2C200 1x, https:\/\/i0.wp.com\/www.jazzzeitung.de\/cms\/wp-content\/uploads\/2022\/12\/46_reznichenko.jpg?fit=1200%2C1200&ssl=1&resize=525%2C300 1.5x, https:\/\/i0.wp.com\/www.jazzzeitung.de\/cms\/wp-content\/uploads\/2022\/12\/46_reznichenko.jpg?fit=1200%2C1200&ssl=1&resize=700%2C400 2x, https:\/\/i0.wp.com\/www.jazzzeitung.de\/cms\/wp-content\/uploads\/2022\/12\/46_reznichenko.jpg?fit=1200%2C1200&ssl=1&resize=1050%2C600 3x"},"classes":[]},{"id":31010,"url":"https:\/\/www.jazzzeitung.de\/cms\/2024\/05\/simplified-urschall-atlas-10-rezensionen-im-schnelldurchlauf\/","url_meta":{"origin":32372,"position":5},"title":"Simplified Urschall-Atlas \u2026 10 Rezensionen im Schnelldurchlauf","author":"Huflaikhan","date":"8. Mai 2024","format":false,"excerpt":"Zehn Platten aus dem Jazz und an- und umgrenzenden Bereichen. Die Links f\u00fchren zu den vollst\u00e4ndigen Kritiken in der H\u00f6rBar der neuen musikzeitung. Enso: A Simplified Space Gerdes: Songs and Improvisations Perplexities On Mars: Perseverances Joray: Updraft Gramss\u2019 States Of Play: Urschall Gu\u00f0mundsd\u00f3ttir \/ \u00c1rnason: Poems Trovesi \/ Montanari: Stravaganze\u2026","rel":"","context":"In &quot;Rezension&quot;","block_context":{"text":"Rezension","link":"https:\/\/www.jazzzeitung.de\/cms\/thema\/rezension\/"},"img":{"alt_text":"Gramss\u2019 States Of Play: Urschall","src":"https:\/\/i0.wp.com\/www.jazzzeitung.de\/cms\/wp-content\/uploads\/2024\/05\/gramss_urschall.jpg?fit=1200%2C1049&ssl=1&resize=350%2C200","width":350,"height":200,"srcset":"https:\/\/i0.wp.com\/www.jazzzeitung.de\/cms\/wp-content\/uploads\/2024\/05\/gramss_urschall.jpg?fit=1200%2C1049&ssl=1&resize=350%2C200 1x, https:\/\/i0.wp.com\/www.jazzzeitung.de\/cms\/wp-content\/uploads\/2024\/05\/gramss_urschall.jpg?fit=1200%2C1049&ssl=1&resize=525%2C300 1.5x, https:\/\/i0.wp.com\/www.jazzzeitung.de\/cms\/wp-content\/uploads\/2024\/05\/gramss_urschall.jpg?fit=1200%2C1049&ssl=1&resize=700%2C400 2x, https:\/\/i0.wp.com\/www.jazzzeitung.de\/cms\/wp-content\/uploads\/2024\/05\/gramss_urschall.jpg?fit=1200%2C1049&ssl=1&resize=1050%2C600 3x"},"classes":[]}],"jetpack_sharing_enabled":true,"_links":{"self":[{"href":"https:\/\/www.jazzzeitung.de\/cms\/wp-json\/wp\/v2\/posts\/32372","targetHints":{"allow":["GET"]}}],"collection":[{"href":"https:\/\/www.jazzzeitung.de\/cms\/wp-json\/wp\/v2\/posts"}],"about":[{"href":"https:\/\/www.jazzzeitung.de\/cms\/wp-json\/wp\/v2\/types\/post"}],"author":[{"embeddable":true,"href":"https:\/\/www.jazzzeitung.de\/cms\/wp-json\/wp\/v2\/users\/2"}],"replies":[{"embeddable":true,"href":"https:\/\/www.jazzzeitung.de\/cms\/wp-json\/wp\/v2\/comments?post=32372"}],"version-history":[{"count":3,"href":"https:\/\/www.jazzzeitung.de\/cms\/wp-json\/wp\/v2\/posts\/32372\/revisions"}],"predecessor-version":[{"id":32394,"href":"https:\/\/www.jazzzeitung.de\/cms\/wp-json\/wp\/v2\/posts\/32372\/revisions\/32394"}],"wp:featuredmedia":[{"embeddable":true,"href":"https:\/\/www.jazzzeitung.de\/cms\/wp-json\/wp\/v2\/media\/32376"}],"wp:attachment":[{"href":"https:\/\/www.jazzzeitung.de\/cms\/wp-json\/wp\/v2\/media?parent=32372"}],"wp:term":[{"taxonomy":"category","embeddable":true,"href":"https:\/\/www.jazzzeitung.de\/cms\/wp-json\/wp\/v2\/categories?post=32372"},{"taxonomy":"post_tag","embeddable":true,"href":"https:\/\/www.jazzzeitung.de\/cms\/wp-json\/wp\/v2\/tags?post=32372"},{"taxonomy":"author","embeddable":true,"href":"https:\/\/www.jazzzeitung.de\/cms\/wp-json\/wp\/v2\/coauthors?post=32372"}],"curies":[{"name":"wp","href":"https:\/\/api.w.org\/{rel}","templated":true}]}}