{"id":32353,"date":"2025-03-18T10:40:54","date_gmt":"2025-03-18T09:40:54","guid":{"rendered":"https:\/\/www.jazzzeitung.de\/cms\/?p=32353"},"modified":"2025-03-18T10:40:54","modified_gmt":"2025-03-18T09:40:54","slug":"news-hr-bigband-fuer-deutschen-jazzpreis-nominiert-will-jacobs-in-oberthulba","status":"publish","type":"post","link":"https:\/\/www.jazzzeitung.de\/cms\/2025\/03\/news-hr-bigband-fuer-deutschen-jazzpreis-nominiert-will-jacobs-in-oberthulba\/","title":{"rendered":"+++ news +++ hr-Bigband f\u00fcr Deutschen Jazzpreis nominiert +++ Will Jacobs in Oberthulba +++"},"content":{"rendered":"<h3>+++ hr-Bigband f\u00fcr Deutschen Jazzpreis nominiert +++<\/h3>\n<p>Die hr-Bigband ist mit der Produktion \u201eAllg\u00e4u meets India\u201c f\u00fcr den Deutschen Jazzpreis 2025 nominiert. Der 2024 erschienene Konzertmitschnitt der hr-Bigband mit dem Komponisten und Multiinstrumentalisten Matthias Schriefl vom Deutschen Jazzfestival 2018 geht in der Kategorie \u201eRundfunkproduktion des Jahres\u201c an den Start. Der Deutsche Jazzpreis wird am 13. Juni im K\u00f6lner E-Werk verliehen.<\/p>\n<h4>Tausendsassa Matthias Schriefl<\/h4>\n<p>Wie kaum ein anderer versteht es Matthias Schriefl, Alpenfolklore, Jazz, Punk und neue Kammermusik zusammenzudenken. F\u00fcr das 49. Deutsche Jazzfestival Frankfurt 2018 ging der Allg\u00e4uer Tausendsassa noch einen Schritt weiter, bis hin zur indischen Musik, und schrieb ein Programm speziell f\u00fcr die hr-Bigband und einer Vielzahl illustrer G\u00e4ste. Der Allg\u00e4uer Wahlk\u00f6lner und Multiinstrumentalist Schriefl kreierte damals gemeinsam mit der hr-Bigband sowie G\u00e4sten aus Europa und Indien Musik, die s\u00fcdindische Tradition mit der des Allg\u00e4us verbindet. Indische Improvisation trifft auf den Groove der hr-Bigband und Schriefls nicht enden wollende Arrangement-Ideen. Dabei verschmilzt mal ein Jodler mit indischen Rhythmen, dann harmonisiert eine s\u00fcdindische Melodie mit europ\u00e4ischen Akkorden. Alle harmonischen, ton- und satztechnischen Gesetze werden au\u00dfer Kraft gesetzt und die Fantasie angeregt.<\/p>\n<h4>Sternstunde<\/h4>\n<p>\u201eUnser gemeinsames Konzert war eine Sternstunde gro\u00dforchestraler Kreativit\u00e4t, deshalb w\u00e4re es zu schade gewesen, sie in den Archiven schlummern zu lassen. Umso mehr freuen wir uns nun \u00fcber die Nominierung f\u00fcr diesen renommierten Preis\u201c, sagt hr-Bigband-Orchestermanager Olaf St\u00f6tzler, \u201edie Zusammenarbeit mit Matthias Schriefl war gro\u00dfartig und das Album, das wir im Jahr 2024 produziert haben, ist unsere erste Einreichung beim Deutschen Jazzpreis.\u201c<\/p>\n<h4><strong>Der Deutsche Jazzpreis<\/strong><\/h4>\n<p>Der Deutsche Jazzpreis wird 2025 zum f\u00fcnften Mal verliehen und verfolgt das \u00fcbergeordnete Ziel, mehr kulturelle Vielfalt in der musikalischen Praxis und in der Lehre, im Kulturmanagement ebenso wie in der Tontr\u00e4gerproduktion und in der Dokumentation zu schaffen, zu leben und zu vermitteln. Seine Innovationskraft in all seinen Facetten auszuzeichnen und einem diversen Publikum neue Wege zum Jazz zu vermitteln, ist Zweck des Deutschen Jazzpreises. Der Deutsche Jazzpreis wurde erstmal von der ehemaligen Kulturstaatsministerin Monika Gr\u00fctters im Jahr 2021 ausgelobt. Als zentrale F\u00f6rdereinrichtung der Bundesregierung f\u00fcr die Musikwirtschaft ist die \u201eInitiative Musik\u201d mit der Realisierung betraut worden.<\/p>\n<p><strong>Weitere Informationen: <\/strong><br \/>\n<a href=\"https:\/\/hr-medieninformation-nl.sr.de\/newsletter-redirect.php?nl=738&amp;hash=1&amp;url=aHR0cHM6Ly93d3cuaHItYmlnYmFuZC5kZS8=\">www.hr-bigband.de<\/a><\/p>\n<h3>+++ Will Jacobs und Band auf der Pianob\u00fchne Oberthulba +++<\/h3>\n<p>Will Jacobs hat die Berliner Musikszene in den letzten Jahren ordentlich aufgemischt \u2013 und das in einer Stadt, die f\u00fcr ihre hohe musikalische Qualit\u00e4t bekannt ist. Der talentierte junge Musiker bringt den Groove, den Sound und den Spirit seiner Heimatstadt Chicago direkt auf die B\u00fchne. Aufgewachsen in der Wiege des <strong>Chicago Blues<\/strong>\u00a0hat Will den elektrifizierten und facettenreichen Sound des Delta Blues von klein auf verinnerlicht.<\/p>\n<h4>Jammen mit den Gro\u00dfen<\/h4>\n<p>Schon als Teenager zog er durch die Clubs Chicagos, jammte mit den Gr\u00f6\u00dfen der Blues-Szene und machte sich schnell einen Namen. 2018 feierte er einen gro\u00dfen Erfolg, als er beim weltber\u00fchmten Chicago Blues Festival auftrat \u2013 ein Meilenstein seiner noch jungen Karriere. Doch Will Jacobs ist nicht nur im Blues zu Hause. Als zeitgem\u00e4\u00dfer Musiker verbindet er gekonnt Einfl\u00fcsse von <strong>Soul<\/strong>, inspiriert durch die legend\u00e4ren Labels <strong>Stax <\/strong>und <strong>Motown<\/strong>, und l\u00e4sst modernere Sounds in seine mitrei\u00dfende Musik einflie\u00dfen.Energiegeladen, leidenschaftlich und mit absoluter Hingabe sorgt Will Jacobs auf der B\u00fchne daf\u00fcr, dass jede Performance zu einem unvergesslichen Erlebnis wird. Seien Sie dabei und erleben Sie eine einmalige Fusion aus Blues, Soul und mehr! St\u00e4ndige spielt der 30-j\u00e4hrige S\u00e4nger und Guitarist Tourneen in den angesagtesten Clubs in Europa und USA!<\/p>\n<p>Will Jacobs kam erstmals als Sideman von Ingrid Arthur vor einigen Jahren mit der Piano-B\u00fchne in Kontakt. Seitdem spielte der junge Top-Blues-Star &amp; seine international besetzte Band\u00a0 schon dreimal vor vollem Haus in Oberthulba auf.\u00a0 Will Jacobs, Guitarre, vocal,\u00a0 Daryl Taylor am Bass, der hervoragende Saxophonist Abdul Fuasi, Brian Sauls an den Handmade-Drums und Llionell Haas an den Keys werden diesmal wieder einheizen! After-Concert am Barfl\u00fcgel mit Joe Dietz<\/p>\n<ol>\n<li>April 2025, 20 Uhr<\/li>\n<\/ol>\n<p>Karten unter Tel. 09736\/657 oder<\/p>\n<p><a href=\"mailto:info@piano.de\">info@piano.de<\/a><\/p>\n<p><a href=\"http:\/\/www.pianobuehne.de\">www.pianobuehne.de<\/a><\/p>\n<p>Beitragsfoto: Peter Kleinhenz<\/p>\n","protected":false},"excerpt":{"rendered":"<p>+++ hr-Bigband f\u00fcr Deutschen Jazzpreis nominiert +++ Die hr-Bigband ist mit der Produktion \u201eAllg\u00e4u meets India\u201c f\u00fcr den Deutschen Jazzpreis 2025 nominiert. Der 2024 erschienene Konzertmitschnitt der hr-Bigband mit dem Komponisten und Multiinstrumentalisten Matthias Schriefl vom Deutschen Jazzfestival 2018 geht in der Kategorie \u201eRundfunkproduktion des Jahres\u201c an den Start. Der Deutsche Jazzpreis wird am 13. Juni im K\u00f6lner E-Werk verliehen. Tausendsassa Matthias Schriefl Wie kaum ein anderer versteht es Matthias Schriefl, Alpenfolklore, Jazz, Punk und neue Kammermusik zusammenzudenken. F\u00fcr das 49. Deutsche Jazzfestival Frankfurt 2018 ging der Allg\u00e4uer Tausendsassa noch einen Schritt weiter, bis hin zur indischen Musik, und schrieb ein Programm speziell f\u00fcr die hr-Bigband und einer Vielzahl illustrer G\u00e4ste. Der Allg\u00e4uer Wahlk\u00f6lner und Multiinstrumentalist Schriefl kreierte damals gemeinsam mit der hr-Bigband sowie G\u00e4sten aus Europa und Indien Musik, die s\u00fcdindische Tradition mit der des Allg\u00e4us verbindet. Indische Improvisation trifft auf den Groove der hr-Bigband und Schriefls nicht enden wollende Arrangement-Ideen. Dabei verschmilzt mal ein Jodler mit indischen Rhythmen, dann harmonisiert eine s\u00fcdindische Melodie mit europ\u00e4ischen Akkorden. Alle harmonischen, ton- und satztechnischen Gesetze werden au\u00dfer Kraft gesetzt und die Fantasie angeregt. Sternstunde \u201eUnser gemeinsames &hellip;<\/p>\n","protected":false},"author":18,"featured_media":32354,"comment_status":"open","ping_status":"closed","sticky":false,"template":"","format":"standard","meta":{"_jetpack_memberships_contains_paid_content":false,"footnotes":"","jetpack_publicize_message":"","jetpack_publicize_feature_enabled":true,"jetpack_social_post_already_shared":true,"jetpack_social_options":{"image_generator_settings":{"template":"highway","default_image_id":0,"font":"","enabled":false},"version":2}},"categories":[634],"tags":[735,1025,2051,5607,2053],"coauthors":[695],"class_list":["post-32353","post","type-post","status-publish","format-standard","has-post-thumbnail","hentry","category-redaktion","tag-deutscher-jazzpreis","tag-hr-bigband","tag-oberthulba","tag-pianobuehne","tag-will-jacobs"],"yoast_head":"<!-- This site is optimized with the Yoast SEO plugin v27.5 - https:\/\/yoast.com\/product\/yoast-seo-wordpress\/ -->\n<title>+++ news +++ hr-Bigband f\u00fcr Deutschen Jazzpreis nominiert +++ Will Jacobs in Oberthulba +++ - JazzZeitung<\/title>\n<meta name=\"robots\" content=\"index, follow, max-snippet:-1, max-image-preview:large, max-video-preview:-1\" \/>\n<link rel=\"canonical\" href=\"https:\/\/www.jazzzeitung.de\/cms\/2025\/03\/news-hr-bigband-fuer-deutschen-jazzpreis-nominiert-will-jacobs-in-oberthulba\/\" \/>\n<meta property=\"og:locale\" content=\"de_DE\" \/>\n<meta property=\"og:type\" content=\"article\" \/>\n<meta property=\"og:title\" content=\"+++ news +++ hr-Bigband f\u00fcr Deutschen Jazzpreis nominiert +++ Will Jacobs in Oberthulba +++ - JazzZeitung\" \/>\n<meta property=\"og:description\" content=\"+++ hr-Bigband f\u00fcr Deutschen Jazzpreis nominiert +++ Die hr-Bigband ist mit der Produktion \u201eAllg\u00e4u meets India\u201c f\u00fcr den Deutschen Jazzpreis 2025 nominiert. Der 2024 erschienene Konzertmitschnitt der hr-Bigband mit dem Komponisten und Multiinstrumentalisten Matthias Schriefl vom Deutschen Jazzfestival 2018 geht in der Kategorie \u201eRundfunkproduktion des Jahres\u201c an den Start. Der Deutsche Jazzpreis wird am 13. Juni im K\u00f6lner E-Werk verliehen. Tausendsassa Matthias Schriefl Wie kaum ein anderer versteht es Matthias Schriefl, Alpenfolklore, Jazz, Punk und neue Kammermusik zusammenzudenken. F\u00fcr das 49. Deutsche Jazzfestival Frankfurt 2018 ging der Allg\u00e4uer Tausendsassa noch einen Schritt weiter, bis hin zur indischen Musik, und schrieb ein Programm speziell f\u00fcr die hr-Bigband und einer Vielzahl illustrer G\u00e4ste. Der Allg\u00e4uer Wahlk\u00f6lner und Multiinstrumentalist Schriefl kreierte damals gemeinsam mit der hr-Bigband sowie G\u00e4sten aus Europa und Indien Musik, die s\u00fcdindische Tradition mit der des Allg\u00e4us verbindet. Indische Improvisation trifft auf den Groove der hr-Bigband und Schriefls nicht enden wollende Arrangement-Ideen. Dabei verschmilzt mal ein Jodler mit indischen Rhythmen, dann harmonisiert eine s\u00fcdindische Melodie mit europ\u00e4ischen Akkorden. Alle harmonischen, ton- und satztechnischen Gesetze werden au\u00dfer Kraft gesetzt und die Fantasie angeregt. Sternstunde \u201eUnser gemeinsames &hellip;\" \/>\n<meta property=\"og:url\" content=\"https:\/\/www.jazzzeitung.de\/cms\/2025\/03\/news-hr-bigband-fuer-deutschen-jazzpreis-nominiert-will-jacobs-in-oberthulba\/\" \/>\n<meta property=\"og:site_name\" content=\"JazzZeitung\" \/>\n<meta property=\"article:publisher\" content=\"https:\/\/www.facebook.com\/JazzZeitung\/\" \/>\n<meta property=\"article:published_time\" content=\"2025-03-18T09:40:54+00:00\" \/>\n<meta property=\"og:image\" content=\"https:\/\/www.jazzzeitung.de\/cms\/wp-content\/uploads\/2025\/03\/Will-Gary-scaled.jpg\" \/>\n\t<meta property=\"og:image:width\" content=\"2560\" \/>\n\t<meta property=\"og:image:height\" content=\"1707\" \/>\n\t<meta property=\"og:image:type\" content=\"image\/jpeg\" \/>\n<meta name=\"author\" content=\"Redaktion JazzZeitung\" \/>\n<script type=\"application\/ld+json\" class=\"yoast-schema-graph\">{\"@context\":\"https:\\\/\\\/schema.org\",\"@graph\":[{\"@type\":\"Article\",\"@id\":\"https:\\\/\\\/www.jazzzeitung.de\\\/cms\\\/2025\\\/03\\\/news-hr-bigband-fuer-deutschen-jazzpreis-nominiert-will-jacobs-in-oberthulba\\\/#article\",\"isPartOf\":{\"@id\":\"https:\\\/\\\/www.jazzzeitung.de\\\/cms\\\/2025\\\/03\\\/news-hr-bigband-fuer-deutschen-jazzpreis-nominiert-will-jacobs-in-oberthulba\\\/\"},\"author\":{\"name\":\"Redaktion JazzZeitung\",\"@id\":\"https:\\\/\\\/www.jazzzeitung.de\\\/cms\\\/#\\\/schema\\\/person\\\/2245b36b9cd1d24cea10f01c031fb92b\"},\"headline\":\"+++ news +++ hr-Bigband f\u00fcr Deutschen Jazzpreis nominiert +++ Will Jacobs in Oberthulba +++\",\"datePublished\":\"2025-03-18T09:40:54+00:00\",\"mainEntityOfPage\":{\"@id\":\"https:\\\/\\\/www.jazzzeitung.de\\\/cms\\\/2025\\\/03\\\/news-hr-bigband-fuer-deutschen-jazzpreis-nominiert-will-jacobs-in-oberthulba\\\/\"},\"wordCount\":686,\"commentCount\":0,\"publisher\":{\"@id\":\"https:\\\/\\\/www.jazzzeitung.de\\\/cms\\\/#organization\"},\"image\":{\"@id\":\"https:\\\/\\\/www.jazzzeitung.de\\\/cms\\\/2025\\\/03\\\/news-hr-bigband-fuer-deutschen-jazzpreis-nominiert-will-jacobs-in-oberthulba\\\/#primaryimage\"},\"thumbnailUrl\":\"https:\\\/\\\/i0.wp.com\\\/www.jazzzeitung.de\\\/cms\\\/wp-content\\\/uploads\\\/2025\\\/03\\\/Will-Gary-scaled.jpg?fit=2560%2C1707&ssl=1\",\"keywords\":[\"Deutscher Jazzpreis\",\"hr-Bigband\",\"Oberthulba\",\"Pianob\u00fchne\",\"Will Jacobs\"],\"articleSection\":[\"Redaktionelle Nachrichten\"],\"inLanguage\":\"de\",\"potentialAction\":[{\"@type\":\"CommentAction\",\"name\":\"Comment\",\"target\":[\"https:\\\/\\\/www.jazzzeitung.de\\\/cms\\\/2025\\\/03\\\/news-hr-bigband-fuer-deutschen-jazzpreis-nominiert-will-jacobs-in-oberthulba\\\/#respond\"]}]},{\"@type\":\"WebPage\",\"@id\":\"https:\\\/\\\/www.jazzzeitung.de\\\/cms\\\/2025\\\/03\\\/news-hr-bigband-fuer-deutschen-jazzpreis-nominiert-will-jacobs-in-oberthulba\\\/\",\"url\":\"https:\\\/\\\/www.jazzzeitung.de\\\/cms\\\/2025\\\/03\\\/news-hr-bigband-fuer-deutschen-jazzpreis-nominiert-will-jacobs-in-oberthulba\\\/\",\"name\":\"+++ news +++ hr-Bigband f\u00fcr Deutschen Jazzpreis nominiert +++ Will Jacobs in Oberthulba +++ - JazzZeitung\",\"isPartOf\":{\"@id\":\"https:\\\/\\\/www.jazzzeitung.de\\\/cms\\\/#website\"},\"primaryImageOfPage\":{\"@id\":\"https:\\\/\\\/www.jazzzeitung.de\\\/cms\\\/2025\\\/03\\\/news-hr-bigband-fuer-deutschen-jazzpreis-nominiert-will-jacobs-in-oberthulba\\\/#primaryimage\"},\"image\":{\"@id\":\"https:\\\/\\\/www.jazzzeitung.de\\\/cms\\\/2025\\\/03\\\/news-hr-bigband-fuer-deutschen-jazzpreis-nominiert-will-jacobs-in-oberthulba\\\/#primaryimage\"},\"thumbnailUrl\":\"https:\\\/\\\/i0.wp.com\\\/www.jazzzeitung.de\\\/cms\\\/wp-content\\\/uploads\\\/2025\\\/03\\\/Will-Gary-scaled.jpg?fit=2560%2C1707&ssl=1\",\"datePublished\":\"2025-03-18T09:40:54+00:00\",\"breadcrumb\":{\"@id\":\"https:\\\/\\\/www.jazzzeitung.de\\\/cms\\\/2025\\\/03\\\/news-hr-bigband-fuer-deutschen-jazzpreis-nominiert-will-jacobs-in-oberthulba\\\/#breadcrumb\"},\"inLanguage\":\"de\",\"potentialAction\":[{\"@type\":\"ReadAction\",\"target\":[\"https:\\\/\\\/www.jazzzeitung.de\\\/cms\\\/2025\\\/03\\\/news-hr-bigband-fuer-deutschen-jazzpreis-nominiert-will-jacobs-in-oberthulba\\\/\"]}]},{\"@type\":\"ImageObject\",\"inLanguage\":\"de\",\"@id\":\"https:\\\/\\\/www.jazzzeitung.de\\\/cms\\\/2025\\\/03\\\/news-hr-bigband-fuer-deutschen-jazzpreis-nominiert-will-jacobs-in-oberthulba\\\/#primaryimage\",\"url\":\"https:\\\/\\\/i0.wp.com\\\/www.jazzzeitung.de\\\/cms\\\/wp-content\\\/uploads\\\/2025\\\/03\\\/Will-Gary-scaled.jpg?fit=2560%2C1707&ssl=1\",\"contentUrl\":\"https:\\\/\\\/i0.wp.com\\\/www.jazzzeitung.de\\\/cms\\\/wp-content\\\/uploads\\\/2025\\\/03\\\/Will-Gary-scaled.jpg?fit=2560%2C1707&ssl=1\",\"width\":2560,\"height\":1707},{\"@type\":\"BreadcrumbList\",\"@id\":\"https:\\\/\\\/www.jazzzeitung.de\\\/cms\\\/2025\\\/03\\\/news-hr-bigband-fuer-deutschen-jazzpreis-nominiert-will-jacobs-in-oberthulba\\\/#breadcrumb\",\"itemListElement\":[{\"@type\":\"ListItem\",\"position\":1,\"name\":\"Startseite\",\"item\":\"https:\\\/\\\/www.jazzzeitung.de\\\/cms\\\/\"},{\"@type\":\"ListItem\",\"position\":2,\"name\":\"+++ news +++ hr-Bigband f\u00fcr Deutschen Jazzpreis nominiert +++ Will Jacobs in Oberthulba +++\"}]},{\"@type\":\"WebSite\",\"@id\":\"https:\\\/\\\/www.jazzzeitung.de\\\/cms\\\/#website\",\"url\":\"https:\\\/\\\/www.jazzzeitung.de\\\/cms\\\/\",\"name\":\"JazzZeitung\",\"description\":\"Jazz-News und Jazz-Kontroverses\",\"publisher\":{\"@id\":\"https:\\\/\\\/www.jazzzeitung.de\\\/cms\\\/#organization\"},\"potentialAction\":[{\"@type\":\"SearchAction\",\"target\":{\"@type\":\"EntryPoint\",\"urlTemplate\":\"https:\\\/\\\/www.jazzzeitung.de\\\/cms\\\/?s={search_term_string}\"},\"query-input\":{\"@type\":\"PropertyValueSpecification\",\"valueRequired\":true,\"valueName\":\"search_term_string\"}}],\"inLanguage\":\"de\"},{\"@type\":\"Organization\",\"@id\":\"https:\\\/\\\/www.jazzzeitung.de\\\/cms\\\/#organization\",\"name\":\"JazzZeitung online\",\"url\":\"https:\\\/\\\/www.jazzzeitung.de\\\/cms\\\/\",\"logo\":{\"@type\":\"ImageObject\",\"inLanguage\":\"de\",\"@id\":\"https:\\\/\\\/www.jazzzeitung.de\\\/cms\\\/#\\\/schema\\\/logo\\\/image\\\/\",\"url\":\"https:\\\/\\\/i0.wp.com\\\/www.jazzzeitung.de\\\/cms\\\/wp-content\\\/uploads\\\/2015\\\/08\\\/JAZZZEITUNGDE_Logo_Neu.png?fit=499%2C200&ssl=1\",\"contentUrl\":\"https:\\\/\\\/i0.wp.com\\\/www.jazzzeitung.de\\\/cms\\\/wp-content\\\/uploads\\\/2015\\\/08\\\/JAZZZEITUNGDE_Logo_Neu.png?fit=499%2C200&ssl=1\",\"width\":499,\"height\":200,\"caption\":\"JazzZeitung online\"},\"image\":{\"@id\":\"https:\\\/\\\/www.jazzzeitung.de\\\/cms\\\/#\\\/schema\\\/logo\\\/image\\\/\"},\"sameAs\":[\"https:\\\/\\\/www.facebook.com\\\/JazzZeitung\\\/\"]},{\"@type\":\"Person\",\"@id\":\"https:\\\/\\\/www.jazzzeitung.de\\\/cms\\\/#\\\/schema\\\/person\\\/2245b36b9cd1d24cea10f01c031fb92b\",\"name\":\"Redaktion JazzZeitung\",\"image\":{\"@type\":\"ImageObject\",\"inLanguage\":\"de\",\"@id\":\"https:\\\/\\\/i0.wp.com\\\/www.jazzzeitung.de\\\/cms\\\/wp-content\\\/uploads\\\/2015\\\/08\\\/JAZZZEITUNGDE_Logo_Neu.png?resize=96%2C96&ssl=159975dcacb611b5700bd619b5daf0a7a\",\"url\":\"https:\\\/\\\/i0.wp.com\\\/www.jazzzeitung.de\\\/cms\\\/wp-content\\\/uploads\\\/2015\\\/08\\\/JAZZZEITUNGDE_Logo_Neu.png?resize=96%2C96&ssl=1\",\"contentUrl\":\"https:\\\/\\\/i0.wp.com\\\/www.jazzzeitung.de\\\/cms\\\/wp-content\\\/uploads\\\/2015\\\/08\\\/JAZZZEITUNGDE_Logo_Neu.png?resize=96%2C96&ssl=1\",\"caption\":\"Redaktion JazzZeitung\"},\"description\":\"Artikel der Redaktion der JazzZeitung.\",\"sameAs\":[\"http:\\\/\\\/www.jazzzeitung.de\\\/cms\\\/\"],\"url\":\"https:\\\/\\\/www.jazzzeitung.de\\\/cms\\\/author\\\/redaktion\\\/\"}]}<\/script>\n<!-- \/ Yoast SEO plugin. -->","yoast_head_json":{"title":"+++ news +++ hr-Bigband f\u00fcr Deutschen Jazzpreis nominiert +++ Will Jacobs in Oberthulba +++ - JazzZeitung","robots":{"index":"index","follow":"follow","max-snippet":"max-snippet:-1","max-image-preview":"max-image-preview:large","max-video-preview":"max-video-preview:-1"},"canonical":"https:\/\/www.jazzzeitung.de\/cms\/2025\/03\/news-hr-bigband-fuer-deutschen-jazzpreis-nominiert-will-jacobs-in-oberthulba\/","og_locale":"de_DE","og_type":"article","og_title":"+++ news +++ hr-Bigband f\u00fcr Deutschen Jazzpreis nominiert +++ Will Jacobs in Oberthulba +++ - JazzZeitung","og_description":"+++ hr-Bigband f\u00fcr Deutschen Jazzpreis nominiert +++ Die hr-Bigband ist mit der Produktion \u201eAllg\u00e4u meets India\u201c f\u00fcr den Deutschen Jazzpreis 2025 nominiert. Der 2024 erschienene Konzertmitschnitt der hr-Bigband mit dem Komponisten und Multiinstrumentalisten Matthias Schriefl vom Deutschen Jazzfestival 2018 geht in der Kategorie \u201eRundfunkproduktion des Jahres\u201c an den Start. Der Deutsche Jazzpreis wird am 13. Juni im K\u00f6lner E-Werk verliehen. Tausendsassa Matthias Schriefl Wie kaum ein anderer versteht es Matthias Schriefl, Alpenfolklore, Jazz, Punk und neue Kammermusik zusammenzudenken. F\u00fcr das 49. Deutsche Jazzfestival Frankfurt 2018 ging der Allg\u00e4uer Tausendsassa noch einen Schritt weiter, bis hin zur indischen Musik, und schrieb ein Programm speziell f\u00fcr die hr-Bigband und einer Vielzahl illustrer G\u00e4ste. Der Allg\u00e4uer Wahlk\u00f6lner und Multiinstrumentalist Schriefl kreierte damals gemeinsam mit der hr-Bigband sowie G\u00e4sten aus Europa und Indien Musik, die s\u00fcdindische Tradition mit der des Allg\u00e4us verbindet. Indische Improvisation trifft auf den Groove der hr-Bigband und Schriefls nicht enden wollende Arrangement-Ideen. Dabei verschmilzt mal ein Jodler mit indischen Rhythmen, dann harmonisiert eine s\u00fcdindische Melodie mit europ\u00e4ischen Akkorden. Alle harmonischen, ton- und satztechnischen Gesetze werden au\u00dfer Kraft gesetzt und die Fantasie angeregt. Sternstunde \u201eUnser gemeinsames &hellip;","og_url":"https:\/\/www.jazzzeitung.de\/cms\/2025\/03\/news-hr-bigband-fuer-deutschen-jazzpreis-nominiert-will-jacobs-in-oberthulba\/","og_site_name":"JazzZeitung","article_publisher":"https:\/\/www.facebook.com\/JazzZeitung\/","article_published_time":"2025-03-18T09:40:54+00:00","og_image":[{"width":2560,"height":1707,"url":"https:\/\/www.jazzzeitung.de\/cms\/wp-content\/uploads\/2025\/03\/Will-Gary-scaled.jpg","type":"image\/jpeg"}],"author":"Redaktion JazzZeitung","schema":{"@context":"https:\/\/schema.org","@graph":[{"@type":"Article","@id":"https:\/\/www.jazzzeitung.de\/cms\/2025\/03\/news-hr-bigband-fuer-deutschen-jazzpreis-nominiert-will-jacobs-in-oberthulba\/#article","isPartOf":{"@id":"https:\/\/www.jazzzeitung.de\/cms\/2025\/03\/news-hr-bigband-fuer-deutschen-jazzpreis-nominiert-will-jacobs-in-oberthulba\/"},"author":{"name":"Redaktion JazzZeitung","@id":"https:\/\/www.jazzzeitung.de\/cms\/#\/schema\/person\/2245b36b9cd1d24cea10f01c031fb92b"},"headline":"+++ news +++ hr-Bigband f\u00fcr Deutschen Jazzpreis nominiert +++ Will Jacobs in Oberthulba +++","datePublished":"2025-03-18T09:40:54+00:00","mainEntityOfPage":{"@id":"https:\/\/www.jazzzeitung.de\/cms\/2025\/03\/news-hr-bigband-fuer-deutschen-jazzpreis-nominiert-will-jacobs-in-oberthulba\/"},"wordCount":686,"commentCount":0,"publisher":{"@id":"https:\/\/www.jazzzeitung.de\/cms\/#organization"},"image":{"@id":"https:\/\/www.jazzzeitung.de\/cms\/2025\/03\/news-hr-bigband-fuer-deutschen-jazzpreis-nominiert-will-jacobs-in-oberthulba\/#primaryimage"},"thumbnailUrl":"https:\/\/i0.wp.com\/www.jazzzeitung.de\/cms\/wp-content\/uploads\/2025\/03\/Will-Gary-scaled.jpg?fit=2560%2C1707&ssl=1","keywords":["Deutscher Jazzpreis","hr-Bigband","Oberthulba","Pianob\u00fchne","Will Jacobs"],"articleSection":["Redaktionelle Nachrichten"],"inLanguage":"de","potentialAction":[{"@type":"CommentAction","name":"Comment","target":["https:\/\/www.jazzzeitung.de\/cms\/2025\/03\/news-hr-bigband-fuer-deutschen-jazzpreis-nominiert-will-jacobs-in-oberthulba\/#respond"]}]},{"@type":"WebPage","@id":"https:\/\/www.jazzzeitung.de\/cms\/2025\/03\/news-hr-bigband-fuer-deutschen-jazzpreis-nominiert-will-jacobs-in-oberthulba\/","url":"https:\/\/www.jazzzeitung.de\/cms\/2025\/03\/news-hr-bigband-fuer-deutschen-jazzpreis-nominiert-will-jacobs-in-oberthulba\/","name":"+++ news +++ hr-Bigband f\u00fcr Deutschen Jazzpreis nominiert +++ Will Jacobs in Oberthulba +++ - JazzZeitung","isPartOf":{"@id":"https:\/\/www.jazzzeitung.de\/cms\/#website"},"primaryImageOfPage":{"@id":"https:\/\/www.jazzzeitung.de\/cms\/2025\/03\/news-hr-bigband-fuer-deutschen-jazzpreis-nominiert-will-jacobs-in-oberthulba\/#primaryimage"},"image":{"@id":"https:\/\/www.jazzzeitung.de\/cms\/2025\/03\/news-hr-bigband-fuer-deutschen-jazzpreis-nominiert-will-jacobs-in-oberthulba\/#primaryimage"},"thumbnailUrl":"https:\/\/i0.wp.com\/www.jazzzeitung.de\/cms\/wp-content\/uploads\/2025\/03\/Will-Gary-scaled.jpg?fit=2560%2C1707&ssl=1","datePublished":"2025-03-18T09:40:54+00:00","breadcrumb":{"@id":"https:\/\/www.jazzzeitung.de\/cms\/2025\/03\/news-hr-bigband-fuer-deutschen-jazzpreis-nominiert-will-jacobs-in-oberthulba\/#breadcrumb"},"inLanguage":"de","potentialAction":[{"@type":"ReadAction","target":["https:\/\/www.jazzzeitung.de\/cms\/2025\/03\/news-hr-bigband-fuer-deutschen-jazzpreis-nominiert-will-jacobs-in-oberthulba\/"]}]},{"@type":"ImageObject","inLanguage":"de","@id":"https:\/\/www.jazzzeitung.de\/cms\/2025\/03\/news-hr-bigband-fuer-deutschen-jazzpreis-nominiert-will-jacobs-in-oberthulba\/#primaryimage","url":"https:\/\/i0.wp.com\/www.jazzzeitung.de\/cms\/wp-content\/uploads\/2025\/03\/Will-Gary-scaled.jpg?fit=2560%2C1707&ssl=1","contentUrl":"https:\/\/i0.wp.com\/www.jazzzeitung.de\/cms\/wp-content\/uploads\/2025\/03\/Will-Gary-scaled.jpg?fit=2560%2C1707&ssl=1","width":2560,"height":1707},{"@type":"BreadcrumbList","@id":"https:\/\/www.jazzzeitung.de\/cms\/2025\/03\/news-hr-bigband-fuer-deutschen-jazzpreis-nominiert-will-jacobs-in-oberthulba\/#breadcrumb","itemListElement":[{"@type":"ListItem","position":1,"name":"Startseite","item":"https:\/\/www.jazzzeitung.de\/cms\/"},{"@type":"ListItem","position":2,"name":"+++ news +++ hr-Bigband f\u00fcr Deutschen Jazzpreis nominiert +++ Will Jacobs in Oberthulba +++"}]},{"@type":"WebSite","@id":"https:\/\/www.jazzzeitung.de\/cms\/#website","url":"https:\/\/www.jazzzeitung.de\/cms\/","name":"JazzZeitung","description":"Jazz-News und Jazz-Kontroverses","publisher":{"@id":"https:\/\/www.jazzzeitung.de\/cms\/#organization"},"potentialAction":[{"@type":"SearchAction","target":{"@type":"EntryPoint","urlTemplate":"https:\/\/www.jazzzeitung.de\/cms\/?s={search_term_string}"},"query-input":{"@type":"PropertyValueSpecification","valueRequired":true,"valueName":"search_term_string"}}],"inLanguage":"de"},{"@type":"Organization","@id":"https:\/\/www.jazzzeitung.de\/cms\/#organization","name":"JazzZeitung online","url":"https:\/\/www.jazzzeitung.de\/cms\/","logo":{"@type":"ImageObject","inLanguage":"de","@id":"https:\/\/www.jazzzeitung.de\/cms\/#\/schema\/logo\/image\/","url":"https:\/\/i0.wp.com\/www.jazzzeitung.de\/cms\/wp-content\/uploads\/2015\/08\/JAZZZEITUNGDE_Logo_Neu.png?fit=499%2C200&ssl=1","contentUrl":"https:\/\/i0.wp.com\/www.jazzzeitung.de\/cms\/wp-content\/uploads\/2015\/08\/JAZZZEITUNGDE_Logo_Neu.png?fit=499%2C200&ssl=1","width":499,"height":200,"caption":"JazzZeitung online"},"image":{"@id":"https:\/\/www.jazzzeitung.de\/cms\/#\/schema\/logo\/image\/"},"sameAs":["https:\/\/www.facebook.com\/JazzZeitung\/"]},{"@type":"Person","@id":"https:\/\/www.jazzzeitung.de\/cms\/#\/schema\/person\/2245b36b9cd1d24cea10f01c031fb92b","name":"Redaktion JazzZeitung","image":{"@type":"ImageObject","inLanguage":"de","@id":"https:\/\/i0.wp.com\/www.jazzzeitung.de\/cms\/wp-content\/uploads\/2015\/08\/JAZZZEITUNGDE_Logo_Neu.png?resize=96%2C96&ssl=159975dcacb611b5700bd619b5daf0a7a","url":"https:\/\/i0.wp.com\/www.jazzzeitung.de\/cms\/wp-content\/uploads\/2015\/08\/JAZZZEITUNGDE_Logo_Neu.png?resize=96%2C96&ssl=1","contentUrl":"https:\/\/i0.wp.com\/www.jazzzeitung.de\/cms\/wp-content\/uploads\/2015\/08\/JAZZZEITUNGDE_Logo_Neu.png?resize=96%2C96&ssl=1","caption":"Redaktion JazzZeitung"},"description":"Artikel der Redaktion der JazzZeitung.","sameAs":["http:\/\/www.jazzzeitung.de\/cms\/"],"url":"https:\/\/www.jazzzeitung.de\/cms\/author\/redaktion\/"}]}},"wp-worthy-pixel":{"ignored":false,"public":null,"server":null,"url":null},"wp-worthy-type":"normal","jetpack_publicize_connections":[],"cc_featured_image_caption":{"caption_text":"","source_text":"","source_url":""},"jetpack_featured_media_url":"https:\/\/i0.wp.com\/www.jazzzeitung.de\/cms\/wp-content\/uploads\/2025\/03\/Will-Gary-scaled.jpg?fit=2560%2C1707&ssl=1","jetpack_shortlink":"https:\/\/wp.me\/p3KEcT-8pP","jetpack-related-posts":[{"id":16508,"url":"https:\/\/www.jazzzeitung.de\/cms\/2018\/06\/news-women-im-jazz-beim-suedtiroler-jazzfestivalvorstudium-jazz-der-offenen-jazzhaus-schule-beginnt-im-septemberkartenverkauf-fuer-jazzfestival-frankfurt-hat-begonnen\/","url_meta":{"origin":32353,"position":0},"title":"+++NEWS+++&#8220;Women in Jazz&#8220; beim S\u00fcdtiroler Jazzfestival+++&#8220;Vorstudium Jazz&#8220; der Offenen Jazzhaus Schule beginnt im September+++Kartenverkauf f\u00fcr Jazzfestival Frankfurt hat begonnen+++","author":"Redaktion JazzZeitung","date":"27. Juni 2018","format":false,"excerpt":"+++\"Women in Jazz\" beim S\u00fcdtiroler Jazzfestival+++ Neben dem Schwerpunkt auf die nordischen L\u00e4nder unter dem Motto \u201eExploring the North\u201c lockt das S\u00fcdtirol Jazzfestival dieses Jahr Wert mit einer reichlich weiblichen Programmierung. Das mit Musikerinnen besetzte franz\u00f6sische Trio Ikui Doki verarbeitet den Impressionismus der Jahrhundertwende und betritt dabei ekstatische Klanglandschaften, die\u2026","rel":"","context":"In &quot;News&quot;","block_context":{"text":"News","link":"https:\/\/www.jazzzeitung.de\/cms\/thema\/nachrichten\/"},"img":{"alt_text":"","src":"https:\/\/i0.wp.com\/www.jazzzeitung.de\/cms\/wp-content\/uploads\/2018\/06\/siea_harry_klein-80.jpg?fit=1200%2C800&ssl=1&resize=350%2C200","width":350,"height":200,"srcset":"https:\/\/i0.wp.com\/www.jazzzeitung.de\/cms\/wp-content\/uploads\/2018\/06\/siea_harry_klein-80.jpg?fit=1200%2C800&ssl=1&resize=350%2C200 1x, https:\/\/i0.wp.com\/www.jazzzeitung.de\/cms\/wp-content\/uploads\/2018\/06\/siea_harry_klein-80.jpg?fit=1200%2C800&ssl=1&resize=525%2C300 1.5x, https:\/\/i0.wp.com\/www.jazzzeitung.de\/cms\/wp-content\/uploads\/2018\/06\/siea_harry_klein-80.jpg?fit=1200%2C800&ssl=1&resize=700%2C400 2x, https:\/\/i0.wp.com\/www.jazzzeitung.de\/cms\/wp-content\/uploads\/2018\/06\/siea_harry_klein-80.jpg?fit=1200%2C800&ssl=1&resize=1050%2C600 3x"},"classes":[]},{"id":15685,"url":"https:\/\/www.jazzzeitung.de\/cms\/2018\/04\/wr-jazzpreis-2018-fuer-saxofonist-sebastian-gille-in-koeln-lebender-musiker-erhaelt-den-aeltesten-jazzpreis-deutschlands\/","url_meta":{"origin":32353,"position":1},"title":"SWR Jazzpreis 2018 f\u00fcr Saxofonist Sebastian Gille","author":"Redaktion JazzZeitung","date":"19. April 2018","format":false,"excerpt":"Der Saxofonist Sebastian Gille erh\u00e4lt den je zur H\u00e4lfte vom Land Rheinland-Pfalz und vom S\u00fcdwestrundfunk gestifteten SWR Jazzpreis 2018. Die Auszeichnung wird ihm am 15. Oktober 2018 beim Internationalen Festival \"Enjoy Jazz\" in Ludwigshafen \u00fcberreicht. Im Preistr\u00e4gerkonzert wird Sebastian Gille mit seinem Quartett (Elias Stemeseder, Klavier; Robert Landfermann, Kontrabass und\u2026","rel":"","context":"In &quot;Bericht&quot;","block_context":{"text":"Bericht","link":"https:\/\/www.jazzzeitung.de\/cms\/thema\/bericht\/"},"img":{"alt_text":"","src":"https:\/\/i0.wp.com\/www.jazzzeitung.de\/cms\/wp-content\/uploads\/2018\/04\/Gille_SWR_Jazzpreis_2018.jpg?fit=1200%2C792&ssl=1&resize=350%2C200","width":350,"height":200,"srcset":"https:\/\/i0.wp.com\/www.jazzzeitung.de\/cms\/wp-content\/uploads\/2018\/04\/Gille_SWR_Jazzpreis_2018.jpg?fit=1200%2C792&ssl=1&resize=350%2C200 1x, https:\/\/i0.wp.com\/www.jazzzeitung.de\/cms\/wp-content\/uploads\/2018\/04\/Gille_SWR_Jazzpreis_2018.jpg?fit=1200%2C792&ssl=1&resize=525%2C300 1.5x, https:\/\/i0.wp.com\/www.jazzzeitung.de\/cms\/wp-content\/uploads\/2018\/04\/Gille_SWR_Jazzpreis_2018.jpg?fit=1200%2C792&ssl=1&resize=700%2C400 2x, https:\/\/i0.wp.com\/www.jazzzeitung.de\/cms\/wp-content\/uploads\/2018\/04\/Gille_SWR_Jazzpreis_2018.jpg?fit=1200%2C792&ssl=1&resize=1050%2C600 3x"},"classes":[]},{"id":12974,"url":"https:\/\/www.jazzzeitung.de\/cms\/2017\/07\/neue-cd-von-django-bates-und-hr-bigband-saluting-sgt-pepper\/","url_meta":{"origin":32353,"position":2},"title":"Neue CD von Django Bates und hr-Bigband: &#8222;Saluting Sgt. Pepper&#8220;","author":"Redaktion JazzZeitung","date":"11. Juli 2017","format":false,"excerpt":"Im Juni 1967 erschien das wohl einflussreichste Rockalbum aller Zeiten: \u201eSgt. Pepper\u2019s Lonely Hearts Club Band\u201c von den Beatles. Django Bates schenkte es damals seiner Schwester: \u201eDurch die geschlossene T\u00fcr ihres Zimmers h\u00f6rte ich diese unglaubliche Vielfalt der Kl\u00e4nge, Genres, Effekte und \u00dcberraschungen.\" Zum 50. Geburtstag dieses Meilensteins der Popgeschichte\u2026","rel":"","context":"In &quot;Rezension&quot;","block_context":{"text":"Rezension","link":"https:\/\/www.jazzzeitung.de\/cms\/thema\/rezension\/"},"img":{"alt_text":"","src":"https:\/\/i0.wp.com\/www.jazzzeitung.de\/cms\/wp-content\/uploads\/2017\/07\/salutingsgtpepper_cdcover-100_story-salutingsgtpepper__cd-100-150x150.jpg?resize=350%2C200&ssl=1","width":350,"height":200},"classes":[]},{"id":3114,"url":"https:\/\/www.jazzzeitung.de\/cms\/2013\/12\/jetzt-bewerben-biberacher-jazzpreis-2014-fuer-den-nachwuchs\/","url_meta":{"origin":32353,"position":3},"title":"Jetzt bewerben: Biberacher Jazzpreis 2014 f\u00fcr den Nachwuchs","author":"Redaktion JazzZeitung","date":"10. Dezember 2013","format":false,"excerpt":"Der Biberacher Jazzpreis ist ein international ausgeschriebener Preis f\u00fcr den Jazznachwuchs und nach mehr als 20 Jahren zu einer festen Einrichtung geworden. Vor allem f\u00fcr die j\u00fcngeren Jazzmusikerinnen und -musiker bietet er eine beliebte Alternative zu den gro\u00dfen nationalen und internationalen Wettbewerben. Der Preis gilt als Karrieresprungbrett, allw bisherigen Preistr\u00e4ger\u2026","rel":"","context":"In &quot;News&quot;","block_context":{"text":"News","link":"https:\/\/www.jazzzeitung.de\/cms\/thema\/nachrichten\/"},"img":{"alt_text":"biberach","src":"https:\/\/i0.wp.com\/www.jazzzeitung.de\/cms\/wp-content\/uploads\/2013\/12\/biberach-150x150.jpg?resize=350%2C200","width":350,"height":200},"classes":[]},{"id":519,"url":"https:\/\/www.jazzzeitung.de\/cms\/2010\/10\/jazzfestivals-bei-wdr-und-hr\/","url_meta":{"origin":32353,"position":4},"title":"Jazzfestivals bei WDR und hr \u2013 live on air und im Netz!","author":"J\u00f6rg Lichtinger","date":"28. Oktober 2010","format":false,"excerpt":"Zeitgleich starten heute in Frankfurt und K\u00f6ln die Jazz-Festivals der Sender HR (Deutsches Jazzfestival Frankfurt) und WDR (WDR3 jazz.cologne). Wer es nicht in die Funkh\u00e4user oder die entsprechenden Locations schafft, dem kann geholfen werden: 41. Deutsches Jazzfestival Frankfurt live im Netz und im H\u00f6rfunk In Frankfurt mit dabei: Tony Lakatos,\u2026","rel":"","context":"In &quot;Blog&quot;","block_context":{"text":"Blog","link":"https:\/\/www.jazzzeitung.de\/cms\/thema\/blog\/"},"img":{"alt_text":"hr-Bigband_by_Dirk_Ostermeier_quer_mit_Diri","src":"https:\/\/i0.wp.com\/www.jazzzeitung.de\/cms\/wp-content\/uploads\/2010\/10\/hr-Bigband_by_Dirk_Ostermeier_quer_mit_Diri-300x199.jpg?resize=350%2C200","width":350,"height":200},"classes":[]},{"id":33814,"url":"https:\/\/www.jazzzeitung.de\/cms\/2026\/04\/aki-takase-erhaelt-den-deutschen-jazzpreis-2026-fuer-ihr-lebenswerk\/","url_meta":{"origin":32353,"position":5},"title":"Aki Takase erh\u00e4lt den Deutschen Jazzpreis 2026 f\u00fcr ihr Lebenswerk","author":"Redaktion JazzZeitung","date":"15. April 2026","format":false,"excerpt":"Aki Takase erh\u00e4lt den Deutschen Jazzpreis 2026 f\u00fcr ihr Lebenswerk","rel":"","context":"In &quot;News&quot;","block_context":{"text":"News","link":"https:\/\/www.jazzzeitung.de\/cms\/thema\/nachrichten\/"},"img":{"alt_text":"Aki Takase. \u00a9 Frank Siemers","src":"https:\/\/i0.wp.com\/www.jazzzeitung.de\/cms\/wp-content\/uploads\/2026\/04\/Aki-Takase-by-frank-siemers-scaled.jpeg?fit=1200%2C1137&ssl=1&resize=350%2C200","width":350,"height":200,"srcset":"https:\/\/i0.wp.com\/www.jazzzeitung.de\/cms\/wp-content\/uploads\/2026\/04\/Aki-Takase-by-frank-siemers-scaled.jpeg?fit=1200%2C1137&ssl=1&resize=350%2C200 1x, https:\/\/i0.wp.com\/www.jazzzeitung.de\/cms\/wp-content\/uploads\/2026\/04\/Aki-Takase-by-frank-siemers-scaled.jpeg?fit=1200%2C1137&ssl=1&resize=525%2C300 1.5x, https:\/\/i0.wp.com\/www.jazzzeitung.de\/cms\/wp-content\/uploads\/2026\/04\/Aki-Takase-by-frank-siemers-scaled.jpeg?fit=1200%2C1137&ssl=1&resize=700%2C400 2x, https:\/\/i0.wp.com\/www.jazzzeitung.de\/cms\/wp-content\/uploads\/2026\/04\/Aki-Takase-by-frank-siemers-scaled.jpeg?fit=1200%2C1137&ssl=1&resize=1050%2C600 3x"},"classes":[]}],"jetpack_sharing_enabled":true,"_links":{"self":[{"href":"https:\/\/www.jazzzeitung.de\/cms\/wp-json\/wp\/v2\/posts\/32353","targetHints":{"allow":["GET"]}}],"collection":[{"href":"https:\/\/www.jazzzeitung.de\/cms\/wp-json\/wp\/v2\/posts"}],"about":[{"href":"https:\/\/www.jazzzeitung.de\/cms\/wp-json\/wp\/v2\/types\/post"}],"author":[{"embeddable":true,"href":"https:\/\/www.jazzzeitung.de\/cms\/wp-json\/wp\/v2\/users\/18"}],"replies":[{"embeddable":true,"href":"https:\/\/www.jazzzeitung.de\/cms\/wp-json\/wp\/v2\/comments?post=32353"}],"version-history":[{"count":1,"href":"https:\/\/www.jazzzeitung.de\/cms\/wp-json\/wp\/v2\/posts\/32353\/revisions"}],"predecessor-version":[{"id":32355,"href":"https:\/\/www.jazzzeitung.de\/cms\/wp-json\/wp\/v2\/posts\/32353\/revisions\/32355"}],"wp:featuredmedia":[{"embeddable":true,"href":"https:\/\/www.jazzzeitung.de\/cms\/wp-json\/wp\/v2\/media\/32354"}],"wp:attachment":[{"href":"https:\/\/www.jazzzeitung.de\/cms\/wp-json\/wp\/v2\/media?parent=32353"}],"wp:term":[{"taxonomy":"category","embeddable":true,"href":"https:\/\/www.jazzzeitung.de\/cms\/wp-json\/wp\/v2\/categories?post=32353"},{"taxonomy":"post_tag","embeddable":true,"href":"https:\/\/www.jazzzeitung.de\/cms\/wp-json\/wp\/v2\/tags?post=32353"},{"taxonomy":"author","embeddable":true,"href":"https:\/\/www.jazzzeitung.de\/cms\/wp-json\/wp\/v2\/coauthors?post=32353"}],"curies":[{"name":"wp","href":"https:\/\/api.w.org\/{rel}","templated":true}]}}