{"id":32308,"date":"2025-03-07T10:18:36","date_gmt":"2025-03-07T09:18:36","guid":{"rendered":"https:\/\/www.jazzzeitung.de\/cms\/?p=32308"},"modified":"2025-03-10T09:19:36","modified_gmt":"2025-03-10T08:19:36","slug":"andreas-schaerer-anthem-for-no-mans-land","status":"publish","type":"post","link":"https:\/\/www.jazzzeitung.de\/cms\/2025\/03\/andreas-schaerer-anthem-for-no-mans-land\/","title":{"rendered":"Andreas Schaerer: Anthem For No Man\u2019s Land"},"content":{"rendered":"<p>(Text und Fotos: Robert Fischer)\u00a0\u201eWas singt der da?\u201c, d\u00fcrften sich wohl die meisten fragen, die das neue Album des Schweizer S\u00e4ngers und Vokalartisten Andreas Schaerer h\u00f6ren. Daf\u00fcr ins Studio gegangen ist er mit\u00a0 den bew\u00e4hrten Komplizen Luciano Biondini (Akkordeon), Kalle Kalima (Gitarre) und Lucas Niggli (Schlagzeug). Herausgekommen sind die auch als \u201eA Novel of Anomaly\u201c firmierenden Vier mit nicht weniger als einem Meisterwerk, das die Beantwortung der eingangs gestellten Frage pl\u00f6tzlich sonnenklar erscheinen l\u00e4sst. Doch dazu sp\u00e4ter.<\/p>\n<h3>Vokalartist und mehr<\/h3>\n<p>Dass Andreas Schaerer, ich sage das mit gr\u00f6\u00dftem Respekt, ein bisschen \u201edada\u201c ist \u2013 ein Musiker n\u00e4mlich, der den Esprit, den Humor und die Kunst der Dadaisten zu neuem Leben zu erwecken mag \u2013, das kann man sp\u00e4testens wissen, seit er mit seiner Band \u201eHildegard Lernt Fliegen\u201c die kleinen, gro\u00dfen und gr\u00f6\u00dften B\u00fchnen zu erobern begann. Aber was macht ein S\u00e4nger, der eine solche Ausnahmeerscheinung ist wie sonst vielleicht nur noch sein Landsmann Christian Zehnder, wenn er nicht zum wiederholten Male auf das reduziert werden m\u00f6chte, was nur sehr unzureichend als \u201eVokalartistik\u201c beschrieben wird und ein unfassbar reiches Ma\u00df an Ausdrucksm\u00f6glichkeiten der menschlichen Stimme meint?<\/p>\n<div class=\"tiled-gallery type-rectangular tiled-gallery-unresized\" data-original-width=\"840\" data-carousel-extra='{&quot;blog_id&quot;:1,&quot;permalink&quot;:&quot;https:\\\/\\\/www.jazzzeitung.de\\\/cms\\\/2025\\\/03\\\/andreas-schaerer-anthem-for-no-mans-land\\\/&quot;,&quot;likes_blog_id&quot;:55446655}' itemscope itemtype=\"http:\/\/schema.org\/ImageGallery\" > <div class=\"gallery-row\" style=\"width: 840px; height: 420px;\" data-original-width=\"840\" data-original-height=\"420\" > <div class=\"gallery-group images-1\" style=\"width: 559px; height: 420px;\" data-original-width=\"559\" data-original-height=\"420\" > <div class=\"tiled-gallery-item tiled-gallery-item-large\" itemprop=\"associatedMedia\" itemscope itemtype=\"http:\/\/schema.org\/ImageObject\"> <a href=\"https:\/\/www.jazzzeitung.de\/cms\/2025\/03\/andreas-schaerer-anthem-for-no-mans-land\/andreas-schaerer-%e2%94%ac-rwfischer_photography\/\" border=\"0\" itemprop=\"url\"> <meta itemprop=\"width\" content=\"555\"> <meta itemprop=\"height\" content=\"416\"> <img decoding=\"async\" class=\"\" data-attachment-id=\"32310\" data-orig-file=\"https:\/\/www.jazzzeitung.de\/cms\/wp-content\/uploads\/2025\/03\/Andreas-Schaerer-\u252c\u00ae-rwfischer_photography.jpg\" data-orig-size=\"709,532\" data-comments-opened=\"1\" data-image-meta=\"{&quot;aperture&quot;:&quot;2&quot;,&quot;credit&quot;:&quot;&quot;,&quot;camera&quot;:&quot;X-S10&quot;,&quot;caption&quot;:&quot;&quot;,&quot;created_timestamp&quot;:&quot;1675029348&quot;,&quot;copyright&quot;:&quot;&quot;,&quot;focal_length&quot;:&quot;135&quot;,&quot;iso&quot;:&quot;500&quot;,&quot;shutter_speed&quot;:&quot;0.004&quot;,&quot;title&quot;:&quot;&quot;,&quot;orientation&quot;:&quot;1&quot;}\" data-image-title=\"Andreas Schaerer \u252c\u00ae rwfischer_photography\" data-image-description=\"\" data-medium-file=\"https:\/\/i0.wp.com\/www.jazzzeitung.de\/cms\/wp-content\/uploads\/2025\/03\/Andreas-Schaerer-%E2%94%AC%C2%AE-rwfischer_photography.jpg?fit=300%2C225&#038;ssl=1\" data-large-file=\"https:\/\/i0.wp.com\/www.jazzzeitung.de\/cms\/wp-content\/uploads\/2025\/03\/Andreas-Schaerer-%E2%94%AC%C2%AE-rwfischer_photography.jpg?fit=709%2C532&#038;ssl=1\" src=\"https:\/\/i0.wp.com\/www.jazzzeitung.de\/cms\/wp-content\/uploads\/2025\/03\/Andreas-Schaerer-%E2%94%AC%C2%AE-rwfischer_photography.jpg?w=555&#038;h=416&#038;ssl=1\" width=\"555\" height=\"416\" loading=\"lazy\" data-original-width=\"555\" data-original-height=\"416\" itemprop=\"http:\/\/schema.org\/image\" title=\"Andreas Schaerer \u252c\u00ae rwfischer_photography\" alt=\"Andreas Schaerer \u252c\u00ae rwfischer_photography\" style=\"width: 555px; height: 416px;\" \/> <\/a> <\/div> <\/div> <!-- close group --> <div class=\"gallery-group images-1\" style=\"width: 281px; height: 420px;\" data-original-width=\"281\" data-original-height=\"420\" > <div class=\"tiled-gallery-item tiled-gallery-item-large\" itemprop=\"associatedMedia\" itemscope itemtype=\"http:\/\/schema.org\/ImageObject\"> <a href=\"https:\/\/www.jazzzeitung.de\/cms\/2025\/03\/andreas-schaerer-anthem-for-no-mans-land\/01-andreas-schaerer-%e2%94%ac-rwfischer_photography\/\" border=\"0\" itemprop=\"url\"> <meta itemprop=\"width\" content=\"277\"> <meta itemprop=\"height\" content=\"416\"> <img decoding=\"async\" class=\"\" data-attachment-id=\"32311\" data-orig-file=\"https:\/\/www.jazzzeitung.de\/cms\/wp-content\/uploads\/2025\/03\/01-Andreas-Schaerer-\u252c\u00ae-rwfischer_photography.jpg\" data-orig-size=\"425,638\" data-comments-opened=\"1\" data-image-meta=\"{&quot;aperture&quot;:&quot;2.8&quot;,&quot;credit&quot;:&quot;&quot;,&quot;camera&quot;:&quot;X-S10&quot;,&quot;caption&quot;:&quot;&quot;,&quot;created_timestamp&quot;:&quot;1728593367&quot;,&quot;copyright&quot;:&quot;&quot;,&quot;focal_length&quot;:&quot;54.7&quot;,&quot;iso&quot;:&quot;320&quot;,&quot;shutter_speed&quot;:&quot;0.0058823529411765&quot;,&quot;title&quot;:&quot;&quot;,&quot;orientation&quot;:&quot;1&quot;}\" data-image-title=\"01 Andreas Schaerer \u252c\u00ae rwfischer_photography\" data-image-description=\"\" data-medium-file=\"https:\/\/i0.wp.com\/www.jazzzeitung.de\/cms\/wp-content\/uploads\/2025\/03\/01-Andreas-Schaerer-%E2%94%AC%C2%AE-rwfischer_photography.jpg?fit=200%2C300&#038;ssl=1\" data-large-file=\"https:\/\/i0.wp.com\/www.jazzzeitung.de\/cms\/wp-content\/uploads\/2025\/03\/01-Andreas-Schaerer-%E2%94%AC%C2%AE-rwfischer_photography.jpg?fit=400%2C600&#038;ssl=1\" src=\"https:\/\/i0.wp.com\/www.jazzzeitung.de\/cms\/wp-content\/uploads\/2025\/03\/01-Andreas-Schaerer-%E2%94%AC%C2%AE-rwfischer_photography.jpg?w=277&#038;h=416&#038;ssl=1\" width=\"277\" height=\"416\" loading=\"lazy\" data-original-width=\"277\" data-original-height=\"416\" itemprop=\"http:\/\/schema.org\/image\" title=\"01 Andreas Schaerer \u252c\u00ae rwfischer_photography\" alt=\"01 Andreas Schaerer \u252c\u00ae rwfischer_photography\" style=\"width: 277px; height: 416px;\" \/> <\/a> <\/div> <\/div> <!-- close group --> <\/div> <!-- close row --> <div class=\"gallery-row\" style=\"width: 840px; height: 420px;\" data-original-width=\"840\" data-original-height=\"420\" > <div class=\"gallery-group images-1\" style=\"width: 559px; height: 420px;\" data-original-width=\"559\" data-original-height=\"420\" > <div class=\"tiled-gallery-item tiled-gallery-item-large\" itemprop=\"associatedMedia\" itemscope itemtype=\"http:\/\/schema.org\/ImageObject\"> <a href=\"https:\/\/www.jazzzeitung.de\/cms\/2025\/03\/andreas-schaerer-anthem-for-no-mans-land\/02-andreas-schaerer-%e2%94%ac-rwfischer_photography\/\" border=\"0\" itemprop=\"url\"> <meta itemprop=\"width\" content=\"555\"> <meta itemprop=\"height\" content=\"416\"> <img decoding=\"async\" class=\"\" data-attachment-id=\"32312\" data-orig-file=\"https:\/\/www.jazzzeitung.de\/cms\/wp-content\/uploads\/2025\/03\/02-Andreas-Schaerer-\u252c\u00ae-rwfischer_photography.jpg\" data-orig-size=\"709,531\" data-comments-opened=\"1\" data-image-meta=\"{&quot;aperture&quot;:&quot;2.8&quot;,&quot;credit&quot;:&quot;&quot;,&quot;camera&quot;:&quot;X-S10&quot;,&quot;caption&quot;:&quot;&quot;,&quot;created_timestamp&quot;:&quot;1728597021&quot;,&quot;copyright&quot;:&quot;&quot;,&quot;focal_length&quot;:&quot;70&quot;,&quot;iso&quot;:&quot;320&quot;,&quot;shutter_speed&quot;:&quot;0.005&quot;,&quot;title&quot;:&quot;&quot;,&quot;orientation&quot;:&quot;1&quot;}\" data-image-title=\"02 Andreas Schaerer \u252c\u00ae rwfischer_photography\" data-image-description=\"\" data-medium-file=\"https:\/\/i0.wp.com\/www.jazzzeitung.de\/cms\/wp-content\/uploads\/2025\/03\/02-Andreas-Schaerer-%E2%94%AC%C2%AE-rwfischer_photography.jpg?fit=300%2C225&#038;ssl=1\" data-large-file=\"https:\/\/i0.wp.com\/www.jazzzeitung.de\/cms\/wp-content\/uploads\/2025\/03\/02-Andreas-Schaerer-%E2%94%AC%C2%AE-rwfischer_photography.jpg?fit=709%2C531&#038;ssl=1\" src=\"https:\/\/i0.wp.com\/www.jazzzeitung.de\/cms\/wp-content\/uploads\/2025\/03\/02-Andreas-Schaerer-%E2%94%AC%C2%AE-rwfischer_photography.jpg?w=555&#038;h=416&#038;ssl=1\" width=\"555\" height=\"416\" loading=\"lazy\" data-original-width=\"555\" data-original-height=\"416\" itemprop=\"http:\/\/schema.org\/image\" title=\"02 Andreas Schaerer \u252c\u00ae rwfischer_photography\" alt=\"02 Andreas Schaerer \u252c\u00ae rwfischer_photography\" style=\"width: 555px; height: 416px;\" \/> <\/a> <\/div> <\/div> <!-- close group --> <div class=\"gallery-group images-1\" style=\"width: 281px; height: 420px;\" data-original-width=\"281\" data-original-height=\"420\" > <div class=\"tiled-gallery-item tiled-gallery-item-large\" itemprop=\"associatedMedia\" itemscope itemtype=\"http:\/\/schema.org\/ImageObject\"> <a href=\"https:\/\/www.jazzzeitung.de\/cms\/2025\/03\/andreas-schaerer-anthem-for-no-mans-land\/03-kalle-kalima-%e2%94%ac-rwfischer_photography\/\" border=\"0\" itemprop=\"url\"> <meta itemprop=\"width\" content=\"277\"> <meta itemprop=\"height\" content=\"416\"> <img decoding=\"async\" class=\"\" data-attachment-id=\"32313\" data-orig-file=\"https:\/\/www.jazzzeitung.de\/cms\/wp-content\/uploads\/2025\/03\/03-Kalle-Kalima-\u252c\u00ae-rwfischer_photography.jpg\" data-orig-size=\"482,723\" data-comments-opened=\"1\" data-image-meta=\"{&quot;aperture&quot;:&quot;2&quot;,&quot;credit&quot;:&quot;&quot;,&quot;camera&quot;:&quot;X-S10&quot;,&quot;caption&quot;:&quot;&quot;,&quot;created_timestamp&quot;:&quot;1675028676&quot;,&quot;copyright&quot;:&quot;&quot;,&quot;focal_length&quot;:&quot;135&quot;,&quot;iso&quot;:&quot;1000&quot;,&quot;shutter_speed&quot;:&quot;0.004&quot;,&quot;title&quot;:&quot;&quot;,&quot;orientation&quot;:&quot;1&quot;}\" data-image-title=\"03 Kalle Kalima \u252c\u00ae rwfischer_photography\" data-image-description=\"\" data-medium-file=\"https:\/\/i0.wp.com\/www.jazzzeitung.de\/cms\/wp-content\/uploads\/2025\/03\/03-Kalle-Kalima-%E2%94%AC%C2%AE-rwfischer_photography.jpg?fit=200%2C300&#038;ssl=1\" data-large-file=\"https:\/\/i0.wp.com\/www.jazzzeitung.de\/cms\/wp-content\/uploads\/2025\/03\/03-Kalle-Kalima-%E2%94%AC%C2%AE-rwfischer_photography.jpg?fit=400%2C600&#038;ssl=1\" src=\"https:\/\/i0.wp.com\/www.jazzzeitung.de\/cms\/wp-content\/uploads\/2025\/03\/03-Kalle-Kalima-%E2%94%AC%C2%AE-rwfischer_photography.jpg?w=277&#038;h=416&#038;ssl=1\" width=\"277\" height=\"416\" loading=\"lazy\" data-original-width=\"277\" data-original-height=\"416\" itemprop=\"http:\/\/schema.org\/image\" title=\"03 Kalle Kalima \u252c\u00ae rwfischer_photography\" alt=\"03 Kalle Kalima \u252c\u00ae rwfischer_photography\" style=\"width: 277px; height: 416px;\" \/> <\/a> <\/div> <\/div> <!-- close group --> <\/div> <!-- close row --> <div class=\"gallery-row\" style=\"width: 840px; height: 778px;\" data-original-width=\"840\" data-original-height=\"778\" > <div class=\"gallery-group images-1\" style=\"width: 519px; height: 778px;\" data-original-width=\"519\" data-original-height=\"778\" > <div class=\"tiled-gallery-item tiled-gallery-item-large\" itemprop=\"associatedMedia\" itemscope itemtype=\"http:\/\/schema.org\/ImageObject\"> <a href=\"https:\/\/www.jazzzeitung.de\/cms\/2025\/03\/andreas-schaerer-anthem-for-no-mans-land\/04-kalle-kalima-%e2%94%ac-rwfischer_photography\/\" border=\"0\" itemprop=\"url\"> <meta itemprop=\"width\" content=\"515\"> <meta itemprop=\"height\" content=\"774\"> <img decoding=\"async\" class=\"\" data-attachment-id=\"32314\" data-orig-file=\"https:\/\/www.jazzzeitung.de\/cms\/wp-content\/uploads\/2025\/03\/04-Kalle-Kalima-\u252c\u00ae-rwfischer_photography.jpg\" data-orig-size=\"425,638\" data-comments-opened=\"1\" data-image-meta=\"{&quot;aperture&quot;:&quot;2&quot;,&quot;credit&quot;:&quot;&quot;,&quot;camera&quot;:&quot;X-S10&quot;,&quot;caption&quot;:&quot;&quot;,&quot;created_timestamp&quot;:&quot;1675028676&quot;,&quot;copyright&quot;:&quot;&quot;,&quot;focal_length&quot;:&quot;135&quot;,&quot;iso&quot;:&quot;1000&quot;,&quot;shutter_speed&quot;:&quot;0.004&quot;,&quot;title&quot;:&quot;&quot;,&quot;orientation&quot;:&quot;1&quot;}\" data-image-title=\"04 Kalle Kalima \u252c\u00ae rwfischer_photography\" data-image-description=\"\" data-medium-file=\"https:\/\/i0.wp.com\/www.jazzzeitung.de\/cms\/wp-content\/uploads\/2025\/03\/04-Kalle-Kalima-%E2%94%AC%C2%AE-rwfischer_photography.jpg?fit=200%2C300&#038;ssl=1\" data-large-file=\"https:\/\/i0.wp.com\/www.jazzzeitung.de\/cms\/wp-content\/uploads\/2025\/03\/04-Kalle-Kalima-%E2%94%AC%C2%AE-rwfischer_photography.jpg?fit=400%2C600&#038;ssl=1\" src=\"https:\/\/i0.wp.com\/www.jazzzeitung.de\/cms\/wp-content\/uploads\/2025\/03\/04-Kalle-Kalima-%E2%94%AC%C2%AE-rwfischer_photography.jpg?w=515&#038;h=774&#038;ssl=1\" width=\"515\" height=\"774\" loading=\"lazy\" data-original-width=\"515\" data-original-height=\"774\" itemprop=\"http:\/\/schema.org\/image\" title=\"04 Kalle Kalima \u252c\u00ae rwfischer_photography\" alt=\"04 Kalle Kalima \u252c\u00ae rwfischer_photography\" style=\"width: 515px; height: 774px;\" \/> <\/a> <\/div> <\/div> <!-- close group --> <div class=\"gallery-group images-3\" style=\"width: 321px; height: 778px;\" data-original-width=\"321\" data-original-height=\"778\" > <div class=\"tiled-gallery-item tiled-gallery-item-large\" itemprop=\"associatedMedia\" itemscope itemtype=\"http:\/\/schema.org\/ImageObject\"> <a href=\"https:\/\/www.jazzzeitung.de\/cms\/2025\/03\/andreas-schaerer-anthem-for-no-mans-land\/05-lucas-niggli-%e2%94%ac-rwfischer_photography\/\" border=\"0\" itemprop=\"url\"> <meta itemprop=\"width\" content=\"317\"> <meta itemprop=\"height\" content=\"211\"> <img decoding=\"async\" class=\"\" data-attachment-id=\"32315\" data-orig-file=\"https:\/\/www.jazzzeitung.de\/cms\/wp-content\/uploads\/2025\/03\/05-Lucas-Niggli-\u252c\u00ae-rwfischer_photography.jpg\" data-orig-size=\"567,378\" data-comments-opened=\"1\" data-image-meta=\"{&quot;aperture&quot;:&quot;2.8&quot;,&quot;credit&quot;:&quot;&quot;,&quot;camera&quot;:&quot;X-S10&quot;,&quot;caption&quot;:&quot;&quot;,&quot;created_timestamp&quot;:&quot;1695850252&quot;,&quot;copyright&quot;:&quot;&quot;,&quot;focal_length&quot;:&quot;70&quot;,&quot;iso&quot;:&quot;2000&quot;,&quot;shutter_speed&quot;:&quot;0.00625&quot;,&quot;title&quot;:&quot;&quot;,&quot;orientation&quot;:&quot;1&quot;}\" data-image-title=\"05 Lucas Niggli \u252c\u00ae rwfischer_photography\" data-image-description=\"\" data-medium-file=\"https:\/\/i0.wp.com\/www.jazzzeitung.de\/cms\/wp-content\/uploads\/2025\/03\/05-Lucas-Niggli-%E2%94%AC%C2%AE-rwfischer_photography.jpg?fit=300%2C200&#038;ssl=1\" data-large-file=\"https:\/\/i0.wp.com\/www.jazzzeitung.de\/cms\/wp-content\/uploads\/2025\/03\/05-Lucas-Niggli-%E2%94%AC%C2%AE-rwfischer_photography.jpg?fit=567%2C378&#038;ssl=1\" src=\"https:\/\/i0.wp.com\/www.jazzzeitung.de\/cms\/wp-content\/uploads\/2025\/03\/05-Lucas-Niggli-%E2%94%AC%C2%AE-rwfischer_photography.jpg?w=317&#038;h=211&#038;ssl=1\" width=\"317\" height=\"211\" loading=\"lazy\" data-original-width=\"317\" data-original-height=\"211\" itemprop=\"http:\/\/schema.org\/image\" title=\"05 Lucas Niggli \u252c\u00ae rwfischer_photography\" alt=\"05 Lucas Niggli \u252c\u00ae rwfischer_photography\" style=\"width: 317px; height: 211px;\" \/> <\/a> <\/div> <div class=\"tiled-gallery-item tiled-gallery-item-large\" itemprop=\"associatedMedia\" itemscope itemtype=\"http:\/\/schema.org\/ImageObject\"> <a href=\"https:\/\/www.jazzzeitung.de\/cms\/2025\/03\/andreas-schaerer-anthem-for-no-mans-land\/06-lucas-niggli-%e2%94%ac-rwfischer_photography\/\" border=\"0\" itemprop=\"url\"> <meta itemprop=\"width\" content=\"317\"> <meta itemprop=\"height\" content=\"238\"> <img decoding=\"async\" class=\"\" data-attachment-id=\"32316\" data-orig-file=\"https:\/\/www.jazzzeitung.de\/cms\/wp-content\/uploads\/2025\/03\/06-Lucas-Niggli-\u252c\u00ae-rwfischer_photography.jpg\" data-orig-size=\"709,532\" data-comments-opened=\"1\" data-image-meta=\"{&quot;aperture&quot;:&quot;2.8&quot;,&quot;credit&quot;:&quot;&quot;,&quot;camera&quot;:&quot;X-S10&quot;,&quot;caption&quot;:&quot;&quot;,&quot;created_timestamp&quot;:&quot;1695849799&quot;,&quot;copyright&quot;:&quot;&quot;,&quot;focal_length&quot;:&quot;28.4&quot;,&quot;iso&quot;:&quot;2500&quot;,&quot;shutter_speed&quot;:&quot;0.00625&quot;,&quot;title&quot;:&quot;&quot;,&quot;orientation&quot;:&quot;1&quot;}\" data-image-title=\"06 Lucas Niggli \u252c\u00ae rwfischer_photography\" data-image-description=\"\" data-medium-file=\"https:\/\/i0.wp.com\/www.jazzzeitung.de\/cms\/wp-content\/uploads\/2025\/03\/06-Lucas-Niggli-%E2%94%AC%C2%AE-rwfischer_photography.jpg?fit=300%2C225&#038;ssl=1\" data-large-file=\"https:\/\/i0.wp.com\/www.jazzzeitung.de\/cms\/wp-content\/uploads\/2025\/03\/06-Lucas-Niggli-%E2%94%AC%C2%AE-rwfischer_photography.jpg?fit=709%2C532&#038;ssl=1\" src=\"https:\/\/i0.wp.com\/www.jazzzeitung.de\/cms\/wp-content\/uploads\/2025\/03\/06-Lucas-Niggli-%E2%94%AC%C2%AE-rwfischer_photography.jpg?w=317&#038;h=238&#038;ssl=1\" width=\"317\" height=\"238\" loading=\"lazy\" data-original-width=\"317\" data-original-height=\"238\" itemprop=\"http:\/\/schema.org\/image\" title=\"06 Lucas Niggli \u252c\u00ae rwfischer_photography\" alt=\"06 Lucas Niggli \u252c\u00ae rwfischer_photography\" style=\"width: 317px; height: 238px;\" \/> <\/a> <\/div> <div class=\"tiled-gallery-item tiled-gallery-item-large\" itemprop=\"associatedMedia\" itemscope itemtype=\"http:\/\/schema.org\/ImageObject\"> <a href=\"https:\/\/www.jazzzeitung.de\/cms\/2025\/03\/andreas-schaerer-anthem-for-no-mans-land\/07-luciano-biondini-%e2%94%ac-rwfischer_photography\/\" border=\"0\" itemprop=\"url\"> <meta itemprop=\"width\" content=\"317\"> <meta itemprop=\"height\" content=\"317\"> <img decoding=\"async\" class=\"\" data-attachment-id=\"32317\" data-orig-file=\"https:\/\/www.jazzzeitung.de\/cms\/wp-content\/uploads\/2025\/03\/07-Luciano-Biondini-\u252c\u00ae-rwfischer_photography.jpg\" data-orig-size=\"567,567\" data-comments-opened=\"1\" data-image-meta=\"{&quot;aperture&quot;:&quot;2.8&quot;,&quot;credit&quot;:&quot;&quot;,&quot;camera&quot;:&quot;X-S10&quot;,&quot;caption&quot;:&quot;&quot;,&quot;created_timestamp&quot;:&quot;1695850132&quot;,&quot;copyright&quot;:&quot;&quot;,&quot;focal_length&quot;:&quot;70&quot;,&quot;iso&quot;:&quot;1250&quot;,&quot;shutter_speed&quot;:&quot;0.00625&quot;,&quot;title&quot;:&quot;&quot;,&quot;orientation&quot;:&quot;1&quot;}\" data-image-title=\"07 Luciano Biondini \u252c\u00ae rwfischer_photography\" data-image-description=\"\" data-medium-file=\"https:\/\/i0.wp.com\/www.jazzzeitung.de\/cms\/wp-content\/uploads\/2025\/03\/07-Luciano-Biondini-%E2%94%AC%C2%AE-rwfischer_photography.jpg?fit=300%2C300&#038;ssl=1\" data-large-file=\"https:\/\/i0.wp.com\/www.jazzzeitung.de\/cms\/wp-content\/uploads\/2025\/03\/07-Luciano-Biondini-%E2%94%AC%C2%AE-rwfischer_photography.jpg?fit=567%2C567&#038;ssl=1\" src=\"https:\/\/i0.wp.com\/www.jazzzeitung.de\/cms\/wp-content\/uploads\/2025\/03\/07-Luciano-Biondini-%E2%94%AC%C2%AE-rwfischer_photography.jpg?w=317&#038;h=317&#038;crop=1&#038;ssl=1\" width=\"317\" height=\"317\" loading=\"lazy\" data-original-width=\"317\" data-original-height=\"317\" itemprop=\"http:\/\/schema.org\/image\" title=\"07 Luciano Biondini \u252c\u00ae rwfischer_photography\" alt=\"07 Luciano Biondini \u252c\u00ae rwfischer_photography\" style=\"width: 317px; height: 317px;\" \/> <\/a> <\/div> <\/div> <!-- close group --> <\/div> <!-- close row --> <div class=\"gallery-row\" style=\"width: 840px; height: 631px;\" data-original-width=\"840\" data-original-height=\"631\" > <div class=\"gallery-group images-1\" style=\"width: 840px; height: 631px;\" data-original-width=\"840\" data-original-height=\"631\" > <div class=\"tiled-gallery-item tiled-gallery-item-large\" itemprop=\"associatedMedia\" itemscope itemtype=\"http:\/\/schema.org\/ImageObject\"> <a href=\"https:\/\/www.jazzzeitung.de\/cms\/2025\/03\/andreas-schaerer-anthem-for-no-mans-land\/08-luciano-biondini-%e2%94%ac-rwfischer_photography\/\" border=\"0\" itemprop=\"url\"> <meta itemprop=\"width\" content=\"836\"> <meta itemprop=\"height\" content=\"627\"> <img decoding=\"async\" class=\"\" data-attachment-id=\"32318\" data-orig-file=\"https:\/\/www.jazzzeitung.de\/cms\/wp-content\/uploads\/2025\/03\/08-Luciano-Biondini-\u252c\u00ae-rwfischer_photography.jpg\" data-orig-size=\"709,532\" data-comments-opened=\"1\" data-image-meta=\"{&quot;aperture&quot;:&quot;2.8&quot;,&quot;credit&quot;:&quot;&quot;,&quot;camera&quot;:&quot;X-S10&quot;,&quot;caption&quot;:&quot;&quot;,&quot;created_timestamp&quot;:&quot;1695850007&quot;,&quot;copyright&quot;:&quot;&quot;,&quot;focal_length&quot;:&quot;70&quot;,&quot;iso&quot;:&quot;1600&quot;,&quot;shutter_speed&quot;:&quot;0.00625&quot;,&quot;title&quot;:&quot;&quot;,&quot;orientation&quot;:&quot;1&quot;}\" data-image-title=\"08 Luciano Biondini \u252c\u00ae rwfischer_photography\" data-image-description=\"\" data-medium-file=\"https:\/\/i0.wp.com\/www.jazzzeitung.de\/cms\/wp-content\/uploads\/2025\/03\/08-Luciano-Biondini-%E2%94%AC%C2%AE-rwfischer_photography.jpg?fit=300%2C225&#038;ssl=1\" data-large-file=\"https:\/\/i0.wp.com\/www.jazzzeitung.de\/cms\/wp-content\/uploads\/2025\/03\/08-Luciano-Biondini-%E2%94%AC%C2%AE-rwfischer_photography.jpg?fit=709%2C532&#038;ssl=1\" src=\"https:\/\/i0.wp.com\/www.jazzzeitung.de\/cms\/wp-content\/uploads\/2025\/03\/08-Luciano-Biondini-%E2%94%AC%C2%AE-rwfischer_photography.jpg?w=836&#038;h=627&#038;ssl=1\" width=\"836\" height=\"627\" loading=\"lazy\" data-original-width=\"836\" data-original-height=\"627\" itemprop=\"http:\/\/schema.org\/image\" title=\"08 Luciano Biondini \u252c\u00ae rwfischer_photography\" alt=\"08 Luciano Biondini \u252c\u00ae rwfischer_photography\" style=\"width: 836px; height: 627px;\" \/> <\/a> <\/div> <\/div> <!-- close group --> <\/div> <!-- close row --> <\/div>\n<h3>Er bleibt auf dem Boden<\/h3>\n<p>Nun, er singt. Auf dem zuletzt von ihm erschienenen, mit Kalle Kalima und Tim Lefebvre eingespielten Album \u201eEvolution\u201c machte er das mit englischen Texten, was ein bisschen den Effekt hatte, als w\u00fcrde da einer, der sonst auf dem Seil tanzen und Salti springen kann, diesmal nur auf dem Boden bleiben. Auf dem neuen Album indes, zu dem alle Mitglieder der Band ungemein spannende, energetisch flie\u00dfende Kompositionen beigesteuert haben, hat die gesungene Sprache keine andere Bedeutung mehr, als die, zu klingen. Was also beim ersten Hinh\u00f6ren durchaus bestimmte Sprachassoziationen weckt, bleibt doch in jedem Fall: reinster Klang.<\/p>\n<h3>Fantasiesprachen<\/h3>\n<p>Und zwar, so stellt man sich das im sch\u00f6nsten Fall vor: intuitiv parallel zum Entstehen der Musik erfundener Klang. Er selbst sagt dazu: \u201eEs hat mich schon immer interessiert, mit diesem Bruch zu spielen, wo sich Inhalt aufl\u00f6st und Sprache nur noch Klang ist, trotzdem aber noch genug sprachliche DNA hat, um weiterhin als solche verstanden zu werden. Das ist flie\u00dfend, ein spielerischer Ort. Auch Kinder sprechen ja viele Fantasiesprachen.\u201c<\/p>\n<p>Das Spielerische, Fantastische ist es dann auch, das im Ergebnis sofort \u00fcberzeugt. Als Kind sei \u201ejeder ein K\u00fcnstler\u201c, hat Picasso mal gesagt. Dann f\u00fcgte er hinzu, die Schwierigkeit l\u00e4ge darin, \u201eals Erwachsener einer zu bleiben\u201c. Andreas Schaerer, m\u00f6chte man meinen, ist das meisterlich\u00a0 gelungen. Oder um es anders zu sagen: Andreas kann (l\u00e4ngst) fliegen. Und so beantwortet sich auch die eingangs gestellte Frage fast von selbst: Der singt Musik.<\/p>\n<p><a href=\"https:\/\/i0.wp.com\/www.jazzzeitung.de\/cms\/wp-content\/uploads\/2025\/03\/Album-cover.jpg?ssl=1\"><img data-recalc-dims=\"1\" loading=\"lazy\" decoding=\"async\" data-attachment-id=\"32309\" data-permalink=\"https:\/\/www.jazzzeitung.de\/cms\/2025\/03\/andreas-schaerer-anthem-for-no-mans-land\/nl-3\/\" data-orig-file=\"https:\/\/i0.wp.com\/www.jazzzeitung.de\/cms\/wp-content\/uploads\/2025\/03\/Album-cover.jpg?fit=1647%2C1482&amp;ssl=1\" data-orig-size=\"1647,1482\" data-comments-opened=\"1\" data-image-meta=\"{&quot;aperture&quot;:&quot;0&quot;,&quot;credit&quot;:&quot;Jutta Stolte&quot;,&quot;camera&quot;:&quot;&quot;,&quot;caption&quot;:&quot;&quot;,&quot;created_timestamp&quot;:&quot;0&quot;,&quot;copyright&quot;:&quot;&quot;,&quot;focal_length&quot;:&quot;0&quot;,&quot;iso&quot;:&quot;0&quot;,&quot;shutter_speed&quot;:&quot;0&quot;,&quot;title&quot;:&quot;NL&quot;,&quot;orientation&quot;:&quot;1&quot;}\" data-image-title=\"NL\" data-image-description=\"\" data-image-caption=\"\" data-large-file=\"https:\/\/i0.wp.com\/www.jazzzeitung.de\/cms\/wp-content\/uploads\/2025\/03\/Album-cover.jpg?fit=667%2C600&amp;ssl=1\" class=\"alignleft size-medium wp-image-32309\" src=\"https:\/\/i0.wp.com\/www.jazzzeitung.de\/cms\/wp-content\/uploads\/2025\/03\/Album-cover.jpg?resize=300%2C270&#038;ssl=1\" alt=\"\" width=\"300\" height=\"270\" srcset=\"https:\/\/i0.wp.com\/www.jazzzeitung.de\/cms\/wp-content\/uploads\/2025\/03\/Album-cover.jpg?resize=300%2C270&amp;ssl=1 300w, https:\/\/i0.wp.com\/www.jazzzeitung.de\/cms\/wp-content\/uploads\/2025\/03\/Album-cover.jpg?resize=667%2C600&amp;ssl=1 667w, https:\/\/i0.wp.com\/www.jazzzeitung.de\/cms\/wp-content\/uploads\/2025\/03\/Album-cover.jpg?resize=768%2C691&amp;ssl=1 768w, https:\/\/i0.wp.com\/www.jazzzeitung.de\/cms\/wp-content\/uploads\/2025\/03\/Album-cover.jpg?resize=1536%2C1382&amp;ssl=1 1536w, https:\/\/i0.wp.com\/www.jazzzeitung.de\/cms\/wp-content\/uploads\/2025\/03\/Album-cover.jpg?resize=1320%2C1188&amp;ssl=1 1320w, https:\/\/i0.wp.com\/www.jazzzeitung.de\/cms\/wp-content\/uploads\/2025\/03\/Album-cover.jpg?w=1647&amp;ssl=1 1647w\" sizes=\"auto, (max-width: 300px) 100vw, 300px\" \/><\/a><\/p>\n<p>&nbsp;<\/p>\n","protected":false},"excerpt":{"rendered":"<p>(Text und Fotos: Robert Fischer)\u00a0\u201eWas singt der da?\u201c, d\u00fcrften sich wohl die meisten fragen, die das neue Album des Schweizer S\u00e4ngers und Vokalartisten Andreas Schaerer h\u00f6ren. Daf\u00fcr ins Studio gegangen ist er mit\u00a0 den bew\u00e4hrten Komplizen Luciano Biondini (Akkordeon), Kalle Kalima (Gitarre) und Lucas Niggli (Schlagzeug). Herausgekommen sind die auch als \u201eA Novel of Anomaly\u201c firmierenden Vier mit nicht weniger als einem Meisterwerk, das die Beantwortung der eingangs gestellten Frage pl\u00f6tzlich sonnenklar erscheinen l\u00e4sst. Doch dazu sp\u00e4ter. Vokalartist und mehr Dass Andreas Schaerer, ich sage das mit gr\u00f6\u00dftem Respekt, ein bisschen \u201edada\u201c ist \u2013 ein Musiker n\u00e4mlich, der den Esprit, den Humor und die Kunst der Dadaisten zu neuem Leben zu erwecken mag \u2013, das kann man sp\u00e4testens wissen, seit er mit seiner Band \u201eHildegard Lernt Fliegen\u201c die kleinen, gro\u00dfen und gr\u00f6\u00dften B\u00fchnen zu erobern begann. Aber was macht ein S\u00e4nger, der eine solche Ausnahmeerscheinung ist wie sonst vielleicht nur noch sein Landsmann Christian Zehnder, wenn er nicht zum wiederholten Male auf das reduziert werden m\u00f6chte, was nur sehr unzureichend als \u201eVokalartistik\u201c beschrieben wird und ein unfassbar reiches Ma\u00df an Ausdrucksm\u00f6glichkeiten der menschlichen Stimme meint? &hellip;<\/p>\n","protected":false},"author":18,"featured_media":32310,"comment_status":"open","ping_status":"closed","sticky":false,"template":"","format":"standard","meta":{"_jetpack_memberships_contains_paid_content":false,"footnotes":"","jetpack_publicize_message":"","jetpack_publicize_feature_enabled":true,"jetpack_social_post_already_shared":true,"jetpack_social_options":{"image_generator_settings":{"template":"highway","default_image_id":0,"font":"","enabled":false},"version":2}},"categories":[652,1152],"tags":[1650,5606,1485,294,2861,5462],"coauthors":[695],"class_list":["post-32308","post","type-post","status-publish","format-standard","has-post-thumbnail","hentry","category-galerie","category-rezension","tag-andreas-schaerer","tag-anthem-for-no-mans-land","tag-cd-rezension","tag-jazzzeitung","tag-jazzzeitung-de","tag-robert-fischer"],"yoast_head":"<!-- This site is optimized with the Yoast SEO plugin v27.5 - https:\/\/yoast.com\/product\/yoast-seo-wordpress\/ -->\n<title>Andreas Schaerer: Anthem For No Man\u2019s Land - JazzZeitung<\/title>\n<meta name=\"robots\" content=\"index, follow, max-snippet:-1, max-image-preview:large, max-video-preview:-1\" \/>\n<link rel=\"canonical\" href=\"https:\/\/www.jazzzeitung.de\/cms\/2025\/03\/andreas-schaerer-anthem-for-no-mans-land\/\" \/>\n<meta property=\"og:locale\" content=\"de_DE\" \/>\n<meta property=\"og:type\" content=\"article\" \/>\n<meta property=\"og:title\" content=\"Andreas Schaerer: Anthem For No Man\u2019s Land - JazzZeitung\" \/>\n<meta property=\"og:description\" content=\"(Text und Fotos: Robert Fischer)\u00a0\u201eWas singt der da?\u201c, d\u00fcrften sich wohl die meisten fragen, die das neue Album des Schweizer S\u00e4ngers und Vokalartisten Andreas Schaerer h\u00f6ren. Daf\u00fcr ins Studio gegangen ist er mit\u00a0 den bew\u00e4hrten Komplizen Luciano Biondini (Akkordeon), Kalle Kalima (Gitarre) und Lucas Niggli (Schlagzeug). Herausgekommen sind die auch als \u201eA Novel of Anomaly\u201c firmierenden Vier mit nicht weniger als einem Meisterwerk, das die Beantwortung der eingangs gestellten Frage pl\u00f6tzlich sonnenklar erscheinen l\u00e4sst. Doch dazu sp\u00e4ter. Vokalartist und mehr Dass Andreas Schaerer, ich sage das mit gr\u00f6\u00dftem Respekt, ein bisschen \u201edada\u201c ist \u2013 ein Musiker n\u00e4mlich, der den Esprit, den Humor und die Kunst der Dadaisten zu neuem Leben zu erwecken mag \u2013, das kann man sp\u00e4testens wissen, seit er mit seiner Band \u201eHildegard Lernt Fliegen\u201c die kleinen, gro\u00dfen und gr\u00f6\u00dften B\u00fchnen zu erobern begann. Aber was macht ein S\u00e4nger, der eine solche Ausnahmeerscheinung ist wie sonst vielleicht nur noch sein Landsmann Christian Zehnder, wenn er nicht zum wiederholten Male auf das reduziert werden m\u00f6chte, was nur sehr unzureichend als \u201eVokalartistik\u201c beschrieben wird und ein unfassbar reiches Ma\u00df an Ausdrucksm\u00f6glichkeiten der menschlichen Stimme meint? &hellip;\" \/>\n<meta property=\"og:url\" content=\"https:\/\/www.jazzzeitung.de\/cms\/2025\/03\/andreas-schaerer-anthem-for-no-mans-land\/\" \/>\n<meta property=\"og:site_name\" content=\"JazzZeitung\" \/>\n<meta property=\"article:publisher\" content=\"https:\/\/www.facebook.com\/JazzZeitung\/\" \/>\n<meta property=\"article:published_time\" content=\"2025-03-07T09:18:36+00:00\" \/>\n<meta property=\"article:modified_time\" content=\"2025-03-10T08:19:36+00:00\" \/>\n<meta property=\"og:image\" content=\"https:\/\/www.jazzzeitung.de\/cms\/wp-content\/uploads\/2025\/03\/Andreas-Schaerer-\u252c\u00ae-rwfischer_photography.jpg\" \/>\n\t<meta property=\"og:image:width\" content=\"709\" \/>\n\t<meta property=\"og:image:height\" content=\"532\" \/>\n\t<meta property=\"og:image:type\" content=\"image\/jpeg\" \/>\n<meta name=\"author\" content=\"Redaktion JazzZeitung\" \/>\n<script type=\"application\/ld+json\" class=\"yoast-schema-graph\">{\"@context\":\"https:\\\/\\\/schema.org\",\"@graph\":[{\"@type\":\"Article\",\"@id\":\"https:\\\/\\\/www.jazzzeitung.de\\\/cms\\\/2025\\\/03\\\/andreas-schaerer-anthem-for-no-mans-land\\\/#article\",\"isPartOf\":{\"@id\":\"https:\\\/\\\/www.jazzzeitung.de\\\/cms\\\/2025\\\/03\\\/andreas-schaerer-anthem-for-no-mans-land\\\/\"},\"author\":{\"name\":\"Redaktion JazzZeitung\",\"@id\":\"https:\\\/\\\/www.jazzzeitung.de\\\/cms\\\/#\\\/schema\\\/person\\\/2245b36b9cd1d24cea10f01c031fb92b\"},\"headline\":\"Andreas Schaerer: Anthem For No Man\u2019s Land\",\"datePublished\":\"2025-03-07T09:18:36+00:00\",\"dateModified\":\"2025-03-10T08:19:36+00:00\",\"mainEntityOfPage\":{\"@id\":\"https:\\\/\\\/www.jazzzeitung.de\\\/cms\\\/2025\\\/03\\\/andreas-schaerer-anthem-for-no-mans-land\\\/\"},\"wordCount\":466,\"commentCount\":0,\"publisher\":{\"@id\":\"https:\\\/\\\/www.jazzzeitung.de\\\/cms\\\/#organization\"},\"image\":{\"@id\":\"https:\\\/\\\/www.jazzzeitung.de\\\/cms\\\/2025\\\/03\\\/andreas-schaerer-anthem-for-no-mans-land\\\/#primaryimage\"},\"thumbnailUrl\":\"https:\\\/\\\/i0.wp.com\\\/www.jazzzeitung.de\\\/cms\\\/wp-content\\\/uploads\\\/2025\\\/03\\\/Andreas-Schaerer-%E2%94%AC%C2%AE-rwfischer_photography.jpg?fit=709%2C532&ssl=1\",\"keywords\":[\"Andreas Schaerer\",\"Anthem For No Man\u2019s Land\",\"CD-Rezension\",\"Jazzzeitung\",\"JazzZeitung.de\",\"Robert Fischer\"],\"articleSection\":[\"Galerie\",\"Rezension\"],\"inLanguage\":\"de\",\"potentialAction\":[{\"@type\":\"CommentAction\",\"name\":\"Comment\",\"target\":[\"https:\\\/\\\/www.jazzzeitung.de\\\/cms\\\/2025\\\/03\\\/andreas-schaerer-anthem-for-no-mans-land\\\/#respond\"]}]},{\"@type\":\"WebPage\",\"@id\":\"https:\\\/\\\/www.jazzzeitung.de\\\/cms\\\/2025\\\/03\\\/andreas-schaerer-anthem-for-no-mans-land\\\/\",\"url\":\"https:\\\/\\\/www.jazzzeitung.de\\\/cms\\\/2025\\\/03\\\/andreas-schaerer-anthem-for-no-mans-land\\\/\",\"name\":\"Andreas Schaerer: Anthem For No Man\u2019s Land - JazzZeitung\",\"isPartOf\":{\"@id\":\"https:\\\/\\\/www.jazzzeitung.de\\\/cms\\\/#website\"},\"primaryImageOfPage\":{\"@id\":\"https:\\\/\\\/www.jazzzeitung.de\\\/cms\\\/2025\\\/03\\\/andreas-schaerer-anthem-for-no-mans-land\\\/#primaryimage\"},\"image\":{\"@id\":\"https:\\\/\\\/www.jazzzeitung.de\\\/cms\\\/2025\\\/03\\\/andreas-schaerer-anthem-for-no-mans-land\\\/#primaryimage\"},\"thumbnailUrl\":\"https:\\\/\\\/i0.wp.com\\\/www.jazzzeitung.de\\\/cms\\\/wp-content\\\/uploads\\\/2025\\\/03\\\/Andreas-Schaerer-%E2%94%AC%C2%AE-rwfischer_photography.jpg?fit=709%2C532&ssl=1\",\"datePublished\":\"2025-03-07T09:18:36+00:00\",\"dateModified\":\"2025-03-10T08:19:36+00:00\",\"breadcrumb\":{\"@id\":\"https:\\\/\\\/www.jazzzeitung.de\\\/cms\\\/2025\\\/03\\\/andreas-schaerer-anthem-for-no-mans-land\\\/#breadcrumb\"},\"inLanguage\":\"de\",\"potentialAction\":[{\"@type\":\"ReadAction\",\"target\":[\"https:\\\/\\\/www.jazzzeitung.de\\\/cms\\\/2025\\\/03\\\/andreas-schaerer-anthem-for-no-mans-land\\\/\"]}]},{\"@type\":\"ImageObject\",\"inLanguage\":\"de\",\"@id\":\"https:\\\/\\\/www.jazzzeitung.de\\\/cms\\\/2025\\\/03\\\/andreas-schaerer-anthem-for-no-mans-land\\\/#primaryimage\",\"url\":\"https:\\\/\\\/i0.wp.com\\\/www.jazzzeitung.de\\\/cms\\\/wp-content\\\/uploads\\\/2025\\\/03\\\/Andreas-Schaerer-%E2%94%AC%C2%AE-rwfischer_photography.jpg?fit=709%2C532&ssl=1\",\"contentUrl\":\"https:\\\/\\\/i0.wp.com\\\/www.jazzzeitung.de\\\/cms\\\/wp-content\\\/uploads\\\/2025\\\/03\\\/Andreas-Schaerer-%E2%94%AC%C2%AE-rwfischer_photography.jpg?fit=709%2C532&ssl=1\",\"width\":709,\"height\":532},{\"@type\":\"BreadcrumbList\",\"@id\":\"https:\\\/\\\/www.jazzzeitung.de\\\/cms\\\/2025\\\/03\\\/andreas-schaerer-anthem-for-no-mans-land\\\/#breadcrumb\",\"itemListElement\":[{\"@type\":\"ListItem\",\"position\":1,\"name\":\"Startseite\",\"item\":\"https:\\\/\\\/www.jazzzeitung.de\\\/cms\\\/\"},{\"@type\":\"ListItem\",\"position\":2,\"name\":\"Andreas Schaerer: Anthem For No Man\u2019s Land\"}]},{\"@type\":\"WebSite\",\"@id\":\"https:\\\/\\\/www.jazzzeitung.de\\\/cms\\\/#website\",\"url\":\"https:\\\/\\\/www.jazzzeitung.de\\\/cms\\\/\",\"name\":\"JazzZeitung\",\"description\":\"Jazz-News und Jazz-Kontroverses\",\"publisher\":{\"@id\":\"https:\\\/\\\/www.jazzzeitung.de\\\/cms\\\/#organization\"},\"potentialAction\":[{\"@type\":\"SearchAction\",\"target\":{\"@type\":\"EntryPoint\",\"urlTemplate\":\"https:\\\/\\\/www.jazzzeitung.de\\\/cms\\\/?s={search_term_string}\"},\"query-input\":{\"@type\":\"PropertyValueSpecification\",\"valueRequired\":true,\"valueName\":\"search_term_string\"}}],\"inLanguage\":\"de\"},{\"@type\":\"Organization\",\"@id\":\"https:\\\/\\\/www.jazzzeitung.de\\\/cms\\\/#organization\",\"name\":\"JazzZeitung online\",\"url\":\"https:\\\/\\\/www.jazzzeitung.de\\\/cms\\\/\",\"logo\":{\"@type\":\"ImageObject\",\"inLanguage\":\"de\",\"@id\":\"https:\\\/\\\/www.jazzzeitung.de\\\/cms\\\/#\\\/schema\\\/logo\\\/image\\\/\",\"url\":\"https:\\\/\\\/i0.wp.com\\\/www.jazzzeitung.de\\\/cms\\\/wp-content\\\/uploads\\\/2015\\\/08\\\/JAZZZEITUNGDE_Logo_Neu.png?fit=499%2C200&ssl=1\",\"contentUrl\":\"https:\\\/\\\/i0.wp.com\\\/www.jazzzeitung.de\\\/cms\\\/wp-content\\\/uploads\\\/2015\\\/08\\\/JAZZZEITUNGDE_Logo_Neu.png?fit=499%2C200&ssl=1\",\"width\":499,\"height\":200,\"caption\":\"JazzZeitung online\"},\"image\":{\"@id\":\"https:\\\/\\\/www.jazzzeitung.de\\\/cms\\\/#\\\/schema\\\/logo\\\/image\\\/\"},\"sameAs\":[\"https:\\\/\\\/www.facebook.com\\\/JazzZeitung\\\/\"]},{\"@type\":\"Person\",\"@id\":\"https:\\\/\\\/www.jazzzeitung.de\\\/cms\\\/#\\\/schema\\\/person\\\/2245b36b9cd1d24cea10f01c031fb92b\",\"name\":\"Redaktion JazzZeitung\",\"image\":{\"@type\":\"ImageObject\",\"inLanguage\":\"de\",\"@id\":\"https:\\\/\\\/i0.wp.com\\\/www.jazzzeitung.de\\\/cms\\\/wp-content\\\/uploads\\\/2015\\\/08\\\/JAZZZEITUNGDE_Logo_Neu.png?resize=96%2C96&ssl=159975dcacb611b5700bd619b5daf0a7a\",\"url\":\"https:\\\/\\\/i0.wp.com\\\/www.jazzzeitung.de\\\/cms\\\/wp-content\\\/uploads\\\/2015\\\/08\\\/JAZZZEITUNGDE_Logo_Neu.png?resize=96%2C96&ssl=1\",\"contentUrl\":\"https:\\\/\\\/i0.wp.com\\\/www.jazzzeitung.de\\\/cms\\\/wp-content\\\/uploads\\\/2015\\\/08\\\/JAZZZEITUNGDE_Logo_Neu.png?resize=96%2C96&ssl=1\",\"caption\":\"Redaktion JazzZeitung\"},\"description\":\"Artikel der Redaktion der JazzZeitung.\",\"sameAs\":[\"http:\\\/\\\/www.jazzzeitung.de\\\/cms\\\/\"],\"url\":\"https:\\\/\\\/www.jazzzeitung.de\\\/cms\\\/author\\\/redaktion\\\/\"}]}<\/script>\n<!-- \/ Yoast SEO plugin. -->","yoast_head_json":{"title":"Andreas Schaerer: Anthem For No Man\u2019s Land - JazzZeitung","robots":{"index":"index","follow":"follow","max-snippet":"max-snippet:-1","max-image-preview":"max-image-preview:large","max-video-preview":"max-video-preview:-1"},"canonical":"https:\/\/www.jazzzeitung.de\/cms\/2025\/03\/andreas-schaerer-anthem-for-no-mans-land\/","og_locale":"de_DE","og_type":"article","og_title":"Andreas Schaerer: Anthem For No Man\u2019s Land - JazzZeitung","og_description":"(Text und Fotos: Robert Fischer)\u00a0\u201eWas singt der da?\u201c, d\u00fcrften sich wohl die meisten fragen, die das neue Album des Schweizer S\u00e4ngers und Vokalartisten Andreas Schaerer h\u00f6ren. Daf\u00fcr ins Studio gegangen ist er mit\u00a0 den bew\u00e4hrten Komplizen Luciano Biondini (Akkordeon), Kalle Kalima (Gitarre) und Lucas Niggli (Schlagzeug). Herausgekommen sind die auch als \u201eA Novel of Anomaly\u201c firmierenden Vier mit nicht weniger als einem Meisterwerk, das die Beantwortung der eingangs gestellten Frage pl\u00f6tzlich sonnenklar erscheinen l\u00e4sst. Doch dazu sp\u00e4ter. Vokalartist und mehr Dass Andreas Schaerer, ich sage das mit gr\u00f6\u00dftem Respekt, ein bisschen \u201edada\u201c ist \u2013 ein Musiker n\u00e4mlich, der den Esprit, den Humor und die Kunst der Dadaisten zu neuem Leben zu erwecken mag \u2013, das kann man sp\u00e4testens wissen, seit er mit seiner Band \u201eHildegard Lernt Fliegen\u201c die kleinen, gro\u00dfen und gr\u00f6\u00dften B\u00fchnen zu erobern begann. Aber was macht ein S\u00e4nger, der eine solche Ausnahmeerscheinung ist wie sonst vielleicht nur noch sein Landsmann Christian Zehnder, wenn er nicht zum wiederholten Male auf das reduziert werden m\u00f6chte, was nur sehr unzureichend als \u201eVokalartistik\u201c beschrieben wird und ein unfassbar reiches Ma\u00df an Ausdrucksm\u00f6glichkeiten der menschlichen Stimme meint? &hellip;","og_url":"https:\/\/www.jazzzeitung.de\/cms\/2025\/03\/andreas-schaerer-anthem-for-no-mans-land\/","og_site_name":"JazzZeitung","article_publisher":"https:\/\/www.facebook.com\/JazzZeitung\/","article_published_time":"2025-03-07T09:18:36+00:00","article_modified_time":"2025-03-10T08:19:36+00:00","og_image":[{"width":709,"height":532,"url":"https:\/\/www.jazzzeitung.de\/cms\/wp-content\/uploads\/2025\/03\/Andreas-Schaerer-\u252c\u00ae-rwfischer_photography.jpg","type":"image\/jpeg"}],"author":"Redaktion JazzZeitung","schema":{"@context":"https:\/\/schema.org","@graph":[{"@type":"Article","@id":"https:\/\/www.jazzzeitung.de\/cms\/2025\/03\/andreas-schaerer-anthem-for-no-mans-land\/#article","isPartOf":{"@id":"https:\/\/www.jazzzeitung.de\/cms\/2025\/03\/andreas-schaerer-anthem-for-no-mans-land\/"},"author":{"name":"Redaktion JazzZeitung","@id":"https:\/\/www.jazzzeitung.de\/cms\/#\/schema\/person\/2245b36b9cd1d24cea10f01c031fb92b"},"headline":"Andreas Schaerer: Anthem For No Man\u2019s Land","datePublished":"2025-03-07T09:18:36+00:00","dateModified":"2025-03-10T08:19:36+00:00","mainEntityOfPage":{"@id":"https:\/\/www.jazzzeitung.de\/cms\/2025\/03\/andreas-schaerer-anthem-for-no-mans-land\/"},"wordCount":466,"commentCount":0,"publisher":{"@id":"https:\/\/www.jazzzeitung.de\/cms\/#organization"},"image":{"@id":"https:\/\/www.jazzzeitung.de\/cms\/2025\/03\/andreas-schaerer-anthem-for-no-mans-land\/#primaryimage"},"thumbnailUrl":"https:\/\/i0.wp.com\/www.jazzzeitung.de\/cms\/wp-content\/uploads\/2025\/03\/Andreas-Schaerer-%E2%94%AC%C2%AE-rwfischer_photography.jpg?fit=709%2C532&ssl=1","keywords":["Andreas Schaerer","Anthem For No Man\u2019s Land","CD-Rezension","Jazzzeitung","JazzZeitung.de","Robert Fischer"],"articleSection":["Galerie","Rezension"],"inLanguage":"de","potentialAction":[{"@type":"CommentAction","name":"Comment","target":["https:\/\/www.jazzzeitung.de\/cms\/2025\/03\/andreas-schaerer-anthem-for-no-mans-land\/#respond"]}]},{"@type":"WebPage","@id":"https:\/\/www.jazzzeitung.de\/cms\/2025\/03\/andreas-schaerer-anthem-for-no-mans-land\/","url":"https:\/\/www.jazzzeitung.de\/cms\/2025\/03\/andreas-schaerer-anthem-for-no-mans-land\/","name":"Andreas Schaerer: Anthem For No Man\u2019s Land - JazzZeitung","isPartOf":{"@id":"https:\/\/www.jazzzeitung.de\/cms\/#website"},"primaryImageOfPage":{"@id":"https:\/\/www.jazzzeitung.de\/cms\/2025\/03\/andreas-schaerer-anthem-for-no-mans-land\/#primaryimage"},"image":{"@id":"https:\/\/www.jazzzeitung.de\/cms\/2025\/03\/andreas-schaerer-anthem-for-no-mans-land\/#primaryimage"},"thumbnailUrl":"https:\/\/i0.wp.com\/www.jazzzeitung.de\/cms\/wp-content\/uploads\/2025\/03\/Andreas-Schaerer-%E2%94%AC%C2%AE-rwfischer_photography.jpg?fit=709%2C532&ssl=1","datePublished":"2025-03-07T09:18:36+00:00","dateModified":"2025-03-10T08:19:36+00:00","breadcrumb":{"@id":"https:\/\/www.jazzzeitung.de\/cms\/2025\/03\/andreas-schaerer-anthem-for-no-mans-land\/#breadcrumb"},"inLanguage":"de","potentialAction":[{"@type":"ReadAction","target":["https:\/\/www.jazzzeitung.de\/cms\/2025\/03\/andreas-schaerer-anthem-for-no-mans-land\/"]}]},{"@type":"ImageObject","inLanguage":"de","@id":"https:\/\/www.jazzzeitung.de\/cms\/2025\/03\/andreas-schaerer-anthem-for-no-mans-land\/#primaryimage","url":"https:\/\/i0.wp.com\/www.jazzzeitung.de\/cms\/wp-content\/uploads\/2025\/03\/Andreas-Schaerer-%E2%94%AC%C2%AE-rwfischer_photography.jpg?fit=709%2C532&ssl=1","contentUrl":"https:\/\/i0.wp.com\/www.jazzzeitung.de\/cms\/wp-content\/uploads\/2025\/03\/Andreas-Schaerer-%E2%94%AC%C2%AE-rwfischer_photography.jpg?fit=709%2C532&ssl=1","width":709,"height":532},{"@type":"BreadcrumbList","@id":"https:\/\/www.jazzzeitung.de\/cms\/2025\/03\/andreas-schaerer-anthem-for-no-mans-land\/#breadcrumb","itemListElement":[{"@type":"ListItem","position":1,"name":"Startseite","item":"https:\/\/www.jazzzeitung.de\/cms\/"},{"@type":"ListItem","position":2,"name":"Andreas Schaerer: Anthem For No Man\u2019s Land"}]},{"@type":"WebSite","@id":"https:\/\/www.jazzzeitung.de\/cms\/#website","url":"https:\/\/www.jazzzeitung.de\/cms\/","name":"JazzZeitung","description":"Jazz-News und Jazz-Kontroverses","publisher":{"@id":"https:\/\/www.jazzzeitung.de\/cms\/#organization"},"potentialAction":[{"@type":"SearchAction","target":{"@type":"EntryPoint","urlTemplate":"https:\/\/www.jazzzeitung.de\/cms\/?s={search_term_string}"},"query-input":{"@type":"PropertyValueSpecification","valueRequired":true,"valueName":"search_term_string"}}],"inLanguage":"de"},{"@type":"Organization","@id":"https:\/\/www.jazzzeitung.de\/cms\/#organization","name":"JazzZeitung online","url":"https:\/\/www.jazzzeitung.de\/cms\/","logo":{"@type":"ImageObject","inLanguage":"de","@id":"https:\/\/www.jazzzeitung.de\/cms\/#\/schema\/logo\/image\/","url":"https:\/\/i0.wp.com\/www.jazzzeitung.de\/cms\/wp-content\/uploads\/2015\/08\/JAZZZEITUNGDE_Logo_Neu.png?fit=499%2C200&ssl=1","contentUrl":"https:\/\/i0.wp.com\/www.jazzzeitung.de\/cms\/wp-content\/uploads\/2015\/08\/JAZZZEITUNGDE_Logo_Neu.png?fit=499%2C200&ssl=1","width":499,"height":200,"caption":"JazzZeitung online"},"image":{"@id":"https:\/\/www.jazzzeitung.de\/cms\/#\/schema\/logo\/image\/"},"sameAs":["https:\/\/www.facebook.com\/JazzZeitung\/"]},{"@type":"Person","@id":"https:\/\/www.jazzzeitung.de\/cms\/#\/schema\/person\/2245b36b9cd1d24cea10f01c031fb92b","name":"Redaktion JazzZeitung","image":{"@type":"ImageObject","inLanguage":"de","@id":"https:\/\/i0.wp.com\/www.jazzzeitung.de\/cms\/wp-content\/uploads\/2015\/08\/JAZZZEITUNGDE_Logo_Neu.png?resize=96%2C96&ssl=159975dcacb611b5700bd619b5daf0a7a","url":"https:\/\/i0.wp.com\/www.jazzzeitung.de\/cms\/wp-content\/uploads\/2015\/08\/JAZZZEITUNGDE_Logo_Neu.png?resize=96%2C96&ssl=1","contentUrl":"https:\/\/i0.wp.com\/www.jazzzeitung.de\/cms\/wp-content\/uploads\/2015\/08\/JAZZZEITUNGDE_Logo_Neu.png?resize=96%2C96&ssl=1","caption":"Redaktion JazzZeitung"},"description":"Artikel der Redaktion der JazzZeitung.","sameAs":["http:\/\/www.jazzzeitung.de\/cms\/"],"url":"https:\/\/www.jazzzeitung.de\/cms\/author\/redaktion\/"}]}},"wp-worthy-pixel":{"ignored":false,"public":null,"server":null,"url":null},"wp-worthy-type":"normal","jetpack_publicize_connections":[],"cc_featured_image_caption":{"caption_text":"","source_text":"","source_url":""},"jetpack_featured_media_url":"https:\/\/i0.wp.com\/www.jazzzeitung.de\/cms\/wp-content\/uploads\/2025\/03\/Andreas-Schaerer-%E2%94%AC%C2%AE-rwfischer_photography.jpg?fit=709%2C532&ssl=1","jetpack_shortlink":"https:\/\/wp.me\/p3KEcT-8p6","jetpack-related-posts":[{"id":5843,"url":"https:\/\/www.jazzzeitung.de\/cms\/2015\/03\/verrueckt-vor-musik-andreas-schaerer-und-das-arte-quartett-mit-perpetual-delirium\/","url_meta":{"origin":32308,"position":0},"title":"Verr\u00fcckt vor Musik: Andreas Schaerer und das Arte Quartett mit &#8222;Perpetual Delirium&#8220;","author":"Redaktion JazzZeitung","date":"31. M\u00e4rz 2015","format":false,"excerpt":"Seit 20 Jahren bereichert das Arte Quartett die Saxophonliteratur durch aufregende, neue Werke. Wie ein Streichquartett ist auch ein Saxophonquartett ein eingespielter Organismus. Damit dieser Organismus nicht hermetisch wird, sondern stets in Beziehung zur musikalischen Au\u00dfenwelt treten kann, initiieren die Ensemblemitglieder Beat Hofstetter, Sascha Armbruster,\u00a0 Andrea Formenti und Beat Kappeler\u2026","rel":"","context":"In &quot;Rezension&quot;","block_context":{"text":"Rezension","link":"https:\/\/www.jazzzeitung.de\/cms\/thema\/rezension\/"},"img":{"alt_text":"Andreas Schaerer Meets Arte Quartett & Wolfgang Zwiauer: Perpetual Delirium, BMC CD 214","src":"https:\/\/i0.wp.com\/www.jazzzeitung.de\/cms\/wp-content\/uploads\/2015\/03\/ArteQuartettSchaerer.jpg?fit=1200%2C1056&ssl=1&resize=350%2C200","width":350,"height":200,"srcset":"https:\/\/i0.wp.com\/www.jazzzeitung.de\/cms\/wp-content\/uploads\/2015\/03\/ArteQuartettSchaerer.jpg?fit=1200%2C1056&ssl=1&resize=350%2C200 1x, https:\/\/i0.wp.com\/www.jazzzeitung.de\/cms\/wp-content\/uploads\/2015\/03\/ArteQuartettSchaerer.jpg?fit=1200%2C1056&ssl=1&resize=525%2C300 1.5x, https:\/\/i0.wp.com\/www.jazzzeitung.de\/cms\/wp-content\/uploads\/2015\/03\/ArteQuartettSchaerer.jpg?fit=1200%2C1056&ssl=1&resize=700%2C400 2x, https:\/\/i0.wp.com\/www.jazzzeitung.de\/cms\/wp-content\/uploads\/2015\/03\/ArteQuartettSchaerer.jpg?fit=1200%2C1056&ssl=1&resize=1050%2C600 3x"},"classes":[]},{"id":29037,"url":"https:\/\/www.jazzzeitung.de\/cms\/2023\/01\/ein-festival-das-lange-nachglitzert\/","url_meta":{"origin":32308,"position":1},"title":"Ein Festival, das lange nachglitzert","author":"Andreas Kolb","date":"31. Januar 2023","format":false,"excerpt":"Egal ob Archie Shepp im Teatro del Giglio in Lucca in den 80ern, Johannes Faber und Freunde im M\u00fcnchner Theater am G\u00e4rtnerplatz in den 90ern oder das neue Jazzfestival \u201eSparks & Visions\u201c im Regensburger Stadttheater heute: Jazzmusik im Ambiente eines klassizistischen Theaters ist und bleibt etwas Besonderes. Das beginnt damit,\u2026","rel":"","context":"In &quot;Bericht&quot;","block_context":{"text":"Bericht","link":"https:\/\/www.jazzzeitung.de\/cms\/thema\/bericht\/"},"img":{"alt_text":"","src":"https:\/\/i0.wp.com\/www.jazzzeitung.de\/cms\/wp-content\/uploads\/2023\/01\/DSC_2434-min.jpg?fit=1200%2C800&ssl=1&resize=350%2C200","width":350,"height":200,"srcset":"https:\/\/i0.wp.com\/www.jazzzeitung.de\/cms\/wp-content\/uploads\/2023\/01\/DSC_2434-min.jpg?fit=1200%2C800&ssl=1&resize=350%2C200 1x, https:\/\/i0.wp.com\/www.jazzzeitung.de\/cms\/wp-content\/uploads\/2023\/01\/DSC_2434-min.jpg?fit=1200%2C800&ssl=1&resize=525%2C300 1.5x, https:\/\/i0.wp.com\/www.jazzzeitung.de\/cms\/wp-content\/uploads\/2023\/01\/DSC_2434-min.jpg?fit=1200%2C800&ssl=1&resize=700%2C400 2x, https:\/\/i0.wp.com\/www.jazzzeitung.de\/cms\/wp-content\/uploads\/2023\/01\/DSC_2434-min.jpg?fit=1200%2C800&ssl=1&resize=1050%2C600 3x"},"classes":[]},{"id":11097,"url":"https:\/\/www.jazzzeitung.de\/cms\/2016\/11\/mit-richtigem-dreh-junge-leute-erreicht\/","url_meta":{"origin":32308,"position":2},"title":"Mit richtigem Dreh junge Leute erreicht","author":"Redaktion JazzZeitung","date":"26. November 2016","format":false,"excerpt":"Mit Nuejazz\/ hat N\u00fcrnberg endlich wieder ein internationales Jazzfestival, das vom engagierten Jazzmusiker-Verein veranstaltet wird Von Michael Scheiner \u2013 Noch w\u00e4hrend Avishai Cohen seinen Bass auf den B\u00fchnenboden ablegen will, reisst es die ersten Zuh\u00f6rer f\u00f6rmlich aus ihren Sitzen. Sekunden sp\u00e4ter steht das gesamte Auditorium in der Staatsoper N\u00fcrnberg und\u2026","rel":"","context":"In &quot;Bericht&quot;","block_context":{"text":"Bericht","link":"https:\/\/www.jazzzeitung.de\/cms\/thema\/bericht\/"},"img":{"alt_text":"","src":"https:\/\/i0.wp.com\/www.jazzzeitung.de\/cms\/wp-content\/uploads\/2016\/11\/image005.jpg?resize=350%2C200","width":350,"height":200,"srcset":"https:\/\/i0.wp.com\/www.jazzzeitung.de\/cms\/wp-content\/uploads\/2016\/11\/image005.jpg?resize=350%2C200 1x, https:\/\/i0.wp.com\/www.jazzzeitung.de\/cms\/wp-content\/uploads\/2016\/11\/image005.jpg?resize=525%2C300 1.5x, https:\/\/i0.wp.com\/www.jazzzeitung.de\/cms\/wp-content\/uploads\/2016\/11\/image005.jpg?resize=700%2C400 2x"},"classes":[]},{"id":6140,"url":"https:\/\/www.jazzzeitung.de\/cms\/2015\/05\/film-und-konzert-der-jazz-film-saslonch-suite-auf-dem-30-internationalen-dokumentarfilmfestival-muenchen\/","url_meta":{"origin":32308,"position":3},"title":"Film und Konzert: Der Jazz-Film &#8222;Saslonch-Suite&#8220; auf dem 30. Internationalen Dokumentarfilmfestival M\u00fcnchen","author":"Redaktion JazzZeitung","date":"12. Mai 2015","format":false,"excerpt":"Was passiert, wenn Extremsportler mit Jazzmusikern an einer Felswand in Dialog treten? Andreas Pichler dokumentiert mit seiner Doku \"Saslonch Suite\" das Projekt des S\u00fcdtiroler Jazzfestivals Alto Adige, bei dem Kletterer und Highliner zu experimentellen Sounds ihre ganz eigenen Rhythmen finden. Konzert \"The Climbers\" Schaerer \u2013 Niggli \u2013 Kalima Nach dem\u2026","rel":"","context":"In &quot;News&quot;","block_context":{"text":"News","link":"https:\/\/www.jazzzeitung.de\/cms\/thema\/nachrichten\/"},"img":{"alt_text":"Saslonch Suite. Foto: Echo Film ","src":"https:\/\/i0.wp.com\/www.jazzzeitung.de\/cms\/wp-content\/uploads\/2015\/05\/Saslonch-Suite-c-Echo-Film-6-150x150.jpg?resize=350%2C200","width":350,"height":200},"classes":[]},{"id":15952,"url":"https:\/\/www.jazzzeitung.de\/cms\/2018\/05\/zum-12-mal-heisst-es-in-germering-bei-muenchen-jazz-it\/","url_meta":{"origin":32308,"position":4},"title":"+++News+++Vielfalt bei der &#8222;JAZZ it!&#8220; in Germering bei M\u00fcnchen+++Neues vom Jazzpool L\u00fcbeck e.V.+++","author":"Redaktion JazzZeitung","date":"8. Mai 2018","format":false,"excerpt":"12. JAZZ it! in Germering bei M\u00fcnchen Dieses Jahr findet die \u201eJAZZ it!\u201c-Reihe in Germering unter dem Motto der Vielfalt statt. Durch die Internationalit\u00e4t der Musiker, welche zum Teil aus Frankreich, Gro\u00dfbritannien, den Niederlanden, der Schweiz, den USA, aus Kuba und Indien kommen, bekommt das \u201eJAZZ it!\u201c in diesem Jahr\u2026","rel":"","context":"In &quot;News&quot;","block_context":{"text":"News","link":"https:\/\/www.jazzzeitung.de\/cms\/thema\/nachrichten\/"},"img":{"alt_text":"","src":"https:\/\/i0.wp.com\/www.jazzzeitung.de\/cms\/wp-content\/uploads\/2018\/05\/velvet-revolution_1.jpg?fit=1200%2C802&ssl=1&resize=350%2C200","width":350,"height":200,"srcset":"https:\/\/i0.wp.com\/www.jazzzeitung.de\/cms\/wp-content\/uploads\/2018\/05\/velvet-revolution_1.jpg?fit=1200%2C802&ssl=1&resize=350%2C200 1x, https:\/\/i0.wp.com\/www.jazzzeitung.de\/cms\/wp-content\/uploads\/2018\/05\/velvet-revolution_1.jpg?fit=1200%2C802&ssl=1&resize=525%2C300 1.5x, https:\/\/i0.wp.com\/www.jazzzeitung.de\/cms\/wp-content\/uploads\/2018\/05\/velvet-revolution_1.jpg?fit=1200%2C802&ssl=1&resize=700%2C400 2x, https:\/\/i0.wp.com\/www.jazzzeitung.de\/cms\/wp-content\/uploads\/2018\/05\/velvet-revolution_1.jpg?fit=1200%2C802&ssl=1&resize=1050%2C600 3x"},"classes":[]},{"id":17256,"url":"https:\/\/www.jazzzeitung.de\/cms\/2018\/09\/news-burghausen-groovt-sich-auf-jubilaeumswoche-ein-jazz-bei-den-thueringer-achava-festspielen\/","url_meta":{"origin":32308,"position":5},"title":"+++ News +++ Burghausen groovt sich auf Jubil\u00e4umswoche ein +++ Jazz bei den Th\u00fcringer ACHAVA-Festspielen +++","author":"Redaktion JazzZeitung","date":"18. September 2018","format":false,"excerpt":"+++ Burghausen groovt sich auf Jubil\u00e4umswoche ein +++ Der Countdown zur 50. Jazzwoche in Burghausen Ende M\u00e4rz 2019 l\u00e4uft - zur Einstimmung l\u00e4dt die Interessensgemeinschaft Jazz e.V. bereits an den Wochenenden vom 6. Oktober 2018 bis zum 13. Januar 2019 zu zahlreichen Konzerten in die oberbayerische Gemeinde. Dabei setzen die\u2026","rel":"","context":"In &quot;News&quot;","block_context":{"text":"News","link":"https:\/\/www.jazzzeitung.de\/cms\/thema\/nachrichten\/"},"img":{"alt_text":"","src":"https:\/\/i0.wp.com\/www.jazzzeitung.de\/cms\/wp-content\/uploads\/2018\/09\/Hugh-Coltman-11-copie_kl.jpg?fit=1200%2C800&ssl=1&resize=350%2C200","width":350,"height":200,"srcset":"https:\/\/i0.wp.com\/www.jazzzeitung.de\/cms\/wp-content\/uploads\/2018\/09\/Hugh-Coltman-11-copie_kl.jpg?fit=1200%2C800&ssl=1&resize=350%2C200 1x, https:\/\/i0.wp.com\/www.jazzzeitung.de\/cms\/wp-content\/uploads\/2018\/09\/Hugh-Coltman-11-copie_kl.jpg?fit=1200%2C800&ssl=1&resize=525%2C300 1.5x, https:\/\/i0.wp.com\/www.jazzzeitung.de\/cms\/wp-content\/uploads\/2018\/09\/Hugh-Coltman-11-copie_kl.jpg?fit=1200%2C800&ssl=1&resize=700%2C400 2x, https:\/\/i0.wp.com\/www.jazzzeitung.de\/cms\/wp-content\/uploads\/2018\/09\/Hugh-Coltman-11-copie_kl.jpg?fit=1200%2C800&ssl=1&resize=1050%2C600 3x"},"classes":[]}],"jetpack_sharing_enabled":true,"_links":{"self":[{"href":"https:\/\/www.jazzzeitung.de\/cms\/wp-json\/wp\/v2\/posts\/32308","targetHints":{"allow":["GET"]}}],"collection":[{"href":"https:\/\/www.jazzzeitung.de\/cms\/wp-json\/wp\/v2\/posts"}],"about":[{"href":"https:\/\/www.jazzzeitung.de\/cms\/wp-json\/wp\/v2\/types\/post"}],"author":[{"embeddable":true,"href":"https:\/\/www.jazzzeitung.de\/cms\/wp-json\/wp\/v2\/users\/18"}],"replies":[{"embeddable":true,"href":"https:\/\/www.jazzzeitung.de\/cms\/wp-json\/wp\/v2\/comments?post=32308"}],"version-history":[{"count":3,"href":"https:\/\/www.jazzzeitung.de\/cms\/wp-json\/wp\/v2\/posts\/32308\/revisions"}],"predecessor-version":[{"id":32322,"href":"https:\/\/www.jazzzeitung.de\/cms\/wp-json\/wp\/v2\/posts\/32308\/revisions\/32322"}],"wp:featuredmedia":[{"embeddable":true,"href":"https:\/\/www.jazzzeitung.de\/cms\/wp-json\/wp\/v2\/media\/32310"}],"wp:attachment":[{"href":"https:\/\/www.jazzzeitung.de\/cms\/wp-json\/wp\/v2\/media?parent=32308"}],"wp:term":[{"taxonomy":"category","embeddable":true,"href":"https:\/\/www.jazzzeitung.de\/cms\/wp-json\/wp\/v2\/categories?post=32308"},{"taxonomy":"post_tag","embeddable":true,"href":"https:\/\/www.jazzzeitung.de\/cms\/wp-json\/wp\/v2\/tags?post=32308"},{"taxonomy":"author","embeddable":true,"href":"https:\/\/www.jazzzeitung.de\/cms\/wp-json\/wp\/v2\/coauthors?post=32308"}],"curies":[{"name":"wp","href":"https:\/\/api.w.org\/{rel}","templated":true}]}}