{"id":32301,"date":"2025-03-09T13:00:15","date_gmt":"2025-03-09T12:00:15","guid":{"rendered":"https:\/\/www.jazzzeitung.de\/cms\/?p=32301"},"modified":"2025-03-09T16:57:14","modified_gmt":"2025-03-09T15:57:14","slug":"die-eingeschmolzene-jazz-radiowoche-vom-11-03-2025-bis-16-03-2025","status":"publish","type":"post","link":"https:\/\/www.jazzzeitung.de\/cms\/2025\/03\/die-eingeschmolzene-jazz-radiowoche-vom-11-03-2025-bis-16-03-2025\/","title":{"rendered":"Die eingeschmolzene Jazz-Radiowoche vom 10.03.2025 bis 16.03.2025"},"content":{"rendered":"<p class=\"western\"><a name=\"_Hlk71805784\"><\/a>\u00dcbersicht zum <span style=\"color: #0563c1;\"><u><a href=\"https:\/\/service.conbrio.de\/service\/download\/278\/\">Download als PDF<\/a><\/u><\/span><span style=\"text-decoration: line-through;\">.<\/span> Alle Angaben ohne Gew\u00e4hr. Erg\u00e4nzt mit den tollen Sendungen zur Neuen Musik von BR-KLASSIK und \u00d61.<\/p>\n<p class=\"western\">Leider hat die ARD ihre Suchmaschine in Fragen Radio in der Zwischenzeit komplett geschreddert, nachdem sie in den vergangenen Jahren schon nicht mehr \u00fcber Schlagworte funktioniert hat. Damit sind wir nun komplett auf Zulieferungen der Sendeanstalten angewiesen. Aktuell bekommen wir Informationen von SWR Kultur, \u00d61 und in Sachen Neue Musik von BR-KLASSIK und ebenfalls \u00d61.<\/p>\n<h2 class=\"western\"><a name=\"__RefHeading___Toc532_2049876245\"><\/a><a name=\"_Toc183595478\"><\/a><a name=\"_Toc184290543\"><\/a><a name=\"_Toc185409041\"><\/a><a name=\"_Toc186792938\"><\/a><a name=\"_Toc187143015\"><\/a><a name=\"_Toc188530705\"><\/a><a name=\"_Toc188957623\"><\/a><a name=\"_Toc189813526\"><\/a><a name=\"_Toc189815284\"><\/a><a name=\"_Toc190257440\"><\/a><a name=\"_Toc174527976\"><\/a><a name=\"_Toc175140589\"><\/a><a name=\"_Toc176424572\"><\/a> Senderliste:<\/h2>\n<ul>\n<li><span style=\"color: #0563c1;\"><u><a href=\"https:\/\/oe1.orf.at\/\">ORF \u2013 \u00d61<\/a><\/u><\/span><\/li>\n<li><span style=\"color: #0563c1;\"><u><a href=\"https:\/\/www.deutschlandradio.de\/\">Deutschlandfunk<\/a><\/u><\/span> \u2013 \u201eFakten und mehr\u201c<\/li>\n<li><span style=\"color: #0563c1;\"><u><a href=\"https:\/\/www.deutschlandfunkkultur.de\/\">Deutschlandfunk-Kultur<\/a><\/u><\/span> \u2013 \u201eDas Feuilleton im Radio\u201c<\/li>\n<li><span style=\"color: #0563c1;\"><u><a href=\"https:\/\/www.ndr.de\/ndrkultur\/\">ndr Kultur<\/a><\/u><\/span> \u2013 H\u00f6ren und genie\u00dfen<\/li>\n<li><span style=\"color: #0563c1;\"><u><a href=\"https:\/\/www.ndr.de\/ndrblue\/index.html\"><span lang=\"en-US\">ndr blue<\/span><\/a><\/u><\/span><span lang=\"en-US\"> \u2013 Meet The Music<\/span><\/li>\n<li><span style=\"color: #0563c1;\"><u><a href=\"https:\/\/www.bremenzwei.de\/\">radio bremen<\/a><\/u><\/span> \u2013 Neugier lohnt sich.<\/li>\n<li><span style=\"color: #0563c1;\"><u><a href=\"https:\/\/www.radiodrei.de\/\">Radio 3<\/a><\/u><\/span> \u2013<\/li>\n<li><span style=\"color: #0563c1;\"><u><a href=\"https:\/\/www.mdr.de\/kultur\/radio\/index.html\">mdr-kultur<\/a><\/u><\/span> \u2013 Das Radio.<\/li>\n<li><span style=\"color: #0563c1;\"><u><a href=\"https:\/\/www1.wdr.de\/radio\/wdr3\/\">Wdr3<\/a><\/u><\/span> \u2013 Das Kulturradio<\/li>\n<li><span style=\"color: #0563c1;\"><u><a href=\"https:\/\/www.hr2.de\/index.html\">hr2-kultur<\/a><\/u><\/span> \u2013 Das Kulturradio f\u00fcr Hessen.<\/li>\n<li><span style=\"color: #0563c1;\"><u><a href=\"https:\/\/www.sr.de\/sr\/sr2\/index.html\">Sr2 Kulturradio<\/a><\/u><\/span> \u2013 \u2026 gut zu h\u00f6ren.<\/li>\n<li><span style=\"color: #0563c1;\"><u><a href=\"https:\/\/www.swr.de\/swr2\/\">Swr <\/a>kultur<\/u><\/span> \u2013 Kultur neu entdecken<\/li>\n<li><span style=\"color: #0563c1;\"><u><a href=\"https:\/\/www.br.de\/radio\/br-klassik\/index.html\">BR-KLASSIK<\/a><\/u><\/span> \u2013 Klassikstars geben auf BR-KLASSIK den Ton an. Attraktive Magazine bringen Interviews und Neuigkeiten aus dem Musikleben.<\/li>\n<li><span style=\"color: #0563c1;\"><u><a href=\"https:\/\/www.br.de\/radio\/bayern2\/index.html\">Bayern 2<\/a><\/u><\/span> \u2013 Preisgekr\u00f6ntes Radio f\u00fcr H\u00f6rer, die mehr wissen wollen<\/li>\n<\/ul>\n<h2 class=\"western\"><a name=\"__RefHeading___Toc534_2049876245\"><\/a><a name=\"_Toc175140590\"><\/a><a name=\"_Toc176424573\"><\/a><a name=\"_Toc183595479\"><\/a><a name=\"_Toc184290544\"><\/a><a name=\"_Toc185409042\"><\/a><a name=\"_Toc186792939\"><\/a><a name=\"_Toc187143016\"><\/a><a name=\"_Toc188530706\"><\/a><a name=\"_Toc188957624\"><\/a><a name=\"_Toc189813527\"><\/a><a name=\"_Toc189815285\"><\/a><a name=\"_Toc190257441\"><\/a> Internet:<\/h2>\n<ul>\n<li>Schweden: <span style=\"color: #0563c1;\"><u><a href=\"https:\/\/sverigesradio.se\/tabla.aspx?programid=2562\">P2<\/a><\/u><\/span> sendet immer Dienstags von 21:00 bis 22:00 und Sonntags von 18:40 bis 20:00 ein Jazzkonzert<\/li>\n<li>Ungarn: <span style=\"color: #0563c1;\"><u><a href=\"https:\/\/mediaklikk.hu\/bartok\/\">Bartok Radio<\/a><\/u><\/span> sendet t\u00e4glich von 23:00 bis 23:55 eine Jazzsendung<\/li>\n<\/ul>\n<hr \/>\n<h2 class=\"western\"><a name=\"__RefHeading___Toc2547_3571077932\"><\/a> mo &#8211; 10.03.2025<\/h2>\n<hr \/>\n<p class=\"western\">17:30:00 +++ \u00d61<br \/>\n<b>Musik aus allen Richtungen mit Astrid Schwarz und Rainer Elstner.<\/b><\/p>\n<p class=\"western\">19:30:00 +++ \u00d61<br \/>\n<b>Akkordeonistin und S\u00e4ngerin Maria Kalaniemi solo im J\u00e4nner 2025 im Treibhaus, Innsbruck<\/b><\/p>\n<p class=\"western\" style=\"padding-left: 40px;\">Als \u201eBellow Poetry\u201c (\u201ePoesie des Blasebalgs\u201c) k\u00fcndigte Maria Kalaniemi selbst augenzwinkernd den Inhalt ihres Solokonzerts am 13. J\u00e4nner 2025 auf der B\u00fchne des Innsbrucker Treibhauses an, nach dem Titel ihres ersten Soloalbums von 2006. Mit Blasebalg ist nat\u00fcrlich das Akkordeon gemeint, dem die 60- j\u00e4hrige Finnin, Protagonistin der nordeurop\u00e4ischen Folk-Szene, in den vergangenen 30 Jahren auf neue Weise Geh\u00f6r verschafft hat. Auf poesievolle, filigrane, sanfte Art und Weise, wie sie im Treibhaus unter Beweis stellte: Kalaniemi intonierte finnische und schwedische Volkslieder und Eigenkompositionen voll lyrischer, meditativer Kraft. Und eine gewisse schwerm\u00fctige Nachdenklichkeit, die haftete auch den tanzartig beschwingteren St\u00fccken an &#8211; naturgem\u00e4\u00df durften Walzer und finnische Tangos wie \u201eUnder fullm\u00e5nen\u201c und \u201eSatumaa\u201c nicht fehlen. \u00dcber den zarten, vielschichtigen Akkordeonkl\u00e4ngen schwebte zudem immer wieder Kalaniemis m\u00e4dchenhafte Stimme, schlicht und klar.<\/p>\n<p class=\"western\" style=\"padding-left: 40px;\">Das Publikum im Treibhaus, diesem zentralen, seit mehr als vier Dekaden von Norbert Pleifer geleiteten Tiroler Kulturnahversorger, reagierte auf diese ber\u00fchrende musikalische S\u00e9ance mit Enthusiasmus und erklatschte drei Zugaben.<\/p>\n<p class=\"western\">22:03 \u2013 23:00 UHR +++ SWR KULTUR<br \/>\n<b>ARD Jazz. Spotlight: Simon Oslender mit Allstar-Band in K\u00f6ln<\/b><\/p>\n<p class=\"western\" style=\"padding-left: 40px;\">Von Carlotta R\u00f6lleke. Der junge Hammond-Orgel-Spieler ist in K\u00f6ln zusammen mit Schlagzeug-Gigant Steve Gadd und Bass-Virtuose Will Lee aufgetreten. Gemeinsam mit Bruno M\u00fcller (Gitarre) und dem Saxofon-Talent Jakob Manz pr\u00e4sentierten die Musiker in der K\u00f6lner Musikhochschule Oslenders neue Kompositionen und einen ekstatischen Mix aus R&amp;B, Blues, Soul, Gospel und Funk<\/p>\n<p class=\"western\">23:03 bis 24:00 +++ \u00d61<br \/>\n<b>Neue musikalische Splitter beim Eclat-Festival \u2013 Highlights aus 16 Konzerten mit 25 Urauff\u00fchrungen (1)<\/b><\/p>\n<p class=\"western\" style=\"padding-left: 40px;\">Das Eclat-Festival in Stuttgart sieht sich als wichtiger Anker der freien Szene \u2013 neben den gro\u00dfen Rundfunk-basierten europ\u00e4ischen Festivals f\u00fcr zeitgen\u00f6ssische Musik. Im Februar dieses Jahres gab es in 16 Konzerten 25 Urauff\u00fchrungen zu erleben. Wir bringen Highlights des Festivals, das heuer vom Klangforum Wien und den Neuen Vocalsolisten mit einem neuen Werk von Alex Paxton er\u00f6ffnet worden ist. (Dieses Werk sendet \u00d61 in der Aufzeichnung der \u00f6sterreichischen Erstauff\u00fchrung am Sonntag, 6. April 2025 in \u201eSupernova\u201c). Zudem sangen die Vocalsolisten in Stuttgart u.a. die Urauff\u00fchrung eines neuen Werkes von Bernhard Lang.<\/p>\n<p class=\"western\" style=\"padding-left: 40px;\">Der Name des 1980 gegr\u00fcndeten Festivals steht nicht f\u00fcr Skandale, sondern bezieht sich auf das franz\u00f6sische Wort \u201e\u00c9clat\u201c und dessen Bedeutungen wie \u201eAufschein\u201c \u201eGlanz\u201c, \u201eSplitter\u201c und \u201eKnall\u201c. Begonnen hat man als \u201eTage f\u00fcr Neue Musik\u201c, 1989 fusionierte man mit der Institution Musik der Jahrhunderte. Seit 2014 ist Christine Fischer k\u00fcnstlerische Leiterin von Eclat (sie ist zugleich Intendantin von Musik der Jahrhunderte und Managerin der Neuen Vocalsolisten Stuttgart). Gestaltung: Rainer Elstner<\/p>\n<hr \/>\n<h2 class=\"western\"><a name=\"__RefHeading___Toc2549_3571077932\"><\/a>di &#8211; 11.03.2025<\/h2>\n<hr \/>\n<p class=\"western\">17:30:00 +++ \u00d61<br \/>\n<b>Musik aus allen Richtungen mit Albert Hosp <\/b><\/p>\n<p class=\"western\">20:03 bis 22:00 +++ BR-KLASSIK<br \/>\n<b>Horizonte: Wilfried Hiller: \u201eApokalypse \u2013 Eine Enth\u00fcllung\u201c<\/b><\/p>\n<p class=\"western\" style=\"padding-left: 40px;\">Der Komponist Wilfried Hiller und der Theologe und Librettist Stefan Ark Nitsche haben bereits mehrere sprachlich wie musikalisch h\u00f6chst ausdrucksstarke Oratorien geschaffen. Als \u201eGegenst\u00fcck\u201c zur monumentalen \u201eSch\u00f6pfung\u201c aus dem Jahr 2016 entstand im vergangenen Jahr \u201eApokalypse &#8211; Eine Enth\u00fcllung\u201c, uraufgef\u00fchrt am 2. Juli 2024 beim Musikfest ION in der N\u00fcrnberger Sebalduskirche. Der bilder- und klangreiche Blick auf das Ende der Tage thematisiert unseren Umgang mit der Sch\u00f6pfung, die wir missachten und missbrauchen, bis die Katastrophe droht. Hillers Musik erz\u00e4hlt von der Verantwortung des Menschen, von seinen Hoffnungen und Ahnungen. Die f\u00fcnf S\u00e4nger der \u201eSingphoniker\u201c treffen in der Klangszenerie auf das japanische Schlagwerk des Ensembles \u201eDrumaturgia\u201c, diverse Instrumente und die Sopranistin Anna-Lena Elbert, die mit ihren Koloraturen die Stimme Gottes verk\u00f6rpert. Johannes Euler singt die Figur des Sehers Johannes von Patmos. Aufnahme vom 2. Juli 2024 im Rahmen des Musikfest ION in St. Sebald, N\u00fcrnberg<\/p>\n<p class=\"western\">23:03 bis 24:00 +++ \u00d61<br \/>\n<b>Engin Da\u011fl\u0131ks Reise durch den Klang \u2013 musikprotokoll 2024. Klavier, Donnerblech und Angelschn\u00fcre, gespielt von Carolina Santiago Martinez<\/b><\/p>\n<p class=\"western\" style=\"padding-left: 40px;\">Inspiriert von Aloysius Bertrands \u201eGaspard de la nuit\u201c f\u00e4ngt Engin Da\u011fl\u0131ks \u201ea light stung the darkness I\u201c den fl\u00fcchtigen Moment ein, in dem eine Idee die Leere durchdringt und sie in pl\u00f6tzliches Licht taucht. Dieses St\u00fcck entf\u00fchrt die Zuh\u00f6rer:in in eine kunstvoll gewobene auditive und visuelle Landschaft, in der Klang, Licht und Raum zu einem immersiven Erlebnis verschmelzen. Im Mittelpunkt der Komposition stehen ein Klavier, ein Donnerblech und sechs Angelschn\u00fcre, die die Klaviersaiten mit dem Donnerblech verbinden. Diese unkonventionelle Anordnung pr\u00e4gt nicht nur die Klanglandschaft, sondern bestimmt auch die Interaktion des Interpreten, was zu einem dynamischen Zusammenspiel von Bewegung und Musik f\u00fchrt.<\/p>\n<p class=\"western\" style=\"padding-left: 40px;\">Die Zuh\u00f6rer tauchen in einen sorgf\u00e4ltig ausgearbeiteten Klangteppich ein, in dem jede Note und jeder Umgebungsklang bewusst positioniert ist, um die tiefgreifende Beziehung zwischen R\u00e4umlichkeit und Akustik zu erforschen. Die Reise durch \u201ea light stung the darkness I\u201c ist nicht nur eine Reise durch den Klang, sondern auch durch die r\u00e4umliche Wahrnehmung, die sich von Moment zu Moment weiterentwickelt. W\u00e4hrend das Licht die Dunkelheit durchbricht, umrei\u00dft der Klang den Raum und unterstreicht die F\u00e4higkeit der Musik, die verborgenen Dimensionen unserer Vorstellungskraft zu transformieren, zu transportieren und zu enth\u00fcllen.<\/p>\n<p class=\"western\" style=\"padding-left: 40px;\">Eine Wiedergabe der \u00d6sterreichischen Erstauff\u00fchrung von \u201ea light stung the darkness I\u201c beim ORF-musikprotokoll am 5. Oktober 2024 im Foyer der Helmut List Halle mit der Pianistin Carolina Santiago Martinez. Gestaltung: Marie-Therese Rudolph<\/p>\n<hr \/>\n<h2 class=\"western\"><a name=\"__RefHeading___Toc2551_3571077932\"><\/a>mi &#8211; 12.03.2025<\/h2>\n<hr \/>\n<p class=\"western\">17:30:00 +++ \u00d61<br \/>\n<b>Musik aus allen Richtungen mit Ulla Pilz und Michael Neuhauser.<\/b><\/p>\n<p class=\"western\">22:03 \u2013 23:00 UHR +++ SWR KULTUR<br \/>\n<b>ARD Jazz. Das Magazin<\/b><\/p>\n<p class=\"western\" style=\"padding-left: 40px;\">Von Ulrich Habersetzer. Das w\u00f6chentliche Jazz-Update, pr\u00e4sentiert von Eurer ARD: au\u00dfergew\u00f6hnliche Ver\u00f6ffentlichungen, relevante Ereignisse und aktuelle Debatten. Wir diskutieren Jazz in allen seinen Facetten und suchen auch deutschlandweit die Orte auf, an denen er zu Hause ist. Nicht verpassen!<\/p>\n<figure id=\"attachment_32302\" aria-describedby=\"caption-attachment-32302\" style=\"width: 541px\" class=\"wp-caption aligncenter\"><a href=\"https:\/\/i0.wp.com\/www.jazzzeitung.de\/cms\/wp-content\/uploads\/2025\/03\/im-blaetterrausch.jpg?ssl=1\"><img data-recalc-dims=\"1\" loading=\"lazy\" decoding=\"async\" data-attachment-id=\"32302\" data-permalink=\"https:\/\/www.jazzzeitung.de\/cms\/2025\/03\/die-eingeschmolzene-jazz-radiowoche-vom-11-03-2025-bis-16-03-2025\/im-blaetterrausch\/\" data-orig-file=\"https:\/\/i0.wp.com\/www.jazzzeitung.de\/cms\/wp-content\/uploads\/2025\/03\/im-blaetterrausch.jpg?fit=866%2C960&amp;ssl=1\" data-orig-size=\"866,960\" data-comments-opened=\"1\" data-image-meta=\"{&quot;aperture&quot;:&quot;0&quot;,&quot;credit&quot;:&quot;&quot;,&quot;camera&quot;:&quot;&quot;,&quot;caption&quot;:&quot;&quot;,&quot;created_timestamp&quot;:&quot;0&quot;,&quot;copyright&quot;:&quot;&quot;,&quot;focal_length&quot;:&quot;0&quot;,&quot;iso&quot;:&quot;0&quot;,&quot;shutter_speed&quot;:&quot;0&quot;,&quot;title&quot;:&quot;&quot;,&quot;orientation&quot;:&quot;0&quot;}\" data-image-title=\"Im Bl\u00e4tterrausch. Foto: Hufner\" data-image-description=\"&lt;p&gt;Im Bl\u00e4tterrausch. Foto: Hufner&lt;\/p&gt;\n\" data-image-caption=\"&lt;p&gt;Im Bl\u00e4tterrausch. Foto: Hufner&lt;\/p&gt;\n\" data-large-file=\"https:\/\/i0.wp.com\/www.jazzzeitung.de\/cms\/wp-content\/uploads\/2025\/03\/im-blaetterrausch.jpg?fit=541%2C600&amp;ssl=1\" class=\"size-large wp-image-32302\" src=\"https:\/\/i0.wp.com\/www.jazzzeitung.de\/cms\/wp-content\/uploads\/2025\/03\/im-blaetterrausch.jpg?resize=541%2C600&#038;ssl=1\" alt=\"Im Bl\u00e4tterrausch. Foto: Hufner\" width=\"541\" height=\"600\" srcset=\"https:\/\/i0.wp.com\/www.jazzzeitung.de\/cms\/wp-content\/uploads\/2025\/03\/im-blaetterrausch.jpg?resize=541%2C600&amp;ssl=1 541w, https:\/\/i0.wp.com\/www.jazzzeitung.de\/cms\/wp-content\/uploads\/2025\/03\/im-blaetterrausch.jpg?resize=271%2C300&amp;ssl=1 271w, https:\/\/i0.wp.com\/www.jazzzeitung.de\/cms\/wp-content\/uploads\/2025\/03\/im-blaetterrausch.jpg?resize=768%2C851&amp;ssl=1 768w, https:\/\/i0.wp.com\/www.jazzzeitung.de\/cms\/wp-content\/uploads\/2025\/03\/im-blaetterrausch.jpg?w=866&amp;ssl=1 866w\" sizes=\"auto, (max-width: 541px) 100vw, 541px\" \/><\/a><figcaption id=\"caption-attachment-32302\" class=\"wp-caption-text\">Im Bl\u00e4tterrausch. Foto: Hufner<\/figcaption><\/figure>\n<hr \/>\n<h2 class=\"western\"><a name=\"__RefHeading___Toc2553_3571077932\"><\/a>do &#8211; 13.03.2025<\/h2>\n<hr \/>\n<p class=\"western\">17:30:00 +++ \u00d61<br \/>\n<b>Musik aus allen Richtungen mit Andreas Felber.<\/b><\/p>\n<p class=\"western\">22:03 \u2013 23:00 UHR +++ SWR KULTUR<br \/>\n<b>Blues`n`Roots<\/b><\/p>\n<p class=\"western\" style=\"padding-left: 40px;\">Von Dagmar Fulle. In dieser Sendung pr\u00e4sentieren wir alte und neue Aufnahmen aus den Bereichen Blues, Jazz, Swing, Rhythm &#8217;n&#8216; Blues, Soul und Country. (\u00dcbernahme von hr2-kultur)<\/p>\n<p class=\"western\">23:03 bis 00:00 +++ BR-KLASSIK<br \/>\n<b>Horizonte: Portr\u00e4t der britischen Komponistin Dani Howard<\/b><\/p>\n<p class=\"western\" style=\"padding-left: 40px;\">Eine Sendung von Svenja Wieser<\/p>\n<hr \/>\n<h2 class=\"western\"><a name=\"__RefHeading___Toc2555_3571077932\"><\/a>fr &#8211; 14.03.2025<\/h2>\n<hr \/>\n<p class=\"western\">14:05:00 +++ \u00d61<br \/>\n<b>Artemis im Juli 2024 bei Sea Jazz L&#8217;Estartit an der Costa Brava<\/b><\/p>\n<p class=\"western\" style=\"padding-left: 40px;\">Apollon mag der ausgewiesene Gott der Musik sein, benannt haben sich die heute zu h\u00f6renden Musikerinnen dennoch nach dessen Zwillingsschwester, der jungfr\u00e4ulichen J\u00e4gerin Artemis. Da deren silberne Pfeile ihr Ziel nie verfehlen und sie zudem auch als Frauenbeauftragte des Olymp gelten darf, ist Artemis eine gute Patin f\u00fcr diese 2017 von der kanadischen Pianistin Renee Rosnes ins Leben gerufene weibliche Supergroup des Modern Jazz.<\/p>\n<p class=\"western\" style=\"padding-left: 40px;\">Das Septett lie\u00df im August 2018 beim Newport Jazz Festival in den USA alle M\u00fcnder offen stehen und alle Ohren hei\u00df laufen, worauf die Musikerinnen sogleich vom Label Blue Note unter Vertrag genommen wurden und 2020 ihr hochgelobtes Deb\u00fct ver\u00f6ffentlichten. 2023 folgte in Sextettbesetzung das nicht minder gefeierte Album \u201eIn Real Time\u201c.<\/p>\n<p class=\"western\" style=\"padding-left: 40px;\">Als Quintett trat Artemis mit Renee Rosnes (Klavier und Fender Rhodes), Trompeterin Ingrid Jensen, Saxofonistin Nicole Glover, Schlagzeugerin Allison Miller und Bassistin Noriko Ueda am 24. Juli 2024 auf der einzigartigen Meeresb\u00fchne des Festivals Sea Jazz L&#8217;Estartit in Torroella de Montgr\u00ed an der spanischen Costa Brava auf und begeisterte mit treffsicheren silbernen Improvisationspfeilen.<\/p>\n<p class=\"western\">17:30:00 +++ \u00d61<br \/>\n<b>Musik aus allen Richtungen mit Johann Kneihs.<\/b><\/p>\n<p class=\"western\">19:05 bis 20:00 +++ BR-KLASSIK<br \/>\n<b>KlassikPlus \u2013 Musikfeature: Huldigung in sch\u00f6nen T\u00f6nen \u2013 Die Belcanto-Kantate des 19. Jahrhunderts<\/b><\/p>\n<p class=\"western\" style=\"padding-left: 40px;\">Sie wurden zu Ehren von wichtigen Pers\u00f6nlichkeiten geschrieben, als Begleitprogramm bei offiziellen Anl\u00e4ssen, zur Unterhaltung auf Feierlichkeiten in Adelskreisen und gro\u00dfb\u00fcrgerlichen Salons oder als Bravourst\u00fccke f\u00fcr ber\u00fchmte S\u00e4ngerinnen und S\u00e4nger. Kantaten waren im 19. Jahrhundert vor allem in Italien gro\u00df in Mode, und Komponisten wie Gaetano Donizetti, Giacomo Meyerbeer, Giovanni Simone Mayr oder Gioachino Rossini schrieben breit angelegte Szenen, die im Gewand der Mythologie den jeweiligen Anlass glanzvoll und voller musikalischer Sch\u00f6nheit umrahmten. Florian Heurich begibt sich zusammen mit der Musikwissenschaftlerin und Herausgeberin Ilaria Narici auf einen Streifzug durch die von Nymphen, Sch\u00e4fern, G\u00f6ttern und allegorischen Figuren bev\u00f6lkerte Welt der Kantaten im Geiste des Belcanto. Eine Sendung von Florian Heurich<\/p>\n<p class=\"western\">19:30:00 +++ \u00d61<br \/>\n<b>J\u00f6rg Seidel und Albert Reifert interpretieren Nat King Cole live im Wiener RadioCafe<\/b><\/p>\n<p class=\"western\" style=\"padding-left: 40px;\">Mit seinem 1997 gegr\u00fcndeten Trio zelebriert der Wiener Pianist Albert Reifert mittlerweile seit 28 Jahren gediegen swingenden Mainstream-Jazz. Aktuell ist ein Album in der Pipeline, an dem mit Altsaxofonist S\u00e1ndor Rig\u00f3 und Posaunist Andy Mittermayer zwei Bl\u00e4ser das Ensemble zum Quintett erweitern.<\/p>\n<p class=\"western\" style=\"padding-left: 40px;\">Doch Reifert ist auch f\u00fcr andere Besetzungen und Projekte zu haben: Gemeinsam mit dem aus Bremerhaven stammenden Gitarristen und S\u00e4nger J\u00f6rg Seidel wird er in den kommenden Tagen u. a. im Wiener Jazzland ein Nat-King-Cole-Programm h\u00f6ren lassen. Seidel gilt als Spezialist f\u00fcr die Musik des 1965 verstorbenen S\u00e4nger-Pianisten. Er hat sich im Rahmen von f\u00fcnf Alben mit der Musik Nat King Coles auseinandergesetzt, die letzte, 2019 erschienene CD \u201eHappy Birthday, Mr. Cole\u201c wurde f\u00fcr den \u201ePreis der deutschen Schallplattenkritik\u201c nominiert.<\/p>\n<p class=\"western\" style=\"padding-left: 40px;\">Seidel und Reifert konzentrieren sich in ihrem Programm auf weniger bekannte, entdeckenswerte Titel &#8211; die Klassiker bleiben gro\u00dfteils ausgespart. Mit Andreas Felber plaudern die beiden \u00fcber die Herausforderungen derartiger Projekte, zudem geben sie den einen oder anderen Song aus dem Repertoire von Nat King Cole live zum Besten.<\/p>\n<p class=\"western\">23:03 bis 24:00 +++ \u00d61<br \/>\n<b>Das Jane in Ether Trio. &#8211; Wien Modern 2024. Jane in Ether feat. Christine Abdelnour &amp; Emilie \u0160krijelj.<\/b><\/p>\n<p class=\"western\" style=\"padding-left: 40px;\">Am 22. November 2024 feierte das in Berlin ans\u00e4ssige Trio Jane in Ether, bestehend aus Pianistin Magda Mayas, Blockfl\u00f6tistin Miako Klein und Violinistin Biliana Voutchkova sein f\u00fcnfj\u00e4hriges Bestehen im Echoraum Wien mit einer einw\u00f6chigen Residency, eine Zusammenarbeit mit Wien Modern 2024.<\/p>\n<p class=\"western\" style=\"padding-left: 40px;\">Das Trio wurde aus diesem Anlass zum Quintett erweitert (mit Christine Abdelnour, Saxofon und Emilie \u0160krijelj, Akkordeon) und entwickelte eine Installations-Performance vor Ort. So wurde ein neuer H\u00f6r-Raum geschaffen; im Mittelpunkt stand eine Erkundungsreise mit intimen, harmonischen und nicht harmonischen Ans\u00e4tzen, daraus entwickelten sich langsam ver\u00e4ndernde, immersive Klangwelten, die sich mal massiv auft\u00fcrmten, um dann ganz kristallklar in den \u00c4ther zu entschwinden.<\/p>\n<p class=\"western\" style=\"padding-left: 40px;\">Die Musikerinnen erg\u00e4nzten sich geschickt und bauten auf den sich st\u00e4ndig ver\u00e4ndernden Gesten und Texturen auf, ohne einander jemals zu folgen oder zu imitieren. Die schnellen Anpassungen und Verschiebungen waren bet\u00f6rend: die Zuh\u00f6rer:innen wurden in eine schwer fassbare Umgebung entf\u00fchrt, sei es tief in einen Wald oder mit verbundenen Augen in ein leerstehendes Haus, durch das der Wind pfeift. Ein besonderer Abend im Echoraum Gestaltung: Marlene Schnedl<\/p>\n<hr \/>\n<h2 class=\"western\"><a name=\"__RefHeading___Toc2557_3571077932\"><\/a>sa &#8211; 15.03.2025<\/h2>\n<hr \/>\n<p class=\"western\">14:05 bis 15:00 +++ BR-KLASSIK<br \/>\n<b>KlassikPlus \u2013 Musikfeature: Huldigung in sch\u00f6nen T\u00f6nen \u2013 Die Belcanto-Kantate des 19. Jahrhunderts<\/b><\/p>\n<p class=\"western\" style=\"padding-left: 40px;\">Sie wurden zu Ehren von wichtigen Pers\u00f6nlichkeiten geschrieben, als Begleitprogramm bei offiziellen Anl\u00e4ssen, zur Unterhaltung auf Feierlichkeiten in Adelskreisen und gro\u00dfb\u00fcrgerlichen Salons oder als Bravourst\u00fccke f\u00fcr ber\u00fchmte S\u00e4ngerinnen und S\u00e4nger. Kantaten waren im 19. Jahrhundert vor allem in Italien gro\u00df in Mode, und Komponisten wie Gaetano Donizetti, Giacomo Meyerbeer, Giovanni Simone Mayr oder Gioachino Rossini schrieben breit angelegte Szenen, die im Gewand der Mythologie den jeweiligen Anlass glanzvoll und voller musikalischer Sch\u00f6nheit umrahmten. Florian Heurich begibt sich zusammen mit der Musikwissenschaftlerin und Herausgeberin Ilaria Narici auf einen Streifzug durch die von Nymphen, Sch\u00e4fern, G\u00f6ttern und allegorischen Figuren bev\u00f6lkerte Welt der Kantaten im Geiste des Belcanto. Eine Sendung von Florian Heurich<\/p>\n<p class=\"western\">18:20 \u2013 19:00 UHR +++ SWR KULTUR<br \/>\n<b>Jazz_ Bizarrer Humor \u2013 Die franz\u00f6sische Formation Pulcinella <\/b><\/p>\n<p class=\"western\" style=\"padding-left: 40px;\">Von Hans-J\u00fcrgen Schaal. Sie machen eine Musik voller Gegens\u00e4tze, mischen Jazz mit Musette, Balkan-Rhythmen mit Funk, begleiten auch Theater- oder Tanz-Performances \u2013 immer mitrei\u00dfend musikantisch und h\u00e4ufig in atemlosem Tempo. Ein Akkordeon ist mit dabei und manchmal eine nostalgische Elektroorgel. Das Quartett Pulcinella aus Toulouse hat bereits mehr als 600 Konzerte gespielt, auf B\u00fchnen von Kolumbien bis Vietnam, vom Senegal bis Indien. Der Witz ihrer abrupten Stilwechsel und karikaturhaften \u00dcbertreibungen wird offenbar rund um den Globus verstanden.<\/p>\n<p class=\"western\">22:30:00 +++ \u00d61<br \/>\n<b>Neuigkeiten aus der Welt des Jazz<\/b><\/p>\n<p class=\"western\" style=\"padding-left: 40px;\">Konzertempfehlungen f\u00fcr die kommende Woche, Buchbesprechungen, Kurznachrufe und aktuelle Meldungen.<\/p>\n<p class=\"western\">23:03:00 +++ \u00d61<br \/>\n<b>Fiona Fergusson und Alex Ehrenreich im Interview, Helene Gl\u00fcxam und Andreas Waelti konzertant im Wiener Radiokulturhaus<\/b><\/p>\n<p class=\"western\" style=\"padding-left: 40px;\">Zu Gast im \u00d61 Jazznacht-Studio sind die in Schottland geborene Jazzs\u00e4ngerin Fiona Fergusson und der \u00f6sterreichische Big-Band-Leiter und Saxofonist Alexander Ehrenreich, die im Februar 2025 ihr gemeinsames Projekt im Wiener Porgy &amp; Bess vorgestellt haben. Das Programm spannt einen musikalischen Bogen von traditionellen Big-Band-Klassikern im modernen Gewand bis hin zu Arrangements von Songs aus dem 2021 erschienen Deb\u00fctalbum Fiona Fergussons.<\/p>\n<p class=\"western\" style=\"padding-left: 40px;\">Beiden &#8211; Fergusson und Ehrenreich &#8211; war der Jazz gewisserma\u00dfen von den V\u00e4tern in die Wiege gelegt. Beim 1973 geborenen Alexander Ehrenreich war es der 2014 verstorbene Wiener Jazzmusiker Teddy Ehrenreich, der seinen Sohn bereits in jungen Jahren f\u00fcr die Musik begeisterte, w\u00e4hrend bei Fiona Fergusson Vater Ken, ein Arrangeur und Pianist, seine Tochter zu einer Gesangsausbildung in Lissabon, Bayern und an der Hamburger S\u00e4ngerakademie inspirierte.<\/p>\n<p class=\"western\" style=\"padding-left: 40px;\">Als Live-Mitschnitt dieser \u00d61 Jazznacht gibt es eine Konzertaufnahme mit zwei der spannendsten Kontrabassist:innen unseres Landes zu h\u00f6ren. Am 27. Februar 2025 gastierten Helene Gl\u00fcxam und Andreas Waelti im Wiener Radiokulturhaus im Rahmen der Reihe \u201eSoloTogether\u201c. Der Kontrast aus tieft\u00f6nendem Kontrabass und hoher Gesangsstimme steht bei Helene Gl\u00fcxams Musik im Mittelpunkt, die stilistisch von Jazz, Improvisation und Alternative Rock gepr\u00e4gt ist. Andreas Waelti bildet mit seinem ausdrucksstarken und eloquenten Spiel seit \u00fcber einem Jahrzehnt einen Grundstein der Wiener Szene und zeichnet sich vor allem durch seine gro\u00dfe musikalische Bandbreite aus.<\/p>\n<p class=\"western\" style=\"padding-left: 40px;\">Au\u00dferdem in dieser Jazznacht: eine W\u00fcrdigung des Lebenswerks des im November des Vorjahres verstorbenen Schlagzeugers Roy Haynes, der am 13. M\u00e4rz 2025 seinen 100. Geburtstag gefeiert h\u00e4tte sowie Neuerscheinungen aus nah und fern.<\/p>\n<hr \/>\n<h2 class=\"western\"><a name=\"__RefHeading___Toc2559_3571077932\"><\/a>so &#8211; 16.03.2025<\/h2>\n<hr \/>\n<p class=\"western\">00:05:00 +++ \u00d61<br \/>\n<b>(Fortsetzung); Fiona Fergusson und Alex Ehrenreich im Interview, Helene Gl\u00fcxam und Andreas Waelti konzertant im Wiener Radiokulturhaus<\/b><\/p>\n<p class=\"western\">03:03:00 +++ \u00d61<br \/>\n<b>Mit klingenden Kulinarien in den Sonntag-Morgen<\/b><\/p>\n<p class=\"western\" style=\"padding-left: 40px;\">Klassiker und Fundst\u00fccke aus 100 Jahren Jazzgeschichte (Wiederholung).<\/p>\n<p class=\"western\">17:10:00 +++ \u00d61<br \/>\n<b>Maurice Ravels Musik in Jazzbearbeitungen von Herbie Hancock bis Camille Bertault<\/b><\/p>\n<p class=\"western\" style=\"padding-left: 40px;\">Vor 150 Jahren, am 7. M\u00e4rz 1875, wurde Maurice Ravel geboren, einer der ersten Komponisten, die in ihren Werken immer wieder mit Jazz-Einfl\u00fcssen gearbeitet haben. Mittlerweile ist es wiederum Ravels Musik, die Jazz- und andere Musiker:innen beeinflusst hat und von vielen gecovert wird &#8211; allein mit Bearbeitungen des ber\u00fchmten \u201eBolero\u201c k\u00f6nnte man mehrere Sendungen f\u00fcllen.<\/p>\n<p class=\"western\" style=\"padding-left: 40px;\">Aber auch Ravels \u201ePavane pour une infante d\u00e9funte\u201c ist ein Liebling der musikalischen Nachwelt, sp\u00e4testens seit in den 1930er Jahren Peter DeRose und Bert Shefter den Jazz-Standard \u201eThe Lamp is Low\u201c daraus entwickelt haben.<\/p>\n<p class=\"western\" style=\"padding-left: 40px;\">Lassen Sie sich also \u00fcberraschen von Maurice-Ravel-Coverversionen von Toots Thielemans, Herbie Hancock, Camille Bertault, Dieter Ilg und vielen anderen.<\/p>\n<p class=\"western\">19:05:00 +++ \u00d61<br \/>\n<b>Das Armin Jambor Quartett im Studio 2 des Wiener RadioKulturhauses<\/b><\/p>\n<p class=\"western\" style=\"padding-left: 40px;\">Tradition, Originalit\u00e4t, Lyrik, Improvisation &#8211; das sind die Grundpfeiler der Kompositionen des ungarischen Tenorsaxofonisten Armin Jambor. Jedes St\u00fcck erz\u00e4hlt eine Geschichte, spiegelt einen Einfluss oder eine Reise wider, die Jambors musikalische Stimme gepr\u00e4gt hat. Gewidmet sind diese St\u00fccke unter anderem den Saxofonisten Sonny Rollins und Sonny Stitt oder dem Pianisten Chick Corea.<\/p>\n<p class=\"western\" style=\"padding-left: 40px;\">Umgesetzt werden die Kompositionen zusammen mit Armin Jambors Landsmann, dem Pianisten Matyas Bartha, dem US-amerikanischen Kontrabassisten Danny Ziemann und dem ukrainischen Schlagzeuger Oleg Markov.<\/p>\n<p class=\"western\">19:38 \u2013 20:00 UHR +++ SWR KULTUR<br \/>\n<b>Big Time Jazz. Jazz-Orchester, Big Band, Oktett \u2013 hier kommt Musik mit Vielen! <\/b><\/p>\n<p class=\"western\" style=\"padding-left: 40px;\">Im Big Time Jazz stellen wir f\u00fcr Sie interessante und sch\u00f6ne Kl\u00e4nge zusammen \u2013 von gro\u00dfen Ensembles aus dem Jazz und der improvisierten Musik. Wir bergen Archivaufnahmen und durchforsten Neuver\u00f6ffentlichungen f\u00fcr eine Zeit, die ganz den gro\u00dfen Kl\u00e4ngen geh\u00f6rt<\/p>\n<p class=\"western\">22:03 \u2013 23:00 UHR +++ SWR KULTUR<br \/>\n<b>NOWJazz: Sonic Wilderness<\/b><\/p>\n<p class=\"western\" style=\"padding-left: 40px;\">Von Niklas Wandt. Diese Reihe unternimmt Expeditionen in Randgebiete und Zwischenwelten des Jazz: Improv, Electronica, Klangkunst, Noise, Ambient oder Rock \u2013 hier kommen Neuver\u00f6ffentlichungen und Entdeckungen zu Geh\u00f6r, die sonst on air kaum zu haben sind. Abenteuerliche Kl\u00e4nge f\u00fcr abenteuerlustige Ohren<\/p>\n<p class=\"western\">23:03 bis 24:00 +++ \u00d61<br \/>\n<b>20 Jahre Dorian Concept \u2013 Dorian Concept. Pers\u00f6nliche Einblicke zum 20j\u00e4hrigen B\u00fchnenjubil\u00e4um.<\/b><\/p>\n<p class=\"western\" style=\"padding-left: 40px;\">Am 21. Februar feierte Oliver Johnson aka Dorian Concept im Wiener Konzerthaus sein 20j\u00e4hriges B\u00fchnenjubil\u00e4um und lud zu einer sehr pers\u00f6nlichen R\u00fcck- und Vorschau, die bewusst minimalistisch angelegt war. Neben einem Solo-Set mit lediglich einem Synthesizer und einer Loop Station reinterpretierte Dorian Concept in kleiner Besetzung mit zwei langj\u00e4hrigen Wegbegleitern \u2013 mit Clemens Bacher aka Cid Rim (Schlagzeug) und Manu Mayr (Bass) \u2013 Songs aus seinen unterschiedlichen Schaffensperioden, u.a. auch alte Hits wie etwa \u201eDraft Culture\u201c oder \u201eTrilingual Dance Sexperience\u201c. Und der Musiker pr\u00e4sentierte sich dem Publikum als Videok\u00fcnstler, \u2013 mit einem Kurzfilm, der atmosph\u00e4risch in die fr\u00fchen 2000er Jahre f\u00fchrte, eine Zeit, die ihn an der Schwelle zum Erwachsenenleben ganz besonders stark gepr\u00e4gt h\u00e4tte, wie Dorian Concept in dieser Ausgabe von Supernova unter anderem erz\u00e4hlen wird. Gestaltung: Susanna Niedermayr<\/p>\n<p class=\"western\">23:03 bis 00:00 +++ BR-KLASSIK<br \/>\n<b>Musik der Welt: Zwischen Ufern \u2013 Der franz\u00f6sische Musiker Titi Robin<\/b><\/p>\n<p class=\"western\" style=\"padding-left: 40px;\">Wenn ein bretonischer S\u00e4nger sein Lied zu Kl\u00e4ngen einer arabischen Oud-Laute und einer indischen Tabla-Trommel anstimmt, wenn man nicht mehr genau sagen kann, ob da gerade experimentelle Klangkunst, Gipsy Music oder eine Jazz-Improvisation auf der B\u00fchne stattfindet, wenn darin dann pl\u00f6tzlich auch noch andere Kunstgenres wie Bildende Kunst, Poesie oder Tanz eine entscheidende Rolle spielen &#8211; dann k\u00f6nnte es sein, dass der franz\u00f6sische Musiker Thierry \u201eTiti\u201c Robin seine Finger im Spiel hat. Als Komponist, Gitarrist, Oud- und Buzuq-Spieler ist der ungew\u00f6hnliche K\u00fcnstler eine Ausnahmeerscheinung in der Szene der Weltmusik. Sein inspirativer Horizont scheint grenzenlos und erstreckt sich vom indischen Raga \u00fcber spanischen Flamenco bis zu westafrikanischer Polyrhythmik. Dabei begegnet Robin den musikalischen Traditionen mit gro\u00dfem Respekt und arbeitet gerne mit Musik- und Kunstschaffenden aus unterschiedlichen Kulturen und L\u00e4ndern eng zusammen. Auf diese Weise hat er zu einem eigenen unverwechselbaren Stil gefunden, der sich seit Jahrzehnten kaum ver\u00e4ndert hat und der zugleich sein Leben als Mensch und K\u00fcnstler spiegelt. Eine Sendung von Michaela Fridrich<\/p>\n","protected":false},"excerpt":{"rendered":"<p>Jazz im Radio \u2013 Jeden Sonntag gibt es um 12 Uhr unsere \u00dcbersicht f\u00fcr die jeweils nachfolgende Woche. Die #Jazz-Radiowoche vom 11. bis zum 16. M\u00e4rz 2025. Erheblich ausged\u00fcnnt. Die ARD schafft ihr Radio gewisserma\u00dfen ab. Auch als PDF zum Download \u2013 #Jazz #JazzZeitung #Radio #Radiowoche \u2013 Ein Service unserer Online-Redaktion.<\/p>\n","protected":false},"author":1,"featured_media":32302,"comment_status":"open","ping_status":"closed","sticky":false,"template":"","format":"standard","meta":{"_jetpack_memberships_contains_paid_content":false,"footnotes":"","jetpack_publicize_message":"","jetpack_publicize_feature_enabled":true,"jetpack_social_post_already_shared":true,"jetpack_social_options":{"image_generator_settings":{"template":"highway","default_image_id":0,"font":"","enabled":false},"version":2}},"categories":[633,452],"tags":[3773,1629],"coauthors":[650],"class_list":["post-32301","post","type-post","status-publish","format-standard","has-post-thumbnail","hentry","category-nachrichten","category-radio","tag-die-radiowoche","tag-jazz-im-radio"],"yoast_head":"<!-- This site is optimized with the Yoast SEO plugin v27.5 - https:\/\/yoast.com\/product\/yoast-seo-wordpress\/ -->\n<title>Die eingeschmolzene Jazz-Radiowoche vom 10.03.2025 bis 16.03.2025 - JazzZeitung<\/title>\n<meta name=\"robots\" content=\"index, follow, max-snippet:-1, max-image-preview:large, max-video-preview:-1\" \/>\n<link rel=\"canonical\" href=\"https:\/\/www.jazzzeitung.de\/cms\/2025\/03\/die-eingeschmolzene-jazz-radiowoche-vom-11-03-2025-bis-16-03-2025\/\" \/>\n<meta property=\"og:locale\" content=\"de_DE\" \/>\n<meta property=\"og:type\" content=\"article\" \/>\n<meta property=\"og:title\" content=\"Die eingeschmolzene Jazz-Radiowoche vom 10.03.2025 bis 16.03.2025 - JazzZeitung\" \/>\n<meta property=\"og:description\" content=\"Jazz im Radio \u2013 Jeden Sonntag gibt es um 12 Uhr unsere \u00dcbersicht f\u00fcr die jeweils nachfolgende Woche. Die #Jazz-Radiowoche vom 11. bis zum 16. M\u00e4rz 2025. Erheblich ausged\u00fcnnt. Die ARD schafft ihr Radio gewisserma\u00dfen ab. Auch als PDF zum Download \u2013 #Jazz #JazzZeitung #Radio #Radiowoche \u2013 Ein Service unserer Online-Redaktion.\" \/>\n<meta property=\"og:url\" content=\"https:\/\/www.jazzzeitung.de\/cms\/2025\/03\/die-eingeschmolzene-jazz-radiowoche-vom-11-03-2025-bis-16-03-2025\/\" \/>\n<meta property=\"og:site_name\" content=\"JazzZeitung\" \/>\n<meta property=\"article:publisher\" content=\"https:\/\/www.facebook.com\/JazzZeitung\/\" \/>\n<meta property=\"article:author\" content=\"https:\/\/www.facebook.com\/hufner\" \/>\n<meta property=\"article:published_time\" content=\"2025-03-09T12:00:15+00:00\" \/>\n<meta property=\"article:modified_time\" content=\"2025-03-09T15:57:14+00:00\" \/>\n<meta property=\"og:image\" content=\"https:\/\/www.jazzzeitung.de\/cms\/wp-content\/uploads\/2025\/03\/im-blaetterrausch.jpg\" \/>\n\t<meta property=\"og:image:width\" content=\"866\" \/>\n\t<meta property=\"og:image:height\" content=\"960\" \/>\n\t<meta property=\"og:image:type\" content=\"image\/jpeg\" \/>\n<meta name=\"author\" content=\"Martin Hufner\" \/>\n<script type=\"application\/ld+json\" class=\"yoast-schema-graph\">{\"@context\":\"https:\\\/\\\/schema.org\",\"@graph\":[{\"@type\":\"Article\",\"@id\":\"https:\\\/\\\/www.jazzzeitung.de\\\/cms\\\/2025\\\/03\\\/die-eingeschmolzene-jazz-radiowoche-vom-11-03-2025-bis-16-03-2025\\\/#article\",\"isPartOf\":{\"@id\":\"https:\\\/\\\/www.jazzzeitung.de\\\/cms\\\/2025\\\/03\\\/die-eingeschmolzene-jazz-radiowoche-vom-11-03-2025-bis-16-03-2025\\\/\"},\"author\":{\"name\":\"Martin Hufner\",\"@id\":\"https:\\\/\\\/www.jazzzeitung.de\\\/cms\\\/#\\\/schema\\\/person\\\/b9a4e5ac765d94fb8f617bfa8f1fc5f7\"},\"headline\":\"Die eingeschmolzene Jazz-Radiowoche vom 10.03.2025 bis 16.03.2025\",\"datePublished\":\"2025-03-09T12:00:15+00:00\",\"dateModified\":\"2025-03-09T15:57:14+00:00\",\"mainEntityOfPage\":{\"@id\":\"https:\\\/\\\/www.jazzzeitung.de\\\/cms\\\/2025\\\/03\\\/die-eingeschmolzene-jazz-radiowoche-vom-11-03-2025-bis-16-03-2025\\\/\"},\"wordCount\":3137,\"commentCount\":0,\"publisher\":{\"@id\":\"https:\\\/\\\/www.jazzzeitung.de\\\/cms\\\/#organization\"},\"image\":{\"@id\":\"https:\\\/\\\/www.jazzzeitung.de\\\/cms\\\/2025\\\/03\\\/die-eingeschmolzene-jazz-radiowoche-vom-11-03-2025-bis-16-03-2025\\\/#primaryimage\"},\"thumbnailUrl\":\"https:\\\/\\\/i0.wp.com\\\/www.jazzzeitung.de\\\/cms\\\/wp-content\\\/uploads\\\/2025\\\/03\\\/im-blaetterrausch.jpg?fit=866%2C960&ssl=1\",\"keywords\":[\"Die Radiowoche\",\"Jazz im Radio\"],\"articleSection\":[\"News\",\"Radio\"],\"inLanguage\":\"de\",\"potentialAction\":[{\"@type\":\"CommentAction\",\"name\":\"Comment\",\"target\":[\"https:\\\/\\\/www.jazzzeitung.de\\\/cms\\\/2025\\\/03\\\/die-eingeschmolzene-jazz-radiowoche-vom-11-03-2025-bis-16-03-2025\\\/#respond\"]}]},{\"@type\":\"WebPage\",\"@id\":\"https:\\\/\\\/www.jazzzeitung.de\\\/cms\\\/2025\\\/03\\\/die-eingeschmolzene-jazz-radiowoche-vom-11-03-2025-bis-16-03-2025\\\/\",\"url\":\"https:\\\/\\\/www.jazzzeitung.de\\\/cms\\\/2025\\\/03\\\/die-eingeschmolzene-jazz-radiowoche-vom-11-03-2025-bis-16-03-2025\\\/\",\"name\":\"Die eingeschmolzene Jazz-Radiowoche vom 10.03.2025 bis 16.03.2025 - JazzZeitung\",\"isPartOf\":{\"@id\":\"https:\\\/\\\/www.jazzzeitung.de\\\/cms\\\/#website\"},\"primaryImageOfPage\":{\"@id\":\"https:\\\/\\\/www.jazzzeitung.de\\\/cms\\\/2025\\\/03\\\/die-eingeschmolzene-jazz-radiowoche-vom-11-03-2025-bis-16-03-2025\\\/#primaryimage\"},\"image\":{\"@id\":\"https:\\\/\\\/www.jazzzeitung.de\\\/cms\\\/2025\\\/03\\\/die-eingeschmolzene-jazz-radiowoche-vom-11-03-2025-bis-16-03-2025\\\/#primaryimage\"},\"thumbnailUrl\":\"https:\\\/\\\/i0.wp.com\\\/www.jazzzeitung.de\\\/cms\\\/wp-content\\\/uploads\\\/2025\\\/03\\\/im-blaetterrausch.jpg?fit=866%2C960&ssl=1\",\"datePublished\":\"2025-03-09T12:00:15+00:00\",\"dateModified\":\"2025-03-09T15:57:14+00:00\",\"breadcrumb\":{\"@id\":\"https:\\\/\\\/www.jazzzeitung.de\\\/cms\\\/2025\\\/03\\\/die-eingeschmolzene-jazz-radiowoche-vom-11-03-2025-bis-16-03-2025\\\/#breadcrumb\"},\"inLanguage\":\"de\",\"potentialAction\":[{\"@type\":\"ReadAction\",\"target\":[\"https:\\\/\\\/www.jazzzeitung.de\\\/cms\\\/2025\\\/03\\\/die-eingeschmolzene-jazz-radiowoche-vom-11-03-2025-bis-16-03-2025\\\/\"]}]},{\"@type\":\"ImageObject\",\"inLanguage\":\"de\",\"@id\":\"https:\\\/\\\/www.jazzzeitung.de\\\/cms\\\/2025\\\/03\\\/die-eingeschmolzene-jazz-radiowoche-vom-11-03-2025-bis-16-03-2025\\\/#primaryimage\",\"url\":\"https:\\\/\\\/i0.wp.com\\\/www.jazzzeitung.de\\\/cms\\\/wp-content\\\/uploads\\\/2025\\\/03\\\/im-blaetterrausch.jpg?fit=866%2C960&ssl=1\",\"contentUrl\":\"https:\\\/\\\/i0.wp.com\\\/www.jazzzeitung.de\\\/cms\\\/wp-content\\\/uploads\\\/2025\\\/03\\\/im-blaetterrausch.jpg?fit=866%2C960&ssl=1\",\"width\":866,\"height\":960,\"caption\":\"Im Bl\u00e4tterrausch. Foto: Hufner\"},{\"@type\":\"BreadcrumbList\",\"@id\":\"https:\\\/\\\/www.jazzzeitung.de\\\/cms\\\/2025\\\/03\\\/die-eingeschmolzene-jazz-radiowoche-vom-11-03-2025-bis-16-03-2025\\\/#breadcrumb\",\"itemListElement\":[{\"@type\":\"ListItem\",\"position\":1,\"name\":\"Startseite\",\"item\":\"https:\\\/\\\/www.jazzzeitung.de\\\/cms\\\/\"},{\"@type\":\"ListItem\",\"position\":2,\"name\":\"Die eingeschmolzene Jazz-Radiowoche vom 10.03.2025 bis 16.03.2025\"}]},{\"@type\":\"WebSite\",\"@id\":\"https:\\\/\\\/www.jazzzeitung.de\\\/cms\\\/#website\",\"url\":\"https:\\\/\\\/www.jazzzeitung.de\\\/cms\\\/\",\"name\":\"JazzZeitung\",\"description\":\"Jazz-News und Jazz-Kontroverses\",\"publisher\":{\"@id\":\"https:\\\/\\\/www.jazzzeitung.de\\\/cms\\\/#organization\"},\"potentialAction\":[{\"@type\":\"SearchAction\",\"target\":{\"@type\":\"EntryPoint\",\"urlTemplate\":\"https:\\\/\\\/www.jazzzeitung.de\\\/cms\\\/?s={search_term_string}\"},\"query-input\":{\"@type\":\"PropertyValueSpecification\",\"valueRequired\":true,\"valueName\":\"search_term_string\"}}],\"inLanguage\":\"de\"},{\"@type\":\"Organization\",\"@id\":\"https:\\\/\\\/www.jazzzeitung.de\\\/cms\\\/#organization\",\"name\":\"JazzZeitung online\",\"url\":\"https:\\\/\\\/www.jazzzeitung.de\\\/cms\\\/\",\"logo\":{\"@type\":\"ImageObject\",\"inLanguage\":\"de\",\"@id\":\"https:\\\/\\\/www.jazzzeitung.de\\\/cms\\\/#\\\/schema\\\/logo\\\/image\\\/\",\"url\":\"https:\\\/\\\/i0.wp.com\\\/www.jazzzeitung.de\\\/cms\\\/wp-content\\\/uploads\\\/2015\\\/08\\\/JAZZZEITUNGDE_Logo_Neu.png?fit=499%2C200&ssl=1\",\"contentUrl\":\"https:\\\/\\\/i0.wp.com\\\/www.jazzzeitung.de\\\/cms\\\/wp-content\\\/uploads\\\/2015\\\/08\\\/JAZZZEITUNGDE_Logo_Neu.png?fit=499%2C200&ssl=1\",\"width\":499,\"height\":200,\"caption\":\"JazzZeitung online\"},\"image\":{\"@id\":\"https:\\\/\\\/www.jazzzeitung.de\\\/cms\\\/#\\\/schema\\\/logo\\\/image\\\/\"},\"sameAs\":[\"https:\\\/\\\/www.facebook.com\\\/JazzZeitung\\\/\"]},{\"@type\":\"Person\",\"@id\":\"https:\\\/\\\/www.jazzzeitung.de\\\/cms\\\/#\\\/schema\\\/person\\\/b9a4e5ac765d94fb8f617bfa8f1fc5f7\",\"name\":\"Martin Hufner\",\"image\":{\"@type\":\"ImageObject\",\"inLanguage\":\"de\",\"@id\":\"https:\\\/\\\/i0.wp.com\\\/www.jazzzeitung.de\\\/cms\\\/wp-content\\\/uploads\\\/2013\\\/07\\\/huf-06.jpg?resize=96%2C96&ssl=15fcc31aa94540751a3b804516452be00\",\"url\":\"https:\\\/\\\/i0.wp.com\\\/www.jazzzeitung.de\\\/cms\\\/wp-content\\\/uploads\\\/2013\\\/07\\\/huf-06.jpg?resize=96%2C96&ssl=1\",\"contentUrl\":\"https:\\\/\\\/i0.wp.com\\\/www.jazzzeitung.de\\\/cms\\\/wp-content\\\/uploads\\\/2013\\\/07\\\/huf-06.jpg?resize=96%2C96&ssl=1\",\"caption\":\"Martin Hufner\"},\"description\":\"Martin Hufner ist freier Autor der JazzZeitung.\",\"sameAs\":[\"https:\\\/\\\/www.kritische-masse.de\\\/logbuch\",\"https:\\\/\\\/www.facebook.com\\\/hufner\"],\"url\":\"https:\\\/\\\/www.jazzzeitung.de\\\/cms\\\/author\\\/admin\\\/\"}]}<\/script>\n<!-- \/ Yoast SEO plugin. -->","yoast_head_json":{"title":"Die eingeschmolzene Jazz-Radiowoche vom 10.03.2025 bis 16.03.2025 - JazzZeitung","robots":{"index":"index","follow":"follow","max-snippet":"max-snippet:-1","max-image-preview":"max-image-preview:large","max-video-preview":"max-video-preview:-1"},"canonical":"https:\/\/www.jazzzeitung.de\/cms\/2025\/03\/die-eingeschmolzene-jazz-radiowoche-vom-11-03-2025-bis-16-03-2025\/","og_locale":"de_DE","og_type":"article","og_title":"Die eingeschmolzene Jazz-Radiowoche vom 10.03.2025 bis 16.03.2025 - JazzZeitung","og_description":"Jazz im Radio \u2013 Jeden Sonntag gibt es um 12 Uhr unsere \u00dcbersicht f\u00fcr die jeweils nachfolgende Woche. Die #Jazz-Radiowoche vom 11. bis zum 16. M\u00e4rz 2025. Erheblich ausged\u00fcnnt. Die ARD schafft ihr Radio gewisserma\u00dfen ab. Auch als PDF zum Download \u2013 #Jazz #JazzZeitung #Radio #Radiowoche \u2013 Ein Service unserer Online-Redaktion.","og_url":"https:\/\/www.jazzzeitung.de\/cms\/2025\/03\/die-eingeschmolzene-jazz-radiowoche-vom-11-03-2025-bis-16-03-2025\/","og_site_name":"JazzZeitung","article_publisher":"https:\/\/www.facebook.com\/JazzZeitung\/","article_author":"https:\/\/www.facebook.com\/hufner","article_published_time":"2025-03-09T12:00:15+00:00","article_modified_time":"2025-03-09T15:57:14+00:00","og_image":[{"width":866,"height":960,"url":"https:\/\/www.jazzzeitung.de\/cms\/wp-content\/uploads\/2025\/03\/im-blaetterrausch.jpg","type":"image\/jpeg"}],"author":"Martin Hufner","schema":{"@context":"https:\/\/schema.org","@graph":[{"@type":"Article","@id":"https:\/\/www.jazzzeitung.de\/cms\/2025\/03\/die-eingeschmolzene-jazz-radiowoche-vom-11-03-2025-bis-16-03-2025\/#article","isPartOf":{"@id":"https:\/\/www.jazzzeitung.de\/cms\/2025\/03\/die-eingeschmolzene-jazz-radiowoche-vom-11-03-2025-bis-16-03-2025\/"},"author":{"name":"Martin Hufner","@id":"https:\/\/www.jazzzeitung.de\/cms\/#\/schema\/person\/b9a4e5ac765d94fb8f617bfa8f1fc5f7"},"headline":"Die eingeschmolzene Jazz-Radiowoche vom 10.03.2025 bis 16.03.2025","datePublished":"2025-03-09T12:00:15+00:00","dateModified":"2025-03-09T15:57:14+00:00","mainEntityOfPage":{"@id":"https:\/\/www.jazzzeitung.de\/cms\/2025\/03\/die-eingeschmolzene-jazz-radiowoche-vom-11-03-2025-bis-16-03-2025\/"},"wordCount":3137,"commentCount":0,"publisher":{"@id":"https:\/\/www.jazzzeitung.de\/cms\/#organization"},"image":{"@id":"https:\/\/www.jazzzeitung.de\/cms\/2025\/03\/die-eingeschmolzene-jazz-radiowoche-vom-11-03-2025-bis-16-03-2025\/#primaryimage"},"thumbnailUrl":"https:\/\/i0.wp.com\/www.jazzzeitung.de\/cms\/wp-content\/uploads\/2025\/03\/im-blaetterrausch.jpg?fit=866%2C960&ssl=1","keywords":["Die Radiowoche","Jazz im Radio"],"articleSection":["News","Radio"],"inLanguage":"de","potentialAction":[{"@type":"CommentAction","name":"Comment","target":["https:\/\/www.jazzzeitung.de\/cms\/2025\/03\/die-eingeschmolzene-jazz-radiowoche-vom-11-03-2025-bis-16-03-2025\/#respond"]}]},{"@type":"WebPage","@id":"https:\/\/www.jazzzeitung.de\/cms\/2025\/03\/die-eingeschmolzene-jazz-radiowoche-vom-11-03-2025-bis-16-03-2025\/","url":"https:\/\/www.jazzzeitung.de\/cms\/2025\/03\/die-eingeschmolzene-jazz-radiowoche-vom-11-03-2025-bis-16-03-2025\/","name":"Die eingeschmolzene Jazz-Radiowoche vom 10.03.2025 bis 16.03.2025 - JazzZeitung","isPartOf":{"@id":"https:\/\/www.jazzzeitung.de\/cms\/#website"},"primaryImageOfPage":{"@id":"https:\/\/www.jazzzeitung.de\/cms\/2025\/03\/die-eingeschmolzene-jazz-radiowoche-vom-11-03-2025-bis-16-03-2025\/#primaryimage"},"image":{"@id":"https:\/\/www.jazzzeitung.de\/cms\/2025\/03\/die-eingeschmolzene-jazz-radiowoche-vom-11-03-2025-bis-16-03-2025\/#primaryimage"},"thumbnailUrl":"https:\/\/i0.wp.com\/www.jazzzeitung.de\/cms\/wp-content\/uploads\/2025\/03\/im-blaetterrausch.jpg?fit=866%2C960&ssl=1","datePublished":"2025-03-09T12:00:15+00:00","dateModified":"2025-03-09T15:57:14+00:00","breadcrumb":{"@id":"https:\/\/www.jazzzeitung.de\/cms\/2025\/03\/die-eingeschmolzene-jazz-radiowoche-vom-11-03-2025-bis-16-03-2025\/#breadcrumb"},"inLanguage":"de","potentialAction":[{"@type":"ReadAction","target":["https:\/\/www.jazzzeitung.de\/cms\/2025\/03\/die-eingeschmolzene-jazz-radiowoche-vom-11-03-2025-bis-16-03-2025\/"]}]},{"@type":"ImageObject","inLanguage":"de","@id":"https:\/\/www.jazzzeitung.de\/cms\/2025\/03\/die-eingeschmolzene-jazz-radiowoche-vom-11-03-2025-bis-16-03-2025\/#primaryimage","url":"https:\/\/i0.wp.com\/www.jazzzeitung.de\/cms\/wp-content\/uploads\/2025\/03\/im-blaetterrausch.jpg?fit=866%2C960&ssl=1","contentUrl":"https:\/\/i0.wp.com\/www.jazzzeitung.de\/cms\/wp-content\/uploads\/2025\/03\/im-blaetterrausch.jpg?fit=866%2C960&ssl=1","width":866,"height":960,"caption":"Im Bl\u00e4tterrausch. Foto: Hufner"},{"@type":"BreadcrumbList","@id":"https:\/\/www.jazzzeitung.de\/cms\/2025\/03\/die-eingeschmolzene-jazz-radiowoche-vom-11-03-2025-bis-16-03-2025\/#breadcrumb","itemListElement":[{"@type":"ListItem","position":1,"name":"Startseite","item":"https:\/\/www.jazzzeitung.de\/cms\/"},{"@type":"ListItem","position":2,"name":"Die eingeschmolzene Jazz-Radiowoche vom 10.03.2025 bis 16.03.2025"}]},{"@type":"WebSite","@id":"https:\/\/www.jazzzeitung.de\/cms\/#website","url":"https:\/\/www.jazzzeitung.de\/cms\/","name":"JazzZeitung","description":"Jazz-News und Jazz-Kontroverses","publisher":{"@id":"https:\/\/www.jazzzeitung.de\/cms\/#organization"},"potentialAction":[{"@type":"SearchAction","target":{"@type":"EntryPoint","urlTemplate":"https:\/\/www.jazzzeitung.de\/cms\/?s={search_term_string}"},"query-input":{"@type":"PropertyValueSpecification","valueRequired":true,"valueName":"search_term_string"}}],"inLanguage":"de"},{"@type":"Organization","@id":"https:\/\/www.jazzzeitung.de\/cms\/#organization","name":"JazzZeitung online","url":"https:\/\/www.jazzzeitung.de\/cms\/","logo":{"@type":"ImageObject","inLanguage":"de","@id":"https:\/\/www.jazzzeitung.de\/cms\/#\/schema\/logo\/image\/","url":"https:\/\/i0.wp.com\/www.jazzzeitung.de\/cms\/wp-content\/uploads\/2015\/08\/JAZZZEITUNGDE_Logo_Neu.png?fit=499%2C200&ssl=1","contentUrl":"https:\/\/i0.wp.com\/www.jazzzeitung.de\/cms\/wp-content\/uploads\/2015\/08\/JAZZZEITUNGDE_Logo_Neu.png?fit=499%2C200&ssl=1","width":499,"height":200,"caption":"JazzZeitung online"},"image":{"@id":"https:\/\/www.jazzzeitung.de\/cms\/#\/schema\/logo\/image\/"},"sameAs":["https:\/\/www.facebook.com\/JazzZeitung\/"]},{"@type":"Person","@id":"https:\/\/www.jazzzeitung.de\/cms\/#\/schema\/person\/b9a4e5ac765d94fb8f617bfa8f1fc5f7","name":"Martin Hufner","image":{"@type":"ImageObject","inLanguage":"de","@id":"https:\/\/i0.wp.com\/www.jazzzeitung.de\/cms\/wp-content\/uploads\/2013\/07\/huf-06.jpg?resize=96%2C96&ssl=15fcc31aa94540751a3b804516452be00","url":"https:\/\/i0.wp.com\/www.jazzzeitung.de\/cms\/wp-content\/uploads\/2013\/07\/huf-06.jpg?resize=96%2C96&ssl=1","contentUrl":"https:\/\/i0.wp.com\/www.jazzzeitung.de\/cms\/wp-content\/uploads\/2013\/07\/huf-06.jpg?resize=96%2C96&ssl=1","caption":"Martin Hufner"},"description":"Martin Hufner ist freier Autor der JazzZeitung.","sameAs":["https:\/\/www.kritische-masse.de\/logbuch","https:\/\/www.facebook.com\/hufner"],"url":"https:\/\/www.jazzzeitung.de\/cms\/author\/admin\/"}]}},"wp-worthy-pixel":{"ignored":true,"public":null,"server":null,"url":null},"wp-worthy-type":"normal","jetpack_publicize_connections":[],"cc_featured_image_caption":{"caption_text":"Im Bl\u00e4tterrausch. ","source_text":"Foto: Hufner","source_url":"http:\/\/www.kritische-masse.de"},"jetpack_featured_media_url":"https:\/\/i0.wp.com\/www.jazzzeitung.de\/cms\/wp-content\/uploads\/2025\/03\/im-blaetterrausch.jpg?fit=866%2C960&ssl=1","jetpack_shortlink":"https:\/\/wp.me\/p3KEcT-8oZ","jetpack-related-posts":[{"id":23982,"url":"https:\/\/www.jazzzeitung.de\/cms\/2020\/12\/die-jazz-radiowoche-vom-14-12-20-bis-31-12-2020\/","url_meta":{"origin":32301,"position":0},"title":"Die Jazz-Radiowoche vom 14.12.20 bis 31.12.2020","author":"Martin Hufner","date":"13. Dezember 2020","format":false,"excerpt":"Ein kleiner Blick in Restmonat. Die Suchmaschine der ARD hat ihren Dienst am 7.12.2020 eingestellt. Nachfragen haben nur gezeigt, dass die Veranwortlichen kein Interesse daran haben, das zu kommunizieren. Weder ist herauszubekommen, wer das veranlasst hat noch warum. Danke ARD! F\u00fcr nichts. Jetzt schauen wir mal, wie es weiter geht.\u2026","rel":"","context":"In &quot;News&quot;","block_context":{"text":"News","link":"https:\/\/www.jazzzeitung.de\/cms\/thema\/nachrichten\/"},"img":{"alt_text":"Jazz im Radio. Foto: Hufner","src":"https:\/\/i0.wp.com\/www.jazzzeitung.de\/cms\/wp-content\/uploads\/2019\/03\/jazz_im_radio.jpg?fit=1200%2C773&ssl=1&resize=350%2C200","width":350,"height":200,"srcset":"https:\/\/i0.wp.com\/www.jazzzeitung.de\/cms\/wp-content\/uploads\/2019\/03\/jazz_im_radio.jpg?fit=1200%2C773&ssl=1&resize=350%2C200 1x, https:\/\/i0.wp.com\/www.jazzzeitung.de\/cms\/wp-content\/uploads\/2019\/03\/jazz_im_radio.jpg?fit=1200%2C773&ssl=1&resize=525%2C300 1.5x, https:\/\/i0.wp.com\/www.jazzzeitung.de\/cms\/wp-content\/uploads\/2019\/03\/jazz_im_radio.jpg?fit=1200%2C773&ssl=1&resize=700%2C400 2x, https:\/\/i0.wp.com\/www.jazzzeitung.de\/cms\/wp-content\/uploads\/2019\/03\/jazz_im_radio.jpg?fit=1200%2C773&ssl=1&resize=1050%2C600 3x"},"classes":[]},{"id":33138,"url":"https:\/\/www.jazzzeitung.de\/cms\/2025\/09\/die-atomgrosse-jazz-radiowoche-vom-29-09-2025-bis-05-10-2025\/","url_meta":{"origin":32301,"position":1},"title":"Die atomgro\u00dfe Jazz-Radiowoche vom 29.09.2025 bis 05.10.2025","author":"Martin Hufner","date":"28. September 2025","format":false,"excerpt":"Jazz im Radio \u2013 Jeden Sonntag gibt es um 12 Uhr unsere \u00dcbersicht f\u00fcr die jeweils nachfolgende Woche. Die #Jazz-Radiowoche vom 29.09. bis zum 05.10.2025. Erheblich d\u00fcnn! Auch als PDF zum Download \u2013 #Jazz #JazzZeitung #Radio #Radiowoche \u2013 Ein Service unserer Online-Redaktion.","rel":"","context":"In &quot;News&quot;","block_context":{"text":"News","link":"https:\/\/www.jazzzeitung.de\/cms\/thema\/nachrichten\/"},"img":{"alt_text":"Botanische Supernova mit schwarzem Loch in der Na\u0308he von Terra Nova. Foto: Hufner","src":"https:\/\/i0.wp.com\/www.jazzzeitung.de\/cms\/wp-content\/uploads\/2025\/09\/Botanische-Supernova-mit-schwarzem-Loch-in-der-Naehe-von-Terra-Nova.jpg?fit=1200%2C900&ssl=1&resize=350%2C200","width":350,"height":200,"srcset":"https:\/\/i0.wp.com\/www.jazzzeitung.de\/cms\/wp-content\/uploads\/2025\/09\/Botanische-Supernova-mit-schwarzem-Loch-in-der-Naehe-von-Terra-Nova.jpg?fit=1200%2C900&ssl=1&resize=350%2C200 1x, https:\/\/i0.wp.com\/www.jazzzeitung.de\/cms\/wp-content\/uploads\/2025\/09\/Botanische-Supernova-mit-schwarzem-Loch-in-der-Naehe-von-Terra-Nova.jpg?fit=1200%2C900&ssl=1&resize=525%2C300 1.5x, https:\/\/i0.wp.com\/www.jazzzeitung.de\/cms\/wp-content\/uploads\/2025\/09\/Botanische-Supernova-mit-schwarzem-Loch-in-der-Naehe-von-Terra-Nova.jpg?fit=1200%2C900&ssl=1&resize=700%2C400 2x, https:\/\/i0.wp.com\/www.jazzzeitung.de\/cms\/wp-content\/uploads\/2025\/09\/Botanische-Supernova-mit-schwarzem-Loch-in-der-Naehe-von-Terra-Nova.jpg?fit=1200%2C900&ssl=1&resize=1050%2C600 3x"},"classes":[]},{"id":31928,"url":"https:\/\/www.jazzzeitung.de\/cms\/2024\/11\/die-geschmolzene-jazz-radiowoche-vom-25-11-2024-bis-01-12-2024\/","url_meta":{"origin":32301,"position":2},"title":"Die geschmolzene Jazz-Radiowoche vom 25.11.2024 bis 01.12.2024","author":"Martin Hufner","date":"24. November 2024","format":false,"excerpt":"Jazz im Radio \u2013 Jeden Sonntag gibt es um 12 Uhr unsere \u00dcbersicht f\u00fcr die jeweils nachfolgende Woche. Die #Jazz-Radiowoche vom 25. November bis zum 1. Dezember 2024. Erheblich ausged\u00fcnnt. Die ARD schafft ihr Radio gewisserma\u00dfen ab. Auch als PDF zum Download \u2013 #Jazz #JazzZeitung #Radio #Radiowoche \u2013 Ein Service\u2026","rel":"","context":"In &quot;News&quot;","block_context":{"text":"News","link":"https:\/\/www.jazzzeitung.de\/cms\/thema\/nachrichten\/"},"img":{"alt_text":"zugfahrt 2023 1. MH","src":"https:\/\/i0.wp.com\/www.jazzzeitung.de\/cms\/wp-content\/uploads\/2024\/11\/zugfahrt2023-1.-MH.jpg?fit=1200%2C900&ssl=1&resize=350%2C200","width":350,"height":200,"srcset":"https:\/\/i0.wp.com\/www.jazzzeitung.de\/cms\/wp-content\/uploads\/2024\/11\/zugfahrt2023-1.-MH.jpg?fit=1200%2C900&ssl=1&resize=350%2C200 1x, https:\/\/i0.wp.com\/www.jazzzeitung.de\/cms\/wp-content\/uploads\/2024\/11\/zugfahrt2023-1.-MH.jpg?fit=1200%2C900&ssl=1&resize=525%2C300 1.5x, https:\/\/i0.wp.com\/www.jazzzeitung.de\/cms\/wp-content\/uploads\/2024\/11\/zugfahrt2023-1.-MH.jpg?fit=1200%2C900&ssl=1&resize=700%2C400 2x, https:\/\/i0.wp.com\/www.jazzzeitung.de\/cms\/wp-content\/uploads\/2024\/11\/zugfahrt2023-1.-MH.jpg?fit=1200%2C900&ssl=1&resize=1050%2C600 3x"},"classes":[]},{"id":33149,"url":"https:\/\/www.jazzzeitung.de\/cms\/2025\/10\/die-protonenfette-jazz-radiowoche-vom-06-10-2025-bis-12-10-2025-2\/","url_meta":{"origin":32301,"position":3},"title":"Die atomgro\u00dfe Jazz-Radiowoche vom 06.10.2025 bis 12.10.2025","author":"Martin Hufner","date":"5. Oktober 2025","format":false,"excerpt":"Jazz im Radio \u2013 Jeden Sonntag gibt es um 12 Uhr unsere \u00dcbersicht f\u00fcr die jeweils nachfolgende Woche. Die #Jazz-Radiowoche vom 06.10. bis zum 12.10.2025. Erheblich d\u00fcnn! Auch als PDF zum Download \u2013 #Jazz #JazzZeitung #Radio #Radiowoche \u2013 Ein Service unserer Online-Redaktion.","rel":"","context":"In &quot;News&quot;","block_context":{"text":"News","link":"https:\/\/www.jazzzeitung.de\/cms\/thema\/nachrichten\/"},"img":{"alt_text":"Im G\u00e4stezimmer des Lebens. Foto: Hufner","src":"https:\/\/i0.wp.com\/www.jazzzeitung.de\/cms\/wp-content\/uploads\/2025\/10\/gaestezimmer.jpg?fit=960%2C1200&ssl=1&resize=350%2C200","width":350,"height":200,"srcset":"https:\/\/i0.wp.com\/www.jazzzeitung.de\/cms\/wp-content\/uploads\/2025\/10\/gaestezimmer.jpg?fit=960%2C1200&ssl=1&resize=350%2C200 1x, https:\/\/i0.wp.com\/www.jazzzeitung.de\/cms\/wp-content\/uploads\/2025\/10\/gaestezimmer.jpg?fit=960%2C1200&ssl=1&resize=525%2C300 1.5x, https:\/\/i0.wp.com\/www.jazzzeitung.de\/cms\/wp-content\/uploads\/2025\/10\/gaestezimmer.jpg?fit=960%2C1200&ssl=1&resize=700%2C400 2x"},"classes":[]},{"id":32452,"url":"https:\/\/www.jazzzeitung.de\/cms\/2025\/04\/die-eingeschmolzene-jazz-radiowoche-vom-21-04-2025-bis-27-04-2025\/","url_meta":{"origin":32301,"position":4},"title":"Die eingeschmolzene Jazz-Radiowoche vom 21.04.2025 bis 27.04.2025","author":"Martin Hufner","date":"20. April 2025","format":false,"excerpt":"Jazz im Radio \u2013 Jeden Sonntag gibt es um 12 Uhr unsere \u00dcbersicht f\u00fcr die jeweils nachfolgende Woche. Die #Jazz-Radiowoche vom 21. bis 27. April 2025. Erheblich ausged\u00fcnnt. Auch als PDF zum Download \u2013 #Jazz #JazzZeitung #Radio #Radiowoche \u2013 Ein Service unserer Online-Redaktion.","rel":"","context":"In &quot;News&quot;","block_context":{"text":"News","link":"https:\/\/www.jazzzeitung.de\/cms\/thema\/nachrichten\/"},"img":{"alt_text":"Kn\u00f6pfe. Foto: Hufner","src":"https:\/\/i0.wp.com\/www.jazzzeitung.de\/cms\/wp-content\/uploads\/2025\/04\/knoepfe.jpg?fit=1200%2C900&ssl=1&resize=350%2C200","width":350,"height":200,"srcset":"https:\/\/i0.wp.com\/www.jazzzeitung.de\/cms\/wp-content\/uploads\/2025\/04\/knoepfe.jpg?fit=1200%2C900&ssl=1&resize=350%2C200 1x, https:\/\/i0.wp.com\/www.jazzzeitung.de\/cms\/wp-content\/uploads\/2025\/04\/knoepfe.jpg?fit=1200%2C900&ssl=1&resize=525%2C300 1.5x, https:\/\/i0.wp.com\/www.jazzzeitung.de\/cms\/wp-content\/uploads\/2025\/04\/knoepfe.jpg?fit=1200%2C900&ssl=1&resize=700%2C400 2x, https:\/\/i0.wp.com\/www.jazzzeitung.de\/cms\/wp-content\/uploads\/2025\/04\/knoepfe.jpg?fit=1200%2C900&ssl=1&resize=1050%2C600 3x"},"classes":[]},{"id":32215,"url":"https:\/\/www.jazzzeitung.de\/cms\/2025\/02\/die-eingeschmolzene-jazz-radiowoche-vom-17-02-2025-bis-23-02-2025\/","url_meta":{"origin":32301,"position":5},"title":"Die eingeschmolzene Jazz-Radiowoche vom 17.02.2025 bis 23.02.2025","author":"Martin Hufner","date":"16. Februar 2025","format":false,"excerpt":"Jazz im Radio \u2013 Jeden Sonntag gibt es um 12 Uhr unsere \u00dcbersicht f\u00fcr die jeweils nachfolgende Woche. Die #Jazz-Radiowoche vom 10. bis 16. Februar 2025. Erheblich ausged\u00fcnnt. Die ARD schafft ihr Radio gewisserma\u00dfen ab. Auch als PDF zum Download \u2013 #Jazz #JazzZeitung #Radio #Radiowoche \u2013 Ein Service unserer Online-Redaktion.","rel":"","context":"In &quot;News&quot;","block_context":{"text":"News","link":"https:\/\/www.jazzzeitung.de\/cms\/thema\/nachrichten\/"},"img":{"alt_text":"Kunst vorm Bau. Foto: Hufner","src":"https:\/\/i0.wp.com\/www.jazzzeitung.de\/cms\/wp-content\/uploads\/2025\/02\/kunstvormbau.jpg?fit=1080%2C939&ssl=1&resize=350%2C200","width":350,"height":200,"srcset":"https:\/\/i0.wp.com\/www.jazzzeitung.de\/cms\/wp-content\/uploads\/2025\/02\/kunstvormbau.jpg?fit=1080%2C939&ssl=1&resize=350%2C200 1x, https:\/\/i0.wp.com\/www.jazzzeitung.de\/cms\/wp-content\/uploads\/2025\/02\/kunstvormbau.jpg?fit=1080%2C939&ssl=1&resize=525%2C300 1.5x, https:\/\/i0.wp.com\/www.jazzzeitung.de\/cms\/wp-content\/uploads\/2025\/02\/kunstvormbau.jpg?fit=1080%2C939&ssl=1&resize=700%2C400 2x, https:\/\/i0.wp.com\/www.jazzzeitung.de\/cms\/wp-content\/uploads\/2025\/02\/kunstvormbau.jpg?fit=1080%2C939&ssl=1&resize=1050%2C600 3x"},"classes":[]}],"jetpack_sharing_enabled":false,"_links":{"self":[{"href":"https:\/\/www.jazzzeitung.de\/cms\/wp-json\/wp\/v2\/posts\/32301","targetHints":{"allow":["GET"]}}],"collection":[{"href":"https:\/\/www.jazzzeitung.de\/cms\/wp-json\/wp\/v2\/posts"}],"about":[{"href":"https:\/\/www.jazzzeitung.de\/cms\/wp-json\/wp\/v2\/types\/post"}],"author":[{"embeddable":true,"href":"https:\/\/www.jazzzeitung.de\/cms\/wp-json\/wp\/v2\/users\/1"}],"replies":[{"embeddable":true,"href":"https:\/\/www.jazzzeitung.de\/cms\/wp-json\/wp\/v2\/comments?post=32301"}],"version-history":[{"count":2,"href":"https:\/\/www.jazzzeitung.de\/cms\/wp-json\/wp\/v2\/posts\/32301\/revisions"}],"predecessor-version":[{"id":32320,"href":"https:\/\/www.jazzzeitung.de\/cms\/wp-json\/wp\/v2\/posts\/32301\/revisions\/32320"}],"wp:featuredmedia":[{"embeddable":true,"href":"https:\/\/www.jazzzeitung.de\/cms\/wp-json\/wp\/v2\/media\/32302"}],"wp:attachment":[{"href":"https:\/\/www.jazzzeitung.de\/cms\/wp-json\/wp\/v2\/media?parent=32301"}],"wp:term":[{"taxonomy":"category","embeddable":true,"href":"https:\/\/www.jazzzeitung.de\/cms\/wp-json\/wp\/v2\/categories?post=32301"},{"taxonomy":"post_tag","embeddable":true,"href":"https:\/\/www.jazzzeitung.de\/cms\/wp-json\/wp\/v2\/tags?post=32301"},{"taxonomy":"author","embeddable":true,"href":"https:\/\/www.jazzzeitung.de\/cms\/wp-json\/wp\/v2\/coauthors?post=32301"}],"curies":[{"name":"wp","href":"https:\/\/api.w.org\/{rel}","templated":true}]}}