{"id":32237,"date":"2025-02-18T08:46:19","date_gmt":"2025-02-18T07:46:19","guid":{"rendered":"https:\/\/www.jazzzeitung.de\/cms\/?p=32237"},"modified":"2025-02-17T15:54:29","modified_gmt":"2025-02-17T14:54:29","slug":"masako-ohta-matthias-lindermayr-mit-neuen-duo-album-nozomi","status":"publish","type":"post","link":"https:\/\/www.jazzzeitung.de\/cms\/2025\/02\/masako-ohta-matthias-lindermayr-mit-neuen-duo-album-nozomi\/","title":{"rendered":"Masako Ohta &#038; Matthias Lindermayr mit neuen Duo-Album: Nozomi"},"content":{"rendered":"<p>(Von Thomas J. Krebs) Am Abend des 13. Februar fand im M\u00fcnchner Theater Schwere Reiter das Release Konzert des neuen Albums der Pianistin Masako Ohta und dem Trompeter Matthias Lindermayr statt. Ein ganz normaler Tag bis 10.30 Uhr, als sich in M\u00fcnchen, in mittelbarer N\u00e4he des Theaters, der Anschlag am Stiglmaierplatz ereignete. Alle stehen noch sichtlich unter Schock.<\/p>\n<h3>Betroffenheit<\/h3>\n<p>Christiane B\u00f6hnke-Geisse, k\u00fcnstlerische Leiterin der Sparte Musik, trat an dem Abend sichtlich betroffen vor das Publikum und bat um eine Schweigeminute f\u00fcr die Opfer des Anschlags, bevor die Musiker die B\u00fchne betreten. Ein vers\u00f6hnlicher Trost, das Konzert konnte trotz der tragischen Umst\u00e4nde stattfinden.<\/p>\n<div class=\"tiled-gallery type-rectangular tiled-gallery-unresized\" data-original-width=\"840\" data-carousel-extra='{&quot;blog_id&quot;:1,&quot;permalink&quot;:&quot;https:\\\/\\\/www.jazzzeitung.de\\\/cms\\\/2025\\\/02\\\/masako-ohta-matthias-lindermayr-mit-neuen-duo-album-nozomi\\\/&quot;,&quot;likes_blog_id&quot;:55446655}' itemscope itemtype=\"http:\/\/schema.org\/ImageGallery\" > <div class=\"gallery-row\" style=\"width: 840px; height: 593px;\" data-original-width=\"840\" data-original-height=\"593\" > <div class=\"gallery-group images-2\" style=\"width: 443px; height: 593px;\" data-original-width=\"443\" data-original-height=\"593\" > <div class=\"tiled-gallery-item tiled-gallery-item-large\" itemprop=\"associatedMedia\" itemscope itemtype=\"http:\/\/schema.org\/ImageObject\"> <a href=\"https:\/\/www.jazzzeitung.de\/cms\/2025\/02\/masako-ohta-matthias-lindermayr-mit-neuen-duo-album-nozomi\/p1500273-ohta-lindermayr-foto-tj-krebs\/\" border=\"0\" itemprop=\"url\"> <meta itemprop=\"width\" content=\"439\"> <meta itemprop=\"height\" content=\"293\"> <img decoding=\"async\" class=\"\" data-attachment-id=\"32247\" data-orig-file=\"https:\/\/www.jazzzeitung.de\/cms\/wp-content\/uploads\/2025\/02\/P1500273-Ohta-Lindermayr-Foto-TJ-Krebs.jpg\" data-orig-size=\"1200,800\" data-comments-opened=\"1\" data-image-meta=\"{&quot;aperture&quot;:&quot;0&quot;,&quot;credit&quot;:&quot;&quot;,&quot;camera&quot;:&quot;&quot;,&quot;caption&quot;:&quot;&quot;,&quot;created_timestamp&quot;:&quot;0&quot;,&quot;copyright&quot;:&quot;&quot;,&quot;focal_length&quot;:&quot;0&quot;,&quot;iso&quot;:&quot;0&quot;,&quot;shutter_speed&quot;:&quot;0&quot;,&quot;title&quot;:&quot;&quot;,&quot;orientation&quot;:&quot;0&quot;}\" data-image-title=\"P1500273 Ohta-Lindermayr &amp;#8211; Foto TJ Krebs\" data-image-description=\"\" data-medium-file=\"https:\/\/i0.wp.com\/www.jazzzeitung.de\/cms\/wp-content\/uploads\/2025\/02\/P1500273-Ohta-Lindermayr-Foto-TJ-Krebs.jpg?fit=300%2C200&#038;ssl=1\" data-large-file=\"https:\/\/i0.wp.com\/www.jazzzeitung.de\/cms\/wp-content\/uploads\/2025\/02\/P1500273-Ohta-Lindermayr-Foto-TJ-Krebs.jpg?fit=840%2C560&#038;ssl=1\" src=\"https:\/\/i0.wp.com\/www.jazzzeitung.de\/cms\/wp-content\/uploads\/2025\/02\/P1500273-Ohta-Lindermayr-Foto-TJ-Krebs.jpg?w=439&#038;h=293&#038;ssl=1\" srcset=\"https:\/\/i0.wp.com\/www.jazzzeitung.de\/cms\/wp-content\/uploads\/2025\/02\/P1500273-Ohta-Lindermayr-Foto-TJ-Krebs.jpg?w=1200&amp;ssl=1 1200w, https:\/\/i0.wp.com\/www.jazzzeitung.de\/cms\/wp-content\/uploads\/2025\/02\/P1500273-Ohta-Lindermayr-Foto-TJ-Krebs.jpg?resize=300%2C200&amp;ssl=1 300w, https:\/\/i0.wp.com\/www.jazzzeitung.de\/cms\/wp-content\/uploads\/2025\/02\/P1500273-Ohta-Lindermayr-Foto-TJ-Krebs.jpg?resize=900%2C600&amp;ssl=1 900w, https:\/\/i0.wp.com\/www.jazzzeitung.de\/cms\/wp-content\/uploads\/2025\/02\/P1500273-Ohta-Lindermayr-Foto-TJ-Krebs.jpg?resize=768%2C512&amp;ssl=1 768w, https:\/\/i0.wp.com\/www.jazzzeitung.de\/cms\/wp-content\/uploads\/2025\/02\/P1500273-Ohta-Lindermayr-Foto-TJ-Krebs.jpg?resize=120%2C80&amp;ssl=1 120w\" width=\"439\" height=\"293\" loading=\"lazy\" data-original-width=\"439\" data-original-height=\"293\" itemprop=\"http:\/\/schema.org\/image\" title=\"P1500273 Ohta-Lindermayr - Foto TJ Krebs\" alt=\"P1500273 Ohta-Lindermayr - Foto TJ Krebs\" style=\"width: 439px; height: 293px;\" \/> <\/a> <\/div> <div class=\"tiled-gallery-item tiled-gallery-item-large\" itemprop=\"associatedMedia\" itemscope itemtype=\"http:\/\/schema.org\/ImageObject\"> <a href=\"https:\/\/www.jazzzeitung.de\/cms\/2025\/02\/masako-ohta-matthias-lindermayr-mit-neuen-duo-album-nozomi\/p1500258-ohta-foto-tj-krebs\/\" border=\"0\" itemprop=\"url\"> <meta itemprop=\"width\" content=\"439\"> <meta itemprop=\"height\" content=\"292\"> <img decoding=\"async\" class=\"\" data-attachment-id=\"32246\" data-orig-file=\"https:\/\/www.jazzzeitung.de\/cms\/wp-content\/uploads\/2025\/02\/P1500258-Ohta-Foto-TJ-Krebs.jpg\" data-orig-size=\"1200,799\" data-comments-opened=\"1\" data-image-meta=\"{&quot;aperture&quot;:&quot;0&quot;,&quot;credit&quot;:&quot;&quot;,&quot;camera&quot;:&quot;&quot;,&quot;caption&quot;:&quot;&quot;,&quot;created_timestamp&quot;:&quot;0&quot;,&quot;copyright&quot;:&quot;&quot;,&quot;focal_length&quot;:&quot;0&quot;,&quot;iso&quot;:&quot;0&quot;,&quot;shutter_speed&quot;:&quot;0&quot;,&quot;title&quot;:&quot;&quot;,&quot;orientation&quot;:&quot;0&quot;}\" data-image-title=\"P1500258 Ohta &amp;#8211; Foto TJ Krebs\" data-image-description=\"\" data-medium-file=\"https:\/\/i0.wp.com\/www.jazzzeitung.de\/cms\/wp-content\/uploads\/2025\/02\/P1500258-Ohta-Foto-TJ-Krebs.jpg?fit=300%2C200&#038;ssl=1\" data-large-file=\"https:\/\/i0.wp.com\/www.jazzzeitung.de\/cms\/wp-content\/uploads\/2025\/02\/P1500258-Ohta-Foto-TJ-Krebs.jpg?fit=840%2C560&#038;ssl=1\" src=\"https:\/\/i0.wp.com\/www.jazzzeitung.de\/cms\/wp-content\/uploads\/2025\/02\/P1500258-Ohta-Foto-TJ-Krebs.jpg?w=439&#038;h=292&#038;ssl=1\" srcset=\"https:\/\/i0.wp.com\/www.jazzzeitung.de\/cms\/wp-content\/uploads\/2025\/02\/P1500258-Ohta-Foto-TJ-Krebs.jpg?w=1200&amp;ssl=1 1200w, https:\/\/i0.wp.com\/www.jazzzeitung.de\/cms\/wp-content\/uploads\/2025\/02\/P1500258-Ohta-Foto-TJ-Krebs.jpg?resize=300%2C200&amp;ssl=1 300w, https:\/\/i0.wp.com\/www.jazzzeitung.de\/cms\/wp-content\/uploads\/2025\/02\/P1500258-Ohta-Foto-TJ-Krebs.jpg?resize=900%2C600&amp;ssl=1 900w, https:\/\/i0.wp.com\/www.jazzzeitung.de\/cms\/wp-content\/uploads\/2025\/02\/P1500258-Ohta-Foto-TJ-Krebs.jpg?resize=768%2C511&amp;ssl=1 768w, https:\/\/i0.wp.com\/www.jazzzeitung.de\/cms\/wp-content\/uploads\/2025\/02\/P1500258-Ohta-Foto-TJ-Krebs.jpg?resize=120%2C80&amp;ssl=1 120w\" width=\"439\" height=\"292\" loading=\"lazy\" data-original-width=\"439\" data-original-height=\"292\" itemprop=\"http:\/\/schema.org\/image\" title=\"P1500258 Ohta - Foto TJ Krebs\" alt=\"P1500258 Ohta - Foto TJ Krebs\" style=\"width: 439px; height: 292px;\" \/> <\/a> <\/div> <\/div> <!-- close group --> <div class=\"gallery-group images-1\" style=\"width: 397px; height: 593px;\" data-original-width=\"397\" data-original-height=\"593\" > <div class=\"tiled-gallery-item tiled-gallery-item-large\" itemprop=\"associatedMedia\" itemscope itemtype=\"http:\/\/schema.org\/ImageObject\"> <a href=\"https:\/\/www.jazzzeitung.de\/cms\/2025\/02\/masako-ohta-matthias-lindermayr-mit-neuen-duo-album-nozomi\/p1500248-ohta-foto-tj-krebs\/\" border=\"0\" itemprop=\"url\"> <meta itemprop=\"width\" content=\"393\"> <meta itemprop=\"height\" content=\"589\"> <img decoding=\"async\" class=\"\" data-attachment-id=\"32245\" data-orig-file=\"https:\/\/www.jazzzeitung.de\/cms\/wp-content\/uploads\/2025\/02\/P1500248-Ohta-Foto-TJ-Krebs.jpg\" data-orig-size=\"800,1201\" data-comments-opened=\"1\" data-image-meta=\"{&quot;aperture&quot;:&quot;0&quot;,&quot;credit&quot;:&quot;&quot;,&quot;camera&quot;:&quot;&quot;,&quot;caption&quot;:&quot;&quot;,&quot;created_timestamp&quot;:&quot;0&quot;,&quot;copyright&quot;:&quot;&quot;,&quot;focal_length&quot;:&quot;0&quot;,&quot;iso&quot;:&quot;0&quot;,&quot;shutter_speed&quot;:&quot;0&quot;,&quot;title&quot;:&quot;&quot;,&quot;orientation&quot;:&quot;0&quot;}\" data-image-title=\"P1500248 Ohta &amp;#8211; Foto TJ Krebs\" data-image-description=\"\" data-medium-file=\"https:\/\/i0.wp.com\/www.jazzzeitung.de\/cms\/wp-content\/uploads\/2025\/02\/P1500248-Ohta-Foto-TJ-Krebs.jpg?fit=200%2C300&#038;ssl=1\" data-large-file=\"https:\/\/i0.wp.com\/www.jazzzeitung.de\/cms\/wp-content\/uploads\/2025\/02\/P1500248-Ohta-Foto-TJ-Krebs.jpg?fit=400%2C600&#038;ssl=1\" src=\"https:\/\/i0.wp.com\/www.jazzzeitung.de\/cms\/wp-content\/uploads\/2025\/02\/P1500248-Ohta-Foto-TJ-Krebs.jpg?w=393&#038;h=589&#038;ssl=1\" srcset=\"https:\/\/i0.wp.com\/www.jazzzeitung.de\/cms\/wp-content\/uploads\/2025\/02\/P1500248-Ohta-Foto-TJ-Krebs.jpg?w=800&amp;ssl=1 800w, https:\/\/i0.wp.com\/www.jazzzeitung.de\/cms\/wp-content\/uploads\/2025\/02\/P1500248-Ohta-Foto-TJ-Krebs.jpg?resize=200%2C300&amp;ssl=1 200w, https:\/\/i0.wp.com\/www.jazzzeitung.de\/cms\/wp-content\/uploads\/2025\/02\/P1500248-Ohta-Foto-TJ-Krebs.jpg?resize=400%2C600&amp;ssl=1 400w, https:\/\/i0.wp.com\/www.jazzzeitung.de\/cms\/wp-content\/uploads\/2025\/02\/P1500248-Ohta-Foto-TJ-Krebs.jpg?resize=768%2C1153&amp;ssl=1 768w\" width=\"393\" height=\"589\" loading=\"lazy\" data-original-width=\"393\" data-original-height=\"589\" itemprop=\"http:\/\/schema.org\/image\" title=\"P1500248 Ohta - Foto TJ Krebs\" alt=\"P1500248 Ohta - Foto TJ Krebs\" style=\"width: 393px; height: 589px;\" \/> <\/a> <\/div> <\/div> <!-- close group --> <\/div> <!-- close row --> <div class=\"gallery-row\" style=\"width: 840px; height: 230px;\" data-original-width=\"840\" data-original-height=\"230\" > <div class=\"gallery-group images-1\" style=\"width: 343px; height: 230px;\" data-original-width=\"343\" data-original-height=\"230\" > <div class=\"tiled-gallery-item tiled-gallery-item-large\" itemprop=\"associatedMedia\" itemscope itemtype=\"http:\/\/schema.org\/ImageObject\"> <a href=\"https:\/\/www.jazzzeitung.de\/cms\/2025\/02\/masako-ohta-matthias-lindermayr-mit-neuen-duo-album-nozomi\/p1500190-lindermayr-foto-tj-krebs\/\" border=\"0\" itemprop=\"url\"> <meta itemprop=\"width\" content=\"339\"> <meta itemprop=\"height\" content=\"226\"> <img decoding=\"async\" class=\"\" data-attachment-id=\"32244\" data-orig-file=\"https:\/\/www.jazzzeitung.de\/cms\/wp-content\/uploads\/2025\/02\/P1500190-Lindermayr-Foto-TJ-Krebs.jpg\" data-orig-size=\"1200,799\" data-comments-opened=\"1\" data-image-meta=\"{&quot;aperture&quot;:&quot;0&quot;,&quot;credit&quot;:&quot;&quot;,&quot;camera&quot;:&quot;&quot;,&quot;caption&quot;:&quot;&quot;,&quot;created_timestamp&quot;:&quot;0&quot;,&quot;copyright&quot;:&quot;&quot;,&quot;focal_length&quot;:&quot;0&quot;,&quot;iso&quot;:&quot;0&quot;,&quot;shutter_speed&quot;:&quot;0&quot;,&quot;title&quot;:&quot;&quot;,&quot;orientation&quot;:&quot;0&quot;}\" data-image-title=\"P1500190 Lindermayr &amp;#8211; Foto TJ Krebs\" data-image-description=\"\" data-medium-file=\"https:\/\/i0.wp.com\/www.jazzzeitung.de\/cms\/wp-content\/uploads\/2025\/02\/P1500190-Lindermayr-Foto-TJ-Krebs.jpg?fit=300%2C200&#038;ssl=1\" data-large-file=\"https:\/\/i0.wp.com\/www.jazzzeitung.de\/cms\/wp-content\/uploads\/2025\/02\/P1500190-Lindermayr-Foto-TJ-Krebs.jpg?fit=840%2C560&#038;ssl=1\" src=\"https:\/\/i0.wp.com\/www.jazzzeitung.de\/cms\/wp-content\/uploads\/2025\/02\/P1500190-Lindermayr-Foto-TJ-Krebs.jpg?w=339&#038;h=226&#038;ssl=1\" srcset=\"https:\/\/i0.wp.com\/www.jazzzeitung.de\/cms\/wp-content\/uploads\/2025\/02\/P1500190-Lindermayr-Foto-TJ-Krebs.jpg?w=1200&amp;ssl=1 1200w, https:\/\/i0.wp.com\/www.jazzzeitung.de\/cms\/wp-content\/uploads\/2025\/02\/P1500190-Lindermayr-Foto-TJ-Krebs.jpg?resize=300%2C200&amp;ssl=1 300w, https:\/\/i0.wp.com\/www.jazzzeitung.de\/cms\/wp-content\/uploads\/2025\/02\/P1500190-Lindermayr-Foto-TJ-Krebs.jpg?resize=900%2C600&amp;ssl=1 900w, https:\/\/i0.wp.com\/www.jazzzeitung.de\/cms\/wp-content\/uploads\/2025\/02\/P1500190-Lindermayr-Foto-TJ-Krebs.jpg?resize=768%2C511&amp;ssl=1 768w, https:\/\/i0.wp.com\/www.jazzzeitung.de\/cms\/wp-content\/uploads\/2025\/02\/P1500190-Lindermayr-Foto-TJ-Krebs.jpg?resize=120%2C80&amp;ssl=1 120w\" width=\"339\" height=\"226\" loading=\"lazy\" data-original-width=\"339\" data-original-height=\"226\" itemprop=\"http:\/\/schema.org\/image\" title=\"P1500190 Lindermayr - Foto TJ Krebs\" alt=\"P1500190 Lindermayr - Foto TJ Krebs\" style=\"width: 339px; height: 226px;\" \/> <\/a> <\/div> <\/div> <!-- close group --> <div class=\"gallery-group images-1\" style=\"width: 154px; height: 230px;\" data-original-width=\"154\" data-original-height=\"230\" > <div class=\"tiled-gallery-item tiled-gallery-item-small\" itemprop=\"associatedMedia\" itemscope itemtype=\"http:\/\/schema.org\/ImageObject\"> <a href=\"https:\/\/www.jazzzeitung.de\/cms\/2025\/02\/masako-ohta-matthias-lindermayr-mit-neuen-duo-album-nozomi\/p1500173-lindermayr-foto-tj-krebs\/\" border=\"0\" itemprop=\"url\"> <meta itemprop=\"width\" content=\"150\"> <meta itemprop=\"height\" content=\"226\"> <img decoding=\"async\" class=\"\" data-attachment-id=\"32243\" data-orig-file=\"https:\/\/www.jazzzeitung.de\/cms\/wp-content\/uploads\/2025\/02\/P1500173-Lindermayr-Foto-TJ-Krebs.jpg\" data-orig-size=\"800,1201\" data-comments-opened=\"1\" data-image-meta=\"{&quot;aperture&quot;:&quot;0&quot;,&quot;credit&quot;:&quot;&quot;,&quot;camera&quot;:&quot;&quot;,&quot;caption&quot;:&quot;&quot;,&quot;created_timestamp&quot;:&quot;0&quot;,&quot;copyright&quot;:&quot;&quot;,&quot;focal_length&quot;:&quot;0&quot;,&quot;iso&quot;:&quot;0&quot;,&quot;shutter_speed&quot;:&quot;0&quot;,&quot;title&quot;:&quot;&quot;,&quot;orientation&quot;:&quot;0&quot;}\" data-image-title=\"P1500173 Lindermayr &amp;#8211; Foto TJ Krebs\" data-image-description=\"\" data-medium-file=\"https:\/\/i0.wp.com\/www.jazzzeitung.de\/cms\/wp-content\/uploads\/2025\/02\/P1500173-Lindermayr-Foto-TJ-Krebs.jpg?fit=200%2C300&#038;ssl=1\" data-large-file=\"https:\/\/i0.wp.com\/www.jazzzeitung.de\/cms\/wp-content\/uploads\/2025\/02\/P1500173-Lindermayr-Foto-TJ-Krebs.jpg?fit=400%2C600&#038;ssl=1\" src=\"https:\/\/i0.wp.com\/www.jazzzeitung.de\/cms\/wp-content\/uploads\/2025\/02\/P1500173-Lindermayr-Foto-TJ-Krebs.jpg?w=150&#038;h=226&#038;ssl=1\" srcset=\"https:\/\/i0.wp.com\/www.jazzzeitung.de\/cms\/wp-content\/uploads\/2025\/02\/P1500173-Lindermayr-Foto-TJ-Krebs.jpg?w=800&amp;ssl=1 800w, https:\/\/i0.wp.com\/www.jazzzeitung.de\/cms\/wp-content\/uploads\/2025\/02\/P1500173-Lindermayr-Foto-TJ-Krebs.jpg?resize=200%2C300&amp;ssl=1 200w, https:\/\/i0.wp.com\/www.jazzzeitung.de\/cms\/wp-content\/uploads\/2025\/02\/P1500173-Lindermayr-Foto-TJ-Krebs.jpg?resize=400%2C600&amp;ssl=1 400w, https:\/\/i0.wp.com\/www.jazzzeitung.de\/cms\/wp-content\/uploads\/2025\/02\/P1500173-Lindermayr-Foto-TJ-Krebs.jpg?resize=768%2C1153&amp;ssl=1 768w\" width=\"150\" height=\"226\" loading=\"lazy\" data-original-width=\"150\" data-original-height=\"226\" itemprop=\"http:\/\/schema.org\/image\" title=\"P1500173 Lindermayr - Foto TJ Krebs\" alt=\"P1500173 Lindermayr - Foto TJ Krebs\" style=\"width: 150px; height: 226px;\" \/> <\/a> <\/div> <\/div> <!-- close group --> <div class=\"gallery-group images-1\" style=\"width: 343px; height: 230px;\" data-original-width=\"343\" data-original-height=\"230\" > <div class=\"tiled-gallery-item tiled-gallery-item-large\" itemprop=\"associatedMedia\" itemscope itemtype=\"http:\/\/schema.org\/ImageObject\"> <a href=\"https:\/\/www.jazzzeitung.de\/cms\/2025\/02\/masako-ohta-matthias-lindermayr-mit-neuen-duo-album-nozomi\/p1500148-ohta-foto-tj-krebs\/\" border=\"0\" itemprop=\"url\"> <meta itemprop=\"width\" content=\"339\"> <meta itemprop=\"height\" content=\"226\"> <img decoding=\"async\" class=\"\" data-attachment-id=\"32242\" data-orig-file=\"https:\/\/www.jazzzeitung.de\/cms\/wp-content\/uploads\/2025\/02\/P1500148-Ohta-Foto-TJ-Krebs.jpg\" data-orig-size=\"1200,799\" data-comments-opened=\"1\" data-image-meta=\"{&quot;aperture&quot;:&quot;0&quot;,&quot;credit&quot;:&quot;&quot;,&quot;camera&quot;:&quot;&quot;,&quot;caption&quot;:&quot;&quot;,&quot;created_timestamp&quot;:&quot;0&quot;,&quot;copyright&quot;:&quot;&quot;,&quot;focal_length&quot;:&quot;0&quot;,&quot;iso&quot;:&quot;0&quot;,&quot;shutter_speed&quot;:&quot;0&quot;,&quot;title&quot;:&quot;&quot;,&quot;orientation&quot;:&quot;0&quot;}\" data-image-title=\"P1500148 Ohta &amp;#8211; Foto TJ Krebs\" data-image-description=\"\" data-medium-file=\"https:\/\/i0.wp.com\/www.jazzzeitung.de\/cms\/wp-content\/uploads\/2025\/02\/P1500148-Ohta-Foto-TJ-Krebs.jpg?fit=300%2C200&#038;ssl=1\" data-large-file=\"https:\/\/i0.wp.com\/www.jazzzeitung.de\/cms\/wp-content\/uploads\/2025\/02\/P1500148-Ohta-Foto-TJ-Krebs.jpg?fit=840%2C560&#038;ssl=1\" src=\"https:\/\/i0.wp.com\/www.jazzzeitung.de\/cms\/wp-content\/uploads\/2025\/02\/P1500148-Ohta-Foto-TJ-Krebs.jpg?w=339&#038;h=226&#038;ssl=1\" srcset=\"https:\/\/i0.wp.com\/www.jazzzeitung.de\/cms\/wp-content\/uploads\/2025\/02\/P1500148-Ohta-Foto-TJ-Krebs.jpg?w=1200&amp;ssl=1 1200w, https:\/\/i0.wp.com\/www.jazzzeitung.de\/cms\/wp-content\/uploads\/2025\/02\/P1500148-Ohta-Foto-TJ-Krebs.jpg?resize=300%2C200&amp;ssl=1 300w, https:\/\/i0.wp.com\/www.jazzzeitung.de\/cms\/wp-content\/uploads\/2025\/02\/P1500148-Ohta-Foto-TJ-Krebs.jpg?resize=900%2C600&amp;ssl=1 900w, https:\/\/i0.wp.com\/www.jazzzeitung.de\/cms\/wp-content\/uploads\/2025\/02\/P1500148-Ohta-Foto-TJ-Krebs.jpg?resize=768%2C511&amp;ssl=1 768w, https:\/\/i0.wp.com\/www.jazzzeitung.de\/cms\/wp-content\/uploads\/2025\/02\/P1500148-Ohta-Foto-TJ-Krebs.jpg?resize=120%2C80&amp;ssl=1 120w\" width=\"339\" height=\"226\" loading=\"lazy\" data-original-width=\"339\" data-original-height=\"226\" itemprop=\"http:\/\/schema.org\/image\" title=\"P1500148 Ohta - Foto TJ Krebs\" alt=\"P1500148 Ohta - Foto TJ Krebs\" style=\"width: 339px; height: 226px;\" \/> <\/a> <\/div> <\/div> <!-- close group --> <\/div> <!-- close row --> <div class=\"gallery-row\" style=\"width: 840px; height: 281px;\" data-original-width=\"840\" data-original-height=\"281\" > <div class=\"gallery-group images-1\" style=\"width: 420px; height: 281px;\" data-original-width=\"420\" data-original-height=\"281\" > <div class=\"tiled-gallery-item tiled-gallery-item-large\" itemprop=\"associatedMedia\" itemscope itemtype=\"http:\/\/schema.org\/ImageObject\"> <a href=\"https:\/\/www.jazzzeitung.de\/cms\/2025\/02\/masako-ohta-matthias-lindermayr-mit-neuen-duo-album-nozomi\/p1500147-lindermayr-foto-tj-krebs\/\" border=\"0\" itemprop=\"url\"> <meta itemprop=\"width\" content=\"416\"> <meta itemprop=\"height\" content=\"277\"> <img decoding=\"async\" class=\"\" data-attachment-id=\"32241\" data-orig-file=\"https:\/\/www.jazzzeitung.de\/cms\/wp-content\/uploads\/2025\/02\/P1500147-Lindermayr-Foto-TJ-Krebs.jpg\" data-orig-size=\"1200,799\" data-comments-opened=\"1\" data-image-meta=\"{&quot;aperture&quot;:&quot;0&quot;,&quot;credit&quot;:&quot;&quot;,&quot;camera&quot;:&quot;&quot;,&quot;caption&quot;:&quot;&quot;,&quot;created_timestamp&quot;:&quot;0&quot;,&quot;copyright&quot;:&quot;&quot;,&quot;focal_length&quot;:&quot;0&quot;,&quot;iso&quot;:&quot;0&quot;,&quot;shutter_speed&quot;:&quot;0&quot;,&quot;title&quot;:&quot;&quot;,&quot;orientation&quot;:&quot;0&quot;}\" data-image-title=\"P1500147 Lindermayr &amp;#8211; Foto TJ Krebs\" data-image-description=\"\" data-medium-file=\"https:\/\/i0.wp.com\/www.jazzzeitung.de\/cms\/wp-content\/uploads\/2025\/02\/P1500147-Lindermayr-Foto-TJ-Krebs.jpg?fit=300%2C200&#038;ssl=1\" data-large-file=\"https:\/\/i0.wp.com\/www.jazzzeitung.de\/cms\/wp-content\/uploads\/2025\/02\/P1500147-Lindermayr-Foto-TJ-Krebs.jpg?fit=840%2C560&#038;ssl=1\" src=\"https:\/\/i0.wp.com\/www.jazzzeitung.de\/cms\/wp-content\/uploads\/2025\/02\/P1500147-Lindermayr-Foto-TJ-Krebs.jpg?w=416&#038;h=277&#038;ssl=1\" srcset=\"https:\/\/i0.wp.com\/www.jazzzeitung.de\/cms\/wp-content\/uploads\/2025\/02\/P1500147-Lindermayr-Foto-TJ-Krebs.jpg?w=1200&amp;ssl=1 1200w, https:\/\/i0.wp.com\/www.jazzzeitung.de\/cms\/wp-content\/uploads\/2025\/02\/P1500147-Lindermayr-Foto-TJ-Krebs.jpg?resize=300%2C200&amp;ssl=1 300w, https:\/\/i0.wp.com\/www.jazzzeitung.de\/cms\/wp-content\/uploads\/2025\/02\/P1500147-Lindermayr-Foto-TJ-Krebs.jpg?resize=900%2C600&amp;ssl=1 900w, https:\/\/i0.wp.com\/www.jazzzeitung.de\/cms\/wp-content\/uploads\/2025\/02\/P1500147-Lindermayr-Foto-TJ-Krebs.jpg?resize=768%2C511&amp;ssl=1 768w, https:\/\/i0.wp.com\/www.jazzzeitung.de\/cms\/wp-content\/uploads\/2025\/02\/P1500147-Lindermayr-Foto-TJ-Krebs.jpg?resize=120%2C80&amp;ssl=1 120w\" width=\"416\" height=\"277\" loading=\"lazy\" data-original-width=\"416\" data-original-height=\"277\" itemprop=\"http:\/\/schema.org\/image\" title=\"P1500147 Lindermayr - Foto TJ Krebs\" alt=\"P1500147 Lindermayr - Foto TJ Krebs\" style=\"width: 416px; height: 277px;\" \/> <\/a> <\/div> <\/div> <!-- close group --> <div class=\"gallery-group images-1\" style=\"width: 420px; height: 281px;\" data-original-width=\"420\" data-original-height=\"281\" > <div class=\"tiled-gallery-item tiled-gallery-item-large\" itemprop=\"associatedMedia\" itemscope itemtype=\"http:\/\/schema.org\/ImageObject\"> <a href=\"https:\/\/www.jazzzeitung.de\/cms\/2025\/02\/masako-ohta-matthias-lindermayr-mit-neuen-duo-album-nozomi\/p1500140-ohta-foto-tj-krebs\/\" border=\"0\" itemprop=\"url\"> <meta itemprop=\"width\" content=\"416\"> <meta itemprop=\"height\" content=\"277\"> <img decoding=\"async\" class=\"\" data-attachment-id=\"32240\" data-orig-file=\"https:\/\/www.jazzzeitung.de\/cms\/wp-content\/uploads\/2025\/02\/P1500140-Ohta-Foto-TJ-Krebs.jpg\" data-orig-size=\"1200,799\" data-comments-opened=\"1\" data-image-meta=\"{&quot;aperture&quot;:&quot;0&quot;,&quot;credit&quot;:&quot;&quot;,&quot;camera&quot;:&quot;&quot;,&quot;caption&quot;:&quot;&quot;,&quot;created_timestamp&quot;:&quot;0&quot;,&quot;copyright&quot;:&quot;&quot;,&quot;focal_length&quot;:&quot;0&quot;,&quot;iso&quot;:&quot;0&quot;,&quot;shutter_speed&quot;:&quot;0&quot;,&quot;title&quot;:&quot;&quot;,&quot;orientation&quot;:&quot;0&quot;}\" data-image-title=\"P1500140 Ohta &amp;#8211; Foto TJ Krebs\" data-image-description=\"\" data-medium-file=\"https:\/\/i0.wp.com\/www.jazzzeitung.de\/cms\/wp-content\/uploads\/2025\/02\/P1500140-Ohta-Foto-TJ-Krebs.jpg?fit=300%2C200&#038;ssl=1\" data-large-file=\"https:\/\/i0.wp.com\/www.jazzzeitung.de\/cms\/wp-content\/uploads\/2025\/02\/P1500140-Ohta-Foto-TJ-Krebs.jpg?fit=840%2C560&#038;ssl=1\" src=\"https:\/\/i0.wp.com\/www.jazzzeitung.de\/cms\/wp-content\/uploads\/2025\/02\/P1500140-Ohta-Foto-TJ-Krebs.jpg?w=416&#038;h=277&#038;ssl=1\" srcset=\"https:\/\/i0.wp.com\/www.jazzzeitung.de\/cms\/wp-content\/uploads\/2025\/02\/P1500140-Ohta-Foto-TJ-Krebs.jpg?w=1200&amp;ssl=1 1200w, https:\/\/i0.wp.com\/www.jazzzeitung.de\/cms\/wp-content\/uploads\/2025\/02\/P1500140-Ohta-Foto-TJ-Krebs.jpg?resize=300%2C200&amp;ssl=1 300w, https:\/\/i0.wp.com\/www.jazzzeitung.de\/cms\/wp-content\/uploads\/2025\/02\/P1500140-Ohta-Foto-TJ-Krebs.jpg?resize=900%2C600&amp;ssl=1 900w, https:\/\/i0.wp.com\/www.jazzzeitung.de\/cms\/wp-content\/uploads\/2025\/02\/P1500140-Ohta-Foto-TJ-Krebs.jpg?resize=768%2C511&amp;ssl=1 768w, https:\/\/i0.wp.com\/www.jazzzeitung.de\/cms\/wp-content\/uploads\/2025\/02\/P1500140-Ohta-Foto-TJ-Krebs.jpg?resize=120%2C80&amp;ssl=1 120w\" width=\"416\" height=\"277\" loading=\"lazy\" data-original-width=\"416\" data-original-height=\"277\" itemprop=\"http:\/\/schema.org\/image\" title=\"P1500140 Ohta - Foto TJ Krebs\" alt=\"P1500140 Ohta - Foto TJ Krebs\" style=\"width: 416px; height: 277px;\" \/> <\/a> <\/div> <\/div> <!-- close group --> <\/div> <!-- close row --> <\/div>\n<p>Nach dem 2022 erschienen Debutalbum <strong>MMMMH<\/strong> und unz\u00e4hligen erfolgreichen Konzerten sind Masako Ohta und Matthias Lindermayr wieder ins Studio gegangen, um beim M\u00fcnchner Label Squama das Nachfolgealbum <strong>Nozomi<\/strong> aufzunehmen. Der Abend begann mit den ersten drei Titeln der neuen Aufnahme \u201eHatsuhinode\u201c, \u201eAgora\u201c, \u201eOstinato\u201c, gefolgt von \u201eShizuku\u201c, \u201eMaya\u201c und als Abschluss des ersten Sets \u201eHibari\u201c, einer einf\u00fchlsam melancholischen Komposition von Ry\u016bichi Sakamoto.<\/p>\n<h3>Vertrautes<\/h3>\n<p>Im zweiten Set h\u00f6rte das Publikum vertraute Kompositionen wie \u201eSora\u201c, zwei weitere neue St\u00fccke \u201eNiwa\u201c und \u201eTio\u201c, sowie das Bonusst\u00fcck der CD \u201eTo My Brothers\u201c aus der Feder von Masako Ohta. Tosender Applaus zum Schluss und als Zugabe gab es schlie\u00dflich den Titel, mit dem das Duo bis dato jedes Konzert er\u00f6ffnet hat: \u201eTrudelutt\u201c. Die meisten der Kompositionen stammen aus der Feder des Trompeters Lindermayr. Das Element der Improvisation bestimmt Form und Klang des Duos. Entschleunigtes Zusammenspiel und harmonische Vielfalt pr\u00e4gen die Stimmung und ziehen die Zuh\u00f6rer in ihren Bann. Oberfl\u00e4chlichkeit oder banale Alltagsfragen treten in den Hintergrund, wenn die beiden Musiker spielen. Das ist Balsam f\u00fcr die Seele. Im Laufe des Abends entwickelte sich ein unglaublich intensives Spiel, von lyrisch bis spannend, das seinesgleichen sucht.<\/p>\n<h3>Hoffnung<\/h3>\n<p>Der japanische Titel der neuen Aufnahme <strong>Nozomi<\/strong> bedeutet \u00fcbersetzt Hoffnung. Gerade an diesem Tag eine eindringliche Botschaft an alle innezuhalten und gleichzeitig ein vers\u00f6hnlicher Appell auf eine bessere friedliche, gemeinsame Zeit.<\/p>\n<p><a href=\"https:\/\/i0.wp.com\/www.jazzzeitung.de\/cms\/wp-content\/uploads\/2025\/02\/Cover-Nozomi.jpg?ssl=1\"><img data-recalc-dims=\"1\" loading=\"lazy\" decoding=\"async\" data-attachment-id=\"32238\" data-permalink=\"https:\/\/www.jazzzeitung.de\/cms\/2025\/02\/masako-ohta-matthias-lindermayr-mit-neuen-duo-album-nozomi\/cover-nozomi\/\" data-orig-file=\"https:\/\/i0.wp.com\/www.jazzzeitung.de\/cms\/wp-content\/uploads\/2025\/02\/Cover-Nozomi.jpg?fit=2000%2C2000&amp;ssl=1\" data-orig-size=\"2000,2000\" data-comments-opened=\"1\" data-image-meta=\"{&quot;aperture&quot;:&quot;0&quot;,&quot;credit&quot;:&quot;&quot;,&quot;camera&quot;:&quot;&quot;,&quot;caption&quot;:&quot;&quot;,&quot;created_timestamp&quot;:&quot;0&quot;,&quot;copyright&quot;:&quot;&quot;,&quot;focal_length&quot;:&quot;0&quot;,&quot;iso&quot;:&quot;0&quot;,&quot;shutter_speed&quot;:&quot;0&quot;,&quot;title&quot;:&quot;&quot;,&quot;orientation&quot;:&quot;0&quot;}\" data-image-title=\"Cover Nozomi\" data-image-description=\"\" data-image-caption=\"\" data-large-file=\"https:\/\/i0.wp.com\/www.jazzzeitung.de\/cms\/wp-content\/uploads\/2025\/02\/Cover-Nozomi.jpg?fit=600%2C600&amp;ssl=1\" class=\"alignleft size-medium wp-image-32238\" src=\"https:\/\/i0.wp.com\/www.jazzzeitung.de\/cms\/wp-content\/uploads\/2025\/02\/Cover-Nozomi.jpg?resize=300%2C300&#038;ssl=1\" alt=\"\" width=\"300\" height=\"300\" srcset=\"https:\/\/i0.wp.com\/www.jazzzeitung.de\/cms\/wp-content\/uploads\/2025\/02\/Cover-Nozomi.jpg?resize=300%2C300&amp;ssl=1 300w, https:\/\/i0.wp.com\/www.jazzzeitung.de\/cms\/wp-content\/uploads\/2025\/02\/Cover-Nozomi.jpg?resize=600%2C600&amp;ssl=1 600w, https:\/\/i0.wp.com\/www.jazzzeitung.de\/cms\/wp-content\/uploads\/2025\/02\/Cover-Nozomi.jpg?resize=150%2C150&amp;ssl=1 150w, https:\/\/i0.wp.com\/www.jazzzeitung.de\/cms\/wp-content\/uploads\/2025\/02\/Cover-Nozomi.jpg?resize=768%2C768&amp;ssl=1 768w, https:\/\/i0.wp.com\/www.jazzzeitung.de\/cms\/wp-content\/uploads\/2025\/02\/Cover-Nozomi.jpg?resize=1536%2C1536&amp;ssl=1 1536w, https:\/\/i0.wp.com\/www.jazzzeitung.de\/cms\/wp-content\/uploads\/2025\/02\/Cover-Nozomi.jpg?resize=1320%2C1320&amp;ssl=1 1320w, https:\/\/i0.wp.com\/www.jazzzeitung.de\/cms\/wp-content\/uploads\/2025\/02\/Cover-Nozomi.jpg?resize=24%2C24&amp;ssl=1 24w, https:\/\/i0.wp.com\/www.jazzzeitung.de\/cms\/wp-content\/uploads\/2025\/02\/Cover-Nozomi.jpg?resize=48%2C48&amp;ssl=1 48w, https:\/\/i0.wp.com\/www.jazzzeitung.de\/cms\/wp-content\/uploads\/2025\/02\/Cover-Nozomi.jpg?resize=96%2C96&amp;ssl=1 96w, https:\/\/i0.wp.com\/www.jazzzeitung.de\/cms\/wp-content\/uploads\/2025\/02\/Cover-Nozomi.jpg?w=2000&amp;ssl=1 2000w, https:\/\/i0.wp.com\/www.jazzzeitung.de\/cms\/wp-content\/uploads\/2025\/02\/Cover-Nozomi.jpg?w=1680&amp;ssl=1 1680w\" sizes=\"auto, (max-width: 300px) 100vw, 300px\" \/><\/a><\/p>\n<p>Die Aufnahme ist als LP mit einem wundervoll gestaltetem Booklet, als CD (mit einem Bonusst\u00fcck) und als digitaler Download beim Label SQUAMA erschienen: <a href=\"https:\/\/squamarecordings.com\/shop\">https:\/\/squamarecordings.com\/shop<\/a><\/p>\n<p>&nbsp;<\/p>\n<p>Text &amp; Fotos: Thomas J. Krebs<\/p>\n","protected":false},"excerpt":{"rendered":"<p>(Von Thomas J. Krebs) Am Abend des 13. Februar fand im M\u00fcnchner Theater Schwere Reiter das Release Konzert des neuen Albums der Pianistin Masako Ohta und dem Trompeter Matthias Lindermayr statt. Ein ganz normaler Tag bis 10.30 Uhr, als sich in M\u00fcnchen, in mittelbarer N\u00e4he des Theaters, der Anschlag am Stiglmaierplatz ereignete. Alle stehen noch sichtlich unter Schock. Betroffenheit Christiane B\u00f6hnke-Geisse, k\u00fcnstlerische Leiterin der Sparte Musik, trat an dem Abend sichtlich betroffen vor das Publikum und bat um eine Schweigeminute f\u00fcr die Opfer des Anschlags, bevor die Musiker die B\u00fchne betreten. Ein vers\u00f6hnlicher Trost, das Konzert konnte trotz der tragischen Umst\u00e4nde stattfinden. Nach dem 2022 erschienen Debutalbum MMMMH und unz\u00e4hligen erfolgreichen Konzerten sind Masako Ohta und Matthias Lindermayr wieder ins Studio gegangen, um beim M\u00fcnchner Label Squama das Nachfolgealbum Nozomi aufzunehmen. Der Abend begann mit den ersten drei Titeln der neuen Aufnahme \u201eHatsuhinode\u201c, \u201eAgora\u201c, \u201eOstinato\u201c, gefolgt von \u201eShizuku\u201c, \u201eMaya\u201c und als Abschluss des ersten Sets \u201eHibari\u201c, einer einf\u00fchlsam melancholischen Komposition von Ry\u016bichi Sakamoto. Vertrautes Im zweiten Set h\u00f6rte das Publikum vertraute Kompositionen wie \u201eSora\u201c, zwei weitere neue St\u00fccke \u201eNiwa\u201c und \u201eTio\u201c, sowie das Bonusst\u00fcck der &hellip;<\/p>\n","protected":false},"author":18,"featured_media":32239,"comment_status":"open","ping_status":"closed","sticky":false,"template":"","format":"standard","meta":{"_jetpack_memberships_contains_paid_content":false,"footnotes":"","jetpack_publicize_message":"","jetpack_publicize_feature_enabled":true,"jetpack_social_post_already_shared":true,"jetpack_social_options":{"image_generator_settings":{"template":"highway","default_image_id":0,"font":"","enabled":false},"version":2}},"categories":[1053,1152],"tags":[294,2861,1184,5595,5594,1260],"coauthors":[695],"class_list":["post-32237","post","type-post","status-publish","format-standard","has-post-thumbnail","hentry","category-bericht","category-rezension","tag-jazzzeitung","tag-jazzzeitung-de","tag-matthias-lindermayr","tag-nozomi","tag-squama","tag-thomas-j-krebs"],"yoast_head":"<!-- This site is optimized with the Yoast SEO plugin v27.5 - https:\/\/yoast.com\/product\/yoast-seo-wordpress\/ -->\n<title>Masako Ohta &amp; Matthias Lindermayr mit neuen Duo-Album: Nozomi - JazzZeitung<\/title>\n<meta name=\"robots\" content=\"index, follow, max-snippet:-1, max-image-preview:large, max-video-preview:-1\" \/>\n<link rel=\"canonical\" href=\"https:\/\/www.jazzzeitung.de\/cms\/2025\/02\/masako-ohta-matthias-lindermayr-mit-neuen-duo-album-nozomi\/\" \/>\n<meta property=\"og:locale\" content=\"de_DE\" \/>\n<meta property=\"og:type\" content=\"article\" \/>\n<meta property=\"og:title\" content=\"Masako Ohta &amp; Matthias Lindermayr mit neuen Duo-Album: Nozomi - JazzZeitung\" \/>\n<meta property=\"og:description\" content=\"(Von Thomas J. Krebs) Am Abend des 13. Februar fand im M\u00fcnchner Theater Schwere Reiter das Release Konzert des neuen Albums der Pianistin Masako Ohta und dem Trompeter Matthias Lindermayr statt. Ein ganz normaler Tag bis 10.30 Uhr, als sich in M\u00fcnchen, in mittelbarer N\u00e4he des Theaters, der Anschlag am Stiglmaierplatz ereignete. Alle stehen noch sichtlich unter Schock. Betroffenheit Christiane B\u00f6hnke-Geisse, k\u00fcnstlerische Leiterin der Sparte Musik, trat an dem Abend sichtlich betroffen vor das Publikum und bat um eine Schweigeminute f\u00fcr die Opfer des Anschlags, bevor die Musiker die B\u00fchne betreten. Ein vers\u00f6hnlicher Trost, das Konzert konnte trotz der tragischen Umst\u00e4nde stattfinden. Nach dem 2022 erschienen Debutalbum MMMMH und unz\u00e4hligen erfolgreichen Konzerten sind Masako Ohta und Matthias Lindermayr wieder ins Studio gegangen, um beim M\u00fcnchner Label Squama das Nachfolgealbum Nozomi aufzunehmen. Der Abend begann mit den ersten drei Titeln der neuen Aufnahme \u201eHatsuhinode\u201c, \u201eAgora\u201c, \u201eOstinato\u201c, gefolgt von \u201eShizuku\u201c, \u201eMaya\u201c und als Abschluss des ersten Sets \u201eHibari\u201c, einer einf\u00fchlsam melancholischen Komposition von Ry\u016bichi Sakamoto. Vertrautes Im zweiten Set h\u00f6rte das Publikum vertraute Kompositionen wie \u201eSora\u201c, zwei weitere neue St\u00fccke \u201eNiwa\u201c und \u201eTio\u201c, sowie das Bonusst\u00fcck der &hellip;\" \/>\n<meta property=\"og:url\" content=\"https:\/\/www.jazzzeitung.de\/cms\/2025\/02\/masako-ohta-matthias-lindermayr-mit-neuen-duo-album-nozomi\/\" \/>\n<meta property=\"og:site_name\" content=\"JazzZeitung\" \/>\n<meta property=\"article:publisher\" content=\"https:\/\/www.facebook.com\/JazzZeitung\/\" \/>\n<meta property=\"article:published_time\" content=\"2025-02-18T07:46:19+00:00\" \/>\n<meta property=\"og:image\" content=\"https:\/\/i0.wp.com\/www.jazzzeitung.de\/cms\/wp-content\/uploads\/2025\/02\/P1500135-Ohta-Lindermayr-Foto-TJ-Krebs.jpg?fit=1200%2C799&ssl=1\" \/>\n\t<meta property=\"og:image:width\" content=\"1200\" \/>\n\t<meta property=\"og:image:height\" content=\"799\" \/>\n\t<meta property=\"og:image:type\" content=\"image\/jpeg\" \/>\n<meta name=\"author\" content=\"Redaktion JazzZeitung\" \/>\n<script type=\"application\/ld+json\" class=\"yoast-schema-graph\">{\"@context\":\"https:\\\/\\\/schema.org\",\"@graph\":[{\"@type\":\"Article\",\"@id\":\"https:\\\/\\\/www.jazzzeitung.de\\\/cms\\\/2025\\\/02\\\/masako-ohta-matthias-lindermayr-mit-neuen-duo-album-nozomi\\\/#article\",\"isPartOf\":{\"@id\":\"https:\\\/\\\/www.jazzzeitung.de\\\/cms\\\/2025\\\/02\\\/masako-ohta-matthias-lindermayr-mit-neuen-duo-album-nozomi\\\/\"},\"author\":{\"name\":\"Redaktion JazzZeitung\",\"@id\":\"https:\\\/\\\/www.jazzzeitung.de\\\/cms\\\/#\\\/schema\\\/person\\\/2245b36b9cd1d24cea10f01c031fb92b\"},\"headline\":\"Masako Ohta &#038; Matthias Lindermayr mit neuen Duo-Album: Nozomi\",\"datePublished\":\"2025-02-18T07:46:19+00:00\",\"mainEntityOfPage\":{\"@id\":\"https:\\\/\\\/www.jazzzeitung.de\\\/cms\\\/2025\\\/02\\\/masako-ohta-matthias-lindermayr-mit-neuen-duo-album-nozomi\\\/\"},\"wordCount\":389,\"commentCount\":0,\"publisher\":{\"@id\":\"https:\\\/\\\/www.jazzzeitung.de\\\/cms\\\/#organization\"},\"image\":{\"@id\":\"https:\\\/\\\/www.jazzzeitung.de\\\/cms\\\/2025\\\/02\\\/masako-ohta-matthias-lindermayr-mit-neuen-duo-album-nozomi\\\/#primaryimage\"},\"thumbnailUrl\":\"https:\\\/\\\/i0.wp.com\\\/www.jazzzeitung.de\\\/cms\\\/wp-content\\\/uploads\\\/2025\\\/02\\\/P1500135-Ohta-Lindermayr-Foto-TJ-Krebs.jpg?fit=1200%2C799&ssl=1\",\"keywords\":[\"Jazzzeitung\",\"JazzZeitung.de\",\"Matthias Lindermayr\",\"Nozomi\",\"Squama\",\"Thomas J. Krebs\"],\"articleSection\":[\"Bericht\",\"Rezension\"],\"inLanguage\":\"de\",\"potentialAction\":[{\"@type\":\"CommentAction\",\"name\":\"Comment\",\"target\":[\"https:\\\/\\\/www.jazzzeitung.de\\\/cms\\\/2025\\\/02\\\/masako-ohta-matthias-lindermayr-mit-neuen-duo-album-nozomi\\\/#respond\"]}]},{\"@type\":\"WebPage\",\"@id\":\"https:\\\/\\\/www.jazzzeitung.de\\\/cms\\\/2025\\\/02\\\/masako-ohta-matthias-lindermayr-mit-neuen-duo-album-nozomi\\\/\",\"url\":\"https:\\\/\\\/www.jazzzeitung.de\\\/cms\\\/2025\\\/02\\\/masako-ohta-matthias-lindermayr-mit-neuen-duo-album-nozomi\\\/\",\"name\":\"Masako Ohta & Matthias Lindermayr mit neuen Duo-Album: Nozomi - JazzZeitung\",\"isPartOf\":{\"@id\":\"https:\\\/\\\/www.jazzzeitung.de\\\/cms\\\/#website\"},\"primaryImageOfPage\":{\"@id\":\"https:\\\/\\\/www.jazzzeitung.de\\\/cms\\\/2025\\\/02\\\/masako-ohta-matthias-lindermayr-mit-neuen-duo-album-nozomi\\\/#primaryimage\"},\"image\":{\"@id\":\"https:\\\/\\\/www.jazzzeitung.de\\\/cms\\\/2025\\\/02\\\/masako-ohta-matthias-lindermayr-mit-neuen-duo-album-nozomi\\\/#primaryimage\"},\"thumbnailUrl\":\"https:\\\/\\\/i0.wp.com\\\/www.jazzzeitung.de\\\/cms\\\/wp-content\\\/uploads\\\/2025\\\/02\\\/P1500135-Ohta-Lindermayr-Foto-TJ-Krebs.jpg?fit=1200%2C799&ssl=1\",\"datePublished\":\"2025-02-18T07:46:19+00:00\",\"breadcrumb\":{\"@id\":\"https:\\\/\\\/www.jazzzeitung.de\\\/cms\\\/2025\\\/02\\\/masako-ohta-matthias-lindermayr-mit-neuen-duo-album-nozomi\\\/#breadcrumb\"},\"inLanguage\":\"de\",\"potentialAction\":[{\"@type\":\"ReadAction\",\"target\":[\"https:\\\/\\\/www.jazzzeitung.de\\\/cms\\\/2025\\\/02\\\/masako-ohta-matthias-lindermayr-mit-neuen-duo-album-nozomi\\\/\"]}]},{\"@type\":\"ImageObject\",\"inLanguage\":\"de\",\"@id\":\"https:\\\/\\\/www.jazzzeitung.de\\\/cms\\\/2025\\\/02\\\/masako-ohta-matthias-lindermayr-mit-neuen-duo-album-nozomi\\\/#primaryimage\",\"url\":\"https:\\\/\\\/i0.wp.com\\\/www.jazzzeitung.de\\\/cms\\\/wp-content\\\/uploads\\\/2025\\\/02\\\/P1500135-Ohta-Lindermayr-Foto-TJ-Krebs.jpg?fit=1200%2C799&ssl=1\",\"contentUrl\":\"https:\\\/\\\/i0.wp.com\\\/www.jazzzeitung.de\\\/cms\\\/wp-content\\\/uploads\\\/2025\\\/02\\\/P1500135-Ohta-Lindermayr-Foto-TJ-Krebs.jpg?fit=1200%2C799&ssl=1\",\"width\":1200,\"height\":799},{\"@type\":\"BreadcrumbList\",\"@id\":\"https:\\\/\\\/www.jazzzeitung.de\\\/cms\\\/2025\\\/02\\\/masako-ohta-matthias-lindermayr-mit-neuen-duo-album-nozomi\\\/#breadcrumb\",\"itemListElement\":[{\"@type\":\"ListItem\",\"position\":1,\"name\":\"Startseite\",\"item\":\"https:\\\/\\\/www.jazzzeitung.de\\\/cms\\\/\"},{\"@type\":\"ListItem\",\"position\":2,\"name\":\"Masako Ohta &#038; Matthias Lindermayr mit neuen Duo-Album: Nozomi\"}]},{\"@type\":\"WebSite\",\"@id\":\"https:\\\/\\\/www.jazzzeitung.de\\\/cms\\\/#website\",\"url\":\"https:\\\/\\\/www.jazzzeitung.de\\\/cms\\\/\",\"name\":\"JazzZeitung\",\"description\":\"Jazz-News und Jazz-Kontroverses\",\"publisher\":{\"@id\":\"https:\\\/\\\/www.jazzzeitung.de\\\/cms\\\/#organization\"},\"potentialAction\":[{\"@type\":\"SearchAction\",\"target\":{\"@type\":\"EntryPoint\",\"urlTemplate\":\"https:\\\/\\\/www.jazzzeitung.de\\\/cms\\\/?s={search_term_string}\"},\"query-input\":{\"@type\":\"PropertyValueSpecification\",\"valueRequired\":true,\"valueName\":\"search_term_string\"}}],\"inLanguage\":\"de\"},{\"@type\":\"Organization\",\"@id\":\"https:\\\/\\\/www.jazzzeitung.de\\\/cms\\\/#organization\",\"name\":\"JazzZeitung online\",\"url\":\"https:\\\/\\\/www.jazzzeitung.de\\\/cms\\\/\",\"logo\":{\"@type\":\"ImageObject\",\"inLanguage\":\"de\",\"@id\":\"https:\\\/\\\/www.jazzzeitung.de\\\/cms\\\/#\\\/schema\\\/logo\\\/image\\\/\",\"url\":\"https:\\\/\\\/i0.wp.com\\\/www.jazzzeitung.de\\\/cms\\\/wp-content\\\/uploads\\\/2015\\\/08\\\/JAZZZEITUNGDE_Logo_Neu.png?fit=499%2C200&ssl=1\",\"contentUrl\":\"https:\\\/\\\/i0.wp.com\\\/www.jazzzeitung.de\\\/cms\\\/wp-content\\\/uploads\\\/2015\\\/08\\\/JAZZZEITUNGDE_Logo_Neu.png?fit=499%2C200&ssl=1\",\"width\":499,\"height\":200,\"caption\":\"JazzZeitung online\"},\"image\":{\"@id\":\"https:\\\/\\\/www.jazzzeitung.de\\\/cms\\\/#\\\/schema\\\/logo\\\/image\\\/\"},\"sameAs\":[\"https:\\\/\\\/www.facebook.com\\\/JazzZeitung\\\/\"]},{\"@type\":\"Person\",\"@id\":\"https:\\\/\\\/www.jazzzeitung.de\\\/cms\\\/#\\\/schema\\\/person\\\/2245b36b9cd1d24cea10f01c031fb92b\",\"name\":\"Redaktion JazzZeitung\",\"image\":{\"@type\":\"ImageObject\",\"inLanguage\":\"de\",\"@id\":\"https:\\\/\\\/i0.wp.com\\\/www.jazzzeitung.de\\\/cms\\\/wp-content\\\/uploads\\\/2015\\\/08\\\/JAZZZEITUNGDE_Logo_Neu.png?resize=96%2C96&ssl=159975dcacb611b5700bd619b5daf0a7a\",\"url\":\"https:\\\/\\\/i0.wp.com\\\/www.jazzzeitung.de\\\/cms\\\/wp-content\\\/uploads\\\/2015\\\/08\\\/JAZZZEITUNGDE_Logo_Neu.png?resize=96%2C96&ssl=1\",\"contentUrl\":\"https:\\\/\\\/i0.wp.com\\\/www.jazzzeitung.de\\\/cms\\\/wp-content\\\/uploads\\\/2015\\\/08\\\/JAZZZEITUNGDE_Logo_Neu.png?resize=96%2C96&ssl=1\",\"caption\":\"Redaktion JazzZeitung\"},\"description\":\"Artikel der Redaktion der JazzZeitung.\",\"sameAs\":[\"http:\\\/\\\/www.jazzzeitung.de\\\/cms\\\/\"],\"url\":\"https:\\\/\\\/www.jazzzeitung.de\\\/cms\\\/author\\\/redaktion\\\/\"}]}<\/script>\n<!-- \/ Yoast SEO plugin. -->","yoast_head_json":{"title":"Masako Ohta & Matthias Lindermayr mit neuen Duo-Album: Nozomi - JazzZeitung","robots":{"index":"index","follow":"follow","max-snippet":"max-snippet:-1","max-image-preview":"max-image-preview:large","max-video-preview":"max-video-preview:-1"},"canonical":"https:\/\/www.jazzzeitung.de\/cms\/2025\/02\/masako-ohta-matthias-lindermayr-mit-neuen-duo-album-nozomi\/","og_locale":"de_DE","og_type":"article","og_title":"Masako Ohta & Matthias Lindermayr mit neuen Duo-Album: Nozomi - JazzZeitung","og_description":"(Von Thomas J. Krebs) Am Abend des 13. Februar fand im M\u00fcnchner Theater Schwere Reiter das Release Konzert des neuen Albums der Pianistin Masako Ohta und dem Trompeter Matthias Lindermayr statt. Ein ganz normaler Tag bis 10.30 Uhr, als sich in M\u00fcnchen, in mittelbarer N\u00e4he des Theaters, der Anschlag am Stiglmaierplatz ereignete. Alle stehen noch sichtlich unter Schock. Betroffenheit Christiane B\u00f6hnke-Geisse, k\u00fcnstlerische Leiterin der Sparte Musik, trat an dem Abend sichtlich betroffen vor das Publikum und bat um eine Schweigeminute f\u00fcr die Opfer des Anschlags, bevor die Musiker die B\u00fchne betreten. Ein vers\u00f6hnlicher Trost, das Konzert konnte trotz der tragischen Umst\u00e4nde stattfinden. Nach dem 2022 erschienen Debutalbum MMMMH und unz\u00e4hligen erfolgreichen Konzerten sind Masako Ohta und Matthias Lindermayr wieder ins Studio gegangen, um beim M\u00fcnchner Label Squama das Nachfolgealbum Nozomi aufzunehmen. Der Abend begann mit den ersten drei Titeln der neuen Aufnahme \u201eHatsuhinode\u201c, \u201eAgora\u201c, \u201eOstinato\u201c, gefolgt von \u201eShizuku\u201c, \u201eMaya\u201c und als Abschluss des ersten Sets \u201eHibari\u201c, einer einf\u00fchlsam melancholischen Komposition von Ry\u016bichi Sakamoto. Vertrautes Im zweiten Set h\u00f6rte das Publikum vertraute Kompositionen wie \u201eSora\u201c, zwei weitere neue St\u00fccke \u201eNiwa\u201c und \u201eTio\u201c, sowie das Bonusst\u00fcck der &hellip;","og_url":"https:\/\/www.jazzzeitung.de\/cms\/2025\/02\/masako-ohta-matthias-lindermayr-mit-neuen-duo-album-nozomi\/","og_site_name":"JazzZeitung","article_publisher":"https:\/\/www.facebook.com\/JazzZeitung\/","article_published_time":"2025-02-18T07:46:19+00:00","og_image":[{"width":1200,"height":799,"url":"https:\/\/i0.wp.com\/www.jazzzeitung.de\/cms\/wp-content\/uploads\/2025\/02\/P1500135-Ohta-Lindermayr-Foto-TJ-Krebs.jpg?fit=1200%2C799&ssl=1","type":"image\/jpeg"}],"author":"Redaktion JazzZeitung","schema":{"@context":"https:\/\/schema.org","@graph":[{"@type":"Article","@id":"https:\/\/www.jazzzeitung.de\/cms\/2025\/02\/masako-ohta-matthias-lindermayr-mit-neuen-duo-album-nozomi\/#article","isPartOf":{"@id":"https:\/\/www.jazzzeitung.de\/cms\/2025\/02\/masako-ohta-matthias-lindermayr-mit-neuen-duo-album-nozomi\/"},"author":{"name":"Redaktion JazzZeitung","@id":"https:\/\/www.jazzzeitung.de\/cms\/#\/schema\/person\/2245b36b9cd1d24cea10f01c031fb92b"},"headline":"Masako Ohta &#038; Matthias Lindermayr mit neuen Duo-Album: Nozomi","datePublished":"2025-02-18T07:46:19+00:00","mainEntityOfPage":{"@id":"https:\/\/www.jazzzeitung.de\/cms\/2025\/02\/masako-ohta-matthias-lindermayr-mit-neuen-duo-album-nozomi\/"},"wordCount":389,"commentCount":0,"publisher":{"@id":"https:\/\/www.jazzzeitung.de\/cms\/#organization"},"image":{"@id":"https:\/\/www.jazzzeitung.de\/cms\/2025\/02\/masako-ohta-matthias-lindermayr-mit-neuen-duo-album-nozomi\/#primaryimage"},"thumbnailUrl":"https:\/\/i0.wp.com\/www.jazzzeitung.de\/cms\/wp-content\/uploads\/2025\/02\/P1500135-Ohta-Lindermayr-Foto-TJ-Krebs.jpg?fit=1200%2C799&ssl=1","keywords":["Jazzzeitung","JazzZeitung.de","Matthias Lindermayr","Nozomi","Squama","Thomas J. Krebs"],"articleSection":["Bericht","Rezension"],"inLanguage":"de","potentialAction":[{"@type":"CommentAction","name":"Comment","target":["https:\/\/www.jazzzeitung.de\/cms\/2025\/02\/masako-ohta-matthias-lindermayr-mit-neuen-duo-album-nozomi\/#respond"]}]},{"@type":"WebPage","@id":"https:\/\/www.jazzzeitung.de\/cms\/2025\/02\/masako-ohta-matthias-lindermayr-mit-neuen-duo-album-nozomi\/","url":"https:\/\/www.jazzzeitung.de\/cms\/2025\/02\/masako-ohta-matthias-lindermayr-mit-neuen-duo-album-nozomi\/","name":"Masako Ohta & Matthias Lindermayr mit neuen Duo-Album: Nozomi - JazzZeitung","isPartOf":{"@id":"https:\/\/www.jazzzeitung.de\/cms\/#website"},"primaryImageOfPage":{"@id":"https:\/\/www.jazzzeitung.de\/cms\/2025\/02\/masako-ohta-matthias-lindermayr-mit-neuen-duo-album-nozomi\/#primaryimage"},"image":{"@id":"https:\/\/www.jazzzeitung.de\/cms\/2025\/02\/masako-ohta-matthias-lindermayr-mit-neuen-duo-album-nozomi\/#primaryimage"},"thumbnailUrl":"https:\/\/i0.wp.com\/www.jazzzeitung.de\/cms\/wp-content\/uploads\/2025\/02\/P1500135-Ohta-Lindermayr-Foto-TJ-Krebs.jpg?fit=1200%2C799&ssl=1","datePublished":"2025-02-18T07:46:19+00:00","breadcrumb":{"@id":"https:\/\/www.jazzzeitung.de\/cms\/2025\/02\/masako-ohta-matthias-lindermayr-mit-neuen-duo-album-nozomi\/#breadcrumb"},"inLanguage":"de","potentialAction":[{"@type":"ReadAction","target":["https:\/\/www.jazzzeitung.de\/cms\/2025\/02\/masako-ohta-matthias-lindermayr-mit-neuen-duo-album-nozomi\/"]}]},{"@type":"ImageObject","inLanguage":"de","@id":"https:\/\/www.jazzzeitung.de\/cms\/2025\/02\/masako-ohta-matthias-lindermayr-mit-neuen-duo-album-nozomi\/#primaryimage","url":"https:\/\/i0.wp.com\/www.jazzzeitung.de\/cms\/wp-content\/uploads\/2025\/02\/P1500135-Ohta-Lindermayr-Foto-TJ-Krebs.jpg?fit=1200%2C799&ssl=1","contentUrl":"https:\/\/i0.wp.com\/www.jazzzeitung.de\/cms\/wp-content\/uploads\/2025\/02\/P1500135-Ohta-Lindermayr-Foto-TJ-Krebs.jpg?fit=1200%2C799&ssl=1","width":1200,"height":799},{"@type":"BreadcrumbList","@id":"https:\/\/www.jazzzeitung.de\/cms\/2025\/02\/masako-ohta-matthias-lindermayr-mit-neuen-duo-album-nozomi\/#breadcrumb","itemListElement":[{"@type":"ListItem","position":1,"name":"Startseite","item":"https:\/\/www.jazzzeitung.de\/cms\/"},{"@type":"ListItem","position":2,"name":"Masako Ohta &#038; Matthias Lindermayr mit neuen Duo-Album: Nozomi"}]},{"@type":"WebSite","@id":"https:\/\/www.jazzzeitung.de\/cms\/#website","url":"https:\/\/www.jazzzeitung.de\/cms\/","name":"JazzZeitung","description":"Jazz-News und Jazz-Kontroverses","publisher":{"@id":"https:\/\/www.jazzzeitung.de\/cms\/#organization"},"potentialAction":[{"@type":"SearchAction","target":{"@type":"EntryPoint","urlTemplate":"https:\/\/www.jazzzeitung.de\/cms\/?s={search_term_string}"},"query-input":{"@type":"PropertyValueSpecification","valueRequired":true,"valueName":"search_term_string"}}],"inLanguage":"de"},{"@type":"Organization","@id":"https:\/\/www.jazzzeitung.de\/cms\/#organization","name":"JazzZeitung online","url":"https:\/\/www.jazzzeitung.de\/cms\/","logo":{"@type":"ImageObject","inLanguage":"de","@id":"https:\/\/www.jazzzeitung.de\/cms\/#\/schema\/logo\/image\/","url":"https:\/\/i0.wp.com\/www.jazzzeitung.de\/cms\/wp-content\/uploads\/2015\/08\/JAZZZEITUNGDE_Logo_Neu.png?fit=499%2C200&ssl=1","contentUrl":"https:\/\/i0.wp.com\/www.jazzzeitung.de\/cms\/wp-content\/uploads\/2015\/08\/JAZZZEITUNGDE_Logo_Neu.png?fit=499%2C200&ssl=1","width":499,"height":200,"caption":"JazzZeitung online"},"image":{"@id":"https:\/\/www.jazzzeitung.de\/cms\/#\/schema\/logo\/image\/"},"sameAs":["https:\/\/www.facebook.com\/JazzZeitung\/"]},{"@type":"Person","@id":"https:\/\/www.jazzzeitung.de\/cms\/#\/schema\/person\/2245b36b9cd1d24cea10f01c031fb92b","name":"Redaktion JazzZeitung","image":{"@type":"ImageObject","inLanguage":"de","@id":"https:\/\/i0.wp.com\/www.jazzzeitung.de\/cms\/wp-content\/uploads\/2015\/08\/JAZZZEITUNGDE_Logo_Neu.png?resize=96%2C96&ssl=159975dcacb611b5700bd619b5daf0a7a","url":"https:\/\/i0.wp.com\/www.jazzzeitung.de\/cms\/wp-content\/uploads\/2015\/08\/JAZZZEITUNGDE_Logo_Neu.png?resize=96%2C96&ssl=1","contentUrl":"https:\/\/i0.wp.com\/www.jazzzeitung.de\/cms\/wp-content\/uploads\/2015\/08\/JAZZZEITUNGDE_Logo_Neu.png?resize=96%2C96&ssl=1","caption":"Redaktion JazzZeitung"},"description":"Artikel der Redaktion der JazzZeitung.","sameAs":["http:\/\/www.jazzzeitung.de\/cms\/"],"url":"https:\/\/www.jazzzeitung.de\/cms\/author\/redaktion\/"}]}},"wp-worthy-pixel":{"ignored":false,"public":null,"server":null,"url":null},"wp-worthy-type":"normal","jetpack_publicize_connections":[],"cc_featured_image_caption":{"caption_text":"","source_text":"","source_url":""},"jetpack_featured_media_url":"https:\/\/i0.wp.com\/www.jazzzeitung.de\/cms\/wp-content\/uploads\/2025\/02\/P1500135-Ohta-Lindermayr-Foto-TJ-Krebs.jpg?fit=1200%2C799&ssl=1","jetpack_shortlink":"https:\/\/wp.me\/p3KEcT-8nX","jetpack-related-posts":[{"id":28591,"url":"https:\/\/www.jazzzeitung.de\/cms\/2022\/11\/masako-ohta-matthias-lindermayr-cd-mmmmh\/","url_meta":{"origin":32237,"position":0},"title":"Masako Ohta &#038; Matthias Lindermayr &#8211; CD &#8222;MMMMH&#8220;","author":"Thomas J. Krebs","date":"3. November 2022","format":false,"excerpt":"Die in M\u00fcnchen lebende Pianistin Masako Ohta und der ebenfalls in M\u00fcnchen ans\u00e4ssige Trompeter Matthias Lindermayr haben auf der gerade erschienenen Aufnahme \u201eMMMMH\u201c im Duo zusammen gefunden und pr\u00e4sentieren ein wunderbar flie\u00dfendes, homogenes Album. Dass sich die Musiker, die aus unterschiedlichen Genres stammen, kenngelernt haben ist dem Musikf\u00f6rderpreis der Stadt\u2026","rel":"","context":"In &quot;Rezension&quot;","block_context":{"text":"Rezension","link":"https:\/\/www.jazzzeitung.de\/cms\/thema\/rezension\/"},"img":{"alt_text":"","src":"https:\/\/i0.wp.com\/www.jazzzeitung.de\/cms\/wp-content\/uploads\/2022\/11\/Collage-Ohta-2-Lindermayr.jpg?fit=1200%2C675&ssl=1&resize=350%2C200","width":350,"height":200,"srcset":"https:\/\/i0.wp.com\/www.jazzzeitung.de\/cms\/wp-content\/uploads\/2022\/11\/Collage-Ohta-2-Lindermayr.jpg?fit=1200%2C675&ssl=1&resize=350%2C200 1x, https:\/\/i0.wp.com\/www.jazzzeitung.de\/cms\/wp-content\/uploads\/2022\/11\/Collage-Ohta-2-Lindermayr.jpg?fit=1200%2C675&ssl=1&resize=525%2C300 1.5x, https:\/\/i0.wp.com\/www.jazzzeitung.de\/cms\/wp-content\/uploads\/2022\/11\/Collage-Ohta-2-Lindermayr.jpg?fit=1200%2C675&ssl=1&resize=700%2C400 2x, https:\/\/i0.wp.com\/www.jazzzeitung.de\/cms\/wp-content\/uploads\/2022\/11\/Collage-Ohta-2-Lindermayr.jpg?fit=1200%2C675&ssl=1&resize=1050%2C600 3x"},"classes":[]},{"id":22902,"url":"https:\/\/www.jazzzeitung.de\/cms\/2020\/07\/erstes-konzert-mit-publikum-im-muenchner-schwere-reiter-johanna-summers-schumann-kaleidoskop\/","url_meta":{"origin":32237,"position":1},"title":"Erstes Konzert mit Publikum im M\u00fcnchner Schwere Reiter: Johanna Summers \u201eSchumann Kaleidoskop\u201c","author":"Redaktion JazzZeitung","date":"7. Juli 2020","format":false,"excerpt":"Nach gut dreieinhalb Monaten coronabedingtem Konzertlockdown war es letzte Woche dann endlich wieder soweit. Dank des Engagements von Programmchefin Christiane B\u00f6hnke-Geisse und ihrem Team finden im M\u00fcnchner Kulturzentrum Schwere Reiter nun wieder, wenn auch mit Zuschauerbegrenzung, Live-Konzerte statt. Im Rahmen eines 3-t\u00e4gigen Pianogipfels mit Masako Ohta und Haruka Ebina stand\u2026","rel":"","context":"In &quot;Bericht&quot;","block_context":{"text":"Bericht","link":"https:\/\/www.jazzzeitung.de\/cms\/thema\/bericht\/"},"img":{"alt_text":"","src":"https:\/\/i0.wp.com\/www.jazzzeitung.de\/cms\/wp-content\/uploads\/2020\/07\/P1784425-Johanna-Summer-Foto-TJ-Krebs.jpg?fit=1200%2C800&ssl=1&resize=350%2C200","width":350,"height":200,"srcset":"https:\/\/i0.wp.com\/www.jazzzeitung.de\/cms\/wp-content\/uploads\/2020\/07\/P1784425-Johanna-Summer-Foto-TJ-Krebs.jpg?fit=1200%2C800&ssl=1&resize=350%2C200 1x, https:\/\/i0.wp.com\/www.jazzzeitung.de\/cms\/wp-content\/uploads\/2020\/07\/P1784425-Johanna-Summer-Foto-TJ-Krebs.jpg?fit=1200%2C800&ssl=1&resize=525%2C300 1.5x, https:\/\/i0.wp.com\/www.jazzzeitung.de\/cms\/wp-content\/uploads\/2020\/07\/P1784425-Johanna-Summer-Foto-TJ-Krebs.jpg?fit=1200%2C800&ssl=1&resize=700%2C400 2x, https:\/\/i0.wp.com\/www.jazzzeitung.de\/cms\/wp-content\/uploads\/2020\/07\/P1784425-Johanna-Summer-Foto-TJ-Krebs.jpg?fit=1200%2C800&ssl=1&resize=1050%2C600 3x"},"classes":[]},{"id":6546,"url":"https:\/\/www.jazzzeitung.de\/cms\/2015\/07\/newcomer-des-monats-matthias-lindermayr\/","url_meta":{"origin":32237,"position":2},"title":"Newcomer des Monats: Matthias Lindermayr","author":"Redaktion JazzZeitung","date":"13. Juli 2015","format":false,"excerpt":"Ein Ton, einsam, weit und eindringlich ruft dieser Ton. Eine Verzierung, dann ein zweiter Ton. Lang angehalten, man h\u00f6rt wie die Luft flie\u00dft, wie w\u00fcrzig-rauer Sand weht einem dieser Ton ins Ohr. Kraft hat er und nach Sehnsucht klingt er, tiefgr\u00fcndig und lebendig. Er strahlt nicht nur, dieser Ton hat\u2026","rel":"","context":"In &quot;Newcomer des Monats&quot;","block_context":{"text":"Newcomer des Monats","link":"https:\/\/www.jazzzeitung.de\/cms\/thema\/newcomer\/"},"img":{"alt_text":"\u00a9_hannes_rohrer","src":"https:\/\/i0.wp.com\/www.jazzzeitung.de\/cms\/wp-content\/uploads\/2015\/07\/DSC4308_%C2%A9_hannes_rohrer.jpg?fit=1200%2C798&ssl=1&resize=350%2C200","width":350,"height":200,"srcset":"https:\/\/i0.wp.com\/www.jazzzeitung.de\/cms\/wp-content\/uploads\/2015\/07\/DSC4308_%C2%A9_hannes_rohrer.jpg?fit=1200%2C798&ssl=1&resize=350%2C200 1x, https:\/\/i0.wp.com\/www.jazzzeitung.de\/cms\/wp-content\/uploads\/2015\/07\/DSC4308_%C2%A9_hannes_rohrer.jpg?fit=1200%2C798&ssl=1&resize=525%2C300 1.5x, https:\/\/i0.wp.com\/www.jazzzeitung.de\/cms\/wp-content\/uploads\/2015\/07\/DSC4308_%C2%A9_hannes_rohrer.jpg?fit=1200%2C798&ssl=1&resize=700%2C400 2x, https:\/\/i0.wp.com\/www.jazzzeitung.de\/cms\/wp-content\/uploads\/2015\/07\/DSC4308_%C2%A9_hannes_rohrer.jpg?fit=1200%2C798&ssl=1&resize=1050%2C600 3x"},"classes":[]},{"id":31966,"url":"https:\/\/www.jazzzeitung.de\/cms\/2024\/12\/live-in-der-bmw-welt-martina-schlagintweit-und-susi-lotter-mit-ihren-neuen-bands\/","url_meta":{"origin":32237,"position":3},"title":"Live in der BMW Welt: Martina Schlagintweit und Susi Lotter mit ihren neuen Bands","author":"Redaktion JazzZeitung","date":"4. Dezember 2024","format":false,"excerpt":"Susi Lotter feat. AlKEN und Marina Schlagintweit Large Ensemble im Doppelkonzert am 14. Dezember 2024 in der BMW Welt M\u00fcnchen Der Jazz kehrt in den Doppelkegel der BMW Welt zur\u00fcck: Die diesj\u00e4hrigen BMW Young Artist Jazz Award Preistr\u00e4gerinnen Susi Lotter und Marina Schlagintweit geben am 14. Dezember, 19:00, ein einmaliges\u2026","rel":"","context":"In &quot;News&quot;","block_context":{"text":"News","link":"https:\/\/www.jazzzeitung.de\/cms\/thema\/nachrichten\/"},"img":{"alt_text":"","src":"https:\/\/i0.wp.com\/www.jazzzeitung.de\/cms\/wp-content\/uploads\/2020\/02\/P1716599-Reis-Demuth-Wiltgen-Trio-Foto-TJ-Krebs.jpg?fit=1200%2C823&ssl=1&resize=350%2C200","width":350,"height":200,"srcset":"https:\/\/i0.wp.com\/www.jazzzeitung.de\/cms\/wp-content\/uploads\/2020\/02\/P1716599-Reis-Demuth-Wiltgen-Trio-Foto-TJ-Krebs.jpg?fit=1200%2C823&ssl=1&resize=350%2C200 1x, https:\/\/i0.wp.com\/www.jazzzeitung.de\/cms\/wp-content\/uploads\/2020\/02\/P1716599-Reis-Demuth-Wiltgen-Trio-Foto-TJ-Krebs.jpg?fit=1200%2C823&ssl=1&resize=525%2C300 1.5x, https:\/\/i0.wp.com\/www.jazzzeitung.de\/cms\/wp-content\/uploads\/2020\/02\/P1716599-Reis-Demuth-Wiltgen-Trio-Foto-TJ-Krebs.jpg?fit=1200%2C823&ssl=1&resize=700%2C400 2x, https:\/\/i0.wp.com\/www.jazzzeitung.de\/cms\/wp-content\/uploads\/2020\/02\/P1716599-Reis-Demuth-Wiltgen-Trio-Foto-TJ-Krebs.jpg?fit=1200%2C823&ssl=1&resize=1050%2C600 3x"},"classes":[]},{"id":31374,"url":"https:\/\/www.jazzzeitung.de\/cms\/2024\/07\/der-muenchner-jazzsommer-wieder-mal-ein-gelungenes-festival\/","url_meta":{"origin":32237,"position":4},"title":"Der M\u00fcnchner Jazzsommer &#8211; wieder mal ein gelungenes Festival","author":"Redaktion JazzZeitung","date":"23. Juli 2024","format":false,"excerpt":"(Text & Fotos: Thomas J. Krebs) Der Jazzsommer im Bayerischen Hof ist seit 2007 der offizielle Nachfolger des 1981 begr\u00fcndeten und seinerzeit von Friedrich Gulda initiierten M\u00fcnchner Klaviersommers. Eine traurige Nachricht vorab: die beiden urspr\u00fcnglichen Veranstalter Karheinz Hein sowie Manfred Frei sind vor kurzem verstorben. Umso wichtiger die Tradition weiter\u2026","rel":"","context":"In &quot;Bericht&quot;","block_context":{"text":"Bericht","link":"https:\/\/www.jazzzeitung.de\/cms\/thema\/bericht\/"},"img":{"alt_text":"","src":"https:\/\/i0.wp.com\/www.jazzzeitung.de\/cms\/wp-content\/uploads\/2024\/07\/P1199731-Washington-Foto-TJ-Krebs.jpg?fit=1200%2C799&ssl=1&resize=350%2C200","width":350,"height":200,"srcset":"https:\/\/i0.wp.com\/www.jazzzeitung.de\/cms\/wp-content\/uploads\/2024\/07\/P1199731-Washington-Foto-TJ-Krebs.jpg?fit=1200%2C799&ssl=1&resize=350%2C200 1x, https:\/\/i0.wp.com\/www.jazzzeitung.de\/cms\/wp-content\/uploads\/2024\/07\/P1199731-Washington-Foto-TJ-Krebs.jpg?fit=1200%2C799&ssl=1&resize=525%2C300 1.5x, https:\/\/i0.wp.com\/www.jazzzeitung.de\/cms\/wp-content\/uploads\/2024\/07\/P1199731-Washington-Foto-TJ-Krebs.jpg?fit=1200%2C799&ssl=1&resize=700%2C400 2x, https:\/\/i0.wp.com\/www.jazzzeitung.de\/cms\/wp-content\/uploads\/2024\/07\/P1199731-Washington-Foto-TJ-Krebs.jpg?fit=1200%2C799&ssl=1&resize=1050%2C600 3x"},"classes":[]},{"id":7948,"url":"https:\/\/www.jazzzeitung.de\/cms\/2015\/12\/alles-ist-jazz-irgendwie-jazzfest-muenchen-2015\/","url_meta":{"origin":32237,"position":5},"title":"\u201eAlles ist Jazz \u2013 irgendwie\u201c: Jazzfest M\u00fcnchen 2015","author":"Redaktion JazzZeitung","date":"14. Dezember 2015","format":false,"excerpt":"Von Godehard Lutz - \u201eAlles ist Jazz \u2013 irgendwie\u201c: Diese augenzwinkernde Aussage des Pianisten Andy Lutter kennzeichnete mehr oder weniger trefflich die beiden ersten Konzerte am Er\u00f6ffnungsabend des 26. Jazzfest der Jazzmusiker-Iniative M\u00fcnchen. Deren Vorsitzender und bew\u00e4hrter Festivalleiter ist Lutter seit langem. Im Verdacht, der Jazzpolizei anzugeh\u00f6ren, stehen eher und\u2026","rel":"","context":"In &quot;Bericht&quot;","block_context":{"text":"Bericht","link":"https:\/\/www.jazzzeitung.de\/cms\/thema\/bericht\/"},"img":{"alt_text":"","src":"https:\/\/i0.wp.com\/www.jazzzeitung.de\/cms\/wp-content\/uploads\/2015\/12\/ROSCHERMonikaMCC%C2%A9Godehard.Lutz%40bayern-mail.de_IMGP4113.jpg?resize=350%2C200","width":350,"height":200,"srcset":"https:\/\/i0.wp.com\/www.jazzzeitung.de\/cms\/wp-content\/uploads\/2015\/12\/ROSCHERMonikaMCC%C2%A9Godehard.Lutz%40bayern-mail.de_IMGP4113.jpg?resize=350%2C200 1x, https:\/\/i0.wp.com\/www.jazzzeitung.de\/cms\/wp-content\/uploads\/2015\/12\/ROSCHERMonikaMCC%C2%A9Godehard.Lutz%40bayern-mail.de_IMGP4113.jpg?resize=525%2C300 1.5x, https:\/\/i0.wp.com\/www.jazzzeitung.de\/cms\/wp-content\/uploads\/2015\/12\/ROSCHERMonikaMCC%C2%A9Godehard.Lutz%40bayern-mail.de_IMGP4113.jpg?resize=700%2C400 2x, https:\/\/i0.wp.com\/www.jazzzeitung.de\/cms\/wp-content\/uploads\/2015\/12\/ROSCHERMonikaMCC%C2%A9Godehard.Lutz%40bayern-mail.de_IMGP4113.jpg?resize=1050%2C600 3x, https:\/\/i0.wp.com\/www.jazzzeitung.de\/cms\/wp-content\/uploads\/2015\/12\/ROSCHERMonikaMCC%C2%A9Godehard.Lutz%40bayern-mail.de_IMGP4113.jpg?resize=1400%2C800 4x"},"classes":[]}],"jetpack_sharing_enabled":true,"_links":{"self":[{"href":"https:\/\/www.jazzzeitung.de\/cms\/wp-json\/wp\/v2\/posts\/32237","targetHints":{"allow":["GET"]}}],"collection":[{"href":"https:\/\/www.jazzzeitung.de\/cms\/wp-json\/wp\/v2\/posts"}],"about":[{"href":"https:\/\/www.jazzzeitung.de\/cms\/wp-json\/wp\/v2\/types\/post"}],"author":[{"embeddable":true,"href":"https:\/\/www.jazzzeitung.de\/cms\/wp-json\/wp\/v2\/users\/18"}],"replies":[{"embeddable":true,"href":"https:\/\/www.jazzzeitung.de\/cms\/wp-json\/wp\/v2\/comments?post=32237"}],"version-history":[{"count":1,"href":"https:\/\/www.jazzzeitung.de\/cms\/wp-json\/wp\/v2\/posts\/32237\/revisions"}],"predecessor-version":[{"id":32248,"href":"https:\/\/www.jazzzeitung.de\/cms\/wp-json\/wp\/v2\/posts\/32237\/revisions\/32248"}],"wp:featuredmedia":[{"embeddable":true,"href":"https:\/\/www.jazzzeitung.de\/cms\/wp-json\/wp\/v2\/media\/32239"}],"wp:attachment":[{"href":"https:\/\/www.jazzzeitung.de\/cms\/wp-json\/wp\/v2\/media?parent=32237"}],"wp:term":[{"taxonomy":"category","embeddable":true,"href":"https:\/\/www.jazzzeitung.de\/cms\/wp-json\/wp\/v2\/categories?post=32237"},{"taxonomy":"post_tag","embeddable":true,"href":"https:\/\/www.jazzzeitung.de\/cms\/wp-json\/wp\/v2\/tags?post=32237"},{"taxonomy":"author","embeddable":true,"href":"https:\/\/www.jazzzeitung.de\/cms\/wp-json\/wp\/v2\/coauthors?post=32237"}],"curies":[{"name":"wp","href":"https:\/\/api.w.org\/{rel}","templated":true}]}}