{"id":32215,"date":"2025-02-16T12:00:33","date_gmt":"2025-02-16T11:00:33","guid":{"rendered":"https:\/\/www.jazzzeitung.de\/cms\/?p=32215"},"modified":"2025-02-12T13:03:44","modified_gmt":"2025-02-12T12:03:44","slug":"die-eingeschmolzene-jazz-radiowoche-vom-17-02-2025-bis-23-02-2025","status":"publish","type":"post","link":"https:\/\/www.jazzzeitung.de\/cms\/2025\/02\/die-eingeschmolzene-jazz-radiowoche-vom-17-02-2025-bis-23-02-2025\/","title":{"rendered":"Die eingeschmolzene Jazz-Radiowoche vom 17.02.2025 bis 23.02.2025"},"content":{"rendered":"<p>Die \u00dcbersicht zum <a href=\"https:\/\/service.conbrio.de\/service\/download\/278\/\">Download als PDF<\/a><span style=\"text-decoration: line-through;\">.<\/span> Alle Angaben ohne Gew\u00e4hr. Erg\u00e4nzt mit den tollen Sendungen zur Neuen Musik von BR-KLASSIK und \u00d61.<\/p>\n<p>Leider hat die ARD ihre Suchmaschine in Fragen Radio in der Zwischenzeit komplett geschreddert, nachdem sie in den vergangenen Jahren schon nicht mehr \u00fcber Schlagworte funktioniert hat. Damit sind wir nun komplett auf Zulieferungen der Sendeanstalten angewiesen. Aktuell bekommen wir Informationen von SWR Kultur, \u00d61 und in Sachen Neue Musik von BR-KLASSIK und ebenfalls \u00d61.<\/p>\n<p><strong>Inhalt<\/strong><\/p>\n<p style=\"padding-left: 40px;\"><a href=\"#_Toc190257442\">mo \u2013 17.02.2025<\/a><\/p>\n<p style=\"padding-left: 40px;\"><a href=\"#_Toc190257443\">di \u2013 18.02.2025<\/a><\/p>\n<p style=\"padding-left: 40px;\"><a href=\"#_Toc190257444\">mi \u2013 19.02.2025<\/a><\/p>\n<p style=\"padding-left: 40px;\"><a href=\"#_Toc190257445\">do \u2013 20.02.2025<\/a><\/p>\n<p style=\"padding-left: 40px;\"><a href=\"#_Toc190257446\">fr \u2013 21.02.2025<\/a><\/p>\n<p style=\"padding-left: 40px;\"><a href=\"#_Toc190257447\">sa \u2013 22.02.2025<\/a><\/p>\n<p style=\"padding-left: 40px;\"><a href=\"#_Toc190257448\">so \u2013 23.02.2025<\/a><a name=\"_Toc174527976\"><\/a><\/p>\n<hr \/>\n<h2><a name=\"_Toc183595478\"><\/a><a name=\"_Toc184290543\"><\/a><a name=\"_Toc185409041\"><\/a><a name=\"_Toc186792938\"><\/a><a name=\"_Toc187143015\"><\/a><a name=\"_Toc188530705\"><\/a><a name=\"_Toc188957623\"><\/a><a name=\"_Toc189813526\"><\/a><a name=\"_Toc189815284\"><\/a><a name=\"_Toc190257440\"><\/a>Senderliste:<\/h2>\n<ul>\n<li><a href=\"https:\/\/oe1.orf.at\/\">ORF \u2013 \u00d61<\/a><\/li>\n<li><a href=\"https:\/\/www.deutschlandradio.de\/\">Deutschlandfunk<\/a> \u2013 \u201eFakten und mehr\u201c<\/li>\n<li><a href=\"https:\/\/www.deutschlandfunkkultur.de\/\">Deutschlandfunk-Kultur<\/a> \u2013 \u201eDas Feuilleton im Radio\u201c<\/li>\n<li><a href=\"https:\/\/www.ndr.de\/ndrkultur\/\">ndr Kultur<\/a> \u2013 H\u00f6ren und genie\u00dfen<\/li>\n<li><a href=\"https:\/\/www.ndr.de\/ndrblue\/index.html\">ndr blue<\/a> \u2013 Meet The Music<\/li>\n<li><a href=\"https:\/\/www.bremenzwei.de\/\">radio bremen<\/a> \u2013 Neugier lohnt sich.<\/li>\n<li><a href=\"https:\/\/www.radiodrei.de\/\">radio 3<\/a> \u2013<\/li>\n<li><a href=\"https:\/\/www.mdr.de\/kultur\/radio\/index.html\">mdr-kultur<\/a> \u2013 Das Radio.<\/li>\n<li><a href=\"https:\/\/www1.wdr.de\/radio\/wdr3\/\">wdr3<\/a> \u2013 Das Kulturradio<\/li>\n<li><a href=\"https:\/\/www.hr2.de\/index.html\">hr2-kultur<\/a> \u2013 Das Kulturradio f\u00fcr Hessen.<\/li>\n<li><a href=\"https:\/\/www.sr.de\/sr\/sr2\/index.html\">sr2 Kulturradio<\/a> \u2013 \u2026 gut zu h\u00f6ren.<\/li>\n<li><a href=\"https:\/\/www.swr.de\/swr2\/\">swr <\/a>kultur \u2013 Kultur neu entdecken<\/li>\n<li><a href=\"https:\/\/www.br.de\/radio\/br-klassik\/index.html\">BR-KLASSIK<\/a> \u2013 Klassikstars geben auf BR-KLASSIK den Ton an. Attraktive Magazine bringen Interviews und Neuigkeiten aus dem Musikleben.<\/li>\n<li><a href=\"https:\/\/www.br.de\/radio\/bayern2\/index.html\">Bayern 2<\/a> \u2013 Preisgekr\u00f6ntes Radio f\u00fcr H\u00f6rer, die mehr wissen wollen<\/li>\n<\/ul>\n<h2><a name=\"_Toc175140590\"><\/a><a name=\"_Toc176424573\"><\/a><a name=\"_Toc183595479\"><\/a><a name=\"_Toc184290544\"><\/a><a name=\"_Toc185409042\"><\/a><a name=\"_Toc186792939\"><\/a><a name=\"_Toc187143016\"><\/a><a name=\"_Toc188530706\"><\/a><a name=\"_Toc188957624\"><\/a><a name=\"_Toc189813527\"><\/a><a name=\"_Toc189815285\"><\/a><a name=\"_Toc190257441\"><\/a>Internet:<\/h2>\n<ul>\n<li>Schweden: <a href=\"https:\/\/sverigesradio.se\/tabla.aspx?programid=2562\">P2<\/a> sendet immer Dienstags von 21:00 bis 22:00 und Sonntags von 18:40 bis 20:00 ein Jazzkonzert<\/li>\n<li>Ungarn: <a href=\"https:\/\/mediaklikk.hu\/bartok\/\">Bartok Radio<\/a> sendet t\u00e4glich von 23:00 bis 23:55 eine Jazzsendung<\/li>\n<\/ul>\n<hr \/>\n<h2><a name=\"_Toc190257442\"><\/a>mo \u2013 17.02.2025<\/h2>\n<hr \/>\n<p>17:30:00 +++ \u00d61<br \/>\n<strong>Musik aus allen Richtungen mit Astrid Schwarz und Rainer Elstner.<\/strong><\/p>\n<p>19:30:00 +++ \u00d61<br \/>\n<strong>Agust\u00edn Monz\u00f3n Tr\u00edo sowie Quique Sinesi &amp; Mart\u00edn Sued im September 2024 im Wiener RadioKulturhaus<\/strong><\/p>\n<p style=\"padding-left: 40px;\">\u201eFestival Argentina\u201c war im September und Oktober 2024 im Wiener RadioKulturhaus eine Konzertreihe \u00fcberschrieben, in der die musikalische Vielfalt des zweitgr\u00f6\u00dften Landes S\u00fcdamerikas zelebriert wurde \u2013 die ja weit \u00fcber den in den Armenvierteln von Rio de Janeiro und Montevideo entstandenen Tango hinaus reicht.<\/p>\n<p style=\"padding-left: 40px;\">Zum Auftakt der Reihe wurde am 28. September letzten Jahres zu einem bemerkenswerten Doppelkonzert ins Studio 3 geladen: Im ersten Teil stand der 25 Jahre junge Akkordeonist Agust\u00edn Monz\u00f3n auf der B\u00fchne. Er wurde bei dieser Fiesta del Chamam\u00e9 \u2013 gewidmet der traditionellen Chamam\u00e9 der Provinz Corrientes im Nordosten Argentiniens \u2013 von Nazareno Duarte an der Gitarre und Federico Mayuli am Kontrabass begleitet.<\/p>\n<p style=\"padding-left: 40px;\">Im zweiten Teil des Abends n\u00e4herte man sich dem Spannungsfeld von Folklore und Tango aus zeitgen\u00f6ssischer Perspektive: Der 64-j\u00e4hrige Gitarrist Quique Sinesi, einer der wichtigsten seines Fachs in der aktuellen Musikszene Argentiniens, entwickelte im RadioKulturhaus im Zusammenklang mit den spielerischen, kraftvollen wie sensiblen Kompositionen von Bandoneonist und Duopartner Mart\u00edn Sued ein dramaturgisch gleicherma\u00dfen anspruchsvolles wie fesselndes, brillant musiziertes Konzert-Set, dem das Publikum begeistert folgte. J\u00f6rg Duit pr\u00e4sentiert Ausschnitte aus beiden Konzerten.<\/p>\n<p>22:03 \u2013 23:00 UHR +++ SWR KULTUR<br \/>\n<strong>ARD Jazz. Spotlight: Abrei\u00dfen, die H\u00fctte! Junge Wilde im Jazz<\/strong><\/p>\n<p style=\"padding-left: 40px;\">Von Konrad Bott. Alles scheint schon mal gesagt, alles schon mal gespielt worden zu sein. Das Rad im Jazz und in der improvisierten Musik neu zu erfinden, scheint aussichtslos. Aber deshalb in der musikalischen Komfortzone ein angenehm verdauliches S\u00fcppchen zu kochen? Muss nicht sein. Eine Sendung \u00fcber junge Skalensaboteure und Harmoniesprengerinnen.<\/p>\n<p>23:03 bis 24:00 +++ \u00d61<br \/>\n<strong>Musikalisch-t\u00e4nzerische Biographie \u2013 Wien Modern 2024. \u201eO!\u201c von Eva Maria Schaller und Matthias Kranebitter <\/strong><\/p>\n<p style=\"padding-left: 40px;\">Das Black Page Orchestra begleitete die Tanzperformance einer Compagnie rund um Choreographin Eva Maria Schaller mit einer Komposition von Matthias Kranebitter. Die Ballettmusik f\u00fcr Ensemble und S\u00e4nger unter der pr\u00e4zisen wie mitrei\u00dfenden Leitung von Irene Delgado-Jim\u00e9nez erntete gro\u00dfen Applaus. Wir senden einen Mitschnitt der Urauff\u00fchrung von \u201eO! A Biography\u201c in der Halle G des Wiener Museumsquartiers.<\/p>\n<p style=\"padding-left: 40px;\">\u00a0Als gro\u00dfe Einladung beginnt \u201eO! A Biography\u201c bei den fr\u00fchen Anf\u00e4ngen einer t\u00e4nzerischen Biografie und begibt sich auf die Suche nach den M\u00f6glichkeiten des Fantastischen und Transformativen, die darin liegen. Gemeinsam mit dem Black Page Orchestra, einem T\u00e4nzer und einem Countertenor sowie einem Ensemble junger T\u00e4nzer:innen taucht Eva-Maria Schaller tief hinab in Momente pers\u00f6nlicher Erinnerungen und Erfahrungen hinter und auf der B\u00fchne, um einen sowohl pers\u00f6nlichen wie auch kollektiven Prozess der Emanzipation und Aktualisierung zu provozieren.<\/p>\n<p style=\"padding-left: 40px;\">\u00a0Wenn der K\u00f6rper ein Archiv ist, dann ein chaotisches, voller hybrider Fragmente, fantastischer Realit\u00e4ten, den Zeithorizont eines einzelnen Lebens sprengend. Ausgehend von Virginia Woolfs \u201eOrlando\u201c sucht \u201eO! A Biography\u201c nach der Utopie einer 400-j\u00e4hrigen Biografie jenseits von Zeit, Ort und des sozialen Apparats der Genderproduktion. Wie fluide die Deutungen von Bewegungsformen sind, merken wir erst im kaleidoskopischen Tanz durch die Jahrhunderte. Eva-Maria Schaller setzt ihre k\u00fcnstlerische Forschung \u00fcber Weitergabe, verk\u00f6rpertes Wissen und Erinnern als choreografischer Prozess fort. \u201eO! A Biography\u201c beschw\u00f6rt mit der Vergangenheit eine Zukunft herauf, in der es m\u00f6glich ist, viele gleichzeitig zu sein. (Auszug aus einem Text von Eva-Maria Schaller) Gestaltung: Astrid Schwarz<\/p>\n<hr \/>\n<h2><a name=\"_Toc190257443\"><\/a>di \u2013 18.02.2025<\/h2>\n<hr \/>\n<p>17:30:00 +++ \u00d61<br \/>\n<strong>Musik aus allen Richtungen.<\/strong><\/p>\n<p>21:00 \u2013 22:00 UHR +++ SWR KULTUR<br \/>\n<strong>JetztMusik: Musho \u2013 Sofia Jernberg &amp; Alexander Hawkins beim Jazzfest Berlin 2024<\/strong><\/p>\n<p style=\"padding-left: 40px;\">Von Julia Neupert. Die \u00e4thiopisch-schwedische Vokalistin Sofia Jernberg und der britische Pianist Alexander Hawkins haben 2016 zum ersten Mal im Duo miteinander gearbeitet. Ethio-Jazz war damals ein gemeinsamer Nenner \u2013 und auch f\u00fcr ihr aktuelles \u201eMusho\u201c-Projekt haben sich die beiden mit Klassikern dieses Genres besch\u00e4ftigt. Eine Ethio-Jazz-Konzeptband wollen sie aber nicht sein, im Programm haben sie deshalb auch eine englische Ballade oder ein armenisches Klagelied. Im Zusammenklang entsteht so ein Lieder-Zyklus, der von der komplizierten und oft schmerzvollen Auseinandersetzung mit Heimat erz\u00e4hlt.<\/p>\n<p>23:03 bis 24:00 +++ \u00d61<br \/>\n<strong>Neuerscheinungen und andere Entdeckungen \u2013 Aktuelle Aufnahmen zeitgen\u00f6ssischer Musik <\/strong><\/p>\n<p style=\"padding-left: 40px;\">Auch an diesem Dienstag pr\u00e4sentieren wir Ihnen wieder Neuerscheinungen und andere Entdeckungen aus dem Feld der neuen und experimentellen Musik. Gestaltung: Heinrich Deisl<\/p>\n<hr \/>\n<h2><a name=\"_Toc190257444\"><\/a>mi \u2013 19.02.2025<\/h2>\n<hr \/>\n<p>17:30:00 +++ \u00d61<br \/>\n<strong>Musik aus allen Richtungen mit Ulla Pilz und Michael Neuhauser.<\/strong><\/p>\n<p>22:03 \u2013 23:00 UHR +++ SWR KULTUR<br \/>\n<strong>ARD Jazz. Das Magazin<\/strong><\/p>\n<p style=\"padding-left: 40px;\">Von Anja Buchmann. Das w\u00f6chentliche Jazz-Update, pr\u00e4sentiert von Eurer ARD: au\u00dfergew\u00f6hnliche Ver\u00f6ffentlichungen, relevante Ereignisse und aktuelle Debatten. Wir diskutieren Jazz in allen seinen Facetten und suchen auch deutschlandweit die Orte auf, an denen er zu Hause ist. Nicht verpassen!<\/p>\n<figure id=\"attachment_32216\" aria-describedby=\"caption-attachment-32216\" style=\"width: 690px\" class=\"wp-caption aligncenter\"><a href=\"https:\/\/i0.wp.com\/www.jazzzeitung.de\/cms\/wp-content\/uploads\/2025\/02\/kunstvormbau.jpg?ssl=1\"><img data-recalc-dims=\"1\" loading=\"lazy\" decoding=\"async\" data-attachment-id=\"32216\" data-permalink=\"https:\/\/www.jazzzeitung.de\/cms\/2025\/02\/die-eingeschmolzene-jazz-radiowoche-vom-17-02-2025-bis-23-02-2025\/kunstvormbau\/\" data-orig-file=\"https:\/\/i0.wp.com\/www.jazzzeitung.de\/cms\/wp-content\/uploads\/2025\/02\/kunstvormbau.jpg?fit=1080%2C939&amp;ssl=1\" data-orig-size=\"1080,939\" data-comments-opened=\"1\" data-image-meta=\"{&quot;aperture&quot;:&quot;0&quot;,&quot;credit&quot;:&quot;&quot;,&quot;camera&quot;:&quot;&quot;,&quot;caption&quot;:&quot;&quot;,&quot;created_timestamp&quot;:&quot;0&quot;,&quot;copyright&quot;:&quot;&quot;,&quot;focal_length&quot;:&quot;0&quot;,&quot;iso&quot;:&quot;0&quot;,&quot;shutter_speed&quot;:&quot;0&quot;,&quot;title&quot;:&quot;&quot;,&quot;orientation&quot;:&quot;0&quot;}\" data-image-title=\"Kunst vorm Bau. Foto: Hufner\" data-image-description=\"&lt;p&gt;Kunst vorm Bau. Foto: Hufner&lt;\/p&gt;\n\" data-image-caption=\"&lt;p&gt;Kunst vorm Bau. Foto: Hufner&lt;\/p&gt;\n\" data-large-file=\"https:\/\/i0.wp.com\/www.jazzzeitung.de\/cms\/wp-content\/uploads\/2025\/02\/kunstvormbau.jpg?fit=690%2C600&amp;ssl=1\" class=\"size-large wp-image-32216\" src=\"https:\/\/i0.wp.com\/www.jazzzeitung.de\/cms\/wp-content\/uploads\/2025\/02\/kunstvormbau.jpg?resize=690%2C600&#038;ssl=1\" alt=\"Kunst vorm Bau. Foto: Hufner\" width=\"690\" height=\"600\" srcset=\"https:\/\/i0.wp.com\/www.jazzzeitung.de\/cms\/wp-content\/uploads\/2025\/02\/kunstvormbau.jpg?resize=690%2C600&amp;ssl=1 690w, https:\/\/i0.wp.com\/www.jazzzeitung.de\/cms\/wp-content\/uploads\/2025\/02\/kunstvormbau.jpg?resize=300%2C261&amp;ssl=1 300w, https:\/\/i0.wp.com\/www.jazzzeitung.de\/cms\/wp-content\/uploads\/2025\/02\/kunstvormbau.jpg?resize=768%2C668&amp;ssl=1 768w, https:\/\/i0.wp.com\/www.jazzzeitung.de\/cms\/wp-content\/uploads\/2025\/02\/kunstvormbau.jpg?w=1080&amp;ssl=1 1080w\" sizes=\"auto, (max-width: 690px) 100vw, 690px\" \/><\/a><figcaption id=\"caption-attachment-32216\" class=\"wp-caption-text\">Kunst vorm Bau. Foto: Hufner<\/figcaption><\/figure>\n<hr \/>\n<h2><a name=\"_Toc190257445\"><\/a>do \u2013 20.02.2025<\/h2>\n<hr \/>\n<p>17:30:00 +++ \u00d61<br \/>\n<strong>Musik aus allen Richtungen mit Andreas Felber.<\/strong><\/p>\n<p>22:03 \u2013 23:00 UHR +++ SWR KULTUR<br \/>\n<strong>Jazz and More<\/strong><\/p>\n<p style=\"padding-left: 40px;\">Von Karmen Mikovic. Ja was haben wir denn da?! Neue Alben aus dem Jazz und seinen Randgebieten. Ob Blues, Neo-Klassik, Global-Pop oder freie Improvisation \u2013 hier darf alles mitmischen. (\u00dcbernahme von hr2 Kultur).<\/p>\n<p>23:03 bis 00:00 Uhr +++ BR-KLASSIK<br \/>\n<strong>Horizonte: Zum 50. Todestag von Luigi Dallapiccola <\/strong><\/p>\n<p>Eine Sendung von Julia Sch\u00f6lzel<\/p>\n<hr \/>\n<h2><a name=\"_Toc190257446\"><\/a>fr \u2013 21.02.2025<\/h2>\n<hr \/>\n<p>14:05:00 +++ \u00d61<br \/>\n<strong>Das Stra\u00dfburger Trio Emile Londonien und der New Yorker Trompeter Michael Leonhart 2023 in Marseille.<\/strong><\/p>\n<p style=\"padding-left: 40px;\">Emile Parisien ist zweifellos eine gewichtige Gr\u00f6\u00dfe im Jazz. Dennoch d\u00fcrfte es den franz\u00f6sischen Saxofonisten \u00fcberrascht haben, als sich 2020 ein Trio nach ihm benannte, zumindest fast: Aus Parisien, also dem Pariser, haben sie aufgrund ihrer musikalischen Vorlieben n\u00e4mlich einen Londoner gemacht und wurden zu \u201eEmile Londonien\u201c, bestehend aus Nils Boyny (Keyboards), Th\u00e9o Tritsch (Bass) und Matthieu Drago (Schlagzeug). Alle drei sind auch Mitbegr\u00fcnder des Stra\u00dfburger Kollektivs Omezis, das Musiker, DJs, Videok\u00fcnstler und ein Independent-Label vereint. Stark gepr\u00e4gt von der englischen Club- Szene der fr\u00fchen 2010er Jahre lassen Emile Londonien in ihrer Musik auch Einfl\u00fcsse von Shabaka Hutchings erkennen, von Martin Ivesons tanzorientierter House-Jazz-Musik im Projekt \u201eAtjazz\u201c, aber auch vom \u201ekosmischen\u201c Erbe eines Sun Ra.<\/p>\n<p style=\"padding-left: 40px;\">Der in New York ans\u00e4ssige Trompeter und Multiinstrumentalist Michael Leonhart ist ebenfalls deklarierter Sun-Ra-Fan, aber das ist nur einer von vielen Ber\u00fchrungspunkten zwischen ihm und dem Stra\u00dfburger Trio, die beide am 26. Juli 2023 beim Festival Marseille Jazz des Cinq Continents zu Gast waren.<\/p>\n<p style=\"padding-left: 40px;\">Michael Leonhart setzt ebenfalls gern auf kr\u00e4ftige, tanzbare Grooves und Funk-orientierten Jazz. Und er arbeitet oft mit dem New Yorker Rapper Julian Caldwell alias JSWISS zusammen, der im zweiten Teil des Konzerts in Marseille auf die B\u00fchne kam. Diese Ausgabe von In Concert fokussiert jedoch auf das erste, instrumentale Set des Michael Leonhart Orchestra, bestehend aus Jason Marshall (Baritonsaxofon), Max Pinto (Baritonsaxofon und Fl\u00f6te), Guillaume Latil (Cello), Joe Martin (Kontrabass), Elisabeth Pupo-Walker (Perkussion) und E. J. Strickland (Schlagzeug).<\/p>\n<p>17:30:00 +++ \u00d61<br \/>\n<strong>Musik aus allen Richtungen mit Johann Kneihs.<\/strong><\/p>\n<p>23:03 bis 24:00 +++ \u00d61<br \/>\n<strong>\u201eOxymora\u201c von F. Hautzinger und B. Stangl \u2013 Wien Modern 2024. Musik im Zeichen von Arnold Sch\u00f6nberg und Pink Floyd.<\/strong><\/p>\n<p style=\"padding-left: 40px;\">Der 150. Geburtstag von Arnold Sch\u00f6nberg wurde Anfang November 2024 im Wiener Arnold Sch\u00f6nberg Center mit einem Symposium gefeiert, das sich unter dem Motto \u201eDigging Sch\u00f6nberg\u201c der Sch\u00f6nberg-Rezeption und -Adaption in der popul\u00e4ren Musik widmete. Zum Abschluss fand die Urauff\u00fchrung von \u201eOxymora\u201c von Franz Hautzinger (Vierteltontrompete, Elektronik) und Burkhard Stangl (Gitarren, Elektronik) statt. Ein Oxymoron ist eine rhetorische Figur, die zwei Begriffe miteinander verkn\u00fcpft, die einander eigentlich widersprechen und mitunter sogar ausschlie\u00dfen. In ihrem St\u00fcck \u201eOxymora\u201c sind Stangl und Hautzinger der Frage nachgegangen, ob es eine Musik geben kann, die sich gleicherma\u00dfen auf Arnold Sch\u00f6nberg und Pink Floyd bezieht. Gestaltung: Susanna Niedermayr<\/p>\n<hr \/>\n<h2><a name=\"_Toc190257447\"><\/a>sa \u2013 22.02.2025<\/h2>\n<hr \/>\n<p>18:20 \u2013 19:00 UHR +++ SWR KULTUR<br \/>\n<strong>Jazz: Mit Tasten in allen Gassen \u2013 Akkordeonisten der Gegenwart<\/strong><\/p>\n<p style=\"padding-left: 40px;\">Von Franziska Buhre. Das Akkordeon reist seit seiner Entwicklung 1829 mit Musikern um die Welt. So geh\u00f6rt es bis heute zum Bestand vieler lokaler Musikkulturen, Akkordeonisten bewegen sich seit jeher aber auch gewandt zwischen Genres und Spielweisen. Ein Streifzug durch aktuelle Aufnahmen mit Akkordeon von erfahrenen Meistern und experimentierfreudigen, j\u00fcngeren Musikern. Mal erklingt das Akkordeon atmosph\u00e4risch zu Gesang, in \u00fcberraschend neuen Konstellationen mit Saiteninstrumenten, als Solist in einem Jazztrio oder als Aufforderung zum Tanz.<\/p>\n<p>22:10:00 +++ \u00d61<br \/>\n<strong>Neuigkeiten aus der Welt des Jazz\u2019.<\/strong><\/p>\n<p style=\"padding-left: 40px;\">Konzertempfehlungen f\u00fcr die kommende Woche, Buchbesprechungen, Kurznachrufe und aktuelle Meldungen.<\/p>\n<p>23:03:00 +++ \u00d61<br \/>\n<strong>Gitarrist und S\u00e4nger Mehdi Chamma im Interview und mit seiner Group im Wiener RadioKulturhaus.<\/strong><\/p>\n<p style=\"padding-left: 40px;\">Seit 2015 lebt Mehdi Chamma in Wien, 2019 hat er seine manchmal sechs-, manchmal f\u00fcnfk\u00f6pfige Mehdi Chamma Group gegr\u00fcndet. Hier verbindet der marokkanische Gitarrist und S\u00e4nger, der auch die Gimbri spielt, die Basslaute der traditionellen Gnawa-Musik, nordafrikanische Grooves und Melodien mit Rock-, Blues- und Jazzelementen zu einer kraftvollen und \u00fcberraschungsreichen Mischung, in der auch schon einmal ein Zitat aus einem Nirwana-Song auftauchen kann.<\/p>\n<p style=\"padding-left: 40px;\">2023 ver\u00f6ffentlichte Chamma das Deb\u00fct-Album \u201eLayla wa Bahr\u201c (\u201eDie Nacht und das Meer\u201c), hier singt der Bandleader vor allem in seiner Mutterspreche Darija, dem marokkanischen Dialekt des Arabischen. Mit Saxofonist Nikolaus Holler, Posaunist Jakob Mayr, dem aus Rum\u00e4nien stammenden Bassisten Michael Acker sowie Schlagzeuger Walter Sitz versammelt Chamma bew\u00e4hrte Kr\u00e4fte der jungen \u00f6sterreichischen Jazzszene um sich.<\/p>\n<p style=\"padding-left: 40px;\">Gerhard Graml bittet Mehdi Chamma zum Gespr\u00e4ch und pr\u00e4sentiert das Konzert seiner Group vom 20. Februar 2025, aufgenommen im Studio 3 des Wiener RadioKulturhauses in der Reihe \u201e5 Millionen Pesos\u201c f\u00fcr jungen Jazz in und aus \u00d6sterreich.<\/p>\n<hr \/>\n<h2><a name=\"_Toc190257448\"><\/a>so \u2013 23.02.2025<\/h2>\n<hr \/>\n<p>00:05:00 +++ \u00d61<br \/>\n<strong>(Fortsetzung); Gitarrist und S\u00e4nger Mehdi Chamma im Interview und mit seiner Group im Wiener RadioKulturhaus.<\/strong><\/p>\n<p>03:03:00 +++ \u00d61<br \/>\n<strong>Mit klingenden Kulinarien in den Sonntag-Morgen<\/strong><\/p>\n<p style=\"padding-left: 40px;\">Klassiker und Fundst\u00fccke aus 100 Jahren Jazzgeschichte (Wiederholung).<\/p>\n<p>19:10:00 +++ \u00d61<br \/>\n<strong>Mara Miletic singt Michel Legrand.<\/strong><\/p>\n<p style=\"padding-left: 40px;\">Der franz\u00f6sische Komponist, Pianist, S\u00e4nger und Arrangeur Michel Legrand hat sich mit seinen gro\u00dfartigen Sch\u00f6pfungen gleich mehrfach im \u201eGreat American Songbook\u201c verewigt. Die ungebrochene Strahlkraft dieser Lieder zeigt sich im Umstand, dass immer neue Generationen von Musiker:innen sie f\u00fcr sich entdecken.<\/p>\n<p style=\"padding-left: 40px;\">In der heutigen Ausgabe der \u00d61 Hausmusik interpretiert die in Wien lebende serbische S\u00e4ngerin Mara Miletic einige Perlen aus dem umfangreichen Songschaffen von Legrand, unter anderem \u201eI Will Wait for You\u201c und \u201eWatch What Happens\u201c aus dem Musicalfilm \u201eDie Regenschirme von Cherbourg\u201c. Begleitet wird Mara Miletic dabei vom deutschen Pianisten Urs Hager, vom slowenischen Bassisten Tjan \u0160o\u0161taric und vom US-amerikanischen Schlagzeuger Chris Parker.<\/p>\n<p>22:15 \u2013 23:00 UHR +++ SWR KULTUR<br \/>\n<strong>NOWJazz: Sonic Wilderness<\/strong><\/p>\n<p style=\"padding-left: 40px;\">Von Julia Neupert. Diese Reihe unternimmt Expeditionen in Randgebiete und Zwischenwelten des Jazz: Improv, Electronica, Klangkunst, Noise, Ambient oder Rock \u2013 hier kommen Neuver\u00f6ffentlichungen und Entdeckungen zu Geh\u00f6r, die sonst on air kaum zu haben sind. Abenteuerliche Kl\u00e4nge f\u00fcr abenteuerlustige Ohren.<\/p>\n<p>23:03 bis 24:00 +++ \u00d61<br \/>\n<strong>RSO spielt Kammermusik rund ums Saxofon \u2013 Aus n\u00e4chster N\u00e4he: Musiker:innen des ORF Radio-Symphonieorchesters Wien im Arnold Sch\u00f6nberg Center <\/strong><\/p>\n<p style=\"padding-left: 40px;\">Im ersten Saisonkonzert der RSO-Kammermusikreihe \u201eAus n\u00e4chster N\u00e4he\u201c am 7. Oktober 2024 drehte sich (fast) alles um das Saxofon. In unterschiedlichen Konstellationen bahnte sich das Instrument seinen Weg durch das Programm: An der Seite von Violine und Klavier in No\u00ebmi Haffners Trio \u201eBaccae\u201c etwa, im Duo mit der Violine in Roman Haubenstock-Ramatis \u201eMultiple V\u201c, oder im Quartett bei Anton von Webern, welches letzterer dem Architekten Adolf Loos zu dessen 60. Geburtstag widmete \u2013 schlie\u00dflich lernte Webern durch Loos dieses damals durchaus in Mode geratene, und sp\u00e4ter als Symbol einer entarteten Kunst schnell gebrandmarkte Instrument kennen.<\/p>\n<p style=\"padding-left: 40px;\">Umrahmt wurde der Kammermusikabend von Otto M. Zykans \u201ePat\/Retro\u201c f\u00fcr Klarinette und Violine, und der gewichtigen Violinsonate von Galina Ustwolskaja. Gestaltung: Eva Teimel<\/p>\n","protected":false},"excerpt":{"rendered":"<p>Jazz im Radio \u2013 Jeden Sonntag gibt es um 12 Uhr unsere \u00dcbersicht f\u00fcr die jeweils nachfolgende Woche. Die #Jazz-Radiowoche vom 10. bis 16. Februar 2025. Erheblich ausged\u00fcnnt. Die ARD schafft ihr Radio gewisserma\u00dfen ab. Auch als PDF zum Download \u2013 #Jazz #JazzZeitung #Radio #Radiowoche \u2013 Ein Service unserer Online-Redaktion.<\/p>\n","protected":false},"author":1,"featured_media":32216,"comment_status":"open","ping_status":"closed","sticky":false,"template":"","format":"standard","meta":{"_jetpack_memberships_contains_paid_content":false,"footnotes":"","jetpack_publicize_message":"","jetpack_publicize_feature_enabled":true,"jetpack_social_post_already_shared":true,"jetpack_social_options":{"image_generator_settings":{"template":"highway","default_image_id":0,"font":"","enabled":false},"version":2}},"categories":[633,452],"tags":[3773,1629],"coauthors":[650],"class_list":["post-32215","post","type-post","status-publish","format-standard","has-post-thumbnail","hentry","category-nachrichten","category-radio","tag-die-radiowoche","tag-jazz-im-radio"],"yoast_head":"<!-- This site is optimized with the Yoast SEO plugin v27.5 - https:\/\/yoast.com\/product\/yoast-seo-wordpress\/ -->\n<title>Die eingeschmolzene Jazz-Radiowoche vom 17.02.2025 bis 23.02.2025 - JazzZeitung<\/title>\n<meta name=\"robots\" content=\"index, follow, max-snippet:-1, max-image-preview:large, max-video-preview:-1\" \/>\n<link rel=\"canonical\" href=\"https:\/\/www.jazzzeitung.de\/cms\/2025\/02\/die-eingeschmolzene-jazz-radiowoche-vom-17-02-2025-bis-23-02-2025\/\" \/>\n<meta property=\"og:locale\" content=\"de_DE\" \/>\n<meta property=\"og:type\" content=\"article\" \/>\n<meta property=\"og:title\" content=\"Die eingeschmolzene Jazz-Radiowoche vom 17.02.2025 bis 23.02.2025 - JazzZeitung\" \/>\n<meta property=\"og:description\" content=\"Jazz im Radio \u2013 Jeden Sonntag gibt es um 12 Uhr unsere \u00dcbersicht f\u00fcr die jeweils nachfolgende Woche. Die #Jazz-Radiowoche vom 10. bis 16. Februar 2025. Erheblich ausged\u00fcnnt. Die ARD schafft ihr Radio gewisserma\u00dfen ab. Auch als PDF zum Download \u2013 #Jazz #JazzZeitung #Radio #Radiowoche \u2013 Ein Service unserer Online-Redaktion.\" \/>\n<meta property=\"og:url\" content=\"https:\/\/www.jazzzeitung.de\/cms\/2025\/02\/die-eingeschmolzene-jazz-radiowoche-vom-17-02-2025-bis-23-02-2025\/\" \/>\n<meta property=\"og:site_name\" content=\"JazzZeitung\" \/>\n<meta property=\"article:publisher\" content=\"https:\/\/www.facebook.com\/JazzZeitung\/\" \/>\n<meta property=\"article:author\" content=\"https:\/\/www.facebook.com\/hufner\" \/>\n<meta property=\"article:published_time\" content=\"2025-02-16T11:00:33+00:00\" \/>\n<meta property=\"og:image\" content=\"https:\/\/i0.wp.com\/www.jazzzeitung.de\/cms\/wp-content\/uploads\/2025\/02\/kunstvormbau.jpg?fit=1080%2C939&ssl=1\" \/>\n\t<meta property=\"og:image:width\" content=\"1080\" \/>\n\t<meta property=\"og:image:height\" content=\"939\" \/>\n\t<meta property=\"og:image:type\" content=\"image\/jpeg\" \/>\n<meta name=\"author\" content=\"Martin Hufner\" \/>\n<script type=\"application\/ld+json\" class=\"yoast-schema-graph\">{\"@context\":\"https:\\\/\\\/schema.org\",\"@graph\":[{\"@type\":\"Article\",\"@id\":\"https:\\\/\\\/www.jazzzeitung.de\\\/cms\\\/2025\\\/02\\\/die-eingeschmolzene-jazz-radiowoche-vom-17-02-2025-bis-23-02-2025\\\/#article\",\"isPartOf\":{\"@id\":\"https:\\\/\\\/www.jazzzeitung.de\\\/cms\\\/2025\\\/02\\\/die-eingeschmolzene-jazz-radiowoche-vom-17-02-2025-bis-23-02-2025\\\/\"},\"author\":{\"name\":\"Martin Hufner\",\"@id\":\"https:\\\/\\\/www.jazzzeitung.de\\\/cms\\\/#\\\/schema\\\/person\\\/b9a4e5ac765d94fb8f617bfa8f1fc5f7\"},\"headline\":\"Die eingeschmolzene Jazz-Radiowoche vom 17.02.2025 bis 23.02.2025\",\"datePublished\":\"2025-02-16T11:00:33+00:00\",\"mainEntityOfPage\":{\"@id\":\"https:\\\/\\\/www.jazzzeitung.de\\\/cms\\\/2025\\\/02\\\/die-eingeschmolzene-jazz-radiowoche-vom-17-02-2025-bis-23-02-2025\\\/\"},\"wordCount\":2050,\"commentCount\":0,\"publisher\":{\"@id\":\"https:\\\/\\\/www.jazzzeitung.de\\\/cms\\\/#organization\"},\"image\":{\"@id\":\"https:\\\/\\\/www.jazzzeitung.de\\\/cms\\\/2025\\\/02\\\/die-eingeschmolzene-jazz-radiowoche-vom-17-02-2025-bis-23-02-2025\\\/#primaryimage\"},\"thumbnailUrl\":\"https:\\\/\\\/i0.wp.com\\\/www.jazzzeitung.de\\\/cms\\\/wp-content\\\/uploads\\\/2025\\\/02\\\/kunstvormbau.jpg?fit=1080%2C939&ssl=1\",\"keywords\":[\"Die Radiowoche\",\"Jazz im Radio\"],\"articleSection\":[\"News\",\"Radio\"],\"inLanguage\":\"de\",\"potentialAction\":[{\"@type\":\"CommentAction\",\"name\":\"Comment\",\"target\":[\"https:\\\/\\\/www.jazzzeitung.de\\\/cms\\\/2025\\\/02\\\/die-eingeschmolzene-jazz-radiowoche-vom-17-02-2025-bis-23-02-2025\\\/#respond\"]}]},{\"@type\":\"WebPage\",\"@id\":\"https:\\\/\\\/www.jazzzeitung.de\\\/cms\\\/2025\\\/02\\\/die-eingeschmolzene-jazz-radiowoche-vom-17-02-2025-bis-23-02-2025\\\/\",\"url\":\"https:\\\/\\\/www.jazzzeitung.de\\\/cms\\\/2025\\\/02\\\/die-eingeschmolzene-jazz-radiowoche-vom-17-02-2025-bis-23-02-2025\\\/\",\"name\":\"Die eingeschmolzene Jazz-Radiowoche vom 17.02.2025 bis 23.02.2025 - JazzZeitung\",\"isPartOf\":{\"@id\":\"https:\\\/\\\/www.jazzzeitung.de\\\/cms\\\/#website\"},\"primaryImageOfPage\":{\"@id\":\"https:\\\/\\\/www.jazzzeitung.de\\\/cms\\\/2025\\\/02\\\/die-eingeschmolzene-jazz-radiowoche-vom-17-02-2025-bis-23-02-2025\\\/#primaryimage\"},\"image\":{\"@id\":\"https:\\\/\\\/www.jazzzeitung.de\\\/cms\\\/2025\\\/02\\\/die-eingeschmolzene-jazz-radiowoche-vom-17-02-2025-bis-23-02-2025\\\/#primaryimage\"},\"thumbnailUrl\":\"https:\\\/\\\/i0.wp.com\\\/www.jazzzeitung.de\\\/cms\\\/wp-content\\\/uploads\\\/2025\\\/02\\\/kunstvormbau.jpg?fit=1080%2C939&ssl=1\",\"datePublished\":\"2025-02-16T11:00:33+00:00\",\"breadcrumb\":{\"@id\":\"https:\\\/\\\/www.jazzzeitung.de\\\/cms\\\/2025\\\/02\\\/die-eingeschmolzene-jazz-radiowoche-vom-17-02-2025-bis-23-02-2025\\\/#breadcrumb\"},\"inLanguage\":\"de\",\"potentialAction\":[{\"@type\":\"ReadAction\",\"target\":[\"https:\\\/\\\/www.jazzzeitung.de\\\/cms\\\/2025\\\/02\\\/die-eingeschmolzene-jazz-radiowoche-vom-17-02-2025-bis-23-02-2025\\\/\"]}]},{\"@type\":\"ImageObject\",\"inLanguage\":\"de\",\"@id\":\"https:\\\/\\\/www.jazzzeitung.de\\\/cms\\\/2025\\\/02\\\/die-eingeschmolzene-jazz-radiowoche-vom-17-02-2025-bis-23-02-2025\\\/#primaryimage\",\"url\":\"https:\\\/\\\/i0.wp.com\\\/www.jazzzeitung.de\\\/cms\\\/wp-content\\\/uploads\\\/2025\\\/02\\\/kunstvormbau.jpg?fit=1080%2C939&ssl=1\",\"contentUrl\":\"https:\\\/\\\/i0.wp.com\\\/www.jazzzeitung.de\\\/cms\\\/wp-content\\\/uploads\\\/2025\\\/02\\\/kunstvormbau.jpg?fit=1080%2C939&ssl=1\",\"width\":1080,\"height\":939,\"caption\":\"Kunst vorm Bau. Foto: Hufner\"},{\"@type\":\"BreadcrumbList\",\"@id\":\"https:\\\/\\\/www.jazzzeitung.de\\\/cms\\\/2025\\\/02\\\/die-eingeschmolzene-jazz-radiowoche-vom-17-02-2025-bis-23-02-2025\\\/#breadcrumb\",\"itemListElement\":[{\"@type\":\"ListItem\",\"position\":1,\"name\":\"Startseite\",\"item\":\"https:\\\/\\\/www.jazzzeitung.de\\\/cms\\\/\"},{\"@type\":\"ListItem\",\"position\":2,\"name\":\"Die eingeschmolzene Jazz-Radiowoche vom 17.02.2025 bis 23.02.2025\"}]},{\"@type\":\"WebSite\",\"@id\":\"https:\\\/\\\/www.jazzzeitung.de\\\/cms\\\/#website\",\"url\":\"https:\\\/\\\/www.jazzzeitung.de\\\/cms\\\/\",\"name\":\"JazzZeitung\",\"description\":\"Jazz-News und Jazz-Kontroverses\",\"publisher\":{\"@id\":\"https:\\\/\\\/www.jazzzeitung.de\\\/cms\\\/#organization\"},\"potentialAction\":[{\"@type\":\"SearchAction\",\"target\":{\"@type\":\"EntryPoint\",\"urlTemplate\":\"https:\\\/\\\/www.jazzzeitung.de\\\/cms\\\/?s={search_term_string}\"},\"query-input\":{\"@type\":\"PropertyValueSpecification\",\"valueRequired\":true,\"valueName\":\"search_term_string\"}}],\"inLanguage\":\"de\"},{\"@type\":\"Organization\",\"@id\":\"https:\\\/\\\/www.jazzzeitung.de\\\/cms\\\/#organization\",\"name\":\"JazzZeitung online\",\"url\":\"https:\\\/\\\/www.jazzzeitung.de\\\/cms\\\/\",\"logo\":{\"@type\":\"ImageObject\",\"inLanguage\":\"de\",\"@id\":\"https:\\\/\\\/www.jazzzeitung.de\\\/cms\\\/#\\\/schema\\\/logo\\\/image\\\/\",\"url\":\"https:\\\/\\\/i0.wp.com\\\/www.jazzzeitung.de\\\/cms\\\/wp-content\\\/uploads\\\/2015\\\/08\\\/JAZZZEITUNGDE_Logo_Neu.png?fit=499%2C200&ssl=1\",\"contentUrl\":\"https:\\\/\\\/i0.wp.com\\\/www.jazzzeitung.de\\\/cms\\\/wp-content\\\/uploads\\\/2015\\\/08\\\/JAZZZEITUNGDE_Logo_Neu.png?fit=499%2C200&ssl=1\",\"width\":499,\"height\":200,\"caption\":\"JazzZeitung online\"},\"image\":{\"@id\":\"https:\\\/\\\/www.jazzzeitung.de\\\/cms\\\/#\\\/schema\\\/logo\\\/image\\\/\"},\"sameAs\":[\"https:\\\/\\\/www.facebook.com\\\/JazzZeitung\\\/\"]},{\"@type\":\"Person\",\"@id\":\"https:\\\/\\\/www.jazzzeitung.de\\\/cms\\\/#\\\/schema\\\/person\\\/b9a4e5ac765d94fb8f617bfa8f1fc5f7\",\"name\":\"Martin Hufner\",\"image\":{\"@type\":\"ImageObject\",\"inLanguage\":\"de\",\"@id\":\"https:\\\/\\\/i0.wp.com\\\/www.jazzzeitung.de\\\/cms\\\/wp-content\\\/uploads\\\/2013\\\/07\\\/huf-06.jpg?resize=96%2C96&ssl=15fcc31aa94540751a3b804516452be00\",\"url\":\"https:\\\/\\\/i0.wp.com\\\/www.jazzzeitung.de\\\/cms\\\/wp-content\\\/uploads\\\/2013\\\/07\\\/huf-06.jpg?resize=96%2C96&ssl=1\",\"contentUrl\":\"https:\\\/\\\/i0.wp.com\\\/www.jazzzeitung.de\\\/cms\\\/wp-content\\\/uploads\\\/2013\\\/07\\\/huf-06.jpg?resize=96%2C96&ssl=1\",\"caption\":\"Martin Hufner\"},\"description\":\"Martin Hufner ist freier Autor der JazzZeitung.\",\"sameAs\":[\"https:\\\/\\\/www.kritische-masse.de\\\/logbuch\",\"https:\\\/\\\/www.facebook.com\\\/hufner\"],\"url\":\"https:\\\/\\\/www.jazzzeitung.de\\\/cms\\\/author\\\/admin\\\/\"}]}<\/script>\n<!-- \/ Yoast SEO plugin. -->","yoast_head_json":{"title":"Die eingeschmolzene Jazz-Radiowoche vom 17.02.2025 bis 23.02.2025 - JazzZeitung","robots":{"index":"index","follow":"follow","max-snippet":"max-snippet:-1","max-image-preview":"max-image-preview:large","max-video-preview":"max-video-preview:-1"},"canonical":"https:\/\/www.jazzzeitung.de\/cms\/2025\/02\/die-eingeschmolzene-jazz-radiowoche-vom-17-02-2025-bis-23-02-2025\/","og_locale":"de_DE","og_type":"article","og_title":"Die eingeschmolzene Jazz-Radiowoche vom 17.02.2025 bis 23.02.2025 - JazzZeitung","og_description":"Jazz im Radio \u2013 Jeden Sonntag gibt es um 12 Uhr unsere \u00dcbersicht f\u00fcr die jeweils nachfolgende Woche. Die #Jazz-Radiowoche vom 10. bis 16. Februar 2025. Erheblich ausged\u00fcnnt. Die ARD schafft ihr Radio gewisserma\u00dfen ab. Auch als PDF zum Download \u2013 #Jazz #JazzZeitung #Radio #Radiowoche \u2013 Ein Service unserer Online-Redaktion.","og_url":"https:\/\/www.jazzzeitung.de\/cms\/2025\/02\/die-eingeschmolzene-jazz-radiowoche-vom-17-02-2025-bis-23-02-2025\/","og_site_name":"JazzZeitung","article_publisher":"https:\/\/www.facebook.com\/JazzZeitung\/","article_author":"https:\/\/www.facebook.com\/hufner","article_published_time":"2025-02-16T11:00:33+00:00","og_image":[{"width":1080,"height":939,"url":"https:\/\/i0.wp.com\/www.jazzzeitung.de\/cms\/wp-content\/uploads\/2025\/02\/kunstvormbau.jpg?fit=1080%2C939&ssl=1","type":"image\/jpeg"}],"author":"Martin Hufner","schema":{"@context":"https:\/\/schema.org","@graph":[{"@type":"Article","@id":"https:\/\/www.jazzzeitung.de\/cms\/2025\/02\/die-eingeschmolzene-jazz-radiowoche-vom-17-02-2025-bis-23-02-2025\/#article","isPartOf":{"@id":"https:\/\/www.jazzzeitung.de\/cms\/2025\/02\/die-eingeschmolzene-jazz-radiowoche-vom-17-02-2025-bis-23-02-2025\/"},"author":{"name":"Martin Hufner","@id":"https:\/\/www.jazzzeitung.de\/cms\/#\/schema\/person\/b9a4e5ac765d94fb8f617bfa8f1fc5f7"},"headline":"Die eingeschmolzene Jazz-Radiowoche vom 17.02.2025 bis 23.02.2025","datePublished":"2025-02-16T11:00:33+00:00","mainEntityOfPage":{"@id":"https:\/\/www.jazzzeitung.de\/cms\/2025\/02\/die-eingeschmolzene-jazz-radiowoche-vom-17-02-2025-bis-23-02-2025\/"},"wordCount":2050,"commentCount":0,"publisher":{"@id":"https:\/\/www.jazzzeitung.de\/cms\/#organization"},"image":{"@id":"https:\/\/www.jazzzeitung.de\/cms\/2025\/02\/die-eingeschmolzene-jazz-radiowoche-vom-17-02-2025-bis-23-02-2025\/#primaryimage"},"thumbnailUrl":"https:\/\/i0.wp.com\/www.jazzzeitung.de\/cms\/wp-content\/uploads\/2025\/02\/kunstvormbau.jpg?fit=1080%2C939&ssl=1","keywords":["Die Radiowoche","Jazz im Radio"],"articleSection":["News","Radio"],"inLanguage":"de","potentialAction":[{"@type":"CommentAction","name":"Comment","target":["https:\/\/www.jazzzeitung.de\/cms\/2025\/02\/die-eingeschmolzene-jazz-radiowoche-vom-17-02-2025-bis-23-02-2025\/#respond"]}]},{"@type":"WebPage","@id":"https:\/\/www.jazzzeitung.de\/cms\/2025\/02\/die-eingeschmolzene-jazz-radiowoche-vom-17-02-2025-bis-23-02-2025\/","url":"https:\/\/www.jazzzeitung.de\/cms\/2025\/02\/die-eingeschmolzene-jazz-radiowoche-vom-17-02-2025-bis-23-02-2025\/","name":"Die eingeschmolzene Jazz-Radiowoche vom 17.02.2025 bis 23.02.2025 - JazzZeitung","isPartOf":{"@id":"https:\/\/www.jazzzeitung.de\/cms\/#website"},"primaryImageOfPage":{"@id":"https:\/\/www.jazzzeitung.de\/cms\/2025\/02\/die-eingeschmolzene-jazz-radiowoche-vom-17-02-2025-bis-23-02-2025\/#primaryimage"},"image":{"@id":"https:\/\/www.jazzzeitung.de\/cms\/2025\/02\/die-eingeschmolzene-jazz-radiowoche-vom-17-02-2025-bis-23-02-2025\/#primaryimage"},"thumbnailUrl":"https:\/\/i0.wp.com\/www.jazzzeitung.de\/cms\/wp-content\/uploads\/2025\/02\/kunstvormbau.jpg?fit=1080%2C939&ssl=1","datePublished":"2025-02-16T11:00:33+00:00","breadcrumb":{"@id":"https:\/\/www.jazzzeitung.de\/cms\/2025\/02\/die-eingeschmolzene-jazz-radiowoche-vom-17-02-2025-bis-23-02-2025\/#breadcrumb"},"inLanguage":"de","potentialAction":[{"@type":"ReadAction","target":["https:\/\/www.jazzzeitung.de\/cms\/2025\/02\/die-eingeschmolzene-jazz-radiowoche-vom-17-02-2025-bis-23-02-2025\/"]}]},{"@type":"ImageObject","inLanguage":"de","@id":"https:\/\/www.jazzzeitung.de\/cms\/2025\/02\/die-eingeschmolzene-jazz-radiowoche-vom-17-02-2025-bis-23-02-2025\/#primaryimage","url":"https:\/\/i0.wp.com\/www.jazzzeitung.de\/cms\/wp-content\/uploads\/2025\/02\/kunstvormbau.jpg?fit=1080%2C939&ssl=1","contentUrl":"https:\/\/i0.wp.com\/www.jazzzeitung.de\/cms\/wp-content\/uploads\/2025\/02\/kunstvormbau.jpg?fit=1080%2C939&ssl=1","width":1080,"height":939,"caption":"Kunst vorm Bau. Foto: Hufner"},{"@type":"BreadcrumbList","@id":"https:\/\/www.jazzzeitung.de\/cms\/2025\/02\/die-eingeschmolzene-jazz-radiowoche-vom-17-02-2025-bis-23-02-2025\/#breadcrumb","itemListElement":[{"@type":"ListItem","position":1,"name":"Startseite","item":"https:\/\/www.jazzzeitung.de\/cms\/"},{"@type":"ListItem","position":2,"name":"Die eingeschmolzene Jazz-Radiowoche vom 17.02.2025 bis 23.02.2025"}]},{"@type":"WebSite","@id":"https:\/\/www.jazzzeitung.de\/cms\/#website","url":"https:\/\/www.jazzzeitung.de\/cms\/","name":"JazzZeitung","description":"Jazz-News und Jazz-Kontroverses","publisher":{"@id":"https:\/\/www.jazzzeitung.de\/cms\/#organization"},"potentialAction":[{"@type":"SearchAction","target":{"@type":"EntryPoint","urlTemplate":"https:\/\/www.jazzzeitung.de\/cms\/?s={search_term_string}"},"query-input":{"@type":"PropertyValueSpecification","valueRequired":true,"valueName":"search_term_string"}}],"inLanguage":"de"},{"@type":"Organization","@id":"https:\/\/www.jazzzeitung.de\/cms\/#organization","name":"JazzZeitung online","url":"https:\/\/www.jazzzeitung.de\/cms\/","logo":{"@type":"ImageObject","inLanguage":"de","@id":"https:\/\/www.jazzzeitung.de\/cms\/#\/schema\/logo\/image\/","url":"https:\/\/i0.wp.com\/www.jazzzeitung.de\/cms\/wp-content\/uploads\/2015\/08\/JAZZZEITUNGDE_Logo_Neu.png?fit=499%2C200&ssl=1","contentUrl":"https:\/\/i0.wp.com\/www.jazzzeitung.de\/cms\/wp-content\/uploads\/2015\/08\/JAZZZEITUNGDE_Logo_Neu.png?fit=499%2C200&ssl=1","width":499,"height":200,"caption":"JazzZeitung online"},"image":{"@id":"https:\/\/www.jazzzeitung.de\/cms\/#\/schema\/logo\/image\/"},"sameAs":["https:\/\/www.facebook.com\/JazzZeitung\/"]},{"@type":"Person","@id":"https:\/\/www.jazzzeitung.de\/cms\/#\/schema\/person\/b9a4e5ac765d94fb8f617bfa8f1fc5f7","name":"Martin Hufner","image":{"@type":"ImageObject","inLanguage":"de","@id":"https:\/\/i0.wp.com\/www.jazzzeitung.de\/cms\/wp-content\/uploads\/2013\/07\/huf-06.jpg?resize=96%2C96&ssl=15fcc31aa94540751a3b804516452be00","url":"https:\/\/i0.wp.com\/www.jazzzeitung.de\/cms\/wp-content\/uploads\/2013\/07\/huf-06.jpg?resize=96%2C96&ssl=1","contentUrl":"https:\/\/i0.wp.com\/www.jazzzeitung.de\/cms\/wp-content\/uploads\/2013\/07\/huf-06.jpg?resize=96%2C96&ssl=1","caption":"Martin Hufner"},"description":"Martin Hufner ist freier Autor der JazzZeitung.","sameAs":["https:\/\/www.kritische-masse.de\/logbuch","https:\/\/www.facebook.com\/hufner"],"url":"https:\/\/www.jazzzeitung.de\/cms\/author\/admin\/"}]}},"wp-worthy-pixel":{"ignored":true,"public":null,"server":null,"url":null},"wp-worthy-type":"normal","jetpack_publicize_connections":[],"cc_featured_image_caption":{"caption_text":"Kunst vorm Bau. ","source_text":"Foto: Martin Hufner","source_url":"https:\/\/www.kritische-masse.de\/logbuch"},"jetpack_featured_media_url":"https:\/\/i0.wp.com\/www.jazzzeitung.de\/cms\/wp-content\/uploads\/2025\/02\/kunstvormbau.jpg?fit=1080%2C939&ssl=1","jetpack_shortlink":"https:\/\/wp.me\/p3KEcT-8nB","jetpack-related-posts":[{"id":23982,"url":"https:\/\/www.jazzzeitung.de\/cms\/2020\/12\/die-jazz-radiowoche-vom-14-12-20-bis-31-12-2020\/","url_meta":{"origin":32215,"position":0},"title":"Die Jazz-Radiowoche vom 14.12.20 bis 31.12.2020","author":"Martin Hufner","date":"13. Dezember 2020","format":false,"excerpt":"Ein kleiner Blick in Restmonat. Die Suchmaschine der ARD hat ihren Dienst am 7.12.2020 eingestellt. Nachfragen haben nur gezeigt, dass die Veranwortlichen kein Interesse daran haben, das zu kommunizieren. Weder ist herauszubekommen, wer das veranlasst hat noch warum. Danke ARD! F\u00fcr nichts. Jetzt schauen wir mal, wie es weiter geht.\u2026","rel":"","context":"In &quot;News&quot;","block_context":{"text":"News","link":"https:\/\/www.jazzzeitung.de\/cms\/thema\/nachrichten\/"},"img":{"alt_text":"Jazz im Radio. Foto: Hufner","src":"https:\/\/i0.wp.com\/www.jazzzeitung.de\/cms\/wp-content\/uploads\/2019\/03\/jazz_im_radio.jpg?fit=1200%2C773&ssl=1&resize=350%2C200","width":350,"height":200,"srcset":"https:\/\/i0.wp.com\/www.jazzzeitung.de\/cms\/wp-content\/uploads\/2019\/03\/jazz_im_radio.jpg?fit=1200%2C773&ssl=1&resize=350%2C200 1x, https:\/\/i0.wp.com\/www.jazzzeitung.de\/cms\/wp-content\/uploads\/2019\/03\/jazz_im_radio.jpg?fit=1200%2C773&ssl=1&resize=525%2C300 1.5x, https:\/\/i0.wp.com\/www.jazzzeitung.de\/cms\/wp-content\/uploads\/2019\/03\/jazz_im_radio.jpg?fit=1200%2C773&ssl=1&resize=700%2C400 2x, https:\/\/i0.wp.com\/www.jazzzeitung.de\/cms\/wp-content\/uploads\/2019\/03\/jazz_im_radio.jpg?fit=1200%2C773&ssl=1&resize=1050%2C600 3x"},"classes":[]},{"id":33138,"url":"https:\/\/www.jazzzeitung.de\/cms\/2025\/09\/die-atomgrosse-jazz-radiowoche-vom-29-09-2025-bis-05-10-2025\/","url_meta":{"origin":32215,"position":1},"title":"Die atomgro\u00dfe Jazz-Radiowoche vom 29.09.2025 bis 05.10.2025","author":"Martin Hufner","date":"28. September 2025","format":false,"excerpt":"Jazz im Radio \u2013 Jeden Sonntag gibt es um 12 Uhr unsere \u00dcbersicht f\u00fcr die jeweils nachfolgende Woche. Die #Jazz-Radiowoche vom 29.09. bis zum 05.10.2025. Erheblich d\u00fcnn! Auch als PDF zum Download \u2013 #Jazz #JazzZeitung #Radio #Radiowoche \u2013 Ein Service unserer Online-Redaktion.","rel":"","context":"In &quot;News&quot;","block_context":{"text":"News","link":"https:\/\/www.jazzzeitung.de\/cms\/thema\/nachrichten\/"},"img":{"alt_text":"Botanische Supernova mit schwarzem Loch in der Na\u0308he von Terra Nova. Foto: Hufner","src":"https:\/\/i0.wp.com\/www.jazzzeitung.de\/cms\/wp-content\/uploads\/2025\/09\/Botanische-Supernova-mit-schwarzem-Loch-in-der-Naehe-von-Terra-Nova.jpg?fit=1200%2C900&ssl=1&resize=350%2C200","width":350,"height":200,"srcset":"https:\/\/i0.wp.com\/www.jazzzeitung.de\/cms\/wp-content\/uploads\/2025\/09\/Botanische-Supernova-mit-schwarzem-Loch-in-der-Naehe-von-Terra-Nova.jpg?fit=1200%2C900&ssl=1&resize=350%2C200 1x, https:\/\/i0.wp.com\/www.jazzzeitung.de\/cms\/wp-content\/uploads\/2025\/09\/Botanische-Supernova-mit-schwarzem-Loch-in-der-Naehe-von-Terra-Nova.jpg?fit=1200%2C900&ssl=1&resize=525%2C300 1.5x, https:\/\/i0.wp.com\/www.jazzzeitung.de\/cms\/wp-content\/uploads\/2025\/09\/Botanische-Supernova-mit-schwarzem-Loch-in-der-Naehe-von-Terra-Nova.jpg?fit=1200%2C900&ssl=1&resize=700%2C400 2x, https:\/\/i0.wp.com\/www.jazzzeitung.de\/cms\/wp-content\/uploads\/2025\/09\/Botanische-Supernova-mit-schwarzem-Loch-in-der-Naehe-von-Terra-Nova.jpg?fit=1200%2C900&ssl=1&resize=1050%2C600 3x"},"classes":[]},{"id":31928,"url":"https:\/\/www.jazzzeitung.de\/cms\/2024\/11\/die-geschmolzene-jazz-radiowoche-vom-25-11-2024-bis-01-12-2024\/","url_meta":{"origin":32215,"position":2},"title":"Die geschmolzene Jazz-Radiowoche vom 25.11.2024 bis 01.12.2024","author":"Martin Hufner","date":"24. November 2024","format":false,"excerpt":"Jazz im Radio \u2013 Jeden Sonntag gibt es um 12 Uhr unsere \u00dcbersicht f\u00fcr die jeweils nachfolgende Woche. Die #Jazz-Radiowoche vom 25. November bis zum 1. Dezember 2024. Erheblich ausged\u00fcnnt. Die ARD schafft ihr Radio gewisserma\u00dfen ab. Auch als PDF zum Download \u2013 #Jazz #JazzZeitung #Radio #Radiowoche \u2013 Ein Service\u2026","rel":"","context":"In &quot;News&quot;","block_context":{"text":"News","link":"https:\/\/www.jazzzeitung.de\/cms\/thema\/nachrichten\/"},"img":{"alt_text":"zugfahrt 2023 1. MH","src":"https:\/\/i0.wp.com\/www.jazzzeitung.de\/cms\/wp-content\/uploads\/2024\/11\/zugfahrt2023-1.-MH.jpg?fit=1200%2C900&ssl=1&resize=350%2C200","width":350,"height":200,"srcset":"https:\/\/i0.wp.com\/www.jazzzeitung.de\/cms\/wp-content\/uploads\/2024\/11\/zugfahrt2023-1.-MH.jpg?fit=1200%2C900&ssl=1&resize=350%2C200 1x, https:\/\/i0.wp.com\/www.jazzzeitung.de\/cms\/wp-content\/uploads\/2024\/11\/zugfahrt2023-1.-MH.jpg?fit=1200%2C900&ssl=1&resize=525%2C300 1.5x, https:\/\/i0.wp.com\/www.jazzzeitung.de\/cms\/wp-content\/uploads\/2024\/11\/zugfahrt2023-1.-MH.jpg?fit=1200%2C900&ssl=1&resize=700%2C400 2x, https:\/\/i0.wp.com\/www.jazzzeitung.de\/cms\/wp-content\/uploads\/2024\/11\/zugfahrt2023-1.-MH.jpg?fit=1200%2C900&ssl=1&resize=1050%2C600 3x"},"classes":[]},{"id":33149,"url":"https:\/\/www.jazzzeitung.de\/cms\/2025\/10\/die-protonenfette-jazz-radiowoche-vom-06-10-2025-bis-12-10-2025-2\/","url_meta":{"origin":32215,"position":3},"title":"Die atomgro\u00dfe Jazz-Radiowoche vom 06.10.2025 bis 12.10.2025","author":"Martin Hufner","date":"5. Oktober 2025","format":false,"excerpt":"Jazz im Radio \u2013 Jeden Sonntag gibt es um 12 Uhr unsere \u00dcbersicht f\u00fcr die jeweils nachfolgende Woche. Die #Jazz-Radiowoche vom 06.10. bis zum 12.10.2025. Erheblich d\u00fcnn! Auch als PDF zum Download \u2013 #Jazz #JazzZeitung #Radio #Radiowoche \u2013 Ein Service unserer Online-Redaktion.","rel":"","context":"In &quot;News&quot;","block_context":{"text":"News","link":"https:\/\/www.jazzzeitung.de\/cms\/thema\/nachrichten\/"},"img":{"alt_text":"Im G\u00e4stezimmer des Lebens. Foto: Hufner","src":"https:\/\/i0.wp.com\/www.jazzzeitung.de\/cms\/wp-content\/uploads\/2025\/10\/gaestezimmer.jpg?fit=960%2C1200&ssl=1&resize=350%2C200","width":350,"height":200,"srcset":"https:\/\/i0.wp.com\/www.jazzzeitung.de\/cms\/wp-content\/uploads\/2025\/10\/gaestezimmer.jpg?fit=960%2C1200&ssl=1&resize=350%2C200 1x, https:\/\/i0.wp.com\/www.jazzzeitung.de\/cms\/wp-content\/uploads\/2025\/10\/gaestezimmer.jpg?fit=960%2C1200&ssl=1&resize=525%2C300 1.5x, https:\/\/i0.wp.com\/www.jazzzeitung.de\/cms\/wp-content\/uploads\/2025\/10\/gaestezimmer.jpg?fit=960%2C1200&ssl=1&resize=700%2C400 2x"},"classes":[]},{"id":32452,"url":"https:\/\/www.jazzzeitung.de\/cms\/2025\/04\/die-eingeschmolzene-jazz-radiowoche-vom-21-04-2025-bis-27-04-2025\/","url_meta":{"origin":32215,"position":4},"title":"Die eingeschmolzene Jazz-Radiowoche vom 21.04.2025 bis 27.04.2025","author":"Martin Hufner","date":"20. April 2025","format":false,"excerpt":"Jazz im Radio \u2013 Jeden Sonntag gibt es um 12 Uhr unsere \u00dcbersicht f\u00fcr die jeweils nachfolgende Woche. Die #Jazz-Radiowoche vom 21. bis 27. April 2025. Erheblich ausged\u00fcnnt. Auch als PDF zum Download \u2013 #Jazz #JazzZeitung #Radio #Radiowoche \u2013 Ein Service unserer Online-Redaktion.","rel":"","context":"In &quot;News&quot;","block_context":{"text":"News","link":"https:\/\/www.jazzzeitung.de\/cms\/thema\/nachrichten\/"},"img":{"alt_text":"Kn\u00f6pfe. Foto: Hufner","src":"https:\/\/i0.wp.com\/www.jazzzeitung.de\/cms\/wp-content\/uploads\/2025\/04\/knoepfe.jpg?fit=1200%2C900&ssl=1&resize=350%2C200","width":350,"height":200,"srcset":"https:\/\/i0.wp.com\/www.jazzzeitung.de\/cms\/wp-content\/uploads\/2025\/04\/knoepfe.jpg?fit=1200%2C900&ssl=1&resize=350%2C200 1x, https:\/\/i0.wp.com\/www.jazzzeitung.de\/cms\/wp-content\/uploads\/2025\/04\/knoepfe.jpg?fit=1200%2C900&ssl=1&resize=525%2C300 1.5x, https:\/\/i0.wp.com\/www.jazzzeitung.de\/cms\/wp-content\/uploads\/2025\/04\/knoepfe.jpg?fit=1200%2C900&ssl=1&resize=700%2C400 2x, https:\/\/i0.wp.com\/www.jazzzeitung.de\/cms\/wp-content\/uploads\/2025\/04\/knoepfe.jpg?fit=1200%2C900&ssl=1&resize=1050%2C600 3x"},"classes":[]},{"id":33751,"url":"https:\/\/www.jazzzeitung.de\/cms\/2026\/03\/die-geschichte-der-rundfunk-bigbands-radiowoche-vom-30-03-26-bis-05-04-26\/","url_meta":{"origin":32215,"position":5},"title":"Die Geschichte-der-Rundfunk-Bigbands Radiowoche vom 30.03.26 bis 05.04.26","author":"Martin Hufner","date":"29. M\u00e4rz 2026","format":false,"excerpt":"Jazz im Radio \u2013 Jeden Sonntag gibt es um 12 Uhr unsere \u00dcbersicht f\u00fcr die jeweils nachfolgende Woche. Die #Jazz-Radiowoche vom 30.03.26 bis zum 05.04.26. Auch als PDF zum Download \u2013 #Jazz #JazzZeitung #Radio #Radiowoche \u2013 Ein Service unserer Online-Redaktion.","rel":"","context":"In &quot;News&quot;","block_context":{"text":"News","link":"https:\/\/www.jazzzeitung.de\/cms\/thema\/nachrichten\/"},"img":{"alt_text":"Wer z\u00e4hlt nach? Foto: Hufner","src":"https:\/\/i0.wp.com\/www.jazzzeitung.de\/cms\/wp-content\/uploads\/2026\/03\/Wie-viel.jpg?fit=1200%2C900&ssl=1&resize=350%2C200","width":350,"height":200,"srcset":"https:\/\/i0.wp.com\/www.jazzzeitung.de\/cms\/wp-content\/uploads\/2026\/03\/Wie-viel.jpg?fit=1200%2C900&ssl=1&resize=350%2C200 1x, https:\/\/i0.wp.com\/www.jazzzeitung.de\/cms\/wp-content\/uploads\/2026\/03\/Wie-viel.jpg?fit=1200%2C900&ssl=1&resize=525%2C300 1.5x, https:\/\/i0.wp.com\/www.jazzzeitung.de\/cms\/wp-content\/uploads\/2026\/03\/Wie-viel.jpg?fit=1200%2C900&ssl=1&resize=700%2C400 2x, https:\/\/i0.wp.com\/www.jazzzeitung.de\/cms\/wp-content\/uploads\/2026\/03\/Wie-viel.jpg?fit=1200%2C900&ssl=1&resize=1050%2C600 3x"},"classes":[]}],"jetpack_sharing_enabled":false,"_links":{"self":[{"href":"https:\/\/www.jazzzeitung.de\/cms\/wp-json\/wp\/v2\/posts\/32215","targetHints":{"allow":["GET"]}}],"collection":[{"href":"https:\/\/www.jazzzeitung.de\/cms\/wp-json\/wp\/v2\/posts"}],"about":[{"href":"https:\/\/www.jazzzeitung.de\/cms\/wp-json\/wp\/v2\/types\/post"}],"author":[{"embeddable":true,"href":"https:\/\/www.jazzzeitung.de\/cms\/wp-json\/wp\/v2\/users\/1"}],"replies":[{"embeddable":true,"href":"https:\/\/www.jazzzeitung.de\/cms\/wp-json\/wp\/v2\/comments?post=32215"}],"version-history":[{"count":1,"href":"https:\/\/www.jazzzeitung.de\/cms\/wp-json\/wp\/v2\/posts\/32215\/revisions"}],"predecessor-version":[{"id":32217,"href":"https:\/\/www.jazzzeitung.de\/cms\/wp-json\/wp\/v2\/posts\/32215\/revisions\/32217"}],"wp:featuredmedia":[{"embeddable":true,"href":"https:\/\/www.jazzzeitung.de\/cms\/wp-json\/wp\/v2\/media\/32216"}],"wp:attachment":[{"href":"https:\/\/www.jazzzeitung.de\/cms\/wp-json\/wp\/v2\/media?parent=32215"}],"wp:term":[{"taxonomy":"category","embeddable":true,"href":"https:\/\/www.jazzzeitung.de\/cms\/wp-json\/wp\/v2\/categories?post=32215"},{"taxonomy":"post_tag","embeddable":true,"href":"https:\/\/www.jazzzeitung.de\/cms\/wp-json\/wp\/v2\/tags?post=32215"},{"taxonomy":"author","embeddable":true,"href":"https:\/\/www.jazzzeitung.de\/cms\/wp-json\/wp\/v2\/coauthors?post=32215"}],"curies":[{"name":"wp","href":"https:\/\/api.w.org\/{rel}","templated":true}]}}