{"id":32196,"date":"2025-02-09T12:00:11","date_gmt":"2025-02-09T11:00:11","guid":{"rendered":"https:\/\/www.jazzzeitung.de\/cms\/?p=32196"},"modified":"2025-02-07T10:06:41","modified_gmt":"2025-02-07T09:06:41","slug":"die-eingeschmolzene-jazz-radiowoche-vom-10-02-2025-bis-16-02-2025","status":"publish","type":"post","link":"https:\/\/www.jazzzeitung.de\/cms\/2025\/02\/die-eingeschmolzene-jazz-radiowoche-vom-10-02-2025-bis-16-02-2025\/","title":{"rendered":"Die eingeschmolzene Jazz-Radiowoche vom 10.02.2025 bis 16.02.2025"},"content":{"rendered":"<p>Die \u00dcbersicht zum <a href=\"https:\/\/service.conbrio.de\/service\/download\/278\/\">Download als PDF<\/a><span style=\"text-decoration: line-through;\">.<\/span> Alle Angaben ohne Gew\u00e4hr. Erg\u00e4nzt mit den tollen Sendungen zur Neuen Musik von BR-KLASSIK und \u00d61.<\/p>\n<p>Leider hat die ARD ihre Suchmaschine in Fragen Radio in der Zwischenzeit komplett geschreddert, nachdem sie in den vergangenen Jahren schon nicht mehr \u00fcber Schlagworte funktioniert hat. Damit sind wir nun komplett auf Zulieferungen der Sendeanstalten angewiesen. Aktuell bekommen wir Informationen von SWR Kultur, \u00d61 und in Sachen Neue Musik von BR-KLASSIK und ebenfalls \u00d61.<\/p>\n<p><strong>Inhalt<\/strong><\/p>\n<ul>\n<li><a href=\"#_Toc189813528\">mo \u2013 10.02.2025<\/a><\/li>\n<li><a href=\"#_Toc189813529\">di \u2013 11.02.2025<\/a><\/li>\n<li><a href=\"#_Toc189813530\">mi \u2013 12.02.2025<\/a><\/li>\n<li><a href=\"#_Toc189813531\">do \u2013 13.02.2025<\/a><\/li>\n<li><a href=\"#_Toc189813532\">fr \u2013 14.02.2025<\/a><\/li>\n<li><a href=\"#_Toc189813533\">sa \u2013 15.02.2025<\/a><\/li>\n<li><a href=\"#_Toc189813534\">so &#8211; 16.02.2025<\/a><\/li>\n<\/ul>\n<h2><a name=\"_Toc183595478\"><\/a><a name=\"_Toc184290543\"><\/a><a name=\"_Toc185409041\"><\/a><a name=\"_Toc186792938\"><\/a><a name=\"_Toc187143015\"><\/a><a name=\"_Toc188530705\"><\/a><a name=\"_Toc188957623\"><\/a><a name=\"_Toc189813526\"><\/a>Senderliste:<\/h2>\n<ul>\n<li><a href=\"https:\/\/oe1.orf.at\/\">ORF \u2013 \u00d61<\/a><\/li>\n<li><a href=\"https:\/\/www.deutschlandradio.de\/\">Deutschlandfunk<\/a> \u2013 \u201eFakten und mehr\u201c<\/li>\n<li><a href=\"https:\/\/www.deutschlandfunkkultur.de\/\">Deutschlandfunk-Kultur<\/a> \u2013 \u201eDas Feuilleton im Radio\u201c<\/li>\n<li><a href=\"https:\/\/www.ndr.de\/ndrkultur\/\">ndr Kultur<\/a> \u2013 H\u00f6ren und genie\u00dfen<\/li>\n<li><a href=\"https:\/\/www.ndr.de\/ndrblue\/index.html\">ndr blue<\/a> \u2013 Meet The Music<\/li>\n<li><a href=\"https:\/\/www.bremenzwei.de\/\">radio bremen<\/a> \u2013 Neugier lohnt sich.<\/li>\n<li><a href=\"https:\/\/www.radiodrei.de\/\">radio 3<\/a> \u2013<\/li>\n<li><a href=\"https:\/\/www.mdr.de\/kultur\/radio\/index.html\">mdr-kultur<\/a> \u2013 Das Radio.<\/li>\n<li><a href=\"https:\/\/www1.wdr.de\/radio\/wdr3\/\">wdr3<\/a> \u2013 Das Kulturradio<\/li>\n<li><a href=\"https:\/\/www.hr2.de\/index.html\">hr2-kultur<\/a> \u2013 Das Kulturradio f\u00fcr Hessen.<\/li>\n<li><a href=\"https:\/\/www.sr.de\/sr\/sr2\/index.html\">sr2 Kulturradio<\/a> \u2013 \u2026 gut zu h\u00f6ren.<\/li>\n<li><a href=\"https:\/\/www.swr.de\/swr2\/\">swr <\/a>kultur \u2013 Kultur neu entdecken<\/li>\n<li><a href=\"https:\/\/www.br.de\/radio\/br-klassik\/index.html\">BR-KLASSIK<\/a> \u2013 Klassikstars geben auf BR-KLASSIK den Ton an. Attraktive Magazine bringen Interviews und Neuigkeiten aus dem Musikleben.<\/li>\n<li><a href=\"https:\/\/www.br.de\/radio\/bayern2\/index.html\">Bayern 2<\/a> \u2013 Preisgekr\u00f6ntes Radio f\u00fcr H\u00f6rer, die mehr wissen wollen<\/li>\n<\/ul>\n<h2><a name=\"_Toc175140590\"><\/a><a name=\"_Toc176424573\"><\/a><a name=\"_Toc183595479\"><\/a><a name=\"_Toc184290544\"><\/a><a name=\"_Toc185409042\"><\/a><a name=\"_Toc186792939\"><\/a><a name=\"_Toc187143016\"><\/a><a name=\"_Toc188530706\"><\/a><a name=\"_Toc188957624\"><\/a><a name=\"_Toc189813527\"><\/a>Internet:<\/h2>\n<ul>\n<li>Schweden: <a href=\"https:\/\/sverigesradio.se\/tabla.aspx?programid=2562\">P2<\/a> sendet immer Dienstags von 21:00 bis 22:00 und Sonntags von 18:40 bis 20:00 ein Jazzkonzert<\/li>\n<li>Ungarn: <a href=\"https:\/\/mediaklikk.hu\/bartok\/\">Bartok Radio<\/a> sendet t\u00e4glich von 23:00 bis 23:55 eine Jazzsendung<\/li>\n<\/ul>\n<hr \/>\n<h2><a name=\"_Toc189813528\"><\/a>mo \u2013 10.02.2025<\/h2>\n<hr \/>\n<p>17:30:00 +++ \u00d61<br \/>\n<strong>Musik aus allen Richtungen mit Astrid Schwarz und Rainer Elstner.<\/strong><\/p>\n<p>19:30:00 +++ \u00d61<br \/>\n<strong>US-Pianist Emmet Cohen und sein Trio mit Gast Thomas Gansch im Dezember 2024 im Wiener Konzerthaus<\/strong><\/p>\n<p style=\"padding-left: 40px;\">Pianist Emmet Cohen wurde in Pandemie-Zeiten durch seine w\u00f6chentlich unter dem Namen \u201eLive from Emmet\u2019s Place\u201c via Internet aus seiner Wohnung in Harlem, New York City, gestreamten Konzerte bekannt. Am 16. Dezember 2024 spielt Cohen mit seinem Trio im Mozartsaal des Wiener Konzerthauses auf und bewies dabei erneut, dass er nicht nur ein exzellenter Kommunikator, sondern ein ebenso gro\u00dfartiger Pianist ist: Delikater, nuancierter Anschlag, ein federnder, swingender Drive, generiert mit seinen bestens vernetzten Triogef\u00e4hrten Philip Norris (Kontrabass) und Kyle Poole (Schlagzeug) \u2013 das verfehlte seine Wirkung auf das begeistert reagierende Publikum nicht.<\/p>\n<p style=\"padding-left: 40px;\">Cohen intonierte wie gewohnt auch St\u00fccke von Jelly Roll Morton (\u201eThe Crave\u201c, \u201eFinger Buster\u201c) und Willie \u201eThe Lion\u201c Smith, in denen seine Passion f\u00fcr das aus dem Ragtime kommende Stride-Piano und andere traditionelle Jazzstile h\u00f6rbar wurde, nebst einigen St\u00fccken aus dem aktuellen Album \u201eThe Vibe Provider\u201c.<\/p>\n<p style=\"padding-left: 40px;\">Als Gast kam f\u00fcr drei St\u00fccke \u00d6sterreichs Parade-Trompeter Thomas Gansch auf die B\u00fchne, um mit dem Trio u. a. Dizzy Gillespies \u201eA Night in Tunesia\u201c anzustimmen. Das brillante i-T\u00fcpfelchen eines ohnehin schon gro\u00dfartigen, mitrei\u00dfenden Konzertabends!<\/p>\n<p>22:03 \u2013 23:00 UHR +++ SWR KULTUR<br \/>\n<strong>ARD Jazz. Spotlight: Benjamin Lackner \u2013 Der Tastendenker<\/strong><\/p>\n<p style=\"padding-left: 40px;\">Von Wolf Kampmann. Der deutsch-amerikanische Pianist Benjamin Lackner philosophiert in T\u00f6nen. Auch wenn es in seinen Songs aufs erste H\u00f6ren um wundervolle Melodien geht, mischt er sich auf subtile Weise ein und bezieht Stellung zu gesellschaftlichen Entwicklungen. Insbesondere tut er das auf seinem neuen Album \u201eSpindrift\u201c mit Saxofonist Mark Turner, Trompeter Mathias Eick, Bassistin Linda May Han Oh und Schlagzeuger Matthieu Chazarenc. Es gelingt ihm, unterschiedlichste kulturelle Einfl\u00fcsse und Weltsichten zu harmonisieren, ohne daf\u00fcr Parolen zu bem\u00fchen oder Transparente zu schwenken.<\/p>\n<p>23:03 bis 24:00 +++ \u00d61<br \/>\n<strong>Gerd K\u00fchrs feinsinnige Quartette \u2013 Wien Modern 2024. Sensible Streicherarbeit im Sch\u00f6merhaus Klosterneuburg <\/strong><\/p>\n<p style=\"padding-left: 40px;\">\u201eMusik ist f\u00fcr mich auch eine Botschaft gegen die Armut an Fantasie. Ein Mensch, der dadurch gepr\u00e4gt ist und sich bewusst damit befasst, trifft im Alltag andere Entscheidungen, davon bin ich \u00fcberzeugt!\u201c \u2013 Gerd K\u00fchr ist einer derjenigen Komponierenden \u00d6sterreichs, die nicht laut hier schreien, die leise und bescheiden hervorragende Musik schreiben. Nicht zuletzt hat K\u00fchr als Professor in Graz zahlreiche junge Komponierende ausgebildet, deren Handschrift ganz verschieden ist und die heute im Konzertleben pr\u00e4sent sind.<\/p>\n<p style=\"padding-left: 40px;\">Zeit war es, K\u00fchr, der 2023 den Gro\u00dfen \u00d6sterreichischen Staatspreis f\u00fcr Musik erhalten hat, wieder einmal im Rahmen von Wien Modern zu pr\u00e4sentieren. Im Sch\u00f6merhaus in Klosterneuburg f\u00fchrte das Junge Pacific Quartet aus Wien alle seine drei Streichquartette auf und erg\u00e4nze durch Werke von Hannah Eisendle und Lorenzo Troiani. Gerd K\u00fchrs feinsinnige und sensible Quartette werden auf einer CD erscheinen und sind heute vorab schon in \u201eZeit-Ton\u201c zu h\u00f6ren. Gestaltung: Nina Polaschegg<\/p>\n<hr \/>\n<h2><a name=\"_Toc189813529\"><\/a>di \u2013 11.02.2025<\/h2>\n<hr \/>\n<p>17:30:00 +++ \u00d61<br \/>\n<strong>Musik aus allen Richtungen.<\/strong><\/p>\n<p>23:03 bis 24:00 +++ \u00d61<br \/>\n<strong>Den Moment erforschen \u2013 musikprotokoll 2024. Improvisation und Ethik im Konzert. <\/strong><\/p>\n<p style=\"padding-left: 40px;\">In einem gro\u00df angelegten k\u00fcnstlerischen Forschungsprojekt untersuchten das deutsche Splitter Orchester und das norwegische Trondheim Jazz Orchestra drei Jahre lang in unterschiedlichen Konstellationen die Praxis der experimentellen improvisierten Musik im Zusammenspiel mit Ethik.<\/p>\n<p style=\"padding-left: 40px;\">Improvisation und Ethik sind \u00fcberall. Improvisation findet sich in so vielen Bereichen, \u2013 vom Kochen \u00fcber Sport bis hin zur Migrationspolitik \u2013, dass sie oft unbemerkt bleibt. Dasselbe gilt f\u00fcr die Ethik: Als selbstinterpretierende Tiere offenbaren wir ethische Werte in so unterschiedlichen Praktiken wie Demokratie, empirischer Wissenschaft und Punkrock. Die Rolle der Improvisation in ethischen Prozessen wird jedoch oft \u00fcbersehen; man geht davon aus, dass sich Menschen bewusst und rational an ethische Normen als mehr oder weniger feste Regeln halten.<\/p>\n<p style=\"padding-left: 40px;\">Das Projekt \u201e(Musikalische) Improvisation und Ethik\u201c hat sich vorgenommen ein alternatives Verst\u00e4ndnis von ethischen Prozessen zu entwickeln, indem es wissenschaftliche und k\u00fcnstlerische Forschung zusammenbringt, um die improvisatorischen Qualit\u00e4ten der Ethik aufzuzeigen, wie sie in der lebendigen Praxis der experimentellen improvisierten Musik entstehen. Zu welchen musikalischen Ergebnissen die Musiker:innen nach drei Jahren Zusammenarbeit gekommen sind, das konnte man bei der Abschlussveranstaltung des Projekts im Rahmen des ORF musikprotokoll im steirischen Herbst h\u00f6ren. \u00dcber drei\u00dfig Musiker:innen des Splitter Orchesters und des Trondheim Jazz Orchestra sind daf\u00fcr in der Grazer Helmut-List-Halle aufeinandergetroffen. Gestaltung: Astrid Schwarz<\/p>\n<hr \/>\n<h2><a name=\"_Toc189813530\"><\/a>mi \u2013 12.02.2025<\/h2>\n<hr \/>\n<p>17:30:00 +++ \u00d61<br \/>\n<strong>Musik aus allen Richtungen mit Ulla Pilz und Michael Neuhauser.<\/strong><\/p>\n<p>22:03 \u2013 23:00 UHR +++ SWR KULTUR<br \/>\n<strong>ARD Jazz. Das Magazin<\/strong><\/p>\n<p style=\"padding-left: 40px;\">Von Anja Buchmann. Das w\u00f6chentliche Jazz-Update, pr\u00e4sentiert von Eurer ARD: au\u00dfergew\u00f6hnliche Ver\u00f6ffentlichungen, relevante Ereignisse und aktuelle Debatten. Wir diskutieren Jazz in allen seinen Facetten und suchen auch deutschlandweit die Orte auf, an denen er zu Hause ist. Nicht verpassen!<\/p>\n<figure id=\"attachment_32197\" aria-describedby=\"caption-attachment-32197\" style=\"width: 801px\" class=\"wp-caption aligncenter\"><a href=\"https:\/\/i0.wp.com\/www.jazzzeitung.de\/cms\/wp-content\/uploads\/2025\/02\/273375545_10159837339834182_2951492889820349916_n.jpg?ssl=1\"><img data-recalc-dims=\"1\" loading=\"lazy\" decoding=\"async\" data-attachment-id=\"32197\" data-permalink=\"https:\/\/www.jazzzeitung.de\/cms\/2025\/02\/die-eingeschmolzene-jazz-radiowoche-vom-10-02-2025-bis-16-02-2025\/273375545_10159837339834182_2951492889820349916_n\/\" data-orig-file=\"https:\/\/i0.wp.com\/www.jazzzeitung.de\/cms\/wp-content\/uploads\/2025\/02\/273375545_10159837339834182_2951492889820349916_n.jpg?fit=1440%2C1079&amp;ssl=1\" data-orig-size=\"1440,1079\" data-comments-opened=\"1\" data-image-meta=\"{&quot;aperture&quot;:&quot;0&quot;,&quot;credit&quot;:&quot;&quot;,&quot;camera&quot;:&quot;&quot;,&quot;caption&quot;:&quot;&quot;,&quot;created_timestamp&quot;:&quot;0&quot;,&quot;copyright&quot;:&quot;&quot;,&quot;focal_length&quot;:&quot;0&quot;,&quot;iso&quot;:&quot;0&quot;,&quot;shutter_speed&quot;:&quot;0&quot;,&quot;title&quot;:&quot;&quot;,&quot;orientation&quot;:&quot;0&quot;}\" data-image-title=\"So sieht es doch aus. Oder? Foto: Hufner\" data-image-description=\"&lt;p&gt;So sieht es doch aus. Oder? Foto: Hufner&lt;\/p&gt;\n\" data-image-caption=\"&lt;p&gt;So sieht es doch aus. Oder? Foto: Hufner&lt;\/p&gt;\n\" data-large-file=\"https:\/\/i0.wp.com\/www.jazzzeitung.de\/cms\/wp-content\/uploads\/2025\/02\/273375545_10159837339834182_2951492889820349916_n.jpg?fit=801%2C600&amp;ssl=1\" class=\"size-large wp-image-32197\" src=\"https:\/\/i0.wp.com\/www.jazzzeitung.de\/cms\/wp-content\/uploads\/2025\/02\/273375545_10159837339834182_2951492889820349916_n.jpg?resize=801%2C600&#038;ssl=1\" alt=\"So sieht es doch aus. Oder? Foto: Hufner\" width=\"801\" height=\"600\" srcset=\"https:\/\/i0.wp.com\/www.jazzzeitung.de\/cms\/wp-content\/uploads\/2025\/02\/273375545_10159837339834182_2951492889820349916_n.jpg?resize=801%2C600&amp;ssl=1 801w, https:\/\/i0.wp.com\/www.jazzzeitung.de\/cms\/wp-content\/uploads\/2025\/02\/273375545_10159837339834182_2951492889820349916_n.jpg?resize=300%2C225&amp;ssl=1 300w, https:\/\/i0.wp.com\/www.jazzzeitung.de\/cms\/wp-content\/uploads\/2025\/02\/273375545_10159837339834182_2951492889820349916_n.jpg?resize=768%2C575&amp;ssl=1 768w, https:\/\/i0.wp.com\/www.jazzzeitung.de\/cms\/wp-content\/uploads\/2025\/02\/273375545_10159837339834182_2951492889820349916_n.jpg?resize=1320%2C989&amp;ssl=1 1320w, https:\/\/i0.wp.com\/www.jazzzeitung.de\/cms\/wp-content\/uploads\/2025\/02\/273375545_10159837339834182_2951492889820349916_n.jpg?w=1440&amp;ssl=1 1440w\" sizes=\"auto, (max-width: 801px) 100vw, 801px\" \/><\/a><figcaption id=\"caption-attachment-32197\" class=\"wp-caption-text\">So sieht es doch aus. Oder? Foto: Hufner<\/figcaption><\/figure>\n<hr \/>\n<h2><a name=\"_Toc189813531\"><\/a>do \u2013 13.02.2025<\/h2>\n<hr \/>\n<p>17:30:00 +++ \u00d61<br \/>\n<strong>Musik aus allen Richtungen mit Andreas Felber.<\/strong><\/p>\n<p>22:03 \u2013 23:00 UHR +++ SWR KULTUR<br \/>\n<strong>Blues<code>n<\/code>Roots<\/strong><\/p>\n<p style=\"padding-left: 40px;\">Von Dagmar Fulle. In dieser Sendung pr\u00e4sentieren wir alte und neue Aufnahmen aus den Bereichen Blues, Jazz, Swing, Rhythm \u2018n\u2019 Blues, Soul und Country. (\u00dcbernahme von hr2 Kultur)<\/p>\n<p>23:03 bis 00:00 Uhr +++ BR-KLASSIK<br \/>\n<strong>Horizonte: Musik der Gegenwart<\/strong><\/p>\n<p style=\"padding-left: 40px;\">Wilfried Maria Danner: \u201eCerco un paese innocente\u201c, Sinfonische Kantate (Iris Vermillion, Mezzosopran; Chor des Bayerischen Rundfunks; M\u00fcnchner Rundfunkorchester: Marcello Viotti); Dieter Acker: Violinkonzert Nr. 1 (Ferenc Kiss, Violine; Deutsche Staatsphilharmonie Rheinland-Pfalz: Christoph Eschenbach)<\/p>\n<hr \/>\n<h2><a name=\"_Toc189813532\"><\/a>fr \u2013 14.02.2025<\/h2>\n<hr \/>\n<p>14:05:00 +++ \u00d61<br \/>\n<strong>Das Kathrin Pechlof Trio 2023 im Kulturzentrum Das Haus, Ludwigshafen.<\/strong><\/p>\n<p style=\"padding-left: 40px;\">Kathrin Pechlof ist eine Pionierin. Ihr Instrument, die Konzertharfe, galt im Jazz lange Zeit als Exotikum. Und tut es wohl noch heute. Was man dennoch mit Sicherheit sagen kann: Kathrin Pechlof hat sich ihren Platz erobert. Seit vielen Jahren pr\u00e4gt die 1978 in M\u00fcnchen geborene Musikerin die deutsche Jazzszene und dar\u00fcber hinaus.<\/p>\n<p style=\"padding-left: 40px;\">Anl\u00e4sslich der Verleihung des SWR-Jazzpreises 2023, der vom Land Rheinland-Pfalz und dem S\u00fcdwestrundfunk gemeinsam gestiftet wird, gestaltete sie mit Saxofonist Christian Weidner und Bassist Robert Landfermann am 14. November 2023 ein Konzert voll kammermusikalisch -intimer Raffinesse im Kulturzentrum Das Haus in Ludwigshafen.<\/p>\n<p>17:30:00 +++ \u00d61<br \/>\n<strong>Musik aus allen Richtungen mit Johann Kneihs.<\/strong><\/p>\n<p>19:05 bis 20:00 Uhr +++ BR-KLASSIK<br \/>\n<strong>KlassikPlus \u2013 Musikfeature: Schostakowitsch Moves \u2013 Warum Duisburger Brennpunktschulen seit 15 Jahren auf klassische Musik setzen<\/strong><\/p>\n<p style=\"padding-left: 40px;\">In die Philharmonie Mercatorhalle in Duisburg str\u00f6mt einmal im Jahr ein hier selten gesehenes Publikum: Gro\u00dffamilien mit vielen Kindern aus dem Stadtteil Duisburg Marxloh besetzen mit Vorfreude die Pl\u00e4tze. Man h\u00f6rt Arabisch, T\u00fcrkisch, Bulgarisch, Italienisch, aber kaum Deutsch. Viele der G\u00e4ste haben noch nie ein klassisches Konzert besucht. Aber nun treten hier ihre Kinder auf \u2013 spielen und tanzen auf der B\u00fchne ausgerechnet zu Klassik, zu Neuer Musik. Die Vorstellung, die Kinder von Grundschule bis Oberstufe mit Begeisterung darbieten, wurde \u00fcber das Schuljahr hinweg mit Musikp\u00e4dagogen und Profimusikerinnen erarbeitet, finanziert \u00fcber das Education Programm des Klavierfestival Ruhr. Seit 15 Jahren erm\u00f6glicht das Klavierfestival Ruhr in dem sozialen Brennpunktgebiet Duisburg-Marxloh eine Stadtteilarbeit mit Musik, die ihresgleichen sucht. L\u00e4ngst ist das Engagement zu einer Art Labor geworden, in dem man die Chancen und Erfolge von Musikvermittlung f\u00fcr stadteilbezogene soziale Arbeit eindr\u00fccklich nachvollziehen kann \u2013 ein Weckruf vor dem Hintergrund deutschlandweit schwindender musikp\u00e4dagogischer Angebote. Eine Sendung von Bettina Mittelstra\u00df<\/p>\n<p>22:01 bis 24:00 +++ \u00d61<br \/>\n<strong>Mit Harold Arlen \u201eOver The Rainbow\u201c \u2013 Harold Arlen zum 120. Geburtstag<\/strong><\/p>\n<p style=\"padding-left: 40px;\">Hyman Arluck alias Harold Arlen ist ein weiterer j\u00fcdischer Komponist, der mit seinen Songs ein unverzichtbarer Teil des Jazzstandard-Repertoires geworden ist. Der 1905 in Buffalo, New York geborene Arlen schreibt 1929 zusammen mit dem Texter Ted Koehler seinen ersten gro\u00dfen Hit, \u201eGet Happy\u201c. Sein bekanntestes Lied d\u00fcrfte wohl \u201eOver The Rainbow\u201c aus dem Musical \u201eThe Wizard Of Oz\u201c sein. Die Liste der ver\u00f6ffentlichten Coverversionen weist f\u00fcr diesen Song \u00fcber 100 Eintragungen auf. Die Spielr\u00e4ume Nachtausgabe widmet sich dem 1986 verstorbenen Komponisten, dessen Kreationen ein erheblicher Anteil des \u201eGreat American Songbook\u201c geworden sind. Am 15. Februar hat sich Harold Arlens Geburtstag zum 120. Mal gej\u00e4hrt. Gestaltung: Klaus Wienerroither<\/p>\n<hr \/>\n<h2><a name=\"_Toc189813533\"><\/a>sa \u2013 15.02.2025<\/h2>\n<hr \/>\n<p>00:05:00 +++ \u00d61<br \/>\n<strong>(Fortsetzung). Harold Arlen zum 120. Geburtstag<\/strong><\/p>\n<p>14:05 bis 15:00 Uhr +++ BR-KLASSIK<br \/>\n<strong>KlassikPlus \u2013 Musikfeature: Schostakowitsch Moves \u2013 Warum Duisburger Brennpunktschulen seit 15 Jahren auf klassische Musik setzen<\/strong><\/p>\n<p style=\"padding-left: 40px;\">In die Philharmonie Mercatorhalle in Duisburg str\u00f6mt einmal im Jahr ein hier selten gesehenes Publikum: Gro\u00dffamilien mit vielen Kindern aus dem Stadtteil Duisburg Marxloh besetzen mit Vorfreude die Pl\u00e4tze. Man h\u00f6rt Arabisch, T\u00fcrkisch, Bulgarisch, Italienisch, aber kaum Deutsch. Viele der G\u00e4ste haben noch nie ein klassisches Konzert besucht. Aber nun treten hier ihre Kinder auf \u2013 spielen und tanzen auf der B\u00fchne ausgerechnet zu Klassik, zu Neuer Musik. Die Vorstellung, die Kinder von Grundschule bis Oberstufe mit Begeisterung darbieten, wurde \u00fcber das Schuljahr hinweg mit Musikp\u00e4dagogen und Profimusikerinnen erarbeitet, finanziert \u00fcber das Education Programm des Klavierfestival Ruhr. Seit 15 Jahren erm\u00f6glicht das Klavierfestival Ruhr in dem sozialen Brennpunktgebiet Duisburg-Marxloh eine Stadtteilarbeit mit Musik, die ihresgleichen sucht. L\u00e4ngst ist das Engagement zu einer Art Labor geworden, in dem man die Chancen und Erfolge von Musikvermittlung f\u00fcr stadteilbezogene soziale Arbeit eindr\u00fccklich nachvollziehen kann \u2013 ein Weckruf vor dem Hintergrund deutschlandweit schwindender musikp\u00e4dagogischer Angebote. Eine Sendung von Bettina Mittelstra\u00df<\/p>\n<p>18:20 \u2013 19:00 UHR +++ SWR KULTUR<br \/>\n<strong>Jazz: Klingender Freiraum \u2013 Die Vibrafonistin Yuhan Su<\/strong><\/p>\n<p style=\"padding-left: 40px;\">Von Ssirus W. Pakzad. Vor dreizehn Jahren zog die taiwanesische Vibrafonistin Yuhan Su nach New York, um dort ihr musikalisches Gl\u00fcck zu suchen. Sie fand es schnell und musizierte mit vielen einflussreichen Musikern der Jazz-Szene. Mit Solo-Alben wie \u201eLiberated Gesture\u201c zeigt Yuhan Su ihre hinrei\u00dfenden F\u00e4higkeiten am Instrument. Und ihr gelingt, h\u00f6chst anspruchsvolle und vielschichtige Kompositionen zu schreiben, die bei aller Komplexit\u00e4t sehr zug\u00e4nglich klingen. Inhaltlich befassen sich ihre St\u00fccke oft mit Freiheiten, die sich speziell Frauen erk\u00e4mpfen mussten und m\u00fcssen.<\/p>\n<p>22:30:00 +++ \u00d61<br \/>\n<strong>Neuigkeiten aus der Welt des Jazz\u2019.<\/strong><\/p>\n<p style=\"padding-left: 40px;\">Konzertempfehlungen f\u00fcr die kommende Woche, Buchbesprechungen, Kurznachrufe und aktuelle Meldungen.<\/p>\n<p>23:03:00 +++ \u00d61<br \/>\n<strong>Roberta Karin und Ant\u00f4nio de P\u00e1dua im Jazznacht-Interview, Silke Eberhard &amp; I Am Three beim Jazzfestival Leibnitz 2024.<\/strong><\/p>\n<p style=\"padding-left: 40px;\">Ein internationales Musikprojekt mit brasilianischen Wurzeln steht im Fokus dieser Jazznacht: die Fam\u00edlia P\u00e1dua. Vor 16 in Jahren in Brasilien gegr\u00fcndet vom Ehepaar Ant\u00f4nio de P\u00e1dua (Trompete) und Roberta Karin (Perkussion), ist diese Band mittlerweile zu einer gro\u00dfen Formation herangewachsen, an der weitere Familienmitglieder (Schlagzeuger Matheus Jardim, Fl\u00f6tist Jo\u00e3o Vitor) einerseits und Musiker:innen aus verschiedenen L\u00e4ndern (zum Beispiel Klarinettist Gerald Preinfalk aus \u00d6sterreich, S\u00e4ngerin Anna Laszlo aus Ungarn) andererseits mitwirken.<\/p>\n<p style=\"padding-left: 40px;\">\u201eSaudac\u00e3o\u201c (Unit Records) hei\u00dft das 2024 erschienene Deb\u00fct-Album der Fam\u00edlia P\u00e1dua. Es enth\u00e4lt eine abwechslungsreiche Mischung aus Jazz, Choro, Salsa, Einfl\u00fcssen der M\u00fasica Popular Brasileira u. a.<\/p>\n<p style=\"padding-left: 40px;\">Seit 2019 lebt und arbeitet die Fam\u00edlia P\u00e1dua in Wien, und sie sieht ihre fulminanten Konzerte auch als Orte der Vermittlung ihrer musikalischen Botschaft. Im Jazznacht-Studio sprechen Roberta Karin und Ant\u00f4nio de P\u00e1dua \u00fcber die musikalischen Traditionen in ihrer Familie, die vielen brasilianischen und internationalen Einfl\u00fcsse auf ihrem Album und vieles mehr.<\/p>\n<p style=\"padding-left: 40px;\">\u201eMingus Mingus Mingus\u201c lautet das Motto des Konzertmitschnitts in dieser \u00d61 Jazznacht. Saxofonistin Silke Eberhard, Trompeter Nikolaus Neuser und Schlagzeuger Christian Marien folgen in diesem Programm dem Geist des gro\u00dfen US-amerikanischen Bassisten und Komponisten Charles Mingus. Am Er\u00f6ffnungsabend des Jazzfestivals Leibnitz 2024, dem 26. September letzten Jahres, hat dieses basslose Berliner Trio im Weinkeller von Schloss Seggau eigene Kompositionen und St\u00fccke von Mingus zu einem kurzweiligen Set zusammengestellt, das dem 1979 verstorbenen Bassisten-Meister sicherlich Freude bereitet h\u00e4tte.<\/p>\n<hr \/>\n<h2><a name=\"_Toc189813534\"><\/a>so &#8211; 16.02.2025<\/h2>\n<hr \/>\n<p>00:05:00 +++ \u00d61<br \/>\n<strong>(Fortsetzung); Roberta Karin und Ant\u00f4nio de P\u00e1dua im Jazznacht-Interview<\/strong><\/p>\n<p>03:03:00 +++ \u00d61<br \/>\n<strong>Mit klingenden Kulinarien in den Sonntag-Morgen<\/strong><\/p>\n<p style=\"padding-left: 40px;\">Klassiker und Fundst\u00fccke aus 100 Jahren Jazzgeschichte (Wiederholung).<\/p>\n<p>17:10:00 +++ \u00d61<br \/>\n<strong>Die Wiener Blueslegende Al Cook wird 80<\/strong><\/p>\n<p style=\"padding-left: 40px;\">Blues ist f\u00fcr ihn eine Lebenseinstellung und macht den Gro\u00dfteil seiner Identit\u00e4t aus: Seit 60 Jahren steht der \u00f6sterreichische Musiker Al Cook auf der B\u00fchne. Eine Legende der heimischen Bluesszene \u2013 ohne jemals selbst nach Amerika gereist zu sein. Anfang der 1960er Jahre, als Cook erstmals auftrat, war man im Wien vom authentischen Blues noch so weit entfernt wie die Donau vom Mississippi. Al Cook leistete Pionierarbeit und brachte den Delta-Blues nach MItteleuropa. Er machte den bis dahin unbeachteten afroamerikanischen S\u00fcdstaatenblues in unseren Breiten salonf\u00e4hig.<\/p>\n<p style=\"padding-left: 40px;\">Zuvor hatte der Rock \u2018n\u2019 Roll Al Cook durch die (Kino-) Hintert\u00fcr erwischt: Im Juli 1960 sah der Teenager dort zuf\u00e4llig den Film \u201eGold aus hei\u00dfer Kehle\u201c mit Elvis Presley in der Hauptrolle. V\u00f6llig fasziniert von dessen Erscheinung, war er spontan bestrebt, es Elvis gleichzutun: Der junge Alois Koch lieh sich der Legende nach von seinem Vater Geld und kaufte prompt alle Elvis-Platten auf. Drei Jahre sp\u00e4ter folgte die erste Gitarre \u2013 um 450 Schilling. Und Koch tauschte seinen b\u00fcrgerlichen Namen gegen einen wohlklingenden, anglophilen ein \u2013 und wurde zu Al Cook.<\/p>\n<p style=\"padding-left: 40px;\">Der heute im dritten Wiener Gemeindebezirk lebende K\u00fcnstler wei\u00df um die spannenden Parallelen des Wienerischen mit dem Blues. Wie sagte er anno 2015 im ORF-Interview? \u201eNat\u00fcrlich wurde der Blues von den Schwarzen im S\u00fcden der USA geschaffen. Aber das Ganze hat sich im Laufe der Jahrzehnte internationalisiert. Jeder Mensch kann den Blues empfinden, jeder Mensch \u201aden Blues haben\u2019. Der Blues ist als k\u00fcnstlerischer Ausdruck gesehen eine unsentimentale Klage. Man vergleicht ihn oft ein wenig mit der Wiener Raunzerei, was aber nicht ganz stimmt. Denn dieses Wiener Raunzen ist ein sattes Raunzen, ein in sich selbst zufriedenes Raunzen. Im Blues hat man Schattierungen: Von an der Grenze der Selbstmitleidigkeit bis hin zur Selbstironie.\u201c<\/p>\n<p style=\"padding-left: 40px;\">Seinen 80. Geburtstag feiert Al Cook am 1. M\u00e4rz 2025 im Schutzhaus Zukunft im 15. Wiener Gemeindebezirk. \u00d61 gratuliert dem Meister des Blues!<\/p>\n<p>19:05:00 +++ \u00d61<br \/>\n<strong>Efrat Alony, Sofia Labropoulou und Verena Zeiner im Studio 2 des Wiener RadioKulturhauses.<\/strong><\/p>\n<p style=\"padding-left: 40px;\">Efrat Alony, Sofia Labropoulou und Verena Zeiner \u2013 drei sehr unterschiedliche Musikerinnen bilden neuerdings ein hochinteressantes Trio, das verschiedene Musikstile verschmilzt. Efrat Alonys Stimme, lyrisch und mit viel Tiefgang, mischt sich mit Sofia Labropoulous Kl\u00e4ngen am Kanun \u2013 der orientalischen Zither, die sie individuell pr\u00e4pariert \u2013 und Verena Zeiners vielseitigem Klavierspiel zu einem wunderlichen Klangteppich \u2013 spontan und anspruchsvoll. Improvisierte Musik, bei der jede Performance zur eigenen, einzigartigen Reise avanciert.<\/p>\n<p>19:30 \u2013 20.00 UHR +++ SWR KULTUR<br \/>\n<strong>Big Time Jazz. <\/strong><strong>Jazz-Orchester, Big Band, Oktett \u2013 hier kommt Musik mit Vielen! <\/strong><\/p>\n<p style=\"padding-left: 40px;\">Im Big Time Jazz stellen wir f\u00fcr Sie interessante und sch\u00f6ne Kl\u00e4nge zusammen \u2013 von gro\u00dfen Ensembles aus dem Jazz und der improvisierten Musik. Wir bergen Archivaufnahmen und durchforsten Neuver\u00f6ffentlichungen f\u00fcr eine Zeit, die ganz den gro\u00dfen Kl\u00e4ngen geh\u00f6rt.<\/p>\n<p>22:03 \u2013 23:00 UHR +++ SWR KULTUR<br \/>\n<strong>NOWJazz: Migration und Zerst\u00f6rung von Archiven \u2013 Die Saxofonistin Camila Nebbia<\/strong><\/p>\n<p style=\"padding-left: 40px;\">Von Maxi Broecking. Camila Nebbia ist in Buenos Aires geboren worden und lebt mittlerweile in Berlin. Sie ist Tenorsaxofonistin, Komponistin und Elektronikerin und geh\u00f6rt aktuell zu den spannendsten Saxofonist*innen des Jazz und der Improvisierten Musik. Sie arbeitet mit der Zerst\u00f6rung und Neuordnung von Archiven und Erinnerung. Intensiv und konzentriert lotet sie die \u00e4sthetischen und klanglichen M\u00f6glichkeiten ihrer Instrumente aus und erz\u00e4hlt mit flie\u00dfenden Improvisationen, von Migration, Zerrissenheit und dem Prozess des Suchens.<\/p>\n<p>23:03 bis 24:00 +++ \u00d61<br \/>\n<strong>In der Interzone mit Bernhard Lang \u2013 Bernhard Lang beim Carinthischen Sommer 2024 <\/strong><\/p>\n<p style=\"padding-left: 40px;\">Bernhard Langs \u201eInterzone: GAME 11-4-9 f\u00fcr Sopran, Ensemble und Elektronik\u201c aus seiner \u201eGAME\u201c-Serie erforscht die M\u00f6glichkeit des Spiels und Spielens mit musikalischen Strukturen. Das Platypus Ensemble und der Carinthischen Sommers hatten die Komposition in Auftrag gegeben. Das rund einst\u00fcndige St\u00fcck ist in \u201eRunden\u201c organisiert: Die Spieler:innen w\u00e4hlen, einem Kartenspiel gleich, jeweils ihr \u201eBlatt\u201c und folgen dabei Spielregeln, die die Spielleitung immer neu vorgeben und den Verlauf einzelner Spielrunden bestimmen. \u201eInterzone\u201c wurde am 11. Juli 2024 in Villach im Rahmen des Carinthischen Sommers vom Platypus Ensemble unter der Leitung von Jaime Wolfson, mit der Sopranistin Kaoko Amano unter der Klangregie von Christina Bauer uraufgef\u00fchrt. Das Libretto von Alex Wermer-Colan basiert auf Ausschnitten von William S. Burroughs\u2019 \u201eNaked Lunch\u201c.<\/p>\n<p style=\"padding-left: 40px;\">Erleben Sie in der Supernova den Mitschnitt der Urauff\u00fchrung von Bernhard Langs \u201eInterzone\u201c in 5.1 Surround Sound. Gestaltung: Christine Pleschberger<\/p>\n","protected":false},"excerpt":{"rendered":"<p>Jazz im Radio \u2013 Jeden Sonntag gibt es um 12 Uhr unsere \u00dcbersicht f\u00fcr die jeweils nachfolgende Woche. Die #Jazz-Radiowoche vom 10. bis 16. Februar 2025. Erheblich ausged\u00fcnnt. Die ARD schafft ihr Radio gewisserma\u00dfen ab. Auch als PDF zum Download \u2013 #Jazz #JazzZeitung #Radio #Radiowoche \u2013 Ein Service unserer Online-Redaktion.<\/p>\n","protected":false},"author":1,"featured_media":32197,"comment_status":"open","ping_status":"closed","sticky":false,"template":"","format":"standard","meta":{"_jetpack_memberships_contains_paid_content":false,"footnotes":"","jetpack_publicize_message":"","jetpack_publicize_feature_enabled":true,"jetpack_social_post_already_shared":true,"jetpack_social_options":{"image_generator_settings":{"template":"highway","default_image_id":0,"font":"","enabled":false},"version":2}},"categories":[633,452],"tags":[3773,1629],"coauthors":[650],"class_list":["post-32196","post","type-post","status-publish","format-standard","has-post-thumbnail","hentry","category-nachrichten","category-radio","tag-die-radiowoche","tag-jazz-im-radio"],"yoast_head":"<!-- This site is optimized with the Yoast SEO plugin v27.5 - https:\/\/yoast.com\/product\/yoast-seo-wordpress\/ -->\n<title>Die eingeschmolzene Jazz-Radiowoche vom 10.02.2025 bis 16.02.2025 - JazzZeitung<\/title>\n<meta name=\"robots\" content=\"index, follow, max-snippet:-1, max-image-preview:large, max-video-preview:-1\" \/>\n<link rel=\"canonical\" href=\"https:\/\/www.jazzzeitung.de\/cms\/2025\/02\/die-eingeschmolzene-jazz-radiowoche-vom-10-02-2025-bis-16-02-2025\/\" \/>\n<meta property=\"og:locale\" content=\"de_DE\" \/>\n<meta property=\"og:type\" content=\"article\" \/>\n<meta property=\"og:title\" content=\"Die eingeschmolzene Jazz-Radiowoche vom 10.02.2025 bis 16.02.2025 - JazzZeitung\" \/>\n<meta property=\"og:description\" content=\"Jazz im Radio \u2013 Jeden Sonntag gibt es um 12 Uhr unsere \u00dcbersicht f\u00fcr die jeweils nachfolgende Woche. Die #Jazz-Radiowoche vom 10. bis 16. Februar 2025. Erheblich ausged\u00fcnnt. Die ARD schafft ihr Radio gewisserma\u00dfen ab. Auch als PDF zum Download \u2013 #Jazz #JazzZeitung #Radio #Radiowoche \u2013 Ein Service unserer Online-Redaktion.\" \/>\n<meta property=\"og:url\" content=\"https:\/\/www.jazzzeitung.de\/cms\/2025\/02\/die-eingeschmolzene-jazz-radiowoche-vom-10-02-2025-bis-16-02-2025\/\" \/>\n<meta property=\"og:site_name\" content=\"JazzZeitung\" \/>\n<meta property=\"article:publisher\" content=\"https:\/\/www.facebook.com\/JazzZeitung\/\" \/>\n<meta property=\"article:author\" content=\"https:\/\/www.facebook.com\/hufner\" \/>\n<meta property=\"article:published_time\" content=\"2025-02-09T11:00:11+00:00\" \/>\n<meta property=\"og:image\" content=\"https:\/\/i0.wp.com\/www.jazzzeitung.de\/cms\/wp-content\/uploads\/2025\/02\/273375545_10159837339834182_2951492889820349916_n.jpg?fit=1440%2C1079&ssl=1\" \/>\n\t<meta property=\"og:image:width\" content=\"1440\" \/>\n\t<meta property=\"og:image:height\" content=\"1079\" \/>\n\t<meta property=\"og:image:type\" content=\"image\/jpeg\" \/>\n<meta name=\"author\" content=\"Martin Hufner\" \/>\n<script type=\"application\/ld+json\" class=\"yoast-schema-graph\">{\"@context\":\"https:\\\/\\\/schema.org\",\"@graph\":[{\"@type\":\"Article\",\"@id\":\"https:\\\/\\\/www.jazzzeitung.de\\\/cms\\\/2025\\\/02\\\/die-eingeschmolzene-jazz-radiowoche-vom-10-02-2025-bis-16-02-2025\\\/#article\",\"isPartOf\":{\"@id\":\"https:\\\/\\\/www.jazzzeitung.de\\\/cms\\\/2025\\\/02\\\/die-eingeschmolzene-jazz-radiowoche-vom-10-02-2025-bis-16-02-2025\\\/\"},\"author\":{\"name\":\"Martin Hufner\",\"@id\":\"https:\\\/\\\/www.jazzzeitung.de\\\/cms\\\/#\\\/schema\\\/person\\\/b9a4e5ac765d94fb8f617bfa8f1fc5f7\"},\"headline\":\"Die eingeschmolzene Jazz-Radiowoche vom 10.02.2025 bis 16.02.2025\",\"datePublished\":\"2025-02-09T11:00:11+00:00\",\"mainEntityOfPage\":{\"@id\":\"https:\\\/\\\/www.jazzzeitung.de\\\/cms\\\/2025\\\/02\\\/die-eingeschmolzene-jazz-radiowoche-vom-10-02-2025-bis-16-02-2025\\\/\"},\"wordCount\":2786,\"commentCount\":0,\"publisher\":{\"@id\":\"https:\\\/\\\/www.jazzzeitung.de\\\/cms\\\/#organization\"},\"image\":{\"@id\":\"https:\\\/\\\/www.jazzzeitung.de\\\/cms\\\/2025\\\/02\\\/die-eingeschmolzene-jazz-radiowoche-vom-10-02-2025-bis-16-02-2025\\\/#primaryimage\"},\"thumbnailUrl\":\"https:\\\/\\\/i0.wp.com\\\/www.jazzzeitung.de\\\/cms\\\/wp-content\\\/uploads\\\/2025\\\/02\\\/273375545_10159837339834182_2951492889820349916_n.jpg?fit=1440%2C1079&ssl=1\",\"keywords\":[\"Die Radiowoche\",\"Jazz im Radio\"],\"articleSection\":[\"News\",\"Radio\"],\"inLanguage\":\"de\",\"potentialAction\":[{\"@type\":\"CommentAction\",\"name\":\"Comment\",\"target\":[\"https:\\\/\\\/www.jazzzeitung.de\\\/cms\\\/2025\\\/02\\\/die-eingeschmolzene-jazz-radiowoche-vom-10-02-2025-bis-16-02-2025\\\/#respond\"]}]},{\"@type\":\"WebPage\",\"@id\":\"https:\\\/\\\/www.jazzzeitung.de\\\/cms\\\/2025\\\/02\\\/die-eingeschmolzene-jazz-radiowoche-vom-10-02-2025-bis-16-02-2025\\\/\",\"url\":\"https:\\\/\\\/www.jazzzeitung.de\\\/cms\\\/2025\\\/02\\\/die-eingeschmolzene-jazz-radiowoche-vom-10-02-2025-bis-16-02-2025\\\/\",\"name\":\"Die eingeschmolzene Jazz-Radiowoche vom 10.02.2025 bis 16.02.2025 - JazzZeitung\",\"isPartOf\":{\"@id\":\"https:\\\/\\\/www.jazzzeitung.de\\\/cms\\\/#website\"},\"primaryImageOfPage\":{\"@id\":\"https:\\\/\\\/www.jazzzeitung.de\\\/cms\\\/2025\\\/02\\\/die-eingeschmolzene-jazz-radiowoche-vom-10-02-2025-bis-16-02-2025\\\/#primaryimage\"},\"image\":{\"@id\":\"https:\\\/\\\/www.jazzzeitung.de\\\/cms\\\/2025\\\/02\\\/die-eingeschmolzene-jazz-radiowoche-vom-10-02-2025-bis-16-02-2025\\\/#primaryimage\"},\"thumbnailUrl\":\"https:\\\/\\\/i0.wp.com\\\/www.jazzzeitung.de\\\/cms\\\/wp-content\\\/uploads\\\/2025\\\/02\\\/273375545_10159837339834182_2951492889820349916_n.jpg?fit=1440%2C1079&ssl=1\",\"datePublished\":\"2025-02-09T11:00:11+00:00\",\"breadcrumb\":{\"@id\":\"https:\\\/\\\/www.jazzzeitung.de\\\/cms\\\/2025\\\/02\\\/die-eingeschmolzene-jazz-radiowoche-vom-10-02-2025-bis-16-02-2025\\\/#breadcrumb\"},\"inLanguage\":\"de\",\"potentialAction\":[{\"@type\":\"ReadAction\",\"target\":[\"https:\\\/\\\/www.jazzzeitung.de\\\/cms\\\/2025\\\/02\\\/die-eingeschmolzene-jazz-radiowoche-vom-10-02-2025-bis-16-02-2025\\\/\"]}]},{\"@type\":\"ImageObject\",\"inLanguage\":\"de\",\"@id\":\"https:\\\/\\\/www.jazzzeitung.de\\\/cms\\\/2025\\\/02\\\/die-eingeschmolzene-jazz-radiowoche-vom-10-02-2025-bis-16-02-2025\\\/#primaryimage\",\"url\":\"https:\\\/\\\/i0.wp.com\\\/www.jazzzeitung.de\\\/cms\\\/wp-content\\\/uploads\\\/2025\\\/02\\\/273375545_10159837339834182_2951492889820349916_n.jpg?fit=1440%2C1079&ssl=1\",\"contentUrl\":\"https:\\\/\\\/i0.wp.com\\\/www.jazzzeitung.de\\\/cms\\\/wp-content\\\/uploads\\\/2025\\\/02\\\/273375545_10159837339834182_2951492889820349916_n.jpg?fit=1440%2C1079&ssl=1\",\"width\":1440,\"height\":1079,\"caption\":\"So sieht es doch aus. Oder? Foto: Hufner\"},{\"@type\":\"BreadcrumbList\",\"@id\":\"https:\\\/\\\/www.jazzzeitung.de\\\/cms\\\/2025\\\/02\\\/die-eingeschmolzene-jazz-radiowoche-vom-10-02-2025-bis-16-02-2025\\\/#breadcrumb\",\"itemListElement\":[{\"@type\":\"ListItem\",\"position\":1,\"name\":\"Startseite\",\"item\":\"https:\\\/\\\/www.jazzzeitung.de\\\/cms\\\/\"},{\"@type\":\"ListItem\",\"position\":2,\"name\":\"Die eingeschmolzene Jazz-Radiowoche vom 10.02.2025 bis 16.02.2025\"}]},{\"@type\":\"WebSite\",\"@id\":\"https:\\\/\\\/www.jazzzeitung.de\\\/cms\\\/#website\",\"url\":\"https:\\\/\\\/www.jazzzeitung.de\\\/cms\\\/\",\"name\":\"JazzZeitung\",\"description\":\"Jazz-News und Jazz-Kontroverses\",\"publisher\":{\"@id\":\"https:\\\/\\\/www.jazzzeitung.de\\\/cms\\\/#organization\"},\"potentialAction\":[{\"@type\":\"SearchAction\",\"target\":{\"@type\":\"EntryPoint\",\"urlTemplate\":\"https:\\\/\\\/www.jazzzeitung.de\\\/cms\\\/?s={search_term_string}\"},\"query-input\":{\"@type\":\"PropertyValueSpecification\",\"valueRequired\":true,\"valueName\":\"search_term_string\"}}],\"inLanguage\":\"de\"},{\"@type\":\"Organization\",\"@id\":\"https:\\\/\\\/www.jazzzeitung.de\\\/cms\\\/#organization\",\"name\":\"JazzZeitung online\",\"url\":\"https:\\\/\\\/www.jazzzeitung.de\\\/cms\\\/\",\"logo\":{\"@type\":\"ImageObject\",\"inLanguage\":\"de\",\"@id\":\"https:\\\/\\\/www.jazzzeitung.de\\\/cms\\\/#\\\/schema\\\/logo\\\/image\\\/\",\"url\":\"https:\\\/\\\/i0.wp.com\\\/www.jazzzeitung.de\\\/cms\\\/wp-content\\\/uploads\\\/2015\\\/08\\\/JAZZZEITUNGDE_Logo_Neu.png?fit=499%2C200&ssl=1\",\"contentUrl\":\"https:\\\/\\\/i0.wp.com\\\/www.jazzzeitung.de\\\/cms\\\/wp-content\\\/uploads\\\/2015\\\/08\\\/JAZZZEITUNGDE_Logo_Neu.png?fit=499%2C200&ssl=1\",\"width\":499,\"height\":200,\"caption\":\"JazzZeitung online\"},\"image\":{\"@id\":\"https:\\\/\\\/www.jazzzeitung.de\\\/cms\\\/#\\\/schema\\\/logo\\\/image\\\/\"},\"sameAs\":[\"https:\\\/\\\/www.facebook.com\\\/JazzZeitung\\\/\"]},{\"@type\":\"Person\",\"@id\":\"https:\\\/\\\/www.jazzzeitung.de\\\/cms\\\/#\\\/schema\\\/person\\\/b9a4e5ac765d94fb8f617bfa8f1fc5f7\",\"name\":\"Martin Hufner\",\"image\":{\"@type\":\"ImageObject\",\"inLanguage\":\"de\",\"@id\":\"https:\\\/\\\/i0.wp.com\\\/www.jazzzeitung.de\\\/cms\\\/wp-content\\\/uploads\\\/2013\\\/07\\\/huf-06.jpg?resize=96%2C96&ssl=15fcc31aa94540751a3b804516452be00\",\"url\":\"https:\\\/\\\/i0.wp.com\\\/www.jazzzeitung.de\\\/cms\\\/wp-content\\\/uploads\\\/2013\\\/07\\\/huf-06.jpg?resize=96%2C96&ssl=1\",\"contentUrl\":\"https:\\\/\\\/i0.wp.com\\\/www.jazzzeitung.de\\\/cms\\\/wp-content\\\/uploads\\\/2013\\\/07\\\/huf-06.jpg?resize=96%2C96&ssl=1\",\"caption\":\"Martin Hufner\"},\"description\":\"Martin Hufner ist freier Autor der JazzZeitung.\",\"sameAs\":[\"https:\\\/\\\/www.kritische-masse.de\\\/logbuch\",\"https:\\\/\\\/www.facebook.com\\\/hufner\"],\"url\":\"https:\\\/\\\/www.jazzzeitung.de\\\/cms\\\/author\\\/admin\\\/\"}]}<\/script>\n<!-- \/ Yoast SEO plugin. -->","yoast_head_json":{"title":"Die eingeschmolzene Jazz-Radiowoche vom 10.02.2025 bis 16.02.2025 - JazzZeitung","robots":{"index":"index","follow":"follow","max-snippet":"max-snippet:-1","max-image-preview":"max-image-preview:large","max-video-preview":"max-video-preview:-1"},"canonical":"https:\/\/www.jazzzeitung.de\/cms\/2025\/02\/die-eingeschmolzene-jazz-radiowoche-vom-10-02-2025-bis-16-02-2025\/","og_locale":"de_DE","og_type":"article","og_title":"Die eingeschmolzene Jazz-Radiowoche vom 10.02.2025 bis 16.02.2025 - JazzZeitung","og_description":"Jazz im Radio \u2013 Jeden Sonntag gibt es um 12 Uhr unsere \u00dcbersicht f\u00fcr die jeweils nachfolgende Woche. Die #Jazz-Radiowoche vom 10. bis 16. Februar 2025. Erheblich ausged\u00fcnnt. Die ARD schafft ihr Radio gewisserma\u00dfen ab. Auch als PDF zum Download \u2013 #Jazz #JazzZeitung #Radio #Radiowoche \u2013 Ein Service unserer Online-Redaktion.","og_url":"https:\/\/www.jazzzeitung.de\/cms\/2025\/02\/die-eingeschmolzene-jazz-radiowoche-vom-10-02-2025-bis-16-02-2025\/","og_site_name":"JazzZeitung","article_publisher":"https:\/\/www.facebook.com\/JazzZeitung\/","article_author":"https:\/\/www.facebook.com\/hufner","article_published_time":"2025-02-09T11:00:11+00:00","og_image":[{"width":1440,"height":1079,"url":"https:\/\/i0.wp.com\/www.jazzzeitung.de\/cms\/wp-content\/uploads\/2025\/02\/273375545_10159837339834182_2951492889820349916_n.jpg?fit=1440%2C1079&ssl=1","type":"image\/jpeg"}],"author":"Martin Hufner","schema":{"@context":"https:\/\/schema.org","@graph":[{"@type":"Article","@id":"https:\/\/www.jazzzeitung.de\/cms\/2025\/02\/die-eingeschmolzene-jazz-radiowoche-vom-10-02-2025-bis-16-02-2025\/#article","isPartOf":{"@id":"https:\/\/www.jazzzeitung.de\/cms\/2025\/02\/die-eingeschmolzene-jazz-radiowoche-vom-10-02-2025-bis-16-02-2025\/"},"author":{"name":"Martin Hufner","@id":"https:\/\/www.jazzzeitung.de\/cms\/#\/schema\/person\/b9a4e5ac765d94fb8f617bfa8f1fc5f7"},"headline":"Die eingeschmolzene Jazz-Radiowoche vom 10.02.2025 bis 16.02.2025","datePublished":"2025-02-09T11:00:11+00:00","mainEntityOfPage":{"@id":"https:\/\/www.jazzzeitung.de\/cms\/2025\/02\/die-eingeschmolzene-jazz-radiowoche-vom-10-02-2025-bis-16-02-2025\/"},"wordCount":2786,"commentCount":0,"publisher":{"@id":"https:\/\/www.jazzzeitung.de\/cms\/#organization"},"image":{"@id":"https:\/\/www.jazzzeitung.de\/cms\/2025\/02\/die-eingeschmolzene-jazz-radiowoche-vom-10-02-2025-bis-16-02-2025\/#primaryimage"},"thumbnailUrl":"https:\/\/i0.wp.com\/www.jazzzeitung.de\/cms\/wp-content\/uploads\/2025\/02\/273375545_10159837339834182_2951492889820349916_n.jpg?fit=1440%2C1079&ssl=1","keywords":["Die Radiowoche","Jazz im Radio"],"articleSection":["News","Radio"],"inLanguage":"de","potentialAction":[{"@type":"CommentAction","name":"Comment","target":["https:\/\/www.jazzzeitung.de\/cms\/2025\/02\/die-eingeschmolzene-jazz-radiowoche-vom-10-02-2025-bis-16-02-2025\/#respond"]}]},{"@type":"WebPage","@id":"https:\/\/www.jazzzeitung.de\/cms\/2025\/02\/die-eingeschmolzene-jazz-radiowoche-vom-10-02-2025-bis-16-02-2025\/","url":"https:\/\/www.jazzzeitung.de\/cms\/2025\/02\/die-eingeschmolzene-jazz-radiowoche-vom-10-02-2025-bis-16-02-2025\/","name":"Die eingeschmolzene Jazz-Radiowoche vom 10.02.2025 bis 16.02.2025 - JazzZeitung","isPartOf":{"@id":"https:\/\/www.jazzzeitung.de\/cms\/#website"},"primaryImageOfPage":{"@id":"https:\/\/www.jazzzeitung.de\/cms\/2025\/02\/die-eingeschmolzene-jazz-radiowoche-vom-10-02-2025-bis-16-02-2025\/#primaryimage"},"image":{"@id":"https:\/\/www.jazzzeitung.de\/cms\/2025\/02\/die-eingeschmolzene-jazz-radiowoche-vom-10-02-2025-bis-16-02-2025\/#primaryimage"},"thumbnailUrl":"https:\/\/i0.wp.com\/www.jazzzeitung.de\/cms\/wp-content\/uploads\/2025\/02\/273375545_10159837339834182_2951492889820349916_n.jpg?fit=1440%2C1079&ssl=1","datePublished":"2025-02-09T11:00:11+00:00","breadcrumb":{"@id":"https:\/\/www.jazzzeitung.de\/cms\/2025\/02\/die-eingeschmolzene-jazz-radiowoche-vom-10-02-2025-bis-16-02-2025\/#breadcrumb"},"inLanguage":"de","potentialAction":[{"@type":"ReadAction","target":["https:\/\/www.jazzzeitung.de\/cms\/2025\/02\/die-eingeschmolzene-jazz-radiowoche-vom-10-02-2025-bis-16-02-2025\/"]}]},{"@type":"ImageObject","inLanguage":"de","@id":"https:\/\/www.jazzzeitung.de\/cms\/2025\/02\/die-eingeschmolzene-jazz-radiowoche-vom-10-02-2025-bis-16-02-2025\/#primaryimage","url":"https:\/\/i0.wp.com\/www.jazzzeitung.de\/cms\/wp-content\/uploads\/2025\/02\/273375545_10159837339834182_2951492889820349916_n.jpg?fit=1440%2C1079&ssl=1","contentUrl":"https:\/\/i0.wp.com\/www.jazzzeitung.de\/cms\/wp-content\/uploads\/2025\/02\/273375545_10159837339834182_2951492889820349916_n.jpg?fit=1440%2C1079&ssl=1","width":1440,"height":1079,"caption":"So sieht es doch aus. Oder? Foto: Hufner"},{"@type":"BreadcrumbList","@id":"https:\/\/www.jazzzeitung.de\/cms\/2025\/02\/die-eingeschmolzene-jazz-radiowoche-vom-10-02-2025-bis-16-02-2025\/#breadcrumb","itemListElement":[{"@type":"ListItem","position":1,"name":"Startseite","item":"https:\/\/www.jazzzeitung.de\/cms\/"},{"@type":"ListItem","position":2,"name":"Die eingeschmolzene Jazz-Radiowoche vom 10.02.2025 bis 16.02.2025"}]},{"@type":"WebSite","@id":"https:\/\/www.jazzzeitung.de\/cms\/#website","url":"https:\/\/www.jazzzeitung.de\/cms\/","name":"JazzZeitung","description":"Jazz-News und Jazz-Kontroverses","publisher":{"@id":"https:\/\/www.jazzzeitung.de\/cms\/#organization"},"potentialAction":[{"@type":"SearchAction","target":{"@type":"EntryPoint","urlTemplate":"https:\/\/www.jazzzeitung.de\/cms\/?s={search_term_string}"},"query-input":{"@type":"PropertyValueSpecification","valueRequired":true,"valueName":"search_term_string"}}],"inLanguage":"de"},{"@type":"Organization","@id":"https:\/\/www.jazzzeitung.de\/cms\/#organization","name":"JazzZeitung online","url":"https:\/\/www.jazzzeitung.de\/cms\/","logo":{"@type":"ImageObject","inLanguage":"de","@id":"https:\/\/www.jazzzeitung.de\/cms\/#\/schema\/logo\/image\/","url":"https:\/\/i0.wp.com\/www.jazzzeitung.de\/cms\/wp-content\/uploads\/2015\/08\/JAZZZEITUNGDE_Logo_Neu.png?fit=499%2C200&ssl=1","contentUrl":"https:\/\/i0.wp.com\/www.jazzzeitung.de\/cms\/wp-content\/uploads\/2015\/08\/JAZZZEITUNGDE_Logo_Neu.png?fit=499%2C200&ssl=1","width":499,"height":200,"caption":"JazzZeitung online"},"image":{"@id":"https:\/\/www.jazzzeitung.de\/cms\/#\/schema\/logo\/image\/"},"sameAs":["https:\/\/www.facebook.com\/JazzZeitung\/"]},{"@type":"Person","@id":"https:\/\/www.jazzzeitung.de\/cms\/#\/schema\/person\/b9a4e5ac765d94fb8f617bfa8f1fc5f7","name":"Martin Hufner","image":{"@type":"ImageObject","inLanguage":"de","@id":"https:\/\/i0.wp.com\/www.jazzzeitung.de\/cms\/wp-content\/uploads\/2013\/07\/huf-06.jpg?resize=96%2C96&ssl=15fcc31aa94540751a3b804516452be00","url":"https:\/\/i0.wp.com\/www.jazzzeitung.de\/cms\/wp-content\/uploads\/2013\/07\/huf-06.jpg?resize=96%2C96&ssl=1","contentUrl":"https:\/\/i0.wp.com\/www.jazzzeitung.de\/cms\/wp-content\/uploads\/2013\/07\/huf-06.jpg?resize=96%2C96&ssl=1","caption":"Martin Hufner"},"description":"Martin Hufner ist freier Autor der JazzZeitung.","sameAs":["https:\/\/www.kritische-masse.de\/logbuch","https:\/\/www.facebook.com\/hufner"],"url":"https:\/\/www.jazzzeitung.de\/cms\/author\/admin\/"}]}},"wp-worthy-pixel":{"ignored":true,"public":null,"server":null,"url":null},"wp-worthy-type":"normal","jetpack_publicize_connections":[],"cc_featured_image_caption":{"caption_text":"So sieht es doch aus. Oder? ","source_text":"Foto: Martin Hufner","source_url":"https:\/\/www.kritische-masse.de\/logbuch"},"jetpack_featured_media_url":"https:\/\/i0.wp.com\/www.jazzzeitung.de\/cms\/wp-content\/uploads\/2025\/02\/273375545_10159837339834182_2951492889820349916_n.jpg?fit=1440%2C1079&ssl=1","jetpack_shortlink":"https:\/\/wp.me\/p3KEcT-8ni","jetpack-related-posts":[{"id":33138,"url":"https:\/\/www.jazzzeitung.de\/cms\/2025\/09\/die-atomgrosse-jazz-radiowoche-vom-29-09-2025-bis-05-10-2025\/","url_meta":{"origin":32196,"position":0},"title":"Die atomgro\u00dfe Jazz-Radiowoche vom 29.09.2025 bis 05.10.2025","author":"Martin Hufner","date":"28. September 2025","format":false,"excerpt":"Jazz im Radio \u2013 Jeden Sonntag gibt es um 12 Uhr unsere \u00dcbersicht f\u00fcr die jeweils nachfolgende Woche. Die #Jazz-Radiowoche vom 29.09. bis zum 05.10.2025. Erheblich d\u00fcnn! Auch als PDF zum Download \u2013 #Jazz #JazzZeitung #Radio #Radiowoche \u2013 Ein Service unserer Online-Redaktion.","rel":"","context":"In &quot;News&quot;","block_context":{"text":"News","link":"https:\/\/www.jazzzeitung.de\/cms\/thema\/nachrichten\/"},"img":{"alt_text":"Botanische Supernova mit schwarzem Loch in der Na\u0308he von Terra Nova. Foto: Hufner","src":"https:\/\/i0.wp.com\/www.jazzzeitung.de\/cms\/wp-content\/uploads\/2025\/09\/Botanische-Supernova-mit-schwarzem-Loch-in-der-Naehe-von-Terra-Nova.jpg?fit=1200%2C900&ssl=1&resize=350%2C200","width":350,"height":200,"srcset":"https:\/\/i0.wp.com\/www.jazzzeitung.de\/cms\/wp-content\/uploads\/2025\/09\/Botanische-Supernova-mit-schwarzem-Loch-in-der-Naehe-von-Terra-Nova.jpg?fit=1200%2C900&ssl=1&resize=350%2C200 1x, https:\/\/i0.wp.com\/www.jazzzeitung.de\/cms\/wp-content\/uploads\/2025\/09\/Botanische-Supernova-mit-schwarzem-Loch-in-der-Naehe-von-Terra-Nova.jpg?fit=1200%2C900&ssl=1&resize=525%2C300 1.5x, https:\/\/i0.wp.com\/www.jazzzeitung.de\/cms\/wp-content\/uploads\/2025\/09\/Botanische-Supernova-mit-schwarzem-Loch-in-der-Naehe-von-Terra-Nova.jpg?fit=1200%2C900&ssl=1&resize=700%2C400 2x, https:\/\/i0.wp.com\/www.jazzzeitung.de\/cms\/wp-content\/uploads\/2025\/09\/Botanische-Supernova-mit-schwarzem-Loch-in-der-Naehe-von-Terra-Nova.jpg?fit=1200%2C900&ssl=1&resize=1050%2C600 3x"},"classes":[]},{"id":31928,"url":"https:\/\/www.jazzzeitung.de\/cms\/2024\/11\/die-geschmolzene-jazz-radiowoche-vom-25-11-2024-bis-01-12-2024\/","url_meta":{"origin":32196,"position":1},"title":"Die geschmolzene Jazz-Radiowoche vom 25.11.2024 bis 01.12.2024","author":"Martin Hufner","date":"24. November 2024","format":false,"excerpt":"Jazz im Radio \u2013 Jeden Sonntag gibt es um 12 Uhr unsere \u00dcbersicht f\u00fcr die jeweils nachfolgende Woche. Die #Jazz-Radiowoche vom 25. November bis zum 1. Dezember 2024. Erheblich ausged\u00fcnnt. Die ARD schafft ihr Radio gewisserma\u00dfen ab. Auch als PDF zum Download \u2013 #Jazz #JazzZeitung #Radio #Radiowoche \u2013 Ein Service\u2026","rel":"","context":"In &quot;News&quot;","block_context":{"text":"News","link":"https:\/\/www.jazzzeitung.de\/cms\/thema\/nachrichten\/"},"img":{"alt_text":"zugfahrt 2023 1. MH","src":"https:\/\/i0.wp.com\/www.jazzzeitung.de\/cms\/wp-content\/uploads\/2024\/11\/zugfahrt2023-1.-MH.jpg?fit=1200%2C900&ssl=1&resize=350%2C200","width":350,"height":200,"srcset":"https:\/\/i0.wp.com\/www.jazzzeitung.de\/cms\/wp-content\/uploads\/2024\/11\/zugfahrt2023-1.-MH.jpg?fit=1200%2C900&ssl=1&resize=350%2C200 1x, https:\/\/i0.wp.com\/www.jazzzeitung.de\/cms\/wp-content\/uploads\/2024\/11\/zugfahrt2023-1.-MH.jpg?fit=1200%2C900&ssl=1&resize=525%2C300 1.5x, https:\/\/i0.wp.com\/www.jazzzeitung.de\/cms\/wp-content\/uploads\/2024\/11\/zugfahrt2023-1.-MH.jpg?fit=1200%2C900&ssl=1&resize=700%2C400 2x, https:\/\/i0.wp.com\/www.jazzzeitung.de\/cms\/wp-content\/uploads\/2024\/11\/zugfahrt2023-1.-MH.jpg?fit=1200%2C900&ssl=1&resize=1050%2C600 3x"},"classes":[]},{"id":33149,"url":"https:\/\/www.jazzzeitung.de\/cms\/2025\/10\/die-protonenfette-jazz-radiowoche-vom-06-10-2025-bis-12-10-2025-2\/","url_meta":{"origin":32196,"position":2},"title":"Die atomgro\u00dfe Jazz-Radiowoche vom 06.10.2025 bis 12.10.2025","author":"Martin Hufner","date":"5. Oktober 2025","format":false,"excerpt":"Jazz im Radio \u2013 Jeden Sonntag gibt es um 12 Uhr unsere \u00dcbersicht f\u00fcr die jeweils nachfolgende Woche. Die #Jazz-Radiowoche vom 06.10. bis zum 12.10.2025. Erheblich d\u00fcnn! Auch als PDF zum Download \u2013 #Jazz #JazzZeitung #Radio #Radiowoche \u2013 Ein Service unserer Online-Redaktion.","rel":"","context":"In &quot;News&quot;","block_context":{"text":"News","link":"https:\/\/www.jazzzeitung.de\/cms\/thema\/nachrichten\/"},"img":{"alt_text":"Im G\u00e4stezimmer des Lebens. Foto: Hufner","src":"https:\/\/i0.wp.com\/www.jazzzeitung.de\/cms\/wp-content\/uploads\/2025\/10\/gaestezimmer.jpg?fit=960%2C1200&ssl=1&resize=350%2C200","width":350,"height":200,"srcset":"https:\/\/i0.wp.com\/www.jazzzeitung.de\/cms\/wp-content\/uploads\/2025\/10\/gaestezimmer.jpg?fit=960%2C1200&ssl=1&resize=350%2C200 1x, https:\/\/i0.wp.com\/www.jazzzeitung.de\/cms\/wp-content\/uploads\/2025\/10\/gaestezimmer.jpg?fit=960%2C1200&ssl=1&resize=525%2C300 1.5x, https:\/\/i0.wp.com\/www.jazzzeitung.de\/cms\/wp-content\/uploads\/2025\/10\/gaestezimmer.jpg?fit=960%2C1200&ssl=1&resize=700%2C400 2x"},"classes":[]},{"id":32452,"url":"https:\/\/www.jazzzeitung.de\/cms\/2025\/04\/die-eingeschmolzene-jazz-radiowoche-vom-21-04-2025-bis-27-04-2025\/","url_meta":{"origin":32196,"position":3},"title":"Die eingeschmolzene Jazz-Radiowoche vom 21.04.2025 bis 27.04.2025","author":"Martin Hufner","date":"20. April 2025","format":false,"excerpt":"Jazz im Radio \u2013 Jeden Sonntag gibt es um 12 Uhr unsere \u00dcbersicht f\u00fcr die jeweils nachfolgende Woche. Die #Jazz-Radiowoche vom 21. bis 27. April 2025. Erheblich ausged\u00fcnnt. Auch als PDF zum Download \u2013 #Jazz #JazzZeitung #Radio #Radiowoche \u2013 Ein Service unserer Online-Redaktion.","rel":"","context":"In &quot;News&quot;","block_context":{"text":"News","link":"https:\/\/www.jazzzeitung.de\/cms\/thema\/nachrichten\/"},"img":{"alt_text":"Kn\u00f6pfe. Foto: Hufner","src":"https:\/\/i0.wp.com\/www.jazzzeitung.de\/cms\/wp-content\/uploads\/2025\/04\/knoepfe.jpg?fit=1200%2C900&ssl=1&resize=350%2C200","width":350,"height":200,"srcset":"https:\/\/i0.wp.com\/www.jazzzeitung.de\/cms\/wp-content\/uploads\/2025\/04\/knoepfe.jpg?fit=1200%2C900&ssl=1&resize=350%2C200 1x, https:\/\/i0.wp.com\/www.jazzzeitung.de\/cms\/wp-content\/uploads\/2025\/04\/knoepfe.jpg?fit=1200%2C900&ssl=1&resize=525%2C300 1.5x, https:\/\/i0.wp.com\/www.jazzzeitung.de\/cms\/wp-content\/uploads\/2025\/04\/knoepfe.jpg?fit=1200%2C900&ssl=1&resize=700%2C400 2x, https:\/\/i0.wp.com\/www.jazzzeitung.de\/cms\/wp-content\/uploads\/2025\/04\/knoepfe.jpg?fit=1200%2C900&ssl=1&resize=1050%2C600 3x"},"classes":[]},{"id":33293,"url":"https:\/\/www.jazzzeitung.de\/cms\/2025\/11\/die-quarksminimale-jazz-radiowoche-vom-03-11-2025-bis-09-11-2025\/","url_meta":{"origin":32196,"position":4},"title":"Die quarksminimale Jazz-Radiowoche vom 03.11.2025 bis 09.11.2025","author":"Martin Hufner","date":"2. November 2025","format":false,"excerpt":"Jazz im Radio \u2013 Jeden Sonntag gibt es um 12 Uhr unsere \u00dcbersicht f\u00fcr die jeweils nachfolgende Woche. Die #Jazz-Radiowoche vom 03.11. bis zum 09.11.2025. Erheblich d\u00fcnn! Auch als PDF zum Download \u2013 #Jazz #JazzZeitung #Radio #Radiowoche \u2013 Ein Service unserer Online-Redaktion.","rel":"","context":"In &quot;News&quot;","block_context":{"text":"News","link":"https:\/\/www.jazzzeitung.de\/cms\/thema\/nachrichten\/"},"img":{"alt_text":"Holzstapel. Foto: Hufner","src":"https:\/\/i0.wp.com\/www.jazzzeitung.de\/cms\/wp-content\/uploads\/2025\/10\/Wie-viel.jpg?fit=1200%2C900&ssl=1&resize=350%2C200","width":350,"height":200,"srcset":"https:\/\/i0.wp.com\/www.jazzzeitung.de\/cms\/wp-content\/uploads\/2025\/10\/Wie-viel.jpg?fit=1200%2C900&ssl=1&resize=350%2C200 1x, https:\/\/i0.wp.com\/www.jazzzeitung.de\/cms\/wp-content\/uploads\/2025\/10\/Wie-viel.jpg?fit=1200%2C900&ssl=1&resize=525%2C300 1.5x, https:\/\/i0.wp.com\/www.jazzzeitung.de\/cms\/wp-content\/uploads\/2025\/10\/Wie-viel.jpg?fit=1200%2C900&ssl=1&resize=700%2C400 2x, https:\/\/i0.wp.com\/www.jazzzeitung.de\/cms\/wp-content\/uploads\/2025\/10\/Wie-viel.jpg?fit=1200%2C900&ssl=1&resize=1050%2C600 3x"},"classes":[]},{"id":32215,"url":"https:\/\/www.jazzzeitung.de\/cms\/2025\/02\/die-eingeschmolzene-jazz-radiowoche-vom-17-02-2025-bis-23-02-2025\/","url_meta":{"origin":32196,"position":5},"title":"Die eingeschmolzene Jazz-Radiowoche vom 17.02.2025 bis 23.02.2025","author":"Martin Hufner","date":"16. Februar 2025","format":false,"excerpt":"Jazz im Radio \u2013 Jeden Sonntag gibt es um 12 Uhr unsere \u00dcbersicht f\u00fcr die jeweils nachfolgende Woche. Die #Jazz-Radiowoche vom 10. bis 16. Februar 2025. Erheblich ausged\u00fcnnt. Die ARD schafft ihr Radio gewisserma\u00dfen ab. Auch als PDF zum Download \u2013 #Jazz #JazzZeitung #Radio #Radiowoche \u2013 Ein Service unserer Online-Redaktion.","rel":"","context":"In &quot;News&quot;","block_context":{"text":"News","link":"https:\/\/www.jazzzeitung.de\/cms\/thema\/nachrichten\/"},"img":{"alt_text":"Kunst vorm Bau. Foto: Hufner","src":"https:\/\/i0.wp.com\/www.jazzzeitung.de\/cms\/wp-content\/uploads\/2025\/02\/kunstvormbau.jpg?fit=1080%2C939&ssl=1&resize=350%2C200","width":350,"height":200,"srcset":"https:\/\/i0.wp.com\/www.jazzzeitung.de\/cms\/wp-content\/uploads\/2025\/02\/kunstvormbau.jpg?fit=1080%2C939&ssl=1&resize=350%2C200 1x, https:\/\/i0.wp.com\/www.jazzzeitung.de\/cms\/wp-content\/uploads\/2025\/02\/kunstvormbau.jpg?fit=1080%2C939&ssl=1&resize=525%2C300 1.5x, https:\/\/i0.wp.com\/www.jazzzeitung.de\/cms\/wp-content\/uploads\/2025\/02\/kunstvormbau.jpg?fit=1080%2C939&ssl=1&resize=700%2C400 2x, https:\/\/i0.wp.com\/www.jazzzeitung.de\/cms\/wp-content\/uploads\/2025\/02\/kunstvormbau.jpg?fit=1080%2C939&ssl=1&resize=1050%2C600 3x"},"classes":[]}],"jetpack_sharing_enabled":false,"_links":{"self":[{"href":"https:\/\/www.jazzzeitung.de\/cms\/wp-json\/wp\/v2\/posts\/32196","targetHints":{"allow":["GET"]}}],"collection":[{"href":"https:\/\/www.jazzzeitung.de\/cms\/wp-json\/wp\/v2\/posts"}],"about":[{"href":"https:\/\/www.jazzzeitung.de\/cms\/wp-json\/wp\/v2\/types\/post"}],"author":[{"embeddable":true,"href":"https:\/\/www.jazzzeitung.de\/cms\/wp-json\/wp\/v2\/users\/1"}],"replies":[{"embeddable":true,"href":"https:\/\/www.jazzzeitung.de\/cms\/wp-json\/wp\/v2\/comments?post=32196"}],"version-history":[{"count":1,"href":"https:\/\/www.jazzzeitung.de\/cms\/wp-json\/wp\/v2\/posts\/32196\/revisions"}],"predecessor-version":[{"id":32198,"href":"https:\/\/www.jazzzeitung.de\/cms\/wp-json\/wp\/v2\/posts\/32196\/revisions\/32198"}],"wp:featuredmedia":[{"embeddable":true,"href":"https:\/\/www.jazzzeitung.de\/cms\/wp-json\/wp\/v2\/media\/32197"}],"wp:attachment":[{"href":"https:\/\/www.jazzzeitung.de\/cms\/wp-json\/wp\/v2\/media?parent=32196"}],"wp:term":[{"taxonomy":"category","embeddable":true,"href":"https:\/\/www.jazzzeitung.de\/cms\/wp-json\/wp\/v2\/categories?post=32196"},{"taxonomy":"post_tag","embeddable":true,"href":"https:\/\/www.jazzzeitung.de\/cms\/wp-json\/wp\/v2\/tags?post=32196"},{"taxonomy":"author","embeddable":true,"href":"https:\/\/www.jazzzeitung.de\/cms\/wp-json\/wp\/v2\/coauthors?post=32196"}],"curies":[{"name":"wp","href":"https:\/\/api.w.org\/{rel}","templated":true}]}}