{"id":32104,"date":"2025-01-16T12:51:01","date_gmt":"2025-01-16T11:51:01","guid":{"rendered":"https:\/\/www.jazzzeitung.de\/cms\/?p=32104"},"modified":"2025-02-14T14:59:34","modified_gmt":"2025-02-14T13:59:34","slug":"hier-ist-die-musik-welt-noch-in-ordnung-eindruecke-vom-internationalen-jazzfestival-muenster","status":"publish","type":"post","link":"https:\/\/www.jazzzeitung.de\/cms\/2025\/01\/hier-ist-die-musik-welt-noch-in-ordnung-eindruecke-vom-internationalen-jazzfestival-muenster\/","title":{"rendered":"Hier ist die Musik-Welt noch in Ordnung: Eindr\u00fccke vom Internationalen Jazzfestival M\u00fcnster"},"content":{"rendered":"<p><strong>Das Internationale Jazzfestival M\u00fcnster beginnt eigentlich stets mit Neujahrsw\u00fcnschen. Findet es doch alle zwei Jahre (in den gerade gibt es inzwischen die \u201eShort Cuts\u201c mit nur einem Tag) am ersten Wochenende des Jahres statt, was einen also diesmal gleich am 3. Januar ins Theater der Stadt f\u00fchrte, dieses wundervolle F\u00fcnfzigerjahre-Juwel. Ein friedvolleres neues Jahr als das abgelaufene w\u00fcnschte also Festivalleiter Fritz Schm\u00fccker und kam wie vor zwei Jahren angesichts des Zustandes der Welt nicht umhin, darauf hinzuweisen, wie privilegiert man hier sei, bei einer vorbildhaften Zusammenkunft im Geiste des Miteinanders. Tats\u00e4chlich kam einem von fern angereisten Betrachter das Festival in vielerlei Hinsicht wie eine Insel der Seligen vor. Doch dazu sp\u00e4ter mehr.<\/strong><\/p>\n<p>Den Gedanken des Miteinanders wie den Titel \u201eInternational\u201c h\u00e4tte das Auftaktkonzert kaum besser illustrieren k\u00f6nnen: Im 13-k\u00f6pfigen Amsterdamer <em>Brainteaser Orchestra<\/em> des jungen Gro\u00dfensemble-Masterminds Tyn Wybenga sa\u00dfen einschlie\u00dflich des Stargastes Theo Ceccaldi Frauen und M\u00e4nner aus acht Nationen. Und schufen zusammen wie schon beim gefeierten Auftritt in Saalfelden wahrlich grenzenlose Klanglandschaften.<\/p>\n<div class=\"tiled-gallery type-rectangular tiled-gallery-unresized\" data-original-width=\"840\" data-carousel-extra='{&quot;blog_id&quot;:1,&quot;permalink&quot;:&quot;https:\\\/\\\/www.jazzzeitung.de\\\/cms\\\/2025\\\/01\\\/hier-ist-die-musik-welt-noch-in-ordnung-eindruecke-vom-internationalen-jazzfestival-muenster\\\/&quot;,&quot;likes_blog_id&quot;:55446655}' itemscope itemtype=\"http:\/\/schema.org\/ImageGallery\" > <div class=\"gallery-row\" style=\"width: 840px; height: 135px;\" data-original-width=\"840\" data-original-height=\"135\" > <div class=\"gallery-group images-1\" style=\"width: 237px; height: 135px;\" data-original-width=\"237\" data-original-height=\"135\" > <div class=\"tiled-gallery-item tiled-gallery-item-small\" itemprop=\"associatedMedia\" itemscope itemtype=\"http:\/\/schema.org\/ImageObject\"> <a href=\"https:\/\/www.jazzzeitung.de\/cms\/2025\/01\/hier-ist-die-musik-welt-noch-in-ordnung-eindruecke-vom-internationalen-jazzfestival-muenster\/brainteaser2_oliverhochkeppel040125\/\" border=\"0\" itemprop=\"url\"> <meta itemprop=\"width\" content=\"233\"> <meta itemprop=\"height\" content=\"131\"> <img decoding=\"async\" class=\"\" data-attachment-id=\"32107\" data-orig-file=\"https:\/\/www.jazzzeitung.de\/cms\/wp-content\/uploads\/2025\/01\/Brainteaser2_OliverHochkeppel040125-scaled.jpg\" data-orig-size=\"2560,1437\" data-comments-opened=\"1\" data-image-meta=\"{&quot;aperture&quot;:&quot;0&quot;,&quot;credit&quot;:&quot;&quot;,&quot;camera&quot;:&quot;ILCE-7M3&quot;,&quot;caption&quot;:&quot;&quot;,&quot;created_timestamp&quot;:&quot;1735930358&quot;,&quot;copyright&quot;:&quot;&quot;,&quot;focal_length&quot;:&quot;0&quot;,&quot;iso&quot;:&quot;5000&quot;,&quot;shutter_speed&quot;:&quot;0&quot;,&quot;title&quot;:&quot;&quot;,&quot;orientation&quot;:&quot;0&quot;}\" data-image-title=\"\" data-image-description=\"\" data-medium-file=\"https:\/\/i0.wp.com\/www.jazzzeitung.de\/cms\/wp-content\/uploads\/2025\/01\/Brainteaser2_OliverHochkeppel040125-scaled.jpg?fit=300%2C168&#038;ssl=1\" data-large-file=\"https:\/\/i0.wp.com\/www.jazzzeitung.de\/cms\/wp-content\/uploads\/2025\/01\/Brainteaser2_OliverHochkeppel040125-scaled.jpg?fit=840%2C471&#038;ssl=1\" src=\"https:\/\/i0.wp.com\/www.jazzzeitung.de\/cms\/wp-content\/uploads\/2025\/01\/Brainteaser2_OliverHochkeppel040125-scaled.jpg?w=233&#038;h=131&#038;ssl=1\" srcset=\"https:\/\/i0.wp.com\/www.jazzzeitung.de\/cms\/wp-content\/uploads\/2025\/01\/Brainteaser2_OliverHochkeppel040125-scaled.jpg?w=2560&amp;ssl=1 2560w, https:\/\/i0.wp.com\/www.jazzzeitung.de\/cms\/wp-content\/uploads\/2025\/01\/Brainteaser2_OliverHochkeppel040125-scaled.jpg?resize=300%2C168&amp;ssl=1 300w, https:\/\/i0.wp.com\/www.jazzzeitung.de\/cms\/wp-content\/uploads\/2025\/01\/Brainteaser2_OliverHochkeppel040125-scaled.jpg?resize=900%2C505&amp;ssl=1 900w, https:\/\/i0.wp.com\/www.jazzzeitung.de\/cms\/wp-content\/uploads\/2025\/01\/Brainteaser2_OliverHochkeppel040125-scaled.jpg?resize=768%2C431&amp;ssl=1 768w, https:\/\/i0.wp.com\/www.jazzzeitung.de\/cms\/wp-content\/uploads\/2025\/01\/Brainteaser2_OliverHochkeppel040125-scaled.jpg?resize=1536%2C862&amp;ssl=1 1536w, https:\/\/i0.wp.com\/www.jazzzeitung.de\/cms\/wp-content\/uploads\/2025\/01\/Brainteaser2_OliverHochkeppel040125-scaled.jpg?resize=2048%2C1149&amp;ssl=1 2048w, https:\/\/i0.wp.com\/www.jazzzeitung.de\/cms\/wp-content\/uploads\/2025\/01\/Brainteaser2_OliverHochkeppel040125-scaled.jpg?resize=1320%2C741&amp;ssl=1 1320w, https:\/\/i0.wp.com\/www.jazzzeitung.de\/cms\/wp-content\/uploads\/2025\/01\/Brainteaser2_OliverHochkeppel040125-scaled.jpg?w=1680&amp;ssl=1 1680w\" width=\"233\" height=\"131\" loading=\"lazy\" data-original-width=\"233\" data-original-height=\"131\" itemprop=\"http:\/\/schema.org\/image\" title=\"\" alt=\"Brainteaser: Foto: Oliver Hochkeppel\" style=\"width: 233px; height: 131px;\" \/> <\/a> <div class=\"tiled-gallery-caption\" itemprop=\"caption description\"> Brainteaser: Foto: Oliver Hochkeppel <\/div> <\/div> <\/div> <!-- close group --> <div class=\"gallery-group images-1\" style=\"width: 202px; height: 135px;\" data-original-width=\"202\" data-original-height=\"135\" > <div class=\"tiled-gallery-item tiled-gallery-item-small\" itemprop=\"associatedMedia\" itemscope itemtype=\"http:\/\/schema.org\/ImageObject\"> <a href=\"https:\/\/www.jazzzeitung.de\/cms\/2025\/01\/hier-ist-die-musik-welt-noch-in-ordnung-eindruecke-vom-internationalen-jazzfestival-muenster\/brainteasernabou1_oliverhochkeppel040125\/\" border=\"0\" itemprop=\"url\"> <meta itemprop=\"width\" content=\"198\"> <meta itemprop=\"height\" content=\"131\"> <img decoding=\"async\" class=\"\" data-attachment-id=\"32108\" data-orig-file=\"https:\/\/www.jazzzeitung.de\/cms\/wp-content\/uploads\/2025\/01\/BrainteaserNabou1_OliverHochkeppel040125-scaled.jpg\" data-orig-size=\"2560,1696\" data-comments-opened=\"1\" data-image-meta=\"{&quot;aperture&quot;:&quot;8&quot;,&quot;credit&quot;:&quot;&quot;,&quot;camera&quot;:&quot;ILCE-7M3&quot;,&quot;caption&quot;:&quot;&quot;,&quot;created_timestamp&quot;:&quot;1735930137&quot;,&quot;copyright&quot;:&quot;&quot;,&quot;focal_length&quot;:&quot;161&quot;,&quot;iso&quot;:&quot;5000&quot;,&quot;shutter_speed&quot;:&quot;0.01&quot;,&quot;title&quot;:&quot;&quot;,&quot;orientation&quot;:&quot;0&quot;}\" data-image-title=\"\" data-image-description=\"\" data-medium-file=\"https:\/\/i0.wp.com\/www.jazzzeitung.de\/cms\/wp-content\/uploads\/2025\/01\/BrainteaserNabou1_OliverHochkeppel040125-scaled.jpg?fit=300%2C199&#038;ssl=1\" data-large-file=\"https:\/\/i0.wp.com\/www.jazzzeitung.de\/cms\/wp-content\/uploads\/2025\/01\/BrainteaserNabou1_OliverHochkeppel040125-scaled.jpg?fit=840%2C556&#038;ssl=1\" src=\"https:\/\/i0.wp.com\/www.jazzzeitung.de\/cms\/wp-content\/uploads\/2025\/01\/BrainteaserNabou1_OliverHochkeppel040125-scaled.jpg?w=198&#038;h=131&#038;ssl=1\" srcset=\"https:\/\/i0.wp.com\/www.jazzzeitung.de\/cms\/wp-content\/uploads\/2025\/01\/BrainteaserNabou1_OliverHochkeppel040125-scaled.jpg?w=2560&amp;ssl=1 2560w, https:\/\/i0.wp.com\/www.jazzzeitung.de\/cms\/wp-content\/uploads\/2025\/01\/BrainteaserNabou1_OliverHochkeppel040125-scaled.jpg?resize=300%2C199&amp;ssl=1 300w, https:\/\/i0.wp.com\/www.jazzzeitung.de\/cms\/wp-content\/uploads\/2025\/01\/BrainteaserNabou1_OliverHochkeppel040125-scaled.jpg?resize=900%2C596&amp;ssl=1 900w, https:\/\/i0.wp.com\/www.jazzzeitung.de\/cms\/wp-content\/uploads\/2025\/01\/BrainteaserNabou1_OliverHochkeppel040125-scaled.jpg?resize=768%2C509&amp;ssl=1 768w, https:\/\/i0.wp.com\/www.jazzzeitung.de\/cms\/wp-content\/uploads\/2025\/01\/BrainteaserNabou1_OliverHochkeppel040125-scaled.jpg?resize=1536%2C1018&amp;ssl=1 1536w, https:\/\/i0.wp.com\/www.jazzzeitung.de\/cms\/wp-content\/uploads\/2025\/01\/BrainteaserNabou1_OliverHochkeppel040125-scaled.jpg?resize=2048%2C1357&amp;ssl=1 2048w, https:\/\/i0.wp.com\/www.jazzzeitung.de\/cms\/wp-content\/uploads\/2025\/01\/BrainteaserNabou1_OliverHochkeppel040125-scaled.jpg?resize=120%2C80&amp;ssl=1 120w, https:\/\/i0.wp.com\/www.jazzzeitung.de\/cms\/wp-content\/uploads\/2025\/01\/BrainteaserNabou1_OliverHochkeppel040125-scaled.jpg?resize=1320%2C875&amp;ssl=1 1320w, https:\/\/i0.wp.com\/www.jazzzeitung.de\/cms\/wp-content\/uploads\/2025\/01\/BrainteaserNabou1_OliverHochkeppel040125-scaled.jpg?w=1680&amp;ssl=1 1680w\" width=\"198\" height=\"131\" loading=\"lazy\" data-original-width=\"198\" data-original-height=\"131\" itemprop=\"http:\/\/schema.org\/image\" title=\"\" alt=\"Brainteaser: Nabou Claerhout. Foto: OliverHochkeppel\" style=\"width: 198px; height: 131px;\" \/> <\/a> <div class=\"tiled-gallery-caption\" itemprop=\"caption description\"> Brainteaser: Nabou Claerhout. Foto: OliverHochkeppel <\/div> <\/div> <\/div> <!-- close group --> <div class=\"gallery-group images-1\" style=\"width: 200px; height: 135px;\" data-original-width=\"200\" data-original-height=\"135\" > <div class=\"tiled-gallery-item tiled-gallery-item-small\" itemprop=\"associatedMedia\" itemscope itemtype=\"http:\/\/schema.org\/ImageObject\"> <a href=\"https:\/\/www.jazzzeitung.de\/cms\/2025\/01\/hier-ist-die-musik-welt-noch-in-ordnung-eindruecke-vom-internationalen-jazzfestival-muenster\/brainteasertheoceccaldi3_oliverhochkeppel040125\/\" border=\"0\" itemprop=\"url\"> <meta itemprop=\"width\" content=\"196\"> <meta itemprop=\"height\" content=\"131\"> <img decoding=\"async\" class=\"\" data-attachment-id=\"32109\" data-orig-file=\"https:\/\/www.jazzzeitung.de\/cms\/wp-content\/uploads\/2025\/01\/BrainteaserTheoCeccaldi3_OliverHochkeppel040125-scaled.jpg\" data-orig-size=\"2560,1715\" data-comments-opened=\"1\" data-image-meta=\"{&quot;aperture&quot;:&quot;0&quot;,&quot;credit&quot;:&quot;&quot;,&quot;camera&quot;:&quot;ILCE-7M3&quot;,&quot;caption&quot;:&quot;&quot;,&quot;created_timestamp&quot;:&quot;1735931068&quot;,&quot;copyright&quot;:&quot;&quot;,&quot;focal_length&quot;:&quot;0&quot;,&quot;iso&quot;:&quot;5000&quot;,&quot;shutter_speed&quot;:&quot;0&quot;,&quot;title&quot;:&quot;&quot;,&quot;orientation&quot;:&quot;0&quot;}\" data-image-title=\"\" data-image-description=\"\" data-medium-file=\"https:\/\/i0.wp.com\/www.jazzzeitung.de\/cms\/wp-content\/uploads\/2025\/01\/BrainteaserTheoCeccaldi3_OliverHochkeppel040125-scaled.jpg?fit=300%2C201&#038;ssl=1\" data-large-file=\"https:\/\/i0.wp.com\/www.jazzzeitung.de\/cms\/wp-content\/uploads\/2025\/01\/BrainteaserTheoCeccaldi3_OliverHochkeppel040125-scaled.jpg?fit=840%2C563&#038;ssl=1\" src=\"https:\/\/i0.wp.com\/www.jazzzeitung.de\/cms\/wp-content\/uploads\/2025\/01\/BrainteaserTheoCeccaldi3_OliverHochkeppel040125-scaled.jpg?w=196&#038;h=131&#038;ssl=1\" srcset=\"https:\/\/i0.wp.com\/www.jazzzeitung.de\/cms\/wp-content\/uploads\/2025\/01\/BrainteaserTheoCeccaldi3_OliverHochkeppel040125-scaled.jpg?w=2560&amp;ssl=1 2560w, https:\/\/i0.wp.com\/www.jazzzeitung.de\/cms\/wp-content\/uploads\/2025\/01\/BrainteaserTheoCeccaldi3_OliverHochkeppel040125-scaled.jpg?resize=300%2C201&amp;ssl=1 300w, https:\/\/i0.wp.com\/www.jazzzeitung.de\/cms\/wp-content\/uploads\/2025\/01\/BrainteaserTheoCeccaldi3_OliverHochkeppel040125-scaled.jpg?resize=896%2C600&amp;ssl=1 896w, https:\/\/i0.wp.com\/www.jazzzeitung.de\/cms\/wp-content\/uploads\/2025\/01\/BrainteaserTheoCeccaldi3_OliverHochkeppel040125-scaled.jpg?resize=768%2C515&amp;ssl=1 768w, https:\/\/i0.wp.com\/www.jazzzeitung.de\/cms\/wp-content\/uploads\/2025\/01\/BrainteaserTheoCeccaldi3_OliverHochkeppel040125-scaled.jpg?resize=1536%2C1029&amp;ssl=1 1536w, https:\/\/i0.wp.com\/www.jazzzeitung.de\/cms\/wp-content\/uploads\/2025\/01\/BrainteaserTheoCeccaldi3_OliverHochkeppel040125-scaled.jpg?resize=2048%2C1372&amp;ssl=1 2048w, https:\/\/i0.wp.com\/www.jazzzeitung.de\/cms\/wp-content\/uploads\/2025\/01\/BrainteaserTheoCeccaldi3_OliverHochkeppel040125-scaled.jpg?resize=120%2C80&amp;ssl=1 120w, https:\/\/i0.wp.com\/www.jazzzeitung.de\/cms\/wp-content\/uploads\/2025\/01\/BrainteaserTheoCeccaldi3_OliverHochkeppel040125-scaled.jpg?resize=1320%2C884&amp;ssl=1 1320w, https:\/\/i0.wp.com\/www.jazzzeitung.de\/cms\/wp-content\/uploads\/2025\/01\/BrainteaserTheoCeccaldi3_OliverHochkeppel040125-scaled.jpg?w=1680&amp;ssl=1 1680w\" width=\"196\" height=\"131\" loading=\"lazy\" data-original-width=\"196\" data-original-height=\"131\" itemprop=\"http:\/\/schema.org\/image\" title=\"\" alt=\"Brainteaser: Theo Ceccaldi. Foto: Oliver Hochkeppel\" style=\"width: 196px; height: 131px;\" \/> <\/a> <div class=\"tiled-gallery-caption\" itemprop=\"caption description\"> Brainteaser: Theo Ceccaldi. Foto: Oliver Hochkeppel <\/div> <\/div> <\/div> <!-- close group --> <div class=\"gallery-group images-1\" style=\"width: 201px; height: 135px;\" data-original-width=\"201\" data-original-height=\"135\" > <div class=\"tiled-gallery-item tiled-gallery-item-small\" itemprop=\"associatedMedia\" itemscope itemtype=\"http:\/\/schema.org\/ImageObject\"> <a href=\"https:\/\/www.jazzzeitung.de\/cms\/2025\/01\/hier-ist-die-musik-welt-noch-in-ordnung-eindruecke-vom-internationalen-jazzfestival-muenster\/brainteaseryannapelser1_oliverhochkeppel040125\/\" border=\"0\" itemprop=\"url\"> <meta itemprop=\"width\" content=\"197\"> <meta itemprop=\"height\" content=\"131\"> <img decoding=\"async\" class=\"\" data-attachment-id=\"32110\" data-orig-file=\"https:\/\/www.jazzzeitung.de\/cms\/wp-content\/uploads\/2025\/01\/BrainteaserYannaPelser1_OliverHochkeppel040125-scaled.jpg\" data-orig-size=\"2560,1703\" data-comments-opened=\"1\" data-image-meta=\"{&quot;aperture&quot;:&quot;0&quot;,&quot;credit&quot;:&quot;&quot;,&quot;camera&quot;:&quot;ILCE-7M3&quot;,&quot;caption&quot;:&quot;&quot;,&quot;created_timestamp&quot;:&quot;1735930190&quot;,&quot;copyright&quot;:&quot;&quot;,&quot;focal_length&quot;:&quot;0&quot;,&quot;iso&quot;:&quot;5000&quot;,&quot;shutter_speed&quot;:&quot;0&quot;,&quot;title&quot;:&quot;&quot;,&quot;orientation&quot;:&quot;0&quot;}\" data-image-title=\"\" data-image-description=\"\" data-medium-file=\"https:\/\/i0.wp.com\/www.jazzzeitung.de\/cms\/wp-content\/uploads\/2025\/01\/BrainteaserYannaPelser1_OliverHochkeppel040125-scaled.jpg?fit=300%2C200&#038;ssl=1\" data-large-file=\"https:\/\/i0.wp.com\/www.jazzzeitung.de\/cms\/wp-content\/uploads\/2025\/01\/BrainteaserYannaPelser1_OliverHochkeppel040125-scaled.jpg?fit=840%2C560&#038;ssl=1\" src=\"https:\/\/i0.wp.com\/www.jazzzeitung.de\/cms\/wp-content\/uploads\/2025\/01\/BrainteaserYannaPelser1_OliverHochkeppel040125-scaled.jpg?w=197&#038;h=131&#038;ssl=1\" srcset=\"https:\/\/i0.wp.com\/www.jazzzeitung.de\/cms\/wp-content\/uploads\/2025\/01\/BrainteaserYannaPelser1_OliverHochkeppel040125-scaled.jpg?w=2560&amp;ssl=1 2560w, https:\/\/i0.wp.com\/www.jazzzeitung.de\/cms\/wp-content\/uploads\/2025\/01\/BrainteaserYannaPelser1_OliverHochkeppel040125-scaled.jpg?resize=300%2C200&amp;ssl=1 300w, https:\/\/i0.wp.com\/www.jazzzeitung.de\/cms\/wp-content\/uploads\/2025\/01\/BrainteaserYannaPelser1_OliverHochkeppel040125-scaled.jpg?resize=900%2C600&amp;ssl=1 900w, https:\/\/i0.wp.com\/www.jazzzeitung.de\/cms\/wp-content\/uploads\/2025\/01\/BrainteaserYannaPelser1_OliverHochkeppel040125-scaled.jpg?resize=768%2C511&amp;ssl=1 768w, https:\/\/i0.wp.com\/www.jazzzeitung.de\/cms\/wp-content\/uploads\/2025\/01\/BrainteaserYannaPelser1_OliverHochkeppel040125-scaled.jpg?resize=1536%2C1022&amp;ssl=1 1536w, https:\/\/i0.wp.com\/www.jazzzeitung.de\/cms\/wp-content\/uploads\/2025\/01\/BrainteaserYannaPelser1_OliverHochkeppel040125-scaled.jpg?resize=2048%2C1362&amp;ssl=1 2048w, https:\/\/i0.wp.com\/www.jazzzeitung.de\/cms\/wp-content\/uploads\/2025\/01\/BrainteaserYannaPelser1_OliverHochkeppel040125-scaled.jpg?resize=120%2C80&amp;ssl=1 120w, https:\/\/i0.wp.com\/www.jazzzeitung.de\/cms\/wp-content\/uploads\/2025\/01\/BrainteaserYannaPelser1_OliverHochkeppel040125-scaled.jpg?resize=1320%2C878&amp;ssl=1 1320w, https:\/\/i0.wp.com\/www.jazzzeitung.de\/cms\/wp-content\/uploads\/2025\/01\/BrainteaserYannaPelser1_OliverHochkeppel040125-scaled.jpg?w=1680&amp;ssl=1 1680w\" width=\"197\" height=\"131\" loading=\"lazy\" data-original-width=\"197\" data-original-height=\"131\" itemprop=\"http:\/\/schema.org\/image\" title=\"\" alt=\"Brainteaser: Yanna Pelser. Foto: OliverHochkeppel\" style=\"width: 197px; height: 131px;\" \/> <\/a> <div class=\"tiled-gallery-caption\" itemprop=\"caption description\"> Brainteaser: Yanna Pelser. Foto: OliverHochkeppel <\/div> <\/div> <\/div> <!-- close group --> <\/div> <!-- close row --> <\/div>\n<p>A propos Saalfelden: Beide in manchem \u00e4hnliche Festivals verlangen dem Besucher einiges ab. In M\u00fcnster hei\u00dft das: Jeweils vier Stunden-Konzerte im gro\u00dfen Haus, dazu samstags und sonntags noch jeweils zwei im kleinen Haus (dort gab es Sonntagvormittag obendrein ein Familien-Konzert) und eine Mittagsimprovisation in der Dominikanerkirche. Macht zusammen 19 Konzerte in drei Tagen. Das ist viel Musik, und zumeist nicht einfach durchh\u00f6rbare. Dass man trotzdem aufmerksam und am Ball bleibt, ist nicht zuletzt der Dramaturgie von Fritz Schm\u00fcckers stets ausgebuffter Programmierung zu verdanken: Ein syn\u00e4sthetisch konzipiertes Puzzle, bei dem am Ende jedes Teil am richtigen Platz sitzt.<\/p>\n<p>Schm\u00fcckers zeigt sich in der gerne zitierten \u201e\u00c4sthetik der Kontraste\u201c. Die wird inszeniert mit einem \u201eWho is Who des unbekannten Jazz\u201c (wie ein Kritiker einmal treffend schrieb), das \u00fcberwiegend neue Formationen und Projekten dem hiesigen Publikum erstmals vorstellt \u2013 diesmal waren es acht Urauff\u00fchrungen und Deutschland-Premieren. Es stehen also genau die Aspekte und Protagonisten im Mittelpunkt, die den erweiterten Jazz seit l\u00e4ngerem zum spannendsten Musikgenre machen \u2013 auch wenn das au\u00dferhalb der \u201eSzene\u201c kaum mehr jemand mitbekommt.<\/p>\n<p>Schm\u00fccker hat in vielen Dienstjahren ein enormes Gesp\u00fcr f\u00fcr die kommenden Gr\u00f6\u00dfen entwickelt. Seit genau 40 Jahren dient er nun dem Festival, und nachdem dieses bei der vergangenen Ausgabe Jubil\u00e4um feierte, war nun er an der Reihe: Sein Team \u00fcberreichte ihm als Geschenk eine Flasche Maracuja-Saft (eine Anspielung darauf, dass Schm\u00fccker keinen Alkohol trinkt) und einen selbstgebastelten roten Miniaturfl\u00fcgel \u2013 der rote Steinway war bis vor zwei Ausgaben ein Markenzeichen des Festivals, bis ihn der Sponsor verkaufen musste.<\/p>\n<p>Vom Instrument zur\u00fcck zu den Instrumentalisten. Wie immer fanden sich einige vertraute Gesichter im Programm. Die 31-j\u00e4hrige belgische Posaunistin Nabou Claerhout etwa, eine der Entdeckungen im europ\u00e4ischen Jazz der j\u00fcngsten Zeit, war schon vor zwei Jahren mit ihrem angestammten Quartett hier. Nun sa\u00df sie gleich zur Er\u00f6ffnung im <em>Brainteaser Orchestra<\/em>, um tags darauf ihr neues Trio mit Rainier Baas und Jamie Peet durch den Bassisten Glenn Gaddum zum Quartett erweitert Premiere feiern zu lassen. Und das mit einem energiegeladenen, komplexen und trotzdem in sich ruhenden, alle vier Ausnahme-Instrumentalisten voll zur Geltung bringenden Vortrag, der definitiv ein H\u00f6hepunkt des Festivals war.<\/p>\n<div class=\"tiled-gallery type-rectangular tiled-gallery-unresized\" data-original-width=\"840\" data-carousel-extra='{&quot;blog_id&quot;:1,&quot;permalink&quot;:&quot;https:\\\/\\\/www.jazzzeitung.de\\\/cms\\\/2025\\\/01\\\/hier-ist-die-musik-welt-noch-in-ordnung-eindruecke-vom-internationalen-jazzfestival-muenster\\\/&quot;,&quot;likes_blog_id&quot;:55446655}' itemscope itemtype=\"http:\/\/schema.org\/ImageGallery\" > <div class=\"gallery-row\" style=\"width: 840px; height: 375px;\" data-original-width=\"840\" data-original-height=\"375\" > <div class=\"gallery-group images-1\" style=\"width: 557px; height: 375px;\" data-original-width=\"557\" data-original-height=\"375\" > <div class=\"tiled-gallery-item tiled-gallery-item-large\" itemprop=\"associatedMedia\" itemscope itemtype=\"http:\/\/schema.org\/ImageObject\"> <a href=\"https:\/\/www.jazzzeitung.de\/cms\/2025\/01\/hier-ist-die-musik-welt-noch-in-ordnung-eindruecke-vom-internationalen-jazzfestival-muenster\/sclavissarahmurcia1_oliverhochkeppel040125\/\" border=\"0\" itemprop=\"url\"> <meta itemprop=\"width\" content=\"553\"> <meta itemprop=\"height\" content=\"371\"> <img decoding=\"async\" class=\"\" data-attachment-id=\"32112\" data-orig-file=\"https:\/\/www.jazzzeitung.de\/cms\/wp-content\/uploads\/2025\/01\/SclavisSarahMurcia1_OliverHochkeppel040125-scaled.jpg\" data-orig-size=\"2560,1717\" data-comments-opened=\"1\" data-image-meta=\"{&quot;aperture&quot;:&quot;13&quot;,&quot;credit&quot;:&quot;&quot;,&quot;camera&quot;:&quot;ILCE-7M3&quot;,&quot;caption&quot;:&quot;&quot;,&quot;created_timestamp&quot;:&quot;1736037886&quot;,&quot;copyright&quot;:&quot;&quot;,&quot;focal_length&quot;:&quot;179&quot;,&quot;iso&quot;:&quot;4000&quot;,&quot;shutter_speed&quot;:&quot;0.01&quot;,&quot;title&quot;:&quot;&quot;,&quot;orientation&quot;:&quot;0&quot;}\" data-image-title=\"\" data-image-description=\"\" data-medium-file=\"https:\/\/i0.wp.com\/www.jazzzeitung.de\/cms\/wp-content\/uploads\/2025\/01\/SclavisSarahMurcia1_OliverHochkeppel040125-scaled.jpg?fit=300%2C201&#038;ssl=1\" data-large-file=\"https:\/\/i0.wp.com\/www.jazzzeitung.de\/cms\/wp-content\/uploads\/2025\/01\/SclavisSarahMurcia1_OliverHochkeppel040125-scaled.jpg?fit=840%2C563&#038;ssl=1\" src=\"https:\/\/i0.wp.com\/www.jazzzeitung.de\/cms\/wp-content\/uploads\/2025\/01\/SclavisSarahMurcia1_OliverHochkeppel040125-scaled.jpg?w=553&#038;h=371&#038;ssl=1\" srcset=\"https:\/\/i0.wp.com\/www.jazzzeitung.de\/cms\/wp-content\/uploads\/2025\/01\/SclavisSarahMurcia1_OliverHochkeppel040125-scaled.jpg?w=2560&amp;ssl=1 2560w, https:\/\/i0.wp.com\/www.jazzzeitung.de\/cms\/wp-content\/uploads\/2025\/01\/SclavisSarahMurcia1_OliverHochkeppel040125-scaled.jpg?resize=300%2C201&amp;ssl=1 300w, https:\/\/i0.wp.com\/www.jazzzeitung.de\/cms\/wp-content\/uploads\/2025\/01\/SclavisSarahMurcia1_OliverHochkeppel040125-scaled.jpg?resize=895%2C600&amp;ssl=1 895w, https:\/\/i0.wp.com\/www.jazzzeitung.de\/cms\/wp-content\/uploads\/2025\/01\/SclavisSarahMurcia1_OliverHochkeppel040125-scaled.jpg?resize=768%2C515&amp;ssl=1 768w, https:\/\/i0.wp.com\/www.jazzzeitung.de\/cms\/wp-content\/uploads\/2025\/01\/SclavisSarahMurcia1_OliverHochkeppel040125-scaled.jpg?resize=1536%2C1030&amp;ssl=1 1536w, https:\/\/i0.wp.com\/www.jazzzeitung.de\/cms\/wp-content\/uploads\/2025\/01\/SclavisSarahMurcia1_OliverHochkeppel040125-scaled.jpg?resize=2048%2C1373&amp;ssl=1 2048w, https:\/\/i0.wp.com\/www.jazzzeitung.de\/cms\/wp-content\/uploads\/2025\/01\/SclavisSarahMurcia1_OliverHochkeppel040125-scaled.jpg?resize=120%2C80&amp;ssl=1 120w, https:\/\/i0.wp.com\/www.jazzzeitung.de\/cms\/wp-content\/uploads\/2025\/01\/SclavisSarahMurcia1_OliverHochkeppel040125-scaled.jpg?resize=1320%2C885&amp;ssl=1 1320w, https:\/\/i0.wp.com\/www.jazzzeitung.de\/cms\/wp-content\/uploads\/2025\/01\/SclavisSarahMurcia1_OliverHochkeppel040125-scaled.jpg?w=1680&amp;ssl=1 1680w\" width=\"553\" height=\"371\" loading=\"lazy\" data-original-width=\"553\" data-original-height=\"371\" itemprop=\"http:\/\/schema.org\/image\" title=\"\" alt=\"Sclavis Projekt India: Sarah Murcia. Foto: OliverHochkeppel040125\" style=\"width: 553px; height: 371px;\" \/> <\/a> <div class=\"tiled-gallery-caption\" itemprop=\"caption description\"> Sclavis Projekt India: Sarah Murcia. Foto: OliverHochkeppel040125 <\/div> <\/div> <\/div> <!-- close group --> <div class=\"gallery-group images-1\" style=\"width: 283px; height: 375px;\" data-original-width=\"283\" data-original-height=\"375\" > <div class=\"tiled-gallery-item tiled-gallery-item-large\" itemprop=\"associatedMedia\" itemscope itemtype=\"http:\/\/schema.org\/ImageObject\"> <a href=\"https:\/\/www.jazzzeitung.de\/cms\/2025\/01\/hier-ist-die-musik-welt-noch-in-ordnung-eindruecke-vom-internationalen-jazzfestival-muenster\/makikohirabayashi3_oliverhochkeppel040125\/\" border=\"0\" itemprop=\"url\"> <meta itemprop=\"width\" content=\"279\"> <meta itemprop=\"height\" content=\"371\"> <img decoding=\"async\" class=\"\" data-attachment-id=\"32113\" data-orig-file=\"https:\/\/www.jazzzeitung.de\/cms\/wp-content\/uploads\/2025\/01\/MakikoHirabayashi3_OliverHochkeppel040125-scaled.jpg\" data-orig-size=\"1921,2560\" data-comments-opened=\"1\" data-image-meta=\"{&quot;aperture&quot;:&quot;0&quot;,&quot;credit&quot;:&quot;&quot;,&quot;camera&quot;:&quot;ILCE-7M3&quot;,&quot;caption&quot;:&quot;&quot;,&quot;created_timestamp&quot;:&quot;1735937661&quot;,&quot;copyright&quot;:&quot;&quot;,&quot;focal_length&quot;:&quot;0&quot;,&quot;iso&quot;:&quot;5000&quot;,&quot;shutter_speed&quot;:&quot;0&quot;,&quot;title&quot;:&quot;&quot;,&quot;orientation&quot;:&quot;0&quot;}\" data-image-title=\"\" data-image-description=\"\" data-medium-file=\"https:\/\/i0.wp.com\/www.jazzzeitung.de\/cms\/wp-content\/uploads\/2025\/01\/MakikoHirabayashi3_OliverHochkeppel040125-scaled.jpg?fit=225%2C300&#038;ssl=1\" data-large-file=\"https:\/\/i0.wp.com\/www.jazzzeitung.de\/cms\/wp-content\/uploads\/2025\/01\/MakikoHirabayashi3_OliverHochkeppel040125-scaled.jpg?fit=450%2C600&#038;ssl=1\" src=\"https:\/\/i0.wp.com\/www.jazzzeitung.de\/cms\/wp-content\/uploads\/2025\/01\/MakikoHirabayashi3_OliverHochkeppel040125-scaled.jpg?w=279&#038;h=371&#038;ssl=1\" srcset=\"https:\/\/i0.wp.com\/www.jazzzeitung.de\/cms\/wp-content\/uploads\/2025\/01\/MakikoHirabayashi3_OliverHochkeppel040125-scaled.jpg?w=1921&amp;ssl=1 1921w, https:\/\/i0.wp.com\/www.jazzzeitung.de\/cms\/wp-content\/uploads\/2025\/01\/MakikoHirabayashi3_OliverHochkeppel040125-scaled.jpg?resize=225%2C300&amp;ssl=1 225w, https:\/\/i0.wp.com\/www.jazzzeitung.de\/cms\/wp-content\/uploads\/2025\/01\/MakikoHirabayashi3_OliverHochkeppel040125-scaled.jpg?resize=450%2C600&amp;ssl=1 450w, https:\/\/i0.wp.com\/www.jazzzeitung.de\/cms\/wp-content\/uploads\/2025\/01\/MakikoHirabayashi3_OliverHochkeppel040125-scaled.jpg?resize=768%2C1024&amp;ssl=1 768w, https:\/\/i0.wp.com\/www.jazzzeitung.de\/cms\/wp-content\/uploads\/2025\/01\/MakikoHirabayashi3_OliverHochkeppel040125-scaled.jpg?resize=1152%2C1536&amp;ssl=1 1152w, https:\/\/i0.wp.com\/www.jazzzeitung.de\/cms\/wp-content\/uploads\/2025\/01\/MakikoHirabayashi3_OliverHochkeppel040125-scaled.jpg?resize=1537%2C2048&amp;ssl=1 1537w, https:\/\/i0.wp.com\/www.jazzzeitung.de\/cms\/wp-content\/uploads\/2025\/01\/MakikoHirabayashi3_OliverHochkeppel040125-scaled.jpg?resize=1320%2C1759&amp;ssl=1 1320w, https:\/\/i0.wp.com\/www.jazzzeitung.de\/cms\/wp-content\/uploads\/2025\/01\/MakikoHirabayashi3_OliverHochkeppel040125-scaled.jpg?w=1680&amp;ssl=1 1680w\" width=\"279\" height=\"371\" loading=\"lazy\" data-original-width=\"279\" data-original-height=\"371\" itemprop=\"http:\/\/schema.org\/image\" title=\"\" alt=\"Makiko Hirabayashi. Foto: OliverHochkeppel\" style=\"width: 279px; height: 371px;\" \/> <\/a> <div class=\"tiled-gallery-caption\" itemprop=\"caption description\"> Makiko Hirabayashi. Foto: OliverHochkeppel <\/div> <\/div> <\/div> <!-- close group --> <\/div> <!-- close row --> <div class=\"gallery-row\" style=\"width: 840px; height: 337px;\" data-original-width=\"840\" data-original-height=\"337\" > <div class=\"gallery-group images-1\" style=\"width: 335px; height: 337px;\" data-original-width=\"335\" data-original-height=\"337\" > <div class=\"tiled-gallery-item tiled-gallery-item-large\" itemprop=\"associatedMedia\" itemscope itemtype=\"http:\/\/schema.org\/ImageObject\"> <a href=\"https:\/\/www.jazzzeitung.de\/cms\/2025\/01\/hier-ist-die-musik-welt-noch-in-ordnung-eindruecke-vom-internationalen-jazzfestival-muenster\/clarahaberkamppreisverleihung1_oliverhochkeppel040125\/\" border=\"0\" itemprop=\"url\"> <meta itemprop=\"width\" content=\"331\"> <meta itemprop=\"height\" content=\"333\"> <img decoding=\"async\" class=\"\" data-attachment-id=\"32114\" data-orig-file=\"https:\/\/www.jazzzeitung.de\/cms\/wp-content\/uploads\/2025\/01\/ClaraHaberkampPreisverleihung1_OliverHochkeppel040125-scaled.jpg\" data-orig-size=\"2547,2560\" data-comments-opened=\"1\" data-image-meta=\"{&quot;aperture&quot;:&quot;0&quot;,&quot;credit&quot;:&quot;&quot;,&quot;camera&quot;:&quot;ILCE-7M3&quot;,&quot;caption&quot;:&quot;&quot;,&quot;created_timestamp&quot;:&quot;1736096831&quot;,&quot;copyright&quot;:&quot;&quot;,&quot;focal_length&quot;:&quot;0&quot;,&quot;iso&quot;:&quot;4000&quot;,&quot;shutter_speed&quot;:&quot;0&quot;,&quot;title&quot;:&quot;&quot;,&quot;orientation&quot;:&quot;0&quot;}\" data-image-title=\"\" data-image-description=\"\" data-medium-file=\"https:\/\/i0.wp.com\/www.jazzzeitung.de\/cms\/wp-content\/uploads\/2025\/01\/ClaraHaberkampPreisverleihung1_OliverHochkeppel040125-scaled.jpg?fit=300%2C300&#038;ssl=1\" data-large-file=\"https:\/\/i0.wp.com\/www.jazzzeitung.de\/cms\/wp-content\/uploads\/2025\/01\/ClaraHaberkampPreisverleihung1_OliverHochkeppel040125-scaled.jpg?fit=597%2C600&#038;ssl=1\" src=\"https:\/\/i0.wp.com\/www.jazzzeitung.de\/cms\/wp-content\/uploads\/2025\/01\/ClaraHaberkampPreisverleihung1_OliverHochkeppel040125-scaled.jpg?w=331&#038;h=333&#038;ssl=1\" srcset=\"https:\/\/i0.wp.com\/www.jazzzeitung.de\/cms\/wp-content\/uploads\/2025\/01\/ClaraHaberkampPreisverleihung1_OliverHochkeppel040125-scaled.jpg?w=2547&amp;ssl=1 2547w, https:\/\/i0.wp.com\/www.jazzzeitung.de\/cms\/wp-content\/uploads\/2025\/01\/ClaraHaberkampPreisverleihung1_OliverHochkeppel040125-scaled.jpg?resize=597%2C600&amp;ssl=1 597w, https:\/\/i0.wp.com\/www.jazzzeitung.de\/cms\/wp-content\/uploads\/2025\/01\/ClaraHaberkampPreisverleihung1_OliverHochkeppel040125-scaled.jpg?resize=150%2C150&amp;ssl=1 150w, https:\/\/i0.wp.com\/www.jazzzeitung.de\/cms\/wp-content\/uploads\/2025\/01\/ClaraHaberkampPreisverleihung1_OliverHochkeppel040125-scaled.jpg?resize=768%2C772&amp;ssl=1 768w, https:\/\/i0.wp.com\/www.jazzzeitung.de\/cms\/wp-content\/uploads\/2025\/01\/ClaraHaberkampPreisverleihung1_OliverHochkeppel040125-scaled.jpg?resize=1528%2C1536&amp;ssl=1 1528w, https:\/\/i0.wp.com\/www.jazzzeitung.de\/cms\/wp-content\/uploads\/2025\/01\/ClaraHaberkampPreisverleihung1_OliverHochkeppel040125-scaled.jpg?resize=2038%2C2048&amp;ssl=1 2038w, https:\/\/i0.wp.com\/www.jazzzeitung.de\/cms\/wp-content\/uploads\/2025\/01\/ClaraHaberkampPreisverleihung1_OliverHochkeppel040125-scaled.jpg?resize=1320%2C1327&amp;ssl=1 1320w, https:\/\/i0.wp.com\/www.jazzzeitung.de\/cms\/wp-content\/uploads\/2025\/01\/ClaraHaberkampPreisverleihung1_OliverHochkeppel040125-scaled.jpg?resize=24%2C24&amp;ssl=1 24w, https:\/\/i0.wp.com\/www.jazzzeitung.de\/cms\/wp-content\/uploads\/2025\/01\/ClaraHaberkampPreisverleihung1_OliverHochkeppel040125-scaled.jpg?resize=48%2C48&amp;ssl=1 48w, https:\/\/i0.wp.com\/www.jazzzeitung.de\/cms\/wp-content\/uploads\/2025\/01\/ClaraHaberkampPreisverleihung1_OliverHochkeppel040125-scaled.jpg?resize=96%2C96&amp;ssl=1 96w, https:\/\/i0.wp.com\/www.jazzzeitung.de\/cms\/wp-content\/uploads\/2025\/01\/ClaraHaberkampPreisverleihung1_OliverHochkeppel040125-scaled.jpg?w=1680&amp;ssl=1 1680w\" width=\"331\" height=\"333\" loading=\"lazy\" data-original-width=\"331\" data-original-height=\"333\" itemprop=\"http:\/\/schema.org\/image\" title=\"\" alt=\"Clara Haberkamp mit Festivalchef Fritz Schm\u00fccker bei der Preisverleihung. Foto: OliverHochkeppel\" style=\"width: 331px; height: 333px;\" \/> <\/a> <div class=\"tiled-gallery-caption\" itemprop=\"caption description\"> Clara Haberkamp mit Festivalchef Fritz Schm\u00fccker bei der Preisverleihung. Foto: OliverHochkeppel <\/div> <\/div> <\/div> <!-- close group --> <div class=\"gallery-group images-2\" style=\"width: 251px; height: 337px;\" data-original-width=\"251\" data-original-height=\"337\" > <div class=\"tiled-gallery-item tiled-gallery-item-small\" itemprop=\"associatedMedia\" itemscope itemtype=\"http:\/\/schema.org\/ImageObject\"> <a href=\"https:\/\/www.jazzzeitung.de\/cms\/2025\/01\/hier-ist-die-musik-welt-noch-in-ordnung-eindruecke-vom-internationalen-jazzfestival-muenster\/kindbrunacabral1_oliverhochkeppel040125\/\" border=\"0\" itemprop=\"url\"> <meta itemprop=\"width\" content=\"247\"> <meta itemprop=\"height\" content=\"164\"> <img decoding=\"async\" class=\"\" data-attachment-id=\"32115\" data-orig-file=\"https:\/\/www.jazzzeitung.de\/cms\/wp-content\/uploads\/2025\/01\/KINDBrunaCabral1_OliverHochkeppel040125-scaled.jpg\" data-orig-size=\"2560,1701\" data-comments-opened=\"1\" data-image-meta=\"{&quot;aperture&quot;:&quot;0&quot;,&quot;credit&quot;:&quot;&quot;,&quot;camera&quot;:&quot;ILCE-7M3&quot;,&quot;caption&quot;:&quot;&quot;,&quot;created_timestamp&quot;:&quot;1735943239&quot;,&quot;copyright&quot;:&quot;&quot;,&quot;focal_length&quot;:&quot;0&quot;,&quot;iso&quot;:&quot;5000&quot;,&quot;shutter_speed&quot;:&quot;0&quot;,&quot;title&quot;:&quot;&quot;,&quot;orientation&quot;:&quot;0&quot;}\" data-image-title=\"\" data-image-description=\"\" data-medium-file=\"https:\/\/i0.wp.com\/www.jazzzeitung.de\/cms\/wp-content\/uploads\/2025\/01\/KINDBrunaCabral1_OliverHochkeppel040125-scaled.jpg?fit=300%2C199&#038;ssl=1\" data-large-file=\"https:\/\/i0.wp.com\/www.jazzzeitung.de\/cms\/wp-content\/uploads\/2025\/01\/KINDBrunaCabral1_OliverHochkeppel040125-scaled.jpg?fit=840%2C558&#038;ssl=1\" src=\"https:\/\/i0.wp.com\/www.jazzzeitung.de\/cms\/wp-content\/uploads\/2025\/01\/KINDBrunaCabral1_OliverHochkeppel040125-scaled.jpg?w=247&#038;h=164&#038;ssl=1\" srcset=\"https:\/\/i0.wp.com\/www.jazzzeitung.de\/cms\/wp-content\/uploads\/2025\/01\/KINDBrunaCabral1_OliverHochkeppel040125-scaled.jpg?w=2560&amp;ssl=1 2560w, https:\/\/i0.wp.com\/www.jazzzeitung.de\/cms\/wp-content\/uploads\/2025\/01\/KINDBrunaCabral1_OliverHochkeppel040125-scaled.jpg?resize=300%2C199&amp;ssl=1 300w, https:\/\/i0.wp.com\/www.jazzzeitung.de\/cms\/wp-content\/uploads\/2025\/01\/KINDBrunaCabral1_OliverHochkeppel040125-scaled.jpg?resize=900%2C598&amp;ssl=1 900w, https:\/\/i0.wp.com\/www.jazzzeitung.de\/cms\/wp-content\/uploads\/2025\/01\/KINDBrunaCabral1_OliverHochkeppel040125-scaled.jpg?resize=768%2C510&amp;ssl=1 768w, https:\/\/i0.wp.com\/www.jazzzeitung.de\/cms\/wp-content\/uploads\/2025\/01\/KINDBrunaCabral1_OliverHochkeppel040125-scaled.jpg?resize=1536%2C1021&amp;ssl=1 1536w, https:\/\/i0.wp.com\/www.jazzzeitung.de\/cms\/wp-content\/uploads\/2025\/01\/KINDBrunaCabral1_OliverHochkeppel040125-scaled.jpg?resize=2048%2C1361&amp;ssl=1 2048w, https:\/\/i0.wp.com\/www.jazzzeitung.de\/cms\/wp-content\/uploads\/2025\/01\/KINDBrunaCabral1_OliverHochkeppel040125-scaled.jpg?resize=120%2C80&amp;ssl=1 120w, https:\/\/i0.wp.com\/www.jazzzeitung.de\/cms\/wp-content\/uploads\/2025\/01\/KINDBrunaCabral1_OliverHochkeppel040125-scaled.jpg?resize=1320%2C877&amp;ssl=1 1320w, https:\/\/i0.wp.com\/www.jazzzeitung.de\/cms\/wp-content\/uploads\/2025\/01\/KINDBrunaCabral1_OliverHochkeppel040125-scaled.jpg?w=1680&amp;ssl=1 1680w\" width=\"247\" height=\"164\" loading=\"lazy\" data-original-width=\"247\" data-original-height=\"164\" itemprop=\"http:\/\/schema.org\/image\" title=\"\" alt=\"KIND: Bruna Cabral. Foto: OliverHochkeppel040125\" style=\"width: 247px; height: 164px;\" \/> <\/a> <div class=\"tiled-gallery-caption\" itemprop=\"caption description\"> KIND: Bruna Cabral. Foto: OliverHochkeppel040125 <\/div> <\/div> <div class=\"tiled-gallery-item tiled-gallery-item-small\" itemprop=\"associatedMedia\" itemscope itemtype=\"http:\/\/schema.org\/ImageObject\"> <a href=\"https:\/\/www.jazzzeitung.de\/cms\/2025\/01\/hier-ist-die-musik-welt-noch-in-ordnung-eindruecke-vom-internationalen-jazzfestival-muenster\/chaerinim2_oliverhochkeppel040125\/\" border=\"0\" itemprop=\"url\"> <meta itemprop=\"width\" content=\"247\"> <meta itemprop=\"height\" content=\"165\"> <img decoding=\"async\" class=\"\" data-attachment-id=\"32119\" data-orig-file=\"https:\/\/www.jazzzeitung.de\/cms\/wp-content\/uploads\/2025\/01\/ChaerinIm2_OliverHochkeppel040125-scaled.jpg\" data-orig-size=\"2560,1714\" data-comments-opened=\"1\" data-image-meta=\"{&quot;aperture&quot;:&quot;0&quot;,&quot;credit&quot;:&quot;&quot;,&quot;camera&quot;:&quot;ILCE-7M3&quot;,&quot;caption&quot;:&quot;&quot;,&quot;created_timestamp&quot;:&quot;1736013025&quot;,&quot;copyright&quot;:&quot;&quot;,&quot;focal_length&quot;:&quot;0&quot;,&quot;iso&quot;:&quot;4000&quot;,&quot;shutter_speed&quot;:&quot;0&quot;,&quot;title&quot;:&quot;&quot;,&quot;orientation&quot;:&quot;0&quot;}\" data-image-title=\"\" data-image-description=\"\" data-medium-file=\"https:\/\/i0.wp.com\/www.jazzzeitung.de\/cms\/wp-content\/uploads\/2025\/01\/ChaerinIm2_OliverHochkeppel040125-scaled.jpg?fit=300%2C201&#038;ssl=1\" data-large-file=\"https:\/\/i0.wp.com\/www.jazzzeitung.de\/cms\/wp-content\/uploads\/2025\/01\/ChaerinIm2_OliverHochkeppel040125-scaled.jpg?fit=840%2C563&#038;ssl=1\" src=\"https:\/\/i0.wp.com\/www.jazzzeitung.de\/cms\/wp-content\/uploads\/2025\/01\/ChaerinIm2_OliverHochkeppel040125-scaled.jpg?w=247&#038;h=165&#038;ssl=1\" srcset=\"https:\/\/i0.wp.com\/www.jazzzeitung.de\/cms\/wp-content\/uploads\/2025\/01\/ChaerinIm2_OliverHochkeppel040125-scaled.jpg?w=2560&amp;ssl=1 2560w, https:\/\/i0.wp.com\/www.jazzzeitung.de\/cms\/wp-content\/uploads\/2025\/01\/ChaerinIm2_OliverHochkeppel040125-scaled.jpg?resize=300%2C201&amp;ssl=1 300w, https:\/\/i0.wp.com\/www.jazzzeitung.de\/cms\/wp-content\/uploads\/2025\/01\/ChaerinIm2_OliverHochkeppel040125-scaled.jpg?resize=896%2C600&amp;ssl=1 896w, https:\/\/i0.wp.com\/www.jazzzeitung.de\/cms\/wp-content\/uploads\/2025\/01\/ChaerinIm2_OliverHochkeppel040125-scaled.jpg?resize=768%2C514&amp;ssl=1 768w, https:\/\/i0.wp.com\/www.jazzzeitung.de\/cms\/wp-content\/uploads\/2025\/01\/ChaerinIm2_OliverHochkeppel040125-scaled.jpg?resize=1536%2C1028&amp;ssl=1 1536w, https:\/\/i0.wp.com\/www.jazzzeitung.de\/cms\/wp-content\/uploads\/2025\/01\/ChaerinIm2_OliverHochkeppel040125-scaled.jpg?resize=2048%2C1371&amp;ssl=1 2048w, https:\/\/i0.wp.com\/www.jazzzeitung.de\/cms\/wp-content\/uploads\/2025\/01\/ChaerinIm2_OliverHochkeppel040125-scaled.jpg?resize=120%2C80&amp;ssl=1 120w, https:\/\/i0.wp.com\/www.jazzzeitung.de\/cms\/wp-content\/uploads\/2025\/01\/ChaerinIm2_OliverHochkeppel040125-scaled.jpg?resize=1320%2C884&amp;ssl=1 1320w, https:\/\/i0.wp.com\/www.jazzzeitung.de\/cms\/wp-content\/uploads\/2025\/01\/ChaerinIm2_OliverHochkeppel040125-scaled.jpg?w=1680&amp;ssl=1 1680w\" width=\"247\" height=\"165\" loading=\"lazy\" data-original-width=\"247\" data-original-height=\"165\" itemprop=\"http:\/\/schema.org\/image\" title=\"\" alt=\"Chaerinim. Foto: Oliver Hochkeppel\" style=\"width: 247px; height: 165px;\" \/> <\/a> <div class=\"tiled-gallery-caption\" itemprop=\"caption description\"> Chaerinim. Foto: Oliver Hochkeppel <\/div> <\/div> <\/div> <!-- close group --> <div class=\"gallery-group images-1\" style=\"width: 254px; height: 337px;\" data-original-width=\"254\" data-original-height=\"337\" > <div class=\"tiled-gallery-item tiled-gallery-item-large\" itemprop=\"associatedMedia\" itemscope itemtype=\"http:\/\/schema.org\/ImageObject\"> <a href=\"https:\/\/www.jazzzeitung.de\/cms\/2025\/01\/hier-ist-die-musik-welt-noch-in-ordnung-eindruecke-vom-internationalen-jazzfestival-muenster\/dgd6tetdelaramkafashzadeh1_oliverhochkeppel040125\/\" border=\"0\" itemprop=\"url\"> <meta itemprop=\"width\" content=\"250\"> <meta itemprop=\"height\" content=\"333\"> <img decoding=\"async\" class=\"\" data-attachment-id=\"32120\" data-orig-file=\"https:\/\/www.jazzzeitung.de\/cms\/wp-content\/uploads\/2025\/01\/DGD6tetDelaramKafashzadeh1_OliverHochkeppel040125-scaled.jpg\" data-orig-size=\"1924,2560\" data-comments-opened=\"1\" data-image-meta=\"{&quot;aperture&quot;:&quot;0&quot;,&quot;credit&quot;:&quot;&quot;,&quot;camera&quot;:&quot;ILCE-7M3&quot;,&quot;caption&quot;:&quot;&quot;,&quot;created_timestamp&quot;:&quot;1736017750&quot;,&quot;copyright&quot;:&quot;&quot;,&quot;focal_length&quot;:&quot;0&quot;,&quot;iso&quot;:&quot;4000&quot;,&quot;shutter_speed&quot;:&quot;0&quot;,&quot;title&quot;:&quot;&quot;,&quot;orientation&quot;:&quot;0&quot;}\" data-image-title=\"\" data-image-description=\"\" data-medium-file=\"https:\/\/i0.wp.com\/www.jazzzeitung.de\/cms\/wp-content\/uploads\/2025\/01\/DGD6tetDelaramKafashzadeh1_OliverHochkeppel040125-scaled.jpg?fit=225%2C300&#038;ssl=1\" data-large-file=\"https:\/\/i0.wp.com\/www.jazzzeitung.de\/cms\/wp-content\/uploads\/2025\/01\/DGD6tetDelaramKafashzadeh1_OliverHochkeppel040125-scaled.jpg?fit=451%2C600&#038;ssl=1\" src=\"https:\/\/i0.wp.com\/www.jazzzeitung.de\/cms\/wp-content\/uploads\/2025\/01\/DGD6tetDelaramKafashzadeh1_OliverHochkeppel040125-scaled.jpg?w=250&#038;h=333&#038;ssl=1\" srcset=\"https:\/\/i0.wp.com\/www.jazzzeitung.de\/cms\/wp-content\/uploads\/2025\/01\/DGD6tetDelaramKafashzadeh1_OliverHochkeppel040125-scaled.jpg?w=1924&amp;ssl=1 1924w, https:\/\/i0.wp.com\/www.jazzzeitung.de\/cms\/wp-content\/uploads\/2025\/01\/DGD6tetDelaramKafashzadeh1_OliverHochkeppel040125-scaled.jpg?resize=225%2C300&amp;ssl=1 225w, https:\/\/i0.wp.com\/www.jazzzeitung.de\/cms\/wp-content\/uploads\/2025\/01\/DGD6tetDelaramKafashzadeh1_OliverHochkeppel040125-scaled.jpg?resize=451%2C600&amp;ssl=1 451w, https:\/\/i0.wp.com\/www.jazzzeitung.de\/cms\/wp-content\/uploads\/2025\/01\/DGD6tetDelaramKafashzadeh1_OliverHochkeppel040125-scaled.jpg?resize=768%2C1022&amp;ssl=1 768w, https:\/\/i0.wp.com\/www.jazzzeitung.de\/cms\/wp-content\/uploads\/2025\/01\/DGD6tetDelaramKafashzadeh1_OliverHochkeppel040125-scaled.jpg?resize=1155%2C1536&amp;ssl=1 1155w, https:\/\/i0.wp.com\/www.jazzzeitung.de\/cms\/wp-content\/uploads\/2025\/01\/DGD6tetDelaramKafashzadeh1_OliverHochkeppel040125-scaled.jpg?resize=1539%2C2048&amp;ssl=1 1539w, https:\/\/i0.wp.com\/www.jazzzeitung.de\/cms\/wp-content\/uploads\/2025\/01\/DGD6tetDelaramKafashzadeh1_OliverHochkeppel040125-scaled.jpg?resize=1320%2C1756&amp;ssl=1 1320w, https:\/\/i0.wp.com\/www.jazzzeitung.de\/cms\/wp-content\/uploads\/2025\/01\/DGD6tetDelaramKafashzadeh1_OliverHochkeppel040125-scaled.jpg?w=1680&amp;ssl=1 1680w\" width=\"250\" height=\"333\" loading=\"lazy\" data-original-width=\"250\" data-original-height=\"333\" itemprop=\"http:\/\/schema.org\/image\" title=\"\" alt=\"DGD 6tet: Delaram Kafashzadeh. Foto: OliverHochkeppel\" style=\"width: 250px; height: 333px;\" \/> <\/a> <div class=\"tiled-gallery-caption\" itemprop=\"caption description\"> DGD 6tet: Delaram Kafashzadeh. Foto: OliverHochkeppel <\/div> <\/div> <\/div> <!-- close group --> <\/div> <!-- close row --> <\/div>\n<p>Ohnehin gab es am Samstag nicht ein einziges auch nur ansatzweise schwaches Konzert zu h\u00f6ren, nachdem man am Freitag vielleicht noch ein bisschen beckmessern konnte: Etwa, dass die Pianistin Makiko Hirabayashi zwei St\u00fccke Ankaufzeit brauchte, bis ihr skandinavisches Quartett seinem Namen <em>Weavers <\/em>gerecht wurde und feine, durchaus bunte und vielfarbige Klanggeflechte kn\u00fcpfte. Dass auch Virtuosen wie die Posaunistin Shannon Barnett oder die Klarinettistin Shabnam Parvaresh im KIND-Quartett des Lokalmatadors und Saxofonisten Jan Klare dessen solostischen Limits nicht v\u00f6llig \u00fcberdecken konnten. Oder dass man die Art und Weise schon sehr gut kennt, auf die der Holzblas-Veteran Gianluigi Trovesi mit seinem wiedererweckten italienischen Ur-Trio seinen federleicht mediterranen Jazz auf die B\u00fchne tupft. Wenn das \u00fcberhaupt irgendeine Art von Kritik sein kann.<\/p>\n<p>Am Samstag nun ging es Schlag auf Schlag von einem Highlight zum n\u00e4chsten \u2013 vielleicht gerade, weil nicht alles so kam wie geplant. Denn nach Claerhouts Opening im kleinen Saal musste Schm\u00fccker ansagen, dass das Trio der koreanischen Pianistin Chaerin Im wegen ihrer akuten Erkrankung ohne die Bandleaderin spielen w\u00fcrde. Sie kam dann aber nach dem ersten St\u00fcck doch auf die B\u00fchne, mit einem fortan wundervollen Programm, dem man ihre Herkunft anh\u00f6rte, insbesondere bei einer Zwei-Minuten-Pretiose, die K-Pop verjazzte.<\/p>\n<p>Freilich sollte sich der Auftritt im kleinen Saal gewisserma\u00dfen r\u00e4chen. Drei Stunden sp\u00e4ter, als sie in Jasper Hoibys Trio Three Elements mit h\u00e4tte antreten sollen, musste sie endg\u00fcltig passen. Was einem wieder einmal so ein Wunder bescherte, das es nur im Jazz gibt. Daniel Garcia Diego, der zuvor mit seinem eigenen neuen Sextett an der Reihe war, das sich stark exil-iranisch besetzt weit von seinem fr\u00fcheren Flamenco-Jazz entfernt und spannende interkulturelle Dialoge evoziert, sprang kurzentschlossen f\u00fcr Im ein. Um sich zur Verbl\u00fcffung aller Hoibys nicht gerade simples Material so mitumzusetzen, als h\u00e4tte er schon Jahre in dieser Konstellation gespielt.<\/p>\n<p>Neben Druckvollem, Flirrendem, Komplexem oder Groovendem fand sich immer wieder auch Meditatives zum Durchschnaufen: Das Duo Harfe\/Saxofon mit Alina Bzhezhinska und Tony Kofi beispielsweise oder auch der franz\u00f6sische Klarinetten-Veteran Louis Sclavis mit seinem lyrischen Quintett \u201eIndia\u201c, das von indischer Musik inspiriert ist. Und eher der ruhigen Abteilung zurechnen konnte man am Sonntag auch die Pianistin Clara Haberkamp zurechnen, die f\u00fcr einen weiteren traditionellen Programmpunkt stand: die Verleihung des Westfalen-Jazzpreises durch die aus Schm\u00fccker, Lena Jeckel vom Kulturamt G\u00fctersloh und dem Leiter des Dortmunder Domicil-Jazzclubs bestehende Jury. Ihr klassisches Klavier-Trio mit Oliver Potratz am Bass und Jarle Vespestad am Schlagzeug holte sozusagen im Preistr\u00e4gerkonzert neben Eigenem auch fein neu geschliffene Oldies wie \u201eIch bin von Kopf bis Fu\u00df auf Liebe eingestellt\u201c oder \u201eIf You Could Read My Mind\u201c aus der Versenkung.<\/p>\n<div class=\"tiled-gallery type-rectangular tiled-gallery-unresized\" data-original-width=\"840\" data-carousel-extra='{&quot;blog_id&quot;:1,&quot;permalink&quot;:&quot;https:\\\/\\\/www.jazzzeitung.de\\\/cms\\\/2025\\\/01\\\/hier-ist-die-musik-welt-noch-in-ordnung-eindruecke-vom-internationalen-jazzfestival-muenster\\\/&quot;,&quot;likes_blog_id&quot;:55446655}' itemscope itemtype=\"http:\/\/schema.org\/ImageGallery\" > <div class=\"gallery-row\" style=\"width: 840px; height: 507px;\" data-original-width=\"840\" data-original-height=\"507\" > <div class=\"gallery-group images-1\" style=\"width: 505px; height: 507px;\" data-original-width=\"505\" data-original-height=\"507\" > <div class=\"tiled-gallery-item tiled-gallery-item-large\" itemprop=\"associatedMedia\" itemscope itemtype=\"http:\/\/schema.org\/ImageObject\"> <a href=\"https:\/\/www.jazzzeitung.de\/cms\/2025\/01\/hier-ist-die-musik-welt-noch-in-ordnung-eindruecke-vom-internationalen-jazzfestival-muenster\/yom1_oliverhochkeppel040125\/\" border=\"0\" itemprop=\"url\"> <meta itemprop=\"width\" content=\"501\"> <meta itemprop=\"height\" content=\"503\"> <img decoding=\"async\" class=\"\" data-attachment-id=\"32130\" data-orig-file=\"https:\/\/www.jazzzeitung.de\/cms\/wp-content\/uploads\/2025\/01\/Yom1_OliverHochkeppel040125-scaled.jpg\" data-orig-size=\"2552,2560\" data-comments-opened=\"1\" data-image-meta=\"{&quot;aperture&quot;:&quot;0&quot;,&quot;credit&quot;:&quot;&quot;,&quot;camera&quot;:&quot;ILCE-7M3&quot;,&quot;caption&quot;:&quot;&quot;,&quot;created_timestamp&quot;:&quot;1736102670&quot;,&quot;copyright&quot;:&quot;&quot;,&quot;focal_length&quot;:&quot;0&quot;,&quot;iso&quot;:&quot;4000&quot;,&quot;shutter_speed&quot;:&quot;0&quot;,&quot;title&quot;:&quot;&quot;,&quot;orientation&quot;:&quot;0&quot;}\" data-image-title=\"\" data-image-description=\"\" data-medium-file=\"https:\/\/i0.wp.com\/www.jazzzeitung.de\/cms\/wp-content\/uploads\/2025\/01\/Yom1_OliverHochkeppel040125-scaled.jpg?fit=300%2C300&#038;ssl=1\" data-large-file=\"https:\/\/i0.wp.com\/www.jazzzeitung.de\/cms\/wp-content\/uploads\/2025\/01\/Yom1_OliverHochkeppel040125-scaled.jpg?fit=598%2C600&#038;ssl=1\" src=\"https:\/\/i0.wp.com\/www.jazzzeitung.de\/cms\/wp-content\/uploads\/2025\/01\/Yom1_OliverHochkeppel040125-scaled.jpg?w=501&#038;h=503&#038;ssl=1\" srcset=\"https:\/\/i0.wp.com\/www.jazzzeitung.de\/cms\/wp-content\/uploads\/2025\/01\/Yom1_OliverHochkeppel040125-scaled.jpg?w=2552&amp;ssl=1 2552w, https:\/\/i0.wp.com\/www.jazzzeitung.de\/cms\/wp-content\/uploads\/2025\/01\/Yom1_OliverHochkeppel040125-scaled.jpg?resize=300%2C300&amp;ssl=1 300w, https:\/\/i0.wp.com\/www.jazzzeitung.de\/cms\/wp-content\/uploads\/2025\/01\/Yom1_OliverHochkeppel040125-scaled.jpg?resize=598%2C600&amp;ssl=1 598w, https:\/\/i0.wp.com\/www.jazzzeitung.de\/cms\/wp-content\/uploads\/2025\/01\/Yom1_OliverHochkeppel040125-scaled.jpg?resize=150%2C150&amp;ssl=1 150w, https:\/\/i0.wp.com\/www.jazzzeitung.de\/cms\/wp-content\/uploads\/2025\/01\/Yom1_OliverHochkeppel040125-scaled.jpg?resize=768%2C770&amp;ssl=1 768w, https:\/\/i0.wp.com\/www.jazzzeitung.de\/cms\/wp-content\/uploads\/2025\/01\/Yom1_OliverHochkeppel040125-scaled.jpg?resize=1531%2C1536&amp;ssl=1 1531w, https:\/\/i0.wp.com\/www.jazzzeitung.de\/cms\/wp-content\/uploads\/2025\/01\/Yom1_OliverHochkeppel040125-scaled.jpg?resize=2042%2C2048&amp;ssl=1 2042w, https:\/\/i0.wp.com\/www.jazzzeitung.de\/cms\/wp-content\/uploads\/2025\/01\/Yom1_OliverHochkeppel040125-scaled.jpg?resize=1320%2C1324&amp;ssl=1 1320w, https:\/\/i0.wp.com\/www.jazzzeitung.de\/cms\/wp-content\/uploads\/2025\/01\/Yom1_OliverHochkeppel040125-scaled.jpg?resize=24%2C24&amp;ssl=1 24w, https:\/\/i0.wp.com\/www.jazzzeitung.de\/cms\/wp-content\/uploads\/2025\/01\/Yom1_OliverHochkeppel040125-scaled.jpg?resize=48%2C48&amp;ssl=1 48w, https:\/\/i0.wp.com\/www.jazzzeitung.de\/cms\/wp-content\/uploads\/2025\/01\/Yom1_OliverHochkeppel040125-scaled.jpg?resize=96%2C96&amp;ssl=1 96w, https:\/\/i0.wp.com\/www.jazzzeitung.de\/cms\/wp-content\/uploads\/2025\/01\/Yom1_OliverHochkeppel040125-scaled.jpg?w=1680&amp;ssl=1 1680w\" width=\"501\" height=\"503\" loading=\"lazy\" data-original-width=\"501\" data-original-height=\"503\" itemprop=\"http:\/\/schema.org\/image\" title=\"\" alt=\"Yom. Foto: Oliver Hochkeppel\" style=\"width: 501px; height: 503px;\" \/> <\/a> <div class=\"tiled-gallery-caption\" itemprop=\"caption description\"> Yom. Foto: Oliver Hochkeppel <\/div> <\/div> <\/div> <!-- close group --> <div class=\"gallery-group images-1\" style=\"width: 335px; height: 507px;\" data-original-width=\"335\" data-original-height=\"507\" > <div class=\"tiled-gallery-item tiled-gallery-item-large\" itemprop=\"associatedMedia\" itemscope itemtype=\"http:\/\/schema.org\/ImageObject\"> <a href=\"https:\/\/www.jazzzeitung.de\/cms\/2025\/01\/hier-ist-die-musik-welt-noch-in-ordnung-eindruecke-vom-internationalen-jazzfestival-muenster\/xhosacole2_oliverhochkeppel040125\/\" border=\"0\" itemprop=\"url\"> <meta itemprop=\"width\" content=\"331\"> <meta itemprop=\"height\" content=\"503\"> <img decoding=\"async\" class=\"\" data-attachment-id=\"32129\" data-orig-file=\"https:\/\/www.jazzzeitung.de\/cms\/wp-content\/uploads\/2025\/01\/XhosaCole2_OliverHochkeppel040125-scaled.jpg\" data-orig-size=\"1685,2560\" data-comments-opened=\"1\" data-image-meta=\"{&quot;aperture&quot;:&quot;0&quot;,&quot;credit&quot;:&quot;&quot;,&quot;camera&quot;:&quot;ILCE-7M3&quot;,&quot;caption&quot;:&quot;&quot;,&quot;created_timestamp&quot;:&quot;1736088213&quot;,&quot;copyright&quot;:&quot;&quot;,&quot;focal_length&quot;:&quot;0&quot;,&quot;iso&quot;:&quot;4000&quot;,&quot;shutter_speed&quot;:&quot;0&quot;,&quot;title&quot;:&quot;&quot;,&quot;orientation&quot;:&quot;0&quot;}\" data-image-title=\"\" data-image-description=\"\" data-medium-file=\"https:\/\/i0.wp.com\/www.jazzzeitung.de\/cms\/wp-content\/uploads\/2025\/01\/XhosaCole2_OliverHochkeppel040125-scaled.jpg?fit=197%2C300&#038;ssl=1\" data-large-file=\"https:\/\/i0.wp.com\/www.jazzzeitung.de\/cms\/wp-content\/uploads\/2025\/01\/XhosaCole2_OliverHochkeppel040125-scaled.jpg?fit=395%2C600&#038;ssl=1\" src=\"https:\/\/i0.wp.com\/www.jazzzeitung.de\/cms\/wp-content\/uploads\/2025\/01\/XhosaCole2_OliverHochkeppel040125-scaled.jpg?w=331&#038;h=503&#038;ssl=1\" srcset=\"https:\/\/i0.wp.com\/www.jazzzeitung.de\/cms\/wp-content\/uploads\/2025\/01\/XhosaCole2_OliverHochkeppel040125-scaled.jpg?w=1685&amp;ssl=1 1685w, https:\/\/i0.wp.com\/www.jazzzeitung.de\/cms\/wp-content\/uploads\/2025\/01\/XhosaCole2_OliverHochkeppel040125-scaled.jpg?resize=197%2C300&amp;ssl=1 197w, https:\/\/i0.wp.com\/www.jazzzeitung.de\/cms\/wp-content\/uploads\/2025\/01\/XhosaCole2_OliverHochkeppel040125-scaled.jpg?resize=395%2C600&amp;ssl=1 395w, https:\/\/i0.wp.com\/www.jazzzeitung.de\/cms\/wp-content\/uploads\/2025\/01\/XhosaCole2_OliverHochkeppel040125-scaled.jpg?resize=768%2C1167&amp;ssl=1 768w, https:\/\/i0.wp.com\/www.jazzzeitung.de\/cms\/wp-content\/uploads\/2025\/01\/XhosaCole2_OliverHochkeppel040125-scaled.jpg?resize=1011%2C1536&amp;ssl=1 1011w, https:\/\/i0.wp.com\/www.jazzzeitung.de\/cms\/wp-content\/uploads\/2025\/01\/XhosaCole2_OliverHochkeppel040125-scaled.jpg?resize=1348%2C2048&amp;ssl=1 1348w, https:\/\/i0.wp.com\/www.jazzzeitung.de\/cms\/wp-content\/uploads\/2025\/01\/XhosaCole2_OliverHochkeppel040125-scaled.jpg?resize=1320%2C2005&amp;ssl=1 1320w\" width=\"331\" height=\"503\" loading=\"lazy\" data-original-width=\"331\" data-original-height=\"503\" itemprop=\"http:\/\/schema.org\/image\" title=\"\" alt=\"Xhosa Cole. Foto: Oliver Hochkeppel\" style=\"width: 331px; height: 503px;\" \/> <\/a> <div class=\"tiled-gallery-caption\" itemprop=\"caption description\"> Xhosa Cole. Foto: Oliver Hochkeppel <\/div> <\/div> <\/div> <!-- close group --> <\/div> <!-- close row --> <div class=\"gallery-row\" style=\"width: 840px; height: 376px;\" data-original-width=\"840\" data-original-height=\"376\" > <div class=\"gallery-group images-1\" style=\"width: 560px; height: 376px;\" data-original-width=\"560\" data-original-height=\"376\" > <div class=\"tiled-gallery-item tiled-gallery-item-large\" itemprop=\"associatedMedia\" itemscope itemtype=\"http:\/\/schema.org\/ImageObject\"> <a href=\"https:\/\/www.jazzzeitung.de\/cms\/2025\/01\/hier-ist-die-musik-welt-noch-in-ordnung-eindruecke-vom-internationalen-jazzfestival-muenster\/tonykofi2_oliverhochkeppel040125\/\" border=\"0\" itemprop=\"url\"> <meta itemprop=\"width\" content=\"556\"> <meta itemprop=\"height\" content=\"372\"> <img decoding=\"async\" class=\"\" data-attachment-id=\"32128\" data-orig-file=\"https:\/\/www.jazzzeitung.de\/cms\/wp-content\/uploads\/2025\/01\/TonyKofi2_OliverHochkeppel040125-scaled.jpg\" data-orig-size=\"2560,1713\" data-comments-opened=\"1\" data-image-meta=\"{&quot;aperture&quot;:&quot;8&quot;,&quot;credit&quot;:&quot;&quot;,&quot;camera&quot;:&quot;ILCE-7M3&quot;,&quot;caption&quot;:&quot;&quot;,&quot;created_timestamp&quot;:&quot;1736024231&quot;,&quot;copyright&quot;:&quot;&quot;,&quot;focal_length&quot;:&quot;128&quot;,&quot;iso&quot;:&quot;4000&quot;,&quot;shutter_speed&quot;:&quot;0.01&quot;,&quot;title&quot;:&quot;&quot;,&quot;orientation&quot;:&quot;0&quot;}\" data-image-title=\"\" data-image-description=\"\" data-medium-file=\"https:\/\/i0.wp.com\/www.jazzzeitung.de\/cms\/wp-content\/uploads\/2025\/01\/TonyKofi2_OliverHochkeppel040125-scaled.jpg?fit=300%2C201&#038;ssl=1\" data-large-file=\"https:\/\/i0.wp.com\/www.jazzzeitung.de\/cms\/wp-content\/uploads\/2025\/01\/TonyKofi2_OliverHochkeppel040125-scaled.jpg?fit=840%2C563&#038;ssl=1\" src=\"https:\/\/i0.wp.com\/www.jazzzeitung.de\/cms\/wp-content\/uploads\/2025\/01\/TonyKofi2_OliverHochkeppel040125-scaled.jpg?w=556&#038;h=372&#038;ssl=1\" srcset=\"https:\/\/i0.wp.com\/www.jazzzeitung.de\/cms\/wp-content\/uploads\/2025\/01\/TonyKofi2_OliverHochkeppel040125-scaled.jpg?w=2560&amp;ssl=1 2560w, https:\/\/i0.wp.com\/www.jazzzeitung.de\/cms\/wp-content\/uploads\/2025\/01\/TonyKofi2_OliverHochkeppel040125-scaled.jpg?resize=300%2C201&amp;ssl=1 300w, https:\/\/i0.wp.com\/www.jazzzeitung.de\/cms\/wp-content\/uploads\/2025\/01\/TonyKofi2_OliverHochkeppel040125-scaled.jpg?resize=896%2C600&amp;ssl=1 896w, https:\/\/i0.wp.com\/www.jazzzeitung.de\/cms\/wp-content\/uploads\/2025\/01\/TonyKofi2_OliverHochkeppel040125-scaled.jpg?resize=768%2C514&amp;ssl=1 768w, https:\/\/i0.wp.com\/www.jazzzeitung.de\/cms\/wp-content\/uploads\/2025\/01\/TonyKofi2_OliverHochkeppel040125-scaled.jpg?resize=1536%2C1028&amp;ssl=1 1536w, https:\/\/i0.wp.com\/www.jazzzeitung.de\/cms\/wp-content\/uploads\/2025\/01\/TonyKofi2_OliverHochkeppel040125-scaled.jpg?resize=2048%2C1371&amp;ssl=1 2048w, https:\/\/i0.wp.com\/www.jazzzeitung.de\/cms\/wp-content\/uploads\/2025\/01\/TonyKofi2_OliverHochkeppel040125-scaled.jpg?resize=120%2C80&amp;ssl=1 120w, https:\/\/i0.wp.com\/www.jazzzeitung.de\/cms\/wp-content\/uploads\/2025\/01\/TonyKofi2_OliverHochkeppel040125-scaled.jpg?resize=1320%2C883&amp;ssl=1 1320w, https:\/\/i0.wp.com\/www.jazzzeitung.de\/cms\/wp-content\/uploads\/2025\/01\/TonyKofi2_OliverHochkeppel040125-scaled.jpg?w=1680&amp;ssl=1 1680w\" width=\"556\" height=\"372\" loading=\"lazy\" data-original-width=\"556\" data-original-height=\"372\" itemprop=\"http:\/\/schema.org\/image\" title=\"\" alt=\"Tony Kofi. Oliver Hochkeppel\" style=\"width: 556px; height: 372px;\" \/> <\/a> <div class=\"tiled-gallery-caption\" itemprop=\"caption description\"> Tony Kofi. Oliver Hochkeppel <\/div> <\/div> <\/div> <!-- close group --> <div class=\"gallery-group images-2\" style=\"width: 280px; height: 376px;\" data-original-width=\"280\" data-original-height=\"376\" > <div class=\"tiled-gallery-item tiled-gallery-item-large\" itemprop=\"associatedMedia\" itemscope itemtype=\"http:\/\/schema.org\/ImageObject\"> <a href=\"https:\/\/www.jazzzeitung.de\/cms\/2025\/01\/hier-ist-die-musik-welt-noch-in-ordnung-eindruecke-vom-internationalen-jazzfestival-muenster\/theoceccaldiyom1_oliverhochkeppel040125\/\" border=\"0\" itemprop=\"url\"> <meta itemprop=\"width\" content=\"276\"> <meta itemprop=\"height\" content=\"184\"> <img decoding=\"async\" class=\"\" data-attachment-id=\"32127\" data-orig-file=\"https:\/\/www.jazzzeitung.de\/cms\/wp-content\/uploads\/2025\/01\/TheoCeccaldiYom1_OliverHochkeppel040125-scaled.jpg\" data-orig-size=\"2560,1712\" data-comments-opened=\"1\" data-image-meta=\"{&quot;aperture&quot;:&quot;9&quot;,&quot;credit&quot;:&quot;&quot;,&quot;camera&quot;:&quot;ILCE-7M3&quot;,&quot;caption&quot;:&quot;&quot;,&quot;created_timestamp&quot;:&quot;1736102924&quot;,&quot;copyright&quot;:&quot;&quot;,&quot;focal_length&quot;:&quot;105&quot;,&quot;iso&quot;:&quot;4000&quot;,&quot;shutter_speed&quot;:&quot;0.01&quot;,&quot;title&quot;:&quot;&quot;,&quot;orientation&quot;:&quot;0&quot;}\" data-image-title=\"\" data-image-description=\"\" data-medium-file=\"https:\/\/i0.wp.com\/www.jazzzeitung.de\/cms\/wp-content\/uploads\/2025\/01\/TheoCeccaldiYom1_OliverHochkeppel040125-scaled.jpg?fit=300%2C201&#038;ssl=1\" data-large-file=\"https:\/\/i0.wp.com\/www.jazzzeitung.de\/cms\/wp-content\/uploads\/2025\/01\/TheoCeccaldiYom1_OliverHochkeppel040125-scaled.jpg?fit=840%2C562&#038;ssl=1\" src=\"https:\/\/i0.wp.com\/www.jazzzeitung.de\/cms\/wp-content\/uploads\/2025\/01\/TheoCeccaldiYom1_OliverHochkeppel040125-scaled.jpg?w=276&#038;h=184&#038;ssl=1\" srcset=\"https:\/\/i0.wp.com\/www.jazzzeitung.de\/cms\/wp-content\/uploads\/2025\/01\/TheoCeccaldiYom1_OliverHochkeppel040125-scaled.jpg?w=2560&amp;ssl=1 2560w, https:\/\/i0.wp.com\/www.jazzzeitung.de\/cms\/wp-content\/uploads\/2025\/01\/TheoCeccaldiYom1_OliverHochkeppel040125-scaled.jpg?resize=300%2C201&amp;ssl=1 300w, https:\/\/i0.wp.com\/www.jazzzeitung.de\/cms\/wp-content\/uploads\/2025\/01\/TheoCeccaldiYom1_OliverHochkeppel040125-scaled.jpg?resize=897%2C600&amp;ssl=1 897w, https:\/\/i0.wp.com\/www.jazzzeitung.de\/cms\/wp-content\/uploads\/2025\/01\/TheoCeccaldiYom1_OliverHochkeppel040125-scaled.jpg?resize=768%2C514&amp;ssl=1 768w, https:\/\/i0.wp.com\/www.jazzzeitung.de\/cms\/wp-content\/uploads\/2025\/01\/TheoCeccaldiYom1_OliverHochkeppel040125-scaled.jpg?resize=1536%2C1027&amp;ssl=1 1536w, https:\/\/i0.wp.com\/www.jazzzeitung.de\/cms\/wp-content\/uploads\/2025\/01\/TheoCeccaldiYom1_OliverHochkeppel040125-scaled.jpg?resize=2048%2C1369&amp;ssl=1 2048w, https:\/\/i0.wp.com\/www.jazzzeitung.de\/cms\/wp-content\/uploads\/2025\/01\/TheoCeccaldiYom1_OliverHochkeppel040125-scaled.jpg?resize=120%2C80&amp;ssl=1 120w, https:\/\/i0.wp.com\/www.jazzzeitung.de\/cms\/wp-content\/uploads\/2025\/01\/TheoCeccaldiYom1_OliverHochkeppel040125-scaled.jpg?resize=1320%2C883&amp;ssl=1 1320w, https:\/\/i0.wp.com\/www.jazzzeitung.de\/cms\/wp-content\/uploads\/2025\/01\/TheoCeccaldiYom1_OliverHochkeppel040125-scaled.jpg?w=1680&amp;ssl=1 1680w\" width=\"276\" height=\"184\" loading=\"lazy\" data-original-width=\"276\" data-original-height=\"184\" itemprop=\"http:\/\/schema.org\/image\" title=\"\" alt=\"Theo Ceccaldi Yom. Foto: Oliver Hochkeppel\" style=\"width: 276px; height: 184px;\" \/> <\/a> <div class=\"tiled-gallery-caption\" itemprop=\"caption description\"> Theo Ceccaldi Yom. Foto: Oliver Hochkeppel <\/div> <\/div> <div class=\"tiled-gallery-item tiled-gallery-item-large\" itemprop=\"associatedMedia\" itemscope itemtype=\"http:\/\/schema.org\/ImageObject\"> <a href=\"https:\/\/www.jazzzeitung.de\/cms\/2025\/01\/hier-ist-die-musik-welt-noch-in-ordnung-eindruecke-vom-internationalen-jazzfestival-muenster\/sclavisolivierlaisney1_oliverhochkeppel040125\/\" border=\"0\" itemprop=\"url\"> <meta itemprop=\"width\" content=\"276\"> <meta itemprop=\"height\" content=\"184\"> <img decoding=\"async\" class=\"\" data-attachment-id=\"32126\" data-orig-file=\"https:\/\/www.jazzzeitung.de\/cms\/wp-content\/uploads\/2025\/01\/SclavisOlivierLaisney1_OliverHochkeppel040125-scaled.jpg\" data-orig-size=\"2560,1707\" data-comments-opened=\"1\" data-image-meta=\"{&quot;aperture&quot;:&quot;0&quot;,&quot;credit&quot;:&quot;&quot;,&quot;camera&quot;:&quot;ILCE-7M3&quot;,&quot;caption&quot;:&quot;&quot;,&quot;created_timestamp&quot;:&quot;1736037981&quot;,&quot;copyright&quot;:&quot;&quot;,&quot;focal_length&quot;:&quot;0&quot;,&quot;iso&quot;:&quot;4000&quot;,&quot;shutter_speed&quot;:&quot;0&quot;,&quot;title&quot;:&quot;&quot;,&quot;orientation&quot;:&quot;0&quot;}\" data-image-title=\"\" data-image-description=\"\" data-medium-file=\"https:\/\/i0.wp.com\/www.jazzzeitung.de\/cms\/wp-content\/uploads\/2025\/01\/SclavisOlivierLaisney1_OliverHochkeppel040125-scaled.jpg?fit=300%2C200&#038;ssl=1\" data-large-file=\"https:\/\/i0.wp.com\/www.jazzzeitung.de\/cms\/wp-content\/uploads\/2025\/01\/SclavisOlivierLaisney1_OliverHochkeppel040125-scaled.jpg?fit=840%2C560&#038;ssl=1\" src=\"https:\/\/i0.wp.com\/www.jazzzeitung.de\/cms\/wp-content\/uploads\/2025\/01\/SclavisOlivierLaisney1_OliverHochkeppel040125-scaled.jpg?w=276&#038;h=184&#038;ssl=1\" srcset=\"https:\/\/i0.wp.com\/www.jazzzeitung.de\/cms\/wp-content\/uploads\/2025\/01\/SclavisOlivierLaisney1_OliverHochkeppel040125-scaled.jpg?w=2560&amp;ssl=1 2560w, https:\/\/i0.wp.com\/www.jazzzeitung.de\/cms\/wp-content\/uploads\/2025\/01\/SclavisOlivierLaisney1_OliverHochkeppel040125-scaled.jpg?resize=300%2C200&amp;ssl=1 300w, https:\/\/i0.wp.com\/www.jazzzeitung.de\/cms\/wp-content\/uploads\/2025\/01\/SclavisOlivierLaisney1_OliverHochkeppel040125-scaled.jpg?resize=900%2C600&amp;ssl=1 900w, https:\/\/i0.wp.com\/www.jazzzeitung.de\/cms\/wp-content\/uploads\/2025\/01\/SclavisOlivierLaisney1_OliverHochkeppel040125-scaled.jpg?resize=768%2C512&amp;ssl=1 768w, https:\/\/i0.wp.com\/www.jazzzeitung.de\/cms\/wp-content\/uploads\/2025\/01\/SclavisOlivierLaisney1_OliverHochkeppel040125-scaled.jpg?resize=1536%2C1024&amp;ssl=1 1536w, https:\/\/i0.wp.com\/www.jazzzeitung.de\/cms\/wp-content\/uploads\/2025\/01\/SclavisOlivierLaisney1_OliverHochkeppel040125-scaled.jpg?resize=2048%2C1365&amp;ssl=1 2048w, https:\/\/i0.wp.com\/www.jazzzeitung.de\/cms\/wp-content\/uploads\/2025\/01\/SclavisOlivierLaisney1_OliverHochkeppel040125-scaled.jpg?resize=120%2C80&amp;ssl=1 120w, https:\/\/i0.wp.com\/www.jazzzeitung.de\/cms\/wp-content\/uploads\/2025\/01\/SclavisOlivierLaisney1_OliverHochkeppel040125-scaled.jpg?resize=1320%2C880&amp;ssl=1 1320w, https:\/\/i0.wp.com\/www.jazzzeitung.de\/cms\/wp-content\/uploads\/2025\/01\/SclavisOlivierLaisney1_OliverHochkeppel040125-scaled.jpg?w=1680&amp;ssl=1 1680w\" width=\"276\" height=\"184\" loading=\"lazy\" data-original-width=\"276\" data-original-height=\"184\" itemprop=\"http:\/\/schema.org\/image\" title=\"\" alt=\"Louis Sclavis mit seinem lyrischen Quintett \u201eIndia\u201c: Olivier Laisney. Foto: Oliver Hochkeppel\" style=\"width: 276px; height: 184px;\" \/> <\/a> <div class=\"tiled-gallery-caption\" itemprop=\"caption description\"> Louis Sclavis mit seinem lyrischen Quintett \u201eIndia\u201c: Olivier Laisney. Foto: Oliver Hochkeppel <\/div> <\/div> <\/div> <!-- close group --> <\/div> <!-- close row --> <div class=\"gallery-row\" style=\"width: 840px; height: 725px;\" data-original-width=\"840\" data-original-height=\"725\" > <div class=\"gallery-group images-3\" style=\"width: 360px; height: 725px;\" data-original-width=\"360\" data-original-height=\"725\" > <div class=\"tiled-gallery-item tiled-gallery-item-large\" itemprop=\"associatedMedia\" itemscope itemtype=\"http:\/\/schema.org\/ImageObject\"> <a href=\"https:\/\/www.jazzzeitung.de\/cms\/2025\/01\/hier-ist-die-musik-welt-noch-in-ordnung-eindruecke-vom-internationalen-jazzfestival-muenster\/pr_reznichenkomunka1_oliverhochkeppel040125\/\" border=\"0\" itemprop=\"url\"> <meta itemprop=\"width\" content=\"356\"> <meta itemprop=\"height\" content=\"239\"> <img decoding=\"async\" class=\"\" data-attachment-id=\"32125\" data-orig-file=\"https:\/\/www.jazzzeitung.de\/cms\/wp-content\/uploads\/2025\/01\/PR_ReznichenkoMunka1_OliverHochkeppel040125-scaled.jpg\" data-orig-size=\"2560,1717\" data-comments-opened=\"1\" data-image-meta=\"{&quot;aperture&quot;:&quot;0&quot;,&quot;credit&quot;:&quot;&quot;,&quot;camera&quot;:&quot;ILCE-7M3&quot;,&quot;caption&quot;:&quot;&quot;,&quot;created_timestamp&quot;:&quot;1736092758&quot;,&quot;copyright&quot;:&quot;&quot;,&quot;focal_length&quot;:&quot;0&quot;,&quot;iso&quot;:&quot;4000&quot;,&quot;shutter_speed&quot;:&quot;0&quot;,&quot;title&quot;:&quot;&quot;,&quot;orientation&quot;:&quot;0&quot;}\" data-image-title=\"\" data-image-description=\"\" data-medium-file=\"https:\/\/i0.wp.com\/www.jazzzeitung.de\/cms\/wp-content\/uploads\/2025\/01\/PR_ReznichenkoMunka1_OliverHochkeppel040125-scaled.jpg?fit=300%2C201&#038;ssl=1\" data-large-file=\"https:\/\/i0.wp.com\/www.jazzzeitung.de\/cms\/wp-content\/uploads\/2025\/01\/PR_ReznichenkoMunka1_OliverHochkeppel040125-scaled.jpg?fit=840%2C563&#038;ssl=1\" src=\"https:\/\/i0.wp.com\/www.jazzzeitung.de\/cms\/wp-content\/uploads\/2025\/01\/PR_ReznichenkoMunka1_OliverHochkeppel040125-scaled.jpg?w=356&#038;h=239&#038;ssl=1\" srcset=\"https:\/\/i0.wp.com\/www.jazzzeitung.de\/cms\/wp-content\/uploads\/2025\/01\/PR_ReznichenkoMunka1_OliverHochkeppel040125-scaled.jpg?w=2560&amp;ssl=1 2560w, https:\/\/i0.wp.com\/www.jazzzeitung.de\/cms\/wp-content\/uploads\/2025\/01\/PR_ReznichenkoMunka1_OliverHochkeppel040125-scaled.jpg?resize=300%2C201&amp;ssl=1 300w, https:\/\/i0.wp.com\/www.jazzzeitung.de\/cms\/wp-content\/uploads\/2025\/01\/PR_ReznichenkoMunka1_OliverHochkeppel040125-scaled.jpg?resize=895%2C600&amp;ssl=1 895w, https:\/\/i0.wp.com\/www.jazzzeitung.de\/cms\/wp-content\/uploads\/2025\/01\/PR_ReznichenkoMunka1_OliverHochkeppel040125-scaled.jpg?resize=768%2C515&amp;ssl=1 768w, https:\/\/i0.wp.com\/www.jazzzeitung.de\/cms\/wp-content\/uploads\/2025\/01\/PR_ReznichenkoMunka1_OliverHochkeppel040125-scaled.jpg?resize=1536%2C1030&amp;ssl=1 1536w, https:\/\/i0.wp.com\/www.jazzzeitung.de\/cms\/wp-content\/uploads\/2025\/01\/PR_ReznichenkoMunka1_OliverHochkeppel040125-scaled.jpg?resize=2048%2C1373&amp;ssl=1 2048w, https:\/\/i0.wp.com\/www.jazzzeitung.de\/cms\/wp-content\/uploads\/2025\/01\/PR_ReznichenkoMunka1_OliverHochkeppel040125-scaled.jpg?resize=120%2C80&amp;ssl=1 120w, https:\/\/i0.wp.com\/www.jazzzeitung.de\/cms\/wp-content\/uploads\/2025\/01\/PR_ReznichenkoMunka1_OliverHochkeppel040125-scaled.jpg?resize=1320%2C885&amp;ssl=1 1320w, https:\/\/i0.wp.com\/www.jazzzeitung.de\/cms\/wp-content\/uploads\/2025\/01\/PR_ReznichenkoMunka1_OliverHochkeppel040125-scaled.jpg?w=1680&amp;ssl=1 1680w\" width=\"356\" height=\"239\" loading=\"lazy\" data-original-width=\"356\" data-original-height=\"239\" itemprop=\"http:\/\/schema.org\/image\" title=\"\" alt=\"Reznichenko Munka. Foto: Oliver Hochkeppel\" style=\"width: 356px; height: 239px;\" \/> <\/a> <div class=\"tiled-gallery-caption\" itemprop=\"caption description\"> Reznichenko Munka. Foto: Oliver Hochkeppel <\/div> <\/div> <div class=\"tiled-gallery-item tiled-gallery-item-large\" itemprop=\"associatedMedia\" itemscope itemtype=\"http:\/\/schema.org\/ImageObject\"> <a href=\"https:\/\/www.jazzzeitung.de\/cms\/2025\/01\/hier-ist-die-musik-welt-noch-in-ordnung-eindruecke-vom-internationalen-jazzfestival-muenster\/paulinereage1_oliverhochkeppel040125\/\" border=\"0\" itemprop=\"url\"> <meta itemprop=\"width\" content=\"356\"> <meta itemprop=\"height\" content=\"236\"> <img decoding=\"async\" class=\"\" data-attachment-id=\"32124\" data-orig-file=\"https:\/\/www.jazzzeitung.de\/cms\/wp-content\/uploads\/2025\/01\/PaulineReage1_OliverHochkeppel040125-scaled.jpg\" data-orig-size=\"2560,1701\" data-comments-opened=\"1\" data-image-meta=\"{&quot;aperture&quot;:&quot;0&quot;,&quot;credit&quot;:&quot;&quot;,&quot;camera&quot;:&quot;ILCE-7M3&quot;,&quot;caption&quot;:&quot;&quot;,&quot;created_timestamp&quot;:&quot;1736092076&quot;,&quot;copyright&quot;:&quot;&quot;,&quot;focal_length&quot;:&quot;0&quot;,&quot;iso&quot;:&quot;4000&quot;,&quot;shutter_speed&quot;:&quot;0&quot;,&quot;title&quot;:&quot;&quot;,&quot;orientation&quot;:&quot;0&quot;}\" data-image-title=\"\" data-image-description=\"\" data-medium-file=\"https:\/\/i0.wp.com\/www.jazzzeitung.de\/cms\/wp-content\/uploads\/2025\/01\/PaulineReage1_OliverHochkeppel040125-scaled.jpg?fit=300%2C199&#038;ssl=1\" data-large-file=\"https:\/\/i0.wp.com\/www.jazzzeitung.de\/cms\/wp-content\/uploads\/2025\/01\/PaulineReage1_OliverHochkeppel040125-scaled.jpg?fit=840%2C558&#038;ssl=1\" src=\"https:\/\/i0.wp.com\/www.jazzzeitung.de\/cms\/wp-content\/uploads\/2025\/01\/PaulineReage1_OliverHochkeppel040125-scaled.jpg?w=356&#038;h=236&#038;ssl=1\" srcset=\"https:\/\/i0.wp.com\/www.jazzzeitung.de\/cms\/wp-content\/uploads\/2025\/01\/PaulineReage1_OliverHochkeppel040125-scaled.jpg?w=2560&amp;ssl=1 2560w, https:\/\/i0.wp.com\/www.jazzzeitung.de\/cms\/wp-content\/uploads\/2025\/01\/PaulineReage1_OliverHochkeppel040125-scaled.jpg?resize=300%2C199&amp;ssl=1 300w, https:\/\/i0.wp.com\/www.jazzzeitung.de\/cms\/wp-content\/uploads\/2025\/01\/PaulineReage1_OliverHochkeppel040125-scaled.jpg?resize=900%2C598&amp;ssl=1 900w, https:\/\/i0.wp.com\/www.jazzzeitung.de\/cms\/wp-content\/uploads\/2025\/01\/PaulineReage1_OliverHochkeppel040125-scaled.jpg?resize=768%2C510&amp;ssl=1 768w, https:\/\/i0.wp.com\/www.jazzzeitung.de\/cms\/wp-content\/uploads\/2025\/01\/PaulineReage1_OliverHochkeppel040125-scaled.jpg?resize=1536%2C1021&amp;ssl=1 1536w, https:\/\/i0.wp.com\/www.jazzzeitung.de\/cms\/wp-content\/uploads\/2025\/01\/PaulineReage1_OliverHochkeppel040125-scaled.jpg?resize=2048%2C1361&amp;ssl=1 2048w, https:\/\/i0.wp.com\/www.jazzzeitung.de\/cms\/wp-content\/uploads\/2025\/01\/PaulineReage1_OliverHochkeppel040125-scaled.jpg?resize=120%2C80&amp;ssl=1 120w, https:\/\/i0.wp.com\/www.jazzzeitung.de\/cms\/wp-content\/uploads\/2025\/01\/PaulineReage1_OliverHochkeppel040125-scaled.jpg?resize=1320%2C877&amp;ssl=1 1320w, https:\/\/i0.wp.com\/www.jazzzeitung.de\/cms\/wp-content\/uploads\/2025\/01\/PaulineReage1_OliverHochkeppel040125-scaled.jpg?w=1680&amp;ssl=1 1680w\" width=\"356\" height=\"236\" loading=\"lazy\" data-original-width=\"356\" data-original-height=\"236\" itemprop=\"http:\/\/schema.org\/image\" title=\"\" alt=\"Pauline Reage. Foto: Oliver Hochkeppel\" style=\"width: 356px; height: 236px;\" \/> <\/a> <div class=\"tiled-gallery-caption\" itemprop=\"caption description\"> Pauline Reage. Foto: Oliver Hochkeppel <\/div> <\/div> <div class=\"tiled-gallery-item tiled-gallery-item-large\" itemprop=\"associatedMedia\" itemscope itemtype=\"http:\/\/schema.org\/ImageObject\"> <a href=\"https:\/\/www.jazzzeitung.de\/cms\/2025\/01\/hier-ist-die-musik-welt-noch-in-ordnung-eindruecke-vom-internationalen-jazzfestival-muenster\/odysseymajidbekkas2_oliverhochkeppel040125\/\" border=\"0\" itemprop=\"url\"> <meta itemprop=\"width\" content=\"356\"> <meta itemprop=\"height\" content=\"238\"> <img decoding=\"async\" class=\"\" data-attachment-id=\"32123\" data-orig-file=\"https:\/\/www.jazzzeitung.de\/cms\/wp-content\/uploads\/2025\/01\/OdysseyMajidBekkas2_OliverHochkeppel040125-scaled.jpg\" data-orig-size=\"2560,1715\" data-comments-opened=\"1\" data-image-meta=\"{&quot;aperture&quot;:&quot;0&quot;,&quot;credit&quot;:&quot;&quot;,&quot;camera&quot;:&quot;ILCE-7M3&quot;,&quot;caption&quot;:&quot;&quot;,&quot;created_timestamp&quot;:&quot;1736115220&quot;,&quot;copyright&quot;:&quot;&quot;,&quot;focal_length&quot;:&quot;0&quot;,&quot;iso&quot;:&quot;4000&quot;,&quot;shutter_speed&quot;:&quot;0&quot;,&quot;title&quot;:&quot;&quot;,&quot;orientation&quot;:&quot;0&quot;}\" data-image-title=\"\" data-image-description=\"\" data-medium-file=\"https:\/\/i0.wp.com\/www.jazzzeitung.de\/cms\/wp-content\/uploads\/2025\/01\/OdysseyMajidBekkas2_OliverHochkeppel040125-scaled.jpg?fit=300%2C201&#038;ssl=1\" data-large-file=\"https:\/\/i0.wp.com\/www.jazzzeitung.de\/cms\/wp-content\/uploads\/2025\/01\/OdysseyMajidBekkas2_OliverHochkeppel040125-scaled.jpg?fit=840%2C563&#038;ssl=1\" src=\"https:\/\/i0.wp.com\/www.jazzzeitung.de\/cms\/wp-content\/uploads\/2025\/01\/OdysseyMajidBekkas2_OliverHochkeppel040125-scaled.jpg?w=356&#038;h=238&#038;ssl=1\" srcset=\"https:\/\/i0.wp.com\/www.jazzzeitung.de\/cms\/wp-content\/uploads\/2025\/01\/OdysseyMajidBekkas2_OliverHochkeppel040125-scaled.jpg?w=2560&amp;ssl=1 2560w, https:\/\/i0.wp.com\/www.jazzzeitung.de\/cms\/wp-content\/uploads\/2025\/01\/OdysseyMajidBekkas2_OliverHochkeppel040125-scaled.jpg?resize=300%2C201&amp;ssl=1 300w, https:\/\/i0.wp.com\/www.jazzzeitung.de\/cms\/wp-content\/uploads\/2025\/01\/OdysseyMajidBekkas2_OliverHochkeppel040125-scaled.jpg?resize=896%2C600&amp;ssl=1 896w, https:\/\/i0.wp.com\/www.jazzzeitung.de\/cms\/wp-content\/uploads\/2025\/01\/OdysseyMajidBekkas2_OliverHochkeppel040125-scaled.jpg?resize=768%2C514&amp;ssl=1 768w, https:\/\/i0.wp.com\/www.jazzzeitung.de\/cms\/wp-content\/uploads\/2025\/01\/OdysseyMajidBekkas2_OliverHochkeppel040125-scaled.jpg?resize=1536%2C1029&amp;ssl=1 1536w, https:\/\/i0.wp.com\/www.jazzzeitung.de\/cms\/wp-content\/uploads\/2025\/01\/OdysseyMajidBekkas2_OliverHochkeppel040125-scaled.jpg?resize=2048%2C1372&amp;ssl=1 2048w, https:\/\/i0.wp.com\/www.jazzzeitung.de\/cms\/wp-content\/uploads\/2025\/01\/OdysseyMajidBekkas2_OliverHochkeppel040125-scaled.jpg?resize=120%2C80&amp;ssl=1 120w, https:\/\/i0.wp.com\/www.jazzzeitung.de\/cms\/wp-content\/uploads\/2025\/01\/OdysseyMajidBekkas2_OliverHochkeppel040125-scaled.jpg?resize=1320%2C884&amp;ssl=1 1320w, https:\/\/i0.wp.com\/www.jazzzeitung.de\/cms\/wp-content\/uploads\/2025\/01\/OdysseyMajidBekkas2_OliverHochkeppel040125-scaled.jpg?w=1680&amp;ssl=1 1680w\" width=\"356\" height=\"238\" loading=\"lazy\" data-original-width=\"356\" data-original-height=\"238\" itemprop=\"http:\/\/schema.org\/image\" title=\"\" alt=\"Odyssey Majid Bekkas. Foto: Oliver Hochkeppel\" style=\"width: 356px; height: 238px;\" \/> <\/a> <div class=\"tiled-gallery-caption\" itemprop=\"caption description\"> Odyssey Majid Bekkas. Foto: Oliver Hochkeppel <\/div> <\/div> <\/div> <!-- close group --> <div class=\"gallery-group images-1\" style=\"width: 480px; height: 725px;\" data-original-width=\"480\" data-original-height=\"725\" > <div class=\"tiled-gallery-item tiled-gallery-item-large\" itemprop=\"associatedMedia\" itemscope itemtype=\"http:\/\/schema.org\/ImageObject\"> <a href=\"https:\/\/www.jazzzeitung.de\/cms\/2025\/01\/hier-ist-die-musik-welt-noch-in-ordnung-eindruecke-vom-internationalen-jazzfestival-muenster\/brainteasertynwybenga4_oliverhochkeppel040125\/\" border=\"0\" itemprop=\"url\"> <meta itemprop=\"width\" content=\"476\"> <meta itemprop=\"height\" content=\"721\"> <img decoding=\"async\" class=\"\" data-attachment-id=\"32122\" data-orig-file=\"https:\/\/www.jazzzeitung.de\/cms\/wp-content\/uploads\/2025\/01\/BrainteaserTynWybenga4_OliverHochkeppel040125-scaled.jpg\" data-orig-size=\"1691,2560\" data-comments-opened=\"1\" data-image-meta=\"{&quot;aperture&quot;:&quot;0&quot;,&quot;credit&quot;:&quot;&quot;,&quot;camera&quot;:&quot;ILCE-7M3&quot;,&quot;caption&quot;:&quot;&quot;,&quot;created_timestamp&quot;:&quot;1735934129&quot;,&quot;copyright&quot;:&quot;&quot;,&quot;focal_length&quot;:&quot;0&quot;,&quot;iso&quot;:&quot;5000&quot;,&quot;shutter_speed&quot;:&quot;0&quot;,&quot;title&quot;:&quot;&quot;,&quot;orientation&quot;:&quot;0&quot;}\" data-image-title=\"\" data-image-description=\"\" data-medium-file=\"https:\/\/i0.wp.com\/www.jazzzeitung.de\/cms\/wp-content\/uploads\/2025\/01\/BrainteaserTynWybenga4_OliverHochkeppel040125-scaled.jpg?fit=198%2C300&#038;ssl=1\" data-large-file=\"https:\/\/i0.wp.com\/www.jazzzeitung.de\/cms\/wp-content\/uploads\/2025\/01\/BrainteaserTynWybenga4_OliverHochkeppel040125-scaled.jpg?fit=396%2C600&#038;ssl=1\" src=\"https:\/\/i0.wp.com\/www.jazzzeitung.de\/cms\/wp-content\/uploads\/2025\/01\/BrainteaserTynWybenga4_OliverHochkeppel040125-scaled.jpg?w=476&#038;h=721&#038;ssl=1\" srcset=\"https:\/\/i0.wp.com\/www.jazzzeitung.de\/cms\/wp-content\/uploads\/2025\/01\/BrainteaserTynWybenga4_OliverHochkeppel040125-scaled.jpg?w=1691&amp;ssl=1 1691w, https:\/\/i0.wp.com\/www.jazzzeitung.de\/cms\/wp-content\/uploads\/2025\/01\/BrainteaserTynWybenga4_OliverHochkeppel040125-scaled.jpg?resize=198%2C300&amp;ssl=1 198w, https:\/\/i0.wp.com\/www.jazzzeitung.de\/cms\/wp-content\/uploads\/2025\/01\/BrainteaserTynWybenga4_OliverHochkeppel040125-scaled.jpg?resize=396%2C600&amp;ssl=1 396w, https:\/\/i0.wp.com\/www.jazzzeitung.de\/cms\/wp-content\/uploads\/2025\/01\/BrainteaserTynWybenga4_OliverHochkeppel040125-scaled.jpg?resize=768%2C1163&amp;ssl=1 768w, https:\/\/i0.wp.com\/www.jazzzeitung.de\/cms\/wp-content\/uploads\/2025\/01\/BrainteaserTynWybenga4_OliverHochkeppel040125-scaled.jpg?resize=1015%2C1536&amp;ssl=1 1015w, https:\/\/i0.wp.com\/www.jazzzeitung.de\/cms\/wp-content\/uploads\/2025\/01\/BrainteaserTynWybenga4_OliverHochkeppel040125-scaled.jpg?resize=1353%2C2048&amp;ssl=1 1353w, https:\/\/i0.wp.com\/www.jazzzeitung.de\/cms\/wp-content\/uploads\/2025\/01\/BrainteaserTynWybenga4_OliverHochkeppel040125-scaled.jpg?resize=1320%2C1998&amp;ssl=1 1320w\" width=\"476\" height=\"721\" loading=\"lazy\" data-original-width=\"476\" data-original-height=\"721\" itemprop=\"http:\/\/schema.org\/image\" title=\"\" alt=\"Brainteaser: Tyn Wybenga. Foto: OliverHochkeppel\" style=\"width: 476px; height: 721px;\" \/> <\/a> <div class=\"tiled-gallery-caption\" itemprop=\"caption description\"> Brainteaser: Tyn Wybenga. Foto: OliverHochkeppel <\/div> <\/div> <\/div> <!-- close group --> <\/div> <!-- close row --> <\/div>\n<p>Versenkung war auch das Stichwort f\u00fcr das beeindruckenden Trio des franz\u00f6sischen Klarinettisten Yom (b\u00fcrgerlich Guillaume Humery) mit den Br\u00fcdern Theo und Valentin Ceccaldi. Meist im Lotussitz spielend schlug Yom mit seinen St\u00fccken die Br\u00fccke zwischen sakraler und weltlicher Musik, zwischen Orient und Okzident und zwischen filigranstem Feinklang und furioser Aufwallung \u2013 getreu des Programmtitels \u201eLe Rhythme du silence\u201c. Ein weiterer absoluter H\u00f6hepunkt.<\/p>\n<p>Und auch wenn das Klangergebnis v\u00f6llig anders war, war der Weg davon zum britischen Saxofonisten Xhosa Cole gar nicht so weit: Auch er l\u00e4sst sich spirituell-mystisch inspirieren, vor allem von Thelonious Monk, dessen Musik sich sein Quartett <em>Freemonk<\/em> explizit widmete. Eine indirekte Verbeugung vor dem zur\u00fcckgetretenen, hier oft pr\u00e4senten gr\u00f6\u00dften deutschen Jazz-Pianisten Joachim K\u00fchn war schlie\u00dflich das gro\u00dfe Finale. Der erst 25-j\u00e4hrige Marimba-Spieler Andres Coll aus Ibiza ist eine Entdeckung des bekanntlich dort lebenden K\u00fchn. Und so wirbelte der junge Wilde jetzt auch in M\u00fcnster hier an der Seite der langj\u00e4hrigen K\u00fchn-Weggef\u00e4hrten Majid Bekkas, Ramon Lopez und Mateusz Smoczynski.<\/p>\n<p>Mit gro\u00dfem anschlie\u00dfendem Jubel, wie nach fast jedem Konzert bei diesem wie immer Monate vorher ausverkauften Festival. Mag anderswo alles schwieriger werden, vom Umfeld und der Finanzierung bis hin zum Publikumszuspruch -hier in M\u00fcnster kann man sich noch wie in einer guten alten Vor-Corona-Zeit f\u00fchlen. Allerdings ist auch hier daf\u00fcr in erster Linie die Generation Schm\u00fcckers verantwortlich. Soll es so innovativ, erfolgreich und gro\u00dffamili\u00e4r bleiben, dann muss auch hier bald etwas nachkommen.<\/p>\n<p>Fotos und Text: Oliver Hochkeppel<\/p>\n","protected":false},"excerpt":{"rendered":"<p>Das Internationale Jazzfestival M\u00fcnster beginnt eigentlich stets mit Neujahrsw\u00fcnschen. Findet es doch alle zwei Jahre (in den gerade gibt es inzwischen die \u201eShort Cuts\u201c mit nur einem Tag) am ersten Wochenende des Jahres statt, was einen also diesmal gleich am 3. Januar ins Theater der Stadt f\u00fchrte, dieses wundervolle F\u00fcnfzigerjahre-Juwel. Ein friedvolleres neues Jahr als das abgelaufene w\u00fcnschte also Festivalleiter Fritz Schm\u00fccker und kam wie vor zwei Jahren angesichts des Zustandes der Welt nicht umhin, darauf hinzuweisen, wie privilegiert man hier sei, bei einer vorbildhaften Zusammenkunft im Geiste des Miteinanders. Tats\u00e4chlich kam einem von fern angereisten Betrachter das Festival in vielerlei Hinsicht wie eine Insel der Seligen vor. Doch dazu sp\u00e4ter mehr. Den Gedanken des Miteinanders wie den Titel \u201eInternational\u201c h\u00e4tte das Auftaktkonzert kaum besser illustrieren k\u00f6nnen: Im 13-k\u00f6pfigen Amsterdamer Brainteaser Orchestra des jungen Gro\u00dfensemble-Masterminds Tyn Wybenga sa\u00dfen einschlie\u00dflich des Stargastes Theo Ceccaldi Frauen und M\u00e4nner aus acht Nationen. Und schufen zusammen wie schon beim gefeierten Auftritt in Saalfelden wahrlich grenzenlose Klanglandschaften. A propos Saalfelden: Beide in manchem \u00e4hnliche Festivals verlangen dem Besucher einiges ab. In M\u00fcnster hei\u00dft das: Jeweils vier Stunden-Konzerte im gro\u00dfen Haus, &hellip;<\/p>\n","protected":false},"author":18,"featured_media":32106,"comment_status":"open","ping_status":"closed","sticky":false,"template":"","format":"standard","meta":{"_jetpack_memberships_contains_paid_content":false,"footnotes":"","jetpack_publicize_message":"","jetpack_publicize_feature_enabled":true,"jetpack_social_post_already_shared":true,"jetpack_social_options":{"image_generator_settings":{"template":"highway","default_image_id":0,"font":"","enabled":false},"version":2}},"categories":[1053,652],"tags":[1419,5569,5570,5571],"coauthors":[695],"class_list":["post-32104","post","type-post","status-publish","format-standard","has-post-thumbnail","hentry","category-bericht","category-galerie","tag-clara-haberkamp","tag-internationales-jazzfestival-muenster-fritz-schmuecker","tag-makiko-hirabayashi","tag-nabou-clairhout"],"yoast_head":"<!-- This site is optimized with the Yoast SEO plugin v27.5 - https:\/\/yoast.com\/product\/yoast-seo-wordpress\/ -->\n<title>Hier ist die Musik-Welt noch in Ordnung: Eindr\u00fccke vom Internationalen Jazzfestival M\u00fcnster - JazzZeitung<\/title>\n<meta name=\"robots\" content=\"index, follow, max-snippet:-1, max-image-preview:large, max-video-preview:-1\" \/>\n<link rel=\"canonical\" href=\"https:\/\/www.jazzzeitung.de\/cms\/2025\/01\/hier-ist-die-musik-welt-noch-in-ordnung-eindruecke-vom-internationalen-jazzfestival-muenster\/\" \/>\n<meta property=\"og:locale\" content=\"de_DE\" \/>\n<meta property=\"og:type\" content=\"article\" \/>\n<meta property=\"og:title\" content=\"Hier ist die Musik-Welt noch in Ordnung: Eindr\u00fccke vom Internationalen Jazzfestival M\u00fcnster - JazzZeitung\" \/>\n<meta property=\"og:description\" content=\"Das Internationale Jazzfestival M\u00fcnster beginnt eigentlich stets mit Neujahrsw\u00fcnschen. Findet es doch alle zwei Jahre (in den gerade gibt es inzwischen die \u201eShort Cuts\u201c mit nur einem Tag) am ersten Wochenende des Jahres statt, was einen also diesmal gleich am 3. Januar ins Theater der Stadt f\u00fchrte, dieses wundervolle F\u00fcnfzigerjahre-Juwel. Ein friedvolleres neues Jahr als das abgelaufene w\u00fcnschte also Festivalleiter Fritz Schm\u00fccker und kam wie vor zwei Jahren angesichts des Zustandes der Welt nicht umhin, darauf hinzuweisen, wie privilegiert man hier sei, bei einer vorbildhaften Zusammenkunft im Geiste des Miteinanders. Tats\u00e4chlich kam einem von fern angereisten Betrachter das Festival in vielerlei Hinsicht wie eine Insel der Seligen vor. Doch dazu sp\u00e4ter mehr. Den Gedanken des Miteinanders wie den Titel \u201eInternational\u201c h\u00e4tte das Auftaktkonzert kaum besser illustrieren k\u00f6nnen: Im 13-k\u00f6pfigen Amsterdamer Brainteaser Orchestra des jungen Gro\u00dfensemble-Masterminds Tyn Wybenga sa\u00dfen einschlie\u00dflich des Stargastes Theo Ceccaldi Frauen und M\u00e4nner aus acht Nationen. Und schufen zusammen wie schon beim gefeierten Auftritt in Saalfelden wahrlich grenzenlose Klanglandschaften. A propos Saalfelden: Beide in manchem \u00e4hnliche Festivals verlangen dem Besucher einiges ab. In M\u00fcnster hei\u00dft das: Jeweils vier Stunden-Konzerte im gro\u00dfen Haus, &hellip;\" \/>\n<meta property=\"og:url\" content=\"https:\/\/www.jazzzeitung.de\/cms\/2025\/01\/hier-ist-die-musik-welt-noch-in-ordnung-eindruecke-vom-internationalen-jazzfestival-muenster\/\" \/>\n<meta property=\"og:site_name\" content=\"JazzZeitung\" \/>\n<meta property=\"article:publisher\" content=\"https:\/\/www.facebook.com\/JazzZeitung\/\" \/>\n<meta property=\"article:published_time\" content=\"2025-01-16T11:51:01+00:00\" \/>\n<meta property=\"article:modified_time\" content=\"2025-02-14T13:59:34+00:00\" \/>\n<meta property=\"og:image\" content=\"https:\/\/www.jazzzeitung.de\/cms\/wp-content\/uploads\/2025\/01\/AlinaBzhezhinskaTonyKofi1_OliverHochkeppel040125-scaled.jpg\" \/>\n\t<meta property=\"og:image:width\" content=\"2560\" \/>\n\t<meta property=\"og:image:height\" content=\"1711\" \/>\n\t<meta property=\"og:image:type\" content=\"image\/jpeg\" \/>\n<meta name=\"author\" content=\"Redaktion JazzZeitung\" \/>\n<script type=\"application\/ld+json\" class=\"yoast-schema-graph\">{\"@context\":\"https:\\\/\\\/schema.org\",\"@graph\":[{\"@type\":\"Article\",\"@id\":\"https:\\\/\\\/www.jazzzeitung.de\\\/cms\\\/2025\\\/01\\\/hier-ist-die-musik-welt-noch-in-ordnung-eindruecke-vom-internationalen-jazzfestival-muenster\\\/#article\",\"isPartOf\":{\"@id\":\"https:\\\/\\\/www.jazzzeitung.de\\\/cms\\\/2025\\\/01\\\/hier-ist-die-musik-welt-noch-in-ordnung-eindruecke-vom-internationalen-jazzfestival-muenster\\\/\"},\"author\":{\"name\":\"Redaktion JazzZeitung\",\"@id\":\"https:\\\/\\\/www.jazzzeitung.de\\\/cms\\\/#\\\/schema\\\/person\\\/2245b36b9cd1d24cea10f01c031fb92b\"},\"headline\":\"Hier ist die Musik-Welt noch in Ordnung: Eindr\u00fccke vom Internationalen Jazzfestival M\u00fcnster\",\"datePublished\":\"2025-01-16T11:51:01+00:00\",\"dateModified\":\"2025-02-14T13:59:34+00:00\",\"mainEntityOfPage\":{\"@id\":\"https:\\\/\\\/www.jazzzeitung.de\\\/cms\\\/2025\\\/01\\\/hier-ist-die-musik-welt-noch-in-ordnung-eindruecke-vom-internationalen-jazzfestival-muenster\\\/\"},\"wordCount\":1290,\"commentCount\":0,\"publisher\":{\"@id\":\"https:\\\/\\\/www.jazzzeitung.de\\\/cms\\\/#organization\"},\"image\":{\"@id\":\"https:\\\/\\\/www.jazzzeitung.de\\\/cms\\\/2025\\\/01\\\/hier-ist-die-musik-welt-noch-in-ordnung-eindruecke-vom-internationalen-jazzfestival-muenster\\\/#primaryimage\"},\"thumbnailUrl\":\"https:\\\/\\\/i0.wp.com\\\/www.jazzzeitung.de\\\/cms\\\/wp-content\\\/uploads\\\/2025\\\/01\\\/AlinaBzhezhinskaTonyKofi1_OliverHochkeppel040125-scaled.jpg?fit=2560%2C1711&ssl=1\",\"keywords\":[\"clara haberkamp\",\"Internationales Jazzfestival M\u00fcnster. Fritz Schm\u00fccker\",\"Makiko Hirabayashi\",\"Nabou Clairhout\"],\"articleSection\":[\"Bericht\",\"Galerie\"],\"inLanguage\":\"de\",\"potentialAction\":[{\"@type\":\"CommentAction\",\"name\":\"Comment\",\"target\":[\"https:\\\/\\\/www.jazzzeitung.de\\\/cms\\\/2025\\\/01\\\/hier-ist-die-musik-welt-noch-in-ordnung-eindruecke-vom-internationalen-jazzfestival-muenster\\\/#respond\"]}]},{\"@type\":\"WebPage\",\"@id\":\"https:\\\/\\\/www.jazzzeitung.de\\\/cms\\\/2025\\\/01\\\/hier-ist-die-musik-welt-noch-in-ordnung-eindruecke-vom-internationalen-jazzfestival-muenster\\\/\",\"url\":\"https:\\\/\\\/www.jazzzeitung.de\\\/cms\\\/2025\\\/01\\\/hier-ist-die-musik-welt-noch-in-ordnung-eindruecke-vom-internationalen-jazzfestival-muenster\\\/\",\"name\":\"Hier ist die Musik-Welt noch in Ordnung: Eindr\u00fccke vom Internationalen Jazzfestival M\u00fcnster - JazzZeitung\",\"isPartOf\":{\"@id\":\"https:\\\/\\\/www.jazzzeitung.de\\\/cms\\\/#website\"},\"primaryImageOfPage\":{\"@id\":\"https:\\\/\\\/www.jazzzeitung.de\\\/cms\\\/2025\\\/01\\\/hier-ist-die-musik-welt-noch-in-ordnung-eindruecke-vom-internationalen-jazzfestival-muenster\\\/#primaryimage\"},\"image\":{\"@id\":\"https:\\\/\\\/www.jazzzeitung.de\\\/cms\\\/2025\\\/01\\\/hier-ist-die-musik-welt-noch-in-ordnung-eindruecke-vom-internationalen-jazzfestival-muenster\\\/#primaryimage\"},\"thumbnailUrl\":\"https:\\\/\\\/i0.wp.com\\\/www.jazzzeitung.de\\\/cms\\\/wp-content\\\/uploads\\\/2025\\\/01\\\/AlinaBzhezhinskaTonyKofi1_OliverHochkeppel040125-scaled.jpg?fit=2560%2C1711&ssl=1\",\"datePublished\":\"2025-01-16T11:51:01+00:00\",\"dateModified\":\"2025-02-14T13:59:34+00:00\",\"breadcrumb\":{\"@id\":\"https:\\\/\\\/www.jazzzeitung.de\\\/cms\\\/2025\\\/01\\\/hier-ist-die-musik-welt-noch-in-ordnung-eindruecke-vom-internationalen-jazzfestival-muenster\\\/#breadcrumb\"},\"inLanguage\":\"de\",\"potentialAction\":[{\"@type\":\"ReadAction\",\"target\":[\"https:\\\/\\\/www.jazzzeitung.de\\\/cms\\\/2025\\\/01\\\/hier-ist-die-musik-welt-noch-in-ordnung-eindruecke-vom-internationalen-jazzfestival-muenster\\\/\"]}]},{\"@type\":\"ImageObject\",\"inLanguage\":\"de\",\"@id\":\"https:\\\/\\\/www.jazzzeitung.de\\\/cms\\\/2025\\\/01\\\/hier-ist-die-musik-welt-noch-in-ordnung-eindruecke-vom-internationalen-jazzfestival-muenster\\\/#primaryimage\",\"url\":\"https:\\\/\\\/i0.wp.com\\\/www.jazzzeitung.de\\\/cms\\\/wp-content\\\/uploads\\\/2025\\\/01\\\/AlinaBzhezhinskaTonyKofi1_OliverHochkeppel040125-scaled.jpg?fit=2560%2C1711&ssl=1\",\"contentUrl\":\"https:\\\/\\\/i0.wp.com\\\/www.jazzzeitung.de\\\/cms\\\/wp-content\\\/uploads\\\/2025\\\/01\\\/AlinaBzhezhinskaTonyKofi1_OliverHochkeppel040125-scaled.jpg?fit=2560%2C1711&ssl=1\",\"width\":2560,\"height\":1711},{\"@type\":\"BreadcrumbList\",\"@id\":\"https:\\\/\\\/www.jazzzeitung.de\\\/cms\\\/2025\\\/01\\\/hier-ist-die-musik-welt-noch-in-ordnung-eindruecke-vom-internationalen-jazzfestival-muenster\\\/#breadcrumb\",\"itemListElement\":[{\"@type\":\"ListItem\",\"position\":1,\"name\":\"Startseite\",\"item\":\"https:\\\/\\\/www.jazzzeitung.de\\\/cms\\\/\"},{\"@type\":\"ListItem\",\"position\":2,\"name\":\"Hier ist die Musik-Welt noch in Ordnung: Eindr\u00fccke vom Internationalen Jazzfestival M\u00fcnster\"}]},{\"@type\":\"WebSite\",\"@id\":\"https:\\\/\\\/www.jazzzeitung.de\\\/cms\\\/#website\",\"url\":\"https:\\\/\\\/www.jazzzeitung.de\\\/cms\\\/\",\"name\":\"JazzZeitung\",\"description\":\"Jazz-News und Jazz-Kontroverses\",\"publisher\":{\"@id\":\"https:\\\/\\\/www.jazzzeitung.de\\\/cms\\\/#organization\"},\"potentialAction\":[{\"@type\":\"SearchAction\",\"target\":{\"@type\":\"EntryPoint\",\"urlTemplate\":\"https:\\\/\\\/www.jazzzeitung.de\\\/cms\\\/?s={search_term_string}\"},\"query-input\":{\"@type\":\"PropertyValueSpecification\",\"valueRequired\":true,\"valueName\":\"search_term_string\"}}],\"inLanguage\":\"de\"},{\"@type\":\"Organization\",\"@id\":\"https:\\\/\\\/www.jazzzeitung.de\\\/cms\\\/#organization\",\"name\":\"JazzZeitung online\",\"url\":\"https:\\\/\\\/www.jazzzeitung.de\\\/cms\\\/\",\"logo\":{\"@type\":\"ImageObject\",\"inLanguage\":\"de\",\"@id\":\"https:\\\/\\\/www.jazzzeitung.de\\\/cms\\\/#\\\/schema\\\/logo\\\/image\\\/\",\"url\":\"https:\\\/\\\/i0.wp.com\\\/www.jazzzeitung.de\\\/cms\\\/wp-content\\\/uploads\\\/2015\\\/08\\\/JAZZZEITUNGDE_Logo_Neu.png?fit=499%2C200&ssl=1\",\"contentUrl\":\"https:\\\/\\\/i0.wp.com\\\/www.jazzzeitung.de\\\/cms\\\/wp-content\\\/uploads\\\/2015\\\/08\\\/JAZZZEITUNGDE_Logo_Neu.png?fit=499%2C200&ssl=1\",\"width\":499,\"height\":200,\"caption\":\"JazzZeitung online\"},\"image\":{\"@id\":\"https:\\\/\\\/www.jazzzeitung.de\\\/cms\\\/#\\\/schema\\\/logo\\\/image\\\/\"},\"sameAs\":[\"https:\\\/\\\/www.facebook.com\\\/JazzZeitung\\\/\"]},{\"@type\":\"Person\",\"@id\":\"https:\\\/\\\/www.jazzzeitung.de\\\/cms\\\/#\\\/schema\\\/person\\\/2245b36b9cd1d24cea10f01c031fb92b\",\"name\":\"Redaktion JazzZeitung\",\"image\":{\"@type\":\"ImageObject\",\"inLanguage\":\"de\",\"@id\":\"https:\\\/\\\/i0.wp.com\\\/www.jazzzeitung.de\\\/cms\\\/wp-content\\\/uploads\\\/2015\\\/08\\\/JAZZZEITUNGDE_Logo_Neu.png?resize=96%2C96&ssl=159975dcacb611b5700bd619b5daf0a7a\",\"url\":\"https:\\\/\\\/i0.wp.com\\\/www.jazzzeitung.de\\\/cms\\\/wp-content\\\/uploads\\\/2015\\\/08\\\/JAZZZEITUNGDE_Logo_Neu.png?resize=96%2C96&ssl=1\",\"contentUrl\":\"https:\\\/\\\/i0.wp.com\\\/www.jazzzeitung.de\\\/cms\\\/wp-content\\\/uploads\\\/2015\\\/08\\\/JAZZZEITUNGDE_Logo_Neu.png?resize=96%2C96&ssl=1\",\"caption\":\"Redaktion JazzZeitung\"},\"description\":\"Artikel der Redaktion der JazzZeitung.\",\"sameAs\":[\"http:\\\/\\\/www.jazzzeitung.de\\\/cms\\\/\"],\"url\":\"https:\\\/\\\/www.jazzzeitung.de\\\/cms\\\/author\\\/redaktion\\\/\"}]}<\/script>\n<!-- \/ Yoast SEO plugin. -->","yoast_head_json":{"title":"Hier ist die Musik-Welt noch in Ordnung: Eindr\u00fccke vom Internationalen Jazzfestival M\u00fcnster - JazzZeitung","robots":{"index":"index","follow":"follow","max-snippet":"max-snippet:-1","max-image-preview":"max-image-preview:large","max-video-preview":"max-video-preview:-1"},"canonical":"https:\/\/www.jazzzeitung.de\/cms\/2025\/01\/hier-ist-die-musik-welt-noch-in-ordnung-eindruecke-vom-internationalen-jazzfestival-muenster\/","og_locale":"de_DE","og_type":"article","og_title":"Hier ist die Musik-Welt noch in Ordnung: Eindr\u00fccke vom Internationalen Jazzfestival M\u00fcnster - JazzZeitung","og_description":"Das Internationale Jazzfestival M\u00fcnster beginnt eigentlich stets mit Neujahrsw\u00fcnschen. Findet es doch alle zwei Jahre (in den gerade gibt es inzwischen die \u201eShort Cuts\u201c mit nur einem Tag) am ersten Wochenende des Jahres statt, was einen also diesmal gleich am 3. Januar ins Theater der Stadt f\u00fchrte, dieses wundervolle F\u00fcnfzigerjahre-Juwel. Ein friedvolleres neues Jahr als das abgelaufene w\u00fcnschte also Festivalleiter Fritz Schm\u00fccker und kam wie vor zwei Jahren angesichts des Zustandes der Welt nicht umhin, darauf hinzuweisen, wie privilegiert man hier sei, bei einer vorbildhaften Zusammenkunft im Geiste des Miteinanders. Tats\u00e4chlich kam einem von fern angereisten Betrachter das Festival in vielerlei Hinsicht wie eine Insel der Seligen vor. Doch dazu sp\u00e4ter mehr. Den Gedanken des Miteinanders wie den Titel \u201eInternational\u201c h\u00e4tte das Auftaktkonzert kaum besser illustrieren k\u00f6nnen: Im 13-k\u00f6pfigen Amsterdamer Brainteaser Orchestra des jungen Gro\u00dfensemble-Masterminds Tyn Wybenga sa\u00dfen einschlie\u00dflich des Stargastes Theo Ceccaldi Frauen und M\u00e4nner aus acht Nationen. Und schufen zusammen wie schon beim gefeierten Auftritt in Saalfelden wahrlich grenzenlose Klanglandschaften. A propos Saalfelden: Beide in manchem \u00e4hnliche Festivals verlangen dem Besucher einiges ab. In M\u00fcnster hei\u00dft das: Jeweils vier Stunden-Konzerte im gro\u00dfen Haus, &hellip;","og_url":"https:\/\/www.jazzzeitung.de\/cms\/2025\/01\/hier-ist-die-musik-welt-noch-in-ordnung-eindruecke-vom-internationalen-jazzfestival-muenster\/","og_site_name":"JazzZeitung","article_publisher":"https:\/\/www.facebook.com\/JazzZeitung\/","article_published_time":"2025-01-16T11:51:01+00:00","article_modified_time":"2025-02-14T13:59:34+00:00","og_image":[{"width":2560,"height":1711,"url":"https:\/\/www.jazzzeitung.de\/cms\/wp-content\/uploads\/2025\/01\/AlinaBzhezhinskaTonyKofi1_OliverHochkeppel040125-scaled.jpg","type":"image\/jpeg"}],"author":"Redaktion JazzZeitung","schema":{"@context":"https:\/\/schema.org","@graph":[{"@type":"Article","@id":"https:\/\/www.jazzzeitung.de\/cms\/2025\/01\/hier-ist-die-musik-welt-noch-in-ordnung-eindruecke-vom-internationalen-jazzfestival-muenster\/#article","isPartOf":{"@id":"https:\/\/www.jazzzeitung.de\/cms\/2025\/01\/hier-ist-die-musik-welt-noch-in-ordnung-eindruecke-vom-internationalen-jazzfestival-muenster\/"},"author":{"name":"Redaktion JazzZeitung","@id":"https:\/\/www.jazzzeitung.de\/cms\/#\/schema\/person\/2245b36b9cd1d24cea10f01c031fb92b"},"headline":"Hier ist die Musik-Welt noch in Ordnung: Eindr\u00fccke vom Internationalen Jazzfestival M\u00fcnster","datePublished":"2025-01-16T11:51:01+00:00","dateModified":"2025-02-14T13:59:34+00:00","mainEntityOfPage":{"@id":"https:\/\/www.jazzzeitung.de\/cms\/2025\/01\/hier-ist-die-musik-welt-noch-in-ordnung-eindruecke-vom-internationalen-jazzfestival-muenster\/"},"wordCount":1290,"commentCount":0,"publisher":{"@id":"https:\/\/www.jazzzeitung.de\/cms\/#organization"},"image":{"@id":"https:\/\/www.jazzzeitung.de\/cms\/2025\/01\/hier-ist-die-musik-welt-noch-in-ordnung-eindruecke-vom-internationalen-jazzfestival-muenster\/#primaryimage"},"thumbnailUrl":"https:\/\/i0.wp.com\/www.jazzzeitung.de\/cms\/wp-content\/uploads\/2025\/01\/AlinaBzhezhinskaTonyKofi1_OliverHochkeppel040125-scaled.jpg?fit=2560%2C1711&ssl=1","keywords":["clara haberkamp","Internationales Jazzfestival M\u00fcnster. Fritz Schm\u00fccker","Makiko Hirabayashi","Nabou Clairhout"],"articleSection":["Bericht","Galerie"],"inLanguage":"de","potentialAction":[{"@type":"CommentAction","name":"Comment","target":["https:\/\/www.jazzzeitung.de\/cms\/2025\/01\/hier-ist-die-musik-welt-noch-in-ordnung-eindruecke-vom-internationalen-jazzfestival-muenster\/#respond"]}]},{"@type":"WebPage","@id":"https:\/\/www.jazzzeitung.de\/cms\/2025\/01\/hier-ist-die-musik-welt-noch-in-ordnung-eindruecke-vom-internationalen-jazzfestival-muenster\/","url":"https:\/\/www.jazzzeitung.de\/cms\/2025\/01\/hier-ist-die-musik-welt-noch-in-ordnung-eindruecke-vom-internationalen-jazzfestival-muenster\/","name":"Hier ist die Musik-Welt noch in Ordnung: Eindr\u00fccke vom Internationalen Jazzfestival M\u00fcnster - JazzZeitung","isPartOf":{"@id":"https:\/\/www.jazzzeitung.de\/cms\/#website"},"primaryImageOfPage":{"@id":"https:\/\/www.jazzzeitung.de\/cms\/2025\/01\/hier-ist-die-musik-welt-noch-in-ordnung-eindruecke-vom-internationalen-jazzfestival-muenster\/#primaryimage"},"image":{"@id":"https:\/\/www.jazzzeitung.de\/cms\/2025\/01\/hier-ist-die-musik-welt-noch-in-ordnung-eindruecke-vom-internationalen-jazzfestival-muenster\/#primaryimage"},"thumbnailUrl":"https:\/\/i0.wp.com\/www.jazzzeitung.de\/cms\/wp-content\/uploads\/2025\/01\/AlinaBzhezhinskaTonyKofi1_OliverHochkeppel040125-scaled.jpg?fit=2560%2C1711&ssl=1","datePublished":"2025-01-16T11:51:01+00:00","dateModified":"2025-02-14T13:59:34+00:00","breadcrumb":{"@id":"https:\/\/www.jazzzeitung.de\/cms\/2025\/01\/hier-ist-die-musik-welt-noch-in-ordnung-eindruecke-vom-internationalen-jazzfestival-muenster\/#breadcrumb"},"inLanguage":"de","potentialAction":[{"@type":"ReadAction","target":["https:\/\/www.jazzzeitung.de\/cms\/2025\/01\/hier-ist-die-musik-welt-noch-in-ordnung-eindruecke-vom-internationalen-jazzfestival-muenster\/"]}]},{"@type":"ImageObject","inLanguage":"de","@id":"https:\/\/www.jazzzeitung.de\/cms\/2025\/01\/hier-ist-die-musik-welt-noch-in-ordnung-eindruecke-vom-internationalen-jazzfestival-muenster\/#primaryimage","url":"https:\/\/i0.wp.com\/www.jazzzeitung.de\/cms\/wp-content\/uploads\/2025\/01\/AlinaBzhezhinskaTonyKofi1_OliverHochkeppel040125-scaled.jpg?fit=2560%2C1711&ssl=1","contentUrl":"https:\/\/i0.wp.com\/www.jazzzeitung.de\/cms\/wp-content\/uploads\/2025\/01\/AlinaBzhezhinskaTonyKofi1_OliverHochkeppel040125-scaled.jpg?fit=2560%2C1711&ssl=1","width":2560,"height":1711},{"@type":"BreadcrumbList","@id":"https:\/\/www.jazzzeitung.de\/cms\/2025\/01\/hier-ist-die-musik-welt-noch-in-ordnung-eindruecke-vom-internationalen-jazzfestival-muenster\/#breadcrumb","itemListElement":[{"@type":"ListItem","position":1,"name":"Startseite","item":"https:\/\/www.jazzzeitung.de\/cms\/"},{"@type":"ListItem","position":2,"name":"Hier ist die Musik-Welt noch in Ordnung: Eindr\u00fccke vom Internationalen Jazzfestival M\u00fcnster"}]},{"@type":"WebSite","@id":"https:\/\/www.jazzzeitung.de\/cms\/#website","url":"https:\/\/www.jazzzeitung.de\/cms\/","name":"JazzZeitung","description":"Jazz-News und Jazz-Kontroverses","publisher":{"@id":"https:\/\/www.jazzzeitung.de\/cms\/#organization"},"potentialAction":[{"@type":"SearchAction","target":{"@type":"EntryPoint","urlTemplate":"https:\/\/www.jazzzeitung.de\/cms\/?s={search_term_string}"},"query-input":{"@type":"PropertyValueSpecification","valueRequired":true,"valueName":"search_term_string"}}],"inLanguage":"de"},{"@type":"Organization","@id":"https:\/\/www.jazzzeitung.de\/cms\/#organization","name":"JazzZeitung online","url":"https:\/\/www.jazzzeitung.de\/cms\/","logo":{"@type":"ImageObject","inLanguage":"de","@id":"https:\/\/www.jazzzeitung.de\/cms\/#\/schema\/logo\/image\/","url":"https:\/\/i0.wp.com\/www.jazzzeitung.de\/cms\/wp-content\/uploads\/2015\/08\/JAZZZEITUNGDE_Logo_Neu.png?fit=499%2C200&ssl=1","contentUrl":"https:\/\/i0.wp.com\/www.jazzzeitung.de\/cms\/wp-content\/uploads\/2015\/08\/JAZZZEITUNGDE_Logo_Neu.png?fit=499%2C200&ssl=1","width":499,"height":200,"caption":"JazzZeitung online"},"image":{"@id":"https:\/\/www.jazzzeitung.de\/cms\/#\/schema\/logo\/image\/"},"sameAs":["https:\/\/www.facebook.com\/JazzZeitung\/"]},{"@type":"Person","@id":"https:\/\/www.jazzzeitung.de\/cms\/#\/schema\/person\/2245b36b9cd1d24cea10f01c031fb92b","name":"Redaktion JazzZeitung","image":{"@type":"ImageObject","inLanguage":"de","@id":"https:\/\/i0.wp.com\/www.jazzzeitung.de\/cms\/wp-content\/uploads\/2015\/08\/JAZZZEITUNGDE_Logo_Neu.png?resize=96%2C96&ssl=159975dcacb611b5700bd619b5daf0a7a","url":"https:\/\/i0.wp.com\/www.jazzzeitung.de\/cms\/wp-content\/uploads\/2015\/08\/JAZZZEITUNGDE_Logo_Neu.png?resize=96%2C96&ssl=1","contentUrl":"https:\/\/i0.wp.com\/www.jazzzeitung.de\/cms\/wp-content\/uploads\/2015\/08\/JAZZZEITUNGDE_Logo_Neu.png?resize=96%2C96&ssl=1","caption":"Redaktion JazzZeitung"},"description":"Artikel der Redaktion der JazzZeitung.","sameAs":["http:\/\/www.jazzzeitung.de\/cms\/"],"url":"https:\/\/www.jazzzeitung.de\/cms\/author\/redaktion\/"}]}},"wp-worthy-pixel":{"ignored":false,"public":null,"server":null,"url":null},"wp-worthy-type":"normal","jetpack_publicize_connections":[],"cc_featured_image_caption":{"caption_text":"","source_text":"","source_url":""},"jetpack_featured_media_url":"https:\/\/i0.wp.com\/www.jazzzeitung.de\/cms\/wp-content\/uploads\/2025\/01\/AlinaBzhezhinskaTonyKofi1_OliverHochkeppel040125-scaled.jpg?fit=2560%2C1711&ssl=1","jetpack_shortlink":"https:\/\/wp.me\/p3KEcT-8lO","jetpack-related-posts":[{"id":30457,"url":"https:\/\/www.jazzzeitung.de\/cms\/2024\/01\/shortcut-beim-jazzfestival-muenster-fenster-zur-aktuellen-musik-europas\/","url_meta":{"origin":32104,"position":0},"title":"Shortcut beim Jazzfestival M\u00fcnster: Fenster zur aktuellen Musik Europas","author":"Redaktion JazzZeitung","date":"12. Januar 2024","format":false,"excerpt":"Von Stefan Pieper. Auch in seiner kleinen \u201eShortcut\u201c-Ausgabe bewies das Internationale Jazzfestival M\u00fcnster zum Jahresauftakt seine verl\u00e4ssliche hohe Qualit\u00e4t und Relevanz, vor allem durch Premieren, welche die Fenster f\u00fcr die reiche aktuelle Musik in Europa weit \u00f6ffnen \u2013 ebenso wie ein Konzert in der Dominikanerkirche, das einen spannenden Bezug zur\u2026","rel":"","context":"In &quot;Bericht&quot;","block_context":{"text":"Bericht","link":"https:\/\/www.jazzzeitung.de\/cms\/thema\/bericht\/"},"img":{"alt_text":"","src":"https:\/\/i0.wp.com\/www.jazzzeitung.de\/cms\/wp-content\/uploads\/2024\/01\/DSC08709-2-scaled.jpg?fit=1200%2C968&ssl=1&resize=350%2C200","width":350,"height":200,"srcset":"https:\/\/i0.wp.com\/www.jazzzeitung.de\/cms\/wp-content\/uploads\/2024\/01\/DSC08709-2-scaled.jpg?fit=1200%2C968&ssl=1&resize=350%2C200 1x, https:\/\/i0.wp.com\/www.jazzzeitung.de\/cms\/wp-content\/uploads\/2024\/01\/DSC08709-2-scaled.jpg?fit=1200%2C968&ssl=1&resize=525%2C300 1.5x, https:\/\/i0.wp.com\/www.jazzzeitung.de\/cms\/wp-content\/uploads\/2024\/01\/DSC08709-2-scaled.jpg?fit=1200%2C968&ssl=1&resize=700%2C400 2x, https:\/\/i0.wp.com\/www.jazzzeitung.de\/cms\/wp-content\/uploads\/2024\/01\/DSC08709-2-scaled.jpg?fit=1200%2C968&ssl=1&resize=1050%2C600 3x"},"classes":[]},{"id":28867,"url":"https:\/\/www.jazzzeitung.de\/cms\/2023\/01\/internationales-jazzfestival-muenster-2023\/","url_meta":{"origin":32104,"position":1},"title":"Internationales Jazzfestival M\u00fcnster 2023","author":"Redaktion JazzZeitung","date":"13. Januar 2023","format":false,"excerpt":"Der legend\u00e4re knallrote Fl\u00fcgel ist Geschichte beim Internationalen Jazzfestival M\u00fcnster. Der Sponsor, welcher das Festival immer wieder mit kostbaren Tasteninstrumenten ausstattet, muss Geld verdienen und hat ihn verkauft. Um so dankbarer k\u00f6nnen wir der franz\u00f6sischen S\u00e4ngerin Camille Bertault sein, dass sie in ihrem knallroten Jackett den liebgewonnenen Farbtupfer zumindest f\u00fcr\u2026","rel":"","context":"In &quot;Bericht&quot;","block_context":{"text":"Bericht","link":"https:\/\/www.jazzzeitung.de\/cms\/thema\/bericht\/"},"img":{"alt_text":"","src":"https:\/\/i0.wp.com\/www.jazzzeitung.de\/cms\/wp-content\/uploads\/2023\/01\/Transylvanian-Folk-Songs-%C2%A9-stefan-pieper--scaled.jpg?fit=1200%2C878&ssl=1&resize=350%2C200","width":350,"height":200,"srcset":"https:\/\/i0.wp.com\/www.jazzzeitung.de\/cms\/wp-content\/uploads\/2023\/01\/Transylvanian-Folk-Songs-%C2%A9-stefan-pieper--scaled.jpg?fit=1200%2C878&ssl=1&resize=350%2C200 1x, https:\/\/i0.wp.com\/www.jazzzeitung.de\/cms\/wp-content\/uploads\/2023\/01\/Transylvanian-Folk-Songs-%C2%A9-stefan-pieper--scaled.jpg?fit=1200%2C878&ssl=1&resize=525%2C300 1.5x, https:\/\/i0.wp.com\/www.jazzzeitung.de\/cms\/wp-content\/uploads\/2023\/01\/Transylvanian-Folk-Songs-%C2%A9-stefan-pieper--scaled.jpg?fit=1200%2C878&ssl=1&resize=700%2C400 2x, https:\/\/i0.wp.com\/www.jazzzeitung.de\/cms\/wp-content\/uploads\/2023\/01\/Transylvanian-Folk-Songs-%C2%A9-stefan-pieper--scaled.jpg?fit=1200%2C878&ssl=1&resize=1050%2C600 3x"},"classes":[]},{"id":11456,"url":"https:\/\/www.jazzzeitung.de\/cms\/2017\/01\/zufluchtsstaette-und-grosses-kino-das-46-internationale-jazzfestival-in-muenster\/","url_meta":{"origin":32104,"position":2},"title":"Zufluchtsst\u00e4tte und gro\u00dfes Kino: Das 26. Internationale Jazzfestival in M\u00fcnster","author":"Redaktion JazzZeitung","date":"10. Januar 2017","format":false,"excerpt":"Wie doch die Zeit vergeht! Lucas Niggli, junggebliebener Schlagzeuger aus der Schweiz musste sich selbst schon wundern, dass sein erster Auftritt beim Internationalen Jazzfestival M\u00fcnster schon 20 Jahre her ist. So \u201ealt\u201c ist schon die neue \u00c4ra des Festivals im Theater im Jahr 1997. Womit sich einmal mehr die krisensichere\u2026","rel":"","context":"In &quot;Bericht&quot;","block_context":{"text":"Bericht","link":"https:\/\/www.jazzzeitung.de\/cms\/thema\/bericht\/"},"img":{"alt_text":"","src":"https:\/\/i0.wp.com\/www.jazzzeitung.de\/cms\/wp-content\/uploads\/2017\/01\/DSC05667-1.jpg?resize=350%2C200","width":350,"height":200},"classes":[]},{"id":5478,"url":"https:\/\/www.jazzzeitung.de\/cms\/2015\/02\/radio-jazz-research-schaute-ueber-die-grenzen-des-jazz\/","url_meta":{"origin":32104,"position":3},"title":"Radio Jazz Research schaute \u00fcber die Grenzen des Jazz","author":"Peter Ortmann","date":"16. Februar 2015","format":false,"excerpt":"Radio Jazz Research tagte beim M\u00fcnsteraner Jazz Festival - Das Internationale Jazzfestival M\u00fcnster feierte vom 9. bis zum 11. Januar seine 25. Ausgabe und blickte auf 36 Jahr Geschichte zur\u00fcck, und 30 Jahre davon hat Fritz Schm\u00fccker nun schon die k\u00fcnstlerische Leitung. Der Radio Jazz Research e.V. war schon mehrmals\u2026","rel":"","context":"In &quot;Blog&quot;","block_context":{"text":"Blog","link":"https:\/\/www.jazzzeitung.de\/cms\/thema\/blog\/"},"img":{"alt_text":"Die Tagungsteilnehmerinnen und \u2013teilnehmer der Arbeitstagung in M\u00fcnster vor dem Tagungshotel. Foto: Radio Jazz Research e.V.","src":"https:\/\/i0.wp.com\/www.jazzzeitung.de\/cms\/wp-content\/uploads\/2015\/02\/radio_m%C3%BCnster-150x150.jpg?resize=350%2C200","width":350,"height":200},"classes":[]},{"id":5186,"url":"https:\/\/www.jazzzeitung.de\/cms\/2015\/01\/breaking-news-fritz-rudolf-fries-gestorben-ausstellung-jazzfestival-muenster-party-im-bayerischen-hof-muenchen\/","url_meta":{"origin":32104,"position":4},"title":"Breaking News +++ Hayden Chisholm Improviser in Residence in Moers +++ Fritz Rudolf Fries gestorben +++ Ausstellung Jazzfestival M\u00fcnster +++ Party im Bayerischen Hof M\u00fcnchen","author":"Redaktion JazzZeitung","date":"6. Januar 2015","format":false,"excerpt":"Hayden Chisholm wird Improviser in Residence 2015 in Moers. Damit tritt der 1975 in Neuseeland geborene profilierte Saxophonist, Klarinettist und Komponist die Nachfolge von Julia H\u00fclsmann in Moers an. Das \u00dcbergabekonzert der beiden Improviser, die bereits beim moers festival 2014 gemeinsam spielten, findet am 14. Januar 2015 in der Festivalhalle\u2026","rel":"","context":"In &quot;News&quot;","block_context":{"text":"News","link":"https:\/\/www.jazzzeitung.de\/cms\/thema\/nachrichten\/"},"img":{"alt_text":"Foto: Patrick Essex","src":"https:\/\/i0.wp.com\/www.jazzzeitung.de\/cms\/wp-content\/uploads\/2015\/01\/chisholm-150x150.jpg?resize=350%2C200","width":350,"height":200},"classes":[]},{"id":5142,"url":"https:\/\/www.jazzzeitung.de\/cms\/2014\/12\/breaking-news-neue-vorstaende-der-udj-jazzfest-bonn-2015-jazzahead-2015-jazzfestival-muenster-im-januar\/","url_meta":{"origin":32104,"position":5},"title":"Breaking News +++ neue Vorst\u00e4nde in der UDJ +++ Jazzfest Bonn 2015 +++ jazzahead 2015 +++ Jazzfestival M\u00fcnster im Januar","author":"Redaktion JazzZeitung","date":"17. Dezember 2014","format":false,"excerpt":"Auf der j\u00e4hrlichen Mitgliederversammlung der Union Deutscher Jazzmusiker in K\u00f6ln w\u00e4hlten die Mitglieder zwei neue Vorst\u00e4nde. Die Saxophonistinnen Alexandra Lehmler aus Mannheim und Silke Eberhard aus Berlin folgten auf Angelika Niesicer aus K\u00f6ln und Johannes Lauer aus Berlin, die beide nicht erneut kandidierten. Der Vorsitzende der Union Deutscher Jazzmusiker, Gebhard\u2026","rel":"","context":"In &quot;News&quot;","block_context":{"text":"News","link":"https:\/\/www.jazzzeitung.de\/cms\/thema\/nachrichten\/"},"img":{"alt_text":"AnadolisTrio06_@Malamos","src":"https:\/\/i0.wp.com\/www.jazzzeitung.de\/cms\/wp-content\/uploads\/2014\/12\/AnadolisTrio06_%40Malamos-150x150.jpg?resize=350%2C200","width":350,"height":200},"classes":[]}],"jetpack_sharing_enabled":true,"_links":{"self":[{"href":"https:\/\/www.jazzzeitung.de\/cms\/wp-json\/wp\/v2\/posts\/32104","targetHints":{"allow":["GET"]}}],"collection":[{"href":"https:\/\/www.jazzzeitung.de\/cms\/wp-json\/wp\/v2\/posts"}],"about":[{"href":"https:\/\/www.jazzzeitung.de\/cms\/wp-json\/wp\/v2\/types\/post"}],"author":[{"embeddable":true,"href":"https:\/\/www.jazzzeitung.de\/cms\/wp-json\/wp\/v2\/users\/18"}],"replies":[{"embeddable":true,"href":"https:\/\/www.jazzzeitung.de\/cms\/wp-json\/wp\/v2\/comments?post=32104"}],"version-history":[{"count":7,"href":"https:\/\/www.jazzzeitung.de\/cms\/wp-json\/wp\/v2\/posts\/32104\/revisions"}],"predecessor-version":[{"id":32222,"href":"https:\/\/www.jazzzeitung.de\/cms\/wp-json\/wp\/v2\/posts\/32104\/revisions\/32222"}],"wp:featuredmedia":[{"embeddable":true,"href":"https:\/\/www.jazzzeitung.de\/cms\/wp-json\/wp\/v2\/media\/32106"}],"wp:attachment":[{"href":"https:\/\/www.jazzzeitung.de\/cms\/wp-json\/wp\/v2\/media?parent=32104"}],"wp:term":[{"taxonomy":"category","embeddable":true,"href":"https:\/\/www.jazzzeitung.de\/cms\/wp-json\/wp\/v2\/categories?post=32104"},{"taxonomy":"post_tag","embeddable":true,"href":"https:\/\/www.jazzzeitung.de\/cms\/wp-json\/wp\/v2\/tags?post=32104"},{"taxonomy":"author","embeddable":true,"href":"https:\/\/www.jazzzeitung.de\/cms\/wp-json\/wp\/v2\/coauthors?post=32104"}],"curies":[{"name":"wp","href":"https:\/\/api.w.org\/{rel}","templated":true}]}}