{"id":3205,"date":"2013-12-20T10:50:29","date_gmt":"2013-12-20T09:50:29","guid":{"rendered":"http:\/\/www.jazzzeitung.de\/cms\/?p=3205"},"modified":"2017-10-10T16:34:11","modified_gmt":"2017-10-10T14:34:11","slug":"ein-weihnachts-geschenk-fuer-neu-abonnenten","status":"publish","type":"post","link":"https:\/\/www.jazzzeitung.de\/cms\/2013\/12\/ein-weihnachts-geschenk-fuer-neu-abonnenten\/","title":{"rendered":"Das kleine aber feine Festival \u201eVibraphonissimo\u201c"},"content":{"rendered":"<p><a href=\"https:\/\/i0.wp.com\/www.jazzzeitung.de\/cms\/wp-content\/uploads\/2013\/12\/cover_duo_art_act.jpg\"><img data-recalc-dims=\"1\" loading=\"lazy\" decoding=\"async\" data-attachment-id=\"3206\" data-permalink=\"https:\/\/www.jazzzeitung.de\/cms\/2013\/12\/ein-weihnachts-geschenk-fuer-neu-abonnenten\/layout-1-2\/\" data-orig-file=\"https:\/\/i0.wp.com\/www.jazzzeitung.de\/cms\/wp-content\/uploads\/2013\/12\/cover_duo_art_act.jpg?fit=1646%2C1479&amp;ssl=1\" data-orig-size=\"1646,1479\" data-comments-opened=\"1\" data-image-meta=\"{&quot;aperture&quot;:&quot;0&quot;,&quot;credit&quot;:&quot;&quot;,&quot;camera&quot;:&quot;&quot;,&quot;caption&quot;:&quot;&quot;,&quot;created_timestamp&quot;:&quot;0&quot;,&quot;copyright&quot;:&quot;&quot;,&quot;focal_length&quot;:&quot;0&quot;,&quot;iso&quot;:&quot;0&quot;,&quot;shutter_speed&quot;:&quot;0&quot;,&quot;title&quot;:&quot;Layout 1&quot;}\" data-image-title=\"Layout 1\" data-image-description=\"\" data-image-caption=\"\" data-large-file=\"https:\/\/i0.wp.com\/www.jazzzeitung.de\/cms\/wp-content\/uploads\/2013\/12\/cover_duo_art_act.jpg?fit=667%2C600&amp;ssl=1\" class=\"alignright size-thumbnail wp-image-3206\" src=\"https:\/\/i0.wp.com\/www.jazzzeitung.de\/cms\/wp-content\/uploads\/2013\/12\/cover_duo_art_act-150x150.jpg?resize=150%2C150\" alt=\"Layout 1\" width=\"150\" height=\"150\" srcset=\"https:\/\/i0.wp.com\/www.jazzzeitung.de\/cms\/wp-content\/uploads\/2013\/12\/cover_duo_art_act.jpg?resize=150%2C150&amp;ssl=1 150w, https:\/\/i0.wp.com\/www.jazzzeitung.de\/cms\/wp-content\/uploads\/2013\/12\/cover_duo_art_act.jpg?resize=144%2C144&amp;ssl=1 144w, https:\/\/i0.wp.com\/www.jazzzeitung.de\/cms\/wp-content\/uploads\/2013\/12\/cover_duo_art_act.jpg?resize=96%2C96&amp;ssl=1 96w, https:\/\/i0.wp.com\/www.jazzzeitung.de\/cms\/wp-content\/uploads\/2013\/12\/cover_duo_art_act.jpg?resize=24%2C24&amp;ssl=1 24w, https:\/\/i0.wp.com\/www.jazzzeitung.de\/cms\/wp-content\/uploads\/2013\/12\/cover_duo_art_act.jpg?resize=36%2C36&amp;ssl=1 36w, https:\/\/i0.wp.com\/www.jazzzeitung.de\/cms\/wp-content\/uploads\/2013\/12\/cover_duo_art_act.jpg?resize=48%2C48&amp;ssl=1 48w, https:\/\/i0.wp.com\/www.jazzzeitung.de\/cms\/wp-content\/uploads\/2013\/12\/cover_duo_art_act.jpg?resize=64%2C64&amp;ssl=1 64w, https:\/\/i0.wp.com\/www.jazzzeitung.de\/cms\/wp-content\/uploads\/2013\/12\/cover_duo_art_act.jpg?resize=32%2C32&amp;ssl=1 32w, https:\/\/i0.wp.com\/www.jazzzeitung.de\/cms\/wp-content\/uploads\/2013\/12\/cover_duo_art_act.jpg?resize=128%2C128&amp;ssl=1 128w, https:\/\/i0.wp.com\/www.jazzzeitung.de\/cms\/wp-content\/uploads\/2013\/12\/cover_duo_art_act.jpg?zoom=2&amp;resize=150%2C150&amp;ssl=1 300w, https:\/\/i0.wp.com\/www.jazzzeitung.de\/cms\/wp-content\/uploads\/2013\/12\/cover_duo_art_act.jpg?zoom=3&amp;resize=150%2C150&amp;ssl=1 450w\" sizes=\"auto, (max-width: 150px) 100vw, 150px\" \/><\/a><strong>Um ihrem Instrument ein Podium zu geben, beschlossen die beiden in N\u00fcrnberg studierenden Vibraphonisten Volker Heuken und Izabella Effenberg, eine spezielle Konzertreihe ins Leben zu rufen. Vom 22. bis 26. Januar wird nun in N\u00fcrnberg und F\u00fcrth das kleine aber feine Festival \u201eVibraphonissimo\u201c stattfinden.<\/strong><\/p>\n<p><strong>JazzZeitung:<\/strong> Wie kam euch die Idee zu diesem Festival und wie verlief die Umsetzung?<br \/>\n<strong>Volker Heuken:<\/strong> Schon vor gut einem Jahr kam Izabella mit der Idee auf mich zu. In den ersten Wochen und Monaten mussten wir uns klar werden, welchen Rahmen das Ganze haben sollte und mit wem wir zusammenarbeiten w\u00fcrden. Mit dem Jazzstudio N\u00fcrnberg und dem Kulturforum F\u00fcrth haben wir dann schnell ad\u00e4quate Partner gefunden.<\/p>\n<p><strong>JazzZeitung:<\/strong> Was ist der Grundgedanke, die inhaltliche Ausrichtung des Festivals?<br \/>\n<strong>Heuken:<\/strong> Wir wollen dem Vibraphon eine spezielle Plattform bieten und es w\u00e4hrend des Festivals von verschiedenen Seiten beleuchten: einerseits im Jazzband-Kontext (Herrenboutique) und im kammermusikalischen Jazz (Vibraxophonie, Mathias Haus Quartett), andererseits aber auch in einem experimentellen, stil\u00fcbergreifenden, teilweise klassischen Zusammenhang (Metropolmusik). Dar\u00fcber hinaus haben wir mit Bernard Maseli einen Virtuosen am Malletkat (eine Art E-Vibraphon) gewinnen k\u00f6nnen.<\/p>\n<p><strong>JazzZeitung:<\/strong> Wie w\u00fcrdest du das Vibraphon charakterisieren, was ist das Besondere an diesem Instrument?<br \/>\n<strong>Heuken:<\/strong> Es ist ein absolutes Sparteninstrument. Das Besondere am modernen Vibraphon ist, dass es sowohl als Melodieinstrument im Vordergrund als auch als Harmonieinstrument im Hintergrund stehen kann.<\/p>\n<p><strong>JazzZeitung:<\/strong> Neben mehreren in N\u00fcrnberg beheimateten Ensembles kommen mit dem Wuppertaler Mathias Haus und Bernard Maseli aus Polen auch zwei weiter gereiste G\u00e4ste. Wie kam hier der Kontakt zustande und wer verbirgt sich hinter diesen Namen?<br \/>\n<strong>Heuken:<\/strong> Ich kenne Mathias Haus von zahlreichen Workshops. Er studierte bei Gary Burton und hat in Deutschland viele Preise und Stipendien f\u00fcr sein Vibraphonspiel aber auch f\u00fcr seine kompositorische Arbeit bekommen. Beides verbindet er in seinem Quartett HAUS. Das Duo Big 2, bestehend aus dem polnischen Vibraphon-Pionier Maseli und dem E-Bassisten Krzysztof Scieranski, experimentiert mit elektronischen Hilfsmitteln. Der Kontakt kam \u00fcber Izabella zustande, die ebenfalls aus Polen stammt und bei Maseli Unterricht hatte.<\/p>\n<p><strong>JazzZeitung:<\/strong> Was verbirgt sich hinter den N\u00fcrnberger Formationen des Festivals?<br \/>\n<strong>Heuken:<\/strong> Ich bin mit meinem Quartett Herrenboutique vertreten, bei dem besonders mit der Klangfarbe von Vibraphon und Gitarre gespielt wird. Die Kompositionen sind auf diese beiden Instrumente ausgerichtet. Izabella wird mit Musikern des Metropol Orchesters, diesj\u00e4hriger Kulturpreistr\u00e4ger der Stadt N\u00fcrnberg, auftreten. F\u00fcr einen Teil dieses Konzerts wird ein gro\u00dfes Malletensemble entstehen. Mit Vibraxophonie ist au\u00dferdem ein drittes N\u00fcrnberger Ensemble mit dabei. Der junge Vibraphonist Felix Prihoda lotet hier gemeinsam mit seinem Duopartner die M\u00f6glichkeiten des Spiels in der seltenen Besetzung Vibraphon\/Saxophon originell aus.<\/p>\n<p><strong>Konzerttermine<\/strong><br \/>\n22.1.14 \u2013 Mathias Haus Quartett im Kulturforum F\u00fcrth<br \/>\n24.1.14 \u2013 Herrenboutique und Vibraxophonie im Jazzstudio N\u00fcrnberg<br \/>\n25.1.14 \u2013 Bernard Maselis Big 2 im Jazzstudio N\u00fcrnberg<br \/>\n26.1.14 \u2013 Izabella Effenberg mit Ensembles der Metropolmusik im Neuen Museum N\u00fcrnberg<\/p>\n","protected":false},"excerpt":{"rendered":"<p>Um ihrem Instrument ein Podium zu geben, beschlossen die beiden in N\u00fcrnberg studierenden Vibraphonisten Volker Heuken und Izabella Effenberg, eine spezielle Konzertreihe ins Leben zu rufen. Vom 22. bis 26. Januar wird nun in N\u00fcrnberg und F\u00fcrth das kleine aber feine Festival \u201eVibraphonissimo\u201c stattfinden. JazzZeitung: Wie kam euch die Idee zu diesem Festival und wie verlief die Umsetzung? Volker Heuken: Schon vor gut einem Jahr kam Izabella mit der Idee auf mich zu. In den ersten Wochen und Monaten mussten wir uns klar werden, welchen Rahmen das Ganze haben sollte und mit wem wir zusammenarbeiten w\u00fcrden. Mit dem Jazzstudio N\u00fcrnberg und dem Kulturforum F\u00fcrth haben wir dann schnell ad\u00e4quate Partner gefunden. JazzZeitung: Was ist der Grundgedanke, die inhaltliche Ausrichtung des Festivals? Heuken: Wir wollen dem Vibraphon eine spezielle Plattform bieten und es w\u00e4hrend des Festivals von verschiedenen Seiten beleuchten: einerseits im Jazzband-Kontext (Herrenboutique) und im kammermusikalischen Jazz (Vibraxophonie, Mathias Haus Quartett), andererseits aber auch in einem experimentellen, stil\u00fcbergreifenden, teilweise klassischen Zusammenhang (Metropolmusik). Dar\u00fcber hinaus haben wir mit Bernard Maseli einen Virtuosen am Malletkat (eine Art E-Vibraphon) gewinnen k\u00f6nnen. JazzZeitung: Wie w\u00fcrdest du das Vibraphon charakterisieren, &hellip;<\/p>\n","protected":false},"author":18,"featured_media":0,"comment_status":"open","ping_status":"closed","sticky":false,"template":"","format":"standard","meta":{"_jetpack_memberships_contains_paid_content":false,"footnotes":"","jetpack_publicize_message":"","jetpack_publicize_feature_enabled":true,"jetpack_social_post_already_shared":false,"jetpack_social_options":{"image_generator_settings":{"template":"highway","default_image_id":0,"font":"","enabled":false},"version":2}},"categories":[663],"tags":[29,137,1406,3,682,1387,211,857,294,855,344,417,423,449,854,856],"coauthors":[695],"class_list":["post-3205","post","type-post","status-publish","format-standard","hentry","category-jazzzeitung-print","tag-act","tag-deutschland","tag-duo","tag-festival","tag-festivals","tag-fuerth","tag-gwilym-simcock","tag-jazzstudio-nuernberg","tag-jazzzeitung","tag-julian-schunter","tag-lars-danielsson","tag-nils-landgren","tag-nuernberg","tag-preise","tag-vibraphonissimo","tag-volker-heuken"],"yoast_head":"<!-- This site is optimized with the Yoast SEO plugin v27.5 - https:\/\/yoast.com\/product\/yoast-seo-wordpress\/ -->\n<title>Das kleine aber feine Festival \u201eVibraphonissimo\u201c - JazzZeitung<\/title>\n<meta name=\"robots\" content=\"index, follow, max-snippet:-1, max-image-preview:large, max-video-preview:-1\" \/>\n<link rel=\"canonical\" href=\"https:\/\/www.jazzzeitung.de\/cms\/2013\/12\/ein-weihnachts-geschenk-fuer-neu-abonnenten\/\" \/>\n<meta property=\"og:locale\" content=\"de_DE\" \/>\n<meta property=\"og:type\" content=\"article\" \/>\n<meta property=\"og:title\" content=\"Das kleine aber feine Festival \u201eVibraphonissimo\u201c - JazzZeitung\" \/>\n<meta property=\"og:description\" content=\"Um ihrem Instrument ein Podium zu geben, beschlossen die beiden in N\u00fcrnberg studierenden Vibraphonisten Volker Heuken und Izabella Effenberg, eine spezielle Konzertreihe ins Leben zu rufen. Vom 22. bis 26. Januar wird nun in N\u00fcrnberg und F\u00fcrth das kleine aber feine Festival \u201eVibraphonissimo\u201c stattfinden. JazzZeitung: Wie kam euch die Idee zu diesem Festival und wie verlief die Umsetzung? Volker Heuken: Schon vor gut einem Jahr kam Izabella mit der Idee auf mich zu. In den ersten Wochen und Monaten mussten wir uns klar werden, welchen Rahmen das Ganze haben sollte und mit wem wir zusammenarbeiten w\u00fcrden. Mit dem Jazzstudio N\u00fcrnberg und dem Kulturforum F\u00fcrth haben wir dann schnell ad\u00e4quate Partner gefunden. JazzZeitung: Was ist der Grundgedanke, die inhaltliche Ausrichtung des Festivals? Heuken: Wir wollen dem Vibraphon eine spezielle Plattform bieten und es w\u00e4hrend des Festivals von verschiedenen Seiten beleuchten: einerseits im Jazzband-Kontext (Herrenboutique) und im kammermusikalischen Jazz (Vibraxophonie, Mathias Haus Quartett), andererseits aber auch in einem experimentellen, stil\u00fcbergreifenden, teilweise klassischen Zusammenhang (Metropolmusik). Dar\u00fcber hinaus haben wir mit Bernard Maseli einen Virtuosen am Malletkat (eine Art E-Vibraphon) gewinnen k\u00f6nnen. JazzZeitung: Wie w\u00fcrdest du das Vibraphon charakterisieren, &hellip;\" \/>\n<meta property=\"og:url\" content=\"https:\/\/www.jazzzeitung.de\/cms\/2013\/12\/ein-weihnachts-geschenk-fuer-neu-abonnenten\/\" \/>\n<meta property=\"og:site_name\" content=\"JazzZeitung\" \/>\n<meta property=\"article:publisher\" content=\"https:\/\/www.facebook.com\/JazzZeitung\/\" \/>\n<meta property=\"article:published_time\" content=\"2013-12-20T09:50:29+00:00\" \/>\n<meta property=\"article:modified_time\" content=\"2017-10-10T14:34:11+00:00\" \/>\n<meta property=\"og:image\" content=\"http:\/\/www.jazzzeitung.de\/cms\/wp-content\/uploads\/2013\/12\/cover_duo_art_act-150x150.jpg\" \/>\n<meta name=\"author\" content=\"Redaktion JazzZeitung\" \/>\n<script type=\"application\/ld+json\" class=\"yoast-schema-graph\">{\"@context\":\"https:\\\/\\\/schema.org\",\"@graph\":[{\"@type\":\"Article\",\"@id\":\"https:\\\/\\\/www.jazzzeitung.de\\\/cms\\\/2013\\\/12\\\/ein-weihnachts-geschenk-fuer-neu-abonnenten\\\/#article\",\"isPartOf\":{\"@id\":\"https:\\\/\\\/www.jazzzeitung.de\\\/cms\\\/2013\\\/12\\\/ein-weihnachts-geschenk-fuer-neu-abonnenten\\\/\"},\"author\":{\"name\":\"Redaktion JazzZeitung\",\"@id\":\"https:\\\/\\\/www.jazzzeitung.de\\\/cms\\\/#\\\/schema\\\/person\\\/2245b36b9cd1d24cea10f01c031fb92b\"},\"headline\":\"Das kleine aber feine Festival \u201eVibraphonissimo\u201c\",\"datePublished\":\"2013-12-20T09:50:29+00:00\",\"dateModified\":\"2017-10-10T14:34:11+00:00\",\"mainEntityOfPage\":{\"@id\":\"https:\\\/\\\/www.jazzzeitung.de\\\/cms\\\/2013\\\/12\\\/ein-weihnachts-geschenk-fuer-neu-abonnenten\\\/\"},\"wordCount\":483,\"commentCount\":0,\"publisher\":{\"@id\":\"https:\\\/\\\/www.jazzzeitung.de\\\/cms\\\/#organization\"},\"image\":{\"@id\":\"https:\\\/\\\/www.jazzzeitung.de\\\/cms\\\/2013\\\/12\\\/ein-weihnachts-geschenk-fuer-neu-abonnenten\\\/#primaryimage\"},\"thumbnailUrl\":\"http:\\\/\\\/www.jazzzeitung.de\\\/cms\\\/wp-content\\\/uploads\\\/2013\\\/12\\\/cover_duo_art_act-150x150.jpg\",\"keywords\":[\"act\",\"Deutschland\",\"duo\",\"Festival\",\"Festivals\",\"F\u00fcrth\",\"Gwilym Simcock\",\"Jazzstudio N\u00fcrnberg\",\"Jazzzeitung\",\"Julian Schunter\",\"Lars Danielsson\",\"Nils Landgren\",\"N\u00fcrnberg\",\"Preise\",\"Vibraphonissimo\",\"Volker Heuken\"],\"articleSection\":[\"JazzZeitung (print)\"],\"inLanguage\":\"de\",\"potentialAction\":[{\"@type\":\"CommentAction\",\"name\":\"Comment\",\"target\":[\"https:\\\/\\\/www.jazzzeitung.de\\\/cms\\\/2013\\\/12\\\/ein-weihnachts-geschenk-fuer-neu-abonnenten\\\/#respond\"]}]},{\"@type\":\"WebPage\",\"@id\":\"https:\\\/\\\/www.jazzzeitung.de\\\/cms\\\/2013\\\/12\\\/ein-weihnachts-geschenk-fuer-neu-abonnenten\\\/\",\"url\":\"https:\\\/\\\/www.jazzzeitung.de\\\/cms\\\/2013\\\/12\\\/ein-weihnachts-geschenk-fuer-neu-abonnenten\\\/\",\"name\":\"Das kleine aber feine Festival \u201eVibraphonissimo\u201c - JazzZeitung\",\"isPartOf\":{\"@id\":\"https:\\\/\\\/www.jazzzeitung.de\\\/cms\\\/#website\"},\"primaryImageOfPage\":{\"@id\":\"https:\\\/\\\/www.jazzzeitung.de\\\/cms\\\/2013\\\/12\\\/ein-weihnachts-geschenk-fuer-neu-abonnenten\\\/#primaryimage\"},\"image\":{\"@id\":\"https:\\\/\\\/www.jazzzeitung.de\\\/cms\\\/2013\\\/12\\\/ein-weihnachts-geschenk-fuer-neu-abonnenten\\\/#primaryimage\"},\"thumbnailUrl\":\"http:\\\/\\\/www.jazzzeitung.de\\\/cms\\\/wp-content\\\/uploads\\\/2013\\\/12\\\/cover_duo_art_act-150x150.jpg\",\"datePublished\":\"2013-12-20T09:50:29+00:00\",\"dateModified\":\"2017-10-10T14:34:11+00:00\",\"breadcrumb\":{\"@id\":\"https:\\\/\\\/www.jazzzeitung.de\\\/cms\\\/2013\\\/12\\\/ein-weihnachts-geschenk-fuer-neu-abonnenten\\\/#breadcrumb\"},\"inLanguage\":\"de\",\"potentialAction\":[{\"@type\":\"ReadAction\",\"target\":[\"https:\\\/\\\/www.jazzzeitung.de\\\/cms\\\/2013\\\/12\\\/ein-weihnachts-geschenk-fuer-neu-abonnenten\\\/\"]}]},{\"@type\":\"ImageObject\",\"inLanguage\":\"de\",\"@id\":\"https:\\\/\\\/www.jazzzeitung.de\\\/cms\\\/2013\\\/12\\\/ein-weihnachts-geschenk-fuer-neu-abonnenten\\\/#primaryimage\",\"url\":\"http:\\\/\\\/www.jazzzeitung.de\\\/cms\\\/wp-content\\\/uploads\\\/2013\\\/12\\\/cover_duo_art_act-150x150.jpg\",\"contentUrl\":\"http:\\\/\\\/www.jazzzeitung.de\\\/cms\\\/wp-content\\\/uploads\\\/2013\\\/12\\\/cover_duo_art_act-150x150.jpg\"},{\"@type\":\"BreadcrumbList\",\"@id\":\"https:\\\/\\\/www.jazzzeitung.de\\\/cms\\\/2013\\\/12\\\/ein-weihnachts-geschenk-fuer-neu-abonnenten\\\/#breadcrumb\",\"itemListElement\":[{\"@type\":\"ListItem\",\"position\":1,\"name\":\"Startseite\",\"item\":\"https:\\\/\\\/www.jazzzeitung.de\\\/cms\\\/\"},{\"@type\":\"ListItem\",\"position\":2,\"name\":\"Das kleine aber feine Festival \u201eVibraphonissimo\u201c\"}]},{\"@type\":\"WebSite\",\"@id\":\"https:\\\/\\\/www.jazzzeitung.de\\\/cms\\\/#website\",\"url\":\"https:\\\/\\\/www.jazzzeitung.de\\\/cms\\\/\",\"name\":\"JazzZeitung\",\"description\":\"Jazz-News und Jazz-Kontroverses\",\"publisher\":{\"@id\":\"https:\\\/\\\/www.jazzzeitung.de\\\/cms\\\/#organization\"},\"potentialAction\":[{\"@type\":\"SearchAction\",\"target\":{\"@type\":\"EntryPoint\",\"urlTemplate\":\"https:\\\/\\\/www.jazzzeitung.de\\\/cms\\\/?s={search_term_string}\"},\"query-input\":{\"@type\":\"PropertyValueSpecification\",\"valueRequired\":true,\"valueName\":\"search_term_string\"}}],\"inLanguage\":\"de\"},{\"@type\":\"Organization\",\"@id\":\"https:\\\/\\\/www.jazzzeitung.de\\\/cms\\\/#organization\",\"name\":\"JazzZeitung online\",\"url\":\"https:\\\/\\\/www.jazzzeitung.de\\\/cms\\\/\",\"logo\":{\"@type\":\"ImageObject\",\"inLanguage\":\"de\",\"@id\":\"https:\\\/\\\/www.jazzzeitung.de\\\/cms\\\/#\\\/schema\\\/logo\\\/image\\\/\",\"url\":\"https:\\\/\\\/i0.wp.com\\\/www.jazzzeitung.de\\\/cms\\\/wp-content\\\/uploads\\\/2015\\\/08\\\/JAZZZEITUNGDE_Logo_Neu.png?fit=499%2C200&ssl=1\",\"contentUrl\":\"https:\\\/\\\/i0.wp.com\\\/www.jazzzeitung.de\\\/cms\\\/wp-content\\\/uploads\\\/2015\\\/08\\\/JAZZZEITUNGDE_Logo_Neu.png?fit=499%2C200&ssl=1\",\"width\":499,\"height\":200,\"caption\":\"JazzZeitung online\"},\"image\":{\"@id\":\"https:\\\/\\\/www.jazzzeitung.de\\\/cms\\\/#\\\/schema\\\/logo\\\/image\\\/\"},\"sameAs\":[\"https:\\\/\\\/www.facebook.com\\\/JazzZeitung\\\/\"]},{\"@type\":\"Person\",\"@id\":\"https:\\\/\\\/www.jazzzeitung.de\\\/cms\\\/#\\\/schema\\\/person\\\/2245b36b9cd1d24cea10f01c031fb92b\",\"name\":\"Redaktion JazzZeitung\",\"image\":{\"@type\":\"ImageObject\",\"inLanguage\":\"de\",\"@id\":\"https:\\\/\\\/i0.wp.com\\\/www.jazzzeitung.de\\\/cms\\\/wp-content\\\/uploads\\\/2015\\\/08\\\/JAZZZEITUNGDE_Logo_Neu.png?resize=96%2C96&ssl=159975dcacb611b5700bd619b5daf0a7a\",\"url\":\"https:\\\/\\\/i0.wp.com\\\/www.jazzzeitung.de\\\/cms\\\/wp-content\\\/uploads\\\/2015\\\/08\\\/JAZZZEITUNGDE_Logo_Neu.png?resize=96%2C96&ssl=1\",\"contentUrl\":\"https:\\\/\\\/i0.wp.com\\\/www.jazzzeitung.de\\\/cms\\\/wp-content\\\/uploads\\\/2015\\\/08\\\/JAZZZEITUNGDE_Logo_Neu.png?resize=96%2C96&ssl=1\",\"caption\":\"Redaktion JazzZeitung\"},\"description\":\"Artikel der Redaktion der JazzZeitung.\",\"sameAs\":[\"http:\\\/\\\/www.jazzzeitung.de\\\/cms\\\/\"],\"url\":\"https:\\\/\\\/www.jazzzeitung.de\\\/cms\\\/author\\\/redaktion\\\/\"}]}<\/script>\n<!-- \/ Yoast SEO plugin. -->","yoast_head_json":{"title":"Das kleine aber feine Festival \u201eVibraphonissimo\u201c - JazzZeitung","robots":{"index":"index","follow":"follow","max-snippet":"max-snippet:-1","max-image-preview":"max-image-preview:large","max-video-preview":"max-video-preview:-1"},"canonical":"https:\/\/www.jazzzeitung.de\/cms\/2013\/12\/ein-weihnachts-geschenk-fuer-neu-abonnenten\/","og_locale":"de_DE","og_type":"article","og_title":"Das kleine aber feine Festival \u201eVibraphonissimo\u201c - JazzZeitung","og_description":"Um ihrem Instrument ein Podium zu geben, beschlossen die beiden in N\u00fcrnberg studierenden Vibraphonisten Volker Heuken und Izabella Effenberg, eine spezielle Konzertreihe ins Leben zu rufen. Vom 22. bis 26. Januar wird nun in N\u00fcrnberg und F\u00fcrth das kleine aber feine Festival \u201eVibraphonissimo\u201c stattfinden. JazzZeitung: Wie kam euch die Idee zu diesem Festival und wie verlief die Umsetzung? Volker Heuken: Schon vor gut einem Jahr kam Izabella mit der Idee auf mich zu. In den ersten Wochen und Monaten mussten wir uns klar werden, welchen Rahmen das Ganze haben sollte und mit wem wir zusammenarbeiten w\u00fcrden. Mit dem Jazzstudio N\u00fcrnberg und dem Kulturforum F\u00fcrth haben wir dann schnell ad\u00e4quate Partner gefunden. JazzZeitung: Was ist der Grundgedanke, die inhaltliche Ausrichtung des Festivals? Heuken: Wir wollen dem Vibraphon eine spezielle Plattform bieten und es w\u00e4hrend des Festivals von verschiedenen Seiten beleuchten: einerseits im Jazzband-Kontext (Herrenboutique) und im kammermusikalischen Jazz (Vibraxophonie, Mathias Haus Quartett), andererseits aber auch in einem experimentellen, stil\u00fcbergreifenden, teilweise klassischen Zusammenhang (Metropolmusik). Dar\u00fcber hinaus haben wir mit Bernard Maseli einen Virtuosen am Malletkat (eine Art E-Vibraphon) gewinnen k\u00f6nnen. JazzZeitung: Wie w\u00fcrdest du das Vibraphon charakterisieren, &hellip;","og_url":"https:\/\/www.jazzzeitung.de\/cms\/2013\/12\/ein-weihnachts-geschenk-fuer-neu-abonnenten\/","og_site_name":"JazzZeitung","article_publisher":"https:\/\/www.facebook.com\/JazzZeitung\/","article_published_time":"2013-12-20T09:50:29+00:00","article_modified_time":"2017-10-10T14:34:11+00:00","og_image":[{"url":"http:\/\/www.jazzzeitung.de\/cms\/wp-content\/uploads\/2013\/12\/cover_duo_art_act-150x150.jpg","type":"","width":"","height":""}],"author":"Redaktion JazzZeitung","schema":{"@context":"https:\/\/schema.org","@graph":[{"@type":"Article","@id":"https:\/\/www.jazzzeitung.de\/cms\/2013\/12\/ein-weihnachts-geschenk-fuer-neu-abonnenten\/#article","isPartOf":{"@id":"https:\/\/www.jazzzeitung.de\/cms\/2013\/12\/ein-weihnachts-geschenk-fuer-neu-abonnenten\/"},"author":{"name":"Redaktion JazzZeitung","@id":"https:\/\/www.jazzzeitung.de\/cms\/#\/schema\/person\/2245b36b9cd1d24cea10f01c031fb92b"},"headline":"Das kleine aber feine Festival \u201eVibraphonissimo\u201c","datePublished":"2013-12-20T09:50:29+00:00","dateModified":"2017-10-10T14:34:11+00:00","mainEntityOfPage":{"@id":"https:\/\/www.jazzzeitung.de\/cms\/2013\/12\/ein-weihnachts-geschenk-fuer-neu-abonnenten\/"},"wordCount":483,"commentCount":0,"publisher":{"@id":"https:\/\/www.jazzzeitung.de\/cms\/#organization"},"image":{"@id":"https:\/\/www.jazzzeitung.de\/cms\/2013\/12\/ein-weihnachts-geschenk-fuer-neu-abonnenten\/#primaryimage"},"thumbnailUrl":"http:\/\/www.jazzzeitung.de\/cms\/wp-content\/uploads\/2013\/12\/cover_duo_art_act-150x150.jpg","keywords":["act","Deutschland","duo","Festival","Festivals","F\u00fcrth","Gwilym Simcock","Jazzstudio N\u00fcrnberg","Jazzzeitung","Julian Schunter","Lars Danielsson","Nils Landgren","N\u00fcrnberg","Preise","Vibraphonissimo","Volker Heuken"],"articleSection":["JazzZeitung (print)"],"inLanguage":"de","potentialAction":[{"@type":"CommentAction","name":"Comment","target":["https:\/\/www.jazzzeitung.de\/cms\/2013\/12\/ein-weihnachts-geschenk-fuer-neu-abonnenten\/#respond"]}]},{"@type":"WebPage","@id":"https:\/\/www.jazzzeitung.de\/cms\/2013\/12\/ein-weihnachts-geschenk-fuer-neu-abonnenten\/","url":"https:\/\/www.jazzzeitung.de\/cms\/2013\/12\/ein-weihnachts-geschenk-fuer-neu-abonnenten\/","name":"Das kleine aber feine Festival \u201eVibraphonissimo\u201c - JazzZeitung","isPartOf":{"@id":"https:\/\/www.jazzzeitung.de\/cms\/#website"},"primaryImageOfPage":{"@id":"https:\/\/www.jazzzeitung.de\/cms\/2013\/12\/ein-weihnachts-geschenk-fuer-neu-abonnenten\/#primaryimage"},"image":{"@id":"https:\/\/www.jazzzeitung.de\/cms\/2013\/12\/ein-weihnachts-geschenk-fuer-neu-abonnenten\/#primaryimage"},"thumbnailUrl":"http:\/\/www.jazzzeitung.de\/cms\/wp-content\/uploads\/2013\/12\/cover_duo_art_act-150x150.jpg","datePublished":"2013-12-20T09:50:29+00:00","dateModified":"2017-10-10T14:34:11+00:00","breadcrumb":{"@id":"https:\/\/www.jazzzeitung.de\/cms\/2013\/12\/ein-weihnachts-geschenk-fuer-neu-abonnenten\/#breadcrumb"},"inLanguage":"de","potentialAction":[{"@type":"ReadAction","target":["https:\/\/www.jazzzeitung.de\/cms\/2013\/12\/ein-weihnachts-geschenk-fuer-neu-abonnenten\/"]}]},{"@type":"ImageObject","inLanguage":"de","@id":"https:\/\/www.jazzzeitung.de\/cms\/2013\/12\/ein-weihnachts-geschenk-fuer-neu-abonnenten\/#primaryimage","url":"http:\/\/www.jazzzeitung.de\/cms\/wp-content\/uploads\/2013\/12\/cover_duo_art_act-150x150.jpg","contentUrl":"http:\/\/www.jazzzeitung.de\/cms\/wp-content\/uploads\/2013\/12\/cover_duo_art_act-150x150.jpg"},{"@type":"BreadcrumbList","@id":"https:\/\/www.jazzzeitung.de\/cms\/2013\/12\/ein-weihnachts-geschenk-fuer-neu-abonnenten\/#breadcrumb","itemListElement":[{"@type":"ListItem","position":1,"name":"Startseite","item":"https:\/\/www.jazzzeitung.de\/cms\/"},{"@type":"ListItem","position":2,"name":"Das kleine aber feine Festival \u201eVibraphonissimo\u201c"}]},{"@type":"WebSite","@id":"https:\/\/www.jazzzeitung.de\/cms\/#website","url":"https:\/\/www.jazzzeitung.de\/cms\/","name":"JazzZeitung","description":"Jazz-News und Jazz-Kontroverses","publisher":{"@id":"https:\/\/www.jazzzeitung.de\/cms\/#organization"},"potentialAction":[{"@type":"SearchAction","target":{"@type":"EntryPoint","urlTemplate":"https:\/\/www.jazzzeitung.de\/cms\/?s={search_term_string}"},"query-input":{"@type":"PropertyValueSpecification","valueRequired":true,"valueName":"search_term_string"}}],"inLanguage":"de"},{"@type":"Organization","@id":"https:\/\/www.jazzzeitung.de\/cms\/#organization","name":"JazzZeitung online","url":"https:\/\/www.jazzzeitung.de\/cms\/","logo":{"@type":"ImageObject","inLanguage":"de","@id":"https:\/\/www.jazzzeitung.de\/cms\/#\/schema\/logo\/image\/","url":"https:\/\/i0.wp.com\/www.jazzzeitung.de\/cms\/wp-content\/uploads\/2015\/08\/JAZZZEITUNGDE_Logo_Neu.png?fit=499%2C200&ssl=1","contentUrl":"https:\/\/i0.wp.com\/www.jazzzeitung.de\/cms\/wp-content\/uploads\/2015\/08\/JAZZZEITUNGDE_Logo_Neu.png?fit=499%2C200&ssl=1","width":499,"height":200,"caption":"JazzZeitung online"},"image":{"@id":"https:\/\/www.jazzzeitung.de\/cms\/#\/schema\/logo\/image\/"},"sameAs":["https:\/\/www.facebook.com\/JazzZeitung\/"]},{"@type":"Person","@id":"https:\/\/www.jazzzeitung.de\/cms\/#\/schema\/person\/2245b36b9cd1d24cea10f01c031fb92b","name":"Redaktion JazzZeitung","image":{"@type":"ImageObject","inLanguage":"de","@id":"https:\/\/i0.wp.com\/www.jazzzeitung.de\/cms\/wp-content\/uploads\/2015\/08\/JAZZZEITUNGDE_Logo_Neu.png?resize=96%2C96&ssl=159975dcacb611b5700bd619b5daf0a7a","url":"https:\/\/i0.wp.com\/www.jazzzeitung.de\/cms\/wp-content\/uploads\/2015\/08\/JAZZZEITUNGDE_Logo_Neu.png?resize=96%2C96&ssl=1","contentUrl":"https:\/\/i0.wp.com\/www.jazzzeitung.de\/cms\/wp-content\/uploads\/2015\/08\/JAZZZEITUNGDE_Logo_Neu.png?resize=96%2C96&ssl=1","caption":"Redaktion JazzZeitung"},"description":"Artikel der Redaktion der JazzZeitung.","sameAs":["http:\/\/www.jazzzeitung.de\/cms\/"],"url":"https:\/\/www.jazzzeitung.de\/cms\/author\/redaktion\/"}]}},"wp-worthy-pixel":{"ignored":false,"public":null,"server":null,"url":null},"wp-worthy-type":"normal","jetpack_publicize_connections":[],"cc_featured_image_caption":{"caption_text":false,"source_text":false,"source_url":false},"jetpack_featured_media_url":"","jetpack_shortlink":"https:\/\/wp.me\/p3KEcT-PH","jetpack-related-posts":[{"id":4923,"url":"https:\/\/www.jazzzeitung.de\/cms\/2014\/11\/2-vibraphon-festival-vibraphonissimo-nuernberg\/","url_meta":{"origin":3205,"position":0},"title":"2. Vibraphon Festival &#8222;Vibraphonissimo&#8220; in N\u00fcrnberg","author":"Redaktion JazzZeitung","date":"16. November 2014","format":false,"excerpt":"Vom 14.1. bis 18.1 wird das 2. Vibraphon Festival VIBRAPHONISSIMO in N\u00fcrnberg stattfinden. Das Festival organisieren die polnische Jazz Vibraphonistin Izabella Effenberg und der deutscher Vibrafonist Volker Heuken. N\u00fcrnberger Vibraphonisten gestalten die vier Tage in folgenden Formationen: 14.1. Roland Neffe \"Wood&Steel Trio - Jazz Studio 16.1. Voker Heuken DUO Krakauerhaus\u2026","rel":"","context":"In &quot;News&quot;","block_context":{"text":"News","link":"https:\/\/www.jazzzeitung.de\/cms\/thema\/nachrichten\/"},"img":{"alt_text":"Initiatorin und Vipbraphonistin: Izabella Effenberg. Foto: Martina Striegl","src":"https:\/\/i0.wp.com\/www.jazzzeitung.de\/cms\/wp-content\/uploads\/2014\/11\/IzabellaEffenberg.Fot_.Martina-Striegl.jpg?resize=350%2C200","width":350,"height":200,"srcset":"https:\/\/i0.wp.com\/www.jazzzeitung.de\/cms\/wp-content\/uploads\/2014\/11\/IzabellaEffenberg.Fot_.Martina-Striegl.jpg?resize=350%2C200 1x, https:\/\/i0.wp.com\/www.jazzzeitung.de\/cms\/wp-content\/uploads\/2014\/11\/IzabellaEffenberg.Fot_.Martina-Striegl.jpg?resize=525%2C300 1.5x, https:\/\/i0.wp.com\/www.jazzzeitung.de\/cms\/wp-content\/uploads\/2014\/11\/IzabellaEffenberg.Fot_.Martina-Striegl.jpg?resize=700%2C400 2x, https:\/\/i0.wp.com\/www.jazzzeitung.de\/cms\/wp-content\/uploads\/2014\/11\/IzabellaEffenberg.Fot_.Martina-Striegl.jpg?resize=1050%2C600 3x, https:\/\/i0.wp.com\/www.jazzzeitung.de\/cms\/wp-content\/uploads\/2014\/11\/IzabellaEffenberg.Fot_.Martina-Striegl.jpg?resize=1400%2C800 4x"},"classes":[]},{"id":7974,"url":"https:\/\/www.jazzzeitung.de\/cms\/2015\/12\/veranstaltungstipps-birdland-neuburg-3-vibrafon-festival-vibraphonissimo-nuernbergfuerth-jazzclub-augsburg-e-v\/","url_meta":{"origin":3205,"position":1},"title":"+++ Veranstaltungstipps +++ Birdland Neuburg +++ 3. Vibrafon Festival \u201eVibraphonissimo\u201c in N\u00fcrnberg\/F\u00fcrth +++ jazzclub augsburg e.V. +++","author":"Redaktion JazzZeitung","date":"16. Dezember 2015","format":false,"excerpt":"+++Birdland Neuburg +++ Freitag, 8. Januar 2016 und Samstag, 9. Januar 2016, 20.30 Uhr: C\u00e9cile Verny Quartet (C\u00e9cile Verny (voc), Bernd Heitzler (b), Andreas Erchinger (p), Lars Binder (dr, perc)) - Alle Jahre wieder \u2013 obliegt es dem C\u00e9cile Verny Quartet, die neue Jazzsaison in Neuburg zu er\u00f6ffnen. Dass es\u2026","rel":"","context":"In &quot;Redaktionelle Nachrichten&quot;","block_context":{"text":"Redaktionelle Nachrichten","link":"https:\/\/www.jazzzeitung.de\/cms\/thema\/redaktion\/"},"img":{"alt_text":"Mareike","src":"https:\/\/i0.wp.com\/www.jazzzeitung.de\/cms\/wp-content\/uploads\/2015\/12\/Mareike-150x150.jpg?resize=350%2C200","width":350,"height":200},"classes":[]},{"id":10983,"url":"https:\/\/www.jazzzeitung.de\/cms\/2016\/11\/news-vibraphonissimo-festival-2017-ici-ensemble-trifft-phil-minton-suedtirol-jazzfestival-2017\/","url_meta":{"origin":3205,"position":2},"title":"NEWS +++ Vibraphonissimo Festival 2017 +++ ICI Ensemble trifft Phil Minton +++ S\u00fcdtirol Jazzfestival 2017 +++","author":"Redaktion JazzZeitung","date":"19. November 2016","format":false,"excerpt":"+++ Vibraphonissimo Festival 2017 +++ Es ist das Instrument, das jeder ein wenig kennt, doch keiner wirklich: das Vibraphon. Meist wird es mit Xylophon und Marimbaphon verwechselt, dabei ist es selbst doch wesentlich ausgefeilter, mit seinem elektronisch erzeugten Vibrato. Seit 2014 ist ihm ein eigenes Festival in N\u00fcrnberg gewidmet. Das\u2026","rel":"","context":"In &quot;News&quot;","block_context":{"text":"News","link":"https:\/\/www.jazzzeitung.de\/cms\/thema\/nachrichten\/"},"img":{"alt_text":"logo-vibrafonissimo-klein-kopie","src":"https:\/\/i0.wp.com\/www.jazzzeitung.de\/cms\/wp-content\/uploads\/2016\/11\/Logo-vibrafonissimo.klein-Kopie-262x300.png?resize=350%2C200","width":350,"height":200},"classes":[]},{"id":19450,"url":"https:\/\/www.jazzzeitung.de\/cms\/2019\/05\/news-volker-heuken-sextett-im-muenchner-studio-2-trioplus-und-schooljazz-projekt-in-luebeck\/","url_meta":{"origin":3205,"position":3},"title":"+++ news +++ Volker Heuken Sextett im M\u00fcnchner Studio 2 +++ trioPLUS und Schooljazz-Projekt in L\u00fcbeck +++","author":"Redaktion JazzZeitung","date":"14. Mai 2019","format":false,"excerpt":"Am 22. Mai 2019 ist im M\u00fcnchner Studio 2 das Volker Heuken Sextett mit seinem neuen Programm \u201eSiblings\u201c zu Gast. Mit Julian Bossert am Saxofon, der Posaunistin Antonia Hausmann, Lukas Grossmann am Klavier, dem Bassisten Alex Beyer und Jan F. Brill am Schlagzeug bringt der Komponist und Vibraphonist Volker Heuken\u2026","rel":"","context":"In &quot;News&quot;","block_context":{"text":"News","link":"https:\/\/www.jazzzeitung.de\/cms\/thema\/nachrichten\/"},"img":{"alt_text":"","src":"https:\/\/i0.wp.com\/www.jazzzeitung.de\/cms\/wp-content\/uploads\/2019\/05\/image001-1.jpg?fit=994%2C558&ssl=1&resize=350%2C200","width":350,"height":200,"srcset":"https:\/\/i0.wp.com\/www.jazzzeitung.de\/cms\/wp-content\/uploads\/2019\/05\/image001-1.jpg?fit=994%2C558&ssl=1&resize=350%2C200 1x, https:\/\/i0.wp.com\/www.jazzzeitung.de\/cms\/wp-content\/uploads\/2019\/05\/image001-1.jpg?fit=994%2C558&ssl=1&resize=525%2C300 1.5x, https:\/\/i0.wp.com\/www.jazzzeitung.de\/cms\/wp-content\/uploads\/2019\/05\/image001-1.jpg?fit=994%2C558&ssl=1&resize=700%2C400 2x"},"classes":[]},{"id":33698,"url":"https:\/\/www.jazzzeitung.de\/cms\/2026\/02\/heukens-koch-grossmann-mit-starkem-vibe-fuer-post-tiktoker\/","url_meta":{"origin":3205,"position":4},"title":"Heuken \u2013 Koch \u2013 Grossmann mit starkem Vibe f\u00fcr Post-Tiktoker","author":"Andreas Kolb","date":"28. Februar 2026","format":false,"excerpt":"Drummer Johannes Koch legt mit Trio Future Backup ein chillig-vertr\u00e4umtes Deb\u00fctalbum vor Kommt mit dem Vorsto\u00df der Sozis zu Social-Media-Beschr\u00e4nkungen jetzt die Post-Tiktok-Generation? Den Soundtrack daf\u00fcr gibt es schon. Die Band Future Backup praktiziert damit ein gelassenes Anschwimmen gegen den Zeitgeist. Auf ihrem Album \u201eGolden\u201c, das eben beim \u00f6sterreichischen Indielabel\u2026","rel":"","context":"In &quot;Rezension&quot;","block_context":{"text":"Rezension","link":"https:\/\/www.jazzzeitung.de\/cms\/thema\/rezension\/"},"img":{"alt_text":"","src":"https:\/\/i0.wp.com\/www.jazzzeitung.de\/cms\/wp-content\/uploads\/2026\/02\/Koch_Golden_Pressefoto.jpg?fit=794%2C1200&ssl=1&resize=350%2C200","width":350,"height":200,"srcset":"https:\/\/i0.wp.com\/www.jazzzeitung.de\/cms\/wp-content\/uploads\/2026\/02\/Koch_Golden_Pressefoto.jpg?fit=794%2C1200&ssl=1&resize=350%2C200 1x, https:\/\/i0.wp.com\/www.jazzzeitung.de\/cms\/wp-content\/uploads\/2026\/02\/Koch_Golden_Pressefoto.jpg?fit=794%2C1200&ssl=1&resize=525%2C300 1.5x, https:\/\/i0.wp.com\/www.jazzzeitung.de\/cms\/wp-content\/uploads\/2026\/02\/Koch_Golden_Pressefoto.jpg?fit=794%2C1200&ssl=1&resize=700%2C400 2x"},"classes":[]},{"id":3210,"url":"https:\/\/www.jazzzeitung.de\/cms\/2013\/12\/jubilaeumsjahr-das-jazzstudio-nuernberg-feiert-60-jaehriges-bestehen\/","url_meta":{"origin":3205,"position":5},"title":"Jubil\u00e4umsjahr: das JazzStudio N\u00fcrnberg feiert 60-j\u00e4hriges Bestehen","author":"Redaktion JazzZeitung","date":"28. Dezember 2013","format":false,"excerpt":"2014 feiert das JazzStudio N\u00fcrnberg ein besonderes Jubil\u00e4um und z\u00e4hlt damit zu einem der \u00e4ltesten Jazzclubs Deutschlands. Seit 60 Jahren besuchen Jazzfans der Metropolregion den kleinen Keller am Fu\u00dfe der N\u00fcrnberger Burg. \u201eEin Kellerloch als Tor zur Welt\u201c hie\u00df eine Publikation zum 40. Jahrestag 1994, und treffender kann man diese\u2026","rel":"","context":"In &quot;Redaktionelle Nachrichten&quot;","block_context":{"text":"Redaktionelle Nachrichten","link":"https:\/\/www.jazzzeitung.de\/cms\/thema\/redaktion\/"},"img":{"alt_text":"60_Jahre_Jazzstudio_324","src":"https:\/\/i0.wp.com\/www.jazzzeitung.de\/cms\/wp-content\/uploads\/2013\/12\/60_Jahre_Jazzstudio_324-150x150.jpg?resize=350%2C200","width":350,"height":200},"classes":[]}],"jetpack_sharing_enabled":true,"_links":{"self":[{"href":"https:\/\/www.jazzzeitung.de\/cms\/wp-json\/wp\/v2\/posts\/3205","targetHints":{"allow":["GET"]}}],"collection":[{"href":"https:\/\/www.jazzzeitung.de\/cms\/wp-json\/wp\/v2\/posts"}],"about":[{"href":"https:\/\/www.jazzzeitung.de\/cms\/wp-json\/wp\/v2\/types\/post"}],"author":[{"embeddable":true,"href":"https:\/\/www.jazzzeitung.de\/cms\/wp-json\/wp\/v2\/users\/18"}],"replies":[{"embeddable":true,"href":"https:\/\/www.jazzzeitung.de\/cms\/wp-json\/wp\/v2\/comments?post=3205"}],"version-history":[{"count":7,"href":"https:\/\/www.jazzzeitung.de\/cms\/wp-json\/wp\/v2\/posts\/3205\/revisions"}],"predecessor-version":[{"id":13741,"href":"https:\/\/www.jazzzeitung.de\/cms\/wp-json\/wp\/v2\/posts\/3205\/revisions\/13741"}],"wp:attachment":[{"href":"https:\/\/www.jazzzeitung.de\/cms\/wp-json\/wp\/v2\/media?parent=3205"}],"wp:term":[{"taxonomy":"category","embeddable":true,"href":"https:\/\/www.jazzzeitung.de\/cms\/wp-json\/wp\/v2\/categories?post=3205"},{"taxonomy":"post_tag","embeddable":true,"href":"https:\/\/www.jazzzeitung.de\/cms\/wp-json\/wp\/v2\/tags?post=3205"},{"taxonomy":"author","embeddable":true,"href":"https:\/\/www.jazzzeitung.de\/cms\/wp-json\/wp\/v2\/coauthors?post=3205"}],"curies":[{"name":"wp","href":"https:\/\/api.w.org\/{rel}","templated":true}]}}