{"id":3200,"date":"2013-12-22T13:50:54","date_gmt":"2013-12-22T12:50:54","guid":{"rendered":"http:\/\/www.jazzzeitung.de\/cms\/?p=3200"},"modified":"2013-12-30T10:04:31","modified_gmt":"2013-12-30T09:04:31","slug":"weihnachts-cds-folge-5-felix-miles","status":"publish","type":"post","link":"https:\/\/www.jazzzeitung.de\/cms\/2013\/12\/weihnachts-cds-folge-5-felix-miles\/","title":{"rendered":"Weihnachts-CDs Folge 5: Felix Miles"},"content":{"rendered":"<p><a href=\"https:\/\/i0.wp.com\/www.jazzzeitung.de\/cms\/wp-content\/uploads\/2013\/12\/cover_miles.jpg\"><img data-recalc-dims=\"1\" loading=\"lazy\" decoding=\"async\" data-attachment-id=\"3201\" data-permalink=\"https:\/\/www.jazzzeitung.de\/cms\/2013\/12\/weihnachts-cds-folge-5-felix-miles\/cover_miles\/\" data-orig-file=\"https:\/\/i0.wp.com\/www.jazzzeitung.de\/cms\/wp-content\/uploads\/2013\/12\/cover_miles.jpg?fit=240%2C240&amp;ssl=1\" data-orig-size=\"240,240\" data-comments-opened=\"1\" data-image-meta=\"{&quot;aperture&quot;:&quot;0&quot;,&quot;credit&quot;:&quot;&quot;,&quot;camera&quot;:&quot;&quot;,&quot;caption&quot;:&quot;&quot;,&quot;created_timestamp&quot;:&quot;0&quot;,&quot;copyright&quot;:&quot;&quot;,&quot;focal_length&quot;:&quot;0&quot;,&quot;iso&quot;:&quot;0&quot;,&quot;shutter_speed&quot;:&quot;0&quot;,&quot;title&quot;:&quot;&quot;}\" data-image-title=\"cover_miles\" data-image-description=\"\" data-image-caption=\"\" data-large-file=\"https:\/\/i0.wp.com\/www.jazzzeitung.de\/cms\/wp-content\/uploads\/2013\/12\/cover_miles.jpg?fit=240%2C240&amp;ssl=1\" class=\"alignright size-thumbnail wp-image-3201\" alt=\"cover_miles\" src=\"https:\/\/i0.wp.com\/www.jazzzeitung.de\/cms\/wp-content\/uploads\/2013\/12\/cover_miles-150x150.jpg?resize=150%2C150\" width=\"150\" height=\"150\" srcset=\"https:\/\/i0.wp.com\/www.jazzzeitung.de\/cms\/wp-content\/uploads\/2013\/12\/cover_miles.jpg?resize=150%2C150&amp;ssl=1 150w, https:\/\/i0.wp.com\/www.jazzzeitung.de\/cms\/wp-content\/uploads\/2013\/12\/cover_miles.jpg?resize=144%2C144&amp;ssl=1 144w, https:\/\/i0.wp.com\/www.jazzzeitung.de\/cms\/wp-content\/uploads\/2013\/12\/cover_miles.jpg?resize=96%2C96&amp;ssl=1 96w, https:\/\/i0.wp.com\/www.jazzzeitung.de\/cms\/wp-content\/uploads\/2013\/12\/cover_miles.jpg?resize=24%2C24&amp;ssl=1 24w, https:\/\/i0.wp.com\/www.jazzzeitung.de\/cms\/wp-content\/uploads\/2013\/12\/cover_miles.jpg?resize=36%2C36&amp;ssl=1 36w, https:\/\/i0.wp.com\/www.jazzzeitung.de\/cms\/wp-content\/uploads\/2013\/12\/cover_miles.jpg?resize=48%2C48&amp;ssl=1 48w, https:\/\/i0.wp.com\/www.jazzzeitung.de\/cms\/wp-content\/uploads\/2013\/12\/cover_miles.jpg?resize=64%2C64&amp;ssl=1 64w, https:\/\/i0.wp.com\/www.jazzzeitung.de\/cms\/wp-content\/uploads\/2013\/12\/cover_miles.jpg?resize=32%2C32&amp;ssl=1 32w, https:\/\/i0.wp.com\/www.jazzzeitung.de\/cms\/wp-content\/uploads\/2013\/12\/cover_miles.jpg?resize=128%2C128&amp;ssl=1 128w, https:\/\/i0.wp.com\/www.jazzzeitung.de\/cms\/wp-content\/uploads\/2013\/12\/cover_miles.jpg?w=240&amp;ssl=1 240w\" sizes=\"auto, (max-width: 150px) 100vw, 150px\" \/><\/a>&#8222;Wake up to Snow &#8211; An Even Better Christmas with Felix Miles&#8220; hei\u00dft die erste Produktion aus dem Hause Bl\u00fchmeer (BL2013CD-001), einem 2013 gegr\u00fcndeten K\u00f6lner Verlagshaus mit eigenem Label, das sein Portfolio 2014 vorstellen wird. Bl\u00fchmeer hat es sich zur Aufgabe gemacht, junge Talente zu f\u00f6rdern und lie\u00df f\u00fcr den Anfang zehn neue Musiktitel f\u00fcr die &#8222;etwas andere&#8220; Weihnachts-CD extra neu komponieren. Neben dem titelgebenden &#8222;Snowy Snowflake&#8220; findet man hier noch entspannte swingende Nummern wie &#8222;Christmas Mood&#8220;, &#8222;Lovely Christmas&#8220; oder &#8222;Thanks To You&#8220;.\u00a0 Aber es wird auch gesellschaftskritisch mit &#8222;Santa Resigns&#8220;: der Weihnachtsmann hat keine Lust mehr in unserer selbstbezogenen Welt, Geschenke zu bringen&#8230; Das ist alles sparsam instrumentiert, mit Piano, Bass und Percussion. Multiisntrumentalist Felix Miles, der nicht nur komponiert und zusammen mit Nora Jakob, K. Finkenau und Anna Gaden getextet, sondern auch alles eigenh\u00e4ndig arrangiert hat, singt und spielt selbst, bekommt dabei w\u00e4hrend eines Titels Unterst\u00fctzung von der jungen S\u00e4ngerin Anna Gaden. Charmant das Ganze, manchmal etwas unbeholfen, aber wirklich mal was anderes.<\/p>\n<p>Geeignet f\u00fcr: Weihnachtsdinner, gem\u00fctliches Beisammensein mit Freunden, Kuscheln vor dem Kamin<\/p>\n<p>Reinh\u00f6ren unter:<\/p>\n<p><a title=\"Felix Miles' official Website\" href=\"http:\/\/www.felix-miles.com\">www.felix-miles.com<\/a><br \/>\n<a title=\"Felix Miles' on Soundcloud\" href=\"http:\/\/www.soundcloud.com\/felixmiles\">www.soundcloud.com\/felixmiles <\/a><\/p>\n","protected":false},"excerpt":{"rendered":"<p>&#8222;Wake up to Snow &#8211; An Even Better Christmas with Felix Miles&#8220; hei\u00dft die erste Produktion aus dem Hause Bl\u00fchmeer (BL2013CD-001), einem 2013 gegr\u00fcndeten K\u00f6lner Verlagshaus mit eigenem Label, das sein Portfolio 2014 vorstellen wird. Bl\u00fchmeer hat es sich zur Aufgabe gemacht, junge Talente zu f\u00f6rdern und lie\u00df f\u00fcr den Anfang zehn neue Musiktitel f\u00fcr die &#8222;etwas andere&#8220; Weihnachts-CD extra neu komponieren. Neben dem titelgebenden &#8222;Snowy Snowflake&#8220; findet man hier noch entspannte swingende Nummern wie &#8222;Christmas Mood&#8220;, &#8222;Lovely Christmas&#8220; oder &#8222;Thanks To You&#8220;.\u00a0 Aber es wird auch gesellschaftskritisch mit &#8222;Santa Resigns&#8220;: der Weihnachtsmann hat keine Lust mehr in unserer selbstbezogenen Welt, Geschenke zu bringen&#8230; Das ist alles sparsam instrumentiert, mit Piano, Bass und Percussion. Multiisntrumentalist Felix Miles, der nicht nur komponiert und zusammen mit Nora Jakob, K. Finkenau und Anna Gaden getextet, sondern auch alles eigenh\u00e4ndig arrangiert hat, singt und spielt selbst, bekommt dabei w\u00e4hrend eines Titels Unterst\u00fctzung von der jungen S\u00e4ngerin Anna Gaden. Charmant das Ganze, manchmal etwas unbeholfen, aber wirklich mal was anderes. Geeignet f\u00fcr: Weihnachtsdinner, gem\u00fctliches Beisammensein mit Freunden, Kuscheln vor dem Kamin Reinh\u00f6ren unter: www.felix-miles.com www.soundcloud.com\/felixmiles<\/p>\n","protected":false},"author":18,"featured_media":0,"comment_status":"open","ping_status":"closed","sticky":false,"template":"","format":"standard","meta":{"_jetpack_memberships_contains_paid_content":false,"footnotes":"","jetpack_publicize_message":"","jetpack_publicize_feature_enabled":true,"jetpack_social_post_already_shared":false,"jetpack_social_options":{"image_generator_settings":{"template":"highway","default_image_id":0,"font":"","enabled":false},"version":2}},"categories":[82],"tags":[851,853,850,852,832],"coauthors":[695],"class_list":["post-3200","post","type-post","status-publish","format-standard","hentry","category-blog","tag-anna-gaden","tag-bluehmeer-label","tag-felix-miles","tag-koeln","tag-weihnachts-cds"],"yoast_head":"<!-- This site is optimized with the Yoast SEO plugin v27.5 - https:\/\/yoast.com\/product\/yoast-seo-wordpress\/ -->\n<title>Weihnachts-CDs Folge 5: Felix Miles - JazzZeitung<\/title>\n<meta name=\"robots\" content=\"index, follow, max-snippet:-1, max-image-preview:large, max-video-preview:-1\" \/>\n<link rel=\"canonical\" href=\"https:\/\/www.jazzzeitung.de\/cms\/2013\/12\/weihnachts-cds-folge-5-felix-miles\/\" \/>\n<meta property=\"og:locale\" content=\"de_DE\" \/>\n<meta property=\"og:type\" content=\"article\" \/>\n<meta property=\"og:title\" content=\"Weihnachts-CDs Folge 5: Felix Miles - JazzZeitung\" \/>\n<meta property=\"og:description\" content=\"&#8222;Wake up to Snow &#8211; An Even Better Christmas with Felix Miles&#8220; hei\u00dft die erste Produktion aus dem Hause Bl\u00fchmeer (BL2013CD-001), einem 2013 gegr\u00fcndeten K\u00f6lner Verlagshaus mit eigenem Label, das sein Portfolio 2014 vorstellen wird. Bl\u00fchmeer hat es sich zur Aufgabe gemacht, junge Talente zu f\u00f6rdern und lie\u00df f\u00fcr den Anfang zehn neue Musiktitel f\u00fcr die &#8222;etwas andere&#8220; Weihnachts-CD extra neu komponieren. Neben dem titelgebenden &#8222;Snowy Snowflake&#8220; findet man hier noch entspannte swingende Nummern wie &#8222;Christmas Mood&#8220;, &#8222;Lovely Christmas&#8220; oder &#8222;Thanks To You&#8220;.\u00a0 Aber es wird auch gesellschaftskritisch mit &#8222;Santa Resigns&#8220;: der Weihnachtsmann hat keine Lust mehr in unserer selbstbezogenen Welt, Geschenke zu bringen&#8230; Das ist alles sparsam instrumentiert, mit Piano, Bass und Percussion. Multiisntrumentalist Felix Miles, der nicht nur komponiert und zusammen mit Nora Jakob, K. Finkenau und Anna Gaden getextet, sondern auch alles eigenh\u00e4ndig arrangiert hat, singt und spielt selbst, bekommt dabei w\u00e4hrend eines Titels Unterst\u00fctzung von der jungen S\u00e4ngerin Anna Gaden. Charmant das Ganze, manchmal etwas unbeholfen, aber wirklich mal was anderes. Geeignet f\u00fcr: Weihnachtsdinner, gem\u00fctliches Beisammensein mit Freunden, Kuscheln vor dem Kamin Reinh\u00f6ren unter: www.felix-miles.com www.soundcloud.com\/felixmiles\" \/>\n<meta property=\"og:url\" content=\"https:\/\/www.jazzzeitung.de\/cms\/2013\/12\/weihnachts-cds-folge-5-felix-miles\/\" \/>\n<meta property=\"og:site_name\" content=\"JazzZeitung\" \/>\n<meta property=\"article:publisher\" content=\"https:\/\/www.facebook.com\/JazzZeitung\/\" \/>\n<meta property=\"article:published_time\" content=\"2013-12-22T12:50:54+00:00\" \/>\n<meta property=\"article:modified_time\" content=\"2013-12-30T09:04:31+00:00\" \/>\n<meta property=\"og:image\" content=\"http:\/\/www.jazzzeitung.de\/cms\/wp-content\/uploads\/2013\/12\/cover_miles-150x150.jpg\" \/>\n<meta name=\"author\" content=\"Redaktion JazzZeitung\" \/>\n<script type=\"application\/ld+json\" class=\"yoast-schema-graph\">{\"@context\":\"https:\\\/\\\/schema.org\",\"@graph\":[{\"@type\":\"Article\",\"@id\":\"https:\\\/\\\/www.jazzzeitung.de\\\/cms\\\/2013\\\/12\\\/weihnachts-cds-folge-5-felix-miles\\\/#article\",\"isPartOf\":{\"@id\":\"https:\\\/\\\/www.jazzzeitung.de\\\/cms\\\/2013\\\/12\\\/weihnachts-cds-folge-5-felix-miles\\\/\"},\"author\":{\"name\":\"Redaktion JazzZeitung\",\"@id\":\"https:\\\/\\\/www.jazzzeitung.de\\\/cms\\\/#\\\/schema\\\/person\\\/2245b36b9cd1d24cea10f01c031fb92b\"},\"headline\":\"Weihnachts-CDs Folge 5: Felix Miles\",\"datePublished\":\"2013-12-22T12:50:54+00:00\",\"dateModified\":\"2013-12-30T09:04:31+00:00\",\"mainEntityOfPage\":{\"@id\":\"https:\\\/\\\/www.jazzzeitung.de\\\/cms\\\/2013\\\/12\\\/weihnachts-cds-folge-5-felix-miles\\\/\"},\"wordCount\":203,\"commentCount\":0,\"publisher\":{\"@id\":\"https:\\\/\\\/www.jazzzeitung.de\\\/cms\\\/#organization\"},\"image\":{\"@id\":\"https:\\\/\\\/www.jazzzeitung.de\\\/cms\\\/2013\\\/12\\\/weihnachts-cds-folge-5-felix-miles\\\/#primaryimage\"},\"thumbnailUrl\":\"http:\\\/\\\/www.jazzzeitung.de\\\/cms\\\/wp-content\\\/uploads\\\/2013\\\/12\\\/cover_miles-150x150.jpg\",\"keywords\":[\"Anna Gaden\",\"Bl\u00fchmeer Label\",\"Felix Miles\",\"K\u00f6ln\",\"Weihnachts-CDs\"],\"articleSection\":[\"Blog\"],\"inLanguage\":\"de\",\"potentialAction\":[{\"@type\":\"CommentAction\",\"name\":\"Comment\",\"target\":[\"https:\\\/\\\/www.jazzzeitung.de\\\/cms\\\/2013\\\/12\\\/weihnachts-cds-folge-5-felix-miles\\\/#respond\"]}]},{\"@type\":\"WebPage\",\"@id\":\"https:\\\/\\\/www.jazzzeitung.de\\\/cms\\\/2013\\\/12\\\/weihnachts-cds-folge-5-felix-miles\\\/\",\"url\":\"https:\\\/\\\/www.jazzzeitung.de\\\/cms\\\/2013\\\/12\\\/weihnachts-cds-folge-5-felix-miles\\\/\",\"name\":\"Weihnachts-CDs Folge 5: Felix Miles - JazzZeitung\",\"isPartOf\":{\"@id\":\"https:\\\/\\\/www.jazzzeitung.de\\\/cms\\\/#website\"},\"primaryImageOfPage\":{\"@id\":\"https:\\\/\\\/www.jazzzeitung.de\\\/cms\\\/2013\\\/12\\\/weihnachts-cds-folge-5-felix-miles\\\/#primaryimage\"},\"image\":{\"@id\":\"https:\\\/\\\/www.jazzzeitung.de\\\/cms\\\/2013\\\/12\\\/weihnachts-cds-folge-5-felix-miles\\\/#primaryimage\"},\"thumbnailUrl\":\"http:\\\/\\\/www.jazzzeitung.de\\\/cms\\\/wp-content\\\/uploads\\\/2013\\\/12\\\/cover_miles-150x150.jpg\",\"datePublished\":\"2013-12-22T12:50:54+00:00\",\"dateModified\":\"2013-12-30T09:04:31+00:00\",\"breadcrumb\":{\"@id\":\"https:\\\/\\\/www.jazzzeitung.de\\\/cms\\\/2013\\\/12\\\/weihnachts-cds-folge-5-felix-miles\\\/#breadcrumb\"},\"inLanguage\":\"de\",\"potentialAction\":[{\"@type\":\"ReadAction\",\"target\":[\"https:\\\/\\\/www.jazzzeitung.de\\\/cms\\\/2013\\\/12\\\/weihnachts-cds-folge-5-felix-miles\\\/\"]}]},{\"@type\":\"ImageObject\",\"inLanguage\":\"de\",\"@id\":\"https:\\\/\\\/www.jazzzeitung.de\\\/cms\\\/2013\\\/12\\\/weihnachts-cds-folge-5-felix-miles\\\/#primaryimage\",\"url\":\"http:\\\/\\\/www.jazzzeitung.de\\\/cms\\\/wp-content\\\/uploads\\\/2013\\\/12\\\/cover_miles-150x150.jpg\",\"contentUrl\":\"http:\\\/\\\/www.jazzzeitung.de\\\/cms\\\/wp-content\\\/uploads\\\/2013\\\/12\\\/cover_miles-150x150.jpg\"},{\"@type\":\"BreadcrumbList\",\"@id\":\"https:\\\/\\\/www.jazzzeitung.de\\\/cms\\\/2013\\\/12\\\/weihnachts-cds-folge-5-felix-miles\\\/#breadcrumb\",\"itemListElement\":[{\"@type\":\"ListItem\",\"position\":1,\"name\":\"Startseite\",\"item\":\"https:\\\/\\\/www.jazzzeitung.de\\\/cms\\\/\"},{\"@type\":\"ListItem\",\"position\":2,\"name\":\"Weihnachts-CDs Folge 5: Felix Miles\"}]},{\"@type\":\"WebSite\",\"@id\":\"https:\\\/\\\/www.jazzzeitung.de\\\/cms\\\/#website\",\"url\":\"https:\\\/\\\/www.jazzzeitung.de\\\/cms\\\/\",\"name\":\"JazzZeitung\",\"description\":\"Jazz-News und Jazz-Kontroverses\",\"publisher\":{\"@id\":\"https:\\\/\\\/www.jazzzeitung.de\\\/cms\\\/#organization\"},\"potentialAction\":[{\"@type\":\"SearchAction\",\"target\":{\"@type\":\"EntryPoint\",\"urlTemplate\":\"https:\\\/\\\/www.jazzzeitung.de\\\/cms\\\/?s={search_term_string}\"},\"query-input\":{\"@type\":\"PropertyValueSpecification\",\"valueRequired\":true,\"valueName\":\"search_term_string\"}}],\"inLanguage\":\"de\"},{\"@type\":\"Organization\",\"@id\":\"https:\\\/\\\/www.jazzzeitung.de\\\/cms\\\/#organization\",\"name\":\"JazzZeitung online\",\"url\":\"https:\\\/\\\/www.jazzzeitung.de\\\/cms\\\/\",\"logo\":{\"@type\":\"ImageObject\",\"inLanguage\":\"de\",\"@id\":\"https:\\\/\\\/www.jazzzeitung.de\\\/cms\\\/#\\\/schema\\\/logo\\\/image\\\/\",\"url\":\"https:\\\/\\\/i0.wp.com\\\/www.jazzzeitung.de\\\/cms\\\/wp-content\\\/uploads\\\/2015\\\/08\\\/JAZZZEITUNGDE_Logo_Neu.png?fit=499%2C200&ssl=1\",\"contentUrl\":\"https:\\\/\\\/i0.wp.com\\\/www.jazzzeitung.de\\\/cms\\\/wp-content\\\/uploads\\\/2015\\\/08\\\/JAZZZEITUNGDE_Logo_Neu.png?fit=499%2C200&ssl=1\",\"width\":499,\"height\":200,\"caption\":\"JazzZeitung online\"},\"image\":{\"@id\":\"https:\\\/\\\/www.jazzzeitung.de\\\/cms\\\/#\\\/schema\\\/logo\\\/image\\\/\"},\"sameAs\":[\"https:\\\/\\\/www.facebook.com\\\/JazzZeitung\\\/\"]},{\"@type\":\"Person\",\"@id\":\"https:\\\/\\\/www.jazzzeitung.de\\\/cms\\\/#\\\/schema\\\/person\\\/2245b36b9cd1d24cea10f01c031fb92b\",\"name\":\"Redaktion JazzZeitung\",\"image\":{\"@type\":\"ImageObject\",\"inLanguage\":\"de\",\"@id\":\"https:\\\/\\\/i0.wp.com\\\/www.jazzzeitung.de\\\/cms\\\/wp-content\\\/uploads\\\/2015\\\/08\\\/JAZZZEITUNGDE_Logo_Neu.png?resize=96%2C96&ssl=159975dcacb611b5700bd619b5daf0a7a\",\"url\":\"https:\\\/\\\/i0.wp.com\\\/www.jazzzeitung.de\\\/cms\\\/wp-content\\\/uploads\\\/2015\\\/08\\\/JAZZZEITUNGDE_Logo_Neu.png?resize=96%2C96&ssl=1\",\"contentUrl\":\"https:\\\/\\\/i0.wp.com\\\/www.jazzzeitung.de\\\/cms\\\/wp-content\\\/uploads\\\/2015\\\/08\\\/JAZZZEITUNGDE_Logo_Neu.png?resize=96%2C96&ssl=1\",\"caption\":\"Redaktion JazzZeitung\"},\"description\":\"Artikel der Redaktion der JazzZeitung.\",\"sameAs\":[\"http:\\\/\\\/www.jazzzeitung.de\\\/cms\\\/\"],\"url\":\"https:\\\/\\\/www.jazzzeitung.de\\\/cms\\\/author\\\/redaktion\\\/\"}]}<\/script>\n<!-- \/ Yoast SEO plugin. -->","yoast_head_json":{"title":"Weihnachts-CDs Folge 5: Felix Miles - JazzZeitung","robots":{"index":"index","follow":"follow","max-snippet":"max-snippet:-1","max-image-preview":"max-image-preview:large","max-video-preview":"max-video-preview:-1"},"canonical":"https:\/\/www.jazzzeitung.de\/cms\/2013\/12\/weihnachts-cds-folge-5-felix-miles\/","og_locale":"de_DE","og_type":"article","og_title":"Weihnachts-CDs Folge 5: Felix Miles - JazzZeitung","og_description":"&#8222;Wake up to Snow &#8211; An Even Better Christmas with Felix Miles&#8220; hei\u00dft die erste Produktion aus dem Hause Bl\u00fchmeer (BL2013CD-001), einem 2013 gegr\u00fcndeten K\u00f6lner Verlagshaus mit eigenem Label, das sein Portfolio 2014 vorstellen wird. Bl\u00fchmeer hat es sich zur Aufgabe gemacht, junge Talente zu f\u00f6rdern und lie\u00df f\u00fcr den Anfang zehn neue Musiktitel f\u00fcr die &#8222;etwas andere&#8220; Weihnachts-CD extra neu komponieren. Neben dem titelgebenden &#8222;Snowy Snowflake&#8220; findet man hier noch entspannte swingende Nummern wie &#8222;Christmas Mood&#8220;, &#8222;Lovely Christmas&#8220; oder &#8222;Thanks To You&#8220;.\u00a0 Aber es wird auch gesellschaftskritisch mit &#8222;Santa Resigns&#8220;: der Weihnachtsmann hat keine Lust mehr in unserer selbstbezogenen Welt, Geschenke zu bringen&#8230; Das ist alles sparsam instrumentiert, mit Piano, Bass und Percussion. Multiisntrumentalist Felix Miles, der nicht nur komponiert und zusammen mit Nora Jakob, K. Finkenau und Anna Gaden getextet, sondern auch alles eigenh\u00e4ndig arrangiert hat, singt und spielt selbst, bekommt dabei w\u00e4hrend eines Titels Unterst\u00fctzung von der jungen S\u00e4ngerin Anna Gaden. Charmant das Ganze, manchmal etwas unbeholfen, aber wirklich mal was anderes. Geeignet f\u00fcr: Weihnachtsdinner, gem\u00fctliches Beisammensein mit Freunden, Kuscheln vor dem Kamin Reinh\u00f6ren unter: www.felix-miles.com www.soundcloud.com\/felixmiles","og_url":"https:\/\/www.jazzzeitung.de\/cms\/2013\/12\/weihnachts-cds-folge-5-felix-miles\/","og_site_name":"JazzZeitung","article_publisher":"https:\/\/www.facebook.com\/JazzZeitung\/","article_published_time":"2013-12-22T12:50:54+00:00","article_modified_time":"2013-12-30T09:04:31+00:00","og_image":[{"url":"http:\/\/www.jazzzeitung.de\/cms\/wp-content\/uploads\/2013\/12\/cover_miles-150x150.jpg","type":"","width":"","height":""}],"author":"Redaktion JazzZeitung","schema":{"@context":"https:\/\/schema.org","@graph":[{"@type":"Article","@id":"https:\/\/www.jazzzeitung.de\/cms\/2013\/12\/weihnachts-cds-folge-5-felix-miles\/#article","isPartOf":{"@id":"https:\/\/www.jazzzeitung.de\/cms\/2013\/12\/weihnachts-cds-folge-5-felix-miles\/"},"author":{"name":"Redaktion JazzZeitung","@id":"https:\/\/www.jazzzeitung.de\/cms\/#\/schema\/person\/2245b36b9cd1d24cea10f01c031fb92b"},"headline":"Weihnachts-CDs Folge 5: Felix Miles","datePublished":"2013-12-22T12:50:54+00:00","dateModified":"2013-12-30T09:04:31+00:00","mainEntityOfPage":{"@id":"https:\/\/www.jazzzeitung.de\/cms\/2013\/12\/weihnachts-cds-folge-5-felix-miles\/"},"wordCount":203,"commentCount":0,"publisher":{"@id":"https:\/\/www.jazzzeitung.de\/cms\/#organization"},"image":{"@id":"https:\/\/www.jazzzeitung.de\/cms\/2013\/12\/weihnachts-cds-folge-5-felix-miles\/#primaryimage"},"thumbnailUrl":"http:\/\/www.jazzzeitung.de\/cms\/wp-content\/uploads\/2013\/12\/cover_miles-150x150.jpg","keywords":["Anna Gaden","Bl\u00fchmeer Label","Felix Miles","K\u00f6ln","Weihnachts-CDs"],"articleSection":["Blog"],"inLanguage":"de","potentialAction":[{"@type":"CommentAction","name":"Comment","target":["https:\/\/www.jazzzeitung.de\/cms\/2013\/12\/weihnachts-cds-folge-5-felix-miles\/#respond"]}]},{"@type":"WebPage","@id":"https:\/\/www.jazzzeitung.de\/cms\/2013\/12\/weihnachts-cds-folge-5-felix-miles\/","url":"https:\/\/www.jazzzeitung.de\/cms\/2013\/12\/weihnachts-cds-folge-5-felix-miles\/","name":"Weihnachts-CDs Folge 5: Felix Miles - JazzZeitung","isPartOf":{"@id":"https:\/\/www.jazzzeitung.de\/cms\/#website"},"primaryImageOfPage":{"@id":"https:\/\/www.jazzzeitung.de\/cms\/2013\/12\/weihnachts-cds-folge-5-felix-miles\/#primaryimage"},"image":{"@id":"https:\/\/www.jazzzeitung.de\/cms\/2013\/12\/weihnachts-cds-folge-5-felix-miles\/#primaryimage"},"thumbnailUrl":"http:\/\/www.jazzzeitung.de\/cms\/wp-content\/uploads\/2013\/12\/cover_miles-150x150.jpg","datePublished":"2013-12-22T12:50:54+00:00","dateModified":"2013-12-30T09:04:31+00:00","breadcrumb":{"@id":"https:\/\/www.jazzzeitung.de\/cms\/2013\/12\/weihnachts-cds-folge-5-felix-miles\/#breadcrumb"},"inLanguage":"de","potentialAction":[{"@type":"ReadAction","target":["https:\/\/www.jazzzeitung.de\/cms\/2013\/12\/weihnachts-cds-folge-5-felix-miles\/"]}]},{"@type":"ImageObject","inLanguage":"de","@id":"https:\/\/www.jazzzeitung.de\/cms\/2013\/12\/weihnachts-cds-folge-5-felix-miles\/#primaryimage","url":"http:\/\/www.jazzzeitung.de\/cms\/wp-content\/uploads\/2013\/12\/cover_miles-150x150.jpg","contentUrl":"http:\/\/www.jazzzeitung.de\/cms\/wp-content\/uploads\/2013\/12\/cover_miles-150x150.jpg"},{"@type":"BreadcrumbList","@id":"https:\/\/www.jazzzeitung.de\/cms\/2013\/12\/weihnachts-cds-folge-5-felix-miles\/#breadcrumb","itemListElement":[{"@type":"ListItem","position":1,"name":"Startseite","item":"https:\/\/www.jazzzeitung.de\/cms\/"},{"@type":"ListItem","position":2,"name":"Weihnachts-CDs Folge 5: Felix Miles"}]},{"@type":"WebSite","@id":"https:\/\/www.jazzzeitung.de\/cms\/#website","url":"https:\/\/www.jazzzeitung.de\/cms\/","name":"JazzZeitung","description":"Jazz-News und Jazz-Kontroverses","publisher":{"@id":"https:\/\/www.jazzzeitung.de\/cms\/#organization"},"potentialAction":[{"@type":"SearchAction","target":{"@type":"EntryPoint","urlTemplate":"https:\/\/www.jazzzeitung.de\/cms\/?s={search_term_string}"},"query-input":{"@type":"PropertyValueSpecification","valueRequired":true,"valueName":"search_term_string"}}],"inLanguage":"de"},{"@type":"Organization","@id":"https:\/\/www.jazzzeitung.de\/cms\/#organization","name":"JazzZeitung online","url":"https:\/\/www.jazzzeitung.de\/cms\/","logo":{"@type":"ImageObject","inLanguage":"de","@id":"https:\/\/www.jazzzeitung.de\/cms\/#\/schema\/logo\/image\/","url":"https:\/\/i0.wp.com\/www.jazzzeitung.de\/cms\/wp-content\/uploads\/2015\/08\/JAZZZEITUNGDE_Logo_Neu.png?fit=499%2C200&ssl=1","contentUrl":"https:\/\/i0.wp.com\/www.jazzzeitung.de\/cms\/wp-content\/uploads\/2015\/08\/JAZZZEITUNGDE_Logo_Neu.png?fit=499%2C200&ssl=1","width":499,"height":200,"caption":"JazzZeitung online"},"image":{"@id":"https:\/\/www.jazzzeitung.de\/cms\/#\/schema\/logo\/image\/"},"sameAs":["https:\/\/www.facebook.com\/JazzZeitung\/"]},{"@type":"Person","@id":"https:\/\/www.jazzzeitung.de\/cms\/#\/schema\/person\/2245b36b9cd1d24cea10f01c031fb92b","name":"Redaktion JazzZeitung","image":{"@type":"ImageObject","inLanguage":"de","@id":"https:\/\/i0.wp.com\/www.jazzzeitung.de\/cms\/wp-content\/uploads\/2015\/08\/JAZZZEITUNGDE_Logo_Neu.png?resize=96%2C96&ssl=159975dcacb611b5700bd619b5daf0a7a","url":"https:\/\/i0.wp.com\/www.jazzzeitung.de\/cms\/wp-content\/uploads\/2015\/08\/JAZZZEITUNGDE_Logo_Neu.png?resize=96%2C96&ssl=1","contentUrl":"https:\/\/i0.wp.com\/www.jazzzeitung.de\/cms\/wp-content\/uploads\/2015\/08\/JAZZZEITUNGDE_Logo_Neu.png?resize=96%2C96&ssl=1","caption":"Redaktion JazzZeitung"},"description":"Artikel der Redaktion der JazzZeitung.","sameAs":["http:\/\/www.jazzzeitung.de\/cms\/"],"url":"https:\/\/www.jazzzeitung.de\/cms\/author\/redaktion\/"}]}},"wp-worthy-pixel":{"ignored":false,"public":null,"server":null,"url":null},"wp-worthy-type":"normal","jetpack_publicize_connections":[],"cc_featured_image_caption":{"caption_text":false,"source_text":false,"source_url":false},"jetpack_featured_media_url":"","jetpack_shortlink":"https:\/\/wp.me\/p3KEcT-PC","jetpack-related-posts":[{"id":3194,"url":"https:\/\/www.jazzzeitung.de\/cms\/2013\/12\/weihnachts-cds-folge-4-mario-biondi\/","url_meta":{"origin":3200,"position":0},"title":"Weihnachts-CDs Folge 4: Mario Biondi","author":"Redaktion JazzZeitung","date":"20. Dezember 2013","format":false,"excerpt":"Der italienische Crooner par excellence hat es jetzt auch getan und singt sich ganz tief in das Repertoire ein, was ihm dank seiner angenehmen und au\u00dfergew\u00f6hnlichen Stimmer sehr gut gelingt. \u201eLast Christmas\u201c klingt hier pl\u00f6tzlich ziemlich erwachsen, und vor allem kann man es wieder h\u00f6ren - \u00a0was bei der Frequenz,\u2026","rel":"","context":"In &quot;Blog&quot;","block_context":{"text":"Blog","link":"https:\/\/www.jazzzeitung.de\/cms\/thema\/blog\/"},"img":{"alt_text":"cover_biondi","src":"https:\/\/i0.wp.com\/www.jazzzeitung.de\/cms\/wp-content\/uploads\/2013\/12\/cover_biondi-150x150.jpg?resize=350%2C200","width":350,"height":200},"classes":[]},{"id":3140,"url":"https:\/\/www.jazzzeitung.de\/cms\/2013\/12\/weihnachts-cds-folge-2-max-neissendorfer\/","url_meta":{"origin":3200,"position":1},"title":"Weihnachts-CDs Folge 2: Max Neissendorfer","author":"Redaktion JazzZeitung","date":"14. Dezember 2013","format":false,"excerpt":"Swing und Weihnachtslieder, das passt schon lange gut zusammen. Inspiriert von Frank Sinatras \u201eChristmas Album\u201c, das bei seinem Erscheinen Standards setzte, hat jetzt der M\u00fcnchner S\u00e4nger Max Neissendorfer mit seiner Sinatra Tribute Band eine schmissige CD zum Thema vorgelegt. S\u00e4mtliche Klassiker des Great American Songbook sind mit dabei im Gep\u00e4ck:\u2026","rel":"","context":"In &quot;Blog&quot;","block_context":{"text":"Blog","link":"https:\/\/www.jazzzeitung.de\/cms\/thema\/blog\/"},"img":{"alt_text":"cover_winterwonderland-front","src":"https:\/\/i0.wp.com\/www.jazzzeitung.de\/cms\/wp-content\/uploads\/2013\/12\/cover_winterwonderland-front-150x150.png?resize=350%2C200","width":350,"height":200},"classes":[]},{"id":3170,"url":"https:\/\/www.jazzzeitung.de\/cms\/2013\/12\/weihnachts-cds-folge-3-quadro-nuevo\/","url_meta":{"origin":3200,"position":2},"title":"Weihnachts-CDs Folge 3: Quadro Nuevo","author":"Redaktion JazzZeitung","date":"17. Dezember 2013","format":false,"excerpt":"Sie haben\u2019s schon wieder getan. Quadro Nuevo, das enorm erfolgreiche Quartett um Mulo Francel (sax, kl\u2026), Andreas Hinterseher (akk, bandoneon, vibr\u2026), D.D. Lowka (b, perc) und die Harfenistin Evelyn Huber legen dieses Jahr ihre zweite Weihnachts-CD unter dem schlichten Titel \u201eBethlehem\u201c vor (GLM, Fine Music FM 184-2). \u201eMusik, die nahe\u2026","rel":"","context":"In &quot;Blog&quot;","block_context":{"text":"Blog","link":"https:\/\/www.jazzzeitung.de\/cms\/thema\/blog\/"},"img":{"alt_text":"cover_quadro","src":"https:\/\/i0.wp.com\/www.jazzzeitung.de\/cms\/wp-content\/uploads\/2013\/12\/cover_quadro-150x150.jpg?resize=350%2C200","width":350,"height":200},"classes":[]},{"id":5168,"url":"https:\/\/www.jazzzeitung.de\/cms\/2014\/12\/das-portal-zum-jazz-wuenscht-frohe-weihnachten\/","url_meta":{"origin":3200,"position":3},"title":"Das Portal zum Jazz w\u00fcnscht frohe Weihnachten","author":"Redaktion JazzZeitung","date":"19. Dezember 2014","format":false,"excerpt":"Mit ein paar Last-Minute-Geschenk-Tipps m\u00f6chten wir uns f\u00fcr 2014 von unseren Leserinnen und Lesern verabschieden. Wir machen - wie alle - ein bisschen Urlaub und werden ab 5. Januar wieder zur\u00fcck sein mit einem News-\u00dcberblick und t\u00e4glich neuen Beitr\u00e4gen. Danke f\u00fcr alle Kommentare, Besuche und Ihre Treue. Und los geht's\u2026","rel":"","context":"In &quot;News&quot;","block_context":{"text":"News","link":"https:\/\/www.jazzzeitung.de\/cms\/thema\/nachrichten\/"},"img":{"alt_text":"Home-Cover-Thumb","src":"https:\/\/i0.wp.com\/www.jazzzeitung.de\/cms\/wp-content\/uploads\/2014\/12\/Home-Cover-Thumb-150x150.jpg?resize=350%2C200","width":350,"height":200},"classes":[]},{"id":3136,"url":"https:\/\/www.jazzzeitung.de\/cms\/2013\/12\/weihnachts-cds-folge-1-sternkind\/","url_meta":{"origin":3200,"position":4},"title":"Weihnachts-CDs Folge 1: Sternkind","author":"Redaktion JazzZeitung","date":"12. Dezember 2013","format":false,"excerpt":"Einmal einen Weihnachtshit landen und nie mehr an Geldproblemen leiden: George Michael hat\u2019s vorgemacht, ein Buch von Nick Hornby, das mit Hugh Grant verfilmt wurde (About a Boy) wurde, hat das Ph\u00e4nomen zum Thema, und alle h\u00e4tten ihn nat\u00fcrlich alle Jahre wieder auch. In loser Reihenfolgen wollen wir bis Weihnachte\u2026","rel":"","context":"In &quot;Blog&quot;","block_context":{"text":"Blog","link":"https:\/\/www.jazzzeitung.de\/cms\/thema\/blog\/"},"img":{"alt_text":"SternkindCover","src":"https:\/\/i0.wp.com\/www.jazzzeitung.de\/cms\/wp-content\/uploads\/2013\/12\/SternkindCover-150x150.jpg?resize=350%2C200","width":350,"height":200},"classes":[]},{"id":3205,"url":"https:\/\/www.jazzzeitung.de\/cms\/2013\/12\/ein-weihnachts-geschenk-fuer-neu-abonnenten\/","url_meta":{"origin":3200,"position":5},"title":"Das kleine aber feine Festival \u201eVibraphonissimo\u201c","author":"Redaktion JazzZeitung","date":"20. Dezember 2013","format":false,"excerpt":"Um ihrem Instrument ein Podium zu geben, beschlossen die beiden in N\u00fcrnberg studierenden Vibraphonisten Volker Heuken und Izabella Effenberg, eine spezielle Konzertreihe ins Leben zu rufen. Vom 22. bis 26. Januar wird nun in N\u00fcrnberg und F\u00fcrth das kleine aber feine Festival \u201eVibraphonissimo\u201c stattfinden. JazzZeitung: Wie kam euch die Idee\u2026","rel":"","context":"In &quot;JazzZeitung (print)&quot;","block_context":{"text":"JazzZeitung (print)","link":"https:\/\/www.jazzzeitung.de\/cms\/thema\/archiv\/jazzzeitung-print\/"},"img":{"alt_text":"Layout 1","src":"https:\/\/i0.wp.com\/www.jazzzeitung.de\/cms\/wp-content\/uploads\/2013\/12\/cover_duo_art_act-150x150.jpg?resize=350%2C200","width":350,"height":200},"classes":[]}],"jetpack_sharing_enabled":true,"_links":{"self":[{"href":"https:\/\/www.jazzzeitung.de\/cms\/wp-json\/wp\/v2\/posts\/3200","targetHints":{"allow":["GET"]}}],"collection":[{"href":"https:\/\/www.jazzzeitung.de\/cms\/wp-json\/wp\/v2\/posts"}],"about":[{"href":"https:\/\/www.jazzzeitung.de\/cms\/wp-json\/wp\/v2\/types\/post"}],"author":[{"embeddable":true,"href":"https:\/\/www.jazzzeitung.de\/cms\/wp-json\/wp\/v2\/users\/18"}],"replies":[{"embeddable":true,"href":"https:\/\/www.jazzzeitung.de\/cms\/wp-json\/wp\/v2\/comments?post=3200"}],"version-history":[{"count":3,"href":"https:\/\/www.jazzzeitung.de\/cms\/wp-json\/wp\/v2\/posts\/3200\/revisions"}],"predecessor-version":[{"id":3204,"href":"https:\/\/www.jazzzeitung.de\/cms\/wp-json\/wp\/v2\/posts\/3200\/revisions\/3204"}],"wp:attachment":[{"href":"https:\/\/www.jazzzeitung.de\/cms\/wp-json\/wp\/v2\/media?parent=3200"}],"wp:term":[{"taxonomy":"category","embeddable":true,"href":"https:\/\/www.jazzzeitung.de\/cms\/wp-json\/wp\/v2\/categories?post=3200"},{"taxonomy":"post_tag","embeddable":true,"href":"https:\/\/www.jazzzeitung.de\/cms\/wp-json\/wp\/v2\/tags?post=3200"},{"taxonomy":"author","embeddable":true,"href":"https:\/\/www.jazzzeitung.de\/cms\/wp-json\/wp\/v2\/coauthors?post=3200"}],"curies":[{"name":"wp","href":"https:\/\/api.w.org\/{rel}","templated":true}]}}