{"id":3197,"date":"2013-12-30T11:39:42","date_gmt":"2013-12-30T10:39:42","guid":{"rendered":"http:\/\/www.jazzzeitung.de\/cms\/?p=3197"},"modified":"2013-12-23T21:33:30","modified_gmt":"2013-12-23T20:33:30","slug":"das-jazzfest-rottweil-startet-vorverkauf-fuer-2014","status":"publish","type":"post","link":"https:\/\/www.jazzzeitung.de\/cms\/2013\/12\/das-jazzfest-rottweil-startet-vorverkauf-fuer-2014\/","title":{"rendered":"Das Jazzfest Rottweil startet Vorverkauf f\u00fcr 2014"},"content":{"rendered":"<p><a href=\"https:\/\/i0.wp.com\/www.jazzzeitung.de\/cms\/wp-content\/uploads\/2013\/12\/LNDLC2013_4klein.jpg\"><img data-recalc-dims=\"1\" loading=\"lazy\" decoding=\"async\" data-attachment-id=\"3198\" data-permalink=\"https:\/\/www.jazzzeitung.de\/cms\/2013\/12\/das-jazzfest-rottweil-startet-vorverkauf-fuer-2014\/lndlc2013_4klein\/\" data-orig-file=\"https:\/\/i0.wp.com\/www.jazzzeitung.de\/cms\/wp-content\/uploads\/2013\/12\/LNDLC2013_4klein.jpg?fit=1301%2C968&amp;ssl=1\" data-orig-size=\"1301,968\" data-comments-opened=\"1\" data-image-meta=\"{&quot;aperture&quot;:&quot;3.5&quot;,&quot;credit&quot;:&quot;Markus Schutz&quot;,&quot;camera&quot;:&quot;NIKON D4&quot;,&quot;caption&quot;:&quot;&quot;,&quot;created_timestamp&quot;:&quot;1382740488&quot;,&quot;copyright&quot;:&quot;Markus Schutz&quot;,&quot;focal_length&quot;:&quot;24&quot;,&quot;iso&quot;:&quot;640&quot;,&quot;shutter_speed&quot;:&quot;0.005&quot;,&quot;title&quot;:&quot;&quot;}\" data-image-title=\"LNDLC2013_4klein\" data-image-description=\"\" data-image-caption=\"\" data-large-file=\"https:\/\/i0.wp.com\/www.jazzzeitung.de\/cms\/wp-content\/uploads\/2013\/12\/LNDLC2013_4klein.jpg?fit=806%2C600&amp;ssl=1\" class=\"alignright size-thumbnail wp-image-3198\" alt=\"LNDLC2013_4klein\" src=\"https:\/\/i0.wp.com\/www.jazzzeitung.de\/cms\/wp-content\/uploads\/2013\/12\/LNDLC2013_4klein-150x150.jpg?resize=150%2C150\" width=\"150\" height=\"150\" srcset=\"https:\/\/i0.wp.com\/www.jazzzeitung.de\/cms\/wp-content\/uploads\/2013\/12\/LNDLC2013_4klein.jpg?resize=150%2C150&amp;ssl=1 150w, https:\/\/i0.wp.com\/www.jazzzeitung.de\/cms\/wp-content\/uploads\/2013\/12\/LNDLC2013_4klein.jpg?resize=144%2C144&amp;ssl=1 144w, https:\/\/i0.wp.com\/www.jazzzeitung.de\/cms\/wp-content\/uploads\/2013\/12\/LNDLC2013_4klein.jpg?resize=96%2C96&amp;ssl=1 96w, https:\/\/i0.wp.com\/www.jazzzeitung.de\/cms\/wp-content\/uploads\/2013\/12\/LNDLC2013_4klein.jpg?resize=24%2C24&amp;ssl=1 24w, https:\/\/i0.wp.com\/www.jazzzeitung.de\/cms\/wp-content\/uploads\/2013\/12\/LNDLC2013_4klein.jpg?resize=36%2C36&amp;ssl=1 36w, https:\/\/i0.wp.com\/www.jazzzeitung.de\/cms\/wp-content\/uploads\/2013\/12\/LNDLC2013_4klein.jpg?resize=48%2C48&amp;ssl=1 48w, https:\/\/i0.wp.com\/www.jazzzeitung.de\/cms\/wp-content\/uploads\/2013\/12\/LNDLC2013_4klein.jpg?resize=64%2C64&amp;ssl=1 64w, https:\/\/i0.wp.com\/www.jazzzeitung.de\/cms\/wp-content\/uploads\/2013\/12\/LNDLC2013_4klein.jpg?resize=32%2C32&amp;ssl=1 32w, https:\/\/i0.wp.com\/www.jazzzeitung.de\/cms\/wp-content\/uploads\/2013\/12\/LNDLC2013_4klein.jpg?resize=128%2C128&amp;ssl=1 128w, https:\/\/i0.wp.com\/www.jazzzeitung.de\/cms\/wp-content\/uploads\/2013\/12\/LNDLC2013_4klein.jpg?zoom=2&amp;resize=150%2C150&amp;ssl=1 300w, https:\/\/i0.wp.com\/www.jazzzeitung.de\/cms\/wp-content\/uploads\/2013\/12\/LNDLC2013_4klein.jpg?zoom=3&amp;resize=150%2C150&amp;ssl=1 450w\" sizes=\"auto, (max-width: 150px) 100vw, 150px\" \/><\/a>Seit l\u00e4ngerem schon laufen die Planungen f\u00fcr das 27. Jazzfest Rottweil, das vom 30. April (Jazz in Town) bis zum 17. Mai 2014 stattfinden wird. Seit Donnerstag, 19. Dezember, gehen die Organisatoren mit den ersten zwei Veranstaltungen in den Vorverkauf:\u00a0 F\u00fcr den 2. Mai ist es gelungen, mit &#8222;La Nuit de la Chanson&#8220; eine hochwertige, nagelneue Produktion aus Frankreich in die Alte Stallhalle zu engagieren. Die Veranstaltung verspricht eine wunderbare Nacht mit den bekanntesten franz\u00f6sischen Chansons von \u00c9dith Piaf, Georges Brassens, Barbara, Jacques Brel, Juliette Gr\u00e9co, Charles Aznavour, Gilbert B\u00e9caud, Charles Trenet u. a. m. &#8211; zu werden &#8211; das gab es noch nie im Rahmen des Jazzfests. Herausragende Musiker, die sich im &#8222;Le Petit Orchestre de L&#8217;Op\u00e9ra Comique de Paris&#8220; vereinigen, pr\u00e4sentieren dieses faszinierende Programm.<\/p>\n<p>Allen voran G\u00e9rard Daguerre, jahrelang Direktor der Op\u00e9ra Comique de Paris, Weggef\u00e4hrte und Partner von Charles Aznavour und Leiter wie Produzent von &#8222;La Nuit de la Chanson&#8220;. Den Gesangspart \u00fcbernehmen mit Marie-St\u00e9phane Bernard und Fr\u00e9d\u00e9ric Longbois zwei grandiose Interpreten, die sich weit \u00fcber die Grenzen Frankreichs hinaus einen Namen gemacht haben. Am Akkordeon musiziert kein Geringerer als Marcel Azzola. Die franz\u00f6sische Akkordeonlegende wirkt seit den 1950er Jahren als Begleiter von Yves Montand, Barbara, Georges Brassens, \u00c9dith Piaf, Juliette Gr\u00e9co und Jacques Brel. Als Jazzmusiker arbeite er zusammen mit St\u00e9phane Grappelli, Christian Escoud\u00e9, Toots Thielemans und Richard Galliano. Schlagzeuger Christian Orante und Bassist Jean Luc Pagny komplettieren das Ensemble. Abgerundet wird das \u00fcber zweist\u00fcndige Programm durch historische Fotopr\u00e4sentationen sowie eine charmante Moderation. Als zus\u00e4tzlicher Leckerbissen wirken bei einigen Chansons &#8211; ganz im Sinne der deutsch-franz\u00f6sischen Freundschaft und Kooperation &#8211; die Rottweiler M\u00fcnsters\u00e4ngerknaben mit.<\/p>\n<p>Die zweite bereits feststehende Veranstaltung am 9. Mai bestreiten die Musikk\u00f6che der bekannten Hip-Jazz-Formation Jazzkantine. Die Band begeistert seit den 90er Jahren ihre Fangemeinde landauf und landab. Jazz und HipHop k\u00f6nnen Freunde werden, davon wei\u00df die Jazzkantine lange schon ein Lied zu singen. Oder notfalls auch zu rappen. Musik f\u00fcr offene Herzen. Was nicht funky ist, bleibt hier drau\u00dfen vor der T\u00fcr, wer drinnen sein darf, h\u00f6rt Funky Tunes aus dem Big Easy und tanzt sich die Sohlen hei\u00df. Der Bass wummert, die Ansagen treffen l\u00e4ssig den Ton aller Generationen, &#8222;Shake Everything You Got&#8220; wird in die Neuzeit exportiert, die die ECHO-Preistr\u00e4ger rund um Bassist Christian Eitner m\u00e4andern so nonchalant durch die Jahrzehnte. Der unverwechselbare Sound, der erstmals in Deutschland Elemente des Jazz und des HipHop miteinander verschmolzen hat und auch keine Ber\u00fchrungs\u00e4ngste zu Soul &amp; Funk kennt, dominiert auch ihr aktuelles Programm &#8218;ultrahocherhitzt&#8216;. Ein Support-Act wird diesen Abend er\u00f6ffnen.<\/p>\n<p>Weitere Programmpunkte sind in Planung.<\/p>\n<p style=\"text-align: justify;\">\u00a0Infos und Karten gibt es ab Donnerstag. 19. Dezember bei allen bekannten Vorverkaufsstellen sowie direkt unter <a href=\"http:\/\/www.jazzfest-rottweil.de\">www.jazzfest-rottweil.de<\/a><\/p>\n","protected":false},"excerpt":{"rendered":"<p>Seit l\u00e4ngerem schon laufen die Planungen f\u00fcr das 27. Jazzfest Rottweil, das vom 30. April (Jazz in Town) bis zum 17. Mai 2014 stattfinden wird. Seit Donnerstag, 19. Dezember, gehen die Organisatoren mit den ersten zwei Veranstaltungen in den Vorverkauf:\u00a0 F\u00fcr den 2. Mai ist es gelungen, mit &#8222;La Nuit de la Chanson&#8220; eine hochwertige, nagelneue Produktion aus Frankreich in die Alte Stallhalle zu engagieren. Die Veranstaltung verspricht eine wunderbare Nacht mit den bekanntesten franz\u00f6sischen Chansons von \u00c9dith Piaf, Georges Brassens, Barbara, Jacques Brel, Juliette Gr\u00e9co, Charles Aznavour, Gilbert B\u00e9caud, Charles Trenet u. a. m. &#8211; zu werden &#8211; das gab es noch nie im Rahmen des Jazzfests. Herausragende Musiker, die sich im &#8222;Le Petit Orchestre de L&#8217;Op\u00e9ra Comique de Paris&#8220; vereinigen, pr\u00e4sentieren dieses faszinierende Programm. Allen voran G\u00e9rard Daguerre, jahrelang Direktor der Op\u00e9ra Comique de Paris, Weggef\u00e4hrte und Partner von Charles Aznavour und Leiter wie Produzent von &#8222;La Nuit de la Chanson&#8220;. Den Gesangspart \u00fcbernehmen mit Marie-St\u00e9phane Bernard und Fr\u00e9d\u00e9ric Longbois zwei grandiose Interpreten, die sich weit \u00fcber die Grenzen Frankreichs hinaus einen Namen gemacht haben. Am Akkordeon musiziert kein Geringerer als Marcel Azzola. &hellip;<\/p>\n","protected":false},"author":18,"featured_media":0,"comment_status":"open","ping_status":"closed","sticky":false,"template":"","format":"standard","meta":{"_jetpack_memberships_contains_paid_content":false,"footnotes":"","jetpack_publicize_message":"","jetpack_publicize_feature_enabled":true,"jetpack_social_post_already_shared":false,"jetpack_social_options":{"image_generator_settings":{"template":"highway","default_image_id":0,"font":"","enabled":false},"version":2}},"categories":[633],"tags":[33,137,751,848,849,281],"coauthors":[695],"class_list":["post-3197","post","type-post","status-publish","format-standard","hentry","category-nachrichten","tag-akkordeon","tag-deutschland","tag-jazzfest","tag-jazzfest-rottweil","tag-jazzkantine","tag-jazzmusiker"],"yoast_head":"<!-- This site is optimized with the Yoast SEO plugin v27.5 - https:\/\/yoast.com\/product\/yoast-seo-wordpress\/ -->\n<title>Das Jazzfest Rottweil startet Vorverkauf f\u00fcr 2014 - JazzZeitung<\/title>\n<meta name=\"robots\" content=\"index, follow, max-snippet:-1, max-image-preview:large, max-video-preview:-1\" \/>\n<link rel=\"canonical\" href=\"https:\/\/www.jazzzeitung.de\/cms\/2013\/12\/das-jazzfest-rottweil-startet-vorverkauf-fuer-2014\/\" \/>\n<meta property=\"og:locale\" content=\"de_DE\" \/>\n<meta property=\"og:type\" content=\"article\" \/>\n<meta property=\"og:title\" content=\"Das Jazzfest Rottweil startet Vorverkauf f\u00fcr 2014 - JazzZeitung\" \/>\n<meta property=\"og:description\" content=\"Seit l\u00e4ngerem schon laufen die Planungen f\u00fcr das 27. Jazzfest Rottweil, das vom 30. April (Jazz in Town) bis zum 17. Mai 2014 stattfinden wird. Seit Donnerstag, 19. Dezember, gehen die Organisatoren mit den ersten zwei Veranstaltungen in den Vorverkauf:\u00a0 F\u00fcr den 2. Mai ist es gelungen, mit &#8222;La Nuit de la Chanson&#8220; eine hochwertige, nagelneue Produktion aus Frankreich in die Alte Stallhalle zu engagieren. Die Veranstaltung verspricht eine wunderbare Nacht mit den bekanntesten franz\u00f6sischen Chansons von \u00c9dith Piaf, Georges Brassens, Barbara, Jacques Brel, Juliette Gr\u00e9co, Charles Aznavour, Gilbert B\u00e9caud, Charles Trenet u. a. m. &#8211; zu werden &#8211; das gab es noch nie im Rahmen des Jazzfests. Herausragende Musiker, die sich im &#8222;Le Petit Orchestre de L&#8217;Op\u00e9ra Comique de Paris&#8220; vereinigen, pr\u00e4sentieren dieses faszinierende Programm. Allen voran G\u00e9rard Daguerre, jahrelang Direktor der Op\u00e9ra Comique de Paris, Weggef\u00e4hrte und Partner von Charles Aznavour und Leiter wie Produzent von &#8222;La Nuit de la Chanson&#8220;. Den Gesangspart \u00fcbernehmen mit Marie-St\u00e9phane Bernard und Fr\u00e9d\u00e9ric Longbois zwei grandiose Interpreten, die sich weit \u00fcber die Grenzen Frankreichs hinaus einen Namen gemacht haben. Am Akkordeon musiziert kein Geringerer als Marcel Azzola. &hellip;\" \/>\n<meta property=\"og:url\" content=\"https:\/\/www.jazzzeitung.de\/cms\/2013\/12\/das-jazzfest-rottweil-startet-vorverkauf-fuer-2014\/\" \/>\n<meta property=\"og:site_name\" content=\"JazzZeitung\" \/>\n<meta property=\"article:publisher\" content=\"https:\/\/www.facebook.com\/JazzZeitung\/\" \/>\n<meta property=\"article:published_time\" content=\"2013-12-30T10:39:42+00:00\" \/>\n<meta property=\"og:image\" content=\"http:\/\/www.jazzzeitung.de\/cms\/wp-content\/uploads\/2013\/12\/LNDLC2013_4klein-150x150.jpg\" \/>\n<meta name=\"author\" content=\"Redaktion JazzZeitung\" \/>\n<script type=\"application\/ld+json\" class=\"yoast-schema-graph\">{\"@context\":\"https:\\\/\\\/schema.org\",\"@graph\":[{\"@type\":\"Article\",\"@id\":\"https:\\\/\\\/www.jazzzeitung.de\\\/cms\\\/2013\\\/12\\\/das-jazzfest-rottweil-startet-vorverkauf-fuer-2014\\\/#article\",\"isPartOf\":{\"@id\":\"https:\\\/\\\/www.jazzzeitung.de\\\/cms\\\/2013\\\/12\\\/das-jazzfest-rottweil-startet-vorverkauf-fuer-2014\\\/\"},\"author\":{\"name\":\"Redaktion JazzZeitung\",\"@id\":\"https:\\\/\\\/www.jazzzeitung.de\\\/cms\\\/#\\\/schema\\\/person\\\/2245b36b9cd1d24cea10f01c031fb92b\"},\"headline\":\"Das Jazzfest Rottweil startet Vorverkauf f\u00fcr 2014\",\"datePublished\":\"2013-12-30T10:39:42+00:00\",\"mainEntityOfPage\":{\"@id\":\"https:\\\/\\\/www.jazzzeitung.de\\\/cms\\\/2013\\\/12\\\/das-jazzfest-rottweil-startet-vorverkauf-fuer-2014\\\/\"},\"wordCount\":477,\"commentCount\":0,\"publisher\":{\"@id\":\"https:\\\/\\\/www.jazzzeitung.de\\\/cms\\\/#organization\"},\"image\":{\"@id\":\"https:\\\/\\\/www.jazzzeitung.de\\\/cms\\\/2013\\\/12\\\/das-jazzfest-rottweil-startet-vorverkauf-fuer-2014\\\/#primaryimage\"},\"thumbnailUrl\":\"http:\\\/\\\/www.jazzzeitung.de\\\/cms\\\/wp-content\\\/uploads\\\/2013\\\/12\\\/LNDLC2013_4klein-150x150.jpg\",\"keywords\":[\"Akkordeon\",\"Deutschland\",\"Jazzfest\",\"Jazzfest Rottweil\",\"Jazzkantine\",\"Jazzmusiker\"],\"articleSection\":[\"News\"],\"inLanguage\":\"de\",\"potentialAction\":[{\"@type\":\"CommentAction\",\"name\":\"Comment\",\"target\":[\"https:\\\/\\\/www.jazzzeitung.de\\\/cms\\\/2013\\\/12\\\/das-jazzfest-rottweil-startet-vorverkauf-fuer-2014\\\/#respond\"]}]},{\"@type\":\"WebPage\",\"@id\":\"https:\\\/\\\/www.jazzzeitung.de\\\/cms\\\/2013\\\/12\\\/das-jazzfest-rottweil-startet-vorverkauf-fuer-2014\\\/\",\"url\":\"https:\\\/\\\/www.jazzzeitung.de\\\/cms\\\/2013\\\/12\\\/das-jazzfest-rottweil-startet-vorverkauf-fuer-2014\\\/\",\"name\":\"Das Jazzfest Rottweil startet Vorverkauf f\u00fcr 2014 - JazzZeitung\",\"isPartOf\":{\"@id\":\"https:\\\/\\\/www.jazzzeitung.de\\\/cms\\\/#website\"},\"primaryImageOfPage\":{\"@id\":\"https:\\\/\\\/www.jazzzeitung.de\\\/cms\\\/2013\\\/12\\\/das-jazzfest-rottweil-startet-vorverkauf-fuer-2014\\\/#primaryimage\"},\"image\":{\"@id\":\"https:\\\/\\\/www.jazzzeitung.de\\\/cms\\\/2013\\\/12\\\/das-jazzfest-rottweil-startet-vorverkauf-fuer-2014\\\/#primaryimage\"},\"thumbnailUrl\":\"http:\\\/\\\/www.jazzzeitung.de\\\/cms\\\/wp-content\\\/uploads\\\/2013\\\/12\\\/LNDLC2013_4klein-150x150.jpg\",\"datePublished\":\"2013-12-30T10:39:42+00:00\",\"breadcrumb\":{\"@id\":\"https:\\\/\\\/www.jazzzeitung.de\\\/cms\\\/2013\\\/12\\\/das-jazzfest-rottweil-startet-vorverkauf-fuer-2014\\\/#breadcrumb\"},\"inLanguage\":\"de\",\"potentialAction\":[{\"@type\":\"ReadAction\",\"target\":[\"https:\\\/\\\/www.jazzzeitung.de\\\/cms\\\/2013\\\/12\\\/das-jazzfest-rottweil-startet-vorverkauf-fuer-2014\\\/\"]}]},{\"@type\":\"ImageObject\",\"inLanguage\":\"de\",\"@id\":\"https:\\\/\\\/www.jazzzeitung.de\\\/cms\\\/2013\\\/12\\\/das-jazzfest-rottweil-startet-vorverkauf-fuer-2014\\\/#primaryimage\",\"url\":\"http:\\\/\\\/www.jazzzeitung.de\\\/cms\\\/wp-content\\\/uploads\\\/2013\\\/12\\\/LNDLC2013_4klein-150x150.jpg\",\"contentUrl\":\"http:\\\/\\\/www.jazzzeitung.de\\\/cms\\\/wp-content\\\/uploads\\\/2013\\\/12\\\/LNDLC2013_4klein-150x150.jpg\"},{\"@type\":\"BreadcrumbList\",\"@id\":\"https:\\\/\\\/www.jazzzeitung.de\\\/cms\\\/2013\\\/12\\\/das-jazzfest-rottweil-startet-vorverkauf-fuer-2014\\\/#breadcrumb\",\"itemListElement\":[{\"@type\":\"ListItem\",\"position\":1,\"name\":\"Startseite\",\"item\":\"https:\\\/\\\/www.jazzzeitung.de\\\/cms\\\/\"},{\"@type\":\"ListItem\",\"position\":2,\"name\":\"Das Jazzfest Rottweil startet Vorverkauf f\u00fcr 2014\"}]},{\"@type\":\"WebSite\",\"@id\":\"https:\\\/\\\/www.jazzzeitung.de\\\/cms\\\/#website\",\"url\":\"https:\\\/\\\/www.jazzzeitung.de\\\/cms\\\/\",\"name\":\"JazzZeitung\",\"description\":\"Jazz-News und Jazz-Kontroverses\",\"publisher\":{\"@id\":\"https:\\\/\\\/www.jazzzeitung.de\\\/cms\\\/#organization\"},\"potentialAction\":[{\"@type\":\"SearchAction\",\"target\":{\"@type\":\"EntryPoint\",\"urlTemplate\":\"https:\\\/\\\/www.jazzzeitung.de\\\/cms\\\/?s={search_term_string}\"},\"query-input\":{\"@type\":\"PropertyValueSpecification\",\"valueRequired\":true,\"valueName\":\"search_term_string\"}}],\"inLanguage\":\"de\"},{\"@type\":\"Organization\",\"@id\":\"https:\\\/\\\/www.jazzzeitung.de\\\/cms\\\/#organization\",\"name\":\"JazzZeitung online\",\"url\":\"https:\\\/\\\/www.jazzzeitung.de\\\/cms\\\/\",\"logo\":{\"@type\":\"ImageObject\",\"inLanguage\":\"de\",\"@id\":\"https:\\\/\\\/www.jazzzeitung.de\\\/cms\\\/#\\\/schema\\\/logo\\\/image\\\/\",\"url\":\"https:\\\/\\\/i0.wp.com\\\/www.jazzzeitung.de\\\/cms\\\/wp-content\\\/uploads\\\/2015\\\/08\\\/JAZZZEITUNGDE_Logo_Neu.png?fit=499%2C200&ssl=1\",\"contentUrl\":\"https:\\\/\\\/i0.wp.com\\\/www.jazzzeitung.de\\\/cms\\\/wp-content\\\/uploads\\\/2015\\\/08\\\/JAZZZEITUNGDE_Logo_Neu.png?fit=499%2C200&ssl=1\",\"width\":499,\"height\":200,\"caption\":\"JazzZeitung online\"},\"image\":{\"@id\":\"https:\\\/\\\/www.jazzzeitung.de\\\/cms\\\/#\\\/schema\\\/logo\\\/image\\\/\"},\"sameAs\":[\"https:\\\/\\\/www.facebook.com\\\/JazzZeitung\\\/\"]},{\"@type\":\"Person\",\"@id\":\"https:\\\/\\\/www.jazzzeitung.de\\\/cms\\\/#\\\/schema\\\/person\\\/2245b36b9cd1d24cea10f01c031fb92b\",\"name\":\"Redaktion JazzZeitung\",\"image\":{\"@type\":\"ImageObject\",\"inLanguage\":\"de\",\"@id\":\"https:\\\/\\\/i0.wp.com\\\/www.jazzzeitung.de\\\/cms\\\/wp-content\\\/uploads\\\/2015\\\/08\\\/JAZZZEITUNGDE_Logo_Neu.png?resize=96%2C96&ssl=159975dcacb611b5700bd619b5daf0a7a\",\"url\":\"https:\\\/\\\/i0.wp.com\\\/www.jazzzeitung.de\\\/cms\\\/wp-content\\\/uploads\\\/2015\\\/08\\\/JAZZZEITUNGDE_Logo_Neu.png?resize=96%2C96&ssl=1\",\"contentUrl\":\"https:\\\/\\\/i0.wp.com\\\/www.jazzzeitung.de\\\/cms\\\/wp-content\\\/uploads\\\/2015\\\/08\\\/JAZZZEITUNGDE_Logo_Neu.png?resize=96%2C96&ssl=1\",\"caption\":\"Redaktion JazzZeitung\"},\"description\":\"Artikel der Redaktion der JazzZeitung.\",\"sameAs\":[\"http:\\\/\\\/www.jazzzeitung.de\\\/cms\\\/\"],\"url\":\"https:\\\/\\\/www.jazzzeitung.de\\\/cms\\\/author\\\/redaktion\\\/\"}]}<\/script>\n<!-- \/ Yoast SEO plugin. -->","yoast_head_json":{"title":"Das Jazzfest Rottweil startet Vorverkauf f\u00fcr 2014 - JazzZeitung","robots":{"index":"index","follow":"follow","max-snippet":"max-snippet:-1","max-image-preview":"max-image-preview:large","max-video-preview":"max-video-preview:-1"},"canonical":"https:\/\/www.jazzzeitung.de\/cms\/2013\/12\/das-jazzfest-rottweil-startet-vorverkauf-fuer-2014\/","og_locale":"de_DE","og_type":"article","og_title":"Das Jazzfest Rottweil startet Vorverkauf f\u00fcr 2014 - JazzZeitung","og_description":"Seit l\u00e4ngerem schon laufen die Planungen f\u00fcr das 27. Jazzfest Rottweil, das vom 30. April (Jazz in Town) bis zum 17. Mai 2014 stattfinden wird. Seit Donnerstag, 19. Dezember, gehen die Organisatoren mit den ersten zwei Veranstaltungen in den Vorverkauf:\u00a0 F\u00fcr den 2. Mai ist es gelungen, mit &#8222;La Nuit de la Chanson&#8220; eine hochwertige, nagelneue Produktion aus Frankreich in die Alte Stallhalle zu engagieren. Die Veranstaltung verspricht eine wunderbare Nacht mit den bekanntesten franz\u00f6sischen Chansons von \u00c9dith Piaf, Georges Brassens, Barbara, Jacques Brel, Juliette Gr\u00e9co, Charles Aznavour, Gilbert B\u00e9caud, Charles Trenet u. a. m. &#8211; zu werden &#8211; das gab es noch nie im Rahmen des Jazzfests. Herausragende Musiker, die sich im &#8222;Le Petit Orchestre de L&#8217;Op\u00e9ra Comique de Paris&#8220; vereinigen, pr\u00e4sentieren dieses faszinierende Programm. Allen voran G\u00e9rard Daguerre, jahrelang Direktor der Op\u00e9ra Comique de Paris, Weggef\u00e4hrte und Partner von Charles Aznavour und Leiter wie Produzent von &#8222;La Nuit de la Chanson&#8220;. Den Gesangspart \u00fcbernehmen mit Marie-St\u00e9phane Bernard und Fr\u00e9d\u00e9ric Longbois zwei grandiose Interpreten, die sich weit \u00fcber die Grenzen Frankreichs hinaus einen Namen gemacht haben. Am Akkordeon musiziert kein Geringerer als Marcel Azzola. &hellip;","og_url":"https:\/\/www.jazzzeitung.de\/cms\/2013\/12\/das-jazzfest-rottweil-startet-vorverkauf-fuer-2014\/","og_site_name":"JazzZeitung","article_publisher":"https:\/\/www.facebook.com\/JazzZeitung\/","article_published_time":"2013-12-30T10:39:42+00:00","og_image":[{"url":"http:\/\/www.jazzzeitung.de\/cms\/wp-content\/uploads\/2013\/12\/LNDLC2013_4klein-150x150.jpg","type":"","width":"","height":""}],"author":"Redaktion JazzZeitung","schema":{"@context":"https:\/\/schema.org","@graph":[{"@type":"Article","@id":"https:\/\/www.jazzzeitung.de\/cms\/2013\/12\/das-jazzfest-rottweil-startet-vorverkauf-fuer-2014\/#article","isPartOf":{"@id":"https:\/\/www.jazzzeitung.de\/cms\/2013\/12\/das-jazzfest-rottweil-startet-vorverkauf-fuer-2014\/"},"author":{"name":"Redaktion JazzZeitung","@id":"https:\/\/www.jazzzeitung.de\/cms\/#\/schema\/person\/2245b36b9cd1d24cea10f01c031fb92b"},"headline":"Das Jazzfest Rottweil startet Vorverkauf f\u00fcr 2014","datePublished":"2013-12-30T10:39:42+00:00","mainEntityOfPage":{"@id":"https:\/\/www.jazzzeitung.de\/cms\/2013\/12\/das-jazzfest-rottweil-startet-vorverkauf-fuer-2014\/"},"wordCount":477,"commentCount":0,"publisher":{"@id":"https:\/\/www.jazzzeitung.de\/cms\/#organization"},"image":{"@id":"https:\/\/www.jazzzeitung.de\/cms\/2013\/12\/das-jazzfest-rottweil-startet-vorverkauf-fuer-2014\/#primaryimage"},"thumbnailUrl":"http:\/\/www.jazzzeitung.de\/cms\/wp-content\/uploads\/2013\/12\/LNDLC2013_4klein-150x150.jpg","keywords":["Akkordeon","Deutschland","Jazzfest","Jazzfest Rottweil","Jazzkantine","Jazzmusiker"],"articleSection":["News"],"inLanguage":"de","potentialAction":[{"@type":"CommentAction","name":"Comment","target":["https:\/\/www.jazzzeitung.de\/cms\/2013\/12\/das-jazzfest-rottweil-startet-vorverkauf-fuer-2014\/#respond"]}]},{"@type":"WebPage","@id":"https:\/\/www.jazzzeitung.de\/cms\/2013\/12\/das-jazzfest-rottweil-startet-vorverkauf-fuer-2014\/","url":"https:\/\/www.jazzzeitung.de\/cms\/2013\/12\/das-jazzfest-rottweil-startet-vorverkauf-fuer-2014\/","name":"Das Jazzfest Rottweil startet Vorverkauf f\u00fcr 2014 - JazzZeitung","isPartOf":{"@id":"https:\/\/www.jazzzeitung.de\/cms\/#website"},"primaryImageOfPage":{"@id":"https:\/\/www.jazzzeitung.de\/cms\/2013\/12\/das-jazzfest-rottweil-startet-vorverkauf-fuer-2014\/#primaryimage"},"image":{"@id":"https:\/\/www.jazzzeitung.de\/cms\/2013\/12\/das-jazzfest-rottweil-startet-vorverkauf-fuer-2014\/#primaryimage"},"thumbnailUrl":"http:\/\/www.jazzzeitung.de\/cms\/wp-content\/uploads\/2013\/12\/LNDLC2013_4klein-150x150.jpg","datePublished":"2013-12-30T10:39:42+00:00","breadcrumb":{"@id":"https:\/\/www.jazzzeitung.de\/cms\/2013\/12\/das-jazzfest-rottweil-startet-vorverkauf-fuer-2014\/#breadcrumb"},"inLanguage":"de","potentialAction":[{"@type":"ReadAction","target":["https:\/\/www.jazzzeitung.de\/cms\/2013\/12\/das-jazzfest-rottweil-startet-vorverkauf-fuer-2014\/"]}]},{"@type":"ImageObject","inLanguage":"de","@id":"https:\/\/www.jazzzeitung.de\/cms\/2013\/12\/das-jazzfest-rottweil-startet-vorverkauf-fuer-2014\/#primaryimage","url":"http:\/\/www.jazzzeitung.de\/cms\/wp-content\/uploads\/2013\/12\/LNDLC2013_4klein-150x150.jpg","contentUrl":"http:\/\/www.jazzzeitung.de\/cms\/wp-content\/uploads\/2013\/12\/LNDLC2013_4klein-150x150.jpg"},{"@type":"BreadcrumbList","@id":"https:\/\/www.jazzzeitung.de\/cms\/2013\/12\/das-jazzfest-rottweil-startet-vorverkauf-fuer-2014\/#breadcrumb","itemListElement":[{"@type":"ListItem","position":1,"name":"Startseite","item":"https:\/\/www.jazzzeitung.de\/cms\/"},{"@type":"ListItem","position":2,"name":"Das Jazzfest Rottweil startet Vorverkauf f\u00fcr 2014"}]},{"@type":"WebSite","@id":"https:\/\/www.jazzzeitung.de\/cms\/#website","url":"https:\/\/www.jazzzeitung.de\/cms\/","name":"JazzZeitung","description":"Jazz-News und Jazz-Kontroverses","publisher":{"@id":"https:\/\/www.jazzzeitung.de\/cms\/#organization"},"potentialAction":[{"@type":"SearchAction","target":{"@type":"EntryPoint","urlTemplate":"https:\/\/www.jazzzeitung.de\/cms\/?s={search_term_string}"},"query-input":{"@type":"PropertyValueSpecification","valueRequired":true,"valueName":"search_term_string"}}],"inLanguage":"de"},{"@type":"Organization","@id":"https:\/\/www.jazzzeitung.de\/cms\/#organization","name":"JazzZeitung online","url":"https:\/\/www.jazzzeitung.de\/cms\/","logo":{"@type":"ImageObject","inLanguage":"de","@id":"https:\/\/www.jazzzeitung.de\/cms\/#\/schema\/logo\/image\/","url":"https:\/\/i0.wp.com\/www.jazzzeitung.de\/cms\/wp-content\/uploads\/2015\/08\/JAZZZEITUNGDE_Logo_Neu.png?fit=499%2C200&ssl=1","contentUrl":"https:\/\/i0.wp.com\/www.jazzzeitung.de\/cms\/wp-content\/uploads\/2015\/08\/JAZZZEITUNGDE_Logo_Neu.png?fit=499%2C200&ssl=1","width":499,"height":200,"caption":"JazzZeitung online"},"image":{"@id":"https:\/\/www.jazzzeitung.de\/cms\/#\/schema\/logo\/image\/"},"sameAs":["https:\/\/www.facebook.com\/JazzZeitung\/"]},{"@type":"Person","@id":"https:\/\/www.jazzzeitung.de\/cms\/#\/schema\/person\/2245b36b9cd1d24cea10f01c031fb92b","name":"Redaktion JazzZeitung","image":{"@type":"ImageObject","inLanguage":"de","@id":"https:\/\/i0.wp.com\/www.jazzzeitung.de\/cms\/wp-content\/uploads\/2015\/08\/JAZZZEITUNGDE_Logo_Neu.png?resize=96%2C96&ssl=159975dcacb611b5700bd619b5daf0a7a","url":"https:\/\/i0.wp.com\/www.jazzzeitung.de\/cms\/wp-content\/uploads\/2015\/08\/JAZZZEITUNGDE_Logo_Neu.png?resize=96%2C96&ssl=1","contentUrl":"https:\/\/i0.wp.com\/www.jazzzeitung.de\/cms\/wp-content\/uploads\/2015\/08\/JAZZZEITUNGDE_Logo_Neu.png?resize=96%2C96&ssl=1","caption":"Redaktion JazzZeitung"},"description":"Artikel der Redaktion der JazzZeitung.","sameAs":["http:\/\/www.jazzzeitung.de\/cms\/"],"url":"https:\/\/www.jazzzeitung.de\/cms\/author\/redaktion\/"}]}},"wp-worthy-pixel":{"ignored":false,"public":null,"server":null,"url":null},"wp-worthy-type":"normal","jetpack_publicize_connections":[],"cc_featured_image_caption":{"caption_text":false,"source_text":false,"source_url":false},"jetpack_featured_media_url":"","jetpack_shortlink":"https:\/\/wp.me\/p3KEcT-Pz","jetpack-related-posts":[{"id":26858,"url":"https:\/\/www.jazzzeitung.de\/cms\/2022\/03\/jazzstudie-2022-online-befragung-von-jazzmusikerinnen-ab-10-03-jazzfest-rottweil-neue-programmhighlights\/","url_meta":{"origin":3197,"position":0},"title":"+++ Jazzstudie 2022: Online-Befragung von Jazzmusiker*innen ab 10.03. +++ Jazzfest Rottweil: Neue Programmhighlights +++","author":"Redaktion JazzZeitung","date":"17. M\u00e4rz 2022","format":false,"excerpt":"Online-Befragung zur Jazzstudie 2022 der Deutschen Jazzunion Die Deutsche Jazzunionstellt die Lebens- und Arbeitssituation von Jazzmusikerinnen erneut auf den Pr\u00fcfstand. Dazu ist am 10.03.2022 die gro\u00dfangelegte Online-Befragung gestartet. SIe richtet sich an alle professionellen Jazzmusikerinnen und -p\u00e4dagog*innen, die schwerpunktm\u00e4\u00dfig in Deutschland t\u00e4tig sind. Es sollen Ver\u00e4nderungen der sozio\u00f6konimischen Lage seit\u2026","rel":"","context":"In &quot;News&quot;","block_context":{"text":"News","link":"https:\/\/www.jazzzeitung.de\/cms\/thema\/nachrichten\/"},"img":{"alt_text":"","src":"https:\/\/i0.wp.com\/www.jazzzeitung.de\/cms\/wp-content\/uploads\/2019\/10\/P1526924-Exotica-K%C3%A4nzig-shadow-Foto-TJ-Krebs.jpg?fit=800%2C1200&ssl=1&resize=350%2C200","width":350,"height":200,"srcset":"https:\/\/i0.wp.com\/www.jazzzeitung.de\/cms\/wp-content\/uploads\/2019\/10\/P1526924-Exotica-K%C3%A4nzig-shadow-Foto-TJ-Krebs.jpg?fit=800%2C1200&ssl=1&resize=350%2C200 1x, https:\/\/i0.wp.com\/www.jazzzeitung.de\/cms\/wp-content\/uploads\/2019\/10\/P1526924-Exotica-K%C3%A4nzig-shadow-Foto-TJ-Krebs.jpg?fit=800%2C1200&ssl=1&resize=525%2C300 1.5x, https:\/\/i0.wp.com\/www.jazzzeitung.de\/cms\/wp-content\/uploads\/2019\/10\/P1526924-Exotica-K%C3%A4nzig-shadow-Foto-TJ-Krebs.jpg?fit=800%2C1200&ssl=1&resize=700%2C400 2x"},"classes":[]},{"id":8606,"url":"https:\/\/www.jazzzeitung.de\/cms\/2016\/03\/programm-das-29-jazzfest-rottweil-2016-steht-fest\/","url_meta":{"origin":3197,"position":1},"title":"+++ News +++ Volker Engelberth erh\u00e4lt den Landesjazzpreis 2016 +++ Programm das 29. Jazzfest Rottweil 2016 steht fest +++ Finanzen und Musik beim moers festival 2016 +++","author":"Redaktion JazzZeitung","date":"5. M\u00e4rz 2016","format":false,"excerpt":"Volker Engelberth erh\u00e4lt den Landesjazzpreis 2016 Der Pianist Volker Engelberth aus Mannheim wird mit dem Landesjazzpreis Baden-W\u00fcrttemberg 2016 geehrt. \u201eEr besticht als Komponist und als Improvisator\u201c, teilte Kunststaatssekret\u00e4r J\u00fcrgen Walter (Gr\u00fcne) am Donnerstag mit. \u201eSeine Musik hat eine unglaubliche Tiefe und ist von einer Intensit\u00e4t, wie man sie selten bei\u2026","rel":"","context":"In &quot;News&quot;","block_context":{"text":"News","link":"https:\/\/www.jazzzeitung.de\/cms\/thema\/nachrichten\/"},"img":{"alt_text":"Volker Engelberth. Foto: Sven G\u00f6tz","src":"https:\/\/i0.wp.com\/www.jazzzeitung.de\/cms\/wp-content\/uploads\/2016\/03\/volker-engelberth-quintett-jigsaw-puzzles-foto-by-sven-go-tz--150x150.jpg?resize=350%2C200","width":350,"height":200},"classes":[]},{"id":5027,"url":"https:\/\/www.jazzzeitung.de\/cms\/2014\/12\/breaking-news-early-bird-ticket-moers-jazzfest-bonn-2015-programm-jetzt-online-toscana-intensiv-workshop-jazzfest-rottweil-landeswettbewerb-jugend-jazzt-bayern-die-ergebnisse\/","url_meta":{"origin":3197,"position":2},"title":"Breaking News +++ Early-Bird-Ticket Moers +++ Jazzfest Bonn 2015: Programm jetzt online +++ Toscana Intensiv-Workshop +++ Jazzfest Rottweil +++ Landeswettbewerb Jugend jazzt Bayern: die Ergebnisse","author":"Redaktion JazzZeitung","date":"1. Dezember 2014","format":false,"excerpt":"Seit heute Nacht 00.00 Uhr ist das Early-Bird-Ticket f\u00fcr das moers festival 2015 erh\u00e4ltlich. Es gilt f\u00fcr alle vier Tage des Festivals (Pfingsten, 22. bis 25. Mai 2015) und kostet 98,- Euro inkl. Geb\u00fchren (sp\u00e4ter im Vorverkauf 108,- Euro zzgl. Geb\u00fchren und dann an der Tageskasse 120,- Euro). Das erm\u00e4\u00dfigte\u2026","rel":"","context":"In &quot;News&quot;","block_context":{"text":"News","link":"https:\/\/www.jazzzeitung.de\/cms\/thema\/nachrichten\/"},"img":{"alt_text":"GregoryPorterFotoM_byShawnPeters","src":"https:\/\/i0.wp.com\/www.jazzzeitung.de\/cms\/wp-content\/uploads\/2014\/12\/GregoryPorterFotoM_byShawnPeters-150x150.jpg?resize=350%2C200","width":350,"height":200},"classes":[]},{"id":20922,"url":"https:\/\/www.jazzzeitung.de\/cms\/2019\/10\/news-wormser-jazzpreis-2019-fuer-den-saxophonisten-fabian-schoenejazzfest-muenchen-feiert-30-jaehriges-jubilaeum\/","url_meta":{"origin":3197,"position":3},"title":"+++News: +++Wormser Jazzpreis 2019 f\u00fcr den Saxophonisten Fabian Sch\u00f6ne+++Jazzfest M\u00fcnchen feiert 30-j\u00e4hriges Jubil\u00e4um+++","author":"Redaktion JazzZeitung","date":"18. Oktober 2019","format":false,"excerpt":"Wormser Jazzpreis 2019 Der Wormser Jazzpreis geht in diesem Jahr an den Mannheimer Saxophonisten Fabian Sch\u00f6ne. Der Musiker erh\u00e4lt den mit 5.000 Euro dotierten Preis f\u00fcr sein \u201eversiertes, gereiftes Saxophonspiel und seine kompositorischen F\u00e4higkeiten\u201c, begr\u00fcndet die Jury ihre Entscheidung. Der 32-J\u00e4hrige habe in den vergangenen Jahren nicht nur als Sideman\u2026","rel":"","context":"In &quot;News&quot;","block_context":{"text":"News","link":"https:\/\/www.jazzzeitung.de\/cms\/thema\/nachrichten\/"},"img":{"alt_text":"","src":"https:\/\/i0.wp.com\/www.jazzzeitung.de\/cms\/wp-content\/uploads\/2019\/10\/Fabian-21_photo_by-Rocco_D%C3%BCrlich.jpg?fit=1200%2C795&ssl=1&resize=350%2C200","width":350,"height":200,"srcset":"https:\/\/i0.wp.com\/www.jazzzeitung.de\/cms\/wp-content\/uploads\/2019\/10\/Fabian-21_photo_by-Rocco_D%C3%BCrlich.jpg?fit=1200%2C795&ssl=1&resize=350%2C200 1x, https:\/\/i0.wp.com\/www.jazzzeitung.de\/cms\/wp-content\/uploads\/2019\/10\/Fabian-21_photo_by-Rocco_D%C3%BCrlich.jpg?fit=1200%2C795&ssl=1&resize=525%2C300 1.5x, https:\/\/i0.wp.com\/www.jazzzeitung.de\/cms\/wp-content\/uploads\/2019\/10\/Fabian-21_photo_by-Rocco_D%C3%BCrlich.jpg?fit=1200%2C795&ssl=1&resize=700%2C400 2x, https:\/\/i0.wp.com\/www.jazzzeitung.de\/cms\/wp-content\/uploads\/2019\/10\/Fabian-21_photo_by-Rocco_D%C3%BCrlich.jpg?fit=1200%2C795&ssl=1&resize=1050%2C600 3x"},"classes":[]},{"id":11625,"url":"https:\/\/www.jazzzeitung.de\/cms\/2017\/02\/news-30-jazzfest-rottweil-2017-huerther-jazzkeller-im-maerz-junger-jazz-aus-israel-jazzworkshop-mit-wolfgang-lackerschmid\/","url_meta":{"origin":3197,"position":4},"title":"News +++ 30. Jazzfest Rottweil 2017 +++ H\u00fcrther Jazzkeller im M\u00e4rz: junger Jazz aus Israel +++ Jazzworkshop mit Wolfgang Lackerschmid +++","author":"Redaktion JazzZeitung","date":"7. Februar 2017","format":false,"excerpt":"+++ 30. Jazzfest Rottweil 2017 +++ Mit Axel Prahl, China Moses und Klaus Doldinger stehen drei weitere Programm-Highlights f\u00fcr das kommende Jazzfest Rottweil fest. Allein schon diese drei gro\u00dfen Namen stehen f\u00fcr die Qualit\u00e4t und Bandbreite des Rottweiler Musikfestivals, das in diesem Jahr zwischen dem 30. April und 20. Mai\u2026","rel":"","context":"In &quot;News&quot;","block_context":{"text":"News","link":"https:\/\/www.jazzzeitung.de\/cms\/thema\/nachrichten\/"},"img":{"alt_text":"","src":"https:\/\/i0.wp.com\/www.jazzzeitung.de\/cms\/wp-content\/uploads\/2017\/02\/China_Moses1-150x150.jpg?resize=350%2C200","width":350,"height":200},"classes":[]},{"id":29201,"url":"https:\/\/www.jazzzeitung.de\/cms\/2023\/03\/news-jazzfest-rottweil-neue-leitung-beim-jazzfestival-alto-adige-jona-in-abensberg\/","url_meta":{"origin":3197,"position":5},"title":"News: Jazzfest Rottweil +++ Neue Leitung beim Jazzfestival Alto Adige +++ JONA in Abensberg","author":"Redaktion JazzZeitung","date":"8. M\u00e4rz 2023","format":false,"excerpt":"+++ Internationale Musik beim 35. Jazzfest Rottweil +++ Der Mai steht in Rottweil wieder im Zeichen des Jazz. Auch bei der 35. Ausgabe des Festivals strebt das Festival nach einem hochkar\u00e4tigen Programm mit hoher Bandbreite aus. Den Auftakt bildet der 30. April mit mannigfaltiger Livemusik ab 16.00 Uhr in der\u2026","rel":"","context":"In &quot;News&quot;","block_context":{"text":"News","link":"https:\/\/www.jazzzeitung.de\/cms\/thema\/nachrichten\/"},"img":{"alt_text":"","src":"https:\/\/i0.wp.com\/www.jazzzeitung.de\/cms\/wp-content\/uploads\/2023\/03\/2017Klaus-Doldinger31.jpg?fit=1024%2C682&ssl=1&resize=350%2C200","width":350,"height":200,"srcset":"https:\/\/i0.wp.com\/www.jazzzeitung.de\/cms\/wp-content\/uploads\/2023\/03\/2017Klaus-Doldinger31.jpg?fit=1024%2C682&ssl=1&resize=350%2C200 1x, https:\/\/i0.wp.com\/www.jazzzeitung.de\/cms\/wp-content\/uploads\/2023\/03\/2017Klaus-Doldinger31.jpg?fit=1024%2C682&ssl=1&resize=525%2C300 1.5x, https:\/\/i0.wp.com\/www.jazzzeitung.de\/cms\/wp-content\/uploads\/2023\/03\/2017Klaus-Doldinger31.jpg?fit=1024%2C682&ssl=1&resize=700%2C400 2x"},"classes":[]}],"jetpack_sharing_enabled":true,"_links":{"self":[{"href":"https:\/\/www.jazzzeitung.de\/cms\/wp-json\/wp\/v2\/posts\/3197","targetHints":{"allow":["GET"]}}],"collection":[{"href":"https:\/\/www.jazzzeitung.de\/cms\/wp-json\/wp\/v2\/posts"}],"about":[{"href":"https:\/\/www.jazzzeitung.de\/cms\/wp-json\/wp\/v2\/types\/post"}],"author":[{"embeddable":true,"href":"https:\/\/www.jazzzeitung.de\/cms\/wp-json\/wp\/v2\/users\/18"}],"replies":[{"embeddable":true,"href":"https:\/\/www.jazzzeitung.de\/cms\/wp-json\/wp\/v2\/comments?post=3197"}],"version-history":[{"count":1,"href":"https:\/\/www.jazzzeitung.de\/cms\/wp-json\/wp\/v2\/posts\/3197\/revisions"}],"predecessor-version":[{"id":3199,"href":"https:\/\/www.jazzzeitung.de\/cms\/wp-json\/wp\/v2\/posts\/3197\/revisions\/3199"}],"wp:attachment":[{"href":"https:\/\/www.jazzzeitung.de\/cms\/wp-json\/wp\/v2\/media?parent=3197"}],"wp:term":[{"taxonomy":"category","embeddable":true,"href":"https:\/\/www.jazzzeitung.de\/cms\/wp-json\/wp\/v2\/categories?post=3197"},{"taxonomy":"post_tag","embeddable":true,"href":"https:\/\/www.jazzzeitung.de\/cms\/wp-json\/wp\/v2\/tags?post=3197"},{"taxonomy":"author","embeddable":true,"href":"https:\/\/www.jazzzeitung.de\/cms\/wp-json\/wp\/v2\/coauthors?post=3197"}],"curies":[{"name":"wp","href":"https:\/\/api.w.org\/{rel}","templated":true}]}}