{"id":31855,"date":"2024-11-07T12:01:05","date_gmt":"2024-11-07T11:01:05","guid":{"rendered":"https:\/\/www.jazzzeitung.de\/cms\/?p=31855"},"modified":"2024-11-07T12:01:05","modified_gmt":"2024-11-07T11:01:05","slug":"mosaic-records-classic-v-disc-small-group-jazz-sessions","status":"publish","type":"post","link":"https:\/\/www.jazzzeitung.de\/cms\/2024\/11\/mosaic-records-classic-v-disc-small-group-jazz-sessions\/","title":{"rendered":"Mosaic Records: Classic V-DISC Small Group Jazz Sessions"},"content":{"rendered":"<p>Mosaic Records setzt seit nunmehr 42 Jahren Ma\u00dfst\u00e4be f\u00fcr Wiederver\u00f6ffentlichungen oder Entdeckungen im Jazz. Gegr\u00fcndet wurde das feine Jazzlabel 1982 von Michael Cuscuna und Charles Lourie. Anfang der 1980er-Jahre waren viele wichtige und richtungsweisende Jazzver\u00f6ffentlichungen vergriffen. Da kam Mosaic Records ins Spiel. In streng limitierter Auflage wurden so Perlen des Jazz wieder ver\u00f6ffentlicht. Neu gemastert, mit Alternative Takes sowie detaillierten Informationen und Fotos zu den Sessions. Bis heute unvergessen als Mosaic die verschollenen Charlie Parker Benedetti Sessions komplett auf 7 CDs \/ 10 LPs ver\u00f6ffentlichte. Nun hat das Label erneut einen Coup gelandet: auf 11 CDs liegen nun die Classic V-Disc Small Group Jazz Sessions in einer grandiosen Box mit einem umfangreichen Booklet vor.<\/p>\n<div class=\"tiled-gallery type-rectangular tiled-gallery-unresized\" data-original-width=\"840\" data-carousel-extra='{&quot;blog_id&quot;:1,&quot;permalink&quot;:&quot;https:\\\/\\\/www.jazzzeitung.de\\\/cms\\\/2024\\\/11\\\/mosaic-records-classic-v-disc-small-group-jazz-sessions\\\/&quot;,&quot;likes_blog_id&quot;:55446655}' itemscope itemtype=\"http:\/\/schema.org\/ImageGallery\" > <div class=\"gallery-row\" style=\"width: 840px; height: 412px;\" data-original-width=\"840\" data-original-height=\"412\" > <div class=\"gallery-group images-1\" style=\"width: 547px; height: 412px;\" data-original-width=\"547\" data-original-height=\"412\" > <div class=\"tiled-gallery-item tiled-gallery-item-large\" itemprop=\"associatedMedia\" itemscope itemtype=\"http:\/\/schema.org\/ImageObject\"> <a href=\"https:\/\/www.jazzzeitung.de\/cms\/2024\/11\/mosaic-records-classic-v-disc-small-group-jazz-sessions\/v-mail-back\/\" border=\"0\" itemprop=\"url\"> <meta itemprop=\"width\" content=\"543\"> <meta itemprop=\"height\" content=\"408\"> <img decoding=\"async\" class=\"\" data-attachment-id=\"31858\" data-orig-file=\"https:\/\/www.jazzzeitung.de\/cms\/wp-content\/uploads\/2024\/11\/V-Mail-back-scaled.jpg\" data-orig-size=\"2560,1923\" data-comments-opened=\"1\" data-image-meta=\"{&quot;aperture&quot;:&quot;0&quot;,&quot;credit&quot;:&quot;&quot;,&quot;camera&quot;:&quot;&quot;,&quot;caption&quot;:&quot;&quot;,&quot;created_timestamp&quot;:&quot;0&quot;,&quot;copyright&quot;:&quot;&quot;,&quot;focal_length&quot;:&quot;0&quot;,&quot;iso&quot;:&quot;0&quot;,&quot;shutter_speed&quot;:&quot;0&quot;,&quot;title&quot;:&quot;&quot;,&quot;orientation&quot;:&quot;1&quot;}\" data-image-title=\"V Mail back\" data-image-description=\"\" data-medium-file=\"https:\/\/i0.wp.com\/www.jazzzeitung.de\/cms\/wp-content\/uploads\/2024\/11\/V-Mail-back-scaled.jpg?fit=300%2C225&#038;ssl=1\" data-large-file=\"https:\/\/i0.wp.com\/www.jazzzeitung.de\/cms\/wp-content\/uploads\/2024\/11\/V-Mail-back-scaled.jpg?fit=799%2C600&#038;ssl=1\" src=\"https:\/\/i0.wp.com\/www.jazzzeitung.de\/cms\/wp-content\/uploads\/2024\/11\/V-Mail-back-scaled.jpg?w=543&#038;h=408&#038;ssl=1\" srcset=\"https:\/\/i0.wp.com\/www.jazzzeitung.de\/cms\/wp-content\/uploads\/2024\/11\/V-Mail-back-scaled.jpg?w=2560&amp;ssl=1 2560w, https:\/\/i0.wp.com\/www.jazzzeitung.de\/cms\/wp-content\/uploads\/2024\/11\/V-Mail-back-scaled.jpg?resize=300%2C225&amp;ssl=1 300w, https:\/\/i0.wp.com\/www.jazzzeitung.de\/cms\/wp-content\/uploads\/2024\/11\/V-Mail-back-scaled.jpg?resize=799%2C600&amp;ssl=1 799w, https:\/\/i0.wp.com\/www.jazzzeitung.de\/cms\/wp-content\/uploads\/2024\/11\/V-Mail-back-scaled.jpg?resize=768%2C577&amp;ssl=1 768w, https:\/\/i0.wp.com\/www.jazzzeitung.de\/cms\/wp-content\/uploads\/2024\/11\/V-Mail-back-scaled.jpg?resize=1536%2C1154&amp;ssl=1 1536w, https:\/\/i0.wp.com\/www.jazzzeitung.de\/cms\/wp-content\/uploads\/2024\/11\/V-Mail-back-scaled.jpg?resize=2048%2C1538&amp;ssl=1 2048w, https:\/\/i0.wp.com\/www.jazzzeitung.de\/cms\/wp-content\/uploads\/2024\/11\/V-Mail-back-scaled.jpg?resize=1320%2C991&amp;ssl=1 1320w, https:\/\/i0.wp.com\/www.jazzzeitung.de\/cms\/wp-content\/uploads\/2024\/11\/V-Mail-back-scaled.jpg?w=1680&amp;ssl=1 1680w\" width=\"543\" height=\"408\" loading=\"lazy\" data-original-width=\"543\" data-original-height=\"408\" itemprop=\"http:\/\/schema.org\/image\" title=\"V Mail back\" alt=\"V Mail back\" style=\"width: 543px; height: 408px;\" \/> <\/a> <\/div> <\/div> <!-- close group --> <div class=\"gallery-group images-1\" style=\"width: 293px; height: 412px;\" data-original-width=\"293\" data-original-height=\"412\" > <div class=\"tiled-gallery-item tiled-gallery-item-large\" itemprop=\"associatedMedia\" itemscope itemtype=\"http:\/\/schema.org\/ImageObject\"> <a href=\"https:\/\/www.jazzzeitung.de\/cms\/2024\/11\/mosaic-records-classic-v-disc-small-group-jazz-sessions\/v-mail-front\/\" border=\"0\" itemprop=\"url\"> <meta itemprop=\"width\" content=\"289\"> <meta itemprop=\"height\" content=\"408\"> <img decoding=\"async\" class=\"\" data-attachment-id=\"31859\" data-orig-file=\"https:\/\/www.jazzzeitung.de\/cms\/wp-content\/uploads\/2024\/11\/V-Mail-front-scaled.jpg\" data-orig-size=\"1811,2560\" data-comments-opened=\"1\" data-image-meta=\"{&quot;aperture&quot;:&quot;0&quot;,&quot;credit&quot;:&quot;&quot;,&quot;camera&quot;:&quot;&quot;,&quot;caption&quot;:&quot;&quot;,&quot;created_timestamp&quot;:&quot;0&quot;,&quot;copyright&quot;:&quot;&quot;,&quot;focal_length&quot;:&quot;0&quot;,&quot;iso&quot;:&quot;0&quot;,&quot;shutter_speed&quot;:&quot;0&quot;,&quot;title&quot;:&quot;&quot;,&quot;orientation&quot;:&quot;1&quot;}\" data-image-title=\"V Mail front\" data-image-description=\"\" data-medium-file=\"https:\/\/i0.wp.com\/www.jazzzeitung.de\/cms\/wp-content\/uploads\/2024\/11\/V-Mail-front-scaled.jpg?fit=212%2C300&#038;ssl=1\" data-large-file=\"https:\/\/i0.wp.com\/www.jazzzeitung.de\/cms\/wp-content\/uploads\/2024\/11\/V-Mail-front-scaled.jpg?fit=424%2C600&#038;ssl=1\" src=\"https:\/\/i0.wp.com\/www.jazzzeitung.de\/cms\/wp-content\/uploads\/2024\/11\/V-Mail-front-scaled.jpg?w=289&#038;h=408&#038;ssl=1\" srcset=\"https:\/\/i0.wp.com\/www.jazzzeitung.de\/cms\/wp-content\/uploads\/2024\/11\/V-Mail-front-scaled.jpg?w=1811&amp;ssl=1 1811w, https:\/\/i0.wp.com\/www.jazzzeitung.de\/cms\/wp-content\/uploads\/2024\/11\/V-Mail-front-scaled.jpg?resize=212%2C300&amp;ssl=1 212w, https:\/\/i0.wp.com\/www.jazzzeitung.de\/cms\/wp-content\/uploads\/2024\/11\/V-Mail-front-scaled.jpg?resize=424%2C600&amp;ssl=1 424w, https:\/\/i0.wp.com\/www.jazzzeitung.de\/cms\/wp-content\/uploads\/2024\/11\/V-Mail-front-scaled.jpg?resize=768%2C1086&amp;ssl=1 768w, https:\/\/i0.wp.com\/www.jazzzeitung.de\/cms\/wp-content\/uploads\/2024\/11\/V-Mail-front-scaled.jpg?resize=1087%2C1536&amp;ssl=1 1087w, https:\/\/i0.wp.com\/www.jazzzeitung.de\/cms\/wp-content\/uploads\/2024\/11\/V-Mail-front-scaled.jpg?resize=1449%2C2048&amp;ssl=1 1449w, https:\/\/i0.wp.com\/www.jazzzeitung.de\/cms\/wp-content\/uploads\/2024\/11\/V-Mail-front-scaled.jpg?resize=1320%2C1866&amp;ssl=1 1320w, https:\/\/i0.wp.com\/www.jazzzeitung.de\/cms\/wp-content\/uploads\/2024\/11\/V-Mail-front-scaled.jpg?w=1680&amp;ssl=1 1680w\" width=\"289\" height=\"408\" loading=\"lazy\" data-original-width=\"289\" data-original-height=\"408\" itemprop=\"http:\/\/schema.org\/image\" title=\"V Mail front\" alt=\"V Mail front\" style=\"width: 289px; height: 408px;\" \/> <\/a> <\/div> <\/div> <!-- close group --> <\/div> <!-- close row --> <\/div>\n<h3>V-Discs<\/h3>\n<p>Die sogenannten V-Discs (Abk\u00fcrzung f\u00fcr \u201eVictory Disc\u201c) waren ein ganz eigenes Kapitel in der Geschichte des Jazz, der Klassik und Unterhaltungsmusik. W\u00e4hrend des sogenannten &#8222;recording ban\u201c in den USA von August 1942 bis November 1944 ( siehe dazu: <a href=\"https:\/\/de.wikipedia.org\/wiki\/Recording_ban\">https:\/\/de.wikipedia.org\/wiki\/Recording_ban<\/a> ) sind dies die einzigen offiziell genehmigten Aufnahmen und Produktionen mit Instrumentalmusikern, die nur in einem ganz speziellen Rahmen hergestellt und ver\u00f6ffentlicht werden durften: n\u00e4mlich f\u00fcr die US-Armee in \u00dcbersee als \u201emoralische St\u00e4rkung\u201c der Truppen. Die 12-inch Schellack V-Discs wurden seinerzeit in Kartons mit je 10 Exemplaren zusammen mit hundert Grammophon Nadeln nach \u00dcbersee verschickt. Wer hierzu historisch weiter ins Thema eintauchen m\u00f6chte, dem sei an dieser Stelle die V-Disc Discografie von Richard S. Sears empfohlen.<\/p>\n<h3>Eine wahre Goldmine<\/h3>\n<p>Zur\u00fcck zur aktuellen Ver\u00f6ffentlichung auf Mosaic Records: diese Box ist eine wahre Goldmine f\u00fcr bis dato so noch nie ver\u00f6ffentlichte Sch\u00e4tze von Small Groups und Piano aus den Jahren 1943-1949. So finden sich hier Solo-Aufnahmen von Fats Waller, Meade Lux Lewis, Art Tatum, der gro\u00dfartigen Hazel Scott oder z.B. ein Set von bisher unver\u00f6ffentlichten Solo-Aufnahmen von Joe Bushkin. Von den Anf\u00e4ngen mit Bunk Johnson und seiner Band \u00fcber Aufnahmen der Original Dixieland Jazz Band, Sidney Bechet &amp; his New Orleans Feetwarmers bis hin zu Jam Sessions mit Jack Teagarden oder Eddie Condon\u2019s Jazz Band finden sich in der Sammlung sowohl die Anf\u00e4nge des Jazz bis hin zu Swing Legenden wie Gene Krupa, Stan Hesselgard oder Teddy Wilson. Ein weiteres Juwel ist eine Live Aufnahme von Louis Armstrong mit Jack Teagarden, Hot Lips Page, Bobby Hackett &amp; Co vom 6. Dezember 1944.<\/p>\n<p><a href=\"https:\/\/i0.wp.com\/www.jazzzeitung.de\/cms\/wp-content\/uploads\/2024\/11\/279-Classic-V-Disk-6x6x300.jpg?ssl=1\"><img data-recalc-dims=\"1\" loading=\"lazy\" decoding=\"async\" data-attachment-id=\"31856\" data-permalink=\"https:\/\/www.jazzzeitung.de\/cms\/2024\/11\/mosaic-records-classic-v-disc-small-group-jazz-sessions\/outside-start-type\/\" data-orig-file=\"https:\/\/i0.wp.com\/www.jazzzeitung.de\/cms\/wp-content\/uploads\/2024\/11\/279-Classic-V-Disk-6x6x300.jpg?fit=1800%2C1800&amp;ssl=1\" data-orig-size=\"1800,1800\" data-comments-opened=\"1\" data-image-meta=\"{&quot;aperture&quot;:&quot;0&quot;,&quot;credit&quot;:&quot;&quot;,&quot;camera&quot;:&quot;MFC-J4510DW&quot;,&quot;caption&quot;:&quot;&quot;,&quot;created_timestamp&quot;:&quot;0&quot;,&quot;copyright&quot;:&quot;&quot;,&quot;focal_length&quot;:&quot;0&quot;,&quot;iso&quot;:&quot;0&quot;,&quot;shutter_speed&quot;:&quot;0&quot;,&quot;title&quot;:&quot;Outside Start Type&quot;,&quot;orientation&quot;:&quot;1&quot;}\" data-image-title=\"Outside Start Type\" data-image-description=\"\" data-image-caption=\"\" data-large-file=\"https:\/\/i0.wp.com\/www.jazzzeitung.de\/cms\/wp-content\/uploads\/2024\/11\/279-Classic-V-Disk-6x6x300.jpg?fit=600%2C600&amp;ssl=1\" class=\"aligncenter size-full wp-image-31856\" src=\"https:\/\/i0.wp.com\/www.jazzzeitung.de\/cms\/wp-content\/uploads\/2024\/11\/279-Classic-V-Disk-6x6x300.jpg?resize=840%2C840&#038;ssl=1\" alt=\"\" width=\"840\" height=\"840\" srcset=\"https:\/\/i0.wp.com\/www.jazzzeitung.de\/cms\/wp-content\/uploads\/2024\/11\/279-Classic-V-Disk-6x6x300.jpg?w=1800&amp;ssl=1 1800w, https:\/\/i0.wp.com\/www.jazzzeitung.de\/cms\/wp-content\/uploads\/2024\/11\/279-Classic-V-Disk-6x6x300.jpg?resize=300%2C300&amp;ssl=1 300w, https:\/\/i0.wp.com\/www.jazzzeitung.de\/cms\/wp-content\/uploads\/2024\/11\/279-Classic-V-Disk-6x6x300.jpg?resize=600%2C600&amp;ssl=1 600w, https:\/\/i0.wp.com\/www.jazzzeitung.de\/cms\/wp-content\/uploads\/2024\/11\/279-Classic-V-Disk-6x6x300.jpg?resize=150%2C150&amp;ssl=1 150w, https:\/\/i0.wp.com\/www.jazzzeitung.de\/cms\/wp-content\/uploads\/2024\/11\/279-Classic-V-Disk-6x6x300.jpg?resize=768%2C768&amp;ssl=1 768w, https:\/\/i0.wp.com\/www.jazzzeitung.de\/cms\/wp-content\/uploads\/2024\/11\/279-Classic-V-Disk-6x6x300.jpg?resize=1536%2C1536&amp;ssl=1 1536w, https:\/\/i0.wp.com\/www.jazzzeitung.de\/cms\/wp-content\/uploads\/2024\/11\/279-Classic-V-Disk-6x6x300.jpg?resize=1320%2C1320&amp;ssl=1 1320w, https:\/\/i0.wp.com\/www.jazzzeitung.de\/cms\/wp-content\/uploads\/2024\/11\/279-Classic-V-Disk-6x6x300.jpg?resize=24%2C24&amp;ssl=1 24w, https:\/\/i0.wp.com\/www.jazzzeitung.de\/cms\/wp-content\/uploads\/2024\/11\/279-Classic-V-Disk-6x6x300.jpg?resize=48%2C48&amp;ssl=1 48w, https:\/\/i0.wp.com\/www.jazzzeitung.de\/cms\/wp-content\/uploads\/2024\/11\/279-Classic-V-Disk-6x6x300.jpg?resize=96%2C96&amp;ssl=1 96w, https:\/\/i0.wp.com\/www.jazzzeitung.de\/cms\/wp-content\/uploads\/2024\/11\/279-Classic-V-Disk-6x6x300.jpg?w=1680&amp;ssl=1 1680w\" sizes=\"auto, (max-width: 840px) 100vw, 840px\" \/><\/a><\/p>\n<p>Es folgen einzigartige Aufnahmen von Wild Bild Davison, Woody Herman, Nat King Cole, Roy Eldridge, Red Norvo, Buddy Rich, Ella Fitzgerald oder dem Lennie Tristano Trio. Insgesamt sind in der Box 220 Titel versammelt, von denen 9 Aufnahmen bisher unver\u00f6ffentlicht sind. Das Team der Swan Studios hat beim Mastering der Aufnahmen mit den SpezialistInnen Andreas Meyer, Nancy Conforti und Shane Carroll echte Soundwunder produziert. Als Quelle dienten sowohl top erhaltene 78er Schellacks (die von Sammlern zur Verf\u00fcgung gestellt wurden), wie auch Glasmaster, soweit diese vorhanden waren. So kann man die Aufnahmen nun technisch in beispielloser Qualit\u00e4t, \u00fcbrigens inklusive Original Ansagen der Musiker an die GIs, genie\u00dfen. Das Booklet umfasst 40 Seiten mit historischen und nat\u00fcrlich allen relevanten discografischen Angaben. Beispielhaft recherchiert setzt Mosaic auch hierbei wieder Ma\u00dfst\u00e4be.<\/p>\n<h3>Meilenstein<\/h3>\n<p>Die Classic V-Disc Small Group Jazz Sessions Box ist ein Meilenstein. Unabh\u00e4ngig von der historischen Tragweite der Aufnahmen ist die Musik bis heute einzigartig und pr\u00e4sentiert Grundpfeiler des Jazz. Das komplette Set ist ein unvergleichlicher H\u00f6rgenuss und gew\u00e4hrt Einblicke in eine ganz spezielle \u00c4ra. Die CD-Box ist wie \u00fcblich auf 5000 Exemplare limitiert und kostet 179,&#8211; $. Erh\u00e4ltlich exklusiv \u00fcber Mosaic<\/p>\n<p><a href=\"https:\/\/www.mosaicrecords.com\/mosaic-box-sets\/\">https:\/\/www.mosaicrecords.com\/mosaic-box-sets\/<\/a><\/p>\n<p>Text &amp; Dokumente: Thomas J. Krebs<\/p>\n<p>&nbsp;<\/p>\n<p>&nbsp;<\/p>\n","protected":false},"excerpt":{"rendered":"<p>Mosaic Records setzt seit nunmehr 42 Jahren Ma\u00dfst\u00e4be f\u00fcr Wiederver\u00f6ffentlichungen oder Entdeckungen im Jazz. Gegr\u00fcndet wurde das feine Jazzlabel 1982 von Michael Cuscuna und Charles Lourie. Anfang der 1980er-Jahre waren viele wichtige und richtungsweisende Jazzver\u00f6ffentlichungen vergriffen. Da kam Mosaic Records ins Spiel. In streng limitierter Auflage wurden so Perlen des Jazz wieder ver\u00f6ffentlicht. Neu gemastert, mit Alternative Takes sowie detaillierten Informationen und Fotos zu den Sessions. Bis heute unvergessen als Mosaic die verschollenen Charlie Parker Benedetti Sessions komplett auf 7 CDs \/ 10 LPs ver\u00f6ffentlichte. Nun hat das Label erneut einen Coup gelandet: auf 11 CDs liegen nun die Classic V-Disc Small Group Jazz Sessions in einer grandiosen Box mit einem umfangreichen Booklet vor. V-Discs Die sogenannten V-Discs (Abk\u00fcrzung f\u00fcr \u201eVictory Disc\u201c) waren ein ganz eigenes Kapitel in der Geschichte des Jazz, der Klassik und Unterhaltungsmusik. W\u00e4hrend des sogenannten &#8222;recording ban\u201c in den USA von August 1942 bis November 1944 ( siehe dazu: https:\/\/de.wikipedia.org\/wiki\/Recording_ban ) sind dies die einzigen offiziell genehmigten Aufnahmen und Produktionen mit Instrumentalmusikern, die nur in einem ganz speziellen Rahmen hergestellt und ver\u00f6ffentlicht werden durften: n\u00e4mlich f\u00fcr die US-Armee in \u00dcbersee als &hellip;<\/p>\n","protected":false},"author":35,"featured_media":31857,"comment_status":"open","ping_status":"closed","sticky":false,"template":"","format":"standard","meta":{"_jetpack_memberships_contains_paid_content":false,"footnotes":"","jetpack_publicize_message":"","jetpack_publicize_feature_enabled":true,"jetpack_social_post_already_shared":true,"jetpack_social_options":{"image_generator_settings":{"template":"highway","default_image_id":0,"font":"","enabled":false},"version":2}},"categories":[1152],"tags":[5526,3982,1260,5527],"coauthors":[1602],"class_list":["post-31855","post","type-post","status-publish","format-standard","has-post-thumbnail","hentry","category-rezension","tag-classic-v-disc-small-group-jazz-sessions","tag-mosaic-records","tag-thomas-j-krebs","tag-v-disc"],"yoast_head":"<!-- This site is optimized with the Yoast SEO plugin v27.5 - https:\/\/yoast.com\/product\/yoast-seo-wordpress\/ -->\n<title>Mosaic Records: Classic V-DISC Small Group Jazz Sessions - JazzZeitung<\/title>\n<meta name=\"robots\" content=\"index, follow, max-snippet:-1, max-image-preview:large, max-video-preview:-1\" \/>\n<link rel=\"canonical\" href=\"https:\/\/www.jazzzeitung.de\/cms\/2024\/11\/mosaic-records-classic-v-disc-small-group-jazz-sessions\/\" \/>\n<meta property=\"og:locale\" content=\"de_DE\" \/>\n<meta property=\"og:type\" content=\"article\" \/>\n<meta property=\"og:title\" content=\"Mosaic Records: Classic V-DISC Small Group Jazz Sessions - JazzZeitung\" \/>\n<meta property=\"og:description\" content=\"Mosaic Records setzt seit nunmehr 42 Jahren Ma\u00dfst\u00e4be f\u00fcr Wiederver\u00f6ffentlichungen oder Entdeckungen im Jazz. Gegr\u00fcndet wurde das feine Jazzlabel 1982 von Michael Cuscuna und Charles Lourie. Anfang der 1980er-Jahre waren viele wichtige und richtungsweisende Jazzver\u00f6ffentlichungen vergriffen. Da kam Mosaic Records ins Spiel. In streng limitierter Auflage wurden so Perlen des Jazz wieder ver\u00f6ffentlicht. Neu gemastert, mit Alternative Takes sowie detaillierten Informationen und Fotos zu den Sessions. Bis heute unvergessen als Mosaic die verschollenen Charlie Parker Benedetti Sessions komplett auf 7 CDs \/ 10 LPs ver\u00f6ffentlichte. Nun hat das Label erneut einen Coup gelandet: auf 11 CDs liegen nun die Classic V-Disc Small Group Jazz Sessions in einer grandiosen Box mit einem umfangreichen Booklet vor. V-Discs Die sogenannten V-Discs (Abk\u00fcrzung f\u00fcr \u201eVictory Disc\u201c) waren ein ganz eigenes Kapitel in der Geschichte des Jazz, der Klassik und Unterhaltungsmusik. W\u00e4hrend des sogenannten &#8222;recording ban\u201c in den USA von August 1942 bis November 1944 ( siehe dazu: https:\/\/de.wikipedia.org\/wiki\/Recording_ban ) sind dies die einzigen offiziell genehmigten Aufnahmen und Produktionen mit Instrumentalmusikern, die nur in einem ganz speziellen Rahmen hergestellt und ver\u00f6ffentlicht werden durften: n\u00e4mlich f\u00fcr die US-Armee in \u00dcbersee als &hellip;\" \/>\n<meta property=\"og:url\" content=\"https:\/\/www.jazzzeitung.de\/cms\/2024\/11\/mosaic-records-classic-v-disc-small-group-jazz-sessions\/\" \/>\n<meta property=\"og:site_name\" content=\"JazzZeitung\" \/>\n<meta property=\"article:publisher\" content=\"https:\/\/www.facebook.com\/JazzZeitung\/\" \/>\n<meta property=\"article:published_time\" content=\"2024-11-07T11:01:05+00:00\" \/>\n<meta property=\"og:image\" content=\"https:\/\/www.jazzzeitung.de\/cms\/wp-content\/uploads\/2024\/11\/Paketaufkleber-V-Discs-scaled.jpg\" \/>\n\t<meta property=\"og:image:width\" content=\"2560\" \/>\n\t<meta property=\"og:image:height\" content=\"1833\" \/>\n\t<meta property=\"og:image:type\" content=\"image\/jpeg\" \/>\n<meta name=\"author\" content=\"Thomas J. Krebs\" \/>\n<script type=\"application\/ld+json\" class=\"yoast-schema-graph\">{\"@context\":\"https:\\\/\\\/schema.org\",\"@graph\":[{\"@type\":\"Article\",\"@id\":\"https:\\\/\\\/www.jazzzeitung.de\\\/cms\\\/2024\\\/11\\\/mosaic-records-classic-v-disc-small-group-jazz-sessions\\\/#article\",\"isPartOf\":{\"@id\":\"https:\\\/\\\/www.jazzzeitung.de\\\/cms\\\/2024\\\/11\\\/mosaic-records-classic-v-disc-small-group-jazz-sessions\\\/\"},\"author\":{\"name\":\"Thomas J. Krebs\",\"@id\":\"https:\\\/\\\/www.jazzzeitung.de\\\/cms\\\/#\\\/schema\\\/person\\\/ba94c5bbea92d014d6a3d1f0105daa18\"},\"headline\":\"Mosaic Records: Classic V-DISC Small Group Jazz Sessions\",\"datePublished\":\"2024-11-07T11:01:05+00:00\",\"mainEntityOfPage\":{\"@id\":\"https:\\\/\\\/www.jazzzeitung.de\\\/cms\\\/2024\\\/11\\\/mosaic-records-classic-v-disc-small-group-jazz-sessions\\\/\"},\"wordCount\":615,\"commentCount\":1,\"publisher\":{\"@id\":\"https:\\\/\\\/www.jazzzeitung.de\\\/cms\\\/#organization\"},\"image\":{\"@id\":\"https:\\\/\\\/www.jazzzeitung.de\\\/cms\\\/2024\\\/11\\\/mosaic-records-classic-v-disc-small-group-jazz-sessions\\\/#primaryimage\"},\"thumbnailUrl\":\"https:\\\/\\\/i0.wp.com\\\/www.jazzzeitung.de\\\/cms\\\/wp-content\\\/uploads\\\/2024\\\/11\\\/Paketaufkleber-V-Discs-scaled.jpg?fit=2560%2C1833&ssl=1\",\"keywords\":[\"Classic V-DISC Small Group Jazz Sessions\",\"MOSAIC Records\",\"Thomas J. Krebs\",\"V-Disc\"],\"articleSection\":[\"Rezension\"],\"inLanguage\":\"de\",\"potentialAction\":[{\"@type\":\"CommentAction\",\"name\":\"Comment\",\"target\":[\"https:\\\/\\\/www.jazzzeitung.de\\\/cms\\\/2024\\\/11\\\/mosaic-records-classic-v-disc-small-group-jazz-sessions\\\/#respond\"]}]},{\"@type\":\"WebPage\",\"@id\":\"https:\\\/\\\/www.jazzzeitung.de\\\/cms\\\/2024\\\/11\\\/mosaic-records-classic-v-disc-small-group-jazz-sessions\\\/\",\"url\":\"https:\\\/\\\/www.jazzzeitung.de\\\/cms\\\/2024\\\/11\\\/mosaic-records-classic-v-disc-small-group-jazz-sessions\\\/\",\"name\":\"Mosaic Records: Classic V-DISC Small Group Jazz Sessions - JazzZeitung\",\"isPartOf\":{\"@id\":\"https:\\\/\\\/www.jazzzeitung.de\\\/cms\\\/#website\"},\"primaryImageOfPage\":{\"@id\":\"https:\\\/\\\/www.jazzzeitung.de\\\/cms\\\/2024\\\/11\\\/mosaic-records-classic-v-disc-small-group-jazz-sessions\\\/#primaryimage\"},\"image\":{\"@id\":\"https:\\\/\\\/www.jazzzeitung.de\\\/cms\\\/2024\\\/11\\\/mosaic-records-classic-v-disc-small-group-jazz-sessions\\\/#primaryimage\"},\"thumbnailUrl\":\"https:\\\/\\\/i0.wp.com\\\/www.jazzzeitung.de\\\/cms\\\/wp-content\\\/uploads\\\/2024\\\/11\\\/Paketaufkleber-V-Discs-scaled.jpg?fit=2560%2C1833&ssl=1\",\"datePublished\":\"2024-11-07T11:01:05+00:00\",\"breadcrumb\":{\"@id\":\"https:\\\/\\\/www.jazzzeitung.de\\\/cms\\\/2024\\\/11\\\/mosaic-records-classic-v-disc-small-group-jazz-sessions\\\/#breadcrumb\"},\"inLanguage\":\"de\",\"potentialAction\":[{\"@type\":\"ReadAction\",\"target\":[\"https:\\\/\\\/www.jazzzeitung.de\\\/cms\\\/2024\\\/11\\\/mosaic-records-classic-v-disc-small-group-jazz-sessions\\\/\"]}]},{\"@type\":\"ImageObject\",\"inLanguage\":\"de\",\"@id\":\"https:\\\/\\\/www.jazzzeitung.de\\\/cms\\\/2024\\\/11\\\/mosaic-records-classic-v-disc-small-group-jazz-sessions\\\/#primaryimage\",\"url\":\"https:\\\/\\\/i0.wp.com\\\/www.jazzzeitung.de\\\/cms\\\/wp-content\\\/uploads\\\/2024\\\/11\\\/Paketaufkleber-V-Discs-scaled.jpg?fit=2560%2C1833&ssl=1\",\"contentUrl\":\"https:\\\/\\\/i0.wp.com\\\/www.jazzzeitung.de\\\/cms\\\/wp-content\\\/uploads\\\/2024\\\/11\\\/Paketaufkleber-V-Discs-scaled.jpg?fit=2560%2C1833&ssl=1\",\"width\":2560,\"height\":1833},{\"@type\":\"BreadcrumbList\",\"@id\":\"https:\\\/\\\/www.jazzzeitung.de\\\/cms\\\/2024\\\/11\\\/mosaic-records-classic-v-disc-small-group-jazz-sessions\\\/#breadcrumb\",\"itemListElement\":[{\"@type\":\"ListItem\",\"position\":1,\"name\":\"Startseite\",\"item\":\"https:\\\/\\\/www.jazzzeitung.de\\\/cms\\\/\"},{\"@type\":\"ListItem\",\"position\":2,\"name\":\"Mosaic Records: Classic V-DISC Small Group Jazz Sessions\"}]},{\"@type\":\"WebSite\",\"@id\":\"https:\\\/\\\/www.jazzzeitung.de\\\/cms\\\/#website\",\"url\":\"https:\\\/\\\/www.jazzzeitung.de\\\/cms\\\/\",\"name\":\"JazzZeitung\",\"description\":\"Jazz-News und Jazz-Kontroverses\",\"publisher\":{\"@id\":\"https:\\\/\\\/www.jazzzeitung.de\\\/cms\\\/#organization\"},\"potentialAction\":[{\"@type\":\"SearchAction\",\"target\":{\"@type\":\"EntryPoint\",\"urlTemplate\":\"https:\\\/\\\/www.jazzzeitung.de\\\/cms\\\/?s={search_term_string}\"},\"query-input\":{\"@type\":\"PropertyValueSpecification\",\"valueRequired\":true,\"valueName\":\"search_term_string\"}}],\"inLanguage\":\"de\"},{\"@type\":\"Organization\",\"@id\":\"https:\\\/\\\/www.jazzzeitung.de\\\/cms\\\/#organization\",\"name\":\"JazzZeitung online\",\"url\":\"https:\\\/\\\/www.jazzzeitung.de\\\/cms\\\/\",\"logo\":{\"@type\":\"ImageObject\",\"inLanguage\":\"de\",\"@id\":\"https:\\\/\\\/www.jazzzeitung.de\\\/cms\\\/#\\\/schema\\\/logo\\\/image\\\/\",\"url\":\"https:\\\/\\\/i0.wp.com\\\/www.jazzzeitung.de\\\/cms\\\/wp-content\\\/uploads\\\/2015\\\/08\\\/JAZZZEITUNGDE_Logo_Neu.png?fit=499%2C200&ssl=1\",\"contentUrl\":\"https:\\\/\\\/i0.wp.com\\\/www.jazzzeitung.de\\\/cms\\\/wp-content\\\/uploads\\\/2015\\\/08\\\/JAZZZEITUNGDE_Logo_Neu.png?fit=499%2C200&ssl=1\",\"width\":499,\"height\":200,\"caption\":\"JazzZeitung online\"},\"image\":{\"@id\":\"https:\\\/\\\/www.jazzzeitung.de\\\/cms\\\/#\\\/schema\\\/logo\\\/image\\\/\"},\"sameAs\":[\"https:\\\/\\\/www.facebook.com\\\/JazzZeitung\\\/\"]},{\"@type\":\"Person\",\"@id\":\"https:\\\/\\\/www.jazzzeitung.de\\\/cms\\\/#\\\/schema\\\/person\\\/ba94c5bbea92d014d6a3d1f0105daa18\",\"name\":\"Thomas J. Krebs\",\"image\":{\"@type\":\"ImageObject\",\"inLanguage\":\"de\",\"@id\":\"https:\\\/\\\/secure.gravatar.com\\\/avatar\\\/e362b221c114fbcde56be31a2eacbbab541308e5bf72f20d4519b16cdeb5c667?s=96&d=wp_user_avatar&r=ga12b8f4e2750c9ca30f9e22cab2177c6\",\"url\":\"https:\\\/\\\/secure.gravatar.com\\\/avatar\\\/e362b221c114fbcde56be31a2eacbbab541308e5bf72f20d4519b16cdeb5c667?s=96&d=wp_user_avatar&r=g\",\"contentUrl\":\"https:\\\/\\\/secure.gravatar.com\\\/avatar\\\/e362b221c114fbcde56be31a2eacbbab541308e5bf72f20d4519b16cdeb5c667?s=96&d=wp_user_avatar&r=g\",\"caption\":\"Thomas J. Krebs\"},\"url\":\"https:\\\/\\\/www.jazzzeitung.de\\\/cms\\\/author\\\/krebs\\\/\"}]}<\/script>\n<!-- \/ Yoast SEO plugin. -->","yoast_head_json":{"title":"Mosaic Records: Classic V-DISC Small Group Jazz Sessions - JazzZeitung","robots":{"index":"index","follow":"follow","max-snippet":"max-snippet:-1","max-image-preview":"max-image-preview:large","max-video-preview":"max-video-preview:-1"},"canonical":"https:\/\/www.jazzzeitung.de\/cms\/2024\/11\/mosaic-records-classic-v-disc-small-group-jazz-sessions\/","og_locale":"de_DE","og_type":"article","og_title":"Mosaic Records: Classic V-DISC Small Group Jazz Sessions - JazzZeitung","og_description":"Mosaic Records setzt seit nunmehr 42 Jahren Ma\u00dfst\u00e4be f\u00fcr Wiederver\u00f6ffentlichungen oder Entdeckungen im Jazz. Gegr\u00fcndet wurde das feine Jazzlabel 1982 von Michael Cuscuna und Charles Lourie. Anfang der 1980er-Jahre waren viele wichtige und richtungsweisende Jazzver\u00f6ffentlichungen vergriffen. Da kam Mosaic Records ins Spiel. In streng limitierter Auflage wurden so Perlen des Jazz wieder ver\u00f6ffentlicht. Neu gemastert, mit Alternative Takes sowie detaillierten Informationen und Fotos zu den Sessions. Bis heute unvergessen als Mosaic die verschollenen Charlie Parker Benedetti Sessions komplett auf 7 CDs \/ 10 LPs ver\u00f6ffentlichte. Nun hat das Label erneut einen Coup gelandet: auf 11 CDs liegen nun die Classic V-Disc Small Group Jazz Sessions in einer grandiosen Box mit einem umfangreichen Booklet vor. V-Discs Die sogenannten V-Discs (Abk\u00fcrzung f\u00fcr \u201eVictory Disc\u201c) waren ein ganz eigenes Kapitel in der Geschichte des Jazz, der Klassik und Unterhaltungsmusik. W\u00e4hrend des sogenannten &#8222;recording ban\u201c in den USA von August 1942 bis November 1944 ( siehe dazu: https:\/\/de.wikipedia.org\/wiki\/Recording_ban ) sind dies die einzigen offiziell genehmigten Aufnahmen und Produktionen mit Instrumentalmusikern, die nur in einem ganz speziellen Rahmen hergestellt und ver\u00f6ffentlicht werden durften: n\u00e4mlich f\u00fcr die US-Armee in \u00dcbersee als &hellip;","og_url":"https:\/\/www.jazzzeitung.de\/cms\/2024\/11\/mosaic-records-classic-v-disc-small-group-jazz-sessions\/","og_site_name":"JazzZeitung","article_publisher":"https:\/\/www.facebook.com\/JazzZeitung\/","article_published_time":"2024-11-07T11:01:05+00:00","og_image":[{"width":2560,"height":1833,"url":"https:\/\/www.jazzzeitung.de\/cms\/wp-content\/uploads\/2024\/11\/Paketaufkleber-V-Discs-scaled.jpg","type":"image\/jpeg"}],"author":"Thomas J. Krebs","schema":{"@context":"https:\/\/schema.org","@graph":[{"@type":"Article","@id":"https:\/\/www.jazzzeitung.de\/cms\/2024\/11\/mosaic-records-classic-v-disc-small-group-jazz-sessions\/#article","isPartOf":{"@id":"https:\/\/www.jazzzeitung.de\/cms\/2024\/11\/mosaic-records-classic-v-disc-small-group-jazz-sessions\/"},"author":{"name":"Thomas J. Krebs","@id":"https:\/\/www.jazzzeitung.de\/cms\/#\/schema\/person\/ba94c5bbea92d014d6a3d1f0105daa18"},"headline":"Mosaic Records: Classic V-DISC Small Group Jazz Sessions","datePublished":"2024-11-07T11:01:05+00:00","mainEntityOfPage":{"@id":"https:\/\/www.jazzzeitung.de\/cms\/2024\/11\/mosaic-records-classic-v-disc-small-group-jazz-sessions\/"},"wordCount":615,"commentCount":1,"publisher":{"@id":"https:\/\/www.jazzzeitung.de\/cms\/#organization"},"image":{"@id":"https:\/\/www.jazzzeitung.de\/cms\/2024\/11\/mosaic-records-classic-v-disc-small-group-jazz-sessions\/#primaryimage"},"thumbnailUrl":"https:\/\/i0.wp.com\/www.jazzzeitung.de\/cms\/wp-content\/uploads\/2024\/11\/Paketaufkleber-V-Discs-scaled.jpg?fit=2560%2C1833&ssl=1","keywords":["Classic V-DISC Small Group Jazz Sessions","MOSAIC Records","Thomas J. Krebs","V-Disc"],"articleSection":["Rezension"],"inLanguage":"de","potentialAction":[{"@type":"CommentAction","name":"Comment","target":["https:\/\/www.jazzzeitung.de\/cms\/2024\/11\/mosaic-records-classic-v-disc-small-group-jazz-sessions\/#respond"]}]},{"@type":"WebPage","@id":"https:\/\/www.jazzzeitung.de\/cms\/2024\/11\/mosaic-records-classic-v-disc-small-group-jazz-sessions\/","url":"https:\/\/www.jazzzeitung.de\/cms\/2024\/11\/mosaic-records-classic-v-disc-small-group-jazz-sessions\/","name":"Mosaic Records: Classic V-DISC Small Group Jazz Sessions - JazzZeitung","isPartOf":{"@id":"https:\/\/www.jazzzeitung.de\/cms\/#website"},"primaryImageOfPage":{"@id":"https:\/\/www.jazzzeitung.de\/cms\/2024\/11\/mosaic-records-classic-v-disc-small-group-jazz-sessions\/#primaryimage"},"image":{"@id":"https:\/\/www.jazzzeitung.de\/cms\/2024\/11\/mosaic-records-classic-v-disc-small-group-jazz-sessions\/#primaryimage"},"thumbnailUrl":"https:\/\/i0.wp.com\/www.jazzzeitung.de\/cms\/wp-content\/uploads\/2024\/11\/Paketaufkleber-V-Discs-scaled.jpg?fit=2560%2C1833&ssl=1","datePublished":"2024-11-07T11:01:05+00:00","breadcrumb":{"@id":"https:\/\/www.jazzzeitung.de\/cms\/2024\/11\/mosaic-records-classic-v-disc-small-group-jazz-sessions\/#breadcrumb"},"inLanguage":"de","potentialAction":[{"@type":"ReadAction","target":["https:\/\/www.jazzzeitung.de\/cms\/2024\/11\/mosaic-records-classic-v-disc-small-group-jazz-sessions\/"]}]},{"@type":"ImageObject","inLanguage":"de","@id":"https:\/\/www.jazzzeitung.de\/cms\/2024\/11\/mosaic-records-classic-v-disc-small-group-jazz-sessions\/#primaryimage","url":"https:\/\/i0.wp.com\/www.jazzzeitung.de\/cms\/wp-content\/uploads\/2024\/11\/Paketaufkleber-V-Discs-scaled.jpg?fit=2560%2C1833&ssl=1","contentUrl":"https:\/\/i0.wp.com\/www.jazzzeitung.de\/cms\/wp-content\/uploads\/2024\/11\/Paketaufkleber-V-Discs-scaled.jpg?fit=2560%2C1833&ssl=1","width":2560,"height":1833},{"@type":"BreadcrumbList","@id":"https:\/\/www.jazzzeitung.de\/cms\/2024\/11\/mosaic-records-classic-v-disc-small-group-jazz-sessions\/#breadcrumb","itemListElement":[{"@type":"ListItem","position":1,"name":"Startseite","item":"https:\/\/www.jazzzeitung.de\/cms\/"},{"@type":"ListItem","position":2,"name":"Mosaic Records: Classic V-DISC Small Group Jazz Sessions"}]},{"@type":"WebSite","@id":"https:\/\/www.jazzzeitung.de\/cms\/#website","url":"https:\/\/www.jazzzeitung.de\/cms\/","name":"JazzZeitung","description":"Jazz-News und Jazz-Kontroverses","publisher":{"@id":"https:\/\/www.jazzzeitung.de\/cms\/#organization"},"potentialAction":[{"@type":"SearchAction","target":{"@type":"EntryPoint","urlTemplate":"https:\/\/www.jazzzeitung.de\/cms\/?s={search_term_string}"},"query-input":{"@type":"PropertyValueSpecification","valueRequired":true,"valueName":"search_term_string"}}],"inLanguage":"de"},{"@type":"Organization","@id":"https:\/\/www.jazzzeitung.de\/cms\/#organization","name":"JazzZeitung online","url":"https:\/\/www.jazzzeitung.de\/cms\/","logo":{"@type":"ImageObject","inLanguage":"de","@id":"https:\/\/www.jazzzeitung.de\/cms\/#\/schema\/logo\/image\/","url":"https:\/\/i0.wp.com\/www.jazzzeitung.de\/cms\/wp-content\/uploads\/2015\/08\/JAZZZEITUNGDE_Logo_Neu.png?fit=499%2C200&ssl=1","contentUrl":"https:\/\/i0.wp.com\/www.jazzzeitung.de\/cms\/wp-content\/uploads\/2015\/08\/JAZZZEITUNGDE_Logo_Neu.png?fit=499%2C200&ssl=1","width":499,"height":200,"caption":"JazzZeitung online"},"image":{"@id":"https:\/\/www.jazzzeitung.de\/cms\/#\/schema\/logo\/image\/"},"sameAs":["https:\/\/www.facebook.com\/JazzZeitung\/"]},{"@type":"Person","@id":"https:\/\/www.jazzzeitung.de\/cms\/#\/schema\/person\/ba94c5bbea92d014d6a3d1f0105daa18","name":"Thomas J. Krebs","image":{"@type":"ImageObject","inLanguage":"de","@id":"https:\/\/secure.gravatar.com\/avatar\/e362b221c114fbcde56be31a2eacbbab541308e5bf72f20d4519b16cdeb5c667?s=96&d=wp_user_avatar&r=ga12b8f4e2750c9ca30f9e22cab2177c6","url":"https:\/\/secure.gravatar.com\/avatar\/e362b221c114fbcde56be31a2eacbbab541308e5bf72f20d4519b16cdeb5c667?s=96&d=wp_user_avatar&r=g","contentUrl":"https:\/\/secure.gravatar.com\/avatar\/e362b221c114fbcde56be31a2eacbbab541308e5bf72f20d4519b16cdeb5c667?s=96&d=wp_user_avatar&r=g","caption":"Thomas J. Krebs"},"url":"https:\/\/www.jazzzeitung.de\/cms\/author\/krebs\/"}]}},"wp-worthy-pixel":{"ignored":false,"public":null,"server":null,"url":null},"wp-worthy-type":"normal","jetpack_publicize_connections":[],"cc_featured_image_caption":{"caption_text":"","source_text":"","source_url":""},"jetpack_featured_media_url":"https:\/\/i0.wp.com\/www.jazzzeitung.de\/cms\/wp-content\/uploads\/2024\/11\/Paketaufkleber-V-Discs-scaled.jpg?fit=2560%2C1833&ssl=1","jetpack_shortlink":"https:\/\/wp.me\/p3KEcT-8hN","jetpack-related-posts":[{"id":33718,"url":"https:\/\/www.jazzzeitung.de\/cms\/2026\/03\/mosaic-records-classic-v-disc-big-band-jazz-sessions\/","url_meta":{"origin":31855,"position":0},"title":"Mosaic Records: Classic V-Disc Big Band Jazz Sessions","author":"Thomas J. Krebs","date":"6. M\u00e4rz 2026","format":false,"excerpt":"Nachdem das Label Mosaic Records vorletztes Jahr bereits eine 11-CD Box mit Classic V-Disc Small Group Jazz Sessions ver\u00f6ffentlicht hat (siehe dazu JazzZeitung vom 07.11.2024)\u00a0folgt nun der zweite Geniestreich mit den V-Disc Big Band Jazz Sessions auf 10 CDs. Auch diese Mosaic Box ist weltweit wieder auf 5.000 Exemplare limitiert.\u2026","rel":"","context":"In &quot;Rezension&quot;","block_context":{"text":"Rezension","link":"https:\/\/www.jazzzeitung.de\/cms\/thema\/rezension\/"},"img":{"alt_text":"","src":"https:\/\/i0.wp.com\/www.jazzzeitung.de\/cms\/wp-content\/uploads\/2026\/03\/Jimmy-Dorsey-scaled.jpg?fit=1200%2C946&ssl=1&resize=350%2C200","width":350,"height":200,"srcset":"https:\/\/i0.wp.com\/www.jazzzeitung.de\/cms\/wp-content\/uploads\/2026\/03\/Jimmy-Dorsey-scaled.jpg?fit=1200%2C946&ssl=1&resize=350%2C200 1x, https:\/\/i0.wp.com\/www.jazzzeitung.de\/cms\/wp-content\/uploads\/2026\/03\/Jimmy-Dorsey-scaled.jpg?fit=1200%2C946&ssl=1&resize=525%2C300 1.5x, https:\/\/i0.wp.com\/www.jazzzeitung.de\/cms\/wp-content\/uploads\/2026\/03\/Jimmy-Dorsey-scaled.jpg?fit=1200%2C946&ssl=1&resize=700%2C400 2x, https:\/\/i0.wp.com\/www.jazzzeitung.de\/cms\/wp-content\/uploads\/2026\/03\/Jimmy-Dorsey-scaled.jpg?fit=1200%2C946&ssl=1&resize=1050%2C600 3x"},"classes":[]},{"id":26790,"url":"https:\/\/www.jazzzeitung.de\/cms\/2022\/03\/mosaic-records-praesentiert-lennie-tristano-personal-recordings-1946-1970\/","url_meta":{"origin":31855,"position":1},"title":"Mosaic Records pr\u00e4sentiert: Lennie Tristano Personal Recordings 1946 &#8211; 1970","author":"Redaktion JazzZeitung","date":"2. M\u00e4rz 2022","format":false,"excerpt":"Das 1982 in Stamford von Michael Cuscuna & Charles Lourie gegr\u00fcndete Jazzlabel MOSAIC Records hat sich auf Wiederver\u00f6ffentlichungen vergriffener Aufnahmen, zum Teil verschollenen (unvergessen die Benedetti Charlie Parker Aufnahmen) oder bis dato unver\u00f6ffentlichtem Material spezialisiert. Da die Rechte der Aufnahmen in der Regel bei anderen Labels liegen, ist die Auflage\u2026","rel":"","context":"In &quot;News&quot;","block_context":{"text":"News","link":"https:\/\/www.jazzzeitung.de\/cms\/thema\/nachrichten\/"},"img":{"alt_text":"","src":"https:\/\/i0.wp.com\/www.jazzzeitung.de\/cms\/wp-content\/uploads\/2022\/03\/272-Tristano-Mini-4x4-Print.jpg?fit=1200%2C1200&ssl=1&resize=350%2C200","width":350,"height":200,"srcset":"https:\/\/i0.wp.com\/www.jazzzeitung.de\/cms\/wp-content\/uploads\/2022\/03\/272-Tristano-Mini-4x4-Print.jpg?fit=1200%2C1200&ssl=1&resize=350%2C200 1x, https:\/\/i0.wp.com\/www.jazzzeitung.de\/cms\/wp-content\/uploads\/2022\/03\/272-Tristano-Mini-4x4-Print.jpg?fit=1200%2C1200&ssl=1&resize=525%2C300 1.5x, https:\/\/i0.wp.com\/www.jazzzeitung.de\/cms\/wp-content\/uploads\/2022\/03\/272-Tristano-Mini-4x4-Print.jpg?fit=1200%2C1200&ssl=1&resize=700%2C400 2x, https:\/\/i0.wp.com\/www.jazzzeitung.de\/cms\/wp-content\/uploads\/2022\/03\/272-Tristano-Mini-4x4-Print.jpg?fit=1200%2C1200&ssl=1&resize=1050%2C600 3x"},"classes":[]},{"id":21990,"url":"https:\/\/www.jazzzeitung.de\/cms\/2020\/02\/samo-salamon-trio-als-beduerfnis-weck-anstalt\/","url_meta":{"origin":31855,"position":2},"title":"Samo \u0160alamon Trio als \u201eBed\u00fcrfnis-Weck-Anstalt\u201c","author":"Redaktion JazzZeitung","date":"21. Februar 2020","format":false,"excerpt":"Von Mathias B\u00e4umel. Zwei neue CDs, darauf ein- und dieselben drei Musiker, dieselben elf Kompositionen, aber verschieden instrumentiert: das ist das aktuelle Opus des Gitarristen und Komponisten Samo \u0160alamon aus Maribor in Slowenien. Der hatte schon seit vielen Jahren die Freunde des zeitgen\u00f6ssischen Jazz mit immer neuen und stets spannenden\u2026","rel":"","context":"In &quot;Rezension&quot;","block_context":{"text":"Rezension","link":"https:\/\/www.jazzzeitung.de\/cms\/thema\/rezension\/"},"img":{"alt_text":"","src":"https:\/\/i0.wp.com\/www.jazzzeitung.de\/cms\/wp-content\/uploads\/2020\/02\/salomon-scaled.jpg?fit=1200%2C801&ssl=1&resize=350%2C200","width":350,"height":200,"srcset":"https:\/\/i0.wp.com\/www.jazzzeitung.de\/cms\/wp-content\/uploads\/2020\/02\/salomon-scaled.jpg?fit=1200%2C801&ssl=1&resize=350%2C200 1x, https:\/\/i0.wp.com\/www.jazzzeitung.de\/cms\/wp-content\/uploads\/2020\/02\/salomon-scaled.jpg?fit=1200%2C801&ssl=1&resize=525%2C300 1.5x, https:\/\/i0.wp.com\/www.jazzzeitung.de\/cms\/wp-content\/uploads\/2020\/02\/salomon-scaled.jpg?fit=1200%2C801&ssl=1&resize=700%2C400 2x, https:\/\/i0.wp.com\/www.jazzzeitung.de\/cms\/wp-content\/uploads\/2020\/02\/salomon-scaled.jpg?fit=1200%2C801&ssl=1&resize=1050%2C600 3x"},"classes":[]},{"id":5986,"url":"https:\/\/www.jazzzeitung.de\/cms\/2015\/04\/fuller-sound-im-gasteig\/","url_meta":{"origin":31855,"position":3},"title":"Am International Jazz Day der UNESCO: Fuller Sound im Gasteig","author":"Redaktion JazzZeitung","date":"27. April 2015","format":false,"excerpt":"Am International Jazz Day der UNESCO am 30.4. konzertieren das Tia Fuller Quintet feat. Sean Jones und Claus Reichstaller sowie das U.M.P.A Jazz Orchestra der Hochschule mit St\u00fccken von Tia Fuller gemeinsam in der Black Box.Das Konzert wird einer der H\u00f6hepunkte der diesj\u00e4hrigen JAM:M Jazz Masters M\u00fcnchen sein.(Karten bei M\u00fcnchen\u2026","rel":"","context":"In &quot;News&quot;","block_context":{"text":"News","link":"https:\/\/www.jazzzeitung.de\/cms\/thema\/nachrichten\/"},"img":{"alt_text":"Tia Fuller Quintet feat. Sean Jones & U.M.P.A. Jazz Orchestra des Jazz Instituts der Hochschule f\u00fcr Musik und Theater Gesamtleitung: Claus Reichstaller Mit Tia Fuller, Sax Sean Jones, Trompete Shamie Royston, Piano Mimi Jones, Bass Rudy Royston, Drums","src":"https:\/\/i0.wp.com\/www.jazzzeitung.de\/cms\/wp-content\/uploads\/2015\/04\/Tia-Fuller-150x150.jpg?resize=350%2C200","width":350,"height":200},"classes":[]},{"id":24290,"url":"https:\/\/www.jazzzeitung.de\/cms\/2021\/01\/news-tv-tipp-blue-note-3sat-jazzahead-digital\/","url_meta":{"origin":31855,"position":4},"title":"+++ news +++ TV-Tipp Blue Note 3sat +++ jazzahead! digital +++","author":"Redaktion JazzZeitung","date":"21. Januar 2021","format":false,"excerpt":"+++ \"Blue Note Records - Beyond the Notes\": Dokumentarfilm \u00fcber das legend\u00e4re Jazzlabel +++ Das New Yorker Label Blue Note ist \u00fcber 80 Jahre alt und eine lebende Legende. Heute leitet Starproduzent Don Was das bedeutende Jazzlabel. In Sophie Hubers Dokumentarfilm \"Blue Note Records \u2013 Beyond the Notes\" (Schweiz 2018)\u2026","rel":"","context":"In &quot;News&quot;","block_context":{"text":"News","link":"https:\/\/www.jazzzeitung.de\/cms\/thema\/nachrichten\/"},"img":{"alt_text":"","src":"https:\/\/i0.wp.com\/www.jazzzeitung.de\/cms\/wp-content\/uploads\/2021\/01\/shorte-scaled.jpg?fit=1200%2C676&ssl=1&resize=350%2C200","width":350,"height":200,"srcset":"https:\/\/i0.wp.com\/www.jazzzeitung.de\/cms\/wp-content\/uploads\/2021\/01\/shorte-scaled.jpg?fit=1200%2C676&ssl=1&resize=350%2C200 1x, https:\/\/i0.wp.com\/www.jazzzeitung.de\/cms\/wp-content\/uploads\/2021\/01\/shorte-scaled.jpg?fit=1200%2C676&ssl=1&resize=525%2C300 1.5x, https:\/\/i0.wp.com\/www.jazzzeitung.de\/cms\/wp-content\/uploads\/2021\/01\/shorte-scaled.jpg?fit=1200%2C676&ssl=1&resize=700%2C400 2x, https:\/\/i0.wp.com\/www.jazzzeitung.de\/cms\/wp-content\/uploads\/2021\/01\/shorte-scaled.jpg?fit=1200%2C676&ssl=1&resize=1050%2C600 3x"},"classes":[]},{"id":15365,"url":"https:\/\/www.jazzzeitung.de\/cms\/2018\/03\/cd-rezension-boris-bell-sacred-drums\/","url_meta":{"origin":31855,"position":5},"title":"CD-Rezension: Boris Bell \u2013 Sacred Drums","author":"Redaktion JazzZeitung","date":"23. M\u00e4rz 2018","format":false,"excerpt":"Hinh\u00f6r-Musik mit dem Gestus der Weisheit: Boris Bell ver\u00f6ffentlicht seine Solo-Platte \u00bbSacred Drums\u00ab auf EJK-Records Schlagzeug-Soli gibt es im Jazz schier unendlich viele. Langspielplatten oder CDs mit ausschlie\u00dflich solchen Soli, meist aus verschiedenen Aufnahmen zusammengestellt, schon deutlich weniger. Und noch seltener solche, die direkt als Perkussions-Solo-Platten konzipiert sind. Von Klassikern\u2026","rel":"","context":"In &quot;News&quot;","block_context":{"text":"News","link":"https:\/\/www.jazzzeitung.de\/cms\/thema\/nachrichten\/"},"img":{"alt_text":"","src":"https:\/\/i0.wp.com\/www.jazzzeitung.de\/cms\/wp-content\/uploads\/2018\/03\/Cover-mit-wei%C3%9F-e1510825247737-3.jpg?fit=995%2C679&ssl=1&resize=350%2C200","width":350,"height":200,"srcset":"https:\/\/i0.wp.com\/www.jazzzeitung.de\/cms\/wp-content\/uploads\/2018\/03\/Cover-mit-wei%C3%9F-e1510825247737-3.jpg?fit=995%2C679&ssl=1&resize=350%2C200 1x, https:\/\/i0.wp.com\/www.jazzzeitung.de\/cms\/wp-content\/uploads\/2018\/03\/Cover-mit-wei%C3%9F-e1510825247737-3.jpg?fit=995%2C679&ssl=1&resize=525%2C300 1.5x, https:\/\/i0.wp.com\/www.jazzzeitung.de\/cms\/wp-content\/uploads\/2018\/03\/Cover-mit-wei%C3%9F-e1510825247737-3.jpg?fit=995%2C679&ssl=1&resize=700%2C400 2x"},"classes":[]}],"jetpack_sharing_enabled":true,"_links":{"self":[{"href":"https:\/\/www.jazzzeitung.de\/cms\/wp-json\/wp\/v2\/posts\/31855","targetHints":{"allow":["GET"]}}],"collection":[{"href":"https:\/\/www.jazzzeitung.de\/cms\/wp-json\/wp\/v2\/posts"}],"about":[{"href":"https:\/\/www.jazzzeitung.de\/cms\/wp-json\/wp\/v2\/types\/post"}],"author":[{"embeddable":true,"href":"https:\/\/www.jazzzeitung.de\/cms\/wp-json\/wp\/v2\/users\/35"}],"replies":[{"embeddable":true,"href":"https:\/\/www.jazzzeitung.de\/cms\/wp-json\/wp\/v2\/comments?post=31855"}],"version-history":[{"count":1,"href":"https:\/\/www.jazzzeitung.de\/cms\/wp-json\/wp\/v2\/posts\/31855\/revisions"}],"predecessor-version":[{"id":31860,"href":"https:\/\/www.jazzzeitung.de\/cms\/wp-json\/wp\/v2\/posts\/31855\/revisions\/31860"}],"wp:featuredmedia":[{"embeddable":true,"href":"https:\/\/www.jazzzeitung.de\/cms\/wp-json\/wp\/v2\/media\/31857"}],"wp:attachment":[{"href":"https:\/\/www.jazzzeitung.de\/cms\/wp-json\/wp\/v2\/media?parent=31855"}],"wp:term":[{"taxonomy":"category","embeddable":true,"href":"https:\/\/www.jazzzeitung.de\/cms\/wp-json\/wp\/v2\/categories?post=31855"},{"taxonomy":"post_tag","embeddable":true,"href":"https:\/\/www.jazzzeitung.de\/cms\/wp-json\/wp\/v2\/tags?post=31855"},{"taxonomy":"author","embeddable":true,"href":"https:\/\/www.jazzzeitung.de\/cms\/wp-json\/wp\/v2\/coauthors?post=31855"}],"curies":[{"name":"wp","href":"https:\/\/api.w.org\/{rel}","templated":true}]}}