{"id":31835,"date":"2024-11-08T06:50:43","date_gmt":"2024-11-08T05:50:43","guid":{"rendered":"https:\/\/www.jazzzeitung.de\/cms\/?p=31835"},"modified":"2024-11-06T09:55:50","modified_gmt":"2024-11-06T08:55:50","slug":"jan-garbarek-group-bei-den-ingolstaedter-jazztagen","status":"publish","type":"post","link":"https:\/\/www.jazzzeitung.de\/cms\/2024\/11\/jan-garbarek-group-bei-den-ingolstaedter-jazztagen\/","title":{"rendered":"Jan Garbarek Group bei den Ingolst\u00e4dter Jazztagen"},"content":{"rendered":"<p>(Von Thomas J. Krebs) Die Ingolst\u00e4dter Jazztage sind eine \u00fcber die Jahre gewachsene, feste Institution und nicht zuletzt das musikalische Aush\u00e4ngeschild der Stadt. Seit 41 Jahren findet dieses vielseitige und abwechslungsreiche Jazzfest mit nationalen Acts, Geheimtipps, Newcomern, vor allem aber auch den gro\u00dfen Namen des Jazz statt. Nachdem der bisherige k\u00fcnstlerische Leiter Jan Rottau nach 27 Jahren mit der 40. Ausgabe der Ingolst\u00e4dter Jazztage verabschiedet wurde, folgt auf ihn, prominent besetzt, der Schlagzeuger Wolfgang Haffner. Ihm wurde f\u00fcr die kommenden beiden Jahre die Leitung des Festivals \u00fcbertragen.<\/p>\n<p>Viel Ver\u00e4nderung gibt es bisher &#8211; zum Gl\u00fcck &#8211; nicht. Der Ingolst\u00e4dter Jazzf\u00f6rderpreis, die Veranstaltungen Jazz in der Kirche, Jazz in den Kneipen, Jazzgottesdienst, F\u00f6rderpreis des bayerischen Jazz Verbands, Jazz for Kids oder die Jazzparty sind weiterhin gesetzt. In diesen Zeiten keine Selbstverst\u00e4ndlichkeit, wenn alles auf den Pr\u00fcfstand kommt und \u00fcberdacht wird. Die Ingolst\u00e4dter Jazztage lassen die Herzen der Jazzfans auch dieses Jahr wieder h\u00f6her schlagen.<\/p>\n<h3>Langj\u00e4hrige Weggef\u00e4hrten<\/h3>\n<p>Jan Garbarek macht sich zum Gl\u00fcck nur mit seinen Ver\u00f6ffentlichungen auf Tontr\u00e4gern rar. Seine letztes offizielles Album unter eigenem Namen bei ECM war die 2007 aufgenommene und 2009 erschienene Live CD \u201cDresden\u201c. Die Jan Garbarek Group spielte am vergangenen Dienstag im Festsaal des voll besetzten Stadttheaters Ingolstadt. Mit seinen langj\u00e4hrigen Weggef\u00e4hrten, dem Pianisten Rainer Br\u00fcninghaus, Bassist Yuri Daniel sowie dem Perkussionisten und Rhythmusmagier Trilok Gurtu begeisterte Jan Garbarek von der ersten Minute an sein Publikum.<\/p>\n<p><a href=\"https:\/\/i0.wp.com\/www.jazzzeitung.de\/cms\/wp-content\/uploads\/2024\/11\/Collage-Garbarek-Group-Foto-TJ-Krebs.jpg?ssl=1\"><img data-recalc-dims=\"1\" loading=\"lazy\" decoding=\"async\" data-attachment-id=\"31836\" data-permalink=\"https:\/\/www.jazzzeitung.de\/cms\/2024\/11\/jan-garbarek-group-bei-den-ingolstaedter-jazztagen\/collage-garbarek-group-foto-tj-krebs\/\" data-orig-file=\"https:\/\/i0.wp.com\/www.jazzzeitung.de\/cms\/wp-content\/uploads\/2024\/11\/Collage-Garbarek-Group-Foto-TJ-Krebs.jpg?fit=1800%2C1350&amp;ssl=1\" data-orig-size=\"1800,1350\" data-comments-opened=\"1\" data-image-meta=\"{&quot;aperture&quot;:&quot;0&quot;,&quot;credit&quot;:&quot;&quot;,&quot;camera&quot;:&quot;&quot;,&quot;caption&quot;:&quot;&quot;,&quot;created_timestamp&quot;:&quot;0&quot;,&quot;copyright&quot;:&quot;&quot;,&quot;focal_length&quot;:&quot;0&quot;,&quot;iso&quot;:&quot;0&quot;,&quot;shutter_speed&quot;:&quot;0&quot;,&quot;title&quot;:&quot;&quot;,&quot;orientation&quot;:&quot;0&quot;}\" data-image-title=\"Collage Garbarek Group &amp;#8211; Foto TJ Krebs\" data-image-description=\"\" data-image-caption=\"\" data-large-file=\"https:\/\/i0.wp.com\/www.jazzzeitung.de\/cms\/wp-content\/uploads\/2024\/11\/Collage-Garbarek-Group-Foto-TJ-Krebs.jpg?fit=800%2C600&amp;ssl=1\" class=\"aligncenter size-full wp-image-31836\" src=\"https:\/\/i0.wp.com\/www.jazzzeitung.de\/cms\/wp-content\/uploads\/2024\/11\/Collage-Garbarek-Group-Foto-TJ-Krebs.jpg?resize=840%2C630&#038;ssl=1\" alt=\"\" width=\"840\" height=\"630\" srcset=\"https:\/\/i0.wp.com\/www.jazzzeitung.de\/cms\/wp-content\/uploads\/2024\/11\/Collage-Garbarek-Group-Foto-TJ-Krebs.jpg?w=1800&amp;ssl=1 1800w, https:\/\/i0.wp.com\/www.jazzzeitung.de\/cms\/wp-content\/uploads\/2024\/11\/Collage-Garbarek-Group-Foto-TJ-Krebs.jpg?resize=300%2C225&amp;ssl=1 300w, https:\/\/i0.wp.com\/www.jazzzeitung.de\/cms\/wp-content\/uploads\/2024\/11\/Collage-Garbarek-Group-Foto-TJ-Krebs.jpg?resize=800%2C600&amp;ssl=1 800w, https:\/\/i0.wp.com\/www.jazzzeitung.de\/cms\/wp-content\/uploads\/2024\/11\/Collage-Garbarek-Group-Foto-TJ-Krebs.jpg?resize=768%2C576&amp;ssl=1 768w, https:\/\/i0.wp.com\/www.jazzzeitung.de\/cms\/wp-content\/uploads\/2024\/11\/Collage-Garbarek-Group-Foto-TJ-Krebs.jpg?resize=1536%2C1152&amp;ssl=1 1536w, https:\/\/i0.wp.com\/www.jazzzeitung.de\/cms\/wp-content\/uploads\/2024\/11\/Collage-Garbarek-Group-Foto-TJ-Krebs.jpg?resize=1320%2C990&amp;ssl=1 1320w, https:\/\/i0.wp.com\/www.jazzzeitung.de\/cms\/wp-content\/uploads\/2024\/11\/Collage-Garbarek-Group-Foto-TJ-Krebs.jpg?w=1680&amp;ssl=1 1680w\" sizes=\"auto, (max-width: 840px) 100vw, 840px\" \/><\/a><\/p>\n<p>Sein Sound ist auch nach Jahrzehnten einzigartig und mitrei\u00dfend. Daran gibt es absolut nichts auszusetzen! Frisch und unverwechselbar pr\u00e4sentierte die Garbarek Group nordischen Jazz vom Feinsten mit Platz f\u00fcr Improvisation und beseelten Soli. Garbarek bot seinen Mitstreitern den Raum, musikalische Botschaften vor allem solo auszuf\u00fchren. Garbarek dabei im Hintergrund, wie auch die anderen Musiker, w\u00e4hrend sie abwechselnd ihre Soli zu Geh\u00f6r brachten. Yuri Daniel \u00fcberzeugte mit seinem abwechslungsreichen Spiel auf dem 5-saitigen Fretless Bass. Rainer Br\u00fcninghaus, wie gewohnt eher zur\u00fcckhaltend auftretend, legt ein mehr als grandioses Solo hin, beginnend mit Neoklassik Elementen, um im n\u00e4chsten Moment zu einem groovigen Blues \u00fcberzuleiten, freie Elemente folgten dann noch auf eine Stride-Piano Einlage \u2013 sensationell! Trilok Gurtu bot eine Percussions-Vielfalt die ihresgleichen sucht und \u00fcberzeugte auch im Duo mit Jan Garbarek. Das w\u00e4re \u00fcbrigens ein au\u00dferordentlich interessantes Projekt f\u00fcr eine Ver\u00f6ffentlichung!<\/p>\n<h3>Standing Ovations<\/h3>\n<p>Nach 120 Minuten am Schluss des Konzertes Standing Ovations und als Zugabe folgte Garbareks wunderbares \u201ePygmy Lullaby\u201c. Alles in allem &#8211; nomen est omen &#8211; ein erstklassiges Grand Concert. Man muss schon im Vorwege ausloten welche K\u00fcnstler in Ingolstadt zu den Jazztagen passen und auch das Publikum ansprechen. Das Konzert mit der Jan Garbarek Group war wieder einmal ein absolutes Highlight!<\/p>\n<p>Text &amp; Fotos: Thomas J. Krebs<\/p>\n<p>&nbsp;<\/p>\n<p>Text &amp; Fotos: Thomas J. Krebs<\/p>\n","protected":false},"excerpt":{"rendered":"<p>(Von Thomas J. Krebs) Die Ingolst\u00e4dter Jazztage sind eine \u00fcber die Jahre gewachsene, feste Institution und nicht zuletzt das musikalische Aush\u00e4ngeschild der Stadt. Seit 41 Jahren findet dieses vielseitige und abwechslungsreiche Jazzfest mit nationalen Acts, Geheimtipps, Newcomern, vor allem aber auch den gro\u00dfen Namen des Jazz statt. Nachdem der bisherige k\u00fcnstlerische Leiter Jan Rottau nach 27 Jahren mit der 40. Ausgabe der Ingolst\u00e4dter Jazztage verabschiedet wurde, folgt auf ihn, prominent besetzt, der Schlagzeuger Wolfgang Haffner. Ihm wurde f\u00fcr die kommenden beiden Jahre die Leitung des Festivals \u00fcbertragen. Viel Ver\u00e4nderung gibt es bisher &#8211; zum Gl\u00fcck &#8211; nicht. Der Ingolst\u00e4dter Jazzf\u00f6rderpreis, die Veranstaltungen Jazz in der Kirche, Jazz in den Kneipen, Jazzgottesdienst, F\u00f6rderpreis des bayerischen Jazz Verbands, Jazz for Kids oder die Jazzparty sind weiterhin gesetzt. In diesen Zeiten keine Selbstverst\u00e4ndlichkeit, wenn alles auf den Pr\u00fcfstand kommt und \u00fcberdacht wird. Die Ingolst\u00e4dter Jazztage lassen die Herzen der Jazzfans auch dieses Jahr wieder h\u00f6her schlagen. Langj\u00e4hrige Weggef\u00e4hrten Jan Garbarek macht sich zum Gl\u00fcck nur mit seinen Ver\u00f6ffentlichungen auf Tontr\u00e4gern rar. Seine letztes offizielles Album unter eigenem Namen bei ECM war die 2007 aufgenommene und 2009 erschienene Live &hellip;<\/p>\n","protected":false},"author":18,"featured_media":31837,"comment_status":"open","ping_status":"closed","sticky":false,"template":"","format":"standard","meta":{"_jetpack_memberships_contains_paid_content":false,"footnotes":"","jetpack_publicize_message":"","jetpack_publicize_feature_enabled":true,"jetpack_social_post_already_shared":true,"jetpack_social_options":{"image_generator_settings":{"template":"highway","default_image_id":0,"font":"","enabled":false},"version":2}},"categories":[1053],"tags":[1197,3840,683,5517,294,2861,1260],"coauthors":[695],"class_list":["post-31835","post","type-post","status-publish","format-standard","has-post-thumbnail","hentry","category-bericht","tag-bericht","tag-ingolstaedter-jazztage","tag-jan-garbarek","tag-jan-garbarek-group","tag-jazzzeitung","tag-jazzzeitung-de","tag-thomas-j-krebs"],"yoast_head":"<!-- This site is optimized with the Yoast SEO plugin v27.5 - https:\/\/yoast.com\/product\/yoast-seo-wordpress\/ -->\n<title>Jan Garbarek Group bei den Ingolst\u00e4dter Jazztagen - JazzZeitung<\/title>\n<meta name=\"robots\" content=\"index, follow, max-snippet:-1, max-image-preview:large, max-video-preview:-1\" \/>\n<link rel=\"canonical\" href=\"https:\/\/www.jazzzeitung.de\/cms\/2024\/11\/jan-garbarek-group-bei-den-ingolstaedter-jazztagen\/\" \/>\n<meta property=\"og:locale\" content=\"de_DE\" \/>\n<meta property=\"og:type\" content=\"article\" \/>\n<meta property=\"og:title\" content=\"Jan Garbarek Group bei den Ingolst\u00e4dter Jazztagen - JazzZeitung\" \/>\n<meta property=\"og:description\" content=\"(Von Thomas J. Krebs) Die Ingolst\u00e4dter Jazztage sind eine \u00fcber die Jahre gewachsene, feste Institution und nicht zuletzt das musikalische Aush\u00e4ngeschild der Stadt. Seit 41 Jahren findet dieses vielseitige und abwechslungsreiche Jazzfest mit nationalen Acts, Geheimtipps, Newcomern, vor allem aber auch den gro\u00dfen Namen des Jazz statt. Nachdem der bisherige k\u00fcnstlerische Leiter Jan Rottau nach 27 Jahren mit der 40. Ausgabe der Ingolst\u00e4dter Jazztage verabschiedet wurde, folgt auf ihn, prominent besetzt, der Schlagzeuger Wolfgang Haffner. Ihm wurde f\u00fcr die kommenden beiden Jahre die Leitung des Festivals \u00fcbertragen. Viel Ver\u00e4nderung gibt es bisher &#8211; zum Gl\u00fcck &#8211; nicht. Der Ingolst\u00e4dter Jazzf\u00f6rderpreis, die Veranstaltungen Jazz in der Kirche, Jazz in den Kneipen, Jazzgottesdienst, F\u00f6rderpreis des bayerischen Jazz Verbands, Jazz for Kids oder die Jazzparty sind weiterhin gesetzt. In diesen Zeiten keine Selbstverst\u00e4ndlichkeit, wenn alles auf den Pr\u00fcfstand kommt und \u00fcberdacht wird. Die Ingolst\u00e4dter Jazztage lassen die Herzen der Jazzfans auch dieses Jahr wieder h\u00f6her schlagen. Langj\u00e4hrige Weggef\u00e4hrten Jan Garbarek macht sich zum Gl\u00fcck nur mit seinen Ver\u00f6ffentlichungen auf Tontr\u00e4gern rar. Seine letztes offizielles Album unter eigenem Namen bei ECM war die 2007 aufgenommene und 2009 erschienene Live &hellip;\" \/>\n<meta property=\"og:url\" content=\"https:\/\/www.jazzzeitung.de\/cms\/2024\/11\/jan-garbarek-group-bei-den-ingolstaedter-jazztagen\/\" \/>\n<meta property=\"og:site_name\" content=\"JazzZeitung\" \/>\n<meta property=\"article:publisher\" content=\"https:\/\/www.facebook.com\/JazzZeitung\/\" \/>\n<meta property=\"article:published_time\" content=\"2024-11-08T05:50:43+00:00\" \/>\n<meta property=\"og:image\" content=\"https:\/\/i0.wp.com\/www.jazzzeitung.de\/cms\/wp-content\/uploads\/2024\/11\/P1378356-Jan-Garbarek-Group-Foto-TJ-Krebs.jpg?fit=1200%2C799&ssl=1\" \/>\n\t<meta property=\"og:image:width\" content=\"1200\" \/>\n\t<meta property=\"og:image:height\" content=\"799\" \/>\n\t<meta property=\"og:image:type\" content=\"image\/jpeg\" \/>\n<meta name=\"author\" content=\"Redaktion JazzZeitung\" \/>\n<script type=\"application\/ld+json\" class=\"yoast-schema-graph\">{\"@context\":\"https:\\\/\\\/schema.org\",\"@graph\":[{\"@type\":\"Article\",\"@id\":\"https:\\\/\\\/www.jazzzeitung.de\\\/cms\\\/2024\\\/11\\\/jan-garbarek-group-bei-den-ingolstaedter-jazztagen\\\/#article\",\"isPartOf\":{\"@id\":\"https:\\\/\\\/www.jazzzeitung.de\\\/cms\\\/2024\\\/11\\\/jan-garbarek-group-bei-den-ingolstaedter-jazztagen\\\/\"},\"author\":{\"name\":\"Redaktion JazzZeitung\",\"@id\":\"https:\\\/\\\/www.jazzzeitung.de\\\/cms\\\/#\\\/schema\\\/person\\\/2245b36b9cd1d24cea10f01c031fb92b\"},\"headline\":\"Jan Garbarek Group bei den Ingolst\u00e4dter Jazztagen\",\"datePublished\":\"2024-11-08T05:50:43+00:00\",\"mainEntityOfPage\":{\"@id\":\"https:\\\/\\\/www.jazzzeitung.de\\\/cms\\\/2024\\\/11\\\/jan-garbarek-group-bei-den-ingolstaedter-jazztagen\\\/\"},\"wordCount\":482,\"commentCount\":0,\"publisher\":{\"@id\":\"https:\\\/\\\/www.jazzzeitung.de\\\/cms\\\/#organization\"},\"image\":{\"@id\":\"https:\\\/\\\/www.jazzzeitung.de\\\/cms\\\/2024\\\/11\\\/jan-garbarek-group-bei-den-ingolstaedter-jazztagen\\\/#primaryimage\"},\"thumbnailUrl\":\"https:\\\/\\\/i0.wp.com\\\/www.jazzzeitung.de\\\/cms\\\/wp-content\\\/uploads\\\/2024\\\/11\\\/P1378356-Jan-Garbarek-Group-Foto-TJ-Krebs.jpg?fit=1200%2C799&ssl=1\",\"keywords\":[\"Bericht\",\"Ingolst\u00e4dter Jazztage\",\"Jan Garbarek\",\"Jan Garbarek Group\",\"Jazzzeitung\",\"JazzZeitung.de\",\"Thomas J. Krebs\"],\"articleSection\":[\"Bericht\"],\"inLanguage\":\"de\",\"potentialAction\":[{\"@type\":\"CommentAction\",\"name\":\"Comment\",\"target\":[\"https:\\\/\\\/www.jazzzeitung.de\\\/cms\\\/2024\\\/11\\\/jan-garbarek-group-bei-den-ingolstaedter-jazztagen\\\/#respond\"]}]},{\"@type\":\"WebPage\",\"@id\":\"https:\\\/\\\/www.jazzzeitung.de\\\/cms\\\/2024\\\/11\\\/jan-garbarek-group-bei-den-ingolstaedter-jazztagen\\\/\",\"url\":\"https:\\\/\\\/www.jazzzeitung.de\\\/cms\\\/2024\\\/11\\\/jan-garbarek-group-bei-den-ingolstaedter-jazztagen\\\/\",\"name\":\"Jan Garbarek Group bei den Ingolst\u00e4dter Jazztagen - JazzZeitung\",\"isPartOf\":{\"@id\":\"https:\\\/\\\/www.jazzzeitung.de\\\/cms\\\/#website\"},\"primaryImageOfPage\":{\"@id\":\"https:\\\/\\\/www.jazzzeitung.de\\\/cms\\\/2024\\\/11\\\/jan-garbarek-group-bei-den-ingolstaedter-jazztagen\\\/#primaryimage\"},\"image\":{\"@id\":\"https:\\\/\\\/www.jazzzeitung.de\\\/cms\\\/2024\\\/11\\\/jan-garbarek-group-bei-den-ingolstaedter-jazztagen\\\/#primaryimage\"},\"thumbnailUrl\":\"https:\\\/\\\/i0.wp.com\\\/www.jazzzeitung.de\\\/cms\\\/wp-content\\\/uploads\\\/2024\\\/11\\\/P1378356-Jan-Garbarek-Group-Foto-TJ-Krebs.jpg?fit=1200%2C799&ssl=1\",\"datePublished\":\"2024-11-08T05:50:43+00:00\",\"breadcrumb\":{\"@id\":\"https:\\\/\\\/www.jazzzeitung.de\\\/cms\\\/2024\\\/11\\\/jan-garbarek-group-bei-den-ingolstaedter-jazztagen\\\/#breadcrumb\"},\"inLanguage\":\"de\",\"potentialAction\":[{\"@type\":\"ReadAction\",\"target\":[\"https:\\\/\\\/www.jazzzeitung.de\\\/cms\\\/2024\\\/11\\\/jan-garbarek-group-bei-den-ingolstaedter-jazztagen\\\/\"]}]},{\"@type\":\"ImageObject\",\"inLanguage\":\"de\",\"@id\":\"https:\\\/\\\/www.jazzzeitung.de\\\/cms\\\/2024\\\/11\\\/jan-garbarek-group-bei-den-ingolstaedter-jazztagen\\\/#primaryimage\",\"url\":\"https:\\\/\\\/i0.wp.com\\\/www.jazzzeitung.de\\\/cms\\\/wp-content\\\/uploads\\\/2024\\\/11\\\/P1378356-Jan-Garbarek-Group-Foto-TJ-Krebs.jpg?fit=1200%2C799&ssl=1\",\"contentUrl\":\"https:\\\/\\\/i0.wp.com\\\/www.jazzzeitung.de\\\/cms\\\/wp-content\\\/uploads\\\/2024\\\/11\\\/P1378356-Jan-Garbarek-Group-Foto-TJ-Krebs.jpg?fit=1200%2C799&ssl=1\",\"width\":1200,\"height\":799},{\"@type\":\"BreadcrumbList\",\"@id\":\"https:\\\/\\\/www.jazzzeitung.de\\\/cms\\\/2024\\\/11\\\/jan-garbarek-group-bei-den-ingolstaedter-jazztagen\\\/#breadcrumb\",\"itemListElement\":[{\"@type\":\"ListItem\",\"position\":1,\"name\":\"Startseite\",\"item\":\"https:\\\/\\\/www.jazzzeitung.de\\\/cms\\\/\"},{\"@type\":\"ListItem\",\"position\":2,\"name\":\"Jan Garbarek Group bei den Ingolst\u00e4dter Jazztagen\"}]},{\"@type\":\"WebSite\",\"@id\":\"https:\\\/\\\/www.jazzzeitung.de\\\/cms\\\/#website\",\"url\":\"https:\\\/\\\/www.jazzzeitung.de\\\/cms\\\/\",\"name\":\"JazzZeitung\",\"description\":\"Jazz-News und Jazz-Kontroverses\",\"publisher\":{\"@id\":\"https:\\\/\\\/www.jazzzeitung.de\\\/cms\\\/#organization\"},\"potentialAction\":[{\"@type\":\"SearchAction\",\"target\":{\"@type\":\"EntryPoint\",\"urlTemplate\":\"https:\\\/\\\/www.jazzzeitung.de\\\/cms\\\/?s={search_term_string}\"},\"query-input\":{\"@type\":\"PropertyValueSpecification\",\"valueRequired\":true,\"valueName\":\"search_term_string\"}}],\"inLanguage\":\"de\"},{\"@type\":\"Organization\",\"@id\":\"https:\\\/\\\/www.jazzzeitung.de\\\/cms\\\/#organization\",\"name\":\"JazzZeitung online\",\"url\":\"https:\\\/\\\/www.jazzzeitung.de\\\/cms\\\/\",\"logo\":{\"@type\":\"ImageObject\",\"inLanguage\":\"de\",\"@id\":\"https:\\\/\\\/www.jazzzeitung.de\\\/cms\\\/#\\\/schema\\\/logo\\\/image\\\/\",\"url\":\"https:\\\/\\\/i0.wp.com\\\/www.jazzzeitung.de\\\/cms\\\/wp-content\\\/uploads\\\/2015\\\/08\\\/JAZZZEITUNGDE_Logo_Neu.png?fit=499%2C200&ssl=1\",\"contentUrl\":\"https:\\\/\\\/i0.wp.com\\\/www.jazzzeitung.de\\\/cms\\\/wp-content\\\/uploads\\\/2015\\\/08\\\/JAZZZEITUNGDE_Logo_Neu.png?fit=499%2C200&ssl=1\",\"width\":499,\"height\":200,\"caption\":\"JazzZeitung online\"},\"image\":{\"@id\":\"https:\\\/\\\/www.jazzzeitung.de\\\/cms\\\/#\\\/schema\\\/logo\\\/image\\\/\"},\"sameAs\":[\"https:\\\/\\\/www.facebook.com\\\/JazzZeitung\\\/\"]},{\"@type\":\"Person\",\"@id\":\"https:\\\/\\\/www.jazzzeitung.de\\\/cms\\\/#\\\/schema\\\/person\\\/2245b36b9cd1d24cea10f01c031fb92b\",\"name\":\"Redaktion JazzZeitung\",\"image\":{\"@type\":\"ImageObject\",\"inLanguage\":\"de\",\"@id\":\"https:\\\/\\\/i0.wp.com\\\/www.jazzzeitung.de\\\/cms\\\/wp-content\\\/uploads\\\/2015\\\/08\\\/JAZZZEITUNGDE_Logo_Neu.png?resize=96%2C96&ssl=159975dcacb611b5700bd619b5daf0a7a\",\"url\":\"https:\\\/\\\/i0.wp.com\\\/www.jazzzeitung.de\\\/cms\\\/wp-content\\\/uploads\\\/2015\\\/08\\\/JAZZZEITUNGDE_Logo_Neu.png?resize=96%2C96&ssl=1\",\"contentUrl\":\"https:\\\/\\\/i0.wp.com\\\/www.jazzzeitung.de\\\/cms\\\/wp-content\\\/uploads\\\/2015\\\/08\\\/JAZZZEITUNGDE_Logo_Neu.png?resize=96%2C96&ssl=1\",\"caption\":\"Redaktion JazzZeitung\"},\"description\":\"Artikel der Redaktion der JazzZeitung.\",\"sameAs\":[\"http:\\\/\\\/www.jazzzeitung.de\\\/cms\\\/\"],\"url\":\"https:\\\/\\\/www.jazzzeitung.de\\\/cms\\\/author\\\/redaktion\\\/\"}]}<\/script>\n<!-- \/ Yoast SEO plugin. -->","yoast_head_json":{"title":"Jan Garbarek Group bei den Ingolst\u00e4dter Jazztagen - JazzZeitung","robots":{"index":"index","follow":"follow","max-snippet":"max-snippet:-1","max-image-preview":"max-image-preview:large","max-video-preview":"max-video-preview:-1"},"canonical":"https:\/\/www.jazzzeitung.de\/cms\/2024\/11\/jan-garbarek-group-bei-den-ingolstaedter-jazztagen\/","og_locale":"de_DE","og_type":"article","og_title":"Jan Garbarek Group bei den Ingolst\u00e4dter Jazztagen - JazzZeitung","og_description":"(Von Thomas J. Krebs) Die Ingolst\u00e4dter Jazztage sind eine \u00fcber die Jahre gewachsene, feste Institution und nicht zuletzt das musikalische Aush\u00e4ngeschild der Stadt. Seit 41 Jahren findet dieses vielseitige und abwechslungsreiche Jazzfest mit nationalen Acts, Geheimtipps, Newcomern, vor allem aber auch den gro\u00dfen Namen des Jazz statt. Nachdem der bisherige k\u00fcnstlerische Leiter Jan Rottau nach 27 Jahren mit der 40. Ausgabe der Ingolst\u00e4dter Jazztage verabschiedet wurde, folgt auf ihn, prominent besetzt, der Schlagzeuger Wolfgang Haffner. Ihm wurde f\u00fcr die kommenden beiden Jahre die Leitung des Festivals \u00fcbertragen. Viel Ver\u00e4nderung gibt es bisher &#8211; zum Gl\u00fcck &#8211; nicht. Der Ingolst\u00e4dter Jazzf\u00f6rderpreis, die Veranstaltungen Jazz in der Kirche, Jazz in den Kneipen, Jazzgottesdienst, F\u00f6rderpreis des bayerischen Jazz Verbands, Jazz for Kids oder die Jazzparty sind weiterhin gesetzt. In diesen Zeiten keine Selbstverst\u00e4ndlichkeit, wenn alles auf den Pr\u00fcfstand kommt und \u00fcberdacht wird. Die Ingolst\u00e4dter Jazztage lassen die Herzen der Jazzfans auch dieses Jahr wieder h\u00f6her schlagen. Langj\u00e4hrige Weggef\u00e4hrten Jan Garbarek macht sich zum Gl\u00fcck nur mit seinen Ver\u00f6ffentlichungen auf Tontr\u00e4gern rar. Seine letztes offizielles Album unter eigenem Namen bei ECM war die 2007 aufgenommene und 2009 erschienene Live &hellip;","og_url":"https:\/\/www.jazzzeitung.de\/cms\/2024\/11\/jan-garbarek-group-bei-den-ingolstaedter-jazztagen\/","og_site_name":"JazzZeitung","article_publisher":"https:\/\/www.facebook.com\/JazzZeitung\/","article_published_time":"2024-11-08T05:50:43+00:00","og_image":[{"width":1200,"height":799,"url":"https:\/\/i0.wp.com\/www.jazzzeitung.de\/cms\/wp-content\/uploads\/2024\/11\/P1378356-Jan-Garbarek-Group-Foto-TJ-Krebs.jpg?fit=1200%2C799&ssl=1","type":"image\/jpeg"}],"author":"Redaktion JazzZeitung","schema":{"@context":"https:\/\/schema.org","@graph":[{"@type":"Article","@id":"https:\/\/www.jazzzeitung.de\/cms\/2024\/11\/jan-garbarek-group-bei-den-ingolstaedter-jazztagen\/#article","isPartOf":{"@id":"https:\/\/www.jazzzeitung.de\/cms\/2024\/11\/jan-garbarek-group-bei-den-ingolstaedter-jazztagen\/"},"author":{"name":"Redaktion JazzZeitung","@id":"https:\/\/www.jazzzeitung.de\/cms\/#\/schema\/person\/2245b36b9cd1d24cea10f01c031fb92b"},"headline":"Jan Garbarek Group bei den Ingolst\u00e4dter Jazztagen","datePublished":"2024-11-08T05:50:43+00:00","mainEntityOfPage":{"@id":"https:\/\/www.jazzzeitung.de\/cms\/2024\/11\/jan-garbarek-group-bei-den-ingolstaedter-jazztagen\/"},"wordCount":482,"commentCount":0,"publisher":{"@id":"https:\/\/www.jazzzeitung.de\/cms\/#organization"},"image":{"@id":"https:\/\/www.jazzzeitung.de\/cms\/2024\/11\/jan-garbarek-group-bei-den-ingolstaedter-jazztagen\/#primaryimage"},"thumbnailUrl":"https:\/\/i0.wp.com\/www.jazzzeitung.de\/cms\/wp-content\/uploads\/2024\/11\/P1378356-Jan-Garbarek-Group-Foto-TJ-Krebs.jpg?fit=1200%2C799&ssl=1","keywords":["Bericht","Ingolst\u00e4dter Jazztage","Jan Garbarek","Jan Garbarek Group","Jazzzeitung","JazzZeitung.de","Thomas J. Krebs"],"articleSection":["Bericht"],"inLanguage":"de","potentialAction":[{"@type":"CommentAction","name":"Comment","target":["https:\/\/www.jazzzeitung.de\/cms\/2024\/11\/jan-garbarek-group-bei-den-ingolstaedter-jazztagen\/#respond"]}]},{"@type":"WebPage","@id":"https:\/\/www.jazzzeitung.de\/cms\/2024\/11\/jan-garbarek-group-bei-den-ingolstaedter-jazztagen\/","url":"https:\/\/www.jazzzeitung.de\/cms\/2024\/11\/jan-garbarek-group-bei-den-ingolstaedter-jazztagen\/","name":"Jan Garbarek Group bei den Ingolst\u00e4dter Jazztagen - JazzZeitung","isPartOf":{"@id":"https:\/\/www.jazzzeitung.de\/cms\/#website"},"primaryImageOfPage":{"@id":"https:\/\/www.jazzzeitung.de\/cms\/2024\/11\/jan-garbarek-group-bei-den-ingolstaedter-jazztagen\/#primaryimage"},"image":{"@id":"https:\/\/www.jazzzeitung.de\/cms\/2024\/11\/jan-garbarek-group-bei-den-ingolstaedter-jazztagen\/#primaryimage"},"thumbnailUrl":"https:\/\/i0.wp.com\/www.jazzzeitung.de\/cms\/wp-content\/uploads\/2024\/11\/P1378356-Jan-Garbarek-Group-Foto-TJ-Krebs.jpg?fit=1200%2C799&ssl=1","datePublished":"2024-11-08T05:50:43+00:00","breadcrumb":{"@id":"https:\/\/www.jazzzeitung.de\/cms\/2024\/11\/jan-garbarek-group-bei-den-ingolstaedter-jazztagen\/#breadcrumb"},"inLanguage":"de","potentialAction":[{"@type":"ReadAction","target":["https:\/\/www.jazzzeitung.de\/cms\/2024\/11\/jan-garbarek-group-bei-den-ingolstaedter-jazztagen\/"]}]},{"@type":"ImageObject","inLanguage":"de","@id":"https:\/\/www.jazzzeitung.de\/cms\/2024\/11\/jan-garbarek-group-bei-den-ingolstaedter-jazztagen\/#primaryimage","url":"https:\/\/i0.wp.com\/www.jazzzeitung.de\/cms\/wp-content\/uploads\/2024\/11\/P1378356-Jan-Garbarek-Group-Foto-TJ-Krebs.jpg?fit=1200%2C799&ssl=1","contentUrl":"https:\/\/i0.wp.com\/www.jazzzeitung.de\/cms\/wp-content\/uploads\/2024\/11\/P1378356-Jan-Garbarek-Group-Foto-TJ-Krebs.jpg?fit=1200%2C799&ssl=1","width":1200,"height":799},{"@type":"BreadcrumbList","@id":"https:\/\/www.jazzzeitung.de\/cms\/2024\/11\/jan-garbarek-group-bei-den-ingolstaedter-jazztagen\/#breadcrumb","itemListElement":[{"@type":"ListItem","position":1,"name":"Startseite","item":"https:\/\/www.jazzzeitung.de\/cms\/"},{"@type":"ListItem","position":2,"name":"Jan Garbarek Group bei den Ingolst\u00e4dter Jazztagen"}]},{"@type":"WebSite","@id":"https:\/\/www.jazzzeitung.de\/cms\/#website","url":"https:\/\/www.jazzzeitung.de\/cms\/","name":"JazzZeitung","description":"Jazz-News und Jazz-Kontroverses","publisher":{"@id":"https:\/\/www.jazzzeitung.de\/cms\/#organization"},"potentialAction":[{"@type":"SearchAction","target":{"@type":"EntryPoint","urlTemplate":"https:\/\/www.jazzzeitung.de\/cms\/?s={search_term_string}"},"query-input":{"@type":"PropertyValueSpecification","valueRequired":true,"valueName":"search_term_string"}}],"inLanguage":"de"},{"@type":"Organization","@id":"https:\/\/www.jazzzeitung.de\/cms\/#organization","name":"JazzZeitung online","url":"https:\/\/www.jazzzeitung.de\/cms\/","logo":{"@type":"ImageObject","inLanguage":"de","@id":"https:\/\/www.jazzzeitung.de\/cms\/#\/schema\/logo\/image\/","url":"https:\/\/i0.wp.com\/www.jazzzeitung.de\/cms\/wp-content\/uploads\/2015\/08\/JAZZZEITUNGDE_Logo_Neu.png?fit=499%2C200&ssl=1","contentUrl":"https:\/\/i0.wp.com\/www.jazzzeitung.de\/cms\/wp-content\/uploads\/2015\/08\/JAZZZEITUNGDE_Logo_Neu.png?fit=499%2C200&ssl=1","width":499,"height":200,"caption":"JazzZeitung online"},"image":{"@id":"https:\/\/www.jazzzeitung.de\/cms\/#\/schema\/logo\/image\/"},"sameAs":["https:\/\/www.facebook.com\/JazzZeitung\/"]},{"@type":"Person","@id":"https:\/\/www.jazzzeitung.de\/cms\/#\/schema\/person\/2245b36b9cd1d24cea10f01c031fb92b","name":"Redaktion JazzZeitung","image":{"@type":"ImageObject","inLanguage":"de","@id":"https:\/\/i0.wp.com\/www.jazzzeitung.de\/cms\/wp-content\/uploads\/2015\/08\/JAZZZEITUNGDE_Logo_Neu.png?resize=96%2C96&ssl=159975dcacb611b5700bd619b5daf0a7a","url":"https:\/\/i0.wp.com\/www.jazzzeitung.de\/cms\/wp-content\/uploads\/2015\/08\/JAZZZEITUNGDE_Logo_Neu.png?resize=96%2C96&ssl=1","contentUrl":"https:\/\/i0.wp.com\/www.jazzzeitung.de\/cms\/wp-content\/uploads\/2015\/08\/JAZZZEITUNGDE_Logo_Neu.png?resize=96%2C96&ssl=1","caption":"Redaktion JazzZeitung"},"description":"Artikel der Redaktion der JazzZeitung.","sameAs":["http:\/\/www.jazzzeitung.de\/cms\/"],"url":"https:\/\/www.jazzzeitung.de\/cms\/author\/redaktion\/"}]}},"wp-worthy-pixel":{"ignored":false,"public":null,"server":null,"url":null},"wp-worthy-type":"normal","jetpack_publicize_connections":[],"cc_featured_image_caption":{"caption_text":"","source_text":"","source_url":""},"jetpack_featured_media_url":"https:\/\/i0.wp.com\/www.jazzzeitung.de\/cms\/wp-content\/uploads\/2024\/11\/P1378356-Jan-Garbarek-Group-Foto-TJ-Krebs.jpg?fit=1200%2C799&ssl=1","jetpack_shortlink":"https:\/\/wp.me\/p3KEcT-8ht","jetpack-related-posts":[{"id":30129,"url":"https:\/\/www.jazzzeitung.de\/cms\/2023\/10\/news40-jahre-ingolstaedter-jazztage-das-jubilaeumsprogramm\/","url_meta":{"origin":31835,"position":0},"title":"+++News:+++40 Jahre Ingolst\u00e4dter Jazztage &#8211; das Jubil\u00e4umsprogramm+++","author":"Redaktion JazzZeitung","date":"11. Oktober 2023","format":false,"excerpt":"Die Ingolst\u00e4dter Jazztage feiern dieses Jahr ihr 40-j\u00e4hriges Jubil\u00e4um. Unabh\u00e4ngig von dieser Kontinuit\u00e4t, sind die Jazztage mittlerweile das musikalische Aush\u00e4ngeschild der Stadt. Die ganze Stadt swingt in den Wochen w\u00e4hrend des Festivals. In mehr als f\u00fcnfundzwanzig Locations wird Ingolstadt ab dem 21. Oktober, jazzen, rocken, es wird gedanced und schwei\u00dftreibender\u2026","rel":"","context":"In &quot;News&quot;","block_context":{"text":"News","link":"https:\/\/www.jazzzeitung.de\/cms\/thema\/nachrichten\/"},"img":{"alt_text":"","src":"https:\/\/i0.wp.com\/www.jazzzeitung.de\/cms\/wp-content\/uploads\/2023\/10\/Jazztage_Josef-Heinl_02-%C2%A9-Alexander-Schuktuew-scaled-1.jpg?fit=1200%2C800&ssl=1&resize=350%2C200","width":350,"height":200,"srcset":"https:\/\/i0.wp.com\/www.jazzzeitung.de\/cms\/wp-content\/uploads\/2023\/10\/Jazztage_Josef-Heinl_02-%C2%A9-Alexander-Schuktuew-scaled-1.jpg?fit=1200%2C800&ssl=1&resize=350%2C200 1x, https:\/\/i0.wp.com\/www.jazzzeitung.de\/cms\/wp-content\/uploads\/2023\/10\/Jazztage_Josef-Heinl_02-%C2%A9-Alexander-Schuktuew-scaled-1.jpg?fit=1200%2C800&ssl=1&resize=525%2C300 1.5x, https:\/\/i0.wp.com\/www.jazzzeitung.de\/cms\/wp-content\/uploads\/2023\/10\/Jazztage_Josef-Heinl_02-%C2%A9-Alexander-Schuktuew-scaled-1.jpg?fit=1200%2C800&ssl=1&resize=700%2C400 2x, https:\/\/i0.wp.com\/www.jazzzeitung.de\/cms\/wp-content\/uploads\/2023\/10\/Jazztage_Josef-Heinl_02-%C2%A9-Alexander-Schuktuew-scaled-1.jpg?fit=1200%2C800&ssl=1&resize=1050%2C600 3x"},"classes":[]},{"id":33155,"url":"https:\/\/www.jazzzeitung.de\/cms\/2025\/10\/tradition-innovation-vorbericht-zu-den-ingolstaedter-jazztagen-2025\/","url_meta":{"origin":31835,"position":1},"title":"Tradition &#038; Innovation: Vorbericht zu den Ingolst\u00e4dter Jazztagen 2025","author":"Thomas J. Krebs","date":"9. Oktober 2025","format":false,"excerpt":"Alle Jahre wieder wenn es Herbst wird, k\u00fchl und grau, stehen die Ingolst\u00e4dter Jazztage ins Haus. So auch dieses Jahr zum 42. mal vom 04. bis 15. November, unter der k\u00fcnstlerischen Leitung von Wolfgang Haffner, mit einem abwechslungsreichen Programm das spannenden Jazz, die Grenzbereiche Soul,\u00a0 Latin, Pop oder Weltmusik auslotet\u2026","rel":"","context":"In &quot;News&quot;","block_context":{"text":"News","link":"https:\/\/www.jazzzeitung.de\/cms\/thema\/nachrichten\/"},"img":{"alt_text":"","src":"https:\/\/i0.wp.com\/www.jazzzeitung.de\/cms\/wp-content\/uploads\/2025\/10\/P2536832-Wright-Foto-TJ-Krebs.jpg?fit=1200%2C800&ssl=1&resize=350%2C200","width":350,"height":200,"srcset":"https:\/\/i0.wp.com\/www.jazzzeitung.de\/cms\/wp-content\/uploads\/2025\/10\/P2536832-Wright-Foto-TJ-Krebs.jpg?fit=1200%2C800&ssl=1&resize=350%2C200 1x, https:\/\/i0.wp.com\/www.jazzzeitung.de\/cms\/wp-content\/uploads\/2025\/10\/P2536832-Wright-Foto-TJ-Krebs.jpg?fit=1200%2C800&ssl=1&resize=525%2C300 1.5x, https:\/\/i0.wp.com\/www.jazzzeitung.de\/cms\/wp-content\/uploads\/2025\/10\/P2536832-Wright-Foto-TJ-Krebs.jpg?fit=1200%2C800&ssl=1&resize=700%2C400 2x, https:\/\/i0.wp.com\/www.jazzzeitung.de\/cms\/wp-content\/uploads\/2025\/10\/P2536832-Wright-Foto-TJ-Krebs.jpg?fit=1200%2C800&ssl=1&resize=1050%2C600 3x"},"classes":[]},{"id":30280,"url":"https:\/\/www.jazzzeitung.de\/cms\/2023\/11\/ingolstaedter-jazztage-partys-feierlaune-bei-jazz-in-den-kneipen\/","url_meta":{"origin":31835,"position":2},"title":"Ingolst\u00e4dter Jazztage: Partys &#038; Feierlaune bei Jazz in den Kneipen","author":"Redaktion JazzZeitung","date":"14. November 2023","format":false,"excerpt":"Die Ingolst\u00e4dter Jazztage dieses Jahr mit ihrer 40. Ausgabe. Das ist in vielerlei Hinsicht beachtenswert. Zum einen, weil die Veranstaltungen nun zum letzten Mal unter der Leitung von Jan Rottau stattfanden, zum anderen weil ein bew\u00e4hrtes Konzept mal wieder aufgegangen ist. Bleibt abzuwarten, wie sich die Jazztage in der Zukunft\u2026","rel":"","context":"In &quot;Bericht&quot;","block_context":{"text":"Bericht","link":"https:\/\/www.jazzzeitung.de\/cms\/thema\/bericht\/"},"img":{"alt_text":"","src":"https:\/\/i0.wp.com\/www.jazzzeitung.de\/cms\/wp-content\/uploads\/2023\/11\/P2680803-Yellowjackets-Foto-TJ-Krebs.jpg?fit=1200%2C800&ssl=1&resize=350%2C200","width":350,"height":200,"srcset":"https:\/\/i0.wp.com\/www.jazzzeitung.de\/cms\/wp-content\/uploads\/2023\/11\/P2680803-Yellowjackets-Foto-TJ-Krebs.jpg?fit=1200%2C800&ssl=1&resize=350%2C200 1x, https:\/\/i0.wp.com\/www.jazzzeitung.de\/cms\/wp-content\/uploads\/2023\/11\/P2680803-Yellowjackets-Foto-TJ-Krebs.jpg?fit=1200%2C800&ssl=1&resize=525%2C300 1.5x, https:\/\/i0.wp.com\/www.jazzzeitung.de\/cms\/wp-content\/uploads\/2023\/11\/P2680803-Yellowjackets-Foto-TJ-Krebs.jpg?fit=1200%2C800&ssl=1&resize=700%2C400 2x, https:\/\/i0.wp.com\/www.jazzzeitung.de\/cms\/wp-content\/uploads\/2023\/11\/P2680803-Yellowjackets-Foto-TJ-Krebs.jpg?fit=1200%2C800&ssl=1&resize=1050%2C600 3x"},"classes":[]},{"id":6738,"url":"https:\/\/www.jazzzeitung.de\/cms\/2015\/07\/ingolstaedter-jazzfoerderpreis-2015-geht-matthias-hetzer\/","url_meta":{"origin":31835,"position":3},"title":"Ingolst\u00e4dter Jazzf\u00f6rderpreis 2015 geht an Matthias Hetzer","author":"Redaktion JazzZeitung","date":"29. Juli 2015","format":false,"excerpt":"Die Ingolst\u00e4dter Jazztage stehen nicht nur f\u00fcr Konzerterlebnisse mit internationalen Jazzstars, sondern auch f\u00fcr aktive Nachwuchs-F\u00f6rderung. Aus diesem Grunde verleihen die Veranstalter in jedem Jahr den Jazzf\u00f6rderpreis der Stadt Ingolstadt \u2013 gef\u00f6rdert von der Sparkasse Ingolstadt und Media-Saturn. In diesem Jahr w\u00fcrdigt die hochkar\u00e4tig besetzte Jury den 21-j\u00e4hrigen Schlagzeuger Matthias\u2026","rel":"","context":"In &quot;News&quot;","block_context":{"text":"News","link":"https:\/\/www.jazzzeitung.de\/cms\/thema\/nachrichten\/"},"img":{"alt_text":"Matthias Hetzer. Foto: Ingolst\u00e4dter Jazztage\/Tob","src":"https:\/\/i0.wp.com\/www.jazzzeitung.de\/cms\/wp-content\/uploads\/2015\/07\/MatthiasHetzer_by_Tob52EA5-150x150.jpg?resize=350%2C200","width":350,"height":200},"classes":[]},{"id":33393,"url":"https:\/\/www.jazzzeitung.de\/cms\/2025\/11\/ingolstaedter-jazztage-mit-fotos-von-thomas-j-krebs\/","url_meta":{"origin":31835,"position":4},"title":"Ingolst\u00e4dter Jazztage \u2013 mit Fotos von Thomas J. Krebs","author":"Thomas J. Krebs","date":"20. November 2025","format":false,"excerpt":"Elvis Costello & die WDR Big Band Absolutes Festivalhighlight im Rahmen des \u201eGrand Concert\u201c war der mit Spannung erwartete Auftritt von Pop-\/Punk & Rocklegende Elvis Costello mit der WDR Big Band. Unter der Leitung von Michael Leonhardt wurde ein abwechslungsreiches, vielschichtiges Programm pr\u00e4sentiert, angefangen von Klassikern wie \u201eWatching The Detectives\u201c,\u2026","rel":"","context":"In &quot;Bericht&quot;","block_context":{"text":"Bericht","link":"https:\/\/www.jazzzeitung.de\/cms\/thema\/bericht\/"},"img":{"alt_text":"","src":"https:\/\/i0.wp.com\/www.jazzzeitung.de\/cms\/wp-content\/uploads\/2025\/11\/P1870272-Bakken-Foto-TJ-Krebs.jpg?fit=1200%2C799&ssl=1&resize=350%2C200","width":350,"height":200,"srcset":"https:\/\/i0.wp.com\/www.jazzzeitung.de\/cms\/wp-content\/uploads\/2025\/11\/P1870272-Bakken-Foto-TJ-Krebs.jpg?fit=1200%2C799&ssl=1&resize=350%2C200 1x, https:\/\/i0.wp.com\/www.jazzzeitung.de\/cms\/wp-content\/uploads\/2025\/11\/P1870272-Bakken-Foto-TJ-Krebs.jpg?fit=1200%2C799&ssl=1&resize=525%2C300 1.5x, https:\/\/i0.wp.com\/www.jazzzeitung.de\/cms\/wp-content\/uploads\/2025\/11\/P1870272-Bakken-Foto-TJ-Krebs.jpg?fit=1200%2C799&ssl=1&resize=700%2C400 2x, https:\/\/i0.wp.com\/www.jazzzeitung.de\/cms\/wp-content\/uploads\/2025\/11\/P1870272-Bakken-Foto-TJ-Krebs.jpg?fit=1200%2C799&ssl=1&resize=1050%2C600 3x"},"classes":[]},{"id":6707,"url":"https:\/\/www.jazzzeitung.de\/cms\/2015\/08\/arte-zeigt-mr-dynamite-rise-james-brown-32-ingolstaedter-jazztage-2015-sara-decker-group-gewinnt-european-jazz-awards-italien\/","url_meta":{"origin":31835,"position":5},"title":"+++ News +++ ARTE zeigt \u201eMr. Dynamite: The rise of James Brown\u201c +++ 32. Ingolst\u00e4dter Jazztage 2015 +++ &#8222;Sara Decker Group&#8220; gewinnt European Jazz Awards in Italien +++","author":"Redaktion JazzZeitung","date":"4. August 2015","format":false,"excerpt":"+++ ARTE zeigt \u201eMr. Dynamite: The rise of James Brown\u201c am Samstag, den 12. September 2015, um 21.50 Uhr Selfmademan, energievoller Performer und perfektionistischer Tyrann \u2013 das alles ist James Brown. Der von Mick Jagger produzierte Dokumentarfilm zeigt Browns Weg aus \u00e4rmlichen Verh\u00e4ltnissen zum Godfather of Soul. Es kommen ehemalige\u2026","rel":"","context":"In &quot;News&quot;","block_context":{"text":"News","link":"https:\/\/www.jazzzeitung.de\/cms\/thema\/nachrichten\/"},"img":{"alt_text":"Bildrechte: \u00a9 Emilio Gross i\/Courtesy of HBO","src":"https:\/\/i0.wp.com\/www.jazzzeitung.de\/cms\/wp-content\/uploads\/2015\/08\/the-rise-of-james-brown.pdf-Adobe-Acrobat-Pro-150x150.jpg?resize=350%2C200","width":350,"height":200},"classes":[]}],"jetpack_sharing_enabled":true,"_links":{"self":[{"href":"https:\/\/www.jazzzeitung.de\/cms\/wp-json\/wp\/v2\/posts\/31835","targetHints":{"allow":["GET"]}}],"collection":[{"href":"https:\/\/www.jazzzeitung.de\/cms\/wp-json\/wp\/v2\/posts"}],"about":[{"href":"https:\/\/www.jazzzeitung.de\/cms\/wp-json\/wp\/v2\/types\/post"}],"author":[{"embeddable":true,"href":"https:\/\/www.jazzzeitung.de\/cms\/wp-json\/wp\/v2\/users\/18"}],"replies":[{"embeddable":true,"href":"https:\/\/www.jazzzeitung.de\/cms\/wp-json\/wp\/v2\/comments?post=31835"}],"version-history":[{"count":1,"href":"https:\/\/www.jazzzeitung.de\/cms\/wp-json\/wp\/v2\/posts\/31835\/revisions"}],"predecessor-version":[{"id":31838,"href":"https:\/\/www.jazzzeitung.de\/cms\/wp-json\/wp\/v2\/posts\/31835\/revisions\/31838"}],"wp:featuredmedia":[{"embeddable":true,"href":"https:\/\/www.jazzzeitung.de\/cms\/wp-json\/wp\/v2\/media\/31837"}],"wp:attachment":[{"href":"https:\/\/www.jazzzeitung.de\/cms\/wp-json\/wp\/v2\/media?parent=31835"}],"wp:term":[{"taxonomy":"category","embeddable":true,"href":"https:\/\/www.jazzzeitung.de\/cms\/wp-json\/wp\/v2\/categories?post=31835"},{"taxonomy":"post_tag","embeddable":true,"href":"https:\/\/www.jazzzeitung.de\/cms\/wp-json\/wp\/v2\/tags?post=31835"},{"taxonomy":"author","embeddable":true,"href":"https:\/\/www.jazzzeitung.de\/cms\/wp-json\/wp\/v2\/coauthors?post=31835"}],"curies":[{"name":"wp","href":"https:\/\/api.w.org\/{rel}","templated":true}]}}