{"id":31831,"date":"2024-11-05T10:03:41","date_gmt":"2024-11-05T09:03:41","guid":{"rendered":"https:\/\/www.jazzzeitung.de\/cms\/?p=31831"},"modified":"2024-11-05T10:03:41","modified_gmt":"2024-11-05T09:03:41","slug":"sven-faller-und-august-zirner-und-ihr-mingus-album","status":"publish","type":"post","link":"https:\/\/www.jazzzeitung.de\/cms\/2024\/11\/sven-faller-und-august-zirner-und-ihr-mingus-album\/","title":{"rendered":"Sven Faller und August Zirner und ihr Mingus-Album"},"content":{"rendered":"<p>(Von Michael Scheiner) Eine Zigarre zwischen den Lippen, den Blick am Bass vorbei zur Seite geneigt: Charles Mingus war kein besonders angenehmer Zeitgenosse. Davon zeugen ausgeschlagene Z\u00e4hne bei einem Mitmusiker, Publikumsbeschimpfungen (noch vor Peter Handke), Clubbesitzer die sich weigerten ihn einzuladen und h\u00e4ufige Besetzungswechsel in seinen Bands. Duke Ellington legte dem in Watts\/Los Angeles aufgewachsenen Bassisten nach einem Streit mit Juan Tizol nahe zu k\u00fcndigen, \u201eweil er einen ganzen Sack voll neuer Macken\u201c mitgebracht zu haben schien.<\/p>\n<h3>Transatlantische Jazzgeschichten<\/h3>\n<p>Diesem N\u00f6rgler und Choleriker haben Sven Faller und August Zirner ein ganzes Album gewidmet, das Mitte November bei GLM Music erscheint \u2013 \u201eMingus\u201c. Denn auf der anderen, der k\u00fcnstlerisch-kreativen Seite, war der \u201eZuh\u00e4lter und Feingeist\u201c, wie er im Beiblatt beschrieben wird, ein genialer Komponist und \u00fcberragender Instrumentalist. Viele seiner Kompositionen werden bis heute gespielt. Es gibt Bands, die ganze Programme mit St\u00fccken von ihm bestreiten oder sich danach benannten. Mingus geh\u00f6rt mit seinem einzigartigen Stil aus Gospel, Bebop, Blues und klassischen Formen unzweifelhaft zu den herausragenden und einflussreichsten Figuren des modernen Jazz im 20. Jahrhundert.<\/p>\n<h3>Kreativit\u00e4t ist es, das Komplizierte einfach zu machen<\/h3>\n<p>Zirner und Faller hangeln sich an einem Gedanken Mingus` entlang, der als Zitat \u00fcberliefert ist: \u201eJeder kann das Einfache kompliziert machen. Kreativit\u00e4t ist es, das Komplizierte einfach zu machen\u201c. In ihrem Duo-Album steckt einiges an Kreativit\u00e4t und Improvisation, das die beiden als Musiker auf Fl\u00f6te und Kontrabass und als Erz\u00e4hler gef\u00fchlvoll und gen\u00fc\u00dflich auskosten. Sie steigen mit einer der bekanntesten Kompositionen ein, \u201eGoodbye Porkpie Hat\u201c, die Mingus dem Saxofonisten Lester Young gewidmet hat. W\u00e4hrend Faller sich mit findiger Lust in das Thema hineinschraubt und elegant harmonische Klippen auslotet, beginnt Zirner zu erz\u00e4hlen und wechselt im letzten Drittel zur Fl\u00f6te.<\/p>\n<figure id=\"attachment_31833\" aria-describedby=\"caption-attachment-31833\" style=\"width: 1000px\" class=\"wp-caption aligncenter\"><a href=\"https:\/\/i0.wp.com\/www.jazzzeitung.de\/cms\/wp-content\/uploads\/2024\/11\/Bild-002.jpg?ssl=1\"><img data-recalc-dims=\"1\" loading=\"lazy\" decoding=\"async\" data-attachment-id=\"31833\" data-permalink=\"https:\/\/www.jazzzeitung.de\/cms\/2024\/11\/sven-faller-und-august-zirner-und-ihr-mingus-album\/bild-002\/\" data-orig-file=\"https:\/\/i0.wp.com\/www.jazzzeitung.de\/cms\/wp-content\/uploads\/2024\/11\/Bild-002.jpg?fit=1000%2C899&amp;ssl=1\" data-orig-size=\"1000,899\" data-comments-opened=\"1\" data-image-meta=\"{&quot;aperture&quot;:&quot;0&quot;,&quot;credit&quot;:&quot;&quot;,&quot;camera&quot;:&quot;&quot;,&quot;caption&quot;:&quot;&quot;,&quot;created_timestamp&quot;:&quot;0&quot;,&quot;copyright&quot;:&quot;&quot;,&quot;focal_length&quot;:&quot;0&quot;,&quot;iso&quot;:&quot;0&quot;,&quot;shutter_speed&quot;:&quot;0&quot;,&quot;title&quot;:&quot;&quot;,&quot;orientation&quot;:&quot;0&quot;}\" data-image-title=\"Bild (002)\" data-image-description=\"\" data-image-caption=\"&lt;p&gt;Foto: GLM Music\/Uli Zrenner-Wolkenstein&lt;\/p&gt;\n\" data-large-file=\"https:\/\/i0.wp.com\/www.jazzzeitung.de\/cms\/wp-content\/uploads\/2024\/11\/Bild-002.jpg?fit=667%2C600&amp;ssl=1\" class=\"size-full wp-image-31833\" src=\"https:\/\/i0.wp.com\/www.jazzzeitung.de\/cms\/wp-content\/uploads\/2024\/11\/Bild-002.jpg?resize=840%2C755&#038;ssl=1\" alt=\"\" width=\"840\" height=\"755\" srcset=\"https:\/\/i0.wp.com\/www.jazzzeitung.de\/cms\/wp-content\/uploads\/2024\/11\/Bild-002.jpg?w=1000&amp;ssl=1 1000w, https:\/\/i0.wp.com\/www.jazzzeitung.de\/cms\/wp-content\/uploads\/2024\/11\/Bild-002.jpg?resize=300%2C270&amp;ssl=1 300w, https:\/\/i0.wp.com\/www.jazzzeitung.de\/cms\/wp-content\/uploads\/2024\/11\/Bild-002.jpg?resize=667%2C600&amp;ssl=1 667w, https:\/\/i0.wp.com\/www.jazzzeitung.de\/cms\/wp-content\/uploads\/2024\/11\/Bild-002.jpg?resize=768%2C690&amp;ssl=1 768w\" sizes=\"auto, (max-width: 840px) 100vw, 840px\" \/><\/a><figcaption id=\"caption-attachment-31833\" class=\"wp-caption-text\">Foto: GLM Music\/Uli Zrenner-Wolkenstein<\/figcaption><\/figure>\n<p>Um Mingus` Kindheit, seine verschlungene famili\u00e4re Herkunft und und sein Umfeld in dem er aufgewachsen ist, drehen sich die Erz\u00e4hlung \u201eHoly Nothing\u201c und der heitere Blues \u201eWatts Blues\u201c. Mit dem \u201eHeilige Nichts\u201c, wie Mingus gegen Ende seines Lebens Bilanz zieht, taucht Zirner gut nachvollziehbar in die komplexe philosophische Gedankenwelt des Genies ein. Einen Spaziergang durch die Stadt der Engel, Los Angeles, unternimmt dagegen Faller mit \u201eCity of Angels\u201c. Leichtf\u00fc\u00dfig erz\u00e4hlt von seiner Ankunft in dieser Metropole am Pazifik, wohin seine Gro\u00dfvater vor den Terrorregime der Nationalsozialisten geflohen war.<\/p>\n<h3>Biografische Parallelen<\/h3>\n<p>Dieser Wechsel aus eigenem Erleben, biografischen Schlaglichter auf den Protagonisten Mingus, der sich als bunt und drei \u2013 \u201eI Am Three\u201c \u2013 Personen gesehen hat, und musikalischen Exkursionen bestimmt das ganze Album. Faller und Zirner, die einige biografische Parallelen in ihren Lebensl\u00e4ufen aufweisen, entwickeln damit die \u201eTransatlantischen Geschichten\u201c weiter, mit denen sie mehrfach auf Tour waren.<\/p>\n<p>Im Unterschied zu \u00e4lteren Formen wie \u201eJazz und Lyrik\u201c oder dem DDR-Klassiker \u201eLyrik \u2013 Jazz \u2013 Prosa\u201c vermischen die beiden Transatlantiker pers\u00f6nliche Erlebnisse und Erfahrungen mit Jazzgeschichte. Damit schaffen sie neue, eigene Zug\u00e4nge zu einer Musik, die manchen noch immer als elit\u00e4r gilt, dabei aber so viele Emotionen aufweist. Verbunden mit Einblicken in ein schwarzes Leben in einem von Rassismus gepr\u00e4gten Land wird daraus ein fesselndes, musikalisch abwechslungsreiches und heiteres H\u00f6rvergn\u00fcgen. Erg\u00e4nzt um die Mingus-Bilder von Stefan G\u00f6ler, die aktuell im Caf\u00e9 im Lokschuppen ausgestellt sind, ergibt sich ein vielschichtiges Bild eines Musikers und Komponisten, der auch 45 Jahre nach seinem Tod noch vielfach Menschen bewegt.<\/p>\n<p><em>Info: <\/em><\/p>\n<p><em>Sven Faller\/August Zirner: Mingus<\/em><\/p>\n<p><em>GLM Music, M\u00fcnchen 2024<\/em><\/p>\n<p>Titelfoto: H-J-Michel<\/p>\n","protected":false},"excerpt":{"rendered":"<p>(Von Michael Scheiner) Eine Zigarre zwischen den Lippen, den Blick am Bass vorbei zur Seite geneigt: Charles Mingus war kein besonders angenehmer Zeitgenosse. Davon zeugen ausgeschlagene Z\u00e4hne bei einem Mitmusiker, Publikumsbeschimpfungen (noch vor Peter Handke), Clubbesitzer die sich weigerten ihn einzuladen und h\u00e4ufige Besetzungswechsel in seinen Bands. Duke Ellington legte dem in Watts\/Los Angeles aufgewachsenen Bassisten nach einem Streit mit Juan Tizol nahe zu k\u00fcndigen, \u201eweil er einen ganzen Sack voll neuer Macken\u201c mitgebracht zu haben schien. Transatlantische Jazzgeschichten Diesem N\u00f6rgler und Choleriker haben Sven Faller und August Zirner ein ganzes Album gewidmet, das Mitte November bei GLM Music erscheint \u2013 \u201eMingus\u201c. Denn auf der anderen, der k\u00fcnstlerisch-kreativen Seite, war der \u201eZuh\u00e4lter und Feingeist\u201c, wie er im Beiblatt beschrieben wird, ein genialer Komponist und \u00fcberragender Instrumentalist. Viele seiner Kompositionen werden bis heute gespielt. Es gibt Bands, die ganze Programme mit St\u00fccken von ihm bestreiten oder sich danach benannten. Mingus geh\u00f6rt mit seinem einzigartigen Stil aus Gospel, Bebop, Blues und klassischen Formen unzweifelhaft zu den herausragenden und einflussreichsten Figuren des modernen Jazz im 20. Jahrhundert. Kreativit\u00e4t ist es, das Komplizierte einfach zu machen Zirner und Faller &hellip;<\/p>\n","protected":false},"author":18,"featured_media":31832,"comment_status":"open","ping_status":"closed","sticky":false,"template":"","format":"standard","meta":{"_jetpack_memberships_contains_paid_content":false,"footnotes":"","jetpack_publicize_message":"","jetpack_publicize_feature_enabled":true,"jetpack_social_post_already_shared":true,"jetpack_social_options":{"image_generator_settings":{"template":"highway","default_image_id":0,"font":"","enabled":false},"version":2}},"categories":[1152],"tags":[5515,109,1485,954,933,387,5516,1370],"coauthors":[695],"class_list":["post-31831","post","type-post","status-publish","format-standard","has-post-thumbnail","hentry","category-rezension","tag-august-zirner","tag-cd","tag-cd-rezension","tag-charles-mingus","tag-glm-music","tag-michael-scheiner","tag-mingus-album","tag-sven-faller"],"yoast_head":"<!-- This site is optimized with the Yoast SEO plugin v27.5 - https:\/\/yoast.com\/product\/yoast-seo-wordpress\/ -->\n<title>Sven Faller und August Zirner und ihr Mingus-Album - JazzZeitung<\/title>\n<meta name=\"robots\" content=\"index, follow, max-snippet:-1, max-image-preview:large, max-video-preview:-1\" \/>\n<link rel=\"canonical\" href=\"https:\/\/www.jazzzeitung.de\/cms\/2024\/11\/sven-faller-und-august-zirner-und-ihr-mingus-album\/\" \/>\n<meta property=\"og:locale\" content=\"de_DE\" \/>\n<meta property=\"og:type\" content=\"article\" \/>\n<meta property=\"og:title\" content=\"Sven Faller und August Zirner und ihr Mingus-Album - JazzZeitung\" \/>\n<meta property=\"og:description\" content=\"(Von Michael Scheiner) Eine Zigarre zwischen den Lippen, den Blick am Bass vorbei zur Seite geneigt: Charles Mingus war kein besonders angenehmer Zeitgenosse. Davon zeugen ausgeschlagene Z\u00e4hne bei einem Mitmusiker, Publikumsbeschimpfungen (noch vor Peter Handke), Clubbesitzer die sich weigerten ihn einzuladen und h\u00e4ufige Besetzungswechsel in seinen Bands. Duke Ellington legte dem in Watts\/Los Angeles aufgewachsenen Bassisten nach einem Streit mit Juan Tizol nahe zu k\u00fcndigen, \u201eweil er einen ganzen Sack voll neuer Macken\u201c mitgebracht zu haben schien. Transatlantische Jazzgeschichten Diesem N\u00f6rgler und Choleriker haben Sven Faller und August Zirner ein ganzes Album gewidmet, das Mitte November bei GLM Music erscheint \u2013 \u201eMingus\u201c. Denn auf der anderen, der k\u00fcnstlerisch-kreativen Seite, war der \u201eZuh\u00e4lter und Feingeist\u201c, wie er im Beiblatt beschrieben wird, ein genialer Komponist und \u00fcberragender Instrumentalist. Viele seiner Kompositionen werden bis heute gespielt. Es gibt Bands, die ganze Programme mit St\u00fccken von ihm bestreiten oder sich danach benannten. Mingus geh\u00f6rt mit seinem einzigartigen Stil aus Gospel, Bebop, Blues und klassischen Formen unzweifelhaft zu den herausragenden und einflussreichsten Figuren des modernen Jazz im 20. Jahrhundert. Kreativit\u00e4t ist es, das Komplizierte einfach zu machen Zirner und Faller &hellip;\" \/>\n<meta property=\"og:url\" content=\"https:\/\/www.jazzzeitung.de\/cms\/2024\/11\/sven-faller-und-august-zirner-und-ihr-mingus-album\/\" \/>\n<meta property=\"og:site_name\" content=\"JazzZeitung\" \/>\n<meta property=\"article:publisher\" content=\"https:\/\/www.facebook.com\/JazzZeitung\/\" \/>\n<meta property=\"article:published_time\" content=\"2024-11-05T09:03:41+00:00\" \/>\n<meta property=\"og:image\" content=\"https:\/\/www.jazzzeitung.de\/cms\/wp-content\/uploads\/2024\/11\/Mingus_hj.michel-scaled.jpeg\" \/>\n\t<meta property=\"og:image:width\" content=\"2560\" \/>\n\t<meta property=\"og:image:height\" content=\"2311\" \/>\n\t<meta property=\"og:image:type\" content=\"image\/jpeg\" \/>\n<meta name=\"author\" content=\"Redaktion JazzZeitung\" \/>\n<script type=\"application\/ld+json\" class=\"yoast-schema-graph\">{\"@context\":\"https:\\\/\\\/schema.org\",\"@graph\":[{\"@type\":\"Article\",\"@id\":\"https:\\\/\\\/www.jazzzeitung.de\\\/cms\\\/2024\\\/11\\\/sven-faller-und-august-zirner-und-ihr-mingus-album\\\/#article\",\"isPartOf\":{\"@id\":\"https:\\\/\\\/www.jazzzeitung.de\\\/cms\\\/2024\\\/11\\\/sven-faller-und-august-zirner-und-ihr-mingus-album\\\/\"},\"author\":{\"name\":\"Redaktion JazzZeitung\",\"@id\":\"https:\\\/\\\/www.jazzzeitung.de\\\/cms\\\/#\\\/schema\\\/person\\\/2245b36b9cd1d24cea10f01c031fb92b\"},\"headline\":\"Sven Faller und August Zirner und ihr Mingus-Album\",\"datePublished\":\"2024-11-05T09:03:41+00:00\",\"mainEntityOfPage\":{\"@id\":\"https:\\\/\\\/www.jazzzeitung.de\\\/cms\\\/2024\\\/11\\\/sven-faller-und-august-zirner-und-ihr-mingus-album\\\/\"},\"wordCount\":591,\"commentCount\":1,\"publisher\":{\"@id\":\"https:\\\/\\\/www.jazzzeitung.de\\\/cms\\\/#organization\"},\"image\":{\"@id\":\"https:\\\/\\\/www.jazzzeitung.de\\\/cms\\\/2024\\\/11\\\/sven-faller-und-august-zirner-und-ihr-mingus-album\\\/#primaryimage\"},\"thumbnailUrl\":\"https:\\\/\\\/i0.wp.com\\\/www.jazzzeitung.de\\\/cms\\\/wp-content\\\/uploads\\\/2024\\\/11\\\/Mingus_hj.michel-scaled.jpeg?fit=2560%2C2311&ssl=1\",\"keywords\":[\"August Zirner\",\"CD\",\"CD-Rezension\",\"Charles Mingus\",\"GLM Music\",\"Michael Scheiner\",\"Mingus-Album\",\"Sven Faller\"],\"articleSection\":[\"Rezension\"],\"inLanguage\":\"de\",\"potentialAction\":[{\"@type\":\"CommentAction\",\"name\":\"Comment\",\"target\":[\"https:\\\/\\\/www.jazzzeitung.de\\\/cms\\\/2024\\\/11\\\/sven-faller-und-august-zirner-und-ihr-mingus-album\\\/#respond\"]}]},{\"@type\":\"WebPage\",\"@id\":\"https:\\\/\\\/www.jazzzeitung.de\\\/cms\\\/2024\\\/11\\\/sven-faller-und-august-zirner-und-ihr-mingus-album\\\/\",\"url\":\"https:\\\/\\\/www.jazzzeitung.de\\\/cms\\\/2024\\\/11\\\/sven-faller-und-august-zirner-und-ihr-mingus-album\\\/\",\"name\":\"Sven Faller und August Zirner und ihr Mingus-Album - JazzZeitung\",\"isPartOf\":{\"@id\":\"https:\\\/\\\/www.jazzzeitung.de\\\/cms\\\/#website\"},\"primaryImageOfPage\":{\"@id\":\"https:\\\/\\\/www.jazzzeitung.de\\\/cms\\\/2024\\\/11\\\/sven-faller-und-august-zirner-und-ihr-mingus-album\\\/#primaryimage\"},\"image\":{\"@id\":\"https:\\\/\\\/www.jazzzeitung.de\\\/cms\\\/2024\\\/11\\\/sven-faller-und-august-zirner-und-ihr-mingus-album\\\/#primaryimage\"},\"thumbnailUrl\":\"https:\\\/\\\/i0.wp.com\\\/www.jazzzeitung.de\\\/cms\\\/wp-content\\\/uploads\\\/2024\\\/11\\\/Mingus_hj.michel-scaled.jpeg?fit=2560%2C2311&ssl=1\",\"datePublished\":\"2024-11-05T09:03:41+00:00\",\"breadcrumb\":{\"@id\":\"https:\\\/\\\/www.jazzzeitung.de\\\/cms\\\/2024\\\/11\\\/sven-faller-und-august-zirner-und-ihr-mingus-album\\\/#breadcrumb\"},\"inLanguage\":\"de\",\"potentialAction\":[{\"@type\":\"ReadAction\",\"target\":[\"https:\\\/\\\/www.jazzzeitung.de\\\/cms\\\/2024\\\/11\\\/sven-faller-und-august-zirner-und-ihr-mingus-album\\\/\"]}]},{\"@type\":\"ImageObject\",\"inLanguage\":\"de\",\"@id\":\"https:\\\/\\\/www.jazzzeitung.de\\\/cms\\\/2024\\\/11\\\/sven-faller-und-august-zirner-und-ihr-mingus-album\\\/#primaryimage\",\"url\":\"https:\\\/\\\/i0.wp.com\\\/www.jazzzeitung.de\\\/cms\\\/wp-content\\\/uploads\\\/2024\\\/11\\\/Mingus_hj.michel-scaled.jpeg?fit=2560%2C2311&ssl=1\",\"contentUrl\":\"https:\\\/\\\/i0.wp.com\\\/www.jazzzeitung.de\\\/cms\\\/wp-content\\\/uploads\\\/2024\\\/11\\\/Mingus_hj.michel-scaled.jpeg?fit=2560%2C2311&ssl=1\",\"width\":2560,\"height\":2311,\"caption\":\"Foto: H-J-Michel\"},{\"@type\":\"BreadcrumbList\",\"@id\":\"https:\\\/\\\/www.jazzzeitung.de\\\/cms\\\/2024\\\/11\\\/sven-faller-und-august-zirner-und-ihr-mingus-album\\\/#breadcrumb\",\"itemListElement\":[{\"@type\":\"ListItem\",\"position\":1,\"name\":\"Startseite\",\"item\":\"https:\\\/\\\/www.jazzzeitung.de\\\/cms\\\/\"},{\"@type\":\"ListItem\",\"position\":2,\"name\":\"Sven Faller und August Zirner und ihr Mingus-Album\"}]},{\"@type\":\"WebSite\",\"@id\":\"https:\\\/\\\/www.jazzzeitung.de\\\/cms\\\/#website\",\"url\":\"https:\\\/\\\/www.jazzzeitung.de\\\/cms\\\/\",\"name\":\"JazzZeitung\",\"description\":\"Jazz-News und Jazz-Kontroverses\",\"publisher\":{\"@id\":\"https:\\\/\\\/www.jazzzeitung.de\\\/cms\\\/#organization\"},\"potentialAction\":[{\"@type\":\"SearchAction\",\"target\":{\"@type\":\"EntryPoint\",\"urlTemplate\":\"https:\\\/\\\/www.jazzzeitung.de\\\/cms\\\/?s={search_term_string}\"},\"query-input\":{\"@type\":\"PropertyValueSpecification\",\"valueRequired\":true,\"valueName\":\"search_term_string\"}}],\"inLanguage\":\"de\"},{\"@type\":\"Organization\",\"@id\":\"https:\\\/\\\/www.jazzzeitung.de\\\/cms\\\/#organization\",\"name\":\"JazzZeitung online\",\"url\":\"https:\\\/\\\/www.jazzzeitung.de\\\/cms\\\/\",\"logo\":{\"@type\":\"ImageObject\",\"inLanguage\":\"de\",\"@id\":\"https:\\\/\\\/www.jazzzeitung.de\\\/cms\\\/#\\\/schema\\\/logo\\\/image\\\/\",\"url\":\"https:\\\/\\\/i0.wp.com\\\/www.jazzzeitung.de\\\/cms\\\/wp-content\\\/uploads\\\/2015\\\/08\\\/JAZZZEITUNGDE_Logo_Neu.png?fit=499%2C200&ssl=1\",\"contentUrl\":\"https:\\\/\\\/i0.wp.com\\\/www.jazzzeitung.de\\\/cms\\\/wp-content\\\/uploads\\\/2015\\\/08\\\/JAZZZEITUNGDE_Logo_Neu.png?fit=499%2C200&ssl=1\",\"width\":499,\"height\":200,\"caption\":\"JazzZeitung online\"},\"image\":{\"@id\":\"https:\\\/\\\/www.jazzzeitung.de\\\/cms\\\/#\\\/schema\\\/logo\\\/image\\\/\"},\"sameAs\":[\"https:\\\/\\\/www.facebook.com\\\/JazzZeitung\\\/\"]},{\"@type\":\"Person\",\"@id\":\"https:\\\/\\\/www.jazzzeitung.de\\\/cms\\\/#\\\/schema\\\/person\\\/2245b36b9cd1d24cea10f01c031fb92b\",\"name\":\"Redaktion JazzZeitung\",\"image\":{\"@type\":\"ImageObject\",\"inLanguage\":\"de\",\"@id\":\"https:\\\/\\\/i0.wp.com\\\/www.jazzzeitung.de\\\/cms\\\/wp-content\\\/uploads\\\/2015\\\/08\\\/JAZZZEITUNGDE_Logo_Neu.png?resize=96%2C96&ssl=159975dcacb611b5700bd619b5daf0a7a\",\"url\":\"https:\\\/\\\/i0.wp.com\\\/www.jazzzeitung.de\\\/cms\\\/wp-content\\\/uploads\\\/2015\\\/08\\\/JAZZZEITUNGDE_Logo_Neu.png?resize=96%2C96&ssl=1\",\"contentUrl\":\"https:\\\/\\\/i0.wp.com\\\/www.jazzzeitung.de\\\/cms\\\/wp-content\\\/uploads\\\/2015\\\/08\\\/JAZZZEITUNGDE_Logo_Neu.png?resize=96%2C96&ssl=1\",\"caption\":\"Redaktion JazzZeitung\"},\"description\":\"Artikel der Redaktion der JazzZeitung.\",\"sameAs\":[\"http:\\\/\\\/www.jazzzeitung.de\\\/cms\\\/\"],\"url\":\"https:\\\/\\\/www.jazzzeitung.de\\\/cms\\\/author\\\/redaktion\\\/\"}]}<\/script>\n<!-- \/ Yoast SEO plugin. -->","yoast_head_json":{"title":"Sven Faller und August Zirner und ihr Mingus-Album - JazzZeitung","robots":{"index":"index","follow":"follow","max-snippet":"max-snippet:-1","max-image-preview":"max-image-preview:large","max-video-preview":"max-video-preview:-1"},"canonical":"https:\/\/www.jazzzeitung.de\/cms\/2024\/11\/sven-faller-und-august-zirner-und-ihr-mingus-album\/","og_locale":"de_DE","og_type":"article","og_title":"Sven Faller und August Zirner und ihr Mingus-Album - JazzZeitung","og_description":"(Von Michael Scheiner) Eine Zigarre zwischen den Lippen, den Blick am Bass vorbei zur Seite geneigt: Charles Mingus war kein besonders angenehmer Zeitgenosse. Davon zeugen ausgeschlagene Z\u00e4hne bei einem Mitmusiker, Publikumsbeschimpfungen (noch vor Peter Handke), Clubbesitzer die sich weigerten ihn einzuladen und h\u00e4ufige Besetzungswechsel in seinen Bands. Duke Ellington legte dem in Watts\/Los Angeles aufgewachsenen Bassisten nach einem Streit mit Juan Tizol nahe zu k\u00fcndigen, \u201eweil er einen ganzen Sack voll neuer Macken\u201c mitgebracht zu haben schien. Transatlantische Jazzgeschichten Diesem N\u00f6rgler und Choleriker haben Sven Faller und August Zirner ein ganzes Album gewidmet, das Mitte November bei GLM Music erscheint \u2013 \u201eMingus\u201c. Denn auf der anderen, der k\u00fcnstlerisch-kreativen Seite, war der \u201eZuh\u00e4lter und Feingeist\u201c, wie er im Beiblatt beschrieben wird, ein genialer Komponist und \u00fcberragender Instrumentalist. Viele seiner Kompositionen werden bis heute gespielt. Es gibt Bands, die ganze Programme mit St\u00fccken von ihm bestreiten oder sich danach benannten. Mingus geh\u00f6rt mit seinem einzigartigen Stil aus Gospel, Bebop, Blues und klassischen Formen unzweifelhaft zu den herausragenden und einflussreichsten Figuren des modernen Jazz im 20. Jahrhundert. Kreativit\u00e4t ist es, das Komplizierte einfach zu machen Zirner und Faller &hellip;","og_url":"https:\/\/www.jazzzeitung.de\/cms\/2024\/11\/sven-faller-und-august-zirner-und-ihr-mingus-album\/","og_site_name":"JazzZeitung","article_publisher":"https:\/\/www.facebook.com\/JazzZeitung\/","article_published_time":"2024-11-05T09:03:41+00:00","og_image":[{"width":2560,"height":2311,"url":"https:\/\/www.jazzzeitung.de\/cms\/wp-content\/uploads\/2024\/11\/Mingus_hj.michel-scaled.jpeg","type":"image\/jpeg"}],"author":"Redaktion JazzZeitung","schema":{"@context":"https:\/\/schema.org","@graph":[{"@type":"Article","@id":"https:\/\/www.jazzzeitung.de\/cms\/2024\/11\/sven-faller-und-august-zirner-und-ihr-mingus-album\/#article","isPartOf":{"@id":"https:\/\/www.jazzzeitung.de\/cms\/2024\/11\/sven-faller-und-august-zirner-und-ihr-mingus-album\/"},"author":{"name":"Redaktion JazzZeitung","@id":"https:\/\/www.jazzzeitung.de\/cms\/#\/schema\/person\/2245b36b9cd1d24cea10f01c031fb92b"},"headline":"Sven Faller und August Zirner und ihr Mingus-Album","datePublished":"2024-11-05T09:03:41+00:00","mainEntityOfPage":{"@id":"https:\/\/www.jazzzeitung.de\/cms\/2024\/11\/sven-faller-und-august-zirner-und-ihr-mingus-album\/"},"wordCount":591,"commentCount":1,"publisher":{"@id":"https:\/\/www.jazzzeitung.de\/cms\/#organization"},"image":{"@id":"https:\/\/www.jazzzeitung.de\/cms\/2024\/11\/sven-faller-und-august-zirner-und-ihr-mingus-album\/#primaryimage"},"thumbnailUrl":"https:\/\/i0.wp.com\/www.jazzzeitung.de\/cms\/wp-content\/uploads\/2024\/11\/Mingus_hj.michel-scaled.jpeg?fit=2560%2C2311&ssl=1","keywords":["August Zirner","CD","CD-Rezension","Charles Mingus","GLM Music","Michael Scheiner","Mingus-Album","Sven Faller"],"articleSection":["Rezension"],"inLanguage":"de","potentialAction":[{"@type":"CommentAction","name":"Comment","target":["https:\/\/www.jazzzeitung.de\/cms\/2024\/11\/sven-faller-und-august-zirner-und-ihr-mingus-album\/#respond"]}]},{"@type":"WebPage","@id":"https:\/\/www.jazzzeitung.de\/cms\/2024\/11\/sven-faller-und-august-zirner-und-ihr-mingus-album\/","url":"https:\/\/www.jazzzeitung.de\/cms\/2024\/11\/sven-faller-und-august-zirner-und-ihr-mingus-album\/","name":"Sven Faller und August Zirner und ihr Mingus-Album - JazzZeitung","isPartOf":{"@id":"https:\/\/www.jazzzeitung.de\/cms\/#website"},"primaryImageOfPage":{"@id":"https:\/\/www.jazzzeitung.de\/cms\/2024\/11\/sven-faller-und-august-zirner-und-ihr-mingus-album\/#primaryimage"},"image":{"@id":"https:\/\/www.jazzzeitung.de\/cms\/2024\/11\/sven-faller-und-august-zirner-und-ihr-mingus-album\/#primaryimage"},"thumbnailUrl":"https:\/\/i0.wp.com\/www.jazzzeitung.de\/cms\/wp-content\/uploads\/2024\/11\/Mingus_hj.michel-scaled.jpeg?fit=2560%2C2311&ssl=1","datePublished":"2024-11-05T09:03:41+00:00","breadcrumb":{"@id":"https:\/\/www.jazzzeitung.de\/cms\/2024\/11\/sven-faller-und-august-zirner-und-ihr-mingus-album\/#breadcrumb"},"inLanguage":"de","potentialAction":[{"@type":"ReadAction","target":["https:\/\/www.jazzzeitung.de\/cms\/2024\/11\/sven-faller-und-august-zirner-und-ihr-mingus-album\/"]}]},{"@type":"ImageObject","inLanguage":"de","@id":"https:\/\/www.jazzzeitung.de\/cms\/2024\/11\/sven-faller-und-august-zirner-und-ihr-mingus-album\/#primaryimage","url":"https:\/\/i0.wp.com\/www.jazzzeitung.de\/cms\/wp-content\/uploads\/2024\/11\/Mingus_hj.michel-scaled.jpeg?fit=2560%2C2311&ssl=1","contentUrl":"https:\/\/i0.wp.com\/www.jazzzeitung.de\/cms\/wp-content\/uploads\/2024\/11\/Mingus_hj.michel-scaled.jpeg?fit=2560%2C2311&ssl=1","width":2560,"height":2311,"caption":"Foto: H-J-Michel"},{"@type":"BreadcrumbList","@id":"https:\/\/www.jazzzeitung.de\/cms\/2024\/11\/sven-faller-und-august-zirner-und-ihr-mingus-album\/#breadcrumb","itemListElement":[{"@type":"ListItem","position":1,"name":"Startseite","item":"https:\/\/www.jazzzeitung.de\/cms\/"},{"@type":"ListItem","position":2,"name":"Sven Faller und August Zirner und ihr Mingus-Album"}]},{"@type":"WebSite","@id":"https:\/\/www.jazzzeitung.de\/cms\/#website","url":"https:\/\/www.jazzzeitung.de\/cms\/","name":"JazzZeitung","description":"Jazz-News und Jazz-Kontroverses","publisher":{"@id":"https:\/\/www.jazzzeitung.de\/cms\/#organization"},"potentialAction":[{"@type":"SearchAction","target":{"@type":"EntryPoint","urlTemplate":"https:\/\/www.jazzzeitung.de\/cms\/?s={search_term_string}"},"query-input":{"@type":"PropertyValueSpecification","valueRequired":true,"valueName":"search_term_string"}}],"inLanguage":"de"},{"@type":"Organization","@id":"https:\/\/www.jazzzeitung.de\/cms\/#organization","name":"JazzZeitung online","url":"https:\/\/www.jazzzeitung.de\/cms\/","logo":{"@type":"ImageObject","inLanguage":"de","@id":"https:\/\/www.jazzzeitung.de\/cms\/#\/schema\/logo\/image\/","url":"https:\/\/i0.wp.com\/www.jazzzeitung.de\/cms\/wp-content\/uploads\/2015\/08\/JAZZZEITUNGDE_Logo_Neu.png?fit=499%2C200&ssl=1","contentUrl":"https:\/\/i0.wp.com\/www.jazzzeitung.de\/cms\/wp-content\/uploads\/2015\/08\/JAZZZEITUNGDE_Logo_Neu.png?fit=499%2C200&ssl=1","width":499,"height":200,"caption":"JazzZeitung online"},"image":{"@id":"https:\/\/www.jazzzeitung.de\/cms\/#\/schema\/logo\/image\/"},"sameAs":["https:\/\/www.facebook.com\/JazzZeitung\/"]},{"@type":"Person","@id":"https:\/\/www.jazzzeitung.de\/cms\/#\/schema\/person\/2245b36b9cd1d24cea10f01c031fb92b","name":"Redaktion JazzZeitung","image":{"@type":"ImageObject","inLanguage":"de","@id":"https:\/\/i0.wp.com\/www.jazzzeitung.de\/cms\/wp-content\/uploads\/2015\/08\/JAZZZEITUNGDE_Logo_Neu.png?resize=96%2C96&ssl=159975dcacb611b5700bd619b5daf0a7a","url":"https:\/\/i0.wp.com\/www.jazzzeitung.de\/cms\/wp-content\/uploads\/2015\/08\/JAZZZEITUNGDE_Logo_Neu.png?resize=96%2C96&ssl=1","contentUrl":"https:\/\/i0.wp.com\/www.jazzzeitung.de\/cms\/wp-content\/uploads\/2015\/08\/JAZZZEITUNGDE_Logo_Neu.png?resize=96%2C96&ssl=1","caption":"Redaktion JazzZeitung"},"description":"Artikel der Redaktion der JazzZeitung.","sameAs":["http:\/\/www.jazzzeitung.de\/cms\/"],"url":"https:\/\/www.jazzzeitung.de\/cms\/author\/redaktion\/"}]}},"wp-worthy-pixel":{"ignored":false,"public":null,"server":null,"url":null},"wp-worthy-type":"normal","jetpack_publicize_connections":[],"cc_featured_image_caption":{"caption_text":"","source_text":"","source_url":""},"jetpack_featured_media_url":"https:\/\/i0.wp.com\/www.jazzzeitung.de\/cms\/wp-content\/uploads\/2024\/11\/Mingus_hj.michel-scaled.jpeg?fit=2560%2C2311&ssl=1","jetpack_shortlink":"https:\/\/wp.me\/p3KEcT-8hp","jetpack-related-posts":[{"id":27012,"url":"https:\/\/www.jazzzeitung.de\/cms\/2022\/04\/abhaengen-mit-der-queen-paulo-morello-sven-faller-und-mulo-francel-veroeffentlichen-neues-album\/","url_meta":{"origin":31831,"position":0},"title":"\u201eAbh\u00e4ngen mit der Queen!\u201c &#8211; Paulo Morello, Sven Faller und Mulo Francel ver\u00f6ffentlichen neues Album","author":"Redaktion JazzZeitung","date":"5. April 2022","format":false,"excerpt":"Fluch und Segen liegen bei dieser Ver\u00f6ffentlichung nahe bei einander, auch wenn das ein wenig pathetisch klingt. Richtig m\u00fcsste es allerdings hei\u00dfen, Segen und Fluch, denn das bayerische Trio ist durch die Einschr\u00e4nkungen der Pandemie \u00fcberhaupt erst zustande gekommen.\u00a0 Im vergangenen Herbst, als Lockerungen erstmals wieder B\u00fchnenauftritte in Clubs erm\u00f6glichten,\u2026","rel":"","context":"In &quot;Rezension&quot;","block_context":{"text":"Rezension","link":"https:\/\/www.jazzzeitung.de\/cms\/thema\/rezension\/"},"img":{"alt_text":"","src":"https:\/\/i0.wp.com\/www.jazzzeitung.de\/cms\/wp-content\/uploads\/2022\/03\/FM324_Trio2_Dombrowski-scaled-e1648715301506.jpg?fit=1200%2C903&ssl=1&resize=350%2C200","width":350,"height":200,"srcset":"https:\/\/i0.wp.com\/www.jazzzeitung.de\/cms\/wp-content\/uploads\/2022\/03\/FM324_Trio2_Dombrowski-scaled-e1648715301506.jpg?fit=1200%2C903&ssl=1&resize=350%2C200 1x, https:\/\/i0.wp.com\/www.jazzzeitung.de\/cms\/wp-content\/uploads\/2022\/03\/FM324_Trio2_Dombrowski-scaled-e1648715301506.jpg?fit=1200%2C903&ssl=1&resize=525%2C300 1.5x, https:\/\/i0.wp.com\/www.jazzzeitung.de\/cms\/wp-content\/uploads\/2022\/03\/FM324_Trio2_Dombrowski-scaled-e1648715301506.jpg?fit=1200%2C903&ssl=1&resize=700%2C400 2x, https:\/\/i0.wp.com\/www.jazzzeitung.de\/cms\/wp-content\/uploads\/2022\/03\/FM324_Trio2_Dombrowski-scaled-e1648715301506.jpg?fit=1200%2C903&ssl=1&resize=1050%2C600 3x"},"classes":[]},{"id":30485,"url":"https:\/\/www.jazzzeitung.de\/cms\/2024\/01\/neues-album-von-anna-maria-sturm-und-sven-faller\/","url_meta":{"origin":31831,"position":1},"title":"Neues Album von Anna Maria Sturm und Sven Faller","author":"Michael Scheiner","date":"17. Januar 2024","format":false,"excerpt":"\u201e\u2026Und er f\u00e4llt, f\u00e4llt, f\u00e4llt!\u201c Regen als Freund, als willkommen gehei\u00dfener Begleiter, als Reinwascher. Selten gibt es einen sch\u00f6neren Song im Pop, der den Regen und das Gef\u00fchl besingt selbst ein Regentropfen zu sein. \u201eNur mich\u201c nennt Anna Maria Sturm dieses innige Bekenntnis, mit dem das gleichnamige neue Album der\u2026","rel":"","context":"In &quot;Rezension&quot;","block_context":{"text":"Rezension","link":"https:\/\/www.jazzzeitung.de\/cms\/thema\/rezension\/"},"img":{"alt_text":"","src":"https:\/\/i0.wp.com\/www.jazzzeitung.de\/cms\/wp-content\/uploads\/2024\/01\/23-05-11_Sturm_Foto_Dovile-Sermokas.jpg?fit=1200%2C800&ssl=1&resize=350%2C200","width":350,"height":200,"srcset":"https:\/\/i0.wp.com\/www.jazzzeitung.de\/cms\/wp-content\/uploads\/2024\/01\/23-05-11_Sturm_Foto_Dovile-Sermokas.jpg?fit=1200%2C800&ssl=1&resize=350%2C200 1x, https:\/\/i0.wp.com\/www.jazzzeitung.de\/cms\/wp-content\/uploads\/2024\/01\/23-05-11_Sturm_Foto_Dovile-Sermokas.jpg?fit=1200%2C800&ssl=1&resize=525%2C300 1.5x, https:\/\/i0.wp.com\/www.jazzzeitung.de\/cms\/wp-content\/uploads\/2024\/01\/23-05-11_Sturm_Foto_Dovile-Sermokas.jpg?fit=1200%2C800&ssl=1&resize=700%2C400 2x, https:\/\/i0.wp.com\/www.jazzzeitung.de\/cms\/wp-content\/uploads\/2024\/01\/23-05-11_Sturm_Foto_Dovile-Sermokas.jpg?fit=1200%2C800&ssl=1&resize=1050%2C600 3x"},"classes":[]},{"id":18158,"url":"https:\/\/www.jazzzeitung.de\/cms\/2018\/12\/bassist-sven-faller-leitet-kuenftig-den-bereich-jazz-bei-der-sommerakademie-neuburg-an-der-donau\/","url_meta":{"origin":31831,"position":2},"title":"Bassist Sven Faller leitet k\u00fcnftig den Bereich Jazz bei der Sommerakademie Neuburg an der Donau","author":"Michael Scheiner","date":"28. Dezember 2018","format":false,"excerpt":"Neuburg a.d. Donau. Neben Musik- und Musikfachschulen haben sich Workshops zu einem wichtigen Standbein der \u201ejazz education\u201c entwickelt. Mit einem au\u00dferordentlich breiten Angebot aus Bildender Kunst, Tanz, Kunsthandwerk, Alter Musik, Klassik und Jazz hat die Neuburger Sommerakademie dabei immer eine Sonderstellung eingenommen. Spezialisierte Workshops, wie in Bayern in Erlangen und\u2026","rel":"","context":"In &quot;Bericht&quot;","block_context":{"text":"Bericht","link":"https:\/\/www.jazzzeitung.de\/cms\/thema\/bericht\/"},"img":{"alt_text":"Sven Faller. Foto: Michael Scheiner","src":"https:\/\/i0.wp.com\/www.jazzzeitung.de\/cms\/wp-content\/uploads\/2018\/12\/Sven-piano_01.jpeg?fit=1200%2C800&ssl=1&resize=350%2C200","width":350,"height":200,"srcset":"https:\/\/i0.wp.com\/www.jazzzeitung.de\/cms\/wp-content\/uploads\/2018\/12\/Sven-piano_01.jpeg?fit=1200%2C800&ssl=1&resize=350%2C200 1x, https:\/\/i0.wp.com\/www.jazzzeitung.de\/cms\/wp-content\/uploads\/2018\/12\/Sven-piano_01.jpeg?fit=1200%2C800&ssl=1&resize=525%2C300 1.5x, https:\/\/i0.wp.com\/www.jazzzeitung.de\/cms\/wp-content\/uploads\/2018\/12\/Sven-piano_01.jpeg?fit=1200%2C800&ssl=1&resize=700%2C400 2x, https:\/\/i0.wp.com\/www.jazzzeitung.de\/cms\/wp-content\/uploads\/2018\/12\/Sven-piano_01.jpeg?fit=1200%2C800&ssl=1&resize=1050%2C600 3x"},"classes":[]},{"id":19332,"url":"https:\/\/www.jazzzeitung.de\/cms\/2019\/05\/sven-faller-mit-exzellentem-trio-auf-tour-durch-sueddeutschland\/","url_meta":{"origin":31831,"position":3},"title":"Sven Faller mit exzellentem Trio auf Tour durch S\u00fcddeutschland","author":"Michael Scheiner","date":"1. Mai 2019","format":false,"excerpt":"Regensburg. Lou Reeds \u201eNCY Man\u201c m\u00fcsste im Fall von Sven Faller (bass) von Jazzclub-Chef Winfried Freisleben noch um die \u201eNYC Woman\u201c, Schlagzeugerin Mareike Wiening, erg\u00e4nzt werden. Damit konnte Freisleben in seiner Begr\u00fc\u00dfung von Fallers \u201eNight Music\/German Music\u201c illustrieren, dass die regional verorteten Musiker einen internationalen Horizont mitbringen. Dritter im Bund\u2026","rel":"","context":"In &quot;Bericht&quot;","block_context":{"text":"Bericht","link":"https:\/\/www.jazzzeitung.de\/cms\/thema\/bericht\/"},"img":{"alt_text":"","src":"https:\/\/i0.wp.com\/www.jazzzeitung.de\/cms\/wp-content\/uploads\/2019\/04\/Faller-Sven_97.jpeg?fit=567%2C378&ssl=1&resize=350%2C200","width":350,"height":200,"srcset":"https:\/\/i0.wp.com\/www.jazzzeitung.de\/cms\/wp-content\/uploads\/2019\/04\/Faller-Sven_97.jpeg?fit=567%2C378&ssl=1&resize=350%2C200 1x, https:\/\/i0.wp.com\/www.jazzzeitung.de\/cms\/wp-content\/uploads\/2019\/04\/Faller-Sven_97.jpeg?fit=567%2C378&ssl=1&resize=525%2C300 1.5x"},"classes":[]},{"id":3679,"url":"https:\/\/www.jazzzeitung.de\/cms\/2014\/03\/musikerbiografien-als-anonyme-hoerbuecher-veroeffentlicht\/","url_meta":{"origin":31831,"position":4},"title":"Musikerbiografien als anonyme H\u00f6rb\u00fccher ver\u00f6ffentlicht","author":"Redaktion JazzZeitung","date":"31. M\u00e4rz 2014","format":false,"excerpt":"Aus unserer aktuellen Printausgabe, von Marcus A. Woelfle - Ich habe in meiner Laufbahn Vieles erlebt: Mir wurden Texte unterschoben, w\u00e4hrend meine Passagen in Artikeln anderer auftauchten. Meine Worte wurden von wohlmeinenden, doch kenntnislosen Korrekturlesern verschlimmbessert, sinnentstellend gek\u00fcrzt und ver\u00e4ndert. Einmal wurde sogar ein von mir geschriebenes Buch um ein\u2026","rel":"","context":"In &quot;News&quot;","block_context":{"text":"News","link":"https:\/\/www.jazzzeitung.de\/cms\/thema\/nachrichten\/"},"img":{"alt_text":"Baker","src":"https:\/\/i0.wp.com\/www.jazzzeitung.de\/cms\/wp-content\/uploads\/2014\/03\/Baker-150x150.jpg?resize=350%2C200","width":350,"height":200},"classes":[]},{"id":27116,"url":"https:\/\/www.jazzzeitung.de\/cms\/2022\/04\/die-erweiterte-jazz-radiowoche-vom-18-04-22-24-04-2022\/","url_meta":{"origin":31831,"position":5},"title":"Die erweiterte Jazz-Radiowoche vom 18.04.22\u201324.04.2022","author":"Martin Hufner","date":"17. April 2022","format":false,"excerpt":"Ein kleiner Blick in die Radiowoche 16. Die \u00dcbersicht zum Download als PDF. Alle Angaben ohne Gew\u00e4hr. Aktuell wieder erg\u00e4nzt mit den tollen Sendungen zur Neuen Musik von BR-KLASSIK und \u00d61. Senderliste: ORF \u2013 \u00d61 Deutschlandfunk \u2013 \"Fakten und mehr\" Deutschlandfunk-Kultur \u2013 \"Das Feuilleton im Radio\" ndr Kultur \u2013 H\u00f6ren\u2026","rel":"","context":"In &quot;News&quot;","block_context":{"text":"News","link":"https:\/\/www.jazzzeitung.de\/cms\/thema\/nachrichten\/"},"img":{"alt_text":"Jazz im Radio. Foto\/Montage: Hufner","src":"https:\/\/i0.wp.com\/www.jazzzeitung.de\/cms\/wp-content\/uploads\/2018\/05\/radio-jazz_journalisten.jpg?fit=1200%2C900&ssl=1&resize=350%2C200","width":350,"height":200,"srcset":"https:\/\/i0.wp.com\/www.jazzzeitung.de\/cms\/wp-content\/uploads\/2018\/05\/radio-jazz_journalisten.jpg?fit=1200%2C900&ssl=1&resize=350%2C200 1x, https:\/\/i0.wp.com\/www.jazzzeitung.de\/cms\/wp-content\/uploads\/2018\/05\/radio-jazz_journalisten.jpg?fit=1200%2C900&ssl=1&resize=525%2C300 1.5x, https:\/\/i0.wp.com\/www.jazzzeitung.de\/cms\/wp-content\/uploads\/2018\/05\/radio-jazz_journalisten.jpg?fit=1200%2C900&ssl=1&resize=700%2C400 2x, https:\/\/i0.wp.com\/www.jazzzeitung.de\/cms\/wp-content\/uploads\/2018\/05\/radio-jazz_journalisten.jpg?fit=1200%2C900&ssl=1&resize=1050%2C600 3x"},"classes":[]}],"jetpack_sharing_enabled":true,"_links":{"self":[{"href":"https:\/\/www.jazzzeitung.de\/cms\/wp-json\/wp\/v2\/posts\/31831","targetHints":{"allow":["GET"]}}],"collection":[{"href":"https:\/\/www.jazzzeitung.de\/cms\/wp-json\/wp\/v2\/posts"}],"about":[{"href":"https:\/\/www.jazzzeitung.de\/cms\/wp-json\/wp\/v2\/types\/post"}],"author":[{"embeddable":true,"href":"https:\/\/www.jazzzeitung.de\/cms\/wp-json\/wp\/v2\/users\/18"}],"replies":[{"embeddable":true,"href":"https:\/\/www.jazzzeitung.de\/cms\/wp-json\/wp\/v2\/comments?post=31831"}],"version-history":[{"count":1,"href":"https:\/\/www.jazzzeitung.de\/cms\/wp-json\/wp\/v2\/posts\/31831\/revisions"}],"predecessor-version":[{"id":31834,"href":"https:\/\/www.jazzzeitung.de\/cms\/wp-json\/wp\/v2\/posts\/31831\/revisions\/31834"}],"wp:featuredmedia":[{"embeddable":true,"href":"https:\/\/www.jazzzeitung.de\/cms\/wp-json\/wp\/v2\/media\/31832"}],"wp:attachment":[{"href":"https:\/\/www.jazzzeitung.de\/cms\/wp-json\/wp\/v2\/media?parent=31831"}],"wp:term":[{"taxonomy":"category","embeddable":true,"href":"https:\/\/www.jazzzeitung.de\/cms\/wp-json\/wp\/v2\/categories?post=31831"},{"taxonomy":"post_tag","embeddable":true,"href":"https:\/\/www.jazzzeitung.de\/cms\/wp-json\/wp\/v2\/tags?post=31831"},{"taxonomy":"author","embeddable":true,"href":"https:\/\/www.jazzzeitung.de\/cms\/wp-json\/wp\/v2\/coauthors?post=31831"}],"curies":[{"name":"wp","href":"https:\/\/api.w.org\/{rel}","templated":true}]}}