{"id":31820,"date":"2024-10-28T14:36:13","date_gmt":"2024-10-28T13:36:13","guid":{"rendered":"https:\/\/www.jazzzeitung.de\/cms\/?p=31820"},"modified":"2024-10-28T14:36:13","modified_gmt":"2024-10-28T13:36:13","slug":"insomnia-brass-band","status":"publish","type":"post","link":"https:\/\/www.jazzzeitung.de\/cms\/2024\/10\/insomnia-brass-band\/","title":{"rendered":"Bayerisches Feeling \u2013 schl\u00e4friger Blues: Berliner Insomnia Brass Band mischt Regensburger Jazzclub auf"},"content":{"rendered":"<p><strong>Regensburg. Als \u201ekleinste Big Band der Welt\u201c bezeichnete sich einst das Duo des bei M\u00fcnchen lebenden britischen Schlagzeugers Pete York mit Keyboarder Eddie Hardin von der Spencer Davis Group. Analog dazu w\u00e4re eine Markierung f\u00fcr die Berliner Insomnia Brass Band als \u201ekleinste Brass Band der Welt\u201c durchaus angemessen, g\u00e4be es im Jazz nicht die eine oder andere \u00e4hnlich besetzte Formation. Dennoch \u2013 Baritonsaxofon, Posaune und Schlagzeug, das ist schon eine seltene Mischung.<\/strong><\/p>\n<p><em>von Michael Scheiner<\/em><\/p>\n<p>Zwei Tieft\u00f6ner, die sich in jedem gr\u00f6\u00dferen Ensemble pr\u00e4chtig ausnehmen w\u00fcrden, und ein strahlender Schlagzeuger, der die musikalische Erz\u00e4hlung auf der B\u00fchne des Leeren Beutel mal subtil klangmalerisch unterst\u00fctzt, mal mit einem Sambatakt zusammenh\u00e4lt. Der Clou bei ihrem Auftritt in Regensburg: wenige Tage zuvor war eine \u00e4hnliche Besetzung zu h\u00f6ren. Auch wenn Posaunist Ray Anderson und Saxofonist Michael Moore vom Joe Hertenstein Trio in einer anderen Liga spielen und aus einer musikalisch anderen Ecke kommen als die europ\u00e4isch gepr\u00e4gten Berliner, kann man die Bl\u00e4sergruppen durchaus miteinander vergleichen.<\/p>\n<h3>Unverst\u00e4ndnis, Ablehnung und surrealer Schabernack<\/h3>\n<p>Und dabei schneiden die in Norddeutschland aufgewachsenen Musiker&#42;innen keineswegs schlecht ab. \u201eDie k\u00f6nnen ohne weiteres mit den Amerikanern mithalten\u201c, zeigte sich ein Zuh\u00f6rer, der beiden Konzerte besuchte, hocherfreut \u00fcber die Baritonsaxofonistin Almut Schlichtung, Anke Lucks an der Posaune und Christian Marien am Schlagzeug. Passenderweise setzte das Trio mit den \u201eSpuren des Sommers\u201c (Traces of Summer) ein, wobei die Posaunistin die fanfarenartige Leadstimme \u00fcbernahm.<\/p>\n<p>Die wechselte in \u201eRadio Amalfi\u201c zu Schlichtung, die ihr geharnischtes Solo mit \u00dcberblastechnik bis in die Zone des heiseren Kreischens trieb. Warum gerade die Komposition \u00fcber die pittoresk gelegene italienische Kleinstadt wie ein schuldbeladener S\u00fcnder daherstolpert, erschlie\u00dft sich nicht ganz. Vermutlich ist es dem skurrilen Witz und offenen wie versteckten Humor geschuldet, mit dem die Mini-Brass-Band musikalisch spielerisch auftrumpft. Dieser zeigte sich auch in der Moderation bei Schlichtung. Wie in einer Fortsetzungsgeschichte erz\u00e4hlte die Saxofonistin, von der die meisten Kompositionen stammen, von der angeblichen Herkunft der Bandmitglieder aus einer Kleinstadt, wo sie mit ihrer Art sich musikalisch auszudr\u00fccken nur auf Unverst\u00e4ndnis und Ablehnung sto\u00dfen.<\/p>\n<h3>Von heiter bis quirlig \u00fcber Punk zu Poesie<\/h3>\n<p>Der surreale Schabernack, der die drei umtreibt, dr\u00fcckt sich auch im Titel des neuen Albums aus, mit dem die Band auf Tour durch Deutschland und \u00d6sterreich ist. \u201eCrooked Alligator\u201c, das bucklige Krokodil also, schnappt auf dem Cover nach einem Tiefseefisch, wobei ihm auch noch eine Musikkassette in den langen Z\u00e4hnen h\u00e4ngt. Mit \u201eLittle People\u201c, Kleinen Leuten, hat das Raubtier nicht viel am Hut. Die tanzen ihm n\u00e4mlich \u2013 zumindest musikalisch \u2013 mit heiterem Groove, den der quirlige Schlagzeuger, unterst\u00fctzt vom repetitiven Motiv Lucks\u2019, auf der Nase herum. Wenn Marien auf den R\u00e4ndern seiner Toms und einem reichlich zerfressenen Becken klackert und zischt, k\u00f6nnen schon auch mal wie im \u201eSunday Song\u201c Assoziationen an die Neue Deutsche Welle aufploppen.<\/p>\n<p>Stilistisch macht das h\u00f6chst vergn\u00fcgliche und enorm vielgestaltige Trio vor keinem Genre Halt, nutzt raue Sounds und freie Improvisationen ebenso, wie punkige Attacken und latinartige Grooves. Rotzig-freche Loudness wird manchmal in einem St\u00fcck abgel\u00f6st von stimmungsvolle Eindr\u00fccken oder poetisch leisen T\u00f6nen, die einfach verfliegen.<\/p>\n<p>Dabei zeigen sich die beiden Bl\u00e4serinnen als eingespieltes Team, das sich gegenseitig die B\u00e4lle zuspielt und lustvoll die Freir\u00e4ume f\u00fcr Improvisationen auskostet. Bestens unterst\u00fctzt vom Schlagzeuger, der mit einem langsamen Walzerrhythmus auch mal bayerisches Feeling anklingen l\u00e4sst, bevor er wieder in einen schl\u00e4frigen Blues zur\u00fcckf\u00e4llt.<\/p>\n","protected":false},"excerpt":{"rendered":"<p>Regensburg. Als \u201ekleinste Big Band der Welt\u201c bezeichnete sich einst das Duo des bei M\u00fcnchen lebenden britischen Schlagzeugers Pete York mit Keyboarder Eddie Hardin von der Spencer Davis Group. Analog dazu w\u00e4re eine Markierung f\u00fcr die Berliner Insomnia Brass Band als \u201ekleinste Brass Band der Welt\u201c durchaus angemessen, g\u00e4be es im Jazz nicht die eine oder andere \u00e4hnlich besetzte Formation. Dennoch \u2013 Baritonsaxofon, Posaune und Schlagzeug, das ist schon eine seltene Mischung. von Michael Scheiner Zwei Tieft\u00f6ner, die sich in jedem gr\u00f6\u00dferen Ensemble pr\u00e4chtig ausnehmen w\u00fcrden, und ein strahlender Schlagzeuger, der die musikalische Erz\u00e4hlung auf der B\u00fchne des Leeren Beutel mal subtil klangmalerisch unterst\u00fctzt, mal mit einem Sambatakt zusammenh\u00e4lt. Der Clou bei ihrem Auftritt in Regensburg: wenige Tage zuvor war eine \u00e4hnliche Besetzung zu h\u00f6ren. Auch wenn Posaunist Ray Anderson und Saxofonist Michael Moore vom Joe Hertenstein Trio in einer anderen Liga spielen und aus einer musikalisch anderen Ecke kommen als die europ\u00e4isch gepr\u00e4gten Berliner, kann man die Bl\u00e4sergruppen durchaus miteinander vergleichen. Unverst\u00e4ndnis, Ablehnung und surrealer Schabernack Und dabei schneiden die in Norddeutschland aufgewachsenen Musiker&#42;innen keineswegs schlecht ab. \u201eDie k\u00f6nnen ohne weiteres mit den Amerikanern &hellip;<\/p>\n","protected":false},"author":18,"featured_media":31821,"comment_status":"open","ping_status":"closed","sticky":false,"template":"","format":"standard","meta":{"_jetpack_memberships_contains_paid_content":false,"footnotes":"","jetpack_publicize_message":"","jetpack_publicize_feature_enabled":true,"jetpack_social_post_already_shared":true,"jetpack_social_options":{"image_generator_settings":{"template":"highway","default_image_id":0,"font":"","enabled":false},"version":2}},"categories":[1053],"tags":[5514,4435,4437,3566],"coauthors":[695],"class_list":["post-31820","post","type-post","status-publish","format-standard","has-post-thumbnail","hentry","category-bericht","tag-almut-schlichtung","tag-anke-lucks","tag-christian-marien","tag-insomnia-brass-band"],"yoast_head":"<!-- This site is optimized with the Yoast SEO plugin v27.5 - https:\/\/yoast.com\/product\/yoast-seo-wordpress\/ -->\n<title>Insomnia Brass Band mischt Regensburger Jazzclub auf - JazzZeitung<\/title>\n<meta name=\"robots\" content=\"index, follow, max-snippet:-1, max-image-preview:large, max-video-preview:-1\" \/>\n<link rel=\"canonical\" href=\"https:\/\/www.jazzzeitung.de\/cms\/2024\/10\/insomnia-brass-band\/\" \/>\n<meta property=\"og:locale\" content=\"de_DE\" \/>\n<meta property=\"og:type\" content=\"article\" \/>\n<meta property=\"og:title\" content=\"Insomnia Brass Band mischt Regensburger Jazzclub auf - JazzZeitung\" \/>\n<meta property=\"og:description\" content=\"Regensburg. Als \u201ekleinste Big Band der Welt\u201c bezeichnete sich einst das Duo des bei M\u00fcnchen lebenden britischen Schlagzeugers Pete York mit Keyboarder Eddie Hardin von der Spencer Davis Group. Analog dazu w\u00e4re eine Markierung f\u00fcr die Berliner Insomnia Brass Band als \u201ekleinste Brass Band der Welt\u201c durchaus angemessen, g\u00e4be es im Jazz nicht die eine oder andere \u00e4hnlich besetzte Formation. Dennoch \u2013 Baritonsaxofon, Posaune und Schlagzeug, das ist schon eine seltene Mischung. von Michael Scheiner Zwei Tieft\u00f6ner, die sich in jedem gr\u00f6\u00dferen Ensemble pr\u00e4chtig ausnehmen w\u00fcrden, und ein strahlender Schlagzeuger, der die musikalische Erz\u00e4hlung auf der B\u00fchne des Leeren Beutel mal subtil klangmalerisch unterst\u00fctzt, mal mit einem Sambatakt zusammenh\u00e4lt. Der Clou bei ihrem Auftritt in Regensburg: wenige Tage zuvor war eine \u00e4hnliche Besetzung zu h\u00f6ren. Auch wenn Posaunist Ray Anderson und Saxofonist Michael Moore vom Joe Hertenstein Trio in einer anderen Liga spielen und aus einer musikalisch anderen Ecke kommen als die europ\u00e4isch gepr\u00e4gten Berliner, kann man die Bl\u00e4sergruppen durchaus miteinander vergleichen. Unverst\u00e4ndnis, Ablehnung und surrealer Schabernack Und dabei schneiden die in Norddeutschland aufgewachsenen Musiker&#042;innen keineswegs schlecht ab. \u201eDie k\u00f6nnen ohne weiteres mit den Amerikanern &hellip;\" \/>\n<meta property=\"og:url\" content=\"https:\/\/www.jazzzeitung.de\/cms\/2024\/10\/insomnia-brass-band\/\" \/>\n<meta property=\"og:site_name\" content=\"JazzZeitung\" \/>\n<meta property=\"article:publisher\" content=\"https:\/\/www.facebook.com\/JazzZeitung\/\" \/>\n<meta property=\"article:published_time\" content=\"2024-10-28T13:36:13+00:00\" \/>\n<meta property=\"og:image\" content=\"https:\/\/www.jazzzeitung.de\/cms\/wp-content\/uploads\/2024\/10\/insomnia-brass-band_86.jpeg\" \/>\n\t<meta property=\"og:image:width\" content=\"1280\" \/>\n\t<meta property=\"og:image:height\" content=\"853\" \/>\n\t<meta property=\"og:image:type\" content=\"image\/jpeg\" \/>\n<meta name=\"author\" content=\"Redaktion JazzZeitung\" \/>\n<script type=\"application\/ld+json\" class=\"yoast-schema-graph\">{\"@context\":\"https:\\\/\\\/schema.org\",\"@graph\":[{\"@type\":\"Article\",\"@id\":\"https:\\\/\\\/www.jazzzeitung.de\\\/cms\\\/2024\\\/10\\\/insomnia-brass-band\\\/#article\",\"isPartOf\":{\"@id\":\"https:\\\/\\\/www.jazzzeitung.de\\\/cms\\\/2024\\\/10\\\/insomnia-brass-band\\\/\"},\"author\":{\"name\":\"Redaktion JazzZeitung\",\"@id\":\"https:\\\/\\\/www.jazzzeitung.de\\\/cms\\\/#\\\/schema\\\/person\\\/2245b36b9cd1d24cea10f01c031fb92b\"},\"headline\":\"Bayerisches Feeling \u2013 schl\u00e4friger Blues: Berliner Insomnia Brass Band mischt Regensburger Jazzclub auf\",\"datePublished\":\"2024-10-28T13:36:13+00:00\",\"mainEntityOfPage\":{\"@id\":\"https:\\\/\\\/www.jazzzeitung.de\\\/cms\\\/2024\\\/10\\\/insomnia-brass-band\\\/\"},\"wordCount\":606,\"commentCount\":0,\"publisher\":{\"@id\":\"https:\\\/\\\/www.jazzzeitung.de\\\/cms\\\/#organization\"},\"image\":{\"@id\":\"https:\\\/\\\/www.jazzzeitung.de\\\/cms\\\/2024\\\/10\\\/insomnia-brass-band\\\/#primaryimage\"},\"thumbnailUrl\":\"https:\\\/\\\/i0.wp.com\\\/www.jazzzeitung.de\\\/cms\\\/wp-content\\\/uploads\\\/2024\\\/10\\\/insomnia-brass-band_86.jpeg?fit=1280%2C853&ssl=1\",\"keywords\":[\"Almut Schlichtung\",\"Anke Lucks\",\"Christian Marien\",\"Insomnia Brass Band\"],\"articleSection\":[\"Bericht\"],\"inLanguage\":\"de\",\"potentialAction\":[{\"@type\":\"CommentAction\",\"name\":\"Comment\",\"target\":[\"https:\\\/\\\/www.jazzzeitung.de\\\/cms\\\/2024\\\/10\\\/insomnia-brass-band\\\/#respond\"]}]},{\"@type\":\"WebPage\",\"@id\":\"https:\\\/\\\/www.jazzzeitung.de\\\/cms\\\/2024\\\/10\\\/insomnia-brass-band\\\/\",\"url\":\"https:\\\/\\\/www.jazzzeitung.de\\\/cms\\\/2024\\\/10\\\/insomnia-brass-band\\\/\",\"name\":\"Insomnia Brass Band mischt Regensburger Jazzclub auf - JazzZeitung\",\"isPartOf\":{\"@id\":\"https:\\\/\\\/www.jazzzeitung.de\\\/cms\\\/#website\"},\"primaryImageOfPage\":{\"@id\":\"https:\\\/\\\/www.jazzzeitung.de\\\/cms\\\/2024\\\/10\\\/insomnia-brass-band\\\/#primaryimage\"},\"image\":{\"@id\":\"https:\\\/\\\/www.jazzzeitung.de\\\/cms\\\/2024\\\/10\\\/insomnia-brass-band\\\/#primaryimage\"},\"thumbnailUrl\":\"https:\\\/\\\/i0.wp.com\\\/www.jazzzeitung.de\\\/cms\\\/wp-content\\\/uploads\\\/2024\\\/10\\\/insomnia-brass-band_86.jpeg?fit=1280%2C853&ssl=1\",\"datePublished\":\"2024-10-28T13:36:13+00:00\",\"breadcrumb\":{\"@id\":\"https:\\\/\\\/www.jazzzeitung.de\\\/cms\\\/2024\\\/10\\\/insomnia-brass-band\\\/#breadcrumb\"},\"inLanguage\":\"de\",\"potentialAction\":[{\"@type\":\"ReadAction\",\"target\":[\"https:\\\/\\\/www.jazzzeitung.de\\\/cms\\\/2024\\\/10\\\/insomnia-brass-band\\\/\"]}]},{\"@type\":\"ImageObject\",\"inLanguage\":\"de\",\"@id\":\"https:\\\/\\\/www.jazzzeitung.de\\\/cms\\\/2024\\\/10\\\/insomnia-brass-band\\\/#primaryimage\",\"url\":\"https:\\\/\\\/i0.wp.com\\\/www.jazzzeitung.de\\\/cms\\\/wp-content\\\/uploads\\\/2024\\\/10\\\/insomnia-brass-band_86.jpeg?fit=1280%2C853&ssl=1\",\"contentUrl\":\"https:\\\/\\\/i0.wp.com\\\/www.jazzzeitung.de\\\/cms\\\/wp-content\\\/uploads\\\/2024\\\/10\\\/insomnia-brass-band_86.jpeg?fit=1280%2C853&ssl=1\",\"width\":1280,\"height\":853,\"caption\":\"Almut Schlichtung (Saxophon), Christian Marien (Schlagzeug) und Anke Lucks (Posaune) sind die vielleichst \u201ekleinste Brassband der Welt\u201c. \u00a9 Michael Scheiner\"},{\"@type\":\"BreadcrumbList\",\"@id\":\"https:\\\/\\\/www.jazzzeitung.de\\\/cms\\\/2024\\\/10\\\/insomnia-brass-band\\\/#breadcrumb\",\"itemListElement\":[{\"@type\":\"ListItem\",\"position\":1,\"name\":\"Startseite\",\"item\":\"https:\\\/\\\/www.jazzzeitung.de\\\/cms\\\/\"},{\"@type\":\"ListItem\",\"position\":2,\"name\":\"Bayerisches Feeling \u2013 schl\u00e4friger Blues: Berliner Insomnia Brass Band mischt Regensburger Jazzclub auf\"}]},{\"@type\":\"WebSite\",\"@id\":\"https:\\\/\\\/www.jazzzeitung.de\\\/cms\\\/#website\",\"url\":\"https:\\\/\\\/www.jazzzeitung.de\\\/cms\\\/\",\"name\":\"JazzZeitung\",\"description\":\"Jazz-News und Jazz-Kontroverses\",\"publisher\":{\"@id\":\"https:\\\/\\\/www.jazzzeitung.de\\\/cms\\\/#organization\"},\"potentialAction\":[{\"@type\":\"SearchAction\",\"target\":{\"@type\":\"EntryPoint\",\"urlTemplate\":\"https:\\\/\\\/www.jazzzeitung.de\\\/cms\\\/?s={search_term_string}\"},\"query-input\":{\"@type\":\"PropertyValueSpecification\",\"valueRequired\":true,\"valueName\":\"search_term_string\"}}],\"inLanguage\":\"de\"},{\"@type\":\"Organization\",\"@id\":\"https:\\\/\\\/www.jazzzeitung.de\\\/cms\\\/#organization\",\"name\":\"JazzZeitung online\",\"url\":\"https:\\\/\\\/www.jazzzeitung.de\\\/cms\\\/\",\"logo\":{\"@type\":\"ImageObject\",\"inLanguage\":\"de\",\"@id\":\"https:\\\/\\\/www.jazzzeitung.de\\\/cms\\\/#\\\/schema\\\/logo\\\/image\\\/\",\"url\":\"https:\\\/\\\/i0.wp.com\\\/www.jazzzeitung.de\\\/cms\\\/wp-content\\\/uploads\\\/2015\\\/08\\\/JAZZZEITUNGDE_Logo_Neu.png?fit=499%2C200&ssl=1\",\"contentUrl\":\"https:\\\/\\\/i0.wp.com\\\/www.jazzzeitung.de\\\/cms\\\/wp-content\\\/uploads\\\/2015\\\/08\\\/JAZZZEITUNGDE_Logo_Neu.png?fit=499%2C200&ssl=1\",\"width\":499,\"height\":200,\"caption\":\"JazzZeitung online\"},\"image\":{\"@id\":\"https:\\\/\\\/www.jazzzeitung.de\\\/cms\\\/#\\\/schema\\\/logo\\\/image\\\/\"},\"sameAs\":[\"https:\\\/\\\/www.facebook.com\\\/JazzZeitung\\\/\"]},{\"@type\":\"Person\",\"@id\":\"https:\\\/\\\/www.jazzzeitung.de\\\/cms\\\/#\\\/schema\\\/person\\\/2245b36b9cd1d24cea10f01c031fb92b\",\"name\":\"Redaktion JazzZeitung\",\"image\":{\"@type\":\"ImageObject\",\"inLanguage\":\"de\",\"@id\":\"https:\\\/\\\/i0.wp.com\\\/www.jazzzeitung.de\\\/cms\\\/wp-content\\\/uploads\\\/2015\\\/08\\\/JAZZZEITUNGDE_Logo_Neu.png?resize=96%2C96&ssl=159975dcacb611b5700bd619b5daf0a7a\",\"url\":\"https:\\\/\\\/i0.wp.com\\\/www.jazzzeitung.de\\\/cms\\\/wp-content\\\/uploads\\\/2015\\\/08\\\/JAZZZEITUNGDE_Logo_Neu.png?resize=96%2C96&ssl=1\",\"contentUrl\":\"https:\\\/\\\/i0.wp.com\\\/www.jazzzeitung.de\\\/cms\\\/wp-content\\\/uploads\\\/2015\\\/08\\\/JAZZZEITUNGDE_Logo_Neu.png?resize=96%2C96&ssl=1\",\"caption\":\"Redaktion JazzZeitung\"},\"description\":\"Artikel der Redaktion der JazzZeitung.\",\"sameAs\":[\"http:\\\/\\\/www.jazzzeitung.de\\\/cms\\\/\"],\"url\":\"https:\\\/\\\/www.jazzzeitung.de\\\/cms\\\/author\\\/redaktion\\\/\"}]}<\/script>\n<!-- \/ Yoast SEO plugin. -->","yoast_head_json":{"title":"Insomnia Brass Band mischt Regensburger Jazzclub auf - JazzZeitung","robots":{"index":"index","follow":"follow","max-snippet":"max-snippet:-1","max-image-preview":"max-image-preview:large","max-video-preview":"max-video-preview:-1"},"canonical":"https:\/\/www.jazzzeitung.de\/cms\/2024\/10\/insomnia-brass-band\/","og_locale":"de_DE","og_type":"article","og_title":"Insomnia Brass Band mischt Regensburger Jazzclub auf - JazzZeitung","og_description":"Regensburg. Als \u201ekleinste Big Band der Welt\u201c bezeichnete sich einst das Duo des bei M\u00fcnchen lebenden britischen Schlagzeugers Pete York mit Keyboarder Eddie Hardin von der Spencer Davis Group. Analog dazu w\u00e4re eine Markierung f\u00fcr die Berliner Insomnia Brass Band als \u201ekleinste Brass Band der Welt\u201c durchaus angemessen, g\u00e4be es im Jazz nicht die eine oder andere \u00e4hnlich besetzte Formation. Dennoch \u2013 Baritonsaxofon, Posaune und Schlagzeug, das ist schon eine seltene Mischung. von Michael Scheiner Zwei Tieft\u00f6ner, die sich in jedem gr\u00f6\u00dferen Ensemble pr\u00e4chtig ausnehmen w\u00fcrden, und ein strahlender Schlagzeuger, der die musikalische Erz\u00e4hlung auf der B\u00fchne des Leeren Beutel mal subtil klangmalerisch unterst\u00fctzt, mal mit einem Sambatakt zusammenh\u00e4lt. Der Clou bei ihrem Auftritt in Regensburg: wenige Tage zuvor war eine \u00e4hnliche Besetzung zu h\u00f6ren. Auch wenn Posaunist Ray Anderson und Saxofonist Michael Moore vom Joe Hertenstein Trio in einer anderen Liga spielen und aus einer musikalisch anderen Ecke kommen als die europ\u00e4isch gepr\u00e4gten Berliner, kann man die Bl\u00e4sergruppen durchaus miteinander vergleichen. Unverst\u00e4ndnis, Ablehnung und surrealer Schabernack Und dabei schneiden die in Norddeutschland aufgewachsenen Musiker&#42;innen keineswegs schlecht ab. \u201eDie k\u00f6nnen ohne weiteres mit den Amerikanern &hellip;","og_url":"https:\/\/www.jazzzeitung.de\/cms\/2024\/10\/insomnia-brass-band\/","og_site_name":"JazzZeitung","article_publisher":"https:\/\/www.facebook.com\/JazzZeitung\/","article_published_time":"2024-10-28T13:36:13+00:00","og_image":[{"width":1280,"height":853,"url":"https:\/\/www.jazzzeitung.de\/cms\/wp-content\/uploads\/2024\/10\/insomnia-brass-band_86.jpeg","type":"image\/jpeg"}],"author":"Redaktion JazzZeitung","schema":{"@context":"https:\/\/schema.org","@graph":[{"@type":"Article","@id":"https:\/\/www.jazzzeitung.de\/cms\/2024\/10\/insomnia-brass-band\/#article","isPartOf":{"@id":"https:\/\/www.jazzzeitung.de\/cms\/2024\/10\/insomnia-brass-band\/"},"author":{"name":"Redaktion JazzZeitung","@id":"https:\/\/www.jazzzeitung.de\/cms\/#\/schema\/person\/2245b36b9cd1d24cea10f01c031fb92b"},"headline":"Bayerisches Feeling \u2013 schl\u00e4friger Blues: Berliner Insomnia Brass Band mischt Regensburger Jazzclub auf","datePublished":"2024-10-28T13:36:13+00:00","mainEntityOfPage":{"@id":"https:\/\/www.jazzzeitung.de\/cms\/2024\/10\/insomnia-brass-band\/"},"wordCount":606,"commentCount":0,"publisher":{"@id":"https:\/\/www.jazzzeitung.de\/cms\/#organization"},"image":{"@id":"https:\/\/www.jazzzeitung.de\/cms\/2024\/10\/insomnia-brass-band\/#primaryimage"},"thumbnailUrl":"https:\/\/i0.wp.com\/www.jazzzeitung.de\/cms\/wp-content\/uploads\/2024\/10\/insomnia-brass-band_86.jpeg?fit=1280%2C853&ssl=1","keywords":["Almut Schlichtung","Anke Lucks","Christian Marien","Insomnia Brass Band"],"articleSection":["Bericht"],"inLanguage":"de","potentialAction":[{"@type":"CommentAction","name":"Comment","target":["https:\/\/www.jazzzeitung.de\/cms\/2024\/10\/insomnia-brass-band\/#respond"]}]},{"@type":"WebPage","@id":"https:\/\/www.jazzzeitung.de\/cms\/2024\/10\/insomnia-brass-band\/","url":"https:\/\/www.jazzzeitung.de\/cms\/2024\/10\/insomnia-brass-band\/","name":"Insomnia Brass Band mischt Regensburger Jazzclub auf - JazzZeitung","isPartOf":{"@id":"https:\/\/www.jazzzeitung.de\/cms\/#website"},"primaryImageOfPage":{"@id":"https:\/\/www.jazzzeitung.de\/cms\/2024\/10\/insomnia-brass-band\/#primaryimage"},"image":{"@id":"https:\/\/www.jazzzeitung.de\/cms\/2024\/10\/insomnia-brass-band\/#primaryimage"},"thumbnailUrl":"https:\/\/i0.wp.com\/www.jazzzeitung.de\/cms\/wp-content\/uploads\/2024\/10\/insomnia-brass-band_86.jpeg?fit=1280%2C853&ssl=1","datePublished":"2024-10-28T13:36:13+00:00","breadcrumb":{"@id":"https:\/\/www.jazzzeitung.de\/cms\/2024\/10\/insomnia-brass-band\/#breadcrumb"},"inLanguage":"de","potentialAction":[{"@type":"ReadAction","target":["https:\/\/www.jazzzeitung.de\/cms\/2024\/10\/insomnia-brass-band\/"]}]},{"@type":"ImageObject","inLanguage":"de","@id":"https:\/\/www.jazzzeitung.de\/cms\/2024\/10\/insomnia-brass-band\/#primaryimage","url":"https:\/\/i0.wp.com\/www.jazzzeitung.de\/cms\/wp-content\/uploads\/2024\/10\/insomnia-brass-band_86.jpeg?fit=1280%2C853&ssl=1","contentUrl":"https:\/\/i0.wp.com\/www.jazzzeitung.de\/cms\/wp-content\/uploads\/2024\/10\/insomnia-brass-band_86.jpeg?fit=1280%2C853&ssl=1","width":1280,"height":853,"caption":"Almut Schlichtung (Saxophon), Christian Marien (Schlagzeug) und Anke Lucks (Posaune) sind die vielleichst \u201ekleinste Brassband der Welt\u201c. \u00a9 Michael Scheiner"},{"@type":"BreadcrumbList","@id":"https:\/\/www.jazzzeitung.de\/cms\/2024\/10\/insomnia-brass-band\/#breadcrumb","itemListElement":[{"@type":"ListItem","position":1,"name":"Startseite","item":"https:\/\/www.jazzzeitung.de\/cms\/"},{"@type":"ListItem","position":2,"name":"Bayerisches Feeling \u2013 schl\u00e4friger Blues: Berliner Insomnia Brass Band mischt Regensburger Jazzclub auf"}]},{"@type":"WebSite","@id":"https:\/\/www.jazzzeitung.de\/cms\/#website","url":"https:\/\/www.jazzzeitung.de\/cms\/","name":"JazzZeitung","description":"Jazz-News und Jazz-Kontroverses","publisher":{"@id":"https:\/\/www.jazzzeitung.de\/cms\/#organization"},"potentialAction":[{"@type":"SearchAction","target":{"@type":"EntryPoint","urlTemplate":"https:\/\/www.jazzzeitung.de\/cms\/?s={search_term_string}"},"query-input":{"@type":"PropertyValueSpecification","valueRequired":true,"valueName":"search_term_string"}}],"inLanguage":"de"},{"@type":"Organization","@id":"https:\/\/www.jazzzeitung.de\/cms\/#organization","name":"JazzZeitung online","url":"https:\/\/www.jazzzeitung.de\/cms\/","logo":{"@type":"ImageObject","inLanguage":"de","@id":"https:\/\/www.jazzzeitung.de\/cms\/#\/schema\/logo\/image\/","url":"https:\/\/i0.wp.com\/www.jazzzeitung.de\/cms\/wp-content\/uploads\/2015\/08\/JAZZZEITUNGDE_Logo_Neu.png?fit=499%2C200&ssl=1","contentUrl":"https:\/\/i0.wp.com\/www.jazzzeitung.de\/cms\/wp-content\/uploads\/2015\/08\/JAZZZEITUNGDE_Logo_Neu.png?fit=499%2C200&ssl=1","width":499,"height":200,"caption":"JazzZeitung online"},"image":{"@id":"https:\/\/www.jazzzeitung.de\/cms\/#\/schema\/logo\/image\/"},"sameAs":["https:\/\/www.facebook.com\/JazzZeitung\/"]},{"@type":"Person","@id":"https:\/\/www.jazzzeitung.de\/cms\/#\/schema\/person\/2245b36b9cd1d24cea10f01c031fb92b","name":"Redaktion JazzZeitung","image":{"@type":"ImageObject","inLanguage":"de","@id":"https:\/\/i0.wp.com\/www.jazzzeitung.de\/cms\/wp-content\/uploads\/2015\/08\/JAZZZEITUNGDE_Logo_Neu.png?resize=96%2C96&ssl=159975dcacb611b5700bd619b5daf0a7a","url":"https:\/\/i0.wp.com\/www.jazzzeitung.de\/cms\/wp-content\/uploads\/2015\/08\/JAZZZEITUNGDE_Logo_Neu.png?resize=96%2C96&ssl=1","contentUrl":"https:\/\/i0.wp.com\/www.jazzzeitung.de\/cms\/wp-content\/uploads\/2015\/08\/JAZZZEITUNGDE_Logo_Neu.png?resize=96%2C96&ssl=1","caption":"Redaktion JazzZeitung"},"description":"Artikel der Redaktion der JazzZeitung.","sameAs":["http:\/\/www.jazzzeitung.de\/cms\/"],"url":"https:\/\/www.jazzzeitung.de\/cms\/author\/redaktion\/"}]}},"wp-worthy-pixel":{"ignored":false,"public":null,"server":null,"url":null},"wp-worthy-type":"normal","jetpack_publicize_connections":[],"cc_featured_image_caption":{"caption_text":"","source_text":"","source_url":""},"jetpack_featured_media_url":"https:\/\/i0.wp.com\/www.jazzzeitung.de\/cms\/wp-content\/uploads\/2024\/10\/insomnia-brass-band_86.jpeg?fit=1280%2C853&ssl=1","jetpack_shortlink":"https:\/\/wp.me\/p3KEcT-8he","jetpack-related-posts":[{"id":28899,"url":"https:\/\/www.jazzzeitung.de\/cms\/2023\/01\/insomnia-brass-band-mit-neuer-cd-road-works\/","url_meta":{"origin":31820,"position":0},"title":"Insomnia Brass Band mit neuer CD &#8222;Road Works&#8220;","author":"Redaktion JazzZeitung","date":"14. Januar 2023","format":false,"excerpt":"Vom n\u00e4chtlichen K\u00fcchenmeeting ihres Deb\u00fctalbums sind die Insomnia*stinnen auf die Strasse gewechselt. Vielmehr auf die ,Rail road\u2019, denn die drei Musikanten nutzen umwelttechnisch korrekt den Schienenverkehr, um zu ihren Auftrittsorten zu gelangen. Dort rollt das schwergewichtigen Trio dann seinen Klangteppich aus scheckigen, tanzbaren Rhythmen, feinen Melodien und verschlungenen Soundgeweben aus,\u2026","rel":"","context":"In &quot;Rezension&quot;","block_context":{"text":"Rezension","link":"https:\/\/www.jazzzeitung.de\/cms\/thema\/rezension\/"},"img":{"alt_text":"","src":"https:\/\/i0.wp.com\/www.jazzzeitung.de\/cms\/wp-content\/uploads\/2023\/01\/InsomniaBB_02_farbe_quer_copyright_Alexander_Beierbach-scaled.jpeg?fit=1200%2C800&ssl=1&resize=350%2C200","width":350,"height":200,"srcset":"https:\/\/i0.wp.com\/www.jazzzeitung.de\/cms\/wp-content\/uploads\/2023\/01\/InsomniaBB_02_farbe_quer_copyright_Alexander_Beierbach-scaled.jpeg?fit=1200%2C800&ssl=1&resize=350%2C200 1x, https:\/\/i0.wp.com\/www.jazzzeitung.de\/cms\/wp-content\/uploads\/2023\/01\/InsomniaBB_02_farbe_quer_copyright_Alexander_Beierbach-scaled.jpeg?fit=1200%2C800&ssl=1&resize=525%2C300 1.5x, https:\/\/i0.wp.com\/www.jazzzeitung.de\/cms\/wp-content\/uploads\/2023\/01\/InsomniaBB_02_farbe_quer_copyright_Alexander_Beierbach-scaled.jpeg?fit=1200%2C800&ssl=1&resize=700%2C400 2x, https:\/\/i0.wp.com\/www.jazzzeitung.de\/cms\/wp-content\/uploads\/2023\/01\/InsomniaBB_02_farbe_quer_copyright_Alexander_Beierbach-scaled.jpeg?fit=1200%2C800&ssl=1&resize=1050%2C600 3x"},"classes":[]},{"id":24011,"url":"https:\/\/www.jazzzeitung.de\/cms\/2020\/12\/wackelnde-waende-in-der-kueche\/","url_meta":{"origin":31820,"position":1},"title":"Wackelnde W\u00e4nde \u2013 in der K\u00fcche","author":"Michael Scheiner","date":"21. Dezember 2020","format":false,"excerpt":"Zeugnisse n\u00e4chtlicher Lebenslust verewigte der schweizerische K\u00fcnstler Daniel Spoerri ab den fr\u00fchen sechziger Jahren des letzten Jahrhunderts in seinen ber\u00fchmten Fallenbildern. Kippen, geleerte Flaschen und abgegessene Teller nebst verschmutztem Besteck und Aschenbechern wurden flu(gs)x auf der Tischplatte fixiert, um 90 Grad gedreht und an die Wand genagelt. Ob Almut Schlichtung,\u2026","rel":"","context":"In &quot;Rezension&quot;","block_context":{"text":"Rezension","link":"https:\/\/www.jazzzeitung.de\/cms\/thema\/rezension\/"},"img":{"alt_text":"","src":"https:\/\/i0.wp.com\/www.jazzzeitung.de\/cms\/wp-content\/uploads\/2020\/12\/InsomniaBB_02_farbe_quadrat_copyright_Alexander_Beierbach.jpeg?fit=960%2C960&ssl=1&resize=350%2C200","width":350,"height":200,"srcset":"https:\/\/i0.wp.com\/www.jazzzeitung.de\/cms\/wp-content\/uploads\/2020\/12\/InsomniaBB_02_farbe_quadrat_copyright_Alexander_Beierbach.jpeg?fit=960%2C960&ssl=1&resize=350%2C200 1x, https:\/\/i0.wp.com\/www.jazzzeitung.de\/cms\/wp-content\/uploads\/2020\/12\/InsomniaBB_02_farbe_quadrat_copyright_Alexander_Beierbach.jpeg?fit=960%2C960&ssl=1&resize=525%2C300 1.5x, https:\/\/i0.wp.com\/www.jazzzeitung.de\/cms\/wp-content\/uploads\/2020\/12\/InsomniaBB_02_farbe_quadrat_copyright_Alexander_Beierbach.jpeg?fit=960%2C960&ssl=1&resize=700%2C400 2x"},"classes":[]},{"id":25337,"url":"https:\/\/www.jazzzeitung.de\/cms\/2021\/08\/schweissdampfende-musik-auf-frei-jazzender-basis-live-impressionen-von-bezau-beatz\/","url_meta":{"origin":31820,"position":2},"title":"Schwei\u00dfdampfende Musik auf frei jazzender Basis \u2212 Live-Impressionen von Bezau Beatz","author":"Redaktion JazzZeitung","date":"12. August 2021","format":false,"excerpt":"Bezau Beatz geht in die 14. Runde \u2212 eine Special-Edition Geregnet hat es, immer mal wieder. Ein Musiker hat sich im Vorfeld des Festivals den Arm gebrochen, aber es konnte eine famose Alternative gefunden werden. Das ist normal, Alltag eines Veranstalters. Noch immer anders aber sind die organisatorischen Herausforderungen, die\u2026","rel":"","context":"In &quot;Bericht&quot;","block_context":{"text":"Bericht","link":"https:\/\/www.jazzzeitung.de\/cms\/thema\/bericht\/"},"img":{"alt_text":"","src":"https:\/\/i0.wp.com\/www.jazzzeitung.de\/cms\/wp-content\/uploads\/2021\/08\/DSC09750-scaled.jpg?fit=1200%2C800&ssl=1&resize=350%2C200","width":350,"height":200,"srcset":"https:\/\/i0.wp.com\/www.jazzzeitung.de\/cms\/wp-content\/uploads\/2021\/08\/DSC09750-scaled.jpg?fit=1200%2C800&ssl=1&resize=350%2C200 1x, https:\/\/i0.wp.com\/www.jazzzeitung.de\/cms\/wp-content\/uploads\/2021\/08\/DSC09750-scaled.jpg?fit=1200%2C800&ssl=1&resize=525%2C300 1.5x, https:\/\/i0.wp.com\/www.jazzzeitung.de\/cms\/wp-content\/uploads\/2021\/08\/DSC09750-scaled.jpg?fit=1200%2C800&ssl=1&resize=700%2C400 2x, https:\/\/i0.wp.com\/www.jazzzeitung.de\/cms\/wp-content\/uploads\/2021\/08\/DSC09750-scaled.jpg?fit=1200%2C800&ssl=1&resize=1050%2C600 3x"},"classes":[]},{"id":6430,"url":"https:\/\/www.jazzzeitung.de\/cms\/2015\/06\/news-jazzfestival-esslingen-feiert-praemiere-brass-band-woodshockers-gewinnt-die-german-open-2015-grimma-klavier-improvisationscamp-im-exploratorium-berlin\/","url_meta":{"origin":31820,"position":3},"title":"News: +++ Der Breitkopf-Klavierimprovisationswettbewerb +++ Jazz in Hamburg +++ Brass Band &#8222;Woodshockers&#8220; gewinnt die German Open 2015 in Grimma +++","author":"Redaktion JazzZeitung","date":"26. Juni 2015","format":false,"excerpt":"Der Breitkopf-Klavierimprovisationswettbewerb \u201eKreativ an den Tasten\u201c, der Klavierimprovisationswettbewerb des Breitkopf und H\u00e4rtel Verlages l\u00e4uft noch bis zum 30. Juni 2015. Der Wettbewerb richtet sich an alle nicht professionellen Klavierspielerinnen und -spieler in den Altersgruppen 6\u20138 Jahre, 9\u201312 Jahre und 13+ Jahre. Die Improvisationen m\u00fcssen auf YouTube hochgeladen werden. Zu gewinnen\u2026","rel":"","context":"In &quot;News&quot;","block_context":{"text":"News","link":"https:\/\/www.jazzzeitung.de\/cms\/thema\/nachrichten\/"},"img":{"alt_text":"","src":"","width":0,"height":0},"classes":[]},{"id":31427,"url":"https:\/\/www.jazzzeitung.de\/cms\/2024\/08\/jazz-im-burghof-freiluft-konzerte-in-huerth\/","url_meta":{"origin":31820,"position":4},"title":"Jazz im Burghof &#8211; Freiluft-Konzerte in H\u00fcrth","author":"Redaktion JazzZeitung","date":"6. August 2024","format":false,"excerpt":"(PM) Das Open-Air-Programm des Jazzclubs H\u00fcrth sorgt im August mit Konzerten vom \u201eJudith Tellado & Paulo Pereira Quintett\u201c sowie der \u201eSchmackes Brass Band\u201c f\u00fcr Festival-Atmosph\u00e4re im Innenhof der historischen Burg Gleuel.\u00a0Nach dem Auftakt der Open-Air-Saison mit zwei Konzerten auf dem JazzYard hinter dem Jazzkeller an der Herm\u00fclheimer Stra\u00dfe geht die\u2026","rel":"","context":"In &quot;News&quot;","block_context":{"text":"News","link":"https:\/\/www.jazzzeitung.de\/cms\/thema\/nachrichten\/"},"img":{"alt_text":"","src":"https:\/\/i0.wp.com\/www.jazzzeitung.de\/cms\/wp-content\/uploads\/2024\/08\/2024.08.16-Pressefoto-Open-Air-Burg-Judith-Tellado-Paulo-Pereira-Foto-von-Joanna-Bidler-scaled.jpg?fit=1200%2C800&ssl=1&resize=350%2C200","width":350,"height":200,"srcset":"https:\/\/i0.wp.com\/www.jazzzeitung.de\/cms\/wp-content\/uploads\/2024\/08\/2024.08.16-Pressefoto-Open-Air-Burg-Judith-Tellado-Paulo-Pereira-Foto-von-Joanna-Bidler-scaled.jpg?fit=1200%2C800&ssl=1&resize=350%2C200 1x, https:\/\/i0.wp.com\/www.jazzzeitung.de\/cms\/wp-content\/uploads\/2024\/08\/2024.08.16-Pressefoto-Open-Air-Burg-Judith-Tellado-Paulo-Pereira-Foto-von-Joanna-Bidler-scaled.jpg?fit=1200%2C800&ssl=1&resize=525%2C300 1.5x, https:\/\/i0.wp.com\/www.jazzzeitung.de\/cms\/wp-content\/uploads\/2024\/08\/2024.08.16-Pressefoto-Open-Air-Burg-Judith-Tellado-Paulo-Pereira-Foto-von-Joanna-Bidler-scaled.jpg?fit=1200%2C800&ssl=1&resize=700%2C400 2x, https:\/\/i0.wp.com\/www.jazzzeitung.de\/cms\/wp-content\/uploads\/2024\/08\/2024.08.16-Pressefoto-Open-Air-Burg-Judith-Tellado-Paulo-Pereira-Foto-von-Joanna-Bidler-scaled.jpg?fit=1200%2C800&ssl=1&resize=1050%2C600 3x"},"classes":[]},{"id":31648,"url":"https:\/\/www.jazzzeitung.de\/cms\/2024\/09\/mit-frischem-blick-auf-die-jazztradition-das-festival-are-you-syncopated\/","url_meta":{"origin":31820,"position":5},"title":"Mit frischem Blick auf die Jazztradition \u2013 das Festival \u201eAre You Syncopated?!\u201c","author":"Redaktion JazzZeitung","date":"13. September 2024","format":false,"excerpt":"Berlin wird vom 11. bis 13. Oktober 2024 erneut im Rhythmus des fr\u00fchen Jazz schwingen, wenn die dritte Ausgabe des Festivals \u201eAre You Syncopated?!\u201c in Kreuzberg, genauer im Staathaus B\u00f6cklerpark & S\u00e4\u00e4lchen am Holzmarkt stattfindet. Veranstaltet von der Syncopation Society, hat sich dieses Festival als f\u00fchrendes Ereignis f\u00fcr fr\u00fchen Jazz\u2026","rel":"","context":"In &quot;News&quot;","block_context":{"text":"News","link":"https:\/\/www.jazzzeitung.de\/cms\/thema\/nachrichten\/"},"img":{"alt_text":"","src":"https:\/\/i0.wp.com\/www.jazzzeitung.de\/cms\/wp-content\/uploads\/2024\/09\/AreYouSyncopated2024.jpg?fit=1200%2C720&ssl=1&resize=350%2C200","width":350,"height":200,"srcset":"https:\/\/i0.wp.com\/www.jazzzeitung.de\/cms\/wp-content\/uploads\/2024\/09\/AreYouSyncopated2024.jpg?fit=1200%2C720&ssl=1&resize=350%2C200 1x, https:\/\/i0.wp.com\/www.jazzzeitung.de\/cms\/wp-content\/uploads\/2024\/09\/AreYouSyncopated2024.jpg?fit=1200%2C720&ssl=1&resize=525%2C300 1.5x, https:\/\/i0.wp.com\/www.jazzzeitung.de\/cms\/wp-content\/uploads\/2024\/09\/AreYouSyncopated2024.jpg?fit=1200%2C720&ssl=1&resize=700%2C400 2x, https:\/\/i0.wp.com\/www.jazzzeitung.de\/cms\/wp-content\/uploads\/2024\/09\/AreYouSyncopated2024.jpg?fit=1200%2C720&ssl=1&resize=1050%2C600 3x"},"classes":[]}],"jetpack_sharing_enabled":true,"_links":{"self":[{"href":"https:\/\/www.jazzzeitung.de\/cms\/wp-json\/wp\/v2\/posts\/31820","targetHints":{"allow":["GET"]}}],"collection":[{"href":"https:\/\/www.jazzzeitung.de\/cms\/wp-json\/wp\/v2\/posts"}],"about":[{"href":"https:\/\/www.jazzzeitung.de\/cms\/wp-json\/wp\/v2\/types\/post"}],"author":[{"embeddable":true,"href":"https:\/\/www.jazzzeitung.de\/cms\/wp-json\/wp\/v2\/users\/18"}],"replies":[{"embeddable":true,"href":"https:\/\/www.jazzzeitung.de\/cms\/wp-json\/wp\/v2\/comments?post=31820"}],"version-history":[{"count":1,"href":"https:\/\/www.jazzzeitung.de\/cms\/wp-json\/wp\/v2\/posts\/31820\/revisions"}],"predecessor-version":[{"id":31823,"href":"https:\/\/www.jazzzeitung.de\/cms\/wp-json\/wp\/v2\/posts\/31820\/revisions\/31823"}],"wp:featuredmedia":[{"embeddable":true,"href":"https:\/\/www.jazzzeitung.de\/cms\/wp-json\/wp\/v2\/media\/31821"}],"wp:attachment":[{"href":"https:\/\/www.jazzzeitung.de\/cms\/wp-json\/wp\/v2\/media?parent=31820"}],"wp:term":[{"taxonomy":"category","embeddable":true,"href":"https:\/\/www.jazzzeitung.de\/cms\/wp-json\/wp\/v2\/categories?post=31820"},{"taxonomy":"post_tag","embeddable":true,"href":"https:\/\/www.jazzzeitung.de\/cms\/wp-json\/wp\/v2\/tags?post=31820"},{"taxonomy":"author","embeddable":true,"href":"https:\/\/www.jazzzeitung.de\/cms\/wp-json\/wp\/v2\/coauthors?post=31820"}],"curies":[{"name":"wp","href":"https:\/\/api.w.org\/{rel}","templated":true}]}}