{"id":31814,"date":"2024-10-23T09:53:59","date_gmt":"2024-10-23T07:53:59","guid":{"rendered":"https:\/\/www.jazzzeitung.de\/cms\/?p=31814"},"modified":"2024-10-23T09:54:33","modified_gmt":"2024-10-23T07:54:33","slug":"pat-metheny-solo-in-der-isarphilharmonie","status":"publish","type":"post","link":"https:\/\/www.jazzzeitung.de\/cms\/2024\/10\/pat-metheny-solo-in-der-isarphilharmonie\/","title":{"rendered":"Pat Metheny Solo in der Isarphilharmonie"},"content":{"rendered":"<p>(Von Thomas J. Krebs) Pat Metheny und seine Gitarren \u2026 im Laufe der Zeit sind da so Einige zusammen gekommen. Viele davon hat er selbst entwickelt &#8211; immer wieder tauchte auf der B\u00fchne ein neues Instrument auf. Am Ende waren es \u00fcber zehn Girarren, die von ihm vorgestellt und gespielt wurden. Was Metheny nach wie vor auszeichnet ist seine klangtechnische Neugier, egal ob auf einer Bariton- oder der speziellen Pikassogitarre, die an dem Abend nat\u00fcrlich auch nicht fehlen durfte. Stets ist er dabei Neuland auf seinen Instrumenten auszuloten, egal ob im Tourbus, Hotelzimmer oder den Konzerts\u00e4len.<\/p>\n<h3>Aus seinem bewegten Leben<\/h3>\n<p>Nach nunmehr 53 Alben stellte Metheny in der Isarphilharmonie seine aktuellen Ver\u00f6ffentlichungen \u201eDream Box\u201c &amp; \u201eMoon Dial\u201c vor. Soloalben gibt es bereits mehrere von ihm, aber Pat Metheny solo live, das ist tats\u00e4chlich ein Novum! Mit seinen mittlerweile 70 Jahren tourt er zum ersten Mal ohne weitere Musiker durch die Lande, stellt eine ganz pers\u00f6nliche Auswahl an St\u00fccken vor und begleitet sich dabei mal per Looper oder mit dem ebenfalls von ihm erfundenen und konstruierten Orchestrion. Metheny erz\u00e4hlt aus seinem bewegten Leben, gibt Einblicke in sein Schaffen und Tipps an die im Publikum anwesenenden Gitarristen, sollten sie ebenfalls auf die Idee kommen, eine Baritongitarre spielen zu wollen. Sein Programm startete mit einem Best-of-Medley und ging dann in eine Bestandsaufnahme seiner Karriere \u00fcber, die seine musikalischen Stationen streifte: seine Anf\u00e4nge in Kansas City, die einzigartige und f\u00fcr ihn pr\u00e4gende Freundschaft zu Charlie Haden, sein Ausflug in die \u201eZero Tolerance for Silence\u201c, seine Inspiration durch Ornette Coleman oder die Liebe f\u00fcr Standards, wie z.B. den Klassiker \u201eAlfie\u201c. Metheny begeisterte das Publikum von der ersten Minute seiner \u00fcber zweist\u00fcndigen Perfomance an bis zur \u00dcberraschung am Schluss der Show, als das Orchestrion enth\u00fcllt wurde und noch einmal ein ganz anderes Klangspektrum aufzeigte. Nach zwei Zugaben, tosendem Applaus und standing ovations, folgte schlie\u00dflich noch der Beatles Klassiker \u201eAnd I Love Her\u201c.<\/p>\n<p><a href=\"https:\/\/i0.wp.com\/www.jazzzeitung.de\/cms\/wp-content\/uploads\/2024\/10\/P1333306-sw-Metheny-Foto-TJ-Krebs.jpg?ssl=1\"><img data-recalc-dims=\"1\" loading=\"lazy\" decoding=\"async\" data-attachment-id=\"31817\" data-permalink=\"https:\/\/www.jazzzeitung.de\/cms\/2024\/10\/pat-metheny-solo-in-der-isarphilharmonie\/p1333306-sw-metheny-foto-tj-krebs\/\" data-orig-file=\"https:\/\/i0.wp.com\/www.jazzzeitung.de\/cms\/wp-content\/uploads\/2024\/10\/P1333306-sw-Metheny-Foto-TJ-Krebs.jpg?fit=1200%2C799&amp;ssl=1\" data-orig-size=\"1200,799\" data-comments-opened=\"1\" data-image-meta=\"{&quot;aperture&quot;:&quot;0&quot;,&quot;credit&quot;:&quot;&quot;,&quot;camera&quot;:&quot;&quot;,&quot;caption&quot;:&quot;&quot;,&quot;created_timestamp&quot;:&quot;0&quot;,&quot;copyright&quot;:&quot;&quot;,&quot;focal_length&quot;:&quot;0&quot;,&quot;iso&quot;:&quot;0&quot;,&quot;shutter_speed&quot;:&quot;0&quot;,&quot;title&quot;:&quot;&quot;,&quot;orientation&quot;:&quot;0&quot;}\" data-image-title=\"P1333306 sw Metheny &amp;#8211; Foto TJ Krebs\" data-image-description=\"\" data-image-caption=\"\" data-large-file=\"https:\/\/i0.wp.com\/www.jazzzeitung.de\/cms\/wp-content\/uploads\/2024\/10\/P1333306-sw-Metheny-Foto-TJ-Krebs.jpg?fit=840%2C560&amp;ssl=1\" class=\"aligncenter size-full wp-image-31817\" src=\"https:\/\/i0.wp.com\/www.jazzzeitung.de\/cms\/wp-content\/uploads\/2024\/10\/P1333306-sw-Metheny-Foto-TJ-Krebs.jpg?resize=840%2C559&#038;ssl=1\" alt=\"\" width=\"840\" height=\"559\" srcset=\"https:\/\/i0.wp.com\/www.jazzzeitung.de\/cms\/wp-content\/uploads\/2024\/10\/P1333306-sw-Metheny-Foto-TJ-Krebs.jpg?w=1200&amp;ssl=1 1200w, https:\/\/i0.wp.com\/www.jazzzeitung.de\/cms\/wp-content\/uploads\/2024\/10\/P1333306-sw-Metheny-Foto-TJ-Krebs.jpg?resize=300%2C200&amp;ssl=1 300w, https:\/\/i0.wp.com\/www.jazzzeitung.de\/cms\/wp-content\/uploads\/2024\/10\/P1333306-sw-Metheny-Foto-TJ-Krebs.jpg?resize=900%2C600&amp;ssl=1 900w, https:\/\/i0.wp.com\/www.jazzzeitung.de\/cms\/wp-content\/uploads\/2024\/10\/P1333306-sw-Metheny-Foto-TJ-Krebs.jpg?resize=768%2C511&amp;ssl=1 768w, https:\/\/i0.wp.com\/www.jazzzeitung.de\/cms\/wp-content\/uploads\/2024\/10\/P1333306-sw-Metheny-Foto-TJ-Krebs.jpg?resize=120%2C80&amp;ssl=1 120w\" sizes=\"auto, (max-width: 840px) 100vw, 840px\" \/><\/a><\/p>\n<h3>Unerm\u00fcdlich unterwegs<\/h3>\n<p>Pat Metheny ist nach wie vor unerm\u00fcdlich unterwegs und bestreitet seit 1974 j\u00e4hrlich zwischen 120 und 240 Konzerte. Einen Aspekt sucht man bei ihm all die Jahre allerdings vergebens: Routine! Jedes seiner Konzerte ist einmalig: individuell, pers\u00f6nlich gestaltet und immer nah am Publikum. So war auch dieser Abend eine Sternstunde, vielsaitig und begeisternd.<\/p>\n<p>TEXT &amp; FOTOS: Thomas J. Krebs<\/p>\n<p>&nbsp;<\/p>\n","protected":false},"excerpt":{"rendered":"<p>(Von Thomas J. Krebs) Pat Metheny und seine Gitarren \u2026 im Laufe der Zeit sind da so Einige zusammen gekommen. Viele davon hat er selbst entwickelt &#8211; immer wieder tauchte auf der B\u00fchne ein neues Instrument auf. Am Ende waren es \u00fcber zehn Girarren, die von ihm vorgestellt und gespielt wurden. Was Metheny nach wie vor auszeichnet ist seine klangtechnische Neugier, egal ob auf einer Bariton- oder der speziellen Pikassogitarre, die an dem Abend nat\u00fcrlich auch nicht fehlen durfte. Stets ist er dabei Neuland auf seinen Instrumenten auszuloten, egal ob im Tourbus, Hotelzimmer oder den Konzerts\u00e4len. Aus seinem bewegten Leben Nach nunmehr 53 Alben stellte Metheny in der Isarphilharmonie seine aktuellen Ver\u00f6ffentlichungen \u201eDream Box\u201c &amp; \u201eMoon Dial\u201c vor. Soloalben gibt es bereits mehrere von ihm, aber Pat Metheny solo live, das ist tats\u00e4chlich ein Novum! Mit seinen mittlerweile 70 Jahren tourt er zum ersten Mal ohne weitere Musiker durch die Lande, stellt eine ganz pers\u00f6nliche Auswahl an St\u00fccken vor und begleitet sich dabei mal per Looper oder mit dem ebenfalls von ihm erfundenen und konstruierten Orchestrion. Metheny erz\u00e4hlt aus seinem bewegten Leben, gibt Einblicke in &hellip;<\/p>\n","protected":false},"author":18,"featured_media":31815,"comment_status":"open","ping_status":"closed","sticky":false,"template":"","format":"standard","meta":{"_jetpack_memberships_contains_paid_content":false,"footnotes":"","jetpack_publicize_message":"","jetpack_publicize_feature_enabled":true,"jetpack_social_post_already_shared":true,"jetpack_social_options":{"image_generator_settings":{"template":"highway","default_image_id":0,"font":"","enabled":false},"version":2}},"categories":[1053],"tags":[5513,5069,294,385,5512,1260],"coauthors":[695],"class_list":["post-31814","post","type-post","status-publish","format-standard","has-post-thumbnail","hentry","category-bericht","tag-isarphilharmonie","tag-jazzeitung-de","tag-jazzzeitung","tag-metheny","tag-pat-metheny-solo","tag-thomas-j-krebs"],"yoast_head":"<!-- This site is optimized with the Yoast SEO plugin v27.5 - https:\/\/yoast.com\/product\/yoast-seo-wordpress\/ -->\n<title>Pat Metheny Solo in der Isarphilharmonie - JazzZeitung<\/title>\n<meta name=\"robots\" content=\"index, follow, max-snippet:-1, max-image-preview:large, max-video-preview:-1\" \/>\n<link rel=\"canonical\" href=\"https:\/\/www.jazzzeitung.de\/cms\/2024\/10\/pat-metheny-solo-in-der-isarphilharmonie\/\" \/>\n<meta property=\"og:locale\" content=\"de_DE\" \/>\n<meta property=\"og:type\" content=\"article\" \/>\n<meta property=\"og:title\" content=\"Pat Metheny Solo in der Isarphilharmonie - JazzZeitung\" \/>\n<meta property=\"og:description\" content=\"(Von Thomas J. Krebs) Pat Metheny und seine Gitarren \u2026 im Laufe der Zeit sind da so Einige zusammen gekommen. Viele davon hat er selbst entwickelt &#8211; immer wieder tauchte auf der B\u00fchne ein neues Instrument auf. Am Ende waren es \u00fcber zehn Girarren, die von ihm vorgestellt und gespielt wurden. Was Metheny nach wie vor auszeichnet ist seine klangtechnische Neugier, egal ob auf einer Bariton- oder der speziellen Pikassogitarre, die an dem Abend nat\u00fcrlich auch nicht fehlen durfte. Stets ist er dabei Neuland auf seinen Instrumenten auszuloten, egal ob im Tourbus, Hotelzimmer oder den Konzerts\u00e4len. Aus seinem bewegten Leben Nach nunmehr 53 Alben stellte Metheny in der Isarphilharmonie seine aktuellen Ver\u00f6ffentlichungen \u201eDream Box\u201c &amp; \u201eMoon Dial\u201c vor. Soloalben gibt es bereits mehrere von ihm, aber Pat Metheny solo live, das ist tats\u00e4chlich ein Novum! Mit seinen mittlerweile 70 Jahren tourt er zum ersten Mal ohne weitere Musiker durch die Lande, stellt eine ganz pers\u00f6nliche Auswahl an St\u00fccken vor und begleitet sich dabei mal per Looper oder mit dem ebenfalls von ihm erfundenen und konstruierten Orchestrion. Metheny erz\u00e4hlt aus seinem bewegten Leben, gibt Einblicke in &hellip;\" \/>\n<meta property=\"og:url\" content=\"https:\/\/www.jazzzeitung.de\/cms\/2024\/10\/pat-metheny-solo-in-der-isarphilharmonie\/\" \/>\n<meta property=\"og:site_name\" content=\"JazzZeitung\" \/>\n<meta property=\"article:publisher\" content=\"https:\/\/www.facebook.com\/JazzZeitung\/\" \/>\n<meta property=\"article:published_time\" content=\"2024-10-23T07:53:59+00:00\" \/>\n<meta property=\"article:modified_time\" content=\"2024-10-23T07:54:33+00:00\" \/>\n<meta property=\"og:image\" content=\"https:\/\/www.jazzzeitung.de\/cms\/wp-content\/uploads\/2024\/10\/P1333281-chair-Metheny-Foto-TJ-Krebs_aufmacher.jpg\" \/>\n\t<meta property=\"og:image:width\" content=\"1200\" \/>\n\t<meta property=\"og:image:height\" content=\"799\" \/>\n\t<meta property=\"og:image:type\" content=\"image\/jpeg\" \/>\n<meta name=\"author\" content=\"Redaktion JazzZeitung\" \/>\n<script type=\"application\/ld+json\" class=\"yoast-schema-graph\">{\"@context\":\"https:\\\/\\\/schema.org\",\"@graph\":[{\"@type\":\"Article\",\"@id\":\"https:\\\/\\\/www.jazzzeitung.de\\\/cms\\\/2024\\\/10\\\/pat-metheny-solo-in-der-isarphilharmonie\\\/#article\",\"isPartOf\":{\"@id\":\"https:\\\/\\\/www.jazzzeitung.de\\\/cms\\\/2024\\\/10\\\/pat-metheny-solo-in-der-isarphilharmonie\\\/\"},\"author\":{\"name\":\"Redaktion JazzZeitung\",\"@id\":\"https:\\\/\\\/www.jazzzeitung.de\\\/cms\\\/#\\\/schema\\\/person\\\/2245b36b9cd1d24cea10f01c031fb92b\"},\"headline\":\"Pat Metheny Solo in der Isarphilharmonie\",\"datePublished\":\"2024-10-23T07:53:59+00:00\",\"dateModified\":\"2024-10-23T07:54:33+00:00\",\"mainEntityOfPage\":{\"@id\":\"https:\\\/\\\/www.jazzzeitung.de\\\/cms\\\/2024\\\/10\\\/pat-metheny-solo-in-der-isarphilharmonie\\\/\"},\"wordCount\":398,\"commentCount\":0,\"publisher\":{\"@id\":\"https:\\\/\\\/www.jazzzeitung.de\\\/cms\\\/#organization\"},\"image\":{\"@id\":\"https:\\\/\\\/www.jazzzeitung.de\\\/cms\\\/2024\\\/10\\\/pat-metheny-solo-in-der-isarphilharmonie\\\/#primaryimage\"},\"thumbnailUrl\":\"https:\\\/\\\/i0.wp.com\\\/www.jazzzeitung.de\\\/cms\\\/wp-content\\\/uploads\\\/2024\\\/10\\\/P1333281-chair-Metheny-Foto-TJ-Krebs_aufmacher.jpg?fit=1200%2C799&ssl=1\",\"keywords\":[\"Isarphilharmonie\",\"Jazzeitung.de\",\"Jazzzeitung\",\"Pat Metheny\",\"Pat Metheny Solo\",\"Thomas J. Krebs\"],\"articleSection\":[\"Bericht\"],\"inLanguage\":\"de\",\"potentialAction\":[{\"@type\":\"CommentAction\",\"name\":\"Comment\",\"target\":[\"https:\\\/\\\/www.jazzzeitung.de\\\/cms\\\/2024\\\/10\\\/pat-metheny-solo-in-der-isarphilharmonie\\\/#respond\"]}]},{\"@type\":\"WebPage\",\"@id\":\"https:\\\/\\\/www.jazzzeitung.de\\\/cms\\\/2024\\\/10\\\/pat-metheny-solo-in-der-isarphilharmonie\\\/\",\"url\":\"https:\\\/\\\/www.jazzzeitung.de\\\/cms\\\/2024\\\/10\\\/pat-metheny-solo-in-der-isarphilharmonie\\\/\",\"name\":\"Pat Metheny Solo in der Isarphilharmonie - JazzZeitung\",\"isPartOf\":{\"@id\":\"https:\\\/\\\/www.jazzzeitung.de\\\/cms\\\/#website\"},\"primaryImageOfPage\":{\"@id\":\"https:\\\/\\\/www.jazzzeitung.de\\\/cms\\\/2024\\\/10\\\/pat-metheny-solo-in-der-isarphilharmonie\\\/#primaryimage\"},\"image\":{\"@id\":\"https:\\\/\\\/www.jazzzeitung.de\\\/cms\\\/2024\\\/10\\\/pat-metheny-solo-in-der-isarphilharmonie\\\/#primaryimage\"},\"thumbnailUrl\":\"https:\\\/\\\/i0.wp.com\\\/www.jazzzeitung.de\\\/cms\\\/wp-content\\\/uploads\\\/2024\\\/10\\\/P1333281-chair-Metheny-Foto-TJ-Krebs_aufmacher.jpg?fit=1200%2C799&ssl=1\",\"datePublished\":\"2024-10-23T07:53:59+00:00\",\"dateModified\":\"2024-10-23T07:54:33+00:00\",\"breadcrumb\":{\"@id\":\"https:\\\/\\\/www.jazzzeitung.de\\\/cms\\\/2024\\\/10\\\/pat-metheny-solo-in-der-isarphilharmonie\\\/#breadcrumb\"},\"inLanguage\":\"de\",\"potentialAction\":[{\"@type\":\"ReadAction\",\"target\":[\"https:\\\/\\\/www.jazzzeitung.de\\\/cms\\\/2024\\\/10\\\/pat-metheny-solo-in-der-isarphilharmonie\\\/\"]}]},{\"@type\":\"ImageObject\",\"inLanguage\":\"de\",\"@id\":\"https:\\\/\\\/www.jazzzeitung.de\\\/cms\\\/2024\\\/10\\\/pat-metheny-solo-in-der-isarphilharmonie\\\/#primaryimage\",\"url\":\"https:\\\/\\\/i0.wp.com\\\/www.jazzzeitung.de\\\/cms\\\/wp-content\\\/uploads\\\/2024\\\/10\\\/P1333281-chair-Metheny-Foto-TJ-Krebs_aufmacher.jpg?fit=1200%2C799&ssl=1\",\"contentUrl\":\"https:\\\/\\\/i0.wp.com\\\/www.jazzzeitung.de\\\/cms\\\/wp-content\\\/uploads\\\/2024\\\/10\\\/P1333281-chair-Metheny-Foto-TJ-Krebs_aufmacher.jpg?fit=1200%2C799&ssl=1\",\"width\":1200,\"height\":799},{\"@type\":\"BreadcrumbList\",\"@id\":\"https:\\\/\\\/www.jazzzeitung.de\\\/cms\\\/2024\\\/10\\\/pat-metheny-solo-in-der-isarphilharmonie\\\/#breadcrumb\",\"itemListElement\":[{\"@type\":\"ListItem\",\"position\":1,\"name\":\"Startseite\",\"item\":\"https:\\\/\\\/www.jazzzeitung.de\\\/cms\\\/\"},{\"@type\":\"ListItem\",\"position\":2,\"name\":\"Pat Metheny Solo in der Isarphilharmonie\"}]},{\"@type\":\"WebSite\",\"@id\":\"https:\\\/\\\/www.jazzzeitung.de\\\/cms\\\/#website\",\"url\":\"https:\\\/\\\/www.jazzzeitung.de\\\/cms\\\/\",\"name\":\"JazzZeitung\",\"description\":\"Jazz-News und Jazz-Kontroverses\",\"publisher\":{\"@id\":\"https:\\\/\\\/www.jazzzeitung.de\\\/cms\\\/#organization\"},\"potentialAction\":[{\"@type\":\"SearchAction\",\"target\":{\"@type\":\"EntryPoint\",\"urlTemplate\":\"https:\\\/\\\/www.jazzzeitung.de\\\/cms\\\/?s={search_term_string}\"},\"query-input\":{\"@type\":\"PropertyValueSpecification\",\"valueRequired\":true,\"valueName\":\"search_term_string\"}}],\"inLanguage\":\"de\"},{\"@type\":\"Organization\",\"@id\":\"https:\\\/\\\/www.jazzzeitung.de\\\/cms\\\/#organization\",\"name\":\"JazzZeitung online\",\"url\":\"https:\\\/\\\/www.jazzzeitung.de\\\/cms\\\/\",\"logo\":{\"@type\":\"ImageObject\",\"inLanguage\":\"de\",\"@id\":\"https:\\\/\\\/www.jazzzeitung.de\\\/cms\\\/#\\\/schema\\\/logo\\\/image\\\/\",\"url\":\"https:\\\/\\\/i0.wp.com\\\/www.jazzzeitung.de\\\/cms\\\/wp-content\\\/uploads\\\/2015\\\/08\\\/JAZZZEITUNGDE_Logo_Neu.png?fit=499%2C200&ssl=1\",\"contentUrl\":\"https:\\\/\\\/i0.wp.com\\\/www.jazzzeitung.de\\\/cms\\\/wp-content\\\/uploads\\\/2015\\\/08\\\/JAZZZEITUNGDE_Logo_Neu.png?fit=499%2C200&ssl=1\",\"width\":499,\"height\":200,\"caption\":\"JazzZeitung online\"},\"image\":{\"@id\":\"https:\\\/\\\/www.jazzzeitung.de\\\/cms\\\/#\\\/schema\\\/logo\\\/image\\\/\"},\"sameAs\":[\"https:\\\/\\\/www.facebook.com\\\/JazzZeitung\\\/\"]},{\"@type\":\"Person\",\"@id\":\"https:\\\/\\\/www.jazzzeitung.de\\\/cms\\\/#\\\/schema\\\/person\\\/2245b36b9cd1d24cea10f01c031fb92b\",\"name\":\"Redaktion JazzZeitung\",\"image\":{\"@type\":\"ImageObject\",\"inLanguage\":\"de\",\"@id\":\"https:\\\/\\\/i0.wp.com\\\/www.jazzzeitung.de\\\/cms\\\/wp-content\\\/uploads\\\/2015\\\/08\\\/JAZZZEITUNGDE_Logo_Neu.png?resize=96%2C96&ssl=159975dcacb611b5700bd619b5daf0a7a\",\"url\":\"https:\\\/\\\/i0.wp.com\\\/www.jazzzeitung.de\\\/cms\\\/wp-content\\\/uploads\\\/2015\\\/08\\\/JAZZZEITUNGDE_Logo_Neu.png?resize=96%2C96&ssl=1\",\"contentUrl\":\"https:\\\/\\\/i0.wp.com\\\/www.jazzzeitung.de\\\/cms\\\/wp-content\\\/uploads\\\/2015\\\/08\\\/JAZZZEITUNGDE_Logo_Neu.png?resize=96%2C96&ssl=1\",\"caption\":\"Redaktion JazzZeitung\"},\"description\":\"Artikel der Redaktion der JazzZeitung.\",\"sameAs\":[\"http:\\\/\\\/www.jazzzeitung.de\\\/cms\\\/\"],\"url\":\"https:\\\/\\\/www.jazzzeitung.de\\\/cms\\\/author\\\/redaktion\\\/\"}]}<\/script>\n<!-- \/ Yoast SEO plugin. -->","yoast_head_json":{"title":"Pat Metheny Solo in der Isarphilharmonie - JazzZeitung","robots":{"index":"index","follow":"follow","max-snippet":"max-snippet:-1","max-image-preview":"max-image-preview:large","max-video-preview":"max-video-preview:-1"},"canonical":"https:\/\/www.jazzzeitung.de\/cms\/2024\/10\/pat-metheny-solo-in-der-isarphilharmonie\/","og_locale":"de_DE","og_type":"article","og_title":"Pat Metheny Solo in der Isarphilharmonie - JazzZeitung","og_description":"(Von Thomas J. Krebs) Pat Metheny und seine Gitarren \u2026 im Laufe der Zeit sind da so Einige zusammen gekommen. Viele davon hat er selbst entwickelt &#8211; immer wieder tauchte auf der B\u00fchne ein neues Instrument auf. Am Ende waren es \u00fcber zehn Girarren, die von ihm vorgestellt und gespielt wurden. Was Metheny nach wie vor auszeichnet ist seine klangtechnische Neugier, egal ob auf einer Bariton- oder der speziellen Pikassogitarre, die an dem Abend nat\u00fcrlich auch nicht fehlen durfte. Stets ist er dabei Neuland auf seinen Instrumenten auszuloten, egal ob im Tourbus, Hotelzimmer oder den Konzerts\u00e4len. Aus seinem bewegten Leben Nach nunmehr 53 Alben stellte Metheny in der Isarphilharmonie seine aktuellen Ver\u00f6ffentlichungen \u201eDream Box\u201c &amp; \u201eMoon Dial\u201c vor. Soloalben gibt es bereits mehrere von ihm, aber Pat Metheny solo live, das ist tats\u00e4chlich ein Novum! Mit seinen mittlerweile 70 Jahren tourt er zum ersten Mal ohne weitere Musiker durch die Lande, stellt eine ganz pers\u00f6nliche Auswahl an St\u00fccken vor und begleitet sich dabei mal per Looper oder mit dem ebenfalls von ihm erfundenen und konstruierten Orchestrion. Metheny erz\u00e4hlt aus seinem bewegten Leben, gibt Einblicke in &hellip;","og_url":"https:\/\/www.jazzzeitung.de\/cms\/2024\/10\/pat-metheny-solo-in-der-isarphilharmonie\/","og_site_name":"JazzZeitung","article_publisher":"https:\/\/www.facebook.com\/JazzZeitung\/","article_published_time":"2024-10-23T07:53:59+00:00","article_modified_time":"2024-10-23T07:54:33+00:00","og_image":[{"width":1200,"height":799,"url":"https:\/\/www.jazzzeitung.de\/cms\/wp-content\/uploads\/2024\/10\/P1333281-chair-Metheny-Foto-TJ-Krebs_aufmacher.jpg","type":"image\/jpeg"}],"author":"Redaktion JazzZeitung","schema":{"@context":"https:\/\/schema.org","@graph":[{"@type":"Article","@id":"https:\/\/www.jazzzeitung.de\/cms\/2024\/10\/pat-metheny-solo-in-der-isarphilharmonie\/#article","isPartOf":{"@id":"https:\/\/www.jazzzeitung.de\/cms\/2024\/10\/pat-metheny-solo-in-der-isarphilharmonie\/"},"author":{"name":"Redaktion JazzZeitung","@id":"https:\/\/www.jazzzeitung.de\/cms\/#\/schema\/person\/2245b36b9cd1d24cea10f01c031fb92b"},"headline":"Pat Metheny Solo in der Isarphilharmonie","datePublished":"2024-10-23T07:53:59+00:00","dateModified":"2024-10-23T07:54:33+00:00","mainEntityOfPage":{"@id":"https:\/\/www.jazzzeitung.de\/cms\/2024\/10\/pat-metheny-solo-in-der-isarphilharmonie\/"},"wordCount":398,"commentCount":0,"publisher":{"@id":"https:\/\/www.jazzzeitung.de\/cms\/#organization"},"image":{"@id":"https:\/\/www.jazzzeitung.de\/cms\/2024\/10\/pat-metheny-solo-in-der-isarphilharmonie\/#primaryimage"},"thumbnailUrl":"https:\/\/i0.wp.com\/www.jazzzeitung.de\/cms\/wp-content\/uploads\/2024\/10\/P1333281-chair-Metheny-Foto-TJ-Krebs_aufmacher.jpg?fit=1200%2C799&ssl=1","keywords":["Isarphilharmonie","Jazzeitung.de","Jazzzeitung","Pat Metheny","Pat Metheny Solo","Thomas J. Krebs"],"articleSection":["Bericht"],"inLanguage":"de","potentialAction":[{"@type":"CommentAction","name":"Comment","target":["https:\/\/www.jazzzeitung.de\/cms\/2024\/10\/pat-metheny-solo-in-der-isarphilharmonie\/#respond"]}]},{"@type":"WebPage","@id":"https:\/\/www.jazzzeitung.de\/cms\/2024\/10\/pat-metheny-solo-in-der-isarphilharmonie\/","url":"https:\/\/www.jazzzeitung.de\/cms\/2024\/10\/pat-metheny-solo-in-der-isarphilharmonie\/","name":"Pat Metheny Solo in der Isarphilharmonie - JazzZeitung","isPartOf":{"@id":"https:\/\/www.jazzzeitung.de\/cms\/#website"},"primaryImageOfPage":{"@id":"https:\/\/www.jazzzeitung.de\/cms\/2024\/10\/pat-metheny-solo-in-der-isarphilharmonie\/#primaryimage"},"image":{"@id":"https:\/\/www.jazzzeitung.de\/cms\/2024\/10\/pat-metheny-solo-in-der-isarphilharmonie\/#primaryimage"},"thumbnailUrl":"https:\/\/i0.wp.com\/www.jazzzeitung.de\/cms\/wp-content\/uploads\/2024\/10\/P1333281-chair-Metheny-Foto-TJ-Krebs_aufmacher.jpg?fit=1200%2C799&ssl=1","datePublished":"2024-10-23T07:53:59+00:00","dateModified":"2024-10-23T07:54:33+00:00","breadcrumb":{"@id":"https:\/\/www.jazzzeitung.de\/cms\/2024\/10\/pat-metheny-solo-in-der-isarphilharmonie\/#breadcrumb"},"inLanguage":"de","potentialAction":[{"@type":"ReadAction","target":["https:\/\/www.jazzzeitung.de\/cms\/2024\/10\/pat-metheny-solo-in-der-isarphilharmonie\/"]}]},{"@type":"ImageObject","inLanguage":"de","@id":"https:\/\/www.jazzzeitung.de\/cms\/2024\/10\/pat-metheny-solo-in-der-isarphilharmonie\/#primaryimage","url":"https:\/\/i0.wp.com\/www.jazzzeitung.de\/cms\/wp-content\/uploads\/2024\/10\/P1333281-chair-Metheny-Foto-TJ-Krebs_aufmacher.jpg?fit=1200%2C799&ssl=1","contentUrl":"https:\/\/i0.wp.com\/www.jazzzeitung.de\/cms\/wp-content\/uploads\/2024\/10\/P1333281-chair-Metheny-Foto-TJ-Krebs_aufmacher.jpg?fit=1200%2C799&ssl=1","width":1200,"height":799},{"@type":"BreadcrumbList","@id":"https:\/\/www.jazzzeitung.de\/cms\/2024\/10\/pat-metheny-solo-in-der-isarphilharmonie\/#breadcrumb","itemListElement":[{"@type":"ListItem","position":1,"name":"Startseite","item":"https:\/\/www.jazzzeitung.de\/cms\/"},{"@type":"ListItem","position":2,"name":"Pat Metheny Solo in der Isarphilharmonie"}]},{"@type":"WebSite","@id":"https:\/\/www.jazzzeitung.de\/cms\/#website","url":"https:\/\/www.jazzzeitung.de\/cms\/","name":"JazzZeitung","description":"Jazz-News und Jazz-Kontroverses","publisher":{"@id":"https:\/\/www.jazzzeitung.de\/cms\/#organization"},"potentialAction":[{"@type":"SearchAction","target":{"@type":"EntryPoint","urlTemplate":"https:\/\/www.jazzzeitung.de\/cms\/?s={search_term_string}"},"query-input":{"@type":"PropertyValueSpecification","valueRequired":true,"valueName":"search_term_string"}}],"inLanguage":"de"},{"@type":"Organization","@id":"https:\/\/www.jazzzeitung.de\/cms\/#organization","name":"JazzZeitung online","url":"https:\/\/www.jazzzeitung.de\/cms\/","logo":{"@type":"ImageObject","inLanguage":"de","@id":"https:\/\/www.jazzzeitung.de\/cms\/#\/schema\/logo\/image\/","url":"https:\/\/i0.wp.com\/www.jazzzeitung.de\/cms\/wp-content\/uploads\/2015\/08\/JAZZZEITUNGDE_Logo_Neu.png?fit=499%2C200&ssl=1","contentUrl":"https:\/\/i0.wp.com\/www.jazzzeitung.de\/cms\/wp-content\/uploads\/2015\/08\/JAZZZEITUNGDE_Logo_Neu.png?fit=499%2C200&ssl=1","width":499,"height":200,"caption":"JazzZeitung online"},"image":{"@id":"https:\/\/www.jazzzeitung.de\/cms\/#\/schema\/logo\/image\/"},"sameAs":["https:\/\/www.facebook.com\/JazzZeitung\/"]},{"@type":"Person","@id":"https:\/\/www.jazzzeitung.de\/cms\/#\/schema\/person\/2245b36b9cd1d24cea10f01c031fb92b","name":"Redaktion JazzZeitung","image":{"@type":"ImageObject","inLanguage":"de","@id":"https:\/\/i0.wp.com\/www.jazzzeitung.de\/cms\/wp-content\/uploads\/2015\/08\/JAZZZEITUNGDE_Logo_Neu.png?resize=96%2C96&ssl=159975dcacb611b5700bd619b5daf0a7a","url":"https:\/\/i0.wp.com\/www.jazzzeitung.de\/cms\/wp-content\/uploads\/2015\/08\/JAZZZEITUNGDE_Logo_Neu.png?resize=96%2C96&ssl=1","contentUrl":"https:\/\/i0.wp.com\/www.jazzzeitung.de\/cms\/wp-content\/uploads\/2015\/08\/JAZZZEITUNGDE_Logo_Neu.png?resize=96%2C96&ssl=1","caption":"Redaktion JazzZeitung"},"description":"Artikel der Redaktion der JazzZeitung.","sameAs":["http:\/\/www.jazzzeitung.de\/cms\/"],"url":"https:\/\/www.jazzzeitung.de\/cms\/author\/redaktion\/"}]}},"wp-worthy-pixel":{"ignored":false,"public":null,"server":null,"url":null},"wp-worthy-type":"normal","jetpack_publicize_connections":[],"cc_featured_image_caption":{"caption_text":"","source_text":"","source_url":""},"jetpack_featured_media_url":"https:\/\/i0.wp.com\/www.jazzzeitung.de\/cms\/wp-content\/uploads\/2024\/10\/P1333281-chair-Metheny-Foto-TJ-Krebs_aufmacher.jpg?fit=1200%2C799&ssl=1","jetpack_shortlink":"https:\/\/wp.me\/p3KEcT-8h8","jetpack-related-posts":[{"id":25744,"url":"https:\/\/www.jazzzeitung.de\/cms\/2021\/09\/side-eye-nyc-v1-iv-neues-pat-metheny-album\/","url_meta":{"origin":31814,"position":0},"title":"Side-Eye NYC (V1.IV) \u2013 Neues Pat Metheny Album","author":"Redaktion JazzZeitung","date":"10. September 2021","format":false,"excerpt":"Bei Pat Metheny kann man immer gespannt sein, wenn ein neues Album erscheint. Auf seiner vorletzten Ver\u00f6ffentlichung \u201eFrom This Place\u201c pr\u00e4sentierte er zwei neue Musiker: die Bassistin Linda May Han Oh, die er in New York entdeckte und den walisischen Pianisten Gwilym Simcock, der Metheny buchst\u00e4blich vom Hocker riss. Danach\u2026","rel":"","context":"In &quot;Rezension&quot;","block_context":{"text":"Rezension","link":"https:\/\/www.jazzzeitung.de\/cms\/thema\/rezension\/"},"img":{"alt_text":"","src":"https:\/\/i0.wp.com\/www.jazzzeitung.de\/cms\/wp-content\/uploads\/2021\/09\/P1020892-Metheny-Foto-TJ-Krebs.jpg?fit=1200%2C800&ssl=1&resize=350%2C200","width":350,"height":200,"srcset":"https:\/\/i0.wp.com\/www.jazzzeitung.de\/cms\/wp-content\/uploads\/2021\/09\/P1020892-Metheny-Foto-TJ-Krebs.jpg?fit=1200%2C800&ssl=1&resize=350%2C200 1x, https:\/\/i0.wp.com\/www.jazzzeitung.de\/cms\/wp-content\/uploads\/2021\/09\/P1020892-Metheny-Foto-TJ-Krebs.jpg?fit=1200%2C800&ssl=1&resize=525%2C300 1.5x, https:\/\/i0.wp.com\/www.jazzzeitung.de\/cms\/wp-content\/uploads\/2021\/09\/P1020892-Metheny-Foto-TJ-Krebs.jpg?fit=1200%2C800&ssl=1&resize=700%2C400 2x, https:\/\/i0.wp.com\/www.jazzzeitung.de\/cms\/wp-content\/uploads\/2021\/09\/P1020892-Metheny-Foto-TJ-Krebs.jpg?fit=1200%2C800&ssl=1&resize=1050%2C600 3x"},"classes":[]},{"id":5293,"url":"https:\/\/www.jazzzeitung.de\/cms\/2015\/01\/75-jahre-eberhard-weber-great-jubilee-concert-beeindruckt-mit-musikgroessen\/","url_meta":{"origin":31814,"position":1},"title":"\u201e75 Jahre Eberhard Weber: The Great Jubilee Concert&#8220; beeindruckt mit Musikgr\u00f6\u00dfen","author":"Redaktion JazzZeitung","date":"27. Januar 2015","format":"gallery","excerpt":"Von Thomas J. Krebs - Beim gro\u00dfen Event \u201e75 Jahre Eberhard Weber: The Great Jubilee Concert\" gaben sich Weggef\u00e4hrten wie Jan Garbarek, Pat Metheny, Paul McCandless oder Gary Burton die Ehre und z\u00fcndeten zum Geburtstag des Bass-Revolution\u00e4rs Eberhard Weber ein musikalisches Feuerwerk. Im ersten Set des Abends wurden Kompositionen Webers\u2026","rel":"","context":"In &quot;Galerie&quot;","block_context":{"text":"Galerie","link":"https:\/\/www.jazzzeitung.de\/cms\/thema\/galerie\/"},"img":{"alt_text":"Pat Metheny mit der SWR Big Band, Erhard Weber ist auf der Leinwand zu sehen.","src":"https:\/\/i0.wp.com\/www.jazzzeitung.de\/cms\/wp-content\/uploads\/2015\/01\/0K3A3249_Pat_Metheny_SWR_Big_Band_Probe.jpg?resize=350%2C200","width":350,"height":200,"srcset":"https:\/\/i0.wp.com\/www.jazzzeitung.de\/cms\/wp-content\/uploads\/2015\/01\/0K3A3249_Pat_Metheny_SWR_Big_Band_Probe.jpg?resize=350%2C200 1x, https:\/\/i0.wp.com\/www.jazzzeitung.de\/cms\/wp-content\/uploads\/2015\/01\/0K3A3249_Pat_Metheny_SWR_Big_Band_Probe.jpg?resize=525%2C300 1.5x, https:\/\/i0.wp.com\/www.jazzzeitung.de\/cms\/wp-content\/uploads\/2015\/01\/0K3A3249_Pat_Metheny_SWR_Big_Band_Probe.jpg?resize=700%2C400 2x, https:\/\/i0.wp.com\/www.jazzzeitung.de\/cms\/wp-content\/uploads\/2015\/01\/0K3A3249_Pat_Metheny_SWR_Big_Band_Probe.jpg?resize=1050%2C600 3x"},"classes":[]},{"id":11302,"url":"https:\/\/www.jazzzeitung.de\/cms\/2017\/01\/pat-metheny-2017-auf-welttournee\/","url_meta":{"origin":31814,"position":2},"title":"+++ Pat Metheny 2017 auf Welttournee +++","author":"Redaktion JazzZeitung","date":"2. Januar 2017","format":false,"excerpt":"Der mit 20 Grammys ausgezeichnete Gitarrist Pat Metheny hat Mitte Dezember 2016 eine umfangreiche Welttournee unter dem Motto \u009ban evening with Pat Metheny\u008b angek\u00fcndigt. Metheny, der k\u00fcrzlich als j\u00fcngster und vierter Gitarrist \u00fcberhaupt (neben Django Reinhart, Charlie Christian und Wes Montgomery) in die Hall of Fame des weltweit einflussreichsten Jazz-Magazins\u2026","rel":"","context":"In &quot;News&quot;","block_context":{"text":"News","link":"https:\/\/www.jazzzeitung.de\/cms\/thema\/nachrichten\/"},"img":{"alt_text":"metheny","src":"https:\/\/i0.wp.com\/www.jazzzeitung.de\/cms\/wp-content\/uploads\/2016\/12\/metheny-150x150.jpg?resize=350%2C200","width":350,"height":200},"classes":[]},{"id":7083,"url":"https:\/\/www.jazzzeitung.de\/cms\/2015\/09\/cd-rezension-hommage-a-eberhard-weber\/","url_meta":{"origin":31814,"position":3},"title":"CD-Rezension: Hommage \u00e0 Eberhard Weber","author":"Redaktion JazzZeitung","date":"15. September 2015","format":false,"excerpt":"Von Thomas J. Krebs - Vorliegende Aufnahme ist ein \u201eDestillat\u201c der beiden Konzertabende vom Januar 2015, die zu Ehren von Eberhard Webers 75. Geburtstag im Stuttgarter Theaterhaus stattfanden. Ein bemerkenswertes Live Album in vielerlei Hinsicht. So ist es gelungen so ziemlich alle wichtigen Weggef\u00e4hrten Webers nach all den Jahren wieder\u2026","rel":"","context":"In &quot;Rezension&quot;","block_context":{"text":"Rezension","link":"https:\/\/www.jazzzeitung.de\/cms\/thema\/rezension\/"},"img":{"alt_text":"ECM 2463","src":"https:\/\/i0.wp.com\/www.jazzzeitung.de\/cms\/wp-content\/uploads\/2015\/09\/ECM-2463-150x150.jpg?resize=350%2C200","width":350,"height":200},"classes":[]},{"id":8684,"url":"https:\/\/www.jazzzeitung.de\/cms\/2016\/03\/cd-rezension-logan-richardson-mit-pat-metheny-jason-moran-nasheet-waits-harish-raghavan-shift\/","url_meta":{"origin":31814,"position":4},"title":"Shift &#8211; die neue CD von Logan Richardson","author":"Redaktion JazzZeitung","date":"13. M\u00e4rz 2016","format":false,"excerpt":"Von Thomas J. Krebs - Den umtriebigen Altsaxophonisten Logan Richardson werden viele Fans nicht unbedingt als Leader, sondern eher als Sideman von Ambrose Akinmusire oder z.B. Gerald Clayton kennen. Mit seiner neuen CD \u201cShift\u201d, erschienen auf dem renommierten Blue Note Label, legt Richardson nach \"Cerebral Flow\" und \"Ethos\" nun sein\u2026","rel":"","context":"In &quot;Rezension&quot;","block_context":{"text":"Rezension","link":"https:\/\/www.jazzzeitung.de\/cms\/thema\/rezension\/"},"img":{"alt_text":"Cover Logan Richardson - Shift","src":"https:\/\/i0.wp.com\/www.jazzzeitung.de\/cms\/wp-content\/uploads\/2016\/03\/Cover-Logan-Richardson-Shift-1-150x150.jpg?resize=350%2C200","width":350,"height":200},"classes":[]},{"id":3120,"url":"https:\/\/www.jazzzeitung.de\/cms\/2013\/12\/zum-tod-von-jim-hall\/","url_meta":{"origin":31814,"position":5},"title":"Zum Tod von Jim Hall","author":"Redaktion JazzZeitung","date":"11. Dezember 2013","format":false,"excerpt":"Am Dienstag, 10. Dezember 2013, starb der Gitarrist und Komponist Jim Hall sechs Tage nach seinem 83. Geburtstag in New York. Es ist keine leere Floskel, wenn man sagt, der am 4. Dezember 1930 in Buffalo, New York, geborene Musiker hat Jazzgeschichte geschrieben. Er spielte mit den meisten Gr\u00f6\u00dfen seiner\u2026","rel":"","context":"In &quot;News&quot;","block_context":{"text":"News","link":"https:\/\/www.jazzzeitung.de\/cms\/thema\/nachrichten\/"},"img":{"alt_text":"\u201cJim Hall & Pat Metheny\u201d wurde am April 27, 1999 bei Telarc International ver\u00f6ffentlicht.","src":"https:\/\/i0.wp.com\/www.jazzzeitung.de\/cms\/wp-content\/uploads\/2013\/12\/Jim-Hall517b01bfZWL._SX450__PJautoripBadgeBottomRight4-40_OU11__1-150x150.jpg?resize=350%2C200","width":350,"height":200},"classes":[]}],"jetpack_sharing_enabled":true,"_links":{"self":[{"href":"https:\/\/www.jazzzeitung.de\/cms\/wp-json\/wp\/v2\/posts\/31814","targetHints":{"allow":["GET"]}}],"collection":[{"href":"https:\/\/www.jazzzeitung.de\/cms\/wp-json\/wp\/v2\/posts"}],"about":[{"href":"https:\/\/www.jazzzeitung.de\/cms\/wp-json\/wp\/v2\/types\/post"}],"author":[{"embeddable":true,"href":"https:\/\/www.jazzzeitung.de\/cms\/wp-json\/wp\/v2\/users\/18"}],"replies":[{"embeddable":true,"href":"https:\/\/www.jazzzeitung.de\/cms\/wp-json\/wp\/v2\/comments?post=31814"}],"version-history":[{"count":2,"href":"https:\/\/www.jazzzeitung.de\/cms\/wp-json\/wp\/v2\/posts\/31814\/revisions"}],"predecessor-version":[{"id":31819,"href":"https:\/\/www.jazzzeitung.de\/cms\/wp-json\/wp\/v2\/posts\/31814\/revisions\/31819"}],"wp:featuredmedia":[{"embeddable":true,"href":"https:\/\/www.jazzzeitung.de\/cms\/wp-json\/wp\/v2\/media\/31815"}],"wp:attachment":[{"href":"https:\/\/www.jazzzeitung.de\/cms\/wp-json\/wp\/v2\/media?parent=31814"}],"wp:term":[{"taxonomy":"category","embeddable":true,"href":"https:\/\/www.jazzzeitung.de\/cms\/wp-json\/wp\/v2\/categories?post=31814"},{"taxonomy":"post_tag","embeddable":true,"href":"https:\/\/www.jazzzeitung.de\/cms\/wp-json\/wp\/v2\/tags?post=31814"},{"taxonomy":"author","embeddable":true,"href":"https:\/\/www.jazzzeitung.de\/cms\/wp-json\/wp\/v2\/coauthors?post=31814"}],"curies":[{"name":"wp","href":"https:\/\/api.w.org\/{rel}","templated":true}]}}