{"id":31810,"date":"2024-10-21T11:38:18","date_gmt":"2024-10-21T09:38:18","guid":{"rendered":"https:\/\/www.jazzzeitung.de\/cms\/?p=31810"},"modified":"2024-10-21T11:38:18","modified_gmt":"2024-10-21T09:38:18","slug":"cimbiosis-trio-und-ligeti-ensemble-mit-responses-to-ligeti","status":"publish","type":"post","link":"https:\/\/www.jazzzeitung.de\/cms\/2024\/10\/cimbiosis-trio-und-ligeti-ensemble-mit-responses-to-ligeti\/","title":{"rendered":"Cimbiosis Trio und Ligeti Ensemble mit &#8222;Responses to Ligeti&#8220;"},"content":{"rendered":"<p>(Von Mathias B\u00e4umel) Das Budapester Musikzentrum mit dem dazugeh\u00f6rigen CD-Label BMC Records nahm den 100. Geburtstag Gy\u00f6rgy Ligetis zum Anlass, ein in dieser Art wohl einmaliges Klangwerk entstehen zu lassen, das mit zwei Kammermusik-Gruppierungen \u2013 dem Ligeti Ensemble und dem Mikl\u00f3s Luk\u00e1cs Cimbiosis Trio \u2013 beim \u201eLigeti 100 Festival\u201c im Mai 2023 aufgef\u00fchrt und dann aufgenommen wurde. Im Zentrum dieser Musik stehen Ligetis \u201eZehn St\u00fccke f\u00fcr Bl\u00e4serquintett\u201c, aber ganz wesentlich sind die markanten Motivelemente und bizarren Klangschreie, die das Luk\u00e1cs Cimbiosis Trio, gewisserma\u00dfen als \u201eAntworten\u201c, in die Abfolge der Ligeti-St\u00fccke hineingibt. Luk\u00e1cs tritt mit seinen Mitspielern \u2013 Abschnitt f\u00fcr Abschnitt \u2013 in Dialog zur Ligeti-Musik, indem sein Trio mit kleinen, offenbar wie improvisiert wirkenden Pr\u00e4ludien und Postludien die Einzelst\u00fccke Ligetis dialogisch, miteinander verschr\u00e4nkend, verbindet. Auf diese Weise w\u00fcrde, so eine Formulierung auf dem CD-Cover, die \u201ed\u00fcnne Linie zwischen zeitgen\u00f6ssischer Musik und Jazz verschwimmen\u201c. Das Analysieren und Erkennen des Aufbaus dieser (und weiterer) Musik ist das Eine, die emotionale Wirkung, die sie auf den H\u00f6rer ausl\u00f6st, ist das Andere, das dabei jedoch im Vordergrund steht. Das Bl\u00e4serquintett Ligetis lotet die M\u00f6glichkeiten seiner Instrumente aus. Dazu und dazwischen kommen die irrwitzigen, bet\u00f6renden, feinsinnigen, klangintensiven melodisch-rhythmischen Zwischenspiele und wilden Themen des Cimbiosis Trios. Es macht Spa\u00df, dieser delizi\u00f6sen, abenteuerlich wirkenden Musik zuzuh\u00f6ren, die sehr lebendig klingt, aber auch mit ihren melodischen Finessen und klanglichen Kontrasten mitzurei\u00dfen wei\u00df.<\/p>\n<p><img data-recalc-dims=\"1\" loading=\"lazy\" decoding=\"async\" data-attachment-id=\"31812\" data-permalink=\"https:\/\/www.jazzzeitung.de\/cms\/2024\/10\/cimbiosis-trio-und-ligeti-ensemble-mit-responses-to-ligeti\/ligeti_box-2\/\" data-orig-file=\"https:\/\/i0.wp.com\/www.jazzzeitung.de\/cms\/wp-content\/uploads\/2024\/10\/ligeti_box-1.jpg?fit=1133%2C1000&amp;ssl=1\" data-orig-size=\"1133,1000\" data-comments-opened=\"1\" data-image-meta=\"{&quot;aperture&quot;:&quot;0&quot;,&quot;credit&quot;:&quot;&quot;,&quot;camera&quot;:&quot;&quot;,&quot;caption&quot;:&quot;&quot;,&quot;created_timestamp&quot;:&quot;0&quot;,&quot;copyright&quot;:&quot;&quot;,&quot;focal_length&quot;:&quot;0&quot;,&quot;iso&quot;:&quot;0&quot;,&quot;shutter_speed&quot;:&quot;0&quot;,&quot;title&quot;:&quot;&quot;,&quot;orientation&quot;:&quot;0&quot;}\" data-image-title=\"ligeti_box\" data-image-description=\"\" data-image-caption=\"\" data-large-file=\"https:\/\/i0.wp.com\/www.jazzzeitung.de\/cms\/wp-content\/uploads\/2024\/10\/ligeti_box-1.jpg?fit=680%2C600&amp;ssl=1\" class=\"alignleft size-thumbnail wp-image-31812\" src=\"https:\/\/i0.wp.com\/www.jazzzeitung.de\/cms\/wp-content\/uploads\/2024\/10\/ligeti_box-1.jpg?resize=150%2C150&#038;ssl=1\" alt=\"\" width=\"150\" height=\"150\" srcset=\"https:\/\/i0.wp.com\/www.jazzzeitung.de\/cms\/wp-content\/uploads\/2024\/10\/ligeti_box-1.jpg?resize=150%2C150&amp;ssl=1 150w, https:\/\/i0.wp.com\/www.jazzzeitung.de\/cms\/wp-content\/uploads\/2024\/10\/ligeti_box-1.jpg?resize=24%2C24&amp;ssl=1 24w, https:\/\/i0.wp.com\/www.jazzzeitung.de\/cms\/wp-content\/uploads\/2024\/10\/ligeti_box-1.jpg?resize=48%2C48&amp;ssl=1 48w, https:\/\/i0.wp.com\/www.jazzzeitung.de\/cms\/wp-content\/uploads\/2024\/10\/ligeti_box-1.jpg?resize=96%2C96&amp;ssl=1 96w, https:\/\/i0.wp.com\/www.jazzzeitung.de\/cms\/wp-content\/uploads\/2024\/10\/ligeti_box-1.jpg?resize=300%2C300&amp;ssl=1 300w, https:\/\/i0.wp.com\/www.jazzzeitung.de\/cms\/wp-content\/uploads\/2024\/10\/ligeti_box-1.jpg?zoom=3&amp;resize=150%2C150&amp;ssl=1 450w\" sizes=\"auto, (max-width: 150px) 100vw, 150px\" \/><\/p>\n<p>Mikl\u00f3s Luk\u00e1cs Cimbiosis Trio, Ligeti Ensemble:\u00a0\u201eResponses to Ligeti\u201c<\/p>\n<p>BMC 330<\/p>\n","protected":false},"excerpt":{"rendered":"<p>(Von Mathias B\u00e4umel) Das Budapester Musikzentrum mit dem dazugeh\u00f6rigen CD-Label BMC Records nahm den 100. Geburtstag Gy\u00f6rgy Ligetis zum Anlass, ein in dieser Art wohl einmaliges Klangwerk entstehen zu lassen, das mit zwei Kammermusik-Gruppierungen \u2013 dem Ligeti Ensemble und dem Mikl\u00f3s Luk\u00e1cs Cimbiosis Trio \u2013 beim \u201eLigeti 100 Festival\u201c im Mai 2023 aufgef\u00fchrt und dann aufgenommen wurde. Im Zentrum dieser Musik stehen Ligetis \u201eZehn St\u00fccke f\u00fcr Bl\u00e4serquintett\u201c, aber ganz wesentlich sind die markanten Motivelemente und bizarren Klangschreie, die das Luk\u00e1cs Cimbiosis Trio, gewisserma\u00dfen als \u201eAntworten\u201c, in die Abfolge der Ligeti-St\u00fccke hineingibt. Luk\u00e1cs tritt mit seinen Mitspielern \u2013 Abschnitt f\u00fcr Abschnitt \u2013 in Dialog zur Ligeti-Musik, indem sein Trio mit kleinen, offenbar wie improvisiert wirkenden Pr\u00e4ludien und Postludien die Einzelst\u00fccke Ligetis dialogisch, miteinander verschr\u00e4nkend, verbindet. Auf diese Weise w\u00fcrde, so eine Formulierung auf dem CD-Cover, die \u201ed\u00fcnne Linie zwischen zeitgen\u00f6ssischer Musik und Jazz verschwimmen\u201c. Das Analysieren und Erkennen des Aufbaus dieser (und weiterer) Musik ist das Eine, die emotionale Wirkung, die sie auf den H\u00f6rer ausl\u00f6st, ist das Andere, das dabei jedoch im Vordergrund steht. Das Bl\u00e4serquintett Ligetis lotet die M\u00f6glichkeiten seiner Instrumente aus. Dazu und &hellip;<\/p>\n","protected":false},"author":18,"featured_media":31811,"comment_status":"open","ping_status":"closed","sticky":false,"template":"","format":"standard","meta":{"_jetpack_memberships_contains_paid_content":false,"footnotes":"","jetpack_publicize_message":"","jetpack_publicize_feature_enabled":true,"jetpack_social_post_already_shared":true,"jetpack_social_options":{"image_generator_settings":{"template":"highway","default_image_id":0,"font":"","enabled":false},"version":2}},"categories":[1152],"tags":[5510,1485,5508,5509,5511],"coauthors":[695],"class_list":["post-31810","post","type-post","status-publish","format-standard","has-post-thumbnail","hentry","category-rezension","tag-bmc","tag-cd-rezension","tag-ligeti-ensemble","tag-miklos-lukacs-cimbiosis-trio","tag-responses-to-ligeti"],"yoast_head":"<!-- This site is optimized with the Yoast SEO plugin v27.5 - https:\/\/yoast.com\/product\/yoast-seo-wordpress\/ -->\n<title>Cimbiosis Trio und Ligeti Ensemble mit &quot;Responses to Ligeti&quot; - JazzZeitung<\/title>\n<meta name=\"robots\" content=\"index, follow, max-snippet:-1, max-image-preview:large, max-video-preview:-1\" \/>\n<link rel=\"canonical\" href=\"https:\/\/www.jazzzeitung.de\/cms\/2024\/10\/cimbiosis-trio-und-ligeti-ensemble-mit-responses-to-ligeti\/\" \/>\n<meta property=\"og:locale\" content=\"de_DE\" \/>\n<meta property=\"og:type\" content=\"article\" \/>\n<meta property=\"og:title\" content=\"Cimbiosis Trio und Ligeti Ensemble mit &quot;Responses to Ligeti&quot; - JazzZeitung\" \/>\n<meta property=\"og:description\" content=\"(Von Mathias B\u00e4umel) Das Budapester Musikzentrum mit dem dazugeh\u00f6rigen CD-Label BMC Records nahm den 100. Geburtstag Gy\u00f6rgy Ligetis zum Anlass, ein in dieser Art wohl einmaliges Klangwerk entstehen zu lassen, das mit zwei Kammermusik-Gruppierungen \u2013 dem Ligeti Ensemble und dem Mikl\u00f3s Luk\u00e1cs Cimbiosis Trio \u2013 beim \u201eLigeti 100 Festival\u201c im Mai 2023 aufgef\u00fchrt und dann aufgenommen wurde. Im Zentrum dieser Musik stehen Ligetis \u201eZehn St\u00fccke f\u00fcr Bl\u00e4serquintett\u201c, aber ganz wesentlich sind die markanten Motivelemente und bizarren Klangschreie, die das Luk\u00e1cs Cimbiosis Trio, gewisserma\u00dfen als \u201eAntworten\u201c, in die Abfolge der Ligeti-St\u00fccke hineingibt. Luk\u00e1cs tritt mit seinen Mitspielern \u2013 Abschnitt f\u00fcr Abschnitt \u2013 in Dialog zur Ligeti-Musik, indem sein Trio mit kleinen, offenbar wie improvisiert wirkenden Pr\u00e4ludien und Postludien die Einzelst\u00fccke Ligetis dialogisch, miteinander verschr\u00e4nkend, verbindet. Auf diese Weise w\u00fcrde, so eine Formulierung auf dem CD-Cover, die \u201ed\u00fcnne Linie zwischen zeitgen\u00f6ssischer Musik und Jazz verschwimmen\u201c. Das Analysieren und Erkennen des Aufbaus dieser (und weiterer) Musik ist das Eine, die emotionale Wirkung, die sie auf den H\u00f6rer ausl\u00f6st, ist das Andere, das dabei jedoch im Vordergrund steht. Das Bl\u00e4serquintett Ligetis lotet die M\u00f6glichkeiten seiner Instrumente aus. Dazu und &hellip;\" \/>\n<meta property=\"og:url\" content=\"https:\/\/www.jazzzeitung.de\/cms\/2024\/10\/cimbiosis-trio-und-ligeti-ensemble-mit-responses-to-ligeti\/\" \/>\n<meta property=\"og:site_name\" content=\"JazzZeitung\" \/>\n<meta property=\"article:publisher\" content=\"https:\/\/www.facebook.com\/JazzZeitung\/\" \/>\n<meta property=\"article:published_time\" content=\"2024-10-21T09:38:18+00:00\" \/>\n<meta property=\"og:image\" content=\"https:\/\/www.jazzzeitung.de\/cms\/wp-content\/uploads\/2024\/10\/ligeti_box.jpg\" \/>\n\t<meta property=\"og:image:width\" content=\"1133\" \/>\n\t<meta property=\"og:image:height\" content=\"1000\" \/>\n\t<meta property=\"og:image:type\" content=\"image\/jpeg\" \/>\n<meta name=\"author\" content=\"Redaktion JazzZeitung\" \/>\n<script type=\"application\/ld+json\" class=\"yoast-schema-graph\">{\"@context\":\"https:\\\/\\\/schema.org\",\"@graph\":[{\"@type\":\"Article\",\"@id\":\"https:\\\/\\\/www.jazzzeitung.de\\\/cms\\\/2024\\\/10\\\/cimbiosis-trio-und-ligeti-ensemble-mit-responses-to-ligeti\\\/#article\",\"isPartOf\":{\"@id\":\"https:\\\/\\\/www.jazzzeitung.de\\\/cms\\\/2024\\\/10\\\/cimbiosis-trio-und-ligeti-ensemble-mit-responses-to-ligeti\\\/\"},\"author\":{\"name\":\"Redaktion JazzZeitung\",\"@id\":\"https:\\\/\\\/www.jazzzeitung.de\\\/cms\\\/#\\\/schema\\\/person\\\/2245b36b9cd1d24cea10f01c031fb92b\"},\"headline\":\"Cimbiosis Trio und Ligeti Ensemble mit &#8222;Responses to Ligeti&#8220;\",\"datePublished\":\"2024-10-21T09:38:18+00:00\",\"mainEntityOfPage\":{\"@id\":\"https:\\\/\\\/www.jazzzeitung.de\\\/cms\\\/2024\\\/10\\\/cimbiosis-trio-und-ligeti-ensemble-mit-responses-to-ligeti\\\/\"},\"wordCount\":266,\"commentCount\":0,\"publisher\":{\"@id\":\"https:\\\/\\\/www.jazzzeitung.de\\\/cms\\\/#organization\"},\"image\":{\"@id\":\"https:\\\/\\\/www.jazzzeitung.de\\\/cms\\\/2024\\\/10\\\/cimbiosis-trio-und-ligeti-ensemble-mit-responses-to-ligeti\\\/#primaryimage\"},\"thumbnailUrl\":\"https:\\\/\\\/i0.wp.com\\\/www.jazzzeitung.de\\\/cms\\\/wp-content\\\/uploads\\\/2024\\\/10\\\/ligeti_box.jpg?fit=1133%2C1000&ssl=1\",\"keywords\":[\"BMC\",\"CD-Rezension\",\"Ligeti Ensemble\",\"Mikl\u00f3s Luk\u00e1cs Cimbiosis Trio\",\"\u201eResponses to Ligeti\u201c\"],\"articleSection\":[\"Rezension\"],\"inLanguage\":\"de\",\"potentialAction\":[{\"@type\":\"CommentAction\",\"name\":\"Comment\",\"target\":[\"https:\\\/\\\/www.jazzzeitung.de\\\/cms\\\/2024\\\/10\\\/cimbiosis-trio-und-ligeti-ensemble-mit-responses-to-ligeti\\\/#respond\"]}]},{\"@type\":\"WebPage\",\"@id\":\"https:\\\/\\\/www.jazzzeitung.de\\\/cms\\\/2024\\\/10\\\/cimbiosis-trio-und-ligeti-ensemble-mit-responses-to-ligeti\\\/\",\"url\":\"https:\\\/\\\/www.jazzzeitung.de\\\/cms\\\/2024\\\/10\\\/cimbiosis-trio-und-ligeti-ensemble-mit-responses-to-ligeti\\\/\",\"name\":\"Cimbiosis Trio und Ligeti Ensemble mit \\\"Responses to Ligeti\\\" - JazzZeitung\",\"isPartOf\":{\"@id\":\"https:\\\/\\\/www.jazzzeitung.de\\\/cms\\\/#website\"},\"primaryImageOfPage\":{\"@id\":\"https:\\\/\\\/www.jazzzeitung.de\\\/cms\\\/2024\\\/10\\\/cimbiosis-trio-und-ligeti-ensemble-mit-responses-to-ligeti\\\/#primaryimage\"},\"image\":{\"@id\":\"https:\\\/\\\/www.jazzzeitung.de\\\/cms\\\/2024\\\/10\\\/cimbiosis-trio-und-ligeti-ensemble-mit-responses-to-ligeti\\\/#primaryimage\"},\"thumbnailUrl\":\"https:\\\/\\\/i0.wp.com\\\/www.jazzzeitung.de\\\/cms\\\/wp-content\\\/uploads\\\/2024\\\/10\\\/ligeti_box.jpg?fit=1133%2C1000&ssl=1\",\"datePublished\":\"2024-10-21T09:38:18+00:00\",\"breadcrumb\":{\"@id\":\"https:\\\/\\\/www.jazzzeitung.de\\\/cms\\\/2024\\\/10\\\/cimbiosis-trio-und-ligeti-ensemble-mit-responses-to-ligeti\\\/#breadcrumb\"},\"inLanguage\":\"de\",\"potentialAction\":[{\"@type\":\"ReadAction\",\"target\":[\"https:\\\/\\\/www.jazzzeitung.de\\\/cms\\\/2024\\\/10\\\/cimbiosis-trio-und-ligeti-ensemble-mit-responses-to-ligeti\\\/\"]}]},{\"@type\":\"ImageObject\",\"inLanguage\":\"de\",\"@id\":\"https:\\\/\\\/www.jazzzeitung.de\\\/cms\\\/2024\\\/10\\\/cimbiosis-trio-und-ligeti-ensemble-mit-responses-to-ligeti\\\/#primaryimage\",\"url\":\"https:\\\/\\\/i0.wp.com\\\/www.jazzzeitung.de\\\/cms\\\/wp-content\\\/uploads\\\/2024\\\/10\\\/ligeti_box.jpg?fit=1133%2C1000&ssl=1\",\"contentUrl\":\"https:\\\/\\\/i0.wp.com\\\/www.jazzzeitung.de\\\/cms\\\/wp-content\\\/uploads\\\/2024\\\/10\\\/ligeti_box.jpg?fit=1133%2C1000&ssl=1\",\"width\":1133,\"height\":1000},{\"@type\":\"BreadcrumbList\",\"@id\":\"https:\\\/\\\/www.jazzzeitung.de\\\/cms\\\/2024\\\/10\\\/cimbiosis-trio-und-ligeti-ensemble-mit-responses-to-ligeti\\\/#breadcrumb\",\"itemListElement\":[{\"@type\":\"ListItem\",\"position\":1,\"name\":\"Startseite\",\"item\":\"https:\\\/\\\/www.jazzzeitung.de\\\/cms\\\/\"},{\"@type\":\"ListItem\",\"position\":2,\"name\":\"Cimbiosis Trio und Ligeti Ensemble mit &#8222;Responses to Ligeti&#8220;\"}]},{\"@type\":\"WebSite\",\"@id\":\"https:\\\/\\\/www.jazzzeitung.de\\\/cms\\\/#website\",\"url\":\"https:\\\/\\\/www.jazzzeitung.de\\\/cms\\\/\",\"name\":\"JazzZeitung\",\"description\":\"Jazz-News und Jazz-Kontroverses\",\"publisher\":{\"@id\":\"https:\\\/\\\/www.jazzzeitung.de\\\/cms\\\/#organization\"},\"potentialAction\":[{\"@type\":\"SearchAction\",\"target\":{\"@type\":\"EntryPoint\",\"urlTemplate\":\"https:\\\/\\\/www.jazzzeitung.de\\\/cms\\\/?s={search_term_string}\"},\"query-input\":{\"@type\":\"PropertyValueSpecification\",\"valueRequired\":true,\"valueName\":\"search_term_string\"}}],\"inLanguage\":\"de\"},{\"@type\":\"Organization\",\"@id\":\"https:\\\/\\\/www.jazzzeitung.de\\\/cms\\\/#organization\",\"name\":\"JazzZeitung online\",\"url\":\"https:\\\/\\\/www.jazzzeitung.de\\\/cms\\\/\",\"logo\":{\"@type\":\"ImageObject\",\"inLanguage\":\"de\",\"@id\":\"https:\\\/\\\/www.jazzzeitung.de\\\/cms\\\/#\\\/schema\\\/logo\\\/image\\\/\",\"url\":\"https:\\\/\\\/i0.wp.com\\\/www.jazzzeitung.de\\\/cms\\\/wp-content\\\/uploads\\\/2015\\\/08\\\/JAZZZEITUNGDE_Logo_Neu.png?fit=499%2C200&ssl=1\",\"contentUrl\":\"https:\\\/\\\/i0.wp.com\\\/www.jazzzeitung.de\\\/cms\\\/wp-content\\\/uploads\\\/2015\\\/08\\\/JAZZZEITUNGDE_Logo_Neu.png?fit=499%2C200&ssl=1\",\"width\":499,\"height\":200,\"caption\":\"JazzZeitung online\"},\"image\":{\"@id\":\"https:\\\/\\\/www.jazzzeitung.de\\\/cms\\\/#\\\/schema\\\/logo\\\/image\\\/\"},\"sameAs\":[\"https:\\\/\\\/www.facebook.com\\\/JazzZeitung\\\/\"]},{\"@type\":\"Person\",\"@id\":\"https:\\\/\\\/www.jazzzeitung.de\\\/cms\\\/#\\\/schema\\\/person\\\/2245b36b9cd1d24cea10f01c031fb92b\",\"name\":\"Redaktion JazzZeitung\",\"image\":{\"@type\":\"ImageObject\",\"inLanguage\":\"de\",\"@id\":\"https:\\\/\\\/i0.wp.com\\\/www.jazzzeitung.de\\\/cms\\\/wp-content\\\/uploads\\\/2015\\\/08\\\/JAZZZEITUNGDE_Logo_Neu.png?resize=96%2C96&ssl=159975dcacb611b5700bd619b5daf0a7a\",\"url\":\"https:\\\/\\\/i0.wp.com\\\/www.jazzzeitung.de\\\/cms\\\/wp-content\\\/uploads\\\/2015\\\/08\\\/JAZZZEITUNGDE_Logo_Neu.png?resize=96%2C96&ssl=1\",\"contentUrl\":\"https:\\\/\\\/i0.wp.com\\\/www.jazzzeitung.de\\\/cms\\\/wp-content\\\/uploads\\\/2015\\\/08\\\/JAZZZEITUNGDE_Logo_Neu.png?resize=96%2C96&ssl=1\",\"caption\":\"Redaktion JazzZeitung\"},\"description\":\"Artikel der Redaktion der JazzZeitung.\",\"sameAs\":[\"http:\\\/\\\/www.jazzzeitung.de\\\/cms\\\/\"],\"url\":\"https:\\\/\\\/www.jazzzeitung.de\\\/cms\\\/author\\\/redaktion\\\/\"}]}<\/script>\n<!-- \/ Yoast SEO plugin. -->","yoast_head_json":{"title":"Cimbiosis Trio und Ligeti Ensemble mit \"Responses to Ligeti\" - JazzZeitung","robots":{"index":"index","follow":"follow","max-snippet":"max-snippet:-1","max-image-preview":"max-image-preview:large","max-video-preview":"max-video-preview:-1"},"canonical":"https:\/\/www.jazzzeitung.de\/cms\/2024\/10\/cimbiosis-trio-und-ligeti-ensemble-mit-responses-to-ligeti\/","og_locale":"de_DE","og_type":"article","og_title":"Cimbiosis Trio und Ligeti Ensemble mit \"Responses to Ligeti\" - JazzZeitung","og_description":"(Von Mathias B\u00e4umel) Das Budapester Musikzentrum mit dem dazugeh\u00f6rigen CD-Label BMC Records nahm den 100. Geburtstag Gy\u00f6rgy Ligetis zum Anlass, ein in dieser Art wohl einmaliges Klangwerk entstehen zu lassen, das mit zwei Kammermusik-Gruppierungen \u2013 dem Ligeti Ensemble und dem Mikl\u00f3s Luk\u00e1cs Cimbiosis Trio \u2013 beim \u201eLigeti 100 Festival\u201c im Mai 2023 aufgef\u00fchrt und dann aufgenommen wurde. Im Zentrum dieser Musik stehen Ligetis \u201eZehn St\u00fccke f\u00fcr Bl\u00e4serquintett\u201c, aber ganz wesentlich sind die markanten Motivelemente und bizarren Klangschreie, die das Luk\u00e1cs Cimbiosis Trio, gewisserma\u00dfen als \u201eAntworten\u201c, in die Abfolge der Ligeti-St\u00fccke hineingibt. Luk\u00e1cs tritt mit seinen Mitspielern \u2013 Abschnitt f\u00fcr Abschnitt \u2013 in Dialog zur Ligeti-Musik, indem sein Trio mit kleinen, offenbar wie improvisiert wirkenden Pr\u00e4ludien und Postludien die Einzelst\u00fccke Ligetis dialogisch, miteinander verschr\u00e4nkend, verbindet. Auf diese Weise w\u00fcrde, so eine Formulierung auf dem CD-Cover, die \u201ed\u00fcnne Linie zwischen zeitgen\u00f6ssischer Musik und Jazz verschwimmen\u201c. Das Analysieren und Erkennen des Aufbaus dieser (und weiterer) Musik ist das Eine, die emotionale Wirkung, die sie auf den H\u00f6rer ausl\u00f6st, ist das Andere, das dabei jedoch im Vordergrund steht. Das Bl\u00e4serquintett Ligetis lotet die M\u00f6glichkeiten seiner Instrumente aus. Dazu und &hellip;","og_url":"https:\/\/www.jazzzeitung.de\/cms\/2024\/10\/cimbiosis-trio-und-ligeti-ensemble-mit-responses-to-ligeti\/","og_site_name":"JazzZeitung","article_publisher":"https:\/\/www.facebook.com\/JazzZeitung\/","article_published_time":"2024-10-21T09:38:18+00:00","og_image":[{"width":1133,"height":1000,"url":"https:\/\/www.jazzzeitung.de\/cms\/wp-content\/uploads\/2024\/10\/ligeti_box.jpg","type":"image\/jpeg"}],"author":"Redaktion JazzZeitung","schema":{"@context":"https:\/\/schema.org","@graph":[{"@type":"Article","@id":"https:\/\/www.jazzzeitung.de\/cms\/2024\/10\/cimbiosis-trio-und-ligeti-ensemble-mit-responses-to-ligeti\/#article","isPartOf":{"@id":"https:\/\/www.jazzzeitung.de\/cms\/2024\/10\/cimbiosis-trio-und-ligeti-ensemble-mit-responses-to-ligeti\/"},"author":{"name":"Redaktion JazzZeitung","@id":"https:\/\/www.jazzzeitung.de\/cms\/#\/schema\/person\/2245b36b9cd1d24cea10f01c031fb92b"},"headline":"Cimbiosis Trio und Ligeti Ensemble mit &#8222;Responses to Ligeti&#8220;","datePublished":"2024-10-21T09:38:18+00:00","mainEntityOfPage":{"@id":"https:\/\/www.jazzzeitung.de\/cms\/2024\/10\/cimbiosis-trio-und-ligeti-ensemble-mit-responses-to-ligeti\/"},"wordCount":266,"commentCount":0,"publisher":{"@id":"https:\/\/www.jazzzeitung.de\/cms\/#organization"},"image":{"@id":"https:\/\/www.jazzzeitung.de\/cms\/2024\/10\/cimbiosis-trio-und-ligeti-ensemble-mit-responses-to-ligeti\/#primaryimage"},"thumbnailUrl":"https:\/\/i0.wp.com\/www.jazzzeitung.de\/cms\/wp-content\/uploads\/2024\/10\/ligeti_box.jpg?fit=1133%2C1000&ssl=1","keywords":["BMC","CD-Rezension","Ligeti Ensemble","Mikl\u00f3s Luk\u00e1cs Cimbiosis Trio","\u201eResponses to Ligeti\u201c"],"articleSection":["Rezension"],"inLanguage":"de","potentialAction":[{"@type":"CommentAction","name":"Comment","target":["https:\/\/www.jazzzeitung.de\/cms\/2024\/10\/cimbiosis-trio-und-ligeti-ensemble-mit-responses-to-ligeti\/#respond"]}]},{"@type":"WebPage","@id":"https:\/\/www.jazzzeitung.de\/cms\/2024\/10\/cimbiosis-trio-und-ligeti-ensemble-mit-responses-to-ligeti\/","url":"https:\/\/www.jazzzeitung.de\/cms\/2024\/10\/cimbiosis-trio-und-ligeti-ensemble-mit-responses-to-ligeti\/","name":"Cimbiosis Trio und Ligeti Ensemble mit \"Responses to Ligeti\" - JazzZeitung","isPartOf":{"@id":"https:\/\/www.jazzzeitung.de\/cms\/#website"},"primaryImageOfPage":{"@id":"https:\/\/www.jazzzeitung.de\/cms\/2024\/10\/cimbiosis-trio-und-ligeti-ensemble-mit-responses-to-ligeti\/#primaryimage"},"image":{"@id":"https:\/\/www.jazzzeitung.de\/cms\/2024\/10\/cimbiosis-trio-und-ligeti-ensemble-mit-responses-to-ligeti\/#primaryimage"},"thumbnailUrl":"https:\/\/i0.wp.com\/www.jazzzeitung.de\/cms\/wp-content\/uploads\/2024\/10\/ligeti_box.jpg?fit=1133%2C1000&ssl=1","datePublished":"2024-10-21T09:38:18+00:00","breadcrumb":{"@id":"https:\/\/www.jazzzeitung.de\/cms\/2024\/10\/cimbiosis-trio-und-ligeti-ensemble-mit-responses-to-ligeti\/#breadcrumb"},"inLanguage":"de","potentialAction":[{"@type":"ReadAction","target":["https:\/\/www.jazzzeitung.de\/cms\/2024\/10\/cimbiosis-trio-und-ligeti-ensemble-mit-responses-to-ligeti\/"]}]},{"@type":"ImageObject","inLanguage":"de","@id":"https:\/\/www.jazzzeitung.de\/cms\/2024\/10\/cimbiosis-trio-und-ligeti-ensemble-mit-responses-to-ligeti\/#primaryimage","url":"https:\/\/i0.wp.com\/www.jazzzeitung.de\/cms\/wp-content\/uploads\/2024\/10\/ligeti_box.jpg?fit=1133%2C1000&ssl=1","contentUrl":"https:\/\/i0.wp.com\/www.jazzzeitung.de\/cms\/wp-content\/uploads\/2024\/10\/ligeti_box.jpg?fit=1133%2C1000&ssl=1","width":1133,"height":1000},{"@type":"BreadcrumbList","@id":"https:\/\/www.jazzzeitung.de\/cms\/2024\/10\/cimbiosis-trio-und-ligeti-ensemble-mit-responses-to-ligeti\/#breadcrumb","itemListElement":[{"@type":"ListItem","position":1,"name":"Startseite","item":"https:\/\/www.jazzzeitung.de\/cms\/"},{"@type":"ListItem","position":2,"name":"Cimbiosis Trio und Ligeti Ensemble mit &#8222;Responses to Ligeti&#8220;"}]},{"@type":"WebSite","@id":"https:\/\/www.jazzzeitung.de\/cms\/#website","url":"https:\/\/www.jazzzeitung.de\/cms\/","name":"JazzZeitung","description":"Jazz-News und Jazz-Kontroverses","publisher":{"@id":"https:\/\/www.jazzzeitung.de\/cms\/#organization"},"potentialAction":[{"@type":"SearchAction","target":{"@type":"EntryPoint","urlTemplate":"https:\/\/www.jazzzeitung.de\/cms\/?s={search_term_string}"},"query-input":{"@type":"PropertyValueSpecification","valueRequired":true,"valueName":"search_term_string"}}],"inLanguage":"de"},{"@type":"Organization","@id":"https:\/\/www.jazzzeitung.de\/cms\/#organization","name":"JazzZeitung online","url":"https:\/\/www.jazzzeitung.de\/cms\/","logo":{"@type":"ImageObject","inLanguage":"de","@id":"https:\/\/www.jazzzeitung.de\/cms\/#\/schema\/logo\/image\/","url":"https:\/\/i0.wp.com\/www.jazzzeitung.de\/cms\/wp-content\/uploads\/2015\/08\/JAZZZEITUNGDE_Logo_Neu.png?fit=499%2C200&ssl=1","contentUrl":"https:\/\/i0.wp.com\/www.jazzzeitung.de\/cms\/wp-content\/uploads\/2015\/08\/JAZZZEITUNGDE_Logo_Neu.png?fit=499%2C200&ssl=1","width":499,"height":200,"caption":"JazzZeitung online"},"image":{"@id":"https:\/\/www.jazzzeitung.de\/cms\/#\/schema\/logo\/image\/"},"sameAs":["https:\/\/www.facebook.com\/JazzZeitung\/"]},{"@type":"Person","@id":"https:\/\/www.jazzzeitung.de\/cms\/#\/schema\/person\/2245b36b9cd1d24cea10f01c031fb92b","name":"Redaktion JazzZeitung","image":{"@type":"ImageObject","inLanguage":"de","@id":"https:\/\/i0.wp.com\/www.jazzzeitung.de\/cms\/wp-content\/uploads\/2015\/08\/JAZZZEITUNGDE_Logo_Neu.png?resize=96%2C96&ssl=159975dcacb611b5700bd619b5daf0a7a","url":"https:\/\/i0.wp.com\/www.jazzzeitung.de\/cms\/wp-content\/uploads\/2015\/08\/JAZZZEITUNGDE_Logo_Neu.png?resize=96%2C96&ssl=1","contentUrl":"https:\/\/i0.wp.com\/www.jazzzeitung.de\/cms\/wp-content\/uploads\/2015\/08\/JAZZZEITUNGDE_Logo_Neu.png?resize=96%2C96&ssl=1","caption":"Redaktion JazzZeitung"},"description":"Artikel der Redaktion der JazzZeitung.","sameAs":["http:\/\/www.jazzzeitung.de\/cms\/"],"url":"https:\/\/www.jazzzeitung.de\/cms\/author\/redaktion\/"}]}},"wp-worthy-pixel":{"ignored":false,"public":null,"server":null,"url":null},"wp-worthy-type":"normal","jetpack_publicize_connections":[],"cc_featured_image_caption":{"caption_text":"","source_text":"","source_url":""},"jetpack_featured_media_url":"https:\/\/i0.wp.com\/www.jazzzeitung.de\/cms\/wp-content\/uploads\/2024\/10\/ligeti_box.jpg?fit=1133%2C1000&ssl=1","jetpack_shortlink":"https:\/\/wp.me\/p3KEcT-8h4","jetpack-related-posts":[{"id":29466,"url":"https:\/\/www.jazzzeitung.de\/cms\/2023\/05\/die-erweiterte-jazz-radiowoche-vom-22-05-2023-bis-28-05-2023\/","url_meta":{"origin":31810,"position":0},"title":"Die erweiterte Jazz-Radiowoche vom 22.05.2023 bis 28.05.2023","author":"Martin Hufner","date":"21. Mai 2023","format":false,"excerpt":"Ein kleiner Blick in die Radiowoche 20. Die \u00dcbersicht zum Download als PDF. Alle Angaben ohne Gew\u00e4hr. In dieser Ausgabe und hoffentlich auch l\u00e4nger, wieder mit Angaben von NDR und rbb. Erg\u00e4nzt mit den tollen Sendungen zur Neuen Musik von BR-KLASSIK und \u00d61. Inhalt Senderliste: 2 mo \u2013 22.05.2023. 3\u2026","rel":"","context":"In &quot;News&quot;","block_context":{"text":"News","link":"https:\/\/www.jazzzeitung.de\/cms\/thema\/nachrichten\/"},"img":{"alt_text":"Jazz im Radio. Foto\/Montage: Hufner","src":"https:\/\/i0.wp.com\/www.jazzzeitung.de\/cms\/wp-content\/uploads\/2018\/05\/radio-jazz_journalisten.jpg?fit=1200%2C900&ssl=1&resize=350%2C200","width":350,"height":200,"srcset":"https:\/\/i0.wp.com\/www.jazzzeitung.de\/cms\/wp-content\/uploads\/2018\/05\/radio-jazz_journalisten.jpg?fit=1200%2C900&ssl=1&resize=350%2C200 1x, https:\/\/i0.wp.com\/www.jazzzeitung.de\/cms\/wp-content\/uploads\/2018\/05\/radio-jazz_journalisten.jpg?fit=1200%2C900&ssl=1&resize=525%2C300 1.5x, https:\/\/i0.wp.com\/www.jazzzeitung.de\/cms\/wp-content\/uploads\/2018\/05\/radio-jazz_journalisten.jpg?fit=1200%2C900&ssl=1&resize=700%2C400 2x, https:\/\/i0.wp.com\/www.jazzzeitung.de\/cms\/wp-content\/uploads\/2018\/05\/radio-jazz_journalisten.jpg?fit=1200%2C900&ssl=1&resize=1050%2C600 3x"},"classes":[]},{"id":29223,"url":"https:\/\/www.jazzzeitung.de\/cms\/2023\/03\/news-moers-festival-programm-mathias-bublath-in-oberthulba-jazz-april-in-berlins-gretchen\/","url_meta":{"origin":31810,"position":1},"title":"News: +++ moers festival Programm +++ Mathias Bublath in Oberthulba +++ Jazz-April in Berlins Gretchen +++","author":"Redaktion JazzZeitung","date":"20. M\u00e4rz 2023","format":false,"excerpt":"+++ Das moers festival hat sein 52. Programm vorgestellt +++ Am Pfingstwochenende (26. bis 29. Mai 2023) treten \u00fcber 250 K\u00fcnstler*innen aus 23 Nationen in Moers auf. Das Programm (K\u00fcnstlerische Leitung: Tim Isfort) ist, neben einigen davon losgel\u00f6sten Programmpunkten, um die Schlagworte \u201eAUFBRUCH\u201c, \u201e?AFRIKA\u201d, \u201eKYLWIRIA\u201d, \u201eWERT\u201d und \u201eBEFREIUNG\u201d konzipiert. Unter\u2026","rel":"","context":"In &quot;News&quot;","block_context":{"text":"News","link":"https:\/\/www.jazzzeitung.de\/cms\/thema\/nachrichten\/"},"img":{"alt_text":"","src":"https:\/\/i0.wp.com\/www.jazzzeitung.de\/cms\/wp-content\/uploads\/2023\/03\/Jeembaa-Groove_Credits-Jembaa-Groove2-klein-scaled.jpg?fit=1200%2C800&ssl=1&resize=350%2C200","width":350,"height":200,"srcset":"https:\/\/i0.wp.com\/www.jazzzeitung.de\/cms\/wp-content\/uploads\/2023\/03\/Jeembaa-Groove_Credits-Jembaa-Groove2-klein-scaled.jpg?fit=1200%2C800&ssl=1&resize=350%2C200 1x, https:\/\/i0.wp.com\/www.jazzzeitung.de\/cms\/wp-content\/uploads\/2023\/03\/Jeembaa-Groove_Credits-Jembaa-Groove2-klein-scaled.jpg?fit=1200%2C800&ssl=1&resize=525%2C300 1.5x, https:\/\/i0.wp.com\/www.jazzzeitung.de\/cms\/wp-content\/uploads\/2023\/03\/Jeembaa-Groove_Credits-Jembaa-Groove2-klein-scaled.jpg?fit=1200%2C800&ssl=1&resize=700%2C400 2x, https:\/\/i0.wp.com\/www.jazzzeitung.de\/cms\/wp-content\/uploads\/2023\/03\/Jeembaa-Groove_Credits-Jembaa-Groove2-klein-scaled.jpg?fit=1200%2C800&ssl=1&resize=1050%2C600 3x"},"classes":[]},{"id":5635,"url":"https:\/\/www.jazzzeitung.de\/cms\/2015\/03\/die-melancholie-des-altsaxofons\/","url_meta":{"origin":31810,"position":2},"title":"Die Melancholie des Altsaxofons","author":"Redaktion JazzZeitung","date":"5. M\u00e4rz 2015","format":false,"excerpt":"Von Mathias B\u00e4umel - CD \u00bbThe Present\u00ab von Viktor T\u00f3ths Arura Trio erschienen Das fr\u00fchere l\u00e4ndliche Ungarn. Wer etwa 1977 auf dem Bahnhof der Kleinstadt Kiskunhalas ankam, konnte nicht selten noch die Fiaker-artigen Pferdekutschen sehen, die auf dem Vorplatz stehend auf Passagiere ins Innere des St\u00e4dtchens warteten; Taxis, alte Skodas\u2026","rel":"","context":"In &quot;Rezension&quot;","block_context":{"text":"Rezension","link":"https:\/\/www.jazzzeitung.de\/cms\/thema\/rezension\/"},"img":{"alt_text":"Viktor T\u00f3th Arura Trio: \u00bbThe Present\u00ab (BMC Records)","src":"https:\/\/i0.wp.com\/www.jazzzeitung.de\/cms\/wp-content\/uploads\/2015\/03\/arura_cover-150x150.jpg?resize=350%2C200","width":350,"height":200},"classes":[]},{"id":19127,"url":"https:\/\/www.jazzzeitung.de\/cms\/2019\/04\/weltgroesste-jazzforschungskonferenz-an-der-kug\/","url_meta":{"origin":31810,"position":3},"title":"Internationale Rhythm Changes Konferenz an der Kunstuniversit\u00e4t Graz","author":"Redaktion JazzZeitung","date":"8. April 2019","format":false,"excerpt":"An der Kunstuniversit\u00e4t Graz (KUG) findet von 11. bis 14. April 2019 nach Angaben der Veranstalter \"die weltweit gr\u00f6\u00dfte Jazzforschungskonferenz\" statt: die \"6. Internationale Rhythm Changes Konferenz\". Forscher\/-innen aus unterschiedlichen Disziplinen und \u00fcber 30 L\u00e4ndern diskutieren vier Tage lang \u00fcber \u201eJazz Journeys\". Dabei geht es um das Reisen in andere\u2026","rel":"","context":"In &quot;News&quot;","block_context":{"text":"News","link":"https:\/\/www.jazzzeitung.de\/cms\/thema\/nachrichten\/"},"img":{"alt_text":"","src":"https:\/\/i0.wp.com\/www.jazzzeitung.de\/cms\/wp-content\/uploads\/2019\/04\/246_kug_jazznight_14_1_2016_%C2%A9_johannes_gellner.jpg?fit=1200%2C783&ssl=1&resize=350%2C200","width":350,"height":200,"srcset":"https:\/\/i0.wp.com\/www.jazzzeitung.de\/cms\/wp-content\/uploads\/2019\/04\/246_kug_jazznight_14_1_2016_%C2%A9_johannes_gellner.jpg?fit=1200%2C783&ssl=1&resize=350%2C200 1x, https:\/\/i0.wp.com\/www.jazzzeitung.de\/cms\/wp-content\/uploads\/2019\/04\/246_kug_jazznight_14_1_2016_%C2%A9_johannes_gellner.jpg?fit=1200%2C783&ssl=1&resize=525%2C300 1.5x, https:\/\/i0.wp.com\/www.jazzzeitung.de\/cms\/wp-content\/uploads\/2019\/04\/246_kug_jazznight_14_1_2016_%C2%A9_johannes_gellner.jpg?fit=1200%2C783&ssl=1&resize=700%2C400 2x, https:\/\/i0.wp.com\/www.jazzzeitung.de\/cms\/wp-content\/uploads\/2019\/04\/246_kug_jazznight_14_1_2016_%C2%A9_johannes_gellner.jpg?fit=1200%2C783&ssl=1&resize=1050%2C600 3x"},"classes":[]},{"id":24342,"url":"https:\/\/www.jazzzeitung.de\/cms\/2021\/02\/grafikdesigner-und-cd-cover-kuenstler-laszlo-huszar-ist-tot\/","url_meta":{"origin":31810,"position":4},"title":"Grafikdesigner und CD-Cover-K\u00fcnstler L\u00e1szl\u00f3 Husz\u00e1r ist tot","author":"Redaktion JazzZeitung","date":"2. Februar 2021","format":false,"excerpt":"Der international anerkannte ungarische Grafikdesigner L\u00e1szl\u00f3 Husz\u00e1r ist tot. Das gaben das ungarische Onlineportal Kreativ sowie die CD-Firma BMC Records bekannt. Husz\u00e1r starb am 3. Januar 2021 an den Folgen einer Krebserkrankung. Der K\u00fcnstler war Art Director der vielfach ausgezeichneten\u00a0Agentur Greenroom. Neben den visuellen L\u00f6sungen mehrerer preisgekr\u00f6nter Kampagnen war L\u00e1szl\u00f3\u2026","rel":"","context":"In &quot;News&quot;","block_context":{"text":"News","link":"https:\/\/www.jazzzeitung.de\/cms\/thema\/nachrichten\/"},"img":{"alt_text":"","src":"https:\/\/i0.wp.com\/www.jazzzeitung.de\/cms\/wp-content\/uploads\/2021\/02\/5998309302473.jpg?fit=500%2C500&ssl=1&resize=350%2C200","width":350,"height":200},"classes":[]},{"id":8426,"url":"https:\/\/www.jazzzeitung.de\/cms\/2016\/02\/musik-aus-stadt-und-sand\/","url_meta":{"origin":31810,"position":5},"title":"Musik aus Stadt und Sand &#8211; Rudi Mahall und Istv\u00e1n Grencs\u00f3 ver\u00f6ffentlichen CD \u201eMarginal Music \/ R\u00e9tegzene\u201c","author":"Redaktion JazzZeitung","date":"16. Februar 2016","format":false,"excerpt":"Von Mathias B\u00e4umel - Da treffen zwei der fulminantesten und ausdrucksst\u00e4rksten Holzbl\u00e4ser ihrer L\u00e4nder \u2013 der Deutsche Rudi Mahall und der Ungar Istv\u00e1n Grencs\u00f3 \u2013 aufeinander, und was wird gespielt? Eine zwar kraftvolle, aber dennoch \u00fcberaus lyrische, atmosph\u00e4rische Musik. Die beiden kommen bekanntlich aus verschiedenen Freejazz-Kulturkreisen. Mahall ist stark gepr\u00e4gt\u2026","rel":"","context":"In &quot;Rezension&quot;","block_context":{"text":"Rezension","link":"https:\/\/www.jazzzeitung.de\/cms\/thema\/rezension\/"},"img":{"alt_text":"","src":"https:\/\/i0.wp.com\/www.jazzzeitung.de\/cms\/wp-content\/uploads\/2016\/02\/222_650-150x150.jpg?resize=350%2C200","width":350,"height":200},"classes":[]}],"jetpack_sharing_enabled":true,"_links":{"self":[{"href":"https:\/\/www.jazzzeitung.de\/cms\/wp-json\/wp\/v2\/posts\/31810","targetHints":{"allow":["GET"]}}],"collection":[{"href":"https:\/\/www.jazzzeitung.de\/cms\/wp-json\/wp\/v2\/posts"}],"about":[{"href":"https:\/\/www.jazzzeitung.de\/cms\/wp-json\/wp\/v2\/types\/post"}],"author":[{"embeddable":true,"href":"https:\/\/www.jazzzeitung.de\/cms\/wp-json\/wp\/v2\/users\/18"}],"replies":[{"embeddable":true,"href":"https:\/\/www.jazzzeitung.de\/cms\/wp-json\/wp\/v2\/comments?post=31810"}],"version-history":[{"count":1,"href":"https:\/\/www.jazzzeitung.de\/cms\/wp-json\/wp\/v2\/posts\/31810\/revisions"}],"predecessor-version":[{"id":31813,"href":"https:\/\/www.jazzzeitung.de\/cms\/wp-json\/wp\/v2\/posts\/31810\/revisions\/31813"}],"wp:featuredmedia":[{"embeddable":true,"href":"https:\/\/www.jazzzeitung.de\/cms\/wp-json\/wp\/v2\/media\/31811"}],"wp:attachment":[{"href":"https:\/\/www.jazzzeitung.de\/cms\/wp-json\/wp\/v2\/media?parent=31810"}],"wp:term":[{"taxonomy":"category","embeddable":true,"href":"https:\/\/www.jazzzeitung.de\/cms\/wp-json\/wp\/v2\/categories?post=31810"},{"taxonomy":"post_tag","embeddable":true,"href":"https:\/\/www.jazzzeitung.de\/cms\/wp-json\/wp\/v2\/tags?post=31810"},{"taxonomy":"author","embeddable":true,"href":"https:\/\/www.jazzzeitung.de\/cms\/wp-json\/wp\/v2\/coauthors?post=31810"}],"curies":[{"name":"wp","href":"https:\/\/api.w.org\/{rel}","templated":true}]}}