{"id":31780,"date":"2024-10-15T08:17:58","date_gmt":"2024-10-15T06:17:58","guid":{"rendered":"https:\/\/www.jazzzeitung.de\/cms\/?p=31780"},"modified":"2024-10-13T12:18:35","modified_gmt":"2024-10-13T10:18:35","slug":"the-sound-of-dialogue-schader-residence-uno-jazz-einwoechiges-residence-programm-fuer-jazz-und-impromusikerinnen-in-darmstadt","status":"publish","type":"post","link":"https:\/\/www.jazzzeitung.de\/cms\/2024\/10\/the-sound-of-dialogue-schader-residence-uno-jazz-einwoechiges-residence-programm-fuer-jazz-und-impromusikerinnen-in-darmstadt\/","title":{"rendered":"The Sound of Dialogue \u2013 Schader-Residence UNO &#038; Jazz Einw\u00f6chiges Residence-Programm f\u00fcr Jazz- und Impromusiker*innen in Darmstadt"},"content":{"rendered":"<p><strong>Wie k\u00f6nnen Musik als universelle Sprache und Jazz als besonders offenes Musikgenre im Horizont der Vereinten Nationen zur globalen Verst\u00e4ndigung beitragen? \u00a0Das Jazzinstitut Darmstadt, die Deutsche Gesellschaft f\u00fcr die Vereinten Nationen (DGVN) und die Schader-Stiftung laden professionelle Jazzmusiker*innen mit Arbeitsschwerpunkt in Deutschland zur musikalischen Auseinandersetzung mit dieser Frage und zur Bewerbung f\u00fcr das Schader-Residence-Programm \u201eThe Sound of Dialogue\u201c vom 12.5.2025 bis 19.5.2025 in den Schader-Campus in Darmstadt ein. Die Bewerbungsfrist endet am 17.11.2024<\/strong><\/p>\n<p>&nbsp;<\/p>\n<p><strong>Im Folgenden der Call for Application:<\/strong><\/p>\n<p style=\"padding-left: 40px;\">Eine Woche lang steht im Mai 2025 der Zusammenhang von Verst\u00e4ndigung und Jazz im Mittelpunkt \u2013 ein intensiver Austausch zwischen Musik, Diskurs und internationaler Zusammenarbeit. Inspiriert von den Geschichten deutscher Mitarbeiter*innen der Vereinten Nationen aus dem Buch &#8222;<a href=\"https:\/\/dgvn.de\/aktivitaeten\/einzelansicht\/wir-sind-uno-deutschland-und-deutsche-bei-den-vereinten-nationen\/\">Wir sind UNO<\/a>&#8220; von Dr. Ekkehard Griep, soll in Darmstadt erfahrbar werden, warum Jazz und der globale Ansatz der V\u00f6lkerverst\u00e4ndigung der Vereinten Nationen sich wechselseitig befruchten k\u00f6nnen.<\/p>\n<p style=\"padding-left: 40px;\"><strong>Wir suchen eine*n Musiker*in, die*der neugierig ist, sich auf interdisziplin\u00e4re Dialoge in Sprache und T\u00f6nen einzulassen und die Themen der UNO durch improvisierende Musik zu erforschen.<\/strong><\/p>\n<p style=\"padding-left: 40px;\"><strong>Was passiert w\u00e4hrend der Residence?<\/strong><\/p>\n<p style=\"padding-left: 40px;\">\u00dcber eine Woche hinweg erlebst und erforschst Du im Dialog mit Expert*innen aus anderen Disziplinen und durch kreative Prozesse die Verbindung von Musik und internationalen Themen. Gemeinsam und mit Unterst\u00fctzung der veranstaltenden Organisationen entwickelst Du aus einer k\u00fcnstlerischen Perspektive ein Programm, das sich in Jam-Sessions, intensiven Tischgespr\u00e4chen und einer abschlie\u00dfenden \u00f6ffentlichen Veranstaltung manifestiert.<\/p>\n<p style=\"padding-left: 40px;\">Ziel des Programms ist es, die Idee der Verst\u00e4ndigung in der internationalen Zusammenarbeit durch Musik, Diplomatie und interdisziplin\u00e4ren Austausch k\u00fcnstlerisch zu erkunden.<\/p>\n<p style=\"padding-left: 40px;\"><strong>Das bieten wir<\/strong><\/p>\n<ul>\n<li style=\"list-style-type: none;\">\n<ul>\n<li>Ein Residence-Platz in Haus Schader mit gef\u00fclltem K\u00fchlschrank, Kammer und Keller<\/li>\n<li>Stipendium in H\u00f6he von 1.500 EUR (steuerfrei als Preisgeld)<\/li>\n<li>Erstattung innerdeutscher Reisekosten, die im Rahmen der Residence entstehen<\/li>\n<\/ul>\n<\/li>\n<\/ul>\n<p style=\"padding-left: 40px;\"><strong>Voraussetzungen f\u00fcr eine Bewerbung<\/strong><\/p>\n<ul>\n<li style=\"list-style-type: none;\">\n<ul>\n<li>Mehrj\u00e4hrige T\u00e4tigkeit als professionelle*r Musiker*in<\/li>\n<li>Arbeitsschwerpunkt in Deutschland<\/li>\n<li>Gute Sprachkenntnisse der deutschen und englischen Sprache f\u00fcr die Kommunikation innerhalb der Tischgespr\u00e4che<\/li>\n<li>Pr\u00e4senzw\u00e4hrend der gesamten Residence-Woche vom 12. bis 19. Mai 2025<\/li>\n<li>Bereitschaft zur aktiven Teilnahme an den Tischgespr\u00e4chen<\/li>\n<li>Bereitschaft, mindestens eine Jam-Session w\u00e4hrend der Residenzwoche zu leiten<\/li>\n<li>Bereitschaft, die Abschlussveranstaltung mit einem eigenen k\u00fcnstlerischen Beitrag mitzugestalten<\/li>\n<li>Zeitlich, \u00f6rtlich und medial unbeschr\u00e4nkte Verwertung der Ergebnisse, Mitschnitte und Bilder durch die veranstaltenden Institutionen<\/li>\n<\/ul>\n<\/li>\n<\/ul>\n<p style=\"padding-left: 40px;\"><strong>Welche Unterlagen m\u00fcssen eingereicht werden?<\/strong><\/p>\n<ul>\n<li style=\"list-style-type: none;\">\n<ul>\n<li>Kurzes Motivationsschreiben: Warum m\u00f6chtest Du an dieser Residence teilnehmen? Was interessiert Dich am Thema \u201eVerst\u00e4ndigung\u201c im internationalen Kontext der Vereinten Nationen?<\/li>\n<li>Ideenskizze: Welche ersten Ideen hast Du f\u00fcr diese Woche? Ein grober Entwurf auf einer PDF-Seite reicht v\u00f6llig aus.<\/li>\n<li>Lebenslauf: Zeige uns Deinen k\u00fcnstlerischen Werdegang auf max. zwei PDF-Seiten.<\/li>\n<\/ul>\n<\/li>\n<\/ul>\n<p style=\"padding-left: 40px;\"><strong>Bewerbung bis 17. November 2024<\/strong><\/p>\n<p style=\"padding-left: 40px;\">Die Residence wird von einer Jury, bestehend aus jeweils einer*einem Vertreter*in der veranstaltenden Institutionen, vergeben: Dr. Bettina Bohle (Jazzinstitut), Dr. Ekkehard Griep (DGVN),\u00a0<a href=\"https:\/\/www.schader-stiftung.de\/personen\/artikel\/stella-lorenz\/\">Dr. Stella Lorenz<\/a>\u00a0(Schader-Stiftung). Sie tagt im Dezember 2024.<\/p>\n<p style=\"padding-left: 40px;\">Folgende Auswahlkriterien kommen dabei zum Tragen:<\/p>\n<ul>\n<li style=\"list-style-type: none;\">\n<ul>\n<li>K\u00fcnstlerische Vision und die Bereitschaft, sich auf das Thema und Setting einzulassen.<\/li>\n<li>Offenheit f\u00fcr interdisziplin\u00e4ren Austausch und Motivation zu Pr\u00e4senz, Dialog und Performance.<\/li>\n<\/ul>\n<\/li>\n<\/ul>\n<p style=\"padding-left: 40px;\">Bewirb Dich bis zum 17. November 2024 mit Klick oben auf &#8222;Bewerben&#8220;. Wir freuen uns auf Deine Bewerbung!<\/p>\n<p style=\"padding-left: 40px;\"><strong>Kontakt<\/strong><\/p>\n<p style=\"padding-left: 40px;\">Ansprechpartnerin ist<a href=\"https:\/\/www.schader-stiftung.de\/personen\/artikel\/stella-lorenz\">\u00a0Dr. Stella Lorenz<\/a><\/p>\n<p style=\"padding-left: 40px;\"><strong>\u00dcber die Organisationen hinter der Residence<\/strong><\/p>\n<p style=\"padding-left: 40px;\">Die Residence ist eine Kooperation zwischen der Schader-Stiftung, dem\u00a0<a href=\"https:\/\/www.jazzinstitut.de\/\">Jazzinstitut Darmstadt<\/a>\u00a0und der<a href=\"https:\/\/dgvn.de\/\">\u00a0Deutschen Gesellschaft f\u00fcr die Vereinten Nationen (DGVN)<\/a>\u00a0und findet im Rahmen des Fellowship-Programms Schader-Residence statt.<\/p>\n<p>Beitragsbild: Susanne van Loon<\/p>\n","protected":false},"excerpt":{"rendered":"<p>Wie k\u00f6nnen Musik als universelle Sprache und Jazz als besonders offenes Musikgenre im Horizont der Vereinten Nationen zur globalen Verst\u00e4ndigung beitragen? \u00a0Das Jazzinstitut Darmstadt, die Deutsche Gesellschaft f\u00fcr die Vereinten Nationen (DGVN) und die Schader-Stiftung laden professionelle Jazzmusiker*innen mit Arbeitsschwerpunkt in Deutschland zur musikalischen Auseinandersetzung mit dieser Frage und zur Bewerbung f\u00fcr das Schader-Residence-Programm \u201eThe Sound of Dialogue\u201c vom 12.5.2025 bis 19.5.2025 in den Schader-Campus in Darmstadt ein. Die Bewerbungsfrist endet am 17.11.2024 &nbsp; Im Folgenden der Call for Application: Eine Woche lang steht im Mai 2025 der Zusammenhang von Verst\u00e4ndigung und Jazz im Mittelpunkt \u2013 ein intensiver Austausch zwischen Musik, Diskurs und internationaler Zusammenarbeit. Inspiriert von den Geschichten deutscher Mitarbeiter*innen der Vereinten Nationen aus dem Buch &#8222;Wir sind UNO&#8220; von Dr. Ekkehard Griep, soll in Darmstadt erfahrbar werden, warum Jazz und der globale Ansatz der V\u00f6lkerverst\u00e4ndigung der Vereinten Nationen sich wechselseitig befruchten k\u00f6nnen. Wir suchen eine*n Musiker*in, die*der neugierig ist, sich auf interdisziplin\u00e4re Dialoge in Sprache und T\u00f6nen einzulassen und die Themen der UNO durch improvisierende Musik zu erforschen. Was passiert w\u00e4hrend der Residence? \u00dcber eine Woche hinweg erlebst und erforschst Du im Dialog &hellip;<\/p>\n","protected":false},"author":18,"featured_media":31783,"comment_status":"open","ping_status":"closed","sticky":false,"template":"","format":"standard","meta":{"_jetpack_memberships_contains_paid_content":false,"footnotes":"","jetpack_publicize_message":"","jetpack_publicize_feature_enabled":true,"jetpack_social_post_already_shared":true,"jetpack_social_options":{"image_generator_settings":{"template":"highway","default_image_id":0,"font":"","enabled":false},"version":2}},"categories":[633],"tags":[],"coauthors":[695],"class_list":["post-31780","post","type-post","status-publish","format-standard","has-post-thumbnail","hentry","category-nachrichten"],"yoast_head":"<!-- This site is optimized with the Yoast SEO plugin v27.5 - https:\/\/yoast.com\/product\/yoast-seo-wordpress\/ -->\n<title>The Sound of Dialogue \u2013 Schader-Residence UNO &amp; Jazz Einw\u00f6chiges Residence-Programm f\u00fcr Jazz- und Impromusiker*innen in Darmstadt - JazzZeitung<\/title>\n<meta name=\"robots\" content=\"index, follow, max-snippet:-1, max-image-preview:large, max-video-preview:-1\" \/>\n<link rel=\"canonical\" href=\"https:\/\/www.jazzzeitung.de\/cms\/2024\/10\/the-sound-of-dialogue-schader-residence-uno-jazz-einwoechiges-residence-programm-fuer-jazz-und-impromusikerinnen-in-darmstadt\/\" \/>\n<meta property=\"og:locale\" content=\"de_DE\" \/>\n<meta property=\"og:type\" content=\"article\" \/>\n<meta property=\"og:title\" content=\"The Sound of Dialogue \u2013 Schader-Residence UNO &amp; Jazz Einw\u00f6chiges Residence-Programm f\u00fcr Jazz- und Impromusiker*innen in Darmstadt - JazzZeitung\" \/>\n<meta property=\"og:description\" content=\"Wie k\u00f6nnen Musik als universelle Sprache und Jazz als besonders offenes Musikgenre im Horizont der Vereinten Nationen zur globalen Verst\u00e4ndigung beitragen? \u00a0Das Jazzinstitut Darmstadt, die Deutsche Gesellschaft f\u00fcr die Vereinten Nationen (DGVN) und die Schader-Stiftung laden professionelle Jazzmusiker*innen mit Arbeitsschwerpunkt in Deutschland zur musikalischen Auseinandersetzung mit dieser Frage und zur Bewerbung f\u00fcr das Schader-Residence-Programm \u201eThe Sound of Dialogue\u201c vom 12.5.2025 bis 19.5.2025 in den Schader-Campus in Darmstadt ein. Die Bewerbungsfrist endet am 17.11.2024 &nbsp; Im Folgenden der Call for Application: Eine Woche lang steht im Mai 2025 der Zusammenhang von Verst\u00e4ndigung und Jazz im Mittelpunkt \u2013 ein intensiver Austausch zwischen Musik, Diskurs und internationaler Zusammenarbeit. Inspiriert von den Geschichten deutscher Mitarbeiter*innen der Vereinten Nationen aus dem Buch &#8222;Wir sind UNO&#8220; von Dr. Ekkehard Griep, soll in Darmstadt erfahrbar werden, warum Jazz und der globale Ansatz der V\u00f6lkerverst\u00e4ndigung der Vereinten Nationen sich wechselseitig befruchten k\u00f6nnen. Wir suchen eine*n Musiker*in, die*der neugierig ist, sich auf interdisziplin\u00e4re Dialoge in Sprache und T\u00f6nen einzulassen und die Themen der UNO durch improvisierende Musik zu erforschen. Was passiert w\u00e4hrend der Residence? \u00dcber eine Woche hinweg erlebst und erforschst Du im Dialog &hellip;\" \/>\n<meta property=\"og:url\" content=\"https:\/\/www.jazzzeitung.de\/cms\/2024\/10\/the-sound-of-dialogue-schader-residence-uno-jazz-einwoechiges-residence-programm-fuer-jazz-und-impromusikerinnen-in-darmstadt\/\" \/>\n<meta property=\"og:site_name\" content=\"JazzZeitung\" \/>\n<meta property=\"article:publisher\" content=\"https:\/\/www.facebook.com\/JazzZeitung\/\" \/>\n<meta property=\"article:published_time\" content=\"2024-10-15T06:17:58+00:00\" \/>\n<meta property=\"og:image\" content=\"https:\/\/i0.wp.com\/www.jazzzeitung.de\/cms\/wp-content\/uploads\/2024\/10\/KopieDSC_3690-scaled.jpg?fit=2560%2C1812&ssl=1\" \/>\n\t<meta property=\"og:image:width\" content=\"2560\" \/>\n\t<meta property=\"og:image:height\" content=\"1812\" \/>\n\t<meta property=\"og:image:type\" content=\"image\/jpeg\" \/>\n<meta name=\"author\" content=\"Redaktion JazzZeitung\" \/>\n<script type=\"application\/ld+json\" class=\"yoast-schema-graph\">{\"@context\":\"https:\\\/\\\/schema.org\",\"@graph\":[{\"@type\":\"Article\",\"@id\":\"https:\\\/\\\/www.jazzzeitung.de\\\/cms\\\/2024\\\/10\\\/the-sound-of-dialogue-schader-residence-uno-jazz-einwoechiges-residence-programm-fuer-jazz-und-impromusikerinnen-in-darmstadt\\\/#article\",\"isPartOf\":{\"@id\":\"https:\\\/\\\/www.jazzzeitung.de\\\/cms\\\/2024\\\/10\\\/the-sound-of-dialogue-schader-residence-uno-jazz-einwoechiges-residence-programm-fuer-jazz-und-impromusikerinnen-in-darmstadt\\\/\"},\"author\":{\"name\":\"Redaktion JazzZeitung\",\"@id\":\"https:\\\/\\\/www.jazzzeitung.de\\\/cms\\\/#\\\/schema\\\/person\\\/2245b36b9cd1d24cea10f01c031fb92b\"},\"headline\":\"The Sound of Dialogue \u2013 Schader-Residence UNO &#038; Jazz Einw\u00f6chiges Residence-Programm f\u00fcr Jazz- und Impromusiker*innen in Darmstadt\",\"datePublished\":\"2024-10-15T06:17:58+00:00\",\"mainEntityOfPage\":{\"@id\":\"https:\\\/\\\/www.jazzzeitung.de\\\/cms\\\/2024\\\/10\\\/the-sound-of-dialogue-schader-residence-uno-jazz-einwoechiges-residence-programm-fuer-jazz-und-impromusikerinnen-in-darmstadt\\\/\"},\"wordCount\":596,\"commentCount\":0,\"publisher\":{\"@id\":\"https:\\\/\\\/www.jazzzeitung.de\\\/cms\\\/#organization\"},\"image\":{\"@id\":\"https:\\\/\\\/www.jazzzeitung.de\\\/cms\\\/2024\\\/10\\\/the-sound-of-dialogue-schader-residence-uno-jazz-einwoechiges-residence-programm-fuer-jazz-und-impromusikerinnen-in-darmstadt\\\/#primaryimage\"},\"thumbnailUrl\":\"https:\\\/\\\/i0.wp.com\\\/www.jazzzeitung.de\\\/cms\\\/wp-content\\\/uploads\\\/2024\\\/10\\\/KopieDSC_3690-scaled.jpg?fit=2560%2C1812&ssl=1\",\"articleSection\":[\"News\"],\"inLanguage\":\"de\",\"potentialAction\":[{\"@type\":\"CommentAction\",\"name\":\"Comment\",\"target\":[\"https:\\\/\\\/www.jazzzeitung.de\\\/cms\\\/2024\\\/10\\\/the-sound-of-dialogue-schader-residence-uno-jazz-einwoechiges-residence-programm-fuer-jazz-und-impromusikerinnen-in-darmstadt\\\/#respond\"]}]},{\"@type\":\"WebPage\",\"@id\":\"https:\\\/\\\/www.jazzzeitung.de\\\/cms\\\/2024\\\/10\\\/the-sound-of-dialogue-schader-residence-uno-jazz-einwoechiges-residence-programm-fuer-jazz-und-impromusikerinnen-in-darmstadt\\\/\",\"url\":\"https:\\\/\\\/www.jazzzeitung.de\\\/cms\\\/2024\\\/10\\\/the-sound-of-dialogue-schader-residence-uno-jazz-einwoechiges-residence-programm-fuer-jazz-und-impromusikerinnen-in-darmstadt\\\/\",\"name\":\"The Sound of Dialogue \u2013 Schader-Residence UNO & Jazz Einw\u00f6chiges Residence-Programm f\u00fcr Jazz- und Impromusiker*innen in Darmstadt - JazzZeitung\",\"isPartOf\":{\"@id\":\"https:\\\/\\\/www.jazzzeitung.de\\\/cms\\\/#website\"},\"primaryImageOfPage\":{\"@id\":\"https:\\\/\\\/www.jazzzeitung.de\\\/cms\\\/2024\\\/10\\\/the-sound-of-dialogue-schader-residence-uno-jazz-einwoechiges-residence-programm-fuer-jazz-und-impromusikerinnen-in-darmstadt\\\/#primaryimage\"},\"image\":{\"@id\":\"https:\\\/\\\/www.jazzzeitung.de\\\/cms\\\/2024\\\/10\\\/the-sound-of-dialogue-schader-residence-uno-jazz-einwoechiges-residence-programm-fuer-jazz-und-impromusikerinnen-in-darmstadt\\\/#primaryimage\"},\"thumbnailUrl\":\"https:\\\/\\\/i0.wp.com\\\/www.jazzzeitung.de\\\/cms\\\/wp-content\\\/uploads\\\/2024\\\/10\\\/KopieDSC_3690-scaled.jpg?fit=2560%2C1812&ssl=1\",\"datePublished\":\"2024-10-15T06:17:58+00:00\",\"breadcrumb\":{\"@id\":\"https:\\\/\\\/www.jazzzeitung.de\\\/cms\\\/2024\\\/10\\\/the-sound-of-dialogue-schader-residence-uno-jazz-einwoechiges-residence-programm-fuer-jazz-und-impromusikerinnen-in-darmstadt\\\/#breadcrumb\"},\"inLanguage\":\"de\",\"potentialAction\":[{\"@type\":\"ReadAction\",\"target\":[\"https:\\\/\\\/www.jazzzeitung.de\\\/cms\\\/2024\\\/10\\\/the-sound-of-dialogue-schader-residence-uno-jazz-einwoechiges-residence-programm-fuer-jazz-und-impromusikerinnen-in-darmstadt\\\/\"]}]},{\"@type\":\"ImageObject\",\"inLanguage\":\"de\",\"@id\":\"https:\\\/\\\/www.jazzzeitung.de\\\/cms\\\/2024\\\/10\\\/the-sound-of-dialogue-schader-residence-uno-jazz-einwoechiges-residence-programm-fuer-jazz-und-impromusikerinnen-in-darmstadt\\\/#primaryimage\",\"url\":\"https:\\\/\\\/i0.wp.com\\\/www.jazzzeitung.de\\\/cms\\\/wp-content\\\/uploads\\\/2024\\\/10\\\/KopieDSC_3690-scaled.jpg?fit=2560%2C1812&ssl=1\",\"contentUrl\":\"https:\\\/\\\/i0.wp.com\\\/www.jazzzeitung.de\\\/cms\\\/wp-content\\\/uploads\\\/2024\\\/10\\\/KopieDSC_3690-scaled.jpg?fit=2560%2C1812&ssl=1\",\"width\":2560,\"height\":1812},{\"@type\":\"BreadcrumbList\",\"@id\":\"https:\\\/\\\/www.jazzzeitung.de\\\/cms\\\/2024\\\/10\\\/the-sound-of-dialogue-schader-residence-uno-jazz-einwoechiges-residence-programm-fuer-jazz-und-impromusikerinnen-in-darmstadt\\\/#breadcrumb\",\"itemListElement\":[{\"@type\":\"ListItem\",\"position\":1,\"name\":\"Startseite\",\"item\":\"https:\\\/\\\/www.jazzzeitung.de\\\/cms\\\/\"},{\"@type\":\"ListItem\",\"position\":2,\"name\":\"The Sound of Dialogue \u2013 Schader-Residence UNO &#038; Jazz Einw\u00f6chiges Residence-Programm f\u00fcr Jazz- und Impromusiker*innen in Darmstadt\"}]},{\"@type\":\"WebSite\",\"@id\":\"https:\\\/\\\/www.jazzzeitung.de\\\/cms\\\/#website\",\"url\":\"https:\\\/\\\/www.jazzzeitung.de\\\/cms\\\/\",\"name\":\"JazzZeitung\",\"description\":\"Jazz-News und Jazz-Kontroverses\",\"publisher\":{\"@id\":\"https:\\\/\\\/www.jazzzeitung.de\\\/cms\\\/#organization\"},\"potentialAction\":[{\"@type\":\"SearchAction\",\"target\":{\"@type\":\"EntryPoint\",\"urlTemplate\":\"https:\\\/\\\/www.jazzzeitung.de\\\/cms\\\/?s={search_term_string}\"},\"query-input\":{\"@type\":\"PropertyValueSpecification\",\"valueRequired\":true,\"valueName\":\"search_term_string\"}}],\"inLanguage\":\"de\"},{\"@type\":\"Organization\",\"@id\":\"https:\\\/\\\/www.jazzzeitung.de\\\/cms\\\/#organization\",\"name\":\"JazzZeitung online\",\"url\":\"https:\\\/\\\/www.jazzzeitung.de\\\/cms\\\/\",\"logo\":{\"@type\":\"ImageObject\",\"inLanguage\":\"de\",\"@id\":\"https:\\\/\\\/www.jazzzeitung.de\\\/cms\\\/#\\\/schema\\\/logo\\\/image\\\/\",\"url\":\"https:\\\/\\\/i0.wp.com\\\/www.jazzzeitung.de\\\/cms\\\/wp-content\\\/uploads\\\/2015\\\/08\\\/JAZZZEITUNGDE_Logo_Neu.png?fit=499%2C200&ssl=1\",\"contentUrl\":\"https:\\\/\\\/i0.wp.com\\\/www.jazzzeitung.de\\\/cms\\\/wp-content\\\/uploads\\\/2015\\\/08\\\/JAZZZEITUNGDE_Logo_Neu.png?fit=499%2C200&ssl=1\",\"width\":499,\"height\":200,\"caption\":\"JazzZeitung online\"},\"image\":{\"@id\":\"https:\\\/\\\/www.jazzzeitung.de\\\/cms\\\/#\\\/schema\\\/logo\\\/image\\\/\"},\"sameAs\":[\"https:\\\/\\\/www.facebook.com\\\/JazzZeitung\\\/\"]},{\"@type\":\"Person\",\"@id\":\"https:\\\/\\\/www.jazzzeitung.de\\\/cms\\\/#\\\/schema\\\/person\\\/2245b36b9cd1d24cea10f01c031fb92b\",\"name\":\"Redaktion JazzZeitung\",\"image\":{\"@type\":\"ImageObject\",\"inLanguage\":\"de\",\"@id\":\"https:\\\/\\\/i0.wp.com\\\/www.jazzzeitung.de\\\/cms\\\/wp-content\\\/uploads\\\/2015\\\/08\\\/JAZZZEITUNGDE_Logo_Neu.png?resize=96%2C96&ssl=159975dcacb611b5700bd619b5daf0a7a\",\"url\":\"https:\\\/\\\/i0.wp.com\\\/www.jazzzeitung.de\\\/cms\\\/wp-content\\\/uploads\\\/2015\\\/08\\\/JAZZZEITUNGDE_Logo_Neu.png?resize=96%2C96&ssl=1\",\"contentUrl\":\"https:\\\/\\\/i0.wp.com\\\/www.jazzzeitung.de\\\/cms\\\/wp-content\\\/uploads\\\/2015\\\/08\\\/JAZZZEITUNGDE_Logo_Neu.png?resize=96%2C96&ssl=1\",\"caption\":\"Redaktion JazzZeitung\"},\"description\":\"Artikel der Redaktion der JazzZeitung.\",\"sameAs\":[\"http:\\\/\\\/www.jazzzeitung.de\\\/cms\\\/\"],\"url\":\"https:\\\/\\\/www.jazzzeitung.de\\\/cms\\\/author\\\/redaktion\\\/\"}]}<\/script>\n<!-- \/ Yoast SEO plugin. -->","yoast_head_json":{"title":"The Sound of Dialogue \u2013 Schader-Residence UNO & Jazz Einw\u00f6chiges Residence-Programm f\u00fcr Jazz- und Impromusiker*innen in Darmstadt - JazzZeitung","robots":{"index":"index","follow":"follow","max-snippet":"max-snippet:-1","max-image-preview":"max-image-preview:large","max-video-preview":"max-video-preview:-1"},"canonical":"https:\/\/www.jazzzeitung.de\/cms\/2024\/10\/the-sound-of-dialogue-schader-residence-uno-jazz-einwoechiges-residence-programm-fuer-jazz-und-impromusikerinnen-in-darmstadt\/","og_locale":"de_DE","og_type":"article","og_title":"The Sound of Dialogue \u2013 Schader-Residence UNO & Jazz Einw\u00f6chiges Residence-Programm f\u00fcr Jazz- und Impromusiker*innen in Darmstadt - JazzZeitung","og_description":"Wie k\u00f6nnen Musik als universelle Sprache und Jazz als besonders offenes Musikgenre im Horizont der Vereinten Nationen zur globalen Verst\u00e4ndigung beitragen? \u00a0Das Jazzinstitut Darmstadt, die Deutsche Gesellschaft f\u00fcr die Vereinten Nationen (DGVN) und die Schader-Stiftung laden professionelle Jazzmusiker*innen mit Arbeitsschwerpunkt in Deutschland zur musikalischen Auseinandersetzung mit dieser Frage und zur Bewerbung f\u00fcr das Schader-Residence-Programm \u201eThe Sound of Dialogue\u201c vom 12.5.2025 bis 19.5.2025 in den Schader-Campus in Darmstadt ein. Die Bewerbungsfrist endet am 17.11.2024 &nbsp; Im Folgenden der Call for Application: Eine Woche lang steht im Mai 2025 der Zusammenhang von Verst\u00e4ndigung und Jazz im Mittelpunkt \u2013 ein intensiver Austausch zwischen Musik, Diskurs und internationaler Zusammenarbeit. Inspiriert von den Geschichten deutscher Mitarbeiter*innen der Vereinten Nationen aus dem Buch &#8222;Wir sind UNO&#8220; von Dr. Ekkehard Griep, soll in Darmstadt erfahrbar werden, warum Jazz und der globale Ansatz der V\u00f6lkerverst\u00e4ndigung der Vereinten Nationen sich wechselseitig befruchten k\u00f6nnen. Wir suchen eine*n Musiker*in, die*der neugierig ist, sich auf interdisziplin\u00e4re Dialoge in Sprache und T\u00f6nen einzulassen und die Themen der UNO durch improvisierende Musik zu erforschen. Was passiert w\u00e4hrend der Residence? \u00dcber eine Woche hinweg erlebst und erforschst Du im Dialog &hellip;","og_url":"https:\/\/www.jazzzeitung.de\/cms\/2024\/10\/the-sound-of-dialogue-schader-residence-uno-jazz-einwoechiges-residence-programm-fuer-jazz-und-impromusikerinnen-in-darmstadt\/","og_site_name":"JazzZeitung","article_publisher":"https:\/\/www.facebook.com\/JazzZeitung\/","article_published_time":"2024-10-15T06:17:58+00:00","og_image":[{"width":2560,"height":1812,"url":"https:\/\/i0.wp.com\/www.jazzzeitung.de\/cms\/wp-content\/uploads\/2024\/10\/KopieDSC_3690-scaled.jpg?fit=2560%2C1812&ssl=1","type":"image\/jpeg"}],"author":"Redaktion JazzZeitung","schema":{"@context":"https:\/\/schema.org","@graph":[{"@type":"Article","@id":"https:\/\/www.jazzzeitung.de\/cms\/2024\/10\/the-sound-of-dialogue-schader-residence-uno-jazz-einwoechiges-residence-programm-fuer-jazz-und-impromusikerinnen-in-darmstadt\/#article","isPartOf":{"@id":"https:\/\/www.jazzzeitung.de\/cms\/2024\/10\/the-sound-of-dialogue-schader-residence-uno-jazz-einwoechiges-residence-programm-fuer-jazz-und-impromusikerinnen-in-darmstadt\/"},"author":{"name":"Redaktion JazzZeitung","@id":"https:\/\/www.jazzzeitung.de\/cms\/#\/schema\/person\/2245b36b9cd1d24cea10f01c031fb92b"},"headline":"The Sound of Dialogue \u2013 Schader-Residence UNO &#038; Jazz Einw\u00f6chiges Residence-Programm f\u00fcr Jazz- und Impromusiker*innen in Darmstadt","datePublished":"2024-10-15T06:17:58+00:00","mainEntityOfPage":{"@id":"https:\/\/www.jazzzeitung.de\/cms\/2024\/10\/the-sound-of-dialogue-schader-residence-uno-jazz-einwoechiges-residence-programm-fuer-jazz-und-impromusikerinnen-in-darmstadt\/"},"wordCount":596,"commentCount":0,"publisher":{"@id":"https:\/\/www.jazzzeitung.de\/cms\/#organization"},"image":{"@id":"https:\/\/www.jazzzeitung.de\/cms\/2024\/10\/the-sound-of-dialogue-schader-residence-uno-jazz-einwoechiges-residence-programm-fuer-jazz-und-impromusikerinnen-in-darmstadt\/#primaryimage"},"thumbnailUrl":"https:\/\/i0.wp.com\/www.jazzzeitung.de\/cms\/wp-content\/uploads\/2024\/10\/KopieDSC_3690-scaled.jpg?fit=2560%2C1812&ssl=1","articleSection":["News"],"inLanguage":"de","potentialAction":[{"@type":"CommentAction","name":"Comment","target":["https:\/\/www.jazzzeitung.de\/cms\/2024\/10\/the-sound-of-dialogue-schader-residence-uno-jazz-einwoechiges-residence-programm-fuer-jazz-und-impromusikerinnen-in-darmstadt\/#respond"]}]},{"@type":"WebPage","@id":"https:\/\/www.jazzzeitung.de\/cms\/2024\/10\/the-sound-of-dialogue-schader-residence-uno-jazz-einwoechiges-residence-programm-fuer-jazz-und-impromusikerinnen-in-darmstadt\/","url":"https:\/\/www.jazzzeitung.de\/cms\/2024\/10\/the-sound-of-dialogue-schader-residence-uno-jazz-einwoechiges-residence-programm-fuer-jazz-und-impromusikerinnen-in-darmstadt\/","name":"The Sound of Dialogue \u2013 Schader-Residence UNO & Jazz Einw\u00f6chiges Residence-Programm f\u00fcr Jazz- und Impromusiker*innen in Darmstadt - JazzZeitung","isPartOf":{"@id":"https:\/\/www.jazzzeitung.de\/cms\/#website"},"primaryImageOfPage":{"@id":"https:\/\/www.jazzzeitung.de\/cms\/2024\/10\/the-sound-of-dialogue-schader-residence-uno-jazz-einwoechiges-residence-programm-fuer-jazz-und-impromusikerinnen-in-darmstadt\/#primaryimage"},"image":{"@id":"https:\/\/www.jazzzeitung.de\/cms\/2024\/10\/the-sound-of-dialogue-schader-residence-uno-jazz-einwoechiges-residence-programm-fuer-jazz-und-impromusikerinnen-in-darmstadt\/#primaryimage"},"thumbnailUrl":"https:\/\/i0.wp.com\/www.jazzzeitung.de\/cms\/wp-content\/uploads\/2024\/10\/KopieDSC_3690-scaled.jpg?fit=2560%2C1812&ssl=1","datePublished":"2024-10-15T06:17:58+00:00","breadcrumb":{"@id":"https:\/\/www.jazzzeitung.de\/cms\/2024\/10\/the-sound-of-dialogue-schader-residence-uno-jazz-einwoechiges-residence-programm-fuer-jazz-und-impromusikerinnen-in-darmstadt\/#breadcrumb"},"inLanguage":"de","potentialAction":[{"@type":"ReadAction","target":["https:\/\/www.jazzzeitung.de\/cms\/2024\/10\/the-sound-of-dialogue-schader-residence-uno-jazz-einwoechiges-residence-programm-fuer-jazz-und-impromusikerinnen-in-darmstadt\/"]}]},{"@type":"ImageObject","inLanguage":"de","@id":"https:\/\/www.jazzzeitung.de\/cms\/2024\/10\/the-sound-of-dialogue-schader-residence-uno-jazz-einwoechiges-residence-programm-fuer-jazz-und-impromusikerinnen-in-darmstadt\/#primaryimage","url":"https:\/\/i0.wp.com\/www.jazzzeitung.de\/cms\/wp-content\/uploads\/2024\/10\/KopieDSC_3690-scaled.jpg?fit=2560%2C1812&ssl=1","contentUrl":"https:\/\/i0.wp.com\/www.jazzzeitung.de\/cms\/wp-content\/uploads\/2024\/10\/KopieDSC_3690-scaled.jpg?fit=2560%2C1812&ssl=1","width":2560,"height":1812},{"@type":"BreadcrumbList","@id":"https:\/\/www.jazzzeitung.de\/cms\/2024\/10\/the-sound-of-dialogue-schader-residence-uno-jazz-einwoechiges-residence-programm-fuer-jazz-und-impromusikerinnen-in-darmstadt\/#breadcrumb","itemListElement":[{"@type":"ListItem","position":1,"name":"Startseite","item":"https:\/\/www.jazzzeitung.de\/cms\/"},{"@type":"ListItem","position":2,"name":"The Sound of Dialogue \u2013 Schader-Residence UNO &#038; Jazz Einw\u00f6chiges Residence-Programm f\u00fcr Jazz- und Impromusiker*innen in Darmstadt"}]},{"@type":"WebSite","@id":"https:\/\/www.jazzzeitung.de\/cms\/#website","url":"https:\/\/www.jazzzeitung.de\/cms\/","name":"JazzZeitung","description":"Jazz-News und Jazz-Kontroverses","publisher":{"@id":"https:\/\/www.jazzzeitung.de\/cms\/#organization"},"potentialAction":[{"@type":"SearchAction","target":{"@type":"EntryPoint","urlTemplate":"https:\/\/www.jazzzeitung.de\/cms\/?s={search_term_string}"},"query-input":{"@type":"PropertyValueSpecification","valueRequired":true,"valueName":"search_term_string"}}],"inLanguage":"de"},{"@type":"Organization","@id":"https:\/\/www.jazzzeitung.de\/cms\/#organization","name":"JazzZeitung online","url":"https:\/\/www.jazzzeitung.de\/cms\/","logo":{"@type":"ImageObject","inLanguage":"de","@id":"https:\/\/www.jazzzeitung.de\/cms\/#\/schema\/logo\/image\/","url":"https:\/\/i0.wp.com\/www.jazzzeitung.de\/cms\/wp-content\/uploads\/2015\/08\/JAZZZEITUNGDE_Logo_Neu.png?fit=499%2C200&ssl=1","contentUrl":"https:\/\/i0.wp.com\/www.jazzzeitung.de\/cms\/wp-content\/uploads\/2015\/08\/JAZZZEITUNGDE_Logo_Neu.png?fit=499%2C200&ssl=1","width":499,"height":200,"caption":"JazzZeitung online"},"image":{"@id":"https:\/\/www.jazzzeitung.de\/cms\/#\/schema\/logo\/image\/"},"sameAs":["https:\/\/www.facebook.com\/JazzZeitung\/"]},{"@type":"Person","@id":"https:\/\/www.jazzzeitung.de\/cms\/#\/schema\/person\/2245b36b9cd1d24cea10f01c031fb92b","name":"Redaktion JazzZeitung","image":{"@type":"ImageObject","inLanguage":"de","@id":"https:\/\/i0.wp.com\/www.jazzzeitung.de\/cms\/wp-content\/uploads\/2015\/08\/JAZZZEITUNGDE_Logo_Neu.png?resize=96%2C96&ssl=159975dcacb611b5700bd619b5daf0a7a","url":"https:\/\/i0.wp.com\/www.jazzzeitung.de\/cms\/wp-content\/uploads\/2015\/08\/JAZZZEITUNGDE_Logo_Neu.png?resize=96%2C96&ssl=1","contentUrl":"https:\/\/i0.wp.com\/www.jazzzeitung.de\/cms\/wp-content\/uploads\/2015\/08\/JAZZZEITUNGDE_Logo_Neu.png?resize=96%2C96&ssl=1","caption":"Redaktion JazzZeitung"},"description":"Artikel der Redaktion der JazzZeitung.","sameAs":["http:\/\/www.jazzzeitung.de\/cms\/"],"url":"https:\/\/www.jazzzeitung.de\/cms\/author\/redaktion\/"}]}},"wp-worthy-pixel":{"ignored":false,"public":null,"server":null,"url":null},"wp-worthy-type":"normal","jetpack_publicize_connections":[],"cc_featured_image_caption":{"caption_text":"","source_text":"","source_url":""},"jetpack_featured_media_url":"https:\/\/i0.wp.com\/www.jazzzeitung.de\/cms\/wp-content\/uploads\/2024\/10\/KopieDSC_3690-scaled.jpg?fit=2560%2C1812&ssl=1","jetpack_shortlink":"https:\/\/wp.me\/p3KEcT-8gA","jetpack-related-posts":[{"id":10550,"url":"https:\/\/www.jazzzeitung.de\/cms\/2016\/10\/wie-offen-gleichberechtigt-und-divers-ist-der-jazz-heute-wirklich\/","url_meta":{"origin":31780,"position":0},"title":"Jazzfest Berlin 2016 fragt: \u201eWie offen, gleichberechtigt und divers ist der Jazz heute wirklich?\u201c","author":"Martin Hufner","date":"17. Oktober 2016","format":false,"excerpt":"Pr\u00e4ludium zum Jazzfest Berlin 2016: Diskussion und Programmvorstellung mit Musik am Dienstag, 18. Oktober um 19.00 Uhr im Haus der Berliner Festspiele. Live\u00fcbertragung der Diskussion zum Thema via Facebook und Periscope. Musik von und mit Eve Risser, Alexander von Schlippenbach und Axel D\u00f6rner. Eintritt frei. Ist die freieste der Musikformen\u2026","rel":"","context":"In &quot;News&quot;","block_context":{"text":"News","link":"https:\/\/www.jazzzeitung.de\/cms\/thema\/nachrichten\/"},"img":{"alt_text":"Pr\u00e4ludium hinter den Kulissen. Foto: Hufner","src":"https:\/\/i0.wp.com\/www.jazzzeitung.de\/cms\/wp-content\/uploads\/2016\/10\/jf2015-praeludium-160125.jpg?fit=1200%2C900&ssl=1&resize=350%2C200","width":350,"height":200,"srcset":"https:\/\/i0.wp.com\/www.jazzzeitung.de\/cms\/wp-content\/uploads\/2016\/10\/jf2015-praeludium-160125.jpg?fit=1200%2C900&ssl=1&resize=350%2C200 1x, https:\/\/i0.wp.com\/www.jazzzeitung.de\/cms\/wp-content\/uploads\/2016\/10\/jf2015-praeludium-160125.jpg?fit=1200%2C900&ssl=1&resize=525%2C300 1.5x, https:\/\/i0.wp.com\/www.jazzzeitung.de\/cms\/wp-content\/uploads\/2016\/10\/jf2015-praeludium-160125.jpg?fit=1200%2C900&ssl=1&resize=700%2C400 2x, https:\/\/i0.wp.com\/www.jazzzeitung.de\/cms\/wp-content\/uploads\/2016\/10\/jf2015-praeludium-160125.jpg?fit=1200%2C900&ssl=1&resize=1050%2C600 3x"},"classes":[]},{"id":1221,"url":"https:\/\/www.jazzzeitung.de\/cms\/2011\/09\/endspurt-jazzkritik-noch-zwei-tage-bis-zur-deadline\/","url_meta":{"origin":31780,"position":1},"title":"Endspurt jazz:kritik &#8211; noch zwei Tage bis zur Deadline!","author":"Ursula Gaisa","date":"13. September 2011","format":false,"excerpt":"In genau zwei Tagen, um Mitternacht des 15. Septembers, ist die Deadline zum Online-Workshop und -Wettbewerb jazz:kritik! jazz:kritik adressiert alle Interessierte an dem Bereich Musikjournalismus, ob bereits praktizierender Freiberufler, etablierter Journalist\/in oder Schreiber\/innen mit Interesse an Jazz und aktueller Musik ... aber auch alle, die sich als Kritiker ausprobieren und\u2026","rel":"","context":"In &quot;Blog&quot;","block_context":{"text":"Blog","link":"https:\/\/www.jazzzeitung.de\/cms\/thema\/blog\/"},"img":{"alt_text":"","src":"","width":0,"height":0},"classes":[]},{"id":6273,"url":"https:\/\/www.jazzzeitung.de\/cms\/2015\/06\/jazzstudie-2015-gestartet\/","url_meta":{"origin":31780,"position":2},"title":"Jazzstudie 2015 gestartet","author":"Redaktion JazzZeitung","date":"1. Juni 2015","format":false,"excerpt":"Heute startet die Online-Befragung im Rahmen der Studie zu Lebens- und Arbeitsbedingungen von Jazzmusiker\/-innen in Deutschland, die vom Institut f\u00fcr Kulturpolitik der Universit\u00e4t Hildesheim ausgerichtet wird. Zur Teilnahme aufgerufen sind alle Jazzmusikerinnen und -musiker, die in Deutschland leben und\/oder arbeiten. Immer wieder wird die \u00f6konomische Situation von Jazzmusiker\/-innen als prek\u00e4r\u2026","rel":"","context":"In &quot;News&quot;","block_context":{"text":"News","link":"https:\/\/www.jazzzeitung.de\/cms\/thema\/nachrichten\/"},"img":{"alt_text":"","src":"https:\/\/i0.wp.com\/www.jazzzeitung.de\/cms\/wp-content\/uploads\/2015\/06\/jazzstudie2015_PostkarteVS-e1433167940571.jpg?resize=350%2C200","width":350,"height":200,"srcset":"https:\/\/i0.wp.com\/www.jazzzeitung.de\/cms\/wp-content\/uploads\/2015\/06\/jazzstudie2015_PostkarteVS-e1433167940571.jpg?resize=350%2C200 1x, https:\/\/i0.wp.com\/www.jazzzeitung.de\/cms\/wp-content\/uploads\/2015\/06\/jazzstudie2015_PostkarteVS-e1433167940571.jpg?resize=525%2C300 1.5x, https:\/\/i0.wp.com\/www.jazzzeitung.de\/cms\/wp-content\/uploads\/2015\/06\/jazzstudie2015_PostkarteVS-e1433167940571.jpg?resize=700%2C400 2x, https:\/\/i0.wp.com\/www.jazzzeitung.de\/cms\/wp-content\/uploads\/2015\/06\/jazzstudie2015_PostkarteVS-e1433167940571.jpg?resize=1050%2C600 3x, https:\/\/i0.wp.com\/www.jazzzeitung.de\/cms\/wp-content\/uploads\/2015\/06\/jazzstudie2015_PostkarteVS-e1433167940571.jpg?resize=1400%2C800 4x"},"classes":[]},{"id":4192,"url":"https:\/\/www.jazzzeitung.de\/cms\/2014\/07\/bundeskonferenz-jazz-legt-bericht-zu-jazz-deutschland-vor\/","url_meta":{"origin":31780,"position":3},"title":"Bundeskonferenz Jazz legt Bericht zu Jazz in Deutschland vor","author":"Redaktion JazzZeitung","date":"4. Juli 2014","format":false,"excerpt":"In einem Treffen mit dem Vorsitzenden des Ausschusses f\u00fcr Kultur und Medien im Deutschen Bundestag, Siegmund Ehrmann, hat die Bundeskonferenz Jazz ihren \u201eBericht zur Situation des Jazz in Deutschland\u201c vorgelegt. Erstmalig war die Analyse 2004 auf Wunsch des Ausschusses erstellt worden. Die umfassend aktualisierte Ausgabe geht nun auf die Entwicklungen\u2026","rel":"","context":"In &quot;Redaktionelle Nachrichten&quot;","block_context":{"text":"Redaktionelle Nachrichten","link":"https:\/\/www.jazzzeitung.de\/cms\/thema\/redaktion\/"},"img":{"alt_text":"Microsoft Word - BK Jazz - Konzept Spielst\u00e4tten- und Programmpr","src":"https:\/\/i0.wp.com\/www.jazzzeitung.de\/cms\/wp-content\/uploads\/2014\/07\/logo_bkjazz_viereck-150x150.jpg?resize=350%2C200","width":350,"height":200},"classes":[]},{"id":1347,"url":"https:\/\/www.jazzzeitung.de\/cms\/2011\/10\/jazz-talk-in-berlin-musiker-im-gesprach-mit-der-bundespolitik\/","url_meta":{"origin":31780,"position":4},"title":"Jazz-Talk in Berlin: Musiker im Gespr\u00e4ch mit der Bundespolitik","author":"J\u00f6rg Lichtinger","date":"18. Oktober 2011","format":false,"excerpt":"Bundeskonferenz Jazz, Jazzinstitut Darmstadt und die Hessische Landesvertretung in Berlin laden ein: KONZERT \/ TALK: JAZZ TRIFFT POLITIK ... nur f\u00fcr den politischen Fr\u00fchschoppen? Gespr\u00e4ch zwischen Jazzmusikern und Bundespolitik Durch eine gro\u00dfe Anfrage der SPD-Fraktion im Bundestag zur \u201eMusikf\u00f6rderung des Bundes\u201c im April dieses Jahres und die inzwischen vorliegende Antwort\u2026","rel":"","context":"In &quot;Blog&quot;","block_context":{"text":"Blog","link":"https:\/\/www.jazzzeitung.de\/cms\/thema\/blog\/"},"img":{"alt_text":"","src":"","width":0,"height":0},"classes":[]},{"id":29544,"url":"https:\/\/www.jazzzeitung.de\/cms\/2023\/06\/news-jutta-hipp-preis-fuer-olga-reznichenko-und-matti-oehl-deutsche-jazzunion-feiert-50-jahre-mit-forum-und-marburger-jazzsommer-vorbereitung-auf-aufnahmepruefungen-mit-andre-nendza\/","url_meta":{"origin":31780,"position":5},"title":"News: +++ Jutta Hipp Preis f\u00fcr Olga Reznichenko und Matti Oehl +++ Deutsche Jazzunion feiert 50 Jahre mit Forum und Marburger Jazzsommer +++ Vorbereitung auf Aufnahmepr\u00fcfungen mit Andr\u00e9 Nendza +++","author":"Redaktion JazzZeitung","date":"7. Juni 2023","format":false,"excerpt":"+++ Jutta Hipp Preis f\u00fcr Olga Reznichenko und Matti Oehl +++ Hipp hipp, hurra: Am 15. Juni 2023 wird der erste Jutta Hipp Preis an Olga Reznichenko und Matti Oehl vergeben. Der Jazzverband Sachsen e.\u00a0V. zeichnet damit etablierte Jazzmusiker*innen aus, die im Leben und Wirken mit dem Freistaat verbunden sind.\u2026","rel":"","context":"In &quot;News&quot;","block_context":{"text":"News","link":"https:\/\/www.jazzzeitung.de\/cms\/thema\/nachrichten\/"},"img":{"alt_text":"","src":"https:\/\/i0.wp.com\/www.jazzzeitung.de\/cms\/wp-content\/uploads\/2023\/01\/Ausschnitt-Hipp.png?fit=1058%2C790&ssl=1&resize=350%2C200","width":350,"height":200,"srcset":"https:\/\/i0.wp.com\/www.jazzzeitung.de\/cms\/wp-content\/uploads\/2023\/01\/Ausschnitt-Hipp.png?fit=1058%2C790&ssl=1&resize=350%2C200 1x, https:\/\/i0.wp.com\/www.jazzzeitung.de\/cms\/wp-content\/uploads\/2023\/01\/Ausschnitt-Hipp.png?fit=1058%2C790&ssl=1&resize=525%2C300 1.5x, https:\/\/i0.wp.com\/www.jazzzeitung.de\/cms\/wp-content\/uploads\/2023\/01\/Ausschnitt-Hipp.png?fit=1058%2C790&ssl=1&resize=700%2C400 2x, https:\/\/i0.wp.com\/www.jazzzeitung.de\/cms\/wp-content\/uploads\/2023\/01\/Ausschnitt-Hipp.png?fit=1058%2C790&ssl=1&resize=1050%2C600 3x"},"classes":[]}],"jetpack_sharing_enabled":true,"_links":{"self":[{"href":"https:\/\/www.jazzzeitung.de\/cms\/wp-json\/wp\/v2\/posts\/31780","targetHints":{"allow":["GET"]}}],"collection":[{"href":"https:\/\/www.jazzzeitung.de\/cms\/wp-json\/wp\/v2\/posts"}],"about":[{"href":"https:\/\/www.jazzzeitung.de\/cms\/wp-json\/wp\/v2\/types\/post"}],"author":[{"embeddable":true,"href":"https:\/\/www.jazzzeitung.de\/cms\/wp-json\/wp\/v2\/users\/18"}],"replies":[{"embeddable":true,"href":"https:\/\/www.jazzzeitung.de\/cms\/wp-json\/wp\/v2\/comments?post=31780"}],"version-history":[{"count":4,"href":"https:\/\/www.jazzzeitung.de\/cms\/wp-json\/wp\/v2\/posts\/31780\/revisions"}],"predecessor-version":[{"id":31786,"href":"https:\/\/www.jazzzeitung.de\/cms\/wp-json\/wp\/v2\/posts\/31780\/revisions\/31786"}],"wp:featuredmedia":[{"embeddable":true,"href":"https:\/\/www.jazzzeitung.de\/cms\/wp-json\/wp\/v2\/media\/31783"}],"wp:attachment":[{"href":"https:\/\/www.jazzzeitung.de\/cms\/wp-json\/wp\/v2\/media?parent=31780"}],"wp:term":[{"taxonomy":"category","embeddable":true,"href":"https:\/\/www.jazzzeitung.de\/cms\/wp-json\/wp\/v2\/categories?post=31780"},{"taxonomy":"post_tag","embeddable":true,"href":"https:\/\/www.jazzzeitung.de\/cms\/wp-json\/wp\/v2\/tags?post=31780"},{"taxonomy":"author","embeddable":true,"href":"https:\/\/www.jazzzeitung.de\/cms\/wp-json\/wp\/v2\/coauthors?post=31780"}],"curies":[{"name":"wp","href":"https:\/\/api.w.org\/{rel}","templated":true}]}}