{"id":3170,"date":"2013-12-17T09:52:12","date_gmt":"2013-12-17T08:52:12","guid":{"rendered":"http:\/\/www.jazzzeitung.de\/cms\/?p=3170"},"modified":"2013-12-18T10:40:09","modified_gmt":"2013-12-18T09:40:09","slug":"weihnachts-cds-folge-3-quadro-nuevo","status":"publish","type":"post","link":"https:\/\/www.jazzzeitung.de\/cms\/2013\/12\/weihnachts-cds-folge-3-quadro-nuevo\/","title":{"rendered":"Weihnachts-CDs Folge 3: Quadro Nuevo"},"content":{"rendered":"<p><a href=\"https:\/\/i0.wp.com\/www.jazzzeitung.de\/cms\/wp-content\/uploads\/2013\/12\/cover_quadro.jpg\"><img data-recalc-dims=\"1\" loading=\"lazy\" decoding=\"async\" data-attachment-id=\"3171\" data-permalink=\"https:\/\/www.jazzzeitung.de\/cms\/2013\/12\/weihnachts-cds-folge-3-quadro-nuevo\/cover_quadro\/\" data-orig-file=\"https:\/\/i0.wp.com\/www.jazzzeitung.de\/cms\/wp-content\/uploads\/2013\/12\/cover_quadro.jpg?fit=1500%2C1354&amp;ssl=1\" data-orig-size=\"1500,1354\" data-comments-opened=\"1\" data-image-meta=\"{&quot;aperture&quot;:&quot;0&quot;,&quot;credit&quot;:&quot;&quot;,&quot;camera&quot;:&quot;&quot;,&quot;caption&quot;:&quot;&quot;,&quot;created_timestamp&quot;:&quot;0&quot;,&quot;copyright&quot;:&quot;&quot;,&quot;focal_length&quot;:&quot;0&quot;,&quot;iso&quot;:&quot;0&quot;,&quot;shutter_speed&quot;:&quot;0&quot;,&quot;title&quot;:&quot;&quot;}\" data-image-title=\"cover_quadro\" data-image-description=\"\" data-image-caption=\"\" data-large-file=\"https:\/\/i0.wp.com\/www.jazzzeitung.de\/cms\/wp-content\/uploads\/2013\/12\/cover_quadro.jpg?fit=664%2C600&amp;ssl=1\" class=\"alignright size-thumbnail wp-image-3171\" alt=\"cover_quadro\" src=\"https:\/\/i0.wp.com\/www.jazzzeitung.de\/cms\/wp-content\/uploads\/2013\/12\/cover_quadro-150x150.jpg?resize=150%2C150\" width=\"150\" height=\"150\" srcset=\"https:\/\/i0.wp.com\/www.jazzzeitung.de\/cms\/wp-content\/uploads\/2013\/12\/cover_quadro.jpg?resize=150%2C150&amp;ssl=1 150w, https:\/\/i0.wp.com\/www.jazzzeitung.de\/cms\/wp-content\/uploads\/2013\/12\/cover_quadro.jpg?resize=144%2C144&amp;ssl=1 144w, https:\/\/i0.wp.com\/www.jazzzeitung.de\/cms\/wp-content\/uploads\/2013\/12\/cover_quadro.jpg?resize=96%2C96&amp;ssl=1 96w, https:\/\/i0.wp.com\/www.jazzzeitung.de\/cms\/wp-content\/uploads\/2013\/12\/cover_quadro.jpg?resize=24%2C24&amp;ssl=1 24w, https:\/\/i0.wp.com\/www.jazzzeitung.de\/cms\/wp-content\/uploads\/2013\/12\/cover_quadro.jpg?resize=36%2C36&amp;ssl=1 36w, https:\/\/i0.wp.com\/www.jazzzeitung.de\/cms\/wp-content\/uploads\/2013\/12\/cover_quadro.jpg?resize=48%2C48&amp;ssl=1 48w, https:\/\/i0.wp.com\/www.jazzzeitung.de\/cms\/wp-content\/uploads\/2013\/12\/cover_quadro.jpg?resize=64%2C64&amp;ssl=1 64w, https:\/\/i0.wp.com\/www.jazzzeitung.de\/cms\/wp-content\/uploads\/2013\/12\/cover_quadro.jpg?resize=32%2C32&amp;ssl=1 32w, https:\/\/i0.wp.com\/www.jazzzeitung.de\/cms\/wp-content\/uploads\/2013\/12\/cover_quadro.jpg?resize=128%2C128&amp;ssl=1 128w, https:\/\/i0.wp.com\/www.jazzzeitung.de\/cms\/wp-content\/uploads\/2013\/12\/cover_quadro.jpg?zoom=2&amp;resize=150%2C150&amp;ssl=1 300w, https:\/\/i0.wp.com\/www.jazzzeitung.de\/cms\/wp-content\/uploads\/2013\/12\/cover_quadro.jpg?zoom=3&amp;resize=150%2C150&amp;ssl=1 450w\" sizes=\"auto, (max-width: 150px) 100vw, 150px\" \/><\/a>Sie haben\u2019s schon wieder getan. Quadro Nuevo, das enorm erfolgreiche Quartett um Mulo Francel (sax, kl\u2026), Andreas Hinterseher (akk, bandoneon, vibr\u2026), D.D. Lowka (b, perc) und die Harfenistin Evelyn Huber legen dieses Jahr ihre zweite Weihnachts-CD unter dem schlichten Titel \u201eBethlehem\u201c vor (GLM, Fine Music FM 184-2). \u201eMusik, die nahe am Urgedanken der Weihnacht ist: Die Ankunft einer neuen Zeit, die Licht und W\u00e4rme ins Dunkel bringt. Die Idee: N\u00e4chstenliebe wird zur Melodie\u201c wollen die vier mit Unterst\u00fctzung der G\u00e4ste Joscho Stephan an der Gitarre und Chris Gall am Piano auf\u2019s Tapet bringen, und das gelingt ihnen wie immer souver\u00e4n und meisterlich unangestrengt.<\/p>\n<p>Und sie haben auch wieder wenig Bekanntes ans Licht gebracht, beziehungsweise neu f\u00fcr ihr umfangreiches Instrumentarium neu arrangiert, wie etwa das jiddische Lied \u201eShtil di Nakht is oygesternt\u201c oder \u201eThere is no rose of such virtue\u201c, das auch schon Sting f\u00fcr sich entdeckt hat. Das rauscht schon fast meditativ dahin, wenn Hubers Harfenkl\u00e4nge mit dem Akkordeon das \u201eSchiff, das geladen hat\u201c, auf dem Meer beobachten oder Andreas Hinterseher am Anfang von \u201eJul, jul, stralande jul\u201c ganz allein seine Akkordentasten bedient. Aber auch Altbekanntes wie \u201eLeise rieselt der Schnee\u201c oder \u201eAlle Jahre wieder\u201c regnet, beziehungsweise schneit da sanft vom Klanghimmel und bettet einen auf ein weiches Kissen abseits jeder Weihnachtshysterie und jedem Stress wird einem hier zur Verf\u00fcgung gestellt. Nichts f\u00fcr Puristen, es wird teilweise auch frei improvisiert, aber wundersch\u00f6n anzuh\u00f6ren\u2026<\/p>\n<p>Geeignet zum Tr\u00e4umen, Schneeflockenbeobachten oder einfach zum Chillen\u2026<\/p>\n","protected":false},"excerpt":{"rendered":"<p>Sie haben\u2019s schon wieder getan. Quadro Nuevo, das enorm erfolgreiche Quartett um Mulo Francel (sax, kl\u2026), Andreas Hinterseher (akk, bandoneon, vibr\u2026), D.D. Lowka (b, perc) und die Harfenistin Evelyn Huber legen dieses Jahr ihre zweite Weihnachts-CD unter dem schlichten Titel \u201eBethlehem\u201c vor (GLM, Fine Music FM 184-2). \u201eMusik, die nahe am Urgedanken der Weihnacht ist: Die Ankunft einer neuen Zeit, die Licht und W\u00e4rme ins Dunkel bringt. Die Idee: N\u00e4chstenliebe wird zur Melodie\u201c wollen die vier mit Unterst\u00fctzung der G\u00e4ste Joscho Stephan an der Gitarre und Chris Gall am Piano auf\u2019s Tapet bringen, und das gelingt ihnen wie immer souver\u00e4n und meisterlich unangestrengt. Und sie haben auch wieder wenig Bekanntes ans Licht gebracht, beziehungsweise neu f\u00fcr ihr umfangreiches Instrumentarium neu arrangiert, wie etwa das jiddische Lied \u201eShtil di Nakht is oygesternt\u201c oder \u201eThere is no rose of such virtue\u201c, das auch schon Sting f\u00fcr sich entdeckt hat. Das rauscht schon fast meditativ dahin, wenn Hubers Harfenkl\u00e4nge mit dem Akkordeon das \u201eSchiff, das geladen hat\u201c, auf dem Meer beobachten oder Andreas Hinterseher am Anfang von \u201eJul, jul, stralande jul\u201c ganz allein seine Akkordentasten bedient. Aber auch &hellip;<\/p>\n","protected":false},"author":18,"featured_media":0,"comment_status":"open","ping_status":"closed","sticky":false,"template":"","format":"standard","meta":{"_jetpack_memberships_contains_paid_content":false,"footnotes":"","jetpack_publicize_message":"","jetpack_publicize_feature_enabled":true,"jetpack_social_post_already_shared":false,"jetpack_social_options":{"image_generator_settings":{"template":"highway","default_image_id":0,"font":"","enabled":false},"version":2}},"categories":[82],"tags":[33,843,842,841,442,451,522,832],"coauthors":[695],"class_list":["post-3170","post","type-post","status-publish","format-standard","hentry","category-blog","tag-akkordeon","tag-fine-music","tag-glm","tag-mulo-francel","tag-piano","tag-quadro-nuevo","tag-sting","tag-weihnachts-cds"],"yoast_head":"<!-- This site is optimized with the Yoast SEO plugin v27.5 - https:\/\/yoast.com\/product\/yoast-seo-wordpress\/ -->\n<title>Weihnachts-CDs Folge 3: Quadro Nuevo - JazzZeitung<\/title>\n<meta name=\"robots\" content=\"index, follow, max-snippet:-1, max-image-preview:large, max-video-preview:-1\" \/>\n<link rel=\"canonical\" href=\"https:\/\/www.jazzzeitung.de\/cms\/2013\/12\/weihnachts-cds-folge-3-quadro-nuevo\/\" \/>\n<meta property=\"og:locale\" content=\"de_DE\" \/>\n<meta property=\"og:type\" content=\"article\" \/>\n<meta property=\"og:title\" content=\"Weihnachts-CDs Folge 3: Quadro Nuevo - JazzZeitung\" \/>\n<meta property=\"og:description\" content=\"Sie haben\u2019s schon wieder getan. Quadro Nuevo, das enorm erfolgreiche Quartett um Mulo Francel (sax, kl\u2026), Andreas Hinterseher (akk, bandoneon, vibr\u2026), D.D. Lowka (b, perc) und die Harfenistin Evelyn Huber legen dieses Jahr ihre zweite Weihnachts-CD unter dem schlichten Titel \u201eBethlehem\u201c vor (GLM, Fine Music FM 184-2). \u201eMusik, die nahe am Urgedanken der Weihnacht ist: Die Ankunft einer neuen Zeit, die Licht und W\u00e4rme ins Dunkel bringt. Die Idee: N\u00e4chstenliebe wird zur Melodie\u201c wollen die vier mit Unterst\u00fctzung der G\u00e4ste Joscho Stephan an der Gitarre und Chris Gall am Piano auf\u2019s Tapet bringen, und das gelingt ihnen wie immer souver\u00e4n und meisterlich unangestrengt. Und sie haben auch wieder wenig Bekanntes ans Licht gebracht, beziehungsweise neu f\u00fcr ihr umfangreiches Instrumentarium neu arrangiert, wie etwa das jiddische Lied \u201eShtil di Nakht is oygesternt\u201c oder \u201eThere is no rose of such virtue\u201c, das auch schon Sting f\u00fcr sich entdeckt hat. Das rauscht schon fast meditativ dahin, wenn Hubers Harfenkl\u00e4nge mit dem Akkordeon das \u201eSchiff, das geladen hat\u201c, auf dem Meer beobachten oder Andreas Hinterseher am Anfang von \u201eJul, jul, stralande jul\u201c ganz allein seine Akkordentasten bedient. Aber auch &hellip;\" \/>\n<meta property=\"og:url\" content=\"https:\/\/www.jazzzeitung.de\/cms\/2013\/12\/weihnachts-cds-folge-3-quadro-nuevo\/\" \/>\n<meta property=\"og:site_name\" content=\"JazzZeitung\" \/>\n<meta property=\"article:publisher\" content=\"https:\/\/www.facebook.com\/JazzZeitung\/\" \/>\n<meta property=\"article:published_time\" content=\"2013-12-17T08:52:12+00:00\" \/>\n<meta property=\"article:modified_time\" content=\"2013-12-18T09:40:09+00:00\" \/>\n<meta property=\"og:image\" content=\"http:\/\/www.jazzzeitung.de\/cms\/wp-content\/uploads\/2013\/12\/cover_quadro-150x150.jpg\" \/>\n<meta name=\"author\" content=\"Redaktion JazzZeitung\" \/>\n<script type=\"application\/ld+json\" class=\"yoast-schema-graph\">{\"@context\":\"https:\\\/\\\/schema.org\",\"@graph\":[{\"@type\":\"Article\",\"@id\":\"https:\\\/\\\/www.jazzzeitung.de\\\/cms\\\/2013\\\/12\\\/weihnachts-cds-folge-3-quadro-nuevo\\\/#article\",\"isPartOf\":{\"@id\":\"https:\\\/\\\/www.jazzzeitung.de\\\/cms\\\/2013\\\/12\\\/weihnachts-cds-folge-3-quadro-nuevo\\\/\"},\"author\":{\"name\":\"Redaktion JazzZeitung\",\"@id\":\"https:\\\/\\\/www.jazzzeitung.de\\\/cms\\\/#\\\/schema\\\/person\\\/2245b36b9cd1d24cea10f01c031fb92b\"},\"headline\":\"Weihnachts-CDs Folge 3: Quadro Nuevo\",\"datePublished\":\"2013-12-17T08:52:12+00:00\",\"dateModified\":\"2013-12-18T09:40:09+00:00\",\"mainEntityOfPage\":{\"@id\":\"https:\\\/\\\/www.jazzzeitung.de\\\/cms\\\/2013\\\/12\\\/weihnachts-cds-folge-3-quadro-nuevo\\\/\"},\"wordCount\":261,\"commentCount\":0,\"publisher\":{\"@id\":\"https:\\\/\\\/www.jazzzeitung.de\\\/cms\\\/#organization\"},\"image\":{\"@id\":\"https:\\\/\\\/www.jazzzeitung.de\\\/cms\\\/2013\\\/12\\\/weihnachts-cds-folge-3-quadro-nuevo\\\/#primaryimage\"},\"thumbnailUrl\":\"http:\\\/\\\/www.jazzzeitung.de\\\/cms\\\/wp-content\\\/uploads\\\/2013\\\/12\\\/cover_quadro-150x150.jpg\",\"keywords\":[\"Akkordeon\",\"Fine Music\",\"GLM\",\"Mulo Francel\",\"Piano\",\"Quadro Nuevo\",\"Sting\",\"Weihnachts-CDs\"],\"articleSection\":[\"Blog\"],\"inLanguage\":\"de\",\"potentialAction\":[{\"@type\":\"CommentAction\",\"name\":\"Comment\",\"target\":[\"https:\\\/\\\/www.jazzzeitung.de\\\/cms\\\/2013\\\/12\\\/weihnachts-cds-folge-3-quadro-nuevo\\\/#respond\"]}]},{\"@type\":\"WebPage\",\"@id\":\"https:\\\/\\\/www.jazzzeitung.de\\\/cms\\\/2013\\\/12\\\/weihnachts-cds-folge-3-quadro-nuevo\\\/\",\"url\":\"https:\\\/\\\/www.jazzzeitung.de\\\/cms\\\/2013\\\/12\\\/weihnachts-cds-folge-3-quadro-nuevo\\\/\",\"name\":\"Weihnachts-CDs Folge 3: Quadro Nuevo - JazzZeitung\",\"isPartOf\":{\"@id\":\"https:\\\/\\\/www.jazzzeitung.de\\\/cms\\\/#website\"},\"primaryImageOfPage\":{\"@id\":\"https:\\\/\\\/www.jazzzeitung.de\\\/cms\\\/2013\\\/12\\\/weihnachts-cds-folge-3-quadro-nuevo\\\/#primaryimage\"},\"image\":{\"@id\":\"https:\\\/\\\/www.jazzzeitung.de\\\/cms\\\/2013\\\/12\\\/weihnachts-cds-folge-3-quadro-nuevo\\\/#primaryimage\"},\"thumbnailUrl\":\"http:\\\/\\\/www.jazzzeitung.de\\\/cms\\\/wp-content\\\/uploads\\\/2013\\\/12\\\/cover_quadro-150x150.jpg\",\"datePublished\":\"2013-12-17T08:52:12+00:00\",\"dateModified\":\"2013-12-18T09:40:09+00:00\",\"breadcrumb\":{\"@id\":\"https:\\\/\\\/www.jazzzeitung.de\\\/cms\\\/2013\\\/12\\\/weihnachts-cds-folge-3-quadro-nuevo\\\/#breadcrumb\"},\"inLanguage\":\"de\",\"potentialAction\":[{\"@type\":\"ReadAction\",\"target\":[\"https:\\\/\\\/www.jazzzeitung.de\\\/cms\\\/2013\\\/12\\\/weihnachts-cds-folge-3-quadro-nuevo\\\/\"]}]},{\"@type\":\"ImageObject\",\"inLanguage\":\"de\",\"@id\":\"https:\\\/\\\/www.jazzzeitung.de\\\/cms\\\/2013\\\/12\\\/weihnachts-cds-folge-3-quadro-nuevo\\\/#primaryimage\",\"url\":\"http:\\\/\\\/www.jazzzeitung.de\\\/cms\\\/wp-content\\\/uploads\\\/2013\\\/12\\\/cover_quadro-150x150.jpg\",\"contentUrl\":\"http:\\\/\\\/www.jazzzeitung.de\\\/cms\\\/wp-content\\\/uploads\\\/2013\\\/12\\\/cover_quadro-150x150.jpg\"},{\"@type\":\"BreadcrumbList\",\"@id\":\"https:\\\/\\\/www.jazzzeitung.de\\\/cms\\\/2013\\\/12\\\/weihnachts-cds-folge-3-quadro-nuevo\\\/#breadcrumb\",\"itemListElement\":[{\"@type\":\"ListItem\",\"position\":1,\"name\":\"Startseite\",\"item\":\"https:\\\/\\\/www.jazzzeitung.de\\\/cms\\\/\"},{\"@type\":\"ListItem\",\"position\":2,\"name\":\"Weihnachts-CDs Folge 3: Quadro Nuevo\"}]},{\"@type\":\"WebSite\",\"@id\":\"https:\\\/\\\/www.jazzzeitung.de\\\/cms\\\/#website\",\"url\":\"https:\\\/\\\/www.jazzzeitung.de\\\/cms\\\/\",\"name\":\"JazzZeitung\",\"description\":\"Jazz-News und Jazz-Kontroverses\",\"publisher\":{\"@id\":\"https:\\\/\\\/www.jazzzeitung.de\\\/cms\\\/#organization\"},\"potentialAction\":[{\"@type\":\"SearchAction\",\"target\":{\"@type\":\"EntryPoint\",\"urlTemplate\":\"https:\\\/\\\/www.jazzzeitung.de\\\/cms\\\/?s={search_term_string}\"},\"query-input\":{\"@type\":\"PropertyValueSpecification\",\"valueRequired\":true,\"valueName\":\"search_term_string\"}}],\"inLanguage\":\"de\"},{\"@type\":\"Organization\",\"@id\":\"https:\\\/\\\/www.jazzzeitung.de\\\/cms\\\/#organization\",\"name\":\"JazzZeitung online\",\"url\":\"https:\\\/\\\/www.jazzzeitung.de\\\/cms\\\/\",\"logo\":{\"@type\":\"ImageObject\",\"inLanguage\":\"de\",\"@id\":\"https:\\\/\\\/www.jazzzeitung.de\\\/cms\\\/#\\\/schema\\\/logo\\\/image\\\/\",\"url\":\"https:\\\/\\\/i0.wp.com\\\/www.jazzzeitung.de\\\/cms\\\/wp-content\\\/uploads\\\/2015\\\/08\\\/JAZZZEITUNGDE_Logo_Neu.png?fit=499%2C200&ssl=1\",\"contentUrl\":\"https:\\\/\\\/i0.wp.com\\\/www.jazzzeitung.de\\\/cms\\\/wp-content\\\/uploads\\\/2015\\\/08\\\/JAZZZEITUNGDE_Logo_Neu.png?fit=499%2C200&ssl=1\",\"width\":499,\"height\":200,\"caption\":\"JazzZeitung online\"},\"image\":{\"@id\":\"https:\\\/\\\/www.jazzzeitung.de\\\/cms\\\/#\\\/schema\\\/logo\\\/image\\\/\"},\"sameAs\":[\"https:\\\/\\\/www.facebook.com\\\/JazzZeitung\\\/\"]},{\"@type\":\"Person\",\"@id\":\"https:\\\/\\\/www.jazzzeitung.de\\\/cms\\\/#\\\/schema\\\/person\\\/2245b36b9cd1d24cea10f01c031fb92b\",\"name\":\"Redaktion JazzZeitung\",\"image\":{\"@type\":\"ImageObject\",\"inLanguage\":\"de\",\"@id\":\"https:\\\/\\\/i0.wp.com\\\/www.jazzzeitung.de\\\/cms\\\/wp-content\\\/uploads\\\/2015\\\/08\\\/JAZZZEITUNGDE_Logo_Neu.png?resize=96%2C96&ssl=159975dcacb611b5700bd619b5daf0a7a\",\"url\":\"https:\\\/\\\/i0.wp.com\\\/www.jazzzeitung.de\\\/cms\\\/wp-content\\\/uploads\\\/2015\\\/08\\\/JAZZZEITUNGDE_Logo_Neu.png?resize=96%2C96&ssl=1\",\"contentUrl\":\"https:\\\/\\\/i0.wp.com\\\/www.jazzzeitung.de\\\/cms\\\/wp-content\\\/uploads\\\/2015\\\/08\\\/JAZZZEITUNGDE_Logo_Neu.png?resize=96%2C96&ssl=1\",\"caption\":\"Redaktion JazzZeitung\"},\"description\":\"Artikel der Redaktion der JazzZeitung.\",\"sameAs\":[\"http:\\\/\\\/www.jazzzeitung.de\\\/cms\\\/\"],\"url\":\"https:\\\/\\\/www.jazzzeitung.de\\\/cms\\\/author\\\/redaktion\\\/\"}]}<\/script>\n<!-- \/ Yoast SEO plugin. -->","yoast_head_json":{"title":"Weihnachts-CDs Folge 3: Quadro Nuevo - JazzZeitung","robots":{"index":"index","follow":"follow","max-snippet":"max-snippet:-1","max-image-preview":"max-image-preview:large","max-video-preview":"max-video-preview:-1"},"canonical":"https:\/\/www.jazzzeitung.de\/cms\/2013\/12\/weihnachts-cds-folge-3-quadro-nuevo\/","og_locale":"de_DE","og_type":"article","og_title":"Weihnachts-CDs Folge 3: Quadro Nuevo - JazzZeitung","og_description":"Sie haben\u2019s schon wieder getan. Quadro Nuevo, das enorm erfolgreiche Quartett um Mulo Francel (sax, kl\u2026), Andreas Hinterseher (akk, bandoneon, vibr\u2026), D.D. Lowka (b, perc) und die Harfenistin Evelyn Huber legen dieses Jahr ihre zweite Weihnachts-CD unter dem schlichten Titel \u201eBethlehem\u201c vor (GLM, Fine Music FM 184-2). \u201eMusik, die nahe am Urgedanken der Weihnacht ist: Die Ankunft einer neuen Zeit, die Licht und W\u00e4rme ins Dunkel bringt. Die Idee: N\u00e4chstenliebe wird zur Melodie\u201c wollen die vier mit Unterst\u00fctzung der G\u00e4ste Joscho Stephan an der Gitarre und Chris Gall am Piano auf\u2019s Tapet bringen, und das gelingt ihnen wie immer souver\u00e4n und meisterlich unangestrengt. Und sie haben auch wieder wenig Bekanntes ans Licht gebracht, beziehungsweise neu f\u00fcr ihr umfangreiches Instrumentarium neu arrangiert, wie etwa das jiddische Lied \u201eShtil di Nakht is oygesternt\u201c oder \u201eThere is no rose of such virtue\u201c, das auch schon Sting f\u00fcr sich entdeckt hat. Das rauscht schon fast meditativ dahin, wenn Hubers Harfenkl\u00e4nge mit dem Akkordeon das \u201eSchiff, das geladen hat\u201c, auf dem Meer beobachten oder Andreas Hinterseher am Anfang von \u201eJul, jul, stralande jul\u201c ganz allein seine Akkordentasten bedient. Aber auch &hellip;","og_url":"https:\/\/www.jazzzeitung.de\/cms\/2013\/12\/weihnachts-cds-folge-3-quadro-nuevo\/","og_site_name":"JazzZeitung","article_publisher":"https:\/\/www.facebook.com\/JazzZeitung\/","article_published_time":"2013-12-17T08:52:12+00:00","article_modified_time":"2013-12-18T09:40:09+00:00","og_image":[{"url":"http:\/\/www.jazzzeitung.de\/cms\/wp-content\/uploads\/2013\/12\/cover_quadro-150x150.jpg","type":"","width":"","height":""}],"author":"Redaktion JazzZeitung","schema":{"@context":"https:\/\/schema.org","@graph":[{"@type":"Article","@id":"https:\/\/www.jazzzeitung.de\/cms\/2013\/12\/weihnachts-cds-folge-3-quadro-nuevo\/#article","isPartOf":{"@id":"https:\/\/www.jazzzeitung.de\/cms\/2013\/12\/weihnachts-cds-folge-3-quadro-nuevo\/"},"author":{"name":"Redaktion JazzZeitung","@id":"https:\/\/www.jazzzeitung.de\/cms\/#\/schema\/person\/2245b36b9cd1d24cea10f01c031fb92b"},"headline":"Weihnachts-CDs Folge 3: Quadro Nuevo","datePublished":"2013-12-17T08:52:12+00:00","dateModified":"2013-12-18T09:40:09+00:00","mainEntityOfPage":{"@id":"https:\/\/www.jazzzeitung.de\/cms\/2013\/12\/weihnachts-cds-folge-3-quadro-nuevo\/"},"wordCount":261,"commentCount":0,"publisher":{"@id":"https:\/\/www.jazzzeitung.de\/cms\/#organization"},"image":{"@id":"https:\/\/www.jazzzeitung.de\/cms\/2013\/12\/weihnachts-cds-folge-3-quadro-nuevo\/#primaryimage"},"thumbnailUrl":"http:\/\/www.jazzzeitung.de\/cms\/wp-content\/uploads\/2013\/12\/cover_quadro-150x150.jpg","keywords":["Akkordeon","Fine Music","GLM","Mulo Francel","Piano","Quadro Nuevo","Sting","Weihnachts-CDs"],"articleSection":["Blog"],"inLanguage":"de","potentialAction":[{"@type":"CommentAction","name":"Comment","target":["https:\/\/www.jazzzeitung.de\/cms\/2013\/12\/weihnachts-cds-folge-3-quadro-nuevo\/#respond"]}]},{"@type":"WebPage","@id":"https:\/\/www.jazzzeitung.de\/cms\/2013\/12\/weihnachts-cds-folge-3-quadro-nuevo\/","url":"https:\/\/www.jazzzeitung.de\/cms\/2013\/12\/weihnachts-cds-folge-3-quadro-nuevo\/","name":"Weihnachts-CDs Folge 3: Quadro Nuevo - JazzZeitung","isPartOf":{"@id":"https:\/\/www.jazzzeitung.de\/cms\/#website"},"primaryImageOfPage":{"@id":"https:\/\/www.jazzzeitung.de\/cms\/2013\/12\/weihnachts-cds-folge-3-quadro-nuevo\/#primaryimage"},"image":{"@id":"https:\/\/www.jazzzeitung.de\/cms\/2013\/12\/weihnachts-cds-folge-3-quadro-nuevo\/#primaryimage"},"thumbnailUrl":"http:\/\/www.jazzzeitung.de\/cms\/wp-content\/uploads\/2013\/12\/cover_quadro-150x150.jpg","datePublished":"2013-12-17T08:52:12+00:00","dateModified":"2013-12-18T09:40:09+00:00","breadcrumb":{"@id":"https:\/\/www.jazzzeitung.de\/cms\/2013\/12\/weihnachts-cds-folge-3-quadro-nuevo\/#breadcrumb"},"inLanguage":"de","potentialAction":[{"@type":"ReadAction","target":["https:\/\/www.jazzzeitung.de\/cms\/2013\/12\/weihnachts-cds-folge-3-quadro-nuevo\/"]}]},{"@type":"ImageObject","inLanguage":"de","@id":"https:\/\/www.jazzzeitung.de\/cms\/2013\/12\/weihnachts-cds-folge-3-quadro-nuevo\/#primaryimage","url":"http:\/\/www.jazzzeitung.de\/cms\/wp-content\/uploads\/2013\/12\/cover_quadro-150x150.jpg","contentUrl":"http:\/\/www.jazzzeitung.de\/cms\/wp-content\/uploads\/2013\/12\/cover_quadro-150x150.jpg"},{"@type":"BreadcrumbList","@id":"https:\/\/www.jazzzeitung.de\/cms\/2013\/12\/weihnachts-cds-folge-3-quadro-nuevo\/#breadcrumb","itemListElement":[{"@type":"ListItem","position":1,"name":"Startseite","item":"https:\/\/www.jazzzeitung.de\/cms\/"},{"@type":"ListItem","position":2,"name":"Weihnachts-CDs Folge 3: Quadro Nuevo"}]},{"@type":"WebSite","@id":"https:\/\/www.jazzzeitung.de\/cms\/#website","url":"https:\/\/www.jazzzeitung.de\/cms\/","name":"JazzZeitung","description":"Jazz-News und Jazz-Kontroverses","publisher":{"@id":"https:\/\/www.jazzzeitung.de\/cms\/#organization"},"potentialAction":[{"@type":"SearchAction","target":{"@type":"EntryPoint","urlTemplate":"https:\/\/www.jazzzeitung.de\/cms\/?s={search_term_string}"},"query-input":{"@type":"PropertyValueSpecification","valueRequired":true,"valueName":"search_term_string"}}],"inLanguage":"de"},{"@type":"Organization","@id":"https:\/\/www.jazzzeitung.de\/cms\/#organization","name":"JazzZeitung online","url":"https:\/\/www.jazzzeitung.de\/cms\/","logo":{"@type":"ImageObject","inLanguage":"de","@id":"https:\/\/www.jazzzeitung.de\/cms\/#\/schema\/logo\/image\/","url":"https:\/\/i0.wp.com\/www.jazzzeitung.de\/cms\/wp-content\/uploads\/2015\/08\/JAZZZEITUNGDE_Logo_Neu.png?fit=499%2C200&ssl=1","contentUrl":"https:\/\/i0.wp.com\/www.jazzzeitung.de\/cms\/wp-content\/uploads\/2015\/08\/JAZZZEITUNGDE_Logo_Neu.png?fit=499%2C200&ssl=1","width":499,"height":200,"caption":"JazzZeitung online"},"image":{"@id":"https:\/\/www.jazzzeitung.de\/cms\/#\/schema\/logo\/image\/"},"sameAs":["https:\/\/www.facebook.com\/JazzZeitung\/"]},{"@type":"Person","@id":"https:\/\/www.jazzzeitung.de\/cms\/#\/schema\/person\/2245b36b9cd1d24cea10f01c031fb92b","name":"Redaktion JazzZeitung","image":{"@type":"ImageObject","inLanguage":"de","@id":"https:\/\/i0.wp.com\/www.jazzzeitung.de\/cms\/wp-content\/uploads\/2015\/08\/JAZZZEITUNGDE_Logo_Neu.png?resize=96%2C96&ssl=159975dcacb611b5700bd619b5daf0a7a","url":"https:\/\/i0.wp.com\/www.jazzzeitung.de\/cms\/wp-content\/uploads\/2015\/08\/JAZZZEITUNGDE_Logo_Neu.png?resize=96%2C96&ssl=1","contentUrl":"https:\/\/i0.wp.com\/www.jazzzeitung.de\/cms\/wp-content\/uploads\/2015\/08\/JAZZZEITUNGDE_Logo_Neu.png?resize=96%2C96&ssl=1","caption":"Redaktion JazzZeitung"},"description":"Artikel der Redaktion der JazzZeitung.","sameAs":["http:\/\/www.jazzzeitung.de\/cms\/"],"url":"https:\/\/www.jazzzeitung.de\/cms\/author\/redaktion\/"}]}},"wp-worthy-pixel":{"ignored":false,"public":null,"server":null,"url":null},"wp-worthy-type":"normal","jetpack_publicize_connections":[],"cc_featured_image_caption":{"caption_text":false,"source_text":false,"source_url":false},"jetpack_featured_media_url":"","jetpack_shortlink":"https:\/\/wp.me\/p3KEcT-P8","jetpack-related-posts":[{"id":11284,"url":"https:\/\/www.jazzzeitung.de\/cms\/2016\/12\/weihnachtliches-mit-orientalischer-note\/","url_meta":{"origin":3170,"position":0},"title":"Weihnachtliches mit orientalischer Note von Quadro Nuevo","author":"Redaktion JazzZeitung","date":"12. Dezember 2016","format":false,"excerpt":"Alle Jahre wieder \u2013 breitet sich ein hochansteckendes Virus in der Musikszene aus und infiziert wahllos Musiker aller Couleur. Mehrfach angesteckt wurden bereits die Vier von Quadro Nuevo. \u201eMusic for Christmas nights\u201c ist nach \u201eWeihnacht\u201c und \u201eBethlehem\u201c, das vor drei Jahren erschienen ist, bereits ihr drittes Album mit Musik aus\u2026","rel":"","context":"In &quot;Rezension&quot;","block_context":{"text":"Rezension","link":"https:\/\/www.jazzzeitung.de\/cms\/thema\/rezension\/"},"img":{"alt_text":"quadro-fm-221-cover","src":"https:\/\/i0.wp.com\/www.jazzzeitung.de\/cms\/wp-content\/uploads\/2016\/12\/Quadro-FM-221-Cover-150x150.jpg?resize=350%2C200","width":350,"height":200},"classes":[]},{"id":11688,"url":"https:\/\/www.jazzzeitung.de\/cms\/2017\/02\/traumbild-von-stille-und-feuer\/","url_meta":{"origin":3170,"position":1},"title":"Traumbild von Stille und Feuer","author":"Redaktion JazzZeitung","date":"14. Februar 2017","format":false,"excerpt":"Auch wenn die oberbayerische Harfenistin deutlich mehr zu bieten hat, bekannt wurde sie haupts\u00e4chlich mit dem Rosenheimer Quartett \u201eQuadro Nuevo\u201c um Mulo Francel, dem sie seit bald zehn Jahren angeh\u00f6rt. Mit Francel (saxes) hat Evelyn Huber schon vorher diverse Duo-Alben aufgenommen, ebenso wie vor allem am Anfang ihrer k\u00fcnstlerischen Laufbahn\u2026","rel":"","context":"In &quot;Rezension&quot;","block_context":{"text":"Rezension","link":"https:\/\/www.jazzzeitung.de\/cms\/thema\/rezension\/"},"img":{"alt_text":"","src":"https:\/\/i0.wp.com\/www.jazzzeitung.de\/cms\/wp-content\/uploads\/2017\/02\/Huber-Evelyn-Inspire.jpeg?resize=350%2C200","width":350,"height":200,"srcset":"https:\/\/i0.wp.com\/www.jazzzeitung.de\/cms\/wp-content\/uploads\/2017\/02\/Huber-Evelyn-Inspire.jpeg?resize=350%2C200 1x, https:\/\/i0.wp.com\/www.jazzzeitung.de\/cms\/wp-content\/uploads\/2017\/02\/Huber-Evelyn-Inspire.jpeg?resize=525%2C300 1.5x, https:\/\/i0.wp.com\/www.jazzzeitung.de\/cms\/wp-content\/uploads\/2017\/02\/Huber-Evelyn-Inspire.jpeg?resize=700%2C400 2x, https:\/\/i0.wp.com\/www.jazzzeitung.de\/cms\/wp-content\/uploads\/2017\/02\/Huber-Evelyn-Inspire.jpeg?resize=1050%2C600 3x, https:\/\/i0.wp.com\/www.jazzzeitung.de\/cms\/wp-content\/uploads\/2017\/02\/Huber-Evelyn-Inspire.jpeg?resize=1400%2C800 4x"},"classes":[]},{"id":13536,"url":"https:\/\/www.jazzzeitung.de\/cms\/2017\/09\/mulo-franzel-in-der-unterfahrt\/","url_meta":{"origin":3170,"position":2},"title":"Quadro Nuevo, Cafe del Mundo und andere Kombinationen: Mulo Francel bespielt drei Mal in Folge die Unterfahrt","author":"Redaktion JazzZeitung","date":"15. September 2017","format":false,"excerpt":"Am 5., 6. und 7. September bespielte Mulo Francel\u00a0 mit seinen Freunden die B\u00fchne des M\u00fcnchner Jazzclubs Unterfahrt. Mit dabei Quadro Nuevo, Cafe del Mundo und andere Kombinationen. Fotograf Thomas J. Krebs war Gast beim Pre-Release Concert \u2018Mocca Swing\u2019 (Erscheinungsdatum: 27.10.2017). Seine Impressionen zeigt die JazzZeitung.de in dieser Galerie. Mulo\u2026","rel":"","context":"In &quot;Bericht&quot;","block_context":{"text":"Bericht","link":"https:\/\/www.jazzzeitung.de\/cms\/thema\/bericht\/"},"img":{"alt_text":"Mocca Band mit Mulo Francel (sax, cl), David Gazarov (p), Sven Faller (b), Robert Kainar (dr). Foto: Thomas J. Krebs","src":"https:\/\/i0.wp.com\/www.jazzzeitung.de\/cms\/wp-content\/uploads\/2017\/09\/P1540932-Mocca-Swing-Band-Foto-TJ-Krebs-jazzphotogency%40web.de_.jpg?fit=1200%2C800&ssl=1&resize=350%2C200","width":350,"height":200,"srcset":"https:\/\/i0.wp.com\/www.jazzzeitung.de\/cms\/wp-content\/uploads\/2017\/09\/P1540932-Mocca-Swing-Band-Foto-TJ-Krebs-jazzphotogency%40web.de_.jpg?fit=1200%2C800&ssl=1&resize=350%2C200 1x, https:\/\/i0.wp.com\/www.jazzzeitung.de\/cms\/wp-content\/uploads\/2017\/09\/P1540932-Mocca-Swing-Band-Foto-TJ-Krebs-jazzphotogency%40web.de_.jpg?fit=1200%2C800&ssl=1&resize=525%2C300 1.5x, https:\/\/i0.wp.com\/www.jazzzeitung.de\/cms\/wp-content\/uploads\/2017\/09\/P1540932-Mocca-Swing-Band-Foto-TJ-Krebs-jazzphotogency%40web.de_.jpg?fit=1200%2C800&ssl=1&resize=700%2C400 2x, https:\/\/i0.wp.com\/www.jazzzeitung.de\/cms\/wp-content\/uploads\/2017\/09\/P1540932-Mocca-Swing-Band-Foto-TJ-Krebs-jazzphotogency%40web.de_.jpg?fit=1200%2C800&ssl=1&resize=1050%2C600 3x"},"classes":[]},{"id":26276,"url":"https:\/\/www.jazzzeitung.de\/cms\/2021\/12\/weihnachtliches-im-quadro-nuevo-gewand-konzertabend-in-der-kulturwerkstatt-olching\/","url_meta":{"origin":3170,"position":3},"title":"Weihnachtliches im Quadro-Nuevo-Gewand: Konzertabend in der Kulturwerkstatt Olching","author":"Thomas J. Krebs","date":"3. Dezember 2021","format":false,"excerpt":"P\u00fcnktlich am Abend vor dem ersten Advent fand im Gretl-Bauer-Saal der Olchinger KOM Quadro Nuevos Weihnachtskonzert mit gleich zwei umjubelten Auftritten statt. Zusammen mit Mulo Francel, Andreas Hinterseher und D.D. Lowka war diesmal der Gitarrist Philipp Schiepek mit von der Partie. Die Kulturwerkstatt am Olchinger M\u00fchlbach (KOM) wurde 1877 errichtet,\u2026","rel":"","context":"In &quot;Bericht&quot;","block_context":{"text":"Bericht","link":"https:\/\/www.jazzzeitung.de\/cms\/thema\/bericht\/"},"img":{"alt_text":"","src":"https:\/\/i0.wp.com\/www.jazzzeitung.de\/cms\/wp-content\/uploads\/2021\/11\/P1465928-Quadro-Nuevo-Foto-TJ-Krebs-e1638268991477.jpg?fit=969%2C462&ssl=1&resize=350%2C200","width":350,"height":200,"srcset":"https:\/\/i0.wp.com\/www.jazzzeitung.de\/cms\/wp-content\/uploads\/2021\/11\/P1465928-Quadro-Nuevo-Foto-TJ-Krebs-e1638268991477.jpg?fit=969%2C462&ssl=1&resize=350%2C200 1x, https:\/\/i0.wp.com\/www.jazzzeitung.de\/cms\/wp-content\/uploads\/2021\/11\/P1465928-Quadro-Nuevo-Foto-TJ-Krebs-e1638268991477.jpg?fit=969%2C462&ssl=1&resize=525%2C300 1.5x, https:\/\/i0.wp.com\/www.jazzzeitung.de\/cms\/wp-content\/uploads\/2021\/11\/P1465928-Quadro-Nuevo-Foto-TJ-Krebs-e1638268991477.jpg?fit=969%2C462&ssl=1&resize=700%2C400 2x"},"classes":[]},{"id":27012,"url":"https:\/\/www.jazzzeitung.de\/cms\/2022\/04\/abhaengen-mit-der-queen-paulo-morello-sven-faller-und-mulo-francel-veroeffentlichen-neues-album\/","url_meta":{"origin":3170,"position":4},"title":"\u201eAbh\u00e4ngen mit der Queen!\u201c &#8211; Paulo Morello, Sven Faller und Mulo Francel ver\u00f6ffentlichen neues Album","author":"Redaktion JazzZeitung","date":"5. April 2022","format":false,"excerpt":"Fluch und Segen liegen bei dieser Ver\u00f6ffentlichung nahe bei einander, auch wenn das ein wenig pathetisch klingt. Richtig m\u00fcsste es allerdings hei\u00dfen, Segen und Fluch, denn das bayerische Trio ist durch die Einschr\u00e4nkungen der Pandemie \u00fcberhaupt erst zustande gekommen.\u00a0 Im vergangenen Herbst, als Lockerungen erstmals wieder B\u00fchnenauftritte in Clubs erm\u00f6glichten,\u2026","rel":"","context":"In &quot;Rezension&quot;","block_context":{"text":"Rezension","link":"https:\/\/www.jazzzeitung.de\/cms\/thema\/rezension\/"},"img":{"alt_text":"","src":"https:\/\/i0.wp.com\/www.jazzzeitung.de\/cms\/wp-content\/uploads\/2022\/03\/FM324_Trio2_Dombrowski-scaled-e1648715301506.jpg?fit=1200%2C903&ssl=1&resize=350%2C200","width":350,"height":200,"srcset":"https:\/\/i0.wp.com\/www.jazzzeitung.de\/cms\/wp-content\/uploads\/2022\/03\/FM324_Trio2_Dombrowski-scaled-e1648715301506.jpg?fit=1200%2C903&ssl=1&resize=350%2C200 1x, https:\/\/i0.wp.com\/www.jazzzeitung.de\/cms\/wp-content\/uploads\/2022\/03\/FM324_Trio2_Dombrowski-scaled-e1648715301506.jpg?fit=1200%2C903&ssl=1&resize=525%2C300 1.5x, https:\/\/i0.wp.com\/www.jazzzeitung.de\/cms\/wp-content\/uploads\/2022\/03\/FM324_Trio2_Dombrowski-scaled-e1648715301506.jpg?fit=1200%2C903&ssl=1&resize=700%2C400 2x, https:\/\/i0.wp.com\/www.jazzzeitung.de\/cms\/wp-content\/uploads\/2022\/03\/FM324_Trio2_Dombrowski-scaled-e1648715301506.jpg?fit=1200%2C903&ssl=1&resize=1050%2C600 3x"},"classes":[]},{"id":24434,"url":"https:\/\/www.jazzzeitung.de\/cms\/2021\/02\/news-mulo-francel-nicole-heartseeker-im-stream-konzertwo-steht-ein-klavier-fuer-claus-raible\/","url_meta":{"origin":3170,"position":5},"title":"News: +++Mulo Francel &#038; Nicole Heartseeker im Stream-Konzert+++Wo steht ein Klavier f\u00fcr Claus Raible?+++","author":"Redaktion JazzZeitung","date":"26. Februar 2021","format":false,"excerpt":"+++Mulo Francel & Nicole Heartseeker im Stream-Konzert+++ Mulo Francel & Nicole Heartseeker streamen am 28.2. ein Konzert. Um 18:00 Uhr ist die Premiere. Einen ersten kurzen Ausschnitt aus den Video-Aufnahmen pr\u00e4senteirt die Jazzzeitung unter folgendem Link: https:\/\/www.youtube.com\/watch?v=KxqOtPc96P4 Mulo und Nicole spielen im Lokschuppen Rosenheim in der Corona-bedingt geschlossenen Ausstellung \"Saurier\u2026","rel":"","context":"In &quot;News&quot;","block_context":{"text":"News","link":"https:\/\/www.jazzzeitung.de\/cms\/thema\/nachrichten\/"},"img":{"alt_text":"","src":"https:\/\/i0.wp.com\/www.jazzzeitung.de\/cms\/wp-content\/uploads\/2021\/02\/franzl.jpg?fit=930%2C522&ssl=1&resize=350%2C200","width":350,"height":200,"srcset":"https:\/\/i0.wp.com\/www.jazzzeitung.de\/cms\/wp-content\/uploads\/2021\/02\/franzl.jpg?fit=930%2C522&ssl=1&resize=350%2C200 1x, https:\/\/i0.wp.com\/www.jazzzeitung.de\/cms\/wp-content\/uploads\/2021\/02\/franzl.jpg?fit=930%2C522&ssl=1&resize=525%2C300 1.5x, https:\/\/i0.wp.com\/www.jazzzeitung.de\/cms\/wp-content\/uploads\/2021\/02\/franzl.jpg?fit=930%2C522&ssl=1&resize=700%2C400 2x"},"classes":[]}],"jetpack_sharing_enabled":true,"_links":{"self":[{"href":"https:\/\/www.jazzzeitung.de\/cms\/wp-json\/wp\/v2\/posts\/3170","targetHints":{"allow":["GET"]}}],"collection":[{"href":"https:\/\/www.jazzzeitung.de\/cms\/wp-json\/wp\/v2\/posts"}],"about":[{"href":"https:\/\/www.jazzzeitung.de\/cms\/wp-json\/wp\/v2\/types\/post"}],"author":[{"embeddable":true,"href":"https:\/\/www.jazzzeitung.de\/cms\/wp-json\/wp\/v2\/users\/18"}],"replies":[{"embeddable":true,"href":"https:\/\/www.jazzzeitung.de\/cms\/wp-json\/wp\/v2\/comments?post=3170"}],"version-history":[{"count":1,"href":"https:\/\/www.jazzzeitung.de\/cms\/wp-json\/wp\/v2\/posts\/3170\/revisions"}],"predecessor-version":[{"id":3172,"href":"https:\/\/www.jazzzeitung.de\/cms\/wp-json\/wp\/v2\/posts\/3170\/revisions\/3172"}],"wp:attachment":[{"href":"https:\/\/www.jazzzeitung.de\/cms\/wp-json\/wp\/v2\/media?parent=3170"}],"wp:term":[{"taxonomy":"category","embeddable":true,"href":"https:\/\/www.jazzzeitung.de\/cms\/wp-json\/wp\/v2\/categories?post=3170"},{"taxonomy":"post_tag","embeddable":true,"href":"https:\/\/www.jazzzeitung.de\/cms\/wp-json\/wp\/v2\/tags?post=3170"},{"taxonomy":"author","embeddable":true,"href":"https:\/\/www.jazzzeitung.de\/cms\/wp-json\/wp\/v2\/coauthors?post=3170"}],"curies":[{"name":"wp","href":"https:\/\/api.w.org\/{rel}","templated":true}]}}