{"id":31679,"date":"2024-09-21T12:01:43","date_gmt":"2024-09-21T10:01:43","guid":{"rendered":"https:\/\/www.jazzzeitung.de\/cms\/?p=31679"},"modified":"2024-09-21T12:01:43","modified_gmt":"2024-09-21T10:01:43","slug":"nach-dem-radiofestival-der-ard-listen-adapt-improve","status":"publish","type":"post","link":"https:\/\/www.jazzzeitung.de\/cms\/2024\/09\/nach-dem-radiofestival-der-ard-listen-adapt-improve\/","title":{"rendered":"Nach dem Radiofestival der ARD: \u201elisten, adapt &#038; improve\u201c"},"content":{"rendered":"<p>Die Radioabwicklungsreform der ARD geht weiter. <a href=\"https:\/\/www.nmz.de\/politik-betrieb\/medien\/ard-radioprogramm-deformation-veroeffentlicht\">K\u00fcrzlich hat die ARD vorgestellt<\/a>, wie das ab dem 23. September aussehen wird. Wie das sich konkret im Programm spiegelt hat nun die Jazzredaktion des SWR ihren Newsletter-Abonnent:innen vorgestellt. Sie sieht es offenbar einigerma\u00dfen positiv: \u201edie Zusammenarbeit der ARD-Jazzredaktionen ist intensiver als je zuvor. Durch die ARD-Reform haben wir den Auftrag, enger miteinander zu kooperieren und unsere Kr\u00e4fte zu b\u00fcndeln. Deshalb hei\u00dft es f\u00fcr uns: listen, adapt &amp; improve\u201c. Klingt f\u00fcr mich wie: Machen wir das Beste draus.<\/p>\n<p><strong>Hier der Plan der SWR-Jazzredaktion<\/strong><\/p>\n<blockquote><p>Liebe Jazzfans, sehr geehrte H\u00f6rerinnen und H\u00f6rer,<\/p>\n<p>das Radiofestival liegt so gut wie hinter uns, aber die Zusammenarbeit der ARD-Jazzredaktionen ist intensiver als je zuvor. Durch die ARD-Reform haben wir den Auftrag, enger miteinander zu kooperieren und unsere Kr\u00e4fte zu b\u00fcndeln. Deshalb hei\u00dft es f\u00fcr uns: listen, adapt &amp; improve. Dadurch ver\u00e4ndert sich unser Programm nachhaltig wie folgt:<\/p>\n<p>Montags fokussieren wir uns im ARD Jazz. Spotlight auf ein Thema, eine Person oder ein Konzert. Mittwochs im ARD Jazz. Das Magazin berichten wir \u00fcber die aktuellen Entwicklungen der Jazz-Szene. An Dienstagen wechseln wir uns w\u00f6chentlich mit der Neuen Musik ab. Die Kolleginnen und Kollegen senden in der JetztMusik durchkomponierte, wir improvisierte zeitgen\u00f6ssische Kl\u00e4nge. Donnerstags liefert uns der Hessische Rundfunk Neues aus den Randgebieten des Jazz und taucht regelm\u00e4\u00dfig in den Blues ein. Der Samstag bleibt unsere SWR-Jazz-Spielwiese f\u00fcr Sch\u00f6nes und Wissenswertes, w\u00e4hrend wir am Sonntag abenteuerlustige T\u00f6ne mit unserem altbew\u00e4hrten NOWJazz bieten. Wir freuen uns, wenn Sie Gefallen an den neuen Inhalten finden und uns die Treue halten!<\/p>\n<p>Mit herzlichen Gr\u00fc\u00dfen Ihre Jazzredaktion<\/p><\/blockquote>\n<p>Zeitgleich zu dieser Radiodeformation hat die ARD ihre Suchmaschine in Sachen Radioprogramme von ARD und Deutschlandradio komplett vom Netz genommen. Es ist offensichtlich, dass das Radio als n\u00f6tiges journalistisches Restutensil beibehalten wird. Sonst aber eher nichts. Auf Facebook hat Arnd Zeigler seinen mehr oder minder erzwungenen Abschied von Radio Bremen <a href=\"https:\/\/www.facebook.com\/arndzeiglerofficial\/posts\/pfbid02NoD2BZM33HekCfNzMkKszLvqThCjo4Ps4fcGWCXrCikcEU46tv22v5Uu8BZUkmkQl\">kundtun m\u00fcssen<\/a>.<\/p>\n<blockquote><p>Die meisten von euch werden inzwischen geh\u00f6rt haben, dass meine Zeit bei Radio Bremen endet, und zwar genau HEUTE. An diesem Donnerstagabend ab 22 Uhr moderiere ich meine 696. und letzte Ausgabe von \u201eZeiglers wunderbare Welt des Pop\u201c. Ein bisschen komisch f\u00fchlt sich das gerade schon an, aber ich m\u00f6chte auch nicht einfach so verschwinden, nach 36 Jahren Radio Bremen.<\/p><\/blockquote>\n<p>Und so wird es manche weitere Sendung treffen. Die Abschiedsrunden freilich haben schon fr\u00fcher begonnen. Ob taktlos, ob Schelllacksch\u00e4tzchen oder der Ball ist rund. Ob die Nichtnachbesetzungen von Jazzredaktionen (rbb, hr2, mdr \u2026 bitte erg\u00e4nzen), ob die fatalen Versuche beim WDR sich in Podcasts und zuvor in Moderationsschnickschnack zu probieren \u2026<\/p>\n<p>Vielleicht hat der NDR es richtig gemacht und sein Jazzprogramm auf NDR Blue verlegt. Vielleicht ist das aber auch nur ein Feigenblatt, wenn man liest, dass die ARD insgesamt ihre Radiowellen reduzieren m\u00f6chte. (20 H\u00f6rfunkwellen und vier bis f\u00fcnf Spartensender sollen gestrichen werden, <a href=\"https:\/\/www.sueddeutsche.de\/medien\/ard-zdf-reform-oeffentlich-rechtliche-hoerfunkwellen-lux.PB6ca2ERvURNJkvZ8pPuAK?reduced=true\">schreibt die SZ<\/a>.)<\/p>\n<p>Abwarten? Was sagen denn die anderen Jazzredaktionen zum Umbau. D\u00fcrfen sie \u00fcberhaupt sich \u00e4u\u00dfern, wie eng waren deren Zusammenarbeit mit der Reduktionsarbeitsgemeinschaft der ARD. Man kann es nicht glauben, dass das alles so reibungslos gegangen sein mag.<\/p>\n<p>Ich f\u00fcrchte aber: Vorbei ist vorbei. Aber wenn schon richtig, dann bitte konsequent richtig und richtet eine zentrale Auskunft in Sachen Jazz f\u00fcr die gesamte ARD ein, damit man wei\u00df, wann wo was l\u00e4uft. Wenigstens das sollte man seinen engagierten H\u00f6rer:innen schuldig sein.<\/p>\n<hr \/>\n<p>So sieht es aus bei <strong>\u201epopkulturell orientierten Kulturwellen\u201c<\/strong> der ARD (Bayern 2, Bremen Zwei, MDR Kultur):<\/p>\n<p style=\"padding-left: 40px;\">Der <strong>Dienstag<\/strong> geh\u00f6rt dem Jazz, mit speziell ausgerichteten Sendungen von MDR Kultur und Bremen Zwei. Am <strong>Mittwoch<\/strong> weitet MDR Kultur den Blick \u00fcber den musikalischen Tellerrand mit \u201eFolk und Welt\u201c, w\u00e4hrend Bremen Zwei am <strong>Donnerstag<\/strong> mit den \u201eHerzst\u00fccken\u201c elegante Musik zum Tr\u00e4umen und Entdecken und handverlesene Neuerscheinungen aus der Welt von Singer\/Songwriter und Pop bietet.<\/p>\n<p>Die <strong>\u201eklassisch orientierten Kulturprogramme\u201c<\/strong> (BR-KLASSIK, hr2-kultur, MDR KLASSIK, NDR Kultur, radio3 vom rbb, SR 2 KulturRadio, SWR Kultur, WDR3)<\/p>\n<p style=\"padding-left: 40px;\">Nach der Konzertstrecke gibt es \u2013 ebenfalls montags und mittwochs \u2013 von 22-23 Uhr eine Stunde <strong>ARD JAZZ<\/strong>: Die Sendung \u201eSpotlight\u201c wirft am Montag ein Schlaglicht auf Musik und Musikschaffende aus dem Jazz; mittwochs werden in \u201eDas Magazin\u201c au\u00dfergew\u00f6hnliche Ver\u00f6ffentlichungen, relevante Ereignisse und aktuelle Debatten rund um den Jazz diskutiert.<\/p>\n<p style=\"padding-left: 40px;\"><strong>Dienstags und donnerstags<\/strong> bieten die klassisch orientierten Kulturprogramme ebenfalls kooperiertes Abendprogramm. Dies in unterschiedlichen Konstellationen und inhaltlich wie musikalisch breit aufgestellt mit Konzerten und Sendungen zu wichtigen musikalischen Themen, Neuer Musik, Jazz, Chanson, Weltmusik etc.<\/p>\n","protected":false},"excerpt":{"rendered":"<p>Nach dem Radiofestival der ARD: \u201elisten, adapt &#038; improve\u201c \u2013 Bitte improven ARD, wenn ihr schon sonst euch eurer langerworbenen St\u00e4rken und eurer Jazzexpertise entledigt. <\/p>\n","protected":false},"author":2,"featured_media":30887,"comment_status":"open","ping_status":"closed","sticky":false,"template":"","format":"standard","meta":{"_jetpack_memberships_contains_paid_content":false,"footnotes":"","jetpack_publicize_message":"","jetpack_publicize_feature_enabled":true,"jetpack_social_post_already_shared":true,"jetpack_social_options":{"image_generator_settings":{"template":"highway","default_image_id":0,"font":"","enabled":false},"version":2}},"categories":[82,452],"tags":[46,1798,83,94,95,171,4597,3605,1876,316,322,327,384,410,2936,1553,447,4144,1193,2583,15,496,3479,3969,1398,589,2341,4977],"coauthors":[680],"class_list":["post-31679","post","type-post","status-publish","format-standard","has-post-thumbnail","hentry","category-blog","category-radio","tag-ard","tag-bayern","tag-blues","tag-br-klassik","tag-bremen","tag-facebook","tag-folk","tag-fuenf","tag-jazz","tag-klassik","tag-konzert-2","tag-kultur","tag-mdr","tag-ndr","tag-neuerscheinungen","tag-newsletter","tag-pop","tag-programm","tag-radio","tag-rbb","tag-rundfunk","tag-sendung","tag-september","tag-songwriter","tag-swr","tag-wdr","tag-wdr3","tag-welt"],"yoast_head":"<!-- This site is optimized with the Yoast SEO plugin v27.5 - https:\/\/yoast.com\/product\/yoast-seo-wordpress\/ -->\n<title>Nach dem Radiofestival der ARD: \u201elisten, adapt &amp; improve\u201c - JazzZeitung<\/title>\n<meta name=\"robots\" content=\"index, follow, max-snippet:-1, max-image-preview:large, max-video-preview:-1\" \/>\n<link rel=\"canonical\" href=\"https:\/\/www.jazzzeitung.de\/cms\/2024\/09\/nach-dem-radiofestival-der-ard-listen-adapt-improve\/\" \/>\n<meta property=\"og:locale\" content=\"de_DE\" \/>\n<meta property=\"og:type\" content=\"article\" \/>\n<meta property=\"og:title\" content=\"Nach dem Radiofestival der ARD: \u201elisten, adapt &amp; improve\u201c - JazzZeitung\" \/>\n<meta property=\"og:description\" content=\"Nach dem Radiofestival der ARD: \u201elisten, adapt &amp; improve\u201c \u2013 Bitte improven ARD, wenn ihr schon sonst euch eurer langerworbenen St\u00e4rken und eurer Jazzexpertise entledigt.\" \/>\n<meta property=\"og:url\" content=\"https:\/\/www.jazzzeitung.de\/cms\/2024\/09\/nach-dem-radiofestival-der-ard-listen-adapt-improve\/\" \/>\n<meta property=\"og:site_name\" content=\"JazzZeitung\" \/>\n<meta property=\"article:publisher\" content=\"https:\/\/www.facebook.com\/JazzZeitung\/\" \/>\n<meta property=\"article:author\" content=\"https:\/\/www.facebook.com\/hufner\" \/>\n<meta property=\"article:published_time\" content=\"2024-09-21T10:01:43+00:00\" \/>\n<meta property=\"og:image\" content=\"https:\/\/www.jazzzeitung.de\/cms\/wp-content\/uploads\/2024\/04\/bananen-bratwurst.webp\" \/>\n\t<meta property=\"og:image:width\" content=\"1680\" \/>\n\t<meta property=\"og:image:height\" content=\"1050\" \/>\n\t<meta property=\"og:image:type\" content=\"image\/webp\" \/>\n<meta name=\"author\" content=\"Huflaikhan\" \/>\n<script type=\"application\/ld+json\" class=\"yoast-schema-graph\">{\"@context\":\"https:\\\/\\\/schema.org\",\"@graph\":[{\"@type\":\"Article\",\"@id\":\"https:\\\/\\\/www.jazzzeitung.de\\\/cms\\\/2024\\\/09\\\/nach-dem-radiofestival-der-ard-listen-adapt-improve\\\/#article\",\"isPartOf\":{\"@id\":\"https:\\\/\\\/www.jazzzeitung.de\\\/cms\\\/2024\\\/09\\\/nach-dem-radiofestival-der-ard-listen-adapt-improve\\\/\"},\"author\":{\"name\":\"Huflaikhan\",\"@id\":\"https:\\\/\\\/www.jazzzeitung.de\\\/cms\\\/#\\\/schema\\\/person\\\/1ba404714b9455401502bc409a7df45e\"},\"headline\":\"Nach dem Radiofestival der ARD: \u201elisten, adapt &#038; improve\u201c\",\"datePublished\":\"2024-09-21T10:01:43+00:00\",\"mainEntityOfPage\":{\"@id\":\"https:\\\/\\\/www.jazzzeitung.de\\\/cms\\\/2024\\\/09\\\/nach-dem-radiofestival-der-ard-listen-adapt-improve\\\/\"},\"wordCount\":774,\"commentCount\":0,\"publisher\":{\"@id\":\"https:\\\/\\\/www.jazzzeitung.de\\\/cms\\\/#organization\"},\"image\":{\"@id\":\"https:\\\/\\\/www.jazzzeitung.de\\\/cms\\\/2024\\\/09\\\/nach-dem-radiofestival-der-ard-listen-adapt-improve\\\/#primaryimage\"},\"thumbnailUrl\":\"https:\\\/\\\/i0.wp.com\\\/www.jazzzeitung.de\\\/cms\\\/wp-content\\\/uploads\\\/2024\\\/04\\\/bananen-bratwurst.webp?fit=1680%2C1050&ssl=1\",\"keywords\":[\"ARD\",\"Bayern\",\"Blues\",\"Br-Klassik\",\"Bremen\",\"facebook\",\"Folk\",\"F\u00fcnf\",\"Jazz\",\"Klassik\",\"Konzert\",\"Kultur\",\"MDR\",\"NDR\",\"Neuerscheinungen\",\"Newsletter\",\"Pop\",\"Programm\",\"Radio\",\"RBB\",\"Rundfunk\",\"Sendung\",\"September\",\"Songwriter\",\"SWR\",\"WDR\",\"WDR3\",\"Welt\"],\"articleSection\":[\"Blog\",\"Radio\"],\"inLanguage\":\"de\",\"potentialAction\":[{\"@type\":\"CommentAction\",\"name\":\"Comment\",\"target\":[\"https:\\\/\\\/www.jazzzeitung.de\\\/cms\\\/2024\\\/09\\\/nach-dem-radiofestival-der-ard-listen-adapt-improve\\\/#respond\"]}]},{\"@type\":\"WebPage\",\"@id\":\"https:\\\/\\\/www.jazzzeitung.de\\\/cms\\\/2024\\\/09\\\/nach-dem-radiofestival-der-ard-listen-adapt-improve\\\/\",\"url\":\"https:\\\/\\\/www.jazzzeitung.de\\\/cms\\\/2024\\\/09\\\/nach-dem-radiofestival-der-ard-listen-adapt-improve\\\/\",\"name\":\"Nach dem Radiofestival der ARD: \u201elisten, adapt & improve\u201c - JazzZeitung\",\"isPartOf\":{\"@id\":\"https:\\\/\\\/www.jazzzeitung.de\\\/cms\\\/#website\"},\"primaryImageOfPage\":{\"@id\":\"https:\\\/\\\/www.jazzzeitung.de\\\/cms\\\/2024\\\/09\\\/nach-dem-radiofestival-der-ard-listen-adapt-improve\\\/#primaryimage\"},\"image\":{\"@id\":\"https:\\\/\\\/www.jazzzeitung.de\\\/cms\\\/2024\\\/09\\\/nach-dem-radiofestival-der-ard-listen-adapt-improve\\\/#primaryimage\"},\"thumbnailUrl\":\"https:\\\/\\\/i0.wp.com\\\/www.jazzzeitung.de\\\/cms\\\/wp-content\\\/uploads\\\/2024\\\/04\\\/bananen-bratwurst.webp?fit=1680%2C1050&ssl=1\",\"datePublished\":\"2024-09-21T10:01:43+00:00\",\"breadcrumb\":{\"@id\":\"https:\\\/\\\/www.jazzzeitung.de\\\/cms\\\/2024\\\/09\\\/nach-dem-radiofestival-der-ard-listen-adapt-improve\\\/#breadcrumb\"},\"inLanguage\":\"de\",\"potentialAction\":[{\"@type\":\"ReadAction\",\"target\":[\"https:\\\/\\\/www.jazzzeitung.de\\\/cms\\\/2024\\\/09\\\/nach-dem-radiofestival-der-ard-listen-adapt-improve\\\/\"]}]},{\"@type\":\"ImageObject\",\"inLanguage\":\"de\",\"@id\":\"https:\\\/\\\/www.jazzzeitung.de\\\/cms\\\/2024\\\/09\\\/nach-dem-radiofestival-der-ard-listen-adapt-improve\\\/#primaryimage\",\"url\":\"https:\\\/\\\/i0.wp.com\\\/www.jazzzeitung.de\\\/cms\\\/wp-content\\\/uploads\\\/2024\\\/04\\\/bananen-bratwurst.webp?fit=1680%2C1050&ssl=1\",\"contentUrl\":\"https:\\\/\\\/i0.wp.com\\\/www.jazzzeitung.de\\\/cms\\\/wp-content\\\/uploads\\\/2024\\\/04\\\/bananen-bratwurst.webp?fit=1680%2C1050&ssl=1\",\"width\":1680,\"height\":1050,\"caption\":\"Das ist eine Bratwurst. Foto: Hufner\"},{\"@type\":\"BreadcrumbList\",\"@id\":\"https:\\\/\\\/www.jazzzeitung.de\\\/cms\\\/2024\\\/09\\\/nach-dem-radiofestival-der-ard-listen-adapt-improve\\\/#breadcrumb\",\"itemListElement\":[{\"@type\":\"ListItem\",\"position\":1,\"name\":\"Startseite\",\"item\":\"https:\\\/\\\/www.jazzzeitung.de\\\/cms\\\/\"},{\"@type\":\"ListItem\",\"position\":2,\"name\":\"Nach dem Radiofestival der ARD: \u201elisten, adapt &#038; improve\u201c\"}]},{\"@type\":\"WebSite\",\"@id\":\"https:\\\/\\\/www.jazzzeitung.de\\\/cms\\\/#website\",\"url\":\"https:\\\/\\\/www.jazzzeitung.de\\\/cms\\\/\",\"name\":\"JazzZeitung\",\"description\":\"Jazz-News und Jazz-Kontroverses\",\"publisher\":{\"@id\":\"https:\\\/\\\/www.jazzzeitung.de\\\/cms\\\/#organization\"},\"potentialAction\":[{\"@type\":\"SearchAction\",\"target\":{\"@type\":\"EntryPoint\",\"urlTemplate\":\"https:\\\/\\\/www.jazzzeitung.de\\\/cms\\\/?s={search_term_string}\"},\"query-input\":{\"@type\":\"PropertyValueSpecification\",\"valueRequired\":true,\"valueName\":\"search_term_string\"}}],\"inLanguage\":\"de\"},{\"@type\":\"Organization\",\"@id\":\"https:\\\/\\\/www.jazzzeitung.de\\\/cms\\\/#organization\",\"name\":\"JazzZeitung online\",\"url\":\"https:\\\/\\\/www.jazzzeitung.de\\\/cms\\\/\",\"logo\":{\"@type\":\"ImageObject\",\"inLanguage\":\"de\",\"@id\":\"https:\\\/\\\/www.jazzzeitung.de\\\/cms\\\/#\\\/schema\\\/logo\\\/image\\\/\",\"url\":\"https:\\\/\\\/i0.wp.com\\\/www.jazzzeitung.de\\\/cms\\\/wp-content\\\/uploads\\\/2015\\\/08\\\/JAZZZEITUNGDE_Logo_Neu.png?fit=499%2C200&ssl=1\",\"contentUrl\":\"https:\\\/\\\/i0.wp.com\\\/www.jazzzeitung.de\\\/cms\\\/wp-content\\\/uploads\\\/2015\\\/08\\\/JAZZZEITUNGDE_Logo_Neu.png?fit=499%2C200&ssl=1\",\"width\":499,\"height\":200,\"caption\":\"JazzZeitung online\"},\"image\":{\"@id\":\"https:\\\/\\\/www.jazzzeitung.de\\\/cms\\\/#\\\/schema\\\/logo\\\/image\\\/\"},\"sameAs\":[\"https:\\\/\\\/www.facebook.com\\\/JazzZeitung\\\/\"]},{\"@type\":\"Person\",\"@id\":\"https:\\\/\\\/www.jazzzeitung.de\\\/cms\\\/#\\\/schema\\\/person\\\/1ba404714b9455401502bc409a7df45e\",\"name\":\"Huflaikhan\",\"image\":{\"@type\":\"ImageObject\",\"inLanguage\":\"de\",\"@id\":\"https:\\\/\\\/i0.wp.com\\\/www.jazzzeitung.de\\\/cms\\\/wp-content\\\/uploads\\\/2013\\\/11\\\/huf-06.jpg?resize=96%2C96&ssl=18afacd5aa7627f2840c013425f5a4164\",\"url\":\"https:\\\/\\\/i0.wp.com\\\/www.jazzzeitung.de\\\/cms\\\/wp-content\\\/uploads\\\/2013\\\/11\\\/huf-06.jpg?resize=96%2C96&ssl=1\",\"contentUrl\":\"https:\\\/\\\/i0.wp.com\\\/www.jazzzeitung.de\\\/cms\\\/wp-content\\\/uploads\\\/2013\\\/11\\\/huf-06.jpg?resize=96%2C96&ssl=1\",\"caption\":\"Huflaikhan\"},\"description\":\"Huflaikhan (aka Martin Hufner) hat Musikwissenschaft, Philosophie und Psychologie in Gie\u00dfen studiert und mit einer Arbeit \u00fcber Adorno und die Zw\u00f6lftontechnik promoviert. Seit 1995 ist er freiberuflich als Autor, Fotograf und Netzmacher unterwegs.\",\"sameAs\":[\"https:\\\/\\\/www.kritische-masse.de\\\/logbuch\",\"https:\\\/\\\/www.facebook.com\\\/hufner\"],\"url\":\"https:\\\/\\\/www.jazzzeitung.de\\\/cms\\\/author\\\/hufi\\\/\"}]}<\/script>\n<!-- \/ Yoast SEO plugin. -->","yoast_head_json":{"title":"Nach dem Radiofestival der ARD: \u201elisten, adapt & improve\u201c - JazzZeitung","robots":{"index":"index","follow":"follow","max-snippet":"max-snippet:-1","max-image-preview":"max-image-preview:large","max-video-preview":"max-video-preview:-1"},"canonical":"https:\/\/www.jazzzeitung.de\/cms\/2024\/09\/nach-dem-radiofestival-der-ard-listen-adapt-improve\/","og_locale":"de_DE","og_type":"article","og_title":"Nach dem Radiofestival der ARD: \u201elisten, adapt & improve\u201c - JazzZeitung","og_description":"Nach dem Radiofestival der ARD: \u201elisten, adapt & improve\u201c \u2013 Bitte improven ARD, wenn ihr schon sonst euch eurer langerworbenen St\u00e4rken und eurer Jazzexpertise entledigt.","og_url":"https:\/\/www.jazzzeitung.de\/cms\/2024\/09\/nach-dem-radiofestival-der-ard-listen-adapt-improve\/","og_site_name":"JazzZeitung","article_publisher":"https:\/\/www.facebook.com\/JazzZeitung\/","article_author":"https:\/\/www.facebook.com\/hufner","article_published_time":"2024-09-21T10:01:43+00:00","og_image":[{"width":1680,"height":1050,"url":"https:\/\/www.jazzzeitung.de\/cms\/wp-content\/uploads\/2024\/04\/bananen-bratwurst.webp","type":"image\/webp"}],"author":"Huflaikhan","schema":{"@context":"https:\/\/schema.org","@graph":[{"@type":"Article","@id":"https:\/\/www.jazzzeitung.de\/cms\/2024\/09\/nach-dem-radiofestival-der-ard-listen-adapt-improve\/#article","isPartOf":{"@id":"https:\/\/www.jazzzeitung.de\/cms\/2024\/09\/nach-dem-radiofestival-der-ard-listen-adapt-improve\/"},"author":{"name":"Huflaikhan","@id":"https:\/\/www.jazzzeitung.de\/cms\/#\/schema\/person\/1ba404714b9455401502bc409a7df45e"},"headline":"Nach dem Radiofestival der ARD: \u201elisten, adapt &#038; improve\u201c","datePublished":"2024-09-21T10:01:43+00:00","mainEntityOfPage":{"@id":"https:\/\/www.jazzzeitung.de\/cms\/2024\/09\/nach-dem-radiofestival-der-ard-listen-adapt-improve\/"},"wordCount":774,"commentCount":0,"publisher":{"@id":"https:\/\/www.jazzzeitung.de\/cms\/#organization"},"image":{"@id":"https:\/\/www.jazzzeitung.de\/cms\/2024\/09\/nach-dem-radiofestival-der-ard-listen-adapt-improve\/#primaryimage"},"thumbnailUrl":"https:\/\/i0.wp.com\/www.jazzzeitung.de\/cms\/wp-content\/uploads\/2024\/04\/bananen-bratwurst.webp?fit=1680%2C1050&ssl=1","keywords":["ARD","Bayern","Blues","Br-Klassik","Bremen","facebook","Folk","F\u00fcnf","Jazz","Klassik","Konzert","Kultur","MDR","NDR","Neuerscheinungen","Newsletter","Pop","Programm","Radio","RBB","Rundfunk","Sendung","September","Songwriter","SWR","WDR","WDR3","Welt"],"articleSection":["Blog","Radio"],"inLanguage":"de","potentialAction":[{"@type":"CommentAction","name":"Comment","target":["https:\/\/www.jazzzeitung.de\/cms\/2024\/09\/nach-dem-radiofestival-der-ard-listen-adapt-improve\/#respond"]}]},{"@type":"WebPage","@id":"https:\/\/www.jazzzeitung.de\/cms\/2024\/09\/nach-dem-radiofestival-der-ard-listen-adapt-improve\/","url":"https:\/\/www.jazzzeitung.de\/cms\/2024\/09\/nach-dem-radiofestival-der-ard-listen-adapt-improve\/","name":"Nach dem Radiofestival der ARD: \u201elisten, adapt & improve\u201c - JazzZeitung","isPartOf":{"@id":"https:\/\/www.jazzzeitung.de\/cms\/#website"},"primaryImageOfPage":{"@id":"https:\/\/www.jazzzeitung.de\/cms\/2024\/09\/nach-dem-radiofestival-der-ard-listen-adapt-improve\/#primaryimage"},"image":{"@id":"https:\/\/www.jazzzeitung.de\/cms\/2024\/09\/nach-dem-radiofestival-der-ard-listen-adapt-improve\/#primaryimage"},"thumbnailUrl":"https:\/\/i0.wp.com\/www.jazzzeitung.de\/cms\/wp-content\/uploads\/2024\/04\/bananen-bratwurst.webp?fit=1680%2C1050&ssl=1","datePublished":"2024-09-21T10:01:43+00:00","breadcrumb":{"@id":"https:\/\/www.jazzzeitung.de\/cms\/2024\/09\/nach-dem-radiofestival-der-ard-listen-adapt-improve\/#breadcrumb"},"inLanguage":"de","potentialAction":[{"@type":"ReadAction","target":["https:\/\/www.jazzzeitung.de\/cms\/2024\/09\/nach-dem-radiofestival-der-ard-listen-adapt-improve\/"]}]},{"@type":"ImageObject","inLanguage":"de","@id":"https:\/\/www.jazzzeitung.de\/cms\/2024\/09\/nach-dem-radiofestival-der-ard-listen-adapt-improve\/#primaryimage","url":"https:\/\/i0.wp.com\/www.jazzzeitung.de\/cms\/wp-content\/uploads\/2024\/04\/bananen-bratwurst.webp?fit=1680%2C1050&ssl=1","contentUrl":"https:\/\/i0.wp.com\/www.jazzzeitung.de\/cms\/wp-content\/uploads\/2024\/04\/bananen-bratwurst.webp?fit=1680%2C1050&ssl=1","width":1680,"height":1050,"caption":"Das ist eine Bratwurst. Foto: Hufner"},{"@type":"BreadcrumbList","@id":"https:\/\/www.jazzzeitung.de\/cms\/2024\/09\/nach-dem-radiofestival-der-ard-listen-adapt-improve\/#breadcrumb","itemListElement":[{"@type":"ListItem","position":1,"name":"Startseite","item":"https:\/\/www.jazzzeitung.de\/cms\/"},{"@type":"ListItem","position":2,"name":"Nach dem Radiofestival der ARD: \u201elisten, adapt &#038; improve\u201c"}]},{"@type":"WebSite","@id":"https:\/\/www.jazzzeitung.de\/cms\/#website","url":"https:\/\/www.jazzzeitung.de\/cms\/","name":"JazzZeitung","description":"Jazz-News und Jazz-Kontroverses","publisher":{"@id":"https:\/\/www.jazzzeitung.de\/cms\/#organization"},"potentialAction":[{"@type":"SearchAction","target":{"@type":"EntryPoint","urlTemplate":"https:\/\/www.jazzzeitung.de\/cms\/?s={search_term_string}"},"query-input":{"@type":"PropertyValueSpecification","valueRequired":true,"valueName":"search_term_string"}}],"inLanguage":"de"},{"@type":"Organization","@id":"https:\/\/www.jazzzeitung.de\/cms\/#organization","name":"JazzZeitung online","url":"https:\/\/www.jazzzeitung.de\/cms\/","logo":{"@type":"ImageObject","inLanguage":"de","@id":"https:\/\/www.jazzzeitung.de\/cms\/#\/schema\/logo\/image\/","url":"https:\/\/i0.wp.com\/www.jazzzeitung.de\/cms\/wp-content\/uploads\/2015\/08\/JAZZZEITUNGDE_Logo_Neu.png?fit=499%2C200&ssl=1","contentUrl":"https:\/\/i0.wp.com\/www.jazzzeitung.de\/cms\/wp-content\/uploads\/2015\/08\/JAZZZEITUNGDE_Logo_Neu.png?fit=499%2C200&ssl=1","width":499,"height":200,"caption":"JazzZeitung online"},"image":{"@id":"https:\/\/www.jazzzeitung.de\/cms\/#\/schema\/logo\/image\/"},"sameAs":["https:\/\/www.facebook.com\/JazzZeitung\/"]},{"@type":"Person","@id":"https:\/\/www.jazzzeitung.de\/cms\/#\/schema\/person\/1ba404714b9455401502bc409a7df45e","name":"Huflaikhan","image":{"@type":"ImageObject","inLanguage":"de","@id":"https:\/\/i0.wp.com\/www.jazzzeitung.de\/cms\/wp-content\/uploads\/2013\/11\/huf-06.jpg?resize=96%2C96&ssl=18afacd5aa7627f2840c013425f5a4164","url":"https:\/\/i0.wp.com\/www.jazzzeitung.de\/cms\/wp-content\/uploads\/2013\/11\/huf-06.jpg?resize=96%2C96&ssl=1","contentUrl":"https:\/\/i0.wp.com\/www.jazzzeitung.de\/cms\/wp-content\/uploads\/2013\/11\/huf-06.jpg?resize=96%2C96&ssl=1","caption":"Huflaikhan"},"description":"Huflaikhan (aka Martin Hufner) hat Musikwissenschaft, Philosophie und Psychologie in Gie\u00dfen studiert und mit einer Arbeit \u00fcber Adorno und die Zw\u00f6lftontechnik promoviert. Seit 1995 ist er freiberuflich als Autor, Fotograf und Netzmacher unterwegs.","sameAs":["https:\/\/www.kritische-masse.de\/logbuch","https:\/\/www.facebook.com\/hufner"],"url":"https:\/\/www.jazzzeitung.de\/cms\/author\/hufi\/"}]}},"wp-worthy-pixel":{"ignored":false,"public":"fcd35a513c5543e2b8fb6bb43c2fe732","server":"vg04.met.vgwort.de","url":"https:\/\/vg04.met.vgwort.de\/na\/fcd35a513c5543e2b8fb6bb43c2fe732"},"wp-worthy-type":"normal","jetpack_publicize_connections":[],"cc_featured_image_caption":{"caption_text":"Das ist eine Bratwurst.","source_text":"\u00a9 Martin Hufner","source_url":"https:\/\/www.kritische-masse.de\/logbuch\/"},"jetpack_featured_media_url":"https:\/\/i0.wp.com\/www.jazzzeitung.de\/cms\/wp-content\/uploads\/2024\/04\/bananen-bratwurst.webp?fit=1680%2C1050&ssl=1","jetpack_shortlink":"https:\/\/wp.me\/p3KEcT-8eX","jetpack-related-posts":[{"id":23982,"url":"https:\/\/www.jazzzeitung.de\/cms\/2020\/12\/die-jazz-radiowoche-vom-14-12-20-bis-31-12-2020\/","url_meta":{"origin":31679,"position":0},"title":"Die Jazz-Radiowoche vom 14.12.20 bis 31.12.2020","author":"Martin Hufner","date":"13. Dezember 2020","format":false,"excerpt":"Ein kleiner Blick in Restmonat. Die Suchmaschine der ARD hat ihren Dienst am 7.12.2020 eingestellt. Nachfragen haben nur gezeigt, dass die Veranwortlichen kein Interesse daran haben, das zu kommunizieren. Weder ist herauszubekommen, wer das veranlasst hat noch warum. Danke ARD! F\u00fcr nichts. Jetzt schauen wir mal, wie es weiter geht.\u2026","rel":"","context":"In &quot;News&quot;","block_context":{"text":"News","link":"https:\/\/www.jazzzeitung.de\/cms\/thema\/nachrichten\/"},"img":{"alt_text":"Jazz im Radio. Foto: Hufner","src":"https:\/\/i0.wp.com\/www.jazzzeitung.de\/cms\/wp-content\/uploads\/2019\/03\/jazz_im_radio.jpg?fit=1200%2C773&ssl=1&resize=350%2C200","width":350,"height":200,"srcset":"https:\/\/i0.wp.com\/www.jazzzeitung.de\/cms\/wp-content\/uploads\/2019\/03\/jazz_im_radio.jpg?fit=1200%2C773&ssl=1&resize=350%2C200 1x, https:\/\/i0.wp.com\/www.jazzzeitung.de\/cms\/wp-content\/uploads\/2019\/03\/jazz_im_radio.jpg?fit=1200%2C773&ssl=1&resize=525%2C300 1.5x, https:\/\/i0.wp.com\/www.jazzzeitung.de\/cms\/wp-content\/uploads\/2019\/03\/jazz_im_radio.jpg?fit=1200%2C773&ssl=1&resize=700%2C400 2x, https:\/\/i0.wp.com\/www.jazzzeitung.de\/cms\/wp-content\/uploads\/2019\/03\/jazz_im_radio.jpg?fit=1200%2C773&ssl=1&resize=1050%2C600 3x"},"classes":[]},{"id":23752,"url":"https:\/\/www.jazzzeitung.de\/cms\/2020\/11\/die-jazz-radiowoche-vom-02-11-20-bis-08-11-2020\/","url_meta":{"origin":31679,"position":1},"title":"Die Jazz-Radiowoche vom 02.11.20 bis 08.11.2020","author":"Martin Hufner","date":"1. November 2020","format":false,"excerpt":"Ein kleiner Blick in die Jazzwoche 45 im Radio. Alle Angaben ohne Gew\u00e4hr. Unter anderem: Jazzfest Berlin 2020 \u2013 alles anders.","rel":"","context":"In &quot;News&quot;","block_context":{"text":"News","link":"https:\/\/www.jazzzeitung.de\/cms\/thema\/nachrichten\/"},"img":{"alt_text":"Jazz im Radio. Foto: Hufner","src":"https:\/\/i0.wp.com\/www.jazzzeitung.de\/cms\/wp-content\/uploads\/2019\/03\/jazz_im_radio.jpg?fit=1200%2C773&ssl=1&resize=350%2C200","width":350,"height":200,"srcset":"https:\/\/i0.wp.com\/www.jazzzeitung.de\/cms\/wp-content\/uploads\/2019\/03\/jazz_im_radio.jpg?fit=1200%2C773&ssl=1&resize=350%2C200 1x, https:\/\/i0.wp.com\/www.jazzzeitung.de\/cms\/wp-content\/uploads\/2019\/03\/jazz_im_radio.jpg?fit=1200%2C773&ssl=1&resize=525%2C300 1.5x, https:\/\/i0.wp.com\/www.jazzzeitung.de\/cms\/wp-content\/uploads\/2019\/03\/jazz_im_radio.jpg?fit=1200%2C773&ssl=1&resize=700%2C400 2x, https:\/\/i0.wp.com\/www.jazzzeitung.de\/cms\/wp-content\/uploads\/2019\/03\/jazz_im_radio.jpg?fit=1200%2C773&ssl=1&resize=1050%2C600 3x"},"classes":[]},{"id":30141,"url":"https:\/\/www.jazzzeitung.de\/cms\/2023\/10\/deutsche-jazzunion-kein-oeffentlich-rechtlicher-rundfunk-ohne-jazz\/","url_meta":{"origin":31679,"position":2},"title":"Deutsche Jazzunion: Kein \u00f6ffentlich-rechtlicher Rundfunk ohne Jazz!","author":"Martin Hufner","date":"17. Oktober 2023","format":false,"excerpt":"Die Deutsche Jazzunion ver\u00f6ffentlicht einen Offenen Brief an die Rundfunkr\u00e4te und Intendanzen der \u00f6ffentlich-rechtlichen Rundfunkanstalten, den wir hier im Wortlaut ver\u00f6ffentlichen: Trotz der immensen Bedeutung von Jazz in Deutschland und dem klaren Kulturauftrag des \u00f6ffentlich-rechtlichen Rundfunks plant die ARD, den Jazz von einem ohnehin schon ungen\u00fcgenden und reduzierten Niveau weiter\u2026","rel":"","context":"In &quot;News&quot;","block_context":{"text":"News","link":"https:\/\/www.jazzzeitung.de\/cms\/thema\/nachrichten\/"},"img":{"alt_text":"Absturzgefahr f\u00fcr den Jazz im Radio. Foto: Hufner","src":"https:\/\/i0.wp.com\/www.jazzzeitung.de\/cms\/wp-content\/uploads\/2023\/10\/absturzgefahr_c_hufner.jpg?fit=1200%2C1198&ssl=1&resize=350%2C200","width":350,"height":200,"srcset":"https:\/\/i0.wp.com\/www.jazzzeitung.de\/cms\/wp-content\/uploads\/2023\/10\/absturzgefahr_c_hufner.jpg?fit=1200%2C1198&ssl=1&resize=350%2C200 1x, https:\/\/i0.wp.com\/www.jazzzeitung.de\/cms\/wp-content\/uploads\/2023\/10\/absturzgefahr_c_hufner.jpg?fit=1200%2C1198&ssl=1&resize=525%2C300 1.5x, https:\/\/i0.wp.com\/www.jazzzeitung.de\/cms\/wp-content\/uploads\/2023\/10\/absturzgefahr_c_hufner.jpg?fit=1200%2C1198&ssl=1&resize=700%2C400 2x, https:\/\/i0.wp.com\/www.jazzzeitung.de\/cms\/wp-content\/uploads\/2023\/10\/absturzgefahr_c_hufner.jpg?fit=1200%2C1198&ssl=1&resize=1050%2C600 3x"},"classes":[]},{"id":30244,"url":"https:\/\/www.jazzzeitung.de\/cms\/2023\/11\/deutsche-jazzunion-fordert-keine-reduzierung-des-jazz-angebots-in-der-ard\/","url_meta":{"origin":31679,"position":3},"title":"Deutsche Jazzunion fordert: Keine Reduzierung des Jazz-Angebots in der ARD!","author":"Martin Hufner","date":"6. November 2023","format":false,"excerpt":"Die Deutsche Jazzunion fordert die Intendanzen der \u00f6ffentlich-rechtlichen Rundfunkanstalten zu mehr Transparenz auf. Die geplanten Umstrukturierungen im Kulturangebot der ARD-Radiosender erfordern die Einbeziehung der Fachexpertise von Berufsverb\u00e4nden und Szeneakteur*innen. Die Deutsche Jazzunion hatte im September einen offenen Brief an die Verantwortlichen der ARD gerichtet, der bereits von \u00fcber 2.300 Institutionen\u2026","rel":"","context":"In &quot;News&quot;","block_context":{"text":"News","link":"https:\/\/www.jazzzeitung.de\/cms\/thema\/nachrichten\/"},"img":{"alt_text":"Radioschmelze. Foto: Hufner","src":"https:\/\/i0.wp.com\/www.jazzzeitung.de\/cms\/wp-content\/uploads\/2023\/11\/radio.jpg?fit=768%2C576&ssl=1&resize=350%2C200","width":350,"height":200,"srcset":"https:\/\/i0.wp.com\/www.jazzzeitung.de\/cms\/wp-content\/uploads\/2023\/11\/radio.jpg?fit=768%2C576&ssl=1&resize=350%2C200 1x, https:\/\/i0.wp.com\/www.jazzzeitung.de\/cms\/wp-content\/uploads\/2023\/11\/radio.jpg?fit=768%2C576&ssl=1&resize=525%2C300 1.5x, https:\/\/i0.wp.com\/www.jazzzeitung.de\/cms\/wp-content\/uploads\/2023\/11\/radio.jpg?fit=768%2C576&ssl=1&resize=700%2C400 2x"},"classes":[]},{"id":21060,"url":"https:\/\/www.jazzzeitung.de\/cms\/2019\/10\/die-jazz-radiowoche-vom-28-10-19-bis-03-11-2019\/","url_meta":{"origin":31679,"position":4},"title":"Die Jazz-Radiowoche vom 28.10.19 bis 03.11.2019","author":"Martin Hufner","date":"27. Oktober 2019","format":false,"excerpt":"Ein kleiner Blick in die Jazzwoche 44 im Radio. Die \u00dcbersicht zum Download als PDF. Alle Angaben ohne Gew\u00e4hr. Jazz im Radio (Fernsehen) SR2 \u2013 JazzNow \u2013 Sonntags von 20.04 bis 22.30 Uhr BR-KLASSIK \u2013 Jazztime \u2013 Von Montag bis Freitag t\u00e4glich um 23.05 Uhr rbb-kultur \u2013 Late Night Jazz\u2026","rel":"","context":"In &quot;News&quot;","block_context":{"text":"News","link":"https:\/\/www.jazzzeitung.de\/cms\/thema\/nachrichten\/"},"img":{"alt_text":"Jazz im Radio. Foto: Hufner","src":"https:\/\/i0.wp.com\/www.jazzzeitung.de\/cms\/wp-content\/uploads\/2019\/03\/jazz_im_radio.jpg?fit=1200%2C773&ssl=1&resize=350%2C200","width":350,"height":200,"srcset":"https:\/\/i0.wp.com\/www.jazzzeitung.de\/cms\/wp-content\/uploads\/2019\/03\/jazz_im_radio.jpg?fit=1200%2C773&ssl=1&resize=350%2C200 1x, https:\/\/i0.wp.com\/www.jazzzeitung.de\/cms\/wp-content\/uploads\/2019\/03\/jazz_im_radio.jpg?fit=1200%2C773&ssl=1&resize=525%2C300 1.5x, https:\/\/i0.wp.com\/www.jazzzeitung.de\/cms\/wp-content\/uploads\/2019\/03\/jazz_im_radio.jpg?fit=1200%2C773&ssl=1&resize=700%2C400 2x, https:\/\/i0.wp.com\/www.jazzzeitung.de\/cms\/wp-content\/uploads\/2019\/03\/jazz_im_radio.jpg?fit=1200%2C773&ssl=1&resize=1050%2C600 3x"},"classes":[]},{"id":18993,"url":"https:\/\/www.jazzzeitung.de\/cms\/2019\/03\/jazzprogramme-im-hessischen-und-westdeutschen-rundfunk-im-umbruch\/","url_meta":{"origin":31679,"position":5},"title":"Jazzprogramme im Hessischen und Westdeutschen Rundfunk im Umbruch","author":"Huflaikhan","date":"20. M\u00e4rz 2019","format":false,"excerpt":"Jazz ist nicht tot, er riecht nur komisch \u2013 dieses Diktum von Frank Zappa ist schon tausendfach bem\u00fcht und \u2013 was die Geruchsbel\u00e4stigung angeht \u2013 schon oft widerlegt worden. Zum Beispiel jede Woche aufs Neue von Martin Hufner, dem Online-Redakteur der neuen musikzeitung. Woche f\u00fcr Woche publiziert er f\u00fcr Jazzzeitung.de\u2026","rel":"","context":"In &quot;Blog&quot;","block_context":{"text":"Blog","link":"https:\/\/www.jazzzeitung.de\/cms\/thema\/blog\/"},"img":{"alt_text":"Jazz im Radio. Foto\/Montage: Hufner","src":"https:\/\/i0.wp.com\/www.jazzzeitung.de\/cms\/wp-content\/uploads\/2018\/05\/radio-jazz_journalisten.jpg?fit=1200%2C900&ssl=1&resize=350%2C200","width":350,"height":200,"srcset":"https:\/\/i0.wp.com\/www.jazzzeitung.de\/cms\/wp-content\/uploads\/2018\/05\/radio-jazz_journalisten.jpg?fit=1200%2C900&ssl=1&resize=350%2C200 1x, https:\/\/i0.wp.com\/www.jazzzeitung.de\/cms\/wp-content\/uploads\/2018\/05\/radio-jazz_journalisten.jpg?fit=1200%2C900&ssl=1&resize=525%2C300 1.5x, https:\/\/i0.wp.com\/www.jazzzeitung.de\/cms\/wp-content\/uploads\/2018\/05\/radio-jazz_journalisten.jpg?fit=1200%2C900&ssl=1&resize=700%2C400 2x, https:\/\/i0.wp.com\/www.jazzzeitung.de\/cms\/wp-content\/uploads\/2018\/05\/radio-jazz_journalisten.jpg?fit=1200%2C900&ssl=1&resize=1050%2C600 3x"},"classes":[]}],"jetpack_sharing_enabled":true,"_links":{"self":[{"href":"https:\/\/www.jazzzeitung.de\/cms\/wp-json\/wp\/v2\/posts\/31679","targetHints":{"allow":["GET"]}}],"collection":[{"href":"https:\/\/www.jazzzeitung.de\/cms\/wp-json\/wp\/v2\/posts"}],"about":[{"href":"https:\/\/www.jazzzeitung.de\/cms\/wp-json\/wp\/v2\/types\/post"}],"author":[{"embeddable":true,"href":"https:\/\/www.jazzzeitung.de\/cms\/wp-json\/wp\/v2\/users\/2"}],"replies":[{"embeddable":true,"href":"https:\/\/www.jazzzeitung.de\/cms\/wp-json\/wp\/v2\/comments?post=31679"}],"version-history":[{"count":1,"href":"https:\/\/www.jazzzeitung.de\/cms\/wp-json\/wp\/v2\/posts\/31679\/revisions"}],"predecessor-version":[{"id":31681,"href":"https:\/\/www.jazzzeitung.de\/cms\/wp-json\/wp\/v2\/posts\/31679\/revisions\/31681"}],"wp:featuredmedia":[{"embeddable":true,"href":"https:\/\/www.jazzzeitung.de\/cms\/wp-json\/wp\/v2\/media\/30887"}],"wp:attachment":[{"href":"https:\/\/www.jazzzeitung.de\/cms\/wp-json\/wp\/v2\/media?parent=31679"}],"wp:term":[{"taxonomy":"category","embeddable":true,"href":"https:\/\/www.jazzzeitung.de\/cms\/wp-json\/wp\/v2\/categories?post=31679"},{"taxonomy":"post_tag","embeddable":true,"href":"https:\/\/www.jazzzeitung.de\/cms\/wp-json\/wp\/v2\/tags?post=31679"},{"taxonomy":"author","embeddable":true,"href":"https:\/\/www.jazzzeitung.de\/cms\/wp-json\/wp\/v2\/coauthors?post=31679"}],"curies":[{"name":"wp","href":"https:\/\/api.w.org\/{rel}","templated":true}]}}