{"id":31627,"date":"2024-09-10T10:07:21","date_gmt":"2024-09-10T08:07:21","guid":{"rendered":"https:\/\/www.jazzzeitung.de\/cms\/?p=31627"},"modified":"2024-09-10T10:07:21","modified_gmt":"2024-09-10T08:07:21","slug":"fuchsthone-jazz-orchestra-in-der-wuppertaler-immanuelskirche","status":"publish","type":"post","link":"https:\/\/www.jazzzeitung.de\/cms\/2024\/09\/fuchsthone-jazz-orchestra-in-der-wuppertaler-immanuelskirche\/","title":{"rendered":"Fuchsthone Jazz Orchestra in der Wuppertaler Immanuelskirche"},"content":{"rendered":"<p>(Von Stefan Pieper) Die Wuppertaler Immanuelskirche, heute zum Kulturzentrum umfunktioniert, ist auf bestem Wege, sich auch als aufstrebender Hotspot der Jazz-Szene in NRW gut aufzustellen. Vor allem, wenn es um Auftritts- und Probem\u00f6glichkeiten f\u00fcr gro\u00dfe Besetzungen geht. Kuratiert von Karl-Heinz Krauskopf und unterst\u00fctzt vom F\u00f6rderverein Kulturzentrum Immanuel e.V. wurde das Programm \u201eImmanuel goes Bigband\u201c ins Leben gerufen \u2013 ein spektakul\u00e4res Multimedia-Konzert der K\u00f6lner Fuchsthone Orchestra legt zum Auftakt die Messlatte denkbar hoch, wenn es hier k\u00fcnftig um zeitgen\u00f6ssische Jazzorchester-Kultur geht.<\/p>\n<h3>Musik als soziales Handeln<\/h3>\n<p>Bei diesem Large Ensemble, das von beiden Bandleaderinnen Christina Fuchs und Caroline Thon kuratiert wird, geht es um weit mehr als nur die Zurschaustellung h\u00f6chsten musikalischen K\u00f6nnens.\u00a0 Das Fuchsthone Orchestra begreift Musik als soziales, interaktives Handeln, um damit auch globale Botschaften zu transportieren. Die beiden K\u00f6lner Bandleaderinnen Christina Fuchs und Caroline Thon sch\u00e4rfen mit diesem Konzept \u00fcber das Medium der Musik den Blick auf das gro\u00dfe Ganze \u2013 auch und gerade in ihrer aktuellen Reihe \u201ereloaded\u201c, zu der das Konzert in der Immanuelskirche geh\u00f6rte.<\/p>\n<div class=\"tiled-gallery type-rectangular tiled-gallery-unresized\" data-original-width=\"840\" data-carousel-extra='{&quot;blog_id&quot;:1,&quot;permalink&quot;:&quot;https:\\\/\\\/www.jazzzeitung.de\\\/cms\\\/2024\\\/09\\\/fuchsthone-jazz-orchestra-in-der-wuppertaler-immanuelskirche\\\/&quot;,&quot;likes_blog_id&quot;:55446655}' itemscope itemtype=\"http:\/\/schema.org\/ImageGallery\" > <div class=\"gallery-row\" style=\"width: 840px; height: 421px;\" data-original-width=\"840\" data-original-height=\"421\" > <div class=\"gallery-group images-1\" style=\"width: 560px; height: 421px;\" data-original-width=\"560\" data-original-height=\"421\" > <div class=\"tiled-gallery-item tiled-gallery-item-large\" itemprop=\"associatedMedia\" itemscope itemtype=\"http:\/\/schema.org\/ImageObject\"> <a href=\"https:\/\/www.jazzzeitung.de\/cms\/2024\/09\/fuchsthone-jazz-orchestra-in-der-wuppertaler-immanuelskirche\/alex-morsey\/\" border=\"0\" itemprop=\"url\"> <meta itemprop=\"width\" content=\"556\"> <meta itemprop=\"height\" content=\"417\"> <img decoding=\"async\" class=\"\" data-attachment-id=\"31629\" data-orig-file=\"https:\/\/www.jazzzeitung.de\/cms\/wp-content\/uploads\/2024\/09\/Alex-Morsey-scaled.jpg\" data-orig-size=\"2560,1920\" data-comments-opened=\"1\" data-image-meta=\"{&quot;aperture&quot;:&quot;0&quot;,&quot;credit&quot;:&quot;&quot;,&quot;camera&quot;:&quot;&quot;,&quot;caption&quot;:&quot;&quot;,&quot;created_timestamp&quot;:&quot;0&quot;,&quot;copyright&quot;:&quot;&quot;,&quot;focal_length&quot;:&quot;0&quot;,&quot;iso&quot;:&quot;0&quot;,&quot;shutter_speed&quot;:&quot;0&quot;,&quot;title&quot;:&quot;&quot;,&quot;orientation&quot;:&quot;0&quot;}\" data-image-title=\"Alex Morsey\" data-image-description=\"\" data-medium-file=\"https:\/\/i0.wp.com\/www.jazzzeitung.de\/cms\/wp-content\/uploads\/2024\/09\/Alex-Morsey-scaled.jpg?fit=300%2C225&#038;ssl=1\" data-large-file=\"https:\/\/i0.wp.com\/www.jazzzeitung.de\/cms\/wp-content\/uploads\/2024\/09\/Alex-Morsey-scaled.jpg?fit=800%2C600&#038;ssl=1\" src=\"https:\/\/i0.wp.com\/www.jazzzeitung.de\/cms\/wp-content\/uploads\/2024\/09\/Alex-Morsey-scaled.jpg?w=556&#038;h=417&#038;ssl=1\" srcset=\"https:\/\/i0.wp.com\/www.jazzzeitung.de\/cms\/wp-content\/uploads\/2024\/09\/Alex-Morsey-scaled.jpg?w=2560&amp;ssl=1 2560w, https:\/\/i0.wp.com\/www.jazzzeitung.de\/cms\/wp-content\/uploads\/2024\/09\/Alex-Morsey-scaled.jpg?resize=300%2C225&amp;ssl=1 300w, https:\/\/i0.wp.com\/www.jazzzeitung.de\/cms\/wp-content\/uploads\/2024\/09\/Alex-Morsey-scaled.jpg?resize=800%2C600&amp;ssl=1 800w, https:\/\/i0.wp.com\/www.jazzzeitung.de\/cms\/wp-content\/uploads\/2024\/09\/Alex-Morsey-scaled.jpg?resize=768%2C576&amp;ssl=1 768w, https:\/\/i0.wp.com\/www.jazzzeitung.de\/cms\/wp-content\/uploads\/2024\/09\/Alex-Morsey-scaled.jpg?resize=1536%2C1152&amp;ssl=1 1536w, https:\/\/i0.wp.com\/www.jazzzeitung.de\/cms\/wp-content\/uploads\/2024\/09\/Alex-Morsey-scaled.jpg?resize=2048%2C1536&amp;ssl=1 2048w, https:\/\/i0.wp.com\/www.jazzzeitung.de\/cms\/wp-content\/uploads\/2024\/09\/Alex-Morsey-scaled.jpg?resize=1320%2C990&amp;ssl=1 1320w, https:\/\/i0.wp.com\/www.jazzzeitung.de\/cms\/wp-content\/uploads\/2024\/09\/Alex-Morsey-scaled.jpg?w=1680&amp;ssl=1 1680w\" width=\"556\" height=\"417\" loading=\"lazy\" data-original-width=\"556\" data-original-height=\"417\" itemprop=\"http:\/\/schema.org\/image\" title=\"Alex Morsey\" alt=\"Alex Morsey\" style=\"width: 556px; height: 417px;\" \/> <\/a> <\/div> <\/div> <!-- close group --> <div class=\"gallery-group images-2\" style=\"width: 280px; height: 421px;\" data-original-width=\"280\" data-original-height=\"421\" > <div class=\"tiled-gallery-item tiled-gallery-item-large\" itemprop=\"associatedMedia\" itemscope itemtype=\"http:\/\/schema.org\/ImageObject\"> <a href=\"https:\/\/www.jazzzeitung.de\/cms\/2024\/09\/fuchsthone-jazz-orchestra-in-der-wuppertaler-immanuelskirche\/barbara-barth\/\" border=\"0\" itemprop=\"url\"> <meta itemprop=\"width\" content=\"276\"> <meta itemprop=\"height\" content=\"207\"> <img decoding=\"async\" class=\"\" data-attachment-id=\"31630\" data-orig-file=\"https:\/\/www.jazzzeitung.de\/cms\/wp-content\/uploads\/2024\/09\/Barbara-Barth-scaled.jpg\" data-orig-size=\"2560,1920\" data-comments-opened=\"1\" data-image-meta=\"{&quot;aperture&quot;:&quot;0&quot;,&quot;credit&quot;:&quot;&quot;,&quot;camera&quot;:&quot;&quot;,&quot;caption&quot;:&quot;&quot;,&quot;created_timestamp&quot;:&quot;0&quot;,&quot;copyright&quot;:&quot;&quot;,&quot;focal_length&quot;:&quot;0&quot;,&quot;iso&quot;:&quot;0&quot;,&quot;shutter_speed&quot;:&quot;0&quot;,&quot;title&quot;:&quot;&quot;,&quot;orientation&quot;:&quot;0&quot;}\" data-image-title=\"Barbara Barth\" data-image-description=\"\" data-medium-file=\"https:\/\/i0.wp.com\/www.jazzzeitung.de\/cms\/wp-content\/uploads\/2024\/09\/Barbara-Barth-scaled.jpg?fit=300%2C225&#038;ssl=1\" data-large-file=\"https:\/\/i0.wp.com\/www.jazzzeitung.de\/cms\/wp-content\/uploads\/2024\/09\/Barbara-Barth-scaled.jpg?fit=800%2C600&#038;ssl=1\" src=\"https:\/\/i0.wp.com\/www.jazzzeitung.de\/cms\/wp-content\/uploads\/2024\/09\/Barbara-Barth-scaled.jpg?w=276&#038;h=207&#038;ssl=1\" srcset=\"https:\/\/i0.wp.com\/www.jazzzeitung.de\/cms\/wp-content\/uploads\/2024\/09\/Barbara-Barth-scaled.jpg?w=2560&amp;ssl=1 2560w, https:\/\/i0.wp.com\/www.jazzzeitung.de\/cms\/wp-content\/uploads\/2024\/09\/Barbara-Barth-scaled.jpg?resize=300%2C225&amp;ssl=1 300w, https:\/\/i0.wp.com\/www.jazzzeitung.de\/cms\/wp-content\/uploads\/2024\/09\/Barbara-Barth-scaled.jpg?resize=800%2C600&amp;ssl=1 800w, https:\/\/i0.wp.com\/www.jazzzeitung.de\/cms\/wp-content\/uploads\/2024\/09\/Barbara-Barth-scaled.jpg?resize=768%2C576&amp;ssl=1 768w, https:\/\/i0.wp.com\/www.jazzzeitung.de\/cms\/wp-content\/uploads\/2024\/09\/Barbara-Barth-scaled.jpg?resize=1536%2C1152&amp;ssl=1 1536w, https:\/\/i0.wp.com\/www.jazzzeitung.de\/cms\/wp-content\/uploads\/2024\/09\/Barbara-Barth-scaled.jpg?resize=2048%2C1536&amp;ssl=1 2048w, https:\/\/i0.wp.com\/www.jazzzeitung.de\/cms\/wp-content\/uploads\/2024\/09\/Barbara-Barth-scaled.jpg?resize=1320%2C990&amp;ssl=1 1320w, https:\/\/i0.wp.com\/www.jazzzeitung.de\/cms\/wp-content\/uploads\/2024\/09\/Barbara-Barth-scaled.jpg?w=1680&amp;ssl=1 1680w\" width=\"276\" height=\"207\" loading=\"lazy\" data-original-width=\"276\" data-original-height=\"207\" itemprop=\"http:\/\/schema.org\/image\" title=\"Barbara Barth\" alt=\"Barbara Barth\" style=\"width: 276px; height: 207px;\" \/> <\/a> <\/div> <div class=\"tiled-gallery-item tiled-gallery-item-large\" itemprop=\"associatedMedia\" itemscope itemtype=\"http:\/\/schema.org\/ImageObject\"> <a href=\"https:\/\/www.jazzzeitung.de\/cms\/2024\/09\/fuchsthone-jazz-orchestra-in-der-wuppertaler-immanuelskirche\/caroline-thon-2\/\" border=\"0\" itemprop=\"url\"> <meta itemprop=\"width\" content=\"276\"> <meta itemprop=\"height\" content=\"206\"> <img decoding=\"async\" class=\"\" data-attachment-id=\"31631\" data-orig-file=\"https:\/\/www.jazzzeitung.de\/cms\/wp-content\/uploads\/2024\/09\/Caroline-Thon-scaled.jpg\" data-orig-size=\"2560,1920\" data-comments-opened=\"1\" data-image-meta=\"{&quot;aperture&quot;:&quot;0&quot;,&quot;credit&quot;:&quot;&quot;,&quot;camera&quot;:&quot;&quot;,&quot;caption&quot;:&quot;&quot;,&quot;created_timestamp&quot;:&quot;0&quot;,&quot;copyright&quot;:&quot;&quot;,&quot;focal_length&quot;:&quot;0&quot;,&quot;iso&quot;:&quot;0&quot;,&quot;shutter_speed&quot;:&quot;0&quot;,&quot;title&quot;:&quot;&quot;,&quot;orientation&quot;:&quot;0&quot;}\" data-image-title=\"Caroline Thon\" data-image-description=\"\" data-medium-file=\"https:\/\/i0.wp.com\/www.jazzzeitung.de\/cms\/wp-content\/uploads\/2024\/09\/Caroline-Thon-scaled.jpg?fit=300%2C225&#038;ssl=1\" data-large-file=\"https:\/\/i0.wp.com\/www.jazzzeitung.de\/cms\/wp-content\/uploads\/2024\/09\/Caroline-Thon-scaled.jpg?fit=800%2C600&#038;ssl=1\" src=\"https:\/\/i0.wp.com\/www.jazzzeitung.de\/cms\/wp-content\/uploads\/2024\/09\/Caroline-Thon-scaled.jpg?w=276&#038;h=206&#038;ssl=1\" srcset=\"https:\/\/i0.wp.com\/www.jazzzeitung.de\/cms\/wp-content\/uploads\/2024\/09\/Caroline-Thon-scaled.jpg?w=2560&amp;ssl=1 2560w, https:\/\/i0.wp.com\/www.jazzzeitung.de\/cms\/wp-content\/uploads\/2024\/09\/Caroline-Thon-scaled.jpg?resize=300%2C225&amp;ssl=1 300w, https:\/\/i0.wp.com\/www.jazzzeitung.de\/cms\/wp-content\/uploads\/2024\/09\/Caroline-Thon-scaled.jpg?resize=800%2C600&amp;ssl=1 800w, https:\/\/i0.wp.com\/www.jazzzeitung.de\/cms\/wp-content\/uploads\/2024\/09\/Caroline-Thon-scaled.jpg?resize=768%2C576&amp;ssl=1 768w, https:\/\/i0.wp.com\/www.jazzzeitung.de\/cms\/wp-content\/uploads\/2024\/09\/Caroline-Thon-scaled.jpg?resize=1536%2C1152&amp;ssl=1 1536w, https:\/\/i0.wp.com\/www.jazzzeitung.de\/cms\/wp-content\/uploads\/2024\/09\/Caroline-Thon-scaled.jpg?resize=2048%2C1536&amp;ssl=1 2048w, https:\/\/i0.wp.com\/www.jazzzeitung.de\/cms\/wp-content\/uploads\/2024\/09\/Caroline-Thon-scaled.jpg?resize=1320%2C990&amp;ssl=1 1320w, https:\/\/i0.wp.com\/www.jazzzeitung.de\/cms\/wp-content\/uploads\/2024\/09\/Caroline-Thon-scaled.jpg?w=1680&amp;ssl=1 1680w\" width=\"276\" height=\"206\" loading=\"lazy\" data-original-width=\"276\" data-original-height=\"206\" itemprop=\"http:\/\/schema.org\/image\" title=\"Caroline Thon\" alt=\"Caroline Thon\" style=\"width: 276px; height: 206px;\" \/> <\/a> <\/div> <\/div> <!-- close group --> <\/div> <!-- close row --> <div class=\"gallery-row\" style=\"width: 840px; height: 211px;\" data-original-width=\"840\" data-original-height=\"211\" > <div class=\"gallery-group images-1\" style=\"width: 280px; height: 211px;\" data-original-width=\"280\" data-original-height=\"211\" > <div class=\"tiled-gallery-item tiled-gallery-item-large\" itemprop=\"associatedMedia\" itemscope itemtype=\"http:\/\/schema.org\/ImageObject\"> <a href=\"https:\/\/www.jazzzeitung.de\/cms\/2024\/09\/fuchsthone-jazz-orchestra-in-der-wuppertaler-immanuelskirche\/christina-fuchs-2\/\" border=\"0\" itemprop=\"url\"> <meta itemprop=\"width\" content=\"276\"> <meta itemprop=\"height\" content=\"207\"> <img decoding=\"async\" class=\"\" data-attachment-id=\"31632\" data-orig-file=\"https:\/\/www.jazzzeitung.de\/cms\/wp-content\/uploads\/2024\/09\/Christina-Fuchs-scaled.jpg\" data-orig-size=\"2560,1920\" data-comments-opened=\"1\" data-image-meta=\"{&quot;aperture&quot;:&quot;0&quot;,&quot;credit&quot;:&quot;&quot;,&quot;camera&quot;:&quot;&quot;,&quot;caption&quot;:&quot;&quot;,&quot;created_timestamp&quot;:&quot;0&quot;,&quot;copyright&quot;:&quot;&quot;,&quot;focal_length&quot;:&quot;0&quot;,&quot;iso&quot;:&quot;0&quot;,&quot;shutter_speed&quot;:&quot;0&quot;,&quot;title&quot;:&quot;&quot;,&quot;orientation&quot;:&quot;1&quot;}\" data-image-title=\"Christina Fuchs\" data-image-description=\"\" data-medium-file=\"https:\/\/i0.wp.com\/www.jazzzeitung.de\/cms\/wp-content\/uploads\/2024\/09\/Christina-Fuchs-scaled.jpg?fit=300%2C225&#038;ssl=1\" data-large-file=\"https:\/\/i0.wp.com\/www.jazzzeitung.de\/cms\/wp-content\/uploads\/2024\/09\/Christina-Fuchs-scaled.jpg?fit=800%2C600&#038;ssl=1\" src=\"https:\/\/i0.wp.com\/www.jazzzeitung.de\/cms\/wp-content\/uploads\/2024\/09\/Christina-Fuchs-scaled.jpg?w=276&#038;h=207&#038;ssl=1\" srcset=\"https:\/\/i0.wp.com\/www.jazzzeitung.de\/cms\/wp-content\/uploads\/2024\/09\/Christina-Fuchs-scaled.jpg?w=2560&amp;ssl=1 2560w, https:\/\/i0.wp.com\/www.jazzzeitung.de\/cms\/wp-content\/uploads\/2024\/09\/Christina-Fuchs-scaled.jpg?resize=300%2C225&amp;ssl=1 300w, https:\/\/i0.wp.com\/www.jazzzeitung.de\/cms\/wp-content\/uploads\/2024\/09\/Christina-Fuchs-scaled.jpg?resize=800%2C600&amp;ssl=1 800w, https:\/\/i0.wp.com\/www.jazzzeitung.de\/cms\/wp-content\/uploads\/2024\/09\/Christina-Fuchs-scaled.jpg?resize=768%2C576&amp;ssl=1 768w, https:\/\/i0.wp.com\/www.jazzzeitung.de\/cms\/wp-content\/uploads\/2024\/09\/Christina-Fuchs-scaled.jpg?resize=1536%2C1152&amp;ssl=1 1536w, https:\/\/i0.wp.com\/www.jazzzeitung.de\/cms\/wp-content\/uploads\/2024\/09\/Christina-Fuchs-scaled.jpg?resize=2048%2C1536&amp;ssl=1 2048w, https:\/\/i0.wp.com\/www.jazzzeitung.de\/cms\/wp-content\/uploads\/2024\/09\/Christina-Fuchs-scaled.jpg?resize=1320%2C990&amp;ssl=1 1320w, https:\/\/i0.wp.com\/www.jazzzeitung.de\/cms\/wp-content\/uploads\/2024\/09\/Christina-Fuchs-scaled.jpg?w=1680&amp;ssl=1 1680w\" width=\"276\" height=\"207\" loading=\"lazy\" data-original-width=\"276\" data-original-height=\"207\" itemprop=\"http:\/\/schema.org\/image\" title=\"Christina Fuchs\" alt=\"Christina Fuchs\" style=\"width: 276px; height: 207px;\" \/> <\/a> <\/div> <\/div> <!-- close group --> <div class=\"gallery-group images-1\" style=\"width: 280px; height: 211px;\" data-original-width=\"280\" data-original-height=\"211\" > <div class=\"tiled-gallery-item tiled-gallery-item-large\" itemprop=\"associatedMedia\" itemscope itemtype=\"http:\/\/schema.org\/ImageObject\"> <a href=\"https:\/\/www.jazzzeitung.de\/cms\/2024\/09\/fuchsthone-jazz-orchestra-in-der-wuppertaler-immanuelskirche\/claudia-schmitz\/\" border=\"0\" itemprop=\"url\"> <meta itemprop=\"width\" content=\"276\"> <meta itemprop=\"height\" content=\"207\"> <img decoding=\"async\" class=\"\" data-attachment-id=\"31633\" data-orig-file=\"https:\/\/www.jazzzeitung.de\/cms\/wp-content\/uploads\/2024\/09\/Claudia-Schmitz-scaled.jpg\" data-orig-size=\"2560,1920\" data-comments-opened=\"1\" data-image-meta=\"{&quot;aperture&quot;:&quot;0&quot;,&quot;credit&quot;:&quot;&quot;,&quot;camera&quot;:&quot;&quot;,&quot;caption&quot;:&quot;&quot;,&quot;created_timestamp&quot;:&quot;0&quot;,&quot;copyright&quot;:&quot;&quot;,&quot;focal_length&quot;:&quot;0&quot;,&quot;iso&quot;:&quot;0&quot;,&quot;shutter_speed&quot;:&quot;0&quot;,&quot;title&quot;:&quot;&quot;,&quot;orientation&quot;:&quot;0&quot;}\" data-image-title=\"Claudia Schmitz\" data-image-description=\"\" data-medium-file=\"https:\/\/i0.wp.com\/www.jazzzeitung.de\/cms\/wp-content\/uploads\/2024\/09\/Claudia-Schmitz-scaled.jpg?fit=300%2C225&#038;ssl=1\" data-large-file=\"https:\/\/i0.wp.com\/www.jazzzeitung.de\/cms\/wp-content\/uploads\/2024\/09\/Claudia-Schmitz-scaled.jpg?fit=800%2C600&#038;ssl=1\" src=\"https:\/\/i0.wp.com\/www.jazzzeitung.de\/cms\/wp-content\/uploads\/2024\/09\/Claudia-Schmitz-scaled.jpg?w=276&#038;h=207&#038;ssl=1\" srcset=\"https:\/\/i0.wp.com\/www.jazzzeitung.de\/cms\/wp-content\/uploads\/2024\/09\/Claudia-Schmitz-scaled.jpg?w=2560&amp;ssl=1 2560w, https:\/\/i0.wp.com\/www.jazzzeitung.de\/cms\/wp-content\/uploads\/2024\/09\/Claudia-Schmitz-scaled.jpg?resize=300%2C225&amp;ssl=1 300w, https:\/\/i0.wp.com\/www.jazzzeitung.de\/cms\/wp-content\/uploads\/2024\/09\/Claudia-Schmitz-scaled.jpg?resize=800%2C600&amp;ssl=1 800w, https:\/\/i0.wp.com\/www.jazzzeitung.de\/cms\/wp-content\/uploads\/2024\/09\/Claudia-Schmitz-scaled.jpg?resize=768%2C576&amp;ssl=1 768w, https:\/\/i0.wp.com\/www.jazzzeitung.de\/cms\/wp-content\/uploads\/2024\/09\/Claudia-Schmitz-scaled.jpg?resize=1536%2C1152&amp;ssl=1 1536w, https:\/\/i0.wp.com\/www.jazzzeitung.de\/cms\/wp-content\/uploads\/2024\/09\/Claudia-Schmitz-scaled.jpg?resize=2048%2C1536&amp;ssl=1 2048w, https:\/\/i0.wp.com\/www.jazzzeitung.de\/cms\/wp-content\/uploads\/2024\/09\/Claudia-Schmitz-scaled.jpg?resize=1320%2C990&amp;ssl=1 1320w, https:\/\/i0.wp.com\/www.jazzzeitung.de\/cms\/wp-content\/uploads\/2024\/09\/Claudia-Schmitz-scaled.jpg?w=1680&amp;ssl=1 1680w\" width=\"276\" height=\"207\" loading=\"lazy\" data-original-width=\"276\" data-original-height=\"207\" itemprop=\"http:\/\/schema.org\/image\" title=\"Claudia Schmitz\" alt=\"Claudia Schmitz\" style=\"width: 276px; height: 207px;\" \/> <\/a> <\/div> <\/div> <!-- close group --> <div class=\"gallery-group images-1\" style=\"width: 280px; height: 211px;\" data-original-width=\"280\" data-original-height=\"211\" > <div class=\"tiled-gallery-item tiled-gallery-item-large\" itemprop=\"associatedMedia\" itemscope itemtype=\"http:\/\/schema.org\/ImageObject\"> <a href=\"https:\/\/www.jazzzeitung.de\/cms\/2024\/09\/fuchsthone-jazz-orchestra-in-der-wuppertaler-immanuelskirche\/dsc03112\/\" border=\"0\" itemprop=\"url\"> <meta itemprop=\"width\" content=\"276\"> <meta itemprop=\"height\" content=\"207\"> <img decoding=\"async\" class=\"\" data-attachment-id=\"31634\" data-orig-file=\"https:\/\/www.jazzzeitung.de\/cms\/wp-content\/uploads\/2024\/09\/DSC03112-scaled.jpg\" data-orig-size=\"2560,1920\" data-comments-opened=\"1\" data-image-meta=\"{&quot;aperture&quot;:&quot;0&quot;,&quot;credit&quot;:&quot;&quot;,&quot;camera&quot;:&quot;&quot;,&quot;caption&quot;:&quot;&quot;,&quot;created_timestamp&quot;:&quot;0&quot;,&quot;copyright&quot;:&quot;&quot;,&quot;focal_length&quot;:&quot;0&quot;,&quot;iso&quot;:&quot;0&quot;,&quot;shutter_speed&quot;:&quot;0&quot;,&quot;title&quot;:&quot;&quot;,&quot;orientation&quot;:&quot;0&quot;}\" data-image-title=\"DSC03112\" data-image-description=\"\" data-medium-file=\"https:\/\/i0.wp.com\/www.jazzzeitung.de\/cms\/wp-content\/uploads\/2024\/09\/DSC03112-scaled.jpg?fit=300%2C225&#038;ssl=1\" data-large-file=\"https:\/\/i0.wp.com\/www.jazzzeitung.de\/cms\/wp-content\/uploads\/2024\/09\/DSC03112-scaled.jpg?fit=800%2C600&#038;ssl=1\" src=\"https:\/\/i0.wp.com\/www.jazzzeitung.de\/cms\/wp-content\/uploads\/2024\/09\/DSC03112-scaled.jpg?w=276&#038;h=207&#038;ssl=1\" srcset=\"https:\/\/i0.wp.com\/www.jazzzeitung.de\/cms\/wp-content\/uploads\/2024\/09\/DSC03112-scaled.jpg?w=2560&amp;ssl=1 2560w, https:\/\/i0.wp.com\/www.jazzzeitung.de\/cms\/wp-content\/uploads\/2024\/09\/DSC03112-scaled.jpg?resize=300%2C225&amp;ssl=1 300w, https:\/\/i0.wp.com\/www.jazzzeitung.de\/cms\/wp-content\/uploads\/2024\/09\/DSC03112-scaled.jpg?resize=800%2C600&amp;ssl=1 800w, https:\/\/i0.wp.com\/www.jazzzeitung.de\/cms\/wp-content\/uploads\/2024\/09\/DSC03112-scaled.jpg?resize=768%2C576&amp;ssl=1 768w, https:\/\/i0.wp.com\/www.jazzzeitung.de\/cms\/wp-content\/uploads\/2024\/09\/DSC03112-scaled.jpg?resize=1536%2C1152&amp;ssl=1 1536w, https:\/\/i0.wp.com\/www.jazzzeitung.de\/cms\/wp-content\/uploads\/2024\/09\/DSC03112-scaled.jpg?resize=2048%2C1536&amp;ssl=1 2048w, https:\/\/i0.wp.com\/www.jazzzeitung.de\/cms\/wp-content\/uploads\/2024\/09\/DSC03112-scaled.jpg?resize=1320%2C990&amp;ssl=1 1320w, https:\/\/i0.wp.com\/www.jazzzeitung.de\/cms\/wp-content\/uploads\/2024\/09\/DSC03112-scaled.jpg?w=1680&amp;ssl=1 1680w\" width=\"276\" height=\"207\" loading=\"lazy\" data-original-width=\"276\" data-original-height=\"207\" itemprop=\"http:\/\/schema.org\/image\" title=\"DSC03112\" alt=\"DSC03112\" style=\"width: 276px; height: 207px;\" \/> <\/a> <\/div> <\/div> <!-- close group --> <\/div> <!-- close row --> <div class=\"gallery-row\" style=\"width: 840px; height: 421px;\" data-original-width=\"840\" data-original-height=\"421\" > <div class=\"gallery-group images-2\" style=\"width: 280px; height: 421px;\" data-original-width=\"280\" data-original-height=\"421\" > <div class=\"tiled-gallery-item tiled-gallery-item-large\" itemprop=\"associatedMedia\" itemscope itemtype=\"http:\/\/schema.org\/ImageObject\"> <a href=\"https:\/\/www.jazzzeitung.de\/cms\/2024\/09\/fuchsthone-jazz-orchestra-in-der-wuppertaler-immanuelskirche\/dsc03150\/\" border=\"0\" itemprop=\"url\"> <meta itemprop=\"width\" content=\"276\"> <meta itemprop=\"height\" content=\"207\"> <img decoding=\"async\" class=\"\" data-attachment-id=\"31635\" data-orig-file=\"https:\/\/www.jazzzeitung.de\/cms\/wp-content\/uploads\/2024\/09\/DSC03150-scaled.jpg\" data-orig-size=\"2560,1920\" data-comments-opened=\"1\" data-image-meta=\"{&quot;aperture&quot;:&quot;0&quot;,&quot;credit&quot;:&quot;&quot;,&quot;camera&quot;:&quot;&quot;,&quot;caption&quot;:&quot;&quot;,&quot;created_timestamp&quot;:&quot;0&quot;,&quot;copyright&quot;:&quot;&quot;,&quot;focal_length&quot;:&quot;0&quot;,&quot;iso&quot;:&quot;0&quot;,&quot;shutter_speed&quot;:&quot;0&quot;,&quot;title&quot;:&quot;&quot;,&quot;orientation&quot;:&quot;0&quot;}\" data-image-title=\"DSC03150\" data-image-description=\"\" data-medium-file=\"https:\/\/i0.wp.com\/www.jazzzeitung.de\/cms\/wp-content\/uploads\/2024\/09\/DSC03150-scaled.jpg?fit=300%2C225&#038;ssl=1\" data-large-file=\"https:\/\/i0.wp.com\/www.jazzzeitung.de\/cms\/wp-content\/uploads\/2024\/09\/DSC03150-scaled.jpg?fit=800%2C600&#038;ssl=1\" src=\"https:\/\/i0.wp.com\/www.jazzzeitung.de\/cms\/wp-content\/uploads\/2024\/09\/DSC03150-scaled.jpg?w=276&#038;h=207&#038;ssl=1\" srcset=\"https:\/\/i0.wp.com\/www.jazzzeitung.de\/cms\/wp-content\/uploads\/2024\/09\/DSC03150-scaled.jpg?w=2560&amp;ssl=1 2560w, https:\/\/i0.wp.com\/www.jazzzeitung.de\/cms\/wp-content\/uploads\/2024\/09\/DSC03150-scaled.jpg?resize=300%2C225&amp;ssl=1 300w, https:\/\/i0.wp.com\/www.jazzzeitung.de\/cms\/wp-content\/uploads\/2024\/09\/DSC03150-scaled.jpg?resize=800%2C600&amp;ssl=1 800w, https:\/\/i0.wp.com\/www.jazzzeitung.de\/cms\/wp-content\/uploads\/2024\/09\/DSC03150-scaled.jpg?resize=768%2C576&amp;ssl=1 768w, https:\/\/i0.wp.com\/www.jazzzeitung.de\/cms\/wp-content\/uploads\/2024\/09\/DSC03150-scaled.jpg?resize=1536%2C1152&amp;ssl=1 1536w, https:\/\/i0.wp.com\/www.jazzzeitung.de\/cms\/wp-content\/uploads\/2024\/09\/DSC03150-scaled.jpg?resize=2048%2C1536&amp;ssl=1 2048w, https:\/\/i0.wp.com\/www.jazzzeitung.de\/cms\/wp-content\/uploads\/2024\/09\/DSC03150-scaled.jpg?resize=1320%2C990&amp;ssl=1 1320w, https:\/\/i0.wp.com\/www.jazzzeitung.de\/cms\/wp-content\/uploads\/2024\/09\/DSC03150-scaled.jpg?w=1680&amp;ssl=1 1680w\" width=\"276\" height=\"207\" loading=\"lazy\" data-original-width=\"276\" data-original-height=\"207\" itemprop=\"http:\/\/schema.org\/image\" title=\"DSC03150\" alt=\"DSC03150\" style=\"width: 276px; height: 207px;\" \/> <\/a> <\/div> <div class=\"tiled-gallery-item tiled-gallery-item-large\" itemprop=\"associatedMedia\" itemscope itemtype=\"http:\/\/schema.org\/ImageObject\"> <a href=\"https:\/\/www.jazzzeitung.de\/cms\/2024\/09\/fuchsthone-jazz-orchestra-in-der-wuppertaler-immanuelskirche\/dsc03161\/\" border=\"0\" itemprop=\"url\"> <meta itemprop=\"width\" content=\"276\"> <meta itemprop=\"height\" content=\"206\"> <img decoding=\"async\" class=\"\" data-attachment-id=\"31636\" data-orig-file=\"https:\/\/www.jazzzeitung.de\/cms\/wp-content\/uploads\/2024\/09\/DSC03161-scaled.jpg\" data-orig-size=\"2560,1920\" data-comments-opened=\"1\" data-image-meta=\"{&quot;aperture&quot;:&quot;0&quot;,&quot;credit&quot;:&quot;&quot;,&quot;camera&quot;:&quot;&quot;,&quot;caption&quot;:&quot;&quot;,&quot;created_timestamp&quot;:&quot;0&quot;,&quot;copyright&quot;:&quot;&quot;,&quot;focal_length&quot;:&quot;0&quot;,&quot;iso&quot;:&quot;0&quot;,&quot;shutter_speed&quot;:&quot;0&quot;,&quot;title&quot;:&quot;&quot;,&quot;orientation&quot;:&quot;0&quot;}\" data-image-title=\"DSC03161\" data-image-description=\"\" data-medium-file=\"https:\/\/i0.wp.com\/www.jazzzeitung.de\/cms\/wp-content\/uploads\/2024\/09\/DSC03161-scaled.jpg?fit=300%2C225&#038;ssl=1\" data-large-file=\"https:\/\/i0.wp.com\/www.jazzzeitung.de\/cms\/wp-content\/uploads\/2024\/09\/DSC03161-scaled.jpg?fit=800%2C600&#038;ssl=1\" src=\"https:\/\/i0.wp.com\/www.jazzzeitung.de\/cms\/wp-content\/uploads\/2024\/09\/DSC03161-scaled.jpg?w=276&#038;h=206&#038;ssl=1\" srcset=\"https:\/\/i0.wp.com\/www.jazzzeitung.de\/cms\/wp-content\/uploads\/2024\/09\/DSC03161-scaled.jpg?w=2560&amp;ssl=1 2560w, https:\/\/i0.wp.com\/www.jazzzeitung.de\/cms\/wp-content\/uploads\/2024\/09\/DSC03161-scaled.jpg?resize=300%2C225&amp;ssl=1 300w, https:\/\/i0.wp.com\/www.jazzzeitung.de\/cms\/wp-content\/uploads\/2024\/09\/DSC03161-scaled.jpg?resize=800%2C600&amp;ssl=1 800w, https:\/\/i0.wp.com\/www.jazzzeitung.de\/cms\/wp-content\/uploads\/2024\/09\/DSC03161-scaled.jpg?resize=768%2C576&amp;ssl=1 768w, https:\/\/i0.wp.com\/www.jazzzeitung.de\/cms\/wp-content\/uploads\/2024\/09\/DSC03161-scaled.jpg?resize=1536%2C1152&amp;ssl=1 1536w, https:\/\/i0.wp.com\/www.jazzzeitung.de\/cms\/wp-content\/uploads\/2024\/09\/DSC03161-scaled.jpg?resize=2048%2C1536&amp;ssl=1 2048w, https:\/\/i0.wp.com\/www.jazzzeitung.de\/cms\/wp-content\/uploads\/2024\/09\/DSC03161-scaled.jpg?resize=1320%2C990&amp;ssl=1 1320w, https:\/\/i0.wp.com\/www.jazzzeitung.de\/cms\/wp-content\/uploads\/2024\/09\/DSC03161-scaled.jpg?w=1680&amp;ssl=1 1680w\" width=\"276\" height=\"206\" loading=\"lazy\" data-original-width=\"276\" data-original-height=\"206\" itemprop=\"http:\/\/schema.org\/image\" title=\"DSC03161\" alt=\"DSC03161\" style=\"width: 276px; height: 206px;\" \/> <\/a> <\/div> <\/div> <!-- close group --> <div class=\"gallery-group images-1\" style=\"width: 560px; height: 421px;\" data-original-width=\"560\" data-original-height=\"421\" > <div class=\"tiled-gallery-item tiled-gallery-item-large\" itemprop=\"associatedMedia\" itemscope itemtype=\"http:\/\/schema.org\/ImageObject\"> <a href=\"https:\/\/www.jazzzeitung.de\/cms\/2024\/09\/fuchsthone-jazz-orchestra-in-der-wuppertaler-immanuelskirche\/dsc03166\/\" border=\"0\" itemprop=\"url\"> <meta itemprop=\"width\" content=\"556\"> <meta itemprop=\"height\" content=\"417\"> <img decoding=\"async\" class=\"\" data-attachment-id=\"31637\" data-orig-file=\"https:\/\/www.jazzzeitung.de\/cms\/wp-content\/uploads\/2024\/09\/DSC03166-scaled.jpg\" data-orig-size=\"2560,1920\" data-comments-opened=\"1\" data-image-meta=\"{&quot;aperture&quot;:&quot;0&quot;,&quot;credit&quot;:&quot;&quot;,&quot;camera&quot;:&quot;&quot;,&quot;caption&quot;:&quot;&quot;,&quot;created_timestamp&quot;:&quot;0&quot;,&quot;copyright&quot;:&quot;&quot;,&quot;focal_length&quot;:&quot;0&quot;,&quot;iso&quot;:&quot;0&quot;,&quot;shutter_speed&quot;:&quot;0&quot;,&quot;title&quot;:&quot;&quot;,&quot;orientation&quot;:&quot;0&quot;}\" data-image-title=\"DSC03166\" data-image-description=\"\" data-medium-file=\"https:\/\/i0.wp.com\/www.jazzzeitung.de\/cms\/wp-content\/uploads\/2024\/09\/DSC03166-scaled.jpg?fit=300%2C225&#038;ssl=1\" data-large-file=\"https:\/\/i0.wp.com\/www.jazzzeitung.de\/cms\/wp-content\/uploads\/2024\/09\/DSC03166-scaled.jpg?fit=800%2C600&#038;ssl=1\" src=\"https:\/\/i0.wp.com\/www.jazzzeitung.de\/cms\/wp-content\/uploads\/2024\/09\/DSC03166-scaled.jpg?w=556&#038;h=417&#038;ssl=1\" srcset=\"https:\/\/i0.wp.com\/www.jazzzeitung.de\/cms\/wp-content\/uploads\/2024\/09\/DSC03166-scaled.jpg?w=2560&amp;ssl=1 2560w, https:\/\/i0.wp.com\/www.jazzzeitung.de\/cms\/wp-content\/uploads\/2024\/09\/DSC03166-scaled.jpg?resize=300%2C225&amp;ssl=1 300w, https:\/\/i0.wp.com\/www.jazzzeitung.de\/cms\/wp-content\/uploads\/2024\/09\/DSC03166-scaled.jpg?resize=800%2C600&amp;ssl=1 800w, https:\/\/i0.wp.com\/www.jazzzeitung.de\/cms\/wp-content\/uploads\/2024\/09\/DSC03166-scaled.jpg?resize=768%2C576&amp;ssl=1 768w, https:\/\/i0.wp.com\/www.jazzzeitung.de\/cms\/wp-content\/uploads\/2024\/09\/DSC03166-scaled.jpg?resize=1536%2C1152&amp;ssl=1 1536w, https:\/\/i0.wp.com\/www.jazzzeitung.de\/cms\/wp-content\/uploads\/2024\/09\/DSC03166-scaled.jpg?resize=2048%2C1536&amp;ssl=1 2048w, https:\/\/i0.wp.com\/www.jazzzeitung.de\/cms\/wp-content\/uploads\/2024\/09\/DSC03166-scaled.jpg?resize=1320%2C990&amp;ssl=1 1320w, https:\/\/i0.wp.com\/www.jazzzeitung.de\/cms\/wp-content\/uploads\/2024\/09\/DSC03166-scaled.jpg?w=1680&amp;ssl=1 1680w\" width=\"556\" height=\"417\" loading=\"lazy\" data-original-width=\"556\" data-original-height=\"417\" itemprop=\"http:\/\/schema.org\/image\" title=\"DSC03166\" alt=\"DSC03166\" style=\"width: 556px; height: 417px;\" \/> <\/a> <\/div> <\/div> <!-- close group --> <\/div> <!-- close row --> <div class=\"gallery-row\" style=\"width: 840px; height: 316px;\" data-original-width=\"840\" data-original-height=\"316\" > <div class=\"gallery-group images-1\" style=\"width: 420px; height: 316px;\" data-original-width=\"420\" data-original-height=\"316\" > <div class=\"tiled-gallery-item tiled-gallery-item-large\" itemprop=\"associatedMedia\" itemscope itemtype=\"http:\/\/schema.org\/ImageObject\"> <a href=\"https:\/\/www.jazzzeitung.de\/cms\/2024\/09\/fuchsthone-jazz-orchestra-in-der-wuppertaler-immanuelskirche\/dsc03170\/\" border=\"0\" itemprop=\"url\"> <meta itemprop=\"width\" content=\"416\"> <meta itemprop=\"height\" content=\"312\"> <img decoding=\"async\" class=\"\" data-attachment-id=\"31638\" data-orig-file=\"https:\/\/www.jazzzeitung.de\/cms\/wp-content\/uploads\/2024\/09\/DSC03170-scaled.jpg\" data-orig-size=\"2560,1920\" data-comments-opened=\"1\" data-image-meta=\"{&quot;aperture&quot;:&quot;0&quot;,&quot;credit&quot;:&quot;&quot;,&quot;camera&quot;:&quot;&quot;,&quot;caption&quot;:&quot;&quot;,&quot;created_timestamp&quot;:&quot;0&quot;,&quot;copyright&quot;:&quot;&quot;,&quot;focal_length&quot;:&quot;0&quot;,&quot;iso&quot;:&quot;0&quot;,&quot;shutter_speed&quot;:&quot;0&quot;,&quot;title&quot;:&quot;&quot;,&quot;orientation&quot;:&quot;0&quot;}\" data-image-title=\"DSC03170\" data-image-description=\"\" data-medium-file=\"https:\/\/i0.wp.com\/www.jazzzeitung.de\/cms\/wp-content\/uploads\/2024\/09\/DSC03170-scaled.jpg?fit=300%2C225&#038;ssl=1\" data-large-file=\"https:\/\/i0.wp.com\/www.jazzzeitung.de\/cms\/wp-content\/uploads\/2024\/09\/DSC03170-scaled.jpg?fit=800%2C600&#038;ssl=1\" src=\"https:\/\/i0.wp.com\/www.jazzzeitung.de\/cms\/wp-content\/uploads\/2024\/09\/DSC03170-scaled.jpg?w=416&#038;h=312&#038;ssl=1\" srcset=\"https:\/\/i0.wp.com\/www.jazzzeitung.de\/cms\/wp-content\/uploads\/2024\/09\/DSC03170-scaled.jpg?w=2560&amp;ssl=1 2560w, https:\/\/i0.wp.com\/www.jazzzeitung.de\/cms\/wp-content\/uploads\/2024\/09\/DSC03170-scaled.jpg?resize=300%2C225&amp;ssl=1 300w, https:\/\/i0.wp.com\/www.jazzzeitung.de\/cms\/wp-content\/uploads\/2024\/09\/DSC03170-scaled.jpg?resize=800%2C600&amp;ssl=1 800w, https:\/\/i0.wp.com\/www.jazzzeitung.de\/cms\/wp-content\/uploads\/2024\/09\/DSC03170-scaled.jpg?resize=768%2C576&amp;ssl=1 768w, https:\/\/i0.wp.com\/www.jazzzeitung.de\/cms\/wp-content\/uploads\/2024\/09\/DSC03170-scaled.jpg?resize=1536%2C1152&amp;ssl=1 1536w, https:\/\/i0.wp.com\/www.jazzzeitung.de\/cms\/wp-content\/uploads\/2024\/09\/DSC03170-scaled.jpg?resize=2048%2C1536&amp;ssl=1 2048w, https:\/\/i0.wp.com\/www.jazzzeitung.de\/cms\/wp-content\/uploads\/2024\/09\/DSC03170-scaled.jpg?resize=1320%2C990&amp;ssl=1 1320w, https:\/\/i0.wp.com\/www.jazzzeitung.de\/cms\/wp-content\/uploads\/2024\/09\/DSC03170-scaled.jpg?w=1680&amp;ssl=1 1680w\" width=\"416\" height=\"312\" loading=\"lazy\" data-original-width=\"416\" data-original-height=\"312\" itemprop=\"http:\/\/schema.org\/image\" title=\"DSC03170\" alt=\"DSC03170\" style=\"width: 416px; height: 312px;\" \/> <\/a> <\/div> <\/div> <!-- close group --> <div class=\"gallery-group images-1\" style=\"width: 420px; height: 316px;\" data-original-width=\"420\" data-original-height=\"316\" > <div class=\"tiled-gallery-item tiled-gallery-item-large\" itemprop=\"associatedMedia\" itemscope itemtype=\"http:\/\/schema.org\/ImageObject\"> <a href=\"https:\/\/www.jazzzeitung.de\/cms\/2024\/09\/fuchsthone-jazz-orchestra-in-der-wuppertaler-immanuelskirche\/dsc03179\/\" border=\"0\" itemprop=\"url\"> <meta itemprop=\"width\" content=\"416\"> <meta itemprop=\"height\" content=\"312\"> <img decoding=\"async\" class=\"\" data-attachment-id=\"31639\" data-orig-file=\"https:\/\/www.jazzzeitung.de\/cms\/wp-content\/uploads\/2024\/09\/DSC03179-scaled.jpg\" data-orig-size=\"2560,1920\" data-comments-opened=\"1\" data-image-meta=\"{&quot;aperture&quot;:&quot;0&quot;,&quot;credit&quot;:&quot;&quot;,&quot;camera&quot;:&quot;&quot;,&quot;caption&quot;:&quot;&quot;,&quot;created_timestamp&quot;:&quot;0&quot;,&quot;copyright&quot;:&quot;&quot;,&quot;focal_length&quot;:&quot;0&quot;,&quot;iso&quot;:&quot;0&quot;,&quot;shutter_speed&quot;:&quot;0&quot;,&quot;title&quot;:&quot;&quot;,&quot;orientation&quot;:&quot;0&quot;}\" data-image-title=\"DSC03179\" data-image-description=\"\" data-medium-file=\"https:\/\/i0.wp.com\/www.jazzzeitung.de\/cms\/wp-content\/uploads\/2024\/09\/DSC03179-scaled.jpg?fit=300%2C225&#038;ssl=1\" data-large-file=\"https:\/\/i0.wp.com\/www.jazzzeitung.de\/cms\/wp-content\/uploads\/2024\/09\/DSC03179-scaled.jpg?fit=800%2C600&#038;ssl=1\" src=\"https:\/\/i0.wp.com\/www.jazzzeitung.de\/cms\/wp-content\/uploads\/2024\/09\/DSC03179-scaled.jpg?w=416&#038;h=312&#038;ssl=1\" srcset=\"https:\/\/i0.wp.com\/www.jazzzeitung.de\/cms\/wp-content\/uploads\/2024\/09\/DSC03179-scaled.jpg?w=2560&amp;ssl=1 2560w, https:\/\/i0.wp.com\/www.jazzzeitung.de\/cms\/wp-content\/uploads\/2024\/09\/DSC03179-scaled.jpg?resize=300%2C225&amp;ssl=1 300w, https:\/\/i0.wp.com\/www.jazzzeitung.de\/cms\/wp-content\/uploads\/2024\/09\/DSC03179-scaled.jpg?resize=800%2C600&amp;ssl=1 800w, https:\/\/i0.wp.com\/www.jazzzeitung.de\/cms\/wp-content\/uploads\/2024\/09\/DSC03179-scaled.jpg?resize=768%2C576&amp;ssl=1 768w, https:\/\/i0.wp.com\/www.jazzzeitung.de\/cms\/wp-content\/uploads\/2024\/09\/DSC03179-scaled.jpg?resize=1536%2C1152&amp;ssl=1 1536w, https:\/\/i0.wp.com\/www.jazzzeitung.de\/cms\/wp-content\/uploads\/2024\/09\/DSC03179-scaled.jpg?resize=2048%2C1536&amp;ssl=1 2048w, https:\/\/i0.wp.com\/www.jazzzeitung.de\/cms\/wp-content\/uploads\/2024\/09\/DSC03179-scaled.jpg?resize=1320%2C990&amp;ssl=1 1320w, https:\/\/i0.wp.com\/www.jazzzeitung.de\/cms\/wp-content\/uploads\/2024\/09\/DSC03179-scaled.jpg?w=1680&amp;ssl=1 1680w\" width=\"416\" height=\"312\" loading=\"lazy\" data-original-width=\"416\" data-original-height=\"312\" itemprop=\"http:\/\/schema.org\/image\" title=\"DSC03179\" alt=\"DSC03179\" style=\"width: 416px; height: 312px;\" \/> <\/a> <\/div> <\/div> <!-- close group --> <\/div> <!-- close row --> <div class=\"gallery-row\" style=\"width: 840px; height: 704px;\" data-original-width=\"840\" data-original-height=\"704\" > <div class=\"gallery-group images-1\" style=\"width: 529px; height: 704px;\" data-original-width=\"529\" data-original-height=\"704\" > <div class=\"tiled-gallery-item tiled-gallery-item-large\" itemprop=\"associatedMedia\" itemscope itemtype=\"http:\/\/schema.org\/ImageObject\"> <a href=\"https:\/\/www.jazzzeitung.de\/cms\/2024\/09\/fuchsthone-jazz-orchestra-in-der-wuppertaler-immanuelskirche\/dsc03185\/\" border=\"0\" itemprop=\"url\"> <meta itemprop=\"width\" content=\"525\"> <meta itemprop=\"height\" content=\"700\"> <img decoding=\"async\" class=\"\" data-attachment-id=\"31640\" data-orig-file=\"https:\/\/www.jazzzeitung.de\/cms\/wp-content\/uploads\/2024\/09\/DSC03185-scaled.jpg\" data-orig-size=\"1920,2560\" data-comments-opened=\"1\" data-image-meta=\"{&quot;aperture&quot;:&quot;0&quot;,&quot;credit&quot;:&quot;&quot;,&quot;camera&quot;:&quot;&quot;,&quot;caption&quot;:&quot;&quot;,&quot;created_timestamp&quot;:&quot;0&quot;,&quot;copyright&quot;:&quot;&quot;,&quot;focal_length&quot;:&quot;0&quot;,&quot;iso&quot;:&quot;0&quot;,&quot;shutter_speed&quot;:&quot;0&quot;,&quot;title&quot;:&quot;&quot;,&quot;orientation&quot;:&quot;0&quot;}\" data-image-title=\"DSC03185\" data-image-description=\"\" data-medium-file=\"https:\/\/i0.wp.com\/www.jazzzeitung.de\/cms\/wp-content\/uploads\/2024\/09\/DSC03185-scaled.jpg?fit=225%2C300&#038;ssl=1\" data-large-file=\"https:\/\/i0.wp.com\/www.jazzzeitung.de\/cms\/wp-content\/uploads\/2024\/09\/DSC03185-scaled.jpg?fit=450%2C600&#038;ssl=1\" src=\"https:\/\/i0.wp.com\/www.jazzzeitung.de\/cms\/wp-content\/uploads\/2024\/09\/DSC03185-scaled.jpg?w=525&#038;h=700&#038;ssl=1\" srcset=\"https:\/\/i0.wp.com\/www.jazzzeitung.de\/cms\/wp-content\/uploads\/2024\/09\/DSC03185-scaled.jpg?w=1920&amp;ssl=1 1920w, https:\/\/i0.wp.com\/www.jazzzeitung.de\/cms\/wp-content\/uploads\/2024\/09\/DSC03185-scaled.jpg?resize=225%2C300&amp;ssl=1 225w, https:\/\/i0.wp.com\/www.jazzzeitung.de\/cms\/wp-content\/uploads\/2024\/09\/DSC03185-scaled.jpg?resize=450%2C600&amp;ssl=1 450w, https:\/\/i0.wp.com\/www.jazzzeitung.de\/cms\/wp-content\/uploads\/2024\/09\/DSC03185-scaled.jpg?resize=768%2C1024&amp;ssl=1 768w, https:\/\/i0.wp.com\/www.jazzzeitung.de\/cms\/wp-content\/uploads\/2024\/09\/DSC03185-scaled.jpg?resize=1152%2C1536&amp;ssl=1 1152w, https:\/\/i0.wp.com\/www.jazzzeitung.de\/cms\/wp-content\/uploads\/2024\/09\/DSC03185-scaled.jpg?resize=1536%2C2048&amp;ssl=1 1536w, https:\/\/i0.wp.com\/www.jazzzeitung.de\/cms\/wp-content\/uploads\/2024\/09\/DSC03185-scaled.jpg?resize=1320%2C1760&amp;ssl=1 1320w, https:\/\/i0.wp.com\/www.jazzzeitung.de\/cms\/wp-content\/uploads\/2024\/09\/DSC03185-scaled.jpg?w=1680&amp;ssl=1 1680w\" width=\"525\" height=\"700\" loading=\"lazy\" data-original-width=\"525\" data-original-height=\"700\" itemprop=\"http:\/\/schema.org\/image\" title=\"DSC03185\" alt=\"DSC03185\" style=\"width: 525px; height: 700px;\" \/> <\/a> <\/div> <\/div> <!-- close group --> <div class=\"gallery-group images-3\" style=\"width: 311px; height: 704px;\" data-original-width=\"311\" data-original-height=\"704\" > <div class=\"tiled-gallery-item tiled-gallery-item-large\" itemprop=\"associatedMedia\" itemscope itemtype=\"http:\/\/schema.org\/ImageObject\"> <a href=\"https:\/\/www.jazzzeitung.de\/cms\/2024\/09\/fuchsthone-jazz-orchestra-in-der-wuppertaler-immanuelskirche\/dsc03189\/\" border=\"0\" itemprop=\"url\"> <meta itemprop=\"width\" content=\"307\"> <meta itemprop=\"height\" content=\"231\"> <img decoding=\"async\" class=\"\" data-attachment-id=\"31641\" data-orig-file=\"https:\/\/www.jazzzeitung.de\/cms\/wp-content\/uploads\/2024\/09\/DSC03189-scaled.jpg\" data-orig-size=\"2560,1920\" data-comments-opened=\"1\" data-image-meta=\"{&quot;aperture&quot;:&quot;0&quot;,&quot;credit&quot;:&quot;&quot;,&quot;camera&quot;:&quot;&quot;,&quot;caption&quot;:&quot;&quot;,&quot;created_timestamp&quot;:&quot;0&quot;,&quot;copyright&quot;:&quot;&quot;,&quot;focal_length&quot;:&quot;0&quot;,&quot;iso&quot;:&quot;0&quot;,&quot;shutter_speed&quot;:&quot;0&quot;,&quot;title&quot;:&quot;&quot;,&quot;orientation&quot;:&quot;0&quot;}\" data-image-title=\"DSC03189\" data-image-description=\"\" data-medium-file=\"https:\/\/i0.wp.com\/www.jazzzeitung.de\/cms\/wp-content\/uploads\/2024\/09\/DSC03189-scaled.jpg?fit=300%2C225&#038;ssl=1\" data-large-file=\"https:\/\/i0.wp.com\/www.jazzzeitung.de\/cms\/wp-content\/uploads\/2024\/09\/DSC03189-scaled.jpg?fit=800%2C600&#038;ssl=1\" src=\"https:\/\/i0.wp.com\/www.jazzzeitung.de\/cms\/wp-content\/uploads\/2024\/09\/DSC03189-scaled.jpg?w=307&#038;h=231&#038;ssl=1\" srcset=\"https:\/\/i0.wp.com\/www.jazzzeitung.de\/cms\/wp-content\/uploads\/2024\/09\/DSC03189-scaled.jpg?w=2560&amp;ssl=1 2560w, https:\/\/i0.wp.com\/www.jazzzeitung.de\/cms\/wp-content\/uploads\/2024\/09\/DSC03189-scaled.jpg?resize=300%2C225&amp;ssl=1 300w, https:\/\/i0.wp.com\/www.jazzzeitung.de\/cms\/wp-content\/uploads\/2024\/09\/DSC03189-scaled.jpg?resize=800%2C600&amp;ssl=1 800w, https:\/\/i0.wp.com\/www.jazzzeitung.de\/cms\/wp-content\/uploads\/2024\/09\/DSC03189-scaled.jpg?resize=768%2C576&amp;ssl=1 768w, https:\/\/i0.wp.com\/www.jazzzeitung.de\/cms\/wp-content\/uploads\/2024\/09\/DSC03189-scaled.jpg?resize=1536%2C1152&amp;ssl=1 1536w, https:\/\/i0.wp.com\/www.jazzzeitung.de\/cms\/wp-content\/uploads\/2024\/09\/DSC03189-scaled.jpg?resize=2048%2C1536&amp;ssl=1 2048w, https:\/\/i0.wp.com\/www.jazzzeitung.de\/cms\/wp-content\/uploads\/2024\/09\/DSC03189-scaled.jpg?resize=1320%2C990&amp;ssl=1 1320w, https:\/\/i0.wp.com\/www.jazzzeitung.de\/cms\/wp-content\/uploads\/2024\/09\/DSC03189-scaled.jpg?w=1680&amp;ssl=1 1680w\" width=\"307\" height=\"231\" loading=\"lazy\" data-original-width=\"307\" data-original-height=\"231\" itemprop=\"http:\/\/schema.org\/image\" title=\"DSC03189\" alt=\"DSC03189\" style=\"width: 307px; height: 231px;\" \/> <\/a> <\/div> <div class=\"tiled-gallery-item tiled-gallery-item-large\" itemprop=\"associatedMedia\" itemscope itemtype=\"http:\/\/schema.org\/ImageObject\"> <a href=\"https:\/\/www.jazzzeitung.de\/cms\/2024\/09\/fuchsthone-jazz-orchestra-in-der-wuppertaler-immanuelskirche\/dsc03208\/\" border=\"0\" itemprop=\"url\"> <meta itemprop=\"width\" content=\"307\"> <meta itemprop=\"height\" content=\"231\"> <img decoding=\"async\" class=\"\" data-attachment-id=\"31642\" data-orig-file=\"https:\/\/www.jazzzeitung.de\/cms\/wp-content\/uploads\/2024\/09\/DSC03208-scaled.jpg\" data-orig-size=\"2560,1920\" data-comments-opened=\"1\" data-image-meta=\"{&quot;aperture&quot;:&quot;0&quot;,&quot;credit&quot;:&quot;&quot;,&quot;camera&quot;:&quot;&quot;,&quot;caption&quot;:&quot;&quot;,&quot;created_timestamp&quot;:&quot;0&quot;,&quot;copyright&quot;:&quot;&quot;,&quot;focal_length&quot;:&quot;0&quot;,&quot;iso&quot;:&quot;0&quot;,&quot;shutter_speed&quot;:&quot;0&quot;,&quot;title&quot;:&quot;&quot;,&quot;orientation&quot;:&quot;0&quot;}\" data-image-title=\"DSC03208\" data-image-description=\"\" data-medium-file=\"https:\/\/i0.wp.com\/www.jazzzeitung.de\/cms\/wp-content\/uploads\/2024\/09\/DSC03208-scaled.jpg?fit=300%2C225&#038;ssl=1\" data-large-file=\"https:\/\/i0.wp.com\/www.jazzzeitung.de\/cms\/wp-content\/uploads\/2024\/09\/DSC03208-scaled.jpg?fit=800%2C600&#038;ssl=1\" src=\"https:\/\/i0.wp.com\/www.jazzzeitung.de\/cms\/wp-content\/uploads\/2024\/09\/DSC03208-scaled.jpg?w=307&#038;h=231&#038;ssl=1\" srcset=\"https:\/\/i0.wp.com\/www.jazzzeitung.de\/cms\/wp-content\/uploads\/2024\/09\/DSC03208-scaled.jpg?w=2560&amp;ssl=1 2560w, https:\/\/i0.wp.com\/www.jazzzeitung.de\/cms\/wp-content\/uploads\/2024\/09\/DSC03208-scaled.jpg?resize=300%2C225&amp;ssl=1 300w, https:\/\/i0.wp.com\/www.jazzzeitung.de\/cms\/wp-content\/uploads\/2024\/09\/DSC03208-scaled.jpg?resize=800%2C600&amp;ssl=1 800w, https:\/\/i0.wp.com\/www.jazzzeitung.de\/cms\/wp-content\/uploads\/2024\/09\/DSC03208-scaled.jpg?resize=768%2C576&amp;ssl=1 768w, https:\/\/i0.wp.com\/www.jazzzeitung.de\/cms\/wp-content\/uploads\/2024\/09\/DSC03208-scaled.jpg?resize=1536%2C1152&amp;ssl=1 1536w, https:\/\/i0.wp.com\/www.jazzzeitung.de\/cms\/wp-content\/uploads\/2024\/09\/DSC03208-scaled.jpg?resize=2048%2C1536&amp;ssl=1 2048w, https:\/\/i0.wp.com\/www.jazzzeitung.de\/cms\/wp-content\/uploads\/2024\/09\/DSC03208-scaled.jpg?resize=1320%2C990&amp;ssl=1 1320w, https:\/\/i0.wp.com\/www.jazzzeitung.de\/cms\/wp-content\/uploads\/2024\/09\/DSC03208-scaled.jpg?w=1680&amp;ssl=1 1680w\" width=\"307\" height=\"231\" loading=\"lazy\" data-original-width=\"307\" data-original-height=\"231\" itemprop=\"http:\/\/schema.org\/image\" title=\"DSC03208\" alt=\"DSC03208\" style=\"width: 307px; height: 231px;\" \/> <\/a> <\/div> <div class=\"tiled-gallery-item tiled-gallery-item-large\" itemprop=\"associatedMedia\" itemscope itemtype=\"http:\/\/schema.org\/ImageObject\"> <a href=\"https:\/\/www.jazzzeitung.de\/cms\/2024\/09\/fuchsthone-jazz-orchestra-in-der-wuppertaler-immanuelskirche\/dsc03235\/\" border=\"0\" itemprop=\"url\"> <meta itemprop=\"width\" content=\"307\"> <meta itemprop=\"height\" content=\"230\"> <img decoding=\"async\" class=\"\" data-attachment-id=\"31643\" data-orig-file=\"https:\/\/www.jazzzeitung.de\/cms\/wp-content\/uploads\/2024\/09\/DSC03235-scaled.jpg\" data-orig-size=\"2560,1920\" data-comments-opened=\"1\" data-image-meta=\"{&quot;aperture&quot;:&quot;0&quot;,&quot;credit&quot;:&quot;&quot;,&quot;camera&quot;:&quot;&quot;,&quot;caption&quot;:&quot;&quot;,&quot;created_timestamp&quot;:&quot;0&quot;,&quot;copyright&quot;:&quot;&quot;,&quot;focal_length&quot;:&quot;0&quot;,&quot;iso&quot;:&quot;0&quot;,&quot;shutter_speed&quot;:&quot;0&quot;,&quot;title&quot;:&quot;&quot;,&quot;orientation&quot;:&quot;0&quot;}\" data-image-title=\"DSC03235\" data-image-description=\"\" data-medium-file=\"https:\/\/i0.wp.com\/www.jazzzeitung.de\/cms\/wp-content\/uploads\/2024\/09\/DSC03235-scaled.jpg?fit=300%2C225&#038;ssl=1\" data-large-file=\"https:\/\/i0.wp.com\/www.jazzzeitung.de\/cms\/wp-content\/uploads\/2024\/09\/DSC03235-scaled.jpg?fit=800%2C600&#038;ssl=1\" src=\"https:\/\/i0.wp.com\/www.jazzzeitung.de\/cms\/wp-content\/uploads\/2024\/09\/DSC03235-scaled.jpg?w=307&#038;h=230&#038;ssl=1\" srcset=\"https:\/\/i0.wp.com\/www.jazzzeitung.de\/cms\/wp-content\/uploads\/2024\/09\/DSC03235-scaled.jpg?w=2560&amp;ssl=1 2560w, https:\/\/i0.wp.com\/www.jazzzeitung.de\/cms\/wp-content\/uploads\/2024\/09\/DSC03235-scaled.jpg?resize=300%2C225&amp;ssl=1 300w, https:\/\/i0.wp.com\/www.jazzzeitung.de\/cms\/wp-content\/uploads\/2024\/09\/DSC03235-scaled.jpg?resize=800%2C600&amp;ssl=1 800w, https:\/\/i0.wp.com\/www.jazzzeitung.de\/cms\/wp-content\/uploads\/2024\/09\/DSC03235-scaled.jpg?resize=768%2C576&amp;ssl=1 768w, https:\/\/i0.wp.com\/www.jazzzeitung.de\/cms\/wp-content\/uploads\/2024\/09\/DSC03235-scaled.jpg?resize=1536%2C1152&amp;ssl=1 1536w, https:\/\/i0.wp.com\/www.jazzzeitung.de\/cms\/wp-content\/uploads\/2024\/09\/DSC03235-scaled.jpg?resize=2048%2C1536&amp;ssl=1 2048w, https:\/\/i0.wp.com\/www.jazzzeitung.de\/cms\/wp-content\/uploads\/2024\/09\/DSC03235-scaled.jpg?resize=1320%2C990&amp;ssl=1 1320w, https:\/\/i0.wp.com\/www.jazzzeitung.de\/cms\/wp-content\/uploads\/2024\/09\/DSC03235-scaled.jpg?w=1680&amp;ssl=1 1680w\" width=\"307\" height=\"230\" loading=\"lazy\" data-original-width=\"307\" data-original-height=\"230\" itemprop=\"http:\/\/schema.org\/image\" title=\"DSC03235\" alt=\"DSC03235\" style=\"width: 307px; height: 230px;\" \/> <\/a> <\/div> <\/div> <!-- close group --> <\/div> <!-- close row --> <div class=\"gallery-row\" style=\"width: 840px; height: 421px;\" data-original-width=\"840\" data-original-height=\"421\" > <div class=\"gallery-group images-1\" style=\"width: 560px; height: 421px;\" data-original-width=\"560\" data-original-height=\"421\" > <div class=\"tiled-gallery-item tiled-gallery-item-large\" itemprop=\"associatedMedia\" itemscope itemtype=\"http:\/\/schema.org\/ImageObject\"> <a href=\"https:\/\/www.jazzzeitung.de\/cms\/2024\/09\/fuchsthone-jazz-orchestra-in-der-wuppertaler-immanuelskirche\/dsc03247\/\" border=\"0\" itemprop=\"url\"> <meta itemprop=\"width\" content=\"556\"> <meta itemprop=\"height\" content=\"417\"> <img decoding=\"async\" class=\"\" data-attachment-id=\"31644\" data-orig-file=\"https:\/\/www.jazzzeitung.de\/cms\/wp-content\/uploads\/2024\/09\/DSC03247-scaled.jpg\" data-orig-size=\"2560,1920\" data-comments-opened=\"1\" data-image-meta=\"{&quot;aperture&quot;:&quot;0&quot;,&quot;credit&quot;:&quot;&quot;,&quot;camera&quot;:&quot;&quot;,&quot;caption&quot;:&quot;&quot;,&quot;created_timestamp&quot;:&quot;0&quot;,&quot;copyright&quot;:&quot;&quot;,&quot;focal_length&quot;:&quot;0&quot;,&quot;iso&quot;:&quot;0&quot;,&quot;shutter_speed&quot;:&quot;0&quot;,&quot;title&quot;:&quot;&quot;,&quot;orientation&quot;:&quot;0&quot;}\" data-image-title=\"DSC03247\" data-image-description=\"\" data-medium-file=\"https:\/\/i0.wp.com\/www.jazzzeitung.de\/cms\/wp-content\/uploads\/2024\/09\/DSC03247-scaled.jpg?fit=300%2C225&#038;ssl=1\" data-large-file=\"https:\/\/i0.wp.com\/www.jazzzeitung.de\/cms\/wp-content\/uploads\/2024\/09\/DSC03247-scaled.jpg?fit=800%2C600&#038;ssl=1\" src=\"https:\/\/i0.wp.com\/www.jazzzeitung.de\/cms\/wp-content\/uploads\/2024\/09\/DSC03247-scaled.jpg?w=556&#038;h=417&#038;ssl=1\" srcset=\"https:\/\/i0.wp.com\/www.jazzzeitung.de\/cms\/wp-content\/uploads\/2024\/09\/DSC03247-scaled.jpg?w=2560&amp;ssl=1 2560w, https:\/\/i0.wp.com\/www.jazzzeitung.de\/cms\/wp-content\/uploads\/2024\/09\/DSC03247-scaled.jpg?resize=300%2C225&amp;ssl=1 300w, https:\/\/i0.wp.com\/www.jazzzeitung.de\/cms\/wp-content\/uploads\/2024\/09\/DSC03247-scaled.jpg?resize=800%2C600&amp;ssl=1 800w, https:\/\/i0.wp.com\/www.jazzzeitung.de\/cms\/wp-content\/uploads\/2024\/09\/DSC03247-scaled.jpg?resize=768%2C576&amp;ssl=1 768w, https:\/\/i0.wp.com\/www.jazzzeitung.de\/cms\/wp-content\/uploads\/2024\/09\/DSC03247-scaled.jpg?resize=1536%2C1152&amp;ssl=1 1536w, https:\/\/i0.wp.com\/www.jazzzeitung.de\/cms\/wp-content\/uploads\/2024\/09\/DSC03247-scaled.jpg?resize=2048%2C1536&amp;ssl=1 2048w, https:\/\/i0.wp.com\/www.jazzzeitung.de\/cms\/wp-content\/uploads\/2024\/09\/DSC03247-scaled.jpg?resize=1320%2C990&amp;ssl=1 1320w, https:\/\/i0.wp.com\/www.jazzzeitung.de\/cms\/wp-content\/uploads\/2024\/09\/DSC03247-scaled.jpg?w=1680&amp;ssl=1 1680w\" width=\"556\" height=\"417\" loading=\"lazy\" data-original-width=\"556\" data-original-height=\"417\" itemprop=\"http:\/\/schema.org\/image\" title=\"DSC03247\" alt=\"DSC03247\" style=\"width: 556px; height: 417px;\" \/> <\/a> <\/div> <\/div> <!-- close group --> <div class=\"gallery-group images-2\" style=\"width: 280px; height: 421px;\" data-original-width=\"280\" data-original-height=\"421\" > <div class=\"tiled-gallery-item tiled-gallery-item-large\" itemprop=\"associatedMedia\" itemscope itemtype=\"http:\/\/schema.org\/ImageObject\"> <a href=\"https:\/\/www.jazzzeitung.de\/cms\/2024\/09\/fuchsthone-jazz-orchestra-in-der-wuppertaler-immanuelskirche\/dsc03260\/\" border=\"0\" itemprop=\"url\"> <meta itemprop=\"width\" content=\"276\"> <meta itemprop=\"height\" content=\"207\"> <img decoding=\"async\" class=\"\" data-attachment-id=\"31645\" data-orig-file=\"https:\/\/www.jazzzeitung.de\/cms\/wp-content\/uploads\/2024\/09\/DSC03260-scaled.jpg\" data-orig-size=\"2560,1920\" data-comments-opened=\"1\" data-image-meta=\"{&quot;aperture&quot;:&quot;0&quot;,&quot;credit&quot;:&quot;&quot;,&quot;camera&quot;:&quot;&quot;,&quot;caption&quot;:&quot;&quot;,&quot;created_timestamp&quot;:&quot;0&quot;,&quot;copyright&quot;:&quot;&quot;,&quot;focal_length&quot;:&quot;0&quot;,&quot;iso&quot;:&quot;0&quot;,&quot;shutter_speed&quot;:&quot;0&quot;,&quot;title&quot;:&quot;&quot;,&quot;orientation&quot;:&quot;0&quot;}\" data-image-title=\"DSC03260\" data-image-description=\"\" data-medium-file=\"https:\/\/i0.wp.com\/www.jazzzeitung.de\/cms\/wp-content\/uploads\/2024\/09\/DSC03260-scaled.jpg?fit=300%2C225&#038;ssl=1\" data-large-file=\"https:\/\/i0.wp.com\/www.jazzzeitung.de\/cms\/wp-content\/uploads\/2024\/09\/DSC03260-scaled.jpg?fit=800%2C600&#038;ssl=1\" src=\"https:\/\/i0.wp.com\/www.jazzzeitung.de\/cms\/wp-content\/uploads\/2024\/09\/DSC03260-scaled.jpg?w=276&#038;h=207&#038;ssl=1\" srcset=\"https:\/\/i0.wp.com\/www.jazzzeitung.de\/cms\/wp-content\/uploads\/2024\/09\/DSC03260-scaled.jpg?w=2560&amp;ssl=1 2560w, https:\/\/i0.wp.com\/www.jazzzeitung.de\/cms\/wp-content\/uploads\/2024\/09\/DSC03260-scaled.jpg?resize=300%2C225&amp;ssl=1 300w, https:\/\/i0.wp.com\/www.jazzzeitung.de\/cms\/wp-content\/uploads\/2024\/09\/DSC03260-scaled.jpg?resize=800%2C600&amp;ssl=1 800w, https:\/\/i0.wp.com\/www.jazzzeitung.de\/cms\/wp-content\/uploads\/2024\/09\/DSC03260-scaled.jpg?resize=768%2C576&amp;ssl=1 768w, https:\/\/i0.wp.com\/www.jazzzeitung.de\/cms\/wp-content\/uploads\/2024\/09\/DSC03260-scaled.jpg?resize=1536%2C1152&amp;ssl=1 1536w, https:\/\/i0.wp.com\/www.jazzzeitung.de\/cms\/wp-content\/uploads\/2024\/09\/DSC03260-scaled.jpg?resize=2048%2C1536&amp;ssl=1 2048w, https:\/\/i0.wp.com\/www.jazzzeitung.de\/cms\/wp-content\/uploads\/2024\/09\/DSC03260-scaled.jpg?resize=1320%2C990&amp;ssl=1 1320w, https:\/\/i0.wp.com\/www.jazzzeitung.de\/cms\/wp-content\/uploads\/2024\/09\/DSC03260-scaled.jpg?w=1680&amp;ssl=1 1680w\" width=\"276\" height=\"207\" loading=\"lazy\" data-original-width=\"276\" data-original-height=\"207\" itemprop=\"http:\/\/schema.org\/image\" title=\"DSC03260\" alt=\"DSC03260\" style=\"width: 276px; height: 207px;\" \/> <\/a> <\/div> <div class=\"tiled-gallery-item tiled-gallery-item-large\" itemprop=\"associatedMedia\" itemscope itemtype=\"http:\/\/schema.org\/ImageObject\"> <a href=\"https:\/\/www.jazzzeitung.de\/cms\/2024\/09\/fuchsthone-jazz-orchestra-in-der-wuppertaler-immanuelskirche\/dsc03285\/\" border=\"0\" itemprop=\"url\"> <meta itemprop=\"width\" content=\"276\"> <meta itemprop=\"height\" content=\"206\"> <img decoding=\"async\" class=\"\" data-attachment-id=\"31646\" data-orig-file=\"https:\/\/www.jazzzeitung.de\/cms\/wp-content\/uploads\/2024\/09\/DSC03285-scaled.jpg\" data-orig-size=\"2560,1920\" data-comments-opened=\"1\" data-image-meta=\"{&quot;aperture&quot;:&quot;0&quot;,&quot;credit&quot;:&quot;&quot;,&quot;camera&quot;:&quot;&quot;,&quot;caption&quot;:&quot;&quot;,&quot;created_timestamp&quot;:&quot;0&quot;,&quot;copyright&quot;:&quot;&quot;,&quot;focal_length&quot;:&quot;0&quot;,&quot;iso&quot;:&quot;0&quot;,&quot;shutter_speed&quot;:&quot;0&quot;,&quot;title&quot;:&quot;&quot;,&quot;orientation&quot;:&quot;0&quot;}\" data-image-title=\"DSC03285\" data-image-description=\"\" data-medium-file=\"https:\/\/i0.wp.com\/www.jazzzeitung.de\/cms\/wp-content\/uploads\/2024\/09\/DSC03285-scaled.jpg?fit=300%2C225&#038;ssl=1\" data-large-file=\"https:\/\/i0.wp.com\/www.jazzzeitung.de\/cms\/wp-content\/uploads\/2024\/09\/DSC03285-scaled.jpg?fit=800%2C600&#038;ssl=1\" src=\"https:\/\/i0.wp.com\/www.jazzzeitung.de\/cms\/wp-content\/uploads\/2024\/09\/DSC03285-scaled.jpg?w=276&#038;h=206&#038;ssl=1\" srcset=\"https:\/\/i0.wp.com\/www.jazzzeitung.de\/cms\/wp-content\/uploads\/2024\/09\/DSC03285-scaled.jpg?w=2560&amp;ssl=1 2560w, https:\/\/i0.wp.com\/www.jazzzeitung.de\/cms\/wp-content\/uploads\/2024\/09\/DSC03285-scaled.jpg?resize=300%2C225&amp;ssl=1 300w, https:\/\/i0.wp.com\/www.jazzzeitung.de\/cms\/wp-content\/uploads\/2024\/09\/DSC03285-scaled.jpg?resize=800%2C600&amp;ssl=1 800w, https:\/\/i0.wp.com\/www.jazzzeitung.de\/cms\/wp-content\/uploads\/2024\/09\/DSC03285-scaled.jpg?resize=768%2C576&amp;ssl=1 768w, https:\/\/i0.wp.com\/www.jazzzeitung.de\/cms\/wp-content\/uploads\/2024\/09\/DSC03285-scaled.jpg?resize=1536%2C1152&amp;ssl=1 1536w, https:\/\/i0.wp.com\/www.jazzzeitung.de\/cms\/wp-content\/uploads\/2024\/09\/DSC03285-scaled.jpg?resize=2048%2C1536&amp;ssl=1 2048w, https:\/\/i0.wp.com\/www.jazzzeitung.de\/cms\/wp-content\/uploads\/2024\/09\/DSC03285-scaled.jpg?resize=1320%2C990&amp;ssl=1 1320w, https:\/\/i0.wp.com\/www.jazzzeitung.de\/cms\/wp-content\/uploads\/2024\/09\/DSC03285-scaled.jpg?w=1680&amp;ssl=1 1680w\" width=\"276\" height=\"206\" loading=\"lazy\" data-original-width=\"276\" data-original-height=\"206\" itemprop=\"http:\/\/schema.org\/image\" title=\"DSC03285\" alt=\"DSC03285\" style=\"width: 276px; height: 206px;\" \/> <\/a> <\/div> <\/div> <!-- close group --> <\/div> <!-- close row --> <\/div>\n<p>Also wirkten auch die zwei Sets in Wuppertal wie eine seismografische Echokammer f\u00fcr die Emotionen dieser Welt &#8211; man kann hier auch ruhig mal den Terminus \u201eJazzoper\u201c strapazieren.\u00a0Caroline Ton\u00a0f\u00fchrte im ersten Teil die Feder \u2013 es ging um R\u00e4ume, um \u00e4sthetische Reflexionen unserer oft dystopischen Realit\u00e4t. In den tiefen, dunklen Klangfarben spiegelte sich die Zerrissenheit unserer Zeit. Das Orchester brandete auf, entfesselte sich in kollektiven Improvisationen und fand immer wieder zu lyrischen Ruhepunkten zur\u00fcck. Geerdet in menschlicher W\u00e4rme, die das Spiel aller Beteiligten durchzog.<\/p>\n<h3>Stimmakrobatik<\/h3>\n<p>Barbara Barth \u00fcbernahm den Vokalpart, was allein schon extrem vielschichtig daher kam, reichte die Palette doch von expressionistischer Stimmakrobatik \u00fcber poetischen Jazzgesang bis hin zur Song-Poetry, die die Botschaft des Abends konkretisierte gipfelnd im zutreffenden Slogan, dass wir doch alle im selben Boot sitzen.\u00a0Laja Genc\u00a0am Klavier faszinierte mit tr\u00e4umerischer Sensibilit\u00e4t, Zuzana Leharova\u00a0elektrisierte mit ihrem Violinton, und\u00a0Jens D\u00fcppe\u00a0am Schlagzeug gestaltete die Dynamik mit hypnotischen Snare-Drum-Akzenten \u2013 das nur als ein paar Beispiele. Die Akustik der Immanuelskirche, die sich anfangs als Herausforderung erwies, entfaltete schlie\u00dflich eine beeindruckende Wirkung.<\/p>\n<h3>Gesamterlebnis<\/h3>\n<p>Das syn\u00e4sthetische Gesamterlebnis wurde durch innovative Lichtkunst perfektioniert. Claudia Schmitz, eine Visual Artist mit Leib und Seele, kreierte eine visuelle Welt, die den Raum mit rotierenden geometrischen Figuren und abstrakten, wuchernden Lichtmustern f\u00fcllte. Texturen aus Licht und Formen breiteten sich unvorhersehbar aus und waren so intensiv aufgeladen wie die Klangeruptionen des gro\u00dfen Ensembles. Eine Kombination aus punktuellen Farbtupfern und suchscheinwerferartigem LED-Licht durchzog den Raum, w\u00e4hrend Soundw\u00e4nde aus sattem Blech und sph\u00e4rischen Elektronikkl\u00e4ngen das Publikum umfingen. Die analoge Kunstform von\u00a0Schmitz, die mit Papierobjekten arbeitete und diese projizierte, schuf eine visuelle Wucht, die dem Energielevel des Orchesters ebenb\u00fcrtig war.<\/p>\n<h3>Musikalisches Fragezeichen<\/h3>\n<p>Teil 1 endete auf einem unaufgel\u00f6sten Akkord \u2013 ein musikalisches Fragezeichen, das die unsichere Zukunft unseres Planeten symbolisiert, aber auch die Hoffnung, die in der menschlichen Energie steckt. Der zweite Konzertteil, diesmal unter der kompositorischen Leitung von\u00a0Christina Fuchs, widmete sich der Metapher des Wassers. Das Thema \u2013 die bedrohten Ressourcen unserer Welt \u2013 spiegelte sich in den klanglichen Str\u00f6mungen wider. Instrumente glucksten und sprudelten, w\u00e4hrend das Orchester in einem Crescendo die Urgewalt des Ozeans heraufbeschwor.<\/p>\n<p>Zahlreiche eloquente solistische Stimmen, darunter\u00a0Roger Hanschels\u00a0dramatisches Saxophonspiel oder\u00a0Zuzana Leharovas\u00a0elektrisierende Violine, finden ihren Platz in diesem Klang-Ozean, der oft wie ein w\u00e4rmender Strom aufbranded in seinen m\u00e4chtigen Crescendi. Derweil das Zusammenspiel von Musik und visueller Inszenierung permanent den gesamten Raum in Schwingung versetzt&#8230;<\/p>\n<h3>Zugabe!<\/h3>\n<p>In der Zugabe f\u00fchrte Caroline Thon das Publikum mit einem kunstvollen Big-Band-Satz eines Barockst\u00fccks zu einem erstaunlichen Finale \u2013 die hier entstehende Dramaturgie, mit der eine z\u00e4rtliche Melodie des Komponisten Johann Georg Pisendel zu etwas umfassenderen anwuchs, markierte treffend die Essenz dieses unvergleichlichen Orchesters mit seinen hochmotivierten Musikerinnen und Musikern. So geht es zum wenn sich viele individuelle Charaktere auf eine gemeinsame, kraftvolle Einheit einschw\u00f6ren!<\/p>\n<p>Schon bald geht es weiter mit Jazz in der Immanuelskirche: Am 21. September 2024 steht das\u00a0Wolfgang Schmidtke Orchestra\u00a0auf der B\u00fchne, am 16. November 2024 folgt das\u00a0JugendJazzOrchester NRW\u00a0mit dem Ausnahmes\u00e4nger\u00a0Tom Gaebel, und am 13. Dezember 2024 bringt die\u00a0WDR Big Band\u00a0ihr umfangreiches Repertoire mit perfektem Sound. Alle Konzerte beginnen um 20 Uhr, Einlass ist jeweils um 19 Uhr.<\/p>\n<p>&nbsp;<\/p>\n","protected":false},"excerpt":{"rendered":"<p>(Von Stefan Pieper) Die Wuppertaler Immanuelskirche, heute zum Kulturzentrum umfunktioniert, ist auf bestem Wege, sich auch als aufstrebender Hotspot der Jazz-Szene in NRW gut aufzustellen. Vor allem, wenn es um Auftritts- und Probem\u00f6glichkeiten f\u00fcr gro\u00dfe Besetzungen geht. Kuratiert von Karl-Heinz Krauskopf und unterst\u00fctzt vom F\u00f6rderverein Kulturzentrum Immanuel e.V. wurde das Programm \u201eImmanuel goes Bigband\u201c ins Leben gerufen \u2013 ein spektakul\u00e4res Multimedia-Konzert der K\u00f6lner Fuchsthone Orchestra legt zum Auftakt die Messlatte denkbar hoch, wenn es hier k\u00fcnftig um zeitgen\u00f6ssische Jazzorchester-Kultur geht. Musik als soziales Handeln Bei diesem Large Ensemble, das von beiden Bandleaderinnen Christina Fuchs und Caroline Thon kuratiert wird, geht es um weit mehr als nur die Zurschaustellung h\u00f6chsten musikalischen K\u00f6nnens.\u00a0 Das Fuchsthone Orchestra begreift Musik als soziales, interaktives Handeln, um damit auch globale Botschaften zu transportieren. Die beiden K\u00f6lner Bandleaderinnen Christina Fuchs und Caroline Thon sch\u00e4rfen mit diesem Konzept \u00fcber das Medium der Musik den Blick auf das gro\u00dfe Ganze \u2013 auch und gerade in ihrer aktuellen Reihe \u201ereloaded\u201c, zu der das Konzert in der Immanuelskirche geh\u00f6rte. Also wirkten auch die zwei Sets in Wuppertal wie eine seismografische Echokammer f\u00fcr die Emotionen dieser Welt &hellip;<\/p>\n","protected":false},"author":18,"featured_media":31628,"comment_status":"open","ping_status":"closed","sticky":false,"template":"","format":"standard","meta":{"_jetpack_memberships_contains_paid_content":false,"footnotes":"","jetpack_publicize_message":"","jetpack_publicize_feature_enabled":true,"jetpack_social_post_already_shared":true,"jetpack_social_options":{"image_generator_settings":{"template":"highway","default_image_id":0,"font":"","enabled":false},"version":2}},"categories":[1053],"tags":[2852,5485,294,2861,1129,5484],"coauthors":[695],"class_list":["post-31627","post","type-post","status-publish","format-standard","has-post-thumbnail","hentry","category-bericht","tag-caroline-thon","tag-fuchsthone-jazz-orchestra","tag-jazzzeitung","tag-jazzzeitung-de","tag-stefan-pieper","tag-wuppertaler-immanuelskirche"],"yoast_head":"<!-- This site is optimized with the Yoast SEO plugin v27.5 - https:\/\/yoast.com\/product\/yoast-seo-wordpress\/ -->\n<title>Fuchsthone Jazz Orchestra in der Wuppertaler Immanuelskirche - JazzZeitung<\/title>\n<meta name=\"robots\" content=\"index, follow, max-snippet:-1, max-image-preview:large, max-video-preview:-1\" \/>\n<link rel=\"canonical\" href=\"https:\/\/www.jazzzeitung.de\/cms\/2024\/09\/fuchsthone-jazz-orchestra-in-der-wuppertaler-immanuelskirche\/\" \/>\n<meta property=\"og:locale\" content=\"de_DE\" \/>\n<meta property=\"og:type\" content=\"article\" \/>\n<meta property=\"og:title\" content=\"Fuchsthone Jazz Orchestra in der Wuppertaler Immanuelskirche - JazzZeitung\" \/>\n<meta property=\"og:description\" content=\"(Von Stefan Pieper) Die Wuppertaler Immanuelskirche, heute zum Kulturzentrum umfunktioniert, ist auf bestem Wege, sich auch als aufstrebender Hotspot der Jazz-Szene in NRW gut aufzustellen. Vor allem, wenn es um Auftritts- und Probem\u00f6glichkeiten f\u00fcr gro\u00dfe Besetzungen geht. Kuratiert von Karl-Heinz Krauskopf und unterst\u00fctzt vom F\u00f6rderverein Kulturzentrum Immanuel e.V. wurde das Programm \u201eImmanuel goes Bigband\u201c ins Leben gerufen \u2013 ein spektakul\u00e4res Multimedia-Konzert der K\u00f6lner Fuchsthone Orchestra legt zum Auftakt die Messlatte denkbar hoch, wenn es hier k\u00fcnftig um zeitgen\u00f6ssische Jazzorchester-Kultur geht. Musik als soziales Handeln Bei diesem Large Ensemble, das von beiden Bandleaderinnen Christina Fuchs und Caroline Thon kuratiert wird, geht es um weit mehr als nur die Zurschaustellung h\u00f6chsten musikalischen K\u00f6nnens.\u00a0 Das Fuchsthone Orchestra begreift Musik als soziales, interaktives Handeln, um damit auch globale Botschaften zu transportieren. Die beiden K\u00f6lner Bandleaderinnen Christina Fuchs und Caroline Thon sch\u00e4rfen mit diesem Konzept \u00fcber das Medium der Musik den Blick auf das gro\u00dfe Ganze \u2013 auch und gerade in ihrer aktuellen Reihe \u201ereloaded\u201c, zu der das Konzert in der Immanuelskirche geh\u00f6rte. Also wirkten auch die zwei Sets in Wuppertal wie eine seismografische Echokammer f\u00fcr die Emotionen dieser Welt &hellip;\" \/>\n<meta property=\"og:url\" content=\"https:\/\/www.jazzzeitung.de\/cms\/2024\/09\/fuchsthone-jazz-orchestra-in-der-wuppertaler-immanuelskirche\/\" \/>\n<meta property=\"og:site_name\" content=\"JazzZeitung\" \/>\n<meta property=\"article:publisher\" content=\"https:\/\/www.facebook.com\/JazzZeitung\/\" \/>\n<meta property=\"article:published_time\" content=\"2024-09-10T08:07:21+00:00\" \/>\n<meta property=\"og:image\" content=\"https:\/\/www.jazzzeitung.de\/cms\/wp-content\/uploads\/2024\/09\/Caroline-Thon2-scaled.jpg\" \/>\n\t<meta property=\"og:image:width\" content=\"2560\" \/>\n\t<meta property=\"og:image:height\" content=\"1920\" \/>\n\t<meta property=\"og:image:type\" content=\"image\/jpeg\" \/>\n<meta name=\"author\" content=\"Redaktion JazzZeitung\" \/>\n<script type=\"application\/ld+json\" class=\"yoast-schema-graph\">{\"@context\":\"https:\\\/\\\/schema.org\",\"@graph\":[{\"@type\":\"Article\",\"@id\":\"https:\\\/\\\/www.jazzzeitung.de\\\/cms\\\/2024\\\/09\\\/fuchsthone-jazz-orchestra-in-der-wuppertaler-immanuelskirche\\\/#article\",\"isPartOf\":{\"@id\":\"https:\\\/\\\/www.jazzzeitung.de\\\/cms\\\/2024\\\/09\\\/fuchsthone-jazz-orchestra-in-der-wuppertaler-immanuelskirche\\\/\"},\"author\":{\"name\":\"Redaktion JazzZeitung\",\"@id\":\"https:\\\/\\\/www.jazzzeitung.de\\\/cms\\\/#\\\/schema\\\/person\\\/2245b36b9cd1d24cea10f01c031fb92b\"},\"headline\":\"Fuchsthone Jazz Orchestra in der Wuppertaler Immanuelskirche\",\"datePublished\":\"2024-09-10T08:07:21+00:00\",\"mainEntityOfPage\":{\"@id\":\"https:\\\/\\\/www.jazzzeitung.de\\\/cms\\\/2024\\\/09\\\/fuchsthone-jazz-orchestra-in-der-wuppertaler-immanuelskirche\\\/\"},\"wordCount\":738,\"commentCount\":0,\"publisher\":{\"@id\":\"https:\\\/\\\/www.jazzzeitung.de\\\/cms\\\/#organization\"},\"image\":{\"@id\":\"https:\\\/\\\/www.jazzzeitung.de\\\/cms\\\/2024\\\/09\\\/fuchsthone-jazz-orchestra-in-der-wuppertaler-immanuelskirche\\\/#primaryimage\"},\"thumbnailUrl\":\"https:\\\/\\\/i0.wp.com\\\/www.jazzzeitung.de\\\/cms\\\/wp-content\\\/uploads\\\/2024\\\/09\\\/Caroline-Thon2-scaled.jpg?fit=2560%2C1920&ssl=1\",\"keywords\":[\"Caroline Thon\",\"Fuchsthone Jazz Orchestra\",\"Jazzzeitung\",\"JazzZeitung.de\",\"Stefan Pieper\",\"Wuppertaler Immanuelskirche\"],\"articleSection\":[\"Bericht\"],\"inLanguage\":\"de\",\"potentialAction\":[{\"@type\":\"CommentAction\",\"name\":\"Comment\",\"target\":[\"https:\\\/\\\/www.jazzzeitung.de\\\/cms\\\/2024\\\/09\\\/fuchsthone-jazz-orchestra-in-der-wuppertaler-immanuelskirche\\\/#respond\"]}]},{\"@type\":\"WebPage\",\"@id\":\"https:\\\/\\\/www.jazzzeitung.de\\\/cms\\\/2024\\\/09\\\/fuchsthone-jazz-orchestra-in-der-wuppertaler-immanuelskirche\\\/\",\"url\":\"https:\\\/\\\/www.jazzzeitung.de\\\/cms\\\/2024\\\/09\\\/fuchsthone-jazz-orchestra-in-der-wuppertaler-immanuelskirche\\\/\",\"name\":\"Fuchsthone Jazz Orchestra in der Wuppertaler Immanuelskirche - JazzZeitung\",\"isPartOf\":{\"@id\":\"https:\\\/\\\/www.jazzzeitung.de\\\/cms\\\/#website\"},\"primaryImageOfPage\":{\"@id\":\"https:\\\/\\\/www.jazzzeitung.de\\\/cms\\\/2024\\\/09\\\/fuchsthone-jazz-orchestra-in-der-wuppertaler-immanuelskirche\\\/#primaryimage\"},\"image\":{\"@id\":\"https:\\\/\\\/www.jazzzeitung.de\\\/cms\\\/2024\\\/09\\\/fuchsthone-jazz-orchestra-in-der-wuppertaler-immanuelskirche\\\/#primaryimage\"},\"thumbnailUrl\":\"https:\\\/\\\/i0.wp.com\\\/www.jazzzeitung.de\\\/cms\\\/wp-content\\\/uploads\\\/2024\\\/09\\\/Caroline-Thon2-scaled.jpg?fit=2560%2C1920&ssl=1\",\"datePublished\":\"2024-09-10T08:07:21+00:00\",\"breadcrumb\":{\"@id\":\"https:\\\/\\\/www.jazzzeitung.de\\\/cms\\\/2024\\\/09\\\/fuchsthone-jazz-orchestra-in-der-wuppertaler-immanuelskirche\\\/#breadcrumb\"},\"inLanguage\":\"de\",\"potentialAction\":[{\"@type\":\"ReadAction\",\"target\":[\"https:\\\/\\\/www.jazzzeitung.de\\\/cms\\\/2024\\\/09\\\/fuchsthone-jazz-orchestra-in-der-wuppertaler-immanuelskirche\\\/\"]}]},{\"@type\":\"ImageObject\",\"inLanguage\":\"de\",\"@id\":\"https:\\\/\\\/www.jazzzeitung.de\\\/cms\\\/2024\\\/09\\\/fuchsthone-jazz-orchestra-in-der-wuppertaler-immanuelskirche\\\/#primaryimage\",\"url\":\"https:\\\/\\\/i0.wp.com\\\/www.jazzzeitung.de\\\/cms\\\/wp-content\\\/uploads\\\/2024\\\/09\\\/Caroline-Thon2-scaled.jpg?fit=2560%2C1920&ssl=1\",\"contentUrl\":\"https:\\\/\\\/i0.wp.com\\\/www.jazzzeitung.de\\\/cms\\\/wp-content\\\/uploads\\\/2024\\\/09\\\/Caroline-Thon2-scaled.jpg?fit=2560%2C1920&ssl=1\",\"width\":2560,\"height\":1920},{\"@type\":\"BreadcrumbList\",\"@id\":\"https:\\\/\\\/www.jazzzeitung.de\\\/cms\\\/2024\\\/09\\\/fuchsthone-jazz-orchestra-in-der-wuppertaler-immanuelskirche\\\/#breadcrumb\",\"itemListElement\":[{\"@type\":\"ListItem\",\"position\":1,\"name\":\"Startseite\",\"item\":\"https:\\\/\\\/www.jazzzeitung.de\\\/cms\\\/\"},{\"@type\":\"ListItem\",\"position\":2,\"name\":\"Fuchsthone Jazz Orchestra in der Wuppertaler Immanuelskirche\"}]},{\"@type\":\"WebSite\",\"@id\":\"https:\\\/\\\/www.jazzzeitung.de\\\/cms\\\/#website\",\"url\":\"https:\\\/\\\/www.jazzzeitung.de\\\/cms\\\/\",\"name\":\"JazzZeitung\",\"description\":\"Jazz-News und Jazz-Kontroverses\",\"publisher\":{\"@id\":\"https:\\\/\\\/www.jazzzeitung.de\\\/cms\\\/#organization\"},\"potentialAction\":[{\"@type\":\"SearchAction\",\"target\":{\"@type\":\"EntryPoint\",\"urlTemplate\":\"https:\\\/\\\/www.jazzzeitung.de\\\/cms\\\/?s={search_term_string}\"},\"query-input\":{\"@type\":\"PropertyValueSpecification\",\"valueRequired\":true,\"valueName\":\"search_term_string\"}}],\"inLanguage\":\"de\"},{\"@type\":\"Organization\",\"@id\":\"https:\\\/\\\/www.jazzzeitung.de\\\/cms\\\/#organization\",\"name\":\"JazzZeitung online\",\"url\":\"https:\\\/\\\/www.jazzzeitung.de\\\/cms\\\/\",\"logo\":{\"@type\":\"ImageObject\",\"inLanguage\":\"de\",\"@id\":\"https:\\\/\\\/www.jazzzeitung.de\\\/cms\\\/#\\\/schema\\\/logo\\\/image\\\/\",\"url\":\"https:\\\/\\\/i0.wp.com\\\/www.jazzzeitung.de\\\/cms\\\/wp-content\\\/uploads\\\/2015\\\/08\\\/JAZZZEITUNGDE_Logo_Neu.png?fit=499%2C200&ssl=1\",\"contentUrl\":\"https:\\\/\\\/i0.wp.com\\\/www.jazzzeitung.de\\\/cms\\\/wp-content\\\/uploads\\\/2015\\\/08\\\/JAZZZEITUNGDE_Logo_Neu.png?fit=499%2C200&ssl=1\",\"width\":499,\"height\":200,\"caption\":\"JazzZeitung online\"},\"image\":{\"@id\":\"https:\\\/\\\/www.jazzzeitung.de\\\/cms\\\/#\\\/schema\\\/logo\\\/image\\\/\"},\"sameAs\":[\"https:\\\/\\\/www.facebook.com\\\/JazzZeitung\\\/\"]},{\"@type\":\"Person\",\"@id\":\"https:\\\/\\\/www.jazzzeitung.de\\\/cms\\\/#\\\/schema\\\/person\\\/2245b36b9cd1d24cea10f01c031fb92b\",\"name\":\"Redaktion JazzZeitung\",\"image\":{\"@type\":\"ImageObject\",\"inLanguage\":\"de\",\"@id\":\"https:\\\/\\\/i0.wp.com\\\/www.jazzzeitung.de\\\/cms\\\/wp-content\\\/uploads\\\/2015\\\/08\\\/JAZZZEITUNGDE_Logo_Neu.png?resize=96%2C96&ssl=159975dcacb611b5700bd619b5daf0a7a\",\"url\":\"https:\\\/\\\/i0.wp.com\\\/www.jazzzeitung.de\\\/cms\\\/wp-content\\\/uploads\\\/2015\\\/08\\\/JAZZZEITUNGDE_Logo_Neu.png?resize=96%2C96&ssl=1\",\"contentUrl\":\"https:\\\/\\\/i0.wp.com\\\/www.jazzzeitung.de\\\/cms\\\/wp-content\\\/uploads\\\/2015\\\/08\\\/JAZZZEITUNGDE_Logo_Neu.png?resize=96%2C96&ssl=1\",\"caption\":\"Redaktion JazzZeitung\"},\"description\":\"Artikel der Redaktion der JazzZeitung.\",\"sameAs\":[\"http:\\\/\\\/www.jazzzeitung.de\\\/cms\\\/\"],\"url\":\"https:\\\/\\\/www.jazzzeitung.de\\\/cms\\\/author\\\/redaktion\\\/\"}]}<\/script>\n<!-- \/ Yoast SEO plugin. -->","yoast_head_json":{"title":"Fuchsthone Jazz Orchestra in der Wuppertaler Immanuelskirche - JazzZeitung","robots":{"index":"index","follow":"follow","max-snippet":"max-snippet:-1","max-image-preview":"max-image-preview:large","max-video-preview":"max-video-preview:-1"},"canonical":"https:\/\/www.jazzzeitung.de\/cms\/2024\/09\/fuchsthone-jazz-orchestra-in-der-wuppertaler-immanuelskirche\/","og_locale":"de_DE","og_type":"article","og_title":"Fuchsthone Jazz Orchestra in der Wuppertaler Immanuelskirche - JazzZeitung","og_description":"(Von Stefan Pieper) Die Wuppertaler Immanuelskirche, heute zum Kulturzentrum umfunktioniert, ist auf bestem Wege, sich auch als aufstrebender Hotspot der Jazz-Szene in NRW gut aufzustellen. Vor allem, wenn es um Auftritts- und Probem\u00f6glichkeiten f\u00fcr gro\u00dfe Besetzungen geht. Kuratiert von Karl-Heinz Krauskopf und unterst\u00fctzt vom F\u00f6rderverein Kulturzentrum Immanuel e.V. wurde das Programm \u201eImmanuel goes Bigband\u201c ins Leben gerufen \u2013 ein spektakul\u00e4res Multimedia-Konzert der K\u00f6lner Fuchsthone Orchestra legt zum Auftakt die Messlatte denkbar hoch, wenn es hier k\u00fcnftig um zeitgen\u00f6ssische Jazzorchester-Kultur geht. Musik als soziales Handeln Bei diesem Large Ensemble, das von beiden Bandleaderinnen Christina Fuchs und Caroline Thon kuratiert wird, geht es um weit mehr als nur die Zurschaustellung h\u00f6chsten musikalischen K\u00f6nnens.\u00a0 Das Fuchsthone Orchestra begreift Musik als soziales, interaktives Handeln, um damit auch globale Botschaften zu transportieren. Die beiden K\u00f6lner Bandleaderinnen Christina Fuchs und Caroline Thon sch\u00e4rfen mit diesem Konzept \u00fcber das Medium der Musik den Blick auf das gro\u00dfe Ganze \u2013 auch und gerade in ihrer aktuellen Reihe \u201ereloaded\u201c, zu der das Konzert in der Immanuelskirche geh\u00f6rte. Also wirkten auch die zwei Sets in Wuppertal wie eine seismografische Echokammer f\u00fcr die Emotionen dieser Welt &hellip;","og_url":"https:\/\/www.jazzzeitung.de\/cms\/2024\/09\/fuchsthone-jazz-orchestra-in-der-wuppertaler-immanuelskirche\/","og_site_name":"JazzZeitung","article_publisher":"https:\/\/www.facebook.com\/JazzZeitung\/","article_published_time":"2024-09-10T08:07:21+00:00","og_image":[{"width":2560,"height":1920,"url":"https:\/\/www.jazzzeitung.de\/cms\/wp-content\/uploads\/2024\/09\/Caroline-Thon2-scaled.jpg","type":"image\/jpeg"}],"author":"Redaktion JazzZeitung","schema":{"@context":"https:\/\/schema.org","@graph":[{"@type":"Article","@id":"https:\/\/www.jazzzeitung.de\/cms\/2024\/09\/fuchsthone-jazz-orchestra-in-der-wuppertaler-immanuelskirche\/#article","isPartOf":{"@id":"https:\/\/www.jazzzeitung.de\/cms\/2024\/09\/fuchsthone-jazz-orchestra-in-der-wuppertaler-immanuelskirche\/"},"author":{"name":"Redaktion JazzZeitung","@id":"https:\/\/www.jazzzeitung.de\/cms\/#\/schema\/person\/2245b36b9cd1d24cea10f01c031fb92b"},"headline":"Fuchsthone Jazz Orchestra in der Wuppertaler Immanuelskirche","datePublished":"2024-09-10T08:07:21+00:00","mainEntityOfPage":{"@id":"https:\/\/www.jazzzeitung.de\/cms\/2024\/09\/fuchsthone-jazz-orchestra-in-der-wuppertaler-immanuelskirche\/"},"wordCount":738,"commentCount":0,"publisher":{"@id":"https:\/\/www.jazzzeitung.de\/cms\/#organization"},"image":{"@id":"https:\/\/www.jazzzeitung.de\/cms\/2024\/09\/fuchsthone-jazz-orchestra-in-der-wuppertaler-immanuelskirche\/#primaryimage"},"thumbnailUrl":"https:\/\/i0.wp.com\/www.jazzzeitung.de\/cms\/wp-content\/uploads\/2024\/09\/Caroline-Thon2-scaled.jpg?fit=2560%2C1920&ssl=1","keywords":["Caroline Thon","Fuchsthone Jazz Orchestra","Jazzzeitung","JazzZeitung.de","Stefan Pieper","Wuppertaler Immanuelskirche"],"articleSection":["Bericht"],"inLanguage":"de","potentialAction":[{"@type":"CommentAction","name":"Comment","target":["https:\/\/www.jazzzeitung.de\/cms\/2024\/09\/fuchsthone-jazz-orchestra-in-der-wuppertaler-immanuelskirche\/#respond"]}]},{"@type":"WebPage","@id":"https:\/\/www.jazzzeitung.de\/cms\/2024\/09\/fuchsthone-jazz-orchestra-in-der-wuppertaler-immanuelskirche\/","url":"https:\/\/www.jazzzeitung.de\/cms\/2024\/09\/fuchsthone-jazz-orchestra-in-der-wuppertaler-immanuelskirche\/","name":"Fuchsthone Jazz Orchestra in der Wuppertaler Immanuelskirche - JazzZeitung","isPartOf":{"@id":"https:\/\/www.jazzzeitung.de\/cms\/#website"},"primaryImageOfPage":{"@id":"https:\/\/www.jazzzeitung.de\/cms\/2024\/09\/fuchsthone-jazz-orchestra-in-der-wuppertaler-immanuelskirche\/#primaryimage"},"image":{"@id":"https:\/\/www.jazzzeitung.de\/cms\/2024\/09\/fuchsthone-jazz-orchestra-in-der-wuppertaler-immanuelskirche\/#primaryimage"},"thumbnailUrl":"https:\/\/i0.wp.com\/www.jazzzeitung.de\/cms\/wp-content\/uploads\/2024\/09\/Caroline-Thon2-scaled.jpg?fit=2560%2C1920&ssl=1","datePublished":"2024-09-10T08:07:21+00:00","breadcrumb":{"@id":"https:\/\/www.jazzzeitung.de\/cms\/2024\/09\/fuchsthone-jazz-orchestra-in-der-wuppertaler-immanuelskirche\/#breadcrumb"},"inLanguage":"de","potentialAction":[{"@type":"ReadAction","target":["https:\/\/www.jazzzeitung.de\/cms\/2024\/09\/fuchsthone-jazz-orchestra-in-der-wuppertaler-immanuelskirche\/"]}]},{"@type":"ImageObject","inLanguage":"de","@id":"https:\/\/www.jazzzeitung.de\/cms\/2024\/09\/fuchsthone-jazz-orchestra-in-der-wuppertaler-immanuelskirche\/#primaryimage","url":"https:\/\/i0.wp.com\/www.jazzzeitung.de\/cms\/wp-content\/uploads\/2024\/09\/Caroline-Thon2-scaled.jpg?fit=2560%2C1920&ssl=1","contentUrl":"https:\/\/i0.wp.com\/www.jazzzeitung.de\/cms\/wp-content\/uploads\/2024\/09\/Caroline-Thon2-scaled.jpg?fit=2560%2C1920&ssl=1","width":2560,"height":1920},{"@type":"BreadcrumbList","@id":"https:\/\/www.jazzzeitung.de\/cms\/2024\/09\/fuchsthone-jazz-orchestra-in-der-wuppertaler-immanuelskirche\/#breadcrumb","itemListElement":[{"@type":"ListItem","position":1,"name":"Startseite","item":"https:\/\/www.jazzzeitung.de\/cms\/"},{"@type":"ListItem","position":2,"name":"Fuchsthone Jazz Orchestra in der Wuppertaler Immanuelskirche"}]},{"@type":"WebSite","@id":"https:\/\/www.jazzzeitung.de\/cms\/#website","url":"https:\/\/www.jazzzeitung.de\/cms\/","name":"JazzZeitung","description":"Jazz-News und Jazz-Kontroverses","publisher":{"@id":"https:\/\/www.jazzzeitung.de\/cms\/#organization"},"potentialAction":[{"@type":"SearchAction","target":{"@type":"EntryPoint","urlTemplate":"https:\/\/www.jazzzeitung.de\/cms\/?s={search_term_string}"},"query-input":{"@type":"PropertyValueSpecification","valueRequired":true,"valueName":"search_term_string"}}],"inLanguage":"de"},{"@type":"Organization","@id":"https:\/\/www.jazzzeitung.de\/cms\/#organization","name":"JazzZeitung online","url":"https:\/\/www.jazzzeitung.de\/cms\/","logo":{"@type":"ImageObject","inLanguage":"de","@id":"https:\/\/www.jazzzeitung.de\/cms\/#\/schema\/logo\/image\/","url":"https:\/\/i0.wp.com\/www.jazzzeitung.de\/cms\/wp-content\/uploads\/2015\/08\/JAZZZEITUNGDE_Logo_Neu.png?fit=499%2C200&ssl=1","contentUrl":"https:\/\/i0.wp.com\/www.jazzzeitung.de\/cms\/wp-content\/uploads\/2015\/08\/JAZZZEITUNGDE_Logo_Neu.png?fit=499%2C200&ssl=1","width":499,"height":200,"caption":"JazzZeitung online"},"image":{"@id":"https:\/\/www.jazzzeitung.de\/cms\/#\/schema\/logo\/image\/"},"sameAs":["https:\/\/www.facebook.com\/JazzZeitung\/"]},{"@type":"Person","@id":"https:\/\/www.jazzzeitung.de\/cms\/#\/schema\/person\/2245b36b9cd1d24cea10f01c031fb92b","name":"Redaktion JazzZeitung","image":{"@type":"ImageObject","inLanguage":"de","@id":"https:\/\/i0.wp.com\/www.jazzzeitung.de\/cms\/wp-content\/uploads\/2015\/08\/JAZZZEITUNGDE_Logo_Neu.png?resize=96%2C96&ssl=159975dcacb611b5700bd619b5daf0a7a","url":"https:\/\/i0.wp.com\/www.jazzzeitung.de\/cms\/wp-content\/uploads\/2015\/08\/JAZZZEITUNGDE_Logo_Neu.png?resize=96%2C96&ssl=1","contentUrl":"https:\/\/i0.wp.com\/www.jazzzeitung.de\/cms\/wp-content\/uploads\/2015\/08\/JAZZZEITUNGDE_Logo_Neu.png?resize=96%2C96&ssl=1","caption":"Redaktion JazzZeitung"},"description":"Artikel der Redaktion der JazzZeitung.","sameAs":["http:\/\/www.jazzzeitung.de\/cms\/"],"url":"https:\/\/www.jazzzeitung.de\/cms\/author\/redaktion\/"}]}},"wp-worthy-pixel":{"ignored":false,"public":null,"server":null,"url":null},"wp-worthy-type":"normal","jetpack_publicize_connections":[],"cc_featured_image_caption":{"caption_text":"","source_text":"","source_url":""},"jetpack_featured_media_url":"https:\/\/i0.wp.com\/www.jazzzeitung.de\/cms\/wp-content\/uploads\/2024\/09\/Caroline-Thon2-scaled.jpg?fit=2560%2C1920&ssl=1","jetpack_shortlink":"https:\/\/wp.me\/p3KEcT-8e7","jetpack-related-posts":[{"id":23628,"url":"https:\/\/www.jazzzeitung.de\/cms\/2020\/10\/endlich-aufwachen-und-wieder-spielen-das-fuchsthone-orchestra-liess-in-duesseldorf-und-dinslaken-die-corona-zwangspause-hinter-sich\/","url_meta":{"origin":31627,"position":0},"title":"Endlich aufwachen und wieder spielen: Das Fuchsthone-Orchestra lie\u00df in D\u00fcsseldorf und Dinslaken die Corona-Zwangspause hinter sich","author":"Redaktion JazzZeitung","date":"15. Oktober 2020","format":false,"excerpt":"Es muss eine heftige Erfahrung f\u00fcr die Musikerinnen und Musiker gewesen sein: Eine Band reist zum ersehnten Auftritt an. Eine Band hat alles zum ersehnten Auftritt aufgebaut, dann hei\u00dft es wieder einpacken, weil die Veranstaltung in letzter Minute abgesagt wird. So geschehen im M\u00e4rz dieses Jahres, an jenem Wochenende, als\u2026","rel":"","context":"In &quot;Bericht&quot;","block_context":{"text":"Bericht","link":"https:\/\/www.jazzzeitung.de\/cms\/thema\/bericht\/"},"img":{"alt_text":"","src":"https:\/\/i0.wp.com\/www.jazzzeitung.de\/cms\/wp-content\/uploads\/2020\/10\/Heidi-Bayer-scaled.jpg?fit=1200%2C970&ssl=1&resize=350%2C200","width":350,"height":200,"srcset":"https:\/\/i0.wp.com\/www.jazzzeitung.de\/cms\/wp-content\/uploads\/2020\/10\/Heidi-Bayer-scaled.jpg?fit=1200%2C970&ssl=1&resize=350%2C200 1x, https:\/\/i0.wp.com\/www.jazzzeitung.de\/cms\/wp-content\/uploads\/2020\/10\/Heidi-Bayer-scaled.jpg?fit=1200%2C970&ssl=1&resize=525%2C300 1.5x, https:\/\/i0.wp.com\/www.jazzzeitung.de\/cms\/wp-content\/uploads\/2020\/10\/Heidi-Bayer-scaled.jpg?fit=1200%2C970&ssl=1&resize=700%2C400 2x, https:\/\/i0.wp.com\/www.jazzzeitung.de\/cms\/wp-content\/uploads\/2020\/10\/Heidi-Bayer-scaled.jpg?fit=1200%2C970&ssl=1&resize=1050%2C600 3x"},"classes":[]},{"id":31706,"url":"https:\/\/www.jazzzeitung.de\/cms\/2024\/09\/jazz-pott-jan-kazda-jazzfestival-wuerzburg-juergen-kerth\/","url_meta":{"origin":31627,"position":1},"title":"News: +++ \u201eJazz Pott\u201d f\u00fcr Jan Kazda +++ Programm Jazzfestival W\u00fcrzburg +++ J\u00fcrgen Kerth in Oberthulba +++","author":"Redaktion JazzZeitung","date":"25. September 2024","format":false,"excerpt":"+++ 27. \u201eJazz Pott\" geht an den Musiker und Komponisten Jan Kazda +++ Der Wuppertaler E-Bassist und (Film-)Komponist Jan Kazda steht nicht f\u00fcr den g\u00e4ngigen \u201eSound of Whoopatal\u201c \u2013 den Free Jazz \u2013 sondern f\u00fcr Art-Rock, Fusion-Jazz und originelle Kompositionen. Seit den 80er Jahren hat er, angefangen bei der Fusion-Band\u2026","rel":"","context":"In &quot;News&quot;","block_context":{"text":"News","link":"https:\/\/www.jazzzeitung.de\/cms\/thema\/nachrichten\/"},"img":{"alt_text":"Ein Mann mittleren Alters sitzt in grauem Anzug mit schwarzem Shirt darunter auf einer aus einem Theater ausrangierten Vierer-Stuhl-Reihe unter einem gro\u00dfen modernen Gem\u00e4lde.","src":"https:\/\/i0.wp.com\/www.jazzzeitung.de\/cms\/wp-content\/uploads\/2024\/09\/Jan_Kazda_rz_18_082_c-Silke-Kammann1.jpg?fit=1200%2C800&ssl=1&resize=350%2C200","width":350,"height":200,"srcset":"https:\/\/i0.wp.com\/www.jazzzeitung.de\/cms\/wp-content\/uploads\/2024\/09\/Jan_Kazda_rz_18_082_c-Silke-Kammann1.jpg?fit=1200%2C800&ssl=1&resize=350%2C200 1x, https:\/\/i0.wp.com\/www.jazzzeitung.de\/cms\/wp-content\/uploads\/2024\/09\/Jan_Kazda_rz_18_082_c-Silke-Kammann1.jpg?fit=1200%2C800&ssl=1&resize=525%2C300 1.5x, https:\/\/i0.wp.com\/www.jazzzeitung.de\/cms\/wp-content\/uploads\/2024\/09\/Jan_Kazda_rz_18_082_c-Silke-Kammann1.jpg?fit=1200%2C800&ssl=1&resize=700%2C400 2x, https:\/\/i0.wp.com\/www.jazzzeitung.de\/cms\/wp-content\/uploads\/2024\/09\/Jan_Kazda_rz_18_082_c-Silke-Kammann1.jpg?fit=1200%2C800&ssl=1&resize=1050%2C600 3x"},"classes":[]},{"id":25627,"url":"https:\/\/www.jazzzeitung.de\/cms\/2021\/09\/festivalland-nrw-die-livekultur-ist-wieder-da\/","url_meta":{"origin":31627,"position":2},"title":"Festivalland NRW: Die Livekultur ist wieder da!","author":"Redaktion JazzZeitung","date":"3. September 2021","format":false,"excerpt":"Wenn es um Jazz geht, dann ist NRW ein Festivalland. Vor allem jenseits der Jazzmetropole K\u00f6ln sind sie ein starker Imagetr\u00e4ger und verschaffen oft kleinen oder strukturschwachen St\u00e4dten eine \u00fcberregionale Ausstrahlung. Das Moers-Festival ist hier das prominenteste Beispiel. Immerhin fanden zu Pfingsten im Moerser Freizeitpark die allerersten Konzerte vor Publikum\u2026","rel":"","context":"In &quot;Bericht&quot;","block_context":{"text":"Bericht","link":"https:\/\/www.jazzzeitung.de\/cms\/thema\/bericht\/"},"img":{"alt_text":"","src":"https:\/\/i0.wp.com\/www.jazzzeitung.de\/cms\/wp-content\/uploads\/2021\/08\/Jazz-an-einem-Sommerabend.jpg?fit=1200%2C428&ssl=1&resize=350%2C200","width":350,"height":200,"srcset":"https:\/\/i0.wp.com\/www.jazzzeitung.de\/cms\/wp-content\/uploads\/2021\/08\/Jazz-an-einem-Sommerabend.jpg?fit=1200%2C428&ssl=1&resize=350%2C200 1x, https:\/\/i0.wp.com\/www.jazzzeitung.de\/cms\/wp-content\/uploads\/2021\/08\/Jazz-an-einem-Sommerabend.jpg?fit=1200%2C428&ssl=1&resize=525%2C300 1.5x, https:\/\/i0.wp.com\/www.jazzzeitung.de\/cms\/wp-content\/uploads\/2021\/08\/Jazz-an-einem-Sommerabend.jpg?fit=1200%2C428&ssl=1&resize=700%2C400 2x, https:\/\/i0.wp.com\/www.jazzzeitung.de\/cms\/wp-content\/uploads\/2021\/08\/Jazz-an-einem-Sommerabend.jpg?fit=1200%2C428&ssl=1&resize=1050%2C600 3x"},"classes":[]},{"id":21424,"url":"https:\/\/www.jazzzeitung.de\/cms\/2019\/12\/eine-ungewoehnliche-big-band-das-fuchsthone-orchestra\/","url_meta":{"origin":31627,"position":3},"title":"Eine ungew\u00f6hnliche Big Band &#8211;\u00a0das Fuchsthone Orchestra","author":"Redaktion JazzZeitung","date":"5. Dezember 2019","format":false,"excerpt":"Von Dietrich Schlegel - Es hat sich zusammengefunden, was l\u00e4ngst zusammengeh\u00f6rt: Die Saxophonistinnen Christina Fuchs und Caroline Thon haben ihre Erfahrungen mit gro\u00dforchestralem Jazz geb\u00fcndelt zu einer neuen Big Band - das Fuchsthone Orchestra, das mit ersten Konzerten in K\u00f6ln, Dortmund, Wuppertal und Aachen begeisterte. Ungew\u00f6hnlich ist allein schon die\u2026","rel":"","context":"In &quot;Portrait&quot;","block_context":{"text":"Portrait","link":"https:\/\/www.jazzzeitung.de\/cms\/thema\/portrait\/"},"img":{"alt_text":"","src":"https:\/\/i0.wp.com\/www.jazzzeitung.de\/cms\/wp-content\/uploads\/2019\/12\/Fuchsthone_Band.jpg?fit=1200%2C800&ssl=1&resize=350%2C200","width":350,"height":200,"srcset":"https:\/\/i0.wp.com\/www.jazzzeitung.de\/cms\/wp-content\/uploads\/2019\/12\/Fuchsthone_Band.jpg?fit=1200%2C800&ssl=1&resize=350%2C200 1x, https:\/\/i0.wp.com\/www.jazzzeitung.de\/cms\/wp-content\/uploads\/2019\/12\/Fuchsthone_Band.jpg?fit=1200%2C800&ssl=1&resize=525%2C300 1.5x, https:\/\/i0.wp.com\/www.jazzzeitung.de\/cms\/wp-content\/uploads\/2019\/12\/Fuchsthone_Band.jpg?fit=1200%2C800&ssl=1&resize=700%2C400 2x, https:\/\/i0.wp.com\/www.jazzzeitung.de\/cms\/wp-content\/uploads\/2019\/12\/Fuchsthone_Band.jpg?fit=1200%2C800&ssl=1&resize=1050%2C600 3x"},"classes":[]},{"id":17437,"url":"https:\/\/www.jazzzeitung.de\/cms\/2018\/10\/erklaerung-zur-gleichstellung-von-frauen-im-jazz-ruft-zur-mitzeichnung-auf\/","url_meta":{"origin":31627,"position":4},"title":"Erkl\u00e4rung zur Gleichstellung von Frauen im Jazz ruft zur Mitzeichnung auf","author":"Redaktion JazzZeitung","date":"11. Oktober 2018","format":false,"excerpt":"Anl\u00e4sslich ihres 24. Jazzforums, das am 11. und 12. Oktober 2018 im Kulturzentrum Pavillon in Hannover stattfindet,\u00a0 hat die Union Deutscher Jazz-Musiker\/-innen gemeinsam mit zahlreichen Erstunterzeichner\/-innen die \u201eGemeinsame Erkl\u00e4rung zur Gleichstellung von Frauen im Jazz\" ver\u00f6ffentlicht. Wie es in der vierseitigen Erkl\u00e4rung hei\u00dft, ist die Jazzszene Deutschlands \"nach wie vor\u2026","rel":"","context":"In &quot;News&quot;","block_context":{"text":"News","link":"https:\/\/www.jazzzeitung.de\/cms\/thema\/nachrichten\/"},"img":{"alt_text":"","src":"https:\/\/i0.wp.com\/www.jazzzeitung.de\/cms\/wp-content\/uploads\/2018\/05\/Moses-china_94.jpg?fit=1200%2C804&ssl=1&resize=350%2C200","width":350,"height":200,"srcset":"https:\/\/i0.wp.com\/www.jazzzeitung.de\/cms\/wp-content\/uploads\/2018\/05\/Moses-china_94.jpg?fit=1200%2C804&ssl=1&resize=350%2C200 1x, https:\/\/i0.wp.com\/www.jazzzeitung.de\/cms\/wp-content\/uploads\/2018\/05\/Moses-china_94.jpg?fit=1200%2C804&ssl=1&resize=525%2C300 1.5x, https:\/\/i0.wp.com\/www.jazzzeitung.de\/cms\/wp-content\/uploads\/2018\/05\/Moses-china_94.jpg?fit=1200%2C804&ssl=1&resize=700%2C400 2x, https:\/\/i0.wp.com\/www.jazzzeitung.de\/cms\/wp-content\/uploads\/2018\/05\/Moses-china_94.jpg?fit=1200%2C804&ssl=1&resize=1050%2C600 3x"},"classes":[]},{"id":17353,"url":"https:\/\/www.jazzzeitung.de\/cms\/2018\/10\/24-udj-jazzforum-am-11-12-oktober-2018-im-kulturzentrum-pavillon-in-hannover\/","url_meta":{"origin":31627,"position":5},"title":"24. UDJ-Jazzforum am 11.\/12. Oktober 2018 im Kulturzentrum Pavillon in Hannover","author":"Redaktion JazzZeitung","date":"2. Oktober 2018","format":false,"excerpt":"Am 11. und 12. Oktober 2018 findet das 24. UDJ-Jazzforum im Kulturzentrum Pavillon in Hannover statt. Unter anderem stehen in diesem Jahr spannende Panels mit viel Prominenz aus Szene und Politik auf dem Programm der zweit\u00e4gigen Tagung, zu der die Union Deutscher Jazzmusiker (UDJ) alle Interessierten bei kostenloser Anmeldung einl\u00e4dt.\u2026","rel":"","context":"In &quot;News&quot;","block_context":{"text":"News","link":"https:\/\/www.jazzzeitung.de\/cms\/thema\/nachrichten\/"},"img":{"alt_text":"","src":"https:\/\/i0.wp.com\/www.jazzzeitung.de\/cms\/wp-content\/uploads\/2018\/10\/240dpi_AMEO_Bandphoto%40Sibylle-Fendt.jpg?fit=1200%2C951&ssl=1&resize=350%2C200","width":350,"height":200,"srcset":"https:\/\/i0.wp.com\/www.jazzzeitung.de\/cms\/wp-content\/uploads\/2018\/10\/240dpi_AMEO_Bandphoto%40Sibylle-Fendt.jpg?fit=1200%2C951&ssl=1&resize=350%2C200 1x, https:\/\/i0.wp.com\/www.jazzzeitung.de\/cms\/wp-content\/uploads\/2018\/10\/240dpi_AMEO_Bandphoto%40Sibylle-Fendt.jpg?fit=1200%2C951&ssl=1&resize=525%2C300 1.5x, https:\/\/i0.wp.com\/www.jazzzeitung.de\/cms\/wp-content\/uploads\/2018\/10\/240dpi_AMEO_Bandphoto%40Sibylle-Fendt.jpg?fit=1200%2C951&ssl=1&resize=700%2C400 2x, https:\/\/i0.wp.com\/www.jazzzeitung.de\/cms\/wp-content\/uploads\/2018\/10\/240dpi_AMEO_Bandphoto%40Sibylle-Fendt.jpg?fit=1200%2C951&ssl=1&resize=1050%2C600 3x"},"classes":[]}],"jetpack_sharing_enabled":true,"_links":{"self":[{"href":"https:\/\/www.jazzzeitung.de\/cms\/wp-json\/wp\/v2\/posts\/31627","targetHints":{"allow":["GET"]}}],"collection":[{"href":"https:\/\/www.jazzzeitung.de\/cms\/wp-json\/wp\/v2\/posts"}],"about":[{"href":"https:\/\/www.jazzzeitung.de\/cms\/wp-json\/wp\/v2\/types\/post"}],"author":[{"embeddable":true,"href":"https:\/\/www.jazzzeitung.de\/cms\/wp-json\/wp\/v2\/users\/18"}],"replies":[{"embeddable":true,"href":"https:\/\/www.jazzzeitung.de\/cms\/wp-json\/wp\/v2\/comments?post=31627"}],"version-history":[{"count":1,"href":"https:\/\/www.jazzzeitung.de\/cms\/wp-json\/wp\/v2\/posts\/31627\/revisions"}],"predecessor-version":[{"id":31647,"href":"https:\/\/www.jazzzeitung.de\/cms\/wp-json\/wp\/v2\/posts\/31627\/revisions\/31647"}],"wp:featuredmedia":[{"embeddable":true,"href":"https:\/\/www.jazzzeitung.de\/cms\/wp-json\/wp\/v2\/media\/31628"}],"wp:attachment":[{"href":"https:\/\/www.jazzzeitung.de\/cms\/wp-json\/wp\/v2\/media?parent=31627"}],"wp:term":[{"taxonomy":"category","embeddable":true,"href":"https:\/\/www.jazzzeitung.de\/cms\/wp-json\/wp\/v2\/categories?post=31627"},{"taxonomy":"post_tag","embeddable":true,"href":"https:\/\/www.jazzzeitung.de\/cms\/wp-json\/wp\/v2\/tags?post=31627"},{"taxonomy":"author","embeddable":true,"href":"https:\/\/www.jazzzeitung.de\/cms\/wp-json\/wp\/v2\/coauthors?post=31627"}],"curies":[{"name":"wp","href":"https:\/\/api.w.org\/{rel}","templated":true}]}}