{"id":31600,"date":"2024-09-08T12:00:41","date_gmt":"2024-09-08T10:00:41","guid":{"rendered":"https:\/\/www.jazzzeitung.de\/cms\/?p=31600"},"modified":"2024-09-05T10:49:25","modified_gmt":"2024-09-05T08:49:25","slug":"die-erweiterte-jazz-radiowoche-vom-09-09-2024-bis-15-09-2024","status":"publish","type":"post","link":"https:\/\/www.jazzzeitung.de\/cms\/2024\/09\/die-erweiterte-jazz-radiowoche-vom-09-09-2024-bis-15-09-2024\/","title":{"rendered":"Die erweiterte Jazz-Radiowoche vom 09.09.2024 bis 15.09.2024"},"content":{"rendered":"<p>Ein kleiner Blick in die Radiowoche 37. Die \u00dcbersicht zum <a href=\"https:\/\/service.conbrio.de\/service\/download\/278\/\">Download als PDF<\/a><span style=\"text-decoration: line-through;\">.<\/span> Alle Angaben ohne Gew\u00e4hr. Erg\u00e4nzt mit den tollen Sendungen zur Neuen Musik von BR-KLASSIK und \u00d61.<\/p>\n<p>Leider hat die ARD ihre Suchmaschine in Fragen Radio in der Zwischenzeit komplett geschreddert, nachdem sie in den vergangenen Jahren schon nicht mehr \u00fcber Schlagworte funktioniert hat. Damit sind wir nun komplett auf Zulieferungen der Sendeanstalten angewiesen. Aktuell bekommen wir Informationen von SWR Kultur, \u00d61 und in Sachen Neue Musik von BR-KLASSIK und ebenfalls \u00d61.<\/p>\n<p>Gerne k\u00f6nnen die Programme mit einem gescheiten zeitlichen Vorlauf an hufner@nmz.de gesendet werden. Sie sollten sich mindestens n\u00e4herungsweise an das Format halten, das wir hier auch einsetzen.<\/p>\n<p><strong>Inhalt<\/strong><\/p>\n<ul>\n<li><a href=\"#_Toc176424574\">mo \u2013 09.09.24.. 4<\/a><\/li>\n<li><a href=\"#_Toc176424575\">di \u2013 10.09.24.. 5<\/a><\/li>\n<li><a href=\"#_Toc176424576\">mi \u2013 11.09.24.. 5<\/a><\/li>\n<li><a href=\"#_Toc176424577\">do \u2013 12.09.24.. 6<\/a><\/li>\n<li><a href=\"#_Toc176424578\">fr \u2013 13.09.24.. 6<\/a><\/li>\n<li><a href=\"#_Toc176424579\">sa \u2013 14.09.24.. 7<\/a><\/li>\n<li><a href=\"#_Toc176424580\">so \u2013 15.09.24.. 7<\/a><\/li>\n<\/ul>\n<h2><a name=\"_Toc174527976\"><\/a><\/h2>\n<hr \/>\n<h2><a name=\"_Toc175140589\"><\/a><a name=\"_Toc176424572\"><\/a>Senderliste<\/h2>\n<hr \/>\n<ul>\n<li><a href=\"https:\/\/oe1.orf.at\/\">ORF \u2013 \u00d61<\/a><\/li>\n<li><a href=\"https:\/\/www.deutschlandradio.de\/\">Deutschlandfunk<\/a> \u2013 \u201eFakten und mehr\u201c<\/li>\n<li><a href=\"https:\/\/www.deutschlandfunkkultur.de\/\">Deutschlandfunk-Kultur<\/a> \u2013 \u201eDas Feuilleton im Radio\u201c<\/li>\n<li><a href=\"https:\/\/www.ndr.de\/ndrkultur\/\">ndr Kultur<\/a> \u2013 H\u00f6ren und genie\u00dfen<\/li>\n<li><a href=\"https:\/\/www.bremenzwei.de\/\">radio bremen<\/a> \u2013 Neugier lohnt sich.<\/li>\n<li><a href=\"https:\/\/www.radiodrei.de\/\">radio 3<\/a> \u2013<\/li>\n<li><a href=\"https:\/\/www.mdr.de\/kultur\/radio\/index.html\">mdr-kultur<\/a> \u2013 Das Radio.<\/li>\n<li><a href=\"https:\/\/www1.wdr.de\/radio\/wdr3\/\">wdr3<\/a> \u2013 Das Kulturradio<\/li>\n<li><a href=\"https:\/\/www.hr2.de\/index.html\">hr2-kultur<\/a> \u2013 Das Kulturradio f\u00fcr Hessen.<\/li>\n<li><a href=\"https:\/\/www.sr.de\/sr\/sr2\/index.html\">sr2 Kulturradio<\/a> \u2013 \u2026 gut zu h\u00f6ren.<\/li>\n<li><a href=\"https:\/\/www.swr.de\/swr2\/\">swr <\/a>kultur \u2013 Kultur neu entdecken<\/li>\n<li><a href=\"https:\/\/www.br.de\/radio\/br-klassik\/index.html\">BR-KLASSIK<\/a> \u2013 Klassikstars geben auf BR-KLASSIK den Ton an. Attraktive Magazine bringen Interviews und Neuigkeiten aus dem Musikleben.<\/li>\n<li><a href=\"https:\/\/www.br.de\/radio\/bayern2\/index.html\">Bayern 2<\/a> \u2013 Preisgekr\u00f6ntes Radio f\u00fcr H\u00f6rer, die mehr wissen wollen<\/li>\n<\/ul>\n<hr \/>\n<h2><a name=\"_Toc175140590\"><\/a><a name=\"_Toc176424573\"><\/a>Internet<\/h2>\n<hr \/>\n<ul>\n<li>Schweden: <a href=\"https:\/\/sverigesradio.se\/tabla.aspx?programid=2562\">P2<\/a> sendet immer Dienstags von 21:00 bis 22:00 und Sonntags von 18:40 bis 20:00 ein Jazzkonzert<\/li>\n<li>Ungarn: <a href=\"https:\/\/mediaklikk.hu\/bartok\/\">Bartok Radio<\/a> sendet t\u00e4glich von 23:00 bis 23:55 eine Jazzsendung<\/li>\n<\/ul>\n<p>(Dank f\u00fcr die Hinweise an Reinhard Schr\u00f6der)<\/p>\n<hr \/>\n<h2><a name=\"_Toc176424574\"><\/a>mo \u2013 09.09.24<\/h2>\n<hr \/>\n<p>19:30:00 +++ \u00d61<br \/>\n<strong>US-Tenorsaxofonist Donny McCaslin und sein Quartett bei den INNt\u00f6nen 2024<\/strong><\/p>\n<p style=\"padding-left: 40px;\">Im Jahr 2016 war Donny McCaslin als jener Saxofonist in vieler Munde, der auf David Bowies letztem Album \u201eBlackstar\u201c mitwirkte: Ein verdienter Karriere-Beschleuniger f\u00fcr einen Mann, der unter Kennern der New Yorker Szene schon lange als exzellenter, kraftvoller Improvisator gesch\u00e4tzt wurde, u. a. im Orchester von Maria Schneider.<\/p>\n<p style=\"padding-left: 40px;\">Seither hat Donny McCaslin eine Reihe von spannenden Alben unter eigenem Namen vorgelegt, in denen er auf energiereiche, druckvolle Weise Jazz und Alternative-Rock-Sounds verschmilzt. Mit dieser Mischung und seinen treuen Quartett-Gef\u00e4hrten Jason Lindner (Keyboards), Tim Lefebvre (E-Bass) und Zach Danziger (Schlagzeug) begeisterte der zu diesem Zeitpunkt noch 57-j\u00e4hrige kalifornischst\u00e4mmige Saxofonist am 21. Juli 2024 zum Abschluss des INNt\u00f6ne-Festivals auf Paul Zauners Buchmannhof in Diersbach im ober\u00f6sterreichischen Innviertel das Publikum.<\/p>\n<p>23:03 \u2013 24:00 UHR \u2013 ARD Radiofestival. Jazz<br \/>\n<strong>Das basst! \u2013 Zum 80. Geburtstag von George Mraz<\/strong><\/p>\n<p style=\"padding-left: 40px;\">Von Henry Altmann . In kleinen Pausen nach oben sausen und dennoch ein St\u00fcck immer von der Musik her denken \u2013 bezeichnend, dass George Mraz erst in der Sp\u00e4tphase seiner Karriere eine erste Platte unter eigenem Namen aufnahm. Auf \u00fcber 900 Alben machte der Bassist als Begleiter die Solisten besser \u2013 und trotzdem seinen Kontrabass virtuos und technisch makellos zur Bass-Geige. Anders als sein Kollege Charles Mingus hat der Exil-Tscheche den Jazz nicht revolutioniert, aber er hat ihn ausformuliert \u2013 und auch ein wenig erweitert, zum Beispiel beim 15. NDR Jazz Workshop 1966.<\/p>\n<p>23:03 bis 24:00 +++ \u00d61<br \/>\n<strong>Neues vom Rostrum of Composers (2) \u2013 Die 70. <\/strong><strong>Ausgabe des reichweitenst\u00e4rksten Wettbewerbs f\u00fcr zeitgen\u00f6ssische Musik<\/strong><\/p>\n<p style=\"padding-left: 40px;\">Den Eurovision Song Contest gibt es seit 1956. Bereits zwei Jahre fr\u00fcher hat ein \u00e4hnlicher Wettbewerb erstmals stattgefunden, allerdings im Bereich der zeitgen\u00f6ssischen Musik: das \u201eInternational Rostrum of Composers\u201c. Das Wort Rostrum ist lateinischer Herkunft und steht hier f\u00fcr die Trib\u00fcne, die man neuesten Kompositionen bieten will. Eine Trib\u00fcne mit gro\u00dfer Breitenwirkung: Alle teilnehmenden Radiostationen verpflichten sich, zumindest zw\u00f6lf Werke, darunter auch die Siegerst\u00fccke, zu senden. Es ist ohne Zweifel die gr\u00f6\u00dfte Plattform f\u00fcr den Austausch von Musik der Gegenwart, wie die Statistik beweist: Mehr als 650 Mal ist ein Werk des letztj\u00e4hrigen Rostrum of Composers weltweit gesendet worden.<\/p>\n<p style=\"padding-left: 40px;\">Die 70. Ausgabe des Rostrum of Composers hat vom 14. bis 17. Mai 2024 in Litauens Hauptstadt Vilnius stattgefunden. 21 L\u00e4nder aus drei Kontinenten haben insgesamt 31 Mitschnitte eingereicht. Als \u201eselected work\u201c wurde ein Werk aus Polen ausgezeichnet: \u201eTotentanz\u201c von Rafal Ryterski. Diese Komposition und das Siegerst\u00fcck der U30-Kategorie von Thomas van Dun haben wir bereits im Juli vorgestellt. In zwei \u201eZeit-Ton\u201c-Sendungen sind nun weitere bemerkenswerte Einreichungen vom Jubil\u00e4ums-Rostrum zu h\u00f6ren.<\/p>\n<p style=\"padding-left: 40px;\">Das j\u00e4hrlich stattfindende Rostrum of Composers ist ein Programm des \u201eInternational Music Council\u201c der UNESCO unter Mitwirkung der European Broadcasting Union (EBU). Co-Organisator der heurigen Jubil\u00e4ums-Ausgabe des Rostrum-of composers waren der Litauische Rundfunk LRT und der Litauische Komponistenverband. Gestaltung: Rainer Elstner<\/p>\n<hr \/>\n<h2><a name=\"_Toc176424575\"><\/a>di \u2013 10.09.24<\/h2>\n<hr \/>\n<p>23:03 \u2013 24:00 UHR \u2013 ARD Radiofestival. Jazz<br \/>\n<strong>H\u00f6ren wir Gutes und reden dar\u00fcber<\/strong><\/p>\n<p style=\"padding-left: 40px;\">Von Beate Sampson, Roland Spiegel, Ulrich Habersetzer. \u201eEine Sendung wie eine Insel. Drau\u00dfen herrscht hoher Seegang, aber was im Hier und Jetzt z\u00e4hlt, das sind handverlesene T\u00f6ne, die in die Ohren des Publikums tropfen\u201c. Das schrieb 2022 die Grimme-Jury in ihrer Begr\u00fcndung daf\u00fcr, dass \u201eH\u00f6ren wir Gutes und reden dar\u00fcber\u201c den Deutschen Radiopreis als \u201eBeste Sendung\u201c erhielt. Wir nehmen Sie mit auf diese H\u00f6r-Insel! Jede und jeder stellt ein neues Jazzalbum vor, ohne den anderen zu verraten, worum es sich handelt. H\u00f6ren, r\u00e4tseln und laut nachdenken \u00fcber T\u00f6ne \u2013 darum geht es bei \u201eH\u00f6ren wir Gutes\u201c. Lassen Sie sich \u00fcberraschen!.<\/p>\n<p>23:03 bis 24:00 +++ \u00d61<br \/>\n<strong>Neues vom Rostrum of Composers (3) \u2013 Die 70. Ausgabe des reichweitenst\u00e4rksten Wettbewerbs f\u00fcr zeitgen\u00f6ssische Musik<\/strong><\/p>\n<p style=\"padding-left: 40px;\">Den Eurovision Song Contest gibt es seit 1956. Bereits zwei Jahre fr\u00fcher hat ein \u00e4hnlicher Wettbewerb erstmals stattgefunden, allerdings im Bereich der zeitgen\u00f6ssischen Musik: das \u201eInternational Rostrum of Composers\u201c. Das Wort Rostrum ist lateinischer Herkunft und steht hier f\u00fcr die Trib\u00fcne, die man neuesten Kompositionen bieten will. Eine Trib\u00fcne mit gro\u00dfer Breitenwirkung: Alle teilnehmenden Radiostationen verpflichten sich, zumindest zw\u00f6lf Werke, darunter auch die Siegerst\u00fccke, zu senden. Es ist ohne Zweifel die gr\u00f6\u00dfte Plattform f\u00fcr den Austausch von Musik der Gegenwart, wie die Statistik beweist: Mehr als 650 Mal ist ein Werk des letztj\u00e4hrigen Rostrum of Composers weltweit gesendet worden.<\/p>\n<p style=\"padding-left: 40px;\">Die 70. Ausgabe des Rostrum of Composers hat vom 14. bis 17. Mai 2024 in Litauens Hauptstadt Vilnius stattgefunden. 21 L\u00e4nder aus drei Kontinenten haben insgesamt 31 Mitschnitte eingereicht. Als \u201eselected work\u201c wurde ein Werk aus Polen ausgezeichnet: \u201eTotentanz\u201c von Rafal Ryterski. Diese Komposition und das Siegerst\u00fcck der U30-Kategorie von Thomas van Dun haben wir bereits im Juli vorgestellt. In zwei \u201eZeit-Ton\u201c-Sendungen sind nun weitere bemerkenswerte Einreichungen vom Jubil\u00e4ums-Rostrum zu h\u00f6ren.<\/p>\n<p style=\"padding-left: 40px;\">Das j\u00e4hrlich stattfindende Rostrum of Composers ist ein Programm des \u201eInternational Music Council\u201c der UNESCO unter Mitwirkung der European Broadcasting Union (EBU). Co-Organisator der heurigen Jubil\u00e4ums-Ausgabe des Rostrum-of composers waren der Litauische Rundfunk LRT und der Litauische Komponistenverband. Gestaltung: Rainer Elstner<\/p>\n<hr \/>\n<h2><a name=\"_Toc176424576\"><\/a>mi \u2013 11.09.24<\/h2>\n<hr \/>\n<p>23:03 \u2013 24:00 UHR \u2013 ARD Radiofestival. Jazz<br \/>\n<strong>Das Jazz-Label Berthold Records<\/strong><\/p>\n<p style=\"padding-left: 40px;\">Von Till Lorenzen . Es war ein gro\u00dfer Moment f\u00fcr die Jazz-Musikerin Mirna Bogdanovi\u0107, als sie am 18. April in K\u00f6ln die Troph\u00e4e f\u00fcrs Album des Jahres beim Deutschen Jazzpreis entgegennehmen konnte. Mindestens genauso gro\u00df war die Freude bei Anton Berthold und Nicholas Bild von ihrer Plattenfirma Berthold Records. In den vergangenen 15 Jahren hat sich das Label zu einer wichtigen Adresse f\u00fcr junge Talente und kreative K\u00f6pfe der Jazzszene entwickelt. Auch international sind sie immer besser vernetzt. Ein Portr\u00e4t \u00fcber ihre Arbeit inklusive Musik ihrer Acts wie Ganna, Malstrom oder Orbit Kid.<\/p>\n<hr \/>\n<h2><a name=\"_Toc176424577\"><\/a>do \u2013 12.09.24<\/h2>\n<hr \/>\n<p>23:03 \u2013 24:00 UHR \u2013 ARD Radiofestival. Jazz<br \/>\n<strong>\u201eFreedom in the groove\u201d \u2013 Jazz am Hafen mit Cordula Hamacher und G\u00e4sten<\/strong><\/p>\n<p style=\"padding-left: 40px;\">Von Gabi Szarvas . Das Silo am Saarbr\u00fccker Osthafen hat sich in den letzten Jahren zur Trendlocation entwickelt. Der historische Industriebau bietet die charmante Kulisse f\u00fcr Partys, Konzerte, Techno-Events und einen Biergarten, direkt am Saar-Ufer. Die im Saarland lebende Saxofonistin Cordula Hamacher hat dort mit \u201eJazz am Hafen\u201c eine neue Veranstaltungsreihe etabliert. Er\u00f6ffnet wurde die aktuelle Auflage am 28. Juli unter dem Motto \u201eFreedom in the groove\u201c. Cordula Hamacher spielte mit den Luxemburger Wahlsaarl\u00e4ndern Gilles Grethen und Michel Meis, Gastmusiker aus Frankreich war Organist Jean-Yves Jung.<\/p>\n<hr \/>\n<h2><a name=\"_Toc176424578\"><\/a>fr \u2013 13.09.24<\/h2>\n<hr \/>\n<p>14:05:00 +++ \u00d61<br \/>\n<strong>Leonard Cohen im Juli 2008 in London<\/strong><\/p>\n<p style=\"padding-left: 40px;\">Im Jahr 2008 beschlie\u00dft der damals 73-j\u00e4hrige Leonard Cohen, auf Tournee in Kanada und Europa zu gehen. Der Grund ist ein n\u00fcchterner: Die ehemalige Managerin des kanadischen Singer\/Songwriters hat einen Gro\u00dfteil seines doch beachtlichen Verm\u00f6gens durchgebracht. Cohen, der kurz zuvor mehrere Jahre in einem Zen-Kloster verbracht hat, nimmt das Malheur mit buddhistischer Gelassenheit.<\/p>\n<p style=\"padding-left: 40px;\">Zw\u00f6lf Jahre zuvor ist er zum letzten Mal aufgetreten, und er hat damals einen eher m\u00fcrrischen Eindruck hinterlassen. Nichts davon ist auf der Tour zu sp\u00fcren, bei der das Konzert in der Londoner O2 Arena vom 17. Juli 2008 mitgeschnitten wird. Leonard Cohen spielt alle seine Hits wie \u201eSuzanne\u201c oder \u201eDance Me to the End of Love\u201c und flirtet charmant mit dem Publikum. Er gibt alles und bekommt dementsprechend viel zur\u00fcck. Am 21. September j\u00e4hrt sich der Geburtstag des 2016 verstorbenen Troubadours zum 90. Mal.<\/p>\n<p>23:03 \u2013 24:00 UHR \u2013 ARD Radiofestival. Jazz<br \/>\n<strong>Aktuelle Jazzaufnahmen<\/strong><\/p>\n<p style=\"padding-left: 40px;\">Von Anja Buchmann. Er leitete 30 Jahre lang hauptberuflich das Familienunternehmen, bis er sich ganz der Musik widmete: Franco Ambrosetti hat mit vielen Gr\u00f6\u00dfen des amerikanischen und europ\u00e4ischen Jazz gespielt und schenkt sich nun im fortgeschrittenen Alter ein Album mit Jazztrio und 29-k\u00f6pfigem Orchester. Ganz andere Musik macht das Quintett SML (Small Medium Large) aus Los Angeles: Sie haben spontane Improvisationen editiert, zerschnitten und neu zusammengesetzt: Musik mit pulsierenden Grooves zwischen analog und elektronisch.<\/p>\n<p>23:03 bis 24:00 +++ \u00d61<br \/>\n<strong>Wenn die Geister in alten Maschinen zu neuem Leben erwachen \u2013 musikprotokoll 2024. Nicole Liz\u00e9e im Zeit-Ton Portrait<\/strong><\/p>\n<p style=\"padding-left: 40px;\">Nicole Liz\u00e9e ist fasziniert von aus der Mode gekommener Technologie und den Fehlern, die diese alten Maschinen produzieren. Mit viel Akribie notiert die Komponistin ihre immer wieder aufs Neue \u00fcberraschenden St\u00f6rger\u00e4usche, um sie schlie\u00dflich in die Partituren ihrer St\u00fccke einzuflechten und sie dabei mitunter auch ins Zentrum zu stellen. Liz\u00e9e schreibt f\u00fcr Orchester ebenso wie f\u00fcr Turntablisten. Oftmals spielt sie bei der Auff\u00fchrung ihrer Werke selbst mit, umgeben von einem illustren Instrumentenpark, in dem sich u.a. auch eine Atari 2600 Videospielkonsole, diverse Omnichords und Stylophone befinden. Mit ihrer Musik vermag es Nicole Liz\u00e9e die Geister, die in diesen alterw\u00fcrdigen Maschinen schlummern, wieder zum Leben zu erwecken.<\/p>\n<p style=\"padding-left: 40px;\">Kennengelernt haben wir die vielfach preisgekr\u00f6nte kanadische Komponistin 2017 beim Montreal New Music Festival der SMCQ, der Soci\u00e9t\u00e9 de musique contemporaine du Qu\u00e9bec. F\u00fcr das diesj\u00e4hrige ORF musikprotokoll hat sie ein neues Orchesterst\u00fcck komponiert, zur Urauff\u00fchrung gebracht werden wird dieses am 5. Oktober in der Grazer Helmut List Halle vom RSO Wien unter der musikalischen Leitung von Roland Kluttig. Diesmal lie\u00df sich Nicole Liz\u00e9e von den fehlerhaften Produkten k\u00fcnstlicher Intelligenz inspirieren. Gestaltung: Susanna Niedermayr<\/p>\n<hr \/>\n<h2><a name=\"_Toc176424579\"><\/a>sa \u2013 14.09.24<\/h2>\n<hr \/>\n<p>18:20 \u2013 19:00 UHR \u2013 SWR Kultur Jazz<br \/>\n<strong>Homezone \u2013 Jazz in S\u00fcdwest<\/strong><\/p>\n<p style=\"padding-left: 40px;\">Von Konrad Bott. Die monatliche Sendereihe \u201eHomezone\u201c f\u00fchrt regelm\u00e4\u00dfig an die vielen verschiedenen Orte, an denen der Jazz im S\u00fcdwesten zu Hause ist. Neben Konzertaufnahmen aus unserem Archiv und aktuellen Studioproduktionen gibt es immer auch einen thematischen Schwerpunkt.<\/p>\n<hr \/>\n<h2><a name=\"_Toc176424580\"><\/a>so \u2013 15.09.24<\/h2>\n<hr \/>\n<p>00:05:00 +++ \u00d61<br \/>\n<strong>Barbara Bruckm\u00fcller \u00fcber \u201eThree Views of a Musical Piece\u201c, Moritz Gamper und Gottfried Gfrerer beim Vienna Blues Spring 2024<\/strong><\/p>\n<p style=\"padding-left: 40px;\">Zu Gast im \u00d61 Jazznacht-Studio ist die Komponistin Barbara Bruckm\u00fcller, die ihr neues Projekt \u201eThree Views of a Musical Piece\u201c vorstellen wird. In Zusammenarbeit mit dem kubanischen Pianisten Aru\u00e1n Ortiz entwarf Bruckm\u00fcller drei unterschiedliche Arrangements ihrer Komposition \u201eA Chain of Moments \u2013 Suite in Five Movements\u201c. Bei diesem ehrgeizigen Unterfangen erkundete sie die Vielschichtigkeit der originalen Partitur aus drei sehr unterschiedlichen musikalischen Perspektiven, n\u00e4mlich mit Streichquartett, einem Jazz-Sextett und schlie\u00dflich mit Jazzorchester, jeweils komplettiert durch das virtuose K\u00f6nnen von Ortiz am Klavier.<\/p>\n<p style=\"padding-left: 40px;\">Dokumentiert wurde diese Klangreise auf einem im August 2024 erschienenen 3-CD-Album, das Bruckm\u00fcllers bemerkenswerte Vielseitigkeit als Komponistin und Arrangeurin demonstriert.<\/p>\n<p style=\"padding-left: 40px;\">Als Live-Mitschnitt der \u00d61 Jazznacht gibt es ein Konzert mit dem Gitarristen, S\u00e4nger und Songwriter Moritz Gamper zu h\u00f6ren. Der Musiker aus S\u00fcdtirol, der sich nun schon seit l\u00e4ngerem mit Roots Music und Blues auseinandersetzt, trat gemeinsam mit dem Slidegitarristen Gottfried Gfrerer am 17. Mai dieses Jahres im Mozarthaus Wien auf \u2013 im Rahmen des Vienna Blues Spring, der heuer seine 20. Auflage erlebte. An jenem Abend waren die beiden Gitarristen erstmals im Duo zu erleben und spannten den Bogen von den Fr\u00fchformen des Blues bis in die musikalische Gegenwart.<\/p>\n<p>17:10:00 +++ \u00d61<br \/>\n<strong>Zum 90. Geburtstag (I): Leonard Cohen und seine Backgrounds\u00e4ngerinnen: Sharon Robinson, Dana<\/strong><\/p>\n<p style=\"padding-left: 40px;\">Leonard Cohen, der gro\u00dfartige kanadische S\u00e4nger, Songwriter und Dichter, der am 21. September 2024 neunzig Jahre alt geworden w\u00e4re, war bekannt f\u00fcr seine tiefgr\u00fcndigen Texte und seine markante, rauchige Stimme. Ein oft untersch\u00e4tzter Aspekt seiner Musik sind jedoch die wunderbaren Stimmen hinter ihm. Die Backgrounds\u00e4ngerinnen spielten eine wesentliche Rolle in Cohens Musik und trugen entscheidend zu seinem einzigartigen Sound bei. Im Laufe seiner Karriere arbeitete Cohen mit vielen talentierten S\u00e4ngerinnen zusammen, darunter Dana Glover, die Webb Sisters, Jennifer Warnes und Sharon Robinson.<\/p>\n<p>19:05:00 +++ \u00d61<br \/>\n<strong>Das Sweetlife Quartet der Tiroler Saxofonistin Yvonne Moriel stellt sich vor<\/strong><\/p>\n<p style=\"padding-left: 40px;\">Jazz und elektronische Sounds, verschmolzen mit Dub- und Reggae-Elementen sowie \u201eJ-Dilla Beats\u201c (nach dem 2006 verstorbenen US-HipHop-Produzenten J Dilla) \u2013 so muss man sich die Musik des Sweetlife Quartet vorstellen.<\/p>\n<p style=\"padding-left: 40px;\">Die gleichnamige, als genre\u00fcbergreifendes Experiment geplante EP der Tiroler Altsaxofonistin und Fl\u00f6tistin Yvonne Moriel legte den Grundstein f\u00fcr die 2022 begonnene Live-Umsetzung der Musik, die seither einer stetigen Weiterentwicklung unterzogen wird. Im Zuge der \u00d61 Hausmusik-Performance sind neben Yvonne Moriel auch Lorenz Widauer (Trompete), Stephanie Weninger (Keyboards) und Raphael Vorraber (Schlagzeug) mit dabei.<\/p>\n<p>19:17 \u2013 20:00 UHR \u2013 SWR Kultur Big Time Jazz<br \/>\n<strong>Jazz-Orchester, Big Band, Oktett \u2013 hier kommt Musik mit Vielen! <\/strong><\/p>\n<p style=\"padding-left: 40px;\">Im Big Time Jazz stellen wir f\u00fcr Sie interessante und sch\u00f6ne Kl\u00e4nge zusammen \u2013 von gro\u00dfen Ensembles aus dem Jazz und der improvisierten Musik. Wir bergen Archivaufnahmen und durchforsten Neuver\u00f6ffentlichungen f\u00fcr eine Zeit, die ganz den gro\u00dfen Kl\u00e4ngen geh\u00f6rt.<\/p>\n<p>23:03 bis 24:00 +++ \u00d61<br \/>\n<strong>Er\u00f6ffnungskonzert der Klangspuren Schwaz \u2013 Werke von Beat Furrer, Mariam Rezaei &amp; Matthew Shlomowitz sowie Didem Co\u015fkunseven<\/strong><\/p>\n<p style=\"padding-left: 40px;\">Die Klangspuren fassen in ihren Er\u00f6ffnungskonzerten jene Komponisten und Musikrichtungen zusammen, deren Werke und Stile f\u00fcr das kommende Festival pr\u00e4gend sind. Und so startet das Konzertprogramm \u201eklassisch zeitgen\u00f6ssisch\u201c mit Beat Furrers \u201eLichtung\u201c f\u00fcr Orchester, einem Werk, das im Rahmen des Luzerne Festivals im Vorjahr uraufgef\u00fchrt wurde und das jetzt seine \u00d6sterreichische Erstauff\u00fchrung erlebt. Die klangliche Idee, die ihm zugrunde liegt, ist das Ph\u00e4nomen der Lichtbrechung oder das Flimmern der Luft bei Hitze \u2013 aus irisierend diffusen Fl\u00e4chen sch\u00e4len sich allm\u00e4hlich konkrete Gegenst\u00e4nde heraus.<\/p>\n<p style=\"padding-left: 40px;\">Hier trifft sich Furrers Musik mit jener von Mariam Rezaeis Kl\u00e4ngen, die ebenfalls, aber auf ganz andere Weise, ihren Aggregatzustand ver\u00e4ndern: Die Musik der britischen Komponistin, DJ und Improvisatorin wird in ihrer Heimat als \u201ewirklich bahnbrechend\u201c (\u201eLondon Jazz News\u201c) und als \u201eHochgeschwindigkeits-Klangsurrealismus\u201c (\u201eThe Guardian\u201c) beschrieben. Das Werk \u201esix scenes for turntables and orchestra\u201c ist eine Kooperation mit dem australischen Komponisten Matthew Shlomowitz \u2013 beide entwickeln mit Orchester und Plattenspielern eine Reise, die \u00e4hnlich wie Modest Mussorgsky Bilder einer Ausstellung funktioniert.<\/p>\n<p style=\"padding-left: 40px;\">Die Urauff\u00fchrung des Abends stammt von Didem Cos\u0327kunseven. Geboren in der T\u00fcrkei, lebt die Komponistin, Tonk\u00fcnstlerin und Elektromusikerin in Berkley, Kalifornien. Ihre Werke reichen von akustischen Kompositionen f\u00fcr Ensembles, \u00fcber elektronische Musik bis hin zu B\u00fchnenproduktionen und Installationen. Zudem tritt Cos\u0327kunseven als Elektronikmusikerin und Improvisatorin auf. Die griechische Dirigentin Zoi Tsokanou leitete das Tiroler Symphonieorchester Innsbruck. Gestaltung: Patrizia Jilg<\/p>\n","protected":false},"excerpt":{"rendered":"<p>Jazz im Radio \u2013 Jeden Sonntag gibt es um 12 Uhr unsere \u00dcbersicht f\u00fcr die jeweils nachfolgende Woche. Die #Jazz-Radiowoche vom 9. bis 15. September 2024. Erheblich ausged\u00fcnnt. Die ARD schafft ihr Radio gewisserma\u00dfen ab. Auch als PDF zum Download \u2013 #Jazz #JazzZeitung #Radio #Radiowoche \u2013 Ein Service unserer Online-Redaktion.<\/p>\n","protected":false},"author":1,"featured_media":30245,"comment_status":"open","ping_status":"closed","sticky":false,"template":"","format":"standard","meta":{"_jetpack_memberships_contains_paid_content":false,"footnotes":"","jetpack_publicize_message":"","jetpack_publicize_feature_enabled":true,"jetpack_social_post_already_shared":true,"jetpack_social_options":{"image_generator_settings":{"template":"highway","default_image_id":0,"font":"","enabled":false},"version":2}},"categories":[633,452],"tags":[3773,1629],"coauthors":[650],"class_list":["post-31600","post","type-post","status-publish","format-standard","has-post-thumbnail","hentry","category-nachrichten","category-radio","tag-die-radiowoche","tag-jazz-im-radio"],"yoast_head":"<!-- This site is optimized with the Yoast SEO plugin v27.5 - https:\/\/yoast.com\/product\/yoast-seo-wordpress\/ -->\n<title>Die erweiterte Jazz-Radiowoche vom 09.09.2024 bis 15.09.2024 - JazzZeitung<\/title>\n<meta name=\"robots\" content=\"index, follow, max-snippet:-1, max-image-preview:large, max-video-preview:-1\" \/>\n<link rel=\"canonical\" href=\"https:\/\/www.jazzzeitung.de\/cms\/2024\/09\/die-erweiterte-jazz-radiowoche-vom-09-09-2024-bis-15-09-2024\/\" \/>\n<meta property=\"og:locale\" content=\"de_DE\" \/>\n<meta property=\"og:type\" content=\"article\" \/>\n<meta property=\"og:title\" content=\"Die erweiterte Jazz-Radiowoche vom 09.09.2024 bis 15.09.2024 - JazzZeitung\" \/>\n<meta property=\"og:description\" content=\"Jazz im Radio \u2013 Jeden Sonntag gibt es um 12 Uhr unsere \u00dcbersicht f\u00fcr die jeweils nachfolgende Woche. Die #Jazz-Radiowoche vom 9. bis 15. September 2024. Erheblich ausged\u00fcnnt. Die ARD schafft ihr Radio gewisserma\u00dfen ab. Auch als PDF zum Download \u2013 #Jazz #JazzZeitung #Radio #Radiowoche \u2013 Ein Service unserer Online-Redaktion.\" \/>\n<meta property=\"og:url\" content=\"https:\/\/www.jazzzeitung.de\/cms\/2024\/09\/die-erweiterte-jazz-radiowoche-vom-09-09-2024-bis-15-09-2024\/\" \/>\n<meta property=\"og:site_name\" content=\"JazzZeitung\" \/>\n<meta property=\"article:publisher\" content=\"https:\/\/www.facebook.com\/JazzZeitung\/\" \/>\n<meta property=\"article:author\" content=\"https:\/\/www.facebook.com\/hufner\" \/>\n<meta property=\"article:published_time\" content=\"2024-09-08T10:00:41+00:00\" \/>\n<meta property=\"og:image\" content=\"https:\/\/i0.wp.com\/www.jazzzeitung.de\/cms\/wp-content\/uploads\/2023\/11\/radio.jpg?fit=768%2C576&ssl=1\" \/>\n\t<meta property=\"og:image:width\" content=\"768\" \/>\n\t<meta property=\"og:image:height\" content=\"576\" \/>\n\t<meta property=\"og:image:type\" content=\"image\/jpeg\" \/>\n<meta name=\"author\" content=\"Martin Hufner\" \/>\n<script type=\"application\/ld+json\" class=\"yoast-schema-graph\">{\"@context\":\"https:\\\/\\\/schema.org\",\"@graph\":[{\"@type\":\"Article\",\"@id\":\"https:\\\/\\\/www.jazzzeitung.de\\\/cms\\\/2024\\\/09\\\/die-erweiterte-jazz-radiowoche-vom-09-09-2024-bis-15-09-2024\\\/#article\",\"isPartOf\":{\"@id\":\"https:\\\/\\\/www.jazzzeitung.de\\\/cms\\\/2024\\\/09\\\/die-erweiterte-jazz-radiowoche-vom-09-09-2024-bis-15-09-2024\\\/\"},\"author\":{\"name\":\"Martin Hufner\",\"@id\":\"https:\\\/\\\/www.jazzzeitung.de\\\/cms\\\/#\\\/schema\\\/person\\\/b9a4e5ac765d94fb8f617bfa8f1fc5f7\"},\"headline\":\"Die erweiterte Jazz-Radiowoche vom 09.09.2024 bis 15.09.2024\",\"datePublished\":\"2024-09-08T10:00:41+00:00\",\"mainEntityOfPage\":{\"@id\":\"https:\\\/\\\/www.jazzzeitung.de\\\/cms\\\/2024\\\/09\\\/die-erweiterte-jazz-radiowoche-vom-09-09-2024-bis-15-09-2024\\\/\"},\"wordCount\":2512,\"commentCount\":0,\"publisher\":{\"@id\":\"https:\\\/\\\/www.jazzzeitung.de\\\/cms\\\/#organization\"},\"image\":{\"@id\":\"https:\\\/\\\/www.jazzzeitung.de\\\/cms\\\/2024\\\/09\\\/die-erweiterte-jazz-radiowoche-vom-09-09-2024-bis-15-09-2024\\\/#primaryimage\"},\"thumbnailUrl\":\"https:\\\/\\\/i0.wp.com\\\/www.jazzzeitung.de\\\/cms\\\/wp-content\\\/uploads\\\/2023\\\/11\\\/radio.jpg?fit=768%2C576&ssl=1\",\"keywords\":[\"Die Radiowoche\",\"Jazz im Radio\"],\"articleSection\":[\"News\",\"Radio\"],\"inLanguage\":\"de\",\"potentialAction\":[{\"@type\":\"CommentAction\",\"name\":\"Comment\",\"target\":[\"https:\\\/\\\/www.jazzzeitung.de\\\/cms\\\/2024\\\/09\\\/die-erweiterte-jazz-radiowoche-vom-09-09-2024-bis-15-09-2024\\\/#respond\"]}]},{\"@type\":\"WebPage\",\"@id\":\"https:\\\/\\\/www.jazzzeitung.de\\\/cms\\\/2024\\\/09\\\/die-erweiterte-jazz-radiowoche-vom-09-09-2024-bis-15-09-2024\\\/\",\"url\":\"https:\\\/\\\/www.jazzzeitung.de\\\/cms\\\/2024\\\/09\\\/die-erweiterte-jazz-radiowoche-vom-09-09-2024-bis-15-09-2024\\\/\",\"name\":\"Die erweiterte Jazz-Radiowoche vom 09.09.2024 bis 15.09.2024 - JazzZeitung\",\"isPartOf\":{\"@id\":\"https:\\\/\\\/www.jazzzeitung.de\\\/cms\\\/#website\"},\"primaryImageOfPage\":{\"@id\":\"https:\\\/\\\/www.jazzzeitung.de\\\/cms\\\/2024\\\/09\\\/die-erweiterte-jazz-radiowoche-vom-09-09-2024-bis-15-09-2024\\\/#primaryimage\"},\"image\":{\"@id\":\"https:\\\/\\\/www.jazzzeitung.de\\\/cms\\\/2024\\\/09\\\/die-erweiterte-jazz-radiowoche-vom-09-09-2024-bis-15-09-2024\\\/#primaryimage\"},\"thumbnailUrl\":\"https:\\\/\\\/i0.wp.com\\\/www.jazzzeitung.de\\\/cms\\\/wp-content\\\/uploads\\\/2023\\\/11\\\/radio.jpg?fit=768%2C576&ssl=1\",\"datePublished\":\"2024-09-08T10:00:41+00:00\",\"breadcrumb\":{\"@id\":\"https:\\\/\\\/www.jazzzeitung.de\\\/cms\\\/2024\\\/09\\\/die-erweiterte-jazz-radiowoche-vom-09-09-2024-bis-15-09-2024\\\/#breadcrumb\"},\"inLanguage\":\"de\",\"potentialAction\":[{\"@type\":\"ReadAction\",\"target\":[\"https:\\\/\\\/www.jazzzeitung.de\\\/cms\\\/2024\\\/09\\\/die-erweiterte-jazz-radiowoche-vom-09-09-2024-bis-15-09-2024\\\/\"]}]},{\"@type\":\"ImageObject\",\"inLanguage\":\"de\",\"@id\":\"https:\\\/\\\/www.jazzzeitung.de\\\/cms\\\/2024\\\/09\\\/die-erweiterte-jazz-radiowoche-vom-09-09-2024-bis-15-09-2024\\\/#primaryimage\",\"url\":\"https:\\\/\\\/i0.wp.com\\\/www.jazzzeitung.de\\\/cms\\\/wp-content\\\/uploads\\\/2023\\\/11\\\/radio.jpg?fit=768%2C576&ssl=1\",\"contentUrl\":\"https:\\\/\\\/i0.wp.com\\\/www.jazzzeitung.de\\\/cms\\\/wp-content\\\/uploads\\\/2023\\\/11\\\/radio.jpg?fit=768%2C576&ssl=1\",\"width\":768,\"height\":576,\"caption\":\"Radioschmelze. Foto: Hufner\"},{\"@type\":\"BreadcrumbList\",\"@id\":\"https:\\\/\\\/www.jazzzeitung.de\\\/cms\\\/2024\\\/09\\\/die-erweiterte-jazz-radiowoche-vom-09-09-2024-bis-15-09-2024\\\/#breadcrumb\",\"itemListElement\":[{\"@type\":\"ListItem\",\"position\":1,\"name\":\"Startseite\",\"item\":\"https:\\\/\\\/www.jazzzeitung.de\\\/cms\\\/\"},{\"@type\":\"ListItem\",\"position\":2,\"name\":\"Die erweiterte Jazz-Radiowoche vom 09.09.2024 bis 15.09.2024\"}]},{\"@type\":\"WebSite\",\"@id\":\"https:\\\/\\\/www.jazzzeitung.de\\\/cms\\\/#website\",\"url\":\"https:\\\/\\\/www.jazzzeitung.de\\\/cms\\\/\",\"name\":\"JazzZeitung\",\"description\":\"Jazz-News und Jazz-Kontroverses\",\"publisher\":{\"@id\":\"https:\\\/\\\/www.jazzzeitung.de\\\/cms\\\/#organization\"},\"potentialAction\":[{\"@type\":\"SearchAction\",\"target\":{\"@type\":\"EntryPoint\",\"urlTemplate\":\"https:\\\/\\\/www.jazzzeitung.de\\\/cms\\\/?s={search_term_string}\"},\"query-input\":{\"@type\":\"PropertyValueSpecification\",\"valueRequired\":true,\"valueName\":\"search_term_string\"}}],\"inLanguage\":\"de\"},{\"@type\":\"Organization\",\"@id\":\"https:\\\/\\\/www.jazzzeitung.de\\\/cms\\\/#organization\",\"name\":\"JazzZeitung online\",\"url\":\"https:\\\/\\\/www.jazzzeitung.de\\\/cms\\\/\",\"logo\":{\"@type\":\"ImageObject\",\"inLanguage\":\"de\",\"@id\":\"https:\\\/\\\/www.jazzzeitung.de\\\/cms\\\/#\\\/schema\\\/logo\\\/image\\\/\",\"url\":\"https:\\\/\\\/i0.wp.com\\\/www.jazzzeitung.de\\\/cms\\\/wp-content\\\/uploads\\\/2015\\\/08\\\/JAZZZEITUNGDE_Logo_Neu.png?fit=499%2C200&ssl=1\",\"contentUrl\":\"https:\\\/\\\/i0.wp.com\\\/www.jazzzeitung.de\\\/cms\\\/wp-content\\\/uploads\\\/2015\\\/08\\\/JAZZZEITUNGDE_Logo_Neu.png?fit=499%2C200&ssl=1\",\"width\":499,\"height\":200,\"caption\":\"JazzZeitung online\"},\"image\":{\"@id\":\"https:\\\/\\\/www.jazzzeitung.de\\\/cms\\\/#\\\/schema\\\/logo\\\/image\\\/\"},\"sameAs\":[\"https:\\\/\\\/www.facebook.com\\\/JazzZeitung\\\/\"]},{\"@type\":\"Person\",\"@id\":\"https:\\\/\\\/www.jazzzeitung.de\\\/cms\\\/#\\\/schema\\\/person\\\/b9a4e5ac765d94fb8f617bfa8f1fc5f7\",\"name\":\"Martin Hufner\",\"image\":{\"@type\":\"ImageObject\",\"inLanguage\":\"de\",\"@id\":\"https:\\\/\\\/i0.wp.com\\\/www.jazzzeitung.de\\\/cms\\\/wp-content\\\/uploads\\\/2013\\\/07\\\/huf-06.jpg?resize=96%2C96&ssl=15fcc31aa94540751a3b804516452be00\",\"url\":\"https:\\\/\\\/i0.wp.com\\\/www.jazzzeitung.de\\\/cms\\\/wp-content\\\/uploads\\\/2013\\\/07\\\/huf-06.jpg?resize=96%2C96&ssl=1\",\"contentUrl\":\"https:\\\/\\\/i0.wp.com\\\/www.jazzzeitung.de\\\/cms\\\/wp-content\\\/uploads\\\/2013\\\/07\\\/huf-06.jpg?resize=96%2C96&ssl=1\",\"caption\":\"Martin Hufner\"},\"description\":\"Martin Hufner ist freier Autor der JazzZeitung.\",\"sameAs\":[\"https:\\\/\\\/www.kritische-masse.de\\\/logbuch\",\"https:\\\/\\\/www.facebook.com\\\/hufner\"],\"url\":\"https:\\\/\\\/www.jazzzeitung.de\\\/cms\\\/author\\\/admin\\\/\"}]}<\/script>\n<!-- \/ Yoast SEO plugin. -->","yoast_head_json":{"title":"Die erweiterte Jazz-Radiowoche vom 09.09.2024 bis 15.09.2024 - JazzZeitung","robots":{"index":"index","follow":"follow","max-snippet":"max-snippet:-1","max-image-preview":"max-image-preview:large","max-video-preview":"max-video-preview:-1"},"canonical":"https:\/\/www.jazzzeitung.de\/cms\/2024\/09\/die-erweiterte-jazz-radiowoche-vom-09-09-2024-bis-15-09-2024\/","og_locale":"de_DE","og_type":"article","og_title":"Die erweiterte Jazz-Radiowoche vom 09.09.2024 bis 15.09.2024 - JazzZeitung","og_description":"Jazz im Radio \u2013 Jeden Sonntag gibt es um 12 Uhr unsere \u00dcbersicht f\u00fcr die jeweils nachfolgende Woche. Die #Jazz-Radiowoche vom 9. bis 15. September 2024. Erheblich ausged\u00fcnnt. Die ARD schafft ihr Radio gewisserma\u00dfen ab. Auch als PDF zum Download \u2013 #Jazz #JazzZeitung #Radio #Radiowoche \u2013 Ein Service unserer Online-Redaktion.","og_url":"https:\/\/www.jazzzeitung.de\/cms\/2024\/09\/die-erweiterte-jazz-radiowoche-vom-09-09-2024-bis-15-09-2024\/","og_site_name":"JazzZeitung","article_publisher":"https:\/\/www.facebook.com\/JazzZeitung\/","article_author":"https:\/\/www.facebook.com\/hufner","article_published_time":"2024-09-08T10:00:41+00:00","og_image":[{"width":768,"height":576,"url":"https:\/\/i0.wp.com\/www.jazzzeitung.de\/cms\/wp-content\/uploads\/2023\/11\/radio.jpg?fit=768%2C576&ssl=1","type":"image\/jpeg"}],"author":"Martin Hufner","schema":{"@context":"https:\/\/schema.org","@graph":[{"@type":"Article","@id":"https:\/\/www.jazzzeitung.de\/cms\/2024\/09\/die-erweiterte-jazz-radiowoche-vom-09-09-2024-bis-15-09-2024\/#article","isPartOf":{"@id":"https:\/\/www.jazzzeitung.de\/cms\/2024\/09\/die-erweiterte-jazz-radiowoche-vom-09-09-2024-bis-15-09-2024\/"},"author":{"name":"Martin Hufner","@id":"https:\/\/www.jazzzeitung.de\/cms\/#\/schema\/person\/b9a4e5ac765d94fb8f617bfa8f1fc5f7"},"headline":"Die erweiterte Jazz-Radiowoche vom 09.09.2024 bis 15.09.2024","datePublished":"2024-09-08T10:00:41+00:00","mainEntityOfPage":{"@id":"https:\/\/www.jazzzeitung.de\/cms\/2024\/09\/die-erweiterte-jazz-radiowoche-vom-09-09-2024-bis-15-09-2024\/"},"wordCount":2512,"commentCount":0,"publisher":{"@id":"https:\/\/www.jazzzeitung.de\/cms\/#organization"},"image":{"@id":"https:\/\/www.jazzzeitung.de\/cms\/2024\/09\/die-erweiterte-jazz-radiowoche-vom-09-09-2024-bis-15-09-2024\/#primaryimage"},"thumbnailUrl":"https:\/\/i0.wp.com\/www.jazzzeitung.de\/cms\/wp-content\/uploads\/2023\/11\/radio.jpg?fit=768%2C576&ssl=1","keywords":["Die Radiowoche","Jazz im Radio"],"articleSection":["News","Radio"],"inLanguage":"de","potentialAction":[{"@type":"CommentAction","name":"Comment","target":["https:\/\/www.jazzzeitung.de\/cms\/2024\/09\/die-erweiterte-jazz-radiowoche-vom-09-09-2024-bis-15-09-2024\/#respond"]}]},{"@type":"WebPage","@id":"https:\/\/www.jazzzeitung.de\/cms\/2024\/09\/die-erweiterte-jazz-radiowoche-vom-09-09-2024-bis-15-09-2024\/","url":"https:\/\/www.jazzzeitung.de\/cms\/2024\/09\/die-erweiterte-jazz-radiowoche-vom-09-09-2024-bis-15-09-2024\/","name":"Die erweiterte Jazz-Radiowoche vom 09.09.2024 bis 15.09.2024 - JazzZeitung","isPartOf":{"@id":"https:\/\/www.jazzzeitung.de\/cms\/#website"},"primaryImageOfPage":{"@id":"https:\/\/www.jazzzeitung.de\/cms\/2024\/09\/die-erweiterte-jazz-radiowoche-vom-09-09-2024-bis-15-09-2024\/#primaryimage"},"image":{"@id":"https:\/\/www.jazzzeitung.de\/cms\/2024\/09\/die-erweiterte-jazz-radiowoche-vom-09-09-2024-bis-15-09-2024\/#primaryimage"},"thumbnailUrl":"https:\/\/i0.wp.com\/www.jazzzeitung.de\/cms\/wp-content\/uploads\/2023\/11\/radio.jpg?fit=768%2C576&ssl=1","datePublished":"2024-09-08T10:00:41+00:00","breadcrumb":{"@id":"https:\/\/www.jazzzeitung.de\/cms\/2024\/09\/die-erweiterte-jazz-radiowoche-vom-09-09-2024-bis-15-09-2024\/#breadcrumb"},"inLanguage":"de","potentialAction":[{"@type":"ReadAction","target":["https:\/\/www.jazzzeitung.de\/cms\/2024\/09\/die-erweiterte-jazz-radiowoche-vom-09-09-2024-bis-15-09-2024\/"]}]},{"@type":"ImageObject","inLanguage":"de","@id":"https:\/\/www.jazzzeitung.de\/cms\/2024\/09\/die-erweiterte-jazz-radiowoche-vom-09-09-2024-bis-15-09-2024\/#primaryimage","url":"https:\/\/i0.wp.com\/www.jazzzeitung.de\/cms\/wp-content\/uploads\/2023\/11\/radio.jpg?fit=768%2C576&ssl=1","contentUrl":"https:\/\/i0.wp.com\/www.jazzzeitung.de\/cms\/wp-content\/uploads\/2023\/11\/radio.jpg?fit=768%2C576&ssl=1","width":768,"height":576,"caption":"Radioschmelze. Foto: Hufner"},{"@type":"BreadcrumbList","@id":"https:\/\/www.jazzzeitung.de\/cms\/2024\/09\/die-erweiterte-jazz-radiowoche-vom-09-09-2024-bis-15-09-2024\/#breadcrumb","itemListElement":[{"@type":"ListItem","position":1,"name":"Startseite","item":"https:\/\/www.jazzzeitung.de\/cms\/"},{"@type":"ListItem","position":2,"name":"Die erweiterte Jazz-Radiowoche vom 09.09.2024 bis 15.09.2024"}]},{"@type":"WebSite","@id":"https:\/\/www.jazzzeitung.de\/cms\/#website","url":"https:\/\/www.jazzzeitung.de\/cms\/","name":"JazzZeitung","description":"Jazz-News und Jazz-Kontroverses","publisher":{"@id":"https:\/\/www.jazzzeitung.de\/cms\/#organization"},"potentialAction":[{"@type":"SearchAction","target":{"@type":"EntryPoint","urlTemplate":"https:\/\/www.jazzzeitung.de\/cms\/?s={search_term_string}"},"query-input":{"@type":"PropertyValueSpecification","valueRequired":true,"valueName":"search_term_string"}}],"inLanguage":"de"},{"@type":"Organization","@id":"https:\/\/www.jazzzeitung.de\/cms\/#organization","name":"JazzZeitung online","url":"https:\/\/www.jazzzeitung.de\/cms\/","logo":{"@type":"ImageObject","inLanguage":"de","@id":"https:\/\/www.jazzzeitung.de\/cms\/#\/schema\/logo\/image\/","url":"https:\/\/i0.wp.com\/www.jazzzeitung.de\/cms\/wp-content\/uploads\/2015\/08\/JAZZZEITUNGDE_Logo_Neu.png?fit=499%2C200&ssl=1","contentUrl":"https:\/\/i0.wp.com\/www.jazzzeitung.de\/cms\/wp-content\/uploads\/2015\/08\/JAZZZEITUNGDE_Logo_Neu.png?fit=499%2C200&ssl=1","width":499,"height":200,"caption":"JazzZeitung online"},"image":{"@id":"https:\/\/www.jazzzeitung.de\/cms\/#\/schema\/logo\/image\/"},"sameAs":["https:\/\/www.facebook.com\/JazzZeitung\/"]},{"@type":"Person","@id":"https:\/\/www.jazzzeitung.de\/cms\/#\/schema\/person\/b9a4e5ac765d94fb8f617bfa8f1fc5f7","name":"Martin Hufner","image":{"@type":"ImageObject","inLanguage":"de","@id":"https:\/\/i0.wp.com\/www.jazzzeitung.de\/cms\/wp-content\/uploads\/2013\/07\/huf-06.jpg?resize=96%2C96&ssl=15fcc31aa94540751a3b804516452be00","url":"https:\/\/i0.wp.com\/www.jazzzeitung.de\/cms\/wp-content\/uploads\/2013\/07\/huf-06.jpg?resize=96%2C96&ssl=1","contentUrl":"https:\/\/i0.wp.com\/www.jazzzeitung.de\/cms\/wp-content\/uploads\/2013\/07\/huf-06.jpg?resize=96%2C96&ssl=1","caption":"Martin Hufner"},"description":"Martin Hufner ist freier Autor der JazzZeitung.","sameAs":["https:\/\/www.kritische-masse.de\/logbuch","https:\/\/www.facebook.com\/hufner"],"url":"https:\/\/www.jazzzeitung.de\/cms\/author\/admin\/"}]}},"wp-worthy-pixel":{"ignored":true,"public":null,"server":null,"url":null},"wp-worthy-type":"normal","jetpack_publicize_connections":[],"cc_featured_image_caption":{"caption_text":"Radioschmelze.","source_text":"\u00a9 Martin Hufner","source_url":"https:\/\/www.kritische-masse.de\/logbuch"},"jetpack_featured_media_url":"https:\/\/i0.wp.com\/www.jazzzeitung.de\/cms\/wp-content\/uploads\/2023\/11\/radio.jpg?fit=768%2C576&ssl=1","jetpack_shortlink":"https:\/\/wp.me\/p3KEcT-8dG","jetpack-related-posts":[{"id":33138,"url":"https:\/\/www.jazzzeitung.de\/cms\/2025\/09\/die-atomgrosse-jazz-radiowoche-vom-29-09-2025-bis-05-10-2025\/","url_meta":{"origin":31600,"position":0},"title":"Die atomgro\u00dfe Jazz-Radiowoche vom 29.09.2025 bis 05.10.2025","author":"Martin Hufner","date":"28. September 2025","format":false,"excerpt":"Jazz im Radio \u2013 Jeden Sonntag gibt es um 12 Uhr unsere \u00dcbersicht f\u00fcr die jeweils nachfolgende Woche. Die #Jazz-Radiowoche vom 29.09. bis zum 05.10.2025. Erheblich d\u00fcnn! Auch als PDF zum Download \u2013 #Jazz #JazzZeitung #Radio #Radiowoche \u2013 Ein Service unserer Online-Redaktion.","rel":"","context":"In &quot;News&quot;","block_context":{"text":"News","link":"https:\/\/www.jazzzeitung.de\/cms\/thema\/nachrichten\/"},"img":{"alt_text":"Botanische Supernova mit schwarzem Loch in der Na\u0308he von Terra Nova. Foto: Hufner","src":"https:\/\/i0.wp.com\/www.jazzzeitung.de\/cms\/wp-content\/uploads\/2025\/09\/Botanische-Supernova-mit-schwarzem-Loch-in-der-Naehe-von-Terra-Nova.jpg?fit=1200%2C900&ssl=1&resize=350%2C200","width":350,"height":200,"srcset":"https:\/\/i0.wp.com\/www.jazzzeitung.de\/cms\/wp-content\/uploads\/2025\/09\/Botanische-Supernova-mit-schwarzem-Loch-in-der-Naehe-von-Terra-Nova.jpg?fit=1200%2C900&ssl=1&resize=350%2C200 1x, https:\/\/i0.wp.com\/www.jazzzeitung.de\/cms\/wp-content\/uploads\/2025\/09\/Botanische-Supernova-mit-schwarzem-Loch-in-der-Naehe-von-Terra-Nova.jpg?fit=1200%2C900&ssl=1&resize=525%2C300 1.5x, https:\/\/i0.wp.com\/www.jazzzeitung.de\/cms\/wp-content\/uploads\/2025\/09\/Botanische-Supernova-mit-schwarzem-Loch-in-der-Naehe-von-Terra-Nova.jpg?fit=1200%2C900&ssl=1&resize=700%2C400 2x, https:\/\/i0.wp.com\/www.jazzzeitung.de\/cms\/wp-content\/uploads\/2025\/09\/Botanische-Supernova-mit-schwarzem-Loch-in-der-Naehe-von-Terra-Nova.jpg?fit=1200%2C900&ssl=1&resize=1050%2C600 3x"},"classes":[]},{"id":31928,"url":"https:\/\/www.jazzzeitung.de\/cms\/2024\/11\/die-geschmolzene-jazz-radiowoche-vom-25-11-2024-bis-01-12-2024\/","url_meta":{"origin":31600,"position":1},"title":"Die geschmolzene Jazz-Radiowoche vom 25.11.2024 bis 01.12.2024","author":"Martin Hufner","date":"24. November 2024","format":false,"excerpt":"Jazz im Radio \u2013 Jeden Sonntag gibt es um 12 Uhr unsere \u00dcbersicht f\u00fcr die jeweils nachfolgende Woche. Die #Jazz-Radiowoche vom 25. November bis zum 1. Dezember 2024. Erheblich ausged\u00fcnnt. Die ARD schafft ihr Radio gewisserma\u00dfen ab. Auch als PDF zum Download \u2013 #Jazz #JazzZeitung #Radio #Radiowoche \u2013 Ein Service\u2026","rel":"","context":"In &quot;News&quot;","block_context":{"text":"News","link":"https:\/\/www.jazzzeitung.de\/cms\/thema\/nachrichten\/"},"img":{"alt_text":"zugfahrt 2023 1. MH","src":"https:\/\/i0.wp.com\/www.jazzzeitung.de\/cms\/wp-content\/uploads\/2024\/11\/zugfahrt2023-1.-MH.jpg?fit=1200%2C900&ssl=1&resize=350%2C200","width":350,"height":200,"srcset":"https:\/\/i0.wp.com\/www.jazzzeitung.de\/cms\/wp-content\/uploads\/2024\/11\/zugfahrt2023-1.-MH.jpg?fit=1200%2C900&ssl=1&resize=350%2C200 1x, https:\/\/i0.wp.com\/www.jazzzeitung.de\/cms\/wp-content\/uploads\/2024\/11\/zugfahrt2023-1.-MH.jpg?fit=1200%2C900&ssl=1&resize=525%2C300 1.5x, https:\/\/i0.wp.com\/www.jazzzeitung.de\/cms\/wp-content\/uploads\/2024\/11\/zugfahrt2023-1.-MH.jpg?fit=1200%2C900&ssl=1&resize=700%2C400 2x, https:\/\/i0.wp.com\/www.jazzzeitung.de\/cms\/wp-content\/uploads\/2024\/11\/zugfahrt2023-1.-MH.jpg?fit=1200%2C900&ssl=1&resize=1050%2C600 3x"},"classes":[]},{"id":32452,"url":"https:\/\/www.jazzzeitung.de\/cms\/2025\/04\/die-eingeschmolzene-jazz-radiowoche-vom-21-04-2025-bis-27-04-2025\/","url_meta":{"origin":31600,"position":2},"title":"Die eingeschmolzene Jazz-Radiowoche vom 21.04.2025 bis 27.04.2025","author":"Martin Hufner","date":"20. April 2025","format":false,"excerpt":"Jazz im Radio \u2013 Jeden Sonntag gibt es um 12 Uhr unsere \u00dcbersicht f\u00fcr die jeweils nachfolgende Woche. Die #Jazz-Radiowoche vom 21. bis 27. April 2025. Erheblich ausged\u00fcnnt. Auch als PDF zum Download \u2013 #Jazz #JazzZeitung #Radio #Radiowoche \u2013 Ein Service unserer Online-Redaktion.","rel":"","context":"In &quot;News&quot;","block_context":{"text":"News","link":"https:\/\/www.jazzzeitung.de\/cms\/thema\/nachrichten\/"},"img":{"alt_text":"Kn\u00f6pfe. Foto: Hufner","src":"https:\/\/i0.wp.com\/www.jazzzeitung.de\/cms\/wp-content\/uploads\/2025\/04\/knoepfe.jpg?fit=1200%2C900&ssl=1&resize=350%2C200","width":350,"height":200,"srcset":"https:\/\/i0.wp.com\/www.jazzzeitung.de\/cms\/wp-content\/uploads\/2025\/04\/knoepfe.jpg?fit=1200%2C900&ssl=1&resize=350%2C200 1x, https:\/\/i0.wp.com\/www.jazzzeitung.de\/cms\/wp-content\/uploads\/2025\/04\/knoepfe.jpg?fit=1200%2C900&ssl=1&resize=525%2C300 1.5x, https:\/\/i0.wp.com\/www.jazzzeitung.de\/cms\/wp-content\/uploads\/2025\/04\/knoepfe.jpg?fit=1200%2C900&ssl=1&resize=700%2C400 2x, https:\/\/i0.wp.com\/www.jazzzeitung.de\/cms\/wp-content\/uploads\/2025\/04\/knoepfe.jpg?fit=1200%2C900&ssl=1&resize=1050%2C600 3x"},"classes":[]},{"id":33149,"url":"https:\/\/www.jazzzeitung.de\/cms\/2025\/10\/die-protonenfette-jazz-radiowoche-vom-06-10-2025-bis-12-10-2025-2\/","url_meta":{"origin":31600,"position":3},"title":"Die atomgro\u00dfe Jazz-Radiowoche vom 06.10.2025 bis 12.10.2025","author":"Martin Hufner","date":"5. Oktober 2025","format":false,"excerpt":"Jazz im Radio \u2013 Jeden Sonntag gibt es um 12 Uhr unsere \u00dcbersicht f\u00fcr die jeweils nachfolgende Woche. Die #Jazz-Radiowoche vom 06.10. bis zum 12.10.2025. Erheblich d\u00fcnn! Auch als PDF zum Download \u2013 #Jazz #JazzZeitung #Radio #Radiowoche \u2013 Ein Service unserer Online-Redaktion.","rel":"","context":"In &quot;News&quot;","block_context":{"text":"News","link":"https:\/\/www.jazzzeitung.de\/cms\/thema\/nachrichten\/"},"img":{"alt_text":"Im G\u00e4stezimmer des Lebens. Foto: Hufner","src":"https:\/\/i0.wp.com\/www.jazzzeitung.de\/cms\/wp-content\/uploads\/2025\/10\/gaestezimmer.jpg?fit=960%2C1200&ssl=1&resize=350%2C200","width":350,"height":200,"srcset":"https:\/\/i0.wp.com\/www.jazzzeitung.de\/cms\/wp-content\/uploads\/2025\/10\/gaestezimmer.jpg?fit=960%2C1200&ssl=1&resize=350%2C200 1x, https:\/\/i0.wp.com\/www.jazzzeitung.de\/cms\/wp-content\/uploads\/2025\/10\/gaestezimmer.jpg?fit=960%2C1200&ssl=1&resize=525%2C300 1.5x, https:\/\/i0.wp.com\/www.jazzzeitung.de\/cms\/wp-content\/uploads\/2025\/10\/gaestezimmer.jpg?fit=960%2C1200&ssl=1&resize=700%2C400 2x"},"classes":[]},{"id":33293,"url":"https:\/\/www.jazzzeitung.de\/cms\/2025\/11\/die-quarksminimale-jazz-radiowoche-vom-03-11-2025-bis-09-11-2025\/","url_meta":{"origin":31600,"position":4},"title":"Die quarksminimale Jazz-Radiowoche vom 03.11.2025 bis 09.11.2025","author":"Martin Hufner","date":"2. November 2025","format":false,"excerpt":"Jazz im Radio \u2013 Jeden Sonntag gibt es um 12 Uhr unsere \u00dcbersicht f\u00fcr die jeweils nachfolgende Woche. Die #Jazz-Radiowoche vom 03.11. bis zum 09.11.2025. Erheblich d\u00fcnn! Auch als PDF zum Download \u2013 #Jazz #JazzZeitung #Radio #Radiowoche \u2013 Ein Service unserer Online-Redaktion.","rel":"","context":"In &quot;News&quot;","block_context":{"text":"News","link":"https:\/\/www.jazzzeitung.de\/cms\/thema\/nachrichten\/"},"img":{"alt_text":"Holzstapel. Foto: Hufner","src":"https:\/\/i0.wp.com\/www.jazzzeitung.de\/cms\/wp-content\/uploads\/2025\/10\/Wie-viel.jpg?fit=1200%2C900&ssl=1&resize=350%2C200","width":350,"height":200,"srcset":"https:\/\/i0.wp.com\/www.jazzzeitung.de\/cms\/wp-content\/uploads\/2025\/10\/Wie-viel.jpg?fit=1200%2C900&ssl=1&resize=350%2C200 1x, https:\/\/i0.wp.com\/www.jazzzeitung.de\/cms\/wp-content\/uploads\/2025\/10\/Wie-viel.jpg?fit=1200%2C900&ssl=1&resize=525%2C300 1.5x, https:\/\/i0.wp.com\/www.jazzzeitung.de\/cms\/wp-content\/uploads\/2025\/10\/Wie-viel.jpg?fit=1200%2C900&ssl=1&resize=700%2C400 2x, https:\/\/i0.wp.com\/www.jazzzeitung.de\/cms\/wp-content\/uploads\/2025\/10\/Wie-viel.jpg?fit=1200%2C900&ssl=1&resize=1050%2C600 3x"},"classes":[]},{"id":32178,"url":"https:\/\/www.jazzzeitung.de\/cms\/2025\/02\/die-eingeschmolzene-jazz-radiowoche-vom-03-02-2025-bis-09-02-2025\/","url_meta":{"origin":31600,"position":5},"title":"Die eingeschmolzene Jazz-Radiowoche vom 03.02.2025 bis 09.02.2025","author":"Martin Hufner","date":"2. Februar 2025","format":false,"excerpt":"Jazz im Radio \u2013 Jeden Sonntag gibt es um 12 Uhr unsere \u00dcbersicht f\u00fcr die jeweils nachfolgende Woche. Die #Jazz-Radiowoche vom 3. bis 9. Februar 2025. Erheblich ausged\u00fcnnt. Die ARD schafft ihr Radio gewisserma\u00dfen ab. Auch als PDF zum Download \u2013 #Jazz #JazzZeitung #Radio #Radiowoche \u2013 Ein Service unserer Online-Redaktion.","rel":"","context":"In &quot;News&quot;","block_context":{"text":"News","link":"https:\/\/www.jazzzeitung.de\/cms\/thema\/nachrichten\/"},"img":{"alt_text":"Im Wasserland. Foto: Hufner","src":"https:\/\/i0.wp.com\/www.jazzzeitung.de\/cms\/wp-content\/uploads\/2025\/01\/wasserland_2015.jpg?fit=1200%2C900&ssl=1&resize=350%2C200","width":350,"height":200,"srcset":"https:\/\/i0.wp.com\/www.jazzzeitung.de\/cms\/wp-content\/uploads\/2025\/01\/wasserland_2015.jpg?fit=1200%2C900&ssl=1&resize=350%2C200 1x, https:\/\/i0.wp.com\/www.jazzzeitung.de\/cms\/wp-content\/uploads\/2025\/01\/wasserland_2015.jpg?fit=1200%2C900&ssl=1&resize=525%2C300 1.5x, https:\/\/i0.wp.com\/www.jazzzeitung.de\/cms\/wp-content\/uploads\/2025\/01\/wasserland_2015.jpg?fit=1200%2C900&ssl=1&resize=700%2C400 2x, https:\/\/i0.wp.com\/www.jazzzeitung.de\/cms\/wp-content\/uploads\/2025\/01\/wasserland_2015.jpg?fit=1200%2C900&ssl=1&resize=1050%2C600 3x"},"classes":[]}],"jetpack_sharing_enabled":false,"_links":{"self":[{"href":"https:\/\/www.jazzzeitung.de\/cms\/wp-json\/wp\/v2\/posts\/31600","targetHints":{"allow":["GET"]}}],"collection":[{"href":"https:\/\/www.jazzzeitung.de\/cms\/wp-json\/wp\/v2\/posts"}],"about":[{"href":"https:\/\/www.jazzzeitung.de\/cms\/wp-json\/wp\/v2\/types\/post"}],"author":[{"embeddable":true,"href":"https:\/\/www.jazzzeitung.de\/cms\/wp-json\/wp\/v2\/users\/1"}],"replies":[{"embeddable":true,"href":"https:\/\/www.jazzzeitung.de\/cms\/wp-json\/wp\/v2\/comments?post=31600"}],"version-history":[{"count":1,"href":"https:\/\/www.jazzzeitung.de\/cms\/wp-json\/wp\/v2\/posts\/31600\/revisions"}],"predecessor-version":[{"id":31601,"href":"https:\/\/www.jazzzeitung.de\/cms\/wp-json\/wp\/v2\/posts\/31600\/revisions\/31601"}],"wp:featuredmedia":[{"embeddable":true,"href":"https:\/\/www.jazzzeitung.de\/cms\/wp-json\/wp\/v2\/media\/30245"}],"wp:attachment":[{"href":"https:\/\/www.jazzzeitung.de\/cms\/wp-json\/wp\/v2\/media?parent=31600"}],"wp:term":[{"taxonomy":"category","embeddable":true,"href":"https:\/\/www.jazzzeitung.de\/cms\/wp-json\/wp\/v2\/categories?post=31600"},{"taxonomy":"post_tag","embeddable":true,"href":"https:\/\/www.jazzzeitung.de\/cms\/wp-json\/wp\/v2\/tags?post=31600"},{"taxonomy":"author","embeddable":true,"href":"https:\/\/www.jazzzeitung.de\/cms\/wp-json\/wp\/v2\/coauthors?post=31600"}],"curies":[{"name":"wp","href":"https:\/\/api.w.org\/{rel}","templated":true}]}}