{"id":31556,"date":"2024-08-30T08:03:07","date_gmt":"2024-08-30T06:03:07","guid":{"rendered":"https:\/\/www.jazzzeitung.de\/cms\/?p=31556"},"modified":"2024-08-29T16:04:01","modified_gmt":"2024-08-29T14:04:01","slug":"fordernd-und-foerdernd-das-jazzfestival-saalfelden-2024","status":"publish","type":"post","link":"https:\/\/www.jazzzeitung.de\/cms\/2024\/08\/fordernd-und-foerdernd-das-jazzfestival-saalfelden-2024\/","title":{"rendered":"Fordernd und f\u00f6rdernd: Das Jazzfestival Saalfelden 2024"},"content":{"rendered":"<p><strong>Das 44. Jazzfestival Saalfelden stand unter einem guten Stern: Pr\u00e4chtiges Wetter und ein enormer Publikumszuspruch begleiteten die mehr als 60 Konzerte. Da etliche davon herausragend waren, festigten der K\u00fcnstlerische Leiter Mario Steidl und sein Team den Rang des Festivals als eines der f\u00fchrenden europ\u00e4ischen im Feld des progressiven, modern contemporary Jazz.<\/strong><\/p>\n<p>Leider steht ja auch die Kultur seit langem unter dem Primat der \u00d6konomie und muss als \u201eweicher Standortfaktor\u201c alles, auch das eigentlich Unz\u00e4hl- und Unbezahlbare in Zahlen aufrechnen. Das Jazzfestival Saalfelden spielt dieses Spielchen schon deshalb aktiv mit, weil es eine ziemlich einzigartige Doppel-Tr\u00e4gerschaft besitzt: Es wird gemeinsam vom Kunsthaus Nexus \u2013 also einer \u00f6ffentlichen Kultureinrichtung \u2013 und der Saalfelden-Leogang Touristik GmbH \u2013 also einem Wirtschaftsbetrieb \u2013 veranstaltet. Man ist deshalb bei der Analyse weit voraus und wertet unter anderem Mobilfunkdaten aus. Wohlan, fest steht: Das Jazzfestival Saalfelden ist ein echter Publikumsmagnet. Mit gut 28000 Besuchern erreichte die 44. Ausgabe einen neuen Rekord. Der Etat von gut 800.000 Euro d\u00fcrfte damit ausgeglichen sein, die gesamte Wertsch\u00f6pfung f\u00fcr die Gemeinde erreicht 2,18 Millionen Euro.<\/p>\n<div class=\"tiled-gallery type-rectangular tiled-gallery-unresized\" data-original-width=\"840\" data-carousel-extra='{&quot;blog_id&quot;:1,&quot;permalink&quot;:&quot;https:\\\/\\\/www.jazzzeitung.de\\\/cms\\\/2024\\\/08\\\/fordernd-und-foerdernd-das-jazzfestival-saalfelden-2024\\\/&quot;,&quot;likes_blog_id&quot;:55446655}' itemscope itemtype=\"http:\/\/schema.org\/ImageGallery\" > <div class=\"gallery-row\" style=\"width: 840px; height: 559px;\" data-original-width=\"840\" data-original-height=\"559\" > <div class=\"gallery-group images-2\" style=\"width: 420px; height: 559px;\" data-original-width=\"420\" data-original-height=\"559\" > <div class=\"tiled-gallery-item tiled-gallery-item-large\" itemprop=\"associatedMedia\" itemscope itemtype=\"http:\/\/schema.org\/ImageObject\"> <a href=\"https:\/\/www.jazzzeitung.de\/cms\/2024\/08\/fordernd-und-foerdernd-das-jazzfestival-saalfelden-2024\/bto4_oliverhochkeppel240824\/\" border=\"0\" itemprop=\"url\"> <meta itemprop=\"width\" content=\"416\"> <meta itemprop=\"height\" content=\"276\"> <img decoding=\"async\" class=\"\" data-attachment-id=\"31559\" data-orig-file=\"https:\/\/www.jazzzeitung.de\/cms\/wp-content\/uploads\/2024\/08\/BTO4_OliverHochkeppel240824-scaled.jpg\" data-orig-size=\"2560,1697\" data-comments-opened=\"1\" data-image-meta=\"{&quot;aperture&quot;:&quot;4&quot;,&quot;credit&quot;:&quot;&quot;,&quot;camera&quot;:&quot;ILCE-7M3&quot;,&quot;caption&quot;:&quot;&quot;,&quot;created_timestamp&quot;:&quot;1724515084&quot;,&quot;copyright&quot;:&quot;&quot;,&quot;focal_length&quot;:&quot;84&quot;,&quot;iso&quot;:&quot;5000&quot;,&quot;shutter_speed&quot;:&quot;0.01&quot;,&quot;title&quot;:&quot;&quot;,&quot;orientation&quot;:&quot;0&quot;}\" data-image-title=\"\" data-image-description=\"\" data-medium-file=\"https:\/\/i0.wp.com\/www.jazzzeitung.de\/cms\/wp-content\/uploads\/2024\/08\/BTO4_OliverHochkeppel240824-scaled.jpg?fit=300%2C199&#038;ssl=1\" data-large-file=\"https:\/\/i0.wp.com\/www.jazzzeitung.de\/cms\/wp-content\/uploads\/2024\/08\/BTO4_OliverHochkeppel240824-scaled.jpg?fit=840%2C556&#038;ssl=1\" src=\"https:\/\/i0.wp.com\/www.jazzzeitung.de\/cms\/wp-content\/uploads\/2024\/08\/BTO4_OliverHochkeppel240824-scaled.jpg?w=416&#038;h=276&#038;ssl=1\" srcset=\"https:\/\/i0.wp.com\/www.jazzzeitung.de\/cms\/wp-content\/uploads\/2024\/08\/BTO4_OliverHochkeppel240824-scaled.jpg?w=2560&amp;ssl=1 2560w, https:\/\/i0.wp.com\/www.jazzzeitung.de\/cms\/wp-content\/uploads\/2024\/08\/BTO4_OliverHochkeppel240824-scaled.jpg?resize=300%2C199&amp;ssl=1 300w, https:\/\/i0.wp.com\/www.jazzzeitung.de\/cms\/wp-content\/uploads\/2024\/08\/BTO4_OliverHochkeppel240824-scaled.jpg?resize=900%2C596&amp;ssl=1 900w, https:\/\/i0.wp.com\/www.jazzzeitung.de\/cms\/wp-content\/uploads\/2024\/08\/BTO4_OliverHochkeppel240824-scaled.jpg?resize=768%2C509&amp;ssl=1 768w, https:\/\/i0.wp.com\/www.jazzzeitung.de\/cms\/wp-content\/uploads\/2024\/08\/BTO4_OliverHochkeppel240824-scaled.jpg?resize=1536%2C1018&amp;ssl=1 1536w, https:\/\/i0.wp.com\/www.jazzzeitung.de\/cms\/wp-content\/uploads\/2024\/08\/BTO4_OliverHochkeppel240824-scaled.jpg?resize=2048%2C1357&amp;ssl=1 2048w, https:\/\/i0.wp.com\/www.jazzzeitung.de\/cms\/wp-content\/uploads\/2024\/08\/BTO4_OliverHochkeppel240824-scaled.jpg?resize=120%2C80&amp;ssl=1 120w, https:\/\/i0.wp.com\/www.jazzzeitung.de\/cms\/wp-content\/uploads\/2024\/08\/BTO4_OliverHochkeppel240824-scaled.jpg?resize=1320%2C875&amp;ssl=1 1320w, https:\/\/i0.wp.com\/www.jazzzeitung.de\/cms\/wp-content\/uploads\/2024\/08\/BTO4_OliverHochkeppel240824-scaled.jpg?w=1680&amp;ssl=1 1680w\" width=\"416\" height=\"276\" loading=\"lazy\" data-original-width=\"416\" data-original-height=\"276\" itemprop=\"http:\/\/schema.org\/image\" title=\"\" alt=\"Brainteaser Orchestra. Foto: Oliver Hochkeppel\" style=\"width: 416px; height: 276px;\" \/> <\/a> <div class=\"tiled-gallery-caption\" itemprop=\"caption description\"> Brainteaser Orchestra. Foto: Oliver Hochkeppel <\/div> <\/div> <div class=\"tiled-gallery-item tiled-gallery-item-large\" itemprop=\"associatedMedia\" itemscope itemtype=\"http:\/\/schema.org\/ImageObject\"> <a href=\"https:\/\/www.jazzzeitung.de\/cms\/2024\/08\/fordernd-und-foerdernd-das-jazzfestival-saalfelden-2024\/goetzbuehler1_oliverhochkeppel230824\/\" border=\"0\" itemprop=\"url\"> <meta itemprop=\"width\" content=\"416\"> <meta itemprop=\"height\" content=\"275\"> <img decoding=\"async\" class=\"\" data-attachment-id=\"31560\" data-orig-file=\"https:\/\/www.jazzzeitung.de\/cms\/wp-content\/uploads\/2024\/08\/GoetzBuehler1_OliverHochkeppel230824-scaled.jpg\" data-orig-size=\"2560,1697\" data-comments-opened=\"1\" data-image-meta=\"{&quot;aperture&quot;:&quot;4&quot;,&quot;credit&quot;:&quot;&quot;,&quot;camera&quot;:&quot;ILCE-7M3&quot;,&quot;caption&quot;:&quot;&quot;,&quot;created_timestamp&quot;:&quot;1724498979&quot;,&quot;copyright&quot;:&quot;&quot;,&quot;focal_length&quot;:&quot;70&quot;,&quot;iso&quot;:&quot;3200&quot;,&quot;shutter_speed&quot;:&quot;0.01&quot;,&quot;title&quot;:&quot;&quot;,&quot;orientation&quot;:&quot;0&quot;}\" data-image-title=\"\" data-image-description=\"\" data-medium-file=\"https:\/\/i0.wp.com\/www.jazzzeitung.de\/cms\/wp-content\/uploads\/2024\/08\/GoetzBuehler1_OliverHochkeppel230824-scaled.jpg?fit=300%2C199&#038;ssl=1\" data-large-file=\"https:\/\/i0.wp.com\/www.jazzzeitung.de\/cms\/wp-content\/uploads\/2024\/08\/GoetzBuehler1_OliverHochkeppel230824-scaled.jpg?fit=840%2C557&#038;ssl=1\" src=\"https:\/\/i0.wp.com\/www.jazzzeitung.de\/cms\/wp-content\/uploads\/2024\/08\/GoetzBuehler1_OliverHochkeppel230824-scaled.jpg?w=416&#038;h=275&#038;ssl=1\" srcset=\"https:\/\/i0.wp.com\/www.jazzzeitung.de\/cms\/wp-content\/uploads\/2024\/08\/GoetzBuehler1_OliverHochkeppel230824-scaled.jpg?w=2560&amp;ssl=1 2560w, https:\/\/i0.wp.com\/www.jazzzeitung.de\/cms\/wp-content\/uploads\/2024\/08\/GoetzBuehler1_OliverHochkeppel230824-scaled.jpg?resize=300%2C199&amp;ssl=1 300w, https:\/\/i0.wp.com\/www.jazzzeitung.de\/cms\/wp-content\/uploads\/2024\/08\/GoetzBuehler1_OliverHochkeppel230824-scaled.jpg?resize=900%2C597&amp;ssl=1 900w, https:\/\/i0.wp.com\/www.jazzzeitung.de\/cms\/wp-content\/uploads\/2024\/08\/GoetzBuehler1_OliverHochkeppel230824-scaled.jpg?resize=768%2C509&amp;ssl=1 768w, https:\/\/i0.wp.com\/www.jazzzeitung.de\/cms\/wp-content\/uploads\/2024\/08\/GoetzBuehler1_OliverHochkeppel230824-scaled.jpg?resize=1536%2C1018&amp;ssl=1 1536w, https:\/\/i0.wp.com\/www.jazzzeitung.de\/cms\/wp-content\/uploads\/2024\/08\/GoetzBuehler1_OliverHochkeppel230824-scaled.jpg?resize=2048%2C1357&amp;ssl=1 2048w, https:\/\/i0.wp.com\/www.jazzzeitung.de\/cms\/wp-content\/uploads\/2024\/08\/GoetzBuehler1_OliverHochkeppel230824-scaled.jpg?resize=120%2C80&amp;ssl=1 120w, https:\/\/i0.wp.com\/www.jazzzeitung.de\/cms\/wp-content\/uploads\/2024\/08\/GoetzBuehler1_OliverHochkeppel230824-scaled.jpg?resize=1320%2C875&amp;ssl=1 1320w, https:\/\/i0.wp.com\/www.jazzzeitung.de\/cms\/wp-content\/uploads\/2024\/08\/GoetzBuehler1_OliverHochkeppel230824-scaled.jpg?w=1680&amp;ssl=1 1680w\" width=\"416\" height=\"275\" loading=\"lazy\" data-original-width=\"416\" data-original-height=\"275\" itemprop=\"http:\/\/schema.org\/image\" title=\"\" alt=\"G\u00f6tzB\u00fchler. Foto: Oliver Hochkeppel\" style=\"width: 416px; height: 275px;\" \/> <\/a> <div class=\"tiled-gallery-caption\" itemprop=\"caption description\"> G\u00f6tzB\u00fchler. Foto: Oliver Hochkeppel <\/div> <\/div> <\/div> <!-- close group --> <div class=\"gallery-group images-1\" style=\"width: 420px; height: 559px;\" data-original-width=\"420\" data-original-height=\"559\" > <div class=\"tiled-gallery-item tiled-gallery-item-large\" itemprop=\"associatedMedia\" itemscope itemtype=\"http:\/\/schema.org\/ImageObject\"> <a href=\"https:\/\/www.jazzzeitung.de\/cms\/2024\/08\/fordernd-und-foerdernd-das-jazzfestival-saalfelden-2024\/mariosteidl1_oliverhochkeppel240824\/\" border=\"0\" itemprop=\"url\"> <meta itemprop=\"width\" content=\"416\"> <meta itemprop=\"height\" content=\"555\"> <img decoding=\"async\" class=\"\" data-attachment-id=\"31561\" data-orig-file=\"https:\/\/www.jazzzeitung.de\/cms\/wp-content\/uploads\/2024\/08\/MarioSteidl1_OliverHochkeppel240824-scaled.jpg\" data-orig-size=\"1918,2560\" data-comments-opened=\"1\" data-image-meta=\"{&quot;aperture&quot;:&quot;3.5&quot;,&quot;credit&quot;:&quot;&quot;,&quot;camera&quot;:&quot;ILCE-7M3&quot;,&quot;caption&quot;:&quot;&quot;,&quot;created_timestamp&quot;:&quot;1724495116&quot;,&quot;copyright&quot;:&quot;&quot;,&quot;focal_length&quot;:&quot;73&quot;,&quot;iso&quot;:&quot;3200&quot;,&quot;shutter_speed&quot;:&quot;0.01&quot;,&quot;title&quot;:&quot;&quot;,&quot;orientation&quot;:&quot;0&quot;}\" data-image-title=\"\" data-image-description=\"\" data-medium-file=\"https:\/\/i0.wp.com\/www.jazzzeitung.de\/cms\/wp-content\/uploads\/2024\/08\/MarioSteidl1_OliverHochkeppel240824-scaled.jpg?fit=225%2C300&#038;ssl=1\" data-large-file=\"https:\/\/i0.wp.com\/www.jazzzeitung.de\/cms\/wp-content\/uploads\/2024\/08\/MarioSteidl1_OliverHochkeppel240824-scaled.jpg?fit=450%2C600&#038;ssl=1\" src=\"https:\/\/i0.wp.com\/www.jazzzeitung.de\/cms\/wp-content\/uploads\/2024\/08\/MarioSteidl1_OliverHochkeppel240824-scaled.jpg?w=416&#038;h=555&#038;ssl=1\" srcset=\"https:\/\/i0.wp.com\/www.jazzzeitung.de\/cms\/wp-content\/uploads\/2024\/08\/MarioSteidl1_OliverHochkeppel240824-scaled.jpg?w=1918&amp;ssl=1 1918w, https:\/\/i0.wp.com\/www.jazzzeitung.de\/cms\/wp-content\/uploads\/2024\/08\/MarioSteidl1_OliverHochkeppel240824-scaled.jpg?resize=225%2C300&amp;ssl=1 225w, https:\/\/i0.wp.com\/www.jazzzeitung.de\/cms\/wp-content\/uploads\/2024\/08\/MarioSteidl1_OliverHochkeppel240824-scaled.jpg?resize=450%2C600&amp;ssl=1 450w, https:\/\/i0.wp.com\/www.jazzzeitung.de\/cms\/wp-content\/uploads\/2024\/08\/MarioSteidl1_OliverHochkeppel240824-scaled.jpg?resize=768%2C1025&amp;ssl=1 768w, https:\/\/i0.wp.com\/www.jazzzeitung.de\/cms\/wp-content\/uploads\/2024\/08\/MarioSteidl1_OliverHochkeppel240824-scaled.jpg?resize=1151%2C1536&amp;ssl=1 1151w, https:\/\/i0.wp.com\/www.jazzzeitung.de\/cms\/wp-content\/uploads\/2024\/08\/MarioSteidl1_OliverHochkeppel240824-scaled.jpg?resize=1535%2C2048&amp;ssl=1 1535w, https:\/\/i0.wp.com\/www.jazzzeitung.de\/cms\/wp-content\/uploads\/2024\/08\/MarioSteidl1_OliverHochkeppel240824-scaled.jpg?resize=1320%2C1762&amp;ssl=1 1320w, https:\/\/i0.wp.com\/www.jazzzeitung.de\/cms\/wp-content\/uploads\/2024\/08\/MarioSteidl1_OliverHochkeppel240824-scaled.jpg?w=1680&amp;ssl=1 1680w\" width=\"416\" height=\"555\" loading=\"lazy\" data-original-width=\"416\" data-original-height=\"555\" itemprop=\"http:\/\/schema.org\/image\" title=\"\" alt=\"MarioSteidl. Foto: Oliver Hochkeppel\" style=\"width: 416px; height: 555px;\" \/> <\/a> <div class=\"tiled-gallery-caption\" itemprop=\"caption description\"> MarioSteidl. Foto: Oliver Hochkeppel <\/div> <\/div> <\/div> <!-- close group --> <\/div> <!-- close row --> <div class=\"gallery-row\" style=\"width: 840px; height: 390px;\" data-original-width=\"840\" data-original-height=\"390\" > <div class=\"gallery-group images-1\" style=\"width: 581px; height: 390px;\" data-original-width=\"581\" data-original-height=\"390\" > <div class=\"tiled-gallery-item tiled-gallery-item-large\" itemprop=\"associatedMedia\" itemscope itemtype=\"http:\/\/schema.org\/ImageObject\"> <a href=\"https:\/\/www.jazzzeitung.de\/cms\/2024\/08\/fordernd-und-foerdernd-das-jazzfestival-saalfelden-2024\/erdmanncourtois2_oliverhochkeppel250824\/\" border=\"0\" itemprop=\"url\"> <meta itemprop=\"width\" content=\"577\"> <meta itemprop=\"height\" content=\"386\"> <img decoding=\"async\" class=\"\" data-attachment-id=\"31562\" data-orig-file=\"https:\/\/www.jazzzeitung.de\/cms\/wp-content\/uploads\/2024\/08\/ErdmannCourtois2_OliverHochkeppel250824-scaled.jpg\" data-orig-size=\"2560,1713\" data-comments-opened=\"1\" data-image-meta=\"{&quot;aperture&quot;:&quot;0&quot;,&quot;credit&quot;:&quot;&quot;,&quot;camera&quot;:&quot;ILCE-7M3&quot;,&quot;caption&quot;:&quot;&quot;,&quot;created_timestamp&quot;:&quot;1724581119&quot;,&quot;copyright&quot;:&quot;&quot;,&quot;focal_length&quot;:&quot;0&quot;,&quot;iso&quot;:&quot;500&quot;,&quot;shutter_speed&quot;:&quot;0&quot;,&quot;title&quot;:&quot;&quot;,&quot;orientation&quot;:&quot;0&quot;}\" data-image-title=\"\" data-image-description=\"\" data-medium-file=\"https:\/\/i0.wp.com\/www.jazzzeitung.de\/cms\/wp-content\/uploads\/2024\/08\/ErdmannCourtois2_OliverHochkeppel250824-scaled.jpg?fit=300%2C201&#038;ssl=1\" data-large-file=\"https:\/\/i0.wp.com\/www.jazzzeitung.de\/cms\/wp-content\/uploads\/2024\/08\/ErdmannCourtois2_OliverHochkeppel250824-scaled.jpg?fit=840%2C562&#038;ssl=1\" src=\"https:\/\/i0.wp.com\/www.jazzzeitung.de\/cms\/wp-content\/uploads\/2024\/08\/ErdmannCourtois2_OliverHochkeppel250824-scaled.jpg?w=577&#038;h=386&#038;ssl=1\" srcset=\"https:\/\/i0.wp.com\/www.jazzzeitung.de\/cms\/wp-content\/uploads\/2024\/08\/ErdmannCourtois2_OliverHochkeppel250824-scaled.jpg?w=2560&amp;ssl=1 2560w, https:\/\/i0.wp.com\/www.jazzzeitung.de\/cms\/wp-content\/uploads\/2024\/08\/ErdmannCourtois2_OliverHochkeppel250824-scaled.jpg?resize=300%2C201&amp;ssl=1 300w, https:\/\/i0.wp.com\/www.jazzzeitung.de\/cms\/wp-content\/uploads\/2024\/08\/ErdmannCourtois2_OliverHochkeppel250824-scaled.jpg?resize=897%2C600&amp;ssl=1 897w, https:\/\/i0.wp.com\/www.jazzzeitung.de\/cms\/wp-content\/uploads\/2024\/08\/ErdmannCourtois2_OliverHochkeppel250824-scaled.jpg?resize=768%2C514&amp;ssl=1 768w, https:\/\/i0.wp.com\/www.jazzzeitung.de\/cms\/wp-content\/uploads\/2024\/08\/ErdmannCourtois2_OliverHochkeppel250824-scaled.jpg?resize=1536%2C1028&amp;ssl=1 1536w, https:\/\/i0.wp.com\/www.jazzzeitung.de\/cms\/wp-content\/uploads\/2024\/08\/ErdmannCourtois2_OliverHochkeppel250824-scaled.jpg?resize=2048%2C1370&amp;ssl=1 2048w, https:\/\/i0.wp.com\/www.jazzzeitung.de\/cms\/wp-content\/uploads\/2024\/08\/ErdmannCourtois2_OliverHochkeppel250824-scaled.jpg?resize=120%2C80&amp;ssl=1 120w, https:\/\/i0.wp.com\/www.jazzzeitung.de\/cms\/wp-content\/uploads\/2024\/08\/ErdmannCourtois2_OliverHochkeppel250824-scaled.jpg?resize=1320%2C883&amp;ssl=1 1320w, https:\/\/i0.wp.com\/www.jazzzeitung.de\/cms\/wp-content\/uploads\/2024\/08\/ErdmannCourtois2_OliverHochkeppel250824-scaled.jpg?w=1680&amp;ssl=1 1680w\" width=\"577\" height=\"386\" loading=\"lazy\" data-original-width=\"577\" data-original-height=\"386\" itemprop=\"http:\/\/schema.org\/image\" title=\"\" alt=\"Daniel Erdmann und Vincent Courtois. Foto: Oliver Hochkeppel\" style=\"width: 577px; height: 386px;\" \/> <\/a> <div class=\"tiled-gallery-caption\" itemprop=\"caption description\"> Daniel Erdmann und Vincent Courtois. Foto: Oliver Hochkeppel <\/div> <\/div> <\/div> <!-- close group --> <div class=\"gallery-group images-1\" style=\"width: 259px; height: 390px;\" data-original-width=\"259\" data-original-height=\"390\" > <div class=\"tiled-gallery-item tiled-gallery-item-large\" itemprop=\"associatedMedia\" itemscope itemtype=\"http:\/\/schema.org\/ImageObject\"> <a href=\"https:\/\/www.jazzzeitung.de\/cms\/2024\/08\/fordernd-und-foerdernd-das-jazzfestival-saalfelden-2024\/gustafssonwooley2_oliverhochkeppel230824\/\" border=\"0\" itemprop=\"url\"> <meta itemprop=\"width\" content=\"255\"> <meta itemprop=\"height\" content=\"386\"> <img decoding=\"async\" class=\"\" data-attachment-id=\"31564\" data-orig-file=\"https:\/\/www.jazzzeitung.de\/cms\/wp-content\/uploads\/2024\/08\/GustafssonWooley2_OliverHochkeppel230824-scaled.jpg\" data-orig-size=\"1694,2560\" data-comments-opened=\"1\" data-image-meta=\"{&quot;aperture&quot;:&quot;0&quot;,&quot;credit&quot;:&quot;&quot;,&quot;camera&quot;:&quot;ILCE-7M3&quot;,&quot;caption&quot;:&quot;&quot;,&quot;created_timestamp&quot;:&quot;1724574802&quot;,&quot;copyright&quot;:&quot;&quot;,&quot;focal_length&quot;:&quot;0&quot;,&quot;iso&quot;:&quot;500&quot;,&quot;shutter_speed&quot;:&quot;0&quot;,&quot;title&quot;:&quot;&quot;,&quot;orientation&quot;:&quot;0&quot;}\" data-image-title=\"\" data-image-description=\"\" data-medium-file=\"https:\/\/i0.wp.com\/www.jazzzeitung.de\/cms\/wp-content\/uploads\/2024\/08\/GustafssonWooley2_OliverHochkeppel230824-scaled.jpg?fit=198%2C300&#038;ssl=1\" data-large-file=\"https:\/\/i0.wp.com\/www.jazzzeitung.de\/cms\/wp-content\/uploads\/2024\/08\/GustafssonWooley2_OliverHochkeppel230824-scaled.jpg?fit=397%2C600&#038;ssl=1\" src=\"https:\/\/i0.wp.com\/www.jazzzeitung.de\/cms\/wp-content\/uploads\/2024\/08\/GustafssonWooley2_OliverHochkeppel230824-scaled.jpg?w=255&#038;h=386&#038;ssl=1\" srcset=\"https:\/\/i0.wp.com\/www.jazzzeitung.de\/cms\/wp-content\/uploads\/2024\/08\/GustafssonWooley2_OliverHochkeppel230824-scaled.jpg?w=1694&amp;ssl=1 1694w, https:\/\/i0.wp.com\/www.jazzzeitung.de\/cms\/wp-content\/uploads\/2024\/08\/GustafssonWooley2_OliverHochkeppel230824-scaled.jpg?resize=198%2C300&amp;ssl=1 198w, https:\/\/i0.wp.com\/www.jazzzeitung.de\/cms\/wp-content\/uploads\/2024\/08\/GustafssonWooley2_OliverHochkeppel230824-scaled.jpg?resize=397%2C600&amp;ssl=1 397w, https:\/\/i0.wp.com\/www.jazzzeitung.de\/cms\/wp-content\/uploads\/2024\/08\/GustafssonWooley2_OliverHochkeppel230824-scaled.jpg?resize=768%2C1161&amp;ssl=1 768w, https:\/\/i0.wp.com\/www.jazzzeitung.de\/cms\/wp-content\/uploads\/2024\/08\/GustafssonWooley2_OliverHochkeppel230824-scaled.jpg?resize=1016%2C1536&amp;ssl=1 1016w, https:\/\/i0.wp.com\/www.jazzzeitung.de\/cms\/wp-content\/uploads\/2024\/08\/GustafssonWooley2_OliverHochkeppel230824-scaled.jpg?resize=1355%2C2048&amp;ssl=1 1355w, https:\/\/i0.wp.com\/www.jazzzeitung.de\/cms\/wp-content\/uploads\/2024\/08\/GustafssonWooley2_OliverHochkeppel230824-scaled.jpg?resize=1320%2C1995&amp;ssl=1 1320w\" width=\"255\" height=\"386\" loading=\"lazy\" data-original-width=\"255\" data-original-height=\"386\" itemprop=\"http:\/\/schema.org\/image\" title=\"\" alt=\"Mats Gustafsson und Nate Wooley. Foto: OliverHochkeppel\" style=\"width: 255px; height: 386px;\" \/> <\/a> <div class=\"tiled-gallery-caption\" itemprop=\"caption description\"> Mats Gustafsson und Nate Wooley. Foto: OliverHochkeppel <\/div> <\/div> <\/div> <!-- close group --> <\/div> <!-- close row --> <\/div>\n<p>Das ist vor allem deshalb und auch jenseits der wirtschaftlichen Betrachtung so bemerkenswert, weil das Programm k\u00fcnstlerisch wenig Kompromisse macht. Zwar spielen auf der Gratis-B\u00fchne im Stadtpark auch Pop-Acts, im Rest des auf das malerische Brucklwirtshaus, die Buchbinderei Fuchs, auf Almen und Natur (\u201eMountain Tracks\u201c), aber vor allem nat\u00fcrlich auf die Main Stage im Kongress-Zentrum, das Kunsthaus Nexus (\u201eShort Cuts\u201c) und die Otto-Gruber-Halle verteilten Konzertgeschehens finden sich aber keine Mainstream-Zugpferde. Oder gar die Pop-Anwanzereien, die andernorts \u2013 siehe Montreux oder nun auch beim Elbjazz in Hamburg \u2013 den Titel \u201eJazzfestival\u201c zur Farce machen.<\/p>\n<h3>Dicht getaktet bis sp\u00e4t in die Nacht<\/h3>\n<p>Nein, Saalfelden ist nun schon seit l\u00e4ngerer Zeit das Gipfeltreffen der vielgestaltigen, Genre-sprengenden Musik, die man inzwischen etwas hilflos \u201emodern contemporary Jazz\u201c nennt. Ein Hardcore-Event, einmal, weil das Programm von fr\u00fchmorgens bis sp\u00e4t in die Nacht dicht getaktet ist, zum anderen, weil die Musik \u00fcberwiegend nicht gef\u00e4llig, zum Zur\u00fccklehnen oder auch zum Tanzen ist, sondern zumeist komplex und fordernd. Umso erstaunlicher ist es da, dass nahezu jedes Konzert voll oder gar \u00fcberf\u00fcllt war. Selbst nachts beim dritten oder vierten Konzert im Kongress kauerten noch viele im Saal wie auf der den VIPs, G\u00e4sten und Journalisten vorbehaltenen Galerie seitlich auf dem Boden.<\/p>\n<p>Eine Erkl\u00e4rung daf\u00fcr kann man beim \u201eJazz-Camping\u201c finden, dem eigens f\u00fcr das Festival direkt am malerischen Ritzensee eingerichteten Campingplatz. Auch der war randvoll, und neben Kennzeichen aus ganz \u00d6sterreich sah man viele s\u00fcd- und ostdeutsche, aber auch italienische oder slowenische. Das Jazzfestival Saalfelden ist in seiner Nische ein internationaler Magnet. Und damit sind wir endlich beim Wichtigsten, bei der Musik.<\/p>\n<div class=\"tiled-gallery type-rectangular tiled-gallery-unresized\" data-original-width=\"840\" data-carousel-extra='{&quot;blog_id&quot;:1,&quot;permalink&quot;:&quot;https:\\\/\\\/www.jazzzeitung.de\\\/cms\\\/2024\\\/08\\\/fordernd-und-foerdernd-das-jazzfestival-saalfelden-2024\\\/&quot;,&quot;likes_blog_id&quot;:55446655}' itemscope itemtype=\"http:\/\/schema.org\/ImageGallery\" > <div class=\"gallery-row\" style=\"width: 840px; height: 711px;\" data-original-width=\"840\" data-original-height=\"711\" > <div class=\"gallery-group images-1\" style=\"width: 537px; height: 711px;\" data-original-width=\"537\" data-original-height=\"711\" > <div class=\"tiled-gallery-item tiled-gallery-item-large\" itemprop=\"associatedMedia\" itemscope itemtype=\"http:\/\/schema.org\/ImageObject\"> <a href=\"https:\/\/www.jazzzeitung.de\/cms\/2024\/08\/fordernd-und-foerdernd-das-jazzfestival-saalfelden-2024\/btoteissemey1_oliverhochkeppel240824\/\" border=\"0\" itemprop=\"url\"> <meta itemprop=\"width\" content=\"533\"> <meta itemprop=\"height\" content=\"707\"> <img decoding=\"async\" class=\"\" data-attachment-id=\"31566\" data-orig-file=\"https:\/\/www.jazzzeitung.de\/cms\/wp-content\/uploads\/2024\/08\/BTOTeisSemey1_OliverHochkeppel240824-scaled.jpg\" data-orig-size=\"1928,2560\" data-comments-opened=\"1\" data-image-meta=\"{&quot;aperture&quot;:&quot;0&quot;,&quot;credit&quot;:&quot;&quot;,&quot;camera&quot;:&quot;ILCE-7M3&quot;,&quot;caption&quot;:&quot;&quot;,&quot;created_timestamp&quot;:&quot;1724513442&quot;,&quot;copyright&quot;:&quot;&quot;,&quot;focal_length&quot;:&quot;0&quot;,&quot;iso&quot;:&quot;4000&quot;,&quot;shutter_speed&quot;:&quot;0&quot;,&quot;title&quot;:&quot;&quot;,&quot;orientation&quot;:&quot;0&quot;}\" data-image-title=\"\" data-image-description=\"\" data-medium-file=\"https:\/\/i0.wp.com\/www.jazzzeitung.de\/cms\/wp-content\/uploads\/2024\/08\/BTOTeisSemey1_OliverHochkeppel240824-scaled.jpg?fit=226%2C300&#038;ssl=1\" data-large-file=\"https:\/\/i0.wp.com\/www.jazzzeitung.de\/cms\/wp-content\/uploads\/2024\/08\/BTOTeisSemey1_OliverHochkeppel240824-scaled.jpg?fit=452%2C600&#038;ssl=1\" src=\"https:\/\/i0.wp.com\/www.jazzzeitung.de\/cms\/wp-content\/uploads\/2024\/08\/BTOTeisSemey1_OliverHochkeppel240824-scaled.jpg?w=533&#038;h=707&#038;ssl=1\" srcset=\"https:\/\/i0.wp.com\/www.jazzzeitung.de\/cms\/wp-content\/uploads\/2024\/08\/BTOTeisSemey1_OliverHochkeppel240824-scaled.jpg?w=1928&amp;ssl=1 1928w, https:\/\/i0.wp.com\/www.jazzzeitung.de\/cms\/wp-content\/uploads\/2024\/08\/BTOTeisSemey1_OliverHochkeppel240824-scaled.jpg?resize=226%2C300&amp;ssl=1 226w, https:\/\/i0.wp.com\/www.jazzzeitung.de\/cms\/wp-content\/uploads\/2024\/08\/BTOTeisSemey1_OliverHochkeppel240824-scaled.jpg?resize=452%2C600&amp;ssl=1 452w, https:\/\/i0.wp.com\/www.jazzzeitung.de\/cms\/wp-content\/uploads\/2024\/08\/BTOTeisSemey1_OliverHochkeppel240824-scaled.jpg?resize=768%2C1020&amp;ssl=1 768w, https:\/\/i0.wp.com\/www.jazzzeitung.de\/cms\/wp-content\/uploads\/2024\/08\/BTOTeisSemey1_OliverHochkeppel240824-scaled.jpg?resize=1157%2C1536&amp;ssl=1 1157w, https:\/\/i0.wp.com\/www.jazzzeitung.de\/cms\/wp-content\/uploads\/2024\/08\/BTOTeisSemey1_OliverHochkeppel240824-scaled.jpg?resize=1542%2C2048&amp;ssl=1 1542w, https:\/\/i0.wp.com\/www.jazzzeitung.de\/cms\/wp-content\/uploads\/2024\/08\/BTOTeisSemey1_OliverHochkeppel240824-scaled.jpg?resize=1320%2C1753&amp;ssl=1 1320w, https:\/\/i0.wp.com\/www.jazzzeitung.de\/cms\/wp-content\/uploads\/2024\/08\/BTOTeisSemey1_OliverHochkeppel240824-scaled.jpg?w=1680&amp;ssl=1 1680w\" width=\"533\" height=\"707\" loading=\"lazy\" data-original-width=\"533\" data-original-height=\"707\" itemprop=\"http:\/\/schema.org\/image\" title=\"\" alt=\"Braintrain Orchestra: TeisSemey. Foto: Oliver Hochkeppel\" style=\"width: 533px; height: 707px;\" \/> <\/a> <div class=\"tiled-gallery-caption\" itemprop=\"caption description\"> Braintrain Orchestra: TeisSemey. Foto: Oliver Hochkeppel <\/div> <\/div> <\/div> <!-- close group --> <div class=\"gallery-group images-3\" style=\"width: 303px; height: 711px;\" data-original-width=\"303\" data-original-height=\"711\" > <div class=\"tiled-gallery-item tiled-gallery-item-large\" itemprop=\"associatedMedia\" itemscope itemtype=\"http:\/\/schema.org\/ImageObject\"> <a href=\"https:\/\/www.jazzzeitung.de\/cms\/2024\/08\/fordernd-und-foerdernd-das-jazzfestival-saalfelden-2024\/tdc_theoceccaldi2_oliverhochkeppel230824\/\" border=\"0\" itemprop=\"url\"> <meta itemprop=\"width\" content=\"299\"> <meta itemprop=\"height\" content=\"299\"> <img decoding=\"async\" class=\"\" data-attachment-id=\"31568\" data-orig-file=\"https:\/\/www.jazzzeitung.de\/cms\/wp-content\/uploads\/2024\/08\/TdC_TheoCeccaldi2_OliverHochkeppel230824-scaled.jpg\" data-orig-size=\"2560,2560\" data-comments-opened=\"1\" data-image-meta=\"{&quot;aperture&quot;:&quot;0&quot;,&quot;credit&quot;:&quot;&quot;,&quot;camera&quot;:&quot;ILCE-7M3&quot;,&quot;caption&quot;:&quot;&quot;,&quot;created_timestamp&quot;:&quot;1724450377&quot;,&quot;copyright&quot;:&quot;&quot;,&quot;focal_length&quot;:&quot;0&quot;,&quot;iso&quot;:&quot;3200&quot;,&quot;shutter_speed&quot;:&quot;0&quot;,&quot;title&quot;:&quot;&quot;,&quot;orientation&quot;:&quot;0&quot;}\" data-image-title=\"\" data-image-description=\"\" data-medium-file=\"https:\/\/i0.wp.com\/www.jazzzeitung.de\/cms\/wp-content\/uploads\/2024\/08\/TdC_TheoCeccaldi2_OliverHochkeppel230824-scaled.jpg?fit=300%2C300&#038;ssl=1\" data-large-file=\"https:\/\/i0.wp.com\/www.jazzzeitung.de\/cms\/wp-content\/uploads\/2024\/08\/TdC_TheoCeccaldi2_OliverHochkeppel230824-scaled.jpg?fit=600%2C600&#038;ssl=1\" src=\"https:\/\/i0.wp.com\/www.jazzzeitung.de\/cms\/wp-content\/uploads\/2024\/08\/TdC_TheoCeccaldi2_OliverHochkeppel230824-scaled.jpg?w=299&#038;h=299&#038;crop=1&#038;ssl=1\" srcset=\"https:\/\/i0.wp.com\/www.jazzzeitung.de\/cms\/wp-content\/uploads\/2024\/08\/TdC_TheoCeccaldi2_OliverHochkeppel230824-scaled.jpg?w=2560&amp;ssl=1 2560w, https:\/\/i0.wp.com\/www.jazzzeitung.de\/cms\/wp-content\/uploads\/2024\/08\/TdC_TheoCeccaldi2_OliverHochkeppel230824-scaled.jpg?resize=300%2C300&amp;ssl=1 300w, https:\/\/i0.wp.com\/www.jazzzeitung.de\/cms\/wp-content\/uploads\/2024\/08\/TdC_TheoCeccaldi2_OliverHochkeppel230824-scaled.jpg?resize=600%2C600&amp;ssl=1 600w, https:\/\/i0.wp.com\/www.jazzzeitung.de\/cms\/wp-content\/uploads\/2024\/08\/TdC_TheoCeccaldi2_OliverHochkeppel230824-scaled.jpg?resize=150%2C150&amp;ssl=1 150w, https:\/\/i0.wp.com\/www.jazzzeitung.de\/cms\/wp-content\/uploads\/2024\/08\/TdC_TheoCeccaldi2_OliverHochkeppel230824-scaled.jpg?resize=768%2C768&amp;ssl=1 768w, https:\/\/i0.wp.com\/www.jazzzeitung.de\/cms\/wp-content\/uploads\/2024\/08\/TdC_TheoCeccaldi2_OliverHochkeppel230824-scaled.jpg?resize=1536%2C1536&amp;ssl=1 1536w, https:\/\/i0.wp.com\/www.jazzzeitung.de\/cms\/wp-content\/uploads\/2024\/08\/TdC_TheoCeccaldi2_OliverHochkeppel230824-scaled.jpg?resize=2048%2C2048&amp;ssl=1 2048w, https:\/\/i0.wp.com\/www.jazzzeitung.de\/cms\/wp-content\/uploads\/2024\/08\/TdC_TheoCeccaldi2_OliverHochkeppel230824-scaled.jpg?resize=1320%2C1320&amp;ssl=1 1320w, https:\/\/i0.wp.com\/www.jazzzeitung.de\/cms\/wp-content\/uploads\/2024\/08\/TdC_TheoCeccaldi2_OliverHochkeppel230824-scaled.jpg?resize=24%2C24&amp;ssl=1 24w, https:\/\/i0.wp.com\/www.jazzzeitung.de\/cms\/wp-content\/uploads\/2024\/08\/TdC_TheoCeccaldi2_OliverHochkeppel230824-scaled.jpg?resize=48%2C48&amp;ssl=1 48w, https:\/\/i0.wp.com\/www.jazzzeitung.de\/cms\/wp-content\/uploads\/2024\/08\/TdC_TheoCeccaldi2_OliverHochkeppel230824-scaled.jpg?resize=96%2C96&amp;ssl=1 96w, https:\/\/i0.wp.com\/www.jazzzeitung.de\/cms\/wp-content\/uploads\/2024\/08\/TdC_TheoCeccaldi2_OliverHochkeppel230824-scaled.jpg?w=1680&amp;ssl=1 1680w\" width=\"299\" height=\"299\" loading=\"lazy\" data-original-width=\"299\" data-original-height=\"299\" itemprop=\"http:\/\/schema.org\/image\" title=\"\" alt=\"Theo Ceccaldi. Foto: Oliver Hochkeppel\" style=\"width: 299px; height: 299px;\" \/> <\/a> <div class=\"tiled-gallery-caption\" itemprop=\"caption description\"> Theo Ceccaldi. Foto: Oliver Hochkeppel <\/div> <\/div> <div class=\"tiled-gallery-item tiled-gallery-item-large\" itemprop=\"associatedMedia\" itemscope itemtype=\"http:\/\/schema.org\/ImageObject\"> <a href=\"https:\/\/www.jazzzeitung.de\/cms\/2024\/08\/fordernd-und-foerdernd-das-jazzfestival-saalfelden-2024\/theend_mats-gustafsson1_oliverhochkeppel230824\/\" border=\"0\" itemprop=\"url\"> <meta itemprop=\"width\" content=\"299\"> <meta itemprop=\"height\" content=\"200\"> <img decoding=\"async\" class=\"\" data-attachment-id=\"31569\" data-orig-file=\"https:\/\/www.jazzzeitung.de\/cms\/wp-content\/uploads\/2024\/08\/TheEnd_Mats-Gustafsson1_OliverHochkeppel230824-scaled.jpg\" data-orig-size=\"2560,1707\" data-comments-opened=\"1\" data-image-meta=\"{&quot;aperture&quot;:&quot;0&quot;,&quot;credit&quot;:&quot;&quot;,&quot;camera&quot;:&quot;ILCE-7M3&quot;,&quot;caption&quot;:&quot;&quot;,&quot;created_timestamp&quot;:&quot;1724457339&quot;,&quot;copyright&quot;:&quot;&quot;,&quot;focal_length&quot;:&quot;0&quot;,&quot;iso&quot;:&quot;3200&quot;,&quot;shutter_speed&quot;:&quot;0&quot;,&quot;title&quot;:&quot;&quot;,&quot;orientation&quot;:&quot;0&quot;}\" data-image-title=\"\" data-image-description=\"\" data-medium-file=\"https:\/\/i0.wp.com\/www.jazzzeitung.de\/cms\/wp-content\/uploads\/2024\/08\/TheEnd_Mats-Gustafsson1_OliverHochkeppel230824-scaled.jpg?fit=300%2C200&#038;ssl=1\" data-large-file=\"https:\/\/i0.wp.com\/www.jazzzeitung.de\/cms\/wp-content\/uploads\/2024\/08\/TheEnd_Mats-Gustafsson1_OliverHochkeppel230824-scaled.jpg?fit=840%2C560&#038;ssl=1\" src=\"https:\/\/i0.wp.com\/www.jazzzeitung.de\/cms\/wp-content\/uploads\/2024\/08\/TheEnd_Mats-Gustafsson1_OliverHochkeppel230824-scaled.jpg?w=299&#038;h=200&#038;ssl=1\" srcset=\"https:\/\/i0.wp.com\/www.jazzzeitung.de\/cms\/wp-content\/uploads\/2024\/08\/TheEnd_Mats-Gustafsson1_OliverHochkeppel230824-scaled.jpg?w=2560&amp;ssl=1 2560w, https:\/\/i0.wp.com\/www.jazzzeitung.de\/cms\/wp-content\/uploads\/2024\/08\/TheEnd_Mats-Gustafsson1_OliverHochkeppel230824-scaled.jpg?resize=300%2C200&amp;ssl=1 300w, https:\/\/i0.wp.com\/www.jazzzeitung.de\/cms\/wp-content\/uploads\/2024\/08\/TheEnd_Mats-Gustafsson1_OliverHochkeppel230824-scaled.jpg?resize=900%2C600&amp;ssl=1 900w, https:\/\/i0.wp.com\/www.jazzzeitung.de\/cms\/wp-content\/uploads\/2024\/08\/TheEnd_Mats-Gustafsson1_OliverHochkeppel230824-scaled.jpg?resize=768%2C512&amp;ssl=1 768w, https:\/\/i0.wp.com\/www.jazzzeitung.de\/cms\/wp-content\/uploads\/2024\/08\/TheEnd_Mats-Gustafsson1_OliverHochkeppel230824-scaled.jpg?resize=1536%2C1024&amp;ssl=1 1536w, https:\/\/i0.wp.com\/www.jazzzeitung.de\/cms\/wp-content\/uploads\/2024\/08\/TheEnd_Mats-Gustafsson1_OliverHochkeppel230824-scaled.jpg?resize=2048%2C1365&amp;ssl=1 2048w, https:\/\/i0.wp.com\/www.jazzzeitung.de\/cms\/wp-content\/uploads\/2024\/08\/TheEnd_Mats-Gustafsson1_OliverHochkeppel230824-scaled.jpg?resize=120%2C80&amp;ssl=1 120w, https:\/\/i0.wp.com\/www.jazzzeitung.de\/cms\/wp-content\/uploads\/2024\/08\/TheEnd_Mats-Gustafsson1_OliverHochkeppel230824-scaled.jpg?resize=1320%2C880&amp;ssl=1 1320w, https:\/\/i0.wp.com\/www.jazzzeitung.de\/cms\/wp-content\/uploads\/2024\/08\/TheEnd_Mats-Gustafsson1_OliverHochkeppel230824-scaled.jpg?w=1680&amp;ssl=1 1680w\" width=\"299\" height=\"200\" loading=\"lazy\" data-original-width=\"299\" data-original-height=\"200\" itemprop=\"http:\/\/schema.org\/image\" title=\"\" alt=\"The End: Mats Gustafsson. Foto: Oliver Hochkeppel\" style=\"width: 299px; height: 200px;\" \/> <\/a> <div class=\"tiled-gallery-caption\" itemprop=\"caption description\"> The End: Mats Gustafsson. Foto: Oliver Hochkeppel <\/div> <\/div> <div class=\"tiled-gallery-item tiled-gallery-item-large\" itemprop=\"associatedMedia\" itemscope itemtype=\"http:\/\/schema.org\/ImageObject\"> <a href=\"https:\/\/www.jazzzeitung.de\/cms\/2024\/08\/fordernd-und-foerdernd-das-jazzfestival-saalfelden-2024\/tomekareidquartet1_oliverhochkeppel240824\/\" border=\"0\" itemprop=\"url\"> <meta itemprop=\"width\" content=\"299\"> <meta itemprop=\"height\" content=\"200\"> <img decoding=\"async\" class=\"\" data-attachment-id=\"31570\" data-orig-file=\"https:\/\/www.jazzzeitung.de\/cms\/wp-content\/uploads\/2024\/08\/TomekaReidQuartet1_OliverHochkeppel240824-scaled.jpg\" data-orig-size=\"2560,1715\" data-comments-opened=\"1\" data-image-meta=\"{&quot;aperture&quot;:&quot;0&quot;,&quot;credit&quot;:&quot;&quot;,&quot;camera&quot;:&quot;ILCE-7M3&quot;,&quot;caption&quot;:&quot;&quot;,&quot;created_timestamp&quot;:&quot;1724605074&quot;,&quot;copyright&quot;:&quot;&quot;,&quot;focal_length&quot;:&quot;0&quot;,&quot;iso&quot;:&quot;5000&quot;,&quot;shutter_speed&quot;:&quot;0&quot;,&quot;title&quot;:&quot;&quot;,&quot;orientation&quot;:&quot;0&quot;}\" data-image-title=\"\" data-image-description=\"\" data-medium-file=\"https:\/\/i0.wp.com\/www.jazzzeitung.de\/cms\/wp-content\/uploads\/2024\/08\/TomekaReidQuartet1_OliverHochkeppel240824-scaled.jpg?fit=300%2C201&#038;ssl=1\" data-large-file=\"https:\/\/i0.wp.com\/www.jazzzeitung.de\/cms\/wp-content\/uploads\/2024\/08\/TomekaReidQuartet1_OliverHochkeppel240824-scaled.jpg?fit=840%2C563&#038;ssl=1\" src=\"https:\/\/i0.wp.com\/www.jazzzeitung.de\/cms\/wp-content\/uploads\/2024\/08\/TomekaReidQuartet1_OliverHochkeppel240824-scaled.jpg?w=299&#038;h=200&#038;ssl=1\" srcset=\"https:\/\/i0.wp.com\/www.jazzzeitung.de\/cms\/wp-content\/uploads\/2024\/08\/TomekaReidQuartet1_OliverHochkeppel240824-scaled.jpg?w=2560&amp;ssl=1 2560w, https:\/\/i0.wp.com\/www.jazzzeitung.de\/cms\/wp-content\/uploads\/2024\/08\/TomekaReidQuartet1_OliverHochkeppel240824-scaled.jpg?resize=300%2C201&amp;ssl=1 300w, https:\/\/i0.wp.com\/www.jazzzeitung.de\/cms\/wp-content\/uploads\/2024\/08\/TomekaReidQuartet1_OliverHochkeppel240824-scaled.jpg?resize=896%2C600&amp;ssl=1 896w, https:\/\/i0.wp.com\/www.jazzzeitung.de\/cms\/wp-content\/uploads\/2024\/08\/TomekaReidQuartet1_OliverHochkeppel240824-scaled.jpg?resize=768%2C514&amp;ssl=1 768w, https:\/\/i0.wp.com\/www.jazzzeitung.de\/cms\/wp-content\/uploads\/2024\/08\/TomekaReidQuartet1_OliverHochkeppel240824-scaled.jpg?resize=1536%2C1029&amp;ssl=1 1536w, https:\/\/i0.wp.com\/www.jazzzeitung.de\/cms\/wp-content\/uploads\/2024\/08\/TomekaReidQuartet1_OliverHochkeppel240824-scaled.jpg?resize=2048%2C1372&amp;ssl=1 2048w, https:\/\/i0.wp.com\/www.jazzzeitung.de\/cms\/wp-content\/uploads\/2024\/08\/TomekaReidQuartet1_OliverHochkeppel240824-scaled.jpg?resize=120%2C80&amp;ssl=1 120w, https:\/\/i0.wp.com\/www.jazzzeitung.de\/cms\/wp-content\/uploads\/2024\/08\/TomekaReidQuartet1_OliverHochkeppel240824-scaled.jpg?resize=1320%2C884&amp;ssl=1 1320w, https:\/\/i0.wp.com\/www.jazzzeitung.de\/cms\/wp-content\/uploads\/2024\/08\/TomekaReidQuartet1_OliverHochkeppel240824-scaled.jpg?w=1680&amp;ssl=1 1680w\" width=\"299\" height=\"200\" loading=\"lazy\" data-original-width=\"299\" data-original-height=\"200\" itemprop=\"http:\/\/schema.org\/image\" title=\"\" alt=\"Tomeka Reid Quartet. Foto: Oliver Hochkeppel\" style=\"width: 299px; height: 200px;\" \/> <\/a> <div class=\"tiled-gallery-caption\" itemprop=\"caption description\"> Tomeka Reid Quartet. Foto: Oliver Hochkeppel <\/div> <\/div> <\/div> <!-- close group --> <\/div> <!-- close row --> <div class=\"gallery-row\" style=\"width: 840px; height: 563px;\" data-original-width=\"840\" data-original-height=\"563\" > <div class=\"gallery-group images-1\" style=\"width: 840px; height: 563px;\" data-original-width=\"840\" data-original-height=\"563\" > <div class=\"tiled-gallery-item tiled-gallery-item-large\" itemprop=\"associatedMedia\" itemscope itemtype=\"http:\/\/schema.org\/ImageObject\"> <a href=\"https:\/\/www.jazzzeitung.de\/cms\/2024\/08\/fordernd-und-foerdernd-das-jazzfestival-saalfelden-2024\/btoallistairpayne1_oliverhochkeppel240824\/\" border=\"0\" itemprop=\"url\"> <meta itemprop=\"width\" content=\"836\"> <meta itemprop=\"height\" content=\"559\"> <img decoding=\"async\" class=\"\" data-attachment-id=\"31581\" data-orig-file=\"https:\/\/www.jazzzeitung.de\/cms\/wp-content\/uploads\/2024\/08\/BTOAllistairPayne1_OliverHochkeppel240824-scaled.jpg\" data-orig-size=\"2560,1711\" data-comments-opened=\"1\" data-image-meta=\"{&quot;aperture&quot;:&quot;0&quot;,&quot;credit&quot;:&quot;&quot;,&quot;camera&quot;:&quot;ILCE-7M3&quot;,&quot;caption&quot;:&quot;&quot;,&quot;created_timestamp&quot;:&quot;1724513460&quot;,&quot;copyright&quot;:&quot;&quot;,&quot;focal_length&quot;:&quot;0&quot;,&quot;iso&quot;:&quot;4000&quot;,&quot;shutter_speed&quot;:&quot;0&quot;,&quot;title&quot;:&quot;&quot;,&quot;orientation&quot;:&quot;0&quot;}\" data-image-title=\"\" data-image-description=\"\" data-medium-file=\"https:\/\/i0.wp.com\/www.jazzzeitung.de\/cms\/wp-content\/uploads\/2024\/08\/BTOAllistairPayne1_OliverHochkeppel240824-scaled.jpg?fit=300%2C200&#038;ssl=1\" data-large-file=\"https:\/\/i0.wp.com\/www.jazzzeitung.de\/cms\/wp-content\/uploads\/2024\/08\/BTOAllistairPayne1_OliverHochkeppel240824-scaled.jpg?fit=840%2C561&#038;ssl=1\" src=\"https:\/\/i0.wp.com\/www.jazzzeitung.de\/cms\/wp-content\/uploads\/2024\/08\/BTOAllistairPayne1_OliverHochkeppel240824-scaled.jpg?w=836&#038;h=559&#038;ssl=1\" srcset=\"https:\/\/i0.wp.com\/www.jazzzeitung.de\/cms\/wp-content\/uploads\/2024\/08\/BTOAllistairPayne1_OliverHochkeppel240824-scaled.jpg?w=2560&amp;ssl=1 2560w, https:\/\/i0.wp.com\/www.jazzzeitung.de\/cms\/wp-content\/uploads\/2024\/08\/BTOAllistairPayne1_OliverHochkeppel240824-scaled.jpg?resize=300%2C200&amp;ssl=1 300w, https:\/\/i0.wp.com\/www.jazzzeitung.de\/cms\/wp-content\/uploads\/2024\/08\/BTOAllistairPayne1_OliverHochkeppel240824-scaled.jpg?resize=898%2C600&amp;ssl=1 898w, https:\/\/i0.wp.com\/www.jazzzeitung.de\/cms\/wp-content\/uploads\/2024\/08\/BTOAllistairPayne1_OliverHochkeppel240824-scaled.jpg?resize=768%2C513&amp;ssl=1 768w, https:\/\/i0.wp.com\/www.jazzzeitung.de\/cms\/wp-content\/uploads\/2024\/08\/BTOAllistairPayne1_OliverHochkeppel240824-scaled.jpg?resize=1536%2C1026&amp;ssl=1 1536w, https:\/\/i0.wp.com\/www.jazzzeitung.de\/cms\/wp-content\/uploads\/2024\/08\/BTOAllistairPayne1_OliverHochkeppel240824-scaled.jpg?resize=2048%2C1369&amp;ssl=1 2048w, https:\/\/i0.wp.com\/www.jazzzeitung.de\/cms\/wp-content\/uploads\/2024\/08\/BTOAllistairPayne1_OliverHochkeppel240824-scaled.jpg?resize=120%2C80&amp;ssl=1 120w, https:\/\/i0.wp.com\/www.jazzzeitung.de\/cms\/wp-content\/uploads\/2024\/08\/BTOAllistairPayne1_OliverHochkeppel240824-scaled.jpg?resize=1320%2C882&amp;ssl=1 1320w, https:\/\/i0.wp.com\/www.jazzzeitung.de\/cms\/wp-content\/uploads\/2024\/08\/BTOAllistairPayne1_OliverHochkeppel240824-scaled.jpg?w=1680&amp;ssl=1 1680w\" width=\"836\" height=\"559\" loading=\"lazy\" data-original-width=\"836\" data-original-height=\"559\" itemprop=\"http:\/\/schema.org\/image\" title=\"\" alt=\"Braintrain Orchestra: Allistair Payne. Foto: Oliver Hochkeppel\" style=\"width: 836px; height: 559px;\" \/> <\/a> <div class=\"tiled-gallery-caption\" itemprop=\"caption description\"> Braintrain Orchestra: Allistair Payne. Foto: Oliver Hochkeppel <\/div> <\/div> <\/div> <!-- close group --> <\/div> <!-- close row --> <\/div>\n<p>Saalfelden versteht sich als Plattform und Multiplikator f\u00fcr neuen, innovativen, schon deswegen zumeist j\u00fcngeren Jazz. Das Programm speist sich also aus einem bestimmten Kreis von Musikern, der freilich gro\u00df genug ist, immer wieder neue Namen und Projekte zu generieren. Wie jeder Festival-Macher hat nat\u00fcrlich auch Mario Steidl seine Lieblinge, einen Lukas Kranzelbinder zum Beispiel, der auch deshalb jedes Jahr dabei ist, weil er der ideale musikalische \u201eBergf\u00fchrer\u201c f\u00fcr die \u201eWe Hike Jazz\u201c-Touren wie f\u00fcr die Abschluss-Jam Session im Nexus ist. Mitunter finden sich dann auch Wiederholungen wie beim Abschlusskonzert von Erik Friedlanders amerikanischer All-Star-Band <em>The Throw, <\/em>die genau so schon vor f\u00fcnf Jahren hier gespielt hat (und inzwischen nicht j\u00fcnger und frischer geworden ist).<\/p>\n<h3>Koop in Sachen Exzellenz<\/h3>\n<p>Ansonsten aber darf man hier dem \u201ecrop of the creme\u201c (wie es Chef-Moderator G\u00f6tz B\u00fchler gerne formuliert) der avantgardistischeren Ecke lauschen, mit zumeist aktuellen Projekten, ein paar Premieren und verschiedensten Kombinationen. Denn auch im Sinne der Nachhaltigkeit und des \u00f6kologischen Fu\u00dfabdrucks \u2013 dazu kooperiert man auch mit anderen Festivals, insbesondere den Partnern S\u00fcdtirol Jazzfestival und Jazz &amp; The City Salzburg \u2013 reisen die meisten MusikerInnen hier nicht nur f\u00fcr ein Konzert an, sondern f\u00fcr mehrere in unterschiedlichen Besetzungen.<\/p>\n<div class=\"tiled-gallery type-rectangular tiled-gallery-unresized\" data-original-width=\"840\" data-carousel-extra='{&quot;blog_id&quot;:1,&quot;permalink&quot;:&quot;https:\\\/\\\/www.jazzzeitung.de\\\/cms\\\/2024\\\/08\\\/fordernd-und-foerdernd-das-jazzfestival-saalfelden-2024\\\/&quot;,&quot;likes_blog_id&quot;:55446655}' itemscope itemtype=\"http:\/\/schema.org\/ImageGallery\" > <div class=\"gallery-row\" style=\"width: 840px; height: 682px;\" data-original-width=\"840\" data-original-height=\"682\" > <div class=\"gallery-group images-2\" style=\"width: 387px; height: 682px;\" data-original-width=\"387\" data-original-height=\"682\" > <div class=\"tiled-gallery-item tiled-gallery-item-large\" itemprop=\"associatedMedia\" itemscope itemtype=\"http:\/\/schema.org\/ImageObject\"> <a href=\"https:\/\/www.jazzzeitung.de\/cms\/2024\/08\/fordernd-und-foerdernd-das-jazzfestival-saalfelden-2024\/btonabouclaerhout1_oliverhochkeppel240824\/\" border=\"0\" itemprop=\"url\"> <meta itemprop=\"width\" content=\"383\"> <meta itemprop=\"height\" content=\"287\"> <img decoding=\"async\" class=\"\" data-attachment-id=\"31572\" data-orig-file=\"https:\/\/www.jazzzeitung.de\/cms\/wp-content\/uploads\/2024\/08\/BTONabouClaerhout1_OliverHochkeppel240824-scaled.jpg\" data-orig-size=\"2560,1919\" data-comments-opened=\"1\" data-image-meta=\"{&quot;aperture&quot;:&quot;0&quot;,&quot;credit&quot;:&quot;&quot;,&quot;camera&quot;:&quot;ILCE-7M3&quot;,&quot;caption&quot;:&quot;&quot;,&quot;created_timestamp&quot;:&quot;1724513604&quot;,&quot;copyright&quot;:&quot;&quot;,&quot;focal_length&quot;:&quot;0&quot;,&quot;iso&quot;:&quot;4000&quot;,&quot;shutter_speed&quot;:&quot;0&quot;,&quot;title&quot;:&quot;&quot;,&quot;orientation&quot;:&quot;0&quot;}\" data-image-title=\"\" data-image-description=\"\" data-medium-file=\"https:\/\/i0.wp.com\/www.jazzzeitung.de\/cms\/wp-content\/uploads\/2024\/08\/BTONabouClaerhout1_OliverHochkeppel240824-scaled.jpg?fit=300%2C225&#038;ssl=1\" data-large-file=\"https:\/\/i0.wp.com\/www.jazzzeitung.de\/cms\/wp-content\/uploads\/2024\/08\/BTONabouClaerhout1_OliverHochkeppel240824-scaled.jpg?fit=801%2C600&#038;ssl=1\" src=\"https:\/\/i0.wp.com\/www.jazzzeitung.de\/cms\/wp-content\/uploads\/2024\/08\/BTONabouClaerhout1_OliverHochkeppel240824-scaled.jpg?w=383&#038;h=287&#038;ssl=1\" srcset=\"https:\/\/i0.wp.com\/www.jazzzeitung.de\/cms\/wp-content\/uploads\/2024\/08\/BTONabouClaerhout1_OliverHochkeppel240824-scaled.jpg?w=2560&amp;ssl=1 2560w, https:\/\/i0.wp.com\/www.jazzzeitung.de\/cms\/wp-content\/uploads\/2024\/08\/BTONabouClaerhout1_OliverHochkeppel240824-scaled.jpg?resize=300%2C225&amp;ssl=1 300w, https:\/\/i0.wp.com\/www.jazzzeitung.de\/cms\/wp-content\/uploads\/2024\/08\/BTONabouClaerhout1_OliverHochkeppel240824-scaled.jpg?resize=801%2C600&amp;ssl=1 801w, https:\/\/i0.wp.com\/www.jazzzeitung.de\/cms\/wp-content\/uploads\/2024\/08\/BTONabouClaerhout1_OliverHochkeppel240824-scaled.jpg?resize=768%2C576&amp;ssl=1 768w, https:\/\/i0.wp.com\/www.jazzzeitung.de\/cms\/wp-content\/uploads\/2024\/08\/BTONabouClaerhout1_OliverHochkeppel240824-scaled.jpg?resize=1536%2C1151&amp;ssl=1 1536w, https:\/\/i0.wp.com\/www.jazzzeitung.de\/cms\/wp-content\/uploads\/2024\/08\/BTONabouClaerhout1_OliverHochkeppel240824-scaled.jpg?resize=2048%2C1535&amp;ssl=1 2048w, https:\/\/i0.wp.com\/www.jazzzeitung.de\/cms\/wp-content\/uploads\/2024\/08\/BTONabouClaerhout1_OliverHochkeppel240824-scaled.jpg?resize=1320%2C989&amp;ssl=1 1320w, https:\/\/i0.wp.com\/www.jazzzeitung.de\/cms\/wp-content\/uploads\/2024\/08\/BTONabouClaerhout1_OliverHochkeppel240824-scaled.jpg?w=1680&amp;ssl=1 1680w\" width=\"383\" height=\"287\" loading=\"lazy\" data-original-width=\"383\" data-original-height=\"287\" itemprop=\"http:\/\/schema.org\/image\" title=\"\" alt=\"Braintrain Orchestra: Nabou Claerhout. Foto: Oliver Hochkeppel\" style=\"width: 383px; height: 287px;\" \/> <\/a> <div class=\"tiled-gallery-caption\" itemprop=\"caption description\"> Braintrain Orchestra: Nabou Claerhout. Foto: Oliver Hochkeppel <\/div> <\/div> <div class=\"tiled-gallery-item tiled-gallery-item-large\" itemprop=\"associatedMedia\" itemscope itemtype=\"http:\/\/schema.org\/ImageObject\"> <a href=\"https:\/\/www.jazzzeitung.de\/cms\/2024\/08\/fordernd-und-foerdernd-das-jazzfestival-saalfelden-2024\/krisdavis2_oliverhochkeppel230824\/\" border=\"0\" itemprop=\"url\"> <meta itemprop=\"width\" content=\"383\"> <meta itemprop=\"height\" content=\"387\"> <img decoding=\"async\" class=\"\" data-attachment-id=\"31573\" data-orig-file=\"https:\/\/www.jazzzeitung.de\/cms\/wp-content\/uploads\/2024\/08\/KrisDavis2_OliverHochkeppel230824-scaled.jpg\" data-orig-size=\"2536,2560\" data-comments-opened=\"1\" data-image-meta=\"{&quot;aperture&quot;:&quot;0&quot;,&quot;credit&quot;:&quot;&quot;,&quot;camera&quot;:&quot;ILCE-7M3&quot;,&quot;caption&quot;:&quot;&quot;,&quot;created_timestamp&quot;:&quot;1724442954&quot;,&quot;copyright&quot;:&quot;&quot;,&quot;focal_length&quot;:&quot;0&quot;,&quot;iso&quot;:&quot;3200&quot;,&quot;shutter_speed&quot;:&quot;0&quot;,&quot;title&quot;:&quot;&quot;,&quot;orientation&quot;:&quot;0&quot;}\" data-image-title=\"\" data-image-description=\"\" data-medium-file=\"https:\/\/i0.wp.com\/www.jazzzeitung.de\/cms\/wp-content\/uploads\/2024\/08\/KrisDavis2_OliverHochkeppel230824-scaled.jpg?fit=297%2C300&#038;ssl=1\" data-large-file=\"https:\/\/i0.wp.com\/www.jazzzeitung.de\/cms\/wp-content\/uploads\/2024\/08\/KrisDavis2_OliverHochkeppel230824-scaled.jpg?fit=594%2C600&#038;ssl=1\" src=\"https:\/\/i0.wp.com\/www.jazzzeitung.de\/cms\/wp-content\/uploads\/2024\/08\/KrisDavis2_OliverHochkeppel230824-scaled.jpg?w=383&#038;h=387&#038;ssl=1\" srcset=\"https:\/\/i0.wp.com\/www.jazzzeitung.de\/cms\/wp-content\/uploads\/2024\/08\/KrisDavis2_OliverHochkeppel230824-scaled.jpg?w=2536&amp;ssl=1 2536w, https:\/\/i0.wp.com\/www.jazzzeitung.de\/cms\/wp-content\/uploads\/2024\/08\/KrisDavis2_OliverHochkeppel230824-scaled.jpg?resize=297%2C300&amp;ssl=1 297w, https:\/\/i0.wp.com\/www.jazzzeitung.de\/cms\/wp-content\/uploads\/2024\/08\/KrisDavis2_OliverHochkeppel230824-scaled.jpg?resize=594%2C600&amp;ssl=1 594w, https:\/\/i0.wp.com\/www.jazzzeitung.de\/cms\/wp-content\/uploads\/2024\/08\/KrisDavis2_OliverHochkeppel230824-scaled.jpg?resize=768%2C775&amp;ssl=1 768w, https:\/\/i0.wp.com\/www.jazzzeitung.de\/cms\/wp-content\/uploads\/2024\/08\/KrisDavis2_OliverHochkeppel230824-scaled.jpg?resize=1522%2C1536&amp;ssl=1 1522w, https:\/\/i0.wp.com\/www.jazzzeitung.de\/cms\/wp-content\/uploads\/2024\/08\/KrisDavis2_OliverHochkeppel230824-scaled.jpg?resize=2029%2C2048&amp;ssl=1 2029w, https:\/\/i0.wp.com\/www.jazzzeitung.de\/cms\/wp-content\/uploads\/2024\/08\/KrisDavis2_OliverHochkeppel230824-scaled.jpg?resize=1320%2C1332&amp;ssl=1 1320w, https:\/\/i0.wp.com\/www.jazzzeitung.de\/cms\/wp-content\/uploads\/2024\/08\/KrisDavis2_OliverHochkeppel230824-scaled.jpg?resize=24%2C24&amp;ssl=1 24w, https:\/\/i0.wp.com\/www.jazzzeitung.de\/cms\/wp-content\/uploads\/2024\/08\/KrisDavis2_OliverHochkeppel230824-scaled.jpg?resize=48%2C48&amp;ssl=1 48w, https:\/\/i0.wp.com\/www.jazzzeitung.de\/cms\/wp-content\/uploads\/2024\/08\/KrisDavis2_OliverHochkeppel230824-scaled.jpg?resize=96%2C96&amp;ssl=1 96w, https:\/\/i0.wp.com\/www.jazzzeitung.de\/cms\/wp-content\/uploads\/2024\/08\/KrisDavis2_OliverHochkeppel230824-scaled.jpg?w=1680&amp;ssl=1 1680w\" width=\"383\" height=\"387\" loading=\"lazy\" data-original-width=\"383\" data-original-height=\"387\" itemprop=\"http:\/\/schema.org\/image\" title=\"\" alt=\"Kris Davis. Oliver Hochkeppel\" style=\"width: 383px; height: 387px;\" \/> <\/a> <div class=\"tiled-gallery-caption\" itemprop=\"caption description\"> Kris Davis. Oliver Hochkeppel <\/div> <\/div> <\/div> <!-- close group --> <div class=\"gallery-group images-1\" style=\"width: 453px; height: 682px;\" data-original-width=\"453\" data-original-height=\"682\" > <div class=\"tiled-gallery-item tiled-gallery-item-large\" itemprop=\"associatedMedia\" itemscope itemtype=\"http:\/\/schema.org\/ImageObject\"> <a href=\"https:\/\/www.jazzzeitung.de\/cms\/2024\/08\/fordernd-und-foerdernd-das-jazzfestival-saalfelden-2024\/ldc_elodie-pasquier1_oliverhochkeppel230824\/\" border=\"0\" itemprop=\"url\"> <meta itemprop=\"width\" content=\"449\"> <meta itemprop=\"height\" content=\"678\"> <img decoding=\"async\" class=\"\" data-attachment-id=\"31574\" data-orig-file=\"https:\/\/www.jazzzeitung.de\/cms\/wp-content\/uploads\/2024\/08\/LdC_Elodie-Pasquier1_OliverHochkeppel230824-scaled.jpg\" data-orig-size=\"1694,2560\" data-comments-opened=\"1\" data-image-meta=\"{&quot;aperture&quot;:&quot;6.3&quot;,&quot;credit&quot;:&quot;&quot;,&quot;camera&quot;:&quot;ILCE-7M3&quot;,&quot;caption&quot;:&quot;&quot;,&quot;created_timestamp&quot;:&quot;1724520933&quot;,&quot;copyright&quot;:&quot;&quot;,&quot;focal_length&quot;:&quot;70&quot;,&quot;iso&quot;:&quot;4000&quot;,&quot;shutter_speed&quot;:&quot;0.01&quot;,&quot;title&quot;:&quot;&quot;,&quot;orientation&quot;:&quot;0&quot;}\" data-image-title=\"\" data-image-description=\"\" data-medium-file=\"https:\/\/i0.wp.com\/www.jazzzeitung.de\/cms\/wp-content\/uploads\/2024\/08\/LdC_Elodie-Pasquier1_OliverHochkeppel230824-scaled.jpg?fit=198%2C300&#038;ssl=1\" data-large-file=\"https:\/\/i0.wp.com\/www.jazzzeitung.de\/cms\/wp-content\/uploads\/2024\/08\/LdC_Elodie-Pasquier1_OliverHochkeppel230824-scaled.jpg?fit=397%2C600&#038;ssl=1\" src=\"https:\/\/i0.wp.com\/www.jazzzeitung.de\/cms\/wp-content\/uploads\/2024\/08\/LdC_Elodie-Pasquier1_OliverHochkeppel230824-scaled.jpg?w=449&#038;h=678&#038;ssl=1\" srcset=\"https:\/\/i0.wp.com\/www.jazzzeitung.de\/cms\/wp-content\/uploads\/2024\/08\/LdC_Elodie-Pasquier1_OliverHochkeppel230824-scaled.jpg?w=1694&amp;ssl=1 1694w, https:\/\/i0.wp.com\/www.jazzzeitung.de\/cms\/wp-content\/uploads\/2024\/08\/LdC_Elodie-Pasquier1_OliverHochkeppel230824-scaled.jpg?resize=198%2C300&amp;ssl=1 198w, https:\/\/i0.wp.com\/www.jazzzeitung.de\/cms\/wp-content\/uploads\/2024\/08\/LdC_Elodie-Pasquier1_OliverHochkeppel230824-scaled.jpg?resize=397%2C600&amp;ssl=1 397w, https:\/\/i0.wp.com\/www.jazzzeitung.de\/cms\/wp-content\/uploads\/2024\/08\/LdC_Elodie-Pasquier1_OliverHochkeppel230824-scaled.jpg?resize=768%2C1161&amp;ssl=1 768w, https:\/\/i0.wp.com\/www.jazzzeitung.de\/cms\/wp-content\/uploads\/2024\/08\/LdC_Elodie-Pasquier1_OliverHochkeppel230824-scaled.jpg?resize=1016%2C1536&amp;ssl=1 1016w, https:\/\/i0.wp.com\/www.jazzzeitung.de\/cms\/wp-content\/uploads\/2024\/08\/LdC_Elodie-Pasquier1_OliverHochkeppel230824-scaled.jpg?resize=1355%2C2048&amp;ssl=1 1355w, https:\/\/i0.wp.com\/www.jazzzeitung.de\/cms\/wp-content\/uploads\/2024\/08\/LdC_Elodie-Pasquier1_OliverHochkeppel230824-scaled.jpg?resize=1320%2C1995&amp;ssl=1 1320w\" width=\"449\" height=\"678\" loading=\"lazy\" data-original-width=\"449\" data-original-height=\"678\" itemprop=\"http:\/\/schema.org\/image\" title=\"\" alt=\"Elodie Pasquier. Foto: Oliver Hochkeppel\" style=\"width: 449px; height: 678px;\" \/> <\/a> <div class=\"tiled-gallery-caption\" itemprop=\"caption description\"> Elodie Pasquier. Foto: Oliver Hochkeppel <\/div> <\/div> <\/div> <!-- close group --> <\/div> <!-- close row --> <div class=\"gallery-row\" style=\"width: 840px; height: 218px;\" data-original-width=\"840\" data-original-height=\"218\" > <div class=\"gallery-group images-1\" style=\"width: 149px; height: 218px;\" data-original-width=\"149\" data-original-height=\"218\" > <div class=\"tiled-gallery-item tiled-gallery-item-small\" itemprop=\"associatedMedia\" itemscope itemtype=\"http:\/\/schema.org\/ImageObject\"> <a href=\"https:\/\/www.jazzzeitung.de\/cms\/2024\/08\/fordernd-und-foerdernd-das-jazzfestival-saalfelden-2024\/meltingpot_guro-kvale1_oliverhochkeppel240824\/\" border=\"0\" itemprop=\"url\"> <meta itemprop=\"width\" content=\"145\"> <meta itemprop=\"height\" content=\"214\"> <img decoding=\"async\" class=\"\" data-attachment-id=\"31575\" data-orig-file=\"https:\/\/www.jazzzeitung.de\/cms\/wp-content\/uploads\/2024\/08\/MeltingPot_Guro-Kvale1_OliverHochkeppel240824-scaled.jpg\" data-orig-size=\"1737,2560\" data-comments-opened=\"1\" data-image-meta=\"{&quot;aperture&quot;:&quot;0&quot;,&quot;credit&quot;:&quot;&quot;,&quot;camera&quot;:&quot;ILCE-7M3&quot;,&quot;caption&quot;:&quot;&quot;,&quot;created_timestamp&quot;:&quot;1724499593&quot;,&quot;copyright&quot;:&quot;&quot;,&quot;focal_length&quot;:&quot;0&quot;,&quot;iso&quot;:&quot;3200&quot;,&quot;shutter_speed&quot;:&quot;0&quot;,&quot;title&quot;:&quot;&quot;,&quot;orientation&quot;:&quot;0&quot;}\" data-image-title=\"\" data-image-description=\"\" data-medium-file=\"https:\/\/i0.wp.com\/www.jazzzeitung.de\/cms\/wp-content\/uploads\/2024\/08\/MeltingPot_Guro-Kvale1_OliverHochkeppel240824-scaled.jpg?fit=204%2C300&#038;ssl=1\" data-large-file=\"https:\/\/i0.wp.com\/www.jazzzeitung.de\/cms\/wp-content\/uploads\/2024\/08\/MeltingPot_Guro-Kvale1_OliverHochkeppel240824-scaled.jpg?fit=407%2C600&#038;ssl=1\" src=\"https:\/\/i0.wp.com\/www.jazzzeitung.de\/cms\/wp-content\/uploads\/2024\/08\/MeltingPot_Guro-Kvale1_OliverHochkeppel240824-scaled.jpg?w=145&#038;h=214&#038;ssl=1\" srcset=\"https:\/\/i0.wp.com\/www.jazzzeitung.de\/cms\/wp-content\/uploads\/2024\/08\/MeltingPot_Guro-Kvale1_OliverHochkeppel240824-scaled.jpg?w=1737&amp;ssl=1 1737w, https:\/\/i0.wp.com\/www.jazzzeitung.de\/cms\/wp-content\/uploads\/2024\/08\/MeltingPot_Guro-Kvale1_OliverHochkeppel240824-scaled.jpg?resize=204%2C300&amp;ssl=1 204w, https:\/\/i0.wp.com\/www.jazzzeitung.de\/cms\/wp-content\/uploads\/2024\/08\/MeltingPot_Guro-Kvale1_OliverHochkeppel240824-scaled.jpg?resize=407%2C600&amp;ssl=1 407w, https:\/\/i0.wp.com\/www.jazzzeitung.de\/cms\/wp-content\/uploads\/2024\/08\/MeltingPot_Guro-Kvale1_OliverHochkeppel240824-scaled.jpg?resize=768%2C1132&amp;ssl=1 768w, https:\/\/i0.wp.com\/www.jazzzeitung.de\/cms\/wp-content\/uploads\/2024\/08\/MeltingPot_Guro-Kvale1_OliverHochkeppel240824-scaled.jpg?resize=1042%2C1536&amp;ssl=1 1042w, https:\/\/i0.wp.com\/www.jazzzeitung.de\/cms\/wp-content\/uploads\/2024\/08\/MeltingPot_Guro-Kvale1_OliverHochkeppel240824-scaled.jpg?resize=1389%2C2048&amp;ssl=1 1389w, https:\/\/i0.wp.com\/www.jazzzeitung.de\/cms\/wp-content\/uploads\/2024\/08\/MeltingPot_Guro-Kvale1_OliverHochkeppel240824-scaled.jpg?resize=1320%2C1946&amp;ssl=1 1320w, https:\/\/i0.wp.com\/www.jazzzeitung.de\/cms\/wp-content\/uploads\/2024\/08\/MeltingPot_Guro-Kvale1_OliverHochkeppel240824-scaled.jpg?w=1680&amp;ssl=1 1680w\" width=\"145\" height=\"214\" loading=\"lazy\" data-original-width=\"145\" data-original-height=\"214\" itemprop=\"http:\/\/schema.org\/image\" title=\"\" alt=\"Melting Pot: Guro Kvale. Foto: Oliver Hochkeppel\" style=\"width: 145px; height: 214px;\" \/> <\/a> <div class=\"tiled-gallery-caption\" itemprop=\"caption description\"> Melting Pot: Guro Kvale. Foto: Oliver Hochkeppel <\/div> <\/div> <\/div> <!-- close group --> <div class=\"gallery-group images-1\" style=\"width: 146px; height: 218px;\" data-original-width=\"146\" data-original-height=\"218\" > <div class=\"tiled-gallery-item tiled-gallery-item-small\" itemprop=\"associatedMedia\" itemscope itemtype=\"http:\/\/schema.org\/ImageObject\"> <a href=\"https:\/\/www.jazzzeitung.de\/cms\/2024\/08\/fordernd-und-foerdernd-das-jazzfestival-saalfelden-2024\/meltingpot_juliastein1_oliverhochkeppel240824\/\" border=\"0\" itemprop=\"url\"> <meta itemprop=\"width\" content=\"142\"> <meta itemprop=\"height\" content=\"214\"> <img decoding=\"async\" class=\"\" data-attachment-id=\"31576\" data-orig-file=\"https:\/\/www.jazzzeitung.de\/cms\/wp-content\/uploads\/2024\/08\/MeltingPot_JuliaStein1_OliverHochkeppel240824-scaled.jpg\" data-orig-size=\"1707,2560\" data-comments-opened=\"1\" data-image-meta=\"{&quot;aperture&quot;:&quot;0&quot;,&quot;credit&quot;:&quot;&quot;,&quot;camera&quot;:&quot;ILCE-7M3&quot;,&quot;caption&quot;:&quot;&quot;,&quot;created_timestamp&quot;:&quot;1724499613&quot;,&quot;copyright&quot;:&quot;&quot;,&quot;focal_length&quot;:&quot;0&quot;,&quot;iso&quot;:&quot;3200&quot;,&quot;shutter_speed&quot;:&quot;0&quot;,&quot;title&quot;:&quot;&quot;,&quot;orientation&quot;:&quot;0&quot;}\" data-image-title=\"\" data-image-description=\"\" data-medium-file=\"https:\/\/i0.wp.com\/www.jazzzeitung.de\/cms\/wp-content\/uploads\/2024\/08\/MeltingPot_JuliaStein1_OliverHochkeppel240824-scaled.jpg?fit=200%2C300&#038;ssl=1\" data-large-file=\"https:\/\/i0.wp.com\/www.jazzzeitung.de\/cms\/wp-content\/uploads\/2024\/08\/MeltingPot_JuliaStein1_OliverHochkeppel240824-scaled.jpg?fit=400%2C600&#038;ssl=1\" src=\"https:\/\/i0.wp.com\/www.jazzzeitung.de\/cms\/wp-content\/uploads\/2024\/08\/MeltingPot_JuliaStein1_OliverHochkeppel240824-scaled.jpg?w=142&#038;h=214&#038;ssl=1\" srcset=\"https:\/\/i0.wp.com\/www.jazzzeitung.de\/cms\/wp-content\/uploads\/2024\/08\/MeltingPot_JuliaStein1_OliverHochkeppel240824-scaled.jpg?w=1707&amp;ssl=1 1707w, https:\/\/i0.wp.com\/www.jazzzeitung.de\/cms\/wp-content\/uploads\/2024\/08\/MeltingPot_JuliaStein1_OliverHochkeppel240824-scaled.jpg?resize=200%2C300&amp;ssl=1 200w, https:\/\/i0.wp.com\/www.jazzzeitung.de\/cms\/wp-content\/uploads\/2024\/08\/MeltingPot_JuliaStein1_OliverHochkeppel240824-scaled.jpg?resize=400%2C600&amp;ssl=1 400w, https:\/\/i0.wp.com\/www.jazzzeitung.de\/cms\/wp-content\/uploads\/2024\/08\/MeltingPot_JuliaStein1_OliverHochkeppel240824-scaled.jpg?resize=768%2C1152&amp;ssl=1 768w, https:\/\/i0.wp.com\/www.jazzzeitung.de\/cms\/wp-content\/uploads\/2024\/08\/MeltingPot_JuliaStein1_OliverHochkeppel240824-scaled.jpg?resize=1024%2C1536&amp;ssl=1 1024w, https:\/\/i0.wp.com\/www.jazzzeitung.de\/cms\/wp-content\/uploads\/2024\/08\/MeltingPot_JuliaStein1_OliverHochkeppel240824-scaled.jpg?resize=1365%2C2048&amp;ssl=1 1365w, https:\/\/i0.wp.com\/www.jazzzeitung.de\/cms\/wp-content\/uploads\/2024\/08\/MeltingPot_JuliaStein1_OliverHochkeppel240824-scaled.jpg?resize=1320%2C1980&amp;ssl=1 1320w\" width=\"142\" height=\"214\" loading=\"lazy\" data-original-width=\"142\" data-original-height=\"214\" itemprop=\"http:\/\/schema.org\/image\" title=\"\" alt=\"MeltingPot: Julia Stein. Foto: Oliver Hochkeppel\" style=\"width: 142px; height: 214px;\" \/> <\/a> <div class=\"tiled-gallery-caption\" itemprop=\"caption description\"> MeltingPot: Julia Stein. Foto: Oliver Hochkeppel <\/div> <\/div> <\/div> <!-- close group --> <div class=\"gallery-group images-1\" style=\"width: 326px; height: 218px;\" data-original-width=\"326\" data-original-height=\"218\" > <div class=\"tiled-gallery-item tiled-gallery-item-large\" itemprop=\"associatedMedia\" itemscope itemtype=\"http:\/\/schema.org\/ImageObject\"> <a href=\"https:\/\/www.jazzzeitung.de\/cms\/2024\/08\/fordernd-und-foerdernd-das-jazzfestival-saalfelden-2024\/meltingpot1_oliverhochkeppel240824\/\" border=\"0\" itemprop=\"url\"> <meta itemprop=\"width\" content=\"322\"> <meta itemprop=\"height\" content=\"214\"> <img decoding=\"async\" class=\"\" data-attachment-id=\"31577\" data-orig-file=\"https:\/\/www.jazzzeitung.de\/cms\/wp-content\/uploads\/2024\/08\/MeltingPot1_OliverHochkeppel240824-scaled.jpg\" data-orig-size=\"2560,1698\" data-comments-opened=\"1\" data-image-meta=\"{&quot;aperture&quot;:&quot;0&quot;,&quot;credit&quot;:&quot;&quot;,&quot;camera&quot;:&quot;ILCE-7M3&quot;,&quot;caption&quot;:&quot;&quot;,&quot;created_timestamp&quot;:&quot;1724499064&quot;,&quot;copyright&quot;:&quot;&quot;,&quot;focal_length&quot;:&quot;0&quot;,&quot;iso&quot;:&quot;3200&quot;,&quot;shutter_speed&quot;:&quot;0&quot;,&quot;title&quot;:&quot;&quot;,&quot;orientation&quot;:&quot;0&quot;}\" data-image-title=\"\" data-image-description=\"\" data-medium-file=\"https:\/\/i0.wp.com\/www.jazzzeitung.de\/cms\/wp-content\/uploads\/2024\/08\/MeltingPot1_OliverHochkeppel240824-scaled.jpg?fit=300%2C199&#038;ssl=1\" data-large-file=\"https:\/\/i0.wp.com\/www.jazzzeitung.de\/cms\/wp-content\/uploads\/2024\/08\/MeltingPot1_OliverHochkeppel240824-scaled.jpg?fit=840%2C557&#038;ssl=1\" src=\"https:\/\/i0.wp.com\/www.jazzzeitung.de\/cms\/wp-content\/uploads\/2024\/08\/MeltingPot1_OliverHochkeppel240824-scaled.jpg?w=322&#038;h=214&#038;ssl=1\" srcset=\"https:\/\/i0.wp.com\/www.jazzzeitung.de\/cms\/wp-content\/uploads\/2024\/08\/MeltingPot1_OliverHochkeppel240824-scaled.jpg?w=2560&amp;ssl=1 2560w, https:\/\/i0.wp.com\/www.jazzzeitung.de\/cms\/wp-content\/uploads\/2024\/08\/MeltingPot1_OliverHochkeppel240824-scaled.jpg?resize=300%2C199&amp;ssl=1 300w, https:\/\/i0.wp.com\/www.jazzzeitung.de\/cms\/wp-content\/uploads\/2024\/08\/MeltingPot1_OliverHochkeppel240824-scaled.jpg?resize=900%2C597&amp;ssl=1 900w, https:\/\/i0.wp.com\/www.jazzzeitung.de\/cms\/wp-content\/uploads\/2024\/08\/MeltingPot1_OliverHochkeppel240824-scaled.jpg?resize=768%2C509&amp;ssl=1 768w, https:\/\/i0.wp.com\/www.jazzzeitung.de\/cms\/wp-content\/uploads\/2024\/08\/MeltingPot1_OliverHochkeppel240824-scaled.jpg?resize=1536%2C1019&amp;ssl=1 1536w, https:\/\/i0.wp.com\/www.jazzzeitung.de\/cms\/wp-content\/uploads\/2024\/08\/MeltingPot1_OliverHochkeppel240824-scaled.jpg?resize=2048%2C1358&amp;ssl=1 2048w, https:\/\/i0.wp.com\/www.jazzzeitung.de\/cms\/wp-content\/uploads\/2024\/08\/MeltingPot1_OliverHochkeppel240824-scaled.jpg?resize=120%2C80&amp;ssl=1 120w, https:\/\/i0.wp.com\/www.jazzzeitung.de\/cms\/wp-content\/uploads\/2024\/08\/MeltingPot1_OliverHochkeppel240824-scaled.jpg?resize=1320%2C875&amp;ssl=1 1320w, https:\/\/i0.wp.com\/www.jazzzeitung.de\/cms\/wp-content\/uploads\/2024\/08\/MeltingPot1_OliverHochkeppel240824-scaled.jpg?w=1680&amp;ssl=1 1680w\" width=\"322\" height=\"214\" loading=\"lazy\" data-original-width=\"322\" data-original-height=\"214\" itemprop=\"http:\/\/schema.org\/image\" title=\"\" alt=\"Melting Pot. Foto: Oliver Hochkeppel\" style=\"width: 322px; height: 214px;\" \/> <\/a> <div class=\"tiled-gallery-caption\" itemprop=\"caption description\"> Melting Pot. Foto: Oliver Hochkeppel <\/div> <\/div> <\/div> <!-- close group --> <div class=\"gallery-group images-1\" style=\"width: 219px; height: 218px;\" data-original-width=\"219\" data-original-height=\"218\" > <div class=\"tiled-gallery-item tiled-gallery-item-small\" itemprop=\"associatedMedia\" itemscope itemtype=\"http:\/\/schema.org\/ImageObject\"> <a href=\"https:\/\/www.jazzzeitung.de\/cms\/2024\/08\/fordernd-und-foerdernd-das-jazzfestival-saalfelden-2024\/tdc_helene-duret1_oliverhochkeppel230824\/\" border=\"0\" itemprop=\"url\"> <meta itemprop=\"width\" content=\"215\"> <meta itemprop=\"height\" content=\"214\"> <img decoding=\"async\" class=\"\" data-attachment-id=\"31578\" data-orig-file=\"https:\/\/www.jazzzeitung.de\/cms\/wp-content\/uploads\/2024\/08\/TdC_Helene-Duret1_OliverHochkeppel230824-scaled.jpg\" data-orig-size=\"2560,2548\" data-comments-opened=\"1\" data-image-meta=\"{&quot;aperture&quot;:&quot;0&quot;,&quot;credit&quot;:&quot;&quot;,&quot;camera&quot;:&quot;ILCE-7M3&quot;,&quot;caption&quot;:&quot;&quot;,&quot;created_timestamp&quot;:&quot;1724450054&quot;,&quot;copyright&quot;:&quot;&quot;,&quot;focal_length&quot;:&quot;0&quot;,&quot;iso&quot;:&quot;3200&quot;,&quot;shutter_speed&quot;:&quot;0&quot;,&quot;title&quot;:&quot;&quot;,&quot;orientation&quot;:&quot;0&quot;}\" data-image-title=\"\" data-image-description=\"\" data-medium-file=\"https:\/\/i0.wp.com\/www.jazzzeitung.de\/cms\/wp-content\/uploads\/2024\/08\/TdC_Helene-Duret1_OliverHochkeppel230824-scaled.jpg?fit=300%2C300&#038;ssl=1\" data-large-file=\"https:\/\/i0.wp.com\/www.jazzzeitung.de\/cms\/wp-content\/uploads\/2024\/08\/TdC_Helene-Duret1_OliverHochkeppel230824-scaled.jpg?fit=603%2C600&#038;ssl=1\" src=\"https:\/\/i0.wp.com\/www.jazzzeitung.de\/cms\/wp-content\/uploads\/2024\/08\/TdC_Helene-Duret1_OliverHochkeppel230824-scaled.jpg?w=215&#038;h=214&#038;ssl=1\" srcset=\"https:\/\/i0.wp.com\/www.jazzzeitung.de\/cms\/wp-content\/uploads\/2024\/08\/TdC_Helene-Duret1_OliverHochkeppel230824-scaled.jpg?w=2560&amp;ssl=1 2560w, https:\/\/i0.wp.com\/www.jazzzeitung.de\/cms\/wp-content\/uploads\/2024\/08\/TdC_Helene-Duret1_OliverHochkeppel230824-scaled.jpg?resize=300%2C300&amp;ssl=1 300w, https:\/\/i0.wp.com\/www.jazzzeitung.de\/cms\/wp-content\/uploads\/2024\/08\/TdC_Helene-Duret1_OliverHochkeppel230824-scaled.jpg?resize=603%2C600&amp;ssl=1 603w, https:\/\/i0.wp.com\/www.jazzzeitung.de\/cms\/wp-content\/uploads\/2024\/08\/TdC_Helene-Duret1_OliverHochkeppel230824-scaled.jpg?resize=150%2C150&amp;ssl=1 150w, https:\/\/i0.wp.com\/www.jazzzeitung.de\/cms\/wp-content\/uploads\/2024\/08\/TdC_Helene-Duret1_OliverHochkeppel230824-scaled.jpg?resize=768%2C764&amp;ssl=1 768w, https:\/\/i0.wp.com\/www.jazzzeitung.de\/cms\/wp-content\/uploads\/2024\/08\/TdC_Helene-Duret1_OliverHochkeppel230824-scaled.jpg?resize=1536%2C1529&amp;ssl=1 1536w, https:\/\/i0.wp.com\/www.jazzzeitung.de\/cms\/wp-content\/uploads\/2024\/08\/TdC_Helene-Duret1_OliverHochkeppel230824-scaled.jpg?resize=2048%2C2038&amp;ssl=1 2048w, https:\/\/i0.wp.com\/www.jazzzeitung.de\/cms\/wp-content\/uploads\/2024\/08\/TdC_Helene-Duret1_OliverHochkeppel230824-scaled.jpg?resize=1320%2C1314&amp;ssl=1 1320w, https:\/\/i0.wp.com\/www.jazzzeitung.de\/cms\/wp-content\/uploads\/2024\/08\/TdC_Helene-Duret1_OliverHochkeppel230824-scaled.jpg?resize=24%2C24&amp;ssl=1 24w, https:\/\/i0.wp.com\/www.jazzzeitung.de\/cms\/wp-content\/uploads\/2024\/08\/TdC_Helene-Duret1_OliverHochkeppel230824-scaled.jpg?resize=48%2C48&amp;ssl=1 48w, https:\/\/i0.wp.com\/www.jazzzeitung.de\/cms\/wp-content\/uploads\/2024\/08\/TdC_Helene-Duret1_OliverHochkeppel230824-scaled.jpg?resize=96%2C96&amp;ssl=1 96w, https:\/\/i0.wp.com\/www.jazzzeitung.de\/cms\/wp-content\/uploads\/2024\/08\/TdC_Helene-Duret1_OliverHochkeppel230824-scaled.jpg?w=1680&amp;ssl=1 1680w\" width=\"215\" height=\"214\" loading=\"lazy\" data-original-width=\"215\" data-original-height=\"214\" itemprop=\"http:\/\/schema.org\/image\" title=\"\" alt=\"H\u00e9l\u00e8ne Duret. Foto: Oliver Hochkeppel\" style=\"width: 215px; height: 214px;\" \/> <\/a> <div class=\"tiled-gallery-caption\" itemprop=\"caption description\"> H\u00e9l\u00e8ne Duret. Foto: Oliver Hochkeppel <\/div> <\/div> <\/div> <!-- close group --> <\/div> <!-- close row --> <\/div>\n<p>So konnte man zum Beispiel Tomeka Reid, die Wiedererweckerin des Cellos im Jazz, mit ihrem brillanten Quartett auf der Hauptb\u00fchne, aber auch in improvisierenden ad-hoc-Duetten mit Theo Ceccaldi und Sofia Jernberg erleben. Jernberg wiederum, die schwedische S\u00e4ngerin, die ihren Stimmb\u00e4ndern T\u00f6ne entlocken kann wie wohl derzeit keine andere, war samt der skandinavischen Grindcore und Noise-Freejazz-Formation <em>The End<\/em> mit Ger\u00e4uschvollem und Schreien nahe der Schmerzgrenze, mit Reid intim improvisierend und als Gast von Petter Eldhs nun von <em>Koma Saxo<\/em> zu <em>Post Koma<\/em> umbenannten ph\u00e4nomenalen Quintett instrumental-melodisch zu h\u00f6ren. Daniel Erdmann machte nicht nur einmal in aller Fr\u00fch beim \u201eWe Hike Jazz\u201c mit, sondern spielte auch im ber\u00fchrenden Duo mit Vincent Courtois mitten im Kollingwald und pr\u00e4sentierte auf der Main Stage seine im Auftrag der Jazzahead zusammengestellte Band <em>Th\u00e9rapie de couple<\/em>. Der seit langem in Frankreich lebende Saxofonist f\u00fchrt hier franz\u00f6sische mit deutschen Cracks zu einer besonderen, nicht nur bei seinen Ansagen humorvollen Paartherapie zusammen. Ein Gipfeltreffen, das besonders gut ins Programm eingepasst war, f\u00fchrte Erdmanns Ensemble doch ebenso in die kreative Oberklasse des aktuellen europ\u00e4ischen Jazz ein wie im Konzert zuvor Pianistin Kris Davis mit ihrem <em>Run the Gauntlet<\/em>-Trio in die des amerikanischen.<\/p>\n<h3>Mona Matbou Riahi kommt trotz Auftakt-Pole-Position nicht \u00fcberzeugend vom Start<\/h3>\n<p>Traditionell war das Auftakt-Konzert der Main Stage am Freitag eine Auftragskomposition an einen \u201ehei\u00dfen\u201c \u00f6sterreichischen Act. <em>Shake Stew<\/em> oder Christian Muthspiels Orjazztra Vienna etwa hatten dort umjubelte, Karriere-startende Premieren. Nicht ganz so gl\u00fccklich konnte man diesmal mit der Commission f\u00fcr Mona Matbou Riahi sein. Die talentierte Klarinettistin, die gerade mit ihrer Band <em>Kry (<\/em>zum Beispiel beim Outreach Festival in Schwaz) Aufsehen erregt, konnte sich im Quartett mit Dorian Concept an electronics, Manu Mayr Bass sowie der f\u00fcr die (beeindruckenden) Visuals zust\u00e4ndigen Lou Zon nicht so recht zwischen Performance, Minimalismus, Noise, Electro oder Free Jazz entscheiden.<\/p>\n<p>Bek\u00f6mmlicher, aber vor allem spannender war da schon \u201eMelting Pot\u201c im Nexus, ein Projekt der Arbeitsgemeinschaft europ\u00e4ischer Jazzfestivals, die hier sozusagen ihre Vertreter zusammenf\u00fchren. Mit der Geigerin Julia Stein, der Posaunistin Guro Kvale, er Pianistin und Keyboarderin Pak Yan Lau, der Bassistin Sofia Eftychidou und \u2013 so viel Gendern muss sein \u2013 dem Schlagzeuger Max Plattner war hier ein fein aufeinander h\u00f6rendes inter-europ\u00e4isches Ensemble der Entdeckungen zu sehen. Genauso wie beim vom Klarinettisten Vincent Pongracz auf der Main Stage versammelten Sextett <em>Synestetic Jam<\/em>.<\/p>\n<p>Immer noch eine Entdeckung ist f\u00fcr die meisten wohl Pamelia Stickney und ihr Theremin. Ist ihr doch gelungen, diesen Vorl\u00e4ufer des Synthesizers aus den Fesseln der sph\u00e4risch-jaulenden Science-Fiction-Soundtracks zu befreien und zu einem vollwertigen Instrument zu machen. Ob nun perfekt ins Bandgef\u00fcge von Chris Jankas Spa\u00df-Trio <em>Bluebut<\/em> eingepasst oder mit m\u00e4chtigen Basslines und feinen Melodien im Duo mit dem Peter Rom, dessen E-Gitarre mitunter mehr nach Theremin klang als dieses selbst. Dieses <em>Haptic Harmonies<\/em> benannte Duo hob sich von vielen anderen auch dadurch ab, dass die beiden ein vorbereitetes Programm spielten, in dem freilich immer noch genug Platz f\u00fcr freie Improvisation blieb.<\/p>\n<h3>Hohe Quote an Gelungenem<\/h3>\n<p>Auch wenn bei der Ausrichtung Saalfeldens nicht immer jedes musikalisches Experiment gelingen kann, mitunter die freien Radikale einander \u00e4hneln, so hatte diese Ausgabe doch eine bemerkenswerte Quote an gelungenen, hochinteressanten und eben auch v\u00f6llig unterschiedlichen Beitr\u00e4gen. So wurde zum Beispiel der eher merkw\u00fcrdige \u2013 und mit seiner einseitig pro-pal\u00e4stinesischen Einf\u00fchrung bedenkliche \u2013 Auftritt der amerikanischen S\u00e4ngerin Amirtha Kidambi mit ihrem <em>Elder Ones-<\/em>Quintett schnell wieder aufgefangen durch die <em>Messthetics<\/em>-Landsleute mit ihrem f\u00fcr Saalfelden un\u00fcblich geradlinigen Rock-Jazz, bei dem als Gast Saxofon-Star James Brandon Lewis m\u00e4chtig abdr\u00fcckte. Oder durch das lyrisch-intime franz\u00f6sische Streicher-Trio <em>La Litanie des Cimes <\/em>um den Didier-Lockwood-Sch\u00fcler Cl\u00e9ment Janinet. Erst recht durch das <em>Brainteaser Orchestra<\/em>, einem der absoluten H\u00f6hepunkte des Festivals. Tyn Wybengas 13-k\u00f6pfige All-Star-Auswahl der niederl\u00e4ndischen Szene \u2013 die meisten Mitglieder von Jamie Peet \u00fcber Teis Semey, Kika Sprangers bis zu\u00a0 Alistair Payne oder Nabou Claerhout haben ihre erfolgreichen eigenen Projekte \u2013 stellte sein \u00e4lteres Gro\u00dfprojekt <em>AM.OK orchestra<\/em> an Spielfreude und frischem kompositorischen Wind noch in den Schatten. Eine Sensation war alleine Nabou Claerhouts Posaunensolo.<\/p>\n<p>So weist das diesj\u00e4hrige Saalfelden Jazzfestival, dieses vielleicht im positiven Sinne anstrengendste seiner Art, in jeder Hinsicht eine positive Bilanz auf. Nach ein paar Tagen Ruhe, die man danach braucht, wird schnell Vorfreude aufs n\u00e4chste Jahr aufkommen.<\/p>\n<p>Text und Fotos: Oliver Hochkeppel<br \/>\nDas Beitragsbild zweigt Mona Matbou Riahi mit Band<\/p>\n","protected":false},"excerpt":{"rendered":"<p>Das 44. Jazzfestival Saalfelden stand unter einem guten Stern: Pr\u00e4chtiges Wetter und ein enormer Publikumszuspruch begleiteten die mehr als 60 Konzerte. Da etliche davon herausragend waren, festigten der K\u00fcnstlerische Leiter Mario Steidl und sein Team den Rang des Festivals als eines der f\u00fchrenden europ\u00e4ischen im Feld des progressiven, modern contemporary Jazz. Leider steht ja auch die Kultur seit langem unter dem Primat der \u00d6konomie und muss als \u201eweicher Standortfaktor\u201c alles, auch das eigentlich Unz\u00e4hl- und Unbezahlbare in Zahlen aufrechnen. Das Jazzfestival Saalfelden spielt dieses Spielchen schon deshalb aktiv mit, weil es eine ziemlich einzigartige Doppel-Tr\u00e4gerschaft besitzt: Es wird gemeinsam vom Kunsthaus Nexus \u2013 also einer \u00f6ffentlichen Kultureinrichtung \u2013 und der Saalfelden-Leogang Touristik GmbH \u2013 also einem Wirtschaftsbetrieb \u2013 veranstaltet. Man ist deshalb bei der Analyse weit voraus und wertet unter anderem Mobilfunkdaten aus. Wohlan, fest steht: Das Jazzfestival Saalfelden ist ein echter Publikumsmagnet. Mit gut 28000 Besuchern erreichte die 44. Ausgabe einen neuen Rekord. Der Etat von gut 800.000 Euro d\u00fcrfte damit ausgeglichen sein, die gesamte Wertsch\u00f6pfung f\u00fcr die Gemeinde erreicht 2,18 Millionen Euro. Das ist vor allem deshalb und auch jenseits der wirtschaftlichen Betrachtung &hellip;<\/p>\n","protected":false},"author":18,"featured_media":31582,"comment_status":"open","ping_status":"closed","sticky":false,"template":"","format":"standard","meta":{"_jetpack_memberships_contains_paid_content":false,"footnotes":"","jetpack_publicize_message":"","jetpack_publicize_feature_enabled":true,"jetpack_social_post_already_shared":true,"jetpack_social_options":{"image_generator_settings":{"template":"highway","default_image_id":0,"font":"","enabled":false},"version":2}},"categories":[1053],"tags":[5469,5470,5475,5474,5473,2450,5478,5087,5472,5476,5471,5477],"coauthors":[695],"class_list":["post-31556","post","type-post","status-publish","format-standard","has-post-thumbnail","hentry","category-bericht","tag-brandon-lewis","tag-chris-jankas","tag-guro-kvale","tag-julia-stein","tag-lou-zon","tag-manu-mayr","tag-max-plattner","tag-mona-matbou-riahi","tag-nabou-claerhout","tag-pak-yan-lau","tag-pamelia-stickney","tag-sofia-eftychidou"],"yoast_head":"<!-- This site is optimized with the Yoast SEO plugin v27.4 - https:\/\/yoast.com\/product\/yoast-seo-wordpress\/ -->\n<title>Fordernd und f\u00f6rdernd: Das Jazzfestival Saalfelden 2024 - JazzZeitung<\/title>\n<meta name=\"robots\" content=\"index, follow, max-snippet:-1, max-image-preview:large, max-video-preview:-1\" \/>\n<link rel=\"canonical\" href=\"https:\/\/www.jazzzeitung.de\/cms\/2024\/08\/fordernd-und-foerdernd-das-jazzfestival-saalfelden-2024\/\" \/>\n<meta property=\"og:locale\" content=\"de_DE\" \/>\n<meta property=\"og:type\" content=\"article\" \/>\n<meta property=\"og:title\" content=\"Fordernd und f\u00f6rdernd: Das Jazzfestival Saalfelden 2024 - JazzZeitung\" \/>\n<meta property=\"og:description\" content=\"Das 44. Jazzfestival Saalfelden stand unter einem guten Stern: Pr\u00e4chtiges Wetter und ein enormer Publikumszuspruch begleiteten die mehr als 60 Konzerte. Da etliche davon herausragend waren, festigten der K\u00fcnstlerische Leiter Mario Steidl und sein Team den Rang des Festivals als eines der f\u00fchrenden europ\u00e4ischen im Feld des progressiven, modern contemporary Jazz. Leider steht ja auch die Kultur seit langem unter dem Primat der \u00d6konomie und muss als \u201eweicher Standortfaktor\u201c alles, auch das eigentlich Unz\u00e4hl- und Unbezahlbare in Zahlen aufrechnen. Das Jazzfestival Saalfelden spielt dieses Spielchen schon deshalb aktiv mit, weil es eine ziemlich einzigartige Doppel-Tr\u00e4gerschaft besitzt: Es wird gemeinsam vom Kunsthaus Nexus \u2013 also einer \u00f6ffentlichen Kultureinrichtung \u2013 und der Saalfelden-Leogang Touristik GmbH \u2013 also einem Wirtschaftsbetrieb \u2013 veranstaltet. Man ist deshalb bei der Analyse weit voraus und wertet unter anderem Mobilfunkdaten aus. Wohlan, fest steht: Das Jazzfestival Saalfelden ist ein echter Publikumsmagnet. Mit gut 28000 Besuchern erreichte die 44. Ausgabe einen neuen Rekord. Der Etat von gut 800.000 Euro d\u00fcrfte damit ausgeglichen sein, die gesamte Wertsch\u00f6pfung f\u00fcr die Gemeinde erreicht 2,18 Millionen Euro. Das ist vor allem deshalb und auch jenseits der wirtschaftlichen Betrachtung &hellip;\" \/>\n<meta property=\"og:url\" content=\"https:\/\/www.jazzzeitung.de\/cms\/2024\/08\/fordernd-und-foerdernd-das-jazzfestival-saalfelden-2024\/\" \/>\n<meta property=\"og:site_name\" content=\"JazzZeitung\" \/>\n<meta property=\"article:publisher\" content=\"https:\/\/www.facebook.com\/JazzZeitung\/\" \/>\n<meta property=\"article:published_time\" content=\"2024-08-30T06:03:07+00:00\" \/>\n<meta property=\"og:image\" content=\"https:\/\/i0.wp.com\/www.jazzzeitung.de\/cms\/wp-content\/uploads\/2024\/08\/MonaMatbouRiahi3_OliverHochkeppel230824-scaled.jpg?fit=2560%2C1699&ssl=1\" \/>\n\t<meta property=\"og:image:width\" content=\"2560\" \/>\n\t<meta property=\"og:image:height\" content=\"1699\" \/>\n\t<meta property=\"og:image:type\" content=\"image\/jpeg\" \/>\n<meta name=\"author\" content=\"Redaktion JazzZeitung\" \/>\n<script type=\"application\/ld+json\" class=\"yoast-schema-graph\">{\"@context\":\"https:\\\/\\\/schema.org\",\"@graph\":[{\"@type\":\"Article\",\"@id\":\"https:\\\/\\\/www.jazzzeitung.de\\\/cms\\\/2024\\\/08\\\/fordernd-und-foerdernd-das-jazzfestival-saalfelden-2024\\\/#article\",\"isPartOf\":{\"@id\":\"https:\\\/\\\/www.jazzzeitung.de\\\/cms\\\/2024\\\/08\\\/fordernd-und-foerdernd-das-jazzfestival-saalfelden-2024\\\/\"},\"author\":{\"name\":\"Redaktion JazzZeitung\",\"@id\":\"https:\\\/\\\/www.jazzzeitung.de\\\/cms\\\/#\\\/schema\\\/person\\\/2245b36b9cd1d24cea10f01c031fb92b\"},\"headline\":\"Fordernd und f\u00f6rdernd: Das Jazzfestival Saalfelden 2024\",\"datePublished\":\"2024-08-30T06:03:07+00:00\",\"mainEntityOfPage\":{\"@id\":\"https:\\\/\\\/www.jazzzeitung.de\\\/cms\\\/2024\\\/08\\\/fordernd-und-foerdernd-das-jazzfestival-saalfelden-2024\\\/\"},\"wordCount\":1424,\"commentCount\":1,\"publisher\":{\"@id\":\"https:\\\/\\\/www.jazzzeitung.de\\\/cms\\\/#organization\"},\"image\":{\"@id\":\"https:\\\/\\\/www.jazzzeitung.de\\\/cms\\\/2024\\\/08\\\/fordernd-und-foerdernd-das-jazzfestival-saalfelden-2024\\\/#primaryimage\"},\"thumbnailUrl\":\"https:\\\/\\\/i0.wp.com\\\/www.jazzzeitung.de\\\/cms\\\/wp-content\\\/uploads\\\/2024\\\/08\\\/MonaMatbouRiahi3_OliverHochkeppel230824-scaled.jpg?fit=2560%2C1699&ssl=1\",\"keywords\":[\"Brandon Lewis\",\"Chris Jankas\",\"Guro Kvale\",\"Julia Stein\",\"Lou Zon\",\"Manu Mayr\",\"Max Plattner\",\"Mona Matbou Riahi\",\"Nabou Claerhout\",\"Pak Yan Lau\",\"Pamelia Stickney\",\"Sofia Eftychidou\"],\"articleSection\":[\"Bericht\"],\"inLanguage\":\"de\",\"potentialAction\":[{\"@type\":\"CommentAction\",\"name\":\"Comment\",\"target\":[\"https:\\\/\\\/www.jazzzeitung.de\\\/cms\\\/2024\\\/08\\\/fordernd-und-foerdernd-das-jazzfestival-saalfelden-2024\\\/#respond\"]}]},{\"@type\":\"WebPage\",\"@id\":\"https:\\\/\\\/www.jazzzeitung.de\\\/cms\\\/2024\\\/08\\\/fordernd-und-foerdernd-das-jazzfestival-saalfelden-2024\\\/\",\"url\":\"https:\\\/\\\/www.jazzzeitung.de\\\/cms\\\/2024\\\/08\\\/fordernd-und-foerdernd-das-jazzfestival-saalfelden-2024\\\/\",\"name\":\"Fordernd und f\u00f6rdernd: Das Jazzfestival Saalfelden 2024 - JazzZeitung\",\"isPartOf\":{\"@id\":\"https:\\\/\\\/www.jazzzeitung.de\\\/cms\\\/#website\"},\"primaryImageOfPage\":{\"@id\":\"https:\\\/\\\/www.jazzzeitung.de\\\/cms\\\/2024\\\/08\\\/fordernd-und-foerdernd-das-jazzfestival-saalfelden-2024\\\/#primaryimage\"},\"image\":{\"@id\":\"https:\\\/\\\/www.jazzzeitung.de\\\/cms\\\/2024\\\/08\\\/fordernd-und-foerdernd-das-jazzfestival-saalfelden-2024\\\/#primaryimage\"},\"thumbnailUrl\":\"https:\\\/\\\/i0.wp.com\\\/www.jazzzeitung.de\\\/cms\\\/wp-content\\\/uploads\\\/2024\\\/08\\\/MonaMatbouRiahi3_OliverHochkeppel230824-scaled.jpg?fit=2560%2C1699&ssl=1\",\"datePublished\":\"2024-08-30T06:03:07+00:00\",\"breadcrumb\":{\"@id\":\"https:\\\/\\\/www.jazzzeitung.de\\\/cms\\\/2024\\\/08\\\/fordernd-und-foerdernd-das-jazzfestival-saalfelden-2024\\\/#breadcrumb\"},\"inLanguage\":\"de\",\"potentialAction\":[{\"@type\":\"ReadAction\",\"target\":[\"https:\\\/\\\/www.jazzzeitung.de\\\/cms\\\/2024\\\/08\\\/fordernd-und-foerdernd-das-jazzfestival-saalfelden-2024\\\/\"]}]},{\"@type\":\"ImageObject\",\"inLanguage\":\"de\",\"@id\":\"https:\\\/\\\/www.jazzzeitung.de\\\/cms\\\/2024\\\/08\\\/fordernd-und-foerdernd-das-jazzfestival-saalfelden-2024\\\/#primaryimage\",\"url\":\"https:\\\/\\\/i0.wp.com\\\/www.jazzzeitung.de\\\/cms\\\/wp-content\\\/uploads\\\/2024\\\/08\\\/MonaMatbouRiahi3_OliverHochkeppel230824-scaled.jpg?fit=2560%2C1699&ssl=1\",\"contentUrl\":\"https:\\\/\\\/i0.wp.com\\\/www.jazzzeitung.de\\\/cms\\\/wp-content\\\/uploads\\\/2024\\\/08\\\/MonaMatbouRiahi3_OliverHochkeppel230824-scaled.jpg?fit=2560%2C1699&ssl=1\",\"width\":2560,\"height\":1699,\"caption\":\"Mona Matbou Riahi. Foto Oliver Hochkeppel\"},{\"@type\":\"BreadcrumbList\",\"@id\":\"https:\\\/\\\/www.jazzzeitung.de\\\/cms\\\/2024\\\/08\\\/fordernd-und-foerdernd-das-jazzfestival-saalfelden-2024\\\/#breadcrumb\",\"itemListElement\":[{\"@type\":\"ListItem\",\"position\":1,\"name\":\"Startseite\",\"item\":\"https:\\\/\\\/www.jazzzeitung.de\\\/cms\\\/\"},{\"@type\":\"ListItem\",\"position\":2,\"name\":\"Fordernd und f\u00f6rdernd: Das Jazzfestival Saalfelden 2024\"}]},{\"@type\":\"WebSite\",\"@id\":\"https:\\\/\\\/www.jazzzeitung.de\\\/cms\\\/#website\",\"url\":\"https:\\\/\\\/www.jazzzeitung.de\\\/cms\\\/\",\"name\":\"JazzZeitung\",\"description\":\"Jazz-News und Jazz-Kontroverses\",\"publisher\":{\"@id\":\"https:\\\/\\\/www.jazzzeitung.de\\\/cms\\\/#organization\"},\"potentialAction\":[{\"@type\":\"SearchAction\",\"target\":{\"@type\":\"EntryPoint\",\"urlTemplate\":\"https:\\\/\\\/www.jazzzeitung.de\\\/cms\\\/?s={search_term_string}\"},\"query-input\":{\"@type\":\"PropertyValueSpecification\",\"valueRequired\":true,\"valueName\":\"search_term_string\"}}],\"inLanguage\":\"de\"},{\"@type\":\"Organization\",\"@id\":\"https:\\\/\\\/www.jazzzeitung.de\\\/cms\\\/#organization\",\"name\":\"JazzZeitung online\",\"url\":\"https:\\\/\\\/www.jazzzeitung.de\\\/cms\\\/\",\"logo\":{\"@type\":\"ImageObject\",\"inLanguage\":\"de\",\"@id\":\"https:\\\/\\\/www.jazzzeitung.de\\\/cms\\\/#\\\/schema\\\/logo\\\/image\\\/\",\"url\":\"https:\\\/\\\/i0.wp.com\\\/www.jazzzeitung.de\\\/cms\\\/wp-content\\\/uploads\\\/2015\\\/08\\\/JAZZZEITUNGDE_Logo_Neu.png?fit=499%2C200&ssl=1\",\"contentUrl\":\"https:\\\/\\\/i0.wp.com\\\/www.jazzzeitung.de\\\/cms\\\/wp-content\\\/uploads\\\/2015\\\/08\\\/JAZZZEITUNGDE_Logo_Neu.png?fit=499%2C200&ssl=1\",\"width\":499,\"height\":200,\"caption\":\"JazzZeitung online\"},\"image\":{\"@id\":\"https:\\\/\\\/www.jazzzeitung.de\\\/cms\\\/#\\\/schema\\\/logo\\\/image\\\/\"},\"sameAs\":[\"https:\\\/\\\/www.facebook.com\\\/JazzZeitung\\\/\"]},{\"@type\":\"Person\",\"@id\":\"https:\\\/\\\/www.jazzzeitung.de\\\/cms\\\/#\\\/schema\\\/person\\\/2245b36b9cd1d24cea10f01c031fb92b\",\"name\":\"Redaktion JazzZeitung\",\"image\":{\"@type\":\"ImageObject\",\"inLanguage\":\"de\",\"@id\":\"https:\\\/\\\/i0.wp.com\\\/www.jazzzeitung.de\\\/cms\\\/wp-content\\\/uploads\\\/2015\\\/08\\\/JAZZZEITUNGDE_Logo_Neu.png?resize=96%2C96&ssl=159975dcacb611b5700bd619b5daf0a7a\",\"url\":\"https:\\\/\\\/i0.wp.com\\\/www.jazzzeitung.de\\\/cms\\\/wp-content\\\/uploads\\\/2015\\\/08\\\/JAZZZEITUNGDE_Logo_Neu.png?resize=96%2C96&ssl=1\",\"contentUrl\":\"https:\\\/\\\/i0.wp.com\\\/www.jazzzeitung.de\\\/cms\\\/wp-content\\\/uploads\\\/2015\\\/08\\\/JAZZZEITUNGDE_Logo_Neu.png?resize=96%2C96&ssl=1\",\"caption\":\"Redaktion JazzZeitung\"},\"description\":\"Artikel der Redaktion der JazzZeitung.\",\"sameAs\":[\"http:\\\/\\\/www.jazzzeitung.de\\\/cms\\\/\"],\"url\":\"https:\\\/\\\/www.jazzzeitung.de\\\/cms\\\/author\\\/redaktion\\\/\"}]}<\/script>\n<!-- \/ Yoast SEO plugin. -->","yoast_head_json":{"title":"Fordernd und f\u00f6rdernd: Das Jazzfestival Saalfelden 2024 - JazzZeitung","robots":{"index":"index","follow":"follow","max-snippet":"max-snippet:-1","max-image-preview":"max-image-preview:large","max-video-preview":"max-video-preview:-1"},"canonical":"https:\/\/www.jazzzeitung.de\/cms\/2024\/08\/fordernd-und-foerdernd-das-jazzfestival-saalfelden-2024\/","og_locale":"de_DE","og_type":"article","og_title":"Fordernd und f\u00f6rdernd: Das Jazzfestival Saalfelden 2024 - JazzZeitung","og_description":"Das 44. Jazzfestival Saalfelden stand unter einem guten Stern: Pr\u00e4chtiges Wetter und ein enormer Publikumszuspruch begleiteten die mehr als 60 Konzerte. Da etliche davon herausragend waren, festigten der K\u00fcnstlerische Leiter Mario Steidl und sein Team den Rang des Festivals als eines der f\u00fchrenden europ\u00e4ischen im Feld des progressiven, modern contemporary Jazz. Leider steht ja auch die Kultur seit langem unter dem Primat der \u00d6konomie und muss als \u201eweicher Standortfaktor\u201c alles, auch das eigentlich Unz\u00e4hl- und Unbezahlbare in Zahlen aufrechnen. Das Jazzfestival Saalfelden spielt dieses Spielchen schon deshalb aktiv mit, weil es eine ziemlich einzigartige Doppel-Tr\u00e4gerschaft besitzt: Es wird gemeinsam vom Kunsthaus Nexus \u2013 also einer \u00f6ffentlichen Kultureinrichtung \u2013 und der Saalfelden-Leogang Touristik GmbH \u2013 also einem Wirtschaftsbetrieb \u2013 veranstaltet. Man ist deshalb bei der Analyse weit voraus und wertet unter anderem Mobilfunkdaten aus. Wohlan, fest steht: Das Jazzfestival Saalfelden ist ein echter Publikumsmagnet. Mit gut 28000 Besuchern erreichte die 44. Ausgabe einen neuen Rekord. Der Etat von gut 800.000 Euro d\u00fcrfte damit ausgeglichen sein, die gesamte Wertsch\u00f6pfung f\u00fcr die Gemeinde erreicht 2,18 Millionen Euro. Das ist vor allem deshalb und auch jenseits der wirtschaftlichen Betrachtung &hellip;","og_url":"https:\/\/www.jazzzeitung.de\/cms\/2024\/08\/fordernd-und-foerdernd-das-jazzfestival-saalfelden-2024\/","og_site_name":"JazzZeitung","article_publisher":"https:\/\/www.facebook.com\/JazzZeitung\/","article_published_time":"2024-08-30T06:03:07+00:00","og_image":[{"width":2560,"height":1699,"url":"https:\/\/i0.wp.com\/www.jazzzeitung.de\/cms\/wp-content\/uploads\/2024\/08\/MonaMatbouRiahi3_OliverHochkeppel230824-scaled.jpg?fit=2560%2C1699&ssl=1","type":"image\/jpeg"}],"author":"Redaktion JazzZeitung","schema":{"@context":"https:\/\/schema.org","@graph":[{"@type":"Article","@id":"https:\/\/www.jazzzeitung.de\/cms\/2024\/08\/fordernd-und-foerdernd-das-jazzfestival-saalfelden-2024\/#article","isPartOf":{"@id":"https:\/\/www.jazzzeitung.de\/cms\/2024\/08\/fordernd-und-foerdernd-das-jazzfestival-saalfelden-2024\/"},"author":{"name":"Redaktion JazzZeitung","@id":"https:\/\/www.jazzzeitung.de\/cms\/#\/schema\/person\/2245b36b9cd1d24cea10f01c031fb92b"},"headline":"Fordernd und f\u00f6rdernd: Das Jazzfestival Saalfelden 2024","datePublished":"2024-08-30T06:03:07+00:00","mainEntityOfPage":{"@id":"https:\/\/www.jazzzeitung.de\/cms\/2024\/08\/fordernd-und-foerdernd-das-jazzfestival-saalfelden-2024\/"},"wordCount":1424,"commentCount":1,"publisher":{"@id":"https:\/\/www.jazzzeitung.de\/cms\/#organization"},"image":{"@id":"https:\/\/www.jazzzeitung.de\/cms\/2024\/08\/fordernd-und-foerdernd-das-jazzfestival-saalfelden-2024\/#primaryimage"},"thumbnailUrl":"https:\/\/i0.wp.com\/www.jazzzeitung.de\/cms\/wp-content\/uploads\/2024\/08\/MonaMatbouRiahi3_OliverHochkeppel230824-scaled.jpg?fit=2560%2C1699&ssl=1","keywords":["Brandon Lewis","Chris Jankas","Guro Kvale","Julia Stein","Lou Zon","Manu Mayr","Max Plattner","Mona Matbou Riahi","Nabou Claerhout","Pak Yan Lau","Pamelia Stickney","Sofia Eftychidou"],"articleSection":["Bericht"],"inLanguage":"de","potentialAction":[{"@type":"CommentAction","name":"Comment","target":["https:\/\/www.jazzzeitung.de\/cms\/2024\/08\/fordernd-und-foerdernd-das-jazzfestival-saalfelden-2024\/#respond"]}]},{"@type":"WebPage","@id":"https:\/\/www.jazzzeitung.de\/cms\/2024\/08\/fordernd-und-foerdernd-das-jazzfestival-saalfelden-2024\/","url":"https:\/\/www.jazzzeitung.de\/cms\/2024\/08\/fordernd-und-foerdernd-das-jazzfestival-saalfelden-2024\/","name":"Fordernd und f\u00f6rdernd: Das Jazzfestival Saalfelden 2024 - JazzZeitung","isPartOf":{"@id":"https:\/\/www.jazzzeitung.de\/cms\/#website"},"primaryImageOfPage":{"@id":"https:\/\/www.jazzzeitung.de\/cms\/2024\/08\/fordernd-und-foerdernd-das-jazzfestival-saalfelden-2024\/#primaryimage"},"image":{"@id":"https:\/\/www.jazzzeitung.de\/cms\/2024\/08\/fordernd-und-foerdernd-das-jazzfestival-saalfelden-2024\/#primaryimage"},"thumbnailUrl":"https:\/\/i0.wp.com\/www.jazzzeitung.de\/cms\/wp-content\/uploads\/2024\/08\/MonaMatbouRiahi3_OliverHochkeppel230824-scaled.jpg?fit=2560%2C1699&ssl=1","datePublished":"2024-08-30T06:03:07+00:00","breadcrumb":{"@id":"https:\/\/www.jazzzeitung.de\/cms\/2024\/08\/fordernd-und-foerdernd-das-jazzfestival-saalfelden-2024\/#breadcrumb"},"inLanguage":"de","potentialAction":[{"@type":"ReadAction","target":["https:\/\/www.jazzzeitung.de\/cms\/2024\/08\/fordernd-und-foerdernd-das-jazzfestival-saalfelden-2024\/"]}]},{"@type":"ImageObject","inLanguage":"de","@id":"https:\/\/www.jazzzeitung.de\/cms\/2024\/08\/fordernd-und-foerdernd-das-jazzfestival-saalfelden-2024\/#primaryimage","url":"https:\/\/i0.wp.com\/www.jazzzeitung.de\/cms\/wp-content\/uploads\/2024\/08\/MonaMatbouRiahi3_OliverHochkeppel230824-scaled.jpg?fit=2560%2C1699&ssl=1","contentUrl":"https:\/\/i0.wp.com\/www.jazzzeitung.de\/cms\/wp-content\/uploads\/2024\/08\/MonaMatbouRiahi3_OliverHochkeppel230824-scaled.jpg?fit=2560%2C1699&ssl=1","width":2560,"height":1699,"caption":"Mona Matbou Riahi. Foto Oliver Hochkeppel"},{"@type":"BreadcrumbList","@id":"https:\/\/www.jazzzeitung.de\/cms\/2024\/08\/fordernd-und-foerdernd-das-jazzfestival-saalfelden-2024\/#breadcrumb","itemListElement":[{"@type":"ListItem","position":1,"name":"Startseite","item":"https:\/\/www.jazzzeitung.de\/cms\/"},{"@type":"ListItem","position":2,"name":"Fordernd und f\u00f6rdernd: Das Jazzfestival Saalfelden 2024"}]},{"@type":"WebSite","@id":"https:\/\/www.jazzzeitung.de\/cms\/#website","url":"https:\/\/www.jazzzeitung.de\/cms\/","name":"JazzZeitung","description":"Jazz-News und Jazz-Kontroverses","publisher":{"@id":"https:\/\/www.jazzzeitung.de\/cms\/#organization"},"potentialAction":[{"@type":"SearchAction","target":{"@type":"EntryPoint","urlTemplate":"https:\/\/www.jazzzeitung.de\/cms\/?s={search_term_string}"},"query-input":{"@type":"PropertyValueSpecification","valueRequired":true,"valueName":"search_term_string"}}],"inLanguage":"de"},{"@type":"Organization","@id":"https:\/\/www.jazzzeitung.de\/cms\/#organization","name":"JazzZeitung online","url":"https:\/\/www.jazzzeitung.de\/cms\/","logo":{"@type":"ImageObject","inLanguage":"de","@id":"https:\/\/www.jazzzeitung.de\/cms\/#\/schema\/logo\/image\/","url":"https:\/\/i0.wp.com\/www.jazzzeitung.de\/cms\/wp-content\/uploads\/2015\/08\/JAZZZEITUNGDE_Logo_Neu.png?fit=499%2C200&ssl=1","contentUrl":"https:\/\/i0.wp.com\/www.jazzzeitung.de\/cms\/wp-content\/uploads\/2015\/08\/JAZZZEITUNGDE_Logo_Neu.png?fit=499%2C200&ssl=1","width":499,"height":200,"caption":"JazzZeitung online"},"image":{"@id":"https:\/\/www.jazzzeitung.de\/cms\/#\/schema\/logo\/image\/"},"sameAs":["https:\/\/www.facebook.com\/JazzZeitung\/"]},{"@type":"Person","@id":"https:\/\/www.jazzzeitung.de\/cms\/#\/schema\/person\/2245b36b9cd1d24cea10f01c031fb92b","name":"Redaktion JazzZeitung","image":{"@type":"ImageObject","inLanguage":"de","@id":"https:\/\/i0.wp.com\/www.jazzzeitung.de\/cms\/wp-content\/uploads\/2015\/08\/JAZZZEITUNGDE_Logo_Neu.png?resize=96%2C96&ssl=159975dcacb611b5700bd619b5daf0a7a","url":"https:\/\/i0.wp.com\/www.jazzzeitung.de\/cms\/wp-content\/uploads\/2015\/08\/JAZZZEITUNGDE_Logo_Neu.png?resize=96%2C96&ssl=1","contentUrl":"https:\/\/i0.wp.com\/www.jazzzeitung.de\/cms\/wp-content\/uploads\/2015\/08\/JAZZZEITUNGDE_Logo_Neu.png?resize=96%2C96&ssl=1","caption":"Redaktion JazzZeitung"},"description":"Artikel der Redaktion der JazzZeitung.","sameAs":["http:\/\/www.jazzzeitung.de\/cms\/"],"url":"https:\/\/www.jazzzeitung.de\/cms\/author\/redaktion\/"}]}},"wp-worthy-pixel":{"ignored":false,"public":null,"server":null,"url":null},"wp-worthy-type":"normal","jetpack_publicize_connections":[],"cc_featured_image_caption":{"caption_text":"","source_text":"","source_url":""},"jetpack_featured_media_url":"https:\/\/i0.wp.com\/www.jazzzeitung.de\/cms\/wp-content\/uploads\/2024\/08\/MonaMatbouRiahi3_OliverHochkeppel230824-scaled.jpg?fit=2560%2C1699&ssl=1","jetpack_shortlink":"https:\/\/wp.me\/p3KEcT-8cY","jetpack-related-posts":[{"id":11589,"url":"https:\/\/www.jazzzeitung.de\/cms\/2017\/01\/so-war-das-3-tage-jazz-in-saalfelden\/","url_meta":{"origin":31556,"position":0},"title":"So war das \u201e3 Tage Jazz\u201c in Saalfelden","author":"Redaktion JazzZeitung","date":"25. Januar 2017","format":false,"excerpt":"Fast 40 Jahre ist es her, als das heutige Jazzfestival Saalfelden unter dem Namen \"3 Tage Jazz\" 1978 seine Tore \u00f6ffnete. Nun im Jahr 2017 konnte man schon zum zweiten Mal den unkonventionellen Jazzt\u00f6nen auch im Winter lauschen und so pr\u00e4sentierten wir beim \u201e3 Tage Jazz\u201c von 20.\u00a0 bis 22.\u2026","rel":"","context":"In &quot;Bericht&quot;","block_context":{"text":"Bericht","link":"https:\/\/www.jazzzeitung.de\/cms\/thema\/bericht\/"},"img":{"alt_text":"","src":"https:\/\/i0.wp.com\/www.jazzzeitung.de\/cms\/wp-content\/uploads\/2017\/01\/Gianluigi-Trovesi-%C2%A9-Michael-Gei%C3%9Fler-150x150.jpg?resize=350%2C200","width":350,"height":200},"classes":[]},{"id":22079,"url":"https:\/\/www.jazzzeitung.de\/cms\/2020\/03\/news-internationales-jazzfestival-saalfelden-2020\/","url_meta":{"origin":31556,"position":1},"title":"news +++ Internationales Jazzfestival Saalfelden 2020 +++ Bingen swingt im 25. Jahr +++","author":"Redaktion JazzZeitung","date":"6. M\u00e4rz 2020","format":false,"excerpt":"+++Das \u00f6sterreichische Element beim Internationalen Jazzfestival Saalfelden 2020+++ Das Jazzfestival Saalfelden findet dieses Jahr vom 20.- 23. August statt. Das Festival ist bekannt daf\u00fcr, nicht nur internationalen Acts, sondern insbesondere auch der heimischen Musikszene eine B\u00fchne zu bieten. Auch 2020 zeigt Saalfelden einen Ausschnitt aus der Vielfalt der \u00f6sterreichischen Jazzszene\u2026","rel":"","context":"In &quot;News&quot;","block_context":{"text":"News","link":"https:\/\/www.jazzzeitung.de\/cms\/thema\/nachrichten\/"},"img":{"alt_text":"","src":"https:\/\/i0.wp.com\/www.jazzzeitung.de\/cms\/wp-content\/uploads\/2020\/03\/beitragsbildFabian-Rucker-Press2020_5-%C2%A9Severin-Koller.jpg?fit=1200%2C939&ssl=1&resize=350%2C200","width":350,"height":200,"srcset":"https:\/\/i0.wp.com\/www.jazzzeitung.de\/cms\/wp-content\/uploads\/2020\/03\/beitragsbildFabian-Rucker-Press2020_5-%C2%A9Severin-Koller.jpg?fit=1200%2C939&ssl=1&resize=350%2C200 1x, https:\/\/i0.wp.com\/www.jazzzeitung.de\/cms\/wp-content\/uploads\/2020\/03\/beitragsbildFabian-Rucker-Press2020_5-%C2%A9Severin-Koller.jpg?fit=1200%2C939&ssl=1&resize=525%2C300 1.5x, https:\/\/i0.wp.com\/www.jazzzeitung.de\/cms\/wp-content\/uploads\/2020\/03\/beitragsbildFabian-Rucker-Press2020_5-%C2%A9Severin-Koller.jpg?fit=1200%2C939&ssl=1&resize=700%2C400 2x, https:\/\/i0.wp.com\/www.jazzzeitung.de\/cms\/wp-content\/uploads\/2020\/03\/beitragsbildFabian-Rucker-Press2020_5-%C2%A9Severin-Koller.jpg?fit=1200%2C939&ssl=1&resize=1050%2C600 3x"},"classes":[]},{"id":30569,"url":"https:\/\/www.jazzzeitung.de\/cms\/2024\/02\/news-camille-buscot-zur-dju-martin-schmitt-in-oberthulba-jazzfestival-saalfelden-2024\/","url_meta":{"origin":31556,"position":2},"title":"+++ news +++ Camille Buscot zur DJU +++ Martin Schmitt in Oberthulba +++ Jazzfestival Saalfelden 2024 +++","author":"Redaktion JazzZeitung","date":"8. Februar 2024","format":false,"excerpt":"+++ Camille Buscot wird neue Gesch\u00e4ftsf\u00fchrerin der Deutschen Jazzunion +++ (PM Deutsche Jazzunion) Stabs\u00fcbergabe beim Sprachrohr der Jazzmusiker*innen in Deutschland: Die erfahrene Kulturmanagerin und Mitstreiterin der Jazz- und Improvisationsszene Camille Buscot \u00fcbernimmt ab dem 1. Mai die Gesch\u00e4ftsf\u00fchrung der Deutschen Jazzunion. Ihr Vorg\u00e4nger Urs Johnen wird nach achtj\u00e4hriger Amtszeit im\u2026","rel":"","context":"In &quot;News&quot;","block_context":{"text":"News","link":"https:\/\/www.jazzzeitung.de\/cms\/thema\/nachrichten\/"},"img":{"alt_text":"","src":"https:\/\/i0.wp.com\/www.jazzzeitung.de\/cms\/wp-content\/uploads\/2024\/02\/Camille-BuscoBen-Gross.jpeg?fit=850%2C567&ssl=1&resize=350%2C200","width":350,"height":200,"srcset":"https:\/\/i0.wp.com\/www.jazzzeitung.de\/cms\/wp-content\/uploads\/2024\/02\/Camille-BuscoBen-Gross.jpeg?fit=850%2C567&ssl=1&resize=350%2C200 1x, https:\/\/i0.wp.com\/www.jazzzeitung.de\/cms\/wp-content\/uploads\/2024\/02\/Camille-BuscoBen-Gross.jpeg?fit=850%2C567&ssl=1&resize=525%2C300 1.5x, https:\/\/i0.wp.com\/www.jazzzeitung.de\/cms\/wp-content\/uploads\/2024\/02\/Camille-BuscoBen-Gross.jpeg?fit=850%2C567&ssl=1&resize=700%2C400 2x"},"classes":[]},{"id":13192,"url":"https:\/\/www.jazzzeitung.de\/cms\/2017\/08\/das-38-internationale-jazzfestival-geht-von-24-bis-27-august-ueber-die-saalfeldener-buehnen\/","url_meta":{"origin":31556,"position":3},"title":"Das 38. Internationale Jazzfestival geht von 24. bis 27. August \u00fcber die Saalfeldener B\u00fchnen","author":"Redaktion JazzZeitung","date":"2. August 2017","format":false,"excerpt":"Das Internationale Jazzfestival Saalfelden j\u00e4hrt sich 2017 bereits zum 38. Mal. Mit 37 Konzerten an vier Tagen gelingt es den Veranstaltern immer wieder, die Herzen von Musikliebhabern h\u00f6her schlagen zu lassen. 16 der 37 Konzerte k\u00f6nnen die G\u00e4ste bei freiem Eintritt besuchen. Das Jazzfestival Saalfelden beginnt bereits am Donnerstagabend mit\u2026","rel":"","context":"In &quot;News&quot;","block_context":{"text":"News","link":"https:\/\/www.jazzzeitung.de\/cms\/thema\/nachrichten\/"},"img":{"alt_text":"","src":"https:\/\/i0.wp.com\/www.jazzzeitung.de\/cms\/wp-content\/uploads\/2017\/08\/Mainstage_by_Koppensteiner_Photography-150x150.jpg?resize=350%2C200&ssl=1","width":350,"height":200},"classes":[]},{"id":12583,"url":"https:\/\/www.jazzzeitung.de\/cms\/2017\/06\/news-38-internationales-jazzfestival-saalfelden-24-27-08-2017\/","url_meta":{"origin":31556,"position":4},"title":"+++ News +++ Jazz im Hamburger Hafen: Elbjazz-Festival startet heute! +++  Stefan Frank Band ft. Michel Kneule 7.06.2017 in der AalenerJamSession +++ 38. Internationales Jazzfestival Saalfelden 24.-27.08.2017 +++","author":"Redaktion JazzZeitung","date":"2. Juni 2017","format":false,"excerpt":"+++ Jazz im Hamburger Hafen: Elbjazz-Festival startet heute! +++ Nach einj\u00e4hriger Pause kehrt am Freitag, den 2.06.2017 das Elbjazz-Festival in den Hamburger Hafen zur\u00fcck. In diesem Jahr werden auf acht B\u00fchnen\u00a0neben zahlreichen\u00a0Newcomern auch diverse Stars der Szene spielen, teilte der Veranstalter mit.\u00a0Zu den diesj\u00e4hrigen Highlights z\u00e4hlen Auftritte des\u00a0Joshua Redman Trios,\u2026","rel":"","context":"In &quot;News&quot;","block_context":{"text":"News","link":"https:\/\/www.jazzzeitung.de\/cms\/thema\/nachrichten\/"},"img":{"alt_text":"","src":"https:\/\/i0.wp.com\/www.jazzzeitung.de\/cms\/wp-content\/uploads\/2017\/06\/ELBJAZZ_Logo_schw-300x239.jpg?resize=350%2C200&ssl=1","width":350,"height":200},"classes":[]},{"id":25503,"url":"https:\/\/www.jazzzeitung.de\/cms\/2021\/08\/41-jazzfestival-saalfelden-experimente-mit-den-raendern-des-genres\/","url_meta":{"origin":31556,"position":5},"title":"41. Jazzfestival Saalfelden: Experimente mit den R\u00e4ndern des Genres","author":"Redaktion JazzZeitung","date":"24. August 2021","format":false,"excerpt":"Neuauflage des Saalfelder Jazzfestivals setzt auf Kommunikationsf\u00e4higkeit und wechselnde Formationen In der Kunst geht es auch darum, was sein kann, nicht zwangsl\u00e4ufig, was sein darf. \u201eIch halte mich da an Roscoe Mitchell\u201c, meint Craig Taborn im Gespr\u00e4ch. \u201eSeine Frage lautet: \u201aWorin besteht dein Beitrag?\u2018\u201c Um das zu erkunden, wagt er\u2026","rel":"","context":"In &quot;Bericht&quot;","block_context":{"text":"Bericht","link":"https:\/\/www.jazzzeitung.de\/cms\/thema\/bericht\/"},"img":{"alt_text":"","src":"https:\/\/i0.wp.com\/www.jazzzeitung.de\/cms\/wp-content\/uploads\/2021\/08\/DSC01085.jpg?fit=1200%2C800&ssl=1&resize=350%2C200","width":350,"height":200,"srcset":"https:\/\/i0.wp.com\/www.jazzzeitung.de\/cms\/wp-content\/uploads\/2021\/08\/DSC01085.jpg?fit=1200%2C800&ssl=1&resize=350%2C200 1x, https:\/\/i0.wp.com\/www.jazzzeitung.de\/cms\/wp-content\/uploads\/2021\/08\/DSC01085.jpg?fit=1200%2C800&ssl=1&resize=525%2C300 1.5x, https:\/\/i0.wp.com\/www.jazzzeitung.de\/cms\/wp-content\/uploads\/2021\/08\/DSC01085.jpg?fit=1200%2C800&ssl=1&resize=700%2C400 2x, https:\/\/i0.wp.com\/www.jazzzeitung.de\/cms\/wp-content\/uploads\/2021\/08\/DSC01085.jpg?fit=1200%2C800&ssl=1&resize=1050%2C600 3x"},"classes":[]}],"jetpack_sharing_enabled":true,"_links":{"self":[{"href":"https:\/\/www.jazzzeitung.de\/cms\/wp-json\/wp\/v2\/posts\/31556","targetHints":{"allow":["GET"]}}],"collection":[{"href":"https:\/\/www.jazzzeitung.de\/cms\/wp-json\/wp\/v2\/posts"}],"about":[{"href":"https:\/\/www.jazzzeitung.de\/cms\/wp-json\/wp\/v2\/types\/post"}],"author":[{"embeddable":true,"href":"https:\/\/www.jazzzeitung.de\/cms\/wp-json\/wp\/v2\/users\/18"}],"replies":[{"embeddable":true,"href":"https:\/\/www.jazzzeitung.de\/cms\/wp-json\/wp\/v2\/comments?post=31556"}],"version-history":[{"count":9,"href":"https:\/\/www.jazzzeitung.de\/cms\/wp-json\/wp\/v2\/posts\/31556\/revisions"}],"predecessor-version":[{"id":31585,"href":"https:\/\/www.jazzzeitung.de\/cms\/wp-json\/wp\/v2\/posts\/31556\/revisions\/31585"}],"wp:featuredmedia":[{"embeddable":true,"href":"https:\/\/www.jazzzeitung.de\/cms\/wp-json\/wp\/v2\/media\/31582"}],"wp:attachment":[{"href":"https:\/\/www.jazzzeitung.de\/cms\/wp-json\/wp\/v2\/media?parent=31556"}],"wp:term":[{"taxonomy":"category","embeddable":true,"href":"https:\/\/www.jazzzeitung.de\/cms\/wp-json\/wp\/v2\/categories?post=31556"},{"taxonomy":"post_tag","embeddable":true,"href":"https:\/\/www.jazzzeitung.de\/cms\/wp-json\/wp\/v2\/tags?post=31556"},{"taxonomy":"author","embeddable":true,"href":"https:\/\/www.jazzzeitung.de\/cms\/wp-json\/wp\/v2\/coauthors?post=31556"}],"curies":[{"name":"wp","href":"https:\/\/api.w.org\/{rel}","templated":true}]}}