{"id":31549,"date":"2024-08-27T08:43:55","date_gmt":"2024-08-27T06:43:55","guid":{"rendered":"https:\/\/www.jazzzeitung.de\/cms\/?p=31549"},"modified":"2024-08-26T15:44:15","modified_gmt":"2024-08-26T13:44:15","slug":"zwischen-fugen-und-jazz-cd-von-florian-willeitner","status":"publish","type":"post","link":"https:\/\/www.jazzzeitung.de\/cms\/2024\/08\/zwischen-fugen-und-jazz-cd-von-florian-willeitner\/","title":{"rendered":"Zwischen Fugen und Jazz: CD von Florian Willeitner"},"content":{"rendered":"<p>Die Fuge neu zu denken, ist keine leichte Aufgabe. Doch genau diesen Versuch hat der Geiger und Komponist Florian Willeitner mit seinem neuesten Album \u201eWhat The Fugue\u201c gewagt. Gemeinsam mit seinem \u201eNew Piano Trio\u201c, bestehend aus Ivan Turkalj am Cello und Alexander Wienand am Klavier, balanciert Willeitner meisterhaft zwischen der strengen Struktur der Fugenkunst und der Freiheit des Jazz.<\/p>\n<p>\u201eWhat The Fugue\u201c ist dabei mehr als nur eine Hommage an die barocken Meister. Es ist eine Reise durch verschiedene musikalische Welten, die Willeitner geschickt in vier sogenannte \u201eKeys\u201c unterteilt hat. Diese vier Tonsprachen repr\u00e4sentieren die Einfl\u00fcsse, die das Album pr\u00e4gen: vom Orient \u00fcber experimentelle Harmonien bis hin zu Bach und einer humorvollen Anspielung auf Prokofjew. Jedes St\u00fcck spiegelt Willeitners tiefgehende Auseinandersetzung mit der jeweiligen Musiktradition wider und zeigt, wie diese scheinbar unterschiedlichen Welten mit der Fuge in Einklang gebracht werden k\u00f6nnen.<\/p>\n<p>Der erste Key \u201eOrient\u201c fasziniert durch die geschickte Integration rhythmischer und klanglicher Elemente aus der nah\u00f6stlichen Musiktradition. Diese werden nahtlos mit westlichen musikalischen Strukturen verwoben. Ihren Beginn bildet \u201eTigran\u2019s Prelude\u201c, das als Hommage an den Pianisten Tigran Hamasyan konzipiert ist. Als sanftes, atmosph\u00e4risches Vorspiel bereitet es die B\u00fchne f\u00fcr die nachfolgende Fuge und f\u00fchrt zugleich subtil in die Vielschichtigkeit des thematischen Materials ein.<\/p>\n<p>Nach einer musikalisch ausdrucksstarken Fuge, folgen mit dem zweiten Key \u201eThe Super Ultra Hyper Mega Meta\u201c f\u00fcnf \u201eDimensions\u201c \u2013 ein musikalischer Kontrast zum ersten Teil der CD. Diese f\u00fcnf St\u00fccke, die sich terminologisch als Variationen um den Begriff \u201ePr\u00e4ludium\u201c pr\u00e4sentieren, bleiben jedoch musikalisch hinter den Erwartungen zur\u00fcck. Statt klarer Differenzierung der thematischen Ans\u00e4tze entsteht hier ein undurchdringlicher musikalischer Nebel. Die einzelnen Tracks verschmelzen ineinander, so dass die Unterschiede und Besonderheiten, die die verschiedenen Titel suggerieren, nicht mehr deutlich h\u00f6rbar werden. Die terminologischen Feinheiten bleiben dadurch blo\u00dfe Theorie, ohne dass sich diese in einer \u00fcberzeugenden musikalischen Umsetzung widerspiegeln.<\/p>\n<p>Der dritte Key \u201eBach\u201c bringt nun den erl\u00f6senden musikalischen Ausbruch. Hier n\u00e4hern sich Willeitner und Alexander Wienand, den barocken Fugen-Traditionen auf erfrischend moderne Weise. Angelehnt an Bachs Wohltemperiertem Klavier \u00fcberzeugen beide Komponisten mit einer Mischung aus kontrapunktischen Kompositionstechniken und dem Versuch, diese in die erweiterte Tonalit\u00e4t zu f\u00fchren. Vollendet wird dies durch die Integration von jazzigen Elementen. Diese Dreierkombination aus Tradition, Neuer Musik und Jazz bildet dabei den H\u00f6hepunkt der ganzen CD.<\/p>\n<p>Ein kleiner musikalischer Gru\u00df folgt zum Schluss an Sergej Prokofjew. Mit dem Key \u201eThe Twinkle\u201c sollen die Werke mit einem Augenzwinkern an den Lieblingskomponisten von Willeitner erinnern. Diese Hommage gelingt sowohl dem Komponisten als auch dem Trio auf meisterhafte Weise und rundet die Aufnahme ab. So bietet das Pr\u00e4ludium mit Fuge wieder eine verbl\u00fcffende, fast psychedelische Interpretation der Fugentradition.<\/p>\n<p>Willeitners neues Album \u201eWhat The Fugue\u201c ist ein musikalisch-kulturelles Abenteuer zwischen Bach\u2019scher Kontrapunkttraditionen und westafrikanischer Groove- und Jazzmusik und ist ebenso intellektuell herausfordernd wie emotional bewegend. Es \u00fcberzeugt mit seiner Reise in vier verschiedene Tonsprachen, die die Fuge als verbindendes Element gemeinsam haben.<\/p>\n<p>Autorin: Valeska Maria Baader<br \/>\nBeitragsfoto: Andrej Grilc<\/p>\n<p><img data-recalc-dims=\"1\" loading=\"lazy\" decoding=\"async\" data-attachment-id=\"31553\" data-permalink=\"https:\/\/www.jazzzeitung.de\/cms\/2024\/08\/zwischen-fugen-und-jazz-cd-von-florian-willeitner\/c\/\" data-orig-file=\"https:\/\/i0.wp.com\/www.jazzzeitung.de\/cms\/wp-content\/uploads\/2024\/08\/9989-2-Cover.jpg?fit=1647%2C1482&amp;ssl=1\" data-orig-size=\"1647,1482\" data-comments-opened=\"1\" data-image-meta=\"{&quot;aperture&quot;:&quot;0&quot;,&quot;credit&quot;:&quot;Jutta Stolte&quot;,&quot;camera&quot;:&quot;&quot;,&quot;caption&quot;:&quot;&quot;,&quot;created_timestamp&quot;:&quot;0&quot;,&quot;copyright&quot;:&quot;&quot;,&quot;focal_length&quot;:&quot;0&quot;,&quot;iso&quot;:&quot;0&quot;,&quot;shutter_speed&quot;:&quot;0&quot;,&quot;title&quot;:&quot;c&quot;,&quot;orientation&quot;:&quot;1&quot;}\" data-image-title=\"c\" data-image-description=\"\" data-image-caption=\"\" data-large-file=\"https:\/\/i0.wp.com\/www.jazzzeitung.de\/cms\/wp-content\/uploads\/2024\/08\/9989-2-Cover.jpg?fit=667%2C600&amp;ssl=1\" class=\"alignleft wp-image-31553\" src=\"https:\/\/i0.wp.com\/www.jazzzeitung.de\/cms\/wp-content\/uploads\/2024\/08\/9989-2-Cover.jpg?resize=317%2C313&#038;ssl=1\" alt=\"\" width=\"317\" height=\"313\" srcset=\"https:\/\/i0.wp.com\/www.jazzzeitung.de\/cms\/wp-content\/uploads\/2024\/08\/9989-2-Cover.jpg?resize=24%2C24&amp;ssl=1 24w, https:\/\/i0.wp.com\/www.jazzzeitung.de\/cms\/wp-content\/uploads\/2024\/08\/9989-2-Cover.jpg?resize=48%2C48&amp;ssl=1 48w, https:\/\/i0.wp.com\/www.jazzzeitung.de\/cms\/wp-content\/uploads\/2024\/08\/9989-2-Cover.jpg?resize=96%2C96&amp;ssl=1 96w, https:\/\/i0.wp.com\/www.jazzzeitung.de\/cms\/wp-content\/uploads\/2024\/08\/9989-2-Cover.jpg?zoom=2&amp;resize=317%2C313&amp;ssl=1 634w, https:\/\/i0.wp.com\/www.jazzzeitung.de\/cms\/wp-content\/uploads\/2024\/08\/9989-2-Cover.jpg?zoom=3&amp;resize=317%2C313&amp;ssl=1 951w\" sizes=\"auto, (max-width: 317px) 100vw, 317px\" \/><\/p>\n","protected":false},"excerpt":{"rendered":"<p>Die Fuge neu zu denken, ist keine leichte Aufgabe. Doch genau diesen Versuch hat der Geiger und Komponist Florian Willeitner mit seinem neuesten Album \u201eWhat The Fugue\u201c gewagt. Gemeinsam mit seinem \u201eNew Piano Trio\u201c, bestehend aus Ivan Turkalj am Cello und Alexander Wienand am Klavier, balanciert Willeitner meisterhaft zwischen der strengen Struktur der Fugenkunst und der Freiheit des Jazz. \u201eWhat The Fugue\u201c ist dabei mehr als nur eine Hommage an die barocken Meister. Es ist eine Reise durch verschiedene musikalische Welten, die Willeitner geschickt in vier sogenannte \u201eKeys\u201c unterteilt hat. Diese vier Tonsprachen repr\u00e4sentieren die Einfl\u00fcsse, die das Album pr\u00e4gen: vom Orient \u00fcber experimentelle Harmonien bis hin zu Bach und einer humorvollen Anspielung auf Prokofjew. Jedes St\u00fcck spiegelt Willeitners tiefgehende Auseinandersetzung mit der jeweiligen Musiktradition wider und zeigt, wie diese scheinbar unterschiedlichen Welten mit der Fuge in Einklang gebracht werden k\u00f6nnen. Der erste Key \u201eOrient\u201c fasziniert durch die geschickte Integration rhythmischer und klanglicher Elemente aus der nah\u00f6stlichen Musiktradition. Diese werden nahtlos mit westlichen musikalischen Strukturen verwoben. Ihren Beginn bildet \u201eTigran\u2019s Prelude\u201c, das als Hommage an den Pianisten Tigran Hamasyan konzipiert ist. Als sanftes, atmosph\u00e4risches Vorspiel &hellip;<\/p>\n","protected":false},"author":18,"featured_media":31551,"comment_status":"open","ping_status":"closed","sticky":false,"template":"","format":"standard","meta":{"_jetpack_memberships_contains_paid_content":false,"footnotes":"","jetpack_publicize_message":"","jetpack_publicize_feature_enabled":true,"jetpack_social_post_already_shared":true,"jetpack_social_options":{"image_generator_settings":{"template":"highway","default_image_id":0,"font":"","enabled":false},"version":2}},"categories":[1152],"tags":[5468,5465,5467,5466],"coauthors":[695],"class_list":["post-31549","post","type-post","status-publish","format-standard","has-post-thumbnail","hentry","category-rezension","tag-alexander-wienand","tag-florian-willeitner","tag-ivan-turkalj","tag-new-piano-trio"],"yoast_head":"<!-- This site is optimized with the Yoast SEO plugin v27.5 - https:\/\/yoast.com\/product\/yoast-seo-wordpress\/ -->\n<title>Zwischen Fugen und Jazz: CD von Florian Willeitner - JazzZeitung<\/title>\n<meta name=\"robots\" content=\"index, follow, max-snippet:-1, max-image-preview:large, max-video-preview:-1\" \/>\n<link rel=\"canonical\" href=\"https:\/\/www.jazzzeitung.de\/cms\/2024\/08\/zwischen-fugen-und-jazz-cd-von-florian-willeitner\/\" \/>\n<meta property=\"og:locale\" content=\"de_DE\" \/>\n<meta property=\"og:type\" content=\"article\" \/>\n<meta property=\"og:title\" content=\"Zwischen Fugen und Jazz: CD von Florian Willeitner - JazzZeitung\" \/>\n<meta property=\"og:description\" content=\"Die Fuge neu zu denken, ist keine leichte Aufgabe. Doch genau diesen Versuch hat der Geiger und Komponist Florian Willeitner mit seinem neuesten Album \u201eWhat The Fugue\u201c gewagt. Gemeinsam mit seinem \u201eNew Piano Trio\u201c, bestehend aus Ivan Turkalj am Cello und Alexander Wienand am Klavier, balanciert Willeitner meisterhaft zwischen der strengen Struktur der Fugenkunst und der Freiheit des Jazz. \u201eWhat The Fugue\u201c ist dabei mehr als nur eine Hommage an die barocken Meister. Es ist eine Reise durch verschiedene musikalische Welten, die Willeitner geschickt in vier sogenannte \u201eKeys\u201c unterteilt hat. Diese vier Tonsprachen repr\u00e4sentieren die Einfl\u00fcsse, die das Album pr\u00e4gen: vom Orient \u00fcber experimentelle Harmonien bis hin zu Bach und einer humorvollen Anspielung auf Prokofjew. Jedes St\u00fcck spiegelt Willeitners tiefgehende Auseinandersetzung mit der jeweiligen Musiktradition wider und zeigt, wie diese scheinbar unterschiedlichen Welten mit der Fuge in Einklang gebracht werden k\u00f6nnen. Der erste Key \u201eOrient\u201c fasziniert durch die geschickte Integration rhythmischer und klanglicher Elemente aus der nah\u00f6stlichen Musiktradition. Diese werden nahtlos mit westlichen musikalischen Strukturen verwoben. Ihren Beginn bildet \u201eTigran\u2019s Prelude\u201c, das als Hommage an den Pianisten Tigran Hamasyan konzipiert ist. Als sanftes, atmosph\u00e4risches Vorspiel &hellip;\" \/>\n<meta property=\"og:url\" content=\"https:\/\/www.jazzzeitung.de\/cms\/2024\/08\/zwischen-fugen-und-jazz-cd-von-florian-willeitner\/\" \/>\n<meta property=\"og:site_name\" content=\"JazzZeitung\" \/>\n<meta property=\"article:publisher\" content=\"https:\/\/www.facebook.com\/JazzZeitung\/\" \/>\n<meta property=\"article:published_time\" content=\"2024-08-27T06:43:55+00:00\" \/>\n<meta property=\"og:image\" content=\"https:\/\/i0.wp.com\/www.jazzzeitung.de\/cms\/wp-content\/uploads\/2024\/08\/What-the-Fugue-c-Andrej-Grilc-4-scaled.jpg?fit=2560%2C1708&ssl=1\" \/>\n\t<meta property=\"og:image:width\" content=\"2560\" \/>\n\t<meta property=\"og:image:height\" content=\"1708\" \/>\n\t<meta property=\"og:image:type\" content=\"image\/jpeg\" \/>\n<meta name=\"author\" content=\"Redaktion JazzZeitung\" \/>\n<script type=\"application\/ld+json\" class=\"yoast-schema-graph\">{\"@context\":\"https:\\\/\\\/schema.org\",\"@graph\":[{\"@type\":\"Article\",\"@id\":\"https:\\\/\\\/www.jazzzeitung.de\\\/cms\\\/2024\\\/08\\\/zwischen-fugen-und-jazz-cd-von-florian-willeitner\\\/#article\",\"isPartOf\":{\"@id\":\"https:\\\/\\\/www.jazzzeitung.de\\\/cms\\\/2024\\\/08\\\/zwischen-fugen-und-jazz-cd-von-florian-willeitner\\\/\"},\"author\":{\"name\":\"Redaktion JazzZeitung\",\"@id\":\"https:\\\/\\\/www.jazzzeitung.de\\\/cms\\\/#\\\/schema\\\/person\\\/2245b36b9cd1d24cea10f01c031fb92b\"},\"headline\":\"Zwischen Fugen und Jazz: CD von Florian Willeitner\",\"datePublished\":\"2024-08-27T06:43:55+00:00\",\"mainEntityOfPage\":{\"@id\":\"https:\\\/\\\/www.jazzzeitung.de\\\/cms\\\/2024\\\/08\\\/zwischen-fugen-und-jazz-cd-von-florian-willeitner\\\/\"},\"wordCount\":517,\"commentCount\":0,\"publisher\":{\"@id\":\"https:\\\/\\\/www.jazzzeitung.de\\\/cms\\\/#organization\"},\"image\":{\"@id\":\"https:\\\/\\\/www.jazzzeitung.de\\\/cms\\\/2024\\\/08\\\/zwischen-fugen-und-jazz-cd-von-florian-willeitner\\\/#primaryimage\"},\"thumbnailUrl\":\"https:\\\/\\\/i0.wp.com\\\/www.jazzzeitung.de\\\/cms\\\/wp-content\\\/uploads\\\/2024\\\/08\\\/What-the-Fugue-c-Andrej-Grilc-4-scaled.jpg?fit=2560%2C1708&ssl=1\",\"keywords\":[\"Alexander Wienand\",\"Florian Willeitner\",\"Ivan Turkalj\",\"New Piano Trio\"],\"articleSection\":[\"Rezension\"],\"inLanguage\":\"de\",\"potentialAction\":[{\"@type\":\"CommentAction\",\"name\":\"Comment\",\"target\":[\"https:\\\/\\\/www.jazzzeitung.de\\\/cms\\\/2024\\\/08\\\/zwischen-fugen-und-jazz-cd-von-florian-willeitner\\\/#respond\"]}]},{\"@type\":\"WebPage\",\"@id\":\"https:\\\/\\\/www.jazzzeitung.de\\\/cms\\\/2024\\\/08\\\/zwischen-fugen-und-jazz-cd-von-florian-willeitner\\\/\",\"url\":\"https:\\\/\\\/www.jazzzeitung.de\\\/cms\\\/2024\\\/08\\\/zwischen-fugen-und-jazz-cd-von-florian-willeitner\\\/\",\"name\":\"Zwischen Fugen und Jazz: CD von Florian Willeitner - JazzZeitung\",\"isPartOf\":{\"@id\":\"https:\\\/\\\/www.jazzzeitung.de\\\/cms\\\/#website\"},\"primaryImageOfPage\":{\"@id\":\"https:\\\/\\\/www.jazzzeitung.de\\\/cms\\\/2024\\\/08\\\/zwischen-fugen-und-jazz-cd-von-florian-willeitner\\\/#primaryimage\"},\"image\":{\"@id\":\"https:\\\/\\\/www.jazzzeitung.de\\\/cms\\\/2024\\\/08\\\/zwischen-fugen-und-jazz-cd-von-florian-willeitner\\\/#primaryimage\"},\"thumbnailUrl\":\"https:\\\/\\\/i0.wp.com\\\/www.jazzzeitung.de\\\/cms\\\/wp-content\\\/uploads\\\/2024\\\/08\\\/What-the-Fugue-c-Andrej-Grilc-4-scaled.jpg?fit=2560%2C1708&ssl=1\",\"datePublished\":\"2024-08-27T06:43:55+00:00\",\"breadcrumb\":{\"@id\":\"https:\\\/\\\/www.jazzzeitung.de\\\/cms\\\/2024\\\/08\\\/zwischen-fugen-und-jazz-cd-von-florian-willeitner\\\/#breadcrumb\"},\"inLanguage\":\"de\",\"potentialAction\":[{\"@type\":\"ReadAction\",\"target\":[\"https:\\\/\\\/www.jazzzeitung.de\\\/cms\\\/2024\\\/08\\\/zwischen-fugen-und-jazz-cd-von-florian-willeitner\\\/\"]}]},{\"@type\":\"ImageObject\",\"inLanguage\":\"de\",\"@id\":\"https:\\\/\\\/www.jazzzeitung.de\\\/cms\\\/2024\\\/08\\\/zwischen-fugen-und-jazz-cd-von-florian-willeitner\\\/#primaryimage\",\"url\":\"https:\\\/\\\/i0.wp.com\\\/www.jazzzeitung.de\\\/cms\\\/wp-content\\\/uploads\\\/2024\\\/08\\\/What-the-Fugue-c-Andrej-Grilc-4-scaled.jpg?fit=2560%2C1708&ssl=1\",\"contentUrl\":\"https:\\\/\\\/i0.wp.com\\\/www.jazzzeitung.de\\\/cms\\\/wp-content\\\/uploads\\\/2024\\\/08\\\/What-the-Fugue-c-Andrej-Grilc-4-scaled.jpg?fit=2560%2C1708&ssl=1\",\"width\":2560,\"height\":1708,\"caption\":\"What the Fugue c Andrej Grilc\"},{\"@type\":\"BreadcrumbList\",\"@id\":\"https:\\\/\\\/www.jazzzeitung.de\\\/cms\\\/2024\\\/08\\\/zwischen-fugen-und-jazz-cd-von-florian-willeitner\\\/#breadcrumb\",\"itemListElement\":[{\"@type\":\"ListItem\",\"position\":1,\"name\":\"Startseite\",\"item\":\"https:\\\/\\\/www.jazzzeitung.de\\\/cms\\\/\"},{\"@type\":\"ListItem\",\"position\":2,\"name\":\"Zwischen Fugen und Jazz: CD von Florian Willeitner\"}]},{\"@type\":\"WebSite\",\"@id\":\"https:\\\/\\\/www.jazzzeitung.de\\\/cms\\\/#website\",\"url\":\"https:\\\/\\\/www.jazzzeitung.de\\\/cms\\\/\",\"name\":\"JazzZeitung\",\"description\":\"Jazz-News und Jazz-Kontroverses\",\"publisher\":{\"@id\":\"https:\\\/\\\/www.jazzzeitung.de\\\/cms\\\/#organization\"},\"potentialAction\":[{\"@type\":\"SearchAction\",\"target\":{\"@type\":\"EntryPoint\",\"urlTemplate\":\"https:\\\/\\\/www.jazzzeitung.de\\\/cms\\\/?s={search_term_string}\"},\"query-input\":{\"@type\":\"PropertyValueSpecification\",\"valueRequired\":true,\"valueName\":\"search_term_string\"}}],\"inLanguage\":\"de\"},{\"@type\":\"Organization\",\"@id\":\"https:\\\/\\\/www.jazzzeitung.de\\\/cms\\\/#organization\",\"name\":\"JazzZeitung online\",\"url\":\"https:\\\/\\\/www.jazzzeitung.de\\\/cms\\\/\",\"logo\":{\"@type\":\"ImageObject\",\"inLanguage\":\"de\",\"@id\":\"https:\\\/\\\/www.jazzzeitung.de\\\/cms\\\/#\\\/schema\\\/logo\\\/image\\\/\",\"url\":\"https:\\\/\\\/i0.wp.com\\\/www.jazzzeitung.de\\\/cms\\\/wp-content\\\/uploads\\\/2015\\\/08\\\/JAZZZEITUNGDE_Logo_Neu.png?fit=499%2C200&ssl=1\",\"contentUrl\":\"https:\\\/\\\/i0.wp.com\\\/www.jazzzeitung.de\\\/cms\\\/wp-content\\\/uploads\\\/2015\\\/08\\\/JAZZZEITUNGDE_Logo_Neu.png?fit=499%2C200&ssl=1\",\"width\":499,\"height\":200,\"caption\":\"JazzZeitung online\"},\"image\":{\"@id\":\"https:\\\/\\\/www.jazzzeitung.de\\\/cms\\\/#\\\/schema\\\/logo\\\/image\\\/\"},\"sameAs\":[\"https:\\\/\\\/www.facebook.com\\\/JazzZeitung\\\/\"]},{\"@type\":\"Person\",\"@id\":\"https:\\\/\\\/www.jazzzeitung.de\\\/cms\\\/#\\\/schema\\\/person\\\/2245b36b9cd1d24cea10f01c031fb92b\",\"name\":\"Redaktion JazzZeitung\",\"image\":{\"@type\":\"ImageObject\",\"inLanguage\":\"de\",\"@id\":\"https:\\\/\\\/i0.wp.com\\\/www.jazzzeitung.de\\\/cms\\\/wp-content\\\/uploads\\\/2015\\\/08\\\/JAZZZEITUNGDE_Logo_Neu.png?resize=96%2C96&ssl=159975dcacb611b5700bd619b5daf0a7a\",\"url\":\"https:\\\/\\\/i0.wp.com\\\/www.jazzzeitung.de\\\/cms\\\/wp-content\\\/uploads\\\/2015\\\/08\\\/JAZZZEITUNGDE_Logo_Neu.png?resize=96%2C96&ssl=1\",\"contentUrl\":\"https:\\\/\\\/i0.wp.com\\\/www.jazzzeitung.de\\\/cms\\\/wp-content\\\/uploads\\\/2015\\\/08\\\/JAZZZEITUNGDE_Logo_Neu.png?resize=96%2C96&ssl=1\",\"caption\":\"Redaktion JazzZeitung\"},\"description\":\"Artikel der Redaktion der JazzZeitung.\",\"sameAs\":[\"http:\\\/\\\/www.jazzzeitung.de\\\/cms\\\/\"],\"url\":\"https:\\\/\\\/www.jazzzeitung.de\\\/cms\\\/author\\\/redaktion\\\/\"}]}<\/script>\n<!-- \/ Yoast SEO plugin. -->","yoast_head_json":{"title":"Zwischen Fugen und Jazz: CD von Florian Willeitner - JazzZeitung","robots":{"index":"index","follow":"follow","max-snippet":"max-snippet:-1","max-image-preview":"max-image-preview:large","max-video-preview":"max-video-preview:-1"},"canonical":"https:\/\/www.jazzzeitung.de\/cms\/2024\/08\/zwischen-fugen-und-jazz-cd-von-florian-willeitner\/","og_locale":"de_DE","og_type":"article","og_title":"Zwischen Fugen und Jazz: CD von Florian Willeitner - JazzZeitung","og_description":"Die Fuge neu zu denken, ist keine leichte Aufgabe. Doch genau diesen Versuch hat der Geiger und Komponist Florian Willeitner mit seinem neuesten Album \u201eWhat The Fugue\u201c gewagt. Gemeinsam mit seinem \u201eNew Piano Trio\u201c, bestehend aus Ivan Turkalj am Cello und Alexander Wienand am Klavier, balanciert Willeitner meisterhaft zwischen der strengen Struktur der Fugenkunst und der Freiheit des Jazz. \u201eWhat The Fugue\u201c ist dabei mehr als nur eine Hommage an die barocken Meister. Es ist eine Reise durch verschiedene musikalische Welten, die Willeitner geschickt in vier sogenannte \u201eKeys\u201c unterteilt hat. Diese vier Tonsprachen repr\u00e4sentieren die Einfl\u00fcsse, die das Album pr\u00e4gen: vom Orient \u00fcber experimentelle Harmonien bis hin zu Bach und einer humorvollen Anspielung auf Prokofjew. Jedes St\u00fcck spiegelt Willeitners tiefgehende Auseinandersetzung mit der jeweiligen Musiktradition wider und zeigt, wie diese scheinbar unterschiedlichen Welten mit der Fuge in Einklang gebracht werden k\u00f6nnen. Der erste Key \u201eOrient\u201c fasziniert durch die geschickte Integration rhythmischer und klanglicher Elemente aus der nah\u00f6stlichen Musiktradition. Diese werden nahtlos mit westlichen musikalischen Strukturen verwoben. Ihren Beginn bildet \u201eTigran\u2019s Prelude\u201c, das als Hommage an den Pianisten Tigran Hamasyan konzipiert ist. Als sanftes, atmosph\u00e4risches Vorspiel &hellip;","og_url":"https:\/\/www.jazzzeitung.de\/cms\/2024\/08\/zwischen-fugen-und-jazz-cd-von-florian-willeitner\/","og_site_name":"JazzZeitung","article_publisher":"https:\/\/www.facebook.com\/JazzZeitung\/","article_published_time":"2024-08-27T06:43:55+00:00","og_image":[{"width":2560,"height":1708,"url":"https:\/\/i0.wp.com\/www.jazzzeitung.de\/cms\/wp-content\/uploads\/2024\/08\/What-the-Fugue-c-Andrej-Grilc-4-scaled.jpg?fit=2560%2C1708&ssl=1","type":"image\/jpeg"}],"author":"Redaktion JazzZeitung","schema":{"@context":"https:\/\/schema.org","@graph":[{"@type":"Article","@id":"https:\/\/www.jazzzeitung.de\/cms\/2024\/08\/zwischen-fugen-und-jazz-cd-von-florian-willeitner\/#article","isPartOf":{"@id":"https:\/\/www.jazzzeitung.de\/cms\/2024\/08\/zwischen-fugen-und-jazz-cd-von-florian-willeitner\/"},"author":{"name":"Redaktion JazzZeitung","@id":"https:\/\/www.jazzzeitung.de\/cms\/#\/schema\/person\/2245b36b9cd1d24cea10f01c031fb92b"},"headline":"Zwischen Fugen und Jazz: CD von Florian Willeitner","datePublished":"2024-08-27T06:43:55+00:00","mainEntityOfPage":{"@id":"https:\/\/www.jazzzeitung.de\/cms\/2024\/08\/zwischen-fugen-und-jazz-cd-von-florian-willeitner\/"},"wordCount":517,"commentCount":0,"publisher":{"@id":"https:\/\/www.jazzzeitung.de\/cms\/#organization"},"image":{"@id":"https:\/\/www.jazzzeitung.de\/cms\/2024\/08\/zwischen-fugen-und-jazz-cd-von-florian-willeitner\/#primaryimage"},"thumbnailUrl":"https:\/\/i0.wp.com\/www.jazzzeitung.de\/cms\/wp-content\/uploads\/2024\/08\/What-the-Fugue-c-Andrej-Grilc-4-scaled.jpg?fit=2560%2C1708&ssl=1","keywords":["Alexander Wienand","Florian Willeitner","Ivan Turkalj","New Piano Trio"],"articleSection":["Rezension"],"inLanguage":"de","potentialAction":[{"@type":"CommentAction","name":"Comment","target":["https:\/\/www.jazzzeitung.de\/cms\/2024\/08\/zwischen-fugen-und-jazz-cd-von-florian-willeitner\/#respond"]}]},{"@type":"WebPage","@id":"https:\/\/www.jazzzeitung.de\/cms\/2024\/08\/zwischen-fugen-und-jazz-cd-von-florian-willeitner\/","url":"https:\/\/www.jazzzeitung.de\/cms\/2024\/08\/zwischen-fugen-und-jazz-cd-von-florian-willeitner\/","name":"Zwischen Fugen und Jazz: CD von Florian Willeitner - JazzZeitung","isPartOf":{"@id":"https:\/\/www.jazzzeitung.de\/cms\/#website"},"primaryImageOfPage":{"@id":"https:\/\/www.jazzzeitung.de\/cms\/2024\/08\/zwischen-fugen-und-jazz-cd-von-florian-willeitner\/#primaryimage"},"image":{"@id":"https:\/\/www.jazzzeitung.de\/cms\/2024\/08\/zwischen-fugen-und-jazz-cd-von-florian-willeitner\/#primaryimage"},"thumbnailUrl":"https:\/\/i0.wp.com\/www.jazzzeitung.de\/cms\/wp-content\/uploads\/2024\/08\/What-the-Fugue-c-Andrej-Grilc-4-scaled.jpg?fit=2560%2C1708&ssl=1","datePublished":"2024-08-27T06:43:55+00:00","breadcrumb":{"@id":"https:\/\/www.jazzzeitung.de\/cms\/2024\/08\/zwischen-fugen-und-jazz-cd-von-florian-willeitner\/#breadcrumb"},"inLanguage":"de","potentialAction":[{"@type":"ReadAction","target":["https:\/\/www.jazzzeitung.de\/cms\/2024\/08\/zwischen-fugen-und-jazz-cd-von-florian-willeitner\/"]}]},{"@type":"ImageObject","inLanguage":"de","@id":"https:\/\/www.jazzzeitung.de\/cms\/2024\/08\/zwischen-fugen-und-jazz-cd-von-florian-willeitner\/#primaryimage","url":"https:\/\/i0.wp.com\/www.jazzzeitung.de\/cms\/wp-content\/uploads\/2024\/08\/What-the-Fugue-c-Andrej-Grilc-4-scaled.jpg?fit=2560%2C1708&ssl=1","contentUrl":"https:\/\/i0.wp.com\/www.jazzzeitung.de\/cms\/wp-content\/uploads\/2024\/08\/What-the-Fugue-c-Andrej-Grilc-4-scaled.jpg?fit=2560%2C1708&ssl=1","width":2560,"height":1708,"caption":"What the Fugue c Andrej Grilc"},{"@type":"BreadcrumbList","@id":"https:\/\/www.jazzzeitung.de\/cms\/2024\/08\/zwischen-fugen-und-jazz-cd-von-florian-willeitner\/#breadcrumb","itemListElement":[{"@type":"ListItem","position":1,"name":"Startseite","item":"https:\/\/www.jazzzeitung.de\/cms\/"},{"@type":"ListItem","position":2,"name":"Zwischen Fugen und Jazz: CD von Florian Willeitner"}]},{"@type":"WebSite","@id":"https:\/\/www.jazzzeitung.de\/cms\/#website","url":"https:\/\/www.jazzzeitung.de\/cms\/","name":"JazzZeitung","description":"Jazz-News und Jazz-Kontroverses","publisher":{"@id":"https:\/\/www.jazzzeitung.de\/cms\/#organization"},"potentialAction":[{"@type":"SearchAction","target":{"@type":"EntryPoint","urlTemplate":"https:\/\/www.jazzzeitung.de\/cms\/?s={search_term_string}"},"query-input":{"@type":"PropertyValueSpecification","valueRequired":true,"valueName":"search_term_string"}}],"inLanguage":"de"},{"@type":"Organization","@id":"https:\/\/www.jazzzeitung.de\/cms\/#organization","name":"JazzZeitung online","url":"https:\/\/www.jazzzeitung.de\/cms\/","logo":{"@type":"ImageObject","inLanguage":"de","@id":"https:\/\/www.jazzzeitung.de\/cms\/#\/schema\/logo\/image\/","url":"https:\/\/i0.wp.com\/www.jazzzeitung.de\/cms\/wp-content\/uploads\/2015\/08\/JAZZZEITUNGDE_Logo_Neu.png?fit=499%2C200&ssl=1","contentUrl":"https:\/\/i0.wp.com\/www.jazzzeitung.de\/cms\/wp-content\/uploads\/2015\/08\/JAZZZEITUNGDE_Logo_Neu.png?fit=499%2C200&ssl=1","width":499,"height":200,"caption":"JazzZeitung online"},"image":{"@id":"https:\/\/www.jazzzeitung.de\/cms\/#\/schema\/logo\/image\/"},"sameAs":["https:\/\/www.facebook.com\/JazzZeitung\/"]},{"@type":"Person","@id":"https:\/\/www.jazzzeitung.de\/cms\/#\/schema\/person\/2245b36b9cd1d24cea10f01c031fb92b","name":"Redaktion JazzZeitung","image":{"@type":"ImageObject","inLanguage":"de","@id":"https:\/\/i0.wp.com\/www.jazzzeitung.de\/cms\/wp-content\/uploads\/2015\/08\/JAZZZEITUNGDE_Logo_Neu.png?resize=96%2C96&ssl=159975dcacb611b5700bd619b5daf0a7a","url":"https:\/\/i0.wp.com\/www.jazzzeitung.de\/cms\/wp-content\/uploads\/2015\/08\/JAZZZEITUNGDE_Logo_Neu.png?resize=96%2C96&ssl=1","contentUrl":"https:\/\/i0.wp.com\/www.jazzzeitung.de\/cms\/wp-content\/uploads\/2015\/08\/JAZZZEITUNGDE_Logo_Neu.png?resize=96%2C96&ssl=1","caption":"Redaktion JazzZeitung"},"description":"Artikel der Redaktion der JazzZeitung.","sameAs":["http:\/\/www.jazzzeitung.de\/cms\/"],"url":"https:\/\/www.jazzzeitung.de\/cms\/author\/redaktion\/"}]}},"wp-worthy-pixel":{"ignored":false,"public":null,"server":null,"url":null},"wp-worthy-type":"normal","jetpack_publicize_connections":[],"cc_featured_image_caption":{"caption_text":"","source_text":"","source_url":""},"jetpack_featured_media_url":"https:\/\/i0.wp.com\/www.jazzzeitung.de\/cms\/wp-content\/uploads\/2024\/08\/What-the-Fugue-c-Andrej-Grilc-4-scaled.jpg?fit=2560%2C1708&ssl=1","jetpack_shortlink":"https:\/\/wp.me\/p3KEcT-8cR","jetpack-related-posts":[{"id":24349,"url":"https:\/\/www.jazzzeitung.de\/cms\/2021\/02\/klaenge-zum-zeitgeschehen-eine-veroeffentlichung-von-matthieu-bordenave\/","url_meta":{"origin":31549,"position":0},"title":"Kl\u00e4nge zum Zeitgeschehen\u00a0\u2013 eine Ver\u00f6ffentlichung von Matthieu Bordenave","author":"Michael Scheiner","date":"3. Februar 2021","format":false,"excerpt":"Gerade mal zwei Auftrittstermine hat Matthieu Bordenave f\u00fcr dieses Jahr 2021 auf seiner Homepage stehen. Davon nur einen mit seinem neuen Trio mit Patrice Moret (bass) und dem Pianisten Florian Weber. Mit diesen beiden hat der Franzose, der in Bayern lebt, sein neues Album \u201eLa Travers\u00e9e\u201c, also die Durch- oder\u2026","rel":"","context":"In &quot;News&quot;","block_context":{"text":"News","link":"https:\/\/www.jazzzeitung.de\/cms\/thema\/nachrichten\/"},"img":{"alt_text":"","src":"https:\/\/i0.wp.com\/www.jazzzeitung.de\/cms\/wp-content\/uploads\/2021\/02\/bordenave-traversee.jpg?fit=1200%2C1149&ssl=1&resize=350%2C200","width":350,"height":200,"srcset":"https:\/\/i0.wp.com\/www.jazzzeitung.de\/cms\/wp-content\/uploads\/2021\/02\/bordenave-traversee.jpg?fit=1200%2C1149&ssl=1&resize=350%2C200 1x, https:\/\/i0.wp.com\/www.jazzzeitung.de\/cms\/wp-content\/uploads\/2021\/02\/bordenave-traversee.jpg?fit=1200%2C1149&ssl=1&resize=525%2C300 1.5x, https:\/\/i0.wp.com\/www.jazzzeitung.de\/cms\/wp-content\/uploads\/2021\/02\/bordenave-traversee.jpg?fit=1200%2C1149&ssl=1&resize=700%2C400 2x, https:\/\/i0.wp.com\/www.jazzzeitung.de\/cms\/wp-content\/uploads\/2021\/02\/bordenave-traversee.jpg?fit=1200%2C1149&ssl=1&resize=1050%2C600 3x"},"classes":[]},{"id":18055,"url":"https:\/\/www.jazzzeitung.de\/cms\/2018\/12\/das-trio-escape-argot-im-jazzclub-unterfahrt\/","url_meta":{"origin":31549,"position":1},"title":"Das Trio &#8222;Escape Argot&#8220; im Jazzclub Unterfahrt","author":"Redaktion JazzZeitung","date":"9. Dezember 2018","format":false,"excerpt":"Da wird sich so manch einer im Nachhinein \u00e4rgern, diesen fantastischen Gig verpasst zu haben. Die Schweiz zu Gast im M\u00fcnchner Jazzclub Unterfahrt: der Schlagzeuger Christoph Steiner (\u201eHildegard lernt fliegen\u201c) entwickelt mit dem Trio \"Escape Argot\" zusammen mit Pianist Florian Favre und Christoph Grab am Saxophon eine eigene Klangsprache. Favre\u2026","rel":"","context":"In &quot;Bericht&quot;","block_context":{"text":"Bericht","link":"https:\/\/www.jazzzeitung.de\/cms\/thema\/bericht\/"},"img":{"alt_text":"","src":"https:\/\/i0.wp.com\/www.jazzzeitung.de\/cms\/wp-content\/uploads\/2018\/12\/Florian-Favre-H%C3%A4nde-Foto-TJ-Krebs-jazzphotoagency%40web.de_.jpg?fit=1200%2C800&ssl=1&resize=350%2C200","width":350,"height":200,"srcset":"https:\/\/i0.wp.com\/www.jazzzeitung.de\/cms\/wp-content\/uploads\/2018\/12\/Florian-Favre-H%C3%A4nde-Foto-TJ-Krebs-jazzphotoagency%40web.de_.jpg?fit=1200%2C800&ssl=1&resize=350%2C200 1x, https:\/\/i0.wp.com\/www.jazzzeitung.de\/cms\/wp-content\/uploads\/2018\/12\/Florian-Favre-H%C3%A4nde-Foto-TJ-Krebs-jazzphotoagency%40web.de_.jpg?fit=1200%2C800&ssl=1&resize=525%2C300 1.5x, https:\/\/i0.wp.com\/www.jazzzeitung.de\/cms\/wp-content\/uploads\/2018\/12\/Florian-Favre-H%C3%A4nde-Foto-TJ-Krebs-jazzphotoagency%40web.de_.jpg?fit=1200%2C800&ssl=1&resize=700%2C400 2x, https:\/\/i0.wp.com\/www.jazzzeitung.de\/cms\/wp-content\/uploads\/2018\/12\/Florian-Favre-H%C3%A4nde-Foto-TJ-Krebs-jazzphotoagency%40web.de_.jpg?fit=1200%2C800&ssl=1&resize=1050%2C600 3x"},"classes":[]},{"id":19095,"url":"https:\/\/www.jazzzeitung.de\/cms\/2019\/04\/news-antrittskonzert-buder-kaufmann-in-weimar-florian-weber-im-studio-2\/","url_meta":{"origin":31549,"position":2},"title":"+++ news +++ Antrittskonzert Buder-Kaufmann in Weimar +++ Florian Weber im Studio 2 des Bayerischen Rundfunks +++","author":"Redaktion JazzZeitung","date":"5. April 2019","format":false,"excerpt":"\u201eUnerh\u00f6rtes Blau\u201c \u2013 Akkordeon und Jazzpiano Sie unterrichten beide am Institut f\u00fcr Neue Musik und Jazz: Zum Wintersemester 2018\/19 traten die Akkordeonistin Claudia Buder und der Jazzpianist Achim Kaufmann ihre Professuren an der Hochschule f\u00fcr Musik Franz Liszt Weimar an. Nun wollen sie unter dem Motto \u201eUnerh\u00f6rtes Blau\u201c im Rahmen\u2026","rel":"","context":"In &quot;News&quot;","block_context":{"text":"News","link":"https:\/\/www.jazzzeitung.de\/cms\/thema\/nachrichten\/"},"img":{"alt_text":"","src":"https:\/\/i0.wp.com\/www.jazzzeitung.de\/cms\/wp-content\/uploads\/2019\/04\/FlorianWeberFotoChristophBombart.jpg?fit=994%2C558&ssl=1&resize=350%2C200","width":350,"height":200,"srcset":"https:\/\/i0.wp.com\/www.jazzzeitung.de\/cms\/wp-content\/uploads\/2019\/04\/FlorianWeberFotoChristophBombart.jpg?fit=994%2C558&ssl=1&resize=350%2C200 1x, https:\/\/i0.wp.com\/www.jazzzeitung.de\/cms\/wp-content\/uploads\/2019\/04\/FlorianWeberFotoChristophBombart.jpg?fit=994%2C558&ssl=1&resize=525%2C300 1.5x, https:\/\/i0.wp.com\/www.jazzzeitung.de\/cms\/wp-content\/uploads\/2019\/04\/FlorianWeberFotoChristophBombart.jpg?fit=994%2C558&ssl=1&resize=700%2C400 2x"},"classes":[]},{"id":32707,"url":"https:\/\/www.jazzzeitung.de\/cms\/2025\/06\/irgendwo-zwischen-tibet-und-loopcity-20-tontraegerinnen-im-schnelldurchlauf\/","url_meta":{"origin":31549,"position":3},"title":"Irgendwo zwischen Tibet und Loopcity \u2026 20 Tontr\u00e4ger:innen im Schnelldurchlauf","author":"Huflaikhan","date":"24. Juni 2025","format":false,"excerpt":"20 CDs im Schnelldurchlauf: 1. Bo van de Graaf \u2013 One Way Ticket to Tibet, 2. Leykam \/ Meyer \/ Schaller \u2013 Krautinsel; 3. European Guitar Quartet \u2013 Fourtune; 4. Sigurd Hole Ensemble \u2013 Extinction Sounds; 5. Stuppin & Berger: Aurora Borealis; 6. Florian Paul & Die Kapelle der letzten\u2026","rel":"","context":"In &quot;Rezension&quot;","block_context":{"text":"Rezension","link":"https:\/\/www.jazzzeitung.de\/cms\/thema\/rezension\/"},"img":{"alt_text":"Bo van de Graaf \u2013 One Way Ticket to Tibet","src":"https:\/\/i0.wp.com\/www.jazzzeitung.de\/cms\/wp-content\/uploads\/2025\/06\/va_de_graaf.jpeg?fit=1200%2C1200&ssl=1&resize=350%2C200","width":350,"height":200,"srcset":"https:\/\/i0.wp.com\/www.jazzzeitung.de\/cms\/wp-content\/uploads\/2025\/06\/va_de_graaf.jpeg?fit=1200%2C1200&ssl=1&resize=350%2C200 1x, https:\/\/i0.wp.com\/www.jazzzeitung.de\/cms\/wp-content\/uploads\/2025\/06\/va_de_graaf.jpeg?fit=1200%2C1200&ssl=1&resize=525%2C300 1.5x, https:\/\/i0.wp.com\/www.jazzzeitung.de\/cms\/wp-content\/uploads\/2025\/06\/va_de_graaf.jpeg?fit=1200%2C1200&ssl=1&resize=700%2C400 2x, https:\/\/i0.wp.com\/www.jazzzeitung.de\/cms\/wp-content\/uploads\/2025\/06\/va_de_graaf.jpeg?fit=1200%2C1200&ssl=1&resize=1050%2C600 3x"},"classes":[]},{"id":19307,"url":"https:\/\/www.jazzzeitung.de\/cms\/2019\/04\/news-100-konzert-der-jazzit-reihe-in-germering-night-club-im-mai-new-york-im-bayerischen-hof\/","url_meta":{"origin":31549,"position":4},"title":"+++ news +++ 100. Konzert der JazzIt! Reihe in Germering +++ Night Club im Mai: New York im Bayerischen Hof +++","author":"Redaktion JazzZeitung","date":"27. April 2019","format":false,"excerpt":"Am 6. Juni 2019 feiert die Konzertreihe \u201eJazzIt!\u201c in Germering ihr 100. Konzert mit dem israelischen Pianisten Omer Klein. Neben Modern Jazz l\u00e4sst er auch Elemente aus der traditionellen Musik seiner Heimat in seine Musik einflie\u00dfen. \u201eJazzIt!\u201c wurde 2007 von der Stadthalle Germering ins Leben gerufen. In sieben Konzerten pro\u2026","rel":"","context":"In &quot;News&quot;","block_context":{"text":"News","link":"https:\/\/www.jazzzeitung.de\/cms\/thema\/nachrichten\/"},"img":{"alt_text":"","src":"https:\/\/i0.wp.com\/www.jazzzeitung.de\/cms\/wp-content\/uploads\/2019\/04\/P1325226-sw-Cornelius-Claudio-Kreusch-Foto-TJ-Krebs-jazzphotoagency%40web.de_.jpg?fit=1200%2C800&ssl=1&resize=350%2C200","width":350,"height":200,"srcset":"https:\/\/i0.wp.com\/www.jazzzeitung.de\/cms\/wp-content\/uploads\/2019\/04\/P1325226-sw-Cornelius-Claudio-Kreusch-Foto-TJ-Krebs-jazzphotoagency%40web.de_.jpg?fit=1200%2C800&ssl=1&resize=350%2C200 1x, https:\/\/i0.wp.com\/www.jazzzeitung.de\/cms\/wp-content\/uploads\/2019\/04\/P1325226-sw-Cornelius-Claudio-Kreusch-Foto-TJ-Krebs-jazzphotoagency%40web.de_.jpg?fit=1200%2C800&ssl=1&resize=525%2C300 1.5x, https:\/\/i0.wp.com\/www.jazzzeitung.de\/cms\/wp-content\/uploads\/2019\/04\/P1325226-sw-Cornelius-Claudio-Kreusch-Foto-TJ-Krebs-jazzphotoagency%40web.de_.jpg?fit=1200%2C800&ssl=1&resize=700%2C400 2x, https:\/\/i0.wp.com\/www.jazzzeitung.de\/cms\/wp-content\/uploads\/2019\/04\/P1325226-sw-Cornelius-Claudio-Kreusch-Foto-TJ-Krebs-jazzphotoagency%40web.de_.jpg?fit=1200%2C800&ssl=1&resize=1050%2C600 3x"},"classes":[]},{"id":26519,"url":"https:\/\/www.jazzzeitung.de\/cms\/2022\/01\/daheim-spielt-die-musik-zweites-soloalbum-des-pianisten-florian-favre\/","url_meta":{"origin":31549,"position":5},"title":"Daheim spielt die Musik: Zweites Soloalbum des Pianisten Florian Favre","author":"Redaktion JazzZeitung","date":"13. Januar 2022","format":false,"excerpt":"Auf seinem neuen Album widmet sich der Schweizer Pianist Florian Favre seiner musikalischen und geographischen Herkunft: unaufdringlich, humorvoll und verspielt. Inspiration: Heimat Stellen Sie sich Idylle vor: saftiggr\u00fcne Wiesen, dahinter ragen schneebedeckte Berge in den blitzeblauen Himmel. Von weiter Ferne h\u00f6ren Sie sanftes Kuhmuhen und das dazugeh\u00f6rige Glockengebimmel. Diese Kulisse\u2026","rel":"","context":"In &quot;Rezension&quot;","block_context":{"text":"Rezension","link":"https:\/\/www.jazzzeitung.de\/cms\/thema\/rezension\/"},"img":{"alt_text":"","src":"https:\/\/i0.wp.com\/www.jazzzeitung.de\/cms\/wp-content\/uploads\/2022\/01\/71H4zUxXPYL._SL1200_-e1641996852233.jpg?fit=1200%2C909&ssl=1&resize=350%2C200","width":350,"height":200,"srcset":"https:\/\/i0.wp.com\/www.jazzzeitung.de\/cms\/wp-content\/uploads\/2022\/01\/71H4zUxXPYL._SL1200_-e1641996852233.jpg?fit=1200%2C909&ssl=1&resize=350%2C200 1x, https:\/\/i0.wp.com\/www.jazzzeitung.de\/cms\/wp-content\/uploads\/2022\/01\/71H4zUxXPYL._SL1200_-e1641996852233.jpg?fit=1200%2C909&ssl=1&resize=525%2C300 1.5x, https:\/\/i0.wp.com\/www.jazzzeitung.de\/cms\/wp-content\/uploads\/2022\/01\/71H4zUxXPYL._SL1200_-e1641996852233.jpg?fit=1200%2C909&ssl=1&resize=700%2C400 2x, https:\/\/i0.wp.com\/www.jazzzeitung.de\/cms\/wp-content\/uploads\/2022\/01\/71H4zUxXPYL._SL1200_-e1641996852233.jpg?fit=1200%2C909&ssl=1&resize=1050%2C600 3x"},"classes":[]}],"jetpack_sharing_enabled":true,"_links":{"self":[{"href":"https:\/\/www.jazzzeitung.de\/cms\/wp-json\/wp\/v2\/posts\/31549","targetHints":{"allow":["GET"]}}],"collection":[{"href":"https:\/\/www.jazzzeitung.de\/cms\/wp-json\/wp\/v2\/posts"}],"about":[{"href":"https:\/\/www.jazzzeitung.de\/cms\/wp-json\/wp\/v2\/types\/post"}],"author":[{"embeddable":true,"href":"https:\/\/www.jazzzeitung.de\/cms\/wp-json\/wp\/v2\/users\/18"}],"replies":[{"embeddable":true,"href":"https:\/\/www.jazzzeitung.de\/cms\/wp-json\/wp\/v2\/comments?post=31549"}],"version-history":[{"count":4,"href":"https:\/\/www.jazzzeitung.de\/cms\/wp-json\/wp\/v2\/posts\/31549\/revisions"}],"predecessor-version":[{"id":31555,"href":"https:\/\/www.jazzzeitung.de\/cms\/wp-json\/wp\/v2\/posts\/31549\/revisions\/31555"}],"wp:featuredmedia":[{"embeddable":true,"href":"https:\/\/www.jazzzeitung.de\/cms\/wp-json\/wp\/v2\/media\/31551"}],"wp:attachment":[{"href":"https:\/\/www.jazzzeitung.de\/cms\/wp-json\/wp\/v2\/media?parent=31549"}],"wp:term":[{"taxonomy":"category","embeddable":true,"href":"https:\/\/www.jazzzeitung.de\/cms\/wp-json\/wp\/v2\/categories?post=31549"},{"taxonomy":"post_tag","embeddable":true,"href":"https:\/\/www.jazzzeitung.de\/cms\/wp-json\/wp\/v2\/tags?post=31549"},{"taxonomy":"author","embeddable":true,"href":"https:\/\/www.jazzzeitung.de\/cms\/wp-json\/wp\/v2\/coauthors?post=31549"}],"curies":[{"name":"wp","href":"https:\/\/api.w.org\/{rel}","templated":true}]}}