{"id":31472,"date":"2024-08-12T15:00:18","date_gmt":"2024-08-12T13:00:18","guid":{"rendered":"https:\/\/www.jazzzeitung.de\/cms\/?p=31472"},"modified":"2024-08-09T17:07:51","modified_gmt":"2024-08-09T15:07:51","slug":"eine-positiv-kritische-masse-eindruecke-vom-outreach-festival-2024-in-schwaz","status":"publish","type":"post","link":"https:\/\/www.jazzzeitung.de\/cms\/2024\/08\/eine-positiv-kritische-masse-eindruecke-vom-outreach-festival-2024-in-schwaz\/","title":{"rendered":"Eine positiv kritische Masse: Eindr\u00fccke vom Outreach Festival 2024 in Schwaz"},"content":{"rendered":"<p><strong>Eines der ungew\u00f6hnlichsten Jazz-Festivals Europas findet im \u00f6sterreichischen Schwaz statt, 30 Kilometer vor Innsbruck und gerade einmal 118 Autokilometer von M\u00fcnchen entfernt. Hat doch das \u201eOutreach Festival\u201c wie kaum ein anderes die Vision, \u201eMusik und alle anderen bildenden und darstellenden K\u00fcnste zu verwenden, um Grenzen aufzubrechen und Synergien zu schaffen\u201c, wie sein Gr\u00fcnder und Leiter, der Trompeter Franz Hackl sagt.<\/strong><\/p>\n<p>Hackl gr\u00fcndete das Outreach vor \u00fcber 30 Jahren sozusagen von New York aus, wo er mit seiner amerikanischen Frau Rose seinen Hauptwohnsitz hat. Doch schon \u00fcber die Trompetenmanufaktur, die er hier mit seinem Vater betreibt, hat er die Verbindung zu seiner Tiroler Heimatstadt immer gehalten, zur 13000 Einwohner z\u00e4hlenden \u201eSilberstadt\u201c, die im 15. Jahrhundert mit \u00fcber 200000 Bewohnern die zweitgr\u00f6\u00dfte des Habsburgerreichs und neben Augsburg Hauptsitz der Fugger war. Unter diesem Leitgedanken des Verbindenden f\u00fchrt Hackl es \u2013 seit einigen Jahren gemeinsam mit dem Bassisten Clemens Rofner \u2013 interdisziplin\u00e4r, genre\u00fcbergreifend, ganzheitlich und experimentell.<\/p>\n<div class=\"tiled-gallery type-rectangular tiled-gallery-unresized\" data-original-width=\"840\" data-carousel-extra='{&quot;blog_id&quot;:1,&quot;permalink&quot;:&quot;https:\\\/\\\/www.jazzzeitung.de\\\/cms\\\/2024\\\/08\\\/eine-positiv-kritische-masse-eindruecke-vom-outreach-festival-2024-in-schwaz\\\/&quot;,&quot;likes_blog_id&quot;:55446655}' itemscope itemtype=\"http:\/\/schema.org\/ImageGallery\" > <div class=\"gallery-row\" style=\"width: 840px; height: 391px;\" data-original-width=\"840\" data-original-height=\"391\" > <div class=\"gallery-group images-1\" style=\"width: 548px; height: 391px;\" data-original-width=\"548\" data-original-height=\"391\" > <div class=\"tiled-gallery-item tiled-gallery-item-large\" itemprop=\"associatedMedia\" itemscope itemtype=\"http:\/\/schema.org\/ImageObject\"> <a href=\"https:\/\/www.jazzzeitung.de\/cms\/2024\/08\/eine-positiv-kritische-masse-eindruecke-vom-outreach-festival-2024-in-schwaz\/rosefranzhackl1_oliverhochkeppel030824\/\" border=\"0\" itemprop=\"url\"> <meta itemprop=\"width\" content=\"544\"> <meta itemprop=\"height\" content=\"387\"> <img decoding=\"async\" class=\"\" data-attachment-id=\"31474\" data-orig-file=\"https:\/\/www.jazzzeitung.de\/cms\/wp-content\/uploads\/2024\/08\/RoseFranzHackl1_OliverHochkeppel030824-scaled.jpg\" data-orig-size=\"2560,1821\" data-comments-opened=\"1\" data-image-meta=\"{&quot;aperture&quot;:&quot;6.3&quot;,&quot;credit&quot;:&quot;&quot;,&quot;camera&quot;:&quot;ILCE-7M3&quot;,&quot;caption&quot;:&quot;&quot;,&quot;created_timestamp&quot;:&quot;1722710971&quot;,&quot;copyright&quot;:&quot;&quot;,&quot;focal_length&quot;:&quot;70&quot;,&quot;iso&quot;:&quot;4000&quot;,&quot;shutter_speed&quot;:&quot;0.01&quot;,&quot;title&quot;:&quot;&quot;,&quot;orientation&quot;:&quot;0&quot;}\" data-image-title=\"\" data-image-description=\"\" data-medium-file=\"https:\/\/i0.wp.com\/www.jazzzeitung.de\/cms\/wp-content\/uploads\/2024\/08\/RoseFranzHackl1_OliverHochkeppel030824-scaled.jpg?fit=300%2C213&#038;ssl=1\" data-large-file=\"https:\/\/i0.wp.com\/www.jazzzeitung.de\/cms\/wp-content\/uploads\/2024\/08\/RoseFranzHackl1_OliverHochkeppel030824-scaled.jpg?fit=840%2C598&#038;ssl=1\" src=\"https:\/\/i0.wp.com\/www.jazzzeitung.de\/cms\/wp-content\/uploads\/2024\/08\/RoseFranzHackl1_OliverHochkeppel030824-scaled.jpg?w=544&#038;h=387&#038;ssl=1\" srcset=\"https:\/\/i0.wp.com\/www.jazzzeitung.de\/cms\/wp-content\/uploads\/2024\/08\/RoseFranzHackl1_OliverHochkeppel030824-scaled.jpg?w=2560&amp;ssl=1 2560w, https:\/\/i0.wp.com\/www.jazzzeitung.de\/cms\/wp-content\/uploads\/2024\/08\/RoseFranzHackl1_OliverHochkeppel030824-scaled.jpg?resize=300%2C213&amp;ssl=1 300w, https:\/\/i0.wp.com\/www.jazzzeitung.de\/cms\/wp-content\/uploads\/2024\/08\/RoseFranzHackl1_OliverHochkeppel030824-scaled.jpg?resize=843%2C600&amp;ssl=1 843w, https:\/\/i0.wp.com\/www.jazzzeitung.de\/cms\/wp-content\/uploads\/2024\/08\/RoseFranzHackl1_OliverHochkeppel030824-scaled.jpg?resize=768%2C546&amp;ssl=1 768w, https:\/\/i0.wp.com\/www.jazzzeitung.de\/cms\/wp-content\/uploads\/2024\/08\/RoseFranzHackl1_OliverHochkeppel030824-scaled.jpg?resize=1536%2C1093&amp;ssl=1 1536w, https:\/\/i0.wp.com\/www.jazzzeitung.de\/cms\/wp-content\/uploads\/2024\/08\/RoseFranzHackl1_OliverHochkeppel030824-scaled.jpg?resize=2048%2C1457&amp;ssl=1 2048w, https:\/\/i0.wp.com\/www.jazzzeitung.de\/cms\/wp-content\/uploads\/2024\/08\/RoseFranzHackl1_OliverHochkeppel030824-scaled.jpg?resize=1320%2C939&amp;ssl=1 1320w, https:\/\/i0.wp.com\/www.jazzzeitung.de\/cms\/wp-content\/uploads\/2024\/08\/RoseFranzHackl1_OliverHochkeppel030824-scaled.jpg?w=1680&amp;ssl=1 1680w\" width=\"544\" height=\"387\" loading=\"lazy\" data-original-width=\"544\" data-original-height=\"387\" itemprop=\"http:\/\/schema.org\/image\" title=\"\" alt=\"Rose &amp; FranzHackl. Foto: Oliver Hochkeppel\" style=\"width: 544px; height: 387px;\" \/> <\/a> <div class=\"tiled-gallery-caption\" itemprop=\"caption description\"> Rose &#038; FranzHackl. Foto: Oliver Hochkeppel <\/div> <\/div> <\/div> <!-- close group --> <div class=\"gallery-group images-2\" style=\"width: 292px; height: 391px;\" data-original-width=\"292\" data-original-height=\"391\" > <div class=\"tiled-gallery-item tiled-gallery-item-large\" itemprop=\"associatedMedia\" itemscope itemtype=\"http:\/\/schema.org\/ImageObject\"> <a href=\"https:\/\/www.jazzzeitung.de\/cms\/2024\/08\/eine-positiv-kritische-masse-eindruecke-vom-outreach-festival-2024-in-schwaz\/soundlib_chandarule2_oliverhochkeppel010824\/\" border=\"0\" itemprop=\"url\"> <meta itemprop=\"width\" content=\"288\"> <meta itemprop=\"height\" content=\"191\"> <img decoding=\"async\" class=\"\" data-attachment-id=\"31475\" data-orig-file=\"https:\/\/www.jazzzeitung.de\/cms\/wp-content\/uploads\/2024\/08\/SoundLib_ChandaRule2_OliverHochkeppel010824-scaled.jpg\" data-orig-size=\"2560,1696\" data-comments-opened=\"1\" data-image-meta=\"{&quot;aperture&quot;:&quot;0&quot;,&quot;credit&quot;:&quot;&quot;,&quot;camera&quot;:&quot;ILCE-7M3&quot;,&quot;caption&quot;:&quot;&quot;,&quot;created_timestamp&quot;:&quot;1722546679&quot;,&quot;copyright&quot;:&quot;&quot;,&quot;focal_length&quot;:&quot;0&quot;,&quot;iso&quot;:&quot;5000&quot;,&quot;shutter_speed&quot;:&quot;0&quot;,&quot;title&quot;:&quot;&quot;,&quot;orientation&quot;:&quot;0&quot;}\" data-image-title=\"\" data-image-description=\"\" data-medium-file=\"https:\/\/i0.wp.com\/www.jazzzeitung.de\/cms\/wp-content\/uploads\/2024\/08\/SoundLib_ChandaRule2_OliverHochkeppel010824-scaled.jpg?fit=300%2C199&#038;ssl=1\" data-large-file=\"https:\/\/i0.wp.com\/www.jazzzeitung.de\/cms\/wp-content\/uploads\/2024\/08\/SoundLib_ChandaRule2_OliverHochkeppel010824-scaled.jpg?fit=840%2C556&#038;ssl=1\" src=\"https:\/\/i0.wp.com\/www.jazzzeitung.de\/cms\/wp-content\/uploads\/2024\/08\/SoundLib_ChandaRule2_OliverHochkeppel010824-scaled.jpg?w=288&#038;h=191&#038;ssl=1\" srcset=\"https:\/\/i0.wp.com\/www.jazzzeitung.de\/cms\/wp-content\/uploads\/2024\/08\/SoundLib_ChandaRule2_OliverHochkeppel010824-scaled.jpg?w=2560&amp;ssl=1 2560w, https:\/\/i0.wp.com\/www.jazzzeitung.de\/cms\/wp-content\/uploads\/2024\/08\/SoundLib_ChandaRule2_OliverHochkeppel010824-scaled.jpg?resize=300%2C199&amp;ssl=1 300w, https:\/\/i0.wp.com\/www.jazzzeitung.de\/cms\/wp-content\/uploads\/2024\/08\/SoundLib_ChandaRule2_OliverHochkeppel010824-scaled.jpg?resize=900%2C596&amp;ssl=1 900w, https:\/\/i0.wp.com\/www.jazzzeitung.de\/cms\/wp-content\/uploads\/2024\/08\/SoundLib_ChandaRule2_OliverHochkeppel010824-scaled.jpg?resize=768%2C509&amp;ssl=1 768w, https:\/\/i0.wp.com\/www.jazzzeitung.de\/cms\/wp-content\/uploads\/2024\/08\/SoundLib_ChandaRule2_OliverHochkeppel010824-scaled.jpg?resize=1536%2C1018&amp;ssl=1 1536w, https:\/\/i0.wp.com\/www.jazzzeitung.de\/cms\/wp-content\/uploads\/2024\/08\/SoundLib_ChandaRule2_OliverHochkeppel010824-scaled.jpg?resize=2048%2C1357&amp;ssl=1 2048w, https:\/\/i0.wp.com\/www.jazzzeitung.de\/cms\/wp-content\/uploads\/2024\/08\/SoundLib_ChandaRule2_OliverHochkeppel010824-scaled.jpg?resize=120%2C80&amp;ssl=1 120w, https:\/\/i0.wp.com\/www.jazzzeitung.de\/cms\/wp-content\/uploads\/2024\/08\/SoundLib_ChandaRule2_OliverHochkeppel010824-scaled.jpg?resize=1320%2C875&amp;ssl=1 1320w, https:\/\/i0.wp.com\/www.jazzzeitung.de\/cms\/wp-content\/uploads\/2024\/08\/SoundLib_ChandaRule2_OliverHochkeppel010824-scaled.jpg?w=1680&amp;ssl=1 1680w\" width=\"288\" height=\"191\" loading=\"lazy\" data-original-width=\"288\" data-original-height=\"191\" itemprop=\"http:\/\/schema.org\/image\" title=\"\" alt=\"Sound Lib mit Chanda Rule. oto: Oliver Hochkeppel\" style=\"width: 288px; height: 191px;\" \/> <\/a> <div class=\"tiled-gallery-caption\" itemprop=\"caption description\"> Sound Lib mit Chanda Rule. oto: Oliver Hochkeppel <\/div> <\/div> <div class=\"tiled-gallery-item tiled-gallery-item-large\" itemprop=\"associatedMedia\" itemscope itemtype=\"http:\/\/schema.org\/ImageObject\"> <a href=\"https:\/\/www.jazzzeitung.de\/cms\/2024\/08\/eine-positiv-kritische-masse-eindruecke-vom-outreach-festival-2024-in-schwaz\/soundlib_hacklst-john1_oliverhochkeppel010824\/\" border=\"0\" itemprop=\"url\"> <meta itemprop=\"width\" content=\"288\"> <meta itemprop=\"height\" content=\"192\"> <img decoding=\"async\" class=\"\" data-attachment-id=\"31476\" data-orig-file=\"https:\/\/www.jazzzeitung.de\/cms\/wp-content\/uploads\/2024\/08\/SoundLib_HacklSt.John1_OliverHochkeppel010824-scaled.jpg\" data-orig-size=\"2560,1704\" data-comments-opened=\"1\" data-image-meta=\"{&quot;aperture&quot;:&quot;0&quot;,&quot;credit&quot;:&quot;&quot;,&quot;camera&quot;:&quot;ILCE-7M3&quot;,&quot;caption&quot;:&quot;&quot;,&quot;created_timestamp&quot;:&quot;1722546334&quot;,&quot;copyright&quot;:&quot;&quot;,&quot;focal_length&quot;:&quot;0&quot;,&quot;iso&quot;:&quot;5000&quot;,&quot;shutter_speed&quot;:&quot;0&quot;,&quot;title&quot;:&quot;&quot;,&quot;orientation&quot;:&quot;0&quot;}\" data-image-title=\"\" data-image-description=\"\" data-medium-file=\"https:\/\/i0.wp.com\/www.jazzzeitung.de\/cms\/wp-content\/uploads\/2024\/08\/SoundLib_HacklSt.John1_OliverHochkeppel010824-scaled.jpg?fit=300%2C200&#038;ssl=1\" data-large-file=\"https:\/\/i0.wp.com\/www.jazzzeitung.de\/cms\/wp-content\/uploads\/2024\/08\/SoundLib_HacklSt.John1_OliverHochkeppel010824-scaled.jpg?fit=840%2C560&#038;ssl=1\" src=\"https:\/\/i0.wp.com\/www.jazzzeitung.de\/cms\/wp-content\/uploads\/2024\/08\/SoundLib_HacklSt.John1_OliverHochkeppel010824-scaled.jpg?w=288&#038;h=192&#038;ssl=1\" srcset=\"https:\/\/i0.wp.com\/www.jazzzeitung.de\/cms\/wp-content\/uploads\/2024\/08\/SoundLib_HacklSt.John1_OliverHochkeppel010824-scaled.jpg?w=2560&amp;ssl=1 2560w, https:\/\/i0.wp.com\/www.jazzzeitung.de\/cms\/wp-content\/uploads\/2024\/08\/SoundLib_HacklSt.John1_OliverHochkeppel010824-scaled.jpg?resize=300%2C200&amp;ssl=1 300w, https:\/\/i0.wp.com\/www.jazzzeitung.de\/cms\/wp-content\/uploads\/2024\/08\/SoundLib_HacklSt.John1_OliverHochkeppel010824-scaled.jpg?resize=900%2C600&amp;ssl=1 900w, https:\/\/i0.wp.com\/www.jazzzeitung.de\/cms\/wp-content\/uploads\/2024\/08\/SoundLib_HacklSt.John1_OliverHochkeppel010824-scaled.jpg?resize=768%2C511&amp;ssl=1 768w, https:\/\/i0.wp.com\/www.jazzzeitung.de\/cms\/wp-content\/uploads\/2024\/08\/SoundLib_HacklSt.John1_OliverHochkeppel010824-scaled.jpg?resize=1536%2C1022&amp;ssl=1 1536w, https:\/\/i0.wp.com\/www.jazzzeitung.de\/cms\/wp-content\/uploads\/2024\/08\/SoundLib_HacklSt.John1_OliverHochkeppel010824-scaled.jpg?resize=2048%2C1363&amp;ssl=1 2048w, https:\/\/i0.wp.com\/www.jazzzeitung.de\/cms\/wp-content\/uploads\/2024\/08\/SoundLib_HacklSt.John1_OliverHochkeppel010824-scaled.jpg?resize=120%2C80&amp;ssl=1 120w, https:\/\/i0.wp.com\/www.jazzzeitung.de\/cms\/wp-content\/uploads\/2024\/08\/SoundLib_HacklSt.John1_OliverHochkeppel010824-scaled.jpg?resize=1320%2C878&amp;ssl=1 1320w, https:\/\/i0.wp.com\/www.jazzzeitung.de\/cms\/wp-content\/uploads\/2024\/08\/SoundLib_HacklSt.John1_OliverHochkeppel010824-scaled.jpg?w=1680&amp;ssl=1 1680w\" width=\"288\" height=\"192\" loading=\"lazy\" data-original-width=\"288\" data-original-height=\"192\" itemprop=\"http:\/\/schema.org\/image\" title=\"\" alt=\"Sound Lib mit Hackl und St.John. Foto: OliverHochkeppel010824\" style=\"width: 288px; height: 192px;\" \/> <\/a> <div class=\"tiled-gallery-caption\" itemprop=\"caption description\"> Sound Lib mit Hackl und St.John. Foto: OliverHochkeppel010824 <\/div> <\/div> <\/div> <!-- close group --> <\/div> <!-- close row --> <\/div>\n<p>Diese Br\u00fcckenschl\u00e4ge haben seit der Pandemie beim Festival-Schwerpunkt, den drei Konzertabenden im Silbersaal des \u201eSZentrums\u201c \u00fcberm Inn ausgangs der Altstadt noch einmal neue, ganz konkrete Z\u00fcge angenommen. Die Corona-Ausgabe 2021 konnten Hackl und seine Mitstreiter nur unter strengen Auflagen durchf\u00fchren. Eine davon besagte, dass es pro Abend nur ein zusammenh\u00e4ngendes Konzert geben d\u00fcrfe statt wie bis dahin vier hintereinander abrollende Sets mit Umbaupausen. Also lagerte Hackl einen Auftritt in den Showroom seiner genau gegen\u00fcber auf der anderen Innseite gelegenen Trompetenmanifaktur aus. Und die anderen drei Bands standen gemeinsam auf der zum Gl\u00fcck riesigen B\u00fchne des Silbersaals und spielten abwechselnd jeweils drei 20-Minuten-Sets ohne Pause.<\/p>\n<h3>Kluge Programmierung<\/h3>\n<p>Ein perfektes Beispiel, wie Hackl immer schon aus der Not eine Tugend zu machen verstand \u2013 auch etwas, was man in der toughen New Yorker Szene wohl auch am besten lernt. Schon bei der Premiere dieses Formats war es verbl\u00fcffend, welche musikalischen B\u00f6gen man pl\u00f6tzlich miterleben konnte. Und auch diesmal ergaben sich dank der klugen Programmierung drei \u00fcberzeugende Abende. Jeweils waren die drei Bands sehr kontrastreich, ohne gar nicht mehr miteinander in Bezug zueinander zu stehen.<\/p>\n<div class=\"tiled-gallery type-rectangular tiled-gallery-unresized\" data-original-width=\"840\" data-carousel-extra='{&quot;blog_id&quot;:1,&quot;permalink&quot;:&quot;https:\\\/\\\/www.jazzzeitung.de\\\/cms\\\/2024\\\/08\\\/eine-positiv-kritische-masse-eindruecke-vom-outreach-festival-2024-in-schwaz\\\/&quot;,&quot;likes_blog_id&quot;:55446655}' itemscope itemtype=\"http:\/\/schema.org\/ImageGallery\" > <div class=\"gallery-row\" style=\"width: 840px; height: 593px;\" data-original-width=\"840\" data-original-height=\"593\" > <div class=\"gallery-group images-2\" style=\"width: 445px; height: 593px;\" data-original-width=\"445\" data-original-height=\"593\" > <div class=\"tiled-gallery-item tiled-gallery-item-large\" itemprop=\"associatedMedia\" itemscope itemtype=\"http:\/\/schema.org\/ImageObject\"> <a href=\"https:\/\/www.jazzzeitung.de\/cms\/2024\/08\/eine-positiv-kritische-masse-eindruecke-vom-outreach-festival-2024-in-schwaz\/ava_trio2_oliverhochkeppel030824\/\" border=\"0\" itemprop=\"url\"> <meta itemprop=\"width\" content=\"441\"> <meta itemprop=\"height\" content=\"292\"> <img decoding=\"async\" class=\"\" data-attachment-id=\"31484\" data-orig-file=\"https:\/\/www.jazzzeitung.de\/cms\/wp-content\/uploads\/2024\/08\/AVA_Trio2_OliverHochkeppel030824-scaled.jpg\" data-orig-size=\"2560,1699\" data-comments-opened=\"1\" data-image-meta=\"{&quot;aperture&quot;:&quot;0&quot;,&quot;credit&quot;:&quot;&quot;,&quot;camera&quot;:&quot;ILCE-7M3&quot;,&quot;caption&quot;:&quot;&quot;,&quot;created_timestamp&quot;:&quot;1722718723&quot;,&quot;copyright&quot;:&quot;&quot;,&quot;focal_length&quot;:&quot;0&quot;,&quot;iso&quot;:&quot;4000&quot;,&quot;shutter_speed&quot;:&quot;0&quot;,&quot;title&quot;:&quot;&quot;,&quot;orientation&quot;:&quot;0&quot;}\" data-image-title=\"\" data-image-description=\"\" data-medium-file=\"https:\/\/i0.wp.com\/www.jazzzeitung.de\/cms\/wp-content\/uploads\/2024\/08\/AVA_Trio2_OliverHochkeppel030824-scaled.jpg?fit=300%2C199&#038;ssl=1\" data-large-file=\"https:\/\/i0.wp.com\/www.jazzzeitung.de\/cms\/wp-content\/uploads\/2024\/08\/AVA_Trio2_OliverHochkeppel030824-scaled.jpg?fit=840%2C557&#038;ssl=1\" src=\"https:\/\/i0.wp.com\/www.jazzzeitung.de\/cms\/wp-content\/uploads\/2024\/08\/AVA_Trio2_OliverHochkeppel030824-scaled.jpg?w=441&#038;h=292&#038;ssl=1\" srcset=\"https:\/\/i0.wp.com\/www.jazzzeitung.de\/cms\/wp-content\/uploads\/2024\/08\/AVA_Trio2_OliverHochkeppel030824-scaled.jpg?w=2560&amp;ssl=1 2560w, https:\/\/i0.wp.com\/www.jazzzeitung.de\/cms\/wp-content\/uploads\/2024\/08\/AVA_Trio2_OliverHochkeppel030824-scaled.jpg?resize=300%2C199&amp;ssl=1 300w, https:\/\/i0.wp.com\/www.jazzzeitung.de\/cms\/wp-content\/uploads\/2024\/08\/AVA_Trio2_OliverHochkeppel030824-scaled.jpg?resize=900%2C597&amp;ssl=1 900w, https:\/\/i0.wp.com\/www.jazzzeitung.de\/cms\/wp-content\/uploads\/2024\/08\/AVA_Trio2_OliverHochkeppel030824-scaled.jpg?resize=768%2C510&amp;ssl=1 768w, https:\/\/i0.wp.com\/www.jazzzeitung.de\/cms\/wp-content\/uploads\/2024\/08\/AVA_Trio2_OliverHochkeppel030824-scaled.jpg?resize=1536%2C1019&amp;ssl=1 1536w, https:\/\/i0.wp.com\/www.jazzzeitung.de\/cms\/wp-content\/uploads\/2024\/08\/AVA_Trio2_OliverHochkeppel030824-scaled.jpg?resize=2048%2C1359&amp;ssl=1 2048w, https:\/\/i0.wp.com\/www.jazzzeitung.de\/cms\/wp-content\/uploads\/2024\/08\/AVA_Trio2_OliverHochkeppel030824-scaled.jpg?resize=120%2C80&amp;ssl=1 120w, https:\/\/i0.wp.com\/www.jazzzeitung.de\/cms\/wp-content\/uploads\/2024\/08\/AVA_Trio2_OliverHochkeppel030824-scaled.jpg?resize=1320%2C876&amp;ssl=1 1320w, https:\/\/i0.wp.com\/www.jazzzeitung.de\/cms\/wp-content\/uploads\/2024\/08\/AVA_Trio2_OliverHochkeppel030824-scaled.jpg?w=1680&amp;ssl=1 1680w\" width=\"441\" height=\"292\" loading=\"lazy\" data-original-width=\"441\" data-original-height=\"292\" itemprop=\"http:\/\/schema.org\/image\" title=\"\" alt=\"AVA Trio. Foto: OliverHochkeppel030824\" style=\"width: 441px; height: 292px;\" \/> <\/a> <div class=\"tiled-gallery-caption\" itemprop=\"caption description\"> AVA Trio. Foto: OliverHochkeppel030824 <\/div> <\/div> <div class=\"tiled-gallery-item tiled-gallery-item-large\" itemprop=\"associatedMedia\" itemscope itemtype=\"http:\/\/schema.org\/ImageObject\"> <a href=\"https:\/\/www.jazzzeitung.de\/cms\/2024\/08\/eine-positiv-kritische-masse-eindruecke-vom-outreach-festival-2024-in-schwaz\/danielschnyderarchosquartet2_oliverhochkeppel030824\/\" border=\"0\" itemprop=\"url\"> <meta itemprop=\"width\" content=\"441\"> <meta itemprop=\"height\" content=\"293\"> <img decoding=\"async\" class=\"\" data-attachment-id=\"31485\" data-orig-file=\"https:\/\/www.jazzzeitung.de\/cms\/wp-content\/uploads\/2024\/08\/DanielSchnyderArchosQuartet2_OliverHochkeppel030824-scaled.jpg\" data-orig-size=\"2560,1700\" data-comments-opened=\"1\" data-image-meta=\"{&quot;aperture&quot;:&quot;0&quot;,&quot;credit&quot;:&quot;&quot;,&quot;camera&quot;:&quot;ILCE-7M3&quot;,&quot;caption&quot;:&quot;&quot;,&quot;created_timestamp&quot;:&quot;1722717297&quot;,&quot;copyright&quot;:&quot;&quot;,&quot;focal_length&quot;:&quot;0&quot;,&quot;iso&quot;:&quot;4000&quot;,&quot;shutter_speed&quot;:&quot;0&quot;,&quot;title&quot;:&quot;&quot;,&quot;orientation&quot;:&quot;0&quot;}\" data-image-title=\"\" data-image-description=\"\" data-medium-file=\"https:\/\/i0.wp.com\/www.jazzzeitung.de\/cms\/wp-content\/uploads\/2024\/08\/DanielSchnyderArchosQuartet2_OliverHochkeppel030824-scaled.jpg?fit=300%2C199&#038;ssl=1\" data-large-file=\"https:\/\/i0.wp.com\/www.jazzzeitung.de\/cms\/wp-content\/uploads\/2024\/08\/DanielSchnyderArchosQuartet2_OliverHochkeppel030824-scaled.jpg?fit=840%2C558&#038;ssl=1\" src=\"https:\/\/i0.wp.com\/www.jazzzeitung.de\/cms\/wp-content\/uploads\/2024\/08\/DanielSchnyderArchosQuartet2_OliverHochkeppel030824-scaled.jpg?w=441&#038;h=293&#038;ssl=1\" srcset=\"https:\/\/i0.wp.com\/www.jazzzeitung.de\/cms\/wp-content\/uploads\/2024\/08\/DanielSchnyderArchosQuartet2_OliverHochkeppel030824-scaled.jpg?w=2560&amp;ssl=1 2560w, https:\/\/i0.wp.com\/www.jazzzeitung.de\/cms\/wp-content\/uploads\/2024\/08\/DanielSchnyderArchosQuartet2_OliverHochkeppel030824-scaled.jpg?resize=300%2C199&amp;ssl=1 300w, https:\/\/i0.wp.com\/www.jazzzeitung.de\/cms\/wp-content\/uploads\/2024\/08\/DanielSchnyderArchosQuartet2_OliverHochkeppel030824-scaled.jpg?resize=900%2C598&amp;ssl=1 900w, https:\/\/i0.wp.com\/www.jazzzeitung.de\/cms\/wp-content\/uploads\/2024\/08\/DanielSchnyderArchosQuartet2_OliverHochkeppel030824-scaled.jpg?resize=768%2C510&amp;ssl=1 768w, https:\/\/i0.wp.com\/www.jazzzeitung.de\/cms\/wp-content\/uploads\/2024\/08\/DanielSchnyderArchosQuartet2_OliverHochkeppel030824-scaled.jpg?resize=1536%2C1020&amp;ssl=1 1536w, https:\/\/i0.wp.com\/www.jazzzeitung.de\/cms\/wp-content\/uploads\/2024\/08\/DanielSchnyderArchosQuartet2_OliverHochkeppel030824-scaled.jpg?resize=2048%2C1360&amp;ssl=1 2048w, https:\/\/i0.wp.com\/www.jazzzeitung.de\/cms\/wp-content\/uploads\/2024\/08\/DanielSchnyderArchosQuartet2_OliverHochkeppel030824-scaled.jpg?resize=120%2C80&amp;ssl=1 120w, https:\/\/i0.wp.com\/www.jazzzeitung.de\/cms\/wp-content\/uploads\/2024\/08\/DanielSchnyderArchosQuartet2_OliverHochkeppel030824-scaled.jpg?resize=1320%2C877&amp;ssl=1 1320w, https:\/\/i0.wp.com\/www.jazzzeitung.de\/cms\/wp-content\/uploads\/2024\/08\/DanielSchnyderArchosQuartet2_OliverHochkeppel030824-scaled.jpg?w=1680&amp;ssl=1 1680w\" width=\"441\" height=\"293\" loading=\"lazy\" data-original-width=\"441\" data-original-height=\"293\" itemprop=\"http:\/\/schema.org\/image\" title=\"\" alt=\"DanielSchnyder&amp;ArchosQuartet2_OliverHochkeppel030824\" style=\"width: 441px; height: 293px;\" \/> <\/a> <div class=\"tiled-gallery-caption\" itemprop=\"caption description\"> DanielSchnyder&#038;ArchosQuartet2_OliverHochkeppel030824 <\/div> <\/div> <\/div> <!-- close group --> <div class=\"gallery-group images-1\" style=\"width: 395px; height: 593px;\" data-original-width=\"395\" data-original-height=\"593\" > <div class=\"tiled-gallery-item tiled-gallery-item-large\" itemprop=\"associatedMedia\" itemscope itemtype=\"http:\/\/schema.org\/ImageObject\"> <a href=\"https:\/\/www.jazzzeitung.de\/cms\/2024\/08\/eine-positiv-kritische-masse-eindruecke-vom-outreach-festival-2024-in-schwaz\/danielschnyder1_oliverhochkeppel030824\/\" border=\"0\" itemprop=\"url\"> <meta itemprop=\"width\" content=\"391\"> <meta itemprop=\"height\" content=\"589\"> <img decoding=\"async\" class=\"\" data-attachment-id=\"31486\" data-orig-file=\"https:\/\/www.jazzzeitung.de\/cms\/wp-content\/uploads\/2024\/08\/DanielSchnyder1_OliverHochkeppel030824-scaled.jpg\" data-orig-size=\"1699,2560\" data-comments-opened=\"1\" data-image-meta=\"{&quot;aperture&quot;:&quot;0&quot;,&quot;credit&quot;:&quot;&quot;,&quot;camera&quot;:&quot;ILCE-7M3&quot;,&quot;caption&quot;:&quot;&quot;,&quot;created_timestamp&quot;:&quot;1722716920&quot;,&quot;copyright&quot;:&quot;&quot;,&quot;focal_length&quot;:&quot;0&quot;,&quot;iso&quot;:&quot;4000&quot;,&quot;shutter_speed&quot;:&quot;0&quot;,&quot;title&quot;:&quot;&quot;,&quot;orientation&quot;:&quot;0&quot;}\" data-image-title=\"\" data-image-description=\"\" data-medium-file=\"https:\/\/i0.wp.com\/www.jazzzeitung.de\/cms\/wp-content\/uploads\/2024\/08\/DanielSchnyder1_OliverHochkeppel030824-scaled.jpg?fit=199%2C300&#038;ssl=1\" data-large-file=\"https:\/\/i0.wp.com\/www.jazzzeitung.de\/cms\/wp-content\/uploads\/2024\/08\/DanielSchnyder1_OliverHochkeppel030824-scaled.jpg?fit=398%2C600&#038;ssl=1\" src=\"https:\/\/i0.wp.com\/www.jazzzeitung.de\/cms\/wp-content\/uploads\/2024\/08\/DanielSchnyder1_OliverHochkeppel030824-scaled.jpg?w=391&#038;h=589&#038;ssl=1\" srcset=\"https:\/\/i0.wp.com\/www.jazzzeitung.de\/cms\/wp-content\/uploads\/2024\/08\/DanielSchnyder1_OliverHochkeppel030824-scaled.jpg?w=1699&amp;ssl=1 1699w, https:\/\/i0.wp.com\/www.jazzzeitung.de\/cms\/wp-content\/uploads\/2024\/08\/DanielSchnyder1_OliverHochkeppel030824-scaled.jpg?resize=199%2C300&amp;ssl=1 199w, https:\/\/i0.wp.com\/www.jazzzeitung.de\/cms\/wp-content\/uploads\/2024\/08\/DanielSchnyder1_OliverHochkeppel030824-scaled.jpg?resize=398%2C600&amp;ssl=1 398w, https:\/\/i0.wp.com\/www.jazzzeitung.de\/cms\/wp-content\/uploads\/2024\/08\/DanielSchnyder1_OliverHochkeppel030824-scaled.jpg?resize=768%2C1157&amp;ssl=1 768w, https:\/\/i0.wp.com\/www.jazzzeitung.de\/cms\/wp-content\/uploads\/2024\/08\/DanielSchnyder1_OliverHochkeppel030824-scaled.jpg?resize=1019%2C1536&amp;ssl=1 1019w, https:\/\/i0.wp.com\/www.jazzzeitung.de\/cms\/wp-content\/uploads\/2024\/08\/DanielSchnyder1_OliverHochkeppel030824-scaled.jpg?resize=1359%2C2048&amp;ssl=1 1359w, https:\/\/i0.wp.com\/www.jazzzeitung.de\/cms\/wp-content\/uploads\/2024\/08\/DanielSchnyder1_OliverHochkeppel030824-scaled.jpg?resize=1320%2C1989&amp;ssl=1 1320w\" width=\"391\" height=\"589\" loading=\"lazy\" data-original-width=\"391\" data-original-height=\"589\" itemprop=\"http:\/\/schema.org\/image\" title=\"\" alt=\"Daniel Schnyder. Foto: Oliver Hochkeppel\" style=\"width: 391px; height: 589px;\" \/> <\/a> <div class=\"tiled-gallery-caption\" itemprop=\"caption description\"> Daniel Schnyder. Foto: Oliver Hochkeppel <\/div> <\/div> <\/div> <!-- close group --> <\/div> <!-- close row --> <div class=\"gallery-row\" style=\"width: 840px; height: 367px;\" data-original-width=\"840\" data-original-height=\"367\" > <div class=\"gallery-group images-1\" style=\"width: 567px; height: 367px;\" data-original-width=\"567\" data-original-height=\"367\" > <div class=\"tiled-gallery-item tiled-gallery-item-large\" itemprop=\"associatedMedia\" itemscope itemtype=\"http:\/\/schema.org\/ImageObject\"> <a href=\"https:\/\/www.jazzzeitung.de\/cms\/2024\/08\/eine-positiv-kritische-masse-eindruecke-vom-outreach-festival-2024-in-schwaz\/eliashuemer_surheimstage1_oliverhochkeppel030824\/\" border=\"0\" itemprop=\"url\"> <meta itemprop=\"width\" content=\"563\"> <meta itemprop=\"height\" content=\"363\"> <img decoding=\"async\" class=\"\" data-attachment-id=\"31487\" data-orig-file=\"https:\/\/www.jazzzeitung.de\/cms\/wp-content\/uploads\/2024\/08\/EliasHuemer_SurheimStage1_OliverHochkeppel030824-scaled.jpg\" data-orig-size=\"2560,1652\" data-comments-opened=\"1\" data-image-meta=\"{&quot;aperture&quot;:&quot;0&quot;,&quot;credit&quot;:&quot;&quot;,&quot;camera&quot;:&quot;ILCE-7M3&quot;,&quot;caption&quot;:&quot;&quot;,&quot;created_timestamp&quot;:&quot;1722710663&quot;,&quot;copyright&quot;:&quot;&quot;,&quot;focal_length&quot;:&quot;0&quot;,&quot;iso&quot;:&quot;4000&quot;,&quot;shutter_speed&quot;:&quot;0&quot;,&quot;title&quot;:&quot;&quot;,&quot;orientation&quot;:&quot;0&quot;}\" data-image-title=\"\" data-image-description=\"\" data-medium-file=\"https:\/\/i0.wp.com\/www.jazzzeitung.de\/cms\/wp-content\/uploads\/2024\/08\/EliasHuemer_SurheimStage1_OliverHochkeppel030824-scaled.jpg?fit=300%2C194&#038;ssl=1\" data-large-file=\"https:\/\/i0.wp.com\/www.jazzzeitung.de\/cms\/wp-content\/uploads\/2024\/08\/EliasHuemer_SurheimStage1_OliverHochkeppel030824-scaled.jpg?fit=840%2C542&#038;ssl=1\" src=\"https:\/\/i0.wp.com\/www.jazzzeitung.de\/cms\/wp-content\/uploads\/2024\/08\/EliasHuemer_SurheimStage1_OliverHochkeppel030824-scaled.jpg?w=563&#038;h=363&#038;ssl=1\" srcset=\"https:\/\/i0.wp.com\/www.jazzzeitung.de\/cms\/wp-content\/uploads\/2024\/08\/EliasHuemer_SurheimStage1_OliverHochkeppel030824-scaled.jpg?w=2560&amp;ssl=1 2560w, https:\/\/i0.wp.com\/www.jazzzeitung.de\/cms\/wp-content\/uploads\/2024\/08\/EliasHuemer_SurheimStage1_OliverHochkeppel030824-scaled.jpg?resize=300%2C194&amp;ssl=1 300w, https:\/\/i0.wp.com\/www.jazzzeitung.de\/cms\/wp-content\/uploads\/2024\/08\/EliasHuemer_SurheimStage1_OliverHochkeppel030824-scaled.jpg?resize=900%2C581&amp;ssl=1 900w, https:\/\/i0.wp.com\/www.jazzzeitung.de\/cms\/wp-content\/uploads\/2024\/08\/EliasHuemer_SurheimStage1_OliverHochkeppel030824-scaled.jpg?resize=768%2C496&amp;ssl=1 768w, https:\/\/i0.wp.com\/www.jazzzeitung.de\/cms\/wp-content\/uploads\/2024\/08\/EliasHuemer_SurheimStage1_OliverHochkeppel030824-scaled.jpg?resize=1536%2C991&amp;ssl=1 1536w, https:\/\/i0.wp.com\/www.jazzzeitung.de\/cms\/wp-content\/uploads\/2024\/08\/EliasHuemer_SurheimStage1_OliverHochkeppel030824-scaled.jpg?resize=2048%2C1322&amp;ssl=1 2048w, https:\/\/i0.wp.com\/www.jazzzeitung.de\/cms\/wp-content\/uploads\/2024\/08\/EliasHuemer_SurheimStage1_OliverHochkeppel030824-scaled.jpg?resize=1320%2C852&amp;ssl=1 1320w, https:\/\/i0.wp.com\/www.jazzzeitung.de\/cms\/wp-content\/uploads\/2024\/08\/EliasHuemer_SurheimStage1_OliverHochkeppel030824-scaled.jpg?w=1680&amp;ssl=1 1680w\" width=\"563\" height=\"363\" loading=\"lazy\" data-original-width=\"563\" data-original-height=\"363\" itemprop=\"http:\/\/schema.org\/image\" title=\"\" alt=\"Elias Huemer, Surheim Stage. Foto: Oliver Hochkeppel\" style=\"width: 563px; height: 363px;\" \/> <\/a> <div class=\"tiled-gallery-caption\" itemprop=\"caption description\"> Elias Huemer, Surheim Stage. Foto: Oliver Hochkeppel <\/div> <\/div> <\/div> <!-- close group --> <div class=\"gallery-group images-2\" style=\"width: 273px; height: 367px;\" data-original-width=\"273\" data-original-height=\"367\" > <div class=\"tiled-gallery-item tiled-gallery-item-large\" itemprop=\"associatedMedia\" itemscope itemtype=\"http:\/\/schema.org\/ImageObject\"> <a href=\"https:\/\/www.jazzzeitung.de\/cms\/2024\/08\/eine-positiv-kritische-masse-eindruecke-vom-outreach-festival-2024-in-schwaz\/eroeffnung_johnclark1_oliverhochkeppel010824\/\" border=\"0\" itemprop=\"url\"> <meta itemprop=\"width\" content=\"269\"> <meta itemprop=\"height\" content=\"180\"> <img decoding=\"async\" class=\"\" data-attachment-id=\"31488\" data-orig-file=\"https:\/\/www.jazzzeitung.de\/cms\/wp-content\/uploads\/2024\/08\/Eroeffnung_JohnClark1_OliverHochkeppel010824-scaled.jpg\" data-orig-size=\"2560,1713\" data-comments-opened=\"1\" data-image-meta=\"{&quot;aperture&quot;:&quot;0&quot;,&quot;credit&quot;:&quot;&quot;,&quot;camera&quot;:&quot;ILCE-7M3&quot;,&quot;caption&quot;:&quot;&quot;,&quot;created_timestamp&quot;:&quot;1722541119&quot;,&quot;copyright&quot;:&quot;&quot;,&quot;focal_length&quot;:&quot;0&quot;,&quot;iso&quot;:&quot;5000&quot;,&quot;shutter_speed&quot;:&quot;0&quot;,&quot;title&quot;:&quot;&quot;,&quot;orientation&quot;:&quot;0&quot;}\" data-image-title=\"\" data-image-description=\"\" data-medium-file=\"https:\/\/i0.wp.com\/www.jazzzeitung.de\/cms\/wp-content\/uploads\/2024\/08\/Eroeffnung_JohnClark1_OliverHochkeppel010824-scaled.jpg?fit=300%2C201&#038;ssl=1\" data-large-file=\"https:\/\/i0.wp.com\/www.jazzzeitung.de\/cms\/wp-content\/uploads\/2024\/08\/Eroeffnung_JohnClark1_OliverHochkeppel010824-scaled.jpg?fit=840%2C562&#038;ssl=1\" src=\"https:\/\/i0.wp.com\/www.jazzzeitung.de\/cms\/wp-content\/uploads\/2024\/08\/Eroeffnung_JohnClark1_OliverHochkeppel010824-scaled.jpg?w=269&#038;h=180&#038;ssl=1\" srcset=\"https:\/\/i0.wp.com\/www.jazzzeitung.de\/cms\/wp-content\/uploads\/2024\/08\/Eroeffnung_JohnClark1_OliverHochkeppel010824-scaled.jpg?w=2560&amp;ssl=1 2560w, https:\/\/i0.wp.com\/www.jazzzeitung.de\/cms\/wp-content\/uploads\/2024\/08\/Eroeffnung_JohnClark1_OliverHochkeppel010824-scaled.jpg?resize=300%2C201&amp;ssl=1 300w, https:\/\/i0.wp.com\/www.jazzzeitung.de\/cms\/wp-content\/uploads\/2024\/08\/Eroeffnung_JohnClark1_OliverHochkeppel010824-scaled.jpg?resize=897%2C600&amp;ssl=1 897w, https:\/\/i0.wp.com\/www.jazzzeitung.de\/cms\/wp-content\/uploads\/2024\/08\/Eroeffnung_JohnClark1_OliverHochkeppel010824-scaled.jpg?resize=768%2C514&amp;ssl=1 768w, https:\/\/i0.wp.com\/www.jazzzeitung.de\/cms\/wp-content\/uploads\/2024\/08\/Eroeffnung_JohnClark1_OliverHochkeppel010824-scaled.jpg?resize=1536%2C1028&amp;ssl=1 1536w, https:\/\/i0.wp.com\/www.jazzzeitung.de\/cms\/wp-content\/uploads\/2024\/08\/Eroeffnung_JohnClark1_OliverHochkeppel010824-scaled.jpg?resize=2048%2C1370&amp;ssl=1 2048w, https:\/\/i0.wp.com\/www.jazzzeitung.de\/cms\/wp-content\/uploads\/2024\/08\/Eroeffnung_JohnClark1_OliverHochkeppel010824-scaled.jpg?resize=120%2C80&amp;ssl=1 120w, https:\/\/i0.wp.com\/www.jazzzeitung.de\/cms\/wp-content\/uploads\/2024\/08\/Eroeffnung_JohnClark1_OliverHochkeppel010824-scaled.jpg?resize=1320%2C883&amp;ssl=1 1320w, https:\/\/i0.wp.com\/www.jazzzeitung.de\/cms\/wp-content\/uploads\/2024\/08\/Eroeffnung_JohnClark1_OliverHochkeppel010824-scaled.jpg?w=1680&amp;ssl=1 1680w\" width=\"269\" height=\"180\" loading=\"lazy\" data-original-width=\"269\" data-original-height=\"180\" itemprop=\"http:\/\/schema.org\/image\" title=\"\" alt=\"Er\u00f6ffnung: John Clark. Foto: Oliver Hochkeppel\" style=\"width: 269px; height: 180px;\" \/> <\/a> <div class=\"tiled-gallery-caption\" itemprop=\"caption description\"> Er\u00f6ffnung: John Clark. Foto: Oliver Hochkeppel <\/div> <\/div> <div class=\"tiled-gallery-item tiled-gallery-item-large\" itemprop=\"associatedMedia\" itemscope itemtype=\"http:\/\/schema.org\/ImageObject\"> <a href=\"https:\/\/www.jazzzeitung.de\/cms\/2024\/08\/eine-positiv-kritische-masse-eindruecke-vom-outreach-festival-2024-in-schwaz\/female_stefanieboltzyvonnemoriel3_oliverhochkeppel010824\/\" border=\"0\" itemprop=\"url\"> <meta itemprop=\"width\" content=\"269\"> <meta itemprop=\"height\" content=\"179\"> <img decoding=\"async\" class=\"\" data-attachment-id=\"31489\" data-orig-file=\"https:\/\/www.jazzzeitung.de\/cms\/wp-content\/uploads\/2024\/08\/Female_StefanieBoltzYvonneMoriel3_OliverHochkeppel010824-scaled.jpg\" data-orig-size=\"2560,1711\" data-comments-opened=\"1\" data-image-meta=\"{&quot;aperture&quot;:&quot;0&quot;,&quot;credit&quot;:&quot;&quot;,&quot;camera&quot;:&quot;ILCE-7M3&quot;,&quot;caption&quot;:&quot;&quot;,&quot;created_timestamp&quot;:&quot;1722546045&quot;,&quot;copyright&quot;:&quot;&quot;,&quot;focal_length&quot;:&quot;0&quot;,&quot;iso&quot;:&quot;5000&quot;,&quot;shutter_speed&quot;:&quot;0&quot;,&quot;title&quot;:&quot;&quot;,&quot;orientation&quot;:&quot;0&quot;}\" data-image-title=\"\" data-image-description=\"\" data-medium-file=\"https:\/\/i0.wp.com\/www.jazzzeitung.de\/cms\/wp-content\/uploads\/2024\/08\/Female_StefanieBoltzYvonneMoriel3_OliverHochkeppel010824-scaled.jpg?fit=300%2C201&#038;ssl=1\" data-large-file=\"https:\/\/i0.wp.com\/www.jazzzeitung.de\/cms\/wp-content\/uploads\/2024\/08\/Female_StefanieBoltzYvonneMoriel3_OliverHochkeppel010824-scaled.jpg?fit=840%2C561&#038;ssl=1\" src=\"https:\/\/i0.wp.com\/www.jazzzeitung.de\/cms\/wp-content\/uploads\/2024\/08\/Female_StefanieBoltzYvonneMoriel3_OliverHochkeppel010824-scaled.jpg?w=269&#038;h=179&#038;ssl=1\" srcset=\"https:\/\/i0.wp.com\/www.jazzzeitung.de\/cms\/wp-content\/uploads\/2024\/08\/Female_StefanieBoltzYvonneMoriel3_OliverHochkeppel010824-scaled.jpg?w=2560&amp;ssl=1 2560w, https:\/\/i0.wp.com\/www.jazzzeitung.de\/cms\/wp-content\/uploads\/2024\/08\/Female_StefanieBoltzYvonneMoriel3_OliverHochkeppel010824-scaled.jpg?resize=300%2C201&amp;ssl=1 300w, https:\/\/i0.wp.com\/www.jazzzeitung.de\/cms\/wp-content\/uploads\/2024\/08\/Female_StefanieBoltzYvonneMoriel3_OliverHochkeppel010824-scaled.jpg?resize=898%2C600&amp;ssl=1 898w, https:\/\/i0.wp.com\/www.jazzzeitung.de\/cms\/wp-content\/uploads\/2024\/08\/Female_StefanieBoltzYvonneMoriel3_OliverHochkeppel010824-scaled.jpg?resize=768%2C513&amp;ssl=1 768w, https:\/\/i0.wp.com\/www.jazzzeitung.de\/cms\/wp-content\/uploads\/2024\/08\/Female_StefanieBoltzYvonneMoriel3_OliverHochkeppel010824-scaled.jpg?resize=1536%2C1027&amp;ssl=1 1536w, https:\/\/i0.wp.com\/www.jazzzeitung.de\/cms\/wp-content\/uploads\/2024\/08\/Female_StefanieBoltzYvonneMoriel3_OliverHochkeppel010824-scaled.jpg?resize=2048%2C1369&amp;ssl=1 2048w, https:\/\/i0.wp.com\/www.jazzzeitung.de\/cms\/wp-content\/uploads\/2024\/08\/Female_StefanieBoltzYvonneMoriel3_OliverHochkeppel010824-scaled.jpg?resize=120%2C80&amp;ssl=1 120w, https:\/\/i0.wp.com\/www.jazzzeitung.de\/cms\/wp-content\/uploads\/2024\/08\/Female_StefanieBoltzYvonneMoriel3_OliverHochkeppel010824-scaled.jpg?resize=1320%2C882&amp;ssl=1 1320w, https:\/\/i0.wp.com\/www.jazzzeitung.de\/cms\/wp-content\/uploads\/2024\/08\/Female_StefanieBoltzYvonneMoriel3_OliverHochkeppel010824-scaled.jpg?w=1680&amp;ssl=1 1680w\" width=\"269\" height=\"179\" loading=\"lazy\" data-original-width=\"269\" data-original-height=\"179\" itemprop=\"http:\/\/schema.org\/image\" title=\"\" alt=\"Female: Stefanie Boltz und Yvonne Moriel. Foto: Oliver Hochkeppel\" style=\"width: 269px; height: 179px;\" \/> <\/a> <div class=\"tiled-gallery-caption\" itemprop=\"caption description\"> Female: Stefanie Boltz und Yvonne Moriel. Foto: Oliver Hochkeppel <\/div> <\/div> <\/div> <!-- close group --> <\/div> <!-- close row --> <\/div>\n<p>Abstrakt, feurig und sinnlich \u2013 so konnte man die Begegnungen des ersten Abends zusammenfassen. Das mitunter etwas kopflastige, aber vielversprechende \u00f6sterreichische Quartett <em>River<\/em> des Saxophonisten Robert Unterk\u00f6fler und der E-Bassistin Nina Feldgrill \u2013 die gerade das ORF1-Jazzstipendium gewonnen hat \u2013 traf mit seiner eher unterk\u00fchlten Fusion auf <em>SoundLib<\/em>, ein von Hackl angef\u00fchrtes amerikanisch-\u00f6sterreichisches All-Star-Septett, in dem insbesondere die Weltklasse-Geigerin Lara St. John und als Gast die S\u00e4ngerin Chanda Rule f\u00fcr spannende Farben sorgten.<\/p>\n<h3>Female<\/h3>\n<p>Und auf das neue Projekt <em>Female<\/em> der M\u00fcnchner S\u00e4ngerin Stefanie Boltz. Ihre Hommage an die gro\u00dfen Frauen der Musikgeschichte von Hildegard von Bingen \u00fcber Bessie Smith bis zu Nina Simone \u2013 deren Pers\u00f6nlichkeiten sie auch zwischendurch in halb gesprochenen, halb gesungenen pers\u00f6nlichen Gru\u00dfbotschaften \u00fcberzeugend n\u00e4herbrachte \u2013 wurde hier nicht nur wie auf dem demn\u00e4chst erscheinenden Album von Christian Wegscheider begleitet, ihrem angestammten Gef\u00e4hrten, der dem B\u00f6sendorfer-Fl\u00fcgel eine Bluesf\u00e4rbung entlockte, die seinesgleichen sucht. Sondern auch von der Wiener Saxofonistin Yvonne Moriel, die zu den gro\u00dfen Talenten der \u00f6sterreichischen Jazzszene geh\u00f6rt und ihr Talent hier schon dadurch bewies, dass sie sich feinf\u00fchlig auf die Begleiterrolle konzentrierte.<\/p>\n<p>\u00c4hnlich spannungsreich und doch Zusammenh\u00e4nge herstellend der zweite Abend. Das wilde Noise-Trio <em>Kry <\/em>mit der Klarinettistin Mona Matbou Riahi, dem Bassisten Philipp Kienbreger und dem Schlagzeuger Alexander Yannilos \u2013 klarerweise polarisierend und von manchen f\u00fcr einen Festivalh\u00f6hepunkt gehalten, w\u00e4hrend andere den Saal verlie\u00dfen \u2013 war zum einen eingebettet in die Solo-Eskapaden des Pianisten Kai Schumacher. Bekannt auch als \u201eBad Boy der Klassik\u201c faszinierte er mal mit seriellen Meditationen, mal mit fast elektronisch klingenden Soundscapes am pr\u00e4parierten Instrument, mal mit wuchtigen \u201eWalls of Sound\u201c.<\/p>\n<h3>Franz Hackls Outreach Orchestra<\/h3>\n<p>Dritte im Bunde war dann Franz Hackls Outreach Orchestra, das traditionell seit der Festivalgr\u00fcndung mit dabei ist. Eine wahrlich beachtliche Bigband, in der neben alten und jungen Meistern der \u00f6sterreichischen und deutschen Szene auch die 80-j\u00e4hrigen Legenden John Clark am Waldhorn und Dave Taylor an der Bassposaune sowie der Grammy-Gewinner Leo Genovese am Klavier sitzen. Dirigiert vom New Yorker Gitarristen und Publikumsliebling Gene Pritsker und diesmal mit der ebenfalls in New York lebenden Gasts\u00e4ngerin Amira B., die als Singer\/Songwriterin zwischen Pop und Jazz auch schon ein Tiny Desk-Konzert in ihrer Biografie stehen hat. Selten klang das Outreach Orchestra besser und bunter, was auch an den stilistisch weit aufgef\u00e4cherten Kompositionsbeitr\u00e4gen (herausragend Thomas Kugis \u201eBattle\u201c zwischen Trompetern und Saxofonisten) von so vielen Bandmitgliedern wie nie lag.<\/p>\n<div class=\"tiled-gallery type-rectangular tiled-gallery-unresized\" data-original-width=\"840\" data-carousel-extra='{&quot;blog_id&quot;:1,&quot;permalink&quot;:&quot;https:\\\/\\\/www.jazzzeitung.de\\\/cms\\\/2024\\\/08\\\/eine-positiv-kritische-masse-eindruecke-vom-outreach-festival-2024-in-schwaz\\\/&quot;,&quot;likes_blog_id&quot;:55446655}' itemscope itemtype=\"http:\/\/schema.org\/ImageGallery\" > <div class=\"gallery-row\" style=\"width: 840px; height: 403px;\" data-original-width=\"840\" data-original-height=\"403\" > <div class=\"gallery-group images-1\" style=\"width: 600px; height: 403px;\" data-original-width=\"600\" data-original-height=\"403\" > <div class=\"tiled-gallery-item tiled-gallery-item-large\" itemprop=\"associatedMedia\" itemscope itemtype=\"http:\/\/schema.org\/ImageObject\"> <a href=\"https:\/\/www.jazzzeitung.de\/cms\/2024\/08\/eine-positiv-kritische-masse-eindruecke-vom-outreach-festival-2024-in-schwaz\/synestehetic4_overviev1_oliverhochkeppel010824\/\" border=\"0\" itemprop=\"url\"> <meta itemprop=\"width\" content=\"596\"> <meta itemprop=\"height\" content=\"399\"> <img decoding=\"async\" class=\"\" data-attachment-id=\"31478\" data-orig-file=\"https:\/\/www.jazzzeitung.de\/cms\/wp-content\/uploads\/2024\/08\/Synestehetic4_Overviev1_OliverHochkeppel010824-scaled.jpg\" data-orig-size=\"2560,1715\" data-comments-opened=\"1\" data-image-meta=\"{&quot;aperture&quot;:&quot;0&quot;,&quot;credit&quot;:&quot;&quot;,&quot;camera&quot;:&quot;ILCE-7M3&quot;,&quot;caption&quot;:&quot;&quot;,&quot;created_timestamp&quot;:&quot;1722716057&quot;,&quot;copyright&quot;:&quot;&quot;,&quot;focal_length&quot;:&quot;0&quot;,&quot;iso&quot;:&quot;4000&quot;,&quot;shutter_speed&quot;:&quot;0&quot;,&quot;title&quot;:&quot;&quot;,&quot;orientation&quot;:&quot;0&quot;}\" data-image-title=\"\" data-image-description=\"\" data-medium-file=\"https:\/\/i0.wp.com\/www.jazzzeitung.de\/cms\/wp-content\/uploads\/2024\/08\/Synestehetic4_Overviev1_OliverHochkeppel010824-scaled.jpg?fit=300%2C201&#038;ssl=1\" data-large-file=\"https:\/\/i0.wp.com\/www.jazzzeitung.de\/cms\/wp-content\/uploads\/2024\/08\/Synestehetic4_Overviev1_OliverHochkeppel010824-scaled.jpg?fit=840%2C563&#038;ssl=1\" src=\"https:\/\/i0.wp.com\/www.jazzzeitung.de\/cms\/wp-content\/uploads\/2024\/08\/Synestehetic4_Overviev1_OliverHochkeppel010824-scaled.jpg?w=596&#038;h=399&#038;ssl=1\" srcset=\"https:\/\/i0.wp.com\/www.jazzzeitung.de\/cms\/wp-content\/uploads\/2024\/08\/Synestehetic4_Overviev1_OliverHochkeppel010824-scaled.jpg?w=2560&amp;ssl=1 2560w, https:\/\/i0.wp.com\/www.jazzzeitung.de\/cms\/wp-content\/uploads\/2024\/08\/Synestehetic4_Overviev1_OliverHochkeppel010824-scaled.jpg?resize=300%2C201&amp;ssl=1 300w, https:\/\/i0.wp.com\/www.jazzzeitung.de\/cms\/wp-content\/uploads\/2024\/08\/Synestehetic4_Overviev1_OliverHochkeppel010824-scaled.jpg?resize=896%2C600&amp;ssl=1 896w, https:\/\/i0.wp.com\/www.jazzzeitung.de\/cms\/wp-content\/uploads\/2024\/08\/Synestehetic4_Overviev1_OliverHochkeppel010824-scaled.jpg?resize=768%2C514&amp;ssl=1 768w, https:\/\/i0.wp.com\/www.jazzzeitung.de\/cms\/wp-content\/uploads\/2024\/08\/Synestehetic4_Overviev1_OliverHochkeppel010824-scaled.jpg?resize=1536%2C1029&amp;ssl=1 1536w, https:\/\/i0.wp.com\/www.jazzzeitung.de\/cms\/wp-content\/uploads\/2024\/08\/Synestehetic4_Overviev1_OliverHochkeppel010824-scaled.jpg?resize=2048%2C1372&amp;ssl=1 2048w, https:\/\/i0.wp.com\/www.jazzzeitung.de\/cms\/wp-content\/uploads\/2024\/08\/Synestehetic4_Overviev1_OliverHochkeppel010824-scaled.jpg?resize=120%2C80&amp;ssl=1 120w, https:\/\/i0.wp.com\/www.jazzzeitung.de\/cms\/wp-content\/uploads\/2024\/08\/Synestehetic4_Overviev1_OliverHochkeppel010824-scaled.jpg?resize=1320%2C884&amp;ssl=1 1320w, https:\/\/i0.wp.com\/www.jazzzeitung.de\/cms\/wp-content\/uploads\/2024\/08\/Synestehetic4_Overviev1_OliverHochkeppel010824-scaled.jpg?w=1680&amp;ssl=1 1680w\" width=\"596\" height=\"399\" loading=\"lazy\" data-original-width=\"596\" data-original-height=\"399\" itemprop=\"http:\/\/schema.org\/image\" title=\"\" alt=\"Synestehetic: Overviev. Foto: Oliver Hochkeppel\" style=\"width: 596px; height: 399px;\" \/> <\/a> <div class=\"tiled-gallery-caption\" itemprop=\"caption description\"> Synestehetic: Overviev. Foto: Oliver Hochkeppel <\/div> <\/div> <\/div> <!-- close group --> <div class=\"gallery-group images-2\" style=\"width: 240px; height: 403px;\" data-original-width=\"240\" data-original-height=\"403\" > <div class=\"tiled-gallery-item tiled-gallery-item-small\" itemprop=\"associatedMedia\" itemscope itemtype=\"http:\/\/schema.org\/ImageObject\"> <a href=\"https:\/\/www.jazzzeitung.de\/cms\/2024\/08\/eine-positiv-kritische-masse-eindruecke-vom-outreach-festival-2024-in-schwaz\/synestehetic4_manumayr1_oliverhochkeppel010824\/\" border=\"0\" itemprop=\"url\"> <meta itemprop=\"width\" content=\"236\"> <meta itemprop=\"height\" content=\"157\"> <img decoding=\"async\" class=\"\" data-attachment-id=\"31479\" data-orig-file=\"https:\/\/www.jazzzeitung.de\/cms\/wp-content\/uploads\/2024\/08\/Synestehetic4_ManuMayr1_OliverHochkeppel010824-scaled.jpg\" data-orig-size=\"2560,1702\" data-comments-opened=\"1\" data-image-meta=\"{&quot;aperture&quot;:&quot;0&quot;,&quot;credit&quot;:&quot;&quot;,&quot;camera&quot;:&quot;ILCE-7M3&quot;,&quot;caption&quot;:&quot;&quot;,&quot;created_timestamp&quot;:&quot;1722715623&quot;,&quot;copyright&quot;:&quot;&quot;,&quot;focal_length&quot;:&quot;0&quot;,&quot;iso&quot;:&quot;4000&quot;,&quot;shutter_speed&quot;:&quot;0&quot;,&quot;title&quot;:&quot;&quot;,&quot;orientation&quot;:&quot;0&quot;}\" data-image-title=\"\" data-image-description=\"\" data-medium-file=\"https:\/\/i0.wp.com\/www.jazzzeitung.de\/cms\/wp-content\/uploads\/2024\/08\/Synestehetic4_ManuMayr1_OliverHochkeppel010824-scaled.jpg?fit=300%2C199&#038;ssl=1\" data-large-file=\"https:\/\/i0.wp.com\/www.jazzzeitung.de\/cms\/wp-content\/uploads\/2024\/08\/Synestehetic4_ManuMayr1_OliverHochkeppel010824-scaled.jpg?fit=840%2C558&#038;ssl=1\" src=\"https:\/\/i0.wp.com\/www.jazzzeitung.de\/cms\/wp-content\/uploads\/2024\/08\/Synestehetic4_ManuMayr1_OliverHochkeppel010824-scaled.jpg?w=236&#038;h=157&#038;ssl=1\" srcset=\"https:\/\/i0.wp.com\/www.jazzzeitung.de\/cms\/wp-content\/uploads\/2024\/08\/Synestehetic4_ManuMayr1_OliverHochkeppel010824-scaled.jpg?w=2560&amp;ssl=1 2560w, https:\/\/i0.wp.com\/www.jazzzeitung.de\/cms\/wp-content\/uploads\/2024\/08\/Synestehetic4_ManuMayr1_OliverHochkeppel010824-scaled.jpg?resize=300%2C199&amp;ssl=1 300w, https:\/\/i0.wp.com\/www.jazzzeitung.de\/cms\/wp-content\/uploads\/2024\/08\/Synestehetic4_ManuMayr1_OliverHochkeppel010824-scaled.jpg?resize=900%2C598&amp;ssl=1 900w, https:\/\/i0.wp.com\/www.jazzzeitung.de\/cms\/wp-content\/uploads\/2024\/08\/Synestehetic4_ManuMayr1_OliverHochkeppel010824-scaled.jpg?resize=768%2C511&amp;ssl=1 768w, https:\/\/i0.wp.com\/www.jazzzeitung.de\/cms\/wp-content\/uploads\/2024\/08\/Synestehetic4_ManuMayr1_OliverHochkeppel010824-scaled.jpg?resize=1536%2C1021&amp;ssl=1 1536w, https:\/\/i0.wp.com\/www.jazzzeitung.de\/cms\/wp-content\/uploads\/2024\/08\/Synestehetic4_ManuMayr1_OliverHochkeppel010824-scaled.jpg?resize=2048%2C1361&amp;ssl=1 2048w, https:\/\/i0.wp.com\/www.jazzzeitung.de\/cms\/wp-content\/uploads\/2024\/08\/Synestehetic4_ManuMayr1_OliverHochkeppel010824-scaled.jpg?resize=120%2C80&amp;ssl=1 120w, https:\/\/i0.wp.com\/www.jazzzeitung.de\/cms\/wp-content\/uploads\/2024\/08\/Synestehetic4_ManuMayr1_OliverHochkeppel010824-scaled.jpg?resize=1320%2C877&amp;ssl=1 1320w, https:\/\/i0.wp.com\/www.jazzzeitung.de\/cms\/wp-content\/uploads\/2024\/08\/Synestehetic4_ManuMayr1_OliverHochkeppel010824-scaled.jpg?w=1680&amp;ssl=1 1680w\" width=\"236\" height=\"157\" loading=\"lazy\" data-original-width=\"236\" data-original-height=\"157\" itemprop=\"http:\/\/schema.org\/image\" title=\"\" alt=\"Synestehetic: Manu Mayr. Foto: Oliver Hochkeppel\" style=\"width: 236px; height: 157px;\" \/> <\/a> <div class=\"tiled-gallery-caption\" itemprop=\"caption description\"> Synestehetic: Manu Mayr. Foto: Oliver Hochkeppel <\/div> <\/div> <div class=\"tiled-gallery-item tiled-gallery-item-small\" itemprop=\"associatedMedia\" itemscope itemtype=\"http:\/\/schema.org\/ImageObject\"> <a href=\"https:\/\/www.jazzzeitung.de\/cms\/2024\/08\/eine-positiv-kritische-masse-eindruecke-vom-outreach-festival-2024-in-schwaz\/outreachorchestra_amirab3_oliverhochkeppel020824\/\" border=\"0\" itemprop=\"url\"> <meta itemprop=\"width\" content=\"236\"> <meta itemprop=\"height\" content=\"238\"> <img decoding=\"async\" class=\"\" data-attachment-id=\"31481\" data-orig-file=\"https:\/\/www.jazzzeitung.de\/cms\/wp-content\/uploads\/2024\/08\/OutreachOrchestra_AmiraB3_OliverHochkeppel020824-scaled.jpg\" data-orig-size=\"2545,2560\" data-comments-opened=\"1\" data-image-meta=\"{&quot;aperture&quot;:&quot;0&quot;,&quot;credit&quot;:&quot;&quot;,&quot;camera&quot;:&quot;ILCE-7M3&quot;,&quot;caption&quot;:&quot;&quot;,&quot;created_timestamp&quot;:&quot;1722637027&quot;,&quot;copyright&quot;:&quot;&quot;,&quot;focal_length&quot;:&quot;0&quot;,&quot;iso&quot;:&quot;4000&quot;,&quot;shutter_speed&quot;:&quot;0&quot;,&quot;title&quot;:&quot;&quot;,&quot;orientation&quot;:&quot;0&quot;}\" data-image-title=\"\" data-image-description=\"\" data-medium-file=\"https:\/\/i0.wp.com\/www.jazzzeitung.de\/cms\/wp-content\/uploads\/2024\/08\/OutreachOrchestra_AmiraB3_OliverHochkeppel020824-scaled.jpg?fit=298%2C300&#038;ssl=1\" data-large-file=\"https:\/\/i0.wp.com\/www.jazzzeitung.de\/cms\/wp-content\/uploads\/2024\/08\/OutreachOrchestra_AmiraB3_OliverHochkeppel020824-scaled.jpg?fit=597%2C600&#038;ssl=1\" src=\"https:\/\/i0.wp.com\/www.jazzzeitung.de\/cms\/wp-content\/uploads\/2024\/08\/OutreachOrchestra_AmiraB3_OliverHochkeppel020824-scaled.jpg?w=236&#038;h=238&#038;ssl=1\" srcset=\"https:\/\/i0.wp.com\/www.jazzzeitung.de\/cms\/wp-content\/uploads\/2024\/08\/OutreachOrchestra_AmiraB3_OliverHochkeppel020824-scaled.jpg?w=2545&amp;ssl=1 2545w, https:\/\/i0.wp.com\/www.jazzzeitung.de\/cms\/wp-content\/uploads\/2024\/08\/OutreachOrchestra_AmiraB3_OliverHochkeppel020824-scaled.jpg?resize=298%2C300&amp;ssl=1 298w, https:\/\/i0.wp.com\/www.jazzzeitung.de\/cms\/wp-content\/uploads\/2024\/08\/OutreachOrchestra_AmiraB3_OliverHochkeppel020824-scaled.jpg?resize=597%2C600&amp;ssl=1 597w, https:\/\/i0.wp.com\/www.jazzzeitung.de\/cms\/wp-content\/uploads\/2024\/08\/OutreachOrchestra_AmiraB3_OliverHochkeppel020824-scaled.jpg?resize=150%2C150&amp;ssl=1 150w, https:\/\/i0.wp.com\/www.jazzzeitung.de\/cms\/wp-content\/uploads\/2024\/08\/OutreachOrchestra_AmiraB3_OliverHochkeppel020824-scaled.jpg?resize=768%2C772&amp;ssl=1 768w, https:\/\/i0.wp.com\/www.jazzzeitung.de\/cms\/wp-content\/uploads\/2024\/08\/OutreachOrchestra_AmiraB3_OliverHochkeppel020824-scaled.jpg?resize=1527%2C1536&amp;ssl=1 1527w, https:\/\/i0.wp.com\/www.jazzzeitung.de\/cms\/wp-content\/uploads\/2024\/08\/OutreachOrchestra_AmiraB3_OliverHochkeppel020824-scaled.jpg?resize=2036%2C2048&amp;ssl=1 2036w, https:\/\/i0.wp.com\/www.jazzzeitung.de\/cms\/wp-content\/uploads\/2024\/08\/OutreachOrchestra_AmiraB3_OliverHochkeppel020824-scaled.jpg?resize=1320%2C1328&amp;ssl=1 1320w, https:\/\/i0.wp.com\/www.jazzzeitung.de\/cms\/wp-content\/uploads\/2024\/08\/OutreachOrchestra_AmiraB3_OliverHochkeppel020824-scaled.jpg?resize=24%2C24&amp;ssl=1 24w, https:\/\/i0.wp.com\/www.jazzzeitung.de\/cms\/wp-content\/uploads\/2024\/08\/OutreachOrchestra_AmiraB3_OliverHochkeppel020824-scaled.jpg?resize=48%2C48&amp;ssl=1 48w, https:\/\/i0.wp.com\/www.jazzzeitung.de\/cms\/wp-content\/uploads\/2024\/08\/OutreachOrchestra_AmiraB3_OliverHochkeppel020824-scaled.jpg?resize=96%2C96&amp;ssl=1 96w, https:\/\/i0.wp.com\/www.jazzzeitung.de\/cms\/wp-content\/uploads\/2024\/08\/OutreachOrchestra_AmiraB3_OliverHochkeppel020824-scaled.jpg?w=1680&amp;ssl=1 1680w\" width=\"236\" height=\"238\" loading=\"lazy\" data-original-width=\"236\" data-original-height=\"238\" itemprop=\"http:\/\/schema.org\/image\" title=\"\" alt=\"Outreach Orchestra: Amira. Foto: Oliver Hochkeppel\" style=\"width: 236px; height: 238px;\" \/> <\/a> <div class=\"tiled-gallery-caption\" itemprop=\"caption description\"> Outreach Orchestra: Amira. Foto: Oliver Hochkeppel <\/div> <\/div> <\/div> <!-- close group --> <\/div> <!-- close row --> <div class=\"gallery-row\" style=\"width: 840px; height: 564px;\" data-original-width=\"840\" data-original-height=\"564\" > <div class=\"gallery-group images-1\" style=\"width: 840px; height: 564px;\" data-original-width=\"840\" data-original-height=\"564\" > <div class=\"tiled-gallery-item tiled-gallery-item-large\" itemprop=\"associatedMedia\" itemscope itemtype=\"http:\/\/schema.org\/ImageObject\"> <a href=\"https:\/\/www.jazzzeitung.de\/cms\/2024\/08\/eine-positiv-kritische-masse-eindruecke-vom-outreach-festival-2024-in-schwaz\/outreachorchestra_franzhackl2_oliverhochkeppel020824\/\" border=\"0\" itemprop=\"url\"> <meta itemprop=\"width\" content=\"836\"> <meta itemprop=\"height\" content=\"560\"> <img decoding=\"async\" class=\"\" data-attachment-id=\"31482\" data-orig-file=\"https:\/\/www.jazzzeitung.de\/cms\/wp-content\/uploads\/2024\/08\/OutreachOrchestra_FranzHackl2_OliverHochkeppel020824-scaled.jpg\" data-orig-size=\"2560,1715\" data-comments-opened=\"1\" data-image-meta=\"{&quot;aperture&quot;:&quot;0&quot;,&quot;credit&quot;:&quot;&quot;,&quot;camera&quot;:&quot;ILCE-7M3&quot;,&quot;caption&quot;:&quot;&quot;,&quot;created_timestamp&quot;:&quot;1722636772&quot;,&quot;copyright&quot;:&quot;&quot;,&quot;focal_length&quot;:&quot;0&quot;,&quot;iso&quot;:&quot;4000&quot;,&quot;shutter_speed&quot;:&quot;0&quot;,&quot;title&quot;:&quot;&quot;,&quot;orientation&quot;:&quot;0&quot;}\" data-image-title=\"\" data-image-description=\"\" data-medium-file=\"https:\/\/i0.wp.com\/www.jazzzeitung.de\/cms\/wp-content\/uploads\/2024\/08\/OutreachOrchestra_FranzHackl2_OliverHochkeppel020824-scaled.jpg?fit=300%2C201&#038;ssl=1\" data-large-file=\"https:\/\/i0.wp.com\/www.jazzzeitung.de\/cms\/wp-content\/uploads\/2024\/08\/OutreachOrchestra_FranzHackl2_OliverHochkeppel020824-scaled.jpg?fit=840%2C563&#038;ssl=1\" src=\"https:\/\/i0.wp.com\/www.jazzzeitung.de\/cms\/wp-content\/uploads\/2024\/08\/OutreachOrchestra_FranzHackl2_OliverHochkeppel020824-scaled.jpg?w=836&#038;h=560&#038;ssl=1\" srcset=\"https:\/\/i0.wp.com\/www.jazzzeitung.de\/cms\/wp-content\/uploads\/2024\/08\/OutreachOrchestra_FranzHackl2_OliverHochkeppel020824-scaled.jpg?w=2560&amp;ssl=1 2560w, https:\/\/i0.wp.com\/www.jazzzeitung.de\/cms\/wp-content\/uploads\/2024\/08\/OutreachOrchestra_FranzHackl2_OliverHochkeppel020824-scaled.jpg?resize=300%2C201&amp;ssl=1 300w, https:\/\/i0.wp.com\/www.jazzzeitung.de\/cms\/wp-content\/uploads\/2024\/08\/OutreachOrchestra_FranzHackl2_OliverHochkeppel020824-scaled.jpg?resize=896%2C600&amp;ssl=1 896w, https:\/\/i0.wp.com\/www.jazzzeitung.de\/cms\/wp-content\/uploads\/2024\/08\/OutreachOrchestra_FranzHackl2_OliverHochkeppel020824-scaled.jpg?resize=768%2C514&amp;ssl=1 768w, https:\/\/i0.wp.com\/www.jazzzeitung.de\/cms\/wp-content\/uploads\/2024\/08\/OutreachOrchestra_FranzHackl2_OliverHochkeppel020824-scaled.jpg?resize=1536%2C1029&amp;ssl=1 1536w, https:\/\/i0.wp.com\/www.jazzzeitung.de\/cms\/wp-content\/uploads\/2024\/08\/OutreachOrchestra_FranzHackl2_OliverHochkeppel020824-scaled.jpg?resize=2048%2C1372&amp;ssl=1 2048w, https:\/\/i0.wp.com\/www.jazzzeitung.de\/cms\/wp-content\/uploads\/2024\/08\/OutreachOrchestra_FranzHackl2_OliverHochkeppel020824-scaled.jpg?resize=120%2C80&amp;ssl=1 120w, https:\/\/i0.wp.com\/www.jazzzeitung.de\/cms\/wp-content\/uploads\/2024\/08\/OutreachOrchestra_FranzHackl2_OliverHochkeppel020824-scaled.jpg?resize=1320%2C884&amp;ssl=1 1320w, https:\/\/i0.wp.com\/www.jazzzeitung.de\/cms\/wp-content\/uploads\/2024\/08\/OutreachOrchestra_FranzHackl2_OliverHochkeppel020824-scaled.jpg?w=1680&amp;ssl=1 1680w\" width=\"836\" height=\"560\" loading=\"lazy\" data-original-width=\"836\" data-original-height=\"560\" itemprop=\"http:\/\/schema.org\/image\" title=\"\" alt=\"Outreach Orchestra: Franz Hackl. Foto: Oliver Hochkeppel\" style=\"width: 836px; height: 560px;\" \/> <\/a> <div class=\"tiled-gallery-caption\" itemprop=\"caption description\"> Outreach Orchestra: Franz Hackl. Foto: Oliver Hochkeppel <\/div> <\/div> <\/div> <!-- close group --> <\/div> <!-- close row --> <\/div>\n<p>Der letzte Abend begann mit dem hochgelobten \u00f6sterreichischen Quartett <em>Synesthetic 4<\/em>, das freilich trotz seiner All-Star-Besetzung mit Vincent Pogracz an der Klarinette, Peter Rom an der Gitarre, Manu Mayr am Bass und Andreas Lettner am Schlagzeug eher das schw\u00e4chste Glied in der Kette war. Einmal, weil der angestrebte Witz (schon von Pongracz\u2018 Per\u00fccke und Ansagen vor sich hergetragen) selten z\u00fcndete, dann, weil dem Funk-Elektronic-Jazz mutwillig und weitgehend jeder Swing und Groove ausgetrieben war. Umso gr\u00f6\u00dfer freilich war der Kontrast zum aktuellen Projekt des Holzbl\u00e4sers und amerikanisch-schweizer Fl\u00f6tisten Daniel Schnyder, der mit dem Archos Streichquartett wieder einmal seine unvergleichlichen Grenzg\u00e4nge zwischen Klassik und Jazz zelebrierte \u2013 wenngleich man das mit anderen Formationen von ihm schon einmal spannender geh\u00f6rt hat.<\/p>\n<p>Vor allem aber trat in dieser Konstellation die besondere Qualit\u00e4t des AVA Trios zutage, das in jedem Fall die ungew\u00f6hnlichste, \u00fcberraschendste Musik des Festivals pr\u00e4sentierten. Schon wegen der einzigartigen T\u00f6ne, die Pino Basile seinen Rahmentrommeln und dem von ihm erfundenen, von traditioneller s\u00fcditalienischen Reibestab-Instrumenten inspirierten Cupaphon entlockte. Mit ihrem Mix aus ihren bisherigen Projekten brachten sie die Klangkultur des Mittelmeerraums von der spanisch-arabischen \u00fcber die italienische bis zur griechischen Volksmusik auf einen avantgardistischen Nenner.<\/p>\n<div class=\"tiled-gallery type-rectangular tiled-gallery-unresized\" data-original-width=\"840\" data-carousel-extra='{&quot;blog_id&quot;:1,&quot;permalink&quot;:&quot;https:\\\/\\\/www.jazzzeitung.de\\\/cms\\\/2024\\\/08\\\/eine-positiv-kritische-masse-eindruecke-vom-outreach-festival-2024-in-schwaz\\\/&quot;,&quot;likes_blog_id&quot;:55446655}' itemscope itemtype=\"http:\/\/schema.org\/ImageGallery\" > <div class=\"gallery-row\" style=\"width: 840px; height: 169px;\" data-original-width=\"840\" data-original-height=\"169\" > <div class=\"gallery-group images-1\" style=\"width: 251px; height: 169px;\" data-original-width=\"251\" data-original-height=\"169\" > <div class=\"tiled-gallery-item tiled-gallery-item-small\" itemprop=\"associatedMedia\" itemscope itemtype=\"http:\/\/schema.org\/ImageObject\"> <a href=\"https:\/\/www.jazzzeitung.de\/cms\/2024\/08\/eine-positiv-kritische-masse-eindruecke-vom-outreach-festival-2024-in-schwaz\/female_christianwegscheider3_oliverhochkeppel010824\/\" border=\"0\" itemprop=\"url\"> <meta itemprop=\"width\" content=\"247\"> <meta itemprop=\"height\" content=\"165\"> <img decoding=\"async\" class=\"\" data-attachment-id=\"31491\" data-orig-file=\"https:\/\/www.jazzzeitung.de\/cms\/wp-content\/uploads\/2024\/08\/Female_ChristianWegscheider3_OliverHochkeppel010824-scaled.jpg\" data-orig-size=\"2560,1710\" data-comments-opened=\"1\" data-image-meta=\"{&quot;aperture&quot;:&quot;0&quot;,&quot;credit&quot;:&quot;&quot;,&quot;camera&quot;:&quot;ILCE-7M3&quot;,&quot;caption&quot;:&quot;&quot;,&quot;created_timestamp&quot;:&quot;1722552440&quot;,&quot;copyright&quot;:&quot;&quot;,&quot;focal_length&quot;:&quot;0&quot;,&quot;iso&quot;:&quot;5000&quot;,&quot;shutter_speed&quot;:&quot;0&quot;,&quot;title&quot;:&quot;&quot;,&quot;orientation&quot;:&quot;0&quot;}\" data-image-title=\"Female_ChristianWegscheider3_OliverHochkeppel010824\" data-image-description=\"\" data-medium-file=\"https:\/\/i0.wp.com\/www.jazzzeitung.de\/cms\/wp-content\/uploads\/2024\/08\/Female_ChristianWegscheider3_OliverHochkeppel010824-scaled.jpg?fit=300%2C200&#038;ssl=1\" data-large-file=\"https:\/\/i0.wp.com\/www.jazzzeitung.de\/cms\/wp-content\/uploads\/2024\/08\/Female_ChristianWegscheider3_OliverHochkeppel010824-scaled.jpg?fit=840%2C561&#038;ssl=1\" src=\"https:\/\/i0.wp.com\/www.jazzzeitung.de\/cms\/wp-content\/uploads\/2024\/08\/Female_ChristianWegscheider3_OliverHochkeppel010824-scaled.jpg?w=247&#038;h=165&#038;ssl=1\" srcset=\"https:\/\/i0.wp.com\/www.jazzzeitung.de\/cms\/wp-content\/uploads\/2024\/08\/Female_ChristianWegscheider3_OliverHochkeppel010824-scaled.jpg?w=2560&amp;ssl=1 2560w, https:\/\/i0.wp.com\/www.jazzzeitung.de\/cms\/wp-content\/uploads\/2024\/08\/Female_ChristianWegscheider3_OliverHochkeppel010824-scaled.jpg?resize=300%2C200&amp;ssl=1 300w, https:\/\/i0.wp.com\/www.jazzzeitung.de\/cms\/wp-content\/uploads\/2024\/08\/Female_ChristianWegscheider3_OliverHochkeppel010824-scaled.jpg?resize=898%2C600&amp;ssl=1 898w, https:\/\/i0.wp.com\/www.jazzzeitung.de\/cms\/wp-content\/uploads\/2024\/08\/Female_ChristianWegscheider3_OliverHochkeppel010824-scaled.jpg?resize=768%2C513&amp;ssl=1 768w, https:\/\/i0.wp.com\/www.jazzzeitung.de\/cms\/wp-content\/uploads\/2024\/08\/Female_ChristianWegscheider3_OliverHochkeppel010824-scaled.jpg?resize=1536%2C1026&amp;ssl=1 1536w, https:\/\/i0.wp.com\/www.jazzzeitung.de\/cms\/wp-content\/uploads\/2024\/08\/Female_ChristianWegscheider3_OliverHochkeppel010824-scaled.jpg?resize=2048%2C1368&amp;ssl=1 2048w, https:\/\/i0.wp.com\/www.jazzzeitung.de\/cms\/wp-content\/uploads\/2024\/08\/Female_ChristianWegscheider3_OliverHochkeppel010824-scaled.jpg?resize=120%2C80&amp;ssl=1 120w, https:\/\/i0.wp.com\/www.jazzzeitung.de\/cms\/wp-content\/uploads\/2024\/08\/Female_ChristianWegscheider3_OliverHochkeppel010824-scaled.jpg?resize=1320%2C882&amp;ssl=1 1320w, https:\/\/i0.wp.com\/www.jazzzeitung.de\/cms\/wp-content\/uploads\/2024\/08\/Female_ChristianWegscheider3_OliverHochkeppel010824-scaled.jpg?w=1680&amp;ssl=1 1680w\" width=\"247\" height=\"165\" loading=\"lazy\" data-original-width=\"247\" data-original-height=\"165\" itemprop=\"http:\/\/schema.org\/image\" title=\"Female_ChristianWegscheider3_OliverHochkeppel010824\" alt=\"Female_ChristianWegscheider3_OliverHochkeppel010824\" style=\"width: 247px; height: 165px;\" \/> <\/a> <\/div> <\/div> <!-- close group --> <div class=\"gallery-group images-1\" style=\"width: 112px; height: 169px;\" data-original-width=\"112\" data-original-height=\"169\" > <div class=\"tiled-gallery-item tiled-gallery-item-small\" itemprop=\"associatedMedia\" itemscope itemtype=\"http:\/\/schema.org\/ImageObject\"> <a href=\"https:\/\/www.jazzzeitung.de\/cms\/2024\/08\/eine-positiv-kritische-masse-eindruecke-vom-outreach-festival-2024-in-schwaz\/kry_monamatbouriahi2_oliverhochkeppel020824\/\" border=\"0\" itemprop=\"url\"> <meta itemprop=\"width\" content=\"108\"> <meta itemprop=\"height\" content=\"165\"> <img decoding=\"async\" class=\"\" data-attachment-id=\"31492\" data-orig-file=\"https:\/\/www.jazzzeitung.de\/cms\/wp-content\/uploads\/2024\/08\/Kry_MonaMatbouRiahi2_OliverHochkeppel020824-scaled.jpg\" data-orig-size=\"1688,2560\" data-comments-opened=\"1\" data-image-meta=\"{&quot;aperture&quot;:&quot;0&quot;,&quot;credit&quot;:&quot;&quot;,&quot;camera&quot;:&quot;ILCE-7M3&quot;,&quot;caption&quot;:&quot;&quot;,&quot;created_timestamp&quot;:&quot;1722629522&quot;,&quot;copyright&quot;:&quot;&quot;,&quot;focal_length&quot;:&quot;0&quot;,&quot;iso&quot;:&quot;5000&quot;,&quot;shutter_speed&quot;:&quot;0&quot;,&quot;title&quot;:&quot;&quot;,&quot;orientation&quot;:&quot;0&quot;}\" data-image-title=\"Kry_MonaMatbouRiahi2_OliverHochkeppel020824\" data-image-description=\"\" data-medium-file=\"https:\/\/i0.wp.com\/www.jazzzeitung.de\/cms\/wp-content\/uploads\/2024\/08\/Kry_MonaMatbouRiahi2_OliverHochkeppel020824-scaled.jpg?fit=198%2C300&#038;ssl=1\" data-large-file=\"https:\/\/i0.wp.com\/www.jazzzeitung.de\/cms\/wp-content\/uploads\/2024\/08\/Kry_MonaMatbouRiahi2_OliverHochkeppel020824-scaled.jpg?fit=396%2C600&#038;ssl=1\" src=\"https:\/\/i0.wp.com\/www.jazzzeitung.de\/cms\/wp-content\/uploads\/2024\/08\/Kry_MonaMatbouRiahi2_OliverHochkeppel020824-scaled.jpg?w=108&#038;h=165&#038;ssl=1\" srcset=\"https:\/\/i0.wp.com\/www.jazzzeitung.de\/cms\/wp-content\/uploads\/2024\/08\/Kry_MonaMatbouRiahi2_OliverHochkeppel020824-scaled.jpg?w=1688&amp;ssl=1 1688w, https:\/\/i0.wp.com\/www.jazzzeitung.de\/cms\/wp-content\/uploads\/2024\/08\/Kry_MonaMatbouRiahi2_OliverHochkeppel020824-scaled.jpg?resize=198%2C300&amp;ssl=1 198w, https:\/\/i0.wp.com\/www.jazzzeitung.de\/cms\/wp-content\/uploads\/2024\/08\/Kry_MonaMatbouRiahi2_OliverHochkeppel020824-scaled.jpg?resize=396%2C600&amp;ssl=1 396w, https:\/\/i0.wp.com\/www.jazzzeitung.de\/cms\/wp-content\/uploads\/2024\/08\/Kry_MonaMatbouRiahi2_OliverHochkeppel020824-scaled.jpg?resize=768%2C1165&amp;ssl=1 768w, https:\/\/i0.wp.com\/www.jazzzeitung.de\/cms\/wp-content\/uploads\/2024\/08\/Kry_MonaMatbouRiahi2_OliverHochkeppel020824-scaled.jpg?resize=1013%2C1536&amp;ssl=1 1013w, https:\/\/i0.wp.com\/www.jazzzeitung.de\/cms\/wp-content\/uploads\/2024\/08\/Kry_MonaMatbouRiahi2_OliverHochkeppel020824-scaled.jpg?resize=1350%2C2048&amp;ssl=1 1350w, https:\/\/i0.wp.com\/www.jazzzeitung.de\/cms\/wp-content\/uploads\/2024\/08\/Kry_MonaMatbouRiahi2_OliverHochkeppel020824-scaled.jpg?resize=1320%2C2002&amp;ssl=1 1320w\" width=\"108\" height=\"165\" loading=\"lazy\" data-original-width=\"108\" data-original-height=\"165\" itemprop=\"http:\/\/schema.org\/image\" title=\"Kry_MonaMatbouRiahi2_OliverHochkeppel020824\" alt=\"Kry_MonaMatbouRiahi2_OliverHochkeppel020824\" style=\"width: 108px; height: 165px;\" \/> <\/a> <\/div> <\/div> <!-- close group --> <div class=\"gallery-group images-1\" style=\"width: 225px; height: 169px;\" data-original-width=\"225\" data-original-height=\"169\" > <div class=\"tiled-gallery-item tiled-gallery-item-small\" itemprop=\"associatedMedia\" itemscope itemtype=\"http:\/\/schema.org\/ImageObject\"> <a href=\"https:\/\/www.jazzzeitung.de\/cms\/2024\/08\/eine-positiv-kritische-masse-eindruecke-vom-outreach-festival-2024-in-schwaz\/kry_philippkienberger1_oliverhochkeppel020824\/\" border=\"0\" itemprop=\"url\"> <meta itemprop=\"width\" content=\"221\"> <meta itemprop=\"height\" content=\"165\"> <img decoding=\"async\" class=\"\" data-attachment-id=\"31493\" data-orig-file=\"https:\/\/www.jazzzeitung.de\/cms\/wp-content\/uploads\/2024\/08\/Kry_PhilippKienberger1_OliverHochkeppel020824-scaled.jpg\" data-orig-size=\"2560,1912\" data-comments-opened=\"1\" data-image-meta=\"{&quot;aperture&quot;:&quot;0&quot;,&quot;credit&quot;:&quot;&quot;,&quot;camera&quot;:&quot;ILCE-7M3&quot;,&quot;caption&quot;:&quot;&quot;,&quot;created_timestamp&quot;:&quot;1722629300&quot;,&quot;copyright&quot;:&quot;&quot;,&quot;focal_length&quot;:&quot;0&quot;,&quot;iso&quot;:&quot;5000&quot;,&quot;shutter_speed&quot;:&quot;0&quot;,&quot;title&quot;:&quot;&quot;,&quot;orientation&quot;:&quot;0&quot;}\" data-image-title=\"Kry_PhilippKienberger1_OliverHochkeppel020824\" data-image-description=\"\" data-medium-file=\"https:\/\/i0.wp.com\/www.jazzzeitung.de\/cms\/wp-content\/uploads\/2024\/08\/Kry_PhilippKienberger1_OliverHochkeppel020824-scaled.jpg?fit=300%2C224&#038;ssl=1\" data-large-file=\"https:\/\/i0.wp.com\/www.jazzzeitung.de\/cms\/wp-content\/uploads\/2024\/08\/Kry_PhilippKienberger1_OliverHochkeppel020824-scaled.jpg?fit=803%2C600&#038;ssl=1\" src=\"https:\/\/i0.wp.com\/www.jazzzeitung.de\/cms\/wp-content\/uploads\/2024\/08\/Kry_PhilippKienberger1_OliverHochkeppel020824-scaled.jpg?w=221&#038;h=165&#038;ssl=1\" srcset=\"https:\/\/i0.wp.com\/www.jazzzeitung.de\/cms\/wp-content\/uploads\/2024\/08\/Kry_PhilippKienberger1_OliverHochkeppel020824-scaled.jpg?w=2560&amp;ssl=1 2560w, https:\/\/i0.wp.com\/www.jazzzeitung.de\/cms\/wp-content\/uploads\/2024\/08\/Kry_PhilippKienberger1_OliverHochkeppel020824-scaled.jpg?resize=300%2C224&amp;ssl=1 300w, https:\/\/i0.wp.com\/www.jazzzeitung.de\/cms\/wp-content\/uploads\/2024\/08\/Kry_PhilippKienberger1_OliverHochkeppel020824-scaled.jpg?resize=803%2C600&amp;ssl=1 803w, https:\/\/i0.wp.com\/www.jazzzeitung.de\/cms\/wp-content\/uploads\/2024\/08\/Kry_PhilippKienberger1_OliverHochkeppel020824-scaled.jpg?resize=768%2C574&amp;ssl=1 768w, https:\/\/i0.wp.com\/www.jazzzeitung.de\/cms\/wp-content\/uploads\/2024\/08\/Kry_PhilippKienberger1_OliverHochkeppel020824-scaled.jpg?resize=1536%2C1147&amp;ssl=1 1536w, https:\/\/i0.wp.com\/www.jazzzeitung.de\/cms\/wp-content\/uploads\/2024\/08\/Kry_PhilippKienberger1_OliverHochkeppel020824-scaled.jpg?resize=2048%2C1530&amp;ssl=1 2048w, https:\/\/i0.wp.com\/www.jazzzeitung.de\/cms\/wp-content\/uploads\/2024\/08\/Kry_PhilippKienberger1_OliverHochkeppel020824-scaled.jpg?resize=1320%2C986&amp;ssl=1 1320w, https:\/\/i0.wp.com\/www.jazzzeitung.de\/cms\/wp-content\/uploads\/2024\/08\/Kry_PhilippKienberger1_OliverHochkeppel020824-scaled.jpg?w=1680&amp;ssl=1 1680w\" width=\"221\" height=\"165\" loading=\"lazy\" data-original-width=\"221\" data-original-height=\"165\" itemprop=\"http:\/\/schema.org\/image\" title=\"Kry_PhilippKienberger1_OliverHochkeppel020824\" alt=\"Kry_PhilippKienberger1_OliverHochkeppel020824\" style=\"width: 221px; height: 165px;\" \/> <\/a> <\/div> <\/div> <!-- close group --> <div class=\"gallery-group images-1\" style=\"width: 252px; height: 169px;\" data-original-width=\"252\" data-original-height=\"169\" > <div class=\"tiled-gallery-item tiled-gallery-item-small\" itemprop=\"associatedMedia\" itemscope itemtype=\"http:\/\/schema.org\/ImageObject\"> <a href=\"https:\/\/www.jazzzeitung.de\/cms\/2024\/08\/eine-positiv-kritische-masse-eindruecke-vom-outreach-festival-2024-in-schwaz\/river1_oliverhochkeppel010824\/\" border=\"0\" itemprop=\"url\"> <meta itemprop=\"width\" content=\"248\"> <meta itemprop=\"height\" content=\"165\"> <img decoding=\"async\" class=\"\" data-attachment-id=\"31494\" data-orig-file=\"https:\/\/www.jazzzeitung.de\/cms\/wp-content\/uploads\/2024\/08\/River1_OliverHochkeppel010824-scaled.jpg\" data-orig-size=\"2560,1703\" data-comments-opened=\"1\" data-image-meta=\"{&quot;aperture&quot;:&quot;0&quot;,&quot;credit&quot;:&quot;&quot;,&quot;camera&quot;:&quot;ILCE-7M3&quot;,&quot;caption&quot;:&quot;&quot;,&quot;created_timestamp&quot;:&quot;1722543472&quot;,&quot;copyright&quot;:&quot;&quot;,&quot;focal_length&quot;:&quot;0&quot;,&quot;iso&quot;:&quot;5000&quot;,&quot;shutter_speed&quot;:&quot;0&quot;,&quot;title&quot;:&quot;&quot;,&quot;orientation&quot;:&quot;0&quot;}\" data-image-title=\"River1_OliverHochkeppel010824\" data-image-description=\"\" data-medium-file=\"https:\/\/i0.wp.com\/www.jazzzeitung.de\/cms\/wp-content\/uploads\/2024\/08\/River1_OliverHochkeppel010824-scaled.jpg?fit=300%2C200&#038;ssl=1\" data-large-file=\"https:\/\/i0.wp.com\/www.jazzzeitung.de\/cms\/wp-content\/uploads\/2024\/08\/River1_OliverHochkeppel010824-scaled.jpg?fit=840%2C560&#038;ssl=1\" src=\"https:\/\/i0.wp.com\/www.jazzzeitung.de\/cms\/wp-content\/uploads\/2024\/08\/River1_OliverHochkeppel010824-scaled.jpg?w=248&#038;h=165&#038;ssl=1\" srcset=\"https:\/\/i0.wp.com\/www.jazzzeitung.de\/cms\/wp-content\/uploads\/2024\/08\/River1_OliverHochkeppel010824-scaled.jpg?w=2560&amp;ssl=1 2560w, https:\/\/i0.wp.com\/www.jazzzeitung.de\/cms\/wp-content\/uploads\/2024\/08\/River1_OliverHochkeppel010824-scaled.jpg?resize=300%2C200&amp;ssl=1 300w, https:\/\/i0.wp.com\/www.jazzzeitung.de\/cms\/wp-content\/uploads\/2024\/08\/River1_OliverHochkeppel010824-scaled.jpg?resize=900%2C600&amp;ssl=1 900w, https:\/\/i0.wp.com\/www.jazzzeitung.de\/cms\/wp-content\/uploads\/2024\/08\/River1_OliverHochkeppel010824-scaled.jpg?resize=768%2C511&amp;ssl=1 768w, https:\/\/i0.wp.com\/www.jazzzeitung.de\/cms\/wp-content\/uploads\/2024\/08\/River1_OliverHochkeppel010824-scaled.jpg?resize=1536%2C1022&amp;ssl=1 1536w, https:\/\/i0.wp.com\/www.jazzzeitung.de\/cms\/wp-content\/uploads\/2024\/08\/River1_OliverHochkeppel010824-scaled.jpg?resize=2048%2C1362&amp;ssl=1 2048w, https:\/\/i0.wp.com\/www.jazzzeitung.de\/cms\/wp-content\/uploads\/2024\/08\/River1_OliverHochkeppel010824-scaled.jpg?resize=120%2C80&amp;ssl=1 120w, https:\/\/i0.wp.com\/www.jazzzeitung.de\/cms\/wp-content\/uploads\/2024\/08\/River1_OliverHochkeppel010824-scaled.jpg?resize=1320%2C878&amp;ssl=1 1320w, https:\/\/i0.wp.com\/www.jazzzeitung.de\/cms\/wp-content\/uploads\/2024\/08\/River1_OliverHochkeppel010824-scaled.jpg?w=1680&amp;ssl=1 1680w\" width=\"248\" height=\"165\" loading=\"lazy\" data-original-width=\"248\" data-original-height=\"165\" itemprop=\"http:\/\/schema.org\/image\" title=\"River1_OliverHochkeppel010824\" alt=\"River1_OliverHochkeppel010824\" style=\"width: 248px; height: 165px;\" \/> <\/a> <\/div> <\/div> <!-- close group --> <\/div> <!-- close row --> <\/div>\n<p>Nat\u00fcrlich gibt es bei einem so ungew\u00f6hnlichen Konzert-Format Pros und Contras. Dass sie zwischen ihren ungew\u00f6hnlich kurzen Sets anderen Bands zuh\u00f6ren m\u00fcssen, kann manche Musiker inspirieren, andere anstrengen. Dass das Publikum sich zwischendurch Pausen nimmt, ist ohnehin klar. Insgesamt \u00fcberwiegen aber \u2013 auch dank des Verzichts auf die in den vergangenen Jahren zus\u00e4tzlich eingebauten, eher nervenden Wort- oder Performance-\u00dcberleitungen &#8211; die Vorteile. Auf wundersame Weise erf\u00fcllen sich dadurch Hackls zumeist eher \u00fcberkandidelt klingenden Festival-Mottos. So auch das \u201eImagine All The Optimists: Critical Mass Of Positivity\u201c heuer.\u00a0 Nicht zuletzt enden die ohnehin langen Abende deutlich fr\u00fcher als einst, wo oft noch um halb zwei Uhr nachts das Programm vor lerrem Saal abgearbeitet wurde. A propos leerer Saal: Nach wie vor ist die Besucherzahl angesichts des fantastischen Angebots allzu bescheiden. Was auch an den fehlenden Marketing-Kapazit\u00e4ten der allesamt nebenbei und ehrenamtlich am Festival Arbeitenden liegen d\u00fcrfte.<\/p>\n<p>Trotzdem ist die Strahlkraft gewaltig. Denn die drei Konzertbl\u00f6cke im Silbersaal sind ja nur\u2013 nur ein Teil des Festivals. Bei den Schaufensterkonzerten- das Publikum schaut von drau\u00dfen zu &#8211; in Hackls nun \u201eSurheim Stage\u201c genannter Werkstatt pr\u00e4sentierten zum Teil herausragende Talente der heimischen Szene vor durchaus beachtlicher Kulisse. Und wie immer war das Heranf\u00fchren von Nachwuchs und Interessierten durch die schon am 25. Juli startende \u201eOutreach Academy\u201c mit Workshops, Masterclasses und Konzerten integraler Bestandteil. Dazu kommt der f\u00fcr das jeweils neue Artwork des Festivals zust\u00e4ndige \u201eartist in residence\u201c aus der bildenden Kunst, diesmal der prominente amerikanische K\u00fcnstler und Kunstkritiker Walter Robinson, der allerdings nicht selbst kommen konnte. Eine Tanzvorstellung, eine Panel Diskussion \u2013 zur Rolle der Frauen in der Musik \u2013 und auch noch sieben \u201ekleine\u201c Konzerte im Mathoi-Haus und -Garten runden alles ab.<\/p>\n<p>Das Outreach ist und bleibt eine Reise wert und geh\u00f6rt zu Recht zu den wenigen \u00f6sterreichischen Festivals, die komplett vom ORF mitgeschnitten werden.<\/p>\n<p>Text und Fotos: Oliver Hochkeppel (Beitragsbild: Amira)<\/p>\n<p>&nbsp;<\/p>\n","protected":false},"excerpt":{"rendered":"<p>Eines der ungew\u00f6hnlichsten Jazz-Festivals Europas findet im \u00f6sterreichischen Schwaz statt, 30 Kilometer vor Innsbruck und gerade einmal 118 Autokilometer von M\u00fcnchen entfernt. Hat doch das \u201eOutreach Festival\u201c wie kaum ein anderes die Vision, \u201eMusik und alle anderen bildenden und darstellenden K\u00fcnste zu verwenden, um Grenzen aufzubrechen und Synergien zu schaffen\u201c, wie sein Gr\u00fcnder und Leiter, der Trompeter Franz Hackl sagt. Hackl gr\u00fcndete das Outreach vor \u00fcber 30 Jahren sozusagen von New York aus, wo er mit seiner amerikanischen Frau Rose seinen Hauptwohnsitz hat. Doch schon \u00fcber die Trompetenmanufaktur, die er hier mit seinem Vater betreibt, hat er die Verbindung zu seiner Tiroler Heimatstadt immer gehalten, zur 13000 Einwohner z\u00e4hlenden \u201eSilberstadt\u201c, die im 15. Jahrhundert mit \u00fcber 200000 Bewohnern die zweitgr\u00f6\u00dfte des Habsburgerreichs und neben Augsburg Hauptsitz der Fugger war. Unter diesem Leitgedanken des Verbindenden f\u00fchrt Hackl es \u2013 seit einigen Jahren gemeinsam mit dem Bassisten Clemens Rofner \u2013 interdisziplin\u00e4r, genre\u00fcbergreifend, ganzheitlich und experimentell. Diese Br\u00fcckenschl\u00e4ge haben seit der Pandemie beim Festival-Schwerpunkt, den drei Konzertabenden im Silbersaal des \u201eSZentrums\u201c \u00fcberm Inn ausgangs der Altstadt noch einmal neue, ganz konkrete Z\u00fcge angenommen. Die Corona-Ausgabe 2021 konnten Hackl &hellip;<\/p>\n","protected":false},"author":18,"featured_media":31480,"comment_status":"open","ping_status":"closed","sticky":false,"template":"","format":"standard","meta":{"_jetpack_memberships_contains_paid_content":false,"footnotes":"","jetpack_publicize_message":"","jetpack_publicize_feature_enabled":true,"jetpack_social_post_already_shared":true,"jetpack_social_options":{"image_generator_settings":{"template":"highway","default_image_id":0,"font":"","enabled":false},"version":2}},"categories":[1053,652],"tags":[5063,5460,5457,5087,5459,5456,5458],"coauthors":[695],"class_list":["post-31472","post","type-post","status-publish","format-standard","has-post-thumbnail","hentry","category-bericht","category-galerie","tag-alexander-yannilos","tag-amira","tag-franz-hackls-outreach-orchestra","tag-mona-matbou-riahi","tag-nina-feldgrill","tag-philipp-kienbreger","tag-robert-unterkoefler"],"yoast_head":"<!-- This site is optimized with the Yoast SEO plugin v27.5 - https:\/\/yoast.com\/product\/yoast-seo-wordpress\/ -->\n<title>Eine positiv kritische Masse: Eindr\u00fccke vom Outreach Festival 2024 in Schwaz - JazzZeitung<\/title>\n<meta name=\"robots\" content=\"index, follow, max-snippet:-1, max-image-preview:large, max-video-preview:-1\" \/>\n<link rel=\"canonical\" href=\"https:\/\/www.jazzzeitung.de\/cms\/2024\/08\/eine-positiv-kritische-masse-eindruecke-vom-outreach-festival-2024-in-schwaz\/\" \/>\n<meta property=\"og:locale\" content=\"de_DE\" \/>\n<meta property=\"og:type\" content=\"article\" \/>\n<meta property=\"og:title\" content=\"Eine positiv kritische Masse: Eindr\u00fccke vom Outreach Festival 2024 in Schwaz - JazzZeitung\" \/>\n<meta property=\"og:description\" content=\"Eines der ungew\u00f6hnlichsten Jazz-Festivals Europas findet im \u00f6sterreichischen Schwaz statt, 30 Kilometer vor Innsbruck und gerade einmal 118 Autokilometer von M\u00fcnchen entfernt. Hat doch das \u201eOutreach Festival\u201c wie kaum ein anderes die Vision, \u201eMusik und alle anderen bildenden und darstellenden K\u00fcnste zu verwenden, um Grenzen aufzubrechen und Synergien zu schaffen\u201c, wie sein Gr\u00fcnder und Leiter, der Trompeter Franz Hackl sagt. Hackl gr\u00fcndete das Outreach vor \u00fcber 30 Jahren sozusagen von New York aus, wo er mit seiner amerikanischen Frau Rose seinen Hauptwohnsitz hat. Doch schon \u00fcber die Trompetenmanufaktur, die er hier mit seinem Vater betreibt, hat er die Verbindung zu seiner Tiroler Heimatstadt immer gehalten, zur 13000 Einwohner z\u00e4hlenden \u201eSilberstadt\u201c, die im 15. Jahrhundert mit \u00fcber 200000 Bewohnern die zweitgr\u00f6\u00dfte des Habsburgerreichs und neben Augsburg Hauptsitz der Fugger war. Unter diesem Leitgedanken des Verbindenden f\u00fchrt Hackl es \u2013 seit einigen Jahren gemeinsam mit dem Bassisten Clemens Rofner \u2013 interdisziplin\u00e4r, genre\u00fcbergreifend, ganzheitlich und experimentell. Diese Br\u00fcckenschl\u00e4ge haben seit der Pandemie beim Festival-Schwerpunkt, den drei Konzertabenden im Silbersaal des \u201eSZentrums\u201c \u00fcberm Inn ausgangs der Altstadt noch einmal neue, ganz konkrete Z\u00fcge angenommen. Die Corona-Ausgabe 2021 konnten Hackl &hellip;\" \/>\n<meta property=\"og:url\" content=\"https:\/\/www.jazzzeitung.de\/cms\/2024\/08\/eine-positiv-kritische-masse-eindruecke-vom-outreach-festival-2024-in-schwaz\/\" \/>\n<meta property=\"og:site_name\" content=\"JazzZeitung\" \/>\n<meta property=\"article:publisher\" content=\"https:\/\/www.facebook.com\/JazzZeitung\/\" \/>\n<meta property=\"article:published_time\" content=\"2024-08-12T13:00:18+00:00\" \/>\n<meta property=\"og:image\" content=\"https:\/\/i0.wp.com\/www.jazzzeitung.de\/cms\/wp-content\/uploads\/2024\/08\/OutreachOrchestra_AmiraB2_OliverHochkeppel020824-scaled.jpg?fit=2560%2C1712&ssl=1\" \/>\n\t<meta property=\"og:image:width\" content=\"2560\" \/>\n\t<meta property=\"og:image:height\" content=\"1712\" \/>\n\t<meta property=\"og:image:type\" content=\"image\/jpeg\" \/>\n<meta name=\"author\" content=\"Redaktion JazzZeitung\" \/>\n<script type=\"application\/ld+json\" class=\"yoast-schema-graph\">{\"@context\":\"https:\\\/\\\/schema.org\",\"@graph\":[{\"@type\":\"Article\",\"@id\":\"https:\\\/\\\/www.jazzzeitung.de\\\/cms\\\/2024\\\/08\\\/eine-positiv-kritische-masse-eindruecke-vom-outreach-festival-2024-in-schwaz\\\/#article\",\"isPartOf\":{\"@id\":\"https:\\\/\\\/www.jazzzeitung.de\\\/cms\\\/2024\\\/08\\\/eine-positiv-kritische-masse-eindruecke-vom-outreach-festival-2024-in-schwaz\\\/\"},\"author\":{\"name\":\"Redaktion JazzZeitung\",\"@id\":\"https:\\\/\\\/www.jazzzeitung.de\\\/cms\\\/#\\\/schema\\\/person\\\/2245b36b9cd1d24cea10f01c031fb92b\"},\"headline\":\"Eine positiv kritische Masse: Eindr\u00fccke vom Outreach Festival 2024 in Schwaz\",\"datePublished\":\"2024-08-12T13:00:18+00:00\",\"mainEntityOfPage\":{\"@id\":\"https:\\\/\\\/www.jazzzeitung.de\\\/cms\\\/2024\\\/08\\\/eine-positiv-kritische-masse-eindruecke-vom-outreach-festival-2024-in-schwaz\\\/\"},\"wordCount\":1317,\"commentCount\":0,\"publisher\":{\"@id\":\"https:\\\/\\\/www.jazzzeitung.de\\\/cms\\\/#organization\"},\"image\":{\"@id\":\"https:\\\/\\\/www.jazzzeitung.de\\\/cms\\\/2024\\\/08\\\/eine-positiv-kritische-masse-eindruecke-vom-outreach-festival-2024-in-schwaz\\\/#primaryimage\"},\"thumbnailUrl\":\"https:\\\/\\\/i0.wp.com\\\/www.jazzzeitung.de\\\/cms\\\/wp-content\\\/uploads\\\/2024\\\/08\\\/OutreachOrchestra_AmiraB2_OliverHochkeppel020824-scaled.jpg?fit=2560%2C1712&ssl=1\",\"keywords\":[\"Alexander Yannilos\",\"Amira\",\"Franz Hackls Outreach Orchestra\",\"Mona Matbou Riahi\",\"Nina Feldgrill\",\"Philipp Kienbreger\",\"Robert Unterk\u00f6fler\"],\"articleSection\":[\"Bericht\",\"Galerie\"],\"inLanguage\":\"de\",\"potentialAction\":[{\"@type\":\"CommentAction\",\"name\":\"Comment\",\"target\":[\"https:\\\/\\\/www.jazzzeitung.de\\\/cms\\\/2024\\\/08\\\/eine-positiv-kritische-masse-eindruecke-vom-outreach-festival-2024-in-schwaz\\\/#respond\"]}]},{\"@type\":\"WebPage\",\"@id\":\"https:\\\/\\\/www.jazzzeitung.de\\\/cms\\\/2024\\\/08\\\/eine-positiv-kritische-masse-eindruecke-vom-outreach-festival-2024-in-schwaz\\\/\",\"url\":\"https:\\\/\\\/www.jazzzeitung.de\\\/cms\\\/2024\\\/08\\\/eine-positiv-kritische-masse-eindruecke-vom-outreach-festival-2024-in-schwaz\\\/\",\"name\":\"Eine positiv kritische Masse: Eindr\u00fccke vom Outreach Festival 2024 in Schwaz - JazzZeitung\",\"isPartOf\":{\"@id\":\"https:\\\/\\\/www.jazzzeitung.de\\\/cms\\\/#website\"},\"primaryImageOfPage\":{\"@id\":\"https:\\\/\\\/www.jazzzeitung.de\\\/cms\\\/2024\\\/08\\\/eine-positiv-kritische-masse-eindruecke-vom-outreach-festival-2024-in-schwaz\\\/#primaryimage\"},\"image\":{\"@id\":\"https:\\\/\\\/www.jazzzeitung.de\\\/cms\\\/2024\\\/08\\\/eine-positiv-kritische-masse-eindruecke-vom-outreach-festival-2024-in-schwaz\\\/#primaryimage\"},\"thumbnailUrl\":\"https:\\\/\\\/i0.wp.com\\\/www.jazzzeitung.de\\\/cms\\\/wp-content\\\/uploads\\\/2024\\\/08\\\/OutreachOrchestra_AmiraB2_OliverHochkeppel020824-scaled.jpg?fit=2560%2C1712&ssl=1\",\"datePublished\":\"2024-08-12T13:00:18+00:00\",\"breadcrumb\":{\"@id\":\"https:\\\/\\\/www.jazzzeitung.de\\\/cms\\\/2024\\\/08\\\/eine-positiv-kritische-masse-eindruecke-vom-outreach-festival-2024-in-schwaz\\\/#breadcrumb\"},\"inLanguage\":\"de\",\"potentialAction\":[{\"@type\":\"ReadAction\",\"target\":[\"https:\\\/\\\/www.jazzzeitung.de\\\/cms\\\/2024\\\/08\\\/eine-positiv-kritische-masse-eindruecke-vom-outreach-festival-2024-in-schwaz\\\/\"]}]},{\"@type\":\"ImageObject\",\"inLanguage\":\"de\",\"@id\":\"https:\\\/\\\/www.jazzzeitung.de\\\/cms\\\/2024\\\/08\\\/eine-positiv-kritische-masse-eindruecke-vom-outreach-festival-2024-in-schwaz\\\/#primaryimage\",\"url\":\"https:\\\/\\\/i0.wp.com\\\/www.jazzzeitung.de\\\/cms\\\/wp-content\\\/uploads\\\/2024\\\/08\\\/OutreachOrchestra_AmiraB2_OliverHochkeppel020824-scaled.jpg?fit=2560%2C1712&ssl=1\",\"contentUrl\":\"https:\\\/\\\/i0.wp.com\\\/www.jazzzeitung.de\\\/cms\\\/wp-content\\\/uploads\\\/2024\\\/08\\\/OutreachOrchestra_AmiraB2_OliverHochkeppel020824-scaled.jpg?fit=2560%2C1712&ssl=1\",\"width\":2560,\"height\":1712,\"caption\":\"Outreach Orchestra: Amira. Foto: Oliver Hochkeppel\"},{\"@type\":\"BreadcrumbList\",\"@id\":\"https:\\\/\\\/www.jazzzeitung.de\\\/cms\\\/2024\\\/08\\\/eine-positiv-kritische-masse-eindruecke-vom-outreach-festival-2024-in-schwaz\\\/#breadcrumb\",\"itemListElement\":[{\"@type\":\"ListItem\",\"position\":1,\"name\":\"Startseite\",\"item\":\"https:\\\/\\\/www.jazzzeitung.de\\\/cms\\\/\"},{\"@type\":\"ListItem\",\"position\":2,\"name\":\"Eine positiv kritische Masse: Eindr\u00fccke vom Outreach Festival 2024 in Schwaz\"}]},{\"@type\":\"WebSite\",\"@id\":\"https:\\\/\\\/www.jazzzeitung.de\\\/cms\\\/#website\",\"url\":\"https:\\\/\\\/www.jazzzeitung.de\\\/cms\\\/\",\"name\":\"JazzZeitung\",\"description\":\"Jazz-News und Jazz-Kontroverses\",\"publisher\":{\"@id\":\"https:\\\/\\\/www.jazzzeitung.de\\\/cms\\\/#organization\"},\"potentialAction\":[{\"@type\":\"SearchAction\",\"target\":{\"@type\":\"EntryPoint\",\"urlTemplate\":\"https:\\\/\\\/www.jazzzeitung.de\\\/cms\\\/?s={search_term_string}\"},\"query-input\":{\"@type\":\"PropertyValueSpecification\",\"valueRequired\":true,\"valueName\":\"search_term_string\"}}],\"inLanguage\":\"de\"},{\"@type\":\"Organization\",\"@id\":\"https:\\\/\\\/www.jazzzeitung.de\\\/cms\\\/#organization\",\"name\":\"JazzZeitung online\",\"url\":\"https:\\\/\\\/www.jazzzeitung.de\\\/cms\\\/\",\"logo\":{\"@type\":\"ImageObject\",\"inLanguage\":\"de\",\"@id\":\"https:\\\/\\\/www.jazzzeitung.de\\\/cms\\\/#\\\/schema\\\/logo\\\/image\\\/\",\"url\":\"https:\\\/\\\/i0.wp.com\\\/www.jazzzeitung.de\\\/cms\\\/wp-content\\\/uploads\\\/2015\\\/08\\\/JAZZZEITUNGDE_Logo_Neu.png?fit=499%2C200&ssl=1\",\"contentUrl\":\"https:\\\/\\\/i0.wp.com\\\/www.jazzzeitung.de\\\/cms\\\/wp-content\\\/uploads\\\/2015\\\/08\\\/JAZZZEITUNGDE_Logo_Neu.png?fit=499%2C200&ssl=1\",\"width\":499,\"height\":200,\"caption\":\"JazzZeitung online\"},\"image\":{\"@id\":\"https:\\\/\\\/www.jazzzeitung.de\\\/cms\\\/#\\\/schema\\\/logo\\\/image\\\/\"},\"sameAs\":[\"https:\\\/\\\/www.facebook.com\\\/JazzZeitung\\\/\"]},{\"@type\":\"Person\",\"@id\":\"https:\\\/\\\/www.jazzzeitung.de\\\/cms\\\/#\\\/schema\\\/person\\\/2245b36b9cd1d24cea10f01c031fb92b\",\"name\":\"Redaktion JazzZeitung\",\"image\":{\"@type\":\"ImageObject\",\"inLanguage\":\"de\",\"@id\":\"https:\\\/\\\/i0.wp.com\\\/www.jazzzeitung.de\\\/cms\\\/wp-content\\\/uploads\\\/2015\\\/08\\\/JAZZZEITUNGDE_Logo_Neu.png?resize=96%2C96&ssl=159975dcacb611b5700bd619b5daf0a7a\",\"url\":\"https:\\\/\\\/i0.wp.com\\\/www.jazzzeitung.de\\\/cms\\\/wp-content\\\/uploads\\\/2015\\\/08\\\/JAZZZEITUNGDE_Logo_Neu.png?resize=96%2C96&ssl=1\",\"contentUrl\":\"https:\\\/\\\/i0.wp.com\\\/www.jazzzeitung.de\\\/cms\\\/wp-content\\\/uploads\\\/2015\\\/08\\\/JAZZZEITUNGDE_Logo_Neu.png?resize=96%2C96&ssl=1\",\"caption\":\"Redaktion JazzZeitung\"},\"description\":\"Artikel der Redaktion der JazzZeitung.\",\"sameAs\":[\"http:\\\/\\\/www.jazzzeitung.de\\\/cms\\\/\"],\"url\":\"https:\\\/\\\/www.jazzzeitung.de\\\/cms\\\/author\\\/redaktion\\\/\"}]}<\/script>\n<!-- \/ Yoast SEO plugin. -->","yoast_head_json":{"title":"Eine positiv kritische Masse: Eindr\u00fccke vom Outreach Festival 2024 in Schwaz - JazzZeitung","robots":{"index":"index","follow":"follow","max-snippet":"max-snippet:-1","max-image-preview":"max-image-preview:large","max-video-preview":"max-video-preview:-1"},"canonical":"https:\/\/www.jazzzeitung.de\/cms\/2024\/08\/eine-positiv-kritische-masse-eindruecke-vom-outreach-festival-2024-in-schwaz\/","og_locale":"de_DE","og_type":"article","og_title":"Eine positiv kritische Masse: Eindr\u00fccke vom Outreach Festival 2024 in Schwaz - JazzZeitung","og_description":"Eines der ungew\u00f6hnlichsten Jazz-Festivals Europas findet im \u00f6sterreichischen Schwaz statt, 30 Kilometer vor Innsbruck und gerade einmal 118 Autokilometer von M\u00fcnchen entfernt. Hat doch das \u201eOutreach Festival\u201c wie kaum ein anderes die Vision, \u201eMusik und alle anderen bildenden und darstellenden K\u00fcnste zu verwenden, um Grenzen aufzubrechen und Synergien zu schaffen\u201c, wie sein Gr\u00fcnder und Leiter, der Trompeter Franz Hackl sagt. Hackl gr\u00fcndete das Outreach vor \u00fcber 30 Jahren sozusagen von New York aus, wo er mit seiner amerikanischen Frau Rose seinen Hauptwohnsitz hat. Doch schon \u00fcber die Trompetenmanufaktur, die er hier mit seinem Vater betreibt, hat er die Verbindung zu seiner Tiroler Heimatstadt immer gehalten, zur 13000 Einwohner z\u00e4hlenden \u201eSilberstadt\u201c, die im 15. Jahrhundert mit \u00fcber 200000 Bewohnern die zweitgr\u00f6\u00dfte des Habsburgerreichs und neben Augsburg Hauptsitz der Fugger war. Unter diesem Leitgedanken des Verbindenden f\u00fchrt Hackl es \u2013 seit einigen Jahren gemeinsam mit dem Bassisten Clemens Rofner \u2013 interdisziplin\u00e4r, genre\u00fcbergreifend, ganzheitlich und experimentell. Diese Br\u00fcckenschl\u00e4ge haben seit der Pandemie beim Festival-Schwerpunkt, den drei Konzertabenden im Silbersaal des \u201eSZentrums\u201c \u00fcberm Inn ausgangs der Altstadt noch einmal neue, ganz konkrete Z\u00fcge angenommen. Die Corona-Ausgabe 2021 konnten Hackl &hellip;","og_url":"https:\/\/www.jazzzeitung.de\/cms\/2024\/08\/eine-positiv-kritische-masse-eindruecke-vom-outreach-festival-2024-in-schwaz\/","og_site_name":"JazzZeitung","article_publisher":"https:\/\/www.facebook.com\/JazzZeitung\/","article_published_time":"2024-08-12T13:00:18+00:00","og_image":[{"width":2560,"height":1712,"url":"https:\/\/i0.wp.com\/www.jazzzeitung.de\/cms\/wp-content\/uploads\/2024\/08\/OutreachOrchestra_AmiraB2_OliverHochkeppel020824-scaled.jpg?fit=2560%2C1712&ssl=1","type":"image\/jpeg"}],"author":"Redaktion JazzZeitung","schema":{"@context":"https:\/\/schema.org","@graph":[{"@type":"Article","@id":"https:\/\/www.jazzzeitung.de\/cms\/2024\/08\/eine-positiv-kritische-masse-eindruecke-vom-outreach-festival-2024-in-schwaz\/#article","isPartOf":{"@id":"https:\/\/www.jazzzeitung.de\/cms\/2024\/08\/eine-positiv-kritische-masse-eindruecke-vom-outreach-festival-2024-in-schwaz\/"},"author":{"name":"Redaktion JazzZeitung","@id":"https:\/\/www.jazzzeitung.de\/cms\/#\/schema\/person\/2245b36b9cd1d24cea10f01c031fb92b"},"headline":"Eine positiv kritische Masse: Eindr\u00fccke vom Outreach Festival 2024 in Schwaz","datePublished":"2024-08-12T13:00:18+00:00","mainEntityOfPage":{"@id":"https:\/\/www.jazzzeitung.de\/cms\/2024\/08\/eine-positiv-kritische-masse-eindruecke-vom-outreach-festival-2024-in-schwaz\/"},"wordCount":1317,"commentCount":0,"publisher":{"@id":"https:\/\/www.jazzzeitung.de\/cms\/#organization"},"image":{"@id":"https:\/\/www.jazzzeitung.de\/cms\/2024\/08\/eine-positiv-kritische-masse-eindruecke-vom-outreach-festival-2024-in-schwaz\/#primaryimage"},"thumbnailUrl":"https:\/\/i0.wp.com\/www.jazzzeitung.de\/cms\/wp-content\/uploads\/2024\/08\/OutreachOrchestra_AmiraB2_OliverHochkeppel020824-scaled.jpg?fit=2560%2C1712&ssl=1","keywords":["Alexander Yannilos","Amira","Franz Hackls Outreach Orchestra","Mona Matbou Riahi","Nina Feldgrill","Philipp Kienbreger","Robert Unterk\u00f6fler"],"articleSection":["Bericht","Galerie"],"inLanguage":"de","potentialAction":[{"@type":"CommentAction","name":"Comment","target":["https:\/\/www.jazzzeitung.de\/cms\/2024\/08\/eine-positiv-kritische-masse-eindruecke-vom-outreach-festival-2024-in-schwaz\/#respond"]}]},{"@type":"WebPage","@id":"https:\/\/www.jazzzeitung.de\/cms\/2024\/08\/eine-positiv-kritische-masse-eindruecke-vom-outreach-festival-2024-in-schwaz\/","url":"https:\/\/www.jazzzeitung.de\/cms\/2024\/08\/eine-positiv-kritische-masse-eindruecke-vom-outreach-festival-2024-in-schwaz\/","name":"Eine positiv kritische Masse: Eindr\u00fccke vom Outreach Festival 2024 in Schwaz - JazzZeitung","isPartOf":{"@id":"https:\/\/www.jazzzeitung.de\/cms\/#website"},"primaryImageOfPage":{"@id":"https:\/\/www.jazzzeitung.de\/cms\/2024\/08\/eine-positiv-kritische-masse-eindruecke-vom-outreach-festival-2024-in-schwaz\/#primaryimage"},"image":{"@id":"https:\/\/www.jazzzeitung.de\/cms\/2024\/08\/eine-positiv-kritische-masse-eindruecke-vom-outreach-festival-2024-in-schwaz\/#primaryimage"},"thumbnailUrl":"https:\/\/i0.wp.com\/www.jazzzeitung.de\/cms\/wp-content\/uploads\/2024\/08\/OutreachOrchestra_AmiraB2_OliverHochkeppel020824-scaled.jpg?fit=2560%2C1712&ssl=1","datePublished":"2024-08-12T13:00:18+00:00","breadcrumb":{"@id":"https:\/\/www.jazzzeitung.de\/cms\/2024\/08\/eine-positiv-kritische-masse-eindruecke-vom-outreach-festival-2024-in-schwaz\/#breadcrumb"},"inLanguage":"de","potentialAction":[{"@type":"ReadAction","target":["https:\/\/www.jazzzeitung.de\/cms\/2024\/08\/eine-positiv-kritische-masse-eindruecke-vom-outreach-festival-2024-in-schwaz\/"]}]},{"@type":"ImageObject","inLanguage":"de","@id":"https:\/\/www.jazzzeitung.de\/cms\/2024\/08\/eine-positiv-kritische-masse-eindruecke-vom-outreach-festival-2024-in-schwaz\/#primaryimage","url":"https:\/\/i0.wp.com\/www.jazzzeitung.de\/cms\/wp-content\/uploads\/2024\/08\/OutreachOrchestra_AmiraB2_OliverHochkeppel020824-scaled.jpg?fit=2560%2C1712&ssl=1","contentUrl":"https:\/\/i0.wp.com\/www.jazzzeitung.de\/cms\/wp-content\/uploads\/2024\/08\/OutreachOrchestra_AmiraB2_OliverHochkeppel020824-scaled.jpg?fit=2560%2C1712&ssl=1","width":2560,"height":1712,"caption":"Outreach Orchestra: Amira. Foto: Oliver Hochkeppel"},{"@type":"BreadcrumbList","@id":"https:\/\/www.jazzzeitung.de\/cms\/2024\/08\/eine-positiv-kritische-masse-eindruecke-vom-outreach-festival-2024-in-schwaz\/#breadcrumb","itemListElement":[{"@type":"ListItem","position":1,"name":"Startseite","item":"https:\/\/www.jazzzeitung.de\/cms\/"},{"@type":"ListItem","position":2,"name":"Eine positiv kritische Masse: Eindr\u00fccke vom Outreach Festival 2024 in Schwaz"}]},{"@type":"WebSite","@id":"https:\/\/www.jazzzeitung.de\/cms\/#website","url":"https:\/\/www.jazzzeitung.de\/cms\/","name":"JazzZeitung","description":"Jazz-News und Jazz-Kontroverses","publisher":{"@id":"https:\/\/www.jazzzeitung.de\/cms\/#organization"},"potentialAction":[{"@type":"SearchAction","target":{"@type":"EntryPoint","urlTemplate":"https:\/\/www.jazzzeitung.de\/cms\/?s={search_term_string}"},"query-input":{"@type":"PropertyValueSpecification","valueRequired":true,"valueName":"search_term_string"}}],"inLanguage":"de"},{"@type":"Organization","@id":"https:\/\/www.jazzzeitung.de\/cms\/#organization","name":"JazzZeitung online","url":"https:\/\/www.jazzzeitung.de\/cms\/","logo":{"@type":"ImageObject","inLanguage":"de","@id":"https:\/\/www.jazzzeitung.de\/cms\/#\/schema\/logo\/image\/","url":"https:\/\/i0.wp.com\/www.jazzzeitung.de\/cms\/wp-content\/uploads\/2015\/08\/JAZZZEITUNGDE_Logo_Neu.png?fit=499%2C200&ssl=1","contentUrl":"https:\/\/i0.wp.com\/www.jazzzeitung.de\/cms\/wp-content\/uploads\/2015\/08\/JAZZZEITUNGDE_Logo_Neu.png?fit=499%2C200&ssl=1","width":499,"height":200,"caption":"JazzZeitung online"},"image":{"@id":"https:\/\/www.jazzzeitung.de\/cms\/#\/schema\/logo\/image\/"},"sameAs":["https:\/\/www.facebook.com\/JazzZeitung\/"]},{"@type":"Person","@id":"https:\/\/www.jazzzeitung.de\/cms\/#\/schema\/person\/2245b36b9cd1d24cea10f01c031fb92b","name":"Redaktion JazzZeitung","image":{"@type":"ImageObject","inLanguage":"de","@id":"https:\/\/i0.wp.com\/www.jazzzeitung.de\/cms\/wp-content\/uploads\/2015\/08\/JAZZZEITUNGDE_Logo_Neu.png?resize=96%2C96&ssl=159975dcacb611b5700bd619b5daf0a7a","url":"https:\/\/i0.wp.com\/www.jazzzeitung.de\/cms\/wp-content\/uploads\/2015\/08\/JAZZZEITUNGDE_Logo_Neu.png?resize=96%2C96&ssl=1","contentUrl":"https:\/\/i0.wp.com\/www.jazzzeitung.de\/cms\/wp-content\/uploads\/2015\/08\/JAZZZEITUNGDE_Logo_Neu.png?resize=96%2C96&ssl=1","caption":"Redaktion JazzZeitung"},"description":"Artikel der Redaktion der JazzZeitung.","sameAs":["http:\/\/www.jazzzeitung.de\/cms\/"],"url":"https:\/\/www.jazzzeitung.de\/cms\/author\/redaktion\/"}]}},"wp-worthy-pixel":{"ignored":false,"public":null,"server":null,"url":null},"wp-worthy-type":"normal","jetpack_publicize_connections":[],"cc_featured_image_caption":{"caption_text":"","source_text":"","source_url":""},"jetpack_featured_media_url":"https:\/\/i0.wp.com\/www.jazzzeitung.de\/cms\/wp-content\/uploads\/2024\/08\/OutreachOrchestra_AmiraB2_OliverHochkeppel020824-scaled.jpg?fit=2560%2C1712&ssl=1","jetpack_shortlink":"https:\/\/wp.me\/p3KEcT-8bC","jetpack-related-posts":[{"id":29930,"url":"https:\/\/www.jazzzeitung.de\/cms\/2023\/08\/wider-die-konvention-eindruecke-vom-31-outreach-festival-in-schwaz\/","url_meta":{"origin":31472,"position":0},"title":"Wider die Konvention: Eindr\u00fccke vom 31. Outreach Festival in Schwaz","author":"Redaktion JazzZeitung","date":"18. August 2023","format":false,"excerpt":"Auch in seiner 31. Ausgabe erwies sich das \u201eOutreach Festival\u201c im Tiroler St\u00e4dtchen Schwaz als eines der ungew\u00f6hnlichsten Jazz-Festivals Europas. Das vom von hier stammenden Trompeter Franz Hackl \u2013 der freilich seit Jahrzehnten seinen Hauptwohnsitz in New York hat \u2013 gegr\u00fcndete und nach wie vor\u00a0 gemeinsam mit dem Bassisten Clemens\u2026","rel":"","context":"In &quot;Bericht&quot;","block_context":{"text":"Bericht","link":"https:\/\/www.jazzzeitung.de\/cms\/thema\/bericht\/"},"img":{"alt_text":"","src":"https:\/\/i0.wp.com\/www.jazzzeitung.de\/cms\/wp-content\/uploads\/2023\/08\/EdiNulz1_OliverHochkeppel030823-scaled.jpg?fit=1200%2C790&ssl=1&resize=350%2C200","width":350,"height":200,"srcset":"https:\/\/i0.wp.com\/www.jazzzeitung.de\/cms\/wp-content\/uploads\/2023\/08\/EdiNulz1_OliverHochkeppel030823-scaled.jpg?fit=1200%2C790&ssl=1&resize=350%2C200 1x, https:\/\/i0.wp.com\/www.jazzzeitung.de\/cms\/wp-content\/uploads\/2023\/08\/EdiNulz1_OliverHochkeppel030823-scaled.jpg?fit=1200%2C790&ssl=1&resize=525%2C300 1.5x, https:\/\/i0.wp.com\/www.jazzzeitung.de\/cms\/wp-content\/uploads\/2023\/08\/EdiNulz1_OliverHochkeppel030823-scaled.jpg?fit=1200%2C790&ssl=1&resize=700%2C400 2x, https:\/\/i0.wp.com\/www.jazzzeitung.de\/cms\/wp-content\/uploads\/2023\/08\/EdiNulz1_OliverHochkeppel030823-scaled.jpg?fit=1200%2C790&ssl=1&resize=1050%2C600 3x"},"classes":[]},{"id":28058,"url":"https:\/\/www.jazzzeitung.de\/cms\/2022\/08\/blasen-platzen-lassen-das-outreach-festival-2022\/","url_meta":{"origin":31472,"position":1},"title":"Blasen platzen lassen: Das Outreach Festival 2022","author":"Redaktion JazzZeitung","date":"11. August 2022","format":false,"excerpt":"(Von Oliver Hochkeppel) Ein beachtliches Jubil\u00e4um konnte man im Tiroler St\u00e4dtchen Schwaz feiern. Vom 4. bis 6 August fand die 30. Ausgabe des Outreach Festivals der 13.000-Einwohner-Kommune statt, mit dem Silbersaal des SZentrums als zentrale B\u00fchne. Was umso bemerkenswerter ist, als das Outreach schon immer zu den experimentellen, innovativen und\u2026","rel":"","context":"In &quot;Bericht&quot;","block_context":{"text":"Bericht","link":"https:\/\/www.jazzzeitung.de\/cms\/thema\/bericht\/"},"img":{"alt_text":"Franz Hackl","src":"https:\/\/i0.wp.com\/www.jazzzeitung.de\/cms\/wp-content\/uploads\/2022\/08\/Franz_Hackl_011_Foto_Herbert_Hoepfl-scaled.jpg?fit=1200%2C900&ssl=1&resize=350%2C200","width":350,"height":200,"srcset":"https:\/\/i0.wp.com\/www.jazzzeitung.de\/cms\/wp-content\/uploads\/2022\/08\/Franz_Hackl_011_Foto_Herbert_Hoepfl-scaled.jpg?fit=1200%2C900&ssl=1&resize=350%2C200 1x, https:\/\/i0.wp.com\/www.jazzzeitung.de\/cms\/wp-content\/uploads\/2022\/08\/Franz_Hackl_011_Foto_Herbert_Hoepfl-scaled.jpg?fit=1200%2C900&ssl=1&resize=525%2C300 1.5x, https:\/\/i0.wp.com\/www.jazzzeitung.de\/cms\/wp-content\/uploads\/2022\/08\/Franz_Hackl_011_Foto_Herbert_Hoepfl-scaled.jpg?fit=1200%2C900&ssl=1&resize=700%2C400 2x, https:\/\/i0.wp.com\/www.jazzzeitung.de\/cms\/wp-content\/uploads\/2022\/08\/Franz_Hackl_011_Foto_Herbert_Hoepfl-scaled.jpg?fit=1200%2C900&ssl=1&resize=1050%2C600 3x"},"classes":[]},{"id":23167,"url":"https:\/\/www.jazzzeitung.de\/cms\/2020\/08\/ins-horn-stossen-statt-ins-boxhorn-jagen-lassen-das-outreach-festival-in-schwaz\/","url_meta":{"origin":31472,"position":2},"title":"Ins Horn sto\u00dfen statt ins Boxhorn jagen lassen \u2013 das Outreach-Festival in Schwaz","author":"Redaktion JazzZeitung","date":"18. August 2020","format":false,"excerpt":"Auch und gerade in Coronazeiten begeisterte das innovative Outreach-Festival in Schwaz \u201eDer B\u00fcrgermeister hat mir das Festival acht Mal abgesagt\u201c, erz\u00e4hlt der Trompeter, vor allem aber Gr\u00fcnder und Leiter des \u201eOutreach\u201c Festivals im \u00f6sterreichischen Schwaz Franz Hackl, \u201eaber ich hab\u2018 ihm gesagt, dass er das gar nicht entscheiden kann; er\u2026","rel":"","context":"In &quot;Bericht&quot;","block_context":{"text":"Bericht","link":"https:\/\/www.jazzzeitung.de\/cms\/thema\/bericht\/"},"img":{"alt_text":"","src":"https:\/\/i0.wp.com\/www.jazzzeitung.de\/cms\/wp-content\/uploads\/2020\/08\/OutBrandnerPichler2-scaled.jpg?fit=1200%2C900&ssl=1&resize=350%2C200","width":350,"height":200,"srcset":"https:\/\/i0.wp.com\/www.jazzzeitung.de\/cms\/wp-content\/uploads\/2020\/08\/OutBrandnerPichler2-scaled.jpg?fit=1200%2C900&ssl=1&resize=350%2C200 1x, https:\/\/i0.wp.com\/www.jazzzeitung.de\/cms\/wp-content\/uploads\/2020\/08\/OutBrandnerPichler2-scaled.jpg?fit=1200%2C900&ssl=1&resize=525%2C300 1.5x, https:\/\/i0.wp.com\/www.jazzzeitung.de\/cms\/wp-content\/uploads\/2020\/08\/OutBrandnerPichler2-scaled.jpg?fit=1200%2C900&ssl=1&resize=700%2C400 2x, https:\/\/i0.wp.com\/www.jazzzeitung.de\/cms\/wp-content\/uploads\/2020\/08\/OutBrandnerPichler2-scaled.jpg?fit=1200%2C900&ssl=1&resize=1050%2C600 3x"},"classes":[]},{"id":25340,"url":"https:\/\/www.jazzzeitung.de\/cms\/2021\/08\/was-bleiben-wird-inntoene-und-outreach-zwei-oesterreichische-jazzfestivals-demonstrieren-dass-in-der-corona-krise-auch-chancen-liegen\/","url_meta":{"origin":31472,"position":3},"title":"Was bleiben wird: \u201eInnt\u00f6ne\u201c und \u201eOutreach\u201c \u2013 zwei \u00f6sterreichische Jazzfestivals demonstrieren, dass in der Corona-Krise auch Chancen liegen","author":"Redaktion JazzZeitung","date":"17. August 2021","format":false,"excerpt":"\u201e3000 Besucher feiern das Leben\u201c \u00fcberschrieb die Passauer Neue Presse ihren Bericht von den diesj\u00e4hrigen \u201eInnt\u00f6nen\u201c. In der Tat war der \u201eJazz auf dem Bauernhof\u201c, wie Paul Zauner sein Festival auf dem elterlichen Hof in Diersbach nahe Sch\u00e4rding seit jeher treffend untertitelt, eine begl\u00fcckende Erfahrung. Was im vergangenen Jahr aus\u2026","rel":"","context":"In &quot;Bericht&quot;","block_context":{"text":"Bericht","link":"https:\/\/www.jazzzeitung.de\/cms\/thema\/bericht\/"},"img":{"alt_text":"","src":"https:\/\/i0.wp.com\/www.jazzzeitung.de\/cms\/wp-content\/uploads\/2021\/08\/DSC08785.jpg?fit=1200%2C800&ssl=1&resize=350%2C200","width":350,"height":200,"srcset":"https:\/\/i0.wp.com\/www.jazzzeitung.de\/cms\/wp-content\/uploads\/2021\/08\/DSC08785.jpg?fit=1200%2C800&ssl=1&resize=350%2C200 1x, https:\/\/i0.wp.com\/www.jazzzeitung.de\/cms\/wp-content\/uploads\/2021\/08\/DSC08785.jpg?fit=1200%2C800&ssl=1&resize=525%2C300 1.5x, https:\/\/i0.wp.com\/www.jazzzeitung.de\/cms\/wp-content\/uploads\/2021\/08\/DSC08785.jpg?fit=1200%2C800&ssl=1&resize=700%2C400 2x, https:\/\/i0.wp.com\/www.jazzzeitung.de\/cms\/wp-content\/uploads\/2021\/08\/DSC08785.jpg?fit=1200%2C800&ssl=1&resize=1050%2C600 3x"},"classes":[]},{"id":27969,"url":"https:\/\/www.jazzzeitung.de\/cms\/2022\/07\/die-erweiterte-jazz-radiowoche-vom-01-08-bis-07-08-2022\/","url_meta":{"origin":31472,"position":4},"title":"Die erweiterte Jazz-Radiowoche vom 01.08. bis 07.08.2022","author":"Martin Hufner","date":"31. Juli 2022","format":false,"excerpt":"Ein kleiner Blick in die Radiowoche 31. Die Luft ist d\u00fcnner geworden, denn es ist Festspielsommer bei der ARD. Das hei\u00dft, f\u00fcr manche Sender findet Jazz jetzt erst wirklich statt, f\u00fcr andere hei\u00dft es Reduktion auf eine halbe Stunde vor Mitternacht. Teilnehmende Sender beim ARD-Radiofestival: NDR Kultur, Bremen Zwei, WDR\u2026","rel":"","context":"In &quot;News&quot;","block_context":{"text":"News","link":"https:\/\/www.jazzzeitung.de\/cms\/thema\/nachrichten\/"},"img":{"alt_text":"Jazz im Radio. Foto\/Montage: Hufner","src":"https:\/\/i0.wp.com\/www.jazzzeitung.de\/cms\/wp-content\/uploads\/2018\/05\/radio-jazz_journalisten.jpg?fit=1200%2C900&ssl=1&resize=350%2C200","width":350,"height":200,"srcset":"https:\/\/i0.wp.com\/www.jazzzeitung.de\/cms\/wp-content\/uploads\/2018\/05\/radio-jazz_journalisten.jpg?fit=1200%2C900&ssl=1&resize=350%2C200 1x, https:\/\/i0.wp.com\/www.jazzzeitung.de\/cms\/wp-content\/uploads\/2018\/05\/radio-jazz_journalisten.jpg?fit=1200%2C900&ssl=1&resize=525%2C300 1.5x, https:\/\/i0.wp.com\/www.jazzzeitung.de\/cms\/wp-content\/uploads\/2018\/05\/radio-jazz_journalisten.jpg?fit=1200%2C900&ssl=1&resize=700%2C400 2x, https:\/\/i0.wp.com\/www.jazzzeitung.de\/cms\/wp-content\/uploads\/2018\/05\/radio-jazz_journalisten.jpg?fit=1200%2C900&ssl=1&resize=1050%2C600 3x"},"classes":[]},{"id":29120,"url":"https:\/\/www.jazzzeitung.de\/cms\/2023\/02\/die-erweiterte-jazz-radiowoche-vom-20-02-2023-bis-26-02-2023\/","url_meta":{"origin":31472,"position":5},"title":"Die erweiterte Jazz-Radiowoche vom 20.02.2023 bis 26.02.2023","author":"Martin Hufner","date":"19. Februar 2023","format":false,"excerpt":"Ein kleiner Blick in die Radiowoche 08. Die \u00dcbersicht zum Download als PDF. Alle Angaben ohne Gew\u00e4hr. Erg\u00e4nzt mit den tollen Sendungen zur Neuen Musik von BR-KLASSIK und \u00d61. Inhalt Senderliste: 2 mo \u2013 20.02.2023. 3 di \u2013 21.02.2023. 4 mi \u2013 22.02.2023. 5 do \u2013 23.02.2023. 7 fr \u2013\u2026","rel":"","context":"In &quot;News&quot;","block_context":{"text":"News","link":"https:\/\/www.jazzzeitung.de\/cms\/thema\/nachrichten\/"},"img":{"alt_text":"Jazz im Radio. Foto\/Montage: Hufner","src":"https:\/\/i0.wp.com\/www.jazzzeitung.de\/cms\/wp-content\/uploads\/2018\/05\/radio-jazz_journalisten.jpg?fit=1200%2C900&ssl=1&resize=350%2C200","width":350,"height":200,"srcset":"https:\/\/i0.wp.com\/www.jazzzeitung.de\/cms\/wp-content\/uploads\/2018\/05\/radio-jazz_journalisten.jpg?fit=1200%2C900&ssl=1&resize=350%2C200 1x, https:\/\/i0.wp.com\/www.jazzzeitung.de\/cms\/wp-content\/uploads\/2018\/05\/radio-jazz_journalisten.jpg?fit=1200%2C900&ssl=1&resize=525%2C300 1.5x, https:\/\/i0.wp.com\/www.jazzzeitung.de\/cms\/wp-content\/uploads\/2018\/05\/radio-jazz_journalisten.jpg?fit=1200%2C900&ssl=1&resize=700%2C400 2x, https:\/\/i0.wp.com\/www.jazzzeitung.de\/cms\/wp-content\/uploads\/2018\/05\/radio-jazz_journalisten.jpg?fit=1200%2C900&ssl=1&resize=1050%2C600 3x"},"classes":[]}],"jetpack_sharing_enabled":true,"_links":{"self":[{"href":"https:\/\/www.jazzzeitung.de\/cms\/wp-json\/wp\/v2\/posts\/31472","targetHints":{"allow":["GET"]}}],"collection":[{"href":"https:\/\/www.jazzzeitung.de\/cms\/wp-json\/wp\/v2\/posts"}],"about":[{"href":"https:\/\/www.jazzzeitung.de\/cms\/wp-json\/wp\/v2\/types\/post"}],"author":[{"embeddable":true,"href":"https:\/\/www.jazzzeitung.de\/cms\/wp-json\/wp\/v2\/users\/18"}],"replies":[{"embeddable":true,"href":"https:\/\/www.jazzzeitung.de\/cms\/wp-json\/wp\/v2\/comments?post=31472"}],"version-history":[{"count":8,"href":"https:\/\/www.jazzzeitung.de\/cms\/wp-json\/wp\/v2\/posts\/31472\/revisions"}],"predecessor-version":[{"id":31499,"href":"https:\/\/www.jazzzeitung.de\/cms\/wp-json\/wp\/v2\/posts\/31472\/revisions\/31499"}],"wp:featuredmedia":[{"embeddable":true,"href":"https:\/\/www.jazzzeitung.de\/cms\/wp-json\/wp\/v2\/media\/31480"}],"wp:attachment":[{"href":"https:\/\/www.jazzzeitung.de\/cms\/wp-json\/wp\/v2\/media?parent=31472"}],"wp:term":[{"taxonomy":"category","embeddable":true,"href":"https:\/\/www.jazzzeitung.de\/cms\/wp-json\/wp\/v2\/categories?post=31472"},{"taxonomy":"post_tag","embeddable":true,"href":"https:\/\/www.jazzzeitung.de\/cms\/wp-json\/wp\/v2\/tags?post=31472"},{"taxonomy":"author","embeddable":true,"href":"https:\/\/www.jazzzeitung.de\/cms\/wp-json\/wp\/v2\/coauthors?post=31472"}],"curies":[{"name":"wp","href":"https:\/\/api.w.org\/{rel}","templated":true}]}}