{"id":31433,"date":"2024-08-07T07:46:21","date_gmt":"2024-08-07T05:46:21","guid":{"rendered":"https:\/\/www.jazzzeitung.de\/cms\/?p=31433"},"modified":"2024-08-06T12:50:01","modified_gmt":"2024-08-06T10:50:01","slug":"lebendige-vielfalt-beim-jazzfestival-im-suedschwedischen-ystad","status":"publish","type":"post","link":"https:\/\/www.jazzzeitung.de\/cms\/2024\/08\/lebendige-vielfalt-beim-jazzfestival-im-suedschwedischen-ystad\/","title":{"rendered":"Lebendige Vielfalt beim Jazzfestival im s\u00fcdschwedischen Ystad"},"content":{"rendered":"<h3><strong>Wenn die Saiten tanzen lernen und die Stimme spricht <\/strong><strong>\u2013 Festival mit Alba Amengou, Billy Cobham, Yamandu Costa und anderen<\/strong><\/h3>\n<p>Erst am letzten Tag kamen Regeng\u00fcsse. Davor: strahlende Sonne &#8211; und ein paar hundert Meter vom Hauptveranstaltungsort entfernt ein silbrig glitzerndes, ruhiges Meer. Die s\u00fcdschwedische Hafenstadt Ystad kann deutlich heiterer sein als in den Geschichten und Filmen um Henning Mankells Roman-Ermittler Kurt Wallander. Und diesmal dr\u00e4ngte sich der Eindruck auf: Besonders beim Jazzfestival ist die Stimmung fr\u00f6hlich und sonnig. Selbst wenn es ausgerechnet beim Open-air-Konzert am letzten Nachmittag eine Zeitlang wie aus Eimern gie\u00dft.<\/p>\n<p>Zum 15. Mal gab es jetzt das \u201eYstad Sweden Jazz Festival\u201c, dessen Programm jedes Jahr der weltweit bekannte Pianist Jan Lundgren zusammenstellt, der an diesem sch\u00f6nen Flecken Schwedens wohnt. Zur Feier von anderthalb Jahrzehnten erfolgreichen Bestehens dauerte das Festival f\u00fcnf Tage \u2013 und brachte v\u00f6llig unterschiedliche Klangfarben auf die B\u00fchne. Einige Konzerte stachen besonders heraus.<\/p>\n<h3>DER MANN MIT DEM SCHWARZEN RIESENSCHLAGZEUG<\/h3>\n<p>Eines davon war eine Power-Demonstration mit musikalischer \u00dcberraschungs-Frische. Der vor Anfang des Jahres 80 gewordene und im Juli in Stuttgart mit der mit 15.000 Euro dotierten German Jazz Trophy ausgezeichnete Schlagzeuger Billy Cobham \u2013 seit den 1970ern ein Rockjazz-Weltstar \u2013 kam mit einem Gehstock auf die B\u00fchne, aber als er hinter seinem festungsartigen schwarzen Riesenschlagzeug Platz genommen hatte, schickte er sofort die Energie in den Saal, f\u00fcr die er einst ber\u00fchmt geworden war. Da rumort, donnert und groovt es. Aber das ist nicht alles. Wer skeptisch ein m\u00f6glicherweise routiniertes Abspulen alter Zugnummern erwartet hatte, konnte staunen: Mit Cobhams jetzigen vier Partnern kommen St\u00fccke wie \u201eStratus\u201c, \u201eTaurean Matador\u201c und am Ende auch der von vielen erwartete Groove-Ohrwurm \u201eRed Baron\u201c in einer verbl\u00fcffenden Unverbrauchtheit daher. Dabei sind diese St\u00fccke jetzt schon \u00fcber 50 Jahre alt. Keyboarder Gary Husband, Gitarrist Rocco Ziffarelli, Bassist Michael Mondesir und Perkussionist Marco Lobo sind die aktuellen B\u00fchnenpartner Cobhams \u2013 und im Patina-beseelten Theater von Ystad spielten sie mit einer Lust und Kompaktheit, dass keine Minute des Konzerts langweilig wurde. Schier gischtspr\u00fchend lebendige Keyboard-Einlagen, peitschend-rockige Gitarrensoli, ein in allen St\u00fcrmen sicherer E-Bass und ein schamanenhafter Percussion-Tanz: lauter Momente zum Zungeschnalzen. Und eine Musik, die an diesem Abend kein bisschen gealtert wirkte.<\/p>\n<div class=\"tiled-gallery type-rectangular tiled-gallery-unresized\" data-original-width=\"840\" data-carousel-extra='{&quot;blog_id&quot;:1,&quot;permalink&quot;:&quot;https:\\\/\\\/www.jazzzeitung.de\\\/cms\\\/2024\\\/08\\\/lebendige-vielfalt-beim-jazzfestival-im-suedschwedischen-ystad\\\/&quot;,&quot;likes_blog_id&quot;:55446655}' itemscope itemtype=\"http:\/\/schema.org\/ImageGallery\" > <div class=\"gallery-row\" style=\"width: 840px; height: 704px;\" data-original-width=\"840\" data-original-height=\"704\" > <div class=\"gallery-group images-3\" style=\"width: 311px; height: 704px;\" data-original-width=\"311\" data-original-height=\"704\" > <div class=\"tiled-gallery-item tiled-gallery-item-large\" itemprop=\"associatedMedia\" itemscope itemtype=\"http:\/\/schema.org\/ImageObject\"> <a href=\"https:\/\/www.jazzzeitung.de\/cms\/2024\/08\/lebendige-vielfalt-beim-jazzfestival-im-suedschwedischen-ystad\/billy-cobham-am-schlagzeug-ystad-2024-20240803_210359\/\" border=\"0\" itemprop=\"url\"> <meta itemprop=\"width\" content=\"307\"> <meta itemprop=\"height\" content=\"231\"> <img decoding=\"async\" class=\"\" data-attachment-id=\"31437\" data-orig-file=\"https:\/\/www.jazzzeitung.de\/cms\/wp-content\/uploads\/2024\/08\/Billy-Cobham-am-Schlagzeug-Ystad-2024.-20240803_210359-scaled.jpg\" data-orig-size=\"2560,1920\" data-comments-opened=\"1\" data-image-meta=\"{&quot;aperture&quot;:&quot;1.7&quot;,&quot;credit&quot;:&quot;&quot;,&quot;camera&quot;:&quot;SM-A505FN&quot;,&quot;caption&quot;:&quot;&quot;,&quot;created_timestamp&quot;:&quot;1722719039&quot;,&quot;copyright&quot;:&quot;&quot;,&quot;focal_length&quot;:&quot;3.93&quot;,&quot;iso&quot;:&quot;160&quot;,&quot;shutter_speed&quot;:&quot;0.02&quot;,&quot;title&quot;:&quot;&quot;,&quot;orientation&quot;:&quot;1&quot;}\" data-image-title=\"Billy Cobham am Schlagzeug Ystad 2024. 20240803_210359\" data-image-description=\"\" data-medium-file=\"https:\/\/i0.wp.com\/www.jazzzeitung.de\/cms\/wp-content\/uploads\/2024\/08\/Billy-Cobham-am-Schlagzeug-Ystad-2024.-20240803_210359-scaled.jpg?fit=300%2C225&#038;ssl=1\" data-large-file=\"https:\/\/i0.wp.com\/www.jazzzeitung.de\/cms\/wp-content\/uploads\/2024\/08\/Billy-Cobham-am-Schlagzeug-Ystad-2024.-20240803_210359-scaled.jpg?fit=800%2C600&#038;ssl=1\" src=\"https:\/\/i0.wp.com\/www.jazzzeitung.de\/cms\/wp-content\/uploads\/2024\/08\/Billy-Cobham-am-Schlagzeug-Ystad-2024.-20240803_210359-scaled.jpg?w=307&#038;h=231&#038;ssl=1\" srcset=\"https:\/\/i0.wp.com\/www.jazzzeitung.de\/cms\/wp-content\/uploads\/2024\/08\/Billy-Cobham-am-Schlagzeug-Ystad-2024.-20240803_210359-scaled.jpg?w=2560&amp;ssl=1 2560w, https:\/\/i0.wp.com\/www.jazzzeitung.de\/cms\/wp-content\/uploads\/2024\/08\/Billy-Cobham-am-Schlagzeug-Ystad-2024.-20240803_210359-scaled.jpg?resize=300%2C225&amp;ssl=1 300w, https:\/\/i0.wp.com\/www.jazzzeitung.de\/cms\/wp-content\/uploads\/2024\/08\/Billy-Cobham-am-Schlagzeug-Ystad-2024.-20240803_210359-scaled.jpg?resize=800%2C600&amp;ssl=1 800w, https:\/\/i0.wp.com\/www.jazzzeitung.de\/cms\/wp-content\/uploads\/2024\/08\/Billy-Cobham-am-Schlagzeug-Ystad-2024.-20240803_210359-scaled.jpg?resize=768%2C576&amp;ssl=1 768w, https:\/\/i0.wp.com\/www.jazzzeitung.de\/cms\/wp-content\/uploads\/2024\/08\/Billy-Cobham-am-Schlagzeug-Ystad-2024.-20240803_210359-scaled.jpg?resize=1536%2C1152&amp;ssl=1 1536w, https:\/\/i0.wp.com\/www.jazzzeitung.de\/cms\/wp-content\/uploads\/2024\/08\/Billy-Cobham-am-Schlagzeug-Ystad-2024.-20240803_210359-scaled.jpg?resize=2048%2C1536&amp;ssl=1 2048w, https:\/\/i0.wp.com\/www.jazzzeitung.de\/cms\/wp-content\/uploads\/2024\/08\/Billy-Cobham-am-Schlagzeug-Ystad-2024.-20240803_210359-scaled.jpg?resize=1320%2C990&amp;ssl=1 1320w, https:\/\/i0.wp.com\/www.jazzzeitung.de\/cms\/wp-content\/uploads\/2024\/08\/Billy-Cobham-am-Schlagzeug-Ystad-2024.-20240803_210359-scaled.jpg?w=1680&amp;ssl=1 1680w\" width=\"307\" height=\"231\" loading=\"lazy\" data-original-width=\"307\" data-original-height=\"231\" itemprop=\"http:\/\/schema.org\/image\" title=\"Billy Cobham am Schlagzeug Ystad 2024. 20240803_210359\" alt=\"Billy Cobham am Schlagzeug Ystad 2024. 20240803_210359\" style=\"width: 307px; height: 231px;\" \/> <\/a> <\/div> <div class=\"tiled-gallery-item tiled-gallery-item-large\" itemprop=\"associatedMedia\" itemscope itemtype=\"http:\/\/schema.org\/ImageObject\"> <a href=\"https:\/\/www.jazzzeitung.de\/cms\/2024\/08\/lebendige-vielfalt-beim-jazzfestival-im-suedschwedischen-ystad\/billy-cobhams-band-mit-perkussionist-marco-lobo-im-theater-ystad-beim-konzert-2024-20240803_214933\/\" border=\"0\" itemprop=\"url\"> <meta itemprop=\"width\" content=\"307\"> <meta itemprop=\"height\" content=\"231\"> <img decoding=\"async\" class=\"\" data-attachment-id=\"31438\" data-orig-file=\"https:\/\/www.jazzzeitung.de\/cms\/wp-content\/uploads\/2024\/08\/Billy-Cobhams-Band-mit-Perkussionist-Marco-Lobo-im-theater-Ystad-beim-Konzert-2024.-20240803_214933-scaled.jpg\" data-orig-size=\"2560,1920\" data-comments-opened=\"1\" data-image-meta=\"{&quot;aperture&quot;:&quot;1.7&quot;,&quot;credit&quot;:&quot;&quot;,&quot;camera&quot;:&quot;SM-A505FN&quot;,&quot;caption&quot;:&quot;&quot;,&quot;created_timestamp&quot;:&quot;1722721774&quot;,&quot;copyright&quot;:&quot;&quot;,&quot;focal_length&quot;:&quot;3.93&quot;,&quot;iso&quot;:&quot;100&quot;,&quot;shutter_speed&quot;:&quot;0.02&quot;,&quot;title&quot;:&quot;&quot;,&quot;orientation&quot;:&quot;1&quot;}\" data-image-title=\"Billy Cobhams Band mit Perkussionist Marco Lobo im theater Ystad beim Konzert 2024. 20240803_214933\" data-image-description=\"\" data-medium-file=\"https:\/\/i0.wp.com\/www.jazzzeitung.de\/cms\/wp-content\/uploads\/2024\/08\/Billy-Cobhams-Band-mit-Perkussionist-Marco-Lobo-im-theater-Ystad-beim-Konzert-2024.-20240803_214933-scaled.jpg?fit=300%2C225&#038;ssl=1\" data-large-file=\"https:\/\/i0.wp.com\/www.jazzzeitung.de\/cms\/wp-content\/uploads\/2024\/08\/Billy-Cobhams-Band-mit-Perkussionist-Marco-Lobo-im-theater-Ystad-beim-Konzert-2024.-20240803_214933-scaled.jpg?fit=800%2C600&#038;ssl=1\" src=\"https:\/\/i0.wp.com\/www.jazzzeitung.de\/cms\/wp-content\/uploads\/2024\/08\/Billy-Cobhams-Band-mit-Perkussionist-Marco-Lobo-im-theater-Ystad-beim-Konzert-2024.-20240803_214933-scaled.jpg?w=307&#038;h=231&#038;ssl=1\" srcset=\"https:\/\/i0.wp.com\/www.jazzzeitung.de\/cms\/wp-content\/uploads\/2024\/08\/Billy-Cobhams-Band-mit-Perkussionist-Marco-Lobo-im-theater-Ystad-beim-Konzert-2024.-20240803_214933-scaled.jpg?w=2560&amp;ssl=1 2560w, https:\/\/i0.wp.com\/www.jazzzeitung.de\/cms\/wp-content\/uploads\/2024\/08\/Billy-Cobhams-Band-mit-Perkussionist-Marco-Lobo-im-theater-Ystad-beim-Konzert-2024.-20240803_214933-scaled.jpg?resize=300%2C225&amp;ssl=1 300w, https:\/\/i0.wp.com\/www.jazzzeitung.de\/cms\/wp-content\/uploads\/2024\/08\/Billy-Cobhams-Band-mit-Perkussionist-Marco-Lobo-im-theater-Ystad-beim-Konzert-2024.-20240803_214933-scaled.jpg?resize=800%2C600&amp;ssl=1 800w, https:\/\/i0.wp.com\/www.jazzzeitung.de\/cms\/wp-content\/uploads\/2024\/08\/Billy-Cobhams-Band-mit-Perkussionist-Marco-Lobo-im-theater-Ystad-beim-Konzert-2024.-20240803_214933-scaled.jpg?resize=768%2C576&amp;ssl=1 768w, https:\/\/i0.wp.com\/www.jazzzeitung.de\/cms\/wp-content\/uploads\/2024\/08\/Billy-Cobhams-Band-mit-Perkussionist-Marco-Lobo-im-theater-Ystad-beim-Konzert-2024.-20240803_214933-scaled.jpg?resize=1536%2C1152&amp;ssl=1 1536w, https:\/\/i0.wp.com\/www.jazzzeitung.de\/cms\/wp-content\/uploads\/2024\/08\/Billy-Cobhams-Band-mit-Perkussionist-Marco-Lobo-im-theater-Ystad-beim-Konzert-2024.-20240803_214933-scaled.jpg?resize=2048%2C1536&amp;ssl=1 2048w, https:\/\/i0.wp.com\/www.jazzzeitung.de\/cms\/wp-content\/uploads\/2024\/08\/Billy-Cobhams-Band-mit-Perkussionist-Marco-Lobo-im-theater-Ystad-beim-Konzert-2024.-20240803_214933-scaled.jpg?resize=1320%2C990&amp;ssl=1 1320w, https:\/\/i0.wp.com\/www.jazzzeitung.de\/cms\/wp-content\/uploads\/2024\/08\/Billy-Cobhams-Band-mit-Perkussionist-Marco-Lobo-im-theater-Ystad-beim-Konzert-2024.-20240803_214933-scaled.jpg?w=1680&amp;ssl=1 1680w\" width=\"307\" height=\"231\" loading=\"lazy\" data-original-width=\"307\" data-original-height=\"231\" itemprop=\"http:\/\/schema.org\/image\" title=\"Billy Cobhams Band mit Perkussionist Marco Lobo im theater Ystad beim Konzert 2024. 20240803_214933\" alt=\"Billy Cobhams Band mit Perkussionist Marco Lobo im theater Ystad beim Konzert 2024. 20240803_214933\" style=\"width: 307px; height: 231px;\" \/> <\/a> <\/div> <div class=\"tiled-gallery-item tiled-gallery-item-large\" itemprop=\"associatedMedia\" itemscope itemtype=\"http:\/\/schema.org\/ImageObject\"> <a href=\"https:\/\/www.jazzzeitung.de\/cms\/2024\/08\/lebendige-vielfalt-beim-jazzfestival-im-suedschwedischen-ystad\/gitarrist-und-saenger-joao-bosco-im-theater-ystad-2024-20240801_172747\/\" border=\"0\" itemprop=\"url\"> <meta itemprop=\"width\" content=\"307\"> <meta itemprop=\"height\" content=\"230\"> <img decoding=\"async\" class=\"\" data-attachment-id=\"31439\" data-orig-file=\"https:\/\/www.jazzzeitung.de\/cms\/wp-content\/uploads\/2024\/08\/Gitarrist-und-Saenger-Joao-Bosco-im-Theater-Ystad-2024.-20240801_172747-scaled.jpg\" data-orig-size=\"2560,1920\" data-comments-opened=\"1\" data-image-meta=\"{&quot;aperture&quot;:&quot;1.7&quot;,&quot;credit&quot;:&quot;&quot;,&quot;camera&quot;:&quot;SM-A505FN&quot;,&quot;caption&quot;:&quot;&quot;,&quot;created_timestamp&quot;:&quot;1722533268&quot;,&quot;copyright&quot;:&quot;&quot;,&quot;focal_length&quot;:&quot;3.93&quot;,&quot;iso&quot;:&quot;250&quot;,&quot;shutter_speed&quot;:&quot;0.04&quot;,&quot;title&quot;:&quot;&quot;,&quot;orientation&quot;:&quot;1&quot;}\" data-image-title=\"Gitarrist und Sa\u0308nger Joao Bosco im Theater Ystad 2024. 20240801_172747\" data-image-description=\"\" data-medium-file=\"https:\/\/i0.wp.com\/www.jazzzeitung.de\/cms\/wp-content\/uploads\/2024\/08\/Gitarrist-und-Saenger-Joao-Bosco-im-Theater-Ystad-2024.-20240801_172747-scaled.jpg?fit=300%2C225&#038;ssl=1\" data-large-file=\"https:\/\/i0.wp.com\/www.jazzzeitung.de\/cms\/wp-content\/uploads\/2024\/08\/Gitarrist-und-Saenger-Joao-Bosco-im-Theater-Ystad-2024.-20240801_172747-scaled.jpg?fit=800%2C600&#038;ssl=1\" src=\"https:\/\/i0.wp.com\/www.jazzzeitung.de\/cms\/wp-content\/uploads\/2024\/08\/Gitarrist-und-Saenger-Joao-Bosco-im-Theater-Ystad-2024.-20240801_172747-scaled.jpg?w=307&#038;h=230&#038;ssl=1\" srcset=\"https:\/\/i0.wp.com\/www.jazzzeitung.de\/cms\/wp-content\/uploads\/2024\/08\/Gitarrist-und-Saenger-Joao-Bosco-im-Theater-Ystad-2024.-20240801_172747-scaled.jpg?w=2560&amp;ssl=1 2560w, https:\/\/i0.wp.com\/www.jazzzeitung.de\/cms\/wp-content\/uploads\/2024\/08\/Gitarrist-und-Saenger-Joao-Bosco-im-Theater-Ystad-2024.-20240801_172747-scaled.jpg?resize=300%2C225&amp;ssl=1 300w, https:\/\/i0.wp.com\/www.jazzzeitung.de\/cms\/wp-content\/uploads\/2024\/08\/Gitarrist-und-Saenger-Joao-Bosco-im-Theater-Ystad-2024.-20240801_172747-scaled.jpg?resize=800%2C600&amp;ssl=1 800w, https:\/\/i0.wp.com\/www.jazzzeitung.de\/cms\/wp-content\/uploads\/2024\/08\/Gitarrist-und-Saenger-Joao-Bosco-im-Theater-Ystad-2024.-20240801_172747-scaled.jpg?resize=768%2C576&amp;ssl=1 768w, https:\/\/i0.wp.com\/www.jazzzeitung.de\/cms\/wp-content\/uploads\/2024\/08\/Gitarrist-und-Saenger-Joao-Bosco-im-Theater-Ystad-2024.-20240801_172747-scaled.jpg?resize=1536%2C1152&amp;ssl=1 1536w, https:\/\/i0.wp.com\/www.jazzzeitung.de\/cms\/wp-content\/uploads\/2024\/08\/Gitarrist-und-Saenger-Joao-Bosco-im-Theater-Ystad-2024.-20240801_172747-scaled.jpg?resize=2048%2C1536&amp;ssl=1 2048w, https:\/\/i0.wp.com\/www.jazzzeitung.de\/cms\/wp-content\/uploads\/2024\/08\/Gitarrist-und-Saenger-Joao-Bosco-im-Theater-Ystad-2024.-20240801_172747-scaled.jpg?resize=1320%2C990&amp;ssl=1 1320w, https:\/\/i0.wp.com\/www.jazzzeitung.de\/cms\/wp-content\/uploads\/2024\/08\/Gitarrist-und-Saenger-Joao-Bosco-im-Theater-Ystad-2024.-20240801_172747-scaled.jpg?w=1680&amp;ssl=1 1680w\" width=\"307\" height=\"230\" loading=\"lazy\" data-original-width=\"307\" data-original-height=\"230\" itemprop=\"http:\/\/schema.org\/image\" title=\"Gitarrist und Sa\u0308nger Joao Bosco im Theater Ystad 2024. 20240801_172747\" alt=\"Gitarrist und Sa\u0308nger Joao Bosco im Theater Ystad 2024. 20240801_172747\" style=\"width: 307px; height: 230px;\" \/> <\/a> <\/div> <\/div> <!-- close group --> <div class=\"gallery-group images-1\" style=\"width: 529px; height: 704px;\" data-original-width=\"529\" data-original-height=\"704\" > <div class=\"tiled-gallery-item tiled-gallery-item-large\" itemprop=\"associatedMedia\" itemscope itemtype=\"http:\/\/schema.org\/ImageObject\"> <a href=\"https:\/\/www.jazzzeitung.de\/cms\/2024\/08\/lebendige-vielfalt-beim-jazzfestival-im-suedschwedischen-ystad\/gitarrist-yamandu-costa-im-theater-ystad-20240802_215912\/\" border=\"0\" itemprop=\"url\"> <meta itemprop=\"width\" content=\"525\"> <meta itemprop=\"height\" content=\"700\"> <img decoding=\"async\" class=\"\" data-attachment-id=\"31441\" data-orig-file=\"https:\/\/www.jazzzeitung.de\/cms\/wp-content\/uploads\/2024\/08\/Gitarrist-Yamandu-Costa-im-Theater-Ystad.-20240802_215912-scaled.jpg\" data-orig-size=\"1920,2560\" data-comments-opened=\"1\" data-image-meta=\"{&quot;aperture&quot;:&quot;1.7&quot;,&quot;credit&quot;:&quot;&quot;,&quot;camera&quot;:&quot;SM-A505FN&quot;,&quot;caption&quot;:&quot;&quot;,&quot;created_timestamp&quot;:&quot;1722635952&quot;,&quot;copyright&quot;:&quot;&quot;,&quot;focal_length&quot;:&quot;3.93&quot;,&quot;iso&quot;:&quot;50&quot;,&quot;shutter_speed&quot;:&quot;0.02&quot;,&quot;title&quot;:&quot;&quot;,&quot;orientation&quot;:&quot;1&quot;}\" data-image-title=\"Gitarrist Yamandu Costa im Theater Ystad. 20240802_215912\" data-image-description=\"\" data-medium-file=\"https:\/\/i0.wp.com\/www.jazzzeitung.de\/cms\/wp-content\/uploads\/2024\/08\/Gitarrist-Yamandu-Costa-im-Theater-Ystad.-20240802_215912-scaled.jpg?fit=225%2C300&#038;ssl=1\" data-large-file=\"https:\/\/i0.wp.com\/www.jazzzeitung.de\/cms\/wp-content\/uploads\/2024\/08\/Gitarrist-Yamandu-Costa-im-Theater-Ystad.-20240802_215912-scaled.jpg?fit=450%2C600&#038;ssl=1\" src=\"https:\/\/i0.wp.com\/www.jazzzeitung.de\/cms\/wp-content\/uploads\/2024\/08\/Gitarrist-Yamandu-Costa-im-Theater-Ystad.-20240802_215912-scaled.jpg?w=525&#038;h=700&#038;ssl=1\" srcset=\"https:\/\/i0.wp.com\/www.jazzzeitung.de\/cms\/wp-content\/uploads\/2024\/08\/Gitarrist-Yamandu-Costa-im-Theater-Ystad.-20240802_215912-scaled.jpg?w=1920&amp;ssl=1 1920w, https:\/\/i0.wp.com\/www.jazzzeitung.de\/cms\/wp-content\/uploads\/2024\/08\/Gitarrist-Yamandu-Costa-im-Theater-Ystad.-20240802_215912-scaled.jpg?resize=225%2C300&amp;ssl=1 225w, https:\/\/i0.wp.com\/www.jazzzeitung.de\/cms\/wp-content\/uploads\/2024\/08\/Gitarrist-Yamandu-Costa-im-Theater-Ystad.-20240802_215912-scaled.jpg?resize=450%2C600&amp;ssl=1 450w, https:\/\/i0.wp.com\/www.jazzzeitung.de\/cms\/wp-content\/uploads\/2024\/08\/Gitarrist-Yamandu-Costa-im-Theater-Ystad.-20240802_215912-scaled.jpg?resize=768%2C1024&amp;ssl=1 768w, https:\/\/i0.wp.com\/www.jazzzeitung.de\/cms\/wp-content\/uploads\/2024\/08\/Gitarrist-Yamandu-Costa-im-Theater-Ystad.-20240802_215912-scaled.jpg?resize=1152%2C1536&amp;ssl=1 1152w, https:\/\/i0.wp.com\/www.jazzzeitung.de\/cms\/wp-content\/uploads\/2024\/08\/Gitarrist-Yamandu-Costa-im-Theater-Ystad.-20240802_215912-scaled.jpg?resize=1536%2C2048&amp;ssl=1 1536w, https:\/\/i0.wp.com\/www.jazzzeitung.de\/cms\/wp-content\/uploads\/2024\/08\/Gitarrist-Yamandu-Costa-im-Theater-Ystad.-20240802_215912-scaled.jpg?resize=1320%2C1760&amp;ssl=1 1320w, https:\/\/i0.wp.com\/www.jazzzeitung.de\/cms\/wp-content\/uploads\/2024\/08\/Gitarrist-Yamandu-Costa-im-Theater-Ystad.-20240802_215912-scaled.jpg?w=1680&amp;ssl=1 1680w\" width=\"525\" height=\"700\" loading=\"lazy\" data-original-width=\"525\" data-original-height=\"700\" itemprop=\"http:\/\/schema.org\/image\" title=\"Gitarrist Yamandu Costa im Theater Ystad. 20240802_215912\" alt=\"Gitarrist Yamandu Costa im Theater Ystad. 20240802_215912\" style=\"width: 525px; height: 700px;\" \/> <\/a> <\/div> <\/div> <!-- close group --> <\/div> <!-- close row --> <\/div>\n<h3>EIN FEINSINNIGER B\u00c4RTIGER B\u00c4R<\/h3>\n<p>Neben diesem Konzert wurde vor allem noch ein anderes zum Festival-Gespr\u00e4ch: dasjenige des 1980 geborenen brasilianischen Siebensaiten-Gitarristen Yamandu Costa im Duo mit Festival-Gestalter Jan Lundgren. Yamandu Costa ist ein feinsinniger b\u00e4rtiger B\u00e4r, der auf seiner mit einer zus\u00e4tzlichen tiefen Saite ausgestatteten Konzertgitarre einen musikantischen Zauber entfacht, den man selten so erlebt. Wenn er Melodien spielt, dann fangen die T\u00f6ne zu jubilieren und zu tanzen an \u2013 und alle Stimmungsnuancen kann man gleichzeitig am Gesicht des Gitarristen ablesen. Sein Spiel ist dabei nicht pures Entertainment, sondern auch die Kunst, T\u00f6ne zu beseelen: Es wirkt extrovertiert, aber leuchtet von innen heraus. Costas Klavierpartner Jan Lundgren setzte ganz auf das Miteinander, baute auf Verschmelzung statt Schlagabtausch und auf Fingerspitzengef\u00fchl statt Reibungs-Energie. Mit dem Klassiker \u201eBlack Orpheus\u201c endete das bejubelte Duo-Konzert. Die beiden Musiker haben auch ein gemeinsames Album am Start: \u201eInner Spirits\u201c (ACT), das am 29. August ver\u00f6ffentlicht wird.<\/p>\n<p>Einen hervorragenden Auftritt in Ystad hatte auch der 78-j\u00e4hrige brasilianische Songschreiber und Gitarrist Joao Bosco, der ganz in Wei\u00df mit (ebenfalls wei\u00dfem) Schirmk\u00e4ppi sein ganzes Konzert stehend absolvierte, noch immer seine rhythmisch spannend akzentuierte, feine Gitarrentechnik hat und seine leicht angeraute Gesangsstimme mit eindringlicher Souver\u00e4nit\u00e4t einsetzt.<\/p>\n<h3>T\u00d6NE WIE EIN WARMER WIND<\/h3>\n<p>Beim Revue-passieren-Lassen sehr starker Momente dr\u00e4ngt sich auch das hinrei\u00dfend sch\u00f6ne Konzert eines Quartetts aus vier sehr unterschiedlichen Musikern auf: \u201eSissoko S\u00e9gal Parisien Peirani\u201c nennen sie sich mit viel Gesp\u00fcr f\u00fcr Wortklang. Dahinter stecken der Cora-Spieler Ballak\u00e9 Sissoko aus Mali, der franz\u00f6sische Cellist Vincent S\u00e9gal und seine beiden Landsleute Vincent Peirani, Akkordeon, und \u00c9mile Parisien, Sopransaxophon. Wie ein sanfter Wind wehen manche Melodien in den St\u00fccken daher, die Rhythmen flie\u00dfen subtil und der Zusammenklang ist ber\u00fcckend sch\u00f6n, aber auch voller Intensit\u00e4t, wenn etwa Vincent Peirani sein Instrument fast zum Bersten zu bringen scheint und Vincent S\u00e9gal auf dem Cello auch mal harsch-zeitgen\u00f6ssische T\u00f6ne sirren l\u00e4sst.<\/p>\n<div class=\"tiled-gallery type-rectangular tiled-gallery-unresized\" data-original-width=\"840\" data-carousel-extra='{&quot;blog_id&quot;:1,&quot;permalink&quot;:&quot;https:\\\/\\\/www.jazzzeitung.de\\\/cms\\\/2024\\\/08\\\/lebendige-vielfalt-beim-jazzfestival-im-suedschwedischen-ystad\\\/&quot;,&quot;likes_blog_id&quot;:55446655}' itemscope itemtype=\"http:\/\/schema.org\/ImageGallery\" > <div class=\"gallery-row\" style=\"width: 840px; height: 316px;\" data-original-width=\"840\" data-original-height=\"316\" > <div class=\"gallery-group images-1\" style=\"width: 420px; height: 316px;\" data-original-width=\"420\" data-original-height=\"316\" > <div class=\"tiled-gallery-item tiled-gallery-item-large\" itemprop=\"associatedMedia\" itemscope itemtype=\"http:\/\/schema.org\/ImageObject\"> <a href=\"https:\/\/www.jazzzeitung.de\/cms\/2024\/08\/lebendige-vielfalt-beim-jazzfestival-im-suedschwedischen-ystad\/klosterkirche-ystad-20240803_115154\/\" border=\"0\" itemprop=\"url\"> <meta itemprop=\"width\" content=\"416\"> <meta itemprop=\"height\" content=\"312\"> <img decoding=\"async\" class=\"\" data-attachment-id=\"31443\" data-orig-file=\"https:\/\/www.jazzzeitung.de\/cms\/wp-content\/uploads\/2024\/08\/Klosterkirche-Ystad.-20240803_115154-scaled.jpg\" data-orig-size=\"2560,1920\" data-comments-opened=\"1\" data-image-meta=\"{&quot;aperture&quot;:&quot;2.2&quot;,&quot;credit&quot;:&quot;&quot;,&quot;camera&quot;:&quot;SM-A505FN&quot;,&quot;caption&quot;:&quot;&quot;,&quot;created_timestamp&quot;:&quot;1722685914&quot;,&quot;copyright&quot;:&quot;&quot;,&quot;focal_length&quot;:&quot;1.42&quot;,&quot;iso&quot;:&quot;40&quot;,&quot;shutter_speed&quot;:&quot;0.00064808813998704&quot;,&quot;title&quot;:&quot;&quot;,&quot;orientation&quot;:&quot;1&quot;}\" data-image-title=\"Klosterkirche Ystad. 20240803_115154\" data-image-description=\"\" data-medium-file=\"https:\/\/i0.wp.com\/www.jazzzeitung.de\/cms\/wp-content\/uploads\/2024\/08\/Klosterkirche-Ystad.-20240803_115154-scaled.jpg?fit=300%2C225&#038;ssl=1\" data-large-file=\"https:\/\/i0.wp.com\/www.jazzzeitung.de\/cms\/wp-content\/uploads\/2024\/08\/Klosterkirche-Ystad.-20240803_115154-scaled.jpg?fit=800%2C600&#038;ssl=1\" src=\"https:\/\/i0.wp.com\/www.jazzzeitung.de\/cms\/wp-content\/uploads\/2024\/08\/Klosterkirche-Ystad.-20240803_115154-scaled.jpg?w=416&#038;h=312&#038;ssl=1\" srcset=\"https:\/\/i0.wp.com\/www.jazzzeitung.de\/cms\/wp-content\/uploads\/2024\/08\/Klosterkirche-Ystad.-20240803_115154-scaled.jpg?w=2560&amp;ssl=1 2560w, https:\/\/i0.wp.com\/www.jazzzeitung.de\/cms\/wp-content\/uploads\/2024\/08\/Klosterkirche-Ystad.-20240803_115154-scaled.jpg?resize=300%2C225&amp;ssl=1 300w, https:\/\/i0.wp.com\/www.jazzzeitung.de\/cms\/wp-content\/uploads\/2024\/08\/Klosterkirche-Ystad.-20240803_115154-scaled.jpg?resize=800%2C600&amp;ssl=1 800w, https:\/\/i0.wp.com\/www.jazzzeitung.de\/cms\/wp-content\/uploads\/2024\/08\/Klosterkirche-Ystad.-20240803_115154-scaled.jpg?resize=768%2C576&amp;ssl=1 768w, https:\/\/i0.wp.com\/www.jazzzeitung.de\/cms\/wp-content\/uploads\/2024\/08\/Klosterkirche-Ystad.-20240803_115154-scaled.jpg?resize=1536%2C1152&amp;ssl=1 1536w, https:\/\/i0.wp.com\/www.jazzzeitung.de\/cms\/wp-content\/uploads\/2024\/08\/Klosterkirche-Ystad.-20240803_115154-scaled.jpg?resize=2048%2C1536&amp;ssl=1 2048w, https:\/\/i0.wp.com\/www.jazzzeitung.de\/cms\/wp-content\/uploads\/2024\/08\/Klosterkirche-Ystad.-20240803_115154-scaled.jpg?resize=1320%2C990&amp;ssl=1 1320w, https:\/\/i0.wp.com\/www.jazzzeitung.de\/cms\/wp-content\/uploads\/2024\/08\/Klosterkirche-Ystad.-20240803_115154-scaled.jpg?w=1680&amp;ssl=1 1680w\" width=\"416\" height=\"312\" loading=\"lazy\" data-original-width=\"416\" data-original-height=\"312\" itemprop=\"http:\/\/schema.org\/image\" title=\"Klosterkirche Ystad. 20240803_115154\" alt=\"Klosterkirche Ystad. 20240803_115154\" style=\"width: 416px; height: 312px;\" \/> <\/a> <\/div> <\/div> <!-- close group --> <div class=\"gallery-group images-1\" style=\"width: 420px; height: 316px;\" data-original-width=\"420\" data-original-height=\"316\" > <div class=\"tiled-gallery-item tiled-gallery-item-large\" itemprop=\"associatedMedia\" itemscope itemtype=\"http:\/\/schema.org\/ImageObject\"> <a href=\"https:\/\/www.jazzzeitung.de\/cms\/2024\/08\/lebendige-vielfalt-beim-jazzfestival-im-suedschwedischen-ystad\/theater-ystad-2024-20240804_102403\/\" border=\"0\" itemprop=\"url\"> <meta itemprop=\"width\" content=\"416\"> <meta itemprop=\"height\" content=\"312\"> <img decoding=\"async\" class=\"\" data-attachment-id=\"31444\" data-orig-file=\"https:\/\/www.jazzzeitung.de\/cms\/wp-content\/uploads\/2024\/08\/Theater-Ystad-2024.-20240804_102403-scaled.jpg\" data-orig-size=\"2560,1920\" data-comments-opened=\"1\" data-image-meta=\"{&quot;aperture&quot;:&quot;1.7&quot;,&quot;credit&quot;:&quot;&quot;,&quot;camera&quot;:&quot;SM-A505FN&quot;,&quot;caption&quot;:&quot;&quot;,&quot;created_timestamp&quot;:&quot;1722767043&quot;,&quot;copyright&quot;:&quot;&quot;,&quot;focal_length&quot;:&quot;3.93&quot;,&quot;iso&quot;:&quot;40&quot;,&quot;shutter_speed&quot;:&quot;0.00035498757543486&quot;,&quot;title&quot;:&quot;&quot;,&quot;orientation&quot;:&quot;1&quot;}\" data-image-title=\"Theater Ystad 2024. 20240804_102403\" data-image-description=\"\" data-medium-file=\"https:\/\/i0.wp.com\/www.jazzzeitung.de\/cms\/wp-content\/uploads\/2024\/08\/Theater-Ystad-2024.-20240804_102403-scaled.jpg?fit=300%2C225&#038;ssl=1\" data-large-file=\"https:\/\/i0.wp.com\/www.jazzzeitung.de\/cms\/wp-content\/uploads\/2024\/08\/Theater-Ystad-2024.-20240804_102403-scaled.jpg?fit=800%2C600&#038;ssl=1\" src=\"https:\/\/i0.wp.com\/www.jazzzeitung.de\/cms\/wp-content\/uploads\/2024\/08\/Theater-Ystad-2024.-20240804_102403-scaled.jpg?w=416&#038;h=312&#038;ssl=1\" srcset=\"https:\/\/i0.wp.com\/www.jazzzeitung.de\/cms\/wp-content\/uploads\/2024\/08\/Theater-Ystad-2024.-20240804_102403-scaled.jpg?w=2560&amp;ssl=1 2560w, https:\/\/i0.wp.com\/www.jazzzeitung.de\/cms\/wp-content\/uploads\/2024\/08\/Theater-Ystad-2024.-20240804_102403-scaled.jpg?resize=300%2C225&amp;ssl=1 300w, https:\/\/i0.wp.com\/www.jazzzeitung.de\/cms\/wp-content\/uploads\/2024\/08\/Theater-Ystad-2024.-20240804_102403-scaled.jpg?resize=800%2C600&amp;ssl=1 800w, https:\/\/i0.wp.com\/www.jazzzeitung.de\/cms\/wp-content\/uploads\/2024\/08\/Theater-Ystad-2024.-20240804_102403-scaled.jpg?resize=768%2C576&amp;ssl=1 768w, https:\/\/i0.wp.com\/www.jazzzeitung.de\/cms\/wp-content\/uploads\/2024\/08\/Theater-Ystad-2024.-20240804_102403-scaled.jpg?resize=1536%2C1152&amp;ssl=1 1536w, https:\/\/i0.wp.com\/www.jazzzeitung.de\/cms\/wp-content\/uploads\/2024\/08\/Theater-Ystad-2024.-20240804_102403-scaled.jpg?resize=2048%2C1536&amp;ssl=1 2048w, https:\/\/i0.wp.com\/www.jazzzeitung.de\/cms\/wp-content\/uploads\/2024\/08\/Theater-Ystad-2024.-20240804_102403-scaled.jpg?resize=1320%2C990&amp;ssl=1 1320w, https:\/\/i0.wp.com\/www.jazzzeitung.de\/cms\/wp-content\/uploads\/2024\/08\/Theater-Ystad-2024.-20240804_102403-scaled.jpg?w=1680&amp;ssl=1 1680w\" width=\"416\" height=\"312\" loading=\"lazy\" data-original-width=\"416\" data-original-height=\"312\" itemprop=\"http:\/\/schema.org\/image\" title=\"Theater Ystad 2024. 20240804_102403\" alt=\"Theater Ystad 2024. 20240804_102403\" style=\"width: 416px; height: 312px;\" \/> <\/a> <\/div> <\/div> <!-- close group --> <\/div> <!-- close row --> <\/div>\n<p>An Orten wie dem Theater Ystad, einem neoklassizistischen Schmuckst\u00fcck von 1894 mit 460 Pl\u00e4tzen, haben musikalische Momente und ihre Akteure einen besonderen Erlebniswert. Zum Greifen nahe wirkt von vielen Pl\u00e4tzen aus das B\u00fchnengeschehen \u2013 und der Funke springt besonders \u00fcber. Das Festival hat eine Resonanz weit \u00fcber den Ort hinaus, und in der Journalistenriege (die im Theater stets im Orchestergraben Platz findet) h\u00f6rt man neben Schwedisch und Englisch auch auff\u00e4llig viel Deutsch. Die Kombination aus idyllischen Konzert-Orten und Weltstars unterschiedlicher Couleur funktioniert gut. Dar\u00fcber hinaus pr\u00e4sentiert Ystad aber auch Musiker:innen der ganz jungen Szene Schwedens \u2013 und h\u00e4lt nach internationalen jungen Neu-Entdeckungen Ausschau, die dann an Orten wie der mittelalterlichen Klosterkirche zu erleben sind.<\/p>\n<h3>SENSATIONELLE SONG-INTERPRETIN: ALBA AMENGOU<\/h3>\n<p>Etwa ein Trio aus Barcelona: Die S\u00e4ngerin und Trompeterin Alba Amengou und ihr Gitarrist Vicente Lopez lie\u00dfen Lieder aus Spanien und Lateinamerika in zart-melancholischer Sch\u00f6nheit in den Raum schweben \u2013 und ein ums andere Mal faszinierte, wie Alba Amengou ihrem Gesang das Sprechen beibrachte: Jedes Lied wirkte wie eine sanfte, innige Erz\u00e4hlung. Ein leises Highlight \u2013 und das war an einem anderen Tag am selben Ort auch das Gitarrenduo Siqueira Lima, ein uruguayisch-brasilianisches Ehepaar, das Duo-St\u00fccke f\u00fcr klassische Gitarre in einer Bewegtheit spielt wie vor ihnen vielleicht nur das Br\u00fcderduo Sergio und Odair Assad. Kein Mensch wunderte sich, dass dieses Duo auf einem Jazzfestival auftauchte, denn es passte bestens dorthin \u2013 mit einer Unmittelbarkeit des Ausdrucks, wie man ihn genauso beim Jazz sucht. Kabinettst\u00fcck am Ende: \u201eTico Tico\u201c zu zweit auf einer einzigen Gitarre, gespielt sozusagen in Umarmung, damit sich vier H\u00e4nde das Griffbrett und die sechs Saiten teilen k\u00f6nnen.<\/p>\n<p>Einen deutlichen M\u00e4nner-\u00dcberschuss auf der B\u00fchne hatte das Programm diesmal, da bleibt also f\u00fcr die n\u00e4chsten Jahre noch ein bisschen was zum Justieren. Und selbstverst\u00e4ndlich gab es auch Konzerte, \u00fcber die man sehr unterschiedlicher Meinung sein konnte. Im Saal des Hotels Saltj\u00f6bad, ein paar Kilometer au\u00dferhalb Ystads, spielte etwa das \u00f6sterreichische Quartett um den Geiger Johannes Dickbauer: alles hervorragende junge Musiker (Pianist Sebastian Schneider, Schlagzeuger Andr\u00e1s D\u00e9s und Bassist Raphael Preuschl), und die Kompositionen waren au\u00dferordentlich komplex. Aber der Funke sprang vergleichsweise schwach \u00fcber, denn das allzu ambitionierte St\u00fccke-Material wirkte oft wie ein Korsett. Befreiend einfach und effektsicher war dann die Zugabe.<\/p>\n<div class=\"tiled-gallery type-rectangular tiled-gallery-unresized\" data-original-width=\"840\" data-carousel-extra='{&quot;blog_id&quot;:1,&quot;permalink&quot;:&quot;https:\\\/\\\/www.jazzzeitung.de\\\/cms\\\/2024\\\/08\\\/lebendige-vielfalt-beim-jazzfestival-im-suedschwedischen-ystad\\\/&quot;,&quot;likes_blog_id&quot;:55446655}' itemscope itemtype=\"http:\/\/schema.org\/ImageGallery\" > <div class=\"gallery-row\" style=\"width: 840px; height: 177px;\" data-original-width=\"840\" data-original-height=\"177\" > <div class=\"gallery-group images-1\" style=\"width: 236px; height: 177px;\" data-original-width=\"236\" data-original-height=\"177\" > <div class=\"tiled-gallery-item tiled-gallery-item-small\" itemprop=\"associatedMedia\" itemscope itemtype=\"http:\/\/schema.org\/ImageObject\"> <a href=\"https:\/\/www.jazzzeitung.de\/cms\/2024\/08\/lebendige-vielfalt-beim-jazzfestival-im-suedschwedischen-ystad\/glanzlicht-am-spielort-saltjoebad-die-band-des-mundharmonika-spielers-mathias-heise-unter-anderem-mit-schlagzeuger-anton-eger-20240801_131324\/\" border=\"0\" itemprop=\"url\"> <meta itemprop=\"width\" content=\"232\"> <meta itemprop=\"height\" content=\"173\"> <img decoding=\"async\" class=\"\" data-attachment-id=\"31445\" data-orig-file=\"https:\/\/www.jazzzeitung.de\/cms\/wp-content\/uploads\/2024\/08\/Glanzlicht-am-Spielort-Saltjoebad.-Die-Band-des-Mundharmonika-Spielers-Mathias-Heise-unter-anderem-mit-Schlagzeuger-Anton-Eger.-20240801_131324-scaled.jpg\" data-orig-size=\"2560,1920\" data-comments-opened=\"1\" data-image-meta=\"{&quot;aperture&quot;:&quot;1.7&quot;,&quot;credit&quot;:&quot;&quot;,&quot;camera&quot;:&quot;SM-A505FN&quot;,&quot;caption&quot;:&quot;&quot;,&quot;created_timestamp&quot;:&quot;1722518004&quot;,&quot;copyright&quot;:&quot;&quot;,&quot;focal_length&quot;:&quot;3.93&quot;,&quot;iso&quot;:&quot;80&quot;,&quot;shutter_speed&quot;:&quot;0.01&quot;,&quot;title&quot;:&quot;&quot;,&quot;orientation&quot;:&quot;1&quot;}\" data-image-title=\"Glanzlicht am Spielort Saltjo\u0308bad. Die Band des Mundharmonika-Spielers Mathias Heise, unter anderem mit Schlagzeuger Anton Eger. 20240801_131324\" data-image-description=\"\" data-medium-file=\"https:\/\/i0.wp.com\/www.jazzzeitung.de\/cms\/wp-content\/uploads\/2024\/08\/Glanzlicht-am-Spielort-Saltjoebad.-Die-Band-des-Mundharmonika-Spielers-Mathias-Heise-unter-anderem-mit-Schlagzeuger-Anton-Eger.-20240801_131324-scaled.jpg?fit=300%2C225&#038;ssl=1\" data-large-file=\"https:\/\/i0.wp.com\/www.jazzzeitung.de\/cms\/wp-content\/uploads\/2024\/08\/Glanzlicht-am-Spielort-Saltjoebad.-Die-Band-des-Mundharmonika-Spielers-Mathias-Heise-unter-anderem-mit-Schlagzeuger-Anton-Eger.-20240801_131324-scaled.jpg?fit=800%2C600&#038;ssl=1\" src=\"https:\/\/i0.wp.com\/www.jazzzeitung.de\/cms\/wp-content\/uploads\/2024\/08\/Glanzlicht-am-Spielort-Saltjoebad.-Die-Band-des-Mundharmonika-Spielers-Mathias-Heise-unter-anderem-mit-Schlagzeuger-Anton-Eger.-20240801_131324-scaled.jpg?w=232&#038;h=173&#038;ssl=1\" srcset=\"https:\/\/i0.wp.com\/www.jazzzeitung.de\/cms\/wp-content\/uploads\/2024\/08\/Glanzlicht-am-Spielort-Saltjoebad.-Die-Band-des-Mundharmonika-Spielers-Mathias-Heise-unter-anderem-mit-Schlagzeuger-Anton-Eger.-20240801_131324-scaled.jpg?w=2560&amp;ssl=1 2560w, https:\/\/i0.wp.com\/www.jazzzeitung.de\/cms\/wp-content\/uploads\/2024\/08\/Glanzlicht-am-Spielort-Saltjoebad.-Die-Band-des-Mundharmonika-Spielers-Mathias-Heise-unter-anderem-mit-Schlagzeuger-Anton-Eger.-20240801_131324-scaled.jpg?resize=300%2C225&amp;ssl=1 300w, https:\/\/i0.wp.com\/www.jazzzeitung.de\/cms\/wp-content\/uploads\/2024\/08\/Glanzlicht-am-Spielort-Saltjoebad.-Die-Band-des-Mundharmonika-Spielers-Mathias-Heise-unter-anderem-mit-Schlagzeuger-Anton-Eger.-20240801_131324-scaled.jpg?resize=800%2C600&amp;ssl=1 800w, https:\/\/i0.wp.com\/www.jazzzeitung.de\/cms\/wp-content\/uploads\/2024\/08\/Glanzlicht-am-Spielort-Saltjoebad.-Die-Band-des-Mundharmonika-Spielers-Mathias-Heise-unter-anderem-mit-Schlagzeuger-Anton-Eger.-20240801_131324-scaled.jpg?resize=768%2C576&amp;ssl=1 768w, https:\/\/i0.wp.com\/www.jazzzeitung.de\/cms\/wp-content\/uploads\/2024\/08\/Glanzlicht-am-Spielort-Saltjoebad.-Die-Band-des-Mundharmonika-Spielers-Mathias-Heise-unter-anderem-mit-Schlagzeuger-Anton-Eger.-20240801_131324-scaled.jpg?resize=1536%2C1152&amp;ssl=1 1536w, https:\/\/i0.wp.com\/www.jazzzeitung.de\/cms\/wp-content\/uploads\/2024\/08\/Glanzlicht-am-Spielort-Saltjoebad.-Die-Band-des-Mundharmonika-Spielers-Mathias-Heise-unter-anderem-mit-Schlagzeuger-Anton-Eger.-20240801_131324-scaled.jpg?resize=2048%2C1536&amp;ssl=1 2048w, https:\/\/i0.wp.com\/www.jazzzeitung.de\/cms\/wp-content\/uploads\/2024\/08\/Glanzlicht-am-Spielort-Saltjoebad.-Die-Band-des-Mundharmonika-Spielers-Mathias-Heise-unter-anderem-mit-Schlagzeuger-Anton-Eger.-20240801_131324-scaled.jpg?resize=1320%2C990&amp;ssl=1 1320w, https:\/\/i0.wp.com\/www.jazzzeitung.de\/cms\/wp-content\/uploads\/2024\/08\/Glanzlicht-am-Spielort-Saltjoebad.-Die-Band-des-Mundharmonika-Spielers-Mathias-Heise-unter-anderem-mit-Schlagzeuger-Anton-Eger.-20240801_131324-scaled.jpg?w=1680&amp;ssl=1 1680w\" width=\"232\" height=\"173\" loading=\"lazy\" data-original-width=\"232\" data-original-height=\"173\" itemprop=\"http:\/\/schema.org\/image\" title=\"Glanzlicht am Spielort Saltjo\u0308bad. Die Band des Mundharmonika-Spielers Mathias Heise, unter anderem mit Schlagzeuger Anton Eger. 20240801_131324\" alt=\"Glanzlicht am Spielort Saltjo\u0308bad. Die Band des Mundharmonika-Spielers Mathias Heise, unter anderem mit Schlagzeuger Anton Eger. 20240801_131324\" style=\"width: 232px; height: 173px;\" \/> <\/a> <\/div> <\/div> <!-- close group --> <div class=\"gallery-group images-1\" style=\"width: 235px; height: 177px;\" data-original-width=\"235\" data-original-height=\"177\" > <div class=\"tiled-gallery-item tiled-gallery-item-small\" itemprop=\"associatedMedia\" itemscope itemtype=\"http:\/\/schema.org\/ImageObject\"> <a href=\"https:\/\/www.jazzzeitung.de\/cms\/2024\/08\/lebendige-vielfalt-beim-jazzfestival-im-suedschwedischen-ystad\/jazz-unterm-birnbaum-das-trio-circle-mit-saxophonist-magnus-doelerued-bassist-hans-backenroth-und-schlagzeuger-oscar-johansson-werre-open-air-in-ystad-2024-20240802_114740\/\" border=\"0\" itemprop=\"url\"> <meta itemprop=\"width\" content=\"231\"> <meta itemprop=\"height\" content=\"173\"> <img decoding=\"async\" class=\"\" data-attachment-id=\"31446\" data-orig-file=\"https:\/\/www.jazzzeitung.de\/cms\/wp-content\/uploads\/2024\/08\/Jazz-unterm-Birnbaum.-Das-trio-Circle-mit-Saxophonist-Magnus-Doelerued-Bassist-Hans-Backenroth-und-Schlagzeuger-Oscar-Johansson-Werre-open-air-in-Ystad-2024.-20240802_114740-scaled.jpg\" data-orig-size=\"2560,1920\" data-comments-opened=\"1\" data-image-meta=\"{&quot;aperture&quot;:&quot;1.7&quot;,&quot;credit&quot;:&quot;&quot;,&quot;camera&quot;:&quot;SM-A505FN&quot;,&quot;caption&quot;:&quot;&quot;,&quot;created_timestamp&quot;:&quot;1722599260&quot;,&quot;copyright&quot;:&quot;&quot;,&quot;focal_length&quot;:&quot;3.93&quot;,&quot;iso&quot;:&quot;40&quot;,&quot;shutter_speed&quot;:&quot;0.0021786492374728&quot;,&quot;title&quot;:&quot;&quot;,&quot;orientation&quot;:&quot;1&quot;}\" data-image-title=\"Jazz unterm Birnbaum. Das trio Circle mit Saxophonist Magnus Do\u0308leru\u0308d, Bassist Hans Backenroth und Schlagzeuger Oscar Johansson Werre open air in Ystad 2024. 20240802_114740\" data-image-description=\"\" data-medium-file=\"https:\/\/i0.wp.com\/www.jazzzeitung.de\/cms\/wp-content\/uploads\/2024\/08\/Jazz-unterm-Birnbaum.-Das-trio-Circle-mit-Saxophonist-Magnus-Doelerued-Bassist-Hans-Backenroth-und-Schlagzeuger-Oscar-Johansson-Werre-open-air-in-Ystad-2024.-20240802_114740-scaled.jpg?fit=300%2C225&#038;ssl=1\" data-large-file=\"https:\/\/i0.wp.com\/www.jazzzeitung.de\/cms\/wp-content\/uploads\/2024\/08\/Jazz-unterm-Birnbaum.-Das-trio-Circle-mit-Saxophonist-Magnus-Doelerued-Bassist-Hans-Backenroth-und-Schlagzeuger-Oscar-Johansson-Werre-open-air-in-Ystad-2024.-20240802_114740-scaled.jpg?fit=800%2C600&#038;ssl=1\" src=\"https:\/\/i0.wp.com\/www.jazzzeitung.de\/cms\/wp-content\/uploads\/2024\/08\/Jazz-unterm-Birnbaum.-Das-trio-Circle-mit-Saxophonist-Magnus-Doelerued-Bassist-Hans-Backenroth-und-Schlagzeuger-Oscar-Johansson-Werre-open-air-in-Ystad-2024.-20240802_114740-scaled.jpg?w=231&#038;h=173&#038;ssl=1\" srcset=\"https:\/\/i0.wp.com\/www.jazzzeitung.de\/cms\/wp-content\/uploads\/2024\/08\/Jazz-unterm-Birnbaum.-Das-trio-Circle-mit-Saxophonist-Magnus-Doelerued-Bassist-Hans-Backenroth-und-Schlagzeuger-Oscar-Johansson-Werre-open-air-in-Ystad-2024.-20240802_114740-scaled.jpg?w=2560&amp;ssl=1 2560w, https:\/\/i0.wp.com\/www.jazzzeitung.de\/cms\/wp-content\/uploads\/2024\/08\/Jazz-unterm-Birnbaum.-Das-trio-Circle-mit-Saxophonist-Magnus-Doelerued-Bassist-Hans-Backenroth-und-Schlagzeuger-Oscar-Johansson-Werre-open-air-in-Ystad-2024.-20240802_114740-scaled.jpg?resize=300%2C225&amp;ssl=1 300w, https:\/\/i0.wp.com\/www.jazzzeitung.de\/cms\/wp-content\/uploads\/2024\/08\/Jazz-unterm-Birnbaum.-Das-trio-Circle-mit-Saxophonist-Magnus-Doelerued-Bassist-Hans-Backenroth-und-Schlagzeuger-Oscar-Johansson-Werre-open-air-in-Ystad-2024.-20240802_114740-scaled.jpg?resize=800%2C600&amp;ssl=1 800w, https:\/\/i0.wp.com\/www.jazzzeitung.de\/cms\/wp-content\/uploads\/2024\/08\/Jazz-unterm-Birnbaum.-Das-trio-Circle-mit-Saxophonist-Magnus-Doelerued-Bassist-Hans-Backenroth-und-Schlagzeuger-Oscar-Johansson-Werre-open-air-in-Ystad-2024.-20240802_114740-scaled.jpg?resize=768%2C576&amp;ssl=1 768w, https:\/\/i0.wp.com\/www.jazzzeitung.de\/cms\/wp-content\/uploads\/2024\/08\/Jazz-unterm-Birnbaum.-Das-trio-Circle-mit-Saxophonist-Magnus-Doelerued-Bassist-Hans-Backenroth-und-Schlagzeuger-Oscar-Johansson-Werre-open-air-in-Ystad-2024.-20240802_114740-scaled.jpg?resize=1536%2C1152&amp;ssl=1 1536w, https:\/\/i0.wp.com\/www.jazzzeitung.de\/cms\/wp-content\/uploads\/2024\/08\/Jazz-unterm-Birnbaum.-Das-trio-Circle-mit-Saxophonist-Magnus-Doelerued-Bassist-Hans-Backenroth-und-Schlagzeuger-Oscar-Johansson-Werre-open-air-in-Ystad-2024.-20240802_114740-scaled.jpg?resize=2048%2C1536&amp;ssl=1 2048w, https:\/\/i0.wp.com\/www.jazzzeitung.de\/cms\/wp-content\/uploads\/2024\/08\/Jazz-unterm-Birnbaum.-Das-trio-Circle-mit-Saxophonist-Magnus-Doelerued-Bassist-Hans-Backenroth-und-Schlagzeuger-Oscar-Johansson-Werre-open-air-in-Ystad-2024.-20240802_114740-scaled.jpg?resize=1320%2C990&amp;ssl=1 1320w, https:\/\/i0.wp.com\/www.jazzzeitung.de\/cms\/wp-content\/uploads\/2024\/08\/Jazz-unterm-Birnbaum.-Das-trio-Circle-mit-Saxophonist-Magnus-Doelerued-Bassist-Hans-Backenroth-und-Schlagzeuger-Oscar-Johansson-Werre-open-air-in-Ystad-2024.-20240802_114740-scaled.jpg?w=1680&amp;ssl=1 1680w\" width=\"231\" height=\"173\" loading=\"lazy\" data-original-width=\"231\" data-original-height=\"173\" itemprop=\"http:\/\/schema.org\/image\" title=\"Jazz unterm Birnbaum. Das trio Circle mit Saxophonist Magnus Do\u0308leru\u0308d, Bassist Hans Backenroth und Schlagzeuger Oscar Johansson Werre open air in Ystad 2024. 20240802_114740\" alt=\"Jazz unterm Birnbaum. Das trio Circle mit Saxophonist Magnus Do\u0308leru\u0308d, Bassist Hans Backenroth und Schlagzeuger Oscar Johansson Werre open air in Ystad 2024. 20240802_114740\" style=\"width: 231px; height: 173px;\" \/> <\/a> <\/div> <\/div> <!-- close group --> <div class=\"gallery-group images-1\" style=\"width: 134px; height: 177px;\" data-original-width=\"134\" data-original-height=\"177\" > <div class=\"tiled-gallery-item tiled-gallery-item-small\" itemprop=\"associatedMedia\" itemscope itemtype=\"http:\/\/schema.org\/ImageObject\"> <a href=\"https:\/\/www.jazzzeitung.de\/cms\/2024\/08\/lebendige-vielfalt-beim-jazzfestival-im-suedschwedischen-ystad\/pianist-und-festival-programmgestalter-jan-lundgren-bei-einer-pause-am-spielort-schloss-charlottenlund-20240804_152851\/\" border=\"0\" itemprop=\"url\"> <meta itemprop=\"width\" content=\"130\"> <meta itemprop=\"height\" content=\"173\"> <img decoding=\"async\" class=\"\" data-attachment-id=\"31447\" data-orig-file=\"https:\/\/www.jazzzeitung.de\/cms\/wp-content\/uploads\/2024\/08\/Pianist-und-Festival-Programmgestalter-Jan-Lundgren-bei-einer-Pause-am-Spielort-Schloss-Charlottenlund.-20240804_152851-scaled.jpg\" data-orig-size=\"1920,2560\" data-comments-opened=\"1\" data-image-meta=\"{&quot;aperture&quot;:&quot;1.7&quot;,&quot;credit&quot;:&quot;&quot;,&quot;camera&quot;:&quot;SM-A505FN&quot;,&quot;caption&quot;:&quot;&quot;,&quot;created_timestamp&quot;:&quot;1722785331&quot;,&quot;copyright&quot;:&quot;&quot;,&quot;focal_length&quot;:&quot;3.93&quot;,&quot;iso&quot;:&quot;64&quot;,&quot;shutter_speed&quot;:&quot;0.02&quot;,&quot;title&quot;:&quot;&quot;,&quot;orientation&quot;:&quot;1&quot;}\" data-image-title=\"Pianist und Festival-Programmgestalter Jan Lundgren bei einer Pause am Spielort Schloss Charlottenlund. 20240804_152851\" data-image-description=\"\" data-medium-file=\"https:\/\/i0.wp.com\/www.jazzzeitung.de\/cms\/wp-content\/uploads\/2024\/08\/Pianist-und-Festival-Programmgestalter-Jan-Lundgren-bei-einer-Pause-am-Spielort-Schloss-Charlottenlund.-20240804_152851-scaled.jpg?fit=225%2C300&#038;ssl=1\" data-large-file=\"https:\/\/i0.wp.com\/www.jazzzeitung.de\/cms\/wp-content\/uploads\/2024\/08\/Pianist-und-Festival-Programmgestalter-Jan-Lundgren-bei-einer-Pause-am-Spielort-Schloss-Charlottenlund.-20240804_152851-scaled.jpg?fit=450%2C600&#038;ssl=1\" src=\"https:\/\/i0.wp.com\/www.jazzzeitung.de\/cms\/wp-content\/uploads\/2024\/08\/Pianist-und-Festival-Programmgestalter-Jan-Lundgren-bei-einer-Pause-am-Spielort-Schloss-Charlottenlund.-20240804_152851-scaled.jpg?w=130&#038;h=173&#038;ssl=1\" srcset=\"https:\/\/i0.wp.com\/www.jazzzeitung.de\/cms\/wp-content\/uploads\/2024\/08\/Pianist-und-Festival-Programmgestalter-Jan-Lundgren-bei-einer-Pause-am-Spielort-Schloss-Charlottenlund.-20240804_152851-scaled.jpg?w=1920&amp;ssl=1 1920w, https:\/\/i0.wp.com\/www.jazzzeitung.de\/cms\/wp-content\/uploads\/2024\/08\/Pianist-und-Festival-Programmgestalter-Jan-Lundgren-bei-einer-Pause-am-Spielort-Schloss-Charlottenlund.-20240804_152851-scaled.jpg?resize=225%2C300&amp;ssl=1 225w, https:\/\/i0.wp.com\/www.jazzzeitung.de\/cms\/wp-content\/uploads\/2024\/08\/Pianist-und-Festival-Programmgestalter-Jan-Lundgren-bei-einer-Pause-am-Spielort-Schloss-Charlottenlund.-20240804_152851-scaled.jpg?resize=450%2C600&amp;ssl=1 450w, https:\/\/i0.wp.com\/www.jazzzeitung.de\/cms\/wp-content\/uploads\/2024\/08\/Pianist-und-Festival-Programmgestalter-Jan-Lundgren-bei-einer-Pause-am-Spielort-Schloss-Charlottenlund.-20240804_152851-scaled.jpg?resize=768%2C1024&amp;ssl=1 768w, https:\/\/i0.wp.com\/www.jazzzeitung.de\/cms\/wp-content\/uploads\/2024\/08\/Pianist-und-Festival-Programmgestalter-Jan-Lundgren-bei-einer-Pause-am-Spielort-Schloss-Charlottenlund.-20240804_152851-scaled.jpg?resize=1152%2C1536&amp;ssl=1 1152w, https:\/\/i0.wp.com\/www.jazzzeitung.de\/cms\/wp-content\/uploads\/2024\/08\/Pianist-und-Festival-Programmgestalter-Jan-Lundgren-bei-einer-Pause-am-Spielort-Schloss-Charlottenlund.-20240804_152851-scaled.jpg?resize=1536%2C2048&amp;ssl=1 1536w, https:\/\/i0.wp.com\/www.jazzzeitung.de\/cms\/wp-content\/uploads\/2024\/08\/Pianist-und-Festival-Programmgestalter-Jan-Lundgren-bei-einer-Pause-am-Spielort-Schloss-Charlottenlund.-20240804_152851-scaled.jpg?resize=1320%2C1760&amp;ssl=1 1320w, https:\/\/i0.wp.com\/www.jazzzeitung.de\/cms\/wp-content\/uploads\/2024\/08\/Pianist-und-Festival-Programmgestalter-Jan-Lundgren-bei-einer-Pause-am-Spielort-Schloss-Charlottenlund.-20240804_152851-scaled.jpg?w=1680&amp;ssl=1 1680w\" width=\"130\" height=\"173\" loading=\"lazy\" data-original-width=\"130\" data-original-height=\"173\" itemprop=\"http:\/\/schema.org\/image\" title=\"Pianist und Festival-Programmgestalter Jan Lundgren bei einer Pause am Spielort Schloss Charlottenlund. 20240804_152851\" alt=\"Pianist und Festival-Programmgestalter Jan Lundgren bei einer Pause am Spielort Schloss Charlottenlund. 20240804_152851\" style=\"width: 130px; height: 173px;\" \/> <\/a> <\/div> <\/div> <!-- close group --> <div class=\"gallery-group images-1\" style=\"width: 235px; height: 177px;\" data-original-width=\"235\" data-original-height=\"177\" > <div class=\"tiled-gallery-item tiled-gallery-item-small\" itemprop=\"associatedMedia\" itemscope itemtype=\"http:\/\/schema.org\/ImageObject\"> <a href=\"https:\/\/www.jazzzeitung.de\/cms\/2024\/08\/lebendige-vielfalt-beim-jazzfestival-im-suedschwedischen-ystad\/sarah-mckenzie-mit-bassist-geoff-gascoyne-im-theater-ystad-2024-20240803_161522\/\" border=\"0\" itemprop=\"url\"> <meta itemprop=\"width\" content=\"231\"> <meta itemprop=\"height\" content=\"173\"> <img decoding=\"async\" class=\"\" data-attachment-id=\"31448\" data-orig-file=\"https:\/\/www.jazzzeitung.de\/cms\/wp-content\/uploads\/2024\/08\/Sarah-McKenzie-mit-Bassist-Geoff-Gascoyne-im-Theater-Ystad-2024.-20240803_161522-scaled.jpg\" data-orig-size=\"2560,1920\" data-comments-opened=\"1\" data-image-meta=\"{&quot;aperture&quot;:&quot;1.7&quot;,&quot;credit&quot;:&quot;&quot;,&quot;camera&quot;:&quot;SM-A505FN&quot;,&quot;caption&quot;:&quot;&quot;,&quot;created_timestamp&quot;:&quot;1722701723&quot;,&quot;copyright&quot;:&quot;&quot;,&quot;focal_length&quot;:&quot;3.93&quot;,&quot;iso&quot;:&quot;100&quot;,&quot;shutter_speed&quot;:&quot;0.02&quot;,&quot;title&quot;:&quot;&quot;,&quot;orientation&quot;:&quot;1&quot;}\" data-image-title=\"Sarah McKenzie mit Bassist Geoff Gascoyne im Theater Ystad 2024. 20240803_161522\" data-image-description=\"\" data-medium-file=\"https:\/\/i0.wp.com\/www.jazzzeitung.de\/cms\/wp-content\/uploads\/2024\/08\/Sarah-McKenzie-mit-Bassist-Geoff-Gascoyne-im-Theater-Ystad-2024.-20240803_161522-scaled.jpg?fit=300%2C225&#038;ssl=1\" data-large-file=\"https:\/\/i0.wp.com\/www.jazzzeitung.de\/cms\/wp-content\/uploads\/2024\/08\/Sarah-McKenzie-mit-Bassist-Geoff-Gascoyne-im-Theater-Ystad-2024.-20240803_161522-scaled.jpg?fit=800%2C600&#038;ssl=1\" src=\"https:\/\/i0.wp.com\/www.jazzzeitung.de\/cms\/wp-content\/uploads\/2024\/08\/Sarah-McKenzie-mit-Bassist-Geoff-Gascoyne-im-Theater-Ystad-2024.-20240803_161522-scaled.jpg?w=231&#038;h=173&#038;ssl=1\" srcset=\"https:\/\/i0.wp.com\/www.jazzzeitung.de\/cms\/wp-content\/uploads\/2024\/08\/Sarah-McKenzie-mit-Bassist-Geoff-Gascoyne-im-Theater-Ystad-2024.-20240803_161522-scaled.jpg?w=2560&amp;ssl=1 2560w, https:\/\/i0.wp.com\/www.jazzzeitung.de\/cms\/wp-content\/uploads\/2024\/08\/Sarah-McKenzie-mit-Bassist-Geoff-Gascoyne-im-Theater-Ystad-2024.-20240803_161522-scaled.jpg?resize=300%2C225&amp;ssl=1 300w, https:\/\/i0.wp.com\/www.jazzzeitung.de\/cms\/wp-content\/uploads\/2024\/08\/Sarah-McKenzie-mit-Bassist-Geoff-Gascoyne-im-Theater-Ystad-2024.-20240803_161522-scaled.jpg?resize=800%2C600&amp;ssl=1 800w, https:\/\/i0.wp.com\/www.jazzzeitung.de\/cms\/wp-content\/uploads\/2024\/08\/Sarah-McKenzie-mit-Bassist-Geoff-Gascoyne-im-Theater-Ystad-2024.-20240803_161522-scaled.jpg?resize=768%2C576&amp;ssl=1 768w, https:\/\/i0.wp.com\/www.jazzzeitung.de\/cms\/wp-content\/uploads\/2024\/08\/Sarah-McKenzie-mit-Bassist-Geoff-Gascoyne-im-Theater-Ystad-2024.-20240803_161522-scaled.jpg?resize=1536%2C1152&amp;ssl=1 1536w, https:\/\/i0.wp.com\/www.jazzzeitung.de\/cms\/wp-content\/uploads\/2024\/08\/Sarah-McKenzie-mit-Bassist-Geoff-Gascoyne-im-Theater-Ystad-2024.-20240803_161522-scaled.jpg?resize=2048%2C1536&amp;ssl=1 2048w, https:\/\/i0.wp.com\/www.jazzzeitung.de\/cms\/wp-content\/uploads\/2024\/08\/Sarah-McKenzie-mit-Bassist-Geoff-Gascoyne-im-Theater-Ystad-2024.-20240803_161522-scaled.jpg?resize=1320%2C990&amp;ssl=1 1320w, https:\/\/i0.wp.com\/www.jazzzeitung.de\/cms\/wp-content\/uploads\/2024\/08\/Sarah-McKenzie-mit-Bassist-Geoff-Gascoyne-im-Theater-Ystad-2024.-20240803_161522-scaled.jpg?w=1680&amp;ssl=1 1680w\" width=\"231\" height=\"173\" loading=\"lazy\" data-original-width=\"231\" data-original-height=\"173\" itemprop=\"http:\/\/schema.org\/image\" title=\"Sarah McKenzie mit Bassist Geoff Gascoyne im Theater Ystad 2024. 20240803_161522\" alt=\"Sarah McKenzie mit Bassist Geoff Gascoyne im Theater Ystad 2024. 20240803_161522\" style=\"width: 231px; height: 173px;\" \/> <\/a> <\/div> <\/div> <!-- close group --> <\/div> <!-- close row --> <\/div>\n<h3>HOMMAGE AN DEUTSCHE AUTOBAHNEN: \u201eSCHNELLER\u201c<\/h3>\n<p>Am selben Tag wieder im Theater: die australische S\u00e4ngerin, Pianistin und Komponistin Sarah McKenzie. Mit drei besonderen Rampentieren trat sie auf: Gitarrist Ulf Wakenius, Bassist Geoff Gascoyne und Schlagzeuger Sebastiaan de Krom, swingend-bluesige Ober-Routiniers, von denen nicht zuletzt der schwedische Star Ulf Wakenius einige wirkungsvolle Tempo-Exzesse beisteuerte. McKenzie ging singend und klavierspielend durch sehr unterschiedliche Welten, von der Paris-Hommage \u00fcber diverse Brasilien-An leihen bis hin zur selbstkomponierten Huldigung an deutsche Autobahnen (Titel, auch im Original auf Deutsch: \u201eSchneller\u201c). Nicht alles war da geschmackssicher, vor allem einige Schlussfiguren in fern\u00f6stlich anmutender Pentatonik, die nirgends wirklich passten, und in der Mitte des Programms stand eine rekordverd\u00e4chtig kitschige Interpretation des Bossa-Nova-Klassikers \u201eThe Girl from Ipanema\u201c. Das Publikum feierte die Musikerin mit standing ovations.<\/p>\n<h3>EINNERUNG AN DEN SCHWEDISCHEN PIANISTEN ESBJ\u00d6RN SVENSSON<\/h3>\n<p>Besonders ans Herz ging vielen Besucher:innen ein Konzert, das dem 2008 t\u00f6dlich verungl\u00fcckten schwedischen Pianisten Esbj\u00f6rn Svensson gewidmet war. Sein einst gefeiertes Trio E.S.T. w\u00e4re vor kurzem drei\u00dfig Jahre alt geworden, und die beiden einstigen Mitstreiter Magnus \u00d6str\u00f6m (Schlagzeug) und Dan Berglund (Bass) feierten in Ystad den Anlass mit dem Programm \u201eE.S.T. 30\u201c. Sie hatten einige G\u00e4ste, wie etwa den Gitarristen Ulf Wakenius, den Trompeter Verneri Pohjola und den Saxophonisten und Klarinettisten Fredrik Ljungkvist, und den Klavierschemel hatten sie gegen den Strich besetzt mit Joel Lyssarides, der ganz anders spielt als einst Esbj\u00f6rn Svensson selbst. Kompositionen wie \u201eSeven Days of Falling\u201c, \u201eElevation of Love\u201c und \u201eWhen God Created the Coffeebreak\u201c zeigten auch hier ihre lakonisch-funkelnde und bewegende Sch\u00f6nheit: St\u00fccke mit einem gro\u00dfen, ganz eigenen Zauber. Aber dennoch ging die Hommage an vielen Stellen nicht auf, die Klarinette Fredrik Ljungkvists passte \u00fcberhaupt nicht zu einem St\u00fcck wie \u201eTuesday Wonderland\u201c, und Manches, etwa \u201eGood morning Susie Soho\u201c wirkte ungelenk und lie\u00df die kompakte Stilsicherheit der Originale vermissen. Jedoch: Svenssons Wegbegleiter Magnus \u00d6str\u00f6m in seinen Ansagen Anekdoten aus den gemeinsamen Zeiten mit dem von vielen vermissten Pianisten erz\u00e4hlen zu h\u00f6ren, wiegt jeden unausgegorenen Moment wieder auf. Es war allen Einw\u00e4nden zum Trotz ein Konzert, das man auf keinen Fall vers\u00e4umen durfte. Das ganze Festival hatte so manchen Augenblick zu bieten, den man so schnell nicht mehr vergisst \u2013 und das an Orten von besonderem, immer wieder anziehenden Charme.<\/p>\n<p>Text und Fotos: Roland Spiegel<\/p>\n<p>Das Beitragsbild zeigt das Quartett \u201eSissoko S\u00e9gal Parisien Peirani\u201c<\/p>\n","protected":false},"excerpt":{"rendered":"<p>Wenn die Saiten tanzen lernen und die Stimme spricht \u2013 Festival mit Alba Amengou, Billy Cobham, Yamandu Costa und anderen Erst am letzten Tag kamen Regeng\u00fcsse. Davor: strahlende Sonne &#8211; und ein paar hundert Meter vom Hauptveranstaltungsort entfernt ein silbrig glitzerndes, ruhiges Meer. Die s\u00fcdschwedische Hafenstadt Ystad kann deutlich heiterer sein als in den Geschichten und Filmen um Henning Mankells Roman-Ermittler Kurt Wallander. Und diesmal dr\u00e4ngte sich der Eindruck auf: Besonders beim Jazzfestival ist die Stimmung fr\u00f6hlich und sonnig. Selbst wenn es ausgerechnet beim Open-air-Konzert am letzten Nachmittag eine Zeitlang wie aus Eimern gie\u00dft. Zum 15. Mal gab es jetzt das \u201eYstad Sweden Jazz Festival\u201c, dessen Programm jedes Jahr der weltweit bekannte Pianist Jan Lundgren zusammenstellt, der an diesem sch\u00f6nen Flecken Schwedens wohnt. Zur Feier von anderthalb Jahrzehnten erfolgreichen Bestehens dauerte das Festival f\u00fcnf Tage \u2013 und brachte v\u00f6llig unterschiedliche Klangfarben auf die B\u00fchne. Einige Konzerte stachen besonders heraus. DER MANN MIT DEM SCHWARZEN RIESENSCHLAGZEUG Eines davon war eine Power-Demonstration mit musikalischer \u00dcberraschungs-Frische. Der vor Anfang des Jahres 80 gewordene und im Juli in Stuttgart mit der mit 15.000 Euro dotierten German Jazz Trophy ausgezeichnete &hellip;<\/p>\n","protected":false},"author":18,"featured_media":31436,"comment_status":"open","ping_status":"closed","sticky":false,"template":"","format":"standard","meta":{"_jetpack_memberships_contains_paid_content":false,"footnotes":"","jetpack_publicize_message":"","jetpack_publicize_feature_enabled":true,"jetpack_social_post_already_shared":true,"jetpack_social_options":{"image_generator_settings":{"template":"highway","default_image_id":0,"font":"","enabled":false},"version":2}},"categories":[1053],"tags":[5453,76,169,5447,5448,5451,5081,5449,5452,3127,5038,5450],"coauthors":[695],"class_list":["post-31433","post","type-post","status-publish","format-standard","has-post-thumbnail","hentry","category-bericht","tag-andras-des","tag-billy-cobham","tag-esbjoern-svensson","tag-fredrik-ljungkvist","tag-joel-lyssarides","tag-johannes-dickbauer","tag-raphael-preuschl","tag-sarah-mckenzie","tag-sebastian-schneider","tag-ulf-wakenius","tag-verneri-pohjola","tag-ystad-festival"],"yoast_head":"<!-- This site is optimized with the Yoast SEO plugin v27.5 - https:\/\/yoast.com\/product\/yoast-seo-wordpress\/ -->\n<title>Lebendige Vielfalt beim Jazzfestival im s\u00fcdschwedischen Ystad - JazzZeitung<\/title>\n<meta name=\"robots\" content=\"index, follow, max-snippet:-1, max-image-preview:large, max-video-preview:-1\" \/>\n<link rel=\"canonical\" href=\"https:\/\/www.jazzzeitung.de\/cms\/2024\/08\/lebendige-vielfalt-beim-jazzfestival-im-suedschwedischen-ystad\/\" \/>\n<meta property=\"og:locale\" content=\"de_DE\" \/>\n<meta property=\"og:type\" content=\"article\" \/>\n<meta property=\"og:title\" content=\"Lebendige Vielfalt beim Jazzfestival im s\u00fcdschwedischen Ystad - JazzZeitung\" \/>\n<meta property=\"og:description\" content=\"Wenn die Saiten tanzen lernen und die Stimme spricht \u2013 Festival mit Alba Amengou, Billy Cobham, Yamandu Costa und anderen Erst am letzten Tag kamen Regeng\u00fcsse. Davor: strahlende Sonne &#8211; und ein paar hundert Meter vom Hauptveranstaltungsort entfernt ein silbrig glitzerndes, ruhiges Meer. Die s\u00fcdschwedische Hafenstadt Ystad kann deutlich heiterer sein als in den Geschichten und Filmen um Henning Mankells Roman-Ermittler Kurt Wallander. Und diesmal dr\u00e4ngte sich der Eindruck auf: Besonders beim Jazzfestival ist die Stimmung fr\u00f6hlich und sonnig. Selbst wenn es ausgerechnet beim Open-air-Konzert am letzten Nachmittag eine Zeitlang wie aus Eimern gie\u00dft. Zum 15. Mal gab es jetzt das \u201eYstad Sweden Jazz Festival\u201c, dessen Programm jedes Jahr der weltweit bekannte Pianist Jan Lundgren zusammenstellt, der an diesem sch\u00f6nen Flecken Schwedens wohnt. Zur Feier von anderthalb Jahrzehnten erfolgreichen Bestehens dauerte das Festival f\u00fcnf Tage \u2013 und brachte v\u00f6llig unterschiedliche Klangfarben auf die B\u00fchne. Einige Konzerte stachen besonders heraus. DER MANN MIT DEM SCHWARZEN RIESENSCHLAGZEUG Eines davon war eine Power-Demonstration mit musikalischer \u00dcberraschungs-Frische. Der vor Anfang des Jahres 80 gewordene und im Juli in Stuttgart mit der mit 15.000 Euro dotierten German Jazz Trophy ausgezeichnete &hellip;\" \/>\n<meta property=\"og:url\" content=\"https:\/\/www.jazzzeitung.de\/cms\/2024\/08\/lebendige-vielfalt-beim-jazzfestival-im-suedschwedischen-ystad\/\" \/>\n<meta property=\"og:site_name\" content=\"JazzZeitung\" \/>\n<meta property=\"article:publisher\" content=\"https:\/\/www.facebook.com\/JazzZeitung\/\" \/>\n<meta property=\"article:published_time\" content=\"2024-08-07T05:46:21+00:00\" \/>\n<meta property=\"og:image\" content=\"https:\/\/i0.wp.com\/www.jazzzeitung.de\/cms\/wp-content\/uploads\/2024\/08\/Vincent-Peirani-Ballake-Sissoko-Vincent-Segal-und-Emile-Parisien-im-Theater-Ystad.-20240801_210600-1-scaled.jpg?fit=2560%2C1920&ssl=1\" \/>\n\t<meta property=\"og:image:width\" content=\"2560\" \/>\n\t<meta property=\"og:image:height\" content=\"1920\" \/>\n\t<meta property=\"og:image:type\" content=\"image\/jpeg\" \/>\n<meta name=\"author\" content=\"Redaktion JazzZeitung\" \/>\n<script type=\"application\/ld+json\" class=\"yoast-schema-graph\">{\"@context\":\"https:\\\/\\\/schema.org\",\"@graph\":[{\"@type\":\"Article\",\"@id\":\"https:\\\/\\\/www.jazzzeitung.de\\\/cms\\\/2024\\\/08\\\/lebendige-vielfalt-beim-jazzfestival-im-suedschwedischen-ystad\\\/#article\",\"isPartOf\":{\"@id\":\"https:\\\/\\\/www.jazzzeitung.de\\\/cms\\\/2024\\\/08\\\/lebendige-vielfalt-beim-jazzfestival-im-suedschwedischen-ystad\\\/\"},\"author\":{\"name\":\"Redaktion JazzZeitung\",\"@id\":\"https:\\\/\\\/www.jazzzeitung.de\\\/cms\\\/#\\\/schema\\\/person\\\/2245b36b9cd1d24cea10f01c031fb92b\"},\"headline\":\"Lebendige Vielfalt beim Jazzfestival im s\u00fcdschwedischen Ystad\",\"datePublished\":\"2024-08-07T05:46:21+00:00\",\"mainEntityOfPage\":{\"@id\":\"https:\\\/\\\/www.jazzzeitung.de\\\/cms\\\/2024\\\/08\\\/lebendige-vielfalt-beim-jazzfestival-im-suedschwedischen-ystad\\\/\"},\"wordCount\":1524,\"commentCount\":0,\"publisher\":{\"@id\":\"https:\\\/\\\/www.jazzzeitung.de\\\/cms\\\/#organization\"},\"image\":{\"@id\":\"https:\\\/\\\/www.jazzzeitung.de\\\/cms\\\/2024\\\/08\\\/lebendige-vielfalt-beim-jazzfestival-im-suedschwedischen-ystad\\\/#primaryimage\"},\"thumbnailUrl\":\"https:\\\/\\\/i0.wp.com\\\/www.jazzzeitung.de\\\/cms\\\/wp-content\\\/uploads\\\/2024\\\/08\\\/Vincent-Peirani-Ballake-Sissoko-Vincent-Segal-und-Emile-Parisien-im-Theater-Ystad.-20240801_210600-1-scaled.jpg?fit=2560%2C1920&ssl=1\",\"keywords\":[\"Andr\u00e1s D\u00e9s\",\"Billy Cobham\",\"Esbj\u00f6rn Svensson\",\"Fredrik Ljungkvist\",\"Joel Lyssarides\",\"Johannes Dickbauer\",\"Raphael Preuschl\",\"Sarah McKenzie\",\"Sebastian Schneider\",\"Ulf Wakenius\",\"Verneri Pohjola\",\"Ystad Festival\"],\"articleSection\":[\"Bericht\"],\"inLanguage\":\"de\",\"potentialAction\":[{\"@type\":\"CommentAction\",\"name\":\"Comment\",\"target\":[\"https:\\\/\\\/www.jazzzeitung.de\\\/cms\\\/2024\\\/08\\\/lebendige-vielfalt-beim-jazzfestival-im-suedschwedischen-ystad\\\/#respond\"]}]},{\"@type\":\"WebPage\",\"@id\":\"https:\\\/\\\/www.jazzzeitung.de\\\/cms\\\/2024\\\/08\\\/lebendige-vielfalt-beim-jazzfestival-im-suedschwedischen-ystad\\\/\",\"url\":\"https:\\\/\\\/www.jazzzeitung.de\\\/cms\\\/2024\\\/08\\\/lebendige-vielfalt-beim-jazzfestival-im-suedschwedischen-ystad\\\/\",\"name\":\"Lebendige Vielfalt beim Jazzfestival im s\u00fcdschwedischen Ystad - JazzZeitung\",\"isPartOf\":{\"@id\":\"https:\\\/\\\/www.jazzzeitung.de\\\/cms\\\/#website\"},\"primaryImageOfPage\":{\"@id\":\"https:\\\/\\\/www.jazzzeitung.de\\\/cms\\\/2024\\\/08\\\/lebendige-vielfalt-beim-jazzfestival-im-suedschwedischen-ystad\\\/#primaryimage\"},\"image\":{\"@id\":\"https:\\\/\\\/www.jazzzeitung.de\\\/cms\\\/2024\\\/08\\\/lebendige-vielfalt-beim-jazzfestival-im-suedschwedischen-ystad\\\/#primaryimage\"},\"thumbnailUrl\":\"https:\\\/\\\/i0.wp.com\\\/www.jazzzeitung.de\\\/cms\\\/wp-content\\\/uploads\\\/2024\\\/08\\\/Vincent-Peirani-Ballake-Sissoko-Vincent-Segal-und-Emile-Parisien-im-Theater-Ystad.-20240801_210600-1-scaled.jpg?fit=2560%2C1920&ssl=1\",\"datePublished\":\"2024-08-07T05:46:21+00:00\",\"breadcrumb\":{\"@id\":\"https:\\\/\\\/www.jazzzeitung.de\\\/cms\\\/2024\\\/08\\\/lebendige-vielfalt-beim-jazzfestival-im-suedschwedischen-ystad\\\/#breadcrumb\"},\"inLanguage\":\"de\",\"potentialAction\":[{\"@type\":\"ReadAction\",\"target\":[\"https:\\\/\\\/www.jazzzeitung.de\\\/cms\\\/2024\\\/08\\\/lebendige-vielfalt-beim-jazzfestival-im-suedschwedischen-ystad\\\/\"]}]},{\"@type\":\"ImageObject\",\"inLanguage\":\"de\",\"@id\":\"https:\\\/\\\/www.jazzzeitung.de\\\/cms\\\/2024\\\/08\\\/lebendige-vielfalt-beim-jazzfestival-im-suedschwedischen-ystad\\\/#primaryimage\",\"url\":\"https:\\\/\\\/i0.wp.com\\\/www.jazzzeitung.de\\\/cms\\\/wp-content\\\/uploads\\\/2024\\\/08\\\/Vincent-Peirani-Ballake-Sissoko-Vincent-Segal-und-Emile-Parisien-im-Theater-Ystad.-20240801_210600-1-scaled.jpg?fit=2560%2C1920&ssl=1\",\"contentUrl\":\"https:\\\/\\\/i0.wp.com\\\/www.jazzzeitung.de\\\/cms\\\/wp-content\\\/uploads\\\/2024\\\/08\\\/Vincent-Peirani-Ballake-Sissoko-Vincent-Segal-und-Emile-Parisien-im-Theater-Ystad.-20240801_210600-1-scaled.jpg?fit=2560%2C1920&ssl=1\",\"width\":2560,\"height\":1920},{\"@type\":\"BreadcrumbList\",\"@id\":\"https:\\\/\\\/www.jazzzeitung.de\\\/cms\\\/2024\\\/08\\\/lebendige-vielfalt-beim-jazzfestival-im-suedschwedischen-ystad\\\/#breadcrumb\",\"itemListElement\":[{\"@type\":\"ListItem\",\"position\":1,\"name\":\"Startseite\",\"item\":\"https:\\\/\\\/www.jazzzeitung.de\\\/cms\\\/\"},{\"@type\":\"ListItem\",\"position\":2,\"name\":\"Lebendige Vielfalt beim Jazzfestival im s\u00fcdschwedischen Ystad\"}]},{\"@type\":\"WebSite\",\"@id\":\"https:\\\/\\\/www.jazzzeitung.de\\\/cms\\\/#website\",\"url\":\"https:\\\/\\\/www.jazzzeitung.de\\\/cms\\\/\",\"name\":\"JazzZeitung\",\"description\":\"Jazz-News und Jazz-Kontroverses\",\"publisher\":{\"@id\":\"https:\\\/\\\/www.jazzzeitung.de\\\/cms\\\/#organization\"},\"potentialAction\":[{\"@type\":\"SearchAction\",\"target\":{\"@type\":\"EntryPoint\",\"urlTemplate\":\"https:\\\/\\\/www.jazzzeitung.de\\\/cms\\\/?s={search_term_string}\"},\"query-input\":{\"@type\":\"PropertyValueSpecification\",\"valueRequired\":true,\"valueName\":\"search_term_string\"}}],\"inLanguage\":\"de\"},{\"@type\":\"Organization\",\"@id\":\"https:\\\/\\\/www.jazzzeitung.de\\\/cms\\\/#organization\",\"name\":\"JazzZeitung online\",\"url\":\"https:\\\/\\\/www.jazzzeitung.de\\\/cms\\\/\",\"logo\":{\"@type\":\"ImageObject\",\"inLanguage\":\"de\",\"@id\":\"https:\\\/\\\/www.jazzzeitung.de\\\/cms\\\/#\\\/schema\\\/logo\\\/image\\\/\",\"url\":\"https:\\\/\\\/i0.wp.com\\\/www.jazzzeitung.de\\\/cms\\\/wp-content\\\/uploads\\\/2015\\\/08\\\/JAZZZEITUNGDE_Logo_Neu.png?fit=499%2C200&ssl=1\",\"contentUrl\":\"https:\\\/\\\/i0.wp.com\\\/www.jazzzeitung.de\\\/cms\\\/wp-content\\\/uploads\\\/2015\\\/08\\\/JAZZZEITUNGDE_Logo_Neu.png?fit=499%2C200&ssl=1\",\"width\":499,\"height\":200,\"caption\":\"JazzZeitung online\"},\"image\":{\"@id\":\"https:\\\/\\\/www.jazzzeitung.de\\\/cms\\\/#\\\/schema\\\/logo\\\/image\\\/\"},\"sameAs\":[\"https:\\\/\\\/www.facebook.com\\\/JazzZeitung\\\/\"]},{\"@type\":\"Person\",\"@id\":\"https:\\\/\\\/www.jazzzeitung.de\\\/cms\\\/#\\\/schema\\\/person\\\/2245b36b9cd1d24cea10f01c031fb92b\",\"name\":\"Redaktion JazzZeitung\",\"image\":{\"@type\":\"ImageObject\",\"inLanguage\":\"de\",\"@id\":\"https:\\\/\\\/i0.wp.com\\\/www.jazzzeitung.de\\\/cms\\\/wp-content\\\/uploads\\\/2015\\\/08\\\/JAZZZEITUNGDE_Logo_Neu.png?resize=96%2C96&ssl=159975dcacb611b5700bd619b5daf0a7a\",\"url\":\"https:\\\/\\\/i0.wp.com\\\/www.jazzzeitung.de\\\/cms\\\/wp-content\\\/uploads\\\/2015\\\/08\\\/JAZZZEITUNGDE_Logo_Neu.png?resize=96%2C96&ssl=1\",\"contentUrl\":\"https:\\\/\\\/i0.wp.com\\\/www.jazzzeitung.de\\\/cms\\\/wp-content\\\/uploads\\\/2015\\\/08\\\/JAZZZEITUNGDE_Logo_Neu.png?resize=96%2C96&ssl=1\",\"caption\":\"Redaktion JazzZeitung\"},\"description\":\"Artikel der Redaktion der JazzZeitung.\",\"sameAs\":[\"http:\\\/\\\/www.jazzzeitung.de\\\/cms\\\/\"],\"url\":\"https:\\\/\\\/www.jazzzeitung.de\\\/cms\\\/author\\\/redaktion\\\/\"}]}<\/script>\n<!-- \/ Yoast SEO plugin. -->","yoast_head_json":{"title":"Lebendige Vielfalt beim Jazzfestival im s\u00fcdschwedischen Ystad - JazzZeitung","robots":{"index":"index","follow":"follow","max-snippet":"max-snippet:-1","max-image-preview":"max-image-preview:large","max-video-preview":"max-video-preview:-1"},"canonical":"https:\/\/www.jazzzeitung.de\/cms\/2024\/08\/lebendige-vielfalt-beim-jazzfestival-im-suedschwedischen-ystad\/","og_locale":"de_DE","og_type":"article","og_title":"Lebendige Vielfalt beim Jazzfestival im s\u00fcdschwedischen Ystad - JazzZeitung","og_description":"Wenn die Saiten tanzen lernen und die Stimme spricht \u2013 Festival mit Alba Amengou, Billy Cobham, Yamandu Costa und anderen Erst am letzten Tag kamen Regeng\u00fcsse. Davor: strahlende Sonne &#8211; und ein paar hundert Meter vom Hauptveranstaltungsort entfernt ein silbrig glitzerndes, ruhiges Meer. Die s\u00fcdschwedische Hafenstadt Ystad kann deutlich heiterer sein als in den Geschichten und Filmen um Henning Mankells Roman-Ermittler Kurt Wallander. Und diesmal dr\u00e4ngte sich der Eindruck auf: Besonders beim Jazzfestival ist die Stimmung fr\u00f6hlich und sonnig. Selbst wenn es ausgerechnet beim Open-air-Konzert am letzten Nachmittag eine Zeitlang wie aus Eimern gie\u00dft. Zum 15. Mal gab es jetzt das \u201eYstad Sweden Jazz Festival\u201c, dessen Programm jedes Jahr der weltweit bekannte Pianist Jan Lundgren zusammenstellt, der an diesem sch\u00f6nen Flecken Schwedens wohnt. Zur Feier von anderthalb Jahrzehnten erfolgreichen Bestehens dauerte das Festival f\u00fcnf Tage \u2013 und brachte v\u00f6llig unterschiedliche Klangfarben auf die B\u00fchne. Einige Konzerte stachen besonders heraus. DER MANN MIT DEM SCHWARZEN RIESENSCHLAGZEUG Eines davon war eine Power-Demonstration mit musikalischer \u00dcberraschungs-Frische. Der vor Anfang des Jahres 80 gewordene und im Juli in Stuttgart mit der mit 15.000 Euro dotierten German Jazz Trophy ausgezeichnete &hellip;","og_url":"https:\/\/www.jazzzeitung.de\/cms\/2024\/08\/lebendige-vielfalt-beim-jazzfestival-im-suedschwedischen-ystad\/","og_site_name":"JazzZeitung","article_publisher":"https:\/\/www.facebook.com\/JazzZeitung\/","article_published_time":"2024-08-07T05:46:21+00:00","og_image":[{"width":2560,"height":1920,"url":"https:\/\/i0.wp.com\/www.jazzzeitung.de\/cms\/wp-content\/uploads\/2024\/08\/Vincent-Peirani-Ballake-Sissoko-Vincent-Segal-und-Emile-Parisien-im-Theater-Ystad.-20240801_210600-1-scaled.jpg?fit=2560%2C1920&ssl=1","type":"image\/jpeg"}],"author":"Redaktion JazzZeitung","schema":{"@context":"https:\/\/schema.org","@graph":[{"@type":"Article","@id":"https:\/\/www.jazzzeitung.de\/cms\/2024\/08\/lebendige-vielfalt-beim-jazzfestival-im-suedschwedischen-ystad\/#article","isPartOf":{"@id":"https:\/\/www.jazzzeitung.de\/cms\/2024\/08\/lebendige-vielfalt-beim-jazzfestival-im-suedschwedischen-ystad\/"},"author":{"name":"Redaktion JazzZeitung","@id":"https:\/\/www.jazzzeitung.de\/cms\/#\/schema\/person\/2245b36b9cd1d24cea10f01c031fb92b"},"headline":"Lebendige Vielfalt beim Jazzfestival im s\u00fcdschwedischen Ystad","datePublished":"2024-08-07T05:46:21+00:00","mainEntityOfPage":{"@id":"https:\/\/www.jazzzeitung.de\/cms\/2024\/08\/lebendige-vielfalt-beim-jazzfestival-im-suedschwedischen-ystad\/"},"wordCount":1524,"commentCount":0,"publisher":{"@id":"https:\/\/www.jazzzeitung.de\/cms\/#organization"},"image":{"@id":"https:\/\/www.jazzzeitung.de\/cms\/2024\/08\/lebendige-vielfalt-beim-jazzfestival-im-suedschwedischen-ystad\/#primaryimage"},"thumbnailUrl":"https:\/\/i0.wp.com\/www.jazzzeitung.de\/cms\/wp-content\/uploads\/2024\/08\/Vincent-Peirani-Ballake-Sissoko-Vincent-Segal-und-Emile-Parisien-im-Theater-Ystad.-20240801_210600-1-scaled.jpg?fit=2560%2C1920&ssl=1","keywords":["Andr\u00e1s D\u00e9s","Billy Cobham","Esbj\u00f6rn Svensson","Fredrik Ljungkvist","Joel Lyssarides","Johannes Dickbauer","Raphael Preuschl","Sarah McKenzie","Sebastian Schneider","Ulf Wakenius","Verneri Pohjola","Ystad Festival"],"articleSection":["Bericht"],"inLanguage":"de","potentialAction":[{"@type":"CommentAction","name":"Comment","target":["https:\/\/www.jazzzeitung.de\/cms\/2024\/08\/lebendige-vielfalt-beim-jazzfestival-im-suedschwedischen-ystad\/#respond"]}]},{"@type":"WebPage","@id":"https:\/\/www.jazzzeitung.de\/cms\/2024\/08\/lebendige-vielfalt-beim-jazzfestival-im-suedschwedischen-ystad\/","url":"https:\/\/www.jazzzeitung.de\/cms\/2024\/08\/lebendige-vielfalt-beim-jazzfestival-im-suedschwedischen-ystad\/","name":"Lebendige Vielfalt beim Jazzfestival im s\u00fcdschwedischen Ystad - JazzZeitung","isPartOf":{"@id":"https:\/\/www.jazzzeitung.de\/cms\/#website"},"primaryImageOfPage":{"@id":"https:\/\/www.jazzzeitung.de\/cms\/2024\/08\/lebendige-vielfalt-beim-jazzfestival-im-suedschwedischen-ystad\/#primaryimage"},"image":{"@id":"https:\/\/www.jazzzeitung.de\/cms\/2024\/08\/lebendige-vielfalt-beim-jazzfestival-im-suedschwedischen-ystad\/#primaryimage"},"thumbnailUrl":"https:\/\/i0.wp.com\/www.jazzzeitung.de\/cms\/wp-content\/uploads\/2024\/08\/Vincent-Peirani-Ballake-Sissoko-Vincent-Segal-und-Emile-Parisien-im-Theater-Ystad.-20240801_210600-1-scaled.jpg?fit=2560%2C1920&ssl=1","datePublished":"2024-08-07T05:46:21+00:00","breadcrumb":{"@id":"https:\/\/www.jazzzeitung.de\/cms\/2024\/08\/lebendige-vielfalt-beim-jazzfestival-im-suedschwedischen-ystad\/#breadcrumb"},"inLanguage":"de","potentialAction":[{"@type":"ReadAction","target":["https:\/\/www.jazzzeitung.de\/cms\/2024\/08\/lebendige-vielfalt-beim-jazzfestival-im-suedschwedischen-ystad\/"]}]},{"@type":"ImageObject","inLanguage":"de","@id":"https:\/\/www.jazzzeitung.de\/cms\/2024\/08\/lebendige-vielfalt-beim-jazzfestival-im-suedschwedischen-ystad\/#primaryimage","url":"https:\/\/i0.wp.com\/www.jazzzeitung.de\/cms\/wp-content\/uploads\/2024\/08\/Vincent-Peirani-Ballake-Sissoko-Vincent-Segal-und-Emile-Parisien-im-Theater-Ystad.-20240801_210600-1-scaled.jpg?fit=2560%2C1920&ssl=1","contentUrl":"https:\/\/i0.wp.com\/www.jazzzeitung.de\/cms\/wp-content\/uploads\/2024\/08\/Vincent-Peirani-Ballake-Sissoko-Vincent-Segal-und-Emile-Parisien-im-Theater-Ystad.-20240801_210600-1-scaled.jpg?fit=2560%2C1920&ssl=1","width":2560,"height":1920},{"@type":"BreadcrumbList","@id":"https:\/\/www.jazzzeitung.de\/cms\/2024\/08\/lebendige-vielfalt-beim-jazzfestival-im-suedschwedischen-ystad\/#breadcrumb","itemListElement":[{"@type":"ListItem","position":1,"name":"Startseite","item":"https:\/\/www.jazzzeitung.de\/cms\/"},{"@type":"ListItem","position":2,"name":"Lebendige Vielfalt beim Jazzfestival im s\u00fcdschwedischen Ystad"}]},{"@type":"WebSite","@id":"https:\/\/www.jazzzeitung.de\/cms\/#website","url":"https:\/\/www.jazzzeitung.de\/cms\/","name":"JazzZeitung","description":"Jazz-News und Jazz-Kontroverses","publisher":{"@id":"https:\/\/www.jazzzeitung.de\/cms\/#organization"},"potentialAction":[{"@type":"SearchAction","target":{"@type":"EntryPoint","urlTemplate":"https:\/\/www.jazzzeitung.de\/cms\/?s={search_term_string}"},"query-input":{"@type":"PropertyValueSpecification","valueRequired":true,"valueName":"search_term_string"}}],"inLanguage":"de"},{"@type":"Organization","@id":"https:\/\/www.jazzzeitung.de\/cms\/#organization","name":"JazzZeitung online","url":"https:\/\/www.jazzzeitung.de\/cms\/","logo":{"@type":"ImageObject","inLanguage":"de","@id":"https:\/\/www.jazzzeitung.de\/cms\/#\/schema\/logo\/image\/","url":"https:\/\/i0.wp.com\/www.jazzzeitung.de\/cms\/wp-content\/uploads\/2015\/08\/JAZZZEITUNGDE_Logo_Neu.png?fit=499%2C200&ssl=1","contentUrl":"https:\/\/i0.wp.com\/www.jazzzeitung.de\/cms\/wp-content\/uploads\/2015\/08\/JAZZZEITUNGDE_Logo_Neu.png?fit=499%2C200&ssl=1","width":499,"height":200,"caption":"JazzZeitung online"},"image":{"@id":"https:\/\/www.jazzzeitung.de\/cms\/#\/schema\/logo\/image\/"},"sameAs":["https:\/\/www.facebook.com\/JazzZeitung\/"]},{"@type":"Person","@id":"https:\/\/www.jazzzeitung.de\/cms\/#\/schema\/person\/2245b36b9cd1d24cea10f01c031fb92b","name":"Redaktion JazzZeitung","image":{"@type":"ImageObject","inLanguage":"de","@id":"https:\/\/i0.wp.com\/www.jazzzeitung.de\/cms\/wp-content\/uploads\/2015\/08\/JAZZZEITUNGDE_Logo_Neu.png?resize=96%2C96&ssl=159975dcacb611b5700bd619b5daf0a7a","url":"https:\/\/i0.wp.com\/www.jazzzeitung.de\/cms\/wp-content\/uploads\/2015\/08\/JAZZZEITUNGDE_Logo_Neu.png?resize=96%2C96&ssl=1","contentUrl":"https:\/\/i0.wp.com\/www.jazzzeitung.de\/cms\/wp-content\/uploads\/2015\/08\/JAZZZEITUNGDE_Logo_Neu.png?resize=96%2C96&ssl=1","caption":"Redaktion JazzZeitung"},"description":"Artikel der Redaktion der JazzZeitung.","sameAs":["http:\/\/www.jazzzeitung.de\/cms\/"],"url":"https:\/\/www.jazzzeitung.de\/cms\/author\/redaktion\/"}]}},"wp-worthy-pixel":{"ignored":false,"public":null,"server":null,"url":null},"wp-worthy-type":"normal","jetpack_publicize_connections":[],"cc_featured_image_caption":{"caption_text":"","source_text":"","source_url":""},"jetpack_featured_media_url":"https:\/\/i0.wp.com\/www.jazzzeitung.de\/cms\/wp-content\/uploads\/2024\/08\/Vincent-Peirani-Ballake-Sissoko-Vincent-Segal-und-Emile-Parisien-im-Theater-Ystad.-20240801_210600-1-scaled.jpg?fit=2560%2C1920&ssl=1","jetpack_shortlink":"https:\/\/wp.me\/p3KEcT-8aZ","jetpack-related-posts":[{"id":16925,"url":"https:\/\/www.jazzzeitung.de\/cms\/2018\/08\/um-fuenf-uhr-bei-den-alten-steinen\/","url_meta":{"origin":31433,"position":0},"title":"Um f\u00fcnf Uhr bei den alten Steinen","author":"Redaktion JazzZeitung","date":"10. August 2018","format":false,"excerpt":"Das 9. Jazzfestival im s\u00fcdschwedischen Ystad \u2013 unter anderem mit Musik von Nils Petter Molvaer, Avishai Cohen und Wolfgang Haffner Wer Jazz an traumhaften Spielst\u00e4tten erleben will \u2013 auf nach Ystad! Dieser Ort in S\u00fcdschweden hat ideale Bedingungen f\u00fcr ein Festival. F\u00fcr die Hauptkonzerte ein Theater von 1894 mit gro\u00dfer\u2026","rel":"","context":"In &quot;Bericht&quot;","block_context":{"text":"Bericht","link":"https:\/\/www.jazzzeitung.de\/cms\/thema\/bericht\/"},"img":{"alt_text":"","src":"https:\/\/i0.wp.com\/www.jazzzeitung.de\/cms\/wp-content\/uploads\/2018\/08\/20180805_054653.jpg?fit=1200%2C675&ssl=1&resize=350%2C200","width":350,"height":200,"srcset":"https:\/\/i0.wp.com\/www.jazzzeitung.de\/cms\/wp-content\/uploads\/2018\/08\/20180805_054653.jpg?fit=1200%2C675&ssl=1&resize=350%2C200 1x, https:\/\/i0.wp.com\/www.jazzzeitung.de\/cms\/wp-content\/uploads\/2018\/08\/20180805_054653.jpg?fit=1200%2C675&ssl=1&resize=525%2C300 1.5x, https:\/\/i0.wp.com\/www.jazzzeitung.de\/cms\/wp-content\/uploads\/2018\/08\/20180805_054653.jpg?fit=1200%2C675&ssl=1&resize=700%2C400 2x, https:\/\/i0.wp.com\/www.jazzzeitung.de\/cms\/wp-content\/uploads\/2018\/08\/20180805_054653.jpg?fit=1200%2C675&ssl=1&resize=1050%2C600 3x"},"classes":[]},{"id":28020,"url":"https:\/\/www.jazzzeitung.de\/cms\/2022\/08\/das-jazzfestival-im-suedschwedischen-ystad-in-seiner-13-ausgabe\/","url_meta":{"origin":31433,"position":1},"title":"Das Jazzfestival im s\u00fcdschwedischen Ystad in seiner 13. Ausgabe","author":"Redaktion JazzZeitung","date":"9. August 2022","format":false,"excerpt":"Abgespeckt \u2013 aber idyllisch wie eh und je: das Jazzfest in Wallanders Heimat Traumhimmel im gelblichem Abendlicht, sanfte W\u00f6lkchen \u2013 und lauter T\u00f6ne zum Schwelgen: Der s\u00fcdschwedische Ort Ystad, den Krimi-Fans durch die Filme um Kommissar Kurt Wallander kennen, bietet eine der sch\u00f6nsten Kulissen f\u00fcr ein Jazzfestival. Im hinrei\u00dfenden dortigen\u2026","rel":"","context":"In &quot;Bericht&quot;","block_context":{"text":"Bericht","link":"https:\/\/www.jazzzeitung.de\/cms\/thema\/bericht\/"},"img":{"alt_text":"","src":"https:\/\/i0.wp.com\/www.jazzzeitung.de\/cms\/wp-content\/uploads\/2022\/08\/Nicole-Johaenntgen-und-der-12jaehrige-Theo-Lantz-als-Strassenmusiker-in-Ystad-scaled.jpg?fit=1200%2C900&ssl=1&resize=350%2C200","width":350,"height":200,"srcset":"https:\/\/i0.wp.com\/www.jazzzeitung.de\/cms\/wp-content\/uploads\/2022\/08\/Nicole-Johaenntgen-und-der-12jaehrige-Theo-Lantz-als-Strassenmusiker-in-Ystad-scaled.jpg?fit=1200%2C900&ssl=1&resize=350%2C200 1x, https:\/\/i0.wp.com\/www.jazzzeitung.de\/cms\/wp-content\/uploads\/2022\/08\/Nicole-Johaenntgen-und-der-12jaehrige-Theo-Lantz-als-Strassenmusiker-in-Ystad-scaled.jpg?fit=1200%2C900&ssl=1&resize=525%2C300 1.5x, https:\/\/i0.wp.com\/www.jazzzeitung.de\/cms\/wp-content\/uploads\/2022\/08\/Nicole-Johaenntgen-und-der-12jaehrige-Theo-Lantz-als-Strassenmusiker-in-Ystad-scaled.jpg?fit=1200%2C900&ssl=1&resize=700%2C400 2x, https:\/\/i0.wp.com\/www.jazzzeitung.de\/cms\/wp-content\/uploads\/2022\/08\/Nicole-Johaenntgen-und-der-12jaehrige-Theo-Lantz-als-Strassenmusiker-in-Ystad-scaled.jpg?fit=1200%2C900&ssl=1&resize=1050%2C600 3x"},"classes":[]},{"id":13247,"url":"https:\/\/www.jazzzeitung.de\/cms\/2017\/08\/gelbe-schuhe-fuer-schweden-das-ystad-sweden-jazz-festival\/","url_meta":{"origin":31433,"position":2},"title":"Gelbe Schuhe f\u00fcr Schweden: das Ystad Sweden Jazz Festival","author":"Redaktion JazzZeitung","date":"9. August 2017","format":false,"excerpt":"Erfolg der Blue notes in Kurt Wallanders Revier: Beim 8. Ystad Sweden Jazz Festival sorgten Musiker wie Joshua Redman, Edmar Castaneda und Iiro Rantala f\u00fcr gro\u00dfen Erlebniswert \u2013 und Nicole Joh\u00e4nntgen pr\u00e4sentierte ein faszinierendes Frauen-Septett. Ein herrlicher Ort f\u00fcr ein Musikfestival: Man kann es nicht anders sagen. Gem\u00fctlich ist Ystad,\u2026","rel":"","context":"In &quot;Bericht&quot;","block_context":{"text":"Bericht","link":"https:\/\/www.jazzzeitung.de\/cms\/thema\/bericht\/"},"img":{"alt_text":"","src":"https:\/\/i0.wp.com\/www.jazzzeitung.de\/cms\/wp-content\/uploads\/2017\/08\/20170802_115432.jpg?fit=1200%2C675&ssl=1&resize=350%2C200","width":350,"height":200,"srcset":"https:\/\/i0.wp.com\/www.jazzzeitung.de\/cms\/wp-content\/uploads\/2017\/08\/20170802_115432.jpg?fit=1200%2C675&ssl=1&resize=350%2C200 1x, https:\/\/i0.wp.com\/www.jazzzeitung.de\/cms\/wp-content\/uploads\/2017\/08\/20170802_115432.jpg?fit=1200%2C675&ssl=1&resize=525%2C300 1.5x, https:\/\/i0.wp.com\/www.jazzzeitung.de\/cms\/wp-content\/uploads\/2017\/08\/20170802_115432.jpg?fit=1200%2C675&ssl=1&resize=700%2C400 2x, https:\/\/i0.wp.com\/www.jazzzeitung.de\/cms\/wp-content\/uploads\/2017\/08\/20170802_115432.jpg?fit=1200%2C675&ssl=1&resize=1050%2C600 3x"},"classes":[]},{"id":32950,"url":"https:\/\/www.jazzzeitung.de\/cms\/2025\/08\/die-ruhe-die-tiefe-und-das-moewengeschrei-das-ystad-sweden-jazz-festival\/","url_meta":{"origin":31433,"position":3},"title":"Die Ruhe, die Tiefe und das M\u00f6wengeschrei: das \u201eYstad Sweden Jazz Festival\u201c","author":"Redaktion JazzZeitung","date":"8. August 2025","format":false,"excerpt":"Traumwetter und funkelnde T\u00f6ne an vier Tagen: Im s\u00fcdschwedischen Ystad, der Heimat des Roman- und Film-Ermittlers Kurt Wallander, herrschte jetzt bei der 16. Ausgabe des hervorragenden dortigen Jazzfestivals idyllische Stimmung. Und es gab mitrei\u00dfende Konzerte von Musiker:innen wie Catherine Russell, Dave Holland und Mike Stern. Strahlend blauer, wolkenloser Himmel, in\u2026","rel":"","context":"In &quot;Bericht&quot;","block_context":{"text":"Bericht","link":"https:\/\/www.jazzzeitung.de\/cms\/thema\/bericht\/"},"img":{"alt_text":"","src":"https:\/\/i0.wp.com\/www.jazzzeitung.de\/cms\/wp-content\/uploads\/2025\/08\/Die-__Yazzparad__mit-Marching-Band-in-Ystad.-20250730_150350-scaled.jpg?fit=1200%2C900&ssl=1&resize=350%2C200","width":350,"height":200,"srcset":"https:\/\/i0.wp.com\/www.jazzzeitung.de\/cms\/wp-content\/uploads\/2025\/08\/Die-__Yazzparad__mit-Marching-Band-in-Ystad.-20250730_150350-scaled.jpg?fit=1200%2C900&ssl=1&resize=350%2C200 1x, https:\/\/i0.wp.com\/www.jazzzeitung.de\/cms\/wp-content\/uploads\/2025\/08\/Die-__Yazzparad__mit-Marching-Band-in-Ystad.-20250730_150350-scaled.jpg?fit=1200%2C900&ssl=1&resize=525%2C300 1.5x, https:\/\/i0.wp.com\/www.jazzzeitung.de\/cms\/wp-content\/uploads\/2025\/08\/Die-__Yazzparad__mit-Marching-Band-in-Ystad.-20250730_150350-scaled.jpg?fit=1200%2C900&ssl=1&resize=700%2C400 2x, https:\/\/i0.wp.com\/www.jazzzeitung.de\/cms\/wp-content\/uploads\/2025\/08\/Die-__Yazzparad__mit-Marching-Band-in-Ystad.-20250730_150350-scaled.jpg?fit=1200%2C900&ssl=1&resize=1050%2C600 3x"},"classes":[]},{"id":20278,"url":"https:\/\/www.jazzzeitung.de\/cms\/2019\/08\/die-seeluft-und-der-blues\/","url_meta":{"origin":31433,"position":4},"title":"Die Seeluft und der Blues","author":"Redaktion JazzZeitung","date":"8. August 2019","format":false,"excerpt":"Jazz-Legenden in Wallanders Revier. Das Ystad Sweden Jazz Festival feierte Jubil\u00e4um mit Benny Golson und Charles Lloyd Momente, die man nicht wieder vergisst. Solch einer war beim eben zu Ende gegangenen zehnten Jazzfestival im s\u00fcdschwedischen Ystad, der Wirkungsst\u00e4tte des literarischen Ermittlers Kurt Wallander, das Gastspiel des Saxophonisten Charles Lloyd und\u2026","rel":"","context":"In &quot;Bericht&quot;","block_context":{"text":"Bericht","link":"https:\/\/www.jazzzeitung.de\/cms\/thema\/bericht\/"},"img":{"alt_text":"","src":"https:\/\/i0.wp.com\/www.jazzzeitung.de\/cms\/wp-content\/uploads\/2019\/08\/20190804_100425.jpg?fit=1200%2C900&ssl=1&resize=350%2C200","width":350,"height":200,"srcset":"https:\/\/i0.wp.com\/www.jazzzeitung.de\/cms\/wp-content\/uploads\/2019\/08\/20190804_100425.jpg?fit=1200%2C900&ssl=1&resize=350%2C200 1x, https:\/\/i0.wp.com\/www.jazzzeitung.de\/cms\/wp-content\/uploads\/2019\/08\/20190804_100425.jpg?fit=1200%2C900&ssl=1&resize=525%2C300 1.5x, https:\/\/i0.wp.com\/www.jazzzeitung.de\/cms\/wp-content\/uploads\/2019\/08\/20190804_100425.jpg?fit=1200%2C900&ssl=1&resize=700%2C400 2x, https:\/\/i0.wp.com\/www.jazzzeitung.de\/cms\/wp-content\/uploads\/2019\/08\/20190804_100425.jpg?fit=1200%2C900&ssl=1&resize=1050%2C600 3x"},"classes":[]},{"id":18796,"url":"https:\/\/www.jazzzeitung.de\/cms\/2019\/02\/news-kanadische-saengerin-adi-braun-auf-tour-das-jazzfestival-in-baden-baden-und-sein-soul-schwerpunkt\/","url_meta":{"origin":31433,"position":5},"title":"+++ News: +++ Kanadische S\u00e4ngerin Adi Braun auf Tour +++ Das Jazzfestival in Baden-Baden und sein Soul-Schwerpunkt +++","author":"Redaktion JazzZeitung","date":"28. Februar 2019","format":false,"excerpt":"Eine \u201eModerne Frau\u201c auf Tour und zum Pressegespr\u00e4ch in Berlin Adi Braun, eine popul\u00e4re Musikerin der kanadischen Jazz-Szene gastiert mit ihrem Jazz-Kabarett-Programm \u201eModerne Frau\u201c, die in der Weimarer Republik das musikalische Berlin der 1920er-Jahre pr\u00e4gten, erstmals in Europa. Dabei pr\u00e4sentiert sie Songs von Kurt Weill, Mischa Spoliansky\u00a0 und anderen, die\u2026","rel":"","context":"In &quot;News&quot;","block_context":{"text":"News","link":"https:\/\/www.jazzzeitung.de\/cms\/thema\/nachrichten\/"},"img":{"alt_text":"","src":"https:\/\/i0.wp.com\/www.jazzzeitung.de\/cms\/wp-content\/uploads\/2019\/02\/CosmosKlein_2_FotoPR.jpg?fit=1200%2C800&ssl=1&resize=350%2C200","width":350,"height":200,"srcset":"https:\/\/i0.wp.com\/www.jazzzeitung.de\/cms\/wp-content\/uploads\/2019\/02\/CosmosKlein_2_FotoPR.jpg?fit=1200%2C800&ssl=1&resize=350%2C200 1x, https:\/\/i0.wp.com\/www.jazzzeitung.de\/cms\/wp-content\/uploads\/2019\/02\/CosmosKlein_2_FotoPR.jpg?fit=1200%2C800&ssl=1&resize=525%2C300 1.5x, https:\/\/i0.wp.com\/www.jazzzeitung.de\/cms\/wp-content\/uploads\/2019\/02\/CosmosKlein_2_FotoPR.jpg?fit=1200%2C800&ssl=1&resize=700%2C400 2x, https:\/\/i0.wp.com\/www.jazzzeitung.de\/cms\/wp-content\/uploads\/2019\/02\/CosmosKlein_2_FotoPR.jpg?fit=1200%2C800&ssl=1&resize=1050%2C600 3x"},"classes":[]}],"jetpack_sharing_enabled":true,"_links":{"self":[{"href":"https:\/\/www.jazzzeitung.de\/cms\/wp-json\/wp\/v2\/posts\/31433","targetHints":{"allow":["GET"]}}],"collection":[{"href":"https:\/\/www.jazzzeitung.de\/cms\/wp-json\/wp\/v2\/posts"}],"about":[{"href":"https:\/\/www.jazzzeitung.de\/cms\/wp-json\/wp\/v2\/types\/post"}],"author":[{"embeddable":true,"href":"https:\/\/www.jazzzeitung.de\/cms\/wp-json\/wp\/v2\/users\/18"}],"replies":[{"embeddable":true,"href":"https:\/\/www.jazzzeitung.de\/cms\/wp-json\/wp\/v2\/comments?post=31433"}],"version-history":[{"count":5,"href":"https:\/\/www.jazzzeitung.de\/cms\/wp-json\/wp\/v2\/posts\/31433\/revisions"}],"predecessor-version":[{"id":31451,"href":"https:\/\/www.jazzzeitung.de\/cms\/wp-json\/wp\/v2\/posts\/31433\/revisions\/31451"}],"wp:featuredmedia":[{"embeddable":true,"href":"https:\/\/www.jazzzeitung.de\/cms\/wp-json\/wp\/v2\/media\/31436"}],"wp:attachment":[{"href":"https:\/\/www.jazzzeitung.de\/cms\/wp-json\/wp\/v2\/media?parent=31433"}],"wp:term":[{"taxonomy":"category","embeddable":true,"href":"https:\/\/www.jazzzeitung.de\/cms\/wp-json\/wp\/v2\/categories?post=31433"},{"taxonomy":"post_tag","embeddable":true,"href":"https:\/\/www.jazzzeitung.de\/cms\/wp-json\/wp\/v2\/tags?post=31433"},{"taxonomy":"author","embeddable":true,"href":"https:\/\/www.jazzzeitung.de\/cms\/wp-json\/wp\/v2\/coauthors?post=31433"}],"curies":[{"name":"wp","href":"https:\/\/api.w.org\/{rel}","templated":true}]}}