{"id":31352,"date":"2024-07-18T11:28:49","date_gmt":"2024-07-18T09:28:49","guid":{"rendered":"https:\/\/www.jazzzeitung.de\/cms\/?p=31352"},"modified":"2024-07-16T11:42:20","modified_gmt":"2024-07-16T09:42:20","slug":"grandios-und-abwechslungsreich-das-internationale-jazz-weekend-unterfoehring","status":"publish","type":"post","link":"https:\/\/www.jazzzeitung.de\/cms\/2024\/07\/grandios-und-abwechslungsreich-das-internationale-jazz-weekend-unterfoehring\/","title":{"rendered":"Grandios und abwechslungsreich \u2013 das Internationale Jazz-Weekend Unterf\u00f6hring"},"content":{"rendered":"<p>(Text &amp; Fotos: Thomas J. Krebs) Seit mittlerweile 21 Jahren l\u00e4sst Unterf\u00f6hring es jazztechnisch einmal im Jahr besonders krachen &#8211; beim Internationalen Jazz-Weekend! So gab es auch dieses Jahr wieder sowohl Bew\u00e4hrtes als auch so manche musikalische \u00dcberraschung im B\u00fcrgerhaus der Gemeinde. Soviel schon vorab: es war mal wieder ein ereignisreiches, wohltuendes Wochenende.<\/p>\n<h3>Beeindruckend: Dominique Fils-Aim\u00e9<\/h3>\n<p>Den offiziellen Startschuss des Jazz-Weekends bestritt traditionell die Jazzbande diesmal mit einem \u201eJazz-Quiz\u201c f\u00fcr alle gro\u00dfen und kleinen Musik- wie Jazzinteressierten. Den Auftakt der internationalen Konzertreihe gab die aus Quebec stammende kanadische Singer- und Songwriterin Dominique Fils-Aim\u00e9 mit ihrer Band. Vor dem Konzert gab es &#8211; mittlerweile eine wunderbare Tradition &#8211; die Begr\u00fc\u00dfung des Publikums durch die Leiterin des Kulturamtes Barbara Schulte-Rief sowie eine profunde Konzerteinf\u00fchrung mit Oliver Hochkeppel (SZ) und der K\u00fcnstlerin. Durch geschickt gestellte Fragen er\u00f6ffnete sie so aufschlussreiche Einblicke in ihre Musik und Schaffen. Es folgte ein Abend, den das Publikum so schnell nicht vergessen wird.<\/p>\n<p>Fils-Aim\u00e9 betrat die B\u00fchne im langen schwarzen Kleid, barfu\u00df, setzte sich im Schneidersitz auf das Podest in der Mitte der B\u00fchne und begann die ersten Minuten mit einem Solo, das unbeschreiblich pers\u00f6nlich und ber\u00fchrend ihr Publikum in Bann zog. Danach gab es einen Parforceritt durch ihr Werk: von der Geschichte der afroamerikanischen Wurzeln bis hin zu ihrer neuen Trilogie \u201eOur Roots Run Deep\u201c, inspiriert von Ikonen wie Billy Holiday, Etta James oder Nina Simone. Ihre Band um Keyboarder David Osei-Afrifa und Schlagzeuger Harvey Bien-Aim\u00e9e spielten und verst\u00e4rkten den Spirit. Ein besonderer, ber\u00fchrender Abend mit viel Soul, Jazz und feinen Improvisationen.<\/p>\n<div class=\"tiled-gallery type-rectangular tiled-gallery-unresized\" data-original-width=\"840\" data-carousel-extra='{&quot;blog_id&quot;:1,&quot;permalink&quot;:&quot;https:\\\/\\\/www.jazzzeitung.de\\\/cms\\\/2024\\\/07\\\/grandios-und-abwechslungsreich-das-internationale-jazz-weekend-unterfoehring\\\/&quot;,&quot;likes_blog_id&quot;:55446655}' itemscope itemtype=\"http:\/\/schema.org\/ImageGallery\" > <div class=\"gallery-row\" style=\"width: 840px; height: 602px;\" data-original-width=\"840\" data-original-height=\"602\" > <div class=\"gallery-group images-2\" style=\"width: 438px; height: 602px;\" data-original-width=\"438\" data-original-height=\"602\" > <div class=\"tiled-gallery-item tiled-gallery-item-large\" itemprop=\"associatedMedia\" itemscope itemtype=\"http:\/\/schema.org\/ImageObject\"> <a href=\"https:\/\/www.jazzzeitung.de\/cms\/2024\/07\/grandios-und-abwechslungsreich-das-internationale-jazz-weekend-unterfoehring\/p1188336-fils-aime-hochkeppel-schulte-rief-foto-tj-krebs\/\" border=\"0\" itemprop=\"url\"> <meta itemprop=\"width\" content=\"434\"> <meta itemprop=\"height\" content=\"297\"> <img decoding=\"async\" class=\"\" data-attachment-id=\"31354\" data-orig-file=\"https:\/\/www.jazzzeitung.de\/cms\/wp-content\/uploads\/2024\/07\/P1188336-Fils-Aime-Hochkeppel-Schulte-Rief-Foto-TJ-Krebs.jpg\" data-orig-size=\"1200,822\" data-comments-opened=\"1\" data-image-meta=\"{&quot;aperture&quot;:&quot;0&quot;,&quot;credit&quot;:&quot;&quot;,&quot;camera&quot;:&quot;&quot;,&quot;caption&quot;:&quot;&quot;,&quot;created_timestamp&quot;:&quot;0&quot;,&quot;copyright&quot;:&quot;&quot;,&quot;focal_length&quot;:&quot;0&quot;,&quot;iso&quot;:&quot;0&quot;,&quot;shutter_speed&quot;:&quot;0&quot;,&quot;title&quot;:&quot;&quot;,&quot;orientation&quot;:&quot;0&quot;}\" data-image-title=\"P1188336 Fils-Aim\u00e9-Hochkeppel-Schulte-Rief &amp;#8211; Foto TJ Krebs\" data-image-description=\"\" data-medium-file=\"https:\/\/i0.wp.com\/www.jazzzeitung.de\/cms\/wp-content\/uploads\/2024\/07\/P1188336-Fils-Aime-Hochkeppel-Schulte-Rief-Foto-TJ-Krebs.jpg?fit=300%2C206&#038;ssl=1\" data-large-file=\"https:\/\/i0.wp.com\/www.jazzzeitung.de\/cms\/wp-content\/uploads\/2024\/07\/P1188336-Fils-Aime-Hochkeppel-Schulte-Rief-Foto-TJ-Krebs.jpg?fit=840%2C575&#038;ssl=1\" src=\"https:\/\/i0.wp.com\/www.jazzzeitung.de\/cms\/wp-content\/uploads\/2024\/07\/P1188336-Fils-Aime-Hochkeppel-Schulte-Rief-Foto-TJ-Krebs.jpg?w=434&#038;h=297&#038;ssl=1\" srcset=\"https:\/\/i0.wp.com\/www.jazzzeitung.de\/cms\/wp-content\/uploads\/2024\/07\/P1188336-Fils-Aime-Hochkeppel-Schulte-Rief-Foto-TJ-Krebs.jpg?w=1200&amp;ssl=1 1200w, https:\/\/i0.wp.com\/www.jazzzeitung.de\/cms\/wp-content\/uploads\/2024\/07\/P1188336-Fils-Aime-Hochkeppel-Schulte-Rief-Foto-TJ-Krebs.jpg?resize=300%2C206&amp;ssl=1 300w, https:\/\/i0.wp.com\/www.jazzzeitung.de\/cms\/wp-content\/uploads\/2024\/07\/P1188336-Fils-Aime-Hochkeppel-Schulte-Rief-Foto-TJ-Krebs.jpg?resize=876%2C600&amp;ssl=1 876w, https:\/\/i0.wp.com\/www.jazzzeitung.de\/cms\/wp-content\/uploads\/2024\/07\/P1188336-Fils-Aime-Hochkeppel-Schulte-Rief-Foto-TJ-Krebs.jpg?resize=768%2C526&amp;ssl=1 768w\" width=\"434\" height=\"297\" loading=\"lazy\" data-original-width=\"434\" data-original-height=\"297\" itemprop=\"http:\/\/schema.org\/image\" title=\"P1188336 Fils-Aim\u00e9-Hochkeppel-Schulte-Rief - Foto TJ Krebs\" alt=\"P1188336 Fils-Aim\u00e9-Hochkeppel-Schulte-Rief - Foto TJ Krebs\" style=\"width: 434px; height: 297px;\" \/> <\/a> <\/div> <div class=\"tiled-gallery-item tiled-gallery-item-large\" itemprop=\"associatedMedia\" itemscope itemtype=\"http:\/\/schema.org\/ImageObject\"> <a href=\"https:\/\/www.jazzzeitung.de\/cms\/2024\/07\/grandios-und-abwechslungsreich-das-internationale-jazz-weekend-unterfoehring\/p1188448-fils-aime-foto-tj-krebs\/\" border=\"0\" itemprop=\"url\"> <meta itemprop=\"width\" content=\"434\"> <meta itemprop=\"height\" content=\"297\"> <img decoding=\"async\" class=\"\" data-attachment-id=\"31355\" data-orig-file=\"https:\/\/www.jazzzeitung.de\/cms\/wp-content\/uploads\/2024\/07\/P1188448-Fils-Aime-Foto-TJ-Krebs.jpg\" data-orig-size=\"1200,822\" data-comments-opened=\"1\" data-image-meta=\"{&quot;aperture&quot;:&quot;0&quot;,&quot;credit&quot;:&quot;&quot;,&quot;camera&quot;:&quot;&quot;,&quot;caption&quot;:&quot;&quot;,&quot;created_timestamp&quot;:&quot;0&quot;,&quot;copyright&quot;:&quot;&quot;,&quot;focal_length&quot;:&quot;0&quot;,&quot;iso&quot;:&quot;0&quot;,&quot;shutter_speed&quot;:&quot;0&quot;,&quot;title&quot;:&quot;&quot;,&quot;orientation&quot;:&quot;0&quot;}\" data-image-title=\"P1188448 Fils-Aim\u00e9 &amp;#8211; Foto TJ Krebs\" data-image-description=\"\" data-medium-file=\"https:\/\/i0.wp.com\/www.jazzzeitung.de\/cms\/wp-content\/uploads\/2024\/07\/P1188448-Fils-Aime-Foto-TJ-Krebs.jpg?fit=300%2C206&#038;ssl=1\" data-large-file=\"https:\/\/i0.wp.com\/www.jazzzeitung.de\/cms\/wp-content\/uploads\/2024\/07\/P1188448-Fils-Aime-Foto-TJ-Krebs.jpg?fit=840%2C575&#038;ssl=1\" src=\"https:\/\/i0.wp.com\/www.jazzzeitung.de\/cms\/wp-content\/uploads\/2024\/07\/P1188448-Fils-Aime-Foto-TJ-Krebs.jpg?w=434&#038;h=297&#038;ssl=1\" srcset=\"https:\/\/i0.wp.com\/www.jazzzeitung.de\/cms\/wp-content\/uploads\/2024\/07\/P1188448-Fils-Aime-Foto-TJ-Krebs.jpg?w=1200&amp;ssl=1 1200w, https:\/\/i0.wp.com\/www.jazzzeitung.de\/cms\/wp-content\/uploads\/2024\/07\/P1188448-Fils-Aime-Foto-TJ-Krebs.jpg?resize=300%2C206&amp;ssl=1 300w, https:\/\/i0.wp.com\/www.jazzzeitung.de\/cms\/wp-content\/uploads\/2024\/07\/P1188448-Fils-Aime-Foto-TJ-Krebs.jpg?resize=876%2C600&amp;ssl=1 876w, https:\/\/i0.wp.com\/www.jazzzeitung.de\/cms\/wp-content\/uploads\/2024\/07\/P1188448-Fils-Aime-Foto-TJ-Krebs.jpg?resize=768%2C526&amp;ssl=1 768w\" width=\"434\" height=\"297\" loading=\"lazy\" data-original-width=\"434\" data-original-height=\"297\" itemprop=\"http:\/\/schema.org\/image\" title=\"P1188448 Fils-Aim\u00e9 - Foto TJ Krebs\" alt=\"P1188448 Fils-Aim\u00e9 - Foto TJ Krebs\" style=\"width: 434px; height: 297px;\" \/> <\/a> <\/div> <\/div> <!-- close group --> <div class=\"gallery-group images-1\" style=\"width: 402px; height: 602px;\" data-original-width=\"402\" data-original-height=\"602\" > <div class=\"tiled-gallery-item tiled-gallery-item-large\" itemprop=\"associatedMedia\" itemscope itemtype=\"http:\/\/schema.org\/ImageObject\"> <a href=\"https:\/\/www.jazzzeitung.de\/cms\/2024\/07\/grandios-und-abwechslungsreich-das-internationale-jazz-weekend-unterfoehring\/p1188497-fils-aime-foto-tj-krebs\/\" border=\"0\" itemprop=\"url\"> <meta itemprop=\"width\" content=\"398\"> <meta itemprop=\"height\" content=\"598\"> <img decoding=\"async\" class=\"\" data-attachment-id=\"31356\" data-orig-file=\"https:\/\/www.jazzzeitung.de\/cms\/wp-content\/uploads\/2024\/07\/P1188497-Fils-Aime-Foto-TJ-Krebs.jpg\" data-orig-size=\"800,1201\" data-comments-opened=\"1\" data-image-meta=\"{&quot;aperture&quot;:&quot;0&quot;,&quot;credit&quot;:&quot;&quot;,&quot;camera&quot;:&quot;&quot;,&quot;caption&quot;:&quot;&quot;,&quot;created_timestamp&quot;:&quot;0&quot;,&quot;copyright&quot;:&quot;&quot;,&quot;focal_length&quot;:&quot;0&quot;,&quot;iso&quot;:&quot;0&quot;,&quot;shutter_speed&quot;:&quot;0&quot;,&quot;title&quot;:&quot;&quot;,&quot;orientation&quot;:&quot;0&quot;}\" data-image-title=\"P1188497 Fils-Aim\u00e9 &amp;#8211; Foto TJ Krebs\" data-image-description=\"\" data-medium-file=\"https:\/\/i0.wp.com\/www.jazzzeitung.de\/cms\/wp-content\/uploads\/2024\/07\/P1188497-Fils-Aime-Foto-TJ-Krebs.jpg?fit=200%2C300&#038;ssl=1\" data-large-file=\"https:\/\/i0.wp.com\/www.jazzzeitung.de\/cms\/wp-content\/uploads\/2024\/07\/P1188497-Fils-Aime-Foto-TJ-Krebs.jpg?fit=400%2C600&#038;ssl=1\" src=\"https:\/\/i0.wp.com\/www.jazzzeitung.de\/cms\/wp-content\/uploads\/2024\/07\/P1188497-Fils-Aime-Foto-TJ-Krebs.jpg?w=398&#038;h=598&#038;ssl=1\" srcset=\"https:\/\/i0.wp.com\/www.jazzzeitung.de\/cms\/wp-content\/uploads\/2024\/07\/P1188497-Fils-Aime-Foto-TJ-Krebs.jpg?w=800&amp;ssl=1 800w, https:\/\/i0.wp.com\/www.jazzzeitung.de\/cms\/wp-content\/uploads\/2024\/07\/P1188497-Fils-Aime-Foto-TJ-Krebs.jpg?resize=200%2C300&amp;ssl=1 200w, https:\/\/i0.wp.com\/www.jazzzeitung.de\/cms\/wp-content\/uploads\/2024\/07\/P1188497-Fils-Aime-Foto-TJ-Krebs.jpg?resize=400%2C600&amp;ssl=1 400w, https:\/\/i0.wp.com\/www.jazzzeitung.de\/cms\/wp-content\/uploads\/2024\/07\/P1188497-Fils-Aime-Foto-TJ-Krebs.jpg?resize=768%2C1153&amp;ssl=1 768w\" width=\"398\" height=\"598\" loading=\"lazy\" data-original-width=\"398\" data-original-height=\"598\" itemprop=\"http:\/\/schema.org\/image\" title=\"P1188497 Fils-Aim\u00e9 - Foto TJ Krebs\" alt=\"P1188497 Fils-Aim\u00e9 - Foto TJ Krebs\" style=\"width: 398px; height: 598px;\" \/> <\/a> <\/div> <\/div> <!-- close group --> <\/div> <!-- close row --> <div class=\"gallery-row\" style=\"width: 840px; height: 377px;\" data-original-width=\"840\" data-original-height=\"377\" > <div class=\"gallery-group images-1\" style=\"width: 565px; height: 377px;\" data-original-width=\"565\" data-original-height=\"377\" > <div class=\"tiled-gallery-item tiled-gallery-item-large\" itemprop=\"associatedMedia\" itemscope itemtype=\"http:\/\/schema.org\/ImageObject\"> <a href=\"https:\/\/www.jazzzeitung.de\/cms\/2024\/07\/grandios-und-abwechslungsreich-das-internationale-jazz-weekend-unterfoehring\/p1188521-osei-afrifa-foto-tj-krebs\/\" border=\"0\" itemprop=\"url\"> <meta itemprop=\"width\" content=\"561\"> <meta itemprop=\"height\" content=\"373\"> <img decoding=\"async\" class=\"\" data-attachment-id=\"31357\" data-orig-file=\"https:\/\/www.jazzzeitung.de\/cms\/wp-content\/uploads\/2024\/07\/P1188521-Osei-Afrifa-Foto-TJ-Krebs.jpg\" data-orig-size=\"1200,799\" data-comments-opened=\"1\" data-image-meta=\"{&quot;aperture&quot;:&quot;0&quot;,&quot;credit&quot;:&quot;&quot;,&quot;camera&quot;:&quot;&quot;,&quot;caption&quot;:&quot;&quot;,&quot;created_timestamp&quot;:&quot;0&quot;,&quot;copyright&quot;:&quot;&quot;,&quot;focal_length&quot;:&quot;0&quot;,&quot;iso&quot;:&quot;0&quot;,&quot;shutter_speed&quot;:&quot;0&quot;,&quot;title&quot;:&quot;&quot;,&quot;orientation&quot;:&quot;0&quot;}\" data-image-title=\"P1188521 Osei-Afrifa &amp;#8211; Foto TJ Krebs\" data-image-description=\"\" data-medium-file=\"https:\/\/i0.wp.com\/www.jazzzeitung.de\/cms\/wp-content\/uploads\/2024\/07\/P1188521-Osei-Afrifa-Foto-TJ-Krebs.jpg?fit=300%2C200&#038;ssl=1\" data-large-file=\"https:\/\/i0.wp.com\/www.jazzzeitung.de\/cms\/wp-content\/uploads\/2024\/07\/P1188521-Osei-Afrifa-Foto-TJ-Krebs.jpg?fit=840%2C560&#038;ssl=1\" src=\"https:\/\/i0.wp.com\/www.jazzzeitung.de\/cms\/wp-content\/uploads\/2024\/07\/P1188521-Osei-Afrifa-Foto-TJ-Krebs.jpg?w=561&#038;h=373&#038;ssl=1\" srcset=\"https:\/\/i0.wp.com\/www.jazzzeitung.de\/cms\/wp-content\/uploads\/2024\/07\/P1188521-Osei-Afrifa-Foto-TJ-Krebs.jpg?w=1200&amp;ssl=1 1200w, https:\/\/i0.wp.com\/www.jazzzeitung.de\/cms\/wp-content\/uploads\/2024\/07\/P1188521-Osei-Afrifa-Foto-TJ-Krebs.jpg?resize=300%2C200&amp;ssl=1 300w, https:\/\/i0.wp.com\/www.jazzzeitung.de\/cms\/wp-content\/uploads\/2024\/07\/P1188521-Osei-Afrifa-Foto-TJ-Krebs.jpg?resize=900%2C600&amp;ssl=1 900w, https:\/\/i0.wp.com\/www.jazzzeitung.de\/cms\/wp-content\/uploads\/2024\/07\/P1188521-Osei-Afrifa-Foto-TJ-Krebs.jpg?resize=768%2C511&amp;ssl=1 768w, https:\/\/i0.wp.com\/www.jazzzeitung.de\/cms\/wp-content\/uploads\/2024\/07\/P1188521-Osei-Afrifa-Foto-TJ-Krebs.jpg?resize=120%2C80&amp;ssl=1 120w\" width=\"561\" height=\"373\" loading=\"lazy\" data-original-width=\"561\" data-original-height=\"373\" itemprop=\"http:\/\/schema.org\/image\" title=\"P1188521 Osei-Afrifa - Foto TJ Krebs\" alt=\"P1188521 Osei-Afrifa - Foto TJ Krebs\" style=\"width: 561px; height: 373px;\" \/> <\/a> <\/div> <\/div> <!-- close group --> <div class=\"gallery-group images-2\" style=\"width: 275px; height: 377px;\" data-original-width=\"275\" data-original-height=\"377\" > <div class=\"tiled-gallery-item tiled-gallery-item-large\" itemprop=\"associatedMedia\" itemscope itemtype=\"http:\/\/schema.org\/ImageObject\"> <a href=\"https:\/\/www.jazzzeitung.de\/cms\/2024\/07\/grandios-und-abwechslungsreich-das-internationale-jazz-weekend-unterfoehring\/p1188606-bien-aimee-foto-tj-krebs\/\" border=\"0\" itemprop=\"url\"> <meta itemprop=\"width\" content=\"271\"> <meta itemprop=\"height\" content=\"183\"> <img decoding=\"async\" class=\"\" data-attachment-id=\"31358\" data-orig-file=\"https:\/\/www.jazzzeitung.de\/cms\/wp-content\/uploads\/2024\/07\/P1188606-Bien-Aimee-Foto-TJ-Krebs.jpg\" data-orig-size=\"1200,811\" data-comments-opened=\"1\" data-image-meta=\"{&quot;aperture&quot;:&quot;0&quot;,&quot;credit&quot;:&quot;&quot;,&quot;camera&quot;:&quot;&quot;,&quot;caption&quot;:&quot;&quot;,&quot;created_timestamp&quot;:&quot;0&quot;,&quot;copyright&quot;:&quot;&quot;,&quot;focal_length&quot;:&quot;0&quot;,&quot;iso&quot;:&quot;0&quot;,&quot;shutter_speed&quot;:&quot;0&quot;,&quot;title&quot;:&quot;&quot;,&quot;orientation&quot;:&quot;0&quot;}\" data-image-title=\"P1188606 Bien-Aim\u00e9e- Foto TJ Krebs\" data-image-description=\"\" data-medium-file=\"https:\/\/i0.wp.com\/www.jazzzeitung.de\/cms\/wp-content\/uploads\/2024\/07\/P1188606-Bien-Aimee-Foto-TJ-Krebs.jpg?fit=300%2C203&#038;ssl=1\" data-large-file=\"https:\/\/i0.wp.com\/www.jazzzeitung.de\/cms\/wp-content\/uploads\/2024\/07\/P1188606-Bien-Aimee-Foto-TJ-Krebs.jpg?fit=840%2C568&#038;ssl=1\" src=\"https:\/\/i0.wp.com\/www.jazzzeitung.de\/cms\/wp-content\/uploads\/2024\/07\/P1188606-Bien-Aimee-Foto-TJ-Krebs.jpg?w=271&#038;h=183&#038;ssl=1\" srcset=\"https:\/\/i0.wp.com\/www.jazzzeitung.de\/cms\/wp-content\/uploads\/2024\/07\/P1188606-Bien-Aimee-Foto-TJ-Krebs.jpg?w=1200&amp;ssl=1 1200w, https:\/\/i0.wp.com\/www.jazzzeitung.de\/cms\/wp-content\/uploads\/2024\/07\/P1188606-Bien-Aimee-Foto-TJ-Krebs.jpg?resize=300%2C203&amp;ssl=1 300w, https:\/\/i0.wp.com\/www.jazzzeitung.de\/cms\/wp-content\/uploads\/2024\/07\/P1188606-Bien-Aimee-Foto-TJ-Krebs.jpg?resize=888%2C600&amp;ssl=1 888w, https:\/\/i0.wp.com\/www.jazzzeitung.de\/cms\/wp-content\/uploads\/2024\/07\/P1188606-Bien-Aimee-Foto-TJ-Krebs.jpg?resize=768%2C519&amp;ssl=1 768w, https:\/\/i0.wp.com\/www.jazzzeitung.de\/cms\/wp-content\/uploads\/2024\/07\/P1188606-Bien-Aimee-Foto-TJ-Krebs.jpg?resize=120%2C80&amp;ssl=1 120w\" width=\"271\" height=\"183\" loading=\"lazy\" data-original-width=\"271\" data-original-height=\"183\" itemprop=\"http:\/\/schema.org\/image\" title=\"P1188606 Bien-Aim\u00e9e- Foto TJ Krebs\" alt=\"P1188606 Bien-Aim\u00e9e- Foto TJ Krebs\" style=\"width: 271px; height: 183px;\" \/> <\/a> <\/div> <div class=\"tiled-gallery-item tiled-gallery-item-large\" itemprop=\"associatedMedia\" itemscope itemtype=\"http:\/\/schema.org\/ImageObject\"> <a href=\"https:\/\/www.jazzzeitung.de\/cms\/2024\/07\/grandios-und-abwechslungsreich-das-internationale-jazz-weekend-unterfoehring\/p1188706-mcbride-foto-tj-krebs\/\" border=\"0\" itemprop=\"url\"> <meta itemprop=\"width\" content=\"271\"> <meta itemprop=\"height\" content=\"186\"> <img decoding=\"async\" class=\"\" data-attachment-id=\"31359\" data-orig-file=\"https:\/\/www.jazzzeitung.de\/cms\/wp-content\/uploads\/2024\/07\/P1188706-McBride-Foto-TJ-Krebs.jpg\" data-orig-size=\"1200,822\" data-comments-opened=\"1\" data-image-meta=\"{&quot;aperture&quot;:&quot;0&quot;,&quot;credit&quot;:&quot;&quot;,&quot;camera&quot;:&quot;&quot;,&quot;caption&quot;:&quot;&quot;,&quot;created_timestamp&quot;:&quot;0&quot;,&quot;copyright&quot;:&quot;&quot;,&quot;focal_length&quot;:&quot;0&quot;,&quot;iso&quot;:&quot;0&quot;,&quot;shutter_speed&quot;:&quot;0&quot;,&quot;title&quot;:&quot;&quot;,&quot;orientation&quot;:&quot;0&quot;}\" data-image-title=\"P1188706 McBride &amp;#8211; Foto TJ Krebs\" data-image-description=\"\" data-medium-file=\"https:\/\/i0.wp.com\/www.jazzzeitung.de\/cms\/wp-content\/uploads\/2024\/07\/P1188706-McBride-Foto-TJ-Krebs.jpg?fit=300%2C206&#038;ssl=1\" data-large-file=\"https:\/\/i0.wp.com\/www.jazzzeitung.de\/cms\/wp-content\/uploads\/2024\/07\/P1188706-McBride-Foto-TJ-Krebs.jpg?fit=840%2C575&#038;ssl=1\" src=\"https:\/\/i0.wp.com\/www.jazzzeitung.de\/cms\/wp-content\/uploads\/2024\/07\/P1188706-McBride-Foto-TJ-Krebs.jpg?w=271&#038;h=186&#038;ssl=1\" srcset=\"https:\/\/i0.wp.com\/www.jazzzeitung.de\/cms\/wp-content\/uploads\/2024\/07\/P1188706-McBride-Foto-TJ-Krebs.jpg?w=1200&amp;ssl=1 1200w, https:\/\/i0.wp.com\/www.jazzzeitung.de\/cms\/wp-content\/uploads\/2024\/07\/P1188706-McBride-Foto-TJ-Krebs.jpg?resize=300%2C206&amp;ssl=1 300w, https:\/\/i0.wp.com\/www.jazzzeitung.de\/cms\/wp-content\/uploads\/2024\/07\/P1188706-McBride-Foto-TJ-Krebs.jpg?resize=876%2C600&amp;ssl=1 876w, https:\/\/i0.wp.com\/www.jazzzeitung.de\/cms\/wp-content\/uploads\/2024\/07\/P1188706-McBride-Foto-TJ-Krebs.jpg?resize=768%2C526&amp;ssl=1 768w\" width=\"271\" height=\"186\" loading=\"lazy\" data-original-width=\"271\" data-original-height=\"186\" itemprop=\"http:\/\/schema.org\/image\" title=\"P1188706 McBride - Foto TJ Krebs\" alt=\"P1188706 McBride - Foto TJ Krebs\" style=\"width: 271px; height: 186px;\" \/> <\/a> <\/div> <\/div> <!-- close group --> <\/div> <!-- close row --> <div class=\"gallery-row\" style=\"width: 840px; height: 723px;\" data-original-width=\"840\" data-original-height=\"723\" > <div class=\"gallery-group images-3\" style=\"width: 357px; height: 723px;\" data-original-width=\"357\" data-original-height=\"723\" > <div class=\"tiled-gallery-item tiled-gallery-item-large\" itemprop=\"associatedMedia\" itemscope itemtype=\"http:\/\/schema.org\/ImageObject\"> <a href=\"https:\/\/www.jazzzeitung.de\/cms\/2024\/07\/grandios-und-abwechslungsreich-das-internationale-jazz-weekend-unterfoehring\/p1188750-king-mcbride-foto-tj-krebs\/\" border=\"0\" itemprop=\"url\"> <meta itemprop=\"width\" content=\"353\"> <meta itemprop=\"height\" content=\"235\"> <img decoding=\"async\" class=\"\" data-attachment-id=\"31360\" data-orig-file=\"https:\/\/www.jazzzeitung.de\/cms\/wp-content\/uploads\/2024\/07\/P1188750-King-McBride-Foto-TJ-Krebs.jpg\" data-orig-size=\"1200,799\" data-comments-opened=\"1\" data-image-meta=\"{&quot;aperture&quot;:&quot;0&quot;,&quot;credit&quot;:&quot;&quot;,&quot;camera&quot;:&quot;&quot;,&quot;caption&quot;:&quot;&quot;,&quot;created_timestamp&quot;:&quot;0&quot;,&quot;copyright&quot;:&quot;&quot;,&quot;focal_length&quot;:&quot;0&quot;,&quot;iso&quot;:&quot;0&quot;,&quot;shutter_speed&quot;:&quot;0&quot;,&quot;title&quot;:&quot;&quot;,&quot;orientation&quot;:&quot;0&quot;}\" data-image-title=\"P1188750 King-McBride &amp;#8211; Foto TJ Krebs\" data-image-description=\"\" data-medium-file=\"https:\/\/i0.wp.com\/www.jazzzeitung.de\/cms\/wp-content\/uploads\/2024\/07\/P1188750-King-McBride-Foto-TJ-Krebs.jpg?fit=300%2C200&#038;ssl=1\" data-large-file=\"https:\/\/i0.wp.com\/www.jazzzeitung.de\/cms\/wp-content\/uploads\/2024\/07\/P1188750-King-McBride-Foto-TJ-Krebs.jpg?fit=840%2C560&#038;ssl=1\" src=\"https:\/\/i0.wp.com\/www.jazzzeitung.de\/cms\/wp-content\/uploads\/2024\/07\/P1188750-King-McBride-Foto-TJ-Krebs.jpg?w=353&#038;h=235&#038;ssl=1\" srcset=\"https:\/\/i0.wp.com\/www.jazzzeitung.de\/cms\/wp-content\/uploads\/2024\/07\/P1188750-King-McBride-Foto-TJ-Krebs.jpg?w=1200&amp;ssl=1 1200w, https:\/\/i0.wp.com\/www.jazzzeitung.de\/cms\/wp-content\/uploads\/2024\/07\/P1188750-King-McBride-Foto-TJ-Krebs.jpg?resize=300%2C200&amp;ssl=1 300w, https:\/\/i0.wp.com\/www.jazzzeitung.de\/cms\/wp-content\/uploads\/2024\/07\/P1188750-King-McBride-Foto-TJ-Krebs.jpg?resize=900%2C600&amp;ssl=1 900w, https:\/\/i0.wp.com\/www.jazzzeitung.de\/cms\/wp-content\/uploads\/2024\/07\/P1188750-King-McBride-Foto-TJ-Krebs.jpg?resize=768%2C511&amp;ssl=1 768w, https:\/\/i0.wp.com\/www.jazzzeitung.de\/cms\/wp-content\/uploads\/2024\/07\/P1188750-King-McBride-Foto-TJ-Krebs.jpg?resize=120%2C80&amp;ssl=1 120w\" width=\"353\" height=\"235\" loading=\"lazy\" data-original-width=\"353\" data-original-height=\"235\" itemprop=\"http:\/\/schema.org\/image\" title=\"P1188750 King-McBride - Foto TJ Krebs\" alt=\"P1188750 King-McBride - Foto TJ Krebs\" style=\"width: 353px; height: 235px;\" \/> <\/a> <\/div> <div class=\"tiled-gallery-item tiled-gallery-item-large\" itemprop=\"associatedMedia\" itemscope itemtype=\"http:\/\/schema.org\/ImageObject\"> <a href=\"https:\/\/www.jazzzeitung.de\/cms\/2024\/07\/grandios-und-abwechslungsreich-das-internationale-jazz-weekend-unterfoehring\/p1188938-king-mcbride-glover-foto-tj-krebs-foto-tj-krebs\/\" border=\"0\" itemprop=\"url\"> <meta itemprop=\"width\" content=\"353\"> <meta itemprop=\"height\" content=\"235\"> <img decoding=\"async\" class=\"\" data-attachment-id=\"31361\" data-orig-file=\"https:\/\/www.jazzzeitung.de\/cms\/wp-content\/uploads\/2024\/07\/P1188938-King-McBride-Glover-Foto-TJ-Krebs-Foto-TJ-Krebs.jpg\" data-orig-size=\"1200,799\" data-comments-opened=\"1\" data-image-meta=\"{&quot;aperture&quot;:&quot;0&quot;,&quot;credit&quot;:&quot;&quot;,&quot;camera&quot;:&quot;&quot;,&quot;caption&quot;:&quot;&quot;,&quot;created_timestamp&quot;:&quot;0&quot;,&quot;copyright&quot;:&quot;&quot;,&quot;focal_length&quot;:&quot;0&quot;,&quot;iso&quot;:&quot;0&quot;,&quot;shutter_speed&quot;:&quot;0&quot;,&quot;title&quot;:&quot;&quot;,&quot;orientation&quot;:&quot;0&quot;}\" data-image-title=\"P1188938 King-McBride-Glover &amp;#8211; Foto TJ Krebs &amp;#8211; Foto TJ Krebs\" data-image-description=\"\" data-medium-file=\"https:\/\/i0.wp.com\/www.jazzzeitung.de\/cms\/wp-content\/uploads\/2024\/07\/P1188938-King-McBride-Glover-Foto-TJ-Krebs-Foto-TJ-Krebs.jpg?fit=300%2C200&#038;ssl=1\" data-large-file=\"https:\/\/i0.wp.com\/www.jazzzeitung.de\/cms\/wp-content\/uploads\/2024\/07\/P1188938-King-McBride-Glover-Foto-TJ-Krebs-Foto-TJ-Krebs.jpg?fit=840%2C560&#038;ssl=1\" src=\"https:\/\/i0.wp.com\/www.jazzzeitung.de\/cms\/wp-content\/uploads\/2024\/07\/P1188938-King-McBride-Glover-Foto-TJ-Krebs-Foto-TJ-Krebs.jpg?w=353&#038;h=235&#038;ssl=1\" srcset=\"https:\/\/i0.wp.com\/www.jazzzeitung.de\/cms\/wp-content\/uploads\/2024\/07\/P1188938-King-McBride-Glover-Foto-TJ-Krebs-Foto-TJ-Krebs.jpg?w=1200&amp;ssl=1 1200w, https:\/\/i0.wp.com\/www.jazzzeitung.de\/cms\/wp-content\/uploads\/2024\/07\/P1188938-King-McBride-Glover-Foto-TJ-Krebs-Foto-TJ-Krebs.jpg?resize=300%2C200&amp;ssl=1 300w, https:\/\/i0.wp.com\/www.jazzzeitung.de\/cms\/wp-content\/uploads\/2024\/07\/P1188938-King-McBride-Glover-Foto-TJ-Krebs-Foto-TJ-Krebs.jpg?resize=900%2C600&amp;ssl=1 900w, https:\/\/i0.wp.com\/www.jazzzeitung.de\/cms\/wp-content\/uploads\/2024\/07\/P1188938-King-McBride-Glover-Foto-TJ-Krebs-Foto-TJ-Krebs.jpg?resize=768%2C511&amp;ssl=1 768w, https:\/\/i0.wp.com\/www.jazzzeitung.de\/cms\/wp-content\/uploads\/2024\/07\/P1188938-King-McBride-Glover-Foto-TJ-Krebs-Foto-TJ-Krebs.jpg?resize=120%2C80&amp;ssl=1 120w\" width=\"353\" height=\"235\" loading=\"lazy\" data-original-width=\"353\" data-original-height=\"235\" itemprop=\"http:\/\/schema.org\/image\" title=\"P1188938 King-McBride-Glover - Foto TJ Krebs - Foto TJ Krebs\" alt=\"P1188938 King-McBride-Glover - Foto TJ Krebs - Foto TJ Krebs\" style=\"width: 353px; height: 235px;\" \/> <\/a> <\/div> <div class=\"tiled-gallery-item tiled-gallery-item-large\" itemprop=\"associatedMedia\" itemscope itemtype=\"http:\/\/schema.org\/ImageObject\"> <a href=\"https:\/\/www.jazzzeitung.de\/cms\/2024\/07\/grandios-und-abwechslungsreich-das-internationale-jazz-weekend-unterfoehring\/p1199033-mcbride-5-foto-tj-krebs\/\" border=\"0\" itemprop=\"url\"> <meta itemprop=\"width\" content=\"353\"> <meta itemprop=\"height\" content=\"241\"> <img decoding=\"async\" class=\"\" data-attachment-id=\"31362\" data-orig-file=\"https:\/\/www.jazzzeitung.de\/cms\/wp-content\/uploads\/2024\/07\/P1199033-McBride-5-Foto-TJ-Krebs.jpg\" data-orig-size=\"1200,822\" data-comments-opened=\"1\" data-image-meta=\"{&quot;aperture&quot;:&quot;0&quot;,&quot;credit&quot;:&quot;&quot;,&quot;camera&quot;:&quot;&quot;,&quot;caption&quot;:&quot;&quot;,&quot;created_timestamp&quot;:&quot;0&quot;,&quot;copyright&quot;:&quot;&quot;,&quot;focal_length&quot;:&quot;0&quot;,&quot;iso&quot;:&quot;0&quot;,&quot;shutter_speed&quot;:&quot;0&quot;,&quot;title&quot;:&quot;&quot;,&quot;orientation&quot;:&quot;0&quot;}\" data-image-title=\"P1199033 McBride 5 &amp;#8211; Foto TJ Krebs\" data-image-description=\"\" data-medium-file=\"https:\/\/i0.wp.com\/www.jazzzeitung.de\/cms\/wp-content\/uploads\/2024\/07\/P1199033-McBride-5-Foto-TJ-Krebs.jpg?fit=300%2C206&#038;ssl=1\" data-large-file=\"https:\/\/i0.wp.com\/www.jazzzeitung.de\/cms\/wp-content\/uploads\/2024\/07\/P1199033-McBride-5-Foto-TJ-Krebs.jpg?fit=840%2C575&#038;ssl=1\" src=\"https:\/\/i0.wp.com\/www.jazzzeitung.de\/cms\/wp-content\/uploads\/2024\/07\/P1199033-McBride-5-Foto-TJ-Krebs.jpg?w=353&#038;h=241&#038;ssl=1\" srcset=\"https:\/\/i0.wp.com\/www.jazzzeitung.de\/cms\/wp-content\/uploads\/2024\/07\/P1199033-McBride-5-Foto-TJ-Krebs.jpg?w=1200&amp;ssl=1 1200w, https:\/\/i0.wp.com\/www.jazzzeitung.de\/cms\/wp-content\/uploads\/2024\/07\/P1199033-McBride-5-Foto-TJ-Krebs.jpg?resize=300%2C206&amp;ssl=1 300w, https:\/\/i0.wp.com\/www.jazzzeitung.de\/cms\/wp-content\/uploads\/2024\/07\/P1199033-McBride-5-Foto-TJ-Krebs.jpg?resize=876%2C600&amp;ssl=1 876w, https:\/\/i0.wp.com\/www.jazzzeitung.de\/cms\/wp-content\/uploads\/2024\/07\/P1199033-McBride-5-Foto-TJ-Krebs.jpg?resize=768%2C526&amp;ssl=1 768w\" width=\"353\" height=\"241\" loading=\"lazy\" data-original-width=\"353\" data-original-height=\"241\" itemprop=\"http:\/\/schema.org\/image\" title=\"P1199033 McBride 5 - Foto TJ Krebs\" alt=\"P1199033 McBride 5 - Foto TJ Krebs\" style=\"width: 353px; height: 241px;\" \/> <\/a> <\/div> <\/div> <!-- close group --> <div class=\"gallery-group images-1\" style=\"width: 483px; height: 723px;\" data-original-width=\"483\" data-original-height=\"723\" > <div class=\"tiled-gallery-item tiled-gallery-item-large\" itemprop=\"associatedMedia\" itemscope itemtype=\"http:\/\/schema.org\/ImageObject\"> <a href=\"https:\/\/www.jazzzeitung.de\/cms\/2024\/07\/grandios-und-abwechslungsreich-das-internationale-jazz-weekend-unterfoehring\/p1199078-solla-foto-tj-krebs\/\" border=\"0\" itemprop=\"url\"> <meta itemprop=\"width\" content=\"479\"> <meta itemprop=\"height\" content=\"719\"> <img decoding=\"async\" class=\"\" data-attachment-id=\"31363\" data-orig-file=\"https:\/\/www.jazzzeitung.de\/cms\/wp-content\/uploads\/2024\/07\/P1199078-Solla-Foto-TJ-Krebs.jpg\" data-orig-size=\"800,1201\" data-comments-opened=\"1\" data-image-meta=\"{&quot;aperture&quot;:&quot;0&quot;,&quot;credit&quot;:&quot;&quot;,&quot;camera&quot;:&quot;&quot;,&quot;caption&quot;:&quot;&quot;,&quot;created_timestamp&quot;:&quot;0&quot;,&quot;copyright&quot;:&quot;&quot;,&quot;focal_length&quot;:&quot;0&quot;,&quot;iso&quot;:&quot;0&quot;,&quot;shutter_speed&quot;:&quot;0&quot;,&quot;title&quot;:&quot;&quot;,&quot;orientation&quot;:&quot;0&quot;}\" data-image-title=\"P1199078 Solla &amp;#8211; Foto TJ Krebs\" data-image-description=\"\" data-medium-file=\"https:\/\/i0.wp.com\/www.jazzzeitung.de\/cms\/wp-content\/uploads\/2024\/07\/P1199078-Solla-Foto-TJ-Krebs.jpg?fit=200%2C300&#038;ssl=1\" data-large-file=\"https:\/\/i0.wp.com\/www.jazzzeitung.de\/cms\/wp-content\/uploads\/2024\/07\/P1199078-Solla-Foto-TJ-Krebs.jpg?fit=400%2C600&#038;ssl=1\" src=\"https:\/\/i0.wp.com\/www.jazzzeitung.de\/cms\/wp-content\/uploads\/2024\/07\/P1199078-Solla-Foto-TJ-Krebs.jpg?w=479&#038;h=719&#038;ssl=1\" srcset=\"https:\/\/i0.wp.com\/www.jazzzeitung.de\/cms\/wp-content\/uploads\/2024\/07\/P1199078-Solla-Foto-TJ-Krebs.jpg?w=800&amp;ssl=1 800w, https:\/\/i0.wp.com\/www.jazzzeitung.de\/cms\/wp-content\/uploads\/2024\/07\/P1199078-Solla-Foto-TJ-Krebs.jpg?resize=200%2C300&amp;ssl=1 200w, https:\/\/i0.wp.com\/www.jazzzeitung.de\/cms\/wp-content\/uploads\/2024\/07\/P1199078-Solla-Foto-TJ-Krebs.jpg?resize=400%2C600&amp;ssl=1 400w, https:\/\/i0.wp.com\/www.jazzzeitung.de\/cms\/wp-content\/uploads\/2024\/07\/P1199078-Solla-Foto-TJ-Krebs.jpg?resize=768%2C1153&amp;ssl=1 768w\" width=\"479\" height=\"719\" loading=\"lazy\" data-original-width=\"479\" data-original-height=\"719\" itemprop=\"http:\/\/schema.org\/image\" title=\"P1199078 Solla - Foto TJ Krebs\" alt=\"P1199078 Solla - Foto TJ Krebs\" style=\"width: 479px; height: 719px;\" \/> <\/a> <\/div> <\/div> <!-- close group --> <\/div> <!-- close row --> <div class=\"gallery-row\" style=\"width: 840px; height: 394px;\" data-original-width=\"840\" data-original-height=\"394\" > <div class=\"gallery-group images-1\" style=\"width: 267px; height: 394px;\" data-original-width=\"267\" data-original-height=\"394\" > <div class=\"tiled-gallery-item tiled-gallery-item-large\" itemprop=\"associatedMedia\" itemscope itemtype=\"http:\/\/schema.org\/ImageObject\"> <a href=\"https:\/\/www.jazzzeitung.de\/cms\/2024\/07\/grandios-und-abwechslungsreich-das-internationale-jazz-weekend-unterfoehring\/p1199115-lizana-foto-tj-krebs\/\" border=\"0\" itemprop=\"url\"> <meta itemprop=\"width\" content=\"263\"> <meta itemprop=\"height\" content=\"390\"> <img decoding=\"async\" class=\"\" data-attachment-id=\"31364\" data-orig-file=\"https:\/\/www.jazzzeitung.de\/cms\/wp-content\/uploads\/2024\/07\/P1199115-Lizana-Foto-TJ-Krebs.jpg\" data-orig-size=\"800,1184\" data-comments-opened=\"1\" data-image-meta=\"{&quot;aperture&quot;:&quot;0&quot;,&quot;credit&quot;:&quot;&quot;,&quot;camera&quot;:&quot;&quot;,&quot;caption&quot;:&quot;&quot;,&quot;created_timestamp&quot;:&quot;0&quot;,&quot;copyright&quot;:&quot;&quot;,&quot;focal_length&quot;:&quot;0&quot;,&quot;iso&quot;:&quot;0&quot;,&quot;shutter_speed&quot;:&quot;0&quot;,&quot;title&quot;:&quot;&quot;,&quot;orientation&quot;:&quot;0&quot;}\" data-image-title=\"P1199115 Lizana &amp;#8211; Foto TJ Krebs\" data-image-description=\"\" data-medium-file=\"https:\/\/i0.wp.com\/www.jazzzeitung.de\/cms\/wp-content\/uploads\/2024\/07\/P1199115-Lizana-Foto-TJ-Krebs.jpg?fit=203%2C300&#038;ssl=1\" data-large-file=\"https:\/\/i0.wp.com\/www.jazzzeitung.de\/cms\/wp-content\/uploads\/2024\/07\/P1199115-Lizana-Foto-TJ-Krebs.jpg?fit=405%2C600&#038;ssl=1\" src=\"https:\/\/i0.wp.com\/www.jazzzeitung.de\/cms\/wp-content\/uploads\/2024\/07\/P1199115-Lizana-Foto-TJ-Krebs.jpg?w=263&#038;h=390&#038;ssl=1\" srcset=\"https:\/\/i0.wp.com\/www.jazzzeitung.de\/cms\/wp-content\/uploads\/2024\/07\/P1199115-Lizana-Foto-TJ-Krebs.jpg?w=800&amp;ssl=1 800w, https:\/\/i0.wp.com\/www.jazzzeitung.de\/cms\/wp-content\/uploads\/2024\/07\/P1199115-Lizana-Foto-TJ-Krebs.jpg?resize=203%2C300&amp;ssl=1 203w, https:\/\/i0.wp.com\/www.jazzzeitung.de\/cms\/wp-content\/uploads\/2024\/07\/P1199115-Lizana-Foto-TJ-Krebs.jpg?resize=405%2C600&amp;ssl=1 405w, https:\/\/i0.wp.com\/www.jazzzeitung.de\/cms\/wp-content\/uploads\/2024\/07\/P1199115-Lizana-Foto-TJ-Krebs.jpg?resize=768%2C1137&amp;ssl=1 768w\" width=\"263\" height=\"390\" loading=\"lazy\" data-original-width=\"263\" data-original-height=\"390\" itemprop=\"http:\/\/schema.org\/image\" title=\"P1199115 Lizana - Foto TJ Krebs\" alt=\"P1199115 Lizana - Foto TJ Krebs\" style=\"width: 263px; height: 390px;\" \/> <\/a> <\/div> <\/div> <!-- close group --> <div class=\"gallery-group images-1\" style=\"width: 573px; height: 394px;\" data-original-width=\"573\" data-original-height=\"394\" > <div class=\"tiled-gallery-item tiled-gallery-item-large\" itemprop=\"associatedMedia\" itemscope itemtype=\"http:\/\/schema.org\/ImageObject\"> <a href=\"https:\/\/www.jazzzeitung.de\/cms\/2024\/07\/grandios-und-abwechslungsreich-das-internationale-jazz-weekend-unterfoehring\/p1199254-solla-lizana-4-foto-tj-krebs\/\" border=\"0\" itemprop=\"url\"> <meta itemprop=\"width\" content=\"569\"> <meta itemprop=\"height\" content=\"390\"> <img decoding=\"async\" class=\"\" data-attachment-id=\"31365\" data-orig-file=\"https:\/\/www.jazzzeitung.de\/cms\/wp-content\/uploads\/2024\/07\/P1199254-Solla-Lizana-4-Foto-TJ-Krebs.jpg\" data-orig-size=\"1200,822\" data-comments-opened=\"1\" data-image-meta=\"{&quot;aperture&quot;:&quot;0&quot;,&quot;credit&quot;:&quot;&quot;,&quot;camera&quot;:&quot;&quot;,&quot;caption&quot;:&quot;&quot;,&quot;created_timestamp&quot;:&quot;0&quot;,&quot;copyright&quot;:&quot;&quot;,&quot;focal_length&quot;:&quot;0&quot;,&quot;iso&quot;:&quot;0&quot;,&quot;shutter_speed&quot;:&quot;0&quot;,&quot;title&quot;:&quot;&quot;,&quot;orientation&quot;:&quot;0&quot;}\" data-image-title=\"P1199254 Solla-Lizana 4 &amp;#8211; Foto TJ Krebs\" data-image-description=\"\" data-medium-file=\"https:\/\/i0.wp.com\/www.jazzzeitung.de\/cms\/wp-content\/uploads\/2024\/07\/P1199254-Solla-Lizana-4-Foto-TJ-Krebs.jpg?fit=300%2C206&#038;ssl=1\" data-large-file=\"https:\/\/i0.wp.com\/www.jazzzeitung.de\/cms\/wp-content\/uploads\/2024\/07\/P1199254-Solla-Lizana-4-Foto-TJ-Krebs.jpg?fit=840%2C575&#038;ssl=1\" src=\"https:\/\/i0.wp.com\/www.jazzzeitung.de\/cms\/wp-content\/uploads\/2024\/07\/P1199254-Solla-Lizana-4-Foto-TJ-Krebs.jpg?w=569&#038;h=390&#038;ssl=1\" srcset=\"https:\/\/i0.wp.com\/www.jazzzeitung.de\/cms\/wp-content\/uploads\/2024\/07\/P1199254-Solla-Lizana-4-Foto-TJ-Krebs.jpg?w=1200&amp;ssl=1 1200w, https:\/\/i0.wp.com\/www.jazzzeitung.de\/cms\/wp-content\/uploads\/2024\/07\/P1199254-Solla-Lizana-4-Foto-TJ-Krebs.jpg?resize=300%2C206&amp;ssl=1 300w, https:\/\/i0.wp.com\/www.jazzzeitung.de\/cms\/wp-content\/uploads\/2024\/07\/P1199254-Solla-Lizana-4-Foto-TJ-Krebs.jpg?resize=876%2C600&amp;ssl=1 876w, https:\/\/i0.wp.com\/www.jazzzeitung.de\/cms\/wp-content\/uploads\/2024\/07\/P1199254-Solla-Lizana-4-Foto-TJ-Krebs.jpg?resize=768%2C526&amp;ssl=1 768w\" width=\"569\" height=\"390\" loading=\"lazy\" data-original-width=\"569\" data-original-height=\"390\" itemprop=\"http:\/\/schema.org\/image\" title=\"P1199254 Solla-Lizana 4 - Foto TJ Krebs\" alt=\"P1199254 Solla-Lizana 4 - Foto TJ Krebs\" style=\"width: 569px; height: 390px;\" \/> <\/a> <\/div> <\/div> <!-- close group --> <\/div> <!-- close row --> <div class=\"gallery-row\" style=\"width: 840px; height: 564px;\" data-original-width=\"840\" data-original-height=\"564\" > <div class=\"gallery-group images-1\" style=\"width: 840px; height: 564px;\" data-original-width=\"840\" data-original-height=\"564\" > <div class=\"tiled-gallery-item tiled-gallery-item-large\" itemprop=\"associatedMedia\" itemscope itemtype=\"http:\/\/schema.org\/ImageObject\"> <a href=\"https:\/\/www.jazzzeitung.de\/cms\/2024\/07\/grandios-und-abwechslungsreich-das-internationale-jazz-weekend-unterfoehring\/p1199282-solla-lizana-foto-tj-krebs\/\" border=\"0\" itemprop=\"url\"> <meta itemprop=\"width\" content=\"836\"> <meta itemprop=\"height\" content=\"560\"> <img decoding=\"async\" class=\"\" data-attachment-id=\"31366\" data-orig-file=\"https:\/\/www.jazzzeitung.de\/cms\/wp-content\/uploads\/2024\/07\/P1199282-Solla-Lizana-Foto-TJ-Krebs.jpg\" data-orig-size=\"1200,804\" data-comments-opened=\"1\" data-image-meta=\"{&quot;aperture&quot;:&quot;0&quot;,&quot;credit&quot;:&quot;&quot;,&quot;camera&quot;:&quot;&quot;,&quot;caption&quot;:&quot;&quot;,&quot;created_timestamp&quot;:&quot;0&quot;,&quot;copyright&quot;:&quot;&quot;,&quot;focal_length&quot;:&quot;0&quot;,&quot;iso&quot;:&quot;0&quot;,&quot;shutter_speed&quot;:&quot;0&quot;,&quot;title&quot;:&quot;&quot;,&quot;orientation&quot;:&quot;0&quot;}\" data-image-title=\"P1199282 Solla-Lizana &amp;#8211; Foto TJ Krebs\" data-image-description=\"\" data-medium-file=\"https:\/\/i0.wp.com\/www.jazzzeitung.de\/cms\/wp-content\/uploads\/2024\/07\/P1199282-Solla-Lizana-Foto-TJ-Krebs.jpg?fit=300%2C201&#038;ssl=1\" data-large-file=\"https:\/\/i0.wp.com\/www.jazzzeitung.de\/cms\/wp-content\/uploads\/2024\/07\/P1199282-Solla-Lizana-Foto-TJ-Krebs.jpg?fit=840%2C563&#038;ssl=1\" src=\"https:\/\/i0.wp.com\/www.jazzzeitung.de\/cms\/wp-content\/uploads\/2024\/07\/P1199282-Solla-Lizana-Foto-TJ-Krebs.jpg?w=836&#038;h=560&#038;ssl=1\" srcset=\"https:\/\/i0.wp.com\/www.jazzzeitung.de\/cms\/wp-content\/uploads\/2024\/07\/P1199282-Solla-Lizana-Foto-TJ-Krebs.jpg?w=1200&amp;ssl=1 1200w, https:\/\/i0.wp.com\/www.jazzzeitung.de\/cms\/wp-content\/uploads\/2024\/07\/P1199282-Solla-Lizana-Foto-TJ-Krebs.jpg?resize=300%2C201&amp;ssl=1 300w, https:\/\/i0.wp.com\/www.jazzzeitung.de\/cms\/wp-content\/uploads\/2024\/07\/P1199282-Solla-Lizana-Foto-TJ-Krebs.jpg?resize=896%2C600&amp;ssl=1 896w, https:\/\/i0.wp.com\/www.jazzzeitung.de\/cms\/wp-content\/uploads\/2024\/07\/P1199282-Solla-Lizana-Foto-TJ-Krebs.jpg?resize=768%2C515&amp;ssl=1 768w, https:\/\/i0.wp.com\/www.jazzzeitung.de\/cms\/wp-content\/uploads\/2024\/07\/P1199282-Solla-Lizana-Foto-TJ-Krebs.jpg?resize=120%2C80&amp;ssl=1 120w\" width=\"836\" height=\"560\" loading=\"lazy\" data-original-width=\"836\" data-original-height=\"560\" itemprop=\"http:\/\/schema.org\/image\" title=\"P1199282 Solla-Lizana - Foto TJ Krebs\" alt=\"P1199282 Solla-Lizana - Foto TJ Krebs\" style=\"width: 836px; height: 560px;\" \/> <\/a> <\/div> <\/div> <!-- close group --> <\/div> <!-- close row --> <\/div>\n<h3>Nachdenklich: Christian McBride\u2019s New Quintet<\/h3>\n<p>Am Abend darauf der eigentliche Headliner des Festivals: Christian McBride mit seinem New Quintet. Im Nachgang hinterlie\u00df der mit Spannung erwartete Bassist Christian McBride viele Fans ein wenig ratlos. In den 90 Minuten des Konzertes wurde zwar ein abwechslungsreiches Programm pr\u00e4sentiert: Eigenkompositionen, Standards wie Herbie Hancocks \u201eDolphin Dance\u201c oder Chick Coreas \u201eLa Fiesta\u201c, aber so richtig z\u00fcndete es nicht. McBride und seine Band spielten eher mit angezogener Handbremse als es richtig krachen zu lassen, wie man es sowohl von Keyboarder Mike King oder Schlagzeugerin Savannah Harris gewohnt ist. Auch die Soli von Saxophonistin Nicole Glover und Gitarristen Ely Perlman waren an dem Abend eher brav als bahnbrechend. Bei einer solch hochkar\u00e4tigen Band erwarten die Zuh\u00f6rer einfach mehr als eine technisch lupenreine Jazz-Session.<\/p>\n<h3>Grandios: Emilio Solla &amp; Antonio Lizana<\/h3>\n<p>Den kr\u00f6nenden Abschluss des Jazz-Weekends bestritten der Pianist Emilio Solla gemeinsam mit dem S\u00e4nger und Saxophonisten Antonio Lizana im Quartett mit dem Bassisten Pablo Martin Caminero und Ferenc Nemeth am Schlagzeug. Mitrei\u00dfend von der ersten Minute pr\u00e4sentierten sie ihr revolution\u00e4res Jazz-, Tango- &amp; Flamencoprogramm. Neben ihren, auf dem aktuellen Album vertretenden eigenen Kompositionen, spielten sie herrlich arrangierte Klassiker wie Chick Coreas \u201eCrystal Slience\u201c oder den Klassiker \u00a0\u201eLuna Tucumana\u201c. Nach der ersten geplanten Zugabe gab es, nach tobendem Applaus, noch ein ber\u00fchrendes Duo der beiden Ausnahmemusiker.<\/p>\n<p>Was f\u00fcr ein herrliches Jazz-Wochenende \u2013 volles Haus, das Publikum begeistert! Die Musiker entspannt und bestens gelaunt. Gute Gespr\u00e4che vor und nach den Veranstaltungen, alles ein gro\u00dfes Miteinander, das nicht nur jazzm\u00e4\u00dfig verbindet. Das Internationale Jazz-Weekend Unterf\u00f6hring ist sowohl f\u00fcr Zuh\u00f6rer als auch f\u00fcr die Musiker ein besonderes Festival. Die vom Veranstalter und dem ganzen Team gepr\u00e4gten guten Vibes zeichnen dieses einzigartige Weekend aus! Intimes Ambiente, statt gro\u00dfem, unpers\u00f6nlichen Festivalzirkus. Die direkte N\u00e4he der Musiker zum Publikum, ein ausgewogener, perfekter Klang und das tolle Ambiente im B\u00fcrgerhaus sorgten f\u00fcr beste Stimmung.<\/p>\n<p>&nbsp;<\/p>\n<p>&nbsp;<\/p>\n<p>&nbsp;<\/p>\n<p>&nbsp;<\/p>\n","protected":false},"excerpt":{"rendered":"<p>(Text &amp; Fotos: Thomas J. Krebs) Seit mittlerweile 21 Jahren l\u00e4sst Unterf\u00f6hring es jazztechnisch einmal im Jahr besonders krachen &#8211; beim Internationalen Jazz-Weekend! So gab es auch dieses Jahr wieder sowohl Bew\u00e4hrtes als auch so manche musikalische \u00dcberraschung im B\u00fcrgerhaus der Gemeinde. Soviel schon vorab: es war mal wieder ein ereignisreiches, wohltuendes Wochenende. Beeindruckend: Dominique Fils-Aim\u00e9 Den offiziellen Startschuss des Jazz-Weekends bestritt traditionell die Jazzbande diesmal mit einem \u201eJazz-Quiz\u201c f\u00fcr alle gro\u00dfen und kleinen Musik- wie Jazzinteressierten. Den Auftakt der internationalen Konzertreihe gab die aus Quebec stammende kanadische Singer- und Songwriterin Dominique Fils-Aim\u00e9 mit ihrer Band. Vor dem Konzert gab es &#8211; mittlerweile eine wunderbare Tradition &#8211; die Begr\u00fc\u00dfung des Publikums durch die Leiterin des Kulturamtes Barbara Schulte-Rief sowie eine profunde Konzerteinf\u00fchrung mit Oliver Hochkeppel (SZ) und der K\u00fcnstlerin. Durch geschickt gestellte Fragen er\u00f6ffnete sie so aufschlussreiche Einblicke in ihre Musik und Schaffen. Es folgte ein Abend, den das Publikum so schnell nicht vergessen wird. Fils-Aim\u00e9 betrat die B\u00fchne im langen schwarzen Kleid, barfu\u00df, setzte sich im Schneidersitz auf das Podest in der Mitte der B\u00fchne und begann die ersten Minuten mit einem Solo, das &hellip;<\/p>\n","protected":false},"author":18,"featured_media":31353,"comment_status":"open","ping_status":"closed","sticky":false,"template":"","format":"standard","meta":{"_jetpack_memberships_contains_paid_content":false,"footnotes":"","jetpack_publicize_message":"","jetpack_publicize_feature_enabled":true,"jetpack_social_post_already_shared":true,"jetpack_social_options":{"image_generator_settings":{"template":"highway","default_image_id":0,"font":"","enabled":false},"version":2}},"categories":[1053],"tags":[5434,682,1004,2861,1260],"coauthors":[695],"class_list":["post-31352","post","type-post","status-publish","format-standard","has-post-thumbnail","hentry","category-bericht","tag-5434","tag-festivals","tag-jazz-weekend-unterfoehring","tag-jazzzeitung-de","tag-thomas-j-krebs"],"yoast_head":"<!-- This site is optimized with the Yoast SEO plugin v27.5 - https:\/\/yoast.com\/product\/yoast-seo-wordpress\/ -->\n<title>Grandios und abwechslungsreich \u2013 das Internationale Jazz-Weekend Unterf\u00f6hring - JazzZeitung<\/title>\n<meta name=\"robots\" content=\"index, follow, max-snippet:-1, max-image-preview:large, max-video-preview:-1\" \/>\n<link rel=\"canonical\" href=\"https:\/\/www.jazzzeitung.de\/cms\/2024\/07\/grandios-und-abwechslungsreich-das-internationale-jazz-weekend-unterfoehring\/\" \/>\n<meta property=\"og:locale\" content=\"de_DE\" \/>\n<meta property=\"og:type\" content=\"article\" \/>\n<meta property=\"og:title\" content=\"Grandios und abwechslungsreich \u2013 das Internationale Jazz-Weekend Unterf\u00f6hring - JazzZeitung\" \/>\n<meta property=\"og:description\" content=\"(Text &amp; Fotos: Thomas J. Krebs) Seit mittlerweile 21 Jahren l\u00e4sst Unterf\u00f6hring es jazztechnisch einmal im Jahr besonders krachen &#8211; beim Internationalen Jazz-Weekend! So gab es auch dieses Jahr wieder sowohl Bew\u00e4hrtes als auch so manche musikalische \u00dcberraschung im B\u00fcrgerhaus der Gemeinde. Soviel schon vorab: es war mal wieder ein ereignisreiches, wohltuendes Wochenende. Beeindruckend: Dominique Fils-Aim\u00e9 Den offiziellen Startschuss des Jazz-Weekends bestritt traditionell die Jazzbande diesmal mit einem \u201eJazz-Quiz\u201c f\u00fcr alle gro\u00dfen und kleinen Musik- wie Jazzinteressierten. Den Auftakt der internationalen Konzertreihe gab die aus Quebec stammende kanadische Singer- und Songwriterin Dominique Fils-Aim\u00e9 mit ihrer Band. Vor dem Konzert gab es &#8211; mittlerweile eine wunderbare Tradition &#8211; die Begr\u00fc\u00dfung des Publikums durch die Leiterin des Kulturamtes Barbara Schulte-Rief sowie eine profunde Konzerteinf\u00fchrung mit Oliver Hochkeppel (SZ) und der K\u00fcnstlerin. Durch geschickt gestellte Fragen er\u00f6ffnete sie so aufschlussreiche Einblicke in ihre Musik und Schaffen. Es folgte ein Abend, den das Publikum so schnell nicht vergessen wird. Fils-Aim\u00e9 betrat die B\u00fchne im langen schwarzen Kleid, barfu\u00df, setzte sich im Schneidersitz auf das Podest in der Mitte der B\u00fchne und begann die ersten Minuten mit einem Solo, das &hellip;\" \/>\n<meta property=\"og:url\" content=\"https:\/\/www.jazzzeitung.de\/cms\/2024\/07\/grandios-und-abwechslungsreich-das-internationale-jazz-weekend-unterfoehring\/\" \/>\n<meta property=\"og:site_name\" content=\"JazzZeitung\" \/>\n<meta property=\"article:publisher\" content=\"https:\/\/www.facebook.com\/JazzZeitung\/\" \/>\n<meta property=\"article:published_time\" content=\"2024-07-18T09:28:49+00:00\" \/>\n<meta property=\"og:image\" content=\"https:\/\/i0.wp.com\/www.jazzzeitung.de\/cms\/wp-content\/uploads\/2024\/07\/P1188624-Fils-Aime-5-Foto-TJ-Krebs.jpg?fit=1200%2C799&ssl=1\" \/>\n\t<meta property=\"og:image:width\" content=\"1200\" \/>\n\t<meta property=\"og:image:height\" content=\"799\" \/>\n\t<meta property=\"og:image:type\" content=\"image\/jpeg\" \/>\n<meta name=\"author\" content=\"Redaktion JazzZeitung\" \/>\n<script type=\"application\/ld+json\" class=\"yoast-schema-graph\">{\"@context\":\"https:\\\/\\\/schema.org\",\"@graph\":[{\"@type\":\"Article\",\"@id\":\"https:\\\/\\\/www.jazzzeitung.de\\\/cms\\\/2024\\\/07\\\/grandios-und-abwechslungsreich-das-internationale-jazz-weekend-unterfoehring\\\/#article\",\"isPartOf\":{\"@id\":\"https:\\\/\\\/www.jazzzeitung.de\\\/cms\\\/2024\\\/07\\\/grandios-und-abwechslungsreich-das-internationale-jazz-weekend-unterfoehring\\\/\"},\"author\":{\"name\":\"Redaktion JazzZeitung\",\"@id\":\"https:\\\/\\\/www.jazzzeitung.de\\\/cms\\\/#\\\/schema\\\/person\\\/2245b36b9cd1d24cea10f01c031fb92b\"},\"headline\":\"Grandios und abwechslungsreich \u2013 das Internationale Jazz-Weekend Unterf\u00f6hring\",\"datePublished\":\"2024-07-18T09:28:49+00:00\",\"mainEntityOfPage\":{\"@id\":\"https:\\\/\\\/www.jazzzeitung.de\\\/cms\\\/2024\\\/07\\\/grandios-und-abwechslungsreich-das-internationale-jazz-weekend-unterfoehring\\\/\"},\"wordCount\":619,\"commentCount\":0,\"publisher\":{\"@id\":\"https:\\\/\\\/www.jazzzeitung.de\\\/cms\\\/#organization\"},\"image\":{\"@id\":\"https:\\\/\\\/www.jazzzeitung.de\\\/cms\\\/2024\\\/07\\\/grandios-und-abwechslungsreich-das-internationale-jazz-weekend-unterfoehring\\\/#primaryimage\"},\"thumbnailUrl\":\"https:\\\/\\\/i0.wp.com\\\/www.jazzzeitung.de\\\/cms\\\/wp-content\\\/uploads\\\/2024\\\/07\\\/P1188624-Fils-Aime-5-Foto-TJ-Krebs.jpg?fit=1200%2C799&ssl=1\",\"keywords\":[\"2024\",\"Festivals\",\"Jazz-Weekend Unterf\u00f6hring\",\"JazzZeitung.de\",\"Thomas J. Krebs\"],\"articleSection\":[\"Bericht\"],\"inLanguage\":\"de\",\"potentialAction\":[{\"@type\":\"CommentAction\",\"name\":\"Comment\",\"target\":[\"https:\\\/\\\/www.jazzzeitung.de\\\/cms\\\/2024\\\/07\\\/grandios-und-abwechslungsreich-das-internationale-jazz-weekend-unterfoehring\\\/#respond\"]}]},{\"@type\":\"WebPage\",\"@id\":\"https:\\\/\\\/www.jazzzeitung.de\\\/cms\\\/2024\\\/07\\\/grandios-und-abwechslungsreich-das-internationale-jazz-weekend-unterfoehring\\\/\",\"url\":\"https:\\\/\\\/www.jazzzeitung.de\\\/cms\\\/2024\\\/07\\\/grandios-und-abwechslungsreich-das-internationale-jazz-weekend-unterfoehring\\\/\",\"name\":\"Grandios und abwechslungsreich \u2013 das Internationale Jazz-Weekend Unterf\u00f6hring - JazzZeitung\",\"isPartOf\":{\"@id\":\"https:\\\/\\\/www.jazzzeitung.de\\\/cms\\\/#website\"},\"primaryImageOfPage\":{\"@id\":\"https:\\\/\\\/www.jazzzeitung.de\\\/cms\\\/2024\\\/07\\\/grandios-und-abwechslungsreich-das-internationale-jazz-weekend-unterfoehring\\\/#primaryimage\"},\"image\":{\"@id\":\"https:\\\/\\\/www.jazzzeitung.de\\\/cms\\\/2024\\\/07\\\/grandios-und-abwechslungsreich-das-internationale-jazz-weekend-unterfoehring\\\/#primaryimage\"},\"thumbnailUrl\":\"https:\\\/\\\/i0.wp.com\\\/www.jazzzeitung.de\\\/cms\\\/wp-content\\\/uploads\\\/2024\\\/07\\\/P1188624-Fils-Aime-5-Foto-TJ-Krebs.jpg?fit=1200%2C799&ssl=1\",\"datePublished\":\"2024-07-18T09:28:49+00:00\",\"breadcrumb\":{\"@id\":\"https:\\\/\\\/www.jazzzeitung.de\\\/cms\\\/2024\\\/07\\\/grandios-und-abwechslungsreich-das-internationale-jazz-weekend-unterfoehring\\\/#breadcrumb\"},\"inLanguage\":\"de\",\"potentialAction\":[{\"@type\":\"ReadAction\",\"target\":[\"https:\\\/\\\/www.jazzzeitung.de\\\/cms\\\/2024\\\/07\\\/grandios-und-abwechslungsreich-das-internationale-jazz-weekend-unterfoehring\\\/\"]}]},{\"@type\":\"ImageObject\",\"inLanguage\":\"de\",\"@id\":\"https:\\\/\\\/www.jazzzeitung.de\\\/cms\\\/2024\\\/07\\\/grandios-und-abwechslungsreich-das-internationale-jazz-weekend-unterfoehring\\\/#primaryimage\",\"url\":\"https:\\\/\\\/i0.wp.com\\\/www.jazzzeitung.de\\\/cms\\\/wp-content\\\/uploads\\\/2024\\\/07\\\/P1188624-Fils-Aime-5-Foto-TJ-Krebs.jpg?fit=1200%2C799&ssl=1\",\"contentUrl\":\"https:\\\/\\\/i0.wp.com\\\/www.jazzzeitung.de\\\/cms\\\/wp-content\\\/uploads\\\/2024\\\/07\\\/P1188624-Fils-Aime-5-Foto-TJ-Krebs.jpg?fit=1200%2C799&ssl=1\",\"width\":1200,\"height\":799},{\"@type\":\"BreadcrumbList\",\"@id\":\"https:\\\/\\\/www.jazzzeitung.de\\\/cms\\\/2024\\\/07\\\/grandios-und-abwechslungsreich-das-internationale-jazz-weekend-unterfoehring\\\/#breadcrumb\",\"itemListElement\":[{\"@type\":\"ListItem\",\"position\":1,\"name\":\"Startseite\",\"item\":\"https:\\\/\\\/www.jazzzeitung.de\\\/cms\\\/\"},{\"@type\":\"ListItem\",\"position\":2,\"name\":\"Grandios und abwechslungsreich \u2013 das Internationale Jazz-Weekend Unterf\u00f6hring\"}]},{\"@type\":\"WebSite\",\"@id\":\"https:\\\/\\\/www.jazzzeitung.de\\\/cms\\\/#website\",\"url\":\"https:\\\/\\\/www.jazzzeitung.de\\\/cms\\\/\",\"name\":\"JazzZeitung\",\"description\":\"Jazz-News und Jazz-Kontroverses\",\"publisher\":{\"@id\":\"https:\\\/\\\/www.jazzzeitung.de\\\/cms\\\/#organization\"},\"potentialAction\":[{\"@type\":\"SearchAction\",\"target\":{\"@type\":\"EntryPoint\",\"urlTemplate\":\"https:\\\/\\\/www.jazzzeitung.de\\\/cms\\\/?s={search_term_string}\"},\"query-input\":{\"@type\":\"PropertyValueSpecification\",\"valueRequired\":true,\"valueName\":\"search_term_string\"}}],\"inLanguage\":\"de\"},{\"@type\":\"Organization\",\"@id\":\"https:\\\/\\\/www.jazzzeitung.de\\\/cms\\\/#organization\",\"name\":\"JazzZeitung online\",\"url\":\"https:\\\/\\\/www.jazzzeitung.de\\\/cms\\\/\",\"logo\":{\"@type\":\"ImageObject\",\"inLanguage\":\"de\",\"@id\":\"https:\\\/\\\/www.jazzzeitung.de\\\/cms\\\/#\\\/schema\\\/logo\\\/image\\\/\",\"url\":\"https:\\\/\\\/i0.wp.com\\\/www.jazzzeitung.de\\\/cms\\\/wp-content\\\/uploads\\\/2015\\\/08\\\/JAZZZEITUNGDE_Logo_Neu.png?fit=499%2C200&ssl=1\",\"contentUrl\":\"https:\\\/\\\/i0.wp.com\\\/www.jazzzeitung.de\\\/cms\\\/wp-content\\\/uploads\\\/2015\\\/08\\\/JAZZZEITUNGDE_Logo_Neu.png?fit=499%2C200&ssl=1\",\"width\":499,\"height\":200,\"caption\":\"JazzZeitung online\"},\"image\":{\"@id\":\"https:\\\/\\\/www.jazzzeitung.de\\\/cms\\\/#\\\/schema\\\/logo\\\/image\\\/\"},\"sameAs\":[\"https:\\\/\\\/www.facebook.com\\\/JazzZeitung\\\/\"]},{\"@type\":\"Person\",\"@id\":\"https:\\\/\\\/www.jazzzeitung.de\\\/cms\\\/#\\\/schema\\\/person\\\/2245b36b9cd1d24cea10f01c031fb92b\",\"name\":\"Redaktion JazzZeitung\",\"image\":{\"@type\":\"ImageObject\",\"inLanguage\":\"de\",\"@id\":\"https:\\\/\\\/i0.wp.com\\\/www.jazzzeitung.de\\\/cms\\\/wp-content\\\/uploads\\\/2015\\\/08\\\/JAZZZEITUNGDE_Logo_Neu.png?resize=96%2C96&ssl=159975dcacb611b5700bd619b5daf0a7a\",\"url\":\"https:\\\/\\\/i0.wp.com\\\/www.jazzzeitung.de\\\/cms\\\/wp-content\\\/uploads\\\/2015\\\/08\\\/JAZZZEITUNGDE_Logo_Neu.png?resize=96%2C96&ssl=1\",\"contentUrl\":\"https:\\\/\\\/i0.wp.com\\\/www.jazzzeitung.de\\\/cms\\\/wp-content\\\/uploads\\\/2015\\\/08\\\/JAZZZEITUNGDE_Logo_Neu.png?resize=96%2C96&ssl=1\",\"caption\":\"Redaktion JazzZeitung\"},\"description\":\"Artikel der Redaktion der JazzZeitung.\",\"sameAs\":[\"http:\\\/\\\/www.jazzzeitung.de\\\/cms\\\/\"],\"url\":\"https:\\\/\\\/www.jazzzeitung.de\\\/cms\\\/author\\\/redaktion\\\/\"}]}<\/script>\n<!-- \/ Yoast SEO plugin. -->","yoast_head_json":{"title":"Grandios und abwechslungsreich \u2013 das Internationale Jazz-Weekend Unterf\u00f6hring - JazzZeitung","robots":{"index":"index","follow":"follow","max-snippet":"max-snippet:-1","max-image-preview":"max-image-preview:large","max-video-preview":"max-video-preview:-1"},"canonical":"https:\/\/www.jazzzeitung.de\/cms\/2024\/07\/grandios-und-abwechslungsreich-das-internationale-jazz-weekend-unterfoehring\/","og_locale":"de_DE","og_type":"article","og_title":"Grandios und abwechslungsreich \u2013 das Internationale Jazz-Weekend Unterf\u00f6hring - JazzZeitung","og_description":"(Text &amp; Fotos: Thomas J. Krebs) Seit mittlerweile 21 Jahren l\u00e4sst Unterf\u00f6hring es jazztechnisch einmal im Jahr besonders krachen &#8211; beim Internationalen Jazz-Weekend! So gab es auch dieses Jahr wieder sowohl Bew\u00e4hrtes als auch so manche musikalische \u00dcberraschung im B\u00fcrgerhaus der Gemeinde. Soviel schon vorab: es war mal wieder ein ereignisreiches, wohltuendes Wochenende. Beeindruckend: Dominique Fils-Aim\u00e9 Den offiziellen Startschuss des Jazz-Weekends bestritt traditionell die Jazzbande diesmal mit einem \u201eJazz-Quiz\u201c f\u00fcr alle gro\u00dfen und kleinen Musik- wie Jazzinteressierten. Den Auftakt der internationalen Konzertreihe gab die aus Quebec stammende kanadische Singer- und Songwriterin Dominique Fils-Aim\u00e9 mit ihrer Band. Vor dem Konzert gab es &#8211; mittlerweile eine wunderbare Tradition &#8211; die Begr\u00fc\u00dfung des Publikums durch die Leiterin des Kulturamtes Barbara Schulte-Rief sowie eine profunde Konzerteinf\u00fchrung mit Oliver Hochkeppel (SZ) und der K\u00fcnstlerin. Durch geschickt gestellte Fragen er\u00f6ffnete sie so aufschlussreiche Einblicke in ihre Musik und Schaffen. Es folgte ein Abend, den das Publikum so schnell nicht vergessen wird. Fils-Aim\u00e9 betrat die B\u00fchne im langen schwarzen Kleid, barfu\u00df, setzte sich im Schneidersitz auf das Podest in der Mitte der B\u00fchne und begann die ersten Minuten mit einem Solo, das &hellip;","og_url":"https:\/\/www.jazzzeitung.de\/cms\/2024\/07\/grandios-und-abwechslungsreich-das-internationale-jazz-weekend-unterfoehring\/","og_site_name":"JazzZeitung","article_publisher":"https:\/\/www.facebook.com\/JazzZeitung\/","article_published_time":"2024-07-18T09:28:49+00:00","og_image":[{"width":1200,"height":799,"url":"https:\/\/i0.wp.com\/www.jazzzeitung.de\/cms\/wp-content\/uploads\/2024\/07\/P1188624-Fils-Aime-5-Foto-TJ-Krebs.jpg?fit=1200%2C799&ssl=1","type":"image\/jpeg"}],"author":"Redaktion JazzZeitung","schema":{"@context":"https:\/\/schema.org","@graph":[{"@type":"Article","@id":"https:\/\/www.jazzzeitung.de\/cms\/2024\/07\/grandios-und-abwechslungsreich-das-internationale-jazz-weekend-unterfoehring\/#article","isPartOf":{"@id":"https:\/\/www.jazzzeitung.de\/cms\/2024\/07\/grandios-und-abwechslungsreich-das-internationale-jazz-weekend-unterfoehring\/"},"author":{"name":"Redaktion JazzZeitung","@id":"https:\/\/www.jazzzeitung.de\/cms\/#\/schema\/person\/2245b36b9cd1d24cea10f01c031fb92b"},"headline":"Grandios und abwechslungsreich \u2013 das Internationale Jazz-Weekend Unterf\u00f6hring","datePublished":"2024-07-18T09:28:49+00:00","mainEntityOfPage":{"@id":"https:\/\/www.jazzzeitung.de\/cms\/2024\/07\/grandios-und-abwechslungsreich-das-internationale-jazz-weekend-unterfoehring\/"},"wordCount":619,"commentCount":0,"publisher":{"@id":"https:\/\/www.jazzzeitung.de\/cms\/#organization"},"image":{"@id":"https:\/\/www.jazzzeitung.de\/cms\/2024\/07\/grandios-und-abwechslungsreich-das-internationale-jazz-weekend-unterfoehring\/#primaryimage"},"thumbnailUrl":"https:\/\/i0.wp.com\/www.jazzzeitung.de\/cms\/wp-content\/uploads\/2024\/07\/P1188624-Fils-Aime-5-Foto-TJ-Krebs.jpg?fit=1200%2C799&ssl=1","keywords":["2024","Festivals","Jazz-Weekend Unterf\u00f6hring","JazzZeitung.de","Thomas J. Krebs"],"articleSection":["Bericht"],"inLanguage":"de","potentialAction":[{"@type":"CommentAction","name":"Comment","target":["https:\/\/www.jazzzeitung.de\/cms\/2024\/07\/grandios-und-abwechslungsreich-das-internationale-jazz-weekend-unterfoehring\/#respond"]}]},{"@type":"WebPage","@id":"https:\/\/www.jazzzeitung.de\/cms\/2024\/07\/grandios-und-abwechslungsreich-das-internationale-jazz-weekend-unterfoehring\/","url":"https:\/\/www.jazzzeitung.de\/cms\/2024\/07\/grandios-und-abwechslungsreich-das-internationale-jazz-weekend-unterfoehring\/","name":"Grandios und abwechslungsreich \u2013 das Internationale Jazz-Weekend Unterf\u00f6hring - JazzZeitung","isPartOf":{"@id":"https:\/\/www.jazzzeitung.de\/cms\/#website"},"primaryImageOfPage":{"@id":"https:\/\/www.jazzzeitung.de\/cms\/2024\/07\/grandios-und-abwechslungsreich-das-internationale-jazz-weekend-unterfoehring\/#primaryimage"},"image":{"@id":"https:\/\/www.jazzzeitung.de\/cms\/2024\/07\/grandios-und-abwechslungsreich-das-internationale-jazz-weekend-unterfoehring\/#primaryimage"},"thumbnailUrl":"https:\/\/i0.wp.com\/www.jazzzeitung.de\/cms\/wp-content\/uploads\/2024\/07\/P1188624-Fils-Aime-5-Foto-TJ-Krebs.jpg?fit=1200%2C799&ssl=1","datePublished":"2024-07-18T09:28:49+00:00","breadcrumb":{"@id":"https:\/\/www.jazzzeitung.de\/cms\/2024\/07\/grandios-und-abwechslungsreich-das-internationale-jazz-weekend-unterfoehring\/#breadcrumb"},"inLanguage":"de","potentialAction":[{"@type":"ReadAction","target":["https:\/\/www.jazzzeitung.de\/cms\/2024\/07\/grandios-und-abwechslungsreich-das-internationale-jazz-weekend-unterfoehring\/"]}]},{"@type":"ImageObject","inLanguage":"de","@id":"https:\/\/www.jazzzeitung.de\/cms\/2024\/07\/grandios-und-abwechslungsreich-das-internationale-jazz-weekend-unterfoehring\/#primaryimage","url":"https:\/\/i0.wp.com\/www.jazzzeitung.de\/cms\/wp-content\/uploads\/2024\/07\/P1188624-Fils-Aime-5-Foto-TJ-Krebs.jpg?fit=1200%2C799&ssl=1","contentUrl":"https:\/\/i0.wp.com\/www.jazzzeitung.de\/cms\/wp-content\/uploads\/2024\/07\/P1188624-Fils-Aime-5-Foto-TJ-Krebs.jpg?fit=1200%2C799&ssl=1","width":1200,"height":799},{"@type":"BreadcrumbList","@id":"https:\/\/www.jazzzeitung.de\/cms\/2024\/07\/grandios-und-abwechslungsreich-das-internationale-jazz-weekend-unterfoehring\/#breadcrumb","itemListElement":[{"@type":"ListItem","position":1,"name":"Startseite","item":"https:\/\/www.jazzzeitung.de\/cms\/"},{"@type":"ListItem","position":2,"name":"Grandios und abwechslungsreich \u2013 das Internationale Jazz-Weekend Unterf\u00f6hring"}]},{"@type":"WebSite","@id":"https:\/\/www.jazzzeitung.de\/cms\/#website","url":"https:\/\/www.jazzzeitung.de\/cms\/","name":"JazzZeitung","description":"Jazz-News und Jazz-Kontroverses","publisher":{"@id":"https:\/\/www.jazzzeitung.de\/cms\/#organization"},"potentialAction":[{"@type":"SearchAction","target":{"@type":"EntryPoint","urlTemplate":"https:\/\/www.jazzzeitung.de\/cms\/?s={search_term_string}"},"query-input":{"@type":"PropertyValueSpecification","valueRequired":true,"valueName":"search_term_string"}}],"inLanguage":"de"},{"@type":"Organization","@id":"https:\/\/www.jazzzeitung.de\/cms\/#organization","name":"JazzZeitung online","url":"https:\/\/www.jazzzeitung.de\/cms\/","logo":{"@type":"ImageObject","inLanguage":"de","@id":"https:\/\/www.jazzzeitung.de\/cms\/#\/schema\/logo\/image\/","url":"https:\/\/i0.wp.com\/www.jazzzeitung.de\/cms\/wp-content\/uploads\/2015\/08\/JAZZZEITUNGDE_Logo_Neu.png?fit=499%2C200&ssl=1","contentUrl":"https:\/\/i0.wp.com\/www.jazzzeitung.de\/cms\/wp-content\/uploads\/2015\/08\/JAZZZEITUNGDE_Logo_Neu.png?fit=499%2C200&ssl=1","width":499,"height":200,"caption":"JazzZeitung online"},"image":{"@id":"https:\/\/www.jazzzeitung.de\/cms\/#\/schema\/logo\/image\/"},"sameAs":["https:\/\/www.facebook.com\/JazzZeitung\/"]},{"@type":"Person","@id":"https:\/\/www.jazzzeitung.de\/cms\/#\/schema\/person\/2245b36b9cd1d24cea10f01c031fb92b","name":"Redaktion JazzZeitung","image":{"@type":"ImageObject","inLanguage":"de","@id":"https:\/\/i0.wp.com\/www.jazzzeitung.de\/cms\/wp-content\/uploads\/2015\/08\/JAZZZEITUNGDE_Logo_Neu.png?resize=96%2C96&ssl=159975dcacb611b5700bd619b5daf0a7a","url":"https:\/\/i0.wp.com\/www.jazzzeitung.de\/cms\/wp-content\/uploads\/2015\/08\/JAZZZEITUNGDE_Logo_Neu.png?resize=96%2C96&ssl=1","contentUrl":"https:\/\/i0.wp.com\/www.jazzzeitung.de\/cms\/wp-content\/uploads\/2015\/08\/JAZZZEITUNGDE_Logo_Neu.png?resize=96%2C96&ssl=1","caption":"Redaktion JazzZeitung"},"description":"Artikel der Redaktion der JazzZeitung.","sameAs":["http:\/\/www.jazzzeitung.de\/cms\/"],"url":"https:\/\/www.jazzzeitung.de\/cms\/author\/redaktion\/"}]}},"wp-worthy-pixel":{"ignored":false,"public":null,"server":null,"url":null},"wp-worthy-type":"normal","jetpack_publicize_connections":[],"cc_featured_image_caption":{"caption_text":"","source_text":"","source_url":""},"jetpack_featured_media_url":"https:\/\/i0.wp.com\/www.jazzzeitung.de\/cms\/wp-content\/uploads\/2024\/07\/P1188624-Fils-Aime-5-Foto-TJ-Krebs.jpg?fit=1200%2C799&ssl=1","jetpack_shortlink":"https:\/\/wp.me\/p3KEcT-89G","jetpack-related-posts":[{"id":16673,"url":"https:\/\/www.jazzzeitung.de\/cms\/2018\/07\/highlights-beim-16-internationalen-jazz-weekend-in-unterfoehring\/","url_meta":{"origin":31352,"position":0},"title":"Highlights beim 16. Internationalen Jazz-Weekend in Unterf\u00f6hring","author":"Redaktion JazzZeitung","date":"19. Juli 2018","format":false,"excerpt":"Vergangenes Wochenende ging das mittlerweile 16. Internationale Jazz-Weekend in Unterf\u00f6hring \u00fcber die B\u00fchne. Was braucht ein erfolgreiches Jazz-Festival? Ein abwechslungsreiches Programm! Und das wurde in der Tat geboten: der Startschuss fiel am Donnerstag Nachmittag mit dem traditionellen Jazz-Kinderkonzert in der Unterf\u00f6hringer Schulaula. Im gro\u00dfen Konzertsaal des B\u00fcrgerhauses folgten am Freitag\u2026","rel":"","context":"In &quot;Bericht&quot;","block_context":{"text":"Bericht","link":"https:\/\/www.jazzzeitung.de\/cms\/thema\/bericht\/"},"img":{"alt_text":"","src":"https:\/\/i0.wp.com\/www.jazzzeitung.de\/cms\/wp-content\/uploads\/2018\/07\/Kinga-G%C5%82yk-Foto-TJ-Krebs-jazzphotoagency%40web.de_.jpg?fit=1200%2C800&ssl=1&resize=350%2C200","width":350,"height":200,"srcset":"https:\/\/i0.wp.com\/www.jazzzeitung.de\/cms\/wp-content\/uploads\/2018\/07\/Kinga-G%C5%82yk-Foto-TJ-Krebs-jazzphotoagency%40web.de_.jpg?fit=1200%2C800&ssl=1&resize=350%2C200 1x, https:\/\/i0.wp.com\/www.jazzzeitung.de\/cms\/wp-content\/uploads\/2018\/07\/Kinga-G%C5%82yk-Foto-TJ-Krebs-jazzphotoagency%40web.de_.jpg?fit=1200%2C800&ssl=1&resize=525%2C300 1.5x, https:\/\/i0.wp.com\/www.jazzzeitung.de\/cms\/wp-content\/uploads\/2018\/07\/Kinga-G%C5%82yk-Foto-TJ-Krebs-jazzphotoagency%40web.de_.jpg?fit=1200%2C800&ssl=1&resize=700%2C400 2x, https:\/\/i0.wp.com\/www.jazzzeitung.de\/cms\/wp-content\/uploads\/2018\/07\/Kinga-G%C5%82yk-Foto-TJ-Krebs-jazzphotoagency%40web.de_.jpg?fit=1200%2C800&ssl=1&resize=1050%2C600 3x"},"classes":[]},{"id":29804,"url":"https:\/\/www.jazzzeitung.de\/cms\/2023\/07\/das-internationale-jazz-weekend-in-unterfoehring-mit-staraufgebot\/","url_meta":{"origin":31352,"position":1},"title":"Das Internationale Jazz-Weekend in Unterf\u00f6hring mit Staraufgebot","author":"Redaktion JazzZeitung","date":"18. Juli 2023","format":false,"excerpt":"Das diesj\u00e4hrige Internationale Jazz-Weekend in Unterf\u00f6hring wartete, wie bereits in der vergangenen Jahren, mit einem starken Lineup auf. Stars wie Bill Frisell, Lizz Wright und David Helbock gaben sich im B\u00fcrgerhaus Unterf\u00f6hring die Ehre. Obwohl das Jazz-Weekend dieses Jahr bereits zum zwanzigsten Mal stattfand \u2013 von aufgesetztem Jubil\u00e4umstrubel keine Spur.\u2026","rel":"","context":"In &quot;Bericht&quot;","block_context":{"text":"Bericht","link":"https:\/\/www.jazzzeitung.de\/cms\/thema\/bericht\/"},"img":{"alt_text":"","src":"https:\/\/i0.wp.com\/www.jazzzeitung.de\/cms\/wp-content\/uploads\/2023\/07\/P2536360-Einfuehrung-mit-Clayton-Schulte-Rief-Hochkeppel-Frisell-Foto-TJ-Krebs.jpg?fit=1200%2C800&ssl=1&resize=350%2C200","width":350,"height":200,"srcset":"https:\/\/i0.wp.com\/www.jazzzeitung.de\/cms\/wp-content\/uploads\/2023\/07\/P2536360-Einfuehrung-mit-Clayton-Schulte-Rief-Hochkeppel-Frisell-Foto-TJ-Krebs.jpg?fit=1200%2C800&ssl=1&resize=350%2C200 1x, https:\/\/i0.wp.com\/www.jazzzeitung.de\/cms\/wp-content\/uploads\/2023\/07\/P2536360-Einfuehrung-mit-Clayton-Schulte-Rief-Hochkeppel-Frisell-Foto-TJ-Krebs.jpg?fit=1200%2C800&ssl=1&resize=525%2C300 1.5x, https:\/\/i0.wp.com\/www.jazzzeitung.de\/cms\/wp-content\/uploads\/2023\/07\/P2536360-Einfuehrung-mit-Clayton-Schulte-Rief-Hochkeppel-Frisell-Foto-TJ-Krebs.jpg?fit=1200%2C800&ssl=1&resize=700%2C400 2x, https:\/\/i0.wp.com\/www.jazzzeitung.de\/cms\/wp-content\/uploads\/2023\/07\/P2536360-Einfuehrung-mit-Clayton-Schulte-Rief-Hochkeppel-Frisell-Foto-TJ-Krebs.jpg?fit=1200%2C800&ssl=1&resize=1050%2C600 3x"},"classes":[]},{"id":9483,"url":"https:\/\/www.jazzzeitung.de\/cms\/2016\/06\/hochkaraetig-besetztes-internationales-jazz-weekend-unterfoehring\/","url_meta":{"origin":31352,"position":2},"title":"Hochkar\u00e4tig besetztes \u201eInternationales Jazz Weekend\u201c in Unterf\u00f6hring","author":"Redaktion JazzZeitung","date":"10. Juni 2016","format":false,"excerpt":"So schnell ist doch ein Jahr vorbei. Vom 14.-17.Juli ist es endlich wieder soweit: Das \u201eInternationale Jazz Weekend\u201c in Unterf\u00f6hring bei M\u00fcnchen ist diesmal zum 14. Mal am Start! Am 14.07. beginnt die Konzertreihe um 15:00 Uhr mit einem Jazz Kinderkonzert zum Mitsingen und Mitswingen in der Schulaula (Bahnhofstrasse 3)\u2026","rel":"","context":"In &quot;Bericht&quot;","block_context":{"text":"Bericht","link":"https:\/\/www.jazzzeitung.de\/cms\/thema\/bericht\/"},"img":{"alt_text":"","src":"https:\/\/i0.wp.com\/www.jazzzeitung.de\/cms\/wp-content\/uploads\/2016\/06\/P1300328-Carrington-Terri-Lyne-Foto-TJ-Krebs-150x150.jpg?resize=350%2C200","width":350,"height":200},"classes":[]},{"id":32852,"url":"https:\/\/www.jazzzeitung.de\/cms\/2025\/07\/internationales-jazzweekend-in-unterfoehring-2025\/","url_meta":{"origin":31352,"position":3},"title":"Internationales Jazzweekend in Unterf\u00f6hring 2025","author":"Thomas J. Krebs","date":"29. Juli 2025","format":false,"excerpt":"Kaum zu glauben wie schnell die Zeit vergeht. Schon wieder ist ein Jahr vorbei und die Sommer-Jazz Festivalsaison steht in M\u00fcnchen vor der T\u00fcr. Traditionell beginnend mit dem Internationalen Jazz-Weekend im B\u00fcrgerhaus Unterf\u00f6hring. Auch dieses Jahr hat der k\u00fcnstlerische Leiter Harald Scharf wieder ein atemberaubendes Programm auf die Beine gestellt.\u2026","rel":"","context":"In &quot;Bericht&quot;","block_context":{"text":"Bericht","link":"https:\/\/www.jazzzeitung.de\/cms\/thema\/bericht\/"},"img":{"alt_text":"","src":"https:\/\/i0.wp.com\/www.jazzzeitung.de\/cms\/wp-content\/uploads\/2025\/07\/P173308488-Akinmusire-Nonett-Foto-TJ-Krebs.jpg?fit=1200%2C799&ssl=1&resize=350%2C200","width":350,"height":200,"srcset":"https:\/\/i0.wp.com\/www.jazzzeitung.de\/cms\/wp-content\/uploads\/2025\/07\/P173308488-Akinmusire-Nonett-Foto-TJ-Krebs.jpg?fit=1200%2C799&ssl=1&resize=350%2C200 1x, https:\/\/i0.wp.com\/www.jazzzeitung.de\/cms\/wp-content\/uploads\/2025\/07\/P173308488-Akinmusire-Nonett-Foto-TJ-Krebs.jpg?fit=1200%2C799&ssl=1&resize=525%2C300 1.5x, https:\/\/i0.wp.com\/www.jazzzeitung.de\/cms\/wp-content\/uploads\/2025\/07\/P173308488-Akinmusire-Nonett-Foto-TJ-Krebs.jpg?fit=1200%2C799&ssl=1&resize=700%2C400 2x, https:\/\/i0.wp.com\/www.jazzzeitung.de\/cms\/wp-content\/uploads\/2025\/07\/P173308488-Akinmusire-Nonett-Foto-TJ-Krebs.jpg?fit=1200%2C799&ssl=1&resize=1050%2C600 3x"},"classes":[]},{"id":20087,"url":"https:\/\/www.jazzzeitung.de\/cms\/2019\/07\/jazz-vom-allerfeinsten-das-17-internationale-jazz-weekend-in-unterfoehrung\/","url_meta":{"origin":31352,"position":4},"title":"Jazz vom Allerfeinsten &#8211; das 17. Internationale Jazz-Weekend in Unterf\u00f6hrung","author":"Thomas J. Krebs","date":"17. Juli 2019","format":false,"excerpt":"Traditionell wird das Internationale Jazz Weekend in Unterf\u00f6hrung, das dieses Jahr zum 17. Mal stattfand, am Donnerstagnachmittag mit einem Kinderkonzert er\u00f6ffnet, unter dem Motto \u201eJazz f\u00fcr Kinderohren\u201c, mit den Musiker(innen) Thilo Wagner, Mini Schulz, Libor Sima, Gesa und Obi Jenne, bevor sich dann an den darauf folgenden Tagen internationale Stars\u2026","rel":"","context":"In &quot;Bericht&quot;","block_context":{"text":"Bericht","link":"https:\/\/www.jazzzeitung.de\/cms\/thema\/bericht\/"},"img":{"alt_text":"","src":"https:\/\/i0.wp.com\/www.jazzzeitung.de\/cms\/wp-content\/uploads\/2019\/07\/P1436618-Anne-Paceos-Bright-Shadow-Foto-TJ-Krebs.jpg?fit=1200%2C800&ssl=1&resize=350%2C200","width":350,"height":200,"srcset":"https:\/\/i0.wp.com\/www.jazzzeitung.de\/cms\/wp-content\/uploads\/2019\/07\/P1436618-Anne-Paceos-Bright-Shadow-Foto-TJ-Krebs.jpg?fit=1200%2C800&ssl=1&resize=350%2C200 1x, https:\/\/i0.wp.com\/www.jazzzeitung.de\/cms\/wp-content\/uploads\/2019\/07\/P1436618-Anne-Paceos-Bright-Shadow-Foto-TJ-Krebs.jpg?fit=1200%2C800&ssl=1&resize=525%2C300 1.5x, https:\/\/i0.wp.com\/www.jazzzeitung.de\/cms\/wp-content\/uploads\/2019\/07\/P1436618-Anne-Paceos-Bright-Shadow-Foto-TJ-Krebs.jpg?fit=1200%2C800&ssl=1&resize=700%2C400 2x, https:\/\/i0.wp.com\/www.jazzzeitung.de\/cms\/wp-content\/uploads\/2019\/07\/P1436618-Anne-Paceos-Bright-Shadow-Foto-TJ-Krebs.jpg?fit=1200%2C800&ssl=1&resize=1050%2C600 3x"},"classes":[]},{"id":27898,"url":"https:\/\/www.jazzzeitung.de\/cms\/2022\/07\/nachlese-zum-19-internationalen-jazz-weekend-in-unterfoehring\/","url_meta":{"origin":31352,"position":5},"title":"Nachlese zum 19. Internationalen Jazz-Weekend in Unterf\u00f6hring","author":"Redaktion JazzZeitung","date":"22. Juli 2022","format":false,"excerpt":"Als Veranstalter eines Sommer-Jazz-Weekends braucht man nicht nur in diesen Zeiten Mut, sondern vor allem Visionen. Bereits in den vorangegangenen Jahren holte Bassist Harald Scharf, der die k\u00fcnstlerische Leitung des Festivals 2014 \u00fcbernommen hat, Stars wie Tom Harrell, Kurt Elling, Marquis Hill, Kinga Glyck, Terri Lyne Carrington, Dianne Reeves, China\u2026","rel":"","context":"In &quot;Bericht&quot;","block_context":{"text":"Bericht","link":"https:\/\/www.jazzzeitung.de\/cms\/thema\/bericht\/"},"img":{"alt_text":"","src":"https:\/\/i0.wp.com\/www.jazzzeitung.de\/cms\/wp-content\/uploads\/2022\/07\/P19682591-Ranky-Tanky-Singleton-Foto-TJ-Krebs.jpg?fit=1200%2C800&ssl=1&resize=350%2C200","width":350,"height":200,"srcset":"https:\/\/i0.wp.com\/www.jazzzeitung.de\/cms\/wp-content\/uploads\/2022\/07\/P19682591-Ranky-Tanky-Singleton-Foto-TJ-Krebs.jpg?fit=1200%2C800&ssl=1&resize=350%2C200 1x, https:\/\/i0.wp.com\/www.jazzzeitung.de\/cms\/wp-content\/uploads\/2022\/07\/P19682591-Ranky-Tanky-Singleton-Foto-TJ-Krebs.jpg?fit=1200%2C800&ssl=1&resize=525%2C300 1.5x, https:\/\/i0.wp.com\/www.jazzzeitung.de\/cms\/wp-content\/uploads\/2022\/07\/P19682591-Ranky-Tanky-Singleton-Foto-TJ-Krebs.jpg?fit=1200%2C800&ssl=1&resize=700%2C400 2x, https:\/\/i0.wp.com\/www.jazzzeitung.de\/cms\/wp-content\/uploads\/2022\/07\/P19682591-Ranky-Tanky-Singleton-Foto-TJ-Krebs.jpg?fit=1200%2C800&ssl=1&resize=1050%2C600 3x"},"classes":[]}],"jetpack_sharing_enabled":true,"_links":{"self":[{"href":"https:\/\/www.jazzzeitung.de\/cms\/wp-json\/wp\/v2\/posts\/31352","targetHints":{"allow":["GET"]}}],"collection":[{"href":"https:\/\/www.jazzzeitung.de\/cms\/wp-json\/wp\/v2\/posts"}],"about":[{"href":"https:\/\/www.jazzzeitung.de\/cms\/wp-json\/wp\/v2\/types\/post"}],"author":[{"embeddable":true,"href":"https:\/\/www.jazzzeitung.de\/cms\/wp-json\/wp\/v2\/users\/18"}],"replies":[{"embeddable":true,"href":"https:\/\/www.jazzzeitung.de\/cms\/wp-json\/wp\/v2\/comments?post=31352"}],"version-history":[{"count":1,"href":"https:\/\/www.jazzzeitung.de\/cms\/wp-json\/wp\/v2\/posts\/31352\/revisions"}],"predecessor-version":[{"id":31367,"href":"https:\/\/www.jazzzeitung.de\/cms\/wp-json\/wp\/v2\/posts\/31352\/revisions\/31367"}],"wp:featuredmedia":[{"embeddable":true,"href":"https:\/\/www.jazzzeitung.de\/cms\/wp-json\/wp\/v2\/media\/31353"}],"wp:attachment":[{"href":"https:\/\/www.jazzzeitung.de\/cms\/wp-json\/wp\/v2\/media?parent=31352"}],"wp:term":[{"taxonomy":"category","embeddable":true,"href":"https:\/\/www.jazzzeitung.de\/cms\/wp-json\/wp\/v2\/categories?post=31352"},{"taxonomy":"post_tag","embeddable":true,"href":"https:\/\/www.jazzzeitung.de\/cms\/wp-json\/wp\/v2\/tags?post=31352"},{"taxonomy":"author","embeddable":true,"href":"https:\/\/www.jazzzeitung.de\/cms\/wp-json\/wp\/v2\/coauthors?post=31352"}],"curies":[{"name":"wp","href":"https:\/\/api.w.org\/{rel}","templated":true}]}}