{"id":31332,"date":"2024-07-13T09:27:14","date_gmt":"2024-07-13T07:27:14","guid":{"rendered":"https:\/\/www.jazzzeitung.de\/cms\/?p=31332"},"modified":"2024-07-13T10:53:58","modified_gmt":"2024-07-13T08:53:58","slug":"sturm-und-regenschauern-zum-trotz-regensburger-jazzweekend-bringt-tausende-auf-die-beine","status":"publish","type":"post","link":"https:\/\/www.jazzzeitung.de\/cms\/2024\/07\/sturm-und-regenschauern-zum-trotz-regensburger-jazzweekend-bringt-tausende-auf-die-beine\/","title":{"rendered":"Sturm und Regenschauern zum Trotz: Regensburger Jazzweekend bringt Tausende auf die Beine"},"content":{"rendered":"<p><strong>Lange stand das Jazzweekend in Regensburg im Ruf im sommerlichen Monsun zu versinken. Statistisch war das weitgehend Unfug, auch wenn es Jahre mit st\u00fcrmischen Gewittern, Schn\u00fcrlregen oder feuchter K\u00fchle gab. Bei der 43. Auflage wurde es heuer dem alten Nimbus mit kurzen heftigen Regenschauern zum Pre-Opening am Donnerstag und einem heftigen Sturm mit Temperatursturz und Konzertabsagen am Samstag beinahe gerecht. Da aber die konzeptionelle Neuausrichtung schon seit zwei Jahren f\u00fcr frischen Wind und eine inhaltliche wie personelle Belebung gesorgt hatte, konnte dieser wetterbedingte R\u00fcckfall die Stimmung nur kurzfristig tr\u00fcben.<\/strong><\/p>\n<p>Schade war es f\u00fcr die angereisten Musikerinnen und Musiker, die ungeh\u00f6rt wieder nach Hause fahren mussten. Auch die Landkreisgemeinde Wenzenbach, die bereits zum zweiten Mal mit dabei war, blieb auf einigen Kosten sitzen. Hoffentlich f\u00fchlen sich die jazzaffinen Gemeindevertreter*innen dadurch nicht demotiviert. In Kallm\u00fcnz, der neu hinzugekommenen Landkreisgemeinde waren Stimmung und Resonanz auf die Schr\u00e4glage Marching Band, die sp\u00e4ter auch in der Regensburger Altstadt gute Laune verbreitete, auf das Karoline Weidt Quartett und weitere Acts durch die Bank positiv. Damit hat das f\u00fcr seit jeher kostenlose Festival eine gr\u00f6\u00dfere r\u00e4umliche Ausdehnung bekommen und wird gerade f\u00fcr junge Bands, die manchmal mehrmals auf verschiedenen B\u00fchnen spielen, nochmal interessanter.<\/p>\n<p>Der konzeptionelle Relaunch hat es zudem f\u00fcr Amateure jeglicher stilistischer Pr\u00e4ferenz wieder attraktiver gemacht, weil die inhaltlich-stilistische Vielfalt deutlich zugenommen hat. Angehenden und jungen Profimusiker<em>innen, wie dem Quartett der Altsaxofonistin Magdalena Busler und dem Hard Bop Ensemble der HfM N\u00fcrnberg dient es als Karrierestufe und als riesiges Forum um sich auszutauschen. Nicht zuletzt ist es trotz kleiner Gagen auch f\u00fcr viele Profimusiker anziehend, weil es auf einem professionellen organisatorischen Niveau und in einem malerischen Ambiente ein riesiges Publikum erreicht. Heuer waren es trotz regenbedingter Ausf\u00e4lle \u00fcber 70000 Besucher<\/em>innen, die sich von rund 100 Bands mit an die 700 Musikant*innen verzaubern, unterhalten und begeistern liessen.<\/p>\n<figure id=\"attachment_31341\" aria-describedby=\"caption-attachment-31341\" style=\"width: 414px\" class=\"wp-caption alignleft\"><img data-recalc-dims=\"1\" loading=\"lazy\" decoding=\"async\" data-attachment-id=\"31341\" data-permalink=\"https:\/\/www.jazzzeitung.de\/cms\/2024\/07\/sturm-und-regenschauern-zum-trotz-regensburger-jazzweekend-bringt-tausende-auf-die-beine\/piazza-same_28\/\" data-orig-file=\"https:\/\/i0.wp.com\/www.jazzzeitung.de\/cms\/wp-content\/uploads\/2024\/07\/piazza-same_28.jpg?fit=2362%2C1575&amp;ssl=1\" data-orig-size=\"2362,1575\" data-comments-opened=\"1\" data-image-meta=\"{&quot;aperture&quot;:&quot;6.3&quot;,&quot;credit&quot;:&quot;MICHAEL Scheiner&quot;,&quot;camera&quot;:&quot;NIKON D7200&quot;,&quot;caption&quot;:&quot;&quot;,&quot;created_timestamp&quot;:&quot;0&quot;,&quot;copyright&quot;:&quot;Michael Scheiner&quot;,&quot;focal_length&quot;:&quot;29&quot;,&quot;iso&quot;:&quot;800&quot;,&quot;shutter_speed&quot;:&quot;0.0125&quot;,&quot;title&quot;:&quot;&quot;,&quot;orientation&quot;:&quot;1&quot;}\" data-image-title=\"piazza-same_28\" data-image-description=\"\" data-image-caption=\"\" data-large-file=\"https:\/\/i0.wp.com\/www.jazzzeitung.de\/cms\/wp-content\/uploads\/2024\/07\/piazza-same_28.jpg?fit=840%2C560&amp;ssl=1\" class=\"wp-image-31341\" src=\"https:\/\/i0.wp.com\/www.jazzzeitung.de\/cms\/wp-content\/uploads\/2024\/07\/piazza-same_28.jpg?resize=414%2C230&#038;ssl=1\" alt=\"Ohne Worte. Foto: Michael Scheiner\" width=\"414\" height=\"230\" \/><figcaption id=\"caption-attachment-31341\" class=\"wp-caption-text\">Ohne Worte. Foto: Michael Scheiner<\/figcaption><\/figure>\n<p>Neben dem regul\u00e4ren Programm st\u00f6\u00dft man beim Gang durch die Altstadt zudem immer wieder auf spontane Auftritte und Begegnungen, wie den College Voices. Zehn\u00a0 Studierende des Regensburger Music College lenkten in der Fu\u00dfg\u00e4ngerzone mit a cappella gesungenen souligen Pop- und R&amp;B-Nummern die Aufmerksamkeit auf sich. Nachfolgend ein etwas vertiefender Blick auf einige zuf\u00e4llig ausgesuchte Konzerte an verschiedenen Locations.<\/p>\n<h3>Karoline Weidt und ihr Visions Ensemble lassen das Pre-Opening gut aussehen<\/h3>\n<p>Das Pre-Opening auf der Piazza im Gewerbepark startete mit Karoline Weidt, eine der best angezogenen Jazzs\u00e4ngerinnnen der Republik. Sie gastierte mit ihrem zu Dreiviertel mit Musikerinnen besetzten Visions Ensemble. Neben Schlagzeugerin Lisa Wilhelm geh\u00f6ren ihm Caris Hermes am Bass, Gitarrist Philipp Schiepeck und der Saxofonist Moritz Stahl an. In Kallm\u00fcnz war Weidt im Quartett mit Keyboarder Sam Hylton zu h\u00f6ren. Die Brandenburgerin hat vergangenes Jahr den BMW Young Artist Jazz Award gewonnen. Mit dem einf\u00fchlsam spielenden Stahl (ts, ss) stellte sie Songs aus ihrem aktuellen Album \u201eInviting\u201c vor. Mit melodischen Nummern, in die Weidt sph\u00e4risch sch\u00f6ne Vokalisen flicht, entfaltete die Band einen eleganten, mit Pop angereicherten modernen Jazzsound. Fast alle Songs hat Weidt selbst geschrieben und getextet, daunter einige, die in der Abgeschiedenheit einer norwegischen Insel entstanden sind. \u201eHier konnte ich stundenlang Sonnenaufg\u00e4nge beobachten\u201c, erz\u00e4hlte Weidt \u00fcber die Entstehung von \u201eYellow Sky\u201c.<\/p>\n<div class=\"tiled-gallery type-rectangular tiled-gallery-unresized\" data-original-width=\"840\" data-carousel-extra='{&quot;blog_id&quot;:1,&quot;permalink&quot;:&quot;https:\\\/\\\/www.jazzzeitung.de\\\/cms\\\/2024\\\/07\\\/sturm-und-regenschauern-zum-trotz-regensburger-jazzweekend-bringt-tausende-auf-die-beine\\\/&quot;,&quot;likes_blog_id&quot;:55446655}' itemscope itemtype=\"http:\/\/schema.org\/ImageGallery\" > <div class=\"gallery-row\" style=\"width: 840px; height: 588px;\" data-original-width=\"840\" data-original-height=\"588\" > <div class=\"gallery-group images-2\" style=\"width: 440px; height: 588px;\" data-original-width=\"440\" data-original-height=\"588\" > <div class=\"tiled-gallery-item tiled-gallery-item-large\" itemprop=\"associatedMedia\" itemscope itemtype=\"http:\/\/schema.org\/ImageObject\"> <a href=\"https:\/\/www.jazzzeitung.de\/cms\/2024\/07\/sturm-und-regenschauern-zum-trotz-regensburger-jazzweekend-bringt-tausende-auf-die-beine\/bittencourt-agora_113\/\" border=\"0\" itemprop=\"url\"> <meta itemprop=\"width\" content=\"436\"> <meta itemprop=\"height\" content=\"289\"> <img decoding=\"async\" class=\"\" data-attachment-id=\"31339\" data-orig-file=\"https:\/\/www.jazzzeitung.de\/cms\/wp-content\/uploads\/2024\/07\/bittencourt-agora_113.jpg\" data-orig-size=\"2372,1574\" data-comments-opened=\"1\" data-image-meta=\"{&quot;aperture&quot;:&quot;4.5&quot;,&quot;credit&quot;:&quot;MICHAEL Scheiner&quot;,&quot;camera&quot;:&quot;NIKON D7200&quot;,&quot;caption&quot;:&quot;&quot;,&quot;created_timestamp&quot;:&quot;0&quot;,&quot;copyright&quot;:&quot;Michael Scheiner&quot;,&quot;focal_length&quot;:&quot;44&quot;,&quot;iso&quot;:&quot;800&quot;,&quot;shutter_speed&quot;:&quot;0.0125&quot;,&quot;title&quot;:&quot;&quot;,&quot;orientation&quot;:&quot;1&quot;}\" data-image-title=\"\" data-image-description=\"\" data-medium-file=\"https:\/\/i0.wp.com\/www.jazzzeitung.de\/cms\/wp-content\/uploads\/2024\/07\/bittencourt-agora_113.jpg?fit=300%2C199&#038;ssl=1\" data-large-file=\"https:\/\/i0.wp.com\/www.jazzzeitung.de\/cms\/wp-content\/uploads\/2024\/07\/bittencourt-agora_113.jpg?fit=840%2C557&#038;ssl=1\" src=\"https:\/\/i0.wp.com\/www.jazzzeitung.de\/cms\/wp-content\/uploads\/2024\/07\/bittencourt-agora_113.jpg?w=436&#038;h=289&#038;ssl=1\" srcset=\"https:\/\/i0.wp.com\/www.jazzzeitung.de\/cms\/wp-content\/uploads\/2024\/07\/bittencourt-agora_113.jpg?w=2372&amp;ssl=1 2372w, https:\/\/i0.wp.com\/www.jazzzeitung.de\/cms\/wp-content\/uploads\/2024\/07\/bittencourt-agora_113.jpg?resize=300%2C199&amp;ssl=1 300w, https:\/\/i0.wp.com\/www.jazzzeitung.de\/cms\/wp-content\/uploads\/2024\/07\/bittencourt-agora_113.jpg?resize=900%2C597&amp;ssl=1 900w, https:\/\/i0.wp.com\/www.jazzzeitung.de\/cms\/wp-content\/uploads\/2024\/07\/bittencourt-agora_113.jpg?resize=768%2C510&amp;ssl=1 768w, https:\/\/i0.wp.com\/www.jazzzeitung.de\/cms\/wp-content\/uploads\/2024\/07\/bittencourt-agora_113.jpg?resize=1536%2C1019&amp;ssl=1 1536w, https:\/\/i0.wp.com\/www.jazzzeitung.de\/cms\/wp-content\/uploads\/2024\/07\/bittencourt-agora_113.jpg?resize=2048%2C1359&amp;ssl=1 2048w, https:\/\/i0.wp.com\/www.jazzzeitung.de\/cms\/wp-content\/uploads\/2024\/07\/bittencourt-agora_113.jpg?resize=120%2C80&amp;ssl=1 120w, https:\/\/i0.wp.com\/www.jazzzeitung.de\/cms\/wp-content\/uploads\/2024\/07\/bittencourt-agora_113.jpg?resize=1320%2C876&amp;ssl=1 1320w, https:\/\/i0.wp.com\/www.jazzzeitung.de\/cms\/wp-content\/uploads\/2024\/07\/bittencourt-agora_113.jpg?w=1680&amp;ssl=1 1680w\" width=\"436\" height=\"289\" loading=\"lazy\" data-original-width=\"436\" data-original-height=\"289\" itemprop=\"http:\/\/schema.org\/image\" title=\"\" alt=\"Marcia Bittencourt und Band. Foto: Michael Scheiner\" style=\"width: 436px; height: 289px;\" \/> <\/a> <div class=\"tiled-gallery-caption\" itemprop=\"caption description\"> Marcia Bittencourt und Band. Foto: Michael Scheiner <\/div> <\/div> <div class=\"tiled-gallery-item tiled-gallery-item-large\" itemprop=\"associatedMedia\" itemscope itemtype=\"http:\/\/schema.org\/ImageObject\"> <a href=\"https:\/\/www.jazzzeitung.de\/cms\/2024\/07\/sturm-und-regenschauern-zum-trotz-regensburger-jazzweekend-bringt-tausende-auf-die-beine\/fried-seven_56\/\" border=\"0\" itemprop=\"url\"> <meta itemprop=\"width\" content=\"436\"> <meta itemprop=\"height\" content=\"291\"> <img decoding=\"async\" class=\"\" data-attachment-id=\"31340\" data-orig-file=\"https:\/\/www.jazzzeitung.de\/cms\/wp-content\/uploads\/2024\/07\/fried-seven_56.jpg\" data-orig-size=\"2362,1575\" data-comments-opened=\"1\" data-image-meta=\"{&quot;aperture&quot;:&quot;5&quot;,&quot;credit&quot;:&quot;MICHAEL Scheiner&quot;,&quot;camera&quot;:&quot;NIKON D7200&quot;,&quot;caption&quot;:&quot;&quot;,&quot;created_timestamp&quot;:&quot;0&quot;,&quot;copyright&quot;:&quot;Michael Scheiner&quot;,&quot;focal_length&quot;:&quot;65&quot;,&quot;iso&quot;:&quot;800&quot;,&quot;shutter_speed&quot;:&quot;0.004&quot;,&quot;title&quot;:&quot;&quot;,&quot;orientation&quot;:&quot;1&quot;}\" data-image-title=\"\" data-image-description=\"\" data-medium-file=\"https:\/\/i0.wp.com\/www.jazzzeitung.de\/cms\/wp-content\/uploads\/2024\/07\/fried-seven_56.jpg?fit=300%2C200&#038;ssl=1\" data-large-file=\"https:\/\/i0.wp.com\/www.jazzzeitung.de\/cms\/wp-content\/uploads\/2024\/07\/fried-seven_56.jpg?fit=840%2C560&#038;ssl=1\" src=\"https:\/\/i0.wp.com\/www.jazzzeitung.de\/cms\/wp-content\/uploads\/2024\/07\/fried-seven_56.jpg?w=436&#038;h=291&#038;ssl=1\" srcset=\"https:\/\/i0.wp.com\/www.jazzzeitung.de\/cms\/wp-content\/uploads\/2024\/07\/fried-seven_56.jpg?w=2362&amp;ssl=1 2362w, https:\/\/i0.wp.com\/www.jazzzeitung.de\/cms\/wp-content\/uploads\/2024\/07\/fried-seven_56.jpg?resize=300%2C200&amp;ssl=1 300w, https:\/\/i0.wp.com\/www.jazzzeitung.de\/cms\/wp-content\/uploads\/2024\/07\/fried-seven_56.jpg?resize=900%2C600&amp;ssl=1 900w, https:\/\/i0.wp.com\/www.jazzzeitung.de\/cms\/wp-content\/uploads\/2024\/07\/fried-seven_56.jpg?resize=768%2C512&amp;ssl=1 768w, https:\/\/i0.wp.com\/www.jazzzeitung.de\/cms\/wp-content\/uploads\/2024\/07\/fried-seven_56.jpg?resize=1536%2C1024&amp;ssl=1 1536w, https:\/\/i0.wp.com\/www.jazzzeitung.de\/cms\/wp-content\/uploads\/2024\/07\/fried-seven_56.jpg?resize=2048%2C1366&amp;ssl=1 2048w, https:\/\/i0.wp.com\/www.jazzzeitung.de\/cms\/wp-content\/uploads\/2024\/07\/fried-seven_56.jpg?resize=120%2C80&amp;ssl=1 120w, https:\/\/i0.wp.com\/www.jazzzeitung.de\/cms\/wp-content\/uploads\/2024\/07\/fried-seven_56.jpg?resize=1320%2C880&amp;ssl=1 1320w, https:\/\/i0.wp.com\/www.jazzzeitung.de\/cms\/wp-content\/uploads\/2024\/07\/fried-seven_56.jpg?w=1680&amp;ssl=1 1680w\" width=\"436\" height=\"291\" loading=\"lazy\" data-original-width=\"436\" data-original-height=\"291\" itemprop=\"http:\/\/schema.org\/image\" title=\"\" alt=\"Old School: Fried Seven. Foto: Michael Scheiner\" style=\"width: 436px; height: 291px;\" \/> <\/a> <div class=\"tiled-gallery-caption\" itemprop=\"caption description\"> Old School: Fried Seven. Foto: Michael Scheiner <\/div> <\/div> <\/div> <!-- close group --> <div class=\"gallery-group images-1\" style=\"width: 400px; height: 588px;\" data-original-width=\"400\" data-original-height=\"588\" > <div class=\"tiled-gallery-item tiled-gallery-item-large\" itemprop=\"associatedMedia\" itemscope itemtype=\"http:\/\/schema.org\/ImageObject\"> <a href=\"https:\/\/www.jazzzeitung.de\/cms\/2024\/07\/sturm-und-regenschauern-zum-trotz-regensburger-jazzweekend-bringt-tausende-auf-die-beine\/weidt-karoline_17\/\" border=\"0\" itemprop=\"url\"> <meta itemprop=\"width\" content=\"396\"> <meta itemprop=\"height\" content=\"584\"> <img decoding=\"async\" class=\"\" data-attachment-id=\"31338\" data-orig-file=\"https:\/\/www.jazzzeitung.de\/cms\/wp-content\/uploads\/2024\/07\/weidt-karoline_17.jpg\" data-orig-size=\"1600,2362\" data-comments-opened=\"1\" data-image-meta=\"{&quot;aperture&quot;:&quot;5.6&quot;,&quot;credit&quot;:&quot;MICHAEL Scheiner&quot;,&quot;camera&quot;:&quot;NIKON D7200&quot;,&quot;caption&quot;:&quot;&quot;,&quot;created_timestamp&quot;:&quot;0&quot;,&quot;copyright&quot;:&quot;Michael Scheiner&quot;,&quot;focal_length&quot;:&quot;52&quot;,&quot;iso&quot;:&quot;800&quot;,&quot;shutter_speed&quot;:&quot;0.0025&quot;,&quot;title&quot;:&quot;&quot;,&quot;orientation&quot;:&quot;1&quot;}\" data-image-title=\"\" data-image-description=\"\" data-medium-file=\"https:\/\/i0.wp.com\/www.jazzzeitung.de\/cms\/wp-content\/uploads\/2024\/07\/weidt-karoline_17.jpg?fit=203%2C300&#038;ssl=1\" data-large-file=\"https:\/\/i0.wp.com\/www.jazzzeitung.de\/cms\/wp-content\/uploads\/2024\/07\/weidt-karoline_17.jpg?fit=406%2C600&#038;ssl=1\" src=\"https:\/\/i0.wp.com\/www.jazzzeitung.de\/cms\/wp-content\/uploads\/2024\/07\/weidt-karoline_17.jpg?w=396&#038;h=584&#038;ssl=1\" srcset=\"https:\/\/i0.wp.com\/www.jazzzeitung.de\/cms\/wp-content\/uploads\/2024\/07\/weidt-karoline_17.jpg?w=1600&amp;ssl=1 1600w, https:\/\/i0.wp.com\/www.jazzzeitung.de\/cms\/wp-content\/uploads\/2024\/07\/weidt-karoline_17.jpg?resize=203%2C300&amp;ssl=1 203w, https:\/\/i0.wp.com\/www.jazzzeitung.de\/cms\/wp-content\/uploads\/2024\/07\/weidt-karoline_17.jpg?resize=406%2C600&amp;ssl=1 406w, https:\/\/i0.wp.com\/www.jazzzeitung.de\/cms\/wp-content\/uploads\/2024\/07\/weidt-karoline_17.jpg?resize=768%2C1134&amp;ssl=1 768w, https:\/\/i0.wp.com\/www.jazzzeitung.de\/cms\/wp-content\/uploads\/2024\/07\/weidt-karoline_17.jpg?resize=1040%2C1536&amp;ssl=1 1040w, https:\/\/i0.wp.com\/www.jazzzeitung.de\/cms\/wp-content\/uploads\/2024\/07\/weidt-karoline_17.jpg?resize=1387%2C2048&amp;ssl=1 1387w, https:\/\/i0.wp.com\/www.jazzzeitung.de\/cms\/wp-content\/uploads\/2024\/07\/weidt-karoline_17.jpg?resize=1320%2C1949&amp;ssl=1 1320w\" width=\"396\" height=\"584\" loading=\"lazy\" data-original-width=\"396\" data-original-height=\"584\" itemprop=\"http:\/\/schema.org\/image\" title=\"\" alt=\"Groovend, direkt, gut: Karoline Weidt. Foto: Michael Scheiner\" style=\"width: 396px; height: 584px;\" \/> <\/a> <div class=\"tiled-gallery-caption\" itemprop=\"caption description\"> Groovend, direkt, gut: Karoline Weidt. Foto: Michael Scheiner <\/div> <\/div> <\/div> <!-- close group --> <\/div> <!-- close row --> <\/div>\n<p>Nach einem kr\u00e4ftigen Guss wagte sich Oberb\u00fcrgermeisterin Gertrud Maltz-Schwarzfischer mit kleiner Entourage als erste unterm Schirm hervor. Von der B\u00fchne herunter bescheinigte sie den gelassen ausharrenden Zuh\u00f6renden, dass es \u201edas am meisten regenresistente Publikum \u00fcberhaupt\u201c sei. Begeistert klatschte dieses Zustimmung. Nach einigen Gru\u00dfworten, darunter von Roland Seehofer, der als Gesch\u00e4ftsf\u00fchrer des Gewerbeparks seit \u00fcber 20 Jahren auch als Sponsor f\u00fcr das Festival auftritt, war wieder die Musik an der Reihe. Fried Seven, wie sich ein Septett junger Musiker aus Amsterdam nennt, haben sich ganz dem fr\u00fchen Jazz verschrieben. Mit Banjo,\u00a0 Bass, Schlagzeug und einer vierk\u00f6pfigen Bl\u00e4ser-Line tauchten sie ins l\u00e4ngst vergangene Vergn\u00fcgungsviertel von New Orleans ein. Hier fanden sie den erfrischenden, nach Leben lechzenden Sound von Louis Armstrong, King Oliver und Jelly Roll Morton. Mit vom Ragtime und Blues gepr\u00e4gten Songs wie \u201eGuess Who\u00b4s in Town\u201c, gesungen vom Posaunisten, und St\u00fccken im Retrostil brachten sie selbst die Verk\u00e4uferinnen und W\u00fcrstlbrater hinter den Essensst\u00e4nden zum Tanzen. Auch optisch lehnten sich die hervorragend aufspielenden jungen M\u00e4nner an ihre musikalischen Vorbilder an. Mit dem \u201eBuddy Bolden Blues\u201c als Zugabe und feinen Kollektivimprovisationen und Soli setzten die unersch\u00fctterlichen Jungs einem warmen Schlusspunkt.<\/p>\n<p>Beim Auftritt von S\u00e4ngerin Marcia Bittencourt badete das Publikum f\u00f6rmlich in \u201emusica brasileira\u201c. Seit Jahren spielt sie mit dem Gitarristen Michael Arlt zusammen, der eine Professur an der W\u00fcrzburger Musikhochschule hat. Zusammen komponieren und schreiben die beiden Songs im Stil des ber\u00fchmten Brasil-Jazz. Rhythmisch ging es auf der Piazza richtig ab. Zeitweise allerdings klauten zwei M\u00e4dels, eines vermutlich noch nicht schulpflichtig, der stimmgewaltigen S\u00e4ngerin fast die Show. Mit \u00dcberschl\u00e4gen direkt vor der B\u00fchne, perfektem Spagat und wild schlenkerten H\u00fcften bekamen sie von begeisterten Zuschauern fast mehr Beifall als Bittencourts Quartett Agora. Am Schluss stand das Publikum auch f\u00fcr die Musik fast auf den Tischen und verlangte erfolgreich nach Zugaben.<\/p>\n<h3>Zwischen Lindy Hop und Boing Boom Tschak<em><br \/>\n<\/em><\/h3>\n<p><em>\u00a0<\/em>Zu sehen war erstmal nichts, zu h\u00f6ren umso mehr. Aus einem Nebenraum im Haus der Begegnung drang der lustvolle Swing einer h\u00f6llisch aufspielten Band ins Foyer. Drau\u00dfen\u00a0 waren wegen eines Sturmes alle Outdoor-Konzerte abgesagt, drinnen dr\u00e4ngten sich vor den Eing\u00e4ngen dichte Trauben Zuh\u00f6render. The Sweet Simones, eine junge neunk\u00f6pfige Swingband aus M\u00fcnchen drehte auf der improvisierten B\u00fchne auf, dass der kleine Saal wie ein Dampfkessel funktionierte. Hier, wo das Publikum nicht artig auf Bierb\u00e4nken sitzen und zuh\u00f6ren musste, zuckten die Glieder und schlenkerten die Beine. Direkt vor den schwitzenden Musikanten hatten sich einige Tanzpaare sogar gerade soviel Platz geschaffen, um sich um die eigene Achse drehen zu k\u00f6nnen. Hier zeigte der seine so wichtige komplement\u00e4re Seite \u2013 die des Entertainments. Zu klassischen Swingnummern und eigenen, vom Bandgr\u00fcnder und Pianisten Aljoscha Kleinhammer geschriebenen Songs lieferte die Band mit dem vierk\u00f6pfigen Bl\u00e4ser-Lineup und S\u00e4nger Jimmy Buford eine mitrei\u00dfende Show. Zwar konnte man keine ausgefeilten Soli erwarten, aber musikantische Energie, die die Menschen in Bewegung versetzte.<\/p>\n<div class=\"tiled-gallery type-rectangular tiled-gallery-unresized\" data-original-width=\"840\" data-carousel-extra='{&quot;blog_id&quot;:1,&quot;permalink&quot;:&quot;https:\\\/\\\/www.jazzzeitung.de\\\/cms\\\/2024\\\/07\\\/sturm-und-regenschauern-zum-trotz-regensburger-jazzweekend-bringt-tausende-auf-die-beine\\\/&quot;,&quot;likes_blog_id&quot;:55446655}' itemscope itemtype=\"http:\/\/schema.org\/ImageGallery\" > <div class=\"gallery-row\" style=\"width: 840px; height: 376px;\" data-original-width=\"840\" data-original-height=\"376\" > <div class=\"gallery-group images-1\" style=\"width: 560px; height: 376px;\" data-original-width=\"560\" data-original-height=\"376\" > <div class=\"tiled-gallery-item tiled-gallery-item-large\" itemprop=\"associatedMedia\" itemscope itemtype=\"http:\/\/schema.org\/ImageObject\"> <a href=\"https:\/\/www.jazzzeitung.de\/cms\/2024\/07\/sturm-und-regenschauern-zum-trotz-regensburger-jazzweekend-bringt-tausende-auf-die-beine\/renner-trio_52\/\" border=\"0\" itemprop=\"url\"> <meta itemprop=\"width\" content=\"556\"> <meta itemprop=\"height\" content=\"372\"> <img decoding=\"async\" class=\"\" data-attachment-id=\"31334\" data-orig-file=\"https:\/\/www.jazzzeitung.de\/cms\/wp-content\/uploads\/2024\/07\/renner-trio_52.jpg\" data-orig-size=\"2362,1580\" data-comments-opened=\"1\" data-image-meta=\"{&quot;aperture&quot;:&quot;16&quot;,&quot;credit&quot;:&quot;MICHAEL Scheiner&quot;,&quot;camera&quot;:&quot;NIKON D7200&quot;,&quot;caption&quot;:&quot;&quot;,&quot;created_timestamp&quot;:&quot;0&quot;,&quot;copyright&quot;:&quot;Michael Scheiner&quot;,&quot;focal_length&quot;:&quot;52&quot;,&quot;iso&quot;:&quot;1250&quot;,&quot;shutter_speed&quot;:&quot;0.008&quot;,&quot;title&quot;:&quot;&quot;,&quot;orientation&quot;:&quot;1&quot;}\" data-image-title=\"\" data-image-description=\"\" data-medium-file=\"https:\/\/i0.wp.com\/www.jazzzeitung.de\/cms\/wp-content\/uploads\/2024\/07\/renner-trio_52.jpg?fit=300%2C201&#038;ssl=1\" data-large-file=\"https:\/\/i0.wp.com\/www.jazzzeitung.de\/cms\/wp-content\/uploads\/2024\/07\/renner-trio_52.jpg?fit=840%2C562&#038;ssl=1\" src=\"https:\/\/i0.wp.com\/www.jazzzeitung.de\/cms\/wp-content\/uploads\/2024\/07\/renner-trio_52.jpg?w=556&#038;h=372&#038;ssl=1\" srcset=\"https:\/\/i0.wp.com\/www.jazzzeitung.de\/cms\/wp-content\/uploads\/2024\/07\/renner-trio_52.jpg?w=2362&amp;ssl=1 2362w, https:\/\/i0.wp.com\/www.jazzzeitung.de\/cms\/wp-content\/uploads\/2024\/07\/renner-trio_52.jpg?resize=300%2C201&amp;ssl=1 300w, https:\/\/i0.wp.com\/www.jazzzeitung.de\/cms\/wp-content\/uploads\/2024\/07\/renner-trio_52.jpg?resize=897%2C600&amp;ssl=1 897w, https:\/\/i0.wp.com\/www.jazzzeitung.de\/cms\/wp-content\/uploads\/2024\/07\/renner-trio_52.jpg?resize=768%2C514&amp;ssl=1 768w, https:\/\/i0.wp.com\/www.jazzzeitung.de\/cms\/wp-content\/uploads\/2024\/07\/renner-trio_52.jpg?resize=1536%2C1027&amp;ssl=1 1536w, https:\/\/i0.wp.com\/www.jazzzeitung.de\/cms\/wp-content\/uploads\/2024\/07\/renner-trio_52.jpg?resize=2048%2C1370&amp;ssl=1 2048w, https:\/\/i0.wp.com\/www.jazzzeitung.de\/cms\/wp-content\/uploads\/2024\/07\/renner-trio_52.jpg?resize=120%2C80&amp;ssl=1 120w, https:\/\/i0.wp.com\/www.jazzzeitung.de\/cms\/wp-content\/uploads\/2024\/07\/renner-trio_52.jpg?resize=1320%2C883&amp;ssl=1 1320w, https:\/\/i0.wp.com\/www.jazzzeitung.de\/cms\/wp-content\/uploads\/2024\/07\/renner-trio_52.jpg?w=1680&amp;ssl=1 1680w\" width=\"556\" height=\"372\" loading=\"lazy\" data-original-width=\"556\" data-original-height=\"372\" itemprop=\"http:\/\/schema.org\/image\" title=\"\" alt=\"Das Renner Trio. Foto: Michael Scheiner\" style=\"width: 556px; height: 372px;\" \/> <\/a> <div class=\"tiled-gallery-caption\" itemprop=\"caption description\"> Das Renner Trio. Foto: Michael Scheiner <\/div> <\/div> <\/div> <!-- close group --> <div class=\"gallery-group images-2\" style=\"width: 280px; height: 376px;\" data-original-width=\"280\" data-original-height=\"376\" > <div class=\"tiled-gallery-item tiled-gallery-item-large\" itemprop=\"associatedMedia\" itemscope itemtype=\"http:\/\/schema.org\/ImageObject\"> <a href=\"https:\/\/www.jazzzeitung.de\/cms\/2024\/07\/sturm-und-regenschauern-zum-trotz-regensburger-jazzweekend-bringt-tausende-auf-die-beine\/eisenhauer-meinhart_18\/\" border=\"0\" itemprop=\"url\"> <meta itemprop=\"width\" content=\"276\"> <meta itemprop=\"height\" content=\"184\"> <img decoding=\"async\" class=\"\" data-attachment-id=\"31335\" data-orig-file=\"https:\/\/www.jazzzeitung.de\/cms\/wp-content\/uploads\/2024\/07\/eisenhauer-meinhart_18.jpg\" data-orig-size=\"2362,1575\" data-comments-opened=\"1\" data-image-meta=\"{&quot;aperture&quot;:&quot;6.3&quot;,&quot;credit&quot;:&quot;MICHAEL Scheiner&quot;,&quot;camera&quot;:&quot;NIKON D7200&quot;,&quot;caption&quot;:&quot;&quot;,&quot;created_timestamp&quot;:&quot;0&quot;,&quot;copyright&quot;:&quot;Michael Scheiner&quot;,&quot;focal_length&quot;:&quot;36&quot;,&quot;iso&quot;:&quot;3200&quot;,&quot;shutter_speed&quot;:&quot;0.008&quot;,&quot;title&quot;:&quot;&quot;,&quot;orientation&quot;:&quot;1&quot;}\" data-image-title=\"\" data-image-description=\"\" data-medium-file=\"https:\/\/i0.wp.com\/www.jazzzeitung.de\/cms\/wp-content\/uploads\/2024\/07\/eisenhauer-meinhart_18.jpg?fit=300%2C200&#038;ssl=1\" data-large-file=\"https:\/\/i0.wp.com\/www.jazzzeitung.de\/cms\/wp-content\/uploads\/2024\/07\/eisenhauer-meinhart_18.jpg?fit=840%2C560&#038;ssl=1\" src=\"https:\/\/i0.wp.com\/www.jazzzeitung.de\/cms\/wp-content\/uploads\/2024\/07\/eisenhauer-meinhart_18.jpg?w=276&#038;h=184&#038;ssl=1\" srcset=\"https:\/\/i0.wp.com\/www.jazzzeitung.de\/cms\/wp-content\/uploads\/2024\/07\/eisenhauer-meinhart_18.jpg?w=2362&amp;ssl=1 2362w, https:\/\/i0.wp.com\/www.jazzzeitung.de\/cms\/wp-content\/uploads\/2024\/07\/eisenhauer-meinhart_18.jpg?resize=300%2C200&amp;ssl=1 300w, https:\/\/i0.wp.com\/www.jazzzeitung.de\/cms\/wp-content\/uploads\/2024\/07\/eisenhauer-meinhart_18.jpg?resize=900%2C600&amp;ssl=1 900w, https:\/\/i0.wp.com\/www.jazzzeitung.de\/cms\/wp-content\/uploads\/2024\/07\/eisenhauer-meinhart_18.jpg?resize=768%2C512&amp;ssl=1 768w, https:\/\/i0.wp.com\/www.jazzzeitung.de\/cms\/wp-content\/uploads\/2024\/07\/eisenhauer-meinhart_18.jpg?resize=1536%2C1024&amp;ssl=1 1536w, https:\/\/i0.wp.com\/www.jazzzeitung.de\/cms\/wp-content\/uploads\/2024\/07\/eisenhauer-meinhart_18.jpg?resize=2048%2C1366&amp;ssl=1 2048w, https:\/\/i0.wp.com\/www.jazzzeitung.de\/cms\/wp-content\/uploads\/2024\/07\/eisenhauer-meinhart_18.jpg?resize=120%2C80&amp;ssl=1 120w, https:\/\/i0.wp.com\/www.jazzzeitung.de\/cms\/wp-content\/uploads\/2024\/07\/eisenhauer-meinhart_18.jpg?resize=1320%2C880&amp;ssl=1 1320w, https:\/\/i0.wp.com\/www.jazzzeitung.de\/cms\/wp-content\/uploads\/2024\/07\/eisenhauer-meinhart_18.jpg?w=1680&amp;ssl=1 1680w\" width=\"276\" height=\"184\" loading=\"lazy\" data-original-width=\"276\" data-original-height=\"184\" itemprop=\"http:\/\/schema.org\/image\" title=\"\" alt=\"Geff Eisenhauer trifft Tobias Meinhart. Foto: Michael Scheiner\" style=\"width: 276px; height: 184px;\" \/> <\/a> <div class=\"tiled-gallery-caption\" itemprop=\"caption description\"> Geff Eisenhauer trifft Tobias Meinhart. Foto: Michael Scheiner <\/div> <\/div> <div class=\"tiled-gallery-item tiled-gallery-item-large\" itemprop=\"associatedMedia\" itemscope itemtype=\"http:\/\/schema.org\/ImageObject\"> <a href=\"https:\/\/www.jazzzeitung.de\/cms\/2024\/07\/sturm-und-regenschauern-zum-trotz-regensburger-jazzweekend-bringt-tausende-auf-die-beine\/sweet-simones_90\/\" border=\"0\" itemprop=\"url\"> <meta itemprop=\"width\" content=\"276\"> <meta itemprop=\"height\" content=\"184\"> <img decoding=\"async\" class=\"\" data-attachment-id=\"31336\" data-orig-file=\"https:\/\/www.jazzzeitung.de\/cms\/wp-content\/uploads\/2024\/07\/sweet-simones_90.jpg\" data-orig-size=\"2362,1574\" data-comments-opened=\"1\" data-image-meta=\"{&quot;aperture&quot;:&quot;6.3&quot;,&quot;credit&quot;:&quot;MICHAEL Scheiner&quot;,&quot;camera&quot;:&quot;NIKON D7200&quot;,&quot;caption&quot;:&quot;&quot;,&quot;created_timestamp&quot;:&quot;0&quot;,&quot;copyright&quot;:&quot;Michael Scheiner&quot;,&quot;focal_length&quot;:&quot;18&quot;,&quot;iso&quot;:&quot;3200&quot;,&quot;shutter_speed&quot;:&quot;0.01&quot;,&quot;title&quot;:&quot;&quot;,&quot;orientation&quot;:&quot;1&quot;}\" data-image-title=\"\" data-image-description=\"\" data-medium-file=\"https:\/\/i0.wp.com\/www.jazzzeitung.de\/cms\/wp-content\/uploads\/2024\/07\/sweet-simones_90.jpg?fit=300%2C200&#038;ssl=1\" data-large-file=\"https:\/\/i0.wp.com\/www.jazzzeitung.de\/cms\/wp-content\/uploads\/2024\/07\/sweet-simones_90.jpg?fit=840%2C560&#038;ssl=1\" src=\"https:\/\/i0.wp.com\/www.jazzzeitung.de\/cms\/wp-content\/uploads\/2024\/07\/sweet-simones_90.jpg?w=276&#038;h=184&#038;ssl=1\" srcset=\"https:\/\/i0.wp.com\/www.jazzzeitung.de\/cms\/wp-content\/uploads\/2024\/07\/sweet-simones_90.jpg?w=2362&amp;ssl=1 2362w, https:\/\/i0.wp.com\/www.jazzzeitung.de\/cms\/wp-content\/uploads\/2024\/07\/sweet-simones_90.jpg?resize=300%2C200&amp;ssl=1 300w, https:\/\/i0.wp.com\/www.jazzzeitung.de\/cms\/wp-content\/uploads\/2024\/07\/sweet-simones_90.jpg?resize=900%2C600&amp;ssl=1 900w, https:\/\/i0.wp.com\/www.jazzzeitung.de\/cms\/wp-content\/uploads\/2024\/07\/sweet-simones_90.jpg?resize=768%2C512&amp;ssl=1 768w, https:\/\/i0.wp.com\/www.jazzzeitung.de\/cms\/wp-content\/uploads\/2024\/07\/sweet-simones_90.jpg?resize=1536%2C1024&amp;ssl=1 1536w, https:\/\/i0.wp.com\/www.jazzzeitung.de\/cms\/wp-content\/uploads\/2024\/07\/sweet-simones_90.jpg?resize=2048%2C1365&amp;ssl=1 2048w, https:\/\/i0.wp.com\/www.jazzzeitung.de\/cms\/wp-content\/uploads\/2024\/07\/sweet-simones_90.jpg?resize=120%2C80&amp;ssl=1 120w, https:\/\/i0.wp.com\/www.jazzzeitung.de\/cms\/wp-content\/uploads\/2024\/07\/sweet-simones_90.jpg?resize=1320%2C880&amp;ssl=1 1320w, https:\/\/i0.wp.com\/www.jazzzeitung.de\/cms\/wp-content\/uploads\/2024\/07\/sweet-simones_90.jpg?w=1680&amp;ssl=1 1680w\" width=\"276\" height=\"184\" loading=\"lazy\" data-original-width=\"276\" data-original-height=\"184\" itemprop=\"http:\/\/schema.org\/image\" title=\"\" alt=\"Swing Revival mit den Sweet Simones. Foto: Michael Scheiner\" style=\"width: 276px; height: 184px;\" \/> <\/a> <div class=\"tiled-gallery-caption\" itemprop=\"caption description\"> Swing Revival mit den Sweet Simones. Foto: Michael Scheiner <\/div> <\/div> <\/div> <!-- close group --> <\/div> <!-- close row --> <div class=\"gallery-row\" style=\"width: 840px; height: 565px;\" data-original-width=\"840\" data-original-height=\"565\" > <div class=\"gallery-group images-1\" style=\"width: 840px; height: 565px;\" data-original-width=\"840\" data-original-height=\"565\" > <div class=\"tiled-gallery-item tiled-gallery-item-large\" itemprop=\"associatedMedia\" itemscope itemtype=\"http:\/\/schema.org\/ImageObject\"> <a href=\"https:\/\/www.jazzzeitung.de\/cms\/2024\/07\/sturm-und-regenschauern-zum-trotz-regensburger-jazzweekend-bringt-tausende-auf-die-beine\/busler-magdalena-qu_67\/\" border=\"0\" itemprop=\"url\"> <meta itemprop=\"width\" content=\"836\"> <meta itemprop=\"height\" content=\"561\"> <img decoding=\"async\" class=\"\" data-attachment-id=\"31337\" data-orig-file=\"https:\/\/www.jazzzeitung.de\/cms\/wp-content\/uploads\/2024\/07\/busler-magdalena-qu_67.jpg\" data-orig-size=\"2362,1585\" data-comments-opened=\"1\" data-image-meta=\"{&quot;aperture&quot;:&quot;10&quot;,&quot;credit&quot;:&quot;MICHAEL Scheiner&quot;,&quot;camera&quot;:&quot;NIKON D7200&quot;,&quot;caption&quot;:&quot;&quot;,&quot;created_timestamp&quot;:&quot;0&quot;,&quot;copyright&quot;:&quot;Michael Scheiner&quot;,&quot;focal_length&quot;:&quot;32&quot;,&quot;iso&quot;:&quot;400&quot;,&quot;shutter_speed&quot;:&quot;0.008&quot;,&quot;title&quot;:&quot;&quot;,&quot;orientation&quot;:&quot;1&quot;}\" data-image-title=\"\" data-image-description=\"\" data-medium-file=\"https:\/\/i0.wp.com\/www.jazzzeitung.de\/cms\/wp-content\/uploads\/2024\/07\/busler-magdalena-qu_67.jpg?fit=300%2C201&#038;ssl=1\" data-large-file=\"https:\/\/i0.wp.com\/www.jazzzeitung.de\/cms\/wp-content\/uploads\/2024\/07\/busler-magdalena-qu_67.jpg?fit=840%2C564&#038;ssl=1\" src=\"https:\/\/i0.wp.com\/www.jazzzeitung.de\/cms\/wp-content\/uploads\/2024\/07\/busler-magdalena-qu_67.jpg?w=836&#038;h=561&#038;ssl=1\" srcset=\"https:\/\/i0.wp.com\/www.jazzzeitung.de\/cms\/wp-content\/uploads\/2024\/07\/busler-magdalena-qu_67.jpg?w=2362&amp;ssl=1 2362w, https:\/\/i0.wp.com\/www.jazzzeitung.de\/cms\/wp-content\/uploads\/2024\/07\/busler-magdalena-qu_67.jpg?resize=300%2C201&amp;ssl=1 300w, https:\/\/i0.wp.com\/www.jazzzeitung.de\/cms\/wp-content\/uploads\/2024\/07\/busler-magdalena-qu_67.jpg?resize=894%2C600&amp;ssl=1 894w, https:\/\/i0.wp.com\/www.jazzzeitung.de\/cms\/wp-content\/uploads\/2024\/07\/busler-magdalena-qu_67.jpg?resize=768%2C515&amp;ssl=1 768w, https:\/\/i0.wp.com\/www.jazzzeitung.de\/cms\/wp-content\/uploads\/2024\/07\/busler-magdalena-qu_67.jpg?resize=1536%2C1031&amp;ssl=1 1536w, https:\/\/i0.wp.com\/www.jazzzeitung.de\/cms\/wp-content\/uploads\/2024\/07\/busler-magdalena-qu_67.jpg?resize=2048%2C1374&amp;ssl=1 2048w, https:\/\/i0.wp.com\/www.jazzzeitung.de\/cms\/wp-content\/uploads\/2024\/07\/busler-magdalena-qu_67.jpg?resize=120%2C80&amp;ssl=1 120w, https:\/\/i0.wp.com\/www.jazzzeitung.de\/cms\/wp-content\/uploads\/2024\/07\/busler-magdalena-qu_67.jpg?resize=1320%2C886&amp;ssl=1 1320w, https:\/\/i0.wp.com\/www.jazzzeitung.de\/cms\/wp-content\/uploads\/2024\/07\/busler-magdalena-qu_67.jpg?w=1680&amp;ssl=1 1680w\" width=\"836\" height=\"561\" loading=\"lazy\" data-original-width=\"836\" data-original-height=\"561\" itemprop=\"http:\/\/schema.org\/image\" title=\"\" alt=\"Magdalena Busler und Band. Foto: Michael Scheiner\" style=\"width: 836px; height: 561px;\" \/> <\/a> <div class=\"tiled-gallery-caption\" itemprop=\"caption description\"> Magdalena Busler und Band. Foto: Michael Scheiner <\/div> <\/div> <\/div> <!-- close group --> <\/div> <!-- close row --> <\/div>\n<p>Das machte auch Schlagzeuger Gerwin Eisenhauer mit seinem elektronischen Drumkit gleich mehrfach. Als Duo Booom mit der Rapperin und S\u00e4ngerin Layla Carter, tags darauf in Kallm\u00fcnz und im Degginger (Regensburg) mit dem Tenorsaxofonisten Tobias Meinhart, der spontan f\u00fcr die erkrankte Carter eingesprungen ist. Der virtuose Drummer kn\u00fcpfte mit seinem vom Jungle inspirierten vibrierenden Spiel auch an die unterhaltende Tradition des Jazz an. Ohne vorherige Probe liessen sich die beiden Musiker auf das Experiment des spontanen freien Improvisierens ein. Sowohl in Kallm\u00fcnz, wie sp\u00e4ter im Degginger kamen bei den ungewohnten Duopartnern spannende und machtvoll groovende Konzerte zustande, die das Publikum in Bewegung und Trance versetzte.<\/p>\n<p>Am Ende hatte der aus New York kommende Meinhart drei Konzerte hinter einander gespielt und war entsprechend fertig. Auch damit verwies der sich bis zur Ekstase verausgabende Holzbl\u00e4ser auf eine vergangene Zeit, als Jazzmusiker in Tanzs\u00e4len manchmal die halbe Nacht am St\u00fcck spielen mussten. Zwischen den beiden Groovegigs mit Eisenhauer blies sich Meinhart noch mit Connecting Rivers die Seele aus dem Leib. Das Quartett hat sich auf Anregung der Kulturverwaltungen der Partnerst\u00e4dte Aberdeen und Regensburg und ist erstmals auf dem Jazzfestival in Aberdeen aufgetreten. Meinhart spielt darin mit Gitarrist Paulo Morello aus der Oberpfalz und die schottischen Musiker Ali Watson (bass) und Richard Glassby (drums) Kompositionen von jedem der vier. Formal wie inhaltlich sind die St\u00fccke sehr unterschiedlich, was die Konzerte des Quartetts zu einer Erkundungsreise von beschwingter Latinstimmung bis zu folkloristisch angehauchtem Modernjazz machte.<\/p>\n<p>Als viele Besucher samstags bereits auf dem Heimweg waren, bauten im Leeren Beutel die Jungs von Full Bloom erst ihre Instrumente f\u00fcr den Soundcheck auf. Der ging dann nahtlos in den Konzertbeginn \u00fcber. Mit einem Soundgest\u00f6ber aus E-Gitarre, E-Bass, Perkussion und nerv\u00f6sen Keyboardlinien erinnerten die M\u00fcnchner entfernt an fr\u00fche progressive Rockgruppen wie Magma, Amon D\u00fc\u00fcl oder Soft Machine.<\/p>\n<h3>Jazz ist Vielfalt<\/h3>\n<p>Scheinbar diametral erschien dazu die junge Altsaxofonistin und Musiklehrerin Magdalena Busler mit ihrem Quartett. Sie er\u00f6ffnete am Bismarckplatz den Jazzmarathon, der wenige Stunden sp\u00e4ter sturmbedingt abrupt unterbrochen wurde. Busler stellte mit Kommilitonen der W\u00fcrzburger Musikhochschule eigene Kompositionen wie \u201eBreathe\u201c, \u201eAutumn\u201c vor. Diese erinnerten in ihrer melodi\u00f6sen Weitr\u00e4umigkeit und den repetitiven Piano-Motiven an nordische Jazzurus, wie sie auf ECM und ACT Music zuhause sind. Es flie\u00dfen aber auch Latin- und Fusionelemente in ihre Songs mit ein. Diese versieht sie h\u00e4ufig mit Texten, wie sie in einer ihrer bilderreichen Moderationen erz\u00e4hlte und zitierte aus einem dieser poetischen Stimmungsbildern.<\/p>\n<p>Ganz dem Gypsy-Jazz eines Django Reinhardt hat sich der Leutkirchner Gitarrist Manfred Fuchs mit seinem Trio verschrieben. Im Durchgang vom Restaurant Amore, Vino &amp; Amici zu Vor der Grieb stellte er mit dem warmherzig solierenden Bassisten Tiny Schmauch und Makus Kimmich an der Rhythmusgitarre St\u00fccke wie \u201eKarlis Coffee\u201c und die stimmungsvolle Ballade \u201eThe Sad clown\u201c vor. Musikalisch verliert sich der hochvirtuose Instrumentalist \u00f6fters in blitzblanken L\u00e4ufen, die letztlich wenig sagen.<\/p>\n<p>Hei\u00df wurde es beim Trio Renner im Arkadenhof nicht nur wegen deren vibrierender Energie und ihrem hochvirtuosen Spiel, sondern auch unter der hei\u00dfen Mittagssonne. Trotz eines Meeres an Stroh- und Sonnenh\u00fcten leerten sich nach und nach einige Stuhlreihen ohne Beschattung. Das nach den Br\u00fcdern Moritz (tb) und Valentin (dr) benannte Trio Renner geh\u00f6rt mit Bassist Nils Kugelmann, einem \u201eWesenverwandten\u201c, zu den gro\u00dfen Entdeckungen im bayerischen Jazz der letzten Jahre. Moritz, der die meisten St\u00fccke beigesteuert hat, und die beiden Mitmusiker geben mit der Komposition \u201eHope\u201c einer optimistischen Grundhaltung Ausdruck, mit der sie dem Leben gegen\u00fcberstehen. Zugleich ist es musikalisch richtungsweisend f\u00fcr einen emotional packenden Sound in dem komplexe Strukturen, wunderbare Improvisationen und ein sensibles Gesp\u00fcr f\u00fcr Dramatik gl\u00e4nzend ausbalanciert sind.<\/p>\n<p>Dieses Jahr geh\u00f6rte auch wieder ein Jazz-Gottesdienst mit Jazzymotion in der Dreieinigkeitskirche zum vielf\u00e4ltigen Programm des Weekends. ebenso wie ein Vortrag des Musikwissenschaftlers Fabio Dick von der Julius-Maximilians-Universit\u00e4t W\u00fcrzburg. Er f\u00fchrte eine Evaluierung zur Optimierung der bestehenden Soziokultur des Jazzweekends durch und stellte die Ergebnisse der Untersuchung von 2023 vor. Besondere Entdeckungen machten viele Besucher in kleineren B\u00fchnen bei Rehorik mit Zweifel und Caecilia, der Heimat mit der One-Man-Band Hoop und beim Augustiner mit dem wilden Discofieber der Soulband von S\u00e4ngerin Tony Tara. Auf dem Museumsschiff Ruthof, das fest am Marc-Aurel-Ufer vert\u00e4ut liegt, gaben sich New-Orleans- und Dixiebands mit Bluesgangs und Afrobeat-Gruppen das Ruder in die Hand. Jeweils lustvoll goutiert von Zuh\u00f6renden, die am Ufer den motorisierten Verkehr fast lahmlegten. Ein klimakleberfreier Nebeneffekt dank der demokratierf\u00f6rdernden Kraft der Jazzmusik.<\/p>\n<p>Text und Fotos: von Michael Scheiner<\/p>\n<p>&nbsp;<\/p>\n","protected":false},"excerpt":{"rendered":"<p>Lange stand das Jazzweekend in Regensburg im Ruf im sommerlichen Monsun zu versinken. Statistisch war das weitgehend Unfug, auch wenn es Jahre mit st\u00fcrmischen Gewittern, Schn\u00fcrlregen oder feuchter K\u00fchle gab. Bei der 43. Auflage wurde es heuer dem alten Nimbus mit kurzen heftigen Regenschauern zum Pre-Opening am Donnerstag und einem heftigen Sturm mit Temperatursturz und Konzertabsagen am Samstag beinahe gerecht. Da aber die konzeptionelle Neuausrichtung schon seit zwei Jahren f\u00fcr frischen Wind und eine inhaltliche wie personelle Belebung gesorgt hatte, konnte dieser wetterbedingte R\u00fcckfall die Stimmung nur kurzfristig tr\u00fcben. Schade war es f\u00fcr die angereisten Musikerinnen und Musiker, die ungeh\u00f6rt wieder nach Hause fahren mussten. Auch die Landkreisgemeinde Wenzenbach, die bereits zum zweiten Mal mit dabei war, blieb auf einigen Kosten sitzen. Hoffentlich f\u00fchlen sich die jazzaffinen Gemeindevertreter*innen dadurch nicht demotiviert. In Kallm\u00fcnz, der neu hinzugekommenen Landkreisgemeinde waren Stimmung und Resonanz auf die Schr\u00e4glage Marching Band, die sp\u00e4ter auch in der Regensburger Altstadt gute Laune verbreitete, auf das Karoline Weidt Quartett und weitere Acts durch die Bank positiv. Damit hat das f\u00fcr seit jeher kostenlose Festival eine gr\u00f6\u00dfere r\u00e4umliche Ausdehnung bekommen und wird gerade f\u00fcr &hellip;<\/p>\n","protected":false},"author":18,"featured_media":31342,"comment_status":"open","ping_status":"closed","sticky":false,"template":"","format":"standard","meta":{"_jetpack_memberships_contains_paid_content":false,"footnotes":"","jetpack_publicize_message":"","jetpack_publicize_feature_enabled":true,"jetpack_social_post_already_shared":true,"jetpack_social_options":{"image_generator_settings":{"template":"highway","default_image_id":0,"font":"","enabled":false},"version":2}},"categories":[1053],"tags":[5428,4966,3647,4425,4131,5429,1035,5430,5306,4432],"coauthors":[695],"class_list":["post-31332","post","type-post","status-publish","format-standard","has-post-thumbnail","hentry","category-bericht","tag-amon-dueuel","tag-geff-eisenhauer","tag-karoline-weidt","tag-moritz-renner","tag-nils-kugelmann","tag-paolo-morello","tag-tobias-meinhart","tag-tony-tara","tag-trio-renner","tag-valentin-renner"],"yoast_head":"<!-- This site is optimized with the Yoast SEO plugin v27.5 - https:\/\/yoast.com\/product\/yoast-seo-wordpress\/ -->\n<title>Sturm und Regenschauern zum Trotz: Regensburger Jazzweekend bringt Tausende auf die Beine - JazzZeitung<\/title>\n<meta name=\"robots\" content=\"index, follow, max-snippet:-1, max-image-preview:large, max-video-preview:-1\" \/>\n<link rel=\"canonical\" href=\"https:\/\/www.jazzzeitung.de\/cms\/2024\/07\/sturm-und-regenschauern-zum-trotz-regensburger-jazzweekend-bringt-tausende-auf-die-beine\/\" \/>\n<meta property=\"og:locale\" content=\"de_DE\" \/>\n<meta property=\"og:type\" content=\"article\" \/>\n<meta property=\"og:title\" content=\"Sturm und Regenschauern zum Trotz: Regensburger Jazzweekend bringt Tausende auf die Beine - JazzZeitung\" \/>\n<meta property=\"og:description\" content=\"Lange stand das Jazzweekend in Regensburg im Ruf im sommerlichen Monsun zu versinken. Statistisch war das weitgehend Unfug, auch wenn es Jahre mit st\u00fcrmischen Gewittern, Schn\u00fcrlregen oder feuchter K\u00fchle gab. Bei der 43. Auflage wurde es heuer dem alten Nimbus mit kurzen heftigen Regenschauern zum Pre-Opening am Donnerstag und einem heftigen Sturm mit Temperatursturz und Konzertabsagen am Samstag beinahe gerecht. Da aber die konzeptionelle Neuausrichtung schon seit zwei Jahren f\u00fcr frischen Wind und eine inhaltliche wie personelle Belebung gesorgt hatte, konnte dieser wetterbedingte R\u00fcckfall die Stimmung nur kurzfristig tr\u00fcben. Schade war es f\u00fcr die angereisten Musikerinnen und Musiker, die ungeh\u00f6rt wieder nach Hause fahren mussten. Auch die Landkreisgemeinde Wenzenbach, die bereits zum zweiten Mal mit dabei war, blieb auf einigen Kosten sitzen. Hoffentlich f\u00fchlen sich die jazzaffinen Gemeindevertreter*innen dadurch nicht demotiviert. In Kallm\u00fcnz, der neu hinzugekommenen Landkreisgemeinde waren Stimmung und Resonanz auf die Schr\u00e4glage Marching Band, die sp\u00e4ter auch in der Regensburger Altstadt gute Laune verbreitete, auf das Karoline Weidt Quartett und weitere Acts durch die Bank positiv. Damit hat das f\u00fcr seit jeher kostenlose Festival eine gr\u00f6\u00dfere r\u00e4umliche Ausdehnung bekommen und wird gerade f\u00fcr &hellip;\" \/>\n<meta property=\"og:url\" content=\"https:\/\/www.jazzzeitung.de\/cms\/2024\/07\/sturm-und-regenschauern-zum-trotz-regensburger-jazzweekend-bringt-tausende-auf-die-beine\/\" \/>\n<meta property=\"og:site_name\" content=\"JazzZeitung\" \/>\n<meta property=\"article:publisher\" content=\"https:\/\/www.facebook.com\/JazzZeitung\/\" \/>\n<meta property=\"article:published_time\" content=\"2024-07-13T07:27:14+00:00\" \/>\n<meta property=\"article:modified_time\" content=\"2024-07-13T08:53:58+00:00\" \/>\n<meta property=\"og:image\" content=\"https:\/\/www.jazzzeitung.de\/cms\/wp-content\/uploads\/2024\/07\/morello-meinhart_61-900x600.jpg\" \/>\n\t<meta property=\"og:image:width\" content=\"900\" \/>\n\t<meta property=\"og:image:height\" content=\"600\" \/>\n\t<meta property=\"og:image:type\" content=\"image\/jpeg\" \/>\n<meta name=\"author\" content=\"Redaktion JazzZeitung\" \/>\n<script type=\"application\/ld+json\" class=\"yoast-schema-graph\">{\"@context\":\"https:\\\/\\\/schema.org\",\"@graph\":[{\"@type\":\"Article\",\"@id\":\"https:\\\/\\\/www.jazzzeitung.de\\\/cms\\\/2024\\\/07\\\/sturm-und-regenschauern-zum-trotz-regensburger-jazzweekend-bringt-tausende-auf-die-beine\\\/#article\",\"isPartOf\":{\"@id\":\"https:\\\/\\\/www.jazzzeitung.de\\\/cms\\\/2024\\\/07\\\/sturm-und-regenschauern-zum-trotz-regensburger-jazzweekend-bringt-tausende-auf-die-beine\\\/\"},\"author\":{\"name\":\"Redaktion JazzZeitung\",\"@id\":\"https:\\\/\\\/www.jazzzeitung.de\\\/cms\\\/#\\\/schema\\\/person\\\/2245b36b9cd1d24cea10f01c031fb92b\"},\"headline\":\"Sturm und Regenschauern zum Trotz: Regensburger Jazzweekend bringt Tausende auf die Beine\",\"datePublished\":\"2024-07-13T07:27:14+00:00\",\"dateModified\":\"2024-07-13T08:53:58+00:00\",\"mainEntityOfPage\":{\"@id\":\"https:\\\/\\\/www.jazzzeitung.de\\\/cms\\\/2024\\\/07\\\/sturm-und-regenschauern-zum-trotz-regensburger-jazzweekend-bringt-tausende-auf-die-beine\\\/\"},\"wordCount\":1862,\"commentCount\":0,\"publisher\":{\"@id\":\"https:\\\/\\\/www.jazzzeitung.de\\\/cms\\\/#organization\"},\"image\":{\"@id\":\"https:\\\/\\\/www.jazzzeitung.de\\\/cms\\\/2024\\\/07\\\/sturm-und-regenschauern-zum-trotz-regensburger-jazzweekend-bringt-tausende-auf-die-beine\\\/#primaryimage\"},\"thumbnailUrl\":\"https:\\\/\\\/i0.wp.com\\\/www.jazzzeitung.de\\\/cms\\\/wp-content\\\/uploads\\\/2024\\\/07\\\/morello-meinhart_61.jpg?fit=2366%2C1574&ssl=1\",\"keywords\":[\"Amon D\u00fc\u00fcl\",\"Geff Eisenhauer\",\"Karoline Weidt\",\"Moritz Renner\",\"Nils Kugelmann\",\"Paolo Morello\",\"Tobias Meinhart\",\"Tony Tara\",\"Trio Renner\",\"Valentin Renner\"],\"articleSection\":[\"Bericht\"],\"inLanguage\":\"de\",\"potentialAction\":[{\"@type\":\"CommentAction\",\"name\":\"Comment\",\"target\":[\"https:\\\/\\\/www.jazzzeitung.de\\\/cms\\\/2024\\\/07\\\/sturm-und-regenschauern-zum-trotz-regensburger-jazzweekend-bringt-tausende-auf-die-beine\\\/#respond\"]}]},{\"@type\":\"WebPage\",\"@id\":\"https:\\\/\\\/www.jazzzeitung.de\\\/cms\\\/2024\\\/07\\\/sturm-und-regenschauern-zum-trotz-regensburger-jazzweekend-bringt-tausende-auf-die-beine\\\/\",\"url\":\"https:\\\/\\\/www.jazzzeitung.de\\\/cms\\\/2024\\\/07\\\/sturm-und-regenschauern-zum-trotz-regensburger-jazzweekend-bringt-tausende-auf-die-beine\\\/\",\"name\":\"Sturm und Regenschauern zum Trotz: Regensburger Jazzweekend bringt Tausende auf die Beine - JazzZeitung\",\"isPartOf\":{\"@id\":\"https:\\\/\\\/www.jazzzeitung.de\\\/cms\\\/#website\"},\"primaryImageOfPage\":{\"@id\":\"https:\\\/\\\/www.jazzzeitung.de\\\/cms\\\/2024\\\/07\\\/sturm-und-regenschauern-zum-trotz-regensburger-jazzweekend-bringt-tausende-auf-die-beine\\\/#primaryimage\"},\"image\":{\"@id\":\"https:\\\/\\\/www.jazzzeitung.de\\\/cms\\\/2024\\\/07\\\/sturm-und-regenschauern-zum-trotz-regensburger-jazzweekend-bringt-tausende-auf-die-beine\\\/#primaryimage\"},\"thumbnailUrl\":\"https:\\\/\\\/i0.wp.com\\\/www.jazzzeitung.de\\\/cms\\\/wp-content\\\/uploads\\\/2024\\\/07\\\/morello-meinhart_61.jpg?fit=2366%2C1574&ssl=1\",\"datePublished\":\"2024-07-13T07:27:14+00:00\",\"dateModified\":\"2024-07-13T08:53:58+00:00\",\"breadcrumb\":{\"@id\":\"https:\\\/\\\/www.jazzzeitung.de\\\/cms\\\/2024\\\/07\\\/sturm-und-regenschauern-zum-trotz-regensburger-jazzweekend-bringt-tausende-auf-die-beine\\\/#breadcrumb\"},\"inLanguage\":\"de\",\"potentialAction\":[{\"@type\":\"ReadAction\",\"target\":[\"https:\\\/\\\/www.jazzzeitung.de\\\/cms\\\/2024\\\/07\\\/sturm-und-regenschauern-zum-trotz-regensburger-jazzweekend-bringt-tausende-auf-die-beine\\\/\"]}]},{\"@type\":\"ImageObject\",\"inLanguage\":\"de\",\"@id\":\"https:\\\/\\\/www.jazzzeitung.de\\\/cms\\\/2024\\\/07\\\/sturm-und-regenschauern-zum-trotz-regensburger-jazzweekend-bringt-tausende-auf-die-beine\\\/#primaryimage\",\"url\":\"https:\\\/\\\/i0.wp.com\\\/www.jazzzeitung.de\\\/cms\\\/wp-content\\\/uploads\\\/2024\\\/07\\\/morello-meinhart_61.jpg?fit=2366%2C1574&ssl=1\",\"contentUrl\":\"https:\\\/\\\/i0.wp.com\\\/www.jazzzeitung.de\\\/cms\\\/wp-content\\\/uploads\\\/2024\\\/07\\\/morello-meinhart_61.jpg?fit=2366%2C1574&ssl=1\",\"width\":2366,\"height\":1574},{\"@type\":\"BreadcrumbList\",\"@id\":\"https:\\\/\\\/www.jazzzeitung.de\\\/cms\\\/2024\\\/07\\\/sturm-und-regenschauern-zum-trotz-regensburger-jazzweekend-bringt-tausende-auf-die-beine\\\/#breadcrumb\",\"itemListElement\":[{\"@type\":\"ListItem\",\"position\":1,\"name\":\"Startseite\",\"item\":\"https:\\\/\\\/www.jazzzeitung.de\\\/cms\\\/\"},{\"@type\":\"ListItem\",\"position\":2,\"name\":\"Sturm und Regenschauern zum Trotz: Regensburger Jazzweekend bringt Tausende auf die Beine\"}]},{\"@type\":\"WebSite\",\"@id\":\"https:\\\/\\\/www.jazzzeitung.de\\\/cms\\\/#website\",\"url\":\"https:\\\/\\\/www.jazzzeitung.de\\\/cms\\\/\",\"name\":\"JazzZeitung\",\"description\":\"Jazz-News und Jazz-Kontroverses\",\"publisher\":{\"@id\":\"https:\\\/\\\/www.jazzzeitung.de\\\/cms\\\/#organization\"},\"potentialAction\":[{\"@type\":\"SearchAction\",\"target\":{\"@type\":\"EntryPoint\",\"urlTemplate\":\"https:\\\/\\\/www.jazzzeitung.de\\\/cms\\\/?s={search_term_string}\"},\"query-input\":{\"@type\":\"PropertyValueSpecification\",\"valueRequired\":true,\"valueName\":\"search_term_string\"}}],\"inLanguage\":\"de\"},{\"@type\":\"Organization\",\"@id\":\"https:\\\/\\\/www.jazzzeitung.de\\\/cms\\\/#organization\",\"name\":\"JazzZeitung online\",\"url\":\"https:\\\/\\\/www.jazzzeitung.de\\\/cms\\\/\",\"logo\":{\"@type\":\"ImageObject\",\"inLanguage\":\"de\",\"@id\":\"https:\\\/\\\/www.jazzzeitung.de\\\/cms\\\/#\\\/schema\\\/logo\\\/image\\\/\",\"url\":\"https:\\\/\\\/i0.wp.com\\\/www.jazzzeitung.de\\\/cms\\\/wp-content\\\/uploads\\\/2015\\\/08\\\/JAZZZEITUNGDE_Logo_Neu.png?fit=499%2C200&ssl=1\",\"contentUrl\":\"https:\\\/\\\/i0.wp.com\\\/www.jazzzeitung.de\\\/cms\\\/wp-content\\\/uploads\\\/2015\\\/08\\\/JAZZZEITUNGDE_Logo_Neu.png?fit=499%2C200&ssl=1\",\"width\":499,\"height\":200,\"caption\":\"JazzZeitung online\"},\"image\":{\"@id\":\"https:\\\/\\\/www.jazzzeitung.de\\\/cms\\\/#\\\/schema\\\/logo\\\/image\\\/\"},\"sameAs\":[\"https:\\\/\\\/www.facebook.com\\\/JazzZeitung\\\/\"]},{\"@type\":\"Person\",\"@id\":\"https:\\\/\\\/www.jazzzeitung.de\\\/cms\\\/#\\\/schema\\\/person\\\/2245b36b9cd1d24cea10f01c031fb92b\",\"name\":\"Redaktion JazzZeitung\",\"image\":{\"@type\":\"ImageObject\",\"inLanguage\":\"de\",\"@id\":\"https:\\\/\\\/i0.wp.com\\\/www.jazzzeitung.de\\\/cms\\\/wp-content\\\/uploads\\\/2015\\\/08\\\/JAZZZEITUNGDE_Logo_Neu.png?resize=96%2C96&ssl=159975dcacb611b5700bd619b5daf0a7a\",\"url\":\"https:\\\/\\\/i0.wp.com\\\/www.jazzzeitung.de\\\/cms\\\/wp-content\\\/uploads\\\/2015\\\/08\\\/JAZZZEITUNGDE_Logo_Neu.png?resize=96%2C96&ssl=1\",\"contentUrl\":\"https:\\\/\\\/i0.wp.com\\\/www.jazzzeitung.de\\\/cms\\\/wp-content\\\/uploads\\\/2015\\\/08\\\/JAZZZEITUNGDE_Logo_Neu.png?resize=96%2C96&ssl=1\",\"caption\":\"Redaktion JazzZeitung\"},\"description\":\"Artikel der Redaktion der JazzZeitung.\",\"sameAs\":[\"http:\\\/\\\/www.jazzzeitung.de\\\/cms\\\/\"],\"url\":\"https:\\\/\\\/www.jazzzeitung.de\\\/cms\\\/author\\\/redaktion\\\/\"}]}<\/script>\n<!-- \/ Yoast SEO plugin. -->","yoast_head_json":{"title":"Sturm und Regenschauern zum Trotz: Regensburger Jazzweekend bringt Tausende auf die Beine - JazzZeitung","robots":{"index":"index","follow":"follow","max-snippet":"max-snippet:-1","max-image-preview":"max-image-preview:large","max-video-preview":"max-video-preview:-1"},"canonical":"https:\/\/www.jazzzeitung.de\/cms\/2024\/07\/sturm-und-regenschauern-zum-trotz-regensburger-jazzweekend-bringt-tausende-auf-die-beine\/","og_locale":"de_DE","og_type":"article","og_title":"Sturm und Regenschauern zum Trotz: Regensburger Jazzweekend bringt Tausende auf die Beine - JazzZeitung","og_description":"Lange stand das Jazzweekend in Regensburg im Ruf im sommerlichen Monsun zu versinken. Statistisch war das weitgehend Unfug, auch wenn es Jahre mit st\u00fcrmischen Gewittern, Schn\u00fcrlregen oder feuchter K\u00fchle gab. Bei der 43. Auflage wurde es heuer dem alten Nimbus mit kurzen heftigen Regenschauern zum Pre-Opening am Donnerstag und einem heftigen Sturm mit Temperatursturz und Konzertabsagen am Samstag beinahe gerecht. Da aber die konzeptionelle Neuausrichtung schon seit zwei Jahren f\u00fcr frischen Wind und eine inhaltliche wie personelle Belebung gesorgt hatte, konnte dieser wetterbedingte R\u00fcckfall die Stimmung nur kurzfristig tr\u00fcben. Schade war es f\u00fcr die angereisten Musikerinnen und Musiker, die ungeh\u00f6rt wieder nach Hause fahren mussten. Auch die Landkreisgemeinde Wenzenbach, die bereits zum zweiten Mal mit dabei war, blieb auf einigen Kosten sitzen. Hoffentlich f\u00fchlen sich die jazzaffinen Gemeindevertreter*innen dadurch nicht demotiviert. In Kallm\u00fcnz, der neu hinzugekommenen Landkreisgemeinde waren Stimmung und Resonanz auf die Schr\u00e4glage Marching Band, die sp\u00e4ter auch in der Regensburger Altstadt gute Laune verbreitete, auf das Karoline Weidt Quartett und weitere Acts durch die Bank positiv. Damit hat das f\u00fcr seit jeher kostenlose Festival eine gr\u00f6\u00dfere r\u00e4umliche Ausdehnung bekommen und wird gerade f\u00fcr &hellip;","og_url":"https:\/\/www.jazzzeitung.de\/cms\/2024\/07\/sturm-und-regenschauern-zum-trotz-regensburger-jazzweekend-bringt-tausende-auf-die-beine\/","og_site_name":"JazzZeitung","article_publisher":"https:\/\/www.facebook.com\/JazzZeitung\/","article_published_time":"2024-07-13T07:27:14+00:00","article_modified_time":"2024-07-13T08:53:58+00:00","og_image":[{"width":900,"height":600,"url":"https:\/\/www.jazzzeitung.de\/cms\/wp-content\/uploads\/2024\/07\/morello-meinhart_61-900x600.jpg","type":"image\/jpeg"}],"author":"Redaktion JazzZeitung","schema":{"@context":"https:\/\/schema.org","@graph":[{"@type":"Article","@id":"https:\/\/www.jazzzeitung.de\/cms\/2024\/07\/sturm-und-regenschauern-zum-trotz-regensburger-jazzweekend-bringt-tausende-auf-die-beine\/#article","isPartOf":{"@id":"https:\/\/www.jazzzeitung.de\/cms\/2024\/07\/sturm-und-regenschauern-zum-trotz-regensburger-jazzweekend-bringt-tausende-auf-die-beine\/"},"author":{"name":"Redaktion JazzZeitung","@id":"https:\/\/www.jazzzeitung.de\/cms\/#\/schema\/person\/2245b36b9cd1d24cea10f01c031fb92b"},"headline":"Sturm und Regenschauern zum Trotz: Regensburger Jazzweekend bringt Tausende auf die Beine","datePublished":"2024-07-13T07:27:14+00:00","dateModified":"2024-07-13T08:53:58+00:00","mainEntityOfPage":{"@id":"https:\/\/www.jazzzeitung.de\/cms\/2024\/07\/sturm-und-regenschauern-zum-trotz-regensburger-jazzweekend-bringt-tausende-auf-die-beine\/"},"wordCount":1862,"commentCount":0,"publisher":{"@id":"https:\/\/www.jazzzeitung.de\/cms\/#organization"},"image":{"@id":"https:\/\/www.jazzzeitung.de\/cms\/2024\/07\/sturm-und-regenschauern-zum-trotz-regensburger-jazzweekend-bringt-tausende-auf-die-beine\/#primaryimage"},"thumbnailUrl":"https:\/\/i0.wp.com\/www.jazzzeitung.de\/cms\/wp-content\/uploads\/2024\/07\/morello-meinhart_61.jpg?fit=2366%2C1574&ssl=1","keywords":["Amon D\u00fc\u00fcl","Geff Eisenhauer","Karoline Weidt","Moritz Renner","Nils Kugelmann","Paolo Morello","Tobias Meinhart","Tony Tara","Trio Renner","Valentin Renner"],"articleSection":["Bericht"],"inLanguage":"de","potentialAction":[{"@type":"CommentAction","name":"Comment","target":["https:\/\/www.jazzzeitung.de\/cms\/2024\/07\/sturm-und-regenschauern-zum-trotz-regensburger-jazzweekend-bringt-tausende-auf-die-beine\/#respond"]}]},{"@type":"WebPage","@id":"https:\/\/www.jazzzeitung.de\/cms\/2024\/07\/sturm-und-regenschauern-zum-trotz-regensburger-jazzweekend-bringt-tausende-auf-die-beine\/","url":"https:\/\/www.jazzzeitung.de\/cms\/2024\/07\/sturm-und-regenschauern-zum-trotz-regensburger-jazzweekend-bringt-tausende-auf-die-beine\/","name":"Sturm und Regenschauern zum Trotz: Regensburger Jazzweekend bringt Tausende auf die Beine - JazzZeitung","isPartOf":{"@id":"https:\/\/www.jazzzeitung.de\/cms\/#website"},"primaryImageOfPage":{"@id":"https:\/\/www.jazzzeitung.de\/cms\/2024\/07\/sturm-und-regenschauern-zum-trotz-regensburger-jazzweekend-bringt-tausende-auf-die-beine\/#primaryimage"},"image":{"@id":"https:\/\/www.jazzzeitung.de\/cms\/2024\/07\/sturm-und-regenschauern-zum-trotz-regensburger-jazzweekend-bringt-tausende-auf-die-beine\/#primaryimage"},"thumbnailUrl":"https:\/\/i0.wp.com\/www.jazzzeitung.de\/cms\/wp-content\/uploads\/2024\/07\/morello-meinhart_61.jpg?fit=2366%2C1574&ssl=1","datePublished":"2024-07-13T07:27:14+00:00","dateModified":"2024-07-13T08:53:58+00:00","breadcrumb":{"@id":"https:\/\/www.jazzzeitung.de\/cms\/2024\/07\/sturm-und-regenschauern-zum-trotz-regensburger-jazzweekend-bringt-tausende-auf-die-beine\/#breadcrumb"},"inLanguage":"de","potentialAction":[{"@type":"ReadAction","target":["https:\/\/www.jazzzeitung.de\/cms\/2024\/07\/sturm-und-regenschauern-zum-trotz-regensburger-jazzweekend-bringt-tausende-auf-die-beine\/"]}]},{"@type":"ImageObject","inLanguage":"de","@id":"https:\/\/www.jazzzeitung.de\/cms\/2024\/07\/sturm-und-regenschauern-zum-trotz-regensburger-jazzweekend-bringt-tausende-auf-die-beine\/#primaryimage","url":"https:\/\/i0.wp.com\/www.jazzzeitung.de\/cms\/wp-content\/uploads\/2024\/07\/morello-meinhart_61.jpg?fit=2366%2C1574&ssl=1","contentUrl":"https:\/\/i0.wp.com\/www.jazzzeitung.de\/cms\/wp-content\/uploads\/2024\/07\/morello-meinhart_61.jpg?fit=2366%2C1574&ssl=1","width":2366,"height":1574},{"@type":"BreadcrumbList","@id":"https:\/\/www.jazzzeitung.de\/cms\/2024\/07\/sturm-und-regenschauern-zum-trotz-regensburger-jazzweekend-bringt-tausende-auf-die-beine\/#breadcrumb","itemListElement":[{"@type":"ListItem","position":1,"name":"Startseite","item":"https:\/\/www.jazzzeitung.de\/cms\/"},{"@type":"ListItem","position":2,"name":"Sturm und Regenschauern zum Trotz: Regensburger Jazzweekend bringt Tausende auf die Beine"}]},{"@type":"WebSite","@id":"https:\/\/www.jazzzeitung.de\/cms\/#website","url":"https:\/\/www.jazzzeitung.de\/cms\/","name":"JazzZeitung","description":"Jazz-News und Jazz-Kontroverses","publisher":{"@id":"https:\/\/www.jazzzeitung.de\/cms\/#organization"},"potentialAction":[{"@type":"SearchAction","target":{"@type":"EntryPoint","urlTemplate":"https:\/\/www.jazzzeitung.de\/cms\/?s={search_term_string}"},"query-input":{"@type":"PropertyValueSpecification","valueRequired":true,"valueName":"search_term_string"}}],"inLanguage":"de"},{"@type":"Organization","@id":"https:\/\/www.jazzzeitung.de\/cms\/#organization","name":"JazzZeitung online","url":"https:\/\/www.jazzzeitung.de\/cms\/","logo":{"@type":"ImageObject","inLanguage":"de","@id":"https:\/\/www.jazzzeitung.de\/cms\/#\/schema\/logo\/image\/","url":"https:\/\/i0.wp.com\/www.jazzzeitung.de\/cms\/wp-content\/uploads\/2015\/08\/JAZZZEITUNGDE_Logo_Neu.png?fit=499%2C200&ssl=1","contentUrl":"https:\/\/i0.wp.com\/www.jazzzeitung.de\/cms\/wp-content\/uploads\/2015\/08\/JAZZZEITUNGDE_Logo_Neu.png?fit=499%2C200&ssl=1","width":499,"height":200,"caption":"JazzZeitung online"},"image":{"@id":"https:\/\/www.jazzzeitung.de\/cms\/#\/schema\/logo\/image\/"},"sameAs":["https:\/\/www.facebook.com\/JazzZeitung\/"]},{"@type":"Person","@id":"https:\/\/www.jazzzeitung.de\/cms\/#\/schema\/person\/2245b36b9cd1d24cea10f01c031fb92b","name":"Redaktion JazzZeitung","image":{"@type":"ImageObject","inLanguage":"de","@id":"https:\/\/i0.wp.com\/www.jazzzeitung.de\/cms\/wp-content\/uploads\/2015\/08\/JAZZZEITUNGDE_Logo_Neu.png?resize=96%2C96&ssl=159975dcacb611b5700bd619b5daf0a7a","url":"https:\/\/i0.wp.com\/www.jazzzeitung.de\/cms\/wp-content\/uploads\/2015\/08\/JAZZZEITUNGDE_Logo_Neu.png?resize=96%2C96&ssl=1","contentUrl":"https:\/\/i0.wp.com\/www.jazzzeitung.de\/cms\/wp-content\/uploads\/2015\/08\/JAZZZEITUNGDE_Logo_Neu.png?resize=96%2C96&ssl=1","caption":"Redaktion JazzZeitung"},"description":"Artikel der Redaktion der JazzZeitung.","sameAs":["http:\/\/www.jazzzeitung.de\/cms\/"],"url":"https:\/\/www.jazzzeitung.de\/cms\/author\/redaktion\/"}]}},"wp-worthy-pixel":{"ignored":false,"public":null,"server":null,"url":null},"wp-worthy-type":"normal","jetpack_publicize_connections":[],"cc_featured_image_caption":{"caption_text":"","source_text":"","source_url":""},"jetpack_featured_media_url":"https:\/\/i0.wp.com\/www.jazzzeitung.de\/cms\/wp-content\/uploads\/2024\/07\/morello-meinhart_61.jpg?fit=2366%2C1574&ssl=1","jetpack_shortlink":"https:\/\/wp.me\/p3KEcT-89m","jetpack-related-posts":[{"id":32249,"url":"https:\/\/www.jazzzeitung.de\/cms\/2025\/02\/renner-eine-never-ending-story\/","url_meta":{"origin":31332,"position":0},"title":"Renner: eine Never Ending Story","author":"Redaktion JazzZeitung","date":"20. Februar 2025","format":false,"excerpt":"(Text und Fotos: Robert Fischer)\u00a0Fr\u00fcher h\u00e4tte man das wohl eine \u201eSupergroup\u201c genannt: Drei au\u00dfergew\u00f6hnlich begabte, bereits mit mehreren Preisen bedachte Musiker, denen man trotz oder gerade wegen ihrer Jugend zutraut, auf ihrem jeweiligen Instrument stilpr\u00e4gende Akzente zu setzen, die zudem allesamt auch schon in anderen, teils eigenen Formationen f\u00fcr Furore\u2026","rel":"","context":"In &quot;News&quot;","block_context":{"text":"News","link":"https:\/\/www.jazzzeitung.de\/cms\/thema\/nachrichten\/"},"img":{"alt_text":"","src":"https:\/\/i0.wp.com\/www.jazzzeitung.de\/cms\/wp-content\/uploads\/2025\/02\/Renner-%E2%94%AC%C2%AE-rwfischer_photography.jpg?fit=709%2C472&ssl=1&resize=350%2C200","width":350,"height":200,"srcset":"https:\/\/i0.wp.com\/www.jazzzeitung.de\/cms\/wp-content\/uploads\/2025\/02\/Renner-%E2%94%AC%C2%AE-rwfischer_photography.jpg?fit=709%2C472&ssl=1&resize=350%2C200 1x, https:\/\/i0.wp.com\/www.jazzzeitung.de\/cms\/wp-content\/uploads\/2025\/02\/Renner-%E2%94%AC%C2%AE-rwfischer_photography.jpg?fit=709%2C472&ssl=1&resize=525%2C300 1.5x, https:\/\/i0.wp.com\/www.jazzzeitung.de\/cms\/wp-content\/uploads\/2025\/02\/Renner-%E2%94%AC%C2%AE-rwfischer_photography.jpg?fit=709%2C472&ssl=1&resize=700%2C400 2x"},"classes":[]},{"id":29554,"url":"https:\/\/www.jazzzeitung.de\/cms\/2023\/06\/regensburg-praesentiert-das-programm-fuer-das-42-bayerische-jazzweekend\/","url_meta":{"origin":31332,"position":1},"title":"Regensburg pr\u00e4sentiert das Programm f\u00fcr das 42. Bayerische Jazzweekend","author":"Redaktion JazzZeitung","date":"9. Juni 2023","format":false,"excerpt":"Das Programm des Jazzweekends 2023 steht fest. Vom 13. bis 16. Juli werden 105 kostenfreie Konzerte von 101 Bands, Combos und Einzelk\u00fcnstlerinnen und -k\u00fcnstlern \u00fcber die B\u00fchnen der Stadt gehen. Das Konzept gibt es seit 42 Jahren, dem seit 2022 wirkenden neuen k\u00fcnstlerischen Leiter, Christian Sommerer, gelingt es wie versprochen,\u2026","rel":"","context":"In &quot;Bericht&quot;","block_context":{"text":"Bericht","link":"https:\/\/www.jazzzeitung.de\/cms\/thema\/bericht\/"},"img":{"alt_text":"","src":"https:\/\/i0.wp.com\/www.jazzzeitung.de\/cms\/wp-content\/uploads\/2023\/06\/Monika-Roscher-Big-Band_Lukas-Diller-scaled.jpg?fit=1200%2C794&ssl=1&resize=350%2C200","width":350,"height":200,"srcset":"https:\/\/i0.wp.com\/www.jazzzeitung.de\/cms\/wp-content\/uploads\/2023\/06\/Monika-Roscher-Big-Band_Lukas-Diller-scaled.jpg?fit=1200%2C794&ssl=1&resize=350%2C200 1x, https:\/\/i0.wp.com\/www.jazzzeitung.de\/cms\/wp-content\/uploads\/2023\/06\/Monika-Roscher-Big-Band_Lukas-Diller-scaled.jpg?fit=1200%2C794&ssl=1&resize=525%2C300 1.5x, https:\/\/i0.wp.com\/www.jazzzeitung.de\/cms\/wp-content\/uploads\/2023\/06\/Monika-Roscher-Big-Band_Lukas-Diller-scaled.jpg?fit=1200%2C794&ssl=1&resize=700%2C400 2x, https:\/\/i0.wp.com\/www.jazzzeitung.de\/cms\/wp-content\/uploads\/2023\/06\/Monika-Roscher-Big-Band_Lukas-Diller-scaled.jpg?fit=1200%2C794&ssl=1&resize=1050%2C600 3x"},"classes":[]},{"id":30694,"url":"https:\/\/www.jazzzeitung.de\/cms\/2024\/03\/jazztrio-renner-ueberzeugt-in-regensburg\/","url_meta":{"origin":31332,"position":2},"title":"Mit dichten Sounds und feinen Balladen: Jazztrio Renner \u00fcberzeugt bei erstem Auftritt in Regensburg","author":"Redaktion JazzZeitung","date":"8. M\u00e4rz 2024","format":false,"excerpt":"Ray Anderson hat es getan und der geniale Albert Mangelsdorff, der fr\u00fch verstorbene Johannes Bauer und die britische Posaunistin Annie Whitehead. Jeder dieser herausragenden Jazzposaunisten spielte im Laufe der Karriere mindestens einmal in einem Trio ohne Harmonieinstrument. In diese beeindruckende Tradition reiht sich das junge Trio Renner ein, das sich\u2026","rel":"","context":"In &quot;Bericht&quot;","block_context":{"text":"Bericht","link":"https:\/\/www.jazzzeitung.de\/cms\/thema\/bericht\/"},"img":{"alt_text":"","src":"https:\/\/i0.wp.com\/www.jazzzeitung.de\/cms\/wp-content\/uploads\/2024\/03\/renner-band_59.jpg?fit=1200%2C779&ssl=1&resize=350%2C200","width":350,"height":200,"srcset":"https:\/\/i0.wp.com\/www.jazzzeitung.de\/cms\/wp-content\/uploads\/2024\/03\/renner-band_59.jpg?fit=1200%2C779&ssl=1&resize=350%2C200 1x, https:\/\/i0.wp.com\/www.jazzzeitung.de\/cms\/wp-content\/uploads\/2024\/03\/renner-band_59.jpg?fit=1200%2C779&ssl=1&resize=525%2C300 1.5x, https:\/\/i0.wp.com\/www.jazzzeitung.de\/cms\/wp-content\/uploads\/2024\/03\/renner-band_59.jpg?fit=1200%2C779&ssl=1&resize=700%2C400 2x, https:\/\/i0.wp.com\/www.jazzzeitung.de\/cms\/wp-content\/uploads\/2024\/03\/renner-band_59.jpg?fit=1200%2C779&ssl=1&resize=1050%2C600 3x"},"classes":[]},{"id":29821,"url":"https:\/\/www.jazzzeitung.de\/cms\/2023\/07\/feuerwerk-an-energie-groove-und-modern-das-regensburger-jazzweekend-2023\/","url_meta":{"origin":31332,"position":3},"title":"Feuerwerk an Energie, Groove und Modern: das Regensburger Jazzweekend 2023","author":"Michael Scheiner","date":"20. Juli 2023","format":false,"excerpt":"Vier Tage dauerte das Regensburger Jazzweekend vom 13. bis zum 16. Juli 2023: \u00dcber 100 Bands spielten in mehr als 30 Locations. Auch im 42. Jahrgang war die ganze Stadt wieder einmal voller Jazzmusik und trotz tropischer Temperaturen voller neugieriger und musikgenusss\u00fcchtiger Menschen. Michael Scheiner berichtet vom Jazzweekend-Auftakt auf der\u2026","rel":"","context":"In &quot;Bericht&quot;","block_context":{"text":"Bericht","link":"https:\/\/www.jazzzeitung.de\/cms\/thema\/bericht\/"},"img":{"alt_text":"","src":"https:\/\/i0.wp.com\/www.jazzzeitung.de\/cms\/wp-content\/uploads\/2023\/07\/lobo-marco_309.jpg?fit=1200%2C800&ssl=1&resize=350%2C200","width":350,"height":200,"srcset":"https:\/\/i0.wp.com\/www.jazzzeitung.de\/cms\/wp-content\/uploads\/2023\/07\/lobo-marco_309.jpg?fit=1200%2C800&ssl=1&resize=350%2C200 1x, https:\/\/i0.wp.com\/www.jazzzeitung.de\/cms\/wp-content\/uploads\/2023\/07\/lobo-marco_309.jpg?fit=1200%2C800&ssl=1&resize=525%2C300 1.5x, https:\/\/i0.wp.com\/www.jazzzeitung.de\/cms\/wp-content\/uploads\/2023\/07\/lobo-marco_309.jpg?fit=1200%2C800&ssl=1&resize=700%2C400 2x, https:\/\/i0.wp.com\/www.jazzzeitung.de\/cms\/wp-content\/uploads\/2023\/07\/lobo-marco_309.jpg?fit=1200%2C800&ssl=1&resize=1050%2C600 3x"},"classes":[]},{"id":29874,"url":"https:\/\/www.jazzzeitung.de\/cms\/2023\/07\/valentin-renner-karoline-weidt-und-luca-zambito-mit-dem-bmw-young-artist-jazz-award-2023-ausgezeichnet\/","url_meta":{"origin":31332,"position":4},"title":"Valentin Renner, Karoline Weidt und Luca Zambito mit dem BMW Young Artist Jazz Award 2023 ausgezeichnet","author":"Redaktion JazzZeitung","date":"25. Juli 2023","format":false,"excerpt":"M\u00fcnchen. Als Zeichen der anhaltenden Unterst\u00fctzung der jungen Jazzszene verleiht die BMW Group zusammen mit der Landeshauptstadt M\u00fcnchen den BMW Young Artist Jazz Award auch in diesem Jahr an drei junge Musikerinnen und Musiker der M\u00fcnchener\u00a0 Jazzszene. Dies meldet heute die BMW Group. Neben einem Preisgeld, das ab diesem Jahr\u2026","rel":"","context":"In &quot;News&quot;","block_context":{"text":"News","link":"https:\/\/www.jazzzeitung.de\/cms\/thema\/nachrichten\/"},"img":{"alt_text":"","src":"https:\/\/i0.wp.com\/www.jazzzeitung.de\/cms\/wp-content\/uploads\/2022\/07\/JW-2022-Karoline-Weidt-c-JM-Koch.jpg?fit=1200%2C900&ssl=1&resize=350%2C200","width":350,"height":200,"srcset":"https:\/\/i0.wp.com\/www.jazzzeitung.de\/cms\/wp-content\/uploads\/2022\/07\/JW-2022-Karoline-Weidt-c-JM-Koch.jpg?fit=1200%2C900&ssl=1&resize=350%2C200 1x, https:\/\/i0.wp.com\/www.jazzzeitung.de\/cms\/wp-content\/uploads\/2022\/07\/JW-2022-Karoline-Weidt-c-JM-Koch.jpg?fit=1200%2C900&ssl=1&resize=525%2C300 1.5x, https:\/\/i0.wp.com\/www.jazzzeitung.de\/cms\/wp-content\/uploads\/2022\/07\/JW-2022-Karoline-Weidt-c-JM-Koch.jpg?fit=1200%2C900&ssl=1&resize=700%2C400 2x, https:\/\/i0.wp.com\/www.jazzzeitung.de\/cms\/wp-content\/uploads\/2022\/07\/JW-2022-Karoline-Weidt-c-JM-Koch.jpg?fit=1200%2C900&ssl=1&resize=1050%2C600 3x"},"classes":[]},{"id":31096,"url":"https:\/\/www.jazzzeitung.de\/cms\/2024\/05\/susi-lotter-moritz-renner-und-marina-schlagintweit-erhalten-den-bmw-young-artist-jazz-award-2024\/","url_meta":{"origin":31332,"position":5},"title":"Susi Lotter, Moritz Renner und Marina Schlagintweit erhalten den BMW Young Artist Jazz Award 2024","author":"Redaktion JazzZeitung","date":"24. Mai 2024","format":false,"excerpt":"Die BMW Group bleibt dem Jazz treu: Zusammen mit der Landeshauptstadt Mu\u0308nchen verleiht die BMW Group den BMW Young Artist Jazz Award auch in diesem Jahr an drei junge Musikerinnen und Musiker der lokalen Jazzszene. Neben einem Preisgeld von je 5.000 Euro werden Susi Lotter, Moritz Renner und Marina Schlagintweit\u2026","rel":"","context":"In &quot;News&quot;","block_context":{"text":"News","link":"https:\/\/www.jazzzeitung.de\/cms\/thema\/nachrichten\/"},"img":{"alt_text":"","src":"https:\/\/i0.wp.com\/www.jazzzeitung.de\/cms\/wp-content\/uploads\/2024\/05\/P90550157_highRes_bmw-young-artist-jaz.jpg?fit=1200%2C675&ssl=1&resize=350%2C200","width":350,"height":200,"srcset":"https:\/\/i0.wp.com\/www.jazzzeitung.de\/cms\/wp-content\/uploads\/2024\/05\/P90550157_highRes_bmw-young-artist-jaz.jpg?fit=1200%2C675&ssl=1&resize=350%2C200 1x, https:\/\/i0.wp.com\/www.jazzzeitung.de\/cms\/wp-content\/uploads\/2024\/05\/P90550157_highRes_bmw-young-artist-jaz.jpg?fit=1200%2C675&ssl=1&resize=525%2C300 1.5x, https:\/\/i0.wp.com\/www.jazzzeitung.de\/cms\/wp-content\/uploads\/2024\/05\/P90550157_highRes_bmw-young-artist-jaz.jpg?fit=1200%2C675&ssl=1&resize=700%2C400 2x, https:\/\/i0.wp.com\/www.jazzzeitung.de\/cms\/wp-content\/uploads\/2024\/05\/P90550157_highRes_bmw-young-artist-jaz.jpg?fit=1200%2C675&ssl=1&resize=1050%2C600 3x"},"classes":[]}],"jetpack_sharing_enabled":true,"_links":{"self":[{"href":"https:\/\/www.jazzzeitung.de\/cms\/wp-json\/wp\/v2\/posts\/31332","targetHints":{"allow":["GET"]}}],"collection":[{"href":"https:\/\/www.jazzzeitung.de\/cms\/wp-json\/wp\/v2\/posts"}],"about":[{"href":"https:\/\/www.jazzzeitung.de\/cms\/wp-json\/wp\/v2\/types\/post"}],"author":[{"embeddable":true,"href":"https:\/\/www.jazzzeitung.de\/cms\/wp-json\/wp\/v2\/users\/18"}],"replies":[{"embeddable":true,"href":"https:\/\/www.jazzzeitung.de\/cms\/wp-json\/wp\/v2\/comments?post=31332"}],"version-history":[{"count":7,"href":"https:\/\/www.jazzzeitung.de\/cms\/wp-json\/wp\/v2\/posts\/31332\/revisions"}],"predecessor-version":[{"id":31348,"href":"https:\/\/www.jazzzeitung.de\/cms\/wp-json\/wp\/v2\/posts\/31332\/revisions\/31348"}],"wp:featuredmedia":[{"embeddable":true,"href":"https:\/\/www.jazzzeitung.de\/cms\/wp-json\/wp\/v2\/media\/31342"}],"wp:attachment":[{"href":"https:\/\/www.jazzzeitung.de\/cms\/wp-json\/wp\/v2\/media?parent=31332"}],"wp:term":[{"taxonomy":"category","embeddable":true,"href":"https:\/\/www.jazzzeitung.de\/cms\/wp-json\/wp\/v2\/categories?post=31332"},{"taxonomy":"post_tag","embeddable":true,"href":"https:\/\/www.jazzzeitung.de\/cms\/wp-json\/wp\/v2\/tags?post=31332"},{"taxonomy":"author","embeddable":true,"href":"https:\/\/www.jazzzeitung.de\/cms\/wp-json\/wp\/v2\/coauthors?post=31332"}],"curies":[{"name":"wp","href":"https:\/\/api.w.org\/{rel}","templated":true}]}}