{"id":31291,"date":"2024-07-11T14:37:52","date_gmt":"2024-07-11T12:37:52","guid":{"rendered":"https:\/\/www.jazzzeitung.de\/cms\/?p=31291"},"modified":"2024-07-08T15:02:40","modified_gmt":"2024-07-08T13:02:40","slug":"die-verwandlungskunst-hoert-nicht-auf-suedtirol-jazzfestival-alto-adige-2024","status":"publish","type":"post","link":"https:\/\/www.jazzzeitung.de\/cms\/2024\/07\/die-verwandlungskunst-hoert-nicht-auf-suedtirol-jazzfestival-alto-adige-2024\/","title":{"rendered":"Die Verwandlungskunst h\u00f6rt nicht auf &#8211; S\u00fcdtirol Jazzfestival Alto Adige 2024"},"content":{"rendered":"<p>(Text &amp; Fotos: Stefan Pieper) Die Magie der blauen Stunde ist st\u00e4ndiger Begleiter im Bozener Kapuzinerpark: Wenn der Tag geht und das aufstrahlende B\u00fchnenlicht \u00fcber die D\u00e4mmerung Oberhand gewinnt, dann verschafft sich zehn Tage und Abende lang die aufregende Vielfalt aktueller Musik Geh\u00f6r. Beim S\u00fcdtirol Jazzfestival Alto Adige geht es um die Erkenntnis, dass Jazz doch zu 99 Prozent eben nicht das ist, was gemeinhin dar\u00fcber in den K\u00f6pfen der Nicht-Eingeweihten herumspukt. Orte und Menschen, oft auch die Ausf\u00fchrenden selbst durch Musik in neue Bewusstseinsstadien zu bringen, ja zu verwandeln, diesen Anspruch l\u00f6ste auch die aktuelle Festivalausgabe leichtf\u00fc\u00dfig ein.<\/p>\n<h3>Gewollt unerwartet<\/h3>\n<p>Das Unerwartete ist dabei gewollt \u2013 ja, entsteht meist wie von selbst, nicht selten an wechselnden Nebenlocations des Festivals. Kurz vor der Geisterstunde dringt eine \u00fcberschaubare Gruppe verr\u00fcckter Menschen in Bozens riesige, aber zu diesem Zeitpunkt menschenleere Messehalle ein, in der jetzt etwas ganz anderes stattfinden soll, als die sonst \u00fcblichen Gro\u00dfevents der Wirtschaft oder der Unterhaltungskultur. Es hat schon etwas Rituelles, wie hier nun alles in eigenwilliges, bl\u00e4uliches Licht getaucht ist und wo eine Schar von Verr\u00fcckten einen Kreis um die Band Skylla bildet. Das ist die Band von Ruth Goller, eine ganz und gar eigenwillige Verbindung von E-Bass, Schlagzeug und gleich drei weiblichen Gesangsstimmen, deren Sph\u00e4rengesang, von hypnotisierend repetitiven E-Bass-Mustern scheinbar gelenkt, um ein Zentrum auf einer h\u00f6heren Daseinsebene kreist. Nach Ruth Gollers Bekunden dr\u00fccken die St\u00fccke Skyllas ihren eigenen Stream of Consciousness aus. Keine Frage \u2013 so etwas hatte diese Halle wohl noch nicht vorher erlebt. Allein, weil jedes Konzert von Skylla (sie waren vorher ja auch in Moers) immer eine Neu-Erfahrung markiert.<\/p>\n<div class=\"tiled-gallery type-rectangular tiled-gallery-unresized\" data-original-width=\"840\" data-carousel-extra='{&quot;blog_id&quot;:1,&quot;permalink&quot;:&quot;https:\\\/\\\/www.jazzzeitung.de\\\/cms\\\/2024\\\/07\\\/die-verwandlungskunst-hoert-nicht-auf-suedtirol-jazzfestival-alto-adige-2024\\\/&quot;,&quot;likes_blog_id&quot;:55446655}' itemscope itemtype=\"http:\/\/schema.org\/ImageGallery\" > <div class=\"gallery-row\" style=\"width: 840px; height: 248px;\" data-original-width=\"840\" data-original-height=\"248\" > <div class=\"gallery-group images-1\" style=\"width: 330px; height: 248px;\" data-original-width=\"330\" data-original-height=\"248\" > <div class=\"tiled-gallery-item tiled-gallery-item-large\" itemprop=\"associatedMedia\" itemscope itemtype=\"http:\/\/schema.org\/ImageObject\"> <a href=\"https:\/\/www.jazzzeitung.de\/cms\/2024\/07\/die-verwandlungskunst-hoert-nicht-auf-suedtirol-jazzfestival-alto-adige-2024\/brennerei-roner\/\" border=\"0\" itemprop=\"url\"> <meta itemprop=\"width\" content=\"326\"> <meta itemprop=\"height\" content=\"244\"> <img decoding=\"async\" class=\"\" data-attachment-id=\"31293\" data-orig-file=\"https:\/\/www.jazzzeitung.de\/cms\/wp-content\/uploads\/2024\/07\/Brennerei-Roner-scaled.jpg\" data-orig-size=\"2560,1920\" data-comments-opened=\"1\" data-image-meta=\"{&quot;aperture&quot;:&quot;4&quot;,&quot;credit&quot;:&quot;&quot;,&quot;camera&quot;:&quot;DSC-RX100&quot;,&quot;caption&quot;:&quot;&quot;,&quot;created_timestamp&quot;:&quot;1330957307&quot;,&quot;copyright&quot;:&quot;&quot;,&quot;focal_length&quot;:&quot;10.4&quot;,&quot;iso&quot;:&quot;2000&quot;,&quot;shutter_speed&quot;:&quot;0.033333333333333&quot;,&quot;title&quot;:&quot;&quot;,&quot;orientation&quot;:&quot;1&quot;}\" data-image-title=\"Brennerei Roner\" data-image-description=\"\" data-medium-file=\"https:\/\/i0.wp.com\/www.jazzzeitung.de\/cms\/wp-content\/uploads\/2024\/07\/Brennerei-Roner-scaled.jpg?fit=300%2C225&#038;ssl=1\" data-large-file=\"https:\/\/i0.wp.com\/www.jazzzeitung.de\/cms\/wp-content\/uploads\/2024\/07\/Brennerei-Roner-scaled.jpg?fit=800%2C600&#038;ssl=1\" src=\"https:\/\/i0.wp.com\/www.jazzzeitung.de\/cms\/wp-content\/uploads\/2024\/07\/Brennerei-Roner-scaled.jpg?w=326&#038;h=244&#038;ssl=1\" srcset=\"https:\/\/i0.wp.com\/www.jazzzeitung.de\/cms\/wp-content\/uploads\/2024\/07\/Brennerei-Roner-scaled.jpg?w=2560&amp;ssl=1 2560w, https:\/\/i0.wp.com\/www.jazzzeitung.de\/cms\/wp-content\/uploads\/2024\/07\/Brennerei-Roner-scaled.jpg?resize=300%2C225&amp;ssl=1 300w, https:\/\/i0.wp.com\/www.jazzzeitung.de\/cms\/wp-content\/uploads\/2024\/07\/Brennerei-Roner-scaled.jpg?resize=800%2C600&amp;ssl=1 800w, https:\/\/i0.wp.com\/www.jazzzeitung.de\/cms\/wp-content\/uploads\/2024\/07\/Brennerei-Roner-scaled.jpg?resize=768%2C576&amp;ssl=1 768w, https:\/\/i0.wp.com\/www.jazzzeitung.de\/cms\/wp-content\/uploads\/2024\/07\/Brennerei-Roner-scaled.jpg?resize=1536%2C1152&amp;ssl=1 1536w, https:\/\/i0.wp.com\/www.jazzzeitung.de\/cms\/wp-content\/uploads\/2024\/07\/Brennerei-Roner-scaled.jpg?resize=2048%2C1536&amp;ssl=1 2048w, https:\/\/i0.wp.com\/www.jazzzeitung.de\/cms\/wp-content\/uploads\/2024\/07\/Brennerei-Roner-scaled.jpg?resize=1320%2C990&amp;ssl=1 1320w, https:\/\/i0.wp.com\/www.jazzzeitung.de\/cms\/wp-content\/uploads\/2024\/07\/Brennerei-Roner-scaled.jpg?w=1680&amp;ssl=1 1680w\" width=\"326\" height=\"244\" loading=\"lazy\" data-original-width=\"326\" data-original-height=\"244\" itemprop=\"http:\/\/schema.org\/image\" title=\"Brennerei Roner\" alt=\"Brennerei Roner\" style=\"width: 326px; height: 244px;\" \/> <\/a> <\/div> <\/div> <!-- close group --> <div class=\"gallery-group images-1\" style=\"width: 180px; height: 248px;\" data-original-width=\"180\" data-original-height=\"248\" > <div class=\"tiled-gallery-item tiled-gallery-item-small\" itemprop=\"associatedMedia\" itemscope itemtype=\"http:\/\/schema.org\/ImageObject\"> <a href=\"https:\/\/www.jazzzeitung.de\/cms\/2024\/07\/die-verwandlungskunst-hoert-nicht-auf-suedtirol-jazzfestival-alto-adige-2024\/daniel-erdmann\/\" border=\"0\" itemprop=\"url\"> <meta itemprop=\"width\" content=\"176\"> <meta itemprop=\"height\" content=\"244\"> <img decoding=\"async\" class=\"\" data-attachment-id=\"31294\" data-orig-file=\"https:\/\/www.jazzzeitung.de\/cms\/wp-content\/uploads\/2024\/07\/Daniel-Erdmann-scaled.jpg\" data-orig-size=\"1844,2560\" data-comments-opened=\"1\" data-image-meta=\"{&quot;aperture&quot;:&quot;4.5&quot;,&quot;credit&quot;:&quot;&quot;,&quot;camera&quot;:&quot;DSC-RX100&quot;,&quot;caption&quot;:&quot;&quot;,&quot;created_timestamp&quot;:&quot;1330984680&quot;,&quot;copyright&quot;:&quot;&quot;,&quot;focal_length&quot;:&quot;31.15&quot;,&quot;iso&quot;:&quot;3200&quot;,&quot;shutter_speed&quot;:&quot;0.025&quot;,&quot;title&quot;:&quot;&quot;,&quot;orientation&quot;:&quot;1&quot;}\" data-image-title=\"Daniel Erdmann\" data-image-description=\"\" data-medium-file=\"https:\/\/i0.wp.com\/www.jazzzeitung.de\/cms\/wp-content\/uploads\/2024\/07\/Daniel-Erdmann-scaled.jpg?fit=216%2C300&#038;ssl=1\" data-large-file=\"https:\/\/i0.wp.com\/www.jazzzeitung.de\/cms\/wp-content\/uploads\/2024\/07\/Daniel-Erdmann-scaled.jpg?fit=432%2C600&#038;ssl=1\" src=\"https:\/\/i0.wp.com\/www.jazzzeitung.de\/cms\/wp-content\/uploads\/2024\/07\/Daniel-Erdmann-scaled.jpg?w=176&#038;h=244&#038;ssl=1\" srcset=\"https:\/\/i0.wp.com\/www.jazzzeitung.de\/cms\/wp-content\/uploads\/2024\/07\/Daniel-Erdmann-scaled.jpg?w=1844&amp;ssl=1 1844w, https:\/\/i0.wp.com\/www.jazzzeitung.de\/cms\/wp-content\/uploads\/2024\/07\/Daniel-Erdmann-scaled.jpg?resize=216%2C300&amp;ssl=1 216w, https:\/\/i0.wp.com\/www.jazzzeitung.de\/cms\/wp-content\/uploads\/2024\/07\/Daniel-Erdmann-scaled.jpg?resize=432%2C600&amp;ssl=1 432w, https:\/\/i0.wp.com\/www.jazzzeitung.de\/cms\/wp-content\/uploads\/2024\/07\/Daniel-Erdmann-scaled.jpg?resize=768%2C1066&amp;ssl=1 768w, https:\/\/i0.wp.com\/www.jazzzeitung.de\/cms\/wp-content\/uploads\/2024\/07\/Daniel-Erdmann-scaled.jpg?resize=1107%2C1536&amp;ssl=1 1107w, https:\/\/i0.wp.com\/www.jazzzeitung.de\/cms\/wp-content\/uploads\/2024\/07\/Daniel-Erdmann-scaled.jpg?resize=1476%2C2048&amp;ssl=1 1476w, https:\/\/i0.wp.com\/www.jazzzeitung.de\/cms\/wp-content\/uploads\/2024\/07\/Daniel-Erdmann-scaled.jpg?resize=1320%2C1832&amp;ssl=1 1320w, https:\/\/i0.wp.com\/www.jazzzeitung.de\/cms\/wp-content\/uploads\/2024\/07\/Daniel-Erdmann-scaled.jpg?w=1680&amp;ssl=1 1680w\" width=\"176\" height=\"244\" loading=\"lazy\" data-original-width=\"176\" data-original-height=\"244\" itemprop=\"http:\/\/schema.org\/image\" title=\"Daniel Erdmann\" alt=\"Daniel Erdmann\" style=\"width: 176px; height: 244px;\" \/> <\/a> <\/div> <\/div> <!-- close group --> <div class=\"gallery-group images-1\" style=\"width: 330px; height: 248px;\" data-original-width=\"330\" data-original-height=\"248\" > <div class=\"tiled-gallery-item tiled-gallery-item-large\" itemprop=\"associatedMedia\" itemscope itemtype=\"http:\/\/schema.org\/ImageObject\"> <a href=\"https:\/\/www.jazzzeitung.de\/cms\/2024\/07\/die-verwandlungskunst-hoert-nicht-auf-suedtirol-jazzfestival-alto-adige-2024\/dsc02698\/\" border=\"0\" itemprop=\"url\"> <meta itemprop=\"width\" content=\"326\"> <meta itemprop=\"height\" content=\"244\"> <img decoding=\"async\" class=\"\" data-attachment-id=\"31295\" data-orig-file=\"https:\/\/www.jazzzeitung.de\/cms\/wp-content\/uploads\/2024\/07\/DSC02698-scaled.jpg\" data-orig-size=\"2560,1920\" data-comments-opened=\"1\" data-image-meta=\"{&quot;aperture&quot;:&quot;4.9&quot;,&quot;credit&quot;:&quot;&quot;,&quot;camera&quot;:&quot;DSC-RX100&quot;,&quot;caption&quot;:&quot;&quot;,&quot;created_timestamp&quot;:&quot;1330957206&quot;,&quot;copyright&quot;:&quot;&quot;,&quot;focal_length&quot;:&quot;37.1&quot;,&quot;iso&quot;:&quot;3200&quot;,&quot;shutter_speed&quot;:&quot;0.01&quot;,&quot;title&quot;:&quot;&quot;,&quot;orientation&quot;:&quot;1&quot;}\" data-image-title=\"DSC02698\" data-image-description=\"\" data-medium-file=\"https:\/\/i0.wp.com\/www.jazzzeitung.de\/cms\/wp-content\/uploads\/2024\/07\/DSC02698-scaled.jpg?fit=300%2C225&#038;ssl=1\" data-large-file=\"https:\/\/i0.wp.com\/www.jazzzeitung.de\/cms\/wp-content\/uploads\/2024\/07\/DSC02698-scaled.jpg?fit=800%2C600&#038;ssl=1\" src=\"https:\/\/i0.wp.com\/www.jazzzeitung.de\/cms\/wp-content\/uploads\/2024\/07\/DSC02698-scaled.jpg?w=326&#038;h=244&#038;ssl=1\" srcset=\"https:\/\/i0.wp.com\/www.jazzzeitung.de\/cms\/wp-content\/uploads\/2024\/07\/DSC02698-scaled.jpg?w=2560&amp;ssl=1 2560w, https:\/\/i0.wp.com\/www.jazzzeitung.de\/cms\/wp-content\/uploads\/2024\/07\/DSC02698-scaled.jpg?resize=300%2C225&amp;ssl=1 300w, https:\/\/i0.wp.com\/www.jazzzeitung.de\/cms\/wp-content\/uploads\/2024\/07\/DSC02698-scaled.jpg?resize=800%2C600&amp;ssl=1 800w, https:\/\/i0.wp.com\/www.jazzzeitung.de\/cms\/wp-content\/uploads\/2024\/07\/DSC02698-scaled.jpg?resize=768%2C576&amp;ssl=1 768w, https:\/\/i0.wp.com\/www.jazzzeitung.de\/cms\/wp-content\/uploads\/2024\/07\/DSC02698-scaled.jpg?resize=1536%2C1152&amp;ssl=1 1536w, https:\/\/i0.wp.com\/www.jazzzeitung.de\/cms\/wp-content\/uploads\/2024\/07\/DSC02698-scaled.jpg?resize=2048%2C1536&amp;ssl=1 2048w, https:\/\/i0.wp.com\/www.jazzzeitung.de\/cms\/wp-content\/uploads\/2024\/07\/DSC02698-scaled.jpg?resize=1320%2C990&amp;ssl=1 1320w, https:\/\/i0.wp.com\/www.jazzzeitung.de\/cms\/wp-content\/uploads\/2024\/07\/DSC02698-scaled.jpg?w=1680&amp;ssl=1 1680w\" width=\"326\" height=\"244\" loading=\"lazy\" data-original-width=\"326\" data-original-height=\"244\" itemprop=\"http:\/\/schema.org\/image\" title=\"DSC02698\" alt=\"DSC02698\" style=\"width: 326px; height: 244px;\" \/> <\/a> <\/div> <\/div> <!-- close group --> <\/div> <!-- close row --> <div class=\"gallery-row\" style=\"width: 840px; height: 600px;\" data-original-width=\"840\" data-original-height=\"600\" > <div class=\"gallery-group images-1\" style=\"width: 555px; height: 600px;\" data-original-width=\"555\" data-original-height=\"600\" > <div class=\"tiled-gallery-item tiled-gallery-item-large\" itemprop=\"associatedMedia\" itemscope itemtype=\"http:\/\/schema.org\/ImageObject\"> <a href=\"https:\/\/www.jazzzeitung.de\/cms\/2024\/07\/die-verwandlungskunst-hoert-nicht-auf-suedtirol-jazzfestival-alto-adige-2024\/fabian-dudek-day-by-day-2\/\" border=\"0\" itemprop=\"url\"> <meta itemprop=\"width\" content=\"551\"> <meta itemprop=\"height\" content=\"596\"> <img decoding=\"async\" class=\"\" data-attachment-id=\"31296\" data-orig-file=\"https:\/\/www.jazzzeitung.de\/cms\/wp-content\/uploads\/2024\/07\/Fabian-Dudek-Day-by-Day-2-scaled.jpg\" data-orig-size=\"2365,2560\" data-comments-opened=\"1\" data-image-meta=\"{&quot;aperture&quot;:&quot;4.5&quot;,&quot;credit&quot;:&quot;&quot;,&quot;camera&quot;:&quot;DSC-RX100&quot;,&quot;caption&quot;:&quot;&quot;,&quot;created_timestamp&quot;:&quot;1331250707&quot;,&quot;copyright&quot;:&quot;&quot;,&quot;focal_length&quot;:&quot;31.83&quot;,&quot;iso&quot;:&quot;3200&quot;,&quot;shutter_speed&quot;:&quot;0.02&quot;,&quot;title&quot;:&quot;&quot;,&quot;orientation&quot;:&quot;1&quot;}\" data-image-title=\"Fabian Dudek Day by Day 2\" data-image-description=\"\" data-medium-file=\"https:\/\/i0.wp.com\/www.jazzzeitung.de\/cms\/wp-content\/uploads\/2024\/07\/Fabian-Dudek-Day-by-Day-2-scaled.jpg?fit=277%2C300&#038;ssl=1\" data-large-file=\"https:\/\/i0.wp.com\/www.jazzzeitung.de\/cms\/wp-content\/uploads\/2024\/07\/Fabian-Dudek-Day-by-Day-2-scaled.jpg?fit=554%2C600&#038;ssl=1\" src=\"https:\/\/i0.wp.com\/www.jazzzeitung.de\/cms\/wp-content\/uploads\/2024\/07\/Fabian-Dudek-Day-by-Day-2-scaled.jpg?w=551&#038;h=596&#038;ssl=1\" srcset=\"https:\/\/i0.wp.com\/www.jazzzeitung.de\/cms\/wp-content\/uploads\/2024\/07\/Fabian-Dudek-Day-by-Day-2-scaled.jpg?w=2365&amp;ssl=1 2365w, https:\/\/i0.wp.com\/www.jazzzeitung.de\/cms\/wp-content\/uploads\/2024\/07\/Fabian-Dudek-Day-by-Day-2-scaled.jpg?resize=277%2C300&amp;ssl=1 277w, https:\/\/i0.wp.com\/www.jazzzeitung.de\/cms\/wp-content\/uploads\/2024\/07\/Fabian-Dudek-Day-by-Day-2-scaled.jpg?resize=554%2C600&amp;ssl=1 554w, https:\/\/i0.wp.com\/www.jazzzeitung.de\/cms\/wp-content\/uploads\/2024\/07\/Fabian-Dudek-Day-by-Day-2-scaled.jpg?resize=768%2C831&amp;ssl=1 768w, https:\/\/i0.wp.com\/www.jazzzeitung.de\/cms\/wp-content\/uploads\/2024\/07\/Fabian-Dudek-Day-by-Day-2-scaled.jpg?resize=1419%2C1536&amp;ssl=1 1419w, https:\/\/i0.wp.com\/www.jazzzeitung.de\/cms\/wp-content\/uploads\/2024\/07\/Fabian-Dudek-Day-by-Day-2-scaled.jpg?resize=1892%2C2048&amp;ssl=1 1892w, https:\/\/i0.wp.com\/www.jazzzeitung.de\/cms\/wp-content\/uploads\/2024\/07\/Fabian-Dudek-Day-by-Day-2-scaled.jpg?resize=1320%2C1429&amp;ssl=1 1320w, https:\/\/i0.wp.com\/www.jazzzeitung.de\/cms\/wp-content\/uploads\/2024\/07\/Fabian-Dudek-Day-by-Day-2-scaled.jpg?w=1680&amp;ssl=1 1680w\" width=\"551\" height=\"596\" loading=\"lazy\" data-original-width=\"551\" data-original-height=\"596\" itemprop=\"http:\/\/schema.org\/image\" title=\"Fabian Dudek Day by Day 2\" alt=\"Fabian Dudek Day by Day 2\" style=\"width: 551px; height: 596px;\" \/> <\/a> <\/div> <\/div> <!-- close group --> <div class=\"gallery-group images-3\" style=\"width: 285px; height: 600px;\" data-original-width=\"285\" data-original-height=\"600\" > <div class=\"tiled-gallery-item tiled-gallery-item-large\" itemprop=\"associatedMedia\" itemscope itemtype=\"http:\/\/schema.org\/ImageObject\"> <a href=\"https:\/\/www.jazzzeitung.de\/cms\/2024\/07\/die-verwandlungskunst-hoert-nicht-auf-suedtirol-jazzfestival-alto-adige-2024\/fabian-dudek-day-by-day\/\" border=\"0\" itemprop=\"url\"> <meta itemprop=\"width\" content=\"281\"> <meta itemprop=\"height\" content=\"211\"> <img decoding=\"async\" class=\"\" data-attachment-id=\"31297\" data-orig-file=\"https:\/\/www.jazzzeitung.de\/cms\/wp-content\/uploads\/2024\/07\/Fabian-Dudek-Day-by-Day-scaled.jpg\" data-orig-size=\"2560,1920\" data-comments-opened=\"1\" data-image-meta=\"{&quot;aperture&quot;:&quot;2.8&quot;,&quot;credit&quot;:&quot;&quot;,&quot;camera&quot;:&quot;DSC-RX100&quot;,&quot;caption&quot;:&quot;&quot;,&quot;created_timestamp&quot;:&quot;1331164596&quot;,&quot;copyright&quot;:&quot;&quot;,&quot;focal_length&quot;:&quot;14.07&quot;,&quot;iso&quot;:&quot;500&quot;,&quot;shutter_speed&quot;:&quot;0.025&quot;,&quot;title&quot;:&quot;&quot;,&quot;orientation&quot;:&quot;1&quot;}\" data-image-title=\"Fabian Dudek Day by Day\" data-image-description=\"\" data-medium-file=\"https:\/\/i0.wp.com\/www.jazzzeitung.de\/cms\/wp-content\/uploads\/2024\/07\/Fabian-Dudek-Day-by-Day-scaled.jpg?fit=300%2C225&#038;ssl=1\" data-large-file=\"https:\/\/i0.wp.com\/www.jazzzeitung.de\/cms\/wp-content\/uploads\/2024\/07\/Fabian-Dudek-Day-by-Day-scaled.jpg?fit=800%2C600&#038;ssl=1\" src=\"https:\/\/i0.wp.com\/www.jazzzeitung.de\/cms\/wp-content\/uploads\/2024\/07\/Fabian-Dudek-Day-by-Day-scaled.jpg?w=281&#038;h=211&#038;ssl=1\" srcset=\"https:\/\/i0.wp.com\/www.jazzzeitung.de\/cms\/wp-content\/uploads\/2024\/07\/Fabian-Dudek-Day-by-Day-scaled.jpg?w=2560&amp;ssl=1 2560w, https:\/\/i0.wp.com\/www.jazzzeitung.de\/cms\/wp-content\/uploads\/2024\/07\/Fabian-Dudek-Day-by-Day-scaled.jpg?resize=300%2C225&amp;ssl=1 300w, https:\/\/i0.wp.com\/www.jazzzeitung.de\/cms\/wp-content\/uploads\/2024\/07\/Fabian-Dudek-Day-by-Day-scaled.jpg?resize=800%2C600&amp;ssl=1 800w, https:\/\/i0.wp.com\/www.jazzzeitung.de\/cms\/wp-content\/uploads\/2024\/07\/Fabian-Dudek-Day-by-Day-scaled.jpg?resize=768%2C576&amp;ssl=1 768w, https:\/\/i0.wp.com\/www.jazzzeitung.de\/cms\/wp-content\/uploads\/2024\/07\/Fabian-Dudek-Day-by-Day-scaled.jpg?resize=1536%2C1152&amp;ssl=1 1536w, https:\/\/i0.wp.com\/www.jazzzeitung.de\/cms\/wp-content\/uploads\/2024\/07\/Fabian-Dudek-Day-by-Day-scaled.jpg?resize=2048%2C1536&amp;ssl=1 2048w, https:\/\/i0.wp.com\/www.jazzzeitung.de\/cms\/wp-content\/uploads\/2024\/07\/Fabian-Dudek-Day-by-Day-scaled.jpg?resize=1320%2C990&amp;ssl=1 1320w, https:\/\/i0.wp.com\/www.jazzzeitung.de\/cms\/wp-content\/uploads\/2024\/07\/Fabian-Dudek-Day-by-Day-scaled.jpg?w=1680&amp;ssl=1 1680w\" width=\"281\" height=\"211\" loading=\"lazy\" data-original-width=\"281\" data-original-height=\"211\" itemprop=\"http:\/\/schema.org\/image\" title=\"Fabian Dudek Day by Day\" alt=\"Fabian Dudek Day by Day\" style=\"width: 281px; height: 211px;\" \/> <\/a> <\/div> <div class=\"tiled-gallery-item tiled-gallery-item-large\" itemprop=\"associatedMedia\" itemscope itemtype=\"http:\/\/schema.org\/ImageObject\"> <a href=\"https:\/\/www.jazzzeitung.de\/cms\/2024\/07\/die-verwandlungskunst-hoert-nicht-auf-suedtirol-jazzfestival-alto-adige-2024\/francesca-remigi\/\" border=\"0\" itemprop=\"url\"> <meta itemprop=\"width\" content=\"281\"> <meta itemprop=\"height\" content=\"211\"> <img decoding=\"async\" class=\"\" data-attachment-id=\"31298\" data-orig-file=\"https:\/\/www.jazzzeitung.de\/cms\/wp-content\/uploads\/2024\/07\/Francesca-Remigi-scaled.jpg\" data-orig-size=\"2560,1920\" data-comments-opened=\"1\" data-image-meta=\"{&quot;aperture&quot;:&quot;4.9&quot;,&quot;credit&quot;:&quot;&quot;,&quot;camera&quot;:&quot;DSC-RX100&quot;,&quot;caption&quot;:&quot;&quot;,&quot;created_timestamp&quot;:&quot;1331172403&quot;,&quot;copyright&quot;:&quot;&quot;,&quot;focal_length&quot;:&quot;37.1&quot;,&quot;iso&quot;:&quot;3200&quot;,&quot;shutter_speed&quot;:&quot;0.02&quot;,&quot;title&quot;:&quot;&quot;,&quot;orientation&quot;:&quot;1&quot;}\" data-image-title=\"Francesca Remigi\" data-image-description=\"\" data-medium-file=\"https:\/\/i0.wp.com\/www.jazzzeitung.de\/cms\/wp-content\/uploads\/2024\/07\/Francesca-Remigi-scaled.jpg?fit=300%2C225&#038;ssl=1\" data-large-file=\"https:\/\/i0.wp.com\/www.jazzzeitung.de\/cms\/wp-content\/uploads\/2024\/07\/Francesca-Remigi-scaled.jpg?fit=800%2C600&#038;ssl=1\" src=\"https:\/\/i0.wp.com\/www.jazzzeitung.de\/cms\/wp-content\/uploads\/2024\/07\/Francesca-Remigi-scaled.jpg?w=281&#038;h=211&#038;ssl=1\" srcset=\"https:\/\/i0.wp.com\/www.jazzzeitung.de\/cms\/wp-content\/uploads\/2024\/07\/Francesca-Remigi-scaled.jpg?w=2560&amp;ssl=1 2560w, https:\/\/i0.wp.com\/www.jazzzeitung.de\/cms\/wp-content\/uploads\/2024\/07\/Francesca-Remigi-scaled.jpg?resize=300%2C225&amp;ssl=1 300w, https:\/\/i0.wp.com\/www.jazzzeitung.de\/cms\/wp-content\/uploads\/2024\/07\/Francesca-Remigi-scaled.jpg?resize=800%2C600&amp;ssl=1 800w, https:\/\/i0.wp.com\/www.jazzzeitung.de\/cms\/wp-content\/uploads\/2024\/07\/Francesca-Remigi-scaled.jpg?resize=768%2C576&amp;ssl=1 768w, https:\/\/i0.wp.com\/www.jazzzeitung.de\/cms\/wp-content\/uploads\/2024\/07\/Francesca-Remigi-scaled.jpg?resize=1536%2C1152&amp;ssl=1 1536w, https:\/\/i0.wp.com\/www.jazzzeitung.de\/cms\/wp-content\/uploads\/2024\/07\/Francesca-Remigi-scaled.jpg?resize=2048%2C1536&amp;ssl=1 2048w, https:\/\/i0.wp.com\/www.jazzzeitung.de\/cms\/wp-content\/uploads\/2024\/07\/Francesca-Remigi-scaled.jpg?resize=1320%2C990&amp;ssl=1 1320w, https:\/\/i0.wp.com\/www.jazzzeitung.de\/cms\/wp-content\/uploads\/2024\/07\/Francesca-Remigi-scaled.jpg?w=1680&amp;ssl=1 1680w\" width=\"281\" height=\"211\" loading=\"lazy\" data-original-width=\"281\" data-original-height=\"211\" itemprop=\"http:\/\/schema.org\/image\" title=\"Francesca Remigi\" alt=\"Francesca Remigi\" style=\"width: 281px; height: 211px;\" \/> <\/a> <\/div> <div class=\"tiled-gallery-item tiled-gallery-item-large\" itemprop=\"associatedMedia\" itemscope itemtype=\"http:\/\/schema.org\/ImageObject\"> <a href=\"https:\/\/www.jazzzeitung.de\/cms\/2024\/07\/die-verwandlungskunst-hoert-nicht-auf-suedtirol-jazzfestival-alto-adige-2024\/haezz\/\" border=\"0\" itemprop=\"url\"> <meta itemprop=\"width\" content=\"281\"> <meta itemprop=\"height\" content=\"166\"> <img decoding=\"async\" class=\"\" data-attachment-id=\"31299\" data-orig-file=\"https:\/\/www.jazzzeitung.de\/cms\/wp-content\/uploads\/2024\/07\/Haezz-scaled.jpg\" data-orig-size=\"2560,1515\" data-comments-opened=\"1\" data-image-meta=\"{&quot;aperture&quot;:&quot;3.5&quot;,&quot;credit&quot;:&quot;&quot;,&quot;camera&quot;:&quot;DSC-RX100&quot;,&quot;caption&quot;:&quot;&quot;,&quot;created_timestamp&quot;:&quot;1331216534&quot;,&quot;copyright&quot;:&quot;&quot;,&quot;focal_length&quot;:&quot;14.75&quot;,&quot;iso&quot;:&quot;3200&quot;,&quot;shutter_speed&quot;:&quot;0.01&quot;,&quot;title&quot;:&quot;&quot;,&quot;orientation&quot;:&quot;1&quot;}\" data-image-title=\"Haezz\" data-image-description=\"\" data-medium-file=\"https:\/\/i0.wp.com\/www.jazzzeitung.de\/cms\/wp-content\/uploads\/2024\/07\/Haezz-scaled.jpg?fit=300%2C177&#038;ssl=1\" data-large-file=\"https:\/\/i0.wp.com\/www.jazzzeitung.de\/cms\/wp-content\/uploads\/2024\/07\/Haezz-scaled.jpg?fit=840%2C497&#038;ssl=1\" src=\"https:\/\/i0.wp.com\/www.jazzzeitung.de\/cms\/wp-content\/uploads\/2024\/07\/Haezz-scaled.jpg?w=281&#038;h=166&#038;ssl=1\" srcset=\"https:\/\/i0.wp.com\/www.jazzzeitung.de\/cms\/wp-content\/uploads\/2024\/07\/Haezz-scaled.jpg?w=2560&amp;ssl=1 2560w, https:\/\/i0.wp.com\/www.jazzzeitung.de\/cms\/wp-content\/uploads\/2024\/07\/Haezz-scaled.jpg?resize=300%2C177&amp;ssl=1 300w, https:\/\/i0.wp.com\/www.jazzzeitung.de\/cms\/wp-content\/uploads\/2024\/07\/Haezz-scaled.jpg?resize=900%2C532&amp;ssl=1 900w, https:\/\/i0.wp.com\/www.jazzzeitung.de\/cms\/wp-content\/uploads\/2024\/07\/Haezz-scaled.jpg?resize=768%2C454&amp;ssl=1 768w, https:\/\/i0.wp.com\/www.jazzzeitung.de\/cms\/wp-content\/uploads\/2024\/07\/Haezz-scaled.jpg?resize=1536%2C909&amp;ssl=1 1536w, https:\/\/i0.wp.com\/www.jazzzeitung.de\/cms\/wp-content\/uploads\/2024\/07\/Haezz-scaled.jpg?resize=2048%2C1212&amp;ssl=1 2048w, https:\/\/i0.wp.com\/www.jazzzeitung.de\/cms\/wp-content\/uploads\/2024\/07\/Haezz-scaled.jpg?resize=1320%2C781&amp;ssl=1 1320w, https:\/\/i0.wp.com\/www.jazzzeitung.de\/cms\/wp-content\/uploads\/2024\/07\/Haezz-scaled.jpg?w=1680&amp;ssl=1 1680w\" width=\"281\" height=\"166\" loading=\"lazy\" data-original-width=\"281\" data-original-height=\"166\" itemprop=\"http:\/\/schema.org\/image\" title=\"Haezz\" alt=\"Haezz\" style=\"width: 281px; height: 166px;\" \/> <\/a> <\/div> <\/div> <!-- close group --> <\/div> <!-- close row --> <div class=\"gallery-row\" style=\"width: 840px; height: 421px;\" data-original-width=\"840\" data-original-height=\"421\" > <div class=\"gallery-group images-1\" style=\"width: 560px; height: 421px;\" data-original-width=\"560\" data-original-height=\"421\" > <div class=\"tiled-gallery-item tiled-gallery-item-large\" itemprop=\"associatedMedia\" itemscope itemtype=\"http:\/\/schema.org\/ImageObject\"> <a href=\"https:\/\/www.jazzzeitung.de\/cms\/2024\/07\/die-verwandlungskunst-hoert-nicht-auf-suedtirol-jazzfestival-alto-adige-2024\/kabarila1\/\" border=\"0\" itemprop=\"url\"> <meta itemprop=\"width\" content=\"556\"> <meta itemprop=\"height\" content=\"417\"> <img decoding=\"async\" class=\"\" data-attachment-id=\"31300\" data-orig-file=\"https:\/\/www.jazzzeitung.de\/cms\/wp-content\/uploads\/2024\/07\/Kabarila1-scaled.jpg\" data-orig-size=\"2560,1920\" data-comments-opened=\"1\" data-image-meta=\"{&quot;aperture&quot;:&quot;1.8&quot;,&quot;credit&quot;:&quot;&quot;,&quot;camera&quot;:&quot;DSC-RX100&quot;,&quot;caption&quot;:&quot;&quot;,&quot;created_timestamp&quot;:&quot;1331087249&quot;,&quot;copyright&quot;:&quot;&quot;,&quot;focal_length&quot;:&quot;10.4&quot;,&quot;iso&quot;:&quot;160&quot;,&quot;shutter_speed&quot;:&quot;0.033333333333333&quot;,&quot;title&quot;:&quot;&quot;,&quot;orientation&quot;:&quot;1&quot;}\" data-image-title=\"Kabarila1\" data-image-description=\"\" data-medium-file=\"https:\/\/i0.wp.com\/www.jazzzeitung.de\/cms\/wp-content\/uploads\/2024\/07\/Kabarila1-scaled.jpg?fit=300%2C225&#038;ssl=1\" data-large-file=\"https:\/\/i0.wp.com\/www.jazzzeitung.de\/cms\/wp-content\/uploads\/2024\/07\/Kabarila1-scaled.jpg?fit=800%2C600&#038;ssl=1\" src=\"https:\/\/i0.wp.com\/www.jazzzeitung.de\/cms\/wp-content\/uploads\/2024\/07\/Kabarila1-scaled.jpg?w=556&#038;h=417&#038;ssl=1\" srcset=\"https:\/\/i0.wp.com\/www.jazzzeitung.de\/cms\/wp-content\/uploads\/2024\/07\/Kabarila1-scaled.jpg?w=2560&amp;ssl=1 2560w, https:\/\/i0.wp.com\/www.jazzzeitung.de\/cms\/wp-content\/uploads\/2024\/07\/Kabarila1-scaled.jpg?resize=300%2C225&amp;ssl=1 300w, https:\/\/i0.wp.com\/www.jazzzeitung.de\/cms\/wp-content\/uploads\/2024\/07\/Kabarila1-scaled.jpg?resize=800%2C600&amp;ssl=1 800w, https:\/\/i0.wp.com\/www.jazzzeitung.de\/cms\/wp-content\/uploads\/2024\/07\/Kabarila1-scaled.jpg?resize=768%2C576&amp;ssl=1 768w, https:\/\/i0.wp.com\/www.jazzzeitung.de\/cms\/wp-content\/uploads\/2024\/07\/Kabarila1-scaled.jpg?resize=1536%2C1152&amp;ssl=1 1536w, https:\/\/i0.wp.com\/www.jazzzeitung.de\/cms\/wp-content\/uploads\/2024\/07\/Kabarila1-scaled.jpg?resize=2048%2C1536&amp;ssl=1 2048w, https:\/\/i0.wp.com\/www.jazzzeitung.de\/cms\/wp-content\/uploads\/2024\/07\/Kabarila1-scaled.jpg?resize=1320%2C990&amp;ssl=1 1320w, https:\/\/i0.wp.com\/www.jazzzeitung.de\/cms\/wp-content\/uploads\/2024\/07\/Kabarila1-scaled.jpg?w=1680&amp;ssl=1 1680w\" width=\"556\" height=\"417\" loading=\"lazy\" data-original-width=\"556\" data-original-height=\"417\" itemprop=\"http:\/\/schema.org\/image\" title=\"Kabarila1\" alt=\"Kabarila1\" style=\"width: 556px; height: 417px;\" \/> <\/a> <\/div> <\/div> <!-- close group --> <div class=\"gallery-group images-2\" style=\"width: 280px; height: 421px;\" data-original-width=\"280\" data-original-height=\"421\" > <div class=\"tiled-gallery-item tiled-gallery-item-large\" itemprop=\"associatedMedia\" itemscope itemtype=\"http:\/\/schema.org\/ImageObject\"> <a href=\"https:\/\/www.jazzzeitung.de\/cms\/2024\/07\/die-verwandlungskunst-hoert-nicht-auf-suedtirol-jazzfestival-alto-adige-2024\/kabarila2\/\" border=\"0\" itemprop=\"url\"> <meta itemprop=\"width\" content=\"276\"> <meta itemprop=\"height\" content=\"207\"> <img decoding=\"async\" class=\"\" data-attachment-id=\"31301\" data-orig-file=\"https:\/\/www.jazzzeitung.de\/cms\/wp-content\/uploads\/2024\/07\/Kabarila2-scaled.jpg\" data-orig-size=\"2560,1920\" data-comments-opened=\"1\" data-image-meta=\"{&quot;aperture&quot;:&quot;4.5&quot;,&quot;credit&quot;:&quot;&quot;,&quot;camera&quot;:&quot;DSC-RX100&quot;,&quot;caption&quot;:&quot;&quot;,&quot;created_timestamp&quot;:&quot;1331088504&quot;,&quot;copyright&quot;:&quot;&quot;,&quot;focal_length&quot;:&quot;29.15&quot;,&quot;iso&quot;:&quot;3200&quot;,&quot;shutter_speed&quot;:&quot;0.00625&quot;,&quot;title&quot;:&quot;&quot;,&quot;orientation&quot;:&quot;1&quot;}\" data-image-title=\"Kabarila2\" data-image-description=\"\" data-medium-file=\"https:\/\/i0.wp.com\/www.jazzzeitung.de\/cms\/wp-content\/uploads\/2024\/07\/Kabarila2-scaled.jpg?fit=300%2C225&#038;ssl=1\" data-large-file=\"https:\/\/i0.wp.com\/www.jazzzeitung.de\/cms\/wp-content\/uploads\/2024\/07\/Kabarila2-scaled.jpg?fit=800%2C600&#038;ssl=1\" src=\"https:\/\/i0.wp.com\/www.jazzzeitung.de\/cms\/wp-content\/uploads\/2024\/07\/Kabarila2-scaled.jpg?w=276&#038;h=207&#038;ssl=1\" srcset=\"https:\/\/i0.wp.com\/www.jazzzeitung.de\/cms\/wp-content\/uploads\/2024\/07\/Kabarila2-scaled.jpg?w=2560&amp;ssl=1 2560w, https:\/\/i0.wp.com\/www.jazzzeitung.de\/cms\/wp-content\/uploads\/2024\/07\/Kabarila2-scaled.jpg?resize=300%2C225&amp;ssl=1 300w, https:\/\/i0.wp.com\/www.jazzzeitung.de\/cms\/wp-content\/uploads\/2024\/07\/Kabarila2-scaled.jpg?resize=800%2C600&amp;ssl=1 800w, https:\/\/i0.wp.com\/www.jazzzeitung.de\/cms\/wp-content\/uploads\/2024\/07\/Kabarila2-scaled.jpg?resize=768%2C576&amp;ssl=1 768w, https:\/\/i0.wp.com\/www.jazzzeitung.de\/cms\/wp-content\/uploads\/2024\/07\/Kabarila2-scaled.jpg?resize=1536%2C1152&amp;ssl=1 1536w, https:\/\/i0.wp.com\/www.jazzzeitung.de\/cms\/wp-content\/uploads\/2024\/07\/Kabarila2-scaled.jpg?resize=2048%2C1536&amp;ssl=1 2048w, https:\/\/i0.wp.com\/www.jazzzeitung.de\/cms\/wp-content\/uploads\/2024\/07\/Kabarila2-scaled.jpg?resize=1320%2C990&amp;ssl=1 1320w, https:\/\/i0.wp.com\/www.jazzzeitung.de\/cms\/wp-content\/uploads\/2024\/07\/Kabarila2-scaled.jpg?w=1680&amp;ssl=1 1680w\" width=\"276\" height=\"207\" loading=\"lazy\" data-original-width=\"276\" data-original-height=\"207\" itemprop=\"http:\/\/schema.org\/image\" title=\"Kabarila2\" alt=\"Kabarila2\" style=\"width: 276px; height: 207px;\" \/> <\/a> <\/div> <div class=\"tiled-gallery-item tiled-gallery-item-large\" itemprop=\"associatedMedia\" itemscope itemtype=\"http:\/\/schema.org\/ImageObject\"> <a href=\"https:\/\/www.jazzzeitung.de\/cms\/2024\/07\/die-verwandlungskunst-hoert-nicht-auf-suedtirol-jazzfestival-alto-adige-2024\/kabarila6\/\" border=\"0\" itemprop=\"url\"> <meta itemprop=\"width\" content=\"276\"> <meta itemprop=\"height\" content=\"206\"> <img decoding=\"async\" class=\"\" data-attachment-id=\"31302\" data-orig-file=\"https:\/\/www.jazzzeitung.de\/cms\/wp-content\/uploads\/2024\/07\/Kabarila6-scaled.jpg\" data-orig-size=\"2560,1920\" data-comments-opened=\"1\" data-image-meta=\"{&quot;aperture&quot;:&quot;1.8&quot;,&quot;credit&quot;:&quot;&quot;,&quot;camera&quot;:&quot;DSC-RX100&quot;,&quot;caption&quot;:&quot;&quot;,&quot;created_timestamp&quot;:&quot;1331087928&quot;,&quot;copyright&quot;:&quot;&quot;,&quot;focal_length&quot;:&quot;10.4&quot;,&quot;iso&quot;:&quot;3200&quot;,&quot;shutter_speed&quot;:&quot;0.0005&quot;,&quot;title&quot;:&quot;&quot;,&quot;orientation&quot;:&quot;1&quot;}\" data-image-title=\"Kabarila6\" data-image-description=\"\" data-medium-file=\"https:\/\/i0.wp.com\/www.jazzzeitung.de\/cms\/wp-content\/uploads\/2024\/07\/Kabarila6-scaled.jpg?fit=300%2C225&#038;ssl=1\" data-large-file=\"https:\/\/i0.wp.com\/www.jazzzeitung.de\/cms\/wp-content\/uploads\/2024\/07\/Kabarila6-scaled.jpg?fit=800%2C600&#038;ssl=1\" src=\"https:\/\/i0.wp.com\/www.jazzzeitung.de\/cms\/wp-content\/uploads\/2024\/07\/Kabarila6-scaled.jpg?w=276&#038;h=206&#038;ssl=1\" srcset=\"https:\/\/i0.wp.com\/www.jazzzeitung.de\/cms\/wp-content\/uploads\/2024\/07\/Kabarila6-scaled.jpg?w=2560&amp;ssl=1 2560w, https:\/\/i0.wp.com\/www.jazzzeitung.de\/cms\/wp-content\/uploads\/2024\/07\/Kabarila6-scaled.jpg?resize=300%2C225&amp;ssl=1 300w, https:\/\/i0.wp.com\/www.jazzzeitung.de\/cms\/wp-content\/uploads\/2024\/07\/Kabarila6-scaled.jpg?resize=800%2C600&amp;ssl=1 800w, https:\/\/i0.wp.com\/www.jazzzeitung.de\/cms\/wp-content\/uploads\/2024\/07\/Kabarila6-scaled.jpg?resize=768%2C576&amp;ssl=1 768w, https:\/\/i0.wp.com\/www.jazzzeitung.de\/cms\/wp-content\/uploads\/2024\/07\/Kabarila6-scaled.jpg?resize=1536%2C1152&amp;ssl=1 1536w, https:\/\/i0.wp.com\/www.jazzzeitung.de\/cms\/wp-content\/uploads\/2024\/07\/Kabarila6-scaled.jpg?resize=2048%2C1536&amp;ssl=1 2048w, https:\/\/i0.wp.com\/www.jazzzeitung.de\/cms\/wp-content\/uploads\/2024\/07\/Kabarila6-scaled.jpg?resize=1320%2C990&amp;ssl=1 1320w, https:\/\/i0.wp.com\/www.jazzzeitung.de\/cms\/wp-content\/uploads\/2024\/07\/Kabarila6-scaled.jpg?w=1680&amp;ssl=1 1680w\" width=\"276\" height=\"206\" loading=\"lazy\" data-original-width=\"276\" data-original-height=\"206\" itemprop=\"http:\/\/schema.org\/image\" title=\"Kabarila6\" alt=\"Kabarila6\" style=\"width: 276px; height: 206px;\" \/> <\/a> <\/div> <\/div> <!-- close group --> <\/div> <!-- close row --> <div class=\"gallery-row\" style=\"width: 840px; height: 316px;\" data-original-width=\"840\" data-original-height=\"316\" > <div class=\"gallery-group images-1\" style=\"width: 420px; height: 316px;\" data-original-width=\"420\" data-original-height=\"316\" > <div class=\"tiled-gallery-item tiled-gallery-item-large\" itemprop=\"associatedMedia\" itemscope itemtype=\"http:\/\/schema.org\/ImageObject\"> <a href=\"https:\/\/www.jazzzeitung.de\/cms\/2024\/07\/die-verwandlungskunst-hoert-nicht-auf-suedtirol-jazzfestival-alto-adige-2024\/kabarila7\/\" border=\"0\" itemprop=\"url\"> <meta itemprop=\"width\" content=\"416\"> <meta itemprop=\"height\" content=\"312\"> <img decoding=\"async\" class=\"\" data-attachment-id=\"31303\" data-orig-file=\"https:\/\/www.jazzzeitung.de\/cms\/wp-content\/uploads\/2024\/07\/Kabarila7-scaled.jpg\" data-orig-size=\"2560,1920\" data-comments-opened=\"1\" data-image-meta=\"{&quot;aperture&quot;:&quot;1.8&quot;,&quot;credit&quot;:&quot;&quot;,&quot;camera&quot;:&quot;DSC-RX100&quot;,&quot;caption&quot;:&quot;&quot;,&quot;created_timestamp&quot;:&quot;1331087415&quot;,&quot;copyright&quot;:&quot;&quot;,&quot;focal_length&quot;:&quot;10.4&quot;,&quot;iso&quot;:&quot;160&quot;,&quot;shutter_speed&quot;:&quot;0.033333333333333&quot;,&quot;title&quot;:&quot;&quot;,&quot;orientation&quot;:&quot;1&quot;}\" data-image-title=\"Kabarila7\" data-image-description=\"\" data-medium-file=\"https:\/\/i0.wp.com\/www.jazzzeitung.de\/cms\/wp-content\/uploads\/2024\/07\/Kabarila7-scaled.jpg?fit=300%2C225&#038;ssl=1\" data-large-file=\"https:\/\/i0.wp.com\/www.jazzzeitung.de\/cms\/wp-content\/uploads\/2024\/07\/Kabarila7-scaled.jpg?fit=800%2C600&#038;ssl=1\" src=\"https:\/\/i0.wp.com\/www.jazzzeitung.de\/cms\/wp-content\/uploads\/2024\/07\/Kabarila7-scaled.jpg?w=416&#038;h=312&#038;ssl=1\" srcset=\"https:\/\/i0.wp.com\/www.jazzzeitung.de\/cms\/wp-content\/uploads\/2024\/07\/Kabarila7-scaled.jpg?w=2560&amp;ssl=1 2560w, https:\/\/i0.wp.com\/www.jazzzeitung.de\/cms\/wp-content\/uploads\/2024\/07\/Kabarila7-scaled.jpg?resize=300%2C225&amp;ssl=1 300w, https:\/\/i0.wp.com\/www.jazzzeitung.de\/cms\/wp-content\/uploads\/2024\/07\/Kabarila7-scaled.jpg?resize=800%2C600&amp;ssl=1 800w, https:\/\/i0.wp.com\/www.jazzzeitung.de\/cms\/wp-content\/uploads\/2024\/07\/Kabarila7-scaled.jpg?resize=768%2C576&amp;ssl=1 768w, https:\/\/i0.wp.com\/www.jazzzeitung.de\/cms\/wp-content\/uploads\/2024\/07\/Kabarila7-scaled.jpg?resize=1536%2C1152&amp;ssl=1 1536w, https:\/\/i0.wp.com\/www.jazzzeitung.de\/cms\/wp-content\/uploads\/2024\/07\/Kabarila7-scaled.jpg?resize=2048%2C1536&amp;ssl=1 2048w, https:\/\/i0.wp.com\/www.jazzzeitung.de\/cms\/wp-content\/uploads\/2024\/07\/Kabarila7-scaled.jpg?resize=1320%2C990&amp;ssl=1 1320w, https:\/\/i0.wp.com\/www.jazzzeitung.de\/cms\/wp-content\/uploads\/2024\/07\/Kabarila7-scaled.jpg?w=1680&amp;ssl=1 1680w\" width=\"416\" height=\"312\" loading=\"lazy\" data-original-width=\"416\" data-original-height=\"312\" itemprop=\"http:\/\/schema.org\/image\" title=\"Kabarila7\" alt=\"Kabarila7\" style=\"width: 416px; height: 312px;\" \/> <\/a> <\/div> <\/div> <!-- close group --> <div class=\"gallery-group images-1\" style=\"width: 420px; height: 316px;\" data-original-width=\"420\" data-original-height=\"316\" > <div class=\"tiled-gallery-item tiled-gallery-item-large\" itemprop=\"associatedMedia\" itemscope itemtype=\"http:\/\/schema.org\/ImageObject\"> <a href=\"https:\/\/www.jazzzeitung.de\/cms\/2024\/07\/die-verwandlungskunst-hoert-nicht-auf-suedtirol-jazzfestival-alto-adige-2024\/kabarila8\/\" border=\"0\" itemprop=\"url\"> <meta itemprop=\"width\" content=\"416\"> <meta itemprop=\"height\" content=\"312\"> <img decoding=\"async\" class=\"\" data-attachment-id=\"31304\" data-orig-file=\"https:\/\/www.jazzzeitung.de\/cms\/wp-content\/uploads\/2024\/07\/Kabarila8-scaled.jpg\" data-orig-size=\"2560,1920\" data-comments-opened=\"1\" data-image-meta=\"{&quot;aperture&quot;:&quot;1.8&quot;,&quot;credit&quot;:&quot;&quot;,&quot;camera&quot;:&quot;DSC-RX100&quot;,&quot;caption&quot;:&quot;&quot;,&quot;created_timestamp&quot;:&quot;1331087017&quot;,&quot;copyright&quot;:&quot;&quot;,&quot;focal_length&quot;:&quot;10.4&quot;,&quot;iso&quot;:&quot;320&quot;,&quot;shutter_speed&quot;:&quot;0.033333333333333&quot;,&quot;title&quot;:&quot;&quot;,&quot;orientation&quot;:&quot;1&quot;}\" data-image-title=\"Kabarila8\" data-image-description=\"\" data-medium-file=\"https:\/\/i0.wp.com\/www.jazzzeitung.de\/cms\/wp-content\/uploads\/2024\/07\/Kabarila8-scaled.jpg?fit=300%2C225&#038;ssl=1\" data-large-file=\"https:\/\/i0.wp.com\/www.jazzzeitung.de\/cms\/wp-content\/uploads\/2024\/07\/Kabarila8-scaled.jpg?fit=800%2C600&#038;ssl=1\" src=\"https:\/\/i0.wp.com\/www.jazzzeitung.de\/cms\/wp-content\/uploads\/2024\/07\/Kabarila8-scaled.jpg?w=416&#038;h=312&#038;ssl=1\" srcset=\"https:\/\/i0.wp.com\/www.jazzzeitung.de\/cms\/wp-content\/uploads\/2024\/07\/Kabarila8-scaled.jpg?w=2560&amp;ssl=1 2560w, https:\/\/i0.wp.com\/www.jazzzeitung.de\/cms\/wp-content\/uploads\/2024\/07\/Kabarila8-scaled.jpg?resize=300%2C225&amp;ssl=1 300w, https:\/\/i0.wp.com\/www.jazzzeitung.de\/cms\/wp-content\/uploads\/2024\/07\/Kabarila8-scaled.jpg?resize=800%2C600&amp;ssl=1 800w, https:\/\/i0.wp.com\/www.jazzzeitung.de\/cms\/wp-content\/uploads\/2024\/07\/Kabarila8-scaled.jpg?resize=768%2C576&amp;ssl=1 768w, https:\/\/i0.wp.com\/www.jazzzeitung.de\/cms\/wp-content\/uploads\/2024\/07\/Kabarila8-scaled.jpg?resize=1536%2C1152&amp;ssl=1 1536w, https:\/\/i0.wp.com\/www.jazzzeitung.de\/cms\/wp-content\/uploads\/2024\/07\/Kabarila8-scaled.jpg?resize=2048%2C1536&amp;ssl=1 2048w, https:\/\/i0.wp.com\/www.jazzzeitung.de\/cms\/wp-content\/uploads\/2024\/07\/Kabarila8-scaled.jpg?resize=1320%2C990&amp;ssl=1 1320w, https:\/\/i0.wp.com\/www.jazzzeitung.de\/cms\/wp-content\/uploads\/2024\/07\/Kabarila8-scaled.jpg?w=1680&amp;ssl=1 1680w\" width=\"416\" height=\"312\" loading=\"lazy\" data-original-width=\"416\" data-original-height=\"312\" itemprop=\"http:\/\/schema.org\/image\" title=\"Kabarila8\" alt=\"Kabarila8\" style=\"width: 416px; height: 312px;\" \/> <\/a> <\/div> <\/div> <!-- close group --> <\/div> <!-- close row --> <div class=\"gallery-row\" style=\"width: 840px; height: 475px;\" data-original-width=\"840\" data-original-height=\"475\" > <div class=\"gallery-group images-1\" style=\"width: 840px; height: 475px;\" data-original-width=\"840\" data-original-height=\"475\" > <div class=\"tiled-gallery-item tiled-gallery-item-large\" itemprop=\"associatedMedia\" itemscope itemtype=\"http:\/\/schema.org\/ImageObject\"> <a href=\"https:\/\/www.jazzzeitung.de\/cms\/2024\/07\/die-verwandlungskunst-hoert-nicht-auf-suedtirol-jazzfestival-alto-adige-2024\/kapuzinerpark\/\" border=\"0\" itemprop=\"url\"> <meta itemprop=\"width\" content=\"836\"> <meta itemprop=\"height\" content=\"471\"> <img decoding=\"async\" class=\"\" data-attachment-id=\"31305\" data-orig-file=\"https:\/\/www.jazzzeitung.de\/cms\/wp-content\/uploads\/2024\/07\/Kapuzinerpark-scaled.jpg\" data-orig-size=\"2560,1441\" data-comments-opened=\"1\" data-image-meta=\"{&quot;aperture&quot;:&quot;4&quot;,&quot;credit&quot;:&quot;&quot;,&quot;camera&quot;:&quot;DSC-RX100&quot;,&quot;caption&quot;:&quot;&quot;,&quot;created_timestamp&quot;:&quot;1330988832&quot;,&quot;copyright&quot;:&quot;&quot;,&quot;focal_length&quot;:&quot;10.4&quot;,&quot;iso&quot;:&quot;1600&quot;,&quot;shutter_speed&quot;:&quot;0.033333333333333&quot;,&quot;title&quot;:&quot;&quot;,&quot;orientation&quot;:&quot;1&quot;}\" data-image-title=\"Kapuzinerpark\" data-image-description=\"\" data-medium-file=\"https:\/\/i0.wp.com\/www.jazzzeitung.de\/cms\/wp-content\/uploads\/2024\/07\/Kapuzinerpark-scaled.jpg?fit=300%2C169&#038;ssl=1\" data-large-file=\"https:\/\/i0.wp.com\/www.jazzzeitung.de\/cms\/wp-content\/uploads\/2024\/07\/Kapuzinerpark-scaled.jpg?fit=840%2C473&#038;ssl=1\" src=\"https:\/\/i0.wp.com\/www.jazzzeitung.de\/cms\/wp-content\/uploads\/2024\/07\/Kapuzinerpark-scaled.jpg?w=836&#038;h=471&#038;ssl=1\" srcset=\"https:\/\/i0.wp.com\/www.jazzzeitung.de\/cms\/wp-content\/uploads\/2024\/07\/Kapuzinerpark-scaled.jpg?w=2560&amp;ssl=1 2560w, https:\/\/i0.wp.com\/www.jazzzeitung.de\/cms\/wp-content\/uploads\/2024\/07\/Kapuzinerpark-scaled.jpg?resize=300%2C169&amp;ssl=1 300w, https:\/\/i0.wp.com\/www.jazzzeitung.de\/cms\/wp-content\/uploads\/2024\/07\/Kapuzinerpark-scaled.jpg?resize=900%2C507&amp;ssl=1 900w, https:\/\/i0.wp.com\/www.jazzzeitung.de\/cms\/wp-content\/uploads\/2024\/07\/Kapuzinerpark-scaled.jpg?resize=768%2C432&amp;ssl=1 768w, https:\/\/i0.wp.com\/www.jazzzeitung.de\/cms\/wp-content\/uploads\/2024\/07\/Kapuzinerpark-scaled.jpg?resize=1536%2C865&amp;ssl=1 1536w, https:\/\/i0.wp.com\/www.jazzzeitung.de\/cms\/wp-content\/uploads\/2024\/07\/Kapuzinerpark-scaled.jpg?resize=2048%2C1153&amp;ssl=1 2048w, https:\/\/i0.wp.com\/www.jazzzeitung.de\/cms\/wp-content\/uploads\/2024\/07\/Kapuzinerpark-scaled.jpg?resize=1320%2C743&amp;ssl=1 1320w, https:\/\/i0.wp.com\/www.jazzzeitung.de\/cms\/wp-content\/uploads\/2024\/07\/Kapuzinerpark-scaled.jpg?w=1680&amp;ssl=1 1680w\" width=\"836\" height=\"471\" loading=\"lazy\" data-original-width=\"836\" data-original-height=\"471\" itemprop=\"http:\/\/schema.org\/image\" title=\"Kapuzinerpark\" alt=\"Kapuzinerpark\" style=\"width: 836px; height: 471px;\" \/> <\/a> <\/div> <\/div> <!-- close group --> <\/div> <!-- close row --> <\/div>\n<h3>Neue Kooperationen erweisen sich als fruchtbar<\/h3>\n<p>Das neue Leitungsteam ist seit letztem Jahr engagiert dabei, das Festival mit seiner durch Klaus Widmann langj\u00e4hrig aufgebauten DNA kreativ in die Zukunft zu denken. Bei der Programmplanung ziehen Max von Pretz, Roberto Tubaro und Stefan Festini Cucco neue Quellen heran, setzen auf das international vernetzte Nehmen und Geben innerhalb einer dynamischen jungen Musikszene im Fokus steht. Mehr Gewicht bekommen \u00fcberregionale Kooperationen mit anderen Festivals, ebenso F\u00f6rderinstitutionen wie dem NICA-Artists-Netzwerk, was auf jeden Fall der gemeinsamen Sache, um die es geht, gut tut: Dem Engagment f\u00fcr eine vereinigte (Musik-) Kultur aller L\u00e4nder, um allen \u00e4u\u00dferen, \u00f6konomischen wie gesellschaftlichen Widerst\u00e4nden erfolgreich zu trotzen. Um Eigenst\u00e4ndigkeit braucht man sich auf dem S\u00fcdtirol-Festival keine Sorgen zu machen, lebt hier doch genug produktiver sozialer Kosmos, um aus Vorhandenem neue Verbindungen zu n\u00e4hren und vieles, so nicht f\u00fcr m\u00f6glich Gehaltene, entstehen zu lassen.<\/p>\n<h3><span style=\"font-size: 1.125rem;\">Gute Verbindungen<\/span><\/h3>\n<p>Davon hatte sich zum Beispiel auch die aus Russland stammende, in Leipzig lebende Pianistin und Keyboarderin Olga Reznichenko anstecken lassen, die sich in etlichen Besetzungen immer neu erfand. In der Band Crutches war sie beteiligt an einer h\u00f6chst plausiblen Fusion aus punkiger Attit\u00fcde und virtuosem musikalischen Aberwitz. So geht es, s\u00e4mtliche Schubladengrenzen von Jazz mit der Wucht einer Sprengladung niederzurei\u00dfen, auf dass dazu ausschweifend gefeiert werden darf von einem potenziell jungen Publikum, das jetzt nur noch kommen sollte, damit die Party losgeht.<\/p>\n<p>&nbsp;<\/p>\n<p>Was improvisierende Musikerinnen und Musiker aus dem Moment sch\u00f6pfen k\u00f6nnen, stellte ein Filmkonzert in Kooperation mit dem Bozener Filmclub unter Beweis. Saxophonist Daniel Erdmann, die impulsive Schlagzeugerin Francesca Remigi und nochmal Olga Reznichenko an ihrem Umh\u00e4nge-Keyboard improvisierten v\u00f6llig aus dem Stegreif heraus zum bildgewaltigen Action-Stummfilm \u201eMr Radio&#8220; aus dem Jahr 1924, in dem schon vor 100 Jahren alle Register eines opulenten Action-Kinos gezogen wurden. Die Rollenverteilung f\u00fcr die musikalische Interaktion des Trios ergab sich wie von selbst: Saxophonist Daniel Erdmann trieb in seinem Spiel die Emotionen fast schon leitmotivisch voran. Olga Reznichenko \u00fcbersetzte die Bilderflut des Films in eine schillernde Klangfarbenvielfalt, w\u00e4hrend Schlagzeugerin Francesca Remigi daf\u00fcr sorgte, dass jeder Kubikzentimeter des Raumes mit der ganzen dramatischen Energie der aberwitzigen Filmhandlung angef\u00fcllt war.<\/p>\n<h3>Kammermusikalische Kleinode und swingende Holzh\u00fctten<\/h3>\n<p>Viel leiser, aber mit kaum weniger kreativer Energie ging es bei einem Morgenkonzert in der am Unterst\u00fctzer-Netzwerk beteiligten Spirituosen-Brennerei Roner zu, als die amerikanische Theremin-Spielerin Pamela Stickney und der Gitarrist Peter Rom ein kammermusikalisches Kleinod schufen: Verbreitet das Spiel auf dem Theremin, das manchmal wie ein imagin\u00e4res, unsichtbares Saiteninstrument anmutet, ohnehin schon fast eine mystische Note, so \u00fcberw\u00e4ltigte das Duo mit einem impulsiven Kaleidoskop aus lyrischer Klangpoesie und zahlreichen Einfl\u00fcssen aus vielen Stilistiken. Als beide schlie\u00dflich in einem St\u00fcck von Olivier Messiaen \u201eankamen&#8220;, verk\u00f6rperte dies so viel \u00dcberzeugungskraft, als h\u00e4tte Messiaen genau dieses Duo mit diesem wundersamen elektrischen Instrument bei der Komposition seines St\u00fcckes im Sinne gehabt &#8211; welches aber im Original eine Vokalkomposition ist.<\/p>\n<div class=\"tiled-gallery type-rectangular tiled-gallery-unresized\" data-original-width=\"840\" data-carousel-extra='{&quot;blog_id&quot;:1,&quot;permalink&quot;:&quot;https:\\\/\\\/www.jazzzeitung.de\\\/cms\\\/2024\\\/07\\\/die-verwandlungskunst-hoert-nicht-auf-suedtirol-jazzfestival-alto-adige-2024\\\/&quot;,&quot;likes_blog_id&quot;:55446655}' itemscope itemtype=\"http:\/\/schema.org\/ImageGallery\" > <div class=\"gallery-row\" style=\"width: 840px; height: 376px;\" data-original-width=\"840\" data-original-height=\"376\" > <div class=\"gallery-group images-1\" style=\"width: 283px; height: 376px;\" data-original-width=\"283\" data-original-height=\"376\" > <div class=\"tiled-gallery-item tiled-gallery-item-large\" itemprop=\"associatedMedia\" itemscope itemtype=\"http:\/\/schema.org\/ImageObject\"> <a href=\"https:\/\/www.jazzzeitung.de\/cms\/2024\/07\/die-verwandlungskunst-hoert-nicht-auf-suedtirol-jazzfestival-alto-adige-2024\/seltsame-gitarre\/\" border=\"0\" itemprop=\"url\"> <meta itemprop=\"width\" content=\"279\"> <meta itemprop=\"height\" content=\"372\"> <img decoding=\"async\" class=\"\" data-attachment-id=\"31324\" data-orig-file=\"https:\/\/www.jazzzeitung.de\/cms\/wp-content\/uploads\/2024\/07\/seltsame-Gitarre-scaled.jpg\" data-orig-size=\"1920,2560\" data-comments-opened=\"1\" data-image-meta=\"{&quot;aperture&quot;:&quot;4&quot;,&quot;credit&quot;:&quot;&quot;,&quot;camera&quot;:&quot;DSC-RX100&quot;,&quot;caption&quot;:&quot;&quot;,&quot;created_timestamp&quot;:&quot;1331170380&quot;,&quot;copyright&quot;:&quot;&quot;,&quot;focal_length&quot;:&quot;24.11&quot;,&quot;iso&quot;:&quot;3200&quot;,&quot;shutter_speed&quot;:&quot;0.033333333333333&quot;,&quot;title&quot;:&quot;&quot;,&quot;orientation&quot;:&quot;1&quot;}\" data-image-title=\"seltsame Gitarre\" data-image-description=\"\" data-medium-file=\"https:\/\/i0.wp.com\/www.jazzzeitung.de\/cms\/wp-content\/uploads\/2024\/07\/seltsame-Gitarre-scaled.jpg?fit=225%2C300&#038;ssl=1\" data-large-file=\"https:\/\/i0.wp.com\/www.jazzzeitung.de\/cms\/wp-content\/uploads\/2024\/07\/seltsame-Gitarre-scaled.jpg?fit=450%2C600&#038;ssl=1\" src=\"https:\/\/i0.wp.com\/www.jazzzeitung.de\/cms\/wp-content\/uploads\/2024\/07\/seltsame-Gitarre-scaled.jpg?w=279&#038;h=372&#038;ssl=1\" srcset=\"https:\/\/i0.wp.com\/www.jazzzeitung.de\/cms\/wp-content\/uploads\/2024\/07\/seltsame-Gitarre-scaled.jpg?w=1920&amp;ssl=1 1920w, https:\/\/i0.wp.com\/www.jazzzeitung.de\/cms\/wp-content\/uploads\/2024\/07\/seltsame-Gitarre-scaled.jpg?resize=225%2C300&amp;ssl=1 225w, https:\/\/i0.wp.com\/www.jazzzeitung.de\/cms\/wp-content\/uploads\/2024\/07\/seltsame-Gitarre-scaled.jpg?resize=450%2C600&amp;ssl=1 450w, https:\/\/i0.wp.com\/www.jazzzeitung.de\/cms\/wp-content\/uploads\/2024\/07\/seltsame-Gitarre-scaled.jpg?resize=768%2C1024&amp;ssl=1 768w, https:\/\/i0.wp.com\/www.jazzzeitung.de\/cms\/wp-content\/uploads\/2024\/07\/seltsame-Gitarre-scaled.jpg?resize=1152%2C1536&amp;ssl=1 1152w, https:\/\/i0.wp.com\/www.jazzzeitung.de\/cms\/wp-content\/uploads\/2024\/07\/seltsame-Gitarre-scaled.jpg?resize=1536%2C2048&amp;ssl=1 1536w, https:\/\/i0.wp.com\/www.jazzzeitung.de\/cms\/wp-content\/uploads\/2024\/07\/seltsame-Gitarre-scaled.jpg?resize=1320%2C1760&amp;ssl=1 1320w, https:\/\/i0.wp.com\/www.jazzzeitung.de\/cms\/wp-content\/uploads\/2024\/07\/seltsame-Gitarre-scaled.jpg?w=1680&amp;ssl=1 1680w\" width=\"279\" height=\"372\" loading=\"lazy\" data-original-width=\"279\" data-original-height=\"372\" itemprop=\"http:\/\/schema.org\/image\" title=\"seltsame Gitarre\" alt=\"seltsame Gitarre\" style=\"width: 279px; height: 372px;\" \/> <\/a> <\/div> <\/div> <!-- close group --> <div class=\"gallery-group images-2\" style=\"width: 284px; height: 376px;\" data-original-width=\"284\" data-original-height=\"376\" > <div class=\"tiled-gallery-item tiled-gallery-item-large\" itemprop=\"associatedMedia\" itemscope itemtype=\"http:\/\/schema.org\/ImageObject\"> <a href=\"https:\/\/www.jazzzeitung.de\/cms\/2024\/07\/die-verwandlungskunst-hoert-nicht-auf-suedtirol-jazzfestival-alto-adige-2024\/scheune-am-rittnerhorn\/\" border=\"0\" itemprop=\"url\"> <meta itemprop=\"width\" content=\"280\"> <meta itemprop=\"height\" content=\"158\"> <img decoding=\"async\" class=\"\" data-attachment-id=\"31323\" data-orig-file=\"https:\/\/www.jazzzeitung.de\/cms\/wp-content\/uploads\/2024\/07\/Scheune-am-Rittnerhorn-scaled.jpg\" data-orig-size=\"2560,1441\" data-comments-opened=\"1\" data-image-meta=\"{&quot;aperture&quot;:&quot;8&quot;,&quot;credit&quot;:&quot;&quot;,&quot;camera&quot;:&quot;DSC-RX100&quot;,&quot;caption&quot;:&quot;&quot;,&quot;created_timestamp&quot;:&quot;1331212451&quot;,&quot;copyright&quot;:&quot;&quot;,&quot;focal_length&quot;:&quot;10.4&quot;,&quot;iso&quot;:&quot;3200&quot;,&quot;shutter_speed&quot;:&quot;0.0008&quot;,&quot;title&quot;:&quot;&quot;,&quot;orientation&quot;:&quot;1&quot;}\" data-image-title=\"Scheune am Rittnerhorn\" data-image-description=\"\" data-medium-file=\"https:\/\/i0.wp.com\/www.jazzzeitung.de\/cms\/wp-content\/uploads\/2024\/07\/Scheune-am-Rittnerhorn-scaled.jpg?fit=300%2C169&#038;ssl=1\" data-large-file=\"https:\/\/i0.wp.com\/www.jazzzeitung.de\/cms\/wp-content\/uploads\/2024\/07\/Scheune-am-Rittnerhorn-scaled.jpg?fit=840%2C473&#038;ssl=1\" src=\"https:\/\/i0.wp.com\/www.jazzzeitung.de\/cms\/wp-content\/uploads\/2024\/07\/Scheune-am-Rittnerhorn-scaled.jpg?w=280&#038;h=158&#038;ssl=1\" srcset=\"https:\/\/i0.wp.com\/www.jazzzeitung.de\/cms\/wp-content\/uploads\/2024\/07\/Scheune-am-Rittnerhorn-scaled.jpg?w=2560&amp;ssl=1 2560w, https:\/\/i0.wp.com\/www.jazzzeitung.de\/cms\/wp-content\/uploads\/2024\/07\/Scheune-am-Rittnerhorn-scaled.jpg?resize=300%2C169&amp;ssl=1 300w, https:\/\/i0.wp.com\/www.jazzzeitung.de\/cms\/wp-content\/uploads\/2024\/07\/Scheune-am-Rittnerhorn-scaled.jpg?resize=900%2C507&amp;ssl=1 900w, https:\/\/i0.wp.com\/www.jazzzeitung.de\/cms\/wp-content\/uploads\/2024\/07\/Scheune-am-Rittnerhorn-scaled.jpg?resize=768%2C432&amp;ssl=1 768w, https:\/\/i0.wp.com\/www.jazzzeitung.de\/cms\/wp-content\/uploads\/2024\/07\/Scheune-am-Rittnerhorn-scaled.jpg?resize=1536%2C865&amp;ssl=1 1536w, https:\/\/i0.wp.com\/www.jazzzeitung.de\/cms\/wp-content\/uploads\/2024\/07\/Scheune-am-Rittnerhorn-scaled.jpg?resize=2048%2C1153&amp;ssl=1 2048w, https:\/\/i0.wp.com\/www.jazzzeitung.de\/cms\/wp-content\/uploads\/2024\/07\/Scheune-am-Rittnerhorn-scaled.jpg?resize=1320%2C743&amp;ssl=1 1320w, https:\/\/i0.wp.com\/www.jazzzeitung.de\/cms\/wp-content\/uploads\/2024\/07\/Scheune-am-Rittnerhorn-scaled.jpg?w=1680&amp;ssl=1 1680w\" width=\"280\" height=\"158\" loading=\"lazy\" data-original-width=\"280\" data-original-height=\"158\" itemprop=\"http:\/\/schema.org\/image\" title=\"Scheune am Rittnerhorn\" alt=\"Scheune am Rittnerhorn\" style=\"width: 280px; height: 158px;\" \/> <\/a> <\/div> <div class=\"tiled-gallery-item tiled-gallery-item-large\" itemprop=\"associatedMedia\" itemscope itemtype=\"http:\/\/schema.org\/ImageObject\"> <a href=\"https:\/\/www.jazzzeitung.de\/cms\/2024\/07\/die-verwandlungskunst-hoert-nicht-auf-suedtirol-jazzfestival-alto-adige-2024\/ruth-goller3\/\" border=\"0\" itemprop=\"url\"> <meta itemprop=\"width\" content=\"280\"> <meta itemprop=\"height\" content=\"210\"> <img decoding=\"async\" class=\"\" data-attachment-id=\"31322\" data-orig-file=\"https:\/\/www.jazzzeitung.de\/cms\/wp-content\/uploads\/2024\/07\/Ruth-Goller3-scaled.jpg\" data-orig-size=\"2560,1920\" data-comments-opened=\"1\" data-image-meta=\"{&quot;aperture&quot;:&quot;5&quot;,&quot;credit&quot;:&quot;&quot;,&quot;camera&quot;:&quot;DSC-RX100&quot;,&quot;caption&quot;:&quot;&quot;,&quot;created_timestamp&quot;:&quot;1331259564&quot;,&quot;copyright&quot;:&quot;&quot;,&quot;focal_length&quot;:&quot;36.28&quot;,&quot;iso&quot;:&quot;3200&quot;,&quot;shutter_speed&quot;:&quot;0.025&quot;,&quot;title&quot;:&quot;&quot;,&quot;orientation&quot;:&quot;1&quot;}\" data-image-title=\"Ruth Goller3\" data-image-description=\"\" data-medium-file=\"https:\/\/i0.wp.com\/www.jazzzeitung.de\/cms\/wp-content\/uploads\/2024\/07\/Ruth-Goller3-scaled.jpg?fit=300%2C225&#038;ssl=1\" data-large-file=\"https:\/\/i0.wp.com\/www.jazzzeitung.de\/cms\/wp-content\/uploads\/2024\/07\/Ruth-Goller3-scaled.jpg?fit=800%2C600&#038;ssl=1\" src=\"https:\/\/i0.wp.com\/www.jazzzeitung.de\/cms\/wp-content\/uploads\/2024\/07\/Ruth-Goller3-scaled.jpg?w=280&#038;h=210&#038;ssl=1\" srcset=\"https:\/\/i0.wp.com\/www.jazzzeitung.de\/cms\/wp-content\/uploads\/2024\/07\/Ruth-Goller3-scaled.jpg?w=2560&amp;ssl=1 2560w, https:\/\/i0.wp.com\/www.jazzzeitung.de\/cms\/wp-content\/uploads\/2024\/07\/Ruth-Goller3-scaled.jpg?resize=300%2C225&amp;ssl=1 300w, https:\/\/i0.wp.com\/www.jazzzeitung.de\/cms\/wp-content\/uploads\/2024\/07\/Ruth-Goller3-scaled.jpg?resize=800%2C600&amp;ssl=1 800w, https:\/\/i0.wp.com\/www.jazzzeitung.de\/cms\/wp-content\/uploads\/2024\/07\/Ruth-Goller3-scaled.jpg?resize=768%2C576&amp;ssl=1 768w, https:\/\/i0.wp.com\/www.jazzzeitung.de\/cms\/wp-content\/uploads\/2024\/07\/Ruth-Goller3-scaled.jpg?resize=1536%2C1152&amp;ssl=1 1536w, https:\/\/i0.wp.com\/www.jazzzeitung.de\/cms\/wp-content\/uploads\/2024\/07\/Ruth-Goller3-scaled.jpg?resize=2048%2C1536&amp;ssl=1 2048w, https:\/\/i0.wp.com\/www.jazzzeitung.de\/cms\/wp-content\/uploads\/2024\/07\/Ruth-Goller3-scaled.jpg?resize=1320%2C990&amp;ssl=1 1320w, https:\/\/i0.wp.com\/www.jazzzeitung.de\/cms\/wp-content\/uploads\/2024\/07\/Ruth-Goller3-scaled.jpg?w=1680&amp;ssl=1 1680w\" width=\"280\" height=\"210\" loading=\"lazy\" data-original-width=\"280\" data-original-height=\"210\" itemprop=\"http:\/\/schema.org\/image\" title=\"Ruth Goller3\" alt=\"Ruth Goller3\" style=\"width: 280px; height: 210px;\" \/> <\/a> <\/div> <\/div> <!-- close group --> <div class=\"gallery-group images-1\" style=\"width: 273px; height: 376px;\" data-original-width=\"273\" data-original-height=\"376\" > <div class=\"tiled-gallery-item tiled-gallery-item-large\" itemprop=\"associatedMedia\" itemscope itemtype=\"http:\/\/schema.org\/ImageObject\"> <a href=\"https:\/\/www.jazzzeitung.de\/cms\/2024\/07\/die-verwandlungskunst-hoert-nicht-auf-suedtirol-jazzfestival-alto-adige-2024\/ruth-goller2\/\" border=\"0\" itemprop=\"url\"> <meta itemprop=\"width\" content=\"269\"> <meta itemprop=\"height\" content=\"372\"> <img decoding=\"async\" class=\"\" data-attachment-id=\"31321\" data-orig-file=\"https:\/\/www.jazzzeitung.de\/cms\/wp-content\/uploads\/2024\/07\/Ruth-Goller2-scaled.jpg\" data-orig-size=\"1849,2560\" data-comments-opened=\"1\" data-image-meta=\"{&quot;aperture&quot;:&quot;5&quot;,&quot;credit&quot;:&quot;&quot;,&quot;camera&quot;:&quot;DSC-RX100&quot;,&quot;caption&quot;:&quot;&quot;,&quot;created_timestamp&quot;:&quot;1331260128&quot;,&quot;copyright&quot;:&quot;&quot;,&quot;focal_length&quot;:&quot;24.7&quot;,&quot;iso&quot;:&quot;3200&quot;,&quot;shutter_speed&quot;:&quot;0.033333333333333&quot;,&quot;title&quot;:&quot;&quot;,&quot;orientation&quot;:&quot;1&quot;}\" data-image-title=\"Ruth Goller2\" data-image-description=\"\" data-medium-file=\"https:\/\/i0.wp.com\/www.jazzzeitung.de\/cms\/wp-content\/uploads\/2024\/07\/Ruth-Goller2-scaled.jpg?fit=217%2C300&#038;ssl=1\" data-large-file=\"https:\/\/i0.wp.com\/www.jazzzeitung.de\/cms\/wp-content\/uploads\/2024\/07\/Ruth-Goller2-scaled.jpg?fit=433%2C600&#038;ssl=1\" src=\"https:\/\/i0.wp.com\/www.jazzzeitung.de\/cms\/wp-content\/uploads\/2024\/07\/Ruth-Goller2-scaled.jpg?w=269&#038;h=372&#038;ssl=1\" srcset=\"https:\/\/i0.wp.com\/www.jazzzeitung.de\/cms\/wp-content\/uploads\/2024\/07\/Ruth-Goller2-scaled.jpg?w=1849&amp;ssl=1 1849w, https:\/\/i0.wp.com\/www.jazzzeitung.de\/cms\/wp-content\/uploads\/2024\/07\/Ruth-Goller2-scaled.jpg?resize=217%2C300&amp;ssl=1 217w, https:\/\/i0.wp.com\/www.jazzzeitung.de\/cms\/wp-content\/uploads\/2024\/07\/Ruth-Goller2-scaled.jpg?resize=433%2C600&amp;ssl=1 433w, https:\/\/i0.wp.com\/www.jazzzeitung.de\/cms\/wp-content\/uploads\/2024\/07\/Ruth-Goller2-scaled.jpg?resize=768%2C1063&amp;ssl=1 768w, https:\/\/i0.wp.com\/www.jazzzeitung.de\/cms\/wp-content\/uploads\/2024\/07\/Ruth-Goller2-scaled.jpg?resize=1110%2C1536&amp;ssl=1 1110w, https:\/\/i0.wp.com\/www.jazzzeitung.de\/cms\/wp-content\/uploads\/2024\/07\/Ruth-Goller2-scaled.jpg?resize=1479%2C2048&amp;ssl=1 1479w, https:\/\/i0.wp.com\/www.jazzzeitung.de\/cms\/wp-content\/uploads\/2024\/07\/Ruth-Goller2-scaled.jpg?resize=1320%2C1827&amp;ssl=1 1320w, https:\/\/i0.wp.com\/www.jazzzeitung.de\/cms\/wp-content\/uploads\/2024\/07\/Ruth-Goller2-scaled.jpg?w=1680&amp;ssl=1 1680w\" width=\"269\" height=\"372\" loading=\"lazy\" data-original-width=\"269\" data-original-height=\"372\" itemprop=\"http:\/\/schema.org\/image\" title=\"Ruth Goller2\" alt=\"Ruth Goller2\" style=\"width: 269px; height: 372px;\" \/> <\/a> <\/div> <\/div> <!-- close group --> <\/div> <!-- close row --> <div class=\"gallery-row\" style=\"width: 840px; height: 421px;\" data-original-width=\"840\" data-original-height=\"421\" > <div class=\"gallery-group images-1\" style=\"width: 560px; height: 421px;\" data-original-width=\"560\" data-original-height=\"421\" > <div class=\"tiled-gallery-item tiled-gallery-item-large\" itemprop=\"associatedMedia\" itemscope itemtype=\"http:\/\/schema.org\/ImageObject\"> <a href=\"https:\/\/www.jazzzeitung.de\/cms\/2024\/07\/die-verwandlungskunst-hoert-nicht-auf-suedtirol-jazzfestival-alto-adige-2024\/peter-rom\/\" border=\"0\" itemprop=\"url\"> <meta itemprop=\"width\" content=\"556\"> <meta itemprop=\"height\" content=\"417\"> <img decoding=\"async\" class=\"\" data-attachment-id=\"31320\" data-orig-file=\"https:\/\/www.jazzzeitung.de\/cms\/wp-content\/uploads\/2024\/07\/Peter-Rom-scaled.jpg\" data-orig-size=\"2560,1920\" data-comments-opened=\"1\" data-image-meta=\"{&quot;aperture&quot;:&quot;4.5&quot;,&quot;credit&quot;:&quot;&quot;,&quot;camera&quot;:&quot;DSC-RX100&quot;,&quot;caption&quot;:&quot;&quot;,&quot;created_timestamp&quot;:&quot;1330954970&quot;,&quot;copyright&quot;:&quot;&quot;,&quot;focal_length&quot;:&quot;33.2&quot;,&quot;iso&quot;:&quot;2000&quot;,&quot;shutter_speed&quot;:&quot;0.01&quot;,&quot;title&quot;:&quot;&quot;,&quot;orientation&quot;:&quot;1&quot;}\" data-image-title=\"Peter Rom\" data-image-description=\"\" data-medium-file=\"https:\/\/i0.wp.com\/www.jazzzeitung.de\/cms\/wp-content\/uploads\/2024\/07\/Peter-Rom-scaled.jpg?fit=300%2C225&#038;ssl=1\" data-large-file=\"https:\/\/i0.wp.com\/www.jazzzeitung.de\/cms\/wp-content\/uploads\/2024\/07\/Peter-Rom-scaled.jpg?fit=800%2C600&#038;ssl=1\" src=\"https:\/\/i0.wp.com\/www.jazzzeitung.de\/cms\/wp-content\/uploads\/2024\/07\/Peter-Rom-scaled.jpg?w=556&#038;h=417&#038;ssl=1\" srcset=\"https:\/\/i0.wp.com\/www.jazzzeitung.de\/cms\/wp-content\/uploads\/2024\/07\/Peter-Rom-scaled.jpg?w=2560&amp;ssl=1 2560w, https:\/\/i0.wp.com\/www.jazzzeitung.de\/cms\/wp-content\/uploads\/2024\/07\/Peter-Rom-scaled.jpg?resize=300%2C225&amp;ssl=1 300w, https:\/\/i0.wp.com\/www.jazzzeitung.de\/cms\/wp-content\/uploads\/2024\/07\/Peter-Rom-scaled.jpg?resize=800%2C600&amp;ssl=1 800w, https:\/\/i0.wp.com\/www.jazzzeitung.de\/cms\/wp-content\/uploads\/2024\/07\/Peter-Rom-scaled.jpg?resize=768%2C576&amp;ssl=1 768w, https:\/\/i0.wp.com\/www.jazzzeitung.de\/cms\/wp-content\/uploads\/2024\/07\/Peter-Rom-scaled.jpg?resize=1536%2C1152&amp;ssl=1 1536w, https:\/\/i0.wp.com\/www.jazzzeitung.de\/cms\/wp-content\/uploads\/2024\/07\/Peter-Rom-scaled.jpg?resize=2048%2C1536&amp;ssl=1 2048w, https:\/\/i0.wp.com\/www.jazzzeitung.de\/cms\/wp-content\/uploads\/2024\/07\/Peter-Rom-scaled.jpg?resize=1320%2C990&amp;ssl=1 1320w, https:\/\/i0.wp.com\/www.jazzzeitung.de\/cms\/wp-content\/uploads\/2024\/07\/Peter-Rom-scaled.jpg?w=1680&amp;ssl=1 1680w\" width=\"556\" height=\"417\" loading=\"lazy\" data-original-width=\"556\" data-original-height=\"417\" itemprop=\"http:\/\/schema.org\/image\" title=\"Peter Rom\" alt=\"Peter Rom\" style=\"width: 556px; height: 417px;\" \/> <\/a> <\/div> <\/div> <!-- close group --> <div class=\"gallery-group images-2\" style=\"width: 280px; height: 421px;\" data-original-width=\"280\" data-original-height=\"421\" > <div class=\"tiled-gallery-item tiled-gallery-item-large\" itemprop=\"associatedMedia\" itemscope itemtype=\"http:\/\/schema.org\/ImageObject\"> <a href=\"https:\/\/www.jazzzeitung.de\/cms\/2024\/07\/die-verwandlungskunst-hoert-nicht-auf-suedtirol-jazzfestival-alto-adige-2024\/pamela-stickney\/\" border=\"0\" itemprop=\"url\"> <meta itemprop=\"width\" content=\"276\"> <meta itemprop=\"height\" content=\"207\"> <img decoding=\"async\" class=\"\" data-attachment-id=\"31319\" data-orig-file=\"https:\/\/www.jazzzeitung.de\/cms\/wp-content\/uploads\/2024\/07\/Pamela-Stickney-scaled.jpg\" data-orig-size=\"2560,1920\" data-comments-opened=\"1\" data-image-meta=\"{&quot;aperture&quot;:&quot;4.9&quot;,&quot;credit&quot;:&quot;&quot;,&quot;camera&quot;:&quot;DSC-RX100&quot;,&quot;caption&quot;:&quot;&quot;,&quot;created_timestamp&quot;:&quot;1330954522&quot;,&quot;copyright&quot;:&quot;&quot;,&quot;focal_length&quot;:&quot;37.1&quot;,&quot;iso&quot;:&quot;3200&quot;,&quot;shutter_speed&quot;:&quot;0.01&quot;,&quot;title&quot;:&quot;&quot;,&quot;orientation&quot;:&quot;1&quot;}\" data-image-title=\"Pamela Stickney\" data-image-description=\"\" data-medium-file=\"https:\/\/i0.wp.com\/www.jazzzeitung.de\/cms\/wp-content\/uploads\/2024\/07\/Pamela-Stickney-scaled.jpg?fit=300%2C225&#038;ssl=1\" data-large-file=\"https:\/\/i0.wp.com\/www.jazzzeitung.de\/cms\/wp-content\/uploads\/2024\/07\/Pamela-Stickney-scaled.jpg?fit=800%2C600&#038;ssl=1\" src=\"https:\/\/i0.wp.com\/www.jazzzeitung.de\/cms\/wp-content\/uploads\/2024\/07\/Pamela-Stickney-scaled.jpg?w=276&#038;h=207&#038;ssl=1\" srcset=\"https:\/\/i0.wp.com\/www.jazzzeitung.de\/cms\/wp-content\/uploads\/2024\/07\/Pamela-Stickney-scaled.jpg?w=2560&amp;ssl=1 2560w, https:\/\/i0.wp.com\/www.jazzzeitung.de\/cms\/wp-content\/uploads\/2024\/07\/Pamela-Stickney-scaled.jpg?resize=300%2C225&amp;ssl=1 300w, https:\/\/i0.wp.com\/www.jazzzeitung.de\/cms\/wp-content\/uploads\/2024\/07\/Pamela-Stickney-scaled.jpg?resize=800%2C600&amp;ssl=1 800w, https:\/\/i0.wp.com\/www.jazzzeitung.de\/cms\/wp-content\/uploads\/2024\/07\/Pamela-Stickney-scaled.jpg?resize=768%2C576&amp;ssl=1 768w, https:\/\/i0.wp.com\/www.jazzzeitung.de\/cms\/wp-content\/uploads\/2024\/07\/Pamela-Stickney-scaled.jpg?resize=1536%2C1152&amp;ssl=1 1536w, https:\/\/i0.wp.com\/www.jazzzeitung.de\/cms\/wp-content\/uploads\/2024\/07\/Pamela-Stickney-scaled.jpg?resize=2048%2C1536&amp;ssl=1 2048w, https:\/\/i0.wp.com\/www.jazzzeitung.de\/cms\/wp-content\/uploads\/2024\/07\/Pamela-Stickney-scaled.jpg?resize=1320%2C990&amp;ssl=1 1320w, https:\/\/i0.wp.com\/www.jazzzeitung.de\/cms\/wp-content\/uploads\/2024\/07\/Pamela-Stickney-scaled.jpg?w=1680&amp;ssl=1 1680w\" width=\"276\" height=\"207\" loading=\"lazy\" data-original-width=\"276\" data-original-height=\"207\" itemprop=\"http:\/\/schema.org\/image\" title=\"Pamela Stickney\" alt=\"Pamela Stickney\" style=\"width: 276px; height: 207px;\" \/> <\/a> <\/div> <div class=\"tiled-gallery-item tiled-gallery-item-large\" itemprop=\"associatedMedia\" itemscope itemtype=\"http:\/\/schema.org\/ImageObject\"> <a href=\"https:\/\/www.jazzzeitung.de\/cms\/2024\/07\/die-verwandlungskunst-hoert-nicht-auf-suedtirol-jazzfestival-alto-adige-2024\/olga-reznichenko2\/\" border=\"0\" itemprop=\"url\"> <meta itemprop=\"width\" content=\"276\"> <meta itemprop=\"height\" content=\"206\"> <img decoding=\"async\" class=\"\" data-attachment-id=\"31318\" data-orig-file=\"https:\/\/www.jazzzeitung.de\/cms\/wp-content\/uploads\/2024\/07\/Olga-Reznichenko2-scaled.jpg\" data-orig-size=\"2560,1920\" data-comments-opened=\"1\" data-image-meta=\"{&quot;aperture&quot;:&quot;4.9&quot;,&quot;credit&quot;:&quot;&quot;,&quot;camera&quot;:&quot;DSC-RX100&quot;,&quot;caption&quot;:&quot;&quot;,&quot;created_timestamp&quot;:&quot;1331164341&quot;,&quot;copyright&quot;:&quot;&quot;,&quot;focal_length&quot;:&quot;36.84&quot;,&quot;iso&quot;:&quot;3200&quot;,&quot;shutter_speed&quot;:&quot;0.01&quot;,&quot;title&quot;:&quot;&quot;,&quot;orientation&quot;:&quot;1&quot;}\" data-image-title=\"Olga Reznichenko2\" data-image-description=\"\" data-medium-file=\"https:\/\/i0.wp.com\/www.jazzzeitung.de\/cms\/wp-content\/uploads\/2024\/07\/Olga-Reznichenko2-scaled.jpg?fit=300%2C225&#038;ssl=1\" data-large-file=\"https:\/\/i0.wp.com\/www.jazzzeitung.de\/cms\/wp-content\/uploads\/2024\/07\/Olga-Reznichenko2-scaled.jpg?fit=800%2C600&#038;ssl=1\" src=\"https:\/\/i0.wp.com\/www.jazzzeitung.de\/cms\/wp-content\/uploads\/2024\/07\/Olga-Reznichenko2-scaled.jpg?w=276&#038;h=206&#038;ssl=1\" srcset=\"https:\/\/i0.wp.com\/www.jazzzeitung.de\/cms\/wp-content\/uploads\/2024\/07\/Olga-Reznichenko2-scaled.jpg?w=2560&amp;ssl=1 2560w, https:\/\/i0.wp.com\/www.jazzzeitung.de\/cms\/wp-content\/uploads\/2024\/07\/Olga-Reznichenko2-scaled.jpg?resize=300%2C225&amp;ssl=1 300w, https:\/\/i0.wp.com\/www.jazzzeitung.de\/cms\/wp-content\/uploads\/2024\/07\/Olga-Reznichenko2-scaled.jpg?resize=800%2C600&amp;ssl=1 800w, https:\/\/i0.wp.com\/www.jazzzeitung.de\/cms\/wp-content\/uploads\/2024\/07\/Olga-Reznichenko2-scaled.jpg?resize=768%2C576&amp;ssl=1 768w, https:\/\/i0.wp.com\/www.jazzzeitung.de\/cms\/wp-content\/uploads\/2024\/07\/Olga-Reznichenko2-scaled.jpg?resize=1536%2C1152&amp;ssl=1 1536w, https:\/\/i0.wp.com\/www.jazzzeitung.de\/cms\/wp-content\/uploads\/2024\/07\/Olga-Reznichenko2-scaled.jpg?resize=2048%2C1536&amp;ssl=1 2048w, https:\/\/i0.wp.com\/www.jazzzeitung.de\/cms\/wp-content\/uploads\/2024\/07\/Olga-Reznichenko2-scaled.jpg?resize=1320%2C990&amp;ssl=1 1320w, https:\/\/i0.wp.com\/www.jazzzeitung.de\/cms\/wp-content\/uploads\/2024\/07\/Olga-Reznichenko2-scaled.jpg?w=1680&amp;ssl=1 1680w\" width=\"276\" height=\"206\" loading=\"lazy\" data-original-width=\"276\" data-original-height=\"206\" itemprop=\"http:\/\/schema.org\/image\" title=\"Olga Reznichenko2\" alt=\"Olga Reznichenko2\" style=\"width: 276px; height: 206px;\" \/> <\/a> <\/div> <\/div> <!-- close group --> <\/div> <!-- close row --> <div class=\"gallery-row\" style=\"width: 840px; height: 514px;\" data-original-width=\"840\" data-original-height=\"514\" > <div class=\"gallery-group images-2\" style=\"width: 453px; height: 514px;\" data-original-width=\"453\" data-original-height=\"514\" > <div class=\"tiled-gallery-item tiled-gallery-item-large\" itemprop=\"associatedMedia\" itemscope itemtype=\"http:\/\/schema.org\/ImageObject\"> <a href=\"https:\/\/www.jazzzeitung.de\/cms\/2024\/07\/die-verwandlungskunst-hoert-nicht-auf-suedtirol-jazzfestival-alto-adige-2024\/olga-reznichenko\/\" border=\"0\" itemprop=\"url\"> <meta itemprop=\"width\" content=\"449\"> <meta itemprop=\"height\" content=\"253\"> <img decoding=\"async\" class=\"\" data-attachment-id=\"31317\" data-orig-file=\"https:\/\/www.jazzzeitung.de\/cms\/wp-content\/uploads\/2024\/07\/Olga-Reznichenko-scaled.jpg\" data-orig-size=\"2560,1441\" data-comments-opened=\"1\" data-image-meta=\"{&quot;aperture&quot;:&quot;4.9&quot;,&quot;credit&quot;:&quot;&quot;,&quot;camera&quot;:&quot;DSC-RX100&quot;,&quot;caption&quot;:&quot;&quot;,&quot;created_timestamp&quot;:&quot;1331129873&quot;,&quot;copyright&quot;:&quot;&quot;,&quot;focal_length&quot;:&quot;37.1&quot;,&quot;iso&quot;:&quot;320&quot;,&quot;shutter_speed&quot;:&quot;0.01&quot;,&quot;title&quot;:&quot;&quot;,&quot;orientation&quot;:&quot;1&quot;}\" data-image-title=\"Olga Reznichenko\" data-image-description=\"\" data-medium-file=\"https:\/\/i0.wp.com\/www.jazzzeitung.de\/cms\/wp-content\/uploads\/2024\/07\/Olga-Reznichenko-scaled.jpg?fit=300%2C169&#038;ssl=1\" data-large-file=\"https:\/\/i0.wp.com\/www.jazzzeitung.de\/cms\/wp-content\/uploads\/2024\/07\/Olga-Reznichenko-scaled.jpg?fit=840%2C473&#038;ssl=1\" src=\"https:\/\/i0.wp.com\/www.jazzzeitung.de\/cms\/wp-content\/uploads\/2024\/07\/Olga-Reznichenko-scaled.jpg?w=449&#038;h=253&#038;ssl=1\" srcset=\"https:\/\/i0.wp.com\/www.jazzzeitung.de\/cms\/wp-content\/uploads\/2024\/07\/Olga-Reznichenko-scaled.jpg?w=2560&amp;ssl=1 2560w, https:\/\/i0.wp.com\/www.jazzzeitung.de\/cms\/wp-content\/uploads\/2024\/07\/Olga-Reznichenko-scaled.jpg?resize=300%2C169&amp;ssl=1 300w, https:\/\/i0.wp.com\/www.jazzzeitung.de\/cms\/wp-content\/uploads\/2024\/07\/Olga-Reznichenko-scaled.jpg?resize=900%2C507&amp;ssl=1 900w, https:\/\/i0.wp.com\/www.jazzzeitung.de\/cms\/wp-content\/uploads\/2024\/07\/Olga-Reznichenko-scaled.jpg?resize=768%2C432&amp;ssl=1 768w, https:\/\/i0.wp.com\/www.jazzzeitung.de\/cms\/wp-content\/uploads\/2024\/07\/Olga-Reznichenko-scaled.jpg?resize=1536%2C865&amp;ssl=1 1536w, https:\/\/i0.wp.com\/www.jazzzeitung.de\/cms\/wp-content\/uploads\/2024\/07\/Olga-Reznichenko-scaled.jpg?resize=2048%2C1153&amp;ssl=1 2048w, https:\/\/i0.wp.com\/www.jazzzeitung.de\/cms\/wp-content\/uploads\/2024\/07\/Olga-Reznichenko-scaled.jpg?resize=1320%2C743&amp;ssl=1 1320w, https:\/\/i0.wp.com\/www.jazzzeitung.de\/cms\/wp-content\/uploads\/2024\/07\/Olga-Reznichenko-scaled.jpg?w=1680&amp;ssl=1 1680w\" width=\"449\" height=\"253\" loading=\"lazy\" data-original-width=\"449\" data-original-height=\"253\" itemprop=\"http:\/\/schema.org\/image\" title=\"Olga Reznichenko\" alt=\"Olga Reznichenko\" style=\"width: 449px; height: 253px;\" \/> <\/a> <\/div> <div class=\"tiled-gallery-item tiled-gallery-item-large\" itemprop=\"associatedMedia\" itemscope itemtype=\"http:\/\/schema.org\/ImageObject\"> <a href=\"https:\/\/www.jazzzeitung.de\/cms\/2024\/07\/die-verwandlungskunst-hoert-nicht-auf-suedtirol-jazzfestival-alto-adige-2024\/olga-reznichenko-trio\/\" border=\"0\" itemprop=\"url\"> <meta itemprop=\"width\" content=\"449\"> <meta itemprop=\"height\" content=\"253\"> <img decoding=\"async\" class=\"\" data-attachment-id=\"31316\" data-orig-file=\"https:\/\/www.jazzzeitung.de\/cms\/wp-content\/uploads\/2024\/07\/Olga-Reznichenko-Trio-scaled.jpg\" data-orig-size=\"2560,1441\" data-comments-opened=\"1\" data-image-meta=\"{&quot;aperture&quot;:&quot;4.9&quot;,&quot;credit&quot;:&quot;&quot;,&quot;camera&quot;:&quot;DSC-RX100&quot;,&quot;caption&quot;:&quot;&quot;,&quot;created_timestamp&quot;:&quot;1331129701&quot;,&quot;copyright&quot;:&quot;&quot;,&quot;focal_length&quot;:&quot;37.1&quot;,&quot;iso&quot;:&quot;320&quot;,&quot;shutter_speed&quot;:&quot;0.01&quot;,&quot;title&quot;:&quot;&quot;,&quot;orientation&quot;:&quot;1&quot;}\" data-image-title=\"Olga Reznichenko Trio\" data-image-description=\"\" data-medium-file=\"https:\/\/i0.wp.com\/www.jazzzeitung.de\/cms\/wp-content\/uploads\/2024\/07\/Olga-Reznichenko-Trio-scaled.jpg?fit=300%2C169&#038;ssl=1\" data-large-file=\"https:\/\/i0.wp.com\/www.jazzzeitung.de\/cms\/wp-content\/uploads\/2024\/07\/Olga-Reznichenko-Trio-scaled.jpg?fit=840%2C473&#038;ssl=1\" src=\"https:\/\/i0.wp.com\/www.jazzzeitung.de\/cms\/wp-content\/uploads\/2024\/07\/Olga-Reznichenko-Trio-scaled.jpg?w=449&#038;h=253&#038;ssl=1\" srcset=\"https:\/\/i0.wp.com\/www.jazzzeitung.de\/cms\/wp-content\/uploads\/2024\/07\/Olga-Reznichenko-Trio-scaled.jpg?w=2560&amp;ssl=1 2560w, https:\/\/i0.wp.com\/www.jazzzeitung.de\/cms\/wp-content\/uploads\/2024\/07\/Olga-Reznichenko-Trio-scaled.jpg?resize=300%2C169&amp;ssl=1 300w, https:\/\/i0.wp.com\/www.jazzzeitung.de\/cms\/wp-content\/uploads\/2024\/07\/Olga-Reznichenko-Trio-scaled.jpg?resize=900%2C507&amp;ssl=1 900w, https:\/\/i0.wp.com\/www.jazzzeitung.de\/cms\/wp-content\/uploads\/2024\/07\/Olga-Reznichenko-Trio-scaled.jpg?resize=768%2C432&amp;ssl=1 768w, https:\/\/i0.wp.com\/www.jazzzeitung.de\/cms\/wp-content\/uploads\/2024\/07\/Olga-Reznichenko-Trio-scaled.jpg?resize=1536%2C865&amp;ssl=1 1536w, https:\/\/i0.wp.com\/www.jazzzeitung.de\/cms\/wp-content\/uploads\/2024\/07\/Olga-Reznichenko-Trio-scaled.jpg?resize=2048%2C1153&amp;ssl=1 2048w, https:\/\/i0.wp.com\/www.jazzzeitung.de\/cms\/wp-content\/uploads\/2024\/07\/Olga-Reznichenko-Trio-scaled.jpg?resize=1320%2C743&amp;ssl=1 1320w, https:\/\/i0.wp.com\/www.jazzzeitung.de\/cms\/wp-content\/uploads\/2024\/07\/Olga-Reznichenko-Trio-scaled.jpg?w=1680&amp;ssl=1 1680w\" width=\"449\" height=\"253\" loading=\"lazy\" data-original-width=\"449\" data-original-height=\"253\" itemprop=\"http:\/\/schema.org\/image\" title=\"Olga Reznichenko Trio\" alt=\"Olga Reznichenko Trio\" style=\"width: 449px; height: 253px;\" \/> <\/a> <\/div> <\/div> <!-- close group --> <div class=\"gallery-group images-1\" style=\"width: 387px; height: 514px;\" data-original-width=\"387\" data-original-height=\"514\" > <div class=\"tiled-gallery-item tiled-gallery-item-large\" itemprop=\"associatedMedia\" itemscope itemtype=\"http:\/\/schema.org\/ImageObject\"> <a href=\"https:\/\/www.jazzzeitung.de\/cms\/2024\/07\/die-verwandlungskunst-hoert-nicht-auf-suedtirol-jazzfestival-alto-adige-2024\/nils-kugelmann\/\" border=\"0\" itemprop=\"url\"> <meta itemprop=\"width\" content=\"383\"> <meta itemprop=\"height\" content=\"510\"> <img decoding=\"async\" class=\"\" data-attachment-id=\"31315\" data-orig-file=\"https:\/\/www.jazzzeitung.de\/cms\/wp-content\/uploads\/2024\/07\/Nils-Kugelmann-scaled.jpg\" data-orig-size=\"1920,2560\" data-comments-opened=\"1\" data-image-meta=\"{&quot;aperture&quot;:&quot;4.9&quot;,&quot;credit&quot;:&quot;&quot;,&quot;camera&quot;:&quot;DSC-RX100&quot;,&quot;caption&quot;:&quot;&quot;,&quot;created_timestamp&quot;:&quot;1331154949&quot;,&quot;copyright&quot;:&quot;&quot;,&quot;focal_length&quot;:&quot;37.1&quot;,&quot;iso&quot;:&quot;320&quot;,&quot;shutter_speed&quot;:&quot;0.01&quot;,&quot;title&quot;:&quot;&quot;,&quot;orientation&quot;:&quot;1&quot;}\" data-image-title=\"Nils Kugelmann\" data-image-description=\"\" data-medium-file=\"https:\/\/i0.wp.com\/www.jazzzeitung.de\/cms\/wp-content\/uploads\/2024\/07\/Nils-Kugelmann-scaled.jpg?fit=225%2C300&#038;ssl=1\" data-large-file=\"https:\/\/i0.wp.com\/www.jazzzeitung.de\/cms\/wp-content\/uploads\/2024\/07\/Nils-Kugelmann-scaled.jpg?fit=450%2C600&#038;ssl=1\" src=\"https:\/\/i0.wp.com\/www.jazzzeitung.de\/cms\/wp-content\/uploads\/2024\/07\/Nils-Kugelmann-scaled.jpg?w=383&#038;h=510&#038;ssl=1\" srcset=\"https:\/\/i0.wp.com\/www.jazzzeitung.de\/cms\/wp-content\/uploads\/2024\/07\/Nils-Kugelmann-scaled.jpg?w=1920&amp;ssl=1 1920w, https:\/\/i0.wp.com\/www.jazzzeitung.de\/cms\/wp-content\/uploads\/2024\/07\/Nils-Kugelmann-scaled.jpg?resize=225%2C300&amp;ssl=1 225w, https:\/\/i0.wp.com\/www.jazzzeitung.de\/cms\/wp-content\/uploads\/2024\/07\/Nils-Kugelmann-scaled.jpg?resize=450%2C600&amp;ssl=1 450w, https:\/\/i0.wp.com\/www.jazzzeitung.de\/cms\/wp-content\/uploads\/2024\/07\/Nils-Kugelmann-scaled.jpg?resize=768%2C1024&amp;ssl=1 768w, https:\/\/i0.wp.com\/www.jazzzeitung.de\/cms\/wp-content\/uploads\/2024\/07\/Nils-Kugelmann-scaled.jpg?resize=1152%2C1536&amp;ssl=1 1152w, https:\/\/i0.wp.com\/www.jazzzeitung.de\/cms\/wp-content\/uploads\/2024\/07\/Nils-Kugelmann-scaled.jpg?resize=1536%2C2048&amp;ssl=1 1536w, https:\/\/i0.wp.com\/www.jazzzeitung.de\/cms\/wp-content\/uploads\/2024\/07\/Nils-Kugelmann-scaled.jpg?resize=1320%2C1760&amp;ssl=1 1320w, https:\/\/i0.wp.com\/www.jazzzeitung.de\/cms\/wp-content\/uploads\/2024\/07\/Nils-Kugelmann-scaled.jpg?w=1680&amp;ssl=1 1680w\" width=\"383\" height=\"510\" loading=\"lazy\" data-original-width=\"383\" data-original-height=\"510\" itemprop=\"http:\/\/schema.org\/image\" title=\"Nils Kugelmann\" alt=\"Nils Kugelmann\" style=\"width: 383px; height: 510px;\" \/> <\/a> <\/div> <\/div> <!-- close group --> <\/div> <!-- close row --> <div class=\"gallery-row\" style=\"width: 840px; height: 527px;\" data-original-width=\"840\" data-original-height=\"527\" > <div class=\"gallery-group images-1\" style=\"width: 444px; height: 527px;\" data-original-width=\"444\" data-original-height=\"527\" > <div class=\"tiled-gallery-item tiled-gallery-item-large\" itemprop=\"associatedMedia\" itemscope itemtype=\"http:\/\/schema.org\/ImageObject\"> <a href=\"https:\/\/www.jazzzeitung.de\/cms\/2024\/07\/die-verwandlungskunst-hoert-nicht-auf-suedtirol-jazzfestival-alto-adige-2024\/nicolaus-dolp-cristian-eberle\/\" border=\"0\" itemprop=\"url\"> <meta itemprop=\"width\" content=\"440\"> <meta itemprop=\"height\" content=\"523\"> <img decoding=\"async\" class=\"\" data-attachment-id=\"31314\" data-orig-file=\"https:\/\/www.jazzzeitung.de\/cms\/wp-content\/uploads\/2024\/07\/Nicolaus-Dolp-Cristian-Eberle-scaled.jpg\" data-orig-size=\"2155,2560\" data-comments-opened=\"1\" data-image-meta=\"{&quot;aperture&quot;:&quot;4.5&quot;,&quot;credit&quot;:&quot;&quot;,&quot;camera&quot;:&quot;DSC-RX100&quot;,&quot;caption&quot;:&quot;&quot;,&quot;created_timestamp&quot;:&quot;1331250928&quot;,&quot;copyright&quot;:&quot;&quot;,&quot;focal_length&quot;:&quot;33.2&quot;,&quot;iso&quot;:&quot;3200&quot;,&quot;shutter_speed&quot;:&quot;0.02&quot;,&quot;title&quot;:&quot;&quot;,&quot;orientation&quot;:&quot;1&quot;}\" data-image-title=\"Nicolaus Dolp, Cristian Eberle\" data-image-description=\"\" data-medium-file=\"https:\/\/i0.wp.com\/www.jazzzeitung.de\/cms\/wp-content\/uploads\/2024\/07\/Nicolaus-Dolp-Cristian-Eberle-scaled.jpg?fit=252%2C300&#038;ssl=1\" data-large-file=\"https:\/\/i0.wp.com\/www.jazzzeitung.de\/cms\/wp-content\/uploads\/2024\/07\/Nicolaus-Dolp-Cristian-Eberle-scaled.jpg?fit=505%2C600&#038;ssl=1\" src=\"https:\/\/i0.wp.com\/www.jazzzeitung.de\/cms\/wp-content\/uploads\/2024\/07\/Nicolaus-Dolp-Cristian-Eberle-scaled.jpg?w=440&#038;h=523&#038;ssl=1\" srcset=\"https:\/\/i0.wp.com\/www.jazzzeitung.de\/cms\/wp-content\/uploads\/2024\/07\/Nicolaus-Dolp-Cristian-Eberle-scaled.jpg?w=2155&amp;ssl=1 2155w, https:\/\/i0.wp.com\/www.jazzzeitung.de\/cms\/wp-content\/uploads\/2024\/07\/Nicolaus-Dolp-Cristian-Eberle-scaled.jpg?resize=252%2C300&amp;ssl=1 252w, https:\/\/i0.wp.com\/www.jazzzeitung.de\/cms\/wp-content\/uploads\/2024\/07\/Nicolaus-Dolp-Cristian-Eberle-scaled.jpg?resize=505%2C600&amp;ssl=1 505w, https:\/\/i0.wp.com\/www.jazzzeitung.de\/cms\/wp-content\/uploads\/2024\/07\/Nicolaus-Dolp-Cristian-Eberle-scaled.jpg?resize=768%2C912&amp;ssl=1 768w, https:\/\/i0.wp.com\/www.jazzzeitung.de\/cms\/wp-content\/uploads\/2024\/07\/Nicolaus-Dolp-Cristian-Eberle-scaled.jpg?resize=1293%2C1536&amp;ssl=1 1293w, https:\/\/i0.wp.com\/www.jazzzeitung.de\/cms\/wp-content\/uploads\/2024\/07\/Nicolaus-Dolp-Cristian-Eberle-scaled.jpg?resize=1724%2C2048&amp;ssl=1 1724w, https:\/\/i0.wp.com\/www.jazzzeitung.de\/cms\/wp-content\/uploads\/2024\/07\/Nicolaus-Dolp-Cristian-Eberle-scaled.jpg?resize=1320%2C1568&amp;ssl=1 1320w\" width=\"440\" height=\"523\" loading=\"lazy\" data-original-width=\"440\" data-original-height=\"523\" itemprop=\"http:\/\/schema.org\/image\" title=\"Nicolaus Dolp, Cristian Eberle\" alt=\"Nicolaus Dolp, Cristian Eberle\" style=\"width: 440px; height: 523px;\" \/> <\/a> <\/div> <\/div> <!-- close group --> <div class=\"gallery-group images-1\" style=\"width: 396px; height: 527px;\" data-original-width=\"396\" data-original-height=\"527\" > <div class=\"tiled-gallery-item tiled-gallery-item-large\" itemprop=\"associatedMedia\" itemscope itemtype=\"http:\/\/schema.org\/ImageObject\"> <a href=\"https:\/\/www.jazzzeitung.de\/cms\/2024\/07\/die-verwandlungskunst-hoert-nicht-auf-suedtirol-jazzfestival-alto-adige-2024\/lucas-kranzelbinder4\/\" border=\"0\" itemprop=\"url\"> <meta itemprop=\"width\" content=\"392\"> <meta itemprop=\"height\" content=\"523\"> <img decoding=\"async\" class=\"\" data-attachment-id=\"31313\" data-orig-file=\"https:\/\/www.jazzzeitung.de\/cms\/wp-content\/uploads\/2024\/07\/Lucas-Kranzelbinder4-scaled.jpg\" data-orig-size=\"1920,2560\" data-comments-opened=\"1\" data-image-meta=\"{&quot;aperture&quot;:&quot;4.5&quot;,&quot;credit&quot;:&quot;&quot;,&quot;camera&quot;:&quot;DSC-RX100&quot;,&quot;caption&quot;:&quot;&quot;,&quot;created_timestamp&quot;:&quot;1331251003&quot;,&quot;copyright&quot;:&quot;&quot;,&quot;focal_length&quot;:&quot;33.2&quot;,&quot;iso&quot;:&quot;3200&quot;,&quot;shutter_speed&quot;:&quot;0.01&quot;,&quot;title&quot;:&quot;&quot;,&quot;orientation&quot;:&quot;1&quot;}\" data-image-title=\"Lucas Kranzelbinder4\" data-image-description=\"\" data-medium-file=\"https:\/\/i0.wp.com\/www.jazzzeitung.de\/cms\/wp-content\/uploads\/2024\/07\/Lucas-Kranzelbinder4-scaled.jpg?fit=225%2C300&#038;ssl=1\" data-large-file=\"https:\/\/i0.wp.com\/www.jazzzeitung.de\/cms\/wp-content\/uploads\/2024\/07\/Lucas-Kranzelbinder4-scaled.jpg?fit=450%2C600&#038;ssl=1\" src=\"https:\/\/i0.wp.com\/www.jazzzeitung.de\/cms\/wp-content\/uploads\/2024\/07\/Lucas-Kranzelbinder4-scaled.jpg?w=392&#038;h=523&#038;ssl=1\" srcset=\"https:\/\/i0.wp.com\/www.jazzzeitung.de\/cms\/wp-content\/uploads\/2024\/07\/Lucas-Kranzelbinder4-scaled.jpg?w=1920&amp;ssl=1 1920w, https:\/\/i0.wp.com\/www.jazzzeitung.de\/cms\/wp-content\/uploads\/2024\/07\/Lucas-Kranzelbinder4-scaled.jpg?resize=225%2C300&amp;ssl=1 225w, https:\/\/i0.wp.com\/www.jazzzeitung.de\/cms\/wp-content\/uploads\/2024\/07\/Lucas-Kranzelbinder4-scaled.jpg?resize=450%2C600&amp;ssl=1 450w, https:\/\/i0.wp.com\/www.jazzzeitung.de\/cms\/wp-content\/uploads\/2024\/07\/Lucas-Kranzelbinder4-scaled.jpg?resize=768%2C1024&amp;ssl=1 768w, https:\/\/i0.wp.com\/www.jazzzeitung.de\/cms\/wp-content\/uploads\/2024\/07\/Lucas-Kranzelbinder4-scaled.jpg?resize=1152%2C1536&amp;ssl=1 1152w, https:\/\/i0.wp.com\/www.jazzzeitung.de\/cms\/wp-content\/uploads\/2024\/07\/Lucas-Kranzelbinder4-scaled.jpg?resize=1536%2C2048&amp;ssl=1 1536w, https:\/\/i0.wp.com\/www.jazzzeitung.de\/cms\/wp-content\/uploads\/2024\/07\/Lucas-Kranzelbinder4-scaled.jpg?resize=1320%2C1760&amp;ssl=1 1320w, https:\/\/i0.wp.com\/www.jazzzeitung.de\/cms\/wp-content\/uploads\/2024\/07\/Lucas-Kranzelbinder4-scaled.jpg?w=1680&amp;ssl=1 1680w\" width=\"392\" height=\"523\" loading=\"lazy\" data-original-width=\"392\" data-original-height=\"523\" itemprop=\"http:\/\/schema.org\/image\" title=\"Lucas Kranzelbinder4\" alt=\"Lucas Kranzelbinder4\" style=\"width: 392px; height: 523px;\" \/> <\/a> <\/div> <\/div> <!-- close group --> <\/div> <!-- close row --> <div class=\"gallery-row\" style=\"width: 840px; height: 318px;\" data-original-width=\"840\" data-original-height=\"318\" > <div class=\"gallery-group images-1\" style=\"width: 418px; height: 318px;\" data-original-width=\"418\" data-original-height=\"318\" > <div class=\"tiled-gallery-item tiled-gallery-item-large\" itemprop=\"associatedMedia\" itemscope itemtype=\"http:\/\/schema.org\/ImageObject\"> <a href=\"https:\/\/www.jazzzeitung.de\/cms\/2024\/07\/die-verwandlungskunst-hoert-nicht-auf-suedtirol-jazzfestival-alto-adige-2024\/logo-4\/\" border=\"0\" itemprop=\"url\"> <meta itemprop=\"width\" content=\"414\"> <meta itemprop=\"height\" content=\"314\"> <img decoding=\"async\" class=\"\" data-attachment-id=\"31312\" data-orig-file=\"https:\/\/www.jazzzeitung.de\/cms\/wp-content\/uploads\/2024\/07\/logo-scaled.jpg\" data-orig-size=\"2560,1940\" data-comments-opened=\"1\" data-image-meta=\"{&quot;aperture&quot;:&quot;4&quot;,&quot;credit&quot;:&quot;&quot;,&quot;camera&quot;:&quot;DSC-RX100&quot;,&quot;caption&quot;:&quot;&quot;,&quot;created_timestamp&quot;:&quot;1331251048&quot;,&quot;copyright&quot;:&quot;&quot;,&quot;focal_length&quot;:&quot;10.4&quot;,&quot;iso&quot;:&quot;3200&quot;,&quot;shutter_speed&quot;:&quot;0.00625&quot;,&quot;title&quot;:&quot;&quot;,&quot;orientation&quot;:&quot;1&quot;}\" data-image-title=\"logo\" data-image-description=\"\" data-medium-file=\"https:\/\/i0.wp.com\/www.jazzzeitung.de\/cms\/wp-content\/uploads\/2024\/07\/logo-scaled.jpg?fit=300%2C227&#038;ssl=1\" data-large-file=\"https:\/\/i0.wp.com\/www.jazzzeitung.de\/cms\/wp-content\/uploads\/2024\/07\/logo-scaled.jpg?fit=792%2C600&#038;ssl=1\" src=\"https:\/\/i0.wp.com\/www.jazzzeitung.de\/cms\/wp-content\/uploads\/2024\/07\/logo-scaled.jpg?w=414&#038;h=314&#038;ssl=1\" srcset=\"https:\/\/i0.wp.com\/www.jazzzeitung.de\/cms\/wp-content\/uploads\/2024\/07\/logo-scaled.jpg?w=2560&amp;ssl=1 2560w, https:\/\/i0.wp.com\/www.jazzzeitung.de\/cms\/wp-content\/uploads\/2024\/07\/logo-scaled.jpg?resize=300%2C227&amp;ssl=1 300w, https:\/\/i0.wp.com\/www.jazzzeitung.de\/cms\/wp-content\/uploads\/2024\/07\/logo-scaled.jpg?resize=792%2C600&amp;ssl=1 792w, https:\/\/i0.wp.com\/www.jazzzeitung.de\/cms\/wp-content\/uploads\/2024\/07\/logo-scaled.jpg?resize=768%2C582&amp;ssl=1 768w, https:\/\/i0.wp.com\/www.jazzzeitung.de\/cms\/wp-content\/uploads\/2024\/07\/logo-scaled.jpg?resize=1536%2C1164&amp;ssl=1 1536w, https:\/\/i0.wp.com\/www.jazzzeitung.de\/cms\/wp-content\/uploads\/2024\/07\/logo-scaled.jpg?resize=2048%2C1552&amp;ssl=1 2048w, https:\/\/i0.wp.com\/www.jazzzeitung.de\/cms\/wp-content\/uploads\/2024\/07\/logo-scaled.jpg?resize=1320%2C1000&amp;ssl=1 1320w, https:\/\/i0.wp.com\/www.jazzzeitung.de\/cms\/wp-content\/uploads\/2024\/07\/logo-scaled.jpg?w=1680&amp;ssl=1 1680w\" width=\"414\" height=\"314\" loading=\"lazy\" data-original-width=\"414\" data-original-height=\"314\" itemprop=\"http:\/\/schema.org\/image\" title=\"logo\" alt=\"logo\" style=\"width: 414px; height: 314px;\" \/> <\/a> <\/div> <\/div> <!-- close group --> <div class=\"gallery-group images-1\" style=\"width: 422px; height: 318px;\" data-original-width=\"422\" data-original-height=\"318\" > <div class=\"tiled-gallery-item tiled-gallery-item-large\" itemprop=\"associatedMedia\" itemscope itemtype=\"http:\/\/schema.org\/ImageObject\"> <a href=\"https:\/\/www.jazzzeitung.de\/cms\/2024\/07\/die-verwandlungskunst-hoert-nicht-auf-suedtirol-jazzfestival-alto-adige-2024\/leif-berger-david-helm\/\" border=\"0\" itemprop=\"url\"> <meta itemprop=\"width\" content=\"418\"> <meta itemprop=\"height\" content=\"314\"> <img decoding=\"async\" class=\"\" data-attachment-id=\"31311\" data-orig-file=\"https:\/\/www.jazzzeitung.de\/cms\/wp-content\/uploads\/2024\/07\/Leif-Berger-David-Helm-scaled.jpg\" data-orig-size=\"2560,1920\" data-comments-opened=\"1\" data-image-meta=\"{&quot;aperture&quot;:&quot;4.9&quot;,&quot;credit&quot;:&quot;&quot;,&quot;camera&quot;:&quot;DSC-RX100&quot;,&quot;caption&quot;:&quot;&quot;,&quot;created_timestamp&quot;:&quot;1331163968&quot;,&quot;copyright&quot;:&quot;&quot;,&quot;focal_length&quot;:&quot;37.1&quot;,&quot;iso&quot;:&quot;3200&quot;,&quot;shutter_speed&quot;:&quot;0.0125&quot;,&quot;title&quot;:&quot;&quot;,&quot;orientation&quot;:&quot;1&quot;}\" data-image-title=\"Leif Berger, David Helm\" data-image-description=\"\" data-medium-file=\"https:\/\/i0.wp.com\/www.jazzzeitung.de\/cms\/wp-content\/uploads\/2024\/07\/Leif-Berger-David-Helm-scaled.jpg?fit=300%2C225&#038;ssl=1\" data-large-file=\"https:\/\/i0.wp.com\/www.jazzzeitung.de\/cms\/wp-content\/uploads\/2024\/07\/Leif-Berger-David-Helm-scaled.jpg?fit=800%2C600&#038;ssl=1\" src=\"https:\/\/i0.wp.com\/www.jazzzeitung.de\/cms\/wp-content\/uploads\/2024\/07\/Leif-Berger-David-Helm-scaled.jpg?w=418&#038;h=314&#038;ssl=1\" srcset=\"https:\/\/i0.wp.com\/www.jazzzeitung.de\/cms\/wp-content\/uploads\/2024\/07\/Leif-Berger-David-Helm-scaled.jpg?w=2560&amp;ssl=1 2560w, https:\/\/i0.wp.com\/www.jazzzeitung.de\/cms\/wp-content\/uploads\/2024\/07\/Leif-Berger-David-Helm-scaled.jpg?resize=300%2C225&amp;ssl=1 300w, https:\/\/i0.wp.com\/www.jazzzeitung.de\/cms\/wp-content\/uploads\/2024\/07\/Leif-Berger-David-Helm-scaled.jpg?resize=800%2C600&amp;ssl=1 800w, https:\/\/i0.wp.com\/www.jazzzeitung.de\/cms\/wp-content\/uploads\/2024\/07\/Leif-Berger-David-Helm-scaled.jpg?resize=768%2C576&amp;ssl=1 768w, https:\/\/i0.wp.com\/www.jazzzeitung.de\/cms\/wp-content\/uploads\/2024\/07\/Leif-Berger-David-Helm-scaled.jpg?resize=1536%2C1152&amp;ssl=1 1536w, https:\/\/i0.wp.com\/www.jazzzeitung.de\/cms\/wp-content\/uploads\/2024\/07\/Leif-Berger-David-Helm-scaled.jpg?resize=2048%2C1536&amp;ssl=1 2048w, https:\/\/i0.wp.com\/www.jazzzeitung.de\/cms\/wp-content\/uploads\/2024\/07\/Leif-Berger-David-Helm-scaled.jpg?resize=1320%2C990&amp;ssl=1 1320w, https:\/\/i0.wp.com\/www.jazzzeitung.de\/cms\/wp-content\/uploads\/2024\/07\/Leif-Berger-David-Helm-scaled.jpg?w=1680&amp;ssl=1 1680w\" width=\"418\" height=\"314\" loading=\"lazy\" data-original-width=\"418\" data-original-height=\"314\" itemprop=\"http:\/\/schema.org\/image\" title=\"Leif Berger, David Helm\" alt=\"Leif Berger, David Helm\" style=\"width: 418px; height: 314px;\" \/> <\/a> <\/div> <\/div> <!-- close group --> <\/div> <!-- close row --> <div class=\"gallery-row\" style=\"width: 840px; height: 421px;\" data-original-width=\"840\" data-original-height=\"421\" > <div class=\"gallery-group images-1\" style=\"width: 560px; height: 421px;\" data-original-width=\"560\" data-original-height=\"421\" > <div class=\"tiled-gallery-item tiled-gallery-item-large\" itemprop=\"associatedMedia\" itemscope itemtype=\"http:\/\/schema.org\/ImageObject\"> <a href=\"https:\/\/www.jazzzeitung.de\/cms\/2024\/07\/die-verwandlungskunst-hoert-nicht-auf-suedtirol-jazzfestival-alto-adige-2024\/leif-berger-alex-parzhuber\/\" border=\"0\" itemprop=\"url\"> <meta itemprop=\"width\" content=\"556\"> <meta itemprop=\"height\" content=\"417\"> <img decoding=\"async\" class=\"\" data-attachment-id=\"31310\" data-orig-file=\"https:\/\/www.jazzzeitung.de\/cms\/wp-content\/uploads\/2024\/07\/Leif-Berger-Alex-Parzhuber-scaled.jpg\" data-orig-size=\"2560,1920\" data-comments-opened=\"1\" data-image-meta=\"{&quot;aperture&quot;:&quot;4.9&quot;,&quot;credit&quot;:&quot;&quot;,&quot;camera&quot;:&quot;DSC-RX100&quot;,&quot;caption&quot;:&quot;&quot;,&quot;created_timestamp&quot;:&quot;1331164649&quot;,&quot;copyright&quot;:&quot;&quot;,&quot;focal_length&quot;:&quot;37.1&quot;,&quot;iso&quot;:&quot;3200&quot;,&quot;shutter_speed&quot;:&quot;0.01&quot;,&quot;title&quot;:&quot;&quot;,&quot;orientation&quot;:&quot;1&quot;}\" data-image-title=\"Leif Berger, Alex Parzhuber\" data-image-description=\"\" data-medium-file=\"https:\/\/i0.wp.com\/www.jazzzeitung.de\/cms\/wp-content\/uploads\/2024\/07\/Leif-Berger-Alex-Parzhuber-scaled.jpg?fit=300%2C225&#038;ssl=1\" data-large-file=\"https:\/\/i0.wp.com\/www.jazzzeitung.de\/cms\/wp-content\/uploads\/2024\/07\/Leif-Berger-Alex-Parzhuber-scaled.jpg?fit=800%2C600&#038;ssl=1\" src=\"https:\/\/i0.wp.com\/www.jazzzeitung.de\/cms\/wp-content\/uploads\/2024\/07\/Leif-Berger-Alex-Parzhuber-scaled.jpg?w=556&#038;h=417&#038;ssl=1\" srcset=\"https:\/\/i0.wp.com\/www.jazzzeitung.de\/cms\/wp-content\/uploads\/2024\/07\/Leif-Berger-Alex-Parzhuber-scaled.jpg?w=2560&amp;ssl=1 2560w, https:\/\/i0.wp.com\/www.jazzzeitung.de\/cms\/wp-content\/uploads\/2024\/07\/Leif-Berger-Alex-Parzhuber-scaled.jpg?resize=300%2C225&amp;ssl=1 300w, https:\/\/i0.wp.com\/www.jazzzeitung.de\/cms\/wp-content\/uploads\/2024\/07\/Leif-Berger-Alex-Parzhuber-scaled.jpg?resize=800%2C600&amp;ssl=1 800w, https:\/\/i0.wp.com\/www.jazzzeitung.de\/cms\/wp-content\/uploads\/2024\/07\/Leif-Berger-Alex-Parzhuber-scaled.jpg?resize=768%2C576&amp;ssl=1 768w, https:\/\/i0.wp.com\/www.jazzzeitung.de\/cms\/wp-content\/uploads\/2024\/07\/Leif-Berger-Alex-Parzhuber-scaled.jpg?resize=1536%2C1152&amp;ssl=1 1536w, https:\/\/i0.wp.com\/www.jazzzeitung.de\/cms\/wp-content\/uploads\/2024\/07\/Leif-Berger-Alex-Parzhuber-scaled.jpg?resize=2048%2C1536&amp;ssl=1 2048w, https:\/\/i0.wp.com\/www.jazzzeitung.de\/cms\/wp-content\/uploads\/2024\/07\/Leif-Berger-Alex-Parzhuber-scaled.jpg?resize=1320%2C990&amp;ssl=1 1320w, https:\/\/i0.wp.com\/www.jazzzeitung.de\/cms\/wp-content\/uploads\/2024\/07\/Leif-Berger-Alex-Parzhuber-scaled.jpg?w=1680&amp;ssl=1 1680w\" width=\"556\" height=\"417\" loading=\"lazy\" data-original-width=\"556\" data-original-height=\"417\" itemprop=\"http:\/\/schema.org\/image\" title=\"Leif Berger, Alex Parzhuber\" alt=\"Leif Berger, Alex Parzhuber\" style=\"width: 556px; height: 417px;\" \/> <\/a> <\/div> <\/div> <!-- close group --> <div class=\"gallery-group images-2\" style=\"width: 280px; height: 421px;\" data-original-width=\"280\" data-original-height=\"421\" > <div class=\"tiled-gallery-item tiled-gallery-item-large\" itemprop=\"associatedMedia\" itemscope itemtype=\"http:\/\/schema.org\/ImageObject\"> <a href=\"https:\/\/www.jazzzeitung.de\/cms\/2024\/07\/die-verwandlungskunst-hoert-nicht-auf-suedtirol-jazzfestival-alto-adige-2024\/killick-hinds-empowerd-kids\/\" border=\"0\" itemprop=\"url\"> <meta itemprop=\"width\" content=\"276\"> <meta itemprop=\"height\" content=\"207\"> <img decoding=\"async\" class=\"\" data-attachment-id=\"31309\" data-orig-file=\"https:\/\/www.jazzzeitung.de\/cms\/wp-content\/uploads\/2024\/07\/Killick-Hinds-Empowerd-Kids-scaled.jpg\" data-orig-size=\"2560,1920\" data-comments-opened=\"1\" data-image-meta=\"{&quot;aperture&quot;:&quot;5&quot;,&quot;credit&quot;:&quot;&quot;,&quot;camera&quot;:&quot;DSC-RX100&quot;,&quot;caption&quot;:&quot;&quot;,&quot;created_timestamp&quot;:&quot;1331172910&quot;,&quot;copyright&quot;:&quot;&quot;,&quot;focal_length&quot;:&quot;37.1&quot;,&quot;iso&quot;:&quot;3200&quot;,&quot;shutter_speed&quot;:&quot;0.01&quot;,&quot;title&quot;:&quot;&quot;,&quot;orientation&quot;:&quot;1&quot;}\" data-image-title=\"Killick Hinds (Empowerd Kids)\" data-image-description=\"\" data-medium-file=\"https:\/\/i0.wp.com\/www.jazzzeitung.de\/cms\/wp-content\/uploads\/2024\/07\/Killick-Hinds-Empowerd-Kids-scaled.jpg?fit=300%2C225&#038;ssl=1\" data-large-file=\"https:\/\/i0.wp.com\/www.jazzzeitung.de\/cms\/wp-content\/uploads\/2024\/07\/Killick-Hinds-Empowerd-Kids-scaled.jpg?fit=800%2C600&#038;ssl=1\" src=\"https:\/\/i0.wp.com\/www.jazzzeitung.de\/cms\/wp-content\/uploads\/2024\/07\/Killick-Hinds-Empowerd-Kids-scaled.jpg?w=276&#038;h=207&#038;ssl=1\" srcset=\"https:\/\/i0.wp.com\/www.jazzzeitung.de\/cms\/wp-content\/uploads\/2024\/07\/Killick-Hinds-Empowerd-Kids-scaled.jpg?w=2560&amp;ssl=1 2560w, https:\/\/i0.wp.com\/www.jazzzeitung.de\/cms\/wp-content\/uploads\/2024\/07\/Killick-Hinds-Empowerd-Kids-scaled.jpg?resize=300%2C225&amp;ssl=1 300w, https:\/\/i0.wp.com\/www.jazzzeitung.de\/cms\/wp-content\/uploads\/2024\/07\/Killick-Hinds-Empowerd-Kids-scaled.jpg?resize=800%2C600&amp;ssl=1 800w, https:\/\/i0.wp.com\/www.jazzzeitung.de\/cms\/wp-content\/uploads\/2024\/07\/Killick-Hinds-Empowerd-Kids-scaled.jpg?resize=768%2C576&amp;ssl=1 768w, https:\/\/i0.wp.com\/www.jazzzeitung.de\/cms\/wp-content\/uploads\/2024\/07\/Killick-Hinds-Empowerd-Kids-scaled.jpg?resize=1536%2C1152&amp;ssl=1 1536w, https:\/\/i0.wp.com\/www.jazzzeitung.de\/cms\/wp-content\/uploads\/2024\/07\/Killick-Hinds-Empowerd-Kids-scaled.jpg?resize=2048%2C1536&amp;ssl=1 2048w, https:\/\/i0.wp.com\/www.jazzzeitung.de\/cms\/wp-content\/uploads\/2024\/07\/Killick-Hinds-Empowerd-Kids-scaled.jpg?resize=1320%2C990&amp;ssl=1 1320w, https:\/\/i0.wp.com\/www.jazzzeitung.de\/cms\/wp-content\/uploads\/2024\/07\/Killick-Hinds-Empowerd-Kids-scaled.jpg?w=1680&amp;ssl=1 1680w\" width=\"276\" height=\"207\" loading=\"lazy\" data-original-width=\"276\" data-original-height=\"207\" itemprop=\"http:\/\/schema.org\/image\" title=\"Killick Hinds (Empowerd Kids)\" alt=\"Killick Hinds (Empowerd Kids)\" style=\"width: 276px; height: 207px;\" \/> <\/a> <\/div> <div class=\"tiled-gallery-item tiled-gallery-item-large\" itemprop=\"associatedMedia\" itemscope itemtype=\"http:\/\/schema.org\/ImageObject\"> <a href=\"https:\/\/www.jazzzeitung.de\/cms\/2024\/07\/die-verwandlungskunst-hoert-nicht-auf-suedtirol-jazzfestival-alto-adige-2024\/kapuzinerpark6\/\" border=\"0\" itemprop=\"url\"> <meta itemprop=\"width\" content=\"276\"> <meta itemprop=\"height\" content=\"206\"> <img decoding=\"async\" class=\"\" data-attachment-id=\"31308\" data-orig-file=\"https:\/\/www.jazzzeitung.de\/cms\/wp-content\/uploads\/2024\/07\/Kapuzinerpark6-scaled.jpg\" data-orig-size=\"2560,1920\" data-comments-opened=\"1\" data-image-meta=\"{&quot;aperture&quot;:&quot;2&quot;,&quot;credit&quot;:&quot;&quot;,&quot;camera&quot;:&quot;DSC-RX100&quot;,&quot;caption&quot;:&quot;&quot;,&quot;created_timestamp&quot;:&quot;1331077706&quot;,&quot;copyright&quot;:&quot;&quot;,&quot;focal_length&quot;:&quot;10.4&quot;,&quot;iso&quot;:&quot;400&quot;,&quot;shutter_speed&quot;:&quot;0.04&quot;,&quot;title&quot;:&quot;&quot;,&quot;orientation&quot;:&quot;1&quot;}\" data-image-title=\"Kapuzinerpark6\" data-image-description=\"\" data-medium-file=\"https:\/\/i0.wp.com\/www.jazzzeitung.de\/cms\/wp-content\/uploads\/2024\/07\/Kapuzinerpark6-scaled.jpg?fit=300%2C225&#038;ssl=1\" data-large-file=\"https:\/\/i0.wp.com\/www.jazzzeitung.de\/cms\/wp-content\/uploads\/2024\/07\/Kapuzinerpark6-scaled.jpg?fit=800%2C600&#038;ssl=1\" src=\"https:\/\/i0.wp.com\/www.jazzzeitung.de\/cms\/wp-content\/uploads\/2024\/07\/Kapuzinerpark6-scaled.jpg?w=276&#038;h=206&#038;ssl=1\" srcset=\"https:\/\/i0.wp.com\/www.jazzzeitung.de\/cms\/wp-content\/uploads\/2024\/07\/Kapuzinerpark6-scaled.jpg?w=2560&amp;ssl=1 2560w, https:\/\/i0.wp.com\/www.jazzzeitung.de\/cms\/wp-content\/uploads\/2024\/07\/Kapuzinerpark6-scaled.jpg?resize=300%2C225&amp;ssl=1 300w, https:\/\/i0.wp.com\/www.jazzzeitung.de\/cms\/wp-content\/uploads\/2024\/07\/Kapuzinerpark6-scaled.jpg?resize=800%2C600&amp;ssl=1 800w, https:\/\/i0.wp.com\/www.jazzzeitung.de\/cms\/wp-content\/uploads\/2024\/07\/Kapuzinerpark6-scaled.jpg?resize=768%2C576&amp;ssl=1 768w, https:\/\/i0.wp.com\/www.jazzzeitung.de\/cms\/wp-content\/uploads\/2024\/07\/Kapuzinerpark6-scaled.jpg?resize=1536%2C1152&amp;ssl=1 1536w, https:\/\/i0.wp.com\/www.jazzzeitung.de\/cms\/wp-content\/uploads\/2024\/07\/Kapuzinerpark6-scaled.jpg?resize=2048%2C1536&amp;ssl=1 2048w, https:\/\/i0.wp.com\/www.jazzzeitung.de\/cms\/wp-content\/uploads\/2024\/07\/Kapuzinerpark6-scaled.jpg?resize=1320%2C990&amp;ssl=1 1320w, https:\/\/i0.wp.com\/www.jazzzeitung.de\/cms\/wp-content\/uploads\/2024\/07\/Kapuzinerpark6-scaled.jpg?w=1680&amp;ssl=1 1680w\" width=\"276\" height=\"206\" loading=\"lazy\" data-original-width=\"276\" data-original-height=\"206\" itemprop=\"http:\/\/schema.org\/image\" title=\"Kapuzinerpark6\" alt=\"Kapuzinerpark6\" style=\"width: 276px; height: 206px;\" \/> <\/a> <\/div> <\/div> <!-- close group --> <\/div> <!-- close row --> <div class=\"gallery-row\" style=\"width: 840px; height: 631px;\" data-original-width=\"840\" data-original-height=\"631\" > <div class=\"gallery-group images-1\" style=\"width: 840px; height: 631px;\" data-original-width=\"840\" data-original-height=\"631\" > <div class=\"tiled-gallery-item tiled-gallery-item-large\" itemprop=\"associatedMedia\" itemscope itemtype=\"http:\/\/schema.org\/ImageObject\"> <a href=\"https:\/\/www.jazzzeitung.de\/cms\/2024\/07\/die-verwandlungskunst-hoert-nicht-auf-suedtirol-jazzfestival-alto-adige-2024\/kapuzinerpark4\/\" border=\"0\" itemprop=\"url\"> <meta itemprop=\"width\" content=\"836\"> <meta itemprop=\"height\" content=\"627\"> <img decoding=\"async\" class=\"\" data-attachment-id=\"31307\" data-orig-file=\"https:\/\/www.jazzzeitung.de\/cms\/wp-content\/uploads\/2024\/07\/Kapuzinerpark4-scaled.jpg\" data-orig-size=\"2560,1920\" data-comments-opened=\"1\" data-image-meta=\"{&quot;aperture&quot;:&quot;3.2&quot;,&quot;credit&quot;:&quot;&quot;,&quot;camera&quot;:&quot;DSC-RX100&quot;,&quot;caption&quot;:&quot;&quot;,&quot;created_timestamp&quot;:&quot;1331076373&quot;,&quot;copyright&quot;:&quot;&quot;,&quot;focal_length&quot;:&quot;18.88&quot;,&quot;iso&quot;:&quot;1600&quot;,&quot;shutter_speed&quot;:&quot;0.016666666666667&quot;,&quot;title&quot;:&quot;&quot;,&quot;orientation&quot;:&quot;1&quot;}\" data-image-title=\"Kapuzinerpark4\" data-image-description=\"\" data-medium-file=\"https:\/\/i0.wp.com\/www.jazzzeitung.de\/cms\/wp-content\/uploads\/2024\/07\/Kapuzinerpark4-scaled.jpg?fit=300%2C225&#038;ssl=1\" data-large-file=\"https:\/\/i0.wp.com\/www.jazzzeitung.de\/cms\/wp-content\/uploads\/2024\/07\/Kapuzinerpark4-scaled.jpg?fit=800%2C600&#038;ssl=1\" src=\"https:\/\/i0.wp.com\/www.jazzzeitung.de\/cms\/wp-content\/uploads\/2024\/07\/Kapuzinerpark4-scaled.jpg?w=836&#038;h=627&#038;ssl=1\" srcset=\"https:\/\/i0.wp.com\/www.jazzzeitung.de\/cms\/wp-content\/uploads\/2024\/07\/Kapuzinerpark4-scaled.jpg?w=2560&amp;ssl=1 2560w, https:\/\/i0.wp.com\/www.jazzzeitung.de\/cms\/wp-content\/uploads\/2024\/07\/Kapuzinerpark4-scaled.jpg?resize=300%2C225&amp;ssl=1 300w, https:\/\/i0.wp.com\/www.jazzzeitung.de\/cms\/wp-content\/uploads\/2024\/07\/Kapuzinerpark4-scaled.jpg?resize=800%2C600&amp;ssl=1 800w, https:\/\/i0.wp.com\/www.jazzzeitung.de\/cms\/wp-content\/uploads\/2024\/07\/Kapuzinerpark4-scaled.jpg?resize=768%2C576&amp;ssl=1 768w, https:\/\/i0.wp.com\/www.jazzzeitung.de\/cms\/wp-content\/uploads\/2024\/07\/Kapuzinerpark4-scaled.jpg?resize=1536%2C1152&amp;ssl=1 1536w, https:\/\/i0.wp.com\/www.jazzzeitung.de\/cms\/wp-content\/uploads\/2024\/07\/Kapuzinerpark4-scaled.jpg?resize=2048%2C1536&amp;ssl=1 2048w, https:\/\/i0.wp.com\/www.jazzzeitung.de\/cms\/wp-content\/uploads\/2024\/07\/Kapuzinerpark4-scaled.jpg?resize=1320%2C990&amp;ssl=1 1320w, https:\/\/i0.wp.com\/www.jazzzeitung.de\/cms\/wp-content\/uploads\/2024\/07\/Kapuzinerpark4-scaled.jpg?w=1680&amp;ssl=1 1680w\" width=\"836\" height=\"627\" loading=\"lazy\" data-original-width=\"836\" data-original-height=\"627\" itemprop=\"http:\/\/schema.org\/image\" title=\"Kapuzinerpark4\" alt=\"Kapuzinerpark4\" style=\"width: 836px; height: 627px;\" \/> <\/a> <\/div> <\/div> <!-- close group --> <\/div> <!-- close row --> <\/div>\n<p>Das Sich-Entf\u00fchren-Lassen an besondere Orte gestaltet sich manchmal unvorhersehbar, vor allem, wenn das Bergwetter nicht mitspielt. So musste das Trio Haezz sein geplantes Freiluftkonzert hoch oben auf den Almwiesen beim Rittnerhorn in eine Holzh\u00fctte verlegen. Aber das behagliche Setting, bei dem das Publikum auf Strohballen sa\u00df, gab einmal mehr der Verwandlungskunst dieses Festivals Nahrung: Pl\u00f6tzlich war aus der Scheune ein alpiner, swingender Jazzclub geworden, in dem auch mal eine Hommage an Thelonious Monk erlaubt war &#8211; manches ist einfach so zeitlos, dass es sich auch in die vor Spielwitz und Fantasie spr\u00fchende Gegenwart dieses Trios einf\u00fchlt, von dem man gerne noch viel mehr h\u00f6ren m\u00f6chte.<\/p>\n<p>Das S\u00fcdtirol-Festival ist kein Massenevent und will es auch nicht sein. Dennoch rollt das Festival auch immer roter Teppiche aus, um einladenden Wohlklang an sch\u00f6ne, stilvolle Locations zu bieten. Die lauschige, gro\u00dfe Parkanlage des ehrw\u00fcrdigen Grandhotels Laurin mit Pool und unter B\u00e4umen, begleitet von Vogelgezwitscher und Glockenl\u00e4uten war dann auch das vierte \u201eimagin\u00e4re Bandmitglied&#8220; f\u00fcr das zu den k\u00fchlen Drinks leichtf\u00fc\u00dfig in hellen Farben freundlich jazzende Trio um den M\u00fcnchener Pianisten Nils Kugelmann.<\/p>\n<h3>Der Batzen<\/h3>\n<p>Der Batzen ist das Festivallokal, de facto eine Brauerei mit einem riesigen Drau\u00dfen-Gastro-Bereich, in dem viele vorwitzige kleine Spatzen einem die Kr\u00fcmel von den Tellern picken und wo in diesen Tagen vor allem die Fu\u00dfball\u00fcbertragungen den letzten Platz f\u00fcllten. Eine Etage tiefer, im Sudwerk, waltet das wohl konzentrierteste musikalische Versuchslabor des Festivals. Hier wurde dann auch die mehrst\u00fcndige Performance &#8222;Kabarila&#8220; fortgesetzt, die von dem Ethnologen Stefan Cucco Festini ausgedacht und vom Bassisten Lukas Kranzelbinder realisiert worden war mit dem Ziel, auf der Basis archaischer Trance-Rituale und von Elementen aus der Rave-Kultur konventionelle Zeit- und damit Erlebnisformate gr\u00f6\u00dfer und freier zu machen.<\/p>\n<h3>Rituale der Zukunft<\/h3>\n<p>F\u00fcnf Jahre lang soll mit f\u00fcnf Musikern jeweils f\u00fcnf Stunden lang musiziert werden. Begonnen wurde im letzten Jahr. Die Zukunft ist also auch f\u00fcr dieses Unterfangen noch gro\u00df. Geerdet durch die Bassfiguren von Lukas Kranzelbinder und getaktet durch einen pr\u00e4zisen Schlagzeugpuls, ebenso durch oft psychedelische Sounderuptionen von Querfl\u00f6ten und Saxofonen entstanden auch in der zweiten Folge bis tief in die Nacht hinein genug aufreizende Prozesse. Deutlich st\u00e4rker ausgepr\u00e4gt als im letzten Jahr, wo es viel dancefloor-affiner seinen Lauf genommen hatte, \u00fcberwog bei der diesj\u00e4hrigen Kabarila-Auflage in diesem Jahr der performative Effekt \u2013 vor allem durch die beiden T\u00e4nzerinnen und zwei T\u00e4nzer, die auch ins Geschehen auf der B\u00fchne k\u00f6rperlich intervenierten.<\/p>\n<h3>Fragil Vokales<\/h3>\n<p>Ruth Gollers Band \u201eTraining\u201c zeigte beim letzten Abendkonzert des Festivals klare Kante, wenn es um kraftvolle Antworten auf die laute Gegenwart geht und wo diese Bassistin ihr Instrument immer wieder so konsequent wie kaum sonst jemand als Lead-Instrument, aber auch als wundersame lyrische Stimme emanzipiert. Dystopischer Noise als Statement f\u00fcr kulturellen Mut, sich nicht mit vorgefertigten Schablonen zufrieden zu geben, sondern auszubrechen, aktiv und laut zu werden. Was aber auch die zarte Empfindung nicht ausschlie\u00dft, wie sie sich in Ruth Gollers fragilen Vokaleinlagen, die \u00fcberhaupt immer mehr ihre Stimme als Instrument f\u00fcr sich entdeckt, ausdr\u00fcckt.<br \/>\nRichtig weltumarmend war es noch ein Konzert zuvor geworden, als Lukas Kranzelbinders Band \u201eShake Stew\u201c repetitive Rhythmik und hymnische Bl\u00e4sers\u00e4tze in einem Amalgam aus Afrobeat und progressivem Jazz vereinte.<\/p>\n<p>Tief bewegt wirke die B\u00fchnenansprache Kranzelbinders, der hier nochmal seinen eigenen pers\u00f6nlichen Bezug zu diesem Festival bekundete und damit wohl f\u00fcr viele sprach. Beim S\u00fcdtirol Alto Adige Festival stehen eben auch die Veranstalter selbst in der allerersten Reihe des Publikums, um die Musikerinnen und Musiker, deren konsequentes Tun anscheinend nie versiegen wird, enthusiastisch anzufeuern.<\/p>\n","protected":false},"excerpt":{"rendered":"<p>(Text &amp; Fotos: Stefan Pieper) Die Magie der blauen Stunde ist st\u00e4ndiger Begleiter im Bozener Kapuzinerpark: Wenn der Tag geht und das aufstrahlende B\u00fchnenlicht \u00fcber die D\u00e4mmerung Oberhand gewinnt, dann verschafft sich zehn Tage und Abende lang die aufregende Vielfalt aktueller Musik Geh\u00f6r. Beim S\u00fcdtirol Jazzfestival Alto Adige geht es um die Erkenntnis, dass Jazz doch zu 99 Prozent eben nicht das ist, was gemeinhin dar\u00fcber in den K\u00f6pfen der Nicht-Eingeweihten herumspukt. Orte und Menschen, oft auch die Ausf\u00fchrenden selbst durch Musik in neue Bewusstseinsstadien zu bringen, ja zu verwandeln, diesen Anspruch l\u00f6ste auch die aktuelle Festivalausgabe leichtf\u00fc\u00dfig ein. Gewollt unerwartet Das Unerwartete ist dabei gewollt \u2013 ja, entsteht meist wie von selbst, nicht selten an wechselnden Nebenlocations des Festivals. Kurz vor der Geisterstunde dringt eine \u00fcberschaubare Gruppe verr\u00fcckter Menschen in Bozens riesige, aber zu diesem Zeitpunkt menschenleere Messehalle ein, in der jetzt etwas ganz anderes stattfinden soll, als die sonst \u00fcblichen Gro\u00dfevents der Wirtschaft oder der Unterhaltungskultur. Es hat schon etwas Rituelles, wie hier nun alles in eigenwilliges, bl\u00e4uliches Licht getaucht ist und wo eine Schar von Verr\u00fcckten einen Kreis um die Band Skylla &hellip;<\/p>\n","protected":false},"author":18,"featured_media":31292,"comment_status":"open","ping_status":"closed","sticky":false,"template":"","format":"standard","meta":{"_jetpack_memberships_contains_paid_content":false,"footnotes":"","jetpack_publicize_message":"","jetpack_publicize_feature_enabled":true,"jetpack_social_post_already_shared":true,"jetpack_social_options":{"image_generator_settings":{"template":"highway","default_image_id":0,"font":"","enabled":false},"version":2}},"categories":[1053],"tags":[918,1129,5427],"coauthors":[695],"class_list":["post-31291","post","type-post","status-publish","format-standard","has-post-thumbnail","hentry","category-bericht","tag-jazzfestival","tag-stefan-pieper","tag-suedtirol-jazzfestival-alto-adige-2024"],"yoast_head":"<!-- This site is optimized with the Yoast SEO plugin v27.5 - https:\/\/yoast.com\/product\/yoast-seo-wordpress\/ -->\n<title>Die Verwandlungskunst h\u00f6rt nicht auf - S\u00fcdtirol Jazzfestival Alto Adige 2024 - JazzZeitung<\/title>\n<meta name=\"robots\" content=\"index, follow, max-snippet:-1, max-image-preview:large, max-video-preview:-1\" \/>\n<link rel=\"canonical\" href=\"https:\/\/www.jazzzeitung.de\/cms\/2024\/07\/die-verwandlungskunst-hoert-nicht-auf-suedtirol-jazzfestival-alto-adige-2024\/\" \/>\n<meta property=\"og:locale\" content=\"de_DE\" \/>\n<meta property=\"og:type\" content=\"article\" \/>\n<meta property=\"og:title\" content=\"Die Verwandlungskunst h\u00f6rt nicht auf - S\u00fcdtirol Jazzfestival Alto Adige 2024 - JazzZeitung\" \/>\n<meta property=\"og:description\" content=\"(Text &amp; Fotos: Stefan Pieper) Die Magie der blauen Stunde ist st\u00e4ndiger Begleiter im Bozener Kapuzinerpark: Wenn der Tag geht und das aufstrahlende B\u00fchnenlicht \u00fcber die D\u00e4mmerung Oberhand gewinnt, dann verschafft sich zehn Tage und Abende lang die aufregende Vielfalt aktueller Musik Geh\u00f6r. Beim S\u00fcdtirol Jazzfestival Alto Adige geht es um die Erkenntnis, dass Jazz doch zu 99 Prozent eben nicht das ist, was gemeinhin dar\u00fcber in den K\u00f6pfen der Nicht-Eingeweihten herumspukt. Orte und Menschen, oft auch die Ausf\u00fchrenden selbst durch Musik in neue Bewusstseinsstadien zu bringen, ja zu verwandeln, diesen Anspruch l\u00f6ste auch die aktuelle Festivalausgabe leichtf\u00fc\u00dfig ein. Gewollt unerwartet Das Unerwartete ist dabei gewollt \u2013 ja, entsteht meist wie von selbst, nicht selten an wechselnden Nebenlocations des Festivals. Kurz vor der Geisterstunde dringt eine \u00fcberschaubare Gruppe verr\u00fcckter Menschen in Bozens riesige, aber zu diesem Zeitpunkt menschenleere Messehalle ein, in der jetzt etwas ganz anderes stattfinden soll, als die sonst \u00fcblichen Gro\u00dfevents der Wirtschaft oder der Unterhaltungskultur. Es hat schon etwas Rituelles, wie hier nun alles in eigenwilliges, bl\u00e4uliches Licht getaucht ist und wo eine Schar von Verr\u00fcckten einen Kreis um die Band Skylla &hellip;\" \/>\n<meta property=\"og:url\" content=\"https:\/\/www.jazzzeitung.de\/cms\/2024\/07\/die-verwandlungskunst-hoert-nicht-auf-suedtirol-jazzfestival-alto-adige-2024\/\" \/>\n<meta property=\"og:site_name\" content=\"JazzZeitung\" \/>\n<meta property=\"article:publisher\" content=\"https:\/\/www.facebook.com\/JazzZeitung\/\" \/>\n<meta property=\"article:published_time\" content=\"2024-07-11T12:37:52+00:00\" \/>\n<meta property=\"og:image\" content=\"https:\/\/i0.wp.com\/www.jazzzeitung.de\/cms\/wp-content\/uploads\/2024\/07\/Adlane-Aliouche-jet-whistle-scaled.jpg?fit=2560%2C1441&ssl=1\" \/>\n\t<meta property=\"og:image:width\" content=\"2560\" \/>\n\t<meta property=\"og:image:height\" content=\"1441\" \/>\n\t<meta property=\"og:image:type\" content=\"image\/jpeg\" \/>\n<meta name=\"author\" content=\"Redaktion JazzZeitung\" \/>\n<script type=\"application\/ld+json\" class=\"yoast-schema-graph\">{\"@context\":\"https:\\\/\\\/schema.org\",\"@graph\":[{\"@type\":\"Article\",\"@id\":\"https:\\\/\\\/www.jazzzeitung.de\\\/cms\\\/2024\\\/07\\\/die-verwandlungskunst-hoert-nicht-auf-suedtirol-jazzfestival-alto-adige-2024\\\/#article\",\"isPartOf\":{\"@id\":\"https:\\\/\\\/www.jazzzeitung.de\\\/cms\\\/2024\\\/07\\\/die-verwandlungskunst-hoert-nicht-auf-suedtirol-jazzfestival-alto-adige-2024\\\/\"},\"author\":{\"name\":\"Redaktion JazzZeitung\",\"@id\":\"https:\\\/\\\/www.jazzzeitung.de\\\/cms\\\/#\\\/schema\\\/person\\\/2245b36b9cd1d24cea10f01c031fb92b\"},\"headline\":\"Die Verwandlungskunst h\u00f6rt nicht auf &#8211; S\u00fcdtirol Jazzfestival Alto Adige 2024\",\"datePublished\":\"2024-07-11T12:37:52+00:00\",\"mainEntityOfPage\":{\"@id\":\"https:\\\/\\\/www.jazzzeitung.de\\\/cms\\\/2024\\\/07\\\/die-verwandlungskunst-hoert-nicht-auf-suedtirol-jazzfestival-alto-adige-2024\\\/\"},\"wordCount\":1425,\"commentCount\":0,\"publisher\":{\"@id\":\"https:\\\/\\\/www.jazzzeitung.de\\\/cms\\\/#organization\"},\"image\":{\"@id\":\"https:\\\/\\\/www.jazzzeitung.de\\\/cms\\\/2024\\\/07\\\/die-verwandlungskunst-hoert-nicht-auf-suedtirol-jazzfestival-alto-adige-2024\\\/#primaryimage\"},\"thumbnailUrl\":\"https:\\\/\\\/i0.wp.com\\\/www.jazzzeitung.de\\\/cms\\\/wp-content\\\/uploads\\\/2024\\\/07\\\/Adlane-Aliouche-jet-whistle-scaled.jpg?fit=2560%2C1441&ssl=1\",\"keywords\":[\"Jazzfestival\",\"Stefan Pieper\",\"S\u00fcdtirol Jazzfestival Alto Adige 2024\"],\"articleSection\":[\"Bericht\"],\"inLanguage\":\"de\",\"potentialAction\":[{\"@type\":\"CommentAction\",\"name\":\"Comment\",\"target\":[\"https:\\\/\\\/www.jazzzeitung.de\\\/cms\\\/2024\\\/07\\\/die-verwandlungskunst-hoert-nicht-auf-suedtirol-jazzfestival-alto-adige-2024\\\/#respond\"]}]},{\"@type\":\"WebPage\",\"@id\":\"https:\\\/\\\/www.jazzzeitung.de\\\/cms\\\/2024\\\/07\\\/die-verwandlungskunst-hoert-nicht-auf-suedtirol-jazzfestival-alto-adige-2024\\\/\",\"url\":\"https:\\\/\\\/www.jazzzeitung.de\\\/cms\\\/2024\\\/07\\\/die-verwandlungskunst-hoert-nicht-auf-suedtirol-jazzfestival-alto-adige-2024\\\/\",\"name\":\"Die Verwandlungskunst h\u00f6rt nicht auf - S\u00fcdtirol Jazzfestival Alto Adige 2024 - JazzZeitung\",\"isPartOf\":{\"@id\":\"https:\\\/\\\/www.jazzzeitung.de\\\/cms\\\/#website\"},\"primaryImageOfPage\":{\"@id\":\"https:\\\/\\\/www.jazzzeitung.de\\\/cms\\\/2024\\\/07\\\/die-verwandlungskunst-hoert-nicht-auf-suedtirol-jazzfestival-alto-adige-2024\\\/#primaryimage\"},\"image\":{\"@id\":\"https:\\\/\\\/www.jazzzeitung.de\\\/cms\\\/2024\\\/07\\\/die-verwandlungskunst-hoert-nicht-auf-suedtirol-jazzfestival-alto-adige-2024\\\/#primaryimage\"},\"thumbnailUrl\":\"https:\\\/\\\/i0.wp.com\\\/www.jazzzeitung.de\\\/cms\\\/wp-content\\\/uploads\\\/2024\\\/07\\\/Adlane-Aliouche-jet-whistle-scaled.jpg?fit=2560%2C1441&ssl=1\",\"datePublished\":\"2024-07-11T12:37:52+00:00\",\"breadcrumb\":{\"@id\":\"https:\\\/\\\/www.jazzzeitung.de\\\/cms\\\/2024\\\/07\\\/die-verwandlungskunst-hoert-nicht-auf-suedtirol-jazzfestival-alto-adige-2024\\\/#breadcrumb\"},\"inLanguage\":\"de\",\"potentialAction\":[{\"@type\":\"ReadAction\",\"target\":[\"https:\\\/\\\/www.jazzzeitung.de\\\/cms\\\/2024\\\/07\\\/die-verwandlungskunst-hoert-nicht-auf-suedtirol-jazzfestival-alto-adige-2024\\\/\"]}]},{\"@type\":\"ImageObject\",\"inLanguage\":\"de\",\"@id\":\"https:\\\/\\\/www.jazzzeitung.de\\\/cms\\\/2024\\\/07\\\/die-verwandlungskunst-hoert-nicht-auf-suedtirol-jazzfestival-alto-adige-2024\\\/#primaryimage\",\"url\":\"https:\\\/\\\/i0.wp.com\\\/www.jazzzeitung.de\\\/cms\\\/wp-content\\\/uploads\\\/2024\\\/07\\\/Adlane-Aliouche-jet-whistle-scaled.jpg?fit=2560%2C1441&ssl=1\",\"contentUrl\":\"https:\\\/\\\/i0.wp.com\\\/www.jazzzeitung.de\\\/cms\\\/wp-content\\\/uploads\\\/2024\\\/07\\\/Adlane-Aliouche-jet-whistle-scaled.jpg?fit=2560%2C1441&ssl=1\",\"width\":2560,\"height\":1441},{\"@type\":\"BreadcrumbList\",\"@id\":\"https:\\\/\\\/www.jazzzeitung.de\\\/cms\\\/2024\\\/07\\\/die-verwandlungskunst-hoert-nicht-auf-suedtirol-jazzfestival-alto-adige-2024\\\/#breadcrumb\",\"itemListElement\":[{\"@type\":\"ListItem\",\"position\":1,\"name\":\"Startseite\",\"item\":\"https:\\\/\\\/www.jazzzeitung.de\\\/cms\\\/\"},{\"@type\":\"ListItem\",\"position\":2,\"name\":\"Die Verwandlungskunst h\u00f6rt nicht auf &#8211; S\u00fcdtirol Jazzfestival Alto Adige 2024\"}]},{\"@type\":\"WebSite\",\"@id\":\"https:\\\/\\\/www.jazzzeitung.de\\\/cms\\\/#website\",\"url\":\"https:\\\/\\\/www.jazzzeitung.de\\\/cms\\\/\",\"name\":\"JazzZeitung\",\"description\":\"Jazz-News und Jazz-Kontroverses\",\"publisher\":{\"@id\":\"https:\\\/\\\/www.jazzzeitung.de\\\/cms\\\/#organization\"},\"potentialAction\":[{\"@type\":\"SearchAction\",\"target\":{\"@type\":\"EntryPoint\",\"urlTemplate\":\"https:\\\/\\\/www.jazzzeitung.de\\\/cms\\\/?s={search_term_string}\"},\"query-input\":{\"@type\":\"PropertyValueSpecification\",\"valueRequired\":true,\"valueName\":\"search_term_string\"}}],\"inLanguage\":\"de\"},{\"@type\":\"Organization\",\"@id\":\"https:\\\/\\\/www.jazzzeitung.de\\\/cms\\\/#organization\",\"name\":\"JazzZeitung online\",\"url\":\"https:\\\/\\\/www.jazzzeitung.de\\\/cms\\\/\",\"logo\":{\"@type\":\"ImageObject\",\"inLanguage\":\"de\",\"@id\":\"https:\\\/\\\/www.jazzzeitung.de\\\/cms\\\/#\\\/schema\\\/logo\\\/image\\\/\",\"url\":\"https:\\\/\\\/i0.wp.com\\\/www.jazzzeitung.de\\\/cms\\\/wp-content\\\/uploads\\\/2015\\\/08\\\/JAZZZEITUNGDE_Logo_Neu.png?fit=499%2C200&ssl=1\",\"contentUrl\":\"https:\\\/\\\/i0.wp.com\\\/www.jazzzeitung.de\\\/cms\\\/wp-content\\\/uploads\\\/2015\\\/08\\\/JAZZZEITUNGDE_Logo_Neu.png?fit=499%2C200&ssl=1\",\"width\":499,\"height\":200,\"caption\":\"JazzZeitung online\"},\"image\":{\"@id\":\"https:\\\/\\\/www.jazzzeitung.de\\\/cms\\\/#\\\/schema\\\/logo\\\/image\\\/\"},\"sameAs\":[\"https:\\\/\\\/www.facebook.com\\\/JazzZeitung\\\/\"]},{\"@type\":\"Person\",\"@id\":\"https:\\\/\\\/www.jazzzeitung.de\\\/cms\\\/#\\\/schema\\\/person\\\/2245b36b9cd1d24cea10f01c031fb92b\",\"name\":\"Redaktion JazzZeitung\",\"image\":{\"@type\":\"ImageObject\",\"inLanguage\":\"de\",\"@id\":\"https:\\\/\\\/i0.wp.com\\\/www.jazzzeitung.de\\\/cms\\\/wp-content\\\/uploads\\\/2015\\\/08\\\/JAZZZEITUNGDE_Logo_Neu.png?resize=96%2C96&ssl=159975dcacb611b5700bd619b5daf0a7a\",\"url\":\"https:\\\/\\\/i0.wp.com\\\/www.jazzzeitung.de\\\/cms\\\/wp-content\\\/uploads\\\/2015\\\/08\\\/JAZZZEITUNGDE_Logo_Neu.png?resize=96%2C96&ssl=1\",\"contentUrl\":\"https:\\\/\\\/i0.wp.com\\\/www.jazzzeitung.de\\\/cms\\\/wp-content\\\/uploads\\\/2015\\\/08\\\/JAZZZEITUNGDE_Logo_Neu.png?resize=96%2C96&ssl=1\",\"caption\":\"Redaktion JazzZeitung\"},\"description\":\"Artikel der Redaktion der JazzZeitung.\",\"sameAs\":[\"http:\\\/\\\/www.jazzzeitung.de\\\/cms\\\/\"],\"url\":\"https:\\\/\\\/www.jazzzeitung.de\\\/cms\\\/author\\\/redaktion\\\/\"}]}<\/script>\n<!-- \/ Yoast SEO plugin. -->","yoast_head_json":{"title":"Die Verwandlungskunst h\u00f6rt nicht auf - S\u00fcdtirol Jazzfestival Alto Adige 2024 - JazzZeitung","robots":{"index":"index","follow":"follow","max-snippet":"max-snippet:-1","max-image-preview":"max-image-preview:large","max-video-preview":"max-video-preview:-1"},"canonical":"https:\/\/www.jazzzeitung.de\/cms\/2024\/07\/die-verwandlungskunst-hoert-nicht-auf-suedtirol-jazzfestival-alto-adige-2024\/","og_locale":"de_DE","og_type":"article","og_title":"Die Verwandlungskunst h\u00f6rt nicht auf - S\u00fcdtirol Jazzfestival Alto Adige 2024 - JazzZeitung","og_description":"(Text &amp; Fotos: Stefan Pieper) Die Magie der blauen Stunde ist st\u00e4ndiger Begleiter im Bozener Kapuzinerpark: Wenn der Tag geht und das aufstrahlende B\u00fchnenlicht \u00fcber die D\u00e4mmerung Oberhand gewinnt, dann verschafft sich zehn Tage und Abende lang die aufregende Vielfalt aktueller Musik Geh\u00f6r. Beim S\u00fcdtirol Jazzfestival Alto Adige geht es um die Erkenntnis, dass Jazz doch zu 99 Prozent eben nicht das ist, was gemeinhin dar\u00fcber in den K\u00f6pfen der Nicht-Eingeweihten herumspukt. Orte und Menschen, oft auch die Ausf\u00fchrenden selbst durch Musik in neue Bewusstseinsstadien zu bringen, ja zu verwandeln, diesen Anspruch l\u00f6ste auch die aktuelle Festivalausgabe leichtf\u00fc\u00dfig ein. Gewollt unerwartet Das Unerwartete ist dabei gewollt \u2013 ja, entsteht meist wie von selbst, nicht selten an wechselnden Nebenlocations des Festivals. Kurz vor der Geisterstunde dringt eine \u00fcberschaubare Gruppe verr\u00fcckter Menschen in Bozens riesige, aber zu diesem Zeitpunkt menschenleere Messehalle ein, in der jetzt etwas ganz anderes stattfinden soll, als die sonst \u00fcblichen Gro\u00dfevents der Wirtschaft oder der Unterhaltungskultur. Es hat schon etwas Rituelles, wie hier nun alles in eigenwilliges, bl\u00e4uliches Licht getaucht ist und wo eine Schar von Verr\u00fcckten einen Kreis um die Band Skylla &hellip;","og_url":"https:\/\/www.jazzzeitung.de\/cms\/2024\/07\/die-verwandlungskunst-hoert-nicht-auf-suedtirol-jazzfestival-alto-adige-2024\/","og_site_name":"JazzZeitung","article_publisher":"https:\/\/www.facebook.com\/JazzZeitung\/","article_published_time":"2024-07-11T12:37:52+00:00","og_image":[{"width":2560,"height":1441,"url":"https:\/\/i0.wp.com\/www.jazzzeitung.de\/cms\/wp-content\/uploads\/2024\/07\/Adlane-Aliouche-jet-whistle-scaled.jpg?fit=2560%2C1441&ssl=1","type":"image\/jpeg"}],"author":"Redaktion JazzZeitung","schema":{"@context":"https:\/\/schema.org","@graph":[{"@type":"Article","@id":"https:\/\/www.jazzzeitung.de\/cms\/2024\/07\/die-verwandlungskunst-hoert-nicht-auf-suedtirol-jazzfestival-alto-adige-2024\/#article","isPartOf":{"@id":"https:\/\/www.jazzzeitung.de\/cms\/2024\/07\/die-verwandlungskunst-hoert-nicht-auf-suedtirol-jazzfestival-alto-adige-2024\/"},"author":{"name":"Redaktion JazzZeitung","@id":"https:\/\/www.jazzzeitung.de\/cms\/#\/schema\/person\/2245b36b9cd1d24cea10f01c031fb92b"},"headline":"Die Verwandlungskunst h\u00f6rt nicht auf &#8211; S\u00fcdtirol Jazzfestival Alto Adige 2024","datePublished":"2024-07-11T12:37:52+00:00","mainEntityOfPage":{"@id":"https:\/\/www.jazzzeitung.de\/cms\/2024\/07\/die-verwandlungskunst-hoert-nicht-auf-suedtirol-jazzfestival-alto-adige-2024\/"},"wordCount":1425,"commentCount":0,"publisher":{"@id":"https:\/\/www.jazzzeitung.de\/cms\/#organization"},"image":{"@id":"https:\/\/www.jazzzeitung.de\/cms\/2024\/07\/die-verwandlungskunst-hoert-nicht-auf-suedtirol-jazzfestival-alto-adige-2024\/#primaryimage"},"thumbnailUrl":"https:\/\/i0.wp.com\/www.jazzzeitung.de\/cms\/wp-content\/uploads\/2024\/07\/Adlane-Aliouche-jet-whistle-scaled.jpg?fit=2560%2C1441&ssl=1","keywords":["Jazzfestival","Stefan Pieper","S\u00fcdtirol Jazzfestival Alto Adige 2024"],"articleSection":["Bericht"],"inLanguage":"de","potentialAction":[{"@type":"CommentAction","name":"Comment","target":["https:\/\/www.jazzzeitung.de\/cms\/2024\/07\/die-verwandlungskunst-hoert-nicht-auf-suedtirol-jazzfestival-alto-adige-2024\/#respond"]}]},{"@type":"WebPage","@id":"https:\/\/www.jazzzeitung.de\/cms\/2024\/07\/die-verwandlungskunst-hoert-nicht-auf-suedtirol-jazzfestival-alto-adige-2024\/","url":"https:\/\/www.jazzzeitung.de\/cms\/2024\/07\/die-verwandlungskunst-hoert-nicht-auf-suedtirol-jazzfestival-alto-adige-2024\/","name":"Die Verwandlungskunst h\u00f6rt nicht auf - S\u00fcdtirol Jazzfestival Alto Adige 2024 - JazzZeitung","isPartOf":{"@id":"https:\/\/www.jazzzeitung.de\/cms\/#website"},"primaryImageOfPage":{"@id":"https:\/\/www.jazzzeitung.de\/cms\/2024\/07\/die-verwandlungskunst-hoert-nicht-auf-suedtirol-jazzfestival-alto-adige-2024\/#primaryimage"},"image":{"@id":"https:\/\/www.jazzzeitung.de\/cms\/2024\/07\/die-verwandlungskunst-hoert-nicht-auf-suedtirol-jazzfestival-alto-adige-2024\/#primaryimage"},"thumbnailUrl":"https:\/\/i0.wp.com\/www.jazzzeitung.de\/cms\/wp-content\/uploads\/2024\/07\/Adlane-Aliouche-jet-whistle-scaled.jpg?fit=2560%2C1441&ssl=1","datePublished":"2024-07-11T12:37:52+00:00","breadcrumb":{"@id":"https:\/\/www.jazzzeitung.de\/cms\/2024\/07\/die-verwandlungskunst-hoert-nicht-auf-suedtirol-jazzfestival-alto-adige-2024\/#breadcrumb"},"inLanguage":"de","potentialAction":[{"@type":"ReadAction","target":["https:\/\/www.jazzzeitung.de\/cms\/2024\/07\/die-verwandlungskunst-hoert-nicht-auf-suedtirol-jazzfestival-alto-adige-2024\/"]}]},{"@type":"ImageObject","inLanguage":"de","@id":"https:\/\/www.jazzzeitung.de\/cms\/2024\/07\/die-verwandlungskunst-hoert-nicht-auf-suedtirol-jazzfestival-alto-adige-2024\/#primaryimage","url":"https:\/\/i0.wp.com\/www.jazzzeitung.de\/cms\/wp-content\/uploads\/2024\/07\/Adlane-Aliouche-jet-whistle-scaled.jpg?fit=2560%2C1441&ssl=1","contentUrl":"https:\/\/i0.wp.com\/www.jazzzeitung.de\/cms\/wp-content\/uploads\/2024\/07\/Adlane-Aliouche-jet-whistle-scaled.jpg?fit=2560%2C1441&ssl=1","width":2560,"height":1441},{"@type":"BreadcrumbList","@id":"https:\/\/www.jazzzeitung.de\/cms\/2024\/07\/die-verwandlungskunst-hoert-nicht-auf-suedtirol-jazzfestival-alto-adige-2024\/#breadcrumb","itemListElement":[{"@type":"ListItem","position":1,"name":"Startseite","item":"https:\/\/www.jazzzeitung.de\/cms\/"},{"@type":"ListItem","position":2,"name":"Die Verwandlungskunst h\u00f6rt nicht auf &#8211; S\u00fcdtirol Jazzfestival Alto Adige 2024"}]},{"@type":"WebSite","@id":"https:\/\/www.jazzzeitung.de\/cms\/#website","url":"https:\/\/www.jazzzeitung.de\/cms\/","name":"JazzZeitung","description":"Jazz-News und Jazz-Kontroverses","publisher":{"@id":"https:\/\/www.jazzzeitung.de\/cms\/#organization"},"potentialAction":[{"@type":"SearchAction","target":{"@type":"EntryPoint","urlTemplate":"https:\/\/www.jazzzeitung.de\/cms\/?s={search_term_string}"},"query-input":{"@type":"PropertyValueSpecification","valueRequired":true,"valueName":"search_term_string"}}],"inLanguage":"de"},{"@type":"Organization","@id":"https:\/\/www.jazzzeitung.de\/cms\/#organization","name":"JazzZeitung online","url":"https:\/\/www.jazzzeitung.de\/cms\/","logo":{"@type":"ImageObject","inLanguage":"de","@id":"https:\/\/www.jazzzeitung.de\/cms\/#\/schema\/logo\/image\/","url":"https:\/\/i0.wp.com\/www.jazzzeitung.de\/cms\/wp-content\/uploads\/2015\/08\/JAZZZEITUNGDE_Logo_Neu.png?fit=499%2C200&ssl=1","contentUrl":"https:\/\/i0.wp.com\/www.jazzzeitung.de\/cms\/wp-content\/uploads\/2015\/08\/JAZZZEITUNGDE_Logo_Neu.png?fit=499%2C200&ssl=1","width":499,"height":200,"caption":"JazzZeitung online"},"image":{"@id":"https:\/\/www.jazzzeitung.de\/cms\/#\/schema\/logo\/image\/"},"sameAs":["https:\/\/www.facebook.com\/JazzZeitung\/"]},{"@type":"Person","@id":"https:\/\/www.jazzzeitung.de\/cms\/#\/schema\/person\/2245b36b9cd1d24cea10f01c031fb92b","name":"Redaktion JazzZeitung","image":{"@type":"ImageObject","inLanguage":"de","@id":"https:\/\/i0.wp.com\/www.jazzzeitung.de\/cms\/wp-content\/uploads\/2015\/08\/JAZZZEITUNGDE_Logo_Neu.png?resize=96%2C96&ssl=159975dcacb611b5700bd619b5daf0a7a","url":"https:\/\/i0.wp.com\/www.jazzzeitung.de\/cms\/wp-content\/uploads\/2015\/08\/JAZZZEITUNGDE_Logo_Neu.png?resize=96%2C96&ssl=1","contentUrl":"https:\/\/i0.wp.com\/www.jazzzeitung.de\/cms\/wp-content\/uploads\/2015\/08\/JAZZZEITUNGDE_Logo_Neu.png?resize=96%2C96&ssl=1","caption":"Redaktion JazzZeitung"},"description":"Artikel der Redaktion der JazzZeitung.","sameAs":["http:\/\/www.jazzzeitung.de\/cms\/"],"url":"https:\/\/www.jazzzeitung.de\/cms\/author\/redaktion\/"}]}},"wp-worthy-pixel":{"ignored":false,"public":null,"server":null,"url":null},"wp-worthy-type":"normal","jetpack_publicize_connections":[],"cc_featured_image_caption":{"caption_text":"","source_text":"","source_url":""},"jetpack_featured_media_url":"https:\/\/i0.wp.com\/www.jazzzeitung.de\/cms\/wp-content\/uploads\/2024\/07\/Adlane-Aliouche-jet-whistle-scaled.jpg?fit=2560%2C1441&ssl=1","jetpack_shortlink":"https:\/\/wp.me\/p3KEcT-88H","jetpack-related-posts":[{"id":8122,"url":"https:\/\/www.jazzzeitung.de\/cms\/2016\/01\/suedtirol-jazzfestival-alto-adige-2016-startet-die-naechste-runde\/","url_meta":{"origin":31291,"position":0},"title":"Save the Date: S\u00fcdtirol Jazzfestival Alto Adige 2016 startet in die n\u00e4chste Runde","author":"Redaktion JazzZeitung","date":"16. Januar 2016","format":false,"excerpt":"Nach dem Festival ist vor dem Festival: Die Vorbereitungen auf das S\u00fcdtirol Jazzfestival Alto Adige 2016 laufen bereits auf Hochtouren, die Er\u00f6ffnung ist am 24. Juni 2016. Dieses Jahr findet das S\u00fcdtirol Jazzfestival Alto Adige bereits in seiner 34. Auflage statt. Wie jedes Jahr sind auch f\u00fcr das bevorstehende Event\u2026","rel":"","context":"In &quot;News&quot;","block_context":{"text":"News","link":"https:\/\/www.jazzzeitung.de\/cms\/thema\/nachrichten\/"},"img":{"alt_text":"Das 34. S\u00fcdtirol Jazzfestival Alto Adige - dieses Jahr mit dem Schwerpunkt auf \u00d6sterreich und Italien. Foto: G. Pichler","src":"https:\/\/i0.wp.com\/www.jazzzeitung.de\/cms\/wp-content\/uploads\/2016\/01\/SJF15-0701-Waltherplatz-Three-Trapped-Tigers-c-GPichler-14-150x150.jpg?resize=350%2C200","width":350,"height":200},"classes":[]},{"id":29768,"url":"https:\/\/www.jazzzeitung.de\/cms\/2023\/07\/mit-liebe-bei-der-sache-das-suedtirol-jazzfestival-alto-adige\/","url_meta":{"origin":31291,"position":1},"title":"Mit Liebe bei der Sache &#8211; das S\u00fcdtirol Jazzfestival Alto Adige","author":"Redaktion JazzZeitung","date":"12. Juli 2023","format":false,"excerpt":"Von Stefan Pieper. Auch die zweite H\u00e4lfte des S\u00fcdtirol Jazzfestival Alto Adige bot eine breite Vielschichtigkeit und immer wieder hochmotivierte, betont \u201eauthentisch\u201c agierende Bands, die mit ihrem versunken lauschenden Publikum in anregender Atmosph\u00e4re zu einem Ganzen verschmolzen. Lohn f\u00fcr das ganze Engagement der zahllosen Bands und Musiker und ebenso des\u2026","rel":"","context":"In &quot;Bericht&quot;","block_context":{"text":"Bericht","link":"https:\/\/www.jazzzeitung.de\/cms\/thema\/bericht\/"},"img":{"alt_text":"","src":"https:\/\/i0.wp.com\/www.jazzzeitung.de\/cms\/wp-content\/uploads\/2023\/07\/DSC09661-scaled.jpg?fit=1200%2C675&ssl=1&resize=350%2C200","width":350,"height":200,"srcset":"https:\/\/i0.wp.com\/www.jazzzeitung.de\/cms\/wp-content\/uploads\/2023\/07\/DSC09661-scaled.jpg?fit=1200%2C675&ssl=1&resize=350%2C200 1x, https:\/\/i0.wp.com\/www.jazzzeitung.de\/cms\/wp-content\/uploads\/2023\/07\/DSC09661-scaled.jpg?fit=1200%2C675&ssl=1&resize=525%2C300 1.5x, https:\/\/i0.wp.com\/www.jazzzeitung.de\/cms\/wp-content\/uploads\/2023\/07\/DSC09661-scaled.jpg?fit=1200%2C675&ssl=1&resize=700%2C400 2x, https:\/\/i0.wp.com\/www.jazzzeitung.de\/cms\/wp-content\/uploads\/2023\/07\/DSC09661-scaled.jpg?fit=1200%2C675&ssl=1&resize=1050%2C600 3x"},"classes":[]},{"id":29703,"url":"https:\/\/www.jazzzeitung.de\/cms\/2023\/07\/das-suedtirol-jazzfestival-alto-adige-hat-begonnen\/","url_meta":{"origin":31291,"position":2},"title":"Vielfalt pur \u2013 das S\u00fcdtirol Jazzfestival Alto Adige hat begonnen","author":"Andreas Kolb","date":"4. Juli 2023","format":false,"excerpt":"Seit Jahrhunderten gibt es viele Gr\u00fcnde f\u00fcr einen Deutschen, die Alpen zu \u00fcberqueren. Seit 2004 einen weiteren: Das Jazzfestival S\u00fcdtirol Alto Adige. In diesem Jahr hatte der praktische Arzt, Bergsteiger und Gitarrenmusik- und Jazz-Liebhaber Klaus Widmann das S\u00fcdtirol Jazzfestival von Gr\u00fcnder Nicola Ciardi \u00fcbernommen und machte es \u00fcber die Jahre\u2026","rel":"","context":"In &quot;Bericht&quot;","block_context":{"text":"Bericht","link":"https:\/\/www.jazzzeitung.de\/cms\/thema\/bericht\/"},"img":{"alt_text":"","src":"https:\/\/i0.wp.com\/www.jazzzeitung.de\/cms\/wp-content\/uploads\/2023\/07\/Altoadige-Jazz-2023La-Litanie-des-Cimes.jpg?fit=1200%2C800&ssl=1&resize=350%2C200","width":350,"height":200,"srcset":"https:\/\/i0.wp.com\/www.jazzzeitung.de\/cms\/wp-content\/uploads\/2023\/07\/Altoadige-Jazz-2023La-Litanie-des-Cimes.jpg?fit=1200%2C800&ssl=1&resize=350%2C200 1x, https:\/\/i0.wp.com\/www.jazzzeitung.de\/cms\/wp-content\/uploads\/2023\/07\/Altoadige-Jazz-2023La-Litanie-des-Cimes.jpg?fit=1200%2C800&ssl=1&resize=525%2C300 1.5x, https:\/\/i0.wp.com\/www.jazzzeitung.de\/cms\/wp-content\/uploads\/2023\/07\/Altoadige-Jazz-2023La-Litanie-des-Cimes.jpg?fit=1200%2C800&ssl=1&resize=700%2C400 2x, https:\/\/i0.wp.com\/www.jazzzeitung.de\/cms\/wp-content\/uploads\/2023\/07\/Altoadige-Jazz-2023La-Litanie-des-Cimes.jpg?fit=1200%2C800&ssl=1&resize=1050%2C600 3x"},"classes":[]},{"id":8716,"url":"https:\/\/www.jazzzeitung.de\/cms\/2016\/03\/das-suedtirol-jazzfestival-alto-adige-kennt-keine-grenzen\/","url_meta":{"origin":31291,"position":3},"title":"Das S\u00fcdtirol Jazzfestival Alto Adige kennt keine Grenzen&#8230;","author":"Redaktion JazzZeitung","date":"17. M\u00e4rz 2016","format":false,"excerpt":"Zum 34. Mal wird das S\u00fcdtirol Jazzfestival Alto Adige auf die B\u00fchne(n) gebracht \u2013 und bespielt wie in den vergangenen Jahren wiederum ganz S\u00fcdtirol. Von der Er\u00f6ffnung am Freitag, 24. Juni bis zum Abschluss am Sonntag, 3. Juli, zieht der bunte Jazz-Tross auf knapp 60 Schaupl\u00e4tzen in 20 S\u00fcdtiroler Gemeinden\u2026","rel":"","context":"In &quot;News&quot;","block_context":{"text":"News","link":"https:\/\/www.jazzzeitung.de\/cms\/thema\/nachrichten\/"},"img":{"alt_text":"Perhaps Contraption - Ritten. Foto: G. Pichler","src":"https:\/\/i0.wp.com\/www.jazzzeitung.de\/cms\/wp-content\/uploads\/2016\/03\/Perhaps-Contraption-Ritten-c-G.-Pichler-150x150.jpg?resize=350%2C200","width":350,"height":200},"classes":[]},{"id":22336,"url":"https:\/\/www.jazzzeitung.de\/cms\/2020\/04\/newssuedtirol-jazzfestival-alto-adige-2020-abgesagtmoers-jazzfestival-soll-stattfinden\/","url_meta":{"origin":31291,"position":4},"title":"news+++S\u00fcdtirol Jazzfestival Alto Adige 2020 abgesagt+++Moers Jazzfestival soll stattfinden+++","author":"Redaktion JazzZeitung","date":"11. April 2020","format":false,"excerpt":"Eine weitere Festival-Absage Das S\u00fcdtirol Jazzfestival Alto Adige findet dieses Jahr zum ersten Mal in 38 Jahren nicht statt. Die Pandemie hat auch die Veranstalter in S\u00fcdtirol gezwungen, Festivals, Konzerte usw. abzusagen. Das Programm des Festivals sollte eigentlich eine Reise in den osteurop\u00e4ischen Jazz sein, Name des Themas: \u201eGegen den\u2026","rel":"","context":"In &quot;News&quot;","block_context":{"text":"News","link":"https:\/\/www.jazzzeitung.de\/cms\/thema\/nachrichten\/"},"img":{"alt_text":"","src":"https:\/\/www.jazzzeitung.de\/cms\/wp-content\/uploads\/2020\/03\/Beitragsbild-beschnitten-e1583498329553.bmp","width":350,"height":200,"srcset":"https:\/\/www.jazzzeitung.de\/cms\/wp-content\/uploads\/2020\/03\/Beitragsbild-beschnitten-e1583498329553.bmp 1x, https:\/\/www.jazzzeitung.de\/cms\/wp-content\/uploads\/2020\/03\/Beitragsbild-beschnitten-e1583498329553.bmp 1.5x, https:\/\/www.jazzzeitung.de\/cms\/wp-content\/uploads\/2020\/03\/Beitragsbild-beschnitten-e1583498329553.bmp 2x, https:\/\/www.jazzzeitung.de\/cms\/wp-content\/uploads\/2020\/03\/Beitragsbild-beschnitten-e1583498329553.bmp 3x"},"classes":[]},{"id":31217,"url":"https:\/\/www.jazzzeitung.de\/cms\/2024\/06\/was-gibt-es-neues-beim-suedtirol-jazzfestival-alto-adige-gespraech-mit-stefan-festini-cucco\/","url_meta":{"origin":31291,"position":5},"title":"Was gibt es Neues beim S\u00fcdtirol Jazzfestival Alto Adige? &#8211; Gespr\u00e4ch mit Stefan Festini Cucco","author":"Redaktion JazzZeitung","date":"21. Juni 2024","format":false,"excerpt":"(Von Stefan Pieper) Auch das S\u00fcdtirol Jazzfestival Alto Adige will sein Bestes geben, damit Bozen und die ganze Region ihrem neuen Status als UNESCO Creative City of Music Ehre macht. Ein Gespr\u00e4ch mit Stefan Festini Cucco, der zusammen mit Max von Pretz und Roberto Tubaro seit letztem Jahr das k\u00fcnstlerische\u2026","rel":"","context":"In &quot;Portrait&quot;","block_context":{"text":"Portrait","link":"https:\/\/www.jazzzeitung.de\/cms\/thema\/portrait\/"},"img":{"alt_text":"","src":"https:\/\/i0.wp.com\/www.jazzzeitung.de\/cms\/wp-content\/uploads\/2024\/06\/suedtirol-1.jpg?fit=1200%2C902&ssl=1&resize=350%2C200","width":350,"height":200,"srcset":"https:\/\/i0.wp.com\/www.jazzzeitung.de\/cms\/wp-content\/uploads\/2024\/06\/suedtirol-1.jpg?fit=1200%2C902&ssl=1&resize=350%2C200 1x, https:\/\/i0.wp.com\/www.jazzzeitung.de\/cms\/wp-content\/uploads\/2024\/06\/suedtirol-1.jpg?fit=1200%2C902&ssl=1&resize=525%2C300 1.5x, https:\/\/i0.wp.com\/www.jazzzeitung.de\/cms\/wp-content\/uploads\/2024\/06\/suedtirol-1.jpg?fit=1200%2C902&ssl=1&resize=700%2C400 2x, https:\/\/i0.wp.com\/www.jazzzeitung.de\/cms\/wp-content\/uploads\/2024\/06\/suedtirol-1.jpg?fit=1200%2C902&ssl=1&resize=1050%2C600 3x"},"classes":[]}],"jetpack_sharing_enabled":true,"_links":{"self":[{"href":"https:\/\/www.jazzzeitung.de\/cms\/wp-json\/wp\/v2\/posts\/31291","targetHints":{"allow":["GET"]}}],"collection":[{"href":"https:\/\/www.jazzzeitung.de\/cms\/wp-json\/wp\/v2\/posts"}],"about":[{"href":"https:\/\/www.jazzzeitung.de\/cms\/wp-json\/wp\/v2\/types\/post"}],"author":[{"embeddable":true,"href":"https:\/\/www.jazzzeitung.de\/cms\/wp-json\/wp\/v2\/users\/18"}],"replies":[{"embeddable":true,"href":"https:\/\/www.jazzzeitung.de\/cms\/wp-json\/wp\/v2\/comments?post=31291"}],"version-history":[{"count":1,"href":"https:\/\/www.jazzzeitung.de\/cms\/wp-json\/wp\/v2\/posts\/31291\/revisions"}],"predecessor-version":[{"id":31325,"href":"https:\/\/www.jazzzeitung.de\/cms\/wp-json\/wp\/v2\/posts\/31291\/revisions\/31325"}],"wp:featuredmedia":[{"embeddable":true,"href":"https:\/\/www.jazzzeitung.de\/cms\/wp-json\/wp\/v2\/media\/31292"}],"wp:attachment":[{"href":"https:\/\/www.jazzzeitung.de\/cms\/wp-json\/wp\/v2\/media?parent=31291"}],"wp:term":[{"taxonomy":"category","embeddable":true,"href":"https:\/\/www.jazzzeitung.de\/cms\/wp-json\/wp\/v2\/categories?post=31291"},{"taxonomy":"post_tag","embeddable":true,"href":"https:\/\/www.jazzzeitung.de\/cms\/wp-json\/wp\/v2\/tags?post=31291"},{"taxonomy":"author","embeddable":true,"href":"https:\/\/www.jazzzeitung.de\/cms\/wp-json\/wp\/v2\/coauthors?post=31291"}],"curies":[{"name":"wp","href":"https:\/\/api.w.org\/{rel}","templated":true}]}}