{"id":31245,"date":"2024-07-07T12:00:14","date_gmt":"2024-07-07T10:00:14","guid":{"rendered":"https:\/\/www.jazzzeitung.de\/cms\/?p=31245"},"modified":"2024-07-04T14:21:52","modified_gmt":"2024-07-04T12:21:52","slug":"die-erweiterte-jazz-radiowoche-vom-08-07-2024-bis-15-07-2024","status":"publish","type":"post","link":"https:\/\/www.jazzzeitung.de\/cms\/2024\/07\/die-erweiterte-jazz-radiowoche-vom-08-07-2024-bis-15-07-2024\/","title":{"rendered":"Die erweiterte Jazz-Radiowoche vom 08.07.2024 bis 14.07.2024"},"content":{"rendered":"<p><a name=\"_Toc87008090\"><\/a><a name=\"_Toc88649037\"><\/a><strong>Die erweiterte Jazz-Radiowoche vom 08.07.2024 bis 14.07.202<\/strong><strong>4<\/strong><\/p>\n<p>Ein kleiner Blick in die Radiowoche 28. Die \u00dcbersicht zum <a href=\"https:\/\/service.conbrio.de\/service\/download\/278\/\">Download als PDF<\/a><span style=\"text-decoration: line-through;\">.<\/span> Alle Angaben ohne Gew\u00e4hr. Erg\u00e4nzt mit den tollen Sendungen zur Neuen Musik von BR-KLASSIK und \u00d61.<\/p>\n<p><a href=\"#_Toc170994902\">Senderliste: 2<\/a><\/p>\n<ul>\n<li><a href=\"#mo\">mo \u2013 08.07.24. 3<\/a><\/li>\n<li><a href=\"#di\">di \u2013 09.07.24. 3<\/a><\/li>\n<li><a href=\"#mi\">mi \u2013 10.07.24. 5<\/a><\/li>\n<li><a href=\"#do\">do \u2013 11.07.24. 6<\/a><\/li>\n<li><a href=\"#fr\">fr \u2013 12.07.24. 7<\/a><\/li>\n<li><a href=\"#sa\">sa \u2013 13.07.24. 8<\/a><\/li>\n<li><a href=\"#so\">so \u2013 14.07.24. 9<\/a><\/li>\n<\/ul>\n<hr \/>\n<h2><a name=\"_Toc170411105\"><\/a>Senderliste:<\/h2>\n<ul>\n<li><a href=\"https:\/\/oe1.orf.at\/\">ORF \u2013 \u00d61<\/a><\/li>\n<li><a href=\"https:\/\/www.deutschlandradio.de\/\">Deutschlandfunk<\/a> \u2013 \u201eFakten und mehr\u201c<\/li>\n<li><a href=\"https:\/\/www.deutschlandfunkkultur.de\/\">Deutschlandfunk-Kultur<\/a> \u2013 \u201eDas Feuilleton im Radio\u201c<\/li>\n<li><a href=\"https:\/\/www.ndr.de\/ndrkultur\/\">ndr Kultur<\/a> \u2013 H\u00f6ren und genie\u00dfen<\/li>\n<li><a href=\"https:\/\/www.bremenzwei.de\/\">radio bremen<\/a> \u2013 Neugier lohnt sich.<\/li>\n<li><a href=\"https:\/\/www.radiodrei.de\/\">radio 3<\/a> \u2013<\/li>\n<li><a href=\"https:\/\/www.mdr.de\/kultur\/radio\/index.html\">mdr-kultur<\/a> \u2013 Das Radio.<\/li>\n<li><a href=\"https:\/\/www1.wdr.de\/radio\/wdr3\/\">wdr3<\/a> \u2013 Das Kulturradio<\/li>\n<li><a href=\"https:\/\/www.hr2.de\/index.html\">hr2-kultur<\/a> \u2013 Das Kulturradio f\u00fcr Hessen.<\/li>\n<li><a href=\"https:\/\/www.sr.de\/sr\/sr2\/index.html\">sr2 Kulturradio<\/a> \u2013 \u2026 gut zu h\u00f6ren.<\/li>\n<li><a href=\"https:\/\/www.swr.de\/swr2\/\">swr <\/a>kultur \u2013 Kultur neu entdecken<\/li>\n<li><a href=\"https:\/\/www.br.de\/radio\/br-klassik\/index.html\">BR-KLASSIK<\/a> \u2013 Klassikstars geben auf BR-KLASSIK den Ton an. Attraktive Magazine bringen Interviews und Neuigkeiten aus dem Musikleben.<\/li>\n<li><a href=\"https:\/\/www.br.de\/radio\/bayern2\/index.html\">Bayern 2<\/a> \u2013 Preisgekr\u00f6ntes Radio f\u00fcr H\u00f6rer, die mehr wissen wollen<\/li>\n<\/ul>\n<hr \/>\n<p><a name=\"mo\"><\/a><\/p>\n<h2>mo \u2013 08.07.24<\/h2>\n<p>20:03 bis 21:30 +++ Deutschlandfunk Kultur<br \/>\n<strong>In Concert: Tampere Jazz Happening \u2013 Tullikamarin Pakkahuone (Old Customs House), Tampere \/ Finnland<\/strong><\/p>\n<p style=\"padding-left: 40px;\">Aufzeichnung vom 03.11.2023. Jos\u00e9 James und Band: Jos\u00e9 James, Gesang; Chad Selph, Keyboard; Josh Hari, Bass; Jharis Yokley, Schlagzeug. Moderation: Matthias Wegner<\/p>\n<p>22:04 bis 23:00 +++ WDR 3<br \/>\n<strong>WDR 3 Jazz \u2013 Moderation: Karsten M\u00fctzelfeldt<\/strong><\/p>\n<p>22:30 bis 23:00 +++ hr2-kultur<br \/>\n<strong>Jazz Now<\/strong><\/p>\n<p style=\"padding-left: 40px;\">Aus dem Dschungel der Neuver\u00f6ffentlichungen | heute mit: Tomasz Stanko Quartet | Altus | Winther\/Andersson\/Watts<\/p>\n<p>22:33 bis 23:30 +++ NDR Kultur<br \/>\n<strong>Play Jazz! Magazin am Montag mit Ralf Dorschel<\/strong><\/p>\n<p>23:03 bis 24:00 Uhr +++ \u00d61<br \/>\n<strong>Vinko Globokars originelle Musikkonstruktionen \u2013 Der K\u00f6rper ist Instrument. Zum 90. Geburtstag von Vinko Globokar.<\/strong><\/p>\n<p style=\"padding-left: 40px;\">Als Komponist, Improvisator, Interpret und P\u00e4dagoge hat der in Frankreich geborene, slowenischst\u00e4mmige Vinko Globokar sich seine eigene Nische im zeitgen\u00f6ssischen Musikbetrieb geschaffen. Am 7. Juli 2024 hat er seinen 90. Geburtstag gefeiert. Globokars Werk ist gepr\u00e4gt durch seine Doppelrolle als Komponist und Interpret. Spieltechnische Neuerungen stehen im Fokus, ebenso psychologische Fragestellungen, die die Verhaltensweisen der ausf\u00fchrenden Musiker betreffen. Der K\u00f6rper mit all seinen expressiven Funktionen, im weitesten Sinn als \u201eK\u00f6rpersprache\u201c bezeichnet, steht im Zentrum seines Komponierens \u2013 in mehreren Funktionen, wie der Musikwissenschafter und Publizist Nyffeler schreibt: \u201eDer K\u00f6rper ist Instrument, er ist physischer Sitz des musikalischen Ichs (also Subjekt), er ist Reflexionsgegenstand (also Objekt des Bewusstseins) und Demonstrationsobjekt (f\u00fcr das Publikum).\u201c Erschaffen und Zerst\u00f6ren gehen bei seinen Konzepten oft Hand in Hand. Musik wird in Globokars durchdachten Partituren kreiert \u2013 und in vielen F\u00e4llen auch gleichsam wieder von innen zur Explosion gebracht. (Wiederholung vom 1. Juli 2019). Gestaltung: Rainer Elstner<\/p>\n<p>23:30 bis 00:00 +++ NDR Kultur<br \/>\n<strong>Round Midnight: Jazz goes Beatles<\/strong><\/p>\n<hr \/>\n<p><a name=\"di\"><\/a><\/p>\n<h2>di \u2013 09.07.24<\/h2>\n<hr \/>\n<p>01:05 bis 05:00 +++ Deutschlandfunk Kultur<br \/>\n<strong>Tonart: Jazz \u2013 Moderation: Manuela Krause<\/strong><\/p>\n<p>20:03 \u2013 21:00 UHR +++ SWR Kultur Jazz Session<br \/>\n<strong>Jazzfest Berlin 2023 \u2013 Marthe Lea Band<\/strong><\/p>\n<p style=\"padding-left: 40px;\">Von Julia Neupert. Das Konzept der Marthe Lea Band klingt auf dem Papier ziemlich seltsam: Einfl\u00fcsse aus afrikanischer und skandinavischer Musik will das Quintett um die norwegische Multiinstrumentalistin hier zusammenbringen. Fragen nach dem Warum oder Wie er\u00fcbrigen sich aber, wenn man Marthe Lea und ihre Mitstreiter auf der B\u00fchne erlebt, so wie beim letztj\u00e4hrigen Jazzfest Berlin: Dort hat die Band gezeigt, wie sie \u00fcber scheinbare stilistische und kulturelle Grenzen souver\u00e4n und mitrei\u00dfend hinwegspielen. Eine Entdeckung!.<\/p>\n<p>21:05 bis 22:00 +++ Deutschlandfunk<br \/>\n<strong>Jazz Live: Tri-kontinentale K\u00fcnstlerin \u2013 Die Bassistin Linda May Han Oh und ihr Quartett<\/strong><\/p>\n<p style=\"padding-left: 40px;\">\u00a0Sara Serpa, Gesang; Fabian Almazan, Klavier; Linda May Han Oh, Bass; Mark Whitfield Junior, Schlagzeug. Aufnahmen vom 25.4.2024 aus dem Post Tower beim Jazzfest Bonn. Am Mikrofon: Michael Kuhlmann<\/p>\n<p style=\"padding-left: 40px;\">Ihre Eltern sind geb\u00fcrtige Asiaten, sie wuchs in Australien auf, lebt seit 20 Jahren in New York und z\u00e4hlt heute zu den festen Gr\u00f6\u00dfen der dortigen Jazzszene. Sie spielte mit Joe Lovano und begleitet heute regelm\u00e4\u00dfig Pat Metheny. Beim Jazzfest Bonn gastierte Linda May Han Oh mit ihrem Quartett, zu dem auch ihr Ehemann Fabian Almazan am Klavier geh\u00f6rt, vor ausverkauftem Haus. In der Musik ihres Quartetts integriert sie akustische und elektronische Kl\u00e4nge \u2013 den Wechsel zwischen akustischem Kontrabass und elektrischem Bass vollzieht sie spielend. Als junge Mutter macht sich Linda May Han Oh Gedanken \u00fcber die Zukunft der Menschheit und verarbeitet sie in ihrer Musik und in den Texten ihrer Kompositionen.<\/p>\n<p>22:04 bis 23:00 +++ WDR 3<br \/>\n<strong>WDR 3 Jazz \u2013 Moderation: Paul Littich<\/strong><\/p>\n<p>22:05 bis 23:00 Uhr +++ BR-KLASSIK<br \/>\n<strong>Horizonte: Zum 90. Geburtstag von Vinko Globokar<\/strong><\/p>\n<p style=\"padding-left: 40px;\">Vinko Globokar: \u201eToucher\u201c (Johannes Fischer, Schlagzeug); \u201eLa trombe \u00e9 mobile\u201c, Harmoniemusik (Ensemble: Vinko Globokar); \u201eVoix instrumentalis\u00e9e\u201c (Eduard Brunner, Klarinette ohne Mundst\u00fcck)<\/p>\n<p>22:30 bis 23:00 +++ hr2-kultur<br \/>\n<strong>Jazz and More<\/strong><\/p>\n<p style=\"padding-left: 40px;\">An den R\u00e4ndern des Jazz | heute mit: Nils Landgren Funk Unit | Gert Kapo | Janel &amp; Anthony<\/p>\n<p>22:33 bis 23:30 +++ NDR Kultur<br \/>\n<strong>Play Jazz! NDR Sonderkonzert: Joachim K\u00fchn New Trio in der Elbphilharmonie<\/strong><\/p>\n<p style=\"padding-left: 40px;\">Im Play Jazz! \u2013 Konzert werden Liveaufnahmen des NDR aus dem Rolf-Liebermann-Studio, aus Clubs und von Festivals im Sendegebiet gesendet.<\/p>\n<p style=\"padding-left: 40px;\">Mitschnitte von JazzBaltica, Elbjazz, Eldenaer Jazz Evenings, See More Jazz oder der Jazzwoche Hannover zeigen die Vielfalt der Festivallandschaft im Norden. Neben aktuellen Aufnahmen ist Dienstagabend auch der Platz f\u00fcr Konzertsch\u00e4tze aus den Archiven des NDR.<\/p>\n<p>23:03 bis 24:00 Uhr +++ \u00d61<br \/>\n<strong>Luigi Nonos ideologisch motivierte Kunst \u2013 Nur aus Zufall Musiker: Zum 100. Geburtstag des politisch denkenden und handelnden Komponisten <\/strong><\/p>\n<p style=\"padding-left: 40px;\">Mit Luigi Nono starb 1990 einer der letzten dezidiert politischen Komponisten des 20. Jahrhunderts. Der Italiener war mit dem Widerstand gegen die Diktatur Mussolinis und als sp\u00e4teres Mitglied der Kommunistischen Partei fr\u00fch mit der Macht unterschiedlicher Ideologien in Ber\u00fchrung gekommen. Der \u00fcberzeugte linke Humanist setzte mit seinen Kompositionen, oft unter Verwendung von literarischen Texten, starke inhaltliche und musikalisch Zeichen. So etwa in seinem \u201eIl canto sospeso\u201c f\u00fcr Solisten, Chor und Orchester aus dem Jahr 1956, f\u00fcr das Nono letzte Briefe von zum Tode verurteilten jungen Frauen und M\u00e4nnern aus dem europ\u00e4ischen Widerstand w\u00e4hrend des Zweiten Weltkriegs vertonte.<\/p>\n<p style=\"padding-left: 40px;\">Sein vierzigmin\u00fctiges Streichquartett \u201eFragmente, Stille \u2013 An Diotima\u201c (1979) hat, in seiner unvergleichlichen Intensit\u00e4t, die um die Stille kreist, Kultstatus im Repertoire nach 1950. Mit seinen Konzerten f\u00fcr Arbeiter setzte der Venezianer bewusste Aktionen, um die neue Musik aus ihrer elit\u00e4ren Abgrenzung zu holen. F\u00fcr sein St\u00fcck \u201eLa fabbrica illuminata\u201c (1964) dokumentierte Nono die Arbeit in einer Stahlfabrik, nahm den L\u00e4rm der Maschinen auf und gestaltete daraus eine Tonbandcollage mit einem Solo f\u00fcr Sopran. Im Bereich der elektronischen Musik experimentierte er von Beginn an, erforschte die M\u00f6glichkeiten r\u00e4umlicher Effekte und setzte diese k\u00fcnstlerisch um.<\/p>\n<p style=\"padding-left: 40px;\">Mit den zwei szenischen Aktionen, \u201eIntolleranza 1960\u201c und \u201eAl gran sole carico d\u2019amore\u201c, widmete sich Nono ebenfalls seinem gro\u00dfen Lebensthema \u2013 der Toleranz, der Solidarit\u00e4t und dem Klassenkampf. Denn er sei nur zuf\u00e4llig Musiker, sagte Luigi Nono 1970, sein eigentliches Anliegen sei der Kampf gegen Faschismus und Imperialismus.<\/p>\n<p style=\"padding-left: 40px;\">Als Teilnehmer der Darmst\u00e4dter Ferienkurse nach dem Zweiten Weltkrieg, mit Pierre Boulez und Karlheinz Stockhausen, war Luigi Nono einer der einflussreichsten Komponisten der zweiten H\u00e4lfte des 20. Jahrhunderts.<\/p>\n<p style=\"padding-left: 40px;\">Seine Frau, Nuria Sch\u00f6nberg-Nono, initiierte und leitet das Archivio Luigi Nono in einem aufgelassenen Kloster auf Guidecca, der Venedig vorgelagerten Insel, auf der er mit seiner Familie gelebt hat.<\/p>\n<p style=\"padding-left: 40px;\">Am 29. J\u00e4nner 2024 j\u00e4hrte sich sein Geburtstag zum 100. Mal. (Wiederholung vom 29. J\u00e4nner 2024). Gestaltung: Marie-Therese Rudolph<\/p>\n<p>23:05 bis 00:00 +++ BR-KLASSIK<br \/>\n<strong>BR-KLASSIK \u2013 Jazztime: News &amp; Roots \u2013 \u201eVocal Visions\u201c<\/strong><\/p>\n<p style=\"padding-left: 40px;\">Musikalische Visionen zwischen Jazz, Pop und Country: Stars\u00e4ngerin Norah Jones und ihr neues Album \u201eVisions\u201c. Moderation und Auswahl: Ulrich Habersetzer<\/p>\n<p>23:30 bis 00:00 +++ NDR Kultur<br \/>\n<strong>Round Midnight: Don Ellis: Das einzige, was der als 4\/4 spielt ist Take Five!\u201c<\/strong><\/p>\n<hr \/>\n<p><a name=\"mi\"><\/a><\/p>\n<h2>mi \u2013 10.07.24<\/h2>\n<hr \/>\n<p>15:00 bis 16:00 +++ hr2-kultur<br \/>\n<strong>Kaisers Kl\u00e4nge \u2013 Musikalische Entdeckungsreisen: \u201eO \u2026 diese T\u00f6ne!\u201c \u2013 Beethovens \u201eOde an die Freude\u201c im Spiegel der Zeit<\/strong><\/p>\n<p>20:00 bis 21:00 +++ hr2-kultur<br \/>\n<strong>Kaisers Kl\u00e4nge \u2013 Musikalische Entdeckungsreisen: \u201eO \u2026 diese T\u00f6ne!\u201c \u2013 Beethovens \u201eOde an die Freude\u201c im Spiegel der Zeit<\/strong><\/p>\n<p>21:03 \u2013 22:00 UHR +++ SWR Kultur NOWJazz<br \/>\n<strong>H\u00f6hepunkte von den Nickelsdorfer Konfrontationen 2023<\/strong><\/p>\n<p style=\"padding-left: 40px;\">Von Nina Polaschegg. Unerm\u00fcdlich ist er, Hans Falb aus Nickelsdorf. Einst hatte er ein Gasthaus betrieben. In dessen Gastgarten finden allj\u00e4hrlich die Nickelsdorfer Konfrontationen statt. Und immer noch ist er unerm\u00fcdlich. 70 Jahre alt ist Hans Falb inzwischen. Tatkr\u00e4ftig unterst\u00fctzt von seinem Team kuratiert er weiterhin. 2023 fand das Festival Mitte Juli statt. Gewidmet dem nicht lange zuvor verstorbenen Free Jazz Pionier Peter Br\u00f6tzmann, der schon bei einem der ersten Festivals auf der Konfrontationenb\u00fchne gestanden hatte..<\/p>\n<p>22:04 bis 23:00 +++ WDR 3<br \/>\n<strong>WDR 3 Jazz \u2013 Moderation: Fanny Opitz<\/strong><\/p>\n<p>22:33 bis 23:30 +++ NDR Kultur<br \/>\n<strong>Play Jazz! Magazin am Mittwoch mit Ralf Dorschel<\/strong><\/p>\n<p>23:05 bis 00:00 +++ BR-KLASSIK<br \/>\n<strong>BR-KLASSIK \u2013 Jazztime: Jazz aus N\u00fcrnberg: Live-Mitschnitte<\/strong><\/p>\n<p style=\"padding-left: 40px;\">\u201eYoung Lions on stage\u201c im Jazzstudio N\u00fcrnberg. Aufnahme vom 10. Mai 2024 mit dem Simona Hellwig Quartett und der Band \u201eThird Wheel\u201c- Moderation und Auswahl: Beate Sampson<\/p>\n<p>23:30 bis 00:00 +++ NDR Kultur<br \/>\n<strong>Round Midnight: Kurt Rosenwinkel<\/strong><\/p>\n<hr \/>\n<p><a name=\"do\"><\/a><\/p>\n<h2>do \u2013 11.07.24<\/h2>\n<hr \/>\n<p>22:04 bis 23:00 +++ WDR 3<br \/>\n<strong>WDR 3 Jazz \u2013 Moderation: Niklas Wandt<\/strong><\/p>\n<p>22:30 bis 23:00 +++ hr2-kultur<br \/>\n<strong>Jazz Now<\/strong><\/p>\n<p style=\"padding-left: 40px;\">Aus dem Dschungel der Neuver\u00f6ffentlichungen | heute mit: Norma Winston &amp; Kit Downes | Tigran Tatevosyan | Jonatha Salvi Arugula Sextet<\/p>\n<p>23:00 bis 00:00 +++ NDR Kultur<br \/>\n<strong>Play Jazz! NDR Bigband<\/strong><\/p>\n<p style=\"padding-left: 40px;\">Welche Konzerte stehen im Kalender? Wer ist zu Gast bei der NDR Bigband und realisiert ein neues musikalisches Konzept? Henry Altmann blickt immer donnerstags auf aktuelle und kommende Projekte, Konzerte und CD-Produktionen der NDR Bigband. Dazu spricht er mit Musikerinnen und Musikern, pr\u00e4sentiert frische Aufnahmen und berichtet \u00fcber Hintergr\u00fcnde.<\/p>\n<p>23:00 bis 00:00 +++ radio3<br \/>\n<strong>The Voice: Dominique Fils-Aim\u00e9<\/strong><\/p>\n<p style=\"padding-left: 40px;\">Die kanadische Singer-Songwriterin Dominique Fils Aim\u00e9 hat haitianische Wurzeln. Ihr Blues-Deb\u00fct \u201eNameless\u201d war der Anfang ihrer Album-Trilogie zur Geschichte der afroamerikanischen Musikkultur. Ihr zweites Album mit dem Titel \u201eStay Tuned!\u201d, in dem sie jazzig in die Geschichte der B\u00fcrgerrechtsbewegung der 60er-Jahre eintaucht, hat dann gleich einen kanadischen JUNO Award gewonnen. Auch ihr aktuelles Album \u201eOur roots run deep\u201d wurde als bestes Vokal-Jazz-Album mit einen JUNO Award ausgezeichnet. Es enth\u00e4lt viele Eigenkompositionen. Ihre Inspiration bekommt sie von den Soul-Ikonen der 40er- und 60er-Jahre. Hinzu kommen spannende Arrangements, in denen ihre Stimme im Mittelpunkt steht. Mittlerweile wird die Kanadierin auch in Europa immer bekannter \u2013 sie tritt im Vorprogramm von Musik Gr\u00f6\u00dfen wie Melody Gardot, Diana Krall und Ibrahim Maalouf auf. Moderation: Ortrun Sch\u00fctz<\/p>\n<p>23:05 bis 00:00 +++ BR-KLASSIK<br \/>\n<strong>BR-KLASSIK \u2013 Jazztime: All that Jazz<\/strong><\/p>\n<p style=\"padding-left: 40px;\">Eine Chronik des Jazz (45): \u201eI Want To Be Happy\u201d- Aufnahmen vom August 1924. Moderation: Benedikt Schregle. Manuskript und Auswahl: Marcus A. Woelfle<\/p>\n<hr \/>\n<p><a name=\"fr\"><\/a><\/p>\n<h2>fr \u2013 12.07.24<\/h2>\n<hr \/>\n<p>14:05:00 +++ \u00d61<br \/>\n<strong>WDR-Big Band &amp; WDR-Sinfonieorchester mit den S\u00e4ngerinnen Bilal und Ledisi 2023 in der K\u00f6lner Philharmonie<\/strong><\/p>\n<p style=\"padding-left: 40px;\">Curtis Mayfield (1942-1999) war eine der einflussreichsten Pers\u00f6nlichkeiten des Soul, so pr\u00e4gend und so unverwechselbar in seinen Kompositionen, seinem Gesang und seinen Arrangements, dass es k\u00fchn erscheinen mag, seine Musik neu zu interpretieren.<\/p>\n<p style=\"padding-left: 40px;\">Die WDR-Big Band und Bandleader Vince Mendoza wagten es dennoch, nach jahrelanger Vorbereitung, verst\u00e4rkt durch das WDR-Sinfonieorchester und mit zwei ausgewiesenen Soul-Vokalprofis: S\u00e4nger Bilal (Bilal Sayeed Oliver) aus Philadelphia und S\u00e4ngerin Ledisi (Ledisi Anibade Young) aus New Orleans.<\/p>\n<p style=\"padding-left: 40px;\">Gemeinsam gelang es ihnen, vor einem begeisterten Publikum am 30. September 2023 in der K\u00f6lner Philharmonie das Feuer in den Songs des \u201eGentle Genius\u201c Curtis Mayfield neu zu entfachen.<\/p>\n<p>18:00 bis 19:00 +++ NDR Kultur<br \/>\n<strong>Musica: Hamburg Session im Mojo: Matthew Halsell<\/strong><\/p>\n<p>23:00 bis 00:00 +++ ARD Radiofestival 2024<br \/>\n<strong>Jazz | Ladies\u2019 Summer Grooves \u2013 Radiofestival-Jazz-Ausblick: Sommer ohne Jazz? \u2013 Ladies\u2019 Summer Grooves<\/strong><\/p>\n<p style=\"padding-left: 40px;\">Sommer ohne Jazz? Unm\u00f6glich, sagt Babette Michel und weckt die Neugier vor allem auf Musikerinnen, die in diesem ARD Radiofestival vorgestellt werden. Von der Introspektion bis zur rhythmisch-klanglichen Expressivit\u00e4t.<\/p>\n<p style=\"padding-left: 40px;\">Mit dabei: Vokal-Queens wie Dinah Washington, aus Anlass ihres 100. Geburtstags. J\u00fcngere Vertreterinnen des Genres sind die zwischen Jazz und iranischer Musik experimentierende Golnar Shahyar sowie Simin Tander, die im Jazzgesang auch ihren afghanischen Wurzeln Raum gibt. Beide treten bei der Cologne Jazzweek 2024 auf. Mit fast meditativen Selbstreflektionen fasziniert die japanisch-polnische S\u00e4ngerin und Pianistin Yumi Ito und ruft dabei sch\u00f6ne Erinnerungen an ihr Konzert bei der jazzahead! in Bremen wach. Und auch die Harfenistin Kathrin Pechlof wird von der Liebe zu Jazz und Impro angetrieben. Eine Sendung von Babette Michel.<\/p>\n<p>23:03 bis 24:00 Uhr +++ \u00d61<br \/>\n<strong>Ein Forum \u00f6sterreichischer Kreativit\u00e4t \u2013 Mit dem RSO Wien durchs heimische Musikschaffen<\/strong><\/p>\n<p style=\"padding-left: 40px;\">Seit 55 Jahren leistet das ORF Radio-Symphonieorchester Wien einen wichtigen Beitrag zur Erf\u00fcllung des ORF-Gesetzes. Dort hei\u00dft es in den Programmgrunds\u00e4tzen u. a.: \u201eAls Kultursender soll der \u00d6sterreichische Rundfunk sowohl Berichterstatter wie eigenst\u00e4ndiger Produzent sein und vor allem Auftraggeber, Arbeitgeber und Forum \u00f6sterreichischer Kreativit\u00e4t und Gegenwartskunst.\u201c<\/p>\n<p style=\"padding-left: 40px;\">Seit seinen Anf\u00e4ngen geh\u00f6rt Musik von \u00f6sterreichischen Komponist:innen zum fixen Repertoire des RSO Wien. Durch Mitschnitte der Auff\u00fchrungen, bzw. Urauff\u00fchrungen dieser Werke, oder auch deren Produktion ist eine Dokumentation der \u00f6sterreichischen Musikgeschichte von mehr als einem halben Jahrhundert entstanden.<\/p>\n<p style=\"padding-left: 40px;\">In den sieben Stunden dieser \u201eLangen Nacht der Neuen \u00d6sterreichischen Musik\u201c begeben wir uns gemeinsam mit dem RSO Wien auf einen klingenden Streifzug durch das vielf\u00e4ltige \u00f6sterreichische Musikschaffen des 20. und 21. Jahrhunderts.. Gestaltung: Ursula Strubinsky<\/p>\n<hr \/>\n<p><a name=\"sa\"><\/a><\/p>\n<h2>sa \u2013 13.07.24<\/h2>\n<hr \/>\n<p>00:05 bis 06:00 +++ Deutschlandfunk<br \/>\n<strong>Deutschlandfunk Radionacht<\/strong><\/p>\n<ul>\n<li>01:05-02:00 Jazz Live: T\u00e4nzelnde Kl\u00e4nge \u2013 Makiko Hirabayashi Trio. Aufnahmen vom 21.4.2024 aus dem Pantheon beim Jazzfest Bonn. Am Mikrofon: Karsten M\u00fctzelfeldt<\/li>\n<li>02:07-03:00 JazzFacts: Neues von der improvisierten Musik. Am Mikrofon: Michael Engelbrecht<\/li>\n<li>03:05-03:55 Rock et cetera: Moli\u00e8re, Miyazaki, Metal \u2013 Das franz\u00f6sische Post-Black-Metal Projekt Alcest. Von Kai L\u00f6ffler<\/li>\n<li>04:05-05:00 On Stage: Bluesrockende Br\u00fcderlichkeit (1\/2) \u2013 Die schottische Band King King. Aufnahme vom 11.4.2024 in der Harmonie, Bonn. Am Mikrofon: Tim Schauen<\/li>\n<li>05:05-05:30 Lied- und Folkgeschichte(n): Die John Jorgenson Bluegrass Band. Am MIkrofon: Monika Gratz<\/li>\n<li>05:40-06:00 Lied- und Folkgeschichte(n): Die John Jorgenson Bluegrass Band. Am MIkrofon: Monika Gratz<\/li>\n<\/ul>\n<p>13:04 bis 15:00 +++ WDR 3<br \/>\n<strong>WDR 3 Pers\u00f6nlich mit G\u00f6tz Alsmann<\/strong><\/p>\n<p style=\"padding-left: 40px;\">G\u00f6tz Alsmann pr\u00e4sentiert in WDR 3 seine ganz spezielle Auffassung von Jazzmusik: Swingend, stilbergreifend, manches puristisch, einiges eher Jazz-\u00e4hnlich, durchaus sentimental und immer gerne unterhaltend. Wenn der Sound und das musikalische Gef\u00fchl stimmen, wird der Kreis dessen, was \u201eJazz\u201c ist, auch gerne erweitert.<\/p>\n<p>18:20 \u2013 19:00 UHR +++ SWR Kultur Jazz<br \/>\n<strong>Zu Unrecht vergessen \u2013 Der Saxofonist Ernie Henry<\/strong><\/p>\n<p style=\"padding-left: 40px;\">Von Hans-J\u00fcrgen Schaal. Dem Altsaxofonisten Ernie Henry (1926 \u2013 1957) gelang es schon in den 1950er-Jahren, aus dem gro\u00dfen Schatten von Charlie Parker zu treten. In seinem Spiel verband Henry die Bebop-Virtuosit\u00e4t mit einem rauen \u201eCry\u201c und mit harmonischem Risiko, mit abenteuerlichen Intervallspr\u00fcngen und einer zerkl\u00fcfteten Phrasierung. Er machte Aufnahmen u. a. mit Dizzy Gillespie, Thelonious Monk und Tadd Dameron und war auf dem besten Weg, den Jazz in neue Welten zu f\u00fchren. Doch Ernie Henry blieb nicht die Zeit daf\u00fcr \u2013 er starb kurz nach seinem 31. Geburtstag..<\/p>\n<p>20:00 bis 00:00 +++ NDR Blue<br \/>\n<strong>NDR Kultur Jazz<\/strong><\/p>\n<p>22:05:00 +++ \u00d61<br \/>\n<strong>Neuigkeiten aus der Welt des Jazz<\/strong><\/p>\n<p style=\"padding-left: 40px;\">Konzertempfehlungen f\u00fcr die kommende Woche, Buchbesprechungen, Kurznachrufe und aktuelle Meldungen.<\/p>\n<p>23:00 bis 00:00 +++ ARD Radiofestival 2024<br \/>\n<strong>Jazz | Eine der gr\u00f6\u00dften Jazz-Diven unserer Zeit \u2013 Dianne Reeves<\/strong><\/p>\n<p style=\"padding-left: 40px;\">Dianne Reeves und die hr-BigBand in der Alten Oper Frankfurt. Am 23. April 2024 war eine der gr\u00f6\u00dften Jazz-Diven unserer Zeit zu Gast bei der hr-Bigband: Dianne Reeves! Ein abwechslungsreicher Abend in der ausverkauften Alten Oper Frankfurt.<\/p>\n<p style=\"padding-left: 40px;\">Ihre internationale Karriere begann in den 1980er Jahren auf einer Welttournee mit Harry Belafonte. Inzwischen hat sie \u00fcber zwanzig Alben ver\u00f6ffentlicht und f\u00fcnf Grammys gewonnen. Wie ihr Vorbild Sarah Vaughan ist sie eine kraftvolle Jazzs\u00e4ngerin und Improvisatorin, aber auch offen f\u00fcr unterschiedlichste andere Stile. Entsprechend vielseitig ist das Programm, das John Beasley f\u00fcr Dianne Reeves und die hr-Bigband ma\u00dfgeschneidert hat. Das Publikum in der Alten Oper Frankfurt am 23. April 2024 wusste es zu sch\u00e4tzen und feierte Band und Solistin mit minutenlangen Standing Ovations. Eine Sendung von Karmen Mikovic.<\/p>\n<p>23:03:00 +++ \u00d61<br \/>\n<strong>Pianist Gerhard Schramke im Interview, Ruf Blues Caravan beim Vienna Blues Spring 2024<\/strong><\/p>\n<p style=\"padding-left: 40px;\">Zu Gast im \u00d61 Jazznacht-Studio ist der Pianist Gerhard Schramke, der seine Band Bop Explosion und das aktuelle Album \u201eWaltz for Serena\u201c vorstellen wird. Die Musik von Bop Explosion ist Straight-Ahead- Jazz in Reinkultur und das Ergebnis gegenseitiger Wertsch\u00e4tzung und Freundschaft der musikalischen Partner von Schramke, darunter Johannes Probst an der Trompete, Dusan Novakov am Schlagzeug und Uli Langthaler am Bass. Schramkes Einfl\u00fcsse reichen vom Tastenvirtuosen Bud Powell und seinem ehemaligen Mentor Fritz Pauer bis zum Altsaxofonisten Allan Praskin, dem er auch eine der sechs Eigenkompositionen auf dem Album gewidmet hat.<\/p>\n<p style=\"padding-left: 40px;\">Als Live-Mitschnitt der \u00d61 Jazznacht gibt es ein Konzert vom 23. April dieses Jahres zu h\u00f6ren, n\u00e4mlich die Blues Caravan 2024, aufgenommen im Wiener Reigen beim Vienna Blues Spring. Blues Caravan ist ein allj\u00e4hrlich stattfindendes Projekt des deutschen Blues-Labels Ruf Records, bei dem drei Headliner ein komplettes Live-Set spielen, bevor am Ende dann bei einer leidenschaftlichen Jamsession alle gemeinsam auftreten. Diesmal waren mit dabei: der aus Kalifornien stammende Bluesrocker Alastair Greene, au\u00dferdem der Newcomer Eric Johanson, der sein aktuelles Erfolgsalbum \u201eThe Deep &amp; The Dirty\u201c mit im Gep\u00e4ck hatte, und die in Serbien geborene, charismatische S\u00e4ngerin, Songwriterin und Pianistin Katarina Pejak.<\/p>\n<p style=\"padding-left: 40px;\">(Die Konzertproduktion und Aufnahme erfolgte in Zusammenarbeit mit Funkytown-Productions \/ Andreas Neubauer e. U.)<\/p>\n<hr \/>\n<p><a name=\"so\"><\/a><\/p>\n<h2>so \u2013 14.07.24<\/h2>\n<hr \/>\n<p>00:05:00 +++ \u00d61<br \/>\n<strong>(Fortsetzung); Pianist Gerhard Schramke im Interview, Ruf Blues Caravan beim Vienna Blues Spring 2024<\/strong><\/p>\n<p>13:00 bis 14:00 +++ hr2-kultur<br \/>\n<strong>Kaisers Kl\u00e4nge \u2013 Musikalische Entdeckungsreisen: \u201eO \u2026 diese T\u00f6ne!\u201c \u2013 Beethovens \u201eOde an die Freude\u201c im Spiegel der Zeit<\/strong><\/p>\n<p>17:10:00 +++ \u00d61<br \/>\n<strong>Die Neuauflagen der \u201eEdition Hawara\u201c<\/strong><\/p>\n<p style=\"padding-left: 40px;\">\u201eHawara\u201c \u2013 Auf gut Wienerisch ein Typ, oder auch ein Freund. In diesem Fall geht es um die drei Freunde, die hinter dem Label \u201eEdition Hawara\u201c stecken. Gemeinsam ist ihnen eine gro\u00dfe Liebe zu verschollenen Schallplatten, vergessenen Aufnahmen und musikalischen Nebenschaupl\u00e4tzen. Vom selbstbetitelten Soloalbum des Falco-Produzenten Robert Ponger \u00fcber die Band Zenit von Hannes Treiber und Willi Langer mit der S\u00e4ngerin Linda Sharrock bis zur einzigen Single von \u201ePrinz &amp; Prinz\u201c, deren Urheberschaft bis heute unbekannt ist: Es gibt kaum eine Platte, die vor Jonny Nemetz, Fabio Wolkenstein und Julian Horn verborgen bleibt. Diese Aufnahmen eint, neben ihrer Seltenheit, auch eine gewisse Affinit\u00e4t zu Disco-Elementen und Synthesizer-Kl\u00e4ngen und manchmal auch ein h\u00f6rbarer DIY- Faktor bei der Tontechnik. Die Neuauflagen der Edition Hawara dokumentieren den lebendigen Underground der Wiener Musikszene der 1970er und -80er Jahre, der aufgrund von hohen Sammlerpreisen oder Unauffindbarkeit der Tontr\u00e4ger heute nicht sonst mehr nachh\u00f6rbar w\u00e4re. Die Spielr\u00e4ume Spezial pr\u00e4sentieren einige Highlights aus diesem besonderen Labelkatalog.<\/p>\n<p>19:05:00 +++ \u00d61<br \/>\n<strong>Pianist Urs Hager mit einem Soloprogramm im Studio 2 des Wiener Radiokulturhauses<\/strong><\/p>\n<p style=\"padding-left: 40px;\">Urs Hager wurde 1996 in Garmisch-Partenkirchen geboren und begann mit dem Klavierspiel im Alter von sechs Jahren. Ein Auftritt von McCoy Tyner in seiner Heimatstadt begeisterte ihn in jungen Jahren f\u00fcr den Jazz. Nach Studien in M\u00fcnchen, Graz und Wien und dem Masterabschluss mit Auszeichnung besuchte Hager 2022 New York City. Dort nahm er Stunden bei Fred Hersch, der sowohl als Musiker als auch als P\u00e4dagoge eine Schl\u00fcsselfigur f\u00fcr viele moderne Jazzpianistinnen und -pianisten darstellt.<\/p>\n<p style=\"padding-left: 40px;\">Hersch ermutigte Hager, die ganze Bandbreite des Klaviers zu nutzen und vom traditionellen, jazztypischen Verh\u00e4ltnis von rechter und linker Hand wegzukommen.<\/p>\n<p style=\"padding-left: 40px;\">Als vielseitiger Pianist ist Urs Hager, der heute in Wien lebt, seither Teil zahlreicher Bands geworden, 2022 hat er sein Deb\u00fctalbum \u201eMegalopolis\u201c ver\u00f6ffentlicht. Im Rahmen der \u00d61-Hausmusik stellt er heute im Studio 2 des Wiener Radiokulturhauses, wo er als Sideman schon \u00f6fter pr\u00e4sent war, ein Soloprogramm vor.<\/p>\n<p>20:00 bis 00:00 +++ NDR Blue<br \/>\n<strong>NDR Kultur Jazz<\/strong><\/p>\n<p>23:00 bis 00:00 +++ ARD Radiofestival 2024 \u2013 H\u00f6rbar<br \/>\n<strong>Musik grenzenlos<\/strong><\/p>\n<p style=\"padding-left: 40px;\">Musik ohne Grenzen wird im ARD Radiofestival zu sp\u00e4ter Stunde an der \u201eH\u00f6rbar\u201c serviert. Ob Globale Musik, Chanson, Folk, Jazz, Singer\/Songwriter, Klassik oder Filmmusik \u2013 hier ist alles m\u00f6glich, was gef\u00e4llt und sich gut kombinieren l\u00e4sst. Eine Stunde mit handverlesenen Zutaten aus aller Welt, die musikalisch scheinbar weit Auseinanderliegendes ganz nah zusammenr\u00fccken l\u00e4sst, Genregrenzen \u00fcberwindet und zum entspannten Zuh\u00f6ren einl\u00e4dt.<\/p>\n<p>23:03 bis 24:00 Uhr +++ \u00d61<br \/>\n<strong>Abheben mit Arnold: Neue Kl\u00e4nge aus Europa<\/strong><\/p>\n<p style=\"padding-left: 40px;\">Das Ensemble Wiener Collage unter R\u00e9ne Staar im Arnold Sch\u00f6nberg Center mit Musik von Sch\u00f6nberg und Zeitgenoss:innen (Aufnahme vom 18. April 2024)<\/p>\n<p style=\"padding-left: 40px;\">In Douglas Adams\u2019 Science-Fiction-Klassiker \u201ePer Anhalter durch die Galaxis\u201c wird die F\u00e4higkeit des Fliegens einmal als ein \u201eTrick\u201c entlarvt: \u201eDer Trick besteht darin, dass man lernt, wie man sich auf den Boden schmei\u00dft, aber daneben.\u201c Im Lied \u201eLockung\u201c aus dem Herbst 1905, dem vorletzten aus seinen Acht Liedern f\u00fcr eine Singstimme und Klavier op. 6, ist es Arnold Sch\u00f6nberg erstmals gelungen, sich an der Gravitation von Es-Dur durchwegs und kunstvoll \u201evorbeizuschmei\u00dfen\u201c: Die Tonika erscheint darin kein einziges Mal \u2013 und die Akkorde beginnt zu fliegen.<\/p>\n<p style=\"padding-left: 40px;\">Auch 150 Jahre nach Sch\u00f6nbergs Tod ist und bleibt es wichtig, dass neue Musik ihre Schwingen ausbreitet, die Schwerkraft \u00fcberwindet oder zumindest mit ihr spielt. Ren\u00e9 Staar und sein Ensemble Wiener Collage fungieren dabei schon aus Tradition immer wieder als Schubkraft wie Startrampe, Kontrolltower und Landebahn. Auch in diesem Programm unter dem Titel \u201eStimmen aus Europa\u201c, das am 18. April im Arnold Sch\u00f6nberg Center Wien aufgenommen wurde: angesichts der politischen Verwerfungen der Gegenwart beinah schon ein provokantes, in jedem Fall aber zum Zuh\u00f6ren animierendes Motto, im konkreten wie im \u00fcbertragenen Sinne.<\/p>\n<p style=\"padding-left: 40px;\">Werke nicht nur von Sch\u00f6nberg, sondern auch von Ada Gentile, Tomasz Skweres, Simeon Pironkoff, Alexander Shchetynsky, Hannes Heher und Ren\u00e9 Staar selbst bilden dabei ein anregend polyphones Kaleidoskop der Gegenwart.<\/p>\n<p style=\"padding-left: 40px;\">Mit dem Ensemble Wiener Collage sowie Manuela Leonhartsberger (Mezzosopran), Stefan Obmann (Posaune) und Milica Zaki\u0107 (Klavier) \u2013 am Dirigentenpult: Ren\u00e9 Staar.. Gestaltung: Walter Weidringer<\/p>\n<p>&nbsp;<\/p>\n<style><\/style>\n<p>&nbsp;<\/p>\n","protected":false},"excerpt":{"rendered":"<p>Jazz im Radio \u2013 Jeden Sonntag gibt es um 12 Uhr unsere \u00dcbersicht f\u00fcr die jeweils nachfolgende Woche. Die #Jazz-Radiowoche vom 8. bis 14. Juli 2024.<br \/>\nAuch als PDF zum Download \u2013 #Jazz #JazzZeitung #Radio #Radiowoche \u2013 Ein Service unserer Online-Redaktion.<\/p>\n","protected":false},"author":1,"featured_media":31246,"comment_status":"open","ping_status":"closed","sticky":false,"template":"","format":"standard","meta":{"_jetpack_memberships_contains_paid_content":false,"footnotes":"","jetpack_publicize_message":"Die erweiterte Jazz-Radiowoche vom 08.07.2024 bis 14.07.2024.","jetpack_publicize_feature_enabled":true,"jetpack_social_post_already_shared":true,"jetpack_social_options":{"image_generator_settings":{"template":"highway","default_image_id":0,"font":"","enabled":false},"version":2}},"categories":[633,452],"tags":[3773,1629],"coauthors":[650],"class_list":["post-31245","post","type-post","status-publish","format-standard","has-post-thumbnail","hentry","category-nachrichten","category-radio","tag-die-radiowoche","tag-jazz-im-radio"],"yoast_head":"<!-- This site is optimized with the Yoast SEO plugin v27.5 - https:\/\/yoast.com\/product\/yoast-seo-wordpress\/ -->\n<title>Die erweiterte Jazz-Radiowoche vom 08.07.2024 bis 14.07.2024 - JazzZeitung<\/title>\n<meta name=\"robots\" content=\"index, follow, max-snippet:-1, max-image-preview:large, max-video-preview:-1\" \/>\n<link rel=\"canonical\" href=\"https:\/\/www.jazzzeitung.de\/cms\/2024\/07\/die-erweiterte-jazz-radiowoche-vom-08-07-2024-bis-15-07-2024\/\" \/>\n<meta property=\"og:locale\" content=\"de_DE\" \/>\n<meta property=\"og:type\" content=\"article\" \/>\n<meta property=\"og:title\" content=\"Die erweiterte Jazz-Radiowoche vom 08.07.2024 bis 14.07.2024 - JazzZeitung\" \/>\n<meta property=\"og:description\" content=\"Jazz im Radio \u2013 Jeden Sonntag gibt es um 12 Uhr unsere \u00dcbersicht f\u00fcr die jeweils nachfolgende Woche. Die #Jazz-Radiowoche vom 8. bis 14. Juli 2024. Auch als PDF zum Download \u2013 #Jazz #JazzZeitung #Radio #Radiowoche \u2013 Ein Service unserer Online-Redaktion.\" \/>\n<meta property=\"og:url\" content=\"https:\/\/www.jazzzeitung.de\/cms\/2024\/07\/die-erweiterte-jazz-radiowoche-vom-08-07-2024-bis-15-07-2024\/\" \/>\n<meta property=\"og:site_name\" content=\"JazzZeitung\" \/>\n<meta property=\"article:publisher\" content=\"https:\/\/www.facebook.com\/JazzZeitung\/\" \/>\n<meta property=\"article:author\" content=\"https:\/\/www.facebook.com\/hufner\" \/>\n<meta property=\"article:published_time\" content=\"2024-07-07T10:00:14+00:00\" \/>\n<meta property=\"og:image\" content=\"https:\/\/i0.wp.com\/www.jazzzeitung.de\/cms\/wp-content\/uploads\/2024\/07\/Brecht-meets-Celan.-Celan-trifft-Brecht_-\u00a9-MH.jpg?fit=1440%2C1440&ssl=1\" \/>\n\t<meta property=\"og:image:width\" content=\"1440\" \/>\n\t<meta property=\"og:image:height\" content=\"1440\" \/>\n\t<meta property=\"og:image:type\" content=\"image\/jpeg\" \/>\n<meta name=\"author\" content=\"Martin Hufner\" \/>\n<script type=\"application\/ld+json\" class=\"yoast-schema-graph\">{\"@context\":\"https:\\\/\\\/schema.org\",\"@graph\":[{\"@type\":\"Article\",\"@id\":\"https:\\\/\\\/www.jazzzeitung.de\\\/cms\\\/2024\\\/07\\\/die-erweiterte-jazz-radiowoche-vom-08-07-2024-bis-15-07-2024\\\/#article\",\"isPartOf\":{\"@id\":\"https:\\\/\\\/www.jazzzeitung.de\\\/cms\\\/2024\\\/07\\\/die-erweiterte-jazz-radiowoche-vom-08-07-2024-bis-15-07-2024\\\/\"},\"author\":{\"name\":\"Martin Hufner\",\"@id\":\"https:\\\/\\\/www.jazzzeitung.de\\\/cms\\\/#\\\/schema\\\/person\\\/b9a4e5ac765d94fb8f617bfa8f1fc5f7\"},\"headline\":\"Die erweiterte Jazz-Radiowoche vom 08.07.2024 bis 14.07.2024\",\"datePublished\":\"2024-07-07T10:00:14+00:00\",\"mainEntityOfPage\":{\"@id\":\"https:\\\/\\\/www.jazzzeitung.de\\\/cms\\\/2024\\\/07\\\/die-erweiterte-jazz-radiowoche-vom-08-07-2024-bis-15-07-2024\\\/\"},\"wordCount\":3393,\"commentCount\":0,\"publisher\":{\"@id\":\"https:\\\/\\\/www.jazzzeitung.de\\\/cms\\\/#organization\"},\"image\":{\"@id\":\"https:\\\/\\\/www.jazzzeitung.de\\\/cms\\\/2024\\\/07\\\/die-erweiterte-jazz-radiowoche-vom-08-07-2024-bis-15-07-2024\\\/#primaryimage\"},\"thumbnailUrl\":\"https:\\\/\\\/i0.wp.com\\\/www.jazzzeitung.de\\\/cms\\\/wp-content\\\/uploads\\\/2024\\\/07\\\/Brecht-meets-Celan.-Celan-trifft-Brecht_-%C2%A9-MH.jpg?fit=1440%2C1440&ssl=1\",\"keywords\":[\"Die Radiowoche\",\"Jazz im Radio\"],\"articleSection\":[\"News\",\"Radio\"],\"inLanguage\":\"de\",\"potentialAction\":[{\"@type\":\"CommentAction\",\"name\":\"Comment\",\"target\":[\"https:\\\/\\\/www.jazzzeitung.de\\\/cms\\\/2024\\\/07\\\/die-erweiterte-jazz-radiowoche-vom-08-07-2024-bis-15-07-2024\\\/#respond\"]}]},{\"@type\":\"WebPage\",\"@id\":\"https:\\\/\\\/www.jazzzeitung.de\\\/cms\\\/2024\\\/07\\\/die-erweiterte-jazz-radiowoche-vom-08-07-2024-bis-15-07-2024\\\/\",\"url\":\"https:\\\/\\\/www.jazzzeitung.de\\\/cms\\\/2024\\\/07\\\/die-erweiterte-jazz-radiowoche-vom-08-07-2024-bis-15-07-2024\\\/\",\"name\":\"Die erweiterte Jazz-Radiowoche vom 08.07.2024 bis 14.07.2024 - JazzZeitung\",\"isPartOf\":{\"@id\":\"https:\\\/\\\/www.jazzzeitung.de\\\/cms\\\/#website\"},\"primaryImageOfPage\":{\"@id\":\"https:\\\/\\\/www.jazzzeitung.de\\\/cms\\\/2024\\\/07\\\/die-erweiterte-jazz-radiowoche-vom-08-07-2024-bis-15-07-2024\\\/#primaryimage\"},\"image\":{\"@id\":\"https:\\\/\\\/www.jazzzeitung.de\\\/cms\\\/2024\\\/07\\\/die-erweiterte-jazz-radiowoche-vom-08-07-2024-bis-15-07-2024\\\/#primaryimage\"},\"thumbnailUrl\":\"https:\\\/\\\/i0.wp.com\\\/www.jazzzeitung.de\\\/cms\\\/wp-content\\\/uploads\\\/2024\\\/07\\\/Brecht-meets-Celan.-Celan-trifft-Brecht_-%C2%A9-MH.jpg?fit=1440%2C1440&ssl=1\",\"datePublished\":\"2024-07-07T10:00:14+00:00\",\"breadcrumb\":{\"@id\":\"https:\\\/\\\/www.jazzzeitung.de\\\/cms\\\/2024\\\/07\\\/die-erweiterte-jazz-radiowoche-vom-08-07-2024-bis-15-07-2024\\\/#breadcrumb\"},\"inLanguage\":\"de\",\"potentialAction\":[{\"@type\":\"ReadAction\",\"target\":[\"https:\\\/\\\/www.jazzzeitung.de\\\/cms\\\/2024\\\/07\\\/die-erweiterte-jazz-radiowoche-vom-08-07-2024-bis-15-07-2024\\\/\"]}]},{\"@type\":\"ImageObject\",\"inLanguage\":\"de\",\"@id\":\"https:\\\/\\\/www.jazzzeitung.de\\\/cms\\\/2024\\\/07\\\/die-erweiterte-jazz-radiowoche-vom-08-07-2024-bis-15-07-2024\\\/#primaryimage\",\"url\":\"https:\\\/\\\/i0.wp.com\\\/www.jazzzeitung.de\\\/cms\\\/wp-content\\\/uploads\\\/2024\\\/07\\\/Brecht-meets-Celan.-Celan-trifft-Brecht_-%C2%A9-MH.jpg?fit=1440%2C1440&ssl=1\",\"contentUrl\":\"https:\\\/\\\/i0.wp.com\\\/www.jazzzeitung.de\\\/cms\\\/wp-content\\\/uploads\\\/2024\\\/07\\\/Brecht-meets-Celan.-Celan-trifft-Brecht_-%C2%A9-MH.jpg?fit=1440%2C1440&ssl=1\",\"width\":1440,\"height\":1440,\"caption\":\"Blatt baumlos. \u00a9 MH\"},{\"@type\":\"BreadcrumbList\",\"@id\":\"https:\\\/\\\/www.jazzzeitung.de\\\/cms\\\/2024\\\/07\\\/die-erweiterte-jazz-radiowoche-vom-08-07-2024-bis-15-07-2024\\\/#breadcrumb\",\"itemListElement\":[{\"@type\":\"ListItem\",\"position\":1,\"name\":\"Startseite\",\"item\":\"https:\\\/\\\/www.jazzzeitung.de\\\/cms\\\/\"},{\"@type\":\"ListItem\",\"position\":2,\"name\":\"Die erweiterte Jazz-Radiowoche vom 08.07.2024 bis 14.07.2024\"}]},{\"@type\":\"WebSite\",\"@id\":\"https:\\\/\\\/www.jazzzeitung.de\\\/cms\\\/#website\",\"url\":\"https:\\\/\\\/www.jazzzeitung.de\\\/cms\\\/\",\"name\":\"JazzZeitung\",\"description\":\"Jazz-News und Jazz-Kontroverses\",\"publisher\":{\"@id\":\"https:\\\/\\\/www.jazzzeitung.de\\\/cms\\\/#organization\"},\"potentialAction\":[{\"@type\":\"SearchAction\",\"target\":{\"@type\":\"EntryPoint\",\"urlTemplate\":\"https:\\\/\\\/www.jazzzeitung.de\\\/cms\\\/?s={search_term_string}\"},\"query-input\":{\"@type\":\"PropertyValueSpecification\",\"valueRequired\":true,\"valueName\":\"search_term_string\"}}],\"inLanguage\":\"de\"},{\"@type\":\"Organization\",\"@id\":\"https:\\\/\\\/www.jazzzeitung.de\\\/cms\\\/#organization\",\"name\":\"JazzZeitung online\",\"url\":\"https:\\\/\\\/www.jazzzeitung.de\\\/cms\\\/\",\"logo\":{\"@type\":\"ImageObject\",\"inLanguage\":\"de\",\"@id\":\"https:\\\/\\\/www.jazzzeitung.de\\\/cms\\\/#\\\/schema\\\/logo\\\/image\\\/\",\"url\":\"https:\\\/\\\/i0.wp.com\\\/www.jazzzeitung.de\\\/cms\\\/wp-content\\\/uploads\\\/2015\\\/08\\\/JAZZZEITUNGDE_Logo_Neu.png?fit=499%2C200&ssl=1\",\"contentUrl\":\"https:\\\/\\\/i0.wp.com\\\/www.jazzzeitung.de\\\/cms\\\/wp-content\\\/uploads\\\/2015\\\/08\\\/JAZZZEITUNGDE_Logo_Neu.png?fit=499%2C200&ssl=1\",\"width\":499,\"height\":200,\"caption\":\"JazzZeitung online\"},\"image\":{\"@id\":\"https:\\\/\\\/www.jazzzeitung.de\\\/cms\\\/#\\\/schema\\\/logo\\\/image\\\/\"},\"sameAs\":[\"https:\\\/\\\/www.facebook.com\\\/JazzZeitung\\\/\"]},{\"@type\":\"Person\",\"@id\":\"https:\\\/\\\/www.jazzzeitung.de\\\/cms\\\/#\\\/schema\\\/person\\\/b9a4e5ac765d94fb8f617bfa8f1fc5f7\",\"name\":\"Martin Hufner\",\"image\":{\"@type\":\"ImageObject\",\"inLanguage\":\"de\",\"@id\":\"https:\\\/\\\/i0.wp.com\\\/www.jazzzeitung.de\\\/cms\\\/wp-content\\\/uploads\\\/2013\\\/07\\\/huf-06.jpg?resize=96%2C96&ssl=15fcc31aa94540751a3b804516452be00\",\"url\":\"https:\\\/\\\/i0.wp.com\\\/www.jazzzeitung.de\\\/cms\\\/wp-content\\\/uploads\\\/2013\\\/07\\\/huf-06.jpg?resize=96%2C96&ssl=1\",\"contentUrl\":\"https:\\\/\\\/i0.wp.com\\\/www.jazzzeitung.de\\\/cms\\\/wp-content\\\/uploads\\\/2013\\\/07\\\/huf-06.jpg?resize=96%2C96&ssl=1\",\"caption\":\"Martin Hufner\"},\"description\":\"Martin Hufner ist freier Autor der JazzZeitung.\",\"sameAs\":[\"https:\\\/\\\/www.kritische-masse.de\\\/logbuch\",\"https:\\\/\\\/www.facebook.com\\\/hufner\"],\"url\":\"https:\\\/\\\/www.jazzzeitung.de\\\/cms\\\/author\\\/admin\\\/\"}]}<\/script>\n<!-- \/ Yoast SEO plugin. -->","yoast_head_json":{"title":"Die erweiterte Jazz-Radiowoche vom 08.07.2024 bis 14.07.2024 - JazzZeitung","robots":{"index":"index","follow":"follow","max-snippet":"max-snippet:-1","max-image-preview":"max-image-preview:large","max-video-preview":"max-video-preview:-1"},"canonical":"https:\/\/www.jazzzeitung.de\/cms\/2024\/07\/die-erweiterte-jazz-radiowoche-vom-08-07-2024-bis-15-07-2024\/","og_locale":"de_DE","og_type":"article","og_title":"Die erweiterte Jazz-Radiowoche vom 08.07.2024 bis 14.07.2024 - JazzZeitung","og_description":"Jazz im Radio \u2013 Jeden Sonntag gibt es um 12 Uhr unsere \u00dcbersicht f\u00fcr die jeweils nachfolgende Woche. Die #Jazz-Radiowoche vom 8. bis 14. Juli 2024. Auch als PDF zum Download \u2013 #Jazz #JazzZeitung #Radio #Radiowoche \u2013 Ein Service unserer Online-Redaktion.","og_url":"https:\/\/www.jazzzeitung.de\/cms\/2024\/07\/die-erweiterte-jazz-radiowoche-vom-08-07-2024-bis-15-07-2024\/","og_site_name":"JazzZeitung","article_publisher":"https:\/\/www.facebook.com\/JazzZeitung\/","article_author":"https:\/\/www.facebook.com\/hufner","article_published_time":"2024-07-07T10:00:14+00:00","og_image":[{"width":1440,"height":1440,"url":"https:\/\/i0.wp.com\/www.jazzzeitung.de\/cms\/wp-content\/uploads\/2024\/07\/Brecht-meets-Celan.-Celan-trifft-Brecht_-\u00a9-MH.jpg?fit=1440%2C1440&ssl=1","type":"image\/jpeg"}],"author":"Martin Hufner","schema":{"@context":"https:\/\/schema.org","@graph":[{"@type":"Article","@id":"https:\/\/www.jazzzeitung.de\/cms\/2024\/07\/die-erweiterte-jazz-radiowoche-vom-08-07-2024-bis-15-07-2024\/#article","isPartOf":{"@id":"https:\/\/www.jazzzeitung.de\/cms\/2024\/07\/die-erweiterte-jazz-radiowoche-vom-08-07-2024-bis-15-07-2024\/"},"author":{"name":"Martin Hufner","@id":"https:\/\/www.jazzzeitung.de\/cms\/#\/schema\/person\/b9a4e5ac765d94fb8f617bfa8f1fc5f7"},"headline":"Die erweiterte Jazz-Radiowoche vom 08.07.2024 bis 14.07.2024","datePublished":"2024-07-07T10:00:14+00:00","mainEntityOfPage":{"@id":"https:\/\/www.jazzzeitung.de\/cms\/2024\/07\/die-erweiterte-jazz-radiowoche-vom-08-07-2024-bis-15-07-2024\/"},"wordCount":3393,"commentCount":0,"publisher":{"@id":"https:\/\/www.jazzzeitung.de\/cms\/#organization"},"image":{"@id":"https:\/\/www.jazzzeitung.de\/cms\/2024\/07\/die-erweiterte-jazz-radiowoche-vom-08-07-2024-bis-15-07-2024\/#primaryimage"},"thumbnailUrl":"https:\/\/i0.wp.com\/www.jazzzeitung.de\/cms\/wp-content\/uploads\/2024\/07\/Brecht-meets-Celan.-Celan-trifft-Brecht_-%C2%A9-MH.jpg?fit=1440%2C1440&ssl=1","keywords":["Die Radiowoche","Jazz im Radio"],"articleSection":["News","Radio"],"inLanguage":"de","potentialAction":[{"@type":"CommentAction","name":"Comment","target":["https:\/\/www.jazzzeitung.de\/cms\/2024\/07\/die-erweiterte-jazz-radiowoche-vom-08-07-2024-bis-15-07-2024\/#respond"]}]},{"@type":"WebPage","@id":"https:\/\/www.jazzzeitung.de\/cms\/2024\/07\/die-erweiterte-jazz-radiowoche-vom-08-07-2024-bis-15-07-2024\/","url":"https:\/\/www.jazzzeitung.de\/cms\/2024\/07\/die-erweiterte-jazz-radiowoche-vom-08-07-2024-bis-15-07-2024\/","name":"Die erweiterte Jazz-Radiowoche vom 08.07.2024 bis 14.07.2024 - JazzZeitung","isPartOf":{"@id":"https:\/\/www.jazzzeitung.de\/cms\/#website"},"primaryImageOfPage":{"@id":"https:\/\/www.jazzzeitung.de\/cms\/2024\/07\/die-erweiterte-jazz-radiowoche-vom-08-07-2024-bis-15-07-2024\/#primaryimage"},"image":{"@id":"https:\/\/www.jazzzeitung.de\/cms\/2024\/07\/die-erweiterte-jazz-radiowoche-vom-08-07-2024-bis-15-07-2024\/#primaryimage"},"thumbnailUrl":"https:\/\/i0.wp.com\/www.jazzzeitung.de\/cms\/wp-content\/uploads\/2024\/07\/Brecht-meets-Celan.-Celan-trifft-Brecht_-%C2%A9-MH.jpg?fit=1440%2C1440&ssl=1","datePublished":"2024-07-07T10:00:14+00:00","breadcrumb":{"@id":"https:\/\/www.jazzzeitung.de\/cms\/2024\/07\/die-erweiterte-jazz-radiowoche-vom-08-07-2024-bis-15-07-2024\/#breadcrumb"},"inLanguage":"de","potentialAction":[{"@type":"ReadAction","target":["https:\/\/www.jazzzeitung.de\/cms\/2024\/07\/die-erweiterte-jazz-radiowoche-vom-08-07-2024-bis-15-07-2024\/"]}]},{"@type":"ImageObject","inLanguage":"de","@id":"https:\/\/www.jazzzeitung.de\/cms\/2024\/07\/die-erweiterte-jazz-radiowoche-vom-08-07-2024-bis-15-07-2024\/#primaryimage","url":"https:\/\/i0.wp.com\/www.jazzzeitung.de\/cms\/wp-content\/uploads\/2024\/07\/Brecht-meets-Celan.-Celan-trifft-Brecht_-%C2%A9-MH.jpg?fit=1440%2C1440&ssl=1","contentUrl":"https:\/\/i0.wp.com\/www.jazzzeitung.de\/cms\/wp-content\/uploads\/2024\/07\/Brecht-meets-Celan.-Celan-trifft-Brecht_-%C2%A9-MH.jpg?fit=1440%2C1440&ssl=1","width":1440,"height":1440,"caption":"Blatt baumlos. \u00a9 MH"},{"@type":"BreadcrumbList","@id":"https:\/\/www.jazzzeitung.de\/cms\/2024\/07\/die-erweiterte-jazz-radiowoche-vom-08-07-2024-bis-15-07-2024\/#breadcrumb","itemListElement":[{"@type":"ListItem","position":1,"name":"Startseite","item":"https:\/\/www.jazzzeitung.de\/cms\/"},{"@type":"ListItem","position":2,"name":"Die erweiterte Jazz-Radiowoche vom 08.07.2024 bis 14.07.2024"}]},{"@type":"WebSite","@id":"https:\/\/www.jazzzeitung.de\/cms\/#website","url":"https:\/\/www.jazzzeitung.de\/cms\/","name":"JazzZeitung","description":"Jazz-News und Jazz-Kontroverses","publisher":{"@id":"https:\/\/www.jazzzeitung.de\/cms\/#organization"},"potentialAction":[{"@type":"SearchAction","target":{"@type":"EntryPoint","urlTemplate":"https:\/\/www.jazzzeitung.de\/cms\/?s={search_term_string}"},"query-input":{"@type":"PropertyValueSpecification","valueRequired":true,"valueName":"search_term_string"}}],"inLanguage":"de"},{"@type":"Organization","@id":"https:\/\/www.jazzzeitung.de\/cms\/#organization","name":"JazzZeitung online","url":"https:\/\/www.jazzzeitung.de\/cms\/","logo":{"@type":"ImageObject","inLanguage":"de","@id":"https:\/\/www.jazzzeitung.de\/cms\/#\/schema\/logo\/image\/","url":"https:\/\/i0.wp.com\/www.jazzzeitung.de\/cms\/wp-content\/uploads\/2015\/08\/JAZZZEITUNGDE_Logo_Neu.png?fit=499%2C200&ssl=1","contentUrl":"https:\/\/i0.wp.com\/www.jazzzeitung.de\/cms\/wp-content\/uploads\/2015\/08\/JAZZZEITUNGDE_Logo_Neu.png?fit=499%2C200&ssl=1","width":499,"height":200,"caption":"JazzZeitung online"},"image":{"@id":"https:\/\/www.jazzzeitung.de\/cms\/#\/schema\/logo\/image\/"},"sameAs":["https:\/\/www.facebook.com\/JazzZeitung\/"]},{"@type":"Person","@id":"https:\/\/www.jazzzeitung.de\/cms\/#\/schema\/person\/b9a4e5ac765d94fb8f617bfa8f1fc5f7","name":"Martin Hufner","image":{"@type":"ImageObject","inLanguage":"de","@id":"https:\/\/i0.wp.com\/www.jazzzeitung.de\/cms\/wp-content\/uploads\/2013\/07\/huf-06.jpg?resize=96%2C96&ssl=15fcc31aa94540751a3b804516452be00","url":"https:\/\/i0.wp.com\/www.jazzzeitung.de\/cms\/wp-content\/uploads\/2013\/07\/huf-06.jpg?resize=96%2C96&ssl=1","contentUrl":"https:\/\/i0.wp.com\/www.jazzzeitung.de\/cms\/wp-content\/uploads\/2013\/07\/huf-06.jpg?resize=96%2C96&ssl=1","caption":"Martin Hufner"},"description":"Martin Hufner ist freier Autor der JazzZeitung.","sameAs":["https:\/\/www.kritische-masse.de\/logbuch","https:\/\/www.facebook.com\/hufner"],"url":"https:\/\/www.jazzzeitung.de\/cms\/author\/admin\/"}]}},"wp-worthy-pixel":{"ignored":true,"public":null,"server":null,"url":null},"wp-worthy-type":"normal","jetpack_publicize_connections":[],"cc_featured_image_caption":{"caption_text":"Blatt baumlos","source_text":"Foto: Martin Hufner","source_url":"https:\/\/www.kritische-masse.de\/logbuch"},"jetpack_featured_media_url":"https:\/\/i0.wp.com\/www.jazzzeitung.de\/cms\/wp-content\/uploads\/2024\/07\/Brecht-meets-Celan.-Celan-trifft-Brecht_-%C2%A9-MH.jpg?fit=1440%2C1440&ssl=1","jetpack_shortlink":"https:\/\/wp.me\/p3KEcT-87X","jetpack-related-posts":[{"id":30013,"url":"https:\/\/www.jazzzeitung.de\/cms\/2023\/09\/die-erweiterte-jazz-radiowoche-vom-11-09-2023-bis-17-09-2023\/","url_meta":{"origin":31245,"position":0},"title":"Die erweiterte Jazz-Radiowoche vom 11.09.2023 bis 17.09.2023","author":"Martin Hufner","date":"10. September 2023","format":false,"excerpt":"Ein kleiner Blick in die Radiowoche 37 entf\u00e4llt urlaubsbedingt.","rel":"","context":"In &quot;News&quot;","block_context":{"text":"News","link":"https:\/\/www.jazzzeitung.de\/cms\/thema\/nachrichten\/"},"img":{"alt_text":"Jazz im Radio. Foto\/Montage: Hufner","src":"https:\/\/i0.wp.com\/www.jazzzeitung.de\/cms\/wp-content\/uploads\/2018\/05\/radio-jazz_journalisten.jpg?fit=1200%2C900&ssl=1&resize=350%2C200","width":350,"height":200,"srcset":"https:\/\/i0.wp.com\/www.jazzzeitung.de\/cms\/wp-content\/uploads\/2018\/05\/radio-jazz_journalisten.jpg?fit=1200%2C900&ssl=1&resize=350%2C200 1x, https:\/\/i0.wp.com\/www.jazzzeitung.de\/cms\/wp-content\/uploads\/2018\/05\/radio-jazz_journalisten.jpg?fit=1200%2C900&ssl=1&resize=525%2C300 1.5x, https:\/\/i0.wp.com\/www.jazzzeitung.de\/cms\/wp-content\/uploads\/2018\/05\/radio-jazz_journalisten.jpg?fit=1200%2C900&ssl=1&resize=700%2C400 2x, https:\/\/i0.wp.com\/www.jazzzeitung.de\/cms\/wp-content\/uploads\/2018\/05\/radio-jazz_journalisten.jpg?fit=1200%2C900&ssl=1&resize=1050%2C600 3x"},"classes":[]},{"id":29689,"url":"https:\/\/www.jazzzeitung.de\/cms\/2023\/07\/die-erweiterte-jazz-radiowoche-vom-03-06-2023-bis-10-07-2023\/","url_meta":{"origin":31245,"position":1},"title":"Die erweiterte Jazz-Radiowoche vom 03.06.2023 bis 10.07.2023","author":"Martin Hufner","date":"2. Juli 2023","format":false,"excerpt":"Kein Beitrag in dieser Woche, mangels Vorbereitungszeit.","rel":"","context":"In &quot;News&quot;","block_context":{"text":"News","link":"https:\/\/www.jazzzeitung.de\/cms\/thema\/nachrichten\/"},"img":{"alt_text":"Jazz im Radio. Foto\/Montage: Hufner","src":"https:\/\/i0.wp.com\/www.jazzzeitung.de\/cms\/wp-content\/uploads\/2018\/05\/radio-jazz_journalisten.jpg?fit=1200%2C900&ssl=1&resize=350%2C200","width":350,"height":200,"srcset":"https:\/\/i0.wp.com\/www.jazzzeitung.de\/cms\/wp-content\/uploads\/2018\/05\/radio-jazz_journalisten.jpg?fit=1200%2C900&ssl=1&resize=350%2C200 1x, https:\/\/i0.wp.com\/www.jazzzeitung.de\/cms\/wp-content\/uploads\/2018\/05\/radio-jazz_journalisten.jpg?fit=1200%2C900&ssl=1&resize=525%2C300 1.5x, https:\/\/i0.wp.com\/www.jazzzeitung.de\/cms\/wp-content\/uploads\/2018\/05\/radio-jazz_journalisten.jpg?fit=1200%2C900&ssl=1&resize=700%2C400 2x, https:\/\/i0.wp.com\/www.jazzzeitung.de\/cms\/wp-content\/uploads\/2018\/05\/radio-jazz_journalisten.jpg?fit=1200%2C900&ssl=1&resize=1050%2C600 3x"},"classes":[]},{"id":22236,"url":"https:\/\/www.jazzzeitung.de\/cms\/2020\/03\/die-jazz-radiowoche-vom-30-03-20-bis-05-04-20\/","url_meta":{"origin":31245,"position":2},"title":"Die Jazz-Radiowoche vom 30.03.20 bis 05.04.20","author":"Martin Hufner","date":"29. M\u00e4rz 2020","format":false,"excerpt":"Ein kleiner Blick in die Jazzwoche 14 im Radio. Alle Angaben ohne Gew\u00e4hr. Jazz im Radio (Fernsehen) SR2 \u2013 JazzNow \u2013 Sonntags von 20.04 bis 22.30 Uhr BR-KLASSIK \u2013 Jazztime \u2013 Von Montag bis Freitag t\u00e4glich um 23.05 Uhr rbb-kultur \u2013 Late Night Jazz \u2013 Sa und So 23:04 \u2013\u2026","rel":"","context":"In &quot;News&quot;","block_context":{"text":"News","link":"https:\/\/www.jazzzeitung.de\/cms\/thema\/nachrichten\/"},"img":{"alt_text":"Jazz im Radio. Foto: Hufner","src":"https:\/\/i0.wp.com\/www.jazzzeitung.de\/cms\/wp-content\/uploads\/2019\/03\/jazz_im_radio.jpg?fit=1200%2C773&ssl=1&resize=350%2C200","width":350,"height":200,"srcset":"https:\/\/i0.wp.com\/www.jazzzeitung.de\/cms\/wp-content\/uploads\/2019\/03\/jazz_im_radio.jpg?fit=1200%2C773&ssl=1&resize=350%2C200 1x, https:\/\/i0.wp.com\/www.jazzzeitung.de\/cms\/wp-content\/uploads\/2019\/03\/jazz_im_radio.jpg?fit=1200%2C773&ssl=1&resize=525%2C300 1.5x, https:\/\/i0.wp.com\/www.jazzzeitung.de\/cms\/wp-content\/uploads\/2019\/03\/jazz_im_radio.jpg?fit=1200%2C773&ssl=1&resize=700%2C400 2x, https:\/\/i0.wp.com\/www.jazzzeitung.de\/cms\/wp-content\/uploads\/2019\/03\/jazz_im_radio.jpg?fit=1200%2C773&ssl=1&resize=1050%2C600 3x"},"classes":[]},{"id":23982,"url":"https:\/\/www.jazzzeitung.de\/cms\/2020\/12\/die-jazz-radiowoche-vom-14-12-20-bis-31-12-2020\/","url_meta":{"origin":31245,"position":3},"title":"Die Jazz-Radiowoche vom 14.12.20 bis 31.12.2020","author":"Martin Hufner","date":"13. Dezember 2020","format":false,"excerpt":"Ein kleiner Blick in Restmonat. Die Suchmaschine der ARD hat ihren Dienst am 7.12.2020 eingestellt. Nachfragen haben nur gezeigt, dass die Veranwortlichen kein Interesse daran haben, das zu kommunizieren. Weder ist herauszubekommen, wer das veranlasst hat noch warum. Danke ARD! F\u00fcr nichts. Jetzt schauen wir mal, wie es weiter geht.\u2026","rel":"","context":"In &quot;News&quot;","block_context":{"text":"News","link":"https:\/\/www.jazzzeitung.de\/cms\/thema\/nachrichten\/"},"img":{"alt_text":"Jazz im Radio. Foto: Hufner","src":"https:\/\/i0.wp.com\/www.jazzzeitung.de\/cms\/wp-content\/uploads\/2019\/03\/jazz_im_radio.jpg?fit=1200%2C773&ssl=1&resize=350%2C200","width":350,"height":200,"srcset":"https:\/\/i0.wp.com\/www.jazzzeitung.de\/cms\/wp-content\/uploads\/2019\/03\/jazz_im_radio.jpg?fit=1200%2C773&ssl=1&resize=350%2C200 1x, https:\/\/i0.wp.com\/www.jazzzeitung.de\/cms\/wp-content\/uploads\/2019\/03\/jazz_im_radio.jpg?fit=1200%2C773&ssl=1&resize=525%2C300 1.5x, https:\/\/i0.wp.com\/www.jazzzeitung.de\/cms\/wp-content\/uploads\/2019\/03\/jazz_im_radio.jpg?fit=1200%2C773&ssl=1&resize=700%2C400 2x, https:\/\/i0.wp.com\/www.jazzzeitung.de\/cms\/wp-content\/uploads\/2019\/03\/jazz_im_radio.jpg?fit=1200%2C773&ssl=1&resize=1050%2C600 3x"},"classes":[]},{"id":23939,"url":"https:\/\/www.jazzzeitung.de\/cms\/2020\/12\/die-jazz-radiowoche-vom-7-12-20-bis-13-12-2020\/","url_meta":{"origin":31245,"position":4},"title":"Die Jazz-Radiowoche vom 7.12.20 bis 13.12.2020","author":"Martin Hufner","date":"6. Dezember 2020","format":false,"excerpt":"Ein kleiner Blick in die Jazzwoche 50 im Radio. Der ist dieses mal so klein, es steht da n\u00e4mlich gar nichts drin.Grund daf\u00fcr: Die Suchmaschine f\u00fcr Radiosendungen der ARD gibt am dem 7.12.2020 keine Ergebnisse heraus. Versuche der Kontaktaufnahme mit der ARD sind ohne Echo verhallt. Aktuell bleibt es bei\u2026","rel":"","context":"In &quot;News&quot;","block_context":{"text":"News","link":"https:\/\/www.jazzzeitung.de\/cms\/thema\/nachrichten\/"},"img":{"alt_text":"Jazz im Radio. Foto: Hufner","src":"https:\/\/i0.wp.com\/www.jazzzeitung.de\/cms\/wp-content\/uploads\/2019\/03\/jazz_im_radio.jpg?fit=1200%2C773&ssl=1&resize=350%2C200","width":350,"height":200,"srcset":"https:\/\/i0.wp.com\/www.jazzzeitung.de\/cms\/wp-content\/uploads\/2019\/03\/jazz_im_radio.jpg?fit=1200%2C773&ssl=1&resize=350%2C200 1x, https:\/\/i0.wp.com\/www.jazzzeitung.de\/cms\/wp-content\/uploads\/2019\/03\/jazz_im_radio.jpg?fit=1200%2C773&ssl=1&resize=525%2C300 1.5x, https:\/\/i0.wp.com\/www.jazzzeitung.de\/cms\/wp-content\/uploads\/2019\/03\/jazz_im_radio.jpg?fit=1200%2C773&ssl=1&resize=700%2C400 2x, https:\/\/i0.wp.com\/www.jazzzeitung.de\/cms\/wp-content\/uploads\/2019\/03\/jazz_im_radio.jpg?fit=1200%2C773&ssl=1&resize=1050%2C600 3x"},"classes":[]},{"id":29756,"url":"https:\/\/www.jazzzeitung.de\/cms\/2023\/07\/die-ungemachte-jazz-radiowoche-vom-10-07-2023-bis-16-07-2023\/","url_meta":{"origin":31245,"position":5},"title":"Die ungemachte Jazz-Radiowoche vom 10.07.2023 bis 16.07.2023","author":"Martin Hufner","date":"9. Juli 2023","format":false,"excerpt":"Kein Beitrag in dieser Woche, mangels Vorbereitungszeit. Das wird sich aber bald \u00e4ndern. Wahrscheinlich. Vielleicht.","rel":"","context":"In &quot;News&quot;","block_context":{"text":"News","link":"https:\/\/www.jazzzeitung.de\/cms\/thema\/nachrichten\/"},"img":{"alt_text":"Jazz im Radio. Foto\/Montage: Hufner","src":"https:\/\/i0.wp.com\/www.jazzzeitung.de\/cms\/wp-content\/uploads\/2018\/05\/radio-jazz_journalisten.jpg?fit=1200%2C900&ssl=1&resize=350%2C200","width":350,"height":200,"srcset":"https:\/\/i0.wp.com\/www.jazzzeitung.de\/cms\/wp-content\/uploads\/2018\/05\/radio-jazz_journalisten.jpg?fit=1200%2C900&ssl=1&resize=350%2C200 1x, https:\/\/i0.wp.com\/www.jazzzeitung.de\/cms\/wp-content\/uploads\/2018\/05\/radio-jazz_journalisten.jpg?fit=1200%2C900&ssl=1&resize=525%2C300 1.5x, https:\/\/i0.wp.com\/www.jazzzeitung.de\/cms\/wp-content\/uploads\/2018\/05\/radio-jazz_journalisten.jpg?fit=1200%2C900&ssl=1&resize=700%2C400 2x, https:\/\/i0.wp.com\/www.jazzzeitung.de\/cms\/wp-content\/uploads\/2018\/05\/radio-jazz_journalisten.jpg?fit=1200%2C900&ssl=1&resize=1050%2C600 3x"},"classes":[]}],"jetpack_sharing_enabled":false,"_links":{"self":[{"href":"https:\/\/www.jazzzeitung.de\/cms\/wp-json\/wp\/v2\/posts\/31245","targetHints":{"allow":["GET"]}}],"collection":[{"href":"https:\/\/www.jazzzeitung.de\/cms\/wp-json\/wp\/v2\/posts"}],"about":[{"href":"https:\/\/www.jazzzeitung.de\/cms\/wp-json\/wp\/v2\/types\/post"}],"author":[{"embeddable":true,"href":"https:\/\/www.jazzzeitung.de\/cms\/wp-json\/wp\/v2\/users\/1"}],"replies":[{"embeddable":true,"href":"https:\/\/www.jazzzeitung.de\/cms\/wp-json\/wp\/v2\/comments?post=31245"}],"version-history":[{"count":5,"href":"https:\/\/www.jazzzeitung.de\/cms\/wp-json\/wp\/v2\/posts\/31245\/revisions"}],"predecessor-version":[{"id":31251,"href":"https:\/\/www.jazzzeitung.de\/cms\/wp-json\/wp\/v2\/posts\/31245\/revisions\/31251"}],"wp:featuredmedia":[{"embeddable":true,"href":"https:\/\/www.jazzzeitung.de\/cms\/wp-json\/wp\/v2\/media\/31246"}],"wp:attachment":[{"href":"https:\/\/www.jazzzeitung.de\/cms\/wp-json\/wp\/v2\/media?parent=31245"}],"wp:term":[{"taxonomy":"category","embeddable":true,"href":"https:\/\/www.jazzzeitung.de\/cms\/wp-json\/wp\/v2\/categories?post=31245"},{"taxonomy":"post_tag","embeddable":true,"href":"https:\/\/www.jazzzeitung.de\/cms\/wp-json\/wp\/v2\/tags?post=31245"},{"taxonomy":"author","embeddable":true,"href":"https:\/\/www.jazzzeitung.de\/cms\/wp-json\/wp\/v2\/coauthors?post=31245"}],"curies":[{"name":"wp","href":"https:\/\/api.w.org\/{rel}","templated":true}]}}