{"id":31229,"date":"2024-07-02T15:46:59","date_gmt":"2024-07-02T13:46:59","guid":{"rendered":"https:\/\/www.jazzzeitung.de\/cms\/?p=31229"},"modified":"2024-07-01T12:53:15","modified_gmt":"2024-07-01T10:53:15","slug":"serenadenkonzerte-mit-nils-wograms-bandprojekt-muse","status":"publish","type":"post","link":"https:\/\/www.jazzzeitung.de\/cms\/2024\/07\/serenadenkonzerte-mit-nils-wograms-bandprojekt-muse\/","title":{"rendered":"Serenadenkonzerte mit Nils Wograms Bandprojekt Muse"},"content":{"rendered":"<p>Regensburg. Beim letzten der vier Serenadenkonzerte f\u00fcr heuer war alles ein wenig anders. \u201eWir wollten mal eine andere Klangfarbe reinbringen\u201c, erl\u00e4uterte Andreas Meixner, der zusammen mit Professor Stefan Baier die k\u00fcnstlerische Leitung der Veranstaltungsreihe in der Minoritenkirche innehat. Mit dem Posaunisten Nils Wogram und seinem j\u00fcngsten Bandprojekt Muse ist das dem Impresario-Duo auch in jeder Hinsicht voll gelungen.<\/p>\n<h3>Neue Wege<\/h3>\n<p>Wogram, der bereits mit verschiedenen Projekten und Gruppen nebenan beim Jazzclub im Leeren Beutel gastierte, hat mit dem kammermusikalischen Ensemble v\u00f6llig neue Wege eingeschlagen. Bereits die Besetzung mit Harfe, gespielt von Kathrin Pechlof, Viola, Gerdur Gunnarsdottir, und Altsaxofon, Christian Weidner, ist untypisch f\u00fcr den Jazz und fremdelt andererseits erheblich mit klassischen Gewohnheiten. Spielen im Sitzen wiederum passt zu den Klassikern, irritiert aber leidenschaftliche Jazzh\u00f6rer. Die h\u00e4lt es oft selbst kaum auf den St\u00fchlen, wenn die geballte Energie eines treibenden Grooves durch Mark und Bein geht.<\/p>\n<div class=\"tiled-gallery type-rectangular tiled-gallery-unresized\" data-original-width=\"840\" data-carousel-extra='{&quot;blog_id&quot;:1,&quot;permalink&quot;:&quot;https:\\\/\\\/www.jazzzeitung.de\\\/cms\\\/2024\\\/07\\\/serenadenkonzerte-mit-nils-wograms-bandprojekt-muse\\\/&quot;,&quot;likes_blog_id&quot;:55446655}' itemscope itemtype=\"http:\/\/schema.org\/ImageGallery\" > <div class=\"gallery-row\" style=\"width: 840px; height: 376px;\" data-original-width=\"840\" data-original-height=\"376\" > <div class=\"gallery-group images-1\" style=\"width: 560px; height: 376px;\" data-original-width=\"560\" data-original-height=\"376\" > <div class=\"tiled-gallery-item tiled-gallery-item-large\" itemprop=\"associatedMedia\" itemscope itemtype=\"http:\/\/schema.org\/ImageObject\"> <a href=\"https:\/\/www.jazzzeitung.de\/cms\/2024\/07\/serenadenkonzerte-mit-nils-wograms-bandprojekt-muse\/muse-wogram_21\/\" border=\"0\" itemprop=\"url\"> <meta itemprop=\"width\" content=\"556\"> <meta itemprop=\"height\" content=\"372\"> <img decoding=\"async\" class=\"\" data-attachment-id=\"31231\" data-orig-file=\"https:\/\/www.jazzzeitung.de\/cms\/wp-content\/uploads\/2024\/07\/muse-wogram_21.jpg\" data-orig-size=\"2362,1580\" data-comments-opened=\"1\" data-image-meta=\"{&quot;aperture&quot;:&quot;4.5&quot;,&quot;credit&quot;:&quot;MICHAEL Scheiner&quot;,&quot;camera&quot;:&quot;NIKON D7200&quot;,&quot;caption&quot;:&quot;&quot;,&quot;created_timestamp&quot;:&quot;0&quot;,&quot;copyright&quot;:&quot;Michael Scheiner&quot;,&quot;focal_length&quot;:&quot;25&quot;,&quot;iso&quot;:&quot;3200&quot;,&quot;shutter_speed&quot;:&quot;0.01&quot;,&quot;title&quot;:&quot;&quot;,&quot;orientation&quot;:&quot;1&quot;}\" data-image-title=\"muse-wogram_21\" data-image-description=\"\" data-medium-file=\"https:\/\/i0.wp.com\/www.jazzzeitung.de\/cms\/wp-content\/uploads\/2024\/07\/muse-wogram_21.jpg?fit=300%2C201&#038;ssl=1\" data-large-file=\"https:\/\/i0.wp.com\/www.jazzzeitung.de\/cms\/wp-content\/uploads\/2024\/07\/muse-wogram_21.jpg?fit=840%2C562&#038;ssl=1\" src=\"https:\/\/i0.wp.com\/www.jazzzeitung.de\/cms\/wp-content\/uploads\/2024\/07\/muse-wogram_21.jpg?w=556&#038;h=372&#038;ssl=1\" srcset=\"https:\/\/i0.wp.com\/www.jazzzeitung.de\/cms\/wp-content\/uploads\/2024\/07\/muse-wogram_21.jpg?w=2362&amp;ssl=1 2362w, https:\/\/i0.wp.com\/www.jazzzeitung.de\/cms\/wp-content\/uploads\/2024\/07\/muse-wogram_21.jpg?resize=300%2C201&amp;ssl=1 300w, https:\/\/i0.wp.com\/www.jazzzeitung.de\/cms\/wp-content\/uploads\/2024\/07\/muse-wogram_21.jpg?resize=897%2C600&amp;ssl=1 897w, https:\/\/i0.wp.com\/www.jazzzeitung.de\/cms\/wp-content\/uploads\/2024\/07\/muse-wogram_21.jpg?resize=768%2C514&amp;ssl=1 768w, https:\/\/i0.wp.com\/www.jazzzeitung.de\/cms\/wp-content\/uploads\/2024\/07\/muse-wogram_21.jpg?resize=1536%2C1027&amp;ssl=1 1536w, https:\/\/i0.wp.com\/www.jazzzeitung.de\/cms\/wp-content\/uploads\/2024\/07\/muse-wogram_21.jpg?resize=2048%2C1370&amp;ssl=1 2048w, https:\/\/i0.wp.com\/www.jazzzeitung.de\/cms\/wp-content\/uploads\/2024\/07\/muse-wogram_21.jpg?resize=120%2C80&amp;ssl=1 120w, https:\/\/i0.wp.com\/www.jazzzeitung.de\/cms\/wp-content\/uploads\/2024\/07\/muse-wogram_21.jpg?resize=1320%2C883&amp;ssl=1 1320w, https:\/\/i0.wp.com\/www.jazzzeitung.de\/cms\/wp-content\/uploads\/2024\/07\/muse-wogram_21.jpg?w=1680&amp;ssl=1 1680w\" width=\"556\" height=\"372\" loading=\"lazy\" data-original-width=\"556\" data-original-height=\"372\" itemprop=\"http:\/\/schema.org\/image\" title=\"muse-wogram_21\" alt=\"muse-wogram_21\" style=\"width: 556px; height: 372px;\" \/> <\/a> <\/div> <\/div> <!-- close group --> <div class=\"gallery-group images-2\" style=\"width: 280px; height: 376px;\" data-original-width=\"280\" data-original-height=\"376\" > <div class=\"tiled-gallery-item tiled-gallery-item-large\" itemprop=\"associatedMedia\" itemscope itemtype=\"http:\/\/schema.org\/ImageObject\"> <a href=\"https:\/\/www.jazzzeitung.de\/cms\/2024\/07\/serenadenkonzerte-mit-nils-wograms-bandprojekt-muse\/muse-wogram_27\/\" border=\"0\" itemprop=\"url\"> <meta itemprop=\"width\" content=\"276\"> <meta itemprop=\"height\" content=\"184\"> <img decoding=\"async\" class=\"\" data-attachment-id=\"31232\" data-orig-file=\"https:\/\/www.jazzzeitung.de\/cms\/wp-content\/uploads\/2024\/07\/muse-wogram_27.jpg\" data-orig-size=\"2362,1574\" data-comments-opened=\"1\" data-image-meta=\"{&quot;aperture&quot;:&quot;4.8&quot;,&quot;credit&quot;:&quot;MICHAEL Scheiner&quot;,&quot;camera&quot;:&quot;NIKON D7200&quot;,&quot;caption&quot;:&quot;&quot;,&quot;created_timestamp&quot;:&quot;0&quot;,&quot;copyright&quot;:&quot;Michael Scheiner&quot;,&quot;focal_length&quot;:&quot;52&quot;,&quot;iso&quot;:&quot;3200&quot;,&quot;shutter_speed&quot;:&quot;0.01&quot;,&quot;title&quot;:&quot;&quot;,&quot;orientation&quot;:&quot;1&quot;}\" data-image-title=\"muse-wogram_27\" data-image-description=\"\" data-medium-file=\"https:\/\/i0.wp.com\/www.jazzzeitung.de\/cms\/wp-content\/uploads\/2024\/07\/muse-wogram_27.jpg?fit=300%2C200&#038;ssl=1\" data-large-file=\"https:\/\/i0.wp.com\/www.jazzzeitung.de\/cms\/wp-content\/uploads\/2024\/07\/muse-wogram_27.jpg?fit=840%2C560&#038;ssl=1\" src=\"https:\/\/i0.wp.com\/www.jazzzeitung.de\/cms\/wp-content\/uploads\/2024\/07\/muse-wogram_27.jpg?w=276&#038;h=184&#038;ssl=1\" srcset=\"https:\/\/i0.wp.com\/www.jazzzeitung.de\/cms\/wp-content\/uploads\/2024\/07\/muse-wogram_27.jpg?w=2362&amp;ssl=1 2362w, https:\/\/i0.wp.com\/www.jazzzeitung.de\/cms\/wp-content\/uploads\/2024\/07\/muse-wogram_27.jpg?resize=300%2C200&amp;ssl=1 300w, https:\/\/i0.wp.com\/www.jazzzeitung.de\/cms\/wp-content\/uploads\/2024\/07\/muse-wogram_27.jpg?resize=900%2C600&amp;ssl=1 900w, https:\/\/i0.wp.com\/www.jazzzeitung.de\/cms\/wp-content\/uploads\/2024\/07\/muse-wogram_27.jpg?resize=768%2C512&amp;ssl=1 768w, https:\/\/i0.wp.com\/www.jazzzeitung.de\/cms\/wp-content\/uploads\/2024\/07\/muse-wogram_27.jpg?resize=1536%2C1024&amp;ssl=1 1536w, https:\/\/i0.wp.com\/www.jazzzeitung.de\/cms\/wp-content\/uploads\/2024\/07\/muse-wogram_27.jpg?resize=2048%2C1365&amp;ssl=1 2048w, https:\/\/i0.wp.com\/www.jazzzeitung.de\/cms\/wp-content\/uploads\/2024\/07\/muse-wogram_27.jpg?resize=120%2C80&amp;ssl=1 120w, https:\/\/i0.wp.com\/www.jazzzeitung.de\/cms\/wp-content\/uploads\/2024\/07\/muse-wogram_27.jpg?resize=1320%2C880&amp;ssl=1 1320w, https:\/\/i0.wp.com\/www.jazzzeitung.de\/cms\/wp-content\/uploads\/2024\/07\/muse-wogram_27.jpg?w=1680&amp;ssl=1 1680w\" width=\"276\" height=\"184\" loading=\"lazy\" data-original-width=\"276\" data-original-height=\"184\" itemprop=\"http:\/\/schema.org\/image\" title=\"muse-wogram_27\" alt=\"muse-wogram_27\" style=\"width: 276px; height: 184px;\" \/> <\/a> <\/div> <div class=\"tiled-gallery-item tiled-gallery-item-large\" itemprop=\"associatedMedia\" itemscope itemtype=\"http:\/\/schema.org\/ImageObject\"> <a href=\"https:\/\/www.jazzzeitung.de\/cms\/2024\/07\/serenadenkonzerte-mit-nils-wograms-bandprojekt-muse\/muse-wogram_36\/\" border=\"0\" itemprop=\"url\"> <meta itemprop=\"width\" content=\"276\"> <meta itemprop=\"height\" content=\"184\"> <img decoding=\"async\" class=\"\" data-attachment-id=\"31234\" data-orig-file=\"https:\/\/www.jazzzeitung.de\/cms\/wp-content\/uploads\/2024\/07\/muse-wogram_36.jpg\" data-orig-size=\"2362,1575\" data-comments-opened=\"1\" data-image-meta=\"{&quot;aperture&quot;:&quot;6&quot;,&quot;credit&quot;:&quot;MICHAEL Scheiner&quot;,&quot;camera&quot;:&quot;NIKON D7200&quot;,&quot;caption&quot;:&quot;&quot;,&quot;created_timestamp&quot;:&quot;0&quot;,&quot;copyright&quot;:&quot;Michael Scheiner&quot;,&quot;focal_length&quot;:&quot;135&quot;,&quot;iso&quot;:&quot;3200&quot;,&quot;shutter_speed&quot;:&quot;0.0125&quot;,&quot;title&quot;:&quot;&quot;,&quot;orientation&quot;:&quot;1&quot;}\" data-image-title=\"muse-wogram_36\" data-image-description=\"\" data-medium-file=\"https:\/\/i0.wp.com\/www.jazzzeitung.de\/cms\/wp-content\/uploads\/2024\/07\/muse-wogram_36.jpg?fit=300%2C200&#038;ssl=1\" data-large-file=\"https:\/\/i0.wp.com\/www.jazzzeitung.de\/cms\/wp-content\/uploads\/2024\/07\/muse-wogram_36.jpg?fit=840%2C560&#038;ssl=1\" src=\"https:\/\/i0.wp.com\/www.jazzzeitung.de\/cms\/wp-content\/uploads\/2024\/07\/muse-wogram_36.jpg?w=276&#038;h=184&#038;ssl=1\" srcset=\"https:\/\/i0.wp.com\/www.jazzzeitung.de\/cms\/wp-content\/uploads\/2024\/07\/muse-wogram_36.jpg?w=2362&amp;ssl=1 2362w, https:\/\/i0.wp.com\/www.jazzzeitung.de\/cms\/wp-content\/uploads\/2024\/07\/muse-wogram_36.jpg?resize=300%2C200&amp;ssl=1 300w, https:\/\/i0.wp.com\/www.jazzzeitung.de\/cms\/wp-content\/uploads\/2024\/07\/muse-wogram_36.jpg?resize=900%2C600&amp;ssl=1 900w, https:\/\/i0.wp.com\/www.jazzzeitung.de\/cms\/wp-content\/uploads\/2024\/07\/muse-wogram_36.jpg?resize=768%2C512&amp;ssl=1 768w, https:\/\/i0.wp.com\/www.jazzzeitung.de\/cms\/wp-content\/uploads\/2024\/07\/muse-wogram_36.jpg?resize=1536%2C1024&amp;ssl=1 1536w, https:\/\/i0.wp.com\/www.jazzzeitung.de\/cms\/wp-content\/uploads\/2024\/07\/muse-wogram_36.jpg?resize=2048%2C1366&amp;ssl=1 2048w, https:\/\/i0.wp.com\/www.jazzzeitung.de\/cms\/wp-content\/uploads\/2024\/07\/muse-wogram_36.jpg?resize=120%2C80&amp;ssl=1 120w, https:\/\/i0.wp.com\/www.jazzzeitung.de\/cms\/wp-content\/uploads\/2024\/07\/muse-wogram_36.jpg?resize=1320%2C880&amp;ssl=1 1320w, https:\/\/i0.wp.com\/www.jazzzeitung.de\/cms\/wp-content\/uploads\/2024\/07\/muse-wogram_36.jpg?w=1680&amp;ssl=1 1680w\" width=\"276\" height=\"184\" loading=\"lazy\" data-original-width=\"276\" data-original-height=\"184\" itemprop=\"http:\/\/schema.org\/image\" title=\"muse-wogram_36\" alt=\"muse-wogram_36\" style=\"width: 276px; height: 184px;\" \/> <\/a> <\/div> <\/div> <!-- close group --> <\/div> <!-- close row --> <div class=\"gallery-row\" style=\"width: 840px; height: 594px;\" data-original-width=\"840\" data-original-height=\"594\" > <div class=\"gallery-group images-2\" style=\"width: 444px; height: 594px;\" data-original-width=\"444\" data-original-height=\"594\" > <div class=\"tiled-gallery-item tiled-gallery-item-large\" itemprop=\"associatedMedia\" itemscope itemtype=\"http:\/\/schema.org\/ImageObject\"> <a href=\"https:\/\/www.jazzzeitung.de\/cms\/2024\/07\/serenadenkonzerte-mit-nils-wograms-bandprojekt-muse\/muse-wogram_46\/\" border=\"0\" itemprop=\"url\"> <meta itemprop=\"width\" content=\"440\"> <meta itemprop=\"height\" content=\"293\"> <img decoding=\"async\" class=\"\" data-attachment-id=\"31236\" data-orig-file=\"https:\/\/www.jazzzeitung.de\/cms\/wp-content\/uploads\/2024\/07\/muse-wogram_46.jpg\" data-orig-size=\"2362,1574\" data-comments-opened=\"1\" data-image-meta=\"{&quot;aperture&quot;:&quot;5.6&quot;,&quot;credit&quot;:&quot;MICHAEL Scheiner&quot;,&quot;camera&quot;:&quot;NIKON D7200&quot;,&quot;caption&quot;:&quot;&quot;,&quot;created_timestamp&quot;:&quot;0&quot;,&quot;copyright&quot;:&quot;Michael Scheiner&quot;,&quot;focal_length&quot;:&quot;52&quot;,&quot;iso&quot;:&quot;3200&quot;,&quot;shutter_speed&quot;:&quot;0.0125&quot;,&quot;title&quot;:&quot;&quot;,&quot;orientation&quot;:&quot;1&quot;}\" data-image-title=\"muse-wogram_46\" data-image-description=\"\" data-medium-file=\"https:\/\/i0.wp.com\/www.jazzzeitung.de\/cms\/wp-content\/uploads\/2024\/07\/muse-wogram_46.jpg?fit=300%2C200&#038;ssl=1\" data-large-file=\"https:\/\/i0.wp.com\/www.jazzzeitung.de\/cms\/wp-content\/uploads\/2024\/07\/muse-wogram_46.jpg?fit=840%2C560&#038;ssl=1\" src=\"https:\/\/i0.wp.com\/www.jazzzeitung.de\/cms\/wp-content\/uploads\/2024\/07\/muse-wogram_46.jpg?w=440&#038;h=293&#038;ssl=1\" srcset=\"https:\/\/i0.wp.com\/www.jazzzeitung.de\/cms\/wp-content\/uploads\/2024\/07\/muse-wogram_46.jpg?w=2362&amp;ssl=1 2362w, https:\/\/i0.wp.com\/www.jazzzeitung.de\/cms\/wp-content\/uploads\/2024\/07\/muse-wogram_46.jpg?resize=300%2C200&amp;ssl=1 300w, https:\/\/i0.wp.com\/www.jazzzeitung.de\/cms\/wp-content\/uploads\/2024\/07\/muse-wogram_46.jpg?resize=900%2C600&amp;ssl=1 900w, https:\/\/i0.wp.com\/www.jazzzeitung.de\/cms\/wp-content\/uploads\/2024\/07\/muse-wogram_46.jpg?resize=768%2C512&amp;ssl=1 768w, https:\/\/i0.wp.com\/www.jazzzeitung.de\/cms\/wp-content\/uploads\/2024\/07\/muse-wogram_46.jpg?resize=1536%2C1024&amp;ssl=1 1536w, https:\/\/i0.wp.com\/www.jazzzeitung.de\/cms\/wp-content\/uploads\/2024\/07\/muse-wogram_46.jpg?resize=2048%2C1365&amp;ssl=1 2048w, https:\/\/i0.wp.com\/www.jazzzeitung.de\/cms\/wp-content\/uploads\/2024\/07\/muse-wogram_46.jpg?resize=120%2C80&amp;ssl=1 120w, https:\/\/i0.wp.com\/www.jazzzeitung.de\/cms\/wp-content\/uploads\/2024\/07\/muse-wogram_46.jpg?resize=1320%2C880&amp;ssl=1 1320w, https:\/\/i0.wp.com\/www.jazzzeitung.de\/cms\/wp-content\/uploads\/2024\/07\/muse-wogram_46.jpg?w=1680&amp;ssl=1 1680w\" width=\"440\" height=\"293\" loading=\"lazy\" data-original-width=\"440\" data-original-height=\"293\" itemprop=\"http:\/\/schema.org\/image\" title=\"muse-wogram_46\" alt=\"muse-wogram_46\" style=\"width: 440px; height: 293px;\" \/> <\/a> <\/div> <div class=\"tiled-gallery-item tiled-gallery-item-large\" itemprop=\"associatedMedia\" itemscope itemtype=\"http:\/\/schema.org\/ImageObject\"> <a href=\"https:\/\/www.jazzzeitung.de\/cms\/2024\/07\/serenadenkonzerte-mit-nils-wograms-bandprojekt-muse\/pechlof-kathrin_58\/\" border=\"0\" itemprop=\"url\"> <meta itemprop=\"width\" content=\"440\"> <meta itemprop=\"height\" content=\"293\"> <img decoding=\"async\" class=\"\" data-attachment-id=\"31237\" data-orig-file=\"https:\/\/www.jazzzeitung.de\/cms\/wp-content\/uploads\/2024\/07\/Pechlof-Kathrin_58.jpg\" data-orig-size=\"2362,1575\" data-comments-opened=\"1\" data-image-meta=\"{&quot;aperture&quot;:&quot;5&quot;,&quot;credit&quot;:&quot;MICHAEL Scheiner&quot;,&quot;camera&quot;:&quot;NIKON D7200&quot;,&quot;caption&quot;:&quot;&quot;,&quot;created_timestamp&quot;:&quot;0&quot;,&quot;copyright&quot;:&quot;Michael Scheiner&quot;,&quot;focal_length&quot;:&quot;65&quot;,&quot;iso&quot;:&quot;3200&quot;,&quot;shutter_speed&quot;:&quot;0.02&quot;,&quot;title&quot;:&quot;&quot;,&quot;orientation&quot;:&quot;1&quot;}\" data-image-title=\"Pechlof-Kathrin_58\" data-image-description=\"\" data-medium-file=\"https:\/\/i0.wp.com\/www.jazzzeitung.de\/cms\/wp-content\/uploads\/2024\/07\/Pechlof-Kathrin_58.jpg?fit=300%2C200&#038;ssl=1\" data-large-file=\"https:\/\/i0.wp.com\/www.jazzzeitung.de\/cms\/wp-content\/uploads\/2024\/07\/Pechlof-Kathrin_58.jpg?fit=840%2C560&#038;ssl=1\" src=\"https:\/\/i0.wp.com\/www.jazzzeitung.de\/cms\/wp-content\/uploads\/2024\/07\/Pechlof-Kathrin_58.jpg?w=440&#038;h=293&#038;ssl=1\" srcset=\"https:\/\/i0.wp.com\/www.jazzzeitung.de\/cms\/wp-content\/uploads\/2024\/07\/Pechlof-Kathrin_58.jpg?w=2362&amp;ssl=1 2362w, https:\/\/i0.wp.com\/www.jazzzeitung.de\/cms\/wp-content\/uploads\/2024\/07\/Pechlof-Kathrin_58.jpg?resize=300%2C200&amp;ssl=1 300w, https:\/\/i0.wp.com\/www.jazzzeitung.de\/cms\/wp-content\/uploads\/2024\/07\/Pechlof-Kathrin_58.jpg?resize=900%2C600&amp;ssl=1 900w, https:\/\/i0.wp.com\/www.jazzzeitung.de\/cms\/wp-content\/uploads\/2024\/07\/Pechlof-Kathrin_58.jpg?resize=768%2C512&amp;ssl=1 768w, https:\/\/i0.wp.com\/www.jazzzeitung.de\/cms\/wp-content\/uploads\/2024\/07\/Pechlof-Kathrin_58.jpg?resize=1536%2C1024&amp;ssl=1 1536w, https:\/\/i0.wp.com\/www.jazzzeitung.de\/cms\/wp-content\/uploads\/2024\/07\/Pechlof-Kathrin_58.jpg?resize=2048%2C1366&amp;ssl=1 2048w, https:\/\/i0.wp.com\/www.jazzzeitung.de\/cms\/wp-content\/uploads\/2024\/07\/Pechlof-Kathrin_58.jpg?resize=120%2C80&amp;ssl=1 120w, https:\/\/i0.wp.com\/www.jazzzeitung.de\/cms\/wp-content\/uploads\/2024\/07\/Pechlof-Kathrin_58.jpg?resize=1320%2C880&amp;ssl=1 1320w, https:\/\/i0.wp.com\/www.jazzzeitung.de\/cms\/wp-content\/uploads\/2024\/07\/Pechlof-Kathrin_58.jpg?w=1680&amp;ssl=1 1680w\" width=\"440\" height=\"293\" loading=\"lazy\" data-original-width=\"440\" data-original-height=\"293\" itemprop=\"http:\/\/schema.org\/image\" title=\"Pechlof-Kathrin_58\" alt=\"Pechlof-Kathrin_58\" style=\"width: 440px; height: 293px;\" \/> <\/a> <\/div> <\/div> <!-- close group --> <div class=\"gallery-group images-1\" style=\"width: 396px; height: 594px;\" data-original-width=\"396\" data-original-height=\"594\" > <div class=\"tiled-gallery-item tiled-gallery-item-large\" itemprop=\"associatedMedia\" itemscope itemtype=\"http:\/\/schema.org\/ImageObject\"> <a href=\"https:\/\/www.jazzzeitung.de\/cms\/2024\/07\/serenadenkonzerte-mit-nils-wograms-bandprojekt-muse\/weidner-christian_49\/\" border=\"0\" itemprop=\"url\"> <meta itemprop=\"width\" content=\"392\"> <meta itemprop=\"height\" content=\"590\"> <img decoding=\"async\" class=\"\" data-attachment-id=\"31238\" data-orig-file=\"https:\/\/www.jazzzeitung.de\/cms\/wp-content\/uploads\/2024\/07\/weidner-christian_49.jpg\" data-orig-size=\"1574,2367\" data-comments-opened=\"1\" data-image-meta=\"{&quot;aperture&quot;:&quot;6&quot;,&quot;credit&quot;:&quot;MICHAEL Scheiner&quot;,&quot;camera&quot;:&quot;NIKON D7200&quot;,&quot;caption&quot;:&quot;&quot;,&quot;created_timestamp&quot;:&quot;0&quot;,&quot;copyright&quot;:&quot;Michael Scheiner&quot;,&quot;focal_length&quot;:&quot;180&quot;,&quot;iso&quot;:&quot;3200&quot;,&quot;shutter_speed&quot;:&quot;0.0125&quot;,&quot;title&quot;:&quot;&quot;,&quot;orientation&quot;:&quot;1&quot;}\" data-image-title=\"weidner-christian_49\" data-image-description=\"\" data-medium-file=\"https:\/\/i0.wp.com\/www.jazzzeitung.de\/cms\/wp-content\/uploads\/2024\/07\/weidner-christian_49.jpg?fit=199%2C300&#038;ssl=1\" data-large-file=\"https:\/\/i0.wp.com\/www.jazzzeitung.de\/cms\/wp-content\/uploads\/2024\/07\/weidner-christian_49.jpg?fit=399%2C600&#038;ssl=1\" src=\"https:\/\/i0.wp.com\/www.jazzzeitung.de\/cms\/wp-content\/uploads\/2024\/07\/weidner-christian_49.jpg?w=392&#038;h=590&#038;ssl=1\" srcset=\"https:\/\/i0.wp.com\/www.jazzzeitung.de\/cms\/wp-content\/uploads\/2024\/07\/weidner-christian_49.jpg?w=1574&amp;ssl=1 1574w, https:\/\/i0.wp.com\/www.jazzzeitung.de\/cms\/wp-content\/uploads\/2024\/07\/weidner-christian_49.jpg?resize=199%2C300&amp;ssl=1 199w, https:\/\/i0.wp.com\/www.jazzzeitung.de\/cms\/wp-content\/uploads\/2024\/07\/weidner-christian_49.jpg?resize=399%2C600&amp;ssl=1 399w, https:\/\/i0.wp.com\/www.jazzzeitung.de\/cms\/wp-content\/uploads\/2024\/07\/weidner-christian_49.jpg?resize=768%2C1155&amp;ssl=1 768w, https:\/\/i0.wp.com\/www.jazzzeitung.de\/cms\/wp-content\/uploads\/2024\/07\/weidner-christian_49.jpg?resize=1021%2C1536&amp;ssl=1 1021w, https:\/\/i0.wp.com\/www.jazzzeitung.de\/cms\/wp-content\/uploads\/2024\/07\/weidner-christian_49.jpg?resize=1362%2C2048&amp;ssl=1 1362w, https:\/\/i0.wp.com\/www.jazzzeitung.de\/cms\/wp-content\/uploads\/2024\/07\/weidner-christian_49.jpg?resize=1320%2C1985&amp;ssl=1 1320w\" width=\"392\" height=\"590\" loading=\"lazy\" data-original-width=\"392\" data-original-height=\"590\" itemprop=\"http:\/\/schema.org\/image\" title=\"weidner-christian_49\" alt=\"weidner-christian_49\" style=\"width: 392px; height: 590px;\" \/> <\/a> <\/div> <\/div> <!-- close group --> <\/div> <!-- close row --> <div class=\"gallery-row\" style=\"width: 840px; height: 388px;\" data-original-width=\"840\" data-original-height=\"388\" > <div class=\"gallery-group images-1\" style=\"width: 258px; height: 388px;\" data-original-width=\"258\" data-original-height=\"388\" > <div class=\"tiled-gallery-item tiled-gallery-item-large\" itemprop=\"associatedMedia\" itemscope itemtype=\"http:\/\/schema.org\/ImageObject\"> <a href=\"https:\/\/www.jazzzeitung.de\/cms\/2024\/07\/serenadenkonzerte-mit-nils-wograms-bandprojekt-muse\/wogram-nils_53\/\" border=\"0\" itemprop=\"url\"> <meta itemprop=\"width\" content=\"254\"> <meta itemprop=\"height\" content=\"384\"> <img decoding=\"async\" class=\"\" data-attachment-id=\"31240\" data-orig-file=\"https:\/\/www.jazzzeitung.de\/cms\/wp-content\/uploads\/2024\/07\/wogram-nils_53.jpg\" data-orig-size=\"1574,2373\" data-comments-opened=\"1\" data-image-meta=\"{&quot;aperture&quot;:&quot;6.3&quot;,&quot;credit&quot;:&quot;MICHAEL Scheiner&quot;,&quot;camera&quot;:&quot;NIKON D7200&quot;,&quot;caption&quot;:&quot;&quot;,&quot;created_timestamp&quot;:&quot;0&quot;,&quot;copyright&quot;:&quot;Michael Scheiner&quot;,&quot;focal_length&quot;:&quot;200&quot;,&quot;iso&quot;:&quot;3200&quot;,&quot;shutter_speed&quot;:&quot;0.0125&quot;,&quot;title&quot;:&quot;&quot;,&quot;orientation&quot;:&quot;1&quot;}\" data-image-title=\"wogram-nils_53\" data-image-description=\"\" data-medium-file=\"https:\/\/i0.wp.com\/www.jazzzeitung.de\/cms\/wp-content\/uploads\/2024\/07\/wogram-nils_53.jpg?fit=199%2C300&#038;ssl=1\" data-large-file=\"https:\/\/i0.wp.com\/www.jazzzeitung.de\/cms\/wp-content\/uploads\/2024\/07\/wogram-nils_53.jpg?fit=398%2C600&#038;ssl=1\" src=\"https:\/\/i0.wp.com\/www.jazzzeitung.de\/cms\/wp-content\/uploads\/2024\/07\/wogram-nils_53.jpg?w=254&#038;h=384&#038;ssl=1\" srcset=\"https:\/\/i0.wp.com\/www.jazzzeitung.de\/cms\/wp-content\/uploads\/2024\/07\/wogram-nils_53.jpg?w=1574&amp;ssl=1 1574w, https:\/\/i0.wp.com\/www.jazzzeitung.de\/cms\/wp-content\/uploads\/2024\/07\/wogram-nils_53.jpg?resize=199%2C300&amp;ssl=1 199w, https:\/\/i0.wp.com\/www.jazzzeitung.de\/cms\/wp-content\/uploads\/2024\/07\/wogram-nils_53.jpg?resize=398%2C600&amp;ssl=1 398w, https:\/\/i0.wp.com\/www.jazzzeitung.de\/cms\/wp-content\/uploads\/2024\/07\/wogram-nils_53.jpg?resize=768%2C1158&amp;ssl=1 768w, https:\/\/i0.wp.com\/www.jazzzeitung.de\/cms\/wp-content\/uploads\/2024\/07\/wogram-nils_53.jpg?resize=1019%2C1536&amp;ssl=1 1019w, https:\/\/i0.wp.com\/www.jazzzeitung.de\/cms\/wp-content\/uploads\/2024\/07\/wogram-nils_53.jpg?resize=1358%2C2048&amp;ssl=1 1358w, https:\/\/i0.wp.com\/www.jazzzeitung.de\/cms\/wp-content\/uploads\/2024\/07\/wogram-nils_53.jpg?resize=1320%2C1990&amp;ssl=1 1320w\" width=\"254\" height=\"384\" loading=\"lazy\" data-original-width=\"254\" data-original-height=\"384\" itemprop=\"http:\/\/schema.org\/image\" title=\"wogram-nils_53\" alt=\"wogram-nils_53\" style=\"width: 254px; height: 384px;\" \/> <\/a> <\/div> <\/div> <!-- close group --> <div class=\"gallery-group images-1\" style=\"width: 582px; height: 388px;\" data-original-width=\"582\" data-original-height=\"388\" > <div class=\"tiled-gallery-item tiled-gallery-item-large\" itemprop=\"associatedMedia\" itemscope itemtype=\"http:\/\/schema.org\/ImageObject\"> <a href=\"https:\/\/www.jazzzeitung.de\/cms\/2024\/07\/serenadenkonzerte-mit-nils-wograms-bandprojekt-muse\/wogram-schatten_54\/\" border=\"0\" itemprop=\"url\"> <meta itemprop=\"width\" content=\"578\"> <meta itemprop=\"height\" content=\"384\"> <img decoding=\"async\" class=\"\" data-attachment-id=\"31241\" data-orig-file=\"https:\/\/www.jazzzeitung.de\/cms\/wp-content\/uploads\/2024\/07\/wogram-schatten_54.jpg\" data-orig-size=\"2370,1574\" data-comments-opened=\"1\" data-image-meta=\"{&quot;aperture&quot;:&quot;6.3&quot;,&quot;credit&quot;:&quot;MICHAEL Scheiner&quot;,&quot;camera&quot;:&quot;NIKON D7200&quot;,&quot;caption&quot;:&quot;&quot;,&quot;created_timestamp&quot;:&quot;0&quot;,&quot;copyright&quot;:&quot;Michael Scheiner&quot;,&quot;focal_length&quot;:&quot;200&quot;,&quot;iso&quot;:&quot;3200&quot;,&quot;shutter_speed&quot;:&quot;0.0125&quot;,&quot;title&quot;:&quot;&quot;,&quot;orientation&quot;:&quot;1&quot;}\" data-image-title=\"wogram-schatten_54\" data-image-description=\"\" data-medium-file=\"https:\/\/i0.wp.com\/www.jazzzeitung.de\/cms\/wp-content\/uploads\/2024\/07\/wogram-schatten_54.jpg?fit=300%2C199&#038;ssl=1\" data-large-file=\"https:\/\/i0.wp.com\/www.jazzzeitung.de\/cms\/wp-content\/uploads\/2024\/07\/wogram-schatten_54.jpg?fit=840%2C558&#038;ssl=1\" src=\"https:\/\/i0.wp.com\/www.jazzzeitung.de\/cms\/wp-content\/uploads\/2024\/07\/wogram-schatten_54.jpg?w=578&#038;h=384&#038;ssl=1\" srcset=\"https:\/\/i0.wp.com\/www.jazzzeitung.de\/cms\/wp-content\/uploads\/2024\/07\/wogram-schatten_54.jpg?w=2370&amp;ssl=1 2370w, https:\/\/i0.wp.com\/www.jazzzeitung.de\/cms\/wp-content\/uploads\/2024\/07\/wogram-schatten_54.jpg?resize=300%2C199&amp;ssl=1 300w, https:\/\/i0.wp.com\/www.jazzzeitung.de\/cms\/wp-content\/uploads\/2024\/07\/wogram-schatten_54.jpg?resize=900%2C598&amp;ssl=1 900w, https:\/\/i0.wp.com\/www.jazzzeitung.de\/cms\/wp-content\/uploads\/2024\/07\/wogram-schatten_54.jpg?resize=768%2C510&amp;ssl=1 768w, https:\/\/i0.wp.com\/www.jazzzeitung.de\/cms\/wp-content\/uploads\/2024\/07\/wogram-schatten_54.jpg?resize=1536%2C1020&amp;ssl=1 1536w, https:\/\/i0.wp.com\/www.jazzzeitung.de\/cms\/wp-content\/uploads\/2024\/07\/wogram-schatten_54.jpg?resize=2048%2C1360&amp;ssl=1 2048w, https:\/\/i0.wp.com\/www.jazzzeitung.de\/cms\/wp-content\/uploads\/2024\/07\/wogram-schatten_54.jpg?resize=120%2C80&amp;ssl=1 120w, https:\/\/i0.wp.com\/www.jazzzeitung.de\/cms\/wp-content\/uploads\/2024\/07\/wogram-schatten_54.jpg?resize=1320%2C877&amp;ssl=1 1320w, https:\/\/i0.wp.com\/www.jazzzeitung.de\/cms\/wp-content\/uploads\/2024\/07\/wogram-schatten_54.jpg?w=1680&amp;ssl=1 1680w\" width=\"578\" height=\"384\" loading=\"lazy\" data-original-width=\"578\" data-original-height=\"384\" itemprop=\"http:\/\/schema.org\/image\" title=\"wogram-schatten_54\" alt=\"wogram-schatten_54\" style=\"width: 578px; height: 384px;\" \/> <\/a> <\/div> <\/div> <!-- close group --> <\/div> <!-- close row --> <\/div>\n<p>Nichts davon in der Musik von Wogram. Als Komponist hat er f\u00fcr diese spezielle, mutma\u00dflich einmalige Besetzung im zeitgen\u00f6ssischen Jazzgeschehen, eine ruhige Musik voller Klangschattierungen und subtiler F\u00e4rbungen geschrieben. Auf der ged\u00e4mpften Posaune durchbricht er selbst die erwartungsvolle Stille im Kirchenschiff, in dem er fast z\u00e4rtlich verhalten mit einem Riff einsetzt, zu dem sich nach einigen Takten die Harfe als begleitende Stimme gesellt.<\/p>\n<h3>Sinnlich-dunkel<\/h3>\n<p>Die sinnlich-dunkle Stimmung durchbricht Weidner mit einer hellen Melodielinie, die den Raum erf\u00fcllt und aufleuchten l\u00e4sst. Der Altsaxofonist ist, ebenso wie die fantastische isl\u00e4ndische Violaspielerin erst wenige Tage zuvor zur Band gestossen. Die beiden haben Hayden Chisholm (as) und Gareth Lubbe (viola, v) ersetzt, die f\u00fcr diesen Auftritt verhindert waren. Nach nur zwei Proben waren sie mit den St\u00fccken des gleichnamigen Albums und den beiden anderen Musiker so vertraut, dass ihr gemeinsames Konzert wie aus einem Guss geklungen hat. Auch auf den langen Nachhall des hohen Kirchenraums hatten sie sich beim nachmitt\u00e4glichen Soundcheck bestens eingestellt und spielten, bis auf die Harfenistin, unverst\u00e4rkt mit verhaltener Dynamik.<\/p>\n<p>Lediglich die Ansagen des Bandleaders \u00fcber Mikrofon wanderten derart im Raum hin und her, dass einige Zuh\u00f6rer nach der Pause darum baten, Wogram m\u00f6ge doch bitte\u00a0 langsamer sprechen. Das gelang nur bedingt. Bestens gelang ihm dagegen das Spiel mit Zirkularatmung und mehrstimmiges Singen und Pfeifen mit Obert\u00f6nen. Einige seiner St\u00fccke, bei denen er diese Multiphonics genannte Technik einsetzte, bekamen dadurch eine inniglich magische Stimmung.<\/p>\n<h3>Leise Grundstimmung<\/h3>\n<p>Die \u00fcberwiegend leise Grundstimmung von Wograms sinnlicher, klangintensiver Musik wurde nur gelegentlich durch kurze Improvisationen aufgebrochen. Dabei \u00fcbert\u00f6nte Weidner mit seinem an die \u00c4sthetik des norwegischen Saxofonisten Jan Gabarek erinnernden Spiel locker die von au\u00dfen eindringenden Stra\u00dfenger\u00e4usche. Duette in unterschiedlichen Kombinationen liessen immer wieder neue Farben und unerwartete Klangstimmungen entstehen, mehrstimmige Tuttipassagen waren eher selten, boten aber dann einen Eindruck wie gut die vier aufeinander h\u00f6ren und harmonieren. Nach bildhaften Kompositionen wie \u201eHope and Fear\u201c, \u201eChillin with J\u201c oder \u201eHart to like him\u201c schlug das Quartett mit einer Zugabe von Gabriel Faur\u00e9 eine Br\u00fccke zur klassischen Musik. Gro\u00dfartig \u2013 die Fortsetzung folgt hoffentlich kommendes Jahr.<\/p>\n<p>Fotos: Michael Scheiner<\/p>\n","protected":false},"excerpt":{"rendered":"<p>Regensburg. Beim letzten der vier Serenadenkonzerte f\u00fcr heuer war alles ein wenig anders. \u201eWir wollten mal eine andere Klangfarbe reinbringen\u201c, erl\u00e4uterte Andreas Meixner, der zusammen mit Professor Stefan Baier die k\u00fcnstlerische Leitung der Veranstaltungsreihe in der Minoritenkirche innehat. Mit dem Posaunisten Nils Wogram und seinem j\u00fcngsten Bandprojekt Muse ist das dem Impresario-Duo auch in jeder Hinsicht voll gelungen. Neue Wege Wogram, der bereits mit verschiedenen Projekten und Gruppen nebenan beim Jazzclub im Leeren Beutel gastierte, hat mit dem kammermusikalischen Ensemble v\u00f6llig neue Wege eingeschlagen. Bereits die Besetzung mit Harfe, gespielt von Kathrin Pechlof, Viola, Gerdur Gunnarsdottir, und Altsaxofon, Christian Weidner, ist untypisch f\u00fcr den Jazz und fremdelt andererseits erheblich mit klassischen Gewohnheiten. Spielen im Sitzen wiederum passt zu den Klassikern, irritiert aber leidenschaftliche Jazzh\u00f6rer. Die h\u00e4lt es oft selbst kaum auf den St\u00fchlen, wenn die geballte Energie eines treibenden Grooves durch Mark und Bein geht. Nichts davon in der Musik von Wogram. Als Komponist hat er f\u00fcr diese spezielle, mutma\u00dflich einmalige Besetzung im zeitgen\u00f6ssischen Jazzgeschehen, eine ruhige Musik voller Klangschattierungen und subtiler F\u00e4rbungen geschrieben. Auf der ged\u00e4mpften Posaune durchbricht er selbst die erwartungsvolle Stille im &hellip;<\/p>\n","protected":false},"author":37,"featured_media":31230,"comment_status":"open","ping_status":"closed","sticky":false,"template":"","format":"standard","meta":{"_jetpack_memberships_contains_paid_content":false,"footnotes":"","jetpack_publicize_message":"","jetpack_publicize_feature_enabled":true,"jetpack_social_post_already_shared":true,"jetpack_social_options":{"image_generator_settings":{"template":"highway","default_image_id":0,"font":"","enabled":false},"version":2}},"categories":[1053],"tags":[387,5419,420,1797,5420],"coauthors":[1765],"class_list":["post-31229","post","type-post","status-publish","format-standard","has-post-thumbnail","hentry","category-bericht","tag-michael-scheiner","tag-muse","tag-nils-wogram","tag-regensburg","tag-serenadenkonzert"],"yoast_head":"<!-- This site is optimized with the Yoast SEO plugin v27.5 - https:\/\/yoast.com\/product\/yoast-seo-wordpress\/ -->\n<title>Serenadenkonzerte mit Nils Wograms Bandprojekt Muse - JazzZeitung<\/title>\n<meta name=\"robots\" content=\"index, follow, max-snippet:-1, max-image-preview:large, max-video-preview:-1\" \/>\n<link rel=\"canonical\" href=\"https:\/\/www.jazzzeitung.de\/cms\/2024\/07\/serenadenkonzerte-mit-nils-wograms-bandprojekt-muse\/\" \/>\n<meta property=\"og:locale\" content=\"de_DE\" \/>\n<meta property=\"og:type\" content=\"article\" \/>\n<meta property=\"og:title\" content=\"Serenadenkonzerte mit Nils Wograms Bandprojekt Muse - JazzZeitung\" \/>\n<meta property=\"og:description\" content=\"Regensburg. Beim letzten der vier Serenadenkonzerte f\u00fcr heuer war alles ein wenig anders. \u201eWir wollten mal eine andere Klangfarbe reinbringen\u201c, erl\u00e4uterte Andreas Meixner, der zusammen mit Professor Stefan Baier die k\u00fcnstlerische Leitung der Veranstaltungsreihe in der Minoritenkirche innehat. Mit dem Posaunisten Nils Wogram und seinem j\u00fcngsten Bandprojekt Muse ist das dem Impresario-Duo auch in jeder Hinsicht voll gelungen. Neue Wege Wogram, der bereits mit verschiedenen Projekten und Gruppen nebenan beim Jazzclub im Leeren Beutel gastierte, hat mit dem kammermusikalischen Ensemble v\u00f6llig neue Wege eingeschlagen. Bereits die Besetzung mit Harfe, gespielt von Kathrin Pechlof, Viola, Gerdur Gunnarsdottir, und Altsaxofon, Christian Weidner, ist untypisch f\u00fcr den Jazz und fremdelt andererseits erheblich mit klassischen Gewohnheiten. Spielen im Sitzen wiederum passt zu den Klassikern, irritiert aber leidenschaftliche Jazzh\u00f6rer. Die h\u00e4lt es oft selbst kaum auf den St\u00fchlen, wenn die geballte Energie eines treibenden Grooves durch Mark und Bein geht. Nichts davon in der Musik von Wogram. Als Komponist hat er f\u00fcr diese spezielle, mutma\u00dflich einmalige Besetzung im zeitgen\u00f6ssischen Jazzgeschehen, eine ruhige Musik voller Klangschattierungen und subtiler F\u00e4rbungen geschrieben. Auf der ged\u00e4mpften Posaune durchbricht er selbst die erwartungsvolle Stille im &hellip;\" \/>\n<meta property=\"og:url\" content=\"https:\/\/www.jazzzeitung.de\/cms\/2024\/07\/serenadenkonzerte-mit-nils-wograms-bandprojekt-muse\/\" \/>\n<meta property=\"og:site_name\" content=\"JazzZeitung\" \/>\n<meta property=\"article:publisher\" content=\"https:\/\/www.facebook.com\/JazzZeitung\/\" \/>\n<meta property=\"article:published_time\" content=\"2024-07-02T13:46:59+00:00\" \/>\n<meta property=\"og:image\" content=\"https:\/\/www.jazzzeitung.de\/cms\/wp-content\/uploads\/2024\/07\/muse-wogram_47-896x600.jpg\" \/>\n\t<meta property=\"og:image:width\" content=\"896\" \/>\n\t<meta property=\"og:image:height\" content=\"600\" \/>\n\t<meta property=\"og:image:type\" content=\"image\/jpeg\" \/>\n<meta name=\"author\" content=\"Michael Scheiner\" \/>\n<script type=\"application\/ld+json\" class=\"yoast-schema-graph\">{\"@context\":\"https:\\\/\\\/schema.org\",\"@graph\":[{\"@type\":\"Article\",\"@id\":\"https:\\\/\\\/www.jazzzeitung.de\\\/cms\\\/2024\\\/07\\\/serenadenkonzerte-mit-nils-wograms-bandprojekt-muse\\\/#article\",\"isPartOf\":{\"@id\":\"https:\\\/\\\/www.jazzzeitung.de\\\/cms\\\/2024\\\/07\\\/serenadenkonzerte-mit-nils-wograms-bandprojekt-muse\\\/\"},\"author\":{\"name\":\"Michael Scheiner\",\"@id\":\"https:\\\/\\\/www.jazzzeitung.de\\\/cms\\\/#\\\/schema\\\/person\\\/a0bebd4d1728041629a3cbd7790f87fb\"},\"headline\":\"Serenadenkonzerte mit Nils Wograms Bandprojekt Muse\",\"datePublished\":\"2024-07-02T13:46:59+00:00\",\"mainEntityOfPage\":{\"@id\":\"https:\\\/\\\/www.jazzzeitung.de\\\/cms\\\/2024\\\/07\\\/serenadenkonzerte-mit-nils-wograms-bandprojekt-muse\\\/\"},\"wordCount\":530,\"commentCount\":0,\"publisher\":{\"@id\":\"https:\\\/\\\/www.jazzzeitung.de\\\/cms\\\/#organization\"},\"image\":{\"@id\":\"https:\\\/\\\/www.jazzzeitung.de\\\/cms\\\/2024\\\/07\\\/serenadenkonzerte-mit-nils-wograms-bandprojekt-muse\\\/#primaryimage\"},\"thumbnailUrl\":\"https:\\\/\\\/i0.wp.com\\\/www.jazzzeitung.de\\\/cms\\\/wp-content\\\/uploads\\\/2024\\\/07\\\/muse-wogram_47.jpg?fit=2362%2C1581&ssl=1\",\"keywords\":[\"Michael Scheiner\",\"Muse\",\"Nils Wogram\",\"Regensburg\",\"Serenadenkonzert\"],\"articleSection\":[\"Bericht\"],\"inLanguage\":\"de\",\"potentialAction\":[{\"@type\":\"CommentAction\",\"name\":\"Comment\",\"target\":[\"https:\\\/\\\/www.jazzzeitung.de\\\/cms\\\/2024\\\/07\\\/serenadenkonzerte-mit-nils-wograms-bandprojekt-muse\\\/#respond\"]}]},{\"@type\":\"WebPage\",\"@id\":\"https:\\\/\\\/www.jazzzeitung.de\\\/cms\\\/2024\\\/07\\\/serenadenkonzerte-mit-nils-wograms-bandprojekt-muse\\\/\",\"url\":\"https:\\\/\\\/www.jazzzeitung.de\\\/cms\\\/2024\\\/07\\\/serenadenkonzerte-mit-nils-wograms-bandprojekt-muse\\\/\",\"name\":\"Serenadenkonzerte mit Nils Wograms Bandprojekt Muse - JazzZeitung\",\"isPartOf\":{\"@id\":\"https:\\\/\\\/www.jazzzeitung.de\\\/cms\\\/#website\"},\"primaryImageOfPage\":{\"@id\":\"https:\\\/\\\/www.jazzzeitung.de\\\/cms\\\/2024\\\/07\\\/serenadenkonzerte-mit-nils-wograms-bandprojekt-muse\\\/#primaryimage\"},\"image\":{\"@id\":\"https:\\\/\\\/www.jazzzeitung.de\\\/cms\\\/2024\\\/07\\\/serenadenkonzerte-mit-nils-wograms-bandprojekt-muse\\\/#primaryimage\"},\"thumbnailUrl\":\"https:\\\/\\\/i0.wp.com\\\/www.jazzzeitung.de\\\/cms\\\/wp-content\\\/uploads\\\/2024\\\/07\\\/muse-wogram_47.jpg?fit=2362%2C1581&ssl=1\",\"datePublished\":\"2024-07-02T13:46:59+00:00\",\"breadcrumb\":{\"@id\":\"https:\\\/\\\/www.jazzzeitung.de\\\/cms\\\/2024\\\/07\\\/serenadenkonzerte-mit-nils-wograms-bandprojekt-muse\\\/#breadcrumb\"},\"inLanguage\":\"de\",\"potentialAction\":[{\"@type\":\"ReadAction\",\"target\":[\"https:\\\/\\\/www.jazzzeitung.de\\\/cms\\\/2024\\\/07\\\/serenadenkonzerte-mit-nils-wograms-bandprojekt-muse\\\/\"]}]},{\"@type\":\"ImageObject\",\"inLanguage\":\"de\",\"@id\":\"https:\\\/\\\/www.jazzzeitung.de\\\/cms\\\/2024\\\/07\\\/serenadenkonzerte-mit-nils-wograms-bandprojekt-muse\\\/#primaryimage\",\"url\":\"https:\\\/\\\/i0.wp.com\\\/www.jazzzeitung.de\\\/cms\\\/wp-content\\\/uploads\\\/2024\\\/07\\\/muse-wogram_47.jpg?fit=2362%2C1581&ssl=1\",\"contentUrl\":\"https:\\\/\\\/i0.wp.com\\\/www.jazzzeitung.de\\\/cms\\\/wp-content\\\/uploads\\\/2024\\\/07\\\/muse-wogram_47.jpg?fit=2362%2C1581&ssl=1\",\"width\":2362,\"height\":1581},{\"@type\":\"BreadcrumbList\",\"@id\":\"https:\\\/\\\/www.jazzzeitung.de\\\/cms\\\/2024\\\/07\\\/serenadenkonzerte-mit-nils-wograms-bandprojekt-muse\\\/#breadcrumb\",\"itemListElement\":[{\"@type\":\"ListItem\",\"position\":1,\"name\":\"Startseite\",\"item\":\"https:\\\/\\\/www.jazzzeitung.de\\\/cms\\\/\"},{\"@type\":\"ListItem\",\"position\":2,\"name\":\"Serenadenkonzerte mit Nils Wograms Bandprojekt Muse\"}]},{\"@type\":\"WebSite\",\"@id\":\"https:\\\/\\\/www.jazzzeitung.de\\\/cms\\\/#website\",\"url\":\"https:\\\/\\\/www.jazzzeitung.de\\\/cms\\\/\",\"name\":\"JazzZeitung\",\"description\":\"Jazz-News und Jazz-Kontroverses\",\"publisher\":{\"@id\":\"https:\\\/\\\/www.jazzzeitung.de\\\/cms\\\/#organization\"},\"potentialAction\":[{\"@type\":\"SearchAction\",\"target\":{\"@type\":\"EntryPoint\",\"urlTemplate\":\"https:\\\/\\\/www.jazzzeitung.de\\\/cms\\\/?s={search_term_string}\"},\"query-input\":{\"@type\":\"PropertyValueSpecification\",\"valueRequired\":true,\"valueName\":\"search_term_string\"}}],\"inLanguage\":\"de\"},{\"@type\":\"Organization\",\"@id\":\"https:\\\/\\\/www.jazzzeitung.de\\\/cms\\\/#organization\",\"name\":\"JazzZeitung online\",\"url\":\"https:\\\/\\\/www.jazzzeitung.de\\\/cms\\\/\",\"logo\":{\"@type\":\"ImageObject\",\"inLanguage\":\"de\",\"@id\":\"https:\\\/\\\/www.jazzzeitung.de\\\/cms\\\/#\\\/schema\\\/logo\\\/image\\\/\",\"url\":\"https:\\\/\\\/i0.wp.com\\\/www.jazzzeitung.de\\\/cms\\\/wp-content\\\/uploads\\\/2015\\\/08\\\/JAZZZEITUNGDE_Logo_Neu.png?fit=499%2C200&ssl=1\",\"contentUrl\":\"https:\\\/\\\/i0.wp.com\\\/www.jazzzeitung.de\\\/cms\\\/wp-content\\\/uploads\\\/2015\\\/08\\\/JAZZZEITUNGDE_Logo_Neu.png?fit=499%2C200&ssl=1\",\"width\":499,\"height\":200,\"caption\":\"JazzZeitung online\"},\"image\":{\"@id\":\"https:\\\/\\\/www.jazzzeitung.de\\\/cms\\\/#\\\/schema\\\/logo\\\/image\\\/\"},\"sameAs\":[\"https:\\\/\\\/www.facebook.com\\\/JazzZeitung\\\/\"]},{\"@type\":\"Person\",\"@id\":\"https:\\\/\\\/www.jazzzeitung.de\\\/cms\\\/#\\\/schema\\\/person\\\/a0bebd4d1728041629a3cbd7790f87fb\",\"name\":\"Michael Scheiner\",\"image\":{\"@type\":\"ImageObject\",\"inLanguage\":\"de\",\"@id\":\"https:\\\/\\\/secure.gravatar.com\\\/avatar\\\/c2d6ac12f682c419867cf3f803880bb41d5b23007d3670820aa9a6e7b5f6ec8d?s=96&d=wp_user_avatar&r=gdabb1b10453880983dfc53da7552ec76\",\"url\":\"https:\\\/\\\/secure.gravatar.com\\\/avatar\\\/c2d6ac12f682c419867cf3f803880bb41d5b23007d3670820aa9a6e7b5f6ec8d?s=96&d=wp_user_avatar&r=g\",\"contentUrl\":\"https:\\\/\\\/secure.gravatar.com\\\/avatar\\\/c2d6ac12f682c419867cf3f803880bb41d5b23007d3670820aa9a6e7b5f6ec8d?s=96&d=wp_user_avatar&r=g\",\"caption\":\"Michael Scheiner\"},\"sameAs\":[\"http:\\\/\\\/www.michaelscheiner.de\"],\"url\":\"https:\\\/\\\/www.jazzzeitung.de\\\/cms\\\/author\\\/mscheiner\\\/\"}]}<\/script>\n<!-- \/ Yoast SEO plugin. -->","yoast_head_json":{"title":"Serenadenkonzerte mit Nils Wograms Bandprojekt Muse - JazzZeitung","robots":{"index":"index","follow":"follow","max-snippet":"max-snippet:-1","max-image-preview":"max-image-preview:large","max-video-preview":"max-video-preview:-1"},"canonical":"https:\/\/www.jazzzeitung.de\/cms\/2024\/07\/serenadenkonzerte-mit-nils-wograms-bandprojekt-muse\/","og_locale":"de_DE","og_type":"article","og_title":"Serenadenkonzerte mit Nils Wograms Bandprojekt Muse - JazzZeitung","og_description":"Regensburg. Beim letzten der vier Serenadenkonzerte f\u00fcr heuer war alles ein wenig anders. \u201eWir wollten mal eine andere Klangfarbe reinbringen\u201c, erl\u00e4uterte Andreas Meixner, der zusammen mit Professor Stefan Baier die k\u00fcnstlerische Leitung der Veranstaltungsreihe in der Minoritenkirche innehat. Mit dem Posaunisten Nils Wogram und seinem j\u00fcngsten Bandprojekt Muse ist das dem Impresario-Duo auch in jeder Hinsicht voll gelungen. Neue Wege Wogram, der bereits mit verschiedenen Projekten und Gruppen nebenan beim Jazzclub im Leeren Beutel gastierte, hat mit dem kammermusikalischen Ensemble v\u00f6llig neue Wege eingeschlagen. Bereits die Besetzung mit Harfe, gespielt von Kathrin Pechlof, Viola, Gerdur Gunnarsdottir, und Altsaxofon, Christian Weidner, ist untypisch f\u00fcr den Jazz und fremdelt andererseits erheblich mit klassischen Gewohnheiten. Spielen im Sitzen wiederum passt zu den Klassikern, irritiert aber leidenschaftliche Jazzh\u00f6rer. Die h\u00e4lt es oft selbst kaum auf den St\u00fchlen, wenn die geballte Energie eines treibenden Grooves durch Mark und Bein geht. Nichts davon in der Musik von Wogram. Als Komponist hat er f\u00fcr diese spezielle, mutma\u00dflich einmalige Besetzung im zeitgen\u00f6ssischen Jazzgeschehen, eine ruhige Musik voller Klangschattierungen und subtiler F\u00e4rbungen geschrieben. Auf der ged\u00e4mpften Posaune durchbricht er selbst die erwartungsvolle Stille im &hellip;","og_url":"https:\/\/www.jazzzeitung.de\/cms\/2024\/07\/serenadenkonzerte-mit-nils-wograms-bandprojekt-muse\/","og_site_name":"JazzZeitung","article_publisher":"https:\/\/www.facebook.com\/JazzZeitung\/","article_published_time":"2024-07-02T13:46:59+00:00","og_image":[{"width":896,"height":600,"url":"https:\/\/www.jazzzeitung.de\/cms\/wp-content\/uploads\/2024\/07\/muse-wogram_47-896x600.jpg","type":"image\/jpeg"}],"author":"Michael Scheiner","schema":{"@context":"https:\/\/schema.org","@graph":[{"@type":"Article","@id":"https:\/\/www.jazzzeitung.de\/cms\/2024\/07\/serenadenkonzerte-mit-nils-wograms-bandprojekt-muse\/#article","isPartOf":{"@id":"https:\/\/www.jazzzeitung.de\/cms\/2024\/07\/serenadenkonzerte-mit-nils-wograms-bandprojekt-muse\/"},"author":{"name":"Michael Scheiner","@id":"https:\/\/www.jazzzeitung.de\/cms\/#\/schema\/person\/a0bebd4d1728041629a3cbd7790f87fb"},"headline":"Serenadenkonzerte mit Nils Wograms Bandprojekt Muse","datePublished":"2024-07-02T13:46:59+00:00","mainEntityOfPage":{"@id":"https:\/\/www.jazzzeitung.de\/cms\/2024\/07\/serenadenkonzerte-mit-nils-wograms-bandprojekt-muse\/"},"wordCount":530,"commentCount":0,"publisher":{"@id":"https:\/\/www.jazzzeitung.de\/cms\/#organization"},"image":{"@id":"https:\/\/www.jazzzeitung.de\/cms\/2024\/07\/serenadenkonzerte-mit-nils-wograms-bandprojekt-muse\/#primaryimage"},"thumbnailUrl":"https:\/\/i0.wp.com\/www.jazzzeitung.de\/cms\/wp-content\/uploads\/2024\/07\/muse-wogram_47.jpg?fit=2362%2C1581&ssl=1","keywords":["Michael Scheiner","Muse","Nils Wogram","Regensburg","Serenadenkonzert"],"articleSection":["Bericht"],"inLanguage":"de","potentialAction":[{"@type":"CommentAction","name":"Comment","target":["https:\/\/www.jazzzeitung.de\/cms\/2024\/07\/serenadenkonzerte-mit-nils-wograms-bandprojekt-muse\/#respond"]}]},{"@type":"WebPage","@id":"https:\/\/www.jazzzeitung.de\/cms\/2024\/07\/serenadenkonzerte-mit-nils-wograms-bandprojekt-muse\/","url":"https:\/\/www.jazzzeitung.de\/cms\/2024\/07\/serenadenkonzerte-mit-nils-wograms-bandprojekt-muse\/","name":"Serenadenkonzerte mit Nils Wograms Bandprojekt Muse - JazzZeitung","isPartOf":{"@id":"https:\/\/www.jazzzeitung.de\/cms\/#website"},"primaryImageOfPage":{"@id":"https:\/\/www.jazzzeitung.de\/cms\/2024\/07\/serenadenkonzerte-mit-nils-wograms-bandprojekt-muse\/#primaryimage"},"image":{"@id":"https:\/\/www.jazzzeitung.de\/cms\/2024\/07\/serenadenkonzerte-mit-nils-wograms-bandprojekt-muse\/#primaryimage"},"thumbnailUrl":"https:\/\/i0.wp.com\/www.jazzzeitung.de\/cms\/wp-content\/uploads\/2024\/07\/muse-wogram_47.jpg?fit=2362%2C1581&ssl=1","datePublished":"2024-07-02T13:46:59+00:00","breadcrumb":{"@id":"https:\/\/www.jazzzeitung.de\/cms\/2024\/07\/serenadenkonzerte-mit-nils-wograms-bandprojekt-muse\/#breadcrumb"},"inLanguage":"de","potentialAction":[{"@type":"ReadAction","target":["https:\/\/www.jazzzeitung.de\/cms\/2024\/07\/serenadenkonzerte-mit-nils-wograms-bandprojekt-muse\/"]}]},{"@type":"ImageObject","inLanguage":"de","@id":"https:\/\/www.jazzzeitung.de\/cms\/2024\/07\/serenadenkonzerte-mit-nils-wograms-bandprojekt-muse\/#primaryimage","url":"https:\/\/i0.wp.com\/www.jazzzeitung.de\/cms\/wp-content\/uploads\/2024\/07\/muse-wogram_47.jpg?fit=2362%2C1581&ssl=1","contentUrl":"https:\/\/i0.wp.com\/www.jazzzeitung.de\/cms\/wp-content\/uploads\/2024\/07\/muse-wogram_47.jpg?fit=2362%2C1581&ssl=1","width":2362,"height":1581},{"@type":"BreadcrumbList","@id":"https:\/\/www.jazzzeitung.de\/cms\/2024\/07\/serenadenkonzerte-mit-nils-wograms-bandprojekt-muse\/#breadcrumb","itemListElement":[{"@type":"ListItem","position":1,"name":"Startseite","item":"https:\/\/www.jazzzeitung.de\/cms\/"},{"@type":"ListItem","position":2,"name":"Serenadenkonzerte mit Nils Wograms Bandprojekt Muse"}]},{"@type":"WebSite","@id":"https:\/\/www.jazzzeitung.de\/cms\/#website","url":"https:\/\/www.jazzzeitung.de\/cms\/","name":"JazzZeitung","description":"Jazz-News und Jazz-Kontroverses","publisher":{"@id":"https:\/\/www.jazzzeitung.de\/cms\/#organization"},"potentialAction":[{"@type":"SearchAction","target":{"@type":"EntryPoint","urlTemplate":"https:\/\/www.jazzzeitung.de\/cms\/?s={search_term_string}"},"query-input":{"@type":"PropertyValueSpecification","valueRequired":true,"valueName":"search_term_string"}}],"inLanguage":"de"},{"@type":"Organization","@id":"https:\/\/www.jazzzeitung.de\/cms\/#organization","name":"JazzZeitung online","url":"https:\/\/www.jazzzeitung.de\/cms\/","logo":{"@type":"ImageObject","inLanguage":"de","@id":"https:\/\/www.jazzzeitung.de\/cms\/#\/schema\/logo\/image\/","url":"https:\/\/i0.wp.com\/www.jazzzeitung.de\/cms\/wp-content\/uploads\/2015\/08\/JAZZZEITUNGDE_Logo_Neu.png?fit=499%2C200&ssl=1","contentUrl":"https:\/\/i0.wp.com\/www.jazzzeitung.de\/cms\/wp-content\/uploads\/2015\/08\/JAZZZEITUNGDE_Logo_Neu.png?fit=499%2C200&ssl=1","width":499,"height":200,"caption":"JazzZeitung online"},"image":{"@id":"https:\/\/www.jazzzeitung.de\/cms\/#\/schema\/logo\/image\/"},"sameAs":["https:\/\/www.facebook.com\/JazzZeitung\/"]},{"@type":"Person","@id":"https:\/\/www.jazzzeitung.de\/cms\/#\/schema\/person\/a0bebd4d1728041629a3cbd7790f87fb","name":"Michael Scheiner","image":{"@type":"ImageObject","inLanguage":"de","@id":"https:\/\/secure.gravatar.com\/avatar\/c2d6ac12f682c419867cf3f803880bb41d5b23007d3670820aa9a6e7b5f6ec8d?s=96&d=wp_user_avatar&r=gdabb1b10453880983dfc53da7552ec76","url":"https:\/\/secure.gravatar.com\/avatar\/c2d6ac12f682c419867cf3f803880bb41d5b23007d3670820aa9a6e7b5f6ec8d?s=96&d=wp_user_avatar&r=g","contentUrl":"https:\/\/secure.gravatar.com\/avatar\/c2d6ac12f682c419867cf3f803880bb41d5b23007d3670820aa9a6e7b5f6ec8d?s=96&d=wp_user_avatar&r=g","caption":"Michael Scheiner"},"sameAs":["http:\/\/www.michaelscheiner.de"],"url":"https:\/\/www.jazzzeitung.de\/cms\/author\/mscheiner\/"}]}},"wp-worthy-pixel":{"ignored":false,"public":null,"server":null,"url":null},"wp-worthy-type":"normal","jetpack_publicize_connections":[],"cc_featured_image_caption":{"caption_text":"","source_text":"","source_url":""},"jetpack_featured_media_url":"https:\/\/i0.wp.com\/www.jazzzeitung.de\/cms\/wp-content\/uploads\/2024\/07\/muse-wogram_47.jpg?fit=2362%2C1581&ssl=1","jetpack_shortlink":"https:\/\/wp.me\/p3KEcT-87H","jetpack-related-posts":[{"id":28790,"url":"https:\/\/www.jazzzeitung.de\/cms\/2022\/12\/news-nils-wogram-mit-weimarer-hochschulbigband-letzter-blue-monday-in-hilden-moers-festival-bis-2028-in-festen-haenden\/","url_meta":{"origin":31229,"position":0},"title":"News: +++ Nils Wogram\u00a0 mit Weimarer Hochschulbigband +++ Letzter Blue Monday in \u00a0Hilden +++ Moers Festival bis 2028 in festen H\u00e4nden +++","author":"Redaktion JazzZeitung","date":"16. Dezember 2022","format":false,"excerpt":"+++ Featuring Nils Wogram: Jazzorchester der Hochschule f\u00fcr Musik Franz Liszt Weimar spielt mit preisgekr\u00f6ntem Posaunisten +++ Mit einem besonderen Gast begr\u00fc\u00dft das Jazzorchester der Hochschule f\u00fcr Musik Franz Liszt Weimar das neue Jahr. Beim Abschlusskonzert der Winterarbeitsphase des \u201eHfM Jazz Orchestra\u201c am Sonntag, 8. Januar 2023 um 19:00 Uhr\u2026","rel":"","context":"In &quot;News&quot;","block_context":{"text":"News","link":"https:\/\/www.jazzzeitung.de\/cms\/thema\/nachrichten\/"},"img":{"alt_text":"","src":"https:\/\/i0.wp.com\/www.jazzzeitung.de\/cms\/wp-content\/uploads\/2022\/12\/Wogram_Nils_Foto_Corinne_Haechler.jpg?fit=1200%2C797&ssl=1&resize=350%2C200","width":350,"height":200,"srcset":"https:\/\/i0.wp.com\/www.jazzzeitung.de\/cms\/wp-content\/uploads\/2022\/12\/Wogram_Nils_Foto_Corinne_Haechler.jpg?fit=1200%2C797&ssl=1&resize=350%2C200 1x, https:\/\/i0.wp.com\/www.jazzzeitung.de\/cms\/wp-content\/uploads\/2022\/12\/Wogram_Nils_Foto_Corinne_Haechler.jpg?fit=1200%2C797&ssl=1&resize=525%2C300 1.5x, https:\/\/i0.wp.com\/www.jazzzeitung.de\/cms\/wp-content\/uploads\/2022\/12\/Wogram_Nils_Foto_Corinne_Haechler.jpg?fit=1200%2C797&ssl=1&resize=700%2C400 2x, https:\/\/i0.wp.com\/www.jazzzeitung.de\/cms\/wp-content\/uploads\/2022\/12\/Wogram_Nils_Foto_Corinne_Haechler.jpg?fit=1200%2C797&ssl=1&resize=1050%2C600 3x"},"classes":[]},{"id":2961,"url":"https:\/\/www.jazzzeitung.de\/cms\/2013\/11\/nils-wogram-erhaelt-albert-mangelsdorff-preis-2013\/","url_meta":{"origin":31229,"position":1},"title":"Nils Wogram erh\u00e4lt Albert Mangelsdorff-Preis 2013","author":"Redaktion JazzZeitung","date":"4. November 2013","format":false,"excerpt":"Bisher wurde der Albert-Mangelsdorff-Preis (Deutscher Jazzpreis) der Union Deutscher Jazzmusiker (UDJ) f\u00fcr das Lebenswerk verliehen. Die personell v\u00f6llig neu aufgestellte UDJ hat sich in diesem Jahr f\u00fcr eine \u00d6ffnung der Auswahlkriterien des Preises entschieden. Somit konnte die Jury den Posaunisten und Komponisten Nils Wogram gestern im Rahmen des Jazzfests Berlin\u2026","rel":"","context":"In &quot;News&quot;","block_context":{"text":"News","link":"https:\/\/www.jazzzeitung.de\/cms\/thema\/nachrichten\/"},"img":{"alt_text":"","src":"https:\/\/i0.wp.com\/www.jazzzeitung.de\/cms\/wp-content\/uploads\/2013\/11\/Gruppe_mit_Nils_Wogram_Albert_Mangelsdorff_Preis_2013_c_Ulla_C._Binder.jpg?fit=1200%2C800&ssl=1&resize=350%2C200","width":350,"height":200,"srcset":"https:\/\/i0.wp.com\/www.jazzzeitung.de\/cms\/wp-content\/uploads\/2013\/11\/Gruppe_mit_Nils_Wogram_Albert_Mangelsdorff_Preis_2013_c_Ulla_C._Binder.jpg?fit=1200%2C800&ssl=1&resize=350%2C200 1x, https:\/\/i0.wp.com\/www.jazzzeitung.de\/cms\/wp-content\/uploads\/2013\/11\/Gruppe_mit_Nils_Wogram_Albert_Mangelsdorff_Preis_2013_c_Ulla_C._Binder.jpg?fit=1200%2C800&ssl=1&resize=525%2C300 1.5x, https:\/\/i0.wp.com\/www.jazzzeitung.de\/cms\/wp-content\/uploads\/2013\/11\/Gruppe_mit_Nils_Wogram_Albert_Mangelsdorff_Preis_2013_c_Ulla_C._Binder.jpg?fit=1200%2C800&ssl=1&resize=700%2C400 2x, https:\/\/i0.wp.com\/www.jazzzeitung.de\/cms\/wp-content\/uploads\/2013\/11\/Gruppe_mit_Nils_Wogram_Albert_Mangelsdorff_Preis_2013_c_Ulla_C._Binder.jpg?fit=1200%2C800&ssl=1&resize=1050%2C600 3x"},"classes":[]},{"id":2504,"url":"https:\/\/www.jazzzeitung.de\/cms\/2013\/10\/der-innovator-albert-mangelsdorff-preis-2013-geht-nils-wogram\/","url_meta":{"origin":31229,"position":2},"title":"Der Innovator &#8211; Albert-Mangelsdorff-Preis 2013 geht an Nils Wogram","author":"Redaktion JazzZeitung","date":"24. Oktober 2013","format":false,"excerpt":"Der Posaunist und Komponist Nils Wogram erh\u00e4lt den Albert-Mangelsdorff-Preis 2013 (Deutscher Jazzpreis). Der von GEMA-Stiftung, Deutschem Komponistenverbandes und GVL mit 15.000 Euro dotierte Preis wird von der Union Deutscher Jazzmusiker seit 1994 alle zwei Jahre an herausragende Pers\u00f6nlichkeiten der deutschen Jazzszene verliehen. Die Verleihung findet am 3. November 2013 im\u2026","rel":"","context":"In &quot;News&quot;","block_context":{"text":"News","link":"https:\/\/www.jazzzeitung.de\/cms\/thema\/nachrichten\/"},"img":{"alt_text":"nils_wogram_4548","src":"https:\/\/i0.wp.com\/www.jazzzeitung.de\/cms\/wp-content\/uploads\/2013\/10\/nils_wogram_4548-150x150.jpg?resize=350%2C200","width":350,"height":200},"classes":[]},{"id":11628,"url":"https:\/\/www.jazzzeitung.de\/cms\/2017\/02\/bildergalerie-2-bmw-welt-jazz-award-konzert-mit-lars-danielsson-gregory-privat\/","url_meta":{"origin":31229,"position":3},"title":"Bildergalerie: 2. BMW Welt Jazz Award-Konzert mit Lars Danielsson &#038; Gr\u00e9gory Privat","author":"Redaktion JazzZeitung","date":"8. Februar 2017","format":false,"excerpt":"Das Duo Lars Danielsson & Gr\u00e9gory Privat bestritt Konzert Nummer 2 beim BMW Welt Jazz Award 2017. Wie auch schon beim Konzert Nummer 1 mit Chris Minh Doky und seinem Trio stand melodi\u00f6ser Jazz auf sanft groovender Grundlage im Zentrum. Der aus Martinique stammende Pianist Gr\u00e9gory Privat agierte dabei als\u2026","rel":"","context":"In &quot;Galerie&quot;","block_context":{"text":"Galerie","link":"https:\/\/www.jazzzeitung.de\/cms\/thema\/galerie\/"},"img":{"alt_text":"","src":"https:\/\/i0.wp.com\/www.jazzzeitung.de\/cms\/wp-content\/uploads\/2017\/02\/P1180881-Cello-Danielsson-Foto-TJ-Krebs.jpg?resize=350%2C200","width":350,"height":200,"srcset":"https:\/\/i0.wp.com\/www.jazzzeitung.de\/cms\/wp-content\/uploads\/2017\/02\/P1180881-Cello-Danielsson-Foto-TJ-Krebs.jpg?resize=350%2C200 1x, https:\/\/i0.wp.com\/www.jazzzeitung.de\/cms\/wp-content\/uploads\/2017\/02\/P1180881-Cello-Danielsson-Foto-TJ-Krebs.jpg?resize=525%2C300 1.5x, https:\/\/i0.wp.com\/www.jazzzeitung.de\/cms\/wp-content\/uploads\/2017\/02\/P1180881-Cello-Danielsson-Foto-TJ-Krebs.jpg?resize=700%2C400 2x"},"classes":[]},{"id":967,"url":"https:\/\/www.jazzzeitung.de\/cms\/2011\/04\/bmw-welt-jazz-award-root-70-triumphiert-ueber-die-lotus-eaters\/","url_meta":{"origin":31229,"position":4},"title":"BMW Welt Jazz Award: Root 70 triumphiert \u00fcber die Lotus Eaters","author":"J\u00f6rg Lichtinger","date":"14. April 2011","format":false,"excerpt":"Der Gewinner des BMW Welt Jazz Award 2011 hei\u00dft Nils Wogram mit seiner Band Root 70. Beim Finale im Auditorium der M\u00fcnchner BMW Welt stach die Band des Posaunisten die Mitfinalisten Wanja Slavins Lotus Eaters aus. Beide waren nach einer Reihe von Live-Konzerten (Motto: \"Two Horns & more\") \u00fcbrig geblieben\u2026","rel":"","context":"In &quot;Blog&quot;","block_context":{"text":"Blog","link":"https:\/\/www.jazzzeitung.de\/cms\/thema\/blog\/"},"img":{"alt_text":"Sind um 10.000 \u20ac reicher: Nils Wogram's Root 70. Foto: BMW","src":"https:\/\/i0.wp.com\/www.jazzzeitung.de\/cms\/wp-content\/uploads\/2011\/04\/Gewinner_zuschnitt-300x199.jpg?resize=350%2C200","width":350,"height":200},"classes":[]},{"id":24601,"url":"https:\/\/www.jazzzeitung.de\/cms\/2021\/04\/come-together-huelsmann-wogram-dell-live-im-br\/","url_meta":{"origin":31229,"position":5},"title":"Come together: H\u00fclsmann\u2013Wogram\u2013Dell live im BR","author":"Thomas J. Krebs","date":"1. April 2021","format":false,"excerpt":"Corona hin, Corona her - im Bayerischen Rundfunk finden zum Gl\u00fcck auch weiterhin Jazz-Live-Produktionen statt. So auch Ende M\u00e4rz mit dem Trio H\u00fclsmann-Wogram-Dell, die sich getreu dem Motto \u201eCome together\u201c mit den Kompositionen der Beatles auseinander gesetzt haben. Das Studio 2 des BR Die Jazzreihe \u201eB\u00fchne frei im Studio 2\u201c\u2026","rel":"","context":"In &quot;Bericht&quot;","block_context":{"text":"Bericht","link":"https:\/\/www.jazzzeitung.de\/cms\/thema\/bericht\/"},"img":{"alt_text":"","src":"https:\/\/i0.wp.com\/www.jazzzeitung.de\/cms\/wp-content\/uploads\/2021\/03\/P2139490-Dell-Wogram-Sampson-Huelsmann-Foto-TJ-Krebs.jpg?fit=1200%2C800&ssl=1&resize=350%2C200","width":350,"height":200,"srcset":"https:\/\/i0.wp.com\/www.jazzzeitung.de\/cms\/wp-content\/uploads\/2021\/03\/P2139490-Dell-Wogram-Sampson-Huelsmann-Foto-TJ-Krebs.jpg?fit=1200%2C800&ssl=1&resize=350%2C200 1x, https:\/\/i0.wp.com\/www.jazzzeitung.de\/cms\/wp-content\/uploads\/2021\/03\/P2139490-Dell-Wogram-Sampson-Huelsmann-Foto-TJ-Krebs.jpg?fit=1200%2C800&ssl=1&resize=525%2C300 1.5x, https:\/\/i0.wp.com\/www.jazzzeitung.de\/cms\/wp-content\/uploads\/2021\/03\/P2139490-Dell-Wogram-Sampson-Huelsmann-Foto-TJ-Krebs.jpg?fit=1200%2C800&ssl=1&resize=700%2C400 2x, https:\/\/i0.wp.com\/www.jazzzeitung.de\/cms\/wp-content\/uploads\/2021\/03\/P2139490-Dell-Wogram-Sampson-Huelsmann-Foto-TJ-Krebs.jpg?fit=1200%2C800&ssl=1&resize=1050%2C600 3x"},"classes":[]}],"jetpack_sharing_enabled":true,"_links":{"self":[{"href":"https:\/\/www.jazzzeitung.de\/cms\/wp-json\/wp\/v2\/posts\/31229","targetHints":{"allow":["GET"]}}],"collection":[{"href":"https:\/\/www.jazzzeitung.de\/cms\/wp-json\/wp\/v2\/posts"}],"about":[{"href":"https:\/\/www.jazzzeitung.de\/cms\/wp-json\/wp\/v2\/types\/post"}],"author":[{"embeddable":true,"href":"https:\/\/www.jazzzeitung.de\/cms\/wp-json\/wp\/v2\/users\/37"}],"replies":[{"embeddable":true,"href":"https:\/\/www.jazzzeitung.de\/cms\/wp-json\/wp\/v2\/comments?post=31229"}],"version-history":[{"count":1,"href":"https:\/\/www.jazzzeitung.de\/cms\/wp-json\/wp\/v2\/posts\/31229\/revisions"}],"predecessor-version":[{"id":31242,"href":"https:\/\/www.jazzzeitung.de\/cms\/wp-json\/wp\/v2\/posts\/31229\/revisions\/31242"}],"wp:featuredmedia":[{"embeddable":true,"href":"https:\/\/www.jazzzeitung.de\/cms\/wp-json\/wp\/v2\/media\/31230"}],"wp:attachment":[{"href":"https:\/\/www.jazzzeitung.de\/cms\/wp-json\/wp\/v2\/media?parent=31229"}],"wp:term":[{"taxonomy":"category","embeddable":true,"href":"https:\/\/www.jazzzeitung.de\/cms\/wp-json\/wp\/v2\/categories?post=31229"},{"taxonomy":"post_tag","embeddable":true,"href":"https:\/\/www.jazzzeitung.de\/cms\/wp-json\/wp\/v2\/tags?post=31229"},{"taxonomy":"author","embeddable":true,"href":"https:\/\/www.jazzzeitung.de\/cms\/wp-json\/wp\/v2\/coauthors?post=31229"}],"curies":[{"name":"wp","href":"https:\/\/api.w.org\/{rel}","templated":true}]}}