{"id":3120,"date":"2013-12-11T11:43:24","date_gmt":"2013-12-11T10:43:24","guid":{"rendered":"http:\/\/www.jazzzeitung.de\/cms\/?p=3120"},"modified":"2013-12-11T17:19:51","modified_gmt":"2013-12-11T16:19:51","slug":"zum-tod-von-jim-hall","status":"publish","type":"post","link":"https:\/\/www.jazzzeitung.de\/cms\/2013\/12\/zum-tod-von-jim-hall\/","title":{"rendered":"Zum Tod von Jim Hall"},"content":{"rendered":"<div>\n<dl id=\"attachment_3124\">\n<dt>\n<figure id=\"attachment_3131\" aria-describedby=\"caption-attachment-3131\" style=\"width: 150px\" class=\"wp-caption alignright\"><a href=\"https:\/\/i0.wp.com\/www.jazzzeitung.de\/cms\/wp-content\/uploads\/2013\/12\/Jim-Hall517b01bfZWL._SX450__PJautoripBadgeBottomRight4-40_OU11__1.jpg\"><img data-recalc-dims=\"1\" loading=\"lazy\" decoding=\"async\" data-attachment-id=\"3131\" data-permalink=\"https:\/\/www.jazzzeitung.de\/cms\/2013\/12\/zum-tod-von-jim-hall\/jim-hall517b01bfzwl-_sx450__pjautoripbadgebottomright4-40_ou11__-2\/\" data-orig-file=\"https:\/\/i0.wp.com\/www.jazzzeitung.de\/cms\/wp-content\/uploads\/2013\/12\/Jim-Hall517b01bfZWL._SX450__PJautoripBadgeBottomRight4-40_OU11__1.jpg?fit=664%2C380&amp;ssl=1\" data-orig-size=\"664,380\" data-comments-opened=\"1\" data-image-meta=\"{&quot;aperture&quot;:&quot;0&quot;,&quot;credit&quot;:&quot;&quot;,&quot;camera&quot;:&quot;&quot;,&quot;caption&quot;:&quot;&quot;,&quot;created_timestamp&quot;:&quot;0&quot;,&quot;copyright&quot;:&quot;&quot;,&quot;focal_length&quot;:&quot;0&quot;,&quot;iso&quot;:&quot;0&quot;,&quot;shutter_speed&quot;:&quot;0&quot;,&quot;title&quot;:&quot;&quot;}\" data-image-title=\"Jim Hall517b01bfZWL._SX450__PJautoripBadge,BottomRight,4,-40_OU11__\" data-image-description=\"&lt;p&gt;\u201cJim Hall &amp;#038; Pat Metheny\u201d wurde am April 27, 1999 bei Telarc International ver\u00f6ffentlicht.&lt;\/p&gt;\n\" data-image-caption=\"&lt;p&gt;\u201cJim Hall &amp;#038; Pat Metheny\u201d wurde am April 27, 1999 bei Telarc International ver\u00f6ffentlicht.&lt;\/p&gt;\n\" data-large-file=\"https:\/\/i0.wp.com\/www.jazzzeitung.de\/cms\/wp-content\/uploads\/2013\/12\/Jim-Hall517b01bfZWL._SX450__PJautoripBadgeBottomRight4-40_OU11__1.jpg?fit=664%2C380&amp;ssl=1\" class=\"size-thumbnail wp-image-3131\" alt=\"\u201cJim Hall &amp; Pat Metheny\u201d wurde am April 27, 1999 bei Telarc International ver\u00f6ffentlicht.\" src=\"https:\/\/i0.wp.com\/www.jazzzeitung.de\/cms\/wp-content\/uploads\/2013\/12\/Jim-Hall517b01bfZWL._SX450__PJautoripBadgeBottomRight4-40_OU11__1-150x150.jpg?resize=150%2C150\" width=\"150\" height=\"150\" srcset=\"https:\/\/i0.wp.com\/www.jazzzeitung.de\/cms\/wp-content\/uploads\/2013\/12\/Jim-Hall517b01bfZWL._SX450__PJautoripBadgeBottomRight4-40_OU11__1.jpg?resize=150%2C150&amp;ssl=1 150w, https:\/\/i0.wp.com\/www.jazzzeitung.de\/cms\/wp-content\/uploads\/2013\/12\/Jim-Hall517b01bfZWL._SX450__PJautoripBadgeBottomRight4-40_OU11__1.jpg?resize=96%2C96&amp;ssl=1 96w, https:\/\/i0.wp.com\/www.jazzzeitung.de\/cms\/wp-content\/uploads\/2013\/12\/Jim-Hall517b01bfZWL._SX450__PJautoripBadgeBottomRight4-40_OU11__1.jpg?resize=24%2C24&amp;ssl=1 24w, https:\/\/i0.wp.com\/www.jazzzeitung.de\/cms\/wp-content\/uploads\/2013\/12\/Jim-Hall517b01bfZWL._SX450__PJautoripBadgeBottomRight4-40_OU11__1.jpg?resize=36%2C36&amp;ssl=1 36w, https:\/\/i0.wp.com\/www.jazzzeitung.de\/cms\/wp-content\/uploads\/2013\/12\/Jim-Hall517b01bfZWL._SX450__PJautoripBadgeBottomRight4-40_OU11__1.jpg?resize=48%2C48&amp;ssl=1 48w, https:\/\/i0.wp.com\/www.jazzzeitung.de\/cms\/wp-content\/uploads\/2013\/12\/Jim-Hall517b01bfZWL._SX450__PJautoripBadgeBottomRight4-40_OU11__1.jpg?resize=64%2C64&amp;ssl=1 64w, https:\/\/i0.wp.com\/www.jazzzeitung.de\/cms\/wp-content\/uploads\/2013\/12\/Jim-Hall517b01bfZWL._SX450__PJautoripBadgeBottomRight4-40_OU11__1.jpg?resize=32%2C32&amp;ssl=1 32w, https:\/\/i0.wp.com\/www.jazzzeitung.de\/cms\/wp-content\/uploads\/2013\/12\/Jim-Hall517b01bfZWL._SX450__PJautoripBadgeBottomRight4-40_OU11__1.jpg?resize=128%2C128&amp;ssl=1 128w, https:\/\/i0.wp.com\/www.jazzzeitung.de\/cms\/wp-content\/uploads\/2013\/12\/Jim-Hall517b01bfZWL._SX450__PJautoripBadgeBottomRight4-40_OU11__1.jpg?zoom=2&amp;resize=150%2C150&amp;ssl=1 300w, https:\/\/i0.wp.com\/www.jazzzeitung.de\/cms\/wp-content\/uploads\/2013\/12\/Jim-Hall517b01bfZWL._SX450__PJautoripBadgeBottomRight4-40_OU11__1.jpg?zoom=3&amp;resize=150%2C150&amp;ssl=1 450w\" sizes=\"auto, (max-width: 150px) 100vw, 150px\" \/><\/a><figcaption id=\"caption-attachment-3131\" class=\"wp-caption-text\">\u201cJim Hall &amp; Pat Metheny\u201d wurde am April 27, 1999 bei Telarc International ver\u00f6ffentlicht.<\/figcaption><\/figure>\n<p>Am Dienstag, 10. Dezember 2013, starb der Gitarrist und Komponist Jim Hall sechs Tage nach seinem 83. Geburtstag in New York. Es ist keine leere Floskel, wenn man sagt, der am 4. Dezember 1930 in Buffalo, New York, geborene Musiker hat Jazzgeschichte geschrieben. Er spielte mit den meisten Gr\u00f6\u00dfen seiner Zeit \u2013 und viele durften als sein Gast in seinem Trio auftreten beziehungsweise mit ihm in zahllosen anderen Konstellationen und Projekten.Seit 1999 spielte er regelm\u00e4\u00dfig mit Pat Metheny im Duo \u2013 das Bild wie sich der junge und der alte Virtuose gegen\u00fcber sitzen hat sich seinen H\u00f6rern eingepr\u00e4gt. Nicht\u00a0 nur Metheny, auch Gitarristen wie John McLaughlin, Larry Coryell oder John Scofield nennen Halls Namen, wenn man sie nach ihren Vorbildern fragt.Mehr \u00fcber die Wirkungsgeschichte des gro\u00dfen Gitarristen lesen Sie in der Jazzzeitung 1\/2014.<br style=\"text-align: justify;\" \/><\/p>\n<\/dt>\n<\/dl>\n<\/div>\n","protected":false},"excerpt":{"rendered":"<p>Am Dienstag, 10. Dezember 2013, starb der Gitarrist und Komponist Jim Hall sechs Tage nach seinem 83. Geburtstag in New York. Es ist keine leere Floskel, wenn man sagt, der am 4. Dezember 1930 in Buffalo, New York, geborene Musiker hat Jazzgeschichte geschrieben. Er spielte mit den meisten Gr\u00f6\u00dfen seiner Zeit \u2013 und viele durften als sein Gast in seinem Trio auftreten beziehungsweise mit ihm in zahllosen anderen Konstellationen und Projekten.Seit 1999 spielte er regelm\u00e4\u00dfig mit Pat Metheny im Duo \u2013 das Bild wie sich der junge und der alte Virtuose gegen\u00fcber sitzen hat sich seinen H\u00f6rern eingepr\u00e4gt. Nicht\u00a0 nur Metheny, auch Gitarristen wie John McLaughlin, Larry Coryell oder John Scofield nennen Halls Namen, wenn man sie nach ihren Vorbildern fragt.Mehr \u00fcber die Wirkungsgeschichte des gro\u00dfen Gitarristen lesen Sie in der Jazzzeitung 1\/2014.<\/p>\n","protected":false},"author":18,"featured_media":0,"comment_status":"open","ping_status":"closed","sticky":false,"template":"","format":"standard","meta":{"_jetpack_memberships_contains_paid_content":false,"footnotes":"","jetpack_publicize_message":"","jetpack_publicize_feature_enabled":true,"jetpack_social_post_already_shared":false,"jetpack_social_options":{"image_generator_settings":{"template":"highway","default_image_id":0,"font":"","enabled":false},"version":2}},"categories":[633],"tags":[34,790,294,758,385],"coauthors":[695],"class_list":["post-3120","post","type-post","status-publish","format-standard","hentry","category-nachrichten","tag-album","tag-geburtstag","tag-jazzzeitung","tag-john-scofield","tag-metheny"],"yoast_head":"<!-- This site is optimized with the Yoast SEO plugin v27.5 - https:\/\/yoast.com\/product\/yoast-seo-wordpress\/ -->\n<title>Zum Tod von Jim Hall - JazzZeitung<\/title>\n<meta name=\"robots\" content=\"index, follow, max-snippet:-1, max-image-preview:large, max-video-preview:-1\" \/>\n<link rel=\"canonical\" href=\"https:\/\/www.jazzzeitung.de\/cms\/2013\/12\/zum-tod-von-jim-hall\/\" \/>\n<meta property=\"og:locale\" content=\"de_DE\" \/>\n<meta property=\"og:type\" content=\"article\" \/>\n<meta property=\"og:title\" content=\"Zum Tod von Jim Hall - JazzZeitung\" \/>\n<meta property=\"og:description\" content=\"Am Dienstag, 10. Dezember 2013, starb der Gitarrist und Komponist Jim Hall sechs Tage nach seinem 83. Geburtstag in New York. Es ist keine leere Floskel, wenn man sagt, der am 4. Dezember 1930 in Buffalo, New York, geborene Musiker hat Jazzgeschichte geschrieben. Er spielte mit den meisten Gr\u00f6\u00dfen seiner Zeit \u2013 und viele durften als sein Gast in seinem Trio auftreten beziehungsweise mit ihm in zahllosen anderen Konstellationen und Projekten.Seit 1999 spielte er regelm\u00e4\u00dfig mit Pat Metheny im Duo \u2013 das Bild wie sich der junge und der alte Virtuose gegen\u00fcber sitzen hat sich seinen H\u00f6rern eingepr\u00e4gt. Nicht\u00a0 nur Metheny, auch Gitarristen wie John McLaughlin, Larry Coryell oder John Scofield nennen Halls Namen, wenn man sie nach ihren Vorbildern fragt.Mehr \u00fcber die Wirkungsgeschichte des gro\u00dfen Gitarristen lesen Sie in der Jazzzeitung 1\/2014.\" \/>\n<meta property=\"og:url\" content=\"https:\/\/www.jazzzeitung.de\/cms\/2013\/12\/zum-tod-von-jim-hall\/\" \/>\n<meta property=\"og:site_name\" content=\"JazzZeitung\" \/>\n<meta property=\"article:publisher\" content=\"https:\/\/www.facebook.com\/JazzZeitung\/\" \/>\n<meta property=\"article:published_time\" content=\"2013-12-11T10:43:24+00:00\" \/>\n<meta property=\"article:modified_time\" content=\"2013-12-11T16:19:51+00:00\" \/>\n<meta property=\"og:image\" content=\"http:\/\/www.jazzzeitung.de\/cms\/wp-content\/uploads\/2013\/12\/Jim-Hall517b01bfZWL._SX450__PJautoripBadgeBottomRight4-40_OU11__1-150x150.jpg\" \/>\n<meta name=\"author\" content=\"Redaktion JazzZeitung\" \/>\n<script type=\"application\/ld+json\" class=\"yoast-schema-graph\">{\"@context\":\"https:\\\/\\\/schema.org\",\"@graph\":[{\"@type\":\"Article\",\"@id\":\"https:\\\/\\\/www.jazzzeitung.de\\\/cms\\\/2013\\\/12\\\/zum-tod-von-jim-hall\\\/#article\",\"isPartOf\":{\"@id\":\"https:\\\/\\\/www.jazzzeitung.de\\\/cms\\\/2013\\\/12\\\/zum-tod-von-jim-hall\\\/\"},\"author\":{\"name\":\"Redaktion JazzZeitung\",\"@id\":\"https:\\\/\\\/www.jazzzeitung.de\\\/cms\\\/#\\\/schema\\\/person\\\/2245b36b9cd1d24cea10f01c031fb92b\"},\"headline\":\"Zum Tod von Jim Hall\",\"datePublished\":\"2013-12-11T10:43:24+00:00\",\"dateModified\":\"2013-12-11T16:19:51+00:00\",\"mainEntityOfPage\":{\"@id\":\"https:\\\/\\\/www.jazzzeitung.de\\\/cms\\\/2013\\\/12\\\/zum-tod-von-jim-hall\\\/\"},\"wordCount\":157,\"commentCount\":0,\"publisher\":{\"@id\":\"https:\\\/\\\/www.jazzzeitung.de\\\/cms\\\/#organization\"},\"image\":{\"@id\":\"https:\\\/\\\/www.jazzzeitung.de\\\/cms\\\/2013\\\/12\\\/zum-tod-von-jim-hall\\\/#primaryimage\"},\"thumbnailUrl\":\"http:\\\/\\\/www.jazzzeitung.de\\\/cms\\\/wp-content\\\/uploads\\\/2013\\\/12\\\/Jim-Hall517b01bfZWL._SX450__PJautoripBadgeBottomRight4-40_OU11__1-150x150.jpg\",\"keywords\":[\"Album\",\"Geburtstag\",\"Jazzzeitung\",\"John Scofield\",\"Pat Metheny\"],\"articleSection\":[\"News\"],\"inLanguage\":\"de\",\"potentialAction\":[{\"@type\":\"CommentAction\",\"name\":\"Comment\",\"target\":[\"https:\\\/\\\/www.jazzzeitung.de\\\/cms\\\/2013\\\/12\\\/zum-tod-von-jim-hall\\\/#respond\"]}]},{\"@type\":\"WebPage\",\"@id\":\"https:\\\/\\\/www.jazzzeitung.de\\\/cms\\\/2013\\\/12\\\/zum-tod-von-jim-hall\\\/\",\"url\":\"https:\\\/\\\/www.jazzzeitung.de\\\/cms\\\/2013\\\/12\\\/zum-tod-von-jim-hall\\\/\",\"name\":\"Zum Tod von Jim Hall - JazzZeitung\",\"isPartOf\":{\"@id\":\"https:\\\/\\\/www.jazzzeitung.de\\\/cms\\\/#website\"},\"primaryImageOfPage\":{\"@id\":\"https:\\\/\\\/www.jazzzeitung.de\\\/cms\\\/2013\\\/12\\\/zum-tod-von-jim-hall\\\/#primaryimage\"},\"image\":{\"@id\":\"https:\\\/\\\/www.jazzzeitung.de\\\/cms\\\/2013\\\/12\\\/zum-tod-von-jim-hall\\\/#primaryimage\"},\"thumbnailUrl\":\"http:\\\/\\\/www.jazzzeitung.de\\\/cms\\\/wp-content\\\/uploads\\\/2013\\\/12\\\/Jim-Hall517b01bfZWL._SX450__PJautoripBadgeBottomRight4-40_OU11__1-150x150.jpg\",\"datePublished\":\"2013-12-11T10:43:24+00:00\",\"dateModified\":\"2013-12-11T16:19:51+00:00\",\"breadcrumb\":{\"@id\":\"https:\\\/\\\/www.jazzzeitung.de\\\/cms\\\/2013\\\/12\\\/zum-tod-von-jim-hall\\\/#breadcrumb\"},\"inLanguage\":\"de\",\"potentialAction\":[{\"@type\":\"ReadAction\",\"target\":[\"https:\\\/\\\/www.jazzzeitung.de\\\/cms\\\/2013\\\/12\\\/zum-tod-von-jim-hall\\\/\"]}]},{\"@type\":\"ImageObject\",\"inLanguage\":\"de\",\"@id\":\"https:\\\/\\\/www.jazzzeitung.de\\\/cms\\\/2013\\\/12\\\/zum-tod-von-jim-hall\\\/#primaryimage\",\"url\":\"http:\\\/\\\/www.jazzzeitung.de\\\/cms\\\/wp-content\\\/uploads\\\/2013\\\/12\\\/Jim-Hall517b01bfZWL._SX450__PJautoripBadgeBottomRight4-40_OU11__1-150x150.jpg\",\"contentUrl\":\"http:\\\/\\\/www.jazzzeitung.de\\\/cms\\\/wp-content\\\/uploads\\\/2013\\\/12\\\/Jim-Hall517b01bfZWL._SX450__PJautoripBadgeBottomRight4-40_OU11__1-150x150.jpg\"},{\"@type\":\"BreadcrumbList\",\"@id\":\"https:\\\/\\\/www.jazzzeitung.de\\\/cms\\\/2013\\\/12\\\/zum-tod-von-jim-hall\\\/#breadcrumb\",\"itemListElement\":[{\"@type\":\"ListItem\",\"position\":1,\"name\":\"Startseite\",\"item\":\"https:\\\/\\\/www.jazzzeitung.de\\\/cms\\\/\"},{\"@type\":\"ListItem\",\"position\":2,\"name\":\"Zum Tod von Jim Hall\"}]},{\"@type\":\"WebSite\",\"@id\":\"https:\\\/\\\/www.jazzzeitung.de\\\/cms\\\/#website\",\"url\":\"https:\\\/\\\/www.jazzzeitung.de\\\/cms\\\/\",\"name\":\"JazzZeitung\",\"description\":\"Jazz-News und Jazz-Kontroverses\",\"publisher\":{\"@id\":\"https:\\\/\\\/www.jazzzeitung.de\\\/cms\\\/#organization\"},\"potentialAction\":[{\"@type\":\"SearchAction\",\"target\":{\"@type\":\"EntryPoint\",\"urlTemplate\":\"https:\\\/\\\/www.jazzzeitung.de\\\/cms\\\/?s={search_term_string}\"},\"query-input\":{\"@type\":\"PropertyValueSpecification\",\"valueRequired\":true,\"valueName\":\"search_term_string\"}}],\"inLanguage\":\"de\"},{\"@type\":\"Organization\",\"@id\":\"https:\\\/\\\/www.jazzzeitung.de\\\/cms\\\/#organization\",\"name\":\"JazzZeitung online\",\"url\":\"https:\\\/\\\/www.jazzzeitung.de\\\/cms\\\/\",\"logo\":{\"@type\":\"ImageObject\",\"inLanguage\":\"de\",\"@id\":\"https:\\\/\\\/www.jazzzeitung.de\\\/cms\\\/#\\\/schema\\\/logo\\\/image\\\/\",\"url\":\"https:\\\/\\\/i0.wp.com\\\/www.jazzzeitung.de\\\/cms\\\/wp-content\\\/uploads\\\/2015\\\/08\\\/JAZZZEITUNGDE_Logo_Neu.png?fit=499%2C200&ssl=1\",\"contentUrl\":\"https:\\\/\\\/i0.wp.com\\\/www.jazzzeitung.de\\\/cms\\\/wp-content\\\/uploads\\\/2015\\\/08\\\/JAZZZEITUNGDE_Logo_Neu.png?fit=499%2C200&ssl=1\",\"width\":499,\"height\":200,\"caption\":\"JazzZeitung online\"},\"image\":{\"@id\":\"https:\\\/\\\/www.jazzzeitung.de\\\/cms\\\/#\\\/schema\\\/logo\\\/image\\\/\"},\"sameAs\":[\"https:\\\/\\\/www.facebook.com\\\/JazzZeitung\\\/\"]},{\"@type\":\"Person\",\"@id\":\"https:\\\/\\\/www.jazzzeitung.de\\\/cms\\\/#\\\/schema\\\/person\\\/2245b36b9cd1d24cea10f01c031fb92b\",\"name\":\"Redaktion JazzZeitung\",\"image\":{\"@type\":\"ImageObject\",\"inLanguage\":\"de\",\"@id\":\"https:\\\/\\\/i0.wp.com\\\/www.jazzzeitung.de\\\/cms\\\/wp-content\\\/uploads\\\/2015\\\/08\\\/JAZZZEITUNGDE_Logo_Neu.png?resize=96%2C96&ssl=159975dcacb611b5700bd619b5daf0a7a\",\"url\":\"https:\\\/\\\/i0.wp.com\\\/www.jazzzeitung.de\\\/cms\\\/wp-content\\\/uploads\\\/2015\\\/08\\\/JAZZZEITUNGDE_Logo_Neu.png?resize=96%2C96&ssl=1\",\"contentUrl\":\"https:\\\/\\\/i0.wp.com\\\/www.jazzzeitung.de\\\/cms\\\/wp-content\\\/uploads\\\/2015\\\/08\\\/JAZZZEITUNGDE_Logo_Neu.png?resize=96%2C96&ssl=1\",\"caption\":\"Redaktion JazzZeitung\"},\"description\":\"Artikel der Redaktion der JazzZeitung.\",\"sameAs\":[\"http:\\\/\\\/www.jazzzeitung.de\\\/cms\\\/\"],\"url\":\"https:\\\/\\\/www.jazzzeitung.de\\\/cms\\\/author\\\/redaktion\\\/\"}]}<\/script>\n<!-- \/ Yoast SEO plugin. -->","yoast_head_json":{"title":"Zum Tod von Jim Hall - JazzZeitung","robots":{"index":"index","follow":"follow","max-snippet":"max-snippet:-1","max-image-preview":"max-image-preview:large","max-video-preview":"max-video-preview:-1"},"canonical":"https:\/\/www.jazzzeitung.de\/cms\/2013\/12\/zum-tod-von-jim-hall\/","og_locale":"de_DE","og_type":"article","og_title":"Zum Tod von Jim Hall - JazzZeitung","og_description":"Am Dienstag, 10. Dezember 2013, starb der Gitarrist und Komponist Jim Hall sechs Tage nach seinem 83. Geburtstag in New York. Es ist keine leere Floskel, wenn man sagt, der am 4. Dezember 1930 in Buffalo, New York, geborene Musiker hat Jazzgeschichte geschrieben. Er spielte mit den meisten Gr\u00f6\u00dfen seiner Zeit \u2013 und viele durften als sein Gast in seinem Trio auftreten beziehungsweise mit ihm in zahllosen anderen Konstellationen und Projekten.Seit 1999 spielte er regelm\u00e4\u00dfig mit Pat Metheny im Duo \u2013 das Bild wie sich der junge und der alte Virtuose gegen\u00fcber sitzen hat sich seinen H\u00f6rern eingepr\u00e4gt. Nicht\u00a0 nur Metheny, auch Gitarristen wie John McLaughlin, Larry Coryell oder John Scofield nennen Halls Namen, wenn man sie nach ihren Vorbildern fragt.Mehr \u00fcber die Wirkungsgeschichte des gro\u00dfen Gitarristen lesen Sie in der Jazzzeitung 1\/2014.","og_url":"https:\/\/www.jazzzeitung.de\/cms\/2013\/12\/zum-tod-von-jim-hall\/","og_site_name":"JazzZeitung","article_publisher":"https:\/\/www.facebook.com\/JazzZeitung\/","article_published_time":"2013-12-11T10:43:24+00:00","article_modified_time":"2013-12-11T16:19:51+00:00","og_image":[{"url":"http:\/\/www.jazzzeitung.de\/cms\/wp-content\/uploads\/2013\/12\/Jim-Hall517b01bfZWL._SX450__PJautoripBadgeBottomRight4-40_OU11__1-150x150.jpg","type":"","width":"","height":""}],"author":"Redaktion JazzZeitung","schema":{"@context":"https:\/\/schema.org","@graph":[{"@type":"Article","@id":"https:\/\/www.jazzzeitung.de\/cms\/2013\/12\/zum-tod-von-jim-hall\/#article","isPartOf":{"@id":"https:\/\/www.jazzzeitung.de\/cms\/2013\/12\/zum-tod-von-jim-hall\/"},"author":{"name":"Redaktion JazzZeitung","@id":"https:\/\/www.jazzzeitung.de\/cms\/#\/schema\/person\/2245b36b9cd1d24cea10f01c031fb92b"},"headline":"Zum Tod von Jim Hall","datePublished":"2013-12-11T10:43:24+00:00","dateModified":"2013-12-11T16:19:51+00:00","mainEntityOfPage":{"@id":"https:\/\/www.jazzzeitung.de\/cms\/2013\/12\/zum-tod-von-jim-hall\/"},"wordCount":157,"commentCount":0,"publisher":{"@id":"https:\/\/www.jazzzeitung.de\/cms\/#organization"},"image":{"@id":"https:\/\/www.jazzzeitung.de\/cms\/2013\/12\/zum-tod-von-jim-hall\/#primaryimage"},"thumbnailUrl":"http:\/\/www.jazzzeitung.de\/cms\/wp-content\/uploads\/2013\/12\/Jim-Hall517b01bfZWL._SX450__PJautoripBadgeBottomRight4-40_OU11__1-150x150.jpg","keywords":["Album","Geburtstag","Jazzzeitung","John Scofield","Pat Metheny"],"articleSection":["News"],"inLanguage":"de","potentialAction":[{"@type":"CommentAction","name":"Comment","target":["https:\/\/www.jazzzeitung.de\/cms\/2013\/12\/zum-tod-von-jim-hall\/#respond"]}]},{"@type":"WebPage","@id":"https:\/\/www.jazzzeitung.de\/cms\/2013\/12\/zum-tod-von-jim-hall\/","url":"https:\/\/www.jazzzeitung.de\/cms\/2013\/12\/zum-tod-von-jim-hall\/","name":"Zum Tod von Jim Hall - JazzZeitung","isPartOf":{"@id":"https:\/\/www.jazzzeitung.de\/cms\/#website"},"primaryImageOfPage":{"@id":"https:\/\/www.jazzzeitung.de\/cms\/2013\/12\/zum-tod-von-jim-hall\/#primaryimage"},"image":{"@id":"https:\/\/www.jazzzeitung.de\/cms\/2013\/12\/zum-tod-von-jim-hall\/#primaryimage"},"thumbnailUrl":"http:\/\/www.jazzzeitung.de\/cms\/wp-content\/uploads\/2013\/12\/Jim-Hall517b01bfZWL._SX450__PJautoripBadgeBottomRight4-40_OU11__1-150x150.jpg","datePublished":"2013-12-11T10:43:24+00:00","dateModified":"2013-12-11T16:19:51+00:00","breadcrumb":{"@id":"https:\/\/www.jazzzeitung.de\/cms\/2013\/12\/zum-tod-von-jim-hall\/#breadcrumb"},"inLanguage":"de","potentialAction":[{"@type":"ReadAction","target":["https:\/\/www.jazzzeitung.de\/cms\/2013\/12\/zum-tod-von-jim-hall\/"]}]},{"@type":"ImageObject","inLanguage":"de","@id":"https:\/\/www.jazzzeitung.de\/cms\/2013\/12\/zum-tod-von-jim-hall\/#primaryimage","url":"http:\/\/www.jazzzeitung.de\/cms\/wp-content\/uploads\/2013\/12\/Jim-Hall517b01bfZWL._SX450__PJautoripBadgeBottomRight4-40_OU11__1-150x150.jpg","contentUrl":"http:\/\/www.jazzzeitung.de\/cms\/wp-content\/uploads\/2013\/12\/Jim-Hall517b01bfZWL._SX450__PJautoripBadgeBottomRight4-40_OU11__1-150x150.jpg"},{"@type":"BreadcrumbList","@id":"https:\/\/www.jazzzeitung.de\/cms\/2013\/12\/zum-tod-von-jim-hall\/#breadcrumb","itemListElement":[{"@type":"ListItem","position":1,"name":"Startseite","item":"https:\/\/www.jazzzeitung.de\/cms\/"},{"@type":"ListItem","position":2,"name":"Zum Tod von Jim Hall"}]},{"@type":"WebSite","@id":"https:\/\/www.jazzzeitung.de\/cms\/#website","url":"https:\/\/www.jazzzeitung.de\/cms\/","name":"JazzZeitung","description":"Jazz-News und Jazz-Kontroverses","publisher":{"@id":"https:\/\/www.jazzzeitung.de\/cms\/#organization"},"potentialAction":[{"@type":"SearchAction","target":{"@type":"EntryPoint","urlTemplate":"https:\/\/www.jazzzeitung.de\/cms\/?s={search_term_string}"},"query-input":{"@type":"PropertyValueSpecification","valueRequired":true,"valueName":"search_term_string"}}],"inLanguage":"de"},{"@type":"Organization","@id":"https:\/\/www.jazzzeitung.de\/cms\/#organization","name":"JazzZeitung online","url":"https:\/\/www.jazzzeitung.de\/cms\/","logo":{"@type":"ImageObject","inLanguage":"de","@id":"https:\/\/www.jazzzeitung.de\/cms\/#\/schema\/logo\/image\/","url":"https:\/\/i0.wp.com\/www.jazzzeitung.de\/cms\/wp-content\/uploads\/2015\/08\/JAZZZEITUNGDE_Logo_Neu.png?fit=499%2C200&ssl=1","contentUrl":"https:\/\/i0.wp.com\/www.jazzzeitung.de\/cms\/wp-content\/uploads\/2015\/08\/JAZZZEITUNGDE_Logo_Neu.png?fit=499%2C200&ssl=1","width":499,"height":200,"caption":"JazzZeitung online"},"image":{"@id":"https:\/\/www.jazzzeitung.de\/cms\/#\/schema\/logo\/image\/"},"sameAs":["https:\/\/www.facebook.com\/JazzZeitung\/"]},{"@type":"Person","@id":"https:\/\/www.jazzzeitung.de\/cms\/#\/schema\/person\/2245b36b9cd1d24cea10f01c031fb92b","name":"Redaktion JazzZeitung","image":{"@type":"ImageObject","inLanguage":"de","@id":"https:\/\/i0.wp.com\/www.jazzzeitung.de\/cms\/wp-content\/uploads\/2015\/08\/JAZZZEITUNGDE_Logo_Neu.png?resize=96%2C96&ssl=159975dcacb611b5700bd619b5daf0a7a","url":"https:\/\/i0.wp.com\/www.jazzzeitung.de\/cms\/wp-content\/uploads\/2015\/08\/JAZZZEITUNGDE_Logo_Neu.png?resize=96%2C96&ssl=1","contentUrl":"https:\/\/i0.wp.com\/www.jazzzeitung.de\/cms\/wp-content\/uploads\/2015\/08\/JAZZZEITUNGDE_Logo_Neu.png?resize=96%2C96&ssl=1","caption":"Redaktion JazzZeitung"},"description":"Artikel der Redaktion der JazzZeitung.","sameAs":["http:\/\/www.jazzzeitung.de\/cms\/"],"url":"https:\/\/www.jazzzeitung.de\/cms\/author\/redaktion\/"}]}},"wp-worthy-pixel":{"ignored":false,"public":null,"server":null,"url":null},"wp-worthy-type":"normal","jetpack_publicize_connections":[],"cc_featured_image_caption":{"caption_text":false,"source_text":false,"source_url":false},"jetpack_featured_media_url":"","jetpack_shortlink":"https:\/\/wp.me\/p3KEcT-Ok","jetpack-related-posts":[{"id":11302,"url":"https:\/\/www.jazzzeitung.de\/cms\/2017\/01\/pat-metheny-2017-auf-welttournee\/","url_meta":{"origin":3120,"position":0},"title":"+++ Pat Metheny 2017 auf Welttournee +++","author":"Redaktion JazzZeitung","date":"2. Januar 2017","format":false,"excerpt":"Der mit 20 Grammys ausgezeichnete Gitarrist Pat Metheny hat Mitte Dezember 2016 eine umfangreiche Welttournee unter dem Motto \u009ban evening with Pat Metheny\u008b angek\u00fcndigt. Metheny, der k\u00fcrzlich als j\u00fcngster und vierter Gitarrist \u00fcberhaupt (neben Django Reinhart, Charlie Christian und Wes Montgomery) in die Hall of Fame des weltweit einflussreichsten Jazz-Magazins\u2026","rel":"","context":"In &quot;News&quot;","block_context":{"text":"News","link":"https:\/\/www.jazzzeitung.de\/cms\/thema\/nachrichten\/"},"img":{"alt_text":"metheny","src":"https:\/\/i0.wp.com\/www.jazzzeitung.de\/cms\/wp-content\/uploads\/2016\/12\/metheny-150x150.jpg?resize=350%2C200","width":350,"height":200},"classes":[]},{"id":5293,"url":"https:\/\/www.jazzzeitung.de\/cms\/2015\/01\/75-jahre-eberhard-weber-great-jubilee-concert-beeindruckt-mit-musikgroessen\/","url_meta":{"origin":3120,"position":1},"title":"\u201e75 Jahre Eberhard Weber: The Great Jubilee Concert&#8220; beeindruckt mit Musikgr\u00f6\u00dfen","author":"Redaktion JazzZeitung","date":"27. Januar 2015","format":"gallery","excerpt":"Von Thomas J. Krebs - Beim gro\u00dfen Event \u201e75 Jahre Eberhard Weber: The Great Jubilee Concert\" gaben sich Weggef\u00e4hrten wie Jan Garbarek, Pat Metheny, Paul McCandless oder Gary Burton die Ehre und z\u00fcndeten zum Geburtstag des Bass-Revolution\u00e4rs Eberhard Weber ein musikalisches Feuerwerk. Im ersten Set des Abends wurden Kompositionen Webers\u2026","rel":"","context":"In &quot;Galerie&quot;","block_context":{"text":"Galerie","link":"https:\/\/www.jazzzeitung.de\/cms\/thema\/galerie\/"},"img":{"alt_text":"Pat Metheny mit der SWR Big Band, Erhard Weber ist auf der Leinwand zu sehen.","src":"https:\/\/i0.wp.com\/www.jazzzeitung.de\/cms\/wp-content\/uploads\/2015\/01\/0K3A3249_Pat_Metheny_SWR_Big_Band_Probe.jpg?resize=350%2C200","width":350,"height":200,"srcset":"https:\/\/i0.wp.com\/www.jazzzeitung.de\/cms\/wp-content\/uploads\/2015\/01\/0K3A3249_Pat_Metheny_SWR_Big_Band_Probe.jpg?resize=350%2C200 1x, https:\/\/i0.wp.com\/www.jazzzeitung.de\/cms\/wp-content\/uploads\/2015\/01\/0K3A3249_Pat_Metheny_SWR_Big_Band_Probe.jpg?resize=525%2C300 1.5x, https:\/\/i0.wp.com\/www.jazzzeitung.de\/cms\/wp-content\/uploads\/2015\/01\/0K3A3249_Pat_Metheny_SWR_Big_Band_Probe.jpg?resize=700%2C400 2x, https:\/\/i0.wp.com\/www.jazzzeitung.de\/cms\/wp-content\/uploads\/2015\/01\/0K3A3249_Pat_Metheny_SWR_Big_Band_Probe.jpg?resize=1050%2C600 3x"},"classes":[]},{"id":31814,"url":"https:\/\/www.jazzzeitung.de\/cms\/2024\/10\/pat-metheny-solo-in-der-isarphilharmonie\/","url_meta":{"origin":3120,"position":2},"title":"Pat Metheny Solo in der Isarphilharmonie","author":"Redaktion JazzZeitung","date":"23. Oktober 2024","format":false,"excerpt":"(Von Thomas J. Krebs) Pat Metheny und seine Gitarren \u2026 im Laufe der Zeit sind da so Einige zusammen gekommen. Viele davon hat er selbst entwickelt - immer wieder tauchte auf der B\u00fchne ein neues Instrument auf. Am Ende waren es \u00fcber zehn Girarren, die von ihm vorgestellt und gespielt\u2026","rel":"","context":"In &quot;Bericht&quot;","block_context":{"text":"Bericht","link":"https:\/\/www.jazzzeitung.de\/cms\/thema\/bericht\/"},"img":{"alt_text":"","src":"https:\/\/i0.wp.com\/www.jazzzeitung.de\/cms\/wp-content\/uploads\/2024\/10\/P1333281-chair-Metheny-Foto-TJ-Krebs_aufmacher.jpg?fit=1200%2C799&ssl=1&resize=350%2C200","width":350,"height":200,"srcset":"https:\/\/i0.wp.com\/www.jazzzeitung.de\/cms\/wp-content\/uploads\/2024\/10\/P1333281-chair-Metheny-Foto-TJ-Krebs_aufmacher.jpg?fit=1200%2C799&ssl=1&resize=350%2C200 1x, https:\/\/i0.wp.com\/www.jazzzeitung.de\/cms\/wp-content\/uploads\/2024\/10\/P1333281-chair-Metheny-Foto-TJ-Krebs_aufmacher.jpg?fit=1200%2C799&ssl=1&resize=525%2C300 1.5x, https:\/\/i0.wp.com\/www.jazzzeitung.de\/cms\/wp-content\/uploads\/2024\/10\/P1333281-chair-Metheny-Foto-TJ-Krebs_aufmacher.jpg?fit=1200%2C799&ssl=1&resize=700%2C400 2x, https:\/\/i0.wp.com\/www.jazzzeitung.de\/cms\/wp-content\/uploads\/2024\/10\/P1333281-chair-Metheny-Foto-TJ-Krebs_aufmacher.jpg?fit=1200%2C799&ssl=1&resize=1050%2C600 3x"},"classes":[]},{"id":25744,"url":"https:\/\/www.jazzzeitung.de\/cms\/2021\/09\/side-eye-nyc-v1-iv-neues-pat-metheny-album\/","url_meta":{"origin":3120,"position":3},"title":"Side-Eye NYC (V1.IV) \u2013 Neues Pat Metheny Album","author":"Redaktion JazzZeitung","date":"10. September 2021","format":false,"excerpt":"Bei Pat Metheny kann man immer gespannt sein, wenn ein neues Album erscheint. Auf seiner vorletzten Ver\u00f6ffentlichung \u201eFrom This Place\u201c pr\u00e4sentierte er zwei neue Musiker: die Bassistin Linda May Han Oh, die er in New York entdeckte und den walisischen Pianisten Gwilym Simcock, der Metheny buchst\u00e4blich vom Hocker riss. Danach\u2026","rel":"","context":"In &quot;Rezension&quot;","block_context":{"text":"Rezension","link":"https:\/\/www.jazzzeitung.de\/cms\/thema\/rezension\/"},"img":{"alt_text":"","src":"https:\/\/i0.wp.com\/www.jazzzeitung.de\/cms\/wp-content\/uploads\/2021\/09\/P1020892-Metheny-Foto-TJ-Krebs.jpg?fit=1200%2C800&ssl=1&resize=350%2C200","width":350,"height":200,"srcset":"https:\/\/i0.wp.com\/www.jazzzeitung.de\/cms\/wp-content\/uploads\/2021\/09\/P1020892-Metheny-Foto-TJ-Krebs.jpg?fit=1200%2C800&ssl=1&resize=350%2C200 1x, https:\/\/i0.wp.com\/www.jazzzeitung.de\/cms\/wp-content\/uploads\/2021\/09\/P1020892-Metheny-Foto-TJ-Krebs.jpg?fit=1200%2C800&ssl=1&resize=525%2C300 1.5x, https:\/\/i0.wp.com\/www.jazzzeitung.de\/cms\/wp-content\/uploads\/2021\/09\/P1020892-Metheny-Foto-TJ-Krebs.jpg?fit=1200%2C800&ssl=1&resize=700%2C400 2x, https:\/\/i0.wp.com\/www.jazzzeitung.de\/cms\/wp-content\/uploads\/2021\/09\/P1020892-Metheny-Foto-TJ-Krebs.jpg?fit=1200%2C800&ssl=1&resize=1050%2C600 3x"},"classes":[]},{"id":1105,"url":"https:\/\/www.jazzzeitung.de\/cms\/2011\/07\/ndr-bericht-zur-esbjoern-svensson-hommage-bei-jazzbaltica\/","url_meta":{"origin":3120,"position":4},"title":"NDR-Bericht zur Esbj\u00f6rn-Svensson-Hommage bei JazzBaltica","author":"J\u00f6rg Lichtinger","date":"6. Juli 2011","format":false,"excerpt":"Am Wochenende ist in Salzau JazzBaltica 2011 zu Ende gegangen, das diesmal mit dem Motto \"piano, piano \u2013 remembering Esbj\u00f6rn\" eine Hommage an den vor drei Jahren verstorbenen Pianisten und Komponisten Esbj\u00f6rn Svensson beinhaltete. Der NDR hat in seinem \"Kultur Journal\" einen Kurzbericht gesendet mit Interview-Einblendungen, in denen Protagonisten des\u2026","rel":"","context":"In &quot;Blog&quot;","block_context":{"text":"Blog","link":"https:\/\/www.jazzzeitung.de\/cms\/thema\/blog\/"},"img":{"alt_text":"ndr_kulturjournal. Foto: Screenshot_ndr_mediathek","src":"https:\/\/i0.wp.com\/www.jazzzeitung.de\/cms\/wp-content\/uploads\/2011\/07\/ndr_kulturjournal-300x240.jpg?resize=350%2C200","width":350,"height":200},"classes":[]},{"id":7083,"url":"https:\/\/www.jazzzeitung.de\/cms\/2015\/09\/cd-rezension-hommage-a-eberhard-weber\/","url_meta":{"origin":3120,"position":5},"title":"CD-Rezension: Hommage \u00e0 Eberhard Weber","author":"Redaktion JazzZeitung","date":"15. September 2015","format":false,"excerpt":"Von Thomas J. Krebs - Vorliegende Aufnahme ist ein \u201eDestillat\u201c der beiden Konzertabende vom Januar 2015, die zu Ehren von Eberhard Webers 75. Geburtstag im Stuttgarter Theaterhaus stattfanden. Ein bemerkenswertes Live Album in vielerlei Hinsicht. So ist es gelungen so ziemlich alle wichtigen Weggef\u00e4hrten Webers nach all den Jahren wieder\u2026","rel":"","context":"In &quot;Rezension&quot;","block_context":{"text":"Rezension","link":"https:\/\/www.jazzzeitung.de\/cms\/thema\/rezension\/"},"img":{"alt_text":"ECM 2463","src":"https:\/\/i0.wp.com\/www.jazzzeitung.de\/cms\/wp-content\/uploads\/2015\/09\/ECM-2463-150x150.jpg?resize=350%2C200","width":350,"height":200},"classes":[]}],"jetpack_sharing_enabled":true,"_links":{"self":[{"href":"https:\/\/www.jazzzeitung.de\/cms\/wp-json\/wp\/v2\/posts\/3120","targetHints":{"allow":["GET"]}}],"collection":[{"href":"https:\/\/www.jazzzeitung.de\/cms\/wp-json\/wp\/v2\/posts"}],"about":[{"href":"https:\/\/www.jazzzeitung.de\/cms\/wp-json\/wp\/v2\/types\/post"}],"author":[{"embeddable":true,"href":"https:\/\/www.jazzzeitung.de\/cms\/wp-json\/wp\/v2\/users\/18"}],"replies":[{"embeddable":true,"href":"https:\/\/www.jazzzeitung.de\/cms\/wp-json\/wp\/v2\/comments?post=3120"}],"version-history":[{"count":11,"href":"https:\/\/www.jazzzeitung.de\/cms\/wp-json\/wp\/v2\/posts\/3120\/revisions"}],"predecessor-version":[{"id":3135,"href":"https:\/\/www.jazzzeitung.de\/cms\/wp-json\/wp\/v2\/posts\/3120\/revisions\/3135"}],"wp:attachment":[{"href":"https:\/\/www.jazzzeitung.de\/cms\/wp-json\/wp\/v2\/media?parent=3120"}],"wp:term":[{"taxonomy":"category","embeddable":true,"href":"https:\/\/www.jazzzeitung.de\/cms\/wp-json\/wp\/v2\/categories?post=3120"},{"taxonomy":"post_tag","embeddable":true,"href":"https:\/\/www.jazzzeitung.de\/cms\/wp-json\/wp\/v2\/tags?post=3120"},{"taxonomy":"author","embeddable":true,"href":"https:\/\/www.jazzzeitung.de\/cms\/wp-json\/wp\/v2\/coauthors?post=3120"}],"curies":[{"name":"wp","href":"https:\/\/api.w.org\/{rel}","templated":true}]}}