{"id":3114,"date":"2013-12-10T09:44:11","date_gmt":"2013-12-10T08:44:11","guid":{"rendered":"http:\/\/www.jazzzeitung.de\/cms\/?p=3114"},"modified":"2013-12-10T09:44:11","modified_gmt":"2013-12-10T08:44:11","slug":"jetzt-bewerben-biberacher-jazzpreis-2014-fuer-den-nachwuchs","status":"publish","type":"post","link":"https:\/\/www.jazzzeitung.de\/cms\/2013\/12\/jetzt-bewerben-biberacher-jazzpreis-2014-fuer-den-nachwuchs\/","title":{"rendered":"Jetzt bewerben: Biberacher Jazzpreis 2014 f\u00fcr den Nachwuchs"},"content":{"rendered":"<p><a href=\"https:\/\/i0.wp.com\/www.jazzzeitung.de\/cms\/wp-content\/uploads\/2013\/12\/biberach.jpg\"><img data-recalc-dims=\"1\" loading=\"lazy\" decoding=\"async\" data-attachment-id=\"3115\" data-permalink=\"https:\/\/www.jazzzeitung.de\/cms\/2013\/12\/jetzt-bewerben-biberacher-jazzpreis-2014-fuer-den-nachwuchs\/biberach\/\" data-orig-file=\"https:\/\/i0.wp.com\/www.jazzzeitung.de\/cms\/wp-content\/uploads\/2013\/12\/biberach.jpg?fit=981%2C1000&amp;ssl=1\" data-orig-size=\"981,1000\" data-comments-opened=\"1\" data-image-meta=\"{&quot;aperture&quot;:&quot;0&quot;,&quot;credit&quot;:&quot;&quot;,&quot;camera&quot;:&quot;&quot;,&quot;caption&quot;:&quot;&quot;,&quot;created_timestamp&quot;:&quot;0&quot;,&quot;copyright&quot;:&quot;&quot;,&quot;focal_length&quot;:&quot;0&quot;,&quot;iso&quot;:&quot;0&quot;,&quot;shutter_speed&quot;:&quot;0&quot;,&quot;title&quot;:&quot;&quot;}\" data-image-title=\"biberach\" data-image-description=\"\" data-image-caption=\"\" data-large-file=\"https:\/\/i0.wp.com\/www.jazzzeitung.de\/cms\/wp-content\/uploads\/2013\/12\/biberach.jpg?fit=588%2C600&amp;ssl=1\" class=\"alignright size-thumbnail wp-image-3115\" alt=\"biberach\" src=\"https:\/\/i0.wp.com\/www.jazzzeitung.de\/cms\/wp-content\/uploads\/2013\/12\/biberach-150x150.jpg?resize=150%2C150\" width=\"150\" height=\"150\" srcset=\"https:\/\/i0.wp.com\/www.jazzzeitung.de\/cms\/wp-content\/uploads\/2013\/12\/biberach.jpg?resize=150%2C150&amp;ssl=1 150w, https:\/\/i0.wp.com\/www.jazzzeitung.de\/cms\/wp-content\/uploads\/2013\/12\/biberach.jpg?resize=96%2C96&amp;ssl=1 96w, https:\/\/i0.wp.com\/www.jazzzeitung.de\/cms\/wp-content\/uploads\/2013\/12\/biberach.jpg?resize=24%2C24&amp;ssl=1 24w, https:\/\/i0.wp.com\/www.jazzzeitung.de\/cms\/wp-content\/uploads\/2013\/12\/biberach.jpg?resize=36%2C36&amp;ssl=1 36w, https:\/\/i0.wp.com\/www.jazzzeitung.de\/cms\/wp-content\/uploads\/2013\/12\/biberach.jpg?resize=48%2C48&amp;ssl=1 48w, https:\/\/i0.wp.com\/www.jazzzeitung.de\/cms\/wp-content\/uploads\/2013\/12\/biberach.jpg?resize=64%2C64&amp;ssl=1 64w, https:\/\/i0.wp.com\/www.jazzzeitung.de\/cms\/wp-content\/uploads\/2013\/12\/biberach.jpg?resize=32%2C32&amp;ssl=1 32w, https:\/\/i0.wp.com\/www.jazzzeitung.de\/cms\/wp-content\/uploads\/2013\/12\/biberach.jpg?resize=128%2C128&amp;ssl=1 128w, https:\/\/i0.wp.com\/www.jazzzeitung.de\/cms\/wp-content\/uploads\/2013\/12\/biberach.jpg?zoom=2&amp;resize=150%2C150&amp;ssl=1 300w, https:\/\/i0.wp.com\/www.jazzzeitung.de\/cms\/wp-content\/uploads\/2013\/12\/biberach.jpg?zoom=3&amp;resize=150%2C150&amp;ssl=1 450w\" sizes=\"auto, (max-width: 150px) 100vw, 150px\" \/><\/a>Der Biberacher Jazzpreis ist ein international ausgeschriebener Preis f\u00fcr den Jazznachwuchs und nach mehr als 20 Jahren zu einer festen Einrichtung geworden. Vor allem f\u00fcr die j\u00fcngeren Jazzmusikerinnen und -musiker bietet er eine beliebte Alternative zu den gro\u00dfen nationalen und internationalen Wettbewerben. Der Preis gilt als Karrieresprungbrett, allw bisherigen Preistr\u00e4ger haben bereits Karriere gemacht haben oder sind auf dem besten Wege dazu. Zu den bisherigen Gewinner z\u00e4hlen unter anderem: Cornelius Claudio Kreusch, Kristjan Randalu, Matthias Schriefl, das Laia Genc Trio und das Matthias Lindermayr Quartett. Das Bewerbungsverfahren f\u00fcr den Biberacher Jazzpreis 2014 ist bereits gestartet. Bis zum 3. Februar 2014 k\u00f6nnen Bewerbungen eingereicht werden.<\/p>\n<p><b>Teilnahmebedingungen<\/b><\/p>\n<p>Das H\u00f6chstalter der Teilnehmer betr\u00e4gt 26 Jahre (Stichtag ist der 29.3.2014). Bewerben k\u00f6nnen sich Ensembles mit zwei bis sieben Musiker\/-innen, optional kann Gesang dazu kommen.<br \/>\nDie Teilnahme am Biberacher Jazzpreis steht (Jazz-) Studenten an Musikschulen und Musikhochschulen sowie bereits kommerziell oder konzertant t\u00e4tigen Musiker\/innen offen. Stilistische Einschr\u00e4nkungen gibt es keine. Die Dauer der Beitr\u00e4ge im Halbfinale und Finale ist auf ca. 30 Minuten begrenzt.<\/p>\n<p><b>Anmeldung<\/b><\/p>\n<p>Die Anmeldung soll auf der Homepage durch das vorgegebene Online-Formular eingereicht werden.<br \/>\nFolgenden Angaben\/ Uploads sind erforderlich:<br \/>\n\u2022 Name, Adresse<br \/>\n\u2022 Besetzungsliste mit Altersangaben und Angaben zum Ausbildungsgang<br \/>\n\u2022 Bandbeschreibung<br \/>\n\u2022 Bandfotos (als jpg-Datei)<br \/>\n\u2022 Demoaufnahmen (g\u00e4ngigen Formate wie wav, mp3)<br \/>\n\u2022 Videos (Links zu z. B. YouTube-Videos) (optional)<\/p>\n<p><b>Preise<\/b><\/p>\n<p>Die Preise werden als Geldpreise ausgewiesen.<\/p>\n<p>1. Preis 2.000 \u20ac<br \/>\n2. Preis 1.000 \u20ac<br \/>\n3. Preis 500 \u20ac<br \/>\n4. &#8211; 6. Preis 300 \u20ac<\/p>\n<p>Bei herausragenden Einzelleistungen im Ensemble wird ein Solistenpreis ausgelobt. Den Finalteilnehmern werden anfallende \u00dcbernachtungskosten erstattet.<\/p>\n<p><b>Terminplan<\/b><\/p>\n<p>Anmeldeschluss 3. Februar 2014<br \/>\nBekanntgabe der Halbfinalteilnehmer 24. Februar 2014<br \/>\nHalbfinale und Finale 29. M\u00e4rz 2014<\/p>\n<p>Homepage und Anmeldung unter http:\/\/kulturkalender-biberach.de\/jazzpreis\/jazzpreis<\/p>\n<p>&nbsp;<\/p>\n","protected":false},"excerpt":{"rendered":"<p>Der Biberacher Jazzpreis ist ein international ausgeschriebener Preis f\u00fcr den Jazznachwuchs und nach mehr als 20 Jahren zu einer festen Einrichtung geworden. Vor allem f\u00fcr die j\u00fcngeren Jazzmusikerinnen und -musiker bietet er eine beliebte Alternative zu den gro\u00dfen nationalen und internationalen Wettbewerben. Der Preis gilt als Karrieresprungbrett, allw bisherigen Preistr\u00e4ger haben bereits Karriere gemacht haben oder sind auf dem besten Wege dazu. Zu den bisherigen Gewinner z\u00e4hlen unter anderem: Cornelius Claudio Kreusch, Kristjan Randalu, Matthias Schriefl, das Laia Genc Trio und das Matthias Lindermayr Quartett. Das Bewerbungsverfahren f\u00fcr den Biberacher Jazzpreis 2014 ist bereits gestartet. Bis zum 3. Februar 2014 k\u00f6nnen Bewerbungen eingereicht werden. Teilnahmebedingungen Das H\u00f6chstalter der Teilnehmer betr\u00e4gt 26 Jahre (Stichtag ist der 29.3.2014). Bewerben k\u00f6nnen sich Ensembles mit zwei bis sieben Musiker\/-innen, optional kann Gesang dazu kommen. Die Teilnahme am Biberacher Jazzpreis steht (Jazz-) Studenten an Musikschulen und Musikhochschulen sowie bereits kommerziell oder konzertant t\u00e4tigen Musiker\/innen offen. Stilistische Einschr\u00e4nkungen gibt es keine. Die Dauer der Beitr\u00e4ge im Halbfinale und Finale ist auf ca. 30 Minuten begrenzt. Anmeldung Die Anmeldung soll auf der Homepage durch das vorgegebene Online-Formular eingereicht werden. Folgenden Angaben\/ Uploads &hellip;<\/p>\n","protected":false},"author":18,"featured_media":0,"comment_status":"open","ping_status":"closed","sticky":false,"template":"","format":"standard","meta":{"_jetpack_memberships_contains_paid_content":false,"footnotes":"","jetpack_publicize_message":"","jetpack_publicize_feature_enabled":true,"jetpack_social_post_already_shared":false,"jetpack_social_options":{"image_generator_settings":{"template":"highway","default_image_id":0,"font":"","enabled":false},"version":2}},"categories":[633],"tags":[822,826,798,823,827,824,449,825],"coauthors":[695],"class_list":["post-3114","post","type-post","status-publish","format-standard","hentry","category-nachrichten","tag-biberacher-jazzpreis","tag-cornelius-claudio-kreusch","tag-jazzmusikerinnen","tag-jazznachwuchs","tag-matthias-schriefl","tag-nachwuchspresi","tag-preise","tag-stadt-biberach"],"yoast_head":"<!-- This site is optimized with the Yoast SEO plugin v27.5 - https:\/\/yoast.com\/product\/yoast-seo-wordpress\/ -->\n<title>Jetzt bewerben: Biberacher Jazzpreis 2014 f\u00fcr den Nachwuchs - JazzZeitung<\/title>\n<meta name=\"robots\" content=\"index, follow, max-snippet:-1, max-image-preview:large, max-video-preview:-1\" \/>\n<link rel=\"canonical\" href=\"https:\/\/www.jazzzeitung.de\/cms\/2013\/12\/jetzt-bewerben-biberacher-jazzpreis-2014-fuer-den-nachwuchs\/\" \/>\n<meta property=\"og:locale\" content=\"de_DE\" \/>\n<meta property=\"og:type\" content=\"article\" \/>\n<meta property=\"og:title\" content=\"Jetzt bewerben: Biberacher Jazzpreis 2014 f\u00fcr den Nachwuchs - JazzZeitung\" \/>\n<meta property=\"og:description\" content=\"Der Biberacher Jazzpreis ist ein international ausgeschriebener Preis f\u00fcr den Jazznachwuchs und nach mehr als 20 Jahren zu einer festen Einrichtung geworden. Vor allem f\u00fcr die j\u00fcngeren Jazzmusikerinnen und -musiker bietet er eine beliebte Alternative zu den gro\u00dfen nationalen und internationalen Wettbewerben. Der Preis gilt als Karrieresprungbrett, allw bisherigen Preistr\u00e4ger haben bereits Karriere gemacht haben oder sind auf dem besten Wege dazu. Zu den bisherigen Gewinner z\u00e4hlen unter anderem: Cornelius Claudio Kreusch, Kristjan Randalu, Matthias Schriefl, das Laia Genc Trio und das Matthias Lindermayr Quartett. Das Bewerbungsverfahren f\u00fcr den Biberacher Jazzpreis 2014 ist bereits gestartet. Bis zum 3. Februar 2014 k\u00f6nnen Bewerbungen eingereicht werden. Teilnahmebedingungen Das H\u00f6chstalter der Teilnehmer betr\u00e4gt 26 Jahre (Stichtag ist der 29.3.2014). Bewerben k\u00f6nnen sich Ensembles mit zwei bis sieben Musiker\/-innen, optional kann Gesang dazu kommen. Die Teilnahme am Biberacher Jazzpreis steht (Jazz-) Studenten an Musikschulen und Musikhochschulen sowie bereits kommerziell oder konzertant t\u00e4tigen Musiker\/innen offen. Stilistische Einschr\u00e4nkungen gibt es keine. Die Dauer der Beitr\u00e4ge im Halbfinale und Finale ist auf ca. 30 Minuten begrenzt. Anmeldung Die Anmeldung soll auf der Homepage durch das vorgegebene Online-Formular eingereicht werden. Folgenden Angaben\/ Uploads &hellip;\" \/>\n<meta property=\"og:url\" content=\"https:\/\/www.jazzzeitung.de\/cms\/2013\/12\/jetzt-bewerben-biberacher-jazzpreis-2014-fuer-den-nachwuchs\/\" \/>\n<meta property=\"og:site_name\" content=\"JazzZeitung\" \/>\n<meta property=\"article:publisher\" content=\"https:\/\/www.facebook.com\/JazzZeitung\/\" \/>\n<meta property=\"article:published_time\" content=\"2013-12-10T08:44:11+00:00\" \/>\n<meta property=\"og:image\" content=\"http:\/\/www.jazzzeitung.de\/cms\/wp-content\/uploads\/2013\/12\/biberach-150x150.jpg\" \/>\n<meta name=\"author\" content=\"Redaktion JazzZeitung\" \/>\n<script type=\"application\/ld+json\" class=\"yoast-schema-graph\">{\"@context\":\"https:\\\/\\\/schema.org\",\"@graph\":[{\"@type\":\"Article\",\"@id\":\"https:\\\/\\\/www.jazzzeitung.de\\\/cms\\\/2013\\\/12\\\/jetzt-bewerben-biberacher-jazzpreis-2014-fuer-den-nachwuchs\\\/#article\",\"isPartOf\":{\"@id\":\"https:\\\/\\\/www.jazzzeitung.de\\\/cms\\\/2013\\\/12\\\/jetzt-bewerben-biberacher-jazzpreis-2014-fuer-den-nachwuchs\\\/\"},\"author\":{\"name\":\"Redaktion JazzZeitung\",\"@id\":\"https:\\\/\\\/www.jazzzeitung.de\\\/cms\\\/#\\\/schema\\\/person\\\/2245b36b9cd1d24cea10f01c031fb92b\"},\"headline\":\"Jetzt bewerben: Biberacher Jazzpreis 2014 f\u00fcr den Nachwuchs\",\"datePublished\":\"2013-12-10T08:44:11+00:00\",\"mainEntityOfPage\":{\"@id\":\"https:\\\/\\\/www.jazzzeitung.de\\\/cms\\\/2013\\\/12\\\/jetzt-bewerben-biberacher-jazzpreis-2014-fuer-den-nachwuchs\\\/\"},\"wordCount\":280,\"commentCount\":0,\"publisher\":{\"@id\":\"https:\\\/\\\/www.jazzzeitung.de\\\/cms\\\/#organization\"},\"image\":{\"@id\":\"https:\\\/\\\/www.jazzzeitung.de\\\/cms\\\/2013\\\/12\\\/jetzt-bewerben-biberacher-jazzpreis-2014-fuer-den-nachwuchs\\\/#primaryimage\"},\"thumbnailUrl\":\"http:\\\/\\\/www.jazzzeitung.de\\\/cms\\\/wp-content\\\/uploads\\\/2013\\\/12\\\/biberach-150x150.jpg\",\"keywords\":[\"Biberacher Jazzpreis\",\"Cornelius Claudio Kreusch\",\"Jazzmusikerinnen\",\"Jazznachwuchs\",\"Matthias Schriefl\",\"Nachwuchspresi\",\"Preise\",\"Stadt Biberach\"],\"articleSection\":[\"News\"],\"inLanguage\":\"de\",\"potentialAction\":[{\"@type\":\"CommentAction\",\"name\":\"Comment\",\"target\":[\"https:\\\/\\\/www.jazzzeitung.de\\\/cms\\\/2013\\\/12\\\/jetzt-bewerben-biberacher-jazzpreis-2014-fuer-den-nachwuchs\\\/#respond\"]}]},{\"@type\":\"WebPage\",\"@id\":\"https:\\\/\\\/www.jazzzeitung.de\\\/cms\\\/2013\\\/12\\\/jetzt-bewerben-biberacher-jazzpreis-2014-fuer-den-nachwuchs\\\/\",\"url\":\"https:\\\/\\\/www.jazzzeitung.de\\\/cms\\\/2013\\\/12\\\/jetzt-bewerben-biberacher-jazzpreis-2014-fuer-den-nachwuchs\\\/\",\"name\":\"Jetzt bewerben: Biberacher Jazzpreis 2014 f\u00fcr den Nachwuchs - JazzZeitung\",\"isPartOf\":{\"@id\":\"https:\\\/\\\/www.jazzzeitung.de\\\/cms\\\/#website\"},\"primaryImageOfPage\":{\"@id\":\"https:\\\/\\\/www.jazzzeitung.de\\\/cms\\\/2013\\\/12\\\/jetzt-bewerben-biberacher-jazzpreis-2014-fuer-den-nachwuchs\\\/#primaryimage\"},\"image\":{\"@id\":\"https:\\\/\\\/www.jazzzeitung.de\\\/cms\\\/2013\\\/12\\\/jetzt-bewerben-biberacher-jazzpreis-2014-fuer-den-nachwuchs\\\/#primaryimage\"},\"thumbnailUrl\":\"http:\\\/\\\/www.jazzzeitung.de\\\/cms\\\/wp-content\\\/uploads\\\/2013\\\/12\\\/biberach-150x150.jpg\",\"datePublished\":\"2013-12-10T08:44:11+00:00\",\"breadcrumb\":{\"@id\":\"https:\\\/\\\/www.jazzzeitung.de\\\/cms\\\/2013\\\/12\\\/jetzt-bewerben-biberacher-jazzpreis-2014-fuer-den-nachwuchs\\\/#breadcrumb\"},\"inLanguage\":\"de\",\"potentialAction\":[{\"@type\":\"ReadAction\",\"target\":[\"https:\\\/\\\/www.jazzzeitung.de\\\/cms\\\/2013\\\/12\\\/jetzt-bewerben-biberacher-jazzpreis-2014-fuer-den-nachwuchs\\\/\"]}]},{\"@type\":\"ImageObject\",\"inLanguage\":\"de\",\"@id\":\"https:\\\/\\\/www.jazzzeitung.de\\\/cms\\\/2013\\\/12\\\/jetzt-bewerben-biberacher-jazzpreis-2014-fuer-den-nachwuchs\\\/#primaryimage\",\"url\":\"http:\\\/\\\/www.jazzzeitung.de\\\/cms\\\/wp-content\\\/uploads\\\/2013\\\/12\\\/biberach-150x150.jpg\",\"contentUrl\":\"http:\\\/\\\/www.jazzzeitung.de\\\/cms\\\/wp-content\\\/uploads\\\/2013\\\/12\\\/biberach-150x150.jpg\"},{\"@type\":\"BreadcrumbList\",\"@id\":\"https:\\\/\\\/www.jazzzeitung.de\\\/cms\\\/2013\\\/12\\\/jetzt-bewerben-biberacher-jazzpreis-2014-fuer-den-nachwuchs\\\/#breadcrumb\",\"itemListElement\":[{\"@type\":\"ListItem\",\"position\":1,\"name\":\"Startseite\",\"item\":\"https:\\\/\\\/www.jazzzeitung.de\\\/cms\\\/\"},{\"@type\":\"ListItem\",\"position\":2,\"name\":\"Jetzt bewerben: Biberacher Jazzpreis 2014 f\u00fcr den Nachwuchs\"}]},{\"@type\":\"WebSite\",\"@id\":\"https:\\\/\\\/www.jazzzeitung.de\\\/cms\\\/#website\",\"url\":\"https:\\\/\\\/www.jazzzeitung.de\\\/cms\\\/\",\"name\":\"JazzZeitung\",\"description\":\"Jazz-News und Jazz-Kontroverses\",\"publisher\":{\"@id\":\"https:\\\/\\\/www.jazzzeitung.de\\\/cms\\\/#organization\"},\"potentialAction\":[{\"@type\":\"SearchAction\",\"target\":{\"@type\":\"EntryPoint\",\"urlTemplate\":\"https:\\\/\\\/www.jazzzeitung.de\\\/cms\\\/?s={search_term_string}\"},\"query-input\":{\"@type\":\"PropertyValueSpecification\",\"valueRequired\":true,\"valueName\":\"search_term_string\"}}],\"inLanguage\":\"de\"},{\"@type\":\"Organization\",\"@id\":\"https:\\\/\\\/www.jazzzeitung.de\\\/cms\\\/#organization\",\"name\":\"JazzZeitung online\",\"url\":\"https:\\\/\\\/www.jazzzeitung.de\\\/cms\\\/\",\"logo\":{\"@type\":\"ImageObject\",\"inLanguage\":\"de\",\"@id\":\"https:\\\/\\\/www.jazzzeitung.de\\\/cms\\\/#\\\/schema\\\/logo\\\/image\\\/\",\"url\":\"https:\\\/\\\/i0.wp.com\\\/www.jazzzeitung.de\\\/cms\\\/wp-content\\\/uploads\\\/2015\\\/08\\\/JAZZZEITUNGDE_Logo_Neu.png?fit=499%2C200&ssl=1\",\"contentUrl\":\"https:\\\/\\\/i0.wp.com\\\/www.jazzzeitung.de\\\/cms\\\/wp-content\\\/uploads\\\/2015\\\/08\\\/JAZZZEITUNGDE_Logo_Neu.png?fit=499%2C200&ssl=1\",\"width\":499,\"height\":200,\"caption\":\"JazzZeitung online\"},\"image\":{\"@id\":\"https:\\\/\\\/www.jazzzeitung.de\\\/cms\\\/#\\\/schema\\\/logo\\\/image\\\/\"},\"sameAs\":[\"https:\\\/\\\/www.facebook.com\\\/JazzZeitung\\\/\"]},{\"@type\":\"Person\",\"@id\":\"https:\\\/\\\/www.jazzzeitung.de\\\/cms\\\/#\\\/schema\\\/person\\\/2245b36b9cd1d24cea10f01c031fb92b\",\"name\":\"Redaktion JazzZeitung\",\"image\":{\"@type\":\"ImageObject\",\"inLanguage\":\"de\",\"@id\":\"https:\\\/\\\/i0.wp.com\\\/www.jazzzeitung.de\\\/cms\\\/wp-content\\\/uploads\\\/2015\\\/08\\\/JAZZZEITUNGDE_Logo_Neu.png?resize=96%2C96&ssl=159975dcacb611b5700bd619b5daf0a7a\",\"url\":\"https:\\\/\\\/i0.wp.com\\\/www.jazzzeitung.de\\\/cms\\\/wp-content\\\/uploads\\\/2015\\\/08\\\/JAZZZEITUNGDE_Logo_Neu.png?resize=96%2C96&ssl=1\",\"contentUrl\":\"https:\\\/\\\/i0.wp.com\\\/www.jazzzeitung.de\\\/cms\\\/wp-content\\\/uploads\\\/2015\\\/08\\\/JAZZZEITUNGDE_Logo_Neu.png?resize=96%2C96&ssl=1\",\"caption\":\"Redaktion JazzZeitung\"},\"description\":\"Artikel der Redaktion der JazzZeitung.\",\"sameAs\":[\"http:\\\/\\\/www.jazzzeitung.de\\\/cms\\\/\"],\"url\":\"https:\\\/\\\/www.jazzzeitung.de\\\/cms\\\/author\\\/redaktion\\\/\"}]}<\/script>\n<!-- \/ Yoast SEO plugin. -->","yoast_head_json":{"title":"Jetzt bewerben: Biberacher Jazzpreis 2014 f\u00fcr den Nachwuchs - JazzZeitung","robots":{"index":"index","follow":"follow","max-snippet":"max-snippet:-1","max-image-preview":"max-image-preview:large","max-video-preview":"max-video-preview:-1"},"canonical":"https:\/\/www.jazzzeitung.de\/cms\/2013\/12\/jetzt-bewerben-biberacher-jazzpreis-2014-fuer-den-nachwuchs\/","og_locale":"de_DE","og_type":"article","og_title":"Jetzt bewerben: Biberacher Jazzpreis 2014 f\u00fcr den Nachwuchs - JazzZeitung","og_description":"Der Biberacher Jazzpreis ist ein international ausgeschriebener Preis f\u00fcr den Jazznachwuchs und nach mehr als 20 Jahren zu einer festen Einrichtung geworden. Vor allem f\u00fcr die j\u00fcngeren Jazzmusikerinnen und -musiker bietet er eine beliebte Alternative zu den gro\u00dfen nationalen und internationalen Wettbewerben. Der Preis gilt als Karrieresprungbrett, allw bisherigen Preistr\u00e4ger haben bereits Karriere gemacht haben oder sind auf dem besten Wege dazu. Zu den bisherigen Gewinner z\u00e4hlen unter anderem: Cornelius Claudio Kreusch, Kristjan Randalu, Matthias Schriefl, das Laia Genc Trio und das Matthias Lindermayr Quartett. Das Bewerbungsverfahren f\u00fcr den Biberacher Jazzpreis 2014 ist bereits gestartet. Bis zum 3. Februar 2014 k\u00f6nnen Bewerbungen eingereicht werden. Teilnahmebedingungen Das H\u00f6chstalter der Teilnehmer betr\u00e4gt 26 Jahre (Stichtag ist der 29.3.2014). Bewerben k\u00f6nnen sich Ensembles mit zwei bis sieben Musiker\/-innen, optional kann Gesang dazu kommen. Die Teilnahme am Biberacher Jazzpreis steht (Jazz-) Studenten an Musikschulen und Musikhochschulen sowie bereits kommerziell oder konzertant t\u00e4tigen Musiker\/innen offen. Stilistische Einschr\u00e4nkungen gibt es keine. Die Dauer der Beitr\u00e4ge im Halbfinale und Finale ist auf ca. 30 Minuten begrenzt. Anmeldung Die Anmeldung soll auf der Homepage durch das vorgegebene Online-Formular eingereicht werden. Folgenden Angaben\/ Uploads &hellip;","og_url":"https:\/\/www.jazzzeitung.de\/cms\/2013\/12\/jetzt-bewerben-biberacher-jazzpreis-2014-fuer-den-nachwuchs\/","og_site_name":"JazzZeitung","article_publisher":"https:\/\/www.facebook.com\/JazzZeitung\/","article_published_time":"2013-12-10T08:44:11+00:00","og_image":[{"url":"http:\/\/www.jazzzeitung.de\/cms\/wp-content\/uploads\/2013\/12\/biberach-150x150.jpg","type":"","width":"","height":""}],"author":"Redaktion JazzZeitung","schema":{"@context":"https:\/\/schema.org","@graph":[{"@type":"Article","@id":"https:\/\/www.jazzzeitung.de\/cms\/2013\/12\/jetzt-bewerben-biberacher-jazzpreis-2014-fuer-den-nachwuchs\/#article","isPartOf":{"@id":"https:\/\/www.jazzzeitung.de\/cms\/2013\/12\/jetzt-bewerben-biberacher-jazzpreis-2014-fuer-den-nachwuchs\/"},"author":{"name":"Redaktion JazzZeitung","@id":"https:\/\/www.jazzzeitung.de\/cms\/#\/schema\/person\/2245b36b9cd1d24cea10f01c031fb92b"},"headline":"Jetzt bewerben: Biberacher Jazzpreis 2014 f\u00fcr den Nachwuchs","datePublished":"2013-12-10T08:44:11+00:00","mainEntityOfPage":{"@id":"https:\/\/www.jazzzeitung.de\/cms\/2013\/12\/jetzt-bewerben-biberacher-jazzpreis-2014-fuer-den-nachwuchs\/"},"wordCount":280,"commentCount":0,"publisher":{"@id":"https:\/\/www.jazzzeitung.de\/cms\/#organization"},"image":{"@id":"https:\/\/www.jazzzeitung.de\/cms\/2013\/12\/jetzt-bewerben-biberacher-jazzpreis-2014-fuer-den-nachwuchs\/#primaryimage"},"thumbnailUrl":"http:\/\/www.jazzzeitung.de\/cms\/wp-content\/uploads\/2013\/12\/biberach-150x150.jpg","keywords":["Biberacher Jazzpreis","Cornelius Claudio Kreusch","Jazzmusikerinnen","Jazznachwuchs","Matthias Schriefl","Nachwuchspresi","Preise","Stadt Biberach"],"articleSection":["News"],"inLanguage":"de","potentialAction":[{"@type":"CommentAction","name":"Comment","target":["https:\/\/www.jazzzeitung.de\/cms\/2013\/12\/jetzt-bewerben-biberacher-jazzpreis-2014-fuer-den-nachwuchs\/#respond"]}]},{"@type":"WebPage","@id":"https:\/\/www.jazzzeitung.de\/cms\/2013\/12\/jetzt-bewerben-biberacher-jazzpreis-2014-fuer-den-nachwuchs\/","url":"https:\/\/www.jazzzeitung.de\/cms\/2013\/12\/jetzt-bewerben-biberacher-jazzpreis-2014-fuer-den-nachwuchs\/","name":"Jetzt bewerben: Biberacher Jazzpreis 2014 f\u00fcr den Nachwuchs - JazzZeitung","isPartOf":{"@id":"https:\/\/www.jazzzeitung.de\/cms\/#website"},"primaryImageOfPage":{"@id":"https:\/\/www.jazzzeitung.de\/cms\/2013\/12\/jetzt-bewerben-biberacher-jazzpreis-2014-fuer-den-nachwuchs\/#primaryimage"},"image":{"@id":"https:\/\/www.jazzzeitung.de\/cms\/2013\/12\/jetzt-bewerben-biberacher-jazzpreis-2014-fuer-den-nachwuchs\/#primaryimage"},"thumbnailUrl":"http:\/\/www.jazzzeitung.de\/cms\/wp-content\/uploads\/2013\/12\/biberach-150x150.jpg","datePublished":"2013-12-10T08:44:11+00:00","breadcrumb":{"@id":"https:\/\/www.jazzzeitung.de\/cms\/2013\/12\/jetzt-bewerben-biberacher-jazzpreis-2014-fuer-den-nachwuchs\/#breadcrumb"},"inLanguage":"de","potentialAction":[{"@type":"ReadAction","target":["https:\/\/www.jazzzeitung.de\/cms\/2013\/12\/jetzt-bewerben-biberacher-jazzpreis-2014-fuer-den-nachwuchs\/"]}]},{"@type":"ImageObject","inLanguage":"de","@id":"https:\/\/www.jazzzeitung.de\/cms\/2013\/12\/jetzt-bewerben-biberacher-jazzpreis-2014-fuer-den-nachwuchs\/#primaryimage","url":"http:\/\/www.jazzzeitung.de\/cms\/wp-content\/uploads\/2013\/12\/biberach-150x150.jpg","contentUrl":"http:\/\/www.jazzzeitung.de\/cms\/wp-content\/uploads\/2013\/12\/biberach-150x150.jpg"},{"@type":"BreadcrumbList","@id":"https:\/\/www.jazzzeitung.de\/cms\/2013\/12\/jetzt-bewerben-biberacher-jazzpreis-2014-fuer-den-nachwuchs\/#breadcrumb","itemListElement":[{"@type":"ListItem","position":1,"name":"Startseite","item":"https:\/\/www.jazzzeitung.de\/cms\/"},{"@type":"ListItem","position":2,"name":"Jetzt bewerben: Biberacher Jazzpreis 2014 f\u00fcr den Nachwuchs"}]},{"@type":"WebSite","@id":"https:\/\/www.jazzzeitung.de\/cms\/#website","url":"https:\/\/www.jazzzeitung.de\/cms\/","name":"JazzZeitung","description":"Jazz-News und Jazz-Kontroverses","publisher":{"@id":"https:\/\/www.jazzzeitung.de\/cms\/#organization"},"potentialAction":[{"@type":"SearchAction","target":{"@type":"EntryPoint","urlTemplate":"https:\/\/www.jazzzeitung.de\/cms\/?s={search_term_string}"},"query-input":{"@type":"PropertyValueSpecification","valueRequired":true,"valueName":"search_term_string"}}],"inLanguage":"de"},{"@type":"Organization","@id":"https:\/\/www.jazzzeitung.de\/cms\/#organization","name":"JazzZeitung online","url":"https:\/\/www.jazzzeitung.de\/cms\/","logo":{"@type":"ImageObject","inLanguage":"de","@id":"https:\/\/www.jazzzeitung.de\/cms\/#\/schema\/logo\/image\/","url":"https:\/\/i0.wp.com\/www.jazzzeitung.de\/cms\/wp-content\/uploads\/2015\/08\/JAZZZEITUNGDE_Logo_Neu.png?fit=499%2C200&ssl=1","contentUrl":"https:\/\/i0.wp.com\/www.jazzzeitung.de\/cms\/wp-content\/uploads\/2015\/08\/JAZZZEITUNGDE_Logo_Neu.png?fit=499%2C200&ssl=1","width":499,"height":200,"caption":"JazzZeitung online"},"image":{"@id":"https:\/\/www.jazzzeitung.de\/cms\/#\/schema\/logo\/image\/"},"sameAs":["https:\/\/www.facebook.com\/JazzZeitung\/"]},{"@type":"Person","@id":"https:\/\/www.jazzzeitung.de\/cms\/#\/schema\/person\/2245b36b9cd1d24cea10f01c031fb92b","name":"Redaktion JazzZeitung","image":{"@type":"ImageObject","inLanguage":"de","@id":"https:\/\/i0.wp.com\/www.jazzzeitung.de\/cms\/wp-content\/uploads\/2015\/08\/JAZZZEITUNGDE_Logo_Neu.png?resize=96%2C96&ssl=159975dcacb611b5700bd619b5daf0a7a","url":"https:\/\/i0.wp.com\/www.jazzzeitung.de\/cms\/wp-content\/uploads\/2015\/08\/JAZZZEITUNGDE_Logo_Neu.png?resize=96%2C96&ssl=1","contentUrl":"https:\/\/i0.wp.com\/www.jazzzeitung.de\/cms\/wp-content\/uploads\/2015\/08\/JAZZZEITUNGDE_Logo_Neu.png?resize=96%2C96&ssl=1","caption":"Redaktion JazzZeitung"},"description":"Artikel der Redaktion der JazzZeitung.","sameAs":["http:\/\/www.jazzzeitung.de\/cms\/"],"url":"https:\/\/www.jazzzeitung.de\/cms\/author\/redaktion\/"}]}},"wp-worthy-pixel":{"ignored":false,"public":null,"server":null,"url":null},"wp-worthy-type":"normal","jetpack_publicize_connections":[],"cc_featured_image_caption":{"caption_text":false,"source_text":false,"source_url":false},"jetpack_featured_media_url":"","jetpack_shortlink":"https:\/\/wp.me\/p3KEcT-Oe","jetpack-related-posts":[{"id":32353,"url":"https:\/\/www.jazzzeitung.de\/cms\/2025\/03\/news-hr-bigband-fuer-deutschen-jazzpreis-nominiert-will-jacobs-in-oberthulba\/","url_meta":{"origin":3114,"position":0},"title":"+++ news +++ hr-Bigband f\u00fcr Deutschen Jazzpreis nominiert +++ Will Jacobs in Oberthulba +++","author":"Redaktion JazzZeitung","date":"18. M\u00e4rz 2025","format":false,"excerpt":"+++ hr-Bigband f\u00fcr Deutschen Jazzpreis nominiert +++ Die hr-Bigband ist mit der Produktion \u201eAllg\u00e4u meets India\u201c f\u00fcr den Deutschen Jazzpreis 2025 nominiert. Der 2024 erschienene Konzertmitschnitt der hr-Bigband mit dem Komponisten und Multiinstrumentalisten Matthias Schriefl vom Deutschen Jazzfestival 2018 geht in der Kategorie \u201eRundfunkproduktion des Jahres\u201c an den Start. Der\u2026","rel":"","context":"In &quot;Redaktionelle Nachrichten&quot;","block_context":{"text":"Redaktionelle Nachrichten","link":"https:\/\/www.jazzzeitung.de\/cms\/thema\/redaktion\/"},"img":{"alt_text":"","src":"https:\/\/i0.wp.com\/www.jazzzeitung.de\/cms\/wp-content\/uploads\/2025\/03\/Will-Gary-scaled.jpg?fit=1200%2C800&ssl=1&resize=350%2C200","width":350,"height":200,"srcset":"https:\/\/i0.wp.com\/www.jazzzeitung.de\/cms\/wp-content\/uploads\/2025\/03\/Will-Gary-scaled.jpg?fit=1200%2C800&ssl=1&resize=350%2C200 1x, https:\/\/i0.wp.com\/www.jazzzeitung.de\/cms\/wp-content\/uploads\/2025\/03\/Will-Gary-scaled.jpg?fit=1200%2C800&ssl=1&resize=525%2C300 1.5x, https:\/\/i0.wp.com\/www.jazzzeitung.de\/cms\/wp-content\/uploads\/2025\/03\/Will-Gary-scaled.jpg?fit=1200%2C800&ssl=1&resize=700%2C400 2x, https:\/\/i0.wp.com\/www.jazzzeitung.de\/cms\/wp-content\/uploads\/2025\/03\/Will-Gary-scaled.jpg?fit=1200%2C800&ssl=1&resize=1050%2C600 3x"},"classes":[]},{"id":28841,"url":"https:\/\/www.jazzzeitung.de\/cms\/2023\/01\/shuteen-erdenebaatar-kommt-mit-grosser-besetzung-und-streichquartett-zum-bmw-young-jazz-award-preistraegerkonzert\/","url_meta":{"origin":3114,"position":1},"title":"Shuteen Erdenebaatar kommt mit gro\u00dfer Besetzung und Streichquartett zum BMW Young Jazz Award-Preistr\u00e4gerkonzert","author":"Redaktion JazzZeitung","date":"11. Januar 2023","format":false,"excerpt":"Erst 2018 ist die Pianistin und Komponistin Shuteen Erdenebaatar von Ulaanbaatar\/Mongolei nach M\u00fcnchen an der Isar gezogen und schon f\u00fcnf Jahre sp\u00e4ter kann sie Einiges vorweisen: ein ph\u00e4nomenales eigenes Quartett, ein Duo, und ein 18-k\u00f6pfiges Orchester mit inkludiertem Streichquartett, zwei abgeschlossene M\u00fcnchner Masterstudieng\u00e4nge (Jazzklavier & Jazzkomposition) und ein weiterbildendes Zertifikatsstudium\u2026","rel":"","context":"In &quot;Galerie&quot;","block_context":{"text":"Galerie","link":"https:\/\/www.jazzzeitung.de\/cms\/thema\/galerie\/"},"img":{"alt_text":"","src":"https:\/\/i0.wp.com\/www.jazzzeitung.de\/cms\/wp-content\/uploads\/2023\/01\/P2303150-Erdenebaatar-Chamber-Orch-Foto-TJ-Krebs-e1673276558104.jpg?fit=1074%2C666&ssl=1&resize=350%2C200","width":350,"height":200,"srcset":"https:\/\/i0.wp.com\/www.jazzzeitung.de\/cms\/wp-content\/uploads\/2023\/01\/P2303150-Erdenebaatar-Chamber-Orch-Foto-TJ-Krebs-e1673276558104.jpg?fit=1074%2C666&ssl=1&resize=350%2C200 1x, https:\/\/i0.wp.com\/www.jazzzeitung.de\/cms\/wp-content\/uploads\/2023\/01\/P2303150-Erdenebaatar-Chamber-Orch-Foto-TJ-Krebs-e1673276558104.jpg?fit=1074%2C666&ssl=1&resize=525%2C300 1.5x, https:\/\/i0.wp.com\/www.jazzzeitung.de\/cms\/wp-content\/uploads\/2023\/01\/P2303150-Erdenebaatar-Chamber-Orch-Foto-TJ-Krebs-e1673276558104.jpg?fit=1074%2C666&ssl=1&resize=700%2C400 2x, https:\/\/i0.wp.com\/www.jazzzeitung.de\/cms\/wp-content\/uploads\/2023\/01\/P2303150-Erdenebaatar-Chamber-Orch-Foto-TJ-Krebs-e1673276558104.jpg?fit=1074%2C666&ssl=1&resize=1050%2C600 3x"},"classes":[]},{"id":10897,"url":"https:\/\/www.jazzzeitung.de\/cms\/2016\/11\/news-37-internationaler-jazz-workshop-in-erlangen-3-piano-marathon-ottobrunn-junger-muenchner-jazzpreis-konzertfinale\/","url_meta":{"origin":3114,"position":2},"title":"NEWS +++ 37. Internationaler Jazz Workshop in Erlangen +++ 3. Piano Marathon Ottobrunn+++ Junger M\u00fcnchner Jazzpreis Konzertfinale +++","author":"Redaktion JazzZeitung","date":"8. November 2016","format":false,"excerpt":"37. Internationaler Jazz Workshop in Erlangen Vom 15. bis zum 22. April 2017\u00a0gibt es in Erlangen den\u00a037. Internationalen Jazz Workshop. Als Dozenten sind 2017 geladen: Romy Camerun (voc), Andrey Lobanov (tp, flh), Prof. J\u00fcrgen Neudert (tb), Tony Lakatos, Hubert Winter und Joachim Lenhardt (saxophone), Peter O'Mara (git), Bernhard Pichl (p),\u2026","rel":"","context":"In &quot;News&quot;","block_context":{"text":"News","link":"https:\/\/www.jazzzeitung.de\/cms\/thema\/nachrichten\/"},"img":{"alt_text":"Rainer Glas (Bass). Foto: Privat","src":"https:\/\/i0.wp.com\/www.jazzzeitung.de\/cms\/wp-content\/uploads\/2016\/11\/DSC0082-150x150.jpg?resize=350%2C200","width":350,"height":200},"classes":[]},{"id":29670,"url":"https:\/\/www.jazzzeitung.de\/cms\/2023\/06\/cd-rezension-nils-kugelmann-trio-stormy-beauty\/","url_meta":{"origin":3114,"position":3},"title":"CD-Rezension: Nils Kugelmann Trio \u2013 \u201eStormy Beauty\u201c","author":"Thomas J. Krebs","date":"30. Juni 2023","format":false,"excerpt":"Im S\u00fcden der Republik ist der Bassist Nils Kugelmann l\u00e4ngst kein Unbekannter mehr. Das wird sich mit seiner Trio Debut-CD \u201eStormy Beauty\u201c, erschienen auf dem M\u00fcnchner ACT Label, jetzt auch bundesweit \u00e4ndern. Kurz vorweg genommen: Was Kugelmann mit seinem Trio anstellt, sprengt die musikalischen Grenzen. Sein Bassspiel ist absolut getrieben,\u2026","rel":"","context":"In &quot;Rezension&quot;","block_context":{"text":"Rezension","link":"https:\/\/www.jazzzeitung.de\/cms\/thema\/rezension\/"},"img":{"alt_text":"","src":"https:\/\/i0.wp.com\/www.jazzzeitung.de\/cms\/wp-content\/uploads\/2023\/06\/P2468488-sw-Kugelmann-Trio-Foto-TJ-Krebs.jpg?fit=1200%2C800&ssl=1&resize=350%2C200","width":350,"height":200,"srcset":"https:\/\/i0.wp.com\/www.jazzzeitung.de\/cms\/wp-content\/uploads\/2023\/06\/P2468488-sw-Kugelmann-Trio-Foto-TJ-Krebs.jpg?fit=1200%2C800&ssl=1&resize=350%2C200 1x, https:\/\/i0.wp.com\/www.jazzzeitung.de\/cms\/wp-content\/uploads\/2023\/06\/P2468488-sw-Kugelmann-Trio-Foto-TJ-Krebs.jpg?fit=1200%2C800&ssl=1&resize=525%2C300 1.5x, https:\/\/i0.wp.com\/www.jazzzeitung.de\/cms\/wp-content\/uploads\/2023\/06\/P2468488-sw-Kugelmann-Trio-Foto-TJ-Krebs.jpg?fit=1200%2C800&ssl=1&resize=700%2C400 2x, https:\/\/i0.wp.com\/www.jazzzeitung.de\/cms\/wp-content\/uploads\/2023\/06\/P2468488-sw-Kugelmann-Trio-Foto-TJ-Krebs.jpg?fit=1200%2C800&ssl=1&resize=1050%2C600 3x"},"classes":[]},{"id":6546,"url":"https:\/\/www.jazzzeitung.de\/cms\/2015\/07\/newcomer-des-monats-matthias-lindermayr\/","url_meta":{"origin":3114,"position":4},"title":"Newcomer des Monats: Matthias Lindermayr","author":"Redaktion JazzZeitung","date":"13. Juli 2015","format":false,"excerpt":"Ein Ton, einsam, weit und eindringlich ruft dieser Ton. Eine Verzierung, dann ein zweiter Ton. Lang angehalten, man h\u00f6rt wie die Luft flie\u00dft, wie w\u00fcrzig-rauer Sand weht einem dieser Ton ins Ohr. Kraft hat er und nach Sehnsucht klingt er, tiefgr\u00fcndig und lebendig. Er strahlt nicht nur, dieser Ton hat\u2026","rel":"","context":"In &quot;Newcomer des Monats&quot;","block_context":{"text":"Newcomer des Monats","link":"https:\/\/www.jazzzeitung.de\/cms\/thema\/newcomer\/"},"img":{"alt_text":"\u00a9_hannes_rohrer","src":"https:\/\/i0.wp.com\/www.jazzzeitung.de\/cms\/wp-content\/uploads\/2015\/07\/DSC4308_%C2%A9_hannes_rohrer.jpg?fit=1200%2C798&ssl=1&resize=350%2C200","width":350,"height":200,"srcset":"https:\/\/i0.wp.com\/www.jazzzeitung.de\/cms\/wp-content\/uploads\/2015\/07\/DSC4308_%C2%A9_hannes_rohrer.jpg?fit=1200%2C798&ssl=1&resize=350%2C200 1x, https:\/\/i0.wp.com\/www.jazzzeitung.de\/cms\/wp-content\/uploads\/2015\/07\/DSC4308_%C2%A9_hannes_rohrer.jpg?fit=1200%2C798&ssl=1&resize=525%2C300 1.5x, https:\/\/i0.wp.com\/www.jazzzeitung.de\/cms\/wp-content\/uploads\/2015\/07\/DSC4308_%C2%A9_hannes_rohrer.jpg?fit=1200%2C798&ssl=1&resize=700%2C400 2x, https:\/\/i0.wp.com\/www.jazzzeitung.de\/cms\/wp-content\/uploads\/2015\/07\/DSC4308_%C2%A9_hannes_rohrer.jpg?fit=1200%2C798&ssl=1&resize=1050%2C600 3x"},"classes":[]},{"id":16469,"url":"https:\/\/www.jazzzeitung.de\/cms\/2018\/06\/news-bundesjazzorchester-mit-aktuellem-bauhaus-programm-auf-nordamerikareise-janika-loettgen-quartett-mit-songs-of-a-travelor-im-geske-musik-und-kulturhausschlot-festival-in-berlin\/","url_meta":{"origin":3114,"position":5},"title":"+++NEWS+++Bundesjazzorchester mit aktuellem Bauhaus-Programm auf Nordamerikareise+++Janika L\u00f6ttgen Quartett mit \u201eSongs of a Travelor im Geske Musik- und Kulturhaus+++Schlot Festival in Berlin+++","author":"Redaktion JazzZeitung","date":"22. Juni 2018","format":false,"excerpt":"Bundesjazzorchester mit aktuellem Bauhaus-Programm auf Nordamerikareis Mit Unterst\u00fctzung des Ausw\u00e4rtigen Amtes reist das Bundesjazzorchester vom 22. Juni bis 3. Juli mit dem Bauhaus-Projekt \u201eKlingende Utopien\u201c in die USA und nach Kanada. Stationen der Reise sind das\u00a0 Xerox Rochester International Jazz Festival 2018, Toronto Jazz Festival 2018 und das Ottawa Jazz\u2026","rel":"","context":"In &quot;News&quot;","block_context":{"text":"News","link":"https:\/\/www.jazzzeitung.de\/cms\/thema\/nachrichten\/"},"img":{"alt_text":"","src":"https:\/\/i0.wp.com\/www.jazzzeitung.de\/cms\/wp-content\/uploads\/2018\/06\/J.Rolfes-JaniQuartett190219-068.jpg?fit=1200%2C800&ssl=1&resize=350%2C200","width":350,"height":200,"srcset":"https:\/\/i0.wp.com\/www.jazzzeitung.de\/cms\/wp-content\/uploads\/2018\/06\/J.Rolfes-JaniQuartett190219-068.jpg?fit=1200%2C800&ssl=1&resize=350%2C200 1x, https:\/\/i0.wp.com\/www.jazzzeitung.de\/cms\/wp-content\/uploads\/2018\/06\/J.Rolfes-JaniQuartett190219-068.jpg?fit=1200%2C800&ssl=1&resize=525%2C300 1.5x, https:\/\/i0.wp.com\/www.jazzzeitung.de\/cms\/wp-content\/uploads\/2018\/06\/J.Rolfes-JaniQuartett190219-068.jpg?fit=1200%2C800&ssl=1&resize=700%2C400 2x, https:\/\/i0.wp.com\/www.jazzzeitung.de\/cms\/wp-content\/uploads\/2018\/06\/J.Rolfes-JaniQuartett190219-068.jpg?fit=1200%2C800&ssl=1&resize=1050%2C600 3x"},"classes":[]}],"jetpack_sharing_enabled":true,"_links":{"self":[{"href":"https:\/\/www.jazzzeitung.de\/cms\/wp-json\/wp\/v2\/posts\/3114","targetHints":{"allow":["GET"]}}],"collection":[{"href":"https:\/\/www.jazzzeitung.de\/cms\/wp-json\/wp\/v2\/posts"}],"about":[{"href":"https:\/\/www.jazzzeitung.de\/cms\/wp-json\/wp\/v2\/types\/post"}],"author":[{"embeddable":true,"href":"https:\/\/www.jazzzeitung.de\/cms\/wp-json\/wp\/v2\/users\/18"}],"replies":[{"embeddable":true,"href":"https:\/\/www.jazzzeitung.de\/cms\/wp-json\/wp\/v2\/comments?post=3114"}],"version-history":[{"count":1,"href":"https:\/\/www.jazzzeitung.de\/cms\/wp-json\/wp\/v2\/posts\/3114\/revisions"}],"predecessor-version":[{"id":3116,"href":"https:\/\/www.jazzzeitung.de\/cms\/wp-json\/wp\/v2\/posts\/3114\/revisions\/3116"}],"wp:attachment":[{"href":"https:\/\/www.jazzzeitung.de\/cms\/wp-json\/wp\/v2\/media?parent=3114"}],"wp:term":[{"taxonomy":"category","embeddable":true,"href":"https:\/\/www.jazzzeitung.de\/cms\/wp-json\/wp\/v2\/categories?post=3114"},{"taxonomy":"post_tag","embeddable":true,"href":"https:\/\/www.jazzzeitung.de\/cms\/wp-json\/wp\/v2\/tags?post=3114"},{"taxonomy":"author","embeddable":true,"href":"https:\/\/www.jazzzeitung.de\/cms\/wp-json\/wp\/v2\/coauthors?post=3114"}],"curies":[{"name":"wp","href":"https:\/\/api.w.org\/{rel}","templated":true}]}}