{"id":3093,"date":"2013-12-04T13:23:00","date_gmt":"2013-12-04T12:23:00","guid":{"rendered":"http:\/\/www.jazzzeitung.de\/cms\/?p=3093"},"modified":"2013-12-04T14:02:44","modified_gmt":"2013-12-04T13:02:44","slug":"radio-tipp-taktlos-jazz-prekaer","status":"publish","type":"post","link":"https:\/\/www.jazzzeitung.de\/cms\/2013\/12\/radio-tipp-taktlos-jazz-prekaer\/","title":{"rendered":"Radio-Tipp: taktlos &#8222;Jazz prek\u00e4r&#8220;"},"content":{"rendered":"<p><a href=\"https:\/\/i0.wp.com\/www.jazzzeitung.de\/cms\/wp-content\/uploads\/2013\/12\/taktlos.jpg\"><img data-recalc-dims=\"1\" loading=\"lazy\" decoding=\"async\" data-attachment-id=\"3094\" data-permalink=\"https:\/\/www.jazzzeitung.de\/cms\/2013\/12\/radio-tipp-taktlos-jazz-prekaer\/taktlos\/\" data-orig-file=\"https:\/\/i0.wp.com\/www.jazzzeitung.de\/cms\/wp-content\/uploads\/2013\/12\/taktlos.jpg?fit=600%2C400&amp;ssl=1\" data-orig-size=\"600,400\" data-comments-opened=\"1\" data-image-meta=\"{&quot;aperture&quot;:&quot;0&quot;,&quot;credit&quot;:&quot;&quot;,&quot;camera&quot;:&quot;&quot;,&quot;caption&quot;:&quot;&quot;,&quot;created_timestamp&quot;:&quot;0&quot;,&quot;copyright&quot;:&quot;&quot;,&quot;focal_length&quot;:&quot;0&quot;,&quot;iso&quot;:&quot;0&quot;,&quot;shutter_speed&quot;:&quot;0&quot;,&quot;title&quot;:&quot;&quot;}\" data-image-title=\"taktlos\" data-image-description=\"\" data-image-caption=\"\" data-large-file=\"https:\/\/i0.wp.com\/www.jazzzeitung.de\/cms\/wp-content\/uploads\/2013\/12\/taktlos.jpg?fit=600%2C400&amp;ssl=1\" class=\"alignright size-thumbnail wp-image-3094\" alt=\"taktlos\" src=\"https:\/\/i0.wp.com\/www.jazzzeitung.de\/cms\/wp-content\/uploads\/2013\/12\/taktlos-150x150.jpg?resize=150%2C150\" width=\"150\" height=\"150\" srcset=\"https:\/\/i0.wp.com\/www.jazzzeitung.de\/cms\/wp-content\/uploads\/2013\/12\/taktlos.jpg?resize=150%2C150&amp;ssl=1 150w, https:\/\/i0.wp.com\/www.jazzzeitung.de\/cms\/wp-content\/uploads\/2013\/12\/taktlos.jpg?resize=96%2C96&amp;ssl=1 96w, https:\/\/i0.wp.com\/www.jazzzeitung.de\/cms\/wp-content\/uploads\/2013\/12\/taktlos.jpg?resize=24%2C24&amp;ssl=1 24w, https:\/\/i0.wp.com\/www.jazzzeitung.de\/cms\/wp-content\/uploads\/2013\/12\/taktlos.jpg?resize=36%2C36&amp;ssl=1 36w, https:\/\/i0.wp.com\/www.jazzzeitung.de\/cms\/wp-content\/uploads\/2013\/12\/taktlos.jpg?resize=48%2C48&amp;ssl=1 48w, https:\/\/i0.wp.com\/www.jazzzeitung.de\/cms\/wp-content\/uploads\/2013\/12\/taktlos.jpg?resize=64%2C64&amp;ssl=1 64w, https:\/\/i0.wp.com\/www.jazzzeitung.de\/cms\/wp-content\/uploads\/2013\/12\/taktlos.jpg?resize=32%2C32&amp;ssl=1 32w, https:\/\/i0.wp.com\/www.jazzzeitung.de\/cms\/wp-content\/uploads\/2013\/12\/taktlos.jpg?resize=128%2C128&amp;ssl=1 128w, https:\/\/i0.wp.com\/www.jazzzeitung.de\/cms\/wp-content\/uploads\/2013\/12\/taktlos.jpg?zoom=2&amp;resize=150%2C150&amp;ssl=1 300w, https:\/\/i0.wp.com\/www.jazzzeitung.de\/cms\/wp-content\/uploads\/2013\/12\/taktlos.jpg?zoom=3&amp;resize=150%2C150&amp;ssl=1 450w\" sizes=\"auto, (max-width: 150px) 100vw, 150px\" \/><\/a>Am 12. Dezember 2013\u00a0 wird von 21.03 bis 22.00 Uhr live aus dem Studio 9 des Bayerischen Rundfunks in M\u00fcnchen die Sendung taktlos gesendet. Die Moderation \u00fcbernehmen wie immer JazzZeitungs-Herausgeber Theo Gei\u00dfler und Marlen Reichert. Thema ist der Jazz. Hier einige Zeilen zum Inhalt &#8211; eigentlich toll: Es gibt so viel Jazz wie nie zuvor. Aber der Markt ist klein. Jazzclubs und \u2013musiker m\u00fcssen sich das Publikum teilen, stehen in Konkurrenz und treiben teilweise in die Insolvenz. Die \u201eInitiative Musik\u201c des Bundes legte jetzt ein hochdotiertes Spielst\u00e4ttenf\u00f6rderungsprog<wbr><\/wbr>ramm auf. Was kommt davon aber bei den Musikern und Clubs wirklich an? Tropfen auf den hei\u00dfen Stein oder Impuls f\u00fcr ein neuerbl\u00fchendes Jazzleben in Deutschland?<\/p>\n<p>Dar\u00fcber diskutieren bei taktlos 170\u00a0 auf BR-Klassik Musiker, Clubbetreiber und F\u00f6rderer. G\u00e4ste sind Michael St\u00fcckl (1. Vorsitzender Unterfahrt, M\u00fcnchen), Monika Roscher (Musikerin, M\u00fcnchen), Oliver Hochkeppel (Journalist, SZ, JazzZeitung), Live-Musik: Duo Kreitmeier &amp; Zehrfeld.<\/p>\n<p>Weitere Informationen auf der Website von <a title=\"taktlos\" href=\"http:\/\/www.nmz.de\/taktlos\/archiv\/12\/03\/170-jazz-prekar\/\" target=\"_blank\">taktlos<\/a>.<\/p>\n","protected":false},"excerpt":{"rendered":"<p>Am 12. Dezember 2013\u00a0 wird von 21.03 bis 22.00 Uhr live aus dem Studio 9 des Bayerischen Rundfunks in M\u00fcnchen die Sendung taktlos gesendet. Die Moderation \u00fcbernehmen wie immer JazzZeitungs-Herausgeber Theo Gei\u00dfler und Marlen Reichert. Thema ist der Jazz. Hier einige Zeilen zum Inhalt &#8211; eigentlich toll: Es gibt so viel Jazz wie nie zuvor. Aber der Markt ist klein. Jazzclubs und \u2013musiker m\u00fcssen sich das Publikum teilen, stehen in Konkurrenz und treiben teilweise in die Insolvenz. Die \u201eInitiative Musik\u201c des Bundes legte jetzt ein hochdotiertes Spielst\u00e4ttenf\u00f6rderungsprogramm auf. Was kommt davon aber bei den Musikern und Clubs wirklich an? Tropfen auf den hei\u00dfen Stein oder Impuls f\u00fcr ein neuerbl\u00fchendes Jazzleben in Deutschland? Dar\u00fcber diskutieren bei taktlos 170\u00a0 auf BR-Klassik Musiker, Clubbetreiber und F\u00f6rderer. G\u00e4ste sind Michael St\u00fcckl (1. Vorsitzender Unterfahrt, M\u00fcnchen), Monika Roscher (Musikerin, M\u00fcnchen), Oliver Hochkeppel (Journalist, SZ, JazzZeitung), Live-Musik: Duo Kreitmeier &amp; Zehrfeld. Weitere Informationen auf der Website von taktlos.<\/p>\n","protected":false},"author":18,"featured_media":0,"comment_status":"open","ping_status":"closed","sticky":false,"template":"","format":"standard","meta":{"_jetpack_memberships_contains_paid_content":false,"footnotes":"","jetpack_publicize_message":"","jetpack_publicize_feature_enabled":true,"jetpack_social_post_already_shared":false,"jetpack_social_options":{"image_generator_settings":{"template":"highway","default_image_id":0,"font":"","enabled":false},"version":2}},"categories":[633],"tags":[94,1192,538,811,760,401,1193,812,496,810],"coauthors":[695],"class_list":["post-3093","post","type-post","status-publish","format-standard","hentry","category-nachrichten","tag-br-klassik","tag-clubs","tag-taktlos","tag-marlen-reichert","tag-monika-roscher","tag-muenchen","tag-radio","tag-radiosendung","tag-sendung","tag-theo-geissler"],"yoast_head":"<!-- This site is optimized with the Yoast SEO plugin v27.5 - https:\/\/yoast.com\/product\/yoast-seo-wordpress\/ -->\n<title>Radio-Tipp: taktlos &quot;Jazz prek\u00e4r&quot; - JazzZeitung<\/title>\n<meta name=\"robots\" content=\"index, follow, max-snippet:-1, max-image-preview:large, max-video-preview:-1\" \/>\n<link rel=\"canonical\" href=\"https:\/\/www.jazzzeitung.de\/cms\/2013\/12\/radio-tipp-taktlos-jazz-prekaer\/\" \/>\n<meta property=\"og:locale\" content=\"de_DE\" \/>\n<meta property=\"og:type\" content=\"article\" \/>\n<meta property=\"og:title\" content=\"Radio-Tipp: taktlos &quot;Jazz prek\u00e4r&quot; - JazzZeitung\" \/>\n<meta property=\"og:description\" content=\"Am 12. Dezember 2013\u00a0 wird von 21.03 bis 22.00 Uhr live aus dem Studio 9 des Bayerischen Rundfunks in M\u00fcnchen die Sendung taktlos gesendet. Die Moderation \u00fcbernehmen wie immer JazzZeitungs-Herausgeber Theo Gei\u00dfler und Marlen Reichert. Thema ist der Jazz. Hier einige Zeilen zum Inhalt &#8211; eigentlich toll: Es gibt so viel Jazz wie nie zuvor. Aber der Markt ist klein. Jazzclubs und \u2013musiker m\u00fcssen sich das Publikum teilen, stehen in Konkurrenz und treiben teilweise in die Insolvenz. Die \u201eInitiative Musik\u201c des Bundes legte jetzt ein hochdotiertes Spielst\u00e4ttenf\u00f6rderungsprogramm auf. Was kommt davon aber bei den Musikern und Clubs wirklich an? Tropfen auf den hei\u00dfen Stein oder Impuls f\u00fcr ein neuerbl\u00fchendes Jazzleben in Deutschland? Dar\u00fcber diskutieren bei taktlos 170\u00a0 auf BR-Klassik Musiker, Clubbetreiber und F\u00f6rderer. G\u00e4ste sind Michael St\u00fcckl (1. Vorsitzender Unterfahrt, M\u00fcnchen), Monika Roscher (Musikerin, M\u00fcnchen), Oliver Hochkeppel (Journalist, SZ, JazzZeitung), Live-Musik: Duo Kreitmeier &amp; Zehrfeld. Weitere Informationen auf der Website von taktlos.\" \/>\n<meta property=\"og:url\" content=\"https:\/\/www.jazzzeitung.de\/cms\/2013\/12\/radio-tipp-taktlos-jazz-prekaer\/\" \/>\n<meta property=\"og:site_name\" content=\"JazzZeitung\" \/>\n<meta property=\"article:publisher\" content=\"https:\/\/www.facebook.com\/JazzZeitung\/\" \/>\n<meta property=\"article:published_time\" content=\"2013-12-04T12:23:00+00:00\" \/>\n<meta property=\"article:modified_time\" content=\"2013-12-04T13:02:44+00:00\" \/>\n<meta property=\"og:image\" content=\"http:\/\/www.jazzzeitung.de\/cms\/wp-content\/uploads\/2013\/12\/taktlos-150x150.jpg\" \/>\n<meta name=\"author\" content=\"Redaktion JazzZeitung\" \/>\n<script type=\"application\/ld+json\" class=\"yoast-schema-graph\">{\"@context\":\"https:\\\/\\\/schema.org\",\"@graph\":[{\"@type\":\"Article\",\"@id\":\"https:\\\/\\\/www.jazzzeitung.de\\\/cms\\\/2013\\\/12\\\/radio-tipp-taktlos-jazz-prekaer\\\/#article\",\"isPartOf\":{\"@id\":\"https:\\\/\\\/www.jazzzeitung.de\\\/cms\\\/2013\\\/12\\\/radio-tipp-taktlos-jazz-prekaer\\\/\"},\"author\":{\"name\":\"Redaktion JazzZeitung\",\"@id\":\"https:\\\/\\\/www.jazzzeitung.de\\\/cms\\\/#\\\/schema\\\/person\\\/2245b36b9cd1d24cea10f01c031fb92b\"},\"headline\":\"Radio-Tipp: taktlos &#8222;Jazz prek\u00e4r&#8220;\",\"datePublished\":\"2013-12-04T12:23:00+00:00\",\"dateModified\":\"2013-12-04T13:02:44+00:00\",\"mainEntityOfPage\":{\"@id\":\"https:\\\/\\\/www.jazzzeitung.de\\\/cms\\\/2013\\\/12\\\/radio-tipp-taktlos-jazz-prekaer\\\/\"},\"wordCount\":165,\"commentCount\":0,\"publisher\":{\"@id\":\"https:\\\/\\\/www.jazzzeitung.de\\\/cms\\\/#organization\"},\"image\":{\"@id\":\"https:\\\/\\\/www.jazzzeitung.de\\\/cms\\\/2013\\\/12\\\/radio-tipp-taktlos-jazz-prekaer\\\/#primaryimage\"},\"thumbnailUrl\":\"http:\\\/\\\/www.jazzzeitung.de\\\/cms\\\/wp-content\\\/uploads\\\/2013\\\/12\\\/taktlos-150x150.jpg\",\"keywords\":[\"Br-Klassik\",\"Clubs\",\"das ist taktlos\",\"Marlen Reichert\",\"Monika Roscher\",\"M\u00fcnchen\",\"Radio\",\"Radiosendung\",\"Sendung\",\"Theo Gei\u00dfler\"],\"articleSection\":[\"News\"],\"inLanguage\":\"de\",\"potentialAction\":[{\"@type\":\"CommentAction\",\"name\":\"Comment\",\"target\":[\"https:\\\/\\\/www.jazzzeitung.de\\\/cms\\\/2013\\\/12\\\/radio-tipp-taktlos-jazz-prekaer\\\/#respond\"]}]},{\"@type\":\"WebPage\",\"@id\":\"https:\\\/\\\/www.jazzzeitung.de\\\/cms\\\/2013\\\/12\\\/radio-tipp-taktlos-jazz-prekaer\\\/\",\"url\":\"https:\\\/\\\/www.jazzzeitung.de\\\/cms\\\/2013\\\/12\\\/radio-tipp-taktlos-jazz-prekaer\\\/\",\"name\":\"Radio-Tipp: taktlos \\\"Jazz prek\u00e4r\\\" - JazzZeitung\",\"isPartOf\":{\"@id\":\"https:\\\/\\\/www.jazzzeitung.de\\\/cms\\\/#website\"},\"primaryImageOfPage\":{\"@id\":\"https:\\\/\\\/www.jazzzeitung.de\\\/cms\\\/2013\\\/12\\\/radio-tipp-taktlos-jazz-prekaer\\\/#primaryimage\"},\"image\":{\"@id\":\"https:\\\/\\\/www.jazzzeitung.de\\\/cms\\\/2013\\\/12\\\/radio-tipp-taktlos-jazz-prekaer\\\/#primaryimage\"},\"thumbnailUrl\":\"http:\\\/\\\/www.jazzzeitung.de\\\/cms\\\/wp-content\\\/uploads\\\/2013\\\/12\\\/taktlos-150x150.jpg\",\"datePublished\":\"2013-12-04T12:23:00+00:00\",\"dateModified\":\"2013-12-04T13:02:44+00:00\",\"breadcrumb\":{\"@id\":\"https:\\\/\\\/www.jazzzeitung.de\\\/cms\\\/2013\\\/12\\\/radio-tipp-taktlos-jazz-prekaer\\\/#breadcrumb\"},\"inLanguage\":\"de\",\"potentialAction\":[{\"@type\":\"ReadAction\",\"target\":[\"https:\\\/\\\/www.jazzzeitung.de\\\/cms\\\/2013\\\/12\\\/radio-tipp-taktlos-jazz-prekaer\\\/\"]}]},{\"@type\":\"ImageObject\",\"inLanguage\":\"de\",\"@id\":\"https:\\\/\\\/www.jazzzeitung.de\\\/cms\\\/2013\\\/12\\\/radio-tipp-taktlos-jazz-prekaer\\\/#primaryimage\",\"url\":\"http:\\\/\\\/www.jazzzeitung.de\\\/cms\\\/wp-content\\\/uploads\\\/2013\\\/12\\\/taktlos-150x150.jpg\",\"contentUrl\":\"http:\\\/\\\/www.jazzzeitung.de\\\/cms\\\/wp-content\\\/uploads\\\/2013\\\/12\\\/taktlos-150x150.jpg\"},{\"@type\":\"BreadcrumbList\",\"@id\":\"https:\\\/\\\/www.jazzzeitung.de\\\/cms\\\/2013\\\/12\\\/radio-tipp-taktlos-jazz-prekaer\\\/#breadcrumb\",\"itemListElement\":[{\"@type\":\"ListItem\",\"position\":1,\"name\":\"Startseite\",\"item\":\"https:\\\/\\\/www.jazzzeitung.de\\\/cms\\\/\"},{\"@type\":\"ListItem\",\"position\":2,\"name\":\"Radio-Tipp: taktlos &#8222;Jazz prek\u00e4r&#8220;\"}]},{\"@type\":\"WebSite\",\"@id\":\"https:\\\/\\\/www.jazzzeitung.de\\\/cms\\\/#website\",\"url\":\"https:\\\/\\\/www.jazzzeitung.de\\\/cms\\\/\",\"name\":\"JazzZeitung\",\"description\":\"Jazz-News und Jazz-Kontroverses\",\"publisher\":{\"@id\":\"https:\\\/\\\/www.jazzzeitung.de\\\/cms\\\/#organization\"},\"potentialAction\":[{\"@type\":\"SearchAction\",\"target\":{\"@type\":\"EntryPoint\",\"urlTemplate\":\"https:\\\/\\\/www.jazzzeitung.de\\\/cms\\\/?s={search_term_string}\"},\"query-input\":{\"@type\":\"PropertyValueSpecification\",\"valueRequired\":true,\"valueName\":\"search_term_string\"}}],\"inLanguage\":\"de\"},{\"@type\":\"Organization\",\"@id\":\"https:\\\/\\\/www.jazzzeitung.de\\\/cms\\\/#organization\",\"name\":\"JazzZeitung online\",\"url\":\"https:\\\/\\\/www.jazzzeitung.de\\\/cms\\\/\",\"logo\":{\"@type\":\"ImageObject\",\"inLanguage\":\"de\",\"@id\":\"https:\\\/\\\/www.jazzzeitung.de\\\/cms\\\/#\\\/schema\\\/logo\\\/image\\\/\",\"url\":\"https:\\\/\\\/i0.wp.com\\\/www.jazzzeitung.de\\\/cms\\\/wp-content\\\/uploads\\\/2015\\\/08\\\/JAZZZEITUNGDE_Logo_Neu.png?fit=499%2C200&ssl=1\",\"contentUrl\":\"https:\\\/\\\/i0.wp.com\\\/www.jazzzeitung.de\\\/cms\\\/wp-content\\\/uploads\\\/2015\\\/08\\\/JAZZZEITUNGDE_Logo_Neu.png?fit=499%2C200&ssl=1\",\"width\":499,\"height\":200,\"caption\":\"JazzZeitung online\"},\"image\":{\"@id\":\"https:\\\/\\\/www.jazzzeitung.de\\\/cms\\\/#\\\/schema\\\/logo\\\/image\\\/\"},\"sameAs\":[\"https:\\\/\\\/www.facebook.com\\\/JazzZeitung\\\/\"]},{\"@type\":\"Person\",\"@id\":\"https:\\\/\\\/www.jazzzeitung.de\\\/cms\\\/#\\\/schema\\\/person\\\/2245b36b9cd1d24cea10f01c031fb92b\",\"name\":\"Redaktion JazzZeitung\",\"image\":{\"@type\":\"ImageObject\",\"inLanguage\":\"de\",\"@id\":\"https:\\\/\\\/i0.wp.com\\\/www.jazzzeitung.de\\\/cms\\\/wp-content\\\/uploads\\\/2015\\\/08\\\/JAZZZEITUNGDE_Logo_Neu.png?resize=96%2C96&ssl=159975dcacb611b5700bd619b5daf0a7a\",\"url\":\"https:\\\/\\\/i0.wp.com\\\/www.jazzzeitung.de\\\/cms\\\/wp-content\\\/uploads\\\/2015\\\/08\\\/JAZZZEITUNGDE_Logo_Neu.png?resize=96%2C96&ssl=1\",\"contentUrl\":\"https:\\\/\\\/i0.wp.com\\\/www.jazzzeitung.de\\\/cms\\\/wp-content\\\/uploads\\\/2015\\\/08\\\/JAZZZEITUNGDE_Logo_Neu.png?resize=96%2C96&ssl=1\",\"caption\":\"Redaktion JazzZeitung\"},\"description\":\"Artikel der Redaktion der JazzZeitung.\",\"sameAs\":[\"http:\\\/\\\/www.jazzzeitung.de\\\/cms\\\/\"],\"url\":\"https:\\\/\\\/www.jazzzeitung.de\\\/cms\\\/author\\\/redaktion\\\/\"}]}<\/script>\n<!-- \/ Yoast SEO plugin. -->","yoast_head_json":{"title":"Radio-Tipp: taktlos \"Jazz prek\u00e4r\" - JazzZeitung","robots":{"index":"index","follow":"follow","max-snippet":"max-snippet:-1","max-image-preview":"max-image-preview:large","max-video-preview":"max-video-preview:-1"},"canonical":"https:\/\/www.jazzzeitung.de\/cms\/2013\/12\/radio-tipp-taktlos-jazz-prekaer\/","og_locale":"de_DE","og_type":"article","og_title":"Radio-Tipp: taktlos \"Jazz prek\u00e4r\" - JazzZeitung","og_description":"Am 12. Dezember 2013\u00a0 wird von 21.03 bis 22.00 Uhr live aus dem Studio 9 des Bayerischen Rundfunks in M\u00fcnchen die Sendung taktlos gesendet. Die Moderation \u00fcbernehmen wie immer JazzZeitungs-Herausgeber Theo Gei\u00dfler und Marlen Reichert. Thema ist der Jazz. Hier einige Zeilen zum Inhalt &#8211; eigentlich toll: Es gibt so viel Jazz wie nie zuvor. Aber der Markt ist klein. Jazzclubs und \u2013musiker m\u00fcssen sich das Publikum teilen, stehen in Konkurrenz und treiben teilweise in die Insolvenz. Die \u201eInitiative Musik\u201c des Bundes legte jetzt ein hochdotiertes Spielst\u00e4ttenf\u00f6rderungsprogramm auf. Was kommt davon aber bei den Musikern und Clubs wirklich an? Tropfen auf den hei\u00dfen Stein oder Impuls f\u00fcr ein neuerbl\u00fchendes Jazzleben in Deutschland? Dar\u00fcber diskutieren bei taktlos 170\u00a0 auf BR-Klassik Musiker, Clubbetreiber und F\u00f6rderer. G\u00e4ste sind Michael St\u00fcckl (1. Vorsitzender Unterfahrt, M\u00fcnchen), Monika Roscher (Musikerin, M\u00fcnchen), Oliver Hochkeppel (Journalist, SZ, JazzZeitung), Live-Musik: Duo Kreitmeier &amp; Zehrfeld. Weitere Informationen auf der Website von taktlos.","og_url":"https:\/\/www.jazzzeitung.de\/cms\/2013\/12\/radio-tipp-taktlos-jazz-prekaer\/","og_site_name":"JazzZeitung","article_publisher":"https:\/\/www.facebook.com\/JazzZeitung\/","article_published_time":"2013-12-04T12:23:00+00:00","article_modified_time":"2013-12-04T13:02:44+00:00","og_image":[{"url":"http:\/\/www.jazzzeitung.de\/cms\/wp-content\/uploads\/2013\/12\/taktlos-150x150.jpg","type":"","width":"","height":""}],"author":"Redaktion JazzZeitung","schema":{"@context":"https:\/\/schema.org","@graph":[{"@type":"Article","@id":"https:\/\/www.jazzzeitung.de\/cms\/2013\/12\/radio-tipp-taktlos-jazz-prekaer\/#article","isPartOf":{"@id":"https:\/\/www.jazzzeitung.de\/cms\/2013\/12\/radio-tipp-taktlos-jazz-prekaer\/"},"author":{"name":"Redaktion JazzZeitung","@id":"https:\/\/www.jazzzeitung.de\/cms\/#\/schema\/person\/2245b36b9cd1d24cea10f01c031fb92b"},"headline":"Radio-Tipp: taktlos &#8222;Jazz prek\u00e4r&#8220;","datePublished":"2013-12-04T12:23:00+00:00","dateModified":"2013-12-04T13:02:44+00:00","mainEntityOfPage":{"@id":"https:\/\/www.jazzzeitung.de\/cms\/2013\/12\/radio-tipp-taktlos-jazz-prekaer\/"},"wordCount":165,"commentCount":0,"publisher":{"@id":"https:\/\/www.jazzzeitung.de\/cms\/#organization"},"image":{"@id":"https:\/\/www.jazzzeitung.de\/cms\/2013\/12\/radio-tipp-taktlos-jazz-prekaer\/#primaryimage"},"thumbnailUrl":"http:\/\/www.jazzzeitung.de\/cms\/wp-content\/uploads\/2013\/12\/taktlos-150x150.jpg","keywords":["Br-Klassik","Clubs","das ist taktlos","Marlen Reichert","Monika Roscher","M\u00fcnchen","Radio","Radiosendung","Sendung","Theo Gei\u00dfler"],"articleSection":["News"],"inLanguage":"de","potentialAction":[{"@type":"CommentAction","name":"Comment","target":["https:\/\/www.jazzzeitung.de\/cms\/2013\/12\/radio-tipp-taktlos-jazz-prekaer\/#respond"]}]},{"@type":"WebPage","@id":"https:\/\/www.jazzzeitung.de\/cms\/2013\/12\/radio-tipp-taktlos-jazz-prekaer\/","url":"https:\/\/www.jazzzeitung.de\/cms\/2013\/12\/radio-tipp-taktlos-jazz-prekaer\/","name":"Radio-Tipp: taktlos \"Jazz prek\u00e4r\" - JazzZeitung","isPartOf":{"@id":"https:\/\/www.jazzzeitung.de\/cms\/#website"},"primaryImageOfPage":{"@id":"https:\/\/www.jazzzeitung.de\/cms\/2013\/12\/radio-tipp-taktlos-jazz-prekaer\/#primaryimage"},"image":{"@id":"https:\/\/www.jazzzeitung.de\/cms\/2013\/12\/radio-tipp-taktlos-jazz-prekaer\/#primaryimage"},"thumbnailUrl":"http:\/\/www.jazzzeitung.de\/cms\/wp-content\/uploads\/2013\/12\/taktlos-150x150.jpg","datePublished":"2013-12-04T12:23:00+00:00","dateModified":"2013-12-04T13:02:44+00:00","breadcrumb":{"@id":"https:\/\/www.jazzzeitung.de\/cms\/2013\/12\/radio-tipp-taktlos-jazz-prekaer\/#breadcrumb"},"inLanguage":"de","potentialAction":[{"@type":"ReadAction","target":["https:\/\/www.jazzzeitung.de\/cms\/2013\/12\/radio-tipp-taktlos-jazz-prekaer\/"]}]},{"@type":"ImageObject","inLanguage":"de","@id":"https:\/\/www.jazzzeitung.de\/cms\/2013\/12\/radio-tipp-taktlos-jazz-prekaer\/#primaryimage","url":"http:\/\/www.jazzzeitung.de\/cms\/wp-content\/uploads\/2013\/12\/taktlos-150x150.jpg","contentUrl":"http:\/\/www.jazzzeitung.de\/cms\/wp-content\/uploads\/2013\/12\/taktlos-150x150.jpg"},{"@type":"BreadcrumbList","@id":"https:\/\/www.jazzzeitung.de\/cms\/2013\/12\/radio-tipp-taktlos-jazz-prekaer\/#breadcrumb","itemListElement":[{"@type":"ListItem","position":1,"name":"Startseite","item":"https:\/\/www.jazzzeitung.de\/cms\/"},{"@type":"ListItem","position":2,"name":"Radio-Tipp: taktlos &#8222;Jazz prek\u00e4r&#8220;"}]},{"@type":"WebSite","@id":"https:\/\/www.jazzzeitung.de\/cms\/#website","url":"https:\/\/www.jazzzeitung.de\/cms\/","name":"JazzZeitung","description":"Jazz-News und Jazz-Kontroverses","publisher":{"@id":"https:\/\/www.jazzzeitung.de\/cms\/#organization"},"potentialAction":[{"@type":"SearchAction","target":{"@type":"EntryPoint","urlTemplate":"https:\/\/www.jazzzeitung.de\/cms\/?s={search_term_string}"},"query-input":{"@type":"PropertyValueSpecification","valueRequired":true,"valueName":"search_term_string"}}],"inLanguage":"de"},{"@type":"Organization","@id":"https:\/\/www.jazzzeitung.de\/cms\/#organization","name":"JazzZeitung online","url":"https:\/\/www.jazzzeitung.de\/cms\/","logo":{"@type":"ImageObject","inLanguage":"de","@id":"https:\/\/www.jazzzeitung.de\/cms\/#\/schema\/logo\/image\/","url":"https:\/\/i0.wp.com\/www.jazzzeitung.de\/cms\/wp-content\/uploads\/2015\/08\/JAZZZEITUNGDE_Logo_Neu.png?fit=499%2C200&ssl=1","contentUrl":"https:\/\/i0.wp.com\/www.jazzzeitung.de\/cms\/wp-content\/uploads\/2015\/08\/JAZZZEITUNGDE_Logo_Neu.png?fit=499%2C200&ssl=1","width":499,"height":200,"caption":"JazzZeitung online"},"image":{"@id":"https:\/\/www.jazzzeitung.de\/cms\/#\/schema\/logo\/image\/"},"sameAs":["https:\/\/www.facebook.com\/JazzZeitung\/"]},{"@type":"Person","@id":"https:\/\/www.jazzzeitung.de\/cms\/#\/schema\/person\/2245b36b9cd1d24cea10f01c031fb92b","name":"Redaktion JazzZeitung","image":{"@type":"ImageObject","inLanguage":"de","@id":"https:\/\/i0.wp.com\/www.jazzzeitung.de\/cms\/wp-content\/uploads\/2015\/08\/JAZZZEITUNGDE_Logo_Neu.png?resize=96%2C96&ssl=159975dcacb611b5700bd619b5daf0a7a","url":"https:\/\/i0.wp.com\/www.jazzzeitung.de\/cms\/wp-content\/uploads\/2015\/08\/JAZZZEITUNGDE_Logo_Neu.png?resize=96%2C96&ssl=1","contentUrl":"https:\/\/i0.wp.com\/www.jazzzeitung.de\/cms\/wp-content\/uploads\/2015\/08\/JAZZZEITUNGDE_Logo_Neu.png?resize=96%2C96&ssl=1","caption":"Redaktion JazzZeitung"},"description":"Artikel der Redaktion der JazzZeitung.","sameAs":["http:\/\/www.jazzzeitung.de\/cms\/"],"url":"https:\/\/www.jazzzeitung.de\/cms\/author\/redaktion\/"}]}},"wp-worthy-pixel":{"ignored":false,"public":null,"server":null,"url":null},"wp-worthy-type":"normal","jetpack_publicize_connections":[],"cc_featured_image_caption":{"caption_text":false,"source_text":false,"source_url":false},"jetpack_featured_media_url":"","jetpack_shortlink":"https:\/\/wp.me\/p3KEcT-NT","jetpack-related-posts":[{"id":3173,"url":"https:\/\/www.jazzzeitung.de\/cms\/2013\/12\/die-taktlos-nachrichten-vom-12-12\/","url_meta":{"origin":3093,"position":0},"title":"Die taktlos-Nachrichten vom 12.12.","author":"Redaktion JazzZeitung","date":"18. Dezember 2013","format":false,"excerpt":"Vergangenen Donnerstag widmete sich das musikmagazin taktlos der neuen musikzeitung und des Bayerischen Rundfunks dem Jazz. Unter dem Titel \"Jazz prek\u00e4r\" ging es eine Stunde lang um die Lebens- und \u00dcberlebensbedingungen der Musiker, Spielst\u00e4tten, Kritiker und des Publikums. Jetzt gibt es den Podcast zum Nachh\u00f6ren sowie ein paar Impressionen hier.\u2026","rel":"","context":"In &quot;Blog&quot;","block_context":{"text":"Blog","link":"https:\/\/www.jazzzeitung.de\/cms\/thema\/blog\/"},"img":{"alt_text":"taktlos","src":"https:\/\/i0.wp.com\/www.jazzzeitung.de\/cms\/wp-content\/uploads\/2013\/12\/taktlos1-150x150.jpg?resize=350%2C200","width":350,"height":200},"classes":[]},{"id":766,"url":"https:\/\/www.jazzzeitung.de\/cms\/2011\/02\/replik-auf-haendels-groll\/","url_meta":{"origin":3093,"position":1},"title":"Replik auf H\u00e4ndels Groll","author":"J\u00f6rg Lichtinger","date":"8. Februar 2011","format":false,"excerpt":"Lieber H\u00e4ndel, Mit Staunen erlebe ich, wie Sie aus einer wenig ernsthaften \u2013 weil glossistischen \u2013 publizistischen M\u00fccke einen schwergewichtigen \u2013 trotz Satirik \u2013 allzu staatstragenden Elefanten machen. Ich will nicht sagen aus einem kleinen Furz eine kapitale Bl\u00e4hung, denn immerhin tragen Ihre Ausf\u00fchrungen viel Erhellendes zu Halle und dem\u2026","rel":"","context":"In &quot;Blog&quot;","block_context":{"text":"Blog","link":"https:\/\/www.jazzzeitung.de\/cms\/thema\/blog\/"},"img":{"alt_text":"","src":"","width":0,"height":0},"classes":[]},{"id":31679,"url":"https:\/\/www.jazzzeitung.de\/cms\/2024\/09\/nach-dem-radiofestival-der-ard-listen-adapt-improve\/","url_meta":{"origin":3093,"position":2},"title":"Nach dem Radiofestival der ARD: \u201elisten, adapt &#038; improve\u201c","author":"Huflaikhan","date":"21. September 2024","format":false,"excerpt":"Nach dem Radiofestival der ARD: \u201elisten, adapt & improve\u201c \u2013 Bitte improven ARD, wenn ihr schon sonst euch eurer langerworbenen St\u00e4rken und eurer Jazzexpertise entledigt.","rel":"","context":"In &quot;Blog&quot;","block_context":{"text":"Blog","link":"https:\/\/www.jazzzeitung.de\/cms\/thema\/blog\/"},"img":{"alt_text":"Das ist eine Bratwurst. Foto: Hufner","src":"https:\/\/i0.wp.com\/www.jazzzeitung.de\/cms\/wp-content\/uploads\/2024\/04\/bananen-bratwurst.webp?fit=1200%2C750&ssl=1&resize=350%2C200","width":350,"height":200,"srcset":"https:\/\/i0.wp.com\/www.jazzzeitung.de\/cms\/wp-content\/uploads\/2024\/04\/bananen-bratwurst.webp?fit=1200%2C750&ssl=1&resize=350%2C200 1x, https:\/\/i0.wp.com\/www.jazzzeitung.de\/cms\/wp-content\/uploads\/2024\/04\/bananen-bratwurst.webp?fit=1200%2C750&ssl=1&resize=525%2C300 1.5x, https:\/\/i0.wp.com\/www.jazzzeitung.de\/cms\/wp-content\/uploads\/2024\/04\/bananen-bratwurst.webp?fit=1200%2C750&ssl=1&resize=700%2C400 2x, https:\/\/i0.wp.com\/www.jazzzeitung.de\/cms\/wp-content\/uploads\/2024\/04\/bananen-bratwurst.webp?fit=1200%2C750&ssl=1&resize=1050%2C600 3x"},"classes":[]},{"id":454,"url":"https:\/\/www.jazzzeitung.de\/cms\/2010\/10\/jazz-im-rundfunk-episode-i-der-br\/","url_meta":{"origin":3093,"position":3},"title":"Jazz im Rundfunk \u2013 Episode I: Der BR","author":"J\u00f6rg Lichtinger","date":"10. Oktober 2010","format":false,"excerpt":"Der Jazz beim Bayerischen Rundfunk hat eine lange Geschichte und reicht bis zur Zeit zur\u00fcck, als man noch als Radio M\u00fcnchen unter der \u00c4gide der Amerikaner sendete \u2013 Mitternacht in M\u00fcnchen hie\u00df die ber\u00fchmteste Sendung mit Jazz in dieser Zeit. Als Redakteure in der Abteilung \"Leichte Musik\", zu der der\u2026","rel":"","context":"In &quot;Blog&quot;","block_context":{"text":"Blog","link":"https:\/\/www.jazzzeitung.de\/cms\/thema\/blog\/"},"img":{"alt_text":"Jazztime \u2013 Die Jazzsendung beim BR.","src":"https:\/\/i0.wp.com\/www.jazzzeitung.de\/cms\/wp-content\/uploads\/2010\/10\/screenshot_jazztime-300x292.jpg?resize=350%2C200","width":350,"height":200},"classes":[]},{"id":336,"url":"https:\/\/www.jazzzeitung.de\/cms\/2010\/07\/werner-goetze-der-jazzmann-mit-der-pfeife\/","url_meta":{"origin":3093,"position":4},"title":"Werner G\u00f6tze \u2013 Der Jazzmann mit der Pfeife","author":"J\u00f6rg Lichtinger","date":"27. Juli 2010","format":false,"excerpt":"Bereits im Juni 2010 ist in M\u00fcnchen der ehemalige Rundfunkmoderator und -redakteur des Bayerischen Rundfunks Werner G\u00f6tze verstorben. Etwas versp\u00e4tet wollen wir an den Mann mit der Pfeife erinnern, der mit Sendungen wie \"Mitternacht in M\u00fcnchen\" und\u00a0 \"Jazz auf Reisen\" das Jazzbild der Nachkriegsgeneration mitgepr\u00e4gt hat. Ein Nachruf von Roland\u2026","rel":"","context":"In &quot;Blog&quot;","block_context":{"text":"Blog","link":"https:\/\/www.jazzzeitung.de\/cms\/thema\/blog\/"},"img":{"alt_text":"Jazzaufnahme im BR. Foto: BR, Historisches Archiv","src":"https:\/\/i0.wp.com\/www.jazzzeitung.de\/cms\/wp-content\/uploads\/2010\/07\/jazz-150x150.jpg?resize=350%2C200","width":350,"height":200},"classes":[]},{"id":14287,"url":"https:\/\/www.jazzzeitung.de\/cms\/2017\/11\/frueher-war-alles-besser-und-das-naechste-grosse-ding\/","url_meta":{"origin":3093,"position":5},"title":"Fr\u00fcher war alles besser!? Und das n\u00e4chste gro\u00dfe Ding?","author":"Huflaikhan","date":"16. November 2017","format":false,"excerpt":"Kommt immer auf das Thema und die Perspektive an. Und den Zeitpunkt der Frage: Besser als vor 100 Jahren, aber schlechter als vor 10 und in etwa gleich gut wie heute? Also: Vor 50 Jahren hat die nmz \u00fcber den Stand der Jazzausbildung in Deutschland berichtet. Das Wort f\u00fchrte der\u2026","rel":"","context":"In &quot;Blog&quot;","block_context":{"text":"Blog","link":"https:\/\/www.jazzzeitung.de\/cms\/thema\/blog\/"},"img":{"alt_text":"Manfred Schoof 2007. Foto: Martin Hufner","src":"https:\/\/i0.wp.com\/www.jazzzeitung.de\/cms\/wp-content\/uploads\/2017\/11\/schoof2007_c_hufner.jpg?fit=1200%2C801&ssl=1&resize=350%2C200","width":350,"height":200,"srcset":"https:\/\/i0.wp.com\/www.jazzzeitung.de\/cms\/wp-content\/uploads\/2017\/11\/schoof2007_c_hufner.jpg?fit=1200%2C801&ssl=1&resize=350%2C200 1x, https:\/\/i0.wp.com\/www.jazzzeitung.de\/cms\/wp-content\/uploads\/2017\/11\/schoof2007_c_hufner.jpg?fit=1200%2C801&ssl=1&resize=525%2C300 1.5x, https:\/\/i0.wp.com\/www.jazzzeitung.de\/cms\/wp-content\/uploads\/2017\/11\/schoof2007_c_hufner.jpg?fit=1200%2C801&ssl=1&resize=700%2C400 2x, https:\/\/i0.wp.com\/www.jazzzeitung.de\/cms\/wp-content\/uploads\/2017\/11\/schoof2007_c_hufner.jpg?fit=1200%2C801&ssl=1&resize=1050%2C600 3x"},"classes":[]}],"jetpack_sharing_enabled":true,"_links":{"self":[{"href":"https:\/\/www.jazzzeitung.de\/cms\/wp-json\/wp\/v2\/posts\/3093","targetHints":{"allow":["GET"]}}],"collection":[{"href":"https:\/\/www.jazzzeitung.de\/cms\/wp-json\/wp\/v2\/posts"}],"about":[{"href":"https:\/\/www.jazzzeitung.de\/cms\/wp-json\/wp\/v2\/types\/post"}],"author":[{"embeddable":true,"href":"https:\/\/www.jazzzeitung.de\/cms\/wp-json\/wp\/v2\/users\/18"}],"replies":[{"embeddable":true,"href":"https:\/\/www.jazzzeitung.de\/cms\/wp-json\/wp\/v2\/comments?post=3093"}],"version-history":[{"count":4,"href":"https:\/\/www.jazzzeitung.de\/cms\/wp-json\/wp\/v2\/posts\/3093\/revisions"}],"predecessor-version":[{"id":3098,"href":"https:\/\/www.jazzzeitung.de\/cms\/wp-json\/wp\/v2\/posts\/3093\/revisions\/3098"}],"wp:attachment":[{"href":"https:\/\/www.jazzzeitung.de\/cms\/wp-json\/wp\/v2\/media?parent=3093"}],"wp:term":[{"taxonomy":"category","embeddable":true,"href":"https:\/\/www.jazzzeitung.de\/cms\/wp-json\/wp\/v2\/categories?post=3093"},{"taxonomy":"post_tag","embeddable":true,"href":"https:\/\/www.jazzzeitung.de\/cms\/wp-json\/wp\/v2\/tags?post=3093"},{"taxonomy":"author","embeddable":true,"href":"https:\/\/www.jazzzeitung.de\/cms\/wp-json\/wp\/v2\/coauthors?post=3093"}],"curies":[{"name":"wp","href":"https:\/\/api.w.org\/{rel}","templated":true}]}}