{"id":30871,"date":"2024-04-17T15:30:21","date_gmt":"2024-04-17T13:30:21","guid":{"rendered":"https:\/\/www.jazzzeitung.de\/cms\/?p=30871"},"modified":"2024-04-17T15:30:21","modified_gmt":"2024-04-17T13:30:21","slug":"jazzahead-mit-zwei-ausrufezeichen","status":"publish","type":"post","link":"https:\/\/www.jazzzeitung.de\/cms\/2024\/04\/jazzahead-mit-zwei-ausrufezeichen\/","title":{"rendered":"Jazzahead! mit zwei Ausrufezeichen"},"content":{"rendered":"<p>\u201eHinter diese jazzahead! wollten wir\u00a0<b>zwei<\/b>\u00a0Ausrufezeichen setzen&#8220;, sagt Sybille Kornitschky, Leiterin der jazzahead! in Anspielung auf die beiden gro\u00dfen Themen der diesj\u00e4hrigen Ausgabe: Neben dem\u00a0<b>Partnerland Niederlande<\/b>, das sich sowohl auf der Messe als auch im musikalischen Programm von seiner besten Seite zeigte, stand auch der\u00a0<b>Jazz aus Afrika<\/b> in diesem Jahr im Mittelpunkt.<\/p>\n<p>&nbsp;<\/p>\n<p><img data-recalc-dims=\"1\" loading=\"lazy\" decoding=\"async\" data-attachment-id=\"30880\" data-permalink=\"https:\/\/www.jazzzeitung.de\/cms\/2024\/04\/jazzahead-mit-zwei-ausrufezeichen\/tineke-postma\/\" data-orig-file=\"https:\/\/i0.wp.com\/www.jazzzeitung.de\/cms\/wp-content\/uploads\/2024\/04\/Tineke-Postma-scaled.jpg?fit=1920%2C2560&amp;ssl=1\" data-orig-size=\"1920,2560\" data-comments-opened=\"1\" data-image-meta=\"{&quot;aperture&quot;:&quot;0&quot;,&quot;credit&quot;:&quot;&quot;,&quot;camera&quot;:&quot;&quot;,&quot;caption&quot;:&quot;&quot;,&quot;created_timestamp&quot;:&quot;0&quot;,&quot;copyright&quot;:&quot;&quot;,&quot;focal_length&quot;:&quot;0&quot;,&quot;iso&quot;:&quot;0&quot;,&quot;shutter_speed&quot;:&quot;0&quot;,&quot;title&quot;:&quot;&quot;,&quot;orientation&quot;:&quot;1&quot;}\" data-image-title=\"Tineke Postma. Foto: Stefan Pieper\" data-image-description=\"\" data-image-caption=\"\" data-large-file=\"https:\/\/i0.wp.com\/www.jazzzeitung.de\/cms\/wp-content\/uploads\/2024\/04\/Tineke-Postma-scaled.jpg?fit=450%2C600&amp;ssl=1\" class=\"alignleft size-medium wp-image-30880\" src=\"https:\/\/i0.wp.com\/www.jazzzeitung.de\/cms\/wp-content\/uploads\/2024\/04\/Tineke-Postma.jpg?resize=225%2C300&#038;ssl=1\" alt=\"\" width=\"225\" height=\"300\" srcset=\"https:\/\/i0.wp.com\/www.jazzzeitung.de\/cms\/wp-content\/uploads\/2024\/04\/Tineke-Postma-scaled.jpg?resize=225%2C300&amp;ssl=1 225w, https:\/\/i0.wp.com\/www.jazzzeitung.de\/cms\/wp-content\/uploads\/2024\/04\/Tineke-Postma-scaled.jpg?resize=450%2C600&amp;ssl=1 450w, https:\/\/i0.wp.com\/www.jazzzeitung.de\/cms\/wp-content\/uploads\/2024\/04\/Tineke-Postma-scaled.jpg?resize=768%2C1024&amp;ssl=1 768w, https:\/\/i0.wp.com\/www.jazzzeitung.de\/cms\/wp-content\/uploads\/2024\/04\/Tineke-Postma-scaled.jpg?resize=1152%2C1536&amp;ssl=1 1152w, https:\/\/i0.wp.com\/www.jazzzeitung.de\/cms\/wp-content\/uploads\/2024\/04\/Tineke-Postma-scaled.jpg?resize=1536%2C2048&amp;ssl=1 1536w, https:\/\/i0.wp.com\/www.jazzzeitung.de\/cms\/wp-content\/uploads\/2024\/04\/Tineke-Postma-scaled.jpg?resize=1320%2C1760&amp;ssl=1 1320w, https:\/\/i0.wp.com\/www.jazzzeitung.de\/cms\/wp-content\/uploads\/2024\/04\/Tineke-Postma-scaled.jpg?w=1920&amp;ssl=1 1920w, https:\/\/i0.wp.com\/www.jazzzeitung.de\/cms\/wp-content\/uploads\/2024\/04\/Tineke-Postma-scaled.jpg?w=1680&amp;ssl=1 1680w\" sizes=\"auto, (max-width: 225px) 100vw, 225px\" \/><\/p>\n<h4><b>Tineke Postma Aria Group<\/b><\/h4>\n<p>Tineke Postma, eine der herausragenden Pers\u00f6nlichkeiten der lebendigen niederl\u00e4ndischen Musikszene, ist vor allem auch eine einf\u00fchlsame Zuh\u00f6rerin. Solche Qualit\u00e4ten offenbarte ein Showcase-Konzert mit ihrem aktuellen Trio, auch Aria Group genannt. Gemeinsam mit Robert Landfermann am Bass und Tristan Renfrow am Schlagzeug entf\u00fchrte sie das Publikum auf eine modale Klangreise voller klanglicher Innovation und emotionaler Tiefe. Es ist nachvollziehbar, warum schon Wayne Shorter voll des Lobes \u00fcber die talentierte Niederl\u00e4nderin war, sieht er doch gewisserma\u00dfen hier ein Erbe zeitloser Innovation weiter gepflegt. Erfreulich genug ist es, dass durch die Beteiligung des K\u00f6lner Bassisten Robert Landfermann auch eine k\u00fcnstlerische Verbindung zum niederl\u00e4ndischen Nachbarland lang gelebt wird \u2013 solche grenz\u00fcbergreifenden Kooperationen auszubauen, ist ja auch Anliegen der jazzahead.<\/p>\n<p><img data-recalc-dims=\"1\" loading=\"lazy\" decoding=\"async\" data-attachment-id=\"30875\" data-permalink=\"https:\/\/www.jazzzeitung.de\/cms\/2024\/04\/jazzahead-mit-zwei-ausrufezeichen\/dz-ob\/\" data-orig-file=\"https:\/\/i0.wp.com\/www.jazzzeitung.de\/cms\/wp-content\/uploads\/2024\/04\/DZ-OB.jpg?fit=2000%2C1500&amp;ssl=1\" data-orig-size=\"2000,1500\" data-comments-opened=\"1\" data-image-meta=\"{&quot;aperture&quot;:&quot;0&quot;,&quot;credit&quot;:&quot;&quot;,&quot;camera&quot;:&quot;&quot;,&quot;caption&quot;:&quot;&quot;,&quot;created_timestamp&quot;:&quot;0&quot;,&quot;copyright&quot;:&quot;&quot;,&quot;focal_length&quot;:&quot;0&quot;,&quot;iso&quot;:&quot;0&quot;,&quot;shutter_speed&quot;:&quot;0&quot;,&quot;title&quot;:&quot;&quot;,&quot;orientation&quot;:&quot;1&quot;}\" data-image-title=\"DZ OB. Foto: Stefan Pieper\" data-image-description=\"\" data-image-caption=\"\" data-large-file=\"https:\/\/i0.wp.com\/www.jazzzeitung.de\/cms\/wp-content\/uploads\/2024\/04\/DZ-OB.jpg?fit=800%2C600&amp;ssl=1\" class=\"alignleft size-medium wp-image-30875\" src=\"https:\/\/i0.wp.com\/www.jazzzeitung.de\/cms\/wp-content\/uploads\/2024\/04\/DZ-OB.jpg?resize=300%2C225&#038;ssl=1\" alt=\"\" width=\"300\" height=\"225\" srcset=\"https:\/\/i0.wp.com\/www.jazzzeitung.de\/cms\/wp-content\/uploads\/2024\/04\/DZ-OB.jpg?resize=300%2C225&amp;ssl=1 300w, https:\/\/i0.wp.com\/www.jazzzeitung.de\/cms\/wp-content\/uploads\/2024\/04\/DZ-OB.jpg?resize=800%2C600&amp;ssl=1 800w, https:\/\/i0.wp.com\/www.jazzzeitung.de\/cms\/wp-content\/uploads\/2024\/04\/DZ-OB.jpg?resize=768%2C576&amp;ssl=1 768w, https:\/\/i0.wp.com\/www.jazzzeitung.de\/cms\/wp-content\/uploads\/2024\/04\/DZ-OB.jpg?resize=1536%2C1152&amp;ssl=1 1536w, https:\/\/i0.wp.com\/www.jazzzeitung.de\/cms\/wp-content\/uploads\/2024\/04\/DZ-OB.jpg?resize=1320%2C990&amp;ssl=1 1320w, https:\/\/i0.wp.com\/www.jazzzeitung.de\/cms\/wp-content\/uploads\/2024\/04\/DZ-OB.jpg?w=2000&amp;ssl=1 2000w, https:\/\/i0.wp.com\/www.jazzzeitung.de\/cms\/wp-content\/uploads\/2024\/04\/DZ-OB.jpg?w=1680&amp;ssl=1 1680w\" sizes=\"auto, (max-width: 300px) 100vw, 300px\" \/><\/p>\n<h4>DZ&#8217;OB (UA)<\/h4>\n<p>Die Ukraine verf\u00fcgt nicht nur \u00fcber eine verschwenderische F\u00fclle hochtalentierter, bestens ausgebildeter Musikerinnen und Musiker; ihre eigene Musikszene zeigt auch in puncto Kreativ\u00e4t dem Rest der Welt, wo es langgeht. Eine definitive Neuentdeckung der jazzahead markiert die elektroakustische Band DZ&#8217;OB aus Dnipro. Eine feine, gestenreiche Kammermusik von Oboe, Klarinette und Fagott auf der einen und zwei Streichern auf der anderen Seite wird durch eine coolen Beat getaktet durch Schlagzeuger und subtile Elektronik \u2013 heraus kam musikalische Relevanz, die vom Kammermusiksaal bis hin zu jedem Club anschlussf\u00e4hig ist. Keine Frage, dass Konzerth\u00e4user und Clubs in Kiew und anderswo auch in Kriegszeiten offen sind. Den begeisterten Applaus beantworteten Vasyl Starshynov (Oboe), Oleksii Starshynov (Fagott), Iryna Li (Violine), Oleksii Badin (Klarinette, Elektronik) und Andrii Yarovyi (Schlagzeug) durch das Hissen der ukrainischen Flagge. Kultur als Statement, aber eben auch auf maximalem Innovationsniveau!<\/p>\n<p><img data-recalc-dims=\"1\" loading=\"lazy\" decoding=\"async\" data-attachment-id=\"30873\" data-permalink=\"https:\/\/www.jazzzeitung.de\/cms\/2024\/04\/jazzahead-mit-zwei-ausrufezeichen\/alexandra-ivanova\/\" data-orig-file=\"https:\/\/i0.wp.com\/www.jazzzeitung.de\/cms\/wp-content\/uploads\/2024\/04\/Alexandra-Ivanova.jpg?fit=2000%2C1500&amp;ssl=1\" data-orig-size=\"2000,1500\" data-comments-opened=\"1\" data-image-meta=\"{&quot;aperture&quot;:&quot;0&quot;,&quot;credit&quot;:&quot;&quot;,&quot;camera&quot;:&quot;&quot;,&quot;caption&quot;:&quot;&quot;,&quot;created_timestamp&quot;:&quot;0&quot;,&quot;copyright&quot;:&quot;&quot;,&quot;focal_length&quot;:&quot;0&quot;,&quot;iso&quot;:&quot;0&quot;,&quot;shutter_speed&quot;:&quot;0&quot;,&quot;title&quot;:&quot;&quot;,&quot;orientation&quot;:&quot;1&quot;}\" data-image-title=\"Alexandra Ivanova\" data-image-description=\"\" data-image-caption=\"\" data-large-file=\"https:\/\/i0.wp.com\/www.jazzzeitung.de\/cms\/wp-content\/uploads\/2024\/04\/Alexandra-Ivanova.jpg?fit=800%2C600&amp;ssl=1\" class=\"alignleft size-medium wp-image-30873\" src=\"https:\/\/i0.wp.com\/www.jazzzeitung.de\/cms\/wp-content\/uploads\/2024\/04\/Alexandra-Ivanova.jpg?resize=300%2C225&#038;ssl=1\" alt=\"\" width=\"300\" height=\"225\" srcset=\"https:\/\/i0.wp.com\/www.jazzzeitung.de\/cms\/wp-content\/uploads\/2024\/04\/Alexandra-Ivanova.jpg?resize=300%2C225&amp;ssl=1 300w, https:\/\/i0.wp.com\/www.jazzzeitung.de\/cms\/wp-content\/uploads\/2024\/04\/Alexandra-Ivanova.jpg?resize=800%2C600&amp;ssl=1 800w, https:\/\/i0.wp.com\/www.jazzzeitung.de\/cms\/wp-content\/uploads\/2024\/04\/Alexandra-Ivanova.jpg?resize=768%2C576&amp;ssl=1 768w, https:\/\/i0.wp.com\/www.jazzzeitung.de\/cms\/wp-content\/uploads\/2024\/04\/Alexandra-Ivanova.jpg?resize=1536%2C1152&amp;ssl=1 1536w, https:\/\/i0.wp.com\/www.jazzzeitung.de\/cms\/wp-content\/uploads\/2024\/04\/Alexandra-Ivanova.jpg?resize=1320%2C990&amp;ssl=1 1320w, https:\/\/i0.wp.com\/www.jazzzeitung.de\/cms\/wp-content\/uploads\/2024\/04\/Alexandra-Ivanova.jpg?w=2000&amp;ssl=1 2000w, https:\/\/i0.wp.com\/www.jazzzeitung.de\/cms\/wp-content\/uploads\/2024\/04\/Alexandra-Ivanova.jpg?w=1680&amp;ssl=1 1680w\" sizes=\"auto, (max-width: 300px) 100vw, 300px\" \/> <img data-recalc-dims=\"1\" loading=\"lazy\" decoding=\"async\" data-attachment-id=\"30872\" data-permalink=\"https:\/\/www.jazzzeitung.de\/cms\/2024\/04\/jazzahead-mit-zwei-ausrufezeichen\/alexandr-ivanova\/\" data-orig-file=\"https:\/\/i0.wp.com\/www.jazzzeitung.de\/cms\/wp-content\/uploads\/2024\/04\/Alexandr.-Ivanova-scaled.jpg?fit=1920%2C2560&amp;ssl=1\" data-orig-size=\"1920,2560\" data-comments-opened=\"1\" data-image-meta=\"{&quot;aperture&quot;:&quot;0&quot;,&quot;credit&quot;:&quot;&quot;,&quot;camera&quot;:&quot;&quot;,&quot;caption&quot;:&quot;&quot;,&quot;created_timestamp&quot;:&quot;0&quot;,&quot;copyright&quot;:&quot;&quot;,&quot;focal_length&quot;:&quot;0&quot;,&quot;iso&quot;:&quot;0&quot;,&quot;shutter_speed&quot;:&quot;0&quot;,&quot;title&quot;:&quot;&quot;,&quot;orientation&quot;:&quot;1&quot;}\" data-image-title=\"Alexandr. Ivanova. Foto: Stefan Pieper\" data-image-description=\"\" data-image-caption=\"\" data-large-file=\"https:\/\/i0.wp.com\/www.jazzzeitung.de\/cms\/wp-content\/uploads\/2024\/04\/Alexandr.-Ivanova-scaled.jpg?fit=450%2C600&amp;ssl=1\" class=\"alignleft size-medium wp-image-30872\" src=\"https:\/\/i0.wp.com\/www.jazzzeitung.de\/cms\/wp-content\/uploads\/2024\/04\/Alexandr.-Ivanova.jpg?resize=225%2C300&#038;ssl=1\" alt=\"\" width=\"225\" height=\"300\" srcset=\"https:\/\/i0.wp.com\/www.jazzzeitung.de\/cms\/wp-content\/uploads\/2024\/04\/Alexandr.-Ivanova-scaled.jpg?resize=225%2C300&amp;ssl=1 225w, https:\/\/i0.wp.com\/www.jazzzeitung.de\/cms\/wp-content\/uploads\/2024\/04\/Alexandr.-Ivanova-scaled.jpg?resize=450%2C600&amp;ssl=1 450w, https:\/\/i0.wp.com\/www.jazzzeitung.de\/cms\/wp-content\/uploads\/2024\/04\/Alexandr.-Ivanova-scaled.jpg?resize=768%2C1024&amp;ssl=1 768w, https:\/\/i0.wp.com\/www.jazzzeitung.de\/cms\/wp-content\/uploads\/2024\/04\/Alexandr.-Ivanova-scaled.jpg?resize=1152%2C1536&amp;ssl=1 1152w, https:\/\/i0.wp.com\/www.jazzzeitung.de\/cms\/wp-content\/uploads\/2024\/04\/Alexandr.-Ivanova-scaled.jpg?resize=1536%2C2048&amp;ssl=1 1536w, https:\/\/i0.wp.com\/www.jazzzeitung.de\/cms\/wp-content\/uploads\/2024\/04\/Alexandr.-Ivanova-scaled.jpg?resize=1320%2C1760&amp;ssl=1 1320w, https:\/\/i0.wp.com\/www.jazzzeitung.de\/cms\/wp-content\/uploads\/2024\/04\/Alexandr.-Ivanova-scaled.jpg?w=1920&amp;ssl=1 1920w, https:\/\/i0.wp.com\/www.jazzzeitung.de\/cms\/wp-content\/uploads\/2024\/04\/Alexandr.-Ivanova-scaled.jpg?w=1680&amp;ssl=1 1680w\" sizes=\"auto, (max-width: 225px) 100vw, 225px\" \/><\/p>\n<h4><b>Alexandra Ivanova Trio<\/b><\/h4>\n<p>Klassische Jazzformate werden durch eine junge Musiker*innen-Generation auf der H\u00f6he der Zeit gehalten und mischen sich dabei auch gesellschaftlich ein. Ein frisches Klaviertrio um die bulgarisch-\u00f6sterreichische Pianistin und Komponistin Alexandra Ivanova begeisterte mit einer fesselnden Performance, die auch kulturpolitisch einiges zu sagen hatte. Mit beeindruckender Gewandtheit \u00f6ffnete Alexandra Ivanovas Trio alle T\u00fcren zwischen Jazz, nah\u00f6stlichen Maqam-basierten Traditionen und auch afro-kubanischen Rhythmen. Einen hervorragenden Job machten dabei auch Nilas Lukassen (Bass) und Nathan Ott (Schlagzeug). Leichtf\u00fc\u00dfiger kann man den eurozentrischen Kanon in der Musik wohl kaum hinterfragen. Auch verbal zeigte sich Alexandra Ivanova als kraftvolle Performerin, wenn sie phasenweise in engagierter spoken-word-poetry programmatische Appelle zur Toleranz zwischen Kulturen und Geschlechtern vortrug.<\/p>\n<p><img data-recalc-dims=\"1\" loading=\"lazy\" decoding=\"async\" data-attachment-id=\"30878\" data-permalink=\"https:\/\/www.jazzzeitung.de\/cms\/2024\/04\/jazzahead-mit-zwei-ausrufezeichen\/leila-martial-3\/\" data-orig-file=\"https:\/\/i0.wp.com\/www.jazzzeitung.de\/cms\/wp-content\/uploads\/2024\/04\/Leila-Martial-2.jpg?fit=2000%2C1500&amp;ssl=1\" data-orig-size=\"2000,1500\" data-comments-opened=\"1\" data-image-meta=\"{&quot;aperture&quot;:&quot;0&quot;,&quot;credit&quot;:&quot;&quot;,&quot;camera&quot;:&quot;&quot;,&quot;caption&quot;:&quot;&quot;,&quot;created_timestamp&quot;:&quot;0&quot;,&quot;copyright&quot;:&quot;&quot;,&quot;focal_length&quot;:&quot;0&quot;,&quot;iso&quot;:&quot;0&quot;,&quot;shutter_speed&quot;:&quot;0&quot;,&quot;title&quot;:&quot;&quot;,&quot;orientation&quot;:&quot;1&quot;}\" data-image-title=\"Leila Martial. Foto: Stefan Pieper\" data-image-description=\"\" data-image-caption=\"\" data-large-file=\"https:\/\/i0.wp.com\/www.jazzzeitung.de\/cms\/wp-content\/uploads\/2024\/04\/Leila-Martial-2.jpg?fit=800%2C600&amp;ssl=1\" class=\"alignleft size-medium wp-image-30878\" src=\"https:\/\/i0.wp.com\/www.jazzzeitung.de\/cms\/wp-content\/uploads\/2024\/04\/Leila-Martial-2.jpg?resize=300%2C225&#038;ssl=1\" alt=\"\" width=\"300\" height=\"225\" srcset=\"https:\/\/i0.wp.com\/www.jazzzeitung.de\/cms\/wp-content\/uploads\/2024\/04\/Leila-Martial-2.jpg?resize=300%2C225&amp;ssl=1 300w, https:\/\/i0.wp.com\/www.jazzzeitung.de\/cms\/wp-content\/uploads\/2024\/04\/Leila-Martial-2.jpg?resize=800%2C600&amp;ssl=1 800w, https:\/\/i0.wp.com\/www.jazzzeitung.de\/cms\/wp-content\/uploads\/2024\/04\/Leila-Martial-2.jpg?resize=768%2C576&amp;ssl=1 768w, https:\/\/i0.wp.com\/www.jazzzeitung.de\/cms\/wp-content\/uploads\/2024\/04\/Leila-Martial-2.jpg?resize=1536%2C1152&amp;ssl=1 1536w, https:\/\/i0.wp.com\/www.jazzzeitung.de\/cms\/wp-content\/uploads\/2024\/04\/Leila-Martial-2.jpg?resize=1320%2C990&amp;ssl=1 1320w, https:\/\/i0.wp.com\/www.jazzzeitung.de\/cms\/wp-content\/uploads\/2024\/04\/Leila-Martial-2.jpg?w=2000&amp;ssl=1 2000w, https:\/\/i0.wp.com\/www.jazzzeitung.de\/cms\/wp-content\/uploads\/2024\/04\/Leila-Martial-2.jpg?w=1680&amp;ssl=1 1680w\" sizes=\"auto, (max-width: 300px) 100vw, 300px\" \/> <img data-recalc-dims=\"1\" loading=\"lazy\" decoding=\"async\" data-attachment-id=\"30877\" data-permalink=\"https:\/\/www.jazzzeitung.de\/cms\/2024\/04\/jazzahead-mit-zwei-ausrufezeichen\/leila-martial-2\/\" data-orig-file=\"https:\/\/i0.wp.com\/www.jazzzeitung.de\/cms\/wp-content\/uploads\/2024\/04\/Leila-Martial-1.jpg?fit=2000%2C1500&amp;ssl=1\" data-orig-size=\"2000,1500\" data-comments-opened=\"1\" data-image-meta=\"{&quot;aperture&quot;:&quot;0&quot;,&quot;credit&quot;:&quot;&quot;,&quot;camera&quot;:&quot;&quot;,&quot;caption&quot;:&quot;&quot;,&quot;created_timestamp&quot;:&quot;0&quot;,&quot;copyright&quot;:&quot;&quot;,&quot;focal_length&quot;:&quot;0&quot;,&quot;iso&quot;:&quot;0&quot;,&quot;shutter_speed&quot;:&quot;0&quot;,&quot;title&quot;:&quot;&quot;,&quot;orientation&quot;:&quot;1&quot;}\" data-image-title=\"Leila Martial. Foto: Stefan Pieper\" data-image-description=\"\" data-image-caption=\"\" data-large-file=\"https:\/\/i0.wp.com\/www.jazzzeitung.de\/cms\/wp-content\/uploads\/2024\/04\/Leila-Martial-1.jpg?fit=800%2C600&amp;ssl=1\" class=\"alignleft size-medium wp-image-30877\" src=\"https:\/\/i0.wp.com\/www.jazzzeitung.de\/cms\/wp-content\/uploads\/2024\/04\/Leila-Martial-1.jpg?resize=300%2C225&#038;ssl=1\" alt=\"\" width=\"300\" height=\"225\" srcset=\"https:\/\/i0.wp.com\/www.jazzzeitung.de\/cms\/wp-content\/uploads\/2024\/04\/Leila-Martial-1.jpg?resize=300%2C225&amp;ssl=1 300w, https:\/\/i0.wp.com\/www.jazzzeitung.de\/cms\/wp-content\/uploads\/2024\/04\/Leila-Martial-1.jpg?resize=800%2C600&amp;ssl=1 800w, https:\/\/i0.wp.com\/www.jazzzeitung.de\/cms\/wp-content\/uploads\/2024\/04\/Leila-Martial-1.jpg?resize=768%2C576&amp;ssl=1 768w, https:\/\/i0.wp.com\/www.jazzzeitung.de\/cms\/wp-content\/uploads\/2024\/04\/Leila-Martial-1.jpg?resize=1536%2C1152&amp;ssl=1 1536w, https:\/\/i0.wp.com\/www.jazzzeitung.de\/cms\/wp-content\/uploads\/2024\/04\/Leila-Martial-1.jpg?resize=1320%2C990&amp;ssl=1 1320w, https:\/\/i0.wp.com\/www.jazzzeitung.de\/cms\/wp-content\/uploads\/2024\/04\/Leila-Martial-1.jpg?w=2000&amp;ssl=1 2000w, https:\/\/i0.wp.com\/www.jazzzeitung.de\/cms\/wp-content\/uploads\/2024\/04\/Leila-Martial-1.jpg?w=1680&amp;ssl=1 1680w\" sizes=\"auto, (max-width: 300px) 100vw, 300px\" \/> <img data-recalc-dims=\"1\" loading=\"lazy\" decoding=\"async\" data-attachment-id=\"30876\" data-permalink=\"https:\/\/www.jazzzeitung.de\/cms\/2024\/04\/jazzahead-mit-zwei-ausrufezeichen\/leila-martial\/\" data-orig-file=\"https:\/\/i0.wp.com\/www.jazzzeitung.de\/cms\/wp-content\/uploads\/2024\/04\/Leila-Martial.jpg?fit=2000%2C1500&amp;ssl=1\" data-orig-size=\"2000,1500\" data-comments-opened=\"1\" data-image-meta=\"{&quot;aperture&quot;:&quot;0&quot;,&quot;credit&quot;:&quot;&quot;,&quot;camera&quot;:&quot;&quot;,&quot;caption&quot;:&quot;&quot;,&quot;created_timestamp&quot;:&quot;0&quot;,&quot;copyright&quot;:&quot;&quot;,&quot;focal_length&quot;:&quot;0&quot;,&quot;iso&quot;:&quot;0&quot;,&quot;shutter_speed&quot;:&quot;0&quot;,&quot;title&quot;:&quot;&quot;,&quot;orientation&quot;:&quot;1&quot;}\" data-image-title=\"Leila Martial. Foto Stefan Pieper\" data-image-description=\"\" data-image-caption=\"\" data-large-file=\"https:\/\/i0.wp.com\/www.jazzzeitung.de\/cms\/wp-content\/uploads\/2024\/04\/Leila-Martial.jpg?fit=800%2C600&amp;ssl=1\" class=\"alignleft size-medium wp-image-30876\" src=\"https:\/\/i0.wp.com\/www.jazzzeitung.de\/cms\/wp-content\/uploads\/2024\/04\/Leila-Martial.jpg?resize=300%2C225&#038;ssl=1\" alt=\"\" width=\"300\" height=\"225\" srcset=\"https:\/\/i0.wp.com\/www.jazzzeitung.de\/cms\/wp-content\/uploads\/2024\/04\/Leila-Martial.jpg?resize=300%2C225&amp;ssl=1 300w, https:\/\/i0.wp.com\/www.jazzzeitung.de\/cms\/wp-content\/uploads\/2024\/04\/Leila-Martial.jpg?resize=800%2C600&amp;ssl=1 800w, https:\/\/i0.wp.com\/www.jazzzeitung.de\/cms\/wp-content\/uploads\/2024\/04\/Leila-Martial.jpg?resize=768%2C576&amp;ssl=1 768w, https:\/\/i0.wp.com\/www.jazzzeitung.de\/cms\/wp-content\/uploads\/2024\/04\/Leila-Martial.jpg?resize=1536%2C1152&amp;ssl=1 1536w, https:\/\/i0.wp.com\/www.jazzzeitung.de\/cms\/wp-content\/uploads\/2024\/04\/Leila-Martial.jpg?resize=1320%2C990&amp;ssl=1 1320w, https:\/\/i0.wp.com\/www.jazzzeitung.de\/cms\/wp-content\/uploads\/2024\/04\/Leila-Martial.jpg?w=2000&amp;ssl=1 2000w, https:\/\/i0.wp.com\/www.jazzzeitung.de\/cms\/wp-content\/uploads\/2024\/04\/Leila-Martial.jpg?w=1680&amp;ssl=1 1680w\" sizes=\"auto, (max-width: 300px) 100vw, 300px\" \/><\/p>\n<h4><b>Le\u00efla Martial &amp; Valentin Ceccaldi<\/b><\/h4>\n<p>Ein Duo, das bereit ist, an die Grenzen zu gehen, fand in der konzentrierten Atmosph\u00e4re des, wie immer, gut gef\u00fcllten Schlachthofs ideale Bedingungen. Schon wie zu Anfang die wachsende Erregung in Le\u00efla Martials Stimme von Valentin Ceccaldis Cello-Tremoli beantwortet wurde, markierte gro\u00dfartiges H\u00f6rkino. Das franz\u00f6sische Duo sch\u00f6pfte noch nicht einmal die zur Verf\u00fcgung stehenden 30 Minuten aus, um in einem schillernden, zuweilen bizarren, dann wieder traumverlorenen Kosmos zwischen freier Improvisation, Chansons und imagin\u00e4rem Musiktheater Berge zu versetzen \u2013 kein Wunder, wenn Hieronymus Bosch surreal-religi\u00f6ses Gem\u00e4lde vom Garten der L\u00fcste f\u00fcr das aktuelle Programm von Le\u00efla Martial &amp; Valentin Ceccaldi Pate stand.<\/p>\n<p><img data-recalc-dims=\"1\" loading=\"lazy\" decoding=\"async\" data-attachment-id=\"30879\" data-permalink=\"https:\/\/www.jazzzeitung.de\/cms\/2024\/04\/jazzahead-mit-zwei-ausrufezeichen\/raw-fish\/\" data-orig-file=\"https:\/\/i0.wp.com\/www.jazzzeitung.de\/cms\/wp-content\/uploads\/2024\/04\/Raw-Fish.jpg?fit=2000%2C1500&amp;ssl=1\" data-orig-size=\"2000,1500\" data-comments-opened=\"1\" data-image-meta=\"{&quot;aperture&quot;:&quot;0&quot;,&quot;credit&quot;:&quot;&quot;,&quot;camera&quot;:&quot;&quot;,&quot;caption&quot;:&quot;&quot;,&quot;created_timestamp&quot;:&quot;0&quot;,&quot;copyright&quot;:&quot;&quot;,&quot;focal_length&quot;:&quot;0&quot;,&quot;iso&quot;:&quot;0&quot;,&quot;shutter_speed&quot;:&quot;0&quot;,&quot;title&quot;:&quot;&quot;,&quot;orientation&quot;:&quot;1&quot;}\" data-image-title=\"Raw Fish. Foto: Stefan Pieper\" data-image-description=\"\" data-image-caption=\"\" data-large-file=\"https:\/\/i0.wp.com\/www.jazzzeitung.de\/cms\/wp-content\/uploads\/2024\/04\/Raw-Fish.jpg?fit=800%2C600&amp;ssl=1\" class=\"alignleft size-medium wp-image-30879\" src=\"https:\/\/i0.wp.com\/www.jazzzeitung.de\/cms\/wp-content\/uploads\/2024\/04\/Raw-Fish.jpg?resize=300%2C225&#038;ssl=1\" alt=\"\" width=\"300\" height=\"225\" srcset=\"https:\/\/i0.wp.com\/www.jazzzeitung.de\/cms\/wp-content\/uploads\/2024\/04\/Raw-Fish.jpg?resize=300%2C225&amp;ssl=1 300w, https:\/\/i0.wp.com\/www.jazzzeitung.de\/cms\/wp-content\/uploads\/2024\/04\/Raw-Fish.jpg?resize=800%2C600&amp;ssl=1 800w, https:\/\/i0.wp.com\/www.jazzzeitung.de\/cms\/wp-content\/uploads\/2024\/04\/Raw-Fish.jpg?resize=768%2C576&amp;ssl=1 768w, https:\/\/i0.wp.com\/www.jazzzeitung.de\/cms\/wp-content\/uploads\/2024\/04\/Raw-Fish.jpg?resize=1536%2C1152&amp;ssl=1 1536w, https:\/\/i0.wp.com\/www.jazzzeitung.de\/cms\/wp-content\/uploads\/2024\/04\/Raw-Fish.jpg?resize=1320%2C990&amp;ssl=1 1320w, https:\/\/i0.wp.com\/www.jazzzeitung.de\/cms\/wp-content\/uploads\/2024\/04\/Raw-Fish.jpg?w=2000&amp;ssl=1 2000w, https:\/\/i0.wp.com\/www.jazzzeitung.de\/cms\/wp-content\/uploads\/2024\/04\/Raw-Fish.jpg?w=1680&amp;ssl=1 1680w\" sizes=\"auto, (max-width: 300px) 100vw, 300px\" \/><\/p>\n<h4><b>Raw Fish (NL)<\/b><\/h4>\n<p>Noch einmal neue Kl\u00e4nge aus den Niederlanden \u2013 und noch einmal eine Formation, die eben nicht nur von dort, sondern auch aus D\u00e4nemark und Italien kommt und im Nachbarland zusammengefunden hat, weil hier eben so \u201einternationale&#8220; Arbeitsbedingungen herrschen. Der vollbesetzte Schlachthof war auf jeden Fall der ideale Resonanzraum: Bei \u201eRaw Fish&#8220; wird die ganze Diversit\u00e4t popmusikalischer Referenzen zum Rohmaterial &#8211; dass dabei die Betonung auf \u201eroh&#8220; liegt, stellten Teis Semey, Giovanni Iacovella am Schlagzeug und Marta Arpini mit Gesang und Synthesizern wiederum mit verbl\u00fcffendem Feingef\u00fchl unter Beweis. Von kantigen Beats \u00fcber psychedelische Synthesizerkl\u00e4nge bis hin zu r\u00e4tselhaften Melodien und Riffs aus Indipop und Alternative Rock lieferte das Trio eine eindringliche halbe Stunde voller sinnlicher Ambivalenz.<\/p>\n<p><img data-recalc-dims=\"1\" loading=\"lazy\" decoding=\"async\" data-attachment-id=\"30881\" data-permalink=\"https:\/\/www.jazzzeitung.de\/cms\/2024\/04\/jazzahead-mit-zwei-ausrufezeichen\/shuteen-erdenbaatar-quartet-am-merch\/\" data-orig-file=\"https:\/\/i0.wp.com\/www.jazzzeitung.de\/cms\/wp-content\/uploads\/2024\/04\/Shuteen-Erdenbaatar-Quartet-am-Merch.jpg?fit=2000%2C1500&amp;ssl=1\" data-orig-size=\"2000,1500\" data-comments-opened=\"1\" data-image-meta=\"{&quot;aperture&quot;:&quot;0&quot;,&quot;credit&quot;:&quot;&quot;,&quot;camera&quot;:&quot;&quot;,&quot;caption&quot;:&quot;&quot;,&quot;created_timestamp&quot;:&quot;0&quot;,&quot;copyright&quot;:&quot;&quot;,&quot;focal_length&quot;:&quot;0&quot;,&quot;iso&quot;:&quot;0&quot;,&quot;shutter_speed&quot;:&quot;0&quot;,&quot;title&quot;:&quot;&quot;,&quot;orientation&quot;:&quot;1&quot;}\" data-image-title=\"Shuteen Erdenbaatar Quartet am Merch. Foto: Stefan Pieper\" data-image-description=\"\" data-image-caption=\"\" data-large-file=\"https:\/\/i0.wp.com\/www.jazzzeitung.de\/cms\/wp-content\/uploads\/2024\/04\/Shuteen-Erdenbaatar-Quartet-am-Merch.jpg?fit=800%2C600&amp;ssl=1\" class=\"alignleft size-medium wp-image-30881\" src=\"https:\/\/i0.wp.com\/www.jazzzeitung.de\/cms\/wp-content\/uploads\/2024\/04\/Shuteen-Erdenbaatar-Quartet-am-Merch.jpg?resize=300%2C225&#038;ssl=1\" alt=\"\" width=\"300\" height=\"225\" srcset=\"https:\/\/i0.wp.com\/www.jazzzeitung.de\/cms\/wp-content\/uploads\/2024\/04\/Shuteen-Erdenbaatar-Quartet-am-Merch.jpg?resize=300%2C225&amp;ssl=1 300w, https:\/\/i0.wp.com\/www.jazzzeitung.de\/cms\/wp-content\/uploads\/2024\/04\/Shuteen-Erdenbaatar-Quartet-am-Merch.jpg?resize=800%2C600&amp;ssl=1 800w, https:\/\/i0.wp.com\/www.jazzzeitung.de\/cms\/wp-content\/uploads\/2024\/04\/Shuteen-Erdenbaatar-Quartet-am-Merch.jpg?resize=768%2C576&amp;ssl=1 768w, https:\/\/i0.wp.com\/www.jazzzeitung.de\/cms\/wp-content\/uploads\/2024\/04\/Shuteen-Erdenbaatar-Quartet-am-Merch.jpg?resize=1536%2C1152&amp;ssl=1 1536w, https:\/\/i0.wp.com\/www.jazzzeitung.de\/cms\/wp-content\/uploads\/2024\/04\/Shuteen-Erdenbaatar-Quartet-am-Merch.jpg?resize=1320%2C990&amp;ssl=1 1320w, https:\/\/i0.wp.com\/www.jazzzeitung.de\/cms\/wp-content\/uploads\/2024\/04\/Shuteen-Erdenbaatar-Quartet-am-Merch.jpg?w=2000&amp;ssl=1 2000w, https:\/\/i0.wp.com\/www.jazzzeitung.de\/cms\/wp-content\/uploads\/2024\/04\/Shuteen-Erdenbaatar-Quartet-am-Merch.jpg?w=1680&amp;ssl=1 1680w\" sizes=\"auto, (max-width: 300px) 100vw, 300px\" \/> <img data-recalc-dims=\"1\" loading=\"lazy\" decoding=\"async\" data-attachment-id=\"30882\" data-permalink=\"https:\/\/www.jazzzeitung.de\/cms\/2024\/04\/jazzahead-mit-zwei-ausrufezeichen\/shuteen-erdenebaatar-quartet-german-jazz-expo\/\" data-orig-file=\"https:\/\/i0.wp.com\/www.jazzzeitung.de\/cms\/wp-content\/uploads\/2024\/04\/Shuteen-Erdenebaatar-Quartet-german-jazz-expo.jpg?fit=2000%2C1500&amp;ssl=1\" data-orig-size=\"2000,1500\" data-comments-opened=\"1\" data-image-meta=\"{&quot;aperture&quot;:&quot;0&quot;,&quot;credit&quot;:&quot;&quot;,&quot;camera&quot;:&quot;&quot;,&quot;caption&quot;:&quot;&quot;,&quot;created_timestamp&quot;:&quot;0&quot;,&quot;copyright&quot;:&quot;&quot;,&quot;focal_length&quot;:&quot;0&quot;,&quot;iso&quot;:&quot;0&quot;,&quot;shutter_speed&quot;:&quot;0&quot;,&quot;title&quot;:&quot;&quot;,&quot;orientation&quot;:&quot;1&quot;}\" data-image-title=\"Shuteen Erdenebaatar Quartet german jazz expo. Foto: Stefan Pieper\" data-image-description=\"\" data-image-caption=\"\" data-large-file=\"https:\/\/i0.wp.com\/www.jazzzeitung.de\/cms\/wp-content\/uploads\/2024\/04\/Shuteen-Erdenebaatar-Quartet-german-jazz-expo.jpg?fit=800%2C600&amp;ssl=1\" class=\"alignleft size-medium wp-image-30882\" src=\"https:\/\/i0.wp.com\/www.jazzzeitung.de\/cms\/wp-content\/uploads\/2024\/04\/Shuteen-Erdenebaatar-Quartet-german-jazz-expo-300x225.jpg?resize=300%2C225&#038;ssl=1\" alt=\"\" width=\"300\" height=\"225\" srcset=\"https:\/\/i0.wp.com\/www.jazzzeitung.de\/cms\/wp-content\/uploads\/2024\/04\/Shuteen-Erdenebaatar-Quartet-german-jazz-expo.jpg?resize=300%2C225&amp;ssl=1 300w, https:\/\/i0.wp.com\/www.jazzzeitung.de\/cms\/wp-content\/uploads\/2024\/04\/Shuteen-Erdenebaatar-Quartet-german-jazz-expo.jpg?resize=800%2C600&amp;ssl=1 800w, https:\/\/i0.wp.com\/www.jazzzeitung.de\/cms\/wp-content\/uploads\/2024\/04\/Shuteen-Erdenebaatar-Quartet-german-jazz-expo.jpg?resize=768%2C576&amp;ssl=1 768w, https:\/\/i0.wp.com\/www.jazzzeitung.de\/cms\/wp-content\/uploads\/2024\/04\/Shuteen-Erdenebaatar-Quartet-german-jazz-expo.jpg?resize=1536%2C1152&amp;ssl=1 1536w, https:\/\/i0.wp.com\/www.jazzzeitung.de\/cms\/wp-content\/uploads\/2024\/04\/Shuteen-Erdenebaatar-Quartet-german-jazz-expo.jpg?resize=1320%2C990&amp;ssl=1 1320w, https:\/\/i0.wp.com\/www.jazzzeitung.de\/cms\/wp-content\/uploads\/2024\/04\/Shuteen-Erdenebaatar-Quartet-german-jazz-expo.jpg?w=2000&amp;ssl=1 2000w, https:\/\/i0.wp.com\/www.jazzzeitung.de\/cms\/wp-content\/uploads\/2024\/04\/Shuteen-Erdenebaatar-Quartet-german-jazz-expo.jpg?w=1680&amp;ssl=1 1680w\" sizes=\"auto, (max-width: 300px) 100vw, 300px\" \/><\/p>\n<h4><b>Shuteen Erdenebaatar Quartet (DE)<\/b><\/h4>\n<p>Auch wer am Samstagabend drei lange jazzahead-Tage und -n\u00e4chten hinter sich hatte, wurde sp\u00e4testens hier wieder hellwach: Die mongolische Pianistin Shuteen Erdenebaatar hob zusammen mit ihrem Quartett zu einem enthusiastischen H\u00f6henflug ab &#8211; mit so viel Ausstrahlung, dass auch vor einem so gro\u00dfen Auditorium wie in der vollbesetzen Messehalle so etwas wie Intimit\u00e4t entstand. Glitzernde Tongirlanden, der warme Atem des Sopransaxophons, eine zupackende Rhythmusgruppe und fokussierte, gleichberechtigte Interaktionen \u2013 all das gab dieses Quartett mit furioser Vehemenz ans begeisterte Publikum weiter. Shuteen Erdenebaatar am Klavier, Nils Kugelmann am Bass, Valentin Renner am Schlagzeug und Anton Mangold an Saxophon und Fl\u00f6te arbeiten mit Herzblut und voll fokussierter Klarheit an den ewigen Idealen des modernen Combojazz, in deren Kern wiederum diese individuellen unersch\u00f6pflichen kompositorischen Einf\u00e4lle dieser in M\u00fcnchen beheimateten Ausnahme-Pianistin und Bandleaderin stehen.<\/p>\n<p>&nbsp;<\/p>\n<p><b>North Sea String Quartet<\/b><\/p>\n<p>Geiger George Dumitriu sollte noch am Sonntagmittag ein Spontankonzert in Bremens Innenstadt geben \u2013 vor allem ging es ihm und Pablo Rodriguez darum, dass ihr formidables \u201eNorth Sea String Quartet&#8220; mehr Bekanntheit au\u00dferhalb der Niederlanden erlange &#8211; vor allem, wenn es um Auftrittsm\u00f6glichkeiten gehe. Aktuell bewerben sie ihr neues Album \u201eSplunge&#8220;, ebenso gab es am niederl\u00e4ndischen Messestand alle Informationen zur aktuellen Tournee, die auf jeden Fall mal einen Kurztrip ins Nachbarland rechtfertigen. Wer sich mit einem unkonventionellen Ansatz zwischen die St\u00fchle von Genres setzt, f\u00e4llt oft bei Bookern und Veranstaltern aus den Wahrnehmungsschablonen heraus. Dies zu \u00e4ndern war unter anderem ein Anliegen auf der Jazzahead. Wer mit den Musikern in Bremen ins Gespr\u00e4ch kam, sp\u00fcrte auch eine immense Leidenschaft, mit der sie in Workshops und Masterclasses das eigene Wissen um neue Wege in der Klanggestaltung auf Instrumenten weiter geben.<\/p>\n","protected":false},"excerpt":{"rendered":"<p>\u201eHinter diese jazzahead! wollten wir\u00a0zwei\u00a0Ausrufezeichen setzen&#8220;, sagt Sybille Kornitschky, Leiterin der jazzahead! in Anspielung auf die beiden gro\u00dfen Themen der diesj\u00e4hrigen Ausgabe: Neben dem\u00a0Partnerland Niederlande, das sich sowohl auf der Messe als auch im musikalischen Programm von seiner besten Seite zeigte, stand auch der\u00a0Jazz aus Afrika in diesem Jahr im Mittelpunkt. &nbsp; Tineke Postma Aria Group Tineke Postma, eine der herausragenden Pers\u00f6nlichkeiten der lebendigen niederl\u00e4ndischen Musikszene, ist vor allem auch eine einf\u00fchlsame Zuh\u00f6rerin. Solche Qualit\u00e4ten offenbarte ein Showcase-Konzert mit ihrem aktuellen Trio, auch Aria Group genannt. Gemeinsam mit Robert Landfermann am Bass und Tristan Renfrow am Schlagzeug entf\u00fchrte sie das Publikum auf eine modale Klangreise voller klanglicher Innovation und emotionaler Tiefe. Es ist nachvollziehbar, warum schon Wayne Shorter voll des Lobes \u00fcber die talentierte Niederl\u00e4nderin war, sieht er doch gewisserma\u00dfen hier ein Erbe zeitloser Innovation weiter gepflegt. Erfreulich genug ist es, dass durch die Beteiligung des K\u00f6lner Bassisten Robert Landfermann auch eine k\u00fcnstlerische Verbindung zum niederl\u00e4ndischen Nachbarland lang gelebt wird \u2013 solche grenz\u00fcbergreifenden Kooperationen auszubauen, ist ja auch Anliegen der jazzahead. DZ&#8217;OB (UA) Die Ukraine verf\u00fcgt nicht nur \u00fcber eine verschwenderische F\u00fclle hochtalentierter, bestens ausgebildeter &hellip;<\/p>\n","protected":false},"author":18,"featured_media":30883,"comment_status":"open","ping_status":"closed","sticky":false,"template":"","format":"standard","meta":{"_jetpack_memberships_contains_paid_content":false,"footnotes":"","jetpack_publicize_message":"","jetpack_publicize_feature_enabled":true,"jetpack_social_post_already_shared":true,"jetpack_social_options":{"image_generator_settings":{"template":"highway","default_image_id":0,"font":"","enabled":false},"version":2}},"categories":[1053],"tags":[5336,95,5337,5333,268,5335,5334,4771,1129,5338],"coauthors":[695],"class_list":["post-30871","post","type-post","status-publish","format-standard","has-post-thumbnail","hentry","category-bericht","tag-alexandra-ivanova-trio","tag-bremen","tag-dzob","tag-george-dumitriu","tag-jazzahead","tag-leila-martial-valentin-ceccaldi","tag-raw-fish","tag-shuteen-erdenebaatar-quartett","tag-stefan-pieper","tag-tineke-postma-aria-group"],"yoast_head":"<!-- This site is optimized with the Yoast SEO plugin v27.5 - https:\/\/yoast.com\/product\/yoast-seo-wordpress\/ -->\n<title>Jazzahead! mit zwei Ausrufezeichen - JazzZeitung<\/title>\n<meta name=\"description\" content=\"Die Jazzahead! 2024 geht zu Ende. Neben dem\u00a0Partnerland Niederlande, das sich sowohl auf der Messe als auch im musikalischen Programm von seiner besten Seite zeigte, stand auch der\u00a0Jazz aus Afrika in diesem Jahr im Mittelpunkt.\" \/>\n<meta name=\"robots\" content=\"index, follow, max-snippet:-1, max-image-preview:large, max-video-preview:-1\" \/>\n<link rel=\"canonical\" href=\"https:\/\/www.jazzzeitung.de\/cms\/2024\/04\/jazzahead-mit-zwei-ausrufezeichen\/\" \/>\n<meta property=\"og:locale\" content=\"de_DE\" \/>\n<meta property=\"og:type\" content=\"article\" \/>\n<meta property=\"og:title\" content=\"Jazzahead! mit zwei Ausrufezeichen - JazzZeitung\" \/>\n<meta property=\"og:description\" content=\"Die Jazzahead! 2024 geht zu Ende. Neben dem\u00a0Partnerland Niederlande, das sich sowohl auf der Messe als auch im musikalischen Programm von seiner besten Seite zeigte, stand auch der\u00a0Jazz aus Afrika in diesem Jahr im Mittelpunkt.\" \/>\n<meta property=\"og:url\" content=\"https:\/\/www.jazzzeitung.de\/cms\/2024\/04\/jazzahead-mit-zwei-ausrufezeichen\/\" \/>\n<meta property=\"og:site_name\" content=\"JazzZeitung\" \/>\n<meta property=\"article:publisher\" content=\"https:\/\/www.facebook.com\/JazzZeitung\/\" \/>\n<meta property=\"article:published_time\" content=\"2024-04-17T13:30:21+00:00\" \/>\n<meta property=\"og:image\" content=\"https:\/\/www.jazzzeitung.de\/cms\/wp-content\/uploads\/2024\/04\/German-Jazz-Expo.jpg\" \/>\n\t<meta property=\"og:image:width\" content=\"2000\" \/>\n\t<meta property=\"og:image:height\" content=\"1500\" \/>\n\t<meta property=\"og:image:type\" content=\"image\/jpeg\" \/>\n<meta name=\"author\" content=\"Redaktion JazzZeitung\" \/>\n<script type=\"application\/ld+json\" class=\"yoast-schema-graph\">{\"@context\":\"https:\\\/\\\/schema.org\",\"@graph\":[{\"@type\":\"Article\",\"@id\":\"https:\\\/\\\/www.jazzzeitung.de\\\/cms\\\/2024\\\/04\\\/jazzahead-mit-zwei-ausrufezeichen\\\/#article\",\"isPartOf\":{\"@id\":\"https:\\\/\\\/www.jazzzeitung.de\\\/cms\\\/2024\\\/04\\\/jazzahead-mit-zwei-ausrufezeichen\\\/\"},\"author\":{\"name\":\"Redaktion JazzZeitung\",\"@id\":\"https:\\\/\\\/www.jazzzeitung.de\\\/cms\\\/#\\\/schema\\\/person\\\/2245b36b9cd1d24cea10f01c031fb92b\"},\"headline\":\"Jazzahead! mit zwei Ausrufezeichen\",\"datePublished\":\"2024-04-17T13:30:21+00:00\",\"mainEntityOfPage\":{\"@id\":\"https:\\\/\\\/www.jazzzeitung.de\\\/cms\\\/2024\\\/04\\\/jazzahead-mit-zwei-ausrufezeichen\\\/\"},\"wordCount\":993,\"commentCount\":0,\"publisher\":{\"@id\":\"https:\\\/\\\/www.jazzzeitung.de\\\/cms\\\/#organization\"},\"image\":{\"@id\":\"https:\\\/\\\/www.jazzzeitung.de\\\/cms\\\/2024\\\/04\\\/jazzahead-mit-zwei-ausrufezeichen\\\/#primaryimage\"},\"thumbnailUrl\":\"https:\\\/\\\/i0.wp.com\\\/www.jazzzeitung.de\\\/cms\\\/wp-content\\\/uploads\\\/2024\\\/04\\\/German-Jazz-Expo.jpg?fit=2000%2C1500&ssl=1\",\"keywords\":[\"Alexandra Ivanova Trio\",\"Bremen\",\"DZ'OB\",\"George Dumitriu\",\"Jazzahead\",\"Le\u00efla Martial &amp; Valentin Ceccaldi\",\"Raw Fish\",\"Shuteen Erdenebaatar Quartett\",\"Stefan Pieper\",\"Tineke Postma Aria Group\"],\"articleSection\":[\"Bericht\"],\"inLanguage\":\"de\",\"potentialAction\":[{\"@type\":\"CommentAction\",\"name\":\"Comment\",\"target\":[\"https:\\\/\\\/www.jazzzeitung.de\\\/cms\\\/2024\\\/04\\\/jazzahead-mit-zwei-ausrufezeichen\\\/#respond\"]}]},{\"@type\":\"WebPage\",\"@id\":\"https:\\\/\\\/www.jazzzeitung.de\\\/cms\\\/2024\\\/04\\\/jazzahead-mit-zwei-ausrufezeichen\\\/\",\"url\":\"https:\\\/\\\/www.jazzzeitung.de\\\/cms\\\/2024\\\/04\\\/jazzahead-mit-zwei-ausrufezeichen\\\/\",\"name\":\"Jazzahead! mit zwei Ausrufezeichen - JazzZeitung\",\"isPartOf\":{\"@id\":\"https:\\\/\\\/www.jazzzeitung.de\\\/cms\\\/#website\"},\"primaryImageOfPage\":{\"@id\":\"https:\\\/\\\/www.jazzzeitung.de\\\/cms\\\/2024\\\/04\\\/jazzahead-mit-zwei-ausrufezeichen\\\/#primaryimage\"},\"image\":{\"@id\":\"https:\\\/\\\/www.jazzzeitung.de\\\/cms\\\/2024\\\/04\\\/jazzahead-mit-zwei-ausrufezeichen\\\/#primaryimage\"},\"thumbnailUrl\":\"https:\\\/\\\/i0.wp.com\\\/www.jazzzeitung.de\\\/cms\\\/wp-content\\\/uploads\\\/2024\\\/04\\\/German-Jazz-Expo.jpg?fit=2000%2C1500&ssl=1\",\"datePublished\":\"2024-04-17T13:30:21+00:00\",\"description\":\"Die Jazzahead! 2024 geht zu Ende. Neben dem\u00a0Partnerland Niederlande, das sich sowohl auf der Messe als auch im musikalischen Programm von seiner besten Seite zeigte, stand auch der\u00a0Jazz aus Afrika in diesem Jahr im Mittelpunkt.\",\"breadcrumb\":{\"@id\":\"https:\\\/\\\/www.jazzzeitung.de\\\/cms\\\/2024\\\/04\\\/jazzahead-mit-zwei-ausrufezeichen\\\/#breadcrumb\"},\"inLanguage\":\"de\",\"potentialAction\":[{\"@type\":\"ReadAction\",\"target\":[\"https:\\\/\\\/www.jazzzeitung.de\\\/cms\\\/2024\\\/04\\\/jazzahead-mit-zwei-ausrufezeichen\\\/\"]}]},{\"@type\":\"ImageObject\",\"inLanguage\":\"de\",\"@id\":\"https:\\\/\\\/www.jazzzeitung.de\\\/cms\\\/2024\\\/04\\\/jazzahead-mit-zwei-ausrufezeichen\\\/#primaryimage\",\"url\":\"https:\\\/\\\/i0.wp.com\\\/www.jazzzeitung.de\\\/cms\\\/wp-content\\\/uploads\\\/2024\\\/04\\\/German-Jazz-Expo.jpg?fit=2000%2C1500&ssl=1\",\"contentUrl\":\"https:\\\/\\\/i0.wp.com\\\/www.jazzzeitung.de\\\/cms\\\/wp-content\\\/uploads\\\/2024\\\/04\\\/German-Jazz-Expo.jpg?fit=2000%2C1500&ssl=1\",\"width\":2000,\"height\":1500},{\"@type\":\"BreadcrumbList\",\"@id\":\"https:\\\/\\\/www.jazzzeitung.de\\\/cms\\\/2024\\\/04\\\/jazzahead-mit-zwei-ausrufezeichen\\\/#breadcrumb\",\"itemListElement\":[{\"@type\":\"ListItem\",\"position\":1,\"name\":\"Startseite\",\"item\":\"https:\\\/\\\/www.jazzzeitung.de\\\/cms\\\/\"},{\"@type\":\"ListItem\",\"position\":2,\"name\":\"Jazzahead! mit zwei Ausrufezeichen\"}]},{\"@type\":\"WebSite\",\"@id\":\"https:\\\/\\\/www.jazzzeitung.de\\\/cms\\\/#website\",\"url\":\"https:\\\/\\\/www.jazzzeitung.de\\\/cms\\\/\",\"name\":\"JazzZeitung\",\"description\":\"Jazz-News und Jazz-Kontroverses\",\"publisher\":{\"@id\":\"https:\\\/\\\/www.jazzzeitung.de\\\/cms\\\/#organization\"},\"potentialAction\":[{\"@type\":\"SearchAction\",\"target\":{\"@type\":\"EntryPoint\",\"urlTemplate\":\"https:\\\/\\\/www.jazzzeitung.de\\\/cms\\\/?s={search_term_string}\"},\"query-input\":{\"@type\":\"PropertyValueSpecification\",\"valueRequired\":true,\"valueName\":\"search_term_string\"}}],\"inLanguage\":\"de\"},{\"@type\":\"Organization\",\"@id\":\"https:\\\/\\\/www.jazzzeitung.de\\\/cms\\\/#organization\",\"name\":\"JazzZeitung online\",\"url\":\"https:\\\/\\\/www.jazzzeitung.de\\\/cms\\\/\",\"logo\":{\"@type\":\"ImageObject\",\"inLanguage\":\"de\",\"@id\":\"https:\\\/\\\/www.jazzzeitung.de\\\/cms\\\/#\\\/schema\\\/logo\\\/image\\\/\",\"url\":\"https:\\\/\\\/i0.wp.com\\\/www.jazzzeitung.de\\\/cms\\\/wp-content\\\/uploads\\\/2015\\\/08\\\/JAZZZEITUNGDE_Logo_Neu.png?fit=499%2C200&ssl=1\",\"contentUrl\":\"https:\\\/\\\/i0.wp.com\\\/www.jazzzeitung.de\\\/cms\\\/wp-content\\\/uploads\\\/2015\\\/08\\\/JAZZZEITUNGDE_Logo_Neu.png?fit=499%2C200&ssl=1\",\"width\":499,\"height\":200,\"caption\":\"JazzZeitung online\"},\"image\":{\"@id\":\"https:\\\/\\\/www.jazzzeitung.de\\\/cms\\\/#\\\/schema\\\/logo\\\/image\\\/\"},\"sameAs\":[\"https:\\\/\\\/www.facebook.com\\\/JazzZeitung\\\/\"]},{\"@type\":\"Person\",\"@id\":\"https:\\\/\\\/www.jazzzeitung.de\\\/cms\\\/#\\\/schema\\\/person\\\/2245b36b9cd1d24cea10f01c031fb92b\",\"name\":\"Redaktion JazzZeitung\",\"image\":{\"@type\":\"ImageObject\",\"inLanguage\":\"de\",\"@id\":\"https:\\\/\\\/i0.wp.com\\\/www.jazzzeitung.de\\\/cms\\\/wp-content\\\/uploads\\\/2015\\\/08\\\/JAZZZEITUNGDE_Logo_Neu.png?resize=96%2C96&ssl=159975dcacb611b5700bd619b5daf0a7a\",\"url\":\"https:\\\/\\\/i0.wp.com\\\/www.jazzzeitung.de\\\/cms\\\/wp-content\\\/uploads\\\/2015\\\/08\\\/JAZZZEITUNGDE_Logo_Neu.png?resize=96%2C96&ssl=1\",\"contentUrl\":\"https:\\\/\\\/i0.wp.com\\\/www.jazzzeitung.de\\\/cms\\\/wp-content\\\/uploads\\\/2015\\\/08\\\/JAZZZEITUNGDE_Logo_Neu.png?resize=96%2C96&ssl=1\",\"caption\":\"Redaktion JazzZeitung\"},\"description\":\"Artikel der Redaktion der JazzZeitung.\",\"sameAs\":[\"http:\\\/\\\/www.jazzzeitung.de\\\/cms\\\/\"],\"url\":\"https:\\\/\\\/www.jazzzeitung.de\\\/cms\\\/author\\\/redaktion\\\/\"}]}<\/script>\n<!-- \/ Yoast SEO plugin. -->","yoast_head_json":{"title":"Jazzahead! mit zwei Ausrufezeichen - JazzZeitung","description":"Die Jazzahead! 2024 geht zu Ende. Neben dem\u00a0Partnerland Niederlande, das sich sowohl auf der Messe als auch im musikalischen Programm von seiner besten Seite zeigte, stand auch der\u00a0Jazz aus Afrika in diesem Jahr im Mittelpunkt.","robots":{"index":"index","follow":"follow","max-snippet":"max-snippet:-1","max-image-preview":"max-image-preview:large","max-video-preview":"max-video-preview:-1"},"canonical":"https:\/\/www.jazzzeitung.de\/cms\/2024\/04\/jazzahead-mit-zwei-ausrufezeichen\/","og_locale":"de_DE","og_type":"article","og_title":"Jazzahead! mit zwei Ausrufezeichen - JazzZeitung","og_description":"Die Jazzahead! 2024 geht zu Ende. Neben dem\u00a0Partnerland Niederlande, das sich sowohl auf der Messe als auch im musikalischen Programm von seiner besten Seite zeigte, stand auch der\u00a0Jazz aus Afrika in diesem Jahr im Mittelpunkt.","og_url":"https:\/\/www.jazzzeitung.de\/cms\/2024\/04\/jazzahead-mit-zwei-ausrufezeichen\/","og_site_name":"JazzZeitung","article_publisher":"https:\/\/www.facebook.com\/JazzZeitung\/","article_published_time":"2024-04-17T13:30:21+00:00","og_image":[{"width":2000,"height":1500,"url":"https:\/\/www.jazzzeitung.de\/cms\/wp-content\/uploads\/2024\/04\/German-Jazz-Expo.jpg","type":"image\/jpeg"}],"author":"Redaktion JazzZeitung","schema":{"@context":"https:\/\/schema.org","@graph":[{"@type":"Article","@id":"https:\/\/www.jazzzeitung.de\/cms\/2024\/04\/jazzahead-mit-zwei-ausrufezeichen\/#article","isPartOf":{"@id":"https:\/\/www.jazzzeitung.de\/cms\/2024\/04\/jazzahead-mit-zwei-ausrufezeichen\/"},"author":{"name":"Redaktion JazzZeitung","@id":"https:\/\/www.jazzzeitung.de\/cms\/#\/schema\/person\/2245b36b9cd1d24cea10f01c031fb92b"},"headline":"Jazzahead! mit zwei Ausrufezeichen","datePublished":"2024-04-17T13:30:21+00:00","mainEntityOfPage":{"@id":"https:\/\/www.jazzzeitung.de\/cms\/2024\/04\/jazzahead-mit-zwei-ausrufezeichen\/"},"wordCount":993,"commentCount":0,"publisher":{"@id":"https:\/\/www.jazzzeitung.de\/cms\/#organization"},"image":{"@id":"https:\/\/www.jazzzeitung.de\/cms\/2024\/04\/jazzahead-mit-zwei-ausrufezeichen\/#primaryimage"},"thumbnailUrl":"https:\/\/i0.wp.com\/www.jazzzeitung.de\/cms\/wp-content\/uploads\/2024\/04\/German-Jazz-Expo.jpg?fit=2000%2C1500&ssl=1","keywords":["Alexandra Ivanova Trio","Bremen","DZ'OB","George Dumitriu","Jazzahead","Le\u00efla Martial &amp; Valentin Ceccaldi","Raw Fish","Shuteen Erdenebaatar Quartett","Stefan Pieper","Tineke Postma Aria Group"],"articleSection":["Bericht"],"inLanguage":"de","potentialAction":[{"@type":"CommentAction","name":"Comment","target":["https:\/\/www.jazzzeitung.de\/cms\/2024\/04\/jazzahead-mit-zwei-ausrufezeichen\/#respond"]}]},{"@type":"WebPage","@id":"https:\/\/www.jazzzeitung.de\/cms\/2024\/04\/jazzahead-mit-zwei-ausrufezeichen\/","url":"https:\/\/www.jazzzeitung.de\/cms\/2024\/04\/jazzahead-mit-zwei-ausrufezeichen\/","name":"Jazzahead! mit zwei Ausrufezeichen - JazzZeitung","isPartOf":{"@id":"https:\/\/www.jazzzeitung.de\/cms\/#website"},"primaryImageOfPage":{"@id":"https:\/\/www.jazzzeitung.de\/cms\/2024\/04\/jazzahead-mit-zwei-ausrufezeichen\/#primaryimage"},"image":{"@id":"https:\/\/www.jazzzeitung.de\/cms\/2024\/04\/jazzahead-mit-zwei-ausrufezeichen\/#primaryimage"},"thumbnailUrl":"https:\/\/i0.wp.com\/www.jazzzeitung.de\/cms\/wp-content\/uploads\/2024\/04\/German-Jazz-Expo.jpg?fit=2000%2C1500&ssl=1","datePublished":"2024-04-17T13:30:21+00:00","description":"Die Jazzahead! 2024 geht zu Ende. Neben dem\u00a0Partnerland Niederlande, das sich sowohl auf der Messe als auch im musikalischen Programm von seiner besten Seite zeigte, stand auch der\u00a0Jazz aus Afrika in diesem Jahr im Mittelpunkt.","breadcrumb":{"@id":"https:\/\/www.jazzzeitung.de\/cms\/2024\/04\/jazzahead-mit-zwei-ausrufezeichen\/#breadcrumb"},"inLanguage":"de","potentialAction":[{"@type":"ReadAction","target":["https:\/\/www.jazzzeitung.de\/cms\/2024\/04\/jazzahead-mit-zwei-ausrufezeichen\/"]}]},{"@type":"ImageObject","inLanguage":"de","@id":"https:\/\/www.jazzzeitung.de\/cms\/2024\/04\/jazzahead-mit-zwei-ausrufezeichen\/#primaryimage","url":"https:\/\/i0.wp.com\/www.jazzzeitung.de\/cms\/wp-content\/uploads\/2024\/04\/German-Jazz-Expo.jpg?fit=2000%2C1500&ssl=1","contentUrl":"https:\/\/i0.wp.com\/www.jazzzeitung.de\/cms\/wp-content\/uploads\/2024\/04\/German-Jazz-Expo.jpg?fit=2000%2C1500&ssl=1","width":2000,"height":1500},{"@type":"BreadcrumbList","@id":"https:\/\/www.jazzzeitung.de\/cms\/2024\/04\/jazzahead-mit-zwei-ausrufezeichen\/#breadcrumb","itemListElement":[{"@type":"ListItem","position":1,"name":"Startseite","item":"https:\/\/www.jazzzeitung.de\/cms\/"},{"@type":"ListItem","position":2,"name":"Jazzahead! mit zwei Ausrufezeichen"}]},{"@type":"WebSite","@id":"https:\/\/www.jazzzeitung.de\/cms\/#website","url":"https:\/\/www.jazzzeitung.de\/cms\/","name":"JazzZeitung","description":"Jazz-News und Jazz-Kontroverses","publisher":{"@id":"https:\/\/www.jazzzeitung.de\/cms\/#organization"},"potentialAction":[{"@type":"SearchAction","target":{"@type":"EntryPoint","urlTemplate":"https:\/\/www.jazzzeitung.de\/cms\/?s={search_term_string}"},"query-input":{"@type":"PropertyValueSpecification","valueRequired":true,"valueName":"search_term_string"}}],"inLanguage":"de"},{"@type":"Organization","@id":"https:\/\/www.jazzzeitung.de\/cms\/#organization","name":"JazzZeitung online","url":"https:\/\/www.jazzzeitung.de\/cms\/","logo":{"@type":"ImageObject","inLanguage":"de","@id":"https:\/\/www.jazzzeitung.de\/cms\/#\/schema\/logo\/image\/","url":"https:\/\/i0.wp.com\/www.jazzzeitung.de\/cms\/wp-content\/uploads\/2015\/08\/JAZZZEITUNGDE_Logo_Neu.png?fit=499%2C200&ssl=1","contentUrl":"https:\/\/i0.wp.com\/www.jazzzeitung.de\/cms\/wp-content\/uploads\/2015\/08\/JAZZZEITUNGDE_Logo_Neu.png?fit=499%2C200&ssl=1","width":499,"height":200,"caption":"JazzZeitung online"},"image":{"@id":"https:\/\/www.jazzzeitung.de\/cms\/#\/schema\/logo\/image\/"},"sameAs":["https:\/\/www.facebook.com\/JazzZeitung\/"]},{"@type":"Person","@id":"https:\/\/www.jazzzeitung.de\/cms\/#\/schema\/person\/2245b36b9cd1d24cea10f01c031fb92b","name":"Redaktion JazzZeitung","image":{"@type":"ImageObject","inLanguage":"de","@id":"https:\/\/i0.wp.com\/www.jazzzeitung.de\/cms\/wp-content\/uploads\/2015\/08\/JAZZZEITUNGDE_Logo_Neu.png?resize=96%2C96&ssl=159975dcacb611b5700bd619b5daf0a7a","url":"https:\/\/i0.wp.com\/www.jazzzeitung.de\/cms\/wp-content\/uploads\/2015\/08\/JAZZZEITUNGDE_Logo_Neu.png?resize=96%2C96&ssl=1","contentUrl":"https:\/\/i0.wp.com\/www.jazzzeitung.de\/cms\/wp-content\/uploads\/2015\/08\/JAZZZEITUNGDE_Logo_Neu.png?resize=96%2C96&ssl=1","caption":"Redaktion JazzZeitung"},"description":"Artikel der Redaktion der JazzZeitung.","sameAs":["http:\/\/www.jazzzeitung.de\/cms\/"],"url":"https:\/\/www.jazzzeitung.de\/cms\/author\/redaktion\/"}]}},"wp-worthy-pixel":{"ignored":false,"public":null,"server":null,"url":null},"wp-worthy-type":"normal","jetpack_publicize_connections":[],"cc_featured_image_caption":{"caption_text":"","source_text":"","source_url":""},"jetpack_featured_media_url":"https:\/\/i0.wp.com\/www.jazzzeitung.de\/cms\/wp-content\/uploads\/2024\/04\/German-Jazz-Expo.jpg?fit=2000%2C1500&ssl=1","jetpack_shortlink":"https:\/\/wp.me\/p3KEcT-81V","jetpack-related-posts":[{"id":19285,"url":"https:\/\/www.jazzzeitung.de\/cms\/2019\/04\/jazzahead-clubnight-macht-station-beim-hfk-jazzclub\/","url_meta":{"origin":30871,"position":0},"title":"jazzahead! CLUBNIGHT macht Station beim HfK-Jazzclub","author":"Redaktion JazzZeitung","date":"24. April 2019","format":false,"excerpt":"Die Jazzabteilung der Hochschule f\u00fcr K\u00fcnste Bremen bereichert seit mehr als 25 Jahren die Szene und sieht sich als Groove- und Ideenschmiede f\u00fcr Jazz im Norden. Renommierte Dozierende, diverse Band- und Ensemblem\u00f6glichkeiten, das New Dimensions Festival, ein eigener Jazzclub und Master-Classes mit internationalen Stars machen die Bremer Jazzabteilung zum Leuchtturm.\u2026","rel":"","context":"In &quot;News&quot;","block_context":{"text":"News","link":"https:\/\/www.jazzzeitung.de\/cms\/thema\/nachrichten\/"},"img":{"alt_text":"","src":"https:\/\/i0.wp.com\/www.jazzzeitung.de\/cms\/wp-content\/uploads\/2019\/04\/Rainbow-Trio-%C2%A9-Rich-Serra.jpg?fit=1200%2C800&ssl=1&resize=350%2C200","width":350,"height":200,"srcset":"https:\/\/i0.wp.com\/www.jazzzeitung.de\/cms\/wp-content\/uploads\/2019\/04\/Rainbow-Trio-%C2%A9-Rich-Serra.jpg?fit=1200%2C800&ssl=1&resize=350%2C200 1x, https:\/\/i0.wp.com\/www.jazzzeitung.de\/cms\/wp-content\/uploads\/2019\/04\/Rainbow-Trio-%C2%A9-Rich-Serra.jpg?fit=1200%2C800&ssl=1&resize=525%2C300 1.5x, https:\/\/i0.wp.com\/www.jazzzeitung.de\/cms\/wp-content\/uploads\/2019\/04\/Rainbow-Trio-%C2%A9-Rich-Serra.jpg?fit=1200%2C800&ssl=1&resize=700%2C400 2x, https:\/\/i0.wp.com\/www.jazzzeitung.de\/cms\/wp-content\/uploads\/2019\/04\/Rainbow-Trio-%C2%A9-Rich-Serra.jpg?fit=1200%2C800&ssl=1&resize=1050%2C600 3x"},"classes":[]},{"id":28340,"url":"https:\/\/www.jazzzeitung.de\/cms\/2022\/09\/one-night-stand-jp-weber-im-huerther-jazzkeller-jazzahead-2023-jetzt-registrieren-hoemma-22-jazz-in-oberhausen\/","url_meta":{"origin":30871,"position":1},"title":"+++ \u201eOne-Night-Stand\u201c \u2013 JP Weber im H\u00fcrther Jazzkeller +++ jazzahead! 2023 \u2013 Jetzt Registrieren +++ H\u00d6MMA 22 \u2013 Jazz in Oberhausen +++","author":"Redaktion JazzZeitung","date":"21. September 2022","format":false,"excerpt":"+++ jazzahead! 2023 \u2013 Jetzt Registrieren +++ Vom 27.\u201330. April 2023 findet in Bremen die internationale Fachmesse jazzahead! in ihrer 17. Auflage statt. Ab dem 21. September k\u00f6nnen sich Austeller registrieren und ist ebenfalls Termin f\u00fcr die Showcase-Bewerbung. Die MESSE BREMEN plant die jazzahead! als Pr\u00e4senzveranstaltung,\u00a0 bietet aber auch hybride\u2026","rel":"","context":"In &quot;News&quot;","block_context":{"text":"News","link":"https:\/\/www.jazzzeitung.de\/cms\/thema\/nachrichten\/"},"img":{"alt_text":"","src":"https:\/\/i0.wp.com\/www.jazzzeitung.de\/cms\/wp-content\/uploads\/2022\/09\/20220428-jazzahead-1192-scaled-1.jpg?fit=800%2C1200&ssl=1&resize=350%2C200","width":350,"height":200,"srcset":"https:\/\/i0.wp.com\/www.jazzzeitung.de\/cms\/wp-content\/uploads\/2022\/09\/20220428-jazzahead-1192-scaled-1.jpg?fit=800%2C1200&ssl=1&resize=350%2C200 1x, https:\/\/i0.wp.com\/www.jazzzeitung.de\/cms\/wp-content\/uploads\/2022\/09\/20220428-jazzahead-1192-scaled-1.jpg?fit=800%2C1200&ssl=1&resize=525%2C300 1.5x, https:\/\/i0.wp.com\/www.jazzzeitung.de\/cms\/wp-content\/uploads\/2022\/09\/20220428-jazzahead-1192-scaled-1.jpg?fit=800%2C1200&ssl=1&resize=700%2C400 2x"},"classes":[]},{"id":24006,"url":"https:\/\/www.jazzzeitung.de\/cms\/2020\/12\/fachmesse-jazzahead-startet-2021-online-man-hofft-aber-auch-auf-konzerte-vor-publikum\/","url_meta":{"origin":30871,"position":2},"title":"Fachmesse jazzahead! startet 2021 online \u2013 man hofft aber auch auf Konzerte vor Publikum","author":"Redaktion JazzZeitung","date":"18. Dezember 2020","format":false,"excerpt":"Die 15. jazzahead!, die Jubil\u00e4umsausgabe der gr\u00f6\u00dften Jazz-Fachmesse der Welt, sollte urspr\u00fcnglich von Donnerstag bis Sonntag, 23. bis 26. April 2020, in den Hallen 6 und 7 der MESSE BREMEN stattfinden, das begleitende Festival von Freitag bis Sonntag, 17. bis 26. April 2020. Die gesamte Veranstaltung wurde wegen der Corona-Pandemie\u2026","rel":"","context":"In &quot;News&quot;","block_context":{"text":"News","link":"https:\/\/www.jazzzeitung.de\/cms\/thema\/nachrichten\/"},"img":{"alt_text":"","src":"https:\/\/i0.wp.com\/www.jazzzeitung.de\/cms\/wp-content\/uploads\/2020\/12\/Thomas-Koch.jpg?fit=800%2C1200&ssl=1&resize=350%2C200","width":350,"height":200,"srcset":"https:\/\/i0.wp.com\/www.jazzzeitung.de\/cms\/wp-content\/uploads\/2020\/12\/Thomas-Koch.jpg?fit=800%2C1200&ssl=1&resize=350%2C200 1x, https:\/\/i0.wp.com\/www.jazzzeitung.de\/cms\/wp-content\/uploads\/2020\/12\/Thomas-Koch.jpg?fit=800%2C1200&ssl=1&resize=525%2C300 1.5x, https:\/\/i0.wp.com\/www.jazzzeitung.de\/cms\/wp-content\/uploads\/2020\/12\/Thomas-Koch.jpg?fit=800%2C1200&ssl=1&resize=700%2C400 2x"},"classes":[]},{"id":33838,"url":"https:\/\/www.jazzzeitung.de\/cms\/2026\/04\/jazz-kommt-aus-afrika-zur-jazzahead-2026\/","url_meta":{"origin":30871,"position":3},"title":"Jazz kommt aus Afrika &#8211; zur jazzahead! 2026","author":"Redaktion JazzZeitung","date":"28. April 2026","format":false,"excerpt":"(Von Kat Pfeiffer)\u00a0Ein paar T\u00f6ne \u2013 und klar ist: Das ist Jazz. Doch wie klingt eine Menge, die \u00fcber Jazz verhandelt? So wie auf der jazzahead! 2026. In Halle 6 summt es wie in einem Bienenhaus \u2013 etwas lauter als im Vorjahr. Die jazzahead! verbindet Showcase-Festival, Club-Night in der Stadt,\u2026","rel":"","context":"In &quot;Bericht&quot;","block_context":{"text":"Bericht","link":"https:\/\/www.jazzzeitung.de\/cms\/thema\/bericht\/"},"img":{"alt_text":"","src":"https:\/\/i0.wp.com\/www.jazzzeitung.de\/cms\/wp-content\/uploads\/2026\/04\/ja26_Sorvina-_%C2%A9-M3B-GmbH_Jens-Schlenker_001-scaled-1.jpg?fit=1200%2C800&ssl=1&resize=350%2C200","width":350,"height":200,"srcset":"https:\/\/i0.wp.com\/www.jazzzeitung.de\/cms\/wp-content\/uploads\/2026\/04\/ja26_Sorvina-_%C2%A9-M3B-GmbH_Jens-Schlenker_001-scaled-1.jpg?fit=1200%2C800&ssl=1&resize=350%2C200 1x, https:\/\/i0.wp.com\/www.jazzzeitung.de\/cms\/wp-content\/uploads\/2026\/04\/ja26_Sorvina-_%C2%A9-M3B-GmbH_Jens-Schlenker_001-scaled-1.jpg?fit=1200%2C800&ssl=1&resize=525%2C300 1.5x, https:\/\/i0.wp.com\/www.jazzzeitung.de\/cms\/wp-content\/uploads\/2026\/04\/ja26_Sorvina-_%C2%A9-M3B-GmbH_Jens-Schlenker_001-scaled-1.jpg?fit=1200%2C800&ssl=1&resize=700%2C400 2x, https:\/\/i0.wp.com\/www.jazzzeitung.de\/cms\/wp-content\/uploads\/2026\/04\/ja26_Sorvina-_%C2%A9-M3B-GmbH_Jens-Schlenker_001-scaled-1.jpg?fit=1200%2C800&ssl=1&resize=1050%2C600 3x"},"classes":[]},{"id":9052,"url":"https:\/\/www.jazzzeitung.de\/cms\/2016\/04\/news-neuer-udj-vorstand-jazzahead-abschlussbericht-benny-green-trio-im-esslinger-jazzkeller\/","url_meta":{"origin":30871,"position":4},"title":"+++News +++ neuer UDJ-Vorstand +++ jazzahead! Abschlussbericht +++ Benny Green Trio im Esslinger Jazzkeller +++","author":"Redaktion JazzZeitung","date":"26. April 2016","format":false,"excerpt":"+++ Union Deutscher Jazzmusiker w\u00e4hlt Anette von Eichel und Wolfgang Lackerschmid in Vorstand +++ Berlin, 25. April 2016 -\u00a0 Auf der j\u00e4hrlichen Mitgliederversammlung der Union Deutscher Jazzmusiker in Bremen w\u00e4hlten die Mitglieder mit der S\u00e4ngerin Anette von Eichel und dem Vibraphonisten Wolfgang Lackerschmid zwei hochprofilierte Musiker\/innen aus K\u00f6ln und Augsburg\u2026","rel":"","context":"In &quot;News&quot;","block_context":{"text":"News","link":"https:\/\/www.jazzzeitung.de\/cms\/thema\/nachrichten\/"},"img":{"alt_text":"Benny-Green-mg-8334-020315-by-Ron-Jones-1048x982","src":"https:\/\/i0.wp.com\/www.jazzzeitung.de\/cms\/wp-content\/uploads\/2016\/04\/Benny-Green-mg-8334-020315-by-Ron-Jones-1048x982-150x150.jpg?resize=350%2C200","width":350,"height":200},"classes":[]},{"id":26747,"url":"https:\/\/www.jazzzeitung.de\/cms\/2022\/02\/news-jazzaheadfestival-bremen-clubnight-jazzwerkstatt-startet-mit-livekonzerten\/","url_meta":{"origin":30871,"position":5},"title":"+++ news +++ jazzahead!Festival Bremen: CLUBNIGHT +++ Jazzwerkstatt startet mit Livekonzerten +++","author":"Redaktion JazzZeitung","date":"22. Februar 2022","format":false,"excerpt":"Jazzahead! Festival in Bremen: \u00dcber 20 Spielst\u00e4tten bei der CLUBNIGHT Wenn am 30. April in Bremen die CLUBNIGHT stattfindet, geh\u00f6ren Diversit\u00e4t der Spielst\u00e4tten und des Programms ins Zentrum. Es wird davon ausgegangen, dass die Besucher*innen ihre individuellen Touren w\u00e4hrend der CLUBNIGHT, dem gr\u00f6\u00dften Event auf der Messe, st\u00e4rker planen werden.\u2026","rel":"","context":"In &quot;News&quot;","block_context":{"text":"News","link":"https:\/\/www.jazzzeitung.de\/cms\/thema\/nachrichten\/"},"img":{"alt_text":"","src":"https:\/\/i0.wp.com\/www.jazzzeitung.de\/cms\/wp-content\/uploads\/2022\/02\/Clubnight_TheaterBremen-c-Nikolai-Wolff-scaled.jpg?fit=1200%2C800&ssl=1&resize=350%2C200","width":350,"height":200,"srcset":"https:\/\/i0.wp.com\/www.jazzzeitung.de\/cms\/wp-content\/uploads\/2022\/02\/Clubnight_TheaterBremen-c-Nikolai-Wolff-scaled.jpg?fit=1200%2C800&ssl=1&resize=350%2C200 1x, https:\/\/i0.wp.com\/www.jazzzeitung.de\/cms\/wp-content\/uploads\/2022\/02\/Clubnight_TheaterBremen-c-Nikolai-Wolff-scaled.jpg?fit=1200%2C800&ssl=1&resize=525%2C300 1.5x, https:\/\/i0.wp.com\/www.jazzzeitung.de\/cms\/wp-content\/uploads\/2022\/02\/Clubnight_TheaterBremen-c-Nikolai-Wolff-scaled.jpg?fit=1200%2C800&ssl=1&resize=700%2C400 2x, https:\/\/i0.wp.com\/www.jazzzeitung.de\/cms\/wp-content\/uploads\/2022\/02\/Clubnight_TheaterBremen-c-Nikolai-Wolff-scaled.jpg?fit=1200%2C800&ssl=1&resize=1050%2C600 3x"},"classes":[]}],"jetpack_sharing_enabled":true,"_links":{"self":[{"href":"https:\/\/www.jazzzeitung.de\/cms\/wp-json\/wp\/v2\/posts\/30871","targetHints":{"allow":["GET"]}}],"collection":[{"href":"https:\/\/www.jazzzeitung.de\/cms\/wp-json\/wp\/v2\/posts"}],"about":[{"href":"https:\/\/www.jazzzeitung.de\/cms\/wp-json\/wp\/v2\/types\/post"}],"author":[{"embeddable":true,"href":"https:\/\/www.jazzzeitung.de\/cms\/wp-json\/wp\/v2\/users\/18"}],"replies":[{"embeddable":true,"href":"https:\/\/www.jazzzeitung.de\/cms\/wp-json\/wp\/v2\/comments?post=30871"}],"version-history":[{"count":1,"href":"https:\/\/www.jazzzeitung.de\/cms\/wp-json\/wp\/v2\/posts\/30871\/revisions"}],"predecessor-version":[{"id":30884,"href":"https:\/\/www.jazzzeitung.de\/cms\/wp-json\/wp\/v2\/posts\/30871\/revisions\/30884"}],"wp:featuredmedia":[{"embeddable":true,"href":"https:\/\/www.jazzzeitung.de\/cms\/wp-json\/wp\/v2\/media\/30883"}],"wp:attachment":[{"href":"https:\/\/www.jazzzeitung.de\/cms\/wp-json\/wp\/v2\/media?parent=30871"}],"wp:term":[{"taxonomy":"category","embeddable":true,"href":"https:\/\/www.jazzzeitung.de\/cms\/wp-json\/wp\/v2\/categories?post=30871"},{"taxonomy":"post_tag","embeddable":true,"href":"https:\/\/www.jazzzeitung.de\/cms\/wp-json\/wp\/v2\/tags?post=30871"},{"taxonomy":"author","embeddable":true,"href":"https:\/\/www.jazzzeitung.de\/cms\/wp-json\/wp\/v2\/coauthors?post=30871"}],"curies":[{"name":"wp","href":"https:\/\/api.w.org\/{rel}","templated":true}]}}