{"id":30866,"date":"2024-04-17T11:07:50","date_gmt":"2024-04-17T09:07:50","guid":{"rendered":"https:\/\/www.jazzzeitung.de\/cms\/?p=30866"},"modified":"2024-04-17T11:07:50","modified_gmt":"2024-04-17T09:07:50","slug":"wechsel-in-vorstand-und-geschaeftsfuehrung-der-deutschen-jazzunion","status":"publish","type":"post","link":"https:\/\/www.jazzzeitung.de\/cms\/2024\/04\/wechsel-in-vorstand-und-geschaeftsfuehrung-der-deutschen-jazzunion\/","title":{"rendered":"Wechsel in Vorstand und Gesch\u00e4ftsf\u00fchrung der Deutschen Jazzunion"},"content":{"rendered":"<div class=\"field__content\">\n<p>Doppelte Stabs\u00fcbergabe beim Sprachrohr der Jazzmusiker*innen in Deutschland: im Rahmen der jazzahead! in Bremen wurden Gesch\u00e4ftsf\u00fchrer Urs Johnen und Vorstandsmitglied Nikolaus Neuser verabschiedet. Ihnen folgen Camille Buscot und Michael Griener nach.<\/p>\n<p>Die Vorsitzenden der Deutschen Jazzunion Anette von Eichel und Felix Falk w\u00fcrdigten Johnens Verdienste auf einer Mitgliederversammlung mit einem ausf\u00fchrlichen R\u00fcckblick auf den gemeinsam zur\u00fcckgelegten Weg. Als pers\u00f6nliche Erfolge hoben sie beispielhaft die Ausweitung der Projektt\u00e4tigkeit, die kontinuierliche Entwicklung der Mitgliederzahlen, den Ausbau des Teams sowie die vervielfachte Summe an Drittmitteln hervor. In Videogru\u00dfworten sandten u.a. der Ehrenvorsitzende Manfred Schoof und der ehemalige Vorsitzende Gebhard Ullmann Gl\u00fcckw\u00fcnsche nach Bremen. Nach achtj\u00e4hriger Amtszeit als Gesch\u00e4ftsf\u00fchrer des Berufs- und Fachverbands wird sich Johnen wieder verst\u00e4rkt als Musiker sowie als Berater, Supervisor und Coach in die Szene einbringen.<\/p>\n<p>Zugleich wurde die Kulturwissenschaftlerin Camille Buscot als neue Gesch\u00e4ftsf\u00fchrerin im Amt begr\u00fc\u00dft. Buscot war bereits seit 2016 in unterschiedlichen Funktionen f\u00fcr die Deutsche Jazzunion sowie zuletzt als Gesch\u00e4ftsf\u00fchrerin der IG Jazz Berlin t\u00e4tig. Sie \u00fcbernimmt die Leitung der Gesch\u00e4ftsstelle in Berlin zum 1. Mai 2024.<\/p>\n<p>Auch Nikolaus Neuser, der von 2017\u20132022 Vorsitzender und seitdem Mitglied des erweiterten Vorstands gewesen war, wurde im Rahmen der Mitgliederversammlung feierlich verabschiedet. Als besondere Verdienste Neusers wurden sein Engagement w\u00e4hrend der Coronapandemie sowie sein Einsatz f\u00fcr das bei der Deutschen Jazzunion angesiedelte Projekt mit dem Arbeitstitel \u201eZentrum f\u00fcr Jazz und Improvisierte Musik\u201c genannt, f\u00fcr das er sich auch weiterhin engagieren wird.<\/p>\n<p>Als Nachfolger f\u00fcr Neuser w\u00e4hlten die Mitglieder der Deutschen Jazzunion den in Berlin ans\u00e4ssigen Schlagzeuger Michael Griener in den Vorstand. Der gesamte Vorstand wird turnusgem\u00e4\u00df im Jahr 2025 neu gew\u00e4hlt.<\/p>\n<p>Auf der Versammlung wurde au\u00dferdem \u00fcber aktuelle Entwicklungen zum Thema Faire Verg\u00fctung und beim Deutschen Jazzpreis sowie \u00fcber n\u00f6tige Verbesserungen bei der Jazzf\u00f6rderung durch die Initiative Musik als zentrale F\u00f6rderinstitution auf Bundesebene diskutiert.<\/p>\n<\/div>\n","protected":false},"excerpt":{"rendered":"<p>Doppelte Stabs\u00fcbergabe beim Sprachrohr der Jazzmusiker*innen in Deutschland: im Rahmen der jazzahead! in Bremen wurden Gesch\u00e4ftsf\u00fchrer Urs Johnen und Vorstandsmitglied Nikolaus Neuser verabschiedet. Ihnen folgen Camille Buscot und Michael Griener nach. Die Vorsitzenden der Deutschen Jazzunion Anette von Eichel und Felix Falk w\u00fcrdigten Johnens Verdienste auf einer Mitgliederversammlung mit einem ausf\u00fchrlichen R\u00fcckblick auf den gemeinsam zur\u00fcckgelegten Weg. Als pers\u00f6nliche Erfolge hoben sie beispielhaft die Ausweitung der Projektt\u00e4tigkeit, die kontinuierliche Entwicklung der Mitgliederzahlen, den Ausbau des Teams sowie die vervielfachte Summe an Drittmitteln hervor. In Videogru\u00dfworten sandten u.a. der Ehrenvorsitzende Manfred Schoof und der ehemalige Vorsitzende Gebhard Ullmann Gl\u00fcckw\u00fcnsche nach Bremen. Nach achtj\u00e4hriger Amtszeit als Gesch\u00e4ftsf\u00fchrer des Berufs- und Fachverbands wird sich Johnen wieder verst\u00e4rkt als Musiker sowie als Berater, Supervisor und Coach in die Szene einbringen. Zugleich wurde die Kulturwissenschaftlerin Camille Buscot als neue Gesch\u00e4ftsf\u00fchrerin im Amt begr\u00fc\u00dft. Buscot war bereits seit 2016 in unterschiedlichen Funktionen f\u00fcr die Deutsche Jazzunion sowie zuletzt als Gesch\u00e4ftsf\u00fchrerin der IG Jazz Berlin t\u00e4tig. Sie \u00fcbernimmt die Leitung der Gesch\u00e4ftsstelle in Berlin zum 1. Mai 2024. Auch Nikolaus Neuser, der von 2017\u20132022 Vorsitzender und seitdem Mitglied des erweiterten Vorstands gewesen &hellip;<\/p>\n","protected":false},"author":18,"featured_media":30867,"comment_status":"open","ping_status":"closed","sticky":false,"template":"","format":"standard","meta":{"_jetpack_memberships_contains_paid_content":false,"footnotes":"","jetpack_publicize_message":"","jetpack_publicize_feature_enabled":true,"jetpack_social_post_already_shared":true,"jetpack_social_options":{"image_generator_settings":{"template":"highway","default_image_id":0,"font":"","enabled":false},"version":2}},"categories":[633],"tags":[4241,1683,66,95,5270,2445,3827,137,173,801,232,2397,1065,241,1876,3994,268,275,281,1423,2910,373,2289,1303,2312,3754,5227,3044,2877],"coauthors":[695],"class_list":["post-30866","post","type-post","status-publish","format-standard","has-post-thumbnail","hentry","category-nachrichten","tag-4241","tag-anette-von-eichel","tag-berlin","tag-bremen","tag-camille-buscot","tag-deutsche-jazzunion","tag-deutschen-jazzpreis","tag-deutschland","tag-felix-falk","tag-gebhard-ullmann","tag-ig-jazz","tag-ig-jazz-berlin","tag-improvisierte-musik","tag-initiative-musik","tag-jazz","tag-jazz-berlin","tag-jazzahead","tag-jazzfoerderung","tag-jazzmusiker","tag-jazzpreis","tag-jazzunion","tag-manfred-schoof","tag-michael-griener","tag-nikolaus-neuser","tag-schlagzeuger","tag-urs-johnen","tag-verguetung","tag-zentrum","tag-zentrum-fuer-jazz-und-improvisierte-musik"],"yoast_head":"<!-- This site is optimized with the Yoast SEO plugin v27.5 - https:\/\/yoast.com\/product\/yoast-seo-wordpress\/ -->\n<title>Wechsel in Vorstand und Gesch\u00e4ftsf\u00fchrung der Deutschen Jazzunion - JazzZeitung<\/title>\n<meta name=\"robots\" content=\"index, follow, max-snippet:-1, max-image-preview:large, max-video-preview:-1\" \/>\n<link rel=\"canonical\" href=\"https:\/\/www.jazzzeitung.de\/cms\/2024\/04\/wechsel-in-vorstand-und-geschaeftsfuehrung-der-deutschen-jazzunion\/\" \/>\n<meta property=\"og:locale\" content=\"de_DE\" \/>\n<meta property=\"og:type\" content=\"article\" \/>\n<meta property=\"og:title\" content=\"Wechsel in Vorstand und Gesch\u00e4ftsf\u00fchrung der Deutschen Jazzunion - JazzZeitung\" \/>\n<meta property=\"og:description\" content=\"Doppelte Stabs\u00fcbergabe beim Sprachrohr der Jazzmusiker*innen in Deutschland: im Rahmen der jazzahead! in Bremen wurden Gesch\u00e4ftsf\u00fchrer Urs Johnen und Vorstandsmitglied Nikolaus Neuser verabschiedet. Ihnen folgen Camille Buscot und Michael Griener nach. Die Vorsitzenden der Deutschen Jazzunion Anette von Eichel und Felix Falk w\u00fcrdigten Johnens Verdienste auf einer Mitgliederversammlung mit einem ausf\u00fchrlichen R\u00fcckblick auf den gemeinsam zur\u00fcckgelegten Weg. Als pers\u00f6nliche Erfolge hoben sie beispielhaft die Ausweitung der Projektt\u00e4tigkeit, die kontinuierliche Entwicklung der Mitgliederzahlen, den Ausbau des Teams sowie die vervielfachte Summe an Drittmitteln hervor. In Videogru\u00dfworten sandten u.a. der Ehrenvorsitzende Manfred Schoof und der ehemalige Vorsitzende Gebhard Ullmann Gl\u00fcckw\u00fcnsche nach Bremen. Nach achtj\u00e4hriger Amtszeit als Gesch\u00e4ftsf\u00fchrer des Berufs- und Fachverbands wird sich Johnen wieder verst\u00e4rkt als Musiker sowie als Berater, Supervisor und Coach in die Szene einbringen. Zugleich wurde die Kulturwissenschaftlerin Camille Buscot als neue Gesch\u00e4ftsf\u00fchrerin im Amt begr\u00fc\u00dft. Buscot war bereits seit 2016 in unterschiedlichen Funktionen f\u00fcr die Deutsche Jazzunion sowie zuletzt als Gesch\u00e4ftsf\u00fchrerin der IG Jazz Berlin t\u00e4tig. Sie \u00fcbernimmt die Leitung der Gesch\u00e4ftsstelle in Berlin zum 1. Mai 2024. Auch Nikolaus Neuser, der von 2017\u20132022 Vorsitzender und seitdem Mitglied des erweiterten Vorstands gewesen &hellip;\" \/>\n<meta property=\"og:url\" content=\"https:\/\/www.jazzzeitung.de\/cms\/2024\/04\/wechsel-in-vorstand-und-geschaeftsfuehrung-der-deutschen-jazzunion\/\" \/>\n<meta property=\"og:site_name\" content=\"JazzZeitung\" \/>\n<meta property=\"article:publisher\" content=\"https:\/\/www.facebook.com\/JazzZeitung\/\" \/>\n<meta property=\"article:published_time\" content=\"2024-04-17T09:07:50+00:00\" \/>\n<meta property=\"og:image\" content=\"https:\/\/www.jazzzeitung.de\/cms\/wp-content\/uploads\/2024\/04\/2024-04-13_VerabschiedungUrsJohnen_VorstandCamilleUrs-scaled.jpg\" \/>\n\t<meta property=\"og:image:width\" content=\"2560\" \/>\n\t<meta property=\"og:image:height\" content=\"1920\" \/>\n\t<meta property=\"og:image:type\" content=\"image\/jpeg\" \/>\n<meta name=\"author\" content=\"Redaktion JazzZeitung\" \/>\n<script type=\"application\/ld+json\" class=\"yoast-schema-graph\">{\"@context\":\"https:\\\/\\\/schema.org\",\"@graph\":[{\"@type\":\"Article\",\"@id\":\"https:\\\/\\\/www.jazzzeitung.de\\\/cms\\\/2024\\\/04\\\/wechsel-in-vorstand-und-geschaeftsfuehrung-der-deutschen-jazzunion\\\/#article\",\"isPartOf\":{\"@id\":\"https:\\\/\\\/www.jazzzeitung.de\\\/cms\\\/2024\\\/04\\\/wechsel-in-vorstand-und-geschaeftsfuehrung-der-deutschen-jazzunion\\\/\"},\"author\":{\"name\":\"Redaktion JazzZeitung\",\"@id\":\"https:\\\/\\\/www.jazzzeitung.de\\\/cms\\\/#\\\/schema\\\/person\\\/2245b36b9cd1d24cea10f01c031fb92b\"},\"headline\":\"Wechsel in Vorstand und Gesch\u00e4ftsf\u00fchrung der Deutschen Jazzunion\",\"datePublished\":\"2024-04-17T09:07:50+00:00\",\"mainEntityOfPage\":{\"@id\":\"https:\\\/\\\/www.jazzzeitung.de\\\/cms\\\/2024\\\/04\\\/wechsel-in-vorstand-und-geschaeftsfuehrung-der-deutschen-jazzunion\\\/\"},\"wordCount\":339,\"commentCount\":0,\"publisher\":{\"@id\":\"https:\\\/\\\/www.jazzzeitung.de\\\/cms\\\/#organization\"},\"image\":{\"@id\":\"https:\\\/\\\/www.jazzzeitung.de\\\/cms\\\/2024\\\/04\\\/wechsel-in-vorstand-und-geschaeftsfuehrung-der-deutschen-jazzunion\\\/#primaryimage\"},\"thumbnailUrl\":\"https:\\\/\\\/i0.wp.com\\\/www.jazzzeitung.de\\\/cms\\\/wp-content\\\/uploads\\\/2024\\\/04\\\/2024-04-13_VerabschiedungUrsJohnen_VorstandCamilleUrs-scaled.jpg?fit=2560%2C1920&ssl=1\",\"keywords\":[\"2022\",\"Anette von Eichel\",\"Berlin\",\"Bremen\",\"Camille Buscot\",\"Deutsche Jazzunion\",\"Deutschen Jazzpreis\",\"Deutschland\",\"Felix Falk\",\"Gebhard Ullmann\",\"IG Jazz\",\"IG Jazz Berlin\",\"Improvisierte Musik\",\"Initiative Musik\",\"Jazz\",\"Jazz Berlin\",\"Jazzahead\",\"Jazzf\u00f6rderung\",\"Jazzmusiker\",\"Jazzpreis\",\"Jazzunion\",\"Manfred Schoof\",\"Michael Griener\",\"Nikolaus Neuser\",\"Schlagzeuger\",\"Urs Johnen\",\"Verg\u00fctung\",\"Zentrum\",\"Zentrum f\u00fcr Jazz und improvisierte Musik\"],\"articleSection\":[\"News\"],\"inLanguage\":\"de\",\"potentialAction\":[{\"@type\":\"CommentAction\",\"name\":\"Comment\",\"target\":[\"https:\\\/\\\/www.jazzzeitung.de\\\/cms\\\/2024\\\/04\\\/wechsel-in-vorstand-und-geschaeftsfuehrung-der-deutschen-jazzunion\\\/#respond\"]}]},{\"@type\":\"WebPage\",\"@id\":\"https:\\\/\\\/www.jazzzeitung.de\\\/cms\\\/2024\\\/04\\\/wechsel-in-vorstand-und-geschaeftsfuehrung-der-deutschen-jazzunion\\\/\",\"url\":\"https:\\\/\\\/www.jazzzeitung.de\\\/cms\\\/2024\\\/04\\\/wechsel-in-vorstand-und-geschaeftsfuehrung-der-deutschen-jazzunion\\\/\",\"name\":\"Wechsel in Vorstand und Gesch\u00e4ftsf\u00fchrung der Deutschen Jazzunion - JazzZeitung\",\"isPartOf\":{\"@id\":\"https:\\\/\\\/www.jazzzeitung.de\\\/cms\\\/#website\"},\"primaryImageOfPage\":{\"@id\":\"https:\\\/\\\/www.jazzzeitung.de\\\/cms\\\/2024\\\/04\\\/wechsel-in-vorstand-und-geschaeftsfuehrung-der-deutschen-jazzunion\\\/#primaryimage\"},\"image\":{\"@id\":\"https:\\\/\\\/www.jazzzeitung.de\\\/cms\\\/2024\\\/04\\\/wechsel-in-vorstand-und-geschaeftsfuehrung-der-deutschen-jazzunion\\\/#primaryimage\"},\"thumbnailUrl\":\"https:\\\/\\\/i0.wp.com\\\/www.jazzzeitung.de\\\/cms\\\/wp-content\\\/uploads\\\/2024\\\/04\\\/2024-04-13_VerabschiedungUrsJohnen_VorstandCamilleUrs-scaled.jpg?fit=2560%2C1920&ssl=1\",\"datePublished\":\"2024-04-17T09:07:50+00:00\",\"breadcrumb\":{\"@id\":\"https:\\\/\\\/www.jazzzeitung.de\\\/cms\\\/2024\\\/04\\\/wechsel-in-vorstand-und-geschaeftsfuehrung-der-deutschen-jazzunion\\\/#breadcrumb\"},\"inLanguage\":\"de\",\"potentialAction\":[{\"@type\":\"ReadAction\",\"target\":[\"https:\\\/\\\/www.jazzzeitung.de\\\/cms\\\/2024\\\/04\\\/wechsel-in-vorstand-und-geschaeftsfuehrung-der-deutschen-jazzunion\\\/\"]}]},{\"@type\":\"ImageObject\",\"inLanguage\":\"de\",\"@id\":\"https:\\\/\\\/www.jazzzeitung.de\\\/cms\\\/2024\\\/04\\\/wechsel-in-vorstand-und-geschaeftsfuehrung-der-deutschen-jazzunion\\\/#primaryimage\",\"url\":\"https:\\\/\\\/i0.wp.com\\\/www.jazzzeitung.de\\\/cms\\\/wp-content\\\/uploads\\\/2024\\\/04\\\/2024-04-13_VerabschiedungUrsJohnen_VorstandCamilleUrs-scaled.jpg?fit=2560%2C1920&ssl=1\",\"contentUrl\":\"https:\\\/\\\/i0.wp.com\\\/www.jazzzeitung.de\\\/cms\\\/wp-content\\\/uploads\\\/2024\\\/04\\\/2024-04-13_VerabschiedungUrsJohnen_VorstandCamilleUrs-scaled.jpg?fit=2560%2C1920&ssl=1\",\"width\":2560,\"height\":1920,\"caption\":\"Stabswechel bei der Deutschen Jazzunion (v.l.n.r., hinten: Johanna Schneider, Camille Buscot, Michael Griener, Urs Johnen, Anette von Eichel; vorne: Felix Falk, Janning Trumann, Robert Lucaciu \u00a9 Julia Tornier\"},{\"@type\":\"BreadcrumbList\",\"@id\":\"https:\\\/\\\/www.jazzzeitung.de\\\/cms\\\/2024\\\/04\\\/wechsel-in-vorstand-und-geschaeftsfuehrung-der-deutschen-jazzunion\\\/#breadcrumb\",\"itemListElement\":[{\"@type\":\"ListItem\",\"position\":1,\"name\":\"Startseite\",\"item\":\"https:\\\/\\\/www.jazzzeitung.de\\\/cms\\\/\"},{\"@type\":\"ListItem\",\"position\":2,\"name\":\"Wechsel in Vorstand und Gesch\u00e4ftsf\u00fchrung der Deutschen Jazzunion\"}]},{\"@type\":\"WebSite\",\"@id\":\"https:\\\/\\\/www.jazzzeitung.de\\\/cms\\\/#website\",\"url\":\"https:\\\/\\\/www.jazzzeitung.de\\\/cms\\\/\",\"name\":\"JazzZeitung\",\"description\":\"Jazz-News und Jazz-Kontroverses\",\"publisher\":{\"@id\":\"https:\\\/\\\/www.jazzzeitung.de\\\/cms\\\/#organization\"},\"potentialAction\":[{\"@type\":\"SearchAction\",\"target\":{\"@type\":\"EntryPoint\",\"urlTemplate\":\"https:\\\/\\\/www.jazzzeitung.de\\\/cms\\\/?s={search_term_string}\"},\"query-input\":{\"@type\":\"PropertyValueSpecification\",\"valueRequired\":true,\"valueName\":\"search_term_string\"}}],\"inLanguage\":\"de\"},{\"@type\":\"Organization\",\"@id\":\"https:\\\/\\\/www.jazzzeitung.de\\\/cms\\\/#organization\",\"name\":\"JazzZeitung online\",\"url\":\"https:\\\/\\\/www.jazzzeitung.de\\\/cms\\\/\",\"logo\":{\"@type\":\"ImageObject\",\"inLanguage\":\"de\",\"@id\":\"https:\\\/\\\/www.jazzzeitung.de\\\/cms\\\/#\\\/schema\\\/logo\\\/image\\\/\",\"url\":\"https:\\\/\\\/i0.wp.com\\\/www.jazzzeitung.de\\\/cms\\\/wp-content\\\/uploads\\\/2015\\\/08\\\/JAZZZEITUNGDE_Logo_Neu.png?fit=499%2C200&ssl=1\",\"contentUrl\":\"https:\\\/\\\/i0.wp.com\\\/www.jazzzeitung.de\\\/cms\\\/wp-content\\\/uploads\\\/2015\\\/08\\\/JAZZZEITUNGDE_Logo_Neu.png?fit=499%2C200&ssl=1\",\"width\":499,\"height\":200,\"caption\":\"JazzZeitung online\"},\"image\":{\"@id\":\"https:\\\/\\\/www.jazzzeitung.de\\\/cms\\\/#\\\/schema\\\/logo\\\/image\\\/\"},\"sameAs\":[\"https:\\\/\\\/www.facebook.com\\\/JazzZeitung\\\/\"]},{\"@type\":\"Person\",\"@id\":\"https:\\\/\\\/www.jazzzeitung.de\\\/cms\\\/#\\\/schema\\\/person\\\/2245b36b9cd1d24cea10f01c031fb92b\",\"name\":\"Redaktion JazzZeitung\",\"image\":{\"@type\":\"ImageObject\",\"inLanguage\":\"de\",\"@id\":\"https:\\\/\\\/i0.wp.com\\\/www.jazzzeitung.de\\\/cms\\\/wp-content\\\/uploads\\\/2015\\\/08\\\/JAZZZEITUNGDE_Logo_Neu.png?resize=96%2C96&ssl=159975dcacb611b5700bd619b5daf0a7a\",\"url\":\"https:\\\/\\\/i0.wp.com\\\/www.jazzzeitung.de\\\/cms\\\/wp-content\\\/uploads\\\/2015\\\/08\\\/JAZZZEITUNGDE_Logo_Neu.png?resize=96%2C96&ssl=1\",\"contentUrl\":\"https:\\\/\\\/i0.wp.com\\\/www.jazzzeitung.de\\\/cms\\\/wp-content\\\/uploads\\\/2015\\\/08\\\/JAZZZEITUNGDE_Logo_Neu.png?resize=96%2C96&ssl=1\",\"caption\":\"Redaktion JazzZeitung\"},\"description\":\"Artikel der Redaktion der JazzZeitung.\",\"sameAs\":[\"http:\\\/\\\/www.jazzzeitung.de\\\/cms\\\/\"],\"url\":\"https:\\\/\\\/www.jazzzeitung.de\\\/cms\\\/author\\\/redaktion\\\/\"}]}<\/script>\n<!-- \/ Yoast SEO plugin. -->","yoast_head_json":{"title":"Wechsel in Vorstand und Gesch\u00e4ftsf\u00fchrung der Deutschen Jazzunion - JazzZeitung","robots":{"index":"index","follow":"follow","max-snippet":"max-snippet:-1","max-image-preview":"max-image-preview:large","max-video-preview":"max-video-preview:-1"},"canonical":"https:\/\/www.jazzzeitung.de\/cms\/2024\/04\/wechsel-in-vorstand-und-geschaeftsfuehrung-der-deutschen-jazzunion\/","og_locale":"de_DE","og_type":"article","og_title":"Wechsel in Vorstand und Gesch\u00e4ftsf\u00fchrung der Deutschen Jazzunion - JazzZeitung","og_description":"Doppelte Stabs\u00fcbergabe beim Sprachrohr der Jazzmusiker*innen in Deutschland: im Rahmen der jazzahead! in Bremen wurden Gesch\u00e4ftsf\u00fchrer Urs Johnen und Vorstandsmitglied Nikolaus Neuser verabschiedet. Ihnen folgen Camille Buscot und Michael Griener nach. Die Vorsitzenden der Deutschen Jazzunion Anette von Eichel und Felix Falk w\u00fcrdigten Johnens Verdienste auf einer Mitgliederversammlung mit einem ausf\u00fchrlichen R\u00fcckblick auf den gemeinsam zur\u00fcckgelegten Weg. Als pers\u00f6nliche Erfolge hoben sie beispielhaft die Ausweitung der Projektt\u00e4tigkeit, die kontinuierliche Entwicklung der Mitgliederzahlen, den Ausbau des Teams sowie die vervielfachte Summe an Drittmitteln hervor. In Videogru\u00dfworten sandten u.a. der Ehrenvorsitzende Manfred Schoof und der ehemalige Vorsitzende Gebhard Ullmann Gl\u00fcckw\u00fcnsche nach Bremen. Nach achtj\u00e4hriger Amtszeit als Gesch\u00e4ftsf\u00fchrer des Berufs- und Fachverbands wird sich Johnen wieder verst\u00e4rkt als Musiker sowie als Berater, Supervisor und Coach in die Szene einbringen. Zugleich wurde die Kulturwissenschaftlerin Camille Buscot als neue Gesch\u00e4ftsf\u00fchrerin im Amt begr\u00fc\u00dft. Buscot war bereits seit 2016 in unterschiedlichen Funktionen f\u00fcr die Deutsche Jazzunion sowie zuletzt als Gesch\u00e4ftsf\u00fchrerin der IG Jazz Berlin t\u00e4tig. Sie \u00fcbernimmt die Leitung der Gesch\u00e4ftsstelle in Berlin zum 1. Mai 2024. Auch Nikolaus Neuser, der von 2017\u20132022 Vorsitzender und seitdem Mitglied des erweiterten Vorstands gewesen &hellip;","og_url":"https:\/\/www.jazzzeitung.de\/cms\/2024\/04\/wechsel-in-vorstand-und-geschaeftsfuehrung-der-deutschen-jazzunion\/","og_site_name":"JazzZeitung","article_publisher":"https:\/\/www.facebook.com\/JazzZeitung\/","article_published_time":"2024-04-17T09:07:50+00:00","og_image":[{"width":2560,"height":1920,"url":"https:\/\/www.jazzzeitung.de\/cms\/wp-content\/uploads\/2024\/04\/2024-04-13_VerabschiedungUrsJohnen_VorstandCamilleUrs-scaled.jpg","type":"image\/jpeg"}],"author":"Redaktion JazzZeitung","schema":{"@context":"https:\/\/schema.org","@graph":[{"@type":"Article","@id":"https:\/\/www.jazzzeitung.de\/cms\/2024\/04\/wechsel-in-vorstand-und-geschaeftsfuehrung-der-deutschen-jazzunion\/#article","isPartOf":{"@id":"https:\/\/www.jazzzeitung.de\/cms\/2024\/04\/wechsel-in-vorstand-und-geschaeftsfuehrung-der-deutschen-jazzunion\/"},"author":{"name":"Redaktion JazzZeitung","@id":"https:\/\/www.jazzzeitung.de\/cms\/#\/schema\/person\/2245b36b9cd1d24cea10f01c031fb92b"},"headline":"Wechsel in Vorstand und Gesch\u00e4ftsf\u00fchrung der Deutschen Jazzunion","datePublished":"2024-04-17T09:07:50+00:00","mainEntityOfPage":{"@id":"https:\/\/www.jazzzeitung.de\/cms\/2024\/04\/wechsel-in-vorstand-und-geschaeftsfuehrung-der-deutschen-jazzunion\/"},"wordCount":339,"commentCount":0,"publisher":{"@id":"https:\/\/www.jazzzeitung.de\/cms\/#organization"},"image":{"@id":"https:\/\/www.jazzzeitung.de\/cms\/2024\/04\/wechsel-in-vorstand-und-geschaeftsfuehrung-der-deutschen-jazzunion\/#primaryimage"},"thumbnailUrl":"https:\/\/i0.wp.com\/www.jazzzeitung.de\/cms\/wp-content\/uploads\/2024\/04\/2024-04-13_VerabschiedungUrsJohnen_VorstandCamilleUrs-scaled.jpg?fit=2560%2C1920&ssl=1","keywords":["2022","Anette von Eichel","Berlin","Bremen","Camille Buscot","Deutsche Jazzunion","Deutschen Jazzpreis","Deutschland","Felix Falk","Gebhard Ullmann","IG Jazz","IG Jazz Berlin","Improvisierte Musik","Initiative Musik","Jazz","Jazz Berlin","Jazzahead","Jazzf\u00f6rderung","Jazzmusiker","Jazzpreis","Jazzunion","Manfred Schoof","Michael Griener","Nikolaus Neuser","Schlagzeuger","Urs Johnen","Verg\u00fctung","Zentrum","Zentrum f\u00fcr Jazz und improvisierte Musik"],"articleSection":["News"],"inLanguage":"de","potentialAction":[{"@type":"CommentAction","name":"Comment","target":["https:\/\/www.jazzzeitung.de\/cms\/2024\/04\/wechsel-in-vorstand-und-geschaeftsfuehrung-der-deutschen-jazzunion\/#respond"]}]},{"@type":"WebPage","@id":"https:\/\/www.jazzzeitung.de\/cms\/2024\/04\/wechsel-in-vorstand-und-geschaeftsfuehrung-der-deutschen-jazzunion\/","url":"https:\/\/www.jazzzeitung.de\/cms\/2024\/04\/wechsel-in-vorstand-und-geschaeftsfuehrung-der-deutschen-jazzunion\/","name":"Wechsel in Vorstand und Gesch\u00e4ftsf\u00fchrung der Deutschen Jazzunion - JazzZeitung","isPartOf":{"@id":"https:\/\/www.jazzzeitung.de\/cms\/#website"},"primaryImageOfPage":{"@id":"https:\/\/www.jazzzeitung.de\/cms\/2024\/04\/wechsel-in-vorstand-und-geschaeftsfuehrung-der-deutschen-jazzunion\/#primaryimage"},"image":{"@id":"https:\/\/www.jazzzeitung.de\/cms\/2024\/04\/wechsel-in-vorstand-und-geschaeftsfuehrung-der-deutschen-jazzunion\/#primaryimage"},"thumbnailUrl":"https:\/\/i0.wp.com\/www.jazzzeitung.de\/cms\/wp-content\/uploads\/2024\/04\/2024-04-13_VerabschiedungUrsJohnen_VorstandCamilleUrs-scaled.jpg?fit=2560%2C1920&ssl=1","datePublished":"2024-04-17T09:07:50+00:00","breadcrumb":{"@id":"https:\/\/www.jazzzeitung.de\/cms\/2024\/04\/wechsel-in-vorstand-und-geschaeftsfuehrung-der-deutschen-jazzunion\/#breadcrumb"},"inLanguage":"de","potentialAction":[{"@type":"ReadAction","target":["https:\/\/www.jazzzeitung.de\/cms\/2024\/04\/wechsel-in-vorstand-und-geschaeftsfuehrung-der-deutschen-jazzunion\/"]}]},{"@type":"ImageObject","inLanguage":"de","@id":"https:\/\/www.jazzzeitung.de\/cms\/2024\/04\/wechsel-in-vorstand-und-geschaeftsfuehrung-der-deutschen-jazzunion\/#primaryimage","url":"https:\/\/i0.wp.com\/www.jazzzeitung.de\/cms\/wp-content\/uploads\/2024\/04\/2024-04-13_VerabschiedungUrsJohnen_VorstandCamilleUrs-scaled.jpg?fit=2560%2C1920&ssl=1","contentUrl":"https:\/\/i0.wp.com\/www.jazzzeitung.de\/cms\/wp-content\/uploads\/2024\/04\/2024-04-13_VerabschiedungUrsJohnen_VorstandCamilleUrs-scaled.jpg?fit=2560%2C1920&ssl=1","width":2560,"height":1920,"caption":"Stabswechel bei der Deutschen Jazzunion (v.l.n.r., hinten: Johanna Schneider, Camille Buscot, Michael Griener, Urs Johnen, Anette von Eichel; vorne: Felix Falk, Janning Trumann, Robert Lucaciu \u00a9 Julia Tornier"},{"@type":"BreadcrumbList","@id":"https:\/\/www.jazzzeitung.de\/cms\/2024\/04\/wechsel-in-vorstand-und-geschaeftsfuehrung-der-deutschen-jazzunion\/#breadcrumb","itemListElement":[{"@type":"ListItem","position":1,"name":"Startseite","item":"https:\/\/www.jazzzeitung.de\/cms\/"},{"@type":"ListItem","position":2,"name":"Wechsel in Vorstand und Gesch\u00e4ftsf\u00fchrung der Deutschen Jazzunion"}]},{"@type":"WebSite","@id":"https:\/\/www.jazzzeitung.de\/cms\/#website","url":"https:\/\/www.jazzzeitung.de\/cms\/","name":"JazzZeitung","description":"Jazz-News und Jazz-Kontroverses","publisher":{"@id":"https:\/\/www.jazzzeitung.de\/cms\/#organization"},"potentialAction":[{"@type":"SearchAction","target":{"@type":"EntryPoint","urlTemplate":"https:\/\/www.jazzzeitung.de\/cms\/?s={search_term_string}"},"query-input":{"@type":"PropertyValueSpecification","valueRequired":true,"valueName":"search_term_string"}}],"inLanguage":"de"},{"@type":"Organization","@id":"https:\/\/www.jazzzeitung.de\/cms\/#organization","name":"JazzZeitung online","url":"https:\/\/www.jazzzeitung.de\/cms\/","logo":{"@type":"ImageObject","inLanguage":"de","@id":"https:\/\/www.jazzzeitung.de\/cms\/#\/schema\/logo\/image\/","url":"https:\/\/i0.wp.com\/www.jazzzeitung.de\/cms\/wp-content\/uploads\/2015\/08\/JAZZZEITUNGDE_Logo_Neu.png?fit=499%2C200&ssl=1","contentUrl":"https:\/\/i0.wp.com\/www.jazzzeitung.de\/cms\/wp-content\/uploads\/2015\/08\/JAZZZEITUNGDE_Logo_Neu.png?fit=499%2C200&ssl=1","width":499,"height":200,"caption":"JazzZeitung online"},"image":{"@id":"https:\/\/www.jazzzeitung.de\/cms\/#\/schema\/logo\/image\/"},"sameAs":["https:\/\/www.facebook.com\/JazzZeitung\/"]},{"@type":"Person","@id":"https:\/\/www.jazzzeitung.de\/cms\/#\/schema\/person\/2245b36b9cd1d24cea10f01c031fb92b","name":"Redaktion JazzZeitung","image":{"@type":"ImageObject","inLanguage":"de","@id":"https:\/\/i0.wp.com\/www.jazzzeitung.de\/cms\/wp-content\/uploads\/2015\/08\/JAZZZEITUNGDE_Logo_Neu.png?resize=96%2C96&ssl=159975dcacb611b5700bd619b5daf0a7a","url":"https:\/\/i0.wp.com\/www.jazzzeitung.de\/cms\/wp-content\/uploads\/2015\/08\/JAZZZEITUNGDE_Logo_Neu.png?resize=96%2C96&ssl=1","contentUrl":"https:\/\/i0.wp.com\/www.jazzzeitung.de\/cms\/wp-content\/uploads\/2015\/08\/JAZZZEITUNGDE_Logo_Neu.png?resize=96%2C96&ssl=1","caption":"Redaktion JazzZeitung"},"description":"Artikel der Redaktion der JazzZeitung.","sameAs":["http:\/\/www.jazzzeitung.de\/cms\/"],"url":"https:\/\/www.jazzzeitung.de\/cms\/author\/redaktion\/"}]}},"wp-worthy-pixel":{"ignored":true,"public":null,"server":null,"url":null},"wp-worthy-type":"normal","jetpack_publicize_connections":[],"cc_featured_image_caption":{"caption_text":"Stabswechel bei der Deutschen Jazzunion (v.l.n.r., hinten: Johanna Schneider, Camille Buscot, Michael Griener, Urs Johnen, Anette von Eichel; vorne: Felix Falk, Janning Trumann, Robert Lucaciu ","source_text":"\u00a9 Julia Tornier","source_url":""},"jetpack_featured_media_url":"https:\/\/i0.wp.com\/www.jazzzeitung.de\/cms\/wp-content\/uploads\/2024\/04\/2024-04-13_VerabschiedungUrsJohnen_VorstandCamilleUrs-scaled.jpg?fit=2560%2C1920&ssl=1","jetpack_shortlink":"https:\/\/wp.me\/p3KEcT-81Q","jetpack-related-posts":[{"id":14205,"url":"https:\/\/www.jazzzeitung.de\/cms\/2017\/11\/nikolaus-neuser-ist-neuer-vorsitzender-der-union-deutscher-jazzmusiker\/","url_meta":{"origin":30866,"position":0},"title":"Nikolaus Neuser ist neuer Vorsitzender der Union Deutscher Jazzmusiker","author":"Redaktion JazzZeitung","date":"7. November 2017","format":false,"excerpt":"Der Berliner Jazztrompeter Nikolaus Neuser ist neuer Vorsitzender der Union Deutscher Jazzmusiker (UDJ). Er wurde auf der Mitgliederversammlung der berufs- und fachpolitischen Interessenvereinigung am 04. November 2017 in Berlin in das Amt gew\u00e4hlt. Neuser tritt die Nachfolge des Saxophonisten und Komponisten Gebhard Ullmann an, der den Vorsitz seit 2013 innehatte.\u2026","rel":"","context":"In &quot;News&quot;","block_context":{"text":"News","link":"https:\/\/www.jazzzeitung.de\/cms\/thema\/nachrichten\/"},"img":{"alt_text":"UDJ-Vorstand und Gesch\u00e4ftsf\u00fchrer mit altem und neuem Vorsitzenden. V. l. n. r.: Silke Eberhard, Benjamin Schaefer, Anette von Eichel, Felix Falk,Gebhard Ullmann, Nikolaus Neuser, Alexandra Lehmler und Urs Johnen","src":"https:\/\/i0.wp.com\/www.jazzzeitung.de\/cms\/wp-content\/uploads\/2017\/11\/udj_vorstand_c_manuel_miethe.jpg?fit=1200%2C800&ssl=1&resize=350%2C200","width":350,"height":200,"srcset":"https:\/\/i0.wp.com\/www.jazzzeitung.de\/cms\/wp-content\/uploads\/2017\/11\/udj_vorstand_c_manuel_miethe.jpg?fit=1200%2C800&ssl=1&resize=350%2C200 1x, https:\/\/i0.wp.com\/www.jazzzeitung.de\/cms\/wp-content\/uploads\/2017\/11\/udj_vorstand_c_manuel_miethe.jpg?fit=1200%2C800&ssl=1&resize=525%2C300 1.5x, https:\/\/i0.wp.com\/www.jazzzeitung.de\/cms\/wp-content\/uploads\/2017\/11\/udj_vorstand_c_manuel_miethe.jpg?fit=1200%2C800&ssl=1&resize=700%2C400 2x, https:\/\/i0.wp.com\/www.jazzzeitung.de\/cms\/wp-content\/uploads\/2017\/11\/udj_vorstand_c_manuel_miethe.jpg?fit=1200%2C800&ssl=1&resize=1050%2C600 3x"},"classes":[]},{"id":27327,"url":"https:\/\/www.jazzzeitung.de\/cms\/2022\/05\/newsneun-jahre-sofiadeutsche-jazzunion-waehlt-neuen-vorstanddie-neue-jazzstudie-2022-der-deutschen-jazzunion\/","url_meta":{"origin":30866,"position":1},"title":"+++ news +++ Neun Jahre SOFIA +++ Deutsche Jazzunion w\u00e4hlt neuen Vorstand +++ Die neue Jazzstudie 2022 der Deutschen Jazzunion +++","author":"Redaktion JazzZeitung","date":"12. Mai 2022","format":false,"excerpt":"+++ Neun Jahre SOFIA +++ Nicole Joh\u00e4nntgen l\u00e4dt wieder einmal zu einer neuen Ausgabe von SOFIA ein. 2013, vor neun Jahren,\u00a0 hat sie den Music- und Business Workshop SOFIA Support Of Female Improvising Artists ins Leben gerufen. SOFIA unterst\u00fctzt seither erfolgreich Nachwuchs-Jazzmusikerinnen weltweit. Ab 18. Mai finden in Z\u00fcrich, Villa\u2026","rel":"","context":"In &quot;News&quot;","block_context":{"text":"News","link":"https:\/\/www.jazzzeitung.de\/cms\/thema\/nachrichten\/"},"img":{"alt_text":"","src":"https:\/\/i0.wp.com\/www.jazzzeitung.de\/cms\/wp-content\/uploads\/2022\/05\/SOFIAscreenshot-e1652352739176.png?fit=1200%2C627&ssl=1&resize=350%2C200","width":350,"height":200,"srcset":"https:\/\/i0.wp.com\/www.jazzzeitung.de\/cms\/wp-content\/uploads\/2022\/05\/SOFIAscreenshot-e1652352739176.png?fit=1200%2C627&ssl=1&resize=350%2C200 1x, https:\/\/i0.wp.com\/www.jazzzeitung.de\/cms\/wp-content\/uploads\/2022\/05\/SOFIAscreenshot-e1652352739176.png?fit=1200%2C627&ssl=1&resize=525%2C300 1.5x, https:\/\/i0.wp.com\/www.jazzzeitung.de\/cms\/wp-content\/uploads\/2022\/05\/SOFIAscreenshot-e1652352739176.png?fit=1200%2C627&ssl=1&resize=700%2C400 2x, https:\/\/i0.wp.com\/www.jazzzeitung.de\/cms\/wp-content\/uploads\/2022\/05\/SOFIAscreenshot-e1652352739176.png?fit=1200%2C627&ssl=1&resize=1050%2C600 3x"},"classes":[]},{"id":21728,"url":"https:\/\/www.jazzzeitung.de\/cms\/2020\/01\/jazzszene-begruesst-entscheidung-fuer-ankerinstitution-des-jazz-in-berlin\/","url_meta":{"origin":30866,"position":2},"title":"Jazzszene begr\u00fc\u00dft Entscheidung f\u00fcr Ankerinstitution des Jazz in Berlin","author":"Redaktion JazzZeitung","date":"21. Januar 2020","format":false,"excerpt":"Pressemitteilung der Deutschen Jazzunion: In Alter M\u00fcnze Berlin soll\u00a0 Zentrum f\u00fcr Jazz und improvisierte Musik entstehen +++ Grundlage von Deutscher Jazzunion, IG Jazz Berlin und Till Br\u00f6nner entwickelt +++ Neuser: \u201eStarkes Signal f\u00fcr Bedeutung von Jazz in und aus Deutschland!\u201c Vertreter*innen der deutschen Jazzszene begr\u00fc\u00dfen die Ank\u00fcndigung des Berliner Senats,\u2026","rel":"","context":"In &quot;News&quot;","block_context":{"text":"News","link":"https:\/\/www.jazzzeitung.de\/cms\/thema\/nachrichten\/"},"img":{"alt_text":"Wir m\u00fcssen drau\u00dfen bleiben. Jazz ohne Echo. Foto: Hufner","src":"https:\/\/i0.wp.com\/www.jazzzeitung.de\/cms\/wp-content\/uploads\/2017\/10\/alles_bio_qualitaet.jpg?fit=1200%2C783&ssl=1&resize=350%2C200","width":350,"height":200,"srcset":"https:\/\/i0.wp.com\/www.jazzzeitung.de\/cms\/wp-content\/uploads\/2017\/10\/alles_bio_qualitaet.jpg?fit=1200%2C783&ssl=1&resize=350%2C200 1x, https:\/\/i0.wp.com\/www.jazzzeitung.de\/cms\/wp-content\/uploads\/2017\/10\/alles_bio_qualitaet.jpg?fit=1200%2C783&ssl=1&resize=525%2C300 1.5x, https:\/\/i0.wp.com\/www.jazzzeitung.de\/cms\/wp-content\/uploads\/2017\/10\/alles_bio_qualitaet.jpg?fit=1200%2C783&ssl=1&resize=700%2C400 2x, https:\/\/i0.wp.com\/www.jazzzeitung.de\/cms\/wp-content\/uploads\/2017\/10\/alles_bio_qualitaet.jpg?fit=1200%2C783&ssl=1&resize=1050%2C600 3x"},"classes":[]},{"id":30569,"url":"https:\/\/www.jazzzeitung.de\/cms\/2024\/02\/news-camille-buscot-zur-dju-martin-schmitt-in-oberthulba-jazzfestival-saalfelden-2024\/","url_meta":{"origin":30866,"position":3},"title":"+++ news +++ Camille Buscot zur DJU +++ Martin Schmitt in Oberthulba +++ Jazzfestival Saalfelden 2024 +++","author":"Redaktion JazzZeitung","date":"8. Februar 2024","format":false,"excerpt":"+++ Camille Buscot wird neue Gesch\u00e4ftsf\u00fchrerin der Deutschen Jazzunion +++ (PM Deutsche Jazzunion) Stabs\u00fcbergabe beim Sprachrohr der Jazzmusiker*innen in Deutschland: Die erfahrene Kulturmanagerin und Mitstreiterin der Jazz- und Improvisationsszene Camille Buscot \u00fcbernimmt ab dem 1. Mai die Gesch\u00e4ftsf\u00fchrung der Deutschen Jazzunion. Ihr Vorg\u00e4nger Urs Johnen wird nach achtj\u00e4hriger Amtszeit im\u2026","rel":"","context":"In &quot;News&quot;","block_context":{"text":"News","link":"https:\/\/www.jazzzeitung.de\/cms\/thema\/nachrichten\/"},"img":{"alt_text":"","src":"https:\/\/i0.wp.com\/www.jazzzeitung.de\/cms\/wp-content\/uploads\/2024\/02\/Camille-BuscoBen-Gross.jpeg?fit=850%2C567&ssl=1&resize=350%2C200","width":350,"height":200,"srcset":"https:\/\/i0.wp.com\/www.jazzzeitung.de\/cms\/wp-content\/uploads\/2024\/02\/Camille-BuscoBen-Gross.jpeg?fit=850%2C567&ssl=1&resize=350%2C200 1x, https:\/\/i0.wp.com\/www.jazzzeitung.de\/cms\/wp-content\/uploads\/2024\/02\/Camille-BuscoBen-Gross.jpeg?fit=850%2C567&ssl=1&resize=525%2C300 1.5x, https:\/\/i0.wp.com\/www.jazzzeitung.de\/cms\/wp-content\/uploads\/2024\/02\/Camille-BuscoBen-Gross.jpeg?fit=850%2C567&ssl=1&resize=700%2C400 2x"},"classes":[]},{"id":32477,"url":"https:\/\/www.jazzzeitung.de\/cms\/2025\/04\/news-save-the-date-suedtirol-jazzfestival-alto-adige-2025-deutsche-jazzunion-waehlt-neuen-vorstand\/","url_meta":{"origin":30866,"position":4},"title":"+++ news +++ Save the Date: S\u00fcdtirol Jazzfestival Alto Adige 2025 +++ Deutsche Jazzunion w\u00e4hlt neuen Vorstand +++","author":"Redaktion JazzZeitung","date":"28. April 2025","format":false,"excerpt":"+++ Die Welt ist Klang - S\u00fcdtirol Jazzfestival Alto Adige 2025 +++ Wie entsteht ein \u201eeigener Sound\u201d? Und was klingt \u2013 heute \u2013 gut? Jazzmusiker und Jazzmusikerinnen haben \u2013 anders als in der europ\u00e4ischen Kunstmusik \u2013 ihren eigenen Sound und der Ausdruck ist dabei immer wichtiger als der sch\u00f6ne Klang.\u2026","rel":"","context":"In &quot;Redaktionelle Nachrichten&quot;","block_context":{"text":"Redaktionelle Nachrichten","link":"https:\/\/www.jazzzeitung.de\/cms\/thema\/redaktion\/"},"img":{"alt_text":"","src":"https:\/\/i0.wp.com\/www.jazzzeitung.de\/cms\/wp-content\/uploads\/2025\/04\/BrainteaserOrchestra_Artwork_Liggend_Geel-c-Mike-Pasarella_Floor-Rehbach.jpg?fit=835%2C566&ssl=1&resize=350%2C200","width":350,"height":200,"srcset":"https:\/\/i0.wp.com\/www.jazzzeitung.de\/cms\/wp-content\/uploads\/2025\/04\/BrainteaserOrchestra_Artwork_Liggend_Geel-c-Mike-Pasarella_Floor-Rehbach.jpg?fit=835%2C566&ssl=1&resize=350%2C200 1x, https:\/\/i0.wp.com\/www.jazzzeitung.de\/cms\/wp-content\/uploads\/2025\/04\/BrainteaserOrchestra_Artwork_Liggend_Geel-c-Mike-Pasarella_Floor-Rehbach.jpg?fit=835%2C566&ssl=1&resize=525%2C300 1.5x, https:\/\/i0.wp.com\/www.jazzzeitung.de\/cms\/wp-content\/uploads\/2025\/04\/BrainteaserOrchestra_Artwork_Liggend_Geel-c-Mike-Pasarella_Floor-Rehbach.jpg?fit=835%2C566&ssl=1&resize=700%2C400 2x"},"classes":[]},{"id":19583,"url":"https:\/\/www.jazzzeitung.de\/cms\/2019\/05\/union-deutscher-jazzmusiker-udj-in-deutsche-jazzunion-umbenannt\/","url_meta":{"origin":30866,"position":5},"title":"\u201eUnion Deutscher Jazzmusiker\u201c (UDJ) in \u201eDeutsche Jazzunion\u201c umbenannt","author":"Redaktion JazzZeitung","date":"27. Mai 2019","format":false,"excerpt":"Berlin, 27.05.2019 | Die Interessenvertretung der Jazzmusikerinnen und -musiker in Deutschland hat einen neuen Namen. Die Mitglieder des 1973 gegr\u00fcndeten Verbands beschlossen auf ihrer Mitgliederversammlung in Bremen, den Namen \u201eUnion Deutscher Jazzmusiker\u201c in \u201eDeutsche Jazzunion\u201c zu \u00e4ndern. Mit der Namens\u00e4nderung will der Verband als Sprachrohr der Jazzmusiker*innen in Deutschland der\u2026","rel":"","context":"In &quot;News&quot;","block_context":{"text":"News","link":"https:\/\/www.jazzzeitung.de\/cms\/thema\/nachrichten\/"},"img":{"alt_text":"Logo der Deutschen Jazzunion","src":"https:\/\/i0.wp.com\/www.jazzzeitung.de\/cms\/wp-content\/uploads\/2019\/05\/DeutscheJazzunion.png?fit=811%2C456&ssl=1&resize=350%2C200","width":350,"height":200,"srcset":"https:\/\/i0.wp.com\/www.jazzzeitung.de\/cms\/wp-content\/uploads\/2019\/05\/DeutscheJazzunion.png?fit=811%2C456&ssl=1&resize=350%2C200 1x, https:\/\/i0.wp.com\/www.jazzzeitung.de\/cms\/wp-content\/uploads\/2019\/05\/DeutscheJazzunion.png?fit=811%2C456&ssl=1&resize=525%2C300 1.5x, https:\/\/i0.wp.com\/www.jazzzeitung.de\/cms\/wp-content\/uploads\/2019\/05\/DeutscheJazzunion.png?fit=811%2C456&ssl=1&resize=700%2C400 2x"},"classes":[]}],"jetpack_sharing_enabled":true,"_links":{"self":[{"href":"https:\/\/www.jazzzeitung.de\/cms\/wp-json\/wp\/v2\/posts\/30866","targetHints":{"allow":["GET"]}}],"collection":[{"href":"https:\/\/www.jazzzeitung.de\/cms\/wp-json\/wp\/v2\/posts"}],"about":[{"href":"https:\/\/www.jazzzeitung.de\/cms\/wp-json\/wp\/v2\/types\/post"}],"author":[{"embeddable":true,"href":"https:\/\/www.jazzzeitung.de\/cms\/wp-json\/wp\/v2\/users\/18"}],"replies":[{"embeddable":true,"href":"https:\/\/www.jazzzeitung.de\/cms\/wp-json\/wp\/v2\/comments?post=30866"}],"version-history":[{"count":1,"href":"https:\/\/www.jazzzeitung.de\/cms\/wp-json\/wp\/v2\/posts\/30866\/revisions"}],"predecessor-version":[{"id":30868,"href":"https:\/\/www.jazzzeitung.de\/cms\/wp-json\/wp\/v2\/posts\/30866\/revisions\/30868"}],"wp:featuredmedia":[{"embeddable":true,"href":"https:\/\/www.jazzzeitung.de\/cms\/wp-json\/wp\/v2\/media\/30867"}],"wp:attachment":[{"href":"https:\/\/www.jazzzeitung.de\/cms\/wp-json\/wp\/v2\/media?parent=30866"}],"wp:term":[{"taxonomy":"category","embeddable":true,"href":"https:\/\/www.jazzzeitung.de\/cms\/wp-json\/wp\/v2\/categories?post=30866"},{"taxonomy":"post_tag","embeddable":true,"href":"https:\/\/www.jazzzeitung.de\/cms\/wp-json\/wp\/v2\/tags?post=30866"},{"taxonomy":"author","embeddable":true,"href":"https:\/\/www.jazzzeitung.de\/cms\/wp-json\/wp\/v2\/coauthors?post=30866"}],"curies":[{"name":"wp","href":"https:\/\/api.w.org\/{rel}","templated":true}]}}