{"id":30853,"date":"2024-04-11T10:21:07","date_gmt":"2024-04-11T08:21:07","guid":{"rendered":"https:\/\/www.jazzzeitung.de\/cms\/?p=30853"},"modified":"2024-04-11T10:21:07","modified_gmt":"2024-04-11T08:21:07","slug":"jazzfestival-saalfelden-20-jahre-jazzwerkstatt-wien-youn-sun-nah-im-karlstorbahnhof-heidelberg-und-mehr","status":"publish","type":"post","link":"https:\/\/www.jazzzeitung.de\/cms\/2024\/04\/jazzfestival-saalfelden-20-jahre-jazzwerkstatt-wien-youn-sun-nah-im-karlstorbahnhof-heidelberg-und-mehr\/","title":{"rendered":"+++ Jazzfestival Saalfelden +++ 20 Jahre JazzWerkstatt Wien +++ Youn Sun Nah im Karlstorbahnhof Heidelberg und mehr +++"},"content":{"rendered":"<h3>44. Jazzfestival Saalfelden vom 22.-25. August<\/h3>\n<p>Beim diesj\u00e4hrigen Jazzfestival Saalfelden treten K\u00fcnstler*innen wie <b>James Brandon Lewis <\/b>und\u00a0<b>The Messthetics,<\/b> <b>Joe Lally<\/b>\u00a0am Bass,<b>\u00a0Brendan Canty<\/b>\u00a0am Schlagwerk und Gitarrist\u00a0<b>Anthony Pirog<\/b> auf. Ebenfalls zu h\u00f6ren sein werden <b>Amirtha Kidambi&#8217;s Elder Ones,<\/b>\u00a0<b>Sofia Jernberg<\/b>, <b>The End<\/b>.\u00a0<b>Kjetil M\u00f8ster<\/b>\u00a0(cl \/t-sax\/electronics),\u00a0<b>Mats Gustafsson<\/b>\u00a0(fl, b-sax, electronics),\u00a0<b>Anders Hana<\/b>\u00a0(bar- &amp; bass guit, langeleik) und\u00a0<b>B\u00f8rge Fjordheim<\/b> (dr).<\/p>\n<p>Tickets\u00a0f\u00fcr die kostenpflichtigen Konzerte<span class=\"v1apple-converted-space\">\u00a0auf<\/span>\u00a0der Mainstage &amp; Otto-Gruberhalle sowie den Short Cuts k\u00f6nnen online bestellt werden unter:<span class=\"v1apple-converted-space\">\u00a0<\/span><b><a title=\"https:\/\/tickets.jazzsaalfelden.com\/\" href=\"https:\/\/tickets.jazzsaalfelden.com\/\" target=\"_blank\" rel=\"noopener noreferrer\">https:\/\/tickets.jazzsaalfelden.com\/<\/a><\/b><\/p>\n<h3>20 Jahre JazzWerkstatt Wien 2004 &#8211; 2024<\/h3>\n<p>Die JazzWerkstatt Wien arbeitet seit 2004 auf folgende Art und Weise:\u00a0K\u00fcnstler:innen kuratieren selbst und laden ihre Kolleg:innen ein, fordern sie heraus Neues zu probieren, stellen scheinbar gegens\u00e4tzliche Stile nebeneinander.\u00a0Dadurch entstand eines der wichtigsten Merkmale der zeitgen\u00f6ssischen Wiener Musikszene; die stilistischen Grenzen sind durchl\u00e4ssig, die Genres und die Publika durchmischen sich. Die Szenen arbeiten nun zusammen und schaffen einen alternativen \u201eWiener Klang&#8220;,\u00a0spannende neue Projekte und neue Musikformen zwischen den St\u00fchlen.<\/p>\n<p>Donnerstag 11. April: The sleep of reason produces monsters und Kurdophone<\/p>\n<p>Vorschau: 6. Juni 2024 | Esterh\u00e1zypark Open Air mit: Rojin Sharafi, Georg Vogel &amp; Andreas Lettner, Enesi M. &amp; Suprise Act<\/p>\n<ol>\n<li>\n<ul>\n<li>\n<ol>\n<li>Juni 2024 | Porgy &amp; Bess The Music Never Stops \u2013 24 Stunden mit der JazzWerkstatt<br \/>\n16:00 Uhr \u2013 16:00 Uhr \u2013 24 Acts<\/li>\n<\/ol>\n<\/li>\n<\/ul>\n<\/li>\n<li>September 2024 | WUK Museum\u00a0<em>zur\u00fcck an die Geburtsst\u00e4tte!<\/em><\/li>\n<li>September 2024 | das Werk<\/li>\n<li>September 2024 | das Werk\u00a0<em>2 Tage am Donaukanal in Clubatmosph\u00e4re<\/em><\/li>\n<li>September 2024 | Porgy &amp; Bess\u00a0<em>ohne Porgy keine Orgy<\/em><\/li>\n<li>September 2024 | Szene Wien\u00a0<em>zum ersten mal nach Simmering \u2013 wir retten jede Szene!<\/em><\/li>\n<\/ol>\n<p><strong>Youn Sun Nah im Karlstorbahnhof Heidelberg: <\/strong><strong>Weitere Best\u00e4tigung f\u00fcr das Enjoy Jazz Festival 2024<\/strong><\/p>\n<p>Die s\u00fcdkoreanische Jazzs\u00e4ngerin Youn Sun Nah wird bei der 26. Ausgabe des Enjoy Jazz Festivals in der Metropolregion Rhein-Neckar zu Gast sein. Sie tritt im Duo mit dem Pianisten Bojan Z am Mittwoch, den 23. Oktober im Karlstorbahnhof Heidelberg auf und pr\u00e4sentiert dann die St\u00fccke ihres aktuellen Albums. Karten f\u00fcr die Veranstaltung kosten im Vorverkauf ab 42,80 Euro und sind an allen bekannten Reservix-Vorverkaufsstellen sowie online unter\u00a0<a href=\"http:\/\/www.enjoyjazz.de\/\" target=\"_blank\" rel=\"noopener noreferrer\">www.enjoyjazz.de<\/a>\u00a0erh\u00e4ltlich.<\/p>\n<p class=\"v1MsoNormal\"><strong>Dombrowski beim 39. Kemptener Jazzfr\u00fchling<\/strong><\/p>\n<p class=\"v1MsoNormal\">Noch bevor es losgeht, konnten wir Ralf Dombrowski f\u00fcr eine Lesung in der KulturWIRtschaft gewinnen. Er liest am Freitag, 19. April, ab 19.00 Uhr in der KulturWIRtschaft aus seinem Buch \u201e111 Gr\u00fcnde, Jazz zu lieben\u201c, bringt H\u00f6rbeispiele mit und beantwortet Fragen.<\/p>\n","protected":false},"excerpt":{"rendered":"<p>44. Jazzfestival Saalfelden vom 22.-25. August Beim diesj\u00e4hrigen Jazzfestival Saalfelden treten K\u00fcnstler*innen wie James Brandon Lewis und\u00a0The Messthetics, Joe Lally\u00a0am Bass,\u00a0Brendan Canty\u00a0am Schlagwerk und Gitarrist\u00a0Anthony Pirog auf. Ebenfalls zu h\u00f6ren sein werden Amirtha Kidambi&#8217;s Elder Ones,\u00a0Sofia Jernberg, The End.\u00a0Kjetil M\u00f8ster\u00a0(cl \/t-sax\/electronics),\u00a0Mats Gustafsson\u00a0(fl, b-sax, electronics),\u00a0Anders Hana\u00a0(bar- &amp; bass guit, langeleik) und\u00a0B\u00f8rge Fjordheim (dr). Tickets\u00a0f\u00fcr die kostenpflichtigen Konzerte\u00a0auf\u00a0der Mainstage &amp; Otto-Gruberhalle sowie den Short Cuts k\u00f6nnen online bestellt werden unter:\u00a0https:\/\/tickets.jazzsaalfelden.com\/ 20 Jahre JazzWerkstatt Wien 2004 &#8211; 2024 Die JazzWerkstatt Wien arbeitet seit 2004 auf folgende Art und Weise:\u00a0K\u00fcnstler:innen kuratieren selbst und laden ihre Kolleg:innen ein, fordern sie heraus Neues zu probieren, stellen scheinbar gegens\u00e4tzliche Stile nebeneinander.\u00a0Dadurch entstand eines der wichtigsten Merkmale der zeitgen\u00f6ssischen Wiener Musikszene; die stilistischen Grenzen sind durchl\u00e4ssig, die Genres und die Publika durchmischen sich. Die Szenen arbeiten nun zusammen und schaffen einen alternativen \u201eWiener Klang&#8220;,\u00a0spannende neue Projekte und neue Musikformen zwischen den St\u00fchlen. Donnerstag 11. April: The sleep of reason produces monsters und Kurdophone Vorschau: 6. Juni 2024 | Esterh\u00e1zypark Open Air mit: Rojin Sharafi, Georg Vogel &amp; Andreas Lettner, Enesi M. &amp; Suprise Act Juni 2024 | Porgy &amp; Bess The Music Never &hellip;<\/p>\n","protected":false},"author":18,"featured_media":30854,"comment_status":"open","ping_status":"closed","sticky":false,"template":"","format":"standard","meta":{"_jetpack_memberships_contains_paid_content":false,"footnotes":"","jetpack_publicize_message":"","jetpack_publicize_feature_enabled":true,"jetpack_social_post_already_shared":true,"jetpack_social_options":{"image_generator_settings":{"template":"highway","default_image_id":0,"font":"","enabled":false},"version":2}},"categories":[633],"tags":[1291,5332,5331,973,1951],"coauthors":[695],"class_list":["post-30853","post","type-post","status-publish","format-standard","has-post-thumbnail","hentry","category-nachrichten","tag-enjoy-jazz","tag-jazzwerkstatt-wien","tag-karlstorbahnhof-heidelberg","tag-kemptener-jazzfruehling","tag-news"],"yoast_head":"<!-- This site is optimized with the Yoast SEO plugin v27.5 - https:\/\/yoast.com\/product\/yoast-seo-wordpress\/ -->\n<title>+++ Jazzfestival Saalfelden +++ 20 Jahre JazzWerkstatt Wien +++ Youn Sun Nah im Karlstorbahnhof Heidelberg und mehr +++ - JazzZeitung<\/title>\n<meta name=\"description\" content=\"Mit einem vielf\u00e4ltigen Angebot \u00fcberzeugt die Jazzszene im DACH Raum einmal mehr. Lesen Sie hier \u00fcber kommende Veranstaltungen\" \/>\n<meta name=\"robots\" content=\"index, follow, max-snippet:-1, max-image-preview:large, max-video-preview:-1\" \/>\n<link rel=\"canonical\" href=\"https:\/\/www.jazzzeitung.de\/cms\/2024\/04\/jazzfestival-saalfelden-20-jahre-jazzwerkstatt-wien-youn-sun-nah-im-karlstorbahnhof-heidelberg-und-mehr\/\" \/>\n<meta property=\"og:locale\" content=\"de_DE\" \/>\n<meta property=\"og:type\" content=\"article\" \/>\n<meta property=\"og:title\" content=\"+++ Jazzfestival Saalfelden +++ 20 Jahre JazzWerkstatt Wien +++ Youn Sun Nah im Karlstorbahnhof Heidelberg und mehr +++ - JazzZeitung\" \/>\n<meta property=\"og:description\" content=\"Mit einem vielf\u00e4ltigen Angebot \u00fcberzeugt die Jazzszene im DACH Raum einmal mehr. Lesen Sie hier \u00fcber kommende Veranstaltungen\" \/>\n<meta property=\"og:url\" content=\"https:\/\/www.jazzzeitung.de\/cms\/2024\/04\/jazzfestival-saalfelden-20-jahre-jazzwerkstatt-wien-youn-sun-nah-im-karlstorbahnhof-heidelberg-und-mehr\/\" \/>\n<meta property=\"og:site_name\" content=\"JazzZeitung\" \/>\n<meta property=\"article:publisher\" content=\"https:\/\/www.facebook.com\/JazzZeitung\/\" \/>\n<meta property=\"article:published_time\" content=\"2024-04-11T08:21:07+00:00\" \/>\n<meta property=\"og:image\" content=\"https:\/\/www.jazzzeitung.de\/cms\/wp-content\/uploads\/2024\/04\/Saalfelden.jpg\" \/>\n\t<meta property=\"og:image:width\" content=\"400\" \/>\n\t<meta property=\"og:image:height\" content=\"200\" \/>\n\t<meta property=\"og:image:type\" content=\"image\/jpeg\" \/>\n<meta name=\"author\" content=\"Redaktion JazzZeitung\" \/>\n<script type=\"application\/ld+json\" class=\"yoast-schema-graph\">{\"@context\":\"https:\\\/\\\/schema.org\",\"@graph\":[{\"@type\":\"Article\",\"@id\":\"https:\\\/\\\/www.jazzzeitung.de\\\/cms\\\/2024\\\/04\\\/jazzfestival-saalfelden-20-jahre-jazzwerkstatt-wien-youn-sun-nah-im-karlstorbahnhof-heidelberg-und-mehr\\\/#article\",\"isPartOf\":{\"@id\":\"https:\\\/\\\/www.jazzzeitung.de\\\/cms\\\/2024\\\/04\\\/jazzfestival-saalfelden-20-jahre-jazzwerkstatt-wien-youn-sun-nah-im-karlstorbahnhof-heidelberg-und-mehr\\\/\"},\"author\":{\"name\":\"Redaktion JazzZeitung\",\"@id\":\"https:\\\/\\\/www.jazzzeitung.de\\\/cms\\\/#\\\/schema\\\/person\\\/2245b36b9cd1d24cea10f01c031fb92b\"},\"headline\":\"+++ Jazzfestival Saalfelden +++ 20 Jahre JazzWerkstatt Wien +++ Youn Sun Nah im Karlstorbahnhof Heidelberg und mehr +++\",\"datePublished\":\"2024-04-11T08:21:07+00:00\",\"mainEntityOfPage\":{\"@id\":\"https:\\\/\\\/www.jazzzeitung.de\\\/cms\\\/2024\\\/04\\\/jazzfestival-saalfelden-20-jahre-jazzwerkstatt-wien-youn-sun-nah-im-karlstorbahnhof-heidelberg-und-mehr\\\/\"},\"wordCount\":412,\"commentCount\":0,\"publisher\":{\"@id\":\"https:\\\/\\\/www.jazzzeitung.de\\\/cms\\\/#organization\"},\"image\":{\"@id\":\"https:\\\/\\\/www.jazzzeitung.de\\\/cms\\\/2024\\\/04\\\/jazzfestival-saalfelden-20-jahre-jazzwerkstatt-wien-youn-sun-nah-im-karlstorbahnhof-heidelberg-und-mehr\\\/#primaryimage\"},\"thumbnailUrl\":\"https:\\\/\\\/i0.wp.com\\\/www.jazzzeitung.de\\\/cms\\\/wp-content\\\/uploads\\\/2024\\\/04\\\/Saalfelden.jpg?fit=400%2C200&ssl=1\",\"keywords\":[\"enjoy jazz\",\"Jazzwerkstatt Wien\",\"Karlstorbahnhof Heidelberg\",\"Kemptener Jazzfr\u00fchling\",\"News\"],\"articleSection\":[\"News\"],\"inLanguage\":\"de\",\"potentialAction\":[{\"@type\":\"CommentAction\",\"name\":\"Comment\",\"target\":[\"https:\\\/\\\/www.jazzzeitung.de\\\/cms\\\/2024\\\/04\\\/jazzfestival-saalfelden-20-jahre-jazzwerkstatt-wien-youn-sun-nah-im-karlstorbahnhof-heidelberg-und-mehr\\\/#respond\"]}]},{\"@type\":\"WebPage\",\"@id\":\"https:\\\/\\\/www.jazzzeitung.de\\\/cms\\\/2024\\\/04\\\/jazzfestival-saalfelden-20-jahre-jazzwerkstatt-wien-youn-sun-nah-im-karlstorbahnhof-heidelberg-und-mehr\\\/\",\"url\":\"https:\\\/\\\/www.jazzzeitung.de\\\/cms\\\/2024\\\/04\\\/jazzfestival-saalfelden-20-jahre-jazzwerkstatt-wien-youn-sun-nah-im-karlstorbahnhof-heidelberg-und-mehr\\\/\",\"name\":\"+++ Jazzfestival Saalfelden +++ 20 Jahre JazzWerkstatt Wien +++ Youn Sun Nah im Karlstorbahnhof Heidelberg und mehr +++ - JazzZeitung\",\"isPartOf\":{\"@id\":\"https:\\\/\\\/www.jazzzeitung.de\\\/cms\\\/#website\"},\"primaryImageOfPage\":{\"@id\":\"https:\\\/\\\/www.jazzzeitung.de\\\/cms\\\/2024\\\/04\\\/jazzfestival-saalfelden-20-jahre-jazzwerkstatt-wien-youn-sun-nah-im-karlstorbahnhof-heidelberg-und-mehr\\\/#primaryimage\"},\"image\":{\"@id\":\"https:\\\/\\\/www.jazzzeitung.de\\\/cms\\\/2024\\\/04\\\/jazzfestival-saalfelden-20-jahre-jazzwerkstatt-wien-youn-sun-nah-im-karlstorbahnhof-heidelberg-und-mehr\\\/#primaryimage\"},\"thumbnailUrl\":\"https:\\\/\\\/i0.wp.com\\\/www.jazzzeitung.de\\\/cms\\\/wp-content\\\/uploads\\\/2024\\\/04\\\/Saalfelden.jpg?fit=400%2C200&ssl=1\",\"datePublished\":\"2024-04-11T08:21:07+00:00\",\"description\":\"Mit einem vielf\u00e4ltigen Angebot \u00fcberzeugt die Jazzszene im DACH Raum einmal mehr. Lesen Sie hier \u00fcber kommende Veranstaltungen\",\"breadcrumb\":{\"@id\":\"https:\\\/\\\/www.jazzzeitung.de\\\/cms\\\/2024\\\/04\\\/jazzfestival-saalfelden-20-jahre-jazzwerkstatt-wien-youn-sun-nah-im-karlstorbahnhof-heidelberg-und-mehr\\\/#breadcrumb\"},\"inLanguage\":\"de\",\"potentialAction\":[{\"@type\":\"ReadAction\",\"target\":[\"https:\\\/\\\/www.jazzzeitung.de\\\/cms\\\/2024\\\/04\\\/jazzfestival-saalfelden-20-jahre-jazzwerkstatt-wien-youn-sun-nah-im-karlstorbahnhof-heidelberg-und-mehr\\\/\"]}]},{\"@type\":\"ImageObject\",\"inLanguage\":\"de\",\"@id\":\"https:\\\/\\\/www.jazzzeitung.de\\\/cms\\\/2024\\\/04\\\/jazzfestival-saalfelden-20-jahre-jazzwerkstatt-wien-youn-sun-nah-im-karlstorbahnhof-heidelberg-und-mehr\\\/#primaryimage\",\"url\":\"https:\\\/\\\/i0.wp.com\\\/www.jazzzeitung.de\\\/cms\\\/wp-content\\\/uploads\\\/2024\\\/04\\\/Saalfelden.jpg?fit=400%2C200&ssl=1\",\"contentUrl\":\"https:\\\/\\\/i0.wp.com\\\/www.jazzzeitung.de\\\/cms\\\/wp-content\\\/uploads\\\/2024\\\/04\\\/Saalfelden.jpg?fit=400%2C200&ssl=1\",\"width\":400,\"height\":200},{\"@type\":\"BreadcrumbList\",\"@id\":\"https:\\\/\\\/www.jazzzeitung.de\\\/cms\\\/2024\\\/04\\\/jazzfestival-saalfelden-20-jahre-jazzwerkstatt-wien-youn-sun-nah-im-karlstorbahnhof-heidelberg-und-mehr\\\/#breadcrumb\",\"itemListElement\":[{\"@type\":\"ListItem\",\"position\":1,\"name\":\"Startseite\",\"item\":\"https:\\\/\\\/www.jazzzeitung.de\\\/cms\\\/\"},{\"@type\":\"ListItem\",\"position\":2,\"name\":\"+++ Jazzfestival Saalfelden +++ 20 Jahre JazzWerkstatt Wien +++ Youn Sun Nah im Karlstorbahnhof Heidelberg und mehr +++\"}]},{\"@type\":\"WebSite\",\"@id\":\"https:\\\/\\\/www.jazzzeitung.de\\\/cms\\\/#website\",\"url\":\"https:\\\/\\\/www.jazzzeitung.de\\\/cms\\\/\",\"name\":\"JazzZeitung\",\"description\":\"Jazz-News und Jazz-Kontroverses\",\"publisher\":{\"@id\":\"https:\\\/\\\/www.jazzzeitung.de\\\/cms\\\/#organization\"},\"potentialAction\":[{\"@type\":\"SearchAction\",\"target\":{\"@type\":\"EntryPoint\",\"urlTemplate\":\"https:\\\/\\\/www.jazzzeitung.de\\\/cms\\\/?s={search_term_string}\"},\"query-input\":{\"@type\":\"PropertyValueSpecification\",\"valueRequired\":true,\"valueName\":\"search_term_string\"}}],\"inLanguage\":\"de\"},{\"@type\":\"Organization\",\"@id\":\"https:\\\/\\\/www.jazzzeitung.de\\\/cms\\\/#organization\",\"name\":\"JazzZeitung online\",\"url\":\"https:\\\/\\\/www.jazzzeitung.de\\\/cms\\\/\",\"logo\":{\"@type\":\"ImageObject\",\"inLanguage\":\"de\",\"@id\":\"https:\\\/\\\/www.jazzzeitung.de\\\/cms\\\/#\\\/schema\\\/logo\\\/image\\\/\",\"url\":\"https:\\\/\\\/i0.wp.com\\\/www.jazzzeitung.de\\\/cms\\\/wp-content\\\/uploads\\\/2015\\\/08\\\/JAZZZEITUNGDE_Logo_Neu.png?fit=499%2C200&ssl=1\",\"contentUrl\":\"https:\\\/\\\/i0.wp.com\\\/www.jazzzeitung.de\\\/cms\\\/wp-content\\\/uploads\\\/2015\\\/08\\\/JAZZZEITUNGDE_Logo_Neu.png?fit=499%2C200&ssl=1\",\"width\":499,\"height\":200,\"caption\":\"JazzZeitung online\"},\"image\":{\"@id\":\"https:\\\/\\\/www.jazzzeitung.de\\\/cms\\\/#\\\/schema\\\/logo\\\/image\\\/\"},\"sameAs\":[\"https:\\\/\\\/www.facebook.com\\\/JazzZeitung\\\/\"]},{\"@type\":\"Person\",\"@id\":\"https:\\\/\\\/www.jazzzeitung.de\\\/cms\\\/#\\\/schema\\\/person\\\/2245b36b9cd1d24cea10f01c031fb92b\",\"name\":\"Redaktion JazzZeitung\",\"image\":{\"@type\":\"ImageObject\",\"inLanguage\":\"de\",\"@id\":\"https:\\\/\\\/i0.wp.com\\\/www.jazzzeitung.de\\\/cms\\\/wp-content\\\/uploads\\\/2015\\\/08\\\/JAZZZEITUNGDE_Logo_Neu.png?resize=96%2C96&ssl=159975dcacb611b5700bd619b5daf0a7a\",\"url\":\"https:\\\/\\\/i0.wp.com\\\/www.jazzzeitung.de\\\/cms\\\/wp-content\\\/uploads\\\/2015\\\/08\\\/JAZZZEITUNGDE_Logo_Neu.png?resize=96%2C96&ssl=1\",\"contentUrl\":\"https:\\\/\\\/i0.wp.com\\\/www.jazzzeitung.de\\\/cms\\\/wp-content\\\/uploads\\\/2015\\\/08\\\/JAZZZEITUNGDE_Logo_Neu.png?resize=96%2C96&ssl=1\",\"caption\":\"Redaktion JazzZeitung\"},\"description\":\"Artikel der Redaktion der JazzZeitung.\",\"sameAs\":[\"http:\\\/\\\/www.jazzzeitung.de\\\/cms\\\/\"],\"url\":\"https:\\\/\\\/www.jazzzeitung.de\\\/cms\\\/author\\\/redaktion\\\/\"}]}<\/script>\n<!-- \/ Yoast SEO plugin. -->","yoast_head_json":{"title":"+++ Jazzfestival Saalfelden +++ 20 Jahre JazzWerkstatt Wien +++ Youn Sun Nah im Karlstorbahnhof Heidelberg und mehr +++ - JazzZeitung","description":"Mit einem vielf\u00e4ltigen Angebot \u00fcberzeugt die Jazzszene im DACH Raum einmal mehr. Lesen Sie hier \u00fcber kommende Veranstaltungen","robots":{"index":"index","follow":"follow","max-snippet":"max-snippet:-1","max-image-preview":"max-image-preview:large","max-video-preview":"max-video-preview:-1"},"canonical":"https:\/\/www.jazzzeitung.de\/cms\/2024\/04\/jazzfestival-saalfelden-20-jahre-jazzwerkstatt-wien-youn-sun-nah-im-karlstorbahnhof-heidelberg-und-mehr\/","og_locale":"de_DE","og_type":"article","og_title":"+++ Jazzfestival Saalfelden +++ 20 Jahre JazzWerkstatt Wien +++ Youn Sun Nah im Karlstorbahnhof Heidelberg und mehr +++ - JazzZeitung","og_description":"Mit einem vielf\u00e4ltigen Angebot \u00fcberzeugt die Jazzszene im DACH Raum einmal mehr. Lesen Sie hier \u00fcber kommende Veranstaltungen","og_url":"https:\/\/www.jazzzeitung.de\/cms\/2024\/04\/jazzfestival-saalfelden-20-jahre-jazzwerkstatt-wien-youn-sun-nah-im-karlstorbahnhof-heidelberg-und-mehr\/","og_site_name":"JazzZeitung","article_publisher":"https:\/\/www.facebook.com\/JazzZeitung\/","article_published_time":"2024-04-11T08:21:07+00:00","og_image":[{"width":400,"height":200,"url":"https:\/\/www.jazzzeitung.de\/cms\/wp-content\/uploads\/2024\/04\/Saalfelden.jpg","type":"image\/jpeg"}],"author":"Redaktion JazzZeitung","schema":{"@context":"https:\/\/schema.org","@graph":[{"@type":"Article","@id":"https:\/\/www.jazzzeitung.de\/cms\/2024\/04\/jazzfestival-saalfelden-20-jahre-jazzwerkstatt-wien-youn-sun-nah-im-karlstorbahnhof-heidelberg-und-mehr\/#article","isPartOf":{"@id":"https:\/\/www.jazzzeitung.de\/cms\/2024\/04\/jazzfestival-saalfelden-20-jahre-jazzwerkstatt-wien-youn-sun-nah-im-karlstorbahnhof-heidelberg-und-mehr\/"},"author":{"name":"Redaktion JazzZeitung","@id":"https:\/\/www.jazzzeitung.de\/cms\/#\/schema\/person\/2245b36b9cd1d24cea10f01c031fb92b"},"headline":"+++ Jazzfestival Saalfelden +++ 20 Jahre JazzWerkstatt Wien +++ Youn Sun Nah im Karlstorbahnhof Heidelberg und mehr +++","datePublished":"2024-04-11T08:21:07+00:00","mainEntityOfPage":{"@id":"https:\/\/www.jazzzeitung.de\/cms\/2024\/04\/jazzfestival-saalfelden-20-jahre-jazzwerkstatt-wien-youn-sun-nah-im-karlstorbahnhof-heidelberg-und-mehr\/"},"wordCount":412,"commentCount":0,"publisher":{"@id":"https:\/\/www.jazzzeitung.de\/cms\/#organization"},"image":{"@id":"https:\/\/www.jazzzeitung.de\/cms\/2024\/04\/jazzfestival-saalfelden-20-jahre-jazzwerkstatt-wien-youn-sun-nah-im-karlstorbahnhof-heidelberg-und-mehr\/#primaryimage"},"thumbnailUrl":"https:\/\/i0.wp.com\/www.jazzzeitung.de\/cms\/wp-content\/uploads\/2024\/04\/Saalfelden.jpg?fit=400%2C200&ssl=1","keywords":["enjoy jazz","Jazzwerkstatt Wien","Karlstorbahnhof Heidelberg","Kemptener Jazzfr\u00fchling","News"],"articleSection":["News"],"inLanguage":"de","potentialAction":[{"@type":"CommentAction","name":"Comment","target":["https:\/\/www.jazzzeitung.de\/cms\/2024\/04\/jazzfestival-saalfelden-20-jahre-jazzwerkstatt-wien-youn-sun-nah-im-karlstorbahnhof-heidelberg-und-mehr\/#respond"]}]},{"@type":"WebPage","@id":"https:\/\/www.jazzzeitung.de\/cms\/2024\/04\/jazzfestival-saalfelden-20-jahre-jazzwerkstatt-wien-youn-sun-nah-im-karlstorbahnhof-heidelberg-und-mehr\/","url":"https:\/\/www.jazzzeitung.de\/cms\/2024\/04\/jazzfestival-saalfelden-20-jahre-jazzwerkstatt-wien-youn-sun-nah-im-karlstorbahnhof-heidelberg-und-mehr\/","name":"+++ Jazzfestival Saalfelden +++ 20 Jahre JazzWerkstatt Wien +++ Youn Sun Nah im Karlstorbahnhof Heidelberg und mehr +++ - JazzZeitung","isPartOf":{"@id":"https:\/\/www.jazzzeitung.de\/cms\/#website"},"primaryImageOfPage":{"@id":"https:\/\/www.jazzzeitung.de\/cms\/2024\/04\/jazzfestival-saalfelden-20-jahre-jazzwerkstatt-wien-youn-sun-nah-im-karlstorbahnhof-heidelberg-und-mehr\/#primaryimage"},"image":{"@id":"https:\/\/www.jazzzeitung.de\/cms\/2024\/04\/jazzfestival-saalfelden-20-jahre-jazzwerkstatt-wien-youn-sun-nah-im-karlstorbahnhof-heidelberg-und-mehr\/#primaryimage"},"thumbnailUrl":"https:\/\/i0.wp.com\/www.jazzzeitung.de\/cms\/wp-content\/uploads\/2024\/04\/Saalfelden.jpg?fit=400%2C200&ssl=1","datePublished":"2024-04-11T08:21:07+00:00","description":"Mit einem vielf\u00e4ltigen Angebot \u00fcberzeugt die Jazzszene im DACH Raum einmal mehr. Lesen Sie hier \u00fcber kommende Veranstaltungen","breadcrumb":{"@id":"https:\/\/www.jazzzeitung.de\/cms\/2024\/04\/jazzfestival-saalfelden-20-jahre-jazzwerkstatt-wien-youn-sun-nah-im-karlstorbahnhof-heidelberg-und-mehr\/#breadcrumb"},"inLanguage":"de","potentialAction":[{"@type":"ReadAction","target":["https:\/\/www.jazzzeitung.de\/cms\/2024\/04\/jazzfestival-saalfelden-20-jahre-jazzwerkstatt-wien-youn-sun-nah-im-karlstorbahnhof-heidelberg-und-mehr\/"]}]},{"@type":"ImageObject","inLanguage":"de","@id":"https:\/\/www.jazzzeitung.de\/cms\/2024\/04\/jazzfestival-saalfelden-20-jahre-jazzwerkstatt-wien-youn-sun-nah-im-karlstorbahnhof-heidelberg-und-mehr\/#primaryimage","url":"https:\/\/i0.wp.com\/www.jazzzeitung.de\/cms\/wp-content\/uploads\/2024\/04\/Saalfelden.jpg?fit=400%2C200&ssl=1","contentUrl":"https:\/\/i0.wp.com\/www.jazzzeitung.de\/cms\/wp-content\/uploads\/2024\/04\/Saalfelden.jpg?fit=400%2C200&ssl=1","width":400,"height":200},{"@type":"BreadcrumbList","@id":"https:\/\/www.jazzzeitung.de\/cms\/2024\/04\/jazzfestival-saalfelden-20-jahre-jazzwerkstatt-wien-youn-sun-nah-im-karlstorbahnhof-heidelberg-und-mehr\/#breadcrumb","itemListElement":[{"@type":"ListItem","position":1,"name":"Startseite","item":"https:\/\/www.jazzzeitung.de\/cms\/"},{"@type":"ListItem","position":2,"name":"+++ Jazzfestival Saalfelden +++ 20 Jahre JazzWerkstatt Wien +++ Youn Sun Nah im Karlstorbahnhof Heidelberg und mehr +++"}]},{"@type":"WebSite","@id":"https:\/\/www.jazzzeitung.de\/cms\/#website","url":"https:\/\/www.jazzzeitung.de\/cms\/","name":"JazzZeitung","description":"Jazz-News und Jazz-Kontroverses","publisher":{"@id":"https:\/\/www.jazzzeitung.de\/cms\/#organization"},"potentialAction":[{"@type":"SearchAction","target":{"@type":"EntryPoint","urlTemplate":"https:\/\/www.jazzzeitung.de\/cms\/?s={search_term_string}"},"query-input":{"@type":"PropertyValueSpecification","valueRequired":true,"valueName":"search_term_string"}}],"inLanguage":"de"},{"@type":"Organization","@id":"https:\/\/www.jazzzeitung.de\/cms\/#organization","name":"JazzZeitung online","url":"https:\/\/www.jazzzeitung.de\/cms\/","logo":{"@type":"ImageObject","inLanguage":"de","@id":"https:\/\/www.jazzzeitung.de\/cms\/#\/schema\/logo\/image\/","url":"https:\/\/i0.wp.com\/www.jazzzeitung.de\/cms\/wp-content\/uploads\/2015\/08\/JAZZZEITUNGDE_Logo_Neu.png?fit=499%2C200&ssl=1","contentUrl":"https:\/\/i0.wp.com\/www.jazzzeitung.de\/cms\/wp-content\/uploads\/2015\/08\/JAZZZEITUNGDE_Logo_Neu.png?fit=499%2C200&ssl=1","width":499,"height":200,"caption":"JazzZeitung online"},"image":{"@id":"https:\/\/www.jazzzeitung.de\/cms\/#\/schema\/logo\/image\/"},"sameAs":["https:\/\/www.facebook.com\/JazzZeitung\/"]},{"@type":"Person","@id":"https:\/\/www.jazzzeitung.de\/cms\/#\/schema\/person\/2245b36b9cd1d24cea10f01c031fb92b","name":"Redaktion JazzZeitung","image":{"@type":"ImageObject","inLanguage":"de","@id":"https:\/\/i0.wp.com\/www.jazzzeitung.de\/cms\/wp-content\/uploads\/2015\/08\/JAZZZEITUNGDE_Logo_Neu.png?resize=96%2C96&ssl=159975dcacb611b5700bd619b5daf0a7a","url":"https:\/\/i0.wp.com\/www.jazzzeitung.de\/cms\/wp-content\/uploads\/2015\/08\/JAZZZEITUNGDE_Logo_Neu.png?resize=96%2C96&ssl=1","contentUrl":"https:\/\/i0.wp.com\/www.jazzzeitung.de\/cms\/wp-content\/uploads\/2015\/08\/JAZZZEITUNGDE_Logo_Neu.png?resize=96%2C96&ssl=1","caption":"Redaktion JazzZeitung"},"description":"Artikel der Redaktion der JazzZeitung.","sameAs":["http:\/\/www.jazzzeitung.de\/cms\/"],"url":"https:\/\/www.jazzzeitung.de\/cms\/author\/redaktion\/"}]}},"wp-worthy-pixel":{"ignored":false,"public":null,"server":null,"url":null},"wp-worthy-type":"normal","jetpack_publicize_connections":[],"cc_featured_image_caption":{"caption_text":"","source_text":"","source_url":""},"jetpack_featured_media_url":"https:\/\/i0.wp.com\/www.jazzzeitung.de\/cms\/wp-content\/uploads\/2024\/04\/Saalfelden.jpg?fit=400%2C200&ssl=1","jetpack_shortlink":"https:\/\/wp.me\/p3KEcT-81D","jetpack-related-posts":[{"id":18138,"url":"https:\/\/www.jazzzeitung.de\/cms\/2018\/12\/winterjazz-suedtirol-jazzfestival-stellt-im-dezember-junge-bands-vor\/","url_meta":{"origin":30853,"position":0},"title":"Winterjazz &#8211; S\u00fcdtirol Jazzfestival stellt im Dezember junge Bands vor","author":"Redaktion JazzZeitung","date":"14. Dezember 2018","format":false,"excerpt":"Ein \u201ekleines\u201c Jazzfestival \u2013 mitten im Winter: Am 19. und 20. Dezember l\u00e4dt das S\u00fcdtirol Jazzfestival im Sudwerk des Batzenh\u00e4usl in Bozen zum ersten Mal zu Winterjazz ein. Auf dem Gabentisch liegen \u2013 nur wenige Tage vor dem Weihnachtsfest \u2013 junge Bands, die in der EUREGIO Jazzwerkstatt entstanden sind, das\u2026","rel":"","context":"In &quot;News&quot;","block_context":{"text":"News","link":"https:\/\/www.jazzzeitung.de\/cms\/thema\/nachrichten\/"},"img":{"alt_text":"","src":"https:\/\/i0.wp.com\/www.jazzzeitung.de\/cms\/wp-content\/uploads\/2018\/12\/1-c-Reza-Khota-300x200.jpg?resize=350%2C200&ssl=1","width":350,"height":200},"classes":[]},{"id":18933,"url":"https:\/\/www.jazzzeitung.de\/cms\/2019\/03\/news-joy-life-love-in-graz-sheila-jordan-mit-studierenden-der-kunstuniversitaet-10-jubilaeum-fuer-zettbe-das-magazin-nun-neu-40-internationales-jazzfestival-saalfelden\/","url_meta":{"origin":30853,"position":1},"title":"+++ News: +++ \u201eJoy \u2013 Life \u2013 Love\u201c in Graz: Sheila Jordan mit Studierenden der Kunstuniversit\u00e4t +++ 10. Jubil\u00e4um f\u00fcr Zettbe, das Magazin nun: \u201eNeu\u201c +++ 40. Internationales Jazzfestival Saalfelden +++","author":"Redaktion JazzZeitung","date":"14. M\u00e4rz 2019","format":false,"excerpt":"Artist in Residence: Joy \u2013 Life \u2013 Love an der KUG mit Sheila Jordan in Graz Erneut begr\u00fc\u00dft das Institut f\u00fcr Jazz der Kunstuniversit\u00e4t das KUG-Ehrenmitglied Sheila Jordan als Artist in Residence in Graz. Neben ihren Workshops mit den KUG-Studentinnen und Studenten ist die amerikanische Jazzgr\u00f6\u00dfe am 25. M\u00e4rz Sheila\u2026","rel":"","context":"In &quot;News&quot;","block_context":{"text":"News","link":"https:\/\/www.jazzzeitung.de\/cms\/thema\/nachrichten\/"},"img":{"alt_text":"","src":"https:\/\/i0.wp.com\/www.jazzzeitung.de\/cms\/wp-content\/uploads\/2019\/03\/BeitragsbildKUGJazz_SheilaJordan_JohannesGellner.jpg?fit=1200%2C800&ssl=1&resize=350%2C200","width":350,"height":200,"srcset":"https:\/\/i0.wp.com\/www.jazzzeitung.de\/cms\/wp-content\/uploads\/2019\/03\/BeitragsbildKUGJazz_SheilaJordan_JohannesGellner.jpg?fit=1200%2C800&ssl=1&resize=350%2C200 1x, https:\/\/i0.wp.com\/www.jazzzeitung.de\/cms\/wp-content\/uploads\/2019\/03\/BeitragsbildKUGJazz_SheilaJordan_JohannesGellner.jpg?fit=1200%2C800&ssl=1&resize=525%2C300 1.5x, https:\/\/i0.wp.com\/www.jazzzeitung.de\/cms\/wp-content\/uploads\/2019\/03\/BeitragsbildKUGJazz_SheilaJordan_JohannesGellner.jpg?fit=1200%2C800&ssl=1&resize=700%2C400 2x, https:\/\/i0.wp.com\/www.jazzzeitung.de\/cms\/wp-content\/uploads\/2019\/03\/BeitragsbildKUGJazz_SheilaJordan_JohannesGellner.jpg?fit=1200%2C800&ssl=1&resize=1050%2C600 3x"},"classes":[]},{"id":30569,"url":"https:\/\/www.jazzzeitung.de\/cms\/2024\/02\/news-camille-buscot-zur-dju-martin-schmitt-in-oberthulba-jazzfestival-saalfelden-2024\/","url_meta":{"origin":30853,"position":2},"title":"+++ news +++ Camille Buscot zur DJU +++ Martin Schmitt in Oberthulba +++ Jazzfestival Saalfelden 2024 +++","author":"Redaktion JazzZeitung","date":"8. Februar 2024","format":false,"excerpt":"+++ Camille Buscot wird neue Gesch\u00e4ftsf\u00fchrerin der Deutschen Jazzunion +++ (PM Deutsche Jazzunion) Stabs\u00fcbergabe beim Sprachrohr der Jazzmusiker*innen in Deutschland: Die erfahrene Kulturmanagerin und Mitstreiterin der Jazz- und Improvisationsszene Camille Buscot \u00fcbernimmt ab dem 1. Mai die Gesch\u00e4ftsf\u00fchrung der Deutschen Jazzunion. Ihr Vorg\u00e4nger Urs Johnen wird nach achtj\u00e4hriger Amtszeit im\u2026","rel":"","context":"In &quot;News&quot;","block_context":{"text":"News","link":"https:\/\/www.jazzzeitung.de\/cms\/thema\/nachrichten\/"},"img":{"alt_text":"","src":"https:\/\/i0.wp.com\/www.jazzzeitung.de\/cms\/wp-content\/uploads\/2024\/02\/Camille-BuscoBen-Gross.jpeg?fit=850%2C567&ssl=1&resize=350%2C200","width":350,"height":200,"srcset":"https:\/\/i0.wp.com\/www.jazzzeitung.de\/cms\/wp-content\/uploads\/2024\/02\/Camille-BuscoBen-Gross.jpeg?fit=850%2C567&ssl=1&resize=350%2C200 1x, https:\/\/i0.wp.com\/www.jazzzeitung.de\/cms\/wp-content\/uploads\/2024\/02\/Camille-BuscoBen-Gross.jpeg?fit=850%2C567&ssl=1&resize=525%2C300 1.5x, https:\/\/i0.wp.com\/www.jazzzeitung.de\/cms\/wp-content\/uploads\/2024\/02\/Camille-BuscoBen-Gross.jpeg?fit=850%2C567&ssl=1&resize=700%2C400 2x"},"classes":[]},{"id":16237,"url":"https:\/\/www.jazzzeitung.de\/cms\/2018\/06\/news-3\/","url_meta":{"origin":30853,"position":3},"title":"+++NEWS+++ Jazz am See 2018 in Rheinsberg+++Jazz im Allegro Pianoforti in M\u00fcnchen+++Sonderkonzert des Jazzclub Nordhausen: Alex\u2019s Hand +++Internationales Jazzfestival Saalfelden 2018+++","author":"Redaktion JazzZeitung","date":"1. Juni 2018","format":false,"excerpt":"Jazz am See 2018 in Rheinsberg Heute Abend, am Freitag, den 1. Juni 2018, findet das vorletzte Konzert Reihe \"Jazz am See\" in Rheinsberg statt: Ab 19.30 Uhr das Ensemble \"Marko Mebus Cologne Experiment\" die Seeb\u00fchne. Die f\u00fcnf jungen Musiker aus Mainz und K\u00f6ln begeistern mit Entdeckergeist, Virtuosit\u00e4t und schillerndem\u2026","rel":"","context":"In &quot;News&quot;","block_context":{"text":"News","link":"https:\/\/www.jazzzeitung.de\/cms\/thema\/nachrichten\/"},"img":{"alt_text":"","src":"https:\/\/i0.wp.com\/www.jazzzeitung.de\/cms\/wp-content\/uploads\/2018\/06\/Shabaka-Hutchings-.jpg?fit=720%2C480&ssl=1&resize=350%2C200","width":350,"height":200,"srcset":"https:\/\/i0.wp.com\/www.jazzzeitung.de\/cms\/wp-content\/uploads\/2018\/06\/Shabaka-Hutchings-.jpg?fit=720%2C480&ssl=1&resize=350%2C200 1x, https:\/\/i0.wp.com\/www.jazzzeitung.de\/cms\/wp-content\/uploads\/2018\/06\/Shabaka-Hutchings-.jpg?fit=720%2C480&ssl=1&resize=525%2C300 1.5x, https:\/\/i0.wp.com\/www.jazzzeitung.de\/cms\/wp-content\/uploads\/2018\/06\/Shabaka-Hutchings-.jpg?fit=720%2C480&ssl=1&resize=700%2C400 2x"},"classes":[]},{"id":12583,"url":"https:\/\/www.jazzzeitung.de\/cms\/2017\/06\/news-38-internationales-jazzfestival-saalfelden-24-27-08-2017\/","url_meta":{"origin":30853,"position":4},"title":"+++ News +++ Jazz im Hamburger Hafen: Elbjazz-Festival startet heute! +++  Stefan Frank Band ft. Michel Kneule 7.06.2017 in der AalenerJamSession +++ 38. Internationales Jazzfestival Saalfelden 24.-27.08.2017 +++","author":"Redaktion JazzZeitung","date":"2. Juni 2017","format":false,"excerpt":"+++ Jazz im Hamburger Hafen: Elbjazz-Festival startet heute! +++ Nach einj\u00e4hriger Pause kehrt am Freitag, den 2.06.2017 das Elbjazz-Festival in den Hamburger Hafen zur\u00fcck. In diesem Jahr werden auf acht B\u00fchnen\u00a0neben zahlreichen\u00a0Newcomern auch diverse Stars der Szene spielen, teilte der Veranstalter mit.\u00a0Zu den diesj\u00e4hrigen Highlights z\u00e4hlen Auftritte des\u00a0Joshua Redman Trios,\u2026","rel":"","context":"In &quot;News&quot;","block_context":{"text":"News","link":"https:\/\/www.jazzzeitung.de\/cms\/thema\/nachrichten\/"},"img":{"alt_text":"","src":"https:\/\/i0.wp.com\/www.jazzzeitung.de\/cms\/wp-content\/uploads\/2017\/06\/ELBJAZZ_Logo_schw-300x239.jpg?resize=350%2C200&ssl=1","width":350,"height":200},"classes":[]},{"id":11589,"url":"https:\/\/www.jazzzeitung.de\/cms\/2017\/01\/so-war-das-3-tage-jazz-in-saalfelden\/","url_meta":{"origin":30853,"position":5},"title":"So war das \u201e3 Tage Jazz\u201c in Saalfelden","author":"Redaktion JazzZeitung","date":"25. Januar 2017","format":false,"excerpt":"Fast 40 Jahre ist es her, als das heutige Jazzfestival Saalfelden unter dem Namen \"3 Tage Jazz\" 1978 seine Tore \u00f6ffnete. Nun im Jahr 2017 konnte man schon zum zweiten Mal den unkonventionellen Jazzt\u00f6nen auch im Winter lauschen und so pr\u00e4sentierten wir beim \u201e3 Tage Jazz\u201c von 20.\u00a0 bis 22.\u2026","rel":"","context":"In &quot;Bericht&quot;","block_context":{"text":"Bericht","link":"https:\/\/www.jazzzeitung.de\/cms\/thema\/bericht\/"},"img":{"alt_text":"","src":"https:\/\/i0.wp.com\/www.jazzzeitung.de\/cms\/wp-content\/uploads\/2017\/01\/Gianluigi-Trovesi-%C2%A9-Michael-Gei%C3%9Fler-150x150.jpg?resize=350%2C200","width":350,"height":200},"classes":[]}],"jetpack_sharing_enabled":true,"_links":{"self":[{"href":"https:\/\/www.jazzzeitung.de\/cms\/wp-json\/wp\/v2\/posts\/30853","targetHints":{"allow":["GET"]}}],"collection":[{"href":"https:\/\/www.jazzzeitung.de\/cms\/wp-json\/wp\/v2\/posts"}],"about":[{"href":"https:\/\/www.jazzzeitung.de\/cms\/wp-json\/wp\/v2\/types\/post"}],"author":[{"embeddable":true,"href":"https:\/\/www.jazzzeitung.de\/cms\/wp-json\/wp\/v2\/users\/18"}],"replies":[{"embeddable":true,"href":"https:\/\/www.jazzzeitung.de\/cms\/wp-json\/wp\/v2\/comments?post=30853"}],"version-history":[{"count":1,"href":"https:\/\/www.jazzzeitung.de\/cms\/wp-json\/wp\/v2\/posts\/30853\/revisions"}],"predecessor-version":[{"id":30855,"href":"https:\/\/www.jazzzeitung.de\/cms\/wp-json\/wp\/v2\/posts\/30853\/revisions\/30855"}],"wp:featuredmedia":[{"embeddable":true,"href":"https:\/\/www.jazzzeitung.de\/cms\/wp-json\/wp\/v2\/media\/30854"}],"wp:attachment":[{"href":"https:\/\/www.jazzzeitung.de\/cms\/wp-json\/wp\/v2\/media?parent=30853"}],"wp:term":[{"taxonomy":"category","embeddable":true,"href":"https:\/\/www.jazzzeitung.de\/cms\/wp-json\/wp\/v2\/categories?post=30853"},{"taxonomy":"post_tag","embeddable":true,"href":"https:\/\/www.jazzzeitung.de\/cms\/wp-json\/wp\/v2\/tags?post=30853"},{"taxonomy":"author","embeddable":true,"href":"https:\/\/www.jazzzeitung.de\/cms\/wp-json\/wp\/v2\/coauthors?post=30853"}],"curies":[{"name":"wp","href":"https:\/\/api.w.org\/{rel}","templated":true}]}}