{"id":30738,"date":"2024-03-17T12:00:20","date_gmt":"2024-03-17T11:00:20","guid":{"rendered":"https:\/\/www.jazzzeitung.de\/cms\/?p=30738"},"modified":"2024-03-14T13:32:39","modified_gmt":"2024-03-14T12:32:39","slug":"die-erweiterte-jazz-radiowoche-vom-18-03-2024-bis-24-03-2024","status":"publish","type":"post","link":"https:\/\/www.jazzzeitung.de\/cms\/2024\/03\/die-erweiterte-jazz-radiowoche-vom-18-03-2024-bis-24-03-2024\/","title":{"rendered":"Die erweiterte Jazz-Radiowoche vom 18.03.2024 bis 24.03.2024"},"content":{"rendered":"<p>Ein kleiner Blick in die Radiowoche 12. Die \u00dcbersicht zum <a href=\"https:\/\/service.conbrio.de\/service\/download\/278\/\">Download als PDF<\/a><span style=\"text-decoration: line-through;\">.<\/span> Alle Angaben ohne Gew\u00e4hr. Erg\u00e4nzt mit den tollen Sendungen zur Neuen Musik von BR-KLASSIK und \u00d61.<\/p>\n<p><strong>Inhalt<\/strong><\/p>\n<ul>\n<li><a href=\"#_Toc161315235\">Senderliste: 2<\/a><\/li>\n<li><a href=\"#_Toc161315236\">mo \u2013 18.03.2024. 3<\/a><\/li>\n<li><a href=\"#_Toc161315237\">di \u2013 19.03.2024. 4<\/a><\/li>\n<li><a href=\"#_Toc161315238\">mi \u2013 20.03.2024. 6<\/a><\/li>\n<li><a href=\"#_Toc161315239\">do \u2013 21.03.2024. 7<\/a><\/li>\n<li><a href=\"#_Toc161315240\">fr \u2013 22.03.2024. 7<\/a><\/li>\n<li><a href=\"#_Toc161315241\">sa \u2013 23.03.2024. 8<\/a><\/li>\n<li><a href=\"#_Toc161315242\">so \u2013 24.03.2024. 10<\/a><\/li>\n<\/ul>\n<hr \/>\n<h2><a name=\"_Toc161315235\"><\/a>Senderliste:<\/h2>\n<ul>\n<li><a href=\"https:\/\/oe1.orf.at\/\">ORF \u2013 \u00d61<\/a><\/li>\n<li><a href=\"https:\/\/www.deutschlandradio.de\/\">Deutschlandfunk<\/a> \u2013 \u201eFakten und mehr\u201c<\/li>\n<li><a href=\"https:\/\/www.deutschlandfunkkultur.de\/\">Deutschlandfunk-Kultur<\/a> \u2013 \u201eDas Feuilleton im Radio\u201c<\/li>\n<li><a href=\"https:\/\/www.ndr.de\/ndrkultur\/\">ndr Kultur<\/a> \u2013 H\u00f6ren und genie\u00dfen<\/li>\n<li><a href=\"https:\/\/www.bremenzwei.de\/\">radio bremen<\/a> \u2013 Neugier lohnt sich.<\/li>\n<li><a href=\"https:\/\/www.rbbkultur.de\/\">rbbKultur<\/a> \u2013 DEINE OHREN WERDEN AUGEN MACHEN.<\/li>\n<li><a href=\"https:\/\/www.mdr.de\/kultur\/radio\/index.html\">mdr-kultur<\/a> \u2013 Das Radio.<\/li>\n<li><a href=\"https:\/\/www1.wdr.de\/radio\/wdr3\/\">wdr3<\/a> \u2013 Das Kulturradio<\/li>\n<li><a href=\"https:\/\/www.hr2.de\/index.html\">hr2-kultur<\/a> \u2013 Das Kulturradio f\u00fcr Hessen.<\/li>\n<li><a href=\"https:\/\/www.sr.de\/sr\/sr2\/index.html\">sr2 Kulturradio<\/a> \u2013 \u2026 gut zu h\u00f6ren.<\/li>\n<li><a href=\"https:\/\/www.swr.de\/swr2\/\">swr2<\/a> \u2013 Kultur neu entdecken<\/li>\n<li><a href=\"https:\/\/www.br.de\/radio\/br-klassik\/index.html\">BR-KLASSIK<\/a> \u2013 Klassikstars geben auf BR-KLASSIK den Ton an. Attraktive Magazine bringen Interviews und Neuigkeiten aus dem Musikleben.<\/li>\n<li><a href=\"https:\/\/www.br.de\/radio\/bayern2\/index.html\">Bayern 2<\/a> \u2013 Preisgekr\u00f6ntes Radio f\u00fcr H\u00f6rer, die mehr wissen wollen<\/li>\n<\/ul>\n<hr \/>\n<h2><a name=\"_Toc161315236\"><\/a>mo \u2013 18.03.2024<\/h2>\n<hr \/>\n<p>19:30:00 +++ \u00d61<br \/>\n<strong>Diknu Schneeberger\/Christian Bakanic Quartett im November 2023 im Wiener RadioKulturhaus<\/strong><\/p>\n<p style=\"padding-left: 40px;\">Vor einigen Jahren kreuzten sich die Wege des aus dem S\u00fcdburgenland stammenden Akkordeon- Virtuosen Christian Bakanic und des Wiener Gitarristen Diknu Schneeberger, der mit seinem Trio seit Jahren dabei ist, das Sinti-Swing-Repertoire auf seine Weise zu erweitern. Ende November 2023 erschien das fulminante Deb\u00fct-Album \u201eAvanti Avanti\u201c der nun als Schneeberger &amp; Bakanic Quartett auftretenden Band, die das Werk in ebenso blendender Spiellaune am 29. November im ausverkauften Gro\u00dfen Sendesaal des Wiener RadioKulturhauses vorstellte.<\/p>\n<p style=\"padding-left: 40px;\">Das Publikum kam an diesem von virtuoser Musikantik gepr\u00e4gten Abend voll auf seine Kosten: Verbl\u00fcffende technische Rasanz in der Nachfolge Django Reinhardts war ebenso zu h\u00f6ren wie farbenreiche Bossa- und Walzer-Kompositionen. Christian Bakanic legte mehrmals das Akkordeon zur Seite, um zur Steirischen Harmonika zu greifen und in Kompositionen wie \u201ePannonia\u201c seine burgenl\u00e4ndischen Wurzeln zu reflektieren.<\/p>\n<p style=\"padding-left: 40px;\">Auch Diknu Schneeberger brachte mit beschwingten Folk-Jazz-St\u00fccken wie dem Flamenco-gef\u00e4rbten \u201eAbundancia\u201c andere Farben ins Programm ein, formidabel unterst\u00fctzt von Julian Wohlmuth (Rhythmusgitarre) und Martin Heinzle (Kontrabass). Ein begl\u00fcckender Abend im Gro\u00dfen Sendesaal!<\/p>\n<p>20:03 bis 21:30 +++ Deutschlandfunk Kultur<br \/>\n<strong>In Concert: Hemmersdorf Pop Festival<\/strong><\/p>\n<p style=\"padding-left: 40px;\">Kirche St. Konrad. Aufzeichnungen vom 26. und 27.10.2023 \u2013 Niels Frevert Duo \/ Lisa Morgenstern und Ensemble. Moderation: Carsten Beyer<\/p>\n<p style=\"padding-left: 40px;\">Ein internationales Festival auf dem Dorf? Kann das funktionieren? Die Veranstalter des Hemmersdorf Pop Festival im Saarland haben vor 4 Jahren einfach mal losgelegt mit einem Programm, das zugleich genrekreuzend, generationen\u00fcbergreifend &amp; grenz\u00fcberschreitend ist. Neue Musik trifft hier auf Jazz und Indie-Pop \u2013 und da die franz\u00f6sische Grenze gar nicht fern ist, kommen immer wieder auch G\u00e4ste aus dem Nachbarland zu Besuch. Die letzte Ausgabe von Hemmersdorf Pop im Oktober 2023 stand unter dem Motto \u201eVerschwimmen\u201c. Wir pr\u00e4sentieren Ihnen an diesem Abend zwei der sch\u00f6nsten Konzerte aus der Kirche St. Konrad: Den Hamburger Liedermacher Niels Frevert und die deutsch- bulgarische Pianistin und S\u00e4ngerin Lisa Morgenstern mit ihrem Ensemble.<\/p>\n<p>22:04 bis 23:00 +++ WDR 3<br \/>\n<strong>WDR 3 Jazz \u2013 Moderation: Karsten M\u00fctzelfeldt<\/strong><\/p>\n<p>22:30 bis 23:00 +++ hr2-kultur<br \/>\n<strong>Jazz Now<\/strong><\/p>\n<p style=\"padding-left: 40px;\">Aus dem Dschungel der Neuver\u00f6ffentlichungen | heute mit: Lisa Wulff | Pablo Held Trio | Eric Pland\u00e9 Unit<\/p>\n<p>22:33 bis 23:30 +++ NDR Kultur<br \/>\n<strong>Play Jazz! \u2013 Magazin am Montag mit Ralf Dorschel<\/strong><\/p>\n<p>23:03 bis 24:00 Uhr +++ \u00d61<br \/>\n<strong>Ein Nonkonformist w\u00e4re 100 \u2013 Karl Heinz F\u00fclls im Portr\u00e4t<\/strong><\/p>\n<p style=\"padding-left: 40px;\">\u201eEs ist der Klang als Ph\u00e4nomen, das mich anr\u00fchrt und aufschlie\u00dft. Meine fr\u00fcheste Kindheitserinnerung ist, allabendlich auf das L\u00e4uten der fernen Kirchenglocke zu warten \u2013 ein Erlebnis, dem nachzulauschen, immer geheimnisvolle Ahnung geweckt hat. Das ist f\u00fcr mich ein unmittelbarer Weg zur Seele. Der Inbegriff von Musik \u2013 eigener und Musik \u00fcberhaupt \u2013 ist f\u00fcr mich seit damals dieses \u201aeinem Klang nachlauschen\u2019\u201e.<\/p>\n<p style=\"padding-left: 40px;\">Etwa 100 Werk hat der geb\u00fcrtige B\u00f6hme Karl Heinz F\u00fcssl im Laufe seines Lebens geschaffen. Das Spektrum reicht vom Kabarettlied bis hin zur Oper, von Miniaturen f\u00fcr das Klavier bis zum Orchesterwerk. Komponieren wollte Karl Heinz F\u00fcssl aber immer zum Vergn\u00fcgen.<\/p>\n<p style=\"padding-left: 40px;\">Daher verdiente er sein Geld mit anderen, aber f\u00fcr das Musikleben trotzdem wichtigen T\u00e4tigkeiten: Als Professor an der mdw gab er Generationen von Studierenden in den F\u00e4chern Komposition, Dirigieren und Musiktheorie ein wichtiges St\u00fcck \u201eWiener Tradition\u201c mit.<\/p>\n<p style=\"padding-left: 40px;\">Karl Heinz F\u00fcssl war aber auch Musikkritiker und Mitarbeiter des Haydn-Forschers H. C. Robbins-Landon. Er wirkte wesentlich an den Gesamtausgaben von Joseph Haydn, Wolfgang Amadeus Mozart, Johann Strau\u00df und Gustav Mahler mit.<\/p>\n<p style=\"padding-left: 40px;\">Das Schreiben von eigener Musik betrachtete der 1992 verstorbene Komponist trotzdem als seine Hauptbesch\u00e4ftigung. Die Existenzsicherung durch seine anderen T\u00e4tigkeiten, erm\u00f6glichten Karl Heinz F\u00fcssl k\u00fcnstlerische Freiheit: \u201eWeil ich zu keiner Zeit vom Komponisten-Job abh\u00e4ngig sein wollte (sogar ein Angebot Brechts habe ich deswegen ausgeschlagen), leiste ich mir den Luxus des Nonkonformismus: zu komponieren, was, wann und wie ich will.\u201c Am 21. M\u00e4rz j\u00e4hrt sich sein Geburtstag zum 100. Mal. Gestaltung: Ursula Strubinsky<\/p>\n<p>23:05 bis 00:00 +++ BR-KLASSIK<br \/>\n<strong>BR-KLASSIK \u2013 Jazztime \u2013 Jazztoday<\/strong><\/p>\n<p style=\"padding-left: 40px;\">News from England: Henning Sieverts pr\u00e4sentiert aktuellen Jazz von der Insel, mit dem Tenorsaxofonisten Alex Hitchcock, dem Baritonsaxofonisten John Surman und mit der Band \u201eLondon Brew\u201c<\/p>\n<p>23:30 bis 00:00 +++ NDR Kultur<br \/>\n<strong>Round Midnight: Lady Liberty: Maria Baptiste<\/strong><\/p>\n<p style=\"padding-left: 40px;\">Round Midnight ist der Platz f\u00fcr Hintergrundgeschichten, ausf\u00fchrliche Portraits und Talks mit jungen Talenten und Jazz-Legenden. In der Sendung erz\u00e4hlen Autorinnen und Autoren die Geschichten bekannter Jazz-Titel, gehen der Beziehung von Jazz und klassischer Musik nach und nehmen mit auf spannende Reisen in die Grenzgebiete von Jazz, Tango, Salsa oder Flamenco, in Jazz-Epochen wie Swing, Bebop und Fusion oder in die Geschichte ber\u00fchmter Labels wie Blue Note und in die Aktualit\u00e4t kultureller und politischer Themen wie Black Lives Matter.<\/p>\n<hr \/>\n<h2><a name=\"_Toc161315237\"><\/a>di \u2013 19.03.2024<\/h2>\n<hr \/>\n<p>01:05 bis 05:00 +++ Deutschlandfunk Kultur<br \/>\n<strong>Tonart Jazz \u2013 Moderation: Oliver Schwesig<\/strong><\/p>\n<p>20:05 \u2013 21:00 UHR +++ SWR2 Jazz Session<br \/>\n<strong>AUS DEM ARCHIV \u2013 OREGON 1990 IN LUDWIGSBURG<\/strong><\/p>\n<p style=\"padding-left: 40px;\">Von Hans-J\u00fcrgen Schaal.Aus dem Umfeld des Paul Winter Consort entstand 1971 das amerikanische Quartett Oregon \u2013 eine Jazzband mit flie\u00dfenden \u00dcberg\u00e4ngen zu Folk, World Music und Klassik.Die instrumentale Bandbreite dieser Formation ging weit \u00fcber Jazzkonventionen hinaus, umfasste auch Instrumente wie Oboe, Waldhorn, Sitar, Tabla und klassische Gitarre.\u201cManchmal schleppten wir 80 Instrumente mit uns herum\u201c, so die Bandmitglieder.Nach dem fr\u00fchen Tod von Collin Walcott trat Oregon in der Besetzung Ralph Towner, Paul McCandless, Glen Moore und Trilok Gurtu auf \u2013 so auch am 27.November 1990 im Scala Ludwigsburg.<\/p>\n<p>21:00 bis 22:00 +++ NDR Kultur<br \/>\n<strong>neue musik: Jazz und Jazz-Allusionen in der Neuen Musik<\/strong><\/p>\n<p style=\"padding-left: 40px;\">Von Helmut Peters. Die Grenzen zwischen Neuer Musik und Bigband-Sounds verwischen in Stefan Kellers gerade auf CD neu erschienenem St\u00fcck \u201ehybrid gaits\u201c. Wir h\u00f6ren in der \u201eneuen musik\u201c aber noch ganze andere St\u00fccke, die zeigen, wie stark sich Jazz und die Musik vom 20. Jahrhundert bis in die Gegenwart hinein gegenseitig beeinflusst haben. Sogar die NDR Bigband wird bei ihren \u201eBart\u00f3k Conversations\u201c im Februar mit einem Klassiker der Moderne in einen Dialog treten.<\/p>\n<p>21:05 bis 22:00 +++ Deutschlandfunk<br \/>\n<strong>Jazz Live: Tampere Jazz Happening \u2013 Klangpoesie mit Widerhaken<\/strong><\/p>\n<p style=\"padding-left: 40px;\">Julia H\u00fclsmann Quartett: Julia H\u00fclsmann, Klavier; Uli Kempendorff, Tenorsaxofon; Marc Muellbauer, Bass; Heinrich K\u00f6bberling, Schlagzeug; Aufnahme vom 5.11.2023 in Tampere, Finnland<\/p>\n<p style=\"padding-left: 40px;\">Am Mikrofon: Karsten M\u00fctzelfeldt. Nachdem Julia H\u00fclsmann das erste Mal mit ihrem Trio nach Finnland gereist war, trat die Pianistin 2023 beim Jazz-Happening-Festival in Quartett-Besetzung an \u2013 und w\u00e4rmte mit sensiblem Kammerjazz das kalte Tampere. Finnische und skandinavische Gruppen dominieren das Programm in Finnlands drittgr\u00f6\u00dfter Stadt. Doch seit einigen Jahren bietet das viert\u00e4gige Festival auch einen Fokus auf nationale Szenen au\u00dferhalb Nordeuropas. Im letzten Jahr gab es einen Deutschland-Schwerpunkt \u2013 mit Bands aus den beiden wichtigsten Jazz-Metropolen des Landes, aus Berlin und K\u00f6ln. Julia H\u00fclsmann geh\u00f6rt seit vielen Jahren zu den international bekanntesten Improvisatorinnen des Landes. Personeller Kern ihres aktuellen Quartetts ist ihr seit \u00fcber zwei Dekaden existierendes Trio. Viertes Mitglied ist der Tenorsaxofonist Uli Kempendorff, der keineswegs den Status eines Gast-Solisten innehat, sondern integraler Bestandteil der Gruppe ist und den poetischen Fluss der Musik durch kleine Reibungen bereichert.<\/p>\n<p>22:04 bis 23:00 +++ WDR 3<br \/>\n<strong>WDR 3 Jazz \u2013 Moderation: Niklas Wandt<\/strong><\/p>\n<p>22:05 bis 23:00 Uhr +++ BR-KLASSIK<br \/>\n<strong>Horizonte: Gegen den Strom und der Zeit voraus \u2013 Die Komponistin Olga Neuwirth<\/strong><\/p>\n<p style=\"padding-left: 40px;\">\u201eIm Moment des Krieges und der bestialischen Realit\u00e4t kann Kunst wenig ausrichten\u201c, meinte Olga Neuwirth einmal in einem Interview. Und doch gibt es derzeit wenige andere Komponistinnen und Komponisten, denen genau das zuzutrauen ist. Das h\u00e4ngt mit der enormen Energie Neuwirths zusammen, mit der sie ihre k\u00fcnstlerischen Visionen seit Jahrzehnten gegen alle Widerst\u00e4nde im Musikbetrieb verfolgt. Ihre Werke sind immer am Puls der Zeit und damit vielen anderen voraus. Das betrifft sowohl ihr Repertoire an Ausdrucksmitteln, als auch ihre Themen, die sich den existenziellen Fragen von heute widmen. Eine Sendung von Michaela Fridrich<\/p>\n<p>22:30 bis 23:00 +++ hr2-kultur<br \/>\n<strong>Jazz and More<\/strong><\/p>\n<p style=\"padding-left: 40px;\">An den R\u00e4ndern des Jazz | heute mit: Afra Kane | Andy Watts | Louise Jallu<\/p>\n<p>22:33 bis 00:00 +++ NDR Kultur<br \/>\n<strong>Play Jazz! NDR Jazz Konzert #3: A Tribute to Django Reinhardt &amp; St\u00e9phane Grappelli (1\/2)<\/strong><\/p>\n<p>23:03 bis 24:00 Uhr +++ \u00d61<br \/>\n<strong>Tiefes f\u00fcr die Tuba \u2013 Die Urauff\u00fchrung von Roland Freisitzers \u201eTuba Concerto\u201cim Wiener Musikverein<\/strong><\/p>\n<p style=\"padding-left: 40px;\">Er hat ein Faible f\u00fcr die tiefen T\u00f6ne: Roland Freisitzer. Im Jahr 2020 hat der \u00f6sterreichische Komponist und Dirigent ein Concerto f\u00fcr den Tubisten Rainer Huss geschrieben. Schon l\u00e4nger harrte das Werk pandemiebedingt seiner Urauff\u00fchrung. Am 15. Mai 2023 war es endlich so weit: Im Brahms-Saal des Wiener Musikvereins brachte Rainer Huss gemeinsam mit dem Ensemble Kontrapunkte das \u201eTuba Concerto\u201c zu Geh\u00f6r.<\/p>\n<p style=\"padding-left: 40px;\">Das tiefste aller Blechblasinstrumente findet in Freisitzers Werk tieft\u00f6nende Begleitung durch Bassfl\u00f6ten, Bassklarinetten, Baritonsaxophon, Kontrafagott, Posaunen und tiefe Streicher. Nur eine Trompete und eine Harfe erweitern das Klangspektrum hin zur mittleren Lage.<\/p>\n<p style=\"padding-left: 40px;\">Neben der Urauff\u00fchrung von Roland Freisitz Tuba Concerto standen an diesem Konzertabend Werke von Mark Andre, Silvestre Revueltas und Alberto Ginastera auf dem Programm. Die musikalische Leitung lag in den H\u00e4nden von Gottfried Rabl. Gestaltung: Marie-Theres Himmler<\/p>\n<p>23:05 bis 00:00 +++ BR-KLASSIK<br \/>\n<strong>BR-KLASSIK \u2013 Jazztime: News &amp; Roots<\/strong><\/p>\n<p style=\"padding-left: 40px;\">Swingende Raffinesse: Die Gerry Mulligan Concert Jazz Band in Aufnahmen von 1960 und 61, u.a. mit Zoot Zims und Bob Brookmeyer. Auswahl und Moderation: Henning Sieverts<\/p>\n<h2><a name=\"_Toc161315238\"><\/a><\/h2>\n<hr \/>\n<h2><a name=\"_Toc161315238\"><\/a>mi \u2013 20.03.2024<\/h2>\n<hr \/>\n<p>19:05 bis 20:00 +++ BR-KLASSIK<br \/>\n<strong>BR-KLASSIK \u2013 Classic Sounds in Jazz: \u201eYearning for Spring\u201d<\/strong><\/p>\n<p style=\"padding-left: 40px;\">Jazz mit Aufnahmen von Adam Baldych, Leszek Mo\u017cd\u017cer, Mel Torm\u00e9, George Shearing und anderen. Moderation und Auswahl: Beatrix Gillmann<\/p>\n<p>20:04 bis 22:30 +++ SR2 KulturRadio<br \/>\n<strong>Musik aus der Region: Kammermusiktage Mettlach 2023<\/strong><\/p>\n<p>21:05 \u2013 22:00 UHR +++ SWR2 NOWJazz<br \/>\n<strong>JULIE DRISCOLL \/ TIPPETTS \u2013 VON JAZZ ZU POP AND BACK AGAIN<\/strong><\/p>\n<p style=\"padding-left: 40px;\">Von Ukrich Kriest.Ihr Deb\u00fct ver\u00f6ffentlichte die S\u00e4ngerin Julie Driscoll 1963 als 15-J\u00e4hrige.Bei The Steampacket teilte sie sich das Mikrofon mit Rod Stewart und Long John Baldry.Im psychedelischen Swinging London wurde sie mit Brian Auger &amp; The Trinity zum Popstar und zur Mode-Ikone.Mit 21 wandte sie sich an der Seite ihres Mannes Keith Tippett dem Jazz zu.Rechnen mit Julie Driscoll \/ Tippetts musste man immer: als Solok\u00fcnstlerin oder musikalische Partnerin von Tippett und anderen Pers\u00f6nlichkeiten wie Maggie Nichols, Carla Bley, Martin Archer und j\u00fcngst dem Ensemble Modern Nature.<\/p>\n<p>22:04 bis 23:00 +++ WDR 3<br \/>\n<strong>WDR 3 Jazz: Neues Latin-Trio aus New York<\/strong><\/p>\n<p style=\"padding-left: 40px;\">Klavier, Bass, Percussion \u2013 mehr braucht es nicht f\u00fcr eine Descarga, eine Jam-Session, die afrokubanische T\u00e4nze und Rhythmen wie Rumba, Bolero und Guaracha verbindet \u2013 au\u00dfer Sonne, Strand und Meer. Seit den 1940er Jahren sind diese gemeinsamen musikalisch-rhythmischen \u201eEntladungen\u201c ein wichtiger Bestandteil der Musikszene auf Kuba. Allerdings sind Descargas l\u00e4ngst nicht mehr so popul\u00e4r wie einst. David Chesky, Giovanni Hidalgo und John Benitez erwecken die Descarga gemeinsam zu neuem Leben.<\/p>\n<p>22:33 bis 23:30 +++ NDR Kultur<br \/>\n<strong>Play Jazz! \u2013 Magazin am Mittwoch mit Ralf Dorschel<\/strong><\/p>\n<p>23:05 bis 00:00 +++ BR-KLASSIK<br \/>\n<strong>BR-KLASSIK \u2013 Jazztime \u2013 Jazz aus N\u00fcrnberg: Mostly Vocal<\/strong><\/p>\n<p style=\"padding-left: 40px;\">\u201eIn this moment\u201c \u2013 die hohe Kunst der Improvisation. In Aufnahmen mit Betty Carter, Kurt Elling, Dee Dee Bridgewater, Jon Hendricks, Bobby McFerrin, Al Jarreau, George Benson und Dianne Reeves. Moderation und Auswahl: Beate Sampson<\/p>\n<p>23:30 bis 00:00 +++ NDR Kultur<br \/>\n<strong>Round Midnight: Long Story Short<\/strong><\/p>\n<h2><a name=\"_Toc161315239\"><\/a><\/h2>\n<hr \/>\n<h2><a name=\"_Toc161315239\"><\/a>do \u2013 21.03.2024<\/h2>\n<hr \/>\n<p>21:05 bis 22:00 +++ Deutschlandfunk<br \/>\n<strong>JazzFacts: Sax as Sax can \u2013 Gerald Preinfalk \u2013 Saxofonist zwischen Jazz &amp; Neuer Musik<\/strong><\/p>\n<p style=\"padding-left: 40px;\">Von Michael R\u00fcsenberg. Immer mehr Jazzerinnen und Jazzer versuchen sich an Techniken der Neuen Musik. Die meisten nippen nur daran \u2013 der Wiener Saxofonist Gerald Preinfalk kennt beide Welten, er lebt quasi in ihnen und hat einen faszinierenden Klangkosmos erschaffen. Jazzsaxofon hat Preinfalk in Wien bei Wolfgang Puschnig studiert, in Berklee bei George Garzone und das klassische Pendant u.a. in Paris bei Serge Bertocchi. Er geh\u00f6rt zum Klangforum Wien (dem \u00f6sterreichischen Pendant zum Ensemble Modern) und unterrichtet in Graz klassisches Saxofon. Im Fokus der Sendung steht aber der improvisierende Musiker mit furiosem Handwerk. Vielleicht weil er jazz-kritisch ist (\u201eder Jazz dreht sich a bisserl im Kreis\u201c) und mit der Akribie der Neuen Musik im R\u00fccken f\u00fchrt Preinfalk eines der innovativsten Jazztrios in Europa, GeoGeMa. Das spielt oft mikrotonal, aber groovt ohne Ende.<\/p>\n<p>22:04 bis 23:00 +++ WDR 3<br \/>\n<strong>WDR 3 Jazz \u2013 Moderation: Odilo Clausnitzer<\/strong><\/p>\n<p>22:30 bis 23:00 +++ hr2-kultur<br \/>\n<strong>Jazz Now<\/strong><\/p>\n<p style=\"padding-left: 40px;\">Aus dem Dschungel der Neuver\u00f6ffentlichungen | heute mit: Rasmus S\u00f8rensen | Moritz Stahl Quintett | Michael Arbenz<\/p>\n<p>23:00 bis 00:00 +++ NDR Kultur<br \/>\n<strong>Play Jazz! Lift up Your Voice \u2013 Vokalist:innen auf Stippvisite bei der NDR Bigband<\/strong><\/p>\n<p style=\"padding-left: 40px;\">Welche Konzerte stehen im Kalender? Wer ist zu Gast bei der NDR Bigband und realisiert ein neues musikalisches Konzept? Henry Altmann blickt immer donnerstags auf aktuelle und kommende Projekte, Konzerte und CD-Produktionen der NDR Bigband. Dazu spricht er mit Musikerinnen und Musikern, pr\u00e4sentiert frische Aufnahmen und berichtet \u00fcber Hintergr\u00fcnde.<\/p>\n<p>23:15 bis 00:00 +++ BR-KLASSIK<br \/>\n<strong>BR-KLASSIK \u2013 Jazztime: All that Jazz<\/strong><\/p>\n<p style=\"padding-left: 40px;\">Die Gitarre bleibt eine Herausforderung. Denn so einfach sich ihr die ersten Akkorde entlocken lassen, so kompliziert wird es, wenn man sich auf die h\u00f6heren Weihen der Spielkunst einl\u00e4sst. Der vielleicht wichtigste j\u00fcngere Allesk\u00f6nner seines Instruments Julian Lage zum Beispiel g\u00f6nnt sich auf seinem neuen Album verschiedene Besetzungen, Stile, Dynamiken, um dem Zentrum der Musik auf die Spur zu kommen. Der isl\u00e4ndische Kollege Michael M\u00e1ni wiederum konzentriert sich ganz auf die Klangfarben, die sich alleine mit dem Instrument entwickeln lassen, w\u00e4hrend sein M\u00fcnchner Kollege Philipp Schiepek auch die Zartheit der Effekte in sein Trio integriert. Viel Gitarre also f\u00fcr den Jazzfr\u00fchling und noch manches mehr. Moderation und Auswahl: Ralf Dombrowski<\/p>\n<h2><a name=\"_Toc161315240\"><\/a><\/h2>\n<hr \/>\n<h2><a name=\"_Toc161315240\"><\/a>fr \u2013 22.03.2024<\/h2>\n<hr \/>\n<p>14:05:00 +++ \u00d61<br \/>\n<strong>S\u00e4nger Kurt Elling und SuperBlue im Juli 2023 in El Molinet, Spanien<\/strong><\/p>\n<p style=\"padding-left: 40px;\">Charlie Hunter darf man mit Fug und Recht in die Reihe der \u201eGuitarists\u2019 guitarists\u201c stellen, also jener Saitenk\u00fcnstler:innen, die vor allem unter Fachkolleg:innen hoch gehandelt werden. Dass er unter anderem mit Superstar John Mayer zusammen gearbeitet hat, tut dieser Attribuierung keinen Abbruch. Der Ausnahmegitarrist, der ein Hybrid-Instrument aus E-Bass und E-Gitarre spielt, zeigt sich im Bandprojekt \u201eSuperblue\u201c als kongenialer Partner seines Landsmanns, des US-amerikanischen Jazzs\u00e4ngers Kurt Elling. Der mit einem Grammy Award ausgezeichnete, aus Chicago stammende Meister des Vocalese in der Nachfolge von Al Jarreau und Jon Hendricks zeichnet sich durch scheinbar m\u00fchelose Bebop-Linien aus, die federleicht \u00fcber den innovativen Gitarrenkl\u00e4ngen von Charlie Hunter schweben.<\/p>\n<p style=\"padding-left: 40px;\">Am 23. Juli 2023 traten Elling und Hunter beim L\u2019Estartit-Festival in El Molinet an der spanischen Costa Brava auf. Begleitet wurden die beiden Virtuosen von DJ Harrison an den Keyboards und Corey Fonville am Schlagzeug, mit denen sie neue Songs und innovative Versionen von Kompositionen Wayne Shorters, Freddie Hubbards und Cody Chesnutts zu Geh\u00f6r brachten.<\/p>\n<p>18:00 bis 19:00 +++ NDR Kultur<br \/>\n<strong>Musica: Jazz<\/strong><\/p>\n<p>22:04 bis 23:00 +++ WDR 3<br \/>\n<strong>WDR 3 Jazz \u2013 Moderation: Ella O\u2019Brien Coker<\/strong><\/p>\n<p>23:00 bis 00:00 +++ NDR Kultur<br \/>\n<strong>Play Jazz! \u2013 Magazin am Freitag mit Ralf Dorschel<\/strong><\/p>\n<p>23:03 bis 24:00 Uhr +++ \u00d61<br \/>\n<strong>Der Spezialist f\u00fcr k\u00fcnstlerisches Recycling dieb13 \u2013 Neue Musik von dieb13<\/strong><\/p>\n<p style=\"padding-left: 40px;\">Mehr als 1000 Live-Konzerte hat dieb13 bereits gespielt, das 1044ste ist 2022 be smallforms erschienen. Weiters h\u00f6ren wir in diesem Zeit-Ton u.a. in \u201eContemplations On The Cognitive Loudness Of The 4th Reich\u2019n\u2019Roll\u201c hinein, eine Referenz an den 2018 verstorbenen Hardy Fox, Mastermind von The Residents, und \u201eeine Auseinandersetzung mit den propagandistischen Methoden des erstarkenden Rechtsextremismus im social media Zeitalter, wie auch mit den M\u00f6glichkeiten als unabh\u00e4ngiger K\u00fcnstler Musik in ebenjenem Zeitalter zu ver\u00f6ffentlichen\u201c. Und wir widmen uns zwei aktuellen Gro\u00dfprojekten, dem klingt.collective und dem \u201eBeatnik Manifesto\u201c. F\u00fcr sein \u201eBeatnik Manifesto\u201c lud dieb13 im vergangenen Herbst zur Feier seines 50. Geburtstages Weggef\u00e4hrt:innen aus den letzten Jahren und Jahrzehnten ein: Camille Emaille und Erik Carlsson (Schlagzeug), Elsa Bergman und Matija Schellander (Bass), Sandy Ewen und Flo Stoffner (E-Gitarre), Hans Koch und Susanna Gartmayer (Bassklarinette), eRikm und Billy Roisz (Elektronik), Antoine Chessex und Anna H\u00f6gberg ((Alt-)Saxofon) und Karolina Preuschl und Phil Minton (Stimme), der Komponist selbst spielte Turntables. Die Urauff\u00fchrung dieses auf die Beat Generation verweisenden St\u00fcckes fand am 9. November im Wiener Reaktor statt und ist am kommenden Sonntag in der Sendereihe Supernova zu h\u00f6ren. Gestaltung: Susanna Niedermayr<\/p>\n<h2><a name=\"_Toc161315241\"><\/a><\/h2>\n<hr \/>\n<h2><a name=\"_Toc161315241\"><\/a>sa \u2013 23.03.2024<\/h2>\n<hr \/>\n<p>00:05 bis 06:00 +++ Deutschlandfunk<br \/>\n<strong>Deutschlandfunk Radionacht<\/strong><\/p>\n<p style=\"padding-left: 40px;\">01:05-02:00 Jazz Live: Zwischen Chaos und Struktur \u2013 Fabian Dudek Carnival. Aufnahme vom 14.8.2023 bei der Cologne Jazzweek, Stadtgarten K\u00f6ln. Am Mikrofon: Thomas Loewner<\/p>\n<p style=\"padding-left: 40px;\">02:07-03:00 JazzFacts: \u201eIch suche nach k\u00f6rperlicher Musik\u201c \u2013 Der \u00f6sterreichische Bassist Lukas Kranzelbinder. Von Anja Buchmann<\/p>\n<p style=\"padding-left: 40px;\">03:05-03:55 Rock et cetera: Lass den Tiger los \u2013 Die US-amerikanische Musikerin Mary Timony. Von Anke Behlert<\/p>\n<p style=\"padding-left: 40px;\">04:05-05:00 On Stage: Vanessa Collier Band (USA) \u2013 Aufnahme vom 28.5.2023 beim Bluesfestival Sch\u00f6ppingen. Am Mikrofon: Tim Schauen<\/p>\n<p style=\"padding-left: 40px;\">05:05-06:00 Milestones \u2013 Jazzklassiker: Die Universit\u00e4t der Stra\u00dfe \u2013 Der Pianist Hampton Hawes. Am Mikrofon: Niklas Wandt<\/p>\n<p>13:04 bis 15:00 +++ WDR 3<br \/>\n<strong>WDR 3 Pers\u00f6nlich mit G\u00f6tz Alsmann<\/strong><\/p>\n<p style=\"padding-left: 40px;\">G\u00f6tz Alsmann pr\u00e4sentiert in WDR 3 seine ganz spezielle Auffassung von Jazzmusik: Swingend, stilbergreifend, manches puristisch, einiges eher Jazz-\u00e4hnlich, durchaus sentimental und immer gerne unterhaltend. Wenn der Sound und das musikalische Gef\u00fchl stimmen, wird der Kreis dessen, was \u201eJazz\u201c ist, auch gerne erweitert.<\/p>\n<p>17:05 bis 17:55 +++ Bayern 2<br \/>\n<strong>Jazz &amp; Politik: Politisches Feuilleton<\/strong><\/p>\n<p>18:05 bis 19:00 +++ BR-KLASSIK<br \/>\n<strong>BR-KLASSIK \u2013 Jazz und mehr \u2013 \u201ePass a cage, Lea\u201c<\/strong><\/p>\n<p style=\"padding-left: 40px;\">Die Musikform der \u201ePassacaglia\u201c in ganz unterschiedlichen Klanggew\u00e4ndern und in ganz weiter Auslegung. Mit Musik von den beiden Posaunistinnen Annie Whitehead und Sarah Morrow, von Geiger Adam Baldych und Pianist Leszek Mo\u017cd\u017cer, dem Saxofonisten Hayden Chisholm oder dem Barockkomponisten Biagio Marini. Moderation und Auswahl: Ulrich Habersetzer<\/p>\n<p>19:00 bis 20:00 +++ hr2-kultur<br \/>\n<strong>Live Jazz: Verneri Pohjola \u2013 Monkey Mind | Ume\u00e5 Jazz Festival, Oktober 2023<\/strong><\/p>\n<p style=\"padding-left: 40px;\">Am Mikrofon: J\u00fcrgen Schwab. Verneri Pohjola \u2013 Monkey Mind || Verneri Pohjola, tp, electronics | Tuomo Pr\u00e4tt\u00e4l\u00e4, p | Jasper H\u00f8iby, db | Olavi Louhivuori, dr | Ume\u00e5 Jazz Festival, Folkets hus, Schweden, Oktober 2023<\/p>\n<p>20:00 bis 22:00 +++ NDR Blue<br \/>\n<strong>NDR Kultur Jazz<\/strong><\/p>\n<p>20:04 bis 23:00 +++ WDR 3<br \/>\n<strong>WDR 3 Konzert: Winterjazz K\u00f6ln: Sitarkl\u00e4nge, Spacejazz und Synthpop<\/strong><\/p>\n<p style=\"padding-left: 40px;\">Drei Spielorte, elf musikalische Acts, freier Eintritt \u2013 das ist Winterjazz im K\u00f6lner Stadtgarten. Mit dabei: Das Trio Losing Color, das Quartett Hindol Deb \u201eEssence of duality\u201c und das Quintett MAIKA.<\/p>\n<p style=\"padding-left: 40px;\">Losing Color besteht aus Saxofonistin Theresia Philipp, Jozef Dumoulin, Fender Rhodes und Thomas Sauerborn, Schlagzeug. Eine Besetzung, die 2018 urspr\u00fcnglich vom Schlagzeuger ins Leben gerufen wurde und von ihrer Spontaneit\u00e4t, den energetischen Ausbr\u00fcchen und der intensiven Klangsuche lebt, die auch vor spacigen Science-Fiction Kl\u00e4ngen nicht Halt machen.<\/p>\n<p style=\"padding-left: 40px;\">Der Sitar-Spieler Hindol Deb vereint in seiner Band und seinen Kompositionen die auf Ragas aufbauende indische Musik mit europ\u00e4ischen Harmonien und schafft so feingliedrige, oft polyrhythmische St\u00fccke, die gelegentlich durch die Stimme des Bandleaders verfeinert werden. Die Formation MAIKA rund um die S\u00e4ngerin Maika K\u00fcster bot die am weitesten von klassischem Jazz entfernte Musik: meditative akustische Indie-St\u00fccke oder Songs mit dezenten Dance-Beats und 80er Jahre Synth-Pop-Erinnerungen.<\/p>\n<p>22:00 bis 00:00 +++ NDR Kultur<br \/>\n<strong>NDR Kultur Neo: Im Rausch der Kl\u00e4nge<\/strong><\/p>\n<p>22:30:00 +++ \u00d61<br \/>\n<strong>S\u00e4ngerin Valerie Costa und Bassist Danny Ziemann im Interview und im J\u00e4nner 2024 konzertant im Wiener RadioCafe<\/strong><\/p>\n<p style=\"padding-left: 40px;\">Valerie Costa \u2013 bekannt u. a. als Teil des Quintetts AR-Project von Bassistin Anna Reisigl \u2013 und Danny Ziemann haben einander in Graz kennen gelernt. Dort hat die aus einer Tiroler Musiker-Familie stammende, inzwischen nach Wien \u00fcbersiedelte S\u00e4ngerin bis vor Kurzem studiert, w\u00e4hrend der in Buffalo, New York, geborene Bassisten-K\u00f6nner am dortigen Jazzinstitut unterrichtet.<\/p>\n<p style=\"padding-left: 40px;\">\u201eAnd That Would Be &#8230;\u201c hei\u00dft die Duo-CD, die Valerie Costa und Danny Ziemann Ende 2022 ver\u00f6ffentlicht haben \u2013 und auf der sich wunderbar entschlackte, intime Interpretationen von bekannten Liedern des American Songbook finden. Am 26. J\u00e4nner 2024 servierte das Duo diese klingenden Preziosen konzertant im Wiener RadioCafe, in einem Konzert in der Reihe \u201e5 Millionen Pesos\u201c f\u00fcr jungen Jazz in und aus \u00d6sterreich. Andreas Felber pr\u00e4sentiert das Konzert und bittet Valerie Costa und Danny Ziemann zum Gespr\u00e4ch.<\/p>\n<p>23:03:00 +++ \u00d61<br \/>\n<strong>Fortsetzung: S\u00e4ngerin Valerie Costa und Bassist Danny Ziemann im Interview und im J\u00e4nner 2024 konzertant im Wiener RadioCafe<\/strong><\/p>\n<h2><a name=\"_Toc161315242\"><\/a><\/h2>\n<hr \/>\n<h2><a name=\"_Toc161315242\"><\/a>so \u2013 24.03.2024<\/h2>\n<hr \/>\n<p>00:05:00 +++ \u00d61<br \/>\n<strong>(Fortsetzung) S\u00e4ngerin Valerie Costa und Bassist Danny Ziemann im Interview und im J\u00e4nner 2024 konzertant im Wiener RadioCafe<\/strong><\/p>\n<p>17:10:00 +++ \u00d61<br \/>\n<strong>Jos\u00e9 Feliciano \u2013 Alles au\u00dfer Feliz navidad<\/strong><\/p>\n<p style=\"padding-left: 40px;\">Jos\u00e9 Feliciano wird vor allem mit einem Titel assoziiert: Feliz navidad. Das Weihnachtslied komponierte er zwar schon 1970, aber erst in den Nullerjahren wurde es zum weltweiten Hit. Musikalisch sehr simpel \u2013 Feliz Navidad besteht im Grunde aus vier Akkorden und 21-mal dem gesungenen Titel \u2013 wurde es zum Millionenseller. 110 Millionen verkaufte Tontr\u00e4ger und 9 Grammys sind aber nur eine Seite von Jos\u00e9 Felicianos Geschichte.<\/p>\n<p style=\"padding-left: 40px;\">Jos\u00e9 Montserrate Feliciano Garc\u00eda kam 1945 in Puerto Rico als Sohn von Bauern auf die Welt. Er hatte einen \u00e4lteren Bruder, neun j\u00fcngere folgten. Die Familie \u00fcbersiedelte 1950 nach Spanish Harlem in New York City. Schon bald offenbarte sich sein musikalisches Talent, der von Geburt an blinde Jos\u00e9 \u00fcbte t\u00e4glich stundenlang Akkordeon, aber vor allem Gitarre. Mit 17 verlie\u00df er die Schule, um in Clubs zu spielen und seine Familie zu unterst\u00fctzen. Wenige Jahre sp\u00e4ter erhielt Feliciano nach einem Auftritt bei einem Festival in Argentinien seinen ersten Plattenvertrag und wurde in S\u00fcdamerika sehr popul\u00e4r.<\/p>\n<p style=\"padding-left: 40px;\">1968, am H\u00f6hepunkt der Proteste gegen den Vietnamkrieg, wurde Jos\u00e9 Feliciano eingeladen, vor den World Series, dem Finale der US-amerikanischen Baseball-Profiligen, die Hymne zu singen. In seiner sehr pers\u00f6nlichen Interpretation wurde aus dem \u201eNational Anthem\u201c ein Folksong. Die Aufregung dar\u00fcber war gro\u00df. Unpatriotisch war diese Interpretation f\u00fcr die einen, aufrichtig f\u00fcr die anderen \u2013 Jos\u00e9 Feliciano wurde von zahlreichen Radiostationen boykottiert und gleichzeitig zum Helden der Anti-Kriegs Bewegung.<\/p>\n<p style=\"padding-left: 40px;\">Mit seiner Version der Doors Nummer \u201eLight my fire\u201c gelang ihm kurze Zeit sp\u00e4ter ein neuerlicher Durchbruch. Feliciano ist einer der wenigen S\u00e4nger, denen es gelang, sowohl mit spanischer Musik als auch mit Rock\u2019n\u2019Roll auf Englisch weltweit erfolgreich zu sein. Heute lebt der 78-J\u00e4hrige in Connecticut und in Leobersdorf in Nieder\u00f6sterreich.<\/p>\n<p>19:05:00 +++ \u00d61<br \/>\n<strong>Enfleurage alias Anna Anderluh, David Gratzer und Lukas Aichinger mit spontan entwickelten, bildhaften Soundscapes<\/strong><\/p>\n<p style=\"padding-left: 40px;\">Enfleurage, das sind S\u00e4ngerin Anna Anderluh, Gitarrist David Gratzer (beide steuern auch elektronische Loops bei) sowie Schlagzeuger Lukas Aichinger, der hier als Perkussionist ein buntes Instrumentarium bedient.<\/p>\n<p style=\"padding-left: 40px;\">Mit improvisatorischer Leichtigkeit und Formgef\u00fchl gelingt hier ein Trialog, der die individuellen Charaktere und ihre musikalischen Welten zusammenf\u00fchrt, um daraus Neues erwachsen zu lassen. Beim H\u00f6ren entstehen unweigerlich Bilder, die in \u201eeingefrorenen\u201c, detailliert gearbeiteten Soundscapes die Freiheit finden, sich zu entfalten. Gitarre, Perkussion, Autoharp, Stimme und Loops verbinden sich so zu einer Musik, der man mit Neugier folgt \u2013 von sanften Visionen hin zu mutigen Destruktionen und wieder zur\u00fcck zu Neuanf\u00e4ngen.<\/p>\n<p>19:30 bis 20:00 +++ Bayern 2<br \/>\n<strong>Musik f\u00fcr Bayern: Klassik, Pop und Jazz \u2013 Selbst gemacht!<\/strong><\/p>\n<p>19:30:00 +++ \u00d61<br \/>\n<strong>Wolfgang Puschnig, Julia Malischnig, Klaus Paier, Asja Valcic 2023 beim Gitarrenfestival in Millstatt<\/strong><\/p>\n<p style=\"padding-left: 40px;\">Zur Er\u00f6ffnung der 16. Ausgabe des Internationalen Gitarrenfestivals \u201eLa Guitarra esencial\u201c 2023 standen am 1. August letzten Jahres in der Stiftskirche Millstatt unter dem Motto \u201eColours of Carinthia\u201c drei prominente K\u00e4rntner Musiker:innen auf der B\u00fchne, die zuvor noch nie zusammen musiziert hatten: Jazzsaxofonist und -fl\u00f6tist Wolfgang Puschnig zum einen, Akkordeonist Klaus Paier zum anderen und Gitarristin Julia Malischnig zum dritten, ihres Zeichens Intendantin von \u201eLa Guitarra esencial\u201c. Dazu gesellte sich als Vierte im Bunde die aus Kroatien stammende Wahl-\u00d6sterreicherin Asja Valcic am Cello.<\/p>\n<p style=\"padding-left: 40px;\">In verschiedenen Duo- und Triobesetzungen wie auch im Quartett interpretierten diese vier Freigeister stilistisch vielf\u00e4rbige Kammermusik zwischen Jazz, klassischen Einfl\u00fcssen und traditionellen Kl\u00e4ngen aus vielerlei Richtungen. Klaus Paier hatte eigens eine Reihe von St\u00fccken komponiert, die an diesem Abend ihre Urauff\u00fchrung erlebten. Wolfgang Puschnig steuerte Eigenkompositionen wie \u201eTowards East\u201c und \u201eCross Culture\u201c bei, w\u00e4hrend Julia Malischnig einige bekannte K\u00e4rntner Volkslieder von G\u00fcnther Mittergradnegger f\u00fcr den Abend arrangiert hatte. Weiters zu h\u00f6ren: Bearbeitungen zweier \u201eDanza espanola\u201c von Enrique Granados bzw. Manuel da Falla, zudem von Kompositionen Hermeto Pascoals und Astor Piazzollas \u2013 bei letzterer bet\u00e4tigte sich Julia Malischnig auch als S\u00e4ngerin. Das Publikum reagierte auf dieses abwechslungsreiche, mitrei\u00dfend dargebotene Programm mit Standing Ovations.<\/p>\n<p style=\"padding-left: 40px;\">Gerhard Graml pr\u00e4sentiert die H\u00f6hepunkte dieses vom Landesstudio K\u00e4rnten aufgenommenen Abends.<\/p>\n<p>19:31 \u2013 20:00 UHR +++ SWR2 Jazz<br \/>\n<strong>ME AND MY MUSIC \u2013 PASCAL NIGGENKEMPER <\/strong><\/p>\n<p style=\"padding-left: 40px;\">Von Julia Neupert. Zwei Kontrab\u00e4sse gleichzeitig spielen: In seinem neuesten Soloprojekt denkt Pascal Niggenkemper wieder \u00fcber Auff\u00fchrungskonventionen hinaus.Was den 1978 in der N\u00e4he vom Bodensee geborenen und jetzt im Elsass lebenden Musiker umtreibt, wie er seine sehr verschiedenen Arbeiten und Ensembles k\u00fcnstlerisch verortet und was das Kreativsein mit Kl\u00e4ngen grunds\u00e4tzlich f\u00fcr ihn bedeutet \u2013 dar\u00fcber berichtet er in einem Zweigespr\u00e4ch mit seiner eigenen Musik.<\/p>\n<p>20:00 bis 22:00 +++ hr2-kultur<br \/>\n<strong>Bernstein und Gershwin \u2013 Die NDR-Radiophilharmonie in Hannover<\/strong><\/p>\n<p>20:00 bis 22:00 +++ NDR Blue<br \/>\n<strong>NDR Kultur Jazz<\/strong><\/p>\n<p>22:00 bis 00:00 +++ NDR Kultur<br \/>\n<strong>NDR Kultur Neo \u2013 Von und mit Charlotte Oelschlegel<\/strong><\/p>\n<p>23:00 bis 00:00 +++ rbbKultur<br \/>\n<strong>Late Night Jazz: Sarah Vaughan zum 100. Geburtstag<\/strong><\/p>\n<p style=\"padding-left: 40px;\">Sie hatte von allen am meisten, was eine gute Stimme ausmacht: Technik, Stimmumfang, Feeling, Volumen, Intonation \u2013 oder wie der Jazz-Kritiker Leonard Feather sagte: \u201eK\u00fcrzlich h\u00f6rte ich eine klassische, eine Pop- und eine Jazzs\u00e4ngerin. Sie waren alle in der derselben Show, und sie alle waren Sarah Vaughan!\u201c Die verstand sich nie als Jazz-S\u00e4ngerin und ist doch eine der gr\u00f6\u00dften ihrer Zunft; am 27. M\u00e4rz hat \u201eSassy Sarah\u201c, The Divine One, 100. Geburtstag. Eine Sendung von Henry Altmann.<\/p>\n<p>23:03 bis 24:00 Uhr +++ \u00d61<br \/>\n<strong>klingt.collective und \u201eBeatnik Manifesto\u201c \u2013 Zwei Gro\u00dfprojekte von dieb13<\/strong><\/p>\n<p style=\"padding-left: 40px;\">dieb13, mit b\u00fcrgerlichem Namen Dieter Kovacic, ist einer der renommiertesten Vertreter des experimental Turntablism, der Kunst des avancierten Plattenspiels. Und er ist Filmemacher und leidenschaftlicher Netzwerker. Auf seiner Internet-Plattform mit dem weltbesten Namen klingt.org bietet er seit bald zweieinhalb Jahrzehnten hunderten Musikerinnen und Musikern eine digitale Heimat und einen Ankn\u00fcpfungspunkt. Nur folgerichtig, dass dieb13 vor einigen Jahren dann auch das klingt orgestra gr\u00fcndete, das sich mittlerweile zum klingt.collective weiterentwickelt hat. Bei Wien Modern 2023 fand die Urauff\u00fchrung des neuen St\u00fcckes \u201eestos patos locos\u201c des klingt.collective statt, das wir f\u00fcr Sie aufgenommen haben.<\/p>\n<p style=\"padding-left: 40px;\">Im zweiten Teil der heutigen Ausgabe von Supernova wird noch ein weiteres Gro\u00dfprojekt von dieb13 zu h\u00f6ren sein. 2023, im Jahr seines 50. Geburtstages, versammelte der K\u00fcnstler vierzehn Weggef\u00e4hrt:innen aus den vergangenen Jahren und Jahrzehnten, um gemeinsam mit ihnen im Wiener Reaktor sein \u201eBeatnik Manifesto\u201c uraufzuf\u00fchren. Der Titel verweist auf die Beat Generation, die erste US-amerikanische Gegenkultur nach dem Ende des zweiten Weltkrieges rund um Jack Kerouac, William S. Burroughs und Allen Ginsberg. Ausgangspunkt bildete der Text \u201eWir Beatniks\u201c, den dieb13 f\u00fcr ein Filmprojekt im Jahr 2020 verfasst hat. \u201eDie Beatniks dieses Manifestes sind Treibende und Getriebene, Ursache und Wirkung, Welle und Teilchen zugleich\u201c, schreibt der Musiker in einem begleitenden Text. \u201eNiemand wei\u00df warum, aber es gab bisher nie ein Manifest der Beatniks, das holen wir jetzt nach.\u201c Mit Camille Emaille und Erik Carlsson (Schlagzeug), Elsa Bergman und Matija Schellander (Bass), Sandy Ewen und Flo Stoffner (E-Gitarre), Hans Koch und Susanna Gartmayer (Bassklarinette), eRikm und Billy Roisz (Elektronik), Antoine Chessex und Anna H\u00f6gberg ((Alt-)Saxofon) und Karolina Preuschl und Phil Minton (Stimme). dieb13 selbst spielte Turntables. Arnold Haberl \u00fcbernahm die Klangregie. \u201eDie doppelte Besetzung der einzelnen Instrumente bietet reichlich Gelegenheit f\u00fcr Paar- und Wettl\u00e4ufe aller Art.\u201c Gestaltung: Susanna Niedermayr<\/p>\n","protected":false},"excerpt":{"rendered":"<p>Ein kleiner Blick in die Radiowoche 12. Die \u00dcbersicht zum Download als PDF. Alle Angaben ohne Gew\u00e4hr. Erg\u00e4nzt mit den tollen Sendungen zur Neuen Musik von BR-KLASSIK und \u00d61. Inhalt Senderliste: 2 mo \u2013 18.03.2024. 3 di \u2013 19.03.2024. 4 mi \u2013 20.03.2024. 6 do \u2013 21.03.2024. 7 fr \u2013 22.03.2024. 7 sa \u2013 23.03.2024. 8 so \u2013 24.03.2024. 10 Senderliste: ORF \u2013 \u00d61 Deutschlandfunk \u2013 \u201eFakten und mehr\u201c Deutschlandfunk-Kultur \u2013 \u201eDas Feuilleton im Radio\u201c ndr Kultur \u2013 H\u00f6ren und genie\u00dfen radio bremen \u2013 Neugier lohnt sich. rbbKultur \u2013 DEINE OHREN WERDEN AUGEN MACHEN. mdr-kultur \u2013 Das Radio. wdr3 \u2013 Das Kulturradio hr2-kultur \u2013 Das Kulturradio f\u00fcr Hessen. sr2 Kulturradio \u2013 \u2026 gut zu h\u00f6ren. swr2 \u2013 Kultur neu entdecken BR-KLASSIK \u2013 Klassikstars geben auf BR-KLASSIK den Ton an. Attraktive Magazine bringen Interviews und Neuigkeiten aus dem Musikleben. Bayern 2 \u2013 Preisgekr\u00f6ntes Radio f\u00fcr H\u00f6rer, die mehr wissen wollen mo \u2013 18.03.2024 19:30:00 +++ \u00d61 Diknu Schneeberger\/Christian Bakanic Quartett im November 2023 im Wiener RadioKulturhaus Vor einigen Jahren kreuzten sich die Wege des aus dem S\u00fcdburgenland stammenden Akkordeon- Virtuosen Christian Bakanic und des Wiener Gitarristen &hellip;<\/p>\n","protected":false},"author":1,"featured_media":30334,"comment_status":"open","ping_status":"closed","sticky":false,"template":"","format":"standard","meta":{"_jetpack_memberships_contains_paid_content":false,"footnotes":"","jetpack_publicize_message":"","jetpack_publicize_feature_enabled":true,"jetpack_social_post_already_shared":false,"jetpack_social_options":{"image_generator_settings":{"template":"highway","default_image_id":0,"font":"","enabled":false},"version":2}},"categories":[633,452],"tags":[3773,1629],"coauthors":[650],"class_list":["post-30738","post","type-post","status-publish","format-standard","has-post-thumbnail","hentry","category-nachrichten","category-radio","tag-die-radiowoche","tag-jazz-im-radio"],"yoast_head":"<!-- This site is optimized with the Yoast SEO plugin v27.5 - https:\/\/yoast.com\/product\/yoast-seo-wordpress\/ -->\n<title>Die erweiterte Jazz-Radiowoche vom 18.03.2024 bis 24.03.2024 - JazzZeitung<\/title>\n<meta name=\"robots\" content=\"index, follow, max-snippet:-1, max-image-preview:large, max-video-preview:-1\" \/>\n<link rel=\"canonical\" href=\"https:\/\/www.jazzzeitung.de\/cms\/2024\/03\/die-erweiterte-jazz-radiowoche-vom-18-03-2024-bis-24-03-2024\/\" \/>\n<meta property=\"og:locale\" content=\"de_DE\" \/>\n<meta property=\"og:type\" content=\"article\" \/>\n<meta property=\"og:title\" content=\"Die erweiterte Jazz-Radiowoche vom 18.03.2024 bis 24.03.2024 - JazzZeitung\" \/>\n<meta property=\"og:description\" content=\"Ein kleiner Blick in die Radiowoche 12. Die \u00dcbersicht zum Download als PDF. Alle Angaben ohne Gew\u00e4hr. Erg\u00e4nzt mit den tollen Sendungen zur Neuen Musik von BR-KLASSIK und \u00d61. Inhalt Senderliste: 2 mo \u2013 18.03.2024. 3 di \u2013 19.03.2024. 4 mi \u2013 20.03.2024. 6 do \u2013 21.03.2024. 7 fr \u2013 22.03.2024. 7 sa \u2013 23.03.2024. 8 so \u2013 24.03.2024. 10 Senderliste: ORF \u2013 \u00d61 Deutschlandfunk \u2013 \u201eFakten und mehr\u201c Deutschlandfunk-Kultur \u2013 \u201eDas Feuilleton im Radio\u201c ndr Kultur \u2013 H\u00f6ren und genie\u00dfen radio bremen \u2013 Neugier lohnt sich. rbbKultur \u2013 DEINE OHREN WERDEN AUGEN MACHEN. mdr-kultur \u2013 Das Radio. wdr3 \u2013 Das Kulturradio hr2-kultur \u2013 Das Kulturradio f\u00fcr Hessen. sr2 Kulturradio \u2013 \u2026 gut zu h\u00f6ren. swr2 \u2013 Kultur neu entdecken BR-KLASSIK \u2013 Klassikstars geben auf BR-KLASSIK den Ton an. Attraktive Magazine bringen Interviews und Neuigkeiten aus dem Musikleben. Bayern 2 \u2013 Preisgekr\u00f6ntes Radio f\u00fcr H\u00f6rer, die mehr wissen wollen mo \u2013 18.03.2024 19:30:00 +++ \u00d61 Diknu Schneeberger\/Christian Bakanic Quartett im November 2023 im Wiener RadioKulturhaus Vor einigen Jahren kreuzten sich die Wege des aus dem S\u00fcdburgenland stammenden Akkordeon- Virtuosen Christian Bakanic und des Wiener Gitarristen &hellip;\" \/>\n<meta property=\"og:url\" content=\"https:\/\/www.jazzzeitung.de\/cms\/2024\/03\/die-erweiterte-jazz-radiowoche-vom-18-03-2024-bis-24-03-2024\/\" \/>\n<meta property=\"og:site_name\" content=\"JazzZeitung\" \/>\n<meta property=\"article:publisher\" content=\"https:\/\/www.facebook.com\/JazzZeitung\/\" \/>\n<meta property=\"article:author\" content=\"https:\/\/www.facebook.com\/hufner\" \/>\n<meta property=\"article:published_time\" content=\"2024-03-17T11:00:20+00:00\" \/>\n<meta property=\"og:image\" content=\"https:\/\/i0.wp.com\/www.jazzzeitung.de\/cms\/wp-content\/uploads\/2023\/11\/radio-jazz_journalisten_final.jpg?fit=2048%2C1536&ssl=1\" \/>\n\t<meta property=\"og:image:width\" content=\"2048\" \/>\n\t<meta property=\"og:image:height\" content=\"1536\" \/>\n\t<meta property=\"og:image:type\" content=\"image\/jpeg\" \/>\n<meta name=\"author\" content=\"Martin Hufner\" \/>\n<script type=\"application\/ld+json\" class=\"yoast-schema-graph\">{\"@context\":\"https:\\\/\\\/schema.org\",\"@graph\":[{\"@type\":\"Article\",\"@id\":\"https:\\\/\\\/www.jazzzeitung.de\\\/cms\\\/2024\\\/03\\\/die-erweiterte-jazz-radiowoche-vom-18-03-2024-bis-24-03-2024\\\/#article\",\"isPartOf\":{\"@id\":\"https:\\\/\\\/www.jazzzeitung.de\\\/cms\\\/2024\\\/03\\\/die-erweiterte-jazz-radiowoche-vom-18-03-2024-bis-24-03-2024\\\/\"},\"author\":{\"name\":\"Martin Hufner\",\"@id\":\"https:\\\/\\\/www.jazzzeitung.de\\\/cms\\\/#\\\/schema\\\/person\\\/b9a4e5ac765d94fb8f617bfa8f1fc5f7\"},\"headline\":\"Die erweiterte Jazz-Radiowoche vom 18.03.2024 bis 24.03.2024\",\"datePublished\":\"2024-03-17T11:00:20+00:00\",\"mainEntityOfPage\":{\"@id\":\"https:\\\/\\\/www.jazzzeitung.de\\\/cms\\\/2024\\\/03\\\/die-erweiterte-jazz-radiowoche-vom-18-03-2024-bis-24-03-2024\\\/\"},\"wordCount\":4495,\"commentCount\":0,\"publisher\":{\"@id\":\"https:\\\/\\\/www.jazzzeitung.de\\\/cms\\\/#organization\"},\"image\":{\"@id\":\"https:\\\/\\\/www.jazzzeitung.de\\\/cms\\\/2024\\\/03\\\/die-erweiterte-jazz-radiowoche-vom-18-03-2024-bis-24-03-2024\\\/#primaryimage\"},\"thumbnailUrl\":\"https:\\\/\\\/i0.wp.com\\\/www.jazzzeitung.de\\\/cms\\\/wp-content\\\/uploads\\\/2023\\\/11\\\/radio-jazz_journalisten_final.jpg?fit=2048%2C1536&ssl=1\",\"keywords\":[\"Die Radiowoche\",\"Jazz im Radio\"],\"articleSection\":[\"News\",\"Radio\"],\"inLanguage\":\"de\",\"potentialAction\":[{\"@type\":\"CommentAction\",\"name\":\"Comment\",\"target\":[\"https:\\\/\\\/www.jazzzeitung.de\\\/cms\\\/2024\\\/03\\\/die-erweiterte-jazz-radiowoche-vom-18-03-2024-bis-24-03-2024\\\/#respond\"]}]},{\"@type\":\"WebPage\",\"@id\":\"https:\\\/\\\/www.jazzzeitung.de\\\/cms\\\/2024\\\/03\\\/die-erweiterte-jazz-radiowoche-vom-18-03-2024-bis-24-03-2024\\\/\",\"url\":\"https:\\\/\\\/www.jazzzeitung.de\\\/cms\\\/2024\\\/03\\\/die-erweiterte-jazz-radiowoche-vom-18-03-2024-bis-24-03-2024\\\/\",\"name\":\"Die erweiterte Jazz-Radiowoche vom 18.03.2024 bis 24.03.2024 - JazzZeitung\",\"isPartOf\":{\"@id\":\"https:\\\/\\\/www.jazzzeitung.de\\\/cms\\\/#website\"},\"primaryImageOfPage\":{\"@id\":\"https:\\\/\\\/www.jazzzeitung.de\\\/cms\\\/2024\\\/03\\\/die-erweiterte-jazz-radiowoche-vom-18-03-2024-bis-24-03-2024\\\/#primaryimage\"},\"image\":{\"@id\":\"https:\\\/\\\/www.jazzzeitung.de\\\/cms\\\/2024\\\/03\\\/die-erweiterte-jazz-radiowoche-vom-18-03-2024-bis-24-03-2024\\\/#primaryimage\"},\"thumbnailUrl\":\"https:\\\/\\\/i0.wp.com\\\/www.jazzzeitung.de\\\/cms\\\/wp-content\\\/uploads\\\/2023\\\/11\\\/radio-jazz_journalisten_final.jpg?fit=2048%2C1536&ssl=1\",\"datePublished\":\"2024-03-17T11:00:20+00:00\",\"breadcrumb\":{\"@id\":\"https:\\\/\\\/www.jazzzeitung.de\\\/cms\\\/2024\\\/03\\\/die-erweiterte-jazz-radiowoche-vom-18-03-2024-bis-24-03-2024\\\/#breadcrumb\"},\"inLanguage\":\"de\",\"potentialAction\":[{\"@type\":\"ReadAction\",\"target\":[\"https:\\\/\\\/www.jazzzeitung.de\\\/cms\\\/2024\\\/03\\\/die-erweiterte-jazz-radiowoche-vom-18-03-2024-bis-24-03-2024\\\/\"]}]},{\"@type\":\"ImageObject\",\"inLanguage\":\"de\",\"@id\":\"https:\\\/\\\/www.jazzzeitung.de\\\/cms\\\/2024\\\/03\\\/die-erweiterte-jazz-radiowoche-vom-18-03-2024-bis-24-03-2024\\\/#primaryimage\",\"url\":\"https:\\\/\\\/i0.wp.com\\\/www.jazzzeitung.de\\\/cms\\\/wp-content\\\/uploads\\\/2023\\\/11\\\/radio-jazz_journalisten_final.jpg?fit=2048%2C1536&ssl=1\",\"contentUrl\":\"https:\\\/\\\/i0.wp.com\\\/www.jazzzeitung.de\\\/cms\\\/wp-content\\\/uploads\\\/2023\\\/11\\\/radio-jazz_journalisten_final.jpg?fit=2048%2C1536&ssl=1\",\"width\":2048,\"height\":1536,\"caption\":\"Jazz im Radio\"},{\"@type\":\"BreadcrumbList\",\"@id\":\"https:\\\/\\\/www.jazzzeitung.de\\\/cms\\\/2024\\\/03\\\/die-erweiterte-jazz-radiowoche-vom-18-03-2024-bis-24-03-2024\\\/#breadcrumb\",\"itemListElement\":[{\"@type\":\"ListItem\",\"position\":1,\"name\":\"Startseite\",\"item\":\"https:\\\/\\\/www.jazzzeitung.de\\\/cms\\\/\"},{\"@type\":\"ListItem\",\"position\":2,\"name\":\"Die erweiterte Jazz-Radiowoche vom 18.03.2024 bis 24.03.2024\"}]},{\"@type\":\"WebSite\",\"@id\":\"https:\\\/\\\/www.jazzzeitung.de\\\/cms\\\/#website\",\"url\":\"https:\\\/\\\/www.jazzzeitung.de\\\/cms\\\/\",\"name\":\"JazzZeitung\",\"description\":\"Jazz-News und Jazz-Kontroverses\",\"publisher\":{\"@id\":\"https:\\\/\\\/www.jazzzeitung.de\\\/cms\\\/#organization\"},\"potentialAction\":[{\"@type\":\"SearchAction\",\"target\":{\"@type\":\"EntryPoint\",\"urlTemplate\":\"https:\\\/\\\/www.jazzzeitung.de\\\/cms\\\/?s={search_term_string}\"},\"query-input\":{\"@type\":\"PropertyValueSpecification\",\"valueRequired\":true,\"valueName\":\"search_term_string\"}}],\"inLanguage\":\"de\"},{\"@type\":\"Organization\",\"@id\":\"https:\\\/\\\/www.jazzzeitung.de\\\/cms\\\/#organization\",\"name\":\"JazzZeitung online\",\"url\":\"https:\\\/\\\/www.jazzzeitung.de\\\/cms\\\/\",\"logo\":{\"@type\":\"ImageObject\",\"inLanguage\":\"de\",\"@id\":\"https:\\\/\\\/www.jazzzeitung.de\\\/cms\\\/#\\\/schema\\\/logo\\\/image\\\/\",\"url\":\"https:\\\/\\\/i0.wp.com\\\/www.jazzzeitung.de\\\/cms\\\/wp-content\\\/uploads\\\/2015\\\/08\\\/JAZZZEITUNGDE_Logo_Neu.png?fit=499%2C200&ssl=1\",\"contentUrl\":\"https:\\\/\\\/i0.wp.com\\\/www.jazzzeitung.de\\\/cms\\\/wp-content\\\/uploads\\\/2015\\\/08\\\/JAZZZEITUNGDE_Logo_Neu.png?fit=499%2C200&ssl=1\",\"width\":499,\"height\":200,\"caption\":\"JazzZeitung online\"},\"image\":{\"@id\":\"https:\\\/\\\/www.jazzzeitung.de\\\/cms\\\/#\\\/schema\\\/logo\\\/image\\\/\"},\"sameAs\":[\"https:\\\/\\\/www.facebook.com\\\/JazzZeitung\\\/\"]},{\"@type\":\"Person\",\"@id\":\"https:\\\/\\\/www.jazzzeitung.de\\\/cms\\\/#\\\/schema\\\/person\\\/b9a4e5ac765d94fb8f617bfa8f1fc5f7\",\"name\":\"Martin Hufner\",\"image\":{\"@type\":\"ImageObject\",\"inLanguage\":\"de\",\"@id\":\"https:\\\/\\\/i0.wp.com\\\/www.jazzzeitung.de\\\/cms\\\/wp-content\\\/uploads\\\/2013\\\/07\\\/huf-06.jpg?resize=96%2C96&ssl=15fcc31aa94540751a3b804516452be00\",\"url\":\"https:\\\/\\\/i0.wp.com\\\/www.jazzzeitung.de\\\/cms\\\/wp-content\\\/uploads\\\/2013\\\/07\\\/huf-06.jpg?resize=96%2C96&ssl=1\",\"contentUrl\":\"https:\\\/\\\/i0.wp.com\\\/www.jazzzeitung.de\\\/cms\\\/wp-content\\\/uploads\\\/2013\\\/07\\\/huf-06.jpg?resize=96%2C96&ssl=1\",\"caption\":\"Martin Hufner\"},\"description\":\"Martin Hufner ist freier Autor der JazzZeitung.\",\"sameAs\":[\"https:\\\/\\\/www.kritische-masse.de\\\/logbuch\",\"https:\\\/\\\/www.facebook.com\\\/hufner\"],\"url\":\"https:\\\/\\\/www.jazzzeitung.de\\\/cms\\\/author\\\/admin\\\/\"}]}<\/script>\n<!-- \/ Yoast SEO plugin. -->","yoast_head_json":{"title":"Die erweiterte Jazz-Radiowoche vom 18.03.2024 bis 24.03.2024 - JazzZeitung","robots":{"index":"index","follow":"follow","max-snippet":"max-snippet:-1","max-image-preview":"max-image-preview:large","max-video-preview":"max-video-preview:-1"},"canonical":"https:\/\/www.jazzzeitung.de\/cms\/2024\/03\/die-erweiterte-jazz-radiowoche-vom-18-03-2024-bis-24-03-2024\/","og_locale":"de_DE","og_type":"article","og_title":"Die erweiterte Jazz-Radiowoche vom 18.03.2024 bis 24.03.2024 - JazzZeitung","og_description":"Ein kleiner Blick in die Radiowoche 12. Die \u00dcbersicht zum Download als PDF. Alle Angaben ohne Gew\u00e4hr. Erg\u00e4nzt mit den tollen Sendungen zur Neuen Musik von BR-KLASSIK und \u00d61. Inhalt Senderliste: 2 mo \u2013 18.03.2024. 3 di \u2013 19.03.2024. 4 mi \u2013 20.03.2024. 6 do \u2013 21.03.2024. 7 fr \u2013 22.03.2024. 7 sa \u2013 23.03.2024. 8 so \u2013 24.03.2024. 10 Senderliste: ORF \u2013 \u00d61 Deutschlandfunk \u2013 \u201eFakten und mehr\u201c Deutschlandfunk-Kultur \u2013 \u201eDas Feuilleton im Radio\u201c ndr Kultur \u2013 H\u00f6ren und genie\u00dfen radio bremen \u2013 Neugier lohnt sich. rbbKultur \u2013 DEINE OHREN WERDEN AUGEN MACHEN. mdr-kultur \u2013 Das Radio. wdr3 \u2013 Das Kulturradio hr2-kultur \u2013 Das Kulturradio f\u00fcr Hessen. sr2 Kulturradio \u2013 \u2026 gut zu h\u00f6ren. swr2 \u2013 Kultur neu entdecken BR-KLASSIK \u2013 Klassikstars geben auf BR-KLASSIK den Ton an. Attraktive Magazine bringen Interviews und Neuigkeiten aus dem Musikleben. Bayern 2 \u2013 Preisgekr\u00f6ntes Radio f\u00fcr H\u00f6rer, die mehr wissen wollen mo \u2013 18.03.2024 19:30:00 +++ \u00d61 Diknu Schneeberger\/Christian Bakanic Quartett im November 2023 im Wiener RadioKulturhaus Vor einigen Jahren kreuzten sich die Wege des aus dem S\u00fcdburgenland stammenden Akkordeon- Virtuosen Christian Bakanic und des Wiener Gitarristen &hellip;","og_url":"https:\/\/www.jazzzeitung.de\/cms\/2024\/03\/die-erweiterte-jazz-radiowoche-vom-18-03-2024-bis-24-03-2024\/","og_site_name":"JazzZeitung","article_publisher":"https:\/\/www.facebook.com\/JazzZeitung\/","article_author":"https:\/\/www.facebook.com\/hufner","article_published_time":"2024-03-17T11:00:20+00:00","og_image":[{"width":2048,"height":1536,"url":"https:\/\/i0.wp.com\/www.jazzzeitung.de\/cms\/wp-content\/uploads\/2023\/11\/radio-jazz_journalisten_final.jpg?fit=2048%2C1536&ssl=1","type":"image\/jpeg"}],"author":"Martin Hufner","schema":{"@context":"https:\/\/schema.org","@graph":[{"@type":"Article","@id":"https:\/\/www.jazzzeitung.de\/cms\/2024\/03\/die-erweiterte-jazz-radiowoche-vom-18-03-2024-bis-24-03-2024\/#article","isPartOf":{"@id":"https:\/\/www.jazzzeitung.de\/cms\/2024\/03\/die-erweiterte-jazz-radiowoche-vom-18-03-2024-bis-24-03-2024\/"},"author":{"name":"Martin Hufner","@id":"https:\/\/www.jazzzeitung.de\/cms\/#\/schema\/person\/b9a4e5ac765d94fb8f617bfa8f1fc5f7"},"headline":"Die erweiterte Jazz-Radiowoche vom 18.03.2024 bis 24.03.2024","datePublished":"2024-03-17T11:00:20+00:00","mainEntityOfPage":{"@id":"https:\/\/www.jazzzeitung.de\/cms\/2024\/03\/die-erweiterte-jazz-radiowoche-vom-18-03-2024-bis-24-03-2024\/"},"wordCount":4495,"commentCount":0,"publisher":{"@id":"https:\/\/www.jazzzeitung.de\/cms\/#organization"},"image":{"@id":"https:\/\/www.jazzzeitung.de\/cms\/2024\/03\/die-erweiterte-jazz-radiowoche-vom-18-03-2024-bis-24-03-2024\/#primaryimage"},"thumbnailUrl":"https:\/\/i0.wp.com\/www.jazzzeitung.de\/cms\/wp-content\/uploads\/2023\/11\/radio-jazz_journalisten_final.jpg?fit=2048%2C1536&ssl=1","keywords":["Die Radiowoche","Jazz im Radio"],"articleSection":["News","Radio"],"inLanguage":"de","potentialAction":[{"@type":"CommentAction","name":"Comment","target":["https:\/\/www.jazzzeitung.de\/cms\/2024\/03\/die-erweiterte-jazz-radiowoche-vom-18-03-2024-bis-24-03-2024\/#respond"]}]},{"@type":"WebPage","@id":"https:\/\/www.jazzzeitung.de\/cms\/2024\/03\/die-erweiterte-jazz-radiowoche-vom-18-03-2024-bis-24-03-2024\/","url":"https:\/\/www.jazzzeitung.de\/cms\/2024\/03\/die-erweiterte-jazz-radiowoche-vom-18-03-2024-bis-24-03-2024\/","name":"Die erweiterte Jazz-Radiowoche vom 18.03.2024 bis 24.03.2024 - JazzZeitung","isPartOf":{"@id":"https:\/\/www.jazzzeitung.de\/cms\/#website"},"primaryImageOfPage":{"@id":"https:\/\/www.jazzzeitung.de\/cms\/2024\/03\/die-erweiterte-jazz-radiowoche-vom-18-03-2024-bis-24-03-2024\/#primaryimage"},"image":{"@id":"https:\/\/www.jazzzeitung.de\/cms\/2024\/03\/die-erweiterte-jazz-radiowoche-vom-18-03-2024-bis-24-03-2024\/#primaryimage"},"thumbnailUrl":"https:\/\/i0.wp.com\/www.jazzzeitung.de\/cms\/wp-content\/uploads\/2023\/11\/radio-jazz_journalisten_final.jpg?fit=2048%2C1536&ssl=1","datePublished":"2024-03-17T11:00:20+00:00","breadcrumb":{"@id":"https:\/\/www.jazzzeitung.de\/cms\/2024\/03\/die-erweiterte-jazz-radiowoche-vom-18-03-2024-bis-24-03-2024\/#breadcrumb"},"inLanguage":"de","potentialAction":[{"@type":"ReadAction","target":["https:\/\/www.jazzzeitung.de\/cms\/2024\/03\/die-erweiterte-jazz-radiowoche-vom-18-03-2024-bis-24-03-2024\/"]}]},{"@type":"ImageObject","inLanguage":"de","@id":"https:\/\/www.jazzzeitung.de\/cms\/2024\/03\/die-erweiterte-jazz-radiowoche-vom-18-03-2024-bis-24-03-2024\/#primaryimage","url":"https:\/\/i0.wp.com\/www.jazzzeitung.de\/cms\/wp-content\/uploads\/2023\/11\/radio-jazz_journalisten_final.jpg?fit=2048%2C1536&ssl=1","contentUrl":"https:\/\/i0.wp.com\/www.jazzzeitung.de\/cms\/wp-content\/uploads\/2023\/11\/radio-jazz_journalisten_final.jpg?fit=2048%2C1536&ssl=1","width":2048,"height":1536,"caption":"Jazz im Radio"},{"@type":"BreadcrumbList","@id":"https:\/\/www.jazzzeitung.de\/cms\/2024\/03\/die-erweiterte-jazz-radiowoche-vom-18-03-2024-bis-24-03-2024\/#breadcrumb","itemListElement":[{"@type":"ListItem","position":1,"name":"Startseite","item":"https:\/\/www.jazzzeitung.de\/cms\/"},{"@type":"ListItem","position":2,"name":"Die erweiterte Jazz-Radiowoche vom 18.03.2024 bis 24.03.2024"}]},{"@type":"WebSite","@id":"https:\/\/www.jazzzeitung.de\/cms\/#website","url":"https:\/\/www.jazzzeitung.de\/cms\/","name":"JazzZeitung","description":"Jazz-News und Jazz-Kontroverses","publisher":{"@id":"https:\/\/www.jazzzeitung.de\/cms\/#organization"},"potentialAction":[{"@type":"SearchAction","target":{"@type":"EntryPoint","urlTemplate":"https:\/\/www.jazzzeitung.de\/cms\/?s={search_term_string}"},"query-input":{"@type":"PropertyValueSpecification","valueRequired":true,"valueName":"search_term_string"}}],"inLanguage":"de"},{"@type":"Organization","@id":"https:\/\/www.jazzzeitung.de\/cms\/#organization","name":"JazzZeitung online","url":"https:\/\/www.jazzzeitung.de\/cms\/","logo":{"@type":"ImageObject","inLanguage":"de","@id":"https:\/\/www.jazzzeitung.de\/cms\/#\/schema\/logo\/image\/","url":"https:\/\/i0.wp.com\/www.jazzzeitung.de\/cms\/wp-content\/uploads\/2015\/08\/JAZZZEITUNGDE_Logo_Neu.png?fit=499%2C200&ssl=1","contentUrl":"https:\/\/i0.wp.com\/www.jazzzeitung.de\/cms\/wp-content\/uploads\/2015\/08\/JAZZZEITUNGDE_Logo_Neu.png?fit=499%2C200&ssl=1","width":499,"height":200,"caption":"JazzZeitung online"},"image":{"@id":"https:\/\/www.jazzzeitung.de\/cms\/#\/schema\/logo\/image\/"},"sameAs":["https:\/\/www.facebook.com\/JazzZeitung\/"]},{"@type":"Person","@id":"https:\/\/www.jazzzeitung.de\/cms\/#\/schema\/person\/b9a4e5ac765d94fb8f617bfa8f1fc5f7","name":"Martin Hufner","image":{"@type":"ImageObject","inLanguage":"de","@id":"https:\/\/i0.wp.com\/www.jazzzeitung.de\/cms\/wp-content\/uploads\/2013\/07\/huf-06.jpg?resize=96%2C96&ssl=15fcc31aa94540751a3b804516452be00","url":"https:\/\/i0.wp.com\/www.jazzzeitung.de\/cms\/wp-content\/uploads\/2013\/07\/huf-06.jpg?resize=96%2C96&ssl=1","contentUrl":"https:\/\/i0.wp.com\/www.jazzzeitung.de\/cms\/wp-content\/uploads\/2013\/07\/huf-06.jpg?resize=96%2C96&ssl=1","caption":"Martin Hufner"},"description":"Martin Hufner ist freier Autor der JazzZeitung.","sameAs":["https:\/\/www.kritische-masse.de\/logbuch","https:\/\/www.facebook.com\/hufner"],"url":"https:\/\/www.jazzzeitung.de\/cms\/author\/admin\/"}]}},"wp-worthy-pixel":{"ignored":true,"public":null,"server":null,"url":null},"wp-worthy-type":"normal","jetpack_publicize_connections":[],"cc_featured_image_caption":{"caption_text":"Jazz und anderes im Radio.","source_text":"Montage: Hufner","source_url":"https:\/\/www.kritische-masse.de\/logbuch"},"jetpack_featured_media_url":"https:\/\/i0.wp.com\/www.jazzzeitung.de\/cms\/wp-content\/uploads\/2023\/11\/radio-jazz_journalisten_final.jpg?fit=2048%2C1536&ssl=1","jetpack_shortlink":"https:\/\/wp.me\/p3KEcT-7ZM","jetpack-related-posts":[{"id":22236,"url":"https:\/\/www.jazzzeitung.de\/cms\/2020\/03\/die-jazz-radiowoche-vom-30-03-20-bis-05-04-20\/","url_meta":{"origin":30738,"position":0},"title":"Die Jazz-Radiowoche vom 30.03.20 bis 05.04.20","author":"Martin Hufner","date":"29. M\u00e4rz 2020","format":false,"excerpt":"Ein kleiner Blick in die Jazzwoche 14 im Radio. Alle Angaben ohne Gew\u00e4hr. Jazz im Radio (Fernsehen) SR2 \u2013 JazzNow \u2013 Sonntags von 20.04 bis 22.30 Uhr BR-KLASSIK \u2013 Jazztime \u2013 Von Montag bis Freitag t\u00e4glich um 23.05 Uhr rbb-kultur \u2013 Late Night Jazz \u2013 Sa und So 23:04 \u2013\u2026","rel":"","context":"In &quot;News&quot;","block_context":{"text":"News","link":"https:\/\/www.jazzzeitung.de\/cms\/thema\/nachrichten\/"},"img":{"alt_text":"Jazz im Radio. Foto: Hufner","src":"https:\/\/i0.wp.com\/www.jazzzeitung.de\/cms\/wp-content\/uploads\/2019\/03\/jazz_im_radio.jpg?fit=1200%2C773&ssl=1&resize=350%2C200","width":350,"height":200,"srcset":"https:\/\/i0.wp.com\/www.jazzzeitung.de\/cms\/wp-content\/uploads\/2019\/03\/jazz_im_radio.jpg?fit=1200%2C773&ssl=1&resize=350%2C200 1x, https:\/\/i0.wp.com\/www.jazzzeitung.de\/cms\/wp-content\/uploads\/2019\/03\/jazz_im_radio.jpg?fit=1200%2C773&ssl=1&resize=525%2C300 1.5x, https:\/\/i0.wp.com\/www.jazzzeitung.de\/cms\/wp-content\/uploads\/2019\/03\/jazz_im_radio.jpg?fit=1200%2C773&ssl=1&resize=700%2C400 2x, https:\/\/i0.wp.com\/www.jazzzeitung.de\/cms\/wp-content\/uploads\/2019\/03\/jazz_im_radio.jpg?fit=1200%2C773&ssl=1&resize=1050%2C600 3x"},"classes":[]},{"id":23939,"url":"https:\/\/www.jazzzeitung.de\/cms\/2020\/12\/die-jazz-radiowoche-vom-7-12-20-bis-13-12-2020\/","url_meta":{"origin":30738,"position":1},"title":"Die Jazz-Radiowoche vom 7.12.20 bis 13.12.2020","author":"Martin Hufner","date":"6. Dezember 2020","format":false,"excerpt":"Ein kleiner Blick in die Jazzwoche 50 im Radio. Der ist dieses mal so klein, es steht da n\u00e4mlich gar nichts drin.Grund daf\u00fcr: Die Suchmaschine f\u00fcr Radiosendungen der ARD gibt am dem 7.12.2020 keine Ergebnisse heraus. Versuche der Kontaktaufnahme mit der ARD sind ohne Echo verhallt. Aktuell bleibt es bei\u2026","rel":"","context":"In &quot;News&quot;","block_context":{"text":"News","link":"https:\/\/www.jazzzeitung.de\/cms\/thema\/nachrichten\/"},"img":{"alt_text":"Jazz im Radio. Foto: Hufner","src":"https:\/\/i0.wp.com\/www.jazzzeitung.de\/cms\/wp-content\/uploads\/2019\/03\/jazz_im_radio.jpg?fit=1200%2C773&ssl=1&resize=350%2C200","width":350,"height":200,"srcset":"https:\/\/i0.wp.com\/www.jazzzeitung.de\/cms\/wp-content\/uploads\/2019\/03\/jazz_im_radio.jpg?fit=1200%2C773&ssl=1&resize=350%2C200 1x, https:\/\/i0.wp.com\/www.jazzzeitung.de\/cms\/wp-content\/uploads\/2019\/03\/jazz_im_radio.jpg?fit=1200%2C773&ssl=1&resize=525%2C300 1.5x, https:\/\/i0.wp.com\/www.jazzzeitung.de\/cms\/wp-content\/uploads\/2019\/03\/jazz_im_radio.jpg?fit=1200%2C773&ssl=1&resize=700%2C400 2x, https:\/\/i0.wp.com\/www.jazzzeitung.de\/cms\/wp-content\/uploads\/2019\/03\/jazz_im_radio.jpg?fit=1200%2C773&ssl=1&resize=1050%2C600 3x"},"classes":[]},{"id":23982,"url":"https:\/\/www.jazzzeitung.de\/cms\/2020\/12\/die-jazz-radiowoche-vom-14-12-20-bis-31-12-2020\/","url_meta":{"origin":30738,"position":2},"title":"Die Jazz-Radiowoche vom 14.12.20 bis 31.12.2020","author":"Martin Hufner","date":"13. Dezember 2020","format":false,"excerpt":"Ein kleiner Blick in Restmonat. Die Suchmaschine der ARD hat ihren Dienst am 7.12.2020 eingestellt. Nachfragen haben nur gezeigt, dass die Veranwortlichen kein Interesse daran haben, das zu kommunizieren. Weder ist herauszubekommen, wer das veranlasst hat noch warum. Danke ARD! F\u00fcr nichts. Jetzt schauen wir mal, wie es weiter geht.\u2026","rel":"","context":"In &quot;News&quot;","block_context":{"text":"News","link":"https:\/\/www.jazzzeitung.de\/cms\/thema\/nachrichten\/"},"img":{"alt_text":"Jazz im Radio. Foto: Hufner","src":"https:\/\/i0.wp.com\/www.jazzzeitung.de\/cms\/wp-content\/uploads\/2019\/03\/jazz_im_radio.jpg?fit=1200%2C773&ssl=1&resize=350%2C200","width":350,"height":200,"srcset":"https:\/\/i0.wp.com\/www.jazzzeitung.de\/cms\/wp-content\/uploads\/2019\/03\/jazz_im_radio.jpg?fit=1200%2C773&ssl=1&resize=350%2C200 1x, https:\/\/i0.wp.com\/www.jazzzeitung.de\/cms\/wp-content\/uploads\/2019\/03\/jazz_im_radio.jpg?fit=1200%2C773&ssl=1&resize=525%2C300 1.5x, https:\/\/i0.wp.com\/www.jazzzeitung.de\/cms\/wp-content\/uploads\/2019\/03\/jazz_im_radio.jpg?fit=1200%2C773&ssl=1&resize=700%2C400 2x, https:\/\/i0.wp.com\/www.jazzzeitung.de\/cms\/wp-content\/uploads\/2019\/03\/jazz_im_radio.jpg?fit=1200%2C773&ssl=1&resize=1050%2C600 3x"},"classes":[]},{"id":31928,"url":"https:\/\/www.jazzzeitung.de\/cms\/2024\/11\/die-geschmolzene-jazz-radiowoche-vom-25-11-2024-bis-01-12-2024\/","url_meta":{"origin":30738,"position":3},"title":"Die geschmolzene Jazz-Radiowoche vom 25.11.2024 bis 01.12.2024","author":"Martin Hufner","date":"24. November 2024","format":false,"excerpt":"Jazz im Radio \u2013 Jeden Sonntag gibt es um 12 Uhr unsere \u00dcbersicht f\u00fcr die jeweils nachfolgende Woche. Die #Jazz-Radiowoche vom 25. November bis zum 1. Dezember 2024. Erheblich ausged\u00fcnnt. Die ARD schafft ihr Radio gewisserma\u00dfen ab. Auch als PDF zum Download \u2013 #Jazz #JazzZeitung #Radio #Radiowoche \u2013 Ein Service\u2026","rel":"","context":"In &quot;News&quot;","block_context":{"text":"News","link":"https:\/\/www.jazzzeitung.de\/cms\/thema\/nachrichten\/"},"img":{"alt_text":"zugfahrt 2023 1. MH","src":"https:\/\/i0.wp.com\/www.jazzzeitung.de\/cms\/wp-content\/uploads\/2024\/11\/zugfahrt2023-1.-MH.jpg?fit=1200%2C900&ssl=1&resize=350%2C200","width":350,"height":200,"srcset":"https:\/\/i0.wp.com\/www.jazzzeitung.de\/cms\/wp-content\/uploads\/2024\/11\/zugfahrt2023-1.-MH.jpg?fit=1200%2C900&ssl=1&resize=350%2C200 1x, https:\/\/i0.wp.com\/www.jazzzeitung.de\/cms\/wp-content\/uploads\/2024\/11\/zugfahrt2023-1.-MH.jpg?fit=1200%2C900&ssl=1&resize=525%2C300 1.5x, https:\/\/i0.wp.com\/www.jazzzeitung.de\/cms\/wp-content\/uploads\/2024\/11\/zugfahrt2023-1.-MH.jpg?fit=1200%2C900&ssl=1&resize=700%2C400 2x, https:\/\/i0.wp.com\/www.jazzzeitung.de\/cms\/wp-content\/uploads\/2024\/11\/zugfahrt2023-1.-MH.jpg?fit=1200%2C900&ssl=1&resize=1050%2C600 3x"},"classes":[]},{"id":32452,"url":"https:\/\/www.jazzzeitung.de\/cms\/2025\/04\/die-eingeschmolzene-jazz-radiowoche-vom-21-04-2025-bis-27-04-2025\/","url_meta":{"origin":30738,"position":4},"title":"Die eingeschmolzene Jazz-Radiowoche vom 21.04.2025 bis 27.04.2025","author":"Martin Hufner","date":"20. April 2025","format":false,"excerpt":"Jazz im Radio \u2013 Jeden Sonntag gibt es um 12 Uhr unsere \u00dcbersicht f\u00fcr die jeweils nachfolgende Woche. Die #Jazz-Radiowoche vom 21. bis 27. April 2025. Erheblich ausged\u00fcnnt. Auch als PDF zum Download \u2013 #Jazz #JazzZeitung #Radio #Radiowoche \u2013 Ein Service unserer Online-Redaktion.","rel":"","context":"In &quot;News&quot;","block_context":{"text":"News","link":"https:\/\/www.jazzzeitung.de\/cms\/thema\/nachrichten\/"},"img":{"alt_text":"Kn\u00f6pfe. Foto: Hufner","src":"https:\/\/i0.wp.com\/www.jazzzeitung.de\/cms\/wp-content\/uploads\/2025\/04\/knoepfe.jpg?fit=1200%2C900&ssl=1&resize=350%2C200","width":350,"height":200,"srcset":"https:\/\/i0.wp.com\/www.jazzzeitung.de\/cms\/wp-content\/uploads\/2025\/04\/knoepfe.jpg?fit=1200%2C900&ssl=1&resize=350%2C200 1x, https:\/\/i0.wp.com\/www.jazzzeitung.de\/cms\/wp-content\/uploads\/2025\/04\/knoepfe.jpg?fit=1200%2C900&ssl=1&resize=525%2C300 1.5x, https:\/\/i0.wp.com\/www.jazzzeitung.de\/cms\/wp-content\/uploads\/2025\/04\/knoepfe.jpg?fit=1200%2C900&ssl=1&resize=700%2C400 2x, https:\/\/i0.wp.com\/www.jazzzeitung.de\/cms\/wp-content\/uploads\/2025\/04\/knoepfe.jpg?fit=1200%2C900&ssl=1&resize=1050%2C600 3x"},"classes":[]},{"id":31875,"url":"https:\/\/www.jazzzeitung.de\/cms\/2024\/11\/die-geschmolzene-jazz-radiowoche-vom-18-11-2024-bis-24-11-2024\/","url_meta":{"origin":30738,"position":5},"title":"Die geschmolzene Jazz-Radiowoche vom 18.11.2024 bis 24.11.2024","author":"Martin Hufner","date":"17. November 2024","format":false,"excerpt":"Jazz im Radio \u2013 Jeden Sonntag gibt es um 12 Uhr unsere \u00dcbersicht f\u00fcr die jeweils nachfolgende Woche. Die #Jazz-Radiowoche vom 18. bis 24. November 2024. Erheblich ausged\u00fcnnt. Die ARD schafft ihr Radio gewisserma\u00dfen ab. Auch als PDF zum Download \u2013 #Jazz #JazzZeitung #Radio #Radiowoche \u2013 Ein Service unserer Online-Redaktion.","rel":"","context":"In &quot;News&quot;","block_context":{"text":"News","link":"https:\/\/www.jazzzeitung.de\/cms\/thema\/nachrichten\/"},"img":{"alt_text":"Schnitt durch Strom. MH","src":"https:\/\/i0.wp.com\/www.jazzzeitung.de\/cms\/wp-content\/uploads\/2024\/11\/Schnitt-durch-Strom.-MH.jpg?fit=1200%2C1200&ssl=1&resize=350%2C200","width":350,"height":200,"srcset":"https:\/\/i0.wp.com\/www.jazzzeitung.de\/cms\/wp-content\/uploads\/2024\/11\/Schnitt-durch-Strom.-MH.jpg?fit=1200%2C1200&ssl=1&resize=350%2C200 1x, https:\/\/i0.wp.com\/www.jazzzeitung.de\/cms\/wp-content\/uploads\/2024\/11\/Schnitt-durch-Strom.-MH.jpg?fit=1200%2C1200&ssl=1&resize=525%2C300 1.5x, https:\/\/i0.wp.com\/www.jazzzeitung.de\/cms\/wp-content\/uploads\/2024\/11\/Schnitt-durch-Strom.-MH.jpg?fit=1200%2C1200&ssl=1&resize=700%2C400 2x, https:\/\/i0.wp.com\/www.jazzzeitung.de\/cms\/wp-content\/uploads\/2024\/11\/Schnitt-durch-Strom.-MH.jpg?fit=1200%2C1200&ssl=1&resize=1050%2C600 3x"},"classes":[]}],"jetpack_sharing_enabled":false,"_links":{"self":[{"href":"https:\/\/www.jazzzeitung.de\/cms\/wp-json\/wp\/v2\/posts\/30738","targetHints":{"allow":["GET"]}}],"collection":[{"href":"https:\/\/www.jazzzeitung.de\/cms\/wp-json\/wp\/v2\/posts"}],"about":[{"href":"https:\/\/www.jazzzeitung.de\/cms\/wp-json\/wp\/v2\/types\/post"}],"author":[{"embeddable":true,"href":"https:\/\/www.jazzzeitung.de\/cms\/wp-json\/wp\/v2\/users\/1"}],"replies":[{"embeddable":true,"href":"https:\/\/www.jazzzeitung.de\/cms\/wp-json\/wp\/v2\/comments?post=30738"}],"version-history":[{"count":1,"href":"https:\/\/www.jazzzeitung.de\/cms\/wp-json\/wp\/v2\/posts\/30738\/revisions"}],"predecessor-version":[{"id":30739,"href":"https:\/\/www.jazzzeitung.de\/cms\/wp-json\/wp\/v2\/posts\/30738\/revisions\/30739"}],"wp:featuredmedia":[{"embeddable":true,"href":"https:\/\/www.jazzzeitung.de\/cms\/wp-json\/wp\/v2\/media\/30334"}],"wp:attachment":[{"href":"https:\/\/www.jazzzeitung.de\/cms\/wp-json\/wp\/v2\/media?parent=30738"}],"wp:term":[{"taxonomy":"category","embeddable":true,"href":"https:\/\/www.jazzzeitung.de\/cms\/wp-json\/wp\/v2\/categories?post=30738"},{"taxonomy":"post_tag","embeddable":true,"href":"https:\/\/www.jazzzeitung.de\/cms\/wp-json\/wp\/v2\/tags?post=30738"},{"taxonomy":"author","embeddable":true,"href":"https:\/\/www.jazzzeitung.de\/cms\/wp-json\/wp\/v2\/coauthors?post=30738"}],"curies":[{"name":"wp","href":"https:\/\/api.w.org\/{rel}","templated":true}]}}