{"id":30722,"date":"2024-03-27T06:55:33","date_gmt":"2024-03-27T05:55:33","guid":{"rendered":"https:\/\/www.jazzzeitung.de\/cms\/?p=30722"},"modified":"2024-03-13T09:33:13","modified_gmt":"2024-03-13T08:33:13","slug":"emotional-schimmerndes-amulett-das-neue-album-jasper-vant-hofs","status":"publish","type":"post","link":"https:\/\/www.jazzzeitung.de\/cms\/2024\/03\/emotional-schimmerndes-amulett-das-neue-album-jasper-vant-hofs\/","title":{"rendered":"Emotional schimmerndes Amulett: Das neue Album Jasper Van\u00b4t Hofs"},"content":{"rendered":"<p>Demn\u00e4chst wird er 77. Ans Aufh\u00f6ren aber scheint der Niederl\u00e4nder Jasper van\u00b4t Hof keine Sekunde seiner Lebenszeit zu verschwenden. Das Kreative, das Musik machen, erfinden, kreieren ist offenbar die beste Voraussetzung, damit das Leben f\u00fcr ihn seit \u00fcber f\u00fcnf Jahrzehnten genie\u00dfbar bleibt und es versch\u00f6nert. Aktueller Ausdruck dieser Lebenslust\u00a0 ist ein neues Quartett-Album, das der agile Tastenmann als \u201eSkin Under&#8220; bei seinem langj\u00e4hrigen Label Jaro ver\u00f6ffentlicht. Das begleitet und unterst\u00fctzt seinen musikalischen Output immerhin auch bereits seit vier Jahrzehnten. Damals, im d\u00fcster umw\u00f6lkten 1984, hatte van\u00b4t Hof Pili Pili gegr\u00fcndet, sein tanzbares und clubtaugliches Afrika-Jazz-Projekt, mit dem er sogar einen veritablen Clubhit landete. Zudem erklomm die S\u00e4ngerin Ang\u00e9lique Kidjo mit dieser Band eine weitere Stufe auf ihrer Weltkarriere.<\/p>\n<h4>Eine beeindruckende Karriere<\/h4>\n<p>Mit \u201eSkin Under&#8220; f\u00fcgt der stilistisch enorm vielseitige und nicht nur bildlich gesehen weit gereiste Pianist, Organist und Keyboarder seiner langen Kette funkelnder Musikperlen ein weiteres musikalisches Amulett hinzu. Sieben St\u00fccke enth\u00e4lt das Album, nur eines nicht aus van\u00b4t Hofs Feder. Lediglich die intime Ballade \u201eMarsch fuer Oelze&#8220; mit einem zu Herz gehenden Basssolo (Stefan Lievestro) ist vom Schlagzeuger Ralf H\u00fcbner komponiert. Bei der Aufnahme zu dessen Album \u201eCourage for the Past&#8220; sind Lauer und der quirlige Rotschopf (mittlerweile wei\u00df) mit dem charakteristischen B\u00e4rtchen auf der Oberlippe erstmals aufeinander getroffen. Seither haben sie immer wieder zusammen gespielt. Sie bilden den \u00e4lteren Teil der generationen\u00fcbergreifenden Aufnahme. Am anderen Ende agiert der 32-j\u00e4hrige Schlagzeuger Jamie Peet mit ungeheurer Dynamik und modernen Beats. Die scheinen manchmal gar nicht recht zur Musik zu passen, die sich in einer Art R\u00fcckschau auf den emotional packenden Clubjazz der 60er Jahre \u00fcbt.<\/p>\n<h4>Kein Platz f\u00fcr Melancholie<\/h4>\n<div class=\"tiled-gallery type-rectangular tiled-gallery-unresized\" data-original-width=\"840\" data-carousel-extra='{&quot;blog_id&quot;:1,&quot;permalink&quot;:&quot;https:\\\/\\\/www.jazzzeitung.de\\\/cms\\\/2024\\\/03\\\/emotional-schimmerndes-amulett-das-neue-album-jasper-vant-hofs\\\/&quot;,&quot;likes_blog_id&quot;:55446655}' itemscope itemtype=\"http:\/\/schema.org\/ImageGallery\" > <div class=\"gallery-row\" style=\"width: 840px; height: 353px;\" data-original-width=\"840\" data-original-height=\"353\" > <div class=\"gallery-group images-1\" style=\"width: 391px; height: 353px;\" data-original-width=\"391\" data-original-height=\"353\" > <div class=\"tiled-gallery-item tiled-gallery-item-large\" itemprop=\"associatedMedia\" itemscope itemtype=\"http:\/\/schema.org\/ImageObject\"> <a href=\"https:\/\/www.jazzzeitung.de\/cms\/2024\/03\/emotional-schimmerndes-amulett-das-neue-album-jasper-vant-hofs\/jasperhof_7154a-escapement\/\" border=\"0\" itemprop=\"url\"> <meta itemprop=\"width\" content=\"387\"> <meta itemprop=\"height\" content=\"349\"> <img decoding=\"async\" class=\"\" data-attachment-id=\"30724\" data-orig-file=\"https:\/\/www.jazzzeitung.de\/cms\/wp-content\/uploads\/2024\/03\/jasperhof_7154a-escapement.jpg\" data-orig-size=\"2480,2235\" data-comments-opened=\"1\" data-image-meta=\"{&quot;aperture&quot;:&quot;2.8&quot;,&quot;credit&quot;:&quot;&quot;,&quot;camera&quot;:&quot;NIKON D90&quot;,&quot;caption&quot;:&quot;&quot;,&quot;created_timestamp&quot;:&quot;1462788197&quot;,&quot;copyright&quot;:&quot;&quot;,&quot;focal_length&quot;:&quot;28&quot;,&quot;iso&quot;:&quot;400&quot;,&quot;shutter_speed&quot;:&quot;0.008&quot;,&quot;title&quot;:&quot;&quot;,&quot;orientation&quot;:&quot;1&quot;}\" data-image-title=\"Der Einstein am Klavier. Foto: Wil Bijker\" data-image-description=\"\" data-medium-file=\"https:\/\/i0.wp.com\/www.jazzzeitung.de\/cms\/wp-content\/uploads\/2024\/03\/jasperhof_7154a-escapement.jpg?fit=300%2C270&#038;ssl=1\" data-large-file=\"https:\/\/i0.wp.com\/www.jazzzeitung.de\/cms\/wp-content\/uploads\/2024\/03\/jasperhof_7154a-escapement.jpg?fit=666%2C600&#038;ssl=1\" src=\"https:\/\/i0.wp.com\/www.jazzzeitung.de\/cms\/wp-content\/uploads\/2024\/03\/jasperhof_7154a-escapement.jpg?w=387&#038;h=349&#038;ssl=1\" srcset=\"https:\/\/i0.wp.com\/www.jazzzeitung.de\/cms\/wp-content\/uploads\/2024\/03\/jasperhof_7154a-escapement.jpg?w=2480&amp;ssl=1 2480w, https:\/\/i0.wp.com\/www.jazzzeitung.de\/cms\/wp-content\/uploads\/2024\/03\/jasperhof_7154a-escapement.jpg?resize=300%2C270&amp;ssl=1 300w, https:\/\/i0.wp.com\/www.jazzzeitung.de\/cms\/wp-content\/uploads\/2024\/03\/jasperhof_7154a-escapement.jpg?resize=666%2C600&amp;ssl=1 666w, https:\/\/i0.wp.com\/www.jazzzeitung.de\/cms\/wp-content\/uploads\/2024\/03\/jasperhof_7154a-escapement.jpg?resize=768%2C692&amp;ssl=1 768w, https:\/\/i0.wp.com\/www.jazzzeitung.de\/cms\/wp-content\/uploads\/2024\/03\/jasperhof_7154a-escapement.jpg?resize=1536%2C1384&amp;ssl=1 1536w, https:\/\/i0.wp.com\/www.jazzzeitung.de\/cms\/wp-content\/uploads\/2024\/03\/jasperhof_7154a-escapement.jpg?resize=2048%2C1846&amp;ssl=1 2048w, https:\/\/i0.wp.com\/www.jazzzeitung.de\/cms\/wp-content\/uploads\/2024\/03\/jasperhof_7154a-escapement.jpg?resize=1320%2C1190&amp;ssl=1 1320w, https:\/\/i0.wp.com\/www.jazzzeitung.de\/cms\/wp-content\/uploads\/2024\/03\/jasperhof_7154a-escapement.jpg?w=1680&amp;ssl=1 1680w\" width=\"387\" height=\"349\" loading=\"lazy\" data-original-width=\"387\" data-original-height=\"349\" itemprop=\"http:\/\/schema.org\/image\" title=\"Der Einstein am Klavier. Foto: Wil Bijker\" alt=\"Der Einstein am Klavier. Foto: Wil Bijker\" style=\"width: 387px; height: 349px;\" \/> <\/a> <\/div> <\/div> <!-- close group --> <div class=\"gallery-group images-1\" style=\"width: 449px; height: 353px;\" data-original-width=\"449\" data-original-height=\"353\" > <div class=\"tiled-gallery-item tiled-gallery-item-large\" itemprop=\"associatedMedia\" itemscope itemtype=\"http:\/\/schema.org\/ImageObject\"> <a href=\"https:\/\/www.jazzzeitung.de\/cms\/2024\/03\/emotional-schimmerndes-amulett-das-neue-album-jasper-vant-hofs\/jasper-van-t-hof-hameyer-1a\/\" border=\"0\" itemprop=\"url\"> <meta itemprop=\"width\" content=\"445\"> <meta itemprop=\"height\" content=\"349\"> <img decoding=\"async\" class=\"\" data-attachment-id=\"30725\" data-orig-file=\"https:\/\/www.jazzzeitung.de\/cms\/wp-content\/uploads\/2024\/03\/jasper-van-t-hof-hameyer-1a.jpg\" data-orig-size=\"1226,960\" data-comments-opened=\"1\" data-image-meta=\"{&quot;aperture&quot;:&quot;0&quot;,&quot;credit&quot;:&quot;&quot;,&quot;camera&quot;:&quot;&quot;,&quot;caption&quot;:&quot;&quot;,&quot;created_timestamp&quot;:&quot;0&quot;,&quot;copyright&quot;:&quot;&quot;,&quot;focal_length&quot;:&quot;0&quot;,&quot;iso&quot;:&quot;0&quot;,&quot;shutter_speed&quot;:&quot;0&quot;,&quot;title&quot;:&quot;&quot;,&quot;orientation&quot;:&quot;1&quot;}\" data-image-title=\"Jasper Van\u00b4t Hof. Foto: Henk Adriaan Meijer\" data-image-description=\"\" data-medium-file=\"https:\/\/i0.wp.com\/www.jazzzeitung.de\/cms\/wp-content\/uploads\/2024\/03\/jasper-van-t-hof-hameyer-1a.jpg?fit=300%2C235&#038;ssl=1\" data-large-file=\"https:\/\/i0.wp.com\/www.jazzzeitung.de\/cms\/wp-content\/uploads\/2024\/03\/jasper-van-t-hof-hameyer-1a.jpg?fit=766%2C600&#038;ssl=1\" src=\"https:\/\/i0.wp.com\/www.jazzzeitung.de\/cms\/wp-content\/uploads\/2024\/03\/jasper-van-t-hof-hameyer-1a.jpg?w=445&#038;h=349&#038;ssl=1\" srcset=\"https:\/\/i0.wp.com\/www.jazzzeitung.de\/cms\/wp-content\/uploads\/2024\/03\/jasper-van-t-hof-hameyer-1a.jpg?w=1226&amp;ssl=1 1226w, https:\/\/i0.wp.com\/www.jazzzeitung.de\/cms\/wp-content\/uploads\/2024\/03\/jasper-van-t-hof-hameyer-1a.jpg?resize=300%2C235&amp;ssl=1 300w, https:\/\/i0.wp.com\/www.jazzzeitung.de\/cms\/wp-content\/uploads\/2024\/03\/jasper-van-t-hof-hameyer-1a.jpg?resize=766%2C600&amp;ssl=1 766w, https:\/\/i0.wp.com\/www.jazzzeitung.de\/cms\/wp-content\/uploads\/2024\/03\/jasper-van-t-hof-hameyer-1a.jpg?resize=768%2C601&amp;ssl=1 768w\" width=\"445\" height=\"349\" loading=\"lazy\" data-original-width=\"445\" data-original-height=\"349\" itemprop=\"http:\/\/schema.org\/image\" title=\"Jasper Van\u00b4t Hof. Foto: Henk Adriaan Meijer\" alt=\"Jasper Van\u00b4t Hof. Foto: Henk Adriaan Meijer\" style=\"width: 445px; height: 349px;\" \/> <\/a> <\/div> <\/div> <!-- close group --> <\/div> <!-- close row --> <\/div>\n<p>Statt sich aber in einer r\u00fcckw\u00e4rtsgerichteten Nostalgie zu verlieren, klingt van\u00b4t Hofs Album hochemotional, aufr\u00fcttelnd und mitrei\u00dfend vom ersten bis zum letzten Ton. Vor allem das vorletzte, \u201eAssociations&#8220;, mit einem explosiven, sich hochschraubenden Solo Lauers fliegt einem regelrecht um die Ohren in seiner aufw\u00fchlenden Dichte und Dramatik. An rund 100 Alben (darunter mehrere Soloalben an der Orgel und dem Fl\u00fcgel) war Jasper van\u00b4t Hof\u00a0 bisher beteiligt. In der \u201eHaut darunter&#8220; l\u00e4sst er seinen gesamten musikalischen Erfahrungsschatz einflie\u00dfen. Ein klangliches Amulett das anziehend leuchtet und schimmert.<\/p>\n<p>&nbsp;<\/p>\n<p>Jasper van`t Hof Trio special guest Christof Lauer, Skin Under, Jaro 4371-2 (2024)<\/p>\n<p>&nbsp;<\/p>\n<p><em>Jasper van`t Hof \u2013 piano<\/em><\/p>\n<p><em>Christof Lauer \u2013 Saxophon<\/em><\/p>\n<p><em>Stefan Lievestro \u2013 Bass <\/em><\/p>\n<p><em>Jamie Peet \u2013 Schlagzeug<\/em><\/p>\n<p>Text: Michael Scheiner Fotos: Henk Adriaan Meijer, Wil Bijker, Jaro Label<\/p>\n","protected":false},"excerpt":{"rendered":"<p>Demn\u00e4chst wird er 77. Ans Aufh\u00f6ren aber scheint der Niederl\u00e4nder Jasper van\u00b4t Hof keine Sekunde seiner Lebenszeit zu verschwenden. Das Kreative, das Musik machen, erfinden, kreieren ist offenbar die beste Voraussetzung, damit das Leben f\u00fcr ihn seit \u00fcber f\u00fcnf Jahrzehnten genie\u00dfbar bleibt und es versch\u00f6nert. Aktueller Ausdruck dieser Lebenslust\u00a0 ist ein neues Quartett-Album, das der agile Tastenmann als \u201eSkin Under&#8220; bei seinem langj\u00e4hrigen Label Jaro ver\u00f6ffentlicht. Das begleitet und unterst\u00fctzt seinen musikalischen Output immerhin auch bereits seit vier Jahrzehnten. Damals, im d\u00fcster umw\u00f6lkten 1984, hatte van\u00b4t Hof Pili Pili gegr\u00fcndet, sein tanzbares und clubtaugliches Afrika-Jazz-Projekt, mit dem er sogar einen veritablen Clubhit landete. Zudem erklomm die S\u00e4ngerin Ang\u00e9lique Kidjo mit dieser Band eine weitere Stufe auf ihrer Weltkarriere. Eine beeindruckende Karriere Mit \u201eSkin Under&#8220; f\u00fcgt der stilistisch enorm vielseitige und nicht nur bildlich gesehen weit gereiste Pianist, Organist und Keyboarder seiner langen Kette funkelnder Musikperlen ein weiteres musikalisches Amulett hinzu. Sieben St\u00fccke enth\u00e4lt das Album, nur eines nicht aus van\u00b4t Hofs Feder. Lediglich die intime Ballade \u201eMarsch fuer Oelze&#8220; mit einem zu Herz gehenden Basssolo (Stefan Lievestro) ist vom Schlagzeuger Ralf H\u00fcbner komponiert. Bei der &hellip;<\/p>\n","protected":false},"author":18,"featured_media":30723,"comment_status":"open","ping_status":"closed","sticky":false,"template":"","format":"standard","meta":{"_jetpack_memberships_contains_paid_content":false,"footnotes":"","jetpack_publicize_message":"","jetpack_publicize_feature_enabled":true,"jetpack_social_post_already_shared":false,"jetpack_social_options":{"image_generator_settings":{"template":"highway","default_image_id":0,"font":"","enabled":false},"version":2}},"categories":[1152],"tags":[34,109,5310,5311,1777,387,5309],"coauthors":[695],"class_list":["post-30722","post","type-post","status-publish","format-standard","has-post-thumbnail","hentry","category-rezension","tag-album","tag-cd","tag-christof-lauer","tag-jamie-peet","tag-jasper-vant-hof","tag-michael-scheiner","tag-stefan-lievestro"],"yoast_head":"<!-- This site is optimized with the Yoast SEO plugin v27.5 - https:\/\/yoast.com\/product\/yoast-seo-wordpress\/ -->\n<title>Emotional schimmerndes Amulett: Das neue Album Jasper Van\u00b4t Hofs - JazzZeitung<\/title>\n<meta name=\"description\" content=\"Auf seinem neuen Album gl\u00e4nzt Jasper Van\u00b4t Hof erneut mit seiner starken Klangvielfalt und eine lebenslange Erfahrung macht sich geltend.\" \/>\n<meta name=\"robots\" content=\"index, follow, max-snippet:-1, max-image-preview:large, max-video-preview:-1\" \/>\n<link rel=\"canonical\" href=\"https:\/\/www.jazzzeitung.de\/cms\/2024\/03\/emotional-schimmerndes-amulett-das-neue-album-jasper-vant-hofs\/\" \/>\n<meta property=\"og:locale\" content=\"de_DE\" \/>\n<meta property=\"og:type\" content=\"article\" \/>\n<meta property=\"og:title\" content=\"Emotional schimmerndes Amulett: Das neue Album Jasper Van\u00b4t Hofs - JazzZeitung\" \/>\n<meta property=\"og:description\" content=\"Auf seinem neuen Album gl\u00e4nzt Jasper Van\u00b4t Hof erneut mit seiner starken Klangvielfalt und eine lebenslange Erfahrung macht sich geltend.\" \/>\n<meta property=\"og:url\" content=\"https:\/\/www.jazzzeitung.de\/cms\/2024\/03\/emotional-schimmerndes-amulett-das-neue-album-jasper-vant-hofs\/\" \/>\n<meta property=\"og:site_name\" content=\"JazzZeitung\" \/>\n<meta property=\"article:publisher\" content=\"https:\/\/www.facebook.com\/JazzZeitung\/\" \/>\n<meta property=\"article:published_time\" content=\"2024-03-27T05:55:33+00:00\" \/>\n<meta property=\"og:image\" content=\"https:\/\/i0.wp.com\/www.jazzzeitung.de\/cms\/wp-content\/uploads\/2024\/03\/IMG_9200.jpg?fit=1600%2C1426&ssl=1\" \/>\n\t<meta property=\"og:image:width\" content=\"1600\" \/>\n\t<meta property=\"og:image:height\" content=\"1426\" \/>\n\t<meta property=\"og:image:type\" content=\"image\/jpeg\" \/>\n<meta name=\"author\" content=\"Redaktion JazzZeitung\" \/>\n<script type=\"application\/ld+json\" class=\"yoast-schema-graph\">{\"@context\":\"https:\\\/\\\/schema.org\",\"@graph\":[{\"@type\":\"Article\",\"@id\":\"https:\\\/\\\/www.jazzzeitung.de\\\/cms\\\/2024\\\/03\\\/emotional-schimmerndes-amulett-das-neue-album-jasper-vant-hofs\\\/#article\",\"isPartOf\":{\"@id\":\"https:\\\/\\\/www.jazzzeitung.de\\\/cms\\\/2024\\\/03\\\/emotional-schimmerndes-amulett-das-neue-album-jasper-vant-hofs\\\/\"},\"author\":{\"name\":\"Redaktion JazzZeitung\",\"@id\":\"https:\\\/\\\/www.jazzzeitung.de\\\/cms\\\/#\\\/schema\\\/person\\\/2245b36b9cd1d24cea10f01c031fb92b\"},\"headline\":\"Emotional schimmerndes Amulett: Das neue Album Jasper Van\u00b4t Hofs\",\"datePublished\":\"2024-03-27T05:55:33+00:00\",\"mainEntityOfPage\":{\"@id\":\"https:\\\/\\\/www.jazzzeitung.de\\\/cms\\\/2024\\\/03\\\/emotional-schimmerndes-amulett-das-neue-album-jasper-vant-hofs\\\/\"},\"wordCount\":443,\"commentCount\":0,\"publisher\":{\"@id\":\"https:\\\/\\\/www.jazzzeitung.de\\\/cms\\\/#organization\"},\"image\":{\"@id\":\"https:\\\/\\\/www.jazzzeitung.de\\\/cms\\\/2024\\\/03\\\/emotional-schimmerndes-amulett-das-neue-album-jasper-vant-hofs\\\/#primaryimage\"},\"thumbnailUrl\":\"https:\\\/\\\/i0.wp.com\\\/www.jazzzeitung.de\\\/cms\\\/wp-content\\\/uploads\\\/2024\\\/03\\\/IMG_9200.jpg?fit=1600%2C1426&ssl=1\",\"keywords\":[\"Album\",\"CD\",\"Christof Lauer\",\"Jamie Peet\",\"Jasper van\u00b4t Hof\",\"Michael Scheiner\",\"Stefan Lievestro\"],\"articleSection\":[\"Rezension\"],\"inLanguage\":\"de\",\"potentialAction\":[{\"@type\":\"CommentAction\",\"name\":\"Comment\",\"target\":[\"https:\\\/\\\/www.jazzzeitung.de\\\/cms\\\/2024\\\/03\\\/emotional-schimmerndes-amulett-das-neue-album-jasper-vant-hofs\\\/#respond\"]}]},{\"@type\":\"WebPage\",\"@id\":\"https:\\\/\\\/www.jazzzeitung.de\\\/cms\\\/2024\\\/03\\\/emotional-schimmerndes-amulett-das-neue-album-jasper-vant-hofs\\\/\",\"url\":\"https:\\\/\\\/www.jazzzeitung.de\\\/cms\\\/2024\\\/03\\\/emotional-schimmerndes-amulett-das-neue-album-jasper-vant-hofs\\\/\",\"name\":\"Emotional schimmerndes Amulett: Das neue Album Jasper Van\u00b4t Hofs - JazzZeitung\",\"isPartOf\":{\"@id\":\"https:\\\/\\\/www.jazzzeitung.de\\\/cms\\\/#website\"},\"primaryImageOfPage\":{\"@id\":\"https:\\\/\\\/www.jazzzeitung.de\\\/cms\\\/2024\\\/03\\\/emotional-schimmerndes-amulett-das-neue-album-jasper-vant-hofs\\\/#primaryimage\"},\"image\":{\"@id\":\"https:\\\/\\\/www.jazzzeitung.de\\\/cms\\\/2024\\\/03\\\/emotional-schimmerndes-amulett-das-neue-album-jasper-vant-hofs\\\/#primaryimage\"},\"thumbnailUrl\":\"https:\\\/\\\/i0.wp.com\\\/www.jazzzeitung.de\\\/cms\\\/wp-content\\\/uploads\\\/2024\\\/03\\\/IMG_9200.jpg?fit=1600%2C1426&ssl=1\",\"datePublished\":\"2024-03-27T05:55:33+00:00\",\"description\":\"Auf seinem neuen Album gl\u00e4nzt Jasper Van\u00b4t Hof erneut mit seiner starken Klangvielfalt und eine lebenslange Erfahrung macht sich geltend.\",\"breadcrumb\":{\"@id\":\"https:\\\/\\\/www.jazzzeitung.de\\\/cms\\\/2024\\\/03\\\/emotional-schimmerndes-amulett-das-neue-album-jasper-vant-hofs\\\/#breadcrumb\"},\"inLanguage\":\"de\",\"potentialAction\":[{\"@type\":\"ReadAction\",\"target\":[\"https:\\\/\\\/www.jazzzeitung.de\\\/cms\\\/2024\\\/03\\\/emotional-schimmerndes-amulett-das-neue-album-jasper-vant-hofs\\\/\"]}]},{\"@type\":\"ImageObject\",\"inLanguage\":\"de\",\"@id\":\"https:\\\/\\\/www.jazzzeitung.de\\\/cms\\\/2024\\\/03\\\/emotional-schimmerndes-amulett-das-neue-album-jasper-vant-hofs\\\/#primaryimage\",\"url\":\"https:\\\/\\\/i0.wp.com\\\/www.jazzzeitung.de\\\/cms\\\/wp-content\\\/uploads\\\/2024\\\/03\\\/IMG_9200.jpg?fit=1600%2C1426&ssl=1\",\"contentUrl\":\"https:\\\/\\\/i0.wp.com\\\/www.jazzzeitung.de\\\/cms\\\/wp-content\\\/uploads\\\/2024\\\/03\\\/IMG_9200.jpg?fit=1600%2C1426&ssl=1\",\"width\":1600,\"height\":1426},{\"@type\":\"BreadcrumbList\",\"@id\":\"https:\\\/\\\/www.jazzzeitung.de\\\/cms\\\/2024\\\/03\\\/emotional-schimmerndes-amulett-das-neue-album-jasper-vant-hofs\\\/#breadcrumb\",\"itemListElement\":[{\"@type\":\"ListItem\",\"position\":1,\"name\":\"Startseite\",\"item\":\"https:\\\/\\\/www.jazzzeitung.de\\\/cms\\\/\"},{\"@type\":\"ListItem\",\"position\":2,\"name\":\"Emotional schimmerndes Amulett: Das neue Album Jasper Van\u00b4t Hofs\"}]},{\"@type\":\"WebSite\",\"@id\":\"https:\\\/\\\/www.jazzzeitung.de\\\/cms\\\/#website\",\"url\":\"https:\\\/\\\/www.jazzzeitung.de\\\/cms\\\/\",\"name\":\"JazzZeitung\",\"description\":\"Jazz-News und Jazz-Kontroverses\",\"publisher\":{\"@id\":\"https:\\\/\\\/www.jazzzeitung.de\\\/cms\\\/#organization\"},\"potentialAction\":[{\"@type\":\"SearchAction\",\"target\":{\"@type\":\"EntryPoint\",\"urlTemplate\":\"https:\\\/\\\/www.jazzzeitung.de\\\/cms\\\/?s={search_term_string}\"},\"query-input\":{\"@type\":\"PropertyValueSpecification\",\"valueRequired\":true,\"valueName\":\"search_term_string\"}}],\"inLanguage\":\"de\"},{\"@type\":\"Organization\",\"@id\":\"https:\\\/\\\/www.jazzzeitung.de\\\/cms\\\/#organization\",\"name\":\"JazzZeitung online\",\"url\":\"https:\\\/\\\/www.jazzzeitung.de\\\/cms\\\/\",\"logo\":{\"@type\":\"ImageObject\",\"inLanguage\":\"de\",\"@id\":\"https:\\\/\\\/www.jazzzeitung.de\\\/cms\\\/#\\\/schema\\\/logo\\\/image\\\/\",\"url\":\"https:\\\/\\\/i0.wp.com\\\/www.jazzzeitung.de\\\/cms\\\/wp-content\\\/uploads\\\/2015\\\/08\\\/JAZZZEITUNGDE_Logo_Neu.png?fit=499%2C200&ssl=1\",\"contentUrl\":\"https:\\\/\\\/i0.wp.com\\\/www.jazzzeitung.de\\\/cms\\\/wp-content\\\/uploads\\\/2015\\\/08\\\/JAZZZEITUNGDE_Logo_Neu.png?fit=499%2C200&ssl=1\",\"width\":499,\"height\":200,\"caption\":\"JazzZeitung online\"},\"image\":{\"@id\":\"https:\\\/\\\/www.jazzzeitung.de\\\/cms\\\/#\\\/schema\\\/logo\\\/image\\\/\"},\"sameAs\":[\"https:\\\/\\\/www.facebook.com\\\/JazzZeitung\\\/\"]},{\"@type\":\"Person\",\"@id\":\"https:\\\/\\\/www.jazzzeitung.de\\\/cms\\\/#\\\/schema\\\/person\\\/2245b36b9cd1d24cea10f01c031fb92b\",\"name\":\"Redaktion JazzZeitung\",\"image\":{\"@type\":\"ImageObject\",\"inLanguage\":\"de\",\"@id\":\"https:\\\/\\\/i0.wp.com\\\/www.jazzzeitung.de\\\/cms\\\/wp-content\\\/uploads\\\/2015\\\/08\\\/JAZZZEITUNGDE_Logo_Neu.png?resize=96%2C96&ssl=159975dcacb611b5700bd619b5daf0a7a\",\"url\":\"https:\\\/\\\/i0.wp.com\\\/www.jazzzeitung.de\\\/cms\\\/wp-content\\\/uploads\\\/2015\\\/08\\\/JAZZZEITUNGDE_Logo_Neu.png?resize=96%2C96&ssl=1\",\"contentUrl\":\"https:\\\/\\\/i0.wp.com\\\/www.jazzzeitung.de\\\/cms\\\/wp-content\\\/uploads\\\/2015\\\/08\\\/JAZZZEITUNGDE_Logo_Neu.png?resize=96%2C96&ssl=1\",\"caption\":\"Redaktion JazzZeitung\"},\"description\":\"Artikel der Redaktion der JazzZeitung.\",\"sameAs\":[\"http:\\\/\\\/www.jazzzeitung.de\\\/cms\\\/\"],\"url\":\"https:\\\/\\\/www.jazzzeitung.de\\\/cms\\\/author\\\/redaktion\\\/\"}]}<\/script>\n<!-- \/ Yoast SEO plugin. -->","yoast_head_json":{"title":"Emotional schimmerndes Amulett: Das neue Album Jasper Van\u00b4t Hofs - JazzZeitung","description":"Auf seinem neuen Album gl\u00e4nzt Jasper Van\u00b4t Hof erneut mit seiner starken Klangvielfalt und eine lebenslange Erfahrung macht sich geltend.","robots":{"index":"index","follow":"follow","max-snippet":"max-snippet:-1","max-image-preview":"max-image-preview:large","max-video-preview":"max-video-preview:-1"},"canonical":"https:\/\/www.jazzzeitung.de\/cms\/2024\/03\/emotional-schimmerndes-amulett-das-neue-album-jasper-vant-hofs\/","og_locale":"de_DE","og_type":"article","og_title":"Emotional schimmerndes Amulett: Das neue Album Jasper Van\u00b4t Hofs - JazzZeitung","og_description":"Auf seinem neuen Album gl\u00e4nzt Jasper Van\u00b4t Hof erneut mit seiner starken Klangvielfalt und eine lebenslange Erfahrung macht sich geltend.","og_url":"https:\/\/www.jazzzeitung.de\/cms\/2024\/03\/emotional-schimmerndes-amulett-das-neue-album-jasper-vant-hofs\/","og_site_name":"JazzZeitung","article_publisher":"https:\/\/www.facebook.com\/JazzZeitung\/","article_published_time":"2024-03-27T05:55:33+00:00","og_image":[{"width":1600,"height":1426,"url":"https:\/\/i0.wp.com\/www.jazzzeitung.de\/cms\/wp-content\/uploads\/2024\/03\/IMG_9200.jpg?fit=1600%2C1426&ssl=1","type":"image\/jpeg"}],"author":"Redaktion JazzZeitung","schema":{"@context":"https:\/\/schema.org","@graph":[{"@type":"Article","@id":"https:\/\/www.jazzzeitung.de\/cms\/2024\/03\/emotional-schimmerndes-amulett-das-neue-album-jasper-vant-hofs\/#article","isPartOf":{"@id":"https:\/\/www.jazzzeitung.de\/cms\/2024\/03\/emotional-schimmerndes-amulett-das-neue-album-jasper-vant-hofs\/"},"author":{"name":"Redaktion JazzZeitung","@id":"https:\/\/www.jazzzeitung.de\/cms\/#\/schema\/person\/2245b36b9cd1d24cea10f01c031fb92b"},"headline":"Emotional schimmerndes Amulett: Das neue Album Jasper Van\u00b4t Hofs","datePublished":"2024-03-27T05:55:33+00:00","mainEntityOfPage":{"@id":"https:\/\/www.jazzzeitung.de\/cms\/2024\/03\/emotional-schimmerndes-amulett-das-neue-album-jasper-vant-hofs\/"},"wordCount":443,"commentCount":0,"publisher":{"@id":"https:\/\/www.jazzzeitung.de\/cms\/#organization"},"image":{"@id":"https:\/\/www.jazzzeitung.de\/cms\/2024\/03\/emotional-schimmerndes-amulett-das-neue-album-jasper-vant-hofs\/#primaryimage"},"thumbnailUrl":"https:\/\/i0.wp.com\/www.jazzzeitung.de\/cms\/wp-content\/uploads\/2024\/03\/IMG_9200.jpg?fit=1600%2C1426&ssl=1","keywords":["Album","CD","Christof Lauer","Jamie Peet","Jasper van\u00b4t Hof","Michael Scheiner","Stefan Lievestro"],"articleSection":["Rezension"],"inLanguage":"de","potentialAction":[{"@type":"CommentAction","name":"Comment","target":["https:\/\/www.jazzzeitung.de\/cms\/2024\/03\/emotional-schimmerndes-amulett-das-neue-album-jasper-vant-hofs\/#respond"]}]},{"@type":"WebPage","@id":"https:\/\/www.jazzzeitung.de\/cms\/2024\/03\/emotional-schimmerndes-amulett-das-neue-album-jasper-vant-hofs\/","url":"https:\/\/www.jazzzeitung.de\/cms\/2024\/03\/emotional-schimmerndes-amulett-das-neue-album-jasper-vant-hofs\/","name":"Emotional schimmerndes Amulett: Das neue Album Jasper Van\u00b4t Hofs - JazzZeitung","isPartOf":{"@id":"https:\/\/www.jazzzeitung.de\/cms\/#website"},"primaryImageOfPage":{"@id":"https:\/\/www.jazzzeitung.de\/cms\/2024\/03\/emotional-schimmerndes-amulett-das-neue-album-jasper-vant-hofs\/#primaryimage"},"image":{"@id":"https:\/\/www.jazzzeitung.de\/cms\/2024\/03\/emotional-schimmerndes-amulett-das-neue-album-jasper-vant-hofs\/#primaryimage"},"thumbnailUrl":"https:\/\/i0.wp.com\/www.jazzzeitung.de\/cms\/wp-content\/uploads\/2024\/03\/IMG_9200.jpg?fit=1600%2C1426&ssl=1","datePublished":"2024-03-27T05:55:33+00:00","description":"Auf seinem neuen Album gl\u00e4nzt Jasper Van\u00b4t Hof erneut mit seiner starken Klangvielfalt und eine lebenslange Erfahrung macht sich geltend.","breadcrumb":{"@id":"https:\/\/www.jazzzeitung.de\/cms\/2024\/03\/emotional-schimmerndes-amulett-das-neue-album-jasper-vant-hofs\/#breadcrumb"},"inLanguage":"de","potentialAction":[{"@type":"ReadAction","target":["https:\/\/www.jazzzeitung.de\/cms\/2024\/03\/emotional-schimmerndes-amulett-das-neue-album-jasper-vant-hofs\/"]}]},{"@type":"ImageObject","inLanguage":"de","@id":"https:\/\/www.jazzzeitung.de\/cms\/2024\/03\/emotional-schimmerndes-amulett-das-neue-album-jasper-vant-hofs\/#primaryimage","url":"https:\/\/i0.wp.com\/www.jazzzeitung.de\/cms\/wp-content\/uploads\/2024\/03\/IMG_9200.jpg?fit=1600%2C1426&ssl=1","contentUrl":"https:\/\/i0.wp.com\/www.jazzzeitung.de\/cms\/wp-content\/uploads\/2024\/03\/IMG_9200.jpg?fit=1600%2C1426&ssl=1","width":1600,"height":1426},{"@type":"BreadcrumbList","@id":"https:\/\/www.jazzzeitung.de\/cms\/2024\/03\/emotional-schimmerndes-amulett-das-neue-album-jasper-vant-hofs\/#breadcrumb","itemListElement":[{"@type":"ListItem","position":1,"name":"Startseite","item":"https:\/\/www.jazzzeitung.de\/cms\/"},{"@type":"ListItem","position":2,"name":"Emotional schimmerndes Amulett: Das neue Album Jasper Van\u00b4t Hofs"}]},{"@type":"WebSite","@id":"https:\/\/www.jazzzeitung.de\/cms\/#website","url":"https:\/\/www.jazzzeitung.de\/cms\/","name":"JazzZeitung","description":"Jazz-News und Jazz-Kontroverses","publisher":{"@id":"https:\/\/www.jazzzeitung.de\/cms\/#organization"},"potentialAction":[{"@type":"SearchAction","target":{"@type":"EntryPoint","urlTemplate":"https:\/\/www.jazzzeitung.de\/cms\/?s={search_term_string}"},"query-input":{"@type":"PropertyValueSpecification","valueRequired":true,"valueName":"search_term_string"}}],"inLanguage":"de"},{"@type":"Organization","@id":"https:\/\/www.jazzzeitung.de\/cms\/#organization","name":"JazzZeitung online","url":"https:\/\/www.jazzzeitung.de\/cms\/","logo":{"@type":"ImageObject","inLanguage":"de","@id":"https:\/\/www.jazzzeitung.de\/cms\/#\/schema\/logo\/image\/","url":"https:\/\/i0.wp.com\/www.jazzzeitung.de\/cms\/wp-content\/uploads\/2015\/08\/JAZZZEITUNGDE_Logo_Neu.png?fit=499%2C200&ssl=1","contentUrl":"https:\/\/i0.wp.com\/www.jazzzeitung.de\/cms\/wp-content\/uploads\/2015\/08\/JAZZZEITUNGDE_Logo_Neu.png?fit=499%2C200&ssl=1","width":499,"height":200,"caption":"JazzZeitung online"},"image":{"@id":"https:\/\/www.jazzzeitung.de\/cms\/#\/schema\/logo\/image\/"},"sameAs":["https:\/\/www.facebook.com\/JazzZeitung\/"]},{"@type":"Person","@id":"https:\/\/www.jazzzeitung.de\/cms\/#\/schema\/person\/2245b36b9cd1d24cea10f01c031fb92b","name":"Redaktion JazzZeitung","image":{"@type":"ImageObject","inLanguage":"de","@id":"https:\/\/i0.wp.com\/www.jazzzeitung.de\/cms\/wp-content\/uploads\/2015\/08\/JAZZZEITUNGDE_Logo_Neu.png?resize=96%2C96&ssl=159975dcacb611b5700bd619b5daf0a7a","url":"https:\/\/i0.wp.com\/www.jazzzeitung.de\/cms\/wp-content\/uploads\/2015\/08\/JAZZZEITUNGDE_Logo_Neu.png?resize=96%2C96&ssl=1","contentUrl":"https:\/\/i0.wp.com\/www.jazzzeitung.de\/cms\/wp-content\/uploads\/2015\/08\/JAZZZEITUNGDE_Logo_Neu.png?resize=96%2C96&ssl=1","caption":"Redaktion JazzZeitung"},"description":"Artikel der Redaktion der JazzZeitung.","sameAs":["http:\/\/www.jazzzeitung.de\/cms\/"],"url":"https:\/\/www.jazzzeitung.de\/cms\/author\/redaktion\/"}]}},"wp-worthy-pixel":{"ignored":false,"public":null,"server":null,"url":null},"wp-worthy-type":"normal","jetpack_publicize_connections":[],"cc_featured_image_caption":{"caption_text":"","source_text":"","source_url":""},"jetpack_featured_media_url":"https:\/\/i0.wp.com\/www.jazzzeitung.de\/cms\/wp-content\/uploads\/2024\/03\/IMG_9200.jpg?fit=1600%2C1426&ssl=1","jetpack_shortlink":"https:\/\/wp.me\/p3KEcT-7Zw","jetpack-related-posts":[{"id":18121,"url":"https:\/\/www.jazzzeitung.de\/cms\/2018\/12\/jasper-vant-hof-heinz-sauer-im-kallmann-museum\/","url_meta":{"origin":30722,"position":0},"title":"Jasper van\u2019t Hof &#038; Heinz Sauer im Kallmann Museum","author":"Redaktion JazzZeitung","date":"13. Dezember 2018","format":false,"excerpt":"Ismaning, Freitag Abend: Die Fahrt dorthin ein absoluter verkehrstechnischer Albtraum! Nach Stau, Flug- und S-Bahnversp\u00e4tung trafen die K\u00fcnstler sp\u00e4t, aber gl\u00fccklicherweise rechtzeitig ein. Heute Abend im Kallmann Museum auf dem Programm ein \u201eunplugged Set\u201c der beiden gro\u00dfen Improvisatoren des Jazz, dem Pianisten Jasper van\u2019t Hof und Heinz Sauer am Tenorsaxophon.\u2026","rel":"","context":"In &quot;Bericht&quot;","block_context":{"text":"Bericht","link":"https:\/\/www.jazzzeitung.de\/cms\/thema\/bericht\/"},"img":{"alt_text":"","src":"https:\/\/i0.wp.com\/www.jazzzeitung.de\/cms\/wp-content\/uploads\/2018\/12\/duo-Neu-1.jpg?fit=454%2C302&ssl=1&resize=350%2C200","width":350,"height":200},"classes":[]},{"id":13532,"url":"https:\/\/www.jazzzeitung.de\/cms\/2017\/09\/news-bayreuther-jazz-november-jazzwoche-hannover-goettinger-jazzfestival\/","url_meta":{"origin":30722,"position":1},"title":"+++ news +++ Bayreuther Jazz-November +++ Jazzwoche Hannover +++ G\u00f6ttinger Jazzfestival +++","author":"Redaktion JazzZeitung","date":"14. September 2017","format":false,"excerpt":"+++ Bayreuther Jazz-November +++ Der Bayreuther Jazz-November pr\u00e4sentiert sich in seinem elften Jahr vom 9. bis 12. November musikalisch noch breiter aufgestellt. Das mehrfach ausgezeichnete Jazzforum (Kulturpreis 2017 der Stadt Bayreuth, Spielst\u00e4ttenprogrammpreis bzw. APPLAUS 2013, 2014 und 2016) z\u00fcndet als Veranstalter die n\u00e4chste Stufe f\u00fcr das Herzensprojekt Bayreuther Jazz-November. Beinahe\u2026","rel":"","context":"In &quot;News&quot;","block_context":{"text":"News","link":"https:\/\/www.jazzzeitung.de\/cms\/thema\/nachrichten\/"},"img":{"alt_text":"","src":"https:\/\/i0.wp.com\/www.jazzzeitung.de\/cms\/wp-content\/uploads\/2017\/09\/Jazzrausch-Bigband-150x150.jpg?resize=350%2C200&ssl=1","width":350,"height":200},"classes":[]},{"id":19307,"url":"https:\/\/www.jazzzeitung.de\/cms\/2019\/04\/news-100-konzert-der-jazzit-reihe-in-germering-night-club-im-mai-new-york-im-bayerischen-hof\/","url_meta":{"origin":30722,"position":2},"title":"+++ news +++ 100. Konzert der JazzIt! Reihe in Germering +++ Night Club im Mai: New York im Bayerischen Hof +++","author":"Redaktion JazzZeitung","date":"27. April 2019","format":false,"excerpt":"Am 6. Juni 2019 feiert die Konzertreihe \u201eJazzIt!\u201c in Germering ihr 100. Konzert mit dem israelischen Pianisten Omer Klein. Neben Modern Jazz l\u00e4sst er auch Elemente aus der traditionellen Musik seiner Heimat in seine Musik einflie\u00dfen. \u201eJazzIt!\u201c wurde 2007 von der Stadthalle Germering ins Leben gerufen. In sieben Konzerten pro\u2026","rel":"","context":"In &quot;News&quot;","block_context":{"text":"News","link":"https:\/\/www.jazzzeitung.de\/cms\/thema\/nachrichten\/"},"img":{"alt_text":"","src":"https:\/\/i0.wp.com\/www.jazzzeitung.de\/cms\/wp-content\/uploads\/2019\/04\/P1325226-sw-Cornelius-Claudio-Kreusch-Foto-TJ-Krebs-jazzphotoagency%40web.de_.jpg?fit=1200%2C800&ssl=1&resize=350%2C200","width":350,"height":200,"srcset":"https:\/\/i0.wp.com\/www.jazzzeitung.de\/cms\/wp-content\/uploads\/2019\/04\/P1325226-sw-Cornelius-Claudio-Kreusch-Foto-TJ-Krebs-jazzphotoagency%40web.de_.jpg?fit=1200%2C800&ssl=1&resize=350%2C200 1x, https:\/\/i0.wp.com\/www.jazzzeitung.de\/cms\/wp-content\/uploads\/2019\/04\/P1325226-sw-Cornelius-Claudio-Kreusch-Foto-TJ-Krebs-jazzphotoagency%40web.de_.jpg?fit=1200%2C800&ssl=1&resize=525%2C300 1.5x, https:\/\/i0.wp.com\/www.jazzzeitung.de\/cms\/wp-content\/uploads\/2019\/04\/P1325226-sw-Cornelius-Claudio-Kreusch-Foto-TJ-Krebs-jazzphotoagency%40web.de_.jpg?fit=1200%2C800&ssl=1&resize=700%2C400 2x, https:\/\/i0.wp.com\/www.jazzzeitung.de\/cms\/wp-content\/uploads\/2019\/04\/P1325226-sw-Cornelius-Claudio-Kreusch-Foto-TJ-Krebs-jazzphotoagency%40web.de_.jpg?fit=1200%2C800&ssl=1&resize=1050%2C600 3x"},"classes":[]},{"id":6151,"url":"https:\/\/www.jazzzeitung.de\/cms\/2015\/05\/jazz-sommer-im-bayerischen-hof-von-22-bis-26-juli-2015\/","url_meta":{"origin":30722,"position":3},"title":"Jazz Sommer im Bayerischen Hof von 22. bis 26. Juli 2015","author":"Redaktion JazzZeitung","date":"14. Mai 2015","format":false,"excerpt":"Seit 2007 setzt das Festival \u201eJazz Sommer im Bayerischen Hof\u201c mit seinen Konzerten im Night Club und Festsaal die Tradition des M\u00fcnchner Klaviersommers fort, welcher 1981 mit einer Serie von Konzerten von Friedrich Gulda im Amerika-Haus in M\u00fcnchen begann, und der seit 1991 vom Bayerischen Hof als Mitveranstalter unterst\u00fctzt wurde.\u2026","rel":"","context":"In &quot;Galerie&quot;","block_context":{"text":"Galerie","link":"https:\/\/www.jazzzeitung.de\/cms\/thema\/galerie\/"},"img":{"alt_text":"","src":"https:\/\/i0.wp.com\/www.jazzzeitung.de\/cms\/wp-content\/uploads\/2015\/05\/Al_Jarreau%40MarinaChavez_quadratischJazzSommer.jpeg?resize=350%2C200","width":350,"height":200,"srcset":"https:\/\/i0.wp.com\/www.jazzzeitung.de\/cms\/wp-content\/uploads\/2015\/05\/Al_Jarreau%40MarinaChavez_quadratischJazzSommer.jpeg?resize=350%2C200 1x, https:\/\/i0.wp.com\/www.jazzzeitung.de\/cms\/wp-content\/uploads\/2015\/05\/Al_Jarreau%40MarinaChavez_quadratischJazzSommer.jpeg?resize=525%2C300 1.5x, https:\/\/i0.wp.com\/www.jazzzeitung.de\/cms\/wp-content\/uploads\/2015\/05\/Al_Jarreau%40MarinaChavez_quadratischJazzSommer.jpeg?resize=700%2C400 2x"},"classes":[]},{"id":19695,"url":"https:\/\/www.jazzzeitung.de\/cms\/2019\/06\/joey-defrancesco-gilberto-gil-und-weitere-highlights-beim-jazzsommer-im-bayerischen-hof\/","url_meta":{"origin":30722,"position":4},"title":"Joey DeFrancesco, Gilberto Gil und weitere Highlights beim Jazzsommer im Bayerischen Hof","author":"Redaktion JazzZeitung","date":"6. Juni 2019","format":false,"excerpt":"In M\u00fcnchen ist vom 22. bis 27. Juli 2019 eine sehr vielf\u00e4ltige Auswahl an internationalen Jazz-K\u00fcnstlern zu Gast bei der 28. Ausgabe des Jazzsommer im Bayerischen Hof. Daneben sind auch einige Jazz-Biopics im hauseigenen Kino zu sehen, darunter der aktuelle Dokumentarfilm \u00fcber die Blue Note-Gr\u00fcnder \u201eIt Must Schwing \u2013 The\u2026","rel":"","context":"In &quot;News&quot;","block_context":{"text":"News","link":"https:\/\/www.jazzzeitung.de\/cms\/thema\/nachrichten\/"},"img":{"alt_text":"","src":"https:\/\/i0.wp.com\/www.jazzzeitung.de\/cms\/wp-content\/uploads\/2019\/06\/Gilberto_Gil_okokok_lang.jpg?fit=1200%2C786&ssl=1&resize=350%2C200","width":350,"height":200,"srcset":"https:\/\/i0.wp.com\/www.jazzzeitung.de\/cms\/wp-content\/uploads\/2019\/06\/Gilberto_Gil_okokok_lang.jpg?fit=1200%2C786&ssl=1&resize=350%2C200 1x, https:\/\/i0.wp.com\/www.jazzzeitung.de\/cms\/wp-content\/uploads\/2019\/06\/Gilberto_Gil_okokok_lang.jpg?fit=1200%2C786&ssl=1&resize=525%2C300 1.5x, https:\/\/i0.wp.com\/www.jazzzeitung.de\/cms\/wp-content\/uploads\/2019\/06\/Gilberto_Gil_okokok_lang.jpg?fit=1200%2C786&ssl=1&resize=700%2C400 2x, https:\/\/i0.wp.com\/www.jazzzeitung.de\/cms\/wp-content\/uploads\/2019\/06\/Gilberto_Gil_okokok_lang.jpg?fit=1200%2C786&ssl=1&resize=1050%2C600 3x"},"classes":[]},{"id":20887,"url":"https:\/\/www.jazzzeitung.de\/cms\/2019\/10\/chico-freemans-exotica-eroeffnet-das-herbstprogramm-new-york-im-bayerischen-hof\/","url_meta":{"origin":30722,"position":5},"title":"Chico Freeman\u2019s \u201eExotica\u201c er\u00f6ffnet das Herbstprogramm \u201eNew York im Bayerischen Hof\u201c","author":"Redaktion JazzZeitung","date":"16. Oktober 2019","format":false,"excerpt":"Im Rahmen der Konzertreihe \u201eNew York im Bayerischen Hof\u201c, die mittlerweile seit mehr als f\u00fcnfundzwanzig Jahren (!) im Nightclub des legend\u00e4ren M\u00fcnchner Hotels stattfindet, er\u00f6ffnete Chico Freeman\u2019s Formation \u201eExotica\u201c das diesj\u00e4hrige Herbstprogramm. Ein gelungener Auftakt letzte Woche, den Chico Freeman gemeinsam mit Heiri K\u00e4nzig am Bass und dem Ausnahmepercussionisten Reto\u2026","rel":"","context":"In &quot;Galerie&quot;","block_context":{"text":"Galerie","link":"https:\/\/www.jazzzeitung.de\/cms\/thema\/galerie\/"},"img":{"alt_text":"","src":"https:\/\/i0.wp.com\/www.jazzzeitung.de\/cms\/wp-content\/uploads\/2019\/10\/P1526769-Exotica-Trio-Foto-TJ-Krebs.jpg?fit=1200%2C800&ssl=1&resize=350%2C200","width":350,"height":200,"srcset":"https:\/\/i0.wp.com\/www.jazzzeitung.de\/cms\/wp-content\/uploads\/2019\/10\/P1526769-Exotica-Trio-Foto-TJ-Krebs.jpg?fit=1200%2C800&ssl=1&resize=350%2C200 1x, https:\/\/i0.wp.com\/www.jazzzeitung.de\/cms\/wp-content\/uploads\/2019\/10\/P1526769-Exotica-Trio-Foto-TJ-Krebs.jpg?fit=1200%2C800&ssl=1&resize=525%2C300 1.5x, https:\/\/i0.wp.com\/www.jazzzeitung.de\/cms\/wp-content\/uploads\/2019\/10\/P1526769-Exotica-Trio-Foto-TJ-Krebs.jpg?fit=1200%2C800&ssl=1&resize=700%2C400 2x, https:\/\/i0.wp.com\/www.jazzzeitung.de\/cms\/wp-content\/uploads\/2019\/10\/P1526769-Exotica-Trio-Foto-TJ-Krebs.jpg?fit=1200%2C800&ssl=1&resize=1050%2C600 3x"},"classes":[]}],"jetpack_sharing_enabled":true,"_links":{"self":[{"href":"https:\/\/www.jazzzeitung.de\/cms\/wp-json\/wp\/v2\/posts\/30722","targetHints":{"allow":["GET"]}}],"collection":[{"href":"https:\/\/www.jazzzeitung.de\/cms\/wp-json\/wp\/v2\/posts"}],"about":[{"href":"https:\/\/www.jazzzeitung.de\/cms\/wp-json\/wp\/v2\/types\/post"}],"author":[{"embeddable":true,"href":"https:\/\/www.jazzzeitung.de\/cms\/wp-json\/wp\/v2\/users\/18"}],"replies":[{"embeddable":true,"href":"https:\/\/www.jazzzeitung.de\/cms\/wp-json\/wp\/v2\/comments?post=30722"}],"version-history":[{"count":1,"href":"https:\/\/www.jazzzeitung.de\/cms\/wp-json\/wp\/v2\/posts\/30722\/revisions"}],"predecessor-version":[{"id":30726,"href":"https:\/\/www.jazzzeitung.de\/cms\/wp-json\/wp\/v2\/posts\/30722\/revisions\/30726"}],"wp:featuredmedia":[{"embeddable":true,"href":"https:\/\/www.jazzzeitung.de\/cms\/wp-json\/wp\/v2\/media\/30723"}],"wp:attachment":[{"href":"https:\/\/www.jazzzeitung.de\/cms\/wp-json\/wp\/v2\/media?parent=30722"}],"wp:term":[{"taxonomy":"category","embeddable":true,"href":"https:\/\/www.jazzzeitung.de\/cms\/wp-json\/wp\/v2\/categories?post=30722"},{"taxonomy":"post_tag","embeddable":true,"href":"https:\/\/www.jazzzeitung.de\/cms\/wp-json\/wp\/v2\/tags?post=30722"},{"taxonomy":"author","embeddable":true,"href":"https:\/\/www.jazzzeitung.de\/cms\/wp-json\/wp\/v2\/coauthors?post=30722"}],"curies":[{"name":"wp","href":"https:\/\/api.w.org\/{rel}","templated":true}]}}