{"id":30694,"date":"2024-03-08T06:52:50","date_gmt":"2024-03-08T05:52:50","guid":{"rendered":"https:\/\/www.jazzzeitung.de\/cms\/?p=30694"},"modified":"2024-03-08T10:17:30","modified_gmt":"2024-03-08T09:17:30","slug":"jazztrio-renner-ueberzeugt-in-regensburg","status":"publish","type":"post","link":"https:\/\/www.jazzzeitung.de\/cms\/2024\/03\/jazztrio-renner-ueberzeugt-in-regensburg\/","title":{"rendered":"Mit dichten Sounds und feinen Balladen: Jazztrio Renner \u00fcberzeugt bei erstem Auftritt in Regensburg"},"content":{"rendered":"<div class=\"tiled-gallery type-rectangular tiled-gallery-unresized\" data-original-width=\"840\" data-carousel-extra='{&quot;blog_id&quot;:1,&quot;permalink&quot;:&quot;https:\\\/\\\/www.jazzzeitung.de\\\/cms\\\/2024\\\/03\\\/jazztrio-renner-ueberzeugt-in-regensburg\\\/&quot;,&quot;likes_blog_id&quot;:55446655}' itemscope itemtype=\"http:\/\/schema.org\/ImageGallery\" > <div class=\"gallery-row\" style=\"width: 840px; height: 381px;\" data-original-width=\"840\" data-original-height=\"381\" > <div class=\"gallery-group images-1\" style=\"width: 585px; height: 381px;\" data-original-width=\"585\" data-original-height=\"381\" > <div class=\"tiled-gallery-item tiled-gallery-item-large\" itemprop=\"associatedMedia\" itemscope itemtype=\"http:\/\/schema.org\/ImageObject\"> <a href=\"https:\/\/www.jazzzeitung.de\/cms\/2024\/03\/jazztrio-renner-ueberzeugt-in-regensburg\/renner-band_59-2\/\" border=\"0\" itemprop=\"url\"> <meta itemprop=\"width\" content=\"581\"> <meta itemprop=\"height\" content=\"377\"> <img decoding=\"async\" class=\"\" data-attachment-id=\"30703\" data-orig-file=\"https:\/\/www.jazzzeitung.de\/cms\/wp-content\/uploads\/2024\/03\/renner-band_59-1.jpg\" data-orig-size=\"2424,1574\" data-comments-opened=\"1\" data-image-meta=\"{&quot;aperture&quot;:&quot;4&quot;,&quot;credit&quot;:&quot;MICHAEL Scheiner&quot;,&quot;camera&quot;:&quot;NIKON D7200&quot;,&quot;caption&quot;:&quot;&quot;,&quot;created_timestamp&quot;:&quot;0&quot;,&quot;copyright&quot;:&quot;Michael Scheiner&quot;,&quot;focal_length&quot;:&quot;18&quot;,&quot;iso&quot;:&quot;3200&quot;,&quot;shutter_speed&quot;:&quot;0.01&quot;,&quot;title&quot;:&quot;&quot;,&quot;orientation&quot;:&quot;1&quot;}\" data-image-title=\"Das Trio Renner in Aktion\" data-image-description=\"\" data-medium-file=\"https:\/\/i0.wp.com\/www.jazzzeitung.de\/cms\/wp-content\/uploads\/2024\/03\/renner-band_59-1.jpg?fit=300%2C195&#038;ssl=1\" data-large-file=\"https:\/\/i0.wp.com\/www.jazzzeitung.de\/cms\/wp-content\/uploads\/2024\/03\/renner-band_59-1.jpg?fit=840%2C545&#038;ssl=1\" src=\"https:\/\/i0.wp.com\/www.jazzzeitung.de\/cms\/wp-content\/uploads\/2024\/03\/renner-band_59-1.jpg?w=581&#038;h=377&#038;ssl=1\" srcset=\"https:\/\/i0.wp.com\/www.jazzzeitung.de\/cms\/wp-content\/uploads\/2024\/03\/renner-band_59-1.jpg?w=2424&amp;ssl=1 2424w, https:\/\/i0.wp.com\/www.jazzzeitung.de\/cms\/wp-content\/uploads\/2024\/03\/renner-band_59-1.jpg?resize=300%2C195&amp;ssl=1 300w, https:\/\/i0.wp.com\/www.jazzzeitung.de\/cms\/wp-content\/uploads\/2024\/03\/renner-band_59-1.jpg?resize=900%2C584&amp;ssl=1 900w, https:\/\/i0.wp.com\/www.jazzzeitung.de\/cms\/wp-content\/uploads\/2024\/03\/renner-band_59-1.jpg?resize=768%2C499&amp;ssl=1 768w, https:\/\/i0.wp.com\/www.jazzzeitung.de\/cms\/wp-content\/uploads\/2024\/03\/renner-band_59-1.jpg?resize=1536%2C997&amp;ssl=1 1536w, https:\/\/i0.wp.com\/www.jazzzeitung.de\/cms\/wp-content\/uploads\/2024\/03\/renner-band_59-1.jpg?resize=2048%2C1330&amp;ssl=1 2048w, https:\/\/i0.wp.com\/www.jazzzeitung.de\/cms\/wp-content\/uploads\/2024\/03\/renner-band_59-1.jpg?resize=1320%2C857&amp;ssl=1 1320w, https:\/\/i0.wp.com\/www.jazzzeitung.de\/cms\/wp-content\/uploads\/2024\/03\/renner-band_59-1.jpg?w=1680&amp;ssl=1 1680w\" width=\"581\" height=\"377\" loading=\"lazy\" data-original-width=\"581\" data-original-height=\"377\" itemprop=\"http:\/\/schema.org\/image\" title=\"Das Trio Renner in Aktion\" alt=\"Das Trio Renner in Aktion\" style=\"width: 581px; height: 377px;\" \/> <\/a> <\/div> <\/div> <!-- close group --> <div class=\"gallery-group images-1\" style=\"width: 255px; height: 381px;\" data-original-width=\"255\" data-original-height=\"381\" > <div class=\"tiled-gallery-item tiled-gallery-item-large\" itemprop=\"associatedMedia\" itemscope itemtype=\"http:\/\/schema.org\/ImageObject\"> <a href=\"https:\/\/www.jazzzeitung.de\/cms\/2024\/03\/jazztrio-renner-ueberzeugt-in-regensburg\/kugelmann-nils_36\/\" border=\"0\" itemprop=\"url\"> <meta itemprop=\"width\" content=\"251\"> <meta itemprop=\"height\" content=\"377\"> <img decoding=\"async\" class=\"\" data-attachment-id=\"30704\" data-orig-file=\"https:\/\/www.jazzzeitung.de\/cms\/wp-content\/uploads\/2024\/03\/kugelmann-nils_36.jpg\" data-orig-size=\"1574,2362\" data-comments-opened=\"1\" data-image-meta=\"{&quot;aperture&quot;:&quot;6.3&quot;,&quot;credit&quot;:&quot;MICHAEL Scheiner&quot;,&quot;camera&quot;:&quot;NIKON D7200&quot;,&quot;caption&quot;:&quot;&quot;,&quot;created_timestamp&quot;:&quot;0&quot;,&quot;copyright&quot;:&quot;Michael Scheiner&quot;,&quot;focal_length&quot;:&quot;210&quot;,&quot;iso&quot;:&quot;3200&quot;,&quot;shutter_speed&quot;:&quot;0.0125&quot;,&quot;title&quot;:&quot;&quot;,&quot;orientation&quot;:&quot;1&quot;}\" data-image-title=\"Nils Kugelmann am Bass\" data-image-description=\"\" data-medium-file=\"https:\/\/i0.wp.com\/www.jazzzeitung.de\/cms\/wp-content\/uploads\/2024\/03\/kugelmann-nils_36.jpg?fit=200%2C300&#038;ssl=1\" data-large-file=\"https:\/\/i0.wp.com\/www.jazzzeitung.de\/cms\/wp-content\/uploads\/2024\/03\/kugelmann-nils_36.jpg?fit=400%2C600&#038;ssl=1\" src=\"https:\/\/i0.wp.com\/www.jazzzeitung.de\/cms\/wp-content\/uploads\/2024\/03\/kugelmann-nils_36.jpg?w=251&#038;h=377&#038;ssl=1\" srcset=\"https:\/\/i0.wp.com\/www.jazzzeitung.de\/cms\/wp-content\/uploads\/2024\/03\/kugelmann-nils_36.jpg?w=1574&amp;ssl=1 1574w, https:\/\/i0.wp.com\/www.jazzzeitung.de\/cms\/wp-content\/uploads\/2024\/03\/kugelmann-nils_36.jpg?resize=200%2C300&amp;ssl=1 200w, https:\/\/i0.wp.com\/www.jazzzeitung.de\/cms\/wp-content\/uploads\/2024\/03\/kugelmann-nils_36.jpg?resize=400%2C600&amp;ssl=1 400w, https:\/\/i0.wp.com\/www.jazzzeitung.de\/cms\/wp-content\/uploads\/2024\/03\/kugelmann-nils_36.jpg?resize=768%2C1152&amp;ssl=1 768w, https:\/\/i0.wp.com\/www.jazzzeitung.de\/cms\/wp-content\/uploads\/2024\/03\/kugelmann-nils_36.jpg?resize=1024%2C1536&amp;ssl=1 1024w, https:\/\/i0.wp.com\/www.jazzzeitung.de\/cms\/wp-content\/uploads\/2024\/03\/kugelmann-nils_36.jpg?resize=1365%2C2048&amp;ssl=1 1365w, https:\/\/i0.wp.com\/www.jazzzeitung.de\/cms\/wp-content\/uploads\/2024\/03\/kugelmann-nils_36.jpg?resize=1320%2C1981&amp;ssl=1 1320w\" width=\"251\" height=\"377\" loading=\"lazy\" data-original-width=\"251\" data-original-height=\"377\" itemprop=\"http:\/\/schema.org\/image\" title=\"Nils Kugelmann am Bass\" alt=\"Nils Kugelmann am Bass\" style=\"width: 251px; height: 377px;\" \/> <\/a> <\/div> <\/div> <!-- close group --> <\/div> <!-- close row --> <div class=\"gallery-row\" style=\"width: 840px; height: 377px;\" data-original-width=\"840\" data-original-height=\"377\" > <div class=\"gallery-group images-1\" style=\"width: 564px; height: 377px;\" data-original-width=\"564\" data-original-height=\"377\" > <div class=\"tiled-gallery-item tiled-gallery-item-large\" itemprop=\"associatedMedia\" itemscope itemtype=\"http:\/\/schema.org\/ImageObject\"> <a href=\"https:\/\/www.jazzzeitung.de\/cms\/2024\/03\/jazztrio-renner-ueberzeugt-in-regensburg\/renner-valentin_20\/\" border=\"0\" itemprop=\"url\"> <meta itemprop=\"width\" content=\"560\"> <meta itemprop=\"height\" content=\"373\"> <img decoding=\"async\" class=\"\" data-attachment-id=\"30705\" data-orig-file=\"https:\/\/www.jazzzeitung.de\/cms\/wp-content\/uploads\/2024\/03\/renner-valentin_20.jpg\" data-orig-size=\"2362,1575\" data-comments-opened=\"1\" data-image-meta=\"{&quot;aperture&quot;:&quot;5.6&quot;,&quot;credit&quot;:&quot;MICHAEL Scheiner&quot;,&quot;camera&quot;:&quot;NIKON D7200&quot;,&quot;caption&quot;:&quot;&quot;,&quot;created_timestamp&quot;:&quot;0&quot;,&quot;copyright&quot;:&quot;Michael Scheiner&quot;,&quot;focal_length&quot;:&quot;90&quot;,&quot;iso&quot;:&quot;3200&quot;,&quot;shutter_speed&quot;:&quot;0.01&quot;,&quot;title&quot;:&quot;&quot;,&quot;orientation&quot;:&quot;1&quot;}\" data-image-title=\"Valentin Renner mit ungew\u00f6hnlichem Spiel\" data-image-description=\"\" data-medium-file=\"https:\/\/i0.wp.com\/www.jazzzeitung.de\/cms\/wp-content\/uploads\/2024\/03\/renner-valentin_20.jpg?fit=300%2C200&#038;ssl=1\" data-large-file=\"https:\/\/i0.wp.com\/www.jazzzeitung.de\/cms\/wp-content\/uploads\/2024\/03\/renner-valentin_20.jpg?fit=840%2C560&#038;ssl=1\" src=\"https:\/\/i0.wp.com\/www.jazzzeitung.de\/cms\/wp-content\/uploads\/2024\/03\/renner-valentin_20.jpg?w=560&#038;h=373&#038;ssl=1\" srcset=\"https:\/\/i0.wp.com\/www.jazzzeitung.de\/cms\/wp-content\/uploads\/2024\/03\/renner-valentin_20.jpg?w=2362&amp;ssl=1 2362w, https:\/\/i0.wp.com\/www.jazzzeitung.de\/cms\/wp-content\/uploads\/2024\/03\/renner-valentin_20.jpg?resize=300%2C200&amp;ssl=1 300w, https:\/\/i0.wp.com\/www.jazzzeitung.de\/cms\/wp-content\/uploads\/2024\/03\/renner-valentin_20.jpg?resize=900%2C600&amp;ssl=1 900w, https:\/\/i0.wp.com\/www.jazzzeitung.de\/cms\/wp-content\/uploads\/2024\/03\/renner-valentin_20.jpg?resize=768%2C512&amp;ssl=1 768w, https:\/\/i0.wp.com\/www.jazzzeitung.de\/cms\/wp-content\/uploads\/2024\/03\/renner-valentin_20.jpg?resize=1536%2C1024&amp;ssl=1 1536w, https:\/\/i0.wp.com\/www.jazzzeitung.de\/cms\/wp-content\/uploads\/2024\/03\/renner-valentin_20.jpg?resize=2048%2C1366&amp;ssl=1 2048w, https:\/\/i0.wp.com\/www.jazzzeitung.de\/cms\/wp-content\/uploads\/2024\/03\/renner-valentin_20.jpg?resize=120%2C80&amp;ssl=1 120w, https:\/\/i0.wp.com\/www.jazzzeitung.de\/cms\/wp-content\/uploads\/2024\/03\/renner-valentin_20.jpg?resize=1320%2C880&amp;ssl=1 1320w, https:\/\/i0.wp.com\/www.jazzzeitung.de\/cms\/wp-content\/uploads\/2024\/03\/renner-valentin_20.jpg?w=1680&amp;ssl=1 1680w\" width=\"560\" height=\"373\" loading=\"lazy\" data-original-width=\"560\" data-original-height=\"373\" itemprop=\"http:\/\/schema.org\/image\" title=\"Valentin Renner mit ungew\u00f6hnlichem Spiel\" alt=\"Valentin Renner mit ungew\u00f6hnlichem Spiel\" style=\"width: 560px; height: 373px;\" \/> <\/a> <\/div> <\/div> <!-- close group --> <div class=\"gallery-group images-2\" style=\"width: 276px; height: 377px;\" data-original-width=\"276\" data-original-height=\"377\" > <div class=\"tiled-gallery-item tiled-gallery-item-large\" itemprop=\"associatedMedia\" itemscope itemtype=\"http:\/\/schema.org\/ImageObject\"> <a href=\"https:\/\/www.jazzzeitung.de\/cms\/2024\/03\/jazztrio-renner-ueberzeugt-in-regensburg\/renner-band_25\/\" border=\"0\" itemprop=\"url\"> <meta itemprop=\"width\" content=\"272\"> <meta itemprop=\"height\" content=\"182\"> <img decoding=\"async\" class=\"\" data-attachment-id=\"30706\" data-orig-file=\"https:\/\/www.jazzzeitung.de\/cms\/wp-content\/uploads\/2024\/03\/renner-band_25.jpg\" data-orig-size=\"2362,1575\" data-comments-opened=\"1\" data-image-meta=\"{&quot;aperture&quot;:&quot;4.2&quot;,&quot;credit&quot;:&quot;MICHAEL Scheiner&quot;,&quot;camera&quot;:&quot;NIKON D7200&quot;,&quot;caption&quot;:&quot;&quot;,&quot;created_timestamp&quot;:&quot;0&quot;,&quot;copyright&quot;:&quot;Michael Scheiner&quot;,&quot;focal_length&quot;:&quot;32&quot;,&quot;iso&quot;:&quot;3200&quot;,&quot;shutter_speed&quot;:&quot;0.01&quot;,&quot;title&quot;:&quot;&quot;,&quot;orientation&quot;:&quot;1&quot;}\" data-image-title=\"Die vielversprechende Band\" data-image-description=\"\" data-medium-file=\"https:\/\/i0.wp.com\/www.jazzzeitung.de\/cms\/wp-content\/uploads\/2024\/03\/renner-band_25.jpg?fit=300%2C200&#038;ssl=1\" data-large-file=\"https:\/\/i0.wp.com\/www.jazzzeitung.de\/cms\/wp-content\/uploads\/2024\/03\/renner-band_25.jpg?fit=840%2C560&#038;ssl=1\" src=\"https:\/\/i0.wp.com\/www.jazzzeitung.de\/cms\/wp-content\/uploads\/2024\/03\/renner-band_25.jpg?w=272&#038;h=182&#038;ssl=1\" srcset=\"https:\/\/i0.wp.com\/www.jazzzeitung.de\/cms\/wp-content\/uploads\/2024\/03\/renner-band_25.jpg?w=2362&amp;ssl=1 2362w, https:\/\/i0.wp.com\/www.jazzzeitung.de\/cms\/wp-content\/uploads\/2024\/03\/renner-band_25.jpg?resize=300%2C200&amp;ssl=1 300w, https:\/\/i0.wp.com\/www.jazzzeitung.de\/cms\/wp-content\/uploads\/2024\/03\/renner-band_25.jpg?resize=900%2C600&amp;ssl=1 900w, https:\/\/i0.wp.com\/www.jazzzeitung.de\/cms\/wp-content\/uploads\/2024\/03\/renner-band_25.jpg?resize=768%2C512&amp;ssl=1 768w, https:\/\/i0.wp.com\/www.jazzzeitung.de\/cms\/wp-content\/uploads\/2024\/03\/renner-band_25.jpg?resize=1536%2C1024&amp;ssl=1 1536w, https:\/\/i0.wp.com\/www.jazzzeitung.de\/cms\/wp-content\/uploads\/2024\/03\/renner-band_25.jpg?resize=2048%2C1366&amp;ssl=1 2048w, https:\/\/i0.wp.com\/www.jazzzeitung.de\/cms\/wp-content\/uploads\/2024\/03\/renner-band_25.jpg?resize=120%2C80&amp;ssl=1 120w, https:\/\/i0.wp.com\/www.jazzzeitung.de\/cms\/wp-content\/uploads\/2024\/03\/renner-band_25.jpg?resize=1320%2C880&amp;ssl=1 1320w, https:\/\/i0.wp.com\/www.jazzzeitung.de\/cms\/wp-content\/uploads\/2024\/03\/renner-band_25.jpg?w=1680&amp;ssl=1 1680w\" width=\"272\" height=\"182\" loading=\"lazy\" data-original-width=\"272\" data-original-height=\"182\" itemprop=\"http:\/\/schema.org\/image\" title=\"Die vielversprechende Band\" alt=\"Die vielversprechende Band\" style=\"width: 272px; height: 182px;\" \/> <\/a> <\/div> <div class=\"tiled-gallery-item tiled-gallery-item-large\" itemprop=\"associatedMedia\" itemscope itemtype=\"http:\/\/schema.org\/ImageObject\"> <a href=\"https:\/\/www.jazzzeitung.de\/cms\/2024\/03\/jazztrio-renner-ueberzeugt-in-regensburg\/renner-moritz_14\/\" border=\"0\" itemprop=\"url\"> <meta itemprop=\"width\" content=\"272\"> <meta itemprop=\"height\" content=\"187\"> <img decoding=\"async\" class=\"\" data-attachment-id=\"30708\" data-orig-file=\"https:\/\/www.jazzzeitung.de\/cms\/wp-content\/uploads\/2024\/03\/renner-moritz_14.jpg\" data-orig-size=\"2362,1626\" data-comments-opened=\"1\" data-image-meta=\"{&quot;aperture&quot;:&quot;4.5&quot;,&quot;credit&quot;:&quot;MICHAEL Scheiner&quot;,&quot;camera&quot;:&quot;NIKON D7200&quot;,&quot;caption&quot;:&quot;&quot;,&quot;created_timestamp&quot;:&quot;0&quot;,&quot;copyright&quot;:&quot;Michael Scheiner&quot;,&quot;focal_length&quot;:&quot;44&quot;,&quot;iso&quot;:&quot;3200&quot;,&quot;shutter_speed&quot;:&quot;0.01&quot;,&quot;title&quot;:&quot;&quot;,&quot;orientation&quot;:&quot;1&quot;}\" data-image-title=\"Moritz Renner mit dem anspruchsvollen Instrument\" data-image-description=\"\" data-medium-file=\"https:\/\/i0.wp.com\/www.jazzzeitung.de\/cms\/wp-content\/uploads\/2024\/03\/renner-moritz_14.jpg?fit=300%2C207&#038;ssl=1\" data-large-file=\"https:\/\/i0.wp.com\/www.jazzzeitung.de\/cms\/wp-content\/uploads\/2024\/03\/renner-moritz_14.jpg?fit=840%2C578&#038;ssl=1\" src=\"https:\/\/i0.wp.com\/www.jazzzeitung.de\/cms\/wp-content\/uploads\/2024\/03\/renner-moritz_14.jpg?w=272&#038;h=187&#038;ssl=1\" srcset=\"https:\/\/i0.wp.com\/www.jazzzeitung.de\/cms\/wp-content\/uploads\/2024\/03\/renner-moritz_14.jpg?w=2362&amp;ssl=1 2362w, https:\/\/i0.wp.com\/www.jazzzeitung.de\/cms\/wp-content\/uploads\/2024\/03\/renner-moritz_14.jpg?resize=300%2C207&amp;ssl=1 300w, https:\/\/i0.wp.com\/www.jazzzeitung.de\/cms\/wp-content\/uploads\/2024\/03\/renner-moritz_14.jpg?resize=872%2C600&amp;ssl=1 872w, https:\/\/i0.wp.com\/www.jazzzeitung.de\/cms\/wp-content\/uploads\/2024\/03\/renner-moritz_14.jpg?resize=768%2C529&amp;ssl=1 768w, https:\/\/i0.wp.com\/www.jazzzeitung.de\/cms\/wp-content\/uploads\/2024\/03\/renner-moritz_14.jpg?resize=1536%2C1057&amp;ssl=1 1536w, https:\/\/i0.wp.com\/www.jazzzeitung.de\/cms\/wp-content\/uploads\/2024\/03\/renner-moritz_14.jpg?resize=2048%2C1410&amp;ssl=1 2048w, https:\/\/i0.wp.com\/www.jazzzeitung.de\/cms\/wp-content\/uploads\/2024\/03\/renner-moritz_14.jpg?resize=1320%2C909&amp;ssl=1 1320w, https:\/\/i0.wp.com\/www.jazzzeitung.de\/cms\/wp-content\/uploads\/2024\/03\/renner-moritz_14.jpg?w=1680&amp;ssl=1 1680w\" width=\"272\" height=\"187\" loading=\"lazy\" data-original-width=\"272\" data-original-height=\"187\" itemprop=\"http:\/\/schema.org\/image\" title=\"Moritz Renner mit dem anspruchsvollen Instrument\" alt=\"Moritz Renner mit dem anspruchsvollen Instrument\" style=\"width: 272px; height: 187px;\" \/> <\/a> <\/div> <\/div> <!-- close group --> <\/div> <!-- close row --> <\/div>\n<p>Ray Anderson hat es getan und der geniale Albert Mangelsdorff, der fr\u00fch verstorbene Johannes Bauer und die britische Posaunistin Annie Whitehead. Jeder dieser herausragenden Jazzposaunisten spielte im Laufe der Karriere mindestens einmal in einem Trio ohne Harmonieinstrument. In diese beeindruckende Tradition reiht sich das junge Trio Renner ein, das sich mit eigenen Kompositionen beim Jazzclub im Leeren Beutel dem Regensburger Publikum vorstellte.<\/p>\n<p>Ein Album, das man nach dem Konzert als CD mitnehmen k\u00f6nne, wandte sich Schlagzeuger Valentin Renner gegen Ende bedauernd an die entflammten Zuh\u00f6renden, \u201ehaben wir leider noch nicht\u201c. Vor kurzem \u201esind wir aber im Studio gewesen\u201c, verriet er freudestrahlend. Vielleicht gibt es \u201edie CD dann bis zum n\u00e4chsten Auftritt schon\u201c, sagte er mit einem erwartungsvollen Blick in Richtung der Clubverantwortlichen Bernhard Lindner und Lea Aulinger, die im hinteren Bereich des Saales standen. Die nickten beif\u00e4llig und das Trio, das nach den Br\u00fcdern Valentin und Moritz (Posaune) Renner benannt ist, stimmte das letzte regul\u00e4re St\u00fcck ihres spannenden Programms an.<\/p>\n<h4>Vielfalt so weit das Auge reicht<\/h4>\n<p>Das er\u00f6ffneten sie mit ihrem \u201eWesensverwandten\u201c, wie sie den kongenialen Bassisten Nils Kugelmann auf ihrer Homepage nennen, und der dichten Komposition \u201eHope\u201c. Moritz, der die meisten St\u00fccke des Abends beigesteuert hat und die beiden Mitmusiker geben mit dieser Nummer ihrer optimistischen Grundhaltung Ausdruck, mit der sie dem Leben gegen\u00fcberstehen. Zugleich ist es musikalisch richtungsweisend f\u00fcr einen emotional packende Sound in dem komplexe Strukturen, wunderbare Improvisationen und ein sensibles Gesp\u00fcr f\u00fcr Dramatik gl\u00e4nzend ausbalanciert sind.<\/p>\n<h4>Ungew\u00f6hnliche Techniken f\u00fcr au\u00dfergew\u00f6hnliche Effekte<\/h4>\n<p>Das zeigte sich in den n\u00e4chsten St\u00fccken wie der sanften Ballade \u201eMotus\u201c mit geradezu achtsamen Dia- und Trialogen zwischen den Musikern. Schlagzeuger Valentin spielte dabei ausschlie\u00dflich mit Besen auf Toms und Becken. Im Dialog mit Kugelmann setzte er diese so behutsam ein, dass die zarten Wischer und Schl\u00e4ge mit denen er die Becken andotzte, bis an die Grenze des H\u00f6rbaren schabten.<\/p>\n<p>Aus dieser ruhigen, in sich gekehrten Stimmung holte Blechbl\u00e4ser Moritz das konzentrierte Publikum mit einem herrlichen Growleffekt auf seinem schwer zu spielenden Instrument zur\u00fcck. In einem kurzen Intro zu einer schnellen t\u00e4nzelnden Nummer, die Humor und Witz verspr\u00fchte, spielte er mit dem Plunger, dem Gummiteil einer Saugglocke. \u00c4hnlich dem Wah-Wah-Effekt einer E-Gitarre erzeugen Posaunisten damit einen fauchenden oder etwas knurrigen Ton. Wie ein Echo des bedeutendsten deutschen Jazzmusikers der Nachkriegszeit, Posaunist Albert Mangelsdorff, klang zudem ein fesselndes Solo in dem Moritz mehrstimmig spielte, indem er Obert\u00f6ne erzeugte.<\/p>\n<h4>Ein Trio mit Zukunftsperpektive<\/h4>\n<p>Das Zusammenspiel der drei gleichberechtigten Musiker \u00fcberzeugt vom ersten bis zum letzten Ton der zwei Zugaben, die nach anhaltendem Applaus einfach f\u00e4llig waren. Jeder hat Raum, den er mit atemberaubend spannenden und gef\u00fchlsintensiven Soli und rhythmischer Komplexit\u00e4t ausf\u00fcllt. In einigen Titeln, wie dem vom Schlagzeuger neu arrangierten Tauflied \u201eBlessing\u201c oder dem \u201eBeginning of a never ending story\u201c, geben sie zudem einiges von dem preis, was sie antreibt. Der F\u00f6rderpreis des Bayersichen Jazzverbandes ist ihnen zurecht vergeben worden.<\/p>\n<p>Text und Fotos: Michael Scheiner<\/p>\n<p>&nbsp;<\/p>\n<p>&nbsp;<\/p>\n<p>&nbsp;<\/p>\n","protected":false},"excerpt":{"rendered":"<p>Ray Anderson hat es getan und der geniale Albert Mangelsdorff, der fr\u00fch verstorbene Johannes Bauer und die britische Posaunistin Annie Whitehead. Jeder dieser herausragenden Jazzposaunisten spielte im Laufe der Karriere mindestens einmal in einem Trio ohne Harmonieinstrument. In diese beeindruckende Tradition reiht sich das junge Trio Renner ein, das sich mit eigenen Kompositionen beim Jazzclub im Leeren Beutel dem Regensburger Publikum vorstellte. Ein Album, das man nach dem Konzert als CD mitnehmen k\u00f6nne, wandte sich Schlagzeuger Valentin Renner gegen Ende bedauernd an die entflammten Zuh\u00f6renden, \u201ehaben wir leider noch nicht\u201c. Vor kurzem \u201esind wir aber im Studio gewesen\u201c, verriet er freudestrahlend. Vielleicht gibt es \u201edie CD dann bis zum n\u00e4chsten Auftritt schon\u201c, sagte er mit einem erwartungsvollen Blick in Richtung der Clubverantwortlichen Bernhard Lindner und Lea Aulinger, die im hinteren Bereich des Saales standen. Die nickten beif\u00e4llig und das Trio, das nach den Br\u00fcdern Valentin und Moritz (Posaune) Renner benannt ist, stimmte das letzte regul\u00e4re St\u00fcck ihres spannenden Programms an. Vielfalt so weit das Auge reicht Das er\u00f6ffneten sie mit ihrem \u201eWesensverwandten\u201c, wie sie den kongenialen Bassisten Nils Kugelmann auf ihrer Homepage nennen, und der &hellip;<\/p>\n","protected":false},"author":18,"featured_media":30695,"comment_status":"open","ping_status":"closed","sticky":false,"template":"","format":"standard","meta":{"_jetpack_memberships_contains_paid_content":false,"footnotes":"","jetpack_publicize_message":"","jetpack_publicize_feature_enabled":true,"jetpack_social_post_already_shared":false,"jetpack_social_options":{"image_generator_settings":{"template":"highway","default_image_id":0,"font":"","enabled":false},"version":2}},"categories":[1053,633,1152],"tags":[1896,387,4425,4131,5307,5306,4432],"coauthors":[695],"class_list":["post-30694","post","type-post","status-publish","format-standard","has-post-thumbnail","hentry","category-bericht","category-nachrichten","category-rezension","tag-jazzclub-leerer-beutel","tag-michael-scheiner","tag-moritz-renner","tag-nils-kugelmann","tag-posaune","tag-trio-renner","tag-valentin-renner"],"yoast_head":"<!-- This site is optimized with the Yoast SEO plugin v27.5 - https:\/\/yoast.com\/product\/yoast-seo-wordpress\/ -->\n<title>Mit dichten Sounds und feinen Balladen: Jazztrio Renner \u00fcberzeugt bei erstem Auftritt in Regensburg - JazzZeitung<\/title>\n<meta name=\"description\" content=\"Jazztrio Renner \u00fcberzeugt bei Auftritt in Regensburg mit erstaunlicher Klangvielfalt, ungew\u00f6hnlichem Ensemble und Einfallsreichtum\" \/>\n<meta name=\"robots\" content=\"index, follow, max-snippet:-1, max-image-preview:large, max-video-preview:-1\" \/>\n<link rel=\"canonical\" href=\"https:\/\/www.jazzzeitung.de\/cms\/2024\/03\/jazztrio-renner-ueberzeugt-in-regensburg\/\" \/>\n<meta property=\"og:locale\" content=\"de_DE\" \/>\n<meta property=\"og:type\" content=\"article\" \/>\n<meta property=\"og:title\" content=\"Mit dichten Sounds und feinen Balladen: Jazztrio Renner \u00fcberzeugt bei erstem Auftritt in Regensburg - JazzZeitung\" \/>\n<meta property=\"og:description\" content=\"Jazztrio Renner \u00fcberzeugt bei Auftritt in Regensburg mit erstaunlicher Klangvielfalt, ungew\u00f6hnlichem Ensemble und Einfallsreichtum\" \/>\n<meta property=\"og:url\" content=\"https:\/\/www.jazzzeitung.de\/cms\/2024\/03\/jazztrio-renner-ueberzeugt-in-regensburg\/\" \/>\n<meta property=\"og:site_name\" content=\"JazzZeitung\" \/>\n<meta property=\"article:publisher\" content=\"https:\/\/www.facebook.com\/JazzZeitung\/\" \/>\n<meta property=\"article:published_time\" content=\"2024-03-08T05:52:50+00:00\" \/>\n<meta property=\"article:modified_time\" content=\"2024-03-08T09:17:30+00:00\" \/>\n<meta property=\"og:image\" content=\"https:\/\/www.jazzzeitung.de\/cms\/wp-content\/uploads\/2024\/03\/renner-band_59-900x584.jpg\" \/>\n\t<meta property=\"og:image:width\" content=\"900\" \/>\n\t<meta property=\"og:image:height\" content=\"584\" \/>\n\t<meta property=\"og:image:type\" content=\"image\/jpeg\" \/>\n<meta name=\"author\" content=\"Redaktion JazzZeitung\" \/>\n<script type=\"application\/ld+json\" class=\"yoast-schema-graph\">{\"@context\":\"https:\\\/\\\/schema.org\",\"@graph\":[{\"@type\":\"Article\",\"@id\":\"https:\\\/\\\/www.jazzzeitung.de\\\/cms\\\/2024\\\/03\\\/jazztrio-renner-ueberzeugt-in-regensburg\\\/#article\",\"isPartOf\":{\"@id\":\"https:\\\/\\\/www.jazzzeitung.de\\\/cms\\\/2024\\\/03\\\/jazztrio-renner-ueberzeugt-in-regensburg\\\/\"},\"author\":{\"name\":\"Redaktion JazzZeitung\",\"@id\":\"https:\\\/\\\/www.jazzzeitung.de\\\/cms\\\/#\\\/schema\\\/person\\\/2245b36b9cd1d24cea10f01c031fb92b\"},\"headline\":\"Mit dichten Sounds und feinen Balladen: Jazztrio Renner \u00fcberzeugt bei erstem Auftritt in Regensburg\",\"datePublished\":\"2024-03-08T05:52:50+00:00\",\"dateModified\":\"2024-03-08T09:17:30+00:00\",\"mainEntityOfPage\":{\"@id\":\"https:\\\/\\\/www.jazzzeitung.de\\\/cms\\\/2024\\\/03\\\/jazztrio-renner-ueberzeugt-in-regensburg\\\/\"},\"wordCount\":534,\"commentCount\":0,\"publisher\":{\"@id\":\"https:\\\/\\\/www.jazzzeitung.de\\\/cms\\\/#organization\"},\"image\":{\"@id\":\"https:\\\/\\\/www.jazzzeitung.de\\\/cms\\\/2024\\\/03\\\/jazztrio-renner-ueberzeugt-in-regensburg\\\/#primaryimage\"},\"thumbnailUrl\":\"https:\\\/\\\/i0.wp.com\\\/www.jazzzeitung.de\\\/cms\\\/wp-content\\\/uploads\\\/2024\\\/03\\\/renner-band_59.jpg?fit=2424%2C1574&ssl=1\",\"keywords\":[\"Jazzclub Leerer Beutel\",\"Michael Scheiner\",\"Moritz Renner\",\"Nils Kugelmann\",\"Posaune\",\"Trio Renner\",\"Valentin Renner\"],\"articleSection\":[\"Bericht\",\"News\",\"Rezension\"],\"inLanguage\":\"de\",\"potentialAction\":[{\"@type\":\"CommentAction\",\"name\":\"Comment\",\"target\":[\"https:\\\/\\\/www.jazzzeitung.de\\\/cms\\\/2024\\\/03\\\/jazztrio-renner-ueberzeugt-in-regensburg\\\/#respond\"]}]},{\"@type\":\"WebPage\",\"@id\":\"https:\\\/\\\/www.jazzzeitung.de\\\/cms\\\/2024\\\/03\\\/jazztrio-renner-ueberzeugt-in-regensburg\\\/\",\"url\":\"https:\\\/\\\/www.jazzzeitung.de\\\/cms\\\/2024\\\/03\\\/jazztrio-renner-ueberzeugt-in-regensburg\\\/\",\"name\":\"Mit dichten Sounds und feinen Balladen: Jazztrio Renner \u00fcberzeugt bei erstem Auftritt in Regensburg - JazzZeitung\",\"isPartOf\":{\"@id\":\"https:\\\/\\\/www.jazzzeitung.de\\\/cms\\\/#website\"},\"primaryImageOfPage\":{\"@id\":\"https:\\\/\\\/www.jazzzeitung.de\\\/cms\\\/2024\\\/03\\\/jazztrio-renner-ueberzeugt-in-regensburg\\\/#primaryimage\"},\"image\":{\"@id\":\"https:\\\/\\\/www.jazzzeitung.de\\\/cms\\\/2024\\\/03\\\/jazztrio-renner-ueberzeugt-in-regensburg\\\/#primaryimage\"},\"thumbnailUrl\":\"https:\\\/\\\/i0.wp.com\\\/www.jazzzeitung.de\\\/cms\\\/wp-content\\\/uploads\\\/2024\\\/03\\\/renner-band_59.jpg?fit=2424%2C1574&ssl=1\",\"datePublished\":\"2024-03-08T05:52:50+00:00\",\"dateModified\":\"2024-03-08T09:17:30+00:00\",\"description\":\"Jazztrio Renner \u00fcberzeugt bei Auftritt in Regensburg mit erstaunlicher Klangvielfalt, ungew\u00f6hnlichem Ensemble und Einfallsreichtum\",\"breadcrumb\":{\"@id\":\"https:\\\/\\\/www.jazzzeitung.de\\\/cms\\\/2024\\\/03\\\/jazztrio-renner-ueberzeugt-in-regensburg\\\/#breadcrumb\"},\"inLanguage\":\"de\",\"potentialAction\":[{\"@type\":\"ReadAction\",\"target\":[\"https:\\\/\\\/www.jazzzeitung.de\\\/cms\\\/2024\\\/03\\\/jazztrio-renner-ueberzeugt-in-regensburg\\\/\"]}]},{\"@type\":\"ImageObject\",\"inLanguage\":\"de\",\"@id\":\"https:\\\/\\\/www.jazzzeitung.de\\\/cms\\\/2024\\\/03\\\/jazztrio-renner-ueberzeugt-in-regensburg\\\/#primaryimage\",\"url\":\"https:\\\/\\\/i0.wp.com\\\/www.jazzzeitung.de\\\/cms\\\/wp-content\\\/uploads\\\/2024\\\/03\\\/renner-band_59.jpg?fit=2424%2C1574&ssl=1\",\"contentUrl\":\"https:\\\/\\\/i0.wp.com\\\/www.jazzzeitung.de\\\/cms\\\/wp-content\\\/uploads\\\/2024\\\/03\\\/renner-band_59.jpg?fit=2424%2C1574&ssl=1\",\"width\":2424,\"height\":1574},{\"@type\":\"BreadcrumbList\",\"@id\":\"https:\\\/\\\/www.jazzzeitung.de\\\/cms\\\/2024\\\/03\\\/jazztrio-renner-ueberzeugt-in-regensburg\\\/#breadcrumb\",\"itemListElement\":[{\"@type\":\"ListItem\",\"position\":1,\"name\":\"Startseite\",\"item\":\"https:\\\/\\\/www.jazzzeitung.de\\\/cms\\\/\"},{\"@type\":\"ListItem\",\"position\":2,\"name\":\"Mit dichten Sounds und feinen Balladen: Jazztrio Renner \u00fcberzeugt bei erstem Auftritt in Regensburg\"}]},{\"@type\":\"WebSite\",\"@id\":\"https:\\\/\\\/www.jazzzeitung.de\\\/cms\\\/#website\",\"url\":\"https:\\\/\\\/www.jazzzeitung.de\\\/cms\\\/\",\"name\":\"JazzZeitung\",\"description\":\"Jazz-News und Jazz-Kontroverses\",\"publisher\":{\"@id\":\"https:\\\/\\\/www.jazzzeitung.de\\\/cms\\\/#organization\"},\"potentialAction\":[{\"@type\":\"SearchAction\",\"target\":{\"@type\":\"EntryPoint\",\"urlTemplate\":\"https:\\\/\\\/www.jazzzeitung.de\\\/cms\\\/?s={search_term_string}\"},\"query-input\":{\"@type\":\"PropertyValueSpecification\",\"valueRequired\":true,\"valueName\":\"search_term_string\"}}],\"inLanguage\":\"de\"},{\"@type\":\"Organization\",\"@id\":\"https:\\\/\\\/www.jazzzeitung.de\\\/cms\\\/#organization\",\"name\":\"JazzZeitung online\",\"url\":\"https:\\\/\\\/www.jazzzeitung.de\\\/cms\\\/\",\"logo\":{\"@type\":\"ImageObject\",\"inLanguage\":\"de\",\"@id\":\"https:\\\/\\\/www.jazzzeitung.de\\\/cms\\\/#\\\/schema\\\/logo\\\/image\\\/\",\"url\":\"https:\\\/\\\/i0.wp.com\\\/www.jazzzeitung.de\\\/cms\\\/wp-content\\\/uploads\\\/2015\\\/08\\\/JAZZZEITUNGDE_Logo_Neu.png?fit=499%2C200&ssl=1\",\"contentUrl\":\"https:\\\/\\\/i0.wp.com\\\/www.jazzzeitung.de\\\/cms\\\/wp-content\\\/uploads\\\/2015\\\/08\\\/JAZZZEITUNGDE_Logo_Neu.png?fit=499%2C200&ssl=1\",\"width\":499,\"height\":200,\"caption\":\"JazzZeitung online\"},\"image\":{\"@id\":\"https:\\\/\\\/www.jazzzeitung.de\\\/cms\\\/#\\\/schema\\\/logo\\\/image\\\/\"},\"sameAs\":[\"https:\\\/\\\/www.facebook.com\\\/JazzZeitung\\\/\"]},{\"@type\":\"Person\",\"@id\":\"https:\\\/\\\/www.jazzzeitung.de\\\/cms\\\/#\\\/schema\\\/person\\\/2245b36b9cd1d24cea10f01c031fb92b\",\"name\":\"Redaktion JazzZeitung\",\"image\":{\"@type\":\"ImageObject\",\"inLanguage\":\"de\",\"@id\":\"https:\\\/\\\/i0.wp.com\\\/www.jazzzeitung.de\\\/cms\\\/wp-content\\\/uploads\\\/2015\\\/08\\\/JAZZZEITUNGDE_Logo_Neu.png?resize=96%2C96&ssl=159975dcacb611b5700bd619b5daf0a7a\",\"url\":\"https:\\\/\\\/i0.wp.com\\\/www.jazzzeitung.de\\\/cms\\\/wp-content\\\/uploads\\\/2015\\\/08\\\/JAZZZEITUNGDE_Logo_Neu.png?resize=96%2C96&ssl=1\",\"contentUrl\":\"https:\\\/\\\/i0.wp.com\\\/www.jazzzeitung.de\\\/cms\\\/wp-content\\\/uploads\\\/2015\\\/08\\\/JAZZZEITUNGDE_Logo_Neu.png?resize=96%2C96&ssl=1\",\"caption\":\"Redaktion JazzZeitung\"},\"description\":\"Artikel der Redaktion der JazzZeitung.\",\"sameAs\":[\"http:\\\/\\\/www.jazzzeitung.de\\\/cms\\\/\"],\"url\":\"https:\\\/\\\/www.jazzzeitung.de\\\/cms\\\/author\\\/redaktion\\\/\"}]}<\/script>\n<!-- \/ Yoast SEO plugin. -->","yoast_head_json":{"title":"Mit dichten Sounds und feinen Balladen: Jazztrio Renner \u00fcberzeugt bei erstem Auftritt in Regensburg - JazzZeitung","description":"Jazztrio Renner \u00fcberzeugt bei Auftritt in Regensburg mit erstaunlicher Klangvielfalt, ungew\u00f6hnlichem Ensemble und Einfallsreichtum","robots":{"index":"index","follow":"follow","max-snippet":"max-snippet:-1","max-image-preview":"max-image-preview:large","max-video-preview":"max-video-preview:-1"},"canonical":"https:\/\/www.jazzzeitung.de\/cms\/2024\/03\/jazztrio-renner-ueberzeugt-in-regensburg\/","og_locale":"de_DE","og_type":"article","og_title":"Mit dichten Sounds und feinen Balladen: Jazztrio Renner \u00fcberzeugt bei erstem Auftritt in Regensburg - JazzZeitung","og_description":"Jazztrio Renner \u00fcberzeugt bei Auftritt in Regensburg mit erstaunlicher Klangvielfalt, ungew\u00f6hnlichem Ensemble und Einfallsreichtum","og_url":"https:\/\/www.jazzzeitung.de\/cms\/2024\/03\/jazztrio-renner-ueberzeugt-in-regensburg\/","og_site_name":"JazzZeitung","article_publisher":"https:\/\/www.facebook.com\/JazzZeitung\/","article_published_time":"2024-03-08T05:52:50+00:00","article_modified_time":"2024-03-08T09:17:30+00:00","og_image":[{"width":900,"height":584,"url":"https:\/\/www.jazzzeitung.de\/cms\/wp-content\/uploads\/2024\/03\/renner-band_59-900x584.jpg","type":"image\/jpeg"}],"author":"Redaktion JazzZeitung","schema":{"@context":"https:\/\/schema.org","@graph":[{"@type":"Article","@id":"https:\/\/www.jazzzeitung.de\/cms\/2024\/03\/jazztrio-renner-ueberzeugt-in-regensburg\/#article","isPartOf":{"@id":"https:\/\/www.jazzzeitung.de\/cms\/2024\/03\/jazztrio-renner-ueberzeugt-in-regensburg\/"},"author":{"name":"Redaktion JazzZeitung","@id":"https:\/\/www.jazzzeitung.de\/cms\/#\/schema\/person\/2245b36b9cd1d24cea10f01c031fb92b"},"headline":"Mit dichten Sounds und feinen Balladen: Jazztrio Renner \u00fcberzeugt bei erstem Auftritt in Regensburg","datePublished":"2024-03-08T05:52:50+00:00","dateModified":"2024-03-08T09:17:30+00:00","mainEntityOfPage":{"@id":"https:\/\/www.jazzzeitung.de\/cms\/2024\/03\/jazztrio-renner-ueberzeugt-in-regensburg\/"},"wordCount":534,"commentCount":0,"publisher":{"@id":"https:\/\/www.jazzzeitung.de\/cms\/#organization"},"image":{"@id":"https:\/\/www.jazzzeitung.de\/cms\/2024\/03\/jazztrio-renner-ueberzeugt-in-regensburg\/#primaryimage"},"thumbnailUrl":"https:\/\/i0.wp.com\/www.jazzzeitung.de\/cms\/wp-content\/uploads\/2024\/03\/renner-band_59.jpg?fit=2424%2C1574&ssl=1","keywords":["Jazzclub Leerer Beutel","Michael Scheiner","Moritz Renner","Nils Kugelmann","Posaune","Trio Renner","Valentin Renner"],"articleSection":["Bericht","News","Rezension"],"inLanguage":"de","potentialAction":[{"@type":"CommentAction","name":"Comment","target":["https:\/\/www.jazzzeitung.de\/cms\/2024\/03\/jazztrio-renner-ueberzeugt-in-regensburg\/#respond"]}]},{"@type":"WebPage","@id":"https:\/\/www.jazzzeitung.de\/cms\/2024\/03\/jazztrio-renner-ueberzeugt-in-regensburg\/","url":"https:\/\/www.jazzzeitung.de\/cms\/2024\/03\/jazztrio-renner-ueberzeugt-in-regensburg\/","name":"Mit dichten Sounds und feinen Balladen: Jazztrio Renner \u00fcberzeugt bei erstem Auftritt in Regensburg - JazzZeitung","isPartOf":{"@id":"https:\/\/www.jazzzeitung.de\/cms\/#website"},"primaryImageOfPage":{"@id":"https:\/\/www.jazzzeitung.de\/cms\/2024\/03\/jazztrio-renner-ueberzeugt-in-regensburg\/#primaryimage"},"image":{"@id":"https:\/\/www.jazzzeitung.de\/cms\/2024\/03\/jazztrio-renner-ueberzeugt-in-regensburg\/#primaryimage"},"thumbnailUrl":"https:\/\/i0.wp.com\/www.jazzzeitung.de\/cms\/wp-content\/uploads\/2024\/03\/renner-band_59.jpg?fit=2424%2C1574&ssl=1","datePublished":"2024-03-08T05:52:50+00:00","dateModified":"2024-03-08T09:17:30+00:00","description":"Jazztrio Renner \u00fcberzeugt bei Auftritt in Regensburg mit erstaunlicher Klangvielfalt, ungew\u00f6hnlichem Ensemble und Einfallsreichtum","breadcrumb":{"@id":"https:\/\/www.jazzzeitung.de\/cms\/2024\/03\/jazztrio-renner-ueberzeugt-in-regensburg\/#breadcrumb"},"inLanguage":"de","potentialAction":[{"@type":"ReadAction","target":["https:\/\/www.jazzzeitung.de\/cms\/2024\/03\/jazztrio-renner-ueberzeugt-in-regensburg\/"]}]},{"@type":"ImageObject","inLanguage":"de","@id":"https:\/\/www.jazzzeitung.de\/cms\/2024\/03\/jazztrio-renner-ueberzeugt-in-regensburg\/#primaryimage","url":"https:\/\/i0.wp.com\/www.jazzzeitung.de\/cms\/wp-content\/uploads\/2024\/03\/renner-band_59.jpg?fit=2424%2C1574&ssl=1","contentUrl":"https:\/\/i0.wp.com\/www.jazzzeitung.de\/cms\/wp-content\/uploads\/2024\/03\/renner-band_59.jpg?fit=2424%2C1574&ssl=1","width":2424,"height":1574},{"@type":"BreadcrumbList","@id":"https:\/\/www.jazzzeitung.de\/cms\/2024\/03\/jazztrio-renner-ueberzeugt-in-regensburg\/#breadcrumb","itemListElement":[{"@type":"ListItem","position":1,"name":"Startseite","item":"https:\/\/www.jazzzeitung.de\/cms\/"},{"@type":"ListItem","position":2,"name":"Mit dichten Sounds und feinen Balladen: Jazztrio Renner \u00fcberzeugt bei erstem Auftritt in Regensburg"}]},{"@type":"WebSite","@id":"https:\/\/www.jazzzeitung.de\/cms\/#website","url":"https:\/\/www.jazzzeitung.de\/cms\/","name":"JazzZeitung","description":"Jazz-News und Jazz-Kontroverses","publisher":{"@id":"https:\/\/www.jazzzeitung.de\/cms\/#organization"},"potentialAction":[{"@type":"SearchAction","target":{"@type":"EntryPoint","urlTemplate":"https:\/\/www.jazzzeitung.de\/cms\/?s={search_term_string}"},"query-input":{"@type":"PropertyValueSpecification","valueRequired":true,"valueName":"search_term_string"}}],"inLanguage":"de"},{"@type":"Organization","@id":"https:\/\/www.jazzzeitung.de\/cms\/#organization","name":"JazzZeitung online","url":"https:\/\/www.jazzzeitung.de\/cms\/","logo":{"@type":"ImageObject","inLanguage":"de","@id":"https:\/\/www.jazzzeitung.de\/cms\/#\/schema\/logo\/image\/","url":"https:\/\/i0.wp.com\/www.jazzzeitung.de\/cms\/wp-content\/uploads\/2015\/08\/JAZZZEITUNGDE_Logo_Neu.png?fit=499%2C200&ssl=1","contentUrl":"https:\/\/i0.wp.com\/www.jazzzeitung.de\/cms\/wp-content\/uploads\/2015\/08\/JAZZZEITUNGDE_Logo_Neu.png?fit=499%2C200&ssl=1","width":499,"height":200,"caption":"JazzZeitung online"},"image":{"@id":"https:\/\/www.jazzzeitung.de\/cms\/#\/schema\/logo\/image\/"},"sameAs":["https:\/\/www.facebook.com\/JazzZeitung\/"]},{"@type":"Person","@id":"https:\/\/www.jazzzeitung.de\/cms\/#\/schema\/person\/2245b36b9cd1d24cea10f01c031fb92b","name":"Redaktion JazzZeitung","image":{"@type":"ImageObject","inLanguage":"de","@id":"https:\/\/i0.wp.com\/www.jazzzeitung.de\/cms\/wp-content\/uploads\/2015\/08\/JAZZZEITUNGDE_Logo_Neu.png?resize=96%2C96&ssl=159975dcacb611b5700bd619b5daf0a7a","url":"https:\/\/i0.wp.com\/www.jazzzeitung.de\/cms\/wp-content\/uploads\/2015\/08\/JAZZZEITUNGDE_Logo_Neu.png?resize=96%2C96&ssl=1","contentUrl":"https:\/\/i0.wp.com\/www.jazzzeitung.de\/cms\/wp-content\/uploads\/2015\/08\/JAZZZEITUNGDE_Logo_Neu.png?resize=96%2C96&ssl=1","caption":"Redaktion JazzZeitung"},"description":"Artikel der Redaktion der JazzZeitung.","sameAs":["http:\/\/www.jazzzeitung.de\/cms\/"],"url":"https:\/\/www.jazzzeitung.de\/cms\/author\/redaktion\/"}]}},"wp-worthy-pixel":{"ignored":false,"public":null,"server":null,"url":null},"wp-worthy-type":"normal","jetpack_publicize_connections":[],"cc_featured_image_caption":{"caption_text":"","source_text":"","source_url":""},"jetpack_featured_media_url":"https:\/\/i0.wp.com\/www.jazzzeitung.de\/cms\/wp-content\/uploads\/2024\/03\/renner-band_59.jpg?fit=2424%2C1574&ssl=1","jetpack_shortlink":"https:\/\/wp.me\/p3KEcT-7Z4","jetpack-related-posts":[{"id":32249,"url":"https:\/\/www.jazzzeitung.de\/cms\/2025\/02\/renner-eine-never-ending-story\/","url_meta":{"origin":30694,"position":0},"title":"Renner: eine Never Ending Story","author":"Redaktion JazzZeitung","date":"20. Februar 2025","format":false,"excerpt":"(Text und Fotos: Robert Fischer)\u00a0Fr\u00fcher h\u00e4tte man das wohl eine \u201eSupergroup\u201c genannt: Drei au\u00dfergew\u00f6hnlich begabte, bereits mit mehreren Preisen bedachte Musiker, denen man trotz oder gerade wegen ihrer Jugend zutraut, auf ihrem jeweiligen Instrument stilpr\u00e4gende Akzente zu setzen, die zudem allesamt auch schon in anderen, teils eigenen Formationen f\u00fcr Furore\u2026","rel":"","context":"In &quot;News&quot;","block_context":{"text":"News","link":"https:\/\/www.jazzzeitung.de\/cms\/thema\/nachrichten\/"},"img":{"alt_text":"","src":"https:\/\/i0.wp.com\/www.jazzzeitung.de\/cms\/wp-content\/uploads\/2025\/02\/Renner-%E2%94%AC%C2%AE-rwfischer_photography.jpg?fit=709%2C472&ssl=1&resize=350%2C200","width":350,"height":200,"srcset":"https:\/\/i0.wp.com\/www.jazzzeitung.de\/cms\/wp-content\/uploads\/2025\/02\/Renner-%E2%94%AC%C2%AE-rwfischer_photography.jpg?fit=709%2C472&ssl=1&resize=350%2C200 1x, https:\/\/i0.wp.com\/www.jazzzeitung.de\/cms\/wp-content\/uploads\/2025\/02\/Renner-%E2%94%AC%C2%AE-rwfischer_photography.jpg?fit=709%2C472&ssl=1&resize=525%2C300 1.5x, https:\/\/i0.wp.com\/www.jazzzeitung.de\/cms\/wp-content\/uploads\/2025\/02\/Renner-%E2%94%AC%C2%AE-rwfischer_photography.jpg?fit=709%2C472&ssl=1&resize=700%2C400 2x"},"classes":[]},{"id":30642,"url":"https:\/\/www.jazzzeitung.de\/cms\/2024\/02\/auf-dem-pfad-der-bluestugend\/","url_meta":{"origin":30694,"position":1},"title":"Auf dem Pfad der Bluestugend &#8211; Shuteen Erdenebaatar in Regensburg","author":"Redaktion JazzZeitung","date":"23. Februar 2024","format":false,"excerpt":"Shooting Star Shuteen Erdenebaatar pr\u00e4sentierte beim Jazzclub im Leeren Beutel ihr Deb\u00fctalbum mit ihrem Quartett Regensburg: Angekommen in Deutschland, habe sie sich anf\u00e4nglich sehr fremd und unwohl gef\u00fchlt, erz\u00e4hlt Shuteen Erdenebaatar \u00fcber ihre Ankunft 2018 in M\u00fcnchen. Die DAAD-Stipendiatin kannte weder die Sprache noch das hiesige Essen, hatte keine Anbindung\u2026","rel":"","context":"In &quot;Bericht&quot;","block_context":{"text":"Bericht","link":"https:\/\/www.jazzzeitung.de\/cms\/thema\/bericht\/"},"img":{"alt_text":"","src":"https:\/\/i0.wp.com\/www.jazzzeitung.de\/cms\/wp-content\/uploads\/2024\/02\/erdenebaatar-trio_66.jpg?fit=1200%2C800&ssl=1&resize=350%2C200","width":350,"height":200,"srcset":"https:\/\/i0.wp.com\/www.jazzzeitung.de\/cms\/wp-content\/uploads\/2024\/02\/erdenebaatar-trio_66.jpg?fit=1200%2C800&ssl=1&resize=350%2C200 1x, https:\/\/i0.wp.com\/www.jazzzeitung.de\/cms\/wp-content\/uploads\/2024\/02\/erdenebaatar-trio_66.jpg?fit=1200%2C800&ssl=1&resize=525%2C300 1.5x, https:\/\/i0.wp.com\/www.jazzzeitung.de\/cms\/wp-content\/uploads\/2024\/02\/erdenebaatar-trio_66.jpg?fit=1200%2C800&ssl=1&resize=700%2C400 2x, https:\/\/i0.wp.com\/www.jazzzeitung.de\/cms\/wp-content\/uploads\/2024\/02\/erdenebaatar-trio_66.jpg?fit=1200%2C800&ssl=1&resize=1050%2C600 3x"},"classes":[]},{"id":29874,"url":"https:\/\/www.jazzzeitung.de\/cms\/2023\/07\/valentin-renner-karoline-weidt-und-luca-zambito-mit-dem-bmw-young-artist-jazz-award-2023-ausgezeichnet\/","url_meta":{"origin":30694,"position":2},"title":"Valentin Renner, Karoline Weidt und Luca Zambito mit dem BMW Young Artist Jazz Award 2023 ausgezeichnet","author":"Redaktion JazzZeitung","date":"25. Juli 2023","format":false,"excerpt":"M\u00fcnchen. Als Zeichen der anhaltenden Unterst\u00fctzung der jungen Jazzszene verleiht die BMW Group zusammen mit der Landeshauptstadt M\u00fcnchen den BMW Young Artist Jazz Award auch in diesem Jahr an drei junge Musikerinnen und Musiker der M\u00fcnchener\u00a0 Jazzszene. Dies meldet heute die BMW Group. Neben einem Preisgeld, das ab diesem Jahr\u2026","rel":"","context":"In &quot;News&quot;","block_context":{"text":"News","link":"https:\/\/www.jazzzeitung.de\/cms\/thema\/nachrichten\/"},"img":{"alt_text":"","src":"https:\/\/i0.wp.com\/www.jazzzeitung.de\/cms\/wp-content\/uploads\/2022\/07\/JW-2022-Karoline-Weidt-c-JM-Koch.jpg?fit=1200%2C900&ssl=1&resize=350%2C200","width":350,"height":200,"srcset":"https:\/\/i0.wp.com\/www.jazzzeitung.de\/cms\/wp-content\/uploads\/2022\/07\/JW-2022-Karoline-Weidt-c-JM-Koch.jpg?fit=1200%2C900&ssl=1&resize=350%2C200 1x, https:\/\/i0.wp.com\/www.jazzzeitung.de\/cms\/wp-content\/uploads\/2022\/07\/JW-2022-Karoline-Weidt-c-JM-Koch.jpg?fit=1200%2C900&ssl=1&resize=525%2C300 1.5x, https:\/\/i0.wp.com\/www.jazzzeitung.de\/cms\/wp-content\/uploads\/2022\/07\/JW-2022-Karoline-Weidt-c-JM-Koch.jpg?fit=1200%2C900&ssl=1&resize=700%2C400 2x, https:\/\/i0.wp.com\/www.jazzzeitung.de\/cms\/wp-content\/uploads\/2022\/07\/JW-2022-Karoline-Weidt-c-JM-Koch.jpg?fit=1200%2C900&ssl=1&resize=1050%2C600 3x"},"classes":[]},{"id":31096,"url":"https:\/\/www.jazzzeitung.de\/cms\/2024\/05\/susi-lotter-moritz-renner-und-marina-schlagintweit-erhalten-den-bmw-young-artist-jazz-award-2024\/","url_meta":{"origin":30694,"position":3},"title":"Susi Lotter, Moritz Renner und Marina Schlagintweit erhalten den BMW Young Artist Jazz Award 2024","author":"Redaktion JazzZeitung","date":"24. Mai 2024","format":false,"excerpt":"Die BMW Group bleibt dem Jazz treu: Zusammen mit der Landeshauptstadt Mu\u0308nchen verleiht die BMW Group den BMW Young Artist Jazz Award auch in diesem Jahr an drei junge Musikerinnen und Musiker der lokalen Jazzszene. Neben einem Preisgeld von je 5.000 Euro werden Susi Lotter, Moritz Renner und Marina Schlagintweit\u2026","rel":"","context":"In &quot;News&quot;","block_context":{"text":"News","link":"https:\/\/www.jazzzeitung.de\/cms\/thema\/nachrichten\/"},"img":{"alt_text":"","src":"https:\/\/i0.wp.com\/www.jazzzeitung.de\/cms\/wp-content\/uploads\/2024\/05\/P90550157_highRes_bmw-young-artist-jaz.jpg?fit=1200%2C675&ssl=1&resize=350%2C200","width":350,"height":200,"srcset":"https:\/\/i0.wp.com\/www.jazzzeitung.de\/cms\/wp-content\/uploads\/2024\/05\/P90550157_highRes_bmw-young-artist-jaz.jpg?fit=1200%2C675&ssl=1&resize=350%2C200 1x, https:\/\/i0.wp.com\/www.jazzzeitung.de\/cms\/wp-content\/uploads\/2024\/05\/P90550157_highRes_bmw-young-artist-jaz.jpg?fit=1200%2C675&ssl=1&resize=525%2C300 1.5x, https:\/\/i0.wp.com\/www.jazzzeitung.de\/cms\/wp-content\/uploads\/2024\/05\/P90550157_highRes_bmw-young-artist-jaz.jpg?fit=1200%2C675&ssl=1&resize=700%2C400 2x, https:\/\/i0.wp.com\/www.jazzzeitung.de\/cms\/wp-content\/uploads\/2024\/05\/P90550157_highRes_bmw-young-artist-jaz.jpg?fit=1200%2C675&ssl=1&resize=1050%2C600 3x"},"classes":[]},{"id":30408,"url":"https:\/\/www.jazzzeitung.de\/cms\/2023\/12\/cd-release-party-der-munich-lab-band-im-jazzclub-unterfahrt\/","url_meta":{"origin":30694,"position":4},"title":"CD-Release Party der Munich Lab Band im Jazzclub Unterfahrt","author":"Redaktion JazzZeitung","date":"27. Dezember 2023","format":false,"excerpt":"Traditionell ist der Montagabend im M\u00fcnchner Jazzclub Unterfahrt den Big Bands vorbehalten. Montag, den 18. Dezember, gab es mit der Munich Lab Band einen besonderen Big Band Abend zu feiern. Anl\u00e4sslich ihres Release der CD \u201eThe Way Things Are\u201c gab es im voll besetzten Club ein Konzert das Ma\u00dfst\u00e4be setzte.\u2026","rel":"","context":"In &quot;Bericht&quot;","block_context":{"text":"Bericht","link":"https:\/\/www.jazzzeitung.de\/cms\/thema\/bericht\/"},"img":{"alt_text":"","src":"https:\/\/i0.wp.com\/www.jazzzeitung.de\/cms\/wp-content\/uploads\/2023\/12\/P2768463-sw-Munich-Lab-Band-Ltg-Felix-Ecke-Foto-TJ-Krebs.jpg?fit=1200%2C800&ssl=1&resize=350%2C200","width":350,"height":200,"srcset":"https:\/\/i0.wp.com\/www.jazzzeitung.de\/cms\/wp-content\/uploads\/2023\/12\/P2768463-sw-Munich-Lab-Band-Ltg-Felix-Ecke-Foto-TJ-Krebs.jpg?fit=1200%2C800&ssl=1&resize=350%2C200 1x, https:\/\/i0.wp.com\/www.jazzzeitung.de\/cms\/wp-content\/uploads\/2023\/12\/P2768463-sw-Munich-Lab-Band-Ltg-Felix-Ecke-Foto-TJ-Krebs.jpg?fit=1200%2C800&ssl=1&resize=525%2C300 1.5x, https:\/\/i0.wp.com\/www.jazzzeitung.de\/cms\/wp-content\/uploads\/2023\/12\/P2768463-sw-Munich-Lab-Band-Ltg-Felix-Ecke-Foto-TJ-Krebs.jpg?fit=1200%2C800&ssl=1&resize=700%2C400 2x, https:\/\/i0.wp.com\/www.jazzzeitung.de\/cms\/wp-content\/uploads\/2023\/12\/P2768463-sw-Munich-Lab-Band-Ltg-Felix-Ecke-Foto-TJ-Krebs.jpg?fit=1200%2C800&ssl=1&resize=1050%2C600 3x"},"classes":[]},{"id":22636,"url":"https:\/\/www.jazzzeitung.de\/cms\/2020\/06\/news-hannah-weiss-und-vincent-rein-als-local-heroes-in-der-unterfahrtbewerben-fuer-den-jungen-muenchner-jazzpreis\/","url_meta":{"origin":30694,"position":5},"title":"+++News: +++Hannah Weiss und Vincent Rein als Local Heroes in der Unterfahrt+++Bewerben f\u00fcr den Jungen M\u00fcnchner Jazzpreis+++","author":"Redaktion JazzZeitung","date":"10. Juni 2020","format":false,"excerpt":"+++Local Heroes: Die Jazz-Streams aus M\u00fcnchen+++ \u201eLocal Heroes Live\u201c\u00a0 ist eine Live-Stream-Serie des M\u00fcnchener Jazzclub Unterfahrt. Die Tipps der JazzZeitung.de im Folgenden: \u00a0 Local Heroes Live #12 + 13 Abschlusskonzerte des Jazz-Instituts der Hochschule f\u00fcr Musik und Theater M\u00fcnchen Freitag, 12.06.2020 20.00 Uhr: Ganzenm\u00fcller\u2019s Bed & Breakbeat Besetzung: Julian Hesse\u2026","rel":"","context":"In &quot;News&quot;","block_context":{"text":"News","link":"https:\/\/www.jazzzeitung.de\/cms\/thema\/nachrichten\/"},"img":{"alt_text":"","src":"https:\/\/i0.wp.com\/www.jazzzeitung.de\/cms\/wp-content\/uploads\/2020\/06\/weiss.jpg?fit=709%2C1063&ssl=1&resize=350%2C200","width":350,"height":200,"srcset":"https:\/\/i0.wp.com\/www.jazzzeitung.de\/cms\/wp-content\/uploads\/2020\/06\/weiss.jpg?fit=709%2C1063&ssl=1&resize=350%2C200 1x, https:\/\/i0.wp.com\/www.jazzzeitung.de\/cms\/wp-content\/uploads\/2020\/06\/weiss.jpg?fit=709%2C1063&ssl=1&resize=525%2C300 1.5x, https:\/\/i0.wp.com\/www.jazzzeitung.de\/cms\/wp-content\/uploads\/2020\/06\/weiss.jpg?fit=709%2C1063&ssl=1&resize=700%2C400 2x"},"classes":[]}],"jetpack_sharing_enabled":true,"_links":{"self":[{"href":"https:\/\/www.jazzzeitung.de\/cms\/wp-json\/wp\/v2\/posts\/30694","targetHints":{"allow":["GET"]}}],"collection":[{"href":"https:\/\/www.jazzzeitung.de\/cms\/wp-json\/wp\/v2\/posts"}],"about":[{"href":"https:\/\/www.jazzzeitung.de\/cms\/wp-json\/wp\/v2\/types\/post"}],"author":[{"embeddable":true,"href":"https:\/\/www.jazzzeitung.de\/cms\/wp-json\/wp\/v2\/users\/18"}],"replies":[{"embeddable":true,"href":"https:\/\/www.jazzzeitung.de\/cms\/wp-json\/wp\/v2\/comments?post=30694"}],"version-history":[{"count":5,"href":"https:\/\/www.jazzzeitung.de\/cms\/wp-json\/wp\/v2\/posts\/30694\/revisions"}],"predecessor-version":[{"id":30712,"href":"https:\/\/www.jazzzeitung.de\/cms\/wp-json\/wp\/v2\/posts\/30694\/revisions\/30712"}],"wp:featuredmedia":[{"embeddable":true,"href":"https:\/\/www.jazzzeitung.de\/cms\/wp-json\/wp\/v2\/media\/30695"}],"wp:attachment":[{"href":"https:\/\/www.jazzzeitung.de\/cms\/wp-json\/wp\/v2\/media?parent=30694"}],"wp:term":[{"taxonomy":"category","embeddable":true,"href":"https:\/\/www.jazzzeitung.de\/cms\/wp-json\/wp\/v2\/categories?post=30694"},{"taxonomy":"post_tag","embeddable":true,"href":"https:\/\/www.jazzzeitung.de\/cms\/wp-json\/wp\/v2\/tags?post=30694"},{"taxonomy":"author","embeddable":true,"href":"https:\/\/www.jazzzeitung.de\/cms\/wp-json\/wp\/v2\/coauthors?post=30694"}],"curies":[{"name":"wp","href":"https:\/\/api.w.org\/{rel}","templated":true}]}}