{"id":30642,"date":"2024-02-23T07:00:34","date_gmt":"2024-02-23T06:00:34","guid":{"rendered":"https:\/\/www.jazzzeitung.de\/cms\/?p=30642"},"modified":"2024-02-22T12:22:19","modified_gmt":"2024-02-22T11:22:19","slug":"auf-dem-pfad-der-bluestugend","status":"publish","type":"post","link":"https:\/\/www.jazzzeitung.de\/cms\/2024\/02\/auf-dem-pfad-der-bluestugend\/","title":{"rendered":"Auf dem Pfad der Bluestugend &#8211; Shuteen Erdenebaatar in Regensburg"},"content":{"rendered":"<h3>Shooting Star Shuteen Erdenebaatar pr\u00e4sentierte beim Jazzclub im Leeren Beutel ihr Deb\u00fctalbum mit ihrem Quartett<\/h3>\n<p>Regensburg: Angekommen in Deutschland, habe sie sich anf\u00e4nglich sehr fremd und unwohl gef\u00fchlt, erz\u00e4hlt Shuteen Erdenebaatar \u00fcber ihre Ankunft 2018 in M\u00fcnchen. Die DAAD-Stipendiatin kannte weder die Sprache noch das hiesige Essen, hatte keine Anbindung und wusste nicht, wie man sich verh\u00e4lt. Erst als sie das Voralpenland mit den Bergen entdeckte, habe sie endlich etwas gefunden, das sei an ihre mongolische Heimat erinnerte. Dar\u00fcber hat die Musikerin, die mittlerweile ein Doppelmasterstudium erfolgreich abgeschlossen hat, ihre erste Komposition in Deutschland geschrieben.<\/p>\n<figure id=\"attachment_30646\" aria-describedby=\"caption-attachment-30646\" style=\"width: 398px\" class=\"wp-caption alignnone\"><img data-recalc-dims=\"1\" loading=\"lazy\" decoding=\"async\" data-attachment-id=\"30646\" data-permalink=\"https:\/\/www.jazzzeitung.de\/cms\/2024\/02\/auf-dem-pfad-der-bluestugend\/erdenebaatar-shuteen_60\/\" data-orig-file=\"https:\/\/i0.wp.com\/www.jazzzeitung.de\/cms\/wp-content\/uploads\/2024\/02\/Erdenebaatar-Shuteen_60.jpg?fit=1574%2C2379&amp;ssl=1\" data-orig-size=\"1574,2379\" data-comments-opened=\"1\" data-image-meta=\"{&quot;aperture&quot;:&quot;4.8&quot;,&quot;credit&quot;:&quot;MICHAEL Scheiner&quot;,&quot;camera&quot;:&quot;NIKON D7200&quot;,&quot;caption&quot;:&quot;&quot;,&quot;created_timestamp&quot;:&quot;0&quot;,&quot;copyright&quot;:&quot;Michael Scheiner&quot;,&quot;focal_length&quot;:&quot;52&quot;,&quot;iso&quot;:&quot;2500&quot;,&quot;shutter_speed&quot;:&quot;0.0125&quot;,&quot;title&quot;:&quot;&quot;,&quot;orientation&quot;:&quot;1&quot;}\" data-image-title=\"Erdenebaatar. Foto: Scheiner\" data-image-description=\"\" data-image-caption=\"&lt;p&gt;Erdenebaatar am Fl\u00fcgel&lt;\/p&gt;\n\" data-large-file=\"https:\/\/i0.wp.com\/www.jazzzeitung.de\/cms\/wp-content\/uploads\/2024\/02\/Erdenebaatar-Shuteen_60.jpg?fit=397%2C600&amp;ssl=1\" class=\" wp-image-30646\" src=\"https:\/\/i0.wp.com\/www.jazzzeitung.de\/cms\/wp-content\/uploads\/2024\/02\/Erdenebaatar-Shuteen_60.jpg?resize=398%2C603&#038;ssl=1\" alt=\"\" width=\"398\" height=\"603\" srcset=\"https:\/\/i0.wp.com\/www.jazzzeitung.de\/cms\/wp-content\/uploads\/2024\/02\/Erdenebaatar-Shuteen_60.jpg?resize=198%2C300&amp;ssl=1 198w, https:\/\/i0.wp.com\/www.jazzzeitung.de\/cms\/wp-content\/uploads\/2024\/02\/Erdenebaatar-Shuteen_60.jpg?resize=397%2C600&amp;ssl=1 397w, https:\/\/i0.wp.com\/www.jazzzeitung.de\/cms\/wp-content\/uploads\/2024\/02\/Erdenebaatar-Shuteen_60.jpg?resize=768%2C1161&amp;ssl=1 768w, https:\/\/i0.wp.com\/www.jazzzeitung.de\/cms\/wp-content\/uploads\/2024\/02\/Erdenebaatar-Shuteen_60.jpg?resize=1016%2C1536&amp;ssl=1 1016w, https:\/\/i0.wp.com\/www.jazzzeitung.de\/cms\/wp-content\/uploads\/2024\/02\/Erdenebaatar-Shuteen_60.jpg?resize=1355%2C2048&amp;ssl=1 1355w, https:\/\/i0.wp.com\/www.jazzzeitung.de\/cms\/wp-content\/uploads\/2024\/02\/Erdenebaatar-Shuteen_60.jpg?resize=1320%2C1995&amp;ssl=1 1320w, https:\/\/i0.wp.com\/www.jazzzeitung.de\/cms\/wp-content\/uploads\/2024\/02\/Erdenebaatar-Shuteen_60.jpg?w=1574&amp;ssl=1 1574w\" sizes=\"auto, (max-width: 398px) 100vw, 398px\" \/><figcaption id=\"caption-attachment-30646\" class=\"wp-caption-text\">Erdenebaatar am Fl\u00fcgel<\/figcaption><\/figure>\n<p>Beim bejubelten Auftritt ihres Quartetts im Leeren Beutel geriet \u201eAn Answer From the Distant Hill&#8220;, wie die Nummer betitelt ist, zum absoluten Hinh\u00f6rer am Ende des ersten Sets. Es begann lautmalerisch mit Querfl\u00f6te, gespielt von Saxofonist Anton Mangold. Erst ruhig, entwickelte es sich mit m\u00e4chtigem Groove zu einer mitrei\u00dfenden Nummer. Der h\u00f6rte man die Freudengef\u00fchle und das Vergn\u00fcgen der Komponistin in jeder Phase an. Mit seinem zeitweise rockigen Groove und einem ohrenschlackernden erregenden Disput zwischen Bassist Nils Kugelmann und Valentin Renner am Schlagzeug fiel es ein wenig aus dem Rahmen der \u00fcbrigen St\u00fccke.<\/p>\n<p>Die waren meist glatter und in ihrer kompositorischen Klugheit, den rhythmischen und harmonischen Feinheiten emotional fast immer weniger unmittelbar. Das hing auch mit der unglaublich leichtf\u00fc\u00dfigen, gef\u00fchlt nahezu perfekten Interpretation der Kompositionen zusammen. Darin hatten insbesondere Mangold auf Alt- und Sopransaxofon, sowie die Bandleaderin am Fl\u00fcgel Raum f\u00fcr teils lange und ausgiebige Soli. Dennoch blieb insgesamt nur ein geringerer Spielraum f\u00fcr freie Improvisationen und individuelle Freiheiten. Den dehnten aber wiederum die beiden \u201eRhythmusknechte&#8220; Renner und Kugelmann f\u00fcr ihr traumhaftes, nahezu symbiotisches Zusammenspiel immer wieder etwas aus.<\/p>\n<figure id=\"attachment_30647\" aria-describedby=\"caption-attachment-30647\" style=\"width: 204px\" class=\"wp-caption alignleft\"><img data-recalc-dims=\"1\" loading=\"lazy\" decoding=\"async\" data-attachment-id=\"30647\" data-permalink=\"https:\/\/www.jazzzeitung.de\/cms\/2024\/02\/auf-dem-pfad-der-bluestugend\/erdenebaatar-shuteen_37\/\" data-orig-file=\"https:\/\/i0.wp.com\/www.jazzzeitung.de\/cms\/wp-content\/uploads\/2024\/02\/Erdenebaatar-Shuteen_37.jpg?fit=1607%2C2362&amp;ssl=1\" data-orig-size=\"1607,2362\" data-comments-opened=\"1\" data-image-meta=\"{&quot;aperture&quot;:&quot;4.5&quot;,&quot;credit&quot;:&quot;MICHAEL Scheiner&quot;,&quot;camera&quot;:&quot;NIKON D7200&quot;,&quot;caption&quot;:&quot;&quot;,&quot;created_timestamp&quot;:&quot;0&quot;,&quot;copyright&quot;:&quot;Michael Scheiner&quot;,&quot;focal_length&quot;:&quot;44&quot;,&quot;iso&quot;:&quot;2500&quot;,&quot;shutter_speed&quot;:&quot;0.0125&quot;,&quot;title&quot;:&quot;&quot;,&quot;orientation&quot;:&quot;1&quot;}\" data-image-title=\"Erdenebaatar. Foto: Scheiner\" data-image-description=\"\" data-image-caption=\"&lt;p&gt;Erdenebaatar am Fl\u00fcgel&lt;\/p&gt;\n\" data-large-file=\"https:\/\/i0.wp.com\/www.jazzzeitung.de\/cms\/wp-content\/uploads\/2024\/02\/Erdenebaatar-Shuteen_37.jpg?fit=408%2C600&amp;ssl=1\" class=\"size-medium wp-image-30647\" src=\"https:\/\/i0.wp.com\/www.jazzzeitung.de\/cms\/wp-content\/uploads\/2024\/02\/Erdenebaatar-Shuteen_37.jpg?resize=204%2C300&#038;ssl=1\" alt=\"\" width=\"204\" height=\"300\" srcset=\"https:\/\/i0.wp.com\/www.jazzzeitung.de\/cms\/wp-content\/uploads\/2024\/02\/Erdenebaatar-Shuteen_37.jpg?resize=204%2C300&amp;ssl=1 204w, https:\/\/i0.wp.com\/www.jazzzeitung.de\/cms\/wp-content\/uploads\/2024\/02\/Erdenebaatar-Shuteen_37.jpg?resize=408%2C600&amp;ssl=1 408w, https:\/\/i0.wp.com\/www.jazzzeitung.de\/cms\/wp-content\/uploads\/2024\/02\/Erdenebaatar-Shuteen_37.jpg?resize=768%2C1129&amp;ssl=1 768w, https:\/\/i0.wp.com\/www.jazzzeitung.de\/cms\/wp-content\/uploads\/2024\/02\/Erdenebaatar-Shuteen_37.jpg?resize=1045%2C1536&amp;ssl=1 1045w, https:\/\/i0.wp.com\/www.jazzzeitung.de\/cms\/wp-content\/uploads\/2024\/02\/Erdenebaatar-Shuteen_37.jpg?resize=1393%2C2048&amp;ssl=1 1393w, https:\/\/i0.wp.com\/www.jazzzeitung.de\/cms\/wp-content\/uploads\/2024\/02\/Erdenebaatar-Shuteen_37.jpg?resize=1320%2C1940&amp;ssl=1 1320w, https:\/\/i0.wp.com\/www.jazzzeitung.de\/cms\/wp-content\/uploads\/2024\/02\/Erdenebaatar-Shuteen_37.jpg?w=1607&amp;ssl=1 1607w\" sizes=\"auto, (max-width: 204px) 100vw, 204px\" \/><figcaption id=\"caption-attachment-30647\" class=\"wp-caption-text\">Erdenebaatar am Fl\u00fcgel<\/figcaption><\/figure>\n<p>Einen hinrei\u00dfend melodi\u00f6sen Einstieg machte die Band mit \u201eIn A Time Warp&#8220;, den Mangold mit feinen Linien auf dem Sopran einf\u00fchlsam gestaltete. In diesem, einer Zeitdelle nachempfundenen St\u00fcck, in dem Vergangenheit, Gegenwart und Zukunft scheinbar zusammenfallen, zeigte sich auch Renner mit seinem schwebenden Spiel als feinf\u00fchliger Timekeeper. Bassist Kugelmann dagegen scheint seinen Mitspielern immer eine Nase voraus zu sein. Er gibt mit seinem dichten, druckvollen Spiel Gas, zupft mehr Noten in einem St\u00fcck, als manche seiner gem\u00fctvolleren Kollegen w\u00e4hrend eines ganzen Konzerts.<\/p>\n<p>Nach der ausgiebigen Pause, in der vier Musiker flei\u00dfig Alben und CDs signierten, startete das Quartett mit einem ruhigen, introvertierten St\u00fcck in die zweite, von Blues angehauchte Runde. Nach einer wogenden Steigerung sammelte der Schlagzeuger die Band von ihrem H\u00f6hentrip wieder ein und f\u00fchrte sie auf den Pfad der Bluestugend zur\u00fcck. An den Schluss \u2013 vor der dann abverlangten Zugabe \u2013 stellte die erstaunlich reife Komponistin ein Liebeslied, das sie einer \u201eim Saal anwesenden Person&#8220; gewidmet habe, wie sie erz\u00e4hlte. Mit einem lyrischen Intro auf dem Fl\u00fcgel zeichnete sie in\u00a0 \u00a0\u201eI\u00b4m Glad I Got to Know You&#8220; ein fragiles, behutsames Klangbild ihrer Gef\u00fchle, dem ihre Band taktvoll folgten. Ein lebendiges Regensburger Deb\u00fctkonzert einer bemerkenswerten jungen Musikerin, die bereits jetzt eine beeindruckende Menge an Preisen gewonnen hat.<\/p>\n<p>Text und Fotos: Michael Scheiner<\/p>\n","protected":false},"excerpt":{"rendered":"<p>Shooting Star Shuteen Erdenebaatar pr\u00e4sentierte beim Jazzclub im Leeren Beutel ihr Deb\u00fctalbum mit ihrem Quartett Regensburg: Angekommen in Deutschland, habe sie sich anf\u00e4nglich sehr fremd und unwohl gef\u00fchlt, erz\u00e4hlt Shuteen Erdenebaatar \u00fcber ihre Ankunft 2018 in M\u00fcnchen. Die DAAD-Stipendiatin kannte weder die Sprache noch das hiesige Essen, hatte keine Anbindung und wusste nicht, wie man sich verh\u00e4lt. Erst als sie das Voralpenland mit den Bergen entdeckte, habe sie endlich etwas gefunden, das sei an ihre mongolische Heimat erinnerte. Dar\u00fcber hat die Musikerin, die mittlerweile ein Doppelmasterstudium erfolgreich abgeschlossen hat, ihre erste Komposition in Deutschland geschrieben. Beim bejubelten Auftritt ihres Quartetts im Leeren Beutel geriet \u201eAn Answer From the Distant Hill&#8220;, wie die Nummer betitelt ist, zum absoluten Hinh\u00f6rer am Ende des ersten Sets. Es begann lautmalerisch mit Querfl\u00f6te, gespielt von Saxofonist Anton Mangold. Erst ruhig, entwickelte es sich mit m\u00e4chtigem Groove zu einer mitrei\u00dfenden Nummer. Der h\u00f6rte man die Freudengef\u00fchle und das Vergn\u00fcgen der Komponistin in jeder Phase an. Mit seinem zeitweise rockigen Groove und einem ohrenschlackernden erregenden Disput zwischen Bassist Nils Kugelmann und Valentin Renner am Schlagzeug fiel es ein wenig aus dem Rahmen &hellip;<\/p>\n","protected":false},"author":18,"featured_media":30645,"comment_status":"open","ping_status":"closed","sticky":false,"template":"","format":"standard","meta":{"_jetpack_memberships_contains_paid_content":false,"footnotes":"","jetpack_publicize_message":"","jetpack_publicize_feature_enabled":true,"jetpack_social_post_already_shared":false,"jetpack_social_options":{"image_generator_settings":{"template":"highway","default_image_id":0,"font":"","enabled":false},"version":2}},"categories":[1053,1152],"tags":[1959,34,4770,3914,4608,83,2935,137,691,1911,246,271,1535,4520,387,401,4131,3889,1965,1797,1564,2312,4209,4771,1176,4432],"coauthors":[695],"class_list":["post-30642","post","type-post","status-publish","format-standard","has-post-thumbnail","hentry","category-bericht","category-rezension","tag-1959","tag-album","tag-anton-mangold","tag-band","tag-bassist","tag-blues","tag-cds","tag-deutschland","tag-essen","tag-fotos","tag-intro","tag-jazzclub","tag-jazzclub-im-leeren-beutel","tag-komposition","tag-michael-scheiner","tag-muenchen","tag-nils-kugelmann","tag-pause","tag-quartett","tag-regensburg","tag-schlagzeug","tag-schlagzeuger","tag-shuteen-erdenebaatar","tag-shuteen-erdenebaatar-quartett","tag-soli","tag-valentin-renner"],"yoast_head":"<!-- This site is optimized with the Yoast SEO plugin v27.5 - https:\/\/yoast.com\/product\/yoast-seo-wordpress\/ -->\n<title>Auf dem Pfad der Bluestugend - Shuteen Erdenebaatar in Regensburg - JazzZeitung<\/title>\n<meta name=\"description\" content=\"Die preisgekr\u00f6nte Musikerin Shuteen Erdenebaatar pr\u00e4sentierte beim Jazzclub im Leeren Beutel ihr Deb\u00fctalbum mit ihrem Quartett\" \/>\n<meta name=\"robots\" content=\"index, follow, max-snippet:-1, max-image-preview:large, max-video-preview:-1\" \/>\n<link rel=\"canonical\" href=\"https:\/\/www.jazzzeitung.de\/cms\/2024\/02\/auf-dem-pfad-der-bluestugend\/\" \/>\n<meta property=\"og:locale\" content=\"de_DE\" \/>\n<meta property=\"og:type\" content=\"article\" \/>\n<meta property=\"og:title\" content=\"Auf dem Pfad der Bluestugend - Shuteen Erdenebaatar in Regensburg - JazzZeitung\" \/>\n<meta property=\"og:description\" content=\"Die preisgekr\u00f6nte Musikerin Shuteen Erdenebaatar pr\u00e4sentierte beim Jazzclub im Leeren Beutel ihr Deb\u00fctalbum mit ihrem Quartett\" \/>\n<meta property=\"og:url\" content=\"https:\/\/www.jazzzeitung.de\/cms\/2024\/02\/auf-dem-pfad-der-bluestugend\/\" \/>\n<meta property=\"og:site_name\" content=\"JazzZeitung\" \/>\n<meta property=\"article:publisher\" content=\"https:\/\/www.facebook.com\/JazzZeitung\/\" \/>\n<meta property=\"article:published_time\" content=\"2024-02-23T06:00:34+00:00\" \/>\n<meta property=\"og:image\" content=\"https:\/\/www.jazzzeitung.de\/cms\/wp-content\/uploads\/2024\/02\/erdenebaatar-trio_66-900x600.jpg\" \/>\n\t<meta property=\"og:image:width\" content=\"900\" \/>\n\t<meta property=\"og:image:height\" content=\"600\" \/>\n\t<meta property=\"og:image:type\" content=\"image\/jpeg\" \/>\n<meta name=\"author\" content=\"Redaktion JazzZeitung\" \/>\n<script type=\"application\/ld+json\" class=\"yoast-schema-graph\">{\"@context\":\"https:\\\/\\\/schema.org\",\"@graph\":[{\"@type\":\"Article\",\"@id\":\"https:\\\/\\\/www.jazzzeitung.de\\\/cms\\\/2024\\\/02\\\/auf-dem-pfad-der-bluestugend\\\/#article\",\"isPartOf\":{\"@id\":\"https:\\\/\\\/www.jazzzeitung.de\\\/cms\\\/2024\\\/02\\\/auf-dem-pfad-der-bluestugend\\\/\"},\"author\":{\"name\":\"Redaktion JazzZeitung\",\"@id\":\"https:\\\/\\\/www.jazzzeitung.de\\\/cms\\\/#\\\/schema\\\/person\\\/2245b36b9cd1d24cea10f01c031fb92b\"},\"headline\":\"Auf dem Pfad der Bluestugend &#8211; Shuteen Erdenebaatar in Regensburg\",\"datePublished\":\"2024-02-23T06:00:34+00:00\",\"mainEntityOfPage\":{\"@id\":\"https:\\\/\\\/www.jazzzeitung.de\\\/cms\\\/2024\\\/02\\\/auf-dem-pfad-der-bluestugend\\\/\"},\"wordCount\":556,\"commentCount\":0,\"publisher\":{\"@id\":\"https:\\\/\\\/www.jazzzeitung.de\\\/cms\\\/#organization\"},\"image\":{\"@id\":\"https:\\\/\\\/www.jazzzeitung.de\\\/cms\\\/2024\\\/02\\\/auf-dem-pfad-der-bluestugend\\\/#primaryimage\"},\"thumbnailUrl\":\"https:\\\/\\\/i0.wp.com\\\/www.jazzzeitung.de\\\/cms\\\/wp-content\\\/uploads\\\/2024\\\/02\\\/erdenebaatar-trio_66.jpg?fit=2362%2C1575&ssl=1\",\"keywords\":[\"2018\",\"Album\",\"Anton Mangold\",\"Band\",\"Bassist\",\"Blues\",\"CDs\",\"Deutschland\",\"Essen\",\"Fotos\",\"Intro\",\"Jazzclub\",\"Jazzclub im Leeren Beutel\",\"Komposition\",\"Michael Scheiner\",\"M\u00fcnchen\",\"Nils Kugelmann\",\"Pause\",\"Quartett\",\"Regensburg\",\"Schlagzeug\",\"Schlagzeuger\",\"Shuteen Erdenebaatar\",\"Shuteen Erdenebaatar Quartett\",\"Soli\",\"Valentin Renner\"],\"articleSection\":[\"Bericht\",\"Rezension\"],\"inLanguage\":\"de\",\"potentialAction\":[{\"@type\":\"CommentAction\",\"name\":\"Comment\",\"target\":[\"https:\\\/\\\/www.jazzzeitung.de\\\/cms\\\/2024\\\/02\\\/auf-dem-pfad-der-bluestugend\\\/#respond\"]}]},{\"@type\":\"WebPage\",\"@id\":\"https:\\\/\\\/www.jazzzeitung.de\\\/cms\\\/2024\\\/02\\\/auf-dem-pfad-der-bluestugend\\\/\",\"url\":\"https:\\\/\\\/www.jazzzeitung.de\\\/cms\\\/2024\\\/02\\\/auf-dem-pfad-der-bluestugend\\\/\",\"name\":\"Auf dem Pfad der Bluestugend - Shuteen Erdenebaatar in Regensburg - JazzZeitung\",\"isPartOf\":{\"@id\":\"https:\\\/\\\/www.jazzzeitung.de\\\/cms\\\/#website\"},\"primaryImageOfPage\":{\"@id\":\"https:\\\/\\\/www.jazzzeitung.de\\\/cms\\\/2024\\\/02\\\/auf-dem-pfad-der-bluestugend\\\/#primaryimage\"},\"image\":{\"@id\":\"https:\\\/\\\/www.jazzzeitung.de\\\/cms\\\/2024\\\/02\\\/auf-dem-pfad-der-bluestugend\\\/#primaryimage\"},\"thumbnailUrl\":\"https:\\\/\\\/i0.wp.com\\\/www.jazzzeitung.de\\\/cms\\\/wp-content\\\/uploads\\\/2024\\\/02\\\/erdenebaatar-trio_66.jpg?fit=2362%2C1575&ssl=1\",\"datePublished\":\"2024-02-23T06:00:34+00:00\",\"description\":\"Die preisgekr\u00f6nte Musikerin Shuteen Erdenebaatar pr\u00e4sentierte beim Jazzclub im Leeren Beutel ihr Deb\u00fctalbum mit ihrem Quartett\",\"breadcrumb\":{\"@id\":\"https:\\\/\\\/www.jazzzeitung.de\\\/cms\\\/2024\\\/02\\\/auf-dem-pfad-der-bluestugend\\\/#breadcrumb\"},\"inLanguage\":\"de\",\"potentialAction\":[{\"@type\":\"ReadAction\",\"target\":[\"https:\\\/\\\/www.jazzzeitung.de\\\/cms\\\/2024\\\/02\\\/auf-dem-pfad-der-bluestugend\\\/\"]}]},{\"@type\":\"ImageObject\",\"inLanguage\":\"de\",\"@id\":\"https:\\\/\\\/www.jazzzeitung.de\\\/cms\\\/2024\\\/02\\\/auf-dem-pfad-der-bluestugend\\\/#primaryimage\",\"url\":\"https:\\\/\\\/i0.wp.com\\\/www.jazzzeitung.de\\\/cms\\\/wp-content\\\/uploads\\\/2024\\\/02\\\/erdenebaatar-trio_66.jpg?fit=2362%2C1575&ssl=1\",\"contentUrl\":\"https:\\\/\\\/i0.wp.com\\\/www.jazzzeitung.de\\\/cms\\\/wp-content\\\/uploads\\\/2024\\\/02\\\/erdenebaatar-trio_66.jpg?fit=2362%2C1575&ssl=1\",\"width\":2362,\"height\":1575,\"caption\":\"Das Erdenebaatar Quartett\"},{\"@type\":\"BreadcrumbList\",\"@id\":\"https:\\\/\\\/www.jazzzeitung.de\\\/cms\\\/2024\\\/02\\\/auf-dem-pfad-der-bluestugend\\\/#breadcrumb\",\"itemListElement\":[{\"@type\":\"ListItem\",\"position\":1,\"name\":\"Startseite\",\"item\":\"https:\\\/\\\/www.jazzzeitung.de\\\/cms\\\/\"},{\"@type\":\"ListItem\",\"position\":2,\"name\":\"Auf dem Pfad der Bluestugend &#8211; Shuteen Erdenebaatar in Regensburg\"}]},{\"@type\":\"WebSite\",\"@id\":\"https:\\\/\\\/www.jazzzeitung.de\\\/cms\\\/#website\",\"url\":\"https:\\\/\\\/www.jazzzeitung.de\\\/cms\\\/\",\"name\":\"JazzZeitung\",\"description\":\"Jazz-News und Jazz-Kontroverses\",\"publisher\":{\"@id\":\"https:\\\/\\\/www.jazzzeitung.de\\\/cms\\\/#organization\"},\"potentialAction\":[{\"@type\":\"SearchAction\",\"target\":{\"@type\":\"EntryPoint\",\"urlTemplate\":\"https:\\\/\\\/www.jazzzeitung.de\\\/cms\\\/?s={search_term_string}\"},\"query-input\":{\"@type\":\"PropertyValueSpecification\",\"valueRequired\":true,\"valueName\":\"search_term_string\"}}],\"inLanguage\":\"de\"},{\"@type\":\"Organization\",\"@id\":\"https:\\\/\\\/www.jazzzeitung.de\\\/cms\\\/#organization\",\"name\":\"JazzZeitung online\",\"url\":\"https:\\\/\\\/www.jazzzeitung.de\\\/cms\\\/\",\"logo\":{\"@type\":\"ImageObject\",\"inLanguage\":\"de\",\"@id\":\"https:\\\/\\\/www.jazzzeitung.de\\\/cms\\\/#\\\/schema\\\/logo\\\/image\\\/\",\"url\":\"https:\\\/\\\/i0.wp.com\\\/www.jazzzeitung.de\\\/cms\\\/wp-content\\\/uploads\\\/2015\\\/08\\\/JAZZZEITUNGDE_Logo_Neu.png?fit=499%2C200&ssl=1\",\"contentUrl\":\"https:\\\/\\\/i0.wp.com\\\/www.jazzzeitung.de\\\/cms\\\/wp-content\\\/uploads\\\/2015\\\/08\\\/JAZZZEITUNGDE_Logo_Neu.png?fit=499%2C200&ssl=1\",\"width\":499,\"height\":200,\"caption\":\"JazzZeitung online\"},\"image\":{\"@id\":\"https:\\\/\\\/www.jazzzeitung.de\\\/cms\\\/#\\\/schema\\\/logo\\\/image\\\/\"},\"sameAs\":[\"https:\\\/\\\/www.facebook.com\\\/JazzZeitung\\\/\"]},{\"@type\":\"Person\",\"@id\":\"https:\\\/\\\/www.jazzzeitung.de\\\/cms\\\/#\\\/schema\\\/person\\\/2245b36b9cd1d24cea10f01c031fb92b\",\"name\":\"Redaktion JazzZeitung\",\"image\":{\"@type\":\"ImageObject\",\"inLanguage\":\"de\",\"@id\":\"https:\\\/\\\/i0.wp.com\\\/www.jazzzeitung.de\\\/cms\\\/wp-content\\\/uploads\\\/2015\\\/08\\\/JAZZZEITUNGDE_Logo_Neu.png?resize=96%2C96&ssl=159975dcacb611b5700bd619b5daf0a7a\",\"url\":\"https:\\\/\\\/i0.wp.com\\\/www.jazzzeitung.de\\\/cms\\\/wp-content\\\/uploads\\\/2015\\\/08\\\/JAZZZEITUNGDE_Logo_Neu.png?resize=96%2C96&ssl=1\",\"contentUrl\":\"https:\\\/\\\/i0.wp.com\\\/www.jazzzeitung.de\\\/cms\\\/wp-content\\\/uploads\\\/2015\\\/08\\\/JAZZZEITUNGDE_Logo_Neu.png?resize=96%2C96&ssl=1\",\"caption\":\"Redaktion JazzZeitung\"},\"description\":\"Artikel der Redaktion der JazzZeitung.\",\"sameAs\":[\"http:\\\/\\\/www.jazzzeitung.de\\\/cms\\\/\"],\"url\":\"https:\\\/\\\/www.jazzzeitung.de\\\/cms\\\/author\\\/redaktion\\\/\"}]}<\/script>\n<!-- \/ Yoast SEO plugin. -->","yoast_head_json":{"title":"Auf dem Pfad der Bluestugend - Shuteen Erdenebaatar in Regensburg - JazzZeitung","description":"Die preisgekr\u00f6nte Musikerin Shuteen Erdenebaatar pr\u00e4sentierte beim Jazzclub im Leeren Beutel ihr Deb\u00fctalbum mit ihrem Quartett","robots":{"index":"index","follow":"follow","max-snippet":"max-snippet:-1","max-image-preview":"max-image-preview:large","max-video-preview":"max-video-preview:-1"},"canonical":"https:\/\/www.jazzzeitung.de\/cms\/2024\/02\/auf-dem-pfad-der-bluestugend\/","og_locale":"de_DE","og_type":"article","og_title":"Auf dem Pfad der Bluestugend - Shuteen Erdenebaatar in Regensburg - JazzZeitung","og_description":"Die preisgekr\u00f6nte Musikerin Shuteen Erdenebaatar pr\u00e4sentierte beim Jazzclub im Leeren Beutel ihr Deb\u00fctalbum mit ihrem Quartett","og_url":"https:\/\/www.jazzzeitung.de\/cms\/2024\/02\/auf-dem-pfad-der-bluestugend\/","og_site_name":"JazzZeitung","article_publisher":"https:\/\/www.facebook.com\/JazzZeitung\/","article_published_time":"2024-02-23T06:00:34+00:00","og_image":[{"width":900,"height":600,"url":"https:\/\/www.jazzzeitung.de\/cms\/wp-content\/uploads\/2024\/02\/erdenebaatar-trio_66-900x600.jpg","type":"image\/jpeg"}],"author":"Redaktion JazzZeitung","schema":{"@context":"https:\/\/schema.org","@graph":[{"@type":"Article","@id":"https:\/\/www.jazzzeitung.de\/cms\/2024\/02\/auf-dem-pfad-der-bluestugend\/#article","isPartOf":{"@id":"https:\/\/www.jazzzeitung.de\/cms\/2024\/02\/auf-dem-pfad-der-bluestugend\/"},"author":{"name":"Redaktion JazzZeitung","@id":"https:\/\/www.jazzzeitung.de\/cms\/#\/schema\/person\/2245b36b9cd1d24cea10f01c031fb92b"},"headline":"Auf dem Pfad der Bluestugend &#8211; Shuteen Erdenebaatar in Regensburg","datePublished":"2024-02-23T06:00:34+00:00","mainEntityOfPage":{"@id":"https:\/\/www.jazzzeitung.de\/cms\/2024\/02\/auf-dem-pfad-der-bluestugend\/"},"wordCount":556,"commentCount":0,"publisher":{"@id":"https:\/\/www.jazzzeitung.de\/cms\/#organization"},"image":{"@id":"https:\/\/www.jazzzeitung.de\/cms\/2024\/02\/auf-dem-pfad-der-bluestugend\/#primaryimage"},"thumbnailUrl":"https:\/\/i0.wp.com\/www.jazzzeitung.de\/cms\/wp-content\/uploads\/2024\/02\/erdenebaatar-trio_66.jpg?fit=2362%2C1575&ssl=1","keywords":["2018","Album","Anton Mangold","Band","Bassist","Blues","CDs","Deutschland","Essen","Fotos","Intro","Jazzclub","Jazzclub im Leeren Beutel","Komposition","Michael Scheiner","M\u00fcnchen","Nils Kugelmann","Pause","Quartett","Regensburg","Schlagzeug","Schlagzeuger","Shuteen Erdenebaatar","Shuteen Erdenebaatar Quartett","Soli","Valentin Renner"],"articleSection":["Bericht","Rezension"],"inLanguage":"de","potentialAction":[{"@type":"CommentAction","name":"Comment","target":["https:\/\/www.jazzzeitung.de\/cms\/2024\/02\/auf-dem-pfad-der-bluestugend\/#respond"]}]},{"@type":"WebPage","@id":"https:\/\/www.jazzzeitung.de\/cms\/2024\/02\/auf-dem-pfad-der-bluestugend\/","url":"https:\/\/www.jazzzeitung.de\/cms\/2024\/02\/auf-dem-pfad-der-bluestugend\/","name":"Auf dem Pfad der Bluestugend - Shuteen Erdenebaatar in Regensburg - JazzZeitung","isPartOf":{"@id":"https:\/\/www.jazzzeitung.de\/cms\/#website"},"primaryImageOfPage":{"@id":"https:\/\/www.jazzzeitung.de\/cms\/2024\/02\/auf-dem-pfad-der-bluestugend\/#primaryimage"},"image":{"@id":"https:\/\/www.jazzzeitung.de\/cms\/2024\/02\/auf-dem-pfad-der-bluestugend\/#primaryimage"},"thumbnailUrl":"https:\/\/i0.wp.com\/www.jazzzeitung.de\/cms\/wp-content\/uploads\/2024\/02\/erdenebaatar-trio_66.jpg?fit=2362%2C1575&ssl=1","datePublished":"2024-02-23T06:00:34+00:00","description":"Die preisgekr\u00f6nte Musikerin Shuteen Erdenebaatar pr\u00e4sentierte beim Jazzclub im Leeren Beutel ihr Deb\u00fctalbum mit ihrem Quartett","breadcrumb":{"@id":"https:\/\/www.jazzzeitung.de\/cms\/2024\/02\/auf-dem-pfad-der-bluestugend\/#breadcrumb"},"inLanguage":"de","potentialAction":[{"@type":"ReadAction","target":["https:\/\/www.jazzzeitung.de\/cms\/2024\/02\/auf-dem-pfad-der-bluestugend\/"]}]},{"@type":"ImageObject","inLanguage":"de","@id":"https:\/\/www.jazzzeitung.de\/cms\/2024\/02\/auf-dem-pfad-der-bluestugend\/#primaryimage","url":"https:\/\/i0.wp.com\/www.jazzzeitung.de\/cms\/wp-content\/uploads\/2024\/02\/erdenebaatar-trio_66.jpg?fit=2362%2C1575&ssl=1","contentUrl":"https:\/\/i0.wp.com\/www.jazzzeitung.de\/cms\/wp-content\/uploads\/2024\/02\/erdenebaatar-trio_66.jpg?fit=2362%2C1575&ssl=1","width":2362,"height":1575,"caption":"Das Erdenebaatar Quartett"},{"@type":"BreadcrumbList","@id":"https:\/\/www.jazzzeitung.de\/cms\/2024\/02\/auf-dem-pfad-der-bluestugend\/#breadcrumb","itemListElement":[{"@type":"ListItem","position":1,"name":"Startseite","item":"https:\/\/www.jazzzeitung.de\/cms\/"},{"@type":"ListItem","position":2,"name":"Auf dem Pfad der Bluestugend &#8211; Shuteen Erdenebaatar in Regensburg"}]},{"@type":"WebSite","@id":"https:\/\/www.jazzzeitung.de\/cms\/#website","url":"https:\/\/www.jazzzeitung.de\/cms\/","name":"JazzZeitung","description":"Jazz-News und Jazz-Kontroverses","publisher":{"@id":"https:\/\/www.jazzzeitung.de\/cms\/#organization"},"potentialAction":[{"@type":"SearchAction","target":{"@type":"EntryPoint","urlTemplate":"https:\/\/www.jazzzeitung.de\/cms\/?s={search_term_string}"},"query-input":{"@type":"PropertyValueSpecification","valueRequired":true,"valueName":"search_term_string"}}],"inLanguage":"de"},{"@type":"Organization","@id":"https:\/\/www.jazzzeitung.de\/cms\/#organization","name":"JazzZeitung online","url":"https:\/\/www.jazzzeitung.de\/cms\/","logo":{"@type":"ImageObject","inLanguage":"de","@id":"https:\/\/www.jazzzeitung.de\/cms\/#\/schema\/logo\/image\/","url":"https:\/\/i0.wp.com\/www.jazzzeitung.de\/cms\/wp-content\/uploads\/2015\/08\/JAZZZEITUNGDE_Logo_Neu.png?fit=499%2C200&ssl=1","contentUrl":"https:\/\/i0.wp.com\/www.jazzzeitung.de\/cms\/wp-content\/uploads\/2015\/08\/JAZZZEITUNGDE_Logo_Neu.png?fit=499%2C200&ssl=1","width":499,"height":200,"caption":"JazzZeitung online"},"image":{"@id":"https:\/\/www.jazzzeitung.de\/cms\/#\/schema\/logo\/image\/"},"sameAs":["https:\/\/www.facebook.com\/JazzZeitung\/"]},{"@type":"Person","@id":"https:\/\/www.jazzzeitung.de\/cms\/#\/schema\/person\/2245b36b9cd1d24cea10f01c031fb92b","name":"Redaktion JazzZeitung","image":{"@type":"ImageObject","inLanguage":"de","@id":"https:\/\/i0.wp.com\/www.jazzzeitung.de\/cms\/wp-content\/uploads\/2015\/08\/JAZZZEITUNGDE_Logo_Neu.png?resize=96%2C96&ssl=159975dcacb611b5700bd619b5daf0a7a","url":"https:\/\/i0.wp.com\/www.jazzzeitung.de\/cms\/wp-content\/uploads\/2015\/08\/JAZZZEITUNGDE_Logo_Neu.png?resize=96%2C96&ssl=1","contentUrl":"https:\/\/i0.wp.com\/www.jazzzeitung.de\/cms\/wp-content\/uploads\/2015\/08\/JAZZZEITUNGDE_Logo_Neu.png?resize=96%2C96&ssl=1","caption":"Redaktion JazzZeitung"},"description":"Artikel der Redaktion der JazzZeitung.","sameAs":["http:\/\/www.jazzzeitung.de\/cms\/"],"url":"https:\/\/www.jazzzeitung.de\/cms\/author\/redaktion\/"}]}},"wp-worthy-pixel":{"ignored":false,"public":null,"server":null,"url":null},"wp-worthy-type":"normal","jetpack_publicize_connections":[],"cc_featured_image_caption":{"caption_text":"","source_text":"","source_url":""},"jetpack_featured_media_url":"https:\/\/i0.wp.com\/www.jazzzeitung.de\/cms\/wp-content\/uploads\/2024\/02\/erdenebaatar-trio_66.jpg?fit=2362%2C1575&ssl=1","jetpack_shortlink":"https:\/\/wp.me\/p3KEcT-7Ye","jetpack-related-posts":[{"id":29253,"url":"https:\/\/www.jazzzeitung.de\/cms\/2023\/03\/das-shuteen-erdenebaatar-quartett-live-in-puchheim\/","url_meta":{"origin":30642,"position":0},"title":"Das Shuteen Erdenebaatar Quartett live in Puchheim","author":"Thomas J. Krebs","date":"28. M\u00e4rz 2023","format":false,"excerpt":"Vor den Toren M\u00fcnchens, im Puchheimer Kulturcentrum PUC, gastierte die Komponistin und Pianistin Shuteen Erdenebaatar mit ihrem Quartett und stellte ihr aktuelles Programm vor. Mit von der Partie waren Nils Kugelmann am Bass, der Schlagzeuger Valentin Renner und Saxophonist Anton Mangold.\u00a0 Shuteen Erdenebaatar, wurde 1998 in der mongolischen Hauptstadt Ulaanbaatar\u2026","rel":"","context":"In &quot;Bericht&quot;","block_context":{"text":"Bericht","link":"https:\/\/www.jazzzeitung.de\/cms\/thema\/bericht\/"},"img":{"alt_text":"Shuteen Erdenabaatar Quartett in Puchheim . Pianistin Shuteen Erdenebaatar, Saxophonist Anton Mangold, Bassist Nils Kugelmann und Schalgzeuger","src":"https:\/\/i0.wp.com\/www.jazzzeitung.de\/cms\/wp-content\/uploads\/2023\/03\/P2369291-Erdenabaatar-Quartett-Foto-TJ-Krebs.jpg?fit=1200%2C823&ssl=1&resize=350%2C200","width":350,"height":200,"srcset":"https:\/\/i0.wp.com\/www.jazzzeitung.de\/cms\/wp-content\/uploads\/2023\/03\/P2369291-Erdenabaatar-Quartett-Foto-TJ-Krebs.jpg?fit=1200%2C823&ssl=1&resize=350%2C200 1x, https:\/\/i0.wp.com\/www.jazzzeitung.de\/cms\/wp-content\/uploads\/2023\/03\/P2369291-Erdenabaatar-Quartett-Foto-TJ-Krebs.jpg?fit=1200%2C823&ssl=1&resize=525%2C300 1.5x, https:\/\/i0.wp.com\/www.jazzzeitung.de\/cms\/wp-content\/uploads\/2023\/03\/P2369291-Erdenabaatar-Quartett-Foto-TJ-Krebs.jpg?fit=1200%2C823&ssl=1&resize=700%2C400 2x, https:\/\/i0.wp.com\/www.jazzzeitung.de\/cms\/wp-content\/uploads\/2023\/03\/P2369291-Erdenabaatar-Quartett-Foto-TJ-Krebs.jpg?fit=1200%2C823&ssl=1&resize=1050%2C600 3x"},"classes":[]},{"id":30032,"url":"https:\/\/www.jazzzeitung.de\/cms\/2023\/09\/rising-sun-zur-neuen-cd-von-shuteen-erdenebaatar\/","url_meta":{"origin":30642,"position":1},"title":"\u201eRising Sun\u201c &#8211; Shuteen Erdenebaatar mit beeindruckendem Debutalbum","author":"Thomas J. Krebs","date":"15. September 2023","format":false,"excerpt":"Seit gut f\u00fcnf Jahren lebt die aus der Mongolei stammende Pianistin Shuteen Erdenebaatar in M\u00fcnchen und ist in der lokalen wie auch der \u00fcberregionalen Jazzszene fest verwurzelt. Nun legt sie mit \u201eRising Sun\u201c beim renommierten New Yorker Label Mot\u00e9ma Music ihr Debut vor. Ein in vielerlei Hinsicht faszinierendes Album. Unabh\u00e4ngig\u2026","rel":"","context":"In &quot;Rezension&quot;","block_context":{"text":"Rezension","link":"https:\/\/www.jazzzeitung.de\/cms\/thema\/rezension\/"},"img":{"alt_text":"","src":"https:\/\/i0.wp.com\/www.jazzzeitung.de\/cms\/wp-content\/uploads\/2023\/09\/P2369405-Erdenabaatar-Quartett-Foto-TJ-Krebs.jpg?fit=1200%2C800&ssl=1&resize=350%2C200","width":350,"height":200,"srcset":"https:\/\/i0.wp.com\/www.jazzzeitung.de\/cms\/wp-content\/uploads\/2023\/09\/P2369405-Erdenabaatar-Quartett-Foto-TJ-Krebs.jpg?fit=1200%2C800&ssl=1&resize=350%2C200 1x, https:\/\/i0.wp.com\/www.jazzzeitung.de\/cms\/wp-content\/uploads\/2023\/09\/P2369405-Erdenabaatar-Quartett-Foto-TJ-Krebs.jpg?fit=1200%2C800&ssl=1&resize=525%2C300 1.5x, https:\/\/i0.wp.com\/www.jazzzeitung.de\/cms\/wp-content\/uploads\/2023\/09\/P2369405-Erdenabaatar-Quartett-Foto-TJ-Krebs.jpg?fit=1200%2C800&ssl=1&resize=700%2C400 2x, https:\/\/i0.wp.com\/www.jazzzeitung.de\/cms\/wp-content\/uploads\/2023\/09\/P2369405-Erdenabaatar-Quartett-Foto-TJ-Krebs.jpg?fit=1200%2C800&ssl=1&resize=1050%2C600 3x"},"classes":[]},{"id":29589,"url":"https:\/\/www.jazzzeitung.de\/cms\/2023\/06\/news-tag-der-gegenwartsmusik-mit-urauffuehrung-von-shuteen-erdenebaatar-luebecker-jazz-allstars-treten-auf\/","url_meta":{"origin":30642,"position":2},"title":"News: +++ Tag der Gegenwartsmusik mit Urauff\u00fchrung von Shuteen Erdenebaatar +++ L\u00fcbecker Jazz Allstars treten auf +++","author":"Redaktion JazzZeitung","date":"15. Juni 2023","format":false,"excerpt":"+++ Tag der Gegenwartsmusik mit Urauff\u00fchrung von Shuteen Erdenebaatar +++ Am Sonntag, dem 18. Juni 2023, findet in Riedenburg zum ersten Mal der Tag der Gegenwartsmusik statt. Hinter der Veranstaltung steht die Musikinitiative Metax Modern, die seit 2021 mobil in Bayern unterwegs ist und Musik der Gegenwart in verschiedenste Orte\u2026","rel":"","context":"In &quot;News&quot;","block_context":{"text":"News","link":"https:\/\/www.jazzzeitung.de\/cms\/thema\/nachrichten\/"},"img":{"alt_text":"","src":"https:\/\/i0.wp.com\/www.jazzzeitung.de\/cms\/wp-content\/uploads\/2023\/06\/Shuteen-Erdenebaatar-%C2%A9-Ralf-Dombrowski-scaled.jpg?fit=1200%2C800&ssl=1&resize=350%2C200","width":350,"height":200,"srcset":"https:\/\/i0.wp.com\/www.jazzzeitung.de\/cms\/wp-content\/uploads\/2023\/06\/Shuteen-Erdenebaatar-%C2%A9-Ralf-Dombrowski-scaled.jpg?fit=1200%2C800&ssl=1&resize=350%2C200 1x, https:\/\/i0.wp.com\/www.jazzzeitung.de\/cms\/wp-content\/uploads\/2023\/06\/Shuteen-Erdenebaatar-%C2%A9-Ralf-Dombrowski-scaled.jpg?fit=1200%2C800&ssl=1&resize=525%2C300 1.5x, https:\/\/i0.wp.com\/www.jazzzeitung.de\/cms\/wp-content\/uploads\/2023\/06\/Shuteen-Erdenebaatar-%C2%A9-Ralf-Dombrowski-scaled.jpg?fit=1200%2C800&ssl=1&resize=700%2C400 2x, https:\/\/i0.wp.com\/www.jazzzeitung.de\/cms\/wp-content\/uploads\/2023\/06\/Shuteen-Erdenebaatar-%C2%A9-Ralf-Dombrowski-scaled.jpg?fit=1200%2C800&ssl=1&resize=1050%2C600 3x"},"classes":[]},{"id":27882,"url":"https:\/\/www.jazzzeitung.de\/cms\/2022\/07\/bmw-young-artist-jazz-award-2022-geht-an-shuteen-erdenebaatar-nils-kugelmann-und-moritz-stahl\/","url_meta":{"origin":30642,"position":3},"title":"+++ BMW Young Artist Jazz Award 2022 geht an\u00a0Shuteen Erdenebaatar, Nils Kugelmann und Moritz Stahl\u00a0+++","author":"Redaktion JazzZeitung","date":"19. Juli 2022","format":false,"excerpt":"Als Zeichen der anhaltenden Unterst\u00fctzung der jungen Jazzszene\u00a0 verleiht die BMW Group zusammen mit der Landeshauptstadt M\u00fcnchen den BMW Young Artist Jazz Award in diesem Jahr wiederholt an drei junge Musikerinnen und Musiker aus dem Gro\u00dfraum M\u00fcnchen. Neben einem Preisgeld von je 3.000 Euro, werden die drei Preistr\u00e4ger Shuteen Erdenebaatar,\u2026","rel":"","context":"In &quot;News&quot;","block_context":{"text":"News","link":"https:\/\/www.jazzzeitung.de\/cms\/thema\/nachrichten\/"},"img":{"alt_text":"","src":"https:\/\/i0.wp.com\/www.jazzzeitung.de\/cms\/wp-content\/uploads\/2022\/07\/P90472358_highRes_bmw-young-artist-jaz-scaled.jpg?fit=1200%2C675&ssl=1&resize=350%2C200","width":350,"height":200,"srcset":"https:\/\/i0.wp.com\/www.jazzzeitung.de\/cms\/wp-content\/uploads\/2022\/07\/P90472358_highRes_bmw-young-artist-jaz-scaled.jpg?fit=1200%2C675&ssl=1&resize=350%2C200 1x, https:\/\/i0.wp.com\/www.jazzzeitung.de\/cms\/wp-content\/uploads\/2022\/07\/P90472358_highRes_bmw-young-artist-jaz-scaled.jpg?fit=1200%2C675&ssl=1&resize=525%2C300 1.5x, https:\/\/i0.wp.com\/www.jazzzeitung.de\/cms\/wp-content\/uploads\/2022\/07\/P90472358_highRes_bmw-young-artist-jaz-scaled.jpg?fit=1200%2C675&ssl=1&resize=700%2C400 2x, https:\/\/i0.wp.com\/www.jazzzeitung.de\/cms\/wp-content\/uploads\/2022\/07\/P90472358_highRes_bmw-young-artist-jaz-scaled.jpg?fit=1200%2C675&ssl=1&resize=1050%2C600 3x"},"classes":[]},{"id":28841,"url":"https:\/\/www.jazzzeitung.de\/cms\/2023\/01\/shuteen-erdenebaatar-kommt-mit-grosser-besetzung-und-streichquartett-zum-bmw-young-jazz-award-preistraegerkonzert\/","url_meta":{"origin":30642,"position":4},"title":"Shuteen Erdenebaatar kommt mit gro\u00dfer Besetzung und Streichquartett zum BMW Young Jazz Award-Preistr\u00e4gerkonzert","author":"Redaktion JazzZeitung","date":"11. Januar 2023","format":false,"excerpt":"Erst 2018 ist die Pianistin und Komponistin Shuteen Erdenebaatar von Ulaanbaatar\/Mongolei nach M\u00fcnchen an der Isar gezogen und schon f\u00fcnf Jahre sp\u00e4ter kann sie Einiges vorweisen: ein ph\u00e4nomenales eigenes Quartett, ein Duo, und ein 18-k\u00f6pfiges Orchester mit inkludiertem Streichquartett, zwei abgeschlossene M\u00fcnchner Masterstudieng\u00e4nge (Jazzklavier & Jazzkomposition) und ein weiterbildendes Zertifikatsstudium\u2026","rel":"","context":"In &quot;Galerie&quot;","block_context":{"text":"Galerie","link":"https:\/\/www.jazzzeitung.de\/cms\/thema\/galerie\/"},"img":{"alt_text":"","src":"https:\/\/i0.wp.com\/www.jazzzeitung.de\/cms\/wp-content\/uploads\/2023\/01\/P2303150-Erdenebaatar-Chamber-Orch-Foto-TJ-Krebs-e1673276558104.jpg?fit=1074%2C666&ssl=1&resize=350%2C200","width":350,"height":200,"srcset":"https:\/\/i0.wp.com\/www.jazzzeitung.de\/cms\/wp-content\/uploads\/2023\/01\/P2303150-Erdenebaatar-Chamber-Orch-Foto-TJ-Krebs-e1673276558104.jpg?fit=1074%2C666&ssl=1&resize=350%2C200 1x, https:\/\/i0.wp.com\/www.jazzzeitung.de\/cms\/wp-content\/uploads\/2023\/01\/P2303150-Erdenebaatar-Chamber-Orch-Foto-TJ-Krebs-e1673276558104.jpg?fit=1074%2C666&ssl=1&resize=525%2C300 1.5x, https:\/\/i0.wp.com\/www.jazzzeitung.de\/cms\/wp-content\/uploads\/2023\/01\/P2303150-Erdenebaatar-Chamber-Orch-Foto-TJ-Krebs-e1673276558104.jpg?fit=1074%2C666&ssl=1&resize=700%2C400 2x, https:\/\/i0.wp.com\/www.jazzzeitung.de\/cms\/wp-content\/uploads\/2023\/01\/P2303150-Erdenebaatar-Chamber-Orch-Foto-TJ-Krebs-e1673276558104.jpg?fit=1074%2C666&ssl=1&resize=1050%2C600 3x"},"classes":[]},{"id":33093,"url":"https:\/\/www.jazzzeitung.de\/cms\/2025\/09\/under-the-same-stars-das-duo-erdenebaatar-kugelmann\/","url_meta":{"origin":30642,"position":5},"title":"\u201eUnder The Same Stars\u201c &#8211; das Duo Erdenebaatar &#038; Kugelmann","author":"Thomas J. Krebs","date":"16. September 2025","format":false,"excerpt":"Kaum zu glauben, dass die Ver\u00f6ffentlichung von Shuteen Erdenebaatars Quartett Debut auf dem Label Motema fast auf den Tag genau 2 Jahre her ist. Nun erscheint dort mit \u201eUnder The Same Stars\u201c ihr zweites Album, diesmal im Duo mit Nils Kugelmann. Erdenebaatars musikalischer Weg ist bisher einzigartig. Nach Beginn ihres\u2026","rel":"","context":"In &quot;Rezension&quot;","block_context":{"text":"Rezension","link":"https:\/\/www.jazzzeitung.de\/cms\/thema\/rezension\/"},"img":{"alt_text":"","src":"https:\/\/i0.wp.com\/www.jazzzeitung.de\/cms\/wp-content\/uploads\/2025\/09\/P1801620-Erdenebaatar-Kugelmann-Foto-TJ-Krebs.jpg?fit=1200%2C799&ssl=1&resize=350%2C200","width":350,"height":200,"srcset":"https:\/\/i0.wp.com\/www.jazzzeitung.de\/cms\/wp-content\/uploads\/2025\/09\/P1801620-Erdenebaatar-Kugelmann-Foto-TJ-Krebs.jpg?fit=1200%2C799&ssl=1&resize=350%2C200 1x, https:\/\/i0.wp.com\/www.jazzzeitung.de\/cms\/wp-content\/uploads\/2025\/09\/P1801620-Erdenebaatar-Kugelmann-Foto-TJ-Krebs.jpg?fit=1200%2C799&ssl=1&resize=525%2C300 1.5x, https:\/\/i0.wp.com\/www.jazzzeitung.de\/cms\/wp-content\/uploads\/2025\/09\/P1801620-Erdenebaatar-Kugelmann-Foto-TJ-Krebs.jpg?fit=1200%2C799&ssl=1&resize=700%2C400 2x, https:\/\/i0.wp.com\/www.jazzzeitung.de\/cms\/wp-content\/uploads\/2025\/09\/P1801620-Erdenebaatar-Kugelmann-Foto-TJ-Krebs.jpg?fit=1200%2C799&ssl=1&resize=1050%2C600 3x"},"classes":[]}],"jetpack_sharing_enabled":true,"_links":{"self":[{"href":"https:\/\/www.jazzzeitung.de\/cms\/wp-json\/wp\/v2\/posts\/30642","targetHints":{"allow":["GET"]}}],"collection":[{"href":"https:\/\/www.jazzzeitung.de\/cms\/wp-json\/wp\/v2\/posts"}],"about":[{"href":"https:\/\/www.jazzzeitung.de\/cms\/wp-json\/wp\/v2\/types\/post"}],"author":[{"embeddable":true,"href":"https:\/\/www.jazzzeitung.de\/cms\/wp-json\/wp\/v2\/users\/18"}],"replies":[{"embeddable":true,"href":"https:\/\/www.jazzzeitung.de\/cms\/wp-json\/wp\/v2\/comments?post=30642"}],"version-history":[{"count":6,"href":"https:\/\/www.jazzzeitung.de\/cms\/wp-json\/wp\/v2\/posts\/30642\/revisions"}],"predecessor-version":[{"id":30672,"href":"https:\/\/www.jazzzeitung.de\/cms\/wp-json\/wp\/v2\/posts\/30642\/revisions\/30672"}],"wp:featuredmedia":[{"embeddable":true,"href":"https:\/\/www.jazzzeitung.de\/cms\/wp-json\/wp\/v2\/media\/30645"}],"wp:attachment":[{"href":"https:\/\/www.jazzzeitung.de\/cms\/wp-json\/wp\/v2\/media?parent=30642"}],"wp:term":[{"taxonomy":"category","embeddable":true,"href":"https:\/\/www.jazzzeitung.de\/cms\/wp-json\/wp\/v2\/categories?post=30642"},{"taxonomy":"post_tag","embeddable":true,"href":"https:\/\/www.jazzzeitung.de\/cms\/wp-json\/wp\/v2\/tags?post=30642"},{"taxonomy":"author","embeddable":true,"href":"https:\/\/www.jazzzeitung.de\/cms\/wp-json\/wp\/v2\/coauthors?post=30642"}],"curies":[{"name":"wp","href":"https:\/\/api.w.org\/{rel}","templated":true}]}}