{"id":30593,"date":"2024-02-16T07:00:03","date_gmt":"2024-02-16T06:00:03","guid":{"rendered":"https:\/\/www.jazzzeitung.de\/cms\/?p=30593"},"modified":"2024-02-15T10:10:44","modified_gmt":"2024-02-15T09:10:44","slug":"aufbruch-in-den-jazz","status":"publish","type":"post","link":"https:\/\/www.jazzzeitung.de\/cms\/2024\/02\/aufbruch-in-den-jazz\/","title":{"rendered":"Aufbruch in den Jazz: Eindr\u00fccke vom 1. Internationalen Jazz Festival im saudi-arabischen Riad"},"content":{"rendered":"<h3>Der Jazz wird Teil der saudischen Kulturpolitik<\/h3>\n<p>Im \u201eAlten Europa&#8220;, wie es ein gewisser US-Pr\u00e4sident einmal formulierte, tut man sich mit Ver\u00e4nderungen immer schwerer. Wenn hierzulande in einem jahrelangen Prozess das Heizen umgestellt werden soll, gibt es nahezu einen Volksaufstand; der Bau von Flugh\u00e4fen oder Schnellbahnlinien dauert Jahrzehnte; die Briten traten gar wohl auch deshalb aus der Europ\u00e4ischen Union aus, weil sich zu viele nach dem alten Empire zur\u00fccksehnten. Dar\u00fcber kann man im Mittleren Osten nur lachen. Die Arabischen Emirate, Katar und Bahrain machten mit ihren in k\u00fcrzester Zeit errichteten Wolkenkratzerst\u00e4dten vor, wie man \u00d6l- und Gas-Reichtum umwandelt. Der 42-Millionen-Staat Saudi-Arabien unter Mohammed bin Salman aber ist aktuell der neue Taktgeber. Bei uns wird davon bislang vor allem das saudische Engagement im Weltsport bemerkt, weniger die<\/p>\n<div class=\"tiled-gallery type-rectangular tiled-gallery-unresized\" data-original-width=\"840\" data-carousel-extra='{&quot;blog_id&quot;:1,&quot;permalink&quot;:&quot;https:\\\/\\\/www.jazzzeitung.de\\\/cms\\\/2024\\\/02\\\/aufbruch-in-den-jazz\\\/&quot;,&quot;likes_blog_id&quot;:55446655}' itemscope itemtype=\"http:\/\/schema.org\/ImageGallery\" > <div class=\"gallery-row\" style=\"width: 840px; height: 376px;\" data-original-width=\"840\" data-original-height=\"376\" > <div class=\"gallery-group images-1\" style=\"width: 561px; height: 376px;\" data-original-width=\"561\" data-original-height=\"376\" > <div class=\"tiled-gallery-item tiled-gallery-item-large\" itemprop=\"associatedMedia\" itemscope itemtype=\"http:\/\/schema.org\/ImageObject\"> <a href=\"https:\/\/www.jazzzeitung.de\/cms\/2024\/02\/aufbruch-in-den-jazz\/rjf_haituskaiyote1_oliverhochkeppel080224\/\" border=\"0\" itemprop=\"url\"> <meta itemprop=\"width\" content=\"557\"> <meta itemprop=\"height\" content=\"372\"> <img decoding=\"async\" class=\"\" data-attachment-id=\"30597\" data-orig-file=\"https:\/\/www.jazzzeitung.de\/cms\/wp-content\/uploads\/2024\/02\/RJF_HaitusKaiyote1_OliverHochkeppel080224-scaled.jpg\" data-orig-size=\"2560,1707\" data-comments-opened=\"1\" data-image-meta=\"{&quot;aperture&quot;:&quot;0&quot;,&quot;credit&quot;:&quot;&quot;,&quot;camera&quot;:&quot;ILCE-7M3&quot;,&quot;caption&quot;:&quot;&quot;,&quot;created_timestamp&quot;:&quot;1707512690&quot;,&quot;copyright&quot;:&quot;&quot;,&quot;focal_length&quot;:&quot;0&quot;,&quot;iso&quot;:&quot;3200&quot;,&quot;shutter_speed&quot;:&quot;0&quot;,&quot;title&quot;:&quot;&quot;,&quot;orientation&quot;:&quot;0&quot;}\" data-image-title=\"RJF_HaitusKaiyote1_OliverHochkeppel080224\" data-image-description=\"\" data-medium-file=\"https:\/\/i0.wp.com\/www.jazzzeitung.de\/cms\/wp-content\/uploads\/2024\/02\/RJF_HaitusKaiyote1_OliverHochkeppel080224-scaled.jpg?fit=300%2C200&#038;ssl=1\" data-large-file=\"https:\/\/i0.wp.com\/www.jazzzeitung.de\/cms\/wp-content\/uploads\/2024\/02\/RJF_HaitusKaiyote1_OliverHochkeppel080224-scaled.jpg?fit=840%2C560&#038;ssl=1\" src=\"https:\/\/i0.wp.com\/www.jazzzeitung.de\/cms\/wp-content\/uploads\/2024\/02\/RJF_HaitusKaiyote1_OliverHochkeppel080224-scaled.jpg?w=557&#038;h=372&#038;ssl=1\" srcset=\"https:\/\/i0.wp.com\/www.jazzzeitung.de\/cms\/wp-content\/uploads\/2024\/02\/RJF_HaitusKaiyote1_OliverHochkeppel080224-scaled.jpg?w=2560&amp;ssl=1 2560w, https:\/\/i0.wp.com\/www.jazzzeitung.de\/cms\/wp-content\/uploads\/2024\/02\/RJF_HaitusKaiyote1_OliverHochkeppel080224-scaled.jpg?resize=300%2C200&amp;ssl=1 300w, https:\/\/i0.wp.com\/www.jazzzeitung.de\/cms\/wp-content\/uploads\/2024\/02\/RJF_HaitusKaiyote1_OliverHochkeppel080224-scaled.jpg?resize=900%2C600&amp;ssl=1 900w, https:\/\/i0.wp.com\/www.jazzzeitung.de\/cms\/wp-content\/uploads\/2024\/02\/RJF_HaitusKaiyote1_OliverHochkeppel080224-scaled.jpg?resize=768%2C512&amp;ssl=1 768w, https:\/\/i0.wp.com\/www.jazzzeitung.de\/cms\/wp-content\/uploads\/2024\/02\/RJF_HaitusKaiyote1_OliverHochkeppel080224-scaled.jpg?resize=1536%2C1024&amp;ssl=1 1536w, https:\/\/i0.wp.com\/www.jazzzeitung.de\/cms\/wp-content\/uploads\/2024\/02\/RJF_HaitusKaiyote1_OliverHochkeppel080224-scaled.jpg?resize=2048%2C1365&amp;ssl=1 2048w, https:\/\/i0.wp.com\/www.jazzzeitung.de\/cms\/wp-content\/uploads\/2024\/02\/RJF_HaitusKaiyote1_OliverHochkeppel080224-scaled.jpg?resize=120%2C80&amp;ssl=1 120w, https:\/\/i0.wp.com\/www.jazzzeitung.de\/cms\/wp-content\/uploads\/2024\/02\/RJF_HaitusKaiyote1_OliverHochkeppel080224-scaled.jpg?resize=1320%2C880&amp;ssl=1 1320w, https:\/\/i0.wp.com\/www.jazzzeitung.de\/cms\/wp-content\/uploads\/2024\/02\/RJF_HaitusKaiyote1_OliverHochkeppel080224-scaled.jpg?w=1680&amp;ssl=1 1680w\" width=\"557\" height=\"372\" loading=\"lazy\" data-original-width=\"557\" data-original-height=\"372\" itemprop=\"http:\/\/schema.org\/image\" title=\"RJF_HaitusKaiyote1_OliverHochkeppel080224\" alt=\"Haitus Kaiyote. Foto: Oliver Hochkeppel\" style=\"width: 557px; height: 372px;\" \/> <\/a> <div class=\"tiled-gallery-caption\" itemprop=\"caption description\"> Haitus Kaiyote. Foto: Oliver Hochkeppel <\/div> <\/div> <\/div> <!-- close group --> <div class=\"gallery-group images-2\" style=\"width: 279px; height: 376px;\" data-original-width=\"279\" data-original-height=\"376\" > <div class=\"tiled-gallery-item tiled-gallery-item-large\" itemprop=\"associatedMedia\" itemscope itemtype=\"http:\/\/schema.org\/ImageObject\"> <a href=\"https:\/\/www.jazzzeitung.de\/cms\/2024\/02\/aufbruch-in-den-jazz\/rjf_kokoroko1_oliverhochkeppel080224\/\" border=\"0\" itemprop=\"url\"> <meta itemprop=\"width\" content=\"275\"> <meta itemprop=\"height\" content=\"184\"> <img decoding=\"async\" class=\"\" data-attachment-id=\"30598\" data-orig-file=\"https:\/\/www.jazzzeitung.de\/cms\/wp-content\/uploads\/2024\/02\/RJF_Kokoroko1_OliverHochkeppel080224-scaled.jpg\" data-orig-size=\"2560,1711\" data-comments-opened=\"1\" data-image-meta=\"{&quot;aperture&quot;:&quot;0&quot;,&quot;credit&quot;:&quot;&quot;,&quot;camera&quot;:&quot;ILCE-7M3&quot;,&quot;caption&quot;:&quot;&quot;,&quot;created_timestamp&quot;:&quot;1707425424&quot;,&quot;copyright&quot;:&quot;&quot;,&quot;focal_length&quot;:&quot;0&quot;,&quot;iso&quot;:&quot;3200&quot;,&quot;shutter_speed&quot;:&quot;0&quot;,&quot;title&quot;:&quot;&quot;,&quot;orientation&quot;:&quot;0&quot;}\" data-image-title=\"RJF_Kokoroko1_OliverHochkeppel080224\" data-image-description=\"\" data-medium-file=\"https:\/\/i0.wp.com\/www.jazzzeitung.de\/cms\/wp-content\/uploads\/2024\/02\/RJF_Kokoroko1_OliverHochkeppel080224-scaled.jpg?fit=300%2C201&#038;ssl=1\" data-large-file=\"https:\/\/i0.wp.com\/www.jazzzeitung.de\/cms\/wp-content\/uploads\/2024\/02\/RJF_Kokoroko1_OliverHochkeppel080224-scaled.jpg?fit=840%2C561&#038;ssl=1\" src=\"https:\/\/i0.wp.com\/www.jazzzeitung.de\/cms\/wp-content\/uploads\/2024\/02\/RJF_Kokoroko1_OliverHochkeppel080224-scaled.jpg?w=275&#038;h=184&#038;ssl=1\" srcset=\"https:\/\/i0.wp.com\/www.jazzzeitung.de\/cms\/wp-content\/uploads\/2024\/02\/RJF_Kokoroko1_OliverHochkeppel080224-scaled.jpg?w=2560&amp;ssl=1 2560w, https:\/\/i0.wp.com\/www.jazzzeitung.de\/cms\/wp-content\/uploads\/2024\/02\/RJF_Kokoroko1_OliverHochkeppel080224-scaled.jpg?resize=300%2C201&amp;ssl=1 300w, https:\/\/i0.wp.com\/www.jazzzeitung.de\/cms\/wp-content\/uploads\/2024\/02\/RJF_Kokoroko1_OliverHochkeppel080224-scaled.jpg?resize=898%2C600&amp;ssl=1 898w, https:\/\/i0.wp.com\/www.jazzzeitung.de\/cms\/wp-content\/uploads\/2024\/02\/RJF_Kokoroko1_OliverHochkeppel080224-scaled.jpg?resize=768%2C513&amp;ssl=1 768w, https:\/\/i0.wp.com\/www.jazzzeitung.de\/cms\/wp-content\/uploads\/2024\/02\/RJF_Kokoroko1_OliverHochkeppel080224-scaled.jpg?resize=1536%2C1027&amp;ssl=1 1536w, https:\/\/i0.wp.com\/www.jazzzeitung.de\/cms\/wp-content\/uploads\/2024\/02\/RJF_Kokoroko1_OliverHochkeppel080224-scaled.jpg?resize=2048%2C1369&amp;ssl=1 2048w, https:\/\/i0.wp.com\/www.jazzzeitung.de\/cms\/wp-content\/uploads\/2024\/02\/RJF_Kokoroko1_OliverHochkeppel080224-scaled.jpg?resize=120%2C80&amp;ssl=1 120w, https:\/\/i0.wp.com\/www.jazzzeitung.de\/cms\/wp-content\/uploads\/2024\/02\/RJF_Kokoroko1_OliverHochkeppel080224-scaled.jpg?resize=1320%2C882&amp;ssl=1 1320w, https:\/\/i0.wp.com\/www.jazzzeitung.de\/cms\/wp-content\/uploads\/2024\/02\/RJF_Kokoroko1_OliverHochkeppel080224-scaled.jpg?w=1680&amp;ssl=1 1680w\" width=\"275\" height=\"184\" loading=\"lazy\" data-original-width=\"275\" data-original-height=\"184\" itemprop=\"http:\/\/schema.org\/image\" title=\"RJF_Kokoroko1_OliverHochkeppel080224\" alt=\"Kokoroko. Foto: Oliver Hochkeppel\" style=\"width: 275px; height: 184px;\" \/> <\/a> <div class=\"tiled-gallery-caption\" itemprop=\"caption description\"> Kokoroko. Foto: Oliver Hochkeppel <\/div> <\/div> <div class=\"tiled-gallery-item tiled-gallery-item-large\" itemprop=\"associatedMedia\" itemscope itemtype=\"http:\/\/schema.org\/ImageObject\"> <a href=\"https:\/\/www.jazzzeitung.de\/cms\/2024\/02\/aufbruch-in-den-jazz\/rjf_majadeentheatreoutside1_oliverhochkeppel080224\/\" border=\"0\" itemprop=\"url\"> <meta itemprop=\"width\" content=\"275\"> <meta itemprop=\"height\" content=\"184\"> <img decoding=\"async\" class=\"\" data-attachment-id=\"30599\" data-orig-file=\"https:\/\/www.jazzzeitung.de\/cms\/wp-content\/uploads\/2024\/02\/RJF_MajadeenTheatreOutside1_OliverHochkeppel080224-scaled.jpg\" data-orig-size=\"2560,1712\" data-comments-opened=\"1\" data-image-meta=\"{&quot;aperture&quot;:&quot;0&quot;,&quot;credit&quot;:&quot;&quot;,&quot;camera&quot;:&quot;ILCE-7M3&quot;,&quot;caption&quot;:&quot;&quot;,&quot;created_timestamp&quot;:&quot;1707515247&quot;,&quot;copyright&quot;:&quot;&quot;,&quot;focal_length&quot;:&quot;0&quot;,&quot;iso&quot;:&quot;3200&quot;,&quot;shutter_speed&quot;:&quot;0&quot;,&quot;title&quot;:&quot;&quot;,&quot;orientation&quot;:&quot;0&quot;}\" data-image-title=\"RJF_MajadeenTheatreOutside1_OliverHochkeppel080224\" data-image-description=\"\" data-medium-file=\"https:\/\/i0.wp.com\/www.jazzzeitung.de\/cms\/wp-content\/uploads\/2024\/02\/RJF_MajadeenTheatreOutside1_OliverHochkeppel080224-scaled.jpg?fit=300%2C201&#038;ssl=1\" data-large-file=\"https:\/\/i0.wp.com\/www.jazzzeitung.de\/cms\/wp-content\/uploads\/2024\/02\/RJF_MajadeenTheatreOutside1_OliverHochkeppel080224-scaled.jpg?fit=840%2C562&#038;ssl=1\" src=\"https:\/\/i0.wp.com\/www.jazzzeitung.de\/cms\/wp-content\/uploads\/2024\/02\/RJF_MajadeenTheatreOutside1_OliverHochkeppel080224-scaled.jpg?w=275&#038;h=184&#038;ssl=1\" srcset=\"https:\/\/i0.wp.com\/www.jazzzeitung.de\/cms\/wp-content\/uploads\/2024\/02\/RJF_MajadeenTheatreOutside1_OliverHochkeppel080224-scaled.jpg?w=2560&amp;ssl=1 2560w, https:\/\/i0.wp.com\/www.jazzzeitung.de\/cms\/wp-content\/uploads\/2024\/02\/RJF_MajadeenTheatreOutside1_OliverHochkeppel080224-scaled.jpg?resize=300%2C201&amp;ssl=1 300w, https:\/\/i0.wp.com\/www.jazzzeitung.de\/cms\/wp-content\/uploads\/2024\/02\/RJF_MajadeenTheatreOutside1_OliverHochkeppel080224-scaled.jpg?resize=897%2C600&amp;ssl=1 897w, https:\/\/i0.wp.com\/www.jazzzeitung.de\/cms\/wp-content\/uploads\/2024\/02\/RJF_MajadeenTheatreOutside1_OliverHochkeppel080224-scaled.jpg?resize=768%2C514&amp;ssl=1 768w, https:\/\/i0.wp.com\/www.jazzzeitung.de\/cms\/wp-content\/uploads\/2024\/02\/RJF_MajadeenTheatreOutside1_OliverHochkeppel080224-scaled.jpg?resize=1536%2C1027&amp;ssl=1 1536w, https:\/\/i0.wp.com\/www.jazzzeitung.de\/cms\/wp-content\/uploads\/2024\/02\/RJF_MajadeenTheatreOutside1_OliverHochkeppel080224-scaled.jpg?resize=2048%2C1370&amp;ssl=1 2048w, https:\/\/i0.wp.com\/www.jazzzeitung.de\/cms\/wp-content\/uploads\/2024\/02\/RJF_MajadeenTheatreOutside1_OliverHochkeppel080224-scaled.jpg?resize=120%2C80&amp;ssl=1 120w, https:\/\/i0.wp.com\/www.jazzzeitung.de\/cms\/wp-content\/uploads\/2024\/02\/RJF_MajadeenTheatreOutside1_OliverHochkeppel080224-scaled.jpg?resize=1320%2C883&amp;ssl=1 1320w, https:\/\/i0.wp.com\/www.jazzzeitung.de\/cms\/wp-content\/uploads\/2024\/02\/RJF_MajadeenTheatreOutside1_OliverHochkeppel080224-scaled.jpg?w=1680&amp;ssl=1 1680w\" width=\"275\" height=\"184\" loading=\"lazy\" data-original-width=\"275\" data-original-height=\"184\" itemprop=\"http:\/\/schema.org\/image\" title=\"RJF_MajadeenTheatreOutside1_OliverHochkeppel080224\" alt=\"Das Au\u00dfengel\u00e4nde. Foto:Oliver Hochkeppel\" style=\"width: 275px; height: 184px;\" \/> <\/a> <div class=\"tiled-gallery-caption\" itemprop=\"caption description\"> Das Au\u00dfengel\u00e4nde. Foto:Oliver Hochkeppel <\/div> <\/div> <\/div> <!-- close group --> <\/div> <!-- close row --> <div class=\"gallery-row\" style=\"width: 840px; height: 560px;\" data-original-width=\"840\" data-original-height=\"560\" > <div class=\"gallery-group images-1\" style=\"width: 840px; height: 560px;\" data-original-width=\"840\" data-original-height=\"560\" > <div class=\"tiled-gallery-item tiled-gallery-item-large\" itemprop=\"associatedMedia\" itemscope itemtype=\"http:\/\/schema.org\/ImageObject\"> <a href=\"https:\/\/www.jazzzeitung.de\/cms\/2024\/02\/aufbruch-in-den-jazz\/rjf_majaz3_oliverhochkeppel080224\/\" border=\"0\" itemprop=\"url\"> <meta itemprop=\"width\" content=\"836\"> <meta itemprop=\"height\" content=\"556\"> <img decoding=\"async\" class=\"\" data-attachment-id=\"30600\" data-orig-file=\"https:\/\/www.jazzzeitung.de\/cms\/wp-content\/uploads\/2024\/02\/RJF_Majaz3_OliverHochkeppel080224-scaled.jpg\" data-orig-size=\"2560,1702\" data-comments-opened=\"1\" data-image-meta=\"{&quot;aperture&quot;:&quot;0&quot;,&quot;credit&quot;:&quot;&quot;,&quot;camera&quot;:&quot;ILCE-7M3&quot;,&quot;caption&quot;:&quot;&quot;,&quot;created_timestamp&quot;:&quot;1707421098&quot;,&quot;copyright&quot;:&quot;&quot;,&quot;focal_length&quot;:&quot;0&quot;,&quot;iso&quot;:&quot;3200&quot;,&quot;shutter_speed&quot;:&quot;0&quot;,&quot;title&quot;:&quot;&quot;,&quot;orientation&quot;:&quot;0&quot;}\" data-image-title=\"RJF_Majaz3_OliverHochkeppel080224\" data-image-description=\"\" data-medium-file=\"https:\/\/i0.wp.com\/www.jazzzeitung.de\/cms\/wp-content\/uploads\/2024\/02\/RJF_Majaz3_OliverHochkeppel080224-scaled.jpg?fit=300%2C199&#038;ssl=1\" data-large-file=\"https:\/\/i0.wp.com\/www.jazzzeitung.de\/cms\/wp-content\/uploads\/2024\/02\/RJF_Majaz3_OliverHochkeppel080224-scaled.jpg?fit=840%2C558&#038;ssl=1\" src=\"https:\/\/i0.wp.com\/www.jazzzeitung.de\/cms\/wp-content\/uploads\/2024\/02\/RJF_Majaz3_OliverHochkeppel080224-scaled.jpg?w=836&#038;h=556&#038;ssl=1\" srcset=\"https:\/\/i0.wp.com\/www.jazzzeitung.de\/cms\/wp-content\/uploads\/2024\/02\/RJF_Majaz3_OliverHochkeppel080224-scaled.jpg?w=2560&amp;ssl=1 2560w, https:\/\/i0.wp.com\/www.jazzzeitung.de\/cms\/wp-content\/uploads\/2024\/02\/RJF_Majaz3_OliverHochkeppel080224-scaled.jpg?resize=300%2C199&amp;ssl=1 300w, https:\/\/i0.wp.com\/www.jazzzeitung.de\/cms\/wp-content\/uploads\/2024\/02\/RJF_Majaz3_OliverHochkeppel080224-scaled.jpg?resize=900%2C598&amp;ssl=1 900w, https:\/\/i0.wp.com\/www.jazzzeitung.de\/cms\/wp-content\/uploads\/2024\/02\/RJF_Majaz3_OliverHochkeppel080224-scaled.jpg?resize=768%2C511&amp;ssl=1 768w, https:\/\/i0.wp.com\/www.jazzzeitung.de\/cms\/wp-content\/uploads\/2024\/02\/RJF_Majaz3_OliverHochkeppel080224-scaled.jpg?resize=1536%2C1021&amp;ssl=1 1536w, https:\/\/i0.wp.com\/www.jazzzeitung.de\/cms\/wp-content\/uploads\/2024\/02\/RJF_Majaz3_OliverHochkeppel080224-scaled.jpg?resize=2048%2C1361&amp;ssl=1 2048w, https:\/\/i0.wp.com\/www.jazzzeitung.de\/cms\/wp-content\/uploads\/2024\/02\/RJF_Majaz3_OliverHochkeppel080224-scaled.jpg?resize=120%2C80&amp;ssl=1 120w, https:\/\/i0.wp.com\/www.jazzzeitung.de\/cms\/wp-content\/uploads\/2024\/02\/RJF_Majaz3_OliverHochkeppel080224-scaled.jpg?resize=1320%2C877&amp;ssl=1 1320w, https:\/\/i0.wp.com\/www.jazzzeitung.de\/cms\/wp-content\/uploads\/2024\/02\/RJF_Majaz3_OliverHochkeppel080224-scaled.jpg?w=1680&amp;ssl=1 1680w\" width=\"836\" height=\"556\" loading=\"lazy\" data-original-width=\"836\" data-original-height=\"556\" itemprop=\"http:\/\/schema.org\/image\" title=\"RJF_Majaz3_OliverHochkeppel080224\" alt=\"Majaz. Foto: Oliver Hochkeppel\" style=\"width: 836px; height: 556px;\" \/> <\/a> <div class=\"tiled-gallery-caption\" itemprop=\"caption description\"> Majaz. Foto: Oliver Hochkeppel <\/div> <\/div> <\/div> <!-- close group --> <\/div> <!-- close row --> <\/div>\n<p>milliardenschwere Offensive auch bei Bildung und Kultur.<\/p>\n<p>Ein weiterer kleiner Baustein dabei ist das soeben zu Ende gegangene dreit\u00e4gige \u201e1. International Jazz Festival Riad&#8220; \u2013 in einem Land, in dem bis vor sieben Jahren \u00f6ffentliche Konzerte noch verboten waren. Als Riadnovize staunt man schon auf der Fahrt ins Mayadeen Theatre, dem Festival-Spielort im nordwestlich gelegenen Stadtteil Diriya, um dessen zum Weltkulturerbe ernannten Ruinen herum gerade ein touristisches Zentrum der Sonderklasse entsteht. In der Viermillionenstadt wird an jeder Ecke gebaut, \u00fcberall f\u00e4hrt man an brandneuen Hochh\u00e4usern, Malls und Universit\u00e4ten vorbei. Ist man im f\u00fcr gut 2000 Besucher sehr gro\u00dfz\u00fcgig bestuhlten Festivalsaal angelangt, werden die Augen nicht kleiner. Selten wird man bei einem europ\u00e4ischen Festival eine \u00e4hnlich gro\u00dfe, \u00e4hnlich aufwendig und doch funktional best\u00fcckte B\u00fchne finden, alleine die vier hochbrillanten Gro\u00dfbildschirme an den Seiten sieht man bei uns nur bei Pop-Festivals.<\/p>\n<p>Verantwortlich f\u00fcr das Ganze zeichnet der Brite Paul Pacifico, von 2016 bis 2022 Pr\u00e4sident der Association of Independent Music (AIM) in London, seit eineinhalb Jahren nun der CEO der \u201eSaudi Music Commission&#8220;, einer von elf frisch gegr\u00fcndeten Sektionen des Kulturministeriums f\u00fcr alle Kultursparten. Ausgestattet mit einem sicher nicht unterdimensionierten Budget klopfte er ein eindrucksvolles \u201eEinstiegsprogramm&#8220; in den Jazz zusammen. Mit den renommierten britischen und australischen Bands <em>Kokoroko<\/em>, <em>The Cat Empire<\/em> und <em>Haitus Kaiyote <\/em>und mit YolanDa Brown, Masego und Chaka Khan als Headliner. Aber auch mit jeweils einer arabischen Band als erstem Act der drei Abende.<\/p>\n<div class=\"tiled-gallery type-rectangular tiled-gallery-unresized\" data-original-width=\"840\" data-carousel-extra='{&quot;blog_id&quot;:1,&quot;permalink&quot;:&quot;https:\\\/\\\/www.jazzzeitung.de\\\/cms\\\/2024\\\/02\\\/aufbruch-in-den-jazz\\\/&quot;,&quot;likes_blog_id&quot;:55446655}' itemscope itemtype=\"http:\/\/schema.org\/ImageGallery\" > <div class=\"gallery-row\" style=\"width: 840px; height: 382px;\" data-original-width=\"840\" data-original-height=\"382\" > <div class=\"gallery-group images-1\" style=\"width: 571px; height: 382px;\" data-original-width=\"571\" data-original-height=\"382\" > <div class=\"tiled-gallery-item tiled-gallery-item-large\" itemprop=\"associatedMedia\" itemscope itemtype=\"http:\/\/schema.org\/ImageObject\"> <a href=\"https:\/\/www.jazzzeitung.de\/cms\/2024\/02\/aufbruch-in-den-jazz\/rjfcatempire2_oliverhochkeppel080224\/\" border=\"0\" itemprop=\"url\"> <meta itemprop=\"width\" content=\"567\"> <meta itemprop=\"height\" content=\"378\"> <img decoding=\"async\" class=\"\" data-attachment-id=\"30604\" data-orig-file=\"https:\/\/www.jazzzeitung.de\/cms\/wp-content\/uploads\/2024\/02\/RJFCatEmpire2_OliverHochkeppel080224-scaled.jpg\" data-orig-size=\"2560,1707\" data-comments-opened=\"1\" data-image-meta=\"{&quot;aperture&quot;:&quot;0&quot;,&quot;credit&quot;:&quot;&quot;,&quot;camera&quot;:&quot;ILCE-7M3&quot;,&quot;caption&quot;:&quot;&quot;,&quot;created_timestamp&quot;:&quot;1707344217&quot;,&quot;copyright&quot;:&quot;&quot;,&quot;focal_length&quot;:&quot;0&quot;,&quot;iso&quot;:&quot;3200&quot;,&quot;shutter_speed&quot;:&quot;0&quot;,&quot;title&quot;:&quot;&quot;,&quot;orientation&quot;:&quot;0&quot;}\" data-image-title=\"RJFCatEmpire2_OliverHochkeppel080224\" data-image-description=\"\" data-medium-file=\"https:\/\/i0.wp.com\/www.jazzzeitung.de\/cms\/wp-content\/uploads\/2024\/02\/RJFCatEmpire2_OliverHochkeppel080224-scaled.jpg?fit=300%2C200&#038;ssl=1\" data-large-file=\"https:\/\/i0.wp.com\/www.jazzzeitung.de\/cms\/wp-content\/uploads\/2024\/02\/RJFCatEmpire2_OliverHochkeppel080224-scaled.jpg?fit=840%2C560&#038;ssl=1\" src=\"https:\/\/i0.wp.com\/www.jazzzeitung.de\/cms\/wp-content\/uploads\/2024\/02\/RJFCatEmpire2_OliverHochkeppel080224-scaled.jpg?w=567&#038;h=378&#038;ssl=1\" srcset=\"https:\/\/i0.wp.com\/www.jazzzeitung.de\/cms\/wp-content\/uploads\/2024\/02\/RJFCatEmpire2_OliverHochkeppel080224-scaled.jpg?w=2560&amp;ssl=1 2560w, https:\/\/i0.wp.com\/www.jazzzeitung.de\/cms\/wp-content\/uploads\/2024\/02\/RJFCatEmpire2_OliverHochkeppel080224-scaled.jpg?resize=300%2C200&amp;ssl=1 300w, https:\/\/i0.wp.com\/www.jazzzeitung.de\/cms\/wp-content\/uploads\/2024\/02\/RJFCatEmpire2_OliverHochkeppel080224-scaled.jpg?resize=900%2C600&amp;ssl=1 900w, https:\/\/i0.wp.com\/www.jazzzeitung.de\/cms\/wp-content\/uploads\/2024\/02\/RJFCatEmpire2_OliverHochkeppel080224-scaled.jpg?resize=768%2C512&amp;ssl=1 768w, https:\/\/i0.wp.com\/www.jazzzeitung.de\/cms\/wp-content\/uploads\/2024\/02\/RJFCatEmpire2_OliverHochkeppel080224-scaled.jpg?resize=1536%2C1024&amp;ssl=1 1536w, https:\/\/i0.wp.com\/www.jazzzeitung.de\/cms\/wp-content\/uploads\/2024\/02\/RJFCatEmpire2_OliverHochkeppel080224-scaled.jpg?resize=2048%2C1365&amp;ssl=1 2048w, https:\/\/i0.wp.com\/www.jazzzeitung.de\/cms\/wp-content\/uploads\/2024\/02\/RJFCatEmpire2_OliverHochkeppel080224-scaled.jpg?resize=120%2C80&amp;ssl=1 120w, https:\/\/i0.wp.com\/www.jazzzeitung.de\/cms\/wp-content\/uploads\/2024\/02\/RJFCatEmpire2_OliverHochkeppel080224-scaled.jpg?resize=1320%2C880&amp;ssl=1 1320w, https:\/\/i0.wp.com\/www.jazzzeitung.de\/cms\/wp-content\/uploads\/2024\/02\/RJFCatEmpire2_OliverHochkeppel080224-scaled.jpg?w=1680&amp;ssl=1 1680w\" width=\"567\" height=\"378\" loading=\"lazy\" data-original-width=\"567\" data-original-height=\"378\" itemprop=\"http:\/\/schema.org\/image\" title=\"RJFCatEmpire2_OliverHochkeppel080224\" alt=\"Cat Empire. Foto: Oliver Hochkeppel\" style=\"width: 567px; height: 378px;\" \/> <\/a> <div class=\"tiled-gallery-caption\" itemprop=\"caption description\"> Cat Empire. Foto: Oliver Hochkeppel <\/div> <\/div> <\/div> <!-- close group --> <div class=\"gallery-group images-2\" style=\"width: 269px; height: 382px;\" data-original-width=\"269\" data-original-height=\"382\" > <div class=\"tiled-gallery-item tiled-gallery-item-large\" itemprop=\"associatedMedia\" itemscope itemtype=\"http:\/\/schema.org\/ImageObject\"> <a href=\"https:\/\/www.jazzzeitung.de\/cms\/2024\/02\/aufbruch-in-den-jazz\/rjfchakakhan2_oliverhochkeppel080224\/\" border=\"0\" itemprop=\"url\"> <meta itemprop=\"width\" content=\"265\"> <meta itemprop=\"height\" content=\"198\"> <img decoding=\"async\" class=\"\" data-attachment-id=\"30605\" data-orig-file=\"https:\/\/www.jazzzeitung.de\/cms\/wp-content\/uploads\/2024\/02\/RJFChakaKhan2_OliverHochkeppel080224-scaled.jpg\" data-orig-size=\"2560,1913\" data-comments-opened=\"1\" data-image-meta=\"{&quot;aperture&quot;:&quot;0&quot;,&quot;credit&quot;:&quot;&quot;,&quot;camera&quot;:&quot;ILCE-7M3&quot;,&quot;caption&quot;:&quot;&quot;,&quot;created_timestamp&quot;:&quot;1707431091&quot;,&quot;copyright&quot;:&quot;&quot;,&quot;focal_length&quot;:&quot;0&quot;,&quot;iso&quot;:&quot;3200&quot;,&quot;shutter_speed&quot;:&quot;0&quot;,&quot;title&quot;:&quot;&quot;,&quot;orientation&quot;:&quot;0&quot;}\" data-image-title=\"RJFChakaKhan2_OliverHochkeppel080224\" data-image-description=\"\" data-medium-file=\"https:\/\/i0.wp.com\/www.jazzzeitung.de\/cms\/wp-content\/uploads\/2024\/02\/RJFChakaKhan2_OliverHochkeppel080224-scaled.jpg?fit=300%2C224&#038;ssl=1\" data-large-file=\"https:\/\/i0.wp.com\/www.jazzzeitung.de\/cms\/wp-content\/uploads\/2024\/02\/RJFChakaKhan2_OliverHochkeppel080224-scaled.jpg?fit=803%2C600&#038;ssl=1\" src=\"https:\/\/i0.wp.com\/www.jazzzeitung.de\/cms\/wp-content\/uploads\/2024\/02\/RJFChakaKhan2_OliverHochkeppel080224-scaled.jpg?w=265&#038;h=198&#038;ssl=1\" srcset=\"https:\/\/i0.wp.com\/www.jazzzeitung.de\/cms\/wp-content\/uploads\/2024\/02\/RJFChakaKhan2_OliverHochkeppel080224-scaled.jpg?w=2560&amp;ssl=1 2560w, https:\/\/i0.wp.com\/www.jazzzeitung.de\/cms\/wp-content\/uploads\/2024\/02\/RJFChakaKhan2_OliverHochkeppel080224-scaled.jpg?resize=300%2C224&amp;ssl=1 300w, https:\/\/i0.wp.com\/www.jazzzeitung.de\/cms\/wp-content\/uploads\/2024\/02\/RJFChakaKhan2_OliverHochkeppel080224-scaled.jpg?resize=803%2C600&amp;ssl=1 803w, https:\/\/i0.wp.com\/www.jazzzeitung.de\/cms\/wp-content\/uploads\/2024\/02\/RJFChakaKhan2_OliverHochkeppel080224-scaled.jpg?resize=768%2C574&amp;ssl=1 768w, https:\/\/i0.wp.com\/www.jazzzeitung.de\/cms\/wp-content\/uploads\/2024\/02\/RJFChakaKhan2_OliverHochkeppel080224-scaled.jpg?resize=1536%2C1148&amp;ssl=1 1536w, https:\/\/i0.wp.com\/www.jazzzeitung.de\/cms\/wp-content\/uploads\/2024\/02\/RJFChakaKhan2_OliverHochkeppel080224-scaled.jpg?resize=2048%2C1530&amp;ssl=1 2048w, https:\/\/i0.wp.com\/www.jazzzeitung.de\/cms\/wp-content\/uploads\/2024\/02\/RJFChakaKhan2_OliverHochkeppel080224-scaled.jpg?resize=1320%2C986&amp;ssl=1 1320w, https:\/\/i0.wp.com\/www.jazzzeitung.de\/cms\/wp-content\/uploads\/2024\/02\/RJFChakaKhan2_OliverHochkeppel080224-scaled.jpg?w=1680&amp;ssl=1 1680w\" width=\"265\" height=\"198\" loading=\"lazy\" data-original-width=\"265\" data-original-height=\"198\" itemprop=\"http:\/\/schema.org\/image\" title=\"RJFChakaKhan2_OliverHochkeppel080224\" alt=\"Chaka Khan. Foto: Oliver Hochkeppel\" style=\"width: 265px; height: 198px;\" \/> <\/a> <div class=\"tiled-gallery-caption\" itemprop=\"caption description\"> Chaka Khan. Foto: Oliver Hochkeppel <\/div> <\/div> <div class=\"tiled-gallery-item tiled-gallery-item-large\" itemprop=\"associatedMedia\" itemscope itemtype=\"http:\/\/schema.org\/ImageObject\"> <a href=\"https:\/\/www.jazzzeitung.de\/cms\/2024\/02\/aufbruch-in-den-jazz\/rjfchakakhan5_oliverhochkeppel080224\/\" border=\"0\" itemprop=\"url\"> <meta itemprop=\"width\" content=\"265\"> <meta itemprop=\"height\" content=\"176\"> <img decoding=\"async\" class=\"\" data-attachment-id=\"30606\" data-orig-file=\"https:\/\/www.jazzzeitung.de\/cms\/wp-content\/uploads\/2024\/02\/RJFChakaKhan5_OliverHochkeppel080224-scaled.jpg\" data-orig-size=\"2560,1697\" data-comments-opened=\"1\" data-image-meta=\"{&quot;aperture&quot;:&quot;0&quot;,&quot;credit&quot;:&quot;&quot;,&quot;camera&quot;:&quot;ILCE-7M3&quot;,&quot;caption&quot;:&quot;&quot;,&quot;created_timestamp&quot;:&quot;1707435253&quot;,&quot;copyright&quot;:&quot;&quot;,&quot;focal_length&quot;:&quot;0&quot;,&quot;iso&quot;:&quot;3200&quot;,&quot;shutter_speed&quot;:&quot;0&quot;,&quot;title&quot;:&quot;&quot;,&quot;orientation&quot;:&quot;0&quot;}\" data-image-title=\"RJFChakaKhan5_OliverHochkeppel080224\" data-image-description=\"\" data-medium-file=\"https:\/\/i0.wp.com\/www.jazzzeitung.de\/cms\/wp-content\/uploads\/2024\/02\/RJFChakaKhan5_OliverHochkeppel080224-scaled.jpg?fit=300%2C199&#038;ssl=1\" data-large-file=\"https:\/\/i0.wp.com\/www.jazzzeitung.de\/cms\/wp-content\/uploads\/2024\/02\/RJFChakaKhan5_OliverHochkeppel080224-scaled.jpg?fit=840%2C556&#038;ssl=1\" src=\"https:\/\/i0.wp.com\/www.jazzzeitung.de\/cms\/wp-content\/uploads\/2024\/02\/RJFChakaKhan5_OliverHochkeppel080224-scaled.jpg?w=265&#038;h=176&#038;ssl=1\" srcset=\"https:\/\/i0.wp.com\/www.jazzzeitung.de\/cms\/wp-content\/uploads\/2024\/02\/RJFChakaKhan5_OliverHochkeppel080224-scaled.jpg?w=2560&amp;ssl=1 2560w, https:\/\/i0.wp.com\/www.jazzzeitung.de\/cms\/wp-content\/uploads\/2024\/02\/RJFChakaKhan5_OliverHochkeppel080224-scaled.jpg?resize=300%2C199&amp;ssl=1 300w, https:\/\/i0.wp.com\/www.jazzzeitung.de\/cms\/wp-content\/uploads\/2024\/02\/RJFChakaKhan5_OliverHochkeppel080224-scaled.jpg?resize=900%2C596&amp;ssl=1 900w, https:\/\/i0.wp.com\/www.jazzzeitung.de\/cms\/wp-content\/uploads\/2024\/02\/RJFChakaKhan5_OliverHochkeppel080224-scaled.jpg?resize=768%2C509&amp;ssl=1 768w, https:\/\/i0.wp.com\/www.jazzzeitung.de\/cms\/wp-content\/uploads\/2024\/02\/RJFChakaKhan5_OliverHochkeppel080224-scaled.jpg?resize=1536%2C1018&amp;ssl=1 1536w, https:\/\/i0.wp.com\/www.jazzzeitung.de\/cms\/wp-content\/uploads\/2024\/02\/RJFChakaKhan5_OliverHochkeppel080224-scaled.jpg?resize=2048%2C1357&amp;ssl=1 2048w, https:\/\/i0.wp.com\/www.jazzzeitung.de\/cms\/wp-content\/uploads\/2024\/02\/RJFChakaKhan5_OliverHochkeppel080224-scaled.jpg?resize=120%2C80&amp;ssl=1 120w, https:\/\/i0.wp.com\/www.jazzzeitung.de\/cms\/wp-content\/uploads\/2024\/02\/RJFChakaKhan5_OliverHochkeppel080224-scaled.jpg?resize=1320%2C875&amp;ssl=1 1320w, https:\/\/i0.wp.com\/www.jazzzeitung.de\/cms\/wp-content\/uploads\/2024\/02\/RJFChakaKhan5_OliverHochkeppel080224-scaled.jpg?w=1680&amp;ssl=1 1680w\" width=\"265\" height=\"176\" loading=\"lazy\" data-original-width=\"265\" data-original-height=\"176\" itemprop=\"http:\/\/schema.org\/image\" title=\"RJFChakaKhan5_OliverHochkeppel080224\" alt=\"Chaka Khan im Austausch mit dem weiblichen Publikum. Foto: Oliver Hochkeppel\" style=\"width: 265px; height: 176px;\" \/> <\/a> <div class=\"tiled-gallery-caption\" itemprop=\"caption description\"> Chaka Khan im Austausch mit dem weiblichen Publikum. Foto: Oliver Hochkeppel <\/div> <\/div> <\/div> <!-- close group --> <\/div> <!-- close row --> <\/div>\n<p>Das demonstriert schon die unterschiedliche Vorgehensweise als in den meisten anderen Golfstaaten, in denen Westliches samt Personal schlicht eingekauft wird. In Saudi-Arabien will man auch die Blaupausen, die Assimilation und die eigene Anwendung \u2013 zu Paul Pacificos Aufbauarbeit in den kommenden Jahren wird auch die Einarbeitung eines saudischen Nachfolgers geh\u00f6ren. Freilich bedeutet all dies in dem bislang ultrastrengen wahabitischen Religionsstaat gleichzeitig eine mit einigem Konfliktpotenzial und chronischem Austesten der Grenzen verbundene radikale gesellschaftliche Transformation. Ganz besonders, was die Frauenrechte betrifft.<\/p>\n<h3>Die \u00fcberraschende Stellung der Frauen im Festival und kulturelle Faux-pas<\/h3>\n<p>Umso erstaunlicher war das selbst nach westlichen Ma\u00dfst\u00e4ben geradezu feministische Line-Up des Festivals. Fast durchgehend standen starke Frauen im Mittelpunkt. YolanDa Brown und Chaka Khan sowieso, aber auch bei <em>Kokoroko<\/em> sind Sheila Maurice-Grey und Cassie Kinoshi die Masterminds, bei <em>Haitus Kaiyote<\/em> Nai Palm, bei <em>The Cat Empire<\/em> neuerdings Grace Barb\u00e9. Vor allem aber Nadeen Lingawi alias Fulana stand f\u00fcr die \u00d6ffnung und den Wandel, der derzeit stattfindet. Die 28-j\u00e4hrige, in Vancouver geborene, aber in Dschidda lebende S\u00e4ngerin, die eigentlich Architektin ist, begann vor gut zehn Jahren gewisserma\u00dfen therapeutisch und durchaus im Konflikt mit ihrer Familie mit der Musik, ver\u00f6ffentlichte dann erste Songs unter ihrem Pseudonym und geh\u00f6rt nun zu den f\u00fchrende Indie-Musikern der saudischen Szene, die mit Ahmed Shawlys Label \u201eWall of Sound&#8220; auch eine organisatorische Heimat gefunden hat. Seit 2021 spielt sie regelm\u00e4\u00dfig immer gr\u00f6\u00dfere Konzerte im Land. Auch wenn ihre im Duo rein elektronisch instrumentierten Songs nur schwerlich selbst einem erweiterten Jazzbegriff zuzuordnen sind, hatte die ohne Kopftuch Auftretende hier viele begeisterte Fans im Saal.<\/p>\n<p>Noch revolution\u00e4rer war freilich der Auftritt von Chaka Khan am zweiten Tag. Die k\u00f6rperlich wie stimmlich erstaunlich fitte und wahrlich j\u00fcnger als 70 wirkende R&amp;B- und Funk-Queen, die als zehnfache Grammygewinnerin und Role Model zahlloser Stars entsprechend bombastisch angeteasert wurde, winkte am Schluss ihrer Hit-Parade von <em>Rufus<\/em>-Nummern bis zum emblematischen \u201eI\u2019m Every Woman&#8220; gezielt das weibliche Publikum zum Tanzen und Handshake nach vorne. In Europa normal, im bis vor kurzem von der Sittenpolizei dominierten Saudi-Arabien eine kleine Revolution.<\/p>\n<p>Beim extrovertierten Amerikaner Micah Davis, besser bekannt als Masego, wollte man am dritten Abend noch skandal\u00f6seres Verhalten dann doch besser verhindern, mit Sperrgittern in den Abg\u00e4ngen und seitlich Spalier stehenden Security-Leuten. Vielleicht nicht zu Unrecht angesichts seiner typisch amerikanischen Attit\u00fcde, und der Tatsache, dass au\u00dferehelicher Sex hier immer noch mit dem Tod bestraft werden kann. Umso un\u00fcberlegte wie deplatziert wirkt seine Begr\u00fc\u00dfung: \u201eAll I know about this country ist that I have good dates&#8220;. Was freilich die lautstarke Begeisterung f\u00fcr den 30-j\u00e4hrigen Grammy-Nominee nicht tr\u00fcbte, der im arabischen Raum noch popul\u00e4rer ist als im europ\u00e4ischen. Mit Recht, wie der sensationelle Auftritt des singenden, samplenden, Schlagzeug wie Saxofon spielenden Multitalents bewies. Rein musikalisch war es der H\u00f6hepunkt des Festivals, mit einem sich st\u00e4ndig weiterentwickelnden Stilmix aus Jazz, Hip-Hop, Reggae und Electro, mit der Variabilit\u00e4t eines Jacob Collier und dem Charisma eines Prince.<\/p>\n<div class=\"tiled-gallery type-rectangular tiled-gallery-unresized\" data-original-width=\"840\" data-carousel-extra='{&quot;blog_id&quot;:1,&quot;permalink&quot;:&quot;https:\\\/\\\/www.jazzzeitung.de\\\/cms\\\/2024\\\/02\\\/aufbruch-in-den-jazz\\\/&quot;,&quot;likes_blog_id&quot;:55446655}' itemscope itemtype=\"http:\/\/schema.org\/ImageGallery\" > <div class=\"gallery-row\" style=\"width: 840px; height: 366px;\" data-original-width=\"840\" data-original-height=\"366\" > <div class=\"gallery-group images-2\" style=\"width: 294px; height: 366px;\" data-original-width=\"294\" data-original-height=\"366\" > <div class=\"tiled-gallery-item tiled-gallery-item-large\" itemprop=\"associatedMedia\" itemscope itemtype=\"http:\/\/schema.org\/ImageObject\"> <a href=\"https:\/\/www.jazzzeitung.de\/cms\/2024\/02\/aufbruch-in-den-jazz\/rjf_saal2_oliverhochkeppel080224\/\" border=\"0\" itemprop=\"url\"> <meta itemprop=\"width\" content=\"290\"> <meta itemprop=\"height\" content=\"164\"> <img decoding=\"async\" class=\"\" data-attachment-id=\"30603\" data-orig-file=\"https:\/\/www.jazzzeitung.de\/cms\/wp-content\/uploads\/2024\/02\/RJF_Saal2_OliverHochkeppel080224-scaled.jpg\" data-orig-size=\"2560,1446\" data-comments-opened=\"1\" data-image-meta=\"{&quot;aperture&quot;:&quot;0&quot;,&quot;credit&quot;:&quot;&quot;,&quot;camera&quot;:&quot;ILCE-7M3&quot;,&quot;caption&quot;:&quot;&quot;,&quot;created_timestamp&quot;:&quot;1707420937&quot;,&quot;copyright&quot;:&quot;&quot;,&quot;focal_length&quot;:&quot;0&quot;,&quot;iso&quot;:&quot;3200&quot;,&quot;shutter_speed&quot;:&quot;0&quot;,&quot;title&quot;:&quot;&quot;,&quot;orientation&quot;:&quot;0&quot;}\" data-image-title=\"RJF_Saal2_OliverHochkeppel080224\" data-image-description=\"\" data-medium-file=\"https:\/\/i0.wp.com\/www.jazzzeitung.de\/cms\/wp-content\/uploads\/2024\/02\/RJF_Saal2_OliverHochkeppel080224-scaled.jpg?fit=300%2C169&#038;ssl=1\" data-large-file=\"https:\/\/i0.wp.com\/www.jazzzeitung.de\/cms\/wp-content\/uploads\/2024\/02\/RJF_Saal2_OliverHochkeppel080224-scaled.jpg?fit=840%2C474&#038;ssl=1\" src=\"https:\/\/i0.wp.com\/www.jazzzeitung.de\/cms\/wp-content\/uploads\/2024\/02\/RJF_Saal2_OliverHochkeppel080224-scaled.jpg?w=290&#038;h=164&#038;ssl=1\" srcset=\"https:\/\/i0.wp.com\/www.jazzzeitung.de\/cms\/wp-content\/uploads\/2024\/02\/RJF_Saal2_OliverHochkeppel080224-scaled.jpg?w=2560&amp;ssl=1 2560w, https:\/\/i0.wp.com\/www.jazzzeitung.de\/cms\/wp-content\/uploads\/2024\/02\/RJF_Saal2_OliverHochkeppel080224-scaled.jpg?resize=300%2C169&amp;ssl=1 300w, https:\/\/i0.wp.com\/www.jazzzeitung.de\/cms\/wp-content\/uploads\/2024\/02\/RJF_Saal2_OliverHochkeppel080224-scaled.jpg?resize=900%2C508&amp;ssl=1 900w, https:\/\/i0.wp.com\/www.jazzzeitung.de\/cms\/wp-content\/uploads\/2024\/02\/RJF_Saal2_OliverHochkeppel080224-scaled.jpg?resize=768%2C434&amp;ssl=1 768w, https:\/\/i0.wp.com\/www.jazzzeitung.de\/cms\/wp-content\/uploads\/2024\/02\/RJF_Saal2_OliverHochkeppel080224-scaled.jpg?resize=1536%2C868&amp;ssl=1 1536w, https:\/\/i0.wp.com\/www.jazzzeitung.de\/cms\/wp-content\/uploads\/2024\/02\/RJF_Saal2_OliverHochkeppel080224-scaled.jpg?resize=2048%2C1157&amp;ssl=1 2048w, https:\/\/i0.wp.com\/www.jazzzeitung.de\/cms\/wp-content\/uploads\/2024\/02\/RJF_Saal2_OliverHochkeppel080224-scaled.jpg?resize=1320%2C746&amp;ssl=1 1320w, https:\/\/i0.wp.com\/www.jazzzeitung.de\/cms\/wp-content\/uploads\/2024\/02\/RJF_Saal2_OliverHochkeppel080224-scaled.jpg?w=1680&amp;ssl=1 1680w\" width=\"290\" height=\"164\" loading=\"lazy\" data-original-width=\"290\" data-original-height=\"164\" itemprop=\"http:\/\/schema.org\/image\" title=\"RJF_Saal2_OliverHochkeppel080224\" alt=\"Der Saal desMayadeen Theatre; Foto: Oliver Hochkeppel\" style=\"width: 290px; height: 164px;\" \/> <\/a> <div class=\"tiled-gallery-caption\" itemprop=\"caption description\"> Der Saal desMayadeen Theatre; Foto: Oliver Hochkeppel <\/div> <\/div> <div class=\"tiled-gallery-item tiled-gallery-item-large\" itemprop=\"associatedMedia\" itemscope itemtype=\"http:\/\/schema.org\/ImageObject\"> <a href=\"https:\/\/www.jazzzeitung.de\/cms\/2024\/02\/aufbruch-in-den-jazz\/rjf_masego4_oliverhochkeppel080224\/\" border=\"0\" itemprop=\"url\"> <meta itemprop=\"width\" content=\"290\"> <meta itemprop=\"height\" content=\"194\"> <img decoding=\"async\" class=\"\" data-attachment-id=\"30602\" data-orig-file=\"https:\/\/www.jazzzeitung.de\/cms\/wp-content\/uploads\/2024\/02\/RJF_Masego4_OliverHochkeppel080224-scaled.jpg\" data-orig-size=\"2560,1715\" data-comments-opened=\"1\" data-image-meta=\"{&quot;aperture&quot;:&quot;0&quot;,&quot;credit&quot;:&quot;&quot;,&quot;camera&quot;:&quot;ILCE-7M3&quot;,&quot;caption&quot;:&quot;&quot;,&quot;created_timestamp&quot;:&quot;1707519067&quot;,&quot;copyright&quot;:&quot;&quot;,&quot;focal_length&quot;:&quot;0&quot;,&quot;iso&quot;:&quot;3200&quot;,&quot;shutter_speed&quot;:&quot;0&quot;,&quot;title&quot;:&quot;&quot;,&quot;orientation&quot;:&quot;0&quot;}\" data-image-title=\"RJF_Masego4_OliverHochkeppel080224\" data-image-description=\"\" data-medium-file=\"https:\/\/i0.wp.com\/www.jazzzeitung.de\/cms\/wp-content\/uploads\/2024\/02\/RJF_Masego4_OliverHochkeppel080224-scaled.jpg?fit=300%2C201&#038;ssl=1\" data-large-file=\"https:\/\/i0.wp.com\/www.jazzzeitung.de\/cms\/wp-content\/uploads\/2024\/02\/RJF_Masego4_OliverHochkeppel080224-scaled.jpg?fit=840%2C563&#038;ssl=1\" src=\"https:\/\/i0.wp.com\/www.jazzzeitung.de\/cms\/wp-content\/uploads\/2024\/02\/RJF_Masego4_OliverHochkeppel080224-scaled.jpg?w=290&#038;h=194&#038;ssl=1\" srcset=\"https:\/\/i0.wp.com\/www.jazzzeitung.de\/cms\/wp-content\/uploads\/2024\/02\/RJF_Masego4_OliverHochkeppel080224-scaled.jpg?w=2560&amp;ssl=1 2560w, https:\/\/i0.wp.com\/www.jazzzeitung.de\/cms\/wp-content\/uploads\/2024\/02\/RJF_Masego4_OliverHochkeppel080224-scaled.jpg?resize=300%2C201&amp;ssl=1 300w, https:\/\/i0.wp.com\/www.jazzzeitung.de\/cms\/wp-content\/uploads\/2024\/02\/RJF_Masego4_OliverHochkeppel080224-scaled.jpg?resize=895%2C600&amp;ssl=1 895w, https:\/\/i0.wp.com\/www.jazzzeitung.de\/cms\/wp-content\/uploads\/2024\/02\/RJF_Masego4_OliverHochkeppel080224-scaled.jpg?resize=768%2C515&amp;ssl=1 768w, https:\/\/i0.wp.com\/www.jazzzeitung.de\/cms\/wp-content\/uploads\/2024\/02\/RJF_Masego4_OliverHochkeppel080224-scaled.jpg?resize=1536%2C1029&amp;ssl=1 1536w, https:\/\/i0.wp.com\/www.jazzzeitung.de\/cms\/wp-content\/uploads\/2024\/02\/RJF_Masego4_OliverHochkeppel080224-scaled.jpg?resize=2048%2C1372&amp;ssl=1 2048w, https:\/\/i0.wp.com\/www.jazzzeitung.de\/cms\/wp-content\/uploads\/2024\/02\/RJF_Masego4_OliverHochkeppel080224-scaled.jpg?resize=120%2C80&amp;ssl=1 120w, https:\/\/i0.wp.com\/www.jazzzeitung.de\/cms\/wp-content\/uploads\/2024\/02\/RJF_Masego4_OliverHochkeppel080224-scaled.jpg?resize=1320%2C884&amp;ssl=1 1320w, https:\/\/i0.wp.com\/www.jazzzeitung.de\/cms\/wp-content\/uploads\/2024\/02\/RJF_Masego4_OliverHochkeppel080224-scaled.jpg?w=1680&amp;ssl=1 1680w\" width=\"290\" height=\"194\" loading=\"lazy\" data-original-width=\"290\" data-original-height=\"194\" itemprop=\"http:\/\/schema.org\/image\" title=\"RJF_Masego4_OliverHochkeppel080224\" alt=\"Masego an der Elektronik; Foto: Oliver Hochkeppel\" style=\"width: 290px; height: 194px;\" \/> <\/a> <div class=\"tiled-gallery-caption\" itemprop=\"caption description\"> Masego an der Elektronik; Foto: Oliver Hochkeppel <\/div> <\/div> <\/div> <!-- close group --> <div class=\"gallery-group images-1\" style=\"width: 546px; height: 366px;\" data-original-width=\"546\" data-original-height=\"366\" > <div class=\"tiled-gallery-item tiled-gallery-item-large\" itemprop=\"associatedMedia\" itemscope itemtype=\"http:\/\/schema.org\/ImageObject\"> <a href=\"https:\/\/www.jazzzeitung.de\/cms\/2024\/02\/aufbruch-in-den-jazz\/rjf_masego2_oliverhochkeppel080224\/\" border=\"0\" itemprop=\"url\"> <meta itemprop=\"width\" content=\"542\"> <meta itemprop=\"height\" content=\"362\"> <img decoding=\"async\" class=\"\" data-attachment-id=\"30601\" data-orig-file=\"https:\/\/www.jazzzeitung.de\/cms\/wp-content\/uploads\/2024\/02\/RJF_Masego2_OliverHochkeppel080224-scaled.jpg\" data-orig-size=\"2560,1706\" data-comments-opened=\"1\" data-image-meta=\"{&quot;aperture&quot;:&quot;0&quot;,&quot;credit&quot;:&quot;&quot;,&quot;camera&quot;:&quot;ILCE-7M3&quot;,&quot;caption&quot;:&quot;&quot;,&quot;created_timestamp&quot;:&quot;1707518310&quot;,&quot;copyright&quot;:&quot;&quot;,&quot;focal_length&quot;:&quot;0&quot;,&quot;iso&quot;:&quot;3200&quot;,&quot;shutter_speed&quot;:&quot;0&quot;,&quot;title&quot;:&quot;&quot;,&quot;orientation&quot;:&quot;0&quot;}\" data-image-title=\"RJF_Masego2_OliverHochkeppel080224\" data-image-description=\"\" data-medium-file=\"https:\/\/i0.wp.com\/www.jazzzeitung.de\/cms\/wp-content\/uploads\/2024\/02\/RJF_Masego2_OliverHochkeppel080224-scaled.jpg?fit=300%2C200&#038;ssl=1\" data-large-file=\"https:\/\/i0.wp.com\/www.jazzzeitung.de\/cms\/wp-content\/uploads\/2024\/02\/RJF_Masego2_OliverHochkeppel080224-scaled.jpg?fit=840%2C560&#038;ssl=1\" src=\"https:\/\/i0.wp.com\/www.jazzzeitung.de\/cms\/wp-content\/uploads\/2024\/02\/RJF_Masego2_OliverHochkeppel080224-scaled.jpg?w=542&#038;h=362&#038;ssl=1\" srcset=\"https:\/\/i0.wp.com\/www.jazzzeitung.de\/cms\/wp-content\/uploads\/2024\/02\/RJF_Masego2_OliverHochkeppel080224-scaled.jpg?w=2560&amp;ssl=1 2560w, https:\/\/i0.wp.com\/www.jazzzeitung.de\/cms\/wp-content\/uploads\/2024\/02\/RJF_Masego2_OliverHochkeppel080224-scaled.jpg?resize=300%2C200&amp;ssl=1 300w, https:\/\/i0.wp.com\/www.jazzzeitung.de\/cms\/wp-content\/uploads\/2024\/02\/RJF_Masego2_OliverHochkeppel080224-scaled.jpg?resize=900%2C600&amp;ssl=1 900w, https:\/\/i0.wp.com\/www.jazzzeitung.de\/cms\/wp-content\/uploads\/2024\/02\/RJF_Masego2_OliverHochkeppel080224-scaled.jpg?resize=768%2C512&amp;ssl=1 768w, https:\/\/i0.wp.com\/www.jazzzeitung.de\/cms\/wp-content\/uploads\/2024\/02\/RJF_Masego2_OliverHochkeppel080224-scaled.jpg?resize=1536%2C1024&amp;ssl=1 1536w, https:\/\/i0.wp.com\/www.jazzzeitung.de\/cms\/wp-content\/uploads\/2024\/02\/RJF_Masego2_OliverHochkeppel080224-scaled.jpg?resize=2048%2C1365&amp;ssl=1 2048w, https:\/\/i0.wp.com\/www.jazzzeitung.de\/cms\/wp-content\/uploads\/2024\/02\/RJF_Masego2_OliverHochkeppel080224-scaled.jpg?resize=120%2C80&amp;ssl=1 120w, https:\/\/i0.wp.com\/www.jazzzeitung.de\/cms\/wp-content\/uploads\/2024\/02\/RJF_Masego2_OliverHochkeppel080224-scaled.jpg?resize=1320%2C880&amp;ssl=1 1320w, https:\/\/i0.wp.com\/www.jazzzeitung.de\/cms\/wp-content\/uploads\/2024\/02\/RJF_Masego2_OliverHochkeppel080224-scaled.jpg?w=1680&amp;ssl=1 1680w\" width=\"542\" height=\"362\" loading=\"lazy\" data-original-width=\"542\" data-original-height=\"362\" itemprop=\"http:\/\/schema.org\/image\" title=\"RJF_Masego2_OliverHochkeppel080224\" alt=\"Masego am Saxophon; Foto: Oliver Hochkeppel\" style=\"width: 542px; height: 362px;\" \/> <\/a> <div class=\"tiled-gallery-caption\" itemprop=\"caption description\"> Masego am Saxophon; Foto: Oliver Hochkeppel <\/div> <\/div> <\/div> <!-- close group --> <\/div> <!-- close row --> <\/div>\n<h3>Eine gelungene musikalische Diversit\u00e4t<\/h3>\n<p>Einen h\u00f6heren Jazzanteil hatten nur <em>Kokoroko <\/em>(vor allem dank ihrer Instrumentalsoli mit Trompete und Posaune) und nat\u00fcrlich Saxofonstar YolanDa Brown, in gewisser Weise auch die beiden Lokalmatadoren, die Quartette <em>Majaz<\/em> und <em>Garwasha<\/em> mit einem jeweils sehr arabisch eingef\u00e4rbten Progressive- und Alternative-Underground-Jazz. Garwashas Gitarrist Mazen Lawand hat denn auch das Berklee College of Music absolviert, Bassist Abdulrahman \u201eKoosh\u201d Alkhawashki studiert gerade am Los Angeles College of Music. Beide k\u00f6nnen sie von der, auch dank der wachsenden internationalen Kontakte, aufbl\u00fchenden Club- und Musikerszene in Riad berichten (\u201eMetal ist gerade am st\u00e4rksten im Kommen&#8220;).<\/p>\n<p>Anderes lie\u00df sich kaum mehr selbst unter einem weitgefassten Jazzbegriff subsummieren.<em> The Cat Empire<\/em> darf man mit ihren mal lateinamerikanischen, mal afrokreolischen, mal schlicht rockigen St\u00fccken klassischerweise dem World Pop zurechnen, genau wie <em>Haitus Kaiyote<\/em> einem rockig-l\u00e4rmenden Neo-Soul. Macht ja nichts, dieses Festivaldeb\u00fct sollte ja ein attraktiver Schnupperkurs f\u00fcr das \u2013 ebenfalls im Gegensatz zu manchen vorzugsweise von Ex-Pats besuchten Festivals in den Emiraten \u2013 \u00fcberwiegend heimische Publikum sein. Dies, und mehr als das, ist eindrucksvoll gelungen. Alles in einer Aufbruchsstimmung, die durchaus bewundernswert ist.<\/p>\n<p>Von Oliver Hochkeppel<\/p>\n<p>Titelbild: YolanDa Brown. Foto: Oliver Hochkeppel<\/p>\n","protected":false},"excerpt":{"rendered":"<p>Der Jazz wird Teil der saudischen Kulturpolitik Im \u201eAlten Europa&#8220;, wie es ein gewisser US-Pr\u00e4sident einmal formulierte, tut man sich mit Ver\u00e4nderungen immer schwerer. Wenn hierzulande in einem jahrelangen Prozess das Heizen umgestellt werden soll, gibt es nahezu einen Volksaufstand; der Bau von Flugh\u00e4fen oder Schnellbahnlinien dauert Jahrzehnte; die Briten traten gar wohl auch deshalb aus der Europ\u00e4ischen Union aus, weil sich zu viele nach dem alten Empire zur\u00fccksehnten. Dar\u00fcber kann man im Mittleren Osten nur lachen. Die Arabischen Emirate, Katar und Bahrain machten mit ihren in k\u00fcrzester Zeit errichteten Wolkenkratzerst\u00e4dten vor, wie man \u00d6l- und Gas-Reichtum umwandelt. Der 42-Millionen-Staat Saudi-Arabien unter Mohammed bin Salman aber ist aktuell der neue Taktgeber. Bei uns wird davon bislang vor allem das saudische Engagement im Weltsport bemerkt, weniger die milliardenschwere Offensive auch bei Bildung und Kultur. Ein weiterer kleiner Baustein dabei ist das soeben zu Ende gegangene dreit\u00e4gige \u201e1. International Jazz Festival Riad&#8220; \u2013 in einem Land, in dem bis vor sieben Jahren \u00f6ffentliche Konzerte noch verboten waren. Als Riadnovize staunt man schon auf der Fahrt ins Mayadeen Theatre, dem Festival-Spielort im nordwestlich gelegenen Stadtteil Diriya, um dessen &hellip;<\/p>\n","protected":false},"author":18,"featured_media":30595,"comment_status":"open","ping_status":"closed","sticky":false,"template":"","format":"standard","meta":{"_jetpack_memberships_contains_paid_content":false,"footnotes":"","jetpack_publicize_message":"","jetpack_publicize_feature_enabled":true,"jetpack_social_post_already_shared":false,"jetpack_social_options":{"image_generator_settings":{"template":"highway","default_image_id":0,"font":"","enabled":false},"version":2}},"categories":[1053,652],"tags":[5282,3,5286,2489,5287,5284,845,5280,5281,5285,5283],"coauthors":[695],"class_list":["post-30593","post","type-post","status-publish","format-standard","has-post-thumbnail","hentry","category-bericht","category-galerie","tag-chaka-khan","tag-festival","tag-haitus-kaiyote","tag-kokoroko","tag-majaz","tag-masego","tag-oliver-hochkeppel","tag-riad","tag-saudi-arabien","tag-the-cat-empire","tag-yolanda-brown"],"yoast_head":"<!-- This site is optimized with the Yoast SEO plugin v27.5 - https:\/\/yoast.com\/product\/yoast-seo-wordpress\/ -->\n<title>Aufbruch in den Jazz: Eindr\u00fccke vom 1. Internationalen Jazz Festival im saudi-arabischen Riad - JazzZeitung<\/title>\n<meta name=\"description\" content=\"In Riad fand soeben ein weiterer Teil des saudischen Ringens um das Image der Erneuerung statt. Daf\u00fcr wurde ein internationales Jazz Festival mit hochkar\u00e4tiger Besetzung gegeben\" \/>\n<meta name=\"robots\" content=\"index, follow, max-snippet:-1, max-image-preview:large, max-video-preview:-1\" \/>\n<link rel=\"canonical\" href=\"https:\/\/www.jazzzeitung.de\/cms\/2024\/02\/aufbruch-in-den-jazz\/\" \/>\n<meta property=\"og:locale\" content=\"de_DE\" \/>\n<meta property=\"og:type\" content=\"article\" \/>\n<meta property=\"og:title\" content=\"Aufbruch in den Jazz: Eindr\u00fccke vom 1. Internationalen Jazz Festival im saudi-arabischen Riad - JazzZeitung\" \/>\n<meta property=\"og:description\" content=\"In Riad fand soeben ein weiterer Teil des saudischen Ringens um das Image der Erneuerung statt. Daf\u00fcr wurde ein internationales Jazz Festival mit hochkar\u00e4tiger Besetzung gegeben\" \/>\n<meta property=\"og:url\" content=\"https:\/\/www.jazzzeitung.de\/cms\/2024\/02\/aufbruch-in-den-jazz\/\" \/>\n<meta property=\"og:site_name\" content=\"JazzZeitung\" \/>\n<meta property=\"article:publisher\" content=\"https:\/\/www.facebook.com\/JazzZeitung\/\" \/>\n<meta property=\"article:published_time\" content=\"2024-02-16T06:00:03+00:00\" \/>\n<meta property=\"og:image\" content=\"https:\/\/i0.wp.com\/www.jazzzeitung.de\/cms\/wp-content\/uploads\/2024\/02\/RJF_YoBrown6_OliverHochkeppel080224-scaled.jpg?fit=2560%2C1714&ssl=1\" \/>\n\t<meta property=\"og:image:width\" content=\"2560\" \/>\n\t<meta property=\"og:image:height\" content=\"1714\" \/>\n\t<meta property=\"og:image:type\" content=\"image\/jpeg\" \/>\n<meta name=\"author\" content=\"Redaktion JazzZeitung\" \/>\n<script type=\"application\/ld+json\" class=\"yoast-schema-graph\">{\"@context\":\"https:\\\/\\\/schema.org\",\"@graph\":[{\"@type\":\"Article\",\"@id\":\"https:\\\/\\\/www.jazzzeitung.de\\\/cms\\\/2024\\\/02\\\/aufbruch-in-den-jazz\\\/#article\",\"isPartOf\":{\"@id\":\"https:\\\/\\\/www.jazzzeitung.de\\\/cms\\\/2024\\\/02\\\/aufbruch-in-den-jazz\\\/\"},\"author\":{\"name\":\"Redaktion JazzZeitung\",\"@id\":\"https:\\\/\\\/www.jazzzeitung.de\\\/cms\\\/#\\\/schema\\\/person\\\/2245b36b9cd1d24cea10f01c031fb92b\"},\"headline\":\"Aufbruch in den Jazz: Eindr\u00fccke vom 1. Internationalen Jazz Festival im saudi-arabischen Riad\",\"datePublished\":\"2024-02-16T06:00:03+00:00\",\"mainEntityOfPage\":{\"@id\":\"https:\\\/\\\/www.jazzzeitung.de\\\/cms\\\/2024\\\/02\\\/aufbruch-in-den-jazz\\\/\"},\"wordCount\":1108,\"commentCount\":0,\"publisher\":{\"@id\":\"https:\\\/\\\/www.jazzzeitung.de\\\/cms\\\/#organization\"},\"image\":{\"@id\":\"https:\\\/\\\/www.jazzzeitung.de\\\/cms\\\/2024\\\/02\\\/aufbruch-in-den-jazz\\\/#primaryimage\"},\"thumbnailUrl\":\"https:\\\/\\\/i0.wp.com\\\/www.jazzzeitung.de\\\/cms\\\/wp-content\\\/uploads\\\/2024\\\/02\\\/RJF_YoBrown6_OliverHochkeppel080224-scaled.jpg?fit=2560%2C1714&ssl=1\",\"keywords\":[\"Chaka Khan\",\"Festival\",\"Haitus Kaiyote\",\"Kokoroko\",\"Majaz\",\"Masego\",\"Oliver Hochkeppel\",\"Riad\",\"Saudi Arabien\",\"The Cat Empire\",\"YolanDa Brown\"],\"articleSection\":[\"Bericht\",\"Galerie\"],\"inLanguage\":\"de\",\"potentialAction\":[{\"@type\":\"CommentAction\",\"name\":\"Comment\",\"target\":[\"https:\\\/\\\/www.jazzzeitung.de\\\/cms\\\/2024\\\/02\\\/aufbruch-in-den-jazz\\\/#respond\"]}]},{\"@type\":\"WebPage\",\"@id\":\"https:\\\/\\\/www.jazzzeitung.de\\\/cms\\\/2024\\\/02\\\/aufbruch-in-den-jazz\\\/\",\"url\":\"https:\\\/\\\/www.jazzzeitung.de\\\/cms\\\/2024\\\/02\\\/aufbruch-in-den-jazz\\\/\",\"name\":\"Aufbruch in den Jazz: Eindr\u00fccke vom 1. Internationalen Jazz Festival im saudi-arabischen Riad - JazzZeitung\",\"isPartOf\":{\"@id\":\"https:\\\/\\\/www.jazzzeitung.de\\\/cms\\\/#website\"},\"primaryImageOfPage\":{\"@id\":\"https:\\\/\\\/www.jazzzeitung.de\\\/cms\\\/2024\\\/02\\\/aufbruch-in-den-jazz\\\/#primaryimage\"},\"image\":{\"@id\":\"https:\\\/\\\/www.jazzzeitung.de\\\/cms\\\/2024\\\/02\\\/aufbruch-in-den-jazz\\\/#primaryimage\"},\"thumbnailUrl\":\"https:\\\/\\\/i0.wp.com\\\/www.jazzzeitung.de\\\/cms\\\/wp-content\\\/uploads\\\/2024\\\/02\\\/RJF_YoBrown6_OliverHochkeppel080224-scaled.jpg?fit=2560%2C1714&ssl=1\",\"datePublished\":\"2024-02-16T06:00:03+00:00\",\"description\":\"In Riad fand soeben ein weiterer Teil des saudischen Ringens um das Image der Erneuerung statt. Daf\u00fcr wurde ein internationales Jazz Festival mit hochkar\u00e4tiger Besetzung gegeben\",\"breadcrumb\":{\"@id\":\"https:\\\/\\\/www.jazzzeitung.de\\\/cms\\\/2024\\\/02\\\/aufbruch-in-den-jazz\\\/#breadcrumb\"},\"inLanguage\":\"de\",\"potentialAction\":[{\"@type\":\"ReadAction\",\"target\":[\"https:\\\/\\\/www.jazzzeitung.de\\\/cms\\\/2024\\\/02\\\/aufbruch-in-den-jazz\\\/\"]}]},{\"@type\":\"ImageObject\",\"inLanguage\":\"de\",\"@id\":\"https:\\\/\\\/www.jazzzeitung.de\\\/cms\\\/2024\\\/02\\\/aufbruch-in-den-jazz\\\/#primaryimage\",\"url\":\"https:\\\/\\\/i0.wp.com\\\/www.jazzzeitung.de\\\/cms\\\/wp-content\\\/uploads\\\/2024\\\/02\\\/RJF_YoBrown6_OliverHochkeppel080224-scaled.jpg?fit=2560%2C1714&ssl=1\",\"contentUrl\":\"https:\\\/\\\/i0.wp.com\\\/www.jazzzeitung.de\\\/cms\\\/wp-content\\\/uploads\\\/2024\\\/02\\\/RJF_YoBrown6_OliverHochkeppel080224-scaled.jpg?fit=2560%2C1714&ssl=1\",\"width\":2560,\"height\":1714},{\"@type\":\"BreadcrumbList\",\"@id\":\"https:\\\/\\\/www.jazzzeitung.de\\\/cms\\\/2024\\\/02\\\/aufbruch-in-den-jazz\\\/#breadcrumb\",\"itemListElement\":[{\"@type\":\"ListItem\",\"position\":1,\"name\":\"Startseite\",\"item\":\"https:\\\/\\\/www.jazzzeitung.de\\\/cms\\\/\"},{\"@type\":\"ListItem\",\"position\":2,\"name\":\"Aufbruch in den Jazz: Eindr\u00fccke vom 1. Internationalen Jazz Festival im saudi-arabischen Riad\"}]},{\"@type\":\"WebSite\",\"@id\":\"https:\\\/\\\/www.jazzzeitung.de\\\/cms\\\/#website\",\"url\":\"https:\\\/\\\/www.jazzzeitung.de\\\/cms\\\/\",\"name\":\"JazzZeitung\",\"description\":\"Jazz-News und Jazz-Kontroverses\",\"publisher\":{\"@id\":\"https:\\\/\\\/www.jazzzeitung.de\\\/cms\\\/#organization\"},\"potentialAction\":[{\"@type\":\"SearchAction\",\"target\":{\"@type\":\"EntryPoint\",\"urlTemplate\":\"https:\\\/\\\/www.jazzzeitung.de\\\/cms\\\/?s={search_term_string}\"},\"query-input\":{\"@type\":\"PropertyValueSpecification\",\"valueRequired\":true,\"valueName\":\"search_term_string\"}}],\"inLanguage\":\"de\"},{\"@type\":\"Organization\",\"@id\":\"https:\\\/\\\/www.jazzzeitung.de\\\/cms\\\/#organization\",\"name\":\"JazzZeitung online\",\"url\":\"https:\\\/\\\/www.jazzzeitung.de\\\/cms\\\/\",\"logo\":{\"@type\":\"ImageObject\",\"inLanguage\":\"de\",\"@id\":\"https:\\\/\\\/www.jazzzeitung.de\\\/cms\\\/#\\\/schema\\\/logo\\\/image\\\/\",\"url\":\"https:\\\/\\\/i0.wp.com\\\/www.jazzzeitung.de\\\/cms\\\/wp-content\\\/uploads\\\/2015\\\/08\\\/JAZZZEITUNGDE_Logo_Neu.png?fit=499%2C200&ssl=1\",\"contentUrl\":\"https:\\\/\\\/i0.wp.com\\\/www.jazzzeitung.de\\\/cms\\\/wp-content\\\/uploads\\\/2015\\\/08\\\/JAZZZEITUNGDE_Logo_Neu.png?fit=499%2C200&ssl=1\",\"width\":499,\"height\":200,\"caption\":\"JazzZeitung online\"},\"image\":{\"@id\":\"https:\\\/\\\/www.jazzzeitung.de\\\/cms\\\/#\\\/schema\\\/logo\\\/image\\\/\"},\"sameAs\":[\"https:\\\/\\\/www.facebook.com\\\/JazzZeitung\\\/\"]},{\"@type\":\"Person\",\"@id\":\"https:\\\/\\\/www.jazzzeitung.de\\\/cms\\\/#\\\/schema\\\/person\\\/2245b36b9cd1d24cea10f01c031fb92b\",\"name\":\"Redaktion JazzZeitung\",\"image\":{\"@type\":\"ImageObject\",\"inLanguage\":\"de\",\"@id\":\"https:\\\/\\\/i0.wp.com\\\/www.jazzzeitung.de\\\/cms\\\/wp-content\\\/uploads\\\/2015\\\/08\\\/JAZZZEITUNGDE_Logo_Neu.png?resize=96%2C96&ssl=159975dcacb611b5700bd619b5daf0a7a\",\"url\":\"https:\\\/\\\/i0.wp.com\\\/www.jazzzeitung.de\\\/cms\\\/wp-content\\\/uploads\\\/2015\\\/08\\\/JAZZZEITUNGDE_Logo_Neu.png?resize=96%2C96&ssl=1\",\"contentUrl\":\"https:\\\/\\\/i0.wp.com\\\/www.jazzzeitung.de\\\/cms\\\/wp-content\\\/uploads\\\/2015\\\/08\\\/JAZZZEITUNGDE_Logo_Neu.png?resize=96%2C96&ssl=1\",\"caption\":\"Redaktion JazzZeitung\"},\"description\":\"Artikel der Redaktion der JazzZeitung.\",\"sameAs\":[\"http:\\\/\\\/www.jazzzeitung.de\\\/cms\\\/\"],\"url\":\"https:\\\/\\\/www.jazzzeitung.de\\\/cms\\\/author\\\/redaktion\\\/\"}]}<\/script>\n<!-- \/ Yoast SEO plugin. -->","yoast_head_json":{"title":"Aufbruch in den Jazz: Eindr\u00fccke vom 1. Internationalen Jazz Festival im saudi-arabischen Riad - JazzZeitung","description":"In Riad fand soeben ein weiterer Teil des saudischen Ringens um das Image der Erneuerung statt. Daf\u00fcr wurde ein internationales Jazz Festival mit hochkar\u00e4tiger Besetzung gegeben","robots":{"index":"index","follow":"follow","max-snippet":"max-snippet:-1","max-image-preview":"max-image-preview:large","max-video-preview":"max-video-preview:-1"},"canonical":"https:\/\/www.jazzzeitung.de\/cms\/2024\/02\/aufbruch-in-den-jazz\/","og_locale":"de_DE","og_type":"article","og_title":"Aufbruch in den Jazz: Eindr\u00fccke vom 1. Internationalen Jazz Festival im saudi-arabischen Riad - JazzZeitung","og_description":"In Riad fand soeben ein weiterer Teil des saudischen Ringens um das Image der Erneuerung statt. Daf\u00fcr wurde ein internationales Jazz Festival mit hochkar\u00e4tiger Besetzung gegeben","og_url":"https:\/\/www.jazzzeitung.de\/cms\/2024\/02\/aufbruch-in-den-jazz\/","og_site_name":"JazzZeitung","article_publisher":"https:\/\/www.facebook.com\/JazzZeitung\/","article_published_time":"2024-02-16T06:00:03+00:00","og_image":[{"width":2560,"height":1714,"url":"https:\/\/i0.wp.com\/www.jazzzeitung.de\/cms\/wp-content\/uploads\/2024\/02\/RJF_YoBrown6_OliverHochkeppel080224-scaled.jpg?fit=2560%2C1714&ssl=1","type":"image\/jpeg"}],"author":"Redaktion JazzZeitung","schema":{"@context":"https:\/\/schema.org","@graph":[{"@type":"Article","@id":"https:\/\/www.jazzzeitung.de\/cms\/2024\/02\/aufbruch-in-den-jazz\/#article","isPartOf":{"@id":"https:\/\/www.jazzzeitung.de\/cms\/2024\/02\/aufbruch-in-den-jazz\/"},"author":{"name":"Redaktion JazzZeitung","@id":"https:\/\/www.jazzzeitung.de\/cms\/#\/schema\/person\/2245b36b9cd1d24cea10f01c031fb92b"},"headline":"Aufbruch in den Jazz: Eindr\u00fccke vom 1. Internationalen Jazz Festival im saudi-arabischen Riad","datePublished":"2024-02-16T06:00:03+00:00","mainEntityOfPage":{"@id":"https:\/\/www.jazzzeitung.de\/cms\/2024\/02\/aufbruch-in-den-jazz\/"},"wordCount":1108,"commentCount":0,"publisher":{"@id":"https:\/\/www.jazzzeitung.de\/cms\/#organization"},"image":{"@id":"https:\/\/www.jazzzeitung.de\/cms\/2024\/02\/aufbruch-in-den-jazz\/#primaryimage"},"thumbnailUrl":"https:\/\/i0.wp.com\/www.jazzzeitung.de\/cms\/wp-content\/uploads\/2024\/02\/RJF_YoBrown6_OliverHochkeppel080224-scaled.jpg?fit=2560%2C1714&ssl=1","keywords":["Chaka Khan","Festival","Haitus Kaiyote","Kokoroko","Majaz","Masego","Oliver Hochkeppel","Riad","Saudi Arabien","The Cat Empire","YolanDa Brown"],"articleSection":["Bericht","Galerie"],"inLanguage":"de","potentialAction":[{"@type":"CommentAction","name":"Comment","target":["https:\/\/www.jazzzeitung.de\/cms\/2024\/02\/aufbruch-in-den-jazz\/#respond"]}]},{"@type":"WebPage","@id":"https:\/\/www.jazzzeitung.de\/cms\/2024\/02\/aufbruch-in-den-jazz\/","url":"https:\/\/www.jazzzeitung.de\/cms\/2024\/02\/aufbruch-in-den-jazz\/","name":"Aufbruch in den Jazz: Eindr\u00fccke vom 1. Internationalen Jazz Festival im saudi-arabischen Riad - JazzZeitung","isPartOf":{"@id":"https:\/\/www.jazzzeitung.de\/cms\/#website"},"primaryImageOfPage":{"@id":"https:\/\/www.jazzzeitung.de\/cms\/2024\/02\/aufbruch-in-den-jazz\/#primaryimage"},"image":{"@id":"https:\/\/www.jazzzeitung.de\/cms\/2024\/02\/aufbruch-in-den-jazz\/#primaryimage"},"thumbnailUrl":"https:\/\/i0.wp.com\/www.jazzzeitung.de\/cms\/wp-content\/uploads\/2024\/02\/RJF_YoBrown6_OliverHochkeppel080224-scaled.jpg?fit=2560%2C1714&ssl=1","datePublished":"2024-02-16T06:00:03+00:00","description":"In Riad fand soeben ein weiterer Teil des saudischen Ringens um das Image der Erneuerung statt. Daf\u00fcr wurde ein internationales Jazz Festival mit hochkar\u00e4tiger Besetzung gegeben","breadcrumb":{"@id":"https:\/\/www.jazzzeitung.de\/cms\/2024\/02\/aufbruch-in-den-jazz\/#breadcrumb"},"inLanguage":"de","potentialAction":[{"@type":"ReadAction","target":["https:\/\/www.jazzzeitung.de\/cms\/2024\/02\/aufbruch-in-den-jazz\/"]}]},{"@type":"ImageObject","inLanguage":"de","@id":"https:\/\/www.jazzzeitung.de\/cms\/2024\/02\/aufbruch-in-den-jazz\/#primaryimage","url":"https:\/\/i0.wp.com\/www.jazzzeitung.de\/cms\/wp-content\/uploads\/2024\/02\/RJF_YoBrown6_OliverHochkeppel080224-scaled.jpg?fit=2560%2C1714&ssl=1","contentUrl":"https:\/\/i0.wp.com\/www.jazzzeitung.de\/cms\/wp-content\/uploads\/2024\/02\/RJF_YoBrown6_OliverHochkeppel080224-scaled.jpg?fit=2560%2C1714&ssl=1","width":2560,"height":1714},{"@type":"BreadcrumbList","@id":"https:\/\/www.jazzzeitung.de\/cms\/2024\/02\/aufbruch-in-den-jazz\/#breadcrumb","itemListElement":[{"@type":"ListItem","position":1,"name":"Startseite","item":"https:\/\/www.jazzzeitung.de\/cms\/"},{"@type":"ListItem","position":2,"name":"Aufbruch in den Jazz: Eindr\u00fccke vom 1. Internationalen Jazz Festival im saudi-arabischen Riad"}]},{"@type":"WebSite","@id":"https:\/\/www.jazzzeitung.de\/cms\/#website","url":"https:\/\/www.jazzzeitung.de\/cms\/","name":"JazzZeitung","description":"Jazz-News und Jazz-Kontroverses","publisher":{"@id":"https:\/\/www.jazzzeitung.de\/cms\/#organization"},"potentialAction":[{"@type":"SearchAction","target":{"@type":"EntryPoint","urlTemplate":"https:\/\/www.jazzzeitung.de\/cms\/?s={search_term_string}"},"query-input":{"@type":"PropertyValueSpecification","valueRequired":true,"valueName":"search_term_string"}}],"inLanguage":"de"},{"@type":"Organization","@id":"https:\/\/www.jazzzeitung.de\/cms\/#organization","name":"JazzZeitung online","url":"https:\/\/www.jazzzeitung.de\/cms\/","logo":{"@type":"ImageObject","inLanguage":"de","@id":"https:\/\/www.jazzzeitung.de\/cms\/#\/schema\/logo\/image\/","url":"https:\/\/i0.wp.com\/www.jazzzeitung.de\/cms\/wp-content\/uploads\/2015\/08\/JAZZZEITUNGDE_Logo_Neu.png?fit=499%2C200&ssl=1","contentUrl":"https:\/\/i0.wp.com\/www.jazzzeitung.de\/cms\/wp-content\/uploads\/2015\/08\/JAZZZEITUNGDE_Logo_Neu.png?fit=499%2C200&ssl=1","width":499,"height":200,"caption":"JazzZeitung online"},"image":{"@id":"https:\/\/www.jazzzeitung.de\/cms\/#\/schema\/logo\/image\/"},"sameAs":["https:\/\/www.facebook.com\/JazzZeitung\/"]},{"@type":"Person","@id":"https:\/\/www.jazzzeitung.de\/cms\/#\/schema\/person\/2245b36b9cd1d24cea10f01c031fb92b","name":"Redaktion JazzZeitung","image":{"@type":"ImageObject","inLanguage":"de","@id":"https:\/\/i0.wp.com\/www.jazzzeitung.de\/cms\/wp-content\/uploads\/2015\/08\/JAZZZEITUNGDE_Logo_Neu.png?resize=96%2C96&ssl=159975dcacb611b5700bd619b5daf0a7a","url":"https:\/\/i0.wp.com\/www.jazzzeitung.de\/cms\/wp-content\/uploads\/2015\/08\/JAZZZEITUNGDE_Logo_Neu.png?resize=96%2C96&ssl=1","contentUrl":"https:\/\/i0.wp.com\/www.jazzzeitung.de\/cms\/wp-content\/uploads\/2015\/08\/JAZZZEITUNGDE_Logo_Neu.png?resize=96%2C96&ssl=1","caption":"Redaktion JazzZeitung"},"description":"Artikel der Redaktion der JazzZeitung.","sameAs":["http:\/\/www.jazzzeitung.de\/cms\/"],"url":"https:\/\/www.jazzzeitung.de\/cms\/author\/redaktion\/"}]}},"wp-worthy-pixel":{"ignored":false,"public":null,"server":null,"url":null},"wp-worthy-type":"normal","jetpack_publicize_connections":[],"cc_featured_image_caption":{"caption_text":"","source_text":"","source_url":""},"jetpack_featured_media_url":"https:\/\/i0.wp.com\/www.jazzzeitung.de\/cms\/wp-content\/uploads\/2024\/02\/RJF_YoBrown6_OliverHochkeppel080224-scaled.jpg?fit=2560%2C1714&ssl=1","jetpack_shortlink":"https:\/\/wp.me\/p3KEcT-7Xr","jetpack-related-posts":[{"id":14461,"url":"https:\/\/www.jazzzeitung.de\/cms\/2017\/12\/die-jazz-radiowoche-vom-11-12-bis-17-12-2017\/","url_meta":{"origin":30593,"position":0},"title":"Die Jazz-Radiowoche vom 11.12. bis 17.12.2017","author":"Huflaikhan","date":"10. Dezember 2017","format":false,"excerpt":"Ein subjektiver Blick in die Jazzwoche 50 im Radio. Unter anderem mit: Gregory Porter, New Jazz Meeting 2016, Philip Catherine, SWR NEWJazz Meeting, NDR Bigband, Woody Herman, Fred Hersch, Eric Marienthal, NUEJAZZ Festival, John Surman, Anouar Brahem, Dhafer Youssef, Kurt Henkels, Ren\u00e9 Urtreger, Markus Stockhausen, Lee Konitz \u201eThe Lee Konitz\u2026","rel":"","context":"In &quot;News&quot;","block_context":{"text":"News","link":"https:\/\/www.jazzzeitung.de\/cms\/thema\/nachrichten\/"},"img":{"alt_text":"Jazz im Radio","src":"https:\/\/i0.wp.com\/www.jazzzeitung.de\/cms\/wp-content\/uploads\/2017\/10\/radio-jazz-neu.jpg?fit=1200%2C900&ssl=1&resize=350%2C200","width":350,"height":200,"srcset":"https:\/\/i0.wp.com\/www.jazzzeitung.de\/cms\/wp-content\/uploads\/2017\/10\/radio-jazz-neu.jpg?fit=1200%2C900&ssl=1&resize=350%2C200 1x, https:\/\/i0.wp.com\/www.jazzzeitung.de\/cms\/wp-content\/uploads\/2017\/10\/radio-jazz-neu.jpg?fit=1200%2C900&ssl=1&resize=525%2C300 1.5x, https:\/\/i0.wp.com\/www.jazzzeitung.de\/cms\/wp-content\/uploads\/2017\/10\/radio-jazz-neu.jpg?fit=1200%2C900&ssl=1&resize=700%2C400 2x, https:\/\/i0.wp.com\/www.jazzzeitung.de\/cms\/wp-content\/uploads\/2017\/10\/radio-jazz-neu.jpg?fit=1200%2C900&ssl=1&resize=1050%2C600 3x"},"classes":[]},{"id":30181,"url":"https:\/\/www.jazzzeitung.de\/cms\/2023\/10\/ebe-jazz-23-was-das-festival-herz-begehrt\/","url_meta":{"origin":30593,"position":1},"title":"EBE-Jazz 23: was das Festival-Herz begehrt","author":"Redaktion JazzZeitung","date":"28. Oktober 2023","format":false,"excerpt":"Gro\u00dfe Ereignisse werfen ihre Schatten voraus. So auch beim diesj\u00e4hrigen EBE-Jazz 23. Das Eberberger Jazzfestival, das seit 2015 alle zwei Jahre stattfindet, hatte werbetechnisch eine ganz besondere Aktion vorbereitet. Eine Woche vor Beginn, und damit gleich nach der bayerischen Landtagswahl, wurden die Plakatw\u00e4nde der Parteien, offiziell genehmigt, unter dem Motto\u2026","rel":"","context":"In &quot;Bericht&quot;","block_context":{"text":"Bericht","link":"https:\/\/www.jazzzeitung.de\/cms\/thema\/bericht\/"},"img":{"alt_text":"","src":"https:\/\/i0.wp.com\/www.jazzzeitung.de\/cms\/wp-content\/uploads\/2023\/10\/P2658128-Fresu-5-Foto-TJ-Krebs.jpg?fit=1200%2C823&ssl=1&resize=350%2C200","width":350,"height":200,"srcset":"https:\/\/i0.wp.com\/www.jazzzeitung.de\/cms\/wp-content\/uploads\/2023\/10\/P2658128-Fresu-5-Foto-TJ-Krebs.jpg?fit=1200%2C823&ssl=1&resize=350%2C200 1x, https:\/\/i0.wp.com\/www.jazzzeitung.de\/cms\/wp-content\/uploads\/2023\/10\/P2658128-Fresu-5-Foto-TJ-Krebs.jpg?fit=1200%2C823&ssl=1&resize=525%2C300 1.5x, https:\/\/i0.wp.com\/www.jazzzeitung.de\/cms\/wp-content\/uploads\/2023\/10\/P2658128-Fresu-5-Foto-TJ-Krebs.jpg?fit=1200%2C823&ssl=1&resize=700%2C400 2x, https:\/\/i0.wp.com\/www.jazzzeitung.de\/cms\/wp-content\/uploads\/2023\/10\/P2658128-Fresu-5-Foto-TJ-Krebs.jpg?fit=1200%2C823&ssl=1&resize=1050%2C600 3x"},"classes":[]},{"id":19152,"url":"https:\/\/www.jazzzeitung.de\/cms\/2019\/04\/ebe-jazz-2019-mit-konzerten-ausstellungen-und-neuen-formaten\/","url_meta":{"origin":30593,"position":2},"title":"Konzerte, Ausstellungen und neue Formate: das EBE-JAZZ 2019","author":"Redaktion JazzZeitung","date":"16. April 2019","format":false,"excerpt":"Beim 3. internationalen Festival EBE-JAZZ in Ebersberg und Grafing sind vom 12. bis 20. Oktober 2019 wieder viele internationale Jazz-Gr\u00f6\u00dfen, unter anderem das Brecker Liebman Copland 5tet, zu Gast. EBE-JAZZ hat sich zu einem kulturellen Event mit \u00fcberregionaler Bedeutung entwickelt. \u00dcber 3.000 G\u00e4ste z\u00e4hlten die Veranstalter bei den letzten beiden\u2026","rel":"","context":"In &quot;News&quot;","block_context":{"text":"News","link":"https:\/\/www.jazzzeitung.de\/cms\/thema\/nachrichten\/"},"img":{"alt_text":"","src":"https:\/\/i0.wp.com\/www.jazzzeitung.de\/cms\/wp-content\/uploads\/2019\/04\/Randy-Brecker-by-JohnAbbottWEB.jpg?fit=936%2C603&ssl=1&resize=350%2C200","width":350,"height":200,"srcset":"https:\/\/i0.wp.com\/www.jazzzeitung.de\/cms\/wp-content\/uploads\/2019\/04\/Randy-Brecker-by-JohnAbbottWEB.jpg?fit=936%2C603&ssl=1&resize=350%2C200 1x, https:\/\/i0.wp.com\/www.jazzzeitung.de\/cms\/wp-content\/uploads\/2019\/04\/Randy-Brecker-by-JohnAbbottWEB.jpg?fit=936%2C603&ssl=1&resize=525%2C300 1.5x, https:\/\/i0.wp.com\/www.jazzzeitung.de\/cms\/wp-content\/uploads\/2019\/04\/Randy-Brecker-by-JohnAbbottWEB.jpg?fit=936%2C603&ssl=1&resize=700%2C400 2x"},"classes":[]},{"id":19901,"url":"https:\/\/www.jazzzeitung.de\/cms\/2019\/06\/news-hammond-keys-bei-bingen-swingt-jazz-in-the-garden-im-juedischen-museum-berlin\/","url_meta":{"origin":30593,"position":3},"title":"+++ news +++ \u201eHammond &#038; Keys\u201c \u2013 BINGEN SWINGT startet heute +++ \u201eJazz in the Garden\u201c im J\u00fcdischen Museum Berlin +++","author":"Redaktion JazzZeitung","date":"28. Juni 2019","format":false,"excerpt":"Zum 24. Mal l\u00e4dt die Stadt Bingen am Rhein zum Internationalen Jazzfestival BINGEN SWINGT ans Tor zum UNESCO Welterbe Oberes Mittelrheintal ein. 2019 steht das Festival unter dem Motto \u201ehammond and keys\u201c. Als Koryph\u00e4e an der Hammond-Orgel wird Barbara Dennerlein zu Gast sein. Barbara Dennerlein wei\u00df das, was sie beim\u2026","rel":"","context":"In &quot;News&quot;","block_context":{"text":"News","link":"https:\/\/www.jazzzeitung.de\/cms\/thema\/nachrichten\/"},"img":{"alt_text":"","src":"https:\/\/i0.wp.com\/www.jazzzeitung.de\/cms\/wp-content\/uploads\/2019\/06\/yael-badash-galleryimage.jpg?fit=1060%2C703&ssl=1&resize=350%2C200","width":350,"height":200,"srcset":"https:\/\/i0.wp.com\/www.jazzzeitung.de\/cms\/wp-content\/uploads\/2019\/06\/yael-badash-galleryimage.jpg?fit=1060%2C703&ssl=1&resize=350%2C200 1x, https:\/\/i0.wp.com\/www.jazzzeitung.de\/cms\/wp-content\/uploads\/2019\/06\/yael-badash-galleryimage.jpg?fit=1060%2C703&ssl=1&resize=525%2C300 1.5x, https:\/\/i0.wp.com\/www.jazzzeitung.de\/cms\/wp-content\/uploads\/2019\/06\/yael-badash-galleryimage.jpg?fit=1060%2C703&ssl=1&resize=700%2C400 2x, https:\/\/i0.wp.com\/www.jazzzeitung.de\/cms\/wp-content\/uploads\/2019\/06\/yael-badash-galleryimage.jpg?fit=1060%2C703&ssl=1&resize=1050%2C600 3x"},"classes":[]},{"id":33241,"url":"https:\/\/www.jazzzeitung.de\/cms\/2025\/10\/die-ebersberger-jazztage-ein-grandioses-fuer-miteinander\/","url_meta":{"origin":30593,"position":4},"title":"Die Ebersberger Jazztage \u2013 ein grandioses F\u00fcr- &#038; Miteinander!","author":"Thomas J. Krebs","date":"22. Oktober 2025","format":false,"excerpt":"Nebel \u00fcber den Feldern, Bl\u00e4tter rascheln auf dem Boden \u2013 es ist Herbst, k\u00fchl und grau. In Ebersberg\/Grafing dagegen bringt der Jazz Stimmung und Farbe in die Bude. Zum sechsten Mal fanden dieses Jahr die Internationalen Ebersberger Jazztage statt. Mit 19 Veranstaltungen in 7 Locations, 110 Musikern und tausenden jazzgeisterten\u2026","rel":"","context":"In &quot;Bericht&quot;","block_context":{"text":"Bericht","link":"https:\/\/www.jazzzeitung.de\/cms\/thema\/bericht\/"},"img":{"alt_text":"","src":"https:\/\/i0.wp.com\/www.jazzzeitung.de\/cms\/wp-content\/uploads\/2025\/10\/AUFMACHERFOTO-P1835551-Mare-Nostrum-Foto-TJ-Krebs.jpg?fit=1200%2C811&ssl=1&resize=350%2C200","width":350,"height":200,"srcset":"https:\/\/i0.wp.com\/www.jazzzeitung.de\/cms\/wp-content\/uploads\/2025\/10\/AUFMACHERFOTO-P1835551-Mare-Nostrum-Foto-TJ-Krebs.jpg?fit=1200%2C811&ssl=1&resize=350%2C200 1x, https:\/\/i0.wp.com\/www.jazzzeitung.de\/cms\/wp-content\/uploads\/2025\/10\/AUFMACHERFOTO-P1835551-Mare-Nostrum-Foto-TJ-Krebs.jpg?fit=1200%2C811&ssl=1&resize=525%2C300 1.5x, https:\/\/i0.wp.com\/www.jazzzeitung.de\/cms\/wp-content\/uploads\/2025\/10\/AUFMACHERFOTO-P1835551-Mare-Nostrum-Foto-TJ-Krebs.jpg?fit=1200%2C811&ssl=1&resize=700%2C400 2x, https:\/\/i0.wp.com\/www.jazzzeitung.de\/cms\/wp-content\/uploads\/2025\/10\/AUFMACHERFOTO-P1835551-Mare-Nostrum-Foto-TJ-Krebs.jpg?fit=1200%2C811&ssl=1&resize=1050%2C600 3x"},"classes":[]},{"id":10414,"url":"https:\/\/www.jazzzeitung.de\/cms\/2016\/10\/tanzender-schmetterling-im-hurrikan\/","url_meta":{"origin":30593,"position":5},"title":"Tanzender Schmetterling im Hurrikan","author":"Redaktion JazzZeitung","date":"20. Oktober 2016","format":false,"excerpt":"Zum 30-j\u00e4hrigen Bandjubil\u00e4um machten die \u201eFun Horns\u201c Halt beim Jazzclub im Regensburg \u2013 und begeisterten mit anspruchsvollem Akustikspiel. Vier Musiker, sieben Blasinstrumente und sonst nichts auf der B\u00fchne. Halt, ein Mikrofon f\u00fcr die Ansage noch, Mineralwasserflaschen und kleine vergn\u00fcgliche Erz\u00e4hlungen aus dem Tourleben, aus der Vergangenheit und von Aufnahmesessions im\u2026","rel":"","context":"In &quot;Bericht&quot;","block_context":{"text":"Bericht","link":"https:\/\/www.jazzzeitung.de\/cms\/thema\/bericht\/"},"img":{"alt_text":"","src":"https:\/\/i0.wp.com\/www.jazzzeitung.de\/cms\/wp-content\/uploads\/2016\/10\/FunHorns_74.jpg?resize=350%2C200","width":350,"height":200,"srcset":"https:\/\/i0.wp.com\/www.jazzzeitung.de\/cms\/wp-content\/uploads\/2016\/10\/FunHorns_74.jpg?resize=350%2C200 1x, https:\/\/i0.wp.com\/www.jazzzeitung.de\/cms\/wp-content\/uploads\/2016\/10\/FunHorns_74.jpg?resize=525%2C300 1.5x, https:\/\/i0.wp.com\/www.jazzzeitung.de\/cms\/wp-content\/uploads\/2016\/10\/FunHorns_74.jpg?resize=700%2C400 2x, https:\/\/i0.wp.com\/www.jazzzeitung.de\/cms\/wp-content\/uploads\/2016\/10\/FunHorns_74.jpg?resize=1050%2C600 3x, https:\/\/i0.wp.com\/www.jazzzeitung.de\/cms\/wp-content\/uploads\/2016\/10\/FunHorns_74.jpg?resize=1400%2C800 4x"},"classes":[]}],"jetpack_sharing_enabled":true,"_links":{"self":[{"href":"https:\/\/www.jazzzeitung.de\/cms\/wp-json\/wp\/v2\/posts\/30593","targetHints":{"allow":["GET"]}}],"collection":[{"href":"https:\/\/www.jazzzeitung.de\/cms\/wp-json\/wp\/v2\/posts"}],"about":[{"href":"https:\/\/www.jazzzeitung.de\/cms\/wp-json\/wp\/v2\/types\/post"}],"author":[{"embeddable":true,"href":"https:\/\/www.jazzzeitung.de\/cms\/wp-json\/wp\/v2\/users\/18"}],"replies":[{"embeddable":true,"href":"https:\/\/www.jazzzeitung.de\/cms\/wp-json\/wp\/v2\/comments?post=30593"}],"version-history":[{"count":8,"href":"https:\/\/www.jazzzeitung.de\/cms\/wp-json\/wp\/v2\/posts\/30593\/revisions"}],"predecessor-version":[{"id":30628,"href":"https:\/\/www.jazzzeitung.de\/cms\/wp-json\/wp\/v2\/posts\/30593\/revisions\/30628"}],"wp:featuredmedia":[{"embeddable":true,"href":"https:\/\/www.jazzzeitung.de\/cms\/wp-json\/wp\/v2\/media\/30595"}],"wp:attachment":[{"href":"https:\/\/www.jazzzeitung.de\/cms\/wp-json\/wp\/v2\/media?parent=30593"}],"wp:term":[{"taxonomy":"category","embeddable":true,"href":"https:\/\/www.jazzzeitung.de\/cms\/wp-json\/wp\/v2\/categories?post=30593"},{"taxonomy":"post_tag","embeddable":true,"href":"https:\/\/www.jazzzeitung.de\/cms\/wp-json\/wp\/v2\/tags?post=30593"},{"taxonomy":"author","embeddable":true,"href":"https:\/\/www.jazzzeitung.de\/cms\/wp-json\/wp\/v2\/coauthors?post=30593"}],"curies":[{"name":"wp","href":"https:\/\/api.w.org\/{rel}","templated":true}]}}