{"id":30569,"date":"2024-02-08T08:46:15","date_gmt":"2024-02-08T07:46:15","guid":{"rendered":"https:\/\/www.jazzzeitung.de\/cms\/?p=30569"},"modified":"2024-02-07T13:09:10","modified_gmt":"2024-02-07T12:09:10","slug":"news-camille-buscot-zur-dju-martin-schmitt-in-oberthulba-jazzfestival-saalfelden-2024","status":"publish","type":"post","link":"https:\/\/www.jazzzeitung.de\/cms\/2024\/02\/news-camille-buscot-zur-dju-martin-schmitt-in-oberthulba-jazzfestival-saalfelden-2024\/","title":{"rendered":"+++ news +++ Camille Buscot zur DJU +++ Martin Schmitt in Oberthulba +++ Jazzfestival Saalfelden 2024 +++"},"content":{"rendered":"<h3>+++ Camille Buscot wird neue Gesch\u00e4ftsf\u00fchrerin der Deutschen Jazzunion +++<\/h3>\n<p>(PM Deutsche Jazzunion) Stabs\u00fcbergabe beim Sprachrohr der Jazzmusiker*innen in Deutschland: Die erfahrene Kulturmanagerin und Mitstreiterin der Jazz- und Improvisationsszene <strong>Camille Buscot<\/strong> \u00fcbernimmt ab dem 1. Mai die Gesch\u00e4ftsf\u00fchrung der Deutschen Jazzunion. Ihr Vorg\u00e4nger Urs Johnen wird nach achtj\u00e4hriger Amtszeit im Rahmen der jazzahead! in Bremen verabschiedet.<\/p>\n<p>\u201eDie Akteur*innen der Jazz- und Improvisationsszene leisten in all ihrer Vielfalt und Authentizit\u00e4t wertvolle Beitr\u00e4ge zu unserer freiheitlich-demokratischen Gesellschaft\u201d, so\u00a0Camille Buscot. \u201eIch freue mich darauf, die Deutsche Jazzunion mit ihren \u00fcber 1.600 Mitgliedern mit frischen Ideen und Impulsen in eine neue \u00c4ra zu begleiten und bedanke mich f\u00fcr das Vertrauen!\u201c<\/p>\n<h4>Berliner Basis<\/h4>\n<p>Die in Deutschland geborene und aufgewachsene Franz\u00f6sin hat an der Humboldt-Universit\u00e4t zu Berlin Kulturwissenschaft und Kunst- und Bildgeschichte studiert. Nach Stationen im Projekt- und Orchestermanagement sowie der kulturwissenschaftlichen Forschung war sie 2016 zur Deutschen Jazzunion gekommen. Dort war sie zuletzt bis Sommer 2023 als Leiterin Kommunikation &amp; Netzwerke t\u00e4tig. Durch ihre beruflichen Erfahrungen als Projektleiterin der Jazzwoche Berlin und als Gesch\u00e4ftsf\u00fchrerin der IG Jazz Berlin verf\u00fcgt sie \u00fcber Expertise in der kulturpolitischen Verbandsarbeit und umfangreiche Kenntnisse der Jazz-, Improvisations- und Kulturszene. Sie wohnt mit ihren zwei Kindern und ihrem Mann in Berlin.<\/p>\n<h3>+++ Martin Schmitt +++ \u201eBlues mit Lustig\u201c +++ Pianob\u00fchne Oberthulba<\/h3>\n<p>Martin Schmitt, der Meister an den Tasten aus M\u00fcnchen, spielt solo am Steinway-Konzert-Fl\u00fcgel auf der Pianob\u00fchne Oberthulba\u00a0Blues und Boogie &amp; Woogie. Garniert wird der Abend am <strong>15. M\u00e4rz ab 20 Uhr<\/strong> mit Gesang, bester Moderation und Comedy! Der Klavierkabarettist und Gewinner des \u201eFr\u00e4nkischen Kabarett-Preises\u201c 2022, bekannt aus Funk und Fernsehen gastiert zum vierten Mal bei Peter Kleinhenz. Der Titel des Abends <strong>\u201eJetzt is Blues mit Lustig\u201c<\/strong> l\u00e4sst humorvolle Texte und spontane Jams erwarten.<\/p>\n<p><img data-recalc-dims=\"1\" loading=\"lazy\" decoding=\"async\" data-attachment-id=\"30570\" data-permalink=\"https:\/\/www.jazzzeitung.de\/cms\/2024\/02\/news-camille-buscot-zur-dju-martin-schmitt-in-oberthulba-jazzfestival-saalfelden-2024\/martin-schmitt-ii-2\/\" data-orig-file=\"https:\/\/i0.wp.com\/www.jazzzeitung.de\/cms\/wp-content\/uploads\/2024\/02\/martin-schmitt-II-scaled.jpg?fit=2560%2C1706&amp;ssl=1\" data-orig-size=\"2560,1706\" data-comments-opened=\"1\" data-image-meta=\"{&quot;aperture&quot;:&quot;0&quot;,&quot;credit&quot;:&quot;&quot;,&quot;camera&quot;:&quot;&quot;,&quot;caption&quot;:&quot;&quot;,&quot;created_timestamp&quot;:&quot;0&quot;,&quot;copyright&quot;:&quot;Copyright: Marco Pusch&quot;,&quot;focal_length&quot;:&quot;0&quot;,&quot;iso&quot;:&quot;0&quot;,&quot;shutter_speed&quot;:&quot;0&quot;,&quot;title&quot;:&quot;&quot;,&quot;orientation&quot;:&quot;0&quot;}\" data-image-title=\"martin schmitt II\" data-image-description=\"\" data-image-caption=\"\" data-large-file=\"https:\/\/i0.wp.com\/www.jazzzeitung.de\/cms\/wp-content\/uploads\/2024\/02\/martin-schmitt-II-scaled.jpg?fit=840%2C560&amp;ssl=1\" class=\"alignleft wp-image-30570 size-full\" src=\"https:\/\/i0.wp.com\/www.jazzzeitung.de\/cms\/wp-content\/uploads\/2024\/02\/martin-schmitt-II-scaled.jpg?resize=840%2C560&#038;ssl=1\" alt=\"\" width=\"840\" height=\"560\" srcset=\"https:\/\/i0.wp.com\/www.jazzzeitung.de\/cms\/wp-content\/uploads\/2024\/02\/martin-schmitt-II-scaled.jpg?w=2560&amp;ssl=1 2560w, https:\/\/i0.wp.com\/www.jazzzeitung.de\/cms\/wp-content\/uploads\/2024\/02\/martin-schmitt-II-scaled.jpg?resize=300%2C200&amp;ssl=1 300w, https:\/\/i0.wp.com\/www.jazzzeitung.de\/cms\/wp-content\/uploads\/2024\/02\/martin-schmitt-II-scaled.jpg?resize=900%2C600&amp;ssl=1 900w, https:\/\/i0.wp.com\/www.jazzzeitung.de\/cms\/wp-content\/uploads\/2024\/02\/martin-schmitt-II-scaled.jpg?resize=768%2C512&amp;ssl=1 768w, https:\/\/i0.wp.com\/www.jazzzeitung.de\/cms\/wp-content\/uploads\/2024\/02\/martin-schmitt-II-scaled.jpg?resize=1536%2C1024&amp;ssl=1 1536w, https:\/\/i0.wp.com\/www.jazzzeitung.de\/cms\/wp-content\/uploads\/2024\/02\/martin-schmitt-II-scaled.jpg?resize=2048%2C1365&amp;ssl=1 2048w, https:\/\/i0.wp.com\/www.jazzzeitung.de\/cms\/wp-content\/uploads\/2024\/02\/martin-schmitt-II-scaled.jpg?resize=120%2C80&amp;ssl=1 120w, https:\/\/i0.wp.com\/www.jazzzeitung.de\/cms\/wp-content\/uploads\/2024\/02\/martin-schmitt-II-scaled.jpg?resize=1320%2C880&amp;ssl=1 1320w, https:\/\/i0.wp.com\/www.jazzzeitung.de\/cms\/wp-content\/uploads\/2024\/02\/martin-schmitt-II-scaled.jpg?w=1680&amp;ssl=1 1680w\" sizes=\"auto, (max-width: 840px) 100vw, 840px\" \/><\/p>\n<p>Karten unter Tel. 09736\/657 oder <a href=\"mailto:info@piano.de\">info@piano.de<\/a><\/p>\n<p><a href=\"http:\/\/www.pianobuehne.de\">www.pianobuehne.de<\/a><\/p>\n<h3>+++ Jazzfestival Saalfelden 2024: Vorverkauf beginnt +++<\/h3>\n<p>(PM) Das Jazzfestival Saalfelden, das vom 22. Bis 25. August 2024 zum bereits 44. Mal in Saalfelden Leogang stattfindet, ist vollgepackt mit Musik, besonderen Spielst\u00e4tten und interessanten Begegnungen. Es erwarten euch mehr als 60 Konzerte in der Stadt, in Wald und Flur, musikalische Wanderungen und Konzerte am Berg sowie auch wieder einige \u00dcberraschungen.<\/p>\n<h4>Anbei ein erster kleiner Ausblick auf die diesj\u00e4hrige Ausgabe:<\/h4>\n<p>Das Er\u00f6ffnungsprojekt auf der Hauptb\u00fchne wurde dieses Jahr an die in Wien lebende Klarinettistin Mona Matbou Riahi vergeben. Die geb\u00fcrtige Iranerin begeistere bereits im vergangenen Jahr mit der Formation \u201cMelting Pot\u201c beim Jazzfestival in der Buchbinderei Fuchs das Publikum und war in den Vorjahren immer wieder mit verschiedenen Projekten in Saalfelden zu Gast. Wir freuen uns deshalb umso mehr, dass sie 2024 im Rahmen des ehrenvollen Er\u00f6ffnungskonzertes auf der Mainstage gemeinsam mit den Musiker:innen Dorian Concept, Manu Mayr und Lou Zon performen wird.<\/p>\n<p>Ein weiteres Highlight im Line-Up bildet das Sextet \u201eTh\u00e9rapie de couple\u201c: Bandleader und Saxophonist Daniel Erdmann hat sich mit H\u00e9l\u00e8ne Duret (Klarinette\/Bassklarinette), Th\u00e9o Ceccaldi (Violine), Vincent Courtois (Violoncello), Robert Lucaciu (Kontrabass) und Eva Klesse (Schlagzeug) weltbekannte und gro\u00dfartige Musiker:innen f\u00fcr seine deutsch-franz\u00f6sische Formation \u201eTh\u00e9rapie de couple\u201c geholt und wird ein au\u00dfergew\u00f6hnliches Konzert auf der Mainstage im Congress zum Besten geben. Die Mitglieder seiner brillanten paartherapeutischen Musik-Runde vereint Erdmann zu einem fein austarierten, mitunter orchestralen Klanggef\u00fcge.<\/p>\n<p>Ein \u00f6sterreichisches Projekt, das seine Inspiration gleicherma\u00dfen aus der experimentellen als auch aus der beatlastigen Clubmusik bezieht, wird unter dem Titel\u00a0\u201eOtherMother\u201c rund um Arthur Fussy, Jul Dillier und Judith Schwarz in Saalfelden gastieren.<\/p>\n<p>Die famose Pianistin Kris Davis pr\u00e4sentiert mit ihrem Trio gemeinsam mit Robert Hurst und Johnathan Blake\u00a0ihr brandneues Album &#8222;Run the Gauntlet&#8220;, das erst im September erscheinen wird, bereits im August in Saalfelden. \u00a0Auch der umtriebige Schlagzeuger Oli Steidle wird uns sein neues Album mit den Killing Popes vorstellen.<\/p>\n<p>Der Ticketverkauf f\u00fcr das 44. Jazzfestival Saalfelden startet ab sofort.<\/p>\n<p><a href=\"https:\/\/tickets.jazzsaalfelden.com\/\">https:\/\/tickets.jazzsaalfelden.com\/<\/a><\/p>\n<p>&nbsp;<\/p>\n<p>&nbsp;<\/p>\n","protected":false},"excerpt":{"rendered":"<p>+++ Camille Buscot wird neue Gesch\u00e4ftsf\u00fchrerin der Deutschen Jazzunion +++ (PM Deutsche Jazzunion) Stabs\u00fcbergabe beim Sprachrohr der Jazzmusiker*innen in Deutschland: Die erfahrene Kulturmanagerin und Mitstreiterin der Jazz- und Improvisationsszene Camille Buscot \u00fcbernimmt ab dem 1. Mai die Gesch\u00e4ftsf\u00fchrung der Deutschen Jazzunion. Ihr Vorg\u00e4nger Urs Johnen wird nach achtj\u00e4hriger Amtszeit im Rahmen der jazzahead! in Bremen verabschiedet. \u201eDie Akteur*innen der Jazz- und Improvisationsszene leisten in all ihrer Vielfalt und Authentizit\u00e4t wertvolle Beitr\u00e4ge zu unserer freiheitlich-demokratischen Gesellschaft\u201d, so\u00a0Camille Buscot. \u201eIch freue mich darauf, die Deutsche Jazzunion mit ihren \u00fcber 1.600 Mitgliedern mit frischen Ideen und Impulsen in eine neue \u00c4ra zu begleiten und bedanke mich f\u00fcr das Vertrauen!\u201c Berliner Basis Die in Deutschland geborene und aufgewachsene Franz\u00f6sin hat an der Humboldt-Universit\u00e4t zu Berlin Kulturwissenschaft und Kunst- und Bildgeschichte studiert. Nach Stationen im Projekt- und Orchestermanagement sowie der kulturwissenschaftlichen Forschung war sie 2016 zur Deutschen Jazzunion gekommen. Dort war sie zuletzt bis Sommer 2023 als Leiterin Kommunikation &amp; Netzwerke t\u00e4tig. Durch ihre beruflichen Erfahrungen als Projektleiterin der Jazzwoche Berlin und als Gesch\u00e4ftsf\u00fchrerin der IG Jazz Berlin verf\u00fcgt sie \u00fcber Expertise in der kulturpolitischen Verbandsarbeit und umfangreiche Kenntnisse der &hellip;<\/p>\n","protected":false},"author":18,"featured_media":30571,"comment_status":"open","ping_status":"closed","sticky":false,"template":"","format":"standard","meta":{"_jetpack_memberships_contains_paid_content":false,"footnotes":"","jetpack_publicize_message":"","jetpack_publicize_feature_enabled":true,"jetpack_social_post_already_shared":false,"jetpack_social_options":{"image_generator_settings":{"template":"highway","default_image_id":0,"font":"","enabled":false},"version":2}},"categories":[633],"tags":[5270,2445,1124,5271,2867],"coauthors":[695],"class_list":["post-30569","post","type-post","status-publish","format-standard","has-post-thumbnail","hentry","category-nachrichten","tag-camille-buscot","tag-deutsche-jazzunion","tag-jazzfestival-saalfelden","tag-martin-schmitt","tag-pianobuehne-oberthulba"],"yoast_head":"<!-- This site is optimized with the Yoast SEO plugin v27.5 - https:\/\/yoast.com\/product\/yoast-seo-wordpress\/ -->\n<title>+++ news +++ Camille Buscot zur DJU +++ Martin Schmitt in Oberthulba +++ Jazzfestival Saalfelden 2024 +++ - JazzZeitung<\/title>\n<meta name=\"robots\" content=\"index, follow, max-snippet:-1, max-image-preview:large, max-video-preview:-1\" \/>\n<link rel=\"canonical\" href=\"https:\/\/www.jazzzeitung.de\/cms\/2024\/02\/news-camille-buscot-zur-dju-martin-schmitt-in-oberthulba-jazzfestival-saalfelden-2024\/\" \/>\n<meta property=\"og:locale\" content=\"de_DE\" \/>\n<meta property=\"og:type\" content=\"article\" \/>\n<meta property=\"og:title\" content=\"+++ news +++ Camille Buscot zur DJU +++ Martin Schmitt in Oberthulba +++ Jazzfestival Saalfelden 2024 +++ - JazzZeitung\" \/>\n<meta property=\"og:description\" content=\"+++ Camille Buscot wird neue Gesch\u00e4ftsf\u00fchrerin der Deutschen Jazzunion +++ (PM Deutsche Jazzunion) Stabs\u00fcbergabe beim Sprachrohr der Jazzmusiker*innen in Deutschland: Die erfahrene Kulturmanagerin und Mitstreiterin der Jazz- und Improvisationsszene Camille Buscot \u00fcbernimmt ab dem 1. Mai die Gesch\u00e4ftsf\u00fchrung der Deutschen Jazzunion. Ihr Vorg\u00e4nger Urs Johnen wird nach achtj\u00e4hriger Amtszeit im Rahmen der jazzahead! in Bremen verabschiedet. \u201eDie Akteur*innen der Jazz- und Improvisationsszene leisten in all ihrer Vielfalt und Authentizit\u00e4t wertvolle Beitr\u00e4ge zu unserer freiheitlich-demokratischen Gesellschaft\u201d, so\u00a0Camille Buscot. \u201eIch freue mich darauf, die Deutsche Jazzunion mit ihren \u00fcber 1.600 Mitgliedern mit frischen Ideen und Impulsen in eine neue \u00c4ra zu begleiten und bedanke mich f\u00fcr das Vertrauen!\u201c Berliner Basis Die in Deutschland geborene und aufgewachsene Franz\u00f6sin hat an der Humboldt-Universit\u00e4t zu Berlin Kulturwissenschaft und Kunst- und Bildgeschichte studiert. Nach Stationen im Projekt- und Orchestermanagement sowie der kulturwissenschaftlichen Forschung war sie 2016 zur Deutschen Jazzunion gekommen. Dort war sie zuletzt bis Sommer 2023 als Leiterin Kommunikation &amp; Netzwerke t\u00e4tig. Durch ihre beruflichen Erfahrungen als Projektleiterin der Jazzwoche Berlin und als Gesch\u00e4ftsf\u00fchrerin der IG Jazz Berlin verf\u00fcgt sie \u00fcber Expertise in der kulturpolitischen Verbandsarbeit und umfangreiche Kenntnisse der &hellip;\" \/>\n<meta property=\"og:url\" content=\"https:\/\/www.jazzzeitung.de\/cms\/2024\/02\/news-camille-buscot-zur-dju-martin-schmitt-in-oberthulba-jazzfestival-saalfelden-2024\/\" \/>\n<meta property=\"og:site_name\" content=\"JazzZeitung\" \/>\n<meta property=\"article:publisher\" content=\"https:\/\/www.facebook.com\/JazzZeitung\/\" \/>\n<meta property=\"article:published_time\" content=\"2024-02-08T07:46:15+00:00\" \/>\n<meta property=\"og:image\" content=\"https:\/\/i0.wp.com\/www.jazzzeitung.de\/cms\/wp-content\/uploads\/2024\/02\/Camille-BuscoBen-Gross.jpeg?fit=850%2C567&ssl=1\" \/>\n\t<meta property=\"og:image:width\" content=\"850\" \/>\n\t<meta property=\"og:image:height\" content=\"567\" \/>\n\t<meta property=\"og:image:type\" content=\"image\/jpeg\" \/>\n<meta name=\"author\" content=\"Redaktion JazzZeitung\" \/>\n<script type=\"application\/ld+json\" class=\"yoast-schema-graph\">{\"@context\":\"https:\\\/\\\/schema.org\",\"@graph\":[{\"@type\":\"Article\",\"@id\":\"https:\\\/\\\/www.jazzzeitung.de\\\/cms\\\/2024\\\/02\\\/news-camille-buscot-zur-dju-martin-schmitt-in-oberthulba-jazzfestival-saalfelden-2024\\\/#article\",\"isPartOf\":{\"@id\":\"https:\\\/\\\/www.jazzzeitung.de\\\/cms\\\/2024\\\/02\\\/news-camille-buscot-zur-dju-martin-schmitt-in-oberthulba-jazzfestival-saalfelden-2024\\\/\"},\"author\":{\"name\":\"Redaktion JazzZeitung\",\"@id\":\"https:\\\/\\\/www.jazzzeitung.de\\\/cms\\\/#\\\/schema\\\/person\\\/2245b36b9cd1d24cea10f01c031fb92b\"},\"headline\":\"+++ news +++ Camille Buscot zur DJU +++ Martin Schmitt in Oberthulba +++ Jazzfestival Saalfelden 2024 +++\",\"datePublished\":\"2024-02-08T07:46:15+00:00\",\"mainEntityOfPage\":{\"@id\":\"https:\\\/\\\/www.jazzzeitung.de\\\/cms\\\/2024\\\/02\\\/news-camille-buscot-zur-dju-martin-schmitt-in-oberthulba-jazzfestival-saalfelden-2024\\\/\"},\"wordCount\":658,\"commentCount\":0,\"publisher\":{\"@id\":\"https:\\\/\\\/www.jazzzeitung.de\\\/cms\\\/#organization\"},\"image\":{\"@id\":\"https:\\\/\\\/www.jazzzeitung.de\\\/cms\\\/2024\\\/02\\\/news-camille-buscot-zur-dju-martin-schmitt-in-oberthulba-jazzfestival-saalfelden-2024\\\/#primaryimage\"},\"thumbnailUrl\":\"https:\\\/\\\/i0.wp.com\\\/www.jazzzeitung.de\\\/cms\\\/wp-content\\\/uploads\\\/2024\\\/02\\\/Camille-BuscoBen-Gross.jpeg?fit=850%2C567&ssl=1\",\"keywords\":[\"Camille Buscot\",\"Deutsche Jazzunion\",\"Jazzfestival Saalfelden\",\"Martin Schmitt\",\"Pianob\u00fchne Oberthulba\"],\"articleSection\":[\"News\"],\"inLanguage\":\"de\",\"potentialAction\":[{\"@type\":\"CommentAction\",\"name\":\"Comment\",\"target\":[\"https:\\\/\\\/www.jazzzeitung.de\\\/cms\\\/2024\\\/02\\\/news-camille-buscot-zur-dju-martin-schmitt-in-oberthulba-jazzfestival-saalfelden-2024\\\/#respond\"]}]},{\"@type\":\"WebPage\",\"@id\":\"https:\\\/\\\/www.jazzzeitung.de\\\/cms\\\/2024\\\/02\\\/news-camille-buscot-zur-dju-martin-schmitt-in-oberthulba-jazzfestival-saalfelden-2024\\\/\",\"url\":\"https:\\\/\\\/www.jazzzeitung.de\\\/cms\\\/2024\\\/02\\\/news-camille-buscot-zur-dju-martin-schmitt-in-oberthulba-jazzfestival-saalfelden-2024\\\/\",\"name\":\"+++ news +++ Camille Buscot zur DJU +++ Martin Schmitt in Oberthulba +++ Jazzfestival Saalfelden 2024 +++ - JazzZeitung\",\"isPartOf\":{\"@id\":\"https:\\\/\\\/www.jazzzeitung.de\\\/cms\\\/#website\"},\"primaryImageOfPage\":{\"@id\":\"https:\\\/\\\/www.jazzzeitung.de\\\/cms\\\/2024\\\/02\\\/news-camille-buscot-zur-dju-martin-schmitt-in-oberthulba-jazzfestival-saalfelden-2024\\\/#primaryimage\"},\"image\":{\"@id\":\"https:\\\/\\\/www.jazzzeitung.de\\\/cms\\\/2024\\\/02\\\/news-camille-buscot-zur-dju-martin-schmitt-in-oberthulba-jazzfestival-saalfelden-2024\\\/#primaryimage\"},\"thumbnailUrl\":\"https:\\\/\\\/i0.wp.com\\\/www.jazzzeitung.de\\\/cms\\\/wp-content\\\/uploads\\\/2024\\\/02\\\/Camille-BuscoBen-Gross.jpeg?fit=850%2C567&ssl=1\",\"datePublished\":\"2024-02-08T07:46:15+00:00\",\"breadcrumb\":{\"@id\":\"https:\\\/\\\/www.jazzzeitung.de\\\/cms\\\/2024\\\/02\\\/news-camille-buscot-zur-dju-martin-schmitt-in-oberthulba-jazzfestival-saalfelden-2024\\\/#breadcrumb\"},\"inLanguage\":\"de\",\"potentialAction\":[{\"@type\":\"ReadAction\",\"target\":[\"https:\\\/\\\/www.jazzzeitung.de\\\/cms\\\/2024\\\/02\\\/news-camille-buscot-zur-dju-martin-schmitt-in-oberthulba-jazzfestival-saalfelden-2024\\\/\"]}]},{\"@type\":\"ImageObject\",\"inLanguage\":\"de\",\"@id\":\"https:\\\/\\\/www.jazzzeitung.de\\\/cms\\\/2024\\\/02\\\/news-camille-buscot-zur-dju-martin-schmitt-in-oberthulba-jazzfestival-saalfelden-2024\\\/#primaryimage\",\"url\":\"https:\\\/\\\/i0.wp.com\\\/www.jazzzeitung.de\\\/cms\\\/wp-content\\\/uploads\\\/2024\\\/02\\\/Camille-BuscoBen-Gross.jpeg?fit=850%2C567&ssl=1\",\"contentUrl\":\"https:\\\/\\\/i0.wp.com\\\/www.jazzzeitung.de\\\/cms\\\/wp-content\\\/uploads\\\/2024\\\/02\\\/Camille-BuscoBen-Gross.jpeg?fit=850%2C567&ssl=1\",\"width\":850,\"height\":567,\"caption\":\"Foto: Ben Gross\"},{\"@type\":\"BreadcrumbList\",\"@id\":\"https:\\\/\\\/www.jazzzeitung.de\\\/cms\\\/2024\\\/02\\\/news-camille-buscot-zur-dju-martin-schmitt-in-oberthulba-jazzfestival-saalfelden-2024\\\/#breadcrumb\",\"itemListElement\":[{\"@type\":\"ListItem\",\"position\":1,\"name\":\"Startseite\",\"item\":\"https:\\\/\\\/www.jazzzeitung.de\\\/cms\\\/\"},{\"@type\":\"ListItem\",\"position\":2,\"name\":\"+++ news +++ Camille Buscot zur DJU +++ Martin Schmitt in Oberthulba +++ Jazzfestival Saalfelden 2024 +++\"}]},{\"@type\":\"WebSite\",\"@id\":\"https:\\\/\\\/www.jazzzeitung.de\\\/cms\\\/#website\",\"url\":\"https:\\\/\\\/www.jazzzeitung.de\\\/cms\\\/\",\"name\":\"JazzZeitung\",\"description\":\"Jazz-News und Jazz-Kontroverses\",\"publisher\":{\"@id\":\"https:\\\/\\\/www.jazzzeitung.de\\\/cms\\\/#organization\"},\"potentialAction\":[{\"@type\":\"SearchAction\",\"target\":{\"@type\":\"EntryPoint\",\"urlTemplate\":\"https:\\\/\\\/www.jazzzeitung.de\\\/cms\\\/?s={search_term_string}\"},\"query-input\":{\"@type\":\"PropertyValueSpecification\",\"valueRequired\":true,\"valueName\":\"search_term_string\"}}],\"inLanguage\":\"de\"},{\"@type\":\"Organization\",\"@id\":\"https:\\\/\\\/www.jazzzeitung.de\\\/cms\\\/#organization\",\"name\":\"JazzZeitung online\",\"url\":\"https:\\\/\\\/www.jazzzeitung.de\\\/cms\\\/\",\"logo\":{\"@type\":\"ImageObject\",\"inLanguage\":\"de\",\"@id\":\"https:\\\/\\\/www.jazzzeitung.de\\\/cms\\\/#\\\/schema\\\/logo\\\/image\\\/\",\"url\":\"https:\\\/\\\/i0.wp.com\\\/www.jazzzeitung.de\\\/cms\\\/wp-content\\\/uploads\\\/2015\\\/08\\\/JAZZZEITUNGDE_Logo_Neu.png?fit=499%2C200&ssl=1\",\"contentUrl\":\"https:\\\/\\\/i0.wp.com\\\/www.jazzzeitung.de\\\/cms\\\/wp-content\\\/uploads\\\/2015\\\/08\\\/JAZZZEITUNGDE_Logo_Neu.png?fit=499%2C200&ssl=1\",\"width\":499,\"height\":200,\"caption\":\"JazzZeitung online\"},\"image\":{\"@id\":\"https:\\\/\\\/www.jazzzeitung.de\\\/cms\\\/#\\\/schema\\\/logo\\\/image\\\/\"},\"sameAs\":[\"https:\\\/\\\/www.facebook.com\\\/JazzZeitung\\\/\"]},{\"@type\":\"Person\",\"@id\":\"https:\\\/\\\/www.jazzzeitung.de\\\/cms\\\/#\\\/schema\\\/person\\\/2245b36b9cd1d24cea10f01c031fb92b\",\"name\":\"Redaktion JazzZeitung\",\"image\":{\"@type\":\"ImageObject\",\"inLanguage\":\"de\",\"@id\":\"https:\\\/\\\/i0.wp.com\\\/www.jazzzeitung.de\\\/cms\\\/wp-content\\\/uploads\\\/2015\\\/08\\\/JAZZZEITUNGDE_Logo_Neu.png?resize=96%2C96&ssl=159975dcacb611b5700bd619b5daf0a7a\",\"url\":\"https:\\\/\\\/i0.wp.com\\\/www.jazzzeitung.de\\\/cms\\\/wp-content\\\/uploads\\\/2015\\\/08\\\/JAZZZEITUNGDE_Logo_Neu.png?resize=96%2C96&ssl=1\",\"contentUrl\":\"https:\\\/\\\/i0.wp.com\\\/www.jazzzeitung.de\\\/cms\\\/wp-content\\\/uploads\\\/2015\\\/08\\\/JAZZZEITUNGDE_Logo_Neu.png?resize=96%2C96&ssl=1\",\"caption\":\"Redaktion JazzZeitung\"},\"description\":\"Artikel der Redaktion der JazzZeitung.\",\"sameAs\":[\"http:\\\/\\\/www.jazzzeitung.de\\\/cms\\\/\"],\"url\":\"https:\\\/\\\/www.jazzzeitung.de\\\/cms\\\/author\\\/redaktion\\\/\"}]}<\/script>\n<!-- \/ Yoast SEO plugin. -->","yoast_head_json":{"title":"+++ news +++ Camille Buscot zur DJU +++ Martin Schmitt in Oberthulba +++ Jazzfestival Saalfelden 2024 +++ - JazzZeitung","robots":{"index":"index","follow":"follow","max-snippet":"max-snippet:-1","max-image-preview":"max-image-preview:large","max-video-preview":"max-video-preview:-1"},"canonical":"https:\/\/www.jazzzeitung.de\/cms\/2024\/02\/news-camille-buscot-zur-dju-martin-schmitt-in-oberthulba-jazzfestival-saalfelden-2024\/","og_locale":"de_DE","og_type":"article","og_title":"+++ news +++ Camille Buscot zur DJU +++ Martin Schmitt in Oberthulba +++ Jazzfestival Saalfelden 2024 +++ - JazzZeitung","og_description":"+++ Camille Buscot wird neue Gesch\u00e4ftsf\u00fchrerin der Deutschen Jazzunion +++ (PM Deutsche Jazzunion) Stabs\u00fcbergabe beim Sprachrohr der Jazzmusiker*innen in Deutschland: Die erfahrene Kulturmanagerin und Mitstreiterin der Jazz- und Improvisationsszene Camille Buscot \u00fcbernimmt ab dem 1. Mai die Gesch\u00e4ftsf\u00fchrung der Deutschen Jazzunion. Ihr Vorg\u00e4nger Urs Johnen wird nach achtj\u00e4hriger Amtszeit im Rahmen der jazzahead! in Bremen verabschiedet. \u201eDie Akteur*innen der Jazz- und Improvisationsszene leisten in all ihrer Vielfalt und Authentizit\u00e4t wertvolle Beitr\u00e4ge zu unserer freiheitlich-demokratischen Gesellschaft\u201d, so\u00a0Camille Buscot. \u201eIch freue mich darauf, die Deutsche Jazzunion mit ihren \u00fcber 1.600 Mitgliedern mit frischen Ideen und Impulsen in eine neue \u00c4ra zu begleiten und bedanke mich f\u00fcr das Vertrauen!\u201c Berliner Basis Die in Deutschland geborene und aufgewachsene Franz\u00f6sin hat an der Humboldt-Universit\u00e4t zu Berlin Kulturwissenschaft und Kunst- und Bildgeschichte studiert. Nach Stationen im Projekt- und Orchestermanagement sowie der kulturwissenschaftlichen Forschung war sie 2016 zur Deutschen Jazzunion gekommen. Dort war sie zuletzt bis Sommer 2023 als Leiterin Kommunikation &amp; Netzwerke t\u00e4tig. Durch ihre beruflichen Erfahrungen als Projektleiterin der Jazzwoche Berlin und als Gesch\u00e4ftsf\u00fchrerin der IG Jazz Berlin verf\u00fcgt sie \u00fcber Expertise in der kulturpolitischen Verbandsarbeit und umfangreiche Kenntnisse der &hellip;","og_url":"https:\/\/www.jazzzeitung.de\/cms\/2024\/02\/news-camille-buscot-zur-dju-martin-schmitt-in-oberthulba-jazzfestival-saalfelden-2024\/","og_site_name":"JazzZeitung","article_publisher":"https:\/\/www.facebook.com\/JazzZeitung\/","article_published_time":"2024-02-08T07:46:15+00:00","og_image":[{"width":850,"height":567,"url":"https:\/\/i0.wp.com\/www.jazzzeitung.de\/cms\/wp-content\/uploads\/2024\/02\/Camille-BuscoBen-Gross.jpeg?fit=850%2C567&ssl=1","type":"image\/jpeg"}],"author":"Redaktion JazzZeitung","schema":{"@context":"https:\/\/schema.org","@graph":[{"@type":"Article","@id":"https:\/\/www.jazzzeitung.de\/cms\/2024\/02\/news-camille-buscot-zur-dju-martin-schmitt-in-oberthulba-jazzfestival-saalfelden-2024\/#article","isPartOf":{"@id":"https:\/\/www.jazzzeitung.de\/cms\/2024\/02\/news-camille-buscot-zur-dju-martin-schmitt-in-oberthulba-jazzfestival-saalfelden-2024\/"},"author":{"name":"Redaktion JazzZeitung","@id":"https:\/\/www.jazzzeitung.de\/cms\/#\/schema\/person\/2245b36b9cd1d24cea10f01c031fb92b"},"headline":"+++ news +++ Camille Buscot zur DJU +++ Martin Schmitt in Oberthulba +++ Jazzfestival Saalfelden 2024 +++","datePublished":"2024-02-08T07:46:15+00:00","mainEntityOfPage":{"@id":"https:\/\/www.jazzzeitung.de\/cms\/2024\/02\/news-camille-buscot-zur-dju-martin-schmitt-in-oberthulba-jazzfestival-saalfelden-2024\/"},"wordCount":658,"commentCount":0,"publisher":{"@id":"https:\/\/www.jazzzeitung.de\/cms\/#organization"},"image":{"@id":"https:\/\/www.jazzzeitung.de\/cms\/2024\/02\/news-camille-buscot-zur-dju-martin-schmitt-in-oberthulba-jazzfestival-saalfelden-2024\/#primaryimage"},"thumbnailUrl":"https:\/\/i0.wp.com\/www.jazzzeitung.de\/cms\/wp-content\/uploads\/2024\/02\/Camille-BuscoBen-Gross.jpeg?fit=850%2C567&ssl=1","keywords":["Camille Buscot","Deutsche Jazzunion","Jazzfestival Saalfelden","Martin Schmitt","Pianob\u00fchne Oberthulba"],"articleSection":["News"],"inLanguage":"de","potentialAction":[{"@type":"CommentAction","name":"Comment","target":["https:\/\/www.jazzzeitung.de\/cms\/2024\/02\/news-camille-buscot-zur-dju-martin-schmitt-in-oberthulba-jazzfestival-saalfelden-2024\/#respond"]}]},{"@type":"WebPage","@id":"https:\/\/www.jazzzeitung.de\/cms\/2024\/02\/news-camille-buscot-zur-dju-martin-schmitt-in-oberthulba-jazzfestival-saalfelden-2024\/","url":"https:\/\/www.jazzzeitung.de\/cms\/2024\/02\/news-camille-buscot-zur-dju-martin-schmitt-in-oberthulba-jazzfestival-saalfelden-2024\/","name":"+++ news +++ Camille Buscot zur DJU +++ Martin Schmitt in Oberthulba +++ Jazzfestival Saalfelden 2024 +++ - JazzZeitung","isPartOf":{"@id":"https:\/\/www.jazzzeitung.de\/cms\/#website"},"primaryImageOfPage":{"@id":"https:\/\/www.jazzzeitung.de\/cms\/2024\/02\/news-camille-buscot-zur-dju-martin-schmitt-in-oberthulba-jazzfestival-saalfelden-2024\/#primaryimage"},"image":{"@id":"https:\/\/www.jazzzeitung.de\/cms\/2024\/02\/news-camille-buscot-zur-dju-martin-schmitt-in-oberthulba-jazzfestival-saalfelden-2024\/#primaryimage"},"thumbnailUrl":"https:\/\/i0.wp.com\/www.jazzzeitung.de\/cms\/wp-content\/uploads\/2024\/02\/Camille-BuscoBen-Gross.jpeg?fit=850%2C567&ssl=1","datePublished":"2024-02-08T07:46:15+00:00","breadcrumb":{"@id":"https:\/\/www.jazzzeitung.de\/cms\/2024\/02\/news-camille-buscot-zur-dju-martin-schmitt-in-oberthulba-jazzfestival-saalfelden-2024\/#breadcrumb"},"inLanguage":"de","potentialAction":[{"@type":"ReadAction","target":["https:\/\/www.jazzzeitung.de\/cms\/2024\/02\/news-camille-buscot-zur-dju-martin-schmitt-in-oberthulba-jazzfestival-saalfelden-2024\/"]}]},{"@type":"ImageObject","inLanguage":"de","@id":"https:\/\/www.jazzzeitung.de\/cms\/2024\/02\/news-camille-buscot-zur-dju-martin-schmitt-in-oberthulba-jazzfestival-saalfelden-2024\/#primaryimage","url":"https:\/\/i0.wp.com\/www.jazzzeitung.de\/cms\/wp-content\/uploads\/2024\/02\/Camille-BuscoBen-Gross.jpeg?fit=850%2C567&ssl=1","contentUrl":"https:\/\/i0.wp.com\/www.jazzzeitung.de\/cms\/wp-content\/uploads\/2024\/02\/Camille-BuscoBen-Gross.jpeg?fit=850%2C567&ssl=1","width":850,"height":567,"caption":"Foto: Ben Gross"},{"@type":"BreadcrumbList","@id":"https:\/\/www.jazzzeitung.de\/cms\/2024\/02\/news-camille-buscot-zur-dju-martin-schmitt-in-oberthulba-jazzfestival-saalfelden-2024\/#breadcrumb","itemListElement":[{"@type":"ListItem","position":1,"name":"Startseite","item":"https:\/\/www.jazzzeitung.de\/cms\/"},{"@type":"ListItem","position":2,"name":"+++ news +++ Camille Buscot zur DJU +++ Martin Schmitt in Oberthulba +++ Jazzfestival Saalfelden 2024 +++"}]},{"@type":"WebSite","@id":"https:\/\/www.jazzzeitung.de\/cms\/#website","url":"https:\/\/www.jazzzeitung.de\/cms\/","name":"JazzZeitung","description":"Jazz-News und Jazz-Kontroverses","publisher":{"@id":"https:\/\/www.jazzzeitung.de\/cms\/#organization"},"potentialAction":[{"@type":"SearchAction","target":{"@type":"EntryPoint","urlTemplate":"https:\/\/www.jazzzeitung.de\/cms\/?s={search_term_string}"},"query-input":{"@type":"PropertyValueSpecification","valueRequired":true,"valueName":"search_term_string"}}],"inLanguage":"de"},{"@type":"Organization","@id":"https:\/\/www.jazzzeitung.de\/cms\/#organization","name":"JazzZeitung online","url":"https:\/\/www.jazzzeitung.de\/cms\/","logo":{"@type":"ImageObject","inLanguage":"de","@id":"https:\/\/www.jazzzeitung.de\/cms\/#\/schema\/logo\/image\/","url":"https:\/\/i0.wp.com\/www.jazzzeitung.de\/cms\/wp-content\/uploads\/2015\/08\/JAZZZEITUNGDE_Logo_Neu.png?fit=499%2C200&ssl=1","contentUrl":"https:\/\/i0.wp.com\/www.jazzzeitung.de\/cms\/wp-content\/uploads\/2015\/08\/JAZZZEITUNGDE_Logo_Neu.png?fit=499%2C200&ssl=1","width":499,"height":200,"caption":"JazzZeitung online"},"image":{"@id":"https:\/\/www.jazzzeitung.de\/cms\/#\/schema\/logo\/image\/"},"sameAs":["https:\/\/www.facebook.com\/JazzZeitung\/"]},{"@type":"Person","@id":"https:\/\/www.jazzzeitung.de\/cms\/#\/schema\/person\/2245b36b9cd1d24cea10f01c031fb92b","name":"Redaktion JazzZeitung","image":{"@type":"ImageObject","inLanguage":"de","@id":"https:\/\/i0.wp.com\/www.jazzzeitung.de\/cms\/wp-content\/uploads\/2015\/08\/JAZZZEITUNGDE_Logo_Neu.png?resize=96%2C96&ssl=159975dcacb611b5700bd619b5daf0a7a","url":"https:\/\/i0.wp.com\/www.jazzzeitung.de\/cms\/wp-content\/uploads\/2015\/08\/JAZZZEITUNGDE_Logo_Neu.png?resize=96%2C96&ssl=1","contentUrl":"https:\/\/i0.wp.com\/www.jazzzeitung.de\/cms\/wp-content\/uploads\/2015\/08\/JAZZZEITUNGDE_Logo_Neu.png?resize=96%2C96&ssl=1","caption":"Redaktion JazzZeitung"},"description":"Artikel der Redaktion der JazzZeitung.","sameAs":["http:\/\/www.jazzzeitung.de\/cms\/"],"url":"https:\/\/www.jazzzeitung.de\/cms\/author\/redaktion\/"}]}},"wp-worthy-pixel":{"ignored":false,"public":null,"server":null,"url":null},"wp-worthy-type":"normal","jetpack_publicize_connections":[],"cc_featured_image_caption":{"caption_text":"","source_text":"","source_url":""},"jetpack_featured_media_url":"https:\/\/i0.wp.com\/www.jazzzeitung.de\/cms\/wp-content\/uploads\/2024\/02\/Camille-BuscoBen-Gross.jpeg?fit=850%2C567&ssl=1","jetpack_shortlink":"https:\/\/wp.me\/p3KEcT-7X3","jetpack-related-posts":[{"id":30866,"url":"https:\/\/www.jazzzeitung.de\/cms\/2024\/04\/wechsel-in-vorstand-und-geschaeftsfuehrung-der-deutschen-jazzunion\/","url_meta":{"origin":30569,"position":0},"title":"Wechsel in Vorstand und Gesch\u00e4ftsf\u00fchrung der Deutschen Jazzunion","author":"Redaktion JazzZeitung","date":"17. April 2024","format":false,"excerpt":"Doppelte Stabs\u00fcbergabe beim Sprachrohr der Jazzmusiker*innen in Deutschland: im Rahmen der jazzahead! in Bremen wurden Gesch\u00e4ftsf\u00fchrer Urs Johnen und Vorstandsmitglied Nikolaus Neuser verabschiedet. Ihnen folgen Camille Buscot und Michael Griener nach. Die Vorsitzenden der Deutschen Jazzunion Anette von Eichel und Felix Falk w\u00fcrdigten Johnens Verdienste auf einer Mitgliederversammlung mit einem\u2026","rel":"","context":"In &quot;News&quot;","block_context":{"text":"News","link":"https:\/\/www.jazzzeitung.de\/cms\/thema\/nachrichten\/"},"img":{"alt_text":"Stabswechel bei der Deutschen Jazzunion (v.l.n.r., hinten: Johanna Schneider, Camille Buscot, Michael Griener, Urs Johnen, Anette von Eichel; vorne: Felix Falk, Janning Trumann, Robert Lucaciu \u00a9 Julia Tornier","src":"https:\/\/i0.wp.com\/www.jazzzeitung.de\/cms\/wp-content\/uploads\/2024\/04\/2024-04-13_VerabschiedungUrsJohnen_VorstandCamilleUrs-scaled.jpg?fit=1200%2C900&ssl=1&resize=350%2C200","width":350,"height":200,"srcset":"https:\/\/i0.wp.com\/www.jazzzeitung.de\/cms\/wp-content\/uploads\/2024\/04\/2024-04-13_VerabschiedungUrsJohnen_VorstandCamilleUrs-scaled.jpg?fit=1200%2C900&ssl=1&resize=350%2C200 1x, https:\/\/i0.wp.com\/www.jazzzeitung.de\/cms\/wp-content\/uploads\/2024\/04\/2024-04-13_VerabschiedungUrsJohnen_VorstandCamilleUrs-scaled.jpg?fit=1200%2C900&ssl=1&resize=525%2C300 1.5x, https:\/\/i0.wp.com\/www.jazzzeitung.de\/cms\/wp-content\/uploads\/2024\/04\/2024-04-13_VerabschiedungUrsJohnen_VorstandCamilleUrs-scaled.jpg?fit=1200%2C900&ssl=1&resize=700%2C400 2x, https:\/\/i0.wp.com\/www.jazzzeitung.de\/cms\/wp-content\/uploads\/2024\/04\/2024-04-13_VerabschiedungUrsJohnen_VorstandCamilleUrs-scaled.jpg?fit=1200%2C900&ssl=1&resize=1050%2C600 3x"},"classes":[]},{"id":31413,"url":"https:\/\/www.jazzzeitung.de\/cms\/2024\/07\/bkm-haushaltsentwurf-2025-deutsche-jazzunion-fordert-nachbesserungen\/","url_meta":{"origin":30569,"position":1},"title":"BKM Haushaltsentwurf 2025 \u2013 Deutsche Jazzunion fordert Nachbesserungen","author":"Redaktion JazzZeitung","date":"26. Juli 2024","format":false,"excerpt":"Am 17. Juli 2024 hat das Bundeskabinett den Entwurf f\u00fcr den Bundeshaushalt 2025 beschlossen. Darin enthalten sind auch die Planungen der Bundesbeauftragten f\u00fcr Kultur und Medien (BKM) und damit f\u00fcr den Bereich Jazz und Improvisierte Musik. W\u00e4hrend das Gesamtbudget des BKMs erfreulicherweise Aufw\u00fcchse erf\u00e4hrt, sind massive K\u00fcrzungen f\u00fcr die Musik\u2026","rel":"","context":"In &quot;News&quot;","block_context":{"text":"News","link":"https:\/\/www.jazzzeitung.de\/cms\/thema\/nachrichten\/"},"img":{"alt_text":"Logo der Deutschen Jazzunion","src":"https:\/\/i0.wp.com\/www.jazzzeitung.de\/cms\/wp-content\/uploads\/2019\/05\/DeutscheJazzunion.png?fit=811%2C456&ssl=1&resize=350%2C200","width":350,"height":200,"srcset":"https:\/\/i0.wp.com\/www.jazzzeitung.de\/cms\/wp-content\/uploads\/2019\/05\/DeutscheJazzunion.png?fit=811%2C456&ssl=1&resize=350%2C200 1x, https:\/\/i0.wp.com\/www.jazzzeitung.de\/cms\/wp-content\/uploads\/2019\/05\/DeutscheJazzunion.png?fit=811%2C456&ssl=1&resize=525%2C300 1.5x, https:\/\/i0.wp.com\/www.jazzzeitung.de\/cms\/wp-content\/uploads\/2019\/05\/DeutscheJazzunion.png?fit=811%2C456&ssl=1&resize=700%2C400 2x"},"classes":[]},{"id":32477,"url":"https:\/\/www.jazzzeitung.de\/cms\/2025\/04\/news-save-the-date-suedtirol-jazzfestival-alto-adige-2025-deutsche-jazzunion-waehlt-neuen-vorstand\/","url_meta":{"origin":30569,"position":2},"title":"+++ news +++ Save the Date: S\u00fcdtirol Jazzfestival Alto Adige 2025 +++ Deutsche Jazzunion w\u00e4hlt neuen Vorstand +++","author":"Redaktion JazzZeitung","date":"28. April 2025","format":false,"excerpt":"+++ Die Welt ist Klang - S\u00fcdtirol Jazzfestival Alto Adige 2025 +++ Wie entsteht ein \u201eeigener Sound\u201d? Und was klingt \u2013 heute \u2013 gut? Jazzmusiker und Jazzmusikerinnen haben \u2013 anders als in der europ\u00e4ischen Kunstmusik \u2013 ihren eigenen Sound und der Ausdruck ist dabei immer wichtiger als der sch\u00f6ne Klang.\u2026","rel":"","context":"In &quot;Redaktionelle Nachrichten&quot;","block_context":{"text":"Redaktionelle Nachrichten","link":"https:\/\/www.jazzzeitung.de\/cms\/thema\/redaktion\/"},"img":{"alt_text":"","src":"https:\/\/i0.wp.com\/www.jazzzeitung.de\/cms\/wp-content\/uploads\/2025\/04\/BrainteaserOrchestra_Artwork_Liggend_Geel-c-Mike-Pasarella_Floor-Rehbach.jpg?fit=835%2C566&ssl=1&resize=350%2C200","width":350,"height":200,"srcset":"https:\/\/i0.wp.com\/www.jazzzeitung.de\/cms\/wp-content\/uploads\/2025\/04\/BrainteaserOrchestra_Artwork_Liggend_Geel-c-Mike-Pasarella_Floor-Rehbach.jpg?fit=835%2C566&ssl=1&resize=350%2C200 1x, https:\/\/i0.wp.com\/www.jazzzeitung.de\/cms\/wp-content\/uploads\/2025\/04\/BrainteaserOrchestra_Artwork_Liggend_Geel-c-Mike-Pasarella_Floor-Rehbach.jpg?fit=835%2C566&ssl=1&resize=525%2C300 1.5x, https:\/\/i0.wp.com\/www.jazzzeitung.de\/cms\/wp-content\/uploads\/2025\/04\/BrainteaserOrchestra_Artwork_Liggend_Geel-c-Mike-Pasarella_Floor-Rehbach.jpg?fit=835%2C566&ssl=1&resize=700%2C400 2x"},"classes":[]},{"id":32443,"url":"https:\/\/www.jazzzeitung.de\/cms\/2025\/04\/deutsche-jazzunion-begruesst-koalitionsvertrag-und-betont-bedeutung-der-freien-kuenste\/","url_meta":{"origin":30569,"position":3},"title":"Deutsche Jazzunion begr\u00fc\u00dft Koalitionsvertrag und betont Bedeutung der freien K\u00fcnste","author":"Martin Hufner","date":"10. April 2025","format":false,"excerpt":"Koalitionsvertrag beinhaltet wichtige Signale im Bereich der sozialen Absicherung und Bundeskulturf\u00f6rderung +++ Jazz in der Initiative Musik muss gest\u00e4rkt werden +++ +++ Nachhaltige Finanzierung der freien Musik sicherstellen","rel":"","context":"In &quot;News&quot;","block_context":{"text":"News","link":"https:\/\/www.jazzzeitung.de\/cms\/thema\/nachrichten\/"},"img":{"alt_text":"Vogel ins Freie. Foto \u00a9 Martin Hufner","src":"https:\/\/i0.wp.com\/www.jazzzeitung.de\/cms\/wp-content\/uploads\/2024\/06\/Vogel-ins-Freie.-Foto-%C2%A9-Martin-Hufner.jpg?fit=1200%2C795&ssl=1&resize=350%2C200","width":350,"height":200,"srcset":"https:\/\/i0.wp.com\/www.jazzzeitung.de\/cms\/wp-content\/uploads\/2024\/06\/Vogel-ins-Freie.-Foto-%C2%A9-Martin-Hufner.jpg?fit=1200%2C795&ssl=1&resize=350%2C200 1x, https:\/\/i0.wp.com\/www.jazzzeitung.de\/cms\/wp-content\/uploads\/2024\/06\/Vogel-ins-Freie.-Foto-%C2%A9-Martin-Hufner.jpg?fit=1200%2C795&ssl=1&resize=525%2C300 1.5x, https:\/\/i0.wp.com\/www.jazzzeitung.de\/cms\/wp-content\/uploads\/2024\/06\/Vogel-ins-Freie.-Foto-%C2%A9-Martin-Hufner.jpg?fit=1200%2C795&ssl=1&resize=700%2C400 2x, https:\/\/i0.wp.com\/www.jazzzeitung.de\/cms\/wp-content\/uploads\/2024\/06\/Vogel-ins-Freie.-Foto-%C2%A9-Martin-Hufner.jpg?fit=1200%2C795&ssl=1&resize=1050%2C600 3x"},"classes":[]},{"id":22133,"url":"https:\/\/www.jazzzeitung.de\/cms\/2020\/03\/deutsche-jazzunion-existenz-vieler-jazzmusikerinnen-in-gefahr\/","url_meta":{"origin":30569,"position":4},"title":"Deutsche Jazzunion: Existenz vieler Jazzmusiker*innen in Gefahr","author":"Redaktion JazzZeitung","date":"12. M\u00e4rz 2020","format":false,"excerpt":"Wirtschaftliche Existenz vieler Jazzmusiker*innen durch Veranstaltungsabsagen wegen Coronavirus in Gefahr. Abgesagte Messen, geschlossene Konzerth\u00e4user und auf unbestimmte Zeit verschobene Veranstaltungen: Von den staatlichen Ma\u00dfnahmen gegen die Ausbreitung des neuartigen Coronavirus CoVid-19 in Deutschland sind nicht nur Gro\u00dfveranstaltungen betroffen, sondern auch unz\u00e4hlige Jazzspielst\u00e4tten wie Clubs und Kleinkunstb\u00fchnen. Gerade die \u00fcberwiegend freischaffenden\u2026","rel":"","context":"In &quot;News&quot;","block_context":{"text":"News","link":"https:\/\/www.jazzzeitung.de\/cms\/thema\/nachrichten\/"},"img":{"alt_text":"Logo der Deutschen Jazzunion","src":"https:\/\/i0.wp.com\/www.jazzzeitung.de\/cms\/wp-content\/uploads\/2019\/05\/DeutscheJazzunion.png?fit=811%2C456&ssl=1&resize=350%2C200","width":350,"height":200,"srcset":"https:\/\/i0.wp.com\/www.jazzzeitung.de\/cms\/wp-content\/uploads\/2019\/05\/DeutscheJazzunion.png?fit=811%2C456&ssl=1&resize=350%2C200 1x, https:\/\/i0.wp.com\/www.jazzzeitung.de\/cms\/wp-content\/uploads\/2019\/05\/DeutscheJazzunion.png?fit=811%2C456&ssl=1&resize=525%2C300 1.5x, https:\/\/i0.wp.com\/www.jazzzeitung.de\/cms\/wp-content\/uploads\/2019\/05\/DeutscheJazzunion.png?fit=811%2C456&ssl=1&resize=700%2C400 2x"},"classes":[]},{"id":23646,"url":"https:\/\/www.jazzzeitung.de\/cms\/2020\/10\/jazz-now-2020-25-jazzforum-der-deutschen-jazzunion-fand-trotz-corona-pandemie-in-leipzig-statt\/","url_meta":{"origin":30569,"position":5},"title":"Jazz Now! 2020: 25. Jazzforum der Deutschen Jazzunion fand trotz Corona-Pandemie in Leipzig statt","author":"Redaktion JazzZeitung","date":"19. Oktober 2020","format":false,"excerpt":"Trotz den Corona-Einschr\u00e4nkungen hat die Deutsche Jazzunion an den vergangenen zwei Tagen ihre biennale Bundeskonferenz \u201eJazz Now! 2020\u201c im Kunstkraftwerk Leipzig durchgef\u00fchrt. Mit Abstand und Masken, sowie mit vielen digitalen und hybriden Formaten fanden Panels und Workshops statt, die von Jazzmusiker*innen aus ganz Deutschland und Europa beachtet wurden. Durch die\u2026","rel":"","context":"In &quot;News&quot;","block_context":{"text":"News","link":"https:\/\/www.jazzzeitung.de\/cms\/thema\/nachrichten\/"},"img":{"alt_text":"JazzNow Jazztage Leipzig 2020. Foto: Lukas Diller.","src":"https:\/\/i0.wp.com\/www.jazzzeitung.de\/cms\/wp-content\/uploads\/2020\/10\/JazzNow_Jazztage_c_LukasDiller-9.jpg?fit=1200%2C800&ssl=1&resize=350%2C200","width":350,"height":200,"srcset":"https:\/\/i0.wp.com\/www.jazzzeitung.de\/cms\/wp-content\/uploads\/2020\/10\/JazzNow_Jazztage_c_LukasDiller-9.jpg?fit=1200%2C800&ssl=1&resize=350%2C200 1x, https:\/\/i0.wp.com\/www.jazzzeitung.de\/cms\/wp-content\/uploads\/2020\/10\/JazzNow_Jazztage_c_LukasDiller-9.jpg?fit=1200%2C800&ssl=1&resize=525%2C300 1.5x, https:\/\/i0.wp.com\/www.jazzzeitung.de\/cms\/wp-content\/uploads\/2020\/10\/JazzNow_Jazztage_c_LukasDiller-9.jpg?fit=1200%2C800&ssl=1&resize=700%2C400 2x, https:\/\/i0.wp.com\/www.jazzzeitung.de\/cms\/wp-content\/uploads\/2020\/10\/JazzNow_Jazztage_c_LukasDiller-9.jpg?fit=1200%2C800&ssl=1&resize=1050%2C600 3x"},"classes":[]}],"jetpack_sharing_enabled":true,"_links":{"self":[{"href":"https:\/\/www.jazzzeitung.de\/cms\/wp-json\/wp\/v2\/posts\/30569","targetHints":{"allow":["GET"]}}],"collection":[{"href":"https:\/\/www.jazzzeitung.de\/cms\/wp-json\/wp\/v2\/posts"}],"about":[{"href":"https:\/\/www.jazzzeitung.de\/cms\/wp-json\/wp\/v2\/types\/post"}],"author":[{"embeddable":true,"href":"https:\/\/www.jazzzeitung.de\/cms\/wp-json\/wp\/v2\/users\/18"}],"replies":[{"embeddable":true,"href":"https:\/\/www.jazzzeitung.de\/cms\/wp-json\/wp\/v2\/comments?post=30569"}],"version-history":[{"count":1,"href":"https:\/\/www.jazzzeitung.de\/cms\/wp-json\/wp\/v2\/posts\/30569\/revisions"}],"predecessor-version":[{"id":30572,"href":"https:\/\/www.jazzzeitung.de\/cms\/wp-json\/wp\/v2\/posts\/30569\/revisions\/30572"}],"wp:featuredmedia":[{"embeddable":true,"href":"https:\/\/www.jazzzeitung.de\/cms\/wp-json\/wp\/v2\/media\/30571"}],"wp:attachment":[{"href":"https:\/\/www.jazzzeitung.de\/cms\/wp-json\/wp\/v2\/media?parent=30569"}],"wp:term":[{"taxonomy":"category","embeddable":true,"href":"https:\/\/www.jazzzeitung.de\/cms\/wp-json\/wp\/v2\/categories?post=30569"},{"taxonomy":"post_tag","embeddable":true,"href":"https:\/\/www.jazzzeitung.de\/cms\/wp-json\/wp\/v2\/tags?post=30569"},{"taxonomy":"author","embeddable":true,"href":"https:\/\/www.jazzzeitung.de\/cms\/wp-json\/wp\/v2\/coauthors?post=30569"}],"curies":[{"name":"wp","href":"https:\/\/api.w.org\/{rel}","templated":true}]}}