{"id":30457,"date":"2024-01-12T14:06:01","date_gmt":"2024-01-12T13:06:01","guid":{"rendered":"https:\/\/www.jazzzeitung.de\/cms\/?p=30457"},"modified":"2024-01-11T13:17:34","modified_gmt":"2024-01-11T12:17:34","slug":"shortcut-beim-jazzfestival-muenster-fenster-zur-aktuellen-musik-europas","status":"publish","type":"post","link":"https:\/\/www.jazzzeitung.de\/cms\/2024\/01\/shortcut-beim-jazzfestival-muenster-fenster-zur-aktuellen-musik-europas\/","title":{"rendered":"Shortcut beim Jazzfestival M\u00fcnster: Fenster zur aktuellen Musik Europas"},"content":{"rendered":"<p><strong>Von Stefan Pieper.<\/strong> Auch in seiner kleinen \u201eShortcut\u201c-Ausgabe bewies das Internationale Jazzfestival M\u00fcnster zum Jahresauftakt seine verl\u00e4ssliche hohe Qualit\u00e4t und Relevanz, vor allem durch Premieren, welche die Fenster f\u00fcr die reiche aktuelle Musik in Europa weit \u00f6ffnen \u2013 ebenso wie ein Konzert in der Dominikanerkirche, das einen spannenden Bezug zur Historie und reichen kulturellen Gegenwart der Stadt herstellte.<\/p>\n<h3>Auf der H\u00f6he der Zeit<\/h3>\n<p>Schm\u00fccker kuratiert dieses Festival seit fast 40 Jahren und erneuert es immer wieder auf der H\u00f6he der Zeit. Und das lief direkt zu Beginn der Konzert-Trilogie im M\u00fcnsteraner Theater auf eine Zelebration maximaler k\u00fcnstlerischer Aufbruchsstimmung hinaus: Die junge italienische Violinistin Ana\u00efs Drago ist \u201edie\u201c Entdeckung schlechthin! Zusammen mit Federico Calcagno, der Klarinette und Bassklarinette spielt, und Max Trabucco am Schlagzeug und Perkussion entfaltet sich ein innovativer Musizieransatz, der spektakul\u00e4ren Gleichklang zwischen improvisatorischer, virtuoser, neut\u00f6nerischer und lyrischer Bravour herstellt.<\/p>\n<div class=\"tiled-gallery type-rectangular tiled-gallery-unresized\" data-original-width=\"840\" data-carousel-extra='{&quot;blog_id&quot;:1,&quot;permalink&quot;:&quot;https:\\\/\\\/www.jazzzeitung.de\\\/cms\\\/2024\\\/01\\\/shortcut-beim-jazzfestival-muenster-fenster-zur-aktuellen-musik-europas\\\/&quot;,&quot;likes_blog_id&quot;:55446655}' itemscope itemtype=\"http:\/\/schema.org\/ImageGallery\" > <div class=\"gallery-row\" style=\"width: 840px; height: 461px;\" data-original-width=\"840\" data-original-height=\"461\" > <div class=\"gallery-group images-1\" style=\"width: 570px; height: 461px;\" data-original-width=\"570\" data-original-height=\"461\" > <div class=\"tiled-gallery-item tiled-gallery-item-large\" itemprop=\"associatedMedia\" itemscope itemtype=\"http:\/\/schema.org\/ImageObject\"> <a href=\"https:\/\/www.jazzzeitung.de\/cms\/2024\/01\/shortcut-beim-jazzfestival-muenster-fenster-zur-aktuellen-musik-europas\/anais-drago\/\" border=\"0\" itemprop=\"url\"> <meta itemprop=\"width\" content=\"566\"> <meta itemprop=\"height\" content=\"457\"> <img decoding=\"async\" class=\"\" data-attachment-id=\"30459\" data-orig-file=\"https:\/\/www.jazzzeitung.de\/cms\/wp-content\/uploads\/2024\/01\/Anais-Drago-scaled.jpg\" data-orig-size=\"2560,2066\" data-comments-opened=\"1\" data-image-meta=\"{&quot;aperture&quot;:&quot;2.8&quot;,&quot;credit&quot;:&quot;&quot;,&quot;camera&quot;:&quot;SLT-A58&quot;,&quot;caption&quot;:&quot;&quot;,&quot;created_timestamp&quot;:&quot;1489835569&quot;,&quot;copyright&quot;:&quot;&quot;,&quot;focal_length&quot;:&quot;200&quot;,&quot;iso&quot;:&quot;1000&quot;,&quot;shutter_speed&quot;:&quot;0.003125&quot;,&quot;title&quot;:&quot;&quot;,&quot;orientation&quot;:&quot;1&quot;}\" data-image-title=\"Anais Drago\" data-image-description=\"\" data-medium-file=\"https:\/\/i0.wp.com\/www.jazzzeitung.de\/cms\/wp-content\/uploads\/2024\/01\/Anais-Drago-scaled.jpg?fit=300%2C242&#038;ssl=1\" data-large-file=\"https:\/\/i0.wp.com\/www.jazzzeitung.de\/cms\/wp-content\/uploads\/2024\/01\/Anais-Drago-scaled.jpg?fit=743%2C600&#038;ssl=1\" src=\"https:\/\/i0.wp.com\/www.jazzzeitung.de\/cms\/wp-content\/uploads\/2024\/01\/Anais-Drago-scaled.jpg?w=566&#038;h=457&#038;ssl=1\" srcset=\"https:\/\/i0.wp.com\/www.jazzzeitung.de\/cms\/wp-content\/uploads\/2024\/01\/Anais-Drago-scaled.jpg?w=2560&amp;ssl=1 2560w, https:\/\/i0.wp.com\/www.jazzzeitung.de\/cms\/wp-content\/uploads\/2024\/01\/Anais-Drago-scaled.jpg?resize=300%2C242&amp;ssl=1 300w, https:\/\/i0.wp.com\/www.jazzzeitung.de\/cms\/wp-content\/uploads\/2024\/01\/Anais-Drago-scaled.jpg?resize=743%2C600&amp;ssl=1 743w, https:\/\/i0.wp.com\/www.jazzzeitung.de\/cms\/wp-content\/uploads\/2024\/01\/Anais-Drago-scaled.jpg?resize=768%2C620&amp;ssl=1 768w, https:\/\/i0.wp.com\/www.jazzzeitung.de\/cms\/wp-content\/uploads\/2024\/01\/Anais-Drago-scaled.jpg?resize=1536%2C1240&amp;ssl=1 1536w, https:\/\/i0.wp.com\/www.jazzzeitung.de\/cms\/wp-content\/uploads\/2024\/01\/Anais-Drago-scaled.jpg?resize=2048%2C1653&amp;ssl=1 2048w, https:\/\/i0.wp.com\/www.jazzzeitung.de\/cms\/wp-content\/uploads\/2024\/01\/Anais-Drago-scaled.jpg?resize=1320%2C1065&amp;ssl=1 1320w, https:\/\/i0.wp.com\/www.jazzzeitung.de\/cms\/wp-content\/uploads\/2024\/01\/Anais-Drago-scaled.jpg?w=1680&amp;ssl=1 1680w\" width=\"566\" height=\"457\" loading=\"lazy\" data-original-width=\"566\" data-original-height=\"457\" itemprop=\"http:\/\/schema.org\/image\" title=\"Anais Drago\" alt=\"Anais Drago\" style=\"width: 566px; height: 457px;\" \/> <\/a> <\/div> <\/div> <!-- close group --> <div class=\"gallery-group images-1\" style=\"width: 270px; height: 461px;\" data-original-width=\"270\" data-original-height=\"461\" > <div class=\"tiled-gallery-item tiled-gallery-item-large\" itemprop=\"associatedMedia\" itemscope itemtype=\"http:\/\/schema.org\/ImageObject\"> <a href=\"https:\/\/www.jazzzeitung.de\/cms\/2024\/01\/shortcut-beim-jazzfestival-muenster-fenster-zur-aktuellen-musik-europas\/anais-drago2\/\" border=\"0\" itemprop=\"url\"> <meta itemprop=\"width\" content=\"266\"> <meta itemprop=\"height\" content=\"457\"> <img decoding=\"async\" class=\"\" data-attachment-id=\"30460\" data-orig-file=\"https:\/\/www.jazzzeitung.de\/cms\/wp-content\/uploads\/2024\/01\/Anais-Drago2-scaled.jpg\" data-orig-size=\"1491,2560\" data-comments-opened=\"1\" data-image-meta=\"{&quot;aperture&quot;:&quot;2.8&quot;,&quot;credit&quot;:&quot;&quot;,&quot;camera&quot;:&quot;DSC-RX10&quot;,&quot;caption&quot;:&quot;&quot;,&quot;created_timestamp&quot;:&quot;1704570265&quot;,&quot;copyright&quot;:&quot;&quot;,&quot;focal_length&quot;:&quot;47.85&quot;,&quot;iso&quot;:&quot;500&quot;,&quot;shutter_speed&quot;:&quot;0.00625&quot;,&quot;title&quot;:&quot;&quot;,&quot;orientation&quot;:&quot;1&quot;}\" data-image-title=\"Anais Drago2\" data-image-description=\"\" data-medium-file=\"https:\/\/i0.wp.com\/www.jazzzeitung.de\/cms\/wp-content\/uploads\/2024\/01\/Anais-Drago2-scaled.jpg?fit=175%2C300&#038;ssl=1\" data-large-file=\"https:\/\/i0.wp.com\/www.jazzzeitung.de\/cms\/wp-content\/uploads\/2024\/01\/Anais-Drago2-scaled.jpg?fit=349%2C600&#038;ssl=1\" src=\"https:\/\/i0.wp.com\/www.jazzzeitung.de\/cms\/wp-content\/uploads\/2024\/01\/Anais-Drago2-scaled.jpg?w=266&#038;h=457&#038;ssl=1\" srcset=\"https:\/\/i0.wp.com\/www.jazzzeitung.de\/cms\/wp-content\/uploads\/2024\/01\/Anais-Drago2-scaled.jpg?w=1491&amp;ssl=1 1491w, https:\/\/i0.wp.com\/www.jazzzeitung.de\/cms\/wp-content\/uploads\/2024\/01\/Anais-Drago2-scaled.jpg?resize=175%2C300&amp;ssl=1 175w, https:\/\/i0.wp.com\/www.jazzzeitung.de\/cms\/wp-content\/uploads\/2024\/01\/Anais-Drago2-scaled.jpg?resize=349%2C600&amp;ssl=1 349w, https:\/\/i0.wp.com\/www.jazzzeitung.de\/cms\/wp-content\/uploads\/2024\/01\/Anais-Drago2-scaled.jpg?resize=768%2C1319&amp;ssl=1 768w, https:\/\/i0.wp.com\/www.jazzzeitung.de\/cms\/wp-content\/uploads\/2024\/01\/Anais-Drago2-scaled.jpg?resize=894%2C1536&amp;ssl=1 894w, https:\/\/i0.wp.com\/www.jazzzeitung.de\/cms\/wp-content\/uploads\/2024\/01\/Anais-Drago2-scaled.jpg?resize=1193%2C2048&amp;ssl=1 1193w, https:\/\/i0.wp.com\/www.jazzzeitung.de\/cms\/wp-content\/uploads\/2024\/01\/Anais-Drago2-scaled.jpg?resize=1320%2C2267&amp;ssl=1 1320w\" width=\"266\" height=\"457\" loading=\"lazy\" data-original-width=\"266\" data-original-height=\"457\" itemprop=\"http:\/\/schema.org\/image\" title=\"Anais Drago2\" alt=\"Anais Drago2\" style=\"width: 266px; height: 457px;\" \/> <\/a> <\/div> <\/div> <!-- close group --> <\/div> <!-- close row --> <div class=\"gallery-row\" style=\"width: 840px; height: 441px;\" data-original-width=\"840\" data-original-height=\"441\" > <div class=\"gallery-group images-1\" style=\"width: 586px; height: 441px;\" data-original-width=\"586\" data-original-height=\"441\" > <div class=\"tiled-gallery-item tiled-gallery-item-large\" itemprop=\"associatedMedia\" itemscope itemtype=\"http:\/\/schema.org\/ImageObject\"> <a href=\"https:\/\/www.jazzzeitung.de\/cms\/2024\/01\/shortcut-beim-jazzfestival-muenster-fenster-zur-aktuellen-musik-europas\/dsc08715\/\" border=\"0\" itemprop=\"url\"> <meta itemprop=\"width\" content=\"582\"> <meta itemprop=\"height\" content=\"437\"> <img decoding=\"async\" class=\"\" data-attachment-id=\"30461\" data-orig-file=\"https:\/\/www.jazzzeitung.de\/cms\/wp-content\/uploads\/2024\/01\/DSC08715-scaled.jpg\" data-orig-size=\"2560,1923\" data-comments-opened=\"1\" data-image-meta=\"{&quot;aperture&quot;:&quot;2.8&quot;,&quot;credit&quot;:&quot;&quot;,&quot;camera&quot;:&quot;SLT-A58&quot;,&quot;caption&quot;:&quot;&quot;,&quot;created_timestamp&quot;:&quot;1489835579&quot;,&quot;copyright&quot;:&quot;&quot;,&quot;focal_length&quot;:&quot;200&quot;,&quot;iso&quot;:&quot;1000&quot;,&quot;shutter_speed&quot;:&quot;0.003125&quot;,&quot;title&quot;:&quot;&quot;,&quot;orientation&quot;:&quot;1&quot;}\" data-image-title=\"DSC08715\" data-image-description=\"\" data-medium-file=\"https:\/\/i0.wp.com\/www.jazzzeitung.de\/cms\/wp-content\/uploads\/2024\/01\/DSC08715-scaled.jpg?fit=300%2C225&#038;ssl=1\" data-large-file=\"https:\/\/i0.wp.com\/www.jazzzeitung.de\/cms\/wp-content\/uploads\/2024\/01\/DSC08715-scaled.jpg?fit=799%2C600&#038;ssl=1\" src=\"https:\/\/i0.wp.com\/www.jazzzeitung.de\/cms\/wp-content\/uploads\/2024\/01\/DSC08715-scaled.jpg?w=582&#038;h=437&#038;ssl=1\" srcset=\"https:\/\/i0.wp.com\/www.jazzzeitung.de\/cms\/wp-content\/uploads\/2024\/01\/DSC08715-scaled.jpg?w=2560&amp;ssl=1 2560w, https:\/\/i0.wp.com\/www.jazzzeitung.de\/cms\/wp-content\/uploads\/2024\/01\/DSC08715-scaled.jpg?resize=300%2C225&amp;ssl=1 300w, https:\/\/i0.wp.com\/www.jazzzeitung.de\/cms\/wp-content\/uploads\/2024\/01\/DSC08715-scaled.jpg?resize=799%2C600&amp;ssl=1 799w, https:\/\/i0.wp.com\/www.jazzzeitung.de\/cms\/wp-content\/uploads\/2024\/01\/DSC08715-scaled.jpg?resize=768%2C577&amp;ssl=1 768w, https:\/\/i0.wp.com\/www.jazzzeitung.de\/cms\/wp-content\/uploads\/2024\/01\/DSC08715-scaled.jpg?resize=1536%2C1154&amp;ssl=1 1536w, https:\/\/i0.wp.com\/www.jazzzeitung.de\/cms\/wp-content\/uploads\/2024\/01\/DSC08715-scaled.jpg?resize=2048%2C1539&amp;ssl=1 2048w, https:\/\/i0.wp.com\/www.jazzzeitung.de\/cms\/wp-content\/uploads\/2024\/01\/DSC08715-scaled.jpg?resize=1320%2C992&amp;ssl=1 1320w, https:\/\/i0.wp.com\/www.jazzzeitung.de\/cms\/wp-content\/uploads\/2024\/01\/DSC08715-scaled.jpg?w=1680&amp;ssl=1 1680w\" width=\"582\" height=\"437\" loading=\"lazy\" data-original-width=\"582\" data-original-height=\"437\" itemprop=\"http:\/\/schema.org\/image\" title=\"DSC08715\" alt=\"DSC08715\" style=\"width: 582px; height: 437px;\" \/> <\/a> <\/div> <\/div> <!-- close group --> <div class=\"gallery-group images-2\" style=\"width: 254px; height: 441px;\" data-original-width=\"254\" data-original-height=\"441\" > <div class=\"tiled-gallery-item tiled-gallery-item-large\" itemprop=\"associatedMedia\" itemscope itemtype=\"http:\/\/schema.org\/ImageObject\"> <a href=\"https:\/\/www.jazzzeitung.de\/cms\/2024\/01\/shortcut-beim-jazzfestival-muenster-fenster-zur-aktuellen-musik-europas\/dsc08725-2\/\" border=\"0\" itemprop=\"url\"> <meta itemprop=\"width\" content=\"250\"> <meta itemprop=\"height\" content=\"196\"> <img decoding=\"async\" class=\"\" data-attachment-id=\"30462\" data-orig-file=\"https:\/\/www.jazzzeitung.de\/cms\/wp-content\/uploads\/2024\/01\/DSC08725-2-scaled.jpg\" data-orig-size=\"2560,2006\" data-comments-opened=\"1\" data-image-meta=\"{&quot;aperture&quot;:&quot;2.8&quot;,&quot;credit&quot;:&quot;&quot;,&quot;camera&quot;:&quot;SLT-A58&quot;,&quot;caption&quot;:&quot;&quot;,&quot;created_timestamp&quot;:&quot;1489835605&quot;,&quot;copyright&quot;:&quot;&quot;,&quot;focal_length&quot;:&quot;200&quot;,&quot;iso&quot;:&quot;1000&quot;,&quot;shutter_speed&quot;:&quot;0.003125&quot;,&quot;title&quot;:&quot;&quot;,&quot;orientation&quot;:&quot;1&quot;}\" data-image-title=\"DSC08725-2\" data-image-description=\"\" data-medium-file=\"https:\/\/i0.wp.com\/www.jazzzeitung.de\/cms\/wp-content\/uploads\/2024\/01\/DSC08725-2-scaled.jpg?fit=300%2C235&#038;ssl=1\" data-large-file=\"https:\/\/i0.wp.com\/www.jazzzeitung.de\/cms\/wp-content\/uploads\/2024\/01\/DSC08725-2-scaled.jpg?fit=766%2C600&#038;ssl=1\" src=\"https:\/\/i0.wp.com\/www.jazzzeitung.de\/cms\/wp-content\/uploads\/2024\/01\/DSC08725-2-scaled.jpg?w=250&#038;h=196&#038;ssl=1\" srcset=\"https:\/\/i0.wp.com\/www.jazzzeitung.de\/cms\/wp-content\/uploads\/2024\/01\/DSC08725-2-scaled.jpg?w=2560&amp;ssl=1 2560w, https:\/\/i0.wp.com\/www.jazzzeitung.de\/cms\/wp-content\/uploads\/2024\/01\/DSC08725-2-scaled.jpg?resize=300%2C235&amp;ssl=1 300w, https:\/\/i0.wp.com\/www.jazzzeitung.de\/cms\/wp-content\/uploads\/2024\/01\/DSC08725-2-scaled.jpg?resize=766%2C600&amp;ssl=1 766w, https:\/\/i0.wp.com\/www.jazzzeitung.de\/cms\/wp-content\/uploads\/2024\/01\/DSC08725-2-scaled.jpg?resize=768%2C602&amp;ssl=1 768w, https:\/\/i0.wp.com\/www.jazzzeitung.de\/cms\/wp-content\/uploads\/2024\/01\/DSC08725-2-scaled.jpg?resize=1536%2C1204&amp;ssl=1 1536w, https:\/\/i0.wp.com\/www.jazzzeitung.de\/cms\/wp-content\/uploads\/2024\/01\/DSC08725-2-scaled.jpg?resize=2048%2C1605&amp;ssl=1 2048w, https:\/\/i0.wp.com\/www.jazzzeitung.de\/cms\/wp-content\/uploads\/2024\/01\/DSC08725-2-scaled.jpg?resize=1320%2C1034&amp;ssl=1 1320w, https:\/\/i0.wp.com\/www.jazzzeitung.de\/cms\/wp-content\/uploads\/2024\/01\/DSC08725-2-scaled.jpg?w=1680&amp;ssl=1 1680w\" width=\"250\" height=\"196\" loading=\"lazy\" data-original-width=\"250\" data-original-height=\"196\" itemprop=\"http:\/\/schema.org\/image\" title=\"DSC08725-2\" alt=\"DSC08725-2\" style=\"width: 250px; height: 196px;\" \/> <\/a> <\/div> <div class=\"tiled-gallery-item tiled-gallery-item-large\" itemprop=\"associatedMedia\" itemscope itemtype=\"http:\/\/schema.org\/ImageObject\"> <a href=\"https:\/\/www.jazzzeitung.de\/cms\/2024\/01\/shortcut-beim-jazzfestival-muenster-fenster-zur-aktuellen-musik-europas\/dsc08729-2\/\" border=\"0\" itemprop=\"url\"> <meta itemprop=\"width\" content=\"250\"> <meta itemprop=\"height\" content=\"237\"> <img decoding=\"async\" class=\"\" data-attachment-id=\"30463\" data-orig-file=\"https:\/\/www.jazzzeitung.de\/cms\/wp-content\/uploads\/2024\/01\/DSC08729-2-scaled.jpg\" data-orig-size=\"2560,2421\" data-comments-opened=\"1\" data-image-meta=\"{&quot;aperture&quot;:&quot;2.8&quot;,&quot;credit&quot;:&quot;&quot;,&quot;camera&quot;:&quot;SLT-A58&quot;,&quot;caption&quot;:&quot;&quot;,&quot;created_timestamp&quot;:&quot;1489835648&quot;,&quot;copyright&quot;:&quot;&quot;,&quot;focal_length&quot;:&quot;200&quot;,&quot;iso&quot;:&quot;2000&quot;,&quot;shutter_speed&quot;:&quot;0.003125&quot;,&quot;title&quot;:&quot;&quot;,&quot;orientation&quot;:&quot;0&quot;}\" data-image-title=\"DSC08729-2\" data-image-description=\"\" data-medium-file=\"https:\/\/i0.wp.com\/www.jazzzeitung.de\/cms\/wp-content\/uploads\/2024\/01\/DSC08729-2-scaled.jpg?fit=300%2C284&#038;ssl=1\" data-large-file=\"https:\/\/i0.wp.com\/www.jazzzeitung.de\/cms\/wp-content\/uploads\/2024\/01\/DSC08729-2-scaled.jpg?fit=635%2C600&#038;ssl=1\" src=\"https:\/\/i0.wp.com\/www.jazzzeitung.de\/cms\/wp-content\/uploads\/2024\/01\/DSC08729-2-scaled.jpg?w=250&#038;h=237&#038;ssl=1\" srcset=\"https:\/\/i0.wp.com\/www.jazzzeitung.de\/cms\/wp-content\/uploads\/2024\/01\/DSC08729-2-scaled.jpg?w=2560&amp;ssl=1 2560w, https:\/\/i0.wp.com\/www.jazzzeitung.de\/cms\/wp-content\/uploads\/2024\/01\/DSC08729-2-scaled.jpg?resize=300%2C284&amp;ssl=1 300w, https:\/\/i0.wp.com\/www.jazzzeitung.de\/cms\/wp-content\/uploads\/2024\/01\/DSC08729-2-scaled.jpg?resize=635%2C600&amp;ssl=1 635w, https:\/\/i0.wp.com\/www.jazzzeitung.de\/cms\/wp-content\/uploads\/2024\/01\/DSC08729-2-scaled.jpg?resize=768%2C726&amp;ssl=1 768w, https:\/\/i0.wp.com\/www.jazzzeitung.de\/cms\/wp-content\/uploads\/2024\/01\/DSC08729-2-scaled.jpg?resize=1536%2C1452&amp;ssl=1 1536w, https:\/\/i0.wp.com\/www.jazzzeitung.de\/cms\/wp-content\/uploads\/2024\/01\/DSC08729-2-scaled.jpg?resize=2048%2C1936&amp;ssl=1 2048w, https:\/\/i0.wp.com\/www.jazzzeitung.de\/cms\/wp-content\/uploads\/2024\/01\/DSC08729-2-scaled.jpg?resize=1320%2C1248&amp;ssl=1 1320w, https:\/\/i0.wp.com\/www.jazzzeitung.de\/cms\/wp-content\/uploads\/2024\/01\/DSC08729-2-scaled.jpg?resize=24%2C24&amp;ssl=1 24w, https:\/\/i0.wp.com\/www.jazzzeitung.de\/cms\/wp-content\/uploads\/2024\/01\/DSC08729-2-scaled.jpg?w=1680&amp;ssl=1 1680w\" width=\"250\" height=\"237\" loading=\"lazy\" data-original-width=\"250\" data-original-height=\"237\" itemprop=\"http:\/\/schema.org\/image\" title=\"DSC08729-2\" alt=\"DSC08729-2\" style=\"width: 250px; height: 237px;\" \/> <\/a> <\/div> <\/div> <!-- close group --> <\/div> <!-- close row --> <div class=\"gallery-row\" style=\"width: 840px; height: 434px;\" data-original-width=\"840\" data-original-height=\"434\" > <div class=\"gallery-group images-2\" style=\"width: 259px; height: 434px;\" data-original-width=\"259\" data-original-height=\"434\" > <div class=\"tiled-gallery-item tiled-gallery-item-large\" itemprop=\"associatedMedia\" itemscope itemtype=\"http:\/\/schema.org\/ImageObject\"> <a href=\"https:\/\/www.jazzzeitung.de\/cms\/2024\/01\/shortcut-beim-jazzfestival-muenster-fenster-zur-aktuellen-musik-europas\/fritz-schmuecker\/\" border=\"0\" itemprop=\"url\"> <meta itemprop=\"width\" content=\"255\"> <meta itemprop=\"height\" content=\"234\"> <img decoding=\"async\" class=\"\" data-attachment-id=\"30464\" data-orig-file=\"https:\/\/www.jazzzeitung.de\/cms\/wp-content\/uploads\/2024\/01\/Fritz-Schmuecker-scaled.jpg\" data-orig-size=\"2560,2347\" data-comments-opened=\"1\" data-image-meta=\"{&quot;aperture&quot;:&quot;2.8&quot;,&quot;credit&quot;:&quot;&quot;,&quot;camera&quot;:&quot;SLT-A58&quot;,&quot;caption&quot;:&quot;&quot;,&quot;created_timestamp&quot;:&quot;1489837102&quot;,&quot;copyright&quot;:&quot;&quot;,&quot;focal_length&quot;:&quot;150&quot;,&quot;iso&quot;:&quot;2000&quot;,&quot;shutter_speed&quot;:&quot;0.004&quot;,&quot;title&quot;:&quot;&quot;,&quot;orientation&quot;:&quot;1&quot;}\" data-image-title=\"Fritz Schm\u00fccker\" data-image-description=\"\" data-medium-file=\"https:\/\/i0.wp.com\/www.jazzzeitung.de\/cms\/wp-content\/uploads\/2024\/01\/Fritz-Schmuecker-scaled.jpg?fit=300%2C275&#038;ssl=1\" data-large-file=\"https:\/\/i0.wp.com\/www.jazzzeitung.de\/cms\/wp-content\/uploads\/2024\/01\/Fritz-Schmuecker-scaled.jpg?fit=655%2C600&#038;ssl=1\" src=\"https:\/\/i0.wp.com\/www.jazzzeitung.de\/cms\/wp-content\/uploads\/2024\/01\/Fritz-Schmuecker-scaled.jpg?w=255&#038;h=234&#038;ssl=1\" srcset=\"https:\/\/i0.wp.com\/www.jazzzeitung.de\/cms\/wp-content\/uploads\/2024\/01\/Fritz-Schmuecker-scaled.jpg?w=2560&amp;ssl=1 2560w, https:\/\/i0.wp.com\/www.jazzzeitung.de\/cms\/wp-content\/uploads\/2024\/01\/Fritz-Schmuecker-scaled.jpg?resize=300%2C275&amp;ssl=1 300w, https:\/\/i0.wp.com\/www.jazzzeitung.de\/cms\/wp-content\/uploads\/2024\/01\/Fritz-Schmuecker-scaled.jpg?resize=655%2C600&amp;ssl=1 655w, https:\/\/i0.wp.com\/www.jazzzeitung.de\/cms\/wp-content\/uploads\/2024\/01\/Fritz-Schmuecker-scaled.jpg?resize=768%2C704&amp;ssl=1 768w, https:\/\/i0.wp.com\/www.jazzzeitung.de\/cms\/wp-content\/uploads\/2024\/01\/Fritz-Schmuecker-scaled.jpg?resize=1536%2C1408&amp;ssl=1 1536w, https:\/\/i0.wp.com\/www.jazzzeitung.de\/cms\/wp-content\/uploads\/2024\/01\/Fritz-Schmuecker-scaled.jpg?resize=2048%2C1877&amp;ssl=1 2048w, https:\/\/i0.wp.com\/www.jazzzeitung.de\/cms\/wp-content\/uploads\/2024\/01\/Fritz-Schmuecker-scaled.jpg?resize=1320%2C1210&amp;ssl=1 1320w, https:\/\/i0.wp.com\/www.jazzzeitung.de\/cms\/wp-content\/uploads\/2024\/01\/Fritz-Schmuecker-scaled.jpg?w=1680&amp;ssl=1 1680w\" width=\"255\" height=\"234\" loading=\"lazy\" data-original-width=\"255\" data-original-height=\"234\" itemprop=\"http:\/\/schema.org\/image\" title=\"Fritz Schm\u00fccker\" alt=\"Fritz Schm\u00fccker\" style=\"width: 255px; height: 234px;\" \/> <\/a> <\/div> <div class=\"tiled-gallery-item tiled-gallery-item-large\" itemprop=\"associatedMedia\" itemscope itemtype=\"http:\/\/schema.org\/ImageObject\"> <a href=\"https:\/\/www.jazzzeitung.de\/cms\/2024\/01\/shortcut-beim-jazzfestival-muenster-fenster-zur-aktuellen-musik-europas\/gene-calderazzo\/\" border=\"0\" itemprop=\"url\"> <meta itemprop=\"width\" content=\"255\"> <meta itemprop=\"height\" content=\"192\"> <img decoding=\"async\" class=\"\" data-attachment-id=\"30465\" data-orig-file=\"https:\/\/www.jazzzeitung.de\/cms\/wp-content\/uploads\/2024\/01\/Gene-Calderazzo--scaled.jpg\" data-orig-size=\"2560,1920\" data-comments-opened=\"1\" data-image-meta=\"{&quot;aperture&quot;:&quot;2.8&quot;,&quot;credit&quot;:&quot;&quot;,&quot;camera&quot;:&quot;DSC-RX10&quot;,&quot;caption&quot;:&quot;&quot;,&quot;created_timestamp&quot;:&quot;1704585002&quot;,&quot;copyright&quot;:&quot;&quot;,&quot;focal_length&quot;:&quot;73.3&quot;,&quot;iso&quot;:&quot;200&quot;,&quot;shutter_speed&quot;:&quot;0.005&quot;,&quot;title&quot;:&quot;&quot;,&quot;orientation&quot;:&quot;1&quot;}\" data-image-title=\"Gene Calderazzo\" data-image-description=\"\" data-medium-file=\"https:\/\/i0.wp.com\/www.jazzzeitung.de\/cms\/wp-content\/uploads\/2024\/01\/Gene-Calderazzo--scaled.jpg?fit=300%2C225&#038;ssl=1\" data-large-file=\"https:\/\/i0.wp.com\/www.jazzzeitung.de\/cms\/wp-content\/uploads\/2024\/01\/Gene-Calderazzo--scaled.jpg?fit=800%2C600&#038;ssl=1\" src=\"https:\/\/i0.wp.com\/www.jazzzeitung.de\/cms\/wp-content\/uploads\/2024\/01\/Gene-Calderazzo--scaled.jpg?w=255&#038;h=192&#038;ssl=1\" srcset=\"https:\/\/i0.wp.com\/www.jazzzeitung.de\/cms\/wp-content\/uploads\/2024\/01\/Gene-Calderazzo--scaled.jpg?w=2560&amp;ssl=1 2560w, https:\/\/i0.wp.com\/www.jazzzeitung.de\/cms\/wp-content\/uploads\/2024\/01\/Gene-Calderazzo--scaled.jpg?resize=300%2C225&amp;ssl=1 300w, https:\/\/i0.wp.com\/www.jazzzeitung.de\/cms\/wp-content\/uploads\/2024\/01\/Gene-Calderazzo--scaled.jpg?resize=800%2C600&amp;ssl=1 800w, https:\/\/i0.wp.com\/www.jazzzeitung.de\/cms\/wp-content\/uploads\/2024\/01\/Gene-Calderazzo--scaled.jpg?resize=768%2C576&amp;ssl=1 768w, https:\/\/i0.wp.com\/www.jazzzeitung.de\/cms\/wp-content\/uploads\/2024\/01\/Gene-Calderazzo--scaled.jpg?resize=1536%2C1152&amp;ssl=1 1536w, https:\/\/i0.wp.com\/www.jazzzeitung.de\/cms\/wp-content\/uploads\/2024\/01\/Gene-Calderazzo--scaled.jpg?resize=2048%2C1536&amp;ssl=1 2048w, https:\/\/i0.wp.com\/www.jazzzeitung.de\/cms\/wp-content\/uploads\/2024\/01\/Gene-Calderazzo--scaled.jpg?resize=1320%2C990&amp;ssl=1 1320w, https:\/\/i0.wp.com\/www.jazzzeitung.de\/cms\/wp-content\/uploads\/2024\/01\/Gene-Calderazzo--scaled.jpg?w=1680&amp;ssl=1 1680w\" width=\"255\" height=\"192\" loading=\"lazy\" data-original-width=\"255\" data-original-height=\"192\" itemprop=\"http:\/\/schema.org\/image\" title=\"Gene Calderazzo\" alt=\"Gene Calderazzo\" style=\"width: 255px; height: 192px;\" \/> <\/a> <\/div> <\/div> <!-- close group --> <div class=\"gallery-group images-1\" style=\"width: 581px; height: 434px;\" data-original-width=\"581\" data-original-height=\"434\" > <div class=\"tiled-gallery-item tiled-gallery-item-large\" itemprop=\"associatedMedia\" itemscope itemtype=\"http:\/\/schema.org\/ImageObject\"> <a href=\"https:\/\/www.jazzzeitung.de\/cms\/2024\/01\/shortcut-beim-jazzfestival-muenster-fenster-zur-aktuellen-musik-europas\/lucas-niggli\/\" border=\"0\" itemprop=\"url\"> <meta itemprop=\"width\" content=\"577\"> <meta itemprop=\"height\" content=\"430\"> <img decoding=\"async\" class=\"\" data-attachment-id=\"30466\" data-orig-file=\"https:\/\/www.jazzzeitung.de\/cms\/wp-content\/uploads\/2024\/01\/Lucas-Niggli-scaled.jpg\" data-orig-size=\"2560,1907\" data-comments-opened=\"1\" data-image-meta=\"{&quot;aperture&quot;:&quot;2.8&quot;,&quot;credit&quot;:&quot;&quot;,&quot;camera&quot;:&quot;SLT-A58&quot;,&quot;caption&quot;:&quot;&quot;,&quot;created_timestamp&quot;:&quot;1489839706&quot;,&quot;copyright&quot;:&quot;&quot;,&quot;focal_length&quot;:&quot;200&quot;,&quot;iso&quot;:&quot;3200&quot;,&quot;shutter_speed&quot;:&quot;0.004&quot;,&quot;title&quot;:&quot;&quot;,&quot;orientation&quot;:&quot;0&quot;}\" data-image-title=\"Lucas Niggli\" data-image-description=\"\" data-medium-file=\"https:\/\/i0.wp.com\/www.jazzzeitung.de\/cms\/wp-content\/uploads\/2024\/01\/Lucas-Niggli-scaled.jpg?fit=300%2C223&#038;ssl=1\" data-large-file=\"https:\/\/i0.wp.com\/www.jazzzeitung.de\/cms\/wp-content\/uploads\/2024\/01\/Lucas-Niggli-scaled.jpg?fit=806%2C600&#038;ssl=1\" src=\"https:\/\/i0.wp.com\/www.jazzzeitung.de\/cms\/wp-content\/uploads\/2024\/01\/Lucas-Niggli-scaled.jpg?w=577&#038;h=430&#038;ssl=1\" srcset=\"https:\/\/i0.wp.com\/www.jazzzeitung.de\/cms\/wp-content\/uploads\/2024\/01\/Lucas-Niggli-scaled.jpg?w=2560&amp;ssl=1 2560w, https:\/\/i0.wp.com\/www.jazzzeitung.de\/cms\/wp-content\/uploads\/2024\/01\/Lucas-Niggli-scaled.jpg?resize=300%2C223&amp;ssl=1 300w, https:\/\/i0.wp.com\/www.jazzzeitung.de\/cms\/wp-content\/uploads\/2024\/01\/Lucas-Niggli-scaled.jpg?resize=806%2C600&amp;ssl=1 806w, https:\/\/i0.wp.com\/www.jazzzeitung.de\/cms\/wp-content\/uploads\/2024\/01\/Lucas-Niggli-scaled.jpg?resize=768%2C572&amp;ssl=1 768w, https:\/\/i0.wp.com\/www.jazzzeitung.de\/cms\/wp-content\/uploads\/2024\/01\/Lucas-Niggli-scaled.jpg?resize=1536%2C1144&amp;ssl=1 1536w, https:\/\/i0.wp.com\/www.jazzzeitung.de\/cms\/wp-content\/uploads\/2024\/01\/Lucas-Niggli-scaled.jpg?resize=2048%2C1525&amp;ssl=1 2048w, https:\/\/i0.wp.com\/www.jazzzeitung.de\/cms\/wp-content\/uploads\/2024\/01\/Lucas-Niggli-scaled.jpg?resize=1320%2C983&amp;ssl=1 1320w, https:\/\/i0.wp.com\/www.jazzzeitung.de\/cms\/wp-content\/uploads\/2024\/01\/Lucas-Niggli-scaled.jpg?w=1680&amp;ssl=1 1680w\" width=\"577\" height=\"430\" loading=\"lazy\" data-original-width=\"577\" data-original-height=\"430\" itemprop=\"http:\/\/schema.org\/image\" title=\"Lucas Niggli\" alt=\"Lucas Niggli\" style=\"width: 577px; height: 430px;\" \/> <\/a> <\/div> <\/div> <!-- close group --> <\/div> <!-- close row --> <div class=\"gallery-row\" style=\"width: 840px; height: 318px;\" data-original-width=\"840\" data-original-height=\"318\" > <div class=\"gallery-group images-1\" style=\"width: 422px; height: 318px;\" data-original-width=\"422\" data-original-height=\"318\" > <div class=\"tiled-gallery-item tiled-gallery-item-large\" itemprop=\"associatedMedia\" itemscope itemtype=\"http:\/\/schema.org\/ImageObject\"> <a href=\"https:\/\/www.jazzzeitung.de\/cms\/2024\/01\/shortcut-beim-jazzfestival-muenster-fenster-zur-aktuellen-musik-europas\/lucas-niggli2\/\" border=\"0\" itemprop=\"url\"> <meta itemprop=\"width\" content=\"418\"> <meta itemprop=\"height\" content=\"314\"> <img decoding=\"async\" class=\"\" data-attachment-id=\"30467\" data-orig-file=\"https:\/\/www.jazzzeitung.de\/cms\/wp-content\/uploads\/2024\/01\/Lucas-Niggli2-scaled.jpg\" data-orig-size=\"2560,1920\" data-comments-opened=\"1\" data-image-meta=\"{&quot;aperture&quot;:&quot;2.8&quot;,&quot;credit&quot;:&quot;&quot;,&quot;camera&quot;:&quot;DSC-RX10&quot;,&quot;caption&quot;:&quot;&quot;,&quot;created_timestamp&quot;:&quot;1704576658&quot;,&quot;copyright&quot;:&quot;&quot;,&quot;focal_length&quot;:&quot;73.3&quot;,&quot;iso&quot;:&quot;1000&quot;,&quot;shutter_speed&quot;:&quot;0.005&quot;,&quot;title&quot;:&quot;&quot;,&quot;orientation&quot;:&quot;1&quot;}\" data-image-title=\"Lucas Niggli2\" data-image-description=\"\" data-medium-file=\"https:\/\/i0.wp.com\/www.jazzzeitung.de\/cms\/wp-content\/uploads\/2024\/01\/Lucas-Niggli2-scaled.jpg?fit=300%2C225&#038;ssl=1\" data-large-file=\"https:\/\/i0.wp.com\/www.jazzzeitung.de\/cms\/wp-content\/uploads\/2024\/01\/Lucas-Niggli2-scaled.jpg?fit=800%2C600&#038;ssl=1\" src=\"https:\/\/i0.wp.com\/www.jazzzeitung.de\/cms\/wp-content\/uploads\/2024\/01\/Lucas-Niggli2-scaled.jpg?w=418&#038;h=314&#038;ssl=1\" srcset=\"https:\/\/i0.wp.com\/www.jazzzeitung.de\/cms\/wp-content\/uploads\/2024\/01\/Lucas-Niggli2-scaled.jpg?w=2560&amp;ssl=1 2560w, https:\/\/i0.wp.com\/www.jazzzeitung.de\/cms\/wp-content\/uploads\/2024\/01\/Lucas-Niggli2-scaled.jpg?resize=300%2C225&amp;ssl=1 300w, https:\/\/i0.wp.com\/www.jazzzeitung.de\/cms\/wp-content\/uploads\/2024\/01\/Lucas-Niggli2-scaled.jpg?resize=800%2C600&amp;ssl=1 800w, https:\/\/i0.wp.com\/www.jazzzeitung.de\/cms\/wp-content\/uploads\/2024\/01\/Lucas-Niggli2-scaled.jpg?resize=768%2C576&amp;ssl=1 768w, https:\/\/i0.wp.com\/www.jazzzeitung.de\/cms\/wp-content\/uploads\/2024\/01\/Lucas-Niggli2-scaled.jpg?resize=1536%2C1152&amp;ssl=1 1536w, https:\/\/i0.wp.com\/www.jazzzeitung.de\/cms\/wp-content\/uploads\/2024\/01\/Lucas-Niggli2-scaled.jpg?resize=2048%2C1536&amp;ssl=1 2048w, https:\/\/i0.wp.com\/www.jazzzeitung.de\/cms\/wp-content\/uploads\/2024\/01\/Lucas-Niggli2-scaled.jpg?resize=1320%2C990&amp;ssl=1 1320w, https:\/\/i0.wp.com\/www.jazzzeitung.de\/cms\/wp-content\/uploads\/2024\/01\/Lucas-Niggli2-scaled.jpg?w=1680&amp;ssl=1 1680w\" width=\"418\" height=\"314\" loading=\"lazy\" data-original-width=\"418\" data-original-height=\"314\" itemprop=\"http:\/\/schema.org\/image\" title=\"Lucas Niggli2\" alt=\"Lucas Niggli2\" style=\"width: 418px; height: 314px;\" \/> <\/a> <\/div> <\/div> <!-- close group --> <div class=\"gallery-group images-1\" style=\"width: 418px; height: 318px;\" data-original-width=\"418\" data-original-height=\"318\" > <div class=\"tiled-gallery-item tiled-gallery-item-large\" itemprop=\"associatedMedia\" itemscope itemtype=\"http:\/\/schema.org\/ImageObject\"> <a href=\"https:\/\/www.jazzzeitung.de\/cms\/2024\/01\/shortcut-beim-jazzfestival-muenster-fenster-zur-aktuellen-musik-europas\/lucas-niggli3\/\" border=\"0\" itemprop=\"url\"> <meta itemprop=\"width\" content=\"414\"> <meta itemprop=\"height\" content=\"314\"> <img decoding=\"async\" class=\"\" data-attachment-id=\"30468\" data-orig-file=\"https:\/\/www.jazzzeitung.de\/cms\/wp-content\/uploads\/2024\/01\/Lucas-Niggli3-scaled.jpg\" data-orig-size=\"2560,1942\" data-comments-opened=\"1\" data-image-meta=\"{&quot;aperture&quot;:&quot;2.8&quot;,&quot;credit&quot;:&quot;&quot;,&quot;camera&quot;:&quot;DSC-RX10&quot;,&quot;caption&quot;:&quot;&quot;,&quot;created_timestamp&quot;:&quot;1704576867&quot;,&quot;copyright&quot;:&quot;&quot;,&quot;focal_length&quot;:&quot;73.3&quot;,&quot;iso&quot;:&quot;3200&quot;,&quot;shutter_speed&quot;:&quot;0.005&quot;,&quot;title&quot;:&quot;&quot;,&quot;orientation&quot;:&quot;1&quot;}\" data-image-title=\"Lucas Niggli3\" data-image-description=\"\" data-medium-file=\"https:\/\/i0.wp.com\/www.jazzzeitung.de\/cms\/wp-content\/uploads\/2024\/01\/Lucas-Niggli3-scaled.jpg?fit=300%2C228&#038;ssl=1\" data-large-file=\"https:\/\/i0.wp.com\/www.jazzzeitung.de\/cms\/wp-content\/uploads\/2024\/01\/Lucas-Niggli3-scaled.jpg?fit=791%2C600&#038;ssl=1\" src=\"https:\/\/i0.wp.com\/www.jazzzeitung.de\/cms\/wp-content\/uploads\/2024\/01\/Lucas-Niggli3-scaled.jpg?w=414&#038;h=314&#038;ssl=1\" srcset=\"https:\/\/i0.wp.com\/www.jazzzeitung.de\/cms\/wp-content\/uploads\/2024\/01\/Lucas-Niggli3-scaled.jpg?w=2560&amp;ssl=1 2560w, https:\/\/i0.wp.com\/www.jazzzeitung.de\/cms\/wp-content\/uploads\/2024\/01\/Lucas-Niggli3-scaled.jpg?resize=300%2C228&amp;ssl=1 300w, https:\/\/i0.wp.com\/www.jazzzeitung.de\/cms\/wp-content\/uploads\/2024\/01\/Lucas-Niggli3-scaled.jpg?resize=791%2C600&amp;ssl=1 791w, https:\/\/i0.wp.com\/www.jazzzeitung.de\/cms\/wp-content\/uploads\/2024\/01\/Lucas-Niggli3-scaled.jpg?resize=768%2C582&amp;ssl=1 768w, https:\/\/i0.wp.com\/www.jazzzeitung.de\/cms\/wp-content\/uploads\/2024\/01\/Lucas-Niggli3-scaled.jpg?resize=1536%2C1165&amp;ssl=1 1536w, https:\/\/i0.wp.com\/www.jazzzeitung.de\/cms\/wp-content\/uploads\/2024\/01\/Lucas-Niggli3-scaled.jpg?resize=2048%2C1553&amp;ssl=1 2048w, https:\/\/i0.wp.com\/www.jazzzeitung.de\/cms\/wp-content\/uploads\/2024\/01\/Lucas-Niggli3-scaled.jpg?resize=1320%2C1001&amp;ssl=1 1320w, https:\/\/i0.wp.com\/www.jazzzeitung.de\/cms\/wp-content\/uploads\/2024\/01\/Lucas-Niggli3-scaled.jpg?w=1680&amp;ssl=1 1680w\" width=\"414\" height=\"314\" loading=\"lazy\" data-original-width=\"414\" data-original-height=\"314\" itemprop=\"http:\/\/schema.org\/image\" title=\"Lucas Niggli3\" alt=\"Lucas Niggli3\" style=\"width: 414px; height: 314px;\" \/> <\/a> <\/div> <\/div> <!-- close group --> <\/div> <!-- close row --> <\/div>\n<p>Kann man ein Instrument mehr lieben als diese junge Musikerin, die unter anderem das Orchestra Nazionale Jazz Giovani Talenti unter Paolo Damianis Leitung zu einer ihrer ma\u00dfgebenden Talentschmieden z\u00e4hlt? Sie versteht und behandelt ihr Instrument ganzheitlich, so viel ist h\u00f6r-, sicht- und sp\u00fcrbar. Zun\u00e4chst spielt sich das Trio mit mehreren virtuosen Abgeh-Nummern warm, dann wird mit der Bearbeitung eines John-Cage-St\u00fcckes ein Schalter umgelegt: Die minimalistischen Texturen bieten Raum f\u00fcr maximale Improvisationslust. Schlie\u00dflich nehmen sich die drei der wilden Leidenschaft und Rhythmik der osteurop\u00e4ischen Musik an, nach wie vor auf einem Level, der die Luft brennen l\u00e4sst.<\/p>\n<p><strong>Der idealistische Impuls lebt weiter<\/strong><\/p>\n<p>M\u00fcnster hat im letzten Jahr den 375. Jahrestag des Westf\u00e4lischen Friedens mit einer gro\u00dfen Inszenierung gefeiert. Ein riesengro\u00dfes Publikum, das den Prinzipalmarkt flutete, zeigte, dass gerade in verst\u00f6rend unfriedlicher heutiger Zeit der Hunger nach pazifistischen Signalen w\u00e4chst. Fritz Schm\u00fccker hatte dem Event die passenden Kl\u00e4nge gegeben. Unter anderem war auch der Drehleier-Virtuose Matthias Loibner mit von der Partie. Was lag also n\u00e4her, als diesen idealistischen Impuls auch in die aktuelle Festivalausgabe mitzunehmen, nun zusammen mit dem vielgefragten Tuba- und Serpent-Spieler Michel Godard und dem schweizerischen Schlagzeuger Lucas Niggli. Auch diese beiden Musiker hatte Fritz Schm\u00fccker einst als \u00fcberraschende Premieren aus dem Hut gezaubert. Beide sind seitdem immer wieder gern gesehen beim M\u00fcnsters Jazzfestival. Hinzu kam jetzt noch die griechische Kanun-Spielerin Sofia Labropoulou, deren perkussive Saitenkunst ein hervorragendes Komplement zu Loibners sph\u00e4rischem Drehleierspiel bildete.<\/p>\n<div class=\"tiled-gallery type-rectangular tiled-gallery-unresized\" data-original-width=\"840\" data-carousel-extra='{&quot;blog_id&quot;:1,&quot;permalink&quot;:&quot;https:\\\/\\\/www.jazzzeitung.de\\\/cms\\\/2024\\\/01\\\/shortcut-beim-jazzfestival-muenster-fenster-zur-aktuellen-musik-europas\\\/&quot;,&quot;likes_blog_id&quot;:55446655}' itemscope itemtype=\"http:\/\/schema.org\/ImageGallery\" > <div class=\"gallery-row\" style=\"width: 840px; height: 730px;\" data-original-width=\"840\" data-original-height=\"730\" > <div class=\"gallery-group images-3\" style=\"width: 302px; height: 730px;\" data-original-width=\"302\" data-original-height=\"730\" > <div class=\"tiled-gallery-item tiled-gallery-item-large\" itemprop=\"associatedMedia\" itemscope itemtype=\"http:\/\/schema.org\/ImageObject\"> <a href=\"https:\/\/www.jazzzeitung.de\/cms\/2024\/01\/shortcut-beim-jazzfestival-muenster-fenster-zur-aktuellen-musik-europas\/matthias-loibner\/\" border=\"0\" itemprop=\"url\"> <meta itemprop=\"width\" content=\"298\"> <meta itemprop=\"height\" content=\"246\"> <img decoding=\"async\" class=\"\" data-attachment-id=\"30469\" data-orig-file=\"https:\/\/www.jazzzeitung.de\/cms\/wp-content\/uploads\/2024\/01\/Matthias-Loibner-scaled.jpg\" data-orig-size=\"2560,2115\" data-comments-opened=\"1\" data-image-meta=\"{&quot;aperture&quot;:&quot;2.8&quot;,&quot;credit&quot;:&quot;&quot;,&quot;camera&quot;:&quot;SLT-A58&quot;,&quot;caption&quot;:&quot;&quot;,&quot;created_timestamp&quot;:&quot;1489840143&quot;,&quot;copyright&quot;:&quot;&quot;,&quot;focal_length&quot;:&quot;200&quot;,&quot;iso&quot;:&quot;3200&quot;,&quot;shutter_speed&quot;:&quot;0.004&quot;,&quot;title&quot;:&quot;&quot;,&quot;orientation&quot;:&quot;1&quot;}\" data-image-title=\"Matthias Loibner\" data-image-description=\"\" data-medium-file=\"https:\/\/i0.wp.com\/www.jazzzeitung.de\/cms\/wp-content\/uploads\/2024\/01\/Matthias-Loibner-scaled.jpg?fit=300%2C248&#038;ssl=1\" data-large-file=\"https:\/\/i0.wp.com\/www.jazzzeitung.de\/cms\/wp-content\/uploads\/2024\/01\/Matthias-Loibner-scaled.jpg?fit=726%2C600&#038;ssl=1\" src=\"https:\/\/i0.wp.com\/www.jazzzeitung.de\/cms\/wp-content\/uploads\/2024\/01\/Matthias-Loibner-scaled.jpg?w=298&#038;h=246&#038;ssl=1\" srcset=\"https:\/\/i0.wp.com\/www.jazzzeitung.de\/cms\/wp-content\/uploads\/2024\/01\/Matthias-Loibner-scaled.jpg?w=2560&amp;ssl=1 2560w, https:\/\/i0.wp.com\/www.jazzzeitung.de\/cms\/wp-content\/uploads\/2024\/01\/Matthias-Loibner-scaled.jpg?resize=300%2C248&amp;ssl=1 300w, https:\/\/i0.wp.com\/www.jazzzeitung.de\/cms\/wp-content\/uploads\/2024\/01\/Matthias-Loibner-scaled.jpg?resize=726%2C600&amp;ssl=1 726w, https:\/\/i0.wp.com\/www.jazzzeitung.de\/cms\/wp-content\/uploads\/2024\/01\/Matthias-Loibner-scaled.jpg?resize=768%2C635&amp;ssl=1 768w, https:\/\/i0.wp.com\/www.jazzzeitung.de\/cms\/wp-content\/uploads\/2024\/01\/Matthias-Loibner-scaled.jpg?resize=1536%2C1269&amp;ssl=1 1536w, https:\/\/i0.wp.com\/www.jazzzeitung.de\/cms\/wp-content\/uploads\/2024\/01\/Matthias-Loibner-scaled.jpg?resize=2048%2C1692&amp;ssl=1 2048w, https:\/\/i0.wp.com\/www.jazzzeitung.de\/cms\/wp-content\/uploads\/2024\/01\/Matthias-Loibner-scaled.jpg?resize=1320%2C1091&amp;ssl=1 1320w, https:\/\/i0.wp.com\/www.jazzzeitung.de\/cms\/wp-content\/uploads\/2024\/01\/Matthias-Loibner-scaled.jpg?w=1680&amp;ssl=1 1680w\" width=\"298\" height=\"246\" loading=\"lazy\" data-original-width=\"298\" data-original-height=\"246\" itemprop=\"http:\/\/schema.org\/image\" title=\"Matthias Loibner\" alt=\"Matthias Loibner\" style=\"width: 298px; height: 246px;\" \/> <\/a> <\/div> <div class=\"tiled-gallery-item tiled-gallery-item-large\" itemprop=\"associatedMedia\" itemscope itemtype=\"http:\/\/schema.org\/ImageObject\"> <a href=\"https:\/\/www.jazzzeitung.de\/cms\/2024\/01\/shortcut-beim-jazzfestival-muenster-fenster-zur-aktuellen-musik-europas\/michel-godard-dominikanerkirche\/\" border=\"0\" itemprop=\"url\"> <meta itemprop=\"width\" content=\"298\"> <meta itemprop=\"height\" content=\"223\"> <img decoding=\"async\" class=\"\" data-attachment-id=\"30470\" data-orig-file=\"https:\/\/www.jazzzeitung.de\/cms\/wp-content\/uploads\/2024\/01\/Michel-Godard-@-Dominikanerkirche-scaled.jpg\" data-orig-size=\"2560,1920\" data-comments-opened=\"1\" data-image-meta=\"{&quot;aperture&quot;:&quot;2.8&quot;,&quot;credit&quot;:&quot;&quot;,&quot;camera&quot;:&quot;DSC-RX10&quot;,&quot;caption&quot;:&quot;&quot;,&quot;created_timestamp&quot;:&quot;1704633034&quot;,&quot;copyright&quot;:&quot;&quot;,&quot;focal_length&quot;:&quot;8.8&quot;,&quot;iso&quot;:&quot;400&quot;,&quot;shutter_speed&quot;:&quot;0.033333333333333&quot;,&quot;title&quot;:&quot;&quot;,&quot;orientation&quot;:&quot;0&quot;}\" data-image-title=\"Michel Godard @ Dominikanerkirche\" data-image-description=\"\" data-medium-file=\"https:\/\/i0.wp.com\/www.jazzzeitung.de\/cms\/wp-content\/uploads\/2024\/01\/Michel-Godard-%40-Dominikanerkirche-scaled.jpg?fit=300%2C225&#038;ssl=1\" data-large-file=\"https:\/\/i0.wp.com\/www.jazzzeitung.de\/cms\/wp-content\/uploads\/2024\/01\/Michel-Godard-%40-Dominikanerkirche-scaled.jpg?fit=800%2C600&#038;ssl=1\" src=\"https:\/\/i0.wp.com\/www.jazzzeitung.de\/cms\/wp-content\/uploads\/2024\/01\/Michel-Godard-%40-Dominikanerkirche-scaled.jpg?w=298&#038;h=223&#038;ssl=1\" width=\"298\" height=\"223\" loading=\"lazy\" data-original-width=\"298\" data-original-height=\"223\" itemprop=\"http:\/\/schema.org\/image\" title=\"Michel Godard @ Dominikanerkirche\" alt=\"Michel Godard @ Dominikanerkirche\" style=\"width: 298px; height: 223px;\" \/> <\/a> <\/div> <div class=\"tiled-gallery-item tiled-gallery-item-large\" itemprop=\"associatedMedia\" itemscope itemtype=\"http:\/\/schema.org\/ImageObject\"> <a href=\"https:\/\/www.jazzzeitung.de\/cms\/2024\/01\/shortcut-beim-jazzfestival-muenster-fenster-zur-aktuellen-musik-europas\/michel-godard\/\" border=\"0\" itemprop=\"url\"> <meta itemprop=\"width\" content=\"298\"> <meta itemprop=\"height\" content=\"249\"> <img decoding=\"async\" class=\"\" data-attachment-id=\"30471\" data-orig-file=\"https:\/\/www.jazzzeitung.de\/cms\/wp-content\/uploads\/2024\/01\/Michel-Godard-scaled.jpg\" data-orig-size=\"2560,2135\" data-comments-opened=\"1\" data-image-meta=\"{&quot;aperture&quot;:&quot;2.8&quot;,&quot;credit&quot;:&quot;&quot;,&quot;camera&quot;:&quot;SLT-A58&quot;,&quot;caption&quot;:&quot;&quot;,&quot;created_timestamp&quot;:&quot;1489840194&quot;,&quot;copyright&quot;:&quot;&quot;,&quot;focal_length&quot;:&quot;200&quot;,&quot;iso&quot;:&quot;3200&quot;,&quot;shutter_speed&quot;:&quot;0.004&quot;,&quot;title&quot;:&quot;&quot;,&quot;orientation&quot;:&quot;0&quot;}\" data-image-title=\"Michel Godard\" data-image-description=\"\" data-medium-file=\"https:\/\/i0.wp.com\/www.jazzzeitung.de\/cms\/wp-content\/uploads\/2024\/01\/Michel-Godard-scaled.jpg?fit=300%2C250&#038;ssl=1\" data-large-file=\"https:\/\/i0.wp.com\/www.jazzzeitung.de\/cms\/wp-content\/uploads\/2024\/01\/Michel-Godard-scaled.jpg?fit=720%2C600&#038;ssl=1\" src=\"https:\/\/i0.wp.com\/www.jazzzeitung.de\/cms\/wp-content\/uploads\/2024\/01\/Michel-Godard-scaled.jpg?w=298&#038;h=249&#038;ssl=1\" srcset=\"https:\/\/i0.wp.com\/www.jazzzeitung.de\/cms\/wp-content\/uploads\/2024\/01\/Michel-Godard-scaled.jpg?w=2560&amp;ssl=1 2560w, https:\/\/i0.wp.com\/www.jazzzeitung.de\/cms\/wp-content\/uploads\/2024\/01\/Michel-Godard-scaled.jpg?resize=300%2C250&amp;ssl=1 300w, https:\/\/i0.wp.com\/www.jazzzeitung.de\/cms\/wp-content\/uploads\/2024\/01\/Michel-Godard-scaled.jpg?resize=720%2C600&amp;ssl=1 720w, https:\/\/i0.wp.com\/www.jazzzeitung.de\/cms\/wp-content\/uploads\/2024\/01\/Michel-Godard-scaled.jpg?resize=768%2C640&amp;ssl=1 768w, https:\/\/i0.wp.com\/www.jazzzeitung.de\/cms\/wp-content\/uploads\/2024\/01\/Michel-Godard-scaled.jpg?resize=1536%2C1281&amp;ssl=1 1536w, https:\/\/i0.wp.com\/www.jazzzeitung.de\/cms\/wp-content\/uploads\/2024\/01\/Michel-Godard-scaled.jpg?resize=2048%2C1708&amp;ssl=1 2048w, https:\/\/i0.wp.com\/www.jazzzeitung.de\/cms\/wp-content\/uploads\/2024\/01\/Michel-Godard-scaled.jpg?resize=1320%2C1101&amp;ssl=1 1320w, https:\/\/i0.wp.com\/www.jazzzeitung.de\/cms\/wp-content\/uploads\/2024\/01\/Michel-Godard-scaled.jpg?w=1680&amp;ssl=1 1680w\" width=\"298\" height=\"249\" loading=\"lazy\" data-original-width=\"298\" data-original-height=\"249\" itemprop=\"http:\/\/schema.org\/image\" title=\"Michel Godard\" alt=\"Michel Godard\" style=\"width: 298px; height: 249px;\" \/> <\/a> <\/div> <\/div> <!-- close group --> <div class=\"gallery-group images-1\" style=\"width: 538px; height: 730px;\" data-original-width=\"538\" data-original-height=\"730\" > <div class=\"tiled-gallery-item tiled-gallery-item-large\" itemprop=\"associatedMedia\" itemscope itemtype=\"http:\/\/schema.org\/ImageObject\"> <a href=\"https:\/\/www.jazzzeitung.de\/cms\/2024\/01\/shortcut-beim-jazzfestival-muenster-fenster-zur-aktuellen-musik-europas\/michel-godard2\/\" border=\"0\" itemprop=\"url\"> <meta itemprop=\"width\" content=\"534\"> <meta itemprop=\"height\" content=\"726\"> <img decoding=\"async\" class=\"\" data-attachment-id=\"30472\" data-orig-file=\"https:\/\/www.jazzzeitung.de\/cms\/wp-content\/uploads\/2024\/01\/Michel-Godard2-scaled.jpg\" data-orig-size=\"1884,2560\" data-comments-opened=\"1\" data-image-meta=\"{&quot;aperture&quot;:&quot;2.8&quot;,&quot;credit&quot;:&quot;&quot;,&quot;camera&quot;:&quot;SLT-A58&quot;,&quot;caption&quot;:&quot;&quot;,&quot;created_timestamp&quot;:&quot;1489842686&quot;,&quot;copyright&quot;:&quot;&quot;,&quot;focal_length&quot;:&quot;200&quot;,&quot;iso&quot;:&quot;2500&quot;,&quot;shutter_speed&quot;:&quot;0.003125&quot;,&quot;title&quot;:&quot;&quot;,&quot;orientation&quot;:&quot;0&quot;}\" data-image-title=\"Michel Godard2\" data-image-description=\"\" data-medium-file=\"https:\/\/i0.wp.com\/www.jazzzeitung.de\/cms\/wp-content\/uploads\/2024\/01\/Michel-Godard2-scaled.jpg?fit=221%2C300&#038;ssl=1\" data-large-file=\"https:\/\/i0.wp.com\/www.jazzzeitung.de\/cms\/wp-content\/uploads\/2024\/01\/Michel-Godard2-scaled.jpg?fit=441%2C600&#038;ssl=1\" src=\"https:\/\/i0.wp.com\/www.jazzzeitung.de\/cms\/wp-content\/uploads\/2024\/01\/Michel-Godard2-scaled.jpg?w=534&#038;h=726&#038;ssl=1\" srcset=\"https:\/\/i0.wp.com\/www.jazzzeitung.de\/cms\/wp-content\/uploads\/2024\/01\/Michel-Godard2-scaled.jpg?w=1884&amp;ssl=1 1884w, https:\/\/i0.wp.com\/www.jazzzeitung.de\/cms\/wp-content\/uploads\/2024\/01\/Michel-Godard2-scaled.jpg?resize=221%2C300&amp;ssl=1 221w, https:\/\/i0.wp.com\/www.jazzzeitung.de\/cms\/wp-content\/uploads\/2024\/01\/Michel-Godard2-scaled.jpg?resize=441%2C600&amp;ssl=1 441w, https:\/\/i0.wp.com\/www.jazzzeitung.de\/cms\/wp-content\/uploads\/2024\/01\/Michel-Godard2-scaled.jpg?resize=768%2C1044&amp;ssl=1 768w, https:\/\/i0.wp.com\/www.jazzzeitung.de\/cms\/wp-content\/uploads\/2024\/01\/Michel-Godard2-scaled.jpg?resize=1130%2C1536&amp;ssl=1 1130w, https:\/\/i0.wp.com\/www.jazzzeitung.de\/cms\/wp-content\/uploads\/2024\/01\/Michel-Godard2-scaled.jpg?resize=1507%2C2048&amp;ssl=1 1507w, https:\/\/i0.wp.com\/www.jazzzeitung.de\/cms\/wp-content\/uploads\/2024\/01\/Michel-Godard2-scaled.jpg?resize=1320%2C1794&amp;ssl=1 1320w, https:\/\/i0.wp.com\/www.jazzzeitung.de\/cms\/wp-content\/uploads\/2024\/01\/Michel-Godard2-scaled.jpg?w=1680&amp;ssl=1 1680w\" width=\"534\" height=\"726\" loading=\"lazy\" data-original-width=\"534\" data-original-height=\"726\" itemprop=\"http:\/\/schema.org\/image\" title=\"Michel Godard2\" alt=\"Michel Godard2\" style=\"width: 534px; height: 726px;\" \/> <\/a> <\/div> <\/div> <!-- close group --> <\/div> <!-- close row --> <\/div>\n<p>Erhabene Atmosph\u00e4re flutete den Raum, gen\u00e4hrt von mittelalterlichen Melodien und sp\u00e4ter auch mal einem Schubert-Zitat und zusammengehalten von der subtilen Klangmalerei von Schlagzeuger Lucas Niggli. Das war Stoff zum Abtauchen und Wegtr\u00e4umen im Zusammenwirken mit der prachtvollen Farbregie im B\u00fchnenhintergrund des M\u00fcnsteraner Theaters.<\/p>\n<p><strong>Einfach mal optimistisch sein!<\/strong><\/p>\n<p>Das Reizvolle an den kleinen Shortcut-Festivals mit drei Konzerten an einem Abend ist dieser kompakte Gleichklang aus musikalischen Eindr\u00fccken, die niemals zu zahlreich werden und deshalb umso nachhaltiger wirken: Das dritte Konzert des Abends gab \u201edem Jazz\u201c in aufrichtiger Diktion und ausgeschlafener Klarheit das Wort und das mit riesigem Spa\u00dffaktor. Die Pianistin Zoe Rahman und ihr Oktett sind ein neuer Export aus der umtriebigen britischen Jazzszene. Der Bandname \u201eColour of Sound\u201c ist Programm. Zoe Rahman komponiert lyrisch mitrei\u00dfende St\u00fccke und soliert temperamentvoll auf dem Fl\u00fcgel. Das setzte genug motivierende Signale, um die hier versammelten, hervorragenden Solistinnen und Solisten auf Anhieb auf Wolke sieben zu katapultieren. Alle waren so tief in der Musik drin, dass die Klangfarben strahlten, Ideen funkelten und Emotionen w\u00e4rmten. Mit so viel musikalischer Freude darf ruhig mal ein neues Jahr zuversichtlich begonnen werden.<\/p>\n<p><strong>Klangmeditation unter dem Foucaultschen Pendel<\/strong><\/p>\n<p>Es ist alles eine Frage des Standpunktes. Das imposante Foucaultsche Pendel, das in M\u00fcnsters Dominikanerkirche an einem \u00fcber 20 Meter langen Stahlseil h\u00e4ngt, bewegt sich eigentlich gar nicht &#8211; es ist die Erde drumherum in ihrer permanenten Rotation. Diesen Gedanken \u00e4u\u00dferte der franz\u00f6sische Tubist, Bassist und Serpent-Spieler Michel Godard \u00fcber Gerhard Richters bemerkenswertes Kunstwerk, das dieser der Stadt anl\u00e4sslich seiner renommierten Skulpturenausstellung im Jahr 2018 geschenkt hat. M\u00f6glicherweise hatte Godards Nachdenken auch sein Spiel auf dem Serpent, jenem schlangenartigen Blechblasinstrument aus dem 16. Jahrhundert, inspiriert. Godards meditative Kl\u00e4nge schenkten dem Shortcut, der \u201ekleinen Ausgabe\u201c des Internationalen Jazzfestivals M\u00fcnster, ein lyrisches Finale. Teilweise spielte auch ein E-Bass mit, auf dem Godard eine Figur spielte und diese dann dem Loopger\u00e4t \u00fcberlie\u00df.<\/p>\n<p>Fotos: Stefan Pieper<\/p>\n<p>&nbsp;<\/p>\n","protected":false},"excerpt":{"rendered":"<p>Von Stefan Pieper. Auch in seiner kleinen \u201eShortcut\u201c-Ausgabe bewies das Internationale Jazzfestival M\u00fcnster zum Jahresauftakt seine verl\u00e4ssliche hohe Qualit\u00e4t und Relevanz, vor allem durch Premieren, welche die Fenster f\u00fcr die reiche aktuelle Musik in Europa weit \u00f6ffnen \u2013 ebenso wie ein Konzert in der Dominikanerkirche, das einen spannenden Bezug zur Historie und reichen kulturellen Gegenwart der Stadt herstellte. Auf der H\u00f6he der Zeit Schm\u00fccker kuratiert dieses Festival seit fast 40 Jahren und erneuert es immer wieder auf der H\u00f6he der Zeit. Und das lief direkt zu Beginn der Konzert-Trilogie im M\u00fcnsteraner Theater auf eine Zelebration maximaler k\u00fcnstlerischer Aufbruchsstimmung hinaus: Die junge italienische Violinistin Ana\u00efs Drago ist \u201edie\u201c Entdeckung schlechthin! Zusammen mit Federico Calcagno, der Klarinette und Bassklarinette spielt, und Max Trabucco am Schlagzeug und Perkussion entfaltet sich ein innovativer Musizieransatz, der spektakul\u00e4ren Gleichklang zwischen improvisatorischer, virtuoser, neut\u00f6nerischer und lyrischer Bravour herstellt. Kann man ein Instrument mehr lieben als diese junge Musikerin, die unter anderem das Orchestra Nazionale Jazz Giovani Talenti unter Paolo Damianis Leitung zu einer ihrer ma\u00dfgebenden Talentschmieden z\u00e4hlt? Sie versteht und behandelt ihr Instrument ganzheitlich, so viel ist h\u00f6r-, sicht- und sp\u00fcrbar. Zun\u00e4chst &hellip;<\/p>\n","protected":false},"author":18,"featured_media":30458,"comment_status":"open","ping_status":"closed","sticky":false,"template":"","format":"standard","meta":{"_jetpack_memberships_contains_paid_content":false,"footnotes":"","jetpack_publicize_message":"","jetpack_publicize_feature_enabled":true,"jetpack_social_post_already_shared":false,"jetpack_social_options":{"image_generator_settings":{"template":"highway","default_image_id":0,"font":"","enabled":false},"version":2}},"categories":[1053],"tags":[5247,5244,5243,5245,5246,1129],"coauthors":[695],"class_list":["post-30457","post","type-post","status-publish","format-standard","has-post-thumbnail","hentry","category-bericht","tag-anais-drago","tag-internationales-jazzfestival-muenster","tag-jazzfestival-muenster","tag-michel-godard","tag-shortcut-muenster","tag-stefan-pieper"],"yoast_head":"<!-- This site is optimized with the Yoast SEO plugin v27.5 - https:\/\/yoast.com\/product\/yoast-seo-wordpress\/ -->\n<title>Shortcut beim Jazzfestival M\u00fcnster: Fenster zur aktuellen Musik Europas - JazzZeitung<\/title>\n<meta name=\"robots\" content=\"index, follow, max-snippet:-1, max-image-preview:large, max-video-preview:-1\" \/>\n<link rel=\"canonical\" href=\"https:\/\/www.jazzzeitung.de\/cms\/2024\/01\/shortcut-beim-jazzfestival-muenster-fenster-zur-aktuellen-musik-europas\/\" \/>\n<meta property=\"og:locale\" content=\"de_DE\" \/>\n<meta property=\"og:type\" content=\"article\" \/>\n<meta property=\"og:title\" content=\"Shortcut beim Jazzfestival M\u00fcnster: Fenster zur aktuellen Musik Europas - JazzZeitung\" \/>\n<meta property=\"og:description\" content=\"Von Stefan Pieper. Auch in seiner kleinen \u201eShortcut\u201c-Ausgabe bewies das Internationale Jazzfestival M\u00fcnster zum Jahresauftakt seine verl\u00e4ssliche hohe Qualit\u00e4t und Relevanz, vor allem durch Premieren, welche die Fenster f\u00fcr die reiche aktuelle Musik in Europa weit \u00f6ffnen \u2013 ebenso wie ein Konzert in der Dominikanerkirche, das einen spannenden Bezug zur Historie und reichen kulturellen Gegenwart der Stadt herstellte. Auf der H\u00f6he der Zeit Schm\u00fccker kuratiert dieses Festival seit fast 40 Jahren und erneuert es immer wieder auf der H\u00f6he der Zeit. Und das lief direkt zu Beginn der Konzert-Trilogie im M\u00fcnsteraner Theater auf eine Zelebration maximaler k\u00fcnstlerischer Aufbruchsstimmung hinaus: Die junge italienische Violinistin Ana\u00efs Drago ist \u201edie\u201c Entdeckung schlechthin! Zusammen mit Federico Calcagno, der Klarinette und Bassklarinette spielt, und Max Trabucco am Schlagzeug und Perkussion entfaltet sich ein innovativer Musizieransatz, der spektakul\u00e4ren Gleichklang zwischen improvisatorischer, virtuoser, neut\u00f6nerischer und lyrischer Bravour herstellt. Kann man ein Instrument mehr lieben als diese junge Musikerin, die unter anderem das Orchestra Nazionale Jazz Giovani Talenti unter Paolo Damianis Leitung zu einer ihrer ma\u00dfgebenden Talentschmieden z\u00e4hlt? Sie versteht und behandelt ihr Instrument ganzheitlich, so viel ist h\u00f6r-, sicht- und sp\u00fcrbar. Zun\u00e4chst &hellip;\" \/>\n<meta property=\"og:url\" content=\"https:\/\/www.jazzzeitung.de\/cms\/2024\/01\/shortcut-beim-jazzfestival-muenster-fenster-zur-aktuellen-musik-europas\/\" \/>\n<meta property=\"og:site_name\" content=\"JazzZeitung\" \/>\n<meta property=\"article:publisher\" content=\"https:\/\/www.facebook.com\/JazzZeitung\/\" \/>\n<meta property=\"article:published_time\" content=\"2024-01-12T13:06:01+00:00\" \/>\n<meta property=\"og:image\" content=\"https:\/\/i0.wp.com\/www.jazzzeitung.de\/cms\/wp-content\/uploads\/2024\/01\/DSC08709-2-scaled.jpg?fit=2560%2C2066&ssl=1\" \/>\n\t<meta property=\"og:image:width\" content=\"2560\" \/>\n\t<meta property=\"og:image:height\" content=\"2066\" \/>\n\t<meta property=\"og:image:type\" content=\"image\/jpeg\" \/>\n<meta name=\"author\" content=\"Redaktion JazzZeitung\" \/>\n<script type=\"application\/ld+json\" class=\"yoast-schema-graph\">{\"@context\":\"https:\\\/\\\/schema.org\",\"@graph\":[{\"@type\":\"Article\",\"@id\":\"https:\\\/\\\/www.jazzzeitung.de\\\/cms\\\/2024\\\/01\\\/shortcut-beim-jazzfestival-muenster-fenster-zur-aktuellen-musik-europas\\\/#article\",\"isPartOf\":{\"@id\":\"https:\\\/\\\/www.jazzzeitung.de\\\/cms\\\/2024\\\/01\\\/shortcut-beim-jazzfestival-muenster-fenster-zur-aktuellen-musik-europas\\\/\"},\"author\":{\"name\":\"Redaktion JazzZeitung\",\"@id\":\"https:\\\/\\\/www.jazzzeitung.de\\\/cms\\\/#\\\/schema\\\/person\\\/2245b36b9cd1d24cea10f01c031fb92b\"},\"headline\":\"Shortcut beim Jazzfestival M\u00fcnster: Fenster zur aktuellen Musik Europas\",\"datePublished\":\"2024-01-12T13:06:01+00:00\",\"mainEntityOfPage\":{\"@id\":\"https:\\\/\\\/www.jazzzeitung.de\\\/cms\\\/2024\\\/01\\\/shortcut-beim-jazzfestival-muenster-fenster-zur-aktuellen-musik-europas\\\/\"},\"wordCount\":754,\"commentCount\":0,\"publisher\":{\"@id\":\"https:\\\/\\\/www.jazzzeitung.de\\\/cms\\\/#organization\"},\"image\":{\"@id\":\"https:\\\/\\\/www.jazzzeitung.de\\\/cms\\\/2024\\\/01\\\/shortcut-beim-jazzfestival-muenster-fenster-zur-aktuellen-musik-europas\\\/#primaryimage\"},\"thumbnailUrl\":\"https:\\\/\\\/i0.wp.com\\\/www.jazzzeitung.de\\\/cms\\\/wp-content\\\/uploads\\\/2024\\\/01\\\/DSC08709-2-scaled.jpg?fit=2560%2C2066&ssl=1\",\"keywords\":[\"Ana\u00efs Drago\",\"Internationales Jazzfestival M\u00fcnster\",\"Jazzfestival M\u00fcnster\",\"Michel Godard\",\"Shortcut M\u00fcnster\",\"Stefan Pieper\"],\"articleSection\":[\"Bericht\"],\"inLanguage\":\"de\",\"potentialAction\":[{\"@type\":\"CommentAction\",\"name\":\"Comment\",\"target\":[\"https:\\\/\\\/www.jazzzeitung.de\\\/cms\\\/2024\\\/01\\\/shortcut-beim-jazzfestival-muenster-fenster-zur-aktuellen-musik-europas\\\/#respond\"]}]},{\"@type\":\"WebPage\",\"@id\":\"https:\\\/\\\/www.jazzzeitung.de\\\/cms\\\/2024\\\/01\\\/shortcut-beim-jazzfestival-muenster-fenster-zur-aktuellen-musik-europas\\\/\",\"url\":\"https:\\\/\\\/www.jazzzeitung.de\\\/cms\\\/2024\\\/01\\\/shortcut-beim-jazzfestival-muenster-fenster-zur-aktuellen-musik-europas\\\/\",\"name\":\"Shortcut beim Jazzfestival M\u00fcnster: Fenster zur aktuellen Musik Europas - JazzZeitung\",\"isPartOf\":{\"@id\":\"https:\\\/\\\/www.jazzzeitung.de\\\/cms\\\/#website\"},\"primaryImageOfPage\":{\"@id\":\"https:\\\/\\\/www.jazzzeitung.de\\\/cms\\\/2024\\\/01\\\/shortcut-beim-jazzfestival-muenster-fenster-zur-aktuellen-musik-europas\\\/#primaryimage\"},\"image\":{\"@id\":\"https:\\\/\\\/www.jazzzeitung.de\\\/cms\\\/2024\\\/01\\\/shortcut-beim-jazzfestival-muenster-fenster-zur-aktuellen-musik-europas\\\/#primaryimage\"},\"thumbnailUrl\":\"https:\\\/\\\/i0.wp.com\\\/www.jazzzeitung.de\\\/cms\\\/wp-content\\\/uploads\\\/2024\\\/01\\\/DSC08709-2-scaled.jpg?fit=2560%2C2066&ssl=1\",\"datePublished\":\"2024-01-12T13:06:01+00:00\",\"breadcrumb\":{\"@id\":\"https:\\\/\\\/www.jazzzeitung.de\\\/cms\\\/2024\\\/01\\\/shortcut-beim-jazzfestival-muenster-fenster-zur-aktuellen-musik-europas\\\/#breadcrumb\"},\"inLanguage\":\"de\",\"potentialAction\":[{\"@type\":\"ReadAction\",\"target\":[\"https:\\\/\\\/www.jazzzeitung.de\\\/cms\\\/2024\\\/01\\\/shortcut-beim-jazzfestival-muenster-fenster-zur-aktuellen-musik-europas\\\/\"]}]},{\"@type\":\"ImageObject\",\"inLanguage\":\"de\",\"@id\":\"https:\\\/\\\/www.jazzzeitung.de\\\/cms\\\/2024\\\/01\\\/shortcut-beim-jazzfestival-muenster-fenster-zur-aktuellen-musik-europas\\\/#primaryimage\",\"url\":\"https:\\\/\\\/i0.wp.com\\\/www.jazzzeitung.de\\\/cms\\\/wp-content\\\/uploads\\\/2024\\\/01\\\/DSC08709-2-scaled.jpg?fit=2560%2C2066&ssl=1\",\"contentUrl\":\"https:\\\/\\\/i0.wp.com\\\/www.jazzzeitung.de\\\/cms\\\/wp-content\\\/uploads\\\/2024\\\/01\\\/DSC08709-2-scaled.jpg?fit=2560%2C2066&ssl=1\",\"width\":2560,\"height\":2066},{\"@type\":\"BreadcrumbList\",\"@id\":\"https:\\\/\\\/www.jazzzeitung.de\\\/cms\\\/2024\\\/01\\\/shortcut-beim-jazzfestival-muenster-fenster-zur-aktuellen-musik-europas\\\/#breadcrumb\",\"itemListElement\":[{\"@type\":\"ListItem\",\"position\":1,\"name\":\"Startseite\",\"item\":\"https:\\\/\\\/www.jazzzeitung.de\\\/cms\\\/\"},{\"@type\":\"ListItem\",\"position\":2,\"name\":\"Shortcut beim Jazzfestival M\u00fcnster: Fenster zur aktuellen Musik Europas\"}]},{\"@type\":\"WebSite\",\"@id\":\"https:\\\/\\\/www.jazzzeitung.de\\\/cms\\\/#website\",\"url\":\"https:\\\/\\\/www.jazzzeitung.de\\\/cms\\\/\",\"name\":\"JazzZeitung\",\"description\":\"Jazz-News und Jazz-Kontroverses\",\"publisher\":{\"@id\":\"https:\\\/\\\/www.jazzzeitung.de\\\/cms\\\/#organization\"},\"potentialAction\":[{\"@type\":\"SearchAction\",\"target\":{\"@type\":\"EntryPoint\",\"urlTemplate\":\"https:\\\/\\\/www.jazzzeitung.de\\\/cms\\\/?s={search_term_string}\"},\"query-input\":{\"@type\":\"PropertyValueSpecification\",\"valueRequired\":true,\"valueName\":\"search_term_string\"}}],\"inLanguage\":\"de\"},{\"@type\":\"Organization\",\"@id\":\"https:\\\/\\\/www.jazzzeitung.de\\\/cms\\\/#organization\",\"name\":\"JazzZeitung online\",\"url\":\"https:\\\/\\\/www.jazzzeitung.de\\\/cms\\\/\",\"logo\":{\"@type\":\"ImageObject\",\"inLanguage\":\"de\",\"@id\":\"https:\\\/\\\/www.jazzzeitung.de\\\/cms\\\/#\\\/schema\\\/logo\\\/image\\\/\",\"url\":\"https:\\\/\\\/i0.wp.com\\\/www.jazzzeitung.de\\\/cms\\\/wp-content\\\/uploads\\\/2015\\\/08\\\/JAZZZEITUNGDE_Logo_Neu.png?fit=499%2C200&ssl=1\",\"contentUrl\":\"https:\\\/\\\/i0.wp.com\\\/www.jazzzeitung.de\\\/cms\\\/wp-content\\\/uploads\\\/2015\\\/08\\\/JAZZZEITUNGDE_Logo_Neu.png?fit=499%2C200&ssl=1\",\"width\":499,\"height\":200,\"caption\":\"JazzZeitung online\"},\"image\":{\"@id\":\"https:\\\/\\\/www.jazzzeitung.de\\\/cms\\\/#\\\/schema\\\/logo\\\/image\\\/\"},\"sameAs\":[\"https:\\\/\\\/www.facebook.com\\\/JazzZeitung\\\/\"]},{\"@type\":\"Person\",\"@id\":\"https:\\\/\\\/www.jazzzeitung.de\\\/cms\\\/#\\\/schema\\\/person\\\/2245b36b9cd1d24cea10f01c031fb92b\",\"name\":\"Redaktion JazzZeitung\",\"image\":{\"@type\":\"ImageObject\",\"inLanguage\":\"de\",\"@id\":\"https:\\\/\\\/i0.wp.com\\\/www.jazzzeitung.de\\\/cms\\\/wp-content\\\/uploads\\\/2015\\\/08\\\/JAZZZEITUNGDE_Logo_Neu.png?resize=96%2C96&ssl=159975dcacb611b5700bd619b5daf0a7a\",\"url\":\"https:\\\/\\\/i0.wp.com\\\/www.jazzzeitung.de\\\/cms\\\/wp-content\\\/uploads\\\/2015\\\/08\\\/JAZZZEITUNGDE_Logo_Neu.png?resize=96%2C96&ssl=1\",\"contentUrl\":\"https:\\\/\\\/i0.wp.com\\\/www.jazzzeitung.de\\\/cms\\\/wp-content\\\/uploads\\\/2015\\\/08\\\/JAZZZEITUNGDE_Logo_Neu.png?resize=96%2C96&ssl=1\",\"caption\":\"Redaktion JazzZeitung\"},\"description\":\"Artikel der Redaktion der JazzZeitung.\",\"sameAs\":[\"http:\\\/\\\/www.jazzzeitung.de\\\/cms\\\/\"],\"url\":\"https:\\\/\\\/www.jazzzeitung.de\\\/cms\\\/author\\\/redaktion\\\/\"}]}<\/script>\n<!-- \/ Yoast SEO plugin. -->","yoast_head_json":{"title":"Shortcut beim Jazzfestival M\u00fcnster: Fenster zur aktuellen Musik Europas - JazzZeitung","robots":{"index":"index","follow":"follow","max-snippet":"max-snippet:-1","max-image-preview":"max-image-preview:large","max-video-preview":"max-video-preview:-1"},"canonical":"https:\/\/www.jazzzeitung.de\/cms\/2024\/01\/shortcut-beim-jazzfestival-muenster-fenster-zur-aktuellen-musik-europas\/","og_locale":"de_DE","og_type":"article","og_title":"Shortcut beim Jazzfestival M\u00fcnster: Fenster zur aktuellen Musik Europas - JazzZeitung","og_description":"Von Stefan Pieper. Auch in seiner kleinen \u201eShortcut\u201c-Ausgabe bewies das Internationale Jazzfestival M\u00fcnster zum Jahresauftakt seine verl\u00e4ssliche hohe Qualit\u00e4t und Relevanz, vor allem durch Premieren, welche die Fenster f\u00fcr die reiche aktuelle Musik in Europa weit \u00f6ffnen \u2013 ebenso wie ein Konzert in der Dominikanerkirche, das einen spannenden Bezug zur Historie und reichen kulturellen Gegenwart der Stadt herstellte. Auf der H\u00f6he der Zeit Schm\u00fccker kuratiert dieses Festival seit fast 40 Jahren und erneuert es immer wieder auf der H\u00f6he der Zeit. Und das lief direkt zu Beginn der Konzert-Trilogie im M\u00fcnsteraner Theater auf eine Zelebration maximaler k\u00fcnstlerischer Aufbruchsstimmung hinaus: Die junge italienische Violinistin Ana\u00efs Drago ist \u201edie\u201c Entdeckung schlechthin! Zusammen mit Federico Calcagno, der Klarinette und Bassklarinette spielt, und Max Trabucco am Schlagzeug und Perkussion entfaltet sich ein innovativer Musizieransatz, der spektakul\u00e4ren Gleichklang zwischen improvisatorischer, virtuoser, neut\u00f6nerischer und lyrischer Bravour herstellt. Kann man ein Instrument mehr lieben als diese junge Musikerin, die unter anderem das Orchestra Nazionale Jazz Giovani Talenti unter Paolo Damianis Leitung zu einer ihrer ma\u00dfgebenden Talentschmieden z\u00e4hlt? Sie versteht und behandelt ihr Instrument ganzheitlich, so viel ist h\u00f6r-, sicht- und sp\u00fcrbar. Zun\u00e4chst &hellip;","og_url":"https:\/\/www.jazzzeitung.de\/cms\/2024\/01\/shortcut-beim-jazzfestival-muenster-fenster-zur-aktuellen-musik-europas\/","og_site_name":"JazzZeitung","article_publisher":"https:\/\/www.facebook.com\/JazzZeitung\/","article_published_time":"2024-01-12T13:06:01+00:00","og_image":[{"width":2560,"height":2066,"url":"https:\/\/i0.wp.com\/www.jazzzeitung.de\/cms\/wp-content\/uploads\/2024\/01\/DSC08709-2-scaled.jpg?fit=2560%2C2066&ssl=1","type":"image\/jpeg"}],"author":"Redaktion JazzZeitung","schema":{"@context":"https:\/\/schema.org","@graph":[{"@type":"Article","@id":"https:\/\/www.jazzzeitung.de\/cms\/2024\/01\/shortcut-beim-jazzfestival-muenster-fenster-zur-aktuellen-musik-europas\/#article","isPartOf":{"@id":"https:\/\/www.jazzzeitung.de\/cms\/2024\/01\/shortcut-beim-jazzfestival-muenster-fenster-zur-aktuellen-musik-europas\/"},"author":{"name":"Redaktion JazzZeitung","@id":"https:\/\/www.jazzzeitung.de\/cms\/#\/schema\/person\/2245b36b9cd1d24cea10f01c031fb92b"},"headline":"Shortcut beim Jazzfestival M\u00fcnster: Fenster zur aktuellen Musik Europas","datePublished":"2024-01-12T13:06:01+00:00","mainEntityOfPage":{"@id":"https:\/\/www.jazzzeitung.de\/cms\/2024\/01\/shortcut-beim-jazzfestival-muenster-fenster-zur-aktuellen-musik-europas\/"},"wordCount":754,"commentCount":0,"publisher":{"@id":"https:\/\/www.jazzzeitung.de\/cms\/#organization"},"image":{"@id":"https:\/\/www.jazzzeitung.de\/cms\/2024\/01\/shortcut-beim-jazzfestival-muenster-fenster-zur-aktuellen-musik-europas\/#primaryimage"},"thumbnailUrl":"https:\/\/i0.wp.com\/www.jazzzeitung.de\/cms\/wp-content\/uploads\/2024\/01\/DSC08709-2-scaled.jpg?fit=2560%2C2066&ssl=1","keywords":["Ana\u00efs Drago","Internationales Jazzfestival M\u00fcnster","Jazzfestival M\u00fcnster","Michel Godard","Shortcut M\u00fcnster","Stefan Pieper"],"articleSection":["Bericht"],"inLanguage":"de","potentialAction":[{"@type":"CommentAction","name":"Comment","target":["https:\/\/www.jazzzeitung.de\/cms\/2024\/01\/shortcut-beim-jazzfestival-muenster-fenster-zur-aktuellen-musik-europas\/#respond"]}]},{"@type":"WebPage","@id":"https:\/\/www.jazzzeitung.de\/cms\/2024\/01\/shortcut-beim-jazzfestival-muenster-fenster-zur-aktuellen-musik-europas\/","url":"https:\/\/www.jazzzeitung.de\/cms\/2024\/01\/shortcut-beim-jazzfestival-muenster-fenster-zur-aktuellen-musik-europas\/","name":"Shortcut beim Jazzfestival M\u00fcnster: Fenster zur aktuellen Musik Europas - JazzZeitung","isPartOf":{"@id":"https:\/\/www.jazzzeitung.de\/cms\/#website"},"primaryImageOfPage":{"@id":"https:\/\/www.jazzzeitung.de\/cms\/2024\/01\/shortcut-beim-jazzfestival-muenster-fenster-zur-aktuellen-musik-europas\/#primaryimage"},"image":{"@id":"https:\/\/www.jazzzeitung.de\/cms\/2024\/01\/shortcut-beim-jazzfestival-muenster-fenster-zur-aktuellen-musik-europas\/#primaryimage"},"thumbnailUrl":"https:\/\/i0.wp.com\/www.jazzzeitung.de\/cms\/wp-content\/uploads\/2024\/01\/DSC08709-2-scaled.jpg?fit=2560%2C2066&ssl=1","datePublished":"2024-01-12T13:06:01+00:00","breadcrumb":{"@id":"https:\/\/www.jazzzeitung.de\/cms\/2024\/01\/shortcut-beim-jazzfestival-muenster-fenster-zur-aktuellen-musik-europas\/#breadcrumb"},"inLanguage":"de","potentialAction":[{"@type":"ReadAction","target":["https:\/\/www.jazzzeitung.de\/cms\/2024\/01\/shortcut-beim-jazzfestival-muenster-fenster-zur-aktuellen-musik-europas\/"]}]},{"@type":"ImageObject","inLanguage":"de","@id":"https:\/\/www.jazzzeitung.de\/cms\/2024\/01\/shortcut-beim-jazzfestival-muenster-fenster-zur-aktuellen-musik-europas\/#primaryimage","url":"https:\/\/i0.wp.com\/www.jazzzeitung.de\/cms\/wp-content\/uploads\/2024\/01\/DSC08709-2-scaled.jpg?fit=2560%2C2066&ssl=1","contentUrl":"https:\/\/i0.wp.com\/www.jazzzeitung.de\/cms\/wp-content\/uploads\/2024\/01\/DSC08709-2-scaled.jpg?fit=2560%2C2066&ssl=1","width":2560,"height":2066},{"@type":"BreadcrumbList","@id":"https:\/\/www.jazzzeitung.de\/cms\/2024\/01\/shortcut-beim-jazzfestival-muenster-fenster-zur-aktuellen-musik-europas\/#breadcrumb","itemListElement":[{"@type":"ListItem","position":1,"name":"Startseite","item":"https:\/\/www.jazzzeitung.de\/cms\/"},{"@type":"ListItem","position":2,"name":"Shortcut beim Jazzfestival M\u00fcnster: Fenster zur aktuellen Musik Europas"}]},{"@type":"WebSite","@id":"https:\/\/www.jazzzeitung.de\/cms\/#website","url":"https:\/\/www.jazzzeitung.de\/cms\/","name":"JazzZeitung","description":"Jazz-News und Jazz-Kontroverses","publisher":{"@id":"https:\/\/www.jazzzeitung.de\/cms\/#organization"},"potentialAction":[{"@type":"SearchAction","target":{"@type":"EntryPoint","urlTemplate":"https:\/\/www.jazzzeitung.de\/cms\/?s={search_term_string}"},"query-input":{"@type":"PropertyValueSpecification","valueRequired":true,"valueName":"search_term_string"}}],"inLanguage":"de"},{"@type":"Organization","@id":"https:\/\/www.jazzzeitung.de\/cms\/#organization","name":"JazzZeitung online","url":"https:\/\/www.jazzzeitung.de\/cms\/","logo":{"@type":"ImageObject","inLanguage":"de","@id":"https:\/\/www.jazzzeitung.de\/cms\/#\/schema\/logo\/image\/","url":"https:\/\/i0.wp.com\/www.jazzzeitung.de\/cms\/wp-content\/uploads\/2015\/08\/JAZZZEITUNGDE_Logo_Neu.png?fit=499%2C200&ssl=1","contentUrl":"https:\/\/i0.wp.com\/www.jazzzeitung.de\/cms\/wp-content\/uploads\/2015\/08\/JAZZZEITUNGDE_Logo_Neu.png?fit=499%2C200&ssl=1","width":499,"height":200,"caption":"JazzZeitung online"},"image":{"@id":"https:\/\/www.jazzzeitung.de\/cms\/#\/schema\/logo\/image\/"},"sameAs":["https:\/\/www.facebook.com\/JazzZeitung\/"]},{"@type":"Person","@id":"https:\/\/www.jazzzeitung.de\/cms\/#\/schema\/person\/2245b36b9cd1d24cea10f01c031fb92b","name":"Redaktion JazzZeitung","image":{"@type":"ImageObject","inLanguage":"de","@id":"https:\/\/i0.wp.com\/www.jazzzeitung.de\/cms\/wp-content\/uploads\/2015\/08\/JAZZZEITUNGDE_Logo_Neu.png?resize=96%2C96&ssl=159975dcacb611b5700bd619b5daf0a7a","url":"https:\/\/i0.wp.com\/www.jazzzeitung.de\/cms\/wp-content\/uploads\/2015\/08\/JAZZZEITUNGDE_Logo_Neu.png?resize=96%2C96&ssl=1","contentUrl":"https:\/\/i0.wp.com\/www.jazzzeitung.de\/cms\/wp-content\/uploads\/2015\/08\/JAZZZEITUNGDE_Logo_Neu.png?resize=96%2C96&ssl=1","caption":"Redaktion JazzZeitung"},"description":"Artikel der Redaktion der JazzZeitung.","sameAs":["http:\/\/www.jazzzeitung.de\/cms\/"],"url":"https:\/\/www.jazzzeitung.de\/cms\/author\/redaktion\/"}]}},"wp-worthy-pixel":{"ignored":false,"public":null,"server":null,"url":null},"wp-worthy-type":"normal","jetpack_publicize_connections":[],"cc_featured_image_caption":{"caption_text":"","source_text":"","source_url":""},"jetpack_featured_media_url":"https:\/\/i0.wp.com\/www.jazzzeitung.de\/cms\/wp-content\/uploads\/2024\/01\/DSC08709-2-scaled.jpg?fit=2560%2C2066&ssl=1","jetpack_shortlink":"https:\/\/wp.me\/p3KEcT-7Vf","jetpack-related-posts":[{"id":11456,"url":"https:\/\/www.jazzzeitung.de\/cms\/2017\/01\/zufluchtsstaette-und-grosses-kino-das-46-internationale-jazzfestival-in-muenster\/","url_meta":{"origin":30457,"position":0},"title":"Zufluchtsst\u00e4tte und gro\u00dfes Kino: Das 26. Internationale Jazzfestival in M\u00fcnster","author":"Redaktion JazzZeitung","date":"10. Januar 2017","format":false,"excerpt":"Wie doch die Zeit vergeht! Lucas Niggli, junggebliebener Schlagzeuger aus der Schweiz musste sich selbst schon wundern, dass sein erster Auftritt beim Internationalen Jazzfestival M\u00fcnster schon 20 Jahre her ist. So \u201ealt\u201c ist schon die neue \u00c4ra des Festivals im Theater im Jahr 1997. Womit sich einmal mehr die krisensichere\u2026","rel":"","context":"In &quot;Bericht&quot;","block_context":{"text":"Bericht","link":"https:\/\/www.jazzzeitung.de\/cms\/thema\/bericht\/"},"img":{"alt_text":"","src":"https:\/\/i0.wp.com\/www.jazzzeitung.de\/cms\/wp-content\/uploads\/2017\/01\/DSC05667-1.jpg?resize=350%2C200","width":350,"height":200},"classes":[]},{"id":21391,"url":"https:\/\/www.jazzzeitung.de\/cms\/2019\/12\/das-gespuer-fuer-den-richtigen-moment-leo-betzls-klaviertrio-erobert-den-techno\/","url_meta":{"origin":30457,"position":1},"title":"Das Gesp\u00fcr f\u00fcr den richtigen Moment: Leo Betzls Klaviertrio erobert den Techno","author":"Redaktion JazzZeitung","date":"4. Dezember 2019","format":false,"excerpt":"Text und Fotos von Stefan Pieper. Erst war es f\u00fcr das M\u00fcnchener Leo-Betzl-Trio nur ein Experiment, mal eine \u201eTechno-Nummer\u201c ins Programm zu nehmen. Mittlerweile ist ein ganzes Abendprogramm und eine ganze CD daraus hervorgegangen. Und was im Januar beim Jazzfestival M\u00fcnster noch etwas kammermusikalisch- verhalten vonstatten ging, entfesselt ein knappes\u2026","rel":"","context":"In &quot;Bericht&quot;","block_context":{"text":"Bericht","link":"https:\/\/www.jazzzeitung.de\/cms\/thema\/bericht\/"},"img":{"alt_text":"","src":"https:\/\/i0.wp.com\/www.jazzzeitung.de\/cms\/wp-content\/uploads\/2019\/12\/DSC02259-scaled.jpg?fit=1094%2C1200&ssl=1&resize=350%2C200","width":350,"height":200,"srcset":"https:\/\/i0.wp.com\/www.jazzzeitung.de\/cms\/wp-content\/uploads\/2019\/12\/DSC02259-scaled.jpg?fit=1094%2C1200&ssl=1&resize=350%2C200 1x, https:\/\/i0.wp.com\/www.jazzzeitung.de\/cms\/wp-content\/uploads\/2019\/12\/DSC02259-scaled.jpg?fit=1094%2C1200&ssl=1&resize=525%2C300 1.5x, https:\/\/i0.wp.com\/www.jazzzeitung.de\/cms\/wp-content\/uploads\/2019\/12\/DSC02259-scaled.jpg?fit=1094%2C1200&ssl=1&resize=700%2C400 2x, https:\/\/i0.wp.com\/www.jazzzeitung.de\/cms\/wp-content\/uploads\/2019\/12\/DSC02259-scaled.jpg?fit=1094%2C1200&ssl=1&resize=1050%2C600 3x"},"classes":[]},{"id":28867,"url":"https:\/\/www.jazzzeitung.de\/cms\/2023\/01\/internationales-jazzfestival-muenster-2023\/","url_meta":{"origin":30457,"position":2},"title":"Internationales Jazzfestival M\u00fcnster 2023","author":"Redaktion JazzZeitung","date":"13. Januar 2023","format":false,"excerpt":"Der legend\u00e4re knallrote Fl\u00fcgel ist Geschichte beim Internationalen Jazzfestival M\u00fcnster. Der Sponsor, welcher das Festival immer wieder mit kostbaren Tasteninstrumenten ausstattet, muss Geld verdienen und hat ihn verkauft. Um so dankbarer k\u00f6nnen wir der franz\u00f6sischen S\u00e4ngerin Camille Bertault sein, dass sie in ihrem knallroten Jackett den liebgewonnenen Farbtupfer zumindest f\u00fcr\u2026","rel":"","context":"In &quot;Bericht&quot;","block_context":{"text":"Bericht","link":"https:\/\/www.jazzzeitung.de\/cms\/thema\/bericht\/"},"img":{"alt_text":"","src":"https:\/\/i0.wp.com\/www.jazzzeitung.de\/cms\/wp-content\/uploads\/2023\/01\/Transylvanian-Folk-Songs-%C2%A9-stefan-pieper--scaled.jpg?fit=1200%2C878&ssl=1&resize=350%2C200","width":350,"height":200,"srcset":"https:\/\/i0.wp.com\/www.jazzzeitung.de\/cms\/wp-content\/uploads\/2023\/01\/Transylvanian-Folk-Songs-%C2%A9-stefan-pieper--scaled.jpg?fit=1200%2C878&ssl=1&resize=350%2C200 1x, https:\/\/i0.wp.com\/www.jazzzeitung.de\/cms\/wp-content\/uploads\/2023\/01\/Transylvanian-Folk-Songs-%C2%A9-stefan-pieper--scaled.jpg?fit=1200%2C878&ssl=1&resize=525%2C300 1.5x, https:\/\/i0.wp.com\/www.jazzzeitung.de\/cms\/wp-content\/uploads\/2023\/01\/Transylvanian-Folk-Songs-%C2%A9-stefan-pieper--scaled.jpg?fit=1200%2C878&ssl=1&resize=700%2C400 2x, https:\/\/i0.wp.com\/www.jazzzeitung.de\/cms\/wp-content\/uploads\/2023\/01\/Transylvanian-Folk-Songs-%C2%A9-stefan-pieper--scaled.jpg?fit=1200%2C878&ssl=1&resize=1050%2C600 3x"},"classes":[]},{"id":13675,"url":"https:\/\/www.jazzzeitung.de\/cms\/2017\/10\/festival-newsbremenmuenster\/","url_meta":{"origin":30457,"position":3},"title":"+++ Festival-News +++ Bremen +++ M\u00fcnster +++","author":"Redaktion JazzZeitung","date":"6. Oktober 2017","format":false,"excerpt":"+++ New Dimensions in Jazz\u00a0 \u2013 neues Festivalformat geht in Bremen an den Start +++ Zum ersten Mal l\u00e4dt die Hochschule f\u00fcr K\u00fcnste Bremen zum Festival ein. Am 17. und 18. November 2017 werden Bands von Master-Studierenden, herausragenden Ehemaligen sowie Lehrenden des Jazzstudiengangs und Freunde aus dem europ\u00e4ischen Nachbarl\u00e4ndern Neues,\u2026","rel":"","context":"In &quot;News&quot;","block_context":{"text":"News","link":"https:\/\/www.jazzzeitung.de\/cms\/thema\/nachrichten\/"},"img":{"alt_text":"jazz_news. Motiv. Foto: Hufner","src":"https:\/\/i0.wp.com\/www.jazzzeitung.de\/cms\/wp-content\/uploads\/2017\/10\/jazz_news.jpg?fit=1200%2C873&ssl=1&resize=350%2C200","width":350,"height":200,"srcset":"https:\/\/i0.wp.com\/www.jazzzeitung.de\/cms\/wp-content\/uploads\/2017\/10\/jazz_news.jpg?fit=1200%2C873&ssl=1&resize=350%2C200 1x, https:\/\/i0.wp.com\/www.jazzzeitung.de\/cms\/wp-content\/uploads\/2017\/10\/jazz_news.jpg?fit=1200%2C873&ssl=1&resize=525%2C300 1.5x, https:\/\/i0.wp.com\/www.jazzzeitung.de\/cms\/wp-content\/uploads\/2017\/10\/jazz_news.jpg?fit=1200%2C873&ssl=1&resize=700%2C400 2x, https:\/\/i0.wp.com\/www.jazzzeitung.de\/cms\/wp-content\/uploads\/2017\/10\/jazz_news.jpg?fit=1200%2C873&ssl=1&resize=1050%2C600 3x"},"classes":[]},{"id":32104,"url":"https:\/\/www.jazzzeitung.de\/cms\/2025\/01\/hier-ist-die-musik-welt-noch-in-ordnung-eindruecke-vom-internationalen-jazzfestival-muenster\/","url_meta":{"origin":30457,"position":4},"title":"Hier ist die Musik-Welt noch in Ordnung: Eindr\u00fccke vom Internationalen Jazzfestival M\u00fcnster","author":"Redaktion JazzZeitung","date":"16. Januar 2025","format":false,"excerpt":"Das Internationale Jazzfestival M\u00fcnster beginnt eigentlich stets mit Neujahrsw\u00fcnschen. Findet es doch alle zwei Jahre (in den gerade gibt es inzwischen die \u201eShort Cuts\u201c mit nur einem Tag) am ersten Wochenende des Jahres statt, was einen also diesmal gleich am 3. Januar ins Theater der Stadt f\u00fchrte, dieses wundervolle F\u00fcnfzigerjahre-Juwel.\u2026","rel":"","context":"In &quot;Bericht&quot;","block_context":{"text":"Bericht","link":"https:\/\/www.jazzzeitung.de\/cms\/thema\/bericht\/"},"img":{"alt_text":"","src":"https:\/\/i0.wp.com\/www.jazzzeitung.de\/cms\/wp-content\/uploads\/2025\/01\/AlinaBzhezhinskaTonyKofi1_OliverHochkeppel040125-scaled.jpg?fit=1200%2C802&ssl=1&resize=350%2C200","width":350,"height":200,"srcset":"https:\/\/i0.wp.com\/www.jazzzeitung.de\/cms\/wp-content\/uploads\/2025\/01\/AlinaBzhezhinskaTonyKofi1_OliverHochkeppel040125-scaled.jpg?fit=1200%2C802&ssl=1&resize=350%2C200 1x, https:\/\/i0.wp.com\/www.jazzzeitung.de\/cms\/wp-content\/uploads\/2025\/01\/AlinaBzhezhinskaTonyKofi1_OliverHochkeppel040125-scaled.jpg?fit=1200%2C802&ssl=1&resize=525%2C300 1.5x, https:\/\/i0.wp.com\/www.jazzzeitung.de\/cms\/wp-content\/uploads\/2025\/01\/AlinaBzhezhinskaTonyKofi1_OliverHochkeppel040125-scaled.jpg?fit=1200%2C802&ssl=1&resize=700%2C400 2x, https:\/\/i0.wp.com\/www.jazzzeitung.de\/cms\/wp-content\/uploads\/2025\/01\/AlinaBzhezhinskaTonyKofi1_OliverHochkeppel040125-scaled.jpg?fit=1200%2C802&ssl=1&resize=1050%2C600 3x"},"classes":[]},{"id":5478,"url":"https:\/\/www.jazzzeitung.de\/cms\/2015\/02\/radio-jazz-research-schaute-ueber-die-grenzen-des-jazz\/","url_meta":{"origin":30457,"position":5},"title":"Radio Jazz Research schaute \u00fcber die Grenzen des Jazz","author":"Peter Ortmann","date":"16. Februar 2015","format":false,"excerpt":"Radio Jazz Research tagte beim M\u00fcnsteraner Jazz Festival - Das Internationale Jazzfestival M\u00fcnster feierte vom 9. bis zum 11. Januar seine 25. Ausgabe und blickte auf 36 Jahr Geschichte zur\u00fcck, und 30 Jahre davon hat Fritz Schm\u00fccker nun schon die k\u00fcnstlerische Leitung. Der Radio Jazz Research e.V. war schon mehrmals\u2026","rel":"","context":"In &quot;Blog&quot;","block_context":{"text":"Blog","link":"https:\/\/www.jazzzeitung.de\/cms\/thema\/blog\/"},"img":{"alt_text":"Die Tagungsteilnehmerinnen und \u2013teilnehmer der Arbeitstagung in M\u00fcnster vor dem Tagungshotel. Foto: Radio Jazz Research e.V.","src":"https:\/\/i0.wp.com\/www.jazzzeitung.de\/cms\/wp-content\/uploads\/2015\/02\/radio_m%C3%BCnster-150x150.jpg?resize=350%2C200","width":350,"height":200},"classes":[]}],"jetpack_sharing_enabled":true,"_links":{"self":[{"href":"https:\/\/www.jazzzeitung.de\/cms\/wp-json\/wp\/v2\/posts\/30457","targetHints":{"allow":["GET"]}}],"collection":[{"href":"https:\/\/www.jazzzeitung.de\/cms\/wp-json\/wp\/v2\/posts"}],"about":[{"href":"https:\/\/www.jazzzeitung.de\/cms\/wp-json\/wp\/v2\/types\/post"}],"author":[{"embeddable":true,"href":"https:\/\/www.jazzzeitung.de\/cms\/wp-json\/wp\/v2\/users\/18"}],"replies":[{"embeddable":true,"href":"https:\/\/www.jazzzeitung.de\/cms\/wp-json\/wp\/v2\/comments?post=30457"}],"version-history":[{"count":2,"href":"https:\/\/www.jazzzeitung.de\/cms\/wp-json\/wp\/v2\/posts\/30457\/revisions"}],"predecessor-version":[{"id":30484,"href":"https:\/\/www.jazzzeitung.de\/cms\/wp-json\/wp\/v2\/posts\/30457\/revisions\/30484"}],"wp:featuredmedia":[{"embeddable":true,"href":"https:\/\/www.jazzzeitung.de\/cms\/wp-json\/wp\/v2\/media\/30458"}],"wp:attachment":[{"href":"https:\/\/www.jazzzeitung.de\/cms\/wp-json\/wp\/v2\/media?parent=30457"}],"wp:term":[{"taxonomy":"category","embeddable":true,"href":"https:\/\/www.jazzzeitung.de\/cms\/wp-json\/wp\/v2\/categories?post=30457"},{"taxonomy":"post_tag","embeddable":true,"href":"https:\/\/www.jazzzeitung.de\/cms\/wp-json\/wp\/v2\/tags?post=30457"},{"taxonomy":"author","embeddable":true,"href":"https:\/\/www.jazzzeitung.de\/cms\/wp-json\/wp\/v2\/coauthors?post=30457"}],"curies":[{"name":"wp","href":"https:\/\/api.w.org\/{rel}","templated":true}]}}