{"id":30454,"date":"2024-01-11T09:57:27","date_gmt":"2024-01-11T08:57:27","guid":{"rendered":"https:\/\/www.jazzzeitung.de\/cms\/?p=30454"},"modified":"2024-01-11T09:57:27","modified_gmt":"2024-01-11T08:57:27","slug":"konzerttipps-ron-williams-in-oberthulba-kilian-kemmer-auf-gut-keferloh","status":"publish","type":"post","link":"https:\/\/www.jazzzeitung.de\/cms\/2024\/01\/konzerttipps-ron-williams-in-oberthulba-kilian-kemmer-auf-gut-keferloh\/","title":{"rendered":"Konzerttipps +++ Ron Williams in Oberthulba +++ Kilian Kemmer auf Gut Keferloh +++"},"content":{"rendered":"<h2>+++ Ron Williams auf der Pianob\u00fchne Oberthulba +++<\/h2>\n<p>Der international erfolgreiche und bekannte S\u00e4nger, Moderator, B\u00fchnen- Radio- und TV-Star aus Oakland (USA)\/M\u00fcnchen gastiert am Freitag, den 12. Januar 2024, zusammen mit der groovigen jungen Soul-Crew seines Sohnes Julian Williams zum ersten Mal auf der Piano-B\u00fchne Oberthulba. Blues, Funky Soul, Shuffle und Party Jam der Extraklasse sind angesagt.<\/p>\n<h3>Bekannt aus dem Fernsehen<\/h3>\n<p>Ron Williams ist dem internationalen Publikum bestens bekannt durch seine zahlreichen erfolgreichen Tourneen und TV Auftritte im In- und Ausland. Auftritte als Ray Charles Double und B\u00fchnenshows mit der WDR und NDR Bigband und in \u00fcber 800 teils eigenen Fernsehsendungen wie \u201eRonabend\u201c und \u201eCountdown\u201c sowie Stern TV oder Maischberger machten ihn popul\u00e4r. Markant ist vor allem seine einzigartige Stimme und unverwechselbare B\u00fchnenpr\u00e4senz . Aktuell hatte er im Oktober 2023 einen sensationellen Erfolg mit dem J\u00f6rg Seidel-Trio im Schlosspark Theater Berlin von Dieter Hallervorden.<\/p>\n<h3>Im Team mit Sohn Julian<\/h3>\n<p>Auch sein Sohn Julian Williams ist in den Genres Funk Soul &amp; Jazz erfolgreich. Jahrelang war er als Streetworker in Sachen Stra\u00dfenmusik in M\u00fcnchen unterwegs, aber auch mit professionellen Kombos tourte er schon durch Deutschland, \u00d6sterreich, aber auch Frankreich oder Brasilien. Als Sieger des Wettbewerbs eines bekannten M\u00fcnchener Radiosenders und Mitglied des Pop-Duos Think Twice tourte er unter anderem als Vorband der No Angels durch die ganz gro\u00dfen Hallen.<\/p>\n<p>Aktuell ver\u00f6ffentlichte er das deutschsprachige Album \u201eSterne\u201c als Jules Wunderlich zum Andenken an seine Mutter.\u00a0Die junge Groove-Band um Shuffle-King Peter Kraus an den Drums, Andre Schwager Profi an den Keys, Maxi Nachtmann (Guitar\/vocal) und der New Yorker Raul Walton am Bass heizen kr\u00e4ftig ein.<br \/>\nCool down am Barfl\u00fcgel mit Joe Dietz oder Peter Lutz.<\/p>\n<p><strong>Weitere Infos und Karten unter<\/strong><\/p>\n<p><a href=\"http:\/\/www.pianobuehne.de\">www.pianobuehne.de<\/a><\/p>\n<p>Tel. 09736\/657, <a href=\"mailto:info@piano.de\">info@piano.de<\/a> oder 0170\/2982742 auch Whatsapp<\/p>\n<p>Piano-B\u00fchne , Hans- B\u00f6rdlein-Str. 1. 97723 Oberthulba<\/p>\n<p>&nbsp;<\/p>\n<h2>+++ Kilian Kemmer auf Gut Keferloh +++<\/h2>\n<p>Am Freitag, 26. Januar 2024 gastiert wieder einmal das Kilian Kemmer Trio mit Gastsolist Werner Riedel im Gut Keferloh. Das Programm wird sich aus St\u00fccken von Kemmers CD &#8222;&#8230;und Zaratustra tanzte&#8220; und einigen Jazzstandards zusammensetzen. Mit Nietzsche tanzen? Auf seinem j\u00fcngsten Album l\u00e4sst sich der Pianist und Philosoph von Nietzsches \u201eAlso sprach Zarathustra\u201c inspirieren, und in rund einem Duzend Miniaturen interpretiert die Gruppe philosophische Ideen Nietzsches wie die \u201eEwige Wiederkunft\u201c oder warum Diebstahl zuweilen gl\u00fccklich machen kann.<\/p>\n<h3>In der Presse<\/h3>\n<p>Die Presse schreibt \u00fcber das Album: Man kann bei dieser Musik trefflich \u201edas irdische Dasein in lyrischen Aphorismen vor\u00fcberziehen\u201c lassen (\u201eJazzthing\u201c). World of Jazz schreibt \u00fcber das neue Album: \u201eIt has already been written about Kemmer\u2019s music (\u2026) he plays jazz to come down and enjoy, which is characterized by a timeless quality (\u2026) I can only agree with that.\u201c<\/p>\n<p>Das concerto magazine findet: \u201eDas Trio spielt unaufdringlich, aber nie belanglos, (&#8230;) swingt aber ohne zu viele Noten&#8220;. Und das Jazzpodium res\u00fcmiert: \u201eAuch beim Tanzen l\u00e4sst sich&#8217;s bisweilen trefflich philosophieren.\u201c<\/p>\n<p>Nach Studium an der Sorbonne, der Humboldt Universit\u00e4t Berlin und LMU in M\u00fcnchen lebt und wirkt Kilian Kemmer wieder in M\u00fcnchen. Die weiteren Musiker:<\/p>\n<p>CHRISTIAN SCHANTZ Kontrabass lebte 1998 bis 2017 in New York (u.a. Studium an der New Scool Jazz) und Berlin und trat mit zahllosen Bands und Musikern auf (u.a. auch des \u00d6fteren in Keferloh).<\/p>\n<p>ANDREAS KRIEGER der Schlagzeuger begann in den 70er Jahren als Rockdrummer, wandte sich aber dann dem Jazz zu und spielte in den 80ern als einer der gesuchtesten seines Fachs in der Szene mit Gr\u00f6\u00dfen wie G\u00fcnter Klatt, Hermann Breuer, Peter O\u2019Mara und Paul Grabowsky. Nach l\u00e4ngerer Pause kehrte er 2020 wieder an sein Instrument zur\u00fcck.<\/p>\n<p>Als Gast mit dabei der Gastgeber\u00a0 Werner Riedel, der seit mehreren Jahren die Konzerte in Hohenbrunn und Keferloh organisiert und mit seiner Ventilposaune eine zus\u00e4tzliche Klangfacette beitragen wird.<\/p>\n<p><strong>Freitag, 26.1., 20 Uhr Gut Keferloh<\/strong><\/p>\n<p>Eintritt frei,\u00a0 Reservierung empfohlen unter Tel. 089\/46 92 48<\/p>\n<p>&nbsp;<\/p>\n<p>&nbsp;<\/p>\n","protected":false},"excerpt":{"rendered":"<p>+++ Ron Williams auf der Pianob\u00fchne Oberthulba +++ Der international erfolgreiche und bekannte S\u00e4nger, Moderator, B\u00fchnen- Radio- und TV-Star aus Oakland (USA)\/M\u00fcnchen gastiert am Freitag, den 12. Januar 2024, zusammen mit der groovigen jungen Soul-Crew seines Sohnes Julian Williams zum ersten Mal auf der Piano-B\u00fchne Oberthulba. Blues, Funky Soul, Shuffle und Party Jam der Extraklasse sind angesagt. Bekannt aus dem Fernsehen Ron Williams ist dem internationalen Publikum bestens bekannt durch seine zahlreichen erfolgreichen Tourneen und TV Auftritte im In- und Ausland. Auftritte als Ray Charles Double und B\u00fchnenshows mit der WDR und NDR Bigband und in \u00fcber 800 teils eigenen Fernsehsendungen wie \u201eRonabend\u201c und \u201eCountdown\u201c sowie Stern TV oder Maischberger machten ihn popul\u00e4r. Markant ist vor allem seine einzigartige Stimme und unverwechselbare B\u00fchnenpr\u00e4senz . Aktuell hatte er im Oktober 2023 einen sensationellen Erfolg mit dem J\u00f6rg Seidel-Trio im Schlosspark Theater Berlin von Dieter Hallervorden. Im Team mit Sohn Julian Auch sein Sohn Julian Williams ist in den Genres Funk Soul &amp; Jazz erfolgreich. Jahrelang war er als Streetworker in Sachen Stra\u00dfenmusik in M\u00fcnchen unterwegs, aber auch mit professionellen Kombos tourte er schon durch Deutschland, \u00d6sterreich, &hellip;<\/p>\n","protected":false},"author":18,"featured_media":30455,"comment_status":"open","ping_status":"closed","sticky":false,"template":"","format":"standard","meta":{"_jetpack_memberships_contains_paid_content":false,"footnotes":"","jetpack_publicize_message":"","jetpack_publicize_feature_enabled":true,"jetpack_social_post_already_shared":false,"jetpack_social_options":{"image_generator_settings":{"template":"highway","default_image_id":0,"font":"","enabled":false},"version":2}},"categories":[633],"tags":[5240,294,2861,5239,323,2867,5241,5242],"coauthors":[695],"class_list":["post-30454","post","type-post","status-publish","format-standard","has-post-thumbnail","hentry","category-nachrichten","tag-gut-keferloh","tag-jazzzeitung","tag-jazzzeitung-de","tag-kilian-kemmer","tag-konzerte","tag-pianobuehne-oberthulba","tag-ron-williams","tag-werner-riedel"],"yoast_head":"<!-- This site is optimized with the Yoast SEO plugin v27.5 - https:\/\/yoast.com\/product\/yoast-seo-wordpress\/ -->\n<title>Konzerttipps +++ Ron Williams in Oberthulba +++ Kilian Kemmer auf Gut Keferloh +++ - JazzZeitung<\/title>\n<meta name=\"robots\" content=\"index, follow, max-snippet:-1, max-image-preview:large, max-video-preview:-1\" \/>\n<link rel=\"canonical\" href=\"https:\/\/www.jazzzeitung.de\/cms\/2024\/01\/konzerttipps-ron-williams-in-oberthulba-kilian-kemmer-auf-gut-keferloh\/\" \/>\n<meta property=\"og:locale\" content=\"de_DE\" \/>\n<meta property=\"og:type\" content=\"article\" \/>\n<meta property=\"og:title\" content=\"Konzerttipps +++ Ron Williams in Oberthulba +++ Kilian Kemmer auf Gut Keferloh +++ - JazzZeitung\" \/>\n<meta property=\"og:description\" content=\"+++ Ron Williams auf der Pianob\u00fchne Oberthulba +++ Der international erfolgreiche und bekannte S\u00e4nger, Moderator, B\u00fchnen- Radio- und TV-Star aus Oakland (USA)\/M\u00fcnchen gastiert am Freitag, den 12. Januar 2024, zusammen mit der groovigen jungen Soul-Crew seines Sohnes Julian Williams zum ersten Mal auf der Piano-B\u00fchne Oberthulba. Blues, Funky Soul, Shuffle und Party Jam der Extraklasse sind angesagt. Bekannt aus dem Fernsehen Ron Williams ist dem internationalen Publikum bestens bekannt durch seine zahlreichen erfolgreichen Tourneen und TV Auftritte im In- und Ausland. Auftritte als Ray Charles Double und B\u00fchnenshows mit der WDR und NDR Bigband und in \u00fcber 800 teils eigenen Fernsehsendungen wie \u201eRonabend\u201c und \u201eCountdown\u201c sowie Stern TV oder Maischberger machten ihn popul\u00e4r. Markant ist vor allem seine einzigartige Stimme und unverwechselbare B\u00fchnenpr\u00e4senz . Aktuell hatte er im Oktober 2023 einen sensationellen Erfolg mit dem J\u00f6rg Seidel-Trio im Schlosspark Theater Berlin von Dieter Hallervorden. Im Team mit Sohn Julian Auch sein Sohn Julian Williams ist in den Genres Funk Soul &amp; Jazz erfolgreich. Jahrelang war er als Streetworker in Sachen Stra\u00dfenmusik in M\u00fcnchen unterwegs, aber auch mit professionellen Kombos tourte er schon durch Deutschland, \u00d6sterreich, &hellip;\" \/>\n<meta property=\"og:url\" content=\"https:\/\/www.jazzzeitung.de\/cms\/2024\/01\/konzerttipps-ron-williams-in-oberthulba-kilian-kemmer-auf-gut-keferloh\/\" \/>\n<meta property=\"og:site_name\" content=\"JazzZeitung\" \/>\n<meta property=\"article:publisher\" content=\"https:\/\/www.facebook.com\/JazzZeitung\/\" \/>\n<meta property=\"article:published_time\" content=\"2024-01-11T08:57:27+00:00\" \/>\n<meta property=\"og:image\" content=\"https:\/\/www.jazzzeitung.de\/cms\/wp-content\/uploads\/2024\/01\/IMG_0041.jpg\" \/>\n\t<meta property=\"og:image:width\" content=\"1906\" \/>\n\t<meta property=\"og:image:height\" content=\"1732\" \/>\n\t<meta property=\"og:image:type\" content=\"image\/jpeg\" \/>\n<meta name=\"author\" content=\"Redaktion JazzZeitung\" \/>\n<script type=\"application\/ld+json\" class=\"yoast-schema-graph\">{\"@context\":\"https:\\\/\\\/schema.org\",\"@graph\":[{\"@type\":\"Article\",\"@id\":\"https:\\\/\\\/www.jazzzeitung.de\\\/cms\\\/2024\\\/01\\\/konzerttipps-ron-williams-in-oberthulba-kilian-kemmer-auf-gut-keferloh\\\/#article\",\"isPartOf\":{\"@id\":\"https:\\\/\\\/www.jazzzeitung.de\\\/cms\\\/2024\\\/01\\\/konzerttipps-ron-williams-in-oberthulba-kilian-kemmer-auf-gut-keferloh\\\/\"},\"author\":{\"name\":\"Redaktion JazzZeitung\",\"@id\":\"https:\\\/\\\/www.jazzzeitung.de\\\/cms\\\/#\\\/schema\\\/person\\\/2245b36b9cd1d24cea10f01c031fb92b\"},\"headline\":\"Konzerttipps +++ Ron Williams in Oberthulba +++ Kilian Kemmer auf Gut Keferloh +++\",\"datePublished\":\"2024-01-11T08:57:27+00:00\",\"mainEntityOfPage\":{\"@id\":\"https:\\\/\\\/www.jazzzeitung.de\\\/cms\\\/2024\\\/01\\\/konzerttipps-ron-williams-in-oberthulba-kilian-kemmer-auf-gut-keferloh\\\/\"},\"wordCount\":656,\"commentCount\":0,\"publisher\":{\"@id\":\"https:\\\/\\\/www.jazzzeitung.de\\\/cms\\\/#organization\"},\"image\":{\"@id\":\"https:\\\/\\\/www.jazzzeitung.de\\\/cms\\\/2024\\\/01\\\/konzerttipps-ron-williams-in-oberthulba-kilian-kemmer-auf-gut-keferloh\\\/#primaryimage\"},\"thumbnailUrl\":\"https:\\\/\\\/i0.wp.com\\\/www.jazzzeitung.de\\\/cms\\\/wp-content\\\/uploads\\\/2024\\\/01\\\/IMG_0041.jpg?fit=1906%2C1732&ssl=1\",\"keywords\":[\"Gut Keferloh\",\"Jazzzeitung\",\"JazzZeitung.de\",\"Kilian Kemmer\",\"Konzerte\",\"Pianob\u00fchne Oberthulba\",\"Ron Williams\",\"Werner Riedel\"],\"articleSection\":[\"News\"],\"inLanguage\":\"de\",\"potentialAction\":[{\"@type\":\"CommentAction\",\"name\":\"Comment\",\"target\":[\"https:\\\/\\\/www.jazzzeitung.de\\\/cms\\\/2024\\\/01\\\/konzerttipps-ron-williams-in-oberthulba-kilian-kemmer-auf-gut-keferloh\\\/#respond\"]}]},{\"@type\":\"WebPage\",\"@id\":\"https:\\\/\\\/www.jazzzeitung.de\\\/cms\\\/2024\\\/01\\\/konzerttipps-ron-williams-in-oberthulba-kilian-kemmer-auf-gut-keferloh\\\/\",\"url\":\"https:\\\/\\\/www.jazzzeitung.de\\\/cms\\\/2024\\\/01\\\/konzerttipps-ron-williams-in-oberthulba-kilian-kemmer-auf-gut-keferloh\\\/\",\"name\":\"Konzerttipps +++ Ron Williams in Oberthulba +++ Kilian Kemmer auf Gut Keferloh +++ - JazzZeitung\",\"isPartOf\":{\"@id\":\"https:\\\/\\\/www.jazzzeitung.de\\\/cms\\\/#website\"},\"primaryImageOfPage\":{\"@id\":\"https:\\\/\\\/www.jazzzeitung.de\\\/cms\\\/2024\\\/01\\\/konzerttipps-ron-williams-in-oberthulba-kilian-kemmer-auf-gut-keferloh\\\/#primaryimage\"},\"image\":{\"@id\":\"https:\\\/\\\/www.jazzzeitung.de\\\/cms\\\/2024\\\/01\\\/konzerttipps-ron-williams-in-oberthulba-kilian-kemmer-auf-gut-keferloh\\\/#primaryimage\"},\"thumbnailUrl\":\"https:\\\/\\\/i0.wp.com\\\/www.jazzzeitung.de\\\/cms\\\/wp-content\\\/uploads\\\/2024\\\/01\\\/IMG_0041.jpg?fit=1906%2C1732&ssl=1\",\"datePublished\":\"2024-01-11T08:57:27+00:00\",\"breadcrumb\":{\"@id\":\"https:\\\/\\\/www.jazzzeitung.de\\\/cms\\\/2024\\\/01\\\/konzerttipps-ron-williams-in-oberthulba-kilian-kemmer-auf-gut-keferloh\\\/#breadcrumb\"},\"inLanguage\":\"de\",\"potentialAction\":[{\"@type\":\"ReadAction\",\"target\":[\"https:\\\/\\\/www.jazzzeitung.de\\\/cms\\\/2024\\\/01\\\/konzerttipps-ron-williams-in-oberthulba-kilian-kemmer-auf-gut-keferloh\\\/\"]}]},{\"@type\":\"ImageObject\",\"inLanguage\":\"de\",\"@id\":\"https:\\\/\\\/www.jazzzeitung.de\\\/cms\\\/2024\\\/01\\\/konzerttipps-ron-williams-in-oberthulba-kilian-kemmer-auf-gut-keferloh\\\/#primaryimage\",\"url\":\"https:\\\/\\\/i0.wp.com\\\/www.jazzzeitung.de\\\/cms\\\/wp-content\\\/uploads\\\/2024\\\/01\\\/IMG_0041.jpg?fit=1906%2C1732&ssl=1\",\"contentUrl\":\"https:\\\/\\\/i0.wp.com\\\/www.jazzzeitung.de\\\/cms\\\/wp-content\\\/uploads\\\/2024\\\/01\\\/IMG_0041.jpg?fit=1906%2C1732&ssl=1\",\"width\":1906,\"height\":1732,\"caption\":\"Foto: Peter Kleinhenz\"},{\"@type\":\"BreadcrumbList\",\"@id\":\"https:\\\/\\\/www.jazzzeitung.de\\\/cms\\\/2024\\\/01\\\/konzerttipps-ron-williams-in-oberthulba-kilian-kemmer-auf-gut-keferloh\\\/#breadcrumb\",\"itemListElement\":[{\"@type\":\"ListItem\",\"position\":1,\"name\":\"Startseite\",\"item\":\"https:\\\/\\\/www.jazzzeitung.de\\\/cms\\\/\"},{\"@type\":\"ListItem\",\"position\":2,\"name\":\"Konzerttipps +++ Ron Williams in Oberthulba +++ Kilian Kemmer auf Gut Keferloh +++\"}]},{\"@type\":\"WebSite\",\"@id\":\"https:\\\/\\\/www.jazzzeitung.de\\\/cms\\\/#website\",\"url\":\"https:\\\/\\\/www.jazzzeitung.de\\\/cms\\\/\",\"name\":\"JazzZeitung\",\"description\":\"Jazz-News und Jazz-Kontroverses\",\"publisher\":{\"@id\":\"https:\\\/\\\/www.jazzzeitung.de\\\/cms\\\/#organization\"},\"potentialAction\":[{\"@type\":\"SearchAction\",\"target\":{\"@type\":\"EntryPoint\",\"urlTemplate\":\"https:\\\/\\\/www.jazzzeitung.de\\\/cms\\\/?s={search_term_string}\"},\"query-input\":{\"@type\":\"PropertyValueSpecification\",\"valueRequired\":true,\"valueName\":\"search_term_string\"}}],\"inLanguage\":\"de\"},{\"@type\":\"Organization\",\"@id\":\"https:\\\/\\\/www.jazzzeitung.de\\\/cms\\\/#organization\",\"name\":\"JazzZeitung online\",\"url\":\"https:\\\/\\\/www.jazzzeitung.de\\\/cms\\\/\",\"logo\":{\"@type\":\"ImageObject\",\"inLanguage\":\"de\",\"@id\":\"https:\\\/\\\/www.jazzzeitung.de\\\/cms\\\/#\\\/schema\\\/logo\\\/image\\\/\",\"url\":\"https:\\\/\\\/i0.wp.com\\\/www.jazzzeitung.de\\\/cms\\\/wp-content\\\/uploads\\\/2015\\\/08\\\/JAZZZEITUNGDE_Logo_Neu.png?fit=499%2C200&ssl=1\",\"contentUrl\":\"https:\\\/\\\/i0.wp.com\\\/www.jazzzeitung.de\\\/cms\\\/wp-content\\\/uploads\\\/2015\\\/08\\\/JAZZZEITUNGDE_Logo_Neu.png?fit=499%2C200&ssl=1\",\"width\":499,\"height\":200,\"caption\":\"JazzZeitung online\"},\"image\":{\"@id\":\"https:\\\/\\\/www.jazzzeitung.de\\\/cms\\\/#\\\/schema\\\/logo\\\/image\\\/\"},\"sameAs\":[\"https:\\\/\\\/www.facebook.com\\\/JazzZeitung\\\/\"]},{\"@type\":\"Person\",\"@id\":\"https:\\\/\\\/www.jazzzeitung.de\\\/cms\\\/#\\\/schema\\\/person\\\/2245b36b9cd1d24cea10f01c031fb92b\",\"name\":\"Redaktion JazzZeitung\",\"image\":{\"@type\":\"ImageObject\",\"inLanguage\":\"de\",\"@id\":\"https:\\\/\\\/i0.wp.com\\\/www.jazzzeitung.de\\\/cms\\\/wp-content\\\/uploads\\\/2015\\\/08\\\/JAZZZEITUNGDE_Logo_Neu.png?resize=96%2C96&ssl=159975dcacb611b5700bd619b5daf0a7a\",\"url\":\"https:\\\/\\\/i0.wp.com\\\/www.jazzzeitung.de\\\/cms\\\/wp-content\\\/uploads\\\/2015\\\/08\\\/JAZZZEITUNGDE_Logo_Neu.png?resize=96%2C96&ssl=1\",\"contentUrl\":\"https:\\\/\\\/i0.wp.com\\\/www.jazzzeitung.de\\\/cms\\\/wp-content\\\/uploads\\\/2015\\\/08\\\/JAZZZEITUNGDE_Logo_Neu.png?resize=96%2C96&ssl=1\",\"caption\":\"Redaktion JazzZeitung\"},\"description\":\"Artikel der Redaktion der JazzZeitung.\",\"sameAs\":[\"http:\\\/\\\/www.jazzzeitung.de\\\/cms\\\/\"],\"url\":\"https:\\\/\\\/www.jazzzeitung.de\\\/cms\\\/author\\\/redaktion\\\/\"}]}<\/script>\n<!-- \/ Yoast SEO plugin. -->","yoast_head_json":{"title":"Konzerttipps +++ Ron Williams in Oberthulba +++ Kilian Kemmer auf Gut Keferloh +++ - JazzZeitung","robots":{"index":"index","follow":"follow","max-snippet":"max-snippet:-1","max-image-preview":"max-image-preview:large","max-video-preview":"max-video-preview:-1"},"canonical":"https:\/\/www.jazzzeitung.de\/cms\/2024\/01\/konzerttipps-ron-williams-in-oberthulba-kilian-kemmer-auf-gut-keferloh\/","og_locale":"de_DE","og_type":"article","og_title":"Konzerttipps +++ Ron Williams in Oberthulba +++ Kilian Kemmer auf Gut Keferloh +++ - JazzZeitung","og_description":"+++ Ron Williams auf der Pianob\u00fchne Oberthulba +++ Der international erfolgreiche und bekannte S\u00e4nger, Moderator, B\u00fchnen- Radio- und TV-Star aus Oakland (USA)\/M\u00fcnchen gastiert am Freitag, den 12. Januar 2024, zusammen mit der groovigen jungen Soul-Crew seines Sohnes Julian Williams zum ersten Mal auf der Piano-B\u00fchne Oberthulba. Blues, Funky Soul, Shuffle und Party Jam der Extraklasse sind angesagt. Bekannt aus dem Fernsehen Ron Williams ist dem internationalen Publikum bestens bekannt durch seine zahlreichen erfolgreichen Tourneen und TV Auftritte im In- und Ausland. Auftritte als Ray Charles Double und B\u00fchnenshows mit der WDR und NDR Bigband und in \u00fcber 800 teils eigenen Fernsehsendungen wie \u201eRonabend\u201c und \u201eCountdown\u201c sowie Stern TV oder Maischberger machten ihn popul\u00e4r. Markant ist vor allem seine einzigartige Stimme und unverwechselbare B\u00fchnenpr\u00e4senz . Aktuell hatte er im Oktober 2023 einen sensationellen Erfolg mit dem J\u00f6rg Seidel-Trio im Schlosspark Theater Berlin von Dieter Hallervorden. Im Team mit Sohn Julian Auch sein Sohn Julian Williams ist in den Genres Funk Soul &amp; Jazz erfolgreich. Jahrelang war er als Streetworker in Sachen Stra\u00dfenmusik in M\u00fcnchen unterwegs, aber auch mit professionellen Kombos tourte er schon durch Deutschland, \u00d6sterreich, &hellip;","og_url":"https:\/\/www.jazzzeitung.de\/cms\/2024\/01\/konzerttipps-ron-williams-in-oberthulba-kilian-kemmer-auf-gut-keferloh\/","og_site_name":"JazzZeitung","article_publisher":"https:\/\/www.facebook.com\/JazzZeitung\/","article_published_time":"2024-01-11T08:57:27+00:00","og_image":[{"width":1906,"height":1732,"url":"https:\/\/www.jazzzeitung.de\/cms\/wp-content\/uploads\/2024\/01\/IMG_0041.jpg","type":"image\/jpeg"}],"author":"Redaktion JazzZeitung","schema":{"@context":"https:\/\/schema.org","@graph":[{"@type":"Article","@id":"https:\/\/www.jazzzeitung.de\/cms\/2024\/01\/konzerttipps-ron-williams-in-oberthulba-kilian-kemmer-auf-gut-keferloh\/#article","isPartOf":{"@id":"https:\/\/www.jazzzeitung.de\/cms\/2024\/01\/konzerttipps-ron-williams-in-oberthulba-kilian-kemmer-auf-gut-keferloh\/"},"author":{"name":"Redaktion JazzZeitung","@id":"https:\/\/www.jazzzeitung.de\/cms\/#\/schema\/person\/2245b36b9cd1d24cea10f01c031fb92b"},"headline":"Konzerttipps +++ Ron Williams in Oberthulba +++ Kilian Kemmer auf Gut Keferloh +++","datePublished":"2024-01-11T08:57:27+00:00","mainEntityOfPage":{"@id":"https:\/\/www.jazzzeitung.de\/cms\/2024\/01\/konzerttipps-ron-williams-in-oberthulba-kilian-kemmer-auf-gut-keferloh\/"},"wordCount":656,"commentCount":0,"publisher":{"@id":"https:\/\/www.jazzzeitung.de\/cms\/#organization"},"image":{"@id":"https:\/\/www.jazzzeitung.de\/cms\/2024\/01\/konzerttipps-ron-williams-in-oberthulba-kilian-kemmer-auf-gut-keferloh\/#primaryimage"},"thumbnailUrl":"https:\/\/i0.wp.com\/www.jazzzeitung.de\/cms\/wp-content\/uploads\/2024\/01\/IMG_0041.jpg?fit=1906%2C1732&ssl=1","keywords":["Gut Keferloh","Jazzzeitung","JazzZeitung.de","Kilian Kemmer","Konzerte","Pianob\u00fchne Oberthulba","Ron Williams","Werner Riedel"],"articleSection":["News"],"inLanguage":"de","potentialAction":[{"@type":"CommentAction","name":"Comment","target":["https:\/\/www.jazzzeitung.de\/cms\/2024\/01\/konzerttipps-ron-williams-in-oberthulba-kilian-kemmer-auf-gut-keferloh\/#respond"]}]},{"@type":"WebPage","@id":"https:\/\/www.jazzzeitung.de\/cms\/2024\/01\/konzerttipps-ron-williams-in-oberthulba-kilian-kemmer-auf-gut-keferloh\/","url":"https:\/\/www.jazzzeitung.de\/cms\/2024\/01\/konzerttipps-ron-williams-in-oberthulba-kilian-kemmer-auf-gut-keferloh\/","name":"Konzerttipps +++ Ron Williams in Oberthulba +++ Kilian Kemmer auf Gut Keferloh +++ - JazzZeitung","isPartOf":{"@id":"https:\/\/www.jazzzeitung.de\/cms\/#website"},"primaryImageOfPage":{"@id":"https:\/\/www.jazzzeitung.de\/cms\/2024\/01\/konzerttipps-ron-williams-in-oberthulba-kilian-kemmer-auf-gut-keferloh\/#primaryimage"},"image":{"@id":"https:\/\/www.jazzzeitung.de\/cms\/2024\/01\/konzerttipps-ron-williams-in-oberthulba-kilian-kemmer-auf-gut-keferloh\/#primaryimage"},"thumbnailUrl":"https:\/\/i0.wp.com\/www.jazzzeitung.de\/cms\/wp-content\/uploads\/2024\/01\/IMG_0041.jpg?fit=1906%2C1732&ssl=1","datePublished":"2024-01-11T08:57:27+00:00","breadcrumb":{"@id":"https:\/\/www.jazzzeitung.de\/cms\/2024\/01\/konzerttipps-ron-williams-in-oberthulba-kilian-kemmer-auf-gut-keferloh\/#breadcrumb"},"inLanguage":"de","potentialAction":[{"@type":"ReadAction","target":["https:\/\/www.jazzzeitung.de\/cms\/2024\/01\/konzerttipps-ron-williams-in-oberthulba-kilian-kemmer-auf-gut-keferloh\/"]}]},{"@type":"ImageObject","inLanguage":"de","@id":"https:\/\/www.jazzzeitung.de\/cms\/2024\/01\/konzerttipps-ron-williams-in-oberthulba-kilian-kemmer-auf-gut-keferloh\/#primaryimage","url":"https:\/\/i0.wp.com\/www.jazzzeitung.de\/cms\/wp-content\/uploads\/2024\/01\/IMG_0041.jpg?fit=1906%2C1732&ssl=1","contentUrl":"https:\/\/i0.wp.com\/www.jazzzeitung.de\/cms\/wp-content\/uploads\/2024\/01\/IMG_0041.jpg?fit=1906%2C1732&ssl=1","width":1906,"height":1732,"caption":"Foto: Peter Kleinhenz"},{"@type":"BreadcrumbList","@id":"https:\/\/www.jazzzeitung.de\/cms\/2024\/01\/konzerttipps-ron-williams-in-oberthulba-kilian-kemmer-auf-gut-keferloh\/#breadcrumb","itemListElement":[{"@type":"ListItem","position":1,"name":"Startseite","item":"https:\/\/www.jazzzeitung.de\/cms\/"},{"@type":"ListItem","position":2,"name":"Konzerttipps +++ Ron Williams in Oberthulba +++ Kilian Kemmer auf Gut Keferloh +++"}]},{"@type":"WebSite","@id":"https:\/\/www.jazzzeitung.de\/cms\/#website","url":"https:\/\/www.jazzzeitung.de\/cms\/","name":"JazzZeitung","description":"Jazz-News und Jazz-Kontroverses","publisher":{"@id":"https:\/\/www.jazzzeitung.de\/cms\/#organization"},"potentialAction":[{"@type":"SearchAction","target":{"@type":"EntryPoint","urlTemplate":"https:\/\/www.jazzzeitung.de\/cms\/?s={search_term_string}"},"query-input":{"@type":"PropertyValueSpecification","valueRequired":true,"valueName":"search_term_string"}}],"inLanguage":"de"},{"@type":"Organization","@id":"https:\/\/www.jazzzeitung.de\/cms\/#organization","name":"JazzZeitung online","url":"https:\/\/www.jazzzeitung.de\/cms\/","logo":{"@type":"ImageObject","inLanguage":"de","@id":"https:\/\/www.jazzzeitung.de\/cms\/#\/schema\/logo\/image\/","url":"https:\/\/i0.wp.com\/www.jazzzeitung.de\/cms\/wp-content\/uploads\/2015\/08\/JAZZZEITUNGDE_Logo_Neu.png?fit=499%2C200&ssl=1","contentUrl":"https:\/\/i0.wp.com\/www.jazzzeitung.de\/cms\/wp-content\/uploads\/2015\/08\/JAZZZEITUNGDE_Logo_Neu.png?fit=499%2C200&ssl=1","width":499,"height":200,"caption":"JazzZeitung online"},"image":{"@id":"https:\/\/www.jazzzeitung.de\/cms\/#\/schema\/logo\/image\/"},"sameAs":["https:\/\/www.facebook.com\/JazzZeitung\/"]},{"@type":"Person","@id":"https:\/\/www.jazzzeitung.de\/cms\/#\/schema\/person\/2245b36b9cd1d24cea10f01c031fb92b","name":"Redaktion JazzZeitung","image":{"@type":"ImageObject","inLanguage":"de","@id":"https:\/\/i0.wp.com\/www.jazzzeitung.de\/cms\/wp-content\/uploads\/2015\/08\/JAZZZEITUNGDE_Logo_Neu.png?resize=96%2C96&ssl=159975dcacb611b5700bd619b5daf0a7a","url":"https:\/\/i0.wp.com\/www.jazzzeitung.de\/cms\/wp-content\/uploads\/2015\/08\/JAZZZEITUNGDE_Logo_Neu.png?resize=96%2C96&ssl=1","contentUrl":"https:\/\/i0.wp.com\/www.jazzzeitung.de\/cms\/wp-content\/uploads\/2015\/08\/JAZZZEITUNGDE_Logo_Neu.png?resize=96%2C96&ssl=1","caption":"Redaktion JazzZeitung"},"description":"Artikel der Redaktion der JazzZeitung.","sameAs":["http:\/\/www.jazzzeitung.de\/cms\/"],"url":"https:\/\/www.jazzzeitung.de\/cms\/author\/redaktion\/"}]}},"wp-worthy-pixel":{"ignored":false,"public":null,"server":null,"url":null},"wp-worthy-type":"normal","jetpack_publicize_connections":[],"cc_featured_image_caption":{"caption_text":"","source_text":"","source_url":""},"jetpack_featured_media_url":"https:\/\/i0.wp.com\/www.jazzzeitung.de\/cms\/wp-content\/uploads\/2024\/01\/IMG_0041.jpg?fit=1906%2C1732&ssl=1","jetpack_shortlink":"https:\/\/wp.me\/p3KEcT-7Vc","jetpack-related-posts":[{"id":30569,"url":"https:\/\/www.jazzzeitung.de\/cms\/2024\/02\/news-camille-buscot-zur-dju-martin-schmitt-in-oberthulba-jazzfestival-saalfelden-2024\/","url_meta":{"origin":30454,"position":0},"title":"+++ news +++ Camille Buscot zur DJU +++ Martin Schmitt in Oberthulba +++ Jazzfestival Saalfelden 2024 +++","author":"Redaktion JazzZeitung","date":"8. Februar 2024","format":false,"excerpt":"+++ Camille Buscot wird neue Gesch\u00e4ftsf\u00fchrerin der Deutschen Jazzunion +++ (PM Deutsche Jazzunion) Stabs\u00fcbergabe beim Sprachrohr der Jazzmusiker*innen in Deutschland: Die erfahrene Kulturmanagerin und Mitstreiterin der Jazz- und Improvisationsszene Camille Buscot \u00fcbernimmt ab dem 1. Mai die Gesch\u00e4ftsf\u00fchrung der Deutschen Jazzunion. Ihr Vorg\u00e4nger Urs Johnen wird nach achtj\u00e4hriger Amtszeit im\u2026","rel":"","context":"In &quot;News&quot;","block_context":{"text":"News","link":"https:\/\/www.jazzzeitung.de\/cms\/thema\/nachrichten\/"},"img":{"alt_text":"","src":"https:\/\/i0.wp.com\/www.jazzzeitung.de\/cms\/wp-content\/uploads\/2024\/02\/Camille-BuscoBen-Gross.jpeg?fit=850%2C567&ssl=1&resize=350%2C200","width":350,"height":200,"srcset":"https:\/\/i0.wp.com\/www.jazzzeitung.de\/cms\/wp-content\/uploads\/2024\/02\/Camille-BuscoBen-Gross.jpeg?fit=850%2C567&ssl=1&resize=350%2C200 1x, https:\/\/i0.wp.com\/www.jazzzeitung.de\/cms\/wp-content\/uploads\/2024\/02\/Camille-BuscoBen-Gross.jpeg?fit=850%2C567&ssl=1&resize=525%2C300 1.5x, https:\/\/i0.wp.com\/www.jazzzeitung.de\/cms\/wp-content\/uploads\/2024\/02\/Camille-BuscoBen-Gross.jpeg?fit=850%2C567&ssl=1&resize=700%2C400 2x"},"classes":[]},{"id":21670,"url":"https:\/\/www.jazzzeitung.de\/cms\/2020\/01\/news-dienstag-after-work-der-bmw-welt-jazz-award-2020-will-jacobs-in-oberthulba\/","url_meta":{"origin":30454,"position":1},"title":"+++ news +++ Dienstag after work: Der BMW Welt Jazz Award 2020 +++ Will Jacobs in Oberthulba +++","author":"Redaktion JazzZeitung","date":"14. Januar 2020","format":false,"excerpt":"+++ Dienstag after work: Der BMW Welt Jazz Award 2020 +++ Bereits zum 12. Mal findet dieses Jahr der BMW Welt Jazz Award statt: allerdings nicht l\u00e4nger Sonntagvormittag, sondern zwischen 14. Januar und 10. M\u00e4rz an sechs Dienstag-Abenden im Doppelkegel der BMW Welt. Die Veranstalter stellen in diesem Jahr alles\u2026","rel":"","context":"In &quot;News&quot;","block_context":{"text":"News","link":"https:\/\/www.jazzzeitung.de\/cms\/thema\/nachrichten\/"},"img":{"alt_text":"","src":"https:\/\/i0.wp.com\/www.jazzzeitung.de\/cms\/wp-content\/uploads\/2020\/01\/Maciej_Obara-04_12x18_300dpi_c_Pakzad.jpg?fit=1200%2C799&ssl=1&resize=350%2C200","width":350,"height":200,"srcset":"https:\/\/i0.wp.com\/www.jazzzeitung.de\/cms\/wp-content\/uploads\/2020\/01\/Maciej_Obara-04_12x18_300dpi_c_Pakzad.jpg?fit=1200%2C799&ssl=1&resize=350%2C200 1x, https:\/\/i0.wp.com\/www.jazzzeitung.de\/cms\/wp-content\/uploads\/2020\/01\/Maciej_Obara-04_12x18_300dpi_c_Pakzad.jpg?fit=1200%2C799&ssl=1&resize=525%2C300 1.5x, https:\/\/i0.wp.com\/www.jazzzeitung.de\/cms\/wp-content\/uploads\/2020\/01\/Maciej_Obara-04_12x18_300dpi_c_Pakzad.jpg?fit=1200%2C799&ssl=1&resize=700%2C400 2x, https:\/\/i0.wp.com\/www.jazzzeitung.de\/cms\/wp-content\/uploads\/2020\/01\/Maciej_Obara-04_12x18_300dpi_c_Pakzad.jpg?fit=1200%2C799&ssl=1&resize=1050%2C600 3x"},"classes":[]},{"id":32353,"url":"https:\/\/www.jazzzeitung.de\/cms\/2025\/03\/news-hr-bigband-fuer-deutschen-jazzpreis-nominiert-will-jacobs-in-oberthulba\/","url_meta":{"origin":30454,"position":2},"title":"+++ news +++ hr-Bigband f\u00fcr Deutschen Jazzpreis nominiert +++ Will Jacobs in Oberthulba +++","author":"Redaktion JazzZeitung","date":"18. M\u00e4rz 2025","format":false,"excerpt":"+++ hr-Bigband f\u00fcr Deutschen Jazzpreis nominiert +++ Die hr-Bigband ist mit der Produktion \u201eAllg\u00e4u meets India\u201c f\u00fcr den Deutschen Jazzpreis 2025 nominiert. Der 2024 erschienene Konzertmitschnitt der hr-Bigband mit dem Komponisten und Multiinstrumentalisten Matthias Schriefl vom Deutschen Jazzfestival 2018 geht in der Kategorie \u201eRundfunkproduktion des Jahres\u201c an den Start. Der\u2026","rel":"","context":"In &quot;Redaktionelle Nachrichten&quot;","block_context":{"text":"Redaktionelle Nachrichten","link":"https:\/\/www.jazzzeitung.de\/cms\/thema\/redaktion\/"},"img":{"alt_text":"","src":"https:\/\/i0.wp.com\/www.jazzzeitung.de\/cms\/wp-content\/uploads\/2025\/03\/Will-Gary-scaled.jpg?fit=1200%2C800&ssl=1&resize=350%2C200","width":350,"height":200,"srcset":"https:\/\/i0.wp.com\/www.jazzzeitung.de\/cms\/wp-content\/uploads\/2025\/03\/Will-Gary-scaled.jpg?fit=1200%2C800&ssl=1&resize=350%2C200 1x, https:\/\/i0.wp.com\/www.jazzzeitung.de\/cms\/wp-content\/uploads\/2025\/03\/Will-Gary-scaled.jpg?fit=1200%2C800&ssl=1&resize=525%2C300 1.5x, https:\/\/i0.wp.com\/www.jazzzeitung.de\/cms\/wp-content\/uploads\/2025\/03\/Will-Gary-scaled.jpg?fit=1200%2C800&ssl=1&resize=700%2C400 2x, https:\/\/i0.wp.com\/www.jazzzeitung.de\/cms\/wp-content\/uploads\/2025\/03\/Will-Gary-scaled.jpg?fit=1200%2C800&ssl=1&resize=1050%2C600 3x"},"classes":[]},{"id":33477,"url":"https:\/\/www.jazzzeitung.de\/cms\/2025\/12\/piano-buehne-oberthulba-wird-25-konzert-mit-al-jones\/","url_meta":{"origin":30454,"position":3},"title":"Piano-B\u00fchne Oberthulba wird 25, Konzert mit Al Jones","author":"Redaktion JazzZeitung","date":"15. Dezember 2025","format":false,"excerpt":"(PM) Die Piano-B\u00fchne von Peter Kleinhenz wird 2026 nun 25 Jahre alt. Die Genres Jazz, Blues, Funky Soul, R&B und Comedy werden vorrangig gespielt.\u00a0Die B\u00fchne wird von Peter und Beatrix Kleinhenz mit viel Leidenschaft und Einsatz zusammen mit Verwandtschaft und angestellten Helfern betrieben. Finanziert wird sie ausschlie\u00dflich \u00fcber die Ticketpreise,\u2026","rel":"","context":"In &quot;News&quot;","block_context":{"text":"News","link":"https:\/\/www.jazzzeitung.de\/cms\/thema\/nachrichten\/"},"img":{"alt_text":"","src":"https:\/\/i0.wp.com\/www.jazzzeitung.de\/cms\/wp-content\/uploads\/2025\/12\/kleinhenz1-scaled.jpg?fit=1200%2C800&ssl=1&resize=350%2C200","width":350,"height":200,"srcset":"https:\/\/i0.wp.com\/www.jazzzeitung.de\/cms\/wp-content\/uploads\/2025\/12\/kleinhenz1-scaled.jpg?fit=1200%2C800&ssl=1&resize=350%2C200 1x, https:\/\/i0.wp.com\/www.jazzzeitung.de\/cms\/wp-content\/uploads\/2025\/12\/kleinhenz1-scaled.jpg?fit=1200%2C800&ssl=1&resize=525%2C300 1.5x, https:\/\/i0.wp.com\/www.jazzzeitung.de\/cms\/wp-content\/uploads\/2025\/12\/kleinhenz1-scaled.jpg?fit=1200%2C800&ssl=1&resize=700%2C400 2x, https:\/\/i0.wp.com\/www.jazzzeitung.de\/cms\/wp-content\/uploads\/2025\/12\/kleinhenz1-scaled.jpg?fit=1200%2C800&ssl=1&resize=1050%2C600 3x"},"classes":[]},{"id":25048,"url":"https:\/\/www.jazzzeitung.de\/cms\/2021\/06\/news-axel-zwingenberger-in-oberthulba-jazzforum-bayreuth-feiert-applaus\/","url_meta":{"origin":30454,"position":4},"title":"news +++ Konzertfinale junger M\u00fcnchner Jazzpreis +++ Axel Zwingenberger in Oberthulba +++ Jazzforum Bayreuth feiert APPLAUS +++","author":"Redaktion JazzZeitung","date":"29. Juni 2021","format":false,"excerpt":"+++ Konzertfinale junger M\u00fcnchner Jazzpreis +++ Der Junge M\u00fcnchner Jazzpreis (JMJP) wird 2020 zum achten Mal vergeben. Er ist ein F\u00f6rderpreis von \u201amucjazz \u2013 M\u00fcnchner Verein zur F\u00f6rderung von Jazz e.V.\u2018 und ist ausgeschrieben f\u00fcr Jazzmusiker(innen) bis 28 Jahre. Der JMJP lebt von der Unterst\u00fctzung von Mitgliedern und Spendern, seit\u2026","rel":"","context":"In &quot;News&quot;","block_context":{"text":"News","link":"https:\/\/www.jazzzeitung.de\/cms\/thema\/nachrichten\/"},"img":{"alt_text":"","src":"https:\/\/i0.wp.com\/www.jazzzeitung.de\/cms\/wp-content\/uploads\/2021\/06\/mangold_kulturzentrumewerk.jpg?fit=1200%2C800&ssl=1&resize=350%2C200","width":350,"height":200,"srcset":"https:\/\/i0.wp.com\/www.jazzzeitung.de\/cms\/wp-content\/uploads\/2021\/06\/mangold_kulturzentrumewerk.jpg?fit=1200%2C800&ssl=1&resize=350%2C200 1x, https:\/\/i0.wp.com\/www.jazzzeitung.de\/cms\/wp-content\/uploads\/2021\/06\/mangold_kulturzentrumewerk.jpg?fit=1200%2C800&ssl=1&resize=525%2C300 1.5x, https:\/\/i0.wp.com\/www.jazzzeitung.de\/cms\/wp-content\/uploads\/2021\/06\/mangold_kulturzentrumewerk.jpg?fit=1200%2C800&ssl=1&resize=700%2C400 2x, https:\/\/i0.wp.com\/www.jazzzeitung.de\/cms\/wp-content\/uploads\/2021\/06\/mangold_kulturzentrumewerk.jpg?fit=1200%2C800&ssl=1&resize=1050%2C600 3x"},"classes":[]},{"id":31923,"url":"https:\/\/www.jazzzeitung.de\/cms\/2024\/11\/konzert-tipps-huerth-und-oberthulba-caspar-van-meel-und-kirk-smith-tracey-duncans\/","url_meta":{"origin":30454,"position":5},"title":"Konzert-Tipps: H\u00fcrth und Oberthulba &#8211; Caspar van Meel und Kirk Smith &#038; Tracey Duncans","author":"Redaktion JazzZeitung","date":"21. November 2024","format":false,"excerpt":"+++ Caspar van Meel in H\u00fcrth +++ Der Jazzclub H\u00fcrth hat am 1. Dezember 2024 ein besonderes Event in seinem gem\u00fctlichen Jazzkeller zu bieten. \u201eWir freuen uns, dass es uns gelungen ist, wieder Kultur auf hohem Niveau in H\u00fcrth zu bieten\u201c, freut sich G\u00fcnter Reiners auf den Konzertabend. Auf seinem\u2026","rel":"","context":"In &quot;News&quot;","block_context":{"text":"News","link":"https:\/\/www.jazzzeitung.de\/cms\/thema\/nachrichten\/"},"img":{"alt_text":"","src":"https:\/\/i0.wp.com\/www.jazzzeitung.de\/cms\/wp-content\/uploads\/2024\/11\/Pressefoto-2-Caspar-van-Meel-Foto-Stefan-Limburg.jpg?fit=1001%2C800&ssl=1&resize=350%2C200","width":350,"height":200,"srcset":"https:\/\/i0.wp.com\/www.jazzzeitung.de\/cms\/wp-content\/uploads\/2024\/11\/Pressefoto-2-Caspar-van-Meel-Foto-Stefan-Limburg.jpg?fit=1001%2C800&ssl=1&resize=350%2C200 1x, https:\/\/i0.wp.com\/www.jazzzeitung.de\/cms\/wp-content\/uploads\/2024\/11\/Pressefoto-2-Caspar-van-Meel-Foto-Stefan-Limburg.jpg?fit=1001%2C800&ssl=1&resize=525%2C300 1.5x, https:\/\/i0.wp.com\/www.jazzzeitung.de\/cms\/wp-content\/uploads\/2024\/11\/Pressefoto-2-Caspar-van-Meel-Foto-Stefan-Limburg.jpg?fit=1001%2C800&ssl=1&resize=700%2C400 2x"},"classes":[]}],"jetpack_sharing_enabled":true,"_links":{"self":[{"href":"https:\/\/www.jazzzeitung.de\/cms\/wp-json\/wp\/v2\/posts\/30454","targetHints":{"allow":["GET"]}}],"collection":[{"href":"https:\/\/www.jazzzeitung.de\/cms\/wp-json\/wp\/v2\/posts"}],"about":[{"href":"https:\/\/www.jazzzeitung.de\/cms\/wp-json\/wp\/v2\/types\/post"}],"author":[{"embeddable":true,"href":"https:\/\/www.jazzzeitung.de\/cms\/wp-json\/wp\/v2\/users\/18"}],"replies":[{"embeddable":true,"href":"https:\/\/www.jazzzeitung.de\/cms\/wp-json\/wp\/v2\/comments?post=30454"}],"version-history":[{"count":1,"href":"https:\/\/www.jazzzeitung.de\/cms\/wp-json\/wp\/v2\/posts\/30454\/revisions"}],"predecessor-version":[{"id":30456,"href":"https:\/\/www.jazzzeitung.de\/cms\/wp-json\/wp\/v2\/posts\/30454\/revisions\/30456"}],"wp:featuredmedia":[{"embeddable":true,"href":"https:\/\/www.jazzzeitung.de\/cms\/wp-json\/wp\/v2\/media\/30455"}],"wp:attachment":[{"href":"https:\/\/www.jazzzeitung.de\/cms\/wp-json\/wp\/v2\/media?parent=30454"}],"wp:term":[{"taxonomy":"category","embeddable":true,"href":"https:\/\/www.jazzzeitung.de\/cms\/wp-json\/wp\/v2\/categories?post=30454"},{"taxonomy":"post_tag","embeddable":true,"href":"https:\/\/www.jazzzeitung.de\/cms\/wp-json\/wp\/v2\/tags?post=30454"},{"taxonomy":"author","embeddable":true,"href":"https:\/\/www.jazzzeitung.de\/cms\/wp-json\/wp\/v2\/coauthors?post=30454"}],"curies":[{"name":"wp","href":"https:\/\/api.w.org\/{rel}","templated":true}]}}