{"id":30451,"date":"2024-01-14T12:00:02","date_gmt":"2024-01-14T11:00:02","guid":{"rendered":"https:\/\/www.jazzzeitung.de\/cms\/?p=30451"},"modified":"2024-01-10T11:01:31","modified_gmt":"2024-01-10T10:01:31","slug":"die-erweiterte-jazz-radiowoche-vom-15-01-2024-bis-21-01-2024","status":"publish","type":"post","link":"https:\/\/www.jazzzeitung.de\/cms\/2024\/01\/die-erweiterte-jazz-radiowoche-vom-15-01-2024-bis-21-01-2024\/","title":{"rendered":"Die erweiterte Jazz-Radiowoche vom 15.01.2024 bis 21.01.2024"},"content":{"rendered":"<p>Ein kleiner Blick in die Radiowoche 03. Die \u00dcbersicht zum <a href=\"https:\/\/service.conbrio.de\/service\/download\/278\/\">Download als PDF<\/a><span style=\"text-decoration: line-through;\">.<\/span> Alle Angaben ohne Gew\u00e4hr. Erg\u00e4nzt mit den tollen Sendungen zur Neuen Musik von BR-KLASSIK und \u00d61.<\/p>\n<p><strong>Inhalt<\/strong><\/p>\n<ul>\n<li><a href=\"#_Toc155775098\">Senderliste: 2<\/a><\/li>\n<li><a href=\"#_Toc155775099\">mo \u2013 15.01.2024. 3<\/a><\/li>\n<li><a href=\"#_Toc155775100\">di \u2013 16.01.2024. 4<\/a><\/li>\n<li><a href=\"#_Toc155775101\">mi \u2013 17.01.2024. 6<\/a><\/li>\n<li><a href=\"#_Toc155775102\">do \u2013 18.01.2024. 7<\/a><\/li>\n<li><a href=\"#_Toc155775103\">fr \u2013 19.01.2024. 8<\/a><\/li>\n<li><a href=\"#_Toc155775104\">sa \u2013 20.01.2024. 9<\/a><\/li>\n<li><a href=\"#_Toc155775105\">so \u2013 21.01.2024. 11<\/a><\/li>\n<\/ul>\n<hr \/>\n<h2><a name=\"_Toc155775098\"><\/a>Senderliste:<\/h2>\n<ul>\n<li><a href=\"https:\/\/oe1.orf.at\/\">ORF \u2013 \u00d61<\/a><\/li>\n<li><a href=\"https:\/\/www.deutschlandradio.de\/\">Deutschlandfunk<\/a> \u2013 \u201eFakten und mehr\u201c<\/li>\n<li><a href=\"https:\/\/www.deutschlandfunkkultur.de\/\">Deutschlandfunk-Kultur<\/a> \u2013 \u201eDas Feuilleton im Radio\u201c<\/li>\n<li><a href=\"https:\/\/www.ndr.de\/ndrkultur\/\">ndr Kultur<\/a> \u2013 H\u00f6ren und genie\u00dfen<\/li>\n<li><a href=\"https:\/\/www.bremenzwei.de\/\">radio bremen<\/a> \u2013 Neugier lohnt sich.<\/li>\n<li><a href=\"https:\/\/www.rbbkultur.de\/\">rbb-kultur<\/a> \u2013 DEINE OHREN WERDEN AUGEN MACHEN.<\/li>\n<li><a href=\"https:\/\/www.mdr.de\/kultur\/radio\/index.html\">mdr-kultur<\/a> \u2013 Das Radio.<\/li>\n<li><a href=\"https:\/\/www1.wdr.de\/radio\/wdr3\/\">wdr3<\/a> \u2013 Das Kulturradio<\/li>\n<li><a href=\"https:\/\/www.hr2.de\/index.html\">hr2-kultur<\/a> \u2013 Das Kulturradio f\u00fcr Hessen.<\/li>\n<li><a href=\"https:\/\/www.sr.de\/sr\/sr2\/index.html\">sr2 Kulturradio<\/a> \u2013 \u2026 gut zu h\u00f6ren.<\/li>\n<li><a href=\"https:\/\/www.swr.de\/swr2\/\">swr2<\/a> \u2013 Kultur neu entdecken<\/li>\n<li><a href=\"https:\/\/www.br.de\/radio\/br-klassik\/index.html\">BR-KLASSIK<\/a> \u2013 Klassikstars geben auf BR-KLASSIK den Ton an. Attraktive Magazine bringen Interviews und Neuigkeiten aus dem Musikleben.<\/li>\n<li><a href=\"https:\/\/www.br.de\/radio\/bayern2\/index.html\">Bayern 2<\/a> \u2013 Preisgekr\u00f6ntes Radio f\u00fcr H\u00f6rer, die mehr wissen wollen<\/li>\n<\/ul>\n<hr \/>\n<h2><a name=\"_Toc155775099\"><\/a>mo \u2013 15.01.2024<\/h2>\n<p>19:30:00 +++ \u00d61<br \/>\n<strong>S\u00e4nger-Cellist Abel Selaocoe und The Bantu Ensemble im November 2023 im Wiener Konzerthaus <\/strong><\/p>\n<p>22:04 bis 23:00 +++ WDR 3<br \/>\n<strong>WDR 3 Jazz: Moderation: G\u00f6tz Alsmann<\/strong><\/p>\n<p style=\"padding-left: 40px;\">Von den Meilensteinen in der Geschichte des Jazz zu den spannendsten Neuerscheinungen und aktuellen Trends. Unsere Autor:innen schaffen Orientierung im rasenden Lauf der Ereignisse, in den Clubs von NRW und den Jazz-Metropolen der Welt.<\/p>\n<p>22:30 bis 23:00 +++ hr2-kultur<br \/>\n<strong>Jazz Now: Aus dem Dschungel der Neuver\u00f6ffentlichungen<\/strong><\/p>\n<p style=\"padding-left: 40px;\">Am Mikrofon: Karmen Mikovic. Heute mit: Ellas Kapell: For All We Know | Peter Ehwald Double Trouble: Dumont Dancer | Reinhardt Winkler: Drop Me Off<\/p>\n<p>22:33 bis 23:30 +++ NDR Kultur<br \/>\n<strong>Play Jazz! Magazin am Montag mit Sarah Seidel<\/strong><\/p>\n<p style=\"padding-left: 40px;\">Montag, Mittwoch und Freitag berichtet das Play Jazz! \u2013 Magazin aus der gesamten Welt des Jazz. Auf dem Programm stehen jede Woche das Album der Woche, andere aktuelle CDs, Klassiker, Portraits von K\u00fcnstlerinnen und K\u00fcnstlern oder Plattenfirmen und Tipps f\u00fcr Konzerte, B\u00fccher oder Filme.Das Magazin geht neuen Trends nach und erinnert an die gro\u00dfen Momente der Jazzgeschichte. Besonders im Blick: die norddeutsche Jazzszene. Mit Interviews und Reportagen informiert Play Jazz! \u00fcber die Arbeit von Clubs, Jazzinitiativen und Festivals.<\/p>\n<p>23:03 bis 00:00 +++ WDR 3<br \/>\n<strong>WDR 3 open: World \u2013 Der franz\u00f6sische S\u00e4nger Dominique Dalcan<\/strong><\/p>\n<p style=\"padding-left: 40px;\">Dominique Dalcan hat eine vielseitige Musikbiografie: Er ist ein Pionier des French Pop, weil er schon Anfang der Neunziger mit Elektronik arbeitete, hat als Snooze Jazz und Breakbeats zu wunderbaren Downtempo-Tracks gemacht und Soundtracks f\u00fcr Filme wie den Golden Globe-pr\u00e4mierten \u201eMein Leben in Rosarot\u201d. Doch es hat lange gedauert bis er, unterst\u00fctzt von 10 S\u00e4ngerinnen aus der arabischen Welt, auf die Suche nach seinen libanesischen Urspr\u00fcngen gegangen ist.<\/p>\n<p>23:03 bis 24:00 Uhr +++ \u00d61<br \/>\n<strong>Komponistinnen aus S\u00fcdosteuropa \u2013 2023 revisited. <\/strong><strong>Das Buchprojekt \u201eComposing Women\u201c <\/strong><\/p>\n<p style=\"padding-left: 40px;\">\u00dcber ihren Band \u201eComposing Women \u2013 \u2018Femininity\u2019 and Views on Cultures and Music of Southeastern Europe since 1918\u201c spricht die Co-Herausgeberin Elfriede Reissig. Es geht dabei um die Frage der \u201eWeiblichkeit\u201c in den s\u00fcdosteurop\u00e4ischen Musikkulturen seit 1918; weniger um \u201eweibliche \u00c4sthetik\u201c als vielmehr um die leidliche Erkenntnis, dass zeitgen\u00f6ssische musikwissenschaftliche Geschlechterforschung unerl\u00e4sslich ist, da nur das Musikleben wieder mit der soziopolitischen Realit\u00e4t verkn\u00fcpft und gemeinsam erkannt wird. Sachverhalte des Musiklebens und soziale Realit\u00e4ten in politischen Systemen sollen wieder gemeinsam erkannt werden. Nach der Analyse und Pr\u00e4sentation zentraler Biographien werden Strategien zur \u00dcberwindung dieser Systeme bewusst gemacht, die Ausgrenzung und Marginalisierung von Komponistinnen im nationalen und internationalen Musikbetrieb zu \u00fcberwinden.<\/p>\n<p style=\"padding-left: 40px;\">\u201eDie k\u00fcnstlerische Aktivit\u00e4t von Frauen k\u00f6nnte die Hierarchie der Kulturen auf den Kopf stellen und wie ein umgewendeter Handschuh das Wissen und seine Bedeutung von au\u00dfen nach innen wenden.\u201c Was f\u00fcr die Beschreibung von baltischen Komponistinnen erkannt wird, trifft auf viele andere L\u00e4nder auch zu: einerseits Mut, Verbundenheit mit \u00fcbersehenen Traditionen und Vorurteils-freie Originalit\u00e4t, andererseits die diskontinuierliche Wahrnehmung der Komponistinnen-Geschichte und der Standpunkte ihrer Protagonistinnen. (Wiederholung vom 7. M\u00e4rz 2023) Gestaltung: Irene Suchy<\/p>\n<p>23:30 bis 00:00 +++ NDR Kultur<br \/>\n<strong>Round Midnight: Long Story Short<\/strong><\/p>\n<p style=\"padding-left: 40px;\">Round Midnight ist der Platz f\u00fcr Hintergrundgeschichten, ausf\u00fchrliche Portraits und Talks mit jungen Talenten und Jazz-Legenden.<\/p>\n<p style=\"padding-left: 40px;\">In der Sendung erz\u00e4hlen Autorinnen und Autoren die Geschichten bekannter Jazz-Titel, gehen der Beziehung von Jazz und klassischer Musik nach und nehmen mit auf spannende Reisen in die Grenzgebiete von Jazz, Tango, Salsa oder Flamenco, in Jazz-Epochen wie Swing, Bebop und Fusion oder in die Geschichte ber\u00fchmter Labels wie Blue Note und in die Aktualit\u00e4t kultureller und politischer Themen wie Black Lives Matter.<\/p>\n<h2><a name=\"_Toc155775100\"><\/a><\/h2>\n<hr \/>\n<h2><a name=\"_Toc155775100\"><\/a>di \u2013 16.01.2024<\/h2>\n<p>01:05 bis 05:00 +++ Deutschlandfunk Kultur<br \/>\n<strong>Tonart Jazz \u2013 Moderation: Katrin Wilke<\/strong><\/p>\n<p>20:05 \u2013 21:00 UHR +++ SWR2 Jazz Session<br \/>\n<strong>AUS DEM ARCHIV: Carla Bley und Steve Swallow 1989 in Stuttgart<\/strong><\/p>\n<p style=\"padding-left: 40px;\">Von Julia Neupert. Eine Art Telepathie sei zwischen der Pianistin Carla Bley und dem Bassisten Steve Swallow immer zu sp\u00fcren gewesen. So schrieb einmal ein begeisterter Kritiker. Die intime Duo-Konstellation erwies sich als ideal f\u00fcr die Interpretation ihrer Kompositionen \u2013 reduziert auf das jeweilige musikalische Gewebe, auf klar ausformulierte melodische Gedanken und harmonische Finessen. Vor 35 Jahren waren die im Oktober vergangenen Jahres verstorbene Carla Bley und Steve Swallow zu Gast in Stuttgart und zeigten sich bei den dortigen Theaterhaustagen in Bestform.<\/p>\n<p>21:05 bis 22:00 +++ Deutschlandfunk<br \/>\n<strong>Jazz Live: Kollektive Spielfreude \u2013 G\u00fcnter Baby Sommers Brotherhood &amp; Sisterhood<\/strong><\/p>\n<p style=\"padding-left: 40px;\">Lina Allemano, Nikolaus Neuser, Trompeten; Anke Lucks, Gerhard Gschl\u00f6\u00dfl, Posaunen; Silke Eberhard, Frank Gratkowski, Raymond MacDonald, Anna Kaluza, Gebhard Ullmann, Matthias Schubert, Saxofone, Klarinetten, Fl\u00f6ten; Uli Gumpert, Klavier; Robert Lucaciu, Bass; G\u00fcnter Baby Sommer, Schlagzeug, Perkussion, Leitung. Aufnahme vom 25.6.2023 bei JazzBaltica, Timmendorfer Strand<\/p>\n<p style=\"padding-left: 40px;\">Am Mikrofon: Thomas Loewner. Beim letzten Konzert auf der Hauptb\u00fchne der letztj\u00e4hrigen JazzBaltica versetzte der Schlagzeuger und Free Jazz-Pionier G\u00fcnter Baby Sommer das Publikum mit seiner Gro\u00dfformation Brotherhood &amp; Sisterhood in ausgelassene Feierlaune. Als Inspiration diente dem bald 80 Jahre alten Musiker aus der N\u00e4he von Dresden das Ensemble Brotherhood of Breath, Ende der 1960er-Jahre in Gro\u00dfbritannien gegr\u00fcndet vom s\u00fcdafrikanischen Pianisten Chris McGregor. Die Bigband spielte einen mitrei\u00dfenden Mix aus Free Jazz und s\u00fcdafrikanischer Musik. Gemeinsam mit einigen der besten Improvisatorinnen und Improvisatoren der deutschen Szene sowie dem britischen Saxofonisten und Musikwissenschaftler Raymond MacDonald l\u00e4sst Sommers Projekt den Geist der Brotherhood of Breath neu aufleben. Das JazzBaltica-Publikum quittierte den Auftritt mit langanhaltendem Applaus und machte sich danach mit breitem Grinsen in den Gesichtern auf den Heimweg.<\/p>\n<p>22:04 bis 23:00 +++ WDR 3<br \/>\n<strong>WDR 3 Jazz \u2013 Moderation: Ralf Dombrowski<\/strong><\/p>\n<p style=\"padding-left: 40px;\">Von den Meilensteinen in der Geschichte des Jazz zu den spannendsten Neuerscheinungen und aktuellen Trends. Unsere Autor:innen schaffen Orientierung im rasenden Lauf der Ereignisse, in den Clubs von NRW und den Jazz-Metropolen der Welt.<\/p>\n<p>22:05 bis 22:50 +++ Deutschlandfunk<br \/>\n<strong>Musikszene: Jodelmania \u2013 Die internationale Karriere des alpinen Gesangs<\/strong><\/p>\n<p style=\"padding-left: 40px;\">Von Christoph Wagner. (Wdh.). Mit dem einsetzenden Tourismus in den Alpen wurde auch die alpenl\u00e4ndische Kultur einer breiteren \u00d6ffentlichkeit bekannt. Das galt vor allem f\u00fcr das unartikulierte Singen aus der Gurgel, wie das Jodeln in einem Reisebericht von 1810 genannt wurde. Bald brachen die ersten S\u00e4ngergesellschaften zu langen Gastspielreisen auf, um die \u201eTiroler Tr\u00e4ller\u201c in Europa zu pr\u00e4sentieren. Im Zuge der Alpen-Romantisierung fanden Jodelmotive auch Einzug in Kompositionen von Franz Schubert, Ludwig van Beethoven und Johann Nepomuk Hummel. Der Gesang mit Stimm\u00fcberschlag wurde derart popul\u00e4r, dass die beliebteste Tiroler S\u00e4ngergesellschaft, Die Rainers, 1839 zu einer Tournee nach Amerika aufbrach, wo das Jodeln mehr und mehr in andere Musikstile einsickerte, war es Operette, Variet\u00e9, Blues, Jazz oder Hillbilly. In den 30er-Jahren steigerte sich die Begeisterung zu einer richtigen Modewelle, wobei das \u201eYodeling\u201c vor allem die fr\u00fche Countrymusik erfasste und bis heute Spuren in der Musik der USA hinterlassen hat.<\/p>\n<p>22:30 bis 23:00 +++ hr2-kultur<br \/>\n<strong>Jazz and More: An den R\u00e4ndern des Jazz<\/strong><\/p>\n<p style=\"padding-left: 40px;\">Am Mikrofon: Martin Kersten. Heute mit: TheEEs: Temptations of Sound | Aron &amp; The Jeri Jeri Band: I Want To Go Home | Bex Burch: There is only love and fear<\/p>\n<p>22:30 bis 23:00 +++ BR-KLASSIK<br \/>\n<strong>Horizonte: \u201eKeine Angst, in See zu stechen\u201c \u2013 Die Komponistin Ethel Smyth<\/strong><\/p>\n<p style=\"padding-left: 40px;\">Die Komponistin Ethel Smyth hat in der englischen Frauenbewegung eine wichtige Rolle gespielt. Frauen sollten \u201enicht dauernd an der K\u00fcste herumlungern, aus Angst davor, in See zu stechen\u201c \u2013 das schreibt sie in ihrer Autobiografie \u201eWhat Happened Next\u201c. Sie selbst nahm sich das zu Herzen: stets im Kampf darum, dass ihre Arbeit in der M\u00e4nnerwelt ernst genommen wird, protestiert sie, wirft Steine, landet im Gef\u00e4ngnis. Mit \u201eThe March of the Women\u201c komponiert sie die Hymne der Suffragetten. \u00dcber eine Rebellin, eine K\u00e4mpferin, eine lesbische Frau, die sich nicht unterkriegen lie\u00df. Eine Sendung von Hannah Schmidt<\/p>\n<p>22:33 bis 23:30 +++ NDR Kultur<br \/>\n<strong>Play Jazz! <\/strong><strong>Elbjazz 2023: The Jakob Manz Project \/ Salomea<\/strong><\/p>\n<p style=\"padding-left: 40px;\">Im Play Jazz! \u2013 Konzert werden Liveaufnahmen des NDR aus dem Rolf-Liebermann-Studio, aus Clubs und von Festivals im Sendegebiet gesendet.<\/p>\n<p style=\"padding-left: 40px;\">Mitschnitte von JazzBaltica, Elbjazz, Eldenaer Jazz Evenings, See More Jazz oder der Jazzwoche Hannover zeigen die Vielfalt der Festivallandschaft im Norden. Neben aktuellen Aufnahmen ist Dienstagabend auch der Platz f\u00fcr Konzertsch\u00e4tze aus den Archiven des NDR.<\/p>\n<p>23:30 bis 00:00 +++ NDR Kultur<br \/>\n<strong>Round Midnight: Portraits, Talks, Hintergr\u00fcnde und Ausfl\u00fcge in die Jazzgeschichte<\/strong><\/p>\n<p style=\"padding-left: 40px;\">Round Midnight ist der Platz f\u00fcr Hintergrundgeschichten, ausf\u00fchrliche Portraits und Talks mit jungen Talenten und Jazz-Legenden. In der Sendung erz\u00e4hlen Autorinnen und Autoren die Geschichten bekannter Jazz-Titel, gehen der Beziehung von Jazz und klassischer Musik nach und nehmen mit auf spannende Reisen in die Grenzgebiete von Jazz, Tango, Salsa oder Flamenco, in Jazz-Epochen wie Swing, Bebop und Fusion oder in die Geschichte ber\u00fchmter Labels wie Blue Note und in die Aktualit\u00e4t kultureller und politischer Themen wie Black Lives Matter.<\/p>\n<h2><a name=\"_Toc155775101\"><\/a><\/h2>\n<hr \/>\n<h2><a name=\"_Toc155775101\"><\/a>mi \u2013 17.01.2024<\/h2>\n<p>21:05 \u2013 22:00 UHR +++ SWR2 NOWJazz<br \/>\n<strong>KOSMOPOLIT UND LOKALMATADOR: Der Saxofonist Ohad Talmor<\/strong><\/p>\n<p style=\"padding-left: 40px;\">Von Ssirus Pakzad. Der Saxofonist, Komponist und Arrangeur Ohad Talmor ist ein Weltb\u00fcrger: als Israeli im franz\u00f6sischen Lyon geboren, im schweizerischen Genf aufgewachsen und heute meist in Brooklyn lebend. Dort betreibt er den von vielen Jazzgr\u00f6\u00dfen frequentierten Club \u201eSeeds\u201c und wurde zum Lokalmatador. Talmor hat eine erstaunliche Vita vorzuweisen: Mit Veteranen wie Lee Konitz oder Steve Swallow unterhielt er gemeinsame Projekte. Heute leitet er eigene Formationen wie \u201eNewsreel\u201c. Ohad Talmor ist zudem als P\u00e4dagoge t\u00e4tig, schreibt f\u00fcr H\u00f6rspiele und fiel mit neuen Arrangements von Anton Bruckner-Werken auf.<\/p>\n<p>22:04 bis 23:00 +++ WDR 3<br \/>\n<strong>WDR 3 Jazz \u2013 Moderation: Niklas Wandt<\/strong><\/p>\n<p style=\"padding-left: 40px;\">Von den Meilensteinen in der Geschichte des Jazz zu den spannendsten Neuerscheinungen und aktuellen Trends. Unsere Autor:innen schaffen Orientierung im rasenden Lauf der Ereignisse, in den Clubs von NRW und den Jazz-Metropolen der Welt.<\/p>\n<p>22:33 bis 23:30 +++ NDR Kultur<br \/>\n<strong>Play Jazz! Magazin am Mittwoch mit Sarah Seidel<\/strong><\/p>\n<p style=\"padding-left: 40px;\">Montag, Mittwoch und Freitag berichtet das Play Jazz! \u2013 Magazin aus der gesamten Welt des Jazz. Auf dem Programm stehen jede Woche das Album der Woche, andere aktuelle CDs, Klassiker, Portraits von K\u00fcnstlerinnen und K\u00fcnstlern oder Plattenfirmen und Tipps f\u00fcr Konzerte, B\u00fccher oder Filme.Das Magazin geht neuen Trends nach und erinnert an die gro\u00dfen Momente der Jazzgeschichte. Besonders im Blick: die norddeutsche Jazzszene. Mit Interviews und Reportagen informiert Play Jazz! \u00fcber die Arbeit von Clubs, Jazzinitiativen und Festivals.<\/p>\n<p>23:03 bis 00:00 +++ WDR 3<br \/>\n<strong>WDR 3 open: World \u2013 Jon Fosse: Norwegens Literatur-Nobelpreistr\u00e4ger im Jazz und Folk<\/strong><\/p>\n<p style=\"padding-left: 40px;\">Ein ganzes Album auf der Basis von Jon Fosses Texten hat Sinikka Langeland vorgelegt: \u201eWind and Sun\u201c. \u201eEs ist wie Morgen und Abend\u201c, sagt die norwegische Kantele-Spielerin und S\u00e4ngerin. \u201eJon Fosse benutzt Naturbilder, die Texte fragen nach dem Leben, dem Tod, der Spiritualit\u00e4t\u201c. Aspekte, die Sinnika Langeland mit ihrer Musik hervorhebt. Schon vor 20 Jahren hat auch der Saxophonist und Ziegenhornspieler Karl Seglem mit Jon Fosse gearbeitet. Auf ihrem Album \u201eDikt\u201c spricht der Dichter seine Verse selbst, umrahmt von neuer Jazzmusik. Babette Michel stellt auch die Hardangergeige von Benedicte Maurseth vor, die das Schaffen von Jon Fosse mit seiner Heimatregion am Hardanger-Fjord verbindet.<\/p>\n<p>23:05 bis 00:00 +++ BR-KLASSIK<br \/>\n<strong>BR-KLASSIK \u2013 Jazztime \u2013 Jazz aus N\u00fcrnberg: Mostly Vocal \u2013 Blues in the night<\/strong><\/p>\n<p style=\"padding-left: 40px;\">Aufnahmen mit Camille Bertault &amp; David Helbock, Dee Dee Bridgewater, Eva Cassidy, Miles Davis Sextet &amp; Bob Dorough, Kurt Elling &amp; Charlie Hunter \u201eSuperBlue\u201c, Billie Holiday, Doctor John, und Cedar Walton. Moderation und Auswahl: Beate Sampson<\/p>\n<p>23:30 bis 00:00 +++ NDR Kultur<br \/>\n<strong>Round Midnight: Portraits, Talks, Hintergr\u00fcnde und Ausfl\u00fcge in die Jazzgeschichte<\/strong><\/p>\n<p style=\"padding-left: 40px;\">Round Midnight ist der Platz f\u00fcr Hintergrundgeschichten, ausf\u00fchrliche Portraits und Talks mit jungen Talenten und Jazz-Legenden. In der Sendung erz\u00e4hlen Autorinnen und Autoren die Geschichten bekannter Jazz-Titel, gehen der Beziehung von Jazz und klassischer Musik nach und nehmen mit auf spannende Reisen in die Grenzgebiete von Jazz, Tango, Salsa oder Flamenco, in Jazz-Epochen wie Swing, Bebop und Fusion oder in die Geschichte ber\u00fchmter Labels wie Blue Note und in die Aktualit\u00e4t kultureller und politischer Themen wie Black Lives Matter.<\/p>\n<h2><a name=\"_Toc155775102\"><\/a><\/h2>\n<hr \/>\n<h2><a name=\"_Toc155775102\"><\/a>do \u2013 18.01.2024<\/h2>\n<p>22:04 bis 23:00 +++ WDR 3<br \/>\n<strong>WDR 3 Jazz \u2013 Moderation: Odilo Clausnitzer<\/strong><\/p>\n<p style=\"padding-left: 40px;\">Von den Meilensteinen in der Geschichte des Jazz zu den spannendsten Neuerscheinungen und aktuellen Trends. Unsere Autor:innen schaffen Orientierung im rasenden Lauf der Ereignisse, in den Clubs von NRW und den Jazz-Metropolen der Welt.<\/p>\n<p>22:05 bis 23:00 +++ BR-KLASSIK<br \/>\n<strong>Horizonte: Zum 100. Geburtstag der Pianistin Yvonne Loriod<\/strong><\/p>\n<p style=\"padding-left: 40px;\">Olivier Messiaen: \u201eLa ville d\u2019en haut\u201c (The Cleveland Orchestra: Pierre Boulez); Pierre Boulez: \u201eStructures\u201c, Heft 2 (Pierre Boulez, Klavier); Olivier Messiaen: \u201eUn vitrail et des oiseaux\u201c (Ensemble Intercontemporain: Pierre Boulez)<\/p>\n<p>22:30 bis 23:00 +++ hr2-kultur<br \/>\n<strong>Jazz Now: Aus dem Dschungel der Neuver\u00f6ffentlichungen<\/strong><\/p>\n<p style=\"padding-left: 40px;\">Am Mikrofon: Daniella Baumeister. Heute mit: Elke Bartholom\u00e4us: To Speak | Inventionis Mater: Dimention(i)s Mat(t)er | Sunny Five: Candid<\/p>\n<p>23:00 bis 00:00 +++ NDR Kultur<br \/>\n<strong>Play Jazz! Schultour NDR Bigband<\/strong><\/p>\n<p style=\"padding-left: 40px;\">Welche Konzerte stehen im Kalender? Wer ist zu Gast bei der NDR Bigband und realisiert ein neues musikalisches Konzept? Henry Altmann blickt immer donnerstags auf aktuelle und kommende Projekte, Konzerte und CD-Produktionen der NDR Bigband. Dazu spricht er mit Musikerinnen und Musikern, pr\u00e4sentiert frische Aufnahmen und berichtet \u00fcber Hintergr\u00fcnde.<\/p>\n<p>23:00 bis 00:00 +++ rbbKultur<br \/>\n<strong>The Voice: Gretchen Parlato<\/strong><\/p>\n<p style=\"padding-left: 40px;\">Sie hat schon mit Jazz-Gr\u00f6\u00dfen wie Herbie Hancock und Esperanza Spalding zusammengearbeitet. Ihr Album \u201eFlor\u201c wurde f\u00fcr den Grammy nominiert und erhielt den deutschen Jazzpreis 2022 f\u00fcr das beste internationale Gesangs-Album. Aktuell ist Gretchen Parlatos Album \u201eLean in\u201c f\u00fcr einen Grammy im Rennen \u2013 ein Album, das sie mit dem Jazzgitarristen Lionel Loueke aus Benin aufgenommen hat. H\u00f6chste Zeit, die S\u00e4ngerin mit der schmeichel-weichen Stimme und dem Faible f\u00fcr Jazz-Balladen und brasilianische Musik genauer kennenzulernen. Moderation: Ortrun Sch\u00fctz<\/p>\n<p>23:03 bis 24:00 Uhr +++ \u00d61<br \/>\n<strong>Justin Broadrick (Godflesh) im Zeit-Ton Portr\u00e4t \u2013 2023 revisited. Mit Justin Broadrick im L\u00e4rm der Welt<\/strong><\/p>\n<p style=\"padding-left: 40px;\">2023 ist mit \u201ePurge\u201c das aktuelle Album von Godflesh erschienen. Die Band des britischen Gitarristen, Elektronikmusikers und S\u00e4ngers Justin Broadrick z\u00e4hlt zu den Begr\u00fcndern des Industrial Metal: Schwere Beats, verzerrte Gitarren- und Bass-Sounds und \u00e4u\u00dferst kritische Texte \u00fcber die Gesellschaft und ihre Institutionen sind Markenzeichen von Godflesh. Im April 2023 traten sie am Donaufestival auf. Der Zeit-Ton widmete Justin Broadrick und seinen zahlreichen Projekten zwischen Metal, Elektronik- und Dub-Musik im Anschluss ein Portr\u00e4t.<\/p>\n<p style=\"padding-left: 40px;\">Bereits als Teenager spielte der 1969 in Birmingham geborene Justin Broadrick in der Heavy-Metal-Band Napalm Death. 1988 begann er mit dem Bassisten G. C. Green die Band Godflesh. Die Beats kamen nicht von einem Schlagzeug, sondern von einer von Broadrick programmierten Drum-Machine. Das Deb\u00fct-Album \u201eStreetcleaner\u201c (1989) gilt als eine der Gr\u00fcndungsplatten des Industrial Metal. Es folgten acht Alben, die auf aktuelle Einfl\u00fcsse wie HipHop, Techno und vor allem Dub rekurrierten. \u201ePurge\u201c ist eine Kondensierung dieser Themen.<\/p>\n<p style=\"padding-left: 40px;\">Wider die Normen: Durch ein, wie Justin Broadrick im Zeit-Ton-Interview erz\u00e4hlt, relativ liberales Elternhaus h\u00f6rte er bereits mit acht Jahren Lou Reeds Album \u201eMetal Machine Music\u201c. Wenig sp\u00e4ter \u00fcbte er sich selbst in diesen avantgardistischen Gitarren-Feedback-Orgien. Gepr\u00e4gt wurde er von der Industrial- und Post-Punk-Musik der sp\u00e4teren 1970er Jahre. Wie Broadrick betont, liegt sein musikalischer Fokus auf Produktionsweisen und \u00c4sthetiken des Dub; siehe Techno Animal mit dem Produzenten Kevin Martin. Im Zeit-Ton pr\u00e4sentiert Justin Broadrick St\u00fccke von seinem Experimental-Jazz-Projekt God, der Drone-Metal-Band Jesu, dem Noise-Dub-Duo Techno Animal, seinem Elektronik-Projekt JK Flesh sowie aus \u201ePurge\u201c und anderen Godflesh-Alben: Gut 40 Jahre Sub- und Alternativkultur, Sound-Eskapaden als Apokalypse genauso wie als Katharsis und helle, aber auch dunkle Seiten des Menschlichen. (Wiederholung vom 10. August 2023) Gestaltung: Heinrich Deisl<\/p>\n<p>23:05 bis 00:00 +++ BR-KLASSIK<br \/>\n<strong>BR-KLASSIK \u2013 Jazztime: All that Jazz<\/strong><\/p>\n<p style=\"padding-left: 40px;\">Es ist kaum zu glauben, dass Emma Rawicz erst mit 15 anfing Saxofon zu lernen. Denn die 21j\u00e4hrige Britin mit polnischen Wurzeln zeigt auf dem Tenor eine Reife und Fertigkeit, die andere nicht mal nach Dekaden des Spielens erreichen. Im Vereinigten K\u00f6nigreich wird die Instrumentalistin (sie spielt auch Bassklarinette und Fl\u00f6te) als Jazzwunder gehandelt. Zwei Solo-Alben gibt es bereits von ihr \u2013 au\u00dferdem wirkte die junge Frau, die Musik in Farben wahrnimmt (Syn\u00e4sthesie), an Aufnahmen von John Zorns \u201eBagatelles\u201c mit. Moderation und Auswahl: Ssirus W. Pakzad<\/p>\n<h2><a name=\"_Toc155775103\"><\/a><\/h2>\n<hr \/>\n<h2><a name=\"_Toc155775103\"><\/a>fr \u2013 19.01.2024<\/h2>\n<p>14:05:00 +++ \u00d61<br \/>\n<strong>Das Antonio Flinta Quartett im August 2022 in Borowez, Bulgarien <\/strong><\/p>\n<p>19:30:00 +++ \u00d61<br \/>\n<strong>S\u00e4ngerin Aja Zischg live im ORF RadioCafe in Wien <\/strong><\/p>\n<p>20:00 bis 22:00 +++ rbbKultur<br \/>\n<strong>Jazz Berlin: JazzFest Berlin 2023<\/strong><\/p>\n<p style=\"padding-left: 40px;\">\u201eSpinning Time\u201c \u2013 so lautete das Motto des 60. Jazzfests Berlin im November 2023. Dabei kamen viele unterschiedliche Generationen von Jazzmusikerinnen und Jazzmusikern zusammen, sogar Kinder waren dabei. rbbkultur hat viele Konzerte aufgenommen, und \u201eJazz Berlin\u201c sendet nun den dritten Teil mit H\u00f6hepunkten vom Festival, unter anderem mit dem fulminanten Er\u00f6ffnungs-Spektakel \u201eApparitions\u201c, der norwegischen Musikerin Marthe Lea und der Entdeckung vom Jazzfest: der mexikanischen Bassistin und Komponistin Fuensanta und ihrem Ensemble. Moderation: Holger Zimmer<\/p>\n<p>22:04 bis 23:00 +++ WDR 3<br \/>\n<strong>WDR 3 Jazz \u2013 Moderation: Manuela Krause<\/strong><\/p>\n<p style=\"padding-left: 40px;\">Von den Meilensteinen in der Geschichte des Jazz zu den spannendsten Neuerscheinungen und aktuellen Trends. Unsere Autor:innen schaffen Orientierung im rasenden Lauf der Ereignisse, in den Clubs von NRW und den Jazz-Metropolen der Welt.<\/p>\n<p>22:05 bis 22:50 +++ Deutschlandfunk<br \/>\n<strong>Milestones \u2013 Jazzklassiker: Treibende Kraft an den Trommeln \u2013 Zum 100. Geburtstag des Schlagzeugers Max Roach<\/strong><\/p>\n<p style=\"padding-left: 40px;\">Am Mikrofon: Bert Noglik. Er war einer der Motoren bei der Entstehung und Entfaltung des modernen Jazz. Max Roach hat ma\u00dfgeblich zur Emanzipation des Schlagzeugs von seiner begleitenden Rolle und zugleich zum Erstarken des afroamerikanischen Selbstbewusstseins beigetragen. Geboren am 10. Januar 1924 in New York, stie\u00df er bereits in jungen Jahren zum Kreis um Dizzy Gillespie und Charlie Parker und profilierte sich als einer der ersten Bebop-Schlagzeuger. Mit \u201eWe Insist! Freedom Now Suite\u201c schuf er ein Manifest der afroamerikanischen Befreiungsbewegung, das bis zum heutigen Tag nichts von seiner Aktualit\u00e4t verloren hat. Bis in sein sp\u00e4tes Schaffen hinein bewies Max Roach, der mit Ch\u00f6ren, Streichquartetten, Perkussionsensembles und Sinfonieorchestern zusammenarbeitete, seine Meisterschaft und sein Streben nach musikalischer Erneuerung.<\/p>\n<p>23:00 bis 00:00 +++ NDR Kultur<br \/>\n<strong>Play Jazz! Aktuelles aus der Welt des Jazz, neue CDs und Konzerttipps<\/strong><\/p>\n<p style=\"padding-left: 40px;\">Montag, Mittwoch und Freitag berichtet das Play Jazz! \u2013 Magazin aus der gesamten Welt des Jazz. Auf dem Programm stehen jede Woche das Album der Woche, andere aktuelle CDs, Klassiker, Portraits von K\u00fcnstlerinnen und K\u00fcnstlern oder Plattenfirmen und Tipps f\u00fcr Konzerte, B\u00fccher oder Filme.Das Magazin geht neuen Trends nach und erinnert an die gro\u00dfen Momente der Jazzgeschichte. Besonders im Blick: die norddeutsche Jazzszene. Mit Interviews und Reportagen informiert Play Jazz! \u00fcber die Arbeit von Clubs, Jazzinitiativen und Festivals.<\/p>\n<p>23:03 bis 24:00 Uhr +++ \u00d61<br \/>\n<strong>Eine feministische H\u00f6r-Tour \u2013 2023 revisited. Komponieren, publizieren, organisieren: Wegbereiterinnen aus vier Jahrzehnten<\/strong><\/p>\n<p style=\"padding-left: 40px;\">In einer Langen Nacht der neuen Musik im Juli 2023 nahmen Marlene Schnedl und Marie-Therese Rudolph das Radiopublikum mit auf eine H\u00f6rwanderung. Im Fokus standen \u00f6sterreichische und in \u00d6sterreich lebende und arbeitende Musikerinnen, Komponistinnen, Organisatorinnen, Netzwerkerinnen, Pionierinnen, Produzentinnen, Lehrende, die seit Jahrzehnten die Kulturszene bereichern und auch international erfolgreich Spuren hinterlassen. Verwoben mit K\u00fcnstlerinnen-Gespr\u00e4chen wurden feministische Positionen diskutiert. Wie viel wurde schon erreicht in der Gleichstellung der Geschlechter in der Musikbranche und an den Musikuniversit\u00e4ten? Wie viele Frauen braucht es noch und wie wird Genderdiversit\u00e4t \u00fcberhaupt gef\u00f6rdert? Im heutigen Zeit-Ton tauchen wir f\u00fcr eine Stunden noch einmal in diese Lange Nacht der neuen Musik ein. Gestaltung: Marie-Therese Rudolph und Marlene Schnedl<\/p>\n<p>23:05 bis 00:00 +++ BR-KLASSIK<br \/>\n<strong>BR-KLASSIK \u2013 Jazztime: Jazz auf Reisen \u2013 Barfu\u00df in den Himmel voller Saiten: das Trio des Gitarristen Libor \u0160moldas beim 13. Birdland Radio Jazz Festival<\/strong><\/p>\n<p style=\"padding-left: 40px;\">Mit Libor \u0160moldas (Gitarre), Jay Anderson (Kontrabass) und Adam Nussbaum (Schlagzeug). Aufnahme vom 21. Oktober 2023 im Jazzclub Birdland. Moderation und Auswahl: Roland Spiegel<\/p>\n<h2><a name=\"_Toc155775104\"><\/a><\/h2>\n<hr \/>\n<h2><a name=\"_Toc155775104\"><\/a>sa \u2013 20.01.2024<\/h2>\n<p>00:05 bis 06:00 +++ Deutschlandfunk<br \/>\n<strong>Deutschlandfunk Radionacht<\/strong><\/p>\n<ul>\n<li>01:05-02:00 Jazz Live: Schwebendes Klavier und perlende Perkussion. Das Duo Vladyslav Sendecki und J\u00fcrgen Spiegel. Aufnahme vom 3.5.2023 aus dem LVR-LandesMuseum beim Jazzfest Bonn. Am Mikrofon: Michael Kuhlmann<\/li>\n<li>02:07-03:00 JazzFacts: Neues von der improvisierten Musik \u2013 Am Mikrofon: Odilo Clausnitzer<\/li>\n<li>03:05-03:55 Rock et cetera: Das Magazin \u2013 Neues aus der Szene. Am Mikrofon: Tim Schauen<\/li>\n<li>04:05-05:00 On Stage: Das Duo OSKA \u2013 Aufnahme vom 27.10.2021 aus dem Deutschlandfunk Kammermusiksaal, K\u00f6ln. Am Mikrofon: Tim Schauen<\/li>\n<li>05:05-05:30 Spielraum: Unter dem Radar \u2013 Neue Bands, neue Sounds. Am Mikrofon: Anke Behlert<\/li>\n<li>05:40-06:00 Spielraum: Unter dem Radar \u2013 Neue Bands, neue Sounds. Am Mikrofon: Anke Behlert<\/li>\n<\/ul>\n<p>13:04 bis 15:00 +++ WDR 3<br \/>\n<strong>WDR 3 Pers\u00f6nlich mit G\u00f6tz Alsmann<\/strong><\/p>\n<p style=\"padding-left: 40px;\">G\u00f6tz Alsmann pr\u00e4sentiert in WDR 3 seine ganz spezielle Auffassung von Jazzmusik: Swingend, stilbergreifend, manches puristisch, einiges eher Jazz-\u00e4hnlich, durchaus sentimental und immer gerne unterhaltend. Wenn der Sound und das musikalische Gef\u00fchl stimmen, wird der Kreis dessen, was \u201eJazz\u201c ist, auch gerne erweitert.<\/p>\n<p>14:05 bis 15:00 Uhr +++ BR-KLASSIK<br \/>\n<strong>KlassikPlus: Zarte Dompteurin: Die tschechische Komponistin V\u00edt\u011bzslava Kapr\u00e1lov\u00e1<\/strong><\/p>\n<p style=\"padding-left: 40px;\">\u201eSo ein zartes, stilles M\u00e4dchen und so viel Wildheit und Gr\u00f6\u00dfe in seiner Musik!\u201c, urteilte der Dirigent V\u00e1clav Talich \u00fcber seine Studentin V\u00edt\u00eczslava Kapr\u00e1lov\u00e1. Gegen den nachvollziehbaren Ratschlag ihres Vaters, es als Frau gar nicht erst zu versuchen, studierte Kapr\u00e1lov\u00e1 in den 1930er Jahren neben Dirigieren auch Komposition \u2013 beides damals ausschlie\u00dflich von M\u00e4nnern besetzte Berufe. Mit gerade einmal Anfang zwanzig stand sie am Pult so renommierter Klangk\u00f6rper wie der Tschechischen Philharmonie oder des BBC Symphony Orchestra, wo sie eigene Werke dirigierte. Au\u00dfer mit ihrer Musik machte sie als femme fatale von sich reden, der die M\u00e4nner zu F\u00fc\u00dfen lagen \u2013 darunter ihr Mentor Bohuslav Martin\u016f, der sie sein \u201eeinziges, s\u00fc\u00dfestes Liedchen\u201c nannte. BR-KLASSIK stellt die charismatische K\u00fcnstlerin vor, deren vielversprechende Karriere mit ihrem fr\u00fchen Tod, 25-j\u00e4hrig, ein j\u00e4hes Ende nahm. Eine Sendung von Michaela Fridrich (Wdh. vom 17.11.2022)<\/p>\n<p>17:05 bis 17:55 +++ Bayern 2<br \/>\n<strong>Jazz &amp; Politik: Politisches Feuilleton<\/strong><\/p>\n<p style=\"padding-left: 40px;\">Moderation: Lukas Hammerstein. Musikauswahl: Roland Spiegel<\/p>\n<p>18:05 bis 19:00 +++ BR-KLASSIK<br \/>\n<strong>BR-KLASSIK \u2013 Jazz und mehr: Die Grenzenlosen<\/strong><\/p>\n<p style=\"padding-left: 40px;\">Musik von Rita Marcotulli &amp; Marco Biondini, Erika Stucky und Cymin Samawatie. Live-Mitschnitte vom 13. bis 15. Oktober 2023 im Kultur- und Tagungszentrum Murnau beim Festival \u201egrenzenlos\u201c. Moderation und Auswahl: Roland Spiegel<\/p>\n<p>19:00 bis 20:00 +++ hr2-kultur<br \/>\n<strong>Live Jazz: Austrian Syndicat | INNt\u00f6ne Jazz Festival, \u00d6sterreich, Juli 2023<\/strong><\/p>\n<p style=\"padding-left: 40px;\">Am Mikrofon: J\u00fcrgen Schwab. Austrian Syndicat || David Helbock, synth, rhodes piano | Peter Madsen, p | Raphael Preuschl, b, bass ukulele | Herbert Pirker, dr | Korn\u00e9l Mogyor\u00f3, perc | INNt\u00f6ne Jazz Festival, Buchmannhof, Scheune, Diersbach, \u00d6sterreich, Juli 2023<\/p>\n<p>20:00 bis 22:00 +++ NDR Blue<br \/>\n<strong>NDR Kultur Jazz<\/strong><\/p>\n<p>22:00 bis 00:00 +++ NDR Kultur<br \/>\n<strong>NDR Kultur Neo: Im Rausch der Kl\u00e4nge<\/strong><\/p>\n<p style=\"padding-left: 40px;\">Klassik trifft Neo Classical, Weltmusik, Pop, Jazz oder Electronica. Bei NDR Kultur Neo begleiten wir Sie mit einem grenzenlosen Musikmix durch die letzten Stunden des Tages. Vielf\u00e4ltig, handverlesen und kunstvoll collagiert.<\/p>\n<p>22:03 \u2013 23:00 UHR +++ SWR2 Jazztime<br \/>\n<strong>THE NEWEST SOUND AROUND: Erinnerungen an Jeanne Lee<\/strong><\/p>\n<p style=\"padding-left: 40px;\">Von Julia Neupert. Stimme-Tanz-Poesie: Das waren die drei Pole, die Jeanne Lee in ihrem k\u00fcnstlerischen Leben am meisten interessierten. Geboren am 29. Januar 1939 in New York, erkundete sie mit dem Pianisten Ran Blake zun\u00e4chst die improvisatorischen Freiheiten innerhalb traditioneller Songstrukturen. \u201eThe Newest Sound Around\u201c hei\u00dft ihr erstes gemeinsames Album von 1961. Als musikalische Partnerin von Peter Kowald, Cecil Taylor, Anthony Braxton, Urszula Dudziak und ihrem sp\u00e4teren Ehemann Gunter Hampel entwickelte Jeanne Lee sp\u00e4ter eine h\u00f6chst originelle eigene Kunst \u2013 kraftvoll und poetisch.<\/p>\n<p>23:00 bis 00:00 +++ rbbKultur<br \/>\n<strong>Late Night Jazz: Junge L\u00f6wen, alte Tiger<\/strong><\/p>\n<p style=\"padding-left: 40px;\">Musik kennt keine Altersgrenzen: in der heutigen Ausgabe begegnen sich Generationen von Musiker:innen. Angelehnt an Pianist Dave Brubecks Album: \u201eYoung lions &amp; old tigers\u201c. Mit Aufnahmen von Dave Brubeck, Trompeter Roy Hargrove, Saxophonist Heinz Sauer, Pianist Michael Wollny sowie Amy Winehouse und der Crooner-Legende Tony Bennett. Moderation: Beatrix Gillmann<\/p>\n<p>23:10:00 +++ \u00d61<br \/>\n<strong>Neuigkeiten aus der Welt des Jazz <\/strong><\/p>\n<p>Konzertempfehlungen f\u00fcr die kommende Woche, Buchbesprechungen, Kurznachrufe und aktuelle Meldungen.<\/p>\n<h2><a name=\"_Toc155775105\"><\/a><\/h2>\n<hr \/>\n<h2><a name=\"_Toc155775105\"><\/a>so \u2013 21.01.2024<\/h2>\n<p>00:05:00 +++ \u00d61<br \/>\n<strong>Saxofonist Florian Supancic im Gespr\u00e4ch, Paal Nilssen-Love mit Circus beim Jazzfestival Saalfelden 2022 <\/strong><\/p>\n<p>17:10:00 +++ \u00d61<br \/>\n<strong>Wort trifft Melodie, Musik trifft Poesie: Emily Dickinson <\/strong><\/p>\n<p>19:30 bis 20:00 +++ Bayern 2<br \/>\n<strong>Musik f\u00fcr Bayern: Klassik, Pop und Jazz \u2013 Selbst gemacht!<\/strong><\/p>\n<p style=\"padding-left: 40px;\">\u201eMusik f\u00fcr Bayern\u201c mit David Saam auf Bayern 2 gibt zweimonatlich einen unterhaltenden und informativen Einblick in die lebendige, innovative und kreative Welt-, Volks- und Blasmusik-Szene in Nordbayern.<\/p>\n<p>19:34:00 +++ \u00d61<br \/>\n<strong>Alois Eberl, Florian Klinger, Philipp Kienberger und Jakob Kammerer im Studio 2 des Wiener Funkhauses <\/strong><\/p>\n<p>19:40 \u2013 20:00 UHR +++ SWR2 Jazz<br \/>\n<strong>GEGENL\u00c4UFERIN: Die Pianistin &amp; Komponistin Elvira Plenar <\/strong><\/p>\n<p style=\"padding-left: 40px;\">Von Konrad Bott. Elektronischer Spieltrieb und pianistische Perfektion durchziehen ihre Musik \u2013 Elvira Plenar komponiert und improvisiert f\u00fcr sich, f\u00fcrs Publikum, f\u00fcr Theater und Film. Die in Frankfurt lebende Musikerin schwimmt k\u00fcnstlerisch gerne gegen den Strom und manchmal auch darunter. In der Jazzthetik wurde sie als \u201epianistische Gegenposition zu Irene Schweizer\u201c beschrieben. Was sie dazu selbst sagt und wie ihre Musik klingt, erfahren Sie in dieser Sendung.<\/p>\n<p>20:00 bis 22:00 +++ NDR Blue<br \/>\n<strong>NDR Kultur Jazz<\/strong><\/p>\n<p>20:04 bis 21:30 +++ SR2 KulturRadio<br \/>\n<strong>JazzNow: WND Jazz 2023<\/strong><\/p>\n<p>20:05 bis 21:00 +++ Deutschlandfunk<br \/>\n<strong>Freistil: Black to the Future \u2013 \u00c4sthetik und Sound des Afrofuturismus<\/strong><\/p>\n<p style=\"padding-left: 40px;\">Von Manuel Gogos. Regie: Philippe Br\u00fchl. Produktion: Deutschlandfunk 2024. Afrofuturismus ist eine eigene \u00c4sthetik von People of Color, die postkoloniale Geschichte und Science-Fiction kombiniert. Welche \u201everr\u00fcckten\u201c Visionen entwerfen schwarze K\u00fcnstlerinnen und K\u00fcnstler f\u00fcr eine Menschheit der Zukunft?<\/p>\n<p style=\"padding-left: 40px;\">Afrofuturistische Literatur entwirft alternative Zuk\u00fcnfte, wie William Hayashi in seiner \u201eDarkside Trilogy\u201c: Da leben Afroamerikaner schon lange vor der Mond-Landung heimlich auf der \u201eDark Side of the Moon\u201c. In der Musik begann der Jazz-Prophet Sun Ra in den 1970er-Jahren in seinen psychedelischen B\u00fchnenshows, alt-\u00e4gyptische Astrologie mit einem zuk\u00fcnftigen Auszug der \u201eAfronauten\u201c in den Weltraum zu verbinden. Heute wird Afrofuturismus Mainstream, wie in dem Hollywood-Blockbuster \u201eBlack Panther: Wakanda Forever\u201c von Ryan Coogler. Die deutsche Schauspielerin Florence Kasumba wurde darin als Weltraum-K\u00e4mpferin Ayo zum international gefeierten Star. Es war auch Zeit f\u00fcr eine schwarze Frau als afrofuturistische Heldin.<\/p>\n<p>20:55:00 +++ \u00d61<br \/>\n<strong>Branford Marsalis Quartet and Kurt Elling: \u201eUpward Spiral\u201c (2016) <\/strong><\/p>\n<p>22:00 bis 00:00 +++ NDR Kultur<br \/>\n<strong>NDR Kultur Neo: Im Rausch der Kl\u00e4nge<\/strong><\/p>\n<p style=\"padding-left: 40px;\">Klassik trifft Neo Classical, Weltmusik, Pop, Jazz oder Electronica. Bei NDR Kultur Neo begleiten wir Sie mit einem grenzenlosen Musikmix durch die letzten Stunden des Tages. Vielf\u00e4ltig, handverlesen und kunstvoll collagiert.<\/p>\n<p>23:00 bis 00:00 +++ rbbKultur<br \/>\n<strong>Late Night Jazz: Jazz Baltica 2023: Karin Hammar &amp; Rita Marcotulli \/ Tingvall Trio<\/strong><\/p>\n<p style=\"padding-left: 40px;\">Karin Hammer ist Posaunistin und stammt aus Schweden. F\u00fcr das Konzert ihrer Band FAB4 ist die italienische Pianisten Rita Marcotulli dazu gekommen. Sie ist eine der gro\u00dfen europ\u00e4ischen Jazzinstrumentalistinnen, die schon mit Chet Baker, Kenny Wheeler und Pat Metheny zusammengearbeitet hat. Auch skandinavisch und auch vom Klavier bestimmt, ist der Sound des Tingvall Trios. Die Band besteht seit 20 Jahren und ist erfolgreicher denn je. Ihr aktuelles Album \u201eBirds\u201c haben sie bei ihrem Jazzbaltica-Konzert vorgestellt. Moderation: Claudia Hartmann<\/p>\n<p>&nbsp;<\/p>\n","protected":false},"excerpt":{"rendered":"<p>Ein kleiner Blick in die Radiowoche 03. Die \u00dcbersicht zum Download als PDF. Alle Angaben ohne Gew\u00e4hr. Erg\u00e4nzt mit den tollen Sendungen zur Neuen Musik von BR-KLASSIK und \u00d61. Inhalt Senderliste: 2 mo \u2013 15.01.2024. 3 di \u2013 16.01.2024. 4 mi \u2013 17.01.2024. 6 do \u2013 18.01.2024. 7 fr \u2013 19.01.2024. 8 sa \u2013 20.01.2024. 9 so \u2013 21.01.2024. 11 Senderliste: ORF \u2013 \u00d61 Deutschlandfunk \u2013 \u201eFakten und mehr\u201c Deutschlandfunk-Kultur \u2013 \u201eDas Feuilleton im Radio\u201c ndr Kultur \u2013 H\u00f6ren und genie\u00dfen radio bremen \u2013 Neugier lohnt sich. rbb-kultur \u2013 DEINE OHREN WERDEN AUGEN MACHEN. mdr-kultur \u2013 Das Radio. wdr3 \u2013 Das Kulturradio hr2-kultur \u2013 Das Kulturradio f\u00fcr Hessen. sr2 Kulturradio \u2013 \u2026 gut zu h\u00f6ren. swr2 \u2013 Kultur neu entdecken BR-KLASSIK \u2013 Klassikstars geben auf BR-KLASSIK den Ton an. Attraktive Magazine bringen Interviews und Neuigkeiten aus dem Musikleben. Bayern 2 \u2013 Preisgekr\u00f6ntes Radio f\u00fcr H\u00f6rer, die mehr wissen wollen mo \u2013 15.01.2024 19:30:00 +++ \u00d61 S\u00e4nger-Cellist Abel Selaocoe und The Bantu Ensemble im November 2023 im Wiener Konzerthaus 22:04 bis 23:00 +++ WDR 3 WDR 3 Jazz: Moderation: G\u00f6tz Alsmann Von den Meilensteinen in der &hellip;<\/p>\n","protected":false},"author":1,"featured_media":30334,"comment_status":"open","ping_status":"closed","sticky":false,"template":"","format":"standard","meta":{"_jetpack_memberships_contains_paid_content":false,"footnotes":"","jetpack_publicize_message":"","jetpack_publicize_feature_enabled":true,"jetpack_social_post_already_shared":false,"jetpack_social_options":{"image_generator_settings":{"template":"highway","default_image_id":0,"font":"","enabled":false},"version":2}},"categories":[633,452],"tags":[3773,1629],"coauthors":[650],"class_list":["post-30451","post","type-post","status-publish","format-standard","has-post-thumbnail","hentry","category-nachrichten","category-radio","tag-die-radiowoche","tag-jazz-im-radio"],"yoast_head":"<!-- This site is optimized with the Yoast SEO plugin v27.5 - https:\/\/yoast.com\/product\/yoast-seo-wordpress\/ -->\n<title>Die erweiterte Jazz-Radiowoche vom 15.01.2024 bis 21.01.2024 - JazzZeitung<\/title>\n<meta name=\"robots\" content=\"index, follow, max-snippet:-1, max-image-preview:large, max-video-preview:-1\" \/>\n<link rel=\"canonical\" href=\"https:\/\/www.jazzzeitung.de\/cms\/2024\/01\/die-erweiterte-jazz-radiowoche-vom-15-01-2024-bis-21-01-2024\/\" \/>\n<meta property=\"og:locale\" content=\"de_DE\" \/>\n<meta property=\"og:type\" content=\"article\" \/>\n<meta property=\"og:title\" content=\"Die erweiterte Jazz-Radiowoche vom 15.01.2024 bis 21.01.2024 - JazzZeitung\" \/>\n<meta property=\"og:description\" content=\"Ein kleiner Blick in die Radiowoche 03. Die \u00dcbersicht zum Download als PDF. Alle Angaben ohne Gew\u00e4hr. Erg\u00e4nzt mit den tollen Sendungen zur Neuen Musik von BR-KLASSIK und \u00d61. Inhalt Senderliste: 2 mo \u2013 15.01.2024. 3 di \u2013 16.01.2024. 4 mi \u2013 17.01.2024. 6 do \u2013 18.01.2024. 7 fr \u2013 19.01.2024. 8 sa \u2013 20.01.2024. 9 so \u2013 21.01.2024. 11 Senderliste: ORF \u2013 \u00d61 Deutschlandfunk \u2013 \u201eFakten und mehr\u201c Deutschlandfunk-Kultur \u2013 \u201eDas Feuilleton im Radio\u201c ndr Kultur \u2013 H\u00f6ren und genie\u00dfen radio bremen \u2013 Neugier lohnt sich. rbb-kultur \u2013 DEINE OHREN WERDEN AUGEN MACHEN. mdr-kultur \u2013 Das Radio. wdr3 \u2013 Das Kulturradio hr2-kultur \u2013 Das Kulturradio f\u00fcr Hessen. sr2 Kulturradio \u2013 \u2026 gut zu h\u00f6ren. swr2 \u2013 Kultur neu entdecken BR-KLASSIK \u2013 Klassikstars geben auf BR-KLASSIK den Ton an. Attraktive Magazine bringen Interviews und Neuigkeiten aus dem Musikleben. Bayern 2 \u2013 Preisgekr\u00f6ntes Radio f\u00fcr H\u00f6rer, die mehr wissen wollen mo \u2013 15.01.2024 19:30:00 +++ \u00d61 S\u00e4nger-Cellist Abel Selaocoe und The Bantu Ensemble im November 2023 im Wiener Konzerthaus 22:04 bis 23:00 +++ WDR 3 WDR 3 Jazz: Moderation: G\u00f6tz Alsmann Von den Meilensteinen in der &hellip;\" \/>\n<meta property=\"og:url\" content=\"https:\/\/www.jazzzeitung.de\/cms\/2024\/01\/die-erweiterte-jazz-radiowoche-vom-15-01-2024-bis-21-01-2024\/\" \/>\n<meta property=\"og:site_name\" content=\"JazzZeitung\" \/>\n<meta property=\"article:publisher\" content=\"https:\/\/www.facebook.com\/JazzZeitung\/\" \/>\n<meta property=\"article:author\" content=\"https:\/\/www.facebook.com\/hufner\" \/>\n<meta property=\"article:published_time\" content=\"2024-01-14T11:00:02+00:00\" \/>\n<meta property=\"og:image\" content=\"https:\/\/i0.wp.com\/www.jazzzeitung.de\/cms\/wp-content\/uploads\/2023\/11\/radio-jazz_journalisten_final.jpg?fit=2048%2C1536&ssl=1\" \/>\n\t<meta property=\"og:image:width\" content=\"2048\" \/>\n\t<meta property=\"og:image:height\" content=\"1536\" \/>\n\t<meta property=\"og:image:type\" content=\"image\/jpeg\" \/>\n<meta name=\"author\" content=\"Martin Hufner\" \/>\n<script type=\"application\/ld+json\" class=\"yoast-schema-graph\">{\"@context\":\"https:\\\/\\\/schema.org\",\"@graph\":[{\"@type\":\"Article\",\"@id\":\"https:\\\/\\\/www.jazzzeitung.de\\\/cms\\\/2024\\\/01\\\/die-erweiterte-jazz-radiowoche-vom-15-01-2024-bis-21-01-2024\\\/#article\",\"isPartOf\":{\"@id\":\"https:\\\/\\\/www.jazzzeitung.de\\\/cms\\\/2024\\\/01\\\/die-erweiterte-jazz-radiowoche-vom-15-01-2024-bis-21-01-2024\\\/\"},\"author\":{\"name\":\"Martin Hufner\",\"@id\":\"https:\\\/\\\/www.jazzzeitung.de\\\/cms\\\/#\\\/schema\\\/person\\\/b9a4e5ac765d94fb8f617bfa8f1fc5f7\"},\"headline\":\"Die erweiterte Jazz-Radiowoche vom 15.01.2024 bis 21.01.2024\",\"datePublished\":\"2024-01-14T11:00:02+00:00\",\"mainEntityOfPage\":{\"@id\":\"https:\\\/\\\/www.jazzzeitung.de\\\/cms\\\/2024\\\/01\\\/die-erweiterte-jazz-radiowoche-vom-15-01-2024-bis-21-01-2024\\\/\"},\"wordCount\":4347,\"commentCount\":0,\"publisher\":{\"@id\":\"https:\\\/\\\/www.jazzzeitung.de\\\/cms\\\/#organization\"},\"image\":{\"@id\":\"https:\\\/\\\/www.jazzzeitung.de\\\/cms\\\/2024\\\/01\\\/die-erweiterte-jazz-radiowoche-vom-15-01-2024-bis-21-01-2024\\\/#primaryimage\"},\"thumbnailUrl\":\"https:\\\/\\\/i0.wp.com\\\/www.jazzzeitung.de\\\/cms\\\/wp-content\\\/uploads\\\/2023\\\/11\\\/radio-jazz_journalisten_final.jpg?fit=2048%2C1536&ssl=1\",\"keywords\":[\"Die Radiowoche\",\"Jazz im Radio\"],\"articleSection\":[\"News\",\"Radio\"],\"inLanguage\":\"de\",\"potentialAction\":[{\"@type\":\"CommentAction\",\"name\":\"Comment\",\"target\":[\"https:\\\/\\\/www.jazzzeitung.de\\\/cms\\\/2024\\\/01\\\/die-erweiterte-jazz-radiowoche-vom-15-01-2024-bis-21-01-2024\\\/#respond\"]}]},{\"@type\":\"WebPage\",\"@id\":\"https:\\\/\\\/www.jazzzeitung.de\\\/cms\\\/2024\\\/01\\\/die-erweiterte-jazz-radiowoche-vom-15-01-2024-bis-21-01-2024\\\/\",\"url\":\"https:\\\/\\\/www.jazzzeitung.de\\\/cms\\\/2024\\\/01\\\/die-erweiterte-jazz-radiowoche-vom-15-01-2024-bis-21-01-2024\\\/\",\"name\":\"Die erweiterte Jazz-Radiowoche vom 15.01.2024 bis 21.01.2024 - JazzZeitung\",\"isPartOf\":{\"@id\":\"https:\\\/\\\/www.jazzzeitung.de\\\/cms\\\/#website\"},\"primaryImageOfPage\":{\"@id\":\"https:\\\/\\\/www.jazzzeitung.de\\\/cms\\\/2024\\\/01\\\/die-erweiterte-jazz-radiowoche-vom-15-01-2024-bis-21-01-2024\\\/#primaryimage\"},\"image\":{\"@id\":\"https:\\\/\\\/www.jazzzeitung.de\\\/cms\\\/2024\\\/01\\\/die-erweiterte-jazz-radiowoche-vom-15-01-2024-bis-21-01-2024\\\/#primaryimage\"},\"thumbnailUrl\":\"https:\\\/\\\/i0.wp.com\\\/www.jazzzeitung.de\\\/cms\\\/wp-content\\\/uploads\\\/2023\\\/11\\\/radio-jazz_journalisten_final.jpg?fit=2048%2C1536&ssl=1\",\"datePublished\":\"2024-01-14T11:00:02+00:00\",\"breadcrumb\":{\"@id\":\"https:\\\/\\\/www.jazzzeitung.de\\\/cms\\\/2024\\\/01\\\/die-erweiterte-jazz-radiowoche-vom-15-01-2024-bis-21-01-2024\\\/#breadcrumb\"},\"inLanguage\":\"de\",\"potentialAction\":[{\"@type\":\"ReadAction\",\"target\":[\"https:\\\/\\\/www.jazzzeitung.de\\\/cms\\\/2024\\\/01\\\/die-erweiterte-jazz-radiowoche-vom-15-01-2024-bis-21-01-2024\\\/\"]}]},{\"@type\":\"ImageObject\",\"inLanguage\":\"de\",\"@id\":\"https:\\\/\\\/www.jazzzeitung.de\\\/cms\\\/2024\\\/01\\\/die-erweiterte-jazz-radiowoche-vom-15-01-2024-bis-21-01-2024\\\/#primaryimage\",\"url\":\"https:\\\/\\\/i0.wp.com\\\/www.jazzzeitung.de\\\/cms\\\/wp-content\\\/uploads\\\/2023\\\/11\\\/radio-jazz_journalisten_final.jpg?fit=2048%2C1536&ssl=1\",\"contentUrl\":\"https:\\\/\\\/i0.wp.com\\\/www.jazzzeitung.de\\\/cms\\\/wp-content\\\/uploads\\\/2023\\\/11\\\/radio-jazz_journalisten_final.jpg?fit=2048%2C1536&ssl=1\",\"width\":2048,\"height\":1536,\"caption\":\"Jazz im Radio\"},{\"@type\":\"BreadcrumbList\",\"@id\":\"https:\\\/\\\/www.jazzzeitung.de\\\/cms\\\/2024\\\/01\\\/die-erweiterte-jazz-radiowoche-vom-15-01-2024-bis-21-01-2024\\\/#breadcrumb\",\"itemListElement\":[{\"@type\":\"ListItem\",\"position\":1,\"name\":\"Startseite\",\"item\":\"https:\\\/\\\/www.jazzzeitung.de\\\/cms\\\/\"},{\"@type\":\"ListItem\",\"position\":2,\"name\":\"Die erweiterte Jazz-Radiowoche vom 15.01.2024 bis 21.01.2024\"}]},{\"@type\":\"WebSite\",\"@id\":\"https:\\\/\\\/www.jazzzeitung.de\\\/cms\\\/#website\",\"url\":\"https:\\\/\\\/www.jazzzeitung.de\\\/cms\\\/\",\"name\":\"JazzZeitung\",\"description\":\"Jazz-News und Jazz-Kontroverses\",\"publisher\":{\"@id\":\"https:\\\/\\\/www.jazzzeitung.de\\\/cms\\\/#organization\"},\"potentialAction\":[{\"@type\":\"SearchAction\",\"target\":{\"@type\":\"EntryPoint\",\"urlTemplate\":\"https:\\\/\\\/www.jazzzeitung.de\\\/cms\\\/?s={search_term_string}\"},\"query-input\":{\"@type\":\"PropertyValueSpecification\",\"valueRequired\":true,\"valueName\":\"search_term_string\"}}],\"inLanguage\":\"de\"},{\"@type\":\"Organization\",\"@id\":\"https:\\\/\\\/www.jazzzeitung.de\\\/cms\\\/#organization\",\"name\":\"JazzZeitung online\",\"url\":\"https:\\\/\\\/www.jazzzeitung.de\\\/cms\\\/\",\"logo\":{\"@type\":\"ImageObject\",\"inLanguage\":\"de\",\"@id\":\"https:\\\/\\\/www.jazzzeitung.de\\\/cms\\\/#\\\/schema\\\/logo\\\/image\\\/\",\"url\":\"https:\\\/\\\/i0.wp.com\\\/www.jazzzeitung.de\\\/cms\\\/wp-content\\\/uploads\\\/2015\\\/08\\\/JAZZZEITUNGDE_Logo_Neu.png?fit=499%2C200&ssl=1\",\"contentUrl\":\"https:\\\/\\\/i0.wp.com\\\/www.jazzzeitung.de\\\/cms\\\/wp-content\\\/uploads\\\/2015\\\/08\\\/JAZZZEITUNGDE_Logo_Neu.png?fit=499%2C200&ssl=1\",\"width\":499,\"height\":200,\"caption\":\"JazzZeitung online\"},\"image\":{\"@id\":\"https:\\\/\\\/www.jazzzeitung.de\\\/cms\\\/#\\\/schema\\\/logo\\\/image\\\/\"},\"sameAs\":[\"https:\\\/\\\/www.facebook.com\\\/JazzZeitung\\\/\"]},{\"@type\":\"Person\",\"@id\":\"https:\\\/\\\/www.jazzzeitung.de\\\/cms\\\/#\\\/schema\\\/person\\\/b9a4e5ac765d94fb8f617bfa8f1fc5f7\",\"name\":\"Martin Hufner\",\"image\":{\"@type\":\"ImageObject\",\"inLanguage\":\"de\",\"@id\":\"https:\\\/\\\/i0.wp.com\\\/www.jazzzeitung.de\\\/cms\\\/wp-content\\\/uploads\\\/2013\\\/07\\\/huf-06.jpg?resize=96%2C96&ssl=15fcc31aa94540751a3b804516452be00\",\"url\":\"https:\\\/\\\/i0.wp.com\\\/www.jazzzeitung.de\\\/cms\\\/wp-content\\\/uploads\\\/2013\\\/07\\\/huf-06.jpg?resize=96%2C96&ssl=1\",\"contentUrl\":\"https:\\\/\\\/i0.wp.com\\\/www.jazzzeitung.de\\\/cms\\\/wp-content\\\/uploads\\\/2013\\\/07\\\/huf-06.jpg?resize=96%2C96&ssl=1\",\"caption\":\"Martin Hufner\"},\"description\":\"Martin Hufner ist freier Autor der JazzZeitung.\",\"sameAs\":[\"https:\\\/\\\/www.kritische-masse.de\\\/logbuch\",\"https:\\\/\\\/www.facebook.com\\\/hufner\"],\"url\":\"https:\\\/\\\/www.jazzzeitung.de\\\/cms\\\/author\\\/admin\\\/\"}]}<\/script>\n<!-- \/ Yoast SEO plugin. -->","yoast_head_json":{"title":"Die erweiterte Jazz-Radiowoche vom 15.01.2024 bis 21.01.2024 - JazzZeitung","robots":{"index":"index","follow":"follow","max-snippet":"max-snippet:-1","max-image-preview":"max-image-preview:large","max-video-preview":"max-video-preview:-1"},"canonical":"https:\/\/www.jazzzeitung.de\/cms\/2024\/01\/die-erweiterte-jazz-radiowoche-vom-15-01-2024-bis-21-01-2024\/","og_locale":"de_DE","og_type":"article","og_title":"Die erweiterte Jazz-Radiowoche vom 15.01.2024 bis 21.01.2024 - JazzZeitung","og_description":"Ein kleiner Blick in die Radiowoche 03. Die \u00dcbersicht zum Download als PDF. Alle Angaben ohne Gew\u00e4hr. Erg\u00e4nzt mit den tollen Sendungen zur Neuen Musik von BR-KLASSIK und \u00d61. Inhalt Senderliste: 2 mo \u2013 15.01.2024. 3 di \u2013 16.01.2024. 4 mi \u2013 17.01.2024. 6 do \u2013 18.01.2024. 7 fr \u2013 19.01.2024. 8 sa \u2013 20.01.2024. 9 so \u2013 21.01.2024. 11 Senderliste: ORF \u2013 \u00d61 Deutschlandfunk \u2013 \u201eFakten und mehr\u201c Deutschlandfunk-Kultur \u2013 \u201eDas Feuilleton im Radio\u201c ndr Kultur \u2013 H\u00f6ren und genie\u00dfen radio bremen \u2013 Neugier lohnt sich. rbb-kultur \u2013 DEINE OHREN WERDEN AUGEN MACHEN. mdr-kultur \u2013 Das Radio. wdr3 \u2013 Das Kulturradio hr2-kultur \u2013 Das Kulturradio f\u00fcr Hessen. sr2 Kulturradio \u2013 \u2026 gut zu h\u00f6ren. swr2 \u2013 Kultur neu entdecken BR-KLASSIK \u2013 Klassikstars geben auf BR-KLASSIK den Ton an. Attraktive Magazine bringen Interviews und Neuigkeiten aus dem Musikleben. Bayern 2 \u2013 Preisgekr\u00f6ntes Radio f\u00fcr H\u00f6rer, die mehr wissen wollen mo \u2013 15.01.2024 19:30:00 +++ \u00d61 S\u00e4nger-Cellist Abel Selaocoe und The Bantu Ensemble im November 2023 im Wiener Konzerthaus 22:04 bis 23:00 +++ WDR 3 WDR 3 Jazz: Moderation: G\u00f6tz Alsmann Von den Meilensteinen in der &hellip;","og_url":"https:\/\/www.jazzzeitung.de\/cms\/2024\/01\/die-erweiterte-jazz-radiowoche-vom-15-01-2024-bis-21-01-2024\/","og_site_name":"JazzZeitung","article_publisher":"https:\/\/www.facebook.com\/JazzZeitung\/","article_author":"https:\/\/www.facebook.com\/hufner","article_published_time":"2024-01-14T11:00:02+00:00","og_image":[{"width":2048,"height":1536,"url":"https:\/\/i0.wp.com\/www.jazzzeitung.de\/cms\/wp-content\/uploads\/2023\/11\/radio-jazz_journalisten_final.jpg?fit=2048%2C1536&ssl=1","type":"image\/jpeg"}],"author":"Martin Hufner","schema":{"@context":"https:\/\/schema.org","@graph":[{"@type":"Article","@id":"https:\/\/www.jazzzeitung.de\/cms\/2024\/01\/die-erweiterte-jazz-radiowoche-vom-15-01-2024-bis-21-01-2024\/#article","isPartOf":{"@id":"https:\/\/www.jazzzeitung.de\/cms\/2024\/01\/die-erweiterte-jazz-radiowoche-vom-15-01-2024-bis-21-01-2024\/"},"author":{"name":"Martin Hufner","@id":"https:\/\/www.jazzzeitung.de\/cms\/#\/schema\/person\/b9a4e5ac765d94fb8f617bfa8f1fc5f7"},"headline":"Die erweiterte Jazz-Radiowoche vom 15.01.2024 bis 21.01.2024","datePublished":"2024-01-14T11:00:02+00:00","mainEntityOfPage":{"@id":"https:\/\/www.jazzzeitung.de\/cms\/2024\/01\/die-erweiterte-jazz-radiowoche-vom-15-01-2024-bis-21-01-2024\/"},"wordCount":4347,"commentCount":0,"publisher":{"@id":"https:\/\/www.jazzzeitung.de\/cms\/#organization"},"image":{"@id":"https:\/\/www.jazzzeitung.de\/cms\/2024\/01\/die-erweiterte-jazz-radiowoche-vom-15-01-2024-bis-21-01-2024\/#primaryimage"},"thumbnailUrl":"https:\/\/i0.wp.com\/www.jazzzeitung.de\/cms\/wp-content\/uploads\/2023\/11\/radio-jazz_journalisten_final.jpg?fit=2048%2C1536&ssl=1","keywords":["Die Radiowoche","Jazz im Radio"],"articleSection":["News","Radio"],"inLanguage":"de","potentialAction":[{"@type":"CommentAction","name":"Comment","target":["https:\/\/www.jazzzeitung.de\/cms\/2024\/01\/die-erweiterte-jazz-radiowoche-vom-15-01-2024-bis-21-01-2024\/#respond"]}]},{"@type":"WebPage","@id":"https:\/\/www.jazzzeitung.de\/cms\/2024\/01\/die-erweiterte-jazz-radiowoche-vom-15-01-2024-bis-21-01-2024\/","url":"https:\/\/www.jazzzeitung.de\/cms\/2024\/01\/die-erweiterte-jazz-radiowoche-vom-15-01-2024-bis-21-01-2024\/","name":"Die erweiterte Jazz-Radiowoche vom 15.01.2024 bis 21.01.2024 - JazzZeitung","isPartOf":{"@id":"https:\/\/www.jazzzeitung.de\/cms\/#website"},"primaryImageOfPage":{"@id":"https:\/\/www.jazzzeitung.de\/cms\/2024\/01\/die-erweiterte-jazz-radiowoche-vom-15-01-2024-bis-21-01-2024\/#primaryimage"},"image":{"@id":"https:\/\/www.jazzzeitung.de\/cms\/2024\/01\/die-erweiterte-jazz-radiowoche-vom-15-01-2024-bis-21-01-2024\/#primaryimage"},"thumbnailUrl":"https:\/\/i0.wp.com\/www.jazzzeitung.de\/cms\/wp-content\/uploads\/2023\/11\/radio-jazz_journalisten_final.jpg?fit=2048%2C1536&ssl=1","datePublished":"2024-01-14T11:00:02+00:00","breadcrumb":{"@id":"https:\/\/www.jazzzeitung.de\/cms\/2024\/01\/die-erweiterte-jazz-radiowoche-vom-15-01-2024-bis-21-01-2024\/#breadcrumb"},"inLanguage":"de","potentialAction":[{"@type":"ReadAction","target":["https:\/\/www.jazzzeitung.de\/cms\/2024\/01\/die-erweiterte-jazz-radiowoche-vom-15-01-2024-bis-21-01-2024\/"]}]},{"@type":"ImageObject","inLanguage":"de","@id":"https:\/\/www.jazzzeitung.de\/cms\/2024\/01\/die-erweiterte-jazz-radiowoche-vom-15-01-2024-bis-21-01-2024\/#primaryimage","url":"https:\/\/i0.wp.com\/www.jazzzeitung.de\/cms\/wp-content\/uploads\/2023\/11\/radio-jazz_journalisten_final.jpg?fit=2048%2C1536&ssl=1","contentUrl":"https:\/\/i0.wp.com\/www.jazzzeitung.de\/cms\/wp-content\/uploads\/2023\/11\/radio-jazz_journalisten_final.jpg?fit=2048%2C1536&ssl=1","width":2048,"height":1536,"caption":"Jazz im Radio"},{"@type":"BreadcrumbList","@id":"https:\/\/www.jazzzeitung.de\/cms\/2024\/01\/die-erweiterte-jazz-radiowoche-vom-15-01-2024-bis-21-01-2024\/#breadcrumb","itemListElement":[{"@type":"ListItem","position":1,"name":"Startseite","item":"https:\/\/www.jazzzeitung.de\/cms\/"},{"@type":"ListItem","position":2,"name":"Die erweiterte Jazz-Radiowoche vom 15.01.2024 bis 21.01.2024"}]},{"@type":"WebSite","@id":"https:\/\/www.jazzzeitung.de\/cms\/#website","url":"https:\/\/www.jazzzeitung.de\/cms\/","name":"JazzZeitung","description":"Jazz-News und Jazz-Kontroverses","publisher":{"@id":"https:\/\/www.jazzzeitung.de\/cms\/#organization"},"potentialAction":[{"@type":"SearchAction","target":{"@type":"EntryPoint","urlTemplate":"https:\/\/www.jazzzeitung.de\/cms\/?s={search_term_string}"},"query-input":{"@type":"PropertyValueSpecification","valueRequired":true,"valueName":"search_term_string"}}],"inLanguage":"de"},{"@type":"Organization","@id":"https:\/\/www.jazzzeitung.de\/cms\/#organization","name":"JazzZeitung online","url":"https:\/\/www.jazzzeitung.de\/cms\/","logo":{"@type":"ImageObject","inLanguage":"de","@id":"https:\/\/www.jazzzeitung.de\/cms\/#\/schema\/logo\/image\/","url":"https:\/\/i0.wp.com\/www.jazzzeitung.de\/cms\/wp-content\/uploads\/2015\/08\/JAZZZEITUNGDE_Logo_Neu.png?fit=499%2C200&ssl=1","contentUrl":"https:\/\/i0.wp.com\/www.jazzzeitung.de\/cms\/wp-content\/uploads\/2015\/08\/JAZZZEITUNGDE_Logo_Neu.png?fit=499%2C200&ssl=1","width":499,"height":200,"caption":"JazzZeitung online"},"image":{"@id":"https:\/\/www.jazzzeitung.de\/cms\/#\/schema\/logo\/image\/"},"sameAs":["https:\/\/www.facebook.com\/JazzZeitung\/"]},{"@type":"Person","@id":"https:\/\/www.jazzzeitung.de\/cms\/#\/schema\/person\/b9a4e5ac765d94fb8f617bfa8f1fc5f7","name":"Martin Hufner","image":{"@type":"ImageObject","inLanguage":"de","@id":"https:\/\/i0.wp.com\/www.jazzzeitung.de\/cms\/wp-content\/uploads\/2013\/07\/huf-06.jpg?resize=96%2C96&ssl=15fcc31aa94540751a3b804516452be00","url":"https:\/\/i0.wp.com\/www.jazzzeitung.de\/cms\/wp-content\/uploads\/2013\/07\/huf-06.jpg?resize=96%2C96&ssl=1","contentUrl":"https:\/\/i0.wp.com\/www.jazzzeitung.de\/cms\/wp-content\/uploads\/2013\/07\/huf-06.jpg?resize=96%2C96&ssl=1","caption":"Martin Hufner"},"description":"Martin Hufner ist freier Autor der JazzZeitung.","sameAs":["https:\/\/www.kritische-masse.de\/logbuch","https:\/\/www.facebook.com\/hufner"],"url":"https:\/\/www.jazzzeitung.de\/cms\/author\/admin\/"}]}},"wp-worthy-pixel":{"ignored":true,"public":null,"server":null,"url":null},"wp-worthy-type":"normal","jetpack_publicize_connections":[],"cc_featured_image_caption":{"caption_text":"Jazz im Radio.","source_text":"Montage: Hufner","source_url":"https:\/\/www.kritische-masse.de\/logbuch"},"jetpack_featured_media_url":"https:\/\/i0.wp.com\/www.jazzzeitung.de\/cms\/wp-content\/uploads\/2023\/11\/radio-jazz_journalisten_final.jpg?fit=2048%2C1536&ssl=1","jetpack_shortlink":"https:\/\/wp.me\/p3KEcT-7V9","jetpack-related-posts":[{"id":22236,"url":"https:\/\/www.jazzzeitung.de\/cms\/2020\/03\/die-jazz-radiowoche-vom-30-03-20-bis-05-04-20\/","url_meta":{"origin":30451,"position":0},"title":"Die Jazz-Radiowoche vom 30.03.20 bis 05.04.20","author":"Martin Hufner","date":"29. M\u00e4rz 2020","format":false,"excerpt":"Ein kleiner Blick in die Jazzwoche 14 im Radio. Alle Angaben ohne Gew\u00e4hr. Jazz im Radio (Fernsehen) SR2 \u2013 JazzNow \u2013 Sonntags von 20.04 bis 22.30 Uhr BR-KLASSIK \u2013 Jazztime \u2013 Von Montag bis Freitag t\u00e4glich um 23.05 Uhr rbb-kultur \u2013 Late Night Jazz \u2013 Sa und So 23:04 \u2013\u2026","rel":"","context":"In &quot;News&quot;","block_context":{"text":"News","link":"https:\/\/www.jazzzeitung.de\/cms\/thema\/nachrichten\/"},"img":{"alt_text":"Jazz im Radio. Foto: Hufner","src":"https:\/\/i0.wp.com\/www.jazzzeitung.de\/cms\/wp-content\/uploads\/2019\/03\/jazz_im_radio.jpg?fit=1200%2C773&ssl=1&resize=350%2C200","width":350,"height":200,"srcset":"https:\/\/i0.wp.com\/www.jazzzeitung.de\/cms\/wp-content\/uploads\/2019\/03\/jazz_im_radio.jpg?fit=1200%2C773&ssl=1&resize=350%2C200 1x, https:\/\/i0.wp.com\/www.jazzzeitung.de\/cms\/wp-content\/uploads\/2019\/03\/jazz_im_radio.jpg?fit=1200%2C773&ssl=1&resize=525%2C300 1.5x, https:\/\/i0.wp.com\/www.jazzzeitung.de\/cms\/wp-content\/uploads\/2019\/03\/jazz_im_radio.jpg?fit=1200%2C773&ssl=1&resize=700%2C400 2x, https:\/\/i0.wp.com\/www.jazzzeitung.de\/cms\/wp-content\/uploads\/2019\/03\/jazz_im_radio.jpg?fit=1200%2C773&ssl=1&resize=1050%2C600 3x"},"classes":[]},{"id":23939,"url":"https:\/\/www.jazzzeitung.de\/cms\/2020\/12\/die-jazz-radiowoche-vom-7-12-20-bis-13-12-2020\/","url_meta":{"origin":30451,"position":1},"title":"Die Jazz-Radiowoche vom 7.12.20 bis 13.12.2020","author":"Martin Hufner","date":"6. Dezember 2020","format":false,"excerpt":"Ein kleiner Blick in die Jazzwoche 50 im Radio. Der ist dieses mal so klein, es steht da n\u00e4mlich gar nichts drin.Grund daf\u00fcr: Die Suchmaschine f\u00fcr Radiosendungen der ARD gibt am dem 7.12.2020 keine Ergebnisse heraus. Versuche der Kontaktaufnahme mit der ARD sind ohne Echo verhallt. Aktuell bleibt es bei\u2026","rel":"","context":"In &quot;News&quot;","block_context":{"text":"News","link":"https:\/\/www.jazzzeitung.de\/cms\/thema\/nachrichten\/"},"img":{"alt_text":"Jazz im Radio. Foto: Hufner","src":"https:\/\/i0.wp.com\/www.jazzzeitung.de\/cms\/wp-content\/uploads\/2019\/03\/jazz_im_radio.jpg?fit=1200%2C773&ssl=1&resize=350%2C200","width":350,"height":200,"srcset":"https:\/\/i0.wp.com\/www.jazzzeitung.de\/cms\/wp-content\/uploads\/2019\/03\/jazz_im_radio.jpg?fit=1200%2C773&ssl=1&resize=350%2C200 1x, https:\/\/i0.wp.com\/www.jazzzeitung.de\/cms\/wp-content\/uploads\/2019\/03\/jazz_im_radio.jpg?fit=1200%2C773&ssl=1&resize=525%2C300 1.5x, https:\/\/i0.wp.com\/www.jazzzeitung.de\/cms\/wp-content\/uploads\/2019\/03\/jazz_im_radio.jpg?fit=1200%2C773&ssl=1&resize=700%2C400 2x, https:\/\/i0.wp.com\/www.jazzzeitung.de\/cms\/wp-content\/uploads\/2019\/03\/jazz_im_radio.jpg?fit=1200%2C773&ssl=1&resize=1050%2C600 3x"},"classes":[]},{"id":23982,"url":"https:\/\/www.jazzzeitung.de\/cms\/2020\/12\/die-jazz-radiowoche-vom-14-12-20-bis-31-12-2020\/","url_meta":{"origin":30451,"position":2},"title":"Die Jazz-Radiowoche vom 14.12.20 bis 31.12.2020","author":"Martin Hufner","date":"13. Dezember 2020","format":false,"excerpt":"Ein kleiner Blick in Restmonat. Die Suchmaschine der ARD hat ihren Dienst am 7.12.2020 eingestellt. Nachfragen haben nur gezeigt, dass die Veranwortlichen kein Interesse daran haben, das zu kommunizieren. Weder ist herauszubekommen, wer das veranlasst hat noch warum. Danke ARD! F\u00fcr nichts. Jetzt schauen wir mal, wie es weiter geht.\u2026","rel":"","context":"In &quot;News&quot;","block_context":{"text":"News","link":"https:\/\/www.jazzzeitung.de\/cms\/thema\/nachrichten\/"},"img":{"alt_text":"Jazz im Radio. Foto: Hufner","src":"https:\/\/i0.wp.com\/www.jazzzeitung.de\/cms\/wp-content\/uploads\/2019\/03\/jazz_im_radio.jpg?fit=1200%2C773&ssl=1&resize=350%2C200","width":350,"height":200,"srcset":"https:\/\/i0.wp.com\/www.jazzzeitung.de\/cms\/wp-content\/uploads\/2019\/03\/jazz_im_radio.jpg?fit=1200%2C773&ssl=1&resize=350%2C200 1x, https:\/\/i0.wp.com\/www.jazzzeitung.de\/cms\/wp-content\/uploads\/2019\/03\/jazz_im_radio.jpg?fit=1200%2C773&ssl=1&resize=525%2C300 1.5x, https:\/\/i0.wp.com\/www.jazzzeitung.de\/cms\/wp-content\/uploads\/2019\/03\/jazz_im_radio.jpg?fit=1200%2C773&ssl=1&resize=700%2C400 2x, https:\/\/i0.wp.com\/www.jazzzeitung.de\/cms\/wp-content\/uploads\/2019\/03\/jazz_im_radio.jpg?fit=1200%2C773&ssl=1&resize=1050%2C600 3x"},"classes":[]},{"id":31928,"url":"https:\/\/www.jazzzeitung.de\/cms\/2024\/11\/die-geschmolzene-jazz-radiowoche-vom-25-11-2024-bis-01-12-2024\/","url_meta":{"origin":30451,"position":3},"title":"Die geschmolzene Jazz-Radiowoche vom 25.11.2024 bis 01.12.2024","author":"Martin Hufner","date":"24. November 2024","format":false,"excerpt":"Jazz im Radio \u2013 Jeden Sonntag gibt es um 12 Uhr unsere \u00dcbersicht f\u00fcr die jeweils nachfolgende Woche. Die #Jazz-Radiowoche vom 25. November bis zum 1. Dezember 2024. Erheblich ausged\u00fcnnt. Die ARD schafft ihr Radio gewisserma\u00dfen ab. Auch als PDF zum Download \u2013 #Jazz #JazzZeitung #Radio #Radiowoche \u2013 Ein Service\u2026","rel":"","context":"In &quot;News&quot;","block_context":{"text":"News","link":"https:\/\/www.jazzzeitung.de\/cms\/thema\/nachrichten\/"},"img":{"alt_text":"zugfahrt 2023 1. MH","src":"https:\/\/i0.wp.com\/www.jazzzeitung.de\/cms\/wp-content\/uploads\/2024\/11\/zugfahrt2023-1.-MH.jpg?fit=1200%2C900&ssl=1&resize=350%2C200","width":350,"height":200,"srcset":"https:\/\/i0.wp.com\/www.jazzzeitung.de\/cms\/wp-content\/uploads\/2024\/11\/zugfahrt2023-1.-MH.jpg?fit=1200%2C900&ssl=1&resize=350%2C200 1x, https:\/\/i0.wp.com\/www.jazzzeitung.de\/cms\/wp-content\/uploads\/2024\/11\/zugfahrt2023-1.-MH.jpg?fit=1200%2C900&ssl=1&resize=525%2C300 1.5x, https:\/\/i0.wp.com\/www.jazzzeitung.de\/cms\/wp-content\/uploads\/2024\/11\/zugfahrt2023-1.-MH.jpg?fit=1200%2C900&ssl=1&resize=700%2C400 2x, https:\/\/i0.wp.com\/www.jazzzeitung.de\/cms\/wp-content\/uploads\/2024\/11\/zugfahrt2023-1.-MH.jpg?fit=1200%2C900&ssl=1&resize=1050%2C600 3x"},"classes":[]},{"id":32452,"url":"https:\/\/www.jazzzeitung.de\/cms\/2025\/04\/die-eingeschmolzene-jazz-radiowoche-vom-21-04-2025-bis-27-04-2025\/","url_meta":{"origin":30451,"position":4},"title":"Die eingeschmolzene Jazz-Radiowoche vom 21.04.2025 bis 27.04.2025","author":"Martin Hufner","date":"20. April 2025","format":false,"excerpt":"Jazz im Radio \u2013 Jeden Sonntag gibt es um 12 Uhr unsere \u00dcbersicht f\u00fcr die jeweils nachfolgende Woche. Die #Jazz-Radiowoche vom 21. bis 27. April 2025. Erheblich ausged\u00fcnnt. Auch als PDF zum Download \u2013 #Jazz #JazzZeitung #Radio #Radiowoche \u2013 Ein Service unserer Online-Redaktion.","rel":"","context":"In &quot;News&quot;","block_context":{"text":"News","link":"https:\/\/www.jazzzeitung.de\/cms\/thema\/nachrichten\/"},"img":{"alt_text":"Kn\u00f6pfe. Foto: Hufner","src":"https:\/\/i0.wp.com\/www.jazzzeitung.de\/cms\/wp-content\/uploads\/2025\/04\/knoepfe.jpg?fit=1200%2C900&ssl=1&resize=350%2C200","width":350,"height":200,"srcset":"https:\/\/i0.wp.com\/www.jazzzeitung.de\/cms\/wp-content\/uploads\/2025\/04\/knoepfe.jpg?fit=1200%2C900&ssl=1&resize=350%2C200 1x, https:\/\/i0.wp.com\/www.jazzzeitung.de\/cms\/wp-content\/uploads\/2025\/04\/knoepfe.jpg?fit=1200%2C900&ssl=1&resize=525%2C300 1.5x, https:\/\/i0.wp.com\/www.jazzzeitung.de\/cms\/wp-content\/uploads\/2025\/04\/knoepfe.jpg?fit=1200%2C900&ssl=1&resize=700%2C400 2x, https:\/\/i0.wp.com\/www.jazzzeitung.de\/cms\/wp-content\/uploads\/2025\/04\/knoepfe.jpg?fit=1200%2C900&ssl=1&resize=1050%2C600 3x"},"classes":[]},{"id":31875,"url":"https:\/\/www.jazzzeitung.de\/cms\/2024\/11\/die-geschmolzene-jazz-radiowoche-vom-18-11-2024-bis-24-11-2024\/","url_meta":{"origin":30451,"position":5},"title":"Die geschmolzene Jazz-Radiowoche vom 18.11.2024 bis 24.11.2024","author":"Martin Hufner","date":"17. November 2024","format":false,"excerpt":"Jazz im Radio \u2013 Jeden Sonntag gibt es um 12 Uhr unsere \u00dcbersicht f\u00fcr die jeweils nachfolgende Woche. Die #Jazz-Radiowoche vom 18. bis 24. November 2024. Erheblich ausged\u00fcnnt. Die ARD schafft ihr Radio gewisserma\u00dfen ab. Auch als PDF zum Download \u2013 #Jazz #JazzZeitung #Radio #Radiowoche \u2013 Ein Service unserer Online-Redaktion.","rel":"","context":"In &quot;News&quot;","block_context":{"text":"News","link":"https:\/\/www.jazzzeitung.de\/cms\/thema\/nachrichten\/"},"img":{"alt_text":"Schnitt durch Strom. MH","src":"https:\/\/i0.wp.com\/www.jazzzeitung.de\/cms\/wp-content\/uploads\/2024\/11\/Schnitt-durch-Strom.-MH.jpg?fit=1200%2C1200&ssl=1&resize=350%2C200","width":350,"height":200,"srcset":"https:\/\/i0.wp.com\/www.jazzzeitung.de\/cms\/wp-content\/uploads\/2024\/11\/Schnitt-durch-Strom.-MH.jpg?fit=1200%2C1200&ssl=1&resize=350%2C200 1x, https:\/\/i0.wp.com\/www.jazzzeitung.de\/cms\/wp-content\/uploads\/2024\/11\/Schnitt-durch-Strom.-MH.jpg?fit=1200%2C1200&ssl=1&resize=525%2C300 1.5x, https:\/\/i0.wp.com\/www.jazzzeitung.de\/cms\/wp-content\/uploads\/2024\/11\/Schnitt-durch-Strom.-MH.jpg?fit=1200%2C1200&ssl=1&resize=700%2C400 2x, https:\/\/i0.wp.com\/www.jazzzeitung.de\/cms\/wp-content\/uploads\/2024\/11\/Schnitt-durch-Strom.-MH.jpg?fit=1200%2C1200&ssl=1&resize=1050%2C600 3x"},"classes":[]}],"jetpack_sharing_enabled":false,"_links":{"self":[{"href":"https:\/\/www.jazzzeitung.de\/cms\/wp-json\/wp\/v2\/posts\/30451","targetHints":{"allow":["GET"]}}],"collection":[{"href":"https:\/\/www.jazzzeitung.de\/cms\/wp-json\/wp\/v2\/posts"}],"about":[{"href":"https:\/\/www.jazzzeitung.de\/cms\/wp-json\/wp\/v2\/types\/post"}],"author":[{"embeddable":true,"href":"https:\/\/www.jazzzeitung.de\/cms\/wp-json\/wp\/v2\/users\/1"}],"replies":[{"embeddable":true,"href":"https:\/\/www.jazzzeitung.de\/cms\/wp-json\/wp\/v2\/comments?post=30451"}],"version-history":[{"count":1,"href":"https:\/\/www.jazzzeitung.de\/cms\/wp-json\/wp\/v2\/posts\/30451\/revisions"}],"predecessor-version":[{"id":30452,"href":"https:\/\/www.jazzzeitung.de\/cms\/wp-json\/wp\/v2\/posts\/30451\/revisions\/30452"}],"wp:featuredmedia":[{"embeddable":true,"href":"https:\/\/www.jazzzeitung.de\/cms\/wp-json\/wp\/v2\/media\/30334"}],"wp:attachment":[{"href":"https:\/\/www.jazzzeitung.de\/cms\/wp-json\/wp\/v2\/media?parent=30451"}],"wp:term":[{"taxonomy":"category","embeddable":true,"href":"https:\/\/www.jazzzeitung.de\/cms\/wp-json\/wp\/v2\/categories?post=30451"},{"taxonomy":"post_tag","embeddable":true,"href":"https:\/\/www.jazzzeitung.de\/cms\/wp-json\/wp\/v2\/tags?post=30451"},{"taxonomy":"author","embeddable":true,"href":"https:\/\/www.jazzzeitung.de\/cms\/wp-json\/wp\/v2\/coauthors?post=30451"}],"curies":[{"name":"wp","href":"https:\/\/api.w.org\/{rel}","templated":true}]}}