{"id":30439,"date":"2023-12-30T09:21:00","date_gmt":"2023-12-30T08:21:00","guid":{"rendered":"https:\/\/www.jazzzeitung.de\/cms\/?p=30439"},"modified":"2023-12-21T18:21:29","modified_gmt":"2023-12-21T17:21:29","slug":"alle-jahre-wieder-weihnachtskonzert-der-jazzrausch-bigband-und-der-muenchner-symphoniker","status":"publish","type":"post","link":"https:\/\/www.jazzzeitung.de\/cms\/2023\/12\/alle-jahre-wieder-weihnachtskonzert-der-jazzrausch-bigband-und-der-muenchner-symphoniker\/","title":{"rendered":"Alle Jahre wieder \u2013 Weihnachtskonzert der Jazzrausch-Bigband und der M\u00fcnchner Symphoniker"},"content":{"rendered":"<p><strong>Alle Jahre wieder&#8230; kommt nicht nur das Christuskind, sondern auch die Jazzrausch-Bigband. N\u00e4mlich zu swingenden Weihnachtskonzerten. Und das von Anfang an, seit ihrer Gr\u00fcndung 2014, und mittlerweile auch deutschlandweit.<\/strong><\/p>\n<p>Der so umtriebige wie gesch\u00e4ftst\u00fcchtige Band-Gr\u00fcnder und -Leiter Roman Sladek ist mit seinem Weihnachts-Projekt auch beim weihnachtsaffinen Label ACT auf offene Ohren gesto\u00dfen; nach dem ersten Album mit dem dieser Bigband Hohn sprechenden Titel \u201eStill! Still! Still!\u201c folgte folgerichtig im letzten Jahr \u201eAlle Jahre wieder!\u201c. In M\u00fcnchen gab es heuer mit diesem Programm nach einem Doppelkonzert im Jazzclub Unterfahrt auch wieder ein Weihnachtskonzert in der Isarphilharmonie. Und da Sladek und die JRBB immer f\u00fcr \u00dcberraschungen gut und auf der Suche nach Neuem und Ausgefallenem sind, dachte man sich f\u00fcr das Gasteig-Ausweichquartier etwas Besonderes aus. Zusammen mit den ebenso experimentierfreudigen M\u00fcnchner Symphonikern tat man sich mit Unterst\u00fctzung der Stadt M\u00fcnchen f\u00fcr ein weiteres Doppelkonzert zu einem fast 80-k\u00f6pfigen Klangk\u00f6rper zusammen, wie er in den USA in den 30-er Jahren beliebt war.<\/p>\n<div class=\"tiled-gallery type-rectangular tiled-gallery-unresized\" data-original-width=\"840\" data-carousel-extra='{&quot;blog_id&quot;:1,&quot;permalink&quot;:&quot;https:\\\/\\\/www.jazzzeitung.de\\\/cms\\\/2023\\\/12\\\/alle-jahre-wieder-weihnachtskonzert-der-jazzrausch-bigband-und-der-muenchner-symphoniker\\\/&quot;,&quot;likes_blog_id&quot;:55446655}' itemscope itemtype=\"http:\/\/schema.org\/ImageGallery\" > <div class=\"gallery-row\" style=\"width: 840px; height: 224px;\" data-original-width=\"840\" data-original-height=\"224\" > <div class=\"gallery-group images-1\" style=\"width: 336px; height: 224px;\" data-original-width=\"336\" data-original-height=\"224\" > <div class=\"tiled-gallery-item tiled-gallery-item-large\" itemprop=\"associatedMedia\" itemscope itemtype=\"http:\/\/schema.org\/ImageObject\"> <a href=\"https:\/\/www.jazzzeitung.de\/cms\/2023\/12\/alle-jahre-wieder-weihnachtskonzert-der-jazzrausch-bigband-und-der-muenchner-symphoniker\/rennermoritz-jrbbmsymphonikergodehard-lutzbayern-mail-de_imgp4760b\/\" border=\"0\" itemprop=\"url\"> <meta itemprop=\"width\" content=\"332\"> <meta itemprop=\"height\" content=\"220\"> <img decoding=\"async\" class=\"\" data-attachment-id=\"30442\" data-orig-file=\"https:\/\/www.jazzzeitung.de\/cms\/wp-content\/uploads\/2023\/12\/RENNERMoritz-JRBBMSymphoniker\u00a9Godehard.Lutz@bayern-mail.de_IMGP4760B-scaled.jpg\" data-orig-size=\"2560,1696\" data-comments-opened=\"1\" data-image-meta=\"{&quot;aperture&quot;:&quot;3.5&quot;,&quot;credit&quot;:&quot;Godehard LUTZ&quot;,&quot;camera&quot;:&quot;PENTAX K-30&quot;,&quot;caption&quot;:&quot;&quot;,&quot;created_timestamp&quot;:&quot;1702752965&quot;,&quot;copyright&quot;:&quot;Godehard.Lutz@maxi-dsl.de&quot;,&quot;focal_length&quot;:&quot;75&quot;,&quot;iso&quot;:&quot;800&quot;,&quot;shutter_speed&quot;:&quot;0.004&quot;,&quot;title&quot;:&quot;&quot;,&quot;orientation&quot;:&quot;1&quot;}\" data-image-title=\"\" data-image-description=\"\" data-medium-file=\"https:\/\/i0.wp.com\/www.jazzzeitung.de\/cms\/wp-content\/uploads\/2023\/12\/RENNERMoritz-JRBBMSymphoniker%C2%A9Godehard.Lutz%40bayern-mail.de_IMGP4760B-scaled.jpg?fit=300%2C199&#038;ssl=1\" data-large-file=\"https:\/\/i0.wp.com\/www.jazzzeitung.de\/cms\/wp-content\/uploads\/2023\/12\/RENNERMoritz-JRBBMSymphoniker%C2%A9Godehard.Lutz%40bayern-mail.de_IMGP4760B-scaled.jpg?fit=840%2C556&#038;ssl=1\" src=\"https:\/\/i0.wp.com\/www.jazzzeitung.de\/cms\/wp-content\/uploads\/2023\/12\/RENNERMoritz-JRBBMSymphoniker%C2%A9Godehard.Lutz%40bayern-mail.de_IMGP4760B-scaled.jpg?w=332&#038;h=220&#038;ssl=1\" width=\"332\" height=\"220\" loading=\"lazy\" data-original-width=\"332\" data-original-height=\"220\" itemprop=\"http:\/\/schema.org\/image\" title=\"\" alt=\"Moritz Renner, die Jazzrauschbigband &amp; M\u00fcnchener Symphoniker. Foto: Godehard Lutz\" style=\"width: 332px; height: 220px;\" \/> <\/a> <div class=\"tiled-gallery-caption\" itemprop=\"caption description\"> Moritz Renner, die Jazzrauschbigband &#038; M\u00fcnchener Symphoniker. Foto: Godehard Lutz <\/div> <\/div> <\/div> <!-- close group --> <div class=\"gallery-group images-1\" style=\"width: 169px; height: 224px;\" data-original-width=\"169\" data-original-height=\"224\" > <div class=\"tiled-gallery-item tiled-gallery-item-small\" itemprop=\"associatedMedia\" itemscope itemtype=\"http:\/\/schema.org\/ImageObject\"> <a href=\"https:\/\/www.jazzzeitung.de\/cms\/2023\/12\/alle-jahre-wieder-weihnachtskonzert-der-jazzrausch-bigband-und-der-muenchner-symphoniker\/roemerpatricia-betzlleogodehard-lutzbayern-mail-de_20231216_184447\/\" border=\"0\" itemprop=\"url\"> <meta itemprop=\"width\" content=\"165\"> <meta itemprop=\"height\" content=\"220\"> <img decoding=\"async\" class=\"\" data-attachment-id=\"30443\" data-orig-file=\"https:\/\/www.jazzzeitung.de\/cms\/wp-content\/uploads\/2023\/12\/ROeMERPatricia-BETZLLeo\u00a9Godehard.Lutz@bayern-mail.de_20231216_184447-scaled.jpg\" data-orig-size=\"1920,2560\" data-comments-opened=\"1\" data-image-meta=\"{&quot;aperture&quot;:&quot;2.4&quot;,&quot;credit&quot;:&quot;&quot;,&quot;camera&quot;:&quot;SM-G973F&quot;,&quot;caption&quot;:&quot;&quot;,&quot;created_timestamp&quot;:&quot;1702752287&quot;,&quot;copyright&quot;:&quot;&quot;,&quot;focal_length&quot;:&quot;6&quot;,&quot;iso&quot;:&quot;200&quot;,&quot;shutter_speed&quot;:&quot;0.03030303030303&quot;,&quot;title&quot;:&quot;&quot;,&quot;orientation&quot;:&quot;1&quot;}\" data-image-title=\"\" data-image-description=\"\" data-medium-file=\"https:\/\/i0.wp.com\/www.jazzzeitung.de\/cms\/wp-content\/uploads\/2023\/12\/ROeMERPatricia-BETZLLeo%C2%A9Godehard.Lutz%40bayern-mail.de_20231216_184447-scaled.jpg?fit=225%2C300&#038;ssl=1\" data-large-file=\"https:\/\/i0.wp.com\/www.jazzzeitung.de\/cms\/wp-content\/uploads\/2023\/12\/ROeMERPatricia-BETZLLeo%C2%A9Godehard.Lutz%40bayern-mail.de_20231216_184447-scaled.jpg?fit=450%2C600&#038;ssl=1\" src=\"https:\/\/i0.wp.com\/www.jazzzeitung.de\/cms\/wp-content\/uploads\/2023\/12\/ROeMERPatricia-BETZLLeo%C2%A9Godehard.Lutz%40bayern-mail.de_20231216_184447-scaled.jpg?w=165&#038;h=220&#038;ssl=1\" width=\"165\" height=\"220\" loading=\"lazy\" data-original-width=\"165\" data-original-height=\"220\" itemprop=\"http:\/\/schema.org\/image\" title=\"\" alt=\"Patricia R\u00f6mer und Leo Betzl. Foto: Godehard Lutz\" style=\"width: 165px; height: 220px;\" \/> <\/a> <div class=\"tiled-gallery-caption\" itemprop=\"caption description\"> Patricia R\u00f6mer und Leo Betzl. Foto: Godehard Lutz <\/div> <\/div> <\/div> <!-- close group --> <div class=\"gallery-group images-1\" style=\"width: 335px; height: 224px;\" data-original-width=\"335\" data-original-height=\"224\" > <div class=\"tiled-gallery-item tiled-gallery-item-large\" itemprop=\"associatedMedia\" itemscope itemtype=\"http:\/\/schema.org\/ImageObject\"> <a href=\"https:\/\/www.jazzzeitung.de\/cms\/2023\/12\/alle-jahre-wieder-weihnachtskonzert-der-jazzrausch-bigband-und-der-muenchner-symphoniker\/roemerpatricia-avetisyan-jrbbmsymphonikergodehard-lutzbayern-mail-de_imgp4767b\/\" border=\"0\" itemprop=\"url\"> <meta itemprop=\"width\" content=\"331\"> <meta itemprop=\"height\" content=\"220\"> <img decoding=\"async\" class=\"\" data-attachment-id=\"30444\" data-orig-file=\"https:\/\/www.jazzzeitung.de\/cms\/wp-content\/uploads\/2023\/12\/ROeMERPatricia-AVETISYAN-JRBBMSymphoniker\u00a9Godehard.Lutz@bayern-mail.de_IMGP4767B-scaled.jpg\" data-orig-size=\"2560,1696\" data-comments-opened=\"1\" data-image-meta=\"{&quot;aperture&quot;:&quot;3.2&quot;,&quot;credit&quot;:&quot;Godehard LUTZ&quot;,&quot;camera&quot;:&quot;PENTAX K-30&quot;,&quot;caption&quot;:&quot;&quot;,&quot;created_timestamp&quot;:&quot;1702754866&quot;,&quot;copyright&quot;:&quot;Godehard.Lutz@maxi-dsl.de&quot;,&quot;focal_length&quot;:&quot;75&quot;,&quot;iso&quot;:&quot;800&quot;,&quot;shutter_speed&quot;:&quot;0.005&quot;,&quot;title&quot;:&quot;&quot;,&quot;orientation&quot;:&quot;1&quot;}\" data-image-title=\"\" data-image-description=\"\" data-medium-file=\"https:\/\/i0.wp.com\/www.jazzzeitung.de\/cms\/wp-content\/uploads\/2023\/12\/ROeMERPatricia-AVETISYAN-JRBBMSymphoniker%C2%A9Godehard.Lutz%40bayern-mail.de_IMGP4767B-scaled.jpg?fit=300%2C199&#038;ssl=1\" data-large-file=\"https:\/\/i0.wp.com\/www.jazzzeitung.de\/cms\/wp-content\/uploads\/2023\/12\/ROeMERPatricia-AVETISYAN-JRBBMSymphoniker%C2%A9Godehard.Lutz%40bayern-mail.de_IMGP4767B-scaled.jpg?fit=840%2C556&#038;ssl=1\" src=\"https:\/\/i0.wp.com\/www.jazzzeitung.de\/cms\/wp-content\/uploads\/2023\/12\/ROeMERPatricia-AVETISYAN-JRBBMSymphoniker%C2%A9Godehard.Lutz%40bayern-mail.de_IMGP4767B-scaled.jpg?w=331&#038;h=220&#038;ssl=1\" width=\"331\" height=\"220\" loading=\"lazy\" data-original-width=\"331\" data-original-height=\"220\" itemprop=\"http:\/\/schema.org\/image\" title=\"\" alt=\"Patricia R\u00f6mer und Angela Avetisyan. Foto: Godehard Lutz\" style=\"width: 331px; height: 220px;\" \/> <\/a> <div class=\"tiled-gallery-caption\" itemprop=\"caption description\"> Patricia R\u00f6mer und Angela Avetisyan. Foto: Godehard Lutz <\/div> <\/div> <\/div> <!-- close group --> <\/div> <!-- close row --> <\/div>\n<p>Nicht Bigband mit Streicherbegleitung sollte es sein. Die beiden Orchester spielten zusammen und miteinander oder alleine. Bl\u00e4ser der Bigband solierten vor dem gesamten Ensemble oder auch nur vor dem klassischen Orchester. Das Dirigat \u00fcbernahm der Leiter der Symphoniker Joseph Bastian, die launige Conference Maximilian Maier vom Bergson, die Gesangsparts Patricia R\u00f6mer, und f\u00fcr die neuen Arrangements sorgte wie immer Jazzrausch-Hauskomponist Leonhard Kuhn.<\/p>\n<h3>Das Weihnachtsding<\/h3>\n<p>Dass es laut Sladek \u201ebei unserem Weihnachtsding wirklich nur ausschlie\u00dflich um Spa\u00df (geht )\u201c, war an diesem Abend nicht zu \u00fcberh\u00f6ren. Nach allen Regeln der swingenden Kunst wurden auch die heiligsten Weihnachtslieder wie \u201eTochter Zion\u201c oder \u201eIn dulci jubilo\u201c gegen den Strich geb\u00fcrstet und so umgemodelt, dass man viele Melodien ohne Gesang kaum erkannte und vielleicht nicht erkannt h\u00e4tte, w\u00e4re man nicht in einem Weihnachtskonzert gesessen. Das konnte auch mal fast weh tun, wenn Maria beschwingt schlendernd \u201edurch ein Dornwald ging\u201c. Kyrie eleison! Mit einem in der Bass-Intro kurz anklingenden Pink Panther-Motiv blieb da nichts von heiliger Ergriffenheit. Aber der Weihnachtskitsch drau\u00dfen allenthalben war auch in der Musik nicht immer fern, allerdings kunstvoll und ironisch gebrochen. Die Musiker jedenfalls hatten ihren Spa\u00df, h\u00f6rbar und sichtbar, und das Publikum mindestens ebenso. Es dankte in der zweimal ausverkauften Isarphilharmonie mit tosendem Beifall und Standing Ovations.<\/p>\n<p>Veranstalter war das im n\u00e4chsten Jahr ganz im M\u00fcnchener Westen zu er\u00f6ffnende Bergson Kunstkraftwerk, dessen k\u00fcnstlerischer Leiter und Mitgesellschafter Roman Sladek hei\u00dft. Das 10-j\u00e4hrige Jubil\u00e4um der Jazzrausch-Bigband wird aber vorher, am 17. Februar 2024, in der Kleinen Olymiahalle in M\u00fcnchen mit einem \u201eSurround Sound Super Rave\u201c gefeiert. Das klingt dann eher wieder nach dem, Markenzeichen, f\u00fcr das die JRBB mittlerweile weltbekannt ist: Bigband-Techno-Jazz.<\/p>\n<p>Text und Fotos: Godehard Lutz<\/p>\n","protected":false},"excerpt":{"rendered":"<p>Alle Jahre wieder&#8230; kommt nicht nur das Christuskind, sondern auch die Jazzrausch-Bigband. N\u00e4mlich zu swingenden Weihnachtskonzerten. Und das von Anfang an, seit ihrer Gr\u00fcndung 2014, und mittlerweile auch deutschlandweit. Der so umtriebige wie gesch\u00e4ftst\u00fcchtige Band-Gr\u00fcnder und -Leiter Roman Sladek ist mit seinem Weihnachts-Projekt auch beim weihnachtsaffinen Label ACT auf offene Ohren gesto\u00dfen; nach dem ersten Album mit dem dieser Bigband Hohn sprechenden Titel \u201eStill! Still! Still!\u201c folgte folgerichtig im letzten Jahr \u201eAlle Jahre wieder!\u201c. In M\u00fcnchen gab es heuer mit diesem Programm nach einem Doppelkonzert im Jazzclub Unterfahrt auch wieder ein Weihnachtskonzert in der Isarphilharmonie. Und da Sladek und die JRBB immer f\u00fcr \u00dcberraschungen gut und auf der Suche nach Neuem und Ausgefallenem sind, dachte man sich f\u00fcr das Gasteig-Ausweichquartier etwas Besonderes aus. Zusammen mit den ebenso experimentierfreudigen M\u00fcnchner Symphonikern tat man sich mit Unterst\u00fctzung der Stadt M\u00fcnchen f\u00fcr ein weiteres Doppelkonzert zu einem fast 80-k\u00f6pfigen Klangk\u00f6rper zusammen, wie er in den USA in den 30-er Jahren beliebt war. Nicht Bigband mit Streicherbegleitung sollte es sein. Die beiden Orchester spielten zusammen und miteinander oder alleine. Bl\u00e4ser der Bigband solierten vor dem gesamten Ensemble oder auch &hellip;<\/p>\n","protected":false},"author":18,"featured_media":30441,"comment_status":"open","ping_status":"closed","sticky":false,"template":"","format":"standard","meta":{"_jetpack_memberships_contains_paid_content":false,"footnotes":"","jetpack_publicize_message":"","jetpack_publicize_feature_enabled":true,"jetpack_social_post_already_shared":false,"jetpack_social_options":{"image_generator_settings":{"template":"highway","default_image_id":0,"font":"","enabled":false},"version":2}},"categories":[1053],"tags":[1582,5238,1538],"coauthors":[695],"class_list":["post-30439","post","type-post","status-publish","format-standard","has-post-thumbnail","hentry","category-bericht","tag-jazzrausch","tag-muenchner-symphoniker","tag-roman-sladek"],"yoast_head":"<!-- This site is optimized with the Yoast SEO plugin v27.5 - https:\/\/yoast.com\/product\/yoast-seo-wordpress\/ -->\n<title>Alle Jahre wieder \u2013 Weihnachtskonzert der Jazzrausch-Bigband und der M\u00fcnchner Symphoniker - JazzZeitung<\/title>\n<meta name=\"robots\" content=\"index, follow, max-snippet:-1, max-image-preview:large, max-video-preview:-1\" \/>\n<link rel=\"canonical\" href=\"https:\/\/www.jazzzeitung.de\/cms\/2023\/12\/alle-jahre-wieder-weihnachtskonzert-der-jazzrausch-bigband-und-der-muenchner-symphoniker\/\" \/>\n<meta property=\"og:locale\" content=\"de_DE\" \/>\n<meta property=\"og:type\" content=\"article\" \/>\n<meta property=\"og:title\" content=\"Alle Jahre wieder \u2013 Weihnachtskonzert der Jazzrausch-Bigband und der M\u00fcnchner Symphoniker - JazzZeitung\" \/>\n<meta property=\"og:description\" content=\"Alle Jahre wieder&#8230; kommt nicht nur das Christuskind, sondern auch die Jazzrausch-Bigband. N\u00e4mlich zu swingenden Weihnachtskonzerten. Und das von Anfang an, seit ihrer Gr\u00fcndung 2014, und mittlerweile auch deutschlandweit. Der so umtriebige wie gesch\u00e4ftst\u00fcchtige Band-Gr\u00fcnder und -Leiter Roman Sladek ist mit seinem Weihnachts-Projekt auch beim weihnachtsaffinen Label ACT auf offene Ohren gesto\u00dfen; nach dem ersten Album mit dem dieser Bigband Hohn sprechenden Titel \u201eStill! Still! Still!\u201c folgte folgerichtig im letzten Jahr \u201eAlle Jahre wieder!\u201c. In M\u00fcnchen gab es heuer mit diesem Programm nach einem Doppelkonzert im Jazzclub Unterfahrt auch wieder ein Weihnachtskonzert in der Isarphilharmonie. Und da Sladek und die JRBB immer f\u00fcr \u00dcberraschungen gut und auf der Suche nach Neuem und Ausgefallenem sind, dachte man sich f\u00fcr das Gasteig-Ausweichquartier etwas Besonderes aus. Zusammen mit den ebenso experimentierfreudigen M\u00fcnchner Symphonikern tat man sich mit Unterst\u00fctzung der Stadt M\u00fcnchen f\u00fcr ein weiteres Doppelkonzert zu einem fast 80-k\u00f6pfigen Klangk\u00f6rper zusammen, wie er in den USA in den 30-er Jahren beliebt war. Nicht Bigband mit Streicherbegleitung sollte es sein. Die beiden Orchester spielten zusammen und miteinander oder alleine. Bl\u00e4ser der Bigband solierten vor dem gesamten Ensemble oder auch &hellip;\" \/>\n<meta property=\"og:url\" content=\"https:\/\/www.jazzzeitung.de\/cms\/2023\/12\/alle-jahre-wieder-weihnachtskonzert-der-jazzrausch-bigband-und-der-muenchner-symphoniker\/\" \/>\n<meta property=\"og:site_name\" content=\"JazzZeitung\" \/>\n<meta property=\"article:publisher\" content=\"https:\/\/www.facebook.com\/JazzZeitung\/\" \/>\n<meta property=\"article:published_time\" content=\"2023-12-30T08:21:00+00:00\" \/>\n<meta property=\"og:image\" content=\"https:\/\/i0.wp.com\/www.jazzzeitung.de\/cms\/wp-content\/uploads\/2023\/12\/JRBBMSymphoniker\u00a9Godehard.Lutz@bayern-mail.de_20231216_190017A-scaled.jpg?fit=2560%2C1920&ssl=1\" \/>\n\t<meta property=\"og:image:width\" content=\"2560\" \/>\n\t<meta property=\"og:image:height\" content=\"1920\" \/>\n\t<meta property=\"og:image:type\" content=\"image\/jpeg\" \/>\n<meta name=\"author\" content=\"Redaktion JazzZeitung\" \/>\n<script type=\"application\/ld+json\" class=\"yoast-schema-graph\">{\"@context\":\"https:\\\/\\\/schema.org\",\"@graph\":[{\"@type\":\"Article\",\"@id\":\"https:\\\/\\\/www.jazzzeitung.de\\\/cms\\\/2023\\\/12\\\/alle-jahre-wieder-weihnachtskonzert-der-jazzrausch-bigband-und-der-muenchner-symphoniker\\\/#article\",\"isPartOf\":{\"@id\":\"https:\\\/\\\/www.jazzzeitung.de\\\/cms\\\/2023\\\/12\\\/alle-jahre-wieder-weihnachtskonzert-der-jazzrausch-bigband-und-der-muenchner-symphoniker\\\/\"},\"author\":{\"name\":\"Redaktion JazzZeitung\",\"@id\":\"https:\\\/\\\/www.jazzzeitung.de\\\/cms\\\/#\\\/schema\\\/person\\\/2245b36b9cd1d24cea10f01c031fb92b\"},\"headline\":\"Alle Jahre wieder \u2013 Weihnachtskonzert der Jazzrausch-Bigband und der M\u00fcnchner Symphoniker\",\"datePublished\":\"2023-12-30T08:21:00+00:00\",\"mainEntityOfPage\":{\"@id\":\"https:\\\/\\\/www.jazzzeitung.de\\\/cms\\\/2023\\\/12\\\/alle-jahre-wieder-weihnachtskonzert-der-jazzrausch-bigband-und-der-muenchner-symphoniker\\\/\"},\"wordCount\":479,\"commentCount\":0,\"publisher\":{\"@id\":\"https:\\\/\\\/www.jazzzeitung.de\\\/cms\\\/#organization\"},\"image\":{\"@id\":\"https:\\\/\\\/www.jazzzeitung.de\\\/cms\\\/2023\\\/12\\\/alle-jahre-wieder-weihnachtskonzert-der-jazzrausch-bigband-und-der-muenchner-symphoniker\\\/#primaryimage\"},\"thumbnailUrl\":\"https:\\\/\\\/i0.wp.com\\\/www.jazzzeitung.de\\\/cms\\\/wp-content\\\/uploads\\\/2023\\\/12\\\/JRBBMSymphoniker%C2%A9Godehard.Lutz%40bayern-mail.de_20231216_190017A-scaled.jpg?fit=2560%2C1920&ssl=1\",\"keywords\":[\"Jazzrausch\",\"M\u00fcnchner Symphoniker\",\"Roman Sladek\"],\"articleSection\":[\"Bericht\"],\"inLanguage\":\"de\",\"potentialAction\":[{\"@type\":\"CommentAction\",\"name\":\"Comment\",\"target\":[\"https:\\\/\\\/www.jazzzeitung.de\\\/cms\\\/2023\\\/12\\\/alle-jahre-wieder-weihnachtskonzert-der-jazzrausch-bigband-und-der-muenchner-symphoniker\\\/#respond\"]}]},{\"@type\":\"WebPage\",\"@id\":\"https:\\\/\\\/www.jazzzeitung.de\\\/cms\\\/2023\\\/12\\\/alle-jahre-wieder-weihnachtskonzert-der-jazzrausch-bigband-und-der-muenchner-symphoniker\\\/\",\"url\":\"https:\\\/\\\/www.jazzzeitung.de\\\/cms\\\/2023\\\/12\\\/alle-jahre-wieder-weihnachtskonzert-der-jazzrausch-bigband-und-der-muenchner-symphoniker\\\/\",\"name\":\"Alle Jahre wieder \u2013 Weihnachtskonzert der Jazzrausch-Bigband und der M\u00fcnchner Symphoniker - JazzZeitung\",\"isPartOf\":{\"@id\":\"https:\\\/\\\/www.jazzzeitung.de\\\/cms\\\/#website\"},\"primaryImageOfPage\":{\"@id\":\"https:\\\/\\\/www.jazzzeitung.de\\\/cms\\\/2023\\\/12\\\/alle-jahre-wieder-weihnachtskonzert-der-jazzrausch-bigband-und-der-muenchner-symphoniker\\\/#primaryimage\"},\"image\":{\"@id\":\"https:\\\/\\\/www.jazzzeitung.de\\\/cms\\\/2023\\\/12\\\/alle-jahre-wieder-weihnachtskonzert-der-jazzrausch-bigband-und-der-muenchner-symphoniker\\\/#primaryimage\"},\"thumbnailUrl\":\"https:\\\/\\\/i0.wp.com\\\/www.jazzzeitung.de\\\/cms\\\/wp-content\\\/uploads\\\/2023\\\/12\\\/JRBBMSymphoniker%C2%A9Godehard.Lutz%40bayern-mail.de_20231216_190017A-scaled.jpg?fit=2560%2C1920&ssl=1\",\"datePublished\":\"2023-12-30T08:21:00+00:00\",\"breadcrumb\":{\"@id\":\"https:\\\/\\\/www.jazzzeitung.de\\\/cms\\\/2023\\\/12\\\/alle-jahre-wieder-weihnachtskonzert-der-jazzrausch-bigband-und-der-muenchner-symphoniker\\\/#breadcrumb\"},\"inLanguage\":\"de\",\"potentialAction\":[{\"@type\":\"ReadAction\",\"target\":[\"https:\\\/\\\/www.jazzzeitung.de\\\/cms\\\/2023\\\/12\\\/alle-jahre-wieder-weihnachtskonzert-der-jazzrausch-bigband-und-der-muenchner-symphoniker\\\/\"]}]},{\"@type\":\"ImageObject\",\"inLanguage\":\"de\",\"@id\":\"https:\\\/\\\/www.jazzzeitung.de\\\/cms\\\/2023\\\/12\\\/alle-jahre-wieder-weihnachtskonzert-der-jazzrausch-bigband-und-der-muenchner-symphoniker\\\/#primaryimage\",\"url\":\"https:\\\/\\\/i0.wp.com\\\/www.jazzzeitung.de\\\/cms\\\/wp-content\\\/uploads\\\/2023\\\/12\\\/JRBBMSymphoniker%C2%A9Godehard.Lutz%40bayern-mail.de_20231216_190017A-scaled.jpg?fit=2560%2C1920&ssl=1\",\"contentUrl\":\"https:\\\/\\\/i0.wp.com\\\/www.jazzzeitung.de\\\/cms\\\/wp-content\\\/uploads\\\/2023\\\/12\\\/JRBBMSymphoniker%C2%A9Godehard.Lutz%40bayern-mail.de_20231216_190017A-scaled.jpg?fit=2560%2C1920&ssl=1\",\"width\":2560,\"height\":1920},{\"@type\":\"BreadcrumbList\",\"@id\":\"https:\\\/\\\/www.jazzzeitung.de\\\/cms\\\/2023\\\/12\\\/alle-jahre-wieder-weihnachtskonzert-der-jazzrausch-bigband-und-der-muenchner-symphoniker\\\/#breadcrumb\",\"itemListElement\":[{\"@type\":\"ListItem\",\"position\":1,\"name\":\"Startseite\",\"item\":\"https:\\\/\\\/www.jazzzeitung.de\\\/cms\\\/\"},{\"@type\":\"ListItem\",\"position\":2,\"name\":\"Alle Jahre wieder \u2013 Weihnachtskonzert der Jazzrausch-Bigband und der M\u00fcnchner Symphoniker\"}]},{\"@type\":\"WebSite\",\"@id\":\"https:\\\/\\\/www.jazzzeitung.de\\\/cms\\\/#website\",\"url\":\"https:\\\/\\\/www.jazzzeitung.de\\\/cms\\\/\",\"name\":\"JazzZeitung\",\"description\":\"Jazz-News und Jazz-Kontroverses\",\"publisher\":{\"@id\":\"https:\\\/\\\/www.jazzzeitung.de\\\/cms\\\/#organization\"},\"potentialAction\":[{\"@type\":\"SearchAction\",\"target\":{\"@type\":\"EntryPoint\",\"urlTemplate\":\"https:\\\/\\\/www.jazzzeitung.de\\\/cms\\\/?s={search_term_string}\"},\"query-input\":{\"@type\":\"PropertyValueSpecification\",\"valueRequired\":true,\"valueName\":\"search_term_string\"}}],\"inLanguage\":\"de\"},{\"@type\":\"Organization\",\"@id\":\"https:\\\/\\\/www.jazzzeitung.de\\\/cms\\\/#organization\",\"name\":\"JazzZeitung online\",\"url\":\"https:\\\/\\\/www.jazzzeitung.de\\\/cms\\\/\",\"logo\":{\"@type\":\"ImageObject\",\"inLanguage\":\"de\",\"@id\":\"https:\\\/\\\/www.jazzzeitung.de\\\/cms\\\/#\\\/schema\\\/logo\\\/image\\\/\",\"url\":\"https:\\\/\\\/i0.wp.com\\\/www.jazzzeitung.de\\\/cms\\\/wp-content\\\/uploads\\\/2015\\\/08\\\/JAZZZEITUNGDE_Logo_Neu.png?fit=499%2C200&ssl=1\",\"contentUrl\":\"https:\\\/\\\/i0.wp.com\\\/www.jazzzeitung.de\\\/cms\\\/wp-content\\\/uploads\\\/2015\\\/08\\\/JAZZZEITUNGDE_Logo_Neu.png?fit=499%2C200&ssl=1\",\"width\":499,\"height\":200,\"caption\":\"JazzZeitung online\"},\"image\":{\"@id\":\"https:\\\/\\\/www.jazzzeitung.de\\\/cms\\\/#\\\/schema\\\/logo\\\/image\\\/\"},\"sameAs\":[\"https:\\\/\\\/www.facebook.com\\\/JazzZeitung\\\/\"]},{\"@type\":\"Person\",\"@id\":\"https:\\\/\\\/www.jazzzeitung.de\\\/cms\\\/#\\\/schema\\\/person\\\/2245b36b9cd1d24cea10f01c031fb92b\",\"name\":\"Redaktion JazzZeitung\",\"image\":{\"@type\":\"ImageObject\",\"inLanguage\":\"de\",\"@id\":\"https:\\\/\\\/i0.wp.com\\\/www.jazzzeitung.de\\\/cms\\\/wp-content\\\/uploads\\\/2015\\\/08\\\/JAZZZEITUNGDE_Logo_Neu.png?resize=96%2C96&ssl=159975dcacb611b5700bd619b5daf0a7a\",\"url\":\"https:\\\/\\\/i0.wp.com\\\/www.jazzzeitung.de\\\/cms\\\/wp-content\\\/uploads\\\/2015\\\/08\\\/JAZZZEITUNGDE_Logo_Neu.png?resize=96%2C96&ssl=1\",\"contentUrl\":\"https:\\\/\\\/i0.wp.com\\\/www.jazzzeitung.de\\\/cms\\\/wp-content\\\/uploads\\\/2015\\\/08\\\/JAZZZEITUNGDE_Logo_Neu.png?resize=96%2C96&ssl=1\",\"caption\":\"Redaktion JazzZeitung\"},\"description\":\"Artikel der Redaktion der JazzZeitung.\",\"sameAs\":[\"http:\\\/\\\/www.jazzzeitung.de\\\/cms\\\/\"],\"url\":\"https:\\\/\\\/www.jazzzeitung.de\\\/cms\\\/author\\\/redaktion\\\/\"}]}<\/script>\n<!-- \/ Yoast SEO plugin. -->","yoast_head_json":{"title":"Alle Jahre wieder \u2013 Weihnachtskonzert der Jazzrausch-Bigband und der M\u00fcnchner Symphoniker - JazzZeitung","robots":{"index":"index","follow":"follow","max-snippet":"max-snippet:-1","max-image-preview":"max-image-preview:large","max-video-preview":"max-video-preview:-1"},"canonical":"https:\/\/www.jazzzeitung.de\/cms\/2023\/12\/alle-jahre-wieder-weihnachtskonzert-der-jazzrausch-bigband-und-der-muenchner-symphoniker\/","og_locale":"de_DE","og_type":"article","og_title":"Alle Jahre wieder \u2013 Weihnachtskonzert der Jazzrausch-Bigband und der M\u00fcnchner Symphoniker - JazzZeitung","og_description":"Alle Jahre wieder&#8230; kommt nicht nur das Christuskind, sondern auch die Jazzrausch-Bigband. N\u00e4mlich zu swingenden Weihnachtskonzerten. Und das von Anfang an, seit ihrer Gr\u00fcndung 2014, und mittlerweile auch deutschlandweit. Der so umtriebige wie gesch\u00e4ftst\u00fcchtige Band-Gr\u00fcnder und -Leiter Roman Sladek ist mit seinem Weihnachts-Projekt auch beim weihnachtsaffinen Label ACT auf offene Ohren gesto\u00dfen; nach dem ersten Album mit dem dieser Bigband Hohn sprechenden Titel \u201eStill! Still! Still!\u201c folgte folgerichtig im letzten Jahr \u201eAlle Jahre wieder!\u201c. In M\u00fcnchen gab es heuer mit diesem Programm nach einem Doppelkonzert im Jazzclub Unterfahrt auch wieder ein Weihnachtskonzert in der Isarphilharmonie. Und da Sladek und die JRBB immer f\u00fcr \u00dcberraschungen gut und auf der Suche nach Neuem und Ausgefallenem sind, dachte man sich f\u00fcr das Gasteig-Ausweichquartier etwas Besonderes aus. Zusammen mit den ebenso experimentierfreudigen M\u00fcnchner Symphonikern tat man sich mit Unterst\u00fctzung der Stadt M\u00fcnchen f\u00fcr ein weiteres Doppelkonzert zu einem fast 80-k\u00f6pfigen Klangk\u00f6rper zusammen, wie er in den USA in den 30-er Jahren beliebt war. Nicht Bigband mit Streicherbegleitung sollte es sein. Die beiden Orchester spielten zusammen und miteinander oder alleine. Bl\u00e4ser der Bigband solierten vor dem gesamten Ensemble oder auch &hellip;","og_url":"https:\/\/www.jazzzeitung.de\/cms\/2023\/12\/alle-jahre-wieder-weihnachtskonzert-der-jazzrausch-bigband-und-der-muenchner-symphoniker\/","og_site_name":"JazzZeitung","article_publisher":"https:\/\/www.facebook.com\/JazzZeitung\/","article_published_time":"2023-12-30T08:21:00+00:00","og_image":[{"width":2560,"height":1920,"url":"https:\/\/i0.wp.com\/www.jazzzeitung.de\/cms\/wp-content\/uploads\/2023\/12\/JRBBMSymphoniker\u00a9Godehard.Lutz@bayern-mail.de_20231216_190017A-scaled.jpg?fit=2560%2C1920&ssl=1","type":"image\/jpeg"}],"author":"Redaktion JazzZeitung","schema":{"@context":"https:\/\/schema.org","@graph":[{"@type":"Article","@id":"https:\/\/www.jazzzeitung.de\/cms\/2023\/12\/alle-jahre-wieder-weihnachtskonzert-der-jazzrausch-bigband-und-der-muenchner-symphoniker\/#article","isPartOf":{"@id":"https:\/\/www.jazzzeitung.de\/cms\/2023\/12\/alle-jahre-wieder-weihnachtskonzert-der-jazzrausch-bigband-und-der-muenchner-symphoniker\/"},"author":{"name":"Redaktion JazzZeitung","@id":"https:\/\/www.jazzzeitung.de\/cms\/#\/schema\/person\/2245b36b9cd1d24cea10f01c031fb92b"},"headline":"Alle Jahre wieder \u2013 Weihnachtskonzert der Jazzrausch-Bigband und der M\u00fcnchner Symphoniker","datePublished":"2023-12-30T08:21:00+00:00","mainEntityOfPage":{"@id":"https:\/\/www.jazzzeitung.de\/cms\/2023\/12\/alle-jahre-wieder-weihnachtskonzert-der-jazzrausch-bigband-und-der-muenchner-symphoniker\/"},"wordCount":479,"commentCount":0,"publisher":{"@id":"https:\/\/www.jazzzeitung.de\/cms\/#organization"},"image":{"@id":"https:\/\/www.jazzzeitung.de\/cms\/2023\/12\/alle-jahre-wieder-weihnachtskonzert-der-jazzrausch-bigband-und-der-muenchner-symphoniker\/#primaryimage"},"thumbnailUrl":"https:\/\/i0.wp.com\/www.jazzzeitung.de\/cms\/wp-content\/uploads\/2023\/12\/JRBBMSymphoniker%C2%A9Godehard.Lutz%40bayern-mail.de_20231216_190017A-scaled.jpg?fit=2560%2C1920&ssl=1","keywords":["Jazzrausch","M\u00fcnchner Symphoniker","Roman Sladek"],"articleSection":["Bericht"],"inLanguage":"de","potentialAction":[{"@type":"CommentAction","name":"Comment","target":["https:\/\/www.jazzzeitung.de\/cms\/2023\/12\/alle-jahre-wieder-weihnachtskonzert-der-jazzrausch-bigband-und-der-muenchner-symphoniker\/#respond"]}]},{"@type":"WebPage","@id":"https:\/\/www.jazzzeitung.de\/cms\/2023\/12\/alle-jahre-wieder-weihnachtskonzert-der-jazzrausch-bigband-und-der-muenchner-symphoniker\/","url":"https:\/\/www.jazzzeitung.de\/cms\/2023\/12\/alle-jahre-wieder-weihnachtskonzert-der-jazzrausch-bigband-und-der-muenchner-symphoniker\/","name":"Alle Jahre wieder \u2013 Weihnachtskonzert der Jazzrausch-Bigband und der M\u00fcnchner Symphoniker - JazzZeitung","isPartOf":{"@id":"https:\/\/www.jazzzeitung.de\/cms\/#website"},"primaryImageOfPage":{"@id":"https:\/\/www.jazzzeitung.de\/cms\/2023\/12\/alle-jahre-wieder-weihnachtskonzert-der-jazzrausch-bigband-und-der-muenchner-symphoniker\/#primaryimage"},"image":{"@id":"https:\/\/www.jazzzeitung.de\/cms\/2023\/12\/alle-jahre-wieder-weihnachtskonzert-der-jazzrausch-bigband-und-der-muenchner-symphoniker\/#primaryimage"},"thumbnailUrl":"https:\/\/i0.wp.com\/www.jazzzeitung.de\/cms\/wp-content\/uploads\/2023\/12\/JRBBMSymphoniker%C2%A9Godehard.Lutz%40bayern-mail.de_20231216_190017A-scaled.jpg?fit=2560%2C1920&ssl=1","datePublished":"2023-12-30T08:21:00+00:00","breadcrumb":{"@id":"https:\/\/www.jazzzeitung.de\/cms\/2023\/12\/alle-jahre-wieder-weihnachtskonzert-der-jazzrausch-bigband-und-der-muenchner-symphoniker\/#breadcrumb"},"inLanguage":"de","potentialAction":[{"@type":"ReadAction","target":["https:\/\/www.jazzzeitung.de\/cms\/2023\/12\/alle-jahre-wieder-weihnachtskonzert-der-jazzrausch-bigband-und-der-muenchner-symphoniker\/"]}]},{"@type":"ImageObject","inLanguage":"de","@id":"https:\/\/www.jazzzeitung.de\/cms\/2023\/12\/alle-jahre-wieder-weihnachtskonzert-der-jazzrausch-bigband-und-der-muenchner-symphoniker\/#primaryimage","url":"https:\/\/i0.wp.com\/www.jazzzeitung.de\/cms\/wp-content\/uploads\/2023\/12\/JRBBMSymphoniker%C2%A9Godehard.Lutz%40bayern-mail.de_20231216_190017A-scaled.jpg?fit=2560%2C1920&ssl=1","contentUrl":"https:\/\/i0.wp.com\/www.jazzzeitung.de\/cms\/wp-content\/uploads\/2023\/12\/JRBBMSymphoniker%C2%A9Godehard.Lutz%40bayern-mail.de_20231216_190017A-scaled.jpg?fit=2560%2C1920&ssl=1","width":2560,"height":1920},{"@type":"BreadcrumbList","@id":"https:\/\/www.jazzzeitung.de\/cms\/2023\/12\/alle-jahre-wieder-weihnachtskonzert-der-jazzrausch-bigband-und-der-muenchner-symphoniker\/#breadcrumb","itemListElement":[{"@type":"ListItem","position":1,"name":"Startseite","item":"https:\/\/www.jazzzeitung.de\/cms\/"},{"@type":"ListItem","position":2,"name":"Alle Jahre wieder \u2013 Weihnachtskonzert der Jazzrausch-Bigband und der M\u00fcnchner Symphoniker"}]},{"@type":"WebSite","@id":"https:\/\/www.jazzzeitung.de\/cms\/#website","url":"https:\/\/www.jazzzeitung.de\/cms\/","name":"JazzZeitung","description":"Jazz-News und Jazz-Kontroverses","publisher":{"@id":"https:\/\/www.jazzzeitung.de\/cms\/#organization"},"potentialAction":[{"@type":"SearchAction","target":{"@type":"EntryPoint","urlTemplate":"https:\/\/www.jazzzeitung.de\/cms\/?s={search_term_string}"},"query-input":{"@type":"PropertyValueSpecification","valueRequired":true,"valueName":"search_term_string"}}],"inLanguage":"de"},{"@type":"Organization","@id":"https:\/\/www.jazzzeitung.de\/cms\/#organization","name":"JazzZeitung online","url":"https:\/\/www.jazzzeitung.de\/cms\/","logo":{"@type":"ImageObject","inLanguage":"de","@id":"https:\/\/www.jazzzeitung.de\/cms\/#\/schema\/logo\/image\/","url":"https:\/\/i0.wp.com\/www.jazzzeitung.de\/cms\/wp-content\/uploads\/2015\/08\/JAZZZEITUNGDE_Logo_Neu.png?fit=499%2C200&ssl=1","contentUrl":"https:\/\/i0.wp.com\/www.jazzzeitung.de\/cms\/wp-content\/uploads\/2015\/08\/JAZZZEITUNGDE_Logo_Neu.png?fit=499%2C200&ssl=1","width":499,"height":200,"caption":"JazzZeitung online"},"image":{"@id":"https:\/\/www.jazzzeitung.de\/cms\/#\/schema\/logo\/image\/"},"sameAs":["https:\/\/www.facebook.com\/JazzZeitung\/"]},{"@type":"Person","@id":"https:\/\/www.jazzzeitung.de\/cms\/#\/schema\/person\/2245b36b9cd1d24cea10f01c031fb92b","name":"Redaktion JazzZeitung","image":{"@type":"ImageObject","inLanguage":"de","@id":"https:\/\/i0.wp.com\/www.jazzzeitung.de\/cms\/wp-content\/uploads\/2015\/08\/JAZZZEITUNGDE_Logo_Neu.png?resize=96%2C96&ssl=159975dcacb611b5700bd619b5daf0a7a","url":"https:\/\/i0.wp.com\/www.jazzzeitung.de\/cms\/wp-content\/uploads\/2015\/08\/JAZZZEITUNGDE_Logo_Neu.png?resize=96%2C96&ssl=1","contentUrl":"https:\/\/i0.wp.com\/www.jazzzeitung.de\/cms\/wp-content\/uploads\/2015\/08\/JAZZZEITUNGDE_Logo_Neu.png?resize=96%2C96&ssl=1","caption":"Redaktion JazzZeitung"},"description":"Artikel der Redaktion der JazzZeitung.","sameAs":["http:\/\/www.jazzzeitung.de\/cms\/"],"url":"https:\/\/www.jazzzeitung.de\/cms\/author\/redaktion\/"}]}},"wp-worthy-pixel":{"ignored":false,"public":null,"server":null,"url":null},"wp-worthy-type":"normal","jetpack_publicize_connections":[],"cc_featured_image_caption":{"caption_text":"","source_text":"","source_url":""},"jetpack_featured_media_url":"https:\/\/i0.wp.com\/www.jazzzeitung.de\/cms\/wp-content\/uploads\/2023\/12\/JRBBMSymphoniker%C2%A9Godehard.Lutz%40bayern-mail.de_20231216_190017A-scaled.jpg?fit=2560%2C1920&ssl=1","jetpack_shortlink":"https:\/\/wp.me\/p3KEcT-7UX","jetpack-related-posts":[{"id":13235,"url":"https:\/\/www.jazzzeitung.de\/cms\/2017\/08\/bmw-welt-young-artist-jazz-award-bringt-roman-sladek-zweimal-auf-die-buehnen-des-landes\/","url_meta":{"origin":30439,"position":0},"title":"BMW Welt Young Artist Jazz Award bringt Roman Sladek zweimal auf die B\u00fchnen des Landes","author":"Redaktion JazzZeitung","date":"9. August 2017","format":false,"excerpt":"Leipzig\/M\u00fcnchen. Roman Sladek, Preistr\u00e4ger des BMW Welt Young Artist Jazz Award 2017, wird als Teil des Preises am 14. Oktober im Werk 2 w\u00e4hrend der Leipziger Jazztage und am 23. Oktober im M\u00fcnchner Jazzclub Unterfahrt mit der Jazzrausch Bigband auftreten. Dar\u00fcber hinaus erh\u00e4lt das Nachwuchstalent 3.000 Euro als Preisgeld. Ausgew\u00e4hlt\u2026","rel":"","context":"In &quot;News&quot;","block_context":{"text":"News","link":"https:\/\/www.jazzzeitung.de\/cms\/thema\/nachrichten\/"},"img":{"alt_text":"","src":"https:\/\/i0.wp.com\/www.jazzzeitung.de\/cms\/wp-content\/uploads\/2017\/06\/Sladek-Roman_52-150x150.jpg?resize=350%2C200&ssl=1","width":350,"height":200},"classes":[]},{"id":12667,"url":"https:\/\/www.jazzzeitung.de\/cms\/2017\/06\/roman-sladek-ist-preistraeger-des-bmw-welt-young-artist-jazz-award\/","url_meta":{"origin":30439,"position":1},"title":"Roman Sladek ist Preistr\u00e4ger des BMW Welt Young Artist Jazz Award","author":"Redaktion JazzZeitung","date":"14. Juni 2017","format":false,"excerpt":"In seinem zweiten Jahr ehrt der BMW Welt Young Artist Jazz Award den Posaunisten Roman Sladek. Seit 2016 k\u00fcrt die renommierte Jury des BMW Welt Jazz Award gezielt einmal im Jahr Nachwuchstalente aus dem Raum M\u00fcnchen. Die BMW AG und die Stadt M\u00fcnchen stiften neben den Konzerten im M\u00fcnchner Jazzclub\u2026","rel":"","context":"In &quot;News&quot;","block_context":{"text":"News","link":"https:\/\/www.jazzzeitung.de\/cms\/thema\/nachrichten\/"},"img":{"alt_text":"","src":"https:\/\/i0.wp.com\/www.jazzzeitung.de\/cms\/wp-content\/uploads\/2017\/06\/roman-150x150.jpg?resize=350%2C200&ssl=1","width":350,"height":200},"classes":[]},{"id":25309,"url":"https:\/\/www.jazzzeitung.de\/cms\/2021\/08\/nicht-nur-fuer-bauch-beine-po-muenchner-band-jazzrausch-waehrend-deutschlandtour-zu-gast-in-regensburg\/","url_meta":{"origin":30439,"position":2},"title":"Nicht nur f\u00fcr Bauch, Beine, Po &#8211; M\u00fcnchner Band Jazzrausch w\u00e4hrend Deutschlandtour zu Gast in Regensburg","author":"Andreas Kolb","date":"6. August 2021","format":false,"excerpt":"Es gibt Musik im 4\/4-Takt, im 3\/4-Takt und im Jazz auch gerne balkanesk-angehauchte 5\/4- oder 7\/8-Takte. Die Jazzrausch Bigband l\u00e4sst alle diese M\u00f6glichkeiten links liegen und hat sich von Beginn an spezialisiert auf den 1\/1-Takt, sprich auf Techno-Grooves. Auf stupide Beats per minutes l\u00e4sst sich diese Formation aber nicht herunterrechnen.\u2026","rel":"","context":"In &quot;Bericht&quot;","block_context":{"text":"Bericht","link":"https:\/\/www.jazzzeitung.de\/cms\/thema\/bericht\/"},"img":{"alt_text":"","src":"https:\/\/i0.wp.com\/www.jazzzeitung.de\/cms\/wp-content\/uploads\/2021\/08\/Jazzrausch-Bigband-Foto-van-Loon07.jpg?fit=1134%2C757&ssl=1&resize=350%2C200","width":350,"height":200,"srcset":"https:\/\/i0.wp.com\/www.jazzzeitung.de\/cms\/wp-content\/uploads\/2021\/08\/Jazzrausch-Bigband-Foto-van-Loon07.jpg?fit=1134%2C757&ssl=1&resize=350%2C200 1x, https:\/\/i0.wp.com\/www.jazzzeitung.de\/cms\/wp-content\/uploads\/2021\/08\/Jazzrausch-Bigband-Foto-van-Loon07.jpg?fit=1134%2C757&ssl=1&resize=525%2C300 1.5x, https:\/\/i0.wp.com\/www.jazzzeitung.de\/cms\/wp-content\/uploads\/2021\/08\/Jazzrausch-Bigband-Foto-van-Loon07.jpg?fit=1134%2C757&ssl=1&resize=700%2C400 2x, https:\/\/i0.wp.com\/www.jazzzeitung.de\/cms\/wp-content\/uploads\/2021\/08\/Jazzrausch-Bigband-Foto-van-Loon07.jpg?fit=1134%2C757&ssl=1&resize=1050%2C600 3x"},"classes":[]},{"id":24453,"url":"https:\/\/www.jazzzeitung.de\/cms\/2021\/03\/neue-cd-von-kilian-sladek-von-inner-peace-bis-tschernobyl\/","url_meta":{"origin":30439,"position":3},"title":"Neue CD von Kilian Sladek: Von \u201eInner Peace\u201c bis Tschernobyl\u00a0 \u00a0","author":"Redaktion JazzZeitung","date":"2. M\u00e4rz 2021","format":false,"excerpt":"Man muss schon ein wenig st\u00f6bern \u2013 heutzutage nat\u00fcrlich ziemlich einfach \u2013 um dahinter zu kommen, was der M\u00fcnchner S\u00e4nger und Komponist Kilian Sladek mit dem Albumtitel ausdr\u00fccken will. \u201eSyllabulism\u201c liegt phonetisch nahe beim Wortbestandteil Silbe und beschreibt mit dem anglisierten Nomen den silbenweisen \u2013 syllabisch(en) \u2013 Gesang \u00fcber den\u2026","rel":"","context":"In &quot;Rezension&quot;","block_context":{"text":"Rezension","link":"https:\/\/www.jazzzeitung.de\/cms\/thema\/rezension\/"},"img":{"alt_text":"","src":"https:\/\/i0.wp.com\/www.jazzzeitung.de\/cms\/wp-content\/uploads\/2021\/03\/2020_KSL_SYL_Cover_3000x3000-scaled.jpg?fit=1200%2C1200&ssl=1&resize=350%2C200","width":350,"height":200,"srcset":"https:\/\/i0.wp.com\/www.jazzzeitung.de\/cms\/wp-content\/uploads\/2021\/03\/2020_KSL_SYL_Cover_3000x3000-scaled.jpg?fit=1200%2C1200&ssl=1&resize=350%2C200 1x, https:\/\/i0.wp.com\/www.jazzzeitung.de\/cms\/wp-content\/uploads\/2021\/03\/2020_KSL_SYL_Cover_3000x3000-scaled.jpg?fit=1200%2C1200&ssl=1&resize=525%2C300 1.5x, https:\/\/i0.wp.com\/www.jazzzeitung.de\/cms\/wp-content\/uploads\/2021\/03\/2020_KSL_SYL_Cover_3000x3000-scaled.jpg?fit=1200%2C1200&ssl=1&resize=700%2C400 2x, https:\/\/i0.wp.com\/www.jazzzeitung.de\/cms\/wp-content\/uploads\/2021\/03\/2020_KSL_SYL_Cover_3000x3000-scaled.jpg?fit=1200%2C1200&ssl=1&resize=1050%2C600 3x"},"classes":[]},{"id":18374,"url":"https:\/\/www.jazzzeitung.de\/cms\/2019\/01\/news-auftakt-des-bmw-welt-jazz-award-2019-in-muenchen\/","url_meta":{"origin":30439,"position":4},"title":"Auftakt des BMW Welt Jazz Award 2019 mit Jazzrausch-Techno","author":"Redaktion JazzZeitung","date":"18. Januar 2019","format":false,"excerpt":"M\u00fcnchen im Jazzrausch Mit einer ausgelassenen Tanzparty angefeuert von der Jazzrausch Bigband wurde am Donnerstag der Auftakt des BMW Welt Jazz Award 2019 gefeiert. Durch den Abend f\u00fchrten BR-Moderatorin Beate Sampson und Roman Sladek, Gewinner des BMW Welt Young Artist Jazz Award 2017. Jazzrausch begeisterte mit dem Programm \u201eDancing Wittgenstein\u201c,\u2026","rel":"","context":"In &quot;News&quot;","block_context":{"text":"News","link":"https:\/\/www.jazzzeitung.de\/cms\/thema\/nachrichten\/"},"img":{"alt_text":"","src":"https:\/\/i0.wp.com\/www.jazzzeitung.de\/cms\/wp-content\/uploads\/2019\/01\/JRBB-%40-BMW-Foto-TJ-Krebs-jazzphotoagency%40web.de_.jpg?fit=1200%2C800&ssl=1&resize=350%2C200","width":350,"height":200,"srcset":"https:\/\/i0.wp.com\/www.jazzzeitung.de\/cms\/wp-content\/uploads\/2019\/01\/JRBB-%40-BMW-Foto-TJ-Krebs-jazzphotoagency%40web.de_.jpg?fit=1200%2C800&ssl=1&resize=350%2C200 1x, https:\/\/i0.wp.com\/www.jazzzeitung.de\/cms\/wp-content\/uploads\/2019\/01\/JRBB-%40-BMW-Foto-TJ-Krebs-jazzphotoagency%40web.de_.jpg?fit=1200%2C800&ssl=1&resize=525%2C300 1.5x, https:\/\/i0.wp.com\/www.jazzzeitung.de\/cms\/wp-content\/uploads\/2019\/01\/JRBB-%40-BMW-Foto-TJ-Krebs-jazzphotoagency%40web.de_.jpg?fit=1200%2C800&ssl=1&resize=700%2C400 2x, https:\/\/i0.wp.com\/www.jazzzeitung.de\/cms\/wp-content\/uploads\/2019\/01\/JRBB-%40-BMW-Foto-TJ-Krebs-jazzphotoagency%40web.de_.jpg?fit=1200%2C800&ssl=1&resize=1050%2C600 3x"},"classes":[]},{"id":12815,"url":"https:\/\/www.jazzzeitung.de\/cms\/2017\/06\/musikalisches-elmsfeuer-auf-dem-technobeat\/","url_meta":{"origin":30439,"position":5},"title":"Musikalisches Elmsfeuer auf dem Technobeat","author":"Redaktion JazzZeitung","date":"30. Juni 2017","format":false,"excerpt":"Einer w\u00e4re wohl innerlich angewidert davongezogen. Mehr als hundert andere dagegen \u00fcberliessen sich lustvoll den harten Technobeats, mit denen die M\u00fcnchner Jazzrausch Bigband das Degginger in heftige Schwingungen versetzte. Der verstorbene Richard Wiedamann, eine Autorit\u00e4t in Sachen Jazz, sprach dem in den 90er Jahren aufgekommenen Techno und House jegliche Musikalit\u00e4t\u2026","rel":"","context":"In &quot;Bericht&quot;","block_context":{"text":"Bericht","link":"https:\/\/www.jazzzeitung.de\/cms\/thema\/bericht\/"},"img":{"alt_text":"","src":"https:\/\/i0.wp.com\/www.jazzzeitung.de\/cms\/wp-content\/uploads\/2017\/06\/Sladek-Roman_52-300x201.jpg?resize=350%2C200&ssl=1","width":350,"height":200},"classes":[]}],"jetpack_sharing_enabled":true,"_links":{"self":[{"href":"https:\/\/www.jazzzeitung.de\/cms\/wp-json\/wp\/v2\/posts\/30439","targetHints":{"allow":["GET"]}}],"collection":[{"href":"https:\/\/www.jazzzeitung.de\/cms\/wp-json\/wp\/v2\/posts"}],"about":[{"href":"https:\/\/www.jazzzeitung.de\/cms\/wp-json\/wp\/v2\/types\/post"}],"author":[{"embeddable":true,"href":"https:\/\/www.jazzzeitung.de\/cms\/wp-json\/wp\/v2\/users\/18"}],"replies":[{"embeddable":true,"href":"https:\/\/www.jazzzeitung.de\/cms\/wp-json\/wp\/v2\/comments?post=30439"}],"version-history":[{"count":3,"href":"https:\/\/www.jazzzeitung.de\/cms\/wp-json\/wp\/v2\/posts\/30439\/revisions"}],"predecessor-version":[{"id":30446,"href":"https:\/\/www.jazzzeitung.de\/cms\/wp-json\/wp\/v2\/posts\/30439\/revisions\/30446"}],"wp:featuredmedia":[{"embeddable":true,"href":"https:\/\/www.jazzzeitung.de\/cms\/wp-json\/wp\/v2\/media\/30441"}],"wp:attachment":[{"href":"https:\/\/www.jazzzeitung.de\/cms\/wp-json\/wp\/v2\/media?parent=30439"}],"wp:term":[{"taxonomy":"category","embeddable":true,"href":"https:\/\/www.jazzzeitung.de\/cms\/wp-json\/wp\/v2\/categories?post=30439"},{"taxonomy":"post_tag","embeddable":true,"href":"https:\/\/www.jazzzeitung.de\/cms\/wp-json\/wp\/v2\/tags?post=30439"},{"taxonomy":"author","embeddable":true,"href":"https:\/\/www.jazzzeitung.de\/cms\/wp-json\/wp\/v2\/coauthors?post=30439"}],"curies":[{"name":"wp","href":"https:\/\/api.w.org\/{rel}","templated":true}]}}